{"id":100,"date":"2011-11-22T13:28:27","date_gmt":"2011-11-22T13:28:27","guid":{"rendered":"https:\/\/sweet-mcclintock.194-60-87-163.plesk.page\/inmediasres\/2011\/11\/22\/znanstveni-simpozij-filozofija-medija-2011\/"},"modified":"2011-11-22T13:28:27","modified_gmt":"2011-11-22T13:28:27","slug":"znanstveni-simpozij-filozofija-medija-2011","status":"publish","type":"post","link":"https:\/\/centar-fm.org\/inmediasres\/index.php\/znanstveni-simpozij-filozofija-medija-2011\/","title":{"rendered":"Znanstveni simpozij FILOZOFIJA MEDIJA (2011)"},"content":{"rendered":"<p style=\"text-align: center;\"><strong>Znanstveni simpozij FILOZOFIJA MEDIJA (2011)<br \/> Pitanje utemeljenja, zasnivanja i\/ili otkrivanja<br \/>\nCres, Hotel Kimen 16.-18. 9. 2011.<\/strong><\/p>\n<p><center><iframe loading=\"lazy\" width=\"480\" height=\"360\" src=\"http:\/\/www.youtube.com\/embed\/tENrNp4O_ZE\" frameborder=\"1\" allowfullscreen=\"true\"><\/iframe><\/center><\/p>\n<p>&nbsp;<\/p>\n<p><center>Na snimci su dijelovi izlaganja dijela sudionika simpozija. Cjelovita izlaganja objavljena su u \u010dasopisu KULTURA Dio cjelovitih izlaganja objavljen je u elektroni\u010dkom \u010dasopisu In Medias Res Centra za filozofiju medija www.centar-fm.org<\/center><\/p>\n<p>&nbsp;<\/p>\n<p class=\"MsoNormal\" style=\"line-height: 170%;\">Svaki po\u010detak je te\u017eak. \u017delji organizatora simpozija da snime sva izlaganja isprije\u010dila se \u010dinjenica \u0161to je tehni\u010dki dio ekipe bio i<br \/>\nminimalan i istovremeno okupiran i drugim dimenzijama simpozija. Zato videom<br \/>\nnismo zabilje\u017eili niti sjajnu promociju Kulture u Creskoj kuli, ni no\u0107no<br \/>\nkupanje, ni ples salse, ni lijepe trenutke dru\u017eenja, razgovora uz simpozij. Kao<br \/>\nsje\u0107anje, In Medias Res nudi dijelove izlaganja nekih sudionika prvog simpozija,<br \/>\nuz obe\u0107anje da se ih na slijede\u0107em simpoziju biti vi\u0161e i da \u0107e prilozi sa<br \/>\nsimpozija biti raznovrsniji.<\/p>\n<p>&nbsp;<\/p>\n","protected":false},"excerpt":{"rendered":"<p>Znanstveni simpozij FILOZOFIJA MEDIJA (2011) Pitanje utemeljenja, zasnivanja i\/ili otkrivanja Cres, Hotel Kimen 16.-18. 9. 2011. &nbsp; Na snimci su dijelovi izlaganja dijela sudionika simpozija. Cjelovita izlaganja objavljena su u \u010dasopisu KULTURA Dio cjelovitih izlaganja objavljen je u elektroni\u010dkom \u010dasopisu In Medias Res Centra za filozofiju medija www.centar-fm.org &nbsp; Svaki po\u010detak je te\u017eak. \u017delji organizatora [&hellip;]<\/p>\n","protected":false},"author":2,"featured_media":0,"comment_status":"open","ping_status":"open","sticky":false,"template":"","format":"standard","meta":{"_acf_changed":false,"_et_pb_use_builder":"","_et_pb_old_content":"","_et_gb_content_width":"","footnotes":""},"categories":[28],"tags":[150,151,149],"class_list":["post-100","post","type-post","status-publish","format-standard","hentry","category-in-medias-res-broj-1","tag-cres","tag-hotel-kimen-16-18-9-2011","tag-znanstveni-simpozij-filozofija-medija","et-doesnt-have-format-content","et_post_format-et-post-format-standard"],"acf":[],"yoast_head":"<!-- This site is optimized with the Yoast SEO plugin v27.4 - https:\/\/yoast.com\/product\/yoast-seo-wordpress\/ -->\n<title>Znanstveni simpozij FILOZOFIJA MEDIJA (2011) - In Medias Res - \u010casopis centra za filozofiju medija<\/title>\n<meta name=\"robots\" content=\"index, follow, max-snippet:-1, max-image-preview:large, max-video-preview:-1\" \/>\n<link rel=\"canonical\" href=\"https:\/\/centar-fm.org\/inmediasres\/index.php\/znanstveni-simpozij-filozofija-medija-2011\/\" \/>\n<meta property=\"og:locale\" content=\"en_US\" \/>\n<meta property=\"og:type\" content=\"article\" \/>\n<meta property=\"og:title\" content=\"Znanstveni simpozij FILOZOFIJA MEDIJA (2011) - In Medias Res - \u010casopis centra za filozofiju medija\" \/>\n<meta property=\"og:description\" content=\"Znanstveni simpozij FILOZOFIJA MEDIJA (2011) Pitanje utemeljenja, zasnivanja i\/ili otkrivanja Cres, Hotel Kimen 16.-18. 9. 2011. &nbsp; Na snimci su dijelovi izlaganja dijela sudionika simpozija. Cjelovita izlaganja objavljena su u \u010dasopisu KULTURA Dio cjelovitih izlaganja objavljen je u elektroni\u010dkom \u010dasopisu In Medias Res Centra za filozofiju medija www.centar-fm.org &nbsp; Svaki po\u010detak je te\u017eak. \u017delji organizatora [&hellip;]\" \/>\n<meta property=\"og:url\" content=\"https:\/\/centar-fm.org\/inmediasres\/index.php\/znanstveni-simpozij-filozofija-medija-2011\/\" \/>\n<meta property=\"og:site_name\" content=\"In Medias Res - \u010casopis centra za filozofiju medija\" \/>\n<meta property=\"article:published_time\" content=\"2011-11-22T13:28:27+00:00\" \/>\n<meta name=\"author\" content=\"Super User\" \/>\n<meta name=\"twitter:card\" content=\"summary_large_image\" \/>\n<meta name=\"twitter:label1\" content=\"Written by\" \/>\n\t<meta name=\"twitter:data1\" content=\"Super User\" \/>\n\t<meta name=\"twitter:label2\" content=\"Est. reading time\" \/>\n\t<meta name=\"twitter:data2\" content=\"1 minute\" \/>\n<script type=\"application\/ld+json\" class=\"yoast-schema-graph\">{\"@context\":\"https:\\\/\\\/schema.org\",\"@graph\":[{\"@type\":\"Article\",\"@id\":\"https:\\\/\\\/centar-fm.org\\\/inmediasres\\\/index.php\\\/znanstveni-simpozij-filozofija-medija-2011\\\/#article\",\"isPartOf\":{\"@id\":\"https:\\\/\\\/centar-fm.org\\\/inmediasres\\\/index.php\\\/znanstveni-simpozij-filozofija-medija-2011\\\/\"},\"author\":{\"name\":\"Super User\",\"@id\":\"https:\\\/\\\/centar-fm.org\\\/inmediasres\\\/#\\\/schema\\\/person\\\/ae49dcc23965665608f66120db8245a4\"},\"headline\":\"Znanstveni simpozij FILOZOFIJA MEDIJA (2011)\",\"datePublished\":\"2011-11-22T13:28:27+00:00\",\"mainEntityOfPage\":{\"@id\":\"https:\\\/\\\/centar-fm.org\\\/inmediasres\\\/index.php\\\/znanstveni-simpozij-filozofija-medija-2011\\\/\"},\"wordCount\":149,\"commentCount\":0,\"keywords\":[\"Cres\",\"Hotel Kimen 16.-18. 9. 2011.\",\"Znanstveni simpozij FILOZOFIJA MEDIJA\"],\"articleSection\":[\"In Medias Res broj 1\"],\"inLanguage\":\"en-US\",\"potentialAction\":[{\"@type\":\"CommentAction\",\"name\":\"Comment\",\"target\":[\"https:\\\/\\\/centar-fm.org\\\/inmediasres\\\/index.php\\\/znanstveni-simpozij-filozofija-medija-2011\\\/#respond\"]}]},{\"@type\":\"WebPage\",\"@id\":\"https:\\\/\\\/centar-fm.org\\\/inmediasres\\\/index.php\\\/znanstveni-simpozij-filozofija-medija-2011\\\/\",\"url\":\"https:\\\/\\\/centar-fm.org\\\/inmediasres\\\/index.php\\\/znanstveni-simpozij-filozofija-medija-2011\\\/\",\"name\":\"Znanstveni simpozij FILOZOFIJA MEDIJA (2011) - In Medias Res - \u010casopis centra za filozofiju medija\",\"isPartOf\":{\"@id\":\"https:\\\/\\\/centar-fm.org\\\/inmediasres\\\/#website\"},\"datePublished\":\"2011-11-22T13:28:27+00:00\",\"author\":{\"@id\":\"https:\\\/\\\/centar-fm.org\\\/inmediasres\\\/#\\\/schema\\\/person\\\/ae49dcc23965665608f66120db8245a4\"},\"breadcrumb\":{\"@id\":\"https:\\\/\\\/centar-fm.org\\\/inmediasres\\\/index.php\\\/znanstveni-simpozij-filozofija-medija-2011\\\/#breadcrumb\"},\"inLanguage\":\"en-US\",\"potentialAction\":[{\"@type\":\"ReadAction\",\"target\":[\"https:\\\/\\\/centar-fm.org\\\/inmediasres\\\/index.php\\\/znanstveni-simpozij-filozofija-medija-2011\\\/\"]}]},{\"@type\":\"BreadcrumbList\",\"@id\":\"https:\\\/\\\/centar-fm.org\\\/inmediasres\\\/index.php\\\/znanstveni-simpozij-filozofija-medija-2011\\\/#breadcrumb\",\"itemListElement\":[{\"@type\":\"ListItem\",\"position\":1,\"name\":\"Po\u010detna stranica\",\"item\":\"https:\\\/\\\/centar-fm.org\\\/inmediasres\\\/\"},{\"@type\":\"ListItem\",\"position\":2,\"name\":\"Znanstveni simpozij FILOZOFIJA MEDIJA (2011)\"}]},{\"@type\":\"WebSite\",\"@id\":\"https:\\\/\\\/centar-fm.org\\\/inmediasres\\\/#website\",\"url\":\"https:\\\/\\\/centar-fm.org\\\/inmediasres\\\/\",\"name\":\"In Medias Res - \u010casopis centra za filozofiju medija\",\"description\":\"\",\"potentialAction\":[{\"@type\":\"SearchAction\",\"target\":{\"@type\":\"EntryPoint\",\"urlTemplate\":\"https:\\\/\\\/centar-fm.org\\\/inmediasres\\\/?s={search_term_string}\"},\"query-input\":{\"@type\":\"PropertyValueSpecification\",\"valueRequired\":true,\"valueName\":\"search_term_string\"}}],\"inLanguage\":\"en-US\"},{\"@type\":\"Person\",\"@id\":\"https:\\\/\\\/centar-fm.org\\\/inmediasres\\\/#\\\/schema\\\/person\\\/ae49dcc23965665608f66120db8245a4\",\"name\":\"Super User\",\"image\":{\"@type\":\"ImageObject\",\"inLanguage\":\"en-US\",\"@id\":\"https:\\\/\\\/secure.gravatar.com\\\/avatar\\\/5ac3fc5ccca7755fa3f558fed4a39be2232c6585e68bd398c790d57375dde921?s=96&d=mm&r=g\",\"url\":\"https:\\\/\\\/secure.gravatar.com\\\/avatar\\\/5ac3fc5ccca7755fa3f558fed4a39be2232c6585e68bd398c790d57375dde921?s=96&d=mm&r=g\",\"contentUrl\":\"https:\\\/\\\/secure.gravatar.com\\\/avatar\\\/5ac3fc5ccca7755fa3f558fed4a39be2232c6585e68bd398c790d57375dde921?s=96&d=mm&r=g\",\"caption\":\"Super User\"},\"url\":\"https:\\\/\\\/centar-fm.org\\\/inmediasres\\\/index.php\\\/author\\\/amynovcfmweb\\\/\"}]}<\/script>\n<!-- \/ Yoast SEO plugin. -->","yoast_head_json":{"title":"Znanstveni simpozij FILOZOFIJA MEDIJA (2011) - In Medias Res - \u010casopis centra za filozofiju medija","robots":{"index":"index","follow":"follow","max-snippet":"max-snippet:-1","max-image-preview":"max-image-preview:large","max-video-preview":"max-video-preview:-1"},"canonical":"https:\/\/centar-fm.org\/inmediasres\/index.php\/znanstveni-simpozij-filozofija-medija-2011\/","og_locale":"en_US","og_type":"article","og_title":"Znanstveni simpozij FILOZOFIJA MEDIJA (2011) - In Medias Res - \u010casopis centra za filozofiju medija","og_description":"Znanstveni simpozij FILOZOFIJA MEDIJA (2011) Pitanje utemeljenja, zasnivanja i\/ili otkrivanja Cres, Hotel Kimen 16.-18. 9. 2011. &nbsp; Na snimci su dijelovi izlaganja dijela sudionika simpozija. Cjelovita izlaganja objavljena su u \u010dasopisu KULTURA Dio cjelovitih izlaganja objavljen je u elektroni\u010dkom \u010dasopisu In Medias Res Centra za filozofiju medija www.centar-fm.org &nbsp; Svaki po\u010detak je te\u017eak. \u017delji organizatora [&hellip;]","og_url":"https:\/\/centar-fm.org\/inmediasres\/index.php\/znanstveni-simpozij-filozofija-medija-2011\/","og_site_name":"In Medias Res - \u010casopis centra za filozofiju medija","article_published_time":"2011-11-22T13:28:27+00:00","author":"Super User","twitter_card":"summary_large_image","twitter_misc":{"Written by":"Super User","Est. reading time":"1 minute"},"schema":{"@context":"https:\/\/schema.org","@graph":[{"@type":"Article","@id":"https:\/\/centar-fm.org\/inmediasres\/index.php\/znanstveni-simpozij-filozofija-medija-2011\/#article","isPartOf":{"@id":"https:\/\/centar-fm.org\/inmediasres\/index.php\/znanstveni-simpozij-filozofija-medija-2011\/"},"author":{"name":"Super User","@id":"https:\/\/centar-fm.org\/inmediasres\/#\/schema\/person\/ae49dcc23965665608f66120db8245a4"},"headline":"Znanstveni simpozij FILOZOFIJA MEDIJA (2011)","datePublished":"2011-11-22T13:28:27+00:00","mainEntityOfPage":{"@id":"https:\/\/centar-fm.org\/inmediasres\/index.php\/znanstveni-simpozij-filozofija-medija-2011\/"},"wordCount":149,"commentCount":0,"keywords":["Cres","Hotel Kimen 16.-18. 9. 2011.","Znanstveni simpozij FILOZOFIJA MEDIJA"],"articleSection":["In Medias Res broj 1"],"inLanguage":"en-US","potentialAction":[{"@type":"CommentAction","name":"Comment","target":["https:\/\/centar-fm.org\/inmediasres\/index.php\/znanstveni-simpozij-filozofija-medija-2011\/#respond"]}]},{"@type":"WebPage","@id":"https:\/\/centar-fm.org\/inmediasres\/index.php\/znanstveni-simpozij-filozofija-medija-2011\/","url":"https:\/\/centar-fm.org\/inmediasres\/index.php\/znanstveni-simpozij-filozofija-medija-2011\/","name":"Znanstveni simpozij FILOZOFIJA MEDIJA (2011) - In Medias Res - \u010casopis centra za filozofiju medija","isPartOf":{"@id":"https:\/\/centar-fm.org\/inmediasres\/#website"},"datePublished":"2011-11-22T13:28:27+00:00","author":{"@id":"https:\/\/centar-fm.org\/inmediasres\/#\/schema\/person\/ae49dcc23965665608f66120db8245a4"},"breadcrumb":{"@id":"https:\/\/centar-fm.org\/inmediasres\/index.php\/znanstveni-simpozij-filozofija-medija-2011\/#breadcrumb"},"inLanguage":"en-US","potentialAction":[{"@type":"ReadAction","target":["https:\/\/centar-fm.org\/inmediasres\/index.php\/znanstveni-simpozij-filozofija-medija-2011\/"]}]},{"@type":"BreadcrumbList","@id":"https:\/\/centar-fm.org\/inmediasres\/index.php\/znanstveni-simpozij-filozofija-medija-2011\/#breadcrumb","itemListElement":[{"@type":"ListItem","position":1,"name":"Po\u010detna stranica","item":"https:\/\/centar-fm.org\/inmediasres\/"},{"@type":"ListItem","position":2,"name":"Znanstveni simpozij FILOZOFIJA MEDIJA (2011)"}]},{"@type":"WebSite","@id":"https:\/\/centar-fm.org\/inmediasres\/#website","url":"https:\/\/centar-fm.org\/inmediasres\/","name":"In Medias Res - \u010casopis centra za filozofiju medija","description":"","potentialAction":[{"@type":"SearchAction","target":{"@type":"EntryPoint","urlTemplate":"https:\/\/centar-fm.org\/inmediasres\/?s={search_term_string}"},"query-input":{"@type":"PropertyValueSpecification","valueRequired":true,"valueName":"search_term_string"}}],"inLanguage":"en-US"},{"@type":"Person","@id":"https:\/\/centar-fm.org\/inmediasres\/#\/schema\/person\/ae49dcc23965665608f66120db8245a4","name":"Super User","image":{"@type":"ImageObject","inLanguage":"en-US","@id":"https:\/\/secure.gravatar.com\/avatar\/5ac3fc5ccca7755fa3f558fed4a39be2232c6585e68bd398c790d57375dde921?s=96&d=mm&r=g","url":"https:\/\/secure.gravatar.com\/avatar\/5ac3fc5ccca7755fa3f558fed4a39be2232c6585e68bd398c790d57375dde921?s=96&d=mm&r=g","contentUrl":"https:\/\/secure.gravatar.com\/avatar\/5ac3fc5ccca7755fa3f558fed4a39be2232c6585e68bd398c790d57375dde921?s=96&d=mm&r=g","caption":"Super User"},"url":"https:\/\/centar-fm.org\/inmediasres\/index.php\/author\/amynovcfmweb\/"}]}},"_links":{"self":[{"href":"https:\/\/centar-fm.org\/inmediasres\/index.php\/wp-json\/wp\/v2\/posts\/100","targetHints":{"allow":["GET"]}}],"collection":[{"href":"https:\/\/centar-fm.org\/inmediasres\/index.php\/wp-json\/wp\/v2\/posts"}],"about":[{"href":"https:\/\/centar-fm.org\/inmediasres\/index.php\/wp-json\/wp\/v2\/types\/post"}],"author":[{"embeddable":true,"href":"https:\/\/centar-fm.org\/inmediasres\/index.php\/wp-json\/wp\/v2\/users\/2"}],"replies":[{"embeddable":true,"href":"https:\/\/centar-fm.org\/inmediasres\/index.php\/wp-json\/wp\/v2\/comments?post=100"}],"version-history":[{"count":0,"href":"https:\/\/centar-fm.org\/inmediasres\/index.php\/wp-json\/wp\/v2\/posts\/100\/revisions"}],"wp:attachment":[{"href":"https:\/\/centar-fm.org\/inmediasres\/index.php\/wp-json\/wp\/v2\/media?parent=100"}],"wp:term":[{"taxonomy":"category","embeddable":true,"href":"https:\/\/centar-fm.org\/inmediasres\/index.php\/wp-json\/wp\/v2\/categories?post=100"},{"taxonomy":"post_tag","embeddable":true,"href":"https:\/\/centar-fm.org\/inmediasres\/index.php\/wp-json\/wp\/v2\/tags?post=100"}],"curies":[{"name":"wp","href":"https:\/\/api.w.org\/{rel}","templated":true}]}}