{"id":101,"date":"2011-11-22T13:28:27","date_gmt":"2011-11-22T13:28:27","guid":{"rendered":"https:\/\/sweet-mcclintock.194-60-87-163.plesk.page\/inmediasres\/2011\/11\/22\/urednistvo\/"},"modified":"2011-11-22T13:28:27","modified_gmt":"2011-11-22T13:28:27","slug":"urednistvo","status":"publish","type":"post","link":"https:\/\/centar-fm.org\/inmediasres\/index.php\/urednistvo\/","title":{"rendered":"Uredni\u0161tvo"},"content":{"rendered":"<p style=\"text-align: center; line-height: 170%;\">ISSN 1848-6304<\/p>\n<p style=\"text-align: center; line-height: 170%;\">UDK \/ UDC 316.774:1<\/p>\n<p style=\"text-align: center; line-height: 40%;\" align=\"center\">&nbsp;<\/p>\n<p style=\"text-align: center; line-height: 150%;\"><strong>Izdava\u010d \u010dasopisa:<\/strong><\/p>\n<p style=\"text-align: center; line-height: 150%;\" align=\"center\">Centar za filozofiju medija i mediolo\u0161ka istra\u017eivanja (Zagreb)<\/p>\n<p style=\"text-align: center; line-height: 150%;\" align=\"center\"><a href=\"http:\/\/www.centar-fm.org\">www.centar-fm.org<\/a><\/p>\n<p style=\"text-align: center; line-height: 50%;\" align=\"center\">&nbsp;<\/p>\n<p style=\"text-align: center; line-height: 150%;\" align=\"center\"><strong>Glavni i odgovorni urednik:<\/strong><\/p>\n<p style=\"text-align: center; line-height: 150%;\" align=\"center\">Sead Ali\u0107\n<\/p>\n<p style=\"text-align: center; line-height: 150%;\" align=\"center\"><a href=\"http:\/\/www.seadalic.com\">www.seadalic.com<\/a><\/p>\n<p style=\"text-align: center; line-height: 150%;\" align=\"center\"><a href=\"mailto:inmediasres@centar-fm.org\">inmediasres@centar-fm.org<\/a><\/p>\n<p style=\"text-align: center; line-height: 50%;\" align=\"center\">&nbsp;<\/p>\n<p style=\"text-align: center; line-height: 150%;\" align=\"center\"><strong>Zamjenik glavnog i odgovornog urednika:<\/strong><\/p>\n<p style=\"text-align: center; line-height: 150%;\" align=\"center\">Fulvio \u0160uran<\/p>\n<p style=\"text-align: center; line-height: 150%;\" align=\"center\"><a href=\"mailto:fulvio.suran@unipu.hr\">fulvio.suran@unipu.hr<\/a><\/p>\n<p style=\"text-align: center; line-height: 50%;\" align=\"center\">&nbsp;<\/p>\n<p style=\"text-align: center; line-height: 150%;\" align=\"center\"><strong>Izvr\u0161ni urednik:<\/strong><\/p>\n<p style=\"text-align: center; line-height: 150%;\" align=\"center\">Nenad Vertov\u0161ek\n<\/p>\n<p style=\"text-align: center; line-height: 150%;\" align=\"center\"><a href=\"mailto:nenad.vertovsek@gmail.com\">nenad.vertovsek@gmail.com<\/a><\/p>\n<p style=\"text-align: center; line-height: 50%;\" align=\"center\">&nbsp;<\/p>\n<p style=\"text-align: center; line-height: 150%;\" align=\"center\"><strong>Tajnik uredni\u0161tva:<\/strong><\/p>\n<p style=\"text-align: center; line-height: 150%;\" align=\"center\">Sre\u0107ko Brdov\u010dak Mac\n<\/p>\n<p style=\"text-align: center; line-height: 150%;\" align=\"center\"><a href=\"mailto:mac@centar-fm.org\">mac@centar-fm.org<\/a><\/p>\n<p style=\"text-align: center; line-height: 50%;\" align=\"center\">&nbsp;<\/p>\n<p style=\"text-align: center; line-height: 150%;\" align=\"center\"><strong>Uredni\u0161tvo:<\/strong><br \/> <br \/>\nFrank Hartman (Sveu\u010dili\u0161te Bauhaus Weimar, Njema\u010dka), Predrag Finci (Engleska), Herta Maurer-Lausegger (Sveu\u010dili\u0161te Alpen-Adria Klagenfurt, Institut slavisti\u010dkih studija, Austrija), Izidora Leber (Samostalni umjetnik, \u0160vicarska), \u017deljko Rutovi\u0107 (Crna Gora), Lino Veljak ( Hrvatska), \u0110or\u0111e Obradovi\u0107 (Sveu\u010dili\u0161te u Dubrovniku, Hrvatska), Ru\u017eica \u010ci\u010dak-Chand (Institut za migracije i narodnosti, Hrvatska), Jure Vuji\u0107 (Institut za geopolitiku i strate\u0161ka istra\u017eivanja, Hrvatska), Sead Ali\u0107 (Sveu\u010dili\u0161te Sjever, Hrvatska)<\/p>\n<p class=\"MsoNormal\" style=\"text-align: center; line-height: 150%;\" align=\"center\"><a href=\"mailto:inmediasres@centar-fm.org\">inmediasres@centar-fm.org<\/a><\/p>\n<p style=\"text-align: center; line-height: 50%;\" align=\"center\">&nbsp;<\/p>\n<p style=\"text-align: center; line-height: 150%;\" align=\"center\"><strong>Lektori i korektori:<\/strong><\/p>\n<p style=\"text-align: center; line-height: 150%;\" align=\"center\">Majda Kova\u010d<\/p>\n<p class=\"MsoNormal\" style=\"text-align: center; line-height: 150%;\" align=\"center\"><a href=\"mailto:majda.kov@gmail.com\">majda.kov@gmail.com<\/a><\/p>\n<p style=\"text-align: center; line-height: 150%;\" align=\"center\">Vesna Ivezi\u0107 \n<\/p>\n<p style=\"text-align: center; line-height: 150%;\" align=\"center\"> <a href=\"mailto:vesna.ivezic9@gmail.com\">vesna.ivezic9@gmail.com<\/a><\/p>\n<p style=\"text-align: center; line-height: 50%;\" align=\"center\">&nbsp;<\/p>\n<p style=\"text-align: center; line-height: 150%;\" align=\"center\"><strong>Prijelom i postavljanje na web:<\/strong><\/p>\n<p style=\"text-align: center; line-height: 150%;\" align=\"center\">ing. Amir Ahmeta\u0161evi\u0107<\/p>\n<p style=\"text-align: center; line-height: 150%;\" align=\"center\"><a href=\"mailto:amir@centar-fm.org\">amir@centar-fm.org<\/a><\/p>\n<p style=\"text-align: center; line-height: 50%;\" align=\"center\">&nbsp;<\/p>\n<p style=\"text-align: center; line-height: 150%;\" align=\"center\"><strong>Likovno rje\u0161enje naslovnice prvog broja:<\/strong><\/p>\n<p style=\"text-align: center; line-height: 150%;\" align=\"center\"> Nora Moja\u0161 i Venes Ali\u0107<\/p>\n<p style=\"line-height: 150%;\">&nbsp;<\/p>\n","protected":false},"excerpt":{"rendered":"<p>ISSN 1848-6304 UDK \/ UDC 316.774:1 &nbsp; Izdava\u010d \u010dasopisa: Centar za filozofiju medija i mediolo\u0161ka istra\u017eivanja (Zagreb) www.centar-fm.org &nbsp; Glavni i odgovorni urednik: Sead Ali\u0107 www.seadalic.com inmediasres@centar-fm.org &nbsp; Zamjenik glavnog i odgovornog urednika: Fulvio \u0160uran fulvio.suran@unipu.hr &nbsp; Izvr\u0161ni urednik: Nenad Vertov\u0161ek nenad.vertovsek@gmail.com &nbsp; Tajnik uredni\u0161tva: Sre\u0107ko Brdov\u010dak Mac mac@centar-fm.org &nbsp; Uredni\u0161tvo: Frank Hartman (Sveu\u010dili\u0161te Bauhaus [&hellip;]<\/p>\n","protected":false},"author":2,"featured_media":0,"comment_status":"open","ping_status":"open","sticky":false,"template":"","format":"standard","meta":{"_acf_changed":false,"_et_pb_use_builder":"","_et_pb_old_content":"","_et_gb_content_width":"","footnotes":""},"categories":[30],"tags":[],"class_list":["post-101","post","type-post","status-publish","format-standard","hentry","category-urednistvo","et-doesnt-have-format-content","et_post_format-et-post-format-standard"],"acf":[],"yoast_head":"<!-- This site is optimized with the Yoast SEO plugin v27.4 - https:\/\/yoast.com\/product\/yoast-seo-wordpress\/ -->\n<title>Uredni\u0161tvo - In Medias Res - \u010casopis centra za filozofiju medija<\/title>\n<meta name=\"robots\" content=\"index, follow, max-snippet:-1, max-image-preview:large, max-video-preview:-1\" \/>\n<link rel=\"canonical\" href=\"https:\/\/centar-fm.org\/inmediasres\/index.php\/urednistvo\/\" \/>\n<meta property=\"og:locale\" content=\"en_US\" \/>\n<meta property=\"og:type\" content=\"article\" \/>\n<meta property=\"og:title\" content=\"Uredni\u0161tvo - In Medias Res - \u010casopis centra za filozofiju medija\" \/>\n<meta property=\"og:description\" content=\"ISSN 1848-6304 UDK \/ UDC 316.774:1 &nbsp; Izdava\u010d \u010dasopisa: Centar za filozofiju medija i mediolo\u0161ka istra\u017eivanja (Zagreb) www.centar-fm.org &nbsp; Glavni i odgovorni urednik: Sead Ali\u0107 www.seadalic.com inmediasres@centar-fm.org &nbsp; Zamjenik glavnog i odgovornog urednika: Fulvio \u0160uran fulvio.suran@unipu.hr &nbsp; Izvr\u0161ni urednik: Nenad Vertov\u0161ek nenad.vertovsek@gmail.com &nbsp; Tajnik uredni\u0161tva: Sre\u0107ko Brdov\u010dak Mac mac@centar-fm.org &nbsp; Uredni\u0161tvo: Frank Hartman (Sveu\u010dili\u0161te Bauhaus [&hellip;]\" \/>\n<meta property=\"og:url\" content=\"https:\/\/centar-fm.org\/inmediasres\/index.php\/urednistvo\/\" \/>\n<meta property=\"og:site_name\" content=\"In Medias Res - \u010casopis centra za filozofiju medija\" \/>\n<meta property=\"article:published_time\" content=\"2011-11-22T13:28:27+00:00\" \/>\n<meta name=\"author\" content=\"Super User\" \/>\n<meta name=\"twitter:card\" content=\"summary_large_image\" \/>\n<meta name=\"twitter:label1\" content=\"Written by\" \/>\n\t<meta name=\"twitter:data1\" content=\"Super User\" \/>\n\t<meta name=\"twitter:label2\" content=\"Est. reading time\" \/>\n\t<meta name=\"twitter:data2\" content=\"1 minute\" \/>\n<script type=\"application\/ld+json\" class=\"yoast-schema-graph\">{\"@context\":\"https:\\\/\\\/schema.org\",\"@graph\":[{\"@type\":\"Article\",\"@id\":\"https:\\\/\\\/centar-fm.org\\\/inmediasres\\\/index.php\\\/urednistvo\\\/#article\",\"isPartOf\":{\"@id\":\"https:\\\/\\\/centar-fm.org\\\/inmediasres\\\/index.php\\\/urednistvo\\\/\"},\"author\":{\"name\":\"Super User\",\"@id\":\"https:\\\/\\\/centar-fm.org\\\/inmediasres\\\/#\\\/schema\\\/person\\\/ae49dcc23965665608f66120db8245a4\"},\"headline\":\"Uredni\u0161tvo\",\"datePublished\":\"2011-11-22T13:28:27+00:00\",\"mainEntityOfPage\":{\"@id\":\"https:\\\/\\\/centar-fm.org\\\/inmediasres\\\/index.php\\\/urednistvo\\\/\"},\"wordCount\":191,\"commentCount\":0,\"articleSection\":[\"Uredni\u0161tvo\"],\"inLanguage\":\"en-US\",\"potentialAction\":[{\"@type\":\"CommentAction\",\"name\":\"Comment\",\"target\":[\"https:\\\/\\\/centar-fm.org\\\/inmediasres\\\/index.php\\\/urednistvo\\\/#respond\"]}]},{\"@type\":\"WebPage\",\"@id\":\"https:\\\/\\\/centar-fm.org\\\/inmediasres\\\/index.php\\\/urednistvo\\\/\",\"url\":\"https:\\\/\\\/centar-fm.org\\\/inmediasres\\\/index.php\\\/urednistvo\\\/\",\"name\":\"Uredni\u0161tvo - In Medias Res - \u010casopis centra za filozofiju medija\",\"isPartOf\":{\"@id\":\"https:\\\/\\\/centar-fm.org\\\/inmediasres\\\/#website\"},\"datePublished\":\"2011-11-22T13:28:27+00:00\",\"author\":{\"@id\":\"https:\\\/\\\/centar-fm.org\\\/inmediasres\\\/#\\\/schema\\\/person\\\/ae49dcc23965665608f66120db8245a4\"},\"breadcrumb\":{\"@id\":\"https:\\\/\\\/centar-fm.org\\\/inmediasres\\\/index.php\\\/urednistvo\\\/#breadcrumb\"},\"inLanguage\":\"en-US\",\"potentialAction\":[{\"@type\":\"ReadAction\",\"target\":[\"https:\\\/\\\/centar-fm.org\\\/inmediasres\\\/index.php\\\/urednistvo\\\/\"]}]},{\"@type\":\"BreadcrumbList\",\"@id\":\"https:\\\/\\\/centar-fm.org\\\/inmediasres\\\/index.php\\\/urednistvo\\\/#breadcrumb\",\"itemListElement\":[{\"@type\":\"ListItem\",\"position\":1,\"name\":\"Po\u010detna stranica\",\"item\":\"https:\\\/\\\/centar-fm.org\\\/inmediasres\\\/\"},{\"@type\":\"ListItem\",\"position\":2,\"name\":\"Uredni\u0161tvo\"}]},{\"@type\":\"WebSite\",\"@id\":\"https:\\\/\\\/centar-fm.org\\\/inmediasres\\\/#website\",\"url\":\"https:\\\/\\\/centar-fm.org\\\/inmediasres\\\/\",\"name\":\"In Medias Res - \u010casopis centra za filozofiju medija\",\"description\":\"\",\"potentialAction\":[{\"@type\":\"SearchAction\",\"target\":{\"@type\":\"EntryPoint\",\"urlTemplate\":\"https:\\\/\\\/centar-fm.org\\\/inmediasres\\\/?s={search_term_string}\"},\"query-input\":{\"@type\":\"PropertyValueSpecification\",\"valueRequired\":true,\"valueName\":\"search_term_string\"}}],\"inLanguage\":\"en-US\"},{\"@type\":\"Person\",\"@id\":\"https:\\\/\\\/centar-fm.org\\\/inmediasres\\\/#\\\/schema\\\/person\\\/ae49dcc23965665608f66120db8245a4\",\"name\":\"Super User\",\"image\":{\"@type\":\"ImageObject\",\"inLanguage\":\"en-US\",\"@id\":\"https:\\\/\\\/secure.gravatar.com\\\/avatar\\\/5ac3fc5ccca7755fa3f558fed4a39be2232c6585e68bd398c790d57375dde921?s=96&d=mm&r=g\",\"url\":\"https:\\\/\\\/secure.gravatar.com\\\/avatar\\\/5ac3fc5ccca7755fa3f558fed4a39be2232c6585e68bd398c790d57375dde921?s=96&d=mm&r=g\",\"contentUrl\":\"https:\\\/\\\/secure.gravatar.com\\\/avatar\\\/5ac3fc5ccca7755fa3f558fed4a39be2232c6585e68bd398c790d57375dde921?s=96&d=mm&r=g\",\"caption\":\"Super User\"},\"url\":\"https:\\\/\\\/centar-fm.org\\\/inmediasres\\\/index.php\\\/author\\\/amynovcfmweb\\\/\"}]}<\/script>\n<!-- \/ Yoast SEO plugin. -->","yoast_head_json":{"title":"Uredni\u0161tvo - In Medias Res - \u010casopis centra za filozofiju medija","robots":{"index":"index","follow":"follow","max-snippet":"max-snippet:-1","max-image-preview":"max-image-preview:large","max-video-preview":"max-video-preview:-1"},"canonical":"https:\/\/centar-fm.org\/inmediasres\/index.php\/urednistvo\/","og_locale":"en_US","og_type":"article","og_title":"Uredni\u0161tvo - In Medias Res - \u010casopis centra za filozofiju medija","og_description":"ISSN 1848-6304 UDK \/ UDC 316.774:1 &nbsp; Izdava\u010d \u010dasopisa: Centar za filozofiju medija i mediolo\u0161ka istra\u017eivanja (Zagreb) www.centar-fm.org &nbsp; Glavni i odgovorni urednik: Sead Ali\u0107 www.seadalic.com inmediasres@centar-fm.org &nbsp; Zamjenik glavnog i odgovornog urednika: Fulvio \u0160uran fulvio.suran@unipu.hr &nbsp; Izvr\u0161ni urednik: Nenad Vertov\u0161ek nenad.vertovsek@gmail.com &nbsp; Tajnik uredni\u0161tva: Sre\u0107ko Brdov\u010dak Mac mac@centar-fm.org &nbsp; Uredni\u0161tvo: Frank Hartman (Sveu\u010dili\u0161te Bauhaus [&hellip;]","og_url":"https:\/\/centar-fm.org\/inmediasres\/index.php\/urednistvo\/","og_site_name":"In Medias Res - \u010casopis centra za filozofiju medija","article_published_time":"2011-11-22T13:28:27+00:00","author":"Super User","twitter_card":"summary_large_image","twitter_misc":{"Written by":"Super User","Est. reading time":"1 minute"},"schema":{"@context":"https:\/\/schema.org","@graph":[{"@type":"Article","@id":"https:\/\/centar-fm.org\/inmediasres\/index.php\/urednistvo\/#article","isPartOf":{"@id":"https:\/\/centar-fm.org\/inmediasres\/index.php\/urednistvo\/"},"author":{"name":"Super User","@id":"https:\/\/centar-fm.org\/inmediasres\/#\/schema\/person\/ae49dcc23965665608f66120db8245a4"},"headline":"Uredni\u0161tvo","datePublished":"2011-11-22T13:28:27+00:00","mainEntityOfPage":{"@id":"https:\/\/centar-fm.org\/inmediasres\/index.php\/urednistvo\/"},"wordCount":191,"commentCount":0,"articleSection":["Uredni\u0161tvo"],"inLanguage":"en-US","potentialAction":[{"@type":"CommentAction","name":"Comment","target":["https:\/\/centar-fm.org\/inmediasres\/index.php\/urednistvo\/#respond"]}]},{"@type":"WebPage","@id":"https:\/\/centar-fm.org\/inmediasres\/index.php\/urednistvo\/","url":"https:\/\/centar-fm.org\/inmediasres\/index.php\/urednistvo\/","name":"Uredni\u0161tvo - In Medias Res - \u010casopis centra za filozofiju medija","isPartOf":{"@id":"https:\/\/centar-fm.org\/inmediasres\/#website"},"datePublished":"2011-11-22T13:28:27+00:00","author":{"@id":"https:\/\/centar-fm.org\/inmediasres\/#\/schema\/person\/ae49dcc23965665608f66120db8245a4"},"breadcrumb":{"@id":"https:\/\/centar-fm.org\/inmediasres\/index.php\/urednistvo\/#breadcrumb"},"inLanguage":"en-US","potentialAction":[{"@type":"ReadAction","target":["https:\/\/centar-fm.org\/inmediasres\/index.php\/urednistvo\/"]}]},{"@type":"BreadcrumbList","@id":"https:\/\/centar-fm.org\/inmediasres\/index.php\/urednistvo\/#breadcrumb","itemListElement":[{"@type":"ListItem","position":1,"name":"Po\u010detna stranica","item":"https:\/\/centar-fm.org\/inmediasres\/"},{"@type":"ListItem","position":2,"name":"Uredni\u0161tvo"}]},{"@type":"WebSite","@id":"https:\/\/centar-fm.org\/inmediasres\/#website","url":"https:\/\/centar-fm.org\/inmediasres\/","name":"In Medias Res - \u010casopis centra za filozofiju medija","description":"","potentialAction":[{"@type":"SearchAction","target":{"@type":"EntryPoint","urlTemplate":"https:\/\/centar-fm.org\/inmediasres\/?s={search_term_string}"},"query-input":{"@type":"PropertyValueSpecification","valueRequired":true,"valueName":"search_term_string"}}],"inLanguage":"en-US"},{"@type":"Person","@id":"https:\/\/centar-fm.org\/inmediasres\/#\/schema\/person\/ae49dcc23965665608f66120db8245a4","name":"Super User","image":{"@type":"ImageObject","inLanguage":"en-US","@id":"https:\/\/secure.gravatar.com\/avatar\/5ac3fc5ccca7755fa3f558fed4a39be2232c6585e68bd398c790d57375dde921?s=96&d=mm&r=g","url":"https:\/\/secure.gravatar.com\/avatar\/5ac3fc5ccca7755fa3f558fed4a39be2232c6585e68bd398c790d57375dde921?s=96&d=mm&r=g","contentUrl":"https:\/\/secure.gravatar.com\/avatar\/5ac3fc5ccca7755fa3f558fed4a39be2232c6585e68bd398c790d57375dde921?s=96&d=mm&r=g","caption":"Super User"},"url":"https:\/\/centar-fm.org\/inmediasres\/index.php\/author\/amynovcfmweb\/"}]}},"_links":{"self":[{"href":"https:\/\/centar-fm.org\/inmediasres\/index.php\/wp-json\/wp\/v2\/posts\/101","targetHints":{"allow":["GET"]}}],"collection":[{"href":"https:\/\/centar-fm.org\/inmediasres\/index.php\/wp-json\/wp\/v2\/posts"}],"about":[{"href":"https:\/\/centar-fm.org\/inmediasres\/index.php\/wp-json\/wp\/v2\/types\/post"}],"author":[{"embeddable":true,"href":"https:\/\/centar-fm.org\/inmediasres\/index.php\/wp-json\/wp\/v2\/users\/2"}],"replies":[{"embeddable":true,"href":"https:\/\/centar-fm.org\/inmediasres\/index.php\/wp-json\/wp\/v2\/comments?post=101"}],"version-history":[{"count":0,"href":"https:\/\/centar-fm.org\/inmediasres\/index.php\/wp-json\/wp\/v2\/posts\/101\/revisions"}],"wp:attachment":[{"href":"https:\/\/centar-fm.org\/inmediasres\/index.php\/wp-json\/wp\/v2\/media?parent=101"}],"wp:term":[{"taxonomy":"category","embeddable":true,"href":"https:\/\/centar-fm.org\/inmediasres\/index.php\/wp-json\/wp\/v2\/categories?post=101"},{"taxonomy":"post_tag","embeddable":true,"href":"https:\/\/centar-fm.org\/inmediasres\/index.php\/wp-json\/wp\/v2\/tags?post=101"}],"curies":[{"name":"wp","href":"https:\/\/api.w.org\/{rel}","templated":true}]}}