{"id":102,"date":"2011-11-22T13:28:27","date_gmt":"2011-11-22T13:28:27","guid":{"rendered":"https:\/\/sweet-mcclintock.194-60-87-163.plesk.page\/inmediasres\/2011\/11\/22\/upute-autorima\/"},"modified":"2011-11-22T13:28:27","modified_gmt":"2011-11-22T13:28:27","slug":"upute-autorima","status":"publish","type":"post","link":"https:\/\/centar-fm.org\/inmediasres\/index.php\/upute-autorima\/","title":{"rendered":"Upute autorima"},"content":{"rendered":"<p class=\"MsoNormal\" style=\"line-height: 170%;\"><strong>Op\u0107e informacije <\/strong><\/p>\n<p class=\"MsoNormal\" style=\"line-height: 170%;\">\n  <em>In medias res<\/em>, elektroni\u010dki \u010dasopis koji ima i svoj PDF oblik donosi  isklju\u010divo neobjavljene priloge na hrvatskom i engleskom jeziku. Svi radovi podlo\u017eni su recenziji te su prihva\u0107eni za objavljivanje na temelju dviju anonimnih pozitivnih recenzija. <\/p>\n<p class=\"MsoNormal\" style=\"line-height: 170%;\">Recenzirani \u010dlanci kategoriziraju se na sljede\u0107i na\u010din:<\/p>\n<ol style=\"list-style-type: decimal;\">\n<li><span style=\"line-height: 170%;\"><em>Izvorni \u010dlanak<\/em>: sadr\u017ei nove, jo\u0161  neobjavljene rezultate znanstvenih istra\u017eivanja;<\/span><\/li>\n<li><span style=\"line-height: 170%;\"><em>Prethodno  priop\u0107enje<\/em>: sadr\u017ei nove, jo\u0161 neobjavljene rezultate znanstvenih istra\u017eivanja  iskazane u preliminarnom obliku;<\/span><\/li>\n<li><span style=\"line-height: 170%;\"><em>Pregledni \u010dlanak<\/em>: sadr\u017ei izvoran i  kriti\u010dki prikaz odre\u0111enog podru\u010dja ili nekog njegova dijela.<\/span><\/li>\n<\/ol>\n<p class=\"MsoNormal\" style=\"line-height: 170%;\">\n  \u010casopis objavljuje i nekategorizirane rodove, odnosno recenzije i  prikaze teorijski relevantnih izdanja objavljenih u zadnje tri godine u  Hrvatskoj i inozemstvu, te izvje\u0161taje sa javnih predavanja, predstavljanja  knjiga, znanstvenih skupova i sli\u010dno. <\/p>\n<p class=\"MsoNormal\" style=\"line-height: 170%;\">Tekst koji sadr\u017ei plagirane dijelove tu\u0111ih tekstova ne\u0107e biti objavljeni. <\/p>\n<p class=\"MsoNormal\" style=\"line-height: 170%;\">\nBudu\u0107i da je rije\u010d o elektroni\u010dkom \u010dasopisu, uredni\u0161tvo zaprima i vizualne i auditivne  priloge u formatima koji se mogu staviti na web. Audio i video prilozi mogu  biti sastavni dio teksta, ali se mogu emitirati i na kraju teksta. Preporu\u010da se  da to budu kra\u0107e audio i video forme iz tehni\u010dkih razloga. Tako\u0111er, dobro su  do\u0161le i fotografije i grafi\u010dke skice. PDF format sadr\u017eavati \u0107e isklju\u010divo tekst  pisan prema dolje izlo\u017eenim naputcima.\n<\/p>\n<p class=\"MsoNormal\" style=\"line-height: 170%;\">\n\u010casopis autorima ne napla\u0107uje tro\u0161kove zaprimanja, recenziranja i objavljivanja radova.\n<\/p>\n<p class=\"MsoNormal\" style=\"line-height: 170%;\">\nSvi rukopisi koji pro\u0111u prvu uredni\u010dku kontrolu podlije\u017eu tzv. dvostrukoj slijepoj recenziji (eng. <em>double-blind review<\/em>) kojom se ne otkriva identitet ni autora ni recenzenta.\n<\/p>\n<p class=\"MsoNormal\" style=\"line-height: 170%;\">&nbsp;<\/p>\n<p class=\"MsoNormal\" style=\"line-height: 170%;\"><strong>Oprema i slanje rukopisa<\/strong><\/p>\n<p class=\"MsoNormal\" style=\"line-height: 170%;\">Po\u017eeljni opseg izvornih \u010dlanaka je od 16 do 32 autorske kartice,  prethodnih priop\u0107enja i preglednih \u010dlanaka od 8 do 16 kartica, a recenzija i  prikaza od 4 do 8 kartica. Autorska kartica iznosi 1 800 znakova ( s praznim  mjestima), odnosno 30 redaka po 60 znakova. <\/p>\n<p class=\"MsoNormal\" style=\"line-height: 170%;\">Rukopis, u opremi teksta, treba sadr\u017eavati sljede\u0107e elemente:<\/p>\n<ol style=\"list-style-type: disc;\">\n<li><span style=\"line-height: 170%;\">ime i prezime autora,<\/span><\/li>\n<li><span style=\"line-height: 170%;\">naziv\u00a0 i adresu mati\u010dne  institucije autora,<\/span><\/li>\n<li><span style=\"line-height: 170%;\">autorovu adresu za kontakt (ako se razlikuje od adrese mati\u010dne  institucije),<\/span><\/li>\n<li><span style=\"line-height: 170%;\">e-mail adresu autora,<\/span><\/li>\n<li><span style=\"line-height: 170%;\">puni naslov \u010dlanka (eventualno i podnaslov),<\/span><\/li>\n<li><span style=\"line-height: 170%;\">sa\u017eetak \u010dlanka (ne du\u017ei od 900 znakova s praznim mjestima) i klju\u010dne  rije\u010di ( ne vi\u0161e od 10), na hrvatskom i jednom stranom jeziku (engleski ili  njema\u010dki).<\/span><\/li>\n<\/ol>\n<p class=\"MsoNormal\" style=\"line-height: 170%;\">Ako potpuni bibliografski podaci o citiranim djelima nisu navedeni u  bilje\u0161kama (fusnotama), autor je du\u017ean na kraju teksta navesti popis citirane  literature s potpunim podacima o navedenim djelima. <\/p>\n<p class=\"MsoNormal\" style=\"line-height: 170%;\">\nRukopisi se \u0161alju na mail adresu koja se nalazi u rubrici kontakt na web  stranici <a href=\"http:\/\/www.centar-fm.org\/\">www.centar-fm.org<\/a><\/p>\n<p class=\"MsoNormal\" style=\"line-height: 170%;\">&nbsp;<\/p>\n<p class=\"MsoNormal\" style=\"line-height: 170%;\"><strong>Na\u010din citiranja<\/strong><\/p>\n<p class=\"MsoNormal\" style=\"line-height: 170%;\">\nUredni\u0161tvo preporu\u010duje na\u010din citiranja &bdquo;pomo\u0107u fusnota&ldquo; koji je ustaljen  u ovoj vrsti \u010dasopisa. Bilje\u0161ka (fusnota) pri prvom navo\u0111enju rada ( bez obzira  na to je li rad objavljen na hrvatskom ili na nekom drugom jeziku) treba  izgledati ovako:<\/p>\n<ol style=\"list-style-type: disc;\">\n<li><span style=\"line-height: 170%;\">[za knjigu]\u00a0\u00a0 Immanuel  Kant, <em>Kritika \u010distoga uma<\/em>, Nakladni  zavod Matice Hrvatske, Zagreb 1984., str. 318.<\/span><\/li>\n<li><span style=\"line-height: 170%;\">[za zbornik radova]\u00a0  Hans Lenk (ur.), <em>Wissenschaft und  Ethik<\/em>, Reclam, Stuttgart 1991.<\/span><\/li>\n<li><span style=\"line-height: 170%;\">[za \u010dlanak iz \u010dasopisa]\u00a0  Vitorio Hosle, &bdquo;Mjesto Hansa Jonasa u povijesti njema\u010dke filozofije&ldquo;, <em>Filozofska istra\u017eivanja<\/em> 90 (3\/2003),  str. 539-552.<\/span><\/li>\n<li><span style=\"line-height: 170%;\">[za \u010dlanak iz zbornika ili poglavlje iz knjige] Henning  Ottmann,\u00a0 &bdquo;&ldquo;Plemenita la\u017e&ldquo; i demokratska  politika&ldquo;, u Pavo Bari\u0161i\u0107 (ur.), <em>Demokracija  i etika<\/em>, Hrvatsko filozofsko dru\u0161tvo, Zagreb 2005., str. 11.<\/span><\/li>\n<li><span style=\"line-height: 170%;\">[za literaturu u elektroni\u010dkom obliku]\u00a0 Arne Naess, &bdquo;Is It a Plus to Have a Definite  Metaphysics in Common&ldquo;, http:\/trumpeter.athabascau.ca\/content\/v22.1special\/9definite  metaphysics.pdf\u00a0 Pristup: 14 velja\u010de  2008.<\/span><\/li>\n<\/ol>\n<p class=\"MsoNormal\" style=\"line-height: 40%;\">&nbsp;<\/p>\n<p class=\"MsoNormal\" style=\"line-height: 170%;\">U slu\u010daju kada naslov i podnaslov knjige  ili \u010dlanka nisu razdvojeni interpunkcijom, pri navo\u0111enju rada podnaslov se od  naslova odvaja to\u010dkom i zapo\u010dinje velikim slovom:\n<\/p>\n<ol style=\"list-style-type: disc;\">\n<li><span style=\"line-height: 170%;\">Hans-Georg Gadamer, <em>Uber  die Verborgenheit der Gesundheit<\/em>. Aufsatze und Vortrage.<\/span><\/li>\n<li><span style=\"line-height: 170%;\">Anselm Bohmer, &bdquo;Re-evolutivna budu\u0107nost. O izlasku \u010dovjeka  iz samoskrivljenog gubitka smisla&ldquo;<\/span><\/li>\n<\/ol>\n<p class=\"MsoNormal\" style=\"line-height: 40%;\">&nbsp;<\/p>\n<p class=\"MsoNormal\" style=\"line-height: 170%;\">U drugom i kasnijim navo\u0111enjima rada, bilje\u0161ka treba sadr\u017eavati samo  inicijal imena i prezimena autora, naslov rada (knjige ili \u010dlanka), te broj  stranice:<\/p>\n<ol style=\"list-style-type: disc;\">\n<li><span style=\"line-height: 170%;\">I. Kant, <em>Kritika  \u010distoga uma<\/em>, str. 319.<\/span><\/li>\n<li><span style=\"line-height: 170%;\">V. Hosle, &bdquo;Mjesto Hansa Jonasa u povijesti njema\u010dke  filozofije&ldquo;, str. 549.<\/span><\/li>\n<\/ol>\n<p class=\"MsoNormal\" style=\"line-height: 40%;\">&nbsp;<\/p>\n<p class=\"MsoNormal\" style=\"line-height: 170%;\">U uzastopnim navo\u0111enjima rada, bilje\u0161ka  treba sadr\u017eavati samo oznaku &bdquo;Ibid&ldquo;, te broj stranice:<\/p>\n<ol style=\"list-style-type: disc;\">\n<li><span style=\"line-height: 170%;\">Ibid., str. 150.<\/span><\/li>\n<\/ol>\n<p class=\"MsoNormal\" style=\"line-height: 40%;\">&nbsp;<\/p>\n<p class=\"MsoNormal\" style=\"line-height: 170%;\">Uredni\u0161tvo, dakako, prihva\u0107a i druge na\u010dine citiranja, pod uvjetom da su  dosljedno provedeni u pojedinom tekstu. <\/p>\n<p class=\"MsoNormal\" style=\"line-height: 170%;\">Upute su preuzete iz \u010dasopisa Filozofska istra\u017eivanja, HRFD, Zagreb. <\/p>\n","protected":false},"excerpt":{"rendered":"<p>Op\u0107e informacije In medias res, elektroni\u010dki \u010dasopis koji ima i svoj PDF oblik donosi isklju\u010divo neobjavljene priloge na hrvatskom i engleskom jeziku. Svi radovi podlo\u017eni su recenziji te su prihva\u0107eni za objavljivanje na temelju dviju anonimnih pozitivnih recenzija. Recenzirani \u010dlanci kategoriziraju se na sljede\u0107i na\u010din: Izvorni \u010dlanak: sadr\u017ei nove, jo\u0161 neobjavljene rezultate znanstvenih istra\u017eivanja; Prethodno [&hellip;]<\/p>\n","protected":false},"author":2,"featured_media":0,"comment_status":"open","ping_status":"open","sticky":false,"template":"","format":"standard","meta":{"_acf_changed":false,"_et_pb_use_builder":"","_et_pb_old_content":"","_et_gb_content_width":"","footnotes":""},"categories":[32],"tags":[],"class_list":["post-102","post","type-post","status-publish","format-standard","hentry","category-upute-autorima","et-doesnt-have-format-content","et_post_format-et-post-format-standard"],"acf":[],"yoast_head":"<!-- This site is optimized with the Yoast SEO plugin v27.4 - https:\/\/yoast.com\/product\/yoast-seo-wordpress\/ -->\n<title>Upute autorima - In Medias Res - \u010casopis centra za filozofiju medija<\/title>\n<meta name=\"robots\" content=\"index, follow, max-snippet:-1, max-image-preview:large, max-video-preview:-1\" \/>\n<link rel=\"canonical\" href=\"https:\/\/centar-fm.org\/inmediasres\/index.php\/upute-autorima\/\" \/>\n<meta property=\"og:locale\" content=\"en_US\" \/>\n<meta property=\"og:type\" content=\"article\" \/>\n<meta property=\"og:title\" content=\"Upute autorima - In Medias Res - \u010casopis centra za filozofiju medija\" \/>\n<meta property=\"og:description\" content=\"Op\u0107e informacije In medias res, elektroni\u010dki \u010dasopis koji ima i svoj PDF oblik donosi isklju\u010divo neobjavljene priloge na hrvatskom i engleskom jeziku. Svi radovi podlo\u017eni su recenziji te su prihva\u0107eni za objavljivanje na temelju dviju anonimnih pozitivnih recenzija. Recenzirani \u010dlanci kategoriziraju se na sljede\u0107i na\u010din: Izvorni \u010dlanak: sadr\u017ei nove, jo\u0161 neobjavljene rezultate znanstvenih istra\u017eivanja; Prethodno [&hellip;]\" \/>\n<meta property=\"og:url\" content=\"https:\/\/centar-fm.org\/inmediasres\/index.php\/upute-autorima\/\" \/>\n<meta property=\"og:site_name\" content=\"In Medias Res - \u010casopis centra za filozofiju medija\" \/>\n<meta property=\"article:published_time\" content=\"2011-11-22T13:28:27+00:00\" \/>\n<meta name=\"author\" content=\"Super User\" \/>\n<meta name=\"twitter:card\" content=\"summary_large_image\" \/>\n<meta name=\"twitter:label1\" content=\"Written by\" \/>\n\t<meta name=\"twitter:data1\" content=\"Super User\" \/>\n\t<meta name=\"twitter:label2\" content=\"Est. reading time\" \/>\n\t<meta name=\"twitter:data2\" content=\"4 minutes\" \/>\n<script type=\"application\/ld+json\" class=\"yoast-schema-graph\">{\"@context\":\"https:\\\/\\\/schema.org\",\"@graph\":[{\"@type\":\"Article\",\"@id\":\"https:\\\/\\\/centar-fm.org\\\/inmediasres\\\/index.php\\\/upute-autorima\\\/#article\",\"isPartOf\":{\"@id\":\"https:\\\/\\\/centar-fm.org\\\/inmediasres\\\/index.php\\\/upute-autorima\\\/\"},\"author\":{\"name\":\"Super User\",\"@id\":\"https:\\\/\\\/centar-fm.org\\\/inmediasres\\\/#\\\/schema\\\/person\\\/ae49dcc23965665608f66120db8245a4\"},\"headline\":\"Upute autorima\",\"datePublished\":\"2011-11-22T13:28:27+00:00\",\"mainEntityOfPage\":{\"@id\":\"https:\\\/\\\/centar-fm.org\\\/inmediasres\\\/index.php\\\/upute-autorima\\\/\"},\"wordCount\":742,\"commentCount\":0,\"articleSection\":[\"Upute autorima\"],\"inLanguage\":\"en-US\",\"potentialAction\":[{\"@type\":\"CommentAction\",\"name\":\"Comment\",\"target\":[\"https:\\\/\\\/centar-fm.org\\\/inmediasres\\\/index.php\\\/upute-autorima\\\/#respond\"]}]},{\"@type\":\"WebPage\",\"@id\":\"https:\\\/\\\/centar-fm.org\\\/inmediasres\\\/index.php\\\/upute-autorima\\\/\",\"url\":\"https:\\\/\\\/centar-fm.org\\\/inmediasres\\\/index.php\\\/upute-autorima\\\/\",\"name\":\"Upute autorima - In Medias Res - \u010casopis centra za filozofiju medija\",\"isPartOf\":{\"@id\":\"https:\\\/\\\/centar-fm.org\\\/inmediasres\\\/#website\"},\"datePublished\":\"2011-11-22T13:28:27+00:00\",\"author\":{\"@id\":\"https:\\\/\\\/centar-fm.org\\\/inmediasres\\\/#\\\/schema\\\/person\\\/ae49dcc23965665608f66120db8245a4\"},\"breadcrumb\":{\"@id\":\"https:\\\/\\\/centar-fm.org\\\/inmediasres\\\/index.php\\\/upute-autorima\\\/#breadcrumb\"},\"inLanguage\":\"en-US\",\"potentialAction\":[{\"@type\":\"ReadAction\",\"target\":[\"https:\\\/\\\/centar-fm.org\\\/inmediasres\\\/index.php\\\/upute-autorima\\\/\"]}]},{\"@type\":\"BreadcrumbList\",\"@id\":\"https:\\\/\\\/centar-fm.org\\\/inmediasres\\\/index.php\\\/upute-autorima\\\/#breadcrumb\",\"itemListElement\":[{\"@type\":\"ListItem\",\"position\":1,\"name\":\"Po\u010detna stranica\",\"item\":\"https:\\\/\\\/centar-fm.org\\\/inmediasres\\\/\"},{\"@type\":\"ListItem\",\"position\":2,\"name\":\"Upute autorima\"}]},{\"@type\":\"WebSite\",\"@id\":\"https:\\\/\\\/centar-fm.org\\\/inmediasres\\\/#website\",\"url\":\"https:\\\/\\\/centar-fm.org\\\/inmediasres\\\/\",\"name\":\"In Medias Res - \u010casopis centra za filozofiju medija\",\"description\":\"\",\"potentialAction\":[{\"@type\":\"SearchAction\",\"target\":{\"@type\":\"EntryPoint\",\"urlTemplate\":\"https:\\\/\\\/centar-fm.org\\\/inmediasres\\\/?s={search_term_string}\"},\"query-input\":{\"@type\":\"PropertyValueSpecification\",\"valueRequired\":true,\"valueName\":\"search_term_string\"}}],\"inLanguage\":\"en-US\"},{\"@type\":\"Person\",\"@id\":\"https:\\\/\\\/centar-fm.org\\\/inmediasres\\\/#\\\/schema\\\/person\\\/ae49dcc23965665608f66120db8245a4\",\"name\":\"Super User\",\"image\":{\"@type\":\"ImageObject\",\"inLanguage\":\"en-US\",\"@id\":\"https:\\\/\\\/secure.gravatar.com\\\/avatar\\\/5ac3fc5ccca7755fa3f558fed4a39be2232c6585e68bd398c790d57375dde921?s=96&d=mm&r=g\",\"url\":\"https:\\\/\\\/secure.gravatar.com\\\/avatar\\\/5ac3fc5ccca7755fa3f558fed4a39be2232c6585e68bd398c790d57375dde921?s=96&d=mm&r=g\",\"contentUrl\":\"https:\\\/\\\/secure.gravatar.com\\\/avatar\\\/5ac3fc5ccca7755fa3f558fed4a39be2232c6585e68bd398c790d57375dde921?s=96&d=mm&r=g\",\"caption\":\"Super User\"},\"url\":\"https:\\\/\\\/centar-fm.org\\\/inmediasres\\\/index.php\\\/author\\\/amynovcfmweb\\\/\"}]}<\/script>\n<!-- \/ Yoast SEO plugin. -->","yoast_head_json":{"title":"Upute autorima - In Medias Res - \u010casopis centra za filozofiju medija","robots":{"index":"index","follow":"follow","max-snippet":"max-snippet:-1","max-image-preview":"max-image-preview:large","max-video-preview":"max-video-preview:-1"},"canonical":"https:\/\/centar-fm.org\/inmediasres\/index.php\/upute-autorima\/","og_locale":"en_US","og_type":"article","og_title":"Upute autorima - In Medias Res - \u010casopis centra za filozofiju medija","og_description":"Op\u0107e informacije In medias res, elektroni\u010dki \u010dasopis koji ima i svoj PDF oblik donosi isklju\u010divo neobjavljene priloge na hrvatskom i engleskom jeziku. Svi radovi podlo\u017eni su recenziji te su prihva\u0107eni za objavljivanje na temelju dviju anonimnih pozitivnih recenzija. Recenzirani \u010dlanci kategoriziraju se na sljede\u0107i na\u010din: Izvorni \u010dlanak: sadr\u017ei nove, jo\u0161 neobjavljene rezultate znanstvenih istra\u017eivanja; Prethodno [&hellip;]","og_url":"https:\/\/centar-fm.org\/inmediasres\/index.php\/upute-autorima\/","og_site_name":"In Medias Res - \u010casopis centra za filozofiju medija","article_published_time":"2011-11-22T13:28:27+00:00","author":"Super User","twitter_card":"summary_large_image","twitter_misc":{"Written by":"Super User","Est. reading time":"4 minutes"},"schema":{"@context":"https:\/\/schema.org","@graph":[{"@type":"Article","@id":"https:\/\/centar-fm.org\/inmediasres\/index.php\/upute-autorima\/#article","isPartOf":{"@id":"https:\/\/centar-fm.org\/inmediasres\/index.php\/upute-autorima\/"},"author":{"name":"Super User","@id":"https:\/\/centar-fm.org\/inmediasres\/#\/schema\/person\/ae49dcc23965665608f66120db8245a4"},"headline":"Upute autorima","datePublished":"2011-11-22T13:28:27+00:00","mainEntityOfPage":{"@id":"https:\/\/centar-fm.org\/inmediasres\/index.php\/upute-autorima\/"},"wordCount":742,"commentCount":0,"articleSection":["Upute autorima"],"inLanguage":"en-US","potentialAction":[{"@type":"CommentAction","name":"Comment","target":["https:\/\/centar-fm.org\/inmediasres\/index.php\/upute-autorima\/#respond"]}]},{"@type":"WebPage","@id":"https:\/\/centar-fm.org\/inmediasres\/index.php\/upute-autorima\/","url":"https:\/\/centar-fm.org\/inmediasres\/index.php\/upute-autorima\/","name":"Upute autorima - In Medias Res - \u010casopis centra za filozofiju medija","isPartOf":{"@id":"https:\/\/centar-fm.org\/inmediasres\/#website"},"datePublished":"2011-11-22T13:28:27+00:00","author":{"@id":"https:\/\/centar-fm.org\/inmediasres\/#\/schema\/person\/ae49dcc23965665608f66120db8245a4"},"breadcrumb":{"@id":"https:\/\/centar-fm.org\/inmediasres\/index.php\/upute-autorima\/#breadcrumb"},"inLanguage":"en-US","potentialAction":[{"@type":"ReadAction","target":["https:\/\/centar-fm.org\/inmediasres\/index.php\/upute-autorima\/"]}]},{"@type":"BreadcrumbList","@id":"https:\/\/centar-fm.org\/inmediasres\/index.php\/upute-autorima\/#breadcrumb","itemListElement":[{"@type":"ListItem","position":1,"name":"Po\u010detna stranica","item":"https:\/\/centar-fm.org\/inmediasres\/"},{"@type":"ListItem","position":2,"name":"Upute autorima"}]},{"@type":"WebSite","@id":"https:\/\/centar-fm.org\/inmediasres\/#website","url":"https:\/\/centar-fm.org\/inmediasres\/","name":"In Medias Res - \u010casopis centra za filozofiju medija","description":"","potentialAction":[{"@type":"SearchAction","target":{"@type":"EntryPoint","urlTemplate":"https:\/\/centar-fm.org\/inmediasres\/?s={search_term_string}"},"query-input":{"@type":"PropertyValueSpecification","valueRequired":true,"valueName":"search_term_string"}}],"inLanguage":"en-US"},{"@type":"Person","@id":"https:\/\/centar-fm.org\/inmediasres\/#\/schema\/person\/ae49dcc23965665608f66120db8245a4","name":"Super User","image":{"@type":"ImageObject","inLanguage":"en-US","@id":"https:\/\/secure.gravatar.com\/avatar\/5ac3fc5ccca7755fa3f558fed4a39be2232c6585e68bd398c790d57375dde921?s=96&d=mm&r=g","url":"https:\/\/secure.gravatar.com\/avatar\/5ac3fc5ccca7755fa3f558fed4a39be2232c6585e68bd398c790d57375dde921?s=96&d=mm&r=g","contentUrl":"https:\/\/secure.gravatar.com\/avatar\/5ac3fc5ccca7755fa3f558fed4a39be2232c6585e68bd398c790d57375dde921?s=96&d=mm&r=g","caption":"Super User"},"url":"https:\/\/centar-fm.org\/inmediasres\/index.php\/author\/amynovcfmweb\/"}]}},"_links":{"self":[{"href":"https:\/\/centar-fm.org\/inmediasres\/index.php\/wp-json\/wp\/v2\/posts\/102","targetHints":{"allow":["GET"]}}],"collection":[{"href":"https:\/\/centar-fm.org\/inmediasres\/index.php\/wp-json\/wp\/v2\/posts"}],"about":[{"href":"https:\/\/centar-fm.org\/inmediasres\/index.php\/wp-json\/wp\/v2\/types\/post"}],"author":[{"embeddable":true,"href":"https:\/\/centar-fm.org\/inmediasres\/index.php\/wp-json\/wp\/v2\/users\/2"}],"replies":[{"embeddable":true,"href":"https:\/\/centar-fm.org\/inmediasres\/index.php\/wp-json\/wp\/v2\/comments?post=102"}],"version-history":[{"count":0,"href":"https:\/\/centar-fm.org\/inmediasres\/index.php\/wp-json\/wp\/v2\/posts\/102\/revisions"}],"wp:attachment":[{"href":"https:\/\/centar-fm.org\/inmediasres\/index.php\/wp-json\/wp\/v2\/media?parent=102"}],"wp:term":[{"taxonomy":"category","embeddable":true,"href":"https:\/\/centar-fm.org\/inmediasres\/index.php\/wp-json\/wp\/v2\/categories?post=102"},{"taxonomy":"post_tag","embeddable":true,"href":"https:\/\/centar-fm.org\/inmediasres\/index.php\/wp-json\/wp\/v2\/tags?post=102"}],"curies":[{"name":"wp","href":"https:\/\/api.w.org\/{rel}","templated":true}]}}