{"id":103,"date":"2011-11-22T13:28:27","date_gmt":"2011-11-22T13:28:27","guid":{"rendered":"https:\/\/sweet-mcclintock.194-60-87-163.plesk.page\/inmediasres\/2011\/11\/22\/o-nama\/"},"modified":"2011-11-22T13:28:27","modified_gmt":"2011-11-22T13:28:27","slug":"o-nama","status":"publish","type":"post","link":"https:\/\/centar-fm.org\/inmediasres\/index.php\/o-nama\/","title":{"rendered":"O nama"},"content":{"rendered":"<p style=\"text-align: left; line-height: 150%;\">ISSN 1848-6304<\/p>\n<p style=\"text-align: left; line-height: 150%;\">\u010casopis na hrvatskom i engleskom jeziku bit \u0107e objavljivan dva puta godi\u0161nje (SVIBANJ\/RUJAN).<\/p>\n<p style=\"text-align: left; line-height: 50%;\">&nbsp;<\/p>\n<p style=\"text-align: left; line-height: 150%;\">IN MEDIAS RES pokre\u0107emo no\u0161eni idejom da je sredi\u0161nje pitanje ne samo suvremene filozofije nego i svih dru\u0161tvenih i humanisti\u010dkih znanosti i znanstvenih disciplina \u2013 pitanje medija i medijskih posredovanja.<\/p>\n<p style=\"text-align: left; line-height: 50%;\">&nbsp;<\/p>\n<p style=\"text-align: left; line-height: 150%;\">U svom pristupu povijesti, religiji, filozofiji, kulturi, umjetnosti, znanosti, tradiciji ili suvremenosti, \u017eelimo propitati \u0161to uistinu pripada samoj &#8216;supstanci&#8217; a koliko toga otpada na &#8216;glasnike&#8217;, &#8216;posrednike&#8217;, tehnike, medije, odnosno organizacije i hijerarhije koje su ih odre\u0111ivale.<\/p>\n<p style=\"text-align: left; line-height: 50%;\">&nbsp;<\/p>\n<p style=\"text-align: left; line-height: 150%;\">Utoliko je IN MEDIAS RES interdisciplinaran znanstveni \u010dasopis koji \u0107e pozdraviti i objaviti (recenzirane) tekstove razli\u010ditih znanosti i i znanstvenih disciplina ukoliko znanstveno promi\u0161ljaju neki od segmenata medijalnosti u svom znanstvenom podru\u010dju.<\/p>\n<p style=\"text-align: center; line-height: 50%;\">&nbsp;<\/p>\n<p style=\"text-align: left; line-height: 50%;\">Podru\u010dja interesa \u010dasopisa <em>In medias res<\/em>:<\/p>\n<table border=\"0\" cellspacing=\"0\" cellpadding=\"10\">\n<tbody>\n<tr>\n<td>\n<p>&nbsp;<\/p>\n<\/td>\n<td>\n<ul style=\"list-style-type: disc;\">\n<li>Odnosi medija usmenosti, pisma, tiskanog teksta, elektroni\u010dkih, digitalnih, medija umre\u017eavanja, novih, mobilnih, novih novih\u2026 medija<\/li>\n<li>Ples \u2013 ritual \u2013 spektakl<\/li>\n<li>Mediji religijskih objava<\/li>\n<li>\u010covjek kao medij duha<\/li>\n<li>Umjetnost kao medij \/ Medijska dimenzija umjetni\u010dkoga djela<\/li>\n<li>Tehnike medijskih posredovanja<\/li>\n<li>Tehnologija \u2013 znanost \u2013 filozofija<\/li>\n<li>Antropolo\u0161ko-filozofijske refleksije promjena ljudskoga iskustva<\/li>\n<li>Sredstva rada, proizvodne ekstenzije, ekstenzije psihi\u010dke i fizi\u010dke dimenzije \u010dovjeka<\/li>\n<li>Mediji izme\u0111u informacije, uvjeravanja, igre, zavo\u0111enja i manipuliranja<\/li>\n<li>Mediji-mediologija\/ Tehnika-tehnologija<\/li>\n<li>Mediji i politika<\/li>\n<li>Istra\u017eivanja medija, istra\u017eivanja medijskih istra\u017eivanja i istra\u017eivanja istra\u017eivanja medija<\/li>\n<li>Zakonodavstva i prakse medijskih posredovanja<\/li>\n<li>Istina korporacijskih, neprofitnih i medija zajednice<\/li>\n<li>Mediji i neovisne gra\u0111anske inicijative<\/li>\n<li>Mediji\/povijest\/revolucija<\/li>\n<li>Psihologijska istra\u017eivanja medija<\/li>\n<li>Mediji izme\u0111u kulture i businessa<\/li>\n<\/ul>\n<\/td>\n<\/tr>\n<\/tbody>\n<\/table>\n<p style=\"text-align: center; line-height: 50%;\">&nbsp;<\/p>\n<p style=\"text-align: left; line-height: 150%;\">Za \u010dasopis:<\/p>\n<p style=\"text-align: left; line-height: 150%;\">Sudbina svakog medija ovisi o sretnom omjeru kvalitete sadr\u017eaja, interesa korisnika kojima je namijenjen i kreativnih energija koje se uklju\u010de u razvijanje medija.<\/p>\n<p style=\"text-align: left; line-height: 150%;\">Interdisciplinarno ali u osnovi filozofijsko promi\u0161ljanje fenomena medijskog posredovanja (mi\u0161ljenje koje uva\u017eava partikularna znanstvena znanja i istra\u017eivanja) \u017eeli kriti\u010dki valorizirati razli\u010dite pristupe znanosti i znanstvenih disciplina trude\u0107i se pokazati kako je za razotkrivanje svih dimenzija zavo\u0111enja i manipuliranja suvremenih masmedija neophodno upravo to i takvo &#8211; sveobuhvatno filozofijsko razumijevanje medija.<\/p>\n<p style=\"text-align: left; line-height: 150%;\">\n<strong>Ovo je \u010dasopis otvorenog pristupa, \u0161to zna\u010di da je sav sadr\u017eaj slobodno dostupan korisniku ili njegovoj ustanovi bez naknade. Korisnicima je dopu\u0161teno \u010ditati, preuzimati, kopirati, distribuirati, ispisivati, pretra\u017eivati ili povezati pune tekstove \u010dlanaka ili ih koristiti za bilo koju drugu zakonsku svrhu bez prethodnog dopu\u0161tenja izdava\u010da ili autora. Ovo je u skladu s definicijom otvorenog pristupa BOAI.<\/strong><\/p>\n<p style=\"text-align: left; line-height: 150%;\">\nPuni tekst radova ovog \u010dasopisa besplatno se smiju koristiti za svaku nekomercijalnu svrhu uz po\u0161tivanje autorskih prava autora i \u010dasopisa.<br \/>\n<br \/>\nIn medias res po\u0161tuje autorska prava koja autori objavljenih \u010dlanaka zadr\u017eavaju, kao i pravo na copyright.<br \/>\n<strong>U skladu s CC BY-NC 4.0 licencom (Creative Commons Attribution Non-Commercial 4.0 International licence) dostupnom na sljede\u0107oj stranici: <a href=\"http:\/\/creativecommons.org\/licenses\/by-nc\/4.0\/\"><span style=\"color: #DC0101;\">http:\/\/creativecommons.org\/licenses\/by-nc\/4.0\/<\/span><\/a><\/strong><\/p>\n<p style=\"line-height: 150%;\">&nbsp;<\/p>\n<p style=\"line-height: 150%;\">&nbsp;<\/p>\n<p style=\"line-height: 150%;\">&nbsp;<\/p>\n<p style=\"line-height: 150%;\">Digitalni arhiv: Hr\u010dak <a href=\"http:\/\/hrcak.srce.hr\/inmediasres\">(http:\/\/hrcak.srce.hr\/inmediasres)<\/a><\/p>\n","protected":false},"excerpt":{"rendered":"<p>ISSN 1848-6304 \u010casopis na hrvatskom i engleskom jeziku bit \u0107e objavljivan dva puta godi\u0161nje (SVIBANJ\/RUJAN). &nbsp; IN MEDIAS RES pokre\u0107emo no\u0161eni idejom da je sredi\u0161nje pitanje ne samo suvremene filozofije nego i svih dru\u0161tvenih i humanisti\u010dkih znanosti i znanstvenih disciplina \u2013 pitanje medija i medijskih posredovanja. &nbsp; U svom pristupu povijesti, religiji, filozofiji, kulturi, umjetnosti, [&hellip;]<\/p>\n","protected":false},"author":2,"featured_media":0,"comment_status":"open","ping_status":"open","sticky":false,"template":"","format":"standard","meta":{"_acf_changed":false,"_et_pb_use_builder":"","_et_pb_old_content":"","_et_gb_content_width":"","footnotes":""},"categories":[31],"tags":[],"class_list":["post-103","post","type-post","status-publish","format-standard","hentry","category-o-nama","et-doesnt-have-format-content","et_post_format-et-post-format-standard"],"acf":[],"yoast_head":"<!-- This site is optimized with the Yoast SEO plugin v27.4 - https:\/\/yoast.com\/product\/yoast-seo-wordpress\/ -->\n<title>O nama - In Medias Res - \u010casopis centra za filozofiju medija<\/title>\n<meta name=\"robots\" content=\"index, follow, max-snippet:-1, max-image-preview:large, max-video-preview:-1\" \/>\n<link rel=\"canonical\" href=\"https:\/\/centar-fm.org\/inmediasres\/index.php\/o-nama\/\" \/>\n<meta property=\"og:locale\" content=\"en_US\" \/>\n<meta property=\"og:type\" content=\"article\" \/>\n<meta property=\"og:title\" content=\"O nama - In Medias Res - \u010casopis centra za filozofiju medija\" \/>\n<meta property=\"og:description\" content=\"ISSN 1848-6304 \u010casopis na hrvatskom i engleskom jeziku bit \u0107e objavljivan dva puta godi\u0161nje (SVIBANJ\/RUJAN). &nbsp; IN MEDIAS RES pokre\u0107emo no\u0161eni idejom da je sredi\u0161nje pitanje ne samo suvremene filozofije nego i svih dru\u0161tvenih i humanisti\u010dkih znanosti i znanstvenih disciplina \u2013 pitanje medija i medijskih posredovanja. &nbsp; U svom pristupu povijesti, religiji, filozofiji, kulturi, umjetnosti, [&hellip;]\" \/>\n<meta property=\"og:url\" content=\"https:\/\/centar-fm.org\/inmediasres\/index.php\/o-nama\/\" \/>\n<meta property=\"og:site_name\" content=\"In Medias Res - \u010casopis centra za filozofiju medija\" \/>\n<meta property=\"article:published_time\" content=\"2011-11-22T13:28:27+00:00\" \/>\n<meta name=\"author\" content=\"Super User\" \/>\n<meta name=\"twitter:card\" content=\"summary_large_image\" \/>\n<meta name=\"twitter:label1\" content=\"Written by\" \/>\n\t<meta name=\"twitter:data1\" content=\"Super User\" \/>\n\t<meta name=\"twitter:label2\" content=\"Est. reading time\" \/>\n\t<meta name=\"twitter:data2\" content=\"2 minutes\" \/>\n<script type=\"application\/ld+json\" class=\"yoast-schema-graph\">{\"@context\":\"https:\\\/\\\/schema.org\",\"@graph\":[{\"@type\":\"Article\",\"@id\":\"https:\\\/\\\/centar-fm.org\\\/inmediasres\\\/index.php\\\/o-nama\\\/#article\",\"isPartOf\":{\"@id\":\"https:\\\/\\\/centar-fm.org\\\/inmediasres\\\/index.php\\\/o-nama\\\/\"},\"author\":{\"name\":\"Super User\",\"@id\":\"https:\\\/\\\/centar-fm.org\\\/inmediasres\\\/#\\\/schema\\\/person\\\/ae49dcc23965665608f66120db8245a4\"},\"headline\":\"O nama\",\"datePublished\":\"2011-11-22T13:28:27+00:00\",\"mainEntityOfPage\":{\"@id\":\"https:\\\/\\\/centar-fm.org\\\/inmediasres\\\/index.php\\\/o-nama\\\/\"},\"wordCount\":477,\"commentCount\":0,\"articleSection\":[\"O nama\"],\"inLanguage\":\"en-US\",\"potentialAction\":[{\"@type\":\"CommentAction\",\"name\":\"Comment\",\"target\":[\"https:\\\/\\\/centar-fm.org\\\/inmediasres\\\/index.php\\\/o-nama\\\/#respond\"]}]},{\"@type\":\"WebPage\",\"@id\":\"https:\\\/\\\/centar-fm.org\\\/inmediasres\\\/index.php\\\/o-nama\\\/\",\"url\":\"https:\\\/\\\/centar-fm.org\\\/inmediasres\\\/index.php\\\/o-nama\\\/\",\"name\":\"O nama - In Medias Res - \u010casopis centra za filozofiju medija\",\"isPartOf\":{\"@id\":\"https:\\\/\\\/centar-fm.org\\\/inmediasres\\\/#website\"},\"datePublished\":\"2011-11-22T13:28:27+00:00\",\"author\":{\"@id\":\"https:\\\/\\\/centar-fm.org\\\/inmediasres\\\/#\\\/schema\\\/person\\\/ae49dcc23965665608f66120db8245a4\"},\"breadcrumb\":{\"@id\":\"https:\\\/\\\/centar-fm.org\\\/inmediasres\\\/index.php\\\/o-nama\\\/#breadcrumb\"},\"inLanguage\":\"en-US\",\"potentialAction\":[{\"@type\":\"ReadAction\",\"target\":[\"https:\\\/\\\/centar-fm.org\\\/inmediasres\\\/index.php\\\/o-nama\\\/\"]}]},{\"@type\":\"BreadcrumbList\",\"@id\":\"https:\\\/\\\/centar-fm.org\\\/inmediasres\\\/index.php\\\/o-nama\\\/#breadcrumb\",\"itemListElement\":[{\"@type\":\"ListItem\",\"position\":1,\"name\":\"Po\u010detna stranica\",\"item\":\"https:\\\/\\\/centar-fm.org\\\/inmediasres\\\/\"},{\"@type\":\"ListItem\",\"position\":2,\"name\":\"O nama\"}]},{\"@type\":\"WebSite\",\"@id\":\"https:\\\/\\\/centar-fm.org\\\/inmediasres\\\/#website\",\"url\":\"https:\\\/\\\/centar-fm.org\\\/inmediasres\\\/\",\"name\":\"In Medias Res - \u010casopis centra za filozofiju medija\",\"description\":\"\",\"potentialAction\":[{\"@type\":\"SearchAction\",\"target\":{\"@type\":\"EntryPoint\",\"urlTemplate\":\"https:\\\/\\\/centar-fm.org\\\/inmediasres\\\/?s={search_term_string}\"},\"query-input\":{\"@type\":\"PropertyValueSpecification\",\"valueRequired\":true,\"valueName\":\"search_term_string\"}}],\"inLanguage\":\"en-US\"},{\"@type\":\"Person\",\"@id\":\"https:\\\/\\\/centar-fm.org\\\/inmediasres\\\/#\\\/schema\\\/person\\\/ae49dcc23965665608f66120db8245a4\",\"name\":\"Super User\",\"image\":{\"@type\":\"ImageObject\",\"inLanguage\":\"en-US\",\"@id\":\"https:\\\/\\\/secure.gravatar.com\\\/avatar\\\/5ac3fc5ccca7755fa3f558fed4a39be2232c6585e68bd398c790d57375dde921?s=96&d=mm&r=g\",\"url\":\"https:\\\/\\\/secure.gravatar.com\\\/avatar\\\/5ac3fc5ccca7755fa3f558fed4a39be2232c6585e68bd398c790d57375dde921?s=96&d=mm&r=g\",\"contentUrl\":\"https:\\\/\\\/secure.gravatar.com\\\/avatar\\\/5ac3fc5ccca7755fa3f558fed4a39be2232c6585e68bd398c790d57375dde921?s=96&d=mm&r=g\",\"caption\":\"Super User\"},\"url\":\"https:\\\/\\\/centar-fm.org\\\/inmediasres\\\/index.php\\\/author\\\/amynovcfmweb\\\/\"}]}<\/script>\n<!-- \/ Yoast SEO plugin. -->","yoast_head_json":{"title":"O nama - In Medias Res - \u010casopis centra za filozofiju medija","robots":{"index":"index","follow":"follow","max-snippet":"max-snippet:-1","max-image-preview":"max-image-preview:large","max-video-preview":"max-video-preview:-1"},"canonical":"https:\/\/centar-fm.org\/inmediasres\/index.php\/o-nama\/","og_locale":"en_US","og_type":"article","og_title":"O nama - In Medias Res - \u010casopis centra za filozofiju medija","og_description":"ISSN 1848-6304 \u010casopis na hrvatskom i engleskom jeziku bit \u0107e objavljivan dva puta godi\u0161nje (SVIBANJ\/RUJAN). &nbsp; IN MEDIAS RES pokre\u0107emo no\u0161eni idejom da je sredi\u0161nje pitanje ne samo suvremene filozofije nego i svih dru\u0161tvenih i humanisti\u010dkih znanosti i znanstvenih disciplina \u2013 pitanje medija i medijskih posredovanja. &nbsp; U svom pristupu povijesti, religiji, filozofiji, kulturi, umjetnosti, [&hellip;]","og_url":"https:\/\/centar-fm.org\/inmediasres\/index.php\/o-nama\/","og_site_name":"In Medias Res - \u010casopis centra za filozofiju medija","article_published_time":"2011-11-22T13:28:27+00:00","author":"Super User","twitter_card":"summary_large_image","twitter_misc":{"Written by":"Super User","Est. reading time":"2 minutes"},"schema":{"@context":"https:\/\/schema.org","@graph":[{"@type":"Article","@id":"https:\/\/centar-fm.org\/inmediasres\/index.php\/o-nama\/#article","isPartOf":{"@id":"https:\/\/centar-fm.org\/inmediasres\/index.php\/o-nama\/"},"author":{"name":"Super User","@id":"https:\/\/centar-fm.org\/inmediasres\/#\/schema\/person\/ae49dcc23965665608f66120db8245a4"},"headline":"O nama","datePublished":"2011-11-22T13:28:27+00:00","mainEntityOfPage":{"@id":"https:\/\/centar-fm.org\/inmediasres\/index.php\/o-nama\/"},"wordCount":477,"commentCount":0,"articleSection":["O nama"],"inLanguage":"en-US","potentialAction":[{"@type":"CommentAction","name":"Comment","target":["https:\/\/centar-fm.org\/inmediasres\/index.php\/o-nama\/#respond"]}]},{"@type":"WebPage","@id":"https:\/\/centar-fm.org\/inmediasres\/index.php\/o-nama\/","url":"https:\/\/centar-fm.org\/inmediasres\/index.php\/o-nama\/","name":"O nama - In Medias Res - \u010casopis centra za filozofiju medija","isPartOf":{"@id":"https:\/\/centar-fm.org\/inmediasres\/#website"},"datePublished":"2011-11-22T13:28:27+00:00","author":{"@id":"https:\/\/centar-fm.org\/inmediasres\/#\/schema\/person\/ae49dcc23965665608f66120db8245a4"},"breadcrumb":{"@id":"https:\/\/centar-fm.org\/inmediasres\/index.php\/o-nama\/#breadcrumb"},"inLanguage":"en-US","potentialAction":[{"@type":"ReadAction","target":["https:\/\/centar-fm.org\/inmediasres\/index.php\/o-nama\/"]}]},{"@type":"BreadcrumbList","@id":"https:\/\/centar-fm.org\/inmediasres\/index.php\/o-nama\/#breadcrumb","itemListElement":[{"@type":"ListItem","position":1,"name":"Po\u010detna stranica","item":"https:\/\/centar-fm.org\/inmediasres\/"},{"@type":"ListItem","position":2,"name":"O nama"}]},{"@type":"WebSite","@id":"https:\/\/centar-fm.org\/inmediasres\/#website","url":"https:\/\/centar-fm.org\/inmediasres\/","name":"In Medias Res - \u010casopis centra za filozofiju medija","description":"","potentialAction":[{"@type":"SearchAction","target":{"@type":"EntryPoint","urlTemplate":"https:\/\/centar-fm.org\/inmediasres\/?s={search_term_string}"},"query-input":{"@type":"PropertyValueSpecification","valueRequired":true,"valueName":"search_term_string"}}],"inLanguage":"en-US"},{"@type":"Person","@id":"https:\/\/centar-fm.org\/inmediasres\/#\/schema\/person\/ae49dcc23965665608f66120db8245a4","name":"Super User","image":{"@type":"ImageObject","inLanguage":"en-US","@id":"https:\/\/secure.gravatar.com\/avatar\/5ac3fc5ccca7755fa3f558fed4a39be2232c6585e68bd398c790d57375dde921?s=96&d=mm&r=g","url":"https:\/\/secure.gravatar.com\/avatar\/5ac3fc5ccca7755fa3f558fed4a39be2232c6585e68bd398c790d57375dde921?s=96&d=mm&r=g","contentUrl":"https:\/\/secure.gravatar.com\/avatar\/5ac3fc5ccca7755fa3f558fed4a39be2232c6585e68bd398c790d57375dde921?s=96&d=mm&r=g","caption":"Super User"},"url":"https:\/\/centar-fm.org\/inmediasres\/index.php\/author\/amynovcfmweb\/"}]}},"_links":{"self":[{"href":"https:\/\/centar-fm.org\/inmediasres\/index.php\/wp-json\/wp\/v2\/posts\/103","targetHints":{"allow":["GET"]}}],"collection":[{"href":"https:\/\/centar-fm.org\/inmediasres\/index.php\/wp-json\/wp\/v2\/posts"}],"about":[{"href":"https:\/\/centar-fm.org\/inmediasres\/index.php\/wp-json\/wp\/v2\/types\/post"}],"author":[{"embeddable":true,"href":"https:\/\/centar-fm.org\/inmediasres\/index.php\/wp-json\/wp\/v2\/users\/2"}],"replies":[{"embeddable":true,"href":"https:\/\/centar-fm.org\/inmediasres\/index.php\/wp-json\/wp\/v2\/comments?post=103"}],"version-history":[{"count":0,"href":"https:\/\/centar-fm.org\/inmediasres\/index.php\/wp-json\/wp\/v2\/posts\/103\/revisions"}],"wp:attachment":[{"href":"https:\/\/centar-fm.org\/inmediasres\/index.php\/wp-json\/wp\/v2\/media?parent=103"}],"wp:term":[{"taxonomy":"category","embeddable":true,"href":"https:\/\/centar-fm.org\/inmediasres\/index.php\/wp-json\/wp\/v2\/categories?post=103"},{"taxonomy":"post_tag","embeddable":true,"href":"https:\/\/centar-fm.org\/inmediasres\/index.php\/wp-json\/wp\/v2\/tags?post=103"}],"curies":[{"name":"wp","href":"https:\/\/api.w.org\/{rel}","templated":true}]}}