{"id":104,"date":"2011-11-22T13:28:27","date_gmt":"2011-11-22T13:28:27","guid":{"rendered":"https:\/\/sweet-mcclintock.194-60-87-163.plesk.page\/inmediasres\/2011\/11\/22\/o-autorima\/"},"modified":"2011-11-22T13:28:27","modified_gmt":"2011-11-22T13:28:27","slug":"o-autorima","status":"publish","type":"post","link":"https:\/\/centar-fm.org\/inmediasres\/index.php\/o-autorima\/","title":{"rendered":"O autorima"},"content":{"rendered":"<p class=\"MsoNormal\" style=\"margin-left: 17.0pt;\"><span style=\"font-size: 12.0pt; font-family: Symbol;\">\u00b7<span style=\"font-family: 'Times New Roman'; font-size: 9px; line-height: 170%;\">&nbsp; &nbsp; &nbsp; &nbsp;<\/span><\/span><br \/>\n<a href=\"http:\/\/www.centar-fm.org\/inmediasres\/index.php\/seadalic\"><br \/>\n<strong>Sead Ali\u0107<\/strong><\/a><\/p>\n<p class=\"MsoNormal\" style=\"margin-left: 17.0pt;\"><span style=\"font-size: 12.0pt; font-family: Symbol;\">\u00b7<span style=\"font-family: 'Times New Roman'; font-size: 9px; line-height: 170%;\">&nbsp; &nbsp; &nbsp; &nbsp;<\/span><\/span><br \/>\n<a href=\"http:\/\/www.centar-fm.org\/inmediasres\/index.php\/aleksej-aniskin\"><br \/>\n<strong>Aleksej Aniskin<\/strong><\/a><\/p>\n<p class=\"MsoNormal\" style=\"margin-left: 17.0pt;\"><span style=\"font-size: 12.0pt; font-family: Symbol;\">\u00b7<span style=\"font-family: 'Times New Roman'; font-size: 9px; line-height: 170%;\">&nbsp; &nbsp; &nbsp; &nbsp;<\/span><\/span><br \/>\n<a href=\"http:\/\/www.centar-fm.org\/inmediasres\/index.php\/marina-askovic\"><br \/>\n<strong>Marina A\u0161kovi\u0107<\/strong><\/a><\/p>\n<p class=\"MsoNormal\" style=\"margin-left: 17.0pt;\"><span style=\"font-size: 12.0pt; font-family: Symbol;\">\u00b7<span style=\"font-family: 'Times New Roman'; font-size: 9px; line-height: 170%;\">&nbsp; &nbsp; &nbsp; &nbsp;<\/span><\/span><br \/>\n<a href=\"http:\/\/www.centar-fm.org\/inmediasres\/index.php\/vanda-babic\"><br \/>\n<strong>Vanda Babi\u0107<\/strong><\/a><\/p>\n<p class=\"MsoNormal\" style=\"margin-left: 17.0pt;\"><span style=\"font-size: 12.0pt; font-family: Symbol;\">\u00b7<span style=\"font-family: 'Times New Roman'; font-size: 9px; line-height: 170%;\">&nbsp; &nbsp; &nbsp; &nbsp;<\/span><\/span><br \/>\n<a href=\"http:\/\/www.centar-fm.org\/inmediasres\/index.php\/daniela-blazevska\"><br \/>\n<strong>Daniela Bla\u017eevska<\/strong><\/a><\/p>\n<p class=\"MsoNormal\" style=\"margin-left: 17.0pt;\"><span style=\"font-size: 12.0pt; font-family: Symbol;\">\u00b7<span style=\"font-family: 'Times New Roman'; font-size: 9px; line-height: 170%;\">&nbsp; &nbsp; &nbsp; &nbsp;<\/span><\/span><br \/>\n<a href=\"http:\/\/www.centar-fm.org\/inmediasres\/index.php\/aleksandra-bokan\"><br \/>\n<strong>Aleksandra Bokan<\/strong><\/a><\/p>\n<p class=\"MsoNormal\" style=\"margin-left: 17.0pt;\"><span style=\"font-size: 12.0pt; font-family: Symbol;\">\u00b7<span style=\"font-family: 'Times New Roman'; font-size: 9px; line-height: 170%;\">&nbsp; &nbsp; &nbsp; &nbsp;<\/span><\/span><br \/>\n<a href=\"http:\/\/www.centar-fm.org\/inmediasres\/index.php\/jadranka-bozic\"><br \/>\n<strong>Jadranka Bo\u017ei\u0107<\/strong><\/a><\/p>\n<p class=\"MsoNormal\" style=\"margin-left: 17.0pt;\"><span style=\"font-size: 12.0pt; font-family: Symbol;\">\u00b7<span style=\"font-family: 'Times New Roman'; font-size: 9px; line-height: 170%;\">&nbsp; &nbsp; &nbsp; &nbsp;<\/span><\/span><br \/>\n<a href=\"http:\/\/www.centar-fm.org\/inmediasres\/index.php\/aleksandra-brakus\"><br \/>\n<strong>Aleksandra Brakus<\/strong><\/a><\/p>\n<p class=\"MsoNormal\" style=\"margin-left: 17.0pt;\"><span style=\"font-size: 12.0pt; font-family: Symbol;\">\u00b7<span style=\"font-family: 'Times New Roman'; font-size: 9px; line-height: 170%;\">&nbsp; &nbsp; &nbsp; &nbsp;<\/span><\/span><br \/>\n<a href=\"http:\/\/www.centar-fm.org\/inmediasres\/index.php\/belma-buljubasic\"><br \/>\n<strong>Belma Buljuba\u0161i\u0107<\/strong><\/a><\/p>\n<p class=\"MsoNormal\" style=\"margin-left: 17.0pt;\"><span style=\"font-size: 12.0pt; font-family: Symbol;\">\u00b7<span style=\"font-family: 'Times New Roman'; font-size: 9px; line-height: 170%;\">&nbsp; &nbsp; &nbsp; &nbsp;<\/span><\/span><br \/>\n<a href=\"http:\/\/www.centar-fm.org\/inmediasres\/index.php\/jose-maria-cantal-rivas\"><br \/>\n<strong>Jos\u00e9 Mar\u00eda Cantal Rivas<\/strong><\/a><\/p>\n<p class=\"MsoNormal\" style=\"margin-left: 17.0pt;\"><span style=\"font-size: 12.0pt; font-family: Symbol;\">\u00b7<span style=\"font-family: 'Times New Roman'; font-size: 9px; line-height: 170%;\">&nbsp; &nbsp; &nbsp; &nbsp;<\/span><\/span><br \/>\n<a href=\"http:\/\/www.centar-fm.org\/inmediasres\/index.php\/violeta-cvetkovska-ocokoljic\"><br \/>\n<strong>Violeta Cvetkovska Ocokolji\u0107<\/strong><\/a><\/p>\n<p class=\"MsoNormal\" style=\"margin-left: 17.0pt;\"><span style=\"font-size: 12.0pt; font-family: Symbol;\">\u00b7<span style=\"font-family: 'Times New Roman'; font-size: 9px; line-height: 170%;\">&nbsp; &nbsp; &nbsp; &nbsp;<\/span><\/span><br \/>\n<a href=\"http:\/\/www.centar-fm.org\/inmediasres\/index.php\/dragan-calovic\"><br \/>\n<strong>Dragan \u0106alovi\u0107<\/strong><\/a><\/p>\n<p class=\"MsoNormal\" style=\"margin-left: 17.0pt;\"><span style=\"font-size: 12.0pt; font-family: Symbol;\">\u00b7<span style=\"font-family: 'Times New Roman'; font-size: 9px; line-height: 170%;\">&nbsp; &nbsp; &nbsp; &nbsp;<\/span><\/span><br \/>\n<a href=\"http:\/\/www.centar-fm.org\/inmediasres\/index.php\/nikola-dedic\"><br \/>\n<strong>Nikola Dedi\u0107<\/strong><\/a><\/p>\n<p class=\"MsoNormal\" style=\"margin-left: 17.0pt;\"><span style=\"font-size: 12.0pt; font-family: Symbol;\">\u00b7<span style=\"font-family: 'Times New Roman'; font-size: 9px; line-height: 170%;\">&nbsp; &nbsp; &nbsp; &nbsp;<\/span><\/span><br \/>\n<a href=\"http:\/\/www.centar-fm.org\/inmediasres\/index.php\/zlatan-delic\"><br \/>\n<strong>Zlatan Deli\u0107<\/strong><\/a><\/p>\n<p class=\"MsoNormal\" style=\"margin-left: 17.0pt;\"><span style=\"font-size: 12.0pt; font-family: Symbol;\">\u00b7<span style=\"font-family: 'Times New Roman'; font-size: 9px; line-height: 170%;\">&nbsp; &nbsp; &nbsp; &nbsp;<\/span><\/span><br \/>\n<a href=\"http:\/\/www.centar-fm.org\/inmediasres\/index.php\/david-dillard-wright\"><br \/>\n<strong>David Dillard &#8211; Wright<\/strong><\/a><\/p>\n<p class=\"MsoNormal\" style=\"margin-left: 17.0pt;\"><span style=\"font-size: 12.0pt; font-family: Symbol;\">\u00b7<span style=\"font-family: 'Times New Roman'; font-size: 9px; line-height: 170%;\">&nbsp; &nbsp; &nbsp; &nbsp;<\/span><\/span><br \/>\n<a href=\"http:\/\/www.centar-fm.org\/inmediasres\/index.php\/sanja-dokic-mrsa\"><br \/>\n<strong>Sanja Doki\u0107 Mr\u0161a<\/strong><\/a><\/p>\n<p class=\"MsoNormal\" style=\"margin-left: 17.0pt;\"><span style=\"font-size: 12.0pt; font-family: Symbol;\">\u00b7<span style=\"font-family: 'Times New Roman'; font-size: 9px; line-height: 170%;\">&nbsp; &nbsp; &nbsp; &nbsp;<\/span><\/span><br \/>\n<a href=\"http:\/\/www.centar-fm.org\/inmediasres\/index.php\/dejan-donev\"><br \/>\n<strong>Dejan Donev <\/strong><\/a><\/p>\n<p class=\"MsoNormal\" style=\"margin-left: 17.0pt;\"><span style=\"font-size: 12.0pt; font-family: Symbol;\">\u00b7<span style=\"font-family: 'Times New Roman'; font-size: 9px; line-height: 170%;\">&nbsp; &nbsp; &nbsp; &nbsp;<\/span><\/span><br \/>\n<a href=\"http:\/\/www.centar-fm.org\/inmediasres\/index.php\/katarina-dragovic\"><br \/>\n<strong>Katarina Dragovi\u0107<\/strong><\/a><\/p>\n<p class=\"MsoNormal\" style=\"margin-left: 17.0pt;\"><span style=\"font-size: 12.0pt; font-family: Symbol;\">\u00b7<span style=\"font-family: 'Times New Roman'; font-size: 9px; line-height: 170%;\">&nbsp; &nbsp; &nbsp; &nbsp;<\/span><\/span><br \/>\n<a href=\"http:\/\/www.centar-fm.org\/inmediasres\/index.php\/mimo-draskovic\"><br \/>\n<strong>Mimo Dra\u0161kovi\u0107<\/strong><\/a><\/p>\n<p class=\"MsoNormal\" style=\"margin-left: 17.0pt;\"><span style=\"font-size: 12.0pt; font-family: Symbol;\">\u00b7<span style=\"font-family: 'Times New Roman'; font-size: 9px; line-height: 170%;\">&nbsp; &nbsp; &nbsp; &nbsp;<\/span><\/span><br \/>\n<a href=\"http:\/\/www.centar-fm.org\/inmediasres\/index.php\/zdenko-duka\"><br \/>\n<strong>Zdenko Duka<\/strong><\/a><\/p>\n<p class=\"MsoNormal\" style=\"margin-left: 17.0pt;\"><span style=\"font-size: 12.0pt; font-family: Symbol;\">\u00b7<span style=\"font-family: 'Times New Roman'; font-size: 9px; line-height: 170%;\">&nbsp; &nbsp; &nbsp; &nbsp;<\/span><\/span><br \/>\n<a href=\"http:\/\/www.centar-fm.org\/inmediasres\/index.php\/davor-dzalto\"><br \/>\n<strong>Davor D\u017ealto<\/strong><\/a><\/p>\n<p class=\"MsoNormal\" style=\"margin-left: 17.0pt;\"><span style=\"font-size: 12.0pt; font-family: Symbol;\">\u00b7<span style=\"font-family: 'Times New Roman'; font-size: 9px; line-height: 170%;\">&nbsp; &nbsp; &nbsp; &nbsp;<\/span><\/span><br \/>\n<a href=\"http:\/\/www.centar-fm.org\/inmediasres\/index.php\/milos-dordevic\"><br \/>\n<strong>Milo\u0161 \u0110or\u0111evi\u0107<\/strong><\/a><\/p>\n<p class=\"MsoNormal\" style=\"margin-left: 17.0pt;\"><span style=\"font-size: 12.0pt; font-family: Symbol;\">\u00b7<span style=\"font-family: 'Times New Roman'; font-size: 9px; line-height: 170%;\">&nbsp; &nbsp; &nbsp; &nbsp;<\/span><\/span><br \/>\n<a href=\"http:\/\/www.centar-fm.org\/inmediasres\/index.php\/ana-durkovic\"><br \/>\n<strong>Ana \u0110urkovi\u0107<\/strong><\/a><\/p>\n<p class=\"MsoNormal\" style=\"margin-left: 17.0pt;\"><span style=\"font-size: 12.0pt; font-family: Symbol;\">\u00b7<span style=\"font-family: 'Times New Roman'; font-size: 9px; line-height: 170%;\">&nbsp; &nbsp; &nbsp; &nbsp;<\/span><\/span><br \/>\n<a href=\"http:\/\/www.centar-fm.org\/inmediasres\/index.php\/ivana-ercegovac\"><br \/>\n<strong>Ivana Ercegovac<\/strong><\/a><\/p>\n<p class=\"MsoNormal\" style=\"margin-left: 17.0pt;\"><span style=\"font-size: 12.0pt; font-family: Symbol;\">\u00b7<span style=\"font-family: 'Times New Roman'; font-size: 9px; line-height: 170%;\">&nbsp; &nbsp; &nbsp; &nbsp;<\/span><\/span><br \/>\n<a href=\"http:\/\/www.centar-fm.org\/inmediasres\/index.php\/predrag-finci\"><br \/>\n<strong>Predrag Finci<\/strong><\/a><\/p>\n<p class=\"MsoNormal\" style=\"margin-left: 17.0pt;\"><span style=\"font-size: 12.0pt; font-family: Symbol;\">\u00b7<span style=\"font-family: 'Times New Roman'; font-size: 9px; line-height: 170%;\">&nbsp; &nbsp; &nbsp; &nbsp;<\/span><\/span><br \/>\n<a href=\"http:\/\/www.centar-fm.org\/inmediasres\/index.php\/ivana-greguric\"><br \/>\n<strong>Ivana Greguric<\/strong><\/a><\/p>\n<p class=\"MsoNormal\" style=\"margin-left: 17.0pt;\"><span style=\"font-size: 12.0pt; font-family: Symbol;\">\u00b7<span style=\"font-family: 'Times New Roman'; font-size: 9px; line-height: 170%;\">&nbsp; &nbsp; &nbsp; &nbsp;<\/span><\/span><br \/>\n<a href=\"http:\/\/www.centar-fm.org\/inmediasres\/index.php\/mira-hercigonja-szekeres\"><br \/>\n<strong>Mira Hercigonja Szekeres<\/strong><\/a><\/p>\n<p class=\"MsoNormal\" style=\"margin-left: 17.0pt;\"><span style=\"font-size: 12.0pt; font-family: Symbol;\">\u00b7<span style=\"font-family: 'Times New Roman'; font-size: 9px; line-height: 170%;\">&nbsp; &nbsp; &nbsp; &nbsp;<\/span><\/span><br \/>\n<a href=\"http:\/\/www.centar-fm.org\/inmediasres\/index.php\/zeljko-ivankovic\"><br \/>\n<strong>\u017deljko Ivankovi\u0107<\/strong><\/a><\/p>\n<p class=\"MsoNormal\" style=\"margin-left: 17.0pt;\"><span style=\"font-size: 12.0pt; font-family: Symbol;\">\u00b7<span style=\"font-family: 'Times New Roman'; font-size: 9px; line-height: 170%;\">&nbsp; &nbsp; &nbsp; &nbsp;<\/span><\/span><br \/>\n<a href=\"http:\/\/www.centar-fm.org\/inmediasres\/index.php\/vesna-ivezic\"><br \/>\n<strong>Vesna Ivezi\u0107<\/strong><\/a><\/p>\n<p class=\"MsoNormal\" style=\"margin-left: 17.0pt;\"><span style=\"font-size: 12.0pt; font-family: Symbol;\">\u00b7<span style=\"font-family: 'Times New Roman'; font-size: 9px; line-height: 170%;\">&nbsp; &nbsp; &nbsp; &nbsp;<\/span><\/span><br \/>\n<a href=\"http:\/\/www.centar-fm.org\/inmediasres\/index.php\/dragana-jovanovic\"><br \/>\n<strong>Dragana Jov\u0430novi\u0107<\/strong><\/a><\/p>\n<p class=\"MsoNormal\" style=\"margin-left: 17.0pt;\"><span style=\"font-size: 12.0pt; font-family: Symbol;\">\u00b7<span style=\"font-family: 'Times New Roman'; font-size: 9px; line-height: 170%;\">&nbsp; &nbsp; &nbsp; &nbsp;<\/span><\/span><br \/>\n<a href=\"http:\/\/www.centar-fm.org\/inmediasres\/index.php\/nikola-jozic\"><br \/>\n<strong>Nikola Jozi\u0107<\/strong><\/a><\/p>\n<p class=\"MsoNormal\" style=\"margin-left: 17.0pt;\"><span style=\"font-size: 12.0pt; font-family: Symbol;\">\u00b7<span style=\"font-family: 'Times New Roman'; font-size: 9px; line-height: 170%;\">&nbsp; &nbsp; &nbsp; &nbsp;<\/span><\/span><br \/>\n<a href=\"http:\/\/www.centar-fm.org\/inmediasres\/index.php\/jelena-j-rvovic\"><br \/>\n<strong>Jelena J. Rvovi\u0107<\/strong><\/a><\/p>\n<p class=\"MsoNormal\" style=\"margin-left: 17.0pt;\"><span style=\"font-size: 12.0pt; font-family: Symbol;\">\u00b7<span style=\"font-family: 'Times New Roman'; font-size: 9px; line-height: 170%;\">&nbsp; &nbsp; &nbsp; &nbsp;<\/span><\/span><br \/>\n<a href=\"http:\/\/www.centar-fm.org\/inmediasres\/index.php\/zeljko-kruselj\"><br \/>\n<strong>\u017deljko Kru\u0161elj<\/strong><\/a><\/p>\n<p class=\"MsoNormal\" style=\"margin-left: 17.0pt;\"><span style=\"font-size: 12.0pt; font-family: Symbol;\">\u00b7<span style=\"font-family: 'Times New Roman'; font-size: 9px; line-height: 170%;\">&nbsp; &nbsp; &nbsp; &nbsp;<\/span><\/span><br \/>\n<a href=\"http:\/\/www.centar-fm.org\/inmediasres\/index.php\/damir-kukic\"><br \/>\n<strong>Damir Kuki\u0107<\/strong><\/a><\/p>\n<p class=\"MsoNormal\" style=\"margin-left: 17.0pt;\"><span style=\"font-size: 12.0pt; font-family: Symbol;\">\u00b7<span style=\"font-family: 'Times New Roman'; font-size: 9px; line-height: 170%;\">&nbsp; &nbsp; &nbsp; &nbsp;<\/span><\/span><br \/>\n<a href=\"http:\/\/www.centar-fm.org\/inmediasres\/index.php\/suzana-kunac\"><br \/>\n<strong>Suzana Kunac<\/strong><\/a><\/p>\n<p class=\"MsoNormal\" style=\"margin-left: 17.0pt;\"><span style=\"font-size: 12.0pt; font-family: Symbol;\">\u00b7<span style=\"font-family: 'Times New Roman'; font-size: 9px; line-height: 170%;\">&nbsp; &nbsp; &nbsp; &nbsp;<\/span><\/span><br \/>\n<a href=\"http:\/\/www.centar-fm.org\/inmediasres\/index.php\/gordana-lesinger\"><br \/>\n<strong>Gordana Lesinger<\/strong><\/a><\/p>\n<p class=\"MsoNormal\" style=\"margin-left: 17.0pt;\"><span style=\"font-size: 12.0pt; font-family: Symbol;\">\u00b7<span style=\"font-family: 'Times New Roman'; font-size: 9px; line-height: 170%;\">&nbsp; &nbsp; &nbsp; &nbsp;<\/span><\/span><br \/>\n<a href=\"http:\/\/www.centar-fm.org\/inmediasres\/index.php\/mirza-mahmutovic\"><br \/>\n<strong>Mirza Mahmutovi\u0107<\/strong><\/a><\/p>\n<p class=\"MsoNormal\" style=\"margin-left: 17.0pt;\"><span style=\"font-size: 12.0pt; font-family: Symbol;\">\u00b7<span style=\"font-family: 'Times New Roman'; font-size: 9px; line-height: 170%;\">&nbsp; &nbsp; &nbsp; &nbsp;<\/span><\/span><br \/>\n<a href=\"http:\/\/www.centar-fm.org\/inmediasres\/index.php\/jelena-maksimovic\"><br \/>\n<strong>Jelena Maksimovi\u0107<\/strong><\/a><\/p>\n<p class=\"MsoNormal\" style=\"margin-left: 17.0pt;\"><span style=\"font-size: 12.0pt; font-family: Symbol;\">\u00b7<span style=\"font-family: 'Times New Roman'; font-size: 9px; line-height: 170%;\">&nbsp; &nbsp; &nbsp; &nbsp;<\/span><\/span><br \/>\n<a href=\"http:\/\/www.centar-fm.org\/inmediasres\/index.php\/franjo-maletic\"><br \/>\n<strong>Franjo Maleti\u0107<\/strong><\/a><\/p>\n<p class=\"MsoNormal\" style=\"margin-left: 17.0pt;\"><span style=\"font-size: 12.0pt; font-family: Symbol;\">\u00b7<span style=\"font-family: 'Times New Roman'; font-size: 9px; line-height: 170%;\">&nbsp; &nbsp; &nbsp; &nbsp;<\/span><\/span><br \/>\n<a href=\"http:\/\/www.centar-fm.org\/inmediasres\/index.php\/ljiljana-manic\"><br \/>\n<strong>Ljiljana Mani\u0107<\/strong><\/a><\/p>\n<p class=\"MsoNormal\" style=\"margin-left: 17.0pt;\"><span style=\"font-size: 12.0pt; font-family: Symbol;\">\u00b7<span style=\"font-family: 'Times New Roman'; font-size: 9px; line-height: 170%;\">&nbsp; &nbsp; &nbsp; &nbsp;<\/span><\/span><br \/>\n<a href=\"http:\/\/www.centar-fm.org\/inmediasres\/index.php\/ksenija-markovic\"><br \/>\n<strong>Ksenija Markovi\u0107<\/strong><\/a><\/p>\n<p class=\"MsoNormal\" style=\"margin-left: 17.0pt;\"><span style=\"font-size: 12.0pt; font-family: Symbol;\">\u00b7<span style=\"font-family: 'Times New Roman'; font-size: 9px; line-height: 170%;\">&nbsp; &nbsp; &nbsp; &nbsp;<\/span><\/span><br \/>\n<a href=\"http:\/\/www.centar-fm.org\/inmediasres\/index.php\/ana-martinoli\"><br \/>\n<strong>Ana Martinoli<\/strong><\/a><\/p>\n<p class=\"MsoNormal\" style=\"margin-left: 17.0pt;\"><span style=\"font-size: 12.0pt; font-family: Symbol;\">\u00b7<span style=\"font-family: 'Times New Roman'; font-size: 9px; line-height: 170%;\">&nbsp; &nbsp; &nbsp; &nbsp;<\/span><\/span><br \/>\n<a href=\"http:\/\/www.centar-fm.org\/inmediasres\/index.php\/vesna-milenkovic\"><br \/>\n<strong>Vesna Milenkovi\u0107<\/strong><\/a><\/p>\n<p class=\"MsoNormal\" style=\"margin-left: 17.0pt;\"><span style=\"font-size: 12.0pt; font-family: Symbol;\">\u00b7<span style=\"font-family: 'Times New Roman'; font-size: 9px; line-height: 170%;\">&nbsp; &nbsp; &nbsp; &nbsp;<\/span><\/span><br \/>\n<a href=\"http:\/\/www.centar-fm.org\/inmediasres\/index.php\/sasa-milic\"><br \/>\n<strong>Sa\u0161a Mili\u0107<\/strong><\/a><\/p>\n<p class=\"MsoNormal\" style=\"margin-left: 17.0pt;\"><span style=\"font-size: 12.0pt; font-family: Symbol;\">\u00b7<span style=\"font-family: 'Times New Roman'; font-size: 9px; line-height: 170%;\">&nbsp; &nbsp; &nbsp; &nbsp;<\/span><\/span><br \/>\n<a href=\"http:\/\/www.centar-fm.org\/inmediasres\/index.php\/tatjana-milivojevic\"><br \/>\n<strong>Tatjana Milivojevi\u0107<\/strong><\/a><\/p>\n<p class=\"MsoNormal\" style=\"margin-left: 17.0pt;\"><span style=\"font-size: 12.0pt; font-family: Symbol;\">\u00b7<span style=\"font-family: 'Times New Roman'; font-size: 9px; line-height: 170%;\">&nbsp; &nbsp; &nbsp; &nbsp;<\/span><\/span><br \/>\n<a href=\"http:\/\/www.centar-fm.org\/inmediasres\/index.php\/marina-milivojevic-madarev\"><br \/>\n<strong>Marina Milivojevi\u0107-Ma\u0111arev<\/strong><\/a><\/p>\n<p class=\"MsoNormal\" style=\"margin-left: 17.0pt;\"><span style=\"font-size: 12.0pt; font-family: Symbol;\">\u00b7<span style=\"font-family: 'Times New Roman'; font-size: 9px; line-height: 170%;\">&nbsp; &nbsp; &nbsp; &nbsp;<\/span><\/span><br \/>\n<a href=\"http:\/\/www.centar-fm.org\/inmediasres\/index.php\/angelina-milosavljevic-ault\"><br \/>\n<strong>Angelina Milosavljevi\u0107-Ault<\/strong><\/a><\/p>\n<p class=\"MsoNormal\" style=\"margin-left: 17.0pt;\"><span style=\"font-size: 12.0pt; font-family: Symbol;\">\u00b7<span style=\"font-family: 'Times New Roman'; font-size: 9px; line-height: 170%;\">&nbsp; &nbsp; &nbsp; &nbsp;<\/span><\/span><br \/>\n<a href=\"http:\/\/www.centar-fm.org\/inmediasres\/index.php\/milos-milosevic\"><br \/>\n<strong>Milo\u0161 Milo\u0161evi\u0107<\/strong><\/a><\/p>\n<p class=\"MsoNormal\" style=\"margin-left: 17.0pt;\"><span style=\"font-size: 12.0pt; font-family: Symbol;\">\u00b7<span style=\"font-family: 'Times New Roman'; font-size: 9px; line-height: 170%;\">&nbsp; &nbsp; &nbsp; &nbsp;<\/span><\/span><br \/>\n<a href=\"http:\/\/www.centar-fm.org\/inmediasres\/index.php\/natasa-miljevic-jovanovic\"><br \/>\n<strong>Nata\u0161a Miljevi\u0107 Jovanovi\u0107<\/strong><\/a><\/p>\n<p class=\"MsoNormal\" style=\"margin-left: 17.0pt;\"><span style=\"font-size: 12.0pt; font-family: Symbol;\">\u00b7<span style=\"font-family: 'Times New Roman'; font-size: 9px; line-height: 170%;\">&nbsp; &nbsp; &nbsp; &nbsp;<\/span><\/span><br \/>\n<a href=\"http:\/\/www.centar-fm.org\/inmediasres\/index.php\/trina-mjeda\"><br \/>\n<strong>Trina Mjeda<\/strong><\/a><\/p>\n<p class=\"MsoNormal\" style=\"margin-left: 17.0pt;\"><span style=\"font-size: 12.0pt; font-family: Symbol;\">\u00b7<span style=\"font-family: 'Times New Roman'; font-size: 9px; line-height: 170%;\">&nbsp; &nbsp; &nbsp; &nbsp;<\/span><\/span><br \/>\n<a href=\"http:\/\/www.centar-fm.org\/inmediasres\/index.php\/ivan-muhovec\"><br \/>\n<strong>Ivan Muhovec<\/strong><\/a><\/p>\n<p class=\"MsoNormal\" style=\"margin-left: 17.0pt;\"><span style=\"font-size: 12.0pt; font-family: Symbol;\">\u00b7<span style=\"font-family: 'Times New Roman'; font-size: 9px; line-height: 170%;\">&nbsp; &nbsp; &nbsp; &nbsp;<\/span><\/span><br \/>\n<a href=\"http:\/\/www.centar-fm.org\/inmediasres\/index.php\/matija-oreskovic\"><br \/>\n<strong>Matija Ore\u0161kovi\u0107<\/strong><\/a><\/p>\n<p class=\"MsoNormal\" style=\"margin-left: 17.0pt;\"><span style=\"font-size: 12.0pt; font-family: Symbol;\">\u00b7<span style=\"font-family: 'Times New Roman'; font-size: 9px; line-height: 170%;\">&nbsp; &nbsp; &nbsp; &nbsp;<\/span><\/span><br \/>\n<a href=\"http:\/\/www.centar-fm.org\/inmediasres\/index.php\/jelena-osmanovic\"><br \/>\n<strong>Jelena Osmanovi\u0107<\/strong><\/a><\/p>\n<p class=\"MsoNormal\" style=\"margin-left: 17.0pt;\"><span style=\"font-size: 12.0pt; font-family: Symbol;\">\u00b7<span style=\"font-family: 'Times New Roman'; font-size: 9px; line-height: 170%;\">&nbsp; &nbsp; &nbsp; &nbsp;<\/span><\/span><br \/>\n<a href=\"http:\/\/www.centar-fm.org\/inmediasres\/index.php\/danijela-pantic-conic\"><br \/>\n<strong>Danijela Panti\u0107 Coni\u0107<\/strong><\/a><\/p>\n<p class=\"MsoNormal\" style=\"margin-left: 17.0pt;\"><span style=\"font-size: 12.0pt; font-family: Symbol;\">\u00b7<span style=\"font-family: 'Times New Roman'; font-size: 9px; line-height: 170%;\">&nbsp; &nbsp; &nbsp; &nbsp;<\/span><\/span><br \/>\n<a href=\"http:\/\/www.centar-fm.org\/inmediasres\/index.php\/melita-pavlek\"><br \/>\n<strong>Melita Pavlek<\/strong><\/a><\/p>\n<p class=\"MsoNormal\" style=\"margin-left: 17.0pt;\"><span style=\"font-size: 12.0pt; font-family: Symbol;\">\u00b7<span style=\"font-family: 'Times New Roman'; font-size: 9px; line-height: 170%;\">&nbsp; &nbsp; &nbsp; &nbsp;<\/span><\/span><br \/>\n<a href=\"http:\/\/www.centar-fm.org\/inmediasres\/index.php\/mileva-pavlovic\"><br \/>\n<strong>Mileva Pavlovi\u0107<\/strong><\/a><\/p>\n<p class=\"MsoNormal\" style=\"margin-left: 17.0pt;\"><span style=\"font-size: 12.0pt; font-family: Symbol;\">\u00b7<span style=\"font-family: 'Times New Roman'; font-size: 9px; line-height: 170%;\">&nbsp; &nbsp; &nbsp; &nbsp;<\/span><\/span><br \/>\n<a href=\"http:\/\/www.centar-fm.org\/inmediasres\/index.php\/jelena-petrovic\"><br \/>\n<strong>Jelena Petrovi\u0107<\/strong><\/a><\/p>\n<p class=\"MsoNormal\" style=\"margin-left: 17.0pt;\"><span style=\"font-size: 12.0pt; font-family: Symbol;\">\u00b7<span style=\"font-family: 'Times New Roman'; font-size: 9px; line-height: 170%;\">&nbsp; &nbsp; &nbsp; &nbsp;<\/span><\/span><br \/>\n<a href=\"http:\/\/www.centar-fm.org\/inmediasres\/index.php\/miomir-petrovic\"><br \/>\n<strong>Miomir Petrovi\u0107<\/strong><\/a><\/p>\n<p class=\"MsoNormal\" style=\"margin-left: 17.0pt;\"><span style=\"font-size: 12.0pt; font-family: Symbol;\">\u00b7<span style=\"font-family: 'Times New Roman'; font-size: 9px; line-height: 170%;\">&nbsp; &nbsp; &nbsp; &nbsp;<\/span><\/span><br \/>\n<a href=\"http:\/\/www.centar-fm.org\/inmediasres\/index.php\/miroljub-radojkovic\"><br \/>\n<strong>Miroljub Radojkovi\u0107<\/strong><\/a><\/p>\n<p class=\"MsoNormal\" style=\"margin-left: 17.0pt;\"><span style=\"font-size: 12.0pt; font-family: Symbol;\">\u00b7<span style=\"font-family: 'Times New Roman'; font-size: 9px; line-height: 170%;\">&nbsp; &nbsp; &nbsp; &nbsp;<\/span><\/span><br \/>\n<a href=\"http:\/\/www.centar-fm.org\/inmediasres\/index.php\/irena-ristic\"><br \/>\n<strong>Irena Risti\u0107<\/strong><\/a><\/p>\n<p class=\"MsoNormal\" style=\"margin-left: 17.0pt;\"><span style=\"font-size: 12.0pt; font-family: Symbol;\">\u00b7<span style=\"font-family: 'Times New Roman'; font-size: 9px; line-height: 170%;\">&nbsp; &nbsp; &nbsp; &nbsp;<\/span><\/span><br \/>\n<a href=\"http:\/\/www.centar-fm.org\/inmediasres\/index.php\/vesna-roller\"><br \/>\n<strong>Vesna Roller<\/strong><\/a><\/p>\n<p class=\"MsoNormal\" style=\"margin-left: 17.0pt;\"><span style=\"font-size: 12.0pt; font-family: Symbol;\">\u00b7<span style=\"font-family: 'Times New Roman'; font-size: 9px; line-height: 170%;\">&nbsp; &nbsp; &nbsp; &nbsp;<\/span><\/span><br \/>\n<a href=\"http:\/\/www.centar-fm.org\/inmediasres\/index.php\/zeljko-rutovic\"><br \/>\n<strong>\u017deljko Rutovi\u0107<\/strong><\/a><\/p>\n<p class=\"MsoNormal\" style=\"margin-left: 17.0pt;\"><span style=\"font-size: 12.0pt; font-family: Symbol;\">\u00b7<span style=\"font-family: 'Times New Roman'; font-size: 9px; line-height: 170%;\">&nbsp; &nbsp; &nbsp; &nbsp;<\/span><\/span><br \/>\n<a href=\"http:\/\/www.centar-fm.org\/inmediasres\/index.php\/natasa-ruzic\"><br \/>\n<strong>Nata\u0161a Ru\u017ei\u0107<\/strong><\/a><\/p>\n<p class=\"MsoNormal\" style=\"margin-left: 17.0pt;\"><span style=\"font-size: 12.0pt; font-family: Symbol;\">\u00b7<span style=\"font-family: 'Times New Roman'; font-size: 9px; line-height: 170%;\">&nbsp; &nbsp; &nbsp; &nbsp;<\/span><\/span><br \/>\n<a href=\"http:\/\/www.centar-fm.org\/inmediasres\/index.php\/adriana-sabo\"><br \/>\n<strong>Adriana Sabo<\/strong><\/a><\/p>\n<p class=\"MsoNormal\" style=\"margin-left: 17.0pt;\"><span style=\"font-size: 12.0pt; font-family: Symbol;\">\u00b7<span style=\"font-family: 'Times New Roman'; font-size: 9px; line-height: 170%;\">&nbsp; &nbsp; &nbsp; &nbsp;<\/span><\/span><br \/>\n<a href=\"http:\/\/www.centar-fm.org\/inmediasres\/index.php\/sandra-santrac\"><br \/>\n<strong>Sandra Santra\u010d<\/strong><\/a><\/p>\n<p class=\"MsoNormal\" style=\"margin-left: 17.0pt;\"><span style=\"font-size: 12.0pt; font-family: Symbol;\">\u00b7<span style=\"font-family: 'Times New Roman'; font-size: 9px; line-height: 170%;\">&nbsp; &nbsp; &nbsp; &nbsp;<\/span><\/span><br \/>\n<a href=\"http:\/\/www.centar-fm.org\/inmediasres\/index.php\/abderrazak-sayadi\"><br \/>\n<strong>Abderrazak Sayadi<\/strong><\/a><\/p>\n<p class=\"MsoNormal\" style=\"margin-left: 17.0pt;\"><span style=\"font-size: 12.0pt; font-family: Symbol;\">\u00b7<span style=\"font-family: 'Times New Roman'; font-size: 9px; line-height: 170%;\">&nbsp; &nbsp; &nbsp; &nbsp;<\/span><\/span><br \/>\n<a href=\"http:\/\/www.centar-fm.org\/inmediasres\/index.php\/nenad-sikirica\"><br \/>\n<strong>Nenad Sikirica<\/strong><\/a><\/p>\n<p class=\"MsoNormal\" style=\"margin-left: 17.0pt;\"><span style=\"font-size: 12.0pt; font-family: Symbol;\">\u00b7<span style=\"font-family: 'Times New Roman'; font-size: 9px; line-height: 170%;\">&nbsp; &nbsp; &nbsp; &nbsp;<\/span><\/span><br \/>\n<a href=\"http:\/\/www.centar-fm.org\/inmediasres\/index.php\/jana-simovic\"><br \/>\n<strong>Jana Simovi\u0107<\/strong><\/a><\/p>\n<p class=\"MsoNormal\" style=\"margin-left: 17.0pt;\"><span style=\"font-size: 12.0pt; font-family: Symbol;\">\u00b7<span style=\"font-family: 'Times New Roman'; font-size: 9px; line-height: 170%;\">&nbsp; &nbsp; &nbsp; &nbsp;<\/span><\/span><br \/>\n<a href=\"http:\/\/www.centar-fm.org\/inmediasres\/index.php\/damir-smiljanic\"><br \/>\n<strong>Damir Smiljani\u0107<\/strong><\/a><\/p>\n<p class=\"MsoNormal\" style=\"margin-left: 17.0pt;\"><span style=\"font-size: 12.0pt; font-family: Symbol;\">\u00b7<span style=\"font-family: 'Times New Roman'; font-size: 9px; line-height: 170%;\">&nbsp; &nbsp; &nbsp; &nbsp;<\/span><\/span><br \/>\n<a href=\"http:\/\/www.centar-fm.org\/inmediasres\/index.php\/halima-sofradzija\"><br \/>\n<strong>Halima Sofrad\u017eija<\/strong><\/a><\/p>\n<p class=\"MsoNormal\" style=\"margin-left: 17.0pt;\"><span style=\"font-size: 12.0pt; font-family: Symbol;\">\u00b7<span style=\"font-family: 'Times New Roman'; font-size: 9px; line-height: 170%;\">&nbsp; &nbsp; &nbsp; &nbsp;<\/span><\/span><br \/>\n<a href=\"http:\/\/www.centar-fm.org\/inmediasres\/index.php\/bozo-soldo\"><br \/>\n<strong>Bo\u017eo Soldo<\/strong><\/a><\/p>\n<p class=\"MsoNormal\" style=\"margin-left: 17.0pt;\"><span style=\"font-size: 12.0pt; font-family: Symbol;\">\u00b7<span style=\"font-family: 'Times New Roman'; font-size: 9px; line-height: 170%;\">&nbsp; &nbsp; &nbsp; &nbsp;<\/span><\/span><br \/>\n<a href=\"http:\/\/www.centar-fm.org\/inmediasres\/index.php\/marko-stamenkovic\"><br \/>\n<strong>Marko Stamenkovi\u0107<\/strong><\/a><\/p>\n<p class=\"MsoNormal\" style=\"margin-left: 17.0pt;\"><span style=\"font-size: 12.0pt; font-family: Symbol;\">\u00b7<span style=\"font-family: 'Times New Roman'; font-size: 9px; line-height: 170%;\">&nbsp; &nbsp; &nbsp; &nbsp;<\/span><\/span><br \/>\n<a href=\"http:\/\/www.centar-fm.org\/inmediasres\/index.php\/sladana-stamenkovic\"><br \/>\n<strong>Sla\u0111ana Stamenkovi\u0107<\/strong><\/a><\/p>\n<p class=\"MsoNormal\" style=\"margin-left: 17.0pt;\"><span style=\"font-size: 12.0pt; font-family: Symbol;\">\u00b7<span style=\"font-family: 'Times New Roman'; font-size: 9px; line-height: 170%;\">&nbsp; &nbsp; &nbsp; &nbsp;<\/span><\/span><br \/>\n<a href=\"http:\/\/www.centar-fm.org\/inmediasres\/index.php\/zorica-stanisavljevic-petrovic\"><br \/>\n<strong>Zorica Stanisavljevi\u0107 Petrovi\u0107<\/strong><\/a><\/p>\n<p class=\"MsoNormal\" style=\"margin-left: 17.0pt;\"><span style=\"font-size: 12.0pt; font-family: Symbol;\">\u00b7<span style=\"font-family: 'Times New Roman'; font-size: 9px; line-height: 170%;\">&nbsp; &nbsp; &nbsp; &nbsp;<\/span><\/span><br \/>\n<a href=\"http:\/\/www.centar-fm.org\/inmediasres\/index.php\/radenko-scekic\"><br \/>\n<strong>Radenko \u0160\u0107eki\u0107<\/strong><\/a><\/p>\n<p class=\"MsoNormal\" style=\"margin-left: 17.0pt;\"><span style=\"font-size: 12.0pt; font-family: Symbol;\">\u00b7<span style=\"font-family: 'Times New Roman'; font-size: 9px; line-height: 170%;\">&nbsp; &nbsp; &nbsp; &nbsp;<\/span><\/span><br \/>\n<a href=\"http:\/\/www.centar-fm.org\/inmediasres\/index.php\/fulvio-suran\"><br \/>\n<strong>Fulvio \u0160uran<\/strong><\/a><\/p>\n<p class=\"MsoNormal\" style=\"margin-left: 17.0pt;\"><span style=\"font-size: 12.0pt; font-family: Symbol;\">\u00b7<span style=\"font-family: 'Times New Roman'; font-size: 9px; line-height: 170%;\">&nbsp; &nbsp; &nbsp; &nbsp;<\/span><\/span><br \/>\n<a href=\"http:\/\/www.centar-fm.org\/inmediasres\/index.php\/edin-tabak\"><br \/>\n<strong>Edin Tabak<\/strong><\/a><\/p>\n<p class=\"MsoNormal\" style=\"margin-left: 17.0pt;\"><span style=\"font-size: 12.0pt; font-family: Symbol;\">\u00b7<span style=\"font-family: 'Times New Roman'; font-size: 9px; line-height: 170%;\">&nbsp; &nbsp; &nbsp; &nbsp;<\/span><\/span><br \/>\n<a href=\"http:\/\/www.centar-fm.org\/inmediasres\/index.php\/ivan-tanta\"><br \/>\n<strong>Ivan Tanta<\/strong><\/a><\/p>\n<p class=\"MsoNormal\" style=\"margin-left: 17.0pt;\"><span style=\"font-size: 12.0pt; font-family: Symbol;\">\u00b7<span style=\"font-family: 'Times New Roman'; font-size: 9px; line-height: 170%;\">&nbsp; &nbsp; &nbsp; &nbsp;<\/span><\/span><br \/>\n<a href=\"http:\/\/www.centar-fm.org\/inmediasres\/index.php\/nada-torlak\"><br \/>\n<strong>Nada Torlak<\/strong><\/a><\/p>\n<p class=\"MsoNormal\" style=\"margin-left: 17.0pt;\"><span style=\"font-size: 12.0pt; font-family: Symbol;\">\u00b7<span style=\"font-family: 'Times New Roman'; font-size: 9px; line-height: 170%;\">&nbsp; &nbsp; &nbsp; &nbsp;<\/span><\/span><br \/>\n<a href=\"http:\/\/www.centar-fm.org\/inmediasres\/index.php\/polona-tratnik\"><br \/>\n<strong>Polona Tratnik<\/strong><\/a><\/p>\n<p class=\"MsoNormal\" style=\"margin-left: 17.0pt;\"><span style=\"font-size: 12.0pt; font-family: Symbol;\">\u00b7<span style=\"font-family: 'Times New Roman'; font-size: 9px; line-height: 170%;\">&nbsp; &nbsp; &nbsp; &nbsp;<\/span><\/span><br \/>\n<a href=\"http:\/\/www.centar-fm.org\/inmediasres\/index.php\/lejla-turcilo\"><br \/>\n<strong>Lejla Tur\u010dilo<\/strong><\/a><\/p>\n<p class=\"MsoNormal\" style=\"margin-left: 17.0pt;\"><span style=\"font-size: 12.0pt; font-family: Symbol;\">\u00b7<span style=\"font-family: 'Times New Roman'; font-size: 9px; line-height: 170%;\">&nbsp; &nbsp; &nbsp; &nbsp;<\/span><\/span><br \/>\n<a href=\"http:\/\/www.centar-fm.org\/inmediasres\/index.php\/denis-vekic\"><br \/>\n<strong>Denis Veki\u0107<\/strong><\/a><\/p>\n<p class=\"MsoNormal\" style=\"margin-left: 17.0pt;\"><span style=\"font-size: 12.0pt; font-family: Symbol;\">\u00b7<span style=\"font-family: 'Times New Roman'; font-size: 9px; line-height: 170%;\">&nbsp; &nbsp; &nbsp; &nbsp;<\/span><\/span><br \/>\n<a href=\"http:\/\/www.centar-fm.org\/inmediasres\/index.php\/nenad-vertovsek\"><br \/>\n<strong>Nenad Vertov\u0161ek<\/strong><\/a><\/p>\n<p class=\"MsoNormal\" style=\"margin-left: 17.0pt;\"><span style=\"font-size: 12.0pt; font-family: Symbol;\">\u00b7<span style=\"font-family: 'Times New Roman'; font-size: 9px; line-height: 170%;\">&nbsp; &nbsp; &nbsp; &nbsp;<\/span><\/span><br \/>\n<a href=\"http:\/\/www.centar-fm.org\/inmediasres\/index.php\/monika-vrecar\"><br \/>\n<strong>Monika Vre\u010dar<\/strong><\/a><\/p>\n<p class=\"MsoNormal\" style=\"margin-left: 17.0pt;\"><span style=\"font-size: 12.0pt; font-family: Symbol;\">\u00b7<span style=\"font-family: 'Times New Roman'; font-size: 9px; line-height: 170%;\">&nbsp; &nbsp; &nbsp; &nbsp;<\/span><\/span><br \/>\n<a href=\"http:\/\/www.centar-fm.org\/inmediasres\/index.php\/divna-vuksanovic\"><br \/>\n<strong>Divna Vuksanovi\u0107<\/strong><\/a><\/p>\n<p class=\"MsoNormal\" style=\"margin-left: 17.0pt;\"><span style=\"font-size: 12.0pt; font-family: Symbol;\">\u00b7<span style=\"font-family: 'Times New Roman'; font-size: 9px; line-height: 170%;\">&nbsp; &nbsp; &nbsp; &nbsp;<\/span><\/span><br \/>\n<a href=\"http:\/\/www.centar-fm.org\/inmediasres\/index.php\/nika-zganec\"><br \/>\n<strong>Nika \u017dganec<\/strong><\/a><\/p>\n<p class=\"MsoNormal\" style=\"margin-left: 17.0pt;\"><span style=\"font-size: 12.0pt; font-family: Symbol;\">\u00b7<span style=\"font-family: 'Times New Roman'; font-size: 9px; line-height: 170%;\">&nbsp; &nbsp; &nbsp; &nbsp;<\/span><\/span><br \/>\n<a href=\"http:\/\/www.centar-fm.org\/inmediasres\/index.php\/veljko-zvan\"><br \/>\n<strong>Veljko \u017dvan<\/strong><\/a><\/p>\n","protected":false},"excerpt":{"rendered":"<p>\u00b7&nbsp; &nbsp; &nbsp; &nbsp; Sead Ali\u0107 \u00b7&nbsp; &nbsp; &nbsp; &nbsp; Aleksej Aniskin \u00b7&nbsp; &nbsp; &nbsp; &nbsp; Marina A\u0161kovi\u0107 \u00b7&nbsp; &nbsp; &nbsp; &nbsp; Vanda Babi\u0107 \u00b7&nbsp; &nbsp; &nbsp; &nbsp; Daniela Bla\u017eevska \u00b7&nbsp; &nbsp; &nbsp; &nbsp; Aleksandra Bokan \u00b7&nbsp; &nbsp; &nbsp; &nbsp; Jadranka Bo\u017ei\u0107 \u00b7&nbsp; &nbsp; &nbsp; &nbsp; Aleksandra Brakus \u00b7&nbsp; &nbsp; &nbsp; &nbsp; Belma Buljuba\u0161i\u0107 \u00b7&nbsp; [&hellip;]<\/p>\n","protected":false},"author":2,"featured_media":0,"comment_status":"open","ping_status":"open","sticky":false,"template":"","format":"standard","meta":{"_acf_changed":false,"_et_pb_use_builder":"","_et_pb_old_content":"","_et_gb_content_width":"","footnotes":""},"categories":[33],"tags":[],"class_list":["post-104","post","type-post","status-publish","format-standard","hentry","category-o-autorima","et-doesnt-have-format-content","et_post_format-et-post-format-standard"],"acf":[],"yoast_head":"<!-- This site is optimized with the Yoast SEO plugin v27.4 - https:\/\/yoast.com\/product\/yoast-seo-wordpress\/ -->\n<title>O autorima - In Medias Res - \u010casopis centra za filozofiju medija<\/title>\n<meta name=\"robots\" content=\"index, follow, max-snippet:-1, max-image-preview:large, max-video-preview:-1\" \/>\n<link rel=\"canonical\" href=\"https:\/\/centar-fm.org\/inmediasres\/index.php\/o-autorima\/\" \/>\n<meta property=\"og:locale\" content=\"en_US\" \/>\n<meta property=\"og:type\" content=\"article\" \/>\n<meta property=\"og:title\" content=\"O autorima - In Medias Res - \u010casopis centra za filozofiju medija\" \/>\n<meta property=\"og:description\" content=\"\u00b7&nbsp; &nbsp; &nbsp; &nbsp; Sead Ali\u0107 \u00b7&nbsp; &nbsp; &nbsp; &nbsp; Aleksej Aniskin \u00b7&nbsp; &nbsp; &nbsp; &nbsp; Marina A\u0161kovi\u0107 \u00b7&nbsp; &nbsp; &nbsp; &nbsp; Vanda Babi\u0107 \u00b7&nbsp; &nbsp; &nbsp; &nbsp; Daniela Bla\u017eevska \u00b7&nbsp; &nbsp; &nbsp; &nbsp; Aleksandra Bokan \u00b7&nbsp; &nbsp; &nbsp; &nbsp; Jadranka Bo\u017ei\u0107 \u00b7&nbsp; &nbsp; &nbsp; &nbsp; Aleksandra Brakus \u00b7&nbsp; &nbsp; &nbsp; &nbsp; Belma Buljuba\u0161i\u0107 \u00b7&nbsp; [&hellip;]\" \/>\n<meta property=\"og:url\" content=\"https:\/\/centar-fm.org\/inmediasres\/index.php\/o-autorima\/\" \/>\n<meta property=\"og:site_name\" content=\"In Medias Res - \u010casopis centra za filozofiju medija\" \/>\n<meta property=\"article:published_time\" content=\"2011-11-22T13:28:27+00:00\" \/>\n<meta name=\"author\" content=\"Super User\" \/>\n<meta name=\"twitter:card\" content=\"summary_large_image\" \/>\n<meta name=\"twitter:label1\" content=\"Written by\" \/>\n\t<meta name=\"twitter:data1\" content=\"Super User\" \/>\n\t<meta name=\"twitter:label2\" content=\"Est. reading time\" \/>\n\t<meta name=\"twitter:data2\" content=\"3 minutes\" \/>\n<script type=\"application\/ld+json\" class=\"yoast-schema-graph\">{\"@context\":\"https:\\\/\\\/schema.org\",\"@graph\":[{\"@type\":\"Article\",\"@id\":\"https:\\\/\\\/centar-fm.org\\\/inmediasres\\\/index.php\\\/o-autorima\\\/#article\",\"isPartOf\":{\"@id\":\"https:\\\/\\\/centar-fm.org\\\/inmediasres\\\/index.php\\\/o-autorima\\\/\"},\"author\":{\"name\":\"Super User\",\"@id\":\"https:\\\/\\\/centar-fm.org\\\/inmediasres\\\/#\\\/schema\\\/person\\\/ae49dcc23965665608f66120db8245a4\"},\"headline\":\"O autorima\",\"datePublished\":\"2011-11-22T13:28:27+00:00\",\"mainEntityOfPage\":{\"@id\":\"https:\\\/\\\/centar-fm.org\\\/inmediasres\\\/index.php\\\/o-autorima\\\/\"},\"wordCount\":612,\"commentCount\":0,\"articleSection\":[\"O autorima\"],\"inLanguage\":\"en-US\",\"potentialAction\":[{\"@type\":\"CommentAction\",\"name\":\"Comment\",\"target\":[\"https:\\\/\\\/centar-fm.org\\\/inmediasres\\\/index.php\\\/o-autorima\\\/#respond\"]}]},{\"@type\":\"WebPage\",\"@id\":\"https:\\\/\\\/centar-fm.org\\\/inmediasres\\\/index.php\\\/o-autorima\\\/\",\"url\":\"https:\\\/\\\/centar-fm.org\\\/inmediasres\\\/index.php\\\/o-autorima\\\/\",\"name\":\"O autorima - In Medias Res - \u010casopis centra za filozofiju medija\",\"isPartOf\":{\"@id\":\"https:\\\/\\\/centar-fm.org\\\/inmediasres\\\/#website\"},\"datePublished\":\"2011-11-22T13:28:27+00:00\",\"author\":{\"@id\":\"https:\\\/\\\/centar-fm.org\\\/inmediasres\\\/#\\\/schema\\\/person\\\/ae49dcc23965665608f66120db8245a4\"},\"breadcrumb\":{\"@id\":\"https:\\\/\\\/centar-fm.org\\\/inmediasres\\\/index.php\\\/o-autorima\\\/#breadcrumb\"},\"inLanguage\":\"en-US\",\"potentialAction\":[{\"@type\":\"ReadAction\",\"target\":[\"https:\\\/\\\/centar-fm.org\\\/inmediasres\\\/index.php\\\/o-autorima\\\/\"]}]},{\"@type\":\"BreadcrumbList\",\"@id\":\"https:\\\/\\\/centar-fm.org\\\/inmediasres\\\/index.php\\\/o-autorima\\\/#breadcrumb\",\"itemListElement\":[{\"@type\":\"ListItem\",\"position\":1,\"name\":\"Po\u010detna stranica\",\"item\":\"https:\\\/\\\/centar-fm.org\\\/inmediasres\\\/\"},{\"@type\":\"ListItem\",\"position\":2,\"name\":\"O autorima\"}]},{\"@type\":\"WebSite\",\"@id\":\"https:\\\/\\\/centar-fm.org\\\/inmediasres\\\/#website\",\"url\":\"https:\\\/\\\/centar-fm.org\\\/inmediasres\\\/\",\"name\":\"In Medias Res - \u010casopis centra za filozofiju medija\",\"description\":\"\",\"potentialAction\":[{\"@type\":\"SearchAction\",\"target\":{\"@type\":\"EntryPoint\",\"urlTemplate\":\"https:\\\/\\\/centar-fm.org\\\/inmediasres\\\/?s={search_term_string}\"},\"query-input\":{\"@type\":\"PropertyValueSpecification\",\"valueRequired\":true,\"valueName\":\"search_term_string\"}}],\"inLanguage\":\"en-US\"},{\"@type\":\"Person\",\"@id\":\"https:\\\/\\\/centar-fm.org\\\/inmediasres\\\/#\\\/schema\\\/person\\\/ae49dcc23965665608f66120db8245a4\",\"name\":\"Super User\",\"image\":{\"@type\":\"ImageObject\",\"inLanguage\":\"en-US\",\"@id\":\"https:\\\/\\\/secure.gravatar.com\\\/avatar\\\/5ac3fc5ccca7755fa3f558fed4a39be2232c6585e68bd398c790d57375dde921?s=96&d=mm&r=g\",\"url\":\"https:\\\/\\\/secure.gravatar.com\\\/avatar\\\/5ac3fc5ccca7755fa3f558fed4a39be2232c6585e68bd398c790d57375dde921?s=96&d=mm&r=g\",\"contentUrl\":\"https:\\\/\\\/secure.gravatar.com\\\/avatar\\\/5ac3fc5ccca7755fa3f558fed4a39be2232c6585e68bd398c790d57375dde921?s=96&d=mm&r=g\",\"caption\":\"Super User\"},\"url\":\"https:\\\/\\\/centar-fm.org\\\/inmediasres\\\/index.php\\\/author\\\/amynovcfmweb\\\/\"}]}<\/script>\n<!-- \/ Yoast SEO plugin. -->","yoast_head_json":{"title":"O autorima - In Medias Res - \u010casopis centra za filozofiju medija","robots":{"index":"index","follow":"follow","max-snippet":"max-snippet:-1","max-image-preview":"max-image-preview:large","max-video-preview":"max-video-preview:-1"},"canonical":"https:\/\/centar-fm.org\/inmediasres\/index.php\/o-autorima\/","og_locale":"en_US","og_type":"article","og_title":"O autorima - In Medias Res - \u010casopis centra za filozofiju medija","og_description":"\u00b7&nbsp; &nbsp; &nbsp; &nbsp; Sead Ali\u0107 \u00b7&nbsp; &nbsp; &nbsp; &nbsp; Aleksej Aniskin \u00b7&nbsp; &nbsp; &nbsp; &nbsp; Marina A\u0161kovi\u0107 \u00b7&nbsp; &nbsp; &nbsp; &nbsp; Vanda Babi\u0107 \u00b7&nbsp; &nbsp; &nbsp; &nbsp; Daniela Bla\u017eevska \u00b7&nbsp; &nbsp; &nbsp; &nbsp; Aleksandra Bokan \u00b7&nbsp; &nbsp; &nbsp; &nbsp; Jadranka Bo\u017ei\u0107 \u00b7&nbsp; &nbsp; &nbsp; &nbsp; Aleksandra Brakus \u00b7&nbsp; &nbsp; &nbsp; &nbsp; Belma Buljuba\u0161i\u0107 \u00b7&nbsp; [&hellip;]","og_url":"https:\/\/centar-fm.org\/inmediasres\/index.php\/o-autorima\/","og_site_name":"In Medias Res - \u010casopis centra za filozofiju medija","article_published_time":"2011-11-22T13:28:27+00:00","author":"Super User","twitter_card":"summary_large_image","twitter_misc":{"Written by":"Super User","Est. reading time":"3 minutes"},"schema":{"@context":"https:\/\/schema.org","@graph":[{"@type":"Article","@id":"https:\/\/centar-fm.org\/inmediasres\/index.php\/o-autorima\/#article","isPartOf":{"@id":"https:\/\/centar-fm.org\/inmediasres\/index.php\/o-autorima\/"},"author":{"name":"Super User","@id":"https:\/\/centar-fm.org\/inmediasres\/#\/schema\/person\/ae49dcc23965665608f66120db8245a4"},"headline":"O autorima","datePublished":"2011-11-22T13:28:27+00:00","mainEntityOfPage":{"@id":"https:\/\/centar-fm.org\/inmediasres\/index.php\/o-autorima\/"},"wordCount":612,"commentCount":0,"articleSection":["O autorima"],"inLanguage":"en-US","potentialAction":[{"@type":"CommentAction","name":"Comment","target":["https:\/\/centar-fm.org\/inmediasres\/index.php\/o-autorima\/#respond"]}]},{"@type":"WebPage","@id":"https:\/\/centar-fm.org\/inmediasres\/index.php\/o-autorima\/","url":"https:\/\/centar-fm.org\/inmediasres\/index.php\/o-autorima\/","name":"O autorima - In Medias Res - \u010casopis centra za filozofiju medija","isPartOf":{"@id":"https:\/\/centar-fm.org\/inmediasres\/#website"},"datePublished":"2011-11-22T13:28:27+00:00","author":{"@id":"https:\/\/centar-fm.org\/inmediasres\/#\/schema\/person\/ae49dcc23965665608f66120db8245a4"},"breadcrumb":{"@id":"https:\/\/centar-fm.org\/inmediasres\/index.php\/o-autorima\/#breadcrumb"},"inLanguage":"en-US","potentialAction":[{"@type":"ReadAction","target":["https:\/\/centar-fm.org\/inmediasres\/index.php\/o-autorima\/"]}]},{"@type":"BreadcrumbList","@id":"https:\/\/centar-fm.org\/inmediasres\/index.php\/o-autorima\/#breadcrumb","itemListElement":[{"@type":"ListItem","position":1,"name":"Po\u010detna stranica","item":"https:\/\/centar-fm.org\/inmediasres\/"},{"@type":"ListItem","position":2,"name":"O autorima"}]},{"@type":"WebSite","@id":"https:\/\/centar-fm.org\/inmediasres\/#website","url":"https:\/\/centar-fm.org\/inmediasres\/","name":"In Medias Res - \u010casopis centra za filozofiju medija","description":"","potentialAction":[{"@type":"SearchAction","target":{"@type":"EntryPoint","urlTemplate":"https:\/\/centar-fm.org\/inmediasres\/?s={search_term_string}"},"query-input":{"@type":"PropertyValueSpecification","valueRequired":true,"valueName":"search_term_string"}}],"inLanguage":"en-US"},{"@type":"Person","@id":"https:\/\/centar-fm.org\/inmediasres\/#\/schema\/person\/ae49dcc23965665608f66120db8245a4","name":"Super User","image":{"@type":"ImageObject","inLanguage":"en-US","@id":"https:\/\/secure.gravatar.com\/avatar\/5ac3fc5ccca7755fa3f558fed4a39be2232c6585e68bd398c790d57375dde921?s=96&d=mm&r=g","url":"https:\/\/secure.gravatar.com\/avatar\/5ac3fc5ccca7755fa3f558fed4a39be2232c6585e68bd398c790d57375dde921?s=96&d=mm&r=g","contentUrl":"https:\/\/secure.gravatar.com\/avatar\/5ac3fc5ccca7755fa3f558fed4a39be2232c6585e68bd398c790d57375dde921?s=96&d=mm&r=g","caption":"Super User"},"url":"https:\/\/centar-fm.org\/inmediasres\/index.php\/author\/amynovcfmweb\/"}]}},"_links":{"self":[{"href":"https:\/\/centar-fm.org\/inmediasres\/index.php\/wp-json\/wp\/v2\/posts\/104","targetHints":{"allow":["GET"]}}],"collection":[{"href":"https:\/\/centar-fm.org\/inmediasres\/index.php\/wp-json\/wp\/v2\/posts"}],"about":[{"href":"https:\/\/centar-fm.org\/inmediasres\/index.php\/wp-json\/wp\/v2\/types\/post"}],"author":[{"embeddable":true,"href":"https:\/\/centar-fm.org\/inmediasres\/index.php\/wp-json\/wp\/v2\/users\/2"}],"replies":[{"embeddable":true,"href":"https:\/\/centar-fm.org\/inmediasres\/index.php\/wp-json\/wp\/v2\/comments?post=104"}],"version-history":[{"count":0,"href":"https:\/\/centar-fm.org\/inmediasres\/index.php\/wp-json\/wp\/v2\/posts\/104\/revisions"}],"wp:attachment":[{"href":"https:\/\/centar-fm.org\/inmediasres\/index.php\/wp-json\/wp\/v2\/media?parent=104"}],"wp:term":[{"taxonomy":"category","embeddable":true,"href":"https:\/\/centar-fm.org\/inmediasres\/index.php\/wp-json\/wp\/v2\/categories?post=104"},{"taxonomy":"post_tag","embeddable":true,"href":"https:\/\/centar-fm.org\/inmediasres\/index.php\/wp-json\/wp\/v2\/tags?post=104"}],"curies":[{"name":"wp","href":"https:\/\/api.w.org\/{rel}","templated":true}]}}