{"id":114,"date":"2011-11-23T16:23:10","date_gmt":"2011-11-23T16:23:10","guid":{"rendered":"https:\/\/sweet-mcclintock.194-60-87-163.plesk.page\/inmediasres\/2011\/11\/23\/naslov2\/"},"modified":"2011-11-23T16:23:10","modified_gmt":"2011-11-23T16:23:10","slug":"naslov2","status":"publish","type":"post","link":"https:\/\/centar-fm.org\/inmediasres\/index.php\/naslov2\/","title":{"rendered":"naslovnica br.2"},"content":{"rendered":"<table border=\"0\" cellpadding=\"0\" cellspacing=\"0\">\n<tbody>\n<tr>\n<td width=\"370\" valign=\"top\">\n<p><a href=\"index.php\/in-medias-res-broj2\"><\/a><\/p>\n<p style=\"text-align: center;\">&nbsp;<\/p>\n<p style=\"line-height: 170%; text-align: center;\">\n<a href=\"http:\/\/www.centar-fm.org\/inmediasres\/images\/pdf\/2\/cijeli casopis inmediasres02hrv.pdf\"><br \/>\n<img loading=\"lazy\" decoding=\"async\" class=\" size-full wp-image-108\" alt=\"adobe pdf_icon\" src=\"https:\/\/centar-fm.org\/inmediasres\/wp-content\/uploads\/sites\/2\/2011\/11\/adobe_pdf_icon.png\" width=\"55\" height=\"52\" title=\"InMediasRes\" onmouseout=\"this.src='https:\/\/centar-fm.org\/inmediasres\/wp-content\/uploads\/sites\/2\/2011\/11\/adobe_pdf_icon.png';\" onmouseover=\"this.src='images\/casopisi\/adobe_pdf_iconbless.png';\" \/><br \/>\n<\/a>\n<\/p>\n<p style=\"line-height: 170%; text-align: center;\"><strong>IN MEDIAS RES <\/strong><br \/> \u010dasopis filozofije medija <\/p>\n<p class=\"MsoNormal\" style=\"line-height: 50%;\">&nbsp;<\/p>\n<p style=\"line-height: 170%; text-align: center;\">Izdava\u010d \u010dasopisa:<br \/> Centar za filozofiju medija i mediolo\u0161ka istra\u017eivanja (Zagreb)<\/p>\n<p class=\"MsoNormal\" style=\"line-height: 50%;\">&nbsp;<\/p>\n<p style=\"line-height: 170%; text-align: center;\">Adresa: Petrovogorska 18, 10000 Zagreb <\/p>\n<p class=\"MsoNormal\" style=\"line-height: 50%;\">&nbsp;<\/p>\n<p style=\"line-height: 170%; text-align: center;\">\nE-mail: inmediasres@centar-fm.org<\/p>\n<p class=\"MsoNormal\" style=\"line-height: 50%;\">&nbsp;<\/p>\n<p style=\"line-height: 170%; text-align: center;\">GODINA 2 (2013) broj 2<\/p>\n<p style=\"line-height: 100%; text-align: center;\">&nbsp;<\/p>\n<hr \/>\n<p style=\"line-height: 170%; text-align: center;\">\n<a rel=\"license\" href=\"http:\/\/creativecommons.org\/licenses\/by-nc\/4.0\/\"><img decoding=\"async\" alt=\"Creative Commons licenca\" style=\"border-width:0\" src=\"https:\/\/i.creativecommons.org\/l\/by-nc\/4.0\/88x31.png\" \/><\/a><br \/>\u010casopis je otvorenog pristupa, a ovo djelo je dano na kori\u0161tenje pod licencom <a rel=\"license\" href=\"http:\/\/creativecommons.org\/licenses\/by-nc\/4.0\/\"><strong>Creative Commons Imenovanje-Nekomercijalno 4.0 me\u0111unarodna<\/strong><\/a>.<\/p>\n<\/td>\n<td valign=\"top\" width=\"20\">\n<p style=\"line-height: 100%; text-align: center;\">&nbsp;<\/p>\n<\/td>\n<td valign=\"top\">\n<p style=\"line-height: 200%;\"><strong>ISSN 1848-6304<\/strong><\/p>\n<p style=\"line-height: 200%;\"><strong>UDK 316.774:1<\/strong><\/p>\n<p style=\"line-height: 200%;\"><strong>Vol 2, br. 2, 2013.<\/strong><\/p>\n<p style=\"line-height: 200%;\"><strong><em>Sadr\u017eaj<\/em><\/strong><\/p>\n<p style=\"text-align: center; line-height: 50%;\" align=\"center\">&nbsp;<\/p>\n<table border=\"0\" style=\"background-color: #eceff2;\">\n<tbody>\n<tr>\n<td width=\"110\" valign=\"top\"><span style=\"color: #000000;\"><span style=\"color: #000000;\"><a href=\"http:\/\/www.centar-fm.org\/inmediasres\/index.php\/in-medias-res-broj2#2inmediasres01\">Miroljub Radojkovi\u0107:<\/a><\/span><\/span><\/td>\n<td valign=\"top\"><span style=\"color: #000000;\"><a href=\"http:\/\/www.centar-fm.org\/inmediasres\/index.php\/in-medias-res-broj2#2inmediasres01\"><strong>Umjetnost u doba digitalne reprodukcije<\/strong><\/a><\/span><\/p>\n<div style=\"height: 5px; overflow:hidden;\">&nbsp;<\/div>\n<p><span style=\"color: #000000;\"><a href=\"http:\/\/www.centar-fm.org\/inmediasres\/index.php\/in-medias-res-broj2#2inmediasres01\"><strong>The Implosion of Art between 0 and 1<\/strong><\/a><\/span>\n<\/td>\n<\/tr>\n<tr>\n<td valign=\"top\" width=\"110\">\n<div style=\"height: 6px; overflow:hidden;\">\n<\/div>\n<\/td>\n<td>\n<div style=\"height: 6px; overflow:hidden;\">\n<\/div>\n<\/td>\n<\/tr>\n<tr>\n<td width=\"110\" valign=\"top\"><span style=\"color: #000000;\"><a href=\"http:\/\/www.centar-fm.org\/inmediasres\/index.php\/in-medias-res-broj2#2inmediasres02\">Fulvio \u0160uran:<\/a><\/span><\/td>\n<td valign=\"top\"><span style=\"color: #000000;\"><a href=\"http:\/\/www.centar-fm.org\/inmediasres\/index.php\/in-medias-res-broj2#2inmediasres02\"><strong>Glazba i mediji s posebnim osvrtom na film<\/strong><\/a><\/span><\/p>\n<div style=\"height: 5px; overflow:hidden;\">&nbsp;<\/div>\n<p><span style=\"color: #000000;\"><a href=\"http:\/\/www.centar-fm.org\/inmediasres\/index.php\/in-medias-res-broj2#2inmediasres02\"><strong>Music and the Media, with particular attention to the film<\/strong><\/a><\/span>\n<\/td>\n<\/tr>\n<tr>\n<td valign=\"top\" width=\"110\">\n<div style=\"height: 6px; overflow:hidden;\">\n<\/div>\n<\/td>\n<td>\n<div style=\"height: 6px; overflow:hidden;\">\n<\/div>\n<\/td>\n<\/tr>\n<tr>\n<td width=\"110\" valign=\"top\"><span style=\"color: #000000;\"><a href=\"http:\/\/www.centar-fm.org\/inmediasres\/index.php\/in-medias-res-broj2#2inmediasres03\">Vesna Milenkovi\u0107, Sla\u0111ana Stamenkovi\u0107:<\/a><\/span><\/td>\n<td valign=\"top\"><span style=\"color: #000000;\"><a href=\"http:\/\/www.centar-fm.org\/inmediasres\/index.php\/in-medias-res-broj2#2inmediasres03\"><strong>Performans masmedija: Eurosong izme\u0111u spektakla i umjetnosti<\/strong><\/a><\/span><\/p>\n<div style=\"height: 5px; overflow:hidden;\">&nbsp;<\/div>\n<p><span style=\"color: #000000;\"><a href=\"http:\/\/www.centar-fm.org\/inmediasres\/index.php\/in-medias-res-broj2#2inmediasres03\"><strong>The Performance of the Mass Media: Eurosong as the Media Spectacle<\/strong><\/a><\/span>\n<\/td>\n<\/tr>\n<tr>\n<td valign=\"top\" width=\"110\">\n<div style=\"height: 6px; overflow:hidden;\">\n<\/div>\n<\/td>\n<td>\n<div style=\"height: 6px; overflow:hidden;\">\n<\/div>\n<\/td>\n<\/tr>\n<tr>\n<td width=\"110\" valign=\"top\"><span style=\"color: #000000;\"><a href=\"http:\/\/www.centar-fm.org\/inmediasres\/index.php\/in-medias-res-broj2#2inmediasres04\">Vanda Babi\u0107, Denis Veki\u0107:<\/a><\/span><\/td>\n<td valign=\"top\"><span style=\"color: #000000;\"><a href=\"http:\/\/www.centar-fm.org\/inmediasres\/index.php\/in-medias-res-broj2#2inmediasres04\"><strong>Smisao i zna\u010daj suvremenih medija u prikupljanju i prou\u010davanju hrvatske usmenoknji\u017eevne ba\u0161tine<\/strong><\/a><\/span><\/p>\n<div style=\"height: 5px; overflow:hidden;\">&nbsp;<\/div>\n<p><span style=\"color: #000000;\"><a href=\"http:\/\/www.centar-fm.org\/inmediasres\/index.php\/in-medias-res-broj2#2inmediasres04\"><strong>The Meaning and Significance of Contemporary Media in Collecting and Studying Croatian Oral Literary Heritage<\/strong><\/a><\/span>\n<\/td>\n<\/tr>\n<tr>\n<td valign=\"top\" width=\"110\">\n<div style=\"height: 6px; overflow:hidden;\">\n<\/div>\n<\/td>\n<td>\n<div style=\"height: 6px; overflow:hidden;\">\n<\/div>\n<\/td>\n<\/tr>\n<tr>\n<td width=\"110\" valign=\"top\"><span style=\"color: #000000;\"><a href=\"http:\/\/www.centar-fm.org\/inmediasres\/index.php\/in-medias-res-broj2#2inmediasres05\">Halima Sofrad\u017eija:<\/a><\/span><\/td>\n<td valign=\"top\"><span style=\"color: #000000;\"><a href=\"http:\/\/www.centar-fm.org\/inmediasres\/index.php\/in-medias-res-broj2#2inmediasres05\"><strong>Posredovana slika svijeta &#8211; mediji, umjetnost i tehnologija u umre\u017eenom dru\u0161tvu<\/strong><\/a><\/span><\/p>\n<div style=\"height: 5px; overflow:hidden;\">&nbsp;<\/div>\n<p><span style=\"color: #000000;\"><a href=\"http:\/\/www.centar-fm.org\/inmediasres\/index.php\/in-medias-res-broj2#2inmediasres05\"><strong>Mediated Picture of the World &#8211; Media, Art and Tehnology in Networked Society<\/strong><\/a><\/span>\n<\/td>\n<\/tr>\n<tr>\n<td valign=\"top\" width=\"110\">\n<div style=\"height: 6px; overflow:hidden;\">\n<\/div>\n<\/td>\n<td>\n<div style=\"height: 6px; overflow:hidden;\">\n<\/div>\n<\/td>\n<\/tr>\n<tr>\n<td width=\"110\" valign=\"top\"><span style=\"color: #000000;\"><a href=\"http:\/\/www.centar-fm.org\/inmediasres\/index.php\/in-medias-res-broj2#2inmediasres06\">Mileva Pavlovi\u0107, Ljiljana Mani\u0107 i Marija Aleksi\u0107:<\/a><\/span><\/td>\n<td valign=\"top\"><span style=\"color: #000000;\"><a href=\"http:\/\/www.centar-fm.org\/inmediasres\/index.php\/in-medias-res-broj2#2inmediasres06\"><strong>Umjetnost spektakla kao druga realnost<\/strong><\/a><\/span><\/p>\n<div style=\"height: 5px; overflow:hidden;\">&nbsp;<\/div>\n<p><span style=\"color: #000000;\"><a href=\"http:\/\/www.centar-fm.org\/inmediasres\/index.php\/in-medias-res-broj2#2inmediasres06\"><strong>The Art of Spectacle as a Second Reality<\/strong><\/a><\/span>\n<\/td>\n<\/tr>\n<tr>\n<td valign=\"top\" width=\"110\">\n<div style=\"height: 6px; overflow:hidden;\">\n<\/div>\n<\/td>\n<td>\n<div style=\"height: 6px; overflow:hidden;\">\n<\/div>\n<\/td>\n<\/tr>\n<tr>\n<td width=\"110\" valign=\"top\"><span style=\"color: #000000;\"><a href=\"http:\/\/www.centar-fm.org\/inmediasres\/index.php\/in-medias-res-broj2#2inmediasres07\">Vesna Ivezi\u0107:<\/a><\/span><\/td>\n<td valign=\"top\"><span style=\"color: #000000;\"><a href=\"http:\/\/www.centar-fm.org\/inmediasres\/index.php\/in-medias-res-broj2#2inmediasres07\"><strong>Poetska rije\u010d \u2013 medij sufijske gnoze<\/strong><\/a><\/span><\/p>\n<div style=\"height: 5px; overflow:hidden;\">&nbsp;<\/div>\n<p><span style=\"color: #000000;\"><a href=\"http:\/\/www.centar-fm.org\/inmediasres\/index.php\/in-medias-res-broj2#2inmediasres07\"><strong>Medium of poetic Word as a Way of transferring Sufi Gnosis<\/strong><\/a><\/span>\n<\/td>\n<\/tr>\n<tr>\n<td valign=\"top\" width=\"110\">\n<div style=\"height: 6px; overflow:hidden;\">\n<\/div>\n<\/td>\n<td>\n<div style=\"height: 6px; overflow:hidden;\">\n<\/div>\n<\/td>\n<\/tr>\n<tr>\n<td width=\"110\" valign=\"top\"><span style=\"color: #000000;\"><a href=\"http:\/\/www.centar-fm.org\/inmediasres\/index.php\/in-medias-res-broj2#2inmediasres08\">Aleksandra Brakus:<\/a><\/span><\/td>\n<td valign=\"top\"><span style=\"color: #000000;\"><a href=\"http:\/\/www.centar-fm.org\/inmediasres\/index.php\/in-medias-res-broj2#2inmediasres08\"><strong>Novi mediji i nove umjetnosti<\/strong><\/a><\/span><\/p>\n<div style=\"height: 5px; overflow:hidden;\">&nbsp;<\/div>\n<p><span style=\"color: #000000;\"><a href=\"http:\/\/www.centar-fm.org\/inmediasres\/index.php\/in-medias-res-broj2#2inmediasres08\"><strong>New Media and New Arts<\/strong><\/a><\/span>\n<\/td>\n<\/tr>\n<tr>\n<td valign=\"top\" width=\"110\">\n<div style=\"height: 6px; overflow:hidden;\">\n<\/div>\n<\/td>\n<td>\n<div style=\"height: 6px; overflow:hidden;\">\n<\/div>\n<\/td>\n<\/tr>\n<tr>\n<td width=\"110\" valign=\"top\"><span style=\"color: #000000;\"><a href=\"http:\/\/www.centar-fm.org\/inmediasres\/index.php\/in-medias-res-broj2#2inmediasres09\">Marina Milivojevi\u0107-Ma\u0111arev:<\/a><\/span><\/td>\n<td valign=\"top\"><span style=\"color: #000000;\"><a href=\"http:\/\/www.centar-fm.org\/inmediasres\/index.php\/in-medias-res-broj2#2inmediasres09\"><strong>Utjecaj teorije drame Gustava Freytaga \u201edobro skrojenih komada\u201c na suvremenu filmsku dramaturgiju<br \/>\nutjelovljenu u djelu THE WRITER\u2019S JOURNEY Christophera Voglera<\/strong><\/a><\/span><\/p>\n<div style=\"height: 5px; overflow:hidden;\">&nbsp;<\/div>\n<p><span style=\"color: #000000;\"><a href=\"http:\/\/www.centar-fm.org\/inmediasres\/index.php\/in-medias-res-broj2#2inmediasres09\"><strong>The Influence of Gustav Freytag\u2019s Dramatic Theory of \u201cWell- Tailored Pieces\u201d on the Modern Film Dramaturgy as Embodied in The Writer\u2019s Journey by Christopher Vogler<\/strong><\/a><\/span>\n<\/td>\n<\/tr>\n<tr>\n<td valign=\"top\" width=\"110\">\n<div style=\"height: 6px; overflow:hidden;\">\n<\/div>\n<\/td>\n<td>\n<div style=\"height: 6px; overflow:hidden;\">\n<\/div>\n<\/td>\n<\/tr>\n<tr>\n<td width=\"110\" valign=\"top\"><span style=\"color: #000000;\"><a href=\"http:\/\/www.centar-fm.org\/inmediasres\/index.php\/in-medias-res-broj2#2inmediasres10\">Sandra Sokolovi\u0107, Sandra Santra\u010d:<\/a><\/span><\/td>\n<td valign=\"top\"><span style=\"color: #000000;\"><a href=\"http:\/\/www.centar-fm.org\/inmediasres\/index.php\/in-medias-res-broj2#2inmediasres10\"><strong>Masmediji i perspektive kulturnog identiteta u globalnom dru\u0161tvu<\/strong><\/a><\/span><\/p>\n<div style=\"height: 5px; overflow:hidden;\">&nbsp;<\/div>\n<p><span style=\"color: #000000;\"><a href=\"http:\/\/www.centar-fm.org\/inmediasres\/index.php\/in-medias-res-broj2#2inmediasres10\"><strong>Mass Media and Perspective of Cultural Identity in Global Society<\/strong><\/a><\/span>\n<\/td>\n<\/tr>\n<\/tbody>\n<\/table>\n<div style=\"height: 6px; overflow:hidden;\">&nbsp;<\/div>\n<p style=\"line-height: 150%;\"><span style=\"text-decoration: underline;\">II Prikazi<\/span><\/p>\n<table border=\"0\" style=\"background-color: #eceff2;\">\n<tbody>\n<tr>\n<td width=\"110\" valign=\"top\"><span style=\"color: #000000;\"><br \/>\n<a href=\"http:\/\/www.centar-fm.org\/inmediasres\/index.php\/in-medias-res-broj2#2inmediasres11\">Mario Kolar:<\/a><br \/>\n<\/span>\n<\/td>\n<td><span style=\"color: #000000;\"><br \/>\n<a href=\"http:\/\/www.centar-fm.org\/inmediasres\/index.php\/in-medias-res-broj2#2inmediasres11\"><strong>Kako su mediji mijenjali svijet<\/strong><\/a><br \/>\n<\/span>\n<\/td>\n<\/tr>\n<tr>\n<td valign=\"top\">\n<div style=\"height: 6px; overflow:hidden;\">\n<\/div>\n<\/td>\n<td>\n<div style=\"height: 6px; overflow:hidden;\">\n<\/div>\n<\/td>\n<\/tr>\n<\/tbody>\n<\/table>\n<p style=\"line-height: 150%;\">\n<img loading=\"lazy\" decoding=\"async\" class=\" alignleft size-full wp-image-109\" style=\"float: left;\" src=\"https:\/\/centar-fm.org\/inmediasres\/wp-content\/uploads\/sites\/2\/2011\/11\/video32.png\" alt=\"video32\" width=\"20\" height=\"20\" \/><span style=\"text-decoration: underline;\">III Linkovi video izlaganja sa SIMPOZIJA FM 2012.<\/span><img loading=\"lazy\" decoding=\"async\" class=\" size-full wp-image-109\" src=\"https:\/\/centar-fm.org\/inmediasres\/wp-content\/uploads\/sites\/2\/2011\/11\/video32.png\" alt=\"video32\" width=\"20\" height=\"20\" \/><\/p>\n<table border=\"0\" style=\"background-color: #eceff2;\">\n<tbody>\n<tr>\n<td width=\"10\" valign=\"top\"><span style=\"color: #000000;\"><br \/>\n\u2013<br \/>\n<\/span>\n<\/td>\n<td><span style=\"color: #000000;\"><br \/>\n<a href=\"http:\/\/youtu.be\/8Ypi5BKWI_c\"><strong><br \/>\nDivna Vuksanovi\u0107: Mediji kao umetnost \/  Media as Art<br \/>\n<\/strong><\/a><br \/>\n<\/span>\n<\/td>\n<\/tr>\n<tr>\n<td width=\"10\" valign=\"top\"><span style=\"color: #000000;\"><br \/>\n\u2013<br \/>\n<\/span>\n<\/td>\n<td><span style=\"color: #000000;\"><br \/>\n<a href=\"http:\/\/youtu.be\/GYwniSj8qmw\"><strong><br \/>\nSead Ali\u0107: Sinergija umjetni\u010dkih pristupa u otvorenosti novih medija<br \/>\n<\/strong><\/a><br \/>\n<\/span>\n<\/td>\n<\/tr>\n<tr>\n<td width=\"10\" valign=\"top\"><span style=\"color: #000000;\"><br \/>\n\u2013<br \/>\n<\/span>\n<\/td>\n<td><span style=\"color: #000000;\"><br \/>\n<a href=\"http:\/\/youtu.be\/GGfV8eyt6v4\"><strong><br \/>\nDragan \u0106alovi\u0107: Avangardne tendencije u umetnosti novih medija<br \/>\n<\/strong><\/a><br \/>\n<\/span>\n<\/td>\n<\/tr>\n<tr>\n<td width=\"10\" valign=\"top\"><span style=\"color: #000000;\"><br \/>\n\u2013<br \/>\n<\/span>\n<\/td>\n<td><span style=\"color: #000000;\"><br \/>\n<a href=\"http:\/\/youtu.be\/7NKDX2hQ58o\"><strong><br \/>\nMimo Dra\u0161kovi\u0107: Uloga novih medija u dru\u0161tvenom i kulturnom sistemu i njihov uticaj na virtualizaciju umjetnosti<br \/>\n<\/strong><\/a><br \/>\n<\/span>\n<\/td>\n<\/tr>\n<tr>\n<td width=\"10\" valign=\"top\"><span style=\"color: #000000;\"><br \/>\n\u2013<br \/>\n<\/span>\n<\/td>\n<td><span style=\"color: #000000;\"><br \/>\n<a href=\"http:\/\/youtu.be\/fLW-wl4s9tQ\"><strong><br \/>\nIrfan Ho\u0161i\u0107: Mo\u0107 medija poslije 11. septembra 2001.<br \/>\n<\/strong><\/a><br \/>\n<\/span>\n<\/td>\n<\/tr>\n<tr>\n<td width=\"10\" valign=\"top\"><span style=\"color: #000000;\"><br \/>\n\u2013<br \/>\n<\/span>\n<\/td>\n<td><span style=\"color: #000000;\"><br \/>\n<a href=\"http:\/\/youtu.be\/hW3AF_YipeQ\"><strong><br \/>\n\u017deljko Rutovi\u0107: Tradicionalna umjetnost u doba multimedije i mre\u017enih komunikacija<br \/>\n<\/strong><\/a><br \/>\n<\/span>\n<\/td>\n<\/tr>\n<tr>\n<td width=\"10\" valign=\"top\"><span style=\"color: #000000;\"><br \/>\n\u2013<br \/>\n<\/span>\n<\/td>\n<td><span style=\"color: #000000;\"><br \/>\n<a href=\"http:\/\/youtu.be\/aFHmTHKGXYc\"><strong><br \/>\nHalima Sofrad\u017eija: Posredovana slika svijeta &#8211; mediji, umjetnost i tehnologija u umre\u017eenom dru\u0161tvu<br \/>\n<\/strong><\/a><br \/>\n<\/span>\n<\/td>\n<\/tr>\n<tr>\n<td width=\"10\" valign=\"top\"><span style=\"color: #000000;\"><br \/>\n\u2013<br \/>\n<\/span>\n<\/td>\n<td><span style=\"color: #000000;\"><br \/>\n<a href=\"http:\/\/youtu.be\/P_l55rpFcmw\"><strong><br \/>\nMario Peri\u0161a, Marin Milkovi\u0107: Fotografija od &#8221; slu\u0161kinje umjetnosti i znanosti&#8221; do<br \/>\nautenti\u010dnog umjetni\u010dkog izri\u010daja<\/p>\n<p><\/strong><\/a><br \/>\n<\/span>\n<\/td>\n<\/tr>\n<tr>\n<td width=\"10\" valign=\"top\"><span style=\"color: #000000;\"><br \/>\n\u2013<br \/>\n<\/span>\n<\/td>\n<td><span style=\"color: #000000;\"><br \/>\n<a href=\"http:\/\/youtu.be\/yKRc2KppiNg\"><strong><br \/>\nSmiljka Isakovi\u0107: Umetni\u010dka muzika u virtuelnom svetu multimedija<br \/>\n<\/strong><\/a><br \/>\n<\/span>\n<\/td>\n<\/tr>\n<tr>\n<td width=\"10\" valign=\"top\"><span style=\"color: #000000;\"><br \/>\n\u2013<br \/>\n<\/span>\n<\/td>\n<td><span style=\"color: #000000;\"><br \/>\n<a href=\"http:\/\/youtu.be\/ycXrPmELyzo\"><strong><br \/>\nMilan Milojkovi\u0107: Muzikologija i mediji &#8211; Medij Muzikologije<br \/>\n<\/strong><\/a><br \/>\n<\/span>\n<\/td>\n<\/tr>\n<tr>\n<td width=\"10\" valign=\"top\"><span style=\"color: #000000;\"><br \/>\n\u2013<br \/>\n<\/span>\n<\/td>\n<td><span style=\"color: #000000;\"><br \/>\n<a href=\"http:\/\/youtu.be\/kljdS3OH8dk\"><strong><br \/>\nFulvio \u0160uran: Muzika i mediji s posebnim osvrtom na film<br \/>\n<\/strong><\/a><br \/>\n<\/span>\n<\/td>\n<\/tr>\n<tr>\n<td width=\"10\" valign=\"top\"><span style=\"color: #000000;\"><br \/>\n\u2013<br \/>\n<\/span>\n<\/td>\n<td><span style=\"color: #000000;\"><br \/>\n<a href=\"http:\/\/youtu.be\/lELpPOM-LD0\"><strong><br \/>\nVesna Milenkovi\u0107, Sla\u0111ana Stamenkovi\u0107: Performans mas medija: Eurosong kao medijski spektakl<br \/>\n<\/strong><\/a><br \/>\n<\/span>\n<\/td>\n<\/tr>\n<tr>\n<td width=\"10\" valign=\"top\"><span style=\"color: #000000;\"><br \/>\n\u2013<br \/>\n<\/span>\n<\/td>\n<td><span style=\"color: #000000;\"><br \/>\n<a href=\"http:\/\/youtu.be\/_wZ1S4M7uRU\"><strong><br \/>\nLjiljana Mani\u0107, Marija Aleksi\u0107, Mileva Pavlovi\u0107: Umetnost spektakla kao druga realnost<br \/>\n<\/strong><\/a><br \/>\n<\/span>\n<\/td>\n<\/tr>\n<tr>\n<td width=\"10\" valign=\"top\"><span style=\"color: #000000;\"><br \/>\n\u2013<br \/>\n<\/span>\n<\/td>\n<td><span style=\"color: #000000;\"><br \/>\n<a href=\"http:\/\/youtu.be\/G8pJAQBIY0c\"><strong><br \/>\nTatjana Milivojevi\u0107, Violeta Cvetkovska Ocoklji\u0107, Dragana Jovanovi\u0107: Telesnost i virtuelna stvarnost<br \/>\n<\/strong><\/a><br \/>\n<\/span>\n<\/td>\n<\/tr>\n<tr>\n<td width=\"10\" valign=\"top\"><span style=\"color: #000000;\"><br \/>\n\u2013<br \/>\n<\/span>\n<\/td>\n<td><span style=\"color: #000000;\"><br \/>\n<a href=\"http:\/\/youtu.be\/q-uaiSDK50U\"><strong><br \/>\nAleksandra Brakus: Novi mediji i nove umetnosti<br \/>\n<\/strong><\/a><br \/>\n<\/span>\n<\/td>\n<\/tr>\n<tr>\n<td width=\"10\" valign=\"top\"><span style=\"color: #000000;\"><br \/>\n\u2013<br \/>\n<\/span>\n<\/td>\n<td><span style=\"color: #000000;\"><br \/>\n<a href=\"http:\/\/youtu.be\/RQJKrJ-Dygc\"><strong><br \/>\nMiroljub Radojkovi\u0107: Implozija umetnosti izme\u0111u 0 i 1<br \/>\n<\/strong><\/a><br \/>\n<\/span>\n<\/td>\n<\/tr>\n<tr>\n<td width=\"10\" valign=\"top\"><span style=\"color: #000000;\"><br \/>\n\u2013<br \/>\n<\/span>\n<\/td>\n<td><span style=\"color: #000000;\"><br \/>\n<a href=\"http:\/\/youtu.be\/HGza3DCL8Xk\"><strong><br \/>\nHerta Maurer-Lausegger: Dialektologie im Zeitalter von Multimedia<br \/>\n<\/strong><\/a><br \/>\n<\/span>\n<\/td>\n<\/tr>\n<tr>\n<td width=\"10\" valign=\"top\"><span style=\"color: #000000;\"><br \/>\n\u2013<br \/>\n<\/span>\n<\/td>\n<td><span style=\"color: #000000;\"><br \/>\n<a href=\"http:\/\/youtu.be\/I2kA8wtqO7M\"><strong><br \/>\nVesna Ivezi\u0107: Medij poetske rije\u010di kao na\u010din preno\u0161enja sufijske gnoze<br \/>\n<\/strong><\/a><br \/>\n<\/span>\n<\/td>\n<\/tr>\n<tr>\n<td width=\"10\" valign=\"top\"><span style=\"color: #000000;\"><br \/>\n\u2013<br \/>\n<\/span>\n<\/td>\n<td><span style=\"color: #000000;\"><br \/>\n<a href=\"http:\/\/youtu.be\/wsa07WGcDb0\"><strong><br \/>\nMarko M. \u0110or\u0111evi\u0107, Dobrivoje Stanojevi\u0107: Srpska poezija u vreme tranzicije: Izme\u0111u politi\u010dkog populizma i <\/p>\n<p>medijske hiperrealnosti<br \/>\n<\/strong><\/a><br \/>\n<\/span>\n<\/td>\n<\/tr>\n<tr>\n<td width=\"10\" valign=\"top\"><span style=\"color: #000000;\"><br \/>\n\u2013<br \/>\n<\/span>\n<\/td>\n<td><span style=\"color: #000000;\"><br \/>\n<a href=\"http:\/\/youtu.be\/n1VcXDSYRH4\"><strong><br \/>\nJadranka Bo\u017ei\u0107: Pri\u010da, pripovedanje, medijska pri\u010da<br \/>\n<\/strong><\/a><br \/>\n<\/span>\n<\/td>\n<\/tr>\n<tr>\n<td width=\"10\" valign=\"top\"><span style=\"color: #000000;\"><br \/>\n\u2013<br \/>\n<\/span>\n<\/td>\n<td><span style=\"color: #000000;\"><br \/>\n<a href=\"http:\/\/youtu.be\/xlp6yByzkTA\"><strong><br \/>\nAstrid Pavlovi\u0107: Kako misliti strip? Deveta umjetnost u doba multimedije i mre\u017enih komunikacija<br \/>\n<\/strong><\/a><br \/>\n<\/span>\n<\/td>\n<\/tr>\n<tr>\n<td width=\"10\" valign=\"top\"><span style=\"color: #000000;\"><br \/>\n\u2013<br \/>\n<\/span>\n<\/td>\n<td><span style=\"color: #000000;\"><br \/>\n<a href=\"http:\/\/youtu.be\/rfXksQqHTBA\"><strong><br \/>\nDu\u0161an \u010c. Jovanovi\u0107: Umetnost na audio-vizuelnim medijima u Srbiji<br \/>\n<\/strong><\/a><br \/>\n<\/span>\n<\/td>\n<\/tr>\n<tr>\n<td width=\"10\" valign=\"top\"><span style=\"color: #000000;\"><br \/>\n\u2013<br \/>\n<\/span>\n<\/td>\n<td><span style=\"color: #000000;\"><br \/>\n<a href=\"http:\/\/youtu.be\/1ftHQPGc5bE\"><strong><br \/>\nDejan Pralica: Kultura u informativnom programu Radio-televizije Vojvodine uo\u010di procesa digitalizacije medija<br \/>\n<\/strong><\/a><br \/>\n<\/span>\n<\/td>\n<\/tr>\n<tr>\n<td width=\"10\" valign=\"top\"><span style=\"color: #000000;\"><br \/>\n\u2013<br \/>\n<\/span>\n<\/td>\n<td><span style=\"color: #000000;\"><br \/>\n<a href=\"http:\/\/youtu.be\/pyp61WvqmIs\"><strong><br \/>\nDubravka Vali\u0107 Nedeljkovi\u0107: Kultura u emisijama vesti javnog servisa Vojvodine na jezicima manjina<br \/>\n<\/strong><\/a><br \/>\n<\/span>\n<\/td>\n<\/tr>\n<tr>\n<td width=\"10\" valign=\"top\"><span style=\"color: #000000;\"><br \/>\n\u2013<br \/>\n<\/span>\n<\/td>\n<td><span style=\"color: #000000;\"><br \/>\n<a href=\"http:\/\/youtu.be\/My-y0Hrqo6w\"><strong><br \/>\nBojan Blagojevi\u0107: Okreni M radi muzike &#8211; They Might Be Giants (studija slu\u010daja)<br \/>\n<\/strong><\/a><br \/>\n<\/span>\n<\/td>\n<\/tr>\n<tr>\n<td width=\"10\" valign=\"top\"><span style=\"color: #000000;\"><br \/>\n\u2013<br \/>\n<\/span>\n<\/td>\n<td><span style=\"color: #000000;\"><br \/>\n<a href=\"http:\/\/youtu.be\/IorTqvN1Dz4\"><strong><br \/>\nLivia Pavleti\u0107: Glazba kao medij<br \/>\n<\/strong><\/a><br \/>\n<\/span>\n<\/td>\n<\/tr>\n<tr>\n<td width=\"10\" valign=\"top\"><span style=\"color: #000000;\"><br \/>\n\u2013<br \/>\n<\/span>\n<\/td>\n<td><span style=\"color: #000000;\"><br \/>\n<a href=\"http:\/\/youtu.be\/ogrOMN5tTwk\"><strong><br \/>\nMarina Milivojevi\u0107-Ma\u0111arev: Uticaj teorije drame \u00bbdobro skrojenih komada\u00ab Gustava Frajtaga na savremenu filmsku <\/p>\n<p>dramaturgiju oli\u010denu u delu The Writer&#8217;s Journey Christophera Voglera<br \/>\n<\/strong><\/a><br \/>\n<\/span>\n<\/td>\n<\/tr>\n<tr>\n<td width=\"10\" valign=\"top\"><span style=\"color: #000000;\"><br \/>\n\u2013<br \/>\n<\/span>\n<\/td>\n<td><span style=\"color: #000000;\"><br \/>\n<a href=\"http:\/\/youtu.be\/1maRSkZ3oAM\"><strong><br \/>\nHrvoje Juri\u0107: Tijelo kao medij umjetnosti<br \/>\n<\/strong><\/a><br \/>\n<\/span>\n<\/td>\n<\/tr>\n<tr>\n<td width=\"10\" valign=\"top\"><span style=\"color: #000000;\"><br \/>\n\u2013<br \/>\n<\/span>\n<\/td>\n<td><span style=\"color: #000000;\"><br \/>\n<a href=\"http:\/\/youtu.be\/93gNpj4wnM4\"><strong><br \/>\nAngelina Milosavljevi\u0107 Ault: Kako stvoriti idealnu Lepoticu? Kampanja &#8220;Dove (Natural) Beauty&#8221; kao prilog <\/p>\n<p>istoriji pojma podra\u017eavanja prirode i njenog prevazila\u017eenja: ilustracija procesa studije, selekcije i <\/p>\n<p>idealizacije<br \/>\n<\/strong><\/a><br \/>\n<\/span>\n<\/td>\n<\/tr>\n<tr>\n<td width=\"10\" valign=\"top\"><span style=\"color: #000000;\"><br \/>\n\u2013<br \/>\n<\/span>\n<\/td>\n<td><span style=\"color: #000000;\"><br \/>\n<a href=\"http:\/\/youtu.be\/4As8HxIN-W0\"><strong><br \/>\nSanja Domazet: Ra\u010dunar: alatka za ruku ili za misao (dinami\u010dke slike virtuelne stvarnosti)<br \/>\n<\/strong><\/a><br \/>\n<\/span>\n<\/td>\n<\/tr>\n<tr>\n<td width=\"10\" valign=\"top\"><span style=\"color: #000000;\"><br \/>\n\u2013<br \/>\n<\/span>\n<\/td>\n<td><span style=\"color: #000000;\"><br \/>\n<a href=\"http:\/\/youtu.be\/lbldM2PTK9I\"><strong><br \/>\nMarko Stamenkovi\u0107: Mrtav toreador<br \/>\n<\/strong><\/a><br \/>\n<\/span>\n<\/td>\n<\/tr>\n<tr>\n<td width=\"10\" valign=\"top\"><span style=\"color: #000000;\"><br \/>\n\u2013<br \/>\n<\/span>\n<\/td>\n<td><span style=\"color: #000000;\"><br \/>\n<a href=\"http:\/\/youtu.be\/FBX4F-LMja4\"><strong><br \/>\nNenad Vertov\u0161ek: Umjetnost medijske manipulacije &#8211; ljepota iluzije jest u oku promatra\u010da<br \/>\n<\/strong><\/a><br \/>\n<\/span>\n<\/td>\n<\/tr>\n<tr>\n<td width=\"10\" valign=\"top\"><span style=\"color: #000000;\"><br \/>\n\u2013<br \/>\n<\/span>\n<\/td>\n<td><span style=\"color: #000000;\"><br \/>\n<a href=\"http:\/\/youtu.be\/QoCtAldMgyU\"><strong><br \/>\nNada Torlak, Nikola Torlak: Novi mediji &#8211; nova pravila i nova recepcija kulture i umetnosti<br \/>\n<\/strong><\/a><br \/>\n<\/span>\n<\/td>\n<\/tr>\n<tr>\n<td width=\"10\" valign=\"top\"><span style=\"color: #000000;\"><br \/>\n\u2013<br \/>\n<\/span>\n<\/td>\n<td><span style=\"color: #000000;\"><br \/>\n<a href=\"http:\/\/youtu.be\/O5FevpXhA6E\"><strong><br \/>\nMonika Vre\u010dar: Kona\u010dna smrt autora: Kreativnost u doba informacijskog dru\u0161tva<br \/>\n<\/strong><\/a><br \/>\n<\/span>\n<\/td>\n<\/tr>\n<tr>\n<td width=\"10\" valign=\"top\"><span style=\"color: #000000;\"><br \/>\n\u2013<br \/>\n<\/span>\n<\/td>\n<td><span style=\"color: #000000;\"><br \/>\n<a href=\"http:\/\/youtu.be\/HhRW-VzsOPU\"><strong><br \/>\nAleksandra Mandi\u0107, Ljubomir Zuber: Filozofija mas medija kao filozofija na\u0161ega doba<br \/>\n<\/strong><\/a><br \/>\n<\/span>\n<\/td>\n<\/tr>\n<tr>\n<td width=\"10\" valign=\"top\"><span style=\"color: #000000;\"><br \/>\n\u2013<br \/>\n<\/span>\n<\/td>\n<td><span style=\"color: #000000;\"><br \/>\n<a href=\"http:\/\/youtu.be\/SXdJSS5VICE\"><strong><br \/>\nSandra Sokolovi\u0107, Sandra Santra\u010d: Mas mediji i perspektive kulturnog identiteta u globalnom dru\u0161tvu<br \/>\n<\/strong><\/a><br \/>\n<\/span>\n<\/td>\n<\/tr>\n<tr>\n<td width=\"10\" valign=\"top\"><span style=\"color: #000000;\"><br \/>\n\u2013<br \/>\n<\/span>\n<\/td>\n<td><span style=\"color: #000000;\"><br \/>\n<a href=\"http:\/\/youtu.be\/xvoEhY7u6yM\"><strong><br \/>\nNevena Mileti\u0107, Mirko Mileti\u0107: Umetni\u010dko stvarala\u0161tvo u informacionom dru\u0161tvu<br \/>\n<\/strong><\/a><br \/>\n<\/span>\n<\/td>\n<\/tr>\n<tr>\n<td width=\"10\" valign=\"top\"><span style=\"color: #000000;\"><br \/>\n\u2013<br \/>\n<\/span>\n<\/td>\n<td><span style=\"color: #000000;\"><br \/>\n<a href=\"http:\/\/youtu.be\/QN183k79aIM\"><strong><br \/>\n\u017deljko Ivankovi\u0107: Relevantna informacija, \u0161to je to?<br \/>\n<\/strong><\/a><br \/>\n<\/span>\n<\/td>\n<\/tr>\n<tr>\n<td width=\"10\" valign=\"top\"><span style=\"color: #000000;\"><br \/>\n\u2013<br \/>\n<\/span>\n<\/td>\n<td><span style=\"color: #000000;\"><br \/>\n<a href=\"http:\/\/youtu.be\/IIsh1FsWoxk\"><strong><br \/>\n\u0160pela Pavli: Suradnja i permanentna tranzicija u suvremenoj vizualnoj praksi<br \/>\n<\/strong><\/a><br \/>\n<\/span>\n<\/td>\n<\/tr>\n<tr>\n<td width=\"10\" valign=\"top\"><span style=\"color: #000000;\"><br \/>\n\u2013<br \/>\n<\/span>\n<\/td>\n<td><span style=\"color: #000000;\"><br \/>\n<a href=\"http:\/\/youtu.be\/FkgMcBSwB9o\"><strong><br \/>\nSofija Drecun: Medijski pluralizam i raznovrsnost<br \/>\n<\/strong><\/a><br \/>\n<\/span>\n<\/td>\n<\/tr>\n<tr>\n<td width=\"10\" valign=\"top\"><span style=\"color: #000000;\"><br \/>\n\u2013<br \/>\n<\/span>\n<\/td>\n<td><span style=\"color: #000000;\"><br \/>\n<a href=\"http:\/\/youtu.be\/-C_P3qOVFnU\"><strong><br \/>\nVesna Srni\u0107: Multitasking aktualizacija u multimedijskoj umjetnosti<br \/>\n<\/strong><\/a><br \/>\n<\/span>\n<\/td>\n<\/tr>\n<tr>\n<td width=\"10\" valign=\"top\"><span style=\"color: #000000;\"><br \/>\n\u2013<br \/>\n<\/span>\n<\/td>\n<td><span style=\"color: #000000;\"><br \/>\n<a href=\"http:\/\/youtu.be\/7ya_vIZQsLY\"><strong><br \/>\nNikola Dedi\u0107: Popularna kultura i materijalisti\u010dka teorija autora: prilog konstituisanju \u201edilanologije&#8221;<br \/>\n<\/strong><\/a><br \/>\n<\/span>\n<\/td>\n<\/tr>\n<tr>\n<td width=\"10\" valign=\"top\"><span style=\"color: #000000;\"><br \/>\n\u2013<br \/>\n<\/span>\n<\/td>\n<td><span style=\"color: #000000;\"><br \/>\n<a href=\"http:\/\/youtu.be\/fvQ3WLlRXRs\"><strong><br \/>\nTatjana Vuli\u0107, Dragana Pavlovi\u0107, Zoran Jevtovi\u0107: Medijski spektakl ili dokumentarnost &#8211; ozna\u010davanje zna\u010denja<br \/>\n<\/strong><\/a><br \/>\n<\/span>\n<\/td>\n<\/tr>\n<tr>\n<td width=\"10\" valign=\"top\"><span style=\"color: #000000;\"><br \/>\n\u2013<br \/>\n<\/span>\n<\/td>\n<td><span style=\"color: #000000;\"><br \/>\n<a href=\"http:\/\/youtu.be\/UftwY_tSnz0\"><strong><br \/>\nLjiljana Gavrilovi\u0107: Fan-fiction i nova kreativnost<br \/>\n<\/strong><\/a><br \/>\n<\/span>\n<\/td>\n<\/tr>\n<tr>\n<td width=\"10\" valign=\"top\"><span style=\"color: #000000;\"><br \/>\n\u2013<br \/>\n<\/span>\n<\/td>\n<td><span style=\"color: #000000;\"><br \/>\n<a href=\"http:\/\/youtu.be\/ph0J8it3pZI\"><strong><br \/>\nMira Hercigonja-Szekeres, Ida Szekeres, Nenad Sikirica: Marketing kulturnog doga\u0111aja i mediji<br \/>\n<\/strong><\/a><br \/>\n<\/span>\n<\/td>\n<\/tr>\n<tr>\n<td width=\"10\" valign=\"top\"><span style=\"color: #000000;\"><br \/>\n\u2013<br \/>\n<\/span>\n<\/td>\n<td><span style=\"color: #000000;\"><br \/>\n<a href=\"http:\/\/youtu.be\/RtQFAM05ad4\"><strong><br \/>\nZlatan Deli\u0107: Forenzika socijalnog kapitala na rubovima medijskog diskursa u tranzicijskoj Bosni i Hercegovini<br \/>\n<\/strong><\/a><br \/>\n<\/span>\n<\/td>\n<\/tr>\n<\/tbody>\n<\/table>\n<\/td>\n<\/tr>\n<\/tbody>\n<\/table>\n","protected":false},"excerpt":{"rendered":"<p>&nbsp; IN MEDIAS RES \u010dasopis filozofije medija &nbsp; Izdava\u010d \u010dasopisa: Centar za filozofiju medija i mediolo\u0161ka istra\u017eivanja (Zagreb) &nbsp; Adresa: Petrovogorska 18, 10000 Zagreb &nbsp; E-mail: inmediasres@centar-fm.org &nbsp; GODINA 2 (2013) broj 2 &nbsp; \u010casopis je otvorenog pristupa, a ovo djelo je dano na kori\u0161tenje pod licencom Creative Commons Imenovanje-Nekomercijalno 4.0 me\u0111unarodna. &nbsp; ISSN 1848-6304 [&hellip;]<\/p>\n","protected":false},"author":2,"featured_media":113,"comment_status":"open","ping_status":"open","sticky":false,"template":"","format":"standard","meta":{"_acf_changed":false,"_et_pb_use_builder":"","_et_pb_old_content":"","_et_gb_content_width":"","footnotes":""},"categories":[37],"tags":[170,160,154,155,162,178,166,172,177,176,165,152,171,158,169,163,175,174,157,161,164,167,153,173,159,168,156],"class_list":["post-114","post","type-post","status-publish","format-standard","has-post-thumbnail","hentry","category-in-medias-res-broj-2-naslovnica","tag-aleksandra-brakus","tag-denis-vekic","tag-fulvio-suran","tag-glazba-i-mediji-s-posebnim-osvrtom-na-film","tag-halima-sofradzija","tag-kako-su-mediji-mijenjali-svijet","tag-ljiljana-manic","tag-marina-milivojevic-madarev","tag-mario-kolar","tag-masmediji-i-perspektive-kulturnog-identiteta-u-globalnom-drustvu","tag-mileva-pavlovic","tag-miroljub-radojkovic","tag-novi-mediji-i-nove-umjetnosti","tag-performans-masmedija-eurosong-izmedu-spektakla-i-umjetnosti","tag-poetska-rijec-medij-sufijske-gnoze","tag-posredovana-slika-svijeta-mediji","tag-sandra-santrac","tag-sandra-sokolovic","tag-sladana-stamenkovic","tag-smisao-i-znacaj-suvremenih-medija-u-prikupljanju-i-proucavanju-hrvatske-usmenoknjizevne-bastine","tag-umjetnost-i-tehnologija-u-umrezenom-drustvu","tag-umjetnost-spektakla-kao-druga-realnost","tag-umjetnost-u-doba-digitalne-reprodukcije","tag-utjecaj-teorije-drame-gustava-freytaga-dobro-skrojenih-komada-na-suvremenu-filmsku-dramaturgiju-utjelovljenu-u-djelu-the-writers-journey-christophera-voglera","tag-vanda-babic","tag-vesna-ivezic","tag-vesna-milenkovic","et-has-post-format-content","et_post_format-et-post-format-standard"],"acf":[],"yoast_head":"<!-- This site is optimized with the Yoast SEO plugin v27.4 - https:\/\/yoast.com\/product\/yoast-seo-wordpress\/ -->\n<title>naslovnica br.2 - In Medias Res - \u010casopis centra za filozofiju medija<\/title>\n<meta name=\"robots\" content=\"index, follow, max-snippet:-1, max-image-preview:large, max-video-preview:-1\" \/>\n<link rel=\"canonical\" href=\"https:\/\/centar-fm.org\/inmediasres\/index.php\/naslov2\/\" \/>\n<meta property=\"og:locale\" content=\"en_US\" \/>\n<meta property=\"og:type\" content=\"article\" \/>\n<meta property=\"og:title\" content=\"naslovnica br.2 - In Medias Res - \u010casopis centra za filozofiju medija\" \/>\n<meta property=\"og:description\" content=\"&nbsp; IN MEDIAS RES \u010dasopis filozofije medija &nbsp; Izdava\u010d \u010dasopisa: Centar za filozofiju medija i mediolo\u0161ka istra\u017eivanja (Zagreb) &nbsp; Adresa: Petrovogorska 18, 10000 Zagreb &nbsp; E-mail: inmediasres@centar-fm.org &nbsp; GODINA 2 (2013) broj 2 &nbsp; \u010casopis je otvorenog pristupa, a ovo djelo je dano na kori\u0161tenje pod licencom Creative Commons Imenovanje-Nekomercijalno 4.0 me\u0111unarodna. &nbsp; ISSN 1848-6304 [&hellip;]\" \/>\n<meta property=\"og:url\" content=\"https:\/\/centar-fm.org\/inmediasres\/index.php\/naslov2\/\" \/>\n<meta property=\"og:site_name\" content=\"In Medias Res - \u010casopis centra za filozofiju medija\" \/>\n<meta property=\"article:published_time\" content=\"2011-11-23T16:23:10+00:00\" \/>\n<meta property=\"og:image\" content=\"https:\/\/centar-fm.org\/inmediasres\/wp-content\/uploads\/sites\/2\/2011\/11\/inmediasresno02ii.jpg\" \/>\n\t<meta property=\"og:image:width\" content=\"592\" \/>\n\t<meta property=\"og:image:height\" content=\"868\" \/>\n\t<meta property=\"og:image:type\" content=\"image\/jpeg\" \/>\n<meta name=\"author\" content=\"Super User\" \/>\n<meta name=\"twitter:card\" content=\"summary_large_image\" \/>\n<meta name=\"twitter:label1\" content=\"Written by\" \/>\n\t<meta name=\"twitter:data1\" content=\"Super User\" \/>\n\t<meta name=\"twitter:label2\" content=\"Est. reading time\" \/>\n\t<meta name=\"twitter:data2\" content=\"4 minutes\" \/>\n<script type=\"application\/ld+json\" class=\"yoast-schema-graph\">{\"@context\":\"https:\\\/\\\/schema.org\",\"@graph\":[{\"@type\":\"Article\",\"@id\":\"https:\\\/\\\/centar-fm.org\\\/inmediasres\\\/index.php\\\/naslov2\\\/#article\",\"isPartOf\":{\"@id\":\"https:\\\/\\\/centar-fm.org\\\/inmediasres\\\/index.php\\\/naslov2\\\/\"},\"author\":{\"name\":\"Super User\",\"@id\":\"https:\\\/\\\/centar-fm.org\\\/inmediasres\\\/#\\\/schema\\\/person\\\/ae49dcc23965665608f66120db8245a4\"},\"headline\":\"naslovnica br.2\",\"datePublished\":\"2011-11-23T16:23:10+00:00\",\"mainEntityOfPage\":{\"@id\":\"https:\\\/\\\/centar-fm.org\\\/inmediasres\\\/index.php\\\/naslov2\\\/\"},\"wordCount\":872,\"commentCount\":0,\"image\":{\"@id\":\"https:\\\/\\\/centar-fm.org\\\/inmediasres\\\/index.php\\\/naslov2\\\/#primaryimage\"},\"thumbnailUrl\":\"https:\\\/\\\/centar-fm.org\\\/inmediasres\\\/wp-content\\\/uploads\\\/sites\\\/2\\\/2011\\\/11\\\/inmediasresno02ii.jpg\",\"keywords\":[\"Aleksandra Brakus\",\"Denis Veki\u0107\",\"Fulvio \u0160uran\",\"Glazba i mediji s posebnim osvrtom na film\",\"Halima Sofrad\u017eija\",\"Kako su mediji mijenjali svijet\",\"Ljiljana Mani\u0107\",\"Marina Milivojevi\u0107-Ma\u0111arev\",\"Mario Kolar\",\"Masmediji i perspektive kulturnog identiteta u globalnom dru\u0161tvu\",\"Mileva Pavlovi\u0107\",\"Miroljub Radojkovi\u0107\",\"Novi mediji i nove umjetnosti\",\"Performans masmedija: Eurosong izme\u0111u spektakla i umjetnosti\",\"Poetska rije\u010d \u2013 medij sufijske gnoze\",\"Posredovana slika svijeta - mediji\",\"Sandra Santra\u010d\",\"Sandra Sokolovi\u0107\",\"Sla\u0111ana Stamenkovi\u0107\",\"Smisao i zna\u010daj suvremenih medija u prikupljanju i prou\u010davanju hrvatske usmenoknji\u017eevne ba\u0161tine\",\"umjetnost i tehnologija u umre\u017eenom dru\u0161tvu\",\"Umjetnost spektakla kao druga realnost\",\"Umjetnost u doba digitalne reprodukcije\",\"Utjecaj teorije drame Gustava Freytaga \u201edobro skrojenih komada\u201c na suvremenu filmsku dramaturgiju utjelovljenu u djelu THE WRITER\u2019S JOURNEY Christophera Voglera\",\"Vanda Babi\u0107\",\"Vesna Ivezi\u0107\",\"Vesna Milenkovi\u0107\"],\"articleSection\":[\"In Medias Res broj 2 naslovnica\"],\"inLanguage\":\"en-US\",\"potentialAction\":[{\"@type\":\"CommentAction\",\"name\":\"Comment\",\"target\":[\"https:\\\/\\\/centar-fm.org\\\/inmediasres\\\/index.php\\\/naslov2\\\/#respond\"]}]},{\"@type\":\"WebPage\",\"@id\":\"https:\\\/\\\/centar-fm.org\\\/inmediasres\\\/index.php\\\/naslov2\\\/\",\"url\":\"https:\\\/\\\/centar-fm.org\\\/inmediasres\\\/index.php\\\/naslov2\\\/\",\"name\":\"naslovnica br.2 - In Medias Res - \u010casopis centra za filozofiju medija\",\"isPartOf\":{\"@id\":\"https:\\\/\\\/centar-fm.org\\\/inmediasres\\\/#website\"},\"primaryImageOfPage\":{\"@id\":\"https:\\\/\\\/centar-fm.org\\\/inmediasres\\\/index.php\\\/naslov2\\\/#primaryimage\"},\"image\":{\"@id\":\"https:\\\/\\\/centar-fm.org\\\/inmediasres\\\/index.php\\\/naslov2\\\/#primaryimage\"},\"thumbnailUrl\":\"https:\\\/\\\/centar-fm.org\\\/inmediasres\\\/wp-content\\\/uploads\\\/sites\\\/2\\\/2011\\\/11\\\/inmediasresno02ii.jpg\",\"datePublished\":\"2011-11-23T16:23:10+00:00\",\"author\":{\"@id\":\"https:\\\/\\\/centar-fm.org\\\/inmediasres\\\/#\\\/schema\\\/person\\\/ae49dcc23965665608f66120db8245a4\"},\"breadcrumb\":{\"@id\":\"https:\\\/\\\/centar-fm.org\\\/inmediasres\\\/index.php\\\/naslov2\\\/#breadcrumb\"},\"inLanguage\":\"en-US\",\"potentialAction\":[{\"@type\":\"ReadAction\",\"target\":[\"https:\\\/\\\/centar-fm.org\\\/inmediasres\\\/index.php\\\/naslov2\\\/\"]}]},{\"@type\":\"ImageObject\",\"inLanguage\":\"en-US\",\"@id\":\"https:\\\/\\\/centar-fm.org\\\/inmediasres\\\/index.php\\\/naslov2\\\/#primaryimage\",\"url\":\"https:\\\/\\\/centar-fm.org\\\/inmediasres\\\/wp-content\\\/uploads\\\/sites\\\/2\\\/2011\\\/11\\\/inmediasresno02ii.jpg\",\"contentUrl\":\"https:\\\/\\\/centar-fm.org\\\/inmediasres\\\/wp-content\\\/uploads\\\/sites\\\/2\\\/2011\\\/11\\\/inmediasresno02ii.jpg\",\"width\":592,\"height\":868,\"caption\":\"InMediasRes\"},{\"@type\":\"BreadcrumbList\",\"@id\":\"https:\\\/\\\/centar-fm.org\\\/inmediasres\\\/index.php\\\/naslov2\\\/#breadcrumb\",\"itemListElement\":[{\"@type\":\"ListItem\",\"position\":1,\"name\":\"Po\u010detna stranica\",\"item\":\"https:\\\/\\\/centar-fm.org\\\/inmediasres\\\/\"},{\"@type\":\"ListItem\",\"position\":2,\"name\":\"naslovnica br.2\"}]},{\"@type\":\"WebSite\",\"@id\":\"https:\\\/\\\/centar-fm.org\\\/inmediasres\\\/#website\",\"url\":\"https:\\\/\\\/centar-fm.org\\\/inmediasres\\\/\",\"name\":\"In Medias Res - \u010casopis centra za filozofiju medija\",\"description\":\"\",\"potentialAction\":[{\"@type\":\"SearchAction\",\"target\":{\"@type\":\"EntryPoint\",\"urlTemplate\":\"https:\\\/\\\/centar-fm.org\\\/inmediasres\\\/?s={search_term_string}\"},\"query-input\":{\"@type\":\"PropertyValueSpecification\",\"valueRequired\":true,\"valueName\":\"search_term_string\"}}],\"inLanguage\":\"en-US\"},{\"@type\":\"Person\",\"@id\":\"https:\\\/\\\/centar-fm.org\\\/inmediasres\\\/#\\\/schema\\\/person\\\/ae49dcc23965665608f66120db8245a4\",\"name\":\"Super User\",\"image\":{\"@type\":\"ImageObject\",\"inLanguage\":\"en-US\",\"@id\":\"https:\\\/\\\/secure.gravatar.com\\\/avatar\\\/5ac3fc5ccca7755fa3f558fed4a39be2232c6585e68bd398c790d57375dde921?s=96&d=mm&r=g\",\"url\":\"https:\\\/\\\/secure.gravatar.com\\\/avatar\\\/5ac3fc5ccca7755fa3f558fed4a39be2232c6585e68bd398c790d57375dde921?s=96&d=mm&r=g\",\"contentUrl\":\"https:\\\/\\\/secure.gravatar.com\\\/avatar\\\/5ac3fc5ccca7755fa3f558fed4a39be2232c6585e68bd398c790d57375dde921?s=96&d=mm&r=g\",\"caption\":\"Super User\"},\"url\":\"https:\\\/\\\/centar-fm.org\\\/inmediasres\\\/index.php\\\/author\\\/amynovcfmweb\\\/\"}]}<\/script>\n<!-- \/ Yoast SEO plugin. -->","yoast_head_json":{"title":"naslovnica br.2 - In Medias Res - \u010casopis centra za filozofiju medija","robots":{"index":"index","follow":"follow","max-snippet":"max-snippet:-1","max-image-preview":"max-image-preview:large","max-video-preview":"max-video-preview:-1"},"canonical":"https:\/\/centar-fm.org\/inmediasres\/index.php\/naslov2\/","og_locale":"en_US","og_type":"article","og_title":"naslovnica br.2 - In Medias Res - \u010casopis centra za filozofiju medija","og_description":"&nbsp; IN MEDIAS RES \u010dasopis filozofije medija &nbsp; Izdava\u010d \u010dasopisa: Centar za filozofiju medija i mediolo\u0161ka istra\u017eivanja (Zagreb) &nbsp; Adresa: Petrovogorska 18, 10000 Zagreb &nbsp; E-mail: inmediasres@centar-fm.org &nbsp; GODINA 2 (2013) broj 2 &nbsp; \u010casopis je otvorenog pristupa, a ovo djelo je dano na kori\u0161tenje pod licencom Creative Commons Imenovanje-Nekomercijalno 4.0 me\u0111unarodna. &nbsp; ISSN 1848-6304 [&hellip;]","og_url":"https:\/\/centar-fm.org\/inmediasres\/index.php\/naslov2\/","og_site_name":"In Medias Res - \u010casopis centra za filozofiju medija","article_published_time":"2011-11-23T16:23:10+00:00","og_image":[{"width":592,"height":868,"url":"https:\/\/centar-fm.org\/inmediasres\/wp-content\/uploads\/sites\/2\/2011\/11\/inmediasresno02ii.jpg","type":"image\/jpeg"}],"author":"Super User","twitter_card":"summary_large_image","twitter_misc":{"Written by":"Super User","Est. reading time":"4 minutes"},"schema":{"@context":"https:\/\/schema.org","@graph":[{"@type":"Article","@id":"https:\/\/centar-fm.org\/inmediasres\/index.php\/naslov2\/#article","isPartOf":{"@id":"https:\/\/centar-fm.org\/inmediasres\/index.php\/naslov2\/"},"author":{"name":"Super User","@id":"https:\/\/centar-fm.org\/inmediasres\/#\/schema\/person\/ae49dcc23965665608f66120db8245a4"},"headline":"naslovnica br.2","datePublished":"2011-11-23T16:23:10+00:00","mainEntityOfPage":{"@id":"https:\/\/centar-fm.org\/inmediasres\/index.php\/naslov2\/"},"wordCount":872,"commentCount":0,"image":{"@id":"https:\/\/centar-fm.org\/inmediasres\/index.php\/naslov2\/#primaryimage"},"thumbnailUrl":"https:\/\/centar-fm.org\/inmediasres\/wp-content\/uploads\/sites\/2\/2011\/11\/inmediasresno02ii.jpg","keywords":["Aleksandra Brakus","Denis Veki\u0107","Fulvio \u0160uran","Glazba i mediji s posebnim osvrtom na film","Halima Sofrad\u017eija","Kako su mediji mijenjali svijet","Ljiljana Mani\u0107","Marina Milivojevi\u0107-Ma\u0111arev","Mario Kolar","Masmediji i perspektive kulturnog identiteta u globalnom dru\u0161tvu","Mileva Pavlovi\u0107","Miroljub Radojkovi\u0107","Novi mediji i nove umjetnosti","Performans masmedija: Eurosong izme\u0111u spektakla i umjetnosti","Poetska rije\u010d \u2013 medij sufijske gnoze","Posredovana slika svijeta - mediji","Sandra Santra\u010d","Sandra Sokolovi\u0107","Sla\u0111ana Stamenkovi\u0107","Smisao i zna\u010daj suvremenih medija u prikupljanju i prou\u010davanju hrvatske usmenoknji\u017eevne ba\u0161tine","umjetnost i tehnologija u umre\u017eenom dru\u0161tvu","Umjetnost spektakla kao druga realnost","Umjetnost u doba digitalne reprodukcije","Utjecaj teorije drame Gustava Freytaga \u201edobro skrojenih komada\u201c na suvremenu filmsku dramaturgiju utjelovljenu u djelu THE WRITER\u2019S JOURNEY Christophera Voglera","Vanda Babi\u0107","Vesna Ivezi\u0107","Vesna Milenkovi\u0107"],"articleSection":["In Medias Res broj 2 naslovnica"],"inLanguage":"en-US","potentialAction":[{"@type":"CommentAction","name":"Comment","target":["https:\/\/centar-fm.org\/inmediasres\/index.php\/naslov2\/#respond"]}]},{"@type":"WebPage","@id":"https:\/\/centar-fm.org\/inmediasres\/index.php\/naslov2\/","url":"https:\/\/centar-fm.org\/inmediasres\/index.php\/naslov2\/","name":"naslovnica br.2 - In Medias Res - \u010casopis centra za filozofiju medija","isPartOf":{"@id":"https:\/\/centar-fm.org\/inmediasres\/#website"},"primaryImageOfPage":{"@id":"https:\/\/centar-fm.org\/inmediasres\/index.php\/naslov2\/#primaryimage"},"image":{"@id":"https:\/\/centar-fm.org\/inmediasres\/index.php\/naslov2\/#primaryimage"},"thumbnailUrl":"https:\/\/centar-fm.org\/inmediasres\/wp-content\/uploads\/sites\/2\/2011\/11\/inmediasresno02ii.jpg","datePublished":"2011-11-23T16:23:10+00:00","author":{"@id":"https:\/\/centar-fm.org\/inmediasres\/#\/schema\/person\/ae49dcc23965665608f66120db8245a4"},"breadcrumb":{"@id":"https:\/\/centar-fm.org\/inmediasres\/index.php\/naslov2\/#breadcrumb"},"inLanguage":"en-US","potentialAction":[{"@type":"ReadAction","target":["https:\/\/centar-fm.org\/inmediasres\/index.php\/naslov2\/"]}]},{"@type":"ImageObject","inLanguage":"en-US","@id":"https:\/\/centar-fm.org\/inmediasres\/index.php\/naslov2\/#primaryimage","url":"https:\/\/centar-fm.org\/inmediasres\/wp-content\/uploads\/sites\/2\/2011\/11\/inmediasresno02ii.jpg","contentUrl":"https:\/\/centar-fm.org\/inmediasres\/wp-content\/uploads\/sites\/2\/2011\/11\/inmediasresno02ii.jpg","width":592,"height":868,"caption":"InMediasRes"},{"@type":"BreadcrumbList","@id":"https:\/\/centar-fm.org\/inmediasres\/index.php\/naslov2\/#breadcrumb","itemListElement":[{"@type":"ListItem","position":1,"name":"Po\u010detna stranica","item":"https:\/\/centar-fm.org\/inmediasres\/"},{"@type":"ListItem","position":2,"name":"naslovnica br.2"}]},{"@type":"WebSite","@id":"https:\/\/centar-fm.org\/inmediasres\/#website","url":"https:\/\/centar-fm.org\/inmediasres\/","name":"In Medias Res - \u010casopis centra za filozofiju medija","description":"","potentialAction":[{"@type":"SearchAction","target":{"@type":"EntryPoint","urlTemplate":"https:\/\/centar-fm.org\/inmediasres\/?s={search_term_string}"},"query-input":{"@type":"PropertyValueSpecification","valueRequired":true,"valueName":"search_term_string"}}],"inLanguage":"en-US"},{"@type":"Person","@id":"https:\/\/centar-fm.org\/inmediasres\/#\/schema\/person\/ae49dcc23965665608f66120db8245a4","name":"Super User","image":{"@type":"ImageObject","inLanguage":"en-US","@id":"https:\/\/secure.gravatar.com\/avatar\/5ac3fc5ccca7755fa3f558fed4a39be2232c6585e68bd398c790d57375dde921?s=96&d=mm&r=g","url":"https:\/\/secure.gravatar.com\/avatar\/5ac3fc5ccca7755fa3f558fed4a39be2232c6585e68bd398c790d57375dde921?s=96&d=mm&r=g","contentUrl":"https:\/\/secure.gravatar.com\/avatar\/5ac3fc5ccca7755fa3f558fed4a39be2232c6585e68bd398c790d57375dde921?s=96&d=mm&r=g","caption":"Super User"},"url":"https:\/\/centar-fm.org\/inmediasres\/index.php\/author\/amynovcfmweb\/"}]}},"_links":{"self":[{"href":"https:\/\/centar-fm.org\/inmediasres\/index.php\/wp-json\/wp\/v2\/posts\/114","targetHints":{"allow":["GET"]}}],"collection":[{"href":"https:\/\/centar-fm.org\/inmediasres\/index.php\/wp-json\/wp\/v2\/posts"}],"about":[{"href":"https:\/\/centar-fm.org\/inmediasres\/index.php\/wp-json\/wp\/v2\/types\/post"}],"author":[{"embeddable":true,"href":"https:\/\/centar-fm.org\/inmediasres\/index.php\/wp-json\/wp\/v2\/users\/2"}],"replies":[{"embeddable":true,"href":"https:\/\/centar-fm.org\/inmediasres\/index.php\/wp-json\/wp\/v2\/comments?post=114"}],"version-history":[{"count":0,"href":"https:\/\/centar-fm.org\/inmediasres\/index.php\/wp-json\/wp\/v2\/posts\/114\/revisions"}],"wp:featuredmedia":[{"embeddable":true,"href":"https:\/\/centar-fm.org\/inmediasres\/index.php\/wp-json\/wp\/v2\/media\/113"}],"wp:attachment":[{"href":"https:\/\/centar-fm.org\/inmediasres\/index.php\/wp-json\/wp\/v2\/media?parent=114"}],"wp:term":[{"taxonomy":"category","embeddable":true,"href":"https:\/\/centar-fm.org\/inmediasres\/index.php\/wp-json\/wp\/v2\/categories?post=114"},{"taxonomy":"post_tag","embeddable":true,"href":"https:\/\/centar-fm.org\/inmediasres\/index.php\/wp-json\/wp\/v2\/tags?post=114"}],"curies":[{"name":"wp","href":"https:\/\/api.w.org\/{rel}","templated":true}]}}