{"id":149,"date":"2011-11-22T13:28:27","date_gmt":"2011-11-22T13:28:27","guid":{"rendered":"https:\/\/sweet-mcclintock.194-60-87-163.plesk.page\/inmediasres\/2011\/11\/22\/marina-milivojevic-madarev\/"},"modified":"2011-11-22T13:28:27","modified_gmt":"2011-11-22T13:28:27","slug":"marina-milivojevic-madarev","status":"publish","type":"post","link":"https:\/\/centar-fm.org\/inmediasres\/index.php\/marina-milivojevic-madarev\/","title":{"rendered":"Marina Milivojevi\u0107-Ma\u0111arev"},"content":{"rendered":"<p class=\"MsoNormal\" style=\"line-height: 170%;\">\nDoktorirala  je na temu <em>Dejan Mija\u010d, Slobodan Unkovski  i Du\u0161an Jovanovi\u0107 rediteljski stilovi u Jugoslovenskom dramskom pozori\u0161tu<\/em> (mentor prof. dr Petar Marjanovi\u0107) na FDU u Beogradu. Autor je knjige <em>Biti u pozori<\/em><em>\u0161tu<\/em> koja je nastala na osnovu  doktorske disertacije. <br \/>\n  Radila  je kao dramaturg u Jugoslovenskom dramskom pozori\u0161tu (1999-2011). Sara\u0111ivala je  sa rediteljima Slobodanom Unkovskim, Du\u0161anom Jovanovi\u0107em, Dejanom Mija\u010dem, Paolom  Ma\u0111elijem, Egonom Savinom i\u00a0 Radoslavom  Milenkovi\u0107em.<br \/>\n  Na  Televiziji Beograd bila je jedan od autora emisija o pozori\u0161tu <em>Kolektivne senke<\/em> i voditelj i urednik <em>Hronika Bitefa<\/em>. Marinine  drame za decu su izvedene u vi\u0161e de\u010dijih pozori\u0161ta u zemlji. U okviru programa  Need Circuit Stage Reading na The Accidentar Festival 2008 (ICA, London) javno je \u010ditana njena drama <em>Tvr\u0111ava<\/em>. <br \/>\n  Drame  i radovi iz oblasti teorije drame \u0161tampani su joj u nacionalnim i me\u0111unarodnim  \u010dasopisima. Autor je tridesetak realizovanih radio drama (Dramski program Radio  Beograda).<br \/>\nPi\u0161e  radio drame, TV drame, drame za decu i radove iz oblasti teatrologije.\u00a0 Radi ako docent na Odseku za dramaturgiju na  Akademiji umetnosti u Novom Sadu. \u010clan je uredni\u0161tva \u010dasopisa Scena. <\/p>\n","protected":false},"excerpt":{"rendered":"<p>Doktorirala je na temu Dejan Mija\u010d, Slobodan Unkovski i Du\u0161an Jovanovi\u0107 rediteljski stilovi u Jugoslovenskom dramskom pozori\u0161tu (mentor prof. dr Petar Marjanovi\u0107) na FDU u Beogradu. Autor je knjige Biti u pozori\u0161tu koja je nastala na osnovu doktorske disertacije. Radila je kao dramaturg u Jugoslovenskom dramskom pozori\u0161tu (1999-2011). Sara\u0111ivala je sa rediteljima Slobodanom Unkovskim, Du\u0161anom [&hellip;]<\/p>\n","protected":false},"author":2,"featured_media":0,"comment_status":"open","ping_status":"open","sticky":false,"template":"","format":"standard","meta":{"_acf_changed":false,"_et_pb_use_builder":"","_et_pb_old_content":"","_et_gb_content_width":"","footnotes":""},"categories":[33],"tags":[172],"class_list":["post-149","post","type-post","status-publish","format-standard","hentry","category-o-autorima","tag-marina-milivojevic-madarev","et-doesnt-have-format-content","et_post_format-et-post-format-standard"],"acf":[],"yoast_head":"<!-- This site is optimized with the Yoast SEO plugin v27.4 - https:\/\/yoast.com\/product\/yoast-seo-wordpress\/ -->\n<title>Marina Milivojevi\u0107-Ma\u0111arev - In Medias Res - \u010casopis centra za filozofiju medija<\/title>\n<meta name=\"robots\" content=\"index, follow, max-snippet:-1, max-image-preview:large, max-video-preview:-1\" \/>\n<link rel=\"canonical\" href=\"https:\/\/centar-fm.org\/inmediasres\/index.php\/marina-milivojevic-madarev\/\" \/>\n<meta property=\"og:locale\" content=\"en_US\" \/>\n<meta property=\"og:type\" content=\"article\" \/>\n<meta property=\"og:title\" content=\"Marina Milivojevi\u0107-Ma\u0111arev - In Medias Res - \u010casopis centra za filozofiju medija\" \/>\n<meta property=\"og:description\" content=\"Doktorirala je na temu Dejan Mija\u010d, Slobodan Unkovski i Du\u0161an Jovanovi\u0107 rediteljski stilovi u Jugoslovenskom dramskom pozori\u0161tu (mentor prof. dr Petar Marjanovi\u0107) na FDU u Beogradu. Autor je knjige Biti u pozori\u0161tu koja je nastala na osnovu doktorske disertacije. Radila je kao dramaturg u Jugoslovenskom dramskom pozori\u0161tu (1999-2011). Sara\u0111ivala je sa rediteljima Slobodanom Unkovskim, Du\u0161anom [&hellip;]\" \/>\n<meta property=\"og:url\" content=\"https:\/\/centar-fm.org\/inmediasres\/index.php\/marina-milivojevic-madarev\/\" \/>\n<meta property=\"og:site_name\" content=\"In Medias Res - \u010casopis centra za filozofiju medija\" \/>\n<meta property=\"article:published_time\" content=\"2011-11-22T13:28:27+00:00\" \/>\n<meta name=\"author\" content=\"Super User\" \/>\n<meta name=\"twitter:card\" content=\"summary_large_image\" \/>\n<meta name=\"twitter:label1\" content=\"Written by\" \/>\n\t<meta name=\"twitter:data1\" content=\"Super User\" \/>\n\t<meta name=\"twitter:label2\" content=\"Est. reading time\" \/>\n\t<meta name=\"twitter:data2\" content=\"1 minute\" \/>\n<script type=\"application\/ld+json\" class=\"yoast-schema-graph\">{\"@context\":\"https:\\\/\\\/schema.org\",\"@graph\":[{\"@type\":\"Article\",\"@id\":\"https:\\\/\\\/centar-fm.org\\\/inmediasres\\\/index.php\\\/marina-milivojevic-madarev\\\/#article\",\"isPartOf\":{\"@id\":\"https:\\\/\\\/centar-fm.org\\\/inmediasres\\\/index.php\\\/marina-milivojevic-madarev\\\/\"},\"author\":{\"name\":\"Super User\",\"@id\":\"https:\\\/\\\/centar-fm.org\\\/inmediasres\\\/#\\\/schema\\\/person\\\/ae49dcc23965665608f66120db8245a4\"},\"headline\":\"Marina Milivojevi\u0107-Ma\u0111arev\",\"datePublished\":\"2011-11-22T13:28:27+00:00\",\"mainEntityOfPage\":{\"@id\":\"https:\\\/\\\/centar-fm.org\\\/inmediasres\\\/index.php\\\/marina-milivojevic-madarev\\\/\"},\"wordCount\":193,\"commentCount\":0,\"keywords\":[\"Marina Milivojevi\u0107-Ma\u0111arev\"],\"articleSection\":[\"O autorima\"],\"inLanguage\":\"en-US\",\"potentialAction\":[{\"@type\":\"CommentAction\",\"name\":\"Comment\",\"target\":[\"https:\\\/\\\/centar-fm.org\\\/inmediasres\\\/index.php\\\/marina-milivojevic-madarev\\\/#respond\"]}]},{\"@type\":\"WebPage\",\"@id\":\"https:\\\/\\\/centar-fm.org\\\/inmediasres\\\/index.php\\\/marina-milivojevic-madarev\\\/\",\"url\":\"https:\\\/\\\/centar-fm.org\\\/inmediasres\\\/index.php\\\/marina-milivojevic-madarev\\\/\",\"name\":\"Marina Milivojevi\u0107-Ma\u0111arev - In Medias Res - \u010casopis centra za filozofiju medija\",\"isPartOf\":{\"@id\":\"https:\\\/\\\/centar-fm.org\\\/inmediasres\\\/#website\"},\"datePublished\":\"2011-11-22T13:28:27+00:00\",\"author\":{\"@id\":\"https:\\\/\\\/centar-fm.org\\\/inmediasres\\\/#\\\/schema\\\/person\\\/ae49dcc23965665608f66120db8245a4\"},\"breadcrumb\":{\"@id\":\"https:\\\/\\\/centar-fm.org\\\/inmediasres\\\/index.php\\\/marina-milivojevic-madarev\\\/#breadcrumb\"},\"inLanguage\":\"en-US\",\"potentialAction\":[{\"@type\":\"ReadAction\",\"target\":[\"https:\\\/\\\/centar-fm.org\\\/inmediasres\\\/index.php\\\/marina-milivojevic-madarev\\\/\"]}]},{\"@type\":\"BreadcrumbList\",\"@id\":\"https:\\\/\\\/centar-fm.org\\\/inmediasres\\\/index.php\\\/marina-milivojevic-madarev\\\/#breadcrumb\",\"itemListElement\":[{\"@type\":\"ListItem\",\"position\":1,\"name\":\"Po\u010detna stranica\",\"item\":\"https:\\\/\\\/centar-fm.org\\\/inmediasres\\\/\"},{\"@type\":\"ListItem\",\"position\":2,\"name\":\"Marina Milivojevi\u0107-Ma\u0111arev\"}]},{\"@type\":\"WebSite\",\"@id\":\"https:\\\/\\\/centar-fm.org\\\/inmediasres\\\/#website\",\"url\":\"https:\\\/\\\/centar-fm.org\\\/inmediasres\\\/\",\"name\":\"In Medias Res - \u010casopis centra za filozofiju medija\",\"description\":\"\",\"potentialAction\":[{\"@type\":\"SearchAction\",\"target\":{\"@type\":\"EntryPoint\",\"urlTemplate\":\"https:\\\/\\\/centar-fm.org\\\/inmediasres\\\/?s={search_term_string}\"},\"query-input\":{\"@type\":\"PropertyValueSpecification\",\"valueRequired\":true,\"valueName\":\"search_term_string\"}}],\"inLanguage\":\"en-US\"},{\"@type\":\"Person\",\"@id\":\"https:\\\/\\\/centar-fm.org\\\/inmediasres\\\/#\\\/schema\\\/person\\\/ae49dcc23965665608f66120db8245a4\",\"name\":\"Super User\",\"image\":{\"@type\":\"ImageObject\",\"inLanguage\":\"en-US\",\"@id\":\"https:\\\/\\\/secure.gravatar.com\\\/avatar\\\/5ac3fc5ccca7755fa3f558fed4a39be2232c6585e68bd398c790d57375dde921?s=96&d=mm&r=g\",\"url\":\"https:\\\/\\\/secure.gravatar.com\\\/avatar\\\/5ac3fc5ccca7755fa3f558fed4a39be2232c6585e68bd398c790d57375dde921?s=96&d=mm&r=g\",\"contentUrl\":\"https:\\\/\\\/secure.gravatar.com\\\/avatar\\\/5ac3fc5ccca7755fa3f558fed4a39be2232c6585e68bd398c790d57375dde921?s=96&d=mm&r=g\",\"caption\":\"Super User\"},\"url\":\"https:\\\/\\\/centar-fm.org\\\/inmediasres\\\/index.php\\\/author\\\/amynovcfmweb\\\/\"}]}<\/script>\n<!-- \/ Yoast SEO plugin. -->","yoast_head_json":{"title":"Marina Milivojevi\u0107-Ma\u0111arev - In Medias Res - \u010casopis centra za filozofiju medija","robots":{"index":"index","follow":"follow","max-snippet":"max-snippet:-1","max-image-preview":"max-image-preview:large","max-video-preview":"max-video-preview:-1"},"canonical":"https:\/\/centar-fm.org\/inmediasres\/index.php\/marina-milivojevic-madarev\/","og_locale":"en_US","og_type":"article","og_title":"Marina Milivojevi\u0107-Ma\u0111arev - In Medias Res - \u010casopis centra za filozofiju medija","og_description":"Doktorirala je na temu Dejan Mija\u010d, Slobodan Unkovski i Du\u0161an Jovanovi\u0107 rediteljski stilovi u Jugoslovenskom dramskom pozori\u0161tu (mentor prof. dr Petar Marjanovi\u0107) na FDU u Beogradu. Autor je knjige Biti u pozori\u0161tu koja je nastala na osnovu doktorske disertacije. Radila je kao dramaturg u Jugoslovenskom dramskom pozori\u0161tu (1999-2011). Sara\u0111ivala je sa rediteljima Slobodanom Unkovskim, Du\u0161anom [&hellip;]","og_url":"https:\/\/centar-fm.org\/inmediasres\/index.php\/marina-milivojevic-madarev\/","og_site_name":"In Medias Res - \u010casopis centra za filozofiju medija","article_published_time":"2011-11-22T13:28:27+00:00","author":"Super User","twitter_card":"summary_large_image","twitter_misc":{"Written by":"Super User","Est. reading time":"1 minute"},"schema":{"@context":"https:\/\/schema.org","@graph":[{"@type":"Article","@id":"https:\/\/centar-fm.org\/inmediasres\/index.php\/marina-milivojevic-madarev\/#article","isPartOf":{"@id":"https:\/\/centar-fm.org\/inmediasres\/index.php\/marina-milivojevic-madarev\/"},"author":{"name":"Super User","@id":"https:\/\/centar-fm.org\/inmediasres\/#\/schema\/person\/ae49dcc23965665608f66120db8245a4"},"headline":"Marina Milivojevi\u0107-Ma\u0111arev","datePublished":"2011-11-22T13:28:27+00:00","mainEntityOfPage":{"@id":"https:\/\/centar-fm.org\/inmediasres\/index.php\/marina-milivojevic-madarev\/"},"wordCount":193,"commentCount":0,"keywords":["Marina Milivojevi\u0107-Ma\u0111arev"],"articleSection":["O autorima"],"inLanguage":"en-US","potentialAction":[{"@type":"CommentAction","name":"Comment","target":["https:\/\/centar-fm.org\/inmediasres\/index.php\/marina-milivojevic-madarev\/#respond"]}]},{"@type":"WebPage","@id":"https:\/\/centar-fm.org\/inmediasres\/index.php\/marina-milivojevic-madarev\/","url":"https:\/\/centar-fm.org\/inmediasres\/index.php\/marina-milivojevic-madarev\/","name":"Marina Milivojevi\u0107-Ma\u0111arev - In Medias Res - \u010casopis centra za filozofiju medija","isPartOf":{"@id":"https:\/\/centar-fm.org\/inmediasres\/#website"},"datePublished":"2011-11-22T13:28:27+00:00","author":{"@id":"https:\/\/centar-fm.org\/inmediasres\/#\/schema\/person\/ae49dcc23965665608f66120db8245a4"},"breadcrumb":{"@id":"https:\/\/centar-fm.org\/inmediasres\/index.php\/marina-milivojevic-madarev\/#breadcrumb"},"inLanguage":"en-US","potentialAction":[{"@type":"ReadAction","target":["https:\/\/centar-fm.org\/inmediasres\/index.php\/marina-milivojevic-madarev\/"]}]},{"@type":"BreadcrumbList","@id":"https:\/\/centar-fm.org\/inmediasres\/index.php\/marina-milivojevic-madarev\/#breadcrumb","itemListElement":[{"@type":"ListItem","position":1,"name":"Po\u010detna stranica","item":"https:\/\/centar-fm.org\/inmediasres\/"},{"@type":"ListItem","position":2,"name":"Marina Milivojevi\u0107-Ma\u0111arev"}]},{"@type":"WebSite","@id":"https:\/\/centar-fm.org\/inmediasres\/#website","url":"https:\/\/centar-fm.org\/inmediasres\/","name":"In Medias Res - \u010casopis centra za filozofiju medija","description":"","potentialAction":[{"@type":"SearchAction","target":{"@type":"EntryPoint","urlTemplate":"https:\/\/centar-fm.org\/inmediasres\/?s={search_term_string}"},"query-input":{"@type":"PropertyValueSpecification","valueRequired":true,"valueName":"search_term_string"}}],"inLanguage":"en-US"},{"@type":"Person","@id":"https:\/\/centar-fm.org\/inmediasres\/#\/schema\/person\/ae49dcc23965665608f66120db8245a4","name":"Super User","image":{"@type":"ImageObject","inLanguage":"en-US","@id":"https:\/\/secure.gravatar.com\/avatar\/5ac3fc5ccca7755fa3f558fed4a39be2232c6585e68bd398c790d57375dde921?s=96&d=mm&r=g","url":"https:\/\/secure.gravatar.com\/avatar\/5ac3fc5ccca7755fa3f558fed4a39be2232c6585e68bd398c790d57375dde921?s=96&d=mm&r=g","contentUrl":"https:\/\/secure.gravatar.com\/avatar\/5ac3fc5ccca7755fa3f558fed4a39be2232c6585e68bd398c790d57375dde921?s=96&d=mm&r=g","caption":"Super User"},"url":"https:\/\/centar-fm.org\/inmediasres\/index.php\/author\/amynovcfmweb\/"}]}},"_links":{"self":[{"href":"https:\/\/centar-fm.org\/inmediasres\/index.php\/wp-json\/wp\/v2\/posts\/149","targetHints":{"allow":["GET"]}}],"collection":[{"href":"https:\/\/centar-fm.org\/inmediasres\/index.php\/wp-json\/wp\/v2\/posts"}],"about":[{"href":"https:\/\/centar-fm.org\/inmediasres\/index.php\/wp-json\/wp\/v2\/types\/post"}],"author":[{"embeddable":true,"href":"https:\/\/centar-fm.org\/inmediasres\/index.php\/wp-json\/wp\/v2\/users\/2"}],"replies":[{"embeddable":true,"href":"https:\/\/centar-fm.org\/inmediasres\/index.php\/wp-json\/wp\/v2\/comments?post=149"}],"version-history":[{"count":0,"href":"https:\/\/centar-fm.org\/inmediasres\/index.php\/wp-json\/wp\/v2\/posts\/149\/revisions"}],"wp:attachment":[{"href":"https:\/\/centar-fm.org\/inmediasres\/index.php\/wp-json\/wp\/v2\/media?parent=149"}],"wp:term":[{"taxonomy":"category","embeddable":true,"href":"https:\/\/centar-fm.org\/inmediasres\/index.php\/wp-json\/wp\/v2\/categories?post=149"},{"taxonomy":"post_tag","embeddable":true,"href":"https:\/\/centar-fm.org\/inmediasres\/index.php\/wp-json\/wp\/v2\/tags?post=149"}],"curies":[{"name":"wp","href":"https:\/\/api.w.org\/{rel}","templated":true}]}}