{"id":150,"date":"2011-11-22T13:28:27","date_gmt":"2011-11-22T13:28:27","guid":{"rendered":"https:\/\/sweet-mcclintock.194-60-87-163.plesk.page\/inmediasres\/2011\/11\/22\/ksenija-markovic\/"},"modified":"2011-11-22T13:28:27","modified_gmt":"2011-11-22T13:28:27","slug":"ksenija-markovic","status":"publish","type":"post","link":"https:\/\/centar-fm.org\/inmediasres\/index.php\/ksenija-markovic\/","title":{"rendered":"Ksenija Markovi\u0107"},"content":{"rendered":"<p class=\"MsoNormal\" style=\"line-height: 170%;\">Ksenija Markovi\u0107, doktorand Fakulteta dramskih umetnosti,  Beograd.<br \/>\n  Ksenija Markovi\u0107 je  ro\u0111ena 1982. u Beogradu. Diplomirala je 2005. na Fakultetu primenjenih  umetnosti, Beograd &#8211; odsek kostim\/savremeno odevanje, a slede\u0107e godine  masterirala modni dizajn na Istituto Marangoni, Milano.\u00a0 Magistrirala\u00a0  je 2010. na Fakultetu primenjenih umetnosti sa autorskom kolekcijom i  radom na temu promocije modnog stvarala\u0161tva. Trenutno je na doktorskim  studijama menad\u017ementa kulture i medija na Fakultetu dramskih umetnosti, Beograd,  gde je i zaposlena \u00a0kao stru\u010dni saradnik  kostimograf. Kao deo tima Univerziteta umetnosti u\u010desnik je aktuelnog TEMPUS  projekta <em>Scen-Tech<\/em> \u010diji je predmet  rada edukacija scenskih tehni\u010dara, a sa ciljem uskla\u0111ivanja tr\u017ei\u0161ta obrazovanja  i rada u domenu pozori\u0161ne umetnosti<br \/>\n  U toku poslednjih  deset godina paralelno se bavi primenjeno-umetni\u010dkim stvarala\u0161tvom i nau\u010dnim  radom u oblasti kulture. U\u010destvovala je na velikom broju izlo\u017ebi;\u00a0 pripremila nekoliko samostalnih autorskih  kolekcija;\u00a0 bila anaga\u017eovana kao  kostimograf Studia za izvo\u0111a\u010dke i vizuelne umetnosti <em>Step Out<\/em>; \u00a0realizovala je brojna  kostimografska i scenografskih re\u0161enja; i radila u modnoj industriji. <br \/>\n  U okviru godi\u0161njeg  simpozijuma ICOM-ovog komiteta za kostim (2011), pripremila je izlo\u017ebu i predavanje  na temu uticaja nasle\u0111a na savremeno stvarala\u0161tvo. Kao gost tribine <em>Pop kultura<\/em> u Domu Omladine Beograd  govorila je o paralelnim tokovima socio-politi\u010dkih i stilskih promena\u00a0 (2012), a sa radom &bdquo;Netika promocije  umetnosti&ldquo;, u\u010destvovala na skupu <em>Filozofija  medija<\/em> u Opatiji (2012). U okviru sesije <em>Kulturna i pozori\u0161na politika<\/em>, \u00a0izlagla je na nacionalnom nau\u010dnom skupu <em>Menad\u017ement dramskih umetnosti i medija \u2013  izazovi 21. veka<\/em> (2013). Izlagla i na <em>Konferenciji  kreativnih industrija Srbije<\/em> na temu udru\u017eivanja kao preduslova razvoja  sektora autorskog dizajna (2014).\u00a0\u00a0 <br \/>\n  U toku postdiplomskih studija  bavila se i bavi istra\u017eivanjima u kontekstu: zakonske regulative i etike  medija, popularne kulture i njene dru\u0161tvene funkcije, kulture se\u0107anja,  kreativnih industrija. Posebno istra\u017euje polje\u00a0  uticaja\u00a0 kulturne politike na  estetsku i tr\u017ei\u0161nu odr\u017eivost pozori\u0161ta, \u0161to je ujedno predmet istra\u017eivanja budu\u0107e  doktorske disertacije. <br \/>\nJedan je od osniva\u010da  Udru\u017eenja <em>BFW dizajn kolektiv<\/em> i aktivno  je anga\u017eovana na razli\u010ditim projektima koji za cilj imaju doma\u0107u i me\u0111unarodnu  promociju srpskog autorskog dizajna. Kontinuirano radi kao modni kriti\u010dar i saradnik  je magazina <em>FAAR<\/em> i <em>ELLE Srbija<\/em>. Njeni nau\u010dni radovi  objavljeni su u <em>Zborniku Etnografskog  muzeja<\/em> (<strong>&bdquo;<\/strong>Neiscrpan izvor inspiracije savremenog modnog delovanja<strong>&ldquo;<\/strong>, 2012), <em>Zborniku  Fakulteta dramskih umetnosti<\/em> (Istorija i kultura se\u0107anja &#8211;  Pam\u0107enje Muzeja pozori\u0161ne umetnosti Srbije&rdquo; 2013-14) i \u010dasopisu <em>In Medias Res<\/em> (&rdquo;Netika promocije  umetnosti&rdquo; 2012) .<\/p>\n","protected":false},"excerpt":{"rendered":"<p>Ksenija Markovi\u0107, doktorand Fakulteta dramskih umetnosti, Beograd. Ksenija Markovi\u0107 je ro\u0111ena 1982. u Beogradu. Diplomirala je 2005. na Fakultetu primenjenih umetnosti, Beograd &#8211; odsek kostim\/savremeno odevanje, a slede\u0107e godine masterirala modni dizajn na Istituto Marangoni, Milano.\u00a0 Magistrirala\u00a0 je 2010. na Fakultetu primenjenih umetnosti sa autorskom kolekcijom i radom na temu promocije modnog stvarala\u0161tva. Trenutno je [&hellip;]<\/p>\n","protected":false},"author":2,"featured_media":0,"comment_status":"open","ping_status":"open","sticky":false,"template":"","format":"standard","meta":{"_acf_changed":false,"_et_pb_use_builder":"","_et_pb_old_content":"","_et_gb_content_width":"","footnotes":""},"categories":[33],"tags":[297],"class_list":["post-150","post","type-post","status-publish","format-standard","hentry","category-o-autorima","tag-ksenija-markovic","et-doesnt-have-format-content","et_post_format-et-post-format-standard"],"acf":[],"yoast_head":"<!-- This site is optimized with the Yoast SEO plugin v27.4 - https:\/\/yoast.com\/product\/yoast-seo-wordpress\/ -->\n<title>Ksenija Markovi\u0107 - In Medias Res - \u010casopis centra za filozofiju medija<\/title>\n<meta name=\"robots\" content=\"index, follow, max-snippet:-1, max-image-preview:large, max-video-preview:-1\" \/>\n<link rel=\"canonical\" href=\"https:\/\/centar-fm.org\/inmediasres\/index.php\/ksenija-markovic\/\" \/>\n<meta property=\"og:locale\" content=\"en_US\" \/>\n<meta property=\"og:type\" content=\"article\" \/>\n<meta property=\"og:title\" content=\"Ksenija Markovi\u0107 - In Medias Res - \u010casopis centra za filozofiju medija\" \/>\n<meta property=\"og:description\" content=\"Ksenija Markovi\u0107, doktorand Fakulteta dramskih umetnosti, Beograd. Ksenija Markovi\u0107 je ro\u0111ena 1982. u Beogradu. Diplomirala je 2005. na Fakultetu primenjenih umetnosti, Beograd &#8211; odsek kostim\/savremeno odevanje, a slede\u0107e godine masterirala modni dizajn na Istituto Marangoni, Milano.\u00a0 Magistrirala\u00a0 je 2010. na Fakultetu primenjenih umetnosti sa autorskom kolekcijom i radom na temu promocije modnog stvarala\u0161tva. Trenutno je [&hellip;]\" \/>\n<meta property=\"og:url\" content=\"https:\/\/centar-fm.org\/inmediasres\/index.php\/ksenija-markovic\/\" \/>\n<meta property=\"og:site_name\" content=\"In Medias Res - \u010casopis centra za filozofiju medija\" \/>\n<meta property=\"article:published_time\" content=\"2011-11-22T13:28:27+00:00\" \/>\n<meta name=\"author\" content=\"Super User\" \/>\n<meta name=\"twitter:card\" content=\"summary_large_image\" \/>\n<meta name=\"twitter:label1\" content=\"Written by\" \/>\n\t<meta name=\"twitter:data1\" content=\"Super User\" \/>\n\t<meta name=\"twitter:label2\" content=\"Est. reading time\" \/>\n\t<meta name=\"twitter:data2\" content=\"2 minutes\" \/>\n<script type=\"application\/ld+json\" class=\"yoast-schema-graph\">{\"@context\":\"https:\\\/\\\/schema.org\",\"@graph\":[{\"@type\":\"Article\",\"@id\":\"https:\\\/\\\/centar-fm.org\\\/inmediasres\\\/index.php\\\/ksenija-markovic\\\/#article\",\"isPartOf\":{\"@id\":\"https:\\\/\\\/centar-fm.org\\\/inmediasres\\\/index.php\\\/ksenija-markovic\\\/\"},\"author\":{\"name\":\"Super User\",\"@id\":\"https:\\\/\\\/centar-fm.org\\\/inmediasres\\\/#\\\/schema\\\/person\\\/ae49dcc23965665608f66120db8245a4\"},\"headline\":\"Ksenija Markovi\u0107\",\"datePublished\":\"2011-11-22T13:28:27+00:00\",\"mainEntityOfPage\":{\"@id\":\"https:\\\/\\\/centar-fm.org\\\/inmediasres\\\/index.php\\\/ksenija-markovic\\\/\"},\"wordCount\":424,\"commentCount\":0,\"keywords\":[\"Ksenija Markovi\u0107\"],\"articleSection\":[\"O autorima\"],\"inLanguage\":\"en-US\",\"potentialAction\":[{\"@type\":\"CommentAction\",\"name\":\"Comment\",\"target\":[\"https:\\\/\\\/centar-fm.org\\\/inmediasres\\\/index.php\\\/ksenija-markovic\\\/#respond\"]}]},{\"@type\":\"WebPage\",\"@id\":\"https:\\\/\\\/centar-fm.org\\\/inmediasres\\\/index.php\\\/ksenija-markovic\\\/\",\"url\":\"https:\\\/\\\/centar-fm.org\\\/inmediasres\\\/index.php\\\/ksenija-markovic\\\/\",\"name\":\"Ksenija Markovi\u0107 - In Medias Res - \u010casopis centra za filozofiju medija\",\"isPartOf\":{\"@id\":\"https:\\\/\\\/centar-fm.org\\\/inmediasres\\\/#website\"},\"datePublished\":\"2011-11-22T13:28:27+00:00\",\"author\":{\"@id\":\"https:\\\/\\\/centar-fm.org\\\/inmediasres\\\/#\\\/schema\\\/person\\\/ae49dcc23965665608f66120db8245a4\"},\"breadcrumb\":{\"@id\":\"https:\\\/\\\/centar-fm.org\\\/inmediasres\\\/index.php\\\/ksenija-markovic\\\/#breadcrumb\"},\"inLanguage\":\"en-US\",\"potentialAction\":[{\"@type\":\"ReadAction\",\"target\":[\"https:\\\/\\\/centar-fm.org\\\/inmediasres\\\/index.php\\\/ksenija-markovic\\\/\"]}]},{\"@type\":\"BreadcrumbList\",\"@id\":\"https:\\\/\\\/centar-fm.org\\\/inmediasres\\\/index.php\\\/ksenija-markovic\\\/#breadcrumb\",\"itemListElement\":[{\"@type\":\"ListItem\",\"position\":1,\"name\":\"Po\u010detna stranica\",\"item\":\"https:\\\/\\\/centar-fm.org\\\/inmediasres\\\/\"},{\"@type\":\"ListItem\",\"position\":2,\"name\":\"Ksenija Markovi\u0107\"}]},{\"@type\":\"WebSite\",\"@id\":\"https:\\\/\\\/centar-fm.org\\\/inmediasres\\\/#website\",\"url\":\"https:\\\/\\\/centar-fm.org\\\/inmediasres\\\/\",\"name\":\"In Medias Res - \u010casopis centra za filozofiju medija\",\"description\":\"\",\"potentialAction\":[{\"@type\":\"SearchAction\",\"target\":{\"@type\":\"EntryPoint\",\"urlTemplate\":\"https:\\\/\\\/centar-fm.org\\\/inmediasres\\\/?s={search_term_string}\"},\"query-input\":{\"@type\":\"PropertyValueSpecification\",\"valueRequired\":true,\"valueName\":\"search_term_string\"}}],\"inLanguage\":\"en-US\"},{\"@type\":\"Person\",\"@id\":\"https:\\\/\\\/centar-fm.org\\\/inmediasres\\\/#\\\/schema\\\/person\\\/ae49dcc23965665608f66120db8245a4\",\"name\":\"Super User\",\"image\":{\"@type\":\"ImageObject\",\"inLanguage\":\"en-US\",\"@id\":\"https:\\\/\\\/secure.gravatar.com\\\/avatar\\\/5ac3fc5ccca7755fa3f558fed4a39be2232c6585e68bd398c790d57375dde921?s=96&d=mm&r=g\",\"url\":\"https:\\\/\\\/secure.gravatar.com\\\/avatar\\\/5ac3fc5ccca7755fa3f558fed4a39be2232c6585e68bd398c790d57375dde921?s=96&d=mm&r=g\",\"contentUrl\":\"https:\\\/\\\/secure.gravatar.com\\\/avatar\\\/5ac3fc5ccca7755fa3f558fed4a39be2232c6585e68bd398c790d57375dde921?s=96&d=mm&r=g\",\"caption\":\"Super User\"},\"url\":\"https:\\\/\\\/centar-fm.org\\\/inmediasres\\\/index.php\\\/author\\\/amynovcfmweb\\\/\"}]}<\/script>\n<!-- \/ Yoast SEO plugin. -->","yoast_head_json":{"title":"Ksenija Markovi\u0107 - In Medias Res - \u010casopis centra za filozofiju medija","robots":{"index":"index","follow":"follow","max-snippet":"max-snippet:-1","max-image-preview":"max-image-preview:large","max-video-preview":"max-video-preview:-1"},"canonical":"https:\/\/centar-fm.org\/inmediasres\/index.php\/ksenija-markovic\/","og_locale":"en_US","og_type":"article","og_title":"Ksenija Markovi\u0107 - In Medias Res - \u010casopis centra za filozofiju medija","og_description":"Ksenija Markovi\u0107, doktorand Fakulteta dramskih umetnosti, Beograd. Ksenija Markovi\u0107 je ro\u0111ena 1982. u Beogradu. Diplomirala je 2005. na Fakultetu primenjenih umetnosti, Beograd &#8211; odsek kostim\/savremeno odevanje, a slede\u0107e godine masterirala modni dizajn na Istituto Marangoni, Milano.\u00a0 Magistrirala\u00a0 je 2010. na Fakultetu primenjenih umetnosti sa autorskom kolekcijom i radom na temu promocije modnog stvarala\u0161tva. Trenutno je [&hellip;]","og_url":"https:\/\/centar-fm.org\/inmediasres\/index.php\/ksenija-markovic\/","og_site_name":"In Medias Res - \u010casopis centra za filozofiju medija","article_published_time":"2011-11-22T13:28:27+00:00","author":"Super User","twitter_card":"summary_large_image","twitter_misc":{"Written by":"Super User","Est. reading time":"2 minutes"},"schema":{"@context":"https:\/\/schema.org","@graph":[{"@type":"Article","@id":"https:\/\/centar-fm.org\/inmediasres\/index.php\/ksenija-markovic\/#article","isPartOf":{"@id":"https:\/\/centar-fm.org\/inmediasres\/index.php\/ksenija-markovic\/"},"author":{"name":"Super User","@id":"https:\/\/centar-fm.org\/inmediasres\/#\/schema\/person\/ae49dcc23965665608f66120db8245a4"},"headline":"Ksenija Markovi\u0107","datePublished":"2011-11-22T13:28:27+00:00","mainEntityOfPage":{"@id":"https:\/\/centar-fm.org\/inmediasres\/index.php\/ksenija-markovic\/"},"wordCount":424,"commentCount":0,"keywords":["Ksenija Markovi\u0107"],"articleSection":["O autorima"],"inLanguage":"en-US","potentialAction":[{"@type":"CommentAction","name":"Comment","target":["https:\/\/centar-fm.org\/inmediasres\/index.php\/ksenija-markovic\/#respond"]}]},{"@type":"WebPage","@id":"https:\/\/centar-fm.org\/inmediasres\/index.php\/ksenija-markovic\/","url":"https:\/\/centar-fm.org\/inmediasres\/index.php\/ksenija-markovic\/","name":"Ksenija Markovi\u0107 - In Medias Res - \u010casopis centra za filozofiju medija","isPartOf":{"@id":"https:\/\/centar-fm.org\/inmediasres\/#website"},"datePublished":"2011-11-22T13:28:27+00:00","author":{"@id":"https:\/\/centar-fm.org\/inmediasres\/#\/schema\/person\/ae49dcc23965665608f66120db8245a4"},"breadcrumb":{"@id":"https:\/\/centar-fm.org\/inmediasres\/index.php\/ksenija-markovic\/#breadcrumb"},"inLanguage":"en-US","potentialAction":[{"@type":"ReadAction","target":["https:\/\/centar-fm.org\/inmediasres\/index.php\/ksenija-markovic\/"]}]},{"@type":"BreadcrumbList","@id":"https:\/\/centar-fm.org\/inmediasres\/index.php\/ksenija-markovic\/#breadcrumb","itemListElement":[{"@type":"ListItem","position":1,"name":"Po\u010detna stranica","item":"https:\/\/centar-fm.org\/inmediasres\/"},{"@type":"ListItem","position":2,"name":"Ksenija Markovi\u0107"}]},{"@type":"WebSite","@id":"https:\/\/centar-fm.org\/inmediasres\/#website","url":"https:\/\/centar-fm.org\/inmediasres\/","name":"In Medias Res - \u010casopis centra za filozofiju medija","description":"","potentialAction":[{"@type":"SearchAction","target":{"@type":"EntryPoint","urlTemplate":"https:\/\/centar-fm.org\/inmediasres\/?s={search_term_string}"},"query-input":{"@type":"PropertyValueSpecification","valueRequired":true,"valueName":"search_term_string"}}],"inLanguage":"en-US"},{"@type":"Person","@id":"https:\/\/centar-fm.org\/inmediasres\/#\/schema\/person\/ae49dcc23965665608f66120db8245a4","name":"Super User","image":{"@type":"ImageObject","inLanguage":"en-US","@id":"https:\/\/secure.gravatar.com\/avatar\/5ac3fc5ccca7755fa3f558fed4a39be2232c6585e68bd398c790d57375dde921?s=96&d=mm&r=g","url":"https:\/\/secure.gravatar.com\/avatar\/5ac3fc5ccca7755fa3f558fed4a39be2232c6585e68bd398c790d57375dde921?s=96&d=mm&r=g","contentUrl":"https:\/\/secure.gravatar.com\/avatar\/5ac3fc5ccca7755fa3f558fed4a39be2232c6585e68bd398c790d57375dde921?s=96&d=mm&r=g","caption":"Super User"},"url":"https:\/\/centar-fm.org\/inmediasres\/index.php\/author\/amynovcfmweb\/"}]}},"_links":{"self":[{"href":"https:\/\/centar-fm.org\/inmediasres\/index.php\/wp-json\/wp\/v2\/posts\/150","targetHints":{"allow":["GET"]}}],"collection":[{"href":"https:\/\/centar-fm.org\/inmediasres\/index.php\/wp-json\/wp\/v2\/posts"}],"about":[{"href":"https:\/\/centar-fm.org\/inmediasres\/index.php\/wp-json\/wp\/v2\/types\/post"}],"author":[{"embeddable":true,"href":"https:\/\/centar-fm.org\/inmediasres\/index.php\/wp-json\/wp\/v2\/users\/2"}],"replies":[{"embeddable":true,"href":"https:\/\/centar-fm.org\/inmediasres\/index.php\/wp-json\/wp\/v2\/comments?post=150"}],"version-history":[{"count":0,"href":"https:\/\/centar-fm.org\/inmediasres\/index.php\/wp-json\/wp\/v2\/posts\/150\/revisions"}],"wp:attachment":[{"href":"https:\/\/centar-fm.org\/inmediasres\/index.php\/wp-json\/wp\/v2\/media?parent=150"}],"wp:term":[{"taxonomy":"category","embeddable":true,"href":"https:\/\/centar-fm.org\/inmediasres\/index.php\/wp-json\/wp\/v2\/categories?post=150"},{"taxonomy":"post_tag","embeddable":true,"href":"https:\/\/centar-fm.org\/inmediasres\/index.php\/wp-json\/wp\/v2\/tags?post=150"}],"curies":[{"name":"wp","href":"https:\/\/api.w.org\/{rel}","templated":true}]}}