{"id":165,"date":"2011-11-22T13:28:27","date_gmt":"2011-11-22T13:28:27","guid":{"rendered":"https:\/\/sweet-mcclintock.194-60-87-163.plesk.page\/inmediasres\/2011\/11\/22\/seadalic\/"},"modified":"2011-11-22T13:28:27","modified_gmt":"2011-11-22T13:28:27","slug":"seadalic","status":"publish","type":"post","link":"https:\/\/centar-fm.org\/inmediasres\/index.php\/seadalic\/","title":{"rendered":"Sead Ali\u0107"},"content":{"rendered":"<p class=\"MsoNormal\" style=\"line-height: 170%;\">\nSead Ali\u0107 ro\u0111en je 1956. u Donjoj Vraci kod Zenice (BiH). Na  Filozofskom fakultetu Sveu\u010dili\u0161ta u Zagrebu studirao je i diplomirao filozofiju  i jugoslavistiku. Kao student bio je demonstrator profesoru Danku Grli\u0107u te  urednik u redakciji Studentskog lista. Tijekom 1980-ih i 1990-ih radio je  sljede\u0107e poslove: urednik i voditelj na zagreba\u010dkom Radiju 101; honorarni  asistent na predmetu Marksizam na Gra\u0111evinskom fakultetu Sveu\u010dili\u0161ta u Zagrebu;  urednik u izdava\u010dkoj ku\u0107i &bdquo;August Cesarec&ldquo;; urednik i autor u televizijskom  programu Z3; te copywriter i kreativni direktor u podru\u017enicama svjetskih marketin\u0161kih  agencija BBDO i PUBLICIS. U suradnji s Fakultetom politi\u010dkih znanosti  Sveu\u010dili\u0161ta u Zagrebu i Institutom &bdquo;Otvoreno dru\u0161tvo Hrvatska&ldquo; realizirao je  seriju filmova o demokraciji, sura\u0111ivao je u projektima \u0160kole narodnog zdravlja  &bdquo;Andrija \u0160tampar&ldquo; Medicinskog fakulteta Sveu\u010dili\u0161ta u Zagrebu, te producirao  tridesetak dokumentarnih filmova i oko 120 televizijskih emisija u ciklusu  &bdquo;Knjigom u glavu&ldquo;.<\/p>\n<p class=\"MsoNormal\" style=\"line-height: 170%;\">\nMagistrirao je 1985. na Filozofskom fakultetu Sveu\u010dili\u0161ta u  Zagrebu s temom Iskustvo esteti\u010dke misli Waltera Benjamina (mentorica: Nade\u017eda  \u010ca\u010dinovi\u010d). Na poslijediplomskom doktorskom studiju knji\u017eevnosti Filozofskog  fakulteta Sveu\u010dili\u0161ta u Rijeci obranio je 2007. doktorsku disertaciju u polju znanosti  o knji\u017eevnosti pod naslovom Filozofija i knji\u017eevnost. Od ideologija zavo\u0111enja  do manipuliranja medij(im)a (mentor: Elvio Baccarini). Na poslijediplomskom  doktorskom studiju filozofije Filozofskog fakulteta Sveu\u010dili\u0161ta u Zagrebu  obranio je 2009. doktorsku disertaciju u polju filozofije pod naslovom  Filozofija medija Marshalla McLuhana (mentorica: Nade\u017eda \u010ca\u010dinovi\u010d). 2012. je  izabran u znanstveno zvanje vi\u0161eg znanstvenog suradnika u polju filozofije, a 2017.  u zvanje znanstvenog savjetnika, nakon \u010dega ga je Senat Sveu\u010dili\u0161ta Sjever  (Koprivnica\/Vara\u017edin) izabrao u znanstveno-nastavno zvanje i na radno mjesto  izvanrednog <br \/>\nprofesora za humanisti\u010dke znanosti u polju filozofije, gdje i danas  predaje u zvanju redovitog profesora.<\/p>\n<p class=\"MsoNormal\" style=\"line-height: 170%;\">\nDugogodi\u0161nji je aktivni \u010dlan Hrvatskog filozofskog dru\u0161tva,  u kojemu je u jednom mandatu obna\u0161ao du\u017enost \u010dlana Upravnog odbora, a na  njegovu inicijativu je osnovana Sekcija za filozofiju medija Hrvatskog  filozofskog dru\u0161tva, \u010diji je voditelj od osnivanja. \u010clan je Hrvatskog  komunikolo\u0161kog dru\u0161tva i voditelj njegove grupe za medije. Osniva\u010d je i  voditelj Centra za filozofiju medija i mediolo\u0161ka istra\u017eivanja u Zagrebu.  Pokreta\u010d je i dugogodi\u0161nji predsjednik Organizacijskog odbora me\u0111unarodnih  simpozija Filozofija medija (Cres, Opatija, Zagreb) <br \/>\ni Na Sjeveru s Pavlom Vuk-Pavlovi\u0107em  (Koprivnica, Zagreb). Tako\u0111er je pokreta\u010d i glavni urednik me\u0111unarodnog  znanstvenog \u010dasopisa In medias res. Osniva\u010d je Kulturnog centra Centra Kaptol  KCCK) u Zagrebu.<\/p>\n<p class=\"MsoNormal\" style=\"line-height: 170%;\">Objavljivao je znanstvene, stru\u010dne, esejisti\u010dke i  publicisti\u010dke \u010dlanke u brojnim doma\u0107im i inozemnim \u010dasopisima i zbornicima  radova, te je objavio osam autorskih knjiga i uredio \u0161est znanstvenih zbornika.<\/p>\n<p class=\"MsoNormal\" style=\"line-height: 170%;\">Sudjelovao je na pedesetak me\u0111unarodnih znanstvenih skupova  te odr\u017eao brojna javna predavanja iz podru\u010dja filozofije medija, mediologije,  <br \/>\nkomunikologije i estetike, \u0161to su glavna podru\u010dja njegovog znanstvenog i  stru\u010dnog interesa.<\/p>\n<p class=\"MsoNormal\" style=\"line-height: 170%;\">Redoviti profesor na Sveu\u010dili\u0161tu Sjever.<\/p>\n<p class=\"MsoNormal\" style=\"line-height: 170%;\">&nbsp;<\/p>\n<p class=\"MsoNormal\" style=\"line-height: 170%;\"><strong>Znanstveno-nastavni rad:<\/strong><\/p>\n<div style=\"margin-left: 5pt;\">\n<table border=\"0\">\n<tbody>\n<tr>\n<td width=\"10\" valign=\"top\">\n<span style=\"line-height: 170%;\"><br \/>\n\u2013<\/span>\n<\/td>\n<td>\n<span style=\"line-height: 170%;\"><br \/>\nPredaje uglavnom predmete vezane uz filozofiju, filozofiju medija, odnosno medije i teorije medija.<br \/>\n<\/span>\n<\/td>\n<\/tr>\n<tr>\n<td width=\"10\" valign=\"top\">\n<span style=\"line-height: 170%;;\"><br \/>\n\u2013<\/span>\n<\/td>\n<td>\n<span style=\"line-height: 170%;\"><br \/>\nVoditelj Centra za filozofiju medija i mediolo\u0161ka istra\u017eivanja.<\/span>\n<\/td>\n<\/tr>\n<tr>\n<td width=\"10\" valign=\"top\">\n<span style=\"line-height: 170%;;\"><br \/>\n\u2013<\/span>\n<\/td>\n<td>\n<span style=\"line-height: 170%;\"><br \/>\nVoditelj Sekcije za filozofiju medija Hrvatskog filozofskog dru\u0161tva.<br \/>\n<\/span>\n<\/td>\n<\/tr>\n<tr>\n<td width=\"10\" valign=\"top\">\n<span style=\"line-height: 170%;;\"><br \/>\n\u2013<\/span>\n<\/td>\n<td>\n<span style=\"line-height: 170%;\"><br \/>\nGlavni urednik me\u0111unarodnog  znanstvenog \u010dasopisa <em>In medias res<\/em>.<br \/>\n<\/span>\n<\/td>\n<\/tr>\n<tr>\n<td width=\"10\" valign=\"top\">\n<span style=\"line-height: 170%;;\"><br \/>\n\u2013<\/span>\n<\/td>\n<td>\n<span style=\"line-height: 170%;\"><br \/>\nJedan od predsjednika organizacijskog i programskog odbora simpozija filozofije medija 2010.-2016.<\/span>\n<\/td>\n<\/tr>\n<tr>\n<td width=\"10\" valign=\"top\">\n<span style=\"line-height: 170%;;\"><br \/>\n\u2013<\/span>\n<\/td>\n<td>\n<span style=\"line-height: 170%;\"><br \/>\n\u010clan Hrvatskog Dru\u0161tva Pisaca 2017.<\/span>\n<\/td>\n<\/tr>\n<\/tbody>\n<\/table>\n<\/div>\n<p class=\"MsoNormal\" style=\"line-height: 170%;\">&nbsp;<\/p>\n<p class=\"MsoNormal\" style=\"line-height: 170%;\"><strong>Objavljene knjige:<\/strong><\/p>\n<div style=\"margin-left: 5pt;\">\n<table border=\"0\">\n<tbody>\n<tr>\n<td width=\"10\" valign=\"top\">\n<span style=\"line-height: 170%;\"><br \/>\n\u2013<\/span>\n<\/td>\n<td>\n<span style=\"line-height: 170%;\"><br \/>\n<em>Ro\u0111enje tragedije iz duha novokomponirane glazbe<\/em>, Phenomena, Zagreb, 1999.<br \/>\n<\/span>\n<\/td>\n<\/tr>\n<tr>\n<td width=\"10\" valign=\"top\">\n<span style=\"line-height: 170%;;\"><br \/>\n\u2013<\/span>\n<\/td>\n<td>\n<span style=\"line-height: 170%;\"><br \/>\n<em>Mediji, od zavo\u0111enja do manipuliranja<\/em>, Biblioteka Tragom struke. AGM, Zagreb, 2009.<\/span>\n<\/td>\n<\/tr>\n<tr>\n<td width=\"10\" valign=\"top\">\n<span style=\"line-height: 170%;;\"><br \/>\n\u2013<\/span>\n<\/td>\n<td>\n<span style=\"line-height: 170%;\"><br \/>\n<em>McLuhan, najava filozofije medija<\/em>, CFM, Zagreb, 2010.<br \/>\n<\/span>\n<\/td>\n<\/tr>\n<tr>\n<td width=\"10\" valign=\"top\">\n<span style=\"line-height: 170%;;\"><br \/>\n\u2013<\/span>\n<\/td>\n<td>\n<span style=\"line-height: 170%;\"><br \/>\n<em>Rje\u010dnik epohe<\/em>, CFM, Zagreb, 2010.<br \/>\n<\/span>\n<\/td>\n<\/tr>\n<tr>\n<td width=\"10\" valign=\"top\">\n<span style=\"line-height: 170%;;\"><br \/>\n\u2013<\/span>\n<\/td>\n<td>\n<span style=\"line-height: 170%;\"><br \/>\n<em>Masmediji, zatvor bez zidova<\/em>, CFM, Zagreb, 2012.<\/span>\n<\/td>\n<\/tr>\n<tr>\n<td width=\"10\" valign=\"top\">\n<span style=\"line-height: 170%;;\"><br \/>\n\u2013<\/span>\n<\/td>\n<td>\n<span style=\"line-height: 170%;\"><br \/>\n<em>Masmedijski fundamentalizam<\/em>, Sveu\u010dili\u0161te Sjever, Vara\u017edin\/Koprivnica, 2014.<br \/>\n<\/span>\n<\/td>\n<\/tr>\n<tr>\n<td width=\"10\" valign=\"top\">\n<span style=\"line-height: 170%;;\"><br \/>\n\u2013<\/span>\n<\/td>\n<td>\n<span style=\"line-height: 170%;\"><br \/>\n<em>Ni\u010deansko Novinarstvo<\/em>, Sveu\u010dili\u0161te Sjever, Vara\u017edin\/Koprivnica, 2016.<\/span>\n<\/td>\n<\/tr>\n<tr>\n<td width=\"10\" valign=\"top\">\n<span style=\"line-height: 170%;;\"><br \/>\n\u2013<\/span>\n<\/td>\n<td>\n<span style=\"line-height: 170%;\"><br \/>\n<em>Medij jezika<\/em>,  Biblioteka Teorija medija, Nakladnik Ras press d.o.o., Nik\u0161i\u0107, Crna Gora, 2016. ISSN 1800-8577 (serijska publikacija knjige).<\/span>\n<\/td>\n<\/tr>\n<tr>\n<td width=\"10\" valign=\"top\">\n<span style=\"line-height: 170%;;\"><br \/>\n\u2013<\/span>\n<\/td>\n<td>\n<span style=\"line-height: 170%;\"><br \/>\n<em>Razgovori s u\u010diteljem<\/em>, Bo\u0161nja\u010dka nacionalna zajednica za Grad Zagreb i ZG \u017eupaniju, Zagreb, 2016.<\/span>\n<\/td>\n<\/tr>\n<tr>\n<td width=\"10\" valign=\"top\">\n<span style=\"line-height: 170%;;\"><br \/>\n\u2013<\/span>\n<\/td>\n<td>\n<span style=\"line-height: 170%;\"><br \/>\n<em>Islam na ni\u0161anu<\/em>, Bo\u0161nja\u010dka nacionalna zajednica za Grad Zagreb i ZG \u017eupaniju, Zagreb, 2017.<br \/>\n<\/span>\n<\/td>\n<\/tr>\n<tr>\n<td width=\"10\" valign=\"top\">\n<span style=\"line-height: 170%;;\"><br \/>\n\u2013<\/span>\n<\/td>\n<td>\n<span style=\"line-height: 170%;\"><br \/>\n<em>The Philosophy of Media is the Message<\/em>, LAP LAMBERT Academic Publishing, Saarbr\u00fccken, Germany, 2019.<br \/>\n<\/span>\n<\/td>\n<\/tr>\n<tr>\n<td width=\"10\" valign=\"top\">\n<span style=\"line-height: 170%;;\"><br \/>\n\u2013<\/span>\n<\/td>\n<td>\n<span style=\"line-height: 170%;\"><br \/>\n<em>Masovna proizvodnja narcizma<\/em>, Sveu\u010dili\u0161te Sjever i CFM, Zagreb, 2019.<\/span>\n<\/td>\n<\/tr>\n<\/tbody>\n<\/table>\n<\/div>\n<p class=\"MsoNormal\" style=\"line-height: 170%;\">&nbsp;<\/p>\n<p class=\"MsoNormal\" style=\"line-height: 170%;\"><strong>Ure\u0111ene knjige i  zbornici:<\/strong><\/p>\n<div style=\"margin-left: 5pt;\">\n<table border=\"0\">\n<tbody>\n<tr>\n<td width=\"10\" valign=\"top\">\n<span style=\"line-height: 170%;\"><br \/>\n\u2013<\/span>\n<\/td>\n<td>\n<span style=\"line-height: 170%;\"><br \/>\n<em>Umjetnost i mediji<\/em>, Urednici: Sead Ali\u0107, Divna Vuksanovi\u0107 i Marin Milkovi\u0107, Sveu\u010dili\u0161te Sjever i CFM, Zagreb, 2013.<br \/>\n<\/span>\n<\/td>\n<\/tr>\n<tr>\n<td width=\"10\" valign=\"top\">\n<span style=\"line-height: 170%;;\"><br \/>\n\u2013<\/span>\n<\/td>\n<td>\n<span style=\"line-height: 170%;\"><br \/>\n<em>Filozofija i mediji<\/em>, Urednici: Hrvoje Juri\u0107 i Sead Ali\u0107, Hrvatsko filozofsko dru\u0161tvo i CFM, Zagreb, 2014.<\/span>\n<\/td>\n<\/tr>\n<tr>\n<td width=\"10\" valign=\"top\">\n<span style=\"line-height: 170%;;\"><br \/>\n\u2013<\/span>\n<\/td>\n<td>\n<span style=\"line-height: 170%;\"><br \/>\n<em>Mediji i javnost<\/em>, Urednici: Sead Ali\u0107, Divna Vuksanovi\u0107 i Marin Milkovi\u0107, Sveu\u010dili\u0161te Sjever i CFM, Zagreb, 2014.<br \/>\n<\/span>\n<\/td>\n<\/tr>\n<tr>\n<td width=\"10\" valign=\"top\">\n<span style=\"line-height: 170%;;\"><br \/>\n\u2013<\/span>\n<\/td>\n<td>\n<span style=\"line-height: 170%;\"><br \/>\n<em>Budu\u0107nost medija<\/em>, Urednici: Sead Ali\u0107, Divna Vuksanovi\u0107 i Marin Milkovi\u0107, Sveu\u010dili\u0161te Sjever i CFM, Zagreb, 2015.<br \/>\n<\/span>\n<\/td>\n<\/tr>\n<tr>\n<td width=\"10\" valign=\"top\">\n<span style=\"line-height: 170%;;\"><br \/>\n\u2013<\/span>\n<\/td>\n<td>\n<span style=\"line-height: 170%;\"><br \/>\n<em>Kreativnost i mediji<\/em>, Urednici: Sead Ali\u0107, Divna Vuksanovi\u0107 i Marin Milkovi\u0107, Sveu\u010dili\u0161te Sjever i CFM, Zagreb, 2016. <\/span>\n<\/td>\n<\/tr>\n<tr>\n<td width=\"10\" valign=\"top\">\n<span style=\"line-height: 170%;;\"><br \/>\n\u2013<\/span>\n<\/td>\n<td>\n<span style=\"line-height: 170%;\"><br \/>\n<em>Mitologija i imaginacija<\/em>, Urednici: Sead Ali\u0107 i Marin Milkovi\u0107, Sveu\u010dili\u0161te Sjever i CFM, Zagreb, 2017.<br \/>\n<\/span>\n<\/td>\n<\/tr>\n<tr>\n<td width=\"10\" valign=\"top\">\n<span style=\"line-height: 170%;;\"><br \/>\n\u2013<\/span>\n<\/td>\n<td>\n<span style=\"line-height: 170%;\"><br \/>\n<em>Sporedna uloga istine u medijima<\/em>, Urednici: Sead Ali\u0107 i Marin Milkovi\u0107, Sveu\u010dili\u0161te Sjever i CFM, Zagreb, 2018.<\/span>\n<\/td>\n<\/tr>\n<tr>\n<td width=\"10\" valign=\"top\">\n<span style=\"line-height: 170%;;\"><br \/>\n\u2013<\/span>\n<\/td>\n<td>\n<span style=\"line-height: 170%;\"><br \/>\n<em>Na Sjeveru s Pavlom Vuk-Pavlovi\u0107em<\/em>, Urednik: Sead Ali\u0107, Sveu\u010dili\u0161te Sjever i CFM, Zagreb, 2017. \/ 2018. <\/span>\n<\/td>\n<\/tr>\n<tr>\n<td width=\"10\" valign=\"top\">\n<span style=\"line-height: 170%;;\"><br \/>\n\u2013<\/span>\n<\/td>\n<td>\n<span style=\"line-height: 170%;\"><br \/>\n<em>Mediji kao sredi\u0161nji problem sada\u0161njosti<\/em>, Urednici: Sead Ali\u0107 i Marin Milkovi\u0107, Sveu\u010dili\u0161te Sjever i CFM, Zagreb, 2019.<\/span>\n<\/td>\n<\/tr>\n<tr>\n<td width=\"10\" valign=\"top\">\n<span style=\"line-height: 170%;;\"><br \/>\n\u2013<\/span>\n<\/td>\n<td>\n<span style=\"line-height: 170%;\"><br \/>\n<em>Media and Communication<\/em>, Urednici: Sead Ali\u0107, Marin Milkovi\u0107 i Ivana Grabar, Sveu\u010dili\u0161te Sjever i CFM, Zagreb, 2019.<\/span>\n<\/td>\n<\/tr>\n<tr>\n<td width=\"10\" valign=\"top\">\n<span style=\"line-height: 170%;;\"><br \/>\n\u2013<\/span>\n<\/td>\n<td>\n<span style=\"line-height: 170%;\"><br \/>\n<em>Na Sjeveru s Pavlom Vuk-Pavlovi\u0107em<\/em>, Urednik: Sead Ali\u0107, Sveu\u010dili\u0161te Sjever i CFM, Zagreb, 2018. \/ 2019. <\/span>\n<\/td>\n<\/tr>\n<tr>\n<td width=\"10\" valign=\"top\">\n<span style=\"line-height: 170%;;\"><br \/>\n\u2013<\/span>\n<\/td>\n<td>\n<span style=\"line-height: 170%;\"><br \/>\n<em>Ki\u0161evi\u0107 pjesnik vjere u poetsku objavu<\/em>, Urednik: Sead Ali\u0107, Bo\u0161nja\u010dka nacionalna zajednica za Grad Zagreb<br \/>\ni Zagreba\u010dku \u017eupaniju, Zagreb, 2019.<\/span>\n<\/td>\n<\/tr>\n<\/tbody>\n<\/table>\n<\/div>\n<p class=\"MsoNormal\" style=\"line-height: 170%;\">&nbsp;<\/p>\n<p class=\"MsoNormal\" style=\"line-height: 170%;\"><strong>Znanstveni i  stru\u010dni tekstovi:<\/strong><\/p>\n<div style=\"margin-left: 5pt;\">\n<table border=\"0\">\n<tbody>\n<tr>\n<td width=\"10\" valign=\"top\">\n<span style=\"line-height: 170%;\"><br \/>\n\u2013<\/span>\n<\/td>\n<td>\n<span style=\"line-height: 170%;\"><br \/>\n<em>G\u00f6bbelsova galaktika &#8211; galaktika manipulacija<\/em>, Zeni\u010dke sveske, \u010dasopis za dru\u0161tvenu fenomenologiju i kulturnu dijalogiku,  br. 6, Zenica, 2007.<br \/>\n<\/span>\n<\/td>\n<\/tr>\n<tr>\n<td width=\"10\" valign=\"top\">\n<span style=\"line-height: 170%;;\"><br \/>\n\u2013<\/span>\n<\/td>\n<td>\n<span style=\"line-height: 170%;\"><br \/>\n<em>Copy-paste kultura, Od Mehani\u010dke mlade do copy-paste kulture<\/em>, Filozofska istra\u017eivanja 109, Zagreb, 2008.<\/span>\n<\/td>\n<\/tr>\n<tr>\n<td width=\"10\" valign=\"top\">\n<span style=\"line-height: 170%;;\"><br \/>\n\u2013<\/span>\n<\/td>\n<td>\n<span style=\"line-height: 170%;\"><br \/>\n<em>Razlozi za filozofiju medija<\/em>, \u010dasopis Mioko: mediji i okolina, Novi Sad, 2008.<br \/>\n<\/span>\n<\/td>\n<\/tr>\n<tr>\n<td width=\"10\" valign=\"top\">\n<span style=\"line-height: 170%;;\"><br \/>\n\u2013<\/span>\n<\/td>\n<td>\n<span style=\"line-height: 170%;\"><br \/>\n<em>Praksa avangarde i avangarda prakse (McLuhan u svjetlu pojma prakse Gaje Petrovi\u0107a)<\/em>, zbornik Gajo Petrovi\u0107 \u2013 \u010dovjek i filozof, FF press, Zagreb, 2008.<br \/>\n<\/span>\n<\/td>\n<\/tr>\n<tr>\n<td width=\"10\" valign=\"top\">\n<span style=\"line-height: 170%;;\"><br \/>\n\u2013<\/span>\n<\/td>\n<td>\n<span style=\"line-height: 170%;\"><br \/>\n<em>Filozofija prakse u retrovizoru mediologije<\/em>, Filozofska istra\u017eivanja 111, Zagreb, 2008.<\/span>\n<\/td>\n<\/tr>\n<tr>\n<td width=\"10\" valign=\"top\">\n<span style=\"line-height: 170%;;\"><br \/>\n\u2013<\/span>\n<\/td>\n<td>\n<span style=\"line-height: 170%;\"><br \/>\n<em>Perspektiva i mediji (Od Platona do McLuhana)<\/em>, Tvr\u0111a, \u010dasopis  za  teoriju i kulturu,  br. 1-2, Zagreb, 2008. i Vizualna konstrukcija kulture, HFD, Zagreb, 2009.<br \/>\n<\/span>\n<\/td>\n<\/tr>\n<tr>\n<td width=\"10\" valign=\"top\">\n<span style=\"line-height: 170%;;\"><br \/>\n\u2013<\/span>\n<\/td>\n<td>\n<span style=\"line-height: 170%;\"><br \/>\n<em>Perspektiva slikovnog i verbalnog<\/em>, Vizura, \u010dasopis za savremene vizualne umjetnosti, br. 3-4, Sarajevo, 2008.<\/span>\n<\/td>\n<\/tr>\n<tr>\n<td width=\"10\" valign=\"top\">\n<span style=\"line-height: 170%;;\"><br \/>\n\u2013<\/span>\n<\/td>\n<td>\n<span style=\"line-height: 170%;\"><br \/>\n<em>Globalno selo<\/em>, Filozofska istra\u017eivanja 113, Zagreb, 2009.<\/span>\n<\/td>\n<\/tr>\n<tr>\n<td width=\"10\" valign=\"top\">\n<span style=\"line-height: 170%;;\"><br \/>\n\u2013<\/span>\n<\/td>\n<td>\n<span style=\"line-height: 170%;\"><br \/>\n<em>Masovno slobodni<\/em>, Filozofska istra\u017eivanja 114, Zagreb, 2009.<\/span>\n<\/td>\n<\/tr>\n<tr>\n<td width=\"10\" valign=\"top\">\n<span style=\"line-height: 170%;;\"><br \/>\n\u2013<\/span>\n<\/td>\n<td>\n<span style=\"line-height: 170%;\"><br \/>\n<em>Usmeno i pismeno mediteranske kulture<\/em>, zbornik Filozofija Mediterana, HFD\/Filozofski fakultet Sveu\u010dili\u0161ta u Splitu, Zagreb 2009.<br \/>\n<\/span>\n<\/td>\n<\/tr>\n<tr>\n<td width=\"10\" valign=\"top\">\n<span style=\"line-height: 170%;;\"><br \/>\n\u2013<\/span>\n<\/td>\n<td>\n<span style=\"line-height: 170%;\"><br \/>\n<em>Ritualno i plesno pam\u0107enje u usmenoj kulturi<\/em>, Kultura, br 126, Beograd, 2010.<br \/>\n<\/span>\n<\/td>\n<\/tr>\n<tr>\n<td width=\"10\" valign=\"top\">\n<span style=\"line-height: 170%;;\"><br \/>\n\u2013<\/span>\n<\/td>\n<td>\n<span style=\"line-height: 170%;\"><br \/>\n<em>Identity and Violence<\/em>, News and Views (The Journal of the   International Academy for Philosophy), Vol. 2, No. 3(27), Yerevan   (Armenia) \u2013 Athens (Greece) \u2013 Berkeley (USA) \u2013 Vienna (Austria), 2010.<br \/>\n<\/span>\n<\/td>\n<\/tr>\n<tr>\n<td width=\"10\" valign=\"top\">\n<span style=\"line-height: 170%;;\"><br \/>\n\u2013<\/span>\n<\/td>\n<td>\n<span style=\"line-height: 170%;\"><br \/>\n<em>Medij jezika<\/em>, \u010dasopis Metodi\u010dki ogledi, Vol. 17, br. 1-2, Zagreb, 2010.<br \/>\n<\/span>\n<\/td>\n<\/tr>\n<tr>\n<td width=\"10\" valign=\"top\">\n<span style=\"line-height: 170%;;\"><br \/>\n\u2013<\/span>\n<\/td>\n<td>\n<span style=\"line-height: 170%;\"><br \/>\n<em>Globalizacija i medijska kultura<\/em>, Komunikacije mediji kultura god II,  Megatrend univerzitet, Beograd, 2010.<br \/>\n<\/span>\n<\/td>\n<\/tr>\n<tr>\n<td width=\"10\" valign=\"top\">\n<span style=\"line-height: 170%;;\"><br \/>\n\u2013<\/span>\n<\/td>\n<td>\n<span style=\"line-height: 170%;\"><br \/>\n<em>Business politike i medija u dobu zastarjelih pojmova<\/em>, Zeni\u010dke sveske, \u010dasopis za dru\u0161tvenu fenomenologiju i kulturnu dijalogiku, br. 11, Zenica, 2010.<br \/>\n<\/span>\n<\/td>\n<\/tr>\n<tr>\n<td width=\"10\" valign=\"top\">\n<span style=\"line-height: 170%;;\"><br \/>\n\u2013<\/span>\n<\/td>\n<td>\n<span style=\"line-height: 170%;\"><br \/>\n<em>Philosophy of Media &#8211; Is the Message<\/em>, Synthesis Philosophica 50. vol.25 fasc. 2, Zagreb, 2010. i Filozofija i mediji, HFD, Zagreb, 2014.<br \/>\n<\/span>\n<\/td>\n<\/tr>\n<tr>\n<td width=\"10\" valign=\"top\">\n<span style=\"line-height: 170%;;\"><br \/>\n\u2013<\/span>\n<\/td>\n<td>\n<span style=\"line-height: 170%;\"><br \/>\n<em>Mediji i znanost<\/em>, zbornik Mediji i znanost, HND, Zagreb, 2011.<br \/>\n<\/span>\n<\/td>\n<\/tr>\n<tr>\n<td width=\"10\" valign=\"top\">\n<span style=\"line-height: 170%;;\"><br \/>\n\u2013<\/span>\n<\/td>\n<td>\n<span style=\"line-height: 170%;\"><br \/>\n<em>Informiranje ili uniformiranje?<\/em>, Verodostojnost medija dometi medijske tranzicije, Fakultet politi\u010dkih nauka, Beograd, 2011.<br \/>\n<\/span>\n<\/td>\n<\/tr>\n<tr>\n<td width=\"10\" valign=\"top\">\n<span style=\"line-height: 170%;;\"><br \/>\n\u2013<\/span>\n<\/td>\n<td>\n<span style=\"line-height: 170%;\"><br \/>\n<em>Istina iz fotografskog stroja<\/em>, Kultura, br. 132, Beograd, 2011.<br \/>\n<\/span>\n<\/td>\n<\/tr>\n<tr>\n<td width=\"10\" valign=\"top\">\n<span style=\"line-height: 170%;;\"><br \/>\n\u2013<\/span>\n<\/td>\n<td>\n<span style=\"line-height: 170%;\"><br \/>\n<em>Istok i Zapad ljudskoga mozga<\/em>, Sead Ali\u0107 i Livia Pavleti\u0107, Filozofska istra\u017eivanja 122, Zagreb, 2011.<br \/>\n<\/span>\n<\/td>\n<\/tr>\n<tr>\n<td width=\"10\" valign=\"top\">\n<span style=\"line-height: 170%;;\"><br \/>\n\u2013<\/span>\n<\/td>\n<td>\n<span style=\"line-height: 170%;\"><br \/>\n<em>Medijsko sagorijevanje seksualnosti<\/em>, zbornik radova Fakulteta Dramskih umetnosti 17, Beograd, 2011.<\/span>\n<\/td>\n<\/tr>\n<tr>\n<td width=\"10\" valign=\"top\">\n<span style=\"line-height: 170%;;\"><br \/>\n\u2013<\/span>\n<\/td>\n<td>\n<span style=\"line-height: 170%;\"><br \/>\n<em>\u010cemu filozofija \/ ako nije filozofija \/ medija<\/em>, Kultura, Beograd, 2011.<\/span>\n<\/td>\n<\/tr>\n<tr>\n<td width=\"10\" valign=\"top\">\n<span style=\"line-height: 170%;;\"><br \/>\n\u2013<\/span>\n<\/td>\n<td>\n<span style=\"line-height: 170%;\"><br \/>\n<em>Identitet i identiteti<\/em>, Bo\u0161nja\u010dka pismohrana Svezak 11, br. 34-35, Zagreb, 2012.<\/span>\n<\/td>\n<\/tr>\n<tr>\n<td width=\"10\" valign=\"top\">\n<span style=\"line-height: 170%;;\"><br \/>\n\u2013<\/span>\n<\/td>\n<td>\n<span style=\"line-height: 170%;\"><br \/>\n<em>Aula est pro nobis<\/em>, zbornik Novi val i filozofija, Zagreb, Jesenski i Turk, 2012.<br \/>\n<\/span>\n<\/td>\n<\/tr>\n<tr>\n<td width=\"10\" valign=\"top\">\n<span style=\"line-height: 170%;;\"><br \/>\n\u2013<\/span>\n<\/td>\n<td>\n<span style=\"line-height: 170%;\"><br \/>\n<em>O slobodi determinizmu i tehnodeterminizmu<\/em>, In medias res, Elektroni\u010dki \u010dasopis In medias res www.centar-fm.org. (str 5-18),Zagreb, 2012.<br \/>\n<\/span>\n<\/td>\n<\/tr>\n<tr>\n<td width=\"10\" valign=\"top\">\n<span style=\"line-height: 170%;;\"><br \/>\n\u2013<\/span>\n<\/td>\n<td>\n<span style=\"line-height: 170%;\"><br \/>\n<em>Tolstoj i tisak, Tolstojeva upozorenja o mediju tiska<\/em>, zbornik Kultura i dru\u0161tveni razvoj, Megatrend univerzitet, Beograd, 2012.<br \/>\n<\/span>\n<\/td>\n<\/tr>\n<tr>\n<td width=\"10\" valign=\"top\">\n<span style=\"line-height: 170%;;\"><br \/>\n\u2013<\/span>\n<\/td>\n<td>\n<span style=\"line-height: 170%;\"><br \/>\n<em>Komunikacijski stampedo<\/em>, Sarajevski \u017eurnal za dru\u0161tvena pitanja, Vol. 2, br. 2, Sarajevo, jesen\/zima 2013.<br \/>\n<\/span>\n<\/td>\n<\/tr>\n<tr>\n<td width=\"10\" valign=\"top\">\n<span style=\"line-height: 170%;;\"><br \/>\n\u2013<\/span>\n<\/td>\n<td>\n<span style=\"line-height: 170%;\"><br \/>\n<em>Scar(t)face<\/em>, Behar, \u010dasopis za kulturu i dru\u0161tvena pitanja, br. 113, Zagreb, 2013.<br \/>\n<\/span>\n<\/td>\n<\/tr>\n<tr>\n<td width=\"10\" valign=\"top\">\n<span style=\"line-height: 170%;;\"><br \/>\n\u2013<\/span>\n<\/td>\n<td>\n<span style=\"line-height: 170%;\"><br \/>\n<em>The Synergy of Artistic Approaches within the Opennessof New Media<\/em>, zbornik Umjetnost i mediji, Medijsko sveu\u010dili\u0161te i CFM, Zagreb, 2013.<br \/>\n<\/span>\n<\/td>\n<\/tr>\n<tr>\n<td width=\"10\" valign=\"top\">\n<span style=\"line-height: 170%;;\"><br \/>\n\u2013<\/span>\n<\/td>\n<td>\n<span style=\"line-height: 170%;\"><br \/>\n<em>Masmedijski fundamentalizam \u2013 Masmediji kao novo popri\u0161te rata (religijskih) stereotipa<\/em>,   Biblioteka Polis, knj. 3. Mediji, religija i nasilje, Centar za   istra\u017eivanje religije, politike i dru\u0161tva, Novi Sad &#8211; Beograd, 2013.<br \/>\n<\/span>\n<\/td>\n<\/tr>\n<tr>\n<td width=\"10\" valign=\"top\">\n<span style=\"line-height: 170%;;\"><br \/>\n\u2013<\/span>\n<\/td>\n<td>\n<span style=\"line-height: 170%;\"><br \/>\n<em>Tipografska svijest i novinarstvo<\/em>, Medijski dijalozi, \u010dasopis   za istra\u017eivanje medija i dru\u0161tva, Godina VI, Broj 16, Istra\u017eiva\u010dki   medijski centar &#8211; Podgorica, 2013.<br \/>\n<\/span>\n<\/td>\n<\/tr>\n<tr>\n<td width=\"10\" valign=\"top\">\n<span style=\"line-height: 170%;;\"><br \/>\n\u2013<\/span>\n<\/td>\n<td>\n<span style=\"line-height: 170%;\"><br \/>\n<em>Novinar &#8211; umjetnik u gladovanju<\/em>, Medijski dijalozi, Vol. 7, br. 19, Podgorica, 2014.<br \/>\n<\/span>\n<\/td>\n<\/tr>\n<tr>\n<td width=\"10\" valign=\"top\">\n<span style=\"line-height: 170%;;\"><br \/>\n\u2013<\/span>\n<\/td>\n<td>\n<span style=\"line-height: 170%;\"><br \/>\n<em>Odnos Europe i islama &#8211; Kako postaviti pitanje?<\/em>, \u010dasopis   Behar, br. 117-118, Zagreb, 2014. i Bo\u0161nja\u010dka pismohrana, svezak 13, br.   38-39, Zagreb, 2014. i u Europski glasnik, Godi\u0161te XX., br. 20., Zagreb   2015., (str. 117-131), pod naslovom &bdquo;<em>Islam i Europa<\/em>&ldquo;.<br \/>\n<\/span>\n<\/td>\n<\/tr>\n<tr>\n<td width=\"10\" valign=\"top\">\n<span style=\"line-height: 170%;;\"><br \/>\n\u2013<\/span>\n<\/td>\n<td>\n<span style=\"line-height: 170%;\"><br \/>\n<em>Ni\u010deansko novinarstvo<\/em>, zbornik Mediji i javnost, Zagreb, Sveu\u010dili\u0161te Sjever i CFM, 2014.<br \/>\n<\/span>\n<\/td>\n<\/tr>\n<tr>\n<td width=\"10\" valign=\"top\">\n<span style=\"line-height: 170%;;\"><br \/>\n\u2013<\/span>\n<\/td>\n<td>\n<span style=\"line-height: 170%;\"><br \/>\n<em>(Mas)medijski korijeni totalitarizma<\/em>, Zapisi o totalitarizmu, Osijek, Sveu\u010dili\u0161te Josipa Jurja Strossmayera u Osijeku, 2014.<\/span>\n<\/td>\n<\/tr>\n<tr>\n<td width=\"10\" valign=\"top\">\n<span style=\"line-height: 170%;;\"><br \/>\n\u2013<\/span>\n<\/td>\n<td>\n<span style=\"line-height: 170%;\"><br \/>\n<em>Camuseve sugestije<\/em>, zbornik Kultura i dru\u0161tveni razvoj (II), Megatrend univerzitet, Beograd, 2014.<\/span>\n<\/td>\n<\/tr>\n<tr>\n<td width=\"10\" valign=\"top\">\n<span style=\"line-height: 170%;;\"><br \/>\n\u2013<\/span>\n<\/td>\n<td>\n<span style=\"line-height: 170%;\"><br \/>\n<em>Reformiranje (mas)medija &#8211; prijedlozi promjena pravnih, programskih i eti\u010dkih dimenzija hrvatskih masmedija,<\/em> Medijski dijalozi, \u010dasopis za istra\u017eivanje medija i dru\u0161tva, Godina   VII, br. 20, Istra\u017eiva\u010dki medijski centar &#8211; Podgorica, 2014.<\/span>\n<\/td>\n<\/tr>\n<tr>\n<td width=\"10\" valign=\"top\">\n<span style=\"line-height: 170%;;\"><br \/>\n\u2013<\/span>\n<\/td>\n<td>\n<span style=\"line-height: 170%;\"><br \/>\n<em>Ivan Ladislav Galeta \u2013 istra\u017eiva\u010d medijskog prostora i medijskoga vremena<\/em>, zbornik Budu\u0107nost medija, Sveu\u010dili\u0161te Sjever i CFM, Zagreb, 2015.<br \/>\n<\/span>\n<\/td>\n<\/tr>\n<tr>\n<td width=\"10\" valign=\"top\">\n<span style=\"line-height: 170%;;\"><br \/>\n\u2013<\/span>\n<\/td>\n<td>\n<span style=\"line-height: 170%;\"><br \/>\n<em>Seobe nacija u brend<\/em>, zbornik radova simpozija Odnos   religijskog i nacionalnog u identiteu i stvarnosti balkanskih naroda,   Bo\u0161nja\u010dka pismohrana, \u010dasopis za povijest i kulturu Bo\u0161njaka u   Hrvatskoj, Zagreb, 2015.<br \/>\n<\/span>\n<\/td>\n<\/tr>\n<tr>\n<td width=\"10\" valign=\"top\">\n<span style=\"line-height: 170%;;\"><br \/>\n\u2013<\/span>\n<\/td>\n<td>\n<span style=\"line-height: 170%;\"><br \/>\n<em>Informacija ili &bdquo;upravljanje percepcijom&ldquo;<\/em>, Medijski dijalozi,   \u010dasopis za istra\u017eivanje medija i dru\u0161tva, Godina IX, Broj 24,   Istra\u017eiva\u010dki medijski centar &#8211; Podgorica, 2016.<br \/>\n<\/span>\n<\/td>\n<\/tr>\n<tr>\n<td width=\"10\" valign=\"top\">\n<span style=\"line-height: 170%;;\"><br \/>\n\u2013<\/span>\n<\/td>\n<td>\n<span style=\"line-height: 170%;\"><br \/>\n<em>Pjevanje vjere (O refleksivnoj i duhovnoj poeziji Enesa Ki\u0161evi\u0107a)<\/em>, zbornik Kreativnost i mediji, Sveu\u010dili\u0161te Sjever i CFM, Zagreb, 2016.<br \/>\n<\/span>\n<\/td>\n<\/tr>\n<tr>\n<td width=\"10\" valign=\"top\">\n<span style=\"line-height: 170%;;\"><br \/>\n\u2013<\/span>\n<\/td>\n<td>\n<span style=\"line-height: 170%;\"><br \/>\n<em>Globalni ekran<\/em>, Logos, \u010dasopis za filozofiju i religiju, Vol. 4, No 1, 2016., Logos \u2013 Centar za kulturu i edukaciju, Tuzla, 2016.<br \/>\n<\/span>\n<\/td>\n<\/tr>\n<tr>\n<td width=\"10\" valign=\"top\">\n<span style=\"line-height: 170%;;\"><br \/>\n\u2013<\/span>\n<\/td>\n<td>\n<span style=\"line-height: 170%;\"><br \/>\n<em>Monopol na nemoral<\/em>, Bo\u0161nja\u010dka pismohrana, Svezak 15, br. 42-43, zbornik radova Simpozija Gdje je nestao \u2013 moral, Zagreb, 2016.<br \/>\n<\/span>\n<\/td>\n<\/tr>\n<tr>\n<td width=\"10\" valign=\"top\">\n<span style=\"line-height: 170%;;\"><br \/>\n\u2013<\/span>\n<\/td>\n<td>\n<span style=\"line-height: 170%;\"><br \/>\n<em>Globalno rati\u0161te i glasovi iz pustinje<\/em>, Filozofska istra\u017eivanja, br. 145 (1\/2017.), HFD, Zagreb, 2017.<br \/>\n<\/span>\n<\/td>\n<\/tr>\n<tr>\n<td width=\"10\" valign=\"top\">\n<span style=\"line-height: 170%;;\"><br \/>\n\u2013<\/span>\n<\/td>\n<td>\n<span style=\"line-height: 170%;\"><br \/>\n<em>Odgovor Abdennour Bidaru na njegovo &bdquo;otvoreno pismo muslimanskom svijetu&ldquo;<\/em>, Bo\u0161nja\u010dka pismohrana, Svezak 16, br. 44, Zagreb, 2017.<br \/>\n<\/span>\n<\/td>\n<\/tr>\n<tr>\n<td width=\"10\" valign=\"top\">\n<span style=\"line-height: 170%;;\"><br \/>\n\u2013<\/span>\n<\/td>\n<td>\n<span style=\"line-height: 170%;\"><br \/>\n<em>Postmoderna pri\u010da pri\u010de o kraju pri\u010da<\/em>, Medijski dijalozi, \u010dasopis za istra\u017eivanje medija i dru\u0161tva, Vol. 10, br. 27-28, Podgorica, 2017.<br \/>\n<\/span>\n<\/td>\n<\/tr>\n<tr>\n<td width=\"10\" valign=\"top\">\n<span style=\"line-height: 170%;;\"><br \/>\n\u2013<\/span>\n<\/td>\n<td>\n<span style=\"line-height: 170%;\"><br \/>\n<em>Veliki inkvizitori<\/em>, DHS-Dru\u0161tvene i humanisti\u010dke studije: \u010dasopis Filozofskog fakulteta u Tuzli, br No. 2\/II, Tuzla, 2017.<br \/>\n<\/span>\n<\/td>\n<\/tr>\n<tr>\n<td width=\"10\" valign=\"top\">\n<span style=\"line-height: 170%;;\"><br \/>\n\u2013<\/span>\n<\/td>\n<td>\n<span style=\"line-height: 170%;\"><br \/>\n<em>Appropriating the Licence to Creativity<\/em>, Synthesis Philosophica 50. Vol. 32 No. 2, Zagreb, 2017.<br \/>\n<\/span>\n<\/td>\n<\/tr>\n<tr>\n<td width=\"10\" valign=\"top\">\n<span style=\"line-height: 170%;;\"><br \/>\n\u2013<\/span>\n<\/td>\n<td>\n<span style=\"line-height: 170%;\"><br \/>\n<em>Jezik objave<\/em>, Filozofska istra\u017eivanja, Vol.38 No.1, HFD, Zagreb, 2018.<\/span>\n<\/td>\n<\/tr>\n<tr>\n<td width=\"10\" valign=\"top\">\n<span style=\"line-height: 170%;;\"><br \/>\n\u2013<\/span>\n<\/td>\n<td>\n<span style=\"line-height: 170%;\"><br \/>\n<em>Esteti\u010dka dimenzija filozofije odgoja<\/em>, zbornik Na Sjeveru s Pavlom Vuk-Pavlovi\u0107em, Sveu\u010dili\u0161te Sjever i CFM, Zagreb, 2017. \/ 2018.<\/span>\n<\/td>\n<\/tr>\n<tr>\n<td width=\"10\" valign=\"top\">\n<span style=\"line-height: 170%;;\"><br \/>\n\u2013<\/span>\n<\/td>\n<td>\n<span style=\"line-height: 170%;\"><br \/>\n<em>Strah od spoznaje izvora (straha)<\/em>, Bo\u0161nja\u010dka pismohrana, Svezak 17, br. 45, zbornik radova Doprinos islamske civilizacije i kulture Europi, Zagreb, 2018.<\/span>\n<\/td>\n<\/tr>\n<tr>\n<td width=\"10\" valign=\"top\">\n<span style=\"line-height: 170%;;\"><br \/>\n\u2013<\/span>\n<\/td>\n<td>\n<span style=\"line-height: 170%;\"><br \/>\n<em>\u0160to je nacionalna manjina?<\/em>, Medijski dijalozi, \u010dasopis za istra\u017eivanje medija i dru\u0161tva, Godina XI, br. 32., Podgorica, 2018.<br \/>\n<\/span>\n<\/td>\n<\/tr>\n<tr>\n<td width=\"10\" valign=\"top\">\n<span style=\"line-height: 170%;;\"><br \/>\n\u2013<\/span>\n<\/td>\n<td>\n<span style=\"line-height: 170%;\"><br \/>\n<em>Istina je neprofitna<\/em>, Philosophy of the Media is the Message, Lambert Academic publising, 2019. pod naslovom <em>Nonprofit and profit media<\/em>.<br \/>\n<\/span>\n<\/td>\n<\/tr>\n<tr>\n<td width=\"10\" valign=\"top\">\n<span style=\"line-height: 170%;;\"><br \/>\n\u2013<\/span>\n<\/td>\n<td>\n<span style=\"line-height: 170%;\"><br \/>\n<em>Odgoj za odgovornost<\/em>, zbornik Na Sjeveru s Pavlom Vuk-Pavlovi\u0107em, Sveu\u010dili\u0161te Sjever i CFM, Zagreb, 2018. \/ 2019.<br \/>\n<\/span>\n<\/td>\n<\/tr>\n<tr>\n<td width=\"10\" valign=\"top\">\n<span style=\"line-height: 170%;;\"><br \/>\n\u2013<\/span>\n<\/td>\n<td>\n<span style=\"line-height: 170%;\"><br \/>\n<em>Teorijske pretpostavke za kriti\u010dko proptivanje i razumijevanje fenomena nacionalnog<\/em>, Bo\u0161nja\u010dka pismohrana, Svezak 18, br. 46, zbornik radova simpozija Islam u evoluciji bo\u0161nja\u010dkog identiteta, Zagreb, 2019.<br \/>\n<\/span>\n<\/td>\n<\/tr>\n<tr>\n<td width=\"10\" valign=\"top\">\n<span style=\"line-height: 170%;;\"><br \/>\n\u2013<\/span>\n<\/td>\n<td>\n<span style=\"line-height: 170%;\"><br \/>\n<em>\u2018Literary\u2019 Analysis of State (Media) Terrorism in Orwell&#8217;s 1984<\/em>, Philosophy International Journal (ISSN: 2641-9130), Vol. 2 No. 1, 2019. i Media and Communication, Zagreb, Sveu\u010dili\u0161te Sjever i CFM, 2019.<br \/>\n<\/span>\n<\/td>\n<\/tr>\n<tr>\n<td width=\"10\" valign=\"top\">\n<span style=\"line-height: 170%;;\"><br \/>\n\u2013<\/span>\n<\/td>\n<td>\n<span style=\"line-height: 170%;\"><br \/>\n<em>Secondary Sacredness- Sacredness in an Information-Communication Era<\/em>, Philosophy International Journal (ISSN: 2641-9130), Vol. 2 No. 2, 2019.<br \/>\n<\/span>\n<\/td>\n<\/tr>\n<tr>\n<td width=\"10\" valign=\"top\">\n<span style=\"line-height: 170%;;\"><br \/>\n\u2013<\/span>\n<\/td>\n<td>\n<span style=\"line-height: 170%;\"><br \/>\n<em>Philosophical Notes on Cognition and Music<\/em>, Philosophy International Journal (ISSN: 2641-9130), Volume 2 Special Issue 1, 2019.<br \/>\n<\/span>\n<\/td>\n<\/tr>\n<tr>\n<td width=\"10\" valign=\"top\">\n<span style=\"line-height: 170%;;\"><br \/>\n\u2013<\/span>\n<\/td>\n<td>\n<span style=\"line-height: 170%;\"><br \/>\n<em>Foto\u0161opiranje svijesti<\/em>, Eidos &#8211; \u010dasopis za filozofiju i dru\u0161tveno &#8211; humanisti\u010dka istra\u017eivanja, godina III, br. 3, Zenica, 2019.<br \/>\n<\/span>\n<\/td>\n<\/tr>\n<\/tbody>\n<\/table>\n<\/div>\n<p class=\"MsoNormal\" style=\"line-height: 170%;\">&nbsp;<\/p>\n<p class=\"MsoNormal\" style=\"line-height: 170%;\"><strong>Nekategorizirani  publicisti\u010dki radovi:<\/strong><\/p>\n<div style=\"margin-left: 5pt;\">\n<table border=\"0\">\n<tbody>\n<tr>\n<td width=\"10\" valign=\"top\">\n<span style=\"line-height: 170%;\"><br \/>\n\u2013<\/span>\n<\/td>\n<td>\n<span style=\"line-height: 170%;\"><br \/>\n<em>Masmediji  reduciraju sve ljudsko na potro\u0161a\u010dko<\/em>,  Vjesnik<br \/>\n<\/span>\n<\/td>\n<\/tr>\n<tr>\n<td width=\"10\" valign=\"top\">\n<span style=\"line-height: 170%;;\"><br \/>\n\u2013<\/span>\n<\/td>\n<td>\n<span style=\"line-height: 170%;\"><br \/>\n<em>Kako urediti  medijsku mo\u010dvaru?,<\/em> Novinar HND <\/span>\n<\/td>\n<\/tr>\n<tr>\n<td width=\"10\" valign=\"top\">\n<span style=\"line-height: 170%;;\"><br \/>\n\u2013<\/span>\n<\/td>\n<td>\n<span style=\"line-height: 170%;\"><br \/>\n<em>Nali\u010dje masmedija,<\/em> Vjesnik<br \/>\n<\/span>\n<\/td>\n<\/tr>\n<tr>\n<td width=\"10\" valign=\"top\">\n<span style=\"line-height: 170%;;\"><br \/>\n\u2013<\/span>\n<\/td>\n<td>\n<span style=\"line-height: 170%;\"><br \/>\n<em>Visoka na\u010dela i niske  strasti,<\/em> Vjesnik<br \/>\n<\/span>\n<\/td>\n<\/tr>\n<tr>\n<td width=\"10\" valign=\"top\">\n<span style=\"line-height: 170%;;\"><br \/>\n\u2013<\/span>\n<\/td>\n<td>\n<span style=\"line-height: 170%;\"><br \/>\n<em>Nasilje masmedija,<\/em> Vjesnik<\/span>\n<\/td>\n<\/tr>\n<tr>\n<td width=\"10\" valign=\"top\">\n<span style=\"line-height: 170%;;\"><br \/>\n\u2013<\/span>\n<\/td>\n<td>\n<span style=\"line-height: 170%;\"><br \/>\n<em>Kriza povjerenja,<\/em> Vjesnik<br \/>\n<\/span>\n<\/td>\n<\/tr>\n<tr>\n<td width=\"10\" valign=\"top\">\n<span style=\"line-height: 170%;;\"><br \/>\n\u2013<\/span>\n<\/td>\n<td>\n<span style=\"line-height: 170%;\"><br \/>\n<em>Priroda medija,<\/em> Vjesnik<\/span>\n<\/td>\n<\/tr>\n<tr>\n<td width=\"10\" valign=\"top\">\n<span style=\"line-height: 170%;;\"><br \/>\n\u2013<\/span>\n<\/td>\n<td>\n<span style=\"line-height: 170%;\"><br \/>\n<em>Poslovanje s  podsvije\u0161\u0107u<\/em>,  Vjesnik<\/span>\n<\/td>\n<\/tr>\n<tr>\n<td width=\"10\" valign=\"top\">\n<span style=\"line-height: 170%;;\"><br \/>\n\u2013<\/span>\n<\/td>\n<td>\n<span style=\"line-height: 170%;\"><br \/>\n<em>Emitiranje la\u017ei,<\/em> Vjesnik<br \/>\n<\/span>\n<\/td>\n<\/tr>\n<tr>\n<td width=\"10\" valign=\"top\">\n<span style=\"line-height: 170%;;\"><br \/>\n\u2013<\/span>\n<\/td>\n<td>\n<span style=\"line-height: 170%;\"><br \/>\n<em>\u0160utnja u eri sve  glasnijih medija<\/em>,  Vjesnik<br \/>\n<\/span>\n<\/td>\n<\/tr>\n<tr>\n<td width=\"10\" valign=\"top\">\n<span style=\"line-height: 170%;;\"><br \/>\n\u2013<\/span>\n<\/td>\n<td>\n<span style=\"line-height: 170%;\"><br \/>\n<em>Teorija medijskog  kaosa<\/em>, Vjesnik<br \/>\n<\/span>\n<\/td>\n<\/tr>\n<tr>\n<td width=\"10\" valign=\"top\">\n<span style=\"line-height: 170%;;\"><br \/>\n\u2013<\/span>\n<\/td>\n<td>\n<span style=\"line-height: 170%;\"><br \/>\n<em>Uzgajanje stereotipa<\/em>, Vjesnik<br \/>\n<\/span>\n<\/td>\n<\/tr>\n<tr>\n<td width=\"10\" valign=\"top\">\n<span style=\"line-height: 170%;;\"><br \/>\n\u2013<\/span>\n<\/td>\n<td>\n<span style=\"line-height: 170%;\"><br \/>\n<em>Ubijanje javnog  mnijenja<\/em>,  Vjesnik<br \/>\n<\/span>\n<\/td>\n<\/tr>\n<tr>\n<td width=\"10\" valign=\"top\">\n<span style=\"line-height: 170%;;\"><br \/>\n\u2013<\/span>\n<\/td>\n<td>\n<span style=\"line-height: 170%;\"><br \/>\n<em>Strah od slobode<\/em>, Vjesnik<br \/>\n<\/span>\n<\/td>\n<\/tr>\n<tr>\n<td width=\"10\" valign=\"top\">\n<span style=\"line-height: 170%;;\"><br \/>\n\u2013<\/span>\n<\/td>\n<td>\n<span style=\"line-height: 170%;\"><br \/>\n<em>Sretni strojevi<\/em>, Vjesnik<br \/>\n<\/span>\n<\/td>\n<\/tr>\n<tr>\n<td width=\"10\" valign=\"top\">\n<span style=\"line-height: 170%;;\"><br \/>\n\u2013<\/span>\n<\/td>\n<td>\n<span style=\"line-height: 170%;\"><br \/>\n<em>Svaka je  tehnologija imala svoje usko grlo,<\/em> Vjesnik<br \/>\n<\/span>\n<\/td>\n<\/tr>\n<tr>\n<td width=\"10\" valign=\"top\">\n<span style=\"line-height: 170%;;\"><br \/>\n\u2013<\/span>\n<\/td>\n<td>\n<span style=\"line-height: 170%;\"><br \/>\n<em>Elektroni\u010dko  uzgajanje(nogometne) mr\u017enje<\/em>,  Vjesnik<br \/>\n<\/span>\n<\/td>\n<\/tr>\n<\/tbody>\n<\/table>\n<\/div>\n<p class=\"MsoNormal\" style=\"line-height: 170%;\">&nbsp;<\/p>\n<p class=\"MsoNormal\" style=\"line-height: 170%;\"><strong>Djelovanje u medijima:<\/strong><\/p>\n<div style=\"margin-left: 5pt;\">\n<table border=\"0\">\n<tbody>\n<tr>\n<td width=\"10\" valign=\"top\">\n<span style=\"line-height: 170%;\"><br \/>\n\u2013<\/span>\n<\/td>\n<td>\n<span style=\"line-height: 170%;\"><br \/>\nHTV 120 emisija <em>&bdquo;Knjigom  u glavu&ldquo;<\/em>, tijekom 1994, 1995 i 1996. Urednik i voditelj&nbsp;<br \/>\n<\/span>\n<\/td>\n<\/tr>\n<tr>\n<td width=\"10\" valign=\"top\">\n<span style=\"line-height: 170%;;\"><br \/>\n\u2013<\/span>\n<\/td>\n<td>\n<span style=\"line-height: 170%;\"><br \/>\nHTV 25 emisija <em>&bdquo;Pri\u010de  hrvatskih otoka&ldquo;<\/em>, dokumentarni filmovi o pri\u010dama i legendama hrvatskih  otoka, Rad na scenarijima i re\u017eiji.&nbsp;<\/span>\n<\/td>\n<\/tr>\n<tr>\n<td width=\"10\" valign=\"top\">\n<span style=\"line-height: 170%;;\"><br \/>\n\u2013<\/span>\n<\/td>\n<td>\n<span style=\"line-height: 170%;\"><br \/>\nHTV <em>&bdquo;Sveti Gral&ldquo;<\/em>,  dokumentarac sniman u ju\u017enoj Francuskoj, scenarij i produkcija.&nbsp;<br \/>\n<\/span>\n<\/td>\n<\/tr>\n<tr>\n<td width=\"10\" valign=\"top\">\n<span style=\"line-height: 170%;;\"><br \/>\n\u2013<\/span>\n<\/td>\n<td>\n<span style=\"line-height: 170%;\"><br \/>\n&bdquo;Vlast grafitima&ldquo;, 10  edukativnih filmova o temeljnim pojmovima suvremene politi\u010dke zbilje ( u  suradnji s Fakultetom politi\u010dkih znanosti).<br \/>\n<\/span>\n<\/td>\n<\/tr>\n<tr>\n<td width=\"10\" valign=\"top\">\n<span style=\"line-height: 170%;;\"><br \/>\n\u2013<\/span>\n<\/td>\n<td>\n<span style=\"line-height: 170%;\"><br \/>\nHTV; OTV; RITV <em>&bdquo;Je li  to u redu?&ldquo;<\/em>, 20 emisija igrano-dokumentarnog, mozai\u010dkog karaktera.&nbsp;<\/span>\n<\/td>\n<\/tr>\n<tr>\n<td width=\"10\" valign=\"top\">\n<span style=\"line-height: 170%;;\"><br \/>\n\u2013<\/span>\n<\/td>\n<td>\n<span style=\"line-height: 170%;\"><br \/>\nOTV <em>&bdquo;Kulturni vodi\u010d<\/em>&ldquo;,  vi\u0161egodi\u0161nje pra\u0107enje kulturnih zbivanja u Zagrebu.&nbsp;<br \/>\n<\/span>\n<\/td>\n<\/tr>\n<tr>\n<td width=\"10\" valign=\"top\">\n<span style=\"line-height: 170%;;\"><br \/>\n\u2013<\/span>\n<\/td>\n<td>\n<span style=\"line-height: 170%;\"><br \/>\nRadio 101: Urednik i  voditelj emisija:&nbsp;<em>Frigidna uti\u010dnica i Intervencija 85<\/em><\/span>\n<\/td>\n<\/tr>\n<tr>\n<td width=\"10\" valign=\"top\">\n<span style=\"line-height: 170%;;\"><br \/>\n\u2013<\/span>\n<\/td>\n<td>\n<span style=\"line-height: 170%;\"><br \/>\nZ3: Urednik i voditelj  emisije:&nbsp;<em>Izlog knjiga<\/em><\/span>\n<\/td>\n<\/tr>\n<\/tbody>\n<\/table>\n<\/div>\n<p class=\"MsoNormal\" style=\"line-height: 170%;\">&nbsp;<\/p>\n<p class=\"MsoNormal\" style=\"line-height: 170%;\"><strong>Glazba:<\/strong><\/p>\n<div style=\"margin-left: 5pt;\">\n<table border=\"0\">\n<tbody>\n<tr>\n<td width=\"10\" valign=\"top\">\n<span style=\"line-height: 170%;\"><br \/>\n\u2013<\/span>\n<\/td>\n<td>\n<span style=\"line-height: 170%;\"><br \/>\n80-tih godina svirao u rock grupi ANARHOKOR<br \/>\n<\/span>\n<\/td>\n<\/tr>\n<tr>\n<td width=\"10\" valign=\"top\">\n<span style=\"line-height: 170%;;\"><br \/>\n\u2013<\/span>\n<\/td>\n<td>\n<span style=\"line-height: 170%;\"><br \/>\nZajedno s Ismetom Kurtovi\u0107em i jo\u0161 nekoliko glazbenika te pjesnikom Enesom Ki\u0161evi\u0107em osnovao je grupu ZEFIR.<\/span>\n<\/td>\n<\/tr>\n<\/tbody>\n<\/table>\n<\/div>\n<p class=\"MsoNormal\" style=\"line-height: 170%;\">&nbsp;<\/p>\n<p class=\"MsoNormal\" style=\"line-height: 170%;\"><strong>Me\u0111unarodni i  doma\u0107i znanstveni skupovi:<\/strong><\/p>\n<p class=\"MsoNormal\" style=\"line-height: 170%;\"><strong>2007.<\/strong><\/p>\n<div style=\"margin-left: 5pt;\">\n<table border=\"0\">\n<tbody>\n<tr>\n<td width=\"10\" valign=\"top\">\n<span style=\"line-height: 170%;\"><br \/>\n\u2013<\/span>\n<\/td>\n<td>\n<span style=\"line-height: 170%;\"><br \/>\nMe\u0111unarodna konferencija Lik i djelo  Gaje Petrovi\u0107a, u povodu 80 godi\u0161njice ro\u0111enja, Vije\u0107nica Filozofskog fakulteta  u Zagrebu,&nbsp;10. o\u017eujka 2007. Tema<strong><em>&nbsp;&bdquo;McLuhan u svjetlu pojma  prakse Gaje Petrovi\u0107a&ldquo;.<\/em><\/strong><br \/>\n<\/span>\n<\/td>\n<\/tr>\n<tr>\n<td width=\"10\" valign=\"top\">\n<span style=\"line-height: 170%;;\"><br \/>\n\u2013<\/span>\n<\/td>\n<td>\n<span style=\"line-height: 170%;\"><br \/>\nMe\u0111unarodna konferencija Filozofija  i kultura na 16. danima Frane Petri\u0107a, Cres 23.\u201326. rujna 2007. Tema <strong>&bdquo;<em>Copy-paste  kultura, od mehani\u010dke mlade do copy-paste kulture&ldquo;.<\/em><\/strong><\/span>\n<\/td>\n<\/tr>\n<tr>\n<td width=\"10\" valign=\"top\">\n<span style=\"line-height: 170%;;\"><br \/>\n\u2013<\/span>\n<\/td>\n<td>\n<span style=\"line-height: 170%;\"><br \/>\nMe\u0111unarodni simpozij Vizualna konstrukcija  kulture, Mimara, 25.\u201327. listopada 2007. Zagreb. Tema <strong><em>&bdquo;<\/em><\/strong><strong><em>Perspektiva i  mediji (od Platona do McLuhana)<\/em><\/strong><strong><em>&ldquo;.<\/em><\/strong><br \/>\n<\/span>\n<\/td>\n<\/tr>\n<tr>\n<td width=\"10\" valign=\"top\">\n<span style=\"line-height: 170%;;\"><br \/>\n\u2013<\/span>\n<\/td>\n<td>\n<span style=\"line-height: 170%;\"><br \/>\nMe\u0111unarodni simpozij U povodu 50  godina Hrvatskog filozofskog dru\u0161tva Velika dvorana &bdquo;\u0160kolska knjiga&ldquo;, 6.\u20138.  prosinca 2007. Tema <strong><em>&bdquo;Filozofija prakse u retrovizoru mediologije&ldquo;.<\/em><\/strong><br \/>\n<\/span>\n<\/td>\n<\/tr>\n<tr>\n<td width=\"10\" valign=\"top\">\n<span style=\"line-height: 170%;;\"><br \/>\n\u2013<\/span>\n<\/td>\n<td>\n<span style=\"line-height: 170%;\"><br \/>\nSimpozij Mediteranski korijeni  filozofije, Split, 22.\u201324. 03. 2007. Tema <strong><em>&bdquo;Usmeno i pismeno mediteranske  kulture&ldquo;.<\/em><\/strong><\/span>\n<\/td>\n<\/tr>\n<\/tbody>\n<\/table>\n<\/div>\n<p class=\"MsoNormal\" style=\"line-height: 170%;\"><strong>2008.<\/strong><strong> <\/strong><\/p>\n<div style=\"margin-left: 5pt;\">\n<table border=\"0\">\n<tbody>\n<tr>\n<td width=\"10\" valign=\"top\">\n<span style=\"line-height: 170%;\"><br \/>\n\u2013<\/span>\n<\/td>\n<td>\n<span style=\"line-height: 170%;\"><br \/>\nMe\u0111unarodna konferencija Filozofija  i globalizacija na 17. danima Frane Petri\u0107a, Cres, 21.\u201324. rujna 2008.  Tema <strong><em>&bdquo;<\/em><\/strong><strong><em>Globalno selo<\/em><\/strong><strong><em>&ldquo;<\/em><\/strong> (odr\u017eano na engleskom jeziku).<br \/>\n<\/span>\n<\/td>\n<\/tr>\n<tr>\n<td width=\"10\" valign=\"top\">\n<span style=\"line-height: 170%;;\"><br \/>\n\u2013<\/span>\n<\/td>\n<td>\n<span style=\"line-height: 170%;\"><br \/>\nInternational Scientific Conference  Globalization of Culture Dubrovnik, 17.\u201318. studenoga 2008. Tema <strong><em>&bdquo;<\/em><\/strong><strong><em>Media  &#8211; the Basic Issue of Globalization&ldquo;.<\/em><\/strong> (odr\u017eano na engleskom jeziku). Objavljen je pod nazivom u zborniku <strong><em>&bdquo;Globalizacija  i medijska kultura<\/em><\/strong><strong><em>&ldquo;.<\/em><\/strong><\/span>\n<\/td>\n<\/tr>\n<tr>\n<td width=\"10\" valign=\"top\">\n<span style=\"line-height: 170%;;\"><br \/>\n\u2013<\/span>\n<\/td>\n<td>\n<span style=\"line-height: 170%;\"><br \/>\nKongres BiH nau\u010dnika iz zemlje i  svijeta, Sarajevo, 27.\u201331. kolovoza 2008. Tema <strong><em>&bdquo;Razlozi za filozofiju medija<\/em><\/strong><strong><em>&ldquo;.<\/em><\/strong><br \/>\n<\/span>\n<\/td>\n<\/tr>\n<tr>\n<td width=\"10\" valign=\"top\">\n<span style=\"line-height: 170%;;\"><br \/>\n\u2013<\/span>\n<\/td>\n<td>\n<span style=\"line-height: 170%;\"><br \/>\nMe\u0111unarodni simpozij, Filozofija  slobodnog vremena i sporta, Zagreb, 27.\u201329. studenog &nbsp;2008. Tema <strong><em>&bdquo;Masovno  slobodni&ldquo;. <\/em><\/strong><br \/>\n<\/span>\n<\/td>\n<\/tr>\n<\/tbody>\n<\/table>\n<\/div>\n<p class=\"MsoNormal\" style=\"line-height: 170%;\"><strong>2009.<\/strong><strong> <\/strong><\/p>\n<div style=\"margin-left: 5pt;\">\n<table border=\"0\">\n<tbody>\n<tr>\n<td width=\"10\" valign=\"top\">\n<span style=\"line-height: 170%;\"><br \/>\n\u2013<\/span>\n<\/td>\n<td>\n<span style=\"line-height: 170%;\"><br \/>\nMe\u0111unarodna konferencija Filozofija i mediji na 18. danima  Frane Petri\u0107a, Cres, 20.\u201323. rujna 2009. Tema <strong><em>&bdquo;Philosophy and Media in  the Philosophy of the Media&ldquo;.<\/em><\/strong> (plenarno predavanje odr\u017eano na  engleskom).<br \/>\n<\/span>\n<\/td>\n<\/tr>\n<\/tbody>\n<\/table>\n<\/div>\n<p class=\"MsoNormal\" style=\"line-height: 170%;\"><strong>2010.<\/strong><strong> <\/strong><\/p>\n<div style=\"margin-left: 5pt;\">\n<table border=\"0\">\n<tbody>\n<tr>\n<td width=\"10\" valign=\"top\">\n<span style=\"line-height: 170%;\"><br \/>\n\u2013<\/span>\n<\/td>\n<td>\n<span style=\"line-height: 170%;\"><br \/>\nMe\u0111unarodni simpozij: Mediteranski korijeni filozofije,  Split, 25.\u201327. 03. 2010. Tema <strong><em>&bdquo;Medij jezika&ldquo;.<\/em><\/strong><br \/>\n<\/span>\n<\/td>\n<\/tr>\n<tr>\n<td width=\"10\" valign=\"top\">\n<span style=\"line-height: 170%;;\"><br \/>\n\u2013<\/span>\n<\/td>\n<td>\n<span style=\"line-height: 170%;\"><br \/>\nMe\u0111unarodni simpozij:<strong> <\/strong>Integrativna  bioetika i nova epoha 9. Lo\u0161injski dani bioetike, Mali Lo\u0161inj, Hrvatska, 16.\u201319.  svibnja 2010. Tema <strong><em>&bdquo;Istok i zapad ljudskoga mozga&ldquo;.<\/em><\/strong> <\/span>\n<\/td>\n<\/tr>\n<tr>\n<td width=\"10\" valign=\"top\">\n<span style=\"line-height: 170%;;\"><br \/>\n\u2013<\/span>\n<\/td>\n<td>\n<span style=\"line-height: 170%;\"><br \/>\nHTV <em>&bdquo;Sveti<\/em>Simpozij: Pitanje o istini u  suvremenoj filozofiji i znanosti HFD, \u0160kolska knjiga, Zagreb, 25.\u201326. studeni  2010. Tema <strong><em>&bdquo;Istina iz fotografskog stroja&ldquo;.<\/em><\/strong><\/span>\n<\/td>\n<\/tr>\n<tr>\n<td width=\"10\" valign=\"top\">\n<span style=\"line-height: 170%;;\"><br \/>\n\u2013<\/span>\n<\/td>\n<td>\n<span style=\"line-height: 170%;\"><br \/>\nMe\u0111unarodna konferencija O identitetu na 19. danima  Frane&nbsp;Petri\u0107a,&nbsp;Cres,&nbsp;20.\u201323. rujna 2010. Tema <strong><em>&bdquo;Identity  and Violence&ldquo;<\/em><\/strong>&nbsp;(odr\u017eano na engleskom jeziku).<br \/>\n<\/span>\n<\/td>\n<\/tr>\n<tr>\n<td width=\"10\" valign=\"top\">\n<span style=\"line-height: 170%;;\"><br \/>\n\u2013<\/span>\n<\/td>\n<td>\n<span style=\"line-height: 170%;\"><br \/>\nSimpozij Mediji  i znanosti, 100 godina Hrvatskog novinarskog dru\u0161tva, Zagreb, 20. 05. 2010.  Tema <strong><em>&bdquo;<\/em><\/strong><strong><em>Mediji i znanost<\/em><\/strong><strong><em>&ldquo;<\/em><\/strong>.<\/span>\n<\/td>\n<\/tr>\n<\/tbody>\n<\/table>\n<\/div>\n<p class=\"MsoNormal\" style=\"line-height: 170%;\"><strong>2011<\/strong><strong>.<\/strong><\/p>\n<div style=\"margin-left: 5pt;\">\n<table border=\"0\">\n<tbody>\n<tr>\n<td width=\"10\" valign=\"top\">\n<span style=\"line-height: 170%;\"><br \/>\n\u2013<\/span>\n<\/td>\n<td>\n<span style=\"line-height: 170%;\"><br \/>\nV Mediteranski korijeni filozofije,  24.\u201326. o\u017eujka 2011. Split Tema <strong><em>&bdquo;O  slobodi, determinizmu i tehnodeterminizmu&ldquo;.<\/em><\/strong><br \/>\n<\/span>\n<\/td>\n<\/tr>\n<tr>\n<td width=\"10\" valign=\"top\">\n<span style=\"line-height: 170%;;\"><br \/>\n\u2013<\/span>\n<\/td>\n<td>\n<span style=\"line-height: 170%;\"><br \/>\nEuropski identitet Bo\u0161njaka, Od  minulog iskustva do suvremene afirmacije 6.\u20137. 05. 2011.,&nbsp;Zagreb. Tema <strong><em>&bdquo;Identitet i identiteti&ldquo;.<\/em><\/strong><\/span>\n<\/td>\n<\/tr>\n<tr>\n<td width=\"10\" valign=\"top\">\n<span style=\"line-height: 170%;;\"><br \/>\n\u2013<\/span>\n<\/td>\n<td>\n<span style=\"line-height: 170%;\"><br \/>\nVerodostojnost medija\u2013Dometi  medijske tranzicije Fakultet politi\u010dkih nauka, Beograd, Jove Ili\u0107a 165 17\/ 18.  jun 2011. Tema <strong><em>&bdquo;<\/em><\/strong><strong><em>Informiranje ili uniformiranje&ldquo;.<\/em><\/strong><br \/>\n<\/span>\n<\/td>\n<\/tr>\n<tr>\n<td width=\"10\" valign=\"top\">\n<span style=\"line-height: 170%;;\"><br \/>\n\u2013<\/span>\n<\/td>\n<td>\n<span style=\"line-height: 170%;\"><br \/>\nMe\u0111unarodni  interdisciplinarni simpozij Filozofija medija 2011<strong>. <\/strong>Pitanja utemeljenja,  zasnivanja i\/ili otkrivanja Cres, Hrvatska, 16.\u201318. rujna  2011. Tema <strong><em>&bdquo;<\/em><\/strong><strong><em>\u010cemu  filozofija ako nije filozofija medija?&ldquo;.<\/em><\/strong><br \/>\n<\/span>\n<\/td>\n<\/tr>\n<tr>\n<td width=\"10\" valign=\"top\">\n<span style=\"line-height: 170%;;\"><br \/>\n\u2013<\/span>\n<\/td>\n<td>\n<span style=\"line-height: 170%;\"><br \/>\nDani  frane petri\u0107a <strong>\u00bb<\/strong>Filozofska  gibanja na jugoistoku Europe\u00ab <em>Jubilarni me\u0111unarodni simpozij<\/em> Cres,  Hrvatska,<strong> <\/strong>18.\u201321. rujna 2011. Tema <strong><em>&bdquo;Filozofsko medijske analize Grli\u0107evih  stavova o estetici&ldquo;.<\/em><\/strong><\/span>\n<\/td>\n<\/tr>\n<tr>\n<td width=\"10\" valign=\"top\">\n<span style=\"line-height: 170%;;\"><br \/>\n\u2013<\/span>\n<\/td>\n<td>\n<span style=\"line-height: 170%;\"><br \/>\n<em>Seventh ECPD International  Conference <\/em>Reconciliation,  Tolerance and human Security in the balkans &rdquo;New balkans and Europian union  Enlargement&rdquo;Milo\u010der,  Montenegro,Crna Gora, 21.\u201322. 10. 2011. Tema <strong><em>&bdquo;Istina je neprofitna&ldquo;.<\/em><\/strong><br \/>\n<\/span>\n<\/td>\n<\/tr>\n<tr>\n<td width=\"10\" valign=\"top\">\n<span style=\"line-height: 170%;;\"><br \/>\n\u2013<\/span>\n<\/td>\n<td>\n<span style=\"line-height: 170%;\"><br \/>\nGodi\u0161nji simpozij Hrvatskoga  filozofskog dru\u0161tva:<strong> <\/strong>Filozofija i umjetnost, Zagreb, 1.\u20133. prosinca 2011<strong>. <\/strong>Velika dvorana \u00bb\u0160kolske knjige\u00ab, Masarykova 28. Tema <strong><em>&bdquo;<\/em><\/strong><strong><em>Scar(t)face&ldquo;.<\/em><\/strong><\/span>\n<\/td>\n<\/tr>\n<\/tbody>\n<\/table>\n<\/div>\n<p class=\"MsoNormal\" style=\"line-height: 170%;\"><strong>2012.<\/strong><\/p>\n<div style=\"margin-left: 5pt;\">\n<table border=\"0\">\n<tbody>\n<tr>\n<td width=\"10\" valign=\"top\">\n<span style=\"line-height: 170%;\"><br \/>\n\u2013<\/span>\n<\/td>\n<td>\n<span style=\"line-height: 170%;\"><br \/>\nVI. Mediteranski korijeni filozofije,<strong> <\/strong>Split, Hrvatska, 29.\u201331. o\u017eujka 2012. Tema <strong><em>&bdquo;Religijsko brendiranje tla&ldquo;.<\/em><\/strong><br \/>\n<\/span>\n<\/td>\n<\/tr>\n<tr>\n<td width=\"10\" valign=\"top\">\n<span style=\"line-height: 170%;;\"><br \/>\n\u2013<\/span>\n<\/td>\n<td>\n<span style=\"line-height: 170%;\"><br \/>\nInternational Scholarly Symposyum:  Islam in Europe, Position and Perspectives, Zagreb 19.\u201321. travnja 2012. Tema <strong><em>&bdquo;Kako  postaviti pitanje?&ldquo;.<\/em><\/strong> <\/span>\n<\/td>\n<\/tr>\n<tr>\n<td width=\"10\" valign=\"top\">\n<span style=\"line-height: 170%;;\"><br \/>\n\u2013<\/span>\n<\/td>\n<td>\n<span style=\"line-height: 170%;\"><br \/>\nMe\u0111. simpozij Religija, mediji i  nasilje, Beograd, Srbija, 18.\u201319. 05. 2012. Tema <strong><em>&bdquo;Masmedijski fundamentalizam&ldquo;.<\/em><\/strong><br \/>\n<\/span>\n<\/td>\n<\/tr>\n<tr>\n<td width=\"10\" valign=\"top\">\n<span style=\"line-height: 170%;;\"><br \/>\n\u2013<\/span>\n<\/td>\n<td>\n<span style=\"line-height: 170%;\"><br \/>\nKulturna politika, umjetni\u010dko  stvarala\u0161tvo i medijska praksa u funkciji odr\u017eivog dru\u0161tvenog razvitka<strong>, <\/strong>Fakultet  za kulturu i medije, Beograd, 31. 05. 2012. Tema <strong><em>&bdquo;Tolstoj i tisak&ldquo;.<\/em><\/strong><br \/>\n<\/span>\n<\/td>\n<\/tr>\n<tr>\n<td width=\"10\" valign=\"top\">\n<span style=\"line-height: 170%;;\"><br \/>\n\u2013<\/span>\n<\/td>\n<td>\n<span style=\"line-height: 170%;\"><br \/>\nGodi\u0161nji simpozij Hrvatskoga  filozofskog dru\u0161tva Priroda \u2013 dru\u0161tvo \u2013 politika<strong> <\/strong>u povodu 300.  godi\u0161njice ro\u0111enja Jean-Jacquesa Rousseaua Zagreb, 22.\u201324. studenoga 2012. Tema <strong><em>&bdquo;Usmenost  i pismo u oblikovanju ljudske zajednice&ldquo;.<\/em><\/strong><\/span>\n<\/td>\n<\/tr>\n<tr>\n<td width=\"10\" valign=\"top\">\n<span style=\"line-height: 170%;;\"><br \/>\n\u2013<\/span>\n<\/td>\n<td>\n<span style=\"line-height: 170%;\"><br \/>\nMe\u0111unarodni interdisciplinarni  simpozij Filozofija medija (2012.) Umjetnost i mediji \/ International  Interdisciplinary Symposium&nbsp;Philosophy of media (2012.) Art and Media  Hotel Palace\u2013Bellevue, Opatija, Hrvatska\/Croatia, 19.\u201322. 9. 2012. Tema <strong><em>&bdquo;<\/em><\/strong><strong><em>The  Synergy of Artistic Approaches within the Openness of New Media&ldquo;.<\/em><\/strong><br \/>\n<\/span>\n<\/td>\n<\/tr>\n<\/tbody>\n<\/table>\n<\/div>\n<p class=\"MsoNormal\" style=\"line-height: 170%;\"><strong>2013.<\/strong><\/p>\n<div style=\"margin-left: 5pt;\">\n<table border=\"0\">\n<tbody>\n<tr>\n<td width=\"10\" valign=\"top\">\n<span style=\"line-height: 170%;\"><br \/>\n\u2013<\/span>\n<\/td>\n<td>\n<span style=\"line-height: 170%;\"><br \/>\nMe\u0111unarodni nau\u010dni skup \u2013 Kriza  \u0161tampe, Bar, Crna Gora, 24.\u201326. 05. 2013. Tema <strong><em>&bdquo;Tipografska svijest i  novinarstvo&ldquo;.<\/em><\/strong><br \/>\n<\/span>\n<\/td>\n<\/tr>\n<tr>\n<td width=\"10\" valign=\"top\">\n<span style=\"line-height: 170%;;\"><br \/>\n\u2013<\/span>\n<\/td>\n<td>\n<span style=\"line-height: 170%;\"><br \/>\nMedijska slika svijeta &#8211; od  proizvodnje stvarnosti do aparata mo\u0107i, u organizaciji \u010dasopisa Tvr\u0111a i HDP-a,  Zagreb, Hrvatska, 13.\u201314. 06. 2013. Tema <strong><em>&bdquo;Komunikacijski stampedo&ldquo;.<\/em><\/strong><\/span>\n<\/td>\n<\/tr>\n<tr>\n<td width=\"10\" valign=\"top\">\n<span style=\"line-height: 170%;;\"><br \/>\n\u2013<\/span>\n<\/td>\n<td>\n<span style=\"line-height: 170%;\"><br \/>\nMe\u0111unarodni interdisciplinarni  simpozij Filozofija medija,&nbsp;Mediji i javnost (Filozofijski, komunikolo\u0161ki,  kulturolo\u0161ki, artisti\u010dki,tehni\u010dki i politi\u010dki aspekti medijskog oblikovanja  javnosti) Hotel Petka, Dubrovnik, Hrvatska\/Croatia, 15.\u201317. 11. 2013. Tema <strong><em>&bdquo;Ni\u010deansko  novinarstvo&ldquo;.<\/em><\/strong><br \/>\n<\/span>\n<\/td>\n<\/tr>\n<\/tbody>\n<\/table>\n<\/div>\n<p class=\"MsoNormal\" style=\"line-height: 170%;\"><strong>2014.<\/strong><\/p>\n<div style=\"margin-left: 5pt;\">\n<table border=\"0\">\n<tbody>\n<tr>\n<td width=\"10\" valign=\"top\">\n<span style=\"line-height: 170%;\"><br \/>\n\u2013<\/span>\n<\/td>\n<td>\n<span style=\"line-height: 170%;\"><br \/>\n2. Dani prakti\u010dke filozofije,  Me\u0111unarodni znanstveni simpozij Totalitarizam danas u Osijeku, 16.\u201317. sije\u010dnja  2014.  Tema <strong><em>&bdquo;Masmedijski korijeni  totalitarizma&ldquo;.<\/em><\/strong><br \/>\n<\/span>\n<\/td>\n<\/tr>\n<tr>\n<td width=\"10\" valign=\"top\">\n<span style=\"line-height: 170%;;\"><br \/>\n\u2013<\/span>\n<\/td>\n<td>\n<span style=\"line-height: 170%;\"><br \/>\nVII crnogorski medijski dijalozi,  Budva, Crna Gora, 16. \u2013 18. 05. 2014. Tema <strong><em>&bdquo;Novinar &#8211; umjetnik u gladovanju&ldquo;.<\/em><\/strong><\/span>\n<\/td>\n<\/tr>\n<tr>\n<td width=\"10\" valign=\"top\">\n<span style=\"line-height: 170%;;\"><br \/>\n\u2013<\/span>\n<\/td>\n<td>\n<span style=\"line-height: 170%;\"><br \/>\nMe\u0111unarodni interdisciplinarni  simpozij Filozofija medija, Budu\u0107nost medija, Cres, Hrvatska, 18.\u201321. 09. 2014.  Tema <strong><em>&bdquo;Ivan  Ladislav Galeta \u2013 istra\u017eiva\u010d medijskog prostora i medijskoga vremena&ldquo;.<\/em><\/strong><br \/>\n<\/span>\n<\/td>\n<\/tr>\n<tr>\n<td width=\"10\" valign=\"top\">\n<span style=\"line-height: 170%;;\"><br \/>\n\u2013<\/span>\n<\/td>\n<td>\n<span style=\"line-height: 170%;\"><br \/>\n23. Dani Frane Petri\u0107a Simpozij  Povijesni svijet, Cres, Hrvatska, 21.\u201324. 09. 2014. Tema <strong><em>&bdquo;Povijest kao instrument  zavo\u0111enja&ldquo;.<\/em><\/strong><\/span>\n<\/td>\n<\/tr>\n<tr>\n<td width=\"10\" valign=\"top\">\n<span style=\"line-height: 170%;;\"><br \/>\n\u2013<\/span>\n<\/td>\n<td>\n<span style=\"line-height: 170%;\"><br \/>\n2. znanstvena konferencija pod  nazivom Savremena umjetni\u010dka praksa, medijska pismenost, kulturni identitet i  dru\u0161tveni razvoj, Beograd, Srbija, 20.\u201321. 11. 2014. Tema<strong><em> &bdquo;Camuseve sugestije&ldquo;.<\/em><\/strong><br \/>\n<\/span>\n<\/td>\n<\/tr>\n<tr>\n<td width=\"10\" valign=\"top\">\n<span style=\"line-height: 170%;;\"><br \/>\n\u2013<\/span>\n<\/td>\n<td>\n<span style=\"line-height: 170%;\"><br \/>\nGodi\u0161nji simpozij Hrvatskog  filozofskog dru\u0161tva (2014.) Filozofija i tjelesnost, Zagreb, Hrvatska, 27.\u201329.  11. 2014. Tema <strong><em>&bdquo;Torbarenje zaborava&ldquo;.<\/em><\/strong><br \/>\n<\/span>\n<\/td>\n<\/tr>\n<\/tbody>\n<\/table>\n<\/div>\n<p class=\"MsoNormal\" style=\"line-height: 170%;\"><strong>2015.<\/strong><\/p>\n<div style=\"margin-left: 5pt;\">\n<table border=\"0\">\n<tbody>\n<tr>\n<td width=\"10\" valign=\"top\">\n<span style=\"line-height: 170%;\"><br \/>\n\u2013<\/span>\n<\/td>\n<td>\n<span style=\"line-height: 170%;\"><br \/>\nOdnos religijskog i nacionalnog u  identiteu i stvarnosti balkanskih naroda, Zagreb, Hrvatska, 6.\u20137. 03. 2015.  Tema <strong><em>&bdquo;Seobe  nacija u brend&ldquo;.<\/em><\/strong><br \/>\n<\/span>\n<\/td>\n<\/tr>\n<tr>\n<td width=\"10\" valign=\"top\">\n<span style=\"line-height: 170%;;\"><br \/>\n\u2013<\/span>\n<\/td>\n<td>\n<span style=\"line-height: 170%;\"><br \/>\nMe\u0111unarodni znanstveno-stru\u010dni  simpozij \/ konferencija ISLAM I MEDIJI, Zagreb, Hrvatska, 24.\u201326. 4. 2015. Tema <strong><em>&bdquo;Kadriranje  islama&ldquo;.<\/em><\/strong> <\/span>\n<\/td>\n<\/tr>\n<tr>\n<td width=\"10\" valign=\"top\">\n<span style=\"line-height: 170%;;\"><br \/>\n\u2013<\/span>\n<\/td>\n<td>\n<span style=\"line-height: 170%;\"><br \/>\nMe\u0111unarodni interdisciplinarni  znanstveni simpozij Filozofija medija (2015.) Kreativnost i mediji, Cres,  Hrvatska, 17.\u201320. 09. 2015. Tema <strong><em>&bdquo;Prisvajanje licence na kreativnost&ldquo;.<\/em><\/strong><br \/>\n<\/span>\n<\/td>\n<\/tr>\n<tr>\n<td width=\"10\" valign=\"top\">\n<span style=\"line-height: 170%;;\"><br \/>\n\u2013<\/span>\n<\/td>\n<td>\n<span style=\"line-height: 170%;\"><br \/>\nGodi\u0161nji simpozij Hrvatskog  filozofskog dru\u0161tva (2015.) &bdquo;Rat i mir&ldquo;, Zagreb, Hrvatska, 26.\u201328. 11. 2015.  Tema <strong><em>&bdquo;Globalno  rati\u0161te i glasovi iz pustinje&ldquo;.<\/em><\/strong><br \/>\n<\/span>\n<\/td>\n<\/tr>\n<\/tbody>\n<\/table>\n<\/div>\n<p class=\"MsoNormal\" style=\"line-height: 170%;\"><strong>2016.<\/strong><\/p>\n<div style=\"margin-left: 5pt;\">\n<table border=\"0\">\n<tbody>\n<tr>\n<td width=\"10\" valign=\"top\">\n<span style=\"line-height: 170%;\"><br \/>\n\u2013<\/span>\n<\/td>\n<td>\n<span style=\"line-height: 170%;\"><br \/>\nXXII Simpozij Gdje je nestao \u2013  moral?, Zagreb, Hrvatska, 20.\u201321. 05. 2016. Tema <strong><em>&bdquo;Monopol na nemoral&ldquo;.<\/em><\/strong><br \/>\n<\/span>\n<\/td>\n<\/tr>\n<tr>\n<td width=\"10\" valign=\"top\">\n<span style=\"line-height: 170%;;\"><br \/>\n\u2013<\/span>\n<\/td>\n<td>\n<span style=\"line-height: 170%;\"><br \/>\nMe\u0111unarodni nau\u010dni skup IX  Crnogorski medijski dijalozi, Informacija \u2013 roba ili ljudsko pravo?, Igalo,  Crna Gora, 27.\u201329. 05. 2016. Tema <strong><em>&bdquo;Informacija ili &#8216;upravljanje percepcijom&#8217;&ldquo;.<\/em><\/strong> <\/span>\n<\/td>\n<\/tr>\n<tr>\n<td width=\"10\" valign=\"top\">\n<span style=\"line-height: 170%;;\"><br \/>\n\u2013<\/span>\n<\/td>\n<td>\n<span style=\"line-height: 170%;\"><br \/>\nMe\u0111unarodni interdisciplinarni  znanstveni simpozij Filozofija medija (2016.) Mitologija i imaginacija, Cres,  Hrvatska, 22.\u201325. 09. 2016. Tema <strong><em>&bdquo;Masmitologija&ldquo;.<\/em><\/strong><br \/>\n<\/span>\n<\/td>\n<\/tr>\n<tr>\n<td width=\"10\" valign=\"top\">\n<span style=\"line-height: 170%;;\"><br \/>\n\u2013<\/span>\n<\/td>\n<td>\n<span style=\"line-height: 170%;\"><br \/>\n25. Dani frane petri\u0107a Simpozij  Jezik i spoznaja, Cres, Hrvatska, 25.\u201328. 09. 2016. Tema <strong><em>&bdquo;Jezik objave&ldquo;.<\/em><\/strong><br \/>\n<\/span>\n<\/td>\n<\/tr>\n<tr>\n<td width=\"10\" valign=\"top\">\n<span style=\"line-height: 170%;;\"><br \/>\n\u2013<\/span>\n<\/td>\n<td>\n<span style=\"line-height: 170%;\"><br \/>\n1. znanstveni susreti na Sjeveru,  Jezik knji\u017eevnosti, znanosti i medija, Me\u0111unarodni znanstveni skup u povodu 80.  ro\u0111endana akademika Milivoja Solara, TEMA: Filozofija mita nekad i danas,  Koprivnica, Hrvatska, 21.\u201322. 10. 2016. Tema <strong><em>&bdquo;Mitsko, religijsko i filozofijsko  u Cassirerovoj Filozofiji simboli\u010dkih oblika&ldquo;.<\/em><\/strong><\/span>\n<\/td>\n<\/tr>\n<tr>\n<td width=\"10\" valign=\"top\">\n<span style=\"line-height: 170%;;\"><br \/>\n\u2013<\/span>\n<\/td>\n<td>\n<span style=\"line-height: 170%;\"><br \/>\nMe\u0111unarodni znanstveni skup  Migracije stanovni\u0161tva \u2013 fenomen izbjegli\u0161tva, Zagreb, Hrvatska, 18.\u201319. 11.  2016. Tema <strong><em>&bdquo;Odgovor Abdennour Bidaru na njegovo &#8216;otvoreno pismo muslimanskom  svijetu&#8217;&ldquo;.<\/em><\/strong><br \/>\n<\/span>\n<\/td>\n<\/tr>\n<tr>\n<td width=\"10\" valign=\"top\">\n<span style=\"line-height: 170%;;\"><br \/>\n\u2013<\/span>\n<\/td>\n<td>\n<span style=\"line-height: 170%;\"><br \/>\nGodi\u0161nji simpozij Hrvatskog  filozofskog dru\u0161tva (2016.) &bdquo;\u010covjek u prostoru&ldquo;, Zagreb, Hrvatska, 15.\u201317. 12.  2016. Tema <strong><em>&bdquo;Subjektivni, transcendentalni, fizi\u010dki i virtualni simboli prostora&ldquo;.<\/em><\/strong><\/span>\n<\/td>\n<\/tr>\n<\/tbody>\n<\/table>\n<\/div>\n<p class=\"MsoNormal\" style=\"line-height: 170%;\"><strong>2017.<\/strong><\/p>\n<div style=\"margin-left: 5pt;\">\n<table border=\"0\">\n<tbody>\n<tr>\n<td width=\"10\" valign=\"top\">\n<span style=\"line-height: 170%;\"><br \/>\n\u2013<\/span>\n<\/td>\n<td>\n<span style=\"line-height: 170%;\"><br \/>\nSavremeni izazovi i perspektive dru\u0161tvenih  i humanisti\u0109kih studija, SIP DHS 2017, Tuzla, BiH, 7. 4. 2017. Tema <strong><em>&bdquo;<\/em><\/strong><strong><em>Veliki inkvizitori<\/em><\/strong><strong><em>&ldquo;.<\/em><\/strong><br \/>\n<\/span>\n<\/td>\n<\/tr>\n<tr>\n<td width=\"10\" valign=\"top\">\n<span style=\"line-height: 170%;;\"><br \/>\n\u2013<\/span>\n<\/td>\n<td>\n<span style=\"line-height: 170%;\"><br \/>\nMe\u0111unarodni nau\u010dni skup X Crnogorski  medijski dijalozi, <em>Postmoderni mediji \u2013 monolog  ili dijalog, <\/em>Tivat, Crna  Gora, 26.\u201328. 05. 2017. Tema <strong><em>&bdquo;Postmoderna pri\u010da pri\u010de o kraju pri\u010da&ldquo;.<\/em><\/strong> <\/span>\n<\/td>\n<\/tr>\n<tr>\n<td width=\"10\" valign=\"top\">\n<span style=\"line-height: 170%;;\"><br \/>\n\u2013<\/span>\n<\/td>\n<td>\n<span style=\"line-height: 170%;\"><br \/>\nMe\u0111unarodni simpozij &ldquo;Doprinos  islamske civilizacije i kulture Europi&rdquo;, Zagreb, Hrvatska, 15.\u201316. 9. 2017.  Tema <strong><em>&bdquo;Strah  od spoznaje izvora (straha) &ldquo;.<\/em><\/strong><br \/>\n<\/span>\n<\/td>\n<\/tr>\n<tr>\n<td width=\"10\" valign=\"top\">\n<span style=\"line-height: 170%;;\"><br \/>\n\u2013<\/span>\n<\/td>\n<td>\n<span style=\"line-height: 170%;\"><br \/>\nMe\u0111unarodni interdisciplinarni znanstveni simpozij  Filozofija medija (2017.), Zagreb, &ldquo;Tribina grada&rdquo;, Kaptol 27,<strong> <\/strong>Hrvatska,  21.\u201322. 09. 2017. Tema <strong><em>&bdquo;<\/em><\/strong><strong><em>Knji\u017eevna analiza  dr\u017eavnog (medijskog) terorizma u Orwellovom romanu 1984.<\/em><\/strong><strong><em>&ldquo;.<\/em><\/strong><br \/>\n<\/span>\n<\/td>\n<\/tr>\n<tr>\n<td width=\"10\" valign=\"top\">\n<span style=\"line-height: 170%;;\"><br \/>\n\u2013<\/span>\n<\/td>\n<td>\n<span style=\"line-height: 170%;\"><br \/>\n26. Dani frane petri\u0107a Simpozij  Filozofija i ekonomija, Cres, Hrvatska, 24.\u201326. 09. 2017. Tema <strong><em>&bdquo;Terorizam  ekonomije i totalitarizam neslobode&ldquo;.<\/em><\/strong><\/span>\n<\/td>\n<\/tr>\n<tr>\n<td width=\"10\" valign=\"top\">\n<span style=\"line-height: 170%;;\"><br \/>\n\u2013<\/span>\n<\/td>\n<td>\n<span style=\"line-height: 170%;\"><br \/>\nNA SJEVERU S RUDOLFOM STEINEROM, Sveu\u010dili\u0161te Sjever,  Vara\u017edin, 104. brigade 3, 42000 Vara\u017edin, Centar dr. Rudolf Steiner, Donji  Kraljevac, Prvomajska 4, Hrvatska, 7. 10. 2017. Tema <strong><em>&bdquo;<\/em><\/strong><strong><em>Medij ljudske spoznaje i spoznaja  mogu\u0107e slobode medija<\/em><\/strong><strong><em>&ldquo;.<\/em><\/strong><br \/>\n<\/span>\n<\/td>\n<\/tr>\n<tr>\n<td width=\"10\" valign=\"top\">\n<span style=\"line-height: 170%;;\"><br \/>\n\u2013<\/span>\n<\/td>\n<td>\n<span style=\"line-height: 170%;\"><br \/>\nSimpozij &ldquo;Odgovornost za kulturu  Bo\u0161nja\u010dkog naroda&rdquo;, Bu\u017eim, BiH, 28. 10. 2017. Tema <strong><em>&bdquo;<\/em><\/strong><strong><em>Sjeme Europe<\/em><\/strong><strong><em>&ldquo;.<\/em><\/strong> <\/span>\n<\/td>\n<\/tr>\n<tr>\n<td width=\"10\" valign=\"top\">\n<span style=\"line-height: 170%;;\"><br \/>\n\u2013<\/span>\n<\/td>\n<td>\n<span style=\"line-height: 170%;\"><br \/>\nNA SJEVERU S PAVLOM VUK-PAVLOVI\u0106EM, Sveu\u010dili\u0161te  Sjever \u2013 Koprivnica, Trg dr. \u017darka Dolinara 1, Hrvatska, 13. 11. 2017. Tema <strong><em>&bdquo;<\/em><\/strong><strong><em>Esteti\u010dka dimenzija filozofije odgoja<\/em><\/strong><strong><em>&ldquo;.<\/em><\/strong><\/span>\n<\/td>\n<\/tr>\n<tr>\n<td width=\"10\" valign=\"top\">\n<span style=\"line-height: 170%;;\"><br \/>\n\u2013<\/span>\n<\/td>\n<td>\n<span style=\"line-height: 170%;\"><br \/>\nSimpozij: Reformacije i revolucije  &#8211; Hrvatsko filozofsko dru\u0161tvo, Zagreb, Hrvatska, 14.\u201316. 12. 2017. Tema <strong><em>&bdquo;Je  li mogu\u0107a revolucija bez religijske reformacije?&ldquo;.<\/em><\/strong><br \/>\n<\/span>\n<\/td>\n<\/tr>\n<\/tbody>\n<\/table>\n<\/div>\n<p class=\"MsoNormal\" style=\"line-height: 170%;\"><strong>2018.<\/strong><\/p>\n<div style=\"margin-left: 5pt;\">\n<table border=\"0\">\n<tbody>\n<tr>\n<td width=\"10\" valign=\"top\">\n<span style=\"line-height: 170%;\"><br \/>\n\u2013<\/span>\n<\/td>\n<td>\n<span style=\"line-height: 170%;\"><br \/>\nMe\u0111unarodni nau\u010dni skup X Crnogorski  medijski dijalozi, <em>Mediji i manjine \u2013 standardi  i praksa (kulturolo\u0161ki aspekti), <\/em>Ulcinj, Crna Gora, 25.\u201327. 05. 2018. Tema <strong><em>&bdquo;\u0160to  je nacionalna manjina?&ldquo;.<\/em><\/strong><br \/>\n<\/span>\n<\/td>\n<\/tr>\n<tr>\n<td width=\"10\" valign=\"top\">\n<span style=\"line-height: 170%;;\"><br \/>\n\u2013<\/span>\n<\/td>\n<td>\n<span style=\"line-height: 170%;\"><br \/>\n&bdquo;Suvremeni izazovi u svijetlu Sufijskog nauka&ldquo; \u00abCID  BH\u00bb \u00ab Centar za  istra\u017eivanje  i   unaprje\u0111enje duhovne i kulturne ba\u0161tine u  Bosni i Hercegovini \u00bb Stolac, 23. 06. 2018.  Tema <strong><em>&bdquo;Srce  i SADizam&ldquo;.<\/em><\/strong> <\/span>\n<\/td>\n<\/tr>\n<tr>\n<td width=\"10\" valign=\"top\">\n<span style=\"line-height: 170%;;\"><br \/>\n\u2013<\/span>\n<\/td>\n<td>\n<span style=\"line-height: 170%;\"><br \/>\nMe\u0111unarodni interdisciplinarni znanstveni simpozij  Filozofija medija (2018.), Zagreb, &ldquo;Tribina grada&rdquo;, Kaptol 27,  Hrvatska, 19.\u201321. 09. 2018. Tema <strong><em>&bdquo;<\/em><\/strong><strong><em>Muzika \u2013 umjetnost,  simbol ili medij<\/em><\/strong><strong><em>&ldquo;.<\/em><\/strong><br \/>\n<\/span>\n<\/td>\n<\/tr>\n<tr>\n<td width=\"10\" valign=\"top\">\n<span style=\"line-height: 170%;;\"><br \/>\n\u2013<\/span>\n<\/td>\n<td>\n<span style=\"line-height: 170%;\"><br \/>\nMe\u0111unarodni  znanstveni skup Islam u evoluciji bo\u0161nja\u010dkog identiteta, Zagreb, 19. i 20. 10.  2018. Tema <strong><em>&bdquo;Teorijske pretpostavke za kriti\u010dko propitivanje i  razumijevanje fenomena nacionalnog<\/em><\/strong><strong><em>&ldquo;.<\/em><\/strong><strong><\/strong><br \/>\n<\/span>\n<\/td>\n<\/tr>\n<tr>\n<td width=\"10\" valign=\"top\">\n<span style=\"line-height: 170%;;\"><br \/>\n\u2013<\/span>\n<\/td>\n<td>\n<span style=\"line-height: 170%;\"><br \/>\nNA SJEVERU S PAVLOM VUK-PAVLOVI\u0106EM, Sveu\u010dili\u0161te  Sjever \u2013 Koprivnica, Trg dr. \u017darka Dolinara 1, Hrvatska, 13. 11. 2018. Tema <strong><em>&bdquo;<\/em><\/strong><strong><em>Odgoj za odgovornost<\/em><\/strong><strong><em>&ldquo;.<\/em><\/strong> <\/span>\n<\/td>\n<\/tr>\n<tr>\n<td width=\"10\" valign=\"top\">\n<span style=\"line-height: 170%;;\"><br \/>\n\u2013<\/span>\n<\/td>\n<td>\n<span style=\"line-height: 170%;\"><br \/>\nSimpozij: FILOZOFIJA I STVARALA\u0160TVO  &#8211; Hrvatsko filozofsko dru\u0161tvo, Zagreb, Hrvatska, 13.\u201315. 12. 2018. Tema <strong><em>&bdquo;Psihozofija  kao reinkarnacija pobune&ldquo;.<\/em><\/strong><br \/>\n<\/span>\n<\/td>\n<\/tr>\n<\/tbody>\n<\/table>\n<\/div>\n<p class=\"MsoNormal\" style=\"line-height: 170%;\">&nbsp;<\/p>\n<p class=\"MsoNormal\" style=\"line-height: 170%;\"><strong>Predavanja za gra\u0111anstvo:<\/strong><\/p>\n<div style=\"margin-left: 5pt;\">\n<table border=\"0\">\n<tbody>\n<tr>\n<td width=\"10\" valign=\"top\">\n<span style=\"line-height: 170%;\"><br \/>\n\u2013<\/span>\n<\/td>\n<td>\n<span style=\"line-height: 170%;\"><br \/>\nPredavanje &bdquo;<em>Filozofija medija<\/em>&ldquo;, Klub sveu\u010dili\u0161nih nastavnika,  19.svibnja 2008.&nbsp;<br \/>\n  Uz predstavljanje knjige Divne Vuksanovi\u0107 &bdquo;Filozofija medija&ldquo;.<br \/>\n<\/span>\n<\/td>\n<\/tr>\n<tr>\n<td width=\"10\" valign=\"top\">\n<span style=\"line-height: 170%;;\"><br \/>\n\u2013<\/span>\n<\/td>\n<td>\n<span style=\"line-height: 170%;\"><br \/>\nPredavanje &bdquo;<em>Razumijevanje medija<\/em>&ldquo;, Klub sveu\u010dili\u0161nih nastavnika, 5.  lipnja 2008.&nbsp;<br \/>\n  Uz predstavljanje knjige Marshal McLuhan &bdquo;Razumijevanje medija&ldquo;.<\/span>\n<\/td>\n<\/tr>\n<tr>\n<td width=\"10\" valign=\"top\">\n<span style=\"line-height: 170%;;\"><br \/>\n\u2013<\/span>\n<\/td>\n<td>\n<span style=\"line-height: 170%;\"><br \/>\nPredavanje &bdquo;<em>Dru\u0161tveno odgovorni dizajn<\/em>&ldquo;, Studij dizajn na  Arhitektonskom fakultetu u Zagrebu,&nbsp;24. o\u017eujka&nbsp;2009.<br \/>\n<\/span>\n<\/td>\n<\/tr>\n<\/tbody>\n<\/table>\n<\/div>\n<p class=\"MsoNormal\" style=\"line-height: 70%;\">&nbsp;<\/p>\n<p class=\"MsoNormal\" style=\"line-height: 170%;\">Tribine u organizaciji Sekcije za filozofiju medija HFD-a, Centra za  filozofiju medija i KIC-a:<\/p>\n<div style=\"margin-left: 5pt;\">\n<table border=\"0\">\n<tbody>\n<tr>\n<td width=\"10\" valign=\"top\">\n<span style=\"line-height: 170%;\"><br \/>\n\u2013<\/span>\n<\/td>\n<td>\n<span style=\"line-height: 170%;\"><br \/>\n&bdquo;<em>Medijska dijeta&ldquo;&nbsp;<\/em>Tribina KIC, 4. prosinca 2008.&nbsp;<br \/>\n<\/span>\n<\/td>\n<\/tr>\n<tr>\n<td width=\"10\" valign=\"top\">\n<span style=\"line-height: 170%;;\"><br \/>\n\u2013<\/span>\n<\/td>\n<td>\n<span style=\"line-height: 170%;\"><br \/>\n&bdquo;<em>Mediokracija \/ Mediokultura&ldquo;&nbsp;<\/em>Tribina KIC, 18. prosinca  2008.&nbsp; <\/span>\n<\/td>\n<\/tr>\n<tr>\n<td width=\"10\" valign=\"top\">\n<span style=\"line-height: 170%;;\"><br \/>\n\u2013<\/span>\n<\/td>\n<td>\n<span style=\"line-height: 170%;\"><br \/>\n&bdquo;<em>Zvijezde<\/em>&nbsp;<em>&#8211; sve\u0107enici novog progresa!?<\/em>&ldquo; Tribina KIC,&nbsp;15.  sije\u010dnja 2009.&nbsp;<br \/>\n<\/span>\n<\/td>\n<\/tr>\n<tr>\n<td width=\"10\" valign=\"top\">\n<span style=\"line-height: 170%;;\"><br \/>\n\u2013<\/span>\n<\/td>\n<td>\n<span style=\"line-height: 170%;\"><br \/>\n&bdquo;<em>Etika medija&ldquo;&nbsp;<\/em>Tribina KIC,&nbsp;12. velja\u010de&nbsp;2009.<br \/>\n<\/span>\n<\/td>\n<\/tr>\n<tr>\n<td width=\"10\" valign=\"top\">\n<span style=\"line-height: 170%;;\"><br \/>\n\u2013<\/span>\n<\/td>\n<td>\n<span style=\"line-height: 170%;\"><br \/>\n&bdquo;<em>Ekologija medija<\/em>&ldquo; Tribina KIC, 26. velja\u010de 2009.<\/span>\n<\/td>\n<\/tr>\n<tr>\n<td width=\"10\" valign=\"top\">\n<span style=\"line-height: 170%;;\"><br \/>\n\u2013<\/span>\n<\/td>\n<td>\n<span style=\"line-height: 170%;\"><br \/>\n&bdquo;<em>Vjera i mediji&ldquo;&nbsp;<\/em>Tribina KIC, 12. o\u017eujka&nbsp;2009.<br \/>\n<\/span>\n<\/td>\n<\/tr>\n<tr>\n<td width=\"10\" valign=\"top\">\n<span style=\"line-height: 170%;;\"><br \/>\n\u2013<\/span>\n<\/td>\n<td>\n<span style=\"line-height: 170%;\"><br \/>\n&bdquo;<em>\u017didovstvo<\/em>&nbsp;<em>i mediji&ldquo;&nbsp;<\/em>Tribina KIC,&nbsp;26.  o\u017eujka&nbsp;2009.<\/span>\n<\/td>\n<\/tr>\n<tr>\n<td width=\"10\" valign=\"top\">\n<span style=\"line-height: 170%;;\"><br \/>\n\u2013<\/span>\n<\/td>\n<td>\n<span style=\"line-height: 170%;\"><br \/>\n&bdquo;<em>Kraj televizije&ldquo;&nbsp;<\/em>Tribina KIC, 16. travnja 2009.<\/span>\n<\/td>\n<\/tr>\n<tr>\n<td width=\"10\" valign=\"top\">\n<span style=\"line-height: 170%;;\"><br \/>\n\u2013<\/span>\n<\/td>\n<td>\n<span style=\"line-height: 170%;\"><br \/>\n&bdquo;<em>Medijski zlo\u010din i kazna za medije&ldquo;&nbsp;<\/em>Tribina KIC, 7.  svibnja&nbsp;2009.<br \/>\n<\/span>\n<\/td>\n<\/tr>\n<tr>\n<td width=\"10\" valign=\"top\">\n<span style=\"line-height: 170%;;\"><br \/>\n\u2013<\/span>\n<\/td>\n<td>\n<span style=\"line-height: 170%;\"><br \/>\n&bdquo;<em>Medijska reformacija&ldquo;&nbsp;<\/em>Tribina KIC,&nbsp;21.  svibnja&nbsp;2009.&nbsp;<br \/>\n<\/span>\n<\/td>\n<\/tr>\n<tr>\n<td width=\"10\" valign=\"top\">\n<span style=\"line-height: 170%;;\"><br \/>\n\u2013<\/span>\n<\/td>\n<td>\n<span style=\"line-height: 170%;\"><br \/>\n<em>&bdquo;Gra\u0111anska kontrola medijskih korporacija&ldquo;,<\/em>&nbsp;Tribina KIC, u o\u017eujku 2011.<br \/>\n<\/span>\n<\/td>\n<\/tr>\n<tr>\n<td width=\"10\" valign=\"top\">\n<span style=\"line-height: 170%;;\"><br \/>\n\u2013<\/span>\n<\/td>\n<td>\n<span style=\"line-height: 170%;\"><br \/>\n<em>&bdquo;Politika, mediji, prosvjedi&ldquo;<\/em>, Tribina KIC, u travnju 2011.<br \/>\n<\/span>\n<\/td>\n<\/tr>\n<tr>\n<td width=\"10\" valign=\"top\">\n<span style=\"line-height: 170%;;\"><br \/>\n\u2013<\/span>\n<\/td>\n<td>\n<span style=\"line-height: 170%;\"><br \/>\n<em>&bdquo;Televizija \u2013 javni servis ili servis politi\u010dara&ldquo;,<\/em>&nbsp;Tribina KIC, u svibnju 2011.<br \/>\n<\/span>\n<\/td>\n<\/tr>\n<\/tbody>\n<\/table>\n<\/div>\n","protected":false},"excerpt":{"rendered":"<p>Sead Ali\u0107 ro\u0111en je 1956. u Donjoj Vraci kod Zenice (BiH). Na Filozofskom fakultetu Sveu\u010dili\u0161ta u Zagrebu studirao je i diplomirao filozofiju i jugoslavistiku. Kao student bio je demonstrator profesoru Danku Grli\u0107u te urednik u redakciji Studentskog lista. Tijekom 1980-ih i 1990-ih radio je sljede\u0107e poslove: urednik i voditelj na zagreba\u010dkom Radiju 101; honorarni asistent [&hellip;]<\/p>\n","protected":false},"author":2,"featured_media":0,"comment_status":"open","ping_status":"open","sticky":false,"template":"","format":"standard","meta":{"_acf_changed":false,"_et_pb_use_builder":"","_et_pb_old_content":"","_et_gb_content_width":"","footnotes":""},"categories":[33],"tags":[121],"class_list":["post-165","post","type-post","status-publish","format-standard","hentry","category-o-autorima","tag-sead-alic","et-doesnt-have-format-content","et_post_format-et-post-format-standard"],"acf":[],"yoast_head":"<!-- This site is optimized with the Yoast SEO plugin v27.4 - https:\/\/yoast.com\/product\/yoast-seo-wordpress\/ -->\n<title>Sead Ali\u0107 - In Medias Res - \u010casopis centra za filozofiju medija<\/title>\n<meta name=\"robots\" content=\"index, follow, max-snippet:-1, max-image-preview:large, max-video-preview:-1\" \/>\n<link rel=\"canonical\" href=\"https:\/\/centar-fm.org\/inmediasres\/index.php\/seadalic\/\" \/>\n<meta property=\"og:locale\" content=\"en_US\" \/>\n<meta property=\"og:type\" content=\"article\" \/>\n<meta property=\"og:title\" content=\"Sead Ali\u0107 - In Medias Res - \u010casopis centra za filozofiju medija\" \/>\n<meta property=\"og:description\" content=\"Sead Ali\u0107 ro\u0111en je 1956. u Donjoj Vraci kod Zenice (BiH). Na Filozofskom fakultetu Sveu\u010dili\u0161ta u Zagrebu studirao je i diplomirao filozofiju i jugoslavistiku. Kao student bio je demonstrator profesoru Danku Grli\u0107u te urednik u redakciji Studentskog lista. Tijekom 1980-ih i 1990-ih radio je sljede\u0107e poslove: urednik i voditelj na zagreba\u010dkom Radiju 101; honorarni asistent [&hellip;]\" \/>\n<meta property=\"og:url\" content=\"https:\/\/centar-fm.org\/inmediasres\/index.php\/seadalic\/\" \/>\n<meta property=\"og:site_name\" content=\"In Medias Res - \u010casopis centra za filozofiju medija\" \/>\n<meta property=\"article:published_time\" content=\"2011-11-22T13:28:27+00:00\" \/>\n<meta name=\"author\" content=\"Super User\" \/>\n<meta name=\"twitter:card\" content=\"summary_large_image\" \/>\n<meta name=\"twitter:label1\" content=\"Written by\" \/>\n\t<meta name=\"twitter:data1\" content=\"Super User\" \/>\n\t<meta name=\"twitter:label2\" content=\"Est. reading time\" \/>\n\t<meta name=\"twitter:data2\" content=\"19 minutes\" \/>\n<script type=\"application\/ld+json\" class=\"yoast-schema-graph\">{\"@context\":\"https:\\\/\\\/schema.org\",\"@graph\":[{\"@type\":\"Article\",\"@id\":\"https:\\\/\\\/centar-fm.org\\\/inmediasres\\\/index.php\\\/seadalic\\\/#article\",\"isPartOf\":{\"@id\":\"https:\\\/\\\/centar-fm.org\\\/inmediasres\\\/index.php\\\/seadalic\\\/\"},\"author\":{\"name\":\"Super User\",\"@id\":\"https:\\\/\\\/centar-fm.org\\\/inmediasres\\\/#\\\/schema\\\/person\\\/ae49dcc23965665608f66120db8245a4\"},\"headline\":\"Sead Ali\u0107\",\"datePublished\":\"2011-11-22T13:28:27+00:00\",\"mainEntityOfPage\":{\"@id\":\"https:\\\/\\\/centar-fm.org\\\/inmediasres\\\/index.php\\\/seadalic\\\/\"},\"wordCount\":3844,\"commentCount\":0,\"keywords\":[\"Sead Ali\u0107\"],\"articleSection\":[\"O autorima\"],\"inLanguage\":\"en-US\",\"potentialAction\":[{\"@type\":\"CommentAction\",\"name\":\"Comment\",\"target\":[\"https:\\\/\\\/centar-fm.org\\\/inmediasres\\\/index.php\\\/seadalic\\\/#respond\"]}]},{\"@type\":\"WebPage\",\"@id\":\"https:\\\/\\\/centar-fm.org\\\/inmediasres\\\/index.php\\\/seadalic\\\/\",\"url\":\"https:\\\/\\\/centar-fm.org\\\/inmediasres\\\/index.php\\\/seadalic\\\/\",\"name\":\"Sead Ali\u0107 - In Medias Res - \u010casopis centra za filozofiju medija\",\"isPartOf\":{\"@id\":\"https:\\\/\\\/centar-fm.org\\\/inmediasres\\\/#website\"},\"datePublished\":\"2011-11-22T13:28:27+00:00\",\"author\":{\"@id\":\"https:\\\/\\\/centar-fm.org\\\/inmediasres\\\/#\\\/schema\\\/person\\\/ae49dcc23965665608f66120db8245a4\"},\"breadcrumb\":{\"@id\":\"https:\\\/\\\/centar-fm.org\\\/inmediasres\\\/index.php\\\/seadalic\\\/#breadcrumb\"},\"inLanguage\":\"en-US\",\"potentialAction\":[{\"@type\":\"ReadAction\",\"target\":[\"https:\\\/\\\/centar-fm.org\\\/inmediasres\\\/index.php\\\/seadalic\\\/\"]}]},{\"@type\":\"BreadcrumbList\",\"@id\":\"https:\\\/\\\/centar-fm.org\\\/inmediasres\\\/index.php\\\/seadalic\\\/#breadcrumb\",\"itemListElement\":[{\"@type\":\"ListItem\",\"position\":1,\"name\":\"Po\u010detna stranica\",\"item\":\"https:\\\/\\\/centar-fm.org\\\/inmediasres\\\/\"},{\"@type\":\"ListItem\",\"position\":2,\"name\":\"Sead Ali\u0107\"}]},{\"@type\":\"WebSite\",\"@id\":\"https:\\\/\\\/centar-fm.org\\\/inmediasres\\\/#website\",\"url\":\"https:\\\/\\\/centar-fm.org\\\/inmediasres\\\/\",\"name\":\"In Medias Res - \u010casopis centra za filozofiju medija\",\"description\":\"\",\"potentialAction\":[{\"@type\":\"SearchAction\",\"target\":{\"@type\":\"EntryPoint\",\"urlTemplate\":\"https:\\\/\\\/centar-fm.org\\\/inmediasres\\\/?s={search_term_string}\"},\"query-input\":{\"@type\":\"PropertyValueSpecification\",\"valueRequired\":true,\"valueName\":\"search_term_string\"}}],\"inLanguage\":\"en-US\"},{\"@type\":\"Person\",\"@id\":\"https:\\\/\\\/centar-fm.org\\\/inmediasres\\\/#\\\/schema\\\/person\\\/ae49dcc23965665608f66120db8245a4\",\"name\":\"Super User\",\"image\":{\"@type\":\"ImageObject\",\"inLanguage\":\"en-US\",\"@id\":\"https:\\\/\\\/secure.gravatar.com\\\/avatar\\\/5ac3fc5ccca7755fa3f558fed4a39be2232c6585e68bd398c790d57375dde921?s=96&d=mm&r=g\",\"url\":\"https:\\\/\\\/secure.gravatar.com\\\/avatar\\\/5ac3fc5ccca7755fa3f558fed4a39be2232c6585e68bd398c790d57375dde921?s=96&d=mm&r=g\",\"contentUrl\":\"https:\\\/\\\/secure.gravatar.com\\\/avatar\\\/5ac3fc5ccca7755fa3f558fed4a39be2232c6585e68bd398c790d57375dde921?s=96&d=mm&r=g\",\"caption\":\"Super User\"},\"url\":\"https:\\\/\\\/centar-fm.org\\\/inmediasres\\\/index.php\\\/author\\\/amynovcfmweb\\\/\"}]}<\/script>\n<!-- \/ Yoast SEO plugin. -->","yoast_head_json":{"title":"Sead Ali\u0107 - In Medias Res - \u010casopis centra za filozofiju medija","robots":{"index":"index","follow":"follow","max-snippet":"max-snippet:-1","max-image-preview":"max-image-preview:large","max-video-preview":"max-video-preview:-1"},"canonical":"https:\/\/centar-fm.org\/inmediasres\/index.php\/seadalic\/","og_locale":"en_US","og_type":"article","og_title":"Sead Ali\u0107 - In Medias Res - \u010casopis centra za filozofiju medija","og_description":"Sead Ali\u0107 ro\u0111en je 1956. u Donjoj Vraci kod Zenice (BiH). Na Filozofskom fakultetu Sveu\u010dili\u0161ta u Zagrebu studirao je i diplomirao filozofiju i jugoslavistiku. Kao student bio je demonstrator profesoru Danku Grli\u0107u te urednik u redakciji Studentskog lista. Tijekom 1980-ih i 1990-ih radio je sljede\u0107e poslove: urednik i voditelj na zagreba\u010dkom Radiju 101; honorarni asistent [&hellip;]","og_url":"https:\/\/centar-fm.org\/inmediasres\/index.php\/seadalic\/","og_site_name":"In Medias Res - \u010casopis centra za filozofiju medija","article_published_time":"2011-11-22T13:28:27+00:00","author":"Super User","twitter_card":"summary_large_image","twitter_misc":{"Written by":"Super User","Est. reading time":"19 minutes"},"schema":{"@context":"https:\/\/schema.org","@graph":[{"@type":"Article","@id":"https:\/\/centar-fm.org\/inmediasres\/index.php\/seadalic\/#article","isPartOf":{"@id":"https:\/\/centar-fm.org\/inmediasres\/index.php\/seadalic\/"},"author":{"name":"Super User","@id":"https:\/\/centar-fm.org\/inmediasres\/#\/schema\/person\/ae49dcc23965665608f66120db8245a4"},"headline":"Sead Ali\u0107","datePublished":"2011-11-22T13:28:27+00:00","mainEntityOfPage":{"@id":"https:\/\/centar-fm.org\/inmediasres\/index.php\/seadalic\/"},"wordCount":3844,"commentCount":0,"keywords":["Sead Ali\u0107"],"articleSection":["O autorima"],"inLanguage":"en-US","potentialAction":[{"@type":"CommentAction","name":"Comment","target":["https:\/\/centar-fm.org\/inmediasres\/index.php\/seadalic\/#respond"]}]},{"@type":"WebPage","@id":"https:\/\/centar-fm.org\/inmediasres\/index.php\/seadalic\/","url":"https:\/\/centar-fm.org\/inmediasres\/index.php\/seadalic\/","name":"Sead Ali\u0107 - In Medias Res - \u010casopis centra za filozofiju medija","isPartOf":{"@id":"https:\/\/centar-fm.org\/inmediasres\/#website"},"datePublished":"2011-11-22T13:28:27+00:00","author":{"@id":"https:\/\/centar-fm.org\/inmediasres\/#\/schema\/person\/ae49dcc23965665608f66120db8245a4"},"breadcrumb":{"@id":"https:\/\/centar-fm.org\/inmediasres\/index.php\/seadalic\/#breadcrumb"},"inLanguage":"en-US","potentialAction":[{"@type":"ReadAction","target":["https:\/\/centar-fm.org\/inmediasres\/index.php\/seadalic\/"]}]},{"@type":"BreadcrumbList","@id":"https:\/\/centar-fm.org\/inmediasres\/index.php\/seadalic\/#breadcrumb","itemListElement":[{"@type":"ListItem","position":1,"name":"Po\u010detna stranica","item":"https:\/\/centar-fm.org\/inmediasres\/"},{"@type":"ListItem","position":2,"name":"Sead Ali\u0107"}]},{"@type":"WebSite","@id":"https:\/\/centar-fm.org\/inmediasres\/#website","url":"https:\/\/centar-fm.org\/inmediasres\/","name":"In Medias Res - \u010casopis centra za filozofiju medija","description":"","potentialAction":[{"@type":"SearchAction","target":{"@type":"EntryPoint","urlTemplate":"https:\/\/centar-fm.org\/inmediasres\/?s={search_term_string}"},"query-input":{"@type":"PropertyValueSpecification","valueRequired":true,"valueName":"search_term_string"}}],"inLanguage":"en-US"},{"@type":"Person","@id":"https:\/\/centar-fm.org\/inmediasres\/#\/schema\/person\/ae49dcc23965665608f66120db8245a4","name":"Super User","image":{"@type":"ImageObject","inLanguage":"en-US","@id":"https:\/\/secure.gravatar.com\/avatar\/5ac3fc5ccca7755fa3f558fed4a39be2232c6585e68bd398c790d57375dde921?s=96&d=mm&r=g","url":"https:\/\/secure.gravatar.com\/avatar\/5ac3fc5ccca7755fa3f558fed4a39be2232c6585e68bd398c790d57375dde921?s=96&d=mm&r=g","contentUrl":"https:\/\/secure.gravatar.com\/avatar\/5ac3fc5ccca7755fa3f558fed4a39be2232c6585e68bd398c790d57375dde921?s=96&d=mm&r=g","caption":"Super User"},"url":"https:\/\/centar-fm.org\/inmediasres\/index.php\/author\/amynovcfmweb\/"}]}},"_links":{"self":[{"href":"https:\/\/centar-fm.org\/inmediasres\/index.php\/wp-json\/wp\/v2\/posts\/165","targetHints":{"allow":["GET"]}}],"collection":[{"href":"https:\/\/centar-fm.org\/inmediasres\/index.php\/wp-json\/wp\/v2\/posts"}],"about":[{"href":"https:\/\/centar-fm.org\/inmediasres\/index.php\/wp-json\/wp\/v2\/types\/post"}],"author":[{"embeddable":true,"href":"https:\/\/centar-fm.org\/inmediasres\/index.php\/wp-json\/wp\/v2\/users\/2"}],"replies":[{"embeddable":true,"href":"https:\/\/centar-fm.org\/inmediasres\/index.php\/wp-json\/wp\/v2\/comments?post=165"}],"version-history":[{"count":0,"href":"https:\/\/centar-fm.org\/inmediasres\/index.php\/wp-json\/wp\/v2\/posts\/165\/revisions"}],"wp:attachment":[{"href":"https:\/\/centar-fm.org\/inmediasres\/index.php\/wp-json\/wp\/v2\/media?parent=165"}],"wp:term":[{"taxonomy":"category","embeddable":true,"href":"https:\/\/centar-fm.org\/inmediasres\/index.php\/wp-json\/wp\/v2\/categories?post=165"},{"taxonomy":"post_tag","embeddable":true,"href":"https:\/\/centar-fm.org\/inmediasres\/index.php\/wp-json\/wp\/v2\/tags?post=165"}],"curies":[{"name":"wp","href":"https:\/\/api.w.org\/{rel}","templated":true}]}}