{"id":243,"date":"2011-11-23T16:23:10","date_gmt":"2011-11-23T16:23:10","guid":{"rendered":"https:\/\/sweet-mcclintock.194-60-87-163.plesk.page\/inmediasres\/2011\/11\/23\/naslov5\/"},"modified":"2011-11-23T16:23:10","modified_gmt":"2011-11-23T16:23:10","slug":"naslov5","status":"publish","type":"post","link":"https:\/\/centar-fm.org\/inmediasres\/index.php\/naslov5\/","title":{"rendered":"naslovnica br.5"},"content":{"rendered":"<table border=\"0\" cellspacing=\"0\" cellpadding=\"0\">\n<tbody>\n<tr>\n<td valign=\"top\" width=\"370\">\n<p><a href=\"index.php\/in-medias-res-broj5\"><\/a><\/p>\n<p style=\"text-align: center;\">&nbsp;<\/p>\n<p style=\"line-height: 170%; text-align: center;\">\n<a href=\"http:\/\/www.centar-fm.org\/inmediasres\/images\/pdf\/5\/cijeli casopis inmediasres05hrv.pdf\"><br \/>\n<img loading=\"lazy\" decoding=\"async\" class=\" size-full wp-image-108\" alt=\"adobe pdf_icon\" src=\"https:\/\/centar-fm.org\/inmediasres\/wp-content\/uploads\/sites\/2\/2011\/11\/adobe_pdf_icon.png\" width=\"55\" height=\"52\" title=\"InMediasRes\" onmouseout=\"this.src='https:\/\/centar-fm.org\/inmediasres\/wp-content\/uploads\/sites\/2\/2011\/11\/adobe_pdf_icon.png';\" onmouseover=\"this.src='images\/casopisi\/adobe_pdf_iconbless.png';\" \/><br \/>\n<\/a>\n<\/p>\n<p style=\"line-height: 170%; text-align: center;\"><strong>IN MEDIAS RES <\/strong><br \/> \u010dasopis filozofije medija <\/p>\n<p class=\"MsoNormal\" style=\"line-height: 50%;\">&nbsp;<\/p>\n<p style=\"line-height: 170%; text-align: center;\">Izdava\u010d \u010dasopisa:<br \/> Centar za filozofiju medija i mediolo\u0161ka istra\u017eivanja (Zagreb)<\/p>\n<p class=\"MsoNormal\" style=\"line-height: 50%;\">&nbsp;<\/p>\n<p style=\"line-height: 170%; text-align: center;\">Adresa: Petrovogorska 18, 10000 Zagreb <\/p>\n<p class=\"MsoNormal\" style=\"line-height: 50%;\">&nbsp;<\/p>\n<p style=\"line-height: 170%; text-align: center;\">\nE-mail: inmediasres@centar-fm.org<\/p>\n<p class=\"MsoNormal\" style=\"line-height: 50%;\">&nbsp;<\/p>\n<p style=\"line-height: 170%; text-align: center;\">\nGODINA 3 (2014) broj 5<\/p>\n<p style=\"line-height: 100%; text-align: center;\">&nbsp;<\/p>\n<hr \/>\n<p style=\"line-height: 170%; text-align: center;\">\n<a rel=\"license\" href=\"http:\/\/creativecommons.org\/licenses\/by-nc\/4.0\/\"><img decoding=\"async\" alt=\"Creative Commons licenca\" style=\"border-width:0\" src=\"https:\/\/i.creativecommons.org\/l\/by-nc\/4.0\/88x31.png\" \/><\/a><br \/>\u010casopis je otvorenog pristupa, a ovo djelo je dano na kori\u0161tenje pod licencom <a rel=\"license\" href=\"http:\/\/creativecommons.org\/licenses\/by-nc\/4.0\/\"><strong>Creative Commons Imenovanje-Nekomercijalno 4.0 me\u0111unarodna<\/strong><\/a>.<\/p>\n<\/td>\n<td valign=\"top\" width=\"20\">\n<p style=\"line-height: 100%; text-align: center;\">&nbsp;<\/p>\n<\/td>\n<td valign=\"top\">\n<p style=\"line-height: 200%;\"><strong>ISSN 1848-6304<\/strong><\/p>\n<p style=\"line-height: 200%;\"><strong>UDK 316.774:1<\/strong><\/p>\n<p style=\"line-height: 200%;\"><strong>Vol 3, br. 5, 2014.<\/strong><\/p>\n<p style=\"line-height: 200%;\"><strong><em>Sadr\u017eaj<\/em><\/strong><\/p>\n<p style=\"text-align: center; line-height: 50%;\" align=\"center\">&nbsp;<\/p>\n<table style=\"background-color: #eceff2;\" border=\"0\">\n<tbody>\n<tr>\n<td valign=\"top\" width=\"110\"><span style=\"color: #000000;\"><span style=\"color: #000000;\"><a href=\"http:\/\/www.centar-fm.org\/inmediasres\/index.php\/in-medias-res-broj5#1inmediasres05\">Jelena J. Rvovi\u0107:<\/a><\/span><\/span><\/td>\n<td valign=\"top\"><span style=\"color: #000000;\"><a href=\"http:\/\/www.centar-fm.org\/inmediasres\/index.php\/in-medias-res-broj5#1inmediasres05\"><strong>Netaknuta doslovnost reklame<\/strong><\/a><\/span><\/p>\n<div style=\"height: 5px; overflow:hidden;\">&nbsp;<\/div>\n<p><span style=\"color: #000000;\"><a href=\"http:\/\/www.centar-fm.org\/inmediasres\/index.php\/in-medias-res-broj5#1inmediasres05\"><strong>Untouched Literal Meaning in Advertising<\/strong><\/a><\/span>\n<\/td>\n<\/tr>\n<tr>\n<td valign=\"top\" width=\"110\">\n<div style=\"height: 6px; overflow:hidden;\">\n<\/div>\n<\/td>\n<td>\n<div style=\"height: 6px; overflow:hidden;\">\n<\/div>\n<\/td>\n<\/tr>\n<tr>\n<td width=\"110\" valign=\"top\"><span style=\"color: #000000;\"><a href=\"http:\/\/www.centar-fm.org\/inmediasres\/index.php\/in-medias-res-broj5#2inmediasres05\">Sla\u0111ana Stamenkovi\u0107 i Vesna Milenkovi\u0107:<\/a><\/span><\/td>\n<td valign=\"top\"><span style=\"color: #000000;\"><a href=\"http:\/\/www.centar-fm.org\/inmediasres\/index.php\/in-medias-res-broj5#2inmediasres05\"><strong>Novinarstvo izme\u0111u slu\u017eenja javnosti i povla\u0111ivanja ukusu publike<\/strong><\/a><\/span><\/p>\n<div style=\"height: 5px; overflow:hidden;\">&nbsp;<\/div>\n<p><span style=\"color: #000000;\"><a href=\"http:\/\/www.centar-fm.org\/inmediasres\/index.php\/in-medias-res-broj5#2inmediasres05\"><strong>Journalism Between Serving the Public and the Acclamation of Audience Taste<\/strong><\/a><\/span>\n<\/td>\n<\/tr>\n<tr>\n<td valign=\"top\" width=\"110\">\n<div style=\"height: 6px; overflow:hidden;\">\n<\/div>\n<\/td>\n<td>\n<div style=\"height: 6px; overflow:hidden;\">\n<\/div>\n<\/td>\n<\/tr>\n<tr>\n<td width=\"110\" valign=\"top\"><span style=\"color: #000000;\"><a href=\"http:\/\/www.centar-fm.org\/inmediasres\/index.php\/in-medias-res-broj5#3inmediasres05\">Ljiljana Mani\u0107, Marija Aleksi\u0107 i Mileva Pavlovi\u0107:<\/a><\/span><\/td>\n<td valign=\"top\"><span style=\"color: #000000;\"><a href=\"http:\/\/www.centar-fm.org\/inmediasres\/index.php\/in-medias-res-broj5#3inmediasres05\"><strong>Suvremena izlaga\u010dka praksa: nove tendencije u prikazivanju kulturnog naslije\u0111a<\/strong><\/a><\/span><\/p>\n<div style=\"height: 5px; overflow:hidden;\">&nbsp;<\/div>\n<p><span style=\"color: #000000;\"><a href=\"http:\/\/www.centar-fm.org\/inmediasres\/index.php\/in-medias-res-broj5#3inmediasres05\"><strong>Contemporary Practice of Presentation: New Tendencies in Showing the  Cultural Heritage<\/strong><\/a><\/span>\n<\/td>\n<\/tr>\n<tr>\n<td valign=\"top\" width=\"110\">\n<div style=\"height: 6px; overflow:hidden;\">\n<\/div>\n<\/td>\n<td>\n<div style=\"height: 6px; overflow:hidden;\">\n<\/div>\n<\/td>\n<\/tr>\n<tr>\n<td width=\"110\" valign=\"top\"><span style=\"color: #000000;\"><a href=\"http:\/\/www.centar-fm.org\/inmediasres\/index.php\/in-medias-res-broj5#4inmediasres05\">Miomir Petrovi\u0107 i Ivana Ercegovac:<\/a><\/span><\/td>\n<td valign=\"top\"><span style=\"color: #000000;\"><a href=\"http:\/\/www.centar-fm.org\/inmediasres\/index.php\/in-medias-res-broj5#4inmediasres05\"><strong>Elipsa suvremenog \u010ditanja ili \u017eanrovske besmislice<\/strong><\/a><\/span><\/p>\n<div style=\"height: 5px; overflow:hidden;\">&nbsp;<\/div>\n<p><span style=\"color: #000000;\"><a href=\"http:\/\/www.centar-fm.org\/inmediasres\/index.php\/in-medias-res-broj5#4inmediasres05\"><strong>The Ellipse of Contemporary Reading or the Genre Nonsense<\/strong><\/a><\/span>\n<\/td>\n<\/tr>\n<tr>\n<td valign=\"top\" width=\"110\">\n<div style=\"height: 6px; overflow:hidden;\">\n<\/div>\n<\/td>\n<td>\n<div style=\"height: 6px; overflow:hidden;\">\n<\/div>\n<\/td>\n<\/tr>\n<tr>\n<td width=\"110\" valign=\"top\"><span style=\"color: #000000;\"><a href=\"http:\/\/www.centar-fm.org\/inmediasres\/index.php\/in-medias-res-broj5#5inmediasres05\">Sanja Doki\u0107 Mr\u0161a i Nata\u0161a Miljevi\u0107 Jovanovi\u0107:<\/a><\/span><\/td>\n<td valign=\"top\"><span style=\"color: #000000;\"><a href=\"http:\/\/www.centar-fm.org\/inmediasres\/index.php\/in-medias-res-broj5#5inmediasres05\"><strong>Postavljanje dnevnog reda \u2013 bosanskohercegova\u010dka medijska agenda<br \/>\n<\/strong><\/a><\/span><\/p>\n<div style=\"height: 5px; overflow:hidden;\">&nbsp;<\/div>\n<p><span style=\"color: #000000;\"><a href=\"http:\/\/www.centar-fm.org\/inmediasres\/index.php\/in-medias-res-broj5#5inmediasres05\"><strong>Agenda Setting Theory: Media\u2019s Agenda in Bosnia &#038; Herzegovina<\/strong><\/a><\/span>\n<\/td>\n<\/tr>\n<tr>\n<td valign=\"top\" width=\"110\">\n<div style=\"height: 6px; overflow:hidden;\">\n<\/div>\n<\/td>\n<td>\n<div style=\"height: 6px; overflow:hidden;\">\n<\/div>\n<\/td>\n<\/tr>\n<tr>\n<td width=\"110\" valign=\"top\"><span style=\"color: #000000;\"><a href=\"http:\/\/www.centar-fm.org\/inmediasres\/index.php\/in-medias-res-broj5#6inmediasres05\">Melita Pavlek:<\/a><\/span><\/td>\n<td valign=\"top\"><span style=\"color: #000000;\"><a href=\"http:\/\/www.centar-fm.org\/inmediasres\/index.php\/in-medias-res-broj5#6inmediasres05\"><strong>Komunikacija u lokalnoj zajednici (primjer Koprivnice)<\/strong><\/a><\/span><\/p>\n<div style=\"height: 5px; overflow:hidden;\">&nbsp;<\/div>\n<p><span style=\"color: #000000;\"><a href=\"http:\/\/www.centar-fm.org\/inmediasres\/index.php\/in-medias-res-broj5#6inmediasres05\"><strong>Communication in Local Community (Koprivnica Case Study)<\/strong><\/a><\/span>\n<\/td>\n<\/tr>\n<tr>\n<td valign=\"top\" width=\"110\">\n<div style=\"height: 6px; overflow:hidden;\">\n<\/div>\n<\/td>\n<td>\n<div style=\"height: 6px; overflow:hidden;\">\n<\/div>\n<\/td>\n<\/tr>\n<tr>\n<td width=\"110\" valign=\"top\"><span style=\"color: #000000;\"><a href=\"http:\/\/www.centar-fm.org\/inmediasres\/index.php\/in-medias-res-broj5#7inmediasres05\">Nata\u0161a Ru\u017ei\u0107:<\/a><\/span><\/td>\n<td valign=\"top\"><span style=\"color: #000000;\"><a href=\"http:\/\/www.centar-fm.org\/inmediasres\/index.php\/in-medias-res-broj5#7inmediasres05\"><strong>Ure\u0111iva\u010dka politika \u2013 klju\u010dni faktor pri izvje\u0161tavanju o europskim integracijama u crnogorskim tiskanim medijima<\/strong><\/a><\/span><\/p>\n<div style=\"height: 5px; overflow:hidden;\">&nbsp;<\/div>\n<p><span style=\"color: #000000;\"><a href=\"http:\/\/www.centar-fm.org\/inmediasres\/index.php\/in-medias-res-broj5#7inmediasres05\"><strong>Editorial Policy as the Key Factor in Reporting on European Integration in Montenegrin Print Media<\/strong><\/a><\/span>\n<\/td>\n<\/tr>\n<tr>\n<td valign=\"top\" width=\"110\">\n<div style=\"height: 6px; overflow:hidden;\">\n<\/div>\n<\/td>\n<td>\n<div style=\"height: 6px; overflow:hidden;\">\n<\/div>\n<\/td>\n<\/tr>\n<tr>\n<td width=\"110\" valign=\"top\"><span style=\"color: #000000;\"><a href=\"http:\/\/www.centar-fm.org\/inmediasres\/index.php\/in-medias-res-broj5#8inmediasres05\">Franjo Maleti\u0107:<\/a><\/span><\/td>\n<td valign=\"top\"><span style=\"color: #000000;\"><a href=\"http:\/\/www.centar-fm.org\/inmediasres\/index.php\/in-medias-res-broj5#8inmediasres05\"><strong>Informacija je ponovo \u201ein\u201d <\/strong><\/a><\/span><\/p>\n<div style=\"height: 5px; overflow:hidden;\">&nbsp;<\/div>\n<p><span style=\"color: #000000;\"><a href=\"http:\/\/www.centar-fm.org\/inmediasres\/index.php\/in-medias-res-broj5#8inmediasres05\"><strong>Information is \u201cIn\u201d again<\/strong><\/a><\/span>\n<\/td>\n<\/tr>\n<tr>\n<td valign=\"top\" width=\"110\">\n<div style=\"height: 6px; overflow:hidden;\">\n<\/div>\n<\/td>\n<td>\n<div style=\"height: 6px; overflow:hidden;\">\n<\/div>\n<\/td>\n<\/tr>\n<tr>\n<td width=\"110\" valign=\"top\"><span style=\"color: #000000;\"><a href=\"http:\/\/www.centar-fm.org\/inmediasres\/index.php\/in-medias-res-broj5#9inmediasres05\">Trina Mjeda:<\/a><\/span><\/td>\n<td valign=\"top\"><span style=\"color: #000000;\"><a href=\"http:\/\/www.centar-fm.org\/inmediasres\/index.php\/in-medias-res-broj5#9inmediasres05\"><strong>Medij kao medij (izme\u0111u brenda i \u010dovjeka)<\/strong><\/a><\/span><\/p>\n<div style=\"height: 5px; overflow:hidden;\">&nbsp;<\/div>\n<p><span style=\"color: #000000;\"><a href=\"http:\/\/www.centar-fm.org\/inmediasres\/index.php\/in-medias-res-broj5#9inmediasres05\"><strong>Media as a Medium (Between the Brand and Man)<\/strong><\/a><\/span>\n<\/td>\n<\/tr>\n<tr>\n<td valign=\"top\" width=\"110\">\n<div style=\"height: 6px; overflow:hidden;\">\n<\/div>\n<\/td>\n<td>\n<div style=\"height: 6px; overflow:hidden;\">\n<\/div>\n<\/td>\n<\/tr>\n<tr>\n<td valign=\"top\" width=\"110\"><span style=\"color: #000000;\"><a href=\"http:\/\/www.centar-fm.org\/inmediasres\/index.php\/in-medias-res-broj5#10inmediasres05\">Aleksandra Bokan:<\/a><\/span><\/td>\n<td valign=\"top\"><span style=\"color: #000000;\"><a href=\"http:\/\/www.centar-fm.org\/inmediasres\/index.php\/in-medias-res-broj5#10inmediasres05\"><strong>Recept za ljubav \u2013 od ljubi\u0107a do siteova za date \u2013 utjecaj emocija na kreiranje medija i <em>vice versa<\/em><\/strong><\/a><\/span><\/p>\n<div style=\"height: 5px; overflow:hidden;\">&nbsp;<\/div>\n<p><span style=\"color: #000000;\"><a href=\"http:\/\/www.centar-fm.org\/inmediasres\/index.php\/in-medias-res-broj5#10inmediasres05\"><strong>Recipe for Love \u2013 from Romance Novels to Dating Sites &#8211; The Impact of Emotions on Creating Media and Vice Versa \u2013<\/strong><\/a><\/span>\n<\/td>\n<\/tr>\n<tr>\n<td width=\"110\" valign=\"top\"><span style=\"color: #000000;\"><a href=\"http:\/\/www.centar-fm.org\/inmediasres\/index.php\/in-medias-res-broj5#11inmediasres05\">Jadranka Bo\u017ei\u0107:<\/a><\/span><\/td>\n<td valign=\"top\"><span style=\"color: #000000;\"><a href=\"http:\/\/www.centar-fm.org\/inmediasres\/index.php\/in-medias-res-broj5#11inmediasres05\"><strong>Umjetnost, mediji i kapital<\/strong><\/a><\/span><\/p>\n<div style=\"height: 5px; overflow:hidden;\">&nbsp;<\/div>\n<p><span style=\"color: #000000;\"><a href=\"http:\/\/www.centar-fm.org\/inmediasres\/index.php\/in-medias-res-broj5#11inmediasres05\"><strong>Art, Media and Capital<\/strong><\/a><\/span>\n<\/td>\n<\/tr>\n<tr>\n<td valign=\"top\" width=\"110\">\n<div style=\"height: 6px; overflow:hidden;\">\n<\/div>\n<\/td>\n<td>\n<div style=\"height: 6px; overflow:hidden;\">\n<\/div>\n<\/td>\n<\/tr>\n<tr>\n<td width=\"110\" valign=\"top\"><span style=\"color: #000000;\"><a href=\"http:\/\/www.centar-fm.org\/inmediasres\/index.php\/in-medias-res-broj5#12inmediasres05\">Nikola Dedi\u0107:<\/a><\/span><\/td>\n<td valign=\"top\"><span style=\"color: #000000;\"><a href=\"http:\/\/www.centar-fm.org\/inmediasres\/index.php\/in-medias-res-broj5#12inmediasres05\"><strong>Televizija i javna sfera: funkcija realisti\u010dkog narativa u seriji <em>The Wire<\/em><\/strong><\/a><\/span><\/p>\n<div style=\"height: 5px; overflow:hidden;\">&nbsp;<\/div>\n<p><span style=\"color: #000000;\"><a href=\"http:\/\/www.centar-fm.org\/inmediasres\/index.php\/in-medias-res-broj5#12inmediasres05\"><strong>Television and the Public Sphere: The Function of the Realistic Narrative in the Wire<\/strong><\/a><\/span>\n<\/td>\n<\/tr>\n<tr>\n<td valign=\"top\" width=\"110\">\n<div style=\"height: 6px; overflow:hidden;\">\n<\/div>\n<\/td>\n<td>\n<div style=\"height: 6px; overflow:hidden;\">\n<\/div>\n<\/td>\n<\/tr>\n<tr>\n<td width=\"110\" valign=\"top\"><span style=\"color: #000000;\"><a href=\"http:\/\/www.centar-fm.org\/inmediasres\/index.php\/in-medias-res-broj5#13inmediasres05\">Vesna Ivezi\u0107:<\/a><\/span><\/td>\n<td valign=\"top\"><span style=\"color: #000000;\"><a href=\"http:\/\/www.centar-fm.org\/inmediasres\/index.php\/in-medias-res-broj5#13inmediasres05\"><strong>Etika informiranja \u2013 primjer konstruiranja la\u017ene svijesti<\/strong><\/a><\/span><\/p>\n<div style=\"height: 5px; overflow:hidden;\">&nbsp;<\/div>\n<p><span style=\"color: #000000;\"><a href=\"http:\/\/www.centar-fm.org\/inmediasres\/index.php\/in-medias-res-broj5#13inmediasres05\"><strong>Ethics of Informing \u2013 An Example of Constructing a False Consciousness<\/strong><\/a><\/span>\n<\/td>\n<\/tr>\n<tr>\n<td valign=\"top\" width=\"110\">\n<div style=\"height: 6px; overflow:hidden;\">\n<\/div>\n<\/td>\n<td>\n<div style=\"height: 6px; overflow:hidden;\">\n<\/div>\n<\/td>\n<\/tr>\n<tr>\n<td width=\"110\" valign=\"top\"><span style=\"color: #000000;\"><a href=\"http:\/\/www.centar-fm.org\/inmediasres\/index.php\/in-medias-res-broj5#14inmediasres05\">Ana \u0110urkovi\u0107:<\/a><\/span><\/td>\n<td valign=\"top\"><span style=\"color: #000000;\"><a href=\"http:\/\/www.centar-fm.org\/inmediasres\/index.php\/in-medias-res-broj5#14inmediasres05\"><strong>Nadrealno kao istinito<\/strong><\/a><\/span><\/p>\n<div style=\"height: 5px; overflow:hidden;\">&nbsp;<\/div>\n<p><span style=\"color: #000000;\"><a href=\"http:\/\/www.centar-fm.org\/inmediasres\/index.php\/in-medias-res-broj5#14inmediasres05\"><strong>The Surreal as the Truth<\/strong><\/a><\/span>\n<\/td>\n<\/tr>\n<tr>\n<td valign=\"top\" width=\"110\">\n<div style=\"height: 6px; overflow:hidden;\">\n<\/div>\n<\/td>\n<td>\n<div style=\"height: 6px; overflow:hidden;\">\n<\/div>\n<\/td>\n<\/tr>\n<tr>\n<td width=\"110\" valign=\"top\"><span style=\"color: #000000;\"><a href=\"http:\/\/www.centar-fm.org\/inmediasres\/index.php\/in-medias-res-broj5#15inmediasres05\">Sead Ali\u0107:<\/a><\/span><\/td>\n<td valign=\"top\"><span style=\"color: #000000;\"><a href=\"http:\/\/www.centar-fm.org\/inmediasres\/index.php\/in-medias-res-broj5#15inmediasres05\"><strong>Ni\u010deansko novinarstvo<\/strong><\/a><\/span><\/p>\n<div style=\"height: 5px; overflow:hidden;\">&nbsp;<\/div>\n<p><span style=\"color: #000000;\"><a href=\"http:\/\/www.centar-fm.org\/inmediasres\/index.php\/in-medias-res-broj5#15inmediasres05\"><strong>Nietzschean Journalism<\/strong><\/a><\/span>\n<\/td>\n<\/tr>\n<tr>\n<td valign=\"top\" width=\"110\">\n<div style=\"height: 6px; overflow:hidden;\">\n<\/div>\n<\/td>\n<td>\n<div style=\"height: 6px; overflow:hidden;\">\n<\/div>\n<\/td>\n<\/tr>\n<\/tbody>\n<\/table>\n<div style=\"height: 6px; overflow:hidden;\">&nbsp;<\/div>\n<p style=\"line-height: 150%;\"><span style=\"text-decoration: underline;\">II Stru\u010dni i studentski radovi<\/span><\/p>\n<table style=\"background-color: #eceff2;\" border=\"0\">\n<tbody>\n<tr>\n<td valign=\"top\" width=\"110\"><span style=\"color: #000000;\"><a href=\"http:\/\/www.centar-fm.org\/inmediasres\/index.php\/in-medias-res-broj5#16inmediasres05\">Zdenko Duka:<\/a><\/span><\/td>\n<td valign=\"top\"><span style=\"color: #000000;\"><a href=\"http:\/\/www.centar-fm.org\/inmediasres\/index.php\/in-medias-res-broj5#16inmediasres05\"><strong>Mediji i politika<\/strong><\/a><\/span><\/p>\n<div style=\"height: 5px; overflow:hidden;\">&nbsp;<\/div>\n<p><span style=\"color: #000000;\"><a href=\"http:\/\/www.centar-fm.org\/inmediasres\/index.php\/in-medias-res-broj5#16inmediasres05\"><strong>Media and Politics<\/strong><\/a><\/span>\n<\/td>\n<\/tr>\n<tr>\n<td valign=\"top\" width=\"110\">\n<div style=\"height: 6px; overflow:hidden;\">\n<\/div>\n<\/td>\n<td>\n<div style=\"height: 6px; overflow:hidden;\">\n<\/div>\n<\/td>\n<\/tr>\n<tr>\n<td width=\"110\" valign=\"top\"><span style=\"color: #000000;\"><a href=\"http:\/\/www.centar-fm.org\/inmediasres\/index.php\/in-medias-res-broj5#17inmediasres05\">Nika \u017dganec i Nikola Jozi\u0107:<\/a><\/span><\/td>\n<td valign=\"top\"><span style=\"color: #000000;\"><a href=\"http:\/\/www.centar-fm.org\/inmediasres\/index.php\/in-medias-res-broj5#17inmediasres05\"><strong>Korelacija izme\u0111u PR aktivnosti community managera na dru\u0161tvenim mre\u017eama i percepcije istih od strane <\/p>\n<p>korisnika dru\u0161tvenih mre\u017ea<\/strong><\/a><\/span><\/p>\n<div style=\"height: 5px; overflow:hidden;\">&nbsp;<\/div>\n<p><span style=\"color: #000000;\"><a href=\"http:\/\/www.centar-fm.org\/inmediasres\/index.php\/in-medias-res-broj5#17inmediasres05\"><strong>Correlation between Community Managers PR Activities on Social Networks and the Perception of those Activities by the Users of Social Networks<\/strong><\/a><\/span>\n<\/td>\n<\/tr>\n<tr>\n<td valign=\"top\" width=\"110\">\n<div style=\"height: 6px; overflow:hidden;\">\n<\/div>\n<\/td>\n<td>\n<div style=\"height: 6px; overflow:hidden;\">\n<\/div>\n<\/td>\n<\/tr>\n<\/tbody>\n<\/table>\n<p style=\"line-height: 150%;\">\n<img loading=\"lazy\" decoding=\"async\" class=\" alignleft size-full wp-image-109\" style=\"float: left;\" src=\"https:\/\/centar-fm.org\/inmediasres\/wp-content\/uploads\/sites\/2\/2011\/11\/video32.png\" alt=\"video32\" width=\"20\" height=\"20\" \/><span style=\"text-decoration: underline;\">III Linkovi video izlaganja sa SIMPOZIJA FM 2013.<\/span><img loading=\"lazy\" decoding=\"async\" class=\" size-full wp-image-109\" src=\"https:\/\/centar-fm.org\/inmediasres\/wp-content\/uploads\/sites\/2\/2011\/11\/video32.png\" alt=\"video32\" width=\"20\" height=\"20\" \/><\/p>\n<table border=\"0\" style=\"background-color: #eceff2;\">\n<tbody>\n<tr>\n<td width=\"10\" valign=\"top\"><span style=\"color: #000000;\"><br \/>\n\u2013<br \/>\n<\/span>\n<\/td>\n<td><span style=\"color: #000000;\"><br \/>\n<a href=\"http:\/\/youtu.be\/aEdHpVdi7xI\"><strong><br \/>\nOtvaranje Simpozija FILOZOFIJA MEDIJA (2013.) Mediji i javnost<br \/>\n<\/strong><\/a><br \/>\n<\/span>\n<\/td>\n<\/tr>\n<tr>\n<tr>\n<td width=\"10\" valign=\"top\"><span style=\"color: #000000;\"><br \/>\n\u2013<br \/>\n<\/span>\n<\/td>\n<td><span style=\"color: #000000;\"><br \/>\n<a href=\"http:\/\/youtu.be\/sCR5-qhDG7M\"><strong><br \/>\nDivna Vuksanovi\u0107: Pitanje javnosti \u2013 pornografija suvremenih i novih medija<br \/>\n<\/strong><\/a><br \/>\n<\/span>\n<\/td>\n<\/tr>\n<tr>\n<td width=\"10\" valign=\"top\"><span style=\"color: #000000;\"><br \/>\n\u2013<br \/>\n<\/span>\n<\/td>\n<td><span style=\"color: #000000;\"><br \/>\n<a href=\"http:\/\/youtu.be\/BOCPXW2Kqug\"><strong><br \/>\nSead Ali\u0107: Ni\u010deansko novinarstvo<br \/>\n<\/strong><\/a><br \/>\n<\/span>\n<\/td>\n<\/tr>\n<tr>\n<td width=\"10\" valign=\"top\"><span style=\"color: #000000;\"><br \/>\n\u2013<br \/>\n<\/span>\n<\/td>\n<td><span style=\"color: #000000;\"><br \/>\n<a href=\"http:\/\/youtu.be\/e0PELZzzlv0\"><strong><br \/>\nAnita Jeli\u010di\u0107: Utjecaj virtualnog vremena i prostora na dizajniranje javnosti<br \/>\n<\/strong><\/a><br \/>\n<\/span>\n<\/td>\n<\/tr>\n<tr>\n<td width=\"10\" valign=\"top\"><span style=\"color: #000000;\"><br \/>\n\u2013<br \/>\n<\/span>\n<\/td>\n<td><span style=\"color: #000000;\"><br \/>\n<a href=\"http:\/\/youtu.be\/UH7brlS_ACw\"><strong><br \/>\nBojan Blagojevi\u0107: Mediji, javna sfera i politi\u010dko odlu\u010divanje: debata o mestu i uticaju religije<br \/>\n<\/strong><\/a><br \/>\n<\/span>\n<\/td>\n<\/tr>\n<tr>\n<td width=\"10\" valign=\"top\"><span style=\"color: #000000;\"><br \/>\n\u2013<br \/>\n<\/span>\n<\/td>\n<td><span style=\"color: #000000;\"><br \/>\n<a href=\"http:\/\/youtu.be\/Sis6Vqx-DIk\"><strong><br \/>\nLjiljana Pavlovi\u0107: Reklamni diskurs u hrvatskim medijima kao modus odr\u017eavanja dru\u0161tvenih stereotipa<\/strong><\/a><br \/>\n<\/span>\n<\/td>\n<\/tr>\n<tr>\n<td width=\"10\" valign=\"top\"><span style=\"color: #000000;\"><br \/>\n\u2013<br \/>\n<\/span>\n<\/td>\n<td><span style=\"color: #000000;\"><br \/>\n<a href=\"http:\/\/youtu.be\/vZ1kqQPCNgk\"><strong><br \/>\nDragan \u0106alovi\u0107: Fotografski albumi u funkciji gra\u0111enja popularnog mita<\/strong><\/a><br \/>\n<\/span>\n<\/td>\n<\/tr>\n<tr>\n<td width=\"10\" valign=\"top\"><span style=\"color: #000000;\"><br \/>\n\u2013<br \/>\n<\/span>\n<\/td>\n<td><span style=\"color: #000000;\"><br \/>\n<a href=\"http:\/\/youtu.be\/W3aItRUf_cc\"><strong><br \/>\nNenad Vertov\u0161ek: Javnost kao izgubljeno stado: proizvodnja pristanka i neophodne iluzije<br \/>\n<\/strong><\/a><br \/>\n<\/span>\n<\/td>\n<\/tr>\n<tr>\n<td width=\"10\" valign=\"top\"><span style=\"color: #000000;\"><br \/>\n\u2013<br \/>\n<\/span>\n<\/td>\n<td><span style=\"color: #000000;\"><br \/>\n<a href=\"http:\/\/youtu.be\/aoTze2ErSig\"><strong><br \/>\nDubravka Vali\u0107 Nedeljkovi\u0107: <em>Javnost u doba multimedijske zavodljivosti<\/em><br \/>Komentatori poruka na sadr\u017eaje onlajn medijskih portala u Srbiji: \u201cigra\u201d ili \u017eelja za stvarnom debatom<\/strong><\/a><br \/>\n<\/span>\n<\/td>\n<\/tr>\n<tr>\n<td width=\"10\" valign=\"top\"><span style=\"color: #000000;\"><br \/>\n\u2013<br \/>\n<\/span>\n<\/td>\n<td><span style=\"color: #000000;\"><br \/>\n<a href=\"http:\/\/youtu.be\/6o7e-PLIADg\"><strong><br \/>\nMarko Stamenkovi\u0107: Pikselizirana revolucija<\/strong><\/a><br \/>\n<\/span>\n<\/td>\n<\/tr>\n<tr>\n<td width=\"10\" valign=\"top\"><span style=\"color: #000000;\"><br \/>\n\u2013<br \/>\n<\/span>\n<\/td>\n<td><span style=\"color: #000000;\"><br \/>\n<a href=\"http:\/\/youtu.be\/etBs99zZNuM\"><strong><br \/>\nFahira Fejzi\u0107 \u010cengi\u0107: Transformacija novinarske informacije unutar njenog kognitivnog jezgra \u2013 zarad lak\u0161e manipulacije eterom<br \/>\n<\/strong><\/a><br \/>\n<\/span>\n<\/td>\n<\/tr>\n<tr>\n<td width=\"10\" valign=\"top\"><span style=\"color: #000000;\"><br \/>\n\u2013<br \/>\n<\/span>\n<\/td>\n<td><span style=\"color: #000000;\"><br \/>\n<a href=\"http:\/\/youtu.be\/WmgzEa6jvi0\"><strong><br \/>\n\u017deljko Rutovi\u0107: Spektakl pseudovrijednosti &#8211; medijski monolog i nekriti\u010dka javnost<\/strong><\/a><br \/>\n<\/span>\n<\/td>\n<\/tr>\n<tr>\n<td width=\"10\" valign=\"top\"><span style=\"color: #000000;\"><br \/>\n\u2013<br \/>\n<\/span>\n<\/td>\n<td><span style=\"color: #000000;\"><br \/>\n<a href=\"http:\/\/youtu.be\/zjFV4GWUJ9w\"><strong><br \/>\nIrena Mili\u010di\u0107: Od Spu\u017eve Boba do FB defaulta: za nove strategije u recepciji medija<\/strong><\/a><br \/>\n<\/span>\n<\/td>\n<\/tr>\n<tr>\n<td width=\"10\" valign=\"top\"><span style=\"color: #000000;\"><br \/>\n\u2013<br \/>\n<\/span>\n<\/td>\n<td><span style=\"color: #000000;\"><br \/>\n<a href=\"http:\/\/youtu.be\/jH4uYkwz9s0\"><strong><br \/>\nJan Babnik: Gledati iz daljave &#8211; videti od blizu<\/strong><\/a><br \/>\n<\/span>\n<\/td>\n<\/tr>\n<tr>\n<td width=\"10\" valign=\"top\"><span style=\"color: #000000;\"><br \/>\n\u2013<br \/>\n<\/span>\n<\/td>\n<td><span style=\"color: #000000;\"><br \/>\n<a href=\"http:\/\/youtu.be\/VNCt8ANZvE0\"><strong><br \/>\nGordana Tkalec: \u017diva sila i tehnika medijske boji\u0161nice<\/strong><\/a><br \/>\n<\/span>\n<\/td>\n<\/tr>\n<tr>\n<td width=\"10\" valign=\"top\"><span style=\"color: #000000;\"><br \/>\n\u2013<br \/>\n<\/span>\n<\/td>\n<td><span style=\"color: #000000;\"><br \/>\n<a href=\"http:\/\/youtu.be\/k4XefRuGexA\"><strong><br \/>\nZdenko Duka: Mediji i politika<\/strong><\/a><br \/>\n<\/span>\n<\/td>\n<\/tr>\n<tr>\n<td width=\"10\" valign=\"top\"><span style=\"color: #000000;\"><br \/>\n\u2013<br \/>\n<\/span>\n<\/td>\n<td><span style=\"color: #000000;\"><br \/>\n<a href=\"http:\/\/youtu.be\/M4HXhL6rVRo\"><strong><br \/>\nSla\u0111ana Stamenkovi\u0107, Vesna Milenkovi\u0107: Novinarstvo izme\u0111u slu\u017eenja javnosti i povla\u0111ivanja ukusu publike<br \/>\n<\/strong><\/a><br \/>\n<\/span>\n<\/td>\n<\/tr>\n<tr>\n<td width=\"10\" valign=\"top\"><span style=\"color: #000000;\"><br \/>\n\u2013<br \/>\n<\/span>\n<\/td>\n<td><span style=\"color: #000000;\"><br \/>\n<a href=\"http:\/\/youtu.be\/8l1JJnCr3uU\"><strong><br \/>\nNikola Dedi\u0107: Televizija i javna sfera: funkcija realisti\u010dkog narativa u seriji The Wire<\/strong><\/a><br \/>\n<\/span>\n<\/td>\n<\/tr>\n<tr>\n<td width=\"10\" valign=\"top\"><span style=\"color: #000000;\"><br \/>\n\u2013<br \/>\n<\/span>\n<\/td>\n<td><span style=\"color: #000000;\"><br \/>\n<a href=\"http:\/\/youtu.be\/Avr-3zm_vuc\"><strong><br \/>\nSanja Doki\u0107 Mr\u0161a, Nata\u0161a Miljevi\u0107 Jovanovi\u0107: Postavljanje dnevnog reda \u2013 bosanskohercegova\u010dka medijska agenda<\/strong><\/a><br \/>\n<\/span>\n<\/td>\n<\/tr>\n<tr>\n<td width=\"10\" valign=\"top\"><span style=\"color: #000000;\"><br \/>\n\u2013<br \/>\n<\/span>\n<\/td>\n<td><span style=\"color: #000000;\"><br \/>\n<a href=\"http:\/\/youtu.be\/__QbXMN4slg\"><strong><br \/>\n\u017deljko Kru\u0161elj: Kontrolirane tiskovine vjerodostojnije od slobodnih: medijski apsurdi totalitarne, autokratske i demokratske Hrvatske<\/strong><\/a><br \/>\n<\/span>\n<\/td>\n<\/tr>\n<tr>\n<td width=\"10\" valign=\"top\"><span style=\"color: #000000;\"><br \/>\n\u2013<br \/>\n<\/span>\n<\/td>\n<td><span style=\"color: #000000;\"><br \/>\n<a href=\"http:\/\/youtu.be\/NkiyHoIhCfI\"><strong><br \/>\nMelita Pavlek: Komunikacija u lokalnoj zajednici (primjer Koprivnice)<\/strong><\/a><br \/>\n<\/span>\n<\/td>\n<\/tr>\n<tr>\n<td width=\"10\" valign=\"top\"><span style=\"color: #000000;\"><br \/>\n\u2013<br \/>\n<\/span>\n<\/td>\n<td><span style=\"color: #000000;\"><br \/>\n<a href=\"http:\/\/youtu.be\/tHN65V47_GQ\"><strong><br \/>\nKre\u0161imir \u010cvrljak: Hrvatska filozofija renesanse u starijoj hrvatskoj periodici<\/strong><\/a><br \/>\n<\/span>\n<\/td>\n<\/tr>\n<tr>\n<td width=\"10\" valign=\"top\"><span style=\"color: #000000;\"><br \/>\n\u2013<br \/>\n<\/span>\n<\/td>\n<td><span style=\"color: #000000;\"><br \/>\n<a href=\"http:\/\/youtu.be\/Dll58Caalqs\"><strong><br \/>\nMajda Tafra Vlahovi\u0107: Odnosi s javno\u0161\u0107u i odr\u017eiv posao<\/strong><\/a><br \/>\n<\/span>\n<\/td>\n<\/tr>\n<tr>\n<td width=\"10\" valign=\"top\"><span style=\"color: #000000;\"><br \/>\n\u2013<br \/>\n<\/span>\n<\/td>\n<td><span style=\"color: #000000;\"><br \/>\n<a href=\"http:\/\/youtu.be\/a-8hXDIMUzU\"><strong><br \/>\nJosip Berdica: Propaganda kao izvor poslu\u0161nosti i pasivnosti<\/strong><\/a><br \/>\n<\/span>\n<\/td>\n<\/tr>\n<tr>\n<td width=\"10\" valign=\"top\"><span style=\"color: #000000;\"><br \/>\n\u2013<br \/>\n<\/span>\n<\/td>\n<td><span style=\"color: #000000;\"><br \/>\n<a href=\"http:\/\/youtu.be\/eGhftYsjsVs\"><strong><br \/>\nNata\u0161a \u0160kari\u010di\u0107: Korporativno i medicinsko novinarstvo \u2013 simulacija simulakruma<\/strong><\/a><br \/>\n<\/span>\n<\/td>\n<\/tr>\n<tr>\n<td width=\"10\" valign=\"top\"><span style=\"color: #000000;\"><br \/>\n\u2013<br \/>\n<\/span>\n<\/td>\n<td><span style=\"color: #000000;\"><br \/>\n<a href=\"http:\/\/youtu.be\/EGb_XloU-s8\"><strong><br \/>\nLidija Duji\u0107, Ludwig Bauer: Zdravstveni font hrvatskog kazali\u0161ta<\/strong><\/a><br \/>\n<\/span>\n<\/td>\n<\/tr>\n<tr>\n<td width=\"10\" valign=\"top\"><span style=\"color: #000000;\"><br \/>\n\u2013<br \/>\n<\/span>\n<\/td>\n<td><span style=\"color: #000000;\"><br \/>\n<a href=\"http:\/\/youtu.be\/O4SZXQbsuBI\"><strong><br \/>\nLivia Pavleti\u0107: Glazba &#8211; medij sapunastih emocija ili harmonije<\/strong><\/a><br \/>\n<\/span>\n<\/td>\n<\/tr>\n<\/tbody>\n<\/table>\n<\/td>\n<\/tr>\n<\/tbody>\n<\/table>\n","protected":false},"excerpt":{"rendered":"<p>&nbsp; IN MEDIAS RES \u010dasopis filozofije medija &nbsp; Izdava\u010d \u010dasopisa: Centar za filozofiju medija i mediolo\u0161ka istra\u017eivanja (Zagreb) &nbsp; Adresa: Petrovogorska 18, 10000 Zagreb &nbsp; E-mail: inmediasres@centar-fm.org &nbsp; GODINA 3 (2014) broj 5 &nbsp; \u010casopis je otvorenog pristupa, a ovo djelo je dano na kori\u0161tenje pod licencom Creative Commons Imenovanje-Nekomercijalno 4.0 me\u0111unarodna. &nbsp; ISSN 1848-6304 [&hellip;]<\/p>\n","protected":false},"author":2,"featured_media":242,"comment_status":"open","ping_status":"open","sticky":false,"template":"","format":"standard","meta":{"_acf_changed":false,"_et_pb_use_builder":"","_et_pb_old_content":"","_et_gb_content_width":"","footnotes":""},"categories":[45],"tags":[373,382,361,381,369,380,370,360,375,298,366,389,166,357,372,377,386,365,165,359,383,363,367,355,384,387,378,388,356,364,374,362,121,157,358,379,371,376,368,168,156,385],"class_list":["post-243","post","type-post","status-publish","format-standard","has-post-thumbnail","hentry","category-in-medias-res-broj-5-naslovnica","tag-aleksandra-bokan","tag-ana-durkovic","tag-elipsa-suvremenog-citanja-ili-zanrovske-besmislice","tag-etika-informiranja-primjer-konstruiranja-lazne-svijesti","tag-franjo-maletic","tag-funkcija-realistickog-narativa-u-seriji-the-wire","tag-informacija-je-ponovo-in","tag-ivana-ercegovac","tag-jadranka-bozic","tag-jelena-j-rvovic","tag-komunikacija-u-lokalnoj-zajednici-primjer-koprivnice","tag-korelacija-izmedu-pr-aktivnosti-community-managera-na-drustvenim-mrezama-i-percepcije-istih-od-strane-korisnika-drustvenih-mreza","tag-ljiljana-manic","tag-marija-aleksic","tag-medij-kao-medij-izmedu-brenda-i-covjeka","tag-mediji-i-kapital","tag-mediji-i-politika","tag-melita-pavlek","tag-mileva-pavlovic","tag-miomir-petrovic","tag-nadrealno-kao-istinito","tag-natasa-miljevic-jovanovic","tag-natasa-ruzic","tag-netaknuta-doslovnost-reklame","tag-niceansko-novinarstvo","tag-nika-zganec","tag-nikola-dedic","tag-nikola-jozic","tag-novinarstvo-izmedu-sluzenja-javnosti-i-povladivanja-ukusu-publike","tag-postavljanje-dnevnog-reda-bosanskohercegovacka-medijska-agenda","tag-recept-za-ljubav-od-ljubica-do-siteova-za-date-utjecaj-emocija-na-kreiranje-medija-i-vice-versa","tag-sanja-dokic-mrsa","tag-sead-alic","tag-sladana-stamenkovic","tag-suvremena-izlagacka-praksa-nove-tendencije-u-prikazivanju-kulturnog-naslijeda","tag-televizija-i-javna-sfera","tag-trina-mjeda","tag-umjetnost","tag-uredivacka-politika-kljucni-faktor-pri-izvjestavanju-o-europskim-integracijama-u-crnogorskim-tiskanim-medijima","tag-vesna-ivezic","tag-vesna-milenkovic","tag-zdenko-duka","et-has-post-format-content","et_post_format-et-post-format-standard"],"acf":[],"yoast_head":"<!-- This site is optimized with the Yoast SEO plugin v27.4 - https:\/\/yoast.com\/product\/yoast-seo-wordpress\/ -->\n<title>naslovnica br.5 - In Medias Res - \u010casopis centra za filozofiju medija<\/title>\n<meta name=\"robots\" content=\"index, follow, max-snippet:-1, max-image-preview:large, max-video-preview:-1\" \/>\n<link rel=\"canonical\" href=\"https:\/\/centar-fm.org\/inmediasres\/index.php\/naslov5\/\" \/>\n<meta property=\"og:locale\" content=\"en_US\" \/>\n<meta property=\"og:type\" content=\"article\" \/>\n<meta property=\"og:title\" content=\"naslovnica br.5 - In Medias Res - \u010casopis centra za filozofiju medija\" \/>\n<meta property=\"og:description\" content=\"&nbsp; IN MEDIAS RES \u010dasopis filozofije medija &nbsp; Izdava\u010d \u010dasopisa: Centar za filozofiju medija i mediolo\u0161ka istra\u017eivanja (Zagreb) &nbsp; Adresa: Petrovogorska 18, 10000 Zagreb &nbsp; E-mail: inmediasres@centar-fm.org &nbsp; GODINA 3 (2014) broj 5 &nbsp; \u010casopis je otvorenog pristupa, a ovo djelo je dano na kori\u0161tenje pod licencom Creative Commons Imenovanje-Nekomercijalno 4.0 me\u0111unarodna. &nbsp; ISSN 1848-6304 [&hellip;]\" \/>\n<meta property=\"og:url\" content=\"https:\/\/centar-fm.org\/inmediasres\/index.php\/naslov5\/\" \/>\n<meta property=\"og:site_name\" content=\"In Medias Res - \u010casopis centra za filozofiju medija\" \/>\n<meta property=\"article:published_time\" content=\"2011-11-23T16:23:10+00:00\" \/>\n<meta property=\"og:image\" content=\"https:\/\/centar-fm.org\/inmediasres\/wp-content\/uploads\/sites\/2\/2011\/11\/inmediasresno05ii.jpg\" \/>\n\t<meta property=\"og:image:width\" content=\"592\" \/>\n\t<meta property=\"og:image:height\" content=\"868\" \/>\n\t<meta property=\"og:image:type\" content=\"image\/jpeg\" \/>\n<meta name=\"author\" content=\"Super User\" \/>\n<meta name=\"twitter:card\" content=\"summary_large_image\" \/>\n<meta name=\"twitter:label1\" content=\"Written by\" \/>\n\t<meta name=\"twitter:data1\" content=\"Super User\" \/>\n\t<meta name=\"twitter:label2\" content=\"Est. reading time\" \/>\n\t<meta name=\"twitter:data2\" content=\"4 minutes\" \/>\n<script type=\"application\/ld+json\" class=\"yoast-schema-graph\">{\"@context\":\"https:\\\/\\\/schema.org\",\"@graph\":[{\"@type\":\"Article\",\"@id\":\"https:\\\/\\\/centar-fm.org\\\/inmediasres\\\/index.php\\\/naslov5\\\/#article\",\"isPartOf\":{\"@id\":\"https:\\\/\\\/centar-fm.org\\\/inmediasres\\\/index.php\\\/naslov5\\\/\"},\"author\":{\"name\":\"Super User\",\"@id\":\"https:\\\/\\\/centar-fm.org\\\/inmediasres\\\/#\\\/schema\\\/person\\\/ae49dcc23965665608f66120db8245a4\"},\"headline\":\"naslovnica br.5\",\"datePublished\":\"2011-11-23T16:23:10+00:00\",\"mainEntityOfPage\":{\"@id\":\"https:\\\/\\\/centar-fm.org\\\/inmediasres\\\/index.php\\\/naslov5\\\/\"},\"wordCount\":761,\"commentCount\":0,\"image\":{\"@id\":\"https:\\\/\\\/centar-fm.org\\\/inmediasres\\\/index.php\\\/naslov5\\\/#primaryimage\"},\"thumbnailUrl\":\"https:\\\/\\\/centar-fm.org\\\/inmediasres\\\/wp-content\\\/uploads\\\/sites\\\/2\\\/2011\\\/11\\\/inmediasresno05ii.jpg\",\"keywords\":[\"Aleksandra Bokan\",\"Ana \u0110urkovi\u0107\",\"Elipsa suvremenog \u010ditanja ili \u017eanrovske besmislice\",\"Etika informiranja \u2013 primjer konstruiranja la\u017ene svijesti\",\"Franjo Maleti\u0107\",\"funkcija realisti\u010dkog narativa u seriji The Wire\",\"Informacija je ponovo \u201ein\u201d\",\"Ivana Ercegovac\",\"Jadranka Bo\u017ei\u0107\",\"Jelena J. Rvovi\u0107\",\"Komunikacija u lokalnoj zajednici (primjer Koprivnice)\",\"Korelacija izme\u0111u PR aktivnosti community managera na dru\u0161tvenim mre\u017eama i percepcije istih od strane korisnika dru\u0161tvenih mre\u017ea\",\"Ljiljana Mani\u0107\",\"Marija Aleksi\u0107\",\"Medij kao medij (izme\u0111u brenda i \u010dovjeka)\",\"mediji i kapital\",\"Mediji i politika\",\"Melita Pavlek\",\"Mileva Pavlovi\u0107\",\"Miomir Petrovi\u0107\",\"Nadrealno kao istinito\",\"Nata\u0161a Miljevi\u0107 Jovanovi\u0107\",\"Nata\u0161a Ru\u017ei\u0107\",\"Netaknuta doslovnost reklame\",\"Ni\u010deansko novinarstvo\",\"Nika \u017dganec\",\"Nikola Dedi\u0107\",\"Nikola Jozi\u0107\",\"Novinarstvo izme\u0111u slu\u017eenja javnosti i povla\u0111ivanja ukusu publike\",\"Postavljanje dnevnog reda \u2013 bosanskohercegova\u010dka medijska agenda\",\"Recept za ljubav \u2013 od ljubi\u0107a do siteova za date \u2013 utjecaj emocija na kreiranje medija i vice versa\",\"Sanja Doki\u0107 Mr\u0161a\",\"Sead Ali\u0107\",\"Sla\u0111ana Stamenkovi\u0107\",\"Suvremena izlaga\u010dka praksa: nove tendencije u prikazivanju kulturnog naslije\u0111a\",\"Televizija i javna sfera\",\"Trina Mjeda\",\"Umjetnost\",\"Ure\u0111iva\u010dka politika \u2013 klju\u010dni faktor pri izvje\u0161tavanju o europskim integracijama u crnogorskim tiskanim medijima\",\"Vesna Ivezi\u0107\",\"Vesna Milenkovi\u0107\",\"Zdenko Duka\"],\"articleSection\":[\"In Medias Res broj 5 naslovnica\"],\"inLanguage\":\"en-US\",\"potentialAction\":[{\"@type\":\"CommentAction\",\"name\":\"Comment\",\"target\":[\"https:\\\/\\\/centar-fm.org\\\/inmediasres\\\/index.php\\\/naslov5\\\/#respond\"]}]},{\"@type\":\"WebPage\",\"@id\":\"https:\\\/\\\/centar-fm.org\\\/inmediasres\\\/index.php\\\/naslov5\\\/\",\"url\":\"https:\\\/\\\/centar-fm.org\\\/inmediasres\\\/index.php\\\/naslov5\\\/\",\"name\":\"naslovnica br.5 - In Medias Res - \u010casopis centra za filozofiju medija\",\"isPartOf\":{\"@id\":\"https:\\\/\\\/centar-fm.org\\\/inmediasres\\\/#website\"},\"primaryImageOfPage\":{\"@id\":\"https:\\\/\\\/centar-fm.org\\\/inmediasres\\\/index.php\\\/naslov5\\\/#primaryimage\"},\"image\":{\"@id\":\"https:\\\/\\\/centar-fm.org\\\/inmediasres\\\/index.php\\\/naslov5\\\/#primaryimage\"},\"thumbnailUrl\":\"https:\\\/\\\/centar-fm.org\\\/inmediasres\\\/wp-content\\\/uploads\\\/sites\\\/2\\\/2011\\\/11\\\/inmediasresno05ii.jpg\",\"datePublished\":\"2011-11-23T16:23:10+00:00\",\"author\":{\"@id\":\"https:\\\/\\\/centar-fm.org\\\/inmediasres\\\/#\\\/schema\\\/person\\\/ae49dcc23965665608f66120db8245a4\"},\"breadcrumb\":{\"@id\":\"https:\\\/\\\/centar-fm.org\\\/inmediasres\\\/index.php\\\/naslov5\\\/#breadcrumb\"},\"inLanguage\":\"en-US\",\"potentialAction\":[{\"@type\":\"ReadAction\",\"target\":[\"https:\\\/\\\/centar-fm.org\\\/inmediasres\\\/index.php\\\/naslov5\\\/\"]}]},{\"@type\":\"ImageObject\",\"inLanguage\":\"en-US\",\"@id\":\"https:\\\/\\\/centar-fm.org\\\/inmediasres\\\/index.php\\\/naslov5\\\/#primaryimage\",\"url\":\"https:\\\/\\\/centar-fm.org\\\/inmediasres\\\/wp-content\\\/uploads\\\/sites\\\/2\\\/2011\\\/11\\\/inmediasresno05ii.jpg\",\"contentUrl\":\"https:\\\/\\\/centar-fm.org\\\/inmediasres\\\/wp-content\\\/uploads\\\/sites\\\/2\\\/2011\\\/11\\\/inmediasresno05ii.jpg\",\"width\":592,\"height\":868,\"caption\":\"InMediasRes\"},{\"@type\":\"BreadcrumbList\",\"@id\":\"https:\\\/\\\/centar-fm.org\\\/inmediasres\\\/index.php\\\/naslov5\\\/#breadcrumb\",\"itemListElement\":[{\"@type\":\"ListItem\",\"position\":1,\"name\":\"Po\u010detna stranica\",\"item\":\"https:\\\/\\\/centar-fm.org\\\/inmediasres\\\/\"},{\"@type\":\"ListItem\",\"position\":2,\"name\":\"naslovnica br.5\"}]},{\"@type\":\"WebSite\",\"@id\":\"https:\\\/\\\/centar-fm.org\\\/inmediasres\\\/#website\",\"url\":\"https:\\\/\\\/centar-fm.org\\\/inmediasres\\\/\",\"name\":\"In Medias Res - \u010casopis centra za filozofiju medija\",\"description\":\"\",\"potentialAction\":[{\"@type\":\"SearchAction\",\"target\":{\"@type\":\"EntryPoint\",\"urlTemplate\":\"https:\\\/\\\/centar-fm.org\\\/inmediasres\\\/?s={search_term_string}\"},\"query-input\":{\"@type\":\"PropertyValueSpecification\",\"valueRequired\":true,\"valueName\":\"search_term_string\"}}],\"inLanguage\":\"en-US\"},{\"@type\":\"Person\",\"@id\":\"https:\\\/\\\/centar-fm.org\\\/inmediasres\\\/#\\\/schema\\\/person\\\/ae49dcc23965665608f66120db8245a4\",\"name\":\"Super User\",\"image\":{\"@type\":\"ImageObject\",\"inLanguage\":\"en-US\",\"@id\":\"https:\\\/\\\/secure.gravatar.com\\\/avatar\\\/5ac3fc5ccca7755fa3f558fed4a39be2232c6585e68bd398c790d57375dde921?s=96&d=mm&r=g\",\"url\":\"https:\\\/\\\/secure.gravatar.com\\\/avatar\\\/5ac3fc5ccca7755fa3f558fed4a39be2232c6585e68bd398c790d57375dde921?s=96&d=mm&r=g\",\"contentUrl\":\"https:\\\/\\\/secure.gravatar.com\\\/avatar\\\/5ac3fc5ccca7755fa3f558fed4a39be2232c6585e68bd398c790d57375dde921?s=96&d=mm&r=g\",\"caption\":\"Super User\"},\"url\":\"https:\\\/\\\/centar-fm.org\\\/inmediasres\\\/index.php\\\/author\\\/amynovcfmweb\\\/\"}]}<\/script>\n<!-- \/ Yoast SEO plugin. -->","yoast_head_json":{"title":"naslovnica br.5 - In Medias Res - \u010casopis centra za filozofiju medija","robots":{"index":"index","follow":"follow","max-snippet":"max-snippet:-1","max-image-preview":"max-image-preview:large","max-video-preview":"max-video-preview:-1"},"canonical":"https:\/\/centar-fm.org\/inmediasres\/index.php\/naslov5\/","og_locale":"en_US","og_type":"article","og_title":"naslovnica br.5 - In Medias Res - \u010casopis centra za filozofiju medija","og_description":"&nbsp; IN MEDIAS RES \u010dasopis filozofije medija &nbsp; Izdava\u010d \u010dasopisa: Centar za filozofiju medija i mediolo\u0161ka istra\u017eivanja (Zagreb) &nbsp; Adresa: Petrovogorska 18, 10000 Zagreb &nbsp; E-mail: inmediasres@centar-fm.org &nbsp; GODINA 3 (2014) broj 5 &nbsp; \u010casopis je otvorenog pristupa, a ovo djelo je dano na kori\u0161tenje pod licencom Creative Commons Imenovanje-Nekomercijalno 4.0 me\u0111unarodna. &nbsp; ISSN 1848-6304 [&hellip;]","og_url":"https:\/\/centar-fm.org\/inmediasres\/index.php\/naslov5\/","og_site_name":"In Medias Res - \u010casopis centra za filozofiju medija","article_published_time":"2011-11-23T16:23:10+00:00","og_image":[{"width":592,"height":868,"url":"https:\/\/centar-fm.org\/inmediasres\/wp-content\/uploads\/sites\/2\/2011\/11\/inmediasresno05ii.jpg","type":"image\/jpeg"}],"author":"Super User","twitter_card":"summary_large_image","twitter_misc":{"Written by":"Super User","Est. reading time":"4 minutes"},"schema":{"@context":"https:\/\/schema.org","@graph":[{"@type":"Article","@id":"https:\/\/centar-fm.org\/inmediasres\/index.php\/naslov5\/#article","isPartOf":{"@id":"https:\/\/centar-fm.org\/inmediasres\/index.php\/naslov5\/"},"author":{"name":"Super User","@id":"https:\/\/centar-fm.org\/inmediasres\/#\/schema\/person\/ae49dcc23965665608f66120db8245a4"},"headline":"naslovnica br.5","datePublished":"2011-11-23T16:23:10+00:00","mainEntityOfPage":{"@id":"https:\/\/centar-fm.org\/inmediasres\/index.php\/naslov5\/"},"wordCount":761,"commentCount":0,"image":{"@id":"https:\/\/centar-fm.org\/inmediasres\/index.php\/naslov5\/#primaryimage"},"thumbnailUrl":"https:\/\/centar-fm.org\/inmediasres\/wp-content\/uploads\/sites\/2\/2011\/11\/inmediasresno05ii.jpg","keywords":["Aleksandra Bokan","Ana \u0110urkovi\u0107","Elipsa suvremenog \u010ditanja ili \u017eanrovske besmislice","Etika informiranja \u2013 primjer konstruiranja la\u017ene svijesti","Franjo Maleti\u0107","funkcija realisti\u010dkog narativa u seriji The Wire","Informacija je ponovo \u201ein\u201d","Ivana Ercegovac","Jadranka Bo\u017ei\u0107","Jelena J. Rvovi\u0107","Komunikacija u lokalnoj zajednici (primjer Koprivnice)","Korelacija izme\u0111u PR aktivnosti community managera na dru\u0161tvenim mre\u017eama i percepcije istih od strane korisnika dru\u0161tvenih mre\u017ea","Ljiljana Mani\u0107","Marija Aleksi\u0107","Medij kao medij (izme\u0111u brenda i \u010dovjeka)","mediji i kapital","Mediji i politika","Melita Pavlek","Mileva Pavlovi\u0107","Miomir Petrovi\u0107","Nadrealno kao istinito","Nata\u0161a Miljevi\u0107 Jovanovi\u0107","Nata\u0161a Ru\u017ei\u0107","Netaknuta doslovnost reklame","Ni\u010deansko novinarstvo","Nika \u017dganec","Nikola Dedi\u0107","Nikola Jozi\u0107","Novinarstvo izme\u0111u slu\u017eenja javnosti i povla\u0111ivanja ukusu publike","Postavljanje dnevnog reda \u2013 bosanskohercegova\u010dka medijska agenda","Recept za ljubav \u2013 od ljubi\u0107a do siteova za date \u2013 utjecaj emocija na kreiranje medija i vice versa","Sanja Doki\u0107 Mr\u0161a","Sead Ali\u0107","Sla\u0111ana Stamenkovi\u0107","Suvremena izlaga\u010dka praksa: nove tendencije u prikazivanju kulturnog naslije\u0111a","Televizija i javna sfera","Trina Mjeda","Umjetnost","Ure\u0111iva\u010dka politika \u2013 klju\u010dni faktor pri izvje\u0161tavanju o europskim integracijama u crnogorskim tiskanim medijima","Vesna Ivezi\u0107","Vesna Milenkovi\u0107","Zdenko Duka"],"articleSection":["In Medias Res broj 5 naslovnica"],"inLanguage":"en-US","potentialAction":[{"@type":"CommentAction","name":"Comment","target":["https:\/\/centar-fm.org\/inmediasres\/index.php\/naslov5\/#respond"]}]},{"@type":"WebPage","@id":"https:\/\/centar-fm.org\/inmediasres\/index.php\/naslov5\/","url":"https:\/\/centar-fm.org\/inmediasres\/index.php\/naslov5\/","name":"naslovnica br.5 - In Medias Res - \u010casopis centra za filozofiju medija","isPartOf":{"@id":"https:\/\/centar-fm.org\/inmediasres\/#website"},"primaryImageOfPage":{"@id":"https:\/\/centar-fm.org\/inmediasres\/index.php\/naslov5\/#primaryimage"},"image":{"@id":"https:\/\/centar-fm.org\/inmediasres\/index.php\/naslov5\/#primaryimage"},"thumbnailUrl":"https:\/\/centar-fm.org\/inmediasres\/wp-content\/uploads\/sites\/2\/2011\/11\/inmediasresno05ii.jpg","datePublished":"2011-11-23T16:23:10+00:00","author":{"@id":"https:\/\/centar-fm.org\/inmediasres\/#\/schema\/person\/ae49dcc23965665608f66120db8245a4"},"breadcrumb":{"@id":"https:\/\/centar-fm.org\/inmediasres\/index.php\/naslov5\/#breadcrumb"},"inLanguage":"en-US","potentialAction":[{"@type":"ReadAction","target":["https:\/\/centar-fm.org\/inmediasres\/index.php\/naslov5\/"]}]},{"@type":"ImageObject","inLanguage":"en-US","@id":"https:\/\/centar-fm.org\/inmediasres\/index.php\/naslov5\/#primaryimage","url":"https:\/\/centar-fm.org\/inmediasres\/wp-content\/uploads\/sites\/2\/2011\/11\/inmediasresno05ii.jpg","contentUrl":"https:\/\/centar-fm.org\/inmediasres\/wp-content\/uploads\/sites\/2\/2011\/11\/inmediasresno05ii.jpg","width":592,"height":868,"caption":"InMediasRes"},{"@type":"BreadcrumbList","@id":"https:\/\/centar-fm.org\/inmediasres\/index.php\/naslov5\/#breadcrumb","itemListElement":[{"@type":"ListItem","position":1,"name":"Po\u010detna stranica","item":"https:\/\/centar-fm.org\/inmediasres\/"},{"@type":"ListItem","position":2,"name":"naslovnica br.5"}]},{"@type":"WebSite","@id":"https:\/\/centar-fm.org\/inmediasres\/#website","url":"https:\/\/centar-fm.org\/inmediasres\/","name":"In Medias Res - \u010casopis centra za filozofiju medija","description":"","potentialAction":[{"@type":"SearchAction","target":{"@type":"EntryPoint","urlTemplate":"https:\/\/centar-fm.org\/inmediasres\/?s={search_term_string}"},"query-input":{"@type":"PropertyValueSpecification","valueRequired":true,"valueName":"search_term_string"}}],"inLanguage":"en-US"},{"@type":"Person","@id":"https:\/\/centar-fm.org\/inmediasres\/#\/schema\/person\/ae49dcc23965665608f66120db8245a4","name":"Super User","image":{"@type":"ImageObject","inLanguage":"en-US","@id":"https:\/\/secure.gravatar.com\/avatar\/5ac3fc5ccca7755fa3f558fed4a39be2232c6585e68bd398c790d57375dde921?s=96&d=mm&r=g","url":"https:\/\/secure.gravatar.com\/avatar\/5ac3fc5ccca7755fa3f558fed4a39be2232c6585e68bd398c790d57375dde921?s=96&d=mm&r=g","contentUrl":"https:\/\/secure.gravatar.com\/avatar\/5ac3fc5ccca7755fa3f558fed4a39be2232c6585e68bd398c790d57375dde921?s=96&d=mm&r=g","caption":"Super User"},"url":"https:\/\/centar-fm.org\/inmediasres\/index.php\/author\/amynovcfmweb\/"}]}},"_links":{"self":[{"href":"https:\/\/centar-fm.org\/inmediasres\/index.php\/wp-json\/wp\/v2\/posts\/243","targetHints":{"allow":["GET"]}}],"collection":[{"href":"https:\/\/centar-fm.org\/inmediasres\/index.php\/wp-json\/wp\/v2\/posts"}],"about":[{"href":"https:\/\/centar-fm.org\/inmediasres\/index.php\/wp-json\/wp\/v2\/types\/post"}],"author":[{"embeddable":true,"href":"https:\/\/centar-fm.org\/inmediasres\/index.php\/wp-json\/wp\/v2\/users\/2"}],"replies":[{"embeddable":true,"href":"https:\/\/centar-fm.org\/inmediasres\/index.php\/wp-json\/wp\/v2\/comments?post=243"}],"version-history":[{"count":0,"href":"https:\/\/centar-fm.org\/inmediasres\/index.php\/wp-json\/wp\/v2\/posts\/243\/revisions"}],"wp:featuredmedia":[{"embeddable":true,"href":"https:\/\/centar-fm.org\/inmediasres\/index.php\/wp-json\/wp\/v2\/media\/242"}],"wp:attachment":[{"href":"https:\/\/centar-fm.org\/inmediasres\/index.php\/wp-json\/wp\/v2\/media?parent=243"}],"wp:term":[{"taxonomy":"category","embeddable":true,"href":"https:\/\/centar-fm.org\/inmediasres\/index.php\/wp-json\/wp\/v2\/categories?post=243"},{"taxonomy":"post_tag","embeddable":true,"href":"https:\/\/centar-fm.org\/inmediasres\/index.php\/wp-json\/wp\/v2\/tags?post=243"}],"curies":[{"name":"wp","href":"https:\/\/api.w.org\/{rel}","templated":true}]}}