{"id":270,"date":"2011-11-23T16:23:10","date_gmt":"2011-11-23T16:23:10","guid":{"rendered":"https:\/\/sweet-mcclintock.194-60-87-163.plesk.page\/inmediasres\/2011\/11\/23\/naslov6\/"},"modified":"2011-11-23T16:23:10","modified_gmt":"2011-11-23T16:23:10","slug":"naslov6","status":"publish","type":"post","link":"https:\/\/centar-fm.org\/inmediasres\/index.php\/naslov6\/","title":{"rendered":"naslovnica br.6"},"content":{"rendered":"<table border=\"0\" cellspacing=\"0\" cellpadding=\"0\">\n<tbody>\n<tr>\n<td valign=\"top\" width=\"370\">\n<p><a href=\"index.php\/in-medias-res-broj6\"><\/a><\/p>\n<p style=\"text-align: center;\">&nbsp;<\/p>\n<p style=\"line-height: 170%; text-align: center;\">\n<a href=\"http:\/\/www.centar-fm.org\/inmediasres\/images\/pdf\/6\/cijeli casopis inmediasres06hrv.pdf\"><br \/>\n<img loading=\"lazy\" decoding=\"async\" class=\" size-full wp-image-108\" alt=\"adobe pdf_icon\" src=\"https:\/\/centar-fm.org\/inmediasres\/wp-content\/uploads\/sites\/2\/2011\/11\/adobe_pdf_icon.png\" width=\"55\" height=\"52\" title=\"InMediasRes\" onmouseout=\"this.src='https:\/\/centar-fm.org\/inmediasres\/wp-content\/uploads\/sites\/2\/2011\/11\/adobe_pdf_icon.png';\" onmouseover=\"this.src='images\/casopisi\/adobe_pdf_iconbless.png';\" \/><br \/>\n<\/a>\n<\/p>\n<p style=\"line-height: 170%; text-align: center;\"><strong>IN MEDIAS RES <\/strong><br \/> \u010dasopis filozofije medija <\/p>\n<p class=\"MsoNormal\" style=\"line-height: 50%;\">&nbsp;<\/p>\n<p style=\"line-height: 170%; text-align: center;\">Izdava\u010d \u010dasopisa:<br \/> Centar za filozofiju medija i mediolo\u0161ka istra\u017eivanja (Zagreb)<\/p>\n<p class=\"MsoNormal\" style=\"line-height: 50%;\">&nbsp;<\/p>\n<p style=\"line-height: 170%; text-align: center;\">Adresa: Petrovogorska 18, 10000 Zagreb <\/p>\n<p class=\"MsoNormal\" style=\"line-height: 50%;\">&nbsp;<\/p>\n<p style=\"line-height: 170%; text-align: center;\">\nE-mail: inmediasres@centar-fm.org<\/p>\n<p class=\"MsoNormal\" style=\"line-height: 50%;\">&nbsp;<\/p>\n<p style=\"line-height: 170%; text-align: center;\">\nGODINA 4 (2015) broj 6<\/p>\n<p style=\"line-height: 100%; text-align: center;\">&nbsp;<\/p>\n<hr \/>\n<p style=\"line-height: 170%; text-align: center;\">\n<a rel=\"license\" href=\"http:\/\/creativecommons.org\/licenses\/by-nc\/4.0\/\"><img decoding=\"async\" alt=\"Creative Commons licenca\" style=\"border-width:0\" src=\"https:\/\/i.creativecommons.org\/l\/by-nc\/4.0\/88x31.png\" \/><\/a><br \/>\u010casopis je otvorenog pristupa, a ovo djelo je dano na kori\u0161tenje pod licencom <a rel=\"license\" href=\"http:\/\/creativecommons.org\/licenses\/by-nc\/4.0\/\"><strong>Creative Commons Imenovanje-Nekomercijalno 4.0 me\u0111unarodna<\/strong><\/a>.<\/p>\n<\/td>\n<td valign=\"top\" width=\"20\">\n<p style=\"line-height: 100%; text-align: center;\">&nbsp;<\/p>\n<\/td>\n<td valign=\"top\">\n<p style=\"line-height: 200%;\"><strong>ISSN 1848-6304<\/strong><\/p>\n<p style=\"line-height: 200%;\"><strong>UDK 316.774:1<\/strong><\/p>\n<p style=\"line-height: 200%;\"><strong>Vol 4, br. 6, 2015.<\/strong><\/p>\n<p style=\"line-height: 200%;\"><strong><em>Sadr\u017eaj<\/em><\/strong><\/p>\n<p style=\"text-align: center; line-height: 50%;\" align=\"center\">&nbsp;<\/p>\n<table style=\"background-color: #eceff2;\" border=\"0\">\n<tbody>\n<tr>\n<td valign=\"top\" width=\"110\"><span style=\"color: #000000;\"><span style=\"color: #000000;\"><a href=\"http:\/\/www.centar-fm.org\/inmediasres\/index.php\/in-medias-res-broj6#1inmediasres06\">Damir Smiljani\u0107:<\/a><\/span><\/span><\/td>\n<td valign=\"top\"><span style=\"color: #000000;\"><a href=\"http:\/\/www.centar-fm.org\/inmediasres\/index.php\/in-medias-res-broj6#1inmediasres06\"><strong>Ponovno ro\u0111enje duha u medijima.<br \/>\nSpecifi\u010dnost medijalnog obrata u filozofiji duha<\/strong><\/a><\/span><\/p>\n<div style=\"height: 5px; overflow:hidden;\">&nbsp;<\/div>\n<p><span style=\"color: #000000;\"><a href=\"http:\/\/www.centar-fm.org\/inmediasres\/index.php\/in-medias-res-broj6#1inmediasres06\"><strong>The Rebirth of Spirit in Media.<br \/>\nThe Specifics of Medial Turn in Philosophy<br \/>\nof Mind<\/strong><\/a><\/span>\n<\/td>\n<\/tr>\n<tr>\n<td valign=\"top\" width=\"110\">\n<div style=\"height: 6px; overflow:hidden;\">\n<\/div>\n<\/td>\n<td>\n<div style=\"height: 6px; overflow:hidden;\">\n<\/div>\n<\/td>\n<\/tr>\n<tr>\n<td width=\"110\" valign=\"top\"><span style=\"color: #000000;\"><a href=\"http:\/\/www.centar-fm.org\/inmediasres\/index.php\/in-medias-res-broj6#2inmediasres06\">Sla\u0111ana Stamenkovi\u0107:<\/a><\/span><\/td>\n<td valign=\"top\"><span style=\"color: #000000;\"><a href=\"http:\/\/www.centar-fm.org\/inmediasres\/index.php\/in-medias-res-broj6#2inmediasres06\"><strong>Novinarstvo i mediji budu\u0107nosti \u2013 kreiranje identiteta i stvarnosti<\/strong><\/a><\/span><\/p>\n<div style=\"height: 5px; overflow:hidden;\">&nbsp;<\/div>\n<p><span style=\"color: #000000;\"><a href=\"http:\/\/www.centar-fm.org\/inmediasres\/index.php\/in-medias-res-broj6#2inmediasres06\"><strong>Journalism and Media Future &#8211; Creating Identity and Reality<\/strong><\/a><\/span>\n<\/td>\n<\/tr>\n<tr>\n<td valign=\"top\" width=\"110\">\n<div style=\"height: 6px; overflow:hidden;\">\n<\/div>\n<\/td>\n<td>\n<div style=\"height: 6px; overflow:hidden;\">\n<\/div>\n<\/td>\n<\/tr>\n<tr>\n<td width=\"110\" valign=\"top\"><span style=\"color: #000000;\"><a href=\"http:\/\/www.centar-fm.org\/inmediasres\/index.php\/in-medias-res-broj6#3inmediasres06\">Suzana Kunac i Vesna Roller:<\/a><\/span><\/td>\n<td valign=\"top\"><span style=\"color: #000000;\"><a href=\"http:\/\/www.centar-fm.org\/inmediasres\/index.php\/in-medias-res-broj6#3inmediasres06\"><strong>Lokalni mediji i demokracija u Hrvatskoj: neiskori\u0161teni potencijal<\/strong><\/a><\/span><\/p>\n<div style=\"height: 5px; overflow:hidden;\">&nbsp;<\/div>\n<p><span style=\"color: #000000;\"><a href=\"http:\/\/www.centar-fm.org\/inmediasres\/index.php\/in-medias-res-broj6#3inmediasres06\"><strong>Local Media and Democracy in Croatia: Wasted Potential<\/strong><\/a><\/span>\n<\/td>\n<\/tr>\n<tr>\n<td valign=\"top\" width=\"110\">\n<div style=\"height: 6px; overflow:hidden;\">\n<\/div>\n<\/td>\n<td>\n<div style=\"height: 6px; overflow:hidden;\">\n<\/div>\n<\/td>\n<\/tr>\n<tr>\n<td width=\"110\" valign=\"top\"><span style=\"color: #000000;\"><a href=\"http:\/\/www.centar-fm.org\/inmediasres\/index.php\/in-medias-res-broj6#4inmediasres06\">Fulvio \u0160uran:<\/a><\/span><\/td>\n<td valign=\"top\"><span style=\"color: #000000;\"><a href=\"http:\/\/www.centar-fm.org\/inmediasres\/index.php\/in-medias-res-broj6#4inmediasres06\"><strong>Cyberdru\u0161tvenost:<br \/>\nkraj \u010dovjeka<br \/>\n(kao zoon politikona)?<\/strong><\/a><\/span><\/p>\n<div style=\"height: 5px; overflow:hidden;\">&nbsp;<\/div>\n<p><span style=\"color: #000000;\"><a href=\"http:\/\/www.centar-fm.org\/inmediasres\/index.php\/in-medias-res-broj6#4inmediasres06\"><strong>Cybersociality: The End of Man (Like Zoon Politikon)?<\/strong><\/a><\/span>\n<\/td>\n<\/tr>\n<tr>\n<td valign=\"top\" width=\"110\">\n<div style=\"height: 6px; overflow:hidden;\">\n<\/div>\n<\/td>\n<td>\n<div style=\"height: 6px; overflow:hidden;\">\n<\/div>\n<\/td>\n<\/tr>\n<tr>\n<td width=\"110\" valign=\"top\"><span style=\"color: #000000;\"><a href=\"http:\/\/www.centar-fm.org\/inmediasres\/index.php\/in-medias-res-broj6#5inmediasres06\">Danijela Panti\u0107 Coni\u0107:<\/a><\/span><\/td>\n<td valign=\"top\"><span style=\"color: #000000;\"><a href=\"http:\/\/www.centar-fm.org\/inmediasres\/index.php\/in-medias-res-broj6#5inmediasres06\"><strong>Identiteti i budu\u0107nost medija?<br \/>\n<\/strong><\/a><\/span><\/p>\n<div style=\"height: 5px; overflow:hidden;\">&nbsp;<\/div>\n<p><span style=\"color: #000000;\"><a href=\"http:\/\/www.centar-fm.org\/inmediasres\/index.php\/in-medias-res-broj6#5inmediasres06\"><strong>Identites and Future of Media<\/strong><\/a><\/span>\n<\/td>\n<\/tr>\n<tr>\n<td valign=\"top\" width=\"110\">\n<div style=\"height: 6px; overflow:hidden;\">\n<\/div>\n<\/td>\n<td>\n<div style=\"height: 6px; overflow:hidden;\">\n<\/div>\n<\/td>\n<\/tr>\n<tr>\n<td width=\"110\" valign=\"top\"><span style=\"color: #000000;\"><a href=\"http:\/\/www.centar-fm.org\/inmediasres\/index.php\/in-medias-res-broj6#6inmediasres06\">Mirko Jakovljevi\u0107:<\/a><\/span><\/td>\n<td valign=\"top\"><span style=\"color: #000000;\"><a href=\"http:\/\/www.centar-fm.org\/inmediasres\/index.php\/in-medias-res-broj6#6inmediasres06\"><strong>Ljubomora \u2013 faktor utjecaja na kreativno umjetni\u010dko izra\u017eavanje televizijskog reportera<\/strong><\/a><\/span><\/p>\n<div style=\"height: 5px; overflow:hidden;\">&nbsp;<\/div>\n<p><span style=\"color: #000000;\"><a href=\"http:\/\/www.centar-fm.org\/inmediasres\/index.php\/in-medias-res-broj6#6inmediasres06\"><strong>Jealousy as a Factor of Influence on the Creative Artistic Expression of a Television Reporter<\/strong><\/a><\/span>\n<\/td>\n<\/tr>\n<tr>\n<td valign=\"top\" width=\"110\">\n<div style=\"height: 6px; overflow:hidden;\">\n<\/div>\n<\/td>\n<td>\n<div style=\"height: 6px; overflow:hidden;\">\n<\/div>\n<\/td>\n<\/tr>\n<tr>\n<td width=\"110\" valign=\"top\"><span style=\"color: #000000;\"><a href=\"http:\/\/www.centar-fm.org\/inmediasres\/index.php\/in-medias-res-broj6#7inmediasres06\">Jelena Maksimovi\u0107, Jelena Petrovi\u0107 i<br \/>\nJelena Osmanovi\u0107:<\/a><\/span><\/td>\n<td valign=\"top\"><span style=\"color: #000000;\"><a href=\"http:\/\/www.centar-fm.org\/inmediasres\/index.php\/in-medias-res-broj6#7inmediasres06\"><strong>Medijske kompetencije \u0161kolskih pedagoga usuzbijanju vr\u0161nja\u010dkog nasilja<\/strong><\/a><\/span><\/p>\n<div style=\"height: 5px; overflow:hidden;\">&nbsp;<\/div>\n<p><span style=\"color: #000000;\"><a href=\"http:\/\/www.centar-fm.org\/inmediasres\/index.php\/in-medias-res-broj6#7inmediasres06\"><strong>Media Competence of School Pedagogues the Control of Peer Violence<\/strong><\/a><\/span>\n<\/td>\n<\/tr>\n<tr>\n<td valign=\"top\" width=\"110\">\n<div style=\"height: 6px; overflow:hidden;\">\n<\/div>\n<\/td>\n<td>\n<div style=\"height: 6px; overflow:hidden;\">\n<\/div>\n<\/td>\n<\/tr>\n<tr>\n<td width=\"110\" valign=\"top\"><span style=\"color: #000000;\"><a href=\"http:\/\/www.centar-fm.org\/inmediasres\/index.php\/in-medias-res-broj6#8inmediasres06\">Milo\u0161 \u0110or\u0111evi\u0107:<\/a><\/span><\/td>\n<td valign=\"top\"><span style=\"color: #000000;\"><a href=\"http:\/\/www.centar-fm.org\/inmediasres\/index.php\/in-medias-res-broj6#8inmediasres06\"><strong>Novi mediji \u2013 strategija revitalizacije ili relativizacije grafi\u010dke umjetnosti<\/strong><\/a><\/span><\/p>\n<div style=\"height: 5px; overflow:hidden;\">&nbsp;<\/div>\n<p><span style=\"color: #000000;\"><a href=\"http:\/\/www.centar-fm.org\/inmediasres\/index.php\/in-medias-res-broj6#8inmediasres06\"><strong>New Media \u2013 Strategy of Revitalizing or Graphic Arts Relativization<\/strong><\/a><\/span>\n<\/td>\n<\/tr>\n<tr>\n<td valign=\"top\" width=\"110\">\n<div style=\"height: 6px; overflow:hidden;\">\n<\/div>\n<\/td>\n<td>\n<div style=\"height: 6px; overflow:hidden;\">\n<\/div>\n<\/td>\n<\/tr>\n<tr>\n<td width=\"110\" valign=\"top\"><span style=\"color: #000000;\"><a href=\"http:\/\/www.centar-fm.org\/inmediasres\/index.php\/in-medias-res-broj6#9inmediasres06\">Marina A\u0161kovi\u0107:<\/a><\/span><\/td>\n<td valign=\"top\"><span style=\"color: #000000;\"><a href=\"http:\/\/www.centar-fm.org\/inmediasres\/index.php\/in-medias-res-broj6#9inmediasres06\"><strong>Ekologija medija<\/strong><\/a><\/span><\/p>\n<div style=\"height: 5px; overflow:hidden;\">&nbsp;<\/div>\n<p><span style=\"color: #000000;\"><a href=\"http:\/\/www.centar-fm.org\/inmediasres\/index.php\/in-medias-res-broj6#9inmediasres06\"><strong>Media Ecology<\/strong><\/a><\/span>\n<\/td>\n<\/tr>\n<tr>\n<td valign=\"top\" width=\"110\">\n<div style=\"height: 6px; overflow:hidden;\">\n<\/div>\n<\/td>\n<td>\n<div style=\"height: 6px; overflow:hidden;\">\n<\/div>\n<\/td>\n<\/tr>\n<tr>\n<td valign=\"top\" width=\"110\"><span style=\"color: #000000;\"><a href=\"http:\/\/www.centar-fm.org\/inmediasres\/index.php\/in-medias-res-broj6#10inmediasres06\">Daniela Bla\u017eevska:<\/a><\/span><\/td>\n<td valign=\"top\"><span style=\"color: #000000;\"><a href=\"http:\/\/www.centar-fm.org\/inmediasres\/index.php\/in-medias-res-broj6#10inmediasres06\"><strong>Budu\u0107nost masovnih medija: pokajanje<\/strong><\/a><\/span><\/p>\n<div style=\"height: 5px; overflow:hidden;\">&nbsp;<\/div>\n<p><span style=\"color: #000000;\"><a href=\"http:\/\/www.centar-fm.org\/inmediasres\/index.php\/in-medias-res-broj6#10inmediasres06\"><strong>The Future of the Mass Media: Repentance<\/strong><\/a><\/span>\n<\/td>\n<\/tr>\n<tr>\n<td valign=\"top\" width=\"110\">\n<div style=\"height: 6px; overflow:hidden;\">\n<\/div>\n<\/td>\n<td>\n<div style=\"height: 6px; overflow:hidden;\">\n<\/div>\n<\/td>\n<\/tr>\n<\/tbody>\n<\/table>\n<div style=\"height: 6px; overflow:hidden;\">&nbsp;<\/div>\n<p style=\"line-height: 150%;\"><span style=\"text-decoration: underline;\">II Studentski radovi<\/span><\/p>\n<table style=\"background-color: #eceff2;\" border=\"0\">\n<tbody>\n<tr>\n<td valign=\"top\" width=\"110\"><span style=\"color: #000000;\"><a href=\"http:\/\/www.centar-fm.org\/inmediasres\/index.php\/in-medias-res-broj6#11inmediasres06\">Nenad Vertov\u0161ek i Anja Tomovi\u0107:<\/a><\/span><\/td>\n<td valign=\"top\"><span style=\"color: #000000;\"><a href=\"http:\/\/www.centar-fm.org\/inmediasres\/index.php\/in-medias-res-broj6#11inmediasres06\"><strong>Medijsko zavo\u0111enje u suvremenom dru\u0161tvu spektakla i manipulacije<\/strong><\/a><\/span><\/p>\n<div style=\"height: 5px; overflow:hidden;\">&nbsp;<\/div>\n<p><span style=\"color: #000000;\"><a href=\"http:\/\/www.centar-fm.org\/inmediasres\/index.php\/in-medias-res-broj6#11inmediasres06\"><strong>Media Seduction in Modern Society of Spectacle and Manipulation<\/strong><\/a><\/span>\n<\/td>\n<\/tr>\n<tr>\n<td valign=\"top\" width=\"110\">\n<div style=\"height: 6px; overflow:hidden;\">\n<\/div>\n<\/td>\n<td>\n<div style=\"height: 6px; overflow:hidden;\">\n<\/div>\n<\/td>\n<\/tr>\n<tr>\n<td width=\"110\" valign=\"top\"><span style=\"color: #000000;\"><a href=\"http:\/\/www.centar-fm.org\/inmediasres\/index.php\/in-medias-res-broj6#12inmediasres06\">Nenad Vertov\u0161ek i Marija Andri\u0107:<\/a><\/span><\/td>\n<td valign=\"top\"><span style=\"color: #000000;\"><a href=\"http:\/\/www.centar-fm.org\/inmediasres\/index.php\/in-medias-res-broj6#12inmediasres06\"><strong>Masmedijski \u201etrenuci istine\u201c \u2013 od politi\u010dke komunikacije i politi\u010dkog marketinga do ratne propagande<\/strong><\/a><\/span><\/p>\n<div style=\"height: 5px; overflow:hidden;\">&nbsp;<\/div>\n<p><span style=\"color: #000000;\"><a href=\"http:\/\/www.centar-fm.org\/inmediasres\/index.php\/in-medias-res-broj6#12inmediasres06\"><strong>Mass Media \u201eMoments of Truth\u201c \u2013 from Political Communication and Political Marketing to the War Propaganda<\/strong><\/a><\/span>\n<\/td>\n<\/tr>\n<tr>\n<td valign=\"top\" width=\"110\">\n<div style=\"height: 6px; overflow:hidden;\">\n<\/div>\n<\/td>\n<td>\n<div style=\"height: 6px; overflow:hidden;\">\n<\/div>\n<\/td>\n<\/tr>\n<\/tbody>\n<\/table>\n<p style=\"line-height: 150%;\">\n<img loading=\"lazy\" decoding=\"async\" class=\" alignleft size-full wp-image-109\" style=\"float: left;\" src=\"https:\/\/centar-fm.org\/inmediasres\/wp-content\/uploads\/sites\/2\/2011\/11\/video32.png\" alt=\"video32\" width=\"20\" height=\"20\" \/><span style=\"text-decoration: underline;\">III Linkovi video izlaganja sa SIMPOZIJA FM 2014.<\/span><img loading=\"lazy\" decoding=\"async\" class=\" size-full wp-image-109\" src=\"https:\/\/centar-fm.org\/inmediasres\/wp-content\/uploads\/sites\/2\/2011\/11\/video32.png\" alt=\"video32\" width=\"20\" height=\"20\" \/><\/p>\n<table border=\"0\" style=\"background-color: #eceff2;\">\n<tbody>\n<tr>\n<td width=\"10\" valign=\"top\"><span style=\"color: #000000;\"><br \/>\n\u2013<br \/>\n<\/span>\n<\/td>\n<td><span style=\"color: #000000;\"><br \/>\n<a href=\"http:\/\/youtu.be\/zLCVUkp8KVI\"><strong><br \/>\nSead Ali\u0107 i g\u0111a. Jadranka Blatt, zamjenica gradona\u010delnika: Otvaranje Simpozija FILOZOFIJA MEDIJA (2014.) Budu\u0107nost medija<br \/>\n<\/strong><\/a><br \/>\n<\/span>\n<\/td>\n<\/tr>\n<tr>\n<tr>\n<td width=\"10\" valign=\"top\"><span style=\"color: #000000;\"><br \/>\n\u2013<br \/>\n<\/span>\n<\/td>\n<td><span style=\"color: #000000;\"><br \/>\n<a href=\"http:\/\/youtu.be\/0fPVBQahcLk\"><strong><br \/>\nDivna Vuksanovi\u0107: Budu\u0107nost medija: mediji i smrt<\/p>\n<p><\/strong><\/a><br \/>\n<\/span>\n<\/td>\n<\/tr>\n<tr>\n<td width=\"10\" valign=\"top\"><span style=\"color: #000000;\"><br \/>\n\u2013<br \/>\n<\/span>\n<\/td>\n<td><span style=\"color: #000000;\"><br \/>\n<a href=\"http:\/\/youtu.be\/PsRStI3lSKU\"><strong><br \/>\nDamir Smiljani\u0107: Ponovno ro\u0111enje duha u medijima. Specifi\u010dnost medijalnog obrta u filozofiji duha<\/p>\n<p><\/strong><\/a><br \/>\n<\/span>\n<\/td>\n<\/tr>\n<tr>\n<td width=\"10\" valign=\"top\"><span style=\"color: #000000;\"><br \/>\n\u2013<br \/>\n<\/span>\n<\/td>\n<td><span style=\"color: #000000;\"><br \/>\n<a href=\"http:\/\/youtu.be\/wAiglfGXIeI\"><strong><br \/>\n\u017deljko Rutovi\u0107: \u010covjek budu\u0107nosti \u2013 \u010dovjek (meta)medija? (brzina primjene \u2013 (ne)upitni identitet)<\/p>\n<p><\/strong><\/a><br \/>\n<\/span>\n<\/td>\n<\/tr>\n<tr>\n<td width=\"10\" valign=\"top\"><span style=\"color: #000000;\"><br \/>\n\u2013<br \/>\n<\/span>\n<\/td>\n<td><span style=\"color: #000000;\"><br \/>\n<a href=\"http:\/\/youtu.be\/pao5hyBmQgM\"><strong><br \/>\nFulvio \u0160uran: Cyberdru\u0161tvenost: kraj \u010dovjeka (kao zoon politikona)?<\/p>\n<p><\/strong><\/a><br \/>\n<\/span>\n<\/td>\n<\/tr>\n<tr>\n<td width=\"10\" valign=\"top\"><span style=\"color: #000000;\"><br \/>\n\u2013<br \/>\n<\/span>\n<\/td>\n<td><span style=\"color: #000000;\"><br \/>\n<a href=\"http:\/\/youtu.be\/bCzdqr7mQ-g\"><strong><br \/>\nNenad Vertov\u0161ek: Nova masmedijska i digitalna slika svijeta \u2013 smisao povezivanja i umre\u017eavanja ljudi u virtualnoj stvarnosti<\/p>\n<p><\/strong><\/a><br \/>\n<\/span>\n<\/td>\n<\/tr>\n<tr>\n<td width=\"10\" valign=\"top\"><span style=\"color: #000000;\"><br \/>\n\u2013<br \/>\n<\/span>\n<\/td>\n<td><span style=\"color: #000000;\"><br \/>\n<a href=\"http:\/\/youtu.be\/czjgZAck2mY\"><strong><br \/>\nMimo Dra\u0161kovi\u0107: Adrenalin medijska kultura za adrenalin generacije<\/p>\n<p><\/strong><\/a><br \/>\n<\/span>\n<\/td>\n<\/tr>\n<tr>\n<td width=\"10\" valign=\"top\"><span style=\"color: #000000;\"><br \/>\n\u2013<br \/>\n<\/span>\n<\/td>\n<td><span style=\"color: #000000;\"><br \/>\n<a href=\"http:\/\/youtu.be\/8CLySZkxBZI\"><strong><br \/>\nSanja Doki\u0107 Mr\u0161a: Like Fun<\/p>\n<p><\/strong><\/a><br \/>\n<\/span>\n<\/td>\n<\/tr>\n<tr>\n<td width=\"10\" valign=\"top\"><span style=\"color: #000000;\"><br \/>\n\u2013<br \/>\n<\/span>\n<\/td>\n<td><span style=\"color: #000000;\"><br \/>\n<a href=\"http:\/\/youtu.be\/qY1SPzroNnM\"><strong><br \/>\nVeljko \u017dvan: Medij kao globalni trgovac<\/p>\n<p><\/strong><\/a><br \/>\n<\/span>\n<\/td>\n<\/tr>\n<tr>\n<td width=\"10\" valign=\"top\"><span style=\"color: #000000;\"><br \/>\n\u2013<br \/>\n<\/span>\n<\/td>\n<td><span style=\"color: #000000;\"><br \/>\n<a href=\"http:\/\/youtu.be\/9y5E_VOc4Q8\"><strong><br \/>\nSla\u0111ana Stamenkovi\u0107: Novinarstvo i mediji budu\u0107nosti \u2013 kreiranje identiteta i stvarnosti<\/p>\n<p><\/strong><\/a><br \/>\n<\/span>\n<\/td>\n<\/tr>\n<tr>\n<td width=\"10\" valign=\"top\"><span style=\"color: #000000;\"><br \/>\n\u2013<br \/>\n<\/span>\n<\/td>\n<td><span style=\"color: #000000;\"><br \/>\n<a href=\"http:\/\/youtu.be\/Fu0rV5NWUKw\"><strong><br \/>\nMagdalena Najbar Agi\u010di\u0107: Obrazovanje novinara za budu\u0107nost medija: ideje i po\u010deci institucionalne izobrazbe novinara u Hrvatskoj<\/p>\n<p><\/strong><\/a><br \/>\n<\/span>\n<\/td>\n<\/tr>\n<tr>\n<td width=\"10\" valign=\"top\"><span style=\"color: #000000;\"><br \/>\n\u2013<br \/>\n<\/span>\n<\/td>\n<td><span style=\"color: #000000;\"><br \/>\n<a href=\"http:\/\/youtu.be\/9Dw3_vBjAYk\"><strong><br \/>\n\u017deljko Kru\u0161elj: Neizvjesna budu\u0107nost: propadanje hrvatskih informativnih tiskovina<\/p>\n<p><\/strong><\/a><br \/>\n<\/span>\n<\/td>\n<\/tr>\n<tr>\n<td width=\"10\" valign=\"top\"><span style=\"color: #000000;\"><br \/>\n\u2013<br \/>\n<\/span>\n<\/td>\n<td><span style=\"color: #000000;\"><br \/>\n<a href=\"http:\/\/youtu.be\/-5-7uYS5uTM\"><strong><br \/>\nBoris Beck: Mediji hipersvijeta \u2013 hipercarstvo, hipersukob, hiperdemokracija <\/p>\n<p><\/strong><\/a><br \/>\n<\/span>\n<\/td>\n<\/tr>\n<tr>\n<td width=\"10\" valign=\"top\"><span style=\"color: #000000;\"><br \/>\n\u2013<br \/>\n<\/span>\n<\/td>\n<td><span style=\"color: #000000;\"><br \/>\n<a href=\"http:\/\/youtu.be\/NkHV9C8GH_s\"><strong><br \/>\nMiroslav Vicentijevi\u0107: Uticaj televizijske reklame na kreiranje identiteta<\/p>\n<p><\/strong><\/a><br \/>\n<\/span>\n<\/td>\n<\/tr>\n<tr>\n<td width=\"10\" valign=\"top\"><span style=\"color: #000000;\"><br \/>\n\u2013<br \/>\n<\/span>\n<\/td>\n<td><span style=\"color: #000000;\"><br \/>\n<a href=\"http:\/\/youtu.be\/BWIpm48Ym-U\"><strong><br \/>\nBojan Blagojevi\u0107: They\u2019ll tell us what to do! Uloga medija u izgradnji evropskih identiteta<\/p>\n<p><\/strong><\/a><br \/>\n<\/span>\n<\/td>\n<\/tr>\n<tr>\n<td width=\"10\" valign=\"top\"><span style=\"color: #000000;\"><br \/>\n\u2013<br \/>\n<\/span>\n<\/td>\n<td><span style=\"color: #000000;\"><br \/>\n<a href=\"http:\/\/youtu.be\/EBzfVugx6TM\"><strong><br \/>\nPetra Bagari\u0107: Medijske slike ukrajinske krize: isti doga\u0111aji, suprotstavljene konstrukcije stvarnosti<\/p>\n<p><\/strong><\/a><br \/>\n<\/span>\n<\/td>\n<\/tr>\n<tr>\n<td width=\"10\" valign=\"top\"><span style=\"color: #000000;\"><br \/>\n\u2013<br \/>\n<\/span>\n<\/td>\n<td><span style=\"color: #000000;\"><br \/>\n<a href=\"http:\/\/youtu.be\/LLfYjkskSxU\"><strong><br \/>\nSa\u0161a Mili\u0107: Reprezentacije modernosti u filmovima \u017daka Tatija<\/p>\n<p><\/strong><\/a><br \/>\n<\/span>\n<\/td>\n<\/tr>\n<tr>\n<td width=\"10\" valign=\"top\"><span style=\"color: #000000;\"><br \/>\n\u2013<br \/>\n<\/span>\n<\/td>\n<td><span style=\"color: #000000;\"><br \/>\n<a href=\"http:\/\/youtu.be\/ZN8AwWoMZDw\"><strong><br \/>\nIvan Nikoli\u0107: Neverbalno citiranje u filmovima Terensa Malika i Erika \u2013 Emanuela \u0160mita<\/p>\n<p><\/strong><\/a><br \/>\n<\/span>\n<\/td>\n<\/tr>\n<tr>\n<td width=\"10\" valign=\"top\"><span style=\"color: #000000;\"><br \/>\n\u2013<br \/>\n<\/span>\n<\/td>\n<td><span style=\"color: #000000;\"><br \/>\n<a href=\"http:\/\/youtu.be\/CuSx25RYnrw\"><strong><br \/>\nAngelina Milosavljevi\u0107 Ault: Film je mrtav! \u017diveo film! Peter Greenaway o budu\u0107nosti medija<\/p>\n<p><\/strong><\/a><br \/>\n<\/span>\n<\/td>\n<\/tr>\n<tr>\n<td width=\"10\" valign=\"top\"><span style=\"color: #000000;\"><br \/>\n\u2013<br \/>\n<\/span>\n<\/td>\n<td><span style=\"color: #000000;\"><br \/>\n<a href=\"http:\/\/youtu.be\/RFKxcHRmM7E\"><strong><br \/>\nIrena Mili\u010di\u0107: Odr\u017eivi ili neodr\u017eivi razvoj? Utjecaj mre\u017enih platformi na medijske kompetencije djece i mladih<\/p>\n<p><\/strong><\/a><br \/>\n<\/span>\n<\/td>\n<\/tr>\n<tr>\n<td width=\"10\" valign=\"top\"><span style=\"color: #000000;\"><br \/>\n\u2013<br \/>\n<\/span>\n<\/td>\n<td><span style=\"color: #000000;\"><br \/>\n<a href=\"http:\/\/youtu.be\/qNrgZKDnXUI\"><strong><br \/>\nSanja Jovanovi\u0107: Mediji i \u010dovek kao njihov tvorac i (ne)kriti\u010dar<\/p>\n<p><\/strong><\/a><br \/>\n<\/span>\n<\/td>\n<\/tr>\n<tr>\n<td width=\"10\" valign=\"top\"><span style=\"color: #000000;\"><br \/>\n\u2013<br \/>\n<\/span>\n<\/td>\n<td><span style=\"color: #000000;\"><br \/>\n<a href=\"http:\/\/youtu.be\/bfHUJaCsxlI\"><strong><br \/>\nJana Simovi\u0107: \u017divot u kolonijalnom stilu<\/p>\n<p><\/strong><\/a><br \/>\n<\/span>\n<\/td>\n<\/tr>\n<tr>\n<td width=\"10\" valign=\"top\"><span style=\"color: #000000;\"><br \/>\n\u2013<br \/>\n<\/span>\n<\/td>\n<td><span style=\"color: #000000;\"><br \/>\n<a href=\"http:\/\/youtu.be\/QGwhY7dL0ag\"><strong><br \/>\nLidija Duji\u0107: Ledeno &#038; prekarno<\/p>\n<p><\/strong><\/a><br \/>\n<\/span>\n<\/td>\n<\/tr>\n<tr>\n<td width=\"10\" valign=\"top\"><span style=\"color: #000000;\"><br \/>\n\u2013<br \/>\n<\/span>\n<\/td>\n<td><span style=\"color: #000000;\"><br \/>\n<a href=\"http:\/\/youtu.be\/u2l8E3uubB8\"><strong><br \/>\nAleksandra Brakus: Mediji i marketing<\/p>\n<p><\/strong><\/a><br \/>\n<\/span>\n<\/td>\n<\/tr>\n<tr>\n<td width=\"10\" valign=\"top\"><span style=\"color: #000000;\"><br \/>\n\u2013<br \/>\n<\/span>\n<\/td>\n<td><span style=\"color: #000000;\"><br \/>\n<a href=\"http:\/\/youtu.be\/qPz1MtVT3II\"><strong><br \/>\nAna Mulovi\u0107: Utjecaj kori\u0161tenja novih tehnologija na autorska prava: primjeri elektroni\u010dkih knjiga<\/p>\n<p><\/strong><\/a><br \/>\n<\/span>\n<\/td>\n<\/tr>\n<tr>\n<td width=\"10\" valign=\"top\"><span style=\"color: #000000;\"><br \/>\n\u2013<br \/>\n<\/span>\n<\/td>\n<td><span style=\"color: #000000;\"><br \/>\n<a href=\"http:\/\/youtu.be\/qx296YHbYQg\"><strong><br \/>\nDanijela Panti\u0107 Coni\u0107: Identiteti i budu\u0107nost medija<\/p>\n<p><\/strong><\/a><br \/>\n<\/span>\n<\/td>\n<\/tr>\n<tr>\n<td width=\"10\" valign=\"top\"><span style=\"color: #000000;\"><br \/>\n\u2013<br \/>\n<\/span>\n<\/td>\n<td><span style=\"color: #000000;\"><br \/>\n<a href=\"http:\/\/youtu.be\/13Ka5XjjsyQ\"><strong><br \/>\nMirko Jakovljevi\u0107: Ljubomora &#8211; faktor uticaja na kreativno umetni\u010dko izra\u017eavanje televizijskog reportera<\/p>\n<p><\/strong><\/a><br \/>\n<\/span>\n<\/td>\n<\/tr>\n<tr>\n<td width=\"10\" valign=\"top\"><span style=\"color: #000000;\"><br \/>\n\u2013<br \/>\n<\/span>\n<\/td>\n<td><span style=\"color: #000000;\"><br \/>\n<a href=\"http:\/\/youtu.be\/1MHCPHMV4MA\"><strong><br \/>\nMarina A\u0161kovi\u0107: Ekologija medija <\/p>\n<p><\/strong><\/a><br \/>\n<\/span>\n<\/td>\n<\/tr>\n<tr>\n<td width=\"10\" valign=\"top\"><span style=\"color: #000000;\"><br \/>\n\u2013<br \/>\n<\/span>\n<\/td>\n<td><span style=\"color: #000000;\"><br \/>\n<a href=\"http:\/\/youtu.be\/CNO6zFoot08\"><strong><br \/>\nLivia Pavleti\u0107: Mediji vs. Kultura \u2013 me\u0111udjelovanje <\/p>\n<p><\/strong><\/a><br \/>\n<\/span>\n<\/td>\n<\/tr>\n<tr>\n<td width=\"10\" valign=\"top\"><span style=\"color: #000000;\"><br \/>\n\u2013<br \/>\n<\/span>\n<\/td>\n<td><span style=\"color: #000000;\"><br \/>\n<a href=\"http:\/\/youtu.be\/Q3RdJg_ruYU\"><strong><br \/>\nSead Ali\u0107: Ivan Ladislav Galeta \u2013 istra\u017eiva\u010d medijskog prostora i medijskoga vremena<\/p>\n<p><\/strong><\/a><br \/>\n<\/span>\n<\/td>\n<\/tr>\n<tr>\n<td width=\"10\" valign=\"top\"><span style=\"color: #000000;\"><br \/>\n\u2013<br \/>\n<\/span>\n<\/td>\n<td><span style=\"color: #000000;\"><br \/>\n<a href=\"http:\/\/youtu.be\/Tz7UHXcyd_0\"><strong><br \/>\nMario Peri\u0161a: Selfie: ja sam onaj koji jesam ili narcis u odrazu camere obscure<\/p>\n<p><\/strong><\/a><br \/>\n<\/span>\n<\/td>\n<\/tr>\n<tr>\n<td width=\"10\" valign=\"top\"><span style=\"color: #000000;\"><br \/>\n\u2013<br \/>\n<\/span>\n<\/td>\n<td><span style=\"color: #000000;\"><br \/>\n<a href=\"http:\/\/youtu.be\/cyrBPPBdujc\"><strong><br \/>\nMirela Ba\u010di\u0107, Ivana Lek\u0161i\u0107 i Valentina \u0160poljari\u0107: Do medijske pismenosti medijima budu\u0107nosti <\/p>\n<p><\/strong><\/a><br \/>\n<\/span>\n<\/td>\n<\/tr>\n<tr>\n<td width=\"10\" valign=\"top\"><span style=\"color: #000000;\"><br \/>\n\u2013<br \/>\n<\/span>\n<\/td>\n<td><span style=\"color: #000000;\"><br \/>\n<a href=\"http:\/\/youtu.be\/d47X39nO6eI\"><strong><br \/>\nMateja Kati\u0107 i Tamara \u010covran: \u010casopis Noir <\/p>\n<p><\/strong><\/a><br \/>\n<\/span>\n<\/td>\n<\/tr>\n<\/tbody>\n<\/table>\n<\/td>\n<\/tr>\n<\/tbody>\n<\/table>\n","protected":false},"excerpt":{"rendered":"<p>&nbsp; IN MEDIAS RES \u010dasopis filozofije medija &nbsp; Izdava\u010d \u010dasopisa: Centar za filozofiju medija i mediolo\u0161ka istra\u017eivanja (Zagreb) &nbsp; Adresa: Petrovogorska 18, 10000 Zagreb &nbsp; E-mail: inmediasres@centar-fm.org &nbsp; GODINA 4 (2015) broj 6 &nbsp; \u010casopis je otvorenog pristupa, a ovo djelo je dano na kori\u0161tenje pod licencom Creative Commons Imenovanje-Nekomercijalno 4.0 me\u0111unarodna. &nbsp; ISSN 1848-6304 [&hellip;]<\/p>\n","protected":false},"author":2,"featured_media":269,"comment_status":"open","ping_status":"open","sticky":false,"template":"","format":"standard","meta":{"_acf_changed":false,"_et_pb_use_builder":"","_et_pb_old_content":"","_et_gb_content_width":"","footnotes":""},"categories":[48],"tags":[409,408,401,393,407,395,406,154,402,307,394,392,403,400,411,354,412,404,410,391,342,126,405,399,398,157,396,397],"class_list":["post-270","post","type-post","status-publish","format-standard","has-post-thumbnail","hentry","category-in-medias-res-broj-6-naslovnica","tag-anja-tomovic","tag-buducnost-masovnih-medija-pokajanje","tag-cyberdrustvenost-kraj-covjeka-kao-zoon-politikona","tag-damir-smiljanic","tag-daniela-blazevska","tag-danijela-pantic-conic","tag-ekologija-medija","tag-fulvio-suran","tag-identiteti-i-buducnost-medija","tag-jelena-maksimovic","tag-jelena-osmanovic","tag-jelena-petrovic","tag-ljubomora-faktor-utjecaja-na-kreativno-umjetnicko-izrazavanje-televizijskog-reportera","tag-lokalni-mediji-i-demokracija-u-hrvatskoj-neiskoristeni-potencijal","tag-marija-andric","tag-marina-askovic","tag-masmedijski-trenuci-istine-od-politicke-komunikacije-i-politickog-marketinga-do-ratne-propagande","tag-medijske-kompetencije-skolskih-pedagoga-usuzbijanju-vrsnjackog-nasilja","tag-medijsko-zavodenje-u-suvremenom-drustvu-spektakla-i-manipulacije","tag-milos-dordevic","tag-mirko-jakovljevic","tag-nenad-vertovsek","tag-novi-mediji-strategija-revitalizacije-ili-relativizacije-graficke-umjetnosti","tag-novinarstvo-i-mediji-buducnosti-kreiranje-identiteta-i-stvarnosti","tag-ponovno-rodenje-duha-u-medijima-specificnost-medijalnog-obrata-u-filozofiji-duha","tag-sladana-stamenkovic","tag-suzana-kunac","tag-vesna-roller","et-has-post-format-content","et_post_format-et-post-format-standard"],"acf":[],"yoast_head":"<!-- This site is optimized with the Yoast SEO plugin v27.4 - https:\/\/yoast.com\/product\/yoast-seo-wordpress\/ -->\n<title>naslovnica br.6 - In Medias Res - \u010casopis centra za filozofiju medija<\/title>\n<meta name=\"robots\" content=\"index, follow, max-snippet:-1, max-image-preview:large, max-video-preview:-1\" \/>\n<link rel=\"canonical\" href=\"https:\/\/centar-fm.org\/inmediasres\/index.php\/naslov6\/\" \/>\n<meta property=\"og:locale\" content=\"en_US\" \/>\n<meta property=\"og:type\" content=\"article\" \/>\n<meta property=\"og:title\" content=\"naslovnica br.6 - In Medias Res - \u010casopis centra za filozofiju medija\" \/>\n<meta property=\"og:description\" content=\"&nbsp; IN MEDIAS RES \u010dasopis filozofije medija &nbsp; Izdava\u010d \u010dasopisa: Centar za filozofiju medija i mediolo\u0161ka istra\u017eivanja (Zagreb) &nbsp; Adresa: Petrovogorska 18, 10000 Zagreb &nbsp; E-mail: inmediasres@centar-fm.org &nbsp; GODINA 4 (2015) broj 6 &nbsp; \u010casopis je otvorenog pristupa, a ovo djelo je dano na kori\u0161tenje pod licencom Creative Commons Imenovanje-Nekomercijalno 4.0 me\u0111unarodna. &nbsp; ISSN 1848-6304 [&hellip;]\" \/>\n<meta property=\"og:url\" content=\"https:\/\/centar-fm.org\/inmediasres\/index.php\/naslov6\/\" \/>\n<meta property=\"og:site_name\" content=\"In Medias Res - \u010casopis centra za filozofiju medija\" \/>\n<meta property=\"article:published_time\" content=\"2011-11-23T16:23:10+00:00\" \/>\n<meta property=\"og:image\" content=\"https:\/\/centar-fm.org\/inmediasres\/wp-content\/uploads\/sites\/2\/2011\/11\/inmediasresno06ii.jpg\" \/>\n\t<meta property=\"og:image:width\" content=\"592\" \/>\n\t<meta property=\"og:image:height\" content=\"868\" \/>\n\t<meta property=\"og:image:type\" content=\"image\/jpeg\" \/>\n<meta name=\"author\" content=\"Super User\" \/>\n<meta name=\"twitter:card\" content=\"summary_large_image\" \/>\n<meta name=\"twitter:label1\" content=\"Written by\" \/>\n\t<meta name=\"twitter:data1\" content=\"Super User\" \/>\n\t<meta name=\"twitter:label2\" content=\"Est. reading time\" \/>\n\t<meta name=\"twitter:data2\" content=\"4 minutes\" \/>\n<script type=\"application\/ld+json\" class=\"yoast-schema-graph\">{\"@context\":\"https:\\\/\\\/schema.org\",\"@graph\":[{\"@type\":\"Article\",\"@id\":\"https:\\\/\\\/centar-fm.org\\\/inmediasres\\\/index.php\\\/naslov6\\\/#article\",\"isPartOf\":{\"@id\":\"https:\\\/\\\/centar-fm.org\\\/inmediasres\\\/index.php\\\/naslov6\\\/\"},\"author\":{\"name\":\"Super User\",\"@id\":\"https:\\\/\\\/centar-fm.org\\\/inmediasres\\\/#\\\/schema\\\/person\\\/ae49dcc23965665608f66120db8245a4\"},\"headline\":\"naslovnica br.6\",\"datePublished\":\"2011-11-23T16:23:10+00:00\",\"mainEntityOfPage\":{\"@id\":\"https:\\\/\\\/centar-fm.org\\\/inmediasres\\\/index.php\\\/naslov6\\\/\"},\"wordCount\":708,\"commentCount\":0,\"image\":{\"@id\":\"https:\\\/\\\/centar-fm.org\\\/inmediasres\\\/index.php\\\/naslov6\\\/#primaryimage\"},\"thumbnailUrl\":\"https:\\\/\\\/centar-fm.org\\\/inmediasres\\\/wp-content\\\/uploads\\\/sites\\\/2\\\/2011\\\/11\\\/inmediasresno06ii.jpg\",\"keywords\":[\"Anja Tomovi\u0107\",\"Budu\u0107nost masovnih medija: pokajanje\",\"Cyberdru\u0161tvenost: kraj \u010dovjeka (kao zoon politikona)?\",\"Damir Smiljani\u0107\",\"Daniela Bla\u017eevska\",\"Danijela Panti\u0107 Coni\u0107\",\"Ekologija medija\",\"Fulvio \u0160uran\",\"Identiteti i budu\u0107nost medija?\",\"Jelena Maksimovi\u0107\",\"Jelena Osmanovi\u0107\",\"Jelena Petrovi\u0107\",\"Ljubomora \u2013 faktor utjecaja na kreativno umjetni\u010dko izra\u017eavanje televizijskog reportera\",\"Lokalni mediji i demokracija u Hrvatskoj: neiskori\u0161teni potencijal\",\"Marija Andri\u0107\",\"Marina A\u0161kovi\u0107\",\"Masmedijski \u201etrenuci istine\u201c \u2013 od politi\u010dke komunikacije i politi\u010dkog marketinga do ratne propagande\",\"Medijske kompetencije \u0161kolskih pedagoga usuzbijanju vr\u0161nja\u010dkog nasilja\",\"Medijsko zavo\u0111enje u suvremenom dru\u0161tvu spektakla i manipulacije\",\"Milo\u0161 \u0110or\u0111evi\u0107\",\"Mirko Jakovljevi\u0107\",\"Nenad Vertov\u0161ek\",\"Novi mediji \u2013 strategija revitalizacije ili relativizacije grafi\u010dke umjetnosti\",\"Novinarstvo i mediji budu\u0107nosti \u2013 kreiranje identiteta i stvarnosti\",\"Ponovno ro\u0111enje duha u medijima. Specifi\u010dnost medijalnog obrata u filozofiji duha\",\"Sla\u0111ana Stamenkovi\u0107\",\"Suzana Kunac\",\"Vesna Roller\"],\"articleSection\":[\"In Medias Res broj 6 naslovnica\"],\"inLanguage\":\"en-US\",\"potentialAction\":[{\"@type\":\"CommentAction\",\"name\":\"Comment\",\"target\":[\"https:\\\/\\\/centar-fm.org\\\/inmediasres\\\/index.php\\\/naslov6\\\/#respond\"]}]},{\"@type\":\"WebPage\",\"@id\":\"https:\\\/\\\/centar-fm.org\\\/inmediasres\\\/index.php\\\/naslov6\\\/\",\"url\":\"https:\\\/\\\/centar-fm.org\\\/inmediasres\\\/index.php\\\/naslov6\\\/\",\"name\":\"naslovnica br.6 - In Medias Res - \u010casopis centra za filozofiju medija\",\"isPartOf\":{\"@id\":\"https:\\\/\\\/centar-fm.org\\\/inmediasres\\\/#website\"},\"primaryImageOfPage\":{\"@id\":\"https:\\\/\\\/centar-fm.org\\\/inmediasres\\\/index.php\\\/naslov6\\\/#primaryimage\"},\"image\":{\"@id\":\"https:\\\/\\\/centar-fm.org\\\/inmediasres\\\/index.php\\\/naslov6\\\/#primaryimage\"},\"thumbnailUrl\":\"https:\\\/\\\/centar-fm.org\\\/inmediasres\\\/wp-content\\\/uploads\\\/sites\\\/2\\\/2011\\\/11\\\/inmediasresno06ii.jpg\",\"datePublished\":\"2011-11-23T16:23:10+00:00\",\"author\":{\"@id\":\"https:\\\/\\\/centar-fm.org\\\/inmediasres\\\/#\\\/schema\\\/person\\\/ae49dcc23965665608f66120db8245a4\"},\"breadcrumb\":{\"@id\":\"https:\\\/\\\/centar-fm.org\\\/inmediasres\\\/index.php\\\/naslov6\\\/#breadcrumb\"},\"inLanguage\":\"en-US\",\"potentialAction\":[{\"@type\":\"ReadAction\",\"target\":[\"https:\\\/\\\/centar-fm.org\\\/inmediasres\\\/index.php\\\/naslov6\\\/\"]}]},{\"@type\":\"ImageObject\",\"inLanguage\":\"en-US\",\"@id\":\"https:\\\/\\\/centar-fm.org\\\/inmediasres\\\/index.php\\\/naslov6\\\/#primaryimage\",\"url\":\"https:\\\/\\\/centar-fm.org\\\/inmediasres\\\/wp-content\\\/uploads\\\/sites\\\/2\\\/2011\\\/11\\\/inmediasresno06ii.jpg\",\"contentUrl\":\"https:\\\/\\\/centar-fm.org\\\/inmediasres\\\/wp-content\\\/uploads\\\/sites\\\/2\\\/2011\\\/11\\\/inmediasresno06ii.jpg\",\"width\":592,\"height\":868,\"caption\":\"InMediasRes\"},{\"@type\":\"BreadcrumbList\",\"@id\":\"https:\\\/\\\/centar-fm.org\\\/inmediasres\\\/index.php\\\/naslov6\\\/#breadcrumb\",\"itemListElement\":[{\"@type\":\"ListItem\",\"position\":1,\"name\":\"Po\u010detna stranica\",\"item\":\"https:\\\/\\\/centar-fm.org\\\/inmediasres\\\/\"},{\"@type\":\"ListItem\",\"position\":2,\"name\":\"naslovnica br.6\"}]},{\"@type\":\"WebSite\",\"@id\":\"https:\\\/\\\/centar-fm.org\\\/inmediasres\\\/#website\",\"url\":\"https:\\\/\\\/centar-fm.org\\\/inmediasres\\\/\",\"name\":\"In Medias Res - \u010casopis centra za filozofiju medija\",\"description\":\"\",\"potentialAction\":[{\"@type\":\"SearchAction\",\"target\":{\"@type\":\"EntryPoint\",\"urlTemplate\":\"https:\\\/\\\/centar-fm.org\\\/inmediasres\\\/?s={search_term_string}\"},\"query-input\":{\"@type\":\"PropertyValueSpecification\",\"valueRequired\":true,\"valueName\":\"search_term_string\"}}],\"inLanguage\":\"en-US\"},{\"@type\":\"Person\",\"@id\":\"https:\\\/\\\/centar-fm.org\\\/inmediasres\\\/#\\\/schema\\\/person\\\/ae49dcc23965665608f66120db8245a4\",\"name\":\"Super User\",\"image\":{\"@type\":\"ImageObject\",\"inLanguage\":\"en-US\",\"@id\":\"https:\\\/\\\/secure.gravatar.com\\\/avatar\\\/5ac3fc5ccca7755fa3f558fed4a39be2232c6585e68bd398c790d57375dde921?s=96&d=mm&r=g\",\"url\":\"https:\\\/\\\/secure.gravatar.com\\\/avatar\\\/5ac3fc5ccca7755fa3f558fed4a39be2232c6585e68bd398c790d57375dde921?s=96&d=mm&r=g\",\"contentUrl\":\"https:\\\/\\\/secure.gravatar.com\\\/avatar\\\/5ac3fc5ccca7755fa3f558fed4a39be2232c6585e68bd398c790d57375dde921?s=96&d=mm&r=g\",\"caption\":\"Super User\"},\"url\":\"https:\\\/\\\/centar-fm.org\\\/inmediasres\\\/index.php\\\/author\\\/amynovcfmweb\\\/\"}]}<\/script>\n<!-- \/ Yoast SEO plugin. -->","yoast_head_json":{"title":"naslovnica br.6 - In Medias Res - \u010casopis centra za filozofiju medija","robots":{"index":"index","follow":"follow","max-snippet":"max-snippet:-1","max-image-preview":"max-image-preview:large","max-video-preview":"max-video-preview:-1"},"canonical":"https:\/\/centar-fm.org\/inmediasres\/index.php\/naslov6\/","og_locale":"en_US","og_type":"article","og_title":"naslovnica br.6 - In Medias Res - \u010casopis centra za filozofiju medija","og_description":"&nbsp; IN MEDIAS RES \u010dasopis filozofije medija &nbsp; Izdava\u010d \u010dasopisa: Centar za filozofiju medija i mediolo\u0161ka istra\u017eivanja (Zagreb) &nbsp; Adresa: Petrovogorska 18, 10000 Zagreb &nbsp; E-mail: inmediasres@centar-fm.org &nbsp; GODINA 4 (2015) broj 6 &nbsp; \u010casopis je otvorenog pristupa, a ovo djelo je dano na kori\u0161tenje pod licencom Creative Commons Imenovanje-Nekomercijalno 4.0 me\u0111unarodna. &nbsp; ISSN 1848-6304 [&hellip;]","og_url":"https:\/\/centar-fm.org\/inmediasres\/index.php\/naslov6\/","og_site_name":"In Medias Res - \u010casopis centra za filozofiju medija","article_published_time":"2011-11-23T16:23:10+00:00","og_image":[{"width":592,"height":868,"url":"https:\/\/centar-fm.org\/inmediasres\/wp-content\/uploads\/sites\/2\/2011\/11\/inmediasresno06ii.jpg","type":"image\/jpeg"}],"author":"Super User","twitter_card":"summary_large_image","twitter_misc":{"Written by":"Super User","Est. reading time":"4 minutes"},"schema":{"@context":"https:\/\/schema.org","@graph":[{"@type":"Article","@id":"https:\/\/centar-fm.org\/inmediasres\/index.php\/naslov6\/#article","isPartOf":{"@id":"https:\/\/centar-fm.org\/inmediasres\/index.php\/naslov6\/"},"author":{"name":"Super User","@id":"https:\/\/centar-fm.org\/inmediasres\/#\/schema\/person\/ae49dcc23965665608f66120db8245a4"},"headline":"naslovnica br.6","datePublished":"2011-11-23T16:23:10+00:00","mainEntityOfPage":{"@id":"https:\/\/centar-fm.org\/inmediasres\/index.php\/naslov6\/"},"wordCount":708,"commentCount":0,"image":{"@id":"https:\/\/centar-fm.org\/inmediasres\/index.php\/naslov6\/#primaryimage"},"thumbnailUrl":"https:\/\/centar-fm.org\/inmediasres\/wp-content\/uploads\/sites\/2\/2011\/11\/inmediasresno06ii.jpg","keywords":["Anja Tomovi\u0107","Budu\u0107nost masovnih medija: pokajanje","Cyberdru\u0161tvenost: kraj \u010dovjeka (kao zoon politikona)?","Damir Smiljani\u0107","Daniela Bla\u017eevska","Danijela Panti\u0107 Coni\u0107","Ekologija medija","Fulvio \u0160uran","Identiteti i budu\u0107nost medija?","Jelena Maksimovi\u0107","Jelena Osmanovi\u0107","Jelena Petrovi\u0107","Ljubomora \u2013 faktor utjecaja na kreativno umjetni\u010dko izra\u017eavanje televizijskog reportera","Lokalni mediji i demokracija u Hrvatskoj: neiskori\u0161teni potencijal","Marija Andri\u0107","Marina A\u0161kovi\u0107","Masmedijski \u201etrenuci istine\u201c \u2013 od politi\u010dke komunikacije i politi\u010dkog marketinga do ratne propagande","Medijske kompetencije \u0161kolskih pedagoga usuzbijanju vr\u0161nja\u010dkog nasilja","Medijsko zavo\u0111enje u suvremenom dru\u0161tvu spektakla i manipulacije","Milo\u0161 \u0110or\u0111evi\u0107","Mirko Jakovljevi\u0107","Nenad Vertov\u0161ek","Novi mediji \u2013 strategija revitalizacije ili relativizacije grafi\u010dke umjetnosti","Novinarstvo i mediji budu\u0107nosti \u2013 kreiranje identiteta i stvarnosti","Ponovno ro\u0111enje duha u medijima. Specifi\u010dnost medijalnog obrata u filozofiji duha","Sla\u0111ana Stamenkovi\u0107","Suzana Kunac","Vesna Roller"],"articleSection":["In Medias Res broj 6 naslovnica"],"inLanguage":"en-US","potentialAction":[{"@type":"CommentAction","name":"Comment","target":["https:\/\/centar-fm.org\/inmediasres\/index.php\/naslov6\/#respond"]}]},{"@type":"WebPage","@id":"https:\/\/centar-fm.org\/inmediasres\/index.php\/naslov6\/","url":"https:\/\/centar-fm.org\/inmediasres\/index.php\/naslov6\/","name":"naslovnica br.6 - In Medias Res - \u010casopis centra za filozofiju medija","isPartOf":{"@id":"https:\/\/centar-fm.org\/inmediasres\/#website"},"primaryImageOfPage":{"@id":"https:\/\/centar-fm.org\/inmediasres\/index.php\/naslov6\/#primaryimage"},"image":{"@id":"https:\/\/centar-fm.org\/inmediasres\/index.php\/naslov6\/#primaryimage"},"thumbnailUrl":"https:\/\/centar-fm.org\/inmediasres\/wp-content\/uploads\/sites\/2\/2011\/11\/inmediasresno06ii.jpg","datePublished":"2011-11-23T16:23:10+00:00","author":{"@id":"https:\/\/centar-fm.org\/inmediasres\/#\/schema\/person\/ae49dcc23965665608f66120db8245a4"},"breadcrumb":{"@id":"https:\/\/centar-fm.org\/inmediasres\/index.php\/naslov6\/#breadcrumb"},"inLanguage":"en-US","potentialAction":[{"@type":"ReadAction","target":["https:\/\/centar-fm.org\/inmediasres\/index.php\/naslov6\/"]}]},{"@type":"ImageObject","inLanguage":"en-US","@id":"https:\/\/centar-fm.org\/inmediasres\/index.php\/naslov6\/#primaryimage","url":"https:\/\/centar-fm.org\/inmediasres\/wp-content\/uploads\/sites\/2\/2011\/11\/inmediasresno06ii.jpg","contentUrl":"https:\/\/centar-fm.org\/inmediasres\/wp-content\/uploads\/sites\/2\/2011\/11\/inmediasresno06ii.jpg","width":592,"height":868,"caption":"InMediasRes"},{"@type":"BreadcrumbList","@id":"https:\/\/centar-fm.org\/inmediasres\/index.php\/naslov6\/#breadcrumb","itemListElement":[{"@type":"ListItem","position":1,"name":"Po\u010detna stranica","item":"https:\/\/centar-fm.org\/inmediasres\/"},{"@type":"ListItem","position":2,"name":"naslovnica br.6"}]},{"@type":"WebSite","@id":"https:\/\/centar-fm.org\/inmediasres\/#website","url":"https:\/\/centar-fm.org\/inmediasres\/","name":"In Medias Res - \u010casopis centra za filozofiju medija","description":"","potentialAction":[{"@type":"SearchAction","target":{"@type":"EntryPoint","urlTemplate":"https:\/\/centar-fm.org\/inmediasres\/?s={search_term_string}"},"query-input":{"@type":"PropertyValueSpecification","valueRequired":true,"valueName":"search_term_string"}}],"inLanguage":"en-US"},{"@type":"Person","@id":"https:\/\/centar-fm.org\/inmediasres\/#\/schema\/person\/ae49dcc23965665608f66120db8245a4","name":"Super User","image":{"@type":"ImageObject","inLanguage":"en-US","@id":"https:\/\/secure.gravatar.com\/avatar\/5ac3fc5ccca7755fa3f558fed4a39be2232c6585e68bd398c790d57375dde921?s=96&d=mm&r=g","url":"https:\/\/secure.gravatar.com\/avatar\/5ac3fc5ccca7755fa3f558fed4a39be2232c6585e68bd398c790d57375dde921?s=96&d=mm&r=g","contentUrl":"https:\/\/secure.gravatar.com\/avatar\/5ac3fc5ccca7755fa3f558fed4a39be2232c6585e68bd398c790d57375dde921?s=96&d=mm&r=g","caption":"Super User"},"url":"https:\/\/centar-fm.org\/inmediasres\/index.php\/author\/amynovcfmweb\/"}]}},"_links":{"self":[{"href":"https:\/\/centar-fm.org\/inmediasres\/index.php\/wp-json\/wp\/v2\/posts\/270","targetHints":{"allow":["GET"]}}],"collection":[{"href":"https:\/\/centar-fm.org\/inmediasres\/index.php\/wp-json\/wp\/v2\/posts"}],"about":[{"href":"https:\/\/centar-fm.org\/inmediasres\/index.php\/wp-json\/wp\/v2\/types\/post"}],"author":[{"embeddable":true,"href":"https:\/\/centar-fm.org\/inmediasres\/index.php\/wp-json\/wp\/v2\/users\/2"}],"replies":[{"embeddable":true,"href":"https:\/\/centar-fm.org\/inmediasres\/index.php\/wp-json\/wp\/v2\/comments?post=270"}],"version-history":[{"count":0,"href":"https:\/\/centar-fm.org\/inmediasres\/index.php\/wp-json\/wp\/v2\/posts\/270\/revisions"}],"wp:featuredmedia":[{"embeddable":true,"href":"https:\/\/centar-fm.org\/inmediasres\/index.php\/wp-json\/wp\/v2\/media\/269"}],"wp:attachment":[{"href":"https:\/\/centar-fm.org\/inmediasres\/index.php\/wp-json\/wp\/v2\/media?parent=270"}],"wp:term":[{"taxonomy":"category","embeddable":true,"href":"https:\/\/centar-fm.org\/inmediasres\/index.php\/wp-json\/wp\/v2\/categories?post=270"},{"taxonomy":"post_tag","embeddable":true,"href":"https:\/\/centar-fm.org\/inmediasres\/index.php\/wp-json\/wp\/v2\/tags?post=270"}],"curies":[{"name":"wp","href":"https:\/\/api.w.org\/{rel}","templated":true}]}}