{"id":293,"date":"2016-05-30T12:00:27","date_gmt":"2016-05-30T12:00:27","guid":{"rendered":"https:\/\/sweet-mcclintock.194-60-87-163.plesk.page\/inmediasres\/2016\/05\/30\/naslov8\/"},"modified":"2016-05-30T12:00:27","modified_gmt":"2016-05-30T12:00:27","slug":"naslov8","status":"publish","type":"post","link":"https:\/\/centar-fm.org\/inmediasres\/index.php\/naslov8\/","title":{"rendered":"naslovnica br.8"},"content":{"rendered":"<table border=\"0\" cellspacing=\"0\" cellpadding=\"0\">\n<tbody>\n<tr>\n<td valign=\"top\" width=\"370\">\n<p><a href=\"index.php\/in-medias-res-broj8\"><\/a><\/p>\n<p style=\"text-align: center;\">&nbsp;<\/p>\n<p style=\"line-height: 170%; text-align: center;\">\n<a href=\"http:\/\/www.centar-fm.org\/inmediasres\/images\/pdf\/8\/cijeli casopis inmediasres08hrv.pdf\"><br \/>\n<img loading=\"lazy\" decoding=\"async\" class=\" size-full wp-image-108\" alt=\"adobe pdf_icon\" src=\"https:\/\/centar-fm.org\/inmediasres\/wp-content\/uploads\/sites\/2\/2011\/11\/adobe_pdf_icon.png\" width=\"55\" height=\"52\" title=\"InMediasRes\" onmouseout=\"this.src='https:\/\/centar-fm.org\/inmediasres\/wp-content\/uploads\/sites\/2\/2011\/11\/adobe_pdf_icon.png';\" onmouseover=\"this.src='images\/casopisi\/adobe_pdf_iconbless.png';\" \/><br \/>\n<\/a>\n<\/p>\n<p style=\"line-height: 170%; text-align: center;\"><strong>IN MEDIAS RES <\/strong><br \/> \u010dasopis filozofije medija <\/p>\n<p class=\"MsoNormal\" style=\"line-height: 50%;\">&nbsp;<\/p>\n<p style=\"line-height: 170%; text-align: center;\">Izdava\u010d \u010dasopisa:<br \/> Centar za filozofiju medija i mediolo\u0161ka istra\u017eivanja (Zagreb)<\/p>\n<p class=\"MsoNormal\" style=\"line-height: 50%;\">&nbsp;<\/p>\n<p style=\"line-height: 170%; text-align: center;\">Adresa: Petrovogorska 18, 10000 Zagreb <\/p>\n<p class=\"MsoNormal\" style=\"line-height: 50%;\">&nbsp;<\/p>\n<p style=\"line-height: 170%; text-align: center;\">\nE-mail: inmediasres@centar-fm.org<\/p>\n<p class=\"MsoNormal\" style=\"line-height: 50%;\">&nbsp;<\/p>\n<p style=\"line-height: 170%; text-align: center;\">\nGODINA 5 (2016) broj 8<\/p>\n<p style=\"line-height: 100%; text-align: center;\">&nbsp;<\/p>\n<hr \/>\n<p style=\"line-height: 170%; text-align: center;\">\n<a rel=\"license\" href=\"http:\/\/creativecommons.org\/licenses\/by-nc\/4.0\/\"><img decoding=\"async\" alt=\"Creative Commons licenca\" style=\"border-width:0\" src=\"https:\/\/i.creativecommons.org\/l\/by-nc\/4.0\/88x31.png\" \/><\/a><br \/>\u010casopis je otvorenog pristupa, a ovo djelo je dano na kori\u0161tenje pod licencom <a rel=\"license\" href=\"http:\/\/creativecommons.org\/licenses\/by-nc\/4.0\/\"><strong>Creative Commons Imenovanje-Nekomercijalno 4.0 me\u0111unarodna<\/strong><\/a>.<\/p>\n<\/td>\n<td valign=\"top\" width=\"20\">\n<p style=\"line-height: 100%; text-align: center;\">&nbsp;<\/p>\n<\/td>\n<td valign=\"top\">\n<p style=\"line-height: 200%;\"><strong>ISSN 1848-6304<\/strong><\/p>\n<p style=\"line-height: 200%;\"><strong>UDK 316.774:1<\/strong><\/p>\n<p style=\"line-height: 200%;\"><strong>Vol 5, br. 8, 2016.<\/strong><\/p>\n<p style=\"line-height: 200%;\"><strong><em>Sadr\u017eaj<\/em><\/strong><\/p>\n<p style=\"text-align: center; line-height: 50%;\" align=\"center\">&nbsp;<\/p>\n<table style=\"background-color: #eceff2;\" border=\"0\">\n<tbody>\n<tr>\n<td valign=\"top\" width=\"110\"><span style=\"color: #000000;\"><span style=\"color: #000000;\"><a href=\"http:\/\/www.centar-fm.org\/inmediasres\/index.php\/in-medias-res-broj8#1inmediasres08\">David Dillard-Wright:<\/a><\/span><\/span><\/td>\n<td valign=\"top\"><span style=\"color: #000000;\"><a href=\"http:\/\/www.centar-fm.org\/inmediasres\/index.php\/in-medias-res-broj8#1inmediasres08\"><strong>Disaster and the Ethics<br \/>\nof Sympathy<\/strong><\/a><\/span><\/p>\n<div style=\"height: 5px; overflow:hidden;\">&nbsp;<\/div>\n<p><span style=\"color: #000000;\"><a href=\"http:\/\/www.centar-fm.org\/inmediasres\/index.php\/in-medias-res-broj8#1inmediasres08\"><strong>Katastrofe i etika su\u0107uti<\/strong><\/a><\/span>\n<\/td>\n<\/tr>\n<tr>\n<td valign=\"top\" width=\"110\">\n<div style=\"height: 6px; overflow:hidden;\">\n<\/div>\n<\/td>\n<td>\n<div style=\"height: 6px; overflow:hidden;\">\n<\/div>\n<\/td>\n<\/tr>\n<tr>\n<td width=\"110\" valign=\"top\"><span style=\"color: #000000;\"><a href=\"http:\/\/www.centar-fm.org\/inmediasres\/index.php\/in-medias-res-broj8#2inmediasres08\">Predrag Finci:<\/a><\/span><\/td>\n<td valign=\"top\"><span style=\"color: #000000;\"><a href=\"http:\/\/www.centar-fm.org\/inmediasres\/index.php\/in-medias-res-broj8#2inmediasres08\"><strong>Soba i ulica (stvarala\u0161tvo izme\u0111u privatnog i javnog)<\/strong><\/a><\/span><\/p>\n<div style=\"height: 5px; overflow:hidden;\">&nbsp;<\/div>\n<p><span style=\"color: #000000;\"><a href=\"http:\/\/www.centar-fm.org\/inmediasres\/index.php\/in-medias-res-broj8#2inmediasres08\"><strong>A Room and a Street (Creativity between the Private<br \/>\nand the Public)<\/strong><\/a><\/span>\n<\/td>\n<\/tr>\n<tr>\n<td valign=\"top\" width=\"110\">\n<div style=\"height: 6px; overflow:hidden;\">\n<\/div>\n<\/td>\n<td>\n<div style=\"height: 6px; overflow:hidden;\">\n<\/div>\n<\/td>\n<\/tr>\n<tr>\n<td width=\"110\" valign=\"top\"><span style=\"color: #000000;\"><a href=\"http:\/\/www.centar-fm.org\/inmediasres\/index.php\/in-medias-res-broj8#3inmediasres08\">\u017deljko Rutovi\u0107:<\/a><\/span><\/td>\n<td valign=\"top\"><span style=\"color: #000000;\"><a href=\"http:\/\/www.centar-fm.org\/inmediasres\/index.php\/in-medias-res-broj8#3inmediasres08\"><strong>Postmoderni mediji \u2013 (ne)mo\u0107 kreativnosti (stvarnost i spektakl)<\/strong><\/a><\/span><\/p>\n<div style=\"height: 5px; overflow:hidden;\">&nbsp;<\/div>\n<p><span style=\"color: #000000;\"><a href=\"http:\/\/www.centar-fm.org\/inmediasres\/index.php\/in-medias-res-broj8#3inmediasres08\"><strong>Postmodern Media \u2013 Wickness\/Power of Creativity (Reality and Spectacle)<\/strong><\/a><\/span>\n<\/td>\n<\/tr>\n<tr>\n<td valign=\"top\" width=\"110\">\n<div style=\"height: 6px; overflow:hidden;\">\n<\/div>\n<\/td>\n<td>\n<div style=\"height: 6px; overflow:hidden;\">\n<\/div>\n<\/td>\n<\/tr>\n<tr>\n<td width=\"110\" valign=\"top\"><span style=\"color: #000000;\"><a href=\"http:\/\/www.centar-fm.org\/inmediasres\/index.php\/in-medias-res-broj8#4inmediasres08\">Nenad Vertov\u0161ek:<\/a><\/span><\/td>\n<td valign=\"top\"><span style=\"color: #000000;\"><a href=\"http:\/\/www.centar-fm.org\/inmediasres\/index.php\/in-medias-res-broj8#4inmediasres08\"><strong>Dronovi kao mediji nove percepcije stvarnosti<br \/>\n21. stolje\u0107a \u2013 povezivanje kreativnosti i vojnih ciljeva<\/strong><\/a><\/span><\/p>\n<div style=\"height: 5px; overflow:hidden;\">&nbsp;<\/div>\n<p><span style=\"color: #000000;\"><a href=\"http:\/\/www.centar-fm.org\/inmediasres\/index.php\/in-medias-res-broj8#4inmediasres08\"><strong>Drones as Media of New Perception of Reality in the 21st Century &#8211; Connecting of Creativity and Military Objectives<\/strong><\/a><\/span>\n<\/td>\n<\/tr>\n<tr>\n<td valign=\"top\" width=\"110\">\n<div style=\"height: 6px; overflow:hidden;\">\n<\/div>\n<\/td>\n<td>\n<div style=\"height: 6px; overflow:hidden;\">\n<\/div>\n<\/td>\n<\/tr>\n<tr>\n<td width=\"110\" valign=\"top\"><span style=\"color: #000000;\"><a href=\"http:\/\/www.centar-fm.org\/inmediasres\/index.php\/in-medias-res-broj8#5inmediasres08\">Sla\u0111ana Stamenkovi\u0107:<\/a><\/span><\/td>\n<td valign=\"top\"><span style=\"color: #000000;\"><a href=\"http:\/\/www.centar-fm.org\/inmediasres\/index.php\/in-medias-res-broj8#5inmediasres08\"><strong>Mediji u Srbiji: kreativnost ili kvazikreativnost?<br \/>\n<\/strong><\/a><\/span><\/p>\n<div style=\"height: 5px; overflow:hidden;\">&nbsp;<\/div>\n<p><span style=\"color: #000000;\"><a href=\"http:\/\/www.centar-fm.org\/inmediasres\/index.php\/in-medias-res-broj8#5inmediasres08\"><strong>Media in Serbia: Creativity or<br \/>\nQuasi Creativity?<\/strong><\/a><\/span>\n<\/td>\n<\/tr>\n<tr>\n<td valign=\"top\" width=\"110\">\n<div style=\"height: 6px; overflow:hidden;\">\n<\/div>\n<\/td>\n<td>\n<div style=\"height: 6px; overflow:hidden;\">\n<\/div>\n<\/td>\n<\/tr>\n<tr>\n<td width=\"110\" valign=\"top\"><span style=\"color: #000000;\"><a href=\"http:\/\/www.centar-fm.org\/inmediasres\/index.php\/in-medias-res-broj8#6inmediasres08\">Edin Tabak i Damir Kuki\u0107:<\/a><\/span><\/td>\n<td valign=\"top\"><span style=\"color: #000000;\"><a href=\"http:\/\/www.centar-fm.org\/inmediasres\/index.php\/in-medias-res-broj8#6inmediasres08\"><strong>Modeliranje ambijenta u\u010denja u digitalnoj humanistici<\/strong><\/a><\/span><\/p>\n<div style=\"height: 5px; overflow:hidden;\">&nbsp;<\/div>\n<p><span style=\"color: #000000;\"><a href=\"http:\/\/www.centar-fm.org\/inmediasres\/index.php\/in-medias-res-broj8#6inmediasres08\"><strong>Modelling Learning Environments in<br \/>\nDigital Humanities<\/strong><\/a><\/span>\n<\/td>\n<\/tr>\n<tr>\n<td valign=\"top\" width=\"110\">\n<div style=\"height: 6px; overflow:hidden;\">\n<\/div>\n<\/td>\n<td>\n<div style=\"height: 6px; overflow:hidden;\">\n<\/div>\n<\/td>\n<\/tr>\n<tr>\n<td width=\"110\" valign=\"top\"><span style=\"color: #000000;\"><a href=\"http:\/\/www.centar-fm.org\/inmediasres\/index.php\/in-medias-res-broj8#7inmediasres08\">Milo\u0161 Milo\u0161evi\u0107 i Irena Risti\u0107:<\/a><\/span><\/td>\n<td valign=\"top\"><span style=\"color: #000000;\"><a href=\"http:\/\/www.centar-fm.org\/inmediasres\/index.php\/in-medias-res-broj8#7inmediasres08\"><strong>Nov metodolo\u0161ki pristup studijama kreativnosti<\/strong><\/a><\/span><\/p>\n<div style=\"height: 5px; overflow:hidden;\">&nbsp;<\/div>\n<p><span style=\"color: #000000;\"><a href=\"http:\/\/www.centar-fm.org\/inmediasres\/index.php\/in-medias-res-broj8#7inmediasres08\"><strong>New Methodology Approach to Creativity Studies<\/strong><\/a><\/span>\n<\/td>\n<\/tr>\n<tr>\n<td valign=\"top\" width=\"110\">\n<div style=\"height: 6px; overflow:hidden;\">\n<\/div>\n<\/td>\n<td>\n<div style=\"height: 6px; overflow:hidden;\">\n<\/div>\n<\/td>\n<\/tr>\n<tr>\n<td width=\"110\" valign=\"top\"><span style=\"color: #000000;\"><a href=\"http:\/\/www.centar-fm.org\/inmediasres\/index.php\/in-medias-res-broj8#8inmediasres08\">Aleksandra Brakus:<\/a><\/span><\/td>\n<td valign=\"top\"><span style=\"color: #000000;\"><a href=\"http:\/\/www.centar-fm.org\/inmediasres\/index.php\/in-medias-res-broj8#8inmediasres08\"><strong>Kreativni marketing u medijima<\/strong><\/a><\/span><\/p>\n<div style=\"height: 5px; overflow:hidden;\">&nbsp;<\/div>\n<p><span style=\"color: #000000;\"><a href=\"http:\/\/www.centar-fm.org\/inmediasres\/index.php\/in-medias-res-broj8#8inmediasres08\"><strong>Creative Marketing in Media<\/strong><\/a><\/span>\n<\/td>\n<\/tr>\n<tr>\n<td valign=\"top\" width=\"110\">\n<div style=\"height: 6px; overflow:hidden;\">\n<\/div>\n<\/td>\n<td>\n<div style=\"height: 6px; overflow:hidden;\">\n<\/div>\n<\/td>\n<\/tr>\n<tr>\n<td width=\"110\" valign=\"top\"><span style=\"color: #000000;\"><a href=\"http:\/\/www.centar-fm.org\/inmediasres\/index.php\/in-medias-res-broj8#9inmediasres08\">Radenko \u0160\u0107eki\u0107 i Mimo Dra\u0161kovi\u0107:<\/a><\/span><\/td>\n<td valign=\"top\"><span style=\"color: #000000;\"><a href=\"http:\/\/www.centar-fm.org\/inmediasres\/index.php\/in-medias-res-broj8#9inmediasres08\"><strong>Politi\u010dka (ne)kreativnost u medijima<\/strong><\/a><\/span><\/p>\n<div style=\"height: 5px; overflow:hidden;\">&nbsp;<\/div>\n<p><span style=\"color: #000000;\"><a href=\"http:\/\/www.centar-fm.org\/inmediasres\/index.php\/in-medias-res-broj8#9inmediasres08\"><strong>The Political (Non)creativity in the Media<\/strong><\/a><\/span>\n<\/td>\n<\/tr>\n<tr>\n<td valign=\"top\" width=\"110\">\n<div style=\"height: 6px; overflow:hidden;\">\n<\/div>\n<\/td>\n<td>\n<div style=\"height: 6px; overflow:hidden;\">\n<\/div>\n<\/td>\n<\/tr>\n<tr>\n<td valign=\"top\" width=\"110\"><span style=\"color: #000000;\"><a href=\"http:\/\/www.centar-fm.org\/inmediasres\/index.php\/in-medias-res-broj8#10inmediasres08\">Ana Martinoli:<\/a><\/span><\/td>\n<td valign=\"top\"><span style=\"color: #000000;\"><a href=\"http:\/\/www.centar-fm.org\/inmediasres\/index.php\/in-medias-res-broj8#10inmediasres08\"><strong>Digitalna medijska publika \u2013 nova o\u010dekivanja, nove navike<\/strong><\/a><\/span><\/p>\n<div style=\"height: 5px; overflow:hidden;\">&nbsp;<\/div>\n<p><span style=\"color: #000000;\"><a href=\"http:\/\/www.centar-fm.org\/inmediasres\/index.php\/in-medias-res-broj8#10inmediasres08\"><strong>Digital Media Audience \u2013 New Expectations, New Habits<\/strong><\/a><\/span>\n<\/td>\n<\/tr>\n<tr>\n<td valign=\"top\" width=\"110\">\n<div style=\"height: 6px; overflow:hidden;\">\n<\/div>\n<\/td>\n<td>\n<div style=\"height: 6px; overflow:hidden;\">\n<\/div>\n<\/td>\n<\/tr>\n<\/tbody>\n<\/table>\n<div style=\"height: 6px; overflow:hidden;\">&nbsp;<\/div>\n<p style=\"line-height: 150%;\">\n<img loading=\"lazy\" decoding=\"async\" class=\" alignleft size-full wp-image-109\" style=\"float: left;\" src=\"https:\/\/centar-fm.org\/inmediasres\/wp-content\/uploads\/sites\/2\/2011\/11\/video32.png\" alt=\"video32\" width=\"20\" height=\"20\" \/><span style=\"text-decoration: underline;\">II Linkovi video izlaganja sa SIMPOZIJA FM 2015.<\/span><img loading=\"lazy\" decoding=\"async\" class=\" size-full wp-image-109\" src=\"https:\/\/centar-fm.org\/inmediasres\/wp-content\/uploads\/sites\/2\/2011\/11\/video32.png\" alt=\"video32\" width=\"20\" height=\"20\" \/><\/p>\n<table border=\"0\" style=\"background-color: #eceff2;\">\n<tbody>\n<tr>\n<td width=\"10\" valign=\"top\"><span style=\"color: #000000;\"><br \/>\n\u2013<br \/>\n<\/span>\n<\/td>\n<td><span style=\"color: #000000;\"><br \/>\n<a href=\"https:\/\/youtu.be\/2ViEWftfM4c?list=PLKkFxmA6ZMDoYaAQ6XgOiU0anARqCVKkp\"><strong><br \/>\nSead Ali\u0107: Otvaranje Simpozija FILOZOFIJA MEDIJA (2015.) Kreativnost i mediji<br \/>\n<\/strong><\/a><br \/>\n<\/span>\n<\/td>\n<\/tr>\n<tr>\n<tr>\n<td width=\"10\" valign=\"top\"><span style=\"color: #000000;\"><br \/>\n\u2013<br \/>\n<\/span>\n<\/td>\n<td><span style=\"color: #000000;\"><br \/>\n<a href=\"https:\/\/youtu.be\/5ym92A7Howw?list=PLKkFxmA6ZMDoYaAQ6XgOiU0anARqCVKkp\"><strong><br \/>\nDivna Vuksanovi\u0107: Pozdravni govor Simpozija FILOZOFIJA MEDIJA (2015.) Kreativnost i mediji<\/p>\n<p><\/strong><\/a><br \/>\n<\/span>\n<\/td>\n<\/tr>\n<tr>\n<td width=\"10\" valign=\"top\"><span style=\"color: #000000;\"><br \/>\n\u2013<br \/>\n<\/span>\n<\/td>\n<td><span style=\"color: #000000;\"><br \/>\n<a href=\"https:\/\/youtu.be\/4AX6_HtbNhE?list=PLKkFxmA6ZMDoYaAQ6XgOiU0anARqCVKkp\"><strong><br \/>\nPredrag Finci: Soba i ulica (stvarala\u0161tvo izme\u0111u privatnog i javnog)<\/p>\n<p><\/strong><\/a><br \/>\n<\/span>\n<\/td>\n<\/tr>\n<tr>\n<td width=\"10\" valign=\"top\"><span style=\"color: #000000;\"><br \/>\n\u2013<br \/>\n<\/span>\n<\/td>\n<td><span style=\"color: #000000;\"><br \/>\n<a href=\"https:\/\/youtu.be\/UKF_4j-8TyY?list=PLKkFxmA6ZMDoYaAQ6XgOiU0anARqCVKkp\"><strong><br \/>\n\u017deljko Rutovi\u0107: Postmoderni mediji \u2013 (ne)mo\u0107 kreativnosti (stvarnost i spektakl)<\/p>\n<p><\/strong><\/a><br \/>\n<\/span>\n<\/td>\n<\/tr>\n<tr>\n<td width=\"10\" valign=\"top\"><span style=\"color: #000000;\"><br \/>\n\u2013<br \/>\n<\/span>\n<\/td>\n<td><span style=\"color: #000000;\"><br \/>\n<a href=\"https:\/\/youtu.be\/dUocJtQIwpM?list=PLKkFxmA6ZMDoYaAQ6XgOiU0anARqCVKkp\"><strong><br \/>\nDivna Vuksanovi\u0107: Filozofija medija i kreativne industrije<\/p>\n<p><\/strong><\/a><br \/>\n<\/span>\n<\/td>\n<\/tr>\n<tr>\n<td width=\"10\" valign=\"top\"><span style=\"color: #000000;\"><br \/>\n\u2013<br \/>\n<\/span>\n<\/td>\n<td><span style=\"color: #000000;\"><br \/>\n<a href=\"https:\/\/youtu.be\/NIT43TYvJho?list=PLKkFxmA6ZMDoYaAQ6XgOiU0anARqCVKkp\"><strong><br \/>\nVlatko Ili\u0107: O kreativnosti u vremenu medija<\/p>\n<p><\/strong><\/a><br \/>\n<\/span>\n<\/td>\n<\/tr>\n<tr>\n<td width=\"10\" valign=\"top\"><span style=\"color: #000000;\"><br \/>\n\u2013<br \/>\n<\/span>\n<\/td>\n<td><span style=\"color: #000000;\"><br \/>\n<a href=\"https:\/\/youtu.be\/KLd49tR6m-k?list=PLKkFxmA6ZMDoYaAQ6XgOiU0anARqCVKkp\"><strong><br \/>\nDiskusija 1 Simpozija FILOZOFIJA MEDIJA (2015.) Kreativnost i mediji<\/p>\n<p><\/strong><\/a><br \/>\n<\/span>\n<\/td>\n<\/tr>\n<tr>\n<td width=\"10\" valign=\"top\"><span style=\"color: #000000;\"><br \/>\n\u2013<br \/>\n<\/span>\n<\/td>\n<td><span style=\"color: #000000;\"><br \/>\n<a href=\"https:\/\/youtu.be\/xgmbAAK2u6k?list=PLKkFxmA6ZMDoYaAQ6XgOiU0anARqCVKkp\"><strong><br \/>\nSead Ali\u0107: Prisvajanje licence na kreativnost<\/p>\n<p><\/strong><\/a><br \/>\n<\/span>\n<\/td>\n<\/tr>\n<tr>\n<td width=\"10\" valign=\"top\"><span style=\"color: #000000;\"><br \/>\n\u2013<br \/>\n<\/span>\n<\/td>\n<td><span style=\"color: #000000;\"><br \/>\n<a href=\"https:\/\/youtu.be\/5VDLTG910cQ?list=PLKkFxmA6ZMDoYaAQ6XgOiU0anARqCVKkp\"><strong><br \/>\nNenad Vertov\u0161ek: Dronovi i lifelogging kao nova medijska percepcija stvarnosti 21. stolje\u0107a \u2013 povezivanje kreativnosti i vojnih ciljeva<\/p>\n<p><\/strong><\/a><br \/>\n<\/span>\n<\/td>\n<\/tr>\n<tr>\n<td width=\"10\" valign=\"top\"><span style=\"color: #000000;\"><br \/>\n\u2013<br \/>\n<\/span>\n<\/td>\n<td><span style=\"color: #000000;\"><br \/>\n<a href=\"https:\/\/youtu.be\/e0MBXdqy6yA?list=PLKkFxmA6ZMDoYaAQ6XgOiU0anARqCVKkp\"><strong><br \/>\nDragan \u0106alovi\u0107: Upotrebna vrednost i kreativnost u medijima<\/p>\n<p><\/strong><\/a><br \/>\n<\/span>\n<\/td>\n<\/tr>\n<tr>\n<td width=\"10\" valign=\"top\"><span style=\"color: #000000;\"><br \/>\n\u2013<br \/>\n<\/span>\n<\/td>\n<td><span style=\"color: #000000;\"><br \/>\n<a href=\"https:\/\/youtu.be\/7jC-Z_Zj05c?list=PLKkFxmA6ZMDoYaAQ6XgOiU0anARqCVKkp\"><strong><br \/>\nDiskusija 2 Simpozija FILOZOFIJA MEDIJA (2015.) Kreativnost i mediji<\/p>\n<p><\/strong><\/a><br \/>\n<\/span>\n<\/td>\n<\/tr>\n<tr>\n<td width=\"10\" valign=\"top\"><span style=\"color: #000000;\"><br \/>\n\u2013<br \/>\n<\/span>\n<\/td>\n<td><span style=\"color: #000000;\"><br \/>\n<a href=\"https:\/\/youtu.be\/viGC3rvbBto?list=PLKkFxmA6ZMDoYaAQ6XgOiU0anARqCVKkp\"><strong><br \/>\nVesna Ivezi\u0107: Lica cenzure \u2013 sloboda mi\u0161ljenja i kreativnost u uvjetima tr\u017ei\u0161no orijentiranog dru\u0161tva<\/p>\n<p><\/strong><\/a><br \/>\n<\/span>\n<\/td>\n<\/tr>\n<tr>\n<td width=\"10\" valign=\"top\"><span style=\"color: #000000;\"><br \/>\n\u2013<br \/>\n<\/span>\n<\/td>\n<td><span style=\"color: #000000;\"><br \/>\n<a href=\"https:\/\/youtu.be\/5ybC-JvWlG8?list=PLKkFxmA6ZMDoYaAQ6XgOiU0anARqCVKkp\"><strong><br \/>\nMarijana Kolednjak, Ivana Grabar: Ugasi lo\u0161 program i upali svoj stav!<\/p>\n<p><\/strong><\/a><br \/>\n<\/span>\n<\/td>\n<\/tr>\n<tr>\n<td width=\"10\" valign=\"top\"><span style=\"color: #000000;\"><br \/>\n\u2013<br \/>\n<\/span>\n<\/td>\n<td><span style=\"color: #000000;\"><br \/>\n<a href=\"https:\/\/youtu.be\/SbBwUDdtMqE?list=PLKkFxmA6ZMDoYaAQ6XgOiU0anARqCVKkp\"><strong><br \/>\nFulvio \u0160uran: Baze podataka kao oblik kulture. Utjecaj novih medija na umjetni\u010dkom stvarala\u0161tvu: odnos s kinom<\/p>\n<p><\/strong><\/a><br \/>\n<\/span>\n<\/td>\n<\/tr>\n<tr>\n<td width=\"10\" valign=\"top\"><span style=\"color: #000000;\"><br \/>\n\u2013<br \/>\n<\/span>\n<\/td>\n<td><span style=\"color: #000000;\"><br \/>\n<a href=\"https:\/\/youtu.be\/gW91b3Ai-uw?list=PLKkFxmA6ZMDoYaAQ6XgOiU0anARqCVKkp\"><strong><br \/>\nTijana Vuki\u0107: Konceptualizacija novinarske kreativnosti<\/p>\n<p><\/strong><\/a><br \/>\n<\/span>\n<\/td>\n<\/tr>\n<tr>\n<td width=\"10\" valign=\"top\"><span style=\"color: #000000;\"><br \/>\n\u2013<br \/>\n<\/span>\n<\/td>\n<td><span style=\"color: #000000;\"><br \/>\n<a href=\"https:\/\/youtu.be\/eAIy6cS9tB8?list=PLKkFxmA6ZMDoYaAQ6XgOiU0anARqCVKkp\"><strong><br \/>\nMilo\u0161 Milo\u0161evi\u0107, Irena Risti\u0107: Kreativan pristup izu\u010davanju kreativnosti<\/p>\n<p><\/strong><\/a><br \/>\n<\/span>\n<\/td>\n<\/tr>\n<tr>\n<td width=\"10\" valign=\"top\"><span style=\"color: #000000;\"><br \/>\n\u2013<br \/>\n<\/span>\n<\/td>\n<td><span style=\"color: #000000;\"><br \/>\n<a href=\"https:\/\/youtu.be\/YC2hk_2aRn8?list=PLKkFxmA6ZMDoYaAQ6XgOiU0anARqCVKkp\"><strong><br \/>\nDiskusija 3 Simpozija FILOZOFIJA MEDIJA (2015.) Kreativnost i mediji<\/p>\n<p><\/strong><\/a><br \/>\n<\/span>\n<\/td>\n<\/tr>\n<tr>\n<td width=\"10\" valign=\"top\"><span style=\"color: #000000;\"><br \/>\n\u2013<br \/>\n<\/span>\n<\/td>\n<td><span style=\"color: #000000;\"><br \/>\n<a href=\"https:\/\/youtu.be\/rUxyKcYjsTA?list=PLKkFxmA6ZMDoYaAQ6XgOiU0anARqCVKkp\"><strong><br \/>\nDanijela Panti\u0107 Coni\u0107: Brend, potro\u0161a\u010dko dru\u0161tvo i mediji<br \/>\n<\/strong><\/a><br \/>\n<\/span>\n<\/td>\n<\/tr>\n<tr>\n<td width=\"10\" valign=\"top\"><span style=\"color: #000000;\"><br \/>\n\u2013<br \/>\n<\/span>\n<\/td>\n<td><span style=\"color: #000000;\"><br \/>\n<a href=\"https:\/\/youtu.be\/E0g63iz6SFI?list=PLKkFxmA6ZMDoYaAQ6XgOiU0anARqCVKkp\"><strong><br \/>\nDaniela Bla\u017eevska: Menad\u017ement medija i kreativnost<\/p>\n<p><\/strong><\/a><br \/>\n<\/span>\n<\/td>\n<\/tr>\n<tr>\n<td width=\"10\" valign=\"top\"><span style=\"color: #000000;\"><br \/>\n\u2013<br \/>\n<\/span>\n<\/td>\n<td><span style=\"color: #000000;\"><br \/>\n<a href=\"https:\/\/youtu.be\/qJbJ15eHeZw?list=PLKkFxmA6ZMDoYaAQ6XgOiU0anARqCVKkp\"><strong><br \/>\nVeljko \u017dvan: Kreativnost i tr\u017ei\u0161te<\/p>\n<p><\/strong><\/a><br \/>\n<\/span>\n<\/td>\n<\/tr>\n<tr>\n<td width=\"10\" valign=\"top\"><span style=\"color: #000000;\"><br \/>\n\u2013<br \/>\n<\/span>\n<\/td>\n<td><span style=\"color: #000000;\"><br \/>\n<a href=\"https:\/\/youtu.be\/OYxG-BSFTqQ?list=PLKkFxmA6ZMDoYaAQ6XgOiU0anARqCVKkp\"><strong><br \/>\nMiroslav Vi\u0107entijevi\u0107: Kreativnost reklame = stvaranje potro\u0161a\u010dkog dru\u0161tva<\/p>\n<p><\/strong><\/a><br \/>\n<\/span>\n<\/td>\n<\/tr>\n<tr>\n<td width=\"10\" valign=\"top\"><span style=\"color: #000000;\"><br \/>\n\u2013<br \/>\n<\/span>\n<\/td>\n<td><span style=\"color: #000000;\"><br \/>\n<a href=\"https:\/\/youtu.be\/VhslHH-WS1A?list=PLKkFxmA6ZMDoYaAQ6XgOiU0anARqCVKkp\"><strong><br \/>\nDiskusija 4 Simpozija FILOZOFIJA MEDIJA (2015.) Kreativnost i mediji<\/p>\n<p><\/strong><\/a><br \/>\n<\/span>\n<\/td>\n<\/tr>\n<tr>\n<td width=\"10\" valign=\"top\"><span style=\"color: #000000;\"><br \/>\n\u2013<br \/>\n<\/span>\n<\/td>\n<td><span style=\"color: #000000;\"><br \/>\n<a href=\"https:\/\/youtu.be\/xmXjyIWkDu4?list=PLKkFxmA6ZMDoYaAQ6XgOiU0anARqCVKkp\"><strong><br \/>\nSla\u0111ana Stamenkovi\u0107: Mediji u Srbiji: kreativnost ili kvazi kreativnost?<\/p>\n<p><\/strong><\/a><br \/>\n<\/span>\n<\/td>\n<\/tr>\n<tr>\n<td width=\"10\" valign=\"top\"><span style=\"color: #000000;\"><br \/>\n\u2013<br \/>\n<\/span>\n<\/td>\n<td><span style=\"color: #000000;\"><br \/>\n<a href=\"https:\/\/youtu.be\/2O2H6XwvRZk?list=PLKkFxmA6ZMDoYaAQ6XgOiU0anARqCVKkp\"><strong><br \/>\nJelena Markovi\u0107: Kreativan pristup medijskom zagadjenju \u2013 umetni\u010dka recikla\u017ea<\/p>\n<p><\/strong><\/a><br \/>\n<\/span>\n<\/td>\n<\/tr>\n<tr>\n<td width=\"10\" valign=\"top\"><span style=\"color: #000000;\"><br \/>\n\u2013<br \/>\n<\/span>\n<\/td>\n<td><span style=\"color: #000000;\"><br \/>\n<a href=\"https:\/\/youtu.be\/K1_IgcvJpuQ?list=PLKkFxmA6ZMDoYaAQ6XgOiU0anARqCVKkp\"><strong><br \/>\nAntonija Jur\u010di\u0107, Branka Bari\u0107: Kreativnost verbalnog i neverbalnog koda reklamnih poruka banaka koje posluju u Hrvatskoj<\/p>\n<p><\/strong><\/a><br \/>\n<\/span>\n<\/td>\n<\/tr>\n<tr>\n<td width=\"10\" valign=\"top\"><span style=\"color: #000000;\"><br \/>\n\u2013<br \/>\n<\/span>\n<\/td>\n<td><span style=\"color: #000000;\"><br \/>\n<a href=\"https:\/\/youtu.be\/qsFOde0StDs?list=PLKkFxmA6ZMDoYaAQ6XgOiU0anARqCVKkp\"><strong><br \/>\nAna \u0110urkovi\u0107: Kratki film i kreativnost<\/p>\n<p><\/strong><\/a><br \/>\n<\/span>\n<\/td>\n<\/tr>\n<tr>\n<td width=\"10\" valign=\"top\"><span style=\"color: #000000;\"><br \/>\n\u2013<br \/>\n<\/span>\n<\/td>\n<td><span style=\"color: #000000;\"><br \/>\n<a href=\"https:\/\/youtu.be\/l3x13VW3CiM?list=PLKkFxmA6ZMDoYaAQ6XgOiU0anARqCVKkp\"><strong><br \/>\nDiskusija 5 Simpozija FILOZOFIJA MEDIJA (2015.) Kreativnost i mediji<\/p>\n<p><\/strong><\/a><br \/>\n<\/span>\n<\/td>\n<\/tr>\n<tr>\n<td width=\"10\" valign=\"top\"><span style=\"color: #000000;\"><br \/>\n\u2013<br \/>\n<\/span>\n<\/td>\n<td><span style=\"color: #000000;\"><br \/>\n<a href=\"https:\/\/youtu.be\/Ku8_ocAyNjo?list=PLKkFxmA6ZMDoYaAQ6XgOiU0anARqCVKkp\"><strong><br \/>\nVasilija Antonijevi\u0107: Kreativni marketing u filmu kao anticipacija propasti kinematografije<\/p>\n<p><\/strong><\/a><br \/>\n<\/span>\n<\/td>\n<\/tr>\n<tr>\n<td width=\"10\" valign=\"top\"><span style=\"color: #000000;\"><br \/>\n\u2013<br \/>\n<\/span>\n<\/td>\n<td><span style=\"color: #000000;\"><br \/>\n<a href=\"https:\/\/youtu.be\/ExsadhQ5W58?list=PLKkFxmA6ZMDoYaAQ6XgOiU0anARqCVKkp\"><strong><br \/>\nKatarina \u0160maki\u0107: Dru\u0161tvene mre\u017ee i omladina: uticaj opcije \u201elike\u201c na kreativno pona\u0161anje omladine<\/p>\n<p><\/strong><\/a><br \/>\n<\/span>\n<\/td>\n<\/tr>\n<tr>\n<td width=\"10\" valign=\"top\"><span style=\"color: #000000;\"><br \/>\n\u2013<br \/>\n<\/span>\n<\/td>\n<td><span style=\"color: #000000;\"><br \/>\n<a href=\"https:\/\/youtu.be\/uPO7QbijzGI?list=PLKkFxmA6ZMDoYaAQ6XgOiU0anARqCVKkp\"><strong><br \/>\nAleksandra Brakus: Kreativni marketing u medijima<\/p>\n<p><\/strong><\/a><br \/>\n<\/span>\n<\/td>\n<\/tr>\n<tr>\n<td width=\"10\" valign=\"top\"><span style=\"color: #000000;\"><br \/>\n\u2013<br \/>\n<\/span>\n<\/td>\n<td><span style=\"color: #000000;\"><br \/>\n<a href=\"https:\/\/youtu.be\/JAUWKpAtqSg?list=PLKkFxmA6ZMDoYaAQ6XgOiU0anARqCVKkp\"><strong><br \/>\nDrago Martinovi\u0107: Kreativnost djelatnika za odnose s javno\u0161\u0107u u (novo)medijskom okru\u017eenju<\/p>\n<p><\/strong><\/a><br \/>\n<\/span>\n<\/td>\n<\/tr>\n<tr>\n<td width=\"10\" valign=\"top\"><span style=\"color: #000000;\"><br \/>\n\u2013<br \/>\n<\/span>\n<\/td>\n<td><span style=\"color: #000000;\"><br \/>\n<a href=\"https:\/\/youtu.be\/jm99lZFKwbI?list=PLKkFxmA6ZMDoYaAQ6XgOiU0anARqCVKkp\"><strong><br \/>\nDamir Kuki\u0107, Edin Tabak: Novi mediji i dru\u0161tveno \u010ditanje<\/p>\n<p><\/strong><\/a><br \/>\n<\/span>\n<\/td>\n<\/tr>\n<tr>\n<td width=\"10\" valign=\"top\"><span style=\"color: #000000;\"><br \/>\n\u2013<br \/>\n<\/span>\n<\/td>\n<td><span style=\"color: #000000;\"><br \/>\n<a href=\"https:\/\/youtu.be\/r-EVYaUlBZ0?list=PLKkFxmA6ZMDoYaAQ6XgOiU0anARqCVKkp\"><strong><br \/>\nRadenko \u0160\u0107eki\u0107, Mimo Dra\u0161kovi\u0107: Politi\u010dka (ne)kreativnost u medijima<\/p>\n<p><\/strong><\/a><br \/>\n<\/span>\n<\/td>\n<\/tr>\n<tr>\n<td width=\"10\" valign=\"top\"><span style=\"color: #000000;\"><br \/>\n\u2013<br \/>\n<\/span>\n<\/td>\n<td><span style=\"color: #000000;\"><br \/>\n<a href=\"https:\/\/youtu.be\/wHyrsMipdiU?list=PLKkFxmA6ZMDoYaAQ6XgOiU0anARqCVKkp\"><strong><br \/>\nIvana Ukropina: Drama kao instrument advertajzing i medijskog profita<\/p>\n<p><\/strong><\/a><br \/>\n<\/span>\n<\/td>\n<\/tr>\n<tr>\n<td width=\"10\" valign=\"top\"><span style=\"color: #000000;\"><br \/>\n\u2013<br \/>\n<\/span>\n<\/td>\n<td><span style=\"color: #000000;\"><br \/>\n<a href=\"https:\/\/youtu.be\/6vlWOSDaW8s?list=PLKkFxmA6ZMDoYaAQ6XgOiU0anARqCVKkp\"><strong><br \/>\nLivia Pavleti\u0107: Mogu\u0107nost kreativnosti u medijima<\/p>\n<p><\/strong><\/a><br \/>\n<\/span>\n<\/td>\n<\/tr>\n<tr>\n<td width=\"10\" valign=\"top\"><span style=\"color: #000000;\"><br \/>\n\u2013<br \/>\n<\/span>\n<\/td>\n<td><span style=\"color: #000000;\"><br \/>\n<a href=\"https:\/\/youtu.be\/SbfdT0TT470?list=PLKkFxmA6ZMDoYaAQ6XgOiU0anARqCVKkp\"><strong><br \/>\nCRESKA INICIJATIVA 2015<\/p>\n<p><\/strong><\/a><br \/>\n<\/span>\n<\/td>\n<\/tr>\n<\/tbody>\n<\/table>\n<\/td>\n<\/tr>\n<\/tbody>\n<\/table>\n","protected":false},"excerpt":{"rendered":"<p>&nbsp; IN MEDIAS RES \u010dasopis filozofije medija &nbsp; Izdava\u010d \u010dasopisa: Centar za filozofiju medija i mediolo\u0161ka istra\u017eivanja (Zagreb) &nbsp; Adresa: Petrovogorska 18, 10000 Zagreb &nbsp; E-mail: inmediasres@centar-fm.org &nbsp; GODINA 5 (2016) broj 8 &nbsp; \u010casopis je otvorenog pristupa, a ovo djelo je dano na kori\u0161tenje pod licencom Creative Commons Imenovanje-Nekomercijalno 4.0 me\u0111unarodna. &nbsp; ISSN 1848-6304 [&hellip;]<\/p>\n","protected":false},"author":2,"featured_media":292,"comment_status":"open","ping_status":"open","sticky":false,"template":"","format":"standard","meta":{"_acf_changed":false,"_et_pb_use_builder":"","_et_pb_old_content":"","_et_gb_content_width":"","footnotes":""},"categories":[54],"tags":[170,456,256,439,457,440,444,446,450,452,445,449,454,448,126,451,458,455,443,441,453,157,442,292],"class_list":["post-293","post","type-post","status-publish","format-standard","has-post-thumbnail","hentry","category-in-medias-res-broj-8-naslovnica","tag-aleksandra-brakus","tag-ana-martinoli","tag-damir-kukic","tag-david-dillard-wright","tag-digitalna-medijska-publika-nova-ocekivanja","tag-disaster-and-the-ethics-of-sympathy","tag-dronovi-kao-mediji-nove-percepcije-stvarnosti-21-stoljeca-povezivanje-kreativnosti-i-vojnih-ciljeva","tag-edin-tabak","tag-irena-ristic","tag-kreativni-marketing-u-medijima","tag-mediji-u-srbiji-kreativnost-ili-kvazikreativnost","tag-milos-milosevic","tag-mimo-draskovic","tag-modeliranje-ambijenta-ucenja-u-digitalnoj-humanistici","tag-nenad-vertovsek","tag-nov-metodoloski-pristup-studijama-kreativnosti","tag-nove-navike","tag-politicka-nekreativnost-u-medijima","tag-postmoderni-mediji-nemoc-kreativnosti-stvarnost-i-spektakl","tag-predrag-finci","tag-radenko-scekic","tag-sladana-stamenkovic","tag-soba-i-ulica-stvaralastvo-izmedu-privatnog-i-javnog","tag-zeljko-rutovic","et-has-post-format-content","et_post_format-et-post-format-standard"],"acf":[],"yoast_head":"<!-- This site is optimized with the Yoast SEO plugin v27.4 - https:\/\/yoast.com\/product\/yoast-seo-wordpress\/ -->\n<title>naslovnica br.8 - In Medias Res - \u010casopis centra za filozofiju medija<\/title>\n<meta name=\"robots\" content=\"index, follow, max-snippet:-1, max-image-preview:large, max-video-preview:-1\" \/>\n<link rel=\"canonical\" href=\"https:\/\/centar-fm.org\/inmediasres\/index.php\/naslov8\/\" \/>\n<meta property=\"og:locale\" content=\"en_US\" \/>\n<meta property=\"og:type\" content=\"article\" \/>\n<meta property=\"og:title\" content=\"naslovnica br.8 - In Medias Res - \u010casopis centra za filozofiju medija\" \/>\n<meta property=\"og:description\" content=\"&nbsp; IN MEDIAS RES \u010dasopis filozofije medija &nbsp; Izdava\u010d \u010dasopisa: Centar za filozofiju medija i mediolo\u0161ka istra\u017eivanja (Zagreb) &nbsp; Adresa: Petrovogorska 18, 10000 Zagreb &nbsp; E-mail: inmediasres@centar-fm.org &nbsp; GODINA 5 (2016) broj 8 &nbsp; \u010casopis je otvorenog pristupa, a ovo djelo je dano na kori\u0161tenje pod licencom Creative Commons Imenovanje-Nekomercijalno 4.0 me\u0111unarodna. &nbsp; ISSN 1848-6304 [&hellip;]\" \/>\n<meta property=\"og:url\" content=\"https:\/\/centar-fm.org\/inmediasres\/index.php\/naslov8\/\" \/>\n<meta property=\"og:site_name\" content=\"In Medias Res - \u010casopis centra za filozofiju medija\" \/>\n<meta property=\"article:published_time\" content=\"2016-05-30T12:00:27+00:00\" \/>\n<meta property=\"og:image\" content=\"https:\/\/centar-fm.org\/inmediasres\/wp-content\/uploads\/sites\/2\/2016\/05\/inmediasresno08ii.jpg\" \/>\n\t<meta property=\"og:image:width\" content=\"592\" \/>\n\t<meta property=\"og:image:height\" content=\"868\" \/>\n\t<meta property=\"og:image:type\" content=\"image\/jpeg\" \/>\n<meta name=\"author\" content=\"Super User\" \/>\n<meta name=\"twitter:card\" content=\"summary_large_image\" \/>\n<meta name=\"twitter:label1\" content=\"Written by\" \/>\n\t<meta name=\"twitter:data1\" content=\"Super User\" \/>\n\t<meta name=\"twitter:label2\" content=\"Est. reading time\" \/>\n\t<meta name=\"twitter:data2\" content=\"3 minutes\" \/>\n<script type=\"application\/ld+json\" class=\"yoast-schema-graph\">{\"@context\":\"https:\\\/\\\/schema.org\",\"@graph\":[{\"@type\":\"Article\",\"@id\":\"https:\\\/\\\/centar-fm.org\\\/inmediasres\\\/index.php\\\/naslov8\\\/#article\",\"isPartOf\":{\"@id\":\"https:\\\/\\\/centar-fm.org\\\/inmediasres\\\/index.php\\\/naslov8\\\/\"},\"author\":{\"name\":\"Super User\",\"@id\":\"https:\\\/\\\/centar-fm.org\\\/inmediasres\\\/#\\\/schema\\\/person\\\/ae49dcc23965665608f66120db8245a4\"},\"headline\":\"naslovnica br.8\",\"datePublished\":\"2016-05-30T12:00:27+00:00\",\"mainEntityOfPage\":{\"@id\":\"https:\\\/\\\/centar-fm.org\\\/inmediasres\\\/index.php\\\/naslov8\\\/\"},\"wordCount\":618,\"commentCount\":0,\"image\":{\"@id\":\"https:\\\/\\\/centar-fm.org\\\/inmediasres\\\/index.php\\\/naslov8\\\/#primaryimage\"},\"thumbnailUrl\":\"https:\\\/\\\/centar-fm.org\\\/inmediasres\\\/wp-content\\\/uploads\\\/sites\\\/2\\\/2016\\\/05\\\/inmediasresno08ii.jpg\",\"keywords\":[\"Aleksandra Brakus\",\"Ana Martinoli\",\"DAMIR KUKI\u0106\",\"David Dillard-Wright\",\"Digitalna medijska publika \u2013 nova o\u010dekivanja\",\"Disaster and the Ethics of Sympathy\",\"Dronovi kao mediji nove percepcije stvarnosti 21. stolje\u0107a \u2013 povezivanje kreativnosti i vojnih ciljeva\",\"Edin Tabak\",\"Irena Risti\u0107\",\"Kreativni marketing u medijima\",\"Mediji u Srbiji - kreativnost ili kvazikreativnost?\",\"Milo\u0161 Milo\u0161evi\u0107\",\"Mimo Dra\u0161kovi\u0107\",\"Modeliranje ambijenta u\u010denja u digitalnoj humanistici\",\"Nenad Vertov\u0161ek\",\"Nov metodolo\u0161ki pristup studijama kreativnosti\",\"nove navike\",\"Politi\u010dka (ne)kreativnost u medijima\",\"Postmoderni mediji \u2013 (ne)mo\u0107 kreativnosti (stvarnost i spektakl)\",\"Predrag Finci\",\"Radenko \u0160\u0107eki\u0107\",\"Sla\u0111ana Stamenkovi\u0107\",\"Soba i ulica (stvarala\u0161tvo izme\u0111u privatnog i javnog)\",\"\u017deljko Rutovi\u0107\"],\"articleSection\":[\"In Medias Res broj 8 naslovnica\"],\"inLanguage\":\"en-US\",\"potentialAction\":[{\"@type\":\"CommentAction\",\"name\":\"Comment\",\"target\":[\"https:\\\/\\\/centar-fm.org\\\/inmediasres\\\/index.php\\\/naslov8\\\/#respond\"]}]},{\"@type\":\"WebPage\",\"@id\":\"https:\\\/\\\/centar-fm.org\\\/inmediasres\\\/index.php\\\/naslov8\\\/\",\"url\":\"https:\\\/\\\/centar-fm.org\\\/inmediasres\\\/index.php\\\/naslov8\\\/\",\"name\":\"naslovnica br.8 - In Medias Res - \u010casopis centra za filozofiju medija\",\"isPartOf\":{\"@id\":\"https:\\\/\\\/centar-fm.org\\\/inmediasres\\\/#website\"},\"primaryImageOfPage\":{\"@id\":\"https:\\\/\\\/centar-fm.org\\\/inmediasres\\\/index.php\\\/naslov8\\\/#primaryimage\"},\"image\":{\"@id\":\"https:\\\/\\\/centar-fm.org\\\/inmediasres\\\/index.php\\\/naslov8\\\/#primaryimage\"},\"thumbnailUrl\":\"https:\\\/\\\/centar-fm.org\\\/inmediasres\\\/wp-content\\\/uploads\\\/sites\\\/2\\\/2016\\\/05\\\/inmediasresno08ii.jpg\",\"datePublished\":\"2016-05-30T12:00:27+00:00\",\"author\":{\"@id\":\"https:\\\/\\\/centar-fm.org\\\/inmediasres\\\/#\\\/schema\\\/person\\\/ae49dcc23965665608f66120db8245a4\"},\"breadcrumb\":{\"@id\":\"https:\\\/\\\/centar-fm.org\\\/inmediasres\\\/index.php\\\/naslov8\\\/#breadcrumb\"},\"inLanguage\":\"en-US\",\"potentialAction\":[{\"@type\":\"ReadAction\",\"target\":[\"https:\\\/\\\/centar-fm.org\\\/inmediasres\\\/index.php\\\/naslov8\\\/\"]}]},{\"@type\":\"ImageObject\",\"inLanguage\":\"en-US\",\"@id\":\"https:\\\/\\\/centar-fm.org\\\/inmediasres\\\/index.php\\\/naslov8\\\/#primaryimage\",\"url\":\"https:\\\/\\\/centar-fm.org\\\/inmediasres\\\/wp-content\\\/uploads\\\/sites\\\/2\\\/2016\\\/05\\\/inmediasresno08ii.jpg\",\"contentUrl\":\"https:\\\/\\\/centar-fm.org\\\/inmediasres\\\/wp-content\\\/uploads\\\/sites\\\/2\\\/2016\\\/05\\\/inmediasresno08ii.jpg\",\"width\":592,\"height\":868,\"caption\":\"InMediasRes\"},{\"@type\":\"BreadcrumbList\",\"@id\":\"https:\\\/\\\/centar-fm.org\\\/inmediasres\\\/index.php\\\/naslov8\\\/#breadcrumb\",\"itemListElement\":[{\"@type\":\"ListItem\",\"position\":1,\"name\":\"Po\u010detna stranica\",\"item\":\"https:\\\/\\\/centar-fm.org\\\/inmediasres\\\/\"},{\"@type\":\"ListItem\",\"position\":2,\"name\":\"naslovnica br.8\"}]},{\"@type\":\"WebSite\",\"@id\":\"https:\\\/\\\/centar-fm.org\\\/inmediasres\\\/#website\",\"url\":\"https:\\\/\\\/centar-fm.org\\\/inmediasres\\\/\",\"name\":\"In Medias Res - \u010casopis centra za filozofiju medija\",\"description\":\"\",\"potentialAction\":[{\"@type\":\"SearchAction\",\"target\":{\"@type\":\"EntryPoint\",\"urlTemplate\":\"https:\\\/\\\/centar-fm.org\\\/inmediasres\\\/?s={search_term_string}\"},\"query-input\":{\"@type\":\"PropertyValueSpecification\",\"valueRequired\":true,\"valueName\":\"search_term_string\"}}],\"inLanguage\":\"en-US\"},{\"@type\":\"Person\",\"@id\":\"https:\\\/\\\/centar-fm.org\\\/inmediasres\\\/#\\\/schema\\\/person\\\/ae49dcc23965665608f66120db8245a4\",\"name\":\"Super User\",\"image\":{\"@type\":\"ImageObject\",\"inLanguage\":\"en-US\",\"@id\":\"https:\\\/\\\/secure.gravatar.com\\\/avatar\\\/5ac3fc5ccca7755fa3f558fed4a39be2232c6585e68bd398c790d57375dde921?s=96&d=mm&r=g\",\"url\":\"https:\\\/\\\/secure.gravatar.com\\\/avatar\\\/5ac3fc5ccca7755fa3f558fed4a39be2232c6585e68bd398c790d57375dde921?s=96&d=mm&r=g\",\"contentUrl\":\"https:\\\/\\\/secure.gravatar.com\\\/avatar\\\/5ac3fc5ccca7755fa3f558fed4a39be2232c6585e68bd398c790d57375dde921?s=96&d=mm&r=g\",\"caption\":\"Super User\"},\"url\":\"https:\\\/\\\/centar-fm.org\\\/inmediasres\\\/index.php\\\/author\\\/amynovcfmweb\\\/\"}]}<\/script>\n<!-- \/ Yoast SEO plugin. -->","yoast_head_json":{"title":"naslovnica br.8 - In Medias Res - \u010casopis centra za filozofiju medija","robots":{"index":"index","follow":"follow","max-snippet":"max-snippet:-1","max-image-preview":"max-image-preview:large","max-video-preview":"max-video-preview:-1"},"canonical":"https:\/\/centar-fm.org\/inmediasres\/index.php\/naslov8\/","og_locale":"en_US","og_type":"article","og_title":"naslovnica br.8 - In Medias Res - \u010casopis centra za filozofiju medija","og_description":"&nbsp; IN MEDIAS RES \u010dasopis filozofije medija &nbsp; Izdava\u010d \u010dasopisa: Centar za filozofiju medija i mediolo\u0161ka istra\u017eivanja (Zagreb) &nbsp; Adresa: Petrovogorska 18, 10000 Zagreb &nbsp; E-mail: inmediasres@centar-fm.org &nbsp; GODINA 5 (2016) broj 8 &nbsp; \u010casopis je otvorenog pristupa, a ovo djelo je dano na kori\u0161tenje pod licencom Creative Commons Imenovanje-Nekomercijalno 4.0 me\u0111unarodna. &nbsp; ISSN 1848-6304 [&hellip;]","og_url":"https:\/\/centar-fm.org\/inmediasres\/index.php\/naslov8\/","og_site_name":"In Medias Res - \u010casopis centra za filozofiju medija","article_published_time":"2016-05-30T12:00:27+00:00","og_image":[{"width":592,"height":868,"url":"https:\/\/centar-fm.org\/inmediasres\/wp-content\/uploads\/sites\/2\/2016\/05\/inmediasresno08ii.jpg","type":"image\/jpeg"}],"author":"Super User","twitter_card":"summary_large_image","twitter_misc":{"Written by":"Super User","Est. reading time":"3 minutes"},"schema":{"@context":"https:\/\/schema.org","@graph":[{"@type":"Article","@id":"https:\/\/centar-fm.org\/inmediasres\/index.php\/naslov8\/#article","isPartOf":{"@id":"https:\/\/centar-fm.org\/inmediasres\/index.php\/naslov8\/"},"author":{"name":"Super User","@id":"https:\/\/centar-fm.org\/inmediasres\/#\/schema\/person\/ae49dcc23965665608f66120db8245a4"},"headline":"naslovnica br.8","datePublished":"2016-05-30T12:00:27+00:00","mainEntityOfPage":{"@id":"https:\/\/centar-fm.org\/inmediasres\/index.php\/naslov8\/"},"wordCount":618,"commentCount":0,"image":{"@id":"https:\/\/centar-fm.org\/inmediasres\/index.php\/naslov8\/#primaryimage"},"thumbnailUrl":"https:\/\/centar-fm.org\/inmediasres\/wp-content\/uploads\/sites\/2\/2016\/05\/inmediasresno08ii.jpg","keywords":["Aleksandra Brakus","Ana Martinoli","DAMIR KUKI\u0106","David Dillard-Wright","Digitalna medijska publika \u2013 nova o\u010dekivanja","Disaster and the Ethics of Sympathy","Dronovi kao mediji nove percepcije stvarnosti 21. stolje\u0107a \u2013 povezivanje kreativnosti i vojnih ciljeva","Edin Tabak","Irena Risti\u0107","Kreativni marketing u medijima","Mediji u Srbiji - kreativnost ili kvazikreativnost?","Milo\u0161 Milo\u0161evi\u0107","Mimo Dra\u0161kovi\u0107","Modeliranje ambijenta u\u010denja u digitalnoj humanistici","Nenad Vertov\u0161ek","Nov metodolo\u0161ki pristup studijama kreativnosti","nove navike","Politi\u010dka (ne)kreativnost u medijima","Postmoderni mediji \u2013 (ne)mo\u0107 kreativnosti (stvarnost i spektakl)","Predrag Finci","Radenko \u0160\u0107eki\u0107","Sla\u0111ana Stamenkovi\u0107","Soba i ulica (stvarala\u0161tvo izme\u0111u privatnog i javnog)","\u017deljko Rutovi\u0107"],"articleSection":["In Medias Res broj 8 naslovnica"],"inLanguage":"en-US","potentialAction":[{"@type":"CommentAction","name":"Comment","target":["https:\/\/centar-fm.org\/inmediasres\/index.php\/naslov8\/#respond"]}]},{"@type":"WebPage","@id":"https:\/\/centar-fm.org\/inmediasres\/index.php\/naslov8\/","url":"https:\/\/centar-fm.org\/inmediasres\/index.php\/naslov8\/","name":"naslovnica br.8 - In Medias Res - \u010casopis centra za filozofiju medija","isPartOf":{"@id":"https:\/\/centar-fm.org\/inmediasres\/#website"},"primaryImageOfPage":{"@id":"https:\/\/centar-fm.org\/inmediasres\/index.php\/naslov8\/#primaryimage"},"image":{"@id":"https:\/\/centar-fm.org\/inmediasres\/index.php\/naslov8\/#primaryimage"},"thumbnailUrl":"https:\/\/centar-fm.org\/inmediasres\/wp-content\/uploads\/sites\/2\/2016\/05\/inmediasresno08ii.jpg","datePublished":"2016-05-30T12:00:27+00:00","author":{"@id":"https:\/\/centar-fm.org\/inmediasres\/#\/schema\/person\/ae49dcc23965665608f66120db8245a4"},"breadcrumb":{"@id":"https:\/\/centar-fm.org\/inmediasres\/index.php\/naslov8\/#breadcrumb"},"inLanguage":"en-US","potentialAction":[{"@type":"ReadAction","target":["https:\/\/centar-fm.org\/inmediasres\/index.php\/naslov8\/"]}]},{"@type":"ImageObject","inLanguage":"en-US","@id":"https:\/\/centar-fm.org\/inmediasres\/index.php\/naslov8\/#primaryimage","url":"https:\/\/centar-fm.org\/inmediasres\/wp-content\/uploads\/sites\/2\/2016\/05\/inmediasresno08ii.jpg","contentUrl":"https:\/\/centar-fm.org\/inmediasres\/wp-content\/uploads\/sites\/2\/2016\/05\/inmediasresno08ii.jpg","width":592,"height":868,"caption":"InMediasRes"},{"@type":"BreadcrumbList","@id":"https:\/\/centar-fm.org\/inmediasres\/index.php\/naslov8\/#breadcrumb","itemListElement":[{"@type":"ListItem","position":1,"name":"Po\u010detna stranica","item":"https:\/\/centar-fm.org\/inmediasres\/"},{"@type":"ListItem","position":2,"name":"naslovnica br.8"}]},{"@type":"WebSite","@id":"https:\/\/centar-fm.org\/inmediasres\/#website","url":"https:\/\/centar-fm.org\/inmediasres\/","name":"In Medias Res - \u010casopis centra za filozofiju medija","description":"","potentialAction":[{"@type":"SearchAction","target":{"@type":"EntryPoint","urlTemplate":"https:\/\/centar-fm.org\/inmediasres\/?s={search_term_string}"},"query-input":{"@type":"PropertyValueSpecification","valueRequired":true,"valueName":"search_term_string"}}],"inLanguage":"en-US"},{"@type":"Person","@id":"https:\/\/centar-fm.org\/inmediasres\/#\/schema\/person\/ae49dcc23965665608f66120db8245a4","name":"Super User","image":{"@type":"ImageObject","inLanguage":"en-US","@id":"https:\/\/secure.gravatar.com\/avatar\/5ac3fc5ccca7755fa3f558fed4a39be2232c6585e68bd398c790d57375dde921?s=96&d=mm&r=g","url":"https:\/\/secure.gravatar.com\/avatar\/5ac3fc5ccca7755fa3f558fed4a39be2232c6585e68bd398c790d57375dde921?s=96&d=mm&r=g","contentUrl":"https:\/\/secure.gravatar.com\/avatar\/5ac3fc5ccca7755fa3f558fed4a39be2232c6585e68bd398c790d57375dde921?s=96&d=mm&r=g","caption":"Super User"},"url":"https:\/\/centar-fm.org\/inmediasres\/index.php\/author\/amynovcfmweb\/"}]}},"_links":{"self":[{"href":"https:\/\/centar-fm.org\/inmediasres\/index.php\/wp-json\/wp\/v2\/posts\/293","targetHints":{"allow":["GET"]}}],"collection":[{"href":"https:\/\/centar-fm.org\/inmediasres\/index.php\/wp-json\/wp\/v2\/posts"}],"about":[{"href":"https:\/\/centar-fm.org\/inmediasres\/index.php\/wp-json\/wp\/v2\/types\/post"}],"author":[{"embeddable":true,"href":"https:\/\/centar-fm.org\/inmediasres\/index.php\/wp-json\/wp\/v2\/users\/2"}],"replies":[{"embeddable":true,"href":"https:\/\/centar-fm.org\/inmediasres\/index.php\/wp-json\/wp\/v2\/comments?post=293"}],"version-history":[{"count":0,"href":"https:\/\/centar-fm.org\/inmediasres\/index.php\/wp-json\/wp\/v2\/posts\/293\/revisions"}],"wp:featuredmedia":[{"embeddable":true,"href":"https:\/\/centar-fm.org\/inmediasres\/index.php\/wp-json\/wp\/v2\/media\/292"}],"wp:attachment":[{"href":"https:\/\/centar-fm.org\/inmediasres\/index.php\/wp-json\/wp\/v2\/media?parent=293"}],"wp:term":[{"taxonomy":"category","embeddable":true,"href":"https:\/\/centar-fm.org\/inmediasres\/index.php\/wp-json\/wp\/v2\/categories?post=293"},{"taxonomy":"post_tag","embeddable":true,"href":"https:\/\/centar-fm.org\/inmediasres\/index.php\/wp-json\/wp\/v2\/tags?post=293"}],"curies":[{"name":"wp","href":"https:\/\/api.w.org\/{rel}","templated":true}]}}