{"id":294,"date":"2011-11-22T13:28:27","date_gmt":"2011-11-22T13:28:27","guid":{"rendered":"https:\/\/sweet-mcclintock.194-60-87-163.plesk.page\/inmediasres\/2011\/11\/22\/mimo-draskovic\/"},"modified":"2011-11-22T13:28:27","modified_gmt":"2011-11-22T13:28:27","slug":"mimo-draskovic","status":"publish","type":"post","link":"https:\/\/centar-fm.org\/inmediasres\/index.php\/mimo-draskovic\/","title":{"rendered":"Mimo Dra\u0161kovi\u0107"},"content":{"rendered":"<p class=\"MsoNormal\" style=\"line-height: 170%;\">Doc. dr Mimo Dra\u0161kovi\u0107 je ro\u0111en 04. 03.  1981. godine u Nik\u0161i\u0107u, gdje je zavr\u0161io osnovnu \u0161kolu i Gimnaziju. Diplomirao  je na Fakultetu za pomorstvo u Kotoru sa prosje\u010dnom ocjenom 9,40. Magistrirao  je i doktorirao na Ekonomskom fakultetu u Subotici. <\/p>\n<p class=\"MsoNormal\" style=\"line-height: 170%;\">Zaposlen je na Univerzitetu Crne Gore \u2013  Fakultetu za pomorstvo u Kotoru, gdje obavlja funkciju Rukovodioca studijskog  programa &bdquo;Menad\u017ement u pomorstvu&ldquo;. <\/p>\n<p class=\"MsoNormal\" style=\"line-height: 170%;\"><em>Autor<\/em> je i <em>koautor<\/em> desetak nau\u010dnih monografija,  ud\u017ebenika i knjiga. <\/p>\n<p class=\"MsoNormal\" style=\"line-height: 170%;\">Objavio je preko 100 nau\u010dnih i stru\u010dnih \u010dlanaka, prikaza,  eseja i prevoda. (Objavio je vi\u0161e desetina radova iz oblasti  medija.)<\/p>\n<p class=\"MsoNormal\" style=\"line-height: 170%;\">Sa <em>referatima<\/em> je u\u010destvovao na vi\u0161e me\u0111unarodnih i  doma\u0107ih nau\u010dnih skupova. <\/p>\n<p class=\"MsoNormal\" style=\"line-height: 170%;\">Radio je timski i samostalno biznis planove, procjene  kapitala firmi i elaborate o poslovnoj namjeri.<\/p>\n<p class=\"MsoNormal\" style=\"line-height: 170%;\">\n  \u010clan je Centra mladih nau\u010dnika CANU.<\/p>\n<p class=\"MsoNormal\" style=\"line-height: 170%;\">Kao predstavnik Crne Gore u\u010destvovao je na <em>\u00bbSeminar on Media and Media Education in  Developing Countries\u00ab<\/em>, odr\u017eanom u NR Kini\u00a0  (Beijing), 9-23. \u00a0aprila  2008. godine. <\/p>\n<p class=\"MsoNormal\" style=\"line-height: 170%;\">Urednik je  me\u0111unarodnog nau\u010dnog \u010dasopisa za istra\u017eivanje medija i dru\u0161tva <em>&bdquo;Medijski  dijalozi&ldquo;<\/em> i \u010dlan redakcije vi\u0161e me\u0111unarodnih nau\u010dnih \u010dasopisa (&bdquo;<em>Montenegrin  Journal of Economics<\/em><em>&ldquo; , &ldquo;Economics  and Economy&rdquo; i td\u2026)<\/em>\u00a0\u00a0\u00a0\u00a0\u00a0\u00a0\u00a0\u00a0\u00a0\u00a0\u00a0 <\/p>\n<p class=\"MsoNormal\" style=\"line-height: 170%;\">Organizator  me\u0111unarodnih nau\u010dnih skupova &quot;Medijski dijalozi&quot; i pokreta\u010d  regionalne nagrade za oblast medija &quot;Dijalogos&quot;.<\/p>\n<p class=\"MsoNormal\" style=\"line-height: 170%;\">Predsjednik  je NVU <em>&bdquo;Istra\u017eiva\u010dki medijski centar&ldquo;<\/em> iz Podgorice i jedan od utemeljiva\u010da tradicionalnog  me\u0111unarodnog nau\u010dnog skupa <em>Crnogorski  medijski dijalozi.<\/em><\/p>\n","protected":false},"excerpt":{"rendered":"<p>Doc. dr Mimo Dra\u0161kovi\u0107 je ro\u0111en 04. 03. 1981. godine u Nik\u0161i\u0107u, gdje je zavr\u0161io osnovnu \u0161kolu i Gimnaziju. Diplomirao je na Fakultetu za pomorstvo u Kotoru sa prosje\u010dnom ocjenom 9,40. Magistrirao je i doktorirao na Ekonomskom fakultetu u Subotici. Zaposlen je na Univerzitetu Crne Gore \u2013 Fakultetu za pomorstvo u Kotoru, gdje obavlja funkciju [&hellip;]<\/p>\n","protected":false},"author":2,"featured_media":0,"comment_status":"open","ping_status":"open","sticky":false,"template":"","format":"standard","meta":{"_acf_changed":false,"_et_pb_use_builder":"","_et_pb_old_content":"","_et_gb_content_width":"","footnotes":""},"categories":[33],"tags":[454],"class_list":["post-294","post","type-post","status-publish","format-standard","hentry","category-o-autorima","tag-mimo-draskovic","et-doesnt-have-format-content","et_post_format-et-post-format-standard"],"acf":[],"yoast_head":"<!-- This site is optimized with the Yoast SEO plugin v27.4 - https:\/\/yoast.com\/product\/yoast-seo-wordpress\/ -->\n<title>Mimo Dra\u0161kovi\u0107 - In Medias Res - \u010casopis centra za filozofiju medija<\/title>\n<meta name=\"robots\" content=\"index, follow, max-snippet:-1, max-image-preview:large, max-video-preview:-1\" \/>\n<link rel=\"canonical\" href=\"https:\/\/centar-fm.org\/inmediasres\/index.php\/mimo-draskovic\/\" \/>\n<meta property=\"og:locale\" content=\"en_US\" \/>\n<meta property=\"og:type\" content=\"article\" \/>\n<meta property=\"og:title\" content=\"Mimo Dra\u0161kovi\u0107 - In Medias Res - \u010casopis centra za filozofiju medija\" \/>\n<meta property=\"og:description\" content=\"Doc. dr Mimo Dra\u0161kovi\u0107 je ro\u0111en 04. 03. 1981. godine u Nik\u0161i\u0107u, gdje je zavr\u0161io osnovnu \u0161kolu i Gimnaziju. Diplomirao je na Fakultetu za pomorstvo u Kotoru sa prosje\u010dnom ocjenom 9,40. Magistrirao je i doktorirao na Ekonomskom fakultetu u Subotici. Zaposlen je na Univerzitetu Crne Gore \u2013 Fakultetu za pomorstvo u Kotoru, gdje obavlja funkciju [&hellip;]\" \/>\n<meta property=\"og:url\" content=\"https:\/\/centar-fm.org\/inmediasres\/index.php\/mimo-draskovic\/\" \/>\n<meta property=\"og:site_name\" content=\"In Medias Res - \u010casopis centra za filozofiju medija\" \/>\n<meta property=\"article:published_time\" content=\"2011-11-22T13:28:27+00:00\" \/>\n<meta name=\"author\" content=\"Super User\" \/>\n<meta name=\"twitter:card\" content=\"summary_large_image\" \/>\n<meta name=\"twitter:label1\" content=\"Written by\" \/>\n\t<meta name=\"twitter:data1\" content=\"Super User\" \/>\n\t<meta name=\"twitter:label2\" content=\"Est. reading time\" \/>\n\t<meta name=\"twitter:data2\" content=\"1 minute\" \/>\n<script type=\"application\/ld+json\" class=\"yoast-schema-graph\">{\"@context\":\"https:\\\/\\\/schema.org\",\"@graph\":[{\"@type\":\"Article\",\"@id\":\"https:\\\/\\\/centar-fm.org\\\/inmediasres\\\/index.php\\\/mimo-draskovic\\\/#article\",\"isPartOf\":{\"@id\":\"https:\\\/\\\/centar-fm.org\\\/inmediasres\\\/index.php\\\/mimo-draskovic\\\/\"},\"author\":{\"name\":\"Super User\",\"@id\":\"https:\\\/\\\/centar-fm.org\\\/inmediasres\\\/#\\\/schema\\\/person\\\/ae49dcc23965665608f66120db8245a4\"},\"headline\":\"Mimo Dra\u0161kovi\u0107\",\"datePublished\":\"2011-11-22T13:28:27+00:00\",\"mainEntityOfPage\":{\"@id\":\"https:\\\/\\\/centar-fm.org\\\/inmediasres\\\/index.php\\\/mimo-draskovic\\\/\"},\"wordCount\":253,\"commentCount\":0,\"keywords\":[\"Mimo Dra\u0161kovi\u0107\"],\"articleSection\":[\"O autorima\"],\"inLanguage\":\"en-US\",\"potentialAction\":[{\"@type\":\"CommentAction\",\"name\":\"Comment\",\"target\":[\"https:\\\/\\\/centar-fm.org\\\/inmediasres\\\/index.php\\\/mimo-draskovic\\\/#respond\"]}]},{\"@type\":\"WebPage\",\"@id\":\"https:\\\/\\\/centar-fm.org\\\/inmediasres\\\/index.php\\\/mimo-draskovic\\\/\",\"url\":\"https:\\\/\\\/centar-fm.org\\\/inmediasres\\\/index.php\\\/mimo-draskovic\\\/\",\"name\":\"Mimo Dra\u0161kovi\u0107 - In Medias Res - \u010casopis centra za filozofiju medija\",\"isPartOf\":{\"@id\":\"https:\\\/\\\/centar-fm.org\\\/inmediasres\\\/#website\"},\"datePublished\":\"2011-11-22T13:28:27+00:00\",\"author\":{\"@id\":\"https:\\\/\\\/centar-fm.org\\\/inmediasres\\\/#\\\/schema\\\/person\\\/ae49dcc23965665608f66120db8245a4\"},\"breadcrumb\":{\"@id\":\"https:\\\/\\\/centar-fm.org\\\/inmediasres\\\/index.php\\\/mimo-draskovic\\\/#breadcrumb\"},\"inLanguage\":\"en-US\",\"potentialAction\":[{\"@type\":\"ReadAction\",\"target\":[\"https:\\\/\\\/centar-fm.org\\\/inmediasres\\\/index.php\\\/mimo-draskovic\\\/\"]}]},{\"@type\":\"BreadcrumbList\",\"@id\":\"https:\\\/\\\/centar-fm.org\\\/inmediasres\\\/index.php\\\/mimo-draskovic\\\/#breadcrumb\",\"itemListElement\":[{\"@type\":\"ListItem\",\"position\":1,\"name\":\"Po\u010detna stranica\",\"item\":\"https:\\\/\\\/centar-fm.org\\\/inmediasres\\\/\"},{\"@type\":\"ListItem\",\"position\":2,\"name\":\"Mimo Dra\u0161kovi\u0107\"}]},{\"@type\":\"WebSite\",\"@id\":\"https:\\\/\\\/centar-fm.org\\\/inmediasres\\\/#website\",\"url\":\"https:\\\/\\\/centar-fm.org\\\/inmediasres\\\/\",\"name\":\"In Medias Res - \u010casopis centra za filozofiju medija\",\"description\":\"\",\"potentialAction\":[{\"@type\":\"SearchAction\",\"target\":{\"@type\":\"EntryPoint\",\"urlTemplate\":\"https:\\\/\\\/centar-fm.org\\\/inmediasres\\\/?s={search_term_string}\"},\"query-input\":{\"@type\":\"PropertyValueSpecification\",\"valueRequired\":true,\"valueName\":\"search_term_string\"}}],\"inLanguage\":\"en-US\"},{\"@type\":\"Person\",\"@id\":\"https:\\\/\\\/centar-fm.org\\\/inmediasres\\\/#\\\/schema\\\/person\\\/ae49dcc23965665608f66120db8245a4\",\"name\":\"Super User\",\"image\":{\"@type\":\"ImageObject\",\"inLanguage\":\"en-US\",\"@id\":\"https:\\\/\\\/secure.gravatar.com\\\/avatar\\\/5ac3fc5ccca7755fa3f558fed4a39be2232c6585e68bd398c790d57375dde921?s=96&d=mm&r=g\",\"url\":\"https:\\\/\\\/secure.gravatar.com\\\/avatar\\\/5ac3fc5ccca7755fa3f558fed4a39be2232c6585e68bd398c790d57375dde921?s=96&d=mm&r=g\",\"contentUrl\":\"https:\\\/\\\/secure.gravatar.com\\\/avatar\\\/5ac3fc5ccca7755fa3f558fed4a39be2232c6585e68bd398c790d57375dde921?s=96&d=mm&r=g\",\"caption\":\"Super User\"},\"url\":\"https:\\\/\\\/centar-fm.org\\\/inmediasres\\\/index.php\\\/author\\\/amynovcfmweb\\\/\"}]}<\/script>\n<!-- \/ Yoast SEO plugin. -->","yoast_head_json":{"title":"Mimo Dra\u0161kovi\u0107 - In Medias Res - \u010casopis centra za filozofiju medija","robots":{"index":"index","follow":"follow","max-snippet":"max-snippet:-1","max-image-preview":"max-image-preview:large","max-video-preview":"max-video-preview:-1"},"canonical":"https:\/\/centar-fm.org\/inmediasres\/index.php\/mimo-draskovic\/","og_locale":"en_US","og_type":"article","og_title":"Mimo Dra\u0161kovi\u0107 - In Medias Res - \u010casopis centra za filozofiju medija","og_description":"Doc. dr Mimo Dra\u0161kovi\u0107 je ro\u0111en 04. 03. 1981. godine u Nik\u0161i\u0107u, gdje je zavr\u0161io osnovnu \u0161kolu i Gimnaziju. Diplomirao je na Fakultetu za pomorstvo u Kotoru sa prosje\u010dnom ocjenom 9,40. Magistrirao je i doktorirao na Ekonomskom fakultetu u Subotici. Zaposlen je na Univerzitetu Crne Gore \u2013 Fakultetu za pomorstvo u Kotoru, gdje obavlja funkciju [&hellip;]","og_url":"https:\/\/centar-fm.org\/inmediasres\/index.php\/mimo-draskovic\/","og_site_name":"In Medias Res - \u010casopis centra za filozofiju medija","article_published_time":"2011-11-22T13:28:27+00:00","author":"Super User","twitter_card":"summary_large_image","twitter_misc":{"Written by":"Super User","Est. reading time":"1 minute"},"schema":{"@context":"https:\/\/schema.org","@graph":[{"@type":"Article","@id":"https:\/\/centar-fm.org\/inmediasres\/index.php\/mimo-draskovic\/#article","isPartOf":{"@id":"https:\/\/centar-fm.org\/inmediasres\/index.php\/mimo-draskovic\/"},"author":{"name":"Super User","@id":"https:\/\/centar-fm.org\/inmediasres\/#\/schema\/person\/ae49dcc23965665608f66120db8245a4"},"headline":"Mimo Dra\u0161kovi\u0107","datePublished":"2011-11-22T13:28:27+00:00","mainEntityOfPage":{"@id":"https:\/\/centar-fm.org\/inmediasres\/index.php\/mimo-draskovic\/"},"wordCount":253,"commentCount":0,"keywords":["Mimo Dra\u0161kovi\u0107"],"articleSection":["O autorima"],"inLanguage":"en-US","potentialAction":[{"@type":"CommentAction","name":"Comment","target":["https:\/\/centar-fm.org\/inmediasres\/index.php\/mimo-draskovic\/#respond"]}]},{"@type":"WebPage","@id":"https:\/\/centar-fm.org\/inmediasres\/index.php\/mimo-draskovic\/","url":"https:\/\/centar-fm.org\/inmediasres\/index.php\/mimo-draskovic\/","name":"Mimo Dra\u0161kovi\u0107 - In Medias Res - \u010casopis centra za filozofiju medija","isPartOf":{"@id":"https:\/\/centar-fm.org\/inmediasres\/#website"},"datePublished":"2011-11-22T13:28:27+00:00","author":{"@id":"https:\/\/centar-fm.org\/inmediasres\/#\/schema\/person\/ae49dcc23965665608f66120db8245a4"},"breadcrumb":{"@id":"https:\/\/centar-fm.org\/inmediasres\/index.php\/mimo-draskovic\/#breadcrumb"},"inLanguage":"en-US","potentialAction":[{"@type":"ReadAction","target":["https:\/\/centar-fm.org\/inmediasres\/index.php\/mimo-draskovic\/"]}]},{"@type":"BreadcrumbList","@id":"https:\/\/centar-fm.org\/inmediasres\/index.php\/mimo-draskovic\/#breadcrumb","itemListElement":[{"@type":"ListItem","position":1,"name":"Po\u010detna stranica","item":"https:\/\/centar-fm.org\/inmediasres\/"},{"@type":"ListItem","position":2,"name":"Mimo Dra\u0161kovi\u0107"}]},{"@type":"WebSite","@id":"https:\/\/centar-fm.org\/inmediasres\/#website","url":"https:\/\/centar-fm.org\/inmediasres\/","name":"In Medias Res - \u010casopis centra za filozofiju medija","description":"","potentialAction":[{"@type":"SearchAction","target":{"@type":"EntryPoint","urlTemplate":"https:\/\/centar-fm.org\/inmediasres\/?s={search_term_string}"},"query-input":{"@type":"PropertyValueSpecification","valueRequired":true,"valueName":"search_term_string"}}],"inLanguage":"en-US"},{"@type":"Person","@id":"https:\/\/centar-fm.org\/inmediasres\/#\/schema\/person\/ae49dcc23965665608f66120db8245a4","name":"Super User","image":{"@type":"ImageObject","inLanguage":"en-US","@id":"https:\/\/secure.gravatar.com\/avatar\/5ac3fc5ccca7755fa3f558fed4a39be2232c6585e68bd398c790d57375dde921?s=96&d=mm&r=g","url":"https:\/\/secure.gravatar.com\/avatar\/5ac3fc5ccca7755fa3f558fed4a39be2232c6585e68bd398c790d57375dde921?s=96&d=mm&r=g","contentUrl":"https:\/\/secure.gravatar.com\/avatar\/5ac3fc5ccca7755fa3f558fed4a39be2232c6585e68bd398c790d57375dde921?s=96&d=mm&r=g","caption":"Super User"},"url":"https:\/\/centar-fm.org\/inmediasres\/index.php\/author\/amynovcfmweb\/"}]}},"_links":{"self":[{"href":"https:\/\/centar-fm.org\/inmediasres\/index.php\/wp-json\/wp\/v2\/posts\/294","targetHints":{"allow":["GET"]}}],"collection":[{"href":"https:\/\/centar-fm.org\/inmediasres\/index.php\/wp-json\/wp\/v2\/posts"}],"about":[{"href":"https:\/\/centar-fm.org\/inmediasres\/index.php\/wp-json\/wp\/v2\/types\/post"}],"author":[{"embeddable":true,"href":"https:\/\/centar-fm.org\/inmediasres\/index.php\/wp-json\/wp\/v2\/users\/2"}],"replies":[{"embeddable":true,"href":"https:\/\/centar-fm.org\/inmediasres\/index.php\/wp-json\/wp\/v2\/comments?post=294"}],"version-history":[{"count":0,"href":"https:\/\/centar-fm.org\/inmediasres\/index.php\/wp-json\/wp\/v2\/posts\/294\/revisions"}],"wp:attachment":[{"href":"https:\/\/centar-fm.org\/inmediasres\/index.php\/wp-json\/wp\/v2\/media?parent=294"}],"wp:term":[{"taxonomy":"category","embeddable":true,"href":"https:\/\/centar-fm.org\/inmediasres\/index.php\/wp-json\/wp\/v2\/categories?post=294"},{"taxonomy":"post_tag","embeddable":true,"href":"https:\/\/centar-fm.org\/inmediasres\/index.php\/wp-json\/wp\/v2\/tags?post=294"}],"curies":[{"name":"wp","href":"https:\/\/api.w.org\/{rel}","templated":true}]}}