{"id":328,"date":"2018-09-11T18:06:10","date_gmt":"2018-09-11T18:06:10","guid":{"rendered":"https:\/\/sweet-mcclintock.194-60-87-163.plesk.page\/inmediasres\/2018\/09\/11\/clanci-in-medias-res-br-13\/"},"modified":"2018-09-11T18:06:10","modified_gmt":"2018-09-11T18:06:10","slug":"clanci-in-medias-res-br-13","status":"publish","type":"post","link":"https:\/\/centar-fm.org\/inmediasres\/index.php\/clanci-in-medias-res-br-13\/","title":{"rendered":"\u010clanci IN MEDIAS RES br. 13"},"content":{"rendered":"<p class=\"MsoNormal\">VII Uz sedmi simpozij Filozofija medija (2017)<\/p>\n<p class=\"MsoNormal\" style=\"line-height: 150%;\"><span lang=\"SR\">&nbsp;<\/span><\/p>\n<p><a name=\"1inmediasres13\"><\/a><\/p>\n<p class=\"MsoNormal\" style=\"line-height: 150%;\"><span lang=\"SR\">&nbsp;<\/span><\/p>\n<hr \/>\n<table style=\"width: 755px;\" border=\"0\">\n<tbody>\n<tr>\n<td style=\"width: 215px;\" valign=\"top\">\n<p class=\"MsoNormal\" style=\"line-height: 170%;\">\n <strong>&nbsp;7(13)#12 2018<\/strong> <\/p>\n<\/td>\n<td style=\"width: 315px;\" valign=\"top\">\n<p style=\"line-height: 170%; text-align: center;\">\n<a rel=\"license\" href=\"http:\/\/creativecommons.org\/licenses\/by-nc\/4.0\/\"><img decoding=\"async\" alt=\"Creative Commons licenca\" style=\"border-width:0\" src=\"https:\/\/i.creativecommons.org\/l\/by-nc\/4.0\/88x31.png\" \/><\/a><br \/>\u010casopis je otvorenog pristupa, a ovo djelo je dano na kori\u0161tenje pod licencom <a rel=\"license\" href=\"http:\/\/creativecommons.org\/licenses\/by-nc\/4.0\/\"><strong>Creative Commons Imenovanje-Nekomercijalno 4.0 me\u0111unarodna.<\/strong><\/a><\/p>\n<\/td>\n<td valign=\"top\">\n<p style=\"text-align: right; line-height: 150%;\" align=\"center\"><strong>UDK 77.03:659<\/p>\n<p>Izvorni \u010dlanak<\/p>\n<p>Original scientific paper<\/p>\n<p>Primljeno: 25.01.2018.<\/strong><\/p>\n<\/td>\n<\/tr>\n<\/tbody>\n<\/table>\n<p class=\"MsoNormal\" style=\"line-height: 150%;\">&nbsp;<\/p>\n<p class=\"MsoNormal\" style=\"line-height: 150%;\">&nbsp;<\/p>\n<p class=\"MsoNormal\" style=\"text-align: center; line-height: 150%;\" align=\"center\"><span style=\"font-size: 15.0pt; line-height: 150%;\">Silva Kal\u010di\u0107<\/span><\/p>\n<p style=\"text-align: center; line-height: 150%;\" align=\"center\">Sveu\u010dili\u0161te u Zagrebu, Tekstilno-tehnolo\u0161ki fakultet<br \/>\nsilva.kalcic@gmail.com\n<\/p>\n<p style=\"text-align: center;\" align=\"center\"><strong> <span style=\"font-size: 16.0pt; line-height: 150%;\">Trauma i identitet u medijima, medijalizacija i konstrukt<\/span><\/strong><\/p>\n<p style=\"text-align: center; line-height: 150%;\" align=\"center\"><a href=\"http:\/\/www.centar-fm.org\/inmediasres\/images\/pdf\/13\/S. Kalcic, Trauma i identitet u medijima, medijalizacija i konstrukt.pdf\"><strong><span style=\"color: #DC0101; font-size: 8.0pt;\"><br \/>\nPuni tekst: pdf (4919 KB), Hrvatski, Str. 1975 &#8211; 2017<br \/>\n<\/span><\/strong><\/a><\/p>\n<p class=\"MsoNormal\" style=\"line-height: 150%;\">&nbsp;<\/p>\n<p style=\"margin: 0cm 48.6pt 0.0001pt 54pt; line-height: 170%;\"><strong><em>Sa\u017eetak<\/em><\/strong><\/p>\n<p class=\"MsoBodyText\" style=\"margin-top: 0cm; margin-right: 48.6pt; margin-bottom: .0001pt; margin-left: 54.0pt; line-height: 150%;\"><span style=\"font-size: 12.0pt; line-height: 150%; font-family: 'Times New Roman';\" lang=\"SR\">&nbsp;<\/span><\/p>\n<p class=\"MsoBodyText\" style=\"margin-top: 0cm; margin-right: 48.6pt; margin-bottom: .0001pt; margin-left: 54.0pt; line-height: 170%;\"><em>Rebecca Randall hibridnim pojmom \u201cideoscape\u201d, engl., ozna\u010dava serije slika koje se odnose na ideologije i protu-ideologije, za \u0161to bih dala primjere u svome tekstu. Posebna je tema istinonosnosti slike \u2013 u masovnim medijima (medijaliziranoj stvarnosti), naspram statusa slike u suvremenoj umjetnosti gdje je \u010desto kori\u0161tena kao medij mapiranja, antropolo\u0161kih ili sociolo\u0161kog, i arhiviranja, prema definiciji \u201eumjetnika kao etnografa\u201c Hala Fostera 1990-ih. Tema traume na slici \u010desto je povezana uz politi\u010dke ili ekonomske konotacije mjesta, koje mijenjaju \u010dovjekovu budu\u0107nost i propituju integritet, pa \u010dak i odr\u017eivost njegova tijela. Podtema je nemogu\u0107nost komunikacije, traumatiziranog promatra\u010da, \u201espectatora\u201c koji se \u201es boji\u0161ta\u201c vra\u0107a ne bogatiji, ve\u0107 siroma\u0161niji u komunikacijskom iskustvu \u2013 prema Walteru Benjaminu. Moj se tekst temelji na medijski posredovanim slikama traumatskih doga\u0111aja, kao i medijskoj konstrukciji stvarnosti (stvarnosti medija).<\/em><\/p>\n<p class=\"MsoBodyText\" style=\"margin-top: 0cm; margin-right: 48.6pt; margin-bottom: .0001pt; margin-left: 54.0pt; line-height: 170%;\">&nbsp;<\/p>\n<p style=\"margin: 0cm 48.6pt 0.0001pt 54pt; line-height: 170%;\"><strong><em>Klju\u010dne rije\u010di:<\/em><\/strong> <em>medijska slika, fotografija, suvremena umjetnost, su\u010delje.<\/em><\/p>\n<p class=\"MsoBodyText\" style=\"margin-top: 0cm; margin-right: 48.6pt; margin-bottom: .0001pt; margin-left: 54.0pt; line-height: 170%;\">&nbsp;<\/p>\n<p class=\"MsoNormal\" style=\"line-height: 150%;\">&nbsp;<\/p>\n<p class=\"MsoNormal\" style=\"line-height: 170%;\">U  suvremenom svijetu ikoni\u010dnost postaje primarnom kvalitetom na\u0161ih  komunikacijskih obrazaca, \u0161to se de\u0161ava uslijed intenzivnog razvoja novih  medija koji \u010dini suvremeni svijet dominantno vizualnom kulturom, ali i \u010dini  sliku emancipiranom od svijeta-stvarnosti, \u0161to Baudrillard definira prijelazom  od &bdquo;slike stvarnosti&ldquo; na &bdquo;stvarnost slike&ldquo;.<strong> <\/strong>Fotografska slika je istodobno  kaptiranje svijeta i jezik, odnosno sustav znakova. Falk Messerschmidt, nazivaju\u0107i se  ikonodulom, u radu <em>phainesthai<\/em><a name=\"_ftnref1\"><\/a><a href=\"#_ftn1\"><sup>[<span style=\"font-family: 'times new roman', \ntimes;\"><strong>1<\/strong><\/span>]<\/sup><\/a> bavio se   prou\u010davanjem fenomena fotografskih  fantoma i rekonstrukcijom povijesti te pitanjem sje\u0107anja kroz snimke doga\u0111aja  kojima nismo prisustvovali, stvaraju\u0107i arhiv fotografija mjesta i doga\u0111aja,  kako iz svoga \u017eivota tako i onih mjesta na kojima nije bio i doga\u0111aja u kojima  nije sudjelovao, ali koji su na neki na\u010din utjecali na povijest. Postavljaju\u0107i sebe kao mjeru fotografskog  &quot;znanja&quot;, Roland Barthes<a name=\"_ftnref2\"><\/a><a href=\"#_ftn2\"><sup>[<span style=\"font-family: 'times new roman', \ntimes;\"><strong>2<\/strong><\/span>]<\/sup><\/a> zamje\u0107uje da se snimka mo\u017ee promatrati iz tri  kuta: <em>Operatora <\/em>(fotografa) koji ju stvara, <em>Spektatora<\/em> koji ju  kao tako nastalu gleda\/promatra, te trpnog aspekta <em>Mete<\/em> ili <em>Referenta<\/em> koji bivaju fotografirani. Kako po vlastitim rije\u010dima nije fotograf (\u010dak niti  amater), Barthes svoje izlaganje, na veliko razo\u010daranje onih koji se  profesionalno bave fotografijom, ograni\u010dava na razmatranja s  dva  gledi\u0161ta: aspekta subjekta koji gleda i  subjekta koji je gledan. Usredoto\u010duju\u0107i se na foto-portret (jer se fotografija  mrtve prirode eideti\u010dki ne razlikuje od slikane slike, o \u010demu svjedo\u010di <em>camera  obscura<\/em>) Barthes fotografiju smje\u0161ta u onaj suptilni trenutak kada subjekt  osje\u0107a da postaje objektom, pro\u017eivljavaju\u0107i tako na izvjestan na\u010din iz pozicije  pasivne \u017ertve mikro-iskustvo vlastite smrti . Time Smrt postaje <em>eidos<\/em> snimke, ona namjera prema kojoj subjekt gleda na snimci koju mu prave. Preobrazba  u objekt, postvarenje, doti\u010de i vrlo osjetljivo pitanje vlasni\u0161tva nad  fotografijom u dru\u0161tvu u kojemu se biti temelji na imati. O tomu kako Barthes  primje\u0107uje svjedo\u010de i bezbrojni sudski procesi koji iskazuju nesigurnost takvog  dru\u0161tva oko razrje\u0161enja osnovne zagonetke: pripada li snimka subjektu  (fotografiranom) ili pak fotografu? Prolaze\u0107i kraj ku\u0107e fotografa  Disderija, Napoleon III je zaustavio regimentu, popeo se do Disderijevog  ateljea i dao se fotografirati. Francuski klasicisti\u010dki slikar Ernest  Meissonier je  tri godine,  prema fotografiji Le Graya, slikao u tehnici  ulja na platnu sliku <em>Napoleon III u bitci  kod Solferina<\/em>, te je slika zavr\u0161ena tek 1863. Povijesni trenutak (bitka je  zavr\u0161ila to\u010dno u podne 24. lipnja 1859.) \u0161to ga je trenutno kaptirao  fotograf  je  pro\u0161ao. Theophile Gautier u analizi slike <em>Bitka kod Solferina, 24. lipnja 1859.<\/em> ,  grupnog portreta s Napoleonom III kao sredi\u0161njom figurom slike autora Adolphea  Yvona, iz o\u0161trine detalja, matemati\u010dki korektnog pozicioniranja sjena na slici  izvodi zaklju\u010dak da je ona ra\u0111ena prema dagerotipiji te da je neimenovani  fotograf, iako nije dobio medalju na izlo\u017ebi itekako za nju zaslu\u017ean. Postupak  slikanja prema fotografiji koja je smatrana fazom studije slike ili slikarskom  alatkom, utjecao je na vizualni jezik fotografije; prema Talbotu ona je bila  &bdquo;olovka prirode&ldquo; za autore koji nisu imali razvijene crta\u010dke vje\u0161tine. Adolphe Yvon,  slikar poznat po prikazima napoleonskih ratova, uistinu je kao predlo\u017eak  koristio fotografiju cara koji je pristao da bude fotografiran na konju kako ne  bi morao satima pozirati za portret. No fotograf  od kojega je Yvon naru\u010dio fotografiju  umno\u017eio ju je i prodavao, te na tome dobro  zaradio. Slikar ga je tu\u017eio sudu tvrde\u0107i da je fotografija njegova, jer je on  bio taj koji odredio carevu pozu na fotografiji i naru\u010dio fotografiju; sud je  odlu\u010dio da je slikar, a ne fotograf autor spornog portreta. Taj je sudski  slu\u010daj samo jedan primjer u nizu rasprava o odnosu umjetnosti i fotografije u  modernizmu, s druge je strane mi\u0161ljenje kako &bdquo;Fotograf uvijek ima pravo biti  umjetnikom&ldquo;(Felix Nadar, 1859.). <\/p>\n<p class=\"MsoNormal\" style=\"line-height: 100%;\">&nbsp;<\/p>\n<div align=\"center\">\n<p><img loading=\"lazy\" decoding=\"async\" src=\"\/inmediasres\/images\/casopisi\/Silva_image01.jpg\" alt=\"\" width=\"642\" height=\"440\" \/><\/p>\n<p class=\"MsoNormal\" style=\"line-height: 170%;\"><em>Adolphe Yvon,<em> <strong>Bitka kod  Solferina<\/strong>, 24. lipnja 1859.<\/em>, 1861.<\/em><\/p>\n<\/div>\n<p class=\"MsoNormal\" style=\"line-height: 170%;\">&nbsp;<\/p>\n<p class=\"MsoNormal\" style=\"line-height: 170%;\">Posljednja bitka u kojoj je trupama  izravno zapovijedao suveren (Napoleon III. je tako vodio francusku, Vittorio Emanuele  II. sardinsku vojsku,  a na  suprotstavljenoj je strani bio Franjo Josip I, austrougarski monarh) s tako  velikim brojem poginulih i ranjenih vojnika na slici prikazanih kako le\u017ee na  bojnom polju, da je to dovelo do osnivanja Crvenog kri\u017ea i dono\u0161enje \u017denevske  konvencije.<\/p>\n<p class=\"MsoNormal\" style=\"line-height: 100%;\">&nbsp;<\/p>\n<div align=\"center\">\n<p><img loading=\"lazy\" decoding=\"async\" src=\"\/inmediasres\/images\/casopisi\/Silva_image02.jpg\" alt=\"\" width=\"651\" height=\"474\" \/><\/p>\n<p class=\"MsoNormal\" style=\"line-height: 170%;\"><em>Osman Orsal, iz serije  fotografija tzv. Taksimske revolucije za Reuters, 2013.<\/em><\/p>\n<\/div>\n<p class=\"MsoNormal\" style=\"line-height: 170%;\">&nbsp;<\/p>\n<p class=\"MsoNormal\" style=\"line-height: 170%;\">Posebna su tema medijski  posredovane slike traumatskih doga\u0111aja, kao i medijska konstrukcija stvarnosti  (stvarnost medija), odnosno <em>istinonosnosti <\/em>fotografije. Fotografija <em>Smrt  vojnika<\/em> Roberta Cape iz  1936. prikazuje \u0161panjolskog borca u trenutku kada pogo\u0111en smrtonosnim metkom   pada na zemlju. Snazi prizora pridonosi  detalj ruke koja nedostaje, izvan je kadra slike. Autenti\u010dnost fotografije propitana je i uglavnom negirana od niza stru\u010dnjaka koji su posumnjali da je  snimljeni prizor &bdquo;odglumljen&rdquo; i da nije nastao u bitci. Godine 1956. francuski  magazin <em>L&#8217;Express <\/em>objavljuje dvije  identi\u010dne serije fotografija snimljenih za vrijeme pobune Ma\u0111arske u poku\u0161aju  izlaska iz Var\u0161avskog pakta, uz dvije razli\u010dite politi\u010dke interpretacije.  Namjera redakcije bila je pokazati kako razne dr\u017eavne televizijske ku\u0107e mogu  upotrijebiti iste fotografije za izno\u0161enje potpuno suprotnih verzija doga\u0111aja,  \u010dime  se \u017eeljelo upozoriti publiku na  mogu\u0107nost manipulacije slikom. Fotografija dakle postaje neeti\u010dkom ako se njome  izvr\u0107u \u010dinjenice (primjerice da neki politi\u010dar izgleda kao <em>kreten<\/em>). Ikoni\u010dka fotografija Osmana Orsala za Reuters iz 2013.  prikazuje djevojku u crvenoj haljini denotiraju\u0107i anti-tradicionalni milje  svoje nositeljice koja u parku Gazi u sredi\u0161tu Istanbula  stoji uspravno, dok ju u okru\u017eenju gra\u0111anskih  demonstracija (protiv planirane izgradnje trgova\u010dkog centra na mjestu jedinog  parka u jezgri grada) policajac prska debelim sna\u017enim mlazom vodenog topa, tek  ne\u0161to  slabijeg od djevoj\u010dine snage  zadr\u017eavanja polo\u017eaja. Fotografija postaje simbolom Taksimske revolucije<a name=\"_ftnref3\"><\/a><a href=\"#_ftn3\"><sup>[<span style=\"font-family: 'times new roman', \ntimes;\"><strong>3<\/strong><\/span>]<\/sup><\/a> a  djevojka u crvenoj haljini, koloristi\u010dki akcentuiraju\u0107i protu-tradicijsku  orijentiranost suvremene zaposlene Turkinje, iako izlo\u017eena vodenom \u0161mrku-topu u  rukama specijalnog policajca koji joj prilazi sve bli\u017ee i naposljetku vrlo  blizu, nadomak, postaje slikom \u017eenskog mu\u010deni\u0161tva, engl. <em>female piety<\/em>. Novinska fotografija se tako pribli\u017eava  definiciji umjetnosti Vladimira  Majakovskog iz 1926. prema kojoj umjetnost  &bdquo;nije ogledalo u kojem se ogleda  svijet, ve\u0107 \u010deki\u0107 kojim ga oblikujemo&ldquo;<a name=\"_ftnref4\"><\/a><a href=\"#_ftn4\"><sup>[<span style=\"font-family: 'times new roman', \ntimes;\"><strong>4<\/strong><\/span>]<\/sup><\/a>. U suvremenoj umjetnosti sli\u010dnu haljinu nalazimo na Marini  Abramovi\u0107, u interaktivnom video ambijentu <em>Mambo u Marienbadu<\/em>  iz 2001. godine<em>, nadahnutom filmom <\/em>Alaina Resnaisa; na video snimci ona ple\u0161e  lagano, u crvenoj haljini koja ne sputava tijelo, dok publika u prostoru ispred  nje ple\u0161e u cipelama s magnetiziranim poplatima koje , konotiraju\u0107i te\u017einu  svijeta protu-privla\u010de metalne plo\u010de poda. <\/p>\n<p class=\"MsoNormal\" style=\"line-height: 170%;\">Dakle fotografija djevojke u crvenoj haljini suvremena je  interpretacija teme <em>Piet\u00e0 <\/em>iz  kr\u0161\u0107anske ikonografije a drugi srodan  fotografski primjer je ratna fotografija<em> Sahrana u Gazi \u2013 20. studenoga  2012.<\/em> gdje u pogrebnoj povorci Palestinci, svi su mu\u0161karci jer \u017eene u islamu  ne prisustvuju sahranama, oplakuju  dvojicu dje\u010daka, jo\u0161 djece \u010dija su tijela zamotana  u bijeli pokrov ili povoje. Autoru Paulu Hansenu (fotografija je  na\u010dinjena za \u0161vedske dnevne novine <em>Dagens  Nyheter<\/em>) za ovu je fotografiju dodijeljena pa mu  oduzeta ugledna godi\u0161nja nagrada World Press  Photo,  kad je uo\u010deno da je kompjuterskim softverom tonski  korigirao razli\u010dite dijelove fotografije, mijenjao osvjetljenje i  kontrast dijelova slike (\u010dime je  dobio dojam dvostrukog progresivnog  svjetlosnog mlaza, kao na planeti s dva Sunca), u\u010dinio bjeljom draperiju na  dje\u010djim tijelima a odje\u0107u mu\u0161karaca u povorci koloristi\u010dki izjedna\u010dio sa sepijastom  bojom visokih zidova koridornog tipa ulice. Tako je, ne bi li rasvijetlio lica  ro\u0111aka ubijene djece u prvom planu  koja  su po sebi pasti\u0161 baroknog <em>pathos<\/em>a, na na\u010din da se \u017ertvuje stvarno ne bi  li se naglasilo bitno paradigmom Leonardova <em>Posljedna ve\u010dera<\/em> (1495.\u20131498.; gdje  su svi protagonisti scene natiskani s jedne strane stola) postigao efekt  poveziv s caravaggiovskim tenebrizmom. Potencirana  stvarnost novinske fotografije u\u010dinila ju je<em> govorljivijom, istinonosnijom, <\/em>odnosno  pove\u0107ana realnost slike je uvjerljivija, i takva slika govori  izrazitijim vizualnim jezikom. Dana\u0161nji svijet se  sastoji od mno\u0161tva vernakularnih slojeva te sloja globalizacije, stoga  suvremena vizualna kultura iskazuju tu napetost, dok istodobno stvara napetosti  izme\u0111u ta dva jukstaponirana i interpenetrirana svijeta. Fotografija  bilje\u017ei fizi\u010dko postojanje tijela, osobe ili zajednice, a tako\u0111er njihovo  stvarno i simboli\u010dno nestajanje. Kako Barthes primje\u0107uje,  fotografije  u odnosu na druge sustave prikazivanja iskazuju se u \u010dinjenici da fotografski  referent nije <em>fakultativno<\/em> stvarni predmet na koji upu\u0107uju slika ili  znak, nego <em>nu\u017eno<\/em> stvarni predmet postavljen pred objektiv. Barthesovim  rije\u010dima, fotografija mo\u017ee lagati o smislu stvari ali ne i o njezinom  postojanju. Dok slika i govor mogu  upu\u0107ivati na nepostoje\u0107e, u fotografiji se ne mo\u017ee nijekati da je predmet bio  tamo.  A kako ta  prinuda vrijedi samo za nju, prema Barthesu  mo\u017ee  se smatrati samom b\u00eeti, <em>noemom<\/em> fotografije. Dakle fotografija ne izmi\u0161lja, ona je autentifikacija sama; mo\u017ee  lagati o smislu prikazane stvari, ali ne i o njezinu postojanju. <\/p>\n<p class=\"MsoNormal\" style=\"line-height: 100%;\">&nbsp;<\/p>\n<div align=\"center\">\n<p><img loading=\"lazy\" decoding=\"async\" src=\"\/inmediasres\/images\/casopisi\/Silva_image03.jpg\" alt=\"\" width=\"645\" height=\"446\" \/><\/p>\n<p class=\"MsoNormal\" style=\"line-height: 170%;\"><em>Paul  Hansen,<strong> <em>Gaza Burial \u2013 20 November 2012. <\/em><\/strong>Fotografija objavljena u \u0161vedskim dnevnim  novinama Dagens Nyheter.<\/em><\/p>\n<\/div>\n<p class=\"MsoNormal\" style=\"line-height: 170%;\">&nbsp;<\/p>\n<div align=\"center\">\n<p><img loading=\"lazy\" decoding=\"async\" src=\"\/inmediasres\/images\/casopisi\/Silva_image04.jpg\" alt=\"\" width=\"489\" height=\"481\" \/><\/p>\n<p class=\"MsoNormal\" style=\"line-height: 170%;\"><em>Richard Avedon, <strong>Andy Warhol<\/strong>,  1968.<\/em><\/p>\n<\/div>\n<p class=\"MsoNormal\" style=\"line-height: 170%;\">&nbsp;<\/p>\n<p class=\"MsoNormal\" style=\"line-height: 170%;\"><strong>Richard Avedon, <em>Andy Warhol<\/em>, 1968. <\/strong>Fotografija na kojoj su jukstaponirani crna  ko\u017ena motoristi\u010dka jakna i izranjan umjetnikov torzo, pri \u010demu ozljeda dobiva  status umjetnosti kao predlo\u017eak za sliku na majici ponu\u0111enoj na prodaju na  Pinterestu<a name=\"_ftnref5\"><\/a><a href=\"#_ftn5\"><sup>[<span style=\"font-family: 'times new roman', \ntimes;\"><strong>5<\/strong><\/span>]<\/sup><\/a>.  Warhol je nastrijeljen u atentatu \u0161to ga je po\u010dinila feministica Valerie Solanas i koji je u kona\u010dnici doprinio njegovoj preranoj  smrti.<\/p>\n<p class=\"MsoNormal\" style=\"line-height: 170%;\">Portretna fotografija mora  ispunjavati dva osnovna uvjeta: sli\u010dnost i karakter. Iz slike se mora osjetiti  narav portretirane osobe; dobar fotograf hvata izra\u017eaj lica koji osobi po  njezinoj naravi pristaje. Portret osobe mo\u017ee   biti i s obzirom na osobnu povijest, a tako\u0111er  osobu kao utjelovljenje skupine \u010dime otvara  pitanje dru\u0161tvene norme i socijalne patologije. Tijekom promatranja crno-bijele fotografije Richarda Avedona pod  nazivom <em>William Casby, ro\u0111en kao rob<\/em> iz 1963., zapanjuje \u010dinjenica da je ropstvo postojalo u  tako nedavnoj pro\u0161losti da je \u010dovjek ro\u0111en kao rob fotografiran u drugoj  polovici 20. stolje\u0107a.<a name=\"_ftnref6\"><\/a><a href=\"#_ftn6\"><sup>[<span style=\"font-family: 'times new roman', \ntimes;\"><strong>6<\/strong><\/span>]<\/sup><\/a> Istodobno  ne treba smetnuti s uma  \u010dinjenicu da je ropski rad i posjedovanje ljudi ra\u0161irena pojava i danas kada je  na to prisiljeno preko 12 milijuna ljudi u svijetu. Mo\u017ee se re\u0107i da objekt  slike (fotografski model) <em>govori<\/em>. Fotografijom je ogoljena sama bit ropstva,  prikazan je ne \u010dovjek-individua nego &quot;maska&quot; roba. Lice je prikazano  frontalno, <em>en face<\/em>. Druga Avedonova crno-bijela fotografija na kojoj  pa\u017enju gledatelja fokusira na nagi mu\u0161ki torso s dijagonalnim linearnim  \u0161avovima od operacija-o\u017eiljcima kontrastiran motoristi\u010dkoj-ma\u010disti\u010dkoj ko\u017enoj  jakni u koju je tijelo odjeveno , pod  nazivom <em>A<\/em><em>ndy W<\/em><em>arhol, nakon atentata  <\/em>iz  1968., postaje predlo\u017eak za anti-empatijsku ili apatijsku Nintendo igru pod  nazivom Upucajte <em>A<\/em><em>ndyja W<\/em><em>arhola<\/em>. Na  Nirber\u0161kom procesu dvadeset i jednom nacisti\u010dkom zlo\u010dincu 1945.,kao zna\u010dajnu  inovaciju u podru\u010dju prezentacije inkrimiraju\u0107e slike kao dokaza zlo\u010dina protiv  \u010dovje\u010danstva, ameri\u010dki tu\u017eitelji adaptirali su sudsku dvoranu na taj na\u010din da  je filmski ekran postavljen u njezino sredi\u0161te vidljiv iz svih dijelova  sudnice. Na ekranu je prikazan film o nacisti\u010dkim zlo\u010dinima \u0161to ga je snimio  savezni\u010dki kamerman prema preciznom setu specifikacija koje je John Ford osmislio  za karakterizaciju likova u svojim filmovima. Nizanjem slika taksonometrijski  su dokumentirani stanje \u017ertava nacisti\u010dkih zlo\u010dinaca i okolnosti smrti \u017ertava.  Slike su trebale pru\u017eiti to\u010dnu, preciznu, neizmijenjenu sliku prezentirane  situacije. Neonsko svjetlo postavljeno je to\u010dno ispod gornjeg ruba ograde  ispred klupe za kojom su sjedili optu\u017eenici, osvjetljavaju\u0107i ih tijekom  prikazivanja filma odozdo, na na\u010din &bdquo;mefistofelevske rasvjete&ldquo;, demoniziraju\u0107i  izraz njihovih lica i a priori vizualiziraju\u0107i  njihovu krivnju u procesu u kojemu bivaju  suo\u010deni sa svojim zlodjelima.<\/p>\n<p class=\"MsoNormal\" style=\"line-height: 170%;\">Svjedo\u010de\u0107i o tome \u0161to je bilo,  snimka istodobno govori i o onome \u0161to \u0107e nakon toga biti a \u0161to se najbolje vidi  na povijesnim fotografijama. Na <em>Documenti<\/em> 13 u Kasselu 2012., prikazana  je intimna fotografija Lee Miller u kadi stana Adolfa Hitlera na Prinzregentenplatzu  u M\u00fcnchenu, 30. travnja 1945. Autori fotografija su (na\u010dinjena je serija  sukcesivnih faza \u010dina svla\u010denja i kupanja ) ili ona sama, poznata ratna  fotografkinja, ili drugi fotograf, njezin suputnik na fronti David E. Scherman.  Na dan kad su na\u010dinjene fotografije njih dvoje su ujutro  posjetili oslobo\u0111en koncentracijski logor  Dachau  sjeverno od M\u00fcnchena, dok je u  berlinskom bunkeru Hitler po\u010dinio samoubojstvo.<a name=\"_ftnref7\"><\/a><a href=\"#_ftn7\"><sup>[<span style=\"font-family: 'times new roman', \ntimes;\"><strong>7<\/strong><\/span>]<\/sup><\/a> U Hitlerovom udobnom gra\u0111anskom stanu Lee Miller je  skinula uniformu i blatnjave vojni\u010dke \u010dizme i okupala se u kadi. Miller i  Scherman su nekoliko no\u0107i potom u tom stanu i prespavali. Osim intimnog pogleda  u \u017eivot diktatora, fotografija kaptira detalj ru\u010dnika s Hitlerovim izvezenim  inicijalima i njegov kolekcionarski ukus u umjetnosti. Na taj na\u010din danas  kamere ulaze u pala\u010de svrgnutih diktatora, a prema Walteru Benjaminu<a name=\"_ftnref8\"><\/a><a href=\"#_ftn8\"><sup>[<span style=\"font-family: 'times new roman', \ntimes;\"><strong>8<\/strong><\/span>]<\/sup><\/a> podtema je  nemogu\u0107nost komunikacije za  traumatiziranog promatra\u010da, engl. &bdquo;spectatora&ldquo;, koji se s boji\u0161ta vra\u0107a ne  bogatiji  ve\u0107 siroma\u0161niji u  komunikacijskom iskustvu. <\/p>\n<p class=\"MsoNormal\" style=\"line-height: 100%;\">&nbsp;<\/p>\n<div align=\"center\">\n<p><img loading=\"lazy\" decoding=\"async\" src=\"\/inmediasres\/images\/casopisi\/Silva_image05.jpg\" alt=\"\" width=\"604\" height=\"614\" \/><\/p>\n<p class=\"MsoNormal\" style=\"line-height: 170%;\"><em>David E Scherman,<em> <strong>Lee Miller u Hitlerovoj kadi<\/strong><\/em>\/ engl.<strong> <em>Lee  Miller in Hitler&#8217;s bath<\/em><\/strong>, 1945.<\/em><\/p>\n<\/div>\n<p class=\"MsoNormal\" style=\"line-height: 170%;\">&nbsp;<\/p>\n<div align=\"center\">\n<p><img loading=\"lazy\" decoding=\"async\" src=\"\/inmediasres\/images\/casopisi\/Silva_image06.jpg\" alt=\"\" width=\"573\" height=\"420\" \/><\/p>\n<p class=\"MsoNormal\" style=\"line-height: 170%;\"><em>N\u00fcrnber\u0161ki sud ili \u201cSud naroda\u201d<\/em><\/p>\n<\/div>\n<p class=\"MsoNormal\" style=\"line-height: 170%;\">&nbsp;<\/p>\n<p class=\"MsoNormal\" style=\"line-height: 170%;\"><strong>N\u00fcrnber\u0161ki&nbsp;<em>sud ili <\/em>&quot;<em>Sud<\/em>&nbsp;naroda&quot;  24-orici rukovoditelja Reicha, zasjedanje 27. studenoga 1945. <\/strong>Od 20.  studenoga 1945. do 1. listopada 1946. kada su izre\u010dene presude, organizirano je  trinaest su\u0111enja.<strong> <\/strong><\/p>\n<p class=\"MsoNormal\" style=\"line-height: 100%;\">&nbsp;<\/p>\n<div align=\"center\">\n<p><img loading=\"lazy\" decoding=\"async\" src=\"\/inmediasres\/images\/casopisi\/Silva_image07.jpg\" alt=\"\" width=\"496\" height=\"341\" \/><\/p>\n<p class=\"MsoNormal\" style=\"line-height: 170%;\"><em>Zbigniew Libera,<strong> <em>Che. Next  Picture<\/em>, 2003. <\/strong>Fotografija  dimenzija 120 x 179 cm.<\/em><\/p>\n<\/div>\n<p class=\"MsoNormal\" style=\"line-height: 170%;\">&nbsp;<\/p>\n<div align=\"center\">\n<p><img loading=\"lazy\" decoding=\"async\" src=\"\/inmediasres\/images\/casopisi\/Silva_image08.jpg\" alt=\"\" width=\"496\" height=\"341\" \/><\/p>\n<p class=\"MsoNormal\" style=\"line-height: 170%;\"><em>Tracey Moffatt, <em><strong>Up in the Sky<\/strong><\/em>,<em> 24, <\/em>1997. <\/em><\/p>\n<\/div>\n<p class=\"MsoNormal\" style=\"line-height: 170%;\">&nbsp;<\/p>\n<p class=\"MsoNormal\" style=\"line-height: 170%;\">Kori\u0161tenje medijskih slika i medijalizacija  stvarnosti u suvremenoj umjetnosti, odnosno &bdquo;povijesnost&ldquo; jezika kojim umjetnost  govori  i kojim se slu\u017ei, posebna su  tema. Suvremeni poljski umjetnik  Zbigniew  Libera reproducira poznate novinske fotografije 20. stolje\u0107a, mijenja ih na takav  na\u010din da informacija postaje dijelom zabavne industrije: mu\u010deni Che Guevara  pridi\u017ee se iz posljednje postelje, zeza se i pu\u0161i cigaru sa svojim  egzekutorima. Kompozicija slike temelji se na ranorenesansnoj slici mrtvog  Krista na odru Andree Mantegne, u jukstapoziciji s prostornom dispozicijom  likova na fotografiji Freddyja Alborte prisutnoj u kolektivnoj svijesti, mrtvog  Che Guevare dan nakon egzekucije 10. listopada 1967., tijela imobiliziranog uz  betonski blok u praonici bolnice u bolivijskom gradi\u0107u Vallegrande. Tema traume u fotografiji nije nu\u017eno vezana uz  politi\u010dke ili ekonomske konotacije mjesta, ve\u0107 mo\u017ee biti vezana uz traumatski  doga\u0111aj koji mijenja \u010dovjekovu budu\u0107nost i propituje integritet  pa \u010dak i odr\u017eivost njegova tijela. Nizozemska  fotografkinja Rineke Dijkstra od 1994. fotografira toreadore u Portugalu i tako\u0111er  fotografira mlade majke ubrzo nakon poroda: Julie sat vremena nakon poroda,  Teclu dan nakon poroda i Saskiju mjesec dana nakon poroda (naziv fotografije u  kromogenskom  printu dimenzija 116,2 x 93,3 cm je  dokumentacijski precizan: <em>Saskia<\/em><em>, Harderwijk, Netherlands. March 16,  1994<\/em>). One su, kao i toreadori   snimljene nakon iscrpljuju\u0107eg i  potencijalno opasnog po \u017eivot, no i \u017eivotno va\u017enog doga\u0111aja.<a name=\"_ftnref9\"><\/a><a href=\"#_ftn9\"><sup>[<span style=\"font-family: 'times new roman', \ntimes;\"><strong>9<\/strong><\/span>]<\/sup><\/a> Osim  \u0161to svaka serija fotografija za sebe emanira osje\u0107aj koji tako jedinstveni  trenutak prijelaza donosi, Rineke Dijkstra ih je na nekim izlo\u017ebama izlagala  zajedno, povezuju\u0107i ih s temeljnim arhetipovima \u017eenstvenosti i mu\u017eevnosti. Portreti prikazuju osobe u posttraumatskom  trenutku, u stoje\u0107em polo\u017eaju, okrenute fotoaparatu, s neutralnom pozadinom;  tako nastaje i niz portreta izbjeglica-tra\u017eitelja azila u Nizozemskoj. <em>Olivier <\/em>je krovni naziv za seriju  (u  nastajanju od 2000. do 2003.) Dijkstrinih  fotografija na kojima je prikazan uvijek isti mladi\u0107 u mikro-mijenama tijekom  razdoblja od \u010detiri godine. Mladi\u0107 imena Olivier Silva nalazi se u situaciji  regrutiranja u Legiju stranaca, te potom kao legionar slu\u017ei na Korzici, u  Gabonu, Obali Bjelokosti i D\u017eibutiju. Fotografije kaptiraju mladi\u0107evu fizi\u010dku i  psihi\u010dku re-identifikaciju,  preobrazbu u  vojnika.<\/p>\n<p class=\"MsoNormal\" style=\"line-height: 170%;\">&ldquo;Moje su slike tako osobne  da mi je zbog njih uglavnom neugodno&rdquo;, izjavila je australska umjetnica Tracey  Moffatt,  ro\u0111ena 1960. u Brisbaneu.  Njezin ciklus fotografskih litografija na papiru <em>Gore na nebu<\/em>, engl. <em>Up in the Sky <\/em>iz 1997. u  prividno narativnom nizu fotografija ali kronolo\u0161ki pomije\u0161anih, simulirane  dokumentarnosti (\u0161to poja\u010dava medij crnobijele ili sepijasto tonirane  fotografije), zapravo je re\u017eirana pri\u010da o konfliktnim situacijama na  australskim dru\u0161tvenim marginama. Politi\u010dki stejtment i bolno podsje\u0107anje na  pri\u010du iz vlastitog \u017eivota, inscenacija je sje\u0107anja iz detinjstva: opatice u (crnom  i bijelom) habitusu otimaju dijete od svjetlopute uro\u0111enice i odvode ga bijelim  posvojiteljima radi &ldquo;socijalizacije&rdquo; (pri\u010du o vlastitoj bijeloj majci  posvojiteljici umjetnica tretira na na\u010din hollywoodskih majka-k\u0107i melodrama).  Fotografije imaju dualnu autenti\u010dno-umjetnu (nadrealnu) atmosferu, boju,  svjetlo, kompoziciju, ikonografijom podsje\u0107aju na Ameri\u010dki Zapad, snimljene u  suptropskom podru\u010dju kserofitske vegetacije stepa, autori\u010dinim rije\u010dima, &ldquo;u  nekom smislu prazni\u010dkog raja \u2013 vru\u0107ine i u\u017eitka, ali i stra\u0161nog osje\u0107aja straha  i rasizma&rdquo;. I drugi fotografski ciklusi Tracey Moffat tematiziraju djetinjstvo,  izmje\u0161tenost, traumati\u010dna o\u010dekivanja od strane odraslih. Stoga je sociolo\u0161ki aspekt  serije(iako Jean Baudrillard sociologiju progla\u0161ava &ldquo;biv\u0161om znanosti&rdquo;) zanimljiviji  od likovnog. <\/p>\n<p class=\"MsoNormal\" style=\"line-height: 100%;\">&nbsp;<\/p>\n<div align=\"center\">\n<p><img loading=\"lazy\" decoding=\"async\" src=\"\/inmediasres\/images\/casopisi\/Silva_image09.jpg\" alt=\"\" width=\"380\" height=\"495\" \/><\/p>\n<\/div>\n<p class=\"MsoNormal\" style=\"line-height: 100%;\">&nbsp;<\/p>\n<p class=\"MsoNormal\" style=\"line-height: 170%;\"><em>Rineke Dijkstra,<strong> Almerisa, Centar  za tra\u017eitelje azila Leiden, Leiden Nizozemska, 14. o\u017eujka 1994. \/ <\/strong>u  izvorniku <a href=\"https:\/\/www.google.com\/search?safe=active&amp;q=Almerisa,-Asylum+Seekers-Centre-Leiden,-Leiden,-The-Netherlands,-March-14,-1994_0&amp;spell=1&amp;sa=X&amp;ved=0ahUKEwiCmc6R3_XZAhUHhywKHWTWD-IQBQgjKAA\"><strong>Almerisa, Asylum Seekers&#8217; Centre Leiden, Leiden, The  Netherlands, March 14, 1994<\/strong><\/a><strong>, <\/strong>1994.<\/em><\/p>\n<p class=\"MsoNormal\" style=\"line-height: 170%;\">Prva u nizu fotografija Almerise,  izbjeglice i tra\u017eiteljice azila koja je sa \u0161est godina, u dobi s fotografije,  u Nizozemsku stigla iz Bosne i Hercegovine.  Dijsktra kaptira njezinu tranziciju u adolescenticu, pa mladu \u017eenu i potom  majku, tako\u0111er promjene njezinog vizualnog identiteta u velikom vremenskom  rasponu nastanka fotografija. <\/p>\n<p class=\"MsoNormal\" style=\"line-height: 100%;\">&nbsp;<\/p>\n<div align=\"center\">\n<p><img loading=\"lazy\" decoding=\"async\" src=\"\/inmediasres\/images\/casopisi\/Silva_image10.jpg\" alt=\"\" width=\"355\" height=\"447\" \/><\/p>\n<p class=\"MsoNormal\" style=\"line-height: 170%;\"><em>Rineke  Dijkstra, <strong>Montemor,  Portugal, 1. svibnja 1994.<\/strong>, u izvorniku: <a href=\"http:\/\/www.artnet.com\/artists\/rineke-dijkstra\/montemor-portugal-may-1-IMg-h3jtJJCmPQEL550cCQ2\"><strong>Montemor, Portugal, May 1, 1994<\/strong><\/a>, 1994.<\/em><\/p>\n<\/div>\n<p class=\"MsoNormal\" style=\"line-height: 170%;\">&nbsp;<\/p>\n<p class=\"MsoNormal\" style=\"line-height: 170%;\">Godine  1951. uvo\u0111enje termonuklearnog oru\u017eja korespondira sa samoukinu\u0107em umjetni\u010dke  avangarde \u0161to je kraj velike iluzije <em>znanstvene  modernosti<\/em>, franc. <em>modernit\u00e9 savante<\/em>.  Sredi\u0161nji problem globalnih  interakcija u suvremeno doba je tenzija ili disjunkcija izme\u0111u kulturalne  homogenizacije  u obliku amerikanizacije  ili komodifikacije  i kulturalne  heterogenizacije. Prema Rebecci Rendall (koja se pritom poziva na Arjuna  Appaduraija) postoji pet dimenzija  globalnog kulturalnog toka koje ona naziva (engl.) &ldquo;ethnoscapes&rdquo;,  &ldquo;mediascapes&rdquo;, &ldquo;technoscapes&rdquo;, &ldquo;financescapes&rdquo; i &ldquo;ideoscapes&rdquo;. Engl. sufiks  &ldquo;-scape&rdquo; upu\u0107uje na fluidni, nepravilni oblik takvih &ldquo;krajolika&rdquo;, engl.  &ldquo;landscapes&rdquo;. Randall hibridnim pojmom &ldquo;ideoscape&rdquo; ozna\u010dava serije slika  koje se odnose na ideologije i protu-ideologije, ideje i pojmove kao \u0161to su  sloboda, dobrobit, prava, suverenitet, reprezentacija, i krovni pojam  demokracije. Nadovezuju\u0107i se  na teoriju Benedicta Andersona , &bdquo;zami\u0161ljenih zajednica&ldquo;, ponajprije nacija  (Anderson:1983) <a name=\"_ftnref10\"><\/a><a href=\"#_ftn10\"><sup>[<span style=\"font-family: 'times new roman', \ntimes;\"><strong>10<\/strong><\/span>]<\/sup><\/a>, Arjun Appadurai uvodi  pojam  &ldquo;imaginarni svjetovi&rdquo;, engl. <em>imagined worlds<\/em>, kao  pro\u0161ireni pojam imaginarnih zajednica, mno\u017eine   svjetova koje nastanjuju imaginacije ljudi i grupa, odnosno avatara  koji mogu provesti subverziju na\u010dela i vrednota  takvog svijeta.<a name=\"_ftnref11\"><\/a><a href=\"#_ftn11\"><sup>[<span style=\"font-family: 'times new roman', \ntimes;\"><strong>11<\/strong><\/span>]<\/sup><\/a>  U koncepciji projekta  <em>ISTE<\/em>  udruge  MAPA (Andreje Kulun\u010di\u0107) iz 2017. godine, Irena  Beki\u0107 navodi kako  se  u vremenu dru\u0161tvene krize, rasta  siroma\u0161tva i neizvjesnosti, slabljenja nacionalnih dr\u017eava pred ekonomskom globalizacijom  te poja\u010danih migracija, nacionalne  dr\u017eave konsolidiraju umi\u0161ljajem o cjelini i  homogenosti zajednice. U takvoj konstelaciji  dominantni entitet percipira manjinske grupe  koje druk\u010dijim identitetima i mje\u0161ovitim  statusima nagrizaju jedinstvo kolektivnog identiteta  kao kolektivnog stranca koji je prijetnja zami\u0161ljenoj homogenosti, nacionalnoj  ekonomskoj snazi i kulturnoj koherenciji. Identiteti izmaknuti od norme  postaju objekti netrpeljivosti i mete nasilja koji \u0107e mijenjati oblik ovisno o  identitetskom odre\u0111enju ugro\u017eenog tijela( Appadurai: 2006).<a name=\"_ftnref12\"><\/a><a href=\"#_ftn12\"><sup>[<span style=\"font-family: 'times new roman', \ntimes;\"><strong>12<\/strong><\/span>]<\/sup><\/a> U vremenu   intenzivne globalizacije  Appadurai dijagnosticira  istodoban rast nasilja temeljenog na kulturnim  razlikama, pod egidom rata protiv terora  geografski  disperzirane povremene pojave etni\u010dkog \u010di\u0161\u0107enja i represije dominantnih politi\u010dkih  struktura. Sorokin  je dovode\u0107i glad i  migracije  u me\u0111uzavisan odnos a  pod pretpostavkom da je dru\u0161tvena  stratifikacija okvir u kojem se odvija kretanje ljudi i njihovih ideja ali i  kretanje \u017eivotinja, godine 1925.<a name=\"_ftnref13\"><\/a><a href=\"#_ftn13\"><sup>[<span style=\"font-family: 'times new roman', \ntimes;\"><strong>13<\/strong><\/span>]<\/sup><\/a> u  sociologiju  uveo  pojam  &bdquo;migracija&ldquo; .  Za razliku od nehijerarhiziranih  ljudi u prvim egalitarnim zajednicama ili rojeva kad je rije\u010d o \u017eivotinjskim  nehijerarhiziranim skupinama, domet kretanja ljudi ograni\u010den je dru\u0161tvenom  hijerarhijom<\/p>\n<p class=\"MsoNormal\" style=\"line-height: 170%;\">Za Ren\u00e9a Guenona zapadni mentalitet  je u odnosu jednakosti s modernisti\u010dkim mentalitetom.<a name=\"_ftnref14\"><\/a><a href=\"#_ftn14\"><sup>[<span style=\"font-family: 'times new roman', \ntimes;\"><strong>14<\/strong><\/span>]<\/sup><\/a> Konflikt se  otkriva u formi opozicije izme\u0111u kontemplacije i akcije ili  preciznije, razlike u mi\u0161ljenjima u njihovom  relativnom zna\u010daju. Prema Lisi Tickner, zapu\u0161tena delapidirana  arhitektura na orijentalisti\u010dkim slikama 19. stolje\u0107a, kao na G\u00e9r\u00f4meovoj  pseudo-realisti\u010dnoj slici <em>Krotitelj zmij<\/em>a  (u slobodnom prijevodu s franc. <em>Un charmeur  de&nbsp;<\/em><em>serpent<\/em>; ulje na platnu, 50 x 40 cm) s kraja 1860-ih, izo\u010dnost bilo kakvih scena rada i industrijske proizvodnje ima za  cilj ukazati na pretpostavljeni porok lijenosti islamskih dru\u0161tava, odnosno  njihovu dekadenciju u svojevrsnom selektivnom mutizmu, engl. <em>Selective  Mutism<\/em>&nbsp;(<em>SM<\/em>). Edward <a href=\"http:\/\/www.jstor.org\/stable\/10.2307\/3051136\">Sa\u00efd  poimao je &ldquo;Orijent&rdquo; kao fiksaciju zapadne imaginacije, kao zrcalo naspram  kojega se Zapad odre\u0111uje i samodefinira. <\/a>Fenomen  orijentalizma kojim se Sa\u00efd bavi je unutra\u0161nja dosljednost orijentalizma i  njemu pripadaju\u0107ih  ideja o Orijentu bez  obzira na bilo kakvu podudarnost  ili bez  obzira na manjak podudarnosti sa &#8221;stvarnim&#8221; Orijentom. Povijesni procesi  ponekad su oksimoroni razumu; uistinu su izmjeni\u010dni procesi povreda i potom  poku\u0161aja njihova iscjeljenja, no ponekad i nemogu\u0107nosti povratka na primjer u  stanje razumnosti ili racionalnosti, na razini \u010dovjeka, grada i dru\u0161tva. Jean  Baudrillard i Marc Guillaume ( 2008)<a name=\"_ftnref15\"><\/a><a href=\"#_ftn15\"><sup>[<span style=\"font-family: 'times new roman', \ntimes;\"><strong>15<\/strong><\/span>]<\/sup><\/a> zamje\u0107uju  da je uslijed kolonizacije i kulturne asimilacije koje su se u 19.stolje\u0107u  nametnule zapadnom dru\u0161tvu  <em>drugost<\/em> postala pravom rijetko\u0161\u0107u, a  sukladno tome  Marc Aug\u00e9 u  konceptu &bdquo;intimne drugosti&ldquo;, engl. &ldquo;intimate&nbsp;<em>alterity<\/em>&rdquo; deriviranom iz paradigme  &bdquo;ultramoderniteta&ldquo;, franc. &ldquo;surmodernit\u00e9&rdquo;, tvrdi da kriza moderniteta ne  proizlazi iz krize identiteta modernog subjekta ve\u0107 &bdquo;krize <em>drugosti<\/em>&ldquo;. Kako bismo spasili <em>drugost<\/em>  ponukani smo na to da zamislimo fikcije  drugog , a u po\u010detnoj fazi da bi polu\u010dile \u017eeljeni u\u010dinak, te fikcije nastaju u  stvarnosti koja se potom simulira odre\u0111enom dozom imaginarnog. <\/p>\n<p class=\"MsoNormal\" style=\"line-height: 100%;\">&nbsp;<\/p>\n<div align=\"center\">\n<p><img loading=\"lazy\" decoding=\"async\" src=\"\/inmediasres\/images\/casopisi\/Silva_image11.jpg\" alt=\"\" width=\"505\" height=\"334\" \/><\/p>\n<p class=\"MsoNormal\" style=\"line-height: 170%;\"><em>Ahlam Shibli,<strong> <em>untitled <\/em>(<em>Trackers&nbsp;no. 55<\/em>),&nbsp;<em>Arab al-Shibli, Israel \/ Palestine<\/em>,  <\/strong>2005<strong>.  <\/strong>Fotografija dimenzija 37 x  55,5 cm<\/em><\/p>\n<\/div>\n<p class=\"MsoNormal\" style=\"line-height: 170%;\">&nbsp;<\/p>\n<p class=\"MsoNormal\" style=\"line-height: 170%;\">Aham Shibli, Palestinka beduinskog  podrijetla autorica je serije fotografija <em>Traga\u010di <\/em>iz 2005. godine. <em>Traga\u010di<\/em> su  Palestinci beduinskog podrijetla, tzv. <em>tijela  iznimke<\/em>, volonteri u izraelskoj vojsci koji na fotografijama nose maskirne  uniforme i kamufla\u017ene oslike na tijelu. U vojsci Izraela slu\u017ee zato da bi bili  prihva\u0107eni od dominantne skupine  ili  radi  prakti\u010dne \u010dinjenice da nakon tri  godine slu\u017ebe od Izraelaca mogu jeftino otkupiti zemlju . Zemlja jest kako  smatraju oduzeta precima i uz posao traga\u010da vezan je sna\u017ean osje\u0107aj srama, no  umjetnica me\u0111utim izbjegava semioti\u010dku i u smislu stereotipnosti fotografskog  medija, prekoncepciju svojih radova. Njezina fotografska serija <em>Smrt<\/em> prikazuje memorabilije i domove  obitelji u izbjegli\u010dkim kampovima u palestinskoj regiji Nablus; oni su \u017eivi  ljudi koji \u017eive smrt mu\u010denika u Drugoj Infiladi (2000. do 2005. godine). Onaj  koji je izo\u010dan, biva ponovno prisutan, re-prezentiran: mu\u010denici, <em>Shaheedi<\/em> i <em>Shaheede<\/em>, mu\u0161karci i \u017eene samoubojice koji su se raznijeli bombama  privezanim uz vlastita tijela, kao i vojnici u zatvorima redovito na do\u017eivotnoj  robiji, prezentni su na fotografijama, grafitima, posterima koji su nametljivo  posvuda, dok su grobovi tzv. mu\u010denika oki\u0107eni njihovim osobnim predmetima.  Posebnu cjelinu \u010dine reprodukcije pisama i dnevnika zatvorenika pisani kao  intimno obra\u0107anje onima kojima su pisani kako bi pro\u0161li strogu kontrolu zatvorskih  cenzora ili kao intimne ispovijesti dnevniku koji je koji put i oslikan, koji  su dostavljeni obitelji po zatvorenikovoj smrti na robiji. Fotografije Ahlam  Shibli, na na\u010din topografskog pogleda svjedo\u010de \u017eivotnim uvjetima ljudi u  opresivnom re\u017eimu; ljudi na fotografijama su stoga &bdquo;zamu\u0107enih&ldquo; obrisa ili su im  pokrivena lica kako fotografije ne bi bile okida\u010d za nove mjere dr\u017eavnog nasilja  i tako povod za viktimizaciju osobe s fotografske slike. Stoga Shibli svojim  radom izbjegava povijesnu opsesiju fotografijom  kao objektivnim medijem koji pod svaku cijenu  svjedo\u010di istinu. Naposljetku, fotografski ciklus <em>Autoportret<\/em> nastao je 2000. godine. Kaptira igru djevoj\u010dice i  dje\u010daka na otvorenom polju u okolici sela u kojemu je umjetnica ro\u0111ena 1970.  godine. Golo polje sa naseljem na horizontu poprima kvalitetu &bdquo;egzistencijalnog  teritorija&ldquo;, rije\u010dima francuskog filozofa Felixa Guattarija  mjesta otpora unutar slu\u017ebenog ozemlja dr\u017eave.  Fotografska slika ovdje nije samodostatno umjetni\u010dko djelo ve\u0107 u punini komunicira  s gledateljem tek u narativnoj fotografskoj sintaksi, odnosno u kontekstu  drugih fotografija. Rebecca Randall hibridnim pojmom &ldquo;ideoscape&rdquo; <strong> <\/strong>ozna\u010dava serije slika koje se odnose na  ideologije i protu-ideologije. Za razliku od Palestinke Mone Hatoum i  Amerikanca ro\u0111enog u Jeruzalemu Edwarda Sa\u00efda, Ahlam Shibli i danas \u017eivi u  Izraelu te stoga njezini radovi nisu neo-orijentalisti\u010dki kao kad promatramo  radove, primjerice, Shirin Neshat  koji  su prezentacije Istoka o\u010dima Zapada  i za  pogled publike Zapada. Palestincima, za Izraelce &bdquo;izraleskim Arapima&ldquo;, prema  Hannah Arendt stalno biva uskra\u0107ivano &bdquo;pravo na prava&ldquo; i stoga Shibli svojim  radom iscrtava osje\u0107aj neukorijenjenosti inherentan stanovnicima pograni\u010dnih  podru\u010dja odnosno mjesta nestabilnih granica, kao i ljudi bez domovina. Doti\u010de  se poimanja doma i pripadanja u represivnim  politikama identiteta  zajednice  koja postoji kao sje\u0107anje, odnosno kroz mehanizme memorije. Pritom koristi tri  modula: fosterovskog arhivskog nagona suvremene umjetnosti, tj. kori\u0161tenja  povijesnih dokumenata; husserlovskog fenomenolo\u0161kog pristupa, gdje  polaze\u0107i od fenomena \u010distih intencionalnih akata&nbsp;<a href=\"http:\/\/hr.wikipedia.org\/wiki\/Svijest\" title=\"Svijest\">svijesti<\/a>&nbsp;\u017eeli  sagledati njihovu imanentnu su\u0161tinu kao su\u0161tinu samih stvari; te tehnologijski  posredovanog kaptiranja fizi\u010dkog postojanja tijela, bi\u0107a \u010dovjeka ili zajednice,  i njegova stvarnog i simboli\u010dkog nestajanja. <\/p>\n<p class=\"MsoNormal\" style=\"line-height: 170%;\">Jacques Ranci\u00e8re poveznicu umjetnosti  i politike pripisuju\u0107i zajedni\u010dku estetiku politici i likovnoj (vizualnoj)  umjetnosti nalazi u estetici, ali  ipak u  govoru o politi\u010dkoj umjetnosti smatra da ju je potrebno razgrani\u010diti od  ciljanih politi\u010dkih programa. &bdquo;Dok teoreti\u010dari umjetnosti i kriti\u010dari  primje\u0107uju da je &bdquo;vizija novog umjetnika nepobitno politi\u010dka&ldquo; jer on nastoji  &bdquo;suprotstaviti realnost politi\u010dke akcije iluzijama umjetnosti zaklju\u010dane u  muzejima&ldquo; ili pak da se umjetnost &bdquo;u posljednje vrijeme \u010desto mije\u0161a sa  politi\u010dkim djelovanjem&ldquo;, aktivisti pokreta Occupy autorima politi\u010dke umjetnosti  zamjeraju da &bdquo;\u017eele protestni pokret zatvoriti u muzej&ldquo;.&ldquo;<a name=\"_ftnref16\"><\/a><a href=\"#_ftn16\"><sup>[<span style=\"font-family: 'times new roman', \ntimes;\"><strong>16<\/strong><\/span>]<\/sup><\/a> Prema  Ursuli Frohnem  politi\u010dki doga\u0111aji uvijek  imaju estetsku dimenziju, a politi\u010dki aktivizam i politi\u010dka umjetnost djeluju u  istom smjeru razotkrivanja skrivenih stanja i poredaka te &lsquo;kontaminacije&rsquo;  vladaju\u0107ih ideolo\u0161kih sistema zna\u010denja i komunikacije. &quot;Migrant  image&quot; je pojam (engl.) J. T. Demosa<a name=\"_ftnref17\"><\/a><a href=\"#_ftn17\"><sup>[<span style=\"font-family: 'times new roman', \ntimes;\"><strong>17<\/strong><\/span>]<\/sup><\/a> kojim  se propituje kako prakse dokumentiranja stvarnosti masovnih migracijskih tokova  i pritom raznih oblika nasilja i povreda, na primjer u filmskim i fotografskim  djelima autora kao \u0161to su Tobias Zielony, Hito Steyerl i Jasmina Metwaly\/Philip  Rizk, oblikuju globalnu svijest, i kako njome bivaju mijenjane, odnosno kao \u0161to  je migracija su\u0161tinsko stanje modernog \u010dovjeka, to je u figurativnom i jedna od  najva\u017enijih osobina digitalne slike. Masovnom distribucijom slika na dru\u0161tvenim  mre\u017eama pitanje- \u0161to su na\u0161e &quot;dijeljene slike&quot; zapravo prestaje biti  relevantno; bitan je performativni \u010din stvaranja i pokazivanja slika, kome su one  uop\u0107e upu\u0107ene. Kad je 1935. putuju\u0107i  Kalifornijom u starom Fordu, u mjestu Nipomu pokraj Santa Barbare svojom  kamerom Graflex snimila svoju najpoznatiju fotografiju (iz niza od pet snimaka)<em> Migrant Mother<\/em> (engl. za &quot;Majka  migrantica&quot;), Dorothea Lange je izuzela iz kadra gomilu prljave odje\u0107e  pored improviziranog \u0161atora koji se je jednim dijelom naslanjao na automobil uz  cestu,  prikazuju\u0107i  dostojanstveno prerano ostarjelu seljanku,  udovicu koja je \u017eivjela od smrznutih plodova s okolnih polja i ptica koje bi  ulovila djeca, a koja je iz Oklahome na put u nepoznato  potjerana velikom gospodarskom krizom pa potom  velikom su\u0161om, u tzv. <em>Dust Bowl <\/em>razdoblju<em>.<\/em><a name=\"_ftnref18\"><\/a><a href=\"#_ftn18\"><sup>[<span style=\"font-family: 'times new roman', \ntimes;\"><strong>18<\/strong><\/span>]<\/sup><\/a> Na primjeru ilegalnih imigranata iz zemalja  tzv. Latinske Amerike u SAD-u, pojam &bdquo;immigration porn&ldquo; (engl.) ozna\u010dava  medijski posredovane prizore deportacije ili policijske sile nad &bdquo;odbijenim  dijelom ameri\u010dkoga sna&ldquo;. Danas je &bdquo;immigration porn&ldquo; dominantni na\u010din medijskog  posredovanja izbjegli\u010dke krize. Fotografija iz rujna 2015. godine  postala je simbolom izbjegli\u010dke krize, ponajprije sirijskih izbjeglica: slika  dje\u010daka Alana Kurdija koji se je u havariji pretovarenog broda s izbjeglicama  utopio te je njegovo tijelo isplivalo na pla\u017eu u blizini turskog grada Bodruma,  postala je dio suvremenog kolektivnog imaginarija na globalnom nivou. Kineski  umjetnik i aktivist<strong> <\/strong>Ai Weiwei je 2015.  re-kreirao tu ikoni\u010dku sliku; na novoj je fotografiji pozirao na \u0161ljun\u010danoj  pla\u017ei gr\u010dkog otoka Lezbosa blizu luke Mytilene  gdje se i fotografirao  s izbjeglicama pru\u017eaju\u0107i  djeci \u010dokoladne kola\u010di\u0107e i nose\u0107i prsluk od retro-refleksivnog materijala. Na  crno-bijeloj fotografiji je odjeven u tamno odijelo, licem prema dolje i  u stranu, prema kameri; ruku ispru\u017eenih uz tijelo, u pozi koja ponavlja polo\u017eaj  i kut snimanja prizora be\u017eivotnog tijela dje\u010daka Alana Kurdija (nije ponovljeno  intenzivno crvenilo njegove majice s izvorne fotografije). Umjetnikov poku\u0161aj &bdquo;kapitaliziranja&ldquo; sudbine malog  djeteta dio je publike smatrao neukusnom dosjetkom. Primjerice, korisnik  Twittera pi\u0161e: &bdquo;Nikad nisam razumio suvremenu &bdquo;umjetnost&ldquo;, a nakon \u0161to sam  vidio Ai Weiweija kao mrtvo sirijsko dijete razumijem je jo\u0161 manje&ldquo;. Samo zato  \u0161to je netko poznati umjetnik zna\u010di li nu\u017eno da je njegovo djelo umjetnost  i da je nu\u017eno dobra umjetnost \u2013 otvorena je  javna rasprava na tu temu, kao i cijeli niz pasti\u0161nih slika, za \u0161to je primjer  sljede\u0107a ilustracija. <\/p>\n<p class=\"MsoNormal\" style=\"line-height: 100%;\">&nbsp;<\/p>\n<div align=\"center\">\n<p><img loading=\"lazy\" decoding=\"async\" src=\"\/inmediasres\/images\/casopisi\/Silva_image12.jpg\" alt=\"\" width=\"560\" height=\"373\" \/><\/p>\n<p class=\"MsoNormal\" style=\"line-height: 170%;\"><em>Ai Weiwei na otoku Lezbosu u petak 1. sije\u010dnja 2016. Fotografija Rohita Chawle.<\/em><\/p>\n<\/div>\n<p class=\"MsoNormal\" style=\"line-height: 170%;\">&nbsp;<\/p>\n<div align=\"center\">\n<p><img loading=\"lazy\" decoding=\"async\" src=\"\/inmediasres\/images\/casopisi\/Silva_image13.jpg\" alt=\"\" width=\"509\" height=\"724\" \/><\/p>\n<p class=\"MsoNormal\" style=\"line-height: 170%;\"><em>Guccijeva reklama u \u010dasopisu <strong>La pub du Monde<\/strong>, izdanje od petka, 4. rujna 2015.:<\/em><\/p>\n<\/div>\n<p class=\"MsoNormal\" style=\"line-height: 170%;\">&nbsp;<\/p>\n<p class=\"MsoNormal\" style=\"line-height: 170%;\">Pascal Beausse komentira Guccijevu  reklamu u \u010dasopisu <em>La pub du Monde<\/em>,  izdanju od petka, 4. rujna 2015.:<\/p>\n<p class=\"MsoNormal\" style=\"line-height: 170%;\">&bdquo;2643 mrtvih na Mediteranu od  sije\u010dnja\u2026 i industrija luksuza i njezini agenti (&quot;kreativci&quot;, <em>design advocats<\/em>, stilisti, fotografi i  sl.) nude nam reklamnu sliku &quot;brodoloma&quot;luksuza, &quot;nasukanih&quot; na pla\u017ei, brodolomaca koji se  hvataju za dizajnersku torbu (<em>it-bag<\/em>)  kao za pluta\u010du (spa\u0161avaju vlastitu savjest?)&#8230;<\/p>\n<p class=\"MsoNormal\" style=\"line-height: 170%;\">To nije samo uredni\u010dka nesre\u0107a,  nesretna \u0161ansa za publiciranje (budu\u0107i da su u novinarstvu nadmo\u0107na reklamna  pravila ), tu progovara nesvjesno. Znak manjka na\u0161e individualne i kolektivne  hrabrosti.&ldquo;<\/p>\n<p class=\"MsoNormal\" style=\"line-height: 170%;\">Po\u010detkom 2015. na njujor\u0161kom tjednu  mode Kanye West promovirao je kolekciju <em>Yeezy  Season 1<\/em> za Adidas, \u0161to postaje najgledanija modna revija na Internetu u  povijesti toga medija. Sura\u0111ivao je pritom sa suvremenom umjetnicom Vanessom  Beecroft, u konceptualnom izmje\u0161tanju modne revije u podru\u010dje performansa koji  je po sebi hibridizacija vizualnih i izvedbenih umjetnosti. Sredi\u0161nji lik  revije naime bio je mu\u0161ki model u zelenom prsluku s &bdquo;izbo\u010dinama&ldquo; koje su bile  razvidna aluzija na ikonografiju bomba\u0161a-samoubojica aktualiziranih tada\u0161njom sigurnosnom  krizom u zapadnom svijetu zbog niza samoubila\u010dkih napada islamskih  teroristi\u010dkih skupina. Dijete Kanyea Westa u publici nosilo je identi\u010dan prsluk.<\/p>\n<p class=\"MsoNormal\" style=\"line-height: 100%;\">&nbsp;<\/p>\n<div align=\"center\">\n<p><img loading=\"lazy\" decoding=\"async\" src=\"\/inmediasres\/images\/casopisi\/Silva_image14.jpg\" alt=\"\" width=\"533\" height=\"379\" \/><\/p>\n<p class=\"MsoNormal\" style=\"line-height: 170%;\"><em><strong>&bdquo;Aleppo  Boy: Ash-covered child brings home horror of Syrian war to the world.&ldquo;<\/strong><\/em><a name=\"_ftnref19\"><\/a><a href=\"#_ftn19\"><sup>[<span style=\"font-family: 'times new roman', \ntimes;\"><strong>19<\/strong><\/span>]<\/sup><\/a><strong> <\/strong><\/p>\n<\/div>\n<p class=\"MsoNormal\" style=\"line-height: 170%;\">&nbsp;<\/p>\n<p class=\"MsoNormal\" style=\"line-height: 170%;\">Otac petogodi\u0161njeg dje\u010daka Omrana  Daqneesha  ranjenog u navodnom ruskom  zra\u010dnom napadu na naselje civila u sirijskom gradu Alepu 17. kolovoza 2016. deklariraju\u0107i  se kao simpatizer vladaju\u0107eg re\u017eima optu\u017euje masovne medije za iskori\u0161tavanje  \u017ertve napada: &bdquo;Snimali su ga prije nego su mu pru\u017eili prvu pomo\u0107&ldquo;<a name=\"_ftnref20\"><\/a><a href=\"#_ftn20\"><sup>[<span style=\"font-family: 'times new roman', \ntimes;\"><strong>20<\/strong><\/span>]<\/sup><\/a>.  Kineski i ruski mediji nazvali su sliku &bdquo;dijelom propagandnog rata Zapada&ldquo;, dok  su je istodobno neki zapadni mediji ocijenili insceniranom. <\/p>\n<p class=\"MsoNormal\" style=\"line-height: 100%;\">&nbsp;<\/p>\n<div align=\"center\">\n<p><img loading=\"lazy\" decoding=\"async\" src=\"\/inmediasres\/images\/casopisi\/Silva_image15.jpg\" alt=\"\" width=\"554\" height=\"415\" \/><\/p>\n<\/div>\n<p class=\"MsoNormal\" style=\"line-height: 170%;\">&nbsp;<\/p>\n<p class=\"MsoNormal\" style=\"line-height: 170%;\">Papa Franjo prema ideji da su  &bdquo;svi ljudi Bo\u017eja djeca&ldquo;, na Veliki \u010detvrtak 2016. godine. pere noge izbjeglica  muslimanske, hinduisti\u010dke, katoli\u010dke i koptske vjere. <\/p>\n<p class=\"MsoNormal\" style=\"line-height: 170%;\">Fotografija koja utjelovljuje ideju ekumenzima kaptira papu Franju u gesti poniznosti; oprao je i ljubi nogu  Muslimanu-izbjeglici koji je za ovaj obred u sugestiji broja Apostola izabran s  jo\u0161 jedanaest izbjeglica uklju\u010divo dvije djevojke, \u0161to je bilo dijelom  preduskrsnih sve\u010danosti i reakcija na netom  po\u010dinjene teroristi\u010dke napade u Bruxellesu, te  u izbjegli\u010dkom centru za mlade  Castelnuovo di Porto kraj Rima, 24. o\u017eujka 2016. Protivnici su takav \u010din smatrali  znakom slabosti, &bdquo;pod\u010dinjenosti&ldquo;, jednako kao \u0161to se &bdquo;islam&ldquo; tuma\u010di u smislu  volje za &bdquo;pokoravanjem&ldquo; drugih vjera. <\/p>\n<p class=\"MsoNormal\" style=\"line-height: 170%;\">Anonimni  umjetnik grafita Banksy reagira na izbjegli\u010dku krizu druga\u010dije nego li Ai  Weiwei. Marx je tvrdio da je razvoj   kapitalizma doveo do stvaranja ne\u010dega \u0161to suvremena sociolo\u0161ka teorija  imenuje &bdquo;out of law&ldquo; (engl.) proleterijatom, tretiranja prekarnoga rada kao kontinuiranog  bivanja na rubu legalnosti sustava te ukazuje na njega kao na globalni  fenomenolo\u0161ki problem a \u0161to je posebno vidljivo na primjeru migracija (posebna  je problematika podjela s obzirom na smjerove tokova ljudi, na ekspatriote ili  privilegirane do\u0161ljake iz zemalja prvog svijeta i imigrante, posebno ilegalne  imigrante, tal. <em>clandestine<\/em>). U  pove\u0107anom pritisku ilegalnog ulaska u zemlje prvoga svijeta otvara se prostor  legitimiteta nasilnog opho\u0111enja dr\u017eave prema svim radnicima i potom svim gra\u0111anima.  Akcionisti\u010dkim muralom u izbjegli\u010dkom logoru u Calaisu (zvanom  &quot;d\u017eungla&quot; jer tamo na obalu La Manchea pristi\u017ee veliki broj migranata  u poku\u0161aju prodora prema britanskom otoku) Banksy iskazuje kritiku negativnog  mi\u0161ljenja o izbjeglicama prisutnog u dijelu &bdquo;zapadne&ldquo; javnosti. Na  muralu-grafitu prikazan je u doskoku u \u010dinu preskakanja zida s torbom preko ramena  i Apple ra\u010dunalom u ruci utemeljitelj te nadnacionalne kompanije Steve Jobs, \u010diji  je otac sirijski musliman koji je u SAD stigao 1950-ih kao politi\u010dki izbjeglica.  Prema Ivani Mance koja uspore\u0111uje pristupe istoj temi Weiweija i Banksyja, suvremena  umjetnost kao niti srodne kulturne prakse nije uspjela adresirati Drugog u  kontekstu izbjegli\u010dke krize. Imaju\u0107i u vidu da je suvremena umjetnost tzv. &bdquo;visoka&ldquo;,  &bdquo;elitna&ldquo; kulturna praksa (i ekonomski i simboli\u010dki), tj. duboko ugra\u0111ena u  globalne strukture mo\u0107i, te je kao takva sposobna samo reproducirati postoje\u0107e  dru\u0161tvene odnose na simboli\u010dkoj razini, kao i njihov nedostatak samokritike.  Rje\u0161avanjem problema izbjegli\u010dke krize isklju\u010divo iz perspektive humanitarnog  pitanja, tj. umanjivanjem na bio-politi\u010dku kategoriju \u017eivotne ugroze, umjetnici  provode otvorenu estetizaciju ljudske patnje prisvajaju\u0107i poziciju politi\u010dke  razlike u podru\u010dju dominantne kulturne proizvodnje, no ne riskiraju\u0107i da izgube  svoje dru\u0161tvene privilegije; a pritom ipak provociraju kriti\u010dke glasove u  javnosti.<a name=\"_ftnref21\"><\/a><a href=\"#_ftn21\"><sup>[<span style=\"font-family: 'times new roman', \ntimes;\"><strong>21<\/strong><\/span>]<\/sup><\/a> Prema  Nini Felshin u uvodniku zbornika <em>But Is  It Art?: The Spirit of Art As Activism <\/em>(Seattle Bay Press, 1996.),  aktivisti\u010dka umjetnost jednom nogom u svijetu umjetnosti a drugom u svijetu  politi\u010dkog aktivizma, kao nevjerojatan hibrid se pojavila sredinom 1970-ih, a  kriti\u010dnu masu i institucionalizaciju postigla  1990-ih godina.  Nova aktivisti\u010dka kulturna praksa postala je  predmetom bavljenja konferencija i tekstova, muzejskih izlo\u017ebi i projekata  sponzoriranih od muzeja te projekata koji se ti\u010du lokalne zajednice(engl. <em>community-base<\/em>). Ono \u0161to karakterizira aktivisti\u010dku umjetnost je  inovativno kori\u0161tenje javnog prostora, poticanje zajednice na homogenizaciju,  odnosno uklju\u010divanje i poticanje javnosti na anga\u017eman, kao na\u010dina promicanja  dru\u0161tvene promjene, koji je institucionaliziran i time na neki na\u010din  neutraliziran  godine 1993. kada Whitney  Museum of American Art cijelu presti\u017enu bijenalnu izlo\u017ebu posve\u0107uje svim  oblicima politi\u010dki ili dru\u0161tveno anga\u017eirane umjetnosti. Ideja da je fizi\u010dki,  institucionalni, dru\u0161tveni ili konceptualni kontekst djela integralni dio  njegova zna\u010denja, utjecala je na razvoj umjetnosti od 1970-ih, uklju\u010duju\u0107i  pro\u0161irene medije umjetnosti i umjetnost u javnom prostoru. Koriste\u0107i se  izravnim i sna\u017enim porukama na slikama i u tekstovima, \u010desto nijansiranima  ironijom, humorom, pitanjima, didakti\u010dki   ili konfrontacijski, umjetnik poti\u010de publiku na &bdquo;participaciju  interpretacijom&ldquo;. Umjetnost 20. i 21. stolje\u0107a aktivira se u dru\u0161tvo kroz  avangardne pokrete prema Beuysovoj definiciji umjetnosti kao dru\u0161tvene  skulpture  i kao &bdquo;dru\u0161tvena skulptura&ldquo;,  engl. <em>social sculpture<\/em>, njem. <em>Soziale Plastik<\/em>,gdje se prema Ivanu Ko\u017eari\u0107u umjetnost poima kao na\u010din  postojanja,  &bdquo;umjetnost uvijek izmi\u010de&ldquo;;  dok je u povijesti imala funkciju izvan sebe same, filozofsku, religijsku,  moralnu ili didakti\u010dku.<a name=\"_ftnref22\"><\/a><a href=\"#_ftn22\"><sup>[<span style=\"font-family: 'times new roman', times;\"><strong>22<\/strong><\/span>]<\/sup><\/a><\/p>\n<p class=\"MsoNormal\" style=\"line-height: 170%;\">Gr\u010dki mit  o Europi<strong>,<\/strong> feni\u010dkoj princezi koju je  prema Ovidiju kao bijeli bik sa zlatnim rogovima u jednoj od svojih metamorfoza  na  svojim le\u0111ima na Kretu doveo Zeus, ispri\u010dan je u video radu <em>Kwasa Kwasa <\/em>skupine Superflex koju su  1993. u Kopenhagenu osnovala trojica danskih umjetnika ro\u0111enih 1968. i 1969.  (Jakob Fenger, Rasmus Nielsen i Bjornstjerne Christiansen). <em>Kwasa<\/em> je, kako obja\u0161njava narator, naziv za bijeli \u010damac od  fiberglasa  koji su izgradili prekarni  majstori s Mayotte, jednog od \u010detiri Komorskih otoka (u&nbsp;<a href=\"https:\/\/hr.wikipedia.org\/wiki\/Indijski_ocean\" title=\"Indijski ocean\">Indijskom oceanu<\/a>, izme\u0111u sjevernog&nbsp;<a href=\"https:\/\/hr.wikipedia.org\/wiki\/Madagaskar\" title=\"Madagaskar\">Madagaskara<\/a>&nbsp;i sjevernog&nbsp;<a href=\"https:\/\/hr.wikipedia.org\/wiki\/Mozambik\" title=\"Mozambik\">Mozambika<\/a>) \u010diji su stanovnici 2014. organizirali referendum na  kojemu su s 95,5 posto glasova  nakon  dugog procesa dekolonizacije pra\u0107ene siroma\u0161enjem lokalnoga stanovni\u0161tva  odlu\u010dili ponovno postati francuskom kolonijom: &bdquo;ne mo\u017ee\u0161 se nahraniti  identitetom&ldquo;, engl. &bdquo;You cannot eat identity&ldquo;. Mayotte je tako kao prekomorski  francuski departman postao najudaljenijom regijom Europske unije, \u0161to je  postalo okida\u010dem za masovnu imigraciju stanovnika obli\u017enjih otoka i isto\u010dne obale  Afrike, onih koji se odva\u017euju  na rizi\u010dnu  vo\u017enju u prenakrcanoj barki koja ja\u0161i velike valove  koji ju ponekad i svladaju, o \u010demu svjedo\u010di  svojevrsno groblje <em>kwasa <\/em>plovila i  zastra\u0161uju\u0107i neslu\u017ebeni statisti\u010dki podatci o broju utopljenika za koje Europu nije  bilo mogu\u0107e dosegnuti, kao niti san o sre\u0107i. Da je u Zeusovo doba bilo  grani\u010dnih kontrola i pomorskih patrola, lijepa Feni\u010danka iz Isto\u010dnog Mediterana  na podru\u010dju dana\u0161njeg Libanona ne bi postala prvom kraljicom Krete. Odnosno,  naratorov glas zaklju\u010duje: ne bi bilo Europe. <\/p>\n<p class=\"MsoNormal\" style=\"line-height: 170%;\">Po\u010detkom 2016. na otoku Lezbosu, Ai Weiwei je u  suradnji s Lije\u010dnicima bez granica  i \u010dlanovima Greenpeacea  postavo veliki  znak mira napravljen od prsluka za spa\u0161avanje vi\u0161e tisu\u0107a migranata koji su  kao politi\u010dki i ekonomski izbjeglice iz  Sjeverne Afrike, Zapadne Afrike i europocentri\u010dki imenovane transkontinentalne regije  Srednjeg Istoka  u prethodnom desetlje\u0107u do  njega doplovili Egejskim morem. Weiwei je iste godine u New Yorku za izlo\u017ebu pod  nazivom <em>Laundromat<\/em>, prikupio 2046  odjevnih predmeta i obu\u0107e ostavljenih u naglo i nasilno zatvorenom i  ispra\u017enjenom izbjegli\u010dkom logoru na granici Gr\u010dke i Makedonije. Odje\u0107a je  pa\u017eljivo oprana, izgla\u010dana, kategorizirana i fotografirana,te ilustrira  vrijednosni sustav ljudi koji su je jednom nosili. &bdquo;Uvijek traga\u0161 za  osje\u0107ajem koji si ve\u0107 osjetio, ba\u0161 kao \u0161to voli\u0161 podignuti stare hla\u010de iz  kemijske \u010distionice  koje sada izgledaju kao  nove sve dok ne pogleda\u0161 izbliza&rdquo;, objasnit \u0107e autorski dadaist Francois  Picabia, ali i kao razlog promatra\u010da za bavljenjem umjetni\u010dkim djelom (koje  mora biti neestetsko, nekorisno i neopravdivo). <\/p>\n<p class=\"MsoNormal\" style=\"line-height: 170%;\">Nakon \u0161to je 2011. uhi\u0107en na  bejin\u0161kom aerodromu, Ai Weiwei je zatvoren  na 81 dan bez optu\u017enice, oduzeta mu je  putovnica, te je otad u ku\u0107nom pritvoru navodno radi utaje poreza ili  ekonomskog kriminala. Sama jezgra njegova rada  stoga je osobni sukob s rodnom zemljom,  koji publika u nekom drugom dijelu svijeta  mo\u017ee preuzeti u vlastitoj identifikaciji s temom sukoba pojedinca i  birokratiziranog sustava. Fundacija <a href=\"https:\/\/en.wikipedia.org\/wiki\/Solomon_R._Guggenheim_Foundation\" title=\"Solomon R. Guggenheim Foundation\">Solomon  R. Guggenheim Foundation<\/a>&nbsp;i  Me\u0111unarodno vije\u0107e muzeja po Weiweiveovom hap\u0161enju organiziraju me\u0111unarodnu  peticiju za njegovo osloba\u0111anje, a na pro\u010delju muzeja <a href=\"https:\/\/en.wikipedia.org\/wiki\/Tate_Modern\" title=\"Tate Modern\">Tate Modern<\/a>&nbsp;u Londonu 2010. je za vrijeme trajanja njegove  izlo\u017ebe bio  ispisan pamflet &bdquo;Release Ai  Weiwei&ldquo; koji je u ina\u010dici &bdquo;Free Ai Weiwei&ldquo; i &bdquo;Who&#8217;s afraid of Ai Weiwei&ldquo; kao  slogan hongkon\u0161kih aktivista uli\u010dne umjetnosti dospio i na platnene vre\u0107ice,  \u010dine\u0107i Weiweija suvremenim pandanom Che Guevari,  ikonom popularne kulture u procesu profanizacije  njene polazi\u0161ne ideje.<strong> <\/strong><\/p>\n<p class=\"MsoNormal\" style=\"line-height: 170%;\">Palazzo Te&nbsp;ili&nbsp;Palazzo del Te, <a href=\"https:\/\/hr.wikipedia.org\/wiki\/Pala%C4%8Da\" title=\"Pala\u010da\">pala\u010da<\/a>&nbsp;izgra\u0111ena  u okolici&nbsp;<a href=\"https:\/\/hr.wikipedia.org\/wiki\/Italija\" title=\"Italija\">talijanskog<\/a>&nbsp;grada&nbsp;<a href=\"https:\/\/hr.wikipedia.org\/wiki\/Mantova\" title=\"Mantova\">Mantov<\/a>e  koja se smatra jednim od prvih primjera&nbsp;<a href=\"https:\/\/hr.wikipedia.org\/wiki\/Manirizam\" title=\"Manirizam\">maniristi\u010dke<\/a>&nbsp;arhitekture u Italiji 16. stolje\u0107a, 2015. godine bila  je mjesto odr\u017eavanja izlo\u017ebe Ai  Weiweija pod nazivom <em>Za\u010darani vrt<\/em>.  Najava izlo\u017ebe predstavlja ga kao najeksponiranijeg kineskog suvremenog  umjetnika u Europi koji je tako\u0111er arhitekt, bloger, <em>twitter<\/em>, aktivist i kroz golemi fotografski arhiv svoga \u017eivota na Instagramu  i autobiograf. U Dvorani (stiliziranih)  konja, tzv. Sala dei Cavalli, strategijom kontrastne interpolacije izlo\u017eena je instalacija nalik na  gigantizirani stolni nogomet: 91 figura konja poslaganih u pravilnim redovima  nalik na vojne \u0161palire replika je tradicionalne kineske keramike obojena u  izrazito agresivnu &bdquo;metalik&ldquo; boju \u0161to je na\u010din destrukcije tradicije kojim  Weiwei ukazuje na problem, odnosno denuncira odnos kineske vlade prema  tradiciji i ba\u0161tini svoje zemlje. Tako  u performansu dokumentiranom triptihom  crno-bijelih fotografija 1995. u literalnoj dekonstrukciji pro\u0161losti kao raskida  s njome (kao rasapa ideje uzvi\u0161enosti u umjetnosti koja je inducirala ono \u0161to  je Burke prema Dantou, opisao kao &bdquo;najsna\u017eniji osje\u0107aj koji je um sposoban  osjetiti&ldquo;<a name=\"_ftnref23\"><\/a><a href=\"#_ftn23\"><sup>[<span style=\"font-family: 'times new roman', \ntimes;\"><strong>23<\/strong><\/span>]<\/sup><\/a>),  pu\u0161ta da mu iz ruku ispadne  urna iz  vremena dinastije Han  stara dvije tisu\u0107e  godina. Palazzo del Te (ili Pallazo Te)  u periodu od 1524. do 1534. podignut je izvan  perimetra grada Mantove,kao <em>Villa Suburbana<\/em>.  U pala\u010di u Dvorani Divova (Titana) zaobljenih zidova, freska nagla\u0161enog simbolizma <em>Pad  Titana <\/em>iz ciklusa<em> Gigantomahije<\/em> Giulia  Romana, transponirana je u tada aktualni trenutak slavne pobjede Karla V. nad  Francuzima, u 16.stolje\u0107e (a komemoracija te pobjede bio je modus zahvalnosti Federica  II Gonzage caru za titulu prvog vojvode Mantove). Ai Weiwei kojeg su vladaju\u0107i  &bdquo;giganti&ldquo; osudili su na ku\u0107ni pritvor,  polaze\u0107i  od autobiografije iluzionisti\u010dkim efektom freske, stavlja u me\u0111uodnos biblijsku temu pada  Titana i pitanje ljudskih prava danas,  nevidljive zidove uspore\u0111uje s vlastitim osje\u0107ajem slobodnog prola\u017eenja granica ku\u0107nog  pritvora kroz umjetni\u010dko djelovanje. U polumraku, Weiwei je na pod  Dvorane Divova polo\u017eio tri kamene grede, ostatak povijesne zgrade sru\u0161ene u  bjesnilu napretka na koje je nanesena boja koja se koristi u proizvodnji  automobila marke Ferrari. S Weiweiom u  pala\u010di Giulia Romana (tal. &bdquo;villa  giuliesca&ldquo;) izla\u017eu i dvojica  njegovih prijatelja, tako\u0111er kineskih umjetnika, Huang and Li Meng  Zhanyang \u010dije satiri\u010dne slike i  skulptura na osnovnu temu izlo\u017ebe- slobodu, odnosno ekspresija osje\u0107aja  istodobno bijesa i nade u slobodnu budu\u0107nost (za Gerharda Richtera, umjetnost  je najvi\u0161a forma nade) ulaze u dijalog s maniristi\u010dkim freskama pala\u010de. U  posljednjoj dvorani izlo\u017ebe tako Li Zhanyang izla\u017ee lutku 57-godi\u0161njeg Weiweia  prikazanog  realisti\u010dki koji sjedi u  maketi svoje ku\u0107e u Beijingu. Weiwei u ku\u0107nom pritvoru sjedi za ra\u010dunalom i  surfa Internetom  dok vani bjesni oluja i  munje ponekad obasjaju Veliki kineski zid  u tami kineske provincije. Zhanyangov reljef u  pleksiglasu obojen \u017earkim bojama oblikovan kao &bdquo;popre\u010dni presjek&ldquo; urbane no\u0107ne  scene u Chongqingu (2001. \u2013 2007.) sa striptizetom u crvenim \u010dizmama na podiju  polo\u017eenom na ru\u017ei\u010dasti la\u017eni perzijski sag, izra\u017eava odnos prema stvarnosti na  na\u010din kriti\u010dkog realizma u knji\u017eevnosti. Maniristi\u010dko slikarstvo za koje je  karakteristi\u010dno da se sredi\u0161nji motiv te\u0161ko razaznaje dok se  u sredi\u0161tu kompozicije slike nalazi  banalan detalj, odli\u010dno korespondira s  neobaroknom suvremenom kineskom umjetno\u0161\u0107u, svojom protobaroknom (tal.) <em>quadraturom<\/em> ili iluzijom kontinuiteta  stvarne arhitekture u slici, i pogledom <em>di  sotto in su<\/em>  u zna\u010denju &bdquo;odozdo prema  gore&ldquo;, kao \u0161to je na primjer u sceni okupljanja bogova na Olimpu i li Zeusovog  bacanja munje na Gigante, dok scene poput Bakanalija u  Dvorani Amora i Psihe predstavljaju prelazak s  reprezentativnog na figurativno shva\u0107anje boje, izra\u017eavanje virtualne pokretljivosti  predmeta pod svjetlo\u0161\u0107u i mogu\u0107nosti da se predmet projicira u prostor u kojemu  ne va\u017ee pravila scenografskog vi\u0111enja (kao metode mapiranja prostora) renesanse  (koja je pokret shva\u0107ala kao premje\u0161tanje), geometrijskom perspektivom koja ima  algoritamski karakter i uspostavlja recipro\u010dni odnos izme\u0111u stvarnosti i  reprezentacije. <em>Quadratura<\/em>, \u010dija  istozna\u010dnica je u franc. jeziku <em>trompe-l&#8217;oeil<\/em>,  pru\u017ea promatra\u010du ugodu svojom &quot;anonimnom iluzijom&quot; \u2013 iluzijom kod  koje nije jasno koga bi trebala zavarati<a name=\"_ftnref24\"><\/a><a href=\"#_ftn24\"><sup>[<span style=\"font-family: 'times new roman', \ntimes;\"><strong>24<\/strong><\/span>]<\/sup><\/a>. <\/p>\n<p class=\"MsoNormal\" style=\"line-height: 100%;\">&nbsp;<\/p>\n<div align=\"center\">\n<p><img loading=\"lazy\" decoding=\"async\" src=\"\/inmediasres\/images\/casopisi\/Silva_image16.jpg\" alt=\"\" width=\"560\" height=\"377\" \/><\/p>\n<p class=\"MsoNormal\" style=\"line-height: 170%;\"><em>Ai Weiwei, <strong>S.A.C.R.E.D.<\/strong>, 2013. <\/em><\/p>\n<\/div>\n<p class=\"MsoNormal\" style=\"line-height: 170%;\">&nbsp;<\/p>\n<p class=\"MsoNormal\" style=\"line-height: 170%;\"><strong>Ai Weiwei,&nbsp;<em>S.A.C.R.E.D.<\/em>, 2013. <\/strong>Tzv.  diorama u velikim metalnim konstrukcijama na kojoj dvojica policajaca umjetnika  sprovode u \u0107eliju u kojoj je proveo 81 dan. Slijede faze zato\u010deni\u0161tva: &bdquo;Ve\u010dera&ldquo;,  &bdquo;Tu\u017eitelji&ldquo;, &bdquo;Pranje&ldquo;, &bdquo;Ritual&ldquo;, &bdquo;Entropija&ldquo; (na slici) s referencom na smrt,  &bdquo;Sumnja&ldquo;. <\/p>\n<p class=\"MsoNormal\" style=\"line-height: 170%;\">Umjetni\u010dko djelo ne samo da  postaje, nego je oduvijek bilo sastavnim dijelom stvarnosti ili medijalne  stvarnosti. Jedino \u0161to umjetnik jo\u0161 mo\u017ee ispitati jest pozadina te zbilje. Ako  se iza svega otkrije praznina  mo\u017ee se  samo konstatirati kako to \u010dini Kazimir Maljevi\u010d u tekstu <em>Nepredmetni<\/em> <em>svijet<\/em> objavljenom 1927.: &bdquo;Nema vjernih slika zbilje \u2013 nema idealnih predod\u017ebi \u2013  ni\u010dega osim pustinje!&ldquo;. Uz uo\u010davanje  &ldquo;arhivskog&ldquo; ili &ldquo;arhivarskog&ldquo; nagona suvremene umjetnosti, zapa\u017eaju\u0107i da je  &quot;mapiranje u recentnoj umjetnosti te\u017eilo ka sociolo\u0161kom i antropolo\u0161kom,  ka to\u010dki gdje je etnografsko mapiranje neke institucije ili zajednice primarna  forma <em>site-specific<\/em> umjetnosti dana\u0161njice&ldquo;<a name=\"_ftnref25\"><\/a><a href=\"#_ftn25\"><sup>[<span style=\"font-family: 'times new roman', times;\"><strong>25<\/strong><\/span>]<\/sup><\/a>, 1990-ih  Hal Foster dolazi do nove definicije umjetnika, za njega je &quot;umjetnik kao  etnograf&ldquo;. &bdquo;Tijelo&ldquo; umjetnosti je umjetnikova namjera nastala iz njegova  osobnog mentalnog prostora. Iznimno je va\u017ena uloga teksta kojim umjetnik  obja\u0161njava djelo upravo zato \u0161to je ono vrlo reducirano. Ultimativno  konceptualno djelo jest ono koje je vlastiti tekstualni opis, \u0161to zna\u010di da mo\u017ee  biti do\u017eivljeno i samo tako da se pro\u010dita opis djela; umjesto jezika to mogu  biti i umno\u017eive (nejedinstvene) slike \u2013 film i fotografija. Posebna je tema  istinonosnosti slike u masovnim medijima (medijaliziranoj stvarnosti), naspram  statusa slike u suvremenoj umjetnosti gdje je \u010desto kori\u0161tena kao medij  mapiranja, antropolo\u0161kih ili sociolo\u0161kog, i arhiviranja. Pisanje i fotografija  su &bdquo;neutralni&rdquo; mediji, \u010diji oblik nema va\u017enosti, koji izmi\u010du definiciji  &bdquo;umjetni\u010dkog predmeta&rdquo;. U suvremenoj umjetnosti svakodnevno pona\u0161anje, nazori i  sustav vrijednosti publike unose se u umjetni\u010dki doga\u0111aj. Stvarnost u svim svojim oblicima postaje novi materijal  umjetnosti. Prisvajanje svakodnevnog imaginarija i znakova, industrijskih  materijala i tvorni\u010dkih proizvoda bez daljnjih intervencija na njima,  predstavlja sabotiranje ideje &bdquo;progresa&rdquo; u  doba mehani\u010dke reprodukcije. Kriti\u010dkim odnosom prema tradicionalnoj umjetnosti  konceptualni autori u svoje radove unose teorijska istra\u017eivanja,  dematerijalizaciju i <em>defeti\u0161izaciju<\/em> umjetni\u010dkog objekta te paradoksalno napu\u0161taju oblikovno djeluju\u0107i na  spekulativnom, filozofskom planu. <\/p>\n<p class=\"MsoNormal\" style=\"line-height: 170%;\">Marko Tadi\u0107 u koncepcijskom tekstu svoje izlo\u017ebe &ldquo;poetike  i politike arhiva&rdquo; pod nazivom <em>Du\u017enost dokumentiranja<\/em> (Galerija Spot,  Ured za fotografiju, Zagreb, 2017.) na temu pitanja njegove  &ldquo;objektivnosti&rdquo; preko uloge arhiva u konstruiranju i razumijevanju povijesti,  memorije i identiteta, pa do primjene arhivskih praksi u umjetnostima  navodi: &bdquo;Na\u0161e bismo vrijeme mogli nazvati  i&nbsp;<strong>dobom arhiviranja<\/strong>,  razdobljem koje karakterizira \u017eudnja za zaposjedanjem ne samo&nbsp;teritorija,  ve\u0107 i vremena i znanja. Ideju prikupljanja i stvaranja mjesta posve\u0107enog svim  epohama, mjesta koje \u0107e pak biti izvan vremena i po\u0161te\u0111eno propadanja,&nbsp;,  smje\u0161taju\u0107i pojavu tipi\u010dnih &ldquo;heterotopija&rdquo; poput muzeja i knji\u017enica&nbsp;u  devetnaesto stolje\u0107e <strong>Michel  Foucault&nbsp;<\/strong>prepoznaje kao indikativnu za modernitet. Upravo  su se muzeji i knji\u017enice,&nbsp;ova&nbsp;&ldquo;mjesta-kompendiji&rdquo;,&nbsp;nametnuli kao  jedni od temeljnih segmenata u sustavu generiranja i etabliranja slu\u017ebene  povijesti i znanja, a otprilike u isto vrijeme pojavila se i fotografija, medij  koji omogu\u0107uje naizgled neposredno, &ldquo;nepatvoreno&rdquo; i objektivno dokumentiranje  stvarnosti. Kasnije je me\u0111utim  ova&nbsp;<strong>&ldquo;arhivska groznica&rdquo;<\/strong>&nbsp;(kako je  naziva Derrida) raskrinkana kao dio zapadnocentri\u010dne hegemonije, a arhivi su  prepoznati kao mjesta distribuiranja ideologije i mo\u0107i. Ipak  arhive je kao i druga sli\u010dna mjesta talo\u017eenja povijesnih  fragmenata i tragova  mogu\u0107e promatrati i  kao&nbsp;<strong>izvor za usvajanje druga\u010dijih  perspektivi<\/strong>, za novo ispisivanje povijesti i za pohranu onih  sje\u0107anja koja su pod stalnom prijetnjom zaborava. Dostupnost informacija,  arhiviranje, transparentnost, distribucija, upotpunjavanje i \u0161irenje  informacija pr\u00e8dtekst su pru\u017eanja otpora  prilikom Ocuppy Wall Street pokreta 2012. kada su ljudi putovali, odlazili u  druge gradove davati podr\u0161ku jedni drugima, a oni koji nisu mogli putovati uklju\u010divali  su se u akcije <em>live stream<\/em>om i <em>on line surf<\/em>om. Tiskanih i printanih  novina, knjiga, fanzina, letaka, proglasa i manifesta, osim na virtualnim  mjestima  bilo je na prosvjedima te u  pojedinim knji\u017earama. Dakle prilikom prosvjeda sadr\u017eaj se distribuirao  gra\u0111anima koji nisu bili upu\u0107eni u to \u0161to se doga\u0111a kako bi se i njih pozivalo i  informiralo. Politika koristi niz mehanizama kojima putem ideologije upravlja  masama, a njezinu je radikalnu kritiku u strukturalisti\u010dkoj  kritici pacifikacije odnosa dru\u0161tva i mo\u0107i <em>Ideologija i ideolo\u0161ki aparati dr\u017eave<\/em>  ponudio Louis Althusser. Za razliku od  represivnoga dr\u017eavnog aparata koji djeluje kontrolom tijela, dakle silom,  ideolo\u0161ki aparati dr\u017eave djeluju kontrolom svijesti. Smatraju\u0107i da je  ideologija utjelovljena u svim ljudskim odnosima na svim razinama, Althusser i  umjetnost vidi kao ideolo\u0161ki aparat koji mo\u017ee slu\u017eiti ili oponirati vladaju\u0107oj  klasi.<a name=\"_ftnref26\"><\/a><a href=\"#_ftn26\"><sup>[<span style=\"font-family: 'times new roman', times;\"><strong>26<\/strong><\/span>]<\/sup><\/a> Na  izlo\u017ebi <em>Izvrnute piramide<\/em> u Muzeju  moderne i suvremene umjetnosti u Rijeci 2015. godine, Marko Markovi\u0107 je izradio  kola\u017e veli\u010dine 10&#215;10 m, upravo od takvih tiskovnih i printanih tekstova, <em>slika<\/em> i materijala. U kola\u017e su uvr\u0161tene  fotografije i crte\u017ei prosvjednika koje je prikupljao za vrijeme trajanja  pokreta. Kao dio kola\u017ea tu je tako\u0111er video rad <em>Ameri\u010dko prolje\u0107e<\/em>, engl. <em>American  Spring, <\/em>koji prikazuje atmosferu i protagoniste toga vremena na ulicama New  Yorka. Na snimci se pojavljuje jedan ameri\u010dki marinac koji javno prosvjeduje  \u010ditaju\u0107i policajcima peti amandman ameri\u010dkog Ustava o pravima govora i  djelovanja. Jezikom novih medija, digitalnom tehnologijom, strategijom  arhiviranja te upotrebom softverske pohrane i manipulacije slike, Marko  Markovi\u0107 razmatra odnos stvarnosti i fikcije  tako\u0111er s obzirom na fikcionalizirane  informacije i obrasce djelovanja cenzure. Florian Ebner i Constanze Wicke 2013.  osmislili su putuju\u0107u izlo\u017ebu <em>Kairo.  Otvoreni grad: Nove slike trajne revolucije u kontekstu &bdquo;Arapskog prolje\u0107a&ldquo;<\/em>,  dokumentacijskog karaktera u smislu da je ona uistinu arhiv komentara blogera,  politi\u010dkih aktivista i sudionika doga\u0111aja. Na temu materijalne i politi\u010dke  prirode slika u digitalno doba i u globaliziranom svijetu, izlo\u017eba  postulira pitanje:  je li  &bdquo;Arapskim prolje\u0107em&ldquo; konkretizirana  &bdquo;demokratska dimenzija koja je smatrana inherentnom digitalnoj kulturi&ldquo;. S  druge strane izlo\u017ebom <em>globalni aktivizam  (umjetnost i konflikt u 21. stolje\u0107u)<\/em>, engl. <em>global activism (art and conflict in the 21st century)<\/em> Peter Weibel  u ZKM-u u Karlsruheu 2013. poku\u0161ava izra\u017eajne forme pokreta politi\u010dkog  aktivizma \u0161to ga Weibel naziva &bdquo;performativnom demokracijom&ldquo;, posebno one  digitalizirane i medijalizirane (opet su to dokumenti, transparenti, zapisi sa  blogova) zadr\u017eati u kontekstu umjetnosti, pro\u0161irenih medija (&bdquo;artivizma&ldquo;).<\/p>\n<p class=\"MsoNormal\" style=\"line-height: 100%;\">&nbsp;<\/p>\n<div align=\"center\">\n<p><img loading=\"lazy\" decoding=\"async\" src=\"\/inmediasres\/images\/casopisi\/Silva_image17.jpg\" alt=\"\" width=\"404\" height=\"719\" \/><\/p>\n<p class=\"MsoNormal\" style=\"line-height: 170%;\"><em>Marko Markovi\u0107, <em><strong>Izvrnute  piramide<\/strong><\/em>, postav izlo\u017ebe u MMSU Rijeka, 2015. <\/em><\/p>\n<\/div>\n<p class=\"MsoNormal\" style=\"line-height: 170%;\">&nbsp;<\/p>\n<p class=\"MsoNormal\" style=\"line-height: 170%;\"><em>Izvrnuta piramida<\/em> odnosi se  na prikaz izvrnutog piramidalnog sustava hijerarhije i odnosa mo\u0107i u dru\u0161tvu  op\u0107enito, no izrazito koncentriranim na kapitalisti\u010dko ustrojstvo. Takva shema  prikazuje dru\u0161tvene strukture kakve bi one zaista i trebala biti. <\/p>\n<p class=\"MsoNormal\" style=\"line-height: 170%;\">U radu suvremene  umjetnosti srodnom gore spomenutima, <em>Oksimoroni  razuma<\/em>, engl. <em>Reason&#8217;s Oxymorons<\/em>,  2015., Marokanac Kader Attia stvara arhiv (kao djelo umjetnosti) video  intervjua sa stru\u010dnjacima poput psihijatara i psihoanaliti\u010dara, no i s njihovim  pacijentima. U svojevrsnoj mje\u0161avini racionalnih eksplikacija i iracionalnih  reprezentacija tako\u0111er su zastupljena para-zanimanja poput onih iscjelitelja  ili feti\u0161ista a razgovori su objedinjeni u tematske grupe: o genocidu (primarno  psihoterapiji sa stradalnicima genocida u Ruandi 1994.), totemima, transu i  sli\u010dno; kao esej o psihijatrijskoj patologiji i na\u010dinu na koji je percipirana u  tradicionalnim nezapadnim kulturama, te s druge strane u suvremenim zapadnim  dru\u0161tvima. Rad je prvi put prikazan na Bijenalu u Lyonu, a njegova je sredi\u0161nja  tema uistinu pitanje &bdquo;nepopravljivosti&ldquo; ili &bdquo;neopravljivosti&ldquo; inherentno ideji  &bdquo;popravka&ldquo; ili  &bdquo;oporavka&ldquo;. <\/p>\n<p class=\"MsoNormal\" style=\"line-height: 170%;\">U suvremenoj umjetnosti posebna je  tema memorije mjesta.Dara Birnabun se peterokanalnom video instalacijom <em>Trg Tiananmen: Prekid emitiranja<\/em>, engl. <em>Tiananmen  Square: Break-In Transmission<\/em> 1990. fokusira  na trenutak kada su TV stanice  CBS i CNN pod pritiskom kineske vlade prekinule direktan prijenos revolucije na  pekin\u0161kom trgu Tienanmen 1989. godine. Taj se povijesni doga\u0111aj na nastavi povijesti  u \u0161kolama u Kini ne spominje. Liu Wei , u dokumentarnom filmu <em>A Day to Remember<\/em> , 4. lipnja 2005. na dan obljetnice  masakra na tom mjestu bremenitom zatajenom traumom, pitao je prolaznike na trgu Tiananmen, me\u0111u njima studente ,znaju  li koji je danas dan&ldquo;. Neki ispitanici su odbili odgovoriti na postavljeno  pitanje  ili je odgovor bio da ne znaju,  da ne \u017eele govoriti o tome ili bi zatra\u017eili da se kamera isklju\u010di. <\/p>\n<p class=\"MsoNormal\" style=\"line-height: 170%;\">Kako Annie Le Brun definira fotografiju  koja ne slu\u017ei tome da bi ne\u0161to ilustrirala ni  potvrdila stav, niti da bi ne\u0161to prodala, ni  ispri\u010dala la\u017e<a name=\"_ftnref27\"><\/a><a href=\"#_ftn27\"><sup>[<span style=\"font-family: 'times new roman', times;\"><strong>27<\/strong><\/span>]<\/sup><\/a>, fotografije Ane Opali\u0107  su nefunkcionalne. Ona kroz fotografije insceniranih prostornih fragmenata napu\u0161tene  vile u okolici Dubrovnika otvara mogu\u0107e scenarije svoje sudbine. Ana Opali\u0107 je  od po\u010detka 2010. do sredine 2014. radila kao snimateljica na projektu <em>Osobna sje\u0107anja na rat i druge oblike  politi\u010dkog nasilja od 1941. do danas<\/em> udruge Dokumenta iz Zagreba. Cilj  projekta bio je skupiti pet stotina video-svjedo\u010danstava osoba s neposrednim  iskustvom rata. Putuju\u0107i po cijeloj Hrvatskoj ulazila je u domove stradalnika  Domovinskog rata. Snimaju\u0107i njih, primje\u0107uje i njihove domove, scenografiju  uto\u010di\u0161ta i pripadnosti, skromno ili siroma\u0161no ure\u0111ene, koji govore o drugom  vremenu prije rata kad su posljednji puta ure\u0111ivani, a sada opremljeni stvarima  koje utjelovljuju sudbine svojih posjednika. Tako nastaje ciklus fotografija  interijera <em>Dom <\/em>(digitalne fotografije,  ink-jet print, arhivski papir x 15, 50 x 40 cm) da potencijalom umjetnosti doprinosi  ja\u010danju kulture uklju\u010divosti. U fotografskom ciklusu <em>Poslije<\/em> koji nastaje od 2006. do 2013. godine kao nezamjetan podnarativ slika prirodnih  pejsa\u017ea gdje otkriva<em> sposobnost  istodobnog gledanja prema tlu i u daljinu<\/em>, predstavlja njihovu skrivenu  traumu. Naime  na fotografijama  &bdquo;ravnodu\u0161ne prirode koja se i poslije ratnih razaranja samoobnavlja i lije\u010di&ldquo;<a name=\"_ftnref28\"><\/a><a href=\"#_ftn28\"><sup>[<span style=\"font-family: 'times new roman', times;\"><strong>28<\/strong><\/span>]<\/sup><\/a>,  lokacije su minskih polja, crta ratnih razgrani\u010denja, mjesta masovnih  egzekucija i grobnica Domovinskog rata na brdima  iznad Dubrovnika gdje su se za vrijeme Domovinskog rata izravno sukobile  hrvatska i jugoslavenska vojska (na relaciji Sr\u0111-Strin\u010dijera-Bosanka-\u017darkovica).&nbsp;Fotografije  nastaju petnaest godina poslije prvih sukoba nakon \u0161to je podru\u010dje progla\u0161eno  razminiranim. &bdquo;Zanimalo me \u0161to \u0107u zate\u0107i na mjestima koja su u mojoj svijesti  od po\u010detka rata bila prisutna kao popri\u0161ta zlo\u010dina. Je li mogu\u0107e takvo mjesto  prepoznati ili pretpostaviti?&nbsp;I da li je nelagoda koju sam osje\u0107ala  hodaju\u0107i tim stazama bila izazvana mojom idejom o tome \u0161to se mo\u017eda ba\u0161 tu  dogodilo ili je mogu\u0107e osjetiti pro\u0161lost i  pri\u010du mjesta?&ldquo; (Ana Opali\u0107)<a name=\"_ftnref29\"><\/a><a href=\"#_ftn29\"><sup>[<span style=\"font-family: 'times new roman', times;\"><strong>29<\/strong><\/span>]<\/sup><\/a>.&ldquo; Ana Opali\u0107 u ciklusu <em>Poslije <\/em>fotografira mjesta na kojima su se doga\u0111ale stvari koje su  ozbiljno promijenile \u017eivot ljudi. Postavljeno je pitanje ima li tragova tih  dramati\u010dnih doga\u0111anja, ima li tu ne\u010dega \u0161to objektiv bilje\u017ei a oko ne  vidi?&nbsp;<em>(Marina  Viculin)<\/em><a name=\"_ftnref30\"><\/a><a href=\"#_ftn30\"><sup>[<span style=\"font-family: 'times new roman', times;\"><strong>30<\/strong><\/span>]<\/sup><\/a>.  &bdquo;Fotografska serija Ane Opali\u0107 je i svojevrsno upozorenje kako anga\u017eirane  fotografije stradanja vi\u0161e ne mogu izazvati o\u010dekivane empati\u010dne reakcije.  K tome  ve\u0107 je i Susan Sontag djelom &bdquo;U prizorima  tu\u0111eg stradanja&ldquo; zaklju\u010dila kako su se zahvaljuju\u0107i televiziji, ratne strahote prometnule  u ve\u010dernje banalnosti.&ldquo;<a name=\"_ftnref31\"><\/a><a href=\"#_ftn31\"><sup>[<span style=\"font-family: 'times new roman', times;\"><strong>31<\/strong><\/span>]<\/sup><\/a><\/p>\n<p class=\"MsoNormal\" style=\"line-height: 170%;\">Svojim iznimno srodnim fotografskim ciklusom nagla\u0161ene poeti\u010dnosti  slike iz 2009. pod nazivom <em>Neplodna tla<\/em>,  Sandra Vitalji\u0107&nbsp; u  &bdquo;intertekstualnom povezivanju razli\u010ditih procesa istina koje su uvjetovane  ekonomskim, dru\u0161tvenim i politi\u010dkim \u010dimbenicima, ali i onih koje su odre\u0111ene  unutar samog svijeta umjetnosti&ldquo;<a name=\"_ftnref32\"><\/a><a href=\"#_ftn32\"><sup>[<span style=\"font-family: 'times new roman', times;\"><strong>32<\/strong><\/span>]<\/sup><\/a>. predstavlja mirne pa i idili\u010dne pejza\u017ee, uistinu mjesta masovnih  stradanja, smaknu\u0107a, logora i grobnica upisana u kolektivnu nacionalnu svijest  te kori\u0161tena u politi\u010dkom govoru i agitiranju u Drugom svjetskom ratu, poslije  Rata te u Domovinskom ratu; od Jasenovca, Bleiburga, Golog otoka, fojbi,  Dotr\u0161\u0107ine, do Pakra\u010dke poljane i izleti\u0161ta Adolfovac na Sljemenu (gdje je na  po\u010detku Domovinskog rata smaknut dio obitelji Zec). Samim imenovanjem prostora,  kao i uvo\u0111enjem tekstualnog narativa u sklopu izlo\u017ebene postavke, fotografije  postaju mjesta ideolo\u0161kog upisa\/znaka u kombinaciji prirode, jezika i kulture.  &bdquo;\u2026pejza\u017ei\u2026 poput svojevrsne kompenzacije i skrivanja nasilja koja su izvr\u0161ena u  tim prostorima, alegoriziraju doslovna zna\u010denja pejza\u017ea\/objekta, ali i obrnuto,  u isto vrijeme alegoriziraju i sama ratna zbivanja. Tako alegorijska zna\u010denja  otkrivaju vizualno-tekstualnu dekonstrukciju dominantnih narativa pro\u0161losti  unutar slo\u017eenih odnosa na relaciji povijesti, fotografije, etike, estetike,  politike i ideologije.&ldquo;<a name=\"_ftnref33\"><\/a><a href=\"#_ftn33\"><sup>[<span style=\"font-family: 'times new roman', times;\"><strong>33<\/strong><\/span>]<\/sup><\/a> Miljenko Jergovi\u0107 \u0107e tekst o izlo\u017ebi u Jutarnjem listu od 2.  sije\u010dnja 2010. nasloviti dijagnosti\u010dki: &bdquo;&lsquo;Neplodna  tla&rsquo; Sandre Vitalji\u0107: Izlo\u017eba s koje \u0107ete iza\u0107i na rubu suza ili potpuno  ravnodu\u0161ni&ldquo;<a name=\"_ftnref34\"><\/a><a href=\"#_ftn34\"><sup>[<span style=\"font-family: 'times new roman', times;\"><strong>34<\/strong><\/span>]<\/sup><\/a>.<\/p>\n<p class=\"MsoNormal\" style=\"line-height: 100%;\">&nbsp;<\/p>\n<div align=\"center\">\n<p><img loading=\"lazy\" decoding=\"async\" src=\"\/inmediasres\/images\/casopisi\/Silva_image18.jpg\" alt=\"\" width=\"520\" height=\"418\" \/><\/p>\n<p class=\"MsoNormal\" style=\"line-height: 170%;\"><em>Ana Opali\u0107, iz serije  fotografija <em><strong>Poslije<\/strong><\/em>, 2006. \u2013 2013.<\/em><\/p>\n<\/div>\n<p class=\"MsoNormal\" style=\"line-height: 170%;\">&nbsp;<\/p>\n<div align=\"center\">\n<p><img loading=\"lazy\" decoding=\"async\" src=\"\/inmediasres\/images\/casopisi\/Silva_image19.jpg\" alt=\"\" width=\"521\" height=\"345\" \/><\/p>\n<p class=\"MsoNormal\" style=\"line-height: 170%;\"><em>Sandra Vitalji\u0107,iz serije fotografija <em><strong>Nepolodna tla<\/strong><\/em>, 2009.  <\/em><\/p>\n<\/div>\n<p class=\"MsoNormal\" style=\"line-height: 170%;\">&nbsp;<\/p>\n<p class=\"MsoNormal\" style=\"line-height: 170%;\">U kriti\u010dkoj  feti\u0161izaciji slike rata, ameri\u010dki arhitekt Lebbeus Woods smatra da \u010dak i  destrukcija grada zbog rata ili prirodne katastrofe postaje estetsko iskustvo  (u tekstu <a href=\"http:\/\/www.amazon.com\/Lebbeus-Woods-Anarchitecture-Architecture-Architectural\/dp\/1854901486\"><em>Anarchitecture:  Architecture is a Political Act<\/em><\/a>,  1992.). Woods tako\u0111er izjavljuje da arhitektura i rat nisu  nekompatibilni, da arhitekturu valja suditi ne prema problemima koje razrje\u0161ava  nego koje stvara i da je <em>Arhitektura rat.  Rat je arhitektura <\/em>(<em>Architecture is war. War is architecture.<\/em>).<a name=\"_ftnref35\"><\/a><a href=\"#_ftn35\"><sup>[<span style=\"font-family: 'times new roman', times;\"><strong>35<\/strong><\/span>]<\/sup><\/a> U  suvremeno doba pojave novih materijala i konstrukcijskih sustava u arhitekturi  te razvoja elektroni\u010dke tehnologije  mijenjaju se morfolo\u0161ke i komunikacijske  odlike arhitekture. Jedna od va\u017enih i kriti\u010dnih logi\u010dkih posljedica  telekomunikacije je i tzv. teleprisutnost, eng. <em>telepresency<\/em>, teleimerzija, stanje &ldquo;bivanja svugdje&ldquo; (i nigdje) u  tzv. telematskim dru\u0161tvima\/zajednicama. Arhitektura se u sintezi s novim  medijima povezuje uz novi, \u010detvrti sektor industrije, industriju do\u017eivljaja u  kojoj dodana vrijednost nastaje kroz &bdquo;produkciju do\u017eivljaja&ldquo;. Suvremeni  njema\u010dki esteti\u010dar Dieter Mersch govori  upravo o estetici doga\u0111aja u suvremenoj, primarno akcijskoj umjetnosti  koju definira kao nesvodivo podru\u010dje jednokratnosti i neponovljivosti kazivanja i slike. S  Husserlom &bdquo;nova fenomenologija&ldquo; umjetnosti nastoji dospjeti do nehotimi\u010dnog  \u017eivotnog iskustva koje svaki \u010dovjek pred-teorijski, odnosno predznanstveno  osje\u0107a na vlastitom tijelu. S umjetno\u0161\u0107u moderne, to\u010dnije njezinih avangardnih  (nasuprot larpurlatisti\u010dkih) tendencija sli\u010dno razvoju moderne znanstvene  spoznaje koji je zamijenio mehanicisti\u010dku i kona\u010dnu viziju klasi\u010dne znanosti,  od estetike umjetni\u010dkog djela prelazi se k estetici doga\u0111aja, a prostor  umjetnosti postaje \u017eivot u njegovu bivanju i neprekidnoj doga\u0111ajnosti  gdje se umjetnost realizira u \u017eivotnosti  \u017eivota s\u00e2moga. \u017divot sam kao \u010dista aktivnost, kao \u010disto trajanje, na taj je  na\u010din u osnovi nedostupan tradicionalnim umjetnostima. Kako je realnost  definirao Franz Kafka, stvarna realnost je uvijek nerealna. <\/p>\n<p class=\"MsoNormal\" style=\"line-height: 100%;\">&nbsp;<\/p>\n<div align=\"center\">\n<p><img loading=\"lazy\" decoding=\"async\" src=\"\/inmediasres\/images\/casopisi\/Silva_image20.jpg\" alt=\"\" width=\"665\" height=\"521\" \/><\/p>\n<p class=\"MsoNormal\" style=\"line-height: 170%;\"><em>Marchand Meffre,<strong> <em>Michigan  Central Station<\/em>, 2007. <\/strong>Iz  serije fotografija <em>The Ruins of Detroit<\/em>, 2005. \u2013 2010.<\/em><\/p>\n<\/div>\n<p class=\"MsoNormal\" style=\"line-height: 170%;\">&nbsp;<\/p>\n<p class=\"MsoNormal\" style=\"line-height: 170%;\">Tekst bih privela kraju primjerima  fotografija suvremenih ruina postindustrijskog i postgra\u0111anskog grada Detroita,  na tragu filma Jima Jarmusha <em>Only Lovers  Left Alive <\/em>iz 2013.,na hrvatskom  tr\u017ei\u0161tu distribuiranog pod nazivom <em>Samo  ljubavnici pre\u017eivljavaju<\/em>. Dok je Baudelaire tvrdio da je &bdquo;pam\u0107enje veliko  mjerilo umjetnosti; umjetnost je <em>mnemotechne<\/em> lijepog&quot;, film je  svojevrsno pam\u0107enje pogleda; &bdquo;Nakon kraja povijesti, duh se prikazuje tako da  se neprekidno vra\u0107a&quot; (Derrida u teoriji post-strukturalizma pi\u0161e o  &bdquo;hauntologiji&ldquo; koja dominantno utje\u010de na tada\u0161nji diskurs, ponajprije kroz  prizmu &bdquo;digitalnih \u010dudovi\u0161ta&ldquo; i feministi\u010dke teorije<a name=\"_ftnref36\"><\/a><a href=\"#_ftn36\"><sup>[<span style=\"font-family: 'times new roman', times;\"><strong>36<\/strong><\/span>]<\/sup><\/a>). Grad  je ljudska institucija, prema Rousseau &bdquo;gradovi su kona\u010dno skloni\u0161te ljudskog  duha&rdquo;. Par vampira, akteri filma <em>Only Lovers Left Alive<\/em> u Detroitu se smje\u0161taju u napu\u0161tenu viktorijansku  ku\u0107u u blizini Brush Parka, voze se no\u0107u po napu\u0161tenom gradu kraj kinematskih <em>landmarks<\/em> kao \u0161to su Packard Plant i the  Michigan Theater (neko\u0107 mjesto okupljanja i kulturnih doga\u0111anja, danas  parkirali\u0161te) simboliziraju\u0107i ljepotu industrijskoga grada u propadanju u  postindustrijsko doba  kao &bdquo;ruin porn&ldquo;. Ruinizam je prikazivanje ne\u010dega  \u0161to je gra\u0111eno s nadom i prepu\u0161teno smrti, sporom  procesu delapidacije, temeljnog ugo\u0111aja tjeskobe; prema Gadamerovoj  fenomenolo\u0161koj estetici, uni\u0161tenje umjetni\u010dkog djela za nas jo\u0161 uvijek ima  ne\u0161to od religioznog svetogr\u0111a: po njemu, uni\u0161tavanje umjetni\u010dkog djela smanjuje  stvarnost predmeta koji reprezentira, \u010dime dokida Platonovo odvajanje umjetnosti i stvarnosti na koje se nastavlja Kant s  tezom da uni\u0161tavanje umjetni\u010dkog djela apsolutno nema nikakvog utjecaja na  stvarnost koju predstavlja. Marco Ricci, suvremenik Canaletta, i potom  Giovanni Paolo Paninni,  oponiraju\u0107i  \u017eudnji slikara svoga vremena za topografskom to\u010dnosti te vo\u0111eni ushitom Engleza  na <em>Grand tours<\/em>  pred anti\u010dkim spomenicima, .u slikarstvo uvode   <em>capriccio<\/em> , fantazmagorijske pejsa\u017ee, <em>vedute ideate<\/em> s ruinama koje sugeriraju sentiment . Atmosferi\u010dnost prikaza  krajolika pred oluju (oblaci u dramati\u010dnom  pomicanju nebom jedini su nositelji radnje na slici), visoko nebo s robusnim  bijelim oblacima,  nisko motri\u0161te slike  \u010diju gornju polovicu ili \u010dak dvije tre\u0107ine zauzima prostor neba te likovi  svedeni na \u0161tafa\u017eu, odnosno ljudske figure kao samo jedan od elemenata prizora  kojim dominiraju prirodne sile, zajedni\u010dko je nagnu\u0107e ruinista. Ruinizam je i  interpretacija srednjevjekovne opsesije prolazno\u0161\u0107u moraliziraju\u0107eg motiva <em>vanitas<\/em> i <em>memento  mori<\/em>, ili kako nam to sa svog groba u firentinskoj crkvi Santa Croce govori  Leonardo Bruni: &bdquo;Ono \u0161to si ti,  ja sam neko\u0107 bio; ono \u0161to sam ja, ti \u0107e\u0161 biti&ldquo;. Albert Speer je  zami\u0161ljao svoje zgrade,  primjerice  berlinski <em>Reichstag<\/em>, kao ruine i prije nego li bi bile sagra\u0111ene, \u0161to je  bio  na\u010din transfera tradicije  ili &bdquo;mosta tradicije prema budu\u0107im generacijama&ldquo;, koje \u0107e se doimati svetima  i nalik na rimsku gradnju koja je dostojanstvena \u010dak i u propadanju, \u0161to u  svojim memoarima naziva &bdquo;Teorijom vrijednosti ruine&ldquo;. <em>Javna slika grada nastaje  preklapanjem mno\u0161tva individualnih slika.<\/em><em>Slika okoli\u0161a ovisno o kvaliteti fizi\u010dkog objekta mo\u017ee  biti analizirana s obzirom na tri komponente: identitet, strukturu i zna\u010denje  koji zajedno tvore njegov identitet <\/em>u tehni\u010dkom, estetskom i  sociolo\u0161kom smislu <em> koji \u010ditamo prema kriteriju predo\u010divosti, engl.  &bdquo;imageability&ldquo; <\/em>ili &bdquo;image of the city&ldquo;<a name=\"_ftnref37\"><\/a><a href=\"#_ftn37\"><sup>[<span style=\"font-family: 'times new roman', times;\"><strong>37<\/strong><\/span>]<\/sup><\/a><em> (atributa koji je sli\u010dno  tomu Paul Stern<\/em><a name=\"_ftnref38\"><\/a><a href=\"#_ftn38\"><sup>[<span style=\"font-family: 'times new roman', times;\"><strong>38<\/strong><\/span>]<\/sup><\/a><em> nazivao pojavno\u0161\u0107u, engl.  &bdquo;apparency&ldquo;) da u svakom promatra\u010du producira sna\u017enu sliku  s obzirom na njegov izgled, \u010ditljivost i  vidljivost. <\/em>Sintetiziranje arhitekture i suvremene umjetnosti  posredovano elektroni\u010dkom te elektroni\u010dko-informati\u010dkom tehnologijom  predstavlja novu formu vizualne kulture u kojoj se o\u010dituju formalne i komunikacijske  inovacije suvremenog dru\u0161tva op\u0107enito. Kako  je suvremeno doba definirao Einstein<a name=\"_ftnref39\"><\/a><a href=\"#_ftn39\"><sup>[<span style=\"font-family: 'times new roman', times;\"><strong>39<\/strong><\/span>]<\/sup><\/a>,  nema znanstvene istine ve\u0107 samo privremenih, stalno ubrzavaju\u0107ih sekvenci  reprezentacija. U takvom svijetu gajimo novi senzibilitet za brzo nestaju\u0107e, <em>nepostojane<\/em> slike: filma, televizije, video instalacije, ra\u010dunalno generirane slike, a u  arhitekturi sekvence, disjunkcije, dislokacije i dekonstrukcije. U suvremenom  megalopolisu vi\u0161e nema perspektivnih osi poput bulevara, niti oblikovanja grada  u skladu s antropomorfnom simetrijom i drugim proporcijskim na\u010delima, ve\u0107  umjesto toga vlada fragmentacija, parcelizacija, atomizacija kao i <em>slu\u010dajno<\/em> nizanje slika koje jedna prema drugoj nisu ni u kakvom odnosu  osim u odnosu kolizije. Istodobno slike prodiru u svakodnevni, privatni i  intimni \u017eivot ljudi, posreduju \u010dovjekove \u017eelje i stremljenja, a javnost  privatnog (\u0161to je tako\u0111er jedna od osnovnih definicija umjetni\u010dkog stvaranja)  postaje novom dru\u0161tvenom vrijedno\u0161\u0107u. <\/p>\n<p class=\"MsoNormal\" style=\"line-height: 170%;\">Prema Venturiju  kada se osvr\u0107e na revolucionarnu arhitekturu  18. stolje\u0107a, fasada je &bdquo;simboli\u010dna slika&ldquo; ku\u0107e. Pojam &bdquo;medijska fasada&ldquo; \u010desto je povezan s predod\u017ebom  predimenzioniranih ili vi\u0161edimenzionalnih ekrana,  animiranih, osvijetljenih reklamama, na  lokacijama kao \u0161to su Times Square u New Yorku ili the Strip u Las Vegasu. U  postmodernom Las Vegasu dolazi do dominacije komunikacije nad prostorom na  razini arhitekture i grada te je takva arhitektura &bdquo;anti-prostorna&ldquo;  tj. &bdquo;anti-spacijalna&ldquo;, a grad je svojevrsni ekranski teritorij. Pojam  (engl.) &bdquo;mediascape&ldquo; u zna\u010denju &bdquo;medijski krajolik&ldquo;, uvode antropolog Arjun  Appadurai (1990.) i povjesni\u010dar umjetnosti David Joselit (2005.). &ldquo;\u2026(neoni trepte dok pored njih jure  tramvaji). Svjetlucaju\u0107a topografija bujaju\u0107eg grada signalizira medijsku  ma\u0161inu koja nikad ne spava.&rdquo;<a name=\"_ftnref40\"><\/a><a href=\"#_ftn40\"><sup>[<span style=\"font-family: 'times new roman', times;\"><strong>40<\/strong><\/span>]<\/sup><\/a> Novi arhitektonski programi i nove forme arhitekture iskazuju nove  dru\u0161tvene potrebe. Arhitektura je medij komunikacije, \u0161to u slu\u010daju  postmodernog Las Vegasa dovodi do dominacije komunikacije nad prostorom. U Las  Vegasu komunikacija dominira prostorom te je takva arhitektura &bdquo;antiprostorna&ldquo;,  &bdquo;antispacijalna&ldquo;, svojevrsni ekranski teritorij. Za McLuhana  novi mediji nisu most izme\u0111u \u010dovjeka i  prirode; oni su priroda<a name=\"_ftnref41\"><\/a><a href=\"#_ftn41\"><sup>[<span style=\"font-family: 'times new roman', times;\"><strong>41<\/strong><\/span>]<\/sup><\/a>. &bdquo;Metropola  danas je u\u010dionica&ldquo;<a name=\"_ftnref42\"><\/a><a href=\"#_ftn42\"><sup>[<span style=\"font-family: 'times new roman', times;\"><strong>42<\/strong><\/span>]<\/sup><\/a>, u  svijetu &bdquo;tre\u0107e kulture&ldquo;- potro\u0161nje, televizije, postmetropole i naposljetku  \u010detvrte dimenzije- mentalne, virtualne i iskustvene. Redatelj Gaspar No\u00e9 u  filmu <em>Ulazak u prazninu<\/em> (2009.)  iscrpljuje promatra\u010da brzom izmjenom vizualnih podra\u017eaja na na\u010din prola\u017eenja  medijskim gradom. <\/p>\n<p class=\"MsoNormal\" style=\"line-height: 170%;\">Marketin\u0161ki displeji kao turisti\u010dka  atrakcija, reklamno \u0161arenilo kao preobra\u017een oblik utopije prosvjetiteljstva,  pejza\u017e su &rdquo;zavodni\u0161tva&ldquo; i uspostavljanja kontrole \u2013 reklamno \u0161arenilo, dakle,  predstavlja preobra\u017eeni oblik utopisti\u010dkih ideja grada. U New Yorku, na Times  Squareu, propisom iz 1982. odre\u0111ena je koli\u010dina iluminiranog znakovlja i  stupanj rasvijetljenosti plohe zgrada, te obaveza da zgrade  budu pokrivene velikim elektroni\u010dkim <em>billboardima<\/em>, od analognih medija, do  fluorescentnih i inkadenscentnih te LED. Prvi  je elektroni\u010dki <em>billboard<\/em> na toj  lokaciji postavljen 1917. godine. Reklame  kvantitativno bitno sudjeluju u stvaranju artificijelne slikovnosti i  znakovnosti grada. U takvom pejza\u017eu &ldquo;zavodni\u0161tva&rdquo; ili &rdquo;sedukcije&rdquo; suvremeni umjetnik Zlatko Kopljar  u projektu <em>K9 Compassion<\/em> (<em>K9<\/em><em>&nbsp;suosje\u0107anje<\/em><em>; K<\/em> je  akronim od &ldquo;konstrukcija&rdquo;, a broj je redni broj rada u opusu umjetnika) iz  2003. performativno kle\u010di pognute glave (u stavu adoranta). To je  performativni serijal zasnovan na ideji repetitivnog samopostavljanja u stav  podlo\u017enosti i klanjanja \u2013 umjetnik kle\u010di na javnim mjestima, referentnim  urbanim to\u010dkama New Yorka, izvori\u0161tu suvremene kulture i svjetskom centru  financijske mo\u0107i koja zapadnu kulturu usvaja kao vlastitu, na bijelom platnu  (\u010detverokut maramice utjelovljuje pauzu, fizi\u010dko odmicanje; oblikom prizivaju\u0107i  u kr\u0161\u0107anskoj ikonografiji simbol za zemlju, ovaj svijet), u crnom odijelu i  bijeloj ko\u0161ulji &bdquo;hodo\u010dasnika s periferije&ldquo; (rije\u010dima Branka Franceschija koji  je ciklus izlagao na Bijenalu u Sao Paolu u svojstvu kustosa; prema Karamanu,  polo\u017eaj na periferiji je blagodatan i slobodonosan, za razliku od grani\u010dnog ili  provincijskog). Nakon sloma burze 2008., Occupy  pokreta i protesta diljem svijeta Kopljar se odlu\u010dio vratiti na jedno od mjesta  kle\u010danja, ispred burze ili <em>NYSE<\/em> u  Wall Streetu i dati novi komentar aktualnim zbivanjima. &bdquo;Ovim radom govorim o  urgentnoj potrebi etike u prostoru globalnih financija&ldquo;, rije\u010di su autora. Tako nastaje sljede\u0107i rad, <em>K9+<\/em>,  pro\u0161iren video slikom kodiranom umjetnikovim DNK. Rad je vrlo jasna aluzija na  jednosmjerne kulturne i informacijske tijekove koji idu od sredi\u0161ta prema  periferiji globaliziranog svijeta, zamjenjuju\u0107i postupno svijet kao zajednicu  razli\u010ditih ljudi njihovim svjetskim razgovorom. <\/p>\n<p class=\"MsoNormal\" style=\"line-height: 170%;\">Naime  primarni problem s kojim se suo\u010dava  intelektualac prve polovice 20. stolje\u0107a je akutna anksioznost izazvana  kaoti\u010dnim iskustvom modernoga grada, prema Georgu Simmelu mjesta  intenzifikacije &bdquo;\u017eiv\u010dane stimulacije&ldquo; (njem. <em>Nervenleben<\/em>) na koju  individua odgovara blazirano\u0161\u0107u, ravnodu\u0161no\u0161\u0107u prema vrijednostima i osje\u0107aju  pripadnosti zajednici, pa radi samoo\u010duvanja \u010dak i obezvre\u0111ivanjem cijelog izvanjskog  svijeta,  \u0161to nju (tj. njega, pojedinca)  paradoksalno vodi do osje\u0107aja vlastite bezvrijednosti. Prema Pietu Mondrianu &bdquo;Uistinu  moderan umjetnik vidi metropolis koji mu je bli\u017ei od prirode, kao davanje  oblika apstraktnom \u017eivljenju, kao ultimativnu formu&ldquo;. Arhitekti odgovaraju na  okru\u017eenje industrije i trgovine projektima koji bilje\u017ee dinamizam,  kontradikcije i disjunkcije takvog okru\u017eenja, primjerice Eric Mendelsohn <em>reklamnom  arhitekturom <\/em>(njem. <em>Reklamearchitektur<\/em>) ili Hans Poelzig manifestnom  gradnjom tvornica. Primjer urbanog ekranskog krajolika je naslovnica <em>film  noir<\/em><em>a<\/em> <em>Dodir zla <\/em>Orsona  Wellesa iz 1958. koncipirana kao natpisi u urbanom krajoliku iza glavnih junaka  koji \u010dine prijelaz iz stvarnosti u virtualni svijet filma. Protagonisti filma u  jednom kadru brzo kora\u010daju gradom halucinantnog monta\u017enog izmjenjivanja prizora  urbanog mobilijarija, arhitektonske kolonade, prometnih znakova, tekstualnih i  slikovno-ikoni\u010dkih informacija u modernom gradu, kao murala, plakata i  svjetlosnih, neonskih instalacija.<a name=\"_ftnref43\"><\/a><a href=\"#_ftn43\"><sup>[<span style=\"font-family: 'times new roman', times;\"><strong>43<\/strong><\/span>]<\/sup><\/a><\/p>\n<p class=\"MsoNormal\" style=\"line-height: 170%;\">Hibridni medijski prostori gdje se  ukida podjela na discipline (kao \u0161to su arhitektura, dizajn, umjetnost) prema  Myron Kruger nazivaju se reagiraju\u0107im ili responzivnim okoli\u0161em (eng. <em>responsive environment<\/em>). Andrew Pask je  1969. ustanovio da domena arhitektonskog projektiranja nije odre\u0111ivanje forme  zgrade, ve\u0107 strukturiranje dru\u0161tvenog konteksta u kojemu ljudi ulaze u  interakciju s okoli\u0161em i jedni s drugima. Osim potencijala vizualizacije  podataka-poruka, medijska fasada je zahvat u ambijentalnu infrastrukturu grada,  slikovnost grada i sliku grada, tako\u0111er svojevrsna rekonfiguracija grada u  tehni\u010dkom, estetskom i sociolo\u0161kom smislu. Medijska fasada, a to su u pro\u0161irenoj  definiciji dinami\u010dki analogni (neonske cijevi) i digitalni ekrani i plohe: LED  znakovi, plazma ekrani, projekcijski panoi, informacijski terminali te  inteligentne arhitektonske plohe-su\u010delja kao eksperimentalne vizualizacijske  zone na razme\u0111i virtualnog i urbanog javnog prostora u uravnote\u017eenom i odr\u017eivom  urbanom dru\u0161tvu,  efemerni je  (u smislu da zahtijeva podr\u0161ku elektri\u010dne  energije tj. zatvoreni strujni krug) objekt-slika s epistemolo\u0161kim, ontolo\u0161kim  i politi\u010dkim kvalitetama, koja funkcionira kao s<em>ociomaterijalni asembla\u017e<\/em>, u smislu da se ti\u010de odnosa ljudi i  tehnologije. U tom odnosu mijenja se priroda oba su\u010deljena (engl. &bdquo;interface&ldquo;)  i me\u0111upovezana iako autonomna entiteta \u2013 \u010dovjeka i stroja. Pod temom medijske  fasade razmatra se ne samo arhitektura ve\u0107 i urbanizam i njihova pojavna  nedjeljivost. <\/p>\n<p class=\"MsoNormal\" style=\"line-height: 100%;\">&nbsp;<\/p>\n<div align=\"center\">\n<p><img loading=\"lazy\" decoding=\"async\" src=\"\/inmediasres\/images\/casopisi\/Silva_image21.jpg\" alt=\"\" width=\"488\" height=\"395\" \/><\/p>\n<p class=\"MsoNormal\" style=\"line-height: 170%;\"><em>Zlatko Kopljar,<strong> <em>K9 Compassion<\/em><\/strong>,  2009<strong>. <\/strong>Iz serije fotografija nastalih u New Yorku, ovdje na lokaciji Times  Square i 42nd Street.<\/em><\/p>\n<\/div>\n<p class=\"MsoNormal\" style=\"line-height: 170%;\">&nbsp;<\/p>\n<p class=\"MsoNormal\" style=\"line-height: 170%;\">&ldquo;S razvojem sustava elektri\u010dne javne  rasvjete do kraja 19. stolje\u0107a, stasalo je, na krilima prosvjetiteljskog  funkcionalizma, shva\u0107anje &quot;umjetnog svjetla kao osiguravatelja javnog  morala, sigurnosti i reda&quot;. Zanos se odnosio i na primjenu elektri\u010dne  energije u nadila\u017eenju velikih prostornih udaljenosti stasaju\u0107eg metropolisa: u  prijenosu i informacija i ljudi\/dobara (neoni trepte dok pored njih jure  tramvaji). Svjetlucaju\u0107a topografija bujaju\u0107eg grada signalizira medijsku  ma\u0161inu koja nikad ne spava.&rdquo;<a name=\"_ftnref44\"><\/a><a href=\"#_ftn44\"><sup>[<span style=\"font-family: 'times new roman', times;\"><strong>44<\/strong><\/span>]<\/sup><\/a><\/p>\n<p class=\"MsoNormal\" style=\"line-height: 170%;\">Nema prostora bez doga\u0111aja, kona\u010dna  je definicija arhitekture Bernarda Tschumija<a name=\"_ftnref45\"><\/a><a href=\"#_ftn45\"><sup>[<span style=\"font-family: 'times new roman', times;\"><strong>45<\/strong><\/span>]<\/sup><\/a>.  &bdquo;Prostori su odre\u0111eni radnjom jednako kao \u0161to su radnje odre\u0111ene prostorom.  Jedno ne inicira drugo; jedno i drugo postoji neovisno. Samo kada se kri\u017eaju,  imaju utjecaja jedno na drugo. Sjetite se eksperimenta Kuleshova u kojem se  ista fotografija ravnodu\u0161noga glum\u010deva lica uvodi u razne situacije, a publika  o\u010ditava razli\u010dite facijalne izraze u svakoj sljede\u0107oj jukstapoziciji. Isto se  zbiva i u arhitekturi: doga\u0111aj se mijenja sa svakim novim prostorom. I obratno:  pripisuju\u0107i zadanom, pretpostavljeno &quot;autonomnom&quot; prostoru  proturje\u010dan program, taj prostor dobiva nove razine zna\u010denja. Doga\u0111aj i prostor  se ne stapaju, ve\u0107 utje\u010du jedan na drugoga. Na primjer, kad bi se Sikstinska  kapela koristila za natjecanja u skoku s motkom, ta bi arhitektura tada prestala  pru\u017eati predod\u017ebu obi\u010dajnih dobrih intencija. Uskoro bi transgresija bila  zbiljska i svemo\u0107na. Pa ipak, transgresija o\u010dekivanja u kulturi uskoro postaje  prihva\u0107ena. Ba\u0161 kao \u0161to nasilni nadrealisti\u010dki kola\u017ei inspiriraju reklamnu  retoriku, prekr\u0161eno se pravilo integrira u svakodnevni \u017eivot kroz simboli\u010dke  ili tehnolo\u0161ke pobude.&ldquo;<a name=\"_ftnref46\"><\/a><a href=\"#_ftn46\"><sup>[<span style=\"font-family: 'times new roman', times;\"><strong>46<\/strong><\/span>]<\/sup><\/a> Postmodernizam  je \u010desto ironijski i cini\u010dan. Sardoni\u010dni humor kori\u0161ten je za rastakanje  modernisti\u010dkog vjerovanja u originalnost (kori\u0161tenjem tehni\u010dke reprodukcije,  masovno produciranih formi i brikola\u017ea), univerzalnost i progresivnost  umjetnosti. Umjetnici  prisvajaju djela  drugih umjetnika i koriste tehnike masovne kulture s namjerom demistifikacije  umjetnosti. Postmoderna umjetnost proiza\u0161la je iz pop-arta i konceptualne  umjetnosti koji su po sebi crpili inspiraciju od dade i Duchampa. U potrebi da  budu subverzivni, ti umjetnici istodobno prigrljuju i kritiziraju vrednote  ameri\u010dke konzumeristi\u010dke kulture i dru\u0161tva. Mo\u017eemo uo\u010diti progresivne i  reakcionarne pristupe postmodernizmu, tvrdi David Reisman u tekstu <em>Looking Forward. Activist Postmodern Art <\/em>(1991.)  Na primjer, autori poput Hansa Haackea i Marthe Rosler su manje ironijski a  vi\u0161e pozitivisti\u010dki, aktivisti\u010dki u svom radu. Hal Fosteru razlu\u010duje  postmodernizam<em> reakcije<\/em> i onaj <em>otpora<\/em>, ironijski i aktivisti\u010dki  postmodernizam. &bdquo;Postmodernizam otpora&ldquo; (\u010diji su predstavnici, primjerice, Jeff  Koons i Sherrie Levine) propituju\u0107i modernisti\u010dku ideju progresa ali i bivaju\u0107i  sam progresivnom idejom dekonstruira modernu predla\u017eu\u0107i nove forme i promjenu  na osnovi neokonzervativne teorije. Ti su autori propituju\u0107i zna\u010daj pripisan  &bdquo;lijepim umjetnostima&ldquo;, poput ideje romanti\u010darskog individualizma umjetnika te  formalisti\u010dkog pristupa umjetnosti (preokupacije figuracijom, apstrakcijom ili  nepredmetno\u0161\u0107u), indirektno kriti\u010dni prema kulturi i dru\u0161tvu,  dok su drugi izravnije dru\u0161tveno, politi\u010dki  ili didakti\u010dki (&bdquo;prosvjetiteljski&ldquo;) anga\u017eirani. Ironijski postmodernisti izra\u017eavaju\u0107i  nepovjerenje u mogu\u0107nost dru\u0161tveno anga\u017eirane umjetnosti stvaraju sjajna (estetski  privla\u010dna) umjetni\u010dka djela privla\u010dna kolekcionarima, dok su aktivisti\u010dki  postmodernisti poput Ai Weiweija okrenuti procesima ograni\u010denog trajanja koje  je te\u0161ko sakupljati (ve\u0107 bivaju dokumentirani), nagla\u0161avaju potrebu dru\u0161tvenog  anga\u017emana umjetnosti i izla\u017eu na nekomercijalnim izlo\u017ebama, \u010desto  dematerijaliziraju\u0107i umjetnost ili je koriste\u0107i kao didakti\u010dku alatku. Robu  \u0161iroke potro\u0161nje ne koriste potpuno ironijski na <em>ready-made<\/em> na\u010din Duchampa, ve\u0107 strategijom rekontekstualizacije, a  potisnute dru\u0161tvene probleme istra\u017euju sociolo\u0161kim i psihologijskim  metodologijama i pojmovnikom, te tehnikama karakteristi\u010dnim za dizajn,  ogla\u0161avanje i arhitekturu, \u0161to su  discipline  koje su vi\u0161e &bdquo;u dru\u0161tvu&ldquo; ,  koje proizlaze  od korisnika i njegove potrebe, te od<em> funkcije<\/em>. Prema Adornu, glavno oru\u0111e artisti\u010dke intervencije  je &bdquo;egzaktna fantazija&ldquo; za kojega umjetnost  mora aktivno organizirati elemente objektivne stvarnosti.<\/p>\n<p class=\"MsoNormal\" style=\"line-height: 170%;\">Alex  Galloway utemeljuje digitalnu semiotiku koja digitalni jezik razmatra u svjetlu  odnosa paradigmatske i sintagmatske dimenzije, izme\u0111u reprezentacije i  simulacije, odnosno podra\u017eavanja.<a name=\"_ftnref47\"><\/a><a href=\"#_ftn47\"><sup>[<span style=\"font-family: 'times new roman', times;\"><strong>47<\/strong><\/span>]<\/sup><\/a> Tako\u0111er prema Stevenu Johnsonu fuzija tehnologije i kulture proizvela je novu  dominantnu kulturnu formu \u2013 su\u010delja (engl. <em>interface<\/em>).  Ekspanzija tehnokulture utje\u010de na promjenu na\u0161e percepcije starih medija i  njihove kulturne funkcije u kontekstu konvergencija tehni\u010dkih inovacija,  povijesnih narativa i kulturnih analogija.<a name=\"_ftnref48\"><\/a><a href=\"#_ftn48\"><sup>[<span style=\"font-family: 'times new roman', times;\"><strong>48<\/strong><\/span>]<\/sup><\/a> Za  razliku od McLuhana koji kako je re\u010deno  smatra da se svaki novi medij nu\u017eno referira  na prethodne, &bdquo;sadr\u017eaj jednog medija uvijek je drugi medij&ldquo;, Manovich ukazuje  na nelinearnu, diskontinuiranu i \u010desto paradoksalnu logiku razvoja medija, no  obojica zaklju\u010duju da je svrha pronalaska svakog novog medija usavr\u0161avanje  postoje\u0107ih, pri \u010demu uvijek dolazi do &bdquo;pra\u017enjenja&ldquo; &bdquo;originalnog sadr\u017eaja starog  medija koji sada postaje sadr\u017eaj novog&ldquo;. Bolter i Grosin smatraju da svaka  medijacija podrazumijeva i remedijaciju, budu\u0107i da svaki novi medij  interpretira, reformira, reciklira, reproducira i mijenja namjenu prethodnih  (digitalni film, desktop video, postfotografija), ali uo\u010davaju i obrnute  procese remedijacije novih medija koju provode stari mediji \u2013 primjer je film <em>Matrix <\/em>(redatelja Andyja i Larryja  Wachowskog, 1999.) koji remedijalizira ra\u010dunalne igre, virtualnu stvarnost i  strip unutar klasi\u010dnog holivudskog narativa u svojevrsni hipertekst, koji je  interaktivniji od tradicionalnog na\u010dina pisanja (primjenjivan u filmu koji remedijalizira<strong> <\/strong>prostorna  ograni\u010denja kazali\u0161ta i \u010dini mogu\u0107nosti scene neograni\u010denima<a name=\"_ftnref49\"><\/a><a href=\"#_ftn49\"><sup>[<span style=\"font-family: 'times new roman', times;\"><strong>49<\/strong><\/span>]<\/sup><\/a>). Hipertekst<strong><\/strong>(engl. <em>hypertext; <\/em>&bdquo;hyper&ldquo; je izveden iz  starogr\u010d. prefiksa u zna\u010denju iznad ili onkraj) ili pojednostavljeno-<em>web<\/em>-dokument, skup je stranica (engl. <em>pages<\/em>)  u obliku datoteka  koji  sadr\u017ei&nbsp;veze&nbsp;ili&nbsp;poveznice&nbsp;(engl.&nbsp;<em>links<\/em>, koje se obi\u010dno vide kao veze ili <em>hiperveze<\/em>)  s drugim dokumentima ili sa samim sobom \u0161to omogu\u0107uje vi\u0161estruko  kretanje kroz tekst. Odnosno, hipertekst je tekst prikazan na zaslonu ra\u010dunala  ili drugih elektroni\u010dkih ure\u0111aja s referencama (linkovima) na drugi tekst  kojemu \u010ditatelj mo\u017ee odmah pristupiti ili gdje se tekst postupno otkriva na  vi\u0161e razina detalja (koje se nazivaju <em>StretchText<\/em>,  engl.). Hipertekst&nbsp;je dakle  intertekstualni dokument\/sistem s povezanim tehnolo\u0161kim jedinicama,&nbsp;sastoji se od me\u0111usobno povezanih  jedinica informacije (<a href=\"http:\/\/hr.wikipedia.org\/wiki\/Engleski_jezik\" title=\"Engleski jezik\">engl.<\/a>&nbsp;<em>node<\/em>) prikazanih na nekom elektroni\u010dkom ure\u0111aju. Leksija  je termin koji se ustalio kao naziv za &quot;komad teksta&quot; ili &quot;ekran  teksta&quot; ili &quot;(jedan) prostor&quot; u&nbsp;<em>hipertekstu<\/em>&nbsp;koji  je s ostalima povezan linkovima. Za razliku od jednostavnog tradicionalnog  teksta, hipertekst nema jedinstven redoslijed \u010ditanja, nego ga \u010ditatelj  dinami\u010dki odre\u0111uje, tj. odre\u0111uje ga tijekom \u010ditanja. Odnosno, tradicionalni  tekst je linearan i sekvencijalan, a hipertekst nelinearan i nesekvencijalan. Hipertekst  je temeljni koncept koji definira strukturu World Wide Weba \u010dije su stranice  \u010desto pisane u <em>Hypertext Markup Language-<\/em>u <em>(HTML)<\/em>. Omogu\u0107uje jednostavno  kori\u0161tenje i fleksibilno povezivanje te razmjenu informacija preko interneta. Prema  Levu Manovichu, ra\u010dunalo je od alatke   postalo najva\u017eniji medij preko kojega se pristupa svim ostalim medijima  i konzumira znatan segment kulturne produkcije koju i stvara.<a name=\"_ftnref50\"><\/a><a href=\"#_ftn50\"><sup>[<span style=\"font-family: 'times new roman', times;\"><strong>50<\/strong><\/span>]<\/sup><\/a> Po  pitanju naslovne teme teksta  poznata je  presudna uloga Twittera u &bdquo;egipatskoj revoluciji&ldquo;  (tzv. &bdquo;Revoluciji 25. sije\u010dnja 2011.&ldquo;) gdje jedan sudionik uli\u010dnih prosvjeda  izjavljuje &bdquo;neko\u0107 sam gledao televiziju, sada televizija gleda mene&ldquo;.<\/p>\n<p class=\"MsoNormal\" style=\"line-height: 170%;\">Opona\u0161anje tehnike ilustracije i  serijalnosti slike s novinske reprodukcije obilje\u017eje je rada pop-umjetnika  Andyja Warhola 1950-ih i 60-ih godina  koji  na svojim djelima s motivima limenke juhe i boce Coca-Cole,\u017eeli prikazati  esenciju SAD- a, a potom nasilja i smrti. Za EXPO u New Yorku 1964.\/1965.,  Warhol je u paviljonu dr\u017eave New York Philipa Johnsona naslikao mural nalik na  policijsku tjeralicu <em>Trinaest  najtra\u017eenijih ljudi.<\/em><a name=\"_ftnref51\"><\/a><a href=\"#_ftn51\"><sup>[<span style=\"font-family: 'times new roman', times;\"><strong>51<\/strong><\/span>]<\/sup><\/a> Slijedi cijeli  niz slika tragedija, kriminala i nesre\u0107a, kao \u0161to su <em>Crveni rasni nemiri<\/em> (1963.), <em>Samoubojstvo <\/em>(1963.), <em>Velika elektri\u010dna stolica<\/em> (1966.), <em>Plava elektri\u010dna stolica<\/em> (1963.), <em>Ljubi\u010dastoplava nesre\u0107a<\/em> (1963.), <em>Nesre\u0107a s tunjevinom<\/em> (1963.), <em>Pet smrti na naran\u010dastom<\/em> (1963.), <em>Subotnja nesre\u0107a<\/em> (1964.), <em>Atomska bomba<\/em> (1965.)<a name=\"_ftnref52\"><\/a><a href=\"#_ftn52\"><sup>[<span style=\"font-family: 'times new roman', times;\"><strong>52<\/strong><\/span>]<\/sup><\/a>. Primarno  koristi postupak ponavljanja i multipliciranja novinskih fotografija s tim  motivima. Stvarna istina, strava nesre\u0107e i njezinih stra\u0161nih posljedica od  sekundarne je  va\u017enosti u odnosu na samu  sliku. Izoliraju\u0107i i uve\u0107avaju\u0107i detalj slike reproducirane u masovnim medija,  retu\u0161irane, koja je pro\u0161la filter medija tj. ima raster novinskog tiska, on  neutralizira njezinu temu i nudi je publici na konzumaciju na rastresen i  ravnodu\u0161an na\u010din. <\/p>\n<p class=\"MsoNormal\" style=\"line-height: 100%;\">&nbsp;<\/p>\n<div align=\"center\">\n<p><img loading=\"lazy\" decoding=\"async\" src=\"\/inmediasres\/images\/casopisi\/Silva_image22.jpg\" alt=\"\" width=\"608\" height=\"408\" \/><\/p>\n<p class=\"MsoNormal\" style=\"line-height: 170%;\"><em>Scena \u201epat pozicije\u201c, film Cristo Rey (2013)<\/em><\/p>\n<\/div>\n<p class=\"MsoNormal\" style=\"line-height: 170%;\">&nbsp;<\/p>\n<p class=\"MsoNormal\" style=\"line-height: 170%;\">Scena &bdquo;pat pozicije&ldquo; u kojoj majka kao pripadnica hai\u0107anske manjine u  Dominikanskoj Republici gdje je na snazi opresivna politika spram Hai\u0107ana kako  bi ih se , tako\u0111er mjerom oduzimanja dr\u017eavljanstva  nagnalo na iseljavanje, dr\u017ei no\u017e na grkljanu  policajca koji \u017eeli ubiti njezina sina, na internetu je figurirala kao dokument  stvarnosti iako je uistinu rije\u010d o sceni iz filma <em>Cristo Rey<\/em> redateljice Leticie Tonos Paniagua iz 2013. Scena je  bila okida\u010d za mnoge rasprave u viralnim medijima, ponajprije na temu  nacionalnog identiteta i granica kao izvora podjela i sukoba u regiji iako su  ih uistinu definirali nekada\u0161nji kolonijalni gospodari. <\/p>\n<p class=\"MsoNormal\" style=\"line-height: 170%;\">Svi poznajemo strah i  tjeskobu&quot; \u2013 glasila je uvodna re\u010denica najavnog teksta izlo\u017ebe <em>Salon of Fear (<\/em><em>njem. Salon der Angst<\/em>)u  Kunsthalle  Museumsquartier u Be\u010du 2013. godine. Fokus izlo\u017ebe je nepreciziran  osje\u0107aj nesigurnosti i ugroze, ali ona govori i o na\u010dinu na koji kultura  oblikuje individualni i kolektivni do\u017eivljaj straha. Prikazi nasilja i  induciranje osje\u0107aja tjeskobe perpetuirana su tema u povijesti umjetnosti, ali  i suvremene umjetni\u010dke prakse kao odgovor na nove i specifi\u010dne oblike straha i  nesigurnosti u suvremenom dru\u0161tvu. Izlo\u017eene fotografije, da upotrijebimo  Burroughsov termin &bdquo;banka boli i energije&ldquo;, testiraju gledateljevu  kapacitiranost za nasilje. Mo\u017ee li umjetnost replicirati retorici mo\u0107i  ili ona jednostavno registrira stanje stvari?  Postavlja se dakle  pitanje \u2013 &bdquo;mo\u017ee li  umjetnost gristi?&ldquo;. Umjetnost je uvijek sredstvo manipulacije  stoga ne mo\u017ee biti nevina, a kad bi to bila,  smatrao je Picasso ekspliciraju\u0107i nastanak <em>Guernice <\/em>(1937.,  ona je izraz protesta zbog  me\u0111unarodne izdaje ideala za koje su se borili republikanci  u \u0161panjolskom Gra\u0111anskom ratu s milijun  \u017ertava. Slika predstavlja &bdquo;dodavanje vrijednosti slikarstvu&rdquo;: ona postaje  instrument rata, za napad i obranu od neprijatelja, a vizualno opona\u0161a novinsku  crno-bijelu fotografiju, u sugestiji njenog &bdquo;dokumentaristi\u010dkog&ldquo;, odnosno  karaktera svjedo\u010danstva, \u010dime prestaje biti onim \u0161to jest. Izlaganje  umjetni\u010dkih djela izvan muzeja i galerija izraz je umjetnikova protesta protiv  politike institucionalizacije umjetnosti, kojom &quot;izlo\u017eeno djelo nije  idejno vlasni\u0161tvo svoga autora&quot; (Radoslav Putar). Ili, rije\u010dima Edwarda  Sa\u00efda, kriti\u010dka svijest jest neprekidna sklonost tra\u017eenju alternativa.<\/p>\n<p class=\"MsoNormal\" style=\"line-height: 150%;\">&nbsp;<\/p>\n<hr align=\"left\" size=\"1\" width=\"33%\" \/>\n<div id=\"ftn1\">\n<p class=\"MsoNormal\" style=\"line-height: 150%;\"><span style=\"font-size: 8.0pt;\"><a name=\"_ftn1\"><\/a><a href=\"#_ftnref1\"><sup>[<span style=\"font-family: 'times new roman', \ntimes;\"><strong>1<\/strong><\/span>]<\/sup><\/a>&nbsp;<br \/>\n<em>Konfabulacija \u2013 tlapnje  samotnog ikonodula.<\/em><\/span><\/p>\n<\/div>\n<div id=\"ftn2\">\n<p class=\"MsoNormal\" style=\"line-height: 150%;\"><span style=\"font-size: 8.0pt;\"><a name=\"_ftn2\"><\/a><a href=\"#_ftnref2\"><sup>[<span style=\"font-family: 'times new roman', \ntimes;\"><strong>2<\/strong><\/span>]<\/sup><\/a>&nbsp;<br \/>\nU djelu <em>Svijetla komora<\/em> <em>\u2013 bilje\u0161ka o fotografiji<\/em>,Antibarbarus, Zagreb, 2003.<br \/>\n<\/span><\/p>\n<\/div>\n<div id=\"ftn3\">\n<p class=\"MsoNormal\" style=\"line-height: 150%;\"><span style=\"font-size: 8.0pt;\"><a name=\"_ftn3\"><\/a><a href=\"#_ftnref3\"><sup>[<span style=\"font-family: 'times new roman', \ntimes;\"><strong>3<\/strong><\/span>]<\/sup><\/a>&nbsp;<br \/>\nIskaz volje gra\u0111ana protiv gradnje trgova\u010dkog centra na  mjestu engleskog parka, jedne od malobrojnih zelenih povr\u0161ina u gradskom  sredi\u0161tu.<br \/>\n<\/span><\/p>\n<\/div>\n<div id=\"ftn4\">\n<p class=\"MsoNormal\" style=\"line-height: 150%;\"><span style=\"font-size: 8.0pt;\"><a name=\"_ftn4\"><\/a><a href=\"#_ftnref4\"><sup>[<span style=\"font-family: 'times new roman', \ntimes;\"><strong>4<\/strong><\/span>]<\/sup><\/a>&nbsp;<br \/>\nRe\u010denica je pripisivana  i Bertoltu Brechtu. \u010casopis <em>The Guardian<\/em> u izdanju od 11. prosinca 1974. pripisuje je Majakovskom, koji u duhu  ruskog futurizma, avangardne umjetnosti u slu\u017ebi politi\u010dkog i ideolo\u0161kog  pokreta ozna\u010denog Oktobarskom revolucijom, smatra da je umjetnost koja ne slu\u017ei  narodu samo zabava besposlenih ljudi.<br \/>\n<\/span><\/p>\n<\/div>\n<div id=\"ftn5\">\n<p class=\"MsoNormal\" style=\"line-height: 150%;\"><span style=\"font-size: 8.0pt;\"><a name=\"_ftn5\"><\/a><a href=\"#_ftnref5\"><sup>[<span style=\"font-family: 'times new roman', \ntimes;\"><strong>5<\/strong><\/span>]<\/sup><\/a>&nbsp;<br \/>\nNa: <a href=\"https:\/\/www.pinterest.com\/pin\/458945018248368217\/\">https:\/\/www.pinterest.com\/pin\/458945018248368217\/<\/a><br \/>\n<\/span><\/p>\n<\/div>\n<div id=\"ftn6\">\n<p class=\"MsoNormal\" style=\"line-height: 150%;\"><span style=\"font-size: 8.0pt;\"><a name=\"_ftn6\"><\/a><a href=\"#_ftnref6\"><sup>[<span style=\"font-family: 'times new roman', \ntimes;\"><strong>6<\/strong><\/span>]<\/sup><\/a>&nbsp;<br \/>\n<em>Svijetla komora<\/em> <em>\u2013 bilje\u0161ka o  fotografiji<\/em>,Antibarbarus,  Zagreb, 2003., str. 46: &bdquo;Maska je smisao, jer on je savr\u0161eno \u010dist\u2026&ldquo;.<br \/>\n<\/span><\/p>\n<\/div>\n<div id=\"ftn7\">\n<p class=\"MsoNormal\" style=\"line-height: 150%;\"><span style=\"font-size: 8.0pt;\"><a name=\"_ftn7\"><\/a><a href=\"#_ftnref7\"><sup>[<span style=\"font-family: 'times new roman', \ntimes;\"><strong>7<\/strong><\/span>]<\/sup><\/a>&nbsp;<br \/>\nPrema  bilje\u0161kama <em>On the Destruction of Art \u2013 or  Conflict of Art, or Trauma and the Art of Healing <\/em>Carolyn  Christov-Bakargieva iz 2011.<br \/>\n<\/span><\/p>\n<\/div>\n<div id=\"ftn8\">\n<p class=\"MsoNormal\" style=\"line-height: 150%;\"><span style=\"font-size: 8.0pt;\"><a name=\"_ftn8\"><\/a><a href=\"#_ftnref8\"><sup>[<span style=\"font-family: 'times new roman', \ntimes;\"><strong>8<\/strong><\/span>]<\/sup><\/a>&nbsp;<br \/>\nPrema: Lutz Peter Koepnick, <em>Walter Benjamin and the Aesthetics of Power<\/em>,  University of Nebraska Press, 1999.<br \/>\n<\/span><\/p>\n<\/div>\n<div id=\"ftn9\">\n<p class=\"MsoNormal\" style=\"line-height: 150%;\"><span style=\"font-size: 8.0pt;\"><a name=\"_ftn9\"><\/a><a href=\"#_ftnref9\"><sup>[<span style=\"font-family: 'times new roman', \ntimes;\"><strong>9<\/strong><\/span>]<\/sup><\/a>&nbsp;<br \/>\nPortugalska korida razlikuje se od one u \u0160panjolskoj na  na\u010din da bik ne biva ubijen u areni.<br \/>\n<\/span><\/p>\n<\/div>\n<div id=\"ftn10\">\n<p class=\"MsoNormal\" style=\"line-height: 150%;\"><span style=\"font-size: 8.0pt;\"><a name=\"_ftn10\"><\/a><a href=\"#_ftnref10\"><sup>[<span style=\"font-family: 'times new roman', \ntimes;\"><strong>10<\/strong><\/span>]<\/sup><\/a>&nbsp;<br \/>\nBenedict Anderson: <em>Imagined<\/em>&nbsp;<em>Communities<\/em>, 1983.<br \/>\n<\/span><\/p>\n<\/div>\n<div id=\"ftn11\">\n<p class=\"MsoNormal\" style=\"line-height: 150%;\"><span style=\"font-size: 8.0pt;\"><a name=\"_ftn11\"><\/a><a href=\"#_ftnref11\"><sup>[<span style=\"font-family: 'times new roman', \ntimes;\"><strong>11<\/strong><\/span>]<\/sup><\/a>&nbsp;<br \/>\nArjun Appadurai, <em>Modernity at Large<\/em>,  University of Minnesota press, 1996.<br \/>\n<\/span><\/p>\n<\/div>\n<div id=\"ftn12\">\n<p class=\"MsoNormal\" style=\"line-height: 150%;\"><span style=\"font-size: 8.0pt;\"><a name=\"_ftn12\"><\/a><a href=\"#_ftnref12\"><sup>[<span style=\"font-family: 'times new roman', \ntimes;\"><strong>12<\/strong><\/span>]<\/sup><\/a>&nbsp;<br \/>\nArjun  Appadurai: <em>Strah od malih brojeva<\/em> (<em>Fear of Small Numbers<\/em>, 2006.)<br \/>\n<\/span><\/p>\n<\/div>\n<div id=\"ftn13\">\n<p class=\"MsoNormal\" style=\"line-height: 150%;\"><span style=\"font-size: 8.0pt;\"><a name=\"_ftn13\"><\/a><a href=\"#_ftnref13\"><sup>[<span style=\"font-family: 'times new roman', \ntimes;\"><strong>13<\/strong><\/span>]<\/sup><\/a>&nbsp;<br \/>\nRazlikuju\u0107i vertikalnu i  horizontalnu (i regionalnu, kao podskupinu horizontalne) migraciju.<br \/>\n<\/span><\/p>\n<\/div>\n<div id=\"ftn14\">\n<p class=\"MsoNormal\" style=\"line-height: 150%;\"><span style=\"font-size: 8.0pt;\"><a name=\"_ftn14\"><\/a><a href=\"#_ftnref14\"><sup>[<span style=\"font-family: 'times new roman', \ntimes;\"><strong>14<\/strong><\/span>]<\/sup><\/a>&nbsp;<br \/>\nRen\u00e9 <em>Gu\u00e9non<\/em><em>, <em>Kriza<\/em><\/em>&nbsp;<em>modernog  svijeta<\/em>, Fabula nova, Zagreb, 2005.,  str. 23. U izvorniku naslovljeno:<em> La crise du  monde moderne<\/em>, \u00c9ditions Gallimard, Pariz, 1927. <\/p>\n<p><\/span><\/p>\n<\/div>\n<div id=\"ftn15\">\n<p class=\"MsoNormal\" style=\"line-height: 150%;\"><span style=\"font-size: 8.0pt;\"><a name=\"_ftn15\"><\/a><a href=\"#_ftnref15\"><sup>[<span style=\"font-family: 'times new roman', \ntimes;\"><strong>15<\/strong><\/span>]<\/sup><\/a>&nbsp;<br \/>\nJean Baudrillard i Marc  Guillaume: <em>Radikalna drugost<\/em> ( <em>Radical  Alteritiy )2008<\/em><\/p>\n<p><\/span><\/p>\n<\/div>\n<div id=\"ftn16\">\n<p class=\"MsoNormal\" style=\"line-height: 150%;\"><span style=\"font-size: 8.0pt;\"><a name=\"_ftn16\"><\/a><a href=\"#_ftnref16\"><sup>[<span style=\"font-family: 'times new roman', \ntimes;\"><strong>16<\/strong><\/span>]<\/sup><\/a>&nbsp;<br \/>\nJasmina Merz,  &bdquo;Estetika u krizi ili kriza u estetici&ldquo;, u Irfan Ho\u0161i\u0107, Amir Husak (ur.), <em>Kriza, umjetnost, akcija<\/em>, Gradska galerija Biha\u0107 i Tehni\u010dkog fakulteta  Univerziteta u Biha\u0107u, str. 111.<br \/>\n<\/span><\/p>\n<\/div>\n<div id=\"ftn17\">\n<p class=\"MsoNormal\" style=\"line-height: 150%;\"><span style=\"font-size: 8.0pt;\"><a name=\"_ftn17\"><\/a><a href=\"#_ftnref17\"><sup>[<span style=\"font-family: 'times new roman', \ntimes;\"><strong>17<\/strong><\/span>]<\/sup><\/a>&nbsp;<br \/>\nT. J.&nbsp;<em>Demos<\/em>, <em>The<\/em>&nbsp;<em>Migrant  Image<\/em>:<em> The Art and Politics  of Documentary during Global Crisis<\/em>, Duke University Press, Durham, 2013.<\/p>\n<p><\/span><\/p>\n<\/div>\n<div id=\"ftn18\">\n<p class=\"MsoNormal\" style=\"line-height: 150%;\"><span style=\"font-size: 8.0pt;\"><a name=\"_ftn18\"><\/a><a href=\"#_ftnref18\"><sup>[<span style=\"font-family: 'times new roman', \ntimes;\"><strong>18<\/strong><\/span>]<\/sup><\/a>&nbsp;<br \/>\nPrema Lindi Gordon u biografskoj  knjizi <em>Dorothea Lange: \u017divot izvan  granica.<\/em>, u izvorniku <em>Dorothea  Lange: A Life Beyond Limits.<\/em> Izvor: <a href=\"https:\/\/www.nytimes.com\/2017\/08\/07\/opinion\/immigration-porn-photography-deportation.html?ref=opinion\/%20\">https:\/\/www.nytimes.com\/2017\/08\/07\/opinion\/immigration-porn-photography-deportation.html?ref=opinion\/<\/a> Pristup 24. prosinca 2017.<\/p>\n<p><\/span><\/p>\n<\/div>\n<div id=\"ftn19\">\n<p class=\"MsoNormal\" style=\"line-height: 150%;\"><span style=\"font-size: 8.0pt;\"><a name=\"_ftn19\"><\/a><a href=\"#_ftnref19\"><sup>[<span style=\"font-family: 'times new roman', \ntimes;\"><strong>19<\/strong><\/span>]<\/sup><\/a>&nbsp;<br \/>\n&bdquo;Dje\u010dak iz Alepa:  dijete pokriveno pepelom donosi svijetu svoju\/zavi\u010dajnu   strahotu  sirijskog rata. Izvor: <a href=\"https:\/\/www.rt.com\/news\/356370-aleppo-boy-syria-airstrike\/\">https:\/\/www.rt.com\/news\/356370-aleppo-boy-syria-airstrike\/<\/a> Pristup 10. prosinca 2017.<br \/>\n<\/span><\/p>\n<\/div>\n<div id=\"ftn20\">\n<p class=\"MsoNormal\" style=\"line-height: 150%;\"><span style=\"font-size: 8.0pt;\"><a name=\"_ftn20\"><\/a><a href=\"#_ftnref20\"><sup>[<span style=\"font-family: 'times new roman', \ntimes;\"><strong>20<\/strong><\/span>]<\/sup><\/a>&nbsp;<br \/>\n&bdquo;They filmed him  before providing first aid.&rdquo;, u intervjuu 9.  lipnja 2017. Izvor: <a href=\"https:\/\/www.rt.com\/news\/391198-aleppo-boy-rt-interview\/\">https:\/\/www.rt.com\/news\/391198-aleppo-boy-rt-interview\/<\/a> Pristup 10. prosinca 2017.<br \/>\n<\/span><\/p>\n<\/div>\n<div id=\"ftn21\">\n<p class=\"MsoNormal\" style=\"line-height: 150%;\"><span style=\"font-size: 8.0pt;\"><a name=\"_ftn21\"><\/a><a href=\"#_ftnref21\"><sup>[<span style=\"font-family: 'times new roman', \ntimes;\"><strong>21<\/strong><\/span>]<\/sup><\/a>&nbsp;<br \/>\nPrema referatu Ivane Mance &bdquo;&bdquo;Izbjegli\u010dki izazov&ldquo;: umjetnost  kao ultimativna disciplina rje\u0161avanja problema&ldquo;, engl. &bdquo;&bdquo;Refugee Challenge&ldquo;: Art as  the Ultimate Problem Solving Discipline&rdquo;,<em>Theatrum Mundi 7: Performing Others in the Self<\/em>, <em>Interuniverzitetski centar Dubrovnik, <\/em>2016.<br \/>\n<\/span><\/p>\n<\/div>\n<div id=\"ftn22\">\n<p class=\"MsoNormal\" style=\"line-height: 150%;\"><span style=\"font-size: 8.0pt;\"><a name=\"_ftn22\"><\/a><a href=\"#_ftnref22\"><sup>[<span style=\"font-family: 'times new roman', \ntimes;\"><strong>22<\/strong><\/span>]<\/sup><\/a>&nbsp;<br \/>\nPrema:  Arthur Danto, <em>Nasilje nad ljepotom \/  Estetika i pojam umjetnosti<\/em>, Muzej suvremene umjetnosti, Zagreb, 2006.,  str. 100.<br \/>\n<\/span><\/p>\n<\/div>\n<div id=\"ftn23\">\n<p class=\"MsoNormal\" style=\"line-height: 150%;\"><span style=\"font-size: 8.0pt;\"><a name=\"_ftn23\"><\/a><a href=\"#_ftnref23\"><sup>[<span style=\"font-family: 'times new roman', \ntimes;\"><strong>23<\/strong><\/span>]<\/sup><\/a>&nbsp;<br \/>\nU <em>Filozofijskom istra\u017eivanju podrijetla uzvi\u0161enog i lijepog<\/em>, citirano  u: Arthur C. Danto, <em>Nasilje nad ljepotom.  Estetika i pojam umjetnosti<\/em>, Muzej suvremene umjetnosti Zagreb, 2007., str.  246.<\/p>\n<p><\/span><\/p>\n<\/div>\n<div id=\"ftn24\">\n<p class=\"MsoNormal\" style=\"line-height: 150%;\"><span style=\"font-size: 8.0pt;\"><a name=\"_ftn24\"><\/a><a href=\"#_ftnref24\"><sup>[<span style=\"font-family: 'times new roman', \ntimes;\"><strong>24<\/strong><\/span>]<\/sup><\/a>&nbsp;<br \/>\n<em>Na\u010delo  ugode u kulturi<\/em>, predavanje Roberta Pfallera, Galerija Nova, Zagreb, 4.  rujna 2003.<br \/>\n<\/span><\/p>\n<\/div>\n<div id=\"ftn25\">\n<p class=\"MsoNormal\" style=\"line-height: 150%;\"><span style=\"font-size: 8.0pt;\"><a name=\"_ftn25\"><\/a><a href=\"#_ftnref25\"><sup>[<span style=\"font-family: 'times new roman', \ntimes;\"><strong>25<\/strong><\/span>]<\/sup><\/a>&nbsp;<br \/>\nHal Foster, &quot;The Artist as  Ethnographer&quot;, u: Hal Foster, <em>The Return of the Real<\/em>, op.cit., 185.  Citirano u: Bojana Peji\u0107, <em>Javni rezovi<\/em>, Kulturpunkt, 2010. Prijevod Vesne Vukovi\u0107. Izvor: <a href=\"http:\/\/www.kulturpunkt.hr\/content\/javni-rezovi\/\">http:\/\/www.kulturpunkt.hr\/content\/javni-rezovi\/<\/a> <a href=\"http:\/\/www.worldcat.org\/title\/omitting-the-void-an-architecture-of-engagement-peter-allison-in-conversation-with-david-adjaye\/oclc\/792807231%20(20\">Pristup 20<\/a>. sije\u010dnja  2014.<\/p>\n<p><\/span><\/p>\n<\/div>\n<div id=\"ftn26\">\n<p class=\"MsoNormal\" style=\"line-height: 150%;\"><span style=\"font-size: 8.0pt;\"><a name=\"_ftn26\"><\/a><a href=\"#_ftnref26\"><sup>[<span style=\"font-family: 'times new roman', \ntimes;\"><strong>26<\/strong><\/span>]<\/sup><\/a>&nbsp;<br \/>\nLouis Althusser,  &bdquo;Ideology and Ideological State Apparatures&ldquo;,  <em>Lenin and philosophy, and other  essays<\/em>, Monthly Review Press, New York, 2001.<\/p>\n<p><\/span><\/p>\n<\/div>\n<div id=\"ftn27\">\n<p class=\"MsoNormal\" style=\"line-height: 150%;\"><span style=\"font-size: 8.0pt;\"><a name=\"_ftn27\"><\/a><a href=\"#_ftnref27\"><sup>[<span style=\"font-family: 'times new roman', \ntimes;\"><strong>27<\/strong><\/span>]<\/sup><\/a>&nbsp;<br \/>\nCitirano u: Sandra Kri\u017ei\u0107 Roban, <em>Na drugi pogled. Pozicije suvremene hrvatske  fotografije<\/em>, Institut za povijest umjetnosti i UPI-2M plus, Zagreb, 2010.<br \/>\n<\/span><\/p>\n<\/div>\n<div id=\"ftn28\">\n<p class=\"MsoNormal\" style=\"line-height: 150%;\"><span style=\"font-size: 8.0pt;\"><a name=\"_ftn28\"><\/a><a href=\"#_ftnref28\"><sup>[<span style=\"font-family: 'times new roman', \ntimes;\"><strong>28<\/strong><\/span>]<\/sup><\/a>&nbsp;<br \/>\nLeila Topi\u0107, &bdquo;Svjetla  Drugih&ldquo;, recenzija izlo\u017ebe u Galeriji Gal\u017eenica u  Velikoj Gorici, \u010dasopis <em>Prosvjeta<\/em>,  lipanj 2016. Izvor:<a href=\"http:\/\/casopis.prosvjeta.net\/svjetla-drugih\/\"> http:\/\/casopis.prosvjeta.net\/svjetla-drugih\/<\/a> <a href=\"http:\/\/www.worldcat.org\/title\/omitting-the-void-an-architecture-of-engagement-peter-allison-in-conversation-with-david-adjaye\/oclc\/792807231%20(20\">Pristup 20<\/a>. prosinca  2017.<\/p>\n<p><\/span><\/p>\n<\/div>\n<div id=\"ftn29\">\n<p class=\"MsoNormal\" style=\"line-height: 150%;\"><span style=\"font-size: 8.0pt;\"><a name=\"_ftn29\"><\/a><a href=\"#_ftnref29\"><sup>[<span style=\"font-family: 'times new roman', \ntimes;\"><strong>29<\/strong><\/span>]<\/sup><\/a>&nbsp;<br \/>\nIzvor: <a href=\"http:\/\/www.cunterview.net\/index.php\/Najave\/Izlozba-fotografija-Ane-Opalic-Poslije-Kula-Lotrscak-25.4.-6.5.html\/\">http:\/\/www.cunterview.net\/index.php\/Najave\/Izlozba-fotografija-Ane-Opalic-Poslije-Kula-Lotrscak-25.4.-6.5.html\/<\/a> <a href=\"http:\/\/www.worldcat.org\/title\/omitting-the-void-an-architecture-of-engagement-peter-allison-in-conversation-with-david-adjaye\/oclc\/792807231%20(20\">Pristup <\/a>15. prosinca 2017.<br \/>\n<\/span><\/p>\n<\/div>\n<div id=\"ftn30\">\n<p class=\"MsoNormal\" style=\"line-height: 150%;\"><span style=\"font-size: 8.0pt;\"><a name=\"_ftn30\"><\/a><a href=\"#_ftnref30\"><sup>[<span style=\"font-family: 'times new roman', \ntimes;\"><strong>30<\/strong><\/span>]<\/sup><\/a>&nbsp;<br \/>\nIbid.<\/p>\n<p><\/span><\/p>\n<\/div>\n<div id=\"ftn31\">\n<p class=\"MsoNormal\" style=\"line-height: 150%;\"><span style=\"font-size: 8.0pt;\"><a name=\"_ftn31\"><\/a><a href=\"#_ftnref31\"><sup>[<span style=\"font-family: 'times new roman', \ntimes;\"><strong>31<\/strong><\/span>]<\/sup><\/a>&nbsp;<br \/>\nLeila Topi\u0107, &bdquo;Svjetla  Drugih&ldquo;, recenzija izlo\u017ebe u Galeriji Gal\u017eenica u  Velikoj Gorici, \u010dasopis <em>Prosvjeta<\/em>,  lipanj 2016. Izvor: <a href=\"http:\/\/casopis.prosvjeta.net\/svjetla-drugih\/\">http:\/\/casopis.prosvjeta.net\/svjetla-drugih\/<\/a> <a href=\"http:\/\/www.worldcat.org\/title\/omitting-the-void-an-architecture-of-engagement-peter-allison-in-conversation-with-david-adjaye\/oclc\/792807231%20(20\">Pristup 20<\/a>. prosinca  2017.<\/p>\n<p><\/span><\/p>\n<\/div>\n<div id=\"ftn32\">\n<p class=\"MsoNormal\" style=\"line-height: 150%;\"><span style=\"font-size: 8.0pt;\"><a name=\"_ftn32\"><\/a><a href=\"#_ftnref32\"><sup>[<span style=\"font-family: 'times new roman', \ntimes;\"><strong>32<\/strong><\/span>]<\/sup><\/a>&nbsp;<br \/>\nAndrea Pala\u0161ti<strong>, &bdquo;<\/strong><a href=\"http:\/\/www.ipu.hr\/content\/zivot-umjetnosti\/ZU_98-2016_122-129_Palasti.pdf\"><strong>Dokumentarne strategije u suvremenoj fotografiji<\/strong><\/a><strong>&ldquo;, <\/strong><em>\u017divot umjetnosti<\/em>, tematski broj  &bdquo;Metafora prtljage&ldquo;, 98-2016, str. 127.<\/p>\n<p><\/span><\/p>\n<\/div>\n<div id=\"ftn33\">\n<p class=\"MsoNormal\" style=\"line-height: 150%;\"><span style=\"font-size: 8.0pt;\"><a name=\"_ftn33\"><\/a><a href=\"#_ftnref33\"><sup>[<span style=\"font-family: 'times new roman', \ntimes;\"><strong>33<\/strong><\/span>]<\/sup><\/a>&nbsp;<br \/>\nIbid.<br \/>\n<\/span><\/p>\n<\/div>\n<div id=\"ftn34\">\n<p class=\"MsoNormal\" style=\"line-height: 150%;\"><span style=\"font-size: 8.0pt;\"><a name=\"_ftn34\"><\/a><a href=\"#_ftnref34\"><sup>[<span style=\"font-family: 'times new roman', \ntimes;\"><strong>34<\/strong><\/span>]<\/sup><\/a>&nbsp;<br \/>\nIzvor: <a href=\"https:\/\/www.jutarnji.hr\/vijesti\/%E2%80%98neplodna-tla%E2%80%99-sandre-vitaljic-izlozba-s-koje-cete-izaci-na-rubu-suza-ili-potpuno-ravnodusni\/2209647\/\">https:\/\/www.jutarnji.hr\/vijesti\/%E2%80%98neplodna-tla%E2%80%99-sandre-vitaljic-izlozba-s-koje-cete-izaci-na-rubu-suza-ili-potpuno-ravnodusni\/2209647\/<\/a> <a href=\"http:\/\/www.worldcat.org\/title\/omitting-the-void-an-architecture-of-engagement-peter-allison-in-conversation-with-david-adjaye\/oclc\/792807231%20(20\">Pristup <\/a>23. prosinca 2017.<\/p>\n<p><\/span><\/p>\n<\/div>\n<div id=\"ftn35\">\n<p class=\"MsoNormal\" style=\"line-height: 150%;\"><span style=\"font-size: 8.0pt;\"><a name=\"_ftn35\"><\/a><a href=\"#_ftnref35\"><sup>[<span style=\"font-family: 'times new roman', \ntimes;\"><strong>35<\/strong><\/span>]<\/sup><\/a>&nbsp;<br \/>\nLebbeus  Woods, <em>War and Architecture, <\/em>Princeton  Architectural Press, Princeton, 1993., str. 1.<\/p>\n<p><\/span><\/p>\n<\/div>\n<div id=\"ftn36\">\n<p class=\"MsoNormal\" style=\"line-height: 150%;\"><span style=\"font-size: 8.0pt;\"><a name=\"_ftn36\"><\/a><a href=\"#_ftnref36\"><sup>[<span style=\"font-family: 'times new roman', \ntimes;\"><strong>36<\/strong><\/span>]<\/sup><\/a>&nbsp;<br \/>\nFranc. <em>hantologie<\/em>,  prema: Jacques&nbsp;<em>Derrida<\/em>, <em>Spectres de Marx<\/em>, 1993.<br \/>\n<\/span><\/p>\n<\/div>\n<div id=\"ftn37\">\n<p class=\"MsoNormal\" style=\"line-height: 150%;\"><span style=\"font-size: 8.0pt;\"><a name=\"_ftn37\"><\/a><a href=\"#_ftnref37\"><sup>[<span style=\"font-family: 'times new roman', \ntimes;\"><strong>37<\/strong><\/span>]<\/sup><\/a>&nbsp;<br \/>\nFelix  Guattari, <em>Chaosmosis<\/em><em>: An Ethico-Aesthetic Paradigm<\/em>, Indiana University Press, Bloomington, 1995.,  str. 34.<\/p>\n<p><\/span><\/p>\n<\/div>\n<div id=\"ftn38\">\n<p class=\"MsoNormal\" style=\"line-height: 150%;\"><span style=\"font-size: 8.0pt;\"><a name=\"_ftn38\"><\/a><a href=\"#_ftnref38\"><sup>[<span style=\"font-family: 'times new roman', \ntimes;\"><strong>38<\/strong><\/span>]<\/sup><\/a>&nbsp;<br \/>\nPaul  Stern,<em> &bdquo;<\/em>On the Problem of Artistic  Form&ldquo;, <em>Logos<\/em>, vol. V, 1914. \u2013 1915., str.  165-172.<\/p>\n<p><\/span><\/p>\n<\/div>\n<div id=\"ftn39\">\n<p class=\"MsoNormal\" style=\"line-height: 150%;\"><span style=\"font-size: 8.0pt;\"><a name=\"_ftn39\"><\/a><a href=\"#_ftnref39\"><sup>[<span style=\"font-family: 'times new roman', \ntimes;\"><strong>39<\/strong><\/span>]<\/sup><\/a>&nbsp;<br \/>\nCitirano u: Bernard Tschumi<em>, Arhitektura i disjunkcija<\/em>, AGM, Zagreb, 2004., str. 177.<\/p>\n<p><\/span><\/p>\n<\/div>\n<div id=\"ftn40\">\n<p class=\"MsoNormal\" style=\"line-height: 150%;\"><span style=\"font-size: 8.0pt;\"><a name=\"_ftn40\"><\/a><a href=\"#_ftnref40\"><sup>[<span style=\"font-family: 'times new roman', \ntimes;\"><strong>40<\/strong><\/span>]<\/sup><\/a>&nbsp;<br \/>\nWolfgang Schivelbusch, Citirano u: Zlatan Krajina, &ldquo;Lux, Lumen&rdquo;, u sklopu temata <em>Svjetla grada<\/em>,&nbsp;<em>Zarez<\/em>, 340-41 (XIV),  13.9.2012., str. 30.<\/p>\n<p><\/span><\/p>\n<\/div>\n<div id=\"ftn41\">\n<p class=\"MsoNormal\" style=\"line-height: 150%;\"><span style=\"font-size: 8.0pt;\"><a name=\"_ftn41\"><\/a><a href=\"#_ftnref41\"><sup>[<span style=\"font-family: 'times new roman', \ntimes;\"><strong>41<\/strong><\/span>]<\/sup><\/a>&nbsp;<br \/>\nMarschal McLuhan s Harleyjem Parkerom, <em>Counterblast<\/em>, Harcourt, Brace &amp; World, New York, 1969., str. 14. Citirano u: Zlatan Krajina, &bdquo;Exploring Urban Screens&ldquo;, <em>Culture Unbound<em>: Journal of Current Cultural Research<\/em><\/em>, vol. 1, 2009., 412.<br \/>\n<\/span><\/p>\n<\/div>\n<div id=\"ftn42\">\n<p class=\"MsoNormal\" style=\"line-height: 150%;\"><span style=\"font-size: 8.0pt;\"><a name=\"_ftn42\"><\/a><a href=\"#_ftnref42\"><sup>[<span style=\"font-family: 'times new roman', \ntimes;\"><strong>42<\/strong><\/span>]<\/sup><\/a>&nbsp;<br \/>\nMarschal McLuhan, &bdquo;Cinque  dita sovrane tassavano il respitro&ldquo;,uE. Carpenter i M. McLuhan (ur.), <em>La comunicazione di massa<\/em>, La nuova  Italia, Firenze, 1966., str. 254.<\/p>\n<p><\/span><\/p>\n<\/div>\n<div id=\"ftn43\">\n<p class=\"MsoNormal\" style=\"line-height: 150%;\"><span style=\"font-size: 8.0pt;\"><a name=\"_ftn43\"><\/a><a href=\"#_ftnref43\"><sup>[<span style=\"font-family: 'times new roman', \ntimes;\"><strong>43<\/strong><\/span>]<\/sup><\/a>&nbsp;<br \/>\nPrema: Jon Lewis, <em>Essential Cinema<\/em>, Wadsworth, Boston,  2014., str. 97.<\/p>\n<p><\/span><\/p>\n<\/div>\n<div id=\"ftn44\">\n<p class=\"MsoNormal\" style=\"line-height: 150%;\"><span style=\"font-size: 8.0pt;\"><a name=\"_ftn44\"><\/a><a href=\"#_ftnref44\"><sup>[<span style=\"font-family: 'times new roman', \ntimes;\"><strong>44<\/strong><\/span>]<\/sup><\/a>&nbsp;<br \/>\nZlatan  Krajina, &ldquo;Lux, lumen&rdquo;, citat Wolfganga Schivelbuscha u tekstu u okviru temata <em>Svjetla  grada<\/em> urednika Sa\u0161e \u0160imprage, <em>Zarez<\/em>,  340-41 (XIV), 13.9.2012., 29-30. <\/p>\n<p><\/span><\/p>\n<\/div>\n<div id=\"ftn45\">\n<p class=\"MsoNormal\" style=\"line-height: 150%;\"><span style=\"font-size: 8.0pt;\"><a name=\"_ftn45\"><\/a><a href=\"#_ftnref45\"><sup>[<span style=\"font-family: 'times new roman', \ntimes;\"><strong>45<\/strong><\/span>]<\/sup><\/a>&nbsp;<br \/>\nBernard  Tschumi, <em>Arhitektura i disjunkcija<\/em>,  AGM, Zagreb, 2004., str. 11.<br \/>\n<\/span><\/p>\n<\/div>\n<div id=\"ftn46\">\n<p class=\"MsoNormal\" style=\"line-height: 150%;\"><span style=\"font-size: 8.0pt;\"><a name=\"_ftn46\"><\/a><a href=\"#_ftnref46\"><sup>[<span style=\"font-family: 'times new roman', \ntimes;\"><strong>46<\/strong><\/span>]<\/sup><\/a>&nbsp;<br \/>\nIbid., str.  102.<\/p>\n<p><\/span><\/p>\n<\/div>\n<div id=\"ftn47\">\n<p class=\"MsoNormal\" style=\"line-height: 150%;\"><span style=\"font-size: 8.0pt;\"><a name=\"_ftn47\"><\/a><a href=\"#_ftnref47\"><sup>[<span style=\"font-family: 'times new roman', \ntimes;\"><strong>47<\/strong><\/span>]<\/sup><\/a>&nbsp;<br \/>\nDejan Sretenovi\u0107 u  pogovoru knjige:  Lev Manovich, <em>Metamediji<\/em>,  Centar za savremenu umetnost, Beograd, 2001., str. 137. <\/p>\n<p><\/span><\/p>\n<\/div>\n<div id=\"ftn48\">\n<p class=\"MsoNormal\" style=\"line-height: 150%;\"><span style=\"font-size: 8.0pt;\"><a name=\"_ftn48\"><\/a><a href=\"#_ftnref48\"><sup>[<span style=\"font-family: 'times new roman', \ntimes;\"><strong>48<\/strong><\/span>]<\/sup><\/a>&nbsp;<br \/>\nIbid., str. 140.<\/p>\n<p><\/span><\/p>\n<\/div>\n<div id=\"ftn49\">\n<p class=\"MsoNormal\" style=\"line-height: 150%;\"><span style=\"font-size: 8.0pt;\"><a name=\"_ftn49\"><\/a><a href=\"#_ftnref49\"><sup>[<span style=\"font-family: 'times new roman', \ntimes;\"><strong>49<\/strong><\/span>]<\/sup><\/a>&nbsp;<br \/>\nIbid., str. 142-143.<br \/>\n<\/span><\/p>\n<\/div>\n<div id=\"ftn50\">\n<p class=\"MsoNormal\" style=\"line-height: 150%;\"><span style=\"font-size: 8.0pt;\"><a name=\"_ftn50\"><\/a><a href=\"#_ftnref50\"><sup>[<span style=\"font-family: 'times new roman', \ntimes;\"><strong>50<\/strong><\/span>]<\/sup><\/a>&nbsp;<br \/>\nLev Manovich, <em>Metamediji<\/em>, Centar za savremenu  umetnost, Beograd, 2001.,  str. 144.<\/p>\n<p><\/span><\/p>\n<\/div>\n<div id=\"ftn51\">\n<p class=\"MsoNormal\" style=\"line-height: 150%;\"><span style=\"font-size: 8.0pt;\"><a name=\"_ftn51\"><\/a><a href=\"#_ftnref51\"><sup>[<span style=\"font-family: 'times new roman', \ntimes;\"><strong>51<\/strong><\/span>]<\/sup><\/a>&nbsp;<br \/>\nTrewin Copplestone, <em>\u017divot i djelo \u2013 Andy Warhol<\/em>, Mozaik  knjiga, Zagreb, 1995., str. 22.<\/p>\n<p><\/span><\/p>\n<\/div>\n<div id=\"ftn52\">\n<p class=\"MsoNormal\" style=\"line-height: 150%;\"><span style=\"font-size: 8.0pt;\"><a name=\"_ftn52\"><\/a><a href=\"#_ftnref52\"><sup>[<span style=\"font-family: 'times new roman', \ntimes;\"><strong>52<\/strong><\/span>]<\/sup><\/a>&nbsp;<br \/>\nIbid., str. 34-47.<\/p>\n<p><\/span><\/p>\n<\/div>\n<p class=\"MsoNormal\" style=\"line-height: 150%;\">&nbsp;<\/p>\n<p style=\"text-align: center;\" align=\"center\"><strong> <span style=\"font-size: 13.0pt; line-height: 150%;\">Trauma and Identity in Media, Medialisation and Construct<\/span><\/strong><\/p>\n<p class=\"MsoNormal\" style=\"line-height: 150%;\">&nbsp;<\/p>\n<p style=\"margin: 0cm 48.6pt 0.0001pt 54pt; line-height: 170%;\"><em><strong>Abstract<\/strong><\/em><\/p>\n<p class=\"MsoBodyText\" style=\"margin-top: 0cm; margin-right: 48.6pt; margin-bottom: .0001pt; margin-left: 54.0pt; line-height: 150%;\"><span style=\"font-size: 12.0pt; line-height: 150%; font-family: 'Times New Roman';\" lang=\"SR\">&nbsp;<\/span><\/p>\n<p class=\"MsoBodyText\" style=\"margin-top: 0cm; margin-right: 48.6pt; margin-bottom: .0001pt; margin-left: 54.0pt; line-height: 170%;\"><em>Rebecca Randall\u2019s hybrid term \u201cIdeoscape\u201d refers to series of images relating to ideologies and anti-ideologies, for which will I seek to give examples in my text. A special theme is that of the truth-ness of images \u2013 in mass media (media-mediated reality), as opposed to the status of image in contemporary art where it is often used as a medium for anthropological or sociological mapping as well as archiving, according to Hal Foster\u2019s 1990s definition of the Artist \u201cas Ethnographer.\u201d The theme of trauma in the picture is often associated with political or economic connotations of place, which affect the future of man and question the integrity and even sustainability of one\u2019s body. The subnarrative of this text is the inability, impossibility of communication of the traumatized observer, the spectator who \u201creturns from the battlefield\u201d not richer but poorer in terms of communication experience \u2013 according to Walter Benjamin. My text is based on the media-mediated images of traumatic events, as well as the media-constructed reality (reality of media).<\/em><\/p>\n<p class=\"MsoBodyText\" style=\"margin-top: 0cm; margin-right: 48.6pt; margin-bottom: .0001pt; margin-left: 54.0pt; line-height: 170%;\">&nbsp;<\/p>\n<p style=\"margin: 0cm 48.6pt 0.0001pt 54pt; line-height: 170%;\"><strong><em>Key words:<\/em><\/strong> <em>media image, photography, Contemporary Art, interface.<\/em><\/p>\n<p class=\"MsoNormal\" style=\"line-height: 150%;\"><span lang=\"SR\">&nbsp;<\/span><\/p>\n<p><a name=\"2inmediasres13\"><\/a><\/p>\n<p class=\"MsoNormal\" style=\"line-height: 150%;\"><span lang=\"SR\">&nbsp;<\/span><\/p>\n<hr \/>\n<table style=\"width: 755px;\" border=\"0\">\n<tbody>\n<tr>\n<td style=\"width: 215px;\" valign=\"top\"><img loading=\"lazy\" decoding=\"async\" class=\" alignleft size-full wp-image-327\" style=\"float: left;\" src=\"https:\/\/centar-fm.org\/inmediasres\/wp-content\/uploads\/sites\/2\/2018\/09\/inmediasresno1malo13to.png\" alt=\"inmediasresno13malo\" width=\"70\" height=\"103\" \/><\/p>\n<p class=\"MsoNormal\" style=\"line-height: 170%;\">\n <strong>&nbsp;7(13)#13 2018<\/strong> <\/p>\n<\/td>\n<td style=\"width: 315px;\" valign=\"top\">\n<p style=\"line-height: 170%; text-align: center;\">\n<a rel=\"license\" href=\"http:\/\/creativecommons.org\/licenses\/by-nc\/4.0\/\"><img decoding=\"async\" alt=\"Creative Commons licenca\" style=\"border-width:0\" src=\"https:\/\/i.creativecommons.org\/l\/by-nc\/4.0\/88x31.png\" \/><\/a><br \/>\u010casopis je otvorenog pristupa, a ovo djelo je dano na kori\u0161tenje pod licencom <a rel=\"license\" href=\"http:\/\/creativecommons.org\/licenses\/by-nc\/4.0\/\"><strong>Creative Commons Imenovanje-Nekomercijalno 4.0 me\u0111unarodna.<\/strong><\/a><\/p>\n<\/td>\n<td valign=\"top\">\n<p style=\"text-align: right; line-height: 150%;\" align=\"center\"><strong>UDK 659-042.3:159.51-053.2<\/p>\n<p>Stru\u010dni rad<\/p>\n<p>Professional paper<\/p>\n<p>Primljeno: 26.12.2017.<\/strong><\/p>\n<\/td>\n<\/tr>\n<\/tbody>\n<\/table>\n<p class=\"MsoNormal\" style=\"line-height: 150%;\">&nbsp;<\/p>\n<p class=\"MsoNormal\" style=\"line-height: 150%;\">&nbsp;<\/p>\n<p class=\"MsoNormal\" style=\"text-align: center; line-height: 150%;\" align=\"center\"><span style=\"font-size: 15.0pt; line-height: 150%;\">Iva Br\u010di\u0107<\/span><\/p>\n<p style=\"text-align: center; line-height: 150%;\" align=\"center\">Udruga Najsretnija beba Hrvatska, Zagreb<br \/>\nnajsretnijabeba@gmail.com<\/p>\n<p style=\"text-align: center;\" align=\"center\"><strong> <span style=\"font-size: 16.0pt; line-height: 150%;\">Utjecaj medija na gledatelja od najranije do odrasle dobi<\/span><\/strong><\/p>\n<p style=\"text-align: center; line-height: 150%;\" align=\"center\"><a href=\"http:\/\/www.centar-fm.org\/inmediasres\/images\/pdf\/13\/I. Brcic, Utjecaj medija na gledatelja od najranije do odrasle dobi.pdf\"><strong><span style=\"color: #DC0101; font-size: 8.0pt;\"><br \/>\nPuni tekst: pdf (341 KB), Hrvatski, Str. 2019 &#8211; 2027<br \/>\n<\/span><\/strong><\/a><\/p>\n<p class=\"MsoNormal\" style=\"line-height: 150%;\">&nbsp;<\/p>\n<p style=\"margin: 0cm 48.6pt 0.0001pt 54pt; line-height: 170%;\"><strong><em>Sa\u017eetak<\/em><\/strong><\/p>\n<p class=\"MsoBodyText\" style=\"margin-top: 0cm; margin-right: 48.6pt; margin-bottom: .0001pt; margin-left: 54.0pt; line-height: 150%;\"><span style=\"font-size: 12.0pt; line-height: 150%; font-family: 'Times New Roman';\" lang=\"SR\">&nbsp;<\/span><\/p>\n<p class=\"MsoBodyText\" style=\"margin-top: 0cm; margin-right: 48.6pt; margin-bottom: .0001pt; margin-left: 54.0pt; line-height: 170%;\"><em>Mediji danas sve vi\u0161e preuzimaju ulogu roditelja, odgojitelja i nastavnika, a virtualni likovi postaju uzori. Da bismo razumjeli kako mediji utje\u010du na nas, za\u0161to imamo odre\u0111ene emotivne reakcije, te za\u0161to se pona\u0161amo na odre\u0111eni na\u010din, moramo i\u0107i na po\u010detak, u vrijeme  kad smo bili fetusi,  kad  nismo bili zasi\u0107eni  brojnim informacijama, kad komunikacija nije bila puna \u0161umova. Upravo u toj najranijoj dobi mo\u017eemo promatrati jednostavne principe komunikacije koje mediji kasnije koriste kako bi privukli pa\u017enju gledatelja, te sadr\u017eaj u\u010dinili privla\u010dnijim. U ovom radu pa\u017enja \u0107e biti usmjerena na reklame, filmove i video igre. Analizirat \u0107e se na koji  na\u010din koriste biolo\u0161ke predispozicije i uro\u0111ene instinkte kako bi privukli gledatelje. Tako\u0111er \u0107e se analizirati sociolo\u0161ki i psiholo\u0161ki razlozi njihove popularnosti, te posljedice njihovog utjecaja na pojedinca i dru\u0161tvo.<br \/>\n<\/em><\/p>\n<p class=\"MsoBodyText\" style=\"margin-top: 0cm; margin-right: 48.6pt; margin-bottom: .0001pt; margin-left: 54.0pt; line-height: 170%;\">&nbsp;<\/p>\n<p style=\"margin: 0cm 48.6pt 0.0001pt 54pt; line-height: 170%;\"><strong><em>Klju\u010dne rije\u010di:<\/em><\/strong> <em>mediji, utjecaj medija, filmovi, reklame, video igre, djeca, pozornost gledatelja.<\/em><\/p>\n<p class=\"MsoBodyText\" style=\"margin-top: 0cm; margin-right: 48.6pt; margin-bottom: .0001pt; margin-left: 54.0pt; line-height: 170%;\">&nbsp;<\/p>\n<p class=\"MsoNormal\" style=\"line-height: 150%;\">&nbsp;<\/p>\n<p class=\"MsoNormal\" style=\"line-height: 170%;\"><strong>Razvoj osjetila kod fetusa<\/strong><\/p>\n<p class=\"MsoNormal\" style=\"line-height: 170%;\">U ovom radu pa\u017enja \u0107e se usmjeriti na osjetila koja pridonose razumijevanju  razvoja komunikacije te utjecaja medija prije svega na vid i sluh,  pomo\u0107u kojih primamo najvi\u0161e informacija iz  okoline, i putem kojih mediji najvi\u0161e ostvaruju svoj utjecaj. Po\u010deci  komunikacije javljaju se jo\u0161 u fetalnoj fazi. Ve\u0107 tada fetus reagira na  emotivna stanja majke.  Smirena i sretna  majka pridonijet \u0107e  smirenosti i  osje\u0107aju sigurnosti fetusa, dok \u0107e   maj\u010din osje\u0107aji straha ili uznemirenosti  uzrokovati   sna\u017enu reakciju . Fetus se  mo\u017ee  primiriti do te mjere da majka danima  ne\u0107e  osjetiti njegove pokrete ili \u0107e pak  postati iznimno nemiran, \u0161to mo\u017ee trajati satima. Fetus reagira na dodire,  zvukove, okuse, mirise i svjetlost. Roditelji ve\u0107 u ovoj fazi mogu komunicirati  s njim, utjecati na njega i stvarati emotivne veze. <\/p>\n<p class=\"MsoNormal\" style=\"line-height: 170%;\">Osjet dodira se razvija oko tre\u0107eg tjedna trudno\u0107e. To je vrijeme kada se  fetus po\u010dinje okretati i majka to mo\u017ee osjetiti. Svaki put kada fetus osjeti  dodir preko maj\u010dinog trbuha, uzvratit \u0107e gurkanjem kako bi potaknuo roditelje  na ponovni kontakt. Otprilike u isto vrijeme po\u010dinje i razvoj sluha. Ono \u0161to  fetus u po\u010detku \u010duje je kolanje krvi, kucanje maj\u010dinog srca, te rad crijeva  majke i to otprilike oko 90 dB glasno\u0107e. Kasnije, kako se sluh razvija, u stanju  je \u010duti zvukove iz okoline na koje reagira.<a name=\"_ftnref53\"><\/a><a href=\"#_ftn53\"><sup>[<span style=\"font-family: 'times new roman', times;\"><strong>53<\/strong><\/span>]<\/sup><\/a>Po\u010dinje  raspoznavati  glasove oca i majke koji su  mu posebno zanimljivi. Visoki i iznenadni tonovi \u0107e ga upla\u0161iti, dok \u0107e ga  niski umiriti. Spomenuti zvukovi unutar maj\u010dinog tijela, te maj\u010din i o\u010dev glas  pripadaju niskim, umiruju\u0107im tonovima.<\/p>\n<p class=\"MsoNormal\" style=\"line-height: 170%;\">Zadnji osjet koji se razvija je vid. O\u010di su zatvorene sve do dvadeset i  \u0161estog tjedna trudno\u0107e, ali unato\u010d tome retina oka u stanju je detektirati  svjetlost. Jednom kada se o\u010di otvore, fetus vidi nje\u017enu crvenu ili naran\u010dastu  svjetlost koja se probija kroz maj\u010dinu ko\u017eu. Tako\u0111er je utvr\u0111eno da fetusi  reagiraju na svjetlo bilo ono iz umjetnog ili prirodnog izvora. Odnosno,  poku\u0161at \u0107e se maknuti od njega ili zatvoriti o\u010di. Ono \u0161to mu je posebno  zanimljivo je trepere\u0107e svjetlo.<a name=\"_ftnref54\"><\/a><a href=\"#_ftn54\"><sup>[<span style=\"font-family: 'times new roman', times;\"><strong>54<\/strong><\/span>]<\/sup><\/a> Iako  nije znanstveno potvr\u0111eno, mogu\u0107e je da fetusi vide i fosfene. To su vidni  do\u017eivljaji izazvani neadekvatnim mehani\u010dkim ili elektri\u010dnim podra\u017eivanjem oka.  Do\u017eivljaj se opisuje kao bljesak razli\u010ditih svijetlih boja (javljaju se nijanse  crvene, ru\u017ei\u010daste i \u017eute boje) ili kao sive mrlje razli\u010dite svjetline. Fetus to  mo\u017ee prouzro\u010diti slu\u010dajnim udarcem prsta u oko dok poku\u0161ava sisati palac. <\/p>\n<p class=\"MsoNormal\" style=\"line-height: 170%;\">Sve navedeno nam pokazuje da komunikacija po\u010dinje puno prije nego \u0161to  pojedinac razvije sposobnost razumijevanja govora tijela i jezika. U ovoj ranoj  fazi komunikacija prije svega slu\u017ei kako bi osigurala fetusu pre\u017eivljavanje  nakon poroda. U radu \u0107e biti detaljnije obja\u0161njeno na koji na\u010din mediji koriste  ono \u0161to nas aktivira i emotivno anga\u017eira u ovoj fazi \u017eivota, kako bi utjecali  na publiku i njezine odluke.<\/p>\n<p class=\"MsoNormal\" style=\"line-height: 170%;\"><strong>&nbsp;<\/strong><\/p>\n<p class=\"MsoNormal\" style=\"line-height: 170%;\"><strong>Razvoj osjetila kod beba<\/strong><\/p>\n<p class=\"MsoNormal\" style=\"line-height: 170%;\">Ono \u0161to prvo vidi su obrisi, odnosno, odnosi svjetla i sjene. Prve boje  koje raspoznaje su zapravo akromatske boje, odnosno, crna, bijela i siva. S  otprilike \u010detiri mjeseca beba po\u010dinje raspoznavati samo jarke boje jer centri za vid jo\u0161 nisu dovoljno razvijeni za  raspoznavanje pastelnih tonova. Prve boje koje vidi su \u017euta, crvena, plava i potom  zelena. To su ujedno i boje koje se najvi\u0161e pojavljuju u prirodi, te se najvi\u0161e  koriste u medijima jer izazivaju unificiranu reakciju bez obzira u kojem dijelu  svijeta se prikazuju.<\/p>\n<p class=\"MsoNormal\" style=\"line-height: 170%;\">Bebi su iznimno zanimljivi  i geometrijski oblici. Naime, tih oblika nema u prirodi i predstavljaju dodatnu  stimulaciju za mozak, a bebe instinktivno tra\u017ee ono \u0161to \u0107e pridonijeti njihovom  razvoju. To je i jedan od razloga zbog \u010dega se geometrijski oblici pojavljuju u  umjetnosti, arhitekturi i dizajnu. Ostaju predmetom fascinacije te stimulacije  i u kasnijoj dobi. Osim \u0161to instinktivno tra\u017ei odnose svjetla i sjene, te  geometrijske oblike, beba je biolo\u0161ki predodre\u0111ena da tra\u017ei i vidi ljudska  lica. Ona sadr\u017ee pokret, kontraste i zvuk, odnosno, pru\u017eaju  dodatnu stimulaciju. Beba ostvaruje prvu  komunikaciju s roditeljima pomo\u0107u mimike lica, koja u kombinaciji s tonom glasa  slu\u017ei razumijevanju situacija i okoline. To je i jedan od razloga zbog \u010dega  je odabir glumaca toliko va\u017ean. Ako im lice  nije dovoljno izra\u017eajno, publika se ne\u0107e s njima povezati, izostat \u0107e emotivna  reakcija i film ne\u0107e ostvariti \u017eeljeni dojam.<\/p>\n<p class=\"MsoNormal\" style=\"line-height: 170%;\">Bebe u vrlo ranoj dobi reagiraju i na pokretne slike na televizijskim  ekranima, monitorima, tabletima i pametnim telefonima. Razlog le\u017ei u  orijentacijskom odazivu. Rije\u010d je o vizualnoj ili auditornoj reakciji koja se  instinktivno javlja na novi ili iznenadni podra\u017eaj, dovode\u0107i tijelo u stanje  borbe ili bijega. Aktiviraju ga stvarni doga\u0111aji, ali i video materijali,  odnosno njihovi oblici. Upravo zato \u0161to je orijentacijski odaziv instinktivna i  nesvjesna reakcija organizma, poti\u010de se reklamama i akcijskim prizorima kako bi  publika ostala u pobu\u0111enom stanju, te usmjerena na sadr\u017eaj. Kod gledatelja  dolazi do usporavanja rada srca, su\u017eavanja krvnih \u017eila koje vode krv u mi\u0161i\u0107e,  \u0161irenja krvnih \u017eila koje vode krv u mozak, te privremene blokade alfa valova  koji predstavljaju stanje opu\u0161tenosti mozga. Sve to pridonosi aktivaciji  amigdale, dijela limbi\u010dkog sustava, koji je zadu\u017een za prepoznavanje opasnosti  i reakcije tijela. \u010cetiri do \u0161est sekundi nakon podra\u017eaja tijelo se ponovo  smiruje, odnosno opada pa\u017enja gledatelja. Kako bi se to izbjeglo, orijentacijski  odaziv se svake sekunde poti\u010de pomo\u0107u brze monta\u017ene izmjene, promjene kuta  kamere, zumiranja, te iznenadnih zvukova. Pokazalo se da do deset rezova u  dvije minute poti\u010de pam\u0107enje, dok sve \u0161to je iznad, uzrokuje preoptere\u0107enje  koje uvjetuje opadanje sposobnosti za raspoznavanje sadr\u017eaja.<a name=\"_ftnref55\"><\/a><a href=\"#_ftn55\"><sup>[<span style=\"font-family: 'times new roman', times;\"><strong>55<\/strong><\/span>]<\/sup><\/a> Zato  bebe izvijaju tijelo u ekstremne poze ne bi li vidjele i\/ili \u010dule izvor, bez  obzira \u0161to vjerojatno ne mogu percipirati sadr\u017eaj. <\/p>\n<p class=\"MsoNormal\" style=\"line-height: 170%;\">U ovoj ranoj fazi \u017eivota mozak mora prikupiti iznimno puno informacija kako  bi na temelju njih mogao u\u010diti i stvarati reference za sve ono \u0161to \u0107e dijete  kasnije vidjeti i do\u017eivjeti. Zbog toga mala djeca imaju sposobnost vidjeti ono  \u0161to odrasli ne mogu, a u dobi izme\u0111u tri i pet godina ju gube. Mozak je  pohranio informacije i vi\u0161e nema potrebe usmjeravati se na detalje.<a name=\"_ftnref56\"><\/a><a href=\"#_ftn56\"><sup>[<span style=\"font-family: 'times new roman', times;\"><strong>56<\/strong><\/span>]<\/sup><\/a> Me\u0111utim, filmska industrija je odraslima ponovo omogu\u0107ila da u\u017eivaju u  sposobnostima dje\u010djeg oka. Primjenom 48 i vi\u0161e sli\u010dica u sekundi (umjesto 24  \u0161to je standard u kinima, odnosno 25 i 30 na televiziji), gledatelji mogu  u\u017eivati u detaljima koje prije nisu bili u stanju vidjeti. Slika je postala  puno \u010di\u0161\u0107a s mno\u0161tvom  detalja, pokreti  gla\u0111i, i prilikom prikazivanja pokreta izbjegnuta je mutno\u0107a slike. Razlog tome  je da je broj od 48 sli\u010dica u sekundi bli\u017ei onome \u0161to oko stvarno vidi. Naime, film  je niz stati\u010dnih sli\u010dica koje se prikazuju pri odre\u0111enoj frekvenciji kako bi se  dobio dojam pokreta. Andrew Jackson i Kevin Healy s Tinity fakulteta u Dublinu  su proveli niz eksperimenata kako bi utvrdili koja je to kriti\u010dna  frekvencija treperenja pri kojoj stati\u010dna slika postaje pokret u stvarnom  vremenu. Do\u0161li su do zaklju\u010dka da je kriti\u010dna  frekvencija treperenja ljudskog oka oko 60 sli\u010dica u sekundi.<a name=\"_ftnref57\"><\/a><a href=\"#_ftn57\"><sup>[<span style=\"font-family: 'times new roman', times;\"><strong>57<\/strong><\/span>]<\/sup><\/a> Me\u0111utim  kroz stolje\u0107e primjene 24 sli\u010dice u sekundi, ljudsko je oko  naviklo na iluziju da su sve te nesavr\u0161enosti  na filmu realni prikaz stvarnosti.  <\/p>\n<p class=\"MsoNormal\" style=\"line-height: 170%;\">Bebe u po\u010detku slabo \u010duju. Dok odrasla osoba mo\u017eete \u010duti \u0161apat s udaljenosti od otprilike  1.5 metara, bebe s te udaljenosti mogu \u010duti samo ako se govori normalnom ja\u010dinom  glasa. Ba\u0161 kao i kod fetusa, visoki tonovi ih uznemiravaju i pla\u0161e, a niski  smiruju i pru\u017eaju osje\u0107aj sigurnosti. Mediji zvukove vrlo vje\u0161to primjenjuju  kako bi utjecali na publiku. Zvukovi poput \u0161uma valova koriste se za do\u010daravanje  opu\u0161taju\u0107e atmosfere u filmu. Ba\u0161 kao i bijeli \u0161um, oni podsje\u0107aju na zvukove u  maternici koji ve\u0107 u najranijim stadijima trudno\u0107e fetusu pru\u017eaju osje\u0107aj  sigurnosti. Visoki tonovi, iznenadni i neobi\u010dni zvukovi pak sugeriraju opasnost  (vri\u0161tanje, \u0161kripanje guma). Na njih publika reagira nesvjesno i  vrlo intenzivno, jer su nekada zna\u010dili  opasnost po \u017eivot (tigar koji lomi grane, ptice koje krije\u0161te i najavljuju  grabe\u017eljivca). Osim zvuka, koristi se i ti\u0161ina. Ona je povezana s nesigurno\u0161\u0107u  i prijetnjom. Kao fetusi smo stalno ne\u0161to \u010duli,  nedostatak zvuka nam je neprirodan i izaziva  strah. Ve\u0107 po ro\u0111enju beba se poku\u0161ava ja\u010de usredoto\u010diti na bilo koji zvuk jer  ju ti\u0161ina pla\u0161i. Upravo je ti\u0161ina jedan od uzroka pla\u010da kada je ostavljena sama  u sobi.   <\/p>\n<p class=\"MsoNormal\" style=\"line-height: 170%;\"><strong>&nbsp;<\/strong><\/p>\n<p class=\"MsoNormal\" style=\"line-height: 170%;\"><strong>Primjena dje\u010dje komunikacije u medijima<\/strong><\/p>\n<p class=\"MsoNormal\" style=\"line-height: 170%;\">U medijima se najvi\u0161e koristi verbalna komunikacija i to  na dva na\u010dina: Prvi je komunikacija izme\u0111u glumaca koja poti\u010de kod gledatelja  znati\u017eelju ba\u0161 kao i kod djece. Naime, kod djece se koristi metoda ogovaranja  ili \u0161aptanja kako bi ih se potaknulo na neku po\u017eeljnu radnju ili pona\u0161anje, dok   ljudi op\u0107enito imaju tendenciju da dodatno  usmjere svoju pa\u017enju na razgovor u blizini. Drugi na\u010din je komunikacija izme\u0111u  glumca i gledatelja. Kada nam se u komunikaciji netko obra\u0107a, spontano se  usmjeravamo na onoga tko govori i zapravo je poprili\u010dno te\u0161ko odvratiti pa\u017enju.  Ova metoda se \u010desto koristi u reklamama kako bi se anga\u017eiralo potencijale kupce  i zadr\u017eala njihova pa\u017enja. <\/p>\n<p class=\"MsoNormal\" style=\"line-height: 170%;\">Osim verbalne komunikacije  korisiti se neverbalna i subliminalna. Ona se  prije svega odnosi na mimiku lica, govor tijela i pokret o\u010diju. I dok verbalna  komunikacija slu\u017ei za izbjegavanje nesporazuma, pru\u017eanje dodatnih informacija  te uvjeravanje, neverbalna slu\u017ei za povezivanje s gledateljima i utjecanje na  odlu\u010divanje. Subliminalne poruke predstavljaju stimulans koji se nalazi ispod  svjesne granice percepcije. Na taj na\u010din utje\u010du na misli, osje\u0107aje i radnje. Glavni  razlog njihovog kori\u0161tenja je poticanje promjene uvjerenja, prihva\u0107anje i  \u0161irenje novih informacija. S obzirom na na\u010din na koji utje\u010du na gledatelje, mogu  se podijeliti u tri skupine: <em>subvizualne<\/em> &#8211; brzi bljeskovi unutar  sadr\u017eaja s porukom koju ne mo\u017eemo vidjeti,  <em>subauditorne<\/em> &#8211; ti\u0161e poruke   ni\u017eih frekvencija (-20 Hz) umetnute u zvu\u010dne zapise te <em>reverzibilne<\/em> \u2013  poruke  koje se \u010duju pu\u0161tanjem snimke unatrag.<\/p>\n<p class=\"MsoNormal\" style=\"line-height: 170%;\">Razlog svjetske popularnosti  Djeda mraza u cijelom svijetu je uvjetovan  subliminarnim porukama. Njegovo okruglo lice, plave o\u010di, pr\u0107asti nos, te  bucmasti rumeni obrazi su zapravo karakteristike lica male bebe. Mi smo  biolo\u0161ki predodre\u0111eni da sa simpatijama i rado\u0161\u0107u reagiramo na takva lica. Na  taj se na\u010din osigurava stvaranje sna\u017ene emotivne veze izme\u0111u roditelja i djece,  te pobu\u0111uje potreba da se djetetu pomogne. U kombinaciji s bijelom bojom kose i  brade (koja simbolizira dobrotu i nevinost) te crvenom bojom odje\u0107e (simbolizira  prijateljstvo i bri\u017enost) , dobila se savr\u0161ena maskota kojoj nitko ne mo\u017ee  odoljeti.<\/p>\n<p class=\"MsoNormal\" style=\"line-height: 170%;\">Navedene metode komunikacije u medijima zapravo se temelje  na metodama dje\u010dje komunikacije. Prvi oblik komunikacije koji djeca primjenjuju  je neverbalna komunikacija i slu\u017ei usmjeravanju pa\u017enju roditelja na ono \u0161to  dijete \u017eeli. Tako recimo, kada dijete \u017eeli neku igra\u010dku, ono \u0107e uperiti prstom  prema njoj. Upravo to rade glumci u reklamama kada rukom sugeriraju gledatelju  na \u0161to treba usmjeriti pogled. Razvojem govora djeca  se sve vi\u0161e koriste verbalnom komunikacijom  koja slu\u017ei za izra\u017eavanje potreba i \u017eelja. Ba\u0161 kao i u medijima, glava uloga  joj je povezivanje, uvjeravanje i utjecanje na odluke. Tehnike poput ponavljanja  jednostavnih poruka, slogani, melodije, povezivanje s idolima  djetinjstva, efekt sudjelovanja, pri\u010de,  boje\/animacija, te subliminalne poruke, svoje temelje imaju u dje\u010djem jeziku.  On se sastoji od ponavljanja, jednostavnih poruka, gesti i mimike lica, te  odgovaraju\u0107eg tona glasa. Tako recimo  princip tv spotova je ponavljanje jednostavnih  i kratkih poruka jer one puno lak\u0161e dopiru do publike \u010dija je komunikacija  prepuna \u0161umova i brojnih informacija. <\/p>\n<p class=\"MsoNormal\" style=\"line-height: 170%;\">Povezivanje s idolima ide daleko u djetinjstvo. Jo\u0161 kao  beba, pojedinac se nastoji povezati sa svojim uzorima odnosno roditeljima, i  biti poput njih. Kasnije ulogu idola preuzimaju osobe iz politike i javnog  \u017eivota. Mediji vrlo vje\u0161to koriste i \u010dinjenicu da su ljudi dru\u0161tvena bi\u0107a, te  da \u017eele biti dio cjeline. Ba\u0161 zato je mogu\u0107e privoliti brojne kupce da kupuju.  Nitko ne \u017eeli biti izoliran iz ne\u010deg \u0161to je prikazano kao ne\u0161to posebno i \u0161to  svi ostali rade. Pri\u010danje pri\u010da je jedna od najdra\u017eih obiteljskih aktivnosti.  Na taj na\u010din se roditelji i djeca me\u0111usobno emotivno povezuju i zabavljaju.  Upravo to mediji nastoje ostvariti s publikom, a u tome im poma\u017eu boje,  animacija i subliminalne poruke. <\/p>\n<p class=\"MsoNormal\" style=\"line-height: 170%;\">Prema istra\u017eivanju Kissmetricsa koji se bavi istra\u017eivajem tr\u017ei\u0161ta i  pona\u0161anja kupaca \u010dak 85% kupaca  kupnju temelji na bojama. One izazivaju sna\u017enu,  brzu i spontanu emotivnu reakciju, usmjeravaju pa\u017enju i prenose subliminalne  poruke. U medijima se koriste prije svega za manipulaciju do\u017eivljaja, pona\u0161anja  i aktivaciju emocija, posebice primarnih emocija (radost, \u017ealost, strah,  ga\u0111enje, srd\u017eba, iznena\u0111enje). One su nam uro\u0111ene i javljaju se ve\u0107 u prvim  mjesecima \u017eivota. Nastaju brzo i spontano, imaju univerzalnu facijalnu ekspresiju  (otkrio Charles Darwin) i u razli\u010ditim kulturama ih uzrokuju sli\u010dni doga\u0111aji. Boje se vrlo  pa\u017eljivo biraju kada se radi o osmi\u0161ljavanju kostima za filmske junake. O njima  ovisi kako \u0107e ih publika do\u017eivjeti, te koje poruke \u0107e prenijeti. Tako na  primjer kostim Supermana sadr\u017ei crvenu boju koja simbolizira ljubav, mo\u0107 i  snagu. \u017duta je vezana za mudrost, idealizam, optimizam, dok plava zna\u010di  iskrenost, pouzdanost, te vjeru. Da je kojim slu\u010dajem njegov kostim u  kombinacijama zelene i crne, publika bi ga potpuno druk\u010dije do\u017eivjela, ba\u0161 kao  i njegove namjere.<\/p>\n<p class=\"MsoNormal\" style=\"line-height: 170%;\">Jarke boje su neizbje\u017ene i u animaciji. U kombinaciji s  brzom izmjenom kadrova i likovima s kojima se lako povezati, one slu\u017ee za  o\u017eivljavanje ma\u0161te gledatelja, pogotovo djece koja \u017eive u dva svijeta. Jedan je  svijet odraslih, a drugi njihov svijet, svijet ma\u0161te. I dok im je prvi poprili\u010dno  nejasan, \u010dudan i pomalo dosadan sa svim silnim pravilima i zabranama, u dje\u010djem  svijetu sve je mogu\u0107e. Pomo\u0107u ma\u0161te djeca stvaraju nove svjetove, postaju super  junaci i za njih vrijede sasvim druk\u010dija pravila. Animacija je zapravo neka  vrsta spoja tih dvaju svjetova. Tako na primjer u Kelloggsovoj reklami za Frosted Flakes glavnu ulogu ima animirani tigar.  Djeca vole \u017eivotinje, a njihovo animiranje i davanje ljudskih osobina \u010dini ih  jo\u0161 privla\u010dnijima i bliskijima. Kod tigra se mo\u017ee prepoznati i subliminalni  utjecaj kojim se \u017eeli utjecati na djecu. Njegova naran\u010dasta boja poti\u010de glad,  pa je vrlo vjerojatno da \u0107e nakon reklame djeca biti gladna i zahtijevati ba\u0161  Frosted Flakes.   <\/p>\n<p class=\"MsoNormal\" style=\"line-height: 170%;\"><strong>&nbsp;<\/strong><\/p>\n<p class=\"MsoNormal\" style=\"line-height: 170%;\"><strong>Virtualna socijalizacija<\/strong><\/p>\n<p class=\"MsoNormal\" style=\"line-height: 170%;\">Mediji mudro koriste principe estetike takve kao \u0161to su: hipernormalni  podra\u017eaj, isticanje zna\u010dajke, izolacija i perceptualno  rje\u0161avanje problema. Hipernormalni podra\u017eaj  usko je vezan uz orijentacijski odaziv. Uvjetovan je ne\u010dim neobi\u010dnim i  druga\u010dijim, a poti\u010de aktivaciju ve\u0107eg broja neurona i njihovo me\u0111usobno  povezivanje u nove neuronske mre\u017ee, \u0161to pridonosi kognitivnom razvoju. Mediji  ga umjetno poti\u010du brzom izmjenom monta\u017enih elemenata, bojama, te neobi\u010dnim i  iznenadnim zvukovima. U reklamama se \u010desto koriste principi isticanja zna\u010dajke  i izolacije. Prvi je usko vezan za u\u010denje, a drugi za usmjeravanje pa\u017enje na  ono \u0161to je va\u017eno. Poznati primjer primjene isticanja zna\u010dajki je reklama za  \u0161pinat u kojoj se nagla\u0161avaju Popajeve sna\u017ene ruke nakon \u0161to pojede \u0161pinat.  Djeca su nakon gledanja reklama zaklju\u010dila da \u0107e i ona biti tako sna\u017ena, te je  naglo porasla prodaja \u0161pinata. Perceptualno  rje\u0161avanje problema jedan je od glavnih razloga popularnosti video igara. To je  koncept prema kojem zadovoljstvo pru\u017ea i sam \u010din tra\u017eenja, ne samo pronalazak  predmeta.<a name=\"_ftnref58\"><\/a><a href=\"#_ftn58\"><sup>[<span style=\"font-family: 'times new roman', times;\"><strong>58<\/strong><\/span>]<\/sup><\/a> Upravo se na tome temelji ve\u0107ina video igara koje igra oko 1.8 milijardi ljudi, prosje\u010dne starosti 35 godina izme\u0111u 10  i 15 sati dnevno. <\/p>\n<p class=\"MsoNormal\" style=\"line-height: 170%;\">Video igre pru\u017eaju uvid u novi oblik socijalizacije.  Igre zahtijevaju racionalizaciju, sposobnost snala\u017eenja i osiguravanje  sredstava za pre\u017eivljavanje. Igra\u010di me\u0111usobno sura\u0111uju kako bi osmislili  vlastite likove, ostvarili vlastite ciljeve igre, te izgradili digitalne  svjetove koji su za neke igra\u010de ugodniji od \u017eivljenja u stvarnom svijetu.  Jednom rije\u010dju, video igre pridonose razvoju virtualne socijalizacije gdje  razlike u spolu, dobi, rasi, te vjeri nisu bitne. Jedino \u0161to je va\u017eno je koliko  se pridonosi zajedni\u010dkom cilju. Mladi tako\u0111er tra\u017ee prihva\u0107anje, potvrdu i  odobravanje pona\u0161anja me\u0111u igra\u010dima jer \u010desto to ne mogu na\u0107i u stvarnom  svijetu. Mnogi od njih \u010desto do\u017eivljavaju nerazumijevanje ili pak odbacivanje  od bliskih osoba i zajednice. <\/p>\n<p class=\"MsoNormal\" style=\"line-height: 170%;\">Entuzijazam koji pobu\u0111uju video igre mo\u017ee se  razviti u ovisnost ili probleme u obavljanju obaveza u stvarnom svijetu. Tvorci  video igara koriste operantno uvjetovanje, odnosno u\u010denje na posljedicama kako  bi igra\u010de namjerno u\u010dinili ovisnima. Psiholozi su otkrili da pojedinac nau\u010di  kako reagirati na odre\u0111ene podra\u017eaje ako ga se za to nagra\u0111uje. Da bi potaknuli  igra\u010de na kontinuirano igranje, u igrice se uvodi raspored nagrada koje su vrlo  po\u017eeljne, te pobu\u0111uju daljnju \u017eelju za igrom.<a name=\"_ftnref59\"><\/a><a href=\"#_ftn59\"><sup>[<span style=\"font-family: 'times new roman', times;\"><strong>59<\/strong><\/span>]<\/sup><\/a> Kada u video igrici igra\u010d zbog pogre\u0161aka ne uspije prije\u0107i nivo, ide ponovo  poku\u0161avaju\u0107i ne ponoviti u\u010dinjene pogre\u0161ke kako bi kona\u010dno do\u0161ao do \u017eeljene nagrade.  Upravo su taj put i ulo\u017een trud da se do\u0111e do nagrade ono \u0161to uvjetuje lu\u010denje  dopamina, hormona ugode. To se mo\u017ee jasno vidjeti u pona\u0161anju male djece. Ona \u0107e  recimo radije pospremiti igra\u010dke ako ih roditelji zbog toga pohvale, nego ako  za to dobiju konkretnu nagradu. Pohvale poti\u010du lu\u010denje dopamina i dijete \u0107e opet  raditi  one radnje koje mu donose ugodu,  ba\u0161 ako i igra\u010di video igara. <\/p>\n<p class=\"MsoNormal\" style=\"line-height: 170%;\">Nasilje je tako\u0111er bitan razlog uspjeha video igara. Iako  je prisutno i u filmovima, tamo se  konzumira pasivno , za razliku od video igara  gdje se u njemu aktivno u\u010destvuje od najmla\u0111ih dana. Nasilje kod gledatelja  pobu\u0111uje strah koji je primarna emocija koja izaziva najsna\u017eniju  reakciju, i za mnoge je feti\u0161 poput  ekstremnih sportova  jer aktivira navalu  andrenalina i pokre\u0107e reakciju borbe ili bijega. Nakon \u0161to je tijelo do\u017eivjelo  ugodu ili uzbu\u0111enje, aktiviraju se zrcalni neuroni koji opona\u0161aju one radnje  koje \u0107e ponovo pridonijeti istom osje\u0107aju. To je jedan od razloga za\u0161to djeca nakon  igranja igrica postaju nasilna ili hiperaktivna. Problem predstavlja i nasilje  koje se u filmovima i animiranim filmovima prikazuje sterilizirano i s  minimalnim posljedicama ili se opravdava kao sredstvo da glavni junak do\u0111e do  cilja. Djeca ga po\u010dinju usvajati kao normalno. Prema njihovoj logici ni\u0161ta se  lo\u0161e nije dogodilo jer nitko nije stradao. Kako  mediji imaju sve vi\u0161e utjecaja, tako virtualni likovi postaju idoli koji se  opona\u0161aju bez obzira koliko njihovi postupci bili lo\u0161i ili opasni. Prema  dje\u010djem na\u010dinu razmi\u0161ljanja oni su junaci koji uvijek \u010dine ono \u0161to je ispravno  i dobro. To s vremenom dovodi do gubitka sposobnosti razlikovanja dobrog od  lo\u0161eg \u0161to nije jedini problem. Zbog premalo kretanja djeca sve vi\u0161e imaju  problema s pretilo\u0161\u0107u i dijabetesom.<\/p>\n<p class=\"MsoNormal\" style=\"line-height: 170%;\">Kroz reklame se propagira odre\u0111eni fizi\u010dki izgled koji  samo rijetki mogu posti\u0107i ili koji je stvoren kroz brojne grafi\u010dke  manipulacije. Kod adolescenata koji su svjesni svojih promjena na tijelu i koji  prolaze kroz brojne hormonalne promjene  to dovodi do gubitka samopouzdanja, razvoja  iskrivljene slike o vlastitom tijelu, te do poreme\u0107aja u ishrani poput bulimije  ili anoreksije. U reklamama se \u010desto na suptilan na\u010din propagira seksualno ili  nezdravo pona\u0161anje koje mladi opona\u0161aju kako bi bili prihva\u0107eni me\u0111u  vr\u0161njacima. Osim toga, problem je i nasilje koje je sve prisutnije u sadr\u017eajima  za mlade. Do\u017eivljavaju ga kao normalni oblik pona\u0161anja  kojim mogu rje\u0161avati svoje probleme te gube  empatiju, a ponekad i mogu\u0107nost razlu\u010divanja fikcije od stvarnosti. Sve to  dovodi do sukoba unutar obitelji, s okolinom i vlastima. Primjer ekstremnog  utjecaja medija na delinkventno pona\u0161anje mladih je film Matrix. On se zasniva  na ideji da je svijet iluzija manipulirana kompjuterima. U SAD-u su se godine 2000.  dogodila dva ubojstva i jedno 2003. , a njihovi po\u010dinitelji su slijedom  filozofije filma imali do\u017eivljaj da je stvarnost iluzija, odnosno smatrali su  da se ubojstva nisu niti dogodila  ve\u0107 da  su privid. <strong><\/strong><\/p>\n<p class=\"MsoNormal\" style=\"line-height: 170%;\"><strong>&nbsp;<\/strong><\/p>\n<p class=\"MsoNormal\" style=\"line-height: 170%;\"><strong>Zaklju\u010dak:<\/strong><\/p>\n<p class=\"MsoNormal\" style=\"line-height: 170%;\">Danas kao nikad prije mediji imaju ogroman utjecaj na  pojedinca i dru\u0161tvo. Oni su postali izvori znanja, informacija i tvorci  dru\u0161tvenih vrijednosti. Kod odraslih se sve vi\u0161e javlja gubitak kriti\u010dkog  razmi\u0161ljanja. Mediji su postali izvori informacija koje se kriti\u010dki ne  propituju, ve\u0107 se prihva\u0107aju kao takve. Ba\u0161 kao i kod adolescenata, filmovi i  video igre slu\u017ee kao bijeg od stvarnosti i problema. Oni pru\u017eaju u\u017eitak i  uzbu\u0111enje koje svakodnevni \u017eivot nema. Video igre poti\u010du i ovisnost do te mjere  da pojedinci zanemaruju svoje obitelji, te osnovne \u017eivotne potrebe, poput sna i  hrane. Porast bolesti kardiovaskularnog sustava su u porastu, ba\u0161 kao pretilost  i dijabetes. <\/p>\n<p class=\"MsoNormal\" style=\"line-height: 170%;\">U vrijeme kada roditelji sve vi\u0161e izbivaju iz ku\u0107e i  sve manje sudjeluju u odgoju djece i op\u0107enito u njihovim \u017eivotima, uzori,  odgojitelji i prijatelji postaju imaginarni likovi koji postaju oli\u010denje svega  onoga \u0161to djeca i mladi \u017eele i nastoje dobiti od roditelja. Mediji pru\u017eaju bijeg od stvarnosti i pridonose  razvoju virtualne socijalizacije koja na emotivnoj razini ispunjava pojedinca  gotovo poput fizi\u010dke. Obitelj kao zajednica zadu\u017eena za primarnu socijalizaciju  gubi autoritet, a grupe vr\u0161njaka koje dijele specifi\u010dan virtualan svijet  postaju sve va\u017enije Takve skupine djece postaju izolirane od odraslih, a  njezini \u010dlanovi prisiljeni u\u010diti jedni od drugih, \u0161to dovodi do razvojne  stagnacije.<\/p>\n<p class=\"MsoNormal\" style=\"line-height: 150%;\">&nbsp;<\/p>\n<hr align=\"left\" size=\"1\" width=\"33%\" \/>\n<div id=\"ftn53\">\n<p class=\"MsoNormal\" style=\"line-height: 150%;\"><span style=\"font-size: 8.0pt;\"><a name=\"_ftn53\"><\/a><a href=\"#_ftnref53\"><sup>[<span style=\"font-family: 'times new roman', \ntimes;\"><strong>53<\/strong><\/span>]<\/sup><\/a>&nbsp;<br \/>\nRene, &bdquo; In The Womb:  How Your Baby&rsquo;s Senses Develop&ldquo;, <a href=\"http:\/\/firsttimepregnancy.org\/pregnancy-questions\/how-your-babys-senses-develop\/\">http:\/\/firsttimepregnancy.org\/pregnancy-questions\/how-your-babys-senses-develop\/<\/a><\/p>\n<p><\/span><\/p>\n<\/div>\n<div id=\"ftn54\">\n<p class=\"MsoNormal\" style=\"line-height: 150%;\"><span style=\"font-size: 8.0pt;\"><a name=\"_ftn54\"><\/a><a href=\"#_ftnref54\"><sup>[<span style=\"font-family: 'times new roman', \ntimes;\"><strong>54<\/strong><\/span>]<\/sup><\/a>&nbsp;<br \/>\nPeony C Echavez, &bdquo;15 Weeks Pregnant: Baby Reacts When Sense the Light.&ldquo;, <a href=\"https:\/\/www.consumerhealthdigest.com\/pregnancy-center\/15-week-pregnancy.html\">https:\/\/www.consumerhealthdigest.com\/pregnancy-center\/15-week-pregnancy.html<\/a><\/p>\n<p><\/span><\/p>\n<\/div>\n<div id=\"ftn55\">\n<p class=\"MsoNormal\" style=\"line-height: 150%;\"><span style=\"font-size: 8.0pt;\"><a name=\"_ftn55\"><\/a><a href=\"#_ftnref55\"><sup>[<span style=\"font-family: 'times new roman', \ntimes;\"><strong>55<\/strong><\/span>]<\/sup><\/a>&nbsp;<br \/>\nRobert Kubey and Mihaly  Csikszentmihalyi,&bdquo;Television addiction is no mere metaphor&ldquo;, SciAm Mind (no1  v14\/2004), str 51<\/p>\n<p><\/span><\/p>\n<\/div>\n<div id=\"ftn56\">\n<p class=\"MsoNormal\" style=\"line-height: 150%;\"><span style=\"font-size: 8.0pt;\"><a name=\"_ftn56\"><\/a><a href=\"#_ftnref56\"><sup>[<span style=\"font-family: 'times new roman', \ntimes;\"><strong>56<\/strong><\/span>]<\/sup><\/a>&nbsp;<br \/>\nSusana Martinez-Conde, &bdquo;What  Little Babies See That You No Longer Can&ldquo;, <a href=\"https:\/\/blogs.scientificamerican.com\/illusion-chasers\/what-little-babies-see-that-you-no-longer-can\/\">https:\/\/blogs.scientificamerican.com\/illusion-chasers\/what-little-babies-see-that-you-no-longer-can\/<\/a><\/p>\n<p><\/span><\/p>\n<\/div>\n<div id=\"ftn57\">\n<p class=\"MsoNormal\" style=\"line-height: 150%;\"><span style=\"font-size: 8.0pt;\"><a name=\"_ftn57\"><\/a><a href=\"#_ftnref57\"><sup>[<span style=\"font-family: 'times new roman', \ntimes;\"><strong>57<\/strong><\/span>]<\/sup><\/a>&nbsp;<br \/>\nFerris Jabr, &bdquo;How Does a Chicken Tell Time?&ldquo;, <a href=\"https:\/\/www.newyorker.com\/tech\/elements\/how-does-a-chicken-tell-time\">https:\/\/www.newyorker.com\/tech\/elements\/how-does-a-chicken-tell-time<\/a><\/p>\n<p><\/span><\/p>\n<\/div>\n<div id=\"ftn58\">\n<p class=\"MsoNormal\" style=\"line-height: 150%;\"><span style=\"font-size: 8.0pt;\"><a name=\"_ftn58\"><\/a><a href=\"#_ftnref58\"><sup>[<span style=\"font-family: 'times new roman', \ntimes;\"><strong>58<\/strong><\/span>]<\/sup><\/a>&nbsp;<br \/>\nVilayanur S. Ramachandran and Diane  Rogers-Ramachandran, &bdquo;The Neurology of Aesthetics&ldquo;, SciAm Mind (no5 v17\/2004),  str 18<\/p>\n<p><\/span><\/p>\n<\/div>\n<div id=\"ftn59\">\n<p class=\"MsoNormal\" style=\"line-height: 150%;\"><span style=\"font-size: 8.0pt;\"><a name=\"_ftn59\"><\/a><a href=\"#_ftnref59\"><sup>[<span style=\"font-family: 'times new roman', \ntimes;\"><strong>59<\/strong><\/span>]<\/sup><\/a>&nbsp;<br \/>\nChristine  Yee, &bdquo;Behavior Principles  and Good Game Design&ldquo;, <a href=\"http:\/\/yukaichou.com\/gamification-study\/behavior-principles-and-good-game-design\/\">http:\/\/yukaichou.com\/gamification-study\/behavior-principles-and-good-game-design\/<\/a><\/p>\n<p><\/span><\/p>\n<\/div>\n<p class=\"MsoNormal\" style=\"line-height: 150%;\">&nbsp;<\/p>\n<p style=\"text-align: center;\" align=\"center\"><strong> <span style=\"font-size: 13.0pt; line-height: 150%;\">Effects of Media on the Spectators from Childhood to Adulthood<\/span><\/strong><\/p>\n<p class=\"MsoNormal\" style=\"line-height: 150%;\">&nbsp;<\/p>\n<p style=\"margin: 0cm 48.6pt 0.0001pt 54pt; line-height: 170%;\"><em><strong>Abstract<\/strong><\/em><\/p>\n<p class=\"MsoBodyText\" style=\"margin-top: 0cm; margin-right: 48.6pt; margin-bottom: .0001pt; margin-left: 54.0pt; line-height: 150%;\"><span style=\"font-size: 12.0pt; line-height: 150%; font-family: 'Times New Roman';\" lang=\"SR\">&nbsp;<\/span><\/p>\n<p class=\"MsoBodyText\" style=\"margin-top: 0cm; margin-right: 48.6pt; margin-bottom: .0001pt; margin-left: 54.0pt; line-height: 170%;\"><em>Media increasingly takes on the role of parents, educators, teachers and virtual characters are becoming idols. To understand how the media affects us, why we have certain emotional reactions and why we behave in a certain way, we have to go to the beginning. When we were still fetuses, were not saturated with a lot of information and communication was not saturated with noise. The earliest age allows us to observe the simple principles of communication that the media later utilize to attract the attention of viewers and make content more attractive. In this paper the focus will be on commercials, movies and video games. It will be analyzed how biological predispositions and inborn instincts are used to attract viewers. The analysis will also encompass the sociological and psychological reasons for their popularity and the consequences of their impact on the individual and society.<\/em><\/p>\n<p class=\"MsoBodyText\" style=\"margin-top: 0cm; margin-right: 48.6pt; margin-bottom: .0001pt; margin-left: 54.0pt; line-height: 170%;\">&nbsp;<\/p>\n<p style=\"margin: 0cm 48.6pt 0.0001pt 54pt; line-height: 170%;\"><strong><em>Key words:<\/em><\/strong> <em>media, media influence, movies, commercials, video games, children, viewer attention.<\/em><\/p>\n<p class=\"MsoNormal\" style=\"line-height: 150%;\"><span lang=\"SR\">&nbsp;<\/span><\/p>\n<p><a name=\"3inmediasres13\"><\/a><\/p>\n<p class=\"MsoNormal\" style=\"line-height: 150%;\"><span lang=\"SR\">&nbsp;<\/span><\/p>\n<hr \/>\n<table style=\"width: 755px;\" border=\"0\">\n<tbody>\n<tr>\n<td style=\"width: 215px;\" valign=\"top\"><img loading=\"lazy\" decoding=\"async\" class=\" alignleft size-full wp-image-327\" style=\"float: left;\" src=\"https:\/\/centar-fm.org\/inmediasres\/wp-content\/uploads\/sites\/2\/2018\/09\/inmediasresno1malo13to.png\" alt=\"inmediasresno13malo\" width=\"70\" height=\"103\" \/><\/p>\n<p class=\"MsoNormal\" style=\"line-height: 170%;\">\n <strong>&nbsp;7(13)#14 2018<\/strong> <\/p>\n<\/td>\n<td style=\"width: 315px;\" valign=\"top\">\n<p style=\"line-height: 170%; text-align: center;\">\n<a rel=\"license\" href=\"http:\/\/creativecommons.org\/licenses\/by-nc\/4.0\/\"><img decoding=\"async\" alt=\"Creative Commons licenca\" style=\"border-width:0\" src=\"https:\/\/i.creativecommons.org\/l\/by-nc\/4.0\/88x31.png\" \/><\/a><br \/>\u010casopis je otvorenog pristupa, a ovo djelo je dano na kori\u0161tenje pod licencom <a rel=\"license\" href=\"http:\/\/creativecommons.org\/licenses\/by-nc\/4.0\/\"><strong>Creative Commons Imenovanje-Nekomercijalno 4.0 me\u0111unarodna.<\/strong><\/a><\/p>\n<\/td>\n<td valign=\"top\">\n<p style=\"text-align: right; line-height: 150%;\" align=\"center\"><strong>UDK 7(0.034.2):572.5<\/p>\n<p>Stru\u010dni rad<\/p>\n<p>Professional paper<\/p>\n<p>Primljeno: 29.01.2018.<\/strong><\/p>\n<\/td>\n<\/tr>\n<\/tbody>\n<\/table>\n<p class=\"MsoNormal\" style=\"line-height: 150%;\">&nbsp;<\/p>\n<p class=\"MsoNormal\" style=\"line-height: 150%;\">&nbsp;<\/p>\n<p class=\"MsoNormal\" style=\"text-align: center; line-height: 150%;\" align=\"center\"><span style=\"font-size: 15.0pt; line-height: 150%;\">Lidija Fi\u0161trek<\/span><\/p>\n<p style=\"text-align: center; line-height: 150%;\" align=\"center\">Filozofski fakultet u Zagrebu<\/p>\n<p>lidijafika@yahoo.com<\/p>\n<p style=\"text-align: center;\" align=\"center\"><strong> <span style=\"font-size: 16.0pt; line-height: 150%;\">Tijelo kao medij u digitalnoj umjetnosti<\/span><\/strong><\/p>\n<p style=\"text-align: center; line-height: 150%;\" align=\"center\"><a href=\"http:\/\/www.centar-fm.org\/inmediasres\/images\/pdf\/13\/L. Fistrek, Tijelo kao medij u digitalnoj umjetnosti.pdf\"><strong><span style=\"color: #DC0101; font-size: 8.0pt;\"><br \/>\nPuni tekst: pdf (688 KB), Hrvatski, Str. 2029 &#8211; 2038<br \/>\n<\/span><\/strong><\/a><\/p>\n<p class=\"MsoNormal\" style=\"line-height: 150%;\">&nbsp;<\/p>\n<p style=\"margin: 0cm 48.6pt 0.0001pt 54pt; line-height: 170%;\"><strong><em>Sa\u017eetak<\/em><\/strong><\/p>\n<p class=\"MsoBodyText\" style=\"margin-top: 0cm; margin-right: 48.6pt; margin-bottom: .0001pt; margin-left: 54.0pt; line-height: 150%;\"><span style=\"font-size: 12.0pt; line-height: 150%; font-family: 'Times New Roman';\" lang=\"SR\">&nbsp;<\/span><\/p>\n<p class=\"MsoBodyText\" style=\"margin-top: 0cm; margin-right: 48.6pt; margin-bottom: .0001pt; margin-left: 54.0pt; line-height: 170%;\"><em>U doba novih medija, simulirane zbilje, kako navodi Baudrillard, tijelo i dalje izaziva i trpi velike posljedice. Kao da tijela uop\u0107e vi\u0161e ne pripadaju nama, ve\u0107 postaju samostalni aparati. Ona postaju druga tijela kojima mi vi\u0161e nismo potrebni za opstanak. Time tijela postaju podvojena kao i identitet koji ne samo da vi\u0161e nego ikada nije fiksan, ve\u0107 pripada svima i nikome. Krajem 20. stolje\u0107a u znanosti se bilje\u017ee zna\u010dajna dostignu\u0107a na podru\u010dju genetike i tehnologije. Ljudsko tijelo poprima sasvim novi zna\u010daj i nali\u010dje. Genetski kod koliko god slo\u017een bio, mo\u017ee se preispitati u standardnoj, strukturno stabilnoj formi, koja ne podlije\u017ee poreme\u0107ajima i mutacijama (Houellebecq 2004:366). Umjetnost kao doga\u0111anje jezika u govoru tijela postaje va\u017enija od materijaliziranih umjetni\u010dkih radova poput slika, kipova, teksta i zapisane glazbe. Samo tijelo u svom osobnom izgledu kao \u017eivotnome stilu ve\u0107 je unaprijed vizualno konstruirano. Ono ima potrebu za odijevanjem, promjenom stila, intervencijom i redizajniranjem.<br \/>\n<\/em><\/p>\n<p class=\"MsoBodyText\" style=\"margin-top: 0cm; margin-right: 48.6pt; margin-bottom: .0001pt; margin-left: 54.0pt; line-height: 170%;\">&nbsp;<\/p>\n<p style=\"margin: 0cm 48.6pt 0.0001pt 54pt; line-height: 170%;\"><strong><em>Klju\u010dne rije\u010di:<\/em><\/strong> <em>ljudsko tijelo, digitalna umjetnost, genetski kod, skulptura.<\/em><\/p>\n<p class=\"MsoBodyText\" style=\"margin-top: 0cm; margin-right: 48.6pt; margin-bottom: .0001pt; margin-left: 54.0pt; line-height: 170%;\">&nbsp;<\/p>\n<p class=\"MsoNormal\" style=\"line-height: 150%;\">&nbsp;<\/p>\n<p class=\"MsoNormal\" style=\"line-height: 170%;\">1.<strong>Uvod<\/strong><\/p>\n<p class=\"MsoNormal\" style=\"line-height: 170%;\">Zahvaljuju\u0107i znanosti tijelo postaje  besmrtno, ono mijenja svoj status u posthuman.  U neprestanoj potrazi za mijenjanjem i usavr\u0161avanjem,  nadilaze\u0107i sve granice ljudskog uma tijelo gubi svoj identitet, postaje  raspr\u0161eno tijelo kako ga naziva Lacan i na kraju do\u017eivljava potpunu  transformaciju. Metamorfoza koju tijelo pro\u017eivljava od samoga postanaka i  njegove prvotne namjene do dana\u0161njeg suvremenog doba mijenja se vrtoglavo.  Me\u0111utim, te promjene postoje isklju\u010divo u umjetnosti, znanosti i filozofiji.  Spajanjem tehno-znanosti i ljudskog tijela nastaju posve novi organizmi,  stvorovi, klonovi i proteti\u010dki produ\u017eeci. Spoj robotike tj. umjetne inteligencije  s ljudskim tijelom daje nagovje\u0161taj jedne posve nove generacije posthumanih  organizama. Kada ka\u017eem organizama pri tome mislim na spoj ljudskog tijela sa  tehnologijom-robotom koji se pokre\u0107e pomo\u0107u komandne plo\u010de ili snagom ljudskog  uma.<\/p>\n<p class=\"MsoNormal\" style=\"line-height: 170%;\">Granice izme\u0111u ljudskoga tijela i  posthumanoga virtualnog identiteta kiborga u kiberneti\u010dkome prostoru podru\u010dje  su istra\u017eivanja digitalne umjetnosti. Posthumano tijelo u simbiozi  s ljudskim i onim neljudskim tvori posve novi  tjelesni identitet unutar virtualno-kiberneti\u010dke mre\u017ee. Virtualna  transcendencija \u010dovjeka razli\u010dita je od njegova smrtna tijela. Kiberneti\u010dko  tijelo je neljudsko, samim time nema du\u0161e. San o besmrtnosti \u010dovjeka, vje\u010dnom  \u017eivotu  i prelasku u duhovni drugi \u017eivot  prisutan je oduvijek. Prema \u017darku Pai\u0107u, problem du\u0161e u suvremenoj filozofiji i  umjetnosti sveden je na imanentizam tijela kao stroja \u017eudnje (Pai\u0107 2009). Posthumanizam  bi omogu\u0107io tehni\u010dki prijelaz \u010dovjeka u drugi \u017eivot. Tijelo u digitalnoj  umjetnosti, predstavlja kiberneti\u010dko tijelo u izvedbenom doga\u0111aju gdje se  stapaju ljudsko, neljudsko i postljudsko. Uranjanje tijela u digitalnu mre\u017eu  mo\u017ee se shvatiti i kao poku\u0161aj tvorbe novoga virtualnog identiteta. Cyberspace  postaje novi prostor unutar kojeg se odvija aktivnost pokreta. Reakcije posthumanoga  tijela \u010dine simbiozu ljudskoga i neljudskoga pri \u010demu se tvori novi tjelesni  identitet kao slo\u017eeni sustav virtualno-kiberneti\u010dke mre\u017ee bez organa. Prirodno  ili biolo\u0161ko tijelo prepreka je u svijetu kiberneti\u010dke mre\u017ee \u017eivota. Posthumano  tijelo je savr\u0161enije jer je tehno-biologijsko, dok je digitalno tijelo produkt  tehnologije, ono je virtualno i kao takvo nema tjelesno ustrojstvo kognitivnih,  neuro i fiziologijskih struktura koje potvr\u0111uju ljudsku egzistenciju u smrtnome  tijelu. Premje\u0161tanje organa iz jednog tijela u drugo tijelo, ili \u010dak transplantacija  glave na drugo tijelo postala je stvarnost. Tijelo tra\u017ei neke druge na\u010dine da  usavr\u0161i samo sebe, da bude neko drugo, savr\u0161enije tijelo, prilago\u0111eno nekom  novom tehno dobu sa neograni\u010denim mogu\u0107nostima njegove izvedbe. Izvedba takvog  posthumanog tijela, koje pomo\u0107u umjetne inteligencije opona\u0161a ljudsko u  njegovoj prvotnoj funkciji, kretanjem, govorom i tijelom  podsje\u0107a na umjetnost bez tijela. Arhitektura  i evolucija ljudskog tijela kao savr\u0161enog djela prirode interpolacijom znanosti  i tehnologije se mijenja.<\/p>\n<p class=\"MsoNormal\" style=\"line-height: 170%;\">&nbsp;<\/p>\n<p class=\"MsoNormal\" style=\"line-height: 170%;\"><strong>2<\/strong>. <strong>Razumijevanje digitalne umjetnosti i digitalne  kulture<\/strong><\/p>\n<p class=\"MsoNormal\" style=\"line-height: 170%;\">Danas se digitalna umjetnost naj\u010de\u0161\u0107e  svrstava pod krovnu kategoriju novomedijskih umjetnosti (Stojni\u0107 2015:68). Pojam  digitalna kultura nastao je kao posljedica   masovne medijske kulture krajem 20. i po\u010detkom 21 stolje\u0107a. Medijska  kultura produkt je dru\u0161tvene proizvodnje, potro\u0161nje, razmjene i percepcije  ostvarene pomo\u0107u digitalnih aparata i digitaliziranih mre\u017ea i sistema, dok je  digitalna umjetnost  nastala u digitalnoj  kulturi. Kada govorim o digitalnoj umjetnosti mislim na umjetnost koja poprima  novi zna\u010daj u \u0161irem kulturnom i dru\u0161tvenom polju. Termin digitalna umjetnost  odnosi se na \u0161irok spektar umjetni\u010dkih praksi koji ne opisuju jedan unificirani  skup estetika. Digitalna umjetnost nastala je produkcijom, multiplikacijom,  upotrebom i primjenom  pojavnosti ili  smisla umjetnosti kao artefakta svakodnevnice realiziranih u digitalnoj  tehnologiji. Suvremena umjetnost postaje dru\u0161tvena praksa kojoj vi\u0161e nisu u  prvom planu estetski ve\u0107 dru\u0161tveni kriteriji. Umjetnost postaje sonda za  testiranje i predo\u010davanje kulture u njenim dru\u0161tvenim mogu\u0107nostima funkcije,  konteksta i proizvodnje javnog zna\u010denja ( Stojni\u0107 2015:67).<\/p>\n<p class=\"MsoNormal\" style=\"line-height: 100%;\">&nbsp;<\/p>\n<div align=\"center\">\n<p><img loading=\"lazy\" decoding=\"async\" src=\"\/inmediasres\/images\/casopisi\/Lidijafistrek_image002.jpg\" alt=\"\" width=\"604\" height=\"365\" \/><\/p>\n<p class=\"MsoNormal\" style=\"line-height: 170%;\"><em>Sl.1. izvor: www.google.com<\/em><\/p>\n<\/div>\n<p class=\"MsoNormal\" style=\"line-height: 100%;\">&nbsp;<\/p>\n<p class=\"MsoNormal\" style=\"line-height: 170%;\">Aneta Stojni\u0107 u doktorskoj  disertaciji pod nazivom <em>Teorija izvo\u0111enja u digitalnoj umjetnosti<\/em> govori  o problemu izme\u0111u digitalne kulture i digitalne umjetnosti, gdje razlikuje digitalnu  kulturu kao medijsku kulturu i digitalnu kulturu u doba posthumanizma.<\/p>\n<p class=\"MsoNormal\" style=\"line-height: 170%;\">Digitalna kultura kao medijska  kultura je prema Stojni\u0107 zasnovana na dru\u0161tvenoj proizvodnji i potro\u0161nji koja  se ostvaruje posredstvom digitalnih sistema ili digitalnih mre\u017ea, dok je  digitalna kultura u doba posthumanizma nastala pomo\u0107u uvjerenja da \u0107e \u010dovjek uz  pomo\u0107 novih tehnologija mo\u0107i nadi\u0107i banalnost vlastitog tijela, pri \u010demu se  transformacija tijela shva\u0107a kao pozitivna promjena ljudskog identiteta,  odnosno suprotstavljanje svakom obliku determinizma tijela unaprijed zadanog  ro\u0111enjem (Stojni\u0107 2015).  U digitalnoj  umjetnosti interaktivnost ima va\u017enu ulogu, ne samo kao neposredan odnos izme\u0111u  \u010dovjeka i stroja, ve\u0107 i u otvorenom informati\u010dkom narativu kontrole nad  sadr\u017eajem, kontekstom i vremenom. Interaktivnost u digitalnoj umjetnosti je  preusmjerena na gledatelja koji aktivno participira u kiberneti\u010dkom su\u010delju i postaje  jedan novi oblik stvarnosti s mogu\u0107nosti beskona\u010dnog preslikavanja,  multipliciraju\u0107i se i identificiraju\u0107i pomo\u0107u masovne upotrebe novih  interaktivnih i drugih medija produciraju\u0107i  jednu &ldquo;novu&rdquo; vrstu razumijevanja stvarnosti. Takvo  razumijevanje stvarnosti stvoreno u kiberneti\u010dkom su\u010delju postaje &ldquo;slika  realnosti&rdquo;.<\/p>\n<p class=\"MsoNormal\" style=\"line-height: 170%;\">Divna Vuksanovi\u0107 u <em>Filozofiji medija <\/em>govori o upotrebi  tehnologije masovnog medijskog komuniciranja tj. medijskog posredovanja  stvarnosti gdje primat preuzima slika generirana  kinematografski ili elektroni\u010dki\u00b8  prouzrokuju\u0107i iluziju koja je istovremeno stvarnost (2008:114). Iluzija o kojoj  govori Vuksanovi\u0107 nastala je posredovanjem digitalnih medija. Digitalna kultura  sada ne samo da posreduje u stvaranju neke nove slike bez svijeta, ve\u0107 pomo\u0107u  medija ta nova slika svijeta postaje i novom stvarnosti. Ono \u0161to je nekada  pripadalo Bogu, metafizici i prorocima sada preuzimaju znanost i tehnologija.  \u017divot u tehnosferi preostaje eksperimentom svijeta bez tajne, umjetnosti bez  tijela, slike bez svijeta (Pai\u0107 2011:117). Umjetnost kiberneti\u010dkoga tijela u  izvedbenom doga\u0111aju gdje se stapaju ljudsko, neljudsko i postljudsko mo\u017ee se  shvatiti i kao poku\u0161aj tvorbe novoga virtualnog identiteta. Strojevi na kraju  dvadesetog stolje\u0107a pomi\u010du granicu izme\u0111u umjetnoga i prirodnog, uma i tijela,  samorazvojnog i izvanjski dizajniranog te mnogih drugih distinkcija koje su  primjenjivane na organizme i strojeve. Na\u0161i su strojevi uznemiruju\u0107e \u017eivi, a mi  smo zastra\u0161uju\u0107e inertni (Haraway 1990:170). Upotrebom digitalne tehnologije i  holograma pomi\u010du se granice tijela sa organima, prema tijelu bez organa ili u  ovom primjeru, virtualnom tijelu koje \u017eivi svoju virtualnu realnost. Takvo  tijelo gubi sve zna\u010dajke humanog i postaje posthumano tijelo u izvedbi. <\/p>\n<p class=\"MsoNormal\" style=\"line-height: 170%;\">&nbsp;<\/p>\n<p class=\"MsoNormal\" style=\"line-height: 170%;\"><strong>3. Posthumano doba vs. digitalno doba<\/strong><\/p>\n<p class=\"MsoNormal\" style=\"line-height: 170%;\">Posthumano doba za umjetnost na kraju predstavlja otvaranje  nekih drugih mogu\u0107nosti . Stojni\u0107 govori o digitalnoj kulturi u posthumano doba  koja je nastala iz potrebe za tehnolo\u0161kim pobolj\u0161anjem ljudskog tijela. Virtualna  transcendencija \u010dovjeka razli\u010dita je od njegova smrtna tijela. U posthumano  doba tehnologija unutar ljudskog organizma postaje vidljiva i neizbje\u017ena. Tehno-znanosti  konstruiraju nove oblike umjetnog \u017eivota i preuzimaju kontrolu u svim  podru\u010djima. Pobolj\u0161avanje i usavr\u0161avanje sposobnosti ljudskog tijela u  &bdquo;umjetnoj&ldquo; okolini zatire ideju \u010dovjeka kakvu smo imali od Grka pa sve do  dana\u0161njeg suvremenog doba. Jean-Francois Lyotard u spisu <em>Neljudsko<\/em> govori  o  postmodernom stanju koje odre\u0111uju  tehno-znanosti. Svoju kritiku neljudskoga Lyotard usmjerava na pitanje nestanka  tjelesnosti \u010dovjeka u tehnofuturisti\u010dkom eksperimentiranju s umjetnom  inteligencijom. Inteligentni strojevi bez emocija samo su nadomjestak  ljudskosti. Do\u017eivljaji i osje\u0107aji \u017eivljenja duhovni su i du\u0161evni sklop tijela.  Spoznaja tehno-znanosti mijenja vlastitu bit, tj. tehno-znanstveni kodovi  spoznaje konstruiraju svijet koji sam po sebi uop\u0107e ne postoji. Tehnoznanstvena  produkcija svijeta istovremeno ozna\u010dava reprodukciju \u017eivota kao umjetnoga  \u017eivota i preobrazbu racionalnosti u slo\u017eeni svijet pomo\u0107u suvremenih  tehnologija (genetsko in\u017eenjerstvo, biogenetika, nanotehnologija). Tehnoznanost  nastoji prevladati razdvojenost sfera novovjekovnog shva\u0107anja \u010dovjeka i stroja.  Proces dehumanizacije prema Lyotardu od posebnog je interesa prvenstveno unutar  interesnih skupina koje predstavljaju op\u0107i interes zajednice. U postmodernom  stanju liberalnih demokracija znanost se ne razvija kao biotehnologijski  kapital zajednice, nego od matrice dru\u0161tva odvojenih skupina posjednika znanja  i njihovih politi\u010dkih predstavnika (Pai\u0107 2011:50). Antihumanizam je za Lyotrada  prvi korak pozitivnoga samoodre\u0111enja svijeta iz logike djelovanja napretka koji  je beskrajan i ne slu\u017ei ni\u010demu drugom osim samoodr\u017eanju. Mogu\u0107nost mi\u0161ljenja  bez tijela Lyotard vidi u tehno-znanosti koja istra\u017euje umjetni \u017eivot i  inteligenciju kao besmrtnosti kiberneti\u010dko proizvedenoga tijela. Odrednicu  suvremenog dru\u0161tva Lyotard vidi u logici tehno-znanosti kao totalnoj vladavini  sustava i \u017eivota. Logika je tehno-znanosti ra\u010dunalni karakter mi\u0161ljenja u kojem  se prora\u010dunljivost i kvantifikacija svijeta sabire u na\u010dinu funkcioniranja  informacijskih dru\u0161tava suvremenosti. Lyotardova analiza postmoderne istodobno  pokazuje neizbje\u017enim i nu\u017enim sve \u0161to donosi napredak tehno-znanosti, koja  predvodi budu\u0107nost \u010dovje\u010danstva. <\/p>\n<p class=\"MsoNormal\" style=\"line-height: 170%;\">Besmrtnost tijela u stanju kiborga odgovara poku\u0161aju  povezivanja znanosti, umjetnosti, nove tehnologije, genetskoga dizajna \u010dovjeka  i svih drugih bi\u0107a. Na\u010din prevladavanja humanizma u tehnolo\u0161koj tvorbi svijeta  nalazi se u logici djelovanja kiberneti\u010dko-virtualne mre\u017ee odnosa zasnovanih na  umjetnoj inteligenciji. Glavni su predstavnici tehno-znanstvenoga posthumanizma  istra\u017eiva\u010d robotike Hans Moravec i fizi\u010dar Frank Tipler. Moravec je predvidio  robotizaciju svijeta u moderno doba, kad \u0107e u   ulazak robota u svakodnevni \u017eivot u\u010diniti \u010dovjeka zastarjelim bi\u0107em.  Postbiolo\u0161ka ili &bdquo;natprirodna&ldquo; budu\u0107nost kako je naziva \u017darko Pai\u0107, ve\u0107 je  odavno ovdje. <\/p>\n<p class=\"MsoNormal\" style=\"line-height: 170%;\">Zna\u010di li termin &bdquo;zastarjelost \u010dovjeka&ldquo; i fakti\u010dni kraj  biolo\u0161ke evolucije? Da bi postojala stvarna mogu\u0107nost egzistencije \u010dovjeka u  stanju njegove besmrtnosti, nu\u017eno je da se ona doga\u0111a u prostoru virtualne  stvarnosti. Virtualno tijelo spaja oznake \u017eivoga bi\u0107a s  umjetnom kiberneti\u010dkom mre\u017eom doga\u0111aja u  virtualnom prostoru. U njemu se tijelo virtualizira i na taj se na\u010din i  denaturalizira. Virtualni prostor kao kiberneti\u010dka mre\u017ea ne mo\u017ee se shvatiti iz  tradicionalnih metafizi\u010dkih suprotnosti (oblik-materija, ovostrano-onostrano).  Razlika izme\u0111u robota i kiborga temeljna je razlika izme\u0111u posthumanizma i  transhumanizma. Robot je stvor ili stvar posthumanog stanja, a kiborg je  virtualni hybris \u010dovjeka u virtualnom prostoru. Posthumanizam u svojem  prevladavanju ljudske prirode radikalno napu\u0161ta tjelesnost \u010dovjeka i sve oblike  ljudskosti iz sfere osje\u0107aja i do\u017eivljaja u smjeru neljudskoga, postbiolo\u0161koga  i natprirodnoga. Tijelo prestaje biti predmetom posthumanisti\u010dkog programa  budu\u0107nosti \u010dovje\u010danstva.<\/p>\n<p class=\"MsoNormal\" style=\"line-height: 170%;\">Kada govorimo o tijelu koje je  napredovalo u skladu s tehnolo\u0161kom evolucijom, digitalnom sferom i virtualnom  realno\u0161\u0107u, ne mo\u017eemo ne istaknuti rad suvremenog umjetnika Stelarca koga  smatraju paradigmatskim zbog iskustva nadila\u017eenja ljudskoga tijela. Ono \u0161to istra\u017euje  u svojim performansima mo\u017eemo nazvati posthumanisti\u010dkim tehno-znanstvenim  filozofijskim projektima. Stelarc svoj rad vidi kao modifikaciju tijela spram  posthumane sfere. U performanceu pod nazivom &bdquo;Ping Body: an Internet Actuated  and Uploades Performance&ldquo; iz godine 1996. cyberspace postaje novi prostor  unutar kojeg se odvija aktivnost pokreta. Reakcije posthumanoga tijela \u010dine  simbiozu ljudskoga i neljudskoga pri \u010demu se tvori novi tjelesni identitet kao  slo\u017eeni sustav virtualno-kiberneti\u010dke mre\u017ee bez organa. Stelarcovi su  performansi usmjereni ka&#8217; istra\u017eivanju promjene tijela u posthumanome stanju  kao spoju digitalne tehnologije, virtualnosti, elektronske glazbe i pneumati\u010dke  protetike u interfaceu mozga, ko\u017ee i implantata ugra\u0111enih u tijelo, a umjetnik  izvodi kiberneti\u010dke tjelesne performanse   koriste\u0107i se digitalnom tehnologijom. Analizom preobrazbe tijela u  svojim performansima  prikazuje nu\u017enost  takve umjetnosti, jer ljudsko tijelo postaje zastarjelo u svim svojim  nu\u017enostima. <\/p>\n<p class=\"MsoNormal\" style=\"line-height: 100%;\">&nbsp;<\/p>\n<div align=\"center\">\n<p><img loading=\"lazy\" decoding=\"async\" src=\"\/inmediasres\/images\/casopisi\/Lidijafistrek_image004.jpg\" alt=\"\" width=\"604\" height=\"340\" \/><\/p>\n<p class=\"MsoNormal\" style=\"line-height: 170%;\"><em>Sl.2. Prikazuje suvremenog umjetnika  Stelarca dok izvodi performance (www.youtube.com)<\/em><\/p>\n<\/div>\n<p class=\"MsoNormal\" style=\"line-height: 100%;\">&nbsp;<\/p>\n<p class=\"MsoNormal\" style=\"line-height: 170%;\"><strong>4. Digitalno tijelo<\/strong><\/p>\n<p class=\"MsoNormal\" style=\"line-height: 170%;\">Posthumanizam se bavi problemom smrtnosti tijela \u010dovjeka  kojeg nastoji rije\u0161iti produljenjem posthumane forme \u017eivota kao kompjutorski  omogu\u0107ene virtualne forme. Na taj na\u010din besmrtnost zadobiva oblik tehni\u010dkog rje\u0161enja  prelaskom u roboti\u010dki na\u010dinjen umjetni \u017eivot kao umjetna inteligencija. Besmrtnost  na taj na\u010din predstavlja formu virtualne simulacije \u017eivota.<\/p>\n<p class=\"MsoNormal\" style=\"line-height: 170%;\">Upotrebu digitalne ko\u017ee i primjenu u  okviru visoko razvijene tehnologije opisuje u svom radu pod nazivom <em>Fashion  and the Posthuman: From Digital Skin to Digital Flesh, <\/em>Yvonne F\u00f6rster  (2017). F\u00f6rster govori o digitalnoj ko\u017ei i  upotrebi iste u modnoj industriji i mogu\u0107nostima koje pru\u017ea pametna tehnologija.  Termin digitalna ko\u017ea upotrebljava se kod razli\u010ditih inovacija novih  tehnolo\u0161kih dostignu\u0107a s podru\u010dja medicine, vizualnih umjetnosti i pametne  tehnologije. Koncept digitalne ko\u017ee osmi\u0161ljen je tako da simulira, tj. opona\u0161a prirodnu  ko\u017eu. Kombinacijom novih biolo\u0161kih i tehnolo\u0161kih vlakana i materijala nastaje hibrid  digitalne ko\u017ee. Kada vlakno izvodi funkciju pomo\u0107u pametne tehnologije, slika  koja se transformira od pametnih vlakana neutralnija je od ljudskog tijela, ona  sugerira tijelo koje je funkcionalno i pokretno. Materijal koji simulira  digitalnu ko\u017eu proizveden pomo\u0107u pametne tehnologije, postaje osjetljiv ili  komunikativan. Idealna digitalna ko\u017ea opona\u0161a i usavr\u0161ava funkcionalnost poput  biolo\u0161ke ko\u017ee. Koncept kada tehnologija postaje nematerijalna u smislu da nema  vidljivog hardvera od vitalnog je zna\u010daja. Pametni materijali moraju biti  otporni i operivi ba\u0161 kao prirodna ko\u017ea. Ideja digitalne ko\u017ee s upotrebom  pametnih materijala i sam njezin dizajn izuzetno su izazovni za tehno znanost.  Novi materijali i softveri moraju biti implementirani i razvijeni na na\u010din da  omogu\u0107e izgled digitalne ko\u017ee poput ko\u017ee na ljudskom tijelu. Dizajnerica Jenny  Lee  godine 2011.zamisao o digitalnoj  ko\u017ei upotrijebila je u video instalaciji. Video je prikazivao imaginarne likove  svakoga  tko je izdao naredbu da vidi  svoj odraz  nekoliko desetlje\u0107a stariji.  Ulaskom u program i pritiskom tipke enter ulazilo se  u avatar, virtualno okru\u017eenje pomo\u0107u kojega je  &ldquo;drugo  Ja&rdquo; prikazivalo odraz svakoga tko  izdaje naredbu.  Na taj se na\u010din  postajalo dijelom virtualne realnosti nekog avatara i  tijelo vi\u0161e nije bilo biolo\u0161ko ve\u0107 digitalno,  tj. digitalizirano. Interakcijom ljudskog tijela i stroja, tijelo je poprimalo  karakteristike digitaliziranog, tj. virtualnog cyber okru\u017eenja.<\/p>\n<p class=\"MsoNormal\" style=\"line-height: 170%;\">Primjer takvih umjetni\u010dkih instalacija mo\u017eemo vidjeti i u  radu umjetnika Rodriga Guzmana Cesaresa iz Mexico Citya, pod nazivom &bdquo;The Grid,  Interactive Instalation&rdquo; (2017) koji u svom radu prikazuje tanku granicu  odvojenosti digitalnog od fizi\u010dkog svijeta. Ulaskom u cyber prostor  dolazi do povezivanja, interaktivnosti s  okru\u017eenjem. Nu\u017enost koju zahtjeva cyber prostor upravo je povezivanje,  priklju\u010denje, uklju\u010denje, interativnost u novom okru\u017eenju. Interaktivnost tijela  prilikom uklju\u010denja za sobom povla\u010di pitanje participativnosti kao i direktnog  posredovanja samoga tijela, te mogu\u0107nosti djelovanja istog u medijskom i  digitalnom prostoru. Prema Marini Gr\u017eini\u0107, ulazak u cyber prostor je materijalni  \u010din koji se ostvaruje pomo\u0107u razli\u010ditih fizi\u010dkih sredstava (hardver, ekran,  joystick, senzorskih rukavica i touch screena) za virtualnu realnost. Mjesto  kontakta prema Gr\u017eini\u0107 je interface izme\u0111u realnog i virtualnog koju naziva to\u010dkom  u kojoj je korisnik pozvan da umetne svoj &bdquo;otisak prsta&rdquo;, odnosno materijalno  tijelo. Pukotine koje nastaju u cyber prostoru prilikom umetanja otiska prsta  ili nekog drugog dijela tijela za Gr\u017eini\u0107 predstavljaju mogu\u0107nost popunjavanja  rascijepa unutar kojeg je mogu\u0107e umetnuti   ne samo odgovaraju\u0107e tijelo, ve\u0107 i njegovu reprezentaciju (Stojni\u0107,2015:81).  Digitalizacija, druga stvarnost, tj. virtual reality, pru\u017ea neizrecive  mogu\u0107nosti u prikazivanju fikcije. Mediji preuzimaju vode\u0107u ulogu u svim  vrstama umjetnosti. Dolazi novo doba, tehno doba u kojem digitalno tijelo ima  neograni\u010denu mogu\u0107nost prikaza. Digitalno tijelo u posthumanizmu je spoj  tehno-znanosti, filozofije, knji\u017eevnosti, vizualnih umjetnosti, religije i  kozmologije s ciljem prevladavanja tjelesne tj. biolo\u0161ke uvjetovanosti \u010dovjeka.<\/p>\n<p class=\"MsoNormal\" style=\"line-height: 100%;\">&nbsp;<\/p>\n<div align=\"center\">\n<p><img loading=\"lazy\" decoding=\"async\" src=\"\/inmediasres\/images\/casopisi\/Lidijafistrek_image006.jpg\" alt=\"\" width=\"605\" height=\"402\" \/><\/p>\n<p class=\"MsoNormal\" style=\"line-height: 170%;\"><em>Sl.3 Rodrigo Guzman Cesares (2017.): The  Grid, Interactive Instalation, Rovinj:Grisia Youth 2017.g.(privatni album)<\/em><\/p>\n<\/div>\n<p class=\"MsoNormal\" style=\"line-height: 100%;\">&nbsp;<\/p>\n<p class=\"MsoNormal\" style=\"line-height: 170%;\"><strong>5. Zaklju\u010dak<\/strong><\/p>\n<p class=\"MsoNormal\" style=\"line-height: 170%;\">Krajem 19. stolje\u0107a nastankom \u017eivota u znanstvenom diskursu  podru\u010dja ekonomije, biologije i lingvistike za  Foucaulta po\u010dinje kraj \u010dovjeka. Kada govori o kraju \u010dovjeka Foucault pri tome  misli na kraj \u010dovjeka kao bi\u0107a &bdquo; kojeg je ponajprije odre\u0111ivala klasi\u010dna <em>episteme<\/em>,  odnosno novovjekovna slika svijeta s njegovim postavljanjem u sredi\u0161te&ldquo; (Pai\u0107  2011: 48-49). Podru\u010dja znanosti i kulture, \u010dovjeka i prirode, ljudskog i  neljudskog spaja tehnologija. Nanotehnika, neuroznanosti, kibernetika i  farmacija \u010dine podlogu za pro\u0161irenje svih mentalnih i fizi\u010dkih svojstava  \u010dovjeka u procesu usavr\u0161avanja i djelovanja u novoj tehni\u010dkoj okolini. Prirodno  ili biolo\u0161ko tijelo prepreka je u kiberneti\u010dkoj mre\u017ei. Tijelo razlomljeno u  fraktale evoluira u neko drugo tijelo koje predstavlja medij za neke druge svjetove.  Cyber prostor postaje paralelni svijet u kojem se odvija druga\u010dija stvarnost. Virtualna  stvarnost poku\u0161ava simulirati tradicionalnu umjetnost pomo\u0107u koje sve  postaje  replika i reprodukcija. Slika u  slici, tijelo bez du\u0161e dovodi u kona\u010dnici do potpune dehumanizacije umjetnosti. <\/p>\n<p class=\"MsoNormal\" style=\"line-height: 170%;\">Primjer takvog svijeta vidjeli smo prikazan u izuzetno uspje\u0161nom  znanstveno-fantasti\u010dnom filmu <em>Matrix<\/em> (1999) redatelja L. i A.  Wachowski. Konstrukcija virtualne stvarnosti i  mre\u017ee unutar koje se nalazi tijelo omogu\u0107uje digitalizaciju biolo\u0161kog tijela.  Biolo\u0161ko tijelo postaje dijelom digitalne mre\u017ee i  prilago\u0111ava se novom okru\u017eenju koje mu omogu\u0107uje  pretvorbu iz jednog medija u drugi. Digitalizacija umjetnosti \u010dini umjetnost  lako dostupnom. Tijelo u digitalnoj umjetnosti zadobiva novi identitet, postaje  fragmentirano, fluidno s neograni\u010denom mogu\u0107nosti metamorfoze. Ono prelazi iz  jednog stanja u drugo tvore\u0107i nove oblike. <\/p>\n<p class=\"MsoNormal\" style=\"line-height: 170%;\">Ulaskom tijela u avatar name\u0107e se  pitanje; &ldquo;Mo\u017eemo li govoriti o simuliranom tijelu, teku\u0107em tijelu, tijelu promjenjivog  identiteta isklju\u010divo ako postanemo dijelom neke umjetni\u010dke instalacije i  kompjuterskog programa, ili na\u0161e tijelo egzistira u dvije realnosti, dva  svijeta razlomljeno u fraktale njegova identiteta?&rdquo; <\/p>\n<p class=\"MsoNormal\" style=\"line-height: 150%;\">&nbsp;<\/p>\n<p class=\"MsoNormal\" style=\"line-height: 170%;\"><strong>Literatura:<\/strong><\/p>\n<p class=\"MsoNormal\" style=\"line-height: 170%;\">Agamben. Giorgio, (2010). <em>Golo\u0107a<\/em>.  Prijevod: Vanda Mik\u0161i\u0107. Zagreb: Meandarmedia<\/p>\n<p class=\"MsoNormal\" style=\"line-height: 170%;\">Baudrillard. Jean, (2001). <em>Simulacija i zbilja<\/em>. Prijevod: GordanaV.Popovi\u0107. Zagreb:  Jesenski  i Turk<\/p>\n<p class=\"MsoNormal\" style=\"line-height: 170%;\">Bial. Henry, (2007). <em>The Performance Studies.  Reader-Second Edition<\/em>. London and New York: Routledge<\/p>\n<p class=\"MsoNormal\" style=\"line-height: 170%;\">Butler. Judith, (1993). <em>Bodies that Matter, on the  Discursive Limits of &bdquo;Seks &ldquo;. <\/em>London and New York: Routledge<\/p>\n<p class=\"MsoNormal\" style=\"line-height: 170%;\">Foucault. Michel, (2016). <em>Ro\u0111enje biopolitike<\/em>. Zagreb:  Sandorf<\/p>\n<p class=\"MsoNormal\" style=\"line-height: 170%;\">\n  Fukuyama. Francis, (2003). <em>Kraj \u010dovjeka? Na\u0161a  poslijeljudska budu\u0107nost<\/em>. Prijevod:Marinko Raos. Zagreb: Izvori<\/p>\n<p class=\"MsoNormal\" style=\"line-height: 170%;\">Haraway. Donna, (1990). <em>Cyborg Manifesto<\/em>. Ed: David  Bell, Barbara M. Kennedy. London and New York: Routledge<\/p>\n<p class=\"MsoNormal\" style=\"line-height: 170%;\">Houellebecq. Michel, (2004). <em>Elementarne \u010destice<\/em>.  Prijevod: Marinko Ko\u0161\u010dec. Zagreb: Litteris<\/p>\n<p class=\"MsoNormal\" style=\"line-height: 170%;\">Lyotard. Jean-Francois, (1988). <em>Neljudsko<\/em>. Zagreb:  Jesenski Turk<\/p>\n<p class=\"MsoNormal\" style=\"line-height: 170%;\">Nietzsche. Friedrich, (2002). <em>Nietzsche i postmodernizam<\/em>.  Prijevod: Dinko Tele\u0107an. Zagreb: Jesenski-Turk<\/p>\n<p class=\"MsoNormal\" style=\"line-height: 170%;\">Pai\u0107. \u017darko, (2011). <em>Posthumano stanje: Kraj \u010dovjeka i  mogu\u0107nost druge povijesti<\/em>. Zagreb: Litteris<\/p>\n<p class=\"MsoNormal\" style=\"line-height: 170%;\">Pai\u0107. \u017darko, (2007). <em>Traume razlika<\/em>. Zagreb: Meandar<\/p>\n<p class=\"MsoNormal\" style=\"line-height: 170%;\">Pai\u0107. \u017darko, (2014). <em>Tre\u0107a zemlja. Tehnosfera i umjetnost<\/em>.  Zagreb: Litteris<\/p>\n<p class=\"MsoNormal\" style=\"line-height: 170%;\">Pai\u0107.  \u017darko, (2006). <em>Slika  bez svijeta. Ikonoklazam suvremene umjetnosti<\/em>. Zagreb: Litteris<\/p>\n<p class=\"MsoNormal\" style=\"line-height: 170%;\">Pai\u0107. \u017darko, (2009). <em>Zaokret.<\/em> Zagreb: Litteris<\/p>\n<p class=\"MsoNormal\" style=\"line-height: 170%;\">Stojni\u0107. A. (2015). <em>Teorija izvo\u0111enja u digitalnoj  umjetnosti<\/em>. Orion Art: Beograd<\/p>\n<p class=\"MsoNormal\" style=\"line-height: 170%;\">\u0160uvakovi\u0107. Mi\u0161ko, (2010). <em>Diskurzivna analiza: prestupi  ili pristupi<\/em>. Beograd:Orion Art<\/p>\n<p class=\"MsoNormal\" style=\"line-height: 170%;\">Vuksanovi\u0107. Divna, (2008). <em>Filozofija medija: Ontologija,  Estetika, Kritika.<\/em>Beograd: Fakultet dramskih umetnosti u Beogradu<\/p>\n<p class=\"MsoNormal\" style=\"line-height: 150%;\">&nbsp;<\/p>\n<p style=\"text-align: center;\" align=\"center\"><strong> <span style=\"font-size: 13.0pt; line-height: 150%;\">The Body as Media in Digital Art<\/span><\/strong><\/p>\n<p class=\"MsoNormal\" style=\"line-height: 150%;\">&nbsp;<\/p>\n<p style=\"margin: 0cm 48.6pt 0.0001pt 54pt; line-height: 170%;\"><em><strong>Abstract<\/strong><\/em><\/p>\n<p class=\"MsoBodyText\" style=\"margin-top: 0cm; margin-right: 48.6pt; margin-bottom: .0001pt; margin-left: 54.0pt; line-height: 150%;\"><span style=\"font-size: 12.0pt; line-height: 150%; font-family: 'Times New Roman';\" lang=\"SR\">&nbsp;<\/span><\/p>\n<p class=\"MsoBodyText\" style=\"margin-top: 0cm; margin-right: 48.6pt; margin-bottom: .0001pt; margin-left: 54.0pt; line-height: 170%;\"><em>In the era of new media and simulated reality, Buadrillard states, the body still causes and suffers great consequences. As if the bodies no longer belong to us, but rather become independent machines. They become other bodies that no longer need us for survival. In this way, the bodies become duplicated, and so does the identity which is not only less fixed than ever, but also belongs to everybody and everyone. In the late 20th century, there have been significant scientific outbreaks in the fields of genetics and technology. The human body takes on a completely new meaning and form. As complicated as it is, the genetic code can be tested in the standard, structurally stable form which is not subject to disorders and mutations (Houellebecq 2004:366). Art as language event within body language becomes more important than the materialised pieces of art such as paintings, sculptures, text and written music. In its appearance as a lifestyle, the body is already visually constructed. It has a need for clothing, changing styles, intervention and redesign.<br \/>\n<\/em><\/p>\n<p class=\"MsoBodyText\" style=\"margin-top: 0cm; margin-right: 48.6pt; margin-bottom: .0001pt; margin-left: 54.0pt; line-height: 170%;\">&nbsp;<\/p>\n<p style=\"margin: 0cm 48.6pt 0.0001pt 54pt; line-height: 170%;\"><strong><em>Key words:<\/em><\/strong> <em>human body, digital art, genetic code, sculptures.<\/em><\/p>\n<p class=\"MsoNormal\" style=\"line-height: 150%;\"><span lang=\"SR\">&nbsp;<\/span><\/p>\n<p><a name=\"4inmediasres13\"><\/a><\/p>\n<p class=\"MsoNormal\" style=\"line-height: 150%;\"><span lang=\"SR\">&nbsp;<\/span><\/p>\n<hr \/>\n<table style=\"width: 755px;\" border=\"0\">\n<tbody>\n<tr>\n<td style=\"width: 215px;\" valign=\"top\"><img loading=\"lazy\" decoding=\"async\" class=\" alignleft size-full wp-image-327\" style=\"float: left;\" src=\"https:\/\/centar-fm.org\/inmediasres\/wp-content\/uploads\/sites\/2\/2018\/09\/inmediasresno1malo13to.png\" alt=\"inmediasresno13malo\" width=\"70\" height=\"103\" \/><\/p>\n<p class=\"MsoNormal\" style=\"line-height: 170%;\">\n <strong>&nbsp;7(13)#15 2018<\/strong> <\/p>\n<\/td>\n<td style=\"width: 285px;\" valign=\"top\">\n<p style=\"line-height: 170%; text-align: center;\">\n<a rel=\"license\" href=\"http:\/\/creativecommons.org\/licenses\/by-nc\/4.0\/\"><img decoding=\"async\" alt=\"Creative Commons licenca\" style=\"border-width:0\" src=\"https:\/\/i.creativecommons.org\/l\/by-nc\/4.0\/88x31.png\" \/><\/a><br \/>\u010casopis je otvorenog pristupa, a ovo djelo je dano na kori\u0161tenje pod licencom <a rel=\"license\" href=\"http:\/\/creativecommons.org\/licenses\/by-nc\/4.0\/\"><strong>Creative Commons Imenovanje-Nekomercijalno 4.0 me\u0111unarodna.<\/strong><\/a><\/p>\n<\/td>\n<td valign=\"top\">\n<p style=\"text-align: right; line-height: 150%;\" align=\"center\"><strong>UDK 159.937:572.5Vlasta Delimar<\/p>\n<p>Stru\u010dni rad<\/p>\n<p>Professional paper<\/p>\n<p>Primljeno: 29.11.2017.<\/strong><\/p>\n<\/td>\n<\/tr>\n<\/tbody>\n<\/table>\n<p class=\"MsoNormal\" style=\"line-height: 150%;\">&nbsp;<\/p>\n<p class=\"MsoNormal\" style=\"line-height: 150%;\">&nbsp;<\/p>\n<p class=\"MsoNormal\" style=\"text-align: center; line-height: 150%;\" align=\"center\"><span style=\"font-size: 15.0pt; line-height: 150%;\">Katerina Jovanovi\u0107<\/span><\/p>\n<p style=\"text-align: center; line-height: 150%;\" align=\"center\">Filozofski fakultet, Rijeka, Hrvatska<\/p>\n<p>kjovanovic90@gmail.com\n<\/p>\n<p style=\"text-align: center;\" align=\"center\"><strong> <span style=\"font-size: 16.0pt; line-height: 150%;\">Tijelo kao medij i metafora u kontekstu umjetni\u010dkog performansa<\/span><\/strong><\/p>\n<p style=\"text-align: center; line-height: 150%;\" align=\"center\"><a href=\"http:\/\/www.centar-fm.org\/inmediasres\/images\/pdf\/13\/K. Jovanovic, Tijelo kao medij i metafora u kontekstu umjetnickog performansa.pdf\"><strong><span style=\"color: #DC0101; font-size: 8.0pt;\"><br \/>\nPuni tekst: pdf (930 KB), Hrvatski, Str. 2039 &#8211; 2048<br \/>\n<\/span><\/strong><\/a><\/p>\n<p class=\"MsoNormal\" style=\"line-height: 150%;\">&nbsp;<\/p>\n<p style=\"margin: 0cm 48.6pt 0.0001pt 54pt; line-height: 170%;\"><strong><em>Sa\u017eetak<\/em><\/strong><\/p>\n<p class=\"MsoBodyText\" style=\"margin-top: 0cm; margin-right: 48.6pt; margin-bottom: .0001pt; margin-left: 54.0pt; line-height: 150%;\"><span style=\"font-size: 12.0pt; line-height: 150%; font-family: 'Times New Roman';\" lang=\"SR\">&nbsp;<\/span><\/p>\n<p class=\"MsoBodyText\" style=\"margin-top: 0cm; margin-right: 48.6pt; margin-bottom: .0001pt; margin-left: 54.0pt; line-height: 170%;\"><em>Promjena stanja svijesti, kulturolo\u0161kih segmenata, do\u017eivljaja okoline i stvarnosti, negiranje forme i umjetnosti kao kontemplativnog medija, ru\u0161enje normativnog sustava od strane umjetnika koji je nalagao estetiku lijepog i isklju\u010divost tematske slobode, svjesno ili nesvjesno, gradi novi subverzivni svijet. 60ih godina XX. st., kada dru\u0161tvo ve\u0107 lagano ulazi u postmodernizam, bri\u0161e se granica tijela i iskustva, te izbijaju razli\u010diti umjetni\u010dki oblici poput body arta, performansa, happeninga, itd. Prema tome, u ovom filozofsko \u2013 umjetni\u010dkom kontekstu, pozabavit \u0107emo se glavnim medijem tih umjetni\u010dkih oblika \u2013 tijelom. \u017divimo u vremenu u kojem je reprodukcija tijela (koje u slu\u017ebi medija biva sve vi\u0161e zastupljeno u dru\u0161tvenoj komunikaciji putem reklama, fotografije, video spotova, mode, itd.) uzela maha, a ono svoju ina\u010dicu u umjetnosti pronalazi u performansu, \u010dime se inicira estetika doga\u0111aja jer upravo performans, u slu\u017ebi doga\u0111aja, postaje simbol \u017eive umjetnosti i \u017eivog pokreta.<\/em><\/p>\n<p class=\"MsoBodyText\" style=\"margin-top: 0cm; margin-right: 48.6pt; margin-bottom: .0001pt; margin-left: 54.0pt; line-height: 170%;\">&nbsp;<\/p>\n<p style=\"margin: 0cm 48.6pt 0.0001pt 54pt; line-height: 170%;\"><strong><em>Klju\u010dne rije\u010di:<\/em><\/strong> <em>postmodernizam, umjetnost, komunikacija, body art.<\/em><\/p>\n<p class=\"MsoBodyText\" style=\"margin-top: 0cm; margin-right: 48.6pt; margin-bottom: .0001pt; margin-left: 54.0pt; line-height: 170%;\">&nbsp;<\/p>\n<p class=\"MsoNormal\" style=\"line-height: 150%;\">&nbsp;<\/p>\n<p class=\"MsoNormal\" style=\"line-height: 170%;\"><strong>1. Uvod<\/strong><\/p>\n<p class=\"MsoNormal\" style=\"line-height: 170%;\"> Dru\u0161tveni prevrati i nagli razvoj znanosti  imali su presudan utjecaj na filozofiju XX. st. Povijesni trenutak koji je  ozna\u010dio po\u010detak suvremene filozofije obilje\u017een je smr\u0107u Georga W. F. Hegela, a  ujedno se prihva\u0107a i kao po\u010detak kraja filozofije shva\u0107ene kao metafizike  (Platon i Aristotel su nastojali filozofiju definirati kroz metafiziku). Nakon  velikog Hegelovog filozofskog sistema<a name=\"_ftnref60\"><\/a><a href=\"#_ftn60\"><sup>[<span style=\"font-family: 'times new roman', times;\"><strong>60<\/strong><\/span>]<\/sup><\/a> i imaginarnog filozofskog kraja, otvorio se prostor za nova razmi\u0161ljanja. Ipak,  bilo je potrebno i nekoliko desetlje\u0107a da se pojam filozofije iznova uskladi s  novonastalom situacijom. Neosporno su tome pripomogli Hegelovi kriti\u010dari i  neposredni sljedbenici (prvenstveno se to odnosilo na Karla Marxa i mladohegelovce)  ali i filozofi koji u to vrijeme nisu bili pretjerano eksponirani, svojim  idejama trajno odre\u0111uju drugu polovicu XIX. st. Rije\u010d je o Arthuru  Schopenhaueru, S\u00f8renu Kierkegaardu, Augustu Comteu, Friedrichu Nietzscheu,  Martinu Heideggeru, Ludwigu Wittgensteinu, J\u00fcrgenu Habermasu i dr. Svi ti  filozofski velikani dijele zajedni\u010dki kriti\u010dki stav prema Hegelu i njegovoj filozofiji,  ali istovremeno su zaslu\u017eni za otkrivanje novih intelektualnih praksi u  nadolaze\u0107em stolje\u0107u. Ipak, proteklo XX. st. i dalje s pravom do\u017eivljavamo kao  suvremeno doba jer jo\u0161 uvijek \u017eivimo u kategorijama koje je ono formuliralo.  Suvremena filozofska misao i dalje neminovno tra\u017ei oslonac u prethodnicima, a  &bdquo;splet razli\u010ditih mi\u0161ljenja i shva\u0107anja koji \u010dine suvremenu filozofiju  svojim proturje\u010djem, inzistiranjem na  razlikama, odlikuju\u0107i se pokatkad isklju\u010divo\u0161\u0107u i defetizmom pred izazovima  onog \u0161to je novo i nepoznato, svojom raznovrsno\u0161\u0107u i obiljem ponu\u0111enih rje\u0161enja  ne mo\u017ee razo\u010darati ni one koji su filozofiji najmanje naklonjeni&ldquo;<a name=\"_ftnref61\"><\/a><a href=\"#_ftn61\"><sup>[<span style=\"font-family: 'times new roman', times;\"><strong>61<\/strong><\/span>]<\/sup><\/a>.  Filozofsko naslije\u0111e XIX. i XX. st. nikako se ne mo\u017ee smatrati predmetom  pro\u0161losti. Iako suvremena filozofija ne o\u010dituje svoju va\u017enost u rezultatima  koje je ostvarila, biva zapam\u0107ena po pitanjima koja i dalje ostavlja otvorenima  ili po onima koja sama otvara, jer na tragu Eugena Finka, svaka je filozofija u  onoj mjeri \u017eiva u kojoj budi nova pitanja. U ovom filozofsko \u2013 umjetni\u010dkom  kontekstu  bavila sam se tijelom koje u  slu\u017ebi medija biva sve vi\u0161e zastupljeno u dru\u0161tvenoj komunikaciji, te specifi\u010dnim  aspektima teorije zazora koja se usko ve\u017ee uz do\u017eivljaj tjelesnosti. Za  ilustraciju navedenih teorijskih postavki koristila sam umjetni\u010dki opus  hrvatske umjetnice Vlaste Delimar temeljen na tri rada: <em>Draga Vlasta<\/em>, 1985.; <em>Bez  naziva<\/em>, 1991. te <em>\u0160etnja kao lady  Godiva<\/em>, 2001.<\/p>\n<p class=\"MsoNormal\" style=\"line-height: 170%;\">&nbsp;<\/p>\n<p class=\"MsoNormal\" style=\"line-height: 170%;\"><strong>2. Tijelo kao medij i metafora<\/strong><\/p>\n<p class=\"MsoNormal\" style=\"line-height: 170%;\">Prva  iskustva \u010dovjeka i okoline neminovno su tjelesna. Uzajamno djelovanje tijela i  okoline te zna\u010denja koja proizlaze iz tog djelovanja ostaju zna\u010dajno nepromijenjena  tijekom \u017eivota, a &bdquo;promjeni je podlo\u017eno tek na\u0161e shva\u0107anje uloge tijela u  kreiranju &#8216;slike svijeta&#8217; i procesu formiranja identiteta&ldquo;<a name=\"_ftnref62\"><\/a><a href=\"#_ftn62\"><sup>[<span style=\"font-family: 'times new roman', times;\"><strong>62<\/strong><\/span>]<\/sup><\/a>. Iako  su pojam tjelesnosti i metafori\u010dki konstrukti individualni i proizvoljni  rezultat ljudskog poimanja, i postavljaju tijelo u samo sredi\u0161te ljudske orijentacije  iz \u010dega proizlaze dva osnovna gledi\u0161ta: a) zapadna tradicija koja promovira  negativno poimanje tijela \u2013 djelomi\u010dno zbog  njegove prolaznosti, a djelomi\u010dno jer se tijelo poimalo kao uto\u010di\u0161te grijeha;  b) mi\u0161ljenje da je tijelo podre\u0111eno razumu, \u010dime se evocira ideja ontolo\u0161ke  nadre\u0111enosti uma nad tijelom (kartezijanska filozofska tradicija), svijest o  va\u017enosti tijela u kreiranju osnovnih domena ljudskog djelovanja (religijske,  socijalne, kulturne, sustav vrijednosti, svjetonazor, predrasude, ideologije,  itd.) do 60-ih godina pro\u0161log stolje\u0107a ostaje kulturolo\u0161ki tabu. Kako je tijekom  XX. st sfera samoreprezentacije u svakom aspektu ljudskog \u017eivota dramati\u010dno  uznapredovala, tradicionalne metode u umjetnosti poput slikarstva ili kiparstva  bivaju potisnute izvedbenom umjetno\u0161\u0107u, pri \u010demu tijelo postaje najizravnije  sredstvo izra\u017eavanja \u2013 medij. Medij je &bdquo;tehni\u010dko sredstvo pomo\u0107u kojeg se ne\u0161to  ostvaruje, prenosi informacija, izra\u017eava subjekt, prikazuje svijet, tj. medij  je tehni\u010dko sredstvo realizacije umjetni\u010dkog djela&ldquo;<a name=\"_ftnref63\"><\/a><a href=\"#_ftn63\"><sup>[<span style=\"font-family: 'times new roman', times;\"><strong>63<\/strong><\/span>]<\/sup><\/a>. <\/p>\n<p class=\"MsoNormal\" style=\"line-height: 170%;\">Na  koji na\u010din XX. stolje\u0107e mijenja umjetni\u010dki fokus i tijelo preuzima ulogu  umjetni\u010dkog medija? &bdquo;Umjetnik vi\u0161e ne prikazuje znak za tijelo nego poku\u0161ava  locirati, izraziti i pokazati samo prisutno tijelo kao doslovno bihevioralno  tijelo ili kao fikcionalno egzistencijalno tijelo&ldquo;<a name=\"_ftnref64\"><\/a><a href=\"#_ftn64\"><sup>[<span style=\"font-family: 'times new roman', times;\"><strong>64<\/strong><\/span>]<\/sup><\/a> tuma\u010de\u0107i ga kao subjekt i objekt umjetnosti. Op\u0107enito govore\u0107i, performans  utjelovljuje povijesni moment transformacije tijela u jedinstveni umjetni\u010dki  medij, te postaje sredstvo i nosilac namjera i ideja umjetnika, tj. tijelu se  dodjeljuje uloga posrednika u spoznajnom procesu okoline. Prema tome \u010dovjek,  \u0161to nije puki slu\u010daj, i sam postaje materijalom. Tematiziraju\u0107i  ono <em>mislivo<\/em>, a nikada ono <em>vidljivo<\/em> od svijeta, ideja umjetnosti  kao stvarnosti postaje jo\u0161 realnija jer &bdquo;\u010dovjek nije jednostavno u svijetu, on  se prema tom svijetu odnosi \u2013 ima taj svijet&ldquo;<a name=\"_ftnref65\"><\/a><a href=\"#_ftn65\"><sup>[<span style=\"font-family: 'times new roman', times;\"><strong>65<\/strong><\/span>]<\/sup><\/a>. Stoga  tijelo postaje objekt umjetni\u010dkog rada &#8211; vode\u0107i nositelj doga\u0111aja. <\/p>\n<p class=\"MsoNormal\" style=\"line-height: 170%;\">Danas  u urbanom postindustrijskom dru\u0161tvu umjetnici \u010de\u0161\u0107e pribjegavaju tijelu kako bi  \u0161to vjerodostojnije izrazili sebe, vlastiti smisao i ideje. Dolazi do zamjene  gdje osnovne funkcije ljudskog tijela bivaju otu\u0111ene i pomaknute na rubove  simboli\u010dkog prikazivanja i upotrebe tijela; odnosno prednost se daje  performabilnoj dimenziji. U sjeni raspada postmoderne i raspr\u0161enosti subjekta  svjedo\u010dimo o\u017eivljavanju interesa koji se manifestira kroz pretjeranu  zastupljenost prikazivanja tijela u svrhu ostvarenja nekog vi\u0161eg cilja. Tijelo  ima &bdquo;vi\u0161ezna\u010dnu determinaciju feti\u0161a, robe, informacije, prikaza, objekta,  subjekta, simbola i ozna\u010ditelja, ali i pokaznog uzorka pomo\u0107u kojeg se otkriva  i pokazuje mo\u0107 namjera ili efekata dru\u0161tvenih totaliteta&ldquo;<a name=\"_ftnref66\"><\/a><a href=\"#_ftn66\"><sup>[<span style=\"font-family: 'times new roman', times;\"><strong>66<\/strong><\/span>]<\/sup><\/a>.  Vrlo \u010desto tijelo do\u017eivljavamo kao prvo uto\u010di\u0161te ljudskog identiteta, ono je  &bdquo;prag subjektivnosti, to\u010dka sjeci\u0161ta izme\u0111u privatnog i javnog, osobnog i  politi\u010dkog, i umjetnik u poku\u0161aju reprezentiranja sebe mora pregovarati u  slo\u017eenom jazu izme\u0111u subjektivne i objektivne uloge&ldquo;<a name=\"_ftnref67\"><\/a><a href=\"#_ftn67\"><sup>[<span style=\"font-family: 'times new roman', times;\"><strong>67<\/strong><\/span>]<\/sup><\/a>.  Ako identitet shvatimo kao kreaciju proiza\u0161lu iz &bdquo;mentalne predod\u017ebe iznikle iz  nagomilanog osobnog iskustva podjednako kao i iz usporedbe osobnih  predispozicija s okolinom koja zadaje odre\u0111ena mjerila vrijednosti&ldquo;<a name=\"_ftnref68\"><\/a><a href=\"#_ftn68\"><sup>[<span style=\"font-family: 'times new roman', times;\"><strong>68<\/strong><\/span>]<\/sup><\/a>,  izra\u017eavaju\u0107i se putem tijela umjetnici intenzivnije razvijaju vlastitu  subjektivnost i preferencije kako kroz svoj rad tako i na mjestu susreta s  recipijentom. Stoga se prednost performansa pred drugim umjetni\u010dkim medijima  o\u010dituje u tijelu kao glavnom posredniku izme\u0111u na\u0161eg vlastitog i vanjskog  svijeta. U trenutku izvo\u0111enja performansa umjetnik se svaki put iznova aktivno  suo\u010dava s vlastitim &bdquo;ja&ldquo; ali i osobnostima onih koji ga promatraju, a povratnu  informaciju prima kroz iskustvo koje donosi novo znanje, i spoznaju o dru\u0161tvu i  sebi samome kao integralnom dijelu istog. Prema tome ako se znanje zasniva na  iskustvu, savr\u0161eno znanje o sebi je nedosti\u017eno \u0161to u kona\u010dnici ostaje  zarobljeno u nestalnoj subjektivnosti. Ta nestalnost u performeru budi nagon za  stalnom komunikacijom sa svijetom pri \u010demu vrijeme postaje mre\u017ea i protok  \u017eelje, a izlaganje vlastitog tijela trajno bri\u0161e granicu istovremeno  konstruiraju\u0107i svijet tranzicija u kojem privatno postaje javno. <\/p>\n<p class=\"MsoNormal\" style=\"line-height: 170%;\">Ono  \u0161to posebno iznena\u0111uje- osobito ako uzmemo u obzir da smo i kao potro\u0161a\u010di i kao  sudionici dio konzumeristi\u010dke kulture u kojoj je tijelo prioritet komunikacije-  reakcije su  promatra\u010da na nago tijelo  koje nerijetko zavr\u0161avaju nelagodom, skretanjem pogleda, kritikom ili  zgra\u017eanjem. Tjelesnost je (jo\u0161 uvijek) breme u me\u0111uljudskoj komunikaciji i kao  takva postaje prenosilac razli\u010ditih poruka, ideja i stavova \u2013 postaje metafora.  U ovom slu\u010daju, putem svojih performansa, fotografija,  video radova i ambijenata Vlasta Delimar ukazuje na metaforu tijela kao  neprijatelja, provokacijom nastoji potaknuti   na razmi\u0161ljanje o sebi  evociraju\u0107i pitanja s kojima se te\u0161ko  suo\u010davamo jer je ponekad najte\u017ee preispitati samoga sebe i suo\u010diti se s  vlastitim uvjerenjima. U isto vrijeme metafora tijela kao ne\u010deg  nepo\u017eeljnog i sramnog, kao ne\u017eeljena nu\u017enost i mu\u010dan znak postojanja inicira  tradicijski sraz tjelesnog i duhovnog identiteta. Tjelesnost (koja je va\u017ean dio  identifikacijskog procesa svake individue) ostaje podre\u0111ena stereotipnim  procjenama lijepoga kao konvencionaliziranog estetskog proizvoda  dru\u0161tveno-kulturnog dogovora. Delimar, isti\u010du\u0107i va\u017enost tijela kroz umjetni\u010dke  intervencije, \u017eeli pokazati da konkretne reakcije tijela podra\u017eene okolinom  prevodimo u pozitivna ili negativna zna\u010denja konstruiraju\u0107i osobni i socijalni  identitet, tj. vlastiti diskurs djelovanja. Ona preko trideset godina koristi  vlastito tijelo, osobnost, erotiku kako bi se otvorila i povezala s publikom i  na taj na\u010din istaknula tijelo kao najmo\u0107niji oblik postojanja koji, ukoliko je  oslobo\u0111en svih mentalnih i fizi\u010dkih okova, otvara put samosvjesnoj osobi; eros  i thanathos. Tako \u0107e Milan Pelc zaklju\u010diti da &bdquo;tijelo umjetnice preuzima ulogu  kolektivnoga medija, koji se nudi kao plodan vrt pun bujna \u017eivota i kao fizi\u010dka  \u017ertva za grijehe (anomalije) svijeta&ldquo;<a name=\"_ftnref69\"><\/a><a href=\"#_ftn69\"><sup>[<span style=\"font-family: 'times new roman', times;\"><strong>69<\/strong><\/span>]<\/sup><\/a>.<\/p>\n<p class=\"MsoNormal\" style=\"line-height: 170%;\">&nbsp;<\/p>\n<p class=\"MsoNormal\" style=\"line-height: 170%;\"><strong>3. Zazor<\/strong><\/p>\n<p class=\"MsoNormal\" style=\"line-height: 170%;\">Zazor  kao pojam ozna\u010dava ono \u0161to u nama budi odbojnost, od \u010dega zaziremo, \u010dega se  ustru\u010davamo. Tuma\u010de\u0107i ga kao ne\u0161to u\u017easno i odvratno, ne\u0161to \u0161to mora biti  sakriveno i pre\u0161u\u0107eno, zazor u svakom simboli\u010dkom sustavu izlazi iz okvira  simbolizacije, evocira prijetnju i nelagodu ugro\u017eavaju\u0107i svaku cjelinu. Zazor  je napad na sve ljudsko i kao takvo remeti identitet, sustav ili red na koji  smo navikli. Granica koja kod \u010dovjeka osigurava kontrolu je ko\u017ea, a sve ono \u0161to  prelazi i ne po\u0161tuje tu granicu \u2013 poput menstrualne krvi, pljuva\u010dke, znoja,  izlu\u010devina, sperme, izmeta, mokra\u0107e, mlijeka, suza, itd. \u2013 do\u017eivljavamo  marginalnim i negativnim, a istovremeno se suo\u010davamo &bdquo;s onim krhkim stanjima u  kojima \u010dovjek luta teritorijima animalnoga&ldquo;<a name=\"_ftnref70\"><\/a><a href=\"#_ftn70\"><sup>[<span style=\"font-family: 'times new roman', times;\"><strong>70<\/strong><\/span>]<\/sup><\/a>.  Ba\u0161 kao \u0161to tvrdi Julija Kristeva, u zazornome nema ni\u010deg objektivnog pa \u010dak ni  objektnog, ve\u0107 ono ukazuje na o\u010ditu dvosmislenost jer procesi koji \u010dovjeku  osiguravaju \u017eivot (hrana, seks, metaboli\u010dki procesi, i dr.) u jednom trenutku  postaju procesi koji izazivaju povredu granice. Iako zazor prije svega ve\u017eemo  uz spomenuto &bdquo;nepo\u0161tivanje&ldquo; granica, o\u010dita negodovanja i osude doti\u010du se i  samog tijela. <\/p>\n<p class=\"MsoNormal\" style=\"line-height: 170%;\">Konzumeristi\u010dka  masa je zadnjih pedesetak godina ljudsko tijelo postavila u samo sredi\u0161te  estetske procjene \u010dime ga je objektivizirala i u\u010dinila ga sredstvom dokidaju\u0107i  njegovu prirodnu funkciju, a prolaznost (koja je uvjetovana protokom vremena)  izjedna\u010dila s mutacijom i kvarljivo\u0161\u0107u izvan dosega individualne kontrole. Tijelo  je forma koja se u korak s vremenom postepeno ostvaruje u antiformi; ljepota  gledanja i u\u017eivanja u mladom tijelu naspram tijela koje trajno bilje\u017ei iskustvo  \u017eivota izazivaju\u0107i zgra\u017eanje i ga\u0111enje. Godine 1985.  Vlasta Delimar izvodi performans <em>Draga Vlasta<\/em> u Galeriji doga\u0111anja u  Zagrebu, a sam performans progla\u0161en je uznemiruju\u0107im. Naime, u polumra\u010dnom  prostoru galerije ispunjene granjem Vlasta nepomi\u010dno le\u017ei, odjevena u poderanu  haljinu i polivena krvlju. <\/p>\n<p class=\"MsoNormal\" style=\"line-height: 100%;\">&nbsp;<\/p>\n<div align=\"center\">\n<p><img loading=\"lazy\" decoding=\"async\" src=\"\/inmediasres\/images\/casopisi\/Katerina_slike01.jpg\" alt=\"\" width=\"670\" height=\"441\" \/><\/p>\n<p class=\"MsoNormal\" style=\"line-height: 170%;\"><em><strong>Slika 1<\/strong>. Vlasta Delimar, <em><strong>Draga Vlasta<\/strong><\/em>, 1985., Galerija doga\u0111anja, Zagreb<\/em><\/p>\n<\/div>\n<p class=\"MsoNormal\" style=\"line-height: 170%;\">&nbsp;<\/p>\n<p class=\"MsoNormal\" style=\"line-height: 170%;\">S  druge strane, interveniraju\u0107i na fotografijama Vlasta stvara instalacije i  ambijente koje poput njezinih performansa slu\u017ee u korist simbolizacije  realnosti fokusiraju\u0107i se na redukciju tijela na elementarnu prezentaciju  spola. Tako npr. u performansu  <em>Bez naziva<\/em> iz godine 1991. isti\u010de  seksualnost uz koju tematizira maj\u010dinstvo kao i \u010dinjenicu da ona kao \u017eena,  majka i umjetnica ima pravo i na u\u017eitak. Tim radom Vlasta provocira  malogra\u0111ansku svijest kako na ra\u010dun &bdquo;nereprezentativnog&ldquo; tijela koje treba biti  pokriveno tako i na ra\u010dun izlaganja vlastitog nagog djeteta surovom svijetu.  Prema rije\u010dima autorice, negativna reakcija i negodovanje publike je i vi\u0161e  nego o\u010dekivano jer je zazor prema golom tijelu i njegovim izlu\u010devinama (bilo  kakve vrste) konstanta. <\/p>\n<p class=\"MsoNormal\" style=\"line-height: 100%;\">&nbsp;<\/p>\n<div align=\"center\">\n<p><img loading=\"lazy\" decoding=\"async\" src=\"\/inmediasres\/images\/casopisi\/Katerina_slike02.jpg\" alt=\"\" width=\"432\" height=\"600\" \/><\/p>\n<p class=\"MsoNormal\" style=\"line-height: 170%;\"><em><strong>Slika  2.<\/strong> Vlasta Delimar, <em><strong>Bez naziva<\/strong><\/em><strong>,<\/strong> 1991.<\/em><\/p>\n<\/div>\n<p class=\"MsoNormal\" style=\"line-height: 170%;\">&nbsp;<\/p>\n<p class=\"MsoNormal\" style=\"line-height: 170%;\">Kako  Vlasta i zaklju\u010duje, to je na\u0161 dokaz da u umjetnosti XX. st jo\u0161 uvijek nismo  prihvatili najprirodnije golo tijelo, zbog \u010dega je ono stradalo jo\u0161 i vi\u0161e. Na  zazornost mo\u017eemo gledati kao na vrstu narcisti\u010dke krize \u0107udorednih i ideolo\u0161ki  okupiranih pojedinaca. Njezino golo tijelo poprima oznaku stalno prisutne  materije pri \u010demu zazornost mo\u017eemo \u010dak do\u017eivjeti kao o\u010dekivani proces  prilagodbe recipijenta na njezinu umjetnost. Tako je jednom prilikom na ra\u010dun  performansa <em>\u0160etnja kao Lady Godiva<\/em> godine  2001. od strane \u017eenske gledateljice dobila grubu kritiku da je predebela i  prestara da bi javno otkrivala svoje tijelo. Vlasta je u navedenom performansu  tijelo prilagodila konceptu &bdquo;tijelo kao metafora&ldquo;, a rije\u010d je o akciji u sklopu  koje je naga i na bijelom konju Petku projahala zagreba\u010dkim sredi\u0161tem s ciljem  ukazivanja na &bdquo;individualnu odgovornost svakoga pojedinca kao i na odluci  hrabrosti u suo\u010davanju s konvencijama i nametnutim heteronomijama, ba\u0161 kao \u0161to  je Lady Godiva nagim jahanjem spasila stanovnike Coventryja od nametnutog  poreza&ldquo;. Ovakvim \u010dinom Vlastina je namjera bila probuditi sposobnost kod Drugih  da stvore nove vrijednosne cjeline, otkriti nepravdu koja se de\u0161ava svakom  pojedincu koji \u017eeli \u017eivjeti prema vlastitim pravilima i njegovati prave  dostojanstvene vrijednosti kroz \u010disto\u0107u misli. Izvedba akcije je nekoliko  godina bila stopirana i od Grada i od policije, a uvjetovano je i da umjetnica  bude odjevena. Vlasta je na kraju bila privedena od strane policije i nov\u010dano  ka\u017enjena za gra\u0111anski neposluh \u0161to je pomno iskoristila za savr\u0161en kraj akcije.  Prema rije\u010dima umjetnice, &bdquo;rije\u010d je o provokaciji s plemenitim ciljem, ne  provokaciji radi provokacije. Dr\u017eava radi protiv kulture. U ovoj dr\u017eavi kultura  je na zadnjem mjestu. Svaki pametan \u010dovjek je protiv dr\u017eave&ldquo;<a name=\"_ftnref71\"><\/a><a href=\"#_ftn71\"><sup>[<span style=\"font-family: 'times new roman', times;\"><strong>71<\/strong><\/span>]<\/sup><\/a>.<\/p>\n<p class=\"MsoNormal\" style=\"line-height: 100%;\">&nbsp;<\/p>\n<div align=\"center\">\n<p><img loading=\"lazy\" decoding=\"async\" src=\"\/inmediasres\/images\/casopisi\/Katerina_slike03.jpg\" alt=\"\" width=\"650\" height=\"469\" \/><\/p>\n<p class=\"MsoNormal\" style=\"line-height: 170%;\"><em><strong>Slika 3.<\/strong> Vlasta Delimar, <em><strong>\u0160etnja kao Lady  Godiva<\/strong><\/em>, 2001., Zagreb<\/em><\/p>\n<\/div>\n<p class=\"MsoNormal\" style=\"line-height: 170%;\">&nbsp;<\/p>\n<p class=\"MsoNormal\" style=\"line-height: 170%;\"><strong>4. Zaklju\u010dak<\/strong><\/p>\n<p class=\"MsoNormal\" style=\"line-height: 170%;\">Prepoznatljivi  sredi\u0161nji elementi Vlastinog kreativnog svijeta prvenstveno se ti\u010du na\u010dina na  koji umjetnica upotrebljava svoje otkriveno tijelo kako bi njime komunicirala,  ali jednako tako i kontrole koju razvija u odnosu na te procese otkrivanja.  Diskurs koji s opravdanjem mo\u017eemo nazvati &bdquo;skup Delimar&ldquo; predstavlja refleksiju  na stanje u umjetnosti i \u017eivotu uzrokovano pritiskom globalnog neoliberalnog  kapitalizma koji nas ostavlja posve nagima i li\u0161enima dostojanstva. Svojom  golotinjom ona nas razodijeva i postaje polazna to\u010dka na\u0161eg zaka\u0161njelog pogleda  u zrcalo koje dr\u017ei pred nama. Opravdano mo\u017eemo zaklju\u010diti kako nam Vlasta kroz  svoju dugogodi\u0161nju umjetni\u010dku strategiju beskompromisno nude\u0107i sebe, zapravo  nudi alternativni na\u010din za spoznaju nas samih i vlastite okoline. <\/p>\n<p class=\"MsoNormal\" style=\"line-height: 150%;\">&nbsp;<\/p>\n<hr align=\"left\" size=\"1\" width=\"33%\" \/>\n<div id=\"ftn60\">\n<p class=\"MsoNormal\" style=\"line-height: 150%;\"><span style=\"font-size: 8.0pt;\"><a name=\"_ftn60\"><\/a><a href=\"#_ftnref60\"><sup>[<span style=\"font-family: 'times new roman', \ntimes;\"><strong>60<\/strong><\/span>]<\/sup><\/a>&nbsp;<br \/>\nZa Hegela je cjelokupna  stvarnost jedna jedinstvena, apsolutna ideja. Ona predstavlja jedinstvo  subjekta i objekta i neprekidno se razvija kre\u0107u\u0107i se unutar sebe. Hegelov  sistem je bio najve\u0107i filozofski sistem prema kojemu apsolutna ideja u svom  samorazvoju prolazi kroz tri osnovne faze: na samom po\u010detku ideja je \u010dista  misao i tada jo\u0161 ni\u0161ta ne zna o sebi, a time se bavi <em>logika<\/em>; u drugoj fazi apsolutna ideja postaje objekt svog  istra\u017eivanja, tj. po\u010dinje se ispitivati kroz prirodu i time se bavi <em>filozofija prirode<\/em>; u tre\u0107oj fazi  apsolutna ideja ulazi u fazu duha kada spoznaje sve o sebi i time se bavi <em>filozofija duha<\/em>. <\/p>\n<p><\/span><\/p>\n<\/div>\n<div id=\"ftn61\">\n<p class=\"MsoNormal\" style=\"line-height: 150%;\"><span style=\"font-size: 8.0pt;\"><a name=\"_ftn61\"><\/a><a href=\"#_ftnref61\"><sup>[<span style=\"font-family: 'times new roman', \ntimes;\"><strong>61<\/strong><\/span>]<\/sup><\/a>&nbsp;<br \/>\nMilan Uzelac, <em>Glavni pravci savremene filozofije <\/em>(Novi  Sad: Studio Veris, 2011),  5. <\/p>\n<p><\/span><\/p>\n<\/div>\n<div id=\"ftn62\">\n<p class=\"MsoNormal\" style=\"line-height: 150%;\"><span style=\"font-size: 8.0pt;\"><a name=\"_ftn62\"><\/a><a href=\"#_ftnref62\"><sup>[<span style=\"font-family: 'times new roman', \ntimes;\"><strong>62<\/strong><\/span>]<\/sup><\/a>&nbsp;<br \/>\nDanijela Marot Ki\u0161, &bdquo;Metafori\u010dko  konstruiranje tjelesnosti kao ishodi\u0161ta identiteta&ldquo;, <em>Filozofska istra\u017eivanja <\/em>30 (2010): 659.<\/p>\n<p><\/span><\/p>\n<\/div>\n<div id=\"ftn63\">\n<p class=\"MsoNormal\" style=\"line-height: 150%;\"><span style=\"font-size: 8.0pt;\"><a name=\"_ftn63\"><\/a><a href=\"#_ftnref63\"><sup>[<span style=\"font-family: 'times new roman', \ntimes;\"><strong>63<\/strong><\/span>]<\/sup><\/a>&nbsp;<br \/>\nMi\u0161ko \u0160uvakovi\u0107, <em>Pojmovnik suvremene umjetnosti <\/em>(Zagreb:  Horetzky, 2005), 363.<\/p>\n<p><\/span><\/p>\n<\/div>\n<div id=\"ftn64\">\n<p class=\"MsoNormal\" style=\"line-height: 150%;\"><span style=\"font-size: 8.0pt;\"><a name=\"_ftn64\"><\/a><a href=\"#_ftnref64\"><sup>[<span style=\"font-family: 'times new roman', \ntimes;\"><strong>64<\/strong><\/span>]<\/sup><\/a>&nbsp;<br \/>\nLuca Jovi\u0107, <em>Tijelo kao medij<\/em>, preuzeto s: <a href=\"goo.gl\/6LUiVI\">goo.gl\/6LUiVI <\/a><\/span><\/p>\n<\/div>\n<div id=\"ftn65\">\n<p class=\"MsoNormal\" style=\"line-height: 150%;\"><span style=\"font-size: 8.0pt;\"><a name=\"_ftn65\"><\/a><a href=\"#_ftnref65\"><sup>[<span style=\"font-family: 'times new roman', \ntimes;\"><strong>65<\/strong><\/span>]<\/sup><\/a>&nbsp;<br \/>\nMilan Uzelac, <em>Fenomenologija umjetnosti: uvod u  transcendentalnu kozmologiju<\/em> (Novi Sad: Studio Veris, 2008), 30.<br \/>\n<\/span><\/p>\n<\/div>\n<div id=\"ftn66\">\n<p class=\"MsoNormal\" style=\"line-height: 150%;\"><span style=\"font-size: 8.0pt;\"><a name=\"_ftn66\"><\/a><a href=\"#_ftnref66\"><sup>[<span style=\"font-family: 'times new roman', \ntimes;\"><strong>66<\/strong><\/span>]<\/sup><\/a>&nbsp;<br \/>\nMi\u0161ko \u0160uvakovi\u0107, <em>Pojmovnik suvremene umjetnosti <\/em>(Zagreb:  Horetzky, 2005), 629. <\/p>\n<p><\/span><\/p>\n<\/div>\n<div id=\"ftn67\">\n<p class=\"MsoNormal\" style=\"line-height: 150%;\"><span style=\"font-size: 8.0pt;\"><a name=\"_ftn67\"><\/a><a href=\"#_ftnref67\"><sup>[<span style=\"font-family: 'times new roman', \ntimes;\"><strong>67<\/strong><\/span>]<\/sup><\/a>&nbsp;<br \/>\nHannah Westley, <em>The Body as Medium and Metaphor<\/em> (Amsterdam \u2013 New York: Rodopi, 2008), 7.<br \/>\n<\/span><\/p>\n<\/div>\n<div id=\"ftn68\">\n<p class=\"MsoNormal\" style=\"line-height: 150%;\"><span style=\"font-size: 8.0pt;\"><a name=\"_ftn68\"><\/a><a href=\"#_ftnref68\"><sup>[<span style=\"font-family: 'times new roman', \ntimes;\"><strong>68<\/strong><\/span>]<\/sup><\/a>&nbsp;<br \/>\nDanijela Marot Ki\u0161,  &bdquo;Metafori\u010dko konstruiranje tjelesnosti kao ishodi\u0161ta identiteta&ldquo;, <em>Filozofska istra\u017eivanja <\/em>30 (2010): 655.<br \/>\n<\/span><\/p>\n<\/div>\n<div id=\"ftn69\">\n<p class=\"MsoNormal\" style=\"line-height: 150%;\"><span style=\"font-size: 8.0pt;\"><a name=\"_ftn69\"><\/a><a href=\"#_ftnref69\"><sup>[<span style=\"font-family: 'times new roman', \ntimes;\"><strong>69<\/strong><\/span>]<\/sup><\/a>&nbsp;<br \/>\nMilan Pelc, &bdquo;EROS \u2026 kona\u010dno glosa uz Vlastu Delimar&ldquo;, u: <em>Vlasta Delimar: To  sam ja<\/em>, ur. Martina Munivrana (Zagreb: Domino, 2014), 154.<br \/>\n<\/span><\/p>\n<\/div>\n<div id=\"ftn70\">\n<p class=\"MsoNormal\" style=\"line-height: 150%;\"><span style=\"font-size: 8.0pt;\"><a name=\"_ftn70\"><\/a><a href=\"#_ftnref70\"><sup>[<span style=\"font-family: 'times new roman', \ntimes;\"><strong>70<\/strong><\/span>]<\/sup><\/a>&nbsp;<br \/>\nJulia Kristeva, <em>Mo\u0107i u\u017easa<\/em> (Zagreb: Naprijed, 1989), 19.<br \/>\n<\/span><\/p>\n<\/div>\n<div id=\"ftn71\">\n<p class=\"MsoNormal\" style=\"line-height: 150%;\"><span style=\"font-size: 8.0pt;\"><a name=\"_ftn71\"><\/a><a href=\"#_ftnref71\"><sup>[<span style=\"font-family: 'times new roman', \ntimes;\"><strong>71<\/strong><\/span>]<\/sup><\/a>&nbsp;<br \/>\nSuzana Marjani\u0107, &bdquo;Vlasta Delimar ili <em>\u017eena  je \u017eena je \u017eena<\/em>\u2026: auto\/biografski performansi&ldquo;, u: <em>Vlasta Delimar: To  sam ja<\/em>, ur. Martina Munivrana (Zagreb: Domino, 2014), 75.<br \/>\n<\/span><\/p>\n<\/div>\n<p class=\"MsoNormal\" style=\"line-height: 150%;\">&nbsp;<\/p>\n<p class=\"MsoNormal\" style=\"line-height: 170%;\"><strong>Literatura:<\/strong><\/p>\n<p class=\"MsoNormal\" style=\"line-height: 170%;\">Jovi\u0107,  Luca. &bdquo;Tijelo kao medij&ldquo;. goo.gl\/ZfeKHp <\/p>\n<p class=\"MsoNormal\" style=\"line-height: 170%;\">Kristeva, Julija.<em> Mo\u0107i u\u017easa<\/em>. Zagreb: Naprijed, 1989.<\/p>\n<p class=\"MsoNormal\" style=\"line-height: 170%;\">Marjani\u0107, Suzana. &bdquo;Vlasta Delimar ili <em>\u017eena je \u017eena je \u017eena<\/em>\u2026: auto\/biografski  performansi&ldquo;. U: <em>Vlasta Delimar: To sam  ja<\/em>, ur. Martina Munivrana, 47 \u2013 88. Zagreb: Domino, 2014.<\/p>\n<p class=\"MsoNormal\" style=\"line-height: 170%;\">Marot  Ki\u0161, Danijela. &bdquo;Metafori\u010dko konstruiranje tjelesnosti kao ishodi\u0161ta  identiteta&ldquo;. <em>Filozofska istra\u017eivanja <\/em>30(4):  655 \u2013 670<\/p>\n<p class=\"MsoNormal\" style=\"line-height: 170%;\">Pelc,  Milan. &bdquo;EROS \u2026 kona\u010dno glosa uz Vlastu Delimar&ldquo;. U: <em>Vlasta Delimar: To sam ja<\/em>, ur. Martina Munivrana, 151 \u2013 158. Zagreb:  Domino, 2014.<\/p>\n<p class=\"MsoNormal\" style=\"line-height: 170%;\">\u0160uvakovi\u0107, Mi\u0161ko.<em> Pojmovnik suvremene umjetnosti<\/em>. Zagreb: Horetzky, 2005.<\/p>\n<p class=\"MsoNormal\" style=\"line-height: 170%;\">Uzelac, Milan. <em>Fenomenologija umjetnosti<\/em>. Novi Sad: Veris studio, 2008.<\/p>\n<p class=\"MsoNormal\" style=\"line-height: 170%;\">Uzelac Milan. <em>Glavni pravci savremene filozofije. <\/em>Novi Sad: Studio Veris, 2011.<\/p>\n<p class=\"MsoNormal\" style=\"line-height: 170%;\">Westley, Hannah. <em>The  Body as Medium and Metaphor<\/em>. New York: Rodopi, 2008.<\/p>\n<p class=\"MsoNormal\" style=\"line-height: 150%;\">&nbsp;<\/p>\n<p style=\"text-align: center;\" align=\"center\"><strong> <span style=\"font-size: 13.0pt; line-height: 150%;\">Body as a Medium and Metaphor in the Context of Performance Art<\/span><\/strong><\/p>\n<p class=\"MsoNormal\" style=\"line-height: 150%;\">&nbsp;<\/p>\n<p style=\"margin: 0cm 48.6pt 0.0001pt 54pt; line-height: 170%;\"><em><strong>Abstract<\/strong><\/em><\/p>\n<p class=\"MsoBodyText\" style=\"margin-top: 0cm; margin-right: 48.6pt; margin-bottom: .0001pt; margin-left: 54.0pt; line-height: 150%;\"><span style=\"font-size: 12.0pt; line-height: 150%; font-family: 'Times New Roman';\" lang=\"SR\">&nbsp;<\/span><\/p>\n<p class=\"MsoBodyText\" style=\"margin-top: 0cm; margin-right: 48.6pt; margin-bottom: .0001pt; margin-left: 54.0pt; line-height: 170%;\"><em><br \/>\nConsciously or unconsciously, a new subversive world has been built with the change of consciousness, cultural segments, environment and reality experiences, as well as the emerging denial of form and art as contemplative medium, and the demolition of standards by artists who dictated the aesthetics of beauty and exclusivity of thematic freedom.<\/em><\/p>\n<p><span style=\"mso-tab-count: 1;\">&nbsp;&nbsp;&nbsp;&nbsp;&nbsp;&nbsp;<\/span><\/p>\n<p class=\"MsoBodyText\" style=\"margin-top: 0cm; margin-right: 48.6pt; margin-bottom: .0001pt; margin-left: 54.0pt; line-height: 170%;\"><em><br \/>\nDuring the sixties, when the society is already slowly getting into postmodernism, the boundary between the body and experience is fading and new, different art forms such as body art, performance, happening, etc. are bursting to the surface. Therefore, in this philosophical-artistic context, we are going to deal with the major medium of these art forms, the body.<\/em><\/p>\n<p><span style=\"mso-tab-count: 1;\">&nbsp;&nbsp;&nbsp;&nbsp;&nbsp;&nbsp;<\/span><\/p>\n<p class=\"MsoBodyText\" style=\"margin-top: 0cm; margin-right: 48.6pt; margin-bottom: .0001pt; margin-left: 54.0pt; line-height: 170%;\"><em><br \/>\nWe live in the age when the reproduction of body as a medium has been overrepresented in social communication (through commercials, photography, music videos, fashion etc.). Furthermore, another form of its representation can be found in the performance art which initiates the aesthetics of a happening because, it is the performance that, when in service of happening, becomes a symbol of a living art and living movement. <\/p>\n<p><\/em><\/p>\n<p class=\"MsoBodyText\" style=\"margin-top: 0cm; margin-right: 48.6pt; margin-bottom: .0001pt; margin-left: 54.0pt; line-height: 170%;\">&nbsp;<\/p>\n<p style=\"margin: 0cm 48.6pt 0.0001pt 54pt; line-height: 170%;\"><strong><em>Key words:<\/em><\/strong> <em>postmodernism, art, communication, body art.<\/em><\/p>\n<p class=\"MsoNormal\" style=\"line-height: 150%;\"><span lang=\"SR\">&nbsp;<\/span><\/p>\n<p><a name=\"5inmediasres13\"><\/a><\/p>\n<p class=\"MsoNormal\" style=\"line-height: 150%;\"><span lang=\"SR\">&nbsp;<\/span><\/p>\n<hr \/>\n<table style=\"width: 755px;\" border=\"0\">\n<tbody>\n<tr>\n<td style=\"width: 215px;\" valign=\"top\"><img loading=\"lazy\" decoding=\"async\" class=\" alignleft size-full wp-image-327\" style=\"float: left;\" src=\"https:\/\/centar-fm.org\/inmediasres\/wp-content\/uploads\/sites\/2\/2018\/09\/inmediasresno1malo13to.png\" alt=\"inmediasresno13malo\" width=\"70\" height=\"103\" \/><\/p>\n<p class=\"MsoNormal\" style=\"line-height: 170%;\">\n <strong>&nbsp;7(13)#16 2018<\/strong> <\/p>\n<\/td>\n<td style=\"width: 315px;\" valign=\"top\">\n<p style=\"line-height: 170%; text-align: center;\">\n<a rel=\"license\" href=\"http:\/\/creativecommons.org\/licenses\/by-nc\/4.0\/\"><img decoding=\"async\" alt=\"Creative Commons licenca\" style=\"border-width:0\" src=\"https:\/\/i.creativecommons.org\/l\/by-nc\/4.0\/88x31.png\" \/><\/a><br \/>\u010casopis je otvorenog pristupa, a ovo djelo je dano na kori\u0161tenje pod licencom <a rel=\"license\" href=\"http:\/\/creativecommons.org\/licenses\/by-nc\/4.0\/\"><strong>Creative Commons Imenovanje-Nekomercijalno 4.0 me\u0111unarodna.<\/strong><\/a><\/p>\n<\/td>\n<td valign=\"top\">\n<p style=\"text-align: right; line-height: 150%;\" align=\"center\"><strong>UDK 111:004.946<\/p>\n<p>Pregledni \u010dlanak<\/p>\n<p>Review article<\/p>\n<p>Primljeno: 30.11.2017.<\/strong><\/p>\n<\/td>\n<\/tr>\n<\/tbody>\n<\/table>\n<p class=\"MsoNormal\" style=\"line-height: 150%;\">&nbsp;<\/p>\n<p class=\"MsoNormal\" style=\"line-height: 150%;\">&nbsp;<\/p>\n<p class=\"MsoNormal\" style=\"text-align: center; line-height: 150%;\" align=\"center\"><span style=\"font-size: 15.0pt; line-height: 150%;\">Bernard \u0160poljari\u0107<\/span><\/p>\n<p style=\"text-align: center; line-height: 150%;\" align=\"center\">Filozofski fakultet Sveu\u010dili\u0161ta u Zagrebu<\/p>\n<p>bernard.spoljar@gmail.com<\/p>\n<p style=\"text-align: center;\" align=\"center\"><strong> <span style=\"font-size: 16.0pt; line-height: 150%;\">Domena virtualnog: analogon ili ekstenzija svekolikog bivstvovanja<\/span><\/strong><\/p>\n<p style=\"text-align: center; line-height: 150%;\" align=\"center\"><a href=\"http:\/\/www.centar-fm.org\/inmediasres\/images\/pdf\/13\/B. Spoljaric, Domena virtualnog, analogon ili ekstenzija svekolikog bivstvovanja.pdf\"><strong><span style=\"color: #DC0101; font-size: 8.0pt;\"><br \/>\nPuni tekst: pdf (1060 KB), Hrvatski, Str. 2049 &#8211; 2062<br \/>\n<\/span><\/strong><\/a><\/p>\n<p class=\"MsoNormal\" style=\"line-height: 150%;\">&nbsp;<\/p>\n<p style=\"margin: 0cm 48.6pt 0.0001pt 54pt; line-height: 170%;\"><strong><em>Sa\u017eetak<\/em><\/strong><\/p>\n<p class=\"MsoBodyText\" style=\"margin-top: 0cm; margin-right: 48.6pt; margin-bottom: .0001pt; margin-left: 54.0pt; line-height: 150%;\"><span style=\"font-size: 12.0pt; line-height: 150%; font-family: 'Times New Roman';\" lang=\"SR\">&nbsp;<\/span><\/p>\n<p class=\"MsoBodyText\" style=\"margin-top: 0cm; margin-right: 48.6pt; margin-bottom: .0001pt; margin-left: 54.0pt; line-height: 170%;\"><em>Pojava programskog in\u017eenjeringa ozna\u010dila je novu epohu u konstituciji ljudske egzistencije. U njenom okviru djelovanje \u010dovjeka se  protegnulo u jo\u0161 jednu dimenziju. Ta dimenzija virtualnog u kontekstu ra\u010dunalstva, u \u0161irem smislu biva shva\u0107ena na na\u010din ograni\u010denog podru\u010dja djelovanja i interakcije putom stvarnosti transformirane u fizi\u010dku neprisutnost. Osim potrebe za stro\u017eim definiranjem pojmova virtualnost, te medij, shva\u0107en ne samo kao posredni\u0161tvo u razmjeni informacija na liniji \u010dovjek- \u010dovjek nego kao posredni\u0161tvo u odnosu \u010dovjek-bivstvovanje, od posebnog je filozofskog zna\u010daja u\u0107i u poimanje ove transformacije kao translacije onih uvjeta mogu\u0107nosti pojavnosti bivstovanja posredstvom ljudskog uma i formi mi\u0161ljenja koje ga odre\u0111uju. <\/em><\/p>\n<p class=\"MsoBodyText\" style=\"margin-top: 0cm; margin-right: 48.6pt; margin-bottom: .0001pt; margin-left: 54.0pt; line-height: 170%;\">&nbsp;<\/p>\n<p style=\"margin: 0cm 48.6pt 0.0001pt 54pt; line-height: 170%;\"><strong><em>Klju\u010dne rije\u010di:<\/em><\/strong> <em>virtualno, medij, stvarnost, \u010dovjek, bivstovanje, ra\u010dunalstvo, programiranje.<\/em><\/p>\n<p class=\"MsoBodyText\" style=\"margin-top: 0cm; margin-right: 48.6pt; margin-bottom: .0001pt; margin-left: 54.0pt; line-height: 170%;\">&nbsp;<\/p>\n<p class=\"MsoNormal\" style=\"line-height: 150%;\">&nbsp;<\/p>\n<p class=\"MsoNormal\" style=\"line-height: 170%;\"><strong>Uvod<\/strong><\/p>\n<p class=\"MsoNormal\" style=\"line-height: 170%;\">Ovim radom predstavljeno je istra\u017eivanje suvremenih tendencija preno\u0161enja  prirodne kompleksnosti u domenu koja za \u010dovjeka jo\u0161 uvijek predstavlja <em>novum <\/em>i oblast neistra\u017eenih potencijala.  Rije\u010d je o domeni <em>virtualnog<\/em>. Temeljno  pitanje ovog rada sadr\u017eano u naslovu glasi: je li domena virtualnog tek  analogon ili predstavlja dubinsku protkanost bivstvovanjem koje na taj na\u010din  uspostavlja nove na\u010dine eksplikacije i javljanja za motre\u0107u svijest? U nadi da  \u0107e ovaj rad i predstavljeno istra\u017eivanje do\u0107i do konkretnog odgovora na ovo  jasno pretpostavljeno pitanje, ali i da \u0107e zadovoljiti kriterije kompleksnosti  sadr\u017eaja i sabrati sve bitne segmente, valja se povesti metodom korjenitog  ispitivanja klju\u010dnih pojmova.<\/p>\n<p class=\"MsoNormal\" style=\"line-height: 170%;\">To se u prvom redu odnosi na adekvatno baratanje glavnim pojmovima koji  se ovdje imaju razlo\u017eiti u svjetlu interdisciplinarnog pristupa koji sabire  uvide: filozofije, bioetike, ra\u010dunalstva, genetike, biologije i jo\u0161 nekih  znanosti koje \u0107e na\u0107i svoje mjesto u daljnjoj razradi.<\/p>\n<p class=\"MsoNormal\" style=\"line-height: 170%;\">Uvodno kao klju\u010dan pojam valja analizirati \u0161to, kako i za\u0161to poimamo pod  pojmom <em>virtualnosti<\/em>. Shva\u0107ena kao  pridjev, rije\u010d <em>virtualno <\/em>sadr\u017ei tri  temeljna zna\u010denja: 1.) postojati ili ishoditi su\u0161tinu ili u\u010dinak, ali ne u  pravoj (\u010dinjeni\u010dnoj) stvarnosti, obli\u010dju niti pojmu (<em>Online Etymology Dictionary<\/em>). Dakle, ne u objektu, ne na na\u010din <em>da se je<\/em> objekt kojeg se reproducira na  virtualan na\u010din. 2.) Postojati u umu ponajprije kao proizvod uobrazilje. Drugo  zna\u010denje biva izvedeno iz prethodnog kao preduvjet svake mogu\u0107nosti onome \u0161to se  javlja u tehni\u010dko-tehnolo\u0161kom ozbiljenju. 3.) Zna\u010denje koja ova rije\u010d zadobiva  u ra\u010dunalstvu radi kompleksnosti valja razlo\u017eiti na tri manja, pa tako imamo:  3a) postojati kao ili na na\u010din digitalnih medija; 3b) odnositi se ili postojati  spram\/u virtualnoj stvarnosti (pri \u010demu se ve\u0107 odaje sposobnost obuhvatnosti i  \u0161irine domene virtualnosti); 3c) imitirati funkciju drugog sustava ili ure\u0111aja  (<em>The Free Dictionary by Farlex<\/em>).<\/p>\n<p class=\"MsoNormal\" style=\"line-height: 170%;\">S druge strane ostaje pogledati etimolo\u0161ku podlogu shva\u0107anju pojma <em>virtualnosti<\/em>. U prvom redu isti\u010de se  porijeklo koje ovaj pojam ima u latinskoj rije\u010di <em>virtualis<\/em>, pridjevu poznatom od 14. stolje\u0107a, koji zna\u010di: fizi\u010dkim  mogu\u0107nostima (lat. <em>Virtus<\/em> = vrsnost,  mo\u017enost, djelotvornost) efikasno\/efektivno\/djelotvorno utjecati, s obzirom na  po naravi uro\u0111ene kvalitete. Dubljim istra\u017eivanjem ove etimologije otkrivaju se  korijeni u srednjovjekovnom latinskom u kontekstu kojeg spomenuta  djelotvornost, odnosno potentnost shva\u0107ena kao efikasnost biva utemeljena na  ideji <em>mu\u017eevnosti<\/em>, a to se raskriva preko  korijena rije\u010di, u ovome <em>vir-<\/em>, \u0161to  zna\u010di <em>mu\u017e<\/em>, a se\u017ee jo\u0161 u razdoblje  proto-indoeuropskog jezika i oblik <em>w\u012b-ro-, <\/em>\u0161to tako\u0111er zna\u010di \u2013 <em>mu\u017e<\/em> (<em>Online Etymology Dictionary<\/em>). Tako\u0111er  ovo razumijevanje mo\u017ee razjasniti i posljedi\u010dan uvid na primjeru rije\u010di <em>trium-vir-atus<\/em>, \u0161to dolazi od  starolatinske fraze <em>trium virum<\/em>, \u0161to  je genitiv mno\u017eine od <em>tres viri<\/em>,  odnosno &bdquo;tri mu\u017ea&ldquo;, pri \u010demu je <em>viri<\/em> opet, jasno je, mno\u017eina korijena <em>vir. <\/em>Tako  \u0107e se recimo u ruskom za <em>trijumvirat<\/em> na\u0107i prijevod <em>trojka<\/em>, \u0161to \u0107e dodatno rasvijetliti  \u010dinjenicu da se radi o mu\u0161kom rodu (<em>Online  Etymology Dictionary<\/em>). S obzirom na rodne aspekte kulturno-civilizacijskog  kruga anti\u010dkog Rima, a i srednjovjekovlja u kojem ovaj latinski izraz zadobiva  svoje odre\u0111enje, jasno je kako se njime \u017eeli ukazati na aktivni karakter mo\u0107i i  stvarala\u0161tva. Otuda analize nastavljaju shva\u0107anja, kao npr. biti ne\u0161to u <em>biti<\/em> (esenciji, su\u0161tini) ili u\u010dinku, ali  ne ba\u0161 zapravo, u stvarnosti, na taj na\u010din; ne <em>u stvari<\/em>. To zna\u010denjsko obli\u010dje svoj modus zadobiva u 15. stolje\u0107u,  opet povratno na spomenuti korijen i shva\u0107anje korijena <em>virtu-<\/em>, u smislu vrline, a \u0161to bi zna\u010dilo &bdquo;sposobnost stvaranja  odre\u0111enog u\u010dinka&ldquo;.<\/p>\n<p class=\"MsoNormal\" style=\"line-height: 170%;\">U ra\u010dunalstvu pojam virtualnosti koristi se za ozna\u010davanje ne-fizikalnog  postojanja, ali prikazivanja iste stvari (koja ne postoji) posredstvom  softvera, a u upotrebi je od pedesetih godina 20. stolje\u0107a. Prema mnogim  izvorima konkretizira se godina 1959. kao godina aktualizacije pojma u ovoj  domeni, a sa sigurno\u0161\u0107u se mo\u017ee re\u0107i da se radi o projektu dizajniranja stroja  druge generacije, <em>Atlas ra\u010dunala<\/em> na  Sveu\u010dili\u0161tu u Manchesteru, u okviru kojeg projekta i proizlazi definicija koja  po svim bitnim elementima sabire spomenutu etimologiju i ukazuje na budu\u0107i  smjer kretanja u tehnolo\u0161kom razvoju:<\/p>\n<p class=\"MsoNormal\" style=\"line-height: 170%;\">&bdquo;Virtualna memorija simulacija je pohrambenog prostora tako velikog da  programeri ne trebaju presnimavati programe, autori ne trebaju presnimavati  dokumente onda kada se mijenja sadr\u017eaj programskog modula, kapacitet lokalne  memorije ili konfigurirane mre\u017ee. Naziv posu\u0111en iz optike, podsje\u0107a na  virtualne slike formirane u zrcalima i le\u0107ama \u2013 slike koje nisu tamo, ali  pona\u0161anje je kao da jesu.&ldquo;<a name=\"_ftnref72\"><\/a><a href=\"#_ftn72\"><sup>[<span style=\"font-family: 'times new roman', times;\"><strong>72<\/strong><\/span>]<\/sup><\/a> (Denning, 1996:1).<\/p>\n<p class=\"MsoNormal\" style=\"line-height: 170%;\">Pored razlo\u017eenog pojma virtualnosti, za ovo istra\u017eivanje drugi va\u017ean  pojam jest pojam <em>medija<\/em>. Iako sam  pojam svoju upotrebu zadobiva u \u0161iroj diskurzivnoj domeni u odnosu na prethodni  pojam te se s pojavom i razvojem izvjestiteljske infrastrukture koristi sa sve  ve\u0107om frekvencijom, \u010desto kao da biva zaboravljeno ili na stranu ostavljeno  zna\u010denje <em>medija<\/em> kao posredni\u0161tva  izme\u0111u dvije sfere. Cilj je istaknuti kako ovaj pojam ne ozna\u010dava podru\u010dje, tj.  prostor doga\u0111anja, nego sredstva komunikacije s ulogom preno\u0161enja podataka do  one sfere u kojoj \u0107e ovi podaci postati informacija. U ovom istra\u017eivanju pojam <em>medija <\/em>sepoglavito  shva\u0107a kao  posredni\u0161tvo, odnosno most \u2013 prijenosnik, a sagledat \u0107e se na koji na\u010din  razli\u010diti modusi bivstvovanja preuzimaju ulogu <em>medija<\/em>, ve\u0107 s obzirom na prostranost domena izme\u0111u kojih posreduju,  a posebice zanimljiva bit \u0107e uloga \u010dovjeka kao medija i narav te medijalnosti.<\/p>\n<p class=\"MsoNormal\" style=\"line-height: 170%;\">&nbsp;<\/p>\n<p class=\"MsoNormal\" style=\"line-height: 170%;\"><strong>Programske strukture i DNK  programiranje<\/strong><\/p>\n<p class=\"MsoNormal\" style=\"line-height: 170%;\">Osnovni konstitutivni element programske strukture digitalnih ra\u010dunala  jest <em>bit<\/em>. Drugim rije\u010dima, <em>bit <\/em>je osnovna informacijska jedinica u  digitalnim ra\u010dunalima i digitalnoj komunikaciji, koja istovremeno mo\u017ee imati  samo jednu od dvije mogu\u0107e vrijednosti; 0 ili 1, \u0161to se kao svojstvo ozna\u010dava  pojmom \u2013 <em>binarnost<\/em>.<\/p>\n<p class=\"MsoNormal\" style=\"line-height: 170%;\">Razli\u010dita ra\u010dunala koriste razli\u010dite (slo\u017eenije) sheme binarnih kodova \u2013  1 <em>bajt<\/em> = 8 <em>bita<\/em>. No <em>bit<\/em>  poput atoma ostaje najmanja pohrambena  jedinica. Ono \u0161to mi pratimo kao manifestaciju u prikazu na na\u010din dokumenta,  slike, animacije, ako se slu\u017eimo digitalnim ra\u010dunalima, nije ni\u0161ta drugo nego  nakupina <em>bitova<\/em> u tisu\u0107ama, milijunima,  milijardama, itd., i kombinacije ovih, ve\u0107 prema slo\u017eenosti strukture  konkretnog prikaza.<\/p>\n<p class=\"MsoNormal\" style=\"line-height: 170%;\">Kada govorimo o odnosu biolo\u0161ke strukture \u017eivota, onoga \u0161to se obi\u010dno  naziva <em>prirodnom<\/em> domenom, i <em>virtualne<\/em> strukture, domene unutar  programskog in\u017eenjeringa, prvo bih zastao pri tome da u ovoj binarnoj strukturi  kao i u genetskoj govorimo o pohrani podataka. DNK (deoksiribonukleinska  kiselina) u svom obli\u010dju dvostruke spiralne zavojnice sastavljene od \u010detiriju  gra\u0111evnih jedinica zvanih <em>nukleotidi<\/em>:  (A) <em>adenin<\/em>, (C) <em>citozin<\/em>, (G) <em>gvanin<\/em> i (T) <em>timin<\/em>; sadr\u017ei i prenosi upute za  razvoj stani\u010dnih oblika \u017eivota i ve\u0107ine virusa, i time je osnova specifi\u010dnosti  biolo\u0161ke raznolikosti oblika. DNK, mo\u017ee se re\u0107i, svojim preno\u0161enjem nasljednog  materijala i osobina kodira svojstva organske strukture; drugim rije\u010dima, rabi genetski  kod, a samim time prema ulozi, predstavlja paralelu binarnoj strukturi  digitalnih ra\u010dunala.<\/p>\n<p class=\"MsoNormal\" style=\"line-height: 170%;\">Klju\u010dni pojam na osnovu kojeg se da izvesti paralela DNK strukture i  binarne strukture je \u2013 <em>pohrana podataka<\/em>.  O DNK znamo kako pohranjuje genetske informacije kao i nacrte za izgradnju  proteina: prvo transkribiraju\u0107i u RNK (ribonukleinska kiselina) pa prevo\u0111enjem  potpune sekvence u protein.<\/p>\n<p class=\"MsoNormal\" style=\"line-height: 170%;\">Od osnovnih prigovora na ra\u010dun teorija sli\u010dnosti digitalne i DNK pohrane  podataka dvije su teze koje s obzirom na probleme koje isti\u010du vrijedi posebno  istaknuti. Jedan od ovih prigovora vo\u0111en je linijom kako upravo RNK mo\u017ee  djelovati kao enzim time mijenjaju\u0107i DNK strukturu na nepredvidljiv na\u010din.  Drugi prigovor ka\u017ee kako se digitalni ra\u010dunalni sustav od DNK radikalno  razlikuje po tome \u0161to u DNK lancu nemamo odre\u0111eni procesor (<em>CPU <\/em>\u2013 sredi\u0161nja jedinica za obradu)<a name=\"_ftnref73\"><\/a><a href=\"#_ftn73\"><sup>[<span style=\"font-family: 'times new roman', times;\"><strong>73<\/strong><\/span>]<\/sup><\/a> i  zbog toga nemamo distinkciju <em>podatak<\/em>\/<em>instrukcija<\/em>, nego sve mo\u017ee biti oboje;  ono \u0161to imamo, eventualno su po\u010detni i zavr\u0161ni \u010dlanovi (Smilodon&#8217;s Retreat,  2014). Ipak, pored ovih skepti\u010dnih stavova ocjenjujem kako se mora prihvatiti  ve\u0107a kompleksnost DNK struktura kako ih sada nalazimo, \u0161to je u prvom redu  empirijski utvrdivo, a u prilog ide i eksperimentalni projekt koji je posebno  aktualan od 2012. godine koji u praksi dokazuje povezanost <em>digitalne <\/em>i <em>organske<\/em> sfere,  i koji \u0107u u sljede\u0107im paragrafima  izlo\u017eiti.<\/p>\n<p class=\"MsoNormal\" style=\"line-height: 170%;\">Rije\u010d je o projektu koji provodi pohranu onih podataka koji se trenutno  pohranjuju na tradicionalne digitalne medije, na DNK, a o uspje\u0161nosti i  perspektivnosti projekta govori i to da je <em>Microsoft <\/em>2016. godine kupio 10 milijuna DNK n\u00edti u svrhu istra\u017eivanja pohrane  podataka na genetski materijal (Meyer, 2016; Weinberger, 2016). Idejni za\u010deci  pohranjivanja digitalnih podataka na DNK i mogu\u0107nosti takvog snimanja te  povla\u010denja podataka u obliku informacija, se\u017eu u 1964.\/65. godinu, kada u  SSSR-u Mikhail Neiman objavljuje knjigu <em>Radiotekhnika<\/em>.  Me\u0111u ranijim postignu\u0107ima na ovom polju valja istaknuti Sveu\u010dili\u0161te u Arizoni  na kojem 2007. godine biva napravljen ure\u0111aj koji operira DNK lancem (<em>Wikipedia contributors<\/em>, DNA digital data  storage). Najzna\u010dajniji napredak na ovom polju je onaj koji su 2012. godine  zajedno s grupom kolega postigli George Church i Sriram Kosuri na <em>Harvard&#8217;s Wyss Institute for Biologically  Inspired Engineering<\/em>, a uspjeli su kodirati knjigu<a name=\"_ftnref74\"><\/a><a href=\"#_ftn74\"><sup>[<span style=\"font-family: 'times new roman', times;\"><strong>74<\/strong><\/span>]<\/sup><\/a> veli\u010dine 5,27 <em>megabita<\/em> (0,65875  megabajta) koriste\u0107i DNK sekvencioniranje.<a name=\"_ftnref75\"><\/a><a href=\"#_ftn75\"><sup>[<span style=\"font-family: 'times new roman', times;\"><strong>75<\/strong><\/span>]<\/sup><\/a><\/p>\n<p class=\"MsoNormal\" style=\"line-height: 170%;\">S obzirom da je DNK sa\u010dinjen od \u010detiri <em>nukleotida<\/em>, a svaki <em>nukleotid<\/em> mo\u017ee biti kori\u0161ten za kodiranje dva djeli\u0107a podatka, zbijenost je golema,  to\u010dnije mogu\u0107e je pohraniti jedan milijun <em>gigabajta<\/em> po kubnom milimetru (Edwards, 2012). Projekt Churcha i Kosurija s DNK tkivom  postupa kao s bilo kojim ure\u0111ajem koji koristimo za pohranu podataka, pri \u010demu  u svom prvom projektu baznu strukturu DNK (ACGT) iskori\u0161tava za pridavanje  binarnih vrijednosti i to po sistemu: A i C = 0; T i G = 1. Na taj je na\u010din  vr\u0161eno zapisivanje podataka, dok je pri \u010ditanju kori\u0161tena metoda  sekvencioniranja kako bi ove elemente (nukleotide) ponovno preveli u binarni  zapis (Anthony, 2012).<\/p>\n<p class=\"MsoNormal\" style=\"line-height: 100%;\">&nbsp;<\/p>\n<div align=\"center\">\n<p><img loading=\"lazy\" decoding=\"async\" src=\"\/inmediasres\/images\/casopisi\/Bernard_slike01.jpg\" alt=\"\" width=\"700\" height=\"453\" \/><\/p>\n<p class=\"MsoNormal\" style=\"line-height: 170%;\"><em><strong>Slika 1: <\/strong>Kodiranje i  dekodiranje DNK pohrane podataka (Anthony, 2012).<\/em><\/p>\n<\/div>\n<p class=\"MsoNormal\" style=\"line-height: 170%;\">&nbsp;<\/p>\n<p class=\"MsoNormal\" style=\"line-height: 170%;\">U unaprje\u0111uju\u0107im shemama cilj je posti\u0107i jo\u0161 gu\u0161\u0107e strukture, kako bi  zbijenost omogu\u0107ila manji medij koji bi istovremeno sadr\u017eavao vi\u0161e podataka, te  kako bi se skratili zapisi s obzirom na mogu\u0107nost pogre\u0161ke koja eksponencijalno  raste s rastom broja varijabli u zapisu. Odnosno, \u017eeli se zamijeniti prethodno  opisan &bdquo;sustav s bazom 2&ldquo; (A i C = 0; G i T = 1); a to je mogu\u0107e  implementacijom &bdquo;sustava s bazom 4&ldquo;. Razlika je \u0161to u prethodnoj metodi imamo 1 <em>bit<\/em> (vrijednost 0 ili 1) po bazi  (nukleotid: A, C, T ili G), dok u potonjoj imamo 2 <em>bita<\/em>, odnosno dvije vrijednosti po jednoj bazi. Tako se npr.  kombinacije mogu rasporediti na sljede\u0107i na\u010din: A = 00, C = 01, G = 11 i T = 10  (Murali, 2015). Time DNK programiranje otkriva jo\u0161 pogodnosti u inicijalno efikasnijem  kori\u0161tenju kapaciteta.<\/p>\n<p class=\"MsoNormal\" style=\"line-height: 170%;\">Kako shva\u0107ati DNK ako se \u017eelimo kretati u smjeru gore opisanih  istra\u017eivanja? U prvom redu kao &bdquo;<em>programski  jezik na\u0161eg genetskog koda<\/em>&ldquo; ili zapisa (Fw:Thinking, 2016). Ovim  eksperimentima mi\u0161ljenje biva usmjereno opservaciji svijeta kao jako kompleksnog  koda gotovo nesumjerljive kombinatorike, upravo iz razloga \u0161to ljudske, biljne,  bakterijske, \u017eivotinjske vrste u \u0161irem smislu, ali i gotovo svaka \u017eivu\u0107a  stanica, sadr\u017ei i biva sastavljena od DNK niti, lanaca, tkiva, koje sadr\u017ei  molekularne instrukcije za moduliranje \u017eivota (<em>Scitable by nature EDUCATION<\/em>, 2014).<\/p>\n<p class=\"MsoNormal\" style=\"line-height: 170%;\">&nbsp;<\/p>\n<p class=\"MsoNormal\" style=\"line-height: 170%;\"><strong>Esencijalizam (nova alkemija)<\/strong><\/p>\n<p class=\"MsoNormal\" style=\"line-height: 170%;\">Sukladno prethodno izlo\u017eenom pribli\u017eavamo se ideji ovog rada, a to je,  utvrditi radi li se u domeni virtualnog samo o korespondenciji po <em>naliku <\/em>ali bez svojstava potrebnih za  uzimanje te domene u dubljoj povezanosti sa &bdquo;stvarnim svijetom&ldquo;, ili se mo\u017ee  potvrditi kako <em>virtualnost<\/em> predstavlja  protezanje samog bivstvovanja na jo\u0161 jedan plan sa svim zakonitostima i  konstitutivnim, principijelnim elementima, koji bi ovoj domeni priznali  izvjesnu ontolo\u0161ku relevanciju. Jednom kada smo utvrdili korespondentnost,  odnosno u pogledu svrhe istu narav u konstitutivnim jedinicama organske i  binarne domene, valjano je zaklju\u010diti kako je su\u0161tina, a drugim rije\u010dima  esencija pojavninama u obje ove domene korespondentna.<\/p>\n<p class=\"MsoNormal\" style=\"line-height: 170%;\">U uvodu djela <em>The Philosophy of  Nature: A Guide to the New Essentialism<\/em>, Brian Ellis definira esencijalizam  na sljede\u0107i na\u010din: &bdquo;Esencijalizam je drevna teorija o izvorima mo\u0107i i poretku u  svijetu. Glavna teza je da su prirodni zakoni imanentni stvarima koje postoje u  prirodi, a ne nametnuti izvana.&ldquo;<a name=\"_ftnref76\"><\/a><a href=\"#_ftn76\"><sup>[<span style=\"font-family: 'times new roman', times;\"><strong>76<\/strong><\/span>]<\/sup><\/a> (Ellis, 2012:1). Odnosno, jednom kada stvari ostvare svoj status prirodne  pojavnosti mi o njima, o njihovim uvjetima, principima, konstituciji i zakonima  mo\u017eemo u\u010diti iz njih samih. Tako\u0111er:<\/p>\n<p class=\"MsoNormal\" style=\"line-height: 170%;\">&bdquo;Novi esencijalizam moderna je verzija ove drevne teorije. Novi  esencijalisti, poput starih, inzistiraju na tome da bi se iste stvari,  konstituirane na isti na\u010din, od istih temeljnih komponenti, imale pona\u0161ati na  iste tipove na\u010dina u bilo kojem drugom svijetu u kojem bi mogle postojati, jer  ono \u0161to one rade ili bi mogle raditi od njihove je esencije.&ldquo;<a name=\"_ftnref77\"><\/a><a href=\"#_ftn77\"><sup>[<span style=\"font-family: 'times new roman', times;\"><strong>77<\/strong><\/span>]<\/sup><\/a> (Ellis, 2012:1).<\/p>\n<p class=\"MsoNormal\" style=\"line-height: 170%;\">U nastavku, Ellis izvodi ono \u0161to je po logici stvari bjelodano, a to je  da iste stvari izvode iste prirodne zakone, a onda mo\u017eemo re\u0107i kako stvari,  budu\u0107i da su nositelji prirodnih zakona jesu sama priroda. U kontekstu ovog  istra\u017eivana te definicije su nam va\u017ene iz razloga \u0161to nas pribli\u017euju odgovoru  na temeljno i naslovno pitanje, a u korist prepoznavanja domene <em>virtualnog<\/em> kao legitimnog polja za  istra\u017eivanje, opho\u0111enje i bivanje u \u017eivotnoj sveobuhvatnosti. Nadalje,  omogu\u0107uje nam da, jednom kada smo zakonitosti &bdquo;stvarnosti&ldquo; prenijeli u  virtualno, (a druga\u010dije nismo niti mogli, s obzirom da smo kao ljudi medij  bivstvovanja) na ovom relativno smanjenom, sabranom i nama jasnijem (jer smo mu  sami autori i njime smo ovladali) prikazu, motrimo principijelne zakone kozmosa  generalno; odnosno manifestacije bivstvovanja dostupne epistemi\u010dkoj svijesti  \u010dovjeka.<\/p>\n<p class=\"MsoNormal\" style=\"line-height: 170%;\">Drugi aspekt korespondentnosti virtualnog i biolo\u0161kog koji ukazuje kako  ne govorimo o pukoj analogiji, ukazuju\u0107i na onaj etimolo\u0161ki smisao <em>mogu\u0107nosti<\/em>, tj. <em>mo\u017enosti<\/em> <em>virtualnosti<\/em>,  manifestira se na puno bli\u017ei na\u010din, tj. jasniji, koji ne potrebuje  laboratorijsku aparaturu. Ti\u010de se istih uvjeta pojavnosti bilo kakvog  bivstvovanja, a koji odre\u0111uju ljudski um. To su u prvom redu <em>prostor <\/em>i <em>vrijeme<\/em>. Za obja\u0161njenje ovih teza vi\u0161e nego zadovoljavaju\u0107a bit \u0107e  Kantova odre\u0111enja ovih dvaju formi osjetilnog zrenja.<\/p>\n<p class=\"MsoNormal\" style=\"line-height: 170%;\">Immanuel Kant ove probleme u <em>Kritici  \u010distog uma<\/em> razla\u017ee u dijelu &bdquo;Transcendentalna estetika&ldquo;, koja je znanost o  svim na\u010delima osjetilnosti <em>a priori<\/em>.  Dvije \u010diste forme osjetilnog zrenja kao na\u010dela spoznaje <em>a priori <\/em>su: <em>prostor <\/em>i <em>vrijeme<\/em>. Metafizi\u010dkim tuma\u010denjem pojma <em>prostora<\/em> izvodi kako su predmeti izvan  nas, a sve zajedno u prostoru u kojemu je njihov sadr\u017eaj, veli\u010dina i odnos  uzajamno odre\u0111en ili odrediv. Predod\u017eba o prostoru ne mo\u017ee biti uzajmljena  pomo\u0107u iskustva vanjske predod\u017ebe. Predod\u017eba o prostoru mora ve\u0107 biti osnovom  da se odre\u0111eni osjeti svedu na ne\u0161to izvan subjekta. Prostor je predod\u017eba <em>a priori<\/em> kao uvjet mogu\u0107nosti pojava i  \u010disti zor. \u010covjek mo\u017ee sebi predo\u010diti samo jedan jedini prostor i on je  jedinstven, a kada se govori o mnogim prostorima, oni su samo dijelovi ovoga  koji se predo\u010duje kao beskona\u010dna veli\u010dina (Kant, 1984: 33\u201337). Kant zaklju\u010duje:  &bdquo;Prostor nije ni\u0161ta drugo nego samo forma svih pojava vanjskih osjetila, tj.  subjektivni uvjet osjetilnosti pod kojim nam se jedino omogu\u0107uje vanjsko  zrenje.&ldquo; (Kant, 1984:37). A u metafizi\u010dkom tuma\u010denju pojma vremena iznosi kako  istodobnost ili slijed ne bi bili mogu\u0107i da predod\u017eba vremena tako\u0111er nije <em>a priori<\/em> osnovom. Sve se pojave mogu  izlu\u010diti iz vremena, ali se vrijeme s obzirom na pojave ne da ukinuti. Ono ima  samo jednu dimenziju, a razli\u010dita vremena nisu istodobno, nego jedno za drugim  (suprotno od prostora) (Kant, 1984:39\u201343). Prostor je tako \u010dista forma svih  vanjskih osjetilnih zorova, a vrijeme nu\u017ena forma svih zorova. Ukratko,  ljudskom shva\u0107anju, zahva\u0107anju i uobra\u017eavanju nije dostupno takvo mi\u0161ljenje  koje bi bilo neovisno od oba ova uvjeta \u2013 <em>prostora <\/em>i <em>vremena<\/em>. Zanimljivo je to kako  \u010dovjek i u ovom virtualnom svijetu u kojem su mu kao dizajneru u potpunosti  odrije\u0161ene ruke i dalje ne nadilazi ove osnovne forme mi\u0161ljenja, pa tako u  dizajnerskim programima uvijek imamo neku re\u0161etku \u2013 <em>grid<\/em><a name=\"_ftnref78\"><\/a><a href=\"#_ftn78\"><sup>[<span style=\"font-family: 'times new roman', times;\"><strong>78<\/strong><\/span>]<\/sup><\/a>(Slika 2; Slika 3), koja  odre\u0111uje uvjete forme, oblika, dimenzije modela, i ako je rije\u010d o animaciji,  onda imamo i vremenski okvir \u2013 <em>timeline<\/em><a name=\"_ftnref79\"><\/a><a href=\"#_ftn79\"><sup>[<span style=\"font-family: 'times new roman', times;\"><strong>79<\/strong><\/span>]<\/sup><\/a> (Slika 4), koji prati sukcesivnost mikroprikaza.<\/p>\n<p class=\"MsoNormal\" style=\"line-height: 100%;\">&nbsp;<\/p>\n<div align=\"center\">\n<p><img loading=\"lazy\" decoding=\"async\" src=\"\/inmediasres\/images\/casopisi\/Bernard_slike02.jpg\" alt=\"\" width=\"730\" height=\"469\" \/><\/p>\n<p class=\"MsoNormal\" style=\"line-height: 170%;\"><em><strong>Slika 2: <\/strong>Autodesk 3ds Max, Autodesk, Inc. (2012). <br \/>\n  Dizajnerski softver<\/em><\/p>\n<\/div>\n<p class=\"MsoNormal\" style=\"line-height: 170%;\">&nbsp;<\/p>\n<p class=\"MsoNormal\" style=\"line-height: 100%;\">&nbsp;<\/p>\n<div align=\"center\">\n<p><img loading=\"lazy\" decoding=\"async\" src=\"\/inmediasres\/images\/casopisi\/Bernard_slike03.jpg\" alt=\"\" width=\"730\" height=\"449\" \/><\/p>\n<p class=\"MsoNormal\" style=\"line-height: 170%;\"><em><strong>Slika 3: <\/strong>Autodesk Maya, Autodesk, Inc. (2015). Dizajnerski softver.<br \/>\n  Dizajnerski softver<\/em><\/p>\n<\/div>\n<p class=\"MsoNormal\" style=\"line-height: 170%;\">&nbsp;<\/p>\n<p class=\"MsoNormal\" style=\"line-height: 100%;\">&nbsp;<\/p>\n<div align=\"center\">\n<p><img loading=\"lazy\" decoding=\"async\" src=\"\/inmediasres\/images\/casopisi\/Bernard_slike04.jpg\" alt=\"\" width=\"730\" height=\"513\" \/><\/p>\n<p class=\"MsoNormal\" style=\"line-height: 170%;\"><em><strong>Slika 4: <\/strong>Sony  Vegas Pro 12.0, VEGAS Creative Software &amp; MAGIX Software GmbH (2012). <br \/>\nSoftver za editiranje videa s vremenskom  crtom<\/em><\/p>\n<\/div>\n<p class=\"MsoNormal\" style=\"line-height: 170%;\">&nbsp;<\/p>\n<p class=\"MsoNormal\" style=\"line-height: 170%;\">To nam je zanimljivo zbog toga \u0161to virtualnost u tome vi\u0161e nije samo  analogna ali ipak odrije\u0161ena od uvjeta ljudskog opa\u017eanja, nego je ona strogo  odre\u0111ena u terminima istog odnosa kakav \u010dovjek ima spram prirode, \u0161to ne \u010dudi  jer je \u010dovjek ovdje u poziciji medija kroz kojeg bivstvovanje svoju  ekstenzionalnost zadobiva u domeni virtualnosti.<\/p>\n<p class=\"MsoNormal\" style=\"line-height: 170%;\">Sljede\u0107a va\u017ena korespondentnost ti\u010de se pojma <em>korijenskog-direktorija<\/em>.<a name=\"_ftnref80\"><\/a><a href=\"#_ftn80\"><sup>[<span style=\"font-family: 'times new roman', times;\"><strong>80<\/strong><\/span>]<\/sup><\/a> Ovaj <em>korijenski-direktorij <\/em>u  hijerarhiji direktorija prvi je i najvi\u0161i. Ovdje valja upotrijebiti analogiju  pa re\u0107i da je uloga ovog direktorija poput one uloge koju u drvetu ima deblo  koje povezuje sve grane drveta. To je sustav na koji se svi drugi sustavi pri  podizanju montiraju. Esencijalisti\u010dkim terminima postavljeno: u virtualnim  sustavima imamo binarnost kao atomisti\u010dku strukturu i imamo supstanciju (<em>korijenski-direktorij<\/em>) koja stvar dr\u017ei  na okupu i ni\u0161ta se ne mo\u017ee dogoditi unutar sustava, a da se povratno ne odnosi  na tu supstanciju. Na taj je na\u010din, ako ne svjesno, onda svakako na na\u010din neke  odre\u0111ene nesvjesnosti, \u010dovjek konstituirao i upisao principe svog bi\u0107a i svoje  domene u <em>virtualnost<\/em>, \u0161to opet ne  \u010dudi jer ni\u010deg drugog nije ni mogao, a ovdje se time otvaraju mogu\u0107e datosti  kao mogu\u0107i odgovori na metafizi\u010dka pitanja. Povratno, ako bi iz ovih uvida o <em>virtualnom<\/em> svijetu, na temelju izlo\u017eenih  poveznica istu strukturu htjeli aplicirati na &bdquo;stvarni&ldquo; svijet, tada bi na  temelju binarne konstrukcije i njene esencijalnosti za <em>virtualnu <\/em>domenu izveli poimanje DNK strukture kao esencije u  domeni realnosti, a drugi konstitutivni element, <em>korijenski-direktorij<\/em>, posvjedo\u010dio bi mogu\u0107nostima vra\u0107anja &bdquo;uz&ldquo;  jednad\u017ebu i re-kodiranja u nekom odre\u0111enom stupnju \u010dime bi omogu\u0107ili da  manifestacija stekne neko drugo obli\u010dje od onog u datom trenutku. Alkemijska  ideja o univerzalnoj bazi, univerzalnom po\u010delu i svedivost daljnjih  eksplikacija tog po\u010dela povratno na taj iskon, kao \u0161to je prikazano u igranom  filmu <em>Izmijenjena stanja <\/em>(Altered  States, 1980),<a name=\"_ftnref81\"><\/a><a href=\"#_ftn81\"><sup>[<span style=\"font-family: 'times new roman', times;\"><strong>81<\/strong><\/span>]<\/sup><\/a> ponovno je za\u017eivjela u  modernoj koncepciji esencijalizma poduprta genetikom, a ovaj rad ima za svrhu  ukazati i va\u017enost ra\u010dunalnih tehnologija i ra\u010dunalstva kao znanosti u tom i  sli\u010dnim projektima. Ne \u010dudi stoga da ba\u0161 spomenuti Church, harvardski profesor  koji se prihvatio DNK programiranja, pi\u0161e knjigu <em>Regenesis<\/em>, sa sljede\u0107om idejom:<\/p>\n<p class=\"MsoNormal\" style=\"line-height: 170%;\">&bdquo;(\u2026) biolo\u0161ki organizmi mogu biti sagledavani kao vrsta visoke  tehnologije, kao svestrani pogoni stvarala\u0161tva same prirode. Ba\u0161 kao \u0161to su  ra\u010dunala bila univerzalni strojevi u smislu da su, uz prikladno programiranje  mogli simulirati aktivnosti bilo kojeg drugog stroja, tako su i biolo\u0161ki  organizmi pri\u0161li stanju bivanja univerzalnim graditeljima u smislu da bi ih se uz  prikladne promjene u njihovom genetskom programiranju, moglo potaknuti da  proizvode bilo koji zamislivi artefakt.&ldquo;<a name=\"_ftnref82\"><\/a><a href=\"#_ftn82\"><sup>[<span style=\"font-family: 'times new roman', times;\"><strong>82<\/strong><\/span>]<\/sup><\/a> (Church i Regis, 2012:4).<\/p>\n<p class=\"MsoNormal\" style=\"line-height: 170%;\">&nbsp;<\/p>\n<p class=\"MsoNormal\" style=\"line-height: 170%;\"><strong>Zaklju\u010dak<\/strong><\/p>\n<p class=\"MsoNormal\" style=\"line-height: 170%;\">Temeljem materije izlo\u017eene u ovom radu mogu\u0107e je izvesti nekoliko  zaklju\u010daka. U prvom redu kada govorimo o <em>medijima <\/em>tada u kompleksnosti kozmi\u010dkih relacija i odno\u0161ajima onih bivstvuju\u0107ih  valja razumjeti ulogu <em>medijalnosti<\/em>,  odnosno posredni\u0161tva u kojemu svako pojedino bi\u0107e u odre\u0111enom kontekstu i iz  odre\u0111ene perspektive ima upravo tu ulogu. \u010covjek kao medij, a \u0161to podrazumijeva  i sve ono \u0161to pripada ljudskoj tvorevini, tako\u0111er predstavlja odre\u0111eno mjesto  preko kojeg do ozbiljenja na antropomorfne na\u010dine izbija <a href=\"https:\/\/en.wiktionary.org\/wiki\/%E1%BC%80%CF%81%CF%87%CE%AE\" title=\"wikt:\u1f00\u03c1\u03c7\u03ae\"><em>\u1f00\u03c1\u03c7\u03ae<\/em><\/a>,  budu\u0107i da je ono pretpostavka i inicijalni uvjet svake daljnje mogu\u0107nosti  ozbiljenja uop\u0107e. Kroz \u010dovjeka, na na\u010din \u010dovjeka i za \u010dovjeka oprisutnjena  metafizi\u010dka struktura jedan svoj modus pronalazi upravo u domeni <em>virtualnog<\/em>. No razlog zbog kojeg bi  promatranje ove domene moglo biti posebno poticajno upravo je to \u0161to \u010dovjek,  budu\u0107i da je sam postavio kodirane temelje ovog sustava, mo\u017ee s realnim  mogu\u0107nostima uspjeha te\u017eiti sabiranju i do jasne i potpune spoznaje izvo\u0111enju  onih principa koji bi, s obzirom da svoje uvjete i temelje imaju u totalitetu u  \u0161irem smislu, a kanalizirani su i time &bdquo;pojednostavljeni&ldquo; na na\u010din \u010dovjeka, mogli  va\u017eiti kao \u010dvrsta pretpostavka za pomo\u0107 pri motrenju kozmolo\u0161ke strukture. S  tim u vidu izvodi se i zahtjev za obuzdavanjem klasifikacija i proklamacija  epoha <em>transhumanizma<\/em>, s obzirom da  sva tehnologija, svi ra\u010dunalni sustavi i sva robotika koliko god kompleksna  bila, barem zasada jo\u0161 uvijek u potpunosti po\u010diva na razumskim kriterijima  svojstvenim \u010dovjeku. Osim toga, potrebno je unutar diskursa o opasnostima i  \u0161tetnosti video igara organizirati onaj prostor u kojem \u0107e biti omogu\u0107ena  kriti\u010dka refleksija koja \u0107e sabrati i iznijeti i pozitivne segmente, od kojih  se ukratko mogu navesti utjecaji u vidu pobolj\u0161anja: percepcije, pa\u017enje,  pam\u0107enja i odlu\u010divanja. Tako\u0111er, vrijedi navesti i to kako virtualna domena  pru\u017ea mogu\u0107nosti isku\u0161avanja i treniranja brzog kretanja, istodobnog pra\u0107enja  vi\u0161e objekata, simultanog vo\u0111enja ra\u010duna o ve\u0107em broju informacija i dono\u0161enja  odluke u tren oka. Me\u0111u ovim sposobnostima i na temelju njih psiholozi  pronalaze temeljne kriterije inteligencije. Virtualna domena otvara \u0161iri spektar  ostvarivanja kontakta, tako da i na polju komunikacije ne mo\u017ee biti rije\u010d o  analogiji nego o konkretnoj realizaciji. Tu su i mogu\u0107nosti razvoja eti\u010dke  svijesti i odgoja kroz ra\u010dunalne igre, kao i domena u kojoj je mogu\u0107e iza\u0107i iz  subjektivnih predod\u017ebi, pa \u010dak i onih spojeva mi\u0161ljevina koje &bdquo;ne postoje&ldquo;  empirijski, a opet ih je mogu\u0107e izlo\u017eiti op\u0107oj percepciji; \u010dime uvelike nadma\u0161uju  i govor, kao jedan od evolucijski najva\u017enijih segmenata <em>antroposa <\/em>uop\u0107e.<\/p>\n<p class=\"MsoNormal\" style=\"line-height: 170%;\">Potrebno je navesti par rije\u010di po pitanju napredaka u pohrani podataka  izlo\u017eenih u drugom poglavlju ovoga rada, pa prije svega naglasiti kako su ti  veliki napreci jo\u0161 uvijek daleko od dostupnosti \u0161iroj javnosti. No  tehni\u010dko-tehnolo\u0161ki razvoj nosi eksponencijalnost tako da ne treba \u010duditi ako  se zateknemo u kori\u0161tenju DNK medija ranije nego \u0161to bismo to o\u010dekivali. Prema  trenutno dominantnim aproksimacijama 1g DNK tkiva trebao bi mo\u0107i pohraniti 700 <em>terabajta<\/em>, \u0161to je ekvivalentno 14.000 <em>blue-ray <\/em>diskova od kojih svaki nosi  kapacitet od 50 <em>gigabajta<\/em>, ili 233 <em>hard-diska <\/em>od tri <em>terabajta<\/em>, masa kojih iznosi 151kg. \u0160to se ti\u010de zauze\u0107a prostora,  procjenjuje se kako bi jedan kubni milimetar DNK tkiva mogao pohraniti jedan <em>eksabajt<\/em>, odnosno jedan milijun <em>terabajta<\/em>. Osim pragmati\u010dnosti ovi  napreci imali bi pozitivnog odjeka i u ekolo\u0161koj sferi, s obzirom da DNK tkivo,  barem u teoriji mo\u017ee ostati valjano i do milijun godina.<\/p>\n<p class=\"MsoNormal\" style=\"line-height: 170%;\">Bavljenje pitanjem \u010dovjeka i <em>antropogonije<\/em> &bdquo;na sliku i priliku boga&ldquo; tra\u017eilo bi posebnu razradu, ali sa sigurno\u0161\u0107u se mo\u017ee  zaklju\u010diti tezom da je virtualnost stvorena na sliku i priliku \u010dovjeka, a  \u010dovjek kao misle\u0107e bi\u0107e i kroz sustave komunikacije medij i manifestacija  bivstvovanja mo\u017ee koristiti &bdquo;svoju&ldquo; tvorevinu, budu\u0107i da je slo\u017eenost svog bi\u0107a  koje je u svakodnevnom smislu \u010desto nesvjestan, transkribirao i preveo u <em>domenu virtualnog<\/em>.<\/p>\n<p class=\"MsoNormal\" style=\"line-height: 150%;\">&nbsp;<\/p>\n<hr align=\"left\" size=\"1\" width=\"33%\" \/>\n<div id=\"ftn72\">\n<p class=\"MsoNormal\" style=\"line-height: 150%;\"><span style=\"font-size: 8.0pt;\"><a name=\"_ftn72\"><\/a><a href=\"#_ftnref72\"><sup>[<span style=\"font-family: 'times new roman', \ntimes;\"><strong>72<\/strong><\/span>]<\/sup><\/a>&nbsp;<br \/>\nIzvorno: &bdquo;<em>Virtual memory is the simulation of a storage space so large that programmers  do not need to rewrite programs, and authors do not need to rewrite documents,  when the content of a program module, the capacity of a local memory, or the  configuration of a network changes. The name, borrowed from optics, recalls the  virtual images formed in mirrors and lenses &#8212; images that are not there but  behave is if they are.<\/em>&ldquo;  (Denning, 1996:1).<br \/>\n<\/span><\/p>\n<\/div>\n<div id=\"ftn73\">\n<p class=\"MsoNormal\" style=\"line-height: 150%;\"><span style=\"font-size: 8.0pt;\"><a name=\"_ftn73\"><\/a><a href=\"#_ftnref73\"><sup>[<span style=\"font-family: 'times new roman', \ntimes;\"><strong>73<\/strong><\/span>]<\/sup><\/a>&nbsp;<br \/>\nIzvorno: <em>Central  processing unit<\/em>.<br \/>\n<\/span><\/p>\n<\/div>\n<div id=\"ftn74\">\n<p class=\"MsoNormal\" style=\"line-height: 150%;\"><span style=\"font-size: 8.0pt;\"><a name=\"_ftn74\"><\/a><a href=\"#_ftnref74\"><sup>[<span style=\"font-family: 'times new roman', \ntimes;\"><strong>74<\/strong><\/span>]<\/sup><\/a>&nbsp;<br \/>\nRadi se o knjizi G. Churcha: <em>Regenesis<\/em>, koja sadr\u017ei otprilike 53.400 rije\u010di, 11 .jpg slika i <em>java script <\/em>program, \u0161to predstavlja  1.000 puta vi\u0161e podataka nego \u0161to je to izvedeno u prethodno zabilje\u017eenim  poku\u0161ajima (Edwards, 2012).<\/p>\n<p><\/span><\/p>\n<\/div>\n<div id=\"ftn75\">\n<p class=\"MsoNormal\" style=\"line-height: 150%;\"><span style=\"font-size: 8.0pt;\"><a name=\"_ftn75\"><\/a><a href=\"#_ftnref75\"><sup>[<span style=\"font-family: 'times new roman', \ntimes;\"><strong>75<\/strong><\/span>]<\/sup><\/a>&nbsp;<br \/>\nSekvencioniranje \u2013 metoda  kojom se genetika slu\u017ei za utvr\u0111ivanje redoslijeda genoma, odnosno <em>nukleotida<\/em> (A, C, G, T).<\/p>\n<p><\/span><\/p>\n<\/div>\n<div id=\"ftn76\">\n<p class=\"MsoNormal\" style=\"line-height: 150%;\"><span style=\"font-size: 8.0pt;\"><a name=\"_ftn76\"><\/a><a href=\"#_ftnref76\"><sup>[<span style=\"font-family: 'times new roman', \ntimes;\"><strong>76<\/strong><\/span>]<\/sup><\/a>&nbsp;<br \/>\nIzvorno: &bdquo;<em>Essentialism is an  ancient theory about the sources of power and order in the world. Its basic  thesis is that the laws of nature are immanent in the things that exist in  nature, rather than imposed on them from without.<\/em>&ldquo; (Ellis, 2012:1).<br \/>\n<\/span><\/p>\n<\/div>\n<div id=\"ftn77\">\n<p class=\"MsoNormal\" style=\"line-height: 150%;\"><span style=\"font-size: 8.0pt;\"><a name=\"_ftn77\"><\/a><a href=\"#_ftnref77\"><sup>[<span style=\"font-family: 'times new roman', \ntimes;\"><strong>77<\/strong><\/span>]<\/sup><\/a>&nbsp;<br \/>\nIzvorno: &bdquo;<em>The  new essentialism is a modern version of this ancient theory. The new  essentialists, like the old, insist that the same things, constituted in the  same ways, from the same basic components, would have to behave in the same  kinds of ways in any other world in which they might exist, for what they do or  could do is of their essence.<\/em>&ldquo; (Ellis, 2012:1). <\/p>\n<p><\/span><\/p>\n<\/div>\n<div id=\"ftn78\">\n<p class=\"MsoNormal\" style=\"line-height: 150%;\"><span style=\"font-size: 8.0pt;\"><a name=\"_ftn78\"><\/a><a href=\"#_ftnref78\"><sup>[<span style=\"font-family: 'times new roman', \ntimes;\"><strong>78<\/strong><\/span>]<\/sup><\/a>&nbsp;<br \/>\nEngl. \u2013 mre\u017ea.<br \/>\n<\/span><\/p>\n<\/div>\n<div id=\"ftn79\">\n<p class=\"MsoNormal\" style=\"line-height: 150%;\"><span style=\"font-size: 8.0pt;\"><a name=\"_ftn79\"><\/a><a href=\"#_ftnref79\"><sup>[<span style=\"font-family: 'times new roman', \ntimes;\"><strong>79<\/strong><\/span>]<\/sup><\/a>&nbsp;<br \/>\nEngl. \u2013 vremenska crta.<br \/>\n<\/span><\/p>\n<\/div>\n<div id=\"ftn80\">\n<p class=\"MsoNormal\" style=\"line-height: 150%;\"><span style=\"font-size: 8.0pt;\"><a name=\"_ftn80\"><\/a><a href=\"#_ftnref80\"><sup>[<span style=\"font-family: 'times new roman', \ntimes;\"><strong>80<\/strong><\/span>]<\/sup><\/a>&nbsp;<br \/>\nDirektorij \u2013 katalo\u0161ka  struktura sistema datoteka. Izvorno: <em>Root-directory.<\/em><br \/>\n<\/span><\/p>\n<\/div>\n<div id=\"ftn81\">\n<p class=\"MsoNormal\" style=\"line-height: 150%;\"><span style=\"font-size: 8.0pt;\"><a name=\"_ftn81\"><\/a><a href=\"#_ftnref81\"><sup>[<span style=\"font-family: 'times new roman', \ntimes;\"><strong>81<\/strong><\/span>]<\/sup><\/a>&nbsp;<br \/>\nProtagonist filma je  harvardski profesor koji eksperimentalnim metodama poku\u0161ava do\u0107i do jasne  spoznaje onoga \u0161to bi imalo biti <a href=\"https:\/\/en.wiktionary.org\/wiki\/%E1%BC%80%CF%81%CF%87%CE%AE\" title=\"wikt:\u1f00\u03c1\u03c7\u03ae\"><em>\u1f00\u03c1\u03c7\u03ae<\/em><\/a>svih stvari, kao sabirnica apsolutnog totaliteta svega  \u0161to uop\u0107e jest i svih uvjeta mogu\u0107nosti svega \u0161to uop\u0107e mo\u017ee biti. U toj nakani  koristi se visokom tehnologijom i drevnim misti\u010dkim ritualima.<br \/>\n<\/span><\/p>\n<\/div>\n<div id=\"ftn82\">\n<p class=\"MsoNormal\" style=\"line-height: 150%;\"><span style=\"font-size: 8.0pt;\"><a name=\"_ftn82\"><\/a><a href=\"#_ftnref82\"><sup>[<span style=\"font-family: 'times new roman', \ntimes;\"><strong>82<\/strong><\/span>]<\/sup><\/a>&nbsp;<br \/>\nIzvorno: &bdquo;<em>(\u2026) <\/em><em>biological  organisms could be viewed as a kind of high technology, as nature&rsquo;s<\/em><br \/>\n      <em>own  versatile engines of creation. Just as computers were universal machines in the  sense that given the appropriate programming they could simulate the activities  of any other machine, so biological organisms approached the condition of being  universal constructors in the sense that with appropriate changes to their  genetic programming, they could be made to produce practically any imaginable  artifact.<\/em>&ldquo; (Church i Regis, 2012: 4).<br \/>\n<\/span><\/p>\n<\/div>\n<p class=\"MsoNormal\" style=\"line-height: 150%;\">&nbsp;<\/p>\n<p class=\"MsoNormal\" style=\"line-height: 170%;\"><strong>Literatura:<\/strong><\/p>\n<p class=\"MsoNormal\" style=\"line-height: 170%;\">*** (2016): <em>Is DNA the  Future of Dana Storage?<\/em> Fw:Thinking.<br \/>\n  URL: <a href=\"http:\/\/www.youtube.com\/watch?v=dNtVWPaOzho%20\">http:\/\/www.youtube.com\/watch?v=dNtVWPaOzho<\/a> (20. IX. 2017.)<\/p>\n<p class=\"MsoNormal\" style=\"line-height: 170%;\">*** (2014): <em>DNA Is a  Structure That Encodes Biological Information.<\/em> Cambridge, MA: Scitable by  nature EDUCATION<br \/>\n  URL: <a href=\"http:\/\/www.nature.com\/scitable\/topicpage\/dna-is-a-structure-that-encodes-biological-6493050\">http:\/\/www.nature.com\/scitable\/topicpage\/dna-is-a-structure-that-encodes-biological-6493050<\/a> (29. XI. 2017.)<\/p>\n<p class=\"MsoNormal\" style=\"line-height: 170%;\">*** (2011): &bdquo;virtual&ldquo;, <em>American  Heritage<\/em>\u00ae <em>Dictionary of the English  Language, Fifth Edition<\/em><br \/>\n  URL: <a href=\"http:\/\/www.thefreedictionary.com\/virtual\">http:\/\/www.thefreedictionary.com\/virtual<\/a> (20. IX. 2017.)<\/p>\n<p class=\"MsoNormal\" style=\"line-height: 170%;\">*** (2001\u20132017): &bdquo;triumvirate (n.)&ldquo;, <em>Online Etymology Dictionary<\/em><br \/>\n  URL: <a href=\"http:\/\/www.etymonline.com\/word\/triumvirate\">http:\/\/www.etymonline.com\/word\/triumvirate<\/a> (20. IX. 2017.)<\/p>\n<p class=\"MsoNormal\" style=\"line-height: 170%;\">*** (2001\u20132017): &bdquo;virtual&ldquo;, <em>Online Etymology Dictionary<\/em><br \/>\n  URL: <a href=\"http:\/\/www.etymonline.com\/word\/virtual\">http:\/\/www.etymonline.com\/word\/virtual<\/a> (20. IX. 2017.)<\/p>\n<p class=\"MsoNormal\" style=\"line-height: 170%;\">*** (2001\u20132017): &bdquo;*wi-ro-&ldquo;, <em>Online Etymology Dictionary<\/em><br \/>\n  URL: <a href=\"http:\/\/www.etymonline.com\/word\/*wi-ro-\">http:\/\/www.etymonline.com\/word\/*wi-ro-<\/a> (20. IX. 2017.)<\/p>\n<p class=\"MsoNormal\" style=\"line-height: 170%;\">Anthony, S. (2012): &bdquo;Harvard cracks DNA storage, crams 700  terabytes of data into a single gram&ldquo;, <em>ExtremeTech<\/em><br \/>\n  URL: <a href=\"http:\/\/www.extremetech.com\/extreme\/134672-harvard-cracks-dna-storage-crams-700-terabytes-of-data-into-a-single-gram\">http:\/\/www.extremetech.com\/extreme\/134672-harvard-cracks-dna-storage-crams-700-terabytes-of-data-into-a-single-gram<\/a> (20. IX. 2017.)<\/p>\n<p class=\"MsoNormal\" style=\"line-height: 170%;\">Church, G., i Regis, E. (2012): <em>Regenesis: How Synthetic Biology Will  Reinvent Nature And Ourselves<\/em>, New York: Basic Books.<\/p>\n<p class=\"MsoNormal\" style=\"line-height: 170%;\">Dennin, P. J. (1996): &bdquo;Before Memory Was Virtual&ldquo;, <em>George Mason University<\/em><br \/>\n  URL: <a href=\"http:\/\/www.denninginstitute.com\/pjd\/PUBS\/bvm.pdf\">http:\/\/www.denninginstitute.com\/pjd\/PUBS\/bvm.pdf<\/a> (29. XI. 2017.)<\/p>\n<p class=\"MsoNormal\" style=\"line-height: 170%;\">Edwards, L. (2012): &bdquo;DNA used to encode a book and other  digital information&ldquo;, <em>Phys.org<\/em><br \/>\n  URL: <a href=\"http:\/\/phys.org\/news\/2012-08-dna-encode-digital.html\">http:\/\/phys.org\/news\/2012-08-dna-encode-digital.html<\/a> (29. XI. 2017.)<\/p>\n<p class=\"MsoNormal\" style=\"line-height: 170%;\">Ellis, B. (2002): <em>The Philosophy of Nature: A Guide to the New  Essentialism<\/em>, Chesham: Acumen Publishing Limited.<\/p>\n<p class=\"MsoNormal\" style=\"line-height: 170%;\">Kant, I. (1984): <em>Kritika \u010distog uma<\/em>, Zagreb: Nakladni  zavod matice hrvatske.<\/p>\n<p class=\"MsoNormal\" style=\"line-height: 170%;\">Meyer, D. (2016): &bdquo;Why Microsoft Just Bought 10 Million  Strands of DNA&ldquo;, <em>Fortune<\/em><br \/>\n  URL: <a href=\"http:\/\/www.fortune.com\/2016\/04\/28\/microsoft-dna-storage\/\">http:\/\/www.fortune.com\/2016\/04\/28\/microsoft-dna-storage\/<\/a> (29. XI. 2017.)<\/p>\n<p class=\"MsoNormal\" style=\"line-height: 170%;\">Murali, A. (2015): &bdquo;Data Storage in DNA&ldquo;, <em>Dublin Jerome High School<\/em><br \/>\n  URL: <a href=\"http:\/\/www.youtube.com\/watch?v=FGopM2XkNkY%20\">http:\/\/www.youtube.com\/watch?v=FGopM2XkNkY<\/a> (20. IX. 2017.)<\/p>\n<p class=\"MsoNormal\" style=\"line-height: 170%;\">Smilodon&#8217;s Retreat (2014): &bdquo;DNA Is Not Like A Computer&ldquo;, <em>Skeptic Ink<\/em><br \/>\n  URL: <a href=\"http:\/\/www.skepticink.com\/smilodonsretreat\/2014\/09\/10\/dna-is-not-like-a-computer\/\">http:\/\/www.skepticink.com\/smilodonsretreat\/2014\/09\/10\/dna-is-not-like-a-computer\/<\/a> (20. IX. 2017.)<\/p>\n<p class=\"MsoNormal\" style=\"line-height: 170%;\">Weidenberger, M. (2016): &bdquo;Microsoft is buying 10 million  molecules of custom DNA from a San Francisco startup&ldquo;, <em>Business Insider<\/em><br \/>\n  URL: <a href=\"http:\/\/www.businessinsider.com\/microsoft-buys-dna-from-twist-bioscience-2016-4\">http:\/\/www.businessinsider.com\/microsoft-buys-dna-from-twist-bioscience-2016-4<\/a> (20. IX. 2017.)<\/p>\n<p class=\"MsoNormal\" style=\"line-height: 170%;\">Wikipedia contributors (2017): &bdquo;DNA digital data storage&ldquo;, <em>Wikipedia, The Free Encyclopedia<\/em><br \/>\n  URL: <a href=\"http:\/\/en.wikipedia.org\/wiki\/DNA_digital_data_storage\">http:\/\/en.wikipedia.org\/wiki\/DNA_digital_data_storage<\/a> (20. IX. 2017.)<\/p>\n<p class=\"MsoNormal\" style=\"line-height: 170%;\"><strong>Filmografija:<\/strong><\/p>\n<p class=\"MsoNormal\" style=\"line-height: 170%;\">Russell, K. (1980): <em>Izmijenjena stanja <\/em>(<em>Altered States<\/em>). Warner Bros.<\/p>\n<p class=\"MsoNormal\" style=\"line-height: 150%;\">&nbsp;<\/p>\n<p style=\"text-align: center;\" align=\"center\"><strong> <span style=\"font-size: 13.0pt; line-height: 150%;\">Virtual Domain: Analogue or the Extension of the Overall Being<\/span><\/strong><\/p>\n<p class=\"MsoNormal\" style=\"line-height: 150%;\">&nbsp;<\/p>\n<p style=\"margin: 0cm 48.6pt 0.0001pt 54pt; line-height: 170%;\"><em><strong>Abstract<\/strong><\/em><\/p>\n<p class=\"MsoBodyText\" style=\"margin-top: 0cm; margin-right: 48.6pt; margin-bottom: .0001pt; margin-left: 54.0pt; line-height: 150%;\"><span style=\"font-size: 12.0pt; line-height: 150%; font-family: 'Times New Roman';\" lang=\"SR\">&nbsp;<\/span><\/p>\n<p class=\"MsoBodyText\" style=\"margin-top: 0cm; margin-right: 48.6pt; margin-bottom: .0001pt; margin-left: 54.0pt; line-height: 170%;\"><em>Occurrence of program engineering marked a new epoch in the constitution of human existence. Within its framework human activity was extended to another dimension. This virtual dimension, in the context of computing in a broad sense, is understood as the limited field of activity and interaction via reality transformed into physical absence. Besides the need for strict definitions regarding notions virtual and media, understood not solely as intercessor in information exchange in the human-to-human interaction, but as a intercessor in relation human\u2013being, it is of particular philosophical importance to enter the comprehension of this transformation as the translation of those conditions of possible occurrence of being through human mind, and forms of thought which define it.<\/em><\/p>\n<p class=\"MsoBodyText\" style=\"margin-top: 0cm; margin-right: 48.6pt; margin-bottom: .0001pt; margin-left: 54.0pt; line-height: 170%;\">&nbsp;<\/p>\n<p style=\"margin: 0cm 48.6pt 0.0001pt 54pt; line-height: 170%;\"><strong><em>Key words:<\/em><\/strong> <em>virtual, media, reality, man, being, computer, programming.<\/em><\/p>\n<p class=\"MsoNormal\" style=\"line-height: 150%;\"><span lang=\"SR\">&nbsp;<\/span><\/p>\n<p><a name=\"6inmediasres13\"><\/a><\/p>\n<p class=\"MsoNormal\" style=\"line-height: 150%;\"><span lang=\"SR\">&nbsp;<\/span><\/p>\n<hr \/>\n<table style=\"width: 755px;\" border=\"0\">\n<tbody>\n<tr>\n<td style=\"width: 215px;\" valign=\"top\"><img loading=\"lazy\" decoding=\"async\" class=\" alignleft size-full wp-image-327\" style=\"float: left;\" src=\"https:\/\/centar-fm.org\/inmediasres\/wp-content\/uploads\/sites\/2\/2018\/09\/inmediasresno1malo13to.png\" alt=\"inmediasresno13malo\" width=\"70\" height=\"103\" \/><\/p>\n<p class=\"MsoNormal\" style=\"line-height: 170%;\">\n <strong>&nbsp;7(13)#17 2018<\/strong> <\/p>\n<\/td>\n<td style=\"width: 315px;\" valign=\"top\">\n<p style=\"line-height: 170%; text-align: center;\">\n<a rel=\"license\" href=\"http:\/\/creativecommons.org\/licenses\/by-nc\/4.0\/\"><img decoding=\"async\" alt=\"Creative Commons licenca\" style=\"border-width:0\" src=\"https:\/\/i.creativecommons.org\/l\/by-nc\/4.0\/88x31.png\" \/><\/a><br \/>\u010casopis je otvorenog pristupa, a ovo djelo je dano na kori\u0161tenje pod licencom <a rel=\"license\" href=\"http:\/\/creativecommons.org\/licenses\/by-nc\/4.0\/\"><strong>Creative Commons Imenovanje-Nekomercijalno 4.0 me\u0111unarodna.<\/strong><\/a><\/p>\n<\/td>\n<td valign=\"top\">\n<p style=\"text-align: right; line-height: 150%;\" align=\"center\"><strong>UDK 730-044.963:124.3<\/p>\n<p>Stru\u010dni rad<\/p>\n<p>Professional paper<\/p>\n<p>Primljeno: 18.01.2018.<\/strong><\/p>\n<\/td>\n<\/tr>\n<\/tbody>\n<\/table>\n<p class=\"MsoNormal\" style=\"line-height: 150%;\">&nbsp;<\/p>\n<p class=\"MsoNormal\" style=\"line-height: 150%;\">&nbsp;<\/p>\n<p class=\"MsoNormal\" style=\"text-align: center; line-height: 150%;\" align=\"center\"><span style=\"font-size: 15.0pt; line-height: 150%;\">Kre\u0161imir Katu\u0161i\u0107<\/span><\/p>\n<p style=\"text-align: center; line-height: 150%;\" align=\"center\">Slobodni umjetnik<\/p>\n<p style=\"text-align: center;\" align=\"center\"><strong> <span style=\"font-size: 16.0pt; line-height: 150%;\">\u201eIntuitivna geometrija\u201c u prostornoj<br \/>\nkiparskoj instalaciji \u201ePles \u017divota\u201c<\/span><\/strong><\/p>\n<p style=\"text-align: center; line-height: 150%;\" align=\"center\"><a href=\"http:\/\/www.centar-fm.org\/inmediasres\/images\/pdf\/13\/K. Katusic, \u201eIntuitivna geometrija\u201c u prostornoj kiparskoj instalaciji \u201ePles Zivota\u201c.pdf\"><strong><span style=\"color: #DC0101; font-size: 8.0pt;\"><br \/>\nPuni tekst: pdf (3746 KB), Hrvatski, Str. 2063 &#8211; 2074<br \/>\n<\/span><\/strong><\/a><\/p>\n<p class=\"MsoNormal\" style=\"line-height: 150%;\">&nbsp;<\/p>\n<p style=\"margin: 0cm 48.6pt 0.0001pt 54pt; line-height: 170%;\"><strong><em>Sa\u017eetak<\/em><\/strong><\/p>\n<p class=\"MsoBodyText\" style=\"margin-top: 0cm; margin-right: 48.6pt; margin-bottom: .0001pt; margin-left: 54.0pt; line-height: 150%;\"><span style=\"font-size: 12.0pt; line-height: 150%; font-family: 'Times New Roman';\" lang=\"SR\">&nbsp;<\/span><\/p>\n<p class=\"MsoBodyText\" style=\"margin-top: 0cm; margin-right: 48.6pt; margin-bottom: .0001pt; margin-left: 54.0pt; line-height: 170%;\"><em>Govore\u0107i o procesu nastanka i simboli\u010dkom zna\u010denju kiparske instalacije \u201ePles \u017divota\u201c, nastojati \u0107e se predstaviti ideja intuitivne geometrije prema kojoj je nastala sama kiparska instalacija. Intuitivna geometrija je princip djelovanja, u ovom slu\u010daju kreiranja forme, ravnaju\u0107i se zakonom te\u017enje ka cjelovito\u0161\u0107u, oblikom kugle i zakonom spiralnog pokreta. \u010covjek koji nastoji spoznavati sebe i svijet, procesom opetovanih dijaloga s istim svijetom transformira svoje bi\u0107e, ukoliko je u stanju otvorenosti prema svijetu. Svijest bi\u0107a koja se pritom \u0161iri daje mu uvid te on po principu naslu\u0107ivanja, vode\u0107i se zakonima po kojima sve nastaje, postoji, ostaje u pokretu i nestaje, uskla\u0111uje svoj \u017eivot i principe djelovanja. Isti principi vrijede u domeni skulpture kao idejom oblikovane forme. Kao jedno od bi\u0107a u prirodi, velikog organizma, \u010dovjek ima mogu\u0107nost kreiranja po istim zakonima, poku\u0161ajem i pogre\u0161kom, iskustvom i spoznajom. Intuitivnom geometrijom s ljubavlju i inteligencijom, \u010dovjek kreira koriste\u0107i sve svoje alate; tijelo, energiju, osje\u0107aje, racio u uskla\u0111enijim odnosima, zavisno od stanja svijesti bi\u0107a.<\/em><\/p>\n<p class=\"MsoBodyText\" style=\"margin-top: 0cm; margin-right: 48.6pt; margin-bottom: .0001pt; margin-left: 54.0pt; line-height: 170%;\">&nbsp;<\/p>\n<p style=\"margin: 0cm 48.6pt 0.0001pt 54pt; line-height: 170%;\"><strong><em>Klju\u010dne rije\u010di:<\/em><\/strong> <em>Ples \u017eivota,kiparska instalacija,intuitivna geometrija.<\/em><\/p>\n<p class=\"MsoBodyText\" style=\"margin-top: 0cm; margin-right: 48.6pt; margin-bottom: .0001pt; margin-left: 54.0pt; line-height: 170%;\">&nbsp;<\/p>\n<p class=\"MsoNormal\" style=\"line-height: 150%;\">&nbsp;<\/p>\n<p class=\"MsoNormal\" style=\"line-height: 170%;\">Na svom putu spoznaje, ljudska svijest potpomognuta racionalnim umom morala  je tra\u017eiti imena i forme koji \u0107e joj predo\u010diti, <em>oslikoviti<\/em> i imenovati  ono \u0161to je pojmila kao postoje\u0107e fenomene u univerzumu i domeni  \u010dovjeka. Potraga za smislom ljudskog  postojanja i mjestom \u010dovjeka uvijek se kretala izme\u0111u onog izgubljenog i onog  \u0161to bi mo\u017eda tek trebalo do\u0107i. Kako se i znanstvenici danas sla\u017eu:  prije 70 000 godina dogodila se promjena,  nadgradnja u vrsti Sapiens.<a name=\"_ftnref83\"><\/a><a href=\"#_ftn83\"><sup>[<span style=\"font-family: 'times new roman', times;\"><strong>83<\/strong><\/span>]<\/sup><\/a> Racionalni um koji je ta  vrsta dobila i svijest koja se time mogla razvijati odvodila je \u010dovjeka sve  dalje od rajskog vrta bivanja bez pitanja u neki novi spoznajni proces kojim bi  se ponovno trebalo posti\u0107i izgubljeno stanje, ali na  novi na\u010din. Tako je \u010dovjek tisu\u0107ama godina  stvarao kulture kojima je poku\u0161ao predo\u010diti ono \u0161to je trenutno mogao osvijestiti,  \u010dime je davao smisao svom postojanju, jer imati svijest, jezik i analiti\u010dki um  a ne vidjeti neki smisao, za \u010dovjeka je moglo biti pogubno. \u010covjekov um ne mo\u017ee  podnijeti gubitak smisla na koji god na\u010din on bio obja\u0161njen, bila to potraga za  \u010distom egzistencijom ili nekim vi\u0161im idealima.<a name=\"_ftnref84\"><\/a><a href=\"#_ftn84\"><sup>[<span style=\"font-family: 'times new roman', times;\"><strong>84<\/strong><\/span>]<\/sup><\/a> Analiti\u010dki um nas je mo\u017eda  odveo predaleko, \u0161to nam tek predstoji   vidjeti.\n<\/p>\n<p class=\"MsoNormal\" style=\"line-height: 100%;\">&nbsp;<\/p>\n<div align=\"center\">\n<p><img loading=\"lazy\" decoding=\"async\" src=\"\/inmediasres\/images\/casopisi\/Kresimir_slike01.jpg\" alt=\"\" width=\"700\" height=\"483\" \/><\/p>\n<\/div>\n<p class=\"MsoNormal\" style=\"line-height: 170%;\">&nbsp;<\/p>\n<div align=\"center\">\n<p><img loading=\"lazy\" decoding=\"async\" src=\"\/inmediasres\/images\/casopisi\/Kresimir_slike03.jpg\" alt=\"\" width=\"700\" height=\"467\" \/><\/p>\n<\/div>\n<p class=\"MsoNormal\" style=\"line-height: 170%;\">&nbsp;<\/p>\n<p class=\"MsoNormal\" style=\"line-height: 170%;\">Racionalni um postao je osnovna i najcjenjenija alatka od svih koje kao  ljudsko bi\u0107e potencijalno imamo , a onom izgubljenom stanju  sada se  moramo pribli\u017eiti na drugi na\u010din, intuitivno.  Ve\u0107 spoznato mogu\u0107e je iskoristiti da bi sebi dokazali ono \u0161to su ljudi prije  nas znali, ali na jedan drugi na\u010din, intuitivno, dubokim uvidom kao posljedicom  svjesnog  \u017eivota u ritmovima s prirodom.<a name=\"_ftnref85\"><\/a><a href=\"#_ftn85\"><sup>[<span style=\"font-family: 'times new roman', times;\"><strong>85<\/strong><\/span>]<\/sup><\/a> Ti dokazi nam mogu poslu\u017eiti  da ponovno postignemo stanje vjere u sebe i   smisao postojanja svijeta.<\/p>\n<p class=\"MsoNormal\" style=\"line-height: 170%;\">Danas nije zahvalno govoriti o djelu koje nastoji biti pozitivna  konstrukcija misli i predod\u017ebi oformljena kroz likovno djelo na klasi\u010dan na\u010din,  skulpturom i arhitekturom, a posebno oformiti ga. Postoji potreba za  dekonstrukcijom svega \u0161to je ikada konstruirano. Razlog tome je \u0161to se razvojem  ljudske svijesti mi\u0161ljeno i simboli\u010dki manifestirano  s vremenom nadraslo, zbog \u010dega su  posljedi\u010dno stare forme   postepeno zamjenjivane novima.<\/p>\n<p class=\"MsoNormal\" style=\"line-height: 170%;\">&nbsp;<\/p>\n<div align=\"center\">\n<p><img loading=\"lazy\" decoding=\"async\" src=\"\/inmediasres\/images\/casopisi\/Kresimir_slike04.jpg\" alt=\"\" width=\"600\" height=\"900\" \/><\/p>\n<\/div>\n<p class=\"MsoNormal\" style=\"line-height: 170%;\">&nbsp;<\/p>\n<p class=\"MsoNormal\" style=\"line-height: 170%;\">Na svom putu spoznaje \u010dovjek stvara simbole. Oni nose univerzalan sadr\u017eaj  koji se  svaki put i\u0161\u010ditava sa \u0161irinom  uvida ovisno o svijesti promatra\u010da, individue. Iako danas mnogi znanstvenici  ismijavaju takav spoznajni put, on je u evoluciji \u010dovjeka  realan i postepen. Naravno, moramo biti  svjesni da je mogu\u0107e da se svaka spoznaja preto\u010dena u konstruktivno znanje u  vidu tehnologije zlorabi, \u0161to se oduvijek i \u010dini s velikim posljedicama za samog  spoznavatelja. Odgovornost koju zadobivamo spoznajom tek moramo usvojiti i  osvijestiti.<\/p>\n<p class=\"MsoNormal\" style=\"line-height: 170%;\">O ovome radu i njegovom simboli\u010dkom zna\u010denju kao autor mogu legitimno  izre\u0107i svoja nastojanja i te\u017enje. Prvenstveno sam ga  svjestan kao  eksperimenta jer svojom simboli\u010dkom formom  stoji na samom razme\u0111u suprotstavljenih perspektiva. Svaka kultura ovisno o  trenutnoj povijesnoj postavci, usmjeravanju svijesti na odre\u0111ene misaone forme  koje odre\u0111uju \u017eivot \u010dovjeka, koristi primjerene simboli\u010dke forme.  Kako primje\u0107uje Hans Belting, primjer je  zapadno-isto\u010dna povijest pogleda. Jednostavni  geometrijski oblici, apstrakcija, postoje u dijelu umjetnosti  20. st. Mo\u017eemo li iz tih povijesnih misaono umjetni\u010dkih  procesa u   21.st. napraviti sintezu i re\u0107i da  na temelju geometrije priroda  stvara i jednostavne i slo\u017eene  oblike? Mo\u017ee li  svijest \u010dovjeka 21. st prihvatiti simboli\u010dku  formu koja u sebi sadr\u017ei \u010distu geometriju i jednostavnu geometrijsku  figuraciju,  je li time postignuta  sredina  koja ne zapada u doslovno  opona\u0161anje nego kreaciju po imaginaciji te poku\u0161ava te\u017eiti univerzalnom jeziku.  Kroz razne poku\u0161aje preostaje nam iskusiti i vidjeti je li mogu\u0107 univerzalni  jezik.\n<\/p>\n<p class=\"MsoNormal\" style=\"line-height: 170%;\">&nbsp;<\/p>\n<div align=\"center\">\n<p><img loading=\"lazy\" decoding=\"async\" src=\"\/inmediasres\/images\/casopisi\/Kresimir_slike05.jpg\" alt=\"\" width=\"700\" height=\"467\" \/><\/p>\n<\/div>\n<p class=\"MsoNormal\" style=\"line-height: 170%;\">&nbsp;<\/p>\n<div align=\"center\">\n<p><img loading=\"lazy\" decoding=\"async\" src=\"\/inmediasres\/images\/casopisi\/Kresimir_slike06.jpg\" alt=\"\" width=\"600\" height=\"900\" \/><\/p>\n<\/div>\n<p class=\"MsoNormal\" style=\"line-height: 170%;\">&nbsp;<\/p>\n<p class=\"MsoNormal\" style=\"line-height: 170%;\">Ako se slo\u017eimo sa nekim postavkama ili bar ostavimo mjesta raspravi,  preostaje nam jo\u0161 jedno pitanje: Je li \u010dovjek duhovno bi\u0107e u me\u0111uzavisnom  odnosu sa prirodom i univerzumom ili slu\u010dajna kreacija sa velikim upitnikom  upisanim u njegovu sudbinu. Neki bi rekli da je slu\u010daj zakon koji ne poznajemo  pa je prema tome mogu\u0107e govoriti o obje mogu\u0107nosti, ali ako uzmemo u obzir  znanosti  sada ve\u0107 dobro poznate pisane i  umjetni\u010dke artefakte  kao  zapise duhovnosti   tisu\u0107ama godina starih kultura, uvi\u0111amo jednu  istu nit. Kulture koje niti  vremenski  niti prostorno nisu mogle biti u doticaju, svaka na svoj  na\u010din, svojom simboli\u010dkom formom poku\u0161avaju  oformiti  ono \u0161to je svijest prepoznala.  Vidimo \u010dovjeka koji je podre\u0111en zakonima prirode i univerzuma te stoji u  aktivnom odnosu sa njima. <\/p>\n<p class=\"MsoNormal\" style=\"line-height: 170%;\">Prostorno kiparska instalacija &bdquo;Ples \u017divota&ldquo; poku\u0161aj je da se na ideji  cjelovitosti i pokreta koji je iz \u0161ire perspektive zakon univerzuma pa utoliko  i ljudske domene postojanja, oformi jedno likovno djelo. Glavna ideja koja kao  zakon vlada izradom ovog djela  je &bdquo;intuitivna  geometrija&ldquo;.<\/p>\n<p class=\"MsoNormal\" style=\"line-height: 170%;\">Intuitivna geometrija je ideja koja se temelji na spoznaji i svijesti o  \u010dovjeku kao jednom od mnogih bi\u0107a u univerzumu. To bi\u0107e kao jedno od mnogih  bi\u0107a u velikom organizmu  podlije\u017ee istim  zakonima kao i cjelina. Upravo zbog toga mogu\u0107e mu je spoznati neke zakone i  djelovati u skladu s njima.  Uzimaju\u0107i u obzir  Pitagorinu ideju stvaranja  gdje se ideja  spu\u0161ta u manifestirani svijet preko broja koji rasporedom to\u010daka \u010dini geometrijski  lik te izlazi u prostor kao geometrijsko tijelo, danas  mo\u017eemo   slobodno re\u0107i da subatomske \u010destice po tom obrascu u valovitim titrajima  vibriraju i stvaraju razna bi\u0107a, od planeta do minerala, kamenja.  Slijede\u0107i tu ideju u domeni  kiparstva, mogu\u0107e je intuitivno  po principu postepenog gra\u0111enja forme,  promatraju\u0107i kako oblik izrasta iz dubine, modelirati slobodno prema  zami\u0161ljenoj ideji  s vlastitim osje\u0107ajem  harmonije i proporcije bez uzimanja vanjskog uzora iz vidljivog svijeta. <\/p>\n<p class=\"MsoNormal\" style=\"line-height: 170%;\">Kao \u0161to mo\u017eemo primijetiti najsavr\u0161enije manifestirano tijelo je kugla,  naravno sa svojim nesavr\u0161enostima. Upravo kugla nabolje do\u010darava jedinstvo, bila   promatrana kao izolirana jedinka ili  jedna od \u010destica koje \u010dine ve\u0107u cjelinu. Jo\u0161 uvijek bez obzira na tehnolo\u0161ka  dostignu\u0107a ne mo\u017eemo vidjeti cijeli univerzum a nije vjerojatno da \u0107emo ikada mo\u0107i,  ali mo\u017eemo ga ma\u0161tati\u2026 Ipak vidimo tijela, sustave, galaksije koje vibriraju,  kre\u0107u se pojedina\u010dno, grupno, me\u0111uovisno, ple\u0161u. Ovisno o na\u0161oj perspektivi  gledanja sve se kre\u0107e, ple\u0161e u manjim ili ve\u0107im grupama. Zna\u010di svi elementi su  me\u0111uzavisni i u stalnom su dijalogu. U tom kozmi\u010dkom dijalogu stvari nastaju,  ple\u0161u i nestaju. Isti zakoni djeluju i na \u010dovjeka. <\/p>\n<p class=\"MsoNormal\" style=\"line-height: 170%;\">Ako \u010dovjek \u017eivi autenti\u010dnim intuitivnim \u017eivotom tada je u stanju  otvorenosti kao jedno od bi\u0107a prema drugim bi\u0107ima, svijetu. U tom stanju  otvorenosti on vibrira sebe, svoje stanje\u2026 mislima, rije\u010dima, pokretima,  emocijom, te\u017enjom, nastojanjem, djelovanjem, cijelim svojim bi\u0107em. Tada se u  interakciji s drugim bi\u0107ima otvara mogu\u0107nost istinskog dijaloga, onog koji  potencijalno sadr\u017ei mogu\u0107nost transformacije.   \u010covjek uvi\u0111a da nije jedini nego jedan od mnogih u jednom, \u0161to stavlja  njegov  ego u realnu poziciju koja  omogu\u0107ava svijesti da se \u0161iri i uvi\u0111a do tada skrivenu zbilju. <\/p>\n<p class=\"MsoNormal\" style=\"line-height: 170%;\">&nbsp;<\/p>\n<div align=\"center\">\n<p><img loading=\"lazy\" decoding=\"async\" src=\"\/inmediasres\/images\/casopisi\/Kresimir_slike07.jpg\" alt=\"\" width=\"700\" height=\"467\" \/><\/p>\n<\/div>\n<p class=\"MsoNormal\" style=\"line-height: 170%;\">&nbsp;<\/p>\n<p class=\"MsoNormal\" style=\"line-height: 170%;\">\u010covjek na svom putu spoznaje i potrebe da  objasni i svemu da smisao ra\u0161\u010dlanjuje i  analizira da bi prepoznao, \u010dime se udaljava od biti, ali sintezom spoznatih  pojedinosti mogu\u0107e ju  je ponovno  naslutiti. U jednoj takvoj analizi morali smo odvojiti du\u0161u od tijela, gdje nam  je du\u0161a predstavljala onaj individualni, nepropadljivi, energetski dio koji i  nakon smrti nosi iskustvo oslobo\u0111eno   sje\u0107anja i zakona pojavnog svijeta.   Premda du\u0161a ima univerzalni karakter za \u010dovjeka jer ju posjeduju svi, svaka  je civilizacija  mislila o njoj na svoj  na\u010din, usvojila ju kao pojam i postavila kao okosnicu svoje kulture. <\/p>\n<p class=\"MsoNormal\" style=\"line-height: 170%;\">Danas kada se bavimo jo\u0161 ve\u0107im dekonstrukcijama, uskog ljudskog dru\u0161tveno  tehnolo\u0161kog podru\u010dja, razmi\u0161ljamo o mnogim stvarima koje nas \u010dine razli\u010ditima.  Jedna od ideja koja bi mogla na\u0161u svijest malo smiriti i usredoto\u010diti na  zajedni\u010dku bit,  ljudsku du\u0161u, predstoji  nam kao jedna od posljednjih mogu\u0107nosti.  Pogotovo u na\u0161e doba izrazito razvijene  tehnosfere<a name=\"_ftnref86\"><\/a><a href=\"#_ftn86\"><sup>[<span style=\"font-family: 'times new roman', times;\"><strong>86<\/strong><\/span>]<\/sup><\/a> , nu\u017eno ju je osvijestiti  i nastojati ne izgubiti.<\/p>\n<p class=\"MsoNormal\" style=\"line-height: 170%;\">&nbsp;<\/p>\n<div align=\"center\">\n<p><img loading=\"lazy\" decoding=\"async\" src=\"\/inmediasres\/images\/casopisi\/Kresimir_slike08.jpg\" alt=\"\" width=\"700\" height=\"467\" \/><\/p>\n<\/div>\n<p class=\"MsoNormal\" style=\"line-height: 170%;\">&nbsp;<\/p>\n<p class=\"MsoNormal\" style=\"line-height: 170%;\">Prostorno kiparska instalacija Ples \u017divota sastoji se od dva dijela koji  \u010dine cjelinu. Metalna konstrukcija je formalni prikaz Tetraktisa, prostornog  zlatnog reza u kojem se kocke pove\u0107avaju i zakre\u0107u za 45% te tako do\u010daravaju spiralni  pokret. Tetraktis predstavlja geometrijski prikaz jednog  od zakona u univerzumu, spiralnog pokreta. Unutar  tog zakona ra\u0111a se \u010dovjek ovdje prikazan kao embrio, \u0161to je potencijal \u010dovjeka.  Embrio je modeliran tako\u0111er po zakonu kugle i spiralnog pokreta te je njegova  forma posljedica doslovnog i strogog slije\u0111enja tog zakona. Figura koja stoji  ispred Tetraktisa je simboli\u010dki prikaz ljudske du\u0161e koja je postala svjesna  sebe i zakona univerzuma te se slobodno kre\u0107e ali u skladu sa zakonom, ona  ple\u0161e lagano se spiralno zakre\u0107u\u0107i.   Prikaz du\u0161e je tako\u0111er modeliran po zakonu cjelovitosti, kugle i  spiralnog pokreta, tako da cijela instalacija podlije\u017ee istim zakonima.  Tetraktis predstavlja strogu geometriju, matemati\u010dki princip  analiti\u010dkog promatranja svijeta, odnosno na\u010din  funkcioniranja lijeve hemisfere mozga. Embrio i simboli\u010dki prikaz du\u0161e  oformljeni su kroz slobodnu intuitivnu modelaciju  uvr\u0161tavaju\u0107i gre\u0161ku kao likovnu epidermu skulpture koja simbolizira \u017eivot, jer  u manifestiranoj prirodi ni\u0161ta nije savr\u0161eno, a u sebi nosi matricu istog  zakona. Gre\u0161ka poti\u010de na ponavljanje obrazaca i stjecanje iskustva.  <\/p>\n<p class=\"MsoNormal\" style=\"line-height: 170%;\">Forma skulpture du\u0161e tako\u0111er je posljedica slije\u0111enja zakona cjelovitosti i  spiralnog pokreta u modeliranju same skulpture, a ujedno predo\u010dava na\u010din funkcioniranja  lijeve hemisfere mozga.  Skulpture su modelirane tako da vizualno  i sadr\u017eajno predo\u010duju cjelovitost ljudske  spoznaje, intuitivno  simboli\u010dki  prikazane u prostornoj kiparskoj instalaciji &bdquo;Ples \u017divota&ldquo;.  <\/p>\n<p class=\"MsoNormal\" style=\"line-height: 170%;\">U domeni \u010dovjeka,  instalacija  prikazuje ples ljudske du\u0161e s mirom, dostojanstvom  i svjesno\u0161\u0107u o cjelini,  beskona\u010dnoj igri svijeta, plesu \u017eivota.<\/p>\n<p class=\"MsoNormal\" style=\"line-height: 170%;\">&nbsp;<\/p>\n<div align=\"center\">\n<p><img loading=\"lazy\" decoding=\"async\" src=\"\/inmediasres\/images\/casopisi\/Kresimir_slike09.jpg\" alt=\"\" width=\"600\" height=\"900\" \/><\/p>\n<\/div>\n<p align=\"center\"><strong> <\/strong><strong> <\/strong><\/p>\n<p align=\"center\"><strong>&nbsp;<\/strong><\/p>\n<p align=\"center\"><strong>PLES  \u017dIVOTA<\/strong><\/p>\n<p class=\"MsoNormal\" style=\"line-height: 170%;\">Univerzum di\u0161e, kre\u0107e se, periodi\u010dki se manifestira i rastvara da bi se  ponovno stvorio. Taj ciklus beskona\u010dnih ciklusa je ples, ples ideja, njihove  kreacije, puta, nastojanja, nestanka i tako ponovno. U domeni \u010dovjeka, bi\u0107a  me\u0111u mnogim bi\u0107ima, odvija se isti ples, ra\u0111anje, odrastanje, osvje\u0161tavanje,  nastojanje, rezimiranje i odlazak iz manifestiranog svijeta. Trenutak  samospoznaje bi\u0107a i svijeta u kojem se to bi\u0107e nalazi u neposrednoj interakciji  sa njime \u010dini to bi\u0107e aktivnim sudionikom plesa \u017eivota. Unutar zakona  univerzuma i njegovog pokreta bi\u0107e &#8211; \u010dovjek krije u sebi neosvije\u0161teni  potencijal onoga \u0161to mo\u017ee biti i kroz \u0161to se mo\u017ee dati tome svijetu. U tom \u010dinu  svjesne otvorenosti on je kreacija koja kreira kao jedan mali djeli\u0107 velikog  organizma. Njegova sloboda je u tome da se spozna kroz gre\u0161ku koja mu donosi  iskustvo koje tada pretpostavlja transformaciju tog istog bi\u0107a.  Mogu\u0107nost transformacije \u010dovjeka otvara  mogu\u0107nost transformacije njegovog svijeta, univerzuma.  U cijelom univerzumu neprestano se odvija  ljepota pokreta, uskla\u0111ivanja ,  pa stoga  i u domeni \u010dovjeka kao dijalog, a taj harmoniziraju\u0107i pokret je &bdquo;Ples \u017divota&ldquo;.<\/p>\n<p class=\"MsoNormal\" style=\"line-height: 170%;\">Nepropadljivi dio koji je vje\u010dan je du\u0161a koju  posjeduju svi, a to je energija sa idejom  bi\u0107a i iskustvom. Du\u0161a putuje vje\u010dno, putuje   kada je manifestirana u \u010dovjeku i kada ga napu\u0161ta. Put nastojanja od  za\u010detka bi\u0107a, fetusa, embrija, do svjesnog \u010dovjeka, dalek je. U tom nastojanju  du\u0161a se &bdquo;susre\u0107e sa sobom&ldquo;, svijetom, jednim. Kada spozna sebe kao individuu i  svoju  uvjetovanost  zakonima univerzuma, pristaje na svjesni  ples, slobodni ples u okviru zakona. To je Ples \u017divota. <\/p>\n<p class=\"MsoNormal\" style=\"line-height: 170%;\">&nbsp;<\/p>\n<div align=\"center\">\n<p><img loading=\"lazy\" decoding=\"async\" src=\"\/inmediasres\/images\/casopisi\/Kresimir_slike10.jpg\" alt=\"\" width=\"700\" height=\"467\" \/><\/p>\n<\/div>\n<p class=\"MsoNormal\" style=\"line-height: 170%;\">&nbsp;<\/p>\n<p class=\"MsoNormal\" style=\"line-height: 150%;\">&nbsp;<\/p>\n<hr align=\"left\" size=\"1\" width=\"33%\" \/>\n<div id=\"ftn83\">\n<p class=\"MsoNormal\" style=\"line-height: 150%;\"><span style=\"font-size: 8.0pt;\"><a name=\"_ftn83\"><\/a><a href=\"#_ftnref83\"><sup>[<span style=\"font-family: 'times new roman', \ntimes;\"><strong>83<\/strong><\/span>]<\/sup><\/a>&nbsp;<br \/>\nYuval Noah Harari, \u201eSapiens, kratka povijest \u010dovje\u010danstva\u201c, Fokus komunikacije, Zagreb, 2015.<br \/>\n<\/span><\/p>\n<\/div>\n<div id=\"ftn84\">\n<p class=\"MsoNormal\" style=\"line-height: 150%;\"><span style=\"font-size: 8.0pt;\"><a name=\"_ftn84\"><\/a><a href=\"#_ftnref84\"><sup>[<span style=\"font-family: 'times new roman', \ntimes;\"><strong>84<\/strong><\/span>]<\/sup><\/a>&nbsp;<br \/>\n Viktor E. Frankl, &ldquo;Ne\u010dujan vapaj za smislom&rdquo;, Naprijed, Zagreb,  1981.<br \/>\n<\/span><\/p>\n<\/div>\n<div id=\"ftn85\">\n<p class=\"MsoNormal\" style=\"line-height: 150%;\"><span style=\"font-size: 8.0pt;\"><a name=\"_ftn85\"><\/a><a href=\"#_ftnref85\"><sup>[<span style=\"font-family: 'times new roman', \ntimes;\"><strong>85<\/strong><\/span>]<\/sup><\/a>&nbsp;<br \/>\nMircea Eliade, &bdquo;Mit o  vje\u010dnom povratku&ldquo;, Naklada Jesenski i Turk, Zagreb, 2007.<br \/>\n<\/span><\/p>\n<\/div>\n<div id=\"ftn86\">\n<p class=\"MsoNormal\" style=\"line-height: 150%;\"><span style=\"font-size: 8.0pt;\"><a name=\"_ftn86\"><\/a><a href=\"#_ftnref86\"><sup>[<span style=\"font-family: 'times new roman', \ntimes;\"><strong>86<\/strong><\/span>]<\/sup><\/a>&nbsp;<br \/>\n&ldquo;Racionalna mo\u0107 sustava koristi \u010dovjeka kao biokapital za daljnji razvoj  mediosfere kao posrednika izme\u0111u tehnosfere i biosfere .&rdquo;, Pai\u0107, \u017d. Mo\u0107 mediosfere: doga\u0111aj, mre\u017ea,  ideologija, sa\u017eetak izlaganja simpozija Medijska slika svijeta, Zagreb, 2012.<br \/>\n<\/span><\/p>\n<\/div>\n<p class=\"MsoNormal\" style=\"line-height: 150%;\">&nbsp;<\/p>\n<p style=\"text-align: center;\" align=\"center\"><strong> <span style=\"font-size: 13.0pt; line-height: 150%;\">\u201cIntuitive Geometry\u201d in Spatial Sculpture Installation \u201cDance of Life\u201d<\/span><\/strong><\/p>\n<p class=\"MsoNormal\" style=\"line-height: 150%;\">&nbsp;<\/p>\n<p style=\"margin: 0cm 48.6pt 0.0001pt 54pt; line-height: 170%;\"><em><strong>Abstract<\/strong><\/em><\/p>\n<p class=\"MsoBodyText\" style=\"margin-top: 0cm; margin-right: 48.6pt; margin-bottom: .0001pt; margin-left: 54.0pt; line-height: 150%;\"><span style=\"font-size: 12.0pt; line-height: 150%; font-family: 'Times New Roman';\" lang=\"SR\">&nbsp;<\/span><\/p>\n<p class=\"MsoBodyText\" style=\"margin-top: 0cm; margin-right: 48.6pt; margin-bottom: .0001pt; margin-left: 54.0pt; line-height: 150%;\"><span style=\"font-size: 12.0pt; line-height: 150%; font-family: 'Times New Roman';\" lang=\"SR\">&nbsp;<\/span><\/p>\n<p class=\"MsoBodyText\" style=\"margin-top: 0cm; margin-right: 48.6pt; margin-bottom: .0001pt; margin-left: 54.0pt; line-height: 170%;\"><em><br \/>\nTalking about the process of emergence and the symbolic significance of the sculpture installation \u201eDance of Life\u201c, it will try to present the idea of intuitive geometry that has made the sculptural installation itself. Intuitive geometry is the search principle for the archetypal forms of life and things, aligning with the law of wholeness, shape of sphere and spiral movement. A man who seeks to perceive himself and the world, by the process of repeated dialogue with the same world, transforms his being. The consciousness of the being that is spreading gives a man insight, and according to the princple of aspiration, the laws that make it all exist, remain in motion and disappear, man harmonise his life and principles of action.<\/em><\/p>\n<p><span style=\"mso-tab-count: 1;\">&nbsp;&nbsp;&nbsp;&nbsp;&nbsp;&nbsp;<\/span><\/p>\n<p class=\"MsoBodyText\" style=\"margin-top: 0cm; margin-right: 48.6pt; margin-bottom: .0001pt; margin-left: 54.0pt; line-height: 170%;\"><em><br \/>\nThe same principles apply to the sculpture domain as the idea of a shaped form. As one of the beings in nature, of the great organism, man has the ability to create by the same laws, by attempt and mistakes, by experience and cognition. With intuitive geometry of love and intelligence, man creates using all his tools; body, energy, feelings and mind in more harmonious relationships, depending on the state of consciousness of being.<\/em><\/p>\n<p class=\"MsoBodyText\" style=\"margin-top: 0cm; margin-right: 48.6pt; margin-bottom: .0001pt; margin-left: 54.0pt; line-height: 170%;\">&nbsp;<\/p>\n<p style=\"margin: 0cm 48.6pt 0.0001pt 54pt; line-height: 170%;\"><strong><em>Key words:<\/em><\/strong> <em>Dance of life, intuitive geometry, the sculpture domain.<\/em><\/p>\n<p class=\"MsoNormal\" style=\"line-height: 150%;\"><span lang=\"SR\">&nbsp;<\/span><\/p>\n<p><a name=\"7inmediasres13\"><\/a><\/p>\n<p class=\"MsoNormal\" style=\"line-height: 150%;\"><span lang=\"SR\">&nbsp;<\/span><\/p>\n<hr \/>\n<table style=\"width: 755px;\" border=\"0\">\n<tbody>\n<tr>\n<td style=\"width: 215px;\" valign=\"top\"><img loading=\"lazy\" decoding=\"async\" class=\" alignleft size-full wp-image-327\" style=\"float: left;\" src=\"https:\/\/centar-fm.org\/inmediasres\/wp-content\/uploads\/sites\/2\/2018\/09\/inmediasresno1malo13to.png\" alt=\"inmediasresno13malo\" width=\"70\" height=\"103\" \/><\/p>\n<p class=\"MsoNormal\" style=\"line-height: 170%;\">\n <strong>&nbsp;7(13)#18 2018<\/strong> <\/p>\n<\/td>\n<td style=\"width: 315px;\" valign=\"top\">\n<p style=\"line-height: 170%; text-align: center;\">\n<a rel=\"license\" href=\"http:\/\/creativecommons.org\/licenses\/by-nc\/4.0\/\"><img decoding=\"async\" alt=\"Creative Commons licenca\" style=\"border-width:0\" src=\"https:\/\/i.creativecommons.org\/l\/by-nc\/4.0\/88x31.png\" \/><\/a><br \/>\u010casopis je otvorenog pristupa, a ovo djelo je dano na kori\u0161tenje pod licencom <a rel=\"license\" href=\"http:\/\/creativecommons.org\/licenses\/by-nc\/4.0\/\"><strong>Creative Commons Imenovanje-Nekomercijalno 4.0 me\u0111unarodna.<\/strong><\/a><\/p>\n<\/td>\n<td valign=\"top\">\n<p style=\"text-align: right; line-height: 150%;\" align=\"center\"><strong>UDK 75.051:124.3<\/p>\n<p>Stru\u010dni rad<\/p>\n<p>Professional paper<\/p>\n<p>Primljeno: 26.12.2017.<\/strong><\/p>\n<\/td>\n<\/tr>\n<\/tbody>\n<\/table>\n<p class=\"MsoNormal\" style=\"line-height: 150%;\">&nbsp;<\/p>\n<p class=\"MsoNormal\" style=\"line-height: 150%;\">&nbsp;<\/p>\n<p class=\"MsoNormal\" style=\"text-align: center; line-height: 150%;\" align=\"center\"><span style=\"font-size: 15.0pt; line-height: 150%;\">Josipa Luli\u0107<\/span><\/p>\n<p style=\"text-align: center; line-height: 150%;\" align=\"center\">Filozofski fakultet Sveu\u010dili\u0161ta u Zagrebu<\/p>\n<p>josipa.lulic@gmail.com<\/p>\n<p style=\"text-align: center;\" align=\"center\"><strong> <span style=\"font-size: 16.0pt; line-height: 150%;\">Slika kao medij mi\u0161ljenja: distribuirana kognicija<br \/>\ni teorija pro\u0161irenog uma<\/span><\/strong><\/p>\n<p style=\"text-align: center; line-height: 150%;\" align=\"center\"><a href=\"http:\/\/www.centar-fm.org\/inmediasres\/images\/pdf\/13\/J. Luli\u0107, Slika kao medij misljenja, distribuirana kognicija i teorija prosirenog uma.pdf\"><strong><span style=\"color: #DC0101; font-size: 8.0pt;\"><br \/>\nPuni tekst: pdf (481 KB), Hrvatski, Str. 2075 &#8211; 2090<br \/>\n<\/span><\/strong><\/a><\/p>\n<p class=\"MsoNormal\" style=\"line-height: 150%;\">&nbsp;<\/p>\n<p style=\"margin: 0cm 48.6pt 0.0001pt 54pt; line-height: 170%;\"><strong><em>Sa\u017eetak<\/em><\/strong><\/p>\n<p class=\"MsoBodyText\" style=\"margin-top: 0cm; margin-right: 48.6pt; margin-bottom: .0001pt; margin-left: 54.0pt; line-height: 150%;\"><span style=\"font-size: 12.0pt; line-height: 150%; font-family: 'Times New Roman';\" lang=\"SR\">&nbsp;<\/span><\/p>\n<p class=\"MsoBodyText\" style=\"margin-top: 0cm; margin-right: 48.6pt; margin-bottom: .0001pt; margin-left: 54.0pt; line-height: 170%;\"><em>Andy Clark poznat je po svojoj tvrdnji kako su ljudi pod  odre\u0111enim okolnostima sposobni prenijeti dio svojih kognitivnih funkcija u okoli\u0161. Tu je tezu nazvao teorijom pro\u0161irenog uma. Nakon njenog prvog pojavljivanja u \u010dlanku koji je Clark u koautorstvu s D. Chalmersom napisao godine 1998. ona je postala predmetom \u0161iroke rasprave , no konzenzus je postignut oko ideje da okoli\u0161 slu\u017ei ako ne u potpunosti kao direktan dio kognitivnog procesa, onda kao va\u017ean potporanj mi\u0161ljenju. Moje se istra\u017eivanje su\u017eava na ulogu slike u religijskoj kogniciji. Cilj mi je usporediti dva religijska sustava, onaj drevne rimske religije i suvremenog brazilskog Candomblea, koji su udaljeni u vremenu i prostoru, ali povezani Whitehouseovom konceptualizacijom imagisti\u010dkog modaliteta religioznosti. Pobli\u017ee \u0107u analizirati koncept (ikonografske) pogre\u0161ke kroz prizmu kognitivne znanosti, te u svjetlu koncepta slike kao dijela sustava religijske kognicije poku\u0161ati ponuditi druga\u010diji pogled.<\/em><\/p>\n<p class=\"MsoBodyText\" style=\"margin-top: 0cm; margin-right: 48.6pt; margin-bottom: .0001pt; margin-left: 54.0pt; line-height: 170%;\">&nbsp;<\/p>\n<p style=\"margin: 0cm 48.6pt 0.0001pt 54pt; line-height: 170%;\"><strong><em>Klju\u010dne rije\u010di:<\/em><\/strong> <em>distribuirana kognicija ,teorija pro\u0161irenog uma , rimska skulptura ,rimska religija.<\/em><\/p>\n<p class=\"MsoBodyText\" style=\"margin-top: 0cm; margin-right: 48.6pt; margin-bottom: .0001pt; margin-left: 54.0pt; line-height: 170%;\">&nbsp;<\/p>\n<p class=\"MsoNormal\" style=\"line-height: 150%;\">&nbsp;<\/p>\n<p class=\"MsoNormal\" style=\"line-height: 170%;\">Kada sam,  pripremaju\u0107i izlaganje a potom i tekst,  po\u010dela  promi\u0161ljati svoje istra\u017eivanje religije u Rimskoj Dalmaciji u okviru teme  filozofije medija, nametnulo mi se pitanje uloge slike u religijskom mi\u0161ljenju.  Mo\u017eemo li konceptualizirati sliku kao medij prijenosa religijske ideje? Koje to  informacije delegiramo slikama, i kako mo\u017eemo objasniti taj proces? Ovome  pitanju pristupit \u0107u kroz teorijski okvir kognitivne teorije religije, kao i  onaj teorije pro\u0161irenog uma, a materijal koji \u0107u promatrati bit \u0107e onaj  religijske skulpture u rimskoj Dalmaciji, te opreme hramova brazilskog candombl\u00e9a.  Ova su dva religijska sustava me\u0111usobno vremenski i prostorno udaljena, ali prema  Whitehouseu na skali imagisti\u010dkih i doktrinalnih modaliteta religije dijele  istu kognitivnu strukturu, pa otud i omogu\u0107uju potencijalne uvide analogijom. <\/p>\n<p class=\"MsoNormal\" style=\"line-height: 170%;\">Teorija  pro\u0161irenog uma ideja prvi je put razra\u0111ena godine 1998., u \u010dlanku Clarka i Chalmersa<a name=\"_ftnref87\"><\/a><a href=\"#_ftn87\"><sup>[<span style=\"font-family: 'times new roman', times;\"><strong>87<\/strong><\/span>]<\/sup><\/a> Tamo autori navode sada ve\u0107 ikoni\u010dki primjer funkcioniranja elemenata  okoli\u0161a u individualnom kognitivnom sustavu. U najkra\u0107im crtama, Clark i  Chalmers uspore\u0111uju Otta, pacijenta koji boluje od Alzheimerove bolesti te  koristi bilje\u017enicu u kojoj su zapisani podaci o svijetu oko njega, i Ingu, koja  te iste podatke nosi u glavi. Oboje \u017eele posjetiti izlo\u017ebu u Metropolitan  muzeju, no dok se Inga prisje\u0107a adrese Muzeja, Otto ju mora potra\u017eiti u  bilje\u017enici na koju se oslanja za sve va\u017enije informacije o sebi, koje zbog  bolesti vi\u0161e ne posjeduje. Autori poslije analize zaklju\u010duju: funkcionalno,  procesi dosje\u0107anja i gledanja u bilje\u017enicu dovoljno su sli\u010dni da se Ottova  bilje\u017enica mo\u017ee smatrati dijelom njegova kognitivnog sustava. Okoli\u0161 ne  predstavlja samo vi\u0161ak u kontekstu mi\u0161ljenja ili medij kojim se prenosi neka  vanjska poruka, predmeti sami po sebi postaju dio mi\u0161ljenja, na taj na\u010din  doslovno uprizoruju\u0107i McLuhanovu maksimu.<a name=\"_ftnref88\"><\/a><a href=\"#_ftn88\"><sup>[<span style=\"font-family: 'times new roman', times;\"><strong>88<\/strong><\/span>]<\/sup><\/a> Ideja uparivanja predmeta iz okoline s kognitivnim procesima vrlo je brzo prepoznata  kao iznimno zna\u010dajna za religijsku kogniciju. Matthew Day pi\u0161e: &bdquo;Razumijevanje  da u nekim kontekstima svi relevantni elementi komputacijske ma\u0161inerije nisu smje\u0161teni  u glavi, zna\u010di da moramo ponovo promisliti mogu\u0107u ulogu ili uloge i zna\u010denje  materijalne kulture u religijskoj kogniciji. <\/p>\n<p class=\"MsoNormal\" style=\"line-height: 170%;\">Specifi\u010dnije, \u0161iroki spektar rituala, glazbe, relikvija, tekstova, statua i  gra\u0111evina koje se tipi\u010dno ve\u017eu uz religijske tradicije mogao bi biti vi\u0161e od  etnografskog ukrasa. Ovi bi elementi mogli predstavljati centralne komponente  relevantne ma\u0161inerije religijske misli, a ne samo tanki kulturni omot koji  ukra\u0161ava kognitivni proces koji se odvija u pozadini&ldquo;<a name=\"_ftnref89\"><\/a><a href=\"#_ftn89\"><sup>[<span style=\"font-family: 'times new roman', times;\"><strong>89<\/strong><\/span>]<\/sup><\/a> Ipak, osnovna razlika koju Day zapravo ne adresira, ti\u010de se \u010dinjenice da  su kod Clarka vanjski dijelovi sustava osobni i individualni, te se ve\u017eu za osobne  i individualne potrebe, dok su slike i rituali dijelovi religijskog sustava  kojem imaju pristup razli\u010diti \u010dlanovi dru\u0161tva. Ovom bismo napomenom religiju u  okviru kognitivne teorije mogli definirati kao labavo povezan sustav  (utjelovljene) kognicije u okoli\u0161u, u kojem sudjeluje veliki dio populacije koja  taj sustav pak razumije kao pripadaju\u0107i istom religijskom konceptu.<a name=\"_ftnref90\"><\/a><a href=\"#_ftn90\"><sup>[<span style=\"font-family: 'times new roman', times;\"><strong>90<\/strong><\/span>]<\/sup><\/a> U psiholo\u0161koj dispoziciji radi se o mre\u017ei predstava koje se mogu zna\u010dajno  razlikovati od jednog do drugog aktera, ovisno o njihovoj individualnoj  kognitivnoj arhitekturi i pristupu okoli\u0161nim dijelovima sustava.<a name=\"_ftnref91\"><\/a><a href=\"#_ftn91\"><sup>[<span style=\"font-family: 'times new roman', times;\"><strong>91<\/strong><\/span>]<\/sup><\/a><\/p>\n<p class=\"MsoNormal\" style=\"line-height: 170%;\">Likovni materijal ve\u0107 ovim pomakom dobiva novo mjesto u  mi\u0161ljenju religije. Promatranje likovnog djela mimo konteksta \u0161ireg religijskog  sustava dovodilo je u praksi do problema ikonografskih nedosljednosti. U ovom  \u0107emo se radu koncentrirati na probleme takvih ikonografskih diskrepancija i  poku\u0161ati ponuditi njihovu druga\u010diju interpretaciju. Nekoliko takvih primjera  postoji u rimskoj Dalmaciji:<\/p>\n<p class=\"MsoNormal\" style=\"line-height: 170%;\">&nbsp;<\/p>\n<p class=\"MsoNormal\" style=\"line-height: 170%;\">1.<\/p>\n<p class=\"MsoNormal\" style=\"line-height: 170%;\">Prikazi Silvana ikonografski se potpuno razlikuju od onih  njegovog rimskog imenjaka.<a name=\"_ftnref92\"><\/a><a href=\"#_ftn92\"><sup>[<span style=\"font-family: 'times new roman', times;\"><strong>92<\/strong><\/span>]<\/sup><\/a> Rimski je Silvan prikazan kao stariji bradati \u010dovjek, s vijencem od hrastovog  li\u0161\u0107a na glavi. U Dalmaciji, me\u0111utim, prvi popisi arheolo\u0161kog materijala s  kraja devetnaestog stolje\u0107a uop\u0107e nisu navodili da se na prikazima radi o  Silvanu, ve\u0107 o Panu:<a name=\"_ftnref93\"><\/a><a href=\"#_ftn93\"><sup>[<span style=\"font-family: 'times new roman', times;\"><strong>93<\/strong><\/span>]<\/sup><\/a> naime, dalmatinski Silvan prikazan je antropoteriomorfno, s ljudskim trupom i  glavom, a s jare\u0107im nogama, u\u0161ima, rogovima, nerijetko i s panovom sviralom u  svojoj ruci ili blizini. Budu\u0107i da svi navedeni ikonografski elementi u  potpunosti odgovaraju na\u010dinu prikaza gr\u010dkog Pana, postavlja se pitanje \u2013 za\u0161to  uop\u0107e govorimo o Silvanu? Odgovor le\u017ei u epigrafiji. Naime, osim \u0161to postoji velik  broj samostalnih natpisa o Silvanu, na nizu likovnih spomenika javlja se i direktno  imenovanje u epigrafiji na samoj slici: Silvanovo ime dato je bi\u0107u s jare\u0107im  nogama.<a name=\"_ftnref94\"><\/a><a href=\"#_ftn94\"><sup>[<span style=\"font-family: 'times new roman', times;\"><strong>94<\/strong><\/span>]<\/sup><\/a> Ve\u0107 na samom po\u010detku dvadesetog stolje\u0107a vrlo su se brzo povezali slika i ime, no  to je problematiku samo u\u010dinilo kompleksnijom. U literaturi se mo\u017ee prona\u0107i nekoliko  razli\u010ditih interpretacija, koje se ugrubo mogu podijeliti u dvije skupine. U  prvu skupinu spadaju malobrojni znanstvenici izvan ovih prostora koji su pisali  o dalmatinskom Silvanu \u2013 primjerice, Peter Dorcey koji je objavio monografiju o  Silvanu \u2013 koji u druga\u010dijoj ikonografiji vide pogre\u0161ku u procesu romanizacije.<a name=\"_ftnref95\"><\/a><a href=\"#_ftn95\"><sup>[<span style=\"font-family: 'times new roman', times;\"><strong>95<\/strong><\/span>]<\/sup><\/a> Druga skupina obuhva\u0107a najve\u0107i broj doma\u0107ih znanstvenika, na \u010delu s Dujom  Rendi\u0107em Mio\u010devi\u0107em, a koji u prikazu Silvana vide interpretatio Romana nekog  doma\u0107eg delmatskog bo\u017eanstva, koje se pak u imaginaciji naroda prije odlaska  Rimaljana prikazivalo sli\u010dno Panu, samo bez brade (s obzirom da je prikaz  golobradog Silvana \u010de\u0161\u0107i u zale\u0111u provincije, gdje se prema ovoj interpretaciji  dulje zadr\u017eao originalni prikaz).<a name=\"_ftnref96\"><\/a><a href=\"#_ftn96\"><sup>[<span style=\"font-family: 'times new roman', times;\"><strong>96<\/strong><\/span>]<\/sup><\/a><\/p>\n<p class=\"MsoNormal\" style=\"line-height: 170%;\">&nbsp;<\/p>\n<p class=\"MsoNormal\" style=\"line-height: 170%;\">2. <\/p>\n<p class=\"MsoNormal\" style=\"line-height: 170%;\">Dijana je, s druge strane, naj\u010de\u0161\u0107e prikazana na rimski  na\u010din. Klasi\u010dna slika Dijane lovkinje pretpostavlja bo\u017eicu odjevenu u kratki  haljetak, s lova\u010dkim \u010dizmama na nogama, lukom u ruci i tobolcem strijela na  le\u0111ima.<a name=\"_ftnref97\"><\/a><a href=\"#_ftn97\"><sup>[<span style=\"font-family: 'times new roman', times;\"><strong>97<\/strong><\/span>]<\/sup><\/a> Taj je ikonografski model vrlo dugog trajanja, i preuzet je iz prikaza gr\u010dke  Artemide: Dijana je jedno od onih rimskih bo\u017eanstava koja su sna\u017eno obilje\u017eena  gr\u010dkim prikazima i mitovima. Ipak, njeno uparivanje s drugim bo\u017eanstvima,  distribucija nalaza, kao i odre\u0111ene ikonografske specifi\u010dnosti, odska\u010du od  klasi\u010dnih prikaza bo\u017eice. U Dalmaciji, naime, Dijanu naj\u010de\u0161\u0107e vidimo kao  pratilju Silvanu ili trima Nimfama,<a name=\"_ftnref98\"><\/a><a href=\"#_ftn98\"><sup>[<span style=\"font-family: 'times new roman', times;\"><strong>98<\/strong><\/span>]<\/sup><\/a> \u0161to je u ostatku Rimskog Carstva relativno rijedak slu\u010daj. K tome mjestimice nalazimo  i neobi\u010dne ikonografske detalje: primjerice, na reljefu iz Suha\u010de prikazana je u  pratnji Silvana i tri Nimfe.<a name=\"_ftnref99\"><\/a><a href=\"#_ftn99\"><sup>[<span style=\"font-family: 'times new roman', times;\"><strong>99<\/strong><\/span>]<\/sup><\/a> U ruci dr\u017ei luk i mo\u017eemo pretpostaviti tobolac na le\u0111ima, odjevena je u tipi\u010dnu  odje\u0107u Dijane lovkinje, no nad njenom se glavom razvija marama. Ovaj je detalj  u ranijim interpretacijama bivao vi\u0111en kao poveznica sa narodnom no\u0161njom  lokalnog stanovni\u0161tva (te otud i kao argument za interpretaciju Dijane kao jo\u0161  jednog autohtonog bo\u017eanstva, koje zajedno sa Silvanom \u010dini vrhovni bo\u017eanski par  predrimskog panteona),<a name=\"_ftnref100\"><\/a><a href=\"#_ftn100\"><sup>[<span style=\"font-family: 'times new roman', times;\"><strong>100<\/strong><\/span>]<\/sup><\/a> dok sam ju ja uz posudbu pripadaju\u0107e  ikonografije povezala s  drugim tipom Dijane \u2013 onim Lucifere.<a name=\"_ftnref101\"><\/a><a href=\"#_ftn101\"><sup>[<span style=\"font-family: 'times new roman', times;\"><strong>101<\/strong><\/span>]<\/sup><\/a> U svakom slu\u010daju, posrijedi je neobi\u010dan detalj, kao \u0161to su na sli\u010dan na\u010din neobi\u010dna  i dva reljefa iz Opa\u010di\u0107a.<a name=\"_ftnref102\"><\/a><a href=\"#_ftn102\"><sup>[<span style=\"font-family: 'times new roman', times;\"><strong>102<\/strong><\/span>]<\/sup><\/a> Na jednom od njih je prikaz Silvana uz \u017eenski lik koji je prema analogijama s  uparivanjem ovih dvaju bo\u017eanstava interpretiran kao Dijana; na drugom su prikazana  tri \u017eenska lika, me\u0111u kojima je uspostavljena hijerarhija, a sredi\u0161nji lik je  izdignut na postolje \u2013 ovaj je prikaz interpretiran kao <em>Dijana i orantice<\/em>.<a name=\"_ftnref103\"><\/a><a href=\"#_ftn103\"><sup>[<span style=\"font-family: 'times new roman', times;\"><strong>103<\/strong><\/span>]<\/sup><\/a> Ponovo, slagali se ili ne s takvom interpretacijom, u ovim likovnim  nedosljednostima pratimo promjene u komunikacijskom kodu i mogu\u0107e prostore za  promi\u0161ljanje.<\/p>\n<p class=\"MsoNormal\" style=\"line-height: 170%;\">&nbsp;<\/p>\n<p class=\"MsoNormal\" style=\"line-height: 170%;\">3. <\/p>\n<p class=\"MsoNormal\" style=\"line-height: 170%;\">Venera je na podru\u010dju Dalmacije prikazana u svom  tradicionalnom ikonografskom liku. Osim u kamenoj skulpturi, \u010desto je prikazivana  i kao ukras na iglama od kosti, ogledalima i sli\u010dnim predmetima za uporabu u  kozmetici, no bez ikakvih ikonografskih posebnosti koje bi upadale u o\u010di.<a name=\"_ftnref104\"><\/a><a href=\"#_ftn104\"><sup>[<span style=\"font-family: 'times new roman', times;\"><strong>104<\/strong><\/span>]<\/sup><\/a> Stoga je zanimljivo da je u Ninu uz kip \u017eenske figure u tipi\u010dnoj pozi u kojoj  se prepoznaje Venera prona\u0111en natpis koji insinuira da je prikazana bo\u017eica  zapravo liburnska Anzotika.<a name=\"_ftnref105\"><\/a><a href=\"#_ftn105\"><sup>[<span style=\"font-family: 'times new roman', times;\"><strong>105<\/strong><\/span>]<\/sup><\/a><\/p>\n<p class=\"MsoNormal\" style=\"line-height: 170%;\">&nbsp;<\/p>\n<p class=\"MsoNormal\" style=\"line-height: 170%;\">4. <\/p>\n<p class=\"MsoNormal\" style=\"line-height: 170%;\">Merkur je u rimskom svijetu prvenstveno bo\u017eanstvo  trgovine. Kao takav prisutan je u vidu bakrenih figurica malih dimenzija i na  podru\u010dju Dalmacije, kao \u0161to je to i u cijelom Rimskom Carstvu, s obzirom da su Merkurove  kipi\u0107e sa sobom nosili putnici i trgovci.<a name=\"_ftnref106\"><\/a><a href=\"#_ftn106\"><sup>[<span style=\"font-family: 'times new roman', times;\"><strong>106<\/strong><\/span>]<\/sup><\/a> No posebno su zanimljivi prikazi koji se odnose na njegov drugi aspekt, onaj glasnika  bogova i vodi\u010da du\u0161a, spone me\u0111u razli\u010ditim svjetovima. Na nizu reljefa u  funerarnom kontekstu (na sarkofazima i na stupi\u0107u ograde grobnog mjesta u  Saloni, uz nekoliko primjera nepoznate provenijencije),<a name=\"_ftnref107\"><\/a><a href=\"#_ftn107\"><sup>[<span style=\"font-family: 'times new roman', times;\"><strong>107<\/strong><\/span>]<\/sup><\/a> prikazan je kako u ruci, uz svoj uobi\u010dajeni kaducej, dr\u017ei i drugi \u0161tap \u2013 motiv  koji nije nepoznat, ali broj primjera u kojima se javlja na nevelikom podru\u010dju  rimske Dalmacije prema\u0161uje cjelokupan ostatak rimskoga svijeta. <\/p>\n<p class=\"MsoNormal\" style=\"line-height: 170%;\">Vidimo, dakle, niz neobi\u010dnih kombinacija: u slu\u010daju  Silvana rimsko ime bo\u017eanstva koje ikonografski gotovo potpuno odgovara drugom,  gr\u010dkom, mitolo\u0161kom bi\u0107u, a interpretira se kao tre\u0107e, autohtono bo\u017eanstvo; u  slu\u010daju Dijane bo\u017eanstvo rimskog imena i ikonografije, uz nekoliko zna\u010dajnih  iznimki, koje je interpretira kao drugo, autohtono,. U tre\u0107em primjeru vidimo  savr\u0161en ikonografski prikaz Venere, ali uz autohtono ime, dok u posljednjem  vidimo prikaz rimskog bo\u017eanstva, no s vrlo zna\u010dajnom i konzistentnom  ikonografskom idiosinkrazijom. Ovi primjeri za podru\u010dje Rimskog Carstva nisu  jedinstveni \u2013 u provincijama starog Rima sre\u0107emo na desetke razli\u010ditih  kombinacija ikonografije, imena, interpretacija i mogu\u0107ih identiteta  bo\u017eanstava. Za sve te pojave, koliko god bile me\u0111usobno razli\u010dite, obi\u010dno se koristi  zajedni\u010dki pojam, <em>interpretatio Romana<\/em>. <\/p>\n<p class=\"MsoNormal\" style=\"line-height: 170%;\"> Tradicionalno vi\u0111enje promjena koje su se  doga\u0111ale u rimskim provincijama fokusirale su se na teme <em>interpretatio Romana <\/em>i pojavu religijskog sinkretizma. <a name=\"_ftnref108\"><\/a><a href=\"#_ftn108\"><sup>[<span style=\"font-family: 'times new roman', times;\"><strong>108<\/strong><\/span>]<\/sup><\/a> <em>Interpretatio  Romana <\/em>je pojava davanja autohtonim bo\u017eanstvima  imena njihovih rimskih parnjaka.<a name=\"_ftnref109\"><\/a><a href=\"#_ftn109\"><sup>[<span style=\"font-family: 'times new roman', times;\"><strong>109<\/strong><\/span>]<\/sup><\/a> Sam termin javlja se u anti\u010dkim izvorima samo  jedanput, u Tacitovoj Germaniji, kada on (odnosno njegov informator s terena)  pi\u0161e o prisustvovanju neobi\u010dnom obredu u kojemu prepoznaje bo\u017eanstva koja  Germani \u0161tuju kao Kastora i Poluksa, u rimskoj interpretaciji \u2013 <em>interpretatione Romana<\/em>.<a name=\"_ftnref110\"><\/a><a href=\"#_ftn110\"><sup>[<span style=\"font-family: 'times new roman', times;\"><strong>110<\/strong><\/span>]<\/sup><\/a> Ne raspola\u017eemo, zapravo ni\u010dim ve\u0107im od ovog si\u0107u\u0161nog  fragmenta. S druge strane, u epigrafiji nalazimo \u010desto situacije u kojoj  bo\u017eanstva posjeduju vi\u0161e imena \u2013 autohtono i rimsko \u2013 dok u izvorima, onim  rimskima, nalazimo na rimsko \u010ditanje i razumijevanje epihornih bo\u017eanstava nekog  naroda pod rimskim imenima:<a name=\"_ftnref111\"><\/a><a href=\"#_ftn111\"><sup>[<span style=\"font-family: 'times new roman', times;\"><strong>111<\/strong><\/span>]<\/sup><\/a> Tako Cezar u <em>De Bello Gallico <\/em>navodi kako je glavno bo\u017eanstvo Gala Merkur.<a name=\"_ftnref112\"><\/a><a href=\"#_ftn112\"><sup>[<span style=\"font-family: 'times new roman', times;\"><strong>112<\/strong><\/span>]<\/sup><\/a> O  naravi fenomena <em>interpretatio Romana<\/em><a name=\"_ftnref113\"><\/a><a href=\"#_ftn113\"><sup>[<span style=\"font-family: 'times new roman', times;\"><strong>113<\/strong><\/span>]<\/sup><\/a> vodile su se  zna\u010dajne rasprave. Radi  li se tu o tra\u017eenju najbli\u017eeg parnjaka u panteonu prema odre\u0111enim osobinama  (podru\u010dju djelovanja, ikonografiji ili hijerarhiji) bo\u017eanstva kako bi se  pribli\u017eilo razumijevanje stranog sistema rimskim \u010ditateljima ili postoji ideja  da se pod epihornim imenima zaista kriju ista rimska bo\u017eanstva, ali pod stranim  imenom? Clifford Ando analizira primjere iz Tacita, Cicerona i Lucijana,  pokazuju\u0107i kako je cijeli fenomen mnogo kompleksniji od pitanja jednostavnog  imenovanja bo\u017eanstava.<a name=\"_ftnref114\"><\/a><a href=\"#_ftn114\"><sup>[<span style=\"font-family: 'times new roman', times;\"><strong>114<\/strong><\/span>]<\/sup><\/a> Ime bo\u017eanstva, barem tako tvrdi Ciceron,<a name=\"_ftnref115\"><\/a><a href=\"#_ftn115\"><sup>[<span style=\"font-family: 'times new roman', times;\"><strong>115<\/strong><\/span>]<\/sup><\/a> promjenjivo je i u krajnju ruku nebitno.  Takva situacija dovodi do novog problema s  kojim su se susreli i rimski filozofi: kako uop\u0107e identificirati bo\u017eanstvo?  Ikonografija o\u010dito nije jedini odgovor. Kada Lucijan opisuje bo\u017eanstvo koje  prepoznajemo kao Atargatis u Hijerapolisu, naziva ju Herom s nekim aspektima  Atene, ali i Afrodite, pa i Ree.<a name=\"_ftnref116\"><\/a><a href=\"#_ftn116\"><sup>[<span style=\"font-family: 'times new roman', times;\"><strong>116<\/strong><\/span>]<\/sup><\/a> Tacit je zadovoljan s obja\u0161njenjem da se tu  radi o <em>vis numini<\/em>, odre\u0111enim fiksnim  mo\u0107ima koje se manifestiraju na razli\u010dite na\u010dine.<a name=\"_ftnref117\"><\/a><a href=\"#_ftn117\"><sup>[<span style=\"font-family: 'times new roman', times;\"><strong>117<\/strong><\/span>]<\/sup><\/a> Ipak i to rje\u0161enje ostavlja niz otvorenih  pitanja.<\/p>\n<p class=\"MsoNormal\" style=\"line-height: 170%;\">Mre\u017ea odnosa izme\u0111u ova tri  aspekta (imena, ikonografskog prikaza i koncepta, odnosno ideje, &ldquo;identiteta&rdquo; bo\u017eanstva)  je kako vidimo iznimno kompleksna, a pre\u010desto se pojednostavljuje. Ni ovdje  ne\u0107emo pretendirati na kona\u010dni sustav, ve\u0107 \u0107emo se koncentrirati na specifikum  pitanja likovnosti kao medija preno\u0161enja informacija o religioznosti.<\/p>\n<p class=\"MsoNormal\" style=\"line-height: 170%;\">Te\u0161ko bi bilo prihvatiti  da se kod ranije izlo\u017eenih slu\u010dajeva ikonografskih nedosljednosti u rimskoj  Dalmaciji radi o pogre\u0161kama, o pukom nerazumijevanju predlo\u0161ka; vjerujem da  takozvane pogre\u0161ke u ikonografiji ukazuju na puno dublje promjene u samome  religijskom konceptu. To slijedi iz definicije religije koju smo dali ranije \u2013  ukoliko je likovni prikaz dio religijskog koncepta, po definiciji uz razli\u010dit  prikaz dolazi i razli\u010dit koncept. Ipak, tako usko shva\u0107ena definicija bo\u017eanstva  fragmentirala bi mogu\u0107nost mi\u0161ljenja na bezbroj pojavnosti: svaku individualnu  kombinaciju prikaza i kognitivnog sustava pojedinca unutar specifi\u010dne dru\u0161tvene  situacije valjalo bi promatrati zasebno. To ne samo da nije znanstveno  produktivno, s obzirom da onemogu\u0107uje apstrahiranje i produktivnu  kategorizaciju, nego i ne odgovara samopercepciji vjernika; uostalom, zajednica  bazirana na prepoznavanju istog bo\u017eanstva je jedan od osnovnih kamena temeljaca  dru\u0161tvene dimenzije religije.<a name=\"_ftnref118\"><\/a><a href=\"#_ftn118\"><sup>[<span style=\"font-family: 'times new roman', times;\"><strong>118<\/strong><\/span>]<\/sup><\/a><\/p>\n<p class=\"MsoNormal\" style=\"line-height: 170%;\">Sli\u010dan problem  nalazimo na potpuno drugom kraju svijeta, stotinama godina kasnije. Za razliku  od stanovnika rimske Dalmacije, ovaj put imamo priliku ispitati vjernike  brazilskog candombl\u00e9a. Candombl\u00e9 nam je posebno zanimljiv stoga \u0161to, ba\u0161 poput  rimske religije, pokazuje ikonografske diskrepancije kod likovnih predstava, a  k tomu je naj\u010de\u0161\u0107a znanstvena interpretacija nepodudarnosti u oba slu\u010daja ista \u2013  radilo bi se o \u0161tovanju drugih bo\u017eanstava pod maskom onih dominantnih. I dok su  kod rimske Dalmacije dominantna bo\u017eanstva ona rimska (s obzirom na kolonijalnu  praksu romanizacije), u slu\u010daju brazilskih religija dominantno bo\u017eanstvo je ono  kr\u0161\u0107ansko, kroz ispostave svetaca (s obzirom na kolonizaciju Ju\u017ene Amerike i  porobljavanje afri\u010dkog stanovni\u0161tva).<\/p>\n<p class=\"MsoNormal\" style=\"line-height: 170%;\">Candombl\u00e9 je  religija nastala u brazilskim ku\u0107ama za robove, <em>senzalama<\/em>, te naseljima odbjeglih robova, <em>quilombosima<\/em>.<a name=\"_ftnref119\"><\/a><a href=\"#_ftn119\"><sup>[<span style=\"font-family: 'times new roman', times;\"><strong>119<\/strong><\/span>]<\/sup><\/a> Nakon razaranja  dru\u0161tvenih struktura starih plemenskih zajednica (a porobljiva\u010di su te  strukture svjesno i namjerno razarali time \u0161to su ve\u0107 na brodovima mije\u0161ali  pripadnike razli\u010ditih zajednica kako bi smanjili dru\u0161tvenu koheziju i  onemogu\u0107ili otpor i pobunu),<a name=\"_ftnref120\"><\/a><a href=\"#_ftn120\"><sup>[<span style=\"font-family: 'times new roman', times;\"><strong>120<\/strong><\/span>]<\/sup><\/a> njihova je  religija u novom okru\u017eenju zadobila nove karakteristike. Nestala su lokalna  plemenska bo\u017eanstva, a o\u010duvalo se pam\u0107enje na odre\u0111ene zajedni\u010dke elemente: i ve\u0107  je ovaj proces doveo do apstrahizacije koncepta bo\u017eanstava. Daljnje promjene  bile su vezne uz novonastali dru\u0161tveni i prostorni kontekst: \u017eene su postale  ravnopravni religijski vo\u0111e. S obzirom da su bile vezane vi\u0161e za rad u blizini  ku\u0107e, te su mogle organizirati zajednicu, kalendar obreda bio je vezan za onaj  katoli\u010dki, prema kojemu su se ravnali vlasnici farmi, te se kroz susret s  starosjedila\u010dkom populacijom Brazila<a name=\"_ftnref121\"><\/a><a href=\"#_ftn121\"><sup>[<span style=\"font-family: 'times new roman', times;\"><strong>121<\/strong><\/span>]<\/sup><\/a> pojavila sna\u017ena  komponenta sakralizacije lokalne flore i faune. Nakon abolicije ropstva godine  1888. candombl\u00e9 je, kao \u0161to je bio slu\u010daj i s drugim institucijama afri\u010dkog  porijekla, funkcionirao na rubu zakona, no od sredine dvadesetog stolje\u0107a sve  je vi\u0161e prisutan i vidljiv.<a name=\"_ftnref122\"><\/a><a href=\"#_ftn122\"><sup>[<span style=\"font-family: 'times new roman', times;\"><strong>122<\/strong><\/span>]<\/sup><\/a> Samo u gradu  Salvadoru koji je nekada bio glavni grad i centralna prihvatna luka za brodove  s robovima a i danas je glavni grad savezne dr\u017eave Bahia \u010dija je populacija ve\u0107inski  afri\u010dkog podrijetla, pretpostavlja se postojanje vi\u0161e od 1500 terriera (odnosno  hramova\/religijskih zajednica).<a name=\"_ftnref123\"><\/a><a href=\"#_ftn123\"><sup>[<span style=\"font-family: 'times new roman', times;\"><strong>123<\/strong><\/span>]<\/sup><\/a> Za na\u0161u temu  najzanimljiviji njihov aspekt jest veza s kr\u0161\u0107anstvom \u2013 od rituala koji se  provode u katoli\u010dkim crkvama (primjerice <em>Lavagem  do Bomfim<\/em>, godi\u0161nji ritual pranja stepenica velike gradske crkve), preko  kr\u0161tenja koje je preduvjet inicijacije u nekim zajednicama, do, kona\u010dno,  \u0161tovanja prikaza katoli\u010dkih svetaca. Od svih elemenata koji \u010dine ovu kompleksnu  pojavu, fokusirat \u0107u se na jednu: na\u010din na koji su sveci, odnosno <em>orixas,<\/em> prikazivani, i koje informacije  o religijskoj strukturi mo\u017eemo dobiti posredstvom slike kao medija. <\/p>\n<p class=\"MsoNormal\" style=\"line-height: 170%;\">Kipovi i slike  katoli\u010dkih svetaca namijenjenih za opremu candombl\u00e9 hramova katkad se ni po  \u010demu ne razlikuju od istih tih slika u katoli\u010dkim crkvama; dapa\u010de, kupuju se i  proizvode u istim radionicama. U drugim slu\u010dajevima vidimo dvojne prikaze  svetaca i orixa, u tre\u0107ima slike jednih pod imenima drugih, ili pak  ikonografske pomake koji stvaraju nove prikaze. Iemanja je bo\u017eica (<em>orixa<\/em>) mora, koju se \u0161tuje velikim  ritualom koji je zajedni\u010dki na kalendaru razli\u010ditih candombl\u00e9 zajednica, u  velja\u010di, prino\u0161enjem \u017ertava moru. Osim toga, Iemanja je prisutna u molitvama i  folklornim pjesmama ribara i mornara, a ra\u0161irenost njenog kulta odgovara  va\u017enosti oceana za \u017eivot Salvadora, kako povijesno tako i danas. Na\u010din na koji  se Iemanja prikazuje je pak prili\u010dno zanimljiv. Postoji nekoliko ikonografskih  gravitacijskih polova prikaza bo\u017eice, s tim da se razli\u010diti prikazi naj\u010de\u0161\u0107e smje\u0161taju  na spektru izme\u0111u njih, s djelomi\u010dno kori\u0161tenim elementima i prijelaznim  formama. Postoji afri\u010dka tradicija prikaza bo\u017eice u bogatoj haljini sa zaslonom  pred o\u010dima i atributima u rukama, sli\u010dno kao \u0161to se prikazuje i, primjerice,  njena parnjakinja Oxum, za\u0161titnica slatkih voda; potom Iemanja kao  antropoteriomorfna sirena, pola \u017eena a pola riba; kona\u010dno, Iemanja kao Djevica  Marija i to specifi\u010dno u ikonografskom tipu Immaculata, vezanom za  posttridentsku tradiciju prikaza Marije u viziji iz Apokalipse, s mjesecom pod  nogama i zvijezdama oko glave. Mnogi konkretni prikazi sastojat \u0107e se od neke  kombinacija toga: bilo da prikaz odje\u0107e prelazi iz \u0161iroke i bogate afri\u010dke  haljine u usku tkaninu koja imitira oblik ribljeg repa, ili da Immaculata  izranja iz mora. Iemanja nije usamljen slu\u010daj: ve\u0107ina <em>orixa<\/em> ima jasno odre\u0111enog parnjaka, kao vrste <em>interpretatio Christiana, <\/em>uklju\u010duju\u0107i i Exu, \u010diji je odnos sa  Sotonom kao vlastitim kr\u0161\u0107anskim parnjakom vrlo kompliciran.<\/p>\n<p class=\"MsoNormal\" style=\"line-height: 170%;\">\nKada se skupina etnologa  predvo\u0111ena Rogerom Bastideom dala na istra\u017eivanje kr\u0161\u0107anskog imaginarija u  candombleu, o\u010dekivali su sofisticirana obja\u0161njenja psiholo\u0161kog sinkretizma,  narative koji bi objasnili slike poput navedenih, razumijevanje odnosa izme\u0111u  paralelno postoje\u0107ih koncepata. No ono \u0161to su zatekli bio je Bastidovim  rije\u010dima &ldquo;pseudoproblem&rdquo;: informanti nisu razumjeli pitanje.<a name=\"_ftnref124\"><\/a><a href=\"#_ftn124\"><sup>[<span style=\"font-family: 'times new roman', times;\"><strong>124<\/strong><\/span>]<\/sup><\/a> Odgovor na pitanje  &bdquo;Za\u0161to je Iemanja prikazana kao Marija&ldquo; bio je &bdquo;zato \u0161to je Iemanja Marija&rdquo;.  Op\u0107enito, antropolozima je bilo te\u0161ko dobiti jasne odgovore na pitanja koja su  se ticala ortodoksije i narativa o vjerovanju \u2013 nerijetko bi kaziva\u010di, kada bi  ih se pritisnulo da ipak ponude neku vrstu obja\u0161njenja, na licu mjesta nudili  odgovore koji su \u010desto bili me\u0111usobno kontradiktorni (od toga da su sveci na\u010din  na koji bijelci vide orixas, preko toga da se radi o maskiranju vjerovanja pred  vlastima, do toga da su orixas u razli\u010ditim inkarnacijama hodali Zemljom, i da  su u jednoj od njih bili i katoli\u010dki sveci).<a name=\"_ftnref125\"><\/a><a href=\"#_ftn125\"><sup>[<span style=\"font-family: 'times new roman', times;\"><strong>125<\/strong><\/span>]<\/sup><\/a> Niti jedan od  nabrojanih narativa ne obja\u0161njava religijske pojavnosti na terenu, ali se ovaj  problem ponovno pokazao kao &ldquo;pseudoproblem&rdquo;: vjernike candombl\u00e9a jednostavno  nije zanimala takva vrsta konzistentnosti, nisu poznavali dogmatske rasprave  niti su se pozivali na neke religijske autoritete. <\/p>\n<p class=\"MsoNormal\" style=\"line-height: 170%;\">Teoriju koja bi takve odgovore objasnila postavio je tek  desetlje\u0107ima kasnije Harvey Whitehouse. Sljede\u0107i Whitehousea, mogli bismo re\u0107i  da se zapravo razgovara o dva razli\u010dita modusa religioznosti. Bastide je kretao  iz specifi\u010dne pozicije doktrinalne religije koja je, da upotrijebimo  Althusserove koncepte,<a name=\"_ftnref126\"><\/a><a href=\"#_ftn126\"><sup>[<span style=\"font-family: 'times new roman', times;\"><strong>126<\/strong><\/span>]<\/sup><\/a> ideolo\u0161kim  poop\u0107avanjem<a name=\"_ftnref127\"><\/a><a href=\"#_ftn127\"><sup>[<span style=\"font-family: 'times new roman', times;\"><strong>127<\/strong><\/span>]<\/sup><\/a> dobila zna\u010denje  jedinog mogu\u0107eg vi\u0111enja svijeta. <\/p>\n<p class=\"MsoNormal\" style=\"line-height: 170%;\">Temeljna postavka  Whitehouseove teze jest da postoje dva osnovna modaliteta religioznosti izra\u017eena  u binarnim opozicijama. Kriteriji koji Whitehouse koristi za odre\u0111ivanje  modaliteta jesu pam\u0107enje i na\u010din transmisije religijskih koncepata.<a name=\"_ftnref128\"><\/a><a href=\"#_ftn128\"><sup>[<span style=\"font-family: 'times new roman', times;\"><strong>128<\/strong><\/span>]<\/sup><\/a> Dva osnovna  modaliteta religioznosti tako jesu onaj doktrinarni i onaj imagisti\u010dki, a  varijable koje ih odre\u0111uju raspore\u0111ene su po psiholo\u0161kim i sociopoliti\u010dkim  karakteristikama. Doktrinarni modalitet religioznosti na psiholo\u0161koj osi  odre\u0111uju visoka frekventnost transmisije (rituali su \u010desti), nizak nivo  uzbu\u0111enja (nema sna\u017ene emotivne reakcije na ritual), osnovni memorijski sustav  koji vjernici koriste kako bi zapamtili elemente religije su semanti\u010dke sheme i  implicitne skripte (nije va\u017ean to\u010dno odre\u0111eni trenutak jednog rituala, ve\u0107 ono  \u0161to je stalno i jednako kroz brojna ponavljanja), zna\u010denje rituala se svjesno pou\u010dava  i u\u010di i to retori\u010dkim i logi\u010dnim tehnikama otkrivenja. Vrijednosti varijabli imagisti\u010dkih  religija koje \u010dine drugi pol smje\u0161tene su na drugi kraj spektra. Frekvencija  rituala je niska (oni su rijetki), ali je zato razina uzbu\u0111enja visoka (sna\u017eno  emotivno iskustvo, u imagisti\u010dkim religijama \u010desto dolazi do padanja u trans).  Osnovni memorijski sistem \u010dini takozvano epizodno pam\u0107enje: vjernici su u mogu\u0107nosti  prisjetiti se svih detalja jednog konkretnog rituala, svih njegovih sudionika i  doga\u0111aja. Zna\u010denje rituala se ne obja\u0161njava direktnim razlaganjem, naprotiv \u2013  sudionike se nerijetko odvra\u0107a od postavljanja pitanja, znanje se generira  interno. Tehnike kojima se objavljuje religijsko znanje tako su multivokalne i  multimodalne, i \u010desto daleko vi\u0161e ovise o slici negoli o rije\u010di. I u  sociopoliti\u010dkoj ravni vrijednosti varijabli doktrinarnog i imagisti\u010dkog  modaliteta religije nalaze se na suprotnim stranama spektra. Otud je socijalna  kohezija u doktrinarnim religijama difuzna (svi se \u010dlanovi zajednice me\u0111usobno  ne poznaju), dok je u imagisti\u010dkim religijama ona iznimno sna\u017ena. Vodstvo,  ukoliko u imagisti\u010dkim uop\u0107e postoji, uglavnom je pasivno, dok je u doktrinarnima  dinami\u010dko, s izra\u017eenom hijerarhijom. Doktrinarne su religije uz to i  inkluzivne: bilo tko se mo\u017ee priklju\u010diti zajednici, dok je to puno te\u017ee kod  imagisti\u010dkih, u kojima je pripadnost vjerskoj zajednici \u010desto ovisna o  pripadnosti plemenu, a kultovi su vezani za mjesto i njihovo \u0161irenje gotovo je  onemogu\u0107eno. Kod doktrinarnih religija se pak zbog jasnog eksplicitnog  religijskog znanja i inkluzivnosti proces \u0161irenja odvija iznimno brzo i  efikasno. One su i uniformirane \u2013 razli\u010dite zajednice imaju iznimno sli\u010dne  rituale i religijska znanja \u2013 za razliku od imagisti\u010dkih religija, u kojima su  razli\u010dite zajednice me\u0111usobno disparatne po znanju i vrsti rituala, iako se (u  usporedbi s doktrinarnima) radi o vrlo malim religijama po broju \u010dlanova.  Kona\u010dno, struktura doktrinarnih religija je centralizirana, dok kod onih  imagisti\u010dkih to nije slu\u010daj. Whitehouseov pristup modalitetima religije  revolucionarizirao je kognitivnu znanost o religiji omogu\u0107iv\u0161i puno jasniju  viziju mogu\u0107nosti religijske transmisije. On je, dodu\u0161e, nerijetko i  kritiziran, prvenstveno zbog svoje rigidnosti.<a name=\"_ftnref129\"><\/a><a href=\"#_ftn129\"><sup>[<span style=\"font-family: 'times new roman', times;\"><strong>129<\/strong><\/span>]<\/sup><\/a> Ipak, umjesto  \u010dvrstih dihotomija, istra\u017eiva\u010di su na tragu Whitehousevih teorija radije  predlagali spektar, pa \u010dak i trodimenzionalan prostor u koji se religije mogu  smjestiti s obzirom na neke elemente modaliteta religioznosti. <\/p>\n<p class=\"MsoNormal\" style=\"line-height: 170%;\">Doktrinalne  religije, dakle, podrazumijevaju ortodoksiju, postojanje jasnog narativa koji  se mo\u017ee prenijeti, dok se kod imagisti\u010dkih religija znanje generira spontano,  te je sna\u017eno vezano za intenzivna sje\u0107anja. Kada sam u svojim istra\u017eivanjima u  jednoj candombl\u00e9 zajednici postavila pitanje o prirodi orixa i njihovom odnosu  prema katoli\u010dkim svecima, odgovor je bio &ldquo;ple\u0161i, pa \u0107e\u0161 saznati&rdquo;. Takav je  odgovor i predvi\u0111en Whitehouseovom tezom o unutarnjem generiranju zna\u010denja i  multivokalnosti imagisti\u010dkih religija. To ipak ne zna\u010di da u imagisti\u010dkim  religijama ne postoji nikakva veza izme\u0111u na\u010dina na koji si razli\u010dite osobe  predstavljaju bo\u017eanstva, niti da su zna\u010denja religijskih pojmova u potpunosti  arbitrarna, ve\u0107 samo da ne postoji jasna i \u010dvrsta jezgra religijskog koncepta \u2013  radi se o nizu asocijacija i slika, kako onih u kognitivnih, tako i onih na  zidovima hramova. Razumijevanje bo\u017eanstava u imagisti\u010dkim religijama potpada  tako pod politeti\u010dku definiciju pojma: postoji niz elemenata koji karakteriziraju  pojave u skupu, ali niti jedan od tih elemenata nije nu\u017ean u svakoj pojavnosti  da bi ona \u010dinila dio zajedni\u010dkog skupa.<\/p>\n<p class=\"MsoNormal\" style=\"line-height: 170%;\">Koja bi onda bila  uloga slike u takvoj koncepciji religije? Ukoliko se vratimo definiciji  religije s po\u010detka teksta, sliku mo\u017eemo koncipirati kao aktivnog sudionika  konstrukcije politeti\u010dke definicije bo\u017eanstva. Informacije koje postoje na  slikama u razli\u010ditim se okolnostima razli\u010dito prenose \u2013 one ovise o posredstvu  kognitivnih shema koje slu\u017ee kao skrivene jedinice obrade i interpretacije  vizualnih informacija. Ovisno o prija\u0161njem iskustvu proizvedene asocijacije \u0107e  se me\u0111usobno razlikovati, ali za razliku od doktrinalnih religija kod kojih  mo\u017eemo govoriti o interpretativnim pogre\u0161kama \u2013 mogu\u0107e je primjerice tvrditi u  katoli\u010danstvu da je interpretacija Boga kao starca s dugom bradom &ldquo;pogre\u0161na&rdquo; i  da ispada iz granica ortodoksije  koja  govori da je Bog svemogu\u0107, sveprisutan i bestjelesan \u2013 to u slu\u010daju imagisti\u010dkih  religija nije mogu\u0107e: ne postoji centralni dogmatski sustav koji bi odre\u0111ivao  ispravno tuma\u010denje, nego svjedo\u010dimo \u0161irenju politeti\u010dke definicije bo\u017eanstva.  Kroz ovu prizmu mogu\u0107e je i dijalekti\u010dki razrije\u0161iti dilemu koja se postavila  na po\u010detku \u2013 izme\u0111u jasno preskribiranog ortodoksnog vi\u0111enja bo\u017eanstva i  fragmentacije na individualne slike svakog vjernika koje bi zapravo  konstituirale individualna bo\u017eanstva. Granice bo\u017eanstva postoje, ali su  dinami\u010dke naravi, i funkcioniraju kao skup, a ne singularna pojava. U  nedostatku dogmatskog teksta, upravo slika postaje \u010dvrsta to\u010dka koja s jedne  strane objedinjuje razli\u010dite ideje, ali istovremeno i generira razli\u010dite  asocijacije, tvore\u0107i tako spiralnu strukturu proizvodnje i preno\u0161enja zna\u010denja. <\/p>\n<p class=\"MsoNormal\" style=\"line-height: 170%;\">Problem koji smo  postavili na po\u010detku, oko uloge slike u religijskom mi\u0161ljenju, ovdje smo  poku\u0161ali razraditi na dva plana, kroz dvije religijske pojavnosti, koje su  prili\u010dno specifi\u010dne s obzirom na razumijevanje religije na koje smo navikli u  kontekstu kulturnog kruga doktrinalnih religija. Religija se u antici mo\u017ee u  potpunosti promatrati unutar teorijskog okvira imagisti\u010dkih religija, za\u0161to na  svakom koraku nalazimo potvrde  \u2013 od  organizacije sve\u0107enstva, izostanka prozelitizma, preko na\u010dina na koji anti\u010dki  autori pi\u0161u o bo\u017eanstvima, sna\u017ene vezanosti za konkretnu geografiju, velike  lokalne specifi\u010dnosti kultova, sve do paralelnih mitolo\u0161kih verzija zna\u010dajnih  informacija o bo\u017eanstvima. U slu\u010daju Dalmacije problemi na koje smo nai\u0161li u  kontekstu razumijevanja religijske skulpture gotovo direktno imaju svoje  parnjake na drugom kraju svijeta, u problemima na koje je Bastide nai\u0161ao  prou\u010davaju\u0107i jo\u0161 jednu imagisti\u010dku religiju, brazilski candombl\u00e9. Neka ponu\u0111ena  rje\u0161enja, poput dinami\u010dke, politeti\u010dke i inkluzivne definicija bo\u017eanstva, mogu se  primjeniti u promi\u0161ljanju oba fenomena.<\/p>\n<p class=\"MsoNormal\" style=\"line-height: 170%;\">U kontekstu  imagisti\u010dkih religija, slika igra neprocjenjivo va\u017enu ulogu. Dok u doktrinalnim  religijama ona predstavlja dodatak, vizualno pomagalo koje nam omogu\u0107ava da si  (bolje ili lo\u0161ije) predo\u010dimo koncept bo\u017eanstva \u010dija se jezgra nalazi negdje  drugdje, u znanju autoriteta ili knjige, slika u slu\u010daju imagisti\u010dkih religija  ne prikazuje bo\u017eanstvo; ona <em>biva<\/em> bo\u017eanstvo. Slika je dio religijskog kognitivnog procesa zajednice, te utoliko  ne prikazuje koncept, ve\u0107 to jest. Ako kod doktrinalnih religija mo\u017eemo  govoriti o ikonografskim pogre\u0161kama u slu\u010dajevima kad prikazi bo\u017eanstava ili  svetaca odska\u010du od poznatih koncepata, u imagisti\u010dkim religijama, pa tako i u candombl\u00e9u  i u religiji u rimskoj Damaciji, mo\u017eemo govoriti o konceptualnim pogre\u0161kama  kada na\u0161i poku\u0161aji opisivanja bo\u017eanstva odska\u010du od njihovih likovnih predstava.  Ili, da zaokru\u017eimo ovu igru rije\u010dima: u doktrinalnim religijama govorimo o  likovnim predstavama religijskih koncepata, dok bi kod imagisti\u010dkih moglo biti  rije\u010di o konceptualnim predstavama likovnih djela. <\/p>\n<p class=\"MsoNormal\" style=\"line-height: 150%;\">&nbsp;<\/p>\n<hr align=\"left\" size=\"1\" width=\"33%\" \/>\n<div id=\"ftn87\">\n<p class=\"MsoNormal\" style=\"line-height: 150%;\"><span style=\"font-size: 8.0pt;\"><a name=\"_ftn87\"><\/a><a href=\"#_ftnref87\"><sup>[<span style=\"font-family: 'times new roman', \ntimes;\"><strong>87<\/strong><\/span>]<\/sup><\/a>&nbsp;<br \/>\nClark, Andy, and David Chalmers. 1998. &ldquo;The extended  mind.&rdquo; <em>analysis<\/em> 58 (1): 7\u201319., Clark,  Andy. 2008. <em>Supersizing the mind:  Embodiment, action, and cognitive extension.<\/em> Oxford; New York: Oxford  University Press.<br \/>\n<\/span><\/p>\n<\/div>\n<div id=\"ftn88\">\n<p class=\"MsoNormal\" style=\"line-height: 150%;\"><span style=\"font-size: 8.0pt;\"><a name=\"_ftn88\"><\/a><a href=\"#_ftnref88\"><sup>[<span style=\"font-family: 'times new roman', \ntimes;\"><strong>88<\/strong><\/span>]<\/sup><\/a>&nbsp;<br \/>\nMcLuhan, Marshall,  and Quentin Fiore. 1967. &ldquo;The medium is the message.&rdquo; <em>New York<\/em> 123: 126\u201328.<br \/>\n<\/span><\/p>\n<\/div>\n<div id=\"ftn89\">\n<p class=\"MsoNormal\" style=\"line-height: 150%;\"><span style=\"font-size: 8.0pt;\"><a name=\"_ftn89\"><\/a><a href=\"#_ftnref89\"><sup>[<span style=\"font-family: 'times new roman', \ntimes;\"><strong>89<\/strong><\/span>]<\/sup><\/a>&nbsp;<br \/>\nDay,  Matthew. 2004. &ldquo;Religion, off-line cognition and the extended mind.&rdquo; <em>Journal of Cognition and Culture<\/em> 4 (1):  101\u201321.<\/p>\n<p><\/span><\/p>\n<\/div>\n<div id=\"ftn90\">\n<p class=\"MsoNormal\" style=\"line-height: 150%;\"><span style=\"font-size: 8.0pt;\"><a name=\"_ftn90\"><\/a><a href=\"#_ftnref90\"><sup>[<span style=\"font-family: 'times new roman', \ntimes;\"><strong>90<\/strong><\/span>]<\/sup><\/a>&nbsp;<br \/>\nAndresen,  Jensine, ur. 2001. <em>Religion in mind:  Cognitive perspectives on religious belief, ritual, and experience<\/em>.  Cambridge, UK; New York, NY: Cambridge University Press.; Barrett, Justin L.  2000. &ldquo;Exploring the natural foundations of religion.&rdquo; <em>Trends in cognitive sciences<\/em> 4 (1): 29\u201334.; Barrett, J. C., i  Lanman. 2008. &ldquo;The Science of Religious Beliefs.&rdquo; <em>Religion<\/em> 28: 109\u201324.; Boyer, Pascal. 1992. &ldquo;Explaining Religious  Ideas: Elements of a Cognitive Aproach.&rdquo; <em>Numen<\/em> 39 (1): 27\u201357.; Guthrie, Stewart. 1993. <em>Faces  in the clouds: A new theory of religion<\/em>. New York: Oxford University  Press.; Lawson, E.T, i R.N McCauley. 1993. <em>Rethinking  Religion: Connecting Cognition and Culture<\/em>. Cambridge: Cambridge University  Press<br \/>\n<\/span><\/p>\n<\/div>\n<div id=\"ftn91\">\n<p class=\"MsoNormal\" style=\"line-height: 150%;\"><span style=\"font-size: 8.0pt;\"><a name=\"_ftn91\"><\/a><a href=\"#_ftnref91\"><sup>[<span style=\"font-family: 'times new roman', \ntimes;\"><strong>91<\/strong><\/span>]<\/sup><\/a>&nbsp;<br \/>\nDerry,  Sharon J. 1996. &ldquo;Cognitive schema theory in the constructivist debate.&rdquo; <em>Educational Psychologist<\/em> 31 (3-4):  163\u201374.; Neisser, Ulric. 1967. <em>Cognitive  psychology<\/em>. Appleton-Century-Crofts<br \/>\n<\/span><\/p>\n<\/div>\n<div id=\"ftn92\">\n<p class=\"MsoNormal\" style=\"line-height: 150%;\"><span style=\"font-size: 8.0pt;\"><a name=\"_ftn92\"><\/a><a href=\"#_ftnref92\"><sup>[<span style=\"font-family: 'times new roman', \ntimes;\"><strong>92<\/strong><\/span>]<\/sup><\/a>&nbsp;<br \/>\nBekavac,  Silvia. 2011. &ldquo;Silvan u Saloni.&rdquo; <em>Vjesnik  za arheologiju i povijest dalmatinsku<\/em> 104: 151\u201366.; Dzino, Danijel. 2013.  &ldquo;The cult of Silvanus: rethinking provincial identities in Roman Dalmatia.&rdquo; <em>Vjesnik Arheolo\u0161kog muzeja u Zagrebu<\/em> 45  (1): 261\u201379.; Luli\u0107, Josipa. 2014. &ldquo;Dalmatian Silvanus: A Cognitive Approach to  Reinterpretation of the Reliefs Representing Silvanus from Roman Dalmatia.&rdquo; U <em>TRAC 2013: Proceedings of the Twenty-Third  Annual Theoretical Roman Archaeology Conference<\/em>, London 2013. Urednici  Hannah Platts, Caroline Barron, Jason Lundock, i John Pearce, 37\u201351: Oxbow  Books.; Perini\u0107 Muratovi\u0107, Ljubica. 2008. &ldquo;Podrijetlo i narav kulta boga  Silvana u rimskim provincijama Dalmaciji i Panoniji.&rdquo; doktorska disertacija,  Filozofski fakultet Sveu\u010dili\u0161ta u Zagrebu.; Rendi\u0107 Mio\u010devi\u0107, Duje. 1955.  &ldquo;Ilirske pretstave Silvana na kultnim slikama s podru\u010dja Dalmata.&rdquo; <em>Glasnik Zemaljskog muzeja u Sarajevu<\/em>,  5\u201340.<\/p>\n<p><\/span><\/p>\n<\/div>\n<div id=\"ftn93\">\n<p class=\"MsoNormal\" style=\"line-height: 150%;\"><span style=\"font-size: 8.0pt;\"><a name=\"_ftn93\"><\/a><a href=\"#_ftnref93\"><sup>[<span style=\"font-family: 'times new roman', \ntimes;\"><strong>93<\/strong><\/span>]<\/sup><\/a>&nbsp;<br \/>\nHirschfeld,  O., and Robert Schneider. 1885. &ldquo;Bericht uber eine Reise in Dalmatien.&rdquo; <em>Archaeologisch-Epigraphische Mittheilungen  aus Oesterreic.Ungarn<\/em> (9): 1\u201384.<br \/>\n<\/span><\/p>\n<\/div>\n<div id=\"ftn94\">\n<p class=\"MsoNormal\" style=\"line-height: 150%;\"><span style=\"font-size: 8.0pt;\"><a name=\"_ftn94\"><\/a><a href=\"#_ftnref94\"><sup>[<span style=\"font-family: 'times new roman', \ntimes;\"><strong>94<\/strong><\/span>]<\/sup><\/a>&nbsp;<br \/>\nprimjerice  reljef iz Arheolo\u0161kog muzeja u Splitu, inv. br. A-5294, D-508, Abrami\u0107,  Mihovil. 1928. &ldquo;Nekoliko skulptura antiknih bo\u017eanstava.&rdquo; <em>Vjesnik za arheologiju i povijest dalmatinsku <\/em>50: 49\u201354., str. 5-8. tab. IV,1; reljef iz  Glamo\u010da sa Silvanom i Dijanom, Imamovi\u0107, E. 1977. <em>Anti\u010dki kultni i votivni spomenici na podru\u010dju Bosne i Hercegovine<\/em>.  Sarajevo., str. 324, br. 27, sl. 27 itd. Detaljan korpus spomenika Silvanu mo\u017ee  se na\u0107i kod Perini\u0107 Muratovi\u0107, <em>op. cit. <\/em><\/span><\/p>\n<\/div>\n<div id=\"ftn95\">\n<p class=\"MsoNormal\" style=\"line-height: 150%;\"><span style=\"font-size: 8.0pt;\"><a name=\"_ftn95\"><\/a><a href=\"#_ftnref95\"><sup>[<span style=\"font-family: 'times new roman', \ntimes;\"><strong>95<\/strong><\/span>]<\/sup><\/a>&nbsp;<br \/>\nDorcey, P.F.  1992. <em>The Cult of Silvanus: A Study in  Roman Folk Religion<\/em>. Leiden: E.J. Brill.; Nagy, A. M. 1994. &ldquo;Silvanus.&rdquo; U <em>LIMC<\/em>, 763\u201373. Z\u00fcrich, M\u00fcnchen.<\/p>\n<p><\/span><\/p>\n<\/div>\n<div id=\"ftn96\">\n<p class=\"MsoNormal\" style=\"line-height: 150%;\"><span style=\"font-size: 8.0pt;\"><a name=\"_ftn96\"><\/a><a href=\"#_ftnref96\"><sup>[<span style=\"font-family: 'times new roman', \ntimes;\"><strong>96<\/strong><\/span>]<\/sup><\/a>&nbsp;<br \/>\nRendi\u0107  Mio\u010devi\u0107, <em>op. cit<\/em>, Perini\u0107 Muratovi\u0107, <em>op. cit<\/em>.<\/p>\n<p><\/span><\/p>\n<\/div>\n<div id=\"ftn97\">\n<p class=\"MsoNormal\" style=\"line-height: 150%;\"><span style=\"font-size: 8.0pt;\"><a name=\"_ftn97\"><\/a><a href=\"#_ftnref97\"><sup>[<span style=\"font-family: 'times new roman', \ntimes;\"><strong>97<\/strong><\/span>]<\/sup><\/a>&nbsp;<br \/>\nSimon, E.,  and G. Bauchhenss. 1981-1999. &ldquo;Artemis \/ Diana.&rdquo; U <em>Lexicon iconographicum mythologiae classicae (LIMC)<\/em>. Zurich:  Artemis &amp; Winkler Verlag.<\/p>\n<p><\/span><\/p>\n<\/div>\n<div id=\"ftn98\">\n<p class=\"MsoNormal\" style=\"line-height: 150%;\"><span style=\"font-size: 8.0pt;\"><a name=\"_ftn98\"><\/a><a href=\"#_ftnref98\"><sup>[<span style=\"font-family: 'times new roman', \ntimes;\"><strong>98<\/strong><\/span>]<\/sup><\/a>&nbsp;<br \/>\nMedini, Julijan.  1983\/84. &ldquo;Prilog poznavanju i tuma\u010denju ikonografije bo\u017eice DIjane u Iliriku.&rdquo; <em>Radovi Filozofskog fakulteta u Zadru<\/em> 23(10): 17\u201327.; Mili\u010devi\u0107 Brada\u010d, Marina. 2010. &ldquo;Spomeni bo\u017eice Dijane iz  kolonije Claudia Aequum i logora Tilurium.&rdquo; <em>Opuscula  Archaeologica<\/em> 33: 51\u201378. <\/p>\n<p><\/span><\/p>\n<\/div>\n<div id=\"ftn99\">\n<p class=\"MsoNormal\" style=\"line-height: 150%;\"><span style=\"font-size: 8.0pt;\"><a name=\"_ftn99\"><\/a><a href=\"#_ftnref99\"><sup>[<span style=\"font-family: 'times new roman', \ntimes;\"><strong>99<\/strong><\/span>]<\/sup><\/a>&nbsp;<br \/>\nSuha\u010da,  Livanjsko polje. Reljef se \u010duva u ranjeva\u010dkom samostanu u Livnu. Literatura:  Sergejevski, Dimitrtij. 1928. &ldquo;Rimski kameni spomenici sa Glamo\u010dkog i Livanjskog  polja i iz Ribnika.&rdquo; <em>Glasnik Zemaljskog  muzeja u Sarajevu<\/em> (2): 79\u201397.  str. 95-103, br. 1, sl. 1; Rendi\u0107 Mio\u010devi\u0107<em>, op. cit<\/em>. tab. IV, 3, Imamovi\u0107, <em>op. cit<\/em>. br. 32, str. 328, sl. 32, Luli\u0107, Josipa. 2015. &ldquo;Aspekti  religijske skulpture na prostoru rimske Dalmacije u vrijeme Rimskoga Carstva.&rdquo; doktorska  disertacija, Filozofski fakultet Sveu\u010dili\u0161ta u Zagrebu. kat. br. 3<\/p>\n<p><\/span><\/p>\n<\/div>\n<div id=\"ftn100\">\n<p class=\"MsoNormal\" style=\"line-height: 150%;\"><span style=\"font-size: 8.0pt;\"><a name=\"_ftn100\"><\/a><a href=\"#_ftnref100\"><sup>[<span style=\"font-family: 'times new roman', \ntimes;\"><strong>100<\/strong><\/span>]<\/sup><\/a>&nbsp;<br \/>\n\u010cremo\u0161nik,  Irma. 1957. &ldquo;Narodna simbolika na rimskim spomenicima u na\u0161im krajevima.&rdquo; <em>Glasnik Zemaljskog muzeja u Sarajevu<\/em>,  217\u201335., Rendi\u0107 Mio\u010devi\u0107, <em>op. cit.<\/em><\/span><\/p>\n<\/div>\n<div id=\"ftn101\">\n<p class=\"MsoNormal\" style=\"line-height: 150%;\"><span style=\"font-size: 8.0pt;\"><a name=\"_ftn101\"><\/a><a href=\"#_ftnref101\"><sup>[<span style=\"font-family: 'times new roman', \ntimes;\"><strong>101<\/strong><\/span>]<\/sup><\/a>&nbsp;<br \/>\nLuli\u0107 2015, <em>op. cit<\/em><br \/>\n<\/span><\/p>\n<\/div>\n<div id=\"ftn102\">\n<p class=\"MsoNormal\" style=\"line-height: 150%;\"><span style=\"font-size: 8.0pt;\"><a name=\"_ftn102\"><\/a><a href=\"#_ftnref102\"><sup>[<span style=\"font-family: 'times new roman', \ntimes;\"><strong>102<\/strong><\/span>]<\/sup><\/a>&nbsp;<br \/>\nreljefi su  od vapnenca, \u010duvaju se u Zemaljskom muzeju u Sarajevu. Sergejevski, Dimitrtij.  1965. &ldquo;Iz problematike ilirske umjetnosti.&rdquo; <em>Godi\u0161njak  Centra za balkanolo\u0161ka ispitivanja<\/em> 3: 119\u201355., str. 129-130, Luli\u0107 2015. <em>op. cit<\/em>., kat. br. 8 i 28.<br \/>\n<\/span><\/p>\n<\/div>\n<div id=\"ftn103\">\n<p class=\"MsoNormal\" style=\"line-height: 150%;\"><span style=\"font-size: 8.0pt;\"><a name=\"_ftn103\"><\/a><a href=\"#_ftnref103\"><sup>[<span style=\"font-family: 'times new roman', \ntimes;\"><strong>103<\/strong><\/span>]<\/sup><\/a>&nbsp;<br \/>\nSergejevski  1929, <em>op. cit.<\/em><br \/>\n<\/span><\/p>\n<\/div>\n<div id=\"ftn104\">\n<p class=\"MsoNormal\" style=\"line-height: 150%;\"><span style=\"font-size: 8.0pt;\"><a name=\"_ftn104\"><\/a><a href=\"#_ftnref104\"><sup>[<span style=\"font-family: 'times new roman', \ntimes;\"><strong>104<\/strong><\/span>]<\/sup><\/a>&nbsp;<br \/>\nCambi,  Nenad. 2002. &ldquo;Kiparstvo.&rdquo; U <em>Longae  Salonae<\/em>. Urednik Emilio Marin, 115\u201374. Split: Arheolo\u0161ki muzej.; Luli\u0107  2015. <em>op.cit.<\/em><br \/>\n<\/span><\/p>\n<\/div>\n<div id=\"ftn105\">\n<p class=\"MsoNormal\" style=\"line-height: 150%;\"><span style=\"font-size: 8.0pt;\"><a name=\"_ftn105\"><\/a><a href=\"#_ftnref105\"><sup>[<span style=\"font-family: 'times new roman', \ntimes;\"><strong>105<\/strong><\/span>]<\/sup><\/a>&nbsp;<br \/>\nCambi, Nenad. 1980.  &ldquo;Enonska Venera Anzotika.&rdquo; <em>Diadora<\/em> 9:  273\u201383.; Medini, Julijan. 1984. &ldquo;Autohtoni kultovi u razvoju anti\u010dkih religija  u rimskoj provinciji Dalmaciji.&rdquo; <em>Dometi<\/em> 5 (5): 7\u201332.; Giunio, Kornelija A. 2005. &ldquo;Religion and Myth on monuments from  Zadar and surroundings in the Archaeological Museum in Zadar.&rdquo; U <em>Religija i mit kao poticaj rimskoj  provincijalnoj plastici<\/em>. 214\u201322. Zagreb: Golden marketing-Tehni\u010dka knjiga,  Odsjek za arheologiju Filozofskog fakulteta Sveu\u010dili\u0161ta u Zagrebu, Arheolo\u0161ki  muzej.<br \/>\n<\/span><\/p>\n<\/div>\n<div id=\"ftn106\">\n<p class=\"MsoNormal\" style=\"line-height: 150%;\"><span style=\"font-size: 8.0pt;\"><a name=\"_ftn106\"><\/a><a href=\"#_ftnref106\"><sup>[<span style=\"font-family: 'times new roman', \ntimes;\"><strong>106<\/strong><\/span>]<\/sup><\/a>&nbsp;<br \/>\nBarr-Sharrar,  Beryl. 1990. &ldquo;How important is provenance? Archaeological and stylistic  questions in the attribution of ancient bronzes.&rdquo; U <em>Small bronze sculpture from the ancient world: Papers delivered at a  symposium<\/em>. Urednik John Walsh, 209\u201338. Malibu, Calif: The Museum.<br \/>\n<\/span><\/p>\n<\/div>\n<div id=\"ftn107\">\n<p class=\"MsoNormal\" style=\"line-height: 150%;\"><span style=\"font-size: 8.0pt;\"><a name=\"_ftn107\"><\/a><a href=\"#_ftnref107\"><sup>[<span style=\"font-family: 'times new roman', \ntimes;\"><strong>107<\/strong><\/span>]<\/sup><\/a>&nbsp;<br \/>\nLuli\u0107,  Josipa. 2016. &ldquo;Prikazi Merkura s drugim \u0161tapom u rimskoj Dalmaciji.&rdquo; <em>U Razmjena umjetni\u010dkih iskustava u  jadranskome bazenu<\/em>,<em> Zbornik Dana  Cvita Fiskovi\u0107a VI<\/em>. Urednici Jasenka Gudelj i Predrag Markovi\u0107. Zagreb: FF  Press.<br \/>\n<\/span><\/p>\n<\/div>\n<div id=\"ftn108\">\n<p class=\"MsoNormal\" style=\"line-height: 150%;\"><span style=\"font-size: 8.0pt;\"><a name=\"_ftn108\"><\/a><a href=\"#_ftnref108\"><sup>[<span style=\"font-family: 'times new roman', \ntimes;\"><strong>108<\/strong><\/span>]<\/sup><\/a>&nbsp;<br \/>\nOp\u0107enito o problemu sinkretizma vidi Meyer, Birgit. 1994. &ldquo;Beyond  syncretism: Translation and diabolization in the appropriation of Protestantism  in Africa.&rdquo; U <em>Syncretism\/anti-syncretism:  the politics of religious synthesis.<\/em> Urednici Rosalind Shaw i Charles  Stewart, 43\u201364: Routledge.<br \/>\n<\/span><\/p>\n<\/div>\n<div id=\"ftn109\">\n<p class=\"MsoNormal\" style=\"line-height: 150%;\"><span style=\"font-size: 8.0pt;\"><a name=\"_ftn109\"><\/a><a href=\"#_ftnref109\"><sup>[<span style=\"font-family: 'times new roman', \ntimes;\"><strong>109<\/strong><\/span>]<\/sup><\/a>&nbsp;<br \/>\nWissowa. 1916-19. &ldquo;Interpretatio Romana. Romische  Gotter im Barbarenlande.&rdquo; <em>Archiv fur Religionswissenschaft<\/em> 19: 1\u201349., Ando, Clifford. 2005. &ldquo;Interpretatio Romana.&rdquo; <em>Classical Philology<\/em> 100 (1): 41\u201351.<br \/>\n<\/span><\/p>\n<\/div>\n<div id=\"ftn110\">\n<p class=\"MsoNormal\" style=\"line-height: 150%;\"><span style=\"font-size: 8.0pt;\"><a name=\"_ftn110\"><\/a><a href=\"#_ftnref110\"><sup>[<span style=\"font-family: 'times new roman', \ntimes;\"><strong>110<\/strong><\/span>]<\/sup><\/a>&nbsp;<br \/>\nTac. Ger. 43.4: <em>apud Naharvalos antiquae religionis lucus  ostenditur. praesidet sacerdos muliebri ornatu,sed deos interpretatione Romana  Castorem Pollucemque memorant. ea vis numini, nomen Alcis. <\/em><em>Nulla simulacra, nullum  peregrinae superstitionis vestigium; ut fratres tamen, ut iuvenes venerantur.<\/em><br \/>\n<\/span><\/p>\n<\/div>\n<div id=\"ftn111\">\n<p class=\"MsoNormal\" style=\"line-height: 150%;\"><span style=\"font-size: 8.0pt;\"><a name=\"_ftn111\"><\/a><a href=\"#_ftnref111\"><sup>[<span style=\"font-family: 'times new roman', \ntimes;\"><strong>111<\/strong><\/span>]<\/sup><\/a>&nbsp;<br \/>\nWebster, Jane. 1995. &ldquo;&#8217;Interpretatio&#8217;:  Roman Word Power and the Celtic Gods.&rdquo; <em>Britannia<\/em> 26: 153\u201361.; van Andriaga, William. 2011. &ldquo;New Combinations and New Statuses: The Indigenous Gods in the  Pantheons of the Cities of Roman Gaul.&rdquo; U <em>The religious history of the Roman Empire:  Pagans, Jews, and Christians<\/em>. Urednici John A. North i S. R. F. Price.  Oxford, New York: Oxford University Press.<br \/>\n<\/span><\/p>\n<\/div>\n<div id=\"ftn112\">\n<p class=\"MsoNormal\" style=\"line-height: 150%;\"><span style=\"font-size: 8.0pt;\"><a name=\"_ftn112\"><\/a><a href=\"#_ftnref112\"><sup>[<span style=\"font-family: 'times new roman', \ntimes;\"><strong>112<\/strong><\/span>]<\/sup><\/a>&nbsp;<br \/>\nAldhouse Green,  Miranda. 2005. &ldquo;Flexible intent: Shifting  values &amp; discrepnt meanings in&nbsp;Romano-British Sculpture.&rdquo; U <em>Religija i mit kao poticaj rimskoj  provincijalnoj plastici<\/em>. str. 53\u201358. Zagreb:  Golden marketing-Tehni\u010dka knjiga, Odsjek za  arheologiju Filozofskog fakulteta Sveu\u010dili\u0161ta u Zagrebu, Arheolo\u0161ki muzej.<br \/>\n<\/span><\/p>\n<\/div>\n<div id=\"ftn113\">\n<p class=\"MsoNormal\" style=\"line-height: 150%;\"><span style=\"font-size: 8.0pt;\"><a name=\"_ftn113\"><\/a><a href=\"#_ftnref113\"><sup>[<span style=\"font-family: 'times new roman', \ntimes;\"><strong>113<\/strong><\/span>]<\/sup><\/a>&nbsp;<br \/>\nAndo <em>op. cit<\/em>.; Cadotte, Alain. 2007. <em>La romanisation des dieux l&#8217;interpretatio  romana en Afrique du Nord sous le Haut-Empire<\/em>. Leiden; Boston: Brill..;  Webster <em>op. cit.<\/em><br \/>\n<\/span><\/p>\n<\/div>\n<div id=\"ftn114\">\n<p class=\"MsoNormal\" style=\"line-height: 150%;\"><span style=\"font-size: 8.0pt;\"><a name=\"_ftn114\"><\/a><a href=\"#_ftnref114\"><sup>[<span style=\"font-family: 'times new roman', \ntimes;\"><strong>114<\/strong><\/span>]<\/sup><\/a>&nbsp;<br \/>\nAndo<em>, op. cit.<\/em><\/p>\n<p><\/span><\/p>\n<\/div>\n<div id=\"ftn115\">\n<p class=\"MsoNormal\" style=\"line-height: 150%;\"><span style=\"font-size: 8.0pt;\"><a name=\"_ftn115\"><\/a><a href=\"#_ftnref115\"><sup>[<span style=\"font-family: 'times new roman', \ntimes;\"><strong>115<\/strong><\/span>]<\/sup><\/a>&nbsp;<br \/>\n<em>age et his vocabulis esse deos facimus quibus  a nobis nominantur? at primum, quothominum<\/em><br \/>\n      <em>linguae,  tot nomina deorum; non enim ut tu, Velleius, quocumque veneris, sic idem in  Italia Volcanus, idem in<\/em><br \/>\n      <em>Africa, idem in Hispania. <\/em>(Cic. N. D. 1.83\u201384)<\/p>\n<p><\/span><\/p>\n<\/div>\n<div id=\"ftn116\">\n<p class=\"MsoNormal\" style=\"line-height: 150%;\"><span style=\"font-size: 8.0pt;\"><a name=\"_ftn116\"><\/a><a href=\"#_ftnref116\"><sup>[<span style=\"font-family: 'times new roman', \ntimes;\"><strong>116<\/strong><\/span>]<\/sup><\/a>&nbsp;<br \/>\nLuc. Syr. D. 32<br \/>\n<\/span><\/p>\n<\/div>\n<div id=\"ftn117\">\n<p class=\"MsoNormal\" style=\"line-height: 150%;\"><span style=\"font-size: 8.0pt;\"><a name=\"_ftn117\"><\/a><a href=\"#_ftnref117\"><sup>[<span style=\"font-family: 'times new roman', \ntimes;\"><strong>117<\/strong><\/span>]<\/sup><\/a>&nbsp;<\/p>\n<p>Tac. Ger. 43.4<br \/>\n<\/span><\/p>\n<\/div>\n<div id=\"ftn118\">\n<p class=\"MsoNormal\" style=\"line-height: 150%;\"><span style=\"font-size: 8.0pt;\"><a name=\"_ftn118\"><\/a><a href=\"#_ftnref118\"><sup>[<span style=\"font-family: 'times new roman', \ntimes;\"><strong>118<\/strong><\/span>]<\/sup><\/a>&nbsp;<br \/>\nBlau, Judith R. 2008. <em>The Blackwell companion to sociology<\/em>. John Wiley &amp; Sons.<\/p>\n<p><\/span><\/p>\n<\/div>\n<div id=\"ftn119\">\n<p class=\"MsoNormal\" style=\"line-height: 150%;\"><span style=\"font-size: 8.0pt;\"><a name=\"_ftn119\"><\/a><a href=\"#_ftnref119\"><sup>[<span style=\"font-family: 'times new roman', \ntimes;\"><strong>119<\/strong><\/span>]<\/sup><\/a>&nbsp;<br \/>\nBastide, Roger. 2001. <em>O  candombl\u00e9 da Bahia: rito nag\u00f4.<\/em> Editora Companhia das Letras.; Bastide, R.,  and H. Sebba. 2007. <em>The African Religions  of Brazil: Toward a Sociology of the Interpenetration of Civilizations<\/em>.  Johns Hopkins University Press. van de Port, Mattijs. 2011. <em>Ecstatic encounters: Bahian Candombl\u00e9 and  the quest for the really real<\/em>.Amsterdam University Press.<br \/>\n<\/span><\/p>\n<\/div>\n<div id=\"ftn120\">\n<p class=\"MsoNormal\" style=\"line-height: 150%;\"><span style=\"font-size: 8.0pt;\"><a name=\"_ftn120\"><\/a><a href=\"#_ftnref120\"><sup>[<span style=\"font-family: 'times new roman', \ntimes;\"><strong>120<\/strong><\/span>]<\/sup><\/a>&nbsp;<br \/>\nMatory, J. L. 2005. <em>Black  Atlantic religion: tradition, transnationalism, and matriarchy in the  Afro-Brazilian Candombl\u00e9. <\/em>Princeton University Press.<br \/>\n<\/span><\/p>\n<\/div>\n<div id=\"ftn121\">\n<p class=\"MsoNormal\" style=\"line-height: 150%;\"><span style=\"font-size: 8.0pt;\"><a name=\"_ftn121\"><\/a><a href=\"#_ftnref121\"><sup>[<span style=\"font-family: 'times new roman', \ntimes;\"><strong>121<\/strong><\/span>]<\/sup><\/a>&nbsp;<br \/>\nvan de Port, Mattijs. 2005. &ldquo;Candombl\u00e9 in pink, green and black.  Re-scripting the Afro-Brazilian religious heritage in the public sphere of  Salvador, Bahia.&rdquo; <em>Social Anthropology<\/em> 13 (1): 3\u201326.<br \/>\n<\/span><\/p>\n<\/div>\n<div id=\"ftn122\">\n<p class=\"MsoNormal\" style=\"line-height: 150%;\"><span style=\"font-size: 8.0pt;\"><a name=\"_ftn122\"><\/a><a href=\"#_ftnref122\"><sup>[<span style=\"font-family: 'times new roman', \ntimes;\"><strong>122<\/strong><\/span>]<\/sup><\/a>&nbsp;<br \/>\nvan de Port, 2005<em>. op. cit.<\/em><br \/>\n<\/span><\/p>\n<\/div>\n<div id=\"ftn123\">\n<p class=\"MsoNormal\" style=\"line-height: 150%;\"><span style=\"font-size: 8.0pt;\"><a name=\"_ftn123\"><\/a><a href=\"#_ftnref123\"><sup>[<span style=\"font-family: 'times new roman', \ntimes;\"><strong>123<\/strong><\/span>]<\/sup><\/a>&nbsp;<br \/>\nvan de Port, 2011. <em>op. cit<\/em>.<\/p>\n<p><\/span><\/p>\n<\/div>\n<div id=\"ftn124\">\n<p class=\"MsoNormal\" style=\"line-height: 150%;\"><span style=\"font-size: 8.0pt;\"><a name=\"_ftn124\"><\/a><a href=\"#_ftnref124\"><sup>[<span style=\"font-family: 'times new roman', \ntimes;\"><strong>124<\/strong><\/span>]<\/sup><\/a>&nbsp;<br \/>\nBastide 2001, <em>op.  cit.<\/em><br \/>\n<\/span><\/p>\n<\/div>\n<div id=\"ftn125\">\n<p class=\"MsoNormal\" style=\"line-height: 150%;\"><span style=\"font-size: 8.0pt;\"><a name=\"_ftn125\"><\/a><a href=\"#_ftnref125\"><sup>[<span style=\"font-family: 'times new roman', \ntimes;\"><strong>125<\/strong><\/span>]<\/sup><\/a>&nbsp;<br \/>\n<em>idem<\/em><\/p>\n<p><\/span><\/p>\n<\/div>\n<div id=\"ftn126\">\n<p class=\"MsoNormal\" style=\"line-height: 150%;\"><span style=\"font-size: 8.0pt;\"><a name=\"_ftn126\"><\/a><a href=\"#_ftnref126\"><sup>[<span style=\"font-family: 'times new roman', \ntimes;\"><strong>126<\/strong><\/span>]<\/sup><\/a>&nbsp;<br \/>\nAlthusser, Louis. 2006. &ldquo;Ideology and ideological state apparatuses  (notes towards an investigation).&rdquo; <em>The  anthropology of the state: A reader<\/em> 9: 86. <\/p>\n<p><\/span><\/p>\n<\/div>\n<div id=\"ftn127\">\n<p class=\"MsoNormal\" style=\"line-height: 150%;\"><span style=\"font-size: 8.0pt;\"><a name=\"_ftn127\"><\/a><a href=\"#_ftnref127\"><sup>[<span style=\"font-family: 'times new roman', \ntimes;\"><strong>127<\/strong><\/span>]<\/sup><\/a>&nbsp;<br \/>\nAlthusser, Louis. 2006. &ldquo;Ideology and ideological state apparatuses  (notes towards an investigation).&rdquo; <em>The  anthropology of the state: A reader<\/em> 9: 86.<br \/>\n<\/span><\/p>\n<\/div>\n<div id=\"ftn128\">\n<p class=\"MsoNormal\" style=\"line-height: 150%;\"><span style=\"font-size: 8.0pt;\"><a name=\"_ftn128\"><\/a><a href=\"#_ftnref128\"><sup>[<span style=\"font-family: 'times new roman', \ntimes;\"><strong>128<\/strong><\/span>]<\/sup><\/a>&nbsp;<br \/>\nWhitehouse, Harvey. 2002. &ldquo;Modes of religiosity: towards a cognitive explanation of the  sociololitical dynamics of religion.&rdquo; <em>Method &amp; Theory in the Study of Religion<\/em> 14: 293\u2013315.; Martin, Luther H., and Panayotis Pachis, ur. 2009. <em>Imagistic traditions in the Graeco-Roman  world: A cognitive modeling of history of religious research : acts of the  panel held during the XIX congress of the International Association of History  of Religions (IAHR),<\/em> Tokyo, Japan, March 2005.; Cohen, Emma, Jonathan A.  Lanman, Harvey Whitehouse, i Robert N. McCauley. 2008. &ldquo;Common criticisms of the cognitive science of religion\u2014answered.&rdquo; <em>Bulletin of the Council of Societies for the Study of Religion<\/em> 37  (4): 112\u201315. <\/p>\n<p><\/span><\/p>\n<\/div>\n<div id=\"ftn129\">\n<p class=\"MsoNormal\" style=\"line-height: 150%;\"><span style=\"font-size: 8.0pt;\"><a name=\"_ftn129\"><\/a><a href=\"#_ftnref129\"><sup>[<span style=\"font-family: 'times new roman', \ntimes;\"><strong>129<\/strong><\/span>]<\/sup><\/a>&nbsp;<br \/>\nCohen, Lanman et al. <em>op. cit<\/em><br \/>\n<\/span><\/p>\n<\/div>\n<p class=\"MsoNormal\" style=\"line-height: 150%;\">&nbsp;<\/p>\n<p class=\"MsoNormal\" style=\"line-height: 170%;\"><strong>Literatura:<\/strong><\/p>\n<p class=\"MsoNormal\" style=\"line-height: 170%;\">Abrami\u0107, Mihovil. 1928. &ldquo;Nekoliko skulptura antiknih  bo\u017eanstava.&rdquo; <em>Vjesnik za arheologiju i povijest dalmatinsku<\/em> 50: 49\u201354.<\/p>\n<p class=\"MsoNormal\" style=\"line-height: 170%;\">Aldhouse Green, Miranda. 2005. &ldquo;Flexible intent: Shifting  values &amp; discrepnt meanings in&nbsp;Romano-British Sculpture.&rdquo; U <em>Religija i mit kao poticaj rimskoj  provincijalnoj plastici<\/em>. str. 53\u201358. Zagreb: Golden marketing-Tehni\u010dka  knjiga, Odsjek za arheologiju Filozofskog fakulteta Sveu\u010dili\u0161ta u Zagrebu,  Arheolo\u0161ki muzej.<\/p>\n<p class=\"MsoNormal\" style=\"line-height: 170%;\">Althusser, Louis. 2006. &ldquo;Ideology and ideological state  apparatuses (notes towards an investigation).&rdquo; <em>The anthropology of the  state: A reader<\/em> 9: 86.<\/p>\n<p class=\"MsoNormal\" style=\"line-height: 170%;\">Andresen, Jensine, ur. 2001. <em>Religion in mind: Cognitive perspectives on religious belief, ritual,  and experience<\/em>. Cambridge, UK; New York, NY: Cambridge University Press<\/p>\n<p class=\"MsoNormal\" style=\"line-height: 170%;\">Andriaga, William.  2011. &ldquo;New Combinations and New Statuses: The Indigenous Gods in the Pantheons  of the Cities of Roman Gaul.&rdquo; U <em>The  religious history of the Roman Empire: Pagans, Jews, and Christians<\/em>.  Urednici John A. North i S. R. F. Price. Oxford, New York: Oxford University  Press.<\/p>\n<p class=\"MsoNormal\" style=\"line-height: 170%;\">Ando, Clifford. 2005. &ldquo;Interpretatio Romana.&rdquo; <em>Classical  Philology<\/em> 100 (1): 41\u201351. doi: 10.1086\/431429.<\/p>\n<p class=\"MsoNormal\" style=\"line-height: 170%;\">Barr-Sharrar, Beryl. 1990. &ldquo;How important is provenance?  Archaeological and stylistic questions in the attribution of ancient bronzes.&rdquo;  U <em>Small bronze sculpture from the ancient  world: Papers delivered at a symposium<\/em>. Urednik John Walsh, 209\u201338. Malibu,  Calif: The Museum.<\/p>\n<p class=\"MsoNormal\" style=\"line-height: 170%;\">Barrett, Justin L. 2000. &ldquo;Exploring the natural  foundations of religion.&rdquo; <em>Trends in cognitive sciences<\/em> 4 (1): 29\u201334.<\/p>\n<p class=\"MsoNormal\" style=\"line-height: 170%;\">Barrett, J. C., and Lanman. 2008. &ldquo;The Science of  Religious Beliefs.&rdquo; <em>Religion<\/em> 28: 109\u201324.<\/p>\n<p class=\"MsoNormal\" style=\"line-height: 170%;\">Bastide, Roger. 2001. <em>O candombl\u00e9 da Bahia: rito nag\u00f4: <\/em>Editora Companhia das Letras.<\/p>\n<p class=\"MsoNormal\" style=\"line-height: 170%;\">Bastide, R., and H. Sebba. 2007. <em>The African Religions  of Brazil: Toward a Sociology of the Interpenetration of Civilizations: <\/em>Johns  Hopkins University Press. <a href=\"http:\/\/books.google.hr\/books?id=eTPByICog1cC.\">http:\/\/books.google.hr\/books?id=eTPByICog1cC.<\/a><\/p>\n<p class=\"MsoNormal\" style=\"line-height: 170%;\">Beard, Mary, John A. North, and Price S. R. F. 1998. <em>Religions  of Rome. <\/em>Cambridge: Cambridge University Press.<\/p>\n<p class=\"MsoNormal\" style=\"line-height: 170%;\">Bekavac, Silvia. 2011. &ldquo;Silvan u Saloni.&rdquo; <em>Vjesnik za  arheologiju i povijest dalmatinsku<\/em> 104: 151\u201366.<\/p>\n<p class=\"MsoNormal\" style=\"line-height: 170%;\">\n  \u2014\u2014\u2014. 2011. &ldquo;Silvan u Saloni.&rdquo; <em>Vjesnik za arheologiju i  povijest dalmatinsku<\/em> 104: 151\u201366.<\/p>\n<p class=\"MsoNormal\" style=\"line-height: 170%;\">Blau, Judith R. 2008. <em>The Blackwell companion to  sociology: <\/em>John Wiley &amp; Sons.<\/p>\n<p class=\"MsoNormal\" style=\"line-height: 170%;\">Boyer, Pascal. 1992. &ldquo;Explaining Religious Ideas:  Elements f a Cognitive Aproach.&rdquo; <em>Numen<\/em> 39 (1): 27\u201357.<\/p>\n<p class=\"MsoNormal\" style=\"line-height: 170%;\">Cadotte, Alain. 2007. <em>La romanisation des dieux  l&#8217;interpretatio romana en Afrique du Nord sous le Haut-Empire. <\/em>Leiden;  Boston: Brill. <a href=\"http:\/\/public.eblib.com\/EBLPublic\/PublicView.do?ptiID=467977\">http:\/\/public.eblib.com\/EBLPublic\/PublicView.do?ptiID=467977<\/a>.<\/p>\n<p class=\"MsoNormal\" style=\"line-height: 170%;\">Cambi, Nenad. 1980. &ldquo;Enonska Venera Anzotika.&rdquo; <em>Diadora<\/em> 9: 273\u201383.<\/p>\n<p class=\"MsoNormal\" style=\"line-height: 170%;\">Cambi, Nenad. 2002. &ldquo;Kiparstvo.&rdquo; U <em>Longae Salonae<\/em>. Urednik Emilio Marin, 115\u201374. Split: Arheolo\u0161ki  muzej.<\/p>\n<p class=\"MsoNormal\" style=\"line-height: 170%;\">Clark, Andy. 2008. <em>Supersizing the mind: Embodiment,  action, and cognitive extension. <\/em>Oxford; New York: Oxford University Press.<\/p>\n<p class=\"MsoNormal\" style=\"line-height: 170%;\">Clark, Andy, and David Chalmers. 1998. &ldquo;The extended  mind.&rdquo; <em>analysis<\/em> 58 (1): 7\u201319.<\/p>\n<p class=\"MsoNormal\" style=\"line-height: 170%;\">Cohen, Emma, Jonathan A. Lanman, Harvey Whitehouse, and  Robert N. McCauley. 2008. &ldquo;Common criticisms of the cognitive science of  religion\u2014answered.&rdquo; <em>Bulletin of the Council of Societies for the Study of  Religion<\/em> 37 (4): 112\u201315.<\/p>\n<p class=\"MsoNormal\" style=\"line-height: 170%;\">\u010cremo\u0161nik, Irma. 1957. &ldquo;Narodna simbolika na rimskim  spomenicima u na\u0161im krajevima.&rdquo; <em>Glasnik Zemaljskog muzeja u Sarajevu<\/em>,  217\u201335.<\/p>\n<p class=\"MsoNormal\" style=\"line-height: 170%;\">Day, Matthew. 2004. &ldquo;Religion, off-line cognition and the  extended mind.&rdquo; <em>Journal of Cognition and Culture<\/em> 4 (1): 101\u201321.<\/p>\n<p class=\"MsoNormal\" style=\"line-height: 170%;\">Derry, Sharon J. 1996. &ldquo;Cognitive schema theory in the  constructivist debate.&rdquo; <em>Educational Psychologist<\/em> 31 (3-4): 163\u201374.<\/p>\n<p class=\"MsoNormal\" style=\"line-height: 170%;\">Dorcey, P.F. 1992. <em>The Cult of Silvanus: A Study in  Roman Folk Religion: <\/em>E.J. Brill. <a href=\"http:\/\/books.google.hr\/books?id=1YzWMQecwH4C\">http:\/\/books.google.hr\/books?id=1YzWMQecwH4C<\/a>.<\/p>\n<p class=\"MsoNormal\" style=\"line-height: 170%;\">Dzino, Danijel. 2013. &ldquo;The cult of Silvanus: rethinking  provincial identities in Roman Dalmatia.&rdquo; <em>Vjesnik Arheolo\u0161kog muzeja u  Zagrebu<\/em> 45 (1): 261\u201379.<\/p>\n<p class=\"MsoNormal\" style=\"line-height: 170%;\">Giunio, Kornelija A. 2005. &ldquo;Religion and Myth on  monuments from Zadar and surroundings in the Archaeological Museum in Zadar.&rdquo; U <em>Religija i mit kao poticaj rimskoj  provincijalnoj plastici<\/em>. 214\u201322. Zagreb: Golden marketing-Tehni\u010dka knjiga,  Odsjek za arheologiju Filozofskog fakulteta Sveu\u010dili\u0161ta u Zagrebu, Arheolo\u0161ki  muzej.<\/p>\n<p class=\"MsoNormal\" style=\"line-height: 170%;\">Guthrie, Stewart. 1993. <em>Faces in the clouds: A new  theory of religion. <\/em>New York: Oxford University Press.<\/p>\n<p class=\"MsoNormal\" style=\"line-height: 170%;\">Hirschfeld, O., and Robert Schneider. 1885. &ldquo;Bericht uber  eine Reise in Dalmatien.&rdquo; <em>Archaeologisch-Epigraphische Mittheilungen aus  Oesterreic.Ungarn <\/em>(9): 1\u201384.<\/p>\n<p class=\"MsoNormal\" style=\"line-height: 170%;\">Imamovi\u0107, E. 1977. <em>Anti\u010dki kultni i votivni spomenici  na podru\u010dju Bosne i Hercegovine. <\/em>Sarajevo.<\/p>\n<p class=\"MsoNormal\" style=\"line-height: 170%;\">Lawson, E.T, and R.N McCauley. 1993. <em>Rethinking  Religion: Connecting Cognition and Culture: <\/em>Cambridge University Press. <a href=\"http:\/\/books.google.hr\/books?id=MefhYz2UOWoC\">http:\/\/books.google.hr\/books?id=MefhYz2UOWoC<\/a>.<\/p>\n<p class=\"MsoNormal\" style=\"line-height: 170%;\"><em>LIMC<\/em>. 1994. Z\u00fcrich, M\u00fcnchen.<\/p>\n<p class=\"MsoNormal\" style=\"line-height: 170%;\"><em>LIMC<\/em>. 1994. Z\u00fcrich, M\u00fcnchen.<\/p>\n<p class=\"MsoNormal\" style=\"line-height: 170%;\">Luli\u0107, Josipa. 2014. &ldquo;Dalmatian Silvanus: A Cognitive  Approach to Reinterpretation of the Reliefs Representing Silvanus from Roman  Dalmatia.&rdquo; U <em>TRAC 2013: Proceedings of  the Twenty-Third Annual Theoretical Roman Archaeology Conference<\/em>, London  2013. Urednici Hannah Platts, Caroline Barron, Jason Lundock, i John Pearce,  37\u201351: Oxbow Books<\/p>\n<p class=\"MsoNormal\" style=\"line-height: 170%;\">\u2014\u2014\u2014.  2015.  &ldquo;Aspekti religijske skulpture na prostoru rimske Dalmacije u vrijeme Rimskoga  Carstva.&rdquo; PhD, Filozofski fakultet Sveu\u010dili\u0161ta u Zagrebu.<\/p>\n<p class=\"MsoNormal\" style=\"line-height: 170%;\">\u2014\u2014\u2014. 2016. &ldquo;Prikazi Merkura s drugim \u0161tapom u rimskoj  Dalmaciji.&rdquo; <em>U Razmjena umjetni\u010dkih  iskustava u jadranskome bazenu<\/em>,<em> Zbornik Dana Cvita Fiskovi\u0107a VI<\/em>. Urednici Jasenka Gudelj i Predrag  Markovi\u0107. Zagreb: FF Press.<\/p>\n<p class=\"MsoNormal\" style=\"line-height: 170%;\">Martin, Luther H., and Panayotis Pachis, eds. 2009. <em>Imagistic  traditions in the Graeco-Roman world: A cognitive modeling of history of  religious research : acts of the panel held during the XIX congress of the  International Association of History of Religions (IAHR), Tokyo, Japan, March  2005<\/em>.<\/p>\n<p class=\"MsoNormal\" style=\"line-height: 170%;\">Matory, J. L. 2005. <em>Black Atlantic religion:  tradition, transnationalism, and matriarchy in the Afro-Brazilian Candombl\u00e9: <\/em>Princeton  University Press.<\/p>\n<p class=\"MsoNormal\" style=\"line-height: 170%;\">McLuhan, Marshall, and Quentin Fiore. 1967. &ldquo;The medium  is the message.&rdquo; <em>New York<\/em> 123: 126\u201328.<\/p>\n<p class=\"MsoNormal\" style=\"line-height: 170%;\">Medini, Julijan. 1983\/84. &ldquo;Prilog poznavanju i tuma\u010denju  ikonografije bo\u017eice DIjane u Iliriku.&rdquo; <em>Radovi Filozofskog fakulteta u Zadru<\/em> 23(10): 17\u201327.<\/p>\n<p class=\"MsoNormal\" style=\"line-height: 170%;\">\u2014\u2014\u2014. 1984. &ldquo;Autohtoni kultovi u razvoju anti\u010dkih religija  u rimskoj provinciji Dalmaciji.&rdquo; <em>Dometi<\/em> 5 (5): 7\u201332.<\/p>\n<p class=\"MsoNormal\" style=\"line-height: 170%;\">Meyer, Birgit. 1994. &ldquo;Beyond syncretism: Translation and  diabolization in the appropriation of Protestantism in Africa.&rdquo; U <em>Syncretism\/anti-syncretism: the politics of  religious synthesis.<\/em> Urednici Rosalind Shaw i Charles Stewart, 43\u201364:  Routledge.<\/p>\n<p class=\"MsoNormal\" style=\"line-height: 170%;\">Mili\u010devi\u0107 Brada\u010d, Marina. 2010. &ldquo;Spomeni bo\u017eice Dijane iz  kolonije Claudia Aequum i logora Tilurium.&rdquo; <em>Opuscula Archaeologica<\/em> 33:  51\u201378.<\/p>\n<p class=\"MsoNormal\" style=\"line-height: 170%;\">Nagy, A. M. 1994. &ldquo;Silvanus.&rdquo; In <em>LIMC<\/em>, 763\u201373.  Z\u00fcrich, M\u00fcnchen.<\/p>\n<p class=\"MsoNormal\" style=\"line-height: 170%;\">\u2014\u2014\u2014. 1994. &ldquo;Silvanus.&rdquo; In <em>LIMC<\/em>, 763\u201373. Z\u00fcrich,  M\u00fcnchen.<\/p>\n<p class=\"MsoNormal\" style=\"line-height: 170%;\">Neisser, Ulric. 1967. <em>Cognitive psychology: <\/em>Appleton-Century-Crofts.<\/p>\n<p class=\"MsoNormal\" style=\"line-height: 170%;\">Perini\u0107 Muratovi\u0107, Ljubica. 2008. &ldquo;Podrijetlo i narav  kulta boga Silvana u rimskim provincijama Dalmaciji i Panoniji.&rdquo; doktorska  disertacija, Filozofski fakultet Sveu\u010dili\u0161ta u Zagrebu.<\/p>\n<p class=\"MsoNormal\" style=\"line-height: 170%;\">Rendi\u0107 Mio\u010devi\u0107, Duje. 1955. &ldquo;Ilirske pretstave Silvana  na kultnim slikama s podru\u010dja Dalmata.&rdquo; <em>Glasnik Zemaljskog muzeja u Sarajevu<\/em>,  5\u201340.<\/p>\n<p class=\"MsoNormal\" style=\"line-height: 170%;\">Sergejevski, Dimitrtij. 1928. &ldquo;Rimski kameni spomenici sa  Glamo\u010dkog i Livanjskog polja i iz Ribnika.&rdquo; <em>Glasnik Zemaljskog muzeja u  Sarajevu <\/em>(2): 79\u201397.<\/p>\n<p class=\"MsoNormal\" style=\"line-height: 170%;\">\u2014\u2014\u2014. 1965. &ldquo;Iz problematike ilirske umjetnosti.&rdquo; <em>Godi\u0161njak  Centra za balkanolo\u0161ka ispitivanja<\/em> 3: 119\u201355.<\/p>\n<p class=\"MsoNormal\" style=\"line-height: 170%;\">Simon, E., and G. Bauchhenss. 1981-1999. &ldquo;Artemis \/  Diana.&rdquo; U <em>Lexicon iconographicum  mythologiae classicae (LIMC)<\/em>. Zurich: Artemis &amp; Winkler Verlag.<\/p>\n<p class=\"MsoNormal\" style=\"line-height: 170%;\">van de Port, Mattijs. 2005. &ldquo;Candombl\u00e9 in pink, green and  black. Re-scripting the Afro-Brazilian religious heritage in the public sphere  of Salvador, Bahia.&rdquo; <em>Social Anthropology<\/em> 13 (1): 3\u201326.<\/p>\n<p class=\"MsoNormal\" style=\"line-height: 170%;\">\u2014\u2014\u2014. 2011. <em>Ecstatic encounters: Bahian Candombl\u00e9 and  the quest for the really real: <\/em>Amsterdam University Press.<\/p>\n<p class=\"MsoNormal\" style=\"line-height: 170%;\">Webster, Jane. 1995. &ldquo;&#8217;Interpretatio&#8217;: Roman Word Power  and the Celtic Gods.&rdquo; <em>Britannia<\/em> 26: 153\u201361.<\/p>\n<p class=\"MsoNormal\" style=\"line-height: 170%;\">Whitehouse, Harvey. 2002. &ldquo;Modes of religiosity: towards  a cognitive explanation of the sociololitical dynamics of religion.&rdquo; <em>Method  &amp; Theory in the Study of Religion<\/em> 14: 293\u2013315.<\/p>\n<p class=\"MsoNormal\" style=\"line-height: 170%;\">Wissowa. 1916-19. &ldquo;Interpretatio Romana. Romische Gotter  im Barbarenlande.&rdquo; <em>Archiv fur Religionswissenschaft<\/em> 19: 1\u201349.<\/p>\n<p class=\"MsoNormal\" style=\"line-height: 150%;\">&nbsp;<\/p>\n<p style=\"text-align: center;\" align=\"center\"><strong> <span style=\"font-size: 13.0pt; line-height: 150%;\">Image as Contemplation Medium: Distributed Cogniton<br \/>\nand the Extended Mind Theory<\/span><\/strong><\/p>\n<p class=\"MsoNormal\" style=\"line-height: 150%;\">&nbsp;<\/p>\n<p style=\"margin: 0cm 48.6pt 0.0001pt 54pt; line-height: 170%;\"><em><strong>Abstract<\/strong><\/em><\/p>\n<p class=\"MsoBodyText\" style=\"margin-top: 0cm; margin-right: 48.6pt; margin-bottom: .0001pt; margin-left: 54.0pt; line-height: 150%;\"><span style=\"font-size: 12.0pt; line-height: 150%; font-family: 'Times New Roman';\" lang=\"SR\">&nbsp;<\/span><\/p>\n<p class=\"MsoBodyText\" style=\"margin-top: 0cm; margin-right: 48.6pt; margin-bottom: .0001pt; margin-left: 54.0pt; line-height: 170%;\"><em><br \/>\nAndy Clark famously stated that humans are capable of transferring some of their cognitive functions into the environment in particular circumstances \u2013 he named it the \u201cextended mind theory\u201d. This theory has been widely debated since its first appearance in the paper Clark coauthored with Chalmers in 1998, however the idea that we use the environment as cognitive scaffolding was never contested; the possibility of placement of the cognitive processes per se outside the body is the topic of discussion. I will not try to weigh in on the debate in the cognitive sciences, I am rather going to look into the segments that are been agreed upon and test their applicability for the medium of image.<\/em><\/p>\n<p><span style=\"mso-tab-count: 1;\">&nbsp;&nbsp;&nbsp;&nbsp;&nbsp;&nbsp;<\/span><\/p>\n<p class=\"MsoBodyText\" style=\"margin-top: 0cm; margin-right: 48.6pt; margin-bottom: .0001pt; margin-left: 54.0pt; line-height: 170%;\"><em><br \/>\nIf we start from the broad agreement of different theories about the location of the mind \u2013 that the environment makes a part of the human cognition \u2013 we should try to investigate the role of images in cognitive environment. I will narrow my research to the role of images in religious cognition. My aim is to compare two religious systems, ancient Roman religion and Brazilian Candombl\u00e9, that are far apart in time and space but connected through shared conceptualization of the imagistic mode of religiosity (Whitehouse). I will look into the concept of (iconographic) mistake through the lens of cognitive science, and try to present a different way to view it, in the light of the notion of images as a part of the system of religious cognition.  <\/em><\/p>\n<p class=\"MsoBodyText\" style=\"margin-top: 0cm; margin-right: 48.6pt; margin-bottom: .0001pt; margin-left: 54.0pt; line-height: 170%;\">&nbsp;<\/p>\n<p style=\"margin: 0cm 48.6pt 0.0001pt 54pt; line-height: 170%;\"><strong><em>Key words:<\/em><\/strong> <em>distributed cognition, extended mind theory, roman sculpture, roman religion.<\/em><\/p>\n<p class=\"MsoNormal\" style=\"line-height: 150%;\"><span lang=\"SR\">&nbsp;<\/span><\/p>\n<p><a name=\"8inmediasres13\"><\/a><\/p>\n<p class=\"MsoNormal\" style=\"line-height: 150%;\"><span lang=\"SR\">&nbsp;<\/span><\/p>\n<hr \/>\n<table style=\"width: 755px;\" border=\"0\">\n<tbody>\n<tr>\n<td style=\"width: 215px;\" valign=\"top\"><img loading=\"lazy\" decoding=\"async\" class=\" alignleft size-full wp-image-327\" style=\"float: left;\" src=\"https:\/\/centar-fm.org\/inmediasres\/wp-content\/uploads\/sites\/2\/2018\/09\/inmediasresno1malo13to.png\" alt=\"inmediasresno13malo\" width=\"70\" height=\"103\" \/><\/p>\n<p class=\"MsoNormal\" style=\"line-height: 170%;\">\n <strong>&nbsp;7(13)#19 2018<\/strong> <\/p>\n<\/td>\n<td style=\"width: 315px;\" valign=\"top\">\n<p style=\"line-height: 170%; text-align: center;\">\n<a rel=\"license\" href=\"http:\/\/creativecommons.org\/licenses\/by-nc\/4.0\/\"><img decoding=\"async\" alt=\"Creative Commons licenca\" style=\"border-width:0\" src=\"https:\/\/i.creativecommons.org\/l\/by-nc\/4.0\/88x31.png\" \/><\/a><br \/>\u010casopis je otvorenog pristupa, a ovo djelo je dano na kori\u0161tenje pod licencom <a rel=\"license\" href=\"http:\/\/creativecommons.org\/licenses\/by-nc\/4.0\/\"><strong>Creative Commons Imenovanje-Nekomercijalno 4.0 me\u0111unarodna.<\/strong><\/a><\/p>\n<\/td>\n<td valign=\"top\">\n<p style=\"text-align: right; line-height: 150%;\" align=\"center\"><strong>UDK 316.774:177.3<\/p>\n<p>Pregledni \u010dlanak<\/p>\n<p>Review article<\/p>\n<p>Primljeno: 14.01.2018.<\/strong><\/p>\n<\/td>\n<\/tr>\n<\/tbody>\n<\/table>\n<p class=\"MsoNormal\" style=\"line-height: 150%;\">&nbsp;<\/p>\n<p class=\"MsoNormal\" style=\"line-height: 150%;\">&nbsp;<\/p>\n<p class=\"MsoNormal\" style=\"text-align: center; line-height: 150%;\" align=\"center\"><span style=\"font-size: 15.0pt; line-height: 150%;\">Luka Jane\u0161<\/span><\/p>\n<p style=\"text-align: center; line-height: 150%;\" align=\"center\">Sveu\u010dili\u0161ni centar za integrativnu bioetiku Sveu\u010dili\u0161ta u Zagrebu<\/p>\n<p>ljanes@unizg.hr<\/p>\n<p style=\"text-align: center;\" align=\"center\"><strong> <span style=\"font-size: 16.0pt; line-height: 150%;\">Medijska istinosna crvoto\u010dina<\/span><\/strong><\/p>\n<p style=\"text-align: center; line-height: 150%;\" align=\"center\"><a href=\"http:\/\/www.centar-fm.org\/inmediasres\/images\/pdf\/13\/L. Janes, Medijska istinosna crvotocina.pdf\"><strong><span style=\"color: #DC0101; font-size: 8.0pt;\"><br \/>\nPuni tekst: pdf (371 KB), Hrvatski, Str. 2091 &#8211; 2099<br \/>\n<\/span><\/strong><\/a><\/p>\n<p class=\"MsoNormal\" style=\"line-height: 150%;\">&nbsp;<\/p>\n<p style=\"margin: 0cm 48.6pt 0.0001pt 54pt; line-height: 170%;\"><strong><em>Sa\u017eetak<\/em><\/strong><\/p>\n<p class=\"MsoBodyText\" style=\"margin-top: 0cm; margin-right: 48.6pt; margin-bottom: .0001pt; margin-left: 54.0pt; line-height: 150%;\"><span style=\"font-size: 12.0pt; line-height: 150%; font-family: 'Times New Roman';\" lang=\"SR\">&nbsp;<\/span><\/p>\n<p class=\"MsoBodyText\" style=\"margin-top: 0cm; margin-right: 48.6pt; margin-bottom: .0001pt; margin-left: 54.0pt; line-height: 170%;\"><em>Naslovna metafora semanti\u010dki upu\u0107uje na fenomen puknu\u0107a istinosnih mre\u017ea pri procesu oda\u0161iljanja informacija putem medija, te na zabrinjavaju\u0107u potenciju razvoja doksasti\u010dne matrice privida u odnosu na bitkovnu aletheiu koju mediji projiciraju spram jave bivstvuju\u0107ih. Naime, tvrdim da se antroposna vrsta nalazi sred ere apriorno obilje\u017eene posvema\u0161njom relativno\u0161\u0107u nu\u017enosti zborenja istine. U makro-socijalnom kontekstu kao najevidentniju fenomenolo\u0161ku platformu i opravdavala\u010dko prihvatili\u0161te navedene zabrinjavaju\u0107e etozacije primje\u0107ujem upravo masovne medije. Pitanja koja \u0107e biti pod temeljnim fokusom su: je li u su\u0161ti medijske igre raskrivanje istine ili pak, lapurlartisti\u010dko \u0161irenje gomila informacija, te je li nam istina uop\u0107e potrebna za odr\u017eavanje vrste? Kao analogon navedenome, uvodim primjer prijenosa neuronskih \u201eatoma\u201c, \u010dija telosna jezgra putuje mozgom bez obzira na sadr\u017einu kojom je ispunjena.<\/em><\/p>\n<p class=\"MsoBodyText\" style=\"margin-top: 0cm; margin-right: 48.6pt; margin-bottom: .0001pt; margin-left: 54.0pt; line-height: 170%;\">&nbsp;<\/p>\n<p style=\"margin: 0cm 48.6pt 0.0001pt 54pt; line-height: 170%;\"><strong><em>Klju\u010dne rije\u010di:<\/em><\/strong> <em>Logos, biopoliti\u010dki laboratorij, istina, medijska lobotomija, bog \u017eice, hermeneutika, mentalni karijes.<\/em><\/p>\n<p class=\"MsoBodyText\" style=\"margin-top: 0cm; margin-right: 48.6pt; margin-bottom: .0001pt; margin-left: 54.0pt; line-height: 170%;\">&nbsp;<\/p>\n<p class=\"MsoNormal\" style=\"line-height: 150%;\">&nbsp;<\/p>\n<p class=\"MsoNormal\" style=\"line-height: 170%;\">Pri raspravljanju o etimolo\u0161koj i teleolo\u0161koj kategorijalnosti  medijske igre, odnosno o nominalnom principijelnom Logosnom<a name=\"_ftnref130\"><\/a><a href=\"#_ftn130\"><sup>[<span style=\"font-family: 'times new roman', times;\"><strong>130<\/strong><\/span>]<\/sup><\/a> fundamentu medijov\u0161tine, promi\u0161ljajni je fokus  nu\u017eno usmjeriti spram fenomena sredi\u0161njice, centra,  me\u0111e, posredovanja, spram fenomena mostovlja. Preciznije iskazano u terminolo\u0161kom  medijskom klju\u010du \u2013 spram informacijskog mostovlja izme\u0111u, s jedne strane  informiranika a s druge informiranog.<br \/>\nO medijskoj komunikaciji i dijalogu po\u010desto se govori kolokvijalno, no jasno je  da po srijedi izranja so\u010dna zabluda s obzirom da pri masovnim medijima biva prisutna  jednosmjerna monolo\u0161ka izra\u017eajnost li\u0161ena sinteti\u010dkog povezuju\u0107eg telosa i  omogu\u0107avanja obostrane komunikacije.<\/p>\n<p class=\"MsoNormal\" style=\"line-height: 170%;\">Nominalno se pak  za krucijalni segment medijske igre uzima taj famozni  moment prijenosa poruke<a name=\"_ftnref131\"><\/a><a href=\"#_ftn131\"><sup>[<span style=\"font-family: 'times new roman', times;\"><strong>131<\/strong><\/span>]<\/sup><\/a> putem raznih informacija koje terminolo\u0161ki i semanti\u010dki projiciraju svojevrsno  intrinzi\u010dno formiranje slike, reprezentaciju, reflektiranje politi\u010dke  Svejednotnosti<a name=\"_ftnref132\"><\/a><a href=\"#_ftn132\"><sup>[<span style=\"font-family: 'times new roman', times;\"><strong>132<\/strong><\/span>]<\/sup><\/a> u okviru kakve tiskovine, bloga, internetskog portala, ili, pak, dru\u0161tvenih  mre\u017ea i ostalih suvremenih medijskih fenomenalija koje predstavljaju vanjsku  manifestaciju elektri\u010dnog svevide\u0107eg oka &bdquo;boga \u017eice&ldquo;, suverenog vladara  aktualne, tehnomanijom obojane epohe. Dr\u017eimo li se logi\u010dke linije kroz koju  zbori da u su\u0161ti informacije nije prijenos istine nego prijenosbeni  cirkularitet lako zaklju\u010dujemo da se istinitost u kontekstu <em>aletheie<\/em><a name=\"_ftnref133\"><\/a><a href=\"#_ftn133\"><sup>[<span style=\"font-family: 'times new roman', times;\"><strong>133<\/strong><\/span>]<\/sup><\/a> (<a href=\"https:\/\/en.wiktionary.org\/wiki\/%E1%BC%80%CE%BB%CE%AE%CE%B8%CE%B5%CE%B9%CE%B1\" title=\"wikt:\u1f00\u03bb\u03ae\u03b8\u03b5\u03b9\u03b1\">\u1f00\u03bb\u03ae\u03b8\u03b5\u03b9\u03b1<\/a>), dakle neskrivenosti,  nipo\u0161to ne iskazuje kao po\u010detni faktum kretanja telosnim vodama medija. Tvrdim  da je ontolo\u0161ki za informaciju apriorno bitno da te\u010de, da struji, te da pritom  formira bez obzira na sadr\u017einu prijenosbine bez obzira na semantiku atoma koji  sa\u010dinjavaju zadani medijski organizam. Za informaciju je bitno da formira, da  kle\u0161e, da oblikuje, da se name\u0107e gorama i dolinama nalik na kakvu neobuzdivu  rijeku usred evolucijske borbe, bez obzira na po\u010detni i krajnji sadr\u017eaj  formiranog. Ostavimo li po strani pravednosna moraliziranja glede dru\u0161tvene  funkcije i utjecaja medija te krenemo domenom promi\u0161ljanja kategorijalnog mehanizma  koji omogu\u0107ava prijenos informacije, transformacije i deformacije, lako primje\u0107ujemo  da navedeni sustav nije pokretan krajnjim telosom izna\u0161anja istine na vidjelo,  nego \u010distim kinetoni\u010dkim erosom, \u010distim teku\u0107im etosom, te kroz njega zbori: <em>panta rei panta rei\u2026 pusti nek  plovi<\/em><a name=\"_ftnref134\"><\/a><a href=\"#_ftn134\"><sup>[<span style=\"font-family: 'times new roman', times;\"><strong>134<\/strong><\/span>]<\/sup><\/a> dok onkraj paravana naravno prebivaju neki posve drugotni, tu\u0111i, udaljeni teleolo\u0161ki  kozmosi kojima stoluju razni mo\u0107nici i moguli \u2013 demijurzi javnog mnijenja.<a name=\"_ftnref135\"><\/a><a href=\"#_ftn135\"><sup>[<span style=\"font-family: 'times new roman', times;\"><strong>135<\/strong><\/span>]<\/sup><\/a><\/p>\n<p class=\"MsoNormal\" style=\"line-height: 170%;\">Sli\u010dan larpurlatisti\u010dki informacijski vodotok  o\u010dituje se i pri neuronskoj plovidbi \u0161to se zbiva mozgom bez obzira na  semantiku kojom pojedini neuroni bivaju ispunjeni i bez obzira na to kakva &bdquo;misaona  be\u0161tija&ldquo; vreba u bi\u0107u koje skeletom omotava organ mozga, be\u0161tija \u010dije  djelovanje, paradoksalno, direktno uvjetuju. <\/p>\n<p class=\"MsoNormal\" style=\"line-height: 170%;\">Fenomen organa mozga kojeg sa\u010dinjava multimilijunska  &bdquo;\u010deta&ldquo; neurona i popratnih transmitera mo\u017eemo nadalje analogizirati s makro-momentom  politi\u010dkog tijela \u010diju intrinzi\u010dnu svijest, odnosno uprisu\u0107eno znanje o  vanjskome biva modificirano, pora\u0111ano i njedreno upravo putem putovanja informacija  me\u0111u atomima koji ga sa\u010dinjavaju, dakle me\u0111u antroposima \u2013 politi\u010dkim  \u017eivotinjama koje u krajnjoj liniji, pre\u017eivljavaju\u0107i u lijesu duhovno-kriti\u010dke  paralize i intencionalne nesvjesnosti, mahom uop\u0107e nisu svjesne poretka u kojem  prebivaju. Smatram da antropos nipo\u0161to nije zadovoljan &bdquo;maglom&ldquo; kojom biva hranjen  putem masovne medijov\u0161tine te pritom zapada u domene srd\u017ebe i straha \u0161to  nastupaju kao nu\u017ena posljedica neznanja i egzistencijalne tromosti, a koje nadalje   prerastaju u shizofreni\u010dnost pojedinca  pa analogno i cjelokupne epohe. Ali, doti\u010dno je nezadovoljstvo posve &bdquo;normalna&ldquo;  i kauzalna stavka s obzirom da je antropos, osim \u0161to je politi\u010dka, nesumnjivo i  semanti\u010dka, zna\u010denjska \u017eivotinja, dakle <em>zoon  semantikoon<\/em><a name=\"_ftnref136\"><\/a><a href=\"#_ftn136\"><sup>[<span style=\"font-family: 'times new roman', times;\"><strong>136<\/strong><\/span>]<\/sup><\/a> \u2013 bi\u0107e koje \u017eudi postati autonomno-bivstvuju\u0107e pri preljevu iz esencije u  egzistenciju, bi\u0107e koje po naravi hermeneuti\u010dar sebstvuju\u0107e <em>usie (\u03bf\u1f50\u03c3\u03af\u03b1). <\/em>Kao takvog, telosno  nastremljenog antroposa na putu tubitka (Heidegger) ne zadovoljava suhoparna  formalisti\u010dnost izri\u010daja koju nude masovni mediji jer te\u017ei zna\u010denju, istini,  te\u017ei smislu i cjelini, a \u0161to uglavnom nije spreman svjesno iskazati, pritom  otvaraju\u0107i potenciju razvoja mentalnih karijesa<a name=\"_ftnref137\"><\/a><a href=\"#_ftn137\"><sup>[<span style=\"font-family: 'times new roman', times;\"><strong>137<\/strong><\/span>]<\/sup><\/a> koji uglavnom bujaju u nesvjesnom okru\u017eenju pojedin\u010deve psihe, a \u010diji se  utjecaj o\u010dituje na cjelokupnu dru\u0161tvenu i &bdquo;prirodnu&ldquo; zajednicu. <\/p>\n<p class=\"MsoNormal\" style=\"line-height: 170%;\">Pitam se u kojoj je mjeri medij koji jednozna\u010dno  nahodi ranije odre\u0111enom, determinarom telosu mono-smjerne izra\u017eajnosti opravdano  nazivati medijem, sredi\u0161njakom, posrednikom, pronositeljem?  Pronositeljem koji ne poznaje dijalog nego  isklju\u010divo stremi monolo\u0161kom egomanskom sabiranju i realizaciji partikularnih  narcisti\u010dkih, materijalno bogatstvenosnih tendencija. Pronositeljem babilonskog  plamena kojeg bismo mogli nazvati i ontolo\u0161kom utvarom (Veljak). Da ne budem  odve\u0107 jednosmjeran i jednodimenzionalan napominjem da masovni medij itekako mo\u017ee  nositi i majeuti\u010dku vrijednost, da mo\u017ee biti nosioc kriti\u010dke poruke, lucidne i  blje\u0161tave, no na globalnoj skali takvi primjeri predstavljaju marginu te takvi  mediji na\u017ealost ne odre\u0111uju poredak stvari, oni &bdquo;uljezuju&ldquo; bivaju\u0107i subverzivni  entitet domenom <em>mainstreama<\/em>.<\/p>\n<p class=\"MsoNormal\" style=\"line-height: 170%;\">Promatramo li telos medijske informacije kao  intrinzi\u010dno formiranje svijesti, odnosno fa\u0161istoidno ispunjavanje svijesti  pojedinca prisutno\u0161\u0107u zadanog eksteriora makrodru\u0161tvene doga\u0111ajnosti naivno je  ne pomisliti da se takva  prezentacija prelako  iskori\u0161tava, dakle instrumentalizira u svrhu fomiranja vlastodr\u017e\u0107eve volje nad upija\u010dem  \u2013 pasivnim konzumentom informacije. U kontekstu logike to je posve  vjerodostojno, s obzirom da medijske ku\u0107e bivaju financirane mogulima obilje\u017eenima  moralnim nihilizmom s interesima isklju\u010divo financijsko-mo\u0107stvenog podrijetla.  Treba li uop\u0107e naglasiti onu narodnu kroz koju zbori  da mediji ne informiraju ve\u0107 formiraju, odnosno  deformiraju poziciju slobode, dok se  potro\u0161a\u010dki  podra\u017eaj  name\u0107e kao klju\u010dan \u010dimbenik u  globalnoj medijskoj igri?<\/p>\n<p class=\"MsoNormal\" style=\"line-height: 170%;\">\u0160to se ti\u010de same logike, te \u010duvene misaone  metode,  njezin medij uvijek je nu\u017eno  heteronoman. Iako predstavlja promi\u0161ljajni analiti\u010dki organon <em>par excellence<\/em>, telos logi\u010dkog objekta  uobi\u010dajeno je vezan za subjekt izdvojen od sebe sama, uvijek slu\u017ei tu\u0111em gospodaru,  te je utoliko, logijski gledano, pogodan izopa\u010denju i krivotvorenju.<a name=\"_ftnref138\"><\/a><a href=\"#_ftn138\"><sup>[<span style=\"font-family: 'times new roman', times;\"><strong>138<\/strong><\/span>]<\/sup><\/a>  Paradoksalno, logika \u010desto biva kori\u0161tena da  podr\u017ei <em>mythos<\/em> postoje\u0107e doksasti\u010dne  svojine nasuprot uobi\u010dajenom pozitivisti\u010dkom uvjerenju znanstvene zajednice da  nam logika donosi isklju\u010divo egzaktnost znanja i popratnu sigurnost prosudbe  nasuprot romanti\u010darske metafori\u010dke &bdquo;avetinje&ldquo;.<\/p>\n<p class=\"MsoNormal\" style=\"line-height: 170%;\">Dakle, realnost medijskog kontroliranog laboratorijskog  uvjeta u kojem opstoje logi\u010dke istine zadanog, nametnutog podrijetla u mnogome heteronomne  \u2013 umjetno isklesane, stoji nasuprot logijskom terenu koji oda\u0161ilje svjetlost  aletheie, istinosnog bitka kako i vrli Heraklit uobi\u010dava kazivati \u2013 &bdquo;jednog,  vje\u010dnog i nepropadljivog&ldquo;. Uzgred budi re\u010deno, i ovaj spis jest poku\u0161aj  medijacije izme\u0111u fenomenolo\u0161kog svijeta i demonske sokratovske aletheie,  izme\u0111u svijeta empirije i logijskog svijeta ideje (Platon) kao \u0161to i prili\u010di  filozofijskom promi\u0161ljanju sklonom razgrnjivanju magle doksasti\u010dko-dogmati\u010dnog  podrijetla. Kad ve\u0107 navodim sliku Platonovog svijeta ideja, golica me pomisao  da je medijska igra krajnja manifestacija sjene ideja pri kojoj \u010dak i fenomen  sexa koji se medijski najintenzivnije prodaje, a koji u bivstvuju\u0107ih budi  privla\u010dnost poradi svojevrsne animalne divlje prirodnosti, biva oplasti\u010den i okovan  verigom la\u017ei pritom se pretvaraju\u0107i u bezveznu, krajnje navu\u010denu fantazmu.  Dakle, pritom je o\u010dita prodaja &bdquo;sjene sjena&ldquo;.<\/p>\n<p class=\"MsoNormal\" style=\"line-height: 170%;\">Tako\u0111er bi valjalo dometnuti da masovni mediji kao svojevrsna  makrosimbolizacija i semanti\u010dki oblikovatelj, demijurg na razini politi\u010dke  zajednice, bivstvuju\u0107a tako\u0111er nahodi u <em>mythos <\/em>(<a href=\"https:\/\/en.wiktionary.org\/wiki\/%CE%BC%E1%BF%A6%CE%B8%CE%BF%CF%82#Ancient_Greek\" title=\"\u03bc\u1fe6\u03b8\u03bf\u03c2\">\u03bc\u1fe6\u03b8\u03bf\u03c2<\/a>), nasuprot Logosu (<a href=\"https:\/\/en.wiktionary.org\/wiki\/%CE%BB%CF%8C%CE%B3%CE%BF%CF%82\" title=\"wikt:\u03bb\u03cc\u03b3\u03bf\u03c2\">\u03bb\u03cc\u03b3\u03bf\u03c2<\/a>), nasuprot <em>logiji<\/em>, koju bi nominalno imala slu\u017eiti.  Tvrdim da nas izri\u010daj i utjecaj masovnih medija zabijaju u trenutak koji se  prezentira kao determinirana vje\u010dnost te pritom pasiviziraju, lucidno nude\u0107i apsolut  slobode i progresa.<\/p>\n<p class=\"MsoNormal\" style=\"line-height: 170%;\">Medij odgaja, usmjerava, medij je istovremeno i majka  i u\u010ditelj dok \u010ditatelj\/upijatelj postaje pasivni konzument ovisan o medijskoj  dojki prepunoj so\u010dnog otrova. Mladena\u010dke i <em>starena\u010dke<\/em> o\u010di narkoti\u010dki su sljubljene s ekranima TV prijemnika i &ldquo;pametnih&ldquo; telefona  tvore\u0107i jedno posvema heteronomno bi\u0107ence,  narcisti\u010dko, od-Logosa-odvojeno, udaljeno i neostvareno. No ponavljam da  iskazanu problematiku ne valja promatrati isklju\u010divo strogo i  jednodimenzionalno, te sugeriram da zamislimo situaciju pri kojoj bi iz ekrana  strujile istinosno-vrijedne informacije kroz koje zbore majeuti\u010dki, slobodarski  savjeti i putokazi sebe-ra\u0111aju\u0107eg podrijetla. Pritom primje\u0107ujemo da bi masovni  mediji itekako mogli biti iskori\u0161teni za plemenite renesansne svrhe u odnosu na  svijest i psihu bivstvuju\u0107ih.<br \/>\nMe\u0111utim, aktualna situacija projicira situaciju neprelaznog, permanentno neuru\u0161ivog  zida medijske lobotomije kroz koji vri\u0161te spoznajne zrake Svejednote a za koje  tek rijetki pojedinci imaju sluha, volje i razumijevanja.<\/p>\n<p class=\"MsoNormal\" style=\"line-height: 170%;\">Biopoliti\u010dki laboratorij u koji bivamo &bdquo;umo\u010deni&ldquo; od  ro\u0111enja bez da nas itko pita za dopu\u0161tenje glede sudjelovanja, svakodnevno  bdije i djeluje odre\u0111uju\u0107i putanje telosa svakog pojedinog bivstvuju\u0107eg.  Posredstvom biopoliti\u010dkog laboratorija dolazi do genetske modifikacije psihe bivstvuju\u0107ih  a za navedenu modifikaciju nisu potrebni egzaktno-znanstveni laboratoriji,  kute, epruvete, termometri i ostali kemi\u010darski instrumenti. Jedna od klju\u010dnih to\u010daka  instrumentarija biopoliti\u010dkog laboratorija<a name=\"_ftnref139\"><\/a><a href=\"#_ftn139\"><sup>[<span style=\"font-family: 'times new roman', times;\"><strong>139<\/strong><\/span>]<\/sup><\/a> jest upravo medijska lobotomija \u2013 \u00ad meta-kolijevka u kojoj mase bivaju  uzibavane i uspavljivane, odnosno kroz koju se doti\u010dne najefikasnije  lobotomiziraju. Sa \u017ealo\u0161\u0107u i krvavim cinizmom pitam se: je li poradi ra\u0111anja  navedene situacije  veliki Tesla provodio  sate i sate na usavr\u0161avanju prijenosa elektri\u010dne energije?<\/p>\n<p class=\"MsoNormal\" style=\"line-height: 170%;\">Sada dolazimo do jo\u0161 jednog zanimljivog i u mnogome  problemati\u010dnog detalja. Naime, organizmi\u010dka jedinstvenost globalizacije<a name=\"_ftnref140\"><\/a><a href=\"#_ftn140\"><sup>[<span style=\"font-family: 'times new roman', times;\"><strong>140<\/strong><\/span>]<\/sup><\/a>,  povezana i pora\u0111ana medijima, pod paljbom senzacionalisti\u010dkih informacija i <em>clickbaitova,<\/em> s jedne strane zapada u shizofreni\u010dnost  i nesigurnost, u srd\u017ebu i strah koji se nadalje \u0161ire u mikro-medijskoj  situaciji me\u0111uljudske komunikacije i odno\u0161enja u zajednici. No s druge strane  mediji kao svojevrsni krvo\u017eilni sustav tog organizmi\u010dkog meta-komunikacijskog svijeta  prepun otrova, la\u017ei i obmana, pomalo kontradiktorno ali ipak  pridonose stabilnosti te heteronomne  organizmi\u010dnosti zvane &bdquo;suvremeni svijet&ldquo;. Provode\u0107i svojevrsnu opijumsku terapiju,  perverzno potaknutu samim medijskim shizofreniziranje,<a name=\"_ftnref141\"><\/a><a href=\"#_ftn141\"><sup>[<span style=\"font-family: 'times new roman', times;\"><strong>141<\/strong><\/span>]<\/sup><\/a> ipak ju odr\u017eavaju od zapadanja u posvema\u0161nji kaos i bezna\u0111e.<\/p>\n<p class=\"MsoNormal\" style=\"line-height: 170%;\">Naime, medijsko bombardiranje koje vje\u0161to i uspje\u0161no  poti\u010de shizofreni\u010dnost \u2013 umni rascjep bivstvuju\u0107ih, posredstvom \u0161irenja  paranoidnih strahova i filmova izre\u017eiranih od strane &bdquo;sive ruke&ldquo; \u00ad\u2013 pohlepom i  la\u017eofilno\u0161\u0107u pokretanih, u izopa\u010denom dijalekti\u010dnom plesu istovremeno nudi i  lobotomi\u010dnu terapiju jednaku onoj koju predstavnici psihijatrijske bran\u0161e provode  prekomjernom terapijom psihofarmacima spram patnika psihe.<\/p>\n<p class=\"MsoNormal\" style=\"line-height: 170%;\">Pa, tako nakon dugogodi\u0161njeg opijumskog masovno-medijskog  tretmana bivstvuju\u0107e postaje podlo\u017enuju\u0107e i \u010dini se da vi\u0161e ne potrebuje  istinu. \u010cini se da mu ona slu\u017ei kao drago-kameni oka\u010dak intelektualnoj eliti, \u010dini  se da podlo\u017eno \u0161tuje la\u017e i hrani se njome kao najsla\u0111im nektarom.<\/p>\n<p class=\"MsoNormal\" style=\"line-height: 170%;\">Jednako kao \u0161to mnoge osobe pod utjecajem visoke  milograma\u017ee psihofarmaka brazde po javi, neurona usmjerenih na osnovne funkcije   jedenja, spavanja i pra\u017enjenja, tako i  nekriti\u010dki nastrojen konzument medijske igre postaje taocem medijske mre\u017ee  heteronomnog telosa. Zapitajmo se ima li konzument izbora, ima li ikakve \u0161anse  za komunikaciju, za izno\u0161enje misli, kritika, nezadovoljstava, da sudjeluje u dijalogu  kao punopravna sastavnica informacijskog medijskog organizma? Ima li \u0161ansu  postati autonomnim sebe-medijem, u narodu popularno kazivano \u2013 neovisnim?!?? Naravno  da ima, samo mora izvu\u0107i glavu iz pijeska nekriti\u010dnosti i umne relativnosti i  po\u010deti promi\u0161ljati filozofski-kriti\u010dki, dakle aktualizirati sebe-ro\u0111enje iz  &bdquo;svete vode&ldquo; <em>sofie <\/em>(<a href=\"https:\/\/en.wiktionary.org\/wiki\/%CF%83%CE%BF%CF%86%CE%AF%CE%B1\" title=\"wikt:\u03c3\u03bf\u03c6\u03af\u03b1\">\u03c3\u03bf\u03c6\u03af\u03b1<\/a>),  prihva\u0107aju\u0107i vlastite mane i otkrivaju\u0107i metode i putanje za njihovo  nadila\u017eenje. I odista \u2013 informacija i &bdquo;znanje&ldquo;, preciznije <em>doxa<\/em> (\u03b4\u03cc\u03be\u03b1)  koja biva odr\u017eavana medijokracijom predstavlja svojevrsnu terapiju  bivstvuju\u0107ima li\u0161enima kriti\u010dkog mi\u0161ljenja te se valja zapitati trebamo li  uop\u0107e biti okrutni i nastojati izmijeniti taj istinosno-crvoto\u010dni, istinosno-  falsifikatorni u\u010dinak \u0161to ga mediji siju spram ljudske psihe? Smatram da je  odgovor apsolutno negativan, i to ne samo iz razloga  \u0161to medijska igra apriorno pronosi shizofreni\u010dne  strahove i paranoje, ve\u0107 i stoga \u0161to smatram da je rudimentarna onti\u010dka  kategorija koja krasi ovu na\u0161u \u010dudnjikavu vrstu antroposa upravo autonomno sebe-ra\u0111aju\u0107i  proces kroz ni\u0161u svjetlosti harmonije Svejednote nasuprot kojeg mediji djeluju  posvema heteronomno, bude\u0107i virus sebi\u010dajnog narcizma i pritom onemogu\u0107uju\u0107i aktualizaciju  navedene intrinzi\u010dne \u0107udi vrste antroposa.<\/p>\n<p class=\"MsoNormal\" style=\"line-height: 170%;\">Ponavljam da je medijski moment &bdquo;Velikog brata&ldquo;, odnosno  elektronskog svevide\u0107eg meritornog oka &bdquo;boga \u017eice&ldquo; koji sve i svo smjelo  promatra posve logi\u010dna stavka, ali nipo\u0161to nije logijska, uzmemo li logiju  zborom istine \u2013 jedne vje\u010dne i nepropadljive (Heraklit). A upravo je arhetipski  sediment logije taj koji vrije u svakome od nas koji mislimo kriti\u010dki  nastrojenom glavom, upravo je on eros koji tjera da probijamo kroz zidove, da  probijamo tu nemilosrdnu logiku medijskog lobotomi\u010dnog izri\u010daja, upravo nas on  nagoni da postanemo medij izme\u0111u sokratovskog demonskog svijeta istinosne ideje  i ovog heteronomno izmodeliranog &bdquo;svijeta&ldquo; ljubavi, blagostanja, krvi i  kapitalizma. Upravo nas on nagoni da filozofiramo, da kritiziramo, da  spoznajemo, evoluiramo i napredujemo.<\/p>\n<p class=\"MsoNormal\" style=\"line-height: 170%;\">Pitam se je li tra\u017eiti istinu u medijima zahtjev za <em>ex pumice aquam<\/em> (iz kamena stvarati vodu)  ? Alkemijska filozofijska igra zahtjeva upravo to: izna\u0107i istinu u svakoj  pojedinoj mitolo\u0161koj magli svega i u svemu, po sebi i iz sebe (Spinoza). Rudimentarna  je zada\u0107a filozofijske igre da iz tmine nekre\u0107u\u0107eg usijanja porodimo svjetlost  spoznaje, empatije i Svejednote.<\/p>\n<p class=\"MsoNormal\" style=\"line-height: 170%;\">Tvrdim da su temeljni strahovi suvremenog \u010dovjeka oni  od istine i slobode, a filozofija nudi upravo oba pola kao fundamentum  teleologi\u010dnosti discipline te je s toga jama\u010dno medijski  neinteresantna\/irelevantna. S druge strane, kao \u0161to sam ve\u0107 ranije naveo,  medijska dojka nudi mahom neslobodu i la\u017e te kao takva predstavlja svojevrsni  kategorijalni animozant filozofiji. Pritom filozofiju ne uzimam u pitagorovskom  isklju\u010divo promatra\u010dkom ili pak hegelovskom minervisti\u010dkom, ili pak  terminolo\u0161ko-onanisti\u010dkom postmodernisti\u010dkom smislu, nego je promatram kao  djelatnu silu spremnu bivanja povijesnim obr(a)tnikom duha, odnosno  omogu\u0107avateljem evolucije nasuprot bezli\u010dnom mesijanstvu revolucije \u010diji  produkt redovito izostaje na mapi povijesnosti a koji slu\u017ei za feti\u0161iziranje i  falsificiranje intrinzi\u010dno kvalitetnih i progresivnih ideja. Pritom filozofiju  uzimam kao eminentno hermeneuti\u010dki medij, kao logijsko mostovlje te istovremeno  i eroteti\u010dki poticaj (Bjelica) na ra\u0111anje mi\u0161ljenja samog, a koje buja uz  plamen satire &bdquo;ple\u0161u\u0107eg duha&ldquo; (Nietzsche).<\/p>\n<p class=\"MsoNormal\" style=\"line-height: 170%;\">Nagla\u0161avam da je jedina potencijalna opozicija i  alternativa navedenoj aktualnoj namje\u0161tenosti mnijenja, dakle determiniranosti medijske  igre ta da svatko od nas postane medij istine, da u sebi osvijesti svjetionik  istine, da bude kriti\u010dar i satiri\u010dar anti-alethejske, anti-istinosne jave, da  svatko od nas bude filozof. Ne u smislu isklju\u010divo  terminolo\u0161kog onaniranja i historijske &bdquo;referomanske deontike&ldquo; ve\u0107 direktnog  praxisnog<a name=\"_ftnref142\"><\/a><a href=\"#_ftn142\"><sup>[<span style=\"font-family: 'times new roman', times;\"><strong>142<\/strong><\/span>]<\/sup><\/a> djelovanja koje zapo\u010dinje u misli bivstvuju\u0107ih a prelazi u govor i djelovanje. <\/p>\n<p class=\"MsoNormal\" style=\"line-height: 170%;\">Za\u010du\u0111uje \u010dinjenica posvema\u0161nje narcisti\u010dnosti i  snobisti\u010dnosti epohe bivstvuju\u0107ih koji pri svakom doga\u0111aju u njihovoj bli\u017eoj i  daljoj okolici primje\u0107uju i ubacuju vlastito &bdquo;veli\u010danstvo sebstva&ldquo;, a koji  istovremeno ne vjeruju da svako na\u0161e sebstvo nosi potenciju bivanja medijem  svjetlosti filozofije i utoliko nadila\u017eenja postoje\u0107e medijske fa\u0161izacije. Dakako  da narcis pritom nije svjestan da putem masovnih medija i utjecaja koji oni  vr\u0161e na psihu svako od nas postaje nastavlja\u010d, dakle karika lanca lobotomije  koja nadalje zajednicom bivstvuju\u0107ih  proslje\u0111uje  kroz-medije-upijano tkivo.<\/p>\n<p class=\"MsoNormal\" style=\"line-height: 170%;\">Namjesto zaklju\u010dka, pitam se je li na\u0161a \u010dudnovata  vrsta satkana od bi\u0107a istine, bi\u0107a prisutnosti sa svjetlo\u0161\u0107u Svejednote ili pak  od simulirane nakupine krvi i mesa namijenjene odlaganju proizvoljnih floskula  i uvjerenja? Naravno da smo satkani od prvonavedenog, ta mi bi\u0107a smo  spoznajnog prekora\u010denja, bi\u0107a koja kreiraju  istinu, koja joj daju puno\u0107u i smisao. Mi smo istina sama i vrijeme je da  spoznamo tu tajnu tzv. nad\u010dovje\u0161tva<a name=\"_ftnref143\"><\/a><a href=\"#_ftn143\"><sup>[<span style=\"font-family: 'times new roman', times;\"><strong>143<\/strong><\/span>]<\/sup><\/a>,  da odagnemo iluziju nametnutnog falsificiranog humanizma i odista po\u010dnemo  egzistirati, izlaziti iz domene <em>seina<\/em> u domenu <em>sollena<\/em><a name=\"_ftnref144\"><\/a><a href=\"#_ftn144\"><sup>[<span style=\"font-family: 'times new roman', times;\"><strong>144<\/strong><\/span>]<\/sup><\/a> a kako bismo razgrnuli veo la\u017ei \u0161to zamra\u010duje bitak Svejednote. Mi jesmo medij  Logosa (<a href=\"https:\/\/en.wiktionary.org\/wiki\/%CE%BB%CF%8C%CE%B3%CE%BF%CF%82\" title=\"wikt:\u03bb\u03cc\u03b3\u03bf\u03c2\">\u03bb\u03cc\u03b3\u03bf\u03c2<\/a>), te koliko god  situacija trenutno djelovala neizlazno i utvr\u0111eno, nikakva nas heteronomna  medijska lobotomija ne mo\u017ee evolucijski isklesati u instrument, u nesvjesni  atom istinosne crvoto\u010dine udaljen od potencije hermeneutike sebe-tekstja. Kako  god okrenemo, &bdquo;svjetlost Logosa&ldquo; u kona\u010dnici vazda pobje\u0111uje i vazda se nanovo  dijalekti\u010dki ra\u0111a i umire (Heraklit) u kolopletu cirkularne vje\u010dnosti povijesti,  a \u0161to aktualna masovna medijov\u0161tina nipo\u0161to ne mo\u017ee nihilizirati.<\/p>\n<p class=\"MsoNormal\" style=\"line-height: 150%;\">&nbsp;<\/p>\n<hr align=\"left\" size=\"1\" width=\"33%\" \/>\n<div id=\"ftn130\">\n<p class=\"MsoNormal\" style=\"line-height: 150%;\"><span style=\"font-size: 8.0pt;\"><a name=\"_ftn130\"><\/a><a href=\"#_ftnref130\"><sup>[<span style=\"font-family: 'times new roman', \ntimes;\"><strong>130<\/strong><\/span>]<\/sup><\/a>&nbsp;<br \/>\nLogos (<a href=\"https:\/\/en.wiktionary.org\/wiki\/%CE%BB%CF%8C%CE%B3%CE%BF%CF%82\" title=\"wikt:\u03bb\u03cc\u03b3\u03bf\u03c2\">\u03bb\u03cc\u03b3\u03bf\u03c2<\/a>) uzimam u Heraklitovom izri\u010dajnom kontekstu, dakle  u kontekstu dijalekti\u010dkog jezika evolucije, odnosno univerzalne istine  svekolikog kozmosa. Zbog univerzalne relevancije i &bdquo;sve\u010danosti&ldquo; semantona,  odlu\u010dujem se koristiti velikim po\u010detnim slovom.<\/p>\n<p><\/span><\/p>\n<\/div>\n<div id=\"ftn131\">\n<p class=\"MsoNormal\" style=\"line-height: 150%;\"><span style=\"font-size: 8.0pt;\"><a name=\"_ftn131\"><\/a><a href=\"#_ftnref131\"><sup>[<span style=\"font-family: 'times new roman', \ntimes;\"><strong>131<\/strong><\/span>]<\/sup><\/a>&nbsp;<br \/>\nAludiram na McLuhanovu sintagmu  &bdquo;medij je poruka&ldquo; te je izvr\u0107em u &bdquo;medij je grobnica&ldquo;. Pritom iznosim i  blistavu sintagmu kolege Dine Jerkovi\u0107a koji je u navedenom kontekstualnom  tonusu izjavio: &bdquo;medij je oporuka&ldquo;.<\/p>\n<p><\/span><\/p>\n<\/div>\n<div id=\"ftn132\">\n<p class=\"MsoNormal\" style=\"line-height: 150%;\"><span style=\"font-size: 8.0pt;\"><a name=\"_ftn132\"><\/a><a href=\"#_ftnref132\"><sup>[<span style=\"font-family: 'times new roman', \ntimes;\"><strong>132<\/strong><\/span>]<\/sup><\/a>&nbsp;<br \/>\nOpse\u017enije o fenomenu Svejednote  vidi u: Luka Jane\u0161, &bdquo;Paradogma of Psychic Entropy of  Evil and palingenesis of All-Oneness&ldquo;, <em>Synthesis Philosophica<\/em> 63 (1\/2017) str.  31-50. U kratkim crtama iskazano, Svejednota semanti\u010dki obujmljuje cjelokupnu  ekvilibrijsku zajednicu bioti\u010dkog i abioti\u010dkog organizma kozmosa, najbanalnije  iskazano \u2013 evoluciju. U partikularnom kontekstu ovog \u010dlanka autor ima u vidu  apsolut mereolo\u0161ke atomarnosti medijskog cirkulariteta, nadalje cjelokupnost  sastavnica politi\u010dkog organizma koji biva odr\u017eavan upravo putem medija.<\/p>\n<p><\/span><\/p>\n<\/div>\n<div id=\"ftn133\">\n<p class=\"MsoNormal\" style=\"line-height: 150%;\"><span style=\"font-size: 8.0pt;\"><a name=\"_ftn133\"><\/a><a href=\"#_ftnref133\"><sup>[<span style=\"font-family: 'times new roman', \ntimes;\"><strong>133<\/strong><\/span>]<\/sup><\/a>&nbsp;<br \/>\nO fenomenu aletheie najiscrpnije  filozofira Martin Heidegger te se pri kori\u0161tenu zadanog termina referiram na  semanton navedenog filozofa.<br \/>\n<\/span><\/p>\n<\/div>\n<div id=\"ftn134\">\n<p class=\"MsoNormal\" style=\"line-height: 150%;\"><span style=\"font-size: 8.0pt;\"><a name=\"_ftn134\"><\/a><a href=\"#_ftnref134\"><sup>[<span style=\"font-family: 'times new roman', \ntimes;\"><strong>134<\/strong><\/span>]<\/sup><\/a>&nbsp;<br \/>\nAluzija na uzre\u010dicu koja se  kontekstualno pripisuje Heraklitu, iako je doti\u010dni nije izrazio navedenim  rije\u010dima.<\/p>\n<p><\/span><\/p>\n<\/div>\n<div id=\"ftn135\">\n<p class=\"MsoNormal\" style=\"line-height: 150%;\"><span style=\"font-size: 8.0pt;\"><a name=\"_ftn135\"><\/a><a href=\"#_ftnref135\"><sup>[<span style=\"font-family: 'times new roman', \ntimes;\"><strong>135<\/strong><\/span>]<\/sup><\/a>&nbsp;<br \/>\nNavedena dijagnoza heteronomije  koja biva pora\u0111ana od strane medija i nije neka reformativna novina, te na pregr\u0161t  raznorodnih razina imamo priliku slu\u0161ati rasprave o formativnosti i  lobotomi\u010dnosti, o momentu bodrijarovskog pretakanja simulakruma u zbilju, no  pomislih, \u0161to se ne bih i ja priklju\u010dio skupini i jo\u0161  dublje zarijo kriti\u010dku sablju u srce te  uzjapurene medijske kimere, jo\u0161 pokojom metafori\u010dkom slikom nastojao uprisutiti  tkivo igre u koju svi bivamo umo\u010deni kao keks u mlijeko, s namjerom da nas se  &bdquo;pro\u017edire&ldquo; za doru\u010dak.<\/p>\n<p><\/span><\/p>\n<\/div>\n<div id=\"ftn136\">\n<p class=\"MsoNormal\" style=\"line-height: 150%;\"><span style=\"font-size: 8.0pt;\"><a name=\"_ftn136\"><\/a><a href=\"#_ftnref136\"><sup>[<span style=\"font-family: 'times new roman', \ntimes;\"><strong>136<\/strong><\/span>]<\/sup><\/a>&nbsp;<br \/>\nAluzija na Aristotelovu sintagmu <em>zoon politikon <\/em>(\u03b6\u1ff7\u03bf\u03bd \u03c0o\u03bb\u03b9\u03c4\u03b9\u03ba\u03cc\u03bd).<br \/>\n<\/span><\/p>\n<\/div>\n<div id=\"ftn137\">\n<p class=\"MsoNormal\" style=\"line-height: 150%;\"><span style=\"font-size: 8.0pt;\"><a name=\"_ftn137\"><\/a><a href=\"#_ftnref137\"><sup>[<span style=\"font-family: 'times new roman', \ntimes;\"><strong>137<\/strong><\/span>]<\/sup><\/a>&nbsp;<br \/>\nMentalni karijes je metafori\u010dka  sintagma koja upu\u0107uje na mikro-momente srd\u017ebe i straha koje svako bivstvuju\u0107e barem  povremeno osje\u0107a, a koje lako s vremenom metamorfiziraju u sve ve\u0107e aporije \u0161to  zahva\u0107aju \u010ditavu psihu pojedinca, sli\u010dno kao \u0161to dentalni karijes, ukoliko se  pravovremeno ne tretira, s vremenom utje\u010de na ekvilibrij \u010ditavog organizma  bivstvuju\u0107eg.<\/p>\n<p><\/span><\/p>\n<\/div>\n<div id=\"ftn138\">\n<p class=\"MsoNormal\" style=\"line-height: 150%;\"><span style=\"font-size: 8.0pt;\"><a name=\"_ftn138\"><\/a><a href=\"#_ftnref138\"><sup>[<span style=\"font-family: 'times new roman', \ntimes;\"><strong>138<\/strong><\/span>]<\/sup><\/a>&nbsp;<br \/>\nU distinktivnom modulu, nasuprot  logike kao heteronomne kategorije, name\u0107e se logija kao izvorni jezik Logosa (<a href=\"https:\/\/en.wiktionary.org\/wiki\/%CE%BB%CF%8C%CE%B3%CE%BF%CF%82\" title=\"wikt:\u03bb\u03cc\u03b3\u03bf\u03c2\">\u03bb\u03cc\u03b3\u03bf\u03c2<\/a>), dakle evolucije, s potencijom  sebera\u0111aju\u0107e su\u0161ti koja nosi kvalitetu konstitutivnosti nasuprot logi\u010dke  isklju\u010dive regulativnosti. Kant u svojoj prvoj kritici intenzivno promi\u0161lja u  prilog tezi da je analiti\u010dka metodologija isklju\u010divo regulativna, nasuprot  konstitutivnosti sinteti\u010dke metode.<\/p>\n<p><\/span><\/p>\n<\/div>\n<div id=\"ftn139\">\n<p class=\"MsoNormal\" style=\"line-height: 150%;\"><span style=\"font-size: 8.0pt;\"><a name=\"_ftn139\"><\/a><a href=\"#_ftnref139\"><sup>[<span style=\"font-family: 'times new roman', \ntimes;\"><strong>139<\/strong><\/span>]<\/sup><\/a>&nbsp;<br \/>\nOsim medijske lobotomije, kao  temeljne instrumente biopoliti\u010dkog laboratorija u kontekstu genetskog  modificiranja psihe uzimam abioeti\u010dku edukaciju obrazovnog sustava,  konzumeristi\u010dku maniju i prekomjerno propisivanje psihofarmaka pod blagoslovom  psihijatrijske industrije.<\/p>\n<p><\/span><\/p>\n<\/div>\n<div id=\"ftn140\">\n<p class=\"MsoNormal\" style=\"line-height: 150%;\"><span style=\"font-size: 8.0pt;\"><a name=\"_ftn140\"><\/a><a href=\"#_ftnref140\"><sup>[<span style=\"font-family: 'times new roman', \ntimes;\"><strong>140<\/strong><\/span>]<\/sup><\/a>&nbsp;<br \/>\nUzor za promi\u0161ljanje organizmi\u010dke  jedinstvenosti autor pronalazi u mislima slovenskog filozofa Matja\u017ea Potr\u010da,  Vidi: Matja\u017e Potr\u010d, <em>Pojave i psihologija<\/em>, Lara, Zagreb 2017.<\/p>\n<p><\/span><\/p>\n<\/div>\n<div id=\"ftn141\">\n<p class=\"MsoNormal\" style=\"line-height: 150%;\"><span style=\"font-size: 8.0pt;\"><a name=\"_ftn141\"><\/a><a href=\"#_ftnref141\"><sup>[<span style=\"font-family: 'times new roman', \ntimes;\"><strong>141<\/strong><\/span>]<\/sup><\/a>&nbsp;<br \/>\nItekako je poznata i na pregr\u0161t  razina prisutna taktika odr\u017eavanja bolesti kako bi se prodavao lijek protiv  iste.<br \/>\n<\/span><\/p>\n<\/div>\n<div id=\"ftn142\">\n<p class=\"MsoNormal\" style=\"line-height: 150%;\"><span style=\"font-size: 8.0pt;\"><a name=\"_ftn142\"><\/a><a href=\"#_ftnref142\"><sup>[<span style=\"font-family: 'times new roman', \ntimes;\"><strong>142<\/strong><\/span>]<\/sup><\/a>&nbsp;<br \/>\nPritom ne mislim isklju\u010divo na  praxis filozofski pokret i Kangrginu sublimaciju \u010detiri Aristotelove kategorije <em>techne, theoria, poiesis i praxis<\/em> u  jedinsteni <em>praxis<\/em>, ve\u0107 na  penetrativni kozmi\u010dki izboj koji mijenja povijest svijeta razbistruju\u0107i ga i  pro\u0161iruju\u0107i, pretvaraju\u0107i ga u medij slobode i mogu\u0107nosti.<\/p>\n<p><\/span><\/p>\n<\/div>\n<div id=\"ftn143\">\n<p class=\"MsoNormal\" style=\"line-height: 150%;\"><span style=\"font-size: 8.0pt;\"><a name=\"_ftn143\"><\/a><a href=\"#_ftnref143\"><sup>[<span style=\"font-family: 'times new roman', \ntimes;\"><strong>143<\/strong><\/span>]<\/sup><\/a>&nbsp;<br \/>\nAluzija na Nietzcheove misli  iznesene u &bdquo;Zaratustri&ldquo;<em>.<\/em><\/p>\n<p><\/span><\/p>\n<\/div>\n<div id=\"ftn144\">\n<p class=\"MsoNormal\" style=\"line-height: 150%;\"><span style=\"font-size: 8.0pt;\"><a name=\"_ftn144\"><\/a><a href=\"#_ftnref144\"><sup>[<span style=\"font-family: 'times new roman', \ntimes;\"><strong>144<\/strong><\/span>]<\/sup><\/a>&nbsp;<br \/>\nAluzija na Kangrgine misli u  kontekstu njegove analize Kantove druge kritike.<\/p>\n<p><\/span><\/p>\n<\/div>\n<p class=\"MsoNormal\" style=\"line-height: 150%;\">&nbsp;<\/p>\n<p class=\"MsoNormal\" style=\"line-height: 170%;\"><strong>Literatura:<\/strong><\/p>\n<p class=\"MsoNormal\" style=\"line-height: 170%;\">Dra\u0161ko Bjelica, <em>Epileme<\/em> \u2013 <em>Problem  odnosa filosofskih pitanja i filosofskih odgovora na pragu paneroti\u010dkih  filosofskih istra\u017eivanja<\/em>, Sven, Ni\u0161 2008.<\/p>\n<p class=\"MsoNormal\" style=\"line-height: 170%;\">Martin Heidegger, <em>Izvor umjetni\u010dkog djela, <\/em>AGM, Zagreb  2010.<\/p>\n<p class=\"MsoNormal\" style=\"line-height: 170%;\">Heraklit, <em>Svjedo\u010danstva i fragmenti<\/em>, Matica  hrvatska, Zagreb 1951.<\/p>\n<p class=\"MsoNormal\" style=\"line-height: 170%;\">Luka Jane\u0161, &bdquo;Paradogma of Psychic Entropy of  Evil and palingenesis of All-Oneness&ldquo;, <em>Synthesis Philosophica<\/em> 63 (1\/2017) str.  31-50. <\/p>\n<p class=\"MsoNormal\" style=\"line-height: 170%;\">Milan Kangrga, <em>Etika \u2013 osnovni  problemi i pravci<\/em>, Golden marketing, Tehni\u010dka knjiga, Zagreb 2004.<\/p>\n<p class=\"MsoNormal\" style=\"line-height: 170%;\">Imanuel Kant, <em>Kritika \u010distog uma<\/em>,  Dereta, Beograd 2012.<\/p>\n<p class=\"MsoNormal\" style=\"line-height: 170%;\">Marshall McLuhan, <em>Razumijevanje  medija: mediji kao \u010dovjekovi produ\u017eeci; <\/em>Golden Marketing-Tehni\u010dka knjiga, Zagreb 2008.<\/p>\n<p class=\"MsoNormal\" style=\"line-height: 170%;\">Friedrich Nietzsche, <em>Tako  je govorio Zaratustra, <\/em>Ve\u010dernji edicija, Zagreb 2009.<\/p>\n<p class=\"MsoNormal\" style=\"line-height: 170%;\">Friedrich Nietzsche, <em>Ljudsko  odvi\u0161e ljudsko \u2013 Kniga za slobodne duhove, vol.1<\/em>, Demetra, Zagreb 2012.<\/p>\n<p class=\"MsoNormal\" style=\"line-height: 170%;\">Matja\u017e Potr\u010d, <em>Pojave i psihologija<\/em>, Lara, Zagreb 2017.<\/p>\n<p class=\"MsoNormal\" style=\"line-height: 150%;\">&nbsp;<\/p>\n<p style=\"text-align: center;\" align=\"center\"><strong> <span style=\"font-size: 13.0pt; line-height: 150%;\">Truth-Bearing Wormhall of the Media<\/span><\/strong><\/p>\n<p class=\"MsoNormal\" style=\"line-height: 150%;\">&nbsp;<\/p>\n<p style=\"margin: 0cm 48.6pt 0.0001pt 54pt; line-height: 170%;\"><em><strong>Abstract<\/strong><\/em><\/p>\n<p class=\"MsoBodyText\" style=\"margin-top: 0cm; margin-right: 48.6pt; margin-bottom: .0001pt; margin-left: 54.0pt; line-height: 150%;\"><span style=\"font-size: 12.0pt; line-height: 150%; font-family: 'Times New Roman';\" lang=\"SR\">&nbsp;<\/span><\/p>\n<p class=\"MsoBodyText\" style=\"margin-top: 0cm; margin-right: 48.6pt; margin-bottom: .0001pt; margin-left: 54.0pt; line-height: 170%;\"><em>Truth-bearing Wormhole of the Media Metaphoric title of this article is semantically pointing towards the phaenomenon of fissure in the truth-networks during the process of information transmittance via media, and also towards the troublesome progressive potentiality of the doxastic matrix of delusion regarding the beingfull aletheia projected by the media in relation to the reality of the beings. I claim that the antropos is situated in the era a priori marked by the complete relativity of the necessity of telling the truth. As the most evident phenomenological platform and the vindictive asylum of given ethosation in macro-social context, mass media is the ultimate example. Main questions of will be: is the deciphering of the truth the meritum of media game, or is it perhaps the larpurlatistic dissemination of large amount of information, and also whether we need the truth in order to preserve human species. As an analogy for the described context, I am using the example of transmission of the neuron \u201catoms\u201d, whose core of the telos is travelling through the brain regardless of the content with which it is filled.<\/em><\/p>\n<p class=\"MsoBodyText\" style=\"margin-top: 0cm; margin-right: 48.6pt; margin-bottom: .0001pt; margin-left: 54.0pt; line-height: 170%;\">&nbsp;<\/p>\n<p style=\"margin: 0cm 48.6pt 0.0001pt 54pt; line-height: 170%;\"><strong><em>Key words:<\/em><\/strong> <em>Logos, biopolitical laboratory, truth, media lobotomy, god of wire, hermeneutics, mental caries.<\/em><\/p>\n<p class=\"MsoNormal\" style=\"line-height: 150%;\"><span lang=\"SR\">&nbsp;<\/span><\/p>\n<p><a name=\"9inmediasres13\"><\/a><\/p>\n<p class=\"MsoNormal\" style=\"line-height: 150%;\"><span lang=\"SR\">&nbsp;<\/span><\/p>\n<hr \/>\n<table style=\"width: 755px;\" border=\"0\">\n<tbody>\n<tr>\n<td style=\"width: 215px;\" valign=\"top\"><img loading=\"lazy\" decoding=\"async\" class=\" alignleft size-full wp-image-327\" style=\"float: left;\" src=\"https:\/\/centar-fm.org\/inmediasres\/wp-content\/uploads\/sites\/2\/2018\/09\/inmediasresno1malo13to.png\" alt=\"inmediasresno13malo\" width=\"70\" height=\"103\" \/><\/p>\n<p class=\"MsoNormal\" style=\"line-height: 170%;\">\n <strong>&nbsp;7(13)#20 2018<\/strong> <\/p>\n<\/td>\n<td style=\"width: 315px;\" valign=\"top\">\n<p style=\"line-height: 170%; text-align: center;\">\n<a rel=\"license\" href=\"http:\/\/creativecommons.org\/licenses\/by-nc\/4.0\/\"><img decoding=\"async\" alt=\"Creative Commons licenca\" style=\"border-width:0\" src=\"https:\/\/i.creativecommons.org\/l\/by-nc\/4.0\/88x31.png\" \/><\/a><br \/>\u010casopis je otvorenog pristupa, a ovo djelo je dano na kori\u0161tenje pod licencom <a rel=\"license\" href=\"http:\/\/creativecommons.org\/licenses\/by-nc\/4.0\/\"><strong>Creative Commons Imenovanje-Nekomercijalno 4.0 me\u0111unarodna.<\/strong><\/a><\/p>\n<\/td>\n<td valign=\"top\">\n<p style=\"text-align: right; line-height: 150%;\" align=\"center\"><strong>UDK 005.96327.8:316.7<\/p>\n<p>Pregledni \u010dlanak<\/p>\n<p>Review article<\/p>\n<p>Primljeno: 12.12.2017.<\/strong><\/p>\n<\/td>\n<\/tr>\n<\/tbody>\n<\/table>\n<p class=\"MsoNormal\" style=\"line-height: 150%;\">&nbsp;<\/p>\n<p class=\"MsoNormal\" style=\"line-height: 150%;\">&nbsp;<\/p>\n<p class=\"MsoNormal\" style=\"text-align: center; line-height: 150%;\" align=\"center\"><span style=\"font-size: 15.0pt; line-height: 150%;\">Nina O\u017eegovi\u0107<\/span><\/p>\n<p style=\"text-align: center; line-height: 150%;\" align=\"center\">nozegovic@hrstud.hr<\/p>\n<p>nina.ozegovic@zg.t-com.hr\n<\/p>\n<p style=\"text-align: center;\" align=\"center\"><strong> <span style=\"font-size: 16.0pt; line-height: 150%;\">(Ne)vjerodostojnost medijske reprezentacije kulture: <br \/>\nod politi\u010dke manipulacije do strategije skandala<\/span><\/strong><\/p>\n<p style=\"text-align: center; line-height: 150%;\" align=\"center\"><a href=\"http:\/\/www.centar-fm.org\/inmediasres\/images\/pdf\/13\/N. Ozegovic, (Ne)vjerodostojnost medijske reprezentacije kulture, od politicke....pdf\"><strong><span style=\"color: #DC0101; font-size: 8.0pt;\"><br \/>\nPuni tekst: pdf (358 KB), Hrvatski, Str. 2101 &#8211; 2114<br \/>\n<\/span><\/strong><\/a><\/p>\n<p class=\"MsoNormal\" style=\"line-height: 150%;\">&nbsp;<\/p>\n<p style=\"margin: 0cm 48.6pt 0.0001pt 54pt; line-height: 170%;\"><strong><em>Sa\u017eetak<\/em><\/strong><\/p>\n<p class=\"MsoBodyText\" style=\"margin-top: 0cm; margin-right: 48.6pt; margin-bottom: .0001pt; margin-left: 54.0pt; line-height: 150%;\"><span style=\"font-size: 12.0pt; line-height: 150%; font-family: 'Times New Roman';\" lang=\"SR\">&nbsp;<\/span><\/p>\n<p class=\"MsoBodyText\" style=\"margin-top: 0cm; margin-right: 48.6pt; margin-bottom: .0001pt; margin-left: 54.0pt; line-height: 170%;\"><em>Rad analizira medijsku reprezentaciju kulturnih sadr\u017eaja u Hrvatskoj u doba tranzicije s posebnim naglaskom na selektivnost i ideolo\u0161ku obojenost, te tr\u017ei\u0161nu uvjetovanost tih sadr\u017eaja u masovnim tiskanim medijima. Rad utvr\u0111uje da proces preoblikovanja medijskih sadr\u017eaja prolazi kroz tri faze, te da svaka faza donosi nove modele, mehanizme i na\u010dela u prezentiranju kulture na stranicama tiska. Ti novi modeli kre\u0107u se od modela politi\u010dke manipulacije kulturnim sadr\u017eajima i sotonizacije pojedinca preko strategije skandala do medijske inscenacije i teatralizacije zbilje \u0161to utje\u010de na (ne)vjerodostojnost informacija i kreiranje javnog mnijenja.<\/em><\/p>\n<p class=\"MsoBodyText\" style=\"margin-top: 0cm; margin-right: 48.6pt; margin-bottom: .0001pt; margin-left: 54.0pt; line-height: 170%;\">&nbsp;<\/p>\n<p style=\"margin: 0cm 48.6pt 0.0001pt 54pt; line-height: 170%;\"><strong><em>Klju\u010dne rije\u010di:<\/em><\/strong> <em>mediji, tranzicija, modeli reprezentacije, profit, politi\u010dka manipulacija, trivijalizacija sadr\u017eaja.<\/em><\/p>\n<p class=\"MsoBodyText\" style=\"margin-top: 0cm; margin-right: 48.6pt; margin-bottom: .0001pt; margin-left: 54.0pt; line-height: 170%;\">&nbsp;<\/p>\n<p class=\"MsoNormal\" style=\"line-height: 150%;\">&nbsp;<\/p>\n<p class=\"MsoNormal\" style=\"line-height: 170%;\"><strong>Uvod<\/strong><\/p>\n<p class=\"MsoNormal\" style=\"line-height: 170%;\">Tranzicija kulturnih sadr\u017eaja u medijima koja je ne  samo u Hrvatskoj nego i u svijetu vezana uz generalnu preobrazbu medija, za  medijsku prezentaciju hrvatske kulturne proizvodnje.<br \/>\nzavr\u0161ila je gotovo pogubno. U doba tranzicije kulturni sadr\u017eaju gotovo su  istisnuti sa stranica medija, a podru\u010dje kulture do devedesetih odre\u0111eno  analiti\u010dkim i kriti\u010dkim tekstovima, zamijenjeno je svijetom estrade, spektakla  i skandala, te prilozima u kojima se \u010ditatelji poku\u0161avaju privu\u0107i bizarnim,  lascivnim, ponekad i pornografskim sadr\u017eajima. Pod utjecajem tr\u017ei\u0161ne logike  stvoren je novi model estradiziranog predstavljanja kulturne proizvodnje,<strong> <\/strong>ali  i politike, sporta i ostalih podru\u010dja \u017eivota.<\/p>\n<p class=\"MsoNormal\" style=\"line-height: 170%;\">Na  medijsku je preobrazbu utjecalo nekoliko  faktora: od rata i osamostaljenja Hrvatske, preko politi\u010dke, gospodarske i  vrijednosne tranzicije, do nove vlasni\u010dke strukture u medijima i ulaska stranog  kapitala na hrvatsko tr\u017ei\u0161t<strong>e<\/strong> (WAZ, Styria). Stvaranje tr\u017ei\u0161ta i  uspostavljanje diktature profita bilo je ono klju\u010dno \u0161to je informaciju  pretvorilo u &#8216;robu&#8217; i postavilo je u poziciju tr\u017ei\u0161nog natjecanja s ostalim  proizvodima.  To je dovelo do  komercijalizacije svih medijskih sadr\u017eaja, te rezultiralo tabloidizacijom,  estradizacijom i trivijalizacijom cjelokupnog medijskog prostora i  redefiniranjem podru\u010dja kulture u medijima. Taj je proces s jedne strane bio  odraz ideologije vladaju\u0107e stranke u tom razdoblju te demokratizacije hrvatskih  medija u doba tranzicije, a s druge strane globalnih dru\u0161tvenih promjena ne  samo u zemljama biv\u0161eg komunisti\u010dkog bloka nego i u zapadnim demokracijama,  zahva\u0107enim globalizacijom i stvaranjem masmedijskih postmodernih dru\u0161tava. <\/p>\n<p class=\"MsoNormal\" style=\"line-height: 170%;\">Medijska  reprezentacija<strong> <\/strong>kulturnih sadr\u017eaja u procesu preoblikovanja u doba  tranzicije u Hrvatskoj prolazi kroz tri faze: ratnu i poratnu fazu<strong> (<\/strong>1991.  &#8211; 1995.), fazu izrazite politi\u010dke i ideolo\u0161ke polarizacije u dru\u0161tvu (1995. &#8211; 2000.)  te fazu spektakularizacije, estradizacije i trivijalizacije kulturnih sadr\u017eaja  (2000. &#8211; 2005.) koja s manjim modifikacijama traje i danas. <\/p>\n<p class=\"MsoNormal\" style=\"line-height: 170%;\">U prvoj fazi  dominiraju modeli politi\u010dke manipulacije kulturnim sadr\u017eajima (sotonizacija  pojedinca, govor mr\u017enje), u drugoj su najizrazitije strategije skandala,  intimnih ispovijesti i socijalnog &#8216;eventa&#8217;, a tre\u0107u koja je obilje\u017eena sna\u017enom  spektakularizacijom, trivijalizacijom i pornografizacijom sadr\u017eaja,  karakterizira PR diskurs, model top-lista, star -sistema i medijske inscenacije  i teatralizacije zbilje te na\u010delo personalizacije i medijageni\u010dnosti.  <\/p>\n<p class=\"MsoNormal\" style=\"line-height: 170%;\">&nbsp;<\/p>\n<p class=\"MsoNormal\" style=\"line-height: 170%;\"><strong>Modeli politi\u010dke manipulacije<\/strong><strong> kulturnim  sadr\u017eajima<\/strong><\/p>\n<p class=\"MsoNormal\" style=\"line-height: 170%;\">U prvoj fazi<strong> <\/strong>tokom  ratnog i poratnog razdoblja<strong> <\/strong>(1991. &#8211; 1995.) mediji se prvenstveno bave  kulturom u ratnim uvjetima, a u skladu s  tada\u0161njom dr\u017eavnom kulturnom politikom prioritet imaju teme koje promoviraju  nacionalnu kulturu i zagovaraju ja\u010danje nacionalnog kulturnog identiteta. U<strong> <\/strong>medijskoj  reprezentaciji kulture pojavljuju se modeli politi\u010dke manipulacije kulturnim  sadr\u017eajima (jezik kao sredstvo politi\u010dke borbe, knjigocid i uni\u0161tavane  partizanskih spomen-obilje\u017eja), model ratnohu\u0161ka\u010dke retorike i govora mr\u017enje,  te model sotonizacije pojedinca.<\/p>\n<p class=\"MsoNormal\" style=\"line-height: 170%;\">Jedan od  najizra\u017eenijih modela politi\u010dke manipulacije kulturnim sadr\u017eajima<strong> <\/strong>odnosi  se na<strong> <\/strong>manipuliranje hrvatskim jezikom od strane vladaju\u0107e politike i  ideologije<strong>. <\/strong>U devedesetim godinama pro\u0161log stolje\u0107a hrvatski jezik<strong> <\/strong>postaje  jedna od najbitnijih politi\u010dkih tema u Hrvatskoj kojom se obra\u010dunava s  komunisti\u010dkom pro\u0161lo\u0161\u0107u i razgrani\u010dava s jezikom agresora. Jezik postaje  svojevrsno sredstvo politi\u010dke<strong> <\/strong>borbe kojim se mjeri stupanj hrvatstva.  Pojavljuje se tendencija nasilnog pove\u0107avanja razlika izme\u0111u hrvatskog i  srpskog jezika, \u0161to<strong> <\/strong>rezultira ra\u0111anjem &#8216;hrvatskog novogovora&#8217;<strong>. <\/strong> Na stranicama tiska vode se rasprave o  jezi\u010dnoj politici, a klju\u010dno pitanje postaje kako se obra\u010dunati s tzv.  &quot;rije\u010dima za odstrel&quot;<a name=\"_ftnref145\"><\/a><a href=\"#_ftn145\"><sup>[<span style=\"font-family: 'times new roman', times;\"><strong>145<\/strong><\/span>]<\/sup><\/a>,  odnosno, srbizmima, turcizmima, germanizmima, talijanizmima i ostalim tu\u0111icama,  te rije\u010dima koje su se uobi\u010dajeno koristile u biv\u0161em sustavu<strong>.<\/strong> S jedne  strane  su jezi\u010dni puristi domoljubne  provenijencije koji  zagovaraju jezi\u010dnu  \u010disto\u0107u i nastoje tu\u0111ice u hrvatskom jeziku zamijeniti novotvorenicama ili  endehazijskim kovanicama (primjerice, Djed Mraz \u2013 Djed Bo\u017ei\u0107njak, telefon \u2013  brzoglas, automobil \u2013 samovoz, opozicija \u2013 oporba, fotografija \u2013 svjetlopis,  film \u2013 slikopis, ambasador \u2013 veleposlanik, sport \u2013 \u0161port, vojnik \u2013 vojak,  gre\u0161ka &#8211; grje\u0161ka itd.)  S druge su strane   jezi\u010dni<strong> <\/strong>liberali koji imaju  demokrati\u010dniji odnos prema jezi\u010dnoj politici i zagovaraju su jezi\u010dke a ne  politi\u010dke kriterije. Taj proces se doga\u0111a uz svesrdnu podr\u0161ku tzv.  dr\u017eavotvornih medija, osobito HRT-a (lektorske slu\u017ebe) a kulminira  u travnju 1995. godine upu\u0107ivanjem <em>Priedloga<\/em> Zakona o hrvatskom jeziku i <em>Priedloga<\/em> Zakona o osnivanju Dr\u017eavnog ureda  za hrvatski jezik Saboru RH, kojima se trebalo omogu\u0107iti izgon 30 tisu\u0107a rije\u010di  (tu\u0111ica) iz hrvatskog jezika te legalizirati \u0161estomjese\u010dna kazna zatvora onima  koji bi te rije\u010di ipak koristili. To je dovodi do toga da jezik postaje  pokazatelj politi\u010dkog opredjeljenja ne samo politi\u010dara nego i medija, te  gra\u0111ana. <\/p>\n<p class=\"MsoNormal\" style=\"line-height: 170%;\">\nDevedesete godine  ozna\u010dio je i fenomen knjigocida, namjernog uni\u0161tavanja i paljenja knjiga,  odnosno brisanja brojnih naslova iz registara javnih knji\u017enica mimo kriterija  bibliotekarske struke. O tome su izvje\u0161tavali nezavisni mediji kao \u0161to su Feral  Tribune, Tjednik i Novi list, dok su ostali mediji, posebno oni dr\u017eavotvorne  orijentacije, uglavnom pre\u0161u\u0107ivali tu pojavu objavljuju\u0107i povremeno u crnim  kronikama tek kratke vijesti. Da se nije radilo o redovnom i legalnom otpisu  dotrajale gra\u0111e nego o politi\u010dki i ideolo\u0161ki motiviranoj akciji pokazuje popis  uni\u0161tavanih knjiga: otpisivane su, uni\u0161tavane i paljene knjige pisane \u0107irilicom<strong> <\/strong>ili tiskane u Srbiji te Bosni i Hercegovini,<strong> <\/strong>zatim naslovi srpskih  autora (Miroslav Crnjanski, Borislav Peki\u0107, Branislav Nu\u0161i\u0107, Bora Stankovi\u0107),  te djela u to vrijeme nepo\u0107udnih hrvatskih pisaca (Dubravka Ugre\u0161i\u0107, Slobodan  \u0160najder) i biv\u0161ih<strong> <\/strong>partizana (Vladimir Nazor), ali i one ideolo\u0161kog  karaktera poput marksisti\u010dke literature (Josip Broz, Edvard Kardelj, Du\u0161an  Dragosavac). Posebno je indikativan slu\u010daj knjigocida u Kor\u010duli, gdje je  otpisano i ba\u010deno u kontejner za sme\u0107e vi\u0161e od 500 knjiga od kojih je svaka  &quot;imala pe\u010dat i knji\u017eni\u010dni karton Gradske knji\u017enice Kor\u010dula&quot;.<a name=\"_ftnref146\"><\/a><a href=\"#_ftn146\"><sup>[<span style=\"font-family: 'times new roman', times;\"><strong>146<\/strong><\/span>]<\/sup><\/a> Me\u0111u odba\u010denim knjigama na\u0161la su se djela Ive Andri\u0107a, Branka \u0106opi\u0107a, Drage  Buva\u010da, Augusta Cesarca i Vladimira Nazora, ali i Oscara Wildea i Emila Zole,  te naslovi koje je sveu\u010dili\u0161ni profesor, eti\u010dar Milan Kangrga osobno donirao  toj knji\u017enici. <\/p>\n<p class=\"MsoNormal\" style=\"line-height: 170%;\">Kangrga je bio jedan  od rijetkih intelektualaca koji je reagirao i potom u \u010dlanku u Feral Tribuneu  o\u0161tro osudio kor\u010dulanski knjigocid u devedesetima. On je u tom \u010dlanku podsjetio  da je pro\u0161lo to\u010dno 65 godina otkako se u &quot;nacisti\u010dkoj hitlerovskoj  Njema\u010dkoj dogodilo prvo javno paljenje knjiga \u0161to ga je s ponosom i rado\u0161\u0107u  izvr\u0161avala hitlerovska omladina&quot;<a name=\"_ftnref147\"><\/a><a href=\"#_ftn147\"><sup>[<span style=\"font-family: 'times new roman', times;\"><strong>147<\/strong><\/span>]<\/sup><\/a>,  te da se nakon toga nigdje na svijetu nije ponovio takav barbarski \u010din, sve do  posljednjih mjeseci, kad je &quot;ovu slavnu tradiciju kulturocida preuzela na  sebe Republika Hrvatska, jedina zemlja u Europi u koju se na mala vrata vratio  fa\u0161izam u originalnom hrvatskom obliku \u2013 usta\u0161tvu&quot;.<a name=\"_ftnref148\"><\/a><a href=\"#_ftn148\"><sup>[<span style=\"font-family: 'times new roman', times;\"><strong>148<\/strong><\/span>]<\/sup><\/a> Spominju\u0107i &quot;razulareno nacionalisti\u010dko ludilo koje se manifestira sve  \u017ee\u0161\u0107e na svim podru\u010djima \u017eivota&quot;<a name=\"_ftnref149\"><\/a><a href=\"#_ftn149\"><sup>[<span style=\"font-family: 'times new roman', times;\"><strong>149<\/strong><\/span>]<\/sup><\/a>,  istaknuo je da se sada &quot;s najvi\u0161eg dr\u017eavnog vrha vlasti i slu\u017ebeno  proglasila potreba da se &#8216;nepodobne knjige&#8217; stavljaju u bunkere, bacaju na  smetli\u0161te i pale kao u hitlerovsko doba&quot;.<a name=\"_ftnref150\"><\/a><a href=\"#_ftn150\"><sup>[<span style=\"font-family: 'times new roman', times;\"><strong>150<\/strong><\/span>]<\/sup><\/a> Kangrga je na kraju osudio \u0161utnju hrvatske inteligencije nazvav\u0161i je  najporaznijom u tom slu\u010daju. <\/p>\n<p class=\"MsoNormal\" style=\"line-height: 170%;\">Premda se nije  radilo o osamljenoj epizodi uni\u0161tavanja knjiga nego o proizvodu kulturne  politike, odnosno dominantne ideologije u Hrvatskoj devedesetih (uni\u0161teno je nekoliko  desetaka tisu\u0107a knjiga) javnost nije reagirala niti se mobilizirala na  rje\u0161avanju tog pitanja, pokazav\u0161i nerazumijevanje, inertnost i strah.  Reagirali  su Hrvatski centar PEN i  Otvoreno dru\u0161tvo koje je organiziralo tribinu o uni\u0161tavanju knjiga na kojoj je  sveu\u010dili\u0161ni profesor Zvonko Makovi\u0107 detektirao atmosferu straha u hrvatskom  dru\u0161tvu devedesetih, rekav\u0161i da se &quot;strah povla\u010di od dna do vrha. Nitko ne  zna kad \u0107e ga do\u010dekati inkvizitor \u2013 ho\u0107e li to biti \u0161kolski portir, knji\u017eni\u010dar  ili sam ministar&quot;.<a name=\"_ftnref151\"><\/a><a href=\"#_ftn151\"><sup>[<span style=\"font-family: 'times new roman', times;\"><strong>151<\/strong><\/span>]<\/sup><\/a>  Slu\u010daj hrvatskog knjigocida do danas nije  istra\u017een niti ispitan, niti su krivci sankcionirani. Ministri kulture Bo\u017eo  Bi\u0161kupi\u0107 i Antun Vuji\u0107 osudili su tu pojavu, ali istraga nije provedena. <\/p>\n<p class=\"MsoNormal\" style=\"line-height: 170%;\">U politi\u010dku  manipulaciju kulturnim sadr\u017eajima u devedesetima ubraja se i devastiranje &#8211;  uni\u0161tavanje, ru\u0161enje i miniranje spomenika, bisti i spomen-obilje\u017eja podignutih  u znak sje\u0107anja na antifa\u0161isti\u010dku borbu i partizanske heroje pale u NOB-u. U  medijima se spominjao podatak od sveukupno uni\u0161tenih 3500 spomenika, a m<strong>e<\/strong>\u0111u  njima bila su i neka vrhunska djela velikih kipara<strong> <\/strong>poput<strong> <\/strong>Vojina  Baki\u0107a, Frana Kr\u0161ini\u0107a, Antuna Augustin\u010di\u0107a i Vanje Radau\u0161a,  ali i spomen-obilje\u017eja Ede Murti\u0107a i drugih  umjetnika. Uprili\u010deno je i ritualno vje\u0161anje biste Josipa Broza u Splitu, a  uni\u0161ten je veli\u010danstveni Spomenik pobjedi revolucije naroda Slavonije Vojina  Baki\u0107a, koji je podignut kod sela Kamenska. U medijima je ta pojava  &quot;novokomponiranog revolucionarnog vala uni\u0161tavanja povijesnih spomenika iz  Drugog svjetskog rata&quot;<a name=\"_ftnref152\"><\/a><a href=\"#_ftn152\"><sup>[<span style=\"font-family: 'times new roman', times;\"><strong>152<\/strong><\/span>]<\/sup><\/a> nazvana &quot;barbarskim obra\u010dunavanjem s povije\u0161\u0107u&quot;<a name=\"_ftnref153\"><\/a><a href=\"#_ftn153\"><sup>[<span style=\"font-family: 'times new roman', times;\"><strong>153<\/strong><\/span>]<\/sup><\/a> i &quot;demonizacijom svega partizanskog&quot;<a name=\"_ftnref154\"><\/a><a href=\"#_ftn154\"><sup>[<span style=\"font-family: 'times new roman', times;\"><strong>154<\/strong><\/span>]<\/sup><\/a>,  a devastatori spomenika progla\u0161avani su &quot;samozvanim idejnim  higijeni\u010darima&quot;<a name=\"_ftnref155\"><\/a><a href=\"#_ftn155\"><sup>[<span style=\"font-family: 'times new roman', times;\"><strong>155<\/strong><\/span>]<\/sup><\/a>,  koji &quot;ureduju \u0161vajs-aparatima&ldquo; dok ustra\u0161ena javnost \u0161uti, a vlast to  progla\u0161ava ideolo\u0161kim folklorom&quot;.<a name=\"_ftnref156\"><\/a><a href=\"#_ftn156\"><sup>[<span style=\"font-family: 'times new roman', times;\"><strong>156<\/strong><\/span>]<\/sup><\/a><\/p>\n<p class=\"MsoNormal\" style=\"line-height: 170%;\">U medijima se  tako\u0111er raspravljalo o tome trebaju li u novom politi\u010dkom sustavu biti  izbrisani spomenici NOB-u, ili ih valja ostaviti kao spomen biv\u0161em razdoblju. U  tim raspravama sudjelovali su i predstavnici raznih politi\u010dkih stranaka, koji  su sukladno politi\u010dkim programima zagovarali, odnosno suprotstavljali se tom  ru\u0161ila\u010dkom trendu. Tako je predstavnik HSP-a ustvrdio kako njihova stranka  &quot;nije za tajno ru\u0161enje i skrnavljenje bilo kojih spomenika pa ni spomenika  tzv. NOR-u, nego su oni za javno i legalno uklanjanje svih simbola i obilje\u017eja  iz mra\u010dnog komunisti\u010dkog razdoblja, pa tako i suvi\u0161nih spomenika nazovi  revolucije&quot;.<a name=\"_ftnref157\"><\/a><a href=\"#_ftn157\"><sup>[<span style=\"font-family: 'times new roman', times;\"><strong>157<\/strong><\/span>]<\/sup><\/a>  <\/p>\n<p class=\"MsoNormal\" style=\"line-height: 170%;\">Kako je devastiranje  antifa\u0161isti\u010dkih spomenika trajalo nekoliko godina i bilo masovno, a  najrasprostranjenije u Dalmaciji i Slavoniji gdje je  90-ih na vlasti bio HDZ, ne mo\u017ee se govoriti o  pojedina\u010dnim ekscesima i vandalizmu maloljetnika i lokalnih plja\u010dka\u0161a. Premda  je bilo i takvih slu\u010dajeva, \u010dinjenice govore da se radilo o smi\u0161ljenoj politici  aktualne vlasti koja je takvim devastiranjem spomen-obilje\u017eja iz pro\u0161log  sustava &quot;imala samo jedan cilj: falsificirati nedavnu pro\u0161lost. To\u010dnije  re\u010deno: izbrisati je&quot;.<a name=\"_ftnref158\"><\/a><a href=\"#_ftn158\"><sup>[<span style=\"font-family: 'times new roman', times;\"><strong>158<\/strong><\/span>]<\/sup><\/a><\/p>\n<p class=\"MsoNormal\" style=\"line-height: 170%;\">Model govora mr\u017enje  i ratnohu\u0161ka\u010dke retorike javlja se u devedesetima u hrvatskim medijima i  predstavlja jedan od najporaznijih trendova iz toga razdoblja. Ra\u0161iren je u<strong> <\/strong>ultradesnim  glasilima (Hrvatski vjesnik, Slobodni tjednik, Panorama, Imperijal, Fokus&#8230;),  ali i u nekim dr\u017eavotvornim listovima koji   propagiraju nacionalisti\u010dke ideje, netoleranciju i nesno\u0161ljivost prema  manjinama i svim vjerskim, rasnim i spolnim razli\u010ditostima. Najsiroviji i  najvulgarniji govor mr\u017enje dolazi iz Hrvatskog vjesnika koji je u to vrijeme  imao egidu &quot;Srbi \u2013 prokleti da ste, ma gdje bili&quot;. Ti mediji na  svojim stranicama prozivaju i etiketiraju tzv. nepodobne pojedince (vjerski i  nacionalno nepo\u017eeljne osobe \u2013 Srbe, muslimane i \u017didove, zatim intelektualce  koji su kritizirali politiku vladaju\u0107eg HDZ-a, kriti\u010dki orijentirane umjetnike  i novinare, biv\u0161e komuniste i partizane, predstavnike civilnog dru\u0161tva i sve  oni koji druk\u010dije misle od vladaju\u0107e garniture, a potkraj devedesetih i Rome)  nazivaju\u0107i ih dr\u017eavnim neprijateljima, jugonostalgi\u010darima i sli\u010dnim etiketama,  te ih takvom retorikom poku\u0161avaju diskreditirati  i eliminirati iz javnog \u017eivota. Govor mr\u017enje  javlja se &quot;nakon Domovinskog rata i podrazumijeva sve vrste govora kojima  se \u0161iri, poti\u010de ili opravdava<strong> <\/strong>nacionalna, vjerska, rasna, spolna ili  rodna netrpeljivost, ksenofobija, antisemitizam, te drugi oblici<strong> <\/strong>mr\u017enje<strong>.&ldquo;<a name=\"_ftnref159\"><\/a><a href=\"#_ftn159\"><sup>[<span style=\"font-family: 'times new roman', times;\"><strong>159<\/strong><\/span>]<\/sup><\/a><\/strong> Me\u0111u  prvima se izja\u0161njava prvi hrvatski predsjednik i predsjednik HDZ-a izjaviv\u0161i da  je sretan \u0161to mu supruga nije ni Srpkinja niti \u017didovka, a zatim ga slijede i  drugi \u010dlanovi stranke te javni djelatnici. U govoru mr\u017enje posebno se iskazuju  politi\u010dari vladaju\u0107e garniture (saborski zastupnici, \u010delnici stranaka,  ministri) ali i neki kulturni i javni djelatnici (glumci, pjeva\u010di, leksikografi,  suci, odvjetnici) te novinari, koji se slu\u017ee uvredama, pogrdnim rije\u010dima,  negativnim stereotipima u ukorijenjenim predrasudama o pripadnicima nacionalnih  i seksualnih manjina, te \u017eenama. <\/p>\n<p class=\"MsoNormal\" style=\"line-height: 170%;\">Objavljivanjem hu\u0161ka\u010dkih  tekstova protiv pojedinaca a u nekim slu\u010dajevima i njihovih<strong> <\/strong>fotografija nalik  na<strong> <\/strong>potjernice, te njihovih ku\u0107nih adresa i popisa \u010dlanova njihovih  obitelji i ro\u0111aka, ti su mediji slu\u017eili kao sredstvo preno\u0161enja govora mr\u017enje,  pridonose\u0107i atmosferi nacionalne i<strong> <\/strong>vjerske netrpeljivosti. Posljedice  takvih ure\u0111iva\u010dkih politika kojima su se na osnovu nacionalne i vjerske  pripadnosti stigmatizirali pojedinci, bile su pogubne: tim su gra\u0111anima bile  uni\u0161tene karijere a nekima i ugro\u017eeni \u017eivoti, te su neki od njih emigrirali iz  Hrvatske. Takav model govora mr\u017enje i ratnohu\u0161ka\u010dke retorike mo\u017ee se smatrati jednim  od najporaznijih trendova  nastalih u  hrvatskim medijima devedesetih. <\/p>\n<p class=\"MsoNormal\" style=\"line-height: 170%;\">Model sotonizacije  pojedinca<strong> <\/strong>javlja se po\u010detkom 90-ih na<strong> <\/strong>stranicama dr\u017eavotvornog i  senzacionalnog, te \u010dak i nezavisnog tiska (Vjesnik, Hrvatsko slovo, Slobodna  Dalmacija, Slobodni tjednik, Danas, Globus), a temelji se na javnom  obra\u010dunavanju s tzv. nepodobnim gra\u0111anima Hrvatske \u010dije se mi\u0161ljenje nije  poklapalo s politikom vladaju\u0107eg HDZ-a i tada po\u017eeljnom ideologijom &#8216;krvi i  tla&#8217; preuzetoj iz na\u010dela usta\u0161ke tvorevine NDH. Nakon izjave predsjednika RH  &quot;da \u0107e se stati na kraj i sudski obra\u010dunati s onima koji kaljaju hrvatsku  vlast&quot;<a name=\"_ftnref160\"><\/a><a href=\"#_ftn160\"><sup>[<span style=\"font-family: 'times new roman', times;\"><strong>160<\/strong><\/span>]<\/sup><\/a> prore\u017eimski novinari po\u010dinju medijsku hajku protiv odre\u0111enih gra\u0111ana koji su po  njihovom mi\u0161ljenju ugro\u017eavali, kako se tada definiralo &#8216;opstojnost hrvatske  dr\u017eave&#8217;. Taj medijski rat vodi se u slu\u017ebi ratne propagande i obrane zemlje,  usmjeren je prema politi\u010dkim neistomi\u0161ljenicima, ali i svim ostalim  &#8216;neprijateljima zemlje&#8217; od Srba i ratnih zlo\u010dinaca preko oporbenih politi\u010dara,  feministkinja i intelektualaca, do glumaca, pisaca, intelektualaca,  znanstvenika, novinara, profesora,<strong> <\/strong>te<strong> <\/strong>Soroseve zaklade Otvoreno  dru\u0161tvo. Sotoniziranje gra\u0111ana provodi se po<strong> <\/strong>ideolo\u0161koj, nacionalnoj,  etni\u010dkoj i vjerskoj, te profesionalnoj i ljudskoj osnovi (izno\u0161enje intimnih  podataka iz \u017eivota), kao sredstvo sotonizacije najvi\u0161e se koristi &#8216;govor  mr\u017enje&#8217;, a etiketiranje je brutalno,<strong> <\/strong>agresivno i uvredljivo. <\/p>\n<p class=\"MsoNormal\" style=\"line-height: 170%;\">Dr\u017eavotvorni i  senzacionalisti\u010dki mediji objavljuju hu\u0161ka\u010dke \u010dlanke protiv tih gra\u0111ana  nerijetko s ku\u0107nim adresama, fotografijama i popisom \u010dlanova obitelji, \u010dak i  ro\u0111aka, tako da ti prilozi vi\u0161e nalikuju na novinske optu\u017enice i potjernice  negoli na profesionalne \u010dlanke. Naj\u010de\u0161\u0107e<strong> <\/strong>ih diskreditiraju kao &#8216;biv\u0161e  komuniste&#8217;, &#8216;dr\u017eavne neprijatelje&#8217;, &#8216;izdajnike domovine&#8217;, &#8216;jugonostalgi\u010dare&#8217;,  &#8216;Jugoslavene&#8217;, &#8216;pla\u0107enike Georga Sorosa&#8217;, &#8216;salonske internacionaliste&#8217;,  &#8216;prikrivene agente tajnih sila&#8217;, te &#8216;antihrvatske feministice&#8217;, \u0161to su u to  ratno i poratno vrijeme kad se zahtijevalo jasno hrvatsko opredjeljenje vrlo  opasne ideolo\u0161ke diskvalifikacije. Era medijskog lin\u010da protiv kulturne i  intelektualne zajednice u Hrvatskoj po\u010dinje 1991. godine sotonizacijom dvoje  glumaca \u2013 Mire Furlan i Rade \u0160erbed\u017eije, a medijska haranga ubrzo se \u0161iri i na  druge javne i kulturne djelatnike (Predraga Matvejevi\u0107a, Dubravku Ugre\u0161i\u0107, Miru  Lorger, Ivicu Vidovi\u0107a, Vladu Gotovca, Nevena Sesardi\u0107a, Dubravka \u0160kiljana,  Igora Mandi\u0107a, Nenada Popovi\u0107a). Jedan od najpoznatijih primjera &#8216;sotoniziranja  pojedinca&#8217; u devedesetima odnosi se na slu\u010daj &#8216;Vje\u0161tica iz Ria&#8217;<a name=\"_ftnref161\"><\/a><a href=\"#_ftn161\"><sup>[<span style=\"font-family: 'times new roman', times;\"><strong>161<\/strong><\/span>]<\/sup><\/a>,  kad je pet feministkinja, Hrvatskih gra\u0111anki, podvrgnuto medijskom lin\u010du. Glavni  kriterij difamiranja njihova  je  nacionalna pripadnost i navodna antihrvatska ili jugoslavenska orijentacija,  zatim pripadnost feministi\u010dkim i marksisti\u010dkim krugovima, a potom se napadi  pro\u0161iruju i na njihove privatne biografije.<strong> <\/strong>Slu\u010daj &#8216;Vje\u0161tica iz Ria&#8217;  predstavlja eklatantni primjer neprofesionalnog, zlonamjernog, senzacionalnog i  hu\u0161ka\u010dkog novinarstva, te spregu medijskih korporacija<strong> <\/strong>i<strong> <\/strong>dr\u017eavne  vlasti<strong>. <\/strong>Posljedice medijskog sotoniziranja pojedinaca bile su  pora\u017eavaju\u0107e: demoniziranim pojedincima preko no\u0107i su uni\u0161tavane profesionalne  karijere i neki od njih izabiru status dobrovoljnih emigranata.<\/p>\n<p class=\"MsoNormal\" style=\"line-height: 170%;\">&nbsp;<\/p>\n<p class=\"MsoNormal\" style=\"line-height: 170%;\"><strong>Od modela  skandala i socijalnog &#8216;eventa&#8217; do star-sistema   <\/strong><\/p>\n<p class=\"MsoNormal\" style=\"line-height: 170%;\">U drugoj fazi  izrazite politi\u010dke i ideolo\u0161ke polarizacije u dru\u0161tvu (1995. &#8211; 2000.)<strong> <\/strong>te\u017ei\u0161te  se prebacuje na odnos kulture i politike te se na stranicama kulture vodi  \u017eestoka ideolo\u0161ka borba izme\u0111u dr\u017eavotvornih i nedr\u017eavotvornih umjetnika i  kulturnih djelatnika (sukob Matice hrvatske, Dru\u0161tva hrvatskih knji\u017eevnika i  Hrvatskog centra P.E.N.-a). Dr\u017eavotvorni mediji (Vjesnik) promoviraju tzv.  dr\u017eavotvorne umjetnike, a nedr\u017eavotvorni tisak (Feral Tribune, Vijenac) pru\u017eaju  neograni\u010deni prostor nezavisnim intelektualcima i umjetnicima koji se javno  deklariraju protiv HDZ-a, \u0161ire\u0107i ideju gra\u0111anske kulture, demokracije i  pluralizma. Estetski dometi njihovih umjetni\u010dkih djela nisu u prvom planu. Potkraj  razdoblja nakon smrti predsjednika dr\u017eave po\u010dinje proces estradizacije i spektakularizacije  kulturnih sadr\u017eaja koji procvat do\u017eivljava u tre\u0107oj fazi. Javlja se  prezentacijski, revijalni ton i \u0161ire se teme vezane za masovnu pop kulturu  (film, televizija, moda, dizajn, kulinarstvo, sapunice, kulinarski i reality  show programi). Takva selekcija medijskih sadr\u017eaja gdje prednost imaju zabavne  i trivijalne teme kojima se uspavljuju, odnosno, &quot;anestetiziraju&quot;  \u010ditatelji, kako je ustvrdio Pierre Bourdieu govore\u0107i o &quot;na\u010delu zaborava<a name=\"_ftnref162\"><\/a><a href=\"#_ftn162\"><sup>[<span style=\"font-family: 'times new roman', times;\"><strong>162<\/strong><\/span>]<\/sup><\/a>&quot;,  pokazuje radikalnu promjenu u reprezentaciji kulturnih sadr\u017eaja, kao i same funkcije  medija. Mediji potkraj 90-ih kre\u0107u u smjeru zabave, dok kriti\u010dki diskurs polako  nestaje sa stranica tiska. <\/p>\n<p class=\"MsoNormal\" style=\"line-height: 170%;\">U devedesetima u  medijima javljaju se novi mehanizmi prezentacije kulturne proizvodnje. Koristi  se &#8216;strategija skandala&#8217; kojom se kulturna tema<strong> <\/strong>obra\u0111uje kao politi\u010dki,  financijski ili intimni eksces ili afera. Ta strategija mo\u017ee proizvesti  pozitivan u\u010dinak u slu\u010daju razotkrivanja, primjerice, nepravilnosti u  financijskom poslovanju kulturnih institucija, ili negativan u slu\u010daju  fabriciranja skandala s namjerom politi\u010dkog ili profesionalnog diskreditiranja  pojedinca \u0161to \u010desto skriva i interesni rat izme\u0111u raznih opcija, frakcija i  lobija.<strong> <\/strong>Cilj modela &#8216;strategije skandala&#8217; uvijek je isti: takvom obradom  informacije bez obzira bila ona istinita ili la\u017ena, nastoji se privu\u0107i pa\u017enja  \u010ditatelja i posti\u0107i bolji tr\u017ei\u0161ni i komercijalni efekt. <strong> <\/strong><\/p>\n<p class=\"MsoNormal\" style=\"line-height: 170%;\">Sve je ra\u0161ireniji  model reprezentacije kulturnog doga\u0111aja kao &#8216;socijalnog eventa&#8217;. Primjerice,  kazali\u0161na premijera prestaje biti kulturni doga\u0111aj, a doga\u0111aj vrijedan medijske  pa\u017enje postaje domjenak, &#8216;socijalni event&#8217; prire\u0111en nakon izvedbe kazali\u0161ne  predstave. Mediji ve\u0107u pozornost pridaju nizanju imena i fotografija uzvanika  (umjetnici i kulturni djelatnici, vladari tr\u017ei\u0161ta &#8211; poduzetnici, bankari i  djelatnici iz podru\u010dja marketinga, te povratnici iz dijaspore i politi\u010dari)  negoli sadr\u017eaju predstave. Kazali\u0161te je medijima devedesetih  zanimljivo jedino kao<strong> <\/strong>kulisa  ro\u0111endanskih proslava politi\u010dara ili kao poligon za promoviranje nacionalnih  tema i dr\u017eavotvornih pisaca, te se pretvara u prezentacijski i ceremonijalni  poligon nove hrvatske elite. <\/p>\n<p class=\"MsoNormal\" style=\"line-height: 170%;\">U skladu s trendom  &#8216;personalizacije politike&#8217;<a name=\"_ftnref163\"><\/a><a href=\"#_ftn163\"><sup>[<span style=\"font-family: 'times new roman', times;\"><strong>163<\/strong><\/span>]<\/sup><\/a> rabi se strategija<strong> &#8216;<\/strong>personalizacije kulturnih doga\u0111aja&#8217; \u0161to zna\u010di da se  kulturni sadr\u017eaji, primjerice knjige, ili kazali\u0161ne predstave predstavljaju  prvenstveno preko li\u010dnosti i njihovih \u017eivotnih pri\u010da (&#8216;personality story&#8217;). U  sredi\u0161te medijskog zanimanja dolazi autor, pisac, ili slikar, a ne njegovo  umjetni\u010dko djelo  koje postaje samo  okida\u010d proizvodnje medijskog sadr\u017eaja.<strong> <\/strong>Tako\u0111er, &#8216;personalizacija  kulturnog doga\u0111aja&#8217; istiskuje sve one teme koje se ne mogu personalizirati i  atraktivno medijatizirati (kulturna ba\u0161tina, arheolo\u0161ka otkri\u0107a).<strong> <\/strong>Taj  proces &#8216;personalizacije kulture&#8217; doga\u0111a se zbog op\u0107e estradizacije dru\u0161tvenih  prilika, &#8216;kolonijalizacije&#8217;<a name=\"_ftnref164\"><\/a><a href=\"#_ftn164\"><sup>[<span style=\"font-family: 'times new roman', times;\"><strong>164<\/strong><\/span>]<\/sup><\/a> podru\u010dja kulture od strane tr\u017ei\u0161ta i \u0161irenja voajerskog koncepta na medijskoj  sceni koji premje\u0161ta te\u017ei\u0161te s djela na privatni \u017eivot pojedinca. Takav pristup  dovodi do dominacije intervjua i inaugiriranja intimne ispovijesti kao  dominantnog novinskog \u017eanra, dok forma analiti\u010dkog \u010dlanka nestaje sa stranica  masovnih medija.  <\/p>\n<p class=\"MsoNormal\" style=\"line-height: 170%;\">Devedesete donose i  model &#8216;proizvodnje medijskih li\u010dnosti&#8217;, koji se temelji na promoviranju  stanovitih intelektualaca tzv. &#8216;fastthinkersa&#8217;<a name=\"_ftnref165\"><\/a><a href=\"#_ftn165\"><sup>[<span style=\"font-family: 'times new roman', times;\"><strong>165<\/strong><\/span>]<\/sup><\/a>,  uvijek spremnih na suradnju s medijima, osobito s televizijom, koji  funkcioniraju na razini &#8216;prihva\u0107enih ideja,  koje su banalne, konvencionalne i zajedni\u010dke svima&#8217;<a name=\"_ftnref166\"><\/a><a href=\"#_ftn166\"><sup>[<span style=\"font-family: 'times new roman', times;\"><strong>166<\/strong><\/span>]<\/sup><\/a>.  Mediji ih podme\u0107u \u010ditateljima i gledateljima kao<strong> v<\/strong>rhunske znanstvenike,<strong> <\/strong>umjetnike<strong> <\/strong>ili op\u0107enito stru\u010dnjake samo zato \u0161to nude &#8216;kulturni fast  food&#8217;<a name=\"_ftnref167\"><\/a><a href=\"#_ftn167\"><sup>[<span style=\"font-family: 'times new roman', times;\"><strong>167<\/strong><\/span>]<\/sup><\/a>,  &#8216;unaprijed probavljenu, predmi\u0161ljenu kulturnu hranu&#8217;<a name=\"_ftnref168\"><\/a><a href=\"#_ftn168\"><sup>[<span style=\"font-family: 'times new roman', times;\"><strong>168<\/strong><\/span>]<\/sup><\/a>,  a ne &#8216;misao koja je po definiciji subverzivna&#8217;<a name=\"_ftnref169\"><\/a><a href=\"#_ftn169\"><sup>[<span style=\"font-family: 'times new roman', times;\"><strong>169<\/strong><\/span>]<\/sup><\/a>.  Tom strategijom mediji nastoje nametnuti  \u010ditateljstvu ono \u0161to treba misliti o dru\u0161tvu i dru\u0161tvenim problemima. <\/p>\n<p class=\"MsoNormal\" style=\"line-height: 170%;\">Tako\u0111er se<strong> <\/strong>inaugurira<strong> <\/strong>&#8216;star sistem&#8217; koji se temelji na medijskoj proizvodnji instant zvijezda,  stvaranih prema kriterijima medijageni\u010dnosti (slava, uspjeh, atraktivnost,  glamuroznost). Predstavnici &#8216;star sistema&#8217; svoj status medijskih zvijezda ne  zaslu\u017euju profesionalnim djelima nego spektakularnim \u017eivotima, skandalima ili  jednostavno  pristupa\u010dno\u0161\u0107u i  raspolo\u017eivo\u0161\u0107u medijima. Mediji ih bezrezervno vole i podr\u017eavaju, te ih stalno  prezentiraju u rubrikama dru\u0161tvenih kronika (Portfolio, Zlatno oko)  preplavljuju\u0107i te rubrike podacima o tzv. knji\u017eevnim uradcima tih  tzv. &#8216;celebrityja&#8217; (Nives Celzijus,  &quot;Gola istina&quot;, Vlatka Pokos &quot;\u017divot u raju&quot;), njihovim razvodima,  skandalima, te glamuroznim zabavama. Osim \u0161to ih pretvaraju u &#8216;zvijezde&#8217; mediji  ih promoviraju i kao dru\u0161tvene simbole uspjeha. Svo\u0111enjem kulturnih sadr\u017eaja na  &#8216;celebrity kulturu&#8217; dolazi do<strong> <\/strong>dodatne trivijalizacije i  nevjerodostojnosti kulturnih<strong> <\/strong>sadr\u017eaja u medijima.<strong><\/strong><\/p>\n<p class=\"MsoNormal\" style=\"line-height: 170%;\"><strong>&nbsp;<\/strong><\/p>\n<p class=\"MsoNormal\" style=\"line-height: 170%;\"><strong>Estradizacija i trivijalizacija  kulturnih sadr\u017eaja <\/strong><\/p>\n<p class=\"MsoNormal\" style=\"line-height: 170%;\">U tre\u0107oj fazi (2000.  &#8211; 2005.) nakon &quot;tre\u0107esije\u010danjskih&quot; izbora i<strong> <\/strong>kratkog uzleta  kulturnih i obrazovnih sadr\u017eaja u medijskom prostoru, po\u010dinje doba izrazite  spektakularizacije, estradizacije, trivijalizacije i glamurizacije kulturnih  sadr\u017eaja u hrvatskim masovnim medijima. Ti modeli oblikovanja kulturnih  sadr\u017eaja obilje\u017eeni su potpunom apoliti\u010dno\u0161\u0107u i diktaturom profita \u0161to  rezultira \u0161irenjem komercijalnih, utr\u017eivih tema, ponajvi\u0161e iz sporta i crne  kronike,  i prema  Pierreu Bourdieu medijima su va\u017eni zato \u0161to  &#8216;prikrivaju druge dragocjene stvari, stvaraju politi\u010dku prazninu&#8217;<a name=\"_ftnref170\"><\/a><a href=\"#_ftn170\"><sup>[<span style=\"font-family: 'times new roman', times;\"><strong>170<\/strong><\/span>]<\/sup><\/a>,  te &#8216;dovode do depolitizacije i svo\u0111enja \u017eivota svijeta na brbljarije&#8217;<a name=\"_ftnref171\"><\/a><a href=\"#_ftn171\"><sup>[<span style=\"font-family: 'times new roman', times;\"><strong>171<\/strong><\/span>]<\/sup><\/a>.  Prikaz kulturnih<strong> <\/strong>doga\u0111aja postaje povr\u0161an, trivijalan ili odre\u0111en  komercijalnim motivima, \u0161to stvara shva\u0107anje sadr\u017eaja kao &quot;robe&quot; na  tr\u017ei\u0161tu. Kao posljedica trivijalizacije sadr\u017eaja (rubrika &#8216;\u017divot&#8217;, Jutarnji  list) javlja se istiskivanje dru\u0161tveno relevantnih i zna\u010dajnih tema iz medijskog  prostora, a antiintelektualizam se ustoli\u010duje kao dominantna vrijednost \u0161to  dovodi do veli\u010danja i \u0161irenja efemernog i bizarnog kao novih vrijednosti u  medijskom artikuliranju svijeta. Zaokret masovnih medija u sadr\u017eajnom konceptu  prema trivijalizaciji primje\u0107uje i Noam Chomsky koji tvrdi da &#8216;oni poku\u0161avaju  odvratiti pozornost s bitnog na nebitno, povr\u0161no i zabavno, primjerice, na  profesionalni sport, Hollywood, sapunice, \u017eivote slavnih i seksualne skandale<a name=\"_ftnref172\"><\/a><a href=\"#_ftn172\"><sup>[<span style=\"font-family: 'times new roman', times;\"><strong>172<\/strong><\/span>]<\/sup><\/a>,  te takvim sadr\u017eajima usmjeravaju masovnu publiku.<\/p>\n<p class=\"MsoNormal\" style=\"line-height: 170%;\">Kao osnovni kriterij  izbora kulturnih sadr\u017eaja u masovnim medijima inaugurira se nekoliko na\u010dela<strong> &#8211; <\/strong>ekskluzivnosti<strong>,<\/strong> izuzetnosti, nesvakida\u0161njosti, posebnosti i  bizarnosti, \u010dime se prilozi selektiraju<strong>  <\/strong>prema kriteriju otklona od o\u010dekivane  stvarnosti, dok se ono \u0161to se doga\u0111a u stvarnom svijetu progla\u0161ava  nezanimljivim i nebitnim.  Kod selekcije  li\u010dnosti utemeljuje se kriterij &#8216;poznatosti&#8217;: prioritet imaju poznate i slavne  osobe \u0161to zna\u010di da mediji daju prednost &quot;ve\u0107 unaprijed predmi\u0161ljenoj  kulturnoj hrani&quot;<a name=\"_ftnref173\"><\/a><a href=\"#_ftn173\"><sup>[<span style=\"font-family: 'times new roman', times;\"><strong>173<\/strong><\/span>]<\/sup><\/a>,  a ne analizi i mi\u0161ljenju koje je subverzivno i protivno logici tr\u017ei\u0161ta. Cijelom  medijskom polju te tako i kulturnim rubrikama, name\u0107e se senzacionalizam i  traganje za skandalima \u0161to je do tada bilo rezervirano za \u017eutu \u0161tampu. <\/p>\n<p class=\"MsoNormal\" style=\"line-height: 170%;\">U dnevnim listovima  se ukidaju kulturni prilozi (Ve\u010dernji list, Slobodna Dalmacija) i smanjuje se  broj stranica kulturnih rubrika u dnevnicima, a prioritetne postaju  novopokrenute rubrike, tzv. dru\u0161tvene kronike, poput Zlatnog oka, Glamur caffea  i Portfolija, koje u skladu s na\u010delom spektakularnosti donose bizarne  informacije o li\u010dnostima iz javnog \u017eivota, ali i o onima sumnjive pro\u0161losti,  daju\u0107i prednost podacima o odje\u0107i i jelovnicima na domjencima vi\u0161e negoli  kulturnim doga\u0111ajima. U masovnim medijima nestaju stru\u010dne kritike<strong> <\/strong>a  kao nadomjestak se pojavljuje kratka i povr\u0161na  forma prikaza gdje se na jednostavan, zabavan i atraktivan na\u010din prepri\u010dava  sadr\u017eaj knji\u017eevnog djela te pomo\u0107u pet zvjezdica ocjenjuje kvaliteta kulturnog  proizvoda.<strong> <\/strong>Uvodi se i model &#8216;copy-paste&#8217; recenzije,<strong> <\/strong>koji nastaje  kopiranjem reklamne informacije o knjizi naj\u010de\u0161\u0107e otisnute na koricama  knji\u017eevnog djela. Taj se model &#8216;copy-paste&#8217; recenzije<strong> <\/strong>temelji na PR  diskursu sa svrhom reklamiranja knji\u017eevnog djela i uspje\u0161nije prodaje kulturnog  proizvoda. Takav tip recenzija odra\u017eava duh razdoblja kojeg karakterizira  odsustvo kriti\u010dkog i analiti\u010dkog mi\u0161ljenja, te povr\u0161nost i trivijalnost \u0161to pak  dovodi do \u0161irenja &#8216;copy\/paste&#8217; kulture.<\/p>\n<p class=\"MsoNormal\" style=\"line-height: 170%;\">Nestaje kriti\u010dki i  analiti\u010dki diskurs, ne propituje se kulturna proizvodnja, kao ni posttranzicijska  stvarnost i nastajanje potro\u0161a\u010dkog dru\u0161tva u Hrvatskoj, a zamjenjuje ga  antiintelektualizam, kulturni snobizam, povr\u0161nost i banalizacija kulturnih  sadr\u017eaja. To potvr\u0111uje i misao Terryja Eagletona koji zapa\u017ea da je kultura u  cijelosti obuhva\u0107ena &quot;op\u0107im procesom proizvodnje udobnosti&quot;<a name=\"_ftnref174\"><\/a><a href=\"#_ftn174\"><sup>[<span style=\"font-family: 'times new roman', times;\"><strong>174<\/strong><\/span>]<\/sup><\/a>.  Masovni mediji pretvaraju se u promotore i kreatore spektakularizirane  stvarnosti.  <\/p>\n<p class=\"MsoNormal\" style=\"line-height: 170%;\">Kao<strong> <\/strong>jedan od  najtira\u017enijih mehanizama reprezentacije kulture izdvaja se model top-lista,<strong> <\/strong>odnosno,  rang-lista, primjerice najprevo\u0111enijih pisaca, najtira\u017enijih ili naj\u010ditanijih  knjiga, najgledanijih filmova ili predstava, ali i najbogatijih i  najutjecajnijih ljudi, zatim najluksuznijih ku\u0107a, jahti, ili stanova kojima  mediji promoviraju tr\u017ei\u0161ne sustave vrijednosti. Vode\u0107i tjednici tog razdoblja  objavljuju razli\u010dite rang-liste (Top deset najtira\u017enijih hrvatskih pisaca, Top<strong> <\/strong>deset najprevo\u0111enijih hrvatskih autora, Top deset ukradenih umjetnina u  Hrvatskoj, Top deset najrasko\u0161nijih hrvatskih vila) a osnovni kriterij  uvr\u0161tavanja na takve top liste je komercijalni, tr\u017ei\u0161ni uspjeh. Taj fenomen  rang lista usporediv je s Bourdieuovim na\u010delom audiomata, mjerilom \u010ditanosti,  slu\u0161anosti i gledanosti, kojim se na temelju tr\u017ei\u0161ne logike odre\u0111uje zavr\u0161ni  sud o nekom kulturnom proizvodu. <strong><\/strong><\/p>\n<p class=\"MsoNormal\" style=\"line-height: 170%;\"> Mediji donose radikalan preobra\u017eaj zna\u010denje  novinske fotografije  koja vi\u0161e nije samo  u funkciji ilustriranja teksta nego podrazumijeva &#8216;estetizaciju socijalnog  svijeta kao dominacije vizualnog u odnosu prema pisanoj i govornoj rije\u010di&#8217;.<a name=\"_ftnref175\"><\/a><a href=\"#_ftn175\"><sup>[<span style=\"font-family: 'times new roman', times;\"><strong>175<\/strong><\/span>]<\/sup><\/a> U toj estetizaciji mediji se koriste   mehanizmima &quot;medijske inscenacije&quot;<a name=\"_ftnref176\"><\/a><a href=\"#_ftn176\"><sup>[<span style=\"font-family: 'times new roman', times;\"><strong>176<\/strong><\/span>]<\/sup><\/a> i &quot;teatralizacije stvarnosti&quot;<a name=\"_ftnref177\"><\/a><a href=\"#_ftn177\"><sup>[<span style=\"font-family: 'times new roman', times;\"><strong>177<\/strong><\/span>]<\/sup><\/a> te proizvode promi\u0161ljeni u\u010dinak za zami\u0161ljenu publiku i konstruiraju novu  stvarnost, odnosno &#8216;privid kojemu u stvarnom \u017eivotu ne odgovara ni\u0161ta&#8217;,<a name=\"_ftnref178\"><\/a><a href=\"#_ftn178\"><sup>[<span style=\"font-family: 'times new roman', times;\"><strong>178<\/strong><\/span>]<\/sup><\/a> te tako ta &#8216;slika ne djeluje samo kao medij u tom socijalnom svijetu nego ga ona  nanovo konstruira&#8217;.<a name=\"_ftnref179\"><\/a><a href=\"#_ftn179\"><sup>[<span style=\"font-family: 'times new roman', times;\"><strong>179<\/strong><\/span>]<\/sup><\/a> Takva estetizacija stvarnosti predvi\u0111a  odre\u0111enu vrstu teatralizacije medijskih informacija, odnosno socijalnih  do\u017eivljaja i spoznaja, \u0161to dovodi do statusa fotografije kao primarnog oblika prezentacije  sadr\u017eaja. Kori\u0161tenje tih mehanizama najizrazitije je u fazi nakon  tre\u0107esije\u010danjskih izbora, kad u medijima uslijed pada tira\u017ea kre\u0107e proces tzv.  revijalizacije sadr\u017eaja. Takav manekenski pristup u oblikovanju medijskih  sadr\u017eaja najo\u010ditije je prezentiran u Globusovoj rubrici Lifestyle u kojoj se  inzistiralo na vizualno insceniranoj, spektakularnoj, artificijelnoj, \u010desto  bizarnoj, ponekad i ideolo\u0161ki upitnoj prezentaciji javnih li\u010dnosti.<\/p>\n<p class=\"MsoNormal\" style=\"line-height: 170%;\">S modelom  &#8216;teatralizacije stvarnosti&#8217; usko je povezan model &#8216;proizvodnje pseudodoga\u0111aja&#8217;<a name=\"_ftnref180\"><\/a><a href=\"#_ftn180\"><sup>[<span style=\"font-family: 'times new roman', times;\"><strong>180<\/strong><\/span>]<\/sup><\/a><strong> <\/strong>koji svojom atraktivno\u0161\u0107u,  spektakularno\u0161\u0107u i tzv. ekskluzivno\u0161\u0107u  zasjenjuje stvarnost i nanovo &#8216;konstruira stvarnost&#8217;<a name=\"_ftnref181\"><\/a><a href=\"#_ftn181\"><sup>[<span style=\"font-family: 'times new roman', times;\"><strong>181<\/strong><\/span>]<\/sup><\/a>.  Na podru\u010dju kulture &#8216;pseudodoga\u0111aji&#8217; se proizvode pomo\u0107u mehanizama  dramatizacije i teatralizacije zbilje, te prenagla\u0161enog kori\u0161tenja vizualnih  elemenata \u010dime se preuveli\u010dava njihova va\u017enost i zna\u010daj. Cilj je simuliranje  glamura i spektakularnosti svijeta, a rezultat je proizvodnja pseudokulture  gdje se doga\u0111a falsificiranje autenti\u010dnog sadr\u017eaja koju karakteriziraju<strong> <\/strong>&quot;otklon  smisla, depolitizacija politike, dekulturacija kulture i deseksualizacija  tijela&quot;.<a name=\"_ftnref182\"><\/a><a href=\"#_ftn182\"><sup>[<span style=\"font-family: 'times new roman', times;\"><strong>182<\/strong><\/span>]<\/sup><\/a> U takvoj situaciji novinari postaju  &quot;mitski operateri, koji predmet ili doga\u0111aj &#8216;izmi\u0161ljaju&#8217;, zatim ga  postavljaju na scenu i &#8216;isporu\u010duju&#8217; interpretiranog, gotovo nanovo konstruiranog&quot;<a name=\"_ftnref183\"><\/a><a href=\"#_ftn183\"><sup>[<span style=\"font-family: 'times new roman', times;\"><strong>183<\/strong><\/span>]<\/sup><\/a>. <\/p>\n<p class=\"MsoNormal\" style=\"line-height: 170%;\">U predstavljanju  kulturnih sadr\u017eaja u masovnim medijima u ovom se razdoblju javlja i model  &#8216;pornografizacije zbilje&#8217;. U medijima se dramati\u010dno pove\u0107ava brojnost i  eksplicitnost seksualnih sadr\u017eaja (&#8216;Sportski seks sa Cindy Crawford&#8217;,  &#8216;Perverzni ku\u0107ni video&#8217;, &#8216;Falusni simboli na partyju kod vojvotkinje&#8217;<a name=\"_ftnref184\"><\/a><a href=\"#_ftn184\"><sup>[<span style=\"font-family: 'times new roman', times;\"><strong>184<\/strong><\/span>]<\/sup><\/a>)  a  time rastu i voajerizam i  egzibicionizam tako da je danas svatko &#8216;voajer i narcis, gledatelj i gledani,  subjekt i objekt samopromatranja u javnom u\u017eitku&#8217;<a name=\"_ftnref185\"><\/a><a href=\"#_ftn185\"><sup>[<span style=\"font-family: 'times new roman', times;\"><strong>185<\/strong><\/span>]<\/sup><\/a>.  Primjer povezanosti voajerizma i egzibicionizma predstavlja primjer reality  showa Big Brother o \u010dijim  protagonistima  tijekom 2004. mediji ispisuju brojne stranice s naglaskom na erotiziranim  sadr\u017eajima tako da su novine i web portale preplavili snimci tu\u0161iranja i  svla\u010denja te zavo\u0111enja stanara Big Brother ku\u0107e. Trend liberalizacije prikaza  seksualnosti u medijima donosi i tzv. &#8216;coming out&#8217;, priznavanje  homoseksualne orijentacije javnih djelatnika (Dra\u017een  Ilin\u010di\u0107 u TV emisiji &#8216;Otvoreno&#8217;). Pornografizacija medija doga\u0111a se dijelom  zbog seksualizacije globalne pop kulture koju Brian MacNair naziva<strong> <\/strong>&#8216;striptiz  kulturom&#8217;<a name=\"_ftnref186\"><\/a><a href=\"#_ftn186\"><sup>[<span style=\"font-family: 'times new roman', times;\"><strong>186<\/strong><\/span>]<\/sup><\/a>, koja  ima i svoju hrvatsku varijantu, a dijelom je odgovor na &#8216;duhovnu obnovu&#8217; i  moralni pritisak iz ranih devedesetih, te se odu\u0161ak tra\u017ei u svojevrsnoj  demokratizaciji javnog govora izra\u017eenog kroz erotizirane teme. <\/p>\n<p class=\"MsoNormal\" style=\"line-height: 170%;\">Masovni  mediji u Hrvatskoj izborom tema i li\u010dnosti iz podru\u010dja kulture te njihovom  medijatizacijom, tj. na\u010dinom medijske obrade, \u010desto promoviraju  antiintelektualizam, (malo)gra\u0111ansku kulturu i konzumerizam, kao i odre\u0111en  &quot;utr\u017eivi&quot;, komercijalni, vrijednosni sustav (bogatstvo, glamur i  status) koji zatim postepeno utje\u010de na formiranje osobnog i kolektivnog  svjetonazora. Takvim specifi\u010dnim medijskim pogledom na kulturu gdje u prvi plan  dolaze vijesti o preljubima i skandalima &#8216;instant zvijezda&#8217;, pozornost se  preusmjerava s bitnih i dru\u0161tveno relevantnih tema na zabavne sadr\u017eaje koji ne  izazivaju nikakve posljedice, a to pak dovodi do gubljenja kriti\u010dkog odnosa  prema stvarnosti. Drugim rije\u010dima, tabloidizirano novinarstvo pridonosi  nevjerodostojnosti, odnosno &quot;sveop\u0107em  autizmu, nepokretnosti<strong>, <\/strong>smanjenju misaonosti, opsjednutosti  zabavom<strong>, <\/strong>masovnom konzumerizmu i nekriti\u010dkom gutanju bezveznih  sadr\u017eaja&quot;<a name=\"_ftnref187\"><\/a><a href=\"#_ftn187\"><sup>[<span style=\"font-family: 'times new roman', times;\"><strong>187<\/strong><\/span>]<\/sup><\/a>. <\/p>\n<p class=\"MsoNormal\" style=\"line-height: 170%;\">Tezu o  skretanju s bitnog na efemerno potkrepljuje tekst &quot;Modni vodi\u010d po  Remetincu&quot;<a name=\"_ftnref188\"><\/a><a href=\"#_ftn188\"><sup>[<span style=\"font-family: 'times new roman', times;\"><strong>188<\/strong><\/span>]<\/sup><\/a> u kojem se na \u0161est stranica analizira cjelokupni odjevni imid\u017e osumnji\u010denika i  njihovih odvjetnika te sudaca i istra\u017eitelja u procesu tzv. zagreba\u010dkoj mafiji.  Taj primjer analize odijevanja osumnji\u010denika u zatvoru istodobno pokazuje novi  na\u010din medijatizacije tog zna\u010dajnog sudskog procesa: umjesto optu\u017enica u fokus  medijskog zanimanja dolaze simboli luksuza &#8211; Armanijeva odijela i skupocjeni  satovi osumnji\u010denika, \u010dime se skriva i krivotvori slika stvarnosti, otupljuje  kriti\u010dko mi\u0161ljenje \u010ditatelja i promovira nakaradan sustav vrijednosti. <\/p>\n<p class=\"MsoNormal\" style=\"line-height: 170%;\">U proizvodnji  kulturnih sadr\u017eaja u ovom razdoblju masmediji orijentirani su prema popularnoj,  komercijalnoj kulturi, te promoviraju sliku svijeta iz konzumeristi\u010dke perspektive.  U potrazi za novim \u010ditateljima stvara se  medijska antikultura Big Brothera, \u0161to pridonosi razvoju dru\u0161tva koje te\u017ei  prvenstveno zabavi, zadovoljstvu i u\u017eitku, te vanjskim efektima.   <\/p>\n<p class=\"MsoNormal\" style=\"line-height: 170%;\"><strong>&nbsp;<\/strong><\/p>\n<p class=\"MsoNormal\" style=\"line-height: 170%;\"><strong>Zaklju\u010dak<\/strong><\/p>\n<p class=\"MsoNormal\" style=\"line-height: 170%;\">Na  temelju analize sadr\u017eaja reprezentacije kulturne proizvodnje u masmedijima u  Hrvatskoj u tranziciji mo\u017ee se re\u0107i da komercijalni mediji  u Hrvatskoj odra\u017eavaju, te podr\u017eavaju i promoviraju globalizacijske trendove  (unifikacija kulturnih proizvoda, trendova, moda, pona\u0161anja, ukusa) i  neoliberalne koncepte (tr\u017ei\u0161ni vrijednosni sustav), te da svojim izborom tema i  li\u010dnosti iz politi\u010dkog i kulturnog \u017eivota Hrvatske promoviraju odre\u0111en  &quot;utr\u017eivi&quot;, komercijalni, vrijednosni sustav (bogatstvo, glamur,  kulinarstvo, wellness i dru\u0161tveni status) koji zatim postepeno utje\u010de na  formiranje osobnog i kolektivnog svjetonazora. Rije\u010d je o specifi\u010dnom medijskom  pogledu na kulturu koji dovodi do zatupljivanja i gubljenja kriti\u010dkog odnosa  prema stvarnosti. Takvom proizvodnjom medijskih sadr\u017eaja mediji gubi  vjerodostojnost te se promovira odre\u0111ena ideologija &#8211;  politi\u010dki i kulturni primitivizam, zabava za  \u0161iroke \u010ditateljske mase i kultura ki\u010da.<\/p>\n<p class=\"MsoNormal\" style=\"line-height: 170%;\">To zna\u010di  da masovni mediji sve manje proizvode vijesti o posttranzicijskoj stvarnosti  Hrvatske, a sve vi\u0161e instant medijske zvijezde, pi\u0161u\u0107i o njihovim privatnim  \u017eivotima, razvodima, skandalima, glamuroznim zabavama, odje\u0107i s potpisom,  blje\u0161tavilu i sli\u010dno. Zbog stvaranja takvog star-sistema, odnosno, celebrity  kulture, medijski prostor postaje preplavljen efemernim i ponekad opskurnim  podacima o irelevantnim doga\u0111ajima te tako banalizacija novinskog \u0161tiva postaje  temeljna odrednica medijske sfere u Hrvatskoj. Bezna\u010dajne vijesti o  preljubima i skandalima tzv. zvijezda preusmjeravaju pozornost s bitnih,  dru\u0161tvenih i politi\u010dkih doga\u0111aja na nerelevantne sadr\u017eaje, kulturni \u017eivot  zemlje stavljaju u drugi plan, te depolitiziraju i umrtvljuju dru\u0161tvo. Drugimrije\u010dima, dana\u0161njetabloidiziranonovinarstvo<strong>, <\/strong>kakoka\u017eeBaudrillard, pridonijelo je&quot; sveop\u0107emautizmu, nepokretnosti<strong>, <\/strong>smanjenju misaonosti, opsjednutosti zabavom<strong>, <\/strong>masovnom konzumerizmu  i nekriti\u010dkom gutanju bezveznih sadr\u017eaja&quot;<a name=\"_ftnref189\"><\/a><a href=\"#_ftn189\"><sup>[<span style=\"font-family: 'times new roman', times;\"><strong>189<\/strong><\/span>]<\/sup><\/a>. <\/p>\n<p class=\"MsoNormal\" style=\"line-height: 170%;\">Tome u prilog govori  i analiza neobjavljenih (pre\u0161u\u0107enih) sadr\u017eaja, odnosno, izbjegavanje odre\u0111enih  tema, problema i ljudi. U masovnim medijima ne objavljuju se ili se rijetko  objavljuju prilozi iz podru\u010dja subkulture i alternativne kulture, \u0161to zna\u010di da  se potpuno zanemaruju mla\u0111i umjetnici i kulturni djelatnici, te njihove nove i  \u010desto subverzivne ideje. Time se tako\u0111er zanemaruje mla\u0111a \u010ditateljska publika. Tako\u0111er  se ne objavljuju ili se rijetko objavljuju recenzije knjiga iz podru\u010dja  humanisti\u010dkih znanosti. O podru\u010dju kulturne politike pi\u0161e se sporadi\u010dno,  naj\u010de\u0161\u0107e u slu\u010daju skandala i afera. Ne pi\u0161e se niti o polo\u017eaju \u017eena u  hrvatskom dru\u0161tvu, njihovim inicijativama, idejama i projektima, a niti o  feminizmu, spolnoj i rodnoj politici, te o obiteljskom nasilju \u0161to je usko  povezano s aktualnom repatrijarhalizacijom poslijeratne Hrvatske i dominacijom  mu\u0161kog diskursa u tr\u017ei\u0161nocentri\u010dnim medijima.<\/p>\n<p class=\"MsoNormal\" style=\"line-height: 170%;\">Umjesto zaklju\u010dka  mo\u017eemo citrati Pierrea Bourdieua koji ka\u017ee da vi\u0161e ne postoji  &#8216;pedago\u0161ko-paternalisti\u010dko<strong> <\/strong>novinarstvo iz pedesetih&#8217;<a name=\"_ftnref190\"><\/a><a href=\"#_ftn190\"><sup>[<span style=\"font-family: 'times new roman', times;\"><strong>190<\/strong><\/span>]<\/sup><\/a>,  koje je imalo kulturne pretenzije i oblikovalo ukus \u0161iroke publike, nego  &quot;populisti\u010dko, koje podilazi ukusu publike, promovira mediokritete i svodi  \u017eivot na anegdotu, senzaciju i sliku. Informacija se tretira kao roba i vlada  zakon tr\u017ei\u0161ta&quot;<a name=\"_ftnref191\"><\/a><a href=\"#_ftn191\"><sup>[<span style=\"font-family: 'times new roman', times;\"><strong>191<\/strong><\/span>]<\/sup><\/a>.\n<\/p>\n<p class=\"MsoNormal\" style=\"line-height: 150%;\">&nbsp;<\/p>\n<hr align=\"left\" size=\"1\" width=\"33%\" \/>\n<div id=\"ftn145\">\n<p class=\"MsoNormal\" style=\"line-height: 150%;\"><span style=\"font-size: 8.0pt;\"><a name=\"_ftn145\"><\/a><a href=\"#_ftnref145\"><sup>[<span style=\"font-family: 'times new roman', \ntimes;\"><strong>145<\/strong><\/span>]<\/sup><\/a>&nbsp;<br \/>\nIvo Pranjkovi\u0107, Rije\u010di za odstrel, kolumna  Hrvatski ili rvacki, Danas, 7. travnja, 1992. str. 54<\/p>\n<p><\/span><\/p>\n<\/div>\n<div id=\"ftn146\">\n<p class=\"MsoNormal\" style=\"line-height: 150%;\"><span style=\"font-size: 8.0pt;\"><a name=\"_ftn146\"><\/a><a href=\"#_ftnref146\"><sup>[<span style=\"font-family: 'times new roman', \ntimes;\"><strong>146<\/strong><\/span>]<\/sup><\/a>&nbsp;<br \/>\nIgor Lasi\u0107, Smetli\u0161te knjiga u malom mistu,  Tjednik, 6. velja\u010de, 1998. str. 55<\/p>\n<p><\/span><\/p>\n<\/div>\n<div id=\"ftn147\">\n<p class=\"MsoNormal\" style=\"line-height: 150%;\"><span style=\"font-size: 8.0pt;\"><a name=\"_ftn147\"><\/a><a href=\"#_ftnref147\"><sup>[<span style=\"font-family: 'times new roman', \ntimes;\"><strong>147<\/strong><\/span>]<\/sup><\/a>&nbsp;<br \/>\nMilan Kangrga, Hrvatski knjigocid \u2013  Barbarizam i renesansa, Feral Tribune, 30. o\u017eujka, 1998. str. 35<\/p>\n<p><\/span><\/p>\n<\/div>\n<div id=\"ftn148\">\n<p class=\"MsoNormal\" style=\"line-height: 150%;\"><span style=\"font-size: 8.0pt;\"><a name=\"_ftn148\"><\/a><a href=\"#_ftnref148\"><sup>[<span style=\"font-family: 'times new roman', \ntimes;\"><strong>148<\/strong><\/span>]<\/sup><\/a>&nbsp;<br \/>\nIsto<\/p>\n<p><\/span><\/p>\n<\/div>\n<div id=\"ftn149\">\n<p class=\"MsoNormal\" style=\"line-height: 150%;\"><span style=\"font-size: 8.0pt;\"><a name=\"_ftn149\"><\/a><a href=\"#_ftnref149\"><sup>[<span style=\"font-family: 'times new roman', \ntimes;\"><strong>149<\/strong><\/span>]<\/sup><\/a>&nbsp;<br \/>\nIsto<br \/>\n<\/span><\/p>\n<\/div>\n<div id=\"ftn150\">\n<p class=\"MsoNormal\" style=\"line-height: 150%;\"><span style=\"font-size: 8.0pt;\"><a name=\"_ftn150\"><\/a><a href=\"#_ftnref150\"><sup>[<span style=\"font-family: 'times new roman', \ntimes;\"><strong>150<\/strong><\/span>]<\/sup><\/a>&nbsp;<br \/>\nIsto<\/p>\n<p><\/span><\/p>\n<\/div>\n<div id=\"ftn151\">\n<p class=\"MsoNormal\" style=\"line-height: 150%;\"><span style=\"font-size: 8.0pt;\"><a name=\"_ftn151\"><\/a><a href=\"#_ftnref151\"><sup>[<span style=\"font-family: 'times new roman', \ntimes;\"><strong>151<\/strong><\/span>]<\/sup><\/a>&nbsp;<br \/>\nI knjige se mogu ubiti, Tomislav Klau\u0161ki,  Novi list, 10. svibnja, 1999.<\/p>\n<p><\/span><\/p>\n<\/div>\n<div id=\"ftn152\">\n<p class=\"MsoNormal\" style=\"line-height: 150%;\"><span style=\"font-size: 8.0pt;\"><a name=\"_ftn152\"><\/a><a href=\"#_ftnref152\"><sup>[<span style=\"font-family: 'times new roman', \ntimes;\"><strong>152<\/strong><\/span>]<\/sup><\/a>&nbsp;<br \/>\n\u0160enol Selimovi\u0107, Posljednja oaza hedonizma,  Nedjeljna Dalmacija, 9. velja\u010de, 1992. <\/p>\n<p><\/span><\/p>\n<\/div>\n<div id=\"ftn153\">\n<p class=\"MsoNormal\" style=\"line-height: 150%;\"><span style=\"font-size: 8.0pt;\"><a name=\"_ftn153\"><\/a><a href=\"#_ftnref153\"><sup>[<span style=\"font-family: 'times new roman', \ntimes;\"><strong>153<\/strong><\/span>]<\/sup><\/a>&nbsp;<br \/>\nIsto<\/p>\n<p><\/span><\/p>\n<\/div>\n<div id=\"ftn154\">\n<p class=\"MsoNormal\" style=\"line-height: 150%;\"><span style=\"font-size: 8.0pt;\"><a name=\"_ftn154\"><\/a><a href=\"#_ftnref154\"><sup>[<span style=\"font-family: 'times new roman', \ntimes;\"><strong>154<\/strong><\/span>]<\/sup><\/a>&nbsp;<br \/>\nPero Juri\u0161in, Demonizacija svega partizanskog,  Novi list, 7. travnja, 1995.<\/p>\n<p><\/span><\/p>\n<\/div>\n<div id=\"ftn155\">\n<p class=\"MsoNormal\" style=\"line-height: 150%;\"><span style=\"font-size: 8.0pt;\"><a name=\"_ftn155\"><\/a><a href=\"#_ftnref155\"><sup>[<span style=\"font-family: 'times new roman', \ntimes;\"><strong>155<\/strong><\/span>]<\/sup><\/a>&nbsp;<br \/>\nS.G., Za istinsku demokraciju, Slobodna  Dalmacija, 13. prosinca, 1991.<\/p>\n<p><\/span><\/p>\n<\/div>\n<div id=\"ftn156\">\n<p class=\"MsoNormal\" style=\"line-height: 150%;\"><span style=\"font-size: 8.0pt;\"><a name=\"_ftn156\"><\/a><a href=\"#_ftnref156\"><sup>[<span style=\"font-family: 'times new roman', \ntimes;\"><strong>156<\/strong><\/span>]<\/sup><\/a>&nbsp;<br \/>\nIsto<\/p>\n<p><\/span><\/p>\n<\/div>\n<div id=\"ftn157\">\n<p class=\"MsoNormal\" style=\"line-height: 150%;\"><span style=\"font-size: 8.0pt;\"><a name=\"_ftn157\"><\/a><a href=\"#_ftnref157\"><sup>[<span style=\"font-family: 'times new roman', \ntimes;\"><strong>157<\/strong><\/span>]<\/sup><\/a>&nbsp;<br \/>\nMilan Mudronja, Spomenici pred zreo sud,  Vjesnik, 3. o\u017eujka, 1992.<\/p>\n<p><\/span><\/p>\n<\/div>\n<div id=\"ftn158\">\n<p class=\"MsoNormal\" style=\"line-height: 150%;\"><span style=\"font-size: 8.0pt;\"><a name=\"_ftn158\"><\/a><a href=\"#_ftnref158\"><sup>[<span style=\"font-family: 'times new roman', \ntimes;\"><strong>158<\/strong><\/span>]<\/sup><\/a>&nbsp;<br \/>\nZvonko Makovi\u0107, Sotonski obra\u010dun s pro\u0161lo\u0161\u0107u,  Cicero, br. 5, 5. svibnja, 1999.<\/p>\n<p><\/span><\/p>\n<\/div>\n<div id=\"ftn159\">\n<p class=\"MsoNormal\" style=\"line-height: 150%;\"><span style=\"font-size: 8.0pt;\"><a name=\"_ftn159\"><\/a><a href=\"#_ftnref159\"><sup>[<span style=\"font-family: 'times new roman', \ntimes;\"><strong>159<\/strong><\/span>]<\/sup><\/a>&nbsp;<br \/>\nStjepan Malovi\u0107, Sherri Ricchiardi i Gordana  Vilovi\u0107, Etika novinarstva, Sveu\u010dili\u0161na knji\u017eara i ICEJ, Zagreb, 2007.<\/p>\n<p><\/span><\/p>\n<\/div>\n<div id=\"ftn160\">\n<p class=\"MsoNormal\" style=\"line-height: 150%;\"><span style=\"font-size: 8.0pt;\"><a name=\"_ftn160\"><\/a><a href=\"#_ftnref160\"><sup>[<span style=\"font-family: 'times new roman', \ntimes;\"><strong>160<\/strong><\/span>]<\/sup><\/a>&nbsp;<br \/>\nMarinko \u010culi\u0107, Na koga Tu\u0111man repetira, Feral  Tribune, 6. lipnja, 1994. str. 6<\/p>\n<p><\/span><\/p>\n<\/div>\n<div id=\"ftn161\">\n<p class=\"MsoNormal\" style=\"line-height: 150%;\"><span style=\"font-size: 8.0pt;\"><a name=\"_ftn161\"><\/a><a href=\"#_ftnref161\"><sup>[<span style=\"font-family: 'times new roman', \ntimes;\"><strong>161<\/strong><\/span>]<\/sup><\/a>&nbsp;<br \/>\nInvestigativni tim, Hrvatske feministice  siluju Hrvatsku, Globus, prosinac, 1992.<\/p>\n<p><\/span><\/p>\n<\/div>\n<div id=\"ftn162\">\n<p class=\"MsoNormal\" style=\"line-height: 150%;\"><span style=\"font-size: 8.0pt;\"><a name=\"_ftn162\"><\/a><a href=\"#_ftnref162\"><sup>[<span style=\"font-family: 'times new roman', \ntimes;\"><strong>162<\/strong><\/span>]<\/sup><\/a>&nbsp;<br \/>\nPierre Bourdieu, Narcisovo ogledalo, Clio,  Beograd, 2000.<\/p>\n<p><\/span><\/p>\n<\/div>\n<div id=\"ftn163\">\n<p class=\"MsoNormal\" style=\"line-height: 150%;\"><span style=\"font-size: 8.0pt;\"><a name=\"_ftn163\"><\/a><a href=\"#_ftnref163\"><sup>[<span style=\"font-family: 'times new roman', \ntimes;\"><strong>163<\/strong><\/span>]<\/sup><\/a>&nbsp;<br \/>\nManuel Castells, Mo\u0107 identiteta, Informacijsko  doba, Golden marketing, 2002.<\/p>\n<p><\/span><\/p>\n<\/div>\n<div id=\"ftn164\">\n<p class=\"MsoNormal\" style=\"line-height: 150%;\"><span style=\"font-size: 8.0pt;\"><a name=\"_ftn164\"><\/a><a href=\"#_ftnref164\"><sup>[<span style=\"font-family: 'times new roman', \ntimes;\"><strong>164<\/strong><\/span>]<\/sup><\/a>&nbsp;<br \/>\nThomas Meyer, Mediokracija. Medijska  kolonizacija politike, FPZ, Zagreb, 2003. <\/p>\n<p><\/span><\/p>\n<\/div>\n<div id=\"ftn165\">\n<p class=\"MsoNormal\" style=\"line-height: 150%;\"><span style=\"font-size: 8.0pt;\"><a name=\"_ftn165\"><\/a><a href=\"#_ftnref165\"><sup>[<span style=\"font-family: 'times new roman', \ntimes;\"><strong>165<\/strong><\/span>]<\/sup><\/a>&nbsp;<br \/>\nPierre Burdieu, Narcisovo ogledalo, Clio, Beograd,  2000.<br \/>\n<\/span><\/p>\n<\/div>\n<div id=\"ftn166\">\n<p class=\"MsoNormal\" style=\"line-height: 150%;\"><span style=\"font-size: 8.0pt;\"><a name=\"_ftn166\"><\/a><a href=\"#_ftnref166\"><sup>[<span style=\"font-family: 'times new roman', \ntimes;\"><strong>166<\/strong><\/span>]<\/sup><\/a>&nbsp;<br \/>\nIsto<br \/>\n<\/span><\/p>\n<\/div>\n<div id=\"ftn167\">\n<p class=\"MsoNormal\" style=\"line-height: 150%;\"><span style=\"font-size: 8.0pt;\"><a name=\"_ftn167\"><\/a><a href=\"#_ftnref167\"><sup>[<span style=\"font-family: 'times new roman', \ntimes;\"><strong>167<\/strong><\/span>]<\/sup><\/a>&nbsp;<br \/>\nPierre Bourdieu, Narcisovo ogledalo, Clio,  Beograd, 2000.<br \/>\n<\/span><\/p>\n<\/div>\n<div id=\"ftn168\">\n<p class=\"MsoNormal\" style=\"line-height: 150%;\"><span style=\"font-size: 8.0pt;\"><a name=\"_ftn168\"><\/a><a href=\"#_ftnref168\"><sup>[<span style=\"font-family: 'times new roman', \ntimes;\"><strong>168<\/strong><\/span>]<\/sup><\/a>&nbsp;<br \/>\nIsto<br \/>\n<\/span><\/p>\n<\/div>\n<div id=\"ftn169\">\n<p class=\"MsoNormal\" style=\"line-height: 150%;\"><span style=\"font-size: 8.0pt;\"><a name=\"_ftn169\"><\/a><a href=\"#_ftnref169\"><sup>[<span style=\"font-family: 'times new roman', \ntimes;\"><strong>169<\/strong><\/span>]<\/sup><\/a>&nbsp;<br \/>\nIsto<br \/>\n<\/span><\/p>\n<\/div>\n<div id=\"ftn170\">\n<p class=\"MsoNormal\" style=\"line-height: 150%;\"><span style=\"font-size: 8.0pt;\"><a name=\"_ftn170\"><\/a><a href=\"#_ftnref170\"><sup>[<span style=\"font-family: 'times new roman', \ntimes;\"><strong>170<\/strong><\/span>]<\/sup><\/a>&nbsp;<br \/>\nIsto<br \/>\n<\/span><\/p>\n<\/div>\n<div id=\"ftn171\">\n<p class=\"MsoNormal\" style=\"line-height: 150%;\"><span style=\"font-size: 8.0pt;\"><a name=\"_ftn171\"><\/a><a href=\"#_ftnref171\"><sup>[<span style=\"font-family: 'times new roman', \ntimes;\"><strong>171<\/strong><\/span>]<\/sup><\/a>&nbsp;<br \/>\nPierre Bourdieu, Narcisovo ogledalo, Clio,  Beograd, 2002.<br \/>\n<\/span><\/p>\n<\/div>\n<div id=\"ftn172\">\n<p class=\"MsoNormal\" style=\"line-height: 150%;\"><span style=\"font-size: 8.0pt;\"><a name=\"_ftn172\"><\/a><a href=\"#_ftnref172\"><sup>[<span style=\"font-family: 'times new roman', \ntimes;\"><strong>172<\/strong><\/span>]<\/sup><\/a>&nbsp;<br \/>\nNoam Chomsky, \u0160to \u010dini dominantne medije  dominantnima, Europski glasnik, br. 10, Zagreb, 2005. str. 201<br \/>\n<\/span><\/p>\n<\/div>\n<div id=\"ftn173\">\n<p class=\"MsoNormal\" style=\"line-height: 150%;\"><span style=\"font-size: 8.0pt;\"><a name=\"_ftn173\"><\/a><a href=\"#_ftnref173\"><sup>[<span style=\"font-family: 'times new roman', \ntimes;\"><strong>173<\/strong><\/span>]<\/sup><\/a>&nbsp;<br \/>\nPierre Bourdieu, Narcisovo ogledalo, Clio,  Beograd, 2000.<br \/>\n<\/span><\/p>\n<\/div>\n<div id=\"ftn174\">\n<p class=\"MsoNormal\" style=\"line-height: 150%;\"><span style=\"font-size: 8.0pt;\"><a name=\"_ftn174\"><\/a><a href=\"#_ftnref174\"><sup>[<span style=\"font-family: 'times new roman', \ntimes;\"><strong>174<\/strong><\/span>]<\/sup><\/a>&nbsp;<br \/>\nTerry Eagleton, Ideja kulture, Naklada  Jesenski i Turk, Zagreb, 2002.<\/p>\n<p><\/span><\/p>\n<\/div>\n<div id=\"ftn175\">\n<p class=\"MsoNormal\" style=\"line-height: 150%;\"><span style=\"font-size: 8.0pt;\"><a name=\"_ftn175\"><\/a><a href=\"#_ftnref175\"><sup>[<span style=\"font-family: 'times new roman', \ntimes;\"><strong>175<\/strong><\/span>]<\/sup><\/a>&nbsp;<br \/>\nThomas Meyer, Mediokracija. Medijska  kolonizacija politike, FPZ, Zagreb, 2003. <\/p>\n<p><\/span><\/p>\n<\/div>\n<div id=\"ftn176\">\n<p class=\"MsoNormal\" style=\"line-height: 150%;\"><span style=\"font-size: 8.0pt;\"><a name=\"_ftn176\"><\/a><a href=\"#_ftnref176\"><sup>[<span style=\"font-family: 'times new roman', \ntimes;\"><strong>176<\/strong><\/span>]<\/sup><\/a>&nbsp;<br \/>\nIsto<br \/>\n<\/span><\/p>\n<\/div>\n<div id=\"ftn177\">\n<p class=\"MsoNormal\" style=\"line-height: 150%;\"><span style=\"font-size: 8.0pt;\"><a name=\"_ftn177\"><\/a><a href=\"#_ftnref177\"><sup>[<span style=\"font-family: 'times new roman', \ntimes;\"><strong>177<\/strong><\/span>]<\/sup><\/a>&nbsp;<\/p>\n<p>Isto<br \/>\n<\/span><\/p>\n<\/div>\n<div id=\"ftn178\">\n<p class=\"MsoNormal\" style=\"line-height: 150%;\"><span style=\"font-size: 8.0pt;\"><a name=\"_ftn178\"><\/a><a href=\"#_ftnref178\"><sup>[<span style=\"font-family: 'times new roman', \ntimes;\"><strong>178<\/strong><\/span>]<\/sup><\/a>&nbsp;<br \/>\nIsto<br \/>\n<\/span><\/p>\n<\/div>\n<div id=\"ftn179\">\n<p class=\"MsoNormal\" style=\"line-height: 150%;\"><span style=\"font-size: 8.0pt;\"><a name=\"_ftn179\"><\/a><a href=\"#_ftnref179\"><sup>[<span style=\"font-family: 'times new roman', \ntimes;\"><strong>179<\/strong><\/span>]<\/sup><\/a>&nbsp;<br \/>\nIsto<br \/>\n<\/span><\/p>\n<\/div>\n<div id=\"ftn180\">\n<p class=\"MsoNormal\" style=\"line-height: 150%;\"><span style=\"font-size: 8.0pt;\"><a name=\"_ftn180\"><\/a><a href=\"#_ftnref180\"><sup>[<span style=\"font-family: 'times new roman', \ntimes;\"><strong>180<\/strong><\/span>]<\/sup><\/a>&nbsp;<br \/>\nJean Baudrillard, Iznad istinitog i  neistinitog, Totalitarizam medija, Europski glasnik, br. 10, 2005.<br \/>\n<\/span><\/p>\n<\/div>\n<div id=\"ftn181\">\n<p class=\"MsoNormal\" style=\"line-height: 150%;\"><span style=\"font-size: 8.0pt;\"><a name=\"_ftn181\"><\/a><a href=\"#_ftnref181\"><sup>[<span style=\"font-family: 'times new roman', \ntimes;\"><strong>181<\/strong><\/span>]<\/sup><\/a>&nbsp;<br \/>\nMurray Edelman, Konstrukcija politi\u010dkog  spektakla, Politi\u010dka kultura, Zagreb, 2003.<br \/>\n<\/span><\/p>\n<\/div>\n<div id=\"ftn182\">\n<p class=\"MsoNormal\" style=\"line-height: 150%;\"><span style=\"font-size: 8.0pt;\"><a name=\"_ftn182\"><\/a><a href=\"#_ftnref182\"><sup>[<span style=\"font-family: 'times new roman', \ntimes;\"><strong>182<\/strong><\/span>]<\/sup><\/a>&nbsp;<br \/>\nJean Baudrillard, Iznad istinitog i  neistinitog, Totalitarizam medija, Europski glasnik, br. 10, 2005.<br \/>\n<\/span><\/p>\n<\/div>\n<div id=\"ftn183\">\n<p class=\"MsoNormal\" style=\"line-height: 150%;\"><span style=\"font-size: 8.0pt;\"><a name=\"_ftn183\"><\/a><a href=\"#_ftnref183\"><sup>[<span style=\"font-family: 'times new roman', \ntimes;\"><strong>183<\/strong><\/span>]<\/sup><\/a>&nbsp;<br \/>\nIsto<br \/>\n<\/span><\/p>\n<\/div>\n<div id=\"ftn184\">\n<p class=\"MsoNormal\" style=\"line-height: 150%;\"><span style=\"font-size: 8.0pt;\"><a name=\"_ftn184\"><\/a><a href=\"#_ftnref184\"><sup>[<span style=\"font-family: 'times new roman', \ntimes;\"><strong>184<\/strong><\/span>]<\/sup><\/a>&nbsp;<br \/>\nGlobus, br. 382, 3. travnja, 1998.<br \/>\n<\/span><\/p>\n<\/div>\n<div id=\"ftn185\">\n<p class=\"MsoNormal\" style=\"line-height: 150%;\"><span style=\"font-size: 8.0pt;\"><a name=\"_ftn185\"><\/a><a href=\"#_ftnref185\"><sup>[<span style=\"font-family: 'times new roman', \ntimes;\"><strong>185<\/strong><\/span>]<\/sup><\/a>&nbsp;<br \/>\nBrian McNair, Striptiz kultura \u2013 Seks, mediji  i demokratizacija \u017eudnje, Naklada Jesenski i Turk, Zagreb, 2004.<br \/>\n<\/span><\/p>\n<\/div>\n<div id=\"ftn186\">\n<p class=\"MsoNormal\" style=\"line-height: 150%;\"><span style=\"font-size: 8.0pt;\"><a name=\"_ftn186\"><\/a><a href=\"#_ftnref186\"><sup>[<span style=\"font-family: 'times new roman', \ntimes;\"><strong>186<\/strong><\/span>]<\/sup><\/a>&nbsp;<br \/>\nBrian McNair, Striptiz kultura \u2013 Seks, mediji i  demokratizacija \u017eudnje, Naklada Jesenski i Turk, Zagreb, 2004.<br \/>\n<\/span><\/p>\n<\/div>\n<div id=\"ftn187\">\n<p class=\"MsoNormal\" style=\"line-height: 150%;\"><span style=\"font-size: 8.0pt;\"><a name=\"_ftn187\"><\/a><a href=\"#_ftnref187\"><sup>[<span style=\"font-family: 'times new roman', \ntimes;\"><strong>187<\/strong><\/span>]<\/sup><\/a>&nbsp;<br \/>\nJean Baudrillard, Iznad istinitog i neistinitog, Totalitarizam  medija, Europski glasnik, br. 10, 2005.<br \/>\n<\/span><\/p>\n<\/div>\n<div id=\"ftn188\">\n<p class=\"MsoNormal\" style=\"line-height: 150%;\"><span style=\"font-size: 8.0pt;\"><a name=\"_ftn188\"><\/a><a href=\"#_ftnref188\"><sup>[<span style=\"font-family: 'times new roman', \ntimes;\"><strong>188<\/strong><\/span>]<\/sup><\/a>&nbsp;<br \/>\nRenata Ivanovi\u0107, &quot;Modni vodi\u010d po  Remetincu&quot;, Globus, br. 534, 2. o\u017eujka, 2001.<br \/>\n<\/span><\/p>\n<\/div>\n<div id=\"ftn189\">\n<p class=\"MsoNormal\" style=\"line-height: 150%;\"><span style=\"font-size: 8.0pt;\"><a name=\"_ftn189\"><\/a><a href=\"#_ftnref189\"><sup>[<span style=\"font-family: 'times new roman', \ntimes;\"><strong>189<\/strong><\/span>]<\/sup><\/a>&nbsp;<\/p>\n<p>Baudrillard, Jean: Simulacija i zbilja,<strong> <\/strong>Jesenski &amp; Turk,  Zagreb, 2001<strong>.<\/strong>, str. 4 \u2013 11.<br \/>\n<\/span><\/p>\n<\/div>\n<div id=\"ftn190\">\n<p class=\"MsoNormal\" style=\"line-height: 150%;\"><span style=\"font-size: 8.0pt;\"><a name=\"_ftn190\"><\/a><a href=\"#_ftnref190\"><sup>[<span style=\"font-family: 'times new roman', \ntimes;\"><strong>190<\/strong><\/span>]<\/sup><\/a>&nbsp;<br \/>\nPierre Bourdieu, Narcisovo ogledalo, Clio,  Beograd, 2000.<br \/>\n<\/span><\/p>\n<\/div>\n<div id=\"ftn191\">\n<p class=\"MsoNormal\" style=\"line-height: 150%;\"><span style=\"font-size: 8.0pt;\"><a name=\"_ftn191\"><\/a><a href=\"#_ftnref191\"><sup>[<span style=\"font-family: 'times new roman', \ntimes;\"><strong>191<\/strong><\/span>]<\/sup><\/a>&nbsp;<br \/>\nIsto<br \/>\n<\/span><\/p>\n<\/div>\n<p class=\"MsoNormal\" style=\"line-height: 150%;\">&nbsp;<\/p>\n<p class=\"MsoNormal\" style=\"line-height: 170%;\"><strong>Literatura:<\/strong><\/p>\n<p class=\"MsoNormal\" style=\"line-height: 170%;\">Stjepan Malovi\u0107,  Sherri Ricchiardi i Gordana Vilovi\u0107, Etika novinarstva, Sveu\u010dili\u0161na knji\u017eara i  ICEJ, Zagreb, 2007.<\/p>\n<p class=\"MsoNormal\" style=\"line-height: 170%;\">Terry  Eagleton, Ideja kulture, Naklada Jesenski i Turk, Zagreb, 2002.<\/p>\n<p class=\"MsoNormal\" style=\"line-height: 170%;\">Pierre  Bourdieu, Narcisovo ogledalo, Clio, Beograd, 2000. <\/p>\n<p class=\"MsoNormal\" style=\"line-height: 170%;\">Jean  Baudrillard, Iznad  istinitog i neistinitog, Totalitarizam medija, Eurospki glasnik, br. 10,  2005.<\/p>\n<p class=\"MsoNormal\" style=\"line-height: 170%;\">Brian McNair,  Striptiz kultura \u2013 Seks, mediji i demokratizacija \u017eudnje, Naklada Jesenski i  Turk, Zagreb, 2004. <\/p>\n<p class=\"MsoNormal\" style=\"line-height: 170%;\">Murray  Edelman, Konstrukcija politi\u010dkog spektakla, Politi\u010dka kultura, Zagreb, 2003. <\/p>\n<p class=\"MsoNormal\" style=\"line-height: 170%;\">Manuel  Castells, Mo\u0107 identiteta, Informacijsko doba, Golden marketing, 2002. <\/p>\n<p class=\"MsoNormal\" style=\"line-height: 170%;\">Noam Chomsky,  \u0160to \u010dini dominantne medije dominantnima, Europski glasnik, br. 10, Zagreb,  2005. str. 201 <\/p>\n<p class=\"MsoNormal\" style=\"line-height: 170%;\">Thomas Meyer,  Mediokracija. Medijska kolonizacija politike, FPZ, Zagreb, 2003. <\/p>\n<p class=\"MsoNormal\" style=\"line-height: 150%;\">&nbsp;<\/p>\n<p style=\"text-align: center;\" align=\"center\"><strong> <span style=\"font-size: 13.0pt; line-height: 150%;\">(Non)\u2013credibility of the Media Representation of Culture: <br \/>\nfrom Political Manipulation to Scandal Strategy<\/span><\/strong><\/p>\n<p class=\"MsoNormal\" style=\"line-height: 150%;\">&nbsp;<\/p>\n<p style=\"margin: 0cm 48.6pt 0.0001pt 54pt; line-height: 170%;\"><em><strong>Abstract<\/strong><\/em><\/p>\n<p class=\"MsoBodyText\" style=\"margin-top: 0cm; margin-right: 48.6pt; margin-bottom: .0001pt; margin-left: 54.0pt; line-height: 150%;\"><span style=\"font-size: 12.0pt; line-height: 150%; font-family: 'Times New Roman';\" lang=\"SR\">&nbsp;<\/span><\/p>\n<p class=\"MsoBodyText\" style=\"margin-top: 0cm; margin-right: 48.6pt; margin-bottom: .0001pt; margin-left: 54.0pt; line-height: 170%;\"><em>The paper analyzes the media representation of cultural content in Croatia during the transition period, with particular emphasis on selectivity and ideological coloration, as well as the market condition of these contents in mass media. The paper establishes that the process of transformation of media content passes through three phases, and that each phase introduces new models, mechanisms and principles in presentation of culture on the press pages. These new models range from the model of political manipulation to cultural content and the individual\u2019s satanization through the scandal\u2019s strategy to media staging and theatricalization of the reality affecting the (non) credibility of information and the creation of public opinion.<\/em><\/p>\n<p class=\"MsoBodyText\" style=\"margin-top: 0cm; margin-right: 48.6pt; margin-bottom: .0001pt; margin-left: 54.0pt; line-height: 170%;\">&nbsp;<\/p>\n<p style=\"margin: 0cm 48.6pt 0.0001pt 54pt; line-height: 170%;\"><strong><em>Key words:<\/em><\/strong> <em>media, transition, representation models, profit, political manipulation, trivia content.<\/em><\/p>\n<p class=\"MsoNormal\" style=\"line-height: 150%;\"><span lang=\"SR\">&nbsp;<\/span><\/p>\n<p><a name=\"10inmediasres13\"><\/a><\/p>\n<p class=\"MsoNormal\" style=\"line-height: 150%;\"><span lang=\"SR\">&nbsp;<\/span><\/p>\n<hr \/>\n<table style=\"width: 755px;\" border=\"0\">\n<tbody>\n<tr>\n<td style=\"width: 215px;\" valign=\"top\"><img loading=\"lazy\" decoding=\"async\" class=\" alignleft size-full wp-image-327\" style=\"float: left;\" src=\"https:\/\/centar-fm.org\/inmediasres\/wp-content\/uploads\/sites\/2\/2018\/09\/inmediasresno1malo13to.png\" alt=\"inmediasresno13malo\" width=\"70\" height=\"103\" \/><\/p>\n<p class=\"MsoNormal\" style=\"line-height: 170%;\">\n <strong>&nbsp;7(13)#21 2018<\/strong> <\/p>\n<\/td>\n<td style=\"width: 315px;\" valign=\"top\">\n<p style=\"line-height: 170%; text-align: center;\">\n<a rel=\"license\" href=\"http:\/\/creativecommons.org\/licenses\/by-nc\/4.0\/\"><img decoding=\"async\" alt=\"Creative Commons licenca\" style=\"border-width:0\" src=\"https:\/\/i.creativecommons.org\/l\/by-nc\/4.0\/88x31.png\" \/><\/a><br \/>\u010casopis je otvorenog pristupa, a ovo djelo je dano na kori\u0161tenje pod licencom <a rel=\"license\" href=\"http:\/\/creativecommons.org\/licenses\/by-nc\/4.0\/\"><strong>Creative Commons Imenovanje-Nekomercijalno 4.0 me\u0111unarodna.<\/strong><\/a><\/p>\n<\/td>\n<td valign=\"top\">\n<p style=\"text-align: right; line-height: 150%;\" align=\"center\"><strong>UDK 24\u201c20\u201c<\/p>\n<p>Pregledni \u010dlanak<\/p>\n<p>Review article<\/p>\n<p>Primljeno: 01.02.2018.<\/strong><\/p>\n<\/td>\n<\/tr>\n<\/tbody>\n<\/table>\n<p class=\"MsoNormal\" style=\"line-height: 150%;\">&nbsp;<\/p>\n<p class=\"MsoNormal\" style=\"line-height: 150%;\">&nbsp;<\/p>\n<p class=\"MsoNormal\" style=\"text-align: center; line-height: 150%;\" align=\"center\"><span style=\"font-size: 15.0pt; line-height: 150%;\">Ru\u017eica \u010ci\u010dak-Chand<\/span><\/p>\n<p style=\"text-align: center; line-height: 150%;\" align=\"center\">Institut za migracije i narodnosti, Zagreb &#8211; vanjska suradnica<\/p>\n<p>ruzica.cicak.chand@gmail.com<\/p>\n<p style=\"text-align: center;\" align=\"center\"><strong> <span style=\"font-size: 16.0pt; line-height: 150%;\">Suvremenost Buddhina u\u010denja kao puta oslobo\u0111enja<\/span><\/strong><\/p>\n<p style=\"text-align: center; line-height: 150%;\" align=\"center\"><a href=\"http:\/\/www.centar-fm.org\/inmediasres\/images\/pdf\/13\/R. Cicak-Chand, Suvremenost Buddhina ucenja kao puta oslobodenja.pdf\"><strong><span style=\"color: #DC0101; font-size: 8.0pt;\"><br \/>\nPuni tekst: pdf (395 KB), Hrvatski, Str. 2115 &#8211; 2126<br \/>\n<\/span><\/strong><\/a><\/p>\n<p class=\"MsoNormal\" style=\"line-height: 150%;\">&nbsp;<\/p>\n<p style=\"margin: 0cm 48.6pt 0.0001pt 54pt; line-height: 170%;\"><strong><em>Sa\u017eetak<\/em><\/strong><\/p>\n<p class=\"MsoBodyText\" style=\"margin-top: 0cm; margin-right: 48.6pt; margin-bottom: .0001pt; margin-left: 54.0pt; line-height: 150%;\"><span style=\"font-size: 12.0pt; line-height: 150%; font-family: 'Times New Roman';\" lang=\"SR\">&nbsp;<\/span><\/p>\n<p class=\"MsoBodyText\" style=\"margin-top: 0cm; margin-right: 48.6pt; margin-bottom: .0001pt; margin-left: 54.0pt; line-height: 170%;\"><em>U osnovi buddhizam je u\u010denje o oslobo\u0111enju \u2013 od neznanja, patnje i ponovnog ra\u0111anja. Znanje \u201eo istinskoj zbilji stvari\u201c smatra se bitnim u ostvarenju ove slobode. Ovdje, buddhisti\u010dka ateisti\u010dka priroda, njegova teorija o nepostojanju sopstva, esencije (anatt\u0101-vada)<a name=\"_ftnref192\"><\/a><a href=\"#_ftn192\"><sup>[<span style=\"font-family: 'times new roman', times;\"><strong>192<\/strong><\/span>]<\/sup><\/a>, zakon prolaznosti i uvjetovanog nastajanja (pa\u021bicca-samupp\u0101do) te otkri\u0107e relativnosti pribli\u017eava buddhizam znanosti, dok je metodologija buddhizma \u2013 etika i meditacija \u2013 odnosno njegova na praksi utemeljena nereligijska bit jedan od zna\u010dajnih izvora u razumijevanju ljudske subjektivnosti. Upravo u ovim temeljnim u\u010denjima buddhizam ostaje i danas jednako suvremen i pristupa\u010dan, i na ovaj aspekt njegova naslije\u0111a poku\u0161at \u0107emo barem u naznakama ukazati. <\/em><\/p>\n<p class=\"MsoBodyText\" style=\"margin-top: 0cm; margin-right: 48.6pt; margin-bottom: .0001pt; margin-left: 54.0pt; line-height: 170%;\">&nbsp;<\/p>\n<p style=\"margin: 0cm 48.6pt 0.0001pt 54pt; line-height: 170%;\"><strong><em>Klju\u010dne rije\u010di:<\/em><\/strong> <em>Buddha, kanonski tekstovi, metodologija buddhizma.<\/em><\/p>\n<p class=\"MsoBodyText\" style=\"margin-top: 0cm; margin-right: 48.6pt; margin-bottom: .0001pt; margin-left: 54.0pt; line-height: 170%;\">&nbsp;<\/p>\n<p class=\"MsoNormal\" style=\"line-height: 150%;\">&nbsp;<\/p>\n<p class=\"MsoNormal\" style=\"line-height: 170%;\">Buddhizam je nastao u  Indiji u 5. st. pr. n. e. na podru\u010dju koje je pokrivalo sjeveroisto\u010dni dio zemlje,  u vremenu velike \u017eivosti u spekulativnom, misti\u010dnom i religioznom \u017eivotu. Bilo  je to doba kodifikacije \u017ertvenog rituala ne posve li\u0161enog filozofskog uvi\u0111aja,  produbljivanje teorije o na\u010delu djela (<em>karman<\/em>)  i formulacije po\u010detnih misaonih spoznaja <em>upani\u0161ada<\/em> koje unutra\u0161nju bit \u010dovjeka (<em>\u0101tman<\/em>)  progla\u0161avaju jedinom realno\u0161\u0107u, odrazom univerzalnog principa (<em>brahman<\/em>) u individui izvan koje je sve  ostalo promjenjivo, prolazno, i stoga nezbiljsko. Osim buddhista i \u0111aina svojim  u\u010denjima u to vrijeme isti\u010du se jo\u0161 <em>\u0101j\u012bvike<\/em> i <em>lok\u0101yate<\/em>. Dok prvi vjeruju da je  sve unaprijed odre\u0111eno, te da na vlastitu sudbinu nije mogu\u0107e utjecati, <em>lok\u0101yate<\/em> (istra\u017eiva\u010di prirode)  zagovaraju, naprotiv, potpunu slobodu volje kao izraza prirodnog na\u010dina  \u017eivljenja.<\/p>\n<p class=\"MsoNormal\" style=\"line-height: 170%;\">Tijekom svoje povijesti  buddhizam se razvio u dva glavna pravca koja su do danas ostala bitan element duhovnoga  pa i dru\u0161tvenog i politi\u010dkog \u017eivota brojnih zemalja Azije:  <em>h\u012bnay\u0101na <\/em>(&bdquo;mala kola&ldquo;) i<em> mah\u0101y\u0101na <\/em>(&bdquo;velika  kola&ldquo;). Naime, u 3. st. pr. n. e., u vrijeme vladavine velikog humanista, cara  A\u015boke, na tre\u0107em saboru buddhista u P\u0101\u021baliputri (dana\u0161nja Patna) dolazi do prve  zna\u010dajne podjele me\u0111u redovnicima \u2013 osnivanje isposni\u010dkog reda <em>therav\u0101do<\/em> (&bdquo;govor starje\u0161ina&ldquo;), te  reformiranog u\u010denja, <em>mah\u0101y\u0101nam,<\/em> \u010dije  su \u0161kole razvijale svoj nauk na &bdquo;hibridnom&ldquo; sanskrtu, dok je <em>therav\u0101do<\/em>, koji se odr\u017eao do danas poglavito  u zemljama ju\u017ene i jugoisto\u010dne Azije, ostao vezan uz tradiciju p\u0101li tekstova u  njihovoj najstarijoj formulaciji. Therav\u0101do, kojeg obilje\u017eava duga povijest  etablirane buddhisti\u010dke zajednice (<em>sa\u0144gha<\/em>)<a name=\"_ftnref193\"><\/a><a href=\"#_ftn193\"><sup>[<span style=\"font-family: 'times new roman', times;\"><strong>193<\/strong><\/span>]<\/sup><\/a>,  daje najcjelovitiju sliku ranog buddhizma, dok je <em>mah\u0101y\u0101na,<\/em> mnogo mla\u0111i, razgranat i sinkreti\u010dki sustav brojnih \u0161kola  iz kojeg je u 8. st. n.e. potekao <em>vajray\u0101na<\/em> buddhizam (&bdquo;dijamantna kola&ldquo;) i doveo do nastanka teokratskih dr\u017eava Tibeta,  Mongolije i Butana.<\/p>\n<p class=\"MsoNormal\" style=\"line-height: 170%;\">Svi pravci u kona\u010dnici  vode ka <em>nibb\u0101ni<\/em> (skt. <em>nirv\u0101\u0146i<\/em>), unutarnjem utihnu\u0107u,  oslobo\u0111enju od novih ra\u0111anja, ali razlike u tuma\u010denju tri temeljne sastavnice  buddhizma: Buddha, dhammo<a name=\"_ftnref194\"><\/a><a href=\"#_ftn194\"><sup>[<span style=\"font-family: 'times new roman', times;\"><strong>194<\/strong><\/span>]<\/sup><\/a> (nauk) i <em>sa\u0144gha <\/em>ukazuju na prve  uo\u010dljivije diferencijacije izme\u0111u <em>hin\u0101y\u0101nske  therav\u0101do<\/em> \u0161kolei <em>mah\u0101y\u0101na<\/em> pravca. Tako, nasuprot <em>mah\u0101y\u0101nisti\u010dkom<\/em> panteonu brojnih Buddha  i bodhisattva u <em>therav\u0101da<\/em>  buddhizmu historijski Siddhattha Gotama ili Sakyamuni  (mudrac iz plemena Sakko, k\u0161atrijskog klana na ju\u017enoj granici Nepala odakle  Buddha potje\u010de) jedini je Buddha. Sredi\u0161nje u\u010denje <em>therav\u0101do<\/em> buddhizma \u010dine &bdquo;\u010detiri plemenite istine&ldquo; i srednji, osmerostruki  put, u\u010denja koja, dodu\u0161e, poznaje i <em>mah\u0101y\u0101na <\/em>(i <em>vajray\u0101na<\/em>)  buddhizam ali koji u svom daljem, smionom razvoju osnovnih pojmova <em>karme<\/em>, <em>nirv\u0101\u0146e<\/em> i<em> kar\u016b\u0146e<\/em> (suosje\u0107anje), izgra\u0111uje iz  ovih bitnih elemenata zna\u010dajna metafizi\u010dka u\u010denja.<\/p>\n<p class=\"MsoNormal\" style=\"line-height: 170%;\">Iz  povijesne perspektive uo\u010davaju se dva glavna razdoblja u ulozi buddhizma kao  kulturnog posrednika. Prvo pada izme\u0111u 3. stolje\u0107a pr. n. e. (kada je buddhizam  prenijet na \u015ari Lanku) i 11. i 15. stolje\u0107a (kada se buddhisti\u010dki utjecaj  u\u010dvr\u0161\u0107uje u Japanu, Tibetu i Mongoliji). Tijekom t\u00f4g razdoblja, premda su  odnosi izme\u0111u Azije i Evrope bili vi\u0161estruki, utjecaj se buddhizma jedva  osje\u0107ao, osobito nakon u\u010dvr\u0161\u0107enja kr\u0161\u0107anstva. Drugo razdoblje prote\u017ee se od  po\u010detka 19. st. do na\u0161eg vremena, kada buddhizam izrasta u va\u017enog posrednika  kulturne razmjene izme\u0111u Istoka i Zapada. <\/p>\n<p class=\"MsoNormal\" style=\"line-height: 170%;\">No, dok se buddhizam u  Aziji \u0161irio kao religija i filozofija, na Zapadu je prisutan kao dio kulturnoga  naslije\u0111a Azije, predstavljaju\u0107i izazov i inspiraciju za mnoga podru\u010dja \u2013  filozofiju, misticizam i religiju, umjetnost i knji\u017eevnost, psihologiju i psihoterapiju.  Ono \u0161to je tako\u0111er specifi\u010dno u kulturnoj interakciji na relaciji Istok-Zapad,  vezanoj za buddhizam, jeste da, za razliku od kr\u0161\u0107anstva koje su u Aziji \u0161irili  ponajprije zapadni misionari kao religiju, utjecaj buddhizma na Zapadu osje\u0107ao  se prije svega u nereligijskoj sferi, a prenosili su ga orijentalisti,  povjesni\u010dari, filozofi i mistici. Pojava buddhizma kao religije u  konfesionalnom smislu, preko misionara sa Istoka, relativno je nova pojava,  koja se dijelom poklapa sa slabljenjem utjecaja kr\u0161\u0107anstva u prvoj polovini 20.  st., ali istodobno i s obnovljenim interesom za religije op\u0107enito. (Pajin, 1987).<\/p>\n<p class=\"MsoNormal\" style=\"line-height: 170%;\">Sve do Drugog svjetskog  rata prevladavaju\u0107i interes za buddhizam bio je vezan uz etiku, religiju,  misticizam i filozofiju; nosioci tog interesa bili su naj\u010de\u0161\u0107e akademski  istra\u017eiva\u010di, pojedina dru\u0161tva i grupe (Teozofsko dru\u0161tvo, Gurdjijeva  grupa).  Potom, interes za tradicije  Istoka i buddhizam dobiva nove aspekte, od sredine pro\u0161loga stolje\u0107a raste broj  pojedinaca koji dijele jedan neakademski interes za buddhizam, vi\u0161e kao stav i  stil \u017eivota a ne objekt filolo\u0161kih ili drugih istra\u017eivanja. Usporedno, mo\u017ee se  zamijetiti pomak od interesa za p\u0101lijske odnosno <em>therav\u0101dske<\/em> izvore ka <em>mah\u0101y\u0101ni<\/em>, <em>zenu <\/em>i <em>lamaizmu,<\/em> posebno  poslije  izbjegli\u0161tva lama iz Tibeta na Zapad (prema Pajin, 1987: 25).<\/p>\n<p class=\"MsoNormal\" style=\"line-height: 170%;\">Svojim radovima  objavljenim kod nas i u svijetu, \u010cedomil Velja\u010di\u0107 je zna\u010dajno doprinio upoznavanju  buddhisti\u010dke filozofije; koriste\u0107i komparativnu metodu  osvijetlio je i buddhisti\u010dka shva\u0107anja i  ideje pojedinih zapadnih filozofa, od antike do na\u0161ih dana. U knjizi &bdquo;Studies  in comparative philosophy&ldquo; \u0147\u0101\u0146ajivako (1983) usporedio je osnovne ideje ranog  buddhizma s idejama pojedinih (prete\u017eno egzistencijalisti\u010dkih) evropskih  filozofa 19. i 20. st., od Schopenhauera do Heideggera, Jaspersa i Sartrea.  <\/p>\n<p class=\"MsoNormal\" style=\"line-height: 170%;\">U novije vrijeme interes  za buddhizam iz vidokruga filozofije i\/ili religije pro\u0161iruje se na buddhisti\u010dku  psihologiju pa ve\u0107 krajem sedamdesetih pro\u0161loga stolje\u0107a  ona  biva uklju\u010dena u jedan od standardnih prikaza teorija li\u010dnosti (Hall, Lindzey,  1978), pod naslovom &bdquo;Isto\u010dna psihologija&ldquo;.<a name=\"_ftnref195\"><\/a><a href=\"#_ftn195\"><sup>[<span style=\"font-family: 'times new roman', times;\"><strong>195<\/strong><\/span>]<\/sup><\/a><\/p>\n<p class=\"MsoNormal\" style=\"line-height: 170%;\">Nova generacija  istra\u017eiva\u010da naro\u010dito vrednuje meditativnu <em>pa\u017enju<\/em> kao sredstvo samoaktualizacije; istra\u017eivanja pokazuju da primjerice &bdquo;pozitivna  psihologija&ldquo; vrlo uspje\u0161no povezuje drevnu praksu meditativne <em>pa\u017enje <\/em>i moderna saznanja u psihologiji Zapada.  Ovom potonjem mo\u017eda je najve\u0107i utjecaj u preno\u0161enju u\u010denja i prakse <em>pa\u017enje<\/em> s Istoka na Zapad izvr\u0161io Jon  Kabat-Zinn, osniva\u010d dvije va\u017ene institucije: Center for Mindfulness na  University of Massachusetts Medical School i Institute for Mindfulness-Based  Professional Education and Training. Kabat-Zinn, koji je studirao kod nekoliko  istaknutih buddhisti\u010dkih redovnika, uklju\u010duju\u0107i Thich Nhat Hanha (utjecajnog i  vrlo popularnog na Zapadu), ove je isto\u010dnja\u010dke temelje integrirao u zapadnja\u010dku  znanost psihologije, te razvio i Mindfulness-Based Cognitive Therapy \u2013 MBCT  (Husgafvel, 2016: 89-90). Ova, kao i druga, povezivanja zapadne psihologije i  meditativne <em>pa\u017enje<\/em> dodatno su popularizirala  ovu praksu na Zapadu, osobito me\u0111u onima koji nisu zainteresirani ili upu\u0107eni u  isto\u010dnja\u010dka u\u010denja. Osim s akademske strane, John Kornfield i Joseph Goldstein  odigrali su klju\u010dnu ulogu u \u0161irenju prakse meditativne <em>pa\u017enje <\/em>na Zapadu kada su osnovali The Insight Meditation Society  1975.<a name=\"_ftnref196\"><\/a><a href=\"#_ftn196\"><sup>[<span style=\"font-family: 'times new roman', times;\"><strong>196<\/strong><\/span>]<\/sup><\/a><\/p>\n<p align=\"center\" class=\"MsoNormal\" style=\"line-height: 170%;\">***<\/p>\n<p class=\"MsoNormal\" style=\"line-height: 170%;\">U ovome izlaganju polazimo  od u\u010denja Buddhe o \u010detiri plemenite istine prema predaji p\u0101lijskoga kanona <em>therav\u0101da <\/em>\u0161kole: istina o patnji, o  nastanku patnje, o dokidanju patnje i o osmerostrukom putu koji vodi dokidanju  izvora patnje. Ovaj osmerostruki put \u010dine etika (<em>s\u012bla<\/em>)<a name=\"_ftnref197\"><\/a><a href=\"#_ftn197\"><sup>[<span style=\"font-family: 'times new roman', times;\"><strong>197<\/strong><\/span>]<\/sup><\/a>, meditacija  (<em>samm\u0101dhi<\/em>) i spoznaja (<em>pa\u00f1\u00f1\u0101<\/em>). Spoznaja zna\u010di istinsko  pronicanje prirode postojanja; ono je pak prolazno, bez ikakva supstancijalnog  sopstva niti bilo kakvog drugog trajnog objekta, i stoga bolno. Ovo pronicanje  nije tek intelektualni uvi\u0111aj, ve\u0107 zahtijeva radikalnu promjenu \u010dovjekove  duhovne strukture. Drugim rije\u010dima, intelektualno razumijevanje mora se egzistencijalno  realizirati. Cilj je oslobo\u0111enje od sviju spona za pojavni svijet, izlaz iz  cikli\u010dkog odvijanja kruga \u017eivota i smrti (<em>sa\u1e43s\u0101ra<\/em>)  u koje je uklju\u010dena ljudska egzistencija.<a name=\"_ftnref198\"><\/a><a href=\"#_ftn198\"><sup>[<span style=\"font-family: 'times new roman', times;\"><strong>198<\/strong><\/span>]<\/sup><\/a><\/p>\n<p class=\"MsoNormal\" style=\"line-height: 170%;\">U buddhizmu, rekli smo,  znanje o istinskoj zbilji stvari smatra se bitnim u ostvarenju \u010dovjekove  slobode od patnje, neznanja i ponovnog ra\u0111anja, a posti\u017ee se dubokim uvidom u  promjenjivost i ne-bitost prirode \u017eivota.  <\/p>\n<p class=\"MsoNormal\" style=\"line-height: 170%;\"><em>&bdquo;Postoji  filozofija koja se ne da ni misliti, ako se sa njom u skladu ne \u017eivi<\/em> \u2013 Ovaj postulat, barem formalno i implicitno, pretpostavljaju svi sistemi  indijske filozofije i metode pouke o mudrosti&ldquo;(Velja\u010di\u0107, 1982:13), no posebno  buddhizam, utemeljen na jedinstvu etike i spoznaje kao nu\u017enosti u realizaciji  oslobo\u0111enja. <\/p>\n<p class=\"MsoNormal\" style=\"line-height: 170%;\">Buddhizam je filozofija  \u010dija je sredi\u0161nja to\u010dka s\u00e2m \u010dovjek, njegova konkretna situacija u svijetu.  Prepoznaju\u0107i da je ljudski \u017eivot patnja \u2013  \u010dovjekovo trajno nezadovoljstvo koje proizlazi iz iskustva sveprolaznosti \u2013  glavni je zadatak nadila\u017eenje takvog stanja. U tom smislu, buddhizam valja razumjeti  kao prakti\u010dnu filozofiju, koja otkriva na\u010din na  koji se oslobo\u0111enje od patnje mo\u017ee posti\u0107i; zbog toga se metafizi\u010dka pitanja ne  smatraju relevantnim i, na po\u010detku, Buddha nije ni \u017eelio na njih odgovarati.<\/p>\n<p class=\"MsoNormal\" style=\"line-height: 170%;\">Prema Buddhi, \u010ditav  ljudski \u017eivot, sa\u010dinjen od \u017eudnje i vezivanja za ono \u0161to se osje\u0107a po\u017eeljnim,  proturje\u010di svijetu onakvom kakav stvarno jeste. To je ova &bdquo;onti\u010dka&ldquo; osnova zbog  koje \u010dovjek \u017eivi kao \u0161to \u017eivi, nesvjestan svoga stvarnog polo\u017eaja, a njegovo neznanje  (<em>avijj\u0101<\/em>) o stvarnosti svijeta u temelju  je ukupnoga \u017eivota patnje. Stoga je promjena \u010dovjekove &bdquo;onti\u010dke&ldquo; osnove  shva\u0107ena kao uvjet ostvarivanja istinskoga spoznavanja. To je krajnje i  najva\u017enije zna\u010denje Buddhinog u\u010denja: ono pokazuje put &bdquo;koji vodi okon\u010danju \u017eivota  patnje i probu\u0111enju, dosezanju <em>nirv\u0101\u0146e\/nibb\u0101ne<\/em>.&ldquo;  Tako je pitanje spoznaje najvi\u0161e istine (<em>param\u0101rtha-satya<\/em>)  stvar egzistencijalnog preobra\u017eaja (prema Smre\u010dnik, 1985:34).<\/p>\n<p align=\"center\" class=\"MsoNormal\" style=\"line-height: 170%;\">***<\/p>\n<p class=\"MsoNormal\" style=\"line-height: 170%;\">Sa stanovi\u0161ta svake  buddhisti\u010dke tradicije, sredi\u0161nji doga\u0111aj u povijesti buddhizma bio je  povijesni Buddha, Siddhatha Gotama, koji je u meditativnoj zadubljenosti  postigao duhovno &bdquo;probu\u0111enje&ldquo;  pod  <em>bodhi <\/em>stablom  blizu grada Gaye (dana\u0161nja  Bodhgay\u0101, a  gdje je car A\u015boka u 3. st. pr. n. e. podigao veli\u010danstveni hram, koji jo\u0161  postoji, pored toga stabla);  Buddha je stekao  duboki uvid u prirodu stvarnosti, u spoznaju patnje (<em>dukkham<\/em>), kao prvo osnovno obilje\u017eje egzistencije, i putu ka  dokinu\u0107u iste. To je bitni sadr\u017eaj \u010detiri plemenite istine izlo\u017eene u njegovom  prvom diskursu u S\u0101rn\u0101thu kod Benaresa \u2013 <em>Dhammacakkappavattana-sutta<\/em> (Diskurs koji stavlja u pokret kota\u010d nauke \u2013 Sa\u1e43yutta-Nik\u0101ya 56, 11), i  predstavlja temelj sv\u00e8ga buddhisti\u010dkog nauka. <\/p>\n<p class=\"MsoNormal\" style=\"line-height: 170%;\"><em>Dukkham,<\/em> osim \u0161to je sredi\u0161nji pojam \u010detiri istine, susre\u0107e se i kao jedna od triju  znamena postojanja; preostala su dva:   nepostojanost \u2013 <em>anicc\u0101<\/em> i  bezsopstvenost \u2013 <em>anatt\u0101.<\/em> Negacijom  sopstva ukazuje se na prividnost postojanja osobnosti koja bi bila nosiocem  temeljnih egzistencijalnih zbivanja. Jastvo \u2013 <em>aha\u1e43k\u0101ra<\/em> \u2013 samo je apstrakcija uma koja se shva\u0107a kao istinski  svijet. A u istini nema razlike izme\u0111u onoga koji spoznaje i onoga \u0161to se  spoznaje, onoga \u0161to jest i onoga po \u010demu jest to \u0161to jest.<\/p>\n<p class=\"MsoNormal\" style=\"line-height: 170%;\">Nepostojanost (<em>anicc\u0101<\/em>) unutar buddhizma razumije se pak  na dva na\u010dina, kao &bdquo;gruba&ldquo; i &bdquo;suptilna&ldquo; nepostojanost. &bdquo;Gruba&ldquo; nepostojanost  pojavnosti biva u \u010dinjenici da ni\u0161ta nije postojalo oduvijek i ni\u0161ta ne traje  vje\u010dno. Sva pojavna stvarnost pojavljuje se u odre\u0111enom trenutku, u  odgovaraju\u0107oj konstelaciji uzroka i posljedice, mijenja se tijekom svoje  egzistencije na razne na\u010dine, stari, da bi naposljetku ugasla. Na suptilnijoj  razini, sva pojavnost tek je trenuta\u010dna \u2013 sve postoji  i nestaje svakoga novog momenta. Percipiraju\u0107a pojavnost koju do\u017eivljavamo postojanom,  uklju\u010duju\u0107i nas same, tek je prolazna kontinuiranost trenuta\u010dnog fenomena kojem  pripisujemo identitet a kojeg u samim stvarima nigdje nema.<\/p>\n<p align=\"center\" class=\"MsoNormal\" style=\"line-height: 170%;\">***<\/p>\n<p class=\"MsoNormal\" style=\"line-height: 170%;\">Buddhino je u\u010denje sabrano  u tri skupine, doslovno &bdquo;ko\u0161are&ldquo; \u2013 <em>Tipi\u021bikam, <\/em>u razdoblju od pribli\u017eno tri stolje\u0107a na saborima od kojih je prvi odr\u017ean  neposredno poslije njegove smrti u dana\u0161njem Rajgiru, drugi oko sto godina  kasnije u Vesali, a tre\u0107i za vladavine A\u015boke, koji je dao poticaj za \u0161irenje  Buddhine nauke i izvan Indije. Njegov sin Mahinda oti\u0161ao je kao prvi misionar  na otok Lanku, gdje je osnovana kanonska knji\u017eevnost sa\u010duvana najvjernije do  danas. Na \u015ari Lanki su tekstovi <em>Tipitake<\/em>  napisani prvi put u 1. st. n. e. <\/p>\n<p class=\"MsoNormal\" style=\"line-height: 170%;\">Glavni dijelovi <em>Tipitake<\/em> jesu:<\/p>\n<p class=\"MsoNormal\" style=\"line-height: 170%;\">1 <em>Sutta-pi\u021bakam<\/em> \u2013 sadr\u017ei   Buddhine govore, razvrstane prema razli\u010ditim kriterijima u pet velikih  zbirki (<em>nikayo)<\/em>, te zbirku kratkih  tekstova (<em>Kuddaka-nikayo<\/em>) koje se  ve\u0107im dijelom sastoje od pjesama i pripovjedaka (<em>jatakam<\/em>)povezanih s legendama o Buddhinim ranijim \u017eivotima.<\/p>\n<p class=\"MsoNormal\" style=\"line-height: 170%;\">2 <em>Vinaya-pi\u021bakam<\/em> \u2013 tekstovi koji se odnose na redovni\u010dku disciplinu  Buddhine zajednice (<em>sa\u0144gha<\/em>). <\/p>\n<p class=\"MsoNormal\" style=\"line-height: 170%;\">3 <em>Abhidhamma-pi\u021bakam<\/em> \u2013 sadr\u017ei buddhisti\u010dka razmatranja s podru\u010dja psihologije,  etike i metafizike. Iako je i jezgro ove ko\u0161are staro, ona u cjelini  predstavlja kasniji skolasti\u010dki razvoj.<\/p>\n<p class=\"MsoNormal\" style=\"line-height: 170%;\">Buddhino u\u010denje, kako  je prethodno re\u010deno, formirano je u obliku etike, nauke o  meditaciji i nauke o spoznaji. Osnovna  eti\u010dka shema odnosi se na \u010detiri plemenite  istine (<em>\u0107attari-ariya-sa\u0107\u0107\u0101ni<\/em>):  1. patnja (<em>dukkham)<\/em>; 2. nastanak patnje<strong><\/strong>(<em>dukkha-samudayo<\/em>); 3. dokidanje patnje (<em>dukkha-nirodho<\/em>);   4. osmerostruki put koji vodi do ukinu\u0107a  patnje  (<em>ariyo a\u021b\u021bha\u0144giko maggo dukkha-nirodha-g\u0101mini pa\u021bipad\u0101<\/em>).<\/p>\n<p class=\"MsoNormal\" style=\"line-height: 170%;\">Prva od \u010detiri  plemenite istine: <em>istina o patnji <\/em>i  druga: <em>istina o nastanku patnje<\/em> sadr\u017ee analizu egzistencije. <\/p>\n<p class=\"MsoNormal\" style=\"line-height: 170%;\">&bdquo;Ovo je, prosjaci,  plemenita istina o patnji: ro\u0111enje je patnja, starost je patnja, bolest je  patnja, smrt je patnja, sjedinjenost s nedragim je patnja, biti odvojen od  dragog  je  patnja, ne posti\u0107i ono za \u010dim te\u017eimo, i to je  patnja. Ukratko: pet predmeta prianjanja uza \u017eivot jesu patnja (<em>pa\u00f1ca-kkhandh\u0101<\/em>: tjelesni lik, osje\u0107aj,  predod\u017eba, izrazi volje i svijest).<\/p>\n<p class=\"MsoNormal\" style=\"line-height: 170%;\">Ovo je, prosjaci,  plemenita istina o nastanku patnje: To je ona \u017ee\u0111 \u0161to izaziva uvijek novo  zbivanje, \u0161to se zdru\u017euje s rado\u0161\u0107u i stra\u0161\u0107u, \u0161to radost nalazi sad tu, sad  tamo, to jest: \u017ee\u0111 po\u017eude, \u017eivotna \u017ee\u0111, \u017ee\u0111 za vla\u0161\u0107u&ldquo; (prema Velja\u010di\u0107, 1978:230).<\/p>\n<p class=\"MsoNormal\" style=\"line-height: 170%;\">Egzistencija je ovdje  shva\u0107ena kao mentalno-psihi\u010dki proces. Pri analizi rani buddhizam polazi od  analize do\u017eivljavanja \u010dovjekove subjektivne stvarnosti; naime, kako \u010dovjek  prema duhovnim i moralnim mjerilima vlastite li\u010dnosti do\u017eivljava stvarnost koja  ga u d\u00e2toj situaciji i d\u00e2tom momentu okru\u017euje. U\u010denje Buddhe treba u op\u0107u zbrku  \u010dovjekovih najrazli\u010ditijih dojmova, \u017eelja, reakcija i djelovanja unijeti moralnu  i duhovnu disciplinu a to je mogu\u0107e posti\u0107i analizom svakoga pojedinog elementa  do\u017eivljavanja i potom svaki element ispitati  u njegovu stvarnom sadr\u017eaju. Analiza elemenata do\u017eivljavanja po\u010dinje  konstatacijom, kako je prethodno spomenuto, da \u010ditav pojavni svijet, dakle,  do\u017eivljena stvarnost, ima tri karakteristike: 1. sve je nepostojano (<em>anicc\u0101<\/em>); 2. sve je bolno (<em>dukkha<\/em>); 3. sve je bez samosvojstva (<em>anatt\u0101<\/em>).<\/p>\n<p class=\"MsoNormal\" style=\"line-height: 170%;\">&bdquo;Tjelesnost je  prolazna, osje\u0107aj, opa\u017eanje je prolazno, voljni impulsi koji ra\u0111aju karmu  prolazni su, svijest je prolazna. Ono pak \u0161to je prolazno izvorom je patnje, a  za ono \u0161to je prolazno, bolno i podlo\u017eno promjeni \u010dovjek ne mo\u017ee re\u0107i: To  pripada meni, to sam ja, to je moje sopstvo.&ldquo; (Sa\u1e43yutta-Nik\u0101ya III: 66-67).<\/p>\n<p class=\"MsoNormal\" style=\"line-height: 170%;\">Buddhisti\u010dka refleksija  vodi, dakle, isprva spoznaji da subjektivna strana, to jest subjekt  do\u017eivljavanja, ima pet sastojaka: tijelo (<em>r\u016bpa<\/em>),  osje\u0107aj (<em>ved\u0101na<\/em>), opa\u017eanje (<em>sa\u00f1\u00f1a<\/em>), voljne impulse koji poti\u010du na  djelovanje (<em>sa\u0144kh\u0101ra<\/em>) i svijest (<em>vi\u00f1\u00f1\u0101\u0146a<\/em>). Subjekt  zapravo  j e s t  tih pet sastojaka, koji zajedno \u010dine ono \u0161to  se u obi\u010dnu \u017eivotu manifestira kao ljudska individualnost.<\/p>\n<p class=\"MsoNormal\" style=\"line-height: 170%;\">Iz tekstova proizlazi  da nije mogu\u0107e govoriti niti o osobi koja ne\u0161to do\u017eivljava niti o do\u017eivljenom. Naime,  onaj koji do\u017eivljava i ono \u0161to se do\u017eivljava korelativni su pojmovi; prije je  ovdje rije\u010d o do\u017eivljavanju kao takvom, o zbivanju u praznom prostoru, praznom  od subjekta i objekta.<\/p>\n<p class=\"MsoNormal\" style=\"line-height: 170%;\">&bdquo;Pretpostavimo da neki  \u010dovjek promatra u rijeci Gangi mnogobrojne vodene mjehure, gleda ih i pomno  ispituje. Nakon takva pomna gledanja oni mu se u\u010dine prazni, nestvarni i  nezbiljski. Na isti na\u010din promatra i redovnik sve tjelesno, sve osje\u0107aje, sva  opa\u017eanja, sve impulse koji poti\u010du na djelovanje, svu svijest \u2013 bilo da su  pro\u0161li, sada\u0161nji ili budu\u0107i, vlastiti ili tu\u0111i, grubi ili nje\u017eni, zli ili  plemeniti, daleki ili bliski \u2013 tako on spoznaje sve to kao prazno, ni\u0161tavno i  nesupstancijalno.&ldquo; (Sa\u1e43yutta-Nik\u0101ya III: 140)<\/p>\n<p class=\"MsoNormal\" style=\"line-height: 170%;\">Analiza egzistencije  ide dalje od analize pet spomenutih sastojaka, u\u010dimo da se svaki od pet <em>kandh\u0101 <\/em>sastoji iz cijelog niza kona\u010dnih  \u2013 u smislu ne dalje ra\u0161\u010dlanjivih \u010destica materijalnih i mentalnih procesa.  Tjelesnost npr. sastoji se iz deset takvih \u010destica, a tzv. voljni impulsi,  unutarnje sile koje ra\u0111aju <em>karmu<\/em>, ne  sadr\u017ee manje ve\u0107 58 \u010destica\/elemenata. Ti su elementi u tekstovima tehni\u010dki  nazvani <em>dhamme<\/em> (\u010ci\u010dak-Chand, 1978:97).<\/p>\n<p class=\"MsoNormal\" style=\"line-height: 170%;\">Pojedina\u010dno ih nije  mogu\u0107e percipirati. Ono \u0161to osjetila primjerice zamje\u0107uju kao be\u017eivotnu tvar  uvijek je, zapravo, \u010ditav sklop razli\u010ditih <em>dhamma. <\/em>Kamen je, npr., jedan zajedni\u010dki skup <em>dhamma<\/em> bjeline, tvrdo\u0107e, te\u017eine, oblika \u2013 a za do\u017eivljavanje osje\u0107aja &bdquo;kamen&ldquo; potrebna  je jo\u0161 jedna <em>dhamma<\/em>, a to je vizualna  percepcija. Buddhisti\u010dki filozofski sistem navodi \u0161est osjetila; \u0161esti je organ  sposobnosti mi\u0161ljenja (<em>vi\u00f1\u00f1\u0101\u0146a<\/em>).  Subjektivnom organu mi\u0161ljenja stoje nasuprot <em>dhamme <\/em>kao njegovi objekti, predmeti misaonog zahva\u0107anja. No, kako  prilikom svakoga osjetilnog do\u017eivljaja sudjeluje i organ mi\u0161ljenja da bi bila  mogu\u0107a spoznaja, to se pojam <em>dhamma<\/em>,  koji je isprva ozna\u010davao samo &bdquo;objektivni&ldquo; korelat organa mi\u0161ljenja, pro\u0161irio u  svom zna\u010denju tako daleko da se i sve osobnosti stvari  (tvrdo\u0107a, bjelina, te\u017eina itd.), sposobnosti  osjetilnih organa (sposobnost vida, sluha itd.), osje\u0107aji (ljubav, mr\u017enja,  \u017eudnja itd.) i zakonitosti svijeta (ro\u0111enje, starost, smrt) ozna\u010duju rije\u010dju <em>dhamma.<\/em> Tako je vanjski prividni svijet,  kao i unutarnji, reduciran na elemente zvane <em>dhamma.<\/em> To, me\u0111utim, ne zna\u010di da <em>dhamme,<\/em> elementi postojanja, predstavljaju neko &bdquo;ne\u0161to&ldquo;, neke  kona\u010dne i trajne \u010destice egzistencije; one su jednako trenuta\u010dna vijeka i  prazne od svoje vlastitosti (<em>sabhava<\/em>). <em>Dhamme<\/em> se pojavljuju u uvijek novim  kombinacijama. \u010covjek \u010dije zapa\u017eanje nije izo\u0161treno stje\u010de utisak da postoji  jedan odre\u0111eni kontinuitet, no to je samo privid (\u010ci\u010dak-Chand, 1978:99). <\/p>\n<p class=\"MsoNormal\" style=\"line-height: 170%;\">Tre\u0107a i \u010detvrta  plemenita istina ti\u010du se okon\u010danja patnje odnosno puta koji vodi okon\u010danju  patnje.<\/p>\n<p class=\"MsoNormal\" style=\"line-height: 170%;\">&bdquo;Ovo je, prosjaci,  plemenita istina o okon\u010danju patnje: okon\u010danje \u017ee\u0111i bez ostatka, napu\u0161tanje  \u017ee\u0111i, odustajanje, razrje\u0161enje.&ldquo;<\/p>\n<p class=\"MsoNormal\" style=\"line-height: 170%;\">&bdquo;Ovo je, prosjaci,  plemeniti osmerostruki put koji se sastoji od ispravnih gledi\u0161ta, ispravnih  namjera, ispravnog govora, ispravne djelatnosti, ispravnog na\u010dina \u017eivota,  ispravnog napora, ispravne pa\u017enje i ispravne sabranosti.&ldquo;(Velja\u010di\u0107, 1978: 230)<\/p>\n<p class=\"MsoNormal\" style=\"line-height: 170%;\">Za razumijevanje  obilje\u017eja pojedinih dijelova osmerostrukog puta pro\u010di\u0161\u0107enja, mo\u017eda je  najva\u017enije upozoriti da prvi stavak, ispravno gledi\u0161te, ili usmjerenje, zna\u010di  upravo ispravno shva\u0107anje ovih \u010detiriju istina, ili egzistencijalnog problema  patnje, dok se posljednja tri stavka odnose se na disciplinu duhovnog  zadubljenja (v. Velja\u010di\u0107, 1978: 230; Ivekovi\u0107, 1981: 243).<\/p>\n<p align=\"center\" class=\"MsoNormal\" style=\"line-height: 170%;\">***<\/p>\n<p class=\"MsoNormal\" style=\"line-height: 170%;\">Premda se prakti\u010dki sva  Buddhina u\u010denja doti\u010du na\u0161ih kognitivnih zabluda, njegova temeljna uputa  sadr\u017eana je u \u010detiriprimjene<em> pa\u017enje<\/em> kojom propitujemo prirodu  vlastitog tijela, osje\u0107aja, senzacija, mentalnih stanja. Buddhino izlaganje <em>Satipatthana-suttam<\/em>, koje nalazimo u p\u0101lijskom  kanonu (<em>Majjhima-Nik\u0101ya <\/em>10) predstavlja  njegovo klju\u010dno u\u010denje o osnovama meditativne <em>pa\u017enje,<\/em> sa\u010duvano u svim buddhisti\u010dkim tradicijama.<\/p>\n<p class=\"MsoNormal\" style=\"line-height: 170%;\"><em>Satipa\u021b\u021bh\u0101na-suttam <\/em>\u2013  &bdquo;Govor o postojanosti pa\u017enje&ldquo; \u2013 odre\u0111uje se kao jasna i nepodijeljena svijesnost  onoga \u0161to se doga\u0111a oko nas i u nama u nizu momenata percepcije, onako kako nam  sti\u017eu preko pet \u010dula ili putem razuma, koji prema buddhisti\u010dkom shva\u0107anju  predstavlja \u0161esto \u010dulo. <em>Pa\u017enja<\/em> se  dr\u017ei samo  uo\u010davanja \u010dinjenica, bez  reakcije na njih, zauzimanja stava \u2013 svi\u0111anje, nesvi\u0111anje, prosu\u0111ivanje itd.  Sve zbivanje bi\u0107a (tjelesno, u osje\u0107ajima, predod\u017ebama) postaje predmet \u010diste <em>pa\u017enje<\/em>: niti biva prihva\u0107eno niti  odba\u010deno, ve\u0107 pri uvidu u stvarnu prirodu  (uzro\u010dnost) pojave biva oslobo\u0111eno krivih odre\u0111enja kao entitet po sebi i za  sebe. Budnost, sti\u0161anost i opu\u0161tenost naspram sv\u00e8ga postoje\u0107eg, postaju tokom  vremena osnovne odlike <em>pa\u017enje<\/em>. U  ti\u0161ini, u praznini, \u010dovjek izravno spoznaje svoju <em>bit  <\/em>i time svoju istinsku  slobodu. Jer, u ti\u0161ini,  u prelasku iz  uma u &bdquo;ne-um&ldquo; ulazi se u druga\u010diji prostor  koji nije niti vanjski niti unutarnji, ve\u0107 nadilazi oba. Konceptualna misao ne  dozvoljava da vidimo stvari novima, ve\u0107 kroz na\u0161e dispozicije (<em>sa\u0144kh\u0101ra<\/em>), dakle, iskrivljeno,  zamagljeno. No kada um, misaoni proces, stane, tamo smo gdje se stvar doga\u0111a; u  tom trenutku javlja se istinska svijest uvida, <em>vipassan\u0101<\/em>. Na\u0161a intuitivna inteligencija (<em>pa\u00f1\u00f1a), <\/em>slobodna od iskrivljenih misli i predod\u017ebi, po\u010dinje  vidjeti stvari onakvima kakve one uistinu  jesu.Stoga isklju\u010divu vrijednost  realiteta poprima ono \u0161to se do\u017eivljuje, a ne ono \u0161to se misli. Logos i ratio  dopiru samo do pojavnih istina, oni samo analiziraju i klasificiraju postoje\u0107e  fenomene, dok je cilj &bdquo;istinitoga uvida&ldquo; njihova transformacija u podru\u010dje  onkraj &bdquo;dobrog i lo\u0161eg&ldquo;, \u0161to zna\u010di onkraj svake dvojnosti (Zori\u0107, 1984: 49). <\/p>\n<p class=\"MsoNormal\" style=\"line-height: 170%;\">Meditativna <em>pa\u017enja<\/em> (<em>sati<\/em>) mo\u017ee se opisati kao svjestan napor mijenjanja na\u010dina  funkcioniranja uma, jer meditacijom postajemo svjesni na\u0161ih misli, ali se s  njima (vi\u0161e) ne poistovje\u0107ujemo, u\u010dimo prepoznati misli kao misli; ne  zamijeniti ih za neposredno znanje ili iskustvo. Kroz <em>pa\u017enju<\/em>, promatranje, &bdquo;vidimo&ldquo; da su misli &bdquo;objekti&ldquo; u prolazu. Ono  \u0161to se razvija je svjesnost o prirodi misli, a time i svih stvari, sve do  kona\u010dne spoznaje<em>.<\/em> <em>Pa\u017enja <\/em>u praksi <em>vipassane <\/em>vodi oslobo\u0111enju (<em>nibb\u0101ni<\/em>)kroz opservaciju <em>dhamma, <\/em>prije spomenutih najsitnijih elemenata psihofizi\u010dkog  tijela, te kroz izravno, iskustveno razumijevanje nepostojanosti (<em>anicc\u0101<\/em>), nezadovoljstva (<em>dukkham)<\/em>, i impersonalnosti (<em>anatt\u0101<\/em>) kao glavnih atributa  egzistencije, te me\u0111usobne povezanosti svih pojavnosti (<em>pa\u021bicca-samupp\u0101do<\/em>).<\/p>\n<p class=\"MsoNormal\" style=\"line-height: 170%;\">U <em>therav\u0101dskom<\/em> kanonu cilj je prestanak destruktivnih mentalnih  stanja (<em>kileso<\/em>), koja uklju\u010duju  neznanje, vezivanje i mr\u017enju, i postignu\u0107e <em>nibb\u0101ne <\/em>kroz praksu osmerostrukog puta, &ldquo;\u2026koji \u010dini razine meditativnog zadubljenja  i usredoto\u010denosti kako bi se postiglo jedino stanje koje vi\u0161e ni\u010dime nije  uvjetovano,\u2026 i ni\u010dime uzrokovano stanje&#8230; \u0161to vi\u0161e nije podlo\u017eno stalnoj  bolnoj promjeni i obnavljanju trpljenja i  patnje, stanje koje je \u2026iskorjenjivanje i obustavljanje bola.&rdquo; (Premur, prema Mandi\u0107,  2016:17).<\/p>\n<p class=\"MsoNormal\" style=\"line-height: 170%;\">Neznanje, s kojim se  \u010dovjek ra\u0111a, uvjetuje karmi\u010dko oblikovanje koje konstruira svijest prije samog  ro\u0111enja. Tijekom \u017eivota, svaki se pojedinac pona\u0161a u skladu sa svojom razinom  svijesti, tj. u kontinuranom je odnosu prema sebi i svom okru\u017eenju. Takvo  uzro\u010dno-posljedi\u010dno djelovanje manifestira se i u reinkarnaciji koju je  buddhizam usvojio iz u\u010denja svojih prethodnika. Me\u0111utim, kako u buddhizmu ne  postoji supstancijalno <em>ja<\/em>, du\u0161a kao  trajni entitet koja mijenja tijela ponovnim ro\u0111enjem nakon smrti, ne mo\u017ee  govoriti o jednakoj vrsti prepora\u0111anja. Jer \u010dovjek se sastoji od elemenata koji  se pri smrti dezintegriraju, nastavljaju\u0107i svoje egzistencije svaki odvojeno,  integriraju\u0107i se u nove sklopove bez kontinuiteta. Na taj se na\u010din ne prenosi  ni svijest ni individualnost iz egzistencije u egzistenciju. Samo u prenesenom  smislu relativnog identiteta koji se izra\u017eava i ostvaruje kroz formulu <em>pa\u021bicca-samupp\u0101do<\/em> \u2013 me\u0111uovisno  nastajanje \u2013 naziva Buddha \u017eiva bi\u0107a nasljednicima vlastitih djela (Ivekovi\u0107,  1981: 211) No neke teorije govore da se iznova otjelovljuju struje svijesti pod  ravnanjem karmi\u010dkog zakona. Kada nismo svijesni prave (netrajne) prirode  stvari, \u017ee\u0111amo za prolaznim, prividnim, i tada se uvijek iznova prepora\u0111amo u  novim, jednako netrajnim tijelima, sve dok se iluzija ne raspline u kona\u010dnom  smirenju (v. Mandi\u0107, 2016:15).<\/p>\n<p class=\"MsoNormal\" style=\"line-height: 170%;\">Valja ovdje istaknuti  da je put oslobo\u0111enja, kroz samodisciplinu i meditaciju, po svojoj  naravi krajnje individualno traganje. Buddhizam  odbija ideju objave i ne pola\u017ee pravo na apsolutnu istinu o duhovnom putu  \u010dovje\u010danstva. Buddha je vlastitim naporom tra\u017eio i otkrio prirodu svijeta i  pozvao druge na tra\u017eenje istine ispitivanjem. Tra\u017eioc je podu\u010den da ne vjeruje ni  u \u0161to \u0161to se temelji na tradiciji ili autoritetu, pa niti na autoritetu samoga  Buddhe; tra\u017eioc je, naprotiv, pozvan da sumnja u u\u010denje sve dok se ne uvjeri u  njegovu istinu putem osobnog iskustva i spoznaje. Ovaj iskustveni i  eksperimentalni pristup religioznoj i filozofskoj istini stvorio je kod buddhista  predispoziciju za \u0161iroku toleranciju prema onima koji druga\u010dije misle, koji tra\u017ee  istinu drugim putevima.<\/p>\n<p class=\"MsoNormal\" style=\"line-height: 170%;\">No, premda buddhizam ne  po\u010diva na ideji objave i ne njeguje nikakvu dogmu, njegovi su sljedbenici  duboko svijesni jedinstvenosti Buddhine poruke. Buddhizam je misionarska  religija sve od vremena kada je Buddha poslao svoje u\u010denike da \u0161ire <em>dhammu<\/em>, univerzalno u\u010denje, koje \u0107e  donijeti oslobo\u0111enje svima koji ga razumiju, ali je do obra\u0107enja dolazilo  isklju\u010divo kroz u\u010denje. <\/p>\n<p class=\"MsoNormal\" style=\"line-height: 170%;\">Buddha je emancipirao  \u010dovjeka od svih spona \u2013 od vezivanja za nadnaravne sile, od autoriteta, od  ideologija, od grijeha. Kada Buddha ka\u017ee da je svaka osoba svoj vlastiti  gospodar, ka\u017ee \u2013 \u010dovjek je odgovoran sebi, jer sve \u0161to misli i \u010dini to i  naslje\u0111uje. Prepoznavanje odgovornosti pojedinca, isticanje &bdquo;ethosa autonomne  li\u010dnosti&ldquo;, pred bogom ili autoritetom, jest ono \u0161to Buddhin nauk \u010dini trajno  aktualnim  i pozivaju\u0107im.  <\/p>\n<p class=\"MsoNormal\" style=\"line-height: 150%;\">&nbsp;<\/p>\n<hr align=\"left\" size=\"1\" width=\"33%\" \/>\n<div id=\"ftn192\">\n<p class=\"MsoNormal\" style=\"line-height: 150%;\"><span style=\"font-size: 8.0pt;\"><a name=\"_ftn192\"><\/a><a href=\"#_ftnref192\"><sup>[<span style=\"font-family: 'times new roman', \ntimes;\"><strong>192<\/strong><\/span>]<\/sup><\/a>&nbsp;<br \/>\nSve termine navodimo na p\u0101liju jer dolaze iz p\u0101lijskog kanona; tek poneke i na sanskrtu (skt.).<\/p>\n<p><\/span><\/p>\n<\/div>\n<div id=\"ftn193\">\n<p class=\"MsoNormal\" style=\"line-height: 150%;\"><span style=\"font-size: 8.0pt;\"><a name=\"_ftn193\"><\/a><a href=\"#_ftnref193\"><sup>[<span style=\"font-family: 'times new roman', \ntimes;\"><strong>193<\/strong><\/span>]<\/sup><\/a>&nbsp;<br \/>\nRedovni\u010dka zajednica, <em>sa\u0144gha<\/em>, funkcionira na osnovi sustavno  razra\u0111enog kanona  redovni\u010dke discipline (<em>Vinaya-pitaka<\/em>),  ali je njeno prihva\u0107anje dobrovoljno, jer ulazak u <em>sa\u0144ghu<\/em> ne zahtijeva od redovnika zavjet poslu\u0161nosti prema bilo kome.  Buddha je uvijek  iznova isticao da svaki redovnik slijedi isklju\u010divo put nauka, \u0161to je  doprinijelo tome da su svi redovnici u zajednici imali ravnopravan polo\u017eaj.  Time je bio isklju\u010den svaki autoritet ovla\u0161\u0107en u jednoj ili vi\u0161e osoba;  autoritet je predstavljala samo <em>dhamma<\/em>.  Nadalje, podru\u010dje Indije u kojoj je buddhizam nastao imalo je ve\u0107 razvijen  sustav plemenske demokracije odnosno republikanizma. Ovu je tradiciju, koja je  podupirala antiautoritativnu prirodu Buddhina u\u010denja, prihvatila i rana  buddhisti\u010dka zajednica; ona ostaje i dalje osnovno obilje\u017eje buddhizma bez  obzira na pravac ili \u0161kolu. U svim <em>theravada <\/em>zemljama, a posebno u Mianmaru (Burmi) i Tajlandu, gotovo svaki  buddhisti\u010dki laik provede izvjesno vrijeme u nekom od samostana da bi primio  poduku u nauci i meditaciji. Ovakva je praksa omogu\u0107avala ve\u0107u povezanost  izme\u0111u laika i redovnika, \u0161to je i bila osnovna intencija <em>sa\u0144ghe.<\/em> I danas, uloga je zajednice u interakciji vlade i redovnika  da sa\u010duva <em>dhammu<\/em> i bude duhovni  voditelj, ukazuju\u0107i sekularnoj dr\u017eavi na obvezu unapre\u0111enja takve politi\u010dke i  dru\u0161tvene zajednice unutar koje i redovnici i laici mogu \u017eivjeti u skladu s  moralnim i duhovnim zakonom buddhisti\u010dkog nauka.<br \/>\n<\/span><\/p>\n<\/div>\n<div id=\"ftn194\">\n<p class=\"MsoNormal\" style=\"line-height: 150%;\"><span style=\"font-size: 8.0pt;\"><a name=\"_ftn194\"><\/a><a href=\"#_ftnref194\"><sup>[<span style=\"font-family: 'times new roman', \ntimes;\"><strong>194<\/strong><\/span>]<\/sup><\/a>&nbsp;<br \/>\nPored brojnih drugih  zna\u010denja koja ova rije\u010d mo\u017ee imati u buddhisti\u010dkoj i indijskoj filozofiji uop\u0107e  (skt. <em>dharma <\/em>od <em>dh\u0157<\/em> dr\u017eati), ovdje se ona odnosi na Buddhinu nauku u cjelini, i u  tom smislu ozna\u010dava istinitost, zakonitost. U izvedenom zna\u010denju u buddhizmu,  kao \u0161to \u0107emo kasnije vidjeti,  <em>dhammo<\/em> je i pojava, osnovna \u010destica  stvarnosti.<\/p>\n<p><\/span><\/p>\n<\/div>\n<div id=\"ftn195\">\n<p class=\"MsoNormal\" style=\"line-height: 150%;\"><span style=\"font-size: 8.0pt;\"><a name=\"_ftn195\"><\/a><a href=\"#_ftnref195\"><sup>[<span style=\"font-family: 'times new roman', \ntimes;\"><strong>195<\/strong><\/span>]<\/sup><\/a>&nbsp;<br \/>\nDaniel Goleman jo\u0161 je 1977.  objavio <em>Varieties of meditative  experience<\/em> i <em>Meditation as metatherapy<\/em>,  1988\/96. nova izdanja: <em>The Meditative  Mind<\/em>;  Rick Fields, 1981., <em>How the swans came to the lake \u2013 A narrative  history of Buddhism in America<\/em> i svakako valja spomenuti i danas iznimno  relevantnu studiju  <em>Psychoterapy East and West <\/em>(1961) Alana Wattsa. <\/p>\n<p><\/span><\/p>\n<\/div>\n<div id=\"ftn196\">\n<p class=\"MsoNormal\" style=\"line-height: 150%;\"><span style=\"font-size: 8.0pt;\"><a name=\"_ftn196\"><\/a><a href=\"#_ftnref196\"><sup>[<span style=\"font-family: 'times new roman', \ntimes;\"><strong>196<\/strong><\/span>]<\/sup><\/a>&nbsp;<br \/>\nMeditativna <em>pa\u017enja<\/em> vu\u010de porijeklo iz ranih  isto\u010dnja\u010dkih religijskih i duhovnih tradicija, od hinduizma i buddhizma do yoge.  Dok je praksa <em>pa\u017enje<\/em> na Istoku  uglavnom preno\u0161ena preko religijskih i duhovnih institucija, na Zapadu njezino  se \u0161irenje ve\u017ee za pojedince i sekularne institucije. Premda meditacijanije strana ni \u017eidovstvu ni islamu a ni  kr\u0161\u0107anstvu, suvremeni zapadnja\u010dki u\u010ditelji i prakti\u010dari stekli su svoja znanja  gotovo isklju\u010divo iz buddhisti\u010dkih i hinduisti\u010dkih izvora. Posebice u buddhizmu  meditativna <em>pa\u017enja <\/em>(<em>sati<\/em>) smatra se temeljnim korakom ka  &bdquo;probu\u0111enju&ldquo;; \u010dinjenica da je onanjegov  klju\u010dni aspekt i da su brojni zapadni utjecaji potekli od buddhisti\u010dkih  u\u010ditelja ukazuje na &bdquo;zaslu\u017enost&ldquo; buddhizma za \u0161irenje meditativne praksenaZapadu. Pa ipak,  popularnost &bdquo;sekularne <em>pa\u017enje<\/em>&ldquo; danas se ne poziva na buddhizam (ili neku drugu duhovnu  tradiciju), ve\u0107 je usmjerena na primjenu introspekcije kao znanstvene tehnike univerzalnog  karaktera. No, dok &bdquo;buddhisti\u010dka pa\u017enja&ldquo; ima specifi\u010dne ciljeve povezane sa  svakom fazom prakse, dotle zapadnja\u010dka prije svega isti\u010de neposrednu korist ove  meditacije po tjelesno zdravlje i duhovno-mentalnu sabranost \u010dovjeka usred  \u017eivotne nestalnosti (usp. Goleman i Davidson, 2018).<\/p>\n<p><\/span><\/p>\n<\/div>\n<div id=\"ftn197\">\n<p class=\"MsoNormal\" style=\"line-height: 150%;\"><span style=\"font-size: 8.0pt;\"><a name=\"_ftn197\"><\/a><a href=\"#_ftnref197\"><sup>[<span style=\"font-family: 'times new roman', \ntimes;\"><strong>197<\/strong><\/span>]<\/sup><\/a>&nbsp;<br \/>\n<em>s\u012blam<\/em> \u2013 vrlina, moral, pretpostavlja  se kao nu\u017ean preduvjet svake spoznaje, osnova  na kojoj po\u010diva cijeli osmerostruki put  oslobo\u0111enja, a prije svega se odnosi na ispravan govor, ispravno djelovanje i  ispravan na\u010din \u017eivota. <\/p>\n<p><\/span><\/p>\n<\/div>\n<div id=\"ftn198\">\n<p class=\"MsoNormal\" style=\"line-height: 150%;\"><span style=\"font-size: 8.0pt;\"><a name=\"_ftn198\"><\/a><a href=\"#_ftnref198\"><sup>[<span style=\"font-family: 'times new roman', \ntimes;\"><strong>198<\/strong><\/span>]<\/sup><\/a>&nbsp;<br \/>\nNo iz ovoga bi bilo pogre\u0161no  zaklju\u010diti da ne postoji buddhisti\u010dko u\u010denje o dru\u0161tvu i dr\u017eavi. Premda  razlikuje ne-buddhiste, \u010dlanove <em>sa\u0144ghe,<\/em> i laike, buddhizam ne priznaje distinkciju po kastama, socijalnom statusu ili  etni\u010dkom porijeklu. Nagla\u0161avaju\u0107i obveznost milosr\u0111a spram svakog \u017eivu\u0107eg bi\u0107a,  buddhizam revalorizira etiku kao osnovu dru\u0161tva. Posebno mjesto u etici ima  darivanje, primarno u smislu zakona odnosno u\u010denja o blagostanju namijenjenom  svima. Osobito od vremena cara A\u015boke (3. st. pr. n. e.) buddhisti djeluju u  slu\u017ebi op\u0107eg dobra svih ljudi. A\u015boka je, u stvari, stvorio novi ideal carstva  koji je imao goleme posljedice na \u0160ri Lanki i u zemljama jugoisto\u010dne Azije te  ga se mo\u017ee smatrati osniva\u010dem buddhisti\u010dkog u\u010denja o dr\u017eavi. Autenti\u010dni  dokumenti iz tog vremena u obliku kamenih edikata sadr\u017ee neku vrstu politi\u010dkog  testamenta. A\u015bokini edikti, pisani na jeziku kraja u kojem su bili podignuti,  tuma\u010de osnovne principe <em>dhamme<\/em> kao  \u0161to su nenasilje, prihva\u0107anje sviju vjera i gledi\u0161ta, po\u0161tivanje <em>brahmana<\/em> i drugih u\u010ditelja i isposnika,  ljudskost i velikodu\u0161nost spram sviju. A\u015bokina vlastita aktivnost uklju\u010divala  je izgradnju cesta i sustava navodnjavanja, bolnica, odmarali\u0161ta, za\u0161titu  \u017eivotinja. Bitna se novina sastojala u tome da je A\u015boka prvi put cilj svjesnog  mijenjanja svijeta na buddhisti\u010dkim principima utvrdio i formulirao kao zada\u0107u  politi\u010dkog djelovanja\u2026 Iz dijalektike &bdquo;mijenjanja svijeta&ldquo; i &bdquo;povla\u010denja iz  svijeta&ldquo;, uz prihva\u0107anje jednog vjerski pluralisti\u010dkog dru\u0161tva i istodobnog  pretpostavljanja buddhisti\u010dkih normi, razvili su se osnovni elementi dinamike  daljnjeg razvoja buddhisti\u010dkog dr\u017eavni\u010dkog mi\u0161ljenja prisutni do danas  (Bechert, prema K\u00fcng, 1994: 295-296).<\/p>\n<p><\/span><\/p>\n<\/div>\n<p class=\"MsoNormal\" style=\"line-height: 150%;\">&nbsp;<\/p>\n<p class=\"MsoNormal\" style=\"line-height: 170%;\"><strong>Literatura:<\/strong><\/p>\n<p class=\"MsoNormal\" style=\"line-height: 170%;\">\u010ci\u010dak-Chand, R. (1978).  Pojam praznine (\u015b\u016bnyata) i njezino zna\u010denje u buddhizmu, <em>Dometi 7<\/em>, god. 11: 95-102.<\/p>\n<p class=\"MsoNormal\" style=\"line-height: 170%;\">Edelglass, W.;  Garfield, J.L. (eds.) (2009). <em>Buddhist  Philosophy<\/em>. NewYork: Oxford University Press.<\/p>\n<p class=\"MsoNormal\" style=\"line-height: 170%;\">Fields, R. (1992\/1981\/).  <em>How the  swans came to the lake \u2013 A narrative history of Buddhism in America. <\/em>Shambala  Publications.<\/p>\n<p class=\"MsoNormal\" style=\"line-height: 170%;\">Goleman, D.; Davidson,  R. (2018). How meditation changes your brain, u: <em>Lion&#8217;s Roar \u2013 Buddhist wisdom for our time,<\/em> January, 2018, pp.  51-56.<\/p>\n<p class=\"MsoNormal\" style=\"line-height: 170%;\">Goleman, D. (1996\/1977\/). <em>The Meditative Mind: The Varieties of the  Meditative Experience.<\/em> New York: Dutton.<\/p>\n<p class=\"MsoNormal\" style=\"line-height: 170%;\">Hall, C.S. and Lindzey,  G. (1978). <em>Theories of Personality.<\/em> New York: Wiley<\/p>\n<p class=\"MsoNormal\" style=\"line-height: 170%;\">Husgafvel, V. (2016).  On the Buddhist roots of contemporary non religious mindfulness practice:  Moving beyond sectarian and essentialist approaches, u: <em>Temenos- Nordic Journal of Comparative Religion<\/em>, Vol. 52, No. 1,  pp. 87-126.<\/p>\n<p class=\"MsoNormal\" style=\"line-height: 170%;\">Ivekovi\u0107, R. (1981). <em>Pregled indijske filozofije<\/em>. Zagreb:  Biblioteka Filozofska misao &#8211; fm.<\/p>\n<p class=\"MsoNormal\" style=\"line-height: 170%;\">Jayatilleke, K.N.  (2009\/1978\/). The Contemporary Relevance of Buddhist Philosophy, <em>Buddhist Publication Society \u2013 BPS Online  Edition:<\/em> pp. 15.<\/p>\n<p class=\"MsoNormal\" style=\"line-height: 170%;\">K\u00fcng, H.; Ess, J.;  Stietencron, H. i Bechert, H. (1994). <em>Kr\u0161\u0107anstvo  i svjetske religije \u2013 Uvod u dijalog s islamom, hinduizmom i budizmom<\/em>.  Zagreb: Naprijed.<\/p>\n<p class=\"MsoNormal\" style=\"line-height: 170%;\">Mandi\u0107, K. (2016). <em>Ni\u0161tavilo u budizmu<\/em>. Diplomski rad,  Osijek: FF Sveu\u010dili\u0161ta J.J. Strossmayera, str. 33.<\/p>\n<p class=\"MsoNormal\" style=\"line-height: 170%;\">Mensching, G. (1966). <em>Toleranz und Wahrheit in der Religion.<\/em> M\u00fcnchen-Hamburg:  Siebenstern-Taschenbuch 81.<\/p>\n<p class=\"MsoNormal\" style=\"line-height: 170%;\">\u0147anajivako, B. (1983). <em>Studies in Comparative Philosophy:  Existentialism and Buddhism \u2013 Schopenhauer, Nietzche<\/em>. Vol. 1, Colombo: Lake  House Publ.<\/p>\n<p class=\"MsoNormal\" style=\"line-height: 170%;\">Pajin, D. (1987).  \u010cetvrti okret to\u010dka dharme, <em>Kulture  Istoka<\/em>, god. IV,(11): 24-26.<\/p>\n<p class=\"MsoNormal\" style=\"line-height: 170%;\">Premur, K. (2001). <em>Buddhine besjede i Mahayanske sutre<\/em>.  Zagreb: Demetra.<\/p>\n<p class=\"MsoNormal\" style=\"line-height: 170%;\">Ronkin, N. (2005). <em>Early Buddhist Metaphysics<\/em>.  London&amp;NewYork: RoutledgeCurzon.<\/p>\n<p class=\"MsoNormal\" style=\"line-height: 170%;\">Smre\u010dnik, T. (1985).  Prilog uporednim istra\u017eivanjima budizma i savremene zapadne filozofije, <em>Kulture Istoka<\/em>, Br. 6: 32-35.<\/p>\n<p class=\"MsoNormal\" style=\"line-height: 170%;\">Velja\u010di\u0107, \u010c. (1982). <em>Ethos spoznaje u evropskoj i u indijskoj  filosofiji<\/em>. Beograd: BIGZ.<\/p>\n<p class=\"MsoNormal\" style=\"line-height: 170%;\">Velja\u010di\u0107, \u010c. (1978). <em>Razme\u0111a azijskih filozofija I<\/em>. Zagreb:  Liber.<\/p>\n<p class=\"MsoNormal\" style=\"line-height: 170%;\">Watts, Alan. (1961). <em>Psychotherapy East and West<\/em>. New York:  Pantheon.<\/p>\n<p class=\"MsoNormal\" style=\"line-height: 170%;\">Zori\u0107, S. (1984).  Poku\u0161aj uvida u prirodu praznovitosti. <em>Knji\u017eevna  Smotra<\/em>, god. XVI, br. 53: 49-52.<\/p>\n<p class=\"MsoNormal\" style=\"line-height: 150%;\">&nbsp;<\/p>\n<p style=\"text-align: center;\" align=\"center\"><strong> <span style=\"font-size: 13.0pt; line-height: 150%;\">Contemporary Buddha\u2019s teaching<br \/>\nas a Path to Liberation<\/span><\/strong><\/p>\n<p class=\"MsoNormal\" style=\"line-height: 150%;\">&nbsp;<\/p>\n<p style=\"margin: 0cm 48.6pt 0.0001pt 54pt; line-height: 170%;\"><em><strong>Abstract<\/strong><\/em><\/p>\n<p class=\"MsoBodyText\" style=\"margin-top: 0cm; margin-right: 48.6pt; margin-bottom: .0001pt; margin-left: 54.0pt; line-height: 150%;\"><span style=\"font-size: 12.0pt; line-height: 150%; font-family: 'Times New Roman';\" lang=\"SR\">&nbsp;<\/span><\/p>\n<p class=\"MsoBodyText\" style=\"margin-top: 0cm; margin-right: 48.6pt; margin-bottom: .0001pt; margin-left: 54.0pt; line-height: 170%;\"><em>Buddhism is essentially a teaching about liberation \u2013 from suffering, ignorance and rebirth. Knowledge of \u2018the way things really are\u2019 is considered to be vital in bringing about this emancipation. Therein, Buddhist atheistic nature, theory about non-existence of the self, of the essence (anatt\u0101-vada), the law of impermanence and dependent origination (pa\u021bica-samupp\u0101do ), its discovery of relativity brings it close to science, while the methodology of Buddhism \u2013 ethics and meditation \u2013 that is, its practice-based non-religious essence is one of the great resources in developing understanding of human subjectivity. Precisely in these essential teachings, Buddhism remains equally modern and accessible today, and at this aspect of its legacy we will try to point out, though fragmentarily.<\/em><\/p>\n<p class=\"MsoBodyText\" style=\"margin-top: 0cm; margin-right: 48.6pt; margin-bottom: .0001pt; margin-left: 54.0pt; line-height: 170%;\">&nbsp;<\/p>\n<p style=\"margin: 0cm 48.6pt 0.0001pt 54pt; line-height: 170%;\"><strong><em>Key words:<\/em><\/strong> <em>Buddhism, canonical scriptures, methodology of Buddhism.<\/em><\/p>\n<p class=\"MsoNormal\" style=\"line-height: 150%;\">&nbsp;<\/p>\n<p class=\"MsoNormal\" style=\"line-height: 150%;\">&nbsp;<\/p>\n","protected":false},"excerpt":{"rendered":"<p>VII Uz sedmi simpozij Filozofija medija (2017) &nbsp; &nbsp; &nbsp;7(13)#12 2018 \u010casopis je otvorenog pristupa, a ovo djelo je dano na kori\u0161tenje pod licencom Creative Commons Imenovanje-Nekomercijalno 4.0 me\u0111unarodna. UDK 77.03:659 Izvorni \u010dlanak Original scientific paper Primljeno: 25.01.2018. &nbsp; &nbsp; Silva Kal\u010di\u0107 Sveu\u010dili\u0161te u Zagrebu, Tekstilno-tehnolo\u0161ki fakultet silva.kalcic@gmail.com Trauma i identitet u medijima, medijalizacija i [&hellip;]<\/p>\n","protected":false},"author":2,"featured_media":327,"comment_status":"open","ping_status":"open","sticky":false,"template":"","format":"standard","meta":{"_acf_changed":false,"_et_pb_use_builder":"","_et_pb_old_content":"","_et_gb_content_width":"","footnotes":""},"categories":[71],"tags":[571,577,568,569,562,572,566,570,564,574,561,575,576,578,559,573,579,567,565,560,563],"class_list":["post-328","post","type-post","status-publish","format-standard","has-post-thumbnail","hentry","category-in-medias-res-broj-13","tag-intuitivna-geometrija-u-prostornoj-kiparskoj-instalaciji-ples-zivota","tag-nevjerodostojnost-medijske-reprezentacije-kulture-od-politicke-manipulacije-do-strategije-skandala","tag-bernard-spoljaric","tag-domena-virtualnog-analogon-ili-ekstenzija-svekolikog-bivstvovanja","tag-iva-brcic","tag-josipa-lulic","tag-katerina-jovanovic","tag-kresimir-katusic","tag-lidija-fistrek","tag-luka-janes","tag-medijalizacija-i-konstrukt","tag-medijska-istinosna-crvotocina","tag-nina-ozegovic","tag-ruzica-cicak-chand","tag-silva-kalcic","tag-slika-kao-medij-misljenja-distribuirana-kognicija-i-teorija-prosirenog-uma","tag-suvremenost-buddhina-ucenja-kao-puta-oslobodenja","tag-tijelo-kao-medij-i-metafora-u-kontekstu-umjetnickog-performansa","tag-tijelo-kao-medij-u-digitalnoj-umjetnosti","tag-trauma-i-identitet-u-medijima","tag-utjecaj-medija-na-gledatelja-od-najranije-do-odrasle-dobi","et-has-post-format-content","et_post_format-et-post-format-standard"],"acf":[],"yoast_head":"<!-- This site is optimized with the Yoast SEO plugin v27.4 - https:\/\/yoast.com\/product\/yoast-seo-wordpress\/ -->\n<title>\u010clanci IN MEDIAS RES br. 13 - In Medias Res - \u010casopis centra za filozofiju medija<\/title>\n<meta name=\"robots\" content=\"index, follow, max-snippet:-1, max-image-preview:large, max-video-preview:-1\" \/>\n<link rel=\"canonical\" href=\"https:\/\/centar-fm.org\/inmediasres\/index.php\/clanci-in-medias-res-br-13\/\" \/>\n<meta property=\"og:locale\" content=\"en_US\" \/>\n<meta property=\"og:type\" content=\"article\" \/>\n<meta property=\"og:title\" content=\"\u010clanci IN MEDIAS RES br. 13 - In Medias Res - \u010casopis centra za filozofiju medija\" \/>\n<meta property=\"og:description\" content=\"VII Uz sedmi simpozij Filozofija medija (2017) &nbsp; &nbsp; &nbsp;7(13)#12 2018 \u010casopis je otvorenog pristupa, a ovo djelo je dano na kori\u0161tenje pod licencom Creative Commons Imenovanje-Nekomercijalno 4.0 me\u0111unarodna. UDK 77.03:659 Izvorni \u010dlanak Original scientific paper Primljeno: 25.01.2018. &nbsp; &nbsp; Silva Kal\u010di\u0107 Sveu\u010dili\u0161te u Zagrebu, Tekstilno-tehnolo\u0161ki fakultet silva.kalcic@gmail.com Trauma i identitet u medijima, medijalizacija i [&hellip;]\" \/>\n<meta property=\"og:url\" content=\"https:\/\/centar-fm.org\/inmediasres\/index.php\/clanci-in-medias-res-br-13\/\" \/>\n<meta property=\"og:site_name\" content=\"In Medias Res - \u010casopis centra za filozofiju medija\" \/>\n<meta property=\"article:published_time\" content=\"2018-09-11T18:06:10+00:00\" \/>\n<meta property=\"og:image\" content=\"https:\/\/centar-fm.org\/inmediasres\/wp-content\/uploads\/sites\/2\/2018\/09\/inmediasresno1malo13to.png\" \/>\n\t<meta property=\"og:image:width\" content=\"70\" \/>\n\t<meta property=\"og:image:height\" content=\"103\" \/>\n\t<meta property=\"og:image:type\" content=\"image\/png\" \/>\n<meta name=\"author\" content=\"Super User\" \/>\n<meta name=\"twitter:card\" content=\"summary_large_image\" \/>\n<meta name=\"twitter:label1\" content=\"Written by\" \/>\n\t<meta name=\"twitter:data1\" content=\"Super User\" \/>\n\t<meta name=\"twitter:label2\" content=\"Est. reading time\" \/>\n\t<meta name=\"twitter:data2\" content=\"281 minutes\" \/>\n<script type=\"application\/ld+json\" class=\"yoast-schema-graph\">{\"@context\":\"https:\\\/\\\/schema.org\",\"@graph\":[{\"@type\":\"Article\",\"@id\":\"https:\\\/\\\/centar-fm.org\\\/inmediasres\\\/index.php\\\/clanci-in-medias-res-br-13\\\/#article\",\"isPartOf\":{\"@id\":\"https:\\\/\\\/centar-fm.org\\\/inmediasres\\\/index.php\\\/clanci-in-medias-res-br-13\\\/\"},\"author\":{\"name\":\"Super User\",\"@id\":\"https:\\\/\\\/centar-fm.org\\\/inmediasres\\\/#\\\/schema\\\/person\\\/ae49dcc23965665608f66120db8245a4\"},\"headline\":\"\u010clanci IN MEDIAS RES br. 13\",\"datePublished\":\"2018-09-11T18:06:10+00:00\",\"mainEntityOfPage\":{\"@id\":\"https:\\\/\\\/centar-fm.org\\\/inmediasres\\\/index.php\\\/clanci-in-medias-res-br-13\\\/\"},\"wordCount\":56242,\"commentCount\":0,\"image\":{\"@id\":\"https:\\\/\\\/centar-fm.org\\\/inmediasres\\\/index.php\\\/clanci-in-medias-res-br-13\\\/#primaryimage\"},\"thumbnailUrl\":\"https:\\\/\\\/centar-fm.org\\\/inmediasres\\\/wp-content\\\/uploads\\\/sites\\\/2\\\/2018\\\/09\\\/inmediasresno1malo13to.png\",\"keywords\":[\"\u201eIntuitivna geometrija\u201c u prostornoj kiparskoj instalaciji \u201ePles \u017divota\u201c\",\"(Ne)vjerodostojnost medijske reprezentacije kulture: od politi\u010dke manipulacije do strategije skandala\",\"Bernard \u0160poljari\u0107\",\"Domena virtualnog: analogon ili ekstenzija svekolikog bivstvovanja\",\"Iva Br\u010di\u0107\",\"Josipa Luli\u0107\",\"Katerina Jovanovi\u0107\",\"Kre\u0161imir Katu\u0161i\u0107\",\"Lidija Fi\u0161trek\",\"Luka Jane\u0161\",\"medijalizacija i konstrukt\",\"Medijska istinosna crvoto\u010dina\",\"Nina O\u017eegovi\u0107\",\"Ru\u017eica \u010ci\u010dak-Chand\",\"Silva Kal\u010di\u0107\",\"Slika kao medij mi\u0161ljenja: distribuirana kognicija i teorija pro\u0161irenog uma\",\"Suvremenost Buddhina u\u010denja kao puta oslobo\u0111enja\",\"Tijelo kao medij i metafora u kontekstu umjetni\u010dkog performansa\",\"Tijelo kao medij u digitalnoj umjetnosti\",\"Trauma i identitet u medijima\",\"Utjecaj medija na gledatelja od najranije do odrasle dobi\"],\"articleSection\":[\"In Medias Res broj 13\"],\"inLanguage\":\"en-US\",\"potentialAction\":[{\"@type\":\"CommentAction\",\"name\":\"Comment\",\"target\":[\"https:\\\/\\\/centar-fm.org\\\/inmediasres\\\/index.php\\\/clanci-in-medias-res-br-13\\\/#respond\"]}]},{\"@type\":\"WebPage\",\"@id\":\"https:\\\/\\\/centar-fm.org\\\/inmediasres\\\/index.php\\\/clanci-in-medias-res-br-13\\\/\",\"url\":\"https:\\\/\\\/centar-fm.org\\\/inmediasres\\\/index.php\\\/clanci-in-medias-res-br-13\\\/\",\"name\":\"\u010clanci IN MEDIAS RES br. 13 - In Medias Res - \u010casopis centra za filozofiju medija\",\"isPartOf\":{\"@id\":\"https:\\\/\\\/centar-fm.org\\\/inmediasres\\\/#website\"},\"primaryImageOfPage\":{\"@id\":\"https:\\\/\\\/centar-fm.org\\\/inmediasres\\\/index.php\\\/clanci-in-medias-res-br-13\\\/#primaryimage\"},\"image\":{\"@id\":\"https:\\\/\\\/centar-fm.org\\\/inmediasres\\\/index.php\\\/clanci-in-medias-res-br-13\\\/#primaryimage\"},\"thumbnailUrl\":\"https:\\\/\\\/centar-fm.org\\\/inmediasres\\\/wp-content\\\/uploads\\\/sites\\\/2\\\/2018\\\/09\\\/inmediasresno1malo13to.png\",\"datePublished\":\"2018-09-11T18:06:10+00:00\",\"author\":{\"@id\":\"https:\\\/\\\/centar-fm.org\\\/inmediasres\\\/#\\\/schema\\\/person\\\/ae49dcc23965665608f66120db8245a4\"},\"breadcrumb\":{\"@id\":\"https:\\\/\\\/centar-fm.org\\\/inmediasres\\\/index.php\\\/clanci-in-medias-res-br-13\\\/#breadcrumb\"},\"inLanguage\":\"en-US\",\"potentialAction\":[{\"@type\":\"ReadAction\",\"target\":[\"https:\\\/\\\/centar-fm.org\\\/inmediasres\\\/index.php\\\/clanci-in-medias-res-br-13\\\/\"]}]},{\"@type\":\"ImageObject\",\"inLanguage\":\"en-US\",\"@id\":\"https:\\\/\\\/centar-fm.org\\\/inmediasres\\\/index.php\\\/clanci-in-medias-res-br-13\\\/#primaryimage\",\"url\":\"https:\\\/\\\/centar-fm.org\\\/inmediasres\\\/wp-content\\\/uploads\\\/sites\\\/2\\\/2018\\\/09\\\/inmediasresno1malo13to.png\",\"contentUrl\":\"https:\\\/\\\/centar-fm.org\\\/inmediasres\\\/wp-content\\\/uploads\\\/sites\\\/2\\\/2018\\\/09\\\/inmediasresno1malo13to.png\",\"width\":70,\"height\":103,\"caption\":\"inmediasresno13malo\"},{\"@type\":\"BreadcrumbList\",\"@id\":\"https:\\\/\\\/centar-fm.org\\\/inmediasres\\\/index.php\\\/clanci-in-medias-res-br-13\\\/#breadcrumb\",\"itemListElement\":[{\"@type\":\"ListItem\",\"position\":1,\"name\":\"Po\u010detna stranica\",\"item\":\"https:\\\/\\\/centar-fm.org\\\/inmediasres\\\/\"},{\"@type\":\"ListItem\",\"position\":2,\"name\":\"\u010clanci IN MEDIAS RES br. 13\"}]},{\"@type\":\"WebSite\",\"@id\":\"https:\\\/\\\/centar-fm.org\\\/inmediasres\\\/#website\",\"url\":\"https:\\\/\\\/centar-fm.org\\\/inmediasres\\\/\",\"name\":\"In Medias Res - \u010casopis centra za filozofiju medija\",\"description\":\"\",\"potentialAction\":[{\"@type\":\"SearchAction\",\"target\":{\"@type\":\"EntryPoint\",\"urlTemplate\":\"https:\\\/\\\/centar-fm.org\\\/inmediasres\\\/?s={search_term_string}\"},\"query-input\":{\"@type\":\"PropertyValueSpecification\",\"valueRequired\":true,\"valueName\":\"search_term_string\"}}],\"inLanguage\":\"en-US\"},{\"@type\":\"Person\",\"@id\":\"https:\\\/\\\/centar-fm.org\\\/inmediasres\\\/#\\\/schema\\\/person\\\/ae49dcc23965665608f66120db8245a4\",\"name\":\"Super User\",\"image\":{\"@type\":\"ImageObject\",\"inLanguage\":\"en-US\",\"@id\":\"https:\\\/\\\/secure.gravatar.com\\\/avatar\\\/5ac3fc5ccca7755fa3f558fed4a39be2232c6585e68bd398c790d57375dde921?s=96&d=mm&r=g\",\"url\":\"https:\\\/\\\/secure.gravatar.com\\\/avatar\\\/5ac3fc5ccca7755fa3f558fed4a39be2232c6585e68bd398c790d57375dde921?s=96&d=mm&r=g\",\"contentUrl\":\"https:\\\/\\\/secure.gravatar.com\\\/avatar\\\/5ac3fc5ccca7755fa3f558fed4a39be2232c6585e68bd398c790d57375dde921?s=96&d=mm&r=g\",\"caption\":\"Super User\"},\"url\":\"https:\\\/\\\/centar-fm.org\\\/inmediasres\\\/index.php\\\/author\\\/amynovcfmweb\\\/\"}]}<\/script>\n<!-- \/ Yoast SEO plugin. -->","yoast_head_json":{"title":"\u010clanci IN MEDIAS RES br. 13 - In Medias Res - \u010casopis centra za filozofiju medija","robots":{"index":"index","follow":"follow","max-snippet":"max-snippet:-1","max-image-preview":"max-image-preview:large","max-video-preview":"max-video-preview:-1"},"canonical":"https:\/\/centar-fm.org\/inmediasres\/index.php\/clanci-in-medias-res-br-13\/","og_locale":"en_US","og_type":"article","og_title":"\u010clanci IN MEDIAS RES br. 13 - In Medias Res - \u010casopis centra za filozofiju medija","og_description":"VII Uz sedmi simpozij Filozofija medija (2017) &nbsp; &nbsp; &nbsp;7(13)#12 2018 \u010casopis je otvorenog pristupa, a ovo djelo je dano na kori\u0161tenje pod licencom Creative Commons Imenovanje-Nekomercijalno 4.0 me\u0111unarodna. UDK 77.03:659 Izvorni \u010dlanak Original scientific paper Primljeno: 25.01.2018. &nbsp; &nbsp; Silva Kal\u010di\u0107 Sveu\u010dili\u0161te u Zagrebu, Tekstilno-tehnolo\u0161ki fakultet silva.kalcic@gmail.com Trauma i identitet u medijima, medijalizacija i [&hellip;]","og_url":"https:\/\/centar-fm.org\/inmediasres\/index.php\/clanci-in-medias-res-br-13\/","og_site_name":"In Medias Res - \u010casopis centra za filozofiju medija","article_published_time":"2018-09-11T18:06:10+00:00","og_image":[{"width":70,"height":103,"url":"https:\/\/centar-fm.org\/inmediasres\/wp-content\/uploads\/sites\/2\/2018\/09\/inmediasresno1malo13to.png","type":"image\/png"}],"author":"Super User","twitter_card":"summary_large_image","twitter_misc":{"Written by":"Super User","Est. reading time":"281 minutes"},"schema":{"@context":"https:\/\/schema.org","@graph":[{"@type":"Article","@id":"https:\/\/centar-fm.org\/inmediasres\/index.php\/clanci-in-medias-res-br-13\/#article","isPartOf":{"@id":"https:\/\/centar-fm.org\/inmediasres\/index.php\/clanci-in-medias-res-br-13\/"},"author":{"name":"Super User","@id":"https:\/\/centar-fm.org\/inmediasres\/#\/schema\/person\/ae49dcc23965665608f66120db8245a4"},"headline":"\u010clanci IN MEDIAS RES br. 13","datePublished":"2018-09-11T18:06:10+00:00","mainEntityOfPage":{"@id":"https:\/\/centar-fm.org\/inmediasres\/index.php\/clanci-in-medias-res-br-13\/"},"wordCount":56242,"commentCount":0,"image":{"@id":"https:\/\/centar-fm.org\/inmediasres\/index.php\/clanci-in-medias-res-br-13\/#primaryimage"},"thumbnailUrl":"https:\/\/centar-fm.org\/inmediasres\/wp-content\/uploads\/sites\/2\/2018\/09\/inmediasresno1malo13to.png","keywords":["\u201eIntuitivna geometrija\u201c u prostornoj kiparskoj instalaciji \u201ePles \u017divota\u201c","(Ne)vjerodostojnost medijske reprezentacije kulture: od politi\u010dke manipulacije do strategije skandala","Bernard \u0160poljari\u0107","Domena virtualnog: analogon ili ekstenzija svekolikog bivstvovanja","Iva Br\u010di\u0107","Josipa Luli\u0107","Katerina Jovanovi\u0107","Kre\u0161imir Katu\u0161i\u0107","Lidija Fi\u0161trek","Luka Jane\u0161","medijalizacija i konstrukt","Medijska istinosna crvoto\u010dina","Nina O\u017eegovi\u0107","Ru\u017eica \u010ci\u010dak-Chand","Silva Kal\u010di\u0107","Slika kao medij mi\u0161ljenja: distribuirana kognicija i teorija pro\u0161irenog uma","Suvremenost Buddhina u\u010denja kao puta oslobo\u0111enja","Tijelo kao medij i metafora u kontekstu umjetni\u010dkog performansa","Tijelo kao medij u digitalnoj umjetnosti","Trauma i identitet u medijima","Utjecaj medija na gledatelja od najranije do odrasle dobi"],"articleSection":["In Medias Res broj 13"],"inLanguage":"en-US","potentialAction":[{"@type":"CommentAction","name":"Comment","target":["https:\/\/centar-fm.org\/inmediasres\/index.php\/clanci-in-medias-res-br-13\/#respond"]}]},{"@type":"WebPage","@id":"https:\/\/centar-fm.org\/inmediasres\/index.php\/clanci-in-medias-res-br-13\/","url":"https:\/\/centar-fm.org\/inmediasres\/index.php\/clanci-in-medias-res-br-13\/","name":"\u010clanci IN MEDIAS RES br. 13 - In Medias Res - \u010casopis centra za filozofiju medija","isPartOf":{"@id":"https:\/\/centar-fm.org\/inmediasres\/#website"},"primaryImageOfPage":{"@id":"https:\/\/centar-fm.org\/inmediasres\/index.php\/clanci-in-medias-res-br-13\/#primaryimage"},"image":{"@id":"https:\/\/centar-fm.org\/inmediasres\/index.php\/clanci-in-medias-res-br-13\/#primaryimage"},"thumbnailUrl":"https:\/\/centar-fm.org\/inmediasres\/wp-content\/uploads\/sites\/2\/2018\/09\/inmediasresno1malo13to.png","datePublished":"2018-09-11T18:06:10+00:00","author":{"@id":"https:\/\/centar-fm.org\/inmediasres\/#\/schema\/person\/ae49dcc23965665608f66120db8245a4"},"breadcrumb":{"@id":"https:\/\/centar-fm.org\/inmediasres\/index.php\/clanci-in-medias-res-br-13\/#breadcrumb"},"inLanguage":"en-US","potentialAction":[{"@type":"ReadAction","target":["https:\/\/centar-fm.org\/inmediasres\/index.php\/clanci-in-medias-res-br-13\/"]}]},{"@type":"ImageObject","inLanguage":"en-US","@id":"https:\/\/centar-fm.org\/inmediasres\/index.php\/clanci-in-medias-res-br-13\/#primaryimage","url":"https:\/\/centar-fm.org\/inmediasres\/wp-content\/uploads\/sites\/2\/2018\/09\/inmediasresno1malo13to.png","contentUrl":"https:\/\/centar-fm.org\/inmediasres\/wp-content\/uploads\/sites\/2\/2018\/09\/inmediasresno1malo13to.png","width":70,"height":103,"caption":"inmediasresno13malo"},{"@type":"BreadcrumbList","@id":"https:\/\/centar-fm.org\/inmediasres\/index.php\/clanci-in-medias-res-br-13\/#breadcrumb","itemListElement":[{"@type":"ListItem","position":1,"name":"Po\u010detna stranica","item":"https:\/\/centar-fm.org\/inmediasres\/"},{"@type":"ListItem","position":2,"name":"\u010clanci IN MEDIAS RES br. 13"}]},{"@type":"WebSite","@id":"https:\/\/centar-fm.org\/inmediasres\/#website","url":"https:\/\/centar-fm.org\/inmediasres\/","name":"In Medias Res - \u010casopis centra za filozofiju medija","description":"","potentialAction":[{"@type":"SearchAction","target":{"@type":"EntryPoint","urlTemplate":"https:\/\/centar-fm.org\/inmediasres\/?s={search_term_string}"},"query-input":{"@type":"PropertyValueSpecification","valueRequired":true,"valueName":"search_term_string"}}],"inLanguage":"en-US"},{"@type":"Person","@id":"https:\/\/centar-fm.org\/inmediasres\/#\/schema\/person\/ae49dcc23965665608f66120db8245a4","name":"Super User","image":{"@type":"ImageObject","inLanguage":"en-US","@id":"https:\/\/secure.gravatar.com\/avatar\/5ac3fc5ccca7755fa3f558fed4a39be2232c6585e68bd398c790d57375dde921?s=96&d=mm&r=g","url":"https:\/\/secure.gravatar.com\/avatar\/5ac3fc5ccca7755fa3f558fed4a39be2232c6585e68bd398c790d57375dde921?s=96&d=mm&r=g","contentUrl":"https:\/\/secure.gravatar.com\/avatar\/5ac3fc5ccca7755fa3f558fed4a39be2232c6585e68bd398c790d57375dde921?s=96&d=mm&r=g","caption":"Super User"},"url":"https:\/\/centar-fm.org\/inmediasres\/index.php\/author\/amynovcfmweb\/"}]}},"_links":{"self":[{"href":"https:\/\/centar-fm.org\/inmediasres\/index.php\/wp-json\/wp\/v2\/posts\/328","targetHints":{"allow":["GET"]}}],"collection":[{"href":"https:\/\/centar-fm.org\/inmediasres\/index.php\/wp-json\/wp\/v2\/posts"}],"about":[{"href":"https:\/\/centar-fm.org\/inmediasres\/index.php\/wp-json\/wp\/v2\/types\/post"}],"author":[{"embeddable":true,"href":"https:\/\/centar-fm.org\/inmediasres\/index.php\/wp-json\/wp\/v2\/users\/2"}],"replies":[{"embeddable":true,"href":"https:\/\/centar-fm.org\/inmediasres\/index.php\/wp-json\/wp\/v2\/comments?post=328"}],"version-history":[{"count":0,"href":"https:\/\/centar-fm.org\/inmediasres\/index.php\/wp-json\/wp\/v2\/posts\/328\/revisions"}],"wp:featuredmedia":[{"embeddable":true,"href":"https:\/\/centar-fm.org\/inmediasres\/index.php\/wp-json\/wp\/v2\/media\/327"}],"wp:attachment":[{"href":"https:\/\/centar-fm.org\/inmediasres\/index.php\/wp-json\/wp\/v2\/media?parent=328"}],"wp:term":[{"taxonomy":"category","embeddable":true,"href":"https:\/\/centar-fm.org\/inmediasres\/index.php\/wp-json\/wp\/v2\/categories?post=328"},{"taxonomy":"post_tag","embeddable":true,"href":"https:\/\/centar-fm.org\/inmediasres\/index.php\/wp-json\/wp\/v2\/tags?post=328"}],"curies":[{"name":"wp","href":"https:\/\/api.w.org\/{rel}","templated":true}]}}