{"id":342,"date":"2019-09-09T18:19:05","date_gmt":"2019-09-09T18:19:05","guid":{"rendered":"https:\/\/sweet-mcclintock.194-60-87-163.plesk.page\/inmediasres\/2019\/09\/09\/naslov15\/"},"modified":"2019-09-09T18:19:05","modified_gmt":"2019-09-09T18:19:05","slug":"naslov15","status":"publish","type":"post","link":"https:\/\/centar-fm.org\/inmediasres\/index.php\/naslov15\/","title":{"rendered":"naslovnica br.15"},"content":{"rendered":"<table border=\"0\" cellspacing=\"0\" cellpadding=\"0\">\n<tbody>\n<tr>\n<td valign=\"top\" width=\"370\">\n<p><a href=\"index.php\/in-medias-res-broj15\"><\/a><\/p>\n<p style=\"text-align: center;\">&nbsp;<\/p>\n<p style=\"line-height: 170%; text-align: center;\">\n<a href=\"http:\/\/www.centar-fm.org\/inmediasres\/images\/pdf\/15\/cijeli casopis inmediasres15hrv.pdf\"><br \/>\n<img loading=\"lazy\" decoding=\"async\" class=\" size-full wp-image-108\" alt=\"adobe pdf_icon\" src=\"https:\/\/centar-fm.org\/inmediasres\/wp-content\/uploads\/sites\/2\/2011\/11\/adobe_pdf_icon.png\" width=\"55\" height=\"52\" title=\"InMediasRes\" onmouseout=\"this.src='https:\/\/centar-fm.org\/inmediasres\/wp-content\/uploads\/sites\/2\/2011\/11\/adobe_pdf_icon.png';\" onmouseover=\"this.src='images\/casopisi\/adobe_pdf_iconbles.png';\" \/><br \/>\n<\/a>\n<\/p>\n<p style=\"line-height: 170%; text-align: center;\"><strong>IN MEDIAS RES <\/strong><br \/> \u010dasopis filozofije medija <\/p>\n<p class=\"MsoNormal\" style=\"line-height: 50%;\">&nbsp;<\/p>\n<p style=\"line-height: 170%; text-align: center;\">Izdava\u010d \u010dasopisa:<br \/> Centar za filozofiju medija i mediolo\u0161ka istra\u017eivanja (Zagreb)<\/p>\n<p class=\"MsoNormal\" style=\"line-height: 50%;\">&nbsp;<\/p>\n<p style=\"line-height: 170%; text-align: center;\">Adresa: Petrovogorska 18, 10000 Zagreb <\/p>\n<p class=\"MsoNormal\" style=\"line-height: 50%;\">&nbsp;<\/p>\n<p style=\"line-height: 170%; text-align: center;\">\nE-mail: inmediasres@centar-fm.org<\/p>\n<p class=\"MsoNormal\" style=\"line-height: 50%;\">&nbsp;<\/p>\n<p style=\"line-height: 170%; text-align: center;\">\nGODINA 8 (2019) broj 15<\/p>\n<p style=\"line-height: 100%; text-align: center;\">&nbsp;<\/p>\n<hr \/>\n<p style=\"line-height: 170%; text-align: center;\">\n<a rel=\"license\" href=\"http:\/\/creativecommons.org\/licenses\/by-nc\/4.0\/\"><img decoding=\"async\" alt=\"Creative Commons licenca\" style=\"border-width:0\" src=\"https:\/\/i.creativecommons.org\/l\/by-nc\/4.0\/88x31.png\" \/><\/a><br \/>\u010casopis je otvorenog pristupa, a ovo djelo je dano na kori\u0161tenje pod licencom <a rel=\"license\" href=\"http:\/\/creativecommons.org\/licenses\/by-nc\/4.0\/\"><strong>Creative Commons Imenovanje-Nekomercijalno 4.0 me\u0111unarodna.<\/strong><\/a><\/p>\n<\/td>\n<td valign=\"top\" width=\"20\">\n<p style=\"line-height: 100%; text-align: center;\">&nbsp;<\/p>\n<\/td>\n<td valign=\"top\" width=\"20\">\n<p style=\"line-height: 100%; text-align: center;\">&nbsp;<\/p>\n<\/td>\n<td valign=\"top\">\n<p style=\"line-height: 200%;\"><strong>ISSN 1848-6304<\/strong><\/p>\n<p style=\"line-height: 200%;\"><strong>UDK 316.774:1<\/strong><\/p>\n<p style=\"line-height: 200%;\"><strong>Vol 8, br. 15, 2019.<\/strong><\/p>\n<p style=\"line-height: 200%;\"><strong><em>Sadr\u017eaj<\/em><\/strong><\/p>\n<p style=\"text-align: center; line-height: 50%;\" align=\"center\">&nbsp;<\/p>\n<table style=\"background-color: #eceff2;\" border=\"0\">\n<tbody>\n<tr>\n<td valign=\"top\" width=\"110\"><span style=\"color: #000000;\"><span style=\"color: #000000;\"><a href=\"http:\/\/www.centar-fm.org\/inmediasres\/index.php\/in-medias-res-broj15#1inmediasres15\">Jure Vuji\u0107:<\/a><\/span><\/span><\/td>\n<td valign=\"top\"><span style=\"color: #000000;\"><a href=\"http:\/\/www.centar-fm.org\/inmediasres\/index.php\/in-medias-res-broj15#1inmediasres15\"><strong>Geopolitics of Numerical Space and the Rule of Algorithms<\/strong><\/a><\/span><\/p>\n<div style=\"height: 5px; overflow:hidden;\">&nbsp;<\/div>\n<p><span style=\"color: #000000;\"><a href=\"http:\/\/www.centar-fm.org\/inmediasres\/index.php\/in-medias-res-broj15#1inmediasres15\"><strong>Geopolitika numeri\u010dkog prostora i<br \/>\nvladavina algoritama<\/strong><\/a><\/span>\n<\/td>\n<\/tr>\n<tr>\n<td valign=\"top\" width=\"110\">\n<div style=\"height: 6px; overflow:hidden;\">\n<\/div>\n<\/td>\n<td>\n<div style=\"height: 6px; overflow:hidden;\">\n<\/div>\n<\/td>\n<\/tr>\n<tr>\n<td width=\"110\" valign=\"top\"><span style=\"color: #000000;\"><a href=\"http:\/\/www.centar-fm.org\/inmediasres\/index.php\/in-medias-res-broj15#2inmediasres15\">Dario Terzi\u0107:<\/a><\/span><\/td>\n<td valign=\"top\"><span style=\"color: #000000;\"><a href=\"http:\/\/www.centar-fm.org\/inmediasres\/index.php\/in-medias-res-broj15#2inmediasres15\"><strong>Interprating Chromatic Codes through the Ages and in Different Modern Social Contexts<\/strong><\/a><\/span><\/p>\n<div style=\"height: 5px; overflow:hidden;\">&nbsp;<\/div>\n<p><span style=\"color: #000000;\"><a href=\"http:\/\/www.centar-fm.org\/inmediasres\/index.php\/in-medias-res-broj15#2inmediasres15\"><strong>Interpretacija kromatskih kodova kroz historiju i u razli\u010ditim modernim kontekstima<\/strong><\/a><\/span>\n<\/td>\n<\/tr>\n<tr>\n<td valign=\"top\" width=\"110\">\n<div style=\"height: 6px; overflow:hidden;\">\n<\/div>\n<\/td>\n<td>\n<div style=\"height: 6px; overflow:hidden;\">\n<\/div>\n<\/td>\n<\/tr>\n<tr>\n<td width=\"110\" valign=\"top\"><span style=\"color: #000000;\"><a href=\"http:\/\/www.centar-fm.org\/inmediasres\/index.php\/in-medias-res-broj15#3inmediasres15\">Iva Paska:<\/a><\/span><\/td>\n<td valign=\"top\"><span style=\"color: #000000;\"><a href=\"http:\/\/www.centar-fm.org\/inmediasres\/index.php\/in-medias-res-broj15#3inmediasres15\"><strong>Digital Media Environments and their Implications: Instagram<\/strong><\/a><\/span><\/p>\n<div style=\"height: 5px; overflow:hidden;\">&nbsp;<\/div>\n<p><span style=\"color: #000000;\"><a href=\"http:\/\/www.centar-fm.org\/inmediasres\/index.php\/in-medias-res-broj15#3inmediasres15\"><strong>Digitalna medijska okru\u017eenja i njihove implikacije: Instagram<\/strong><\/a><\/span>\n<\/td>\n<\/tr>\n<tr>\n<td valign=\"top\" width=\"110\">\n<div style=\"height: 6px; overflow:hidden;\">\n<\/div>\n<\/td>\n<td>\n<div style=\"height: 6px; overflow:hidden;\">\n<\/div>\n<\/td>\n<\/tr>\n<tr>\n<td width=\"110\" valign=\"top\"><span style=\"color: #000000;\"><a href=\"http:\/\/www.centar-fm.org\/inmediasres\/index.php\/in-medias-res-broj15#4inmediasres15\">Veljko \u017dvan:<\/a><\/span><\/td>\n<td valign=\"top\"><span style=\"color: #000000;\"><a href=\"http:\/\/www.centar-fm.org\/inmediasres\/index.php\/in-medias-res-broj15#4inmediasres15\"><strong>Electronic Media and Critical Thinking<\/strong><\/a><\/span><\/p>\n<div style=\"height: 5px; overflow:hidden;\">&nbsp;<\/div>\n<p><span style=\"color: #000000;\"><a href=\"http:\/\/www.centar-fm.org\/inmediasres\/index.php\/in-medias-res-broj15#4inmediasres15\"><strong>Elektroni\u010dki mediji i kriti\u010dko mi\u0161ljenje<\/strong><\/a><\/span>\n<\/td>\n<\/tr>\n<tr>\n<td valign=\"top\" width=\"110\">\n<div style=\"height: 6px; overflow:hidden;\">\n<\/div>\n<\/td>\n<td>\n<div style=\"height: 6px; overflow:hidden;\">\n<\/div>\n<\/td>\n<\/tr>\n<tr>\n<td width=\"110\" valign=\"top\"><span style=\"color: #000000;\"><a href=\"http:\/\/www.centar-fm.org\/inmediasres\/index.php\/in-medias-res-broj15#5inmediasres15\">Fulvio \u0160uran:<\/a><\/span><\/td>\n<td valign=\"top\"><span style=\"color: #000000;\"><a href=\"http:\/\/www.centar-fm.org\/inmediasres\/index.php\/in-medias-res-broj15#5inmediasres15\"><strong>Quo Vadis Digitalis Homine? Digital Philosophy and the Universe<\/strong><\/a><\/span><\/p>\n<div style=\"height: 5px; overflow:hidden;\">&nbsp;<\/div>\n<p><span style=\"color: #000000;\"><a href=\"http:\/\/www.centar-fm.org\/inmediasres\/index.php\/in-medias-res-broj15#5inmediasres15\"><strong>Quo vadis digitalis homine?<br \/>\nDigitalna filozofija i svemir<\/strong><\/a><\/span>\n<\/td>\n<\/tr>\n<tr>\n<td valign=\"top\" width=\"110\">\n<div style=\"height: 6px; overflow:hidden;\">\n<\/div>\n<\/td>\n<td>\n<div style=\"height: 6px; overflow:hidden;\">\n<\/div>\n<\/td>\n<\/tr>\n<tr>\n<td width=\"110\" valign=\"top\"><span style=\"color: #000000;\"><a href=\"http:\/\/www.centar-fm.org\/inmediasres\/index.php\/in-medias-res-broj15#6inmediasres15\">Glorija Mavrinac:<\/a><\/span><\/td>\n<td valign=\"top\"><span style=\"color: #000000;\"><a href=\"http:\/\/www.centar-fm.org\/inmediasres\/index.php\/in-medias-res-broj15#6inmediasres15\"><strong>The Westernization and Colonization of the African Mind through the Media<\/strong><\/a><\/span><\/p>\n<div style=\"height: 5px; overflow:hidden;\">&nbsp;<\/div>\n<p><span style=\"color: #000000;\"><a href=\"http:\/\/www.centar-fm.org\/inmediasres\/index.php\/in-medias-res-broj15#6inmediasres15\"><strong>Pozapadnjivanje i kolonizacija afri\u010dkog uma posredstvom medija<\/strong><\/a><\/span>\n<\/td>\n<\/tr>\n<tr>\n<td valign=\"top\" width=\"110\">\n<div style=\"height: 6px; overflow:hidden;\">\n<\/div>\n<\/td>\n<td>\n<div style=\"height: 6px; overflow:hidden;\">\n<\/div>\n<\/td>\n<\/tr>\n<tr>\n<td width=\"110\" valign=\"top\"><span style=\"color: #000000;\"><a href=\"http:\/\/www.centar-fm.org\/inmediasres\/index.php\/in-medias-res-broj15#7inmediasres15\">Silva Kal\u010di\u0107:<\/a><\/span><\/td>\n<td valign=\"top\"><span style=\"color: #000000;\"><a href=\"http:\/\/www.centar-fm.org\/inmediasres\/index.php\/in-medias-res-broj15#7inmediasres15\"><strong>Referencijalni simbolizam i semioti\u010dki aspekt djela umjetnosti i dizajna<\/strong><\/a><\/span><\/p>\n<div style=\"height: 5px; overflow:hidden;\">&nbsp;<\/div>\n<p><span style=\"color: #000000;\"><a href=\"http:\/\/www.centar-fm.org\/inmediasres\/index.php\/in-medias-res-broj15#7inmediasres15\"><strong>Referential Symbolism and Semiotic Aspect of works of Art and Design<\/strong><\/a><\/span>\n<\/td>\n<\/tr>\n<tr>\n<td valign=\"top\" width=\"110\">\n<div style=\"height: 6px; overflow:hidden;\">\n<\/div>\n<\/td>\n<td>\n<div style=\"height: 6px; overflow:hidden;\">\n<\/div>\n<\/td>\n<\/tr>\n<tr>\n<td width=\"110\" valign=\"top\"><span style=\"color: #000000;\"><a href=\"http:\/\/www.centar-fm.org\/inmediasres\/index.php\/in-medias-res-broj15#8inmediasres15\">\u017deljka Bagari\u0107 i Antonija Mandi\u0107:<\/a><\/span><\/td>\n<td valign=\"top\"><span style=\"color: #000000;\"><a href=\"http:\/\/www.centar-fm.org\/inmediasres\/index.php\/in-medias-res-broj15#8inmediasres15\"><strong>Istina, mediji i \u017eilet-\u017eica: migranti u hrvatskom medijskom krajoliku<\/strong><\/a><\/span><\/p>\n<div style=\"height: 5px; overflow:hidden;\">&nbsp;<\/div>\n<p><span style=\"color: #000000;\"><a href=\"http:\/\/www.centar-fm.org\/inmediasres\/index.php\/in-medias-res-broj15#8inmediasres15\"><strong>Truth, Media and Razor-Wire: Migrants in Croatian Media Landscape<\/strong><\/a><\/span>\n<\/td>\n<\/tr>\n<tr>\n<td valign=\"top\" width=\"110\">\n<div style=\"height: 6px; overflow:hidden;\">\n<\/div>\n<\/td>\n<td>\n<div style=\"height: 6px; overflow:hidden;\">\n<\/div>\n<\/td>\n<\/tr>\n<tr>\n<td width=\"110\" valign=\"top\"><span style=\"color: #000000;\"><a href=\"http:\/\/www.centar-fm.org\/inmediasres\/index.php\/in-medias-res-broj15#9inmediasres15\">Marko Grba:<\/a><\/span><\/td>\n<td valign=\"top\"><span style=\"color: #000000;\"><a href=\"http:\/\/www.centar-fm.org\/inmediasres\/index.php\/in-medias-res-broj15#9inmediasres15\"><strong>Filozofski, fizi\u010dki i medijski elektron<\/strong><\/a><\/span><\/p>\n<div style=\"height: 5px; overflow:hidden;\">&nbsp;<\/div>\n<p><span style=\"color: #000000;\"><a href=\"http:\/\/www.centar-fm.org\/inmediasres\/index.php\/in-medias-res-broj15#9inmediasres15\"><strong>Philosophical, Physical and Media Electron<\/strong><\/a><\/span>\n<\/td>\n<\/tr>\n<tr>\n<td valign=\"top\" width=\"110\">\n<div style=\"height: 6px; overflow:hidden;\">\n<\/div>\n<\/td>\n<td>\n<div style=\"height: 6px; overflow:hidden;\">\n<\/div>\n<\/td>\n<\/tr>\n<tr>\n<td width=\"110\" valign=\"top\"><span style=\"color: #000000;\"><a href=\"http:\/\/www.centar-fm.org\/inmediasres\/index.php\/in-medias-res-broj15#10inmediasres15\">Jadranka Polovi\u0107:<\/a><\/span><\/td>\n<td valign=\"top\"><span style=\"color: #000000;\"><a href=\"http:\/\/www.centar-fm.org\/inmediasres\/index.php\/in-medias-res-broj15#10inmediasres15\"><strong>\u201dLa\u017ene vijesti\u201d kao politi\u010dki alat sistemske krize liberalne demokracije i korporativnih medija<\/strong><\/a><\/span><\/p>\n<div style=\"height: 5px; overflow:hidden;\">&nbsp;<\/div>\n<p><span style=\"color: #000000;\"><a href=\"http:\/\/www.centar-fm.org\/inmediasres\/index.php\/in-medias-res-broj15#10inmediasres15\"><strong>\u201dFake news\u201d as a Political Tool of the Systemic Crisis in Liberal Democracy and Corporate Media<\/strong><\/a><\/span>\n<\/td>\n<\/tr>\n<tr>\n<td valign=\"top\" width=\"110\">\n<div style=\"height: 6px; overflow:hidden;\">\n<\/div>\n<\/td>\n<td>\n<div style=\"height: 6px; overflow:hidden;\">\n<\/div>\n<\/td>\n<\/tr>\n<\/tbody>\n<\/table>\n<div style=\"height: 6px; overflow:hidden;\">&nbsp;<\/div>\n<div style=\"height: 6px; overflow:hidden;\">&nbsp;<\/div>\n<p style=\"line-height: 150%;\"><span style=\"text-decoration: underline;\">II ESEJ<\/span><\/p>\n<table style=\"background-color: #eceff2;\" border=\"0\">\n<tbody>\n<tr>\n<td valign=\"top\" width=\"110\">\n<div style=\"height: 6px; overflow:hidden;\">\n<\/div>\n<\/td>\n<td>\n<div style=\"height: 6px; overflow:hidden;\">\n<\/div>\n<\/td>\n<\/tr>\n<tr>\n<td width=\"110\" valign=\"top\"><span style=\"color: #000000;\"><a href=\"http:\/\/www.centar-fm.org\/inmediasres\/index.php\/in-medias-res-broj15#11inmediasres15\">Tihoni Br\u010di\u0107:<\/a><\/span><\/td>\n<td valign=\"top\"><span style=\"color: #000000;\"><a href=\"http:\/\/www.centar-fm.org\/inmediasres\/index.php\/in-medias-res-broj15#11inmediasres15\"><strong>Interaktivni film: Odgovor na pasivnost medija<\/strong><\/a><\/span><\/p>\n<div style=\"height: 5px; overflow:hidden;\">&nbsp;<\/div>\n<p><span style=\"color: #000000;\"><a href=\"http:\/\/www.centar-fm.org\/inmediasres\/index.php\/in-medias-res-broj15#11inmediasres15\"><strong>Interactive Movie: A response to Passivity of the Medium<\/strong><\/a><\/span>\n<\/td>\n<\/tr>\n<tr>\n<td valign=\"top\" width=\"110\">\n<div style=\"height: 6px; overflow:hidden;\">\n<\/div>\n<\/td>\n<td>\n<div style=\"height: 6px; overflow:hidden;\">\n<\/div>\n<\/td>\n<\/tr>\n<\/tbody>\n<\/table>\n<\/td>\n<\/tr>\n<\/tbody>\n<\/table>\n","protected":false},"excerpt":{"rendered":"<p>&nbsp; IN MEDIAS RES \u010dasopis filozofije medija &nbsp; Izdava\u010d \u010dasopisa: Centar za filozofiju medija i mediolo\u0161ka istra\u017eivanja (Zagreb) &nbsp; Adresa: Petrovogorska 18, 10000 Zagreb &nbsp; E-mail: inmediasres@centar-fm.org &nbsp; GODINA 8 (2019) broj 15 &nbsp; \u010casopis je otvorenog pristupa, a ovo djelo je dano na kori\u0161tenje pod licencom Creative Commons Imenovanje-Nekomercijalno 4.0 me\u0111unarodna. &nbsp; &nbsp; ISSN [&hellip;]<\/p>\n","protected":false},"author":2,"featured_media":341,"comment_status":"open","ping_status":"open","sticky":false,"template":"","format":"standard","meta":{"_acf_changed":false,"_et_pb_use_builder":"","_et_pb_old_content":"","_et_gb_content_width":"","footnotes":""},"categories":[76],"tags":[624,617,607,610,611,621,622,154,606,613,626,608,618,609,623,545,620,619,612,615,559,614,625,133,616],"class_list":["post-342","post","type-post","status-publish","format-standard","has-post-thumbnail","hentry","category-in-medias-res-broj-15-naslovnica","tag-lazne-vijesti-kao-politicki-alat-sistemske-krize-liberalne-demokracije-i-korporativnih-medija","tag-antonija-mandic","tag-dario-terzic","tag-digital-media-environments-and-their-implications-instagram","tag-electronic-media-and-critical-thinking","tag-filozofski","tag-fizicki-i-medijski-elektron","tag-fulvio-suran","tag-geopolitics-of-numerical-space-and-the-rule-of-algorithms","tag-glorija-mavrinac","tag-interaktivni-film-odgovor-na-pasivnost-medija","tag-interprating-chromatic-codes-through-the-ages-and-in-different-modern-social-contexts","tag-istina","tag-iva-paska","tag-jadranka-polovic","tag-jure-vujic","tag-marko-grba","tag-mediji-i-zilet-zica-migranti-u-hrvatskom-medijskom-krajoliku","tag-quo-vadis-digitalis-homine-digital-philosophy-and-the-universe","tag-referencijalni-simbolizam-i-semioticki-aspekt-djela-umjetnosti-i-dizajna","tag-silva-kalcic","tag-the-westernization-and-colonization-of-the-african-mind-through-the-media","tag-tihoni-brcic","tag-veljko-zvan","tag-zeljka-bagaric","et-has-post-format-content","et_post_format-et-post-format-standard"],"acf":[],"yoast_head":"<!-- This site is optimized with the Yoast SEO plugin v27.4 - https:\/\/yoast.com\/product\/yoast-seo-wordpress\/ -->\n<title>naslovnica br.15 - In Medias Res - \u010casopis centra za filozofiju medija<\/title>\n<meta name=\"robots\" content=\"index, follow, max-snippet:-1, max-image-preview:large, max-video-preview:-1\" \/>\n<link rel=\"canonical\" href=\"https:\/\/centar-fm.org\/inmediasres\/index.php\/naslov15\/\" \/>\n<meta property=\"og:locale\" content=\"en_US\" \/>\n<meta property=\"og:type\" content=\"article\" \/>\n<meta property=\"og:title\" content=\"naslovnica br.15 - In Medias Res - \u010casopis centra za filozofiju medija\" \/>\n<meta property=\"og:description\" content=\"&nbsp; IN MEDIAS RES \u010dasopis filozofije medija &nbsp; Izdava\u010d \u010dasopisa: Centar za filozofiju medija i mediolo\u0161ka istra\u017eivanja (Zagreb) &nbsp; Adresa: Petrovogorska 18, 10000 Zagreb &nbsp; E-mail: inmediasres@centar-fm.org &nbsp; GODINA 8 (2019) broj 15 &nbsp; \u010casopis je otvorenog pristupa, a ovo djelo je dano na kori\u0161tenje pod licencom Creative Commons Imenovanje-Nekomercijalno 4.0 me\u0111unarodna. &nbsp; &nbsp; ISSN [&hellip;]\" \/>\n<meta property=\"og:url\" content=\"https:\/\/centar-fm.org\/inmediasres\/index.php\/naslov15\/\" \/>\n<meta property=\"og:site_name\" content=\"In Medias Res - \u010casopis centra za filozofiju medija\" \/>\n<meta property=\"article:published_time\" content=\"2019-09-09T18:19:05+00:00\" \/>\n<meta property=\"og:image\" content=\"https:\/\/centar-fm.org\/inmediasres\/wp-content\/uploads\/sites\/2\/2019\/09\/inmediasresno15ii.jpg\" \/>\n\t<meta property=\"og:image:width\" content=\"592\" \/>\n\t<meta property=\"og:image:height\" content=\"868\" \/>\n\t<meta property=\"og:image:type\" content=\"image\/jpeg\" \/>\n<meta name=\"author\" content=\"Super User\" \/>\n<meta name=\"twitter:card\" content=\"summary_large_image\" \/>\n<meta name=\"twitter:label1\" content=\"Written by\" \/>\n\t<meta name=\"twitter:data1\" content=\"Super User\" \/>\n\t<meta name=\"twitter:label2\" content=\"Est. reading time\" \/>\n\t<meta name=\"twitter:data2\" content=\"2 minutes\" \/>\n<script type=\"application\/ld+json\" class=\"yoast-schema-graph\">{\"@context\":\"https:\\\/\\\/schema.org\",\"@graph\":[{\"@type\":\"Article\",\"@id\":\"https:\\\/\\\/centar-fm.org\\\/inmediasres\\\/index.php\\\/naslov15\\\/#article\",\"isPartOf\":{\"@id\":\"https:\\\/\\\/centar-fm.org\\\/inmediasres\\\/index.php\\\/naslov15\\\/\"},\"author\":{\"name\":\"Super User\",\"@id\":\"https:\\\/\\\/centar-fm.org\\\/inmediasres\\\/#\\\/schema\\\/person\\\/ae49dcc23965665608f66120db8245a4\"},\"headline\":\"naslovnica br.15\",\"datePublished\":\"2019-09-09T18:19:05+00:00\",\"mainEntityOfPage\":{\"@id\":\"https:\\\/\\\/centar-fm.org\\\/inmediasres\\\/index.php\\\/naslov15\\\/\"},\"wordCount\":305,\"commentCount\":0,\"image\":{\"@id\":\"https:\\\/\\\/centar-fm.org\\\/inmediasres\\\/index.php\\\/naslov15\\\/#primaryimage\"},\"thumbnailUrl\":\"https:\\\/\\\/centar-fm.org\\\/inmediasres\\\/wp-content\\\/uploads\\\/sites\\\/2\\\/2019\\\/09\\\/inmediasresno15ii.jpg\",\"keywords\":[\"\u201dLa\u017ene vijesti\u201d kao politi\u010dki alat sistemske krize liberalne demokracije i korporativnih medija\",\"Antonija Mandi\u0107\",\"Dario Terzi\u0107\",\"Digital Media Environments and their Implications: Instagram\",\"Electronic Media and Critical Thinking\",\"Filozofski\",\"fizi\u010dki i medijski elektron\",\"Fulvio \u0160uran\",\"Geopolitics of Numerical Space and the Rule of Algorithms\",\"Glorija Mavrinac\",\"Interaktivni film: Odgovor na pasivnost medija\",\"Interprating Chromatic Codes through the Ages and in Different Modern Social Contexts\",\"Istina\",\"Iva Paska\",\"Jadranka Polovi\u0107\",\"Jure Vuji\u0107\",\"Marko Grba\",\"mediji i \u017eilet-\u017eica: migranti u hrvatskom medijskom krajoliku\",\"Quo Vadis Digitalis Homine? Digital Philosophy and the Universe\",\"Referencijalni simbolizam i semioti\u010dki aspekt djela umjetnosti i dizajna\",\"Silva Kal\u010di\u0107\",\"The Westernization and Colonization of the African Mind through the Media\",\"Tihoni Br\u010di\u0107\",\"Veljko \u017dvan\",\"\u017deljka Bagari\u0107\"],\"articleSection\":[\"In Medias Res broj 15 naslovnica\"],\"inLanguage\":\"en-US\",\"potentialAction\":[{\"@type\":\"CommentAction\",\"name\":\"Comment\",\"target\":[\"https:\\\/\\\/centar-fm.org\\\/inmediasres\\\/index.php\\\/naslov15\\\/#respond\"]}]},{\"@type\":\"WebPage\",\"@id\":\"https:\\\/\\\/centar-fm.org\\\/inmediasres\\\/index.php\\\/naslov15\\\/\",\"url\":\"https:\\\/\\\/centar-fm.org\\\/inmediasres\\\/index.php\\\/naslov15\\\/\",\"name\":\"naslovnica br.15 - In Medias Res - \u010casopis centra za filozofiju medija\",\"isPartOf\":{\"@id\":\"https:\\\/\\\/centar-fm.org\\\/inmediasres\\\/#website\"},\"primaryImageOfPage\":{\"@id\":\"https:\\\/\\\/centar-fm.org\\\/inmediasres\\\/index.php\\\/naslov15\\\/#primaryimage\"},\"image\":{\"@id\":\"https:\\\/\\\/centar-fm.org\\\/inmediasres\\\/index.php\\\/naslov15\\\/#primaryimage\"},\"thumbnailUrl\":\"https:\\\/\\\/centar-fm.org\\\/inmediasres\\\/wp-content\\\/uploads\\\/sites\\\/2\\\/2019\\\/09\\\/inmediasresno15ii.jpg\",\"datePublished\":\"2019-09-09T18:19:05+00:00\",\"author\":{\"@id\":\"https:\\\/\\\/centar-fm.org\\\/inmediasres\\\/#\\\/schema\\\/person\\\/ae49dcc23965665608f66120db8245a4\"},\"breadcrumb\":{\"@id\":\"https:\\\/\\\/centar-fm.org\\\/inmediasres\\\/index.php\\\/naslov15\\\/#breadcrumb\"},\"inLanguage\":\"en-US\",\"potentialAction\":[{\"@type\":\"ReadAction\",\"target\":[\"https:\\\/\\\/centar-fm.org\\\/inmediasres\\\/index.php\\\/naslov15\\\/\"]}]},{\"@type\":\"ImageObject\",\"inLanguage\":\"en-US\",\"@id\":\"https:\\\/\\\/centar-fm.org\\\/inmediasres\\\/index.php\\\/naslov15\\\/#primaryimage\",\"url\":\"https:\\\/\\\/centar-fm.org\\\/inmediasres\\\/wp-content\\\/uploads\\\/sites\\\/2\\\/2019\\\/09\\\/inmediasresno15ii.jpg\",\"contentUrl\":\"https:\\\/\\\/centar-fm.org\\\/inmediasres\\\/wp-content\\\/uploads\\\/sites\\\/2\\\/2019\\\/09\\\/inmediasresno15ii.jpg\",\"width\":592,\"height\":868,\"caption\":\"InMediasRes\"},{\"@type\":\"BreadcrumbList\",\"@id\":\"https:\\\/\\\/centar-fm.org\\\/inmediasres\\\/index.php\\\/naslov15\\\/#breadcrumb\",\"itemListElement\":[{\"@type\":\"ListItem\",\"position\":1,\"name\":\"Po\u010detna stranica\",\"item\":\"https:\\\/\\\/centar-fm.org\\\/inmediasres\\\/\"},{\"@type\":\"ListItem\",\"position\":2,\"name\":\"naslovnica br.15\"}]},{\"@type\":\"WebSite\",\"@id\":\"https:\\\/\\\/centar-fm.org\\\/inmediasres\\\/#website\",\"url\":\"https:\\\/\\\/centar-fm.org\\\/inmediasres\\\/\",\"name\":\"In Medias Res - \u010casopis centra za filozofiju medija\",\"description\":\"\",\"potentialAction\":[{\"@type\":\"SearchAction\",\"target\":{\"@type\":\"EntryPoint\",\"urlTemplate\":\"https:\\\/\\\/centar-fm.org\\\/inmediasres\\\/?s={search_term_string}\"},\"query-input\":{\"@type\":\"PropertyValueSpecification\",\"valueRequired\":true,\"valueName\":\"search_term_string\"}}],\"inLanguage\":\"en-US\"},{\"@type\":\"Person\",\"@id\":\"https:\\\/\\\/centar-fm.org\\\/inmediasres\\\/#\\\/schema\\\/person\\\/ae49dcc23965665608f66120db8245a4\",\"name\":\"Super User\",\"image\":{\"@type\":\"ImageObject\",\"inLanguage\":\"en-US\",\"@id\":\"https:\\\/\\\/secure.gravatar.com\\\/avatar\\\/5ac3fc5ccca7755fa3f558fed4a39be2232c6585e68bd398c790d57375dde921?s=96&d=mm&r=g\",\"url\":\"https:\\\/\\\/secure.gravatar.com\\\/avatar\\\/5ac3fc5ccca7755fa3f558fed4a39be2232c6585e68bd398c790d57375dde921?s=96&d=mm&r=g\",\"contentUrl\":\"https:\\\/\\\/secure.gravatar.com\\\/avatar\\\/5ac3fc5ccca7755fa3f558fed4a39be2232c6585e68bd398c790d57375dde921?s=96&d=mm&r=g\",\"caption\":\"Super User\"},\"url\":\"https:\\\/\\\/centar-fm.org\\\/inmediasres\\\/index.php\\\/author\\\/amynovcfmweb\\\/\"}]}<\/script>\n<!-- \/ Yoast SEO plugin. -->","yoast_head_json":{"title":"naslovnica br.15 - In Medias Res - \u010casopis centra za filozofiju medija","robots":{"index":"index","follow":"follow","max-snippet":"max-snippet:-1","max-image-preview":"max-image-preview:large","max-video-preview":"max-video-preview:-1"},"canonical":"https:\/\/centar-fm.org\/inmediasres\/index.php\/naslov15\/","og_locale":"en_US","og_type":"article","og_title":"naslovnica br.15 - In Medias Res - \u010casopis centra za filozofiju medija","og_description":"&nbsp; IN MEDIAS RES \u010dasopis filozofije medija &nbsp; Izdava\u010d \u010dasopisa: Centar za filozofiju medija i mediolo\u0161ka istra\u017eivanja (Zagreb) &nbsp; Adresa: Petrovogorska 18, 10000 Zagreb &nbsp; E-mail: inmediasres@centar-fm.org &nbsp; GODINA 8 (2019) broj 15 &nbsp; \u010casopis je otvorenog pristupa, a ovo djelo je dano na kori\u0161tenje pod licencom Creative Commons Imenovanje-Nekomercijalno 4.0 me\u0111unarodna. &nbsp; &nbsp; ISSN [&hellip;]","og_url":"https:\/\/centar-fm.org\/inmediasres\/index.php\/naslov15\/","og_site_name":"In Medias Res - \u010casopis centra za filozofiju medija","article_published_time":"2019-09-09T18:19:05+00:00","og_image":[{"width":592,"height":868,"url":"https:\/\/centar-fm.org\/inmediasres\/wp-content\/uploads\/sites\/2\/2019\/09\/inmediasresno15ii.jpg","type":"image\/jpeg"}],"author":"Super User","twitter_card":"summary_large_image","twitter_misc":{"Written by":"Super User","Est. reading time":"2 minutes"},"schema":{"@context":"https:\/\/schema.org","@graph":[{"@type":"Article","@id":"https:\/\/centar-fm.org\/inmediasres\/index.php\/naslov15\/#article","isPartOf":{"@id":"https:\/\/centar-fm.org\/inmediasres\/index.php\/naslov15\/"},"author":{"name":"Super User","@id":"https:\/\/centar-fm.org\/inmediasres\/#\/schema\/person\/ae49dcc23965665608f66120db8245a4"},"headline":"naslovnica br.15","datePublished":"2019-09-09T18:19:05+00:00","mainEntityOfPage":{"@id":"https:\/\/centar-fm.org\/inmediasres\/index.php\/naslov15\/"},"wordCount":305,"commentCount":0,"image":{"@id":"https:\/\/centar-fm.org\/inmediasres\/index.php\/naslov15\/#primaryimage"},"thumbnailUrl":"https:\/\/centar-fm.org\/inmediasres\/wp-content\/uploads\/sites\/2\/2019\/09\/inmediasresno15ii.jpg","keywords":["\u201dLa\u017ene vijesti\u201d kao politi\u010dki alat sistemske krize liberalne demokracije i korporativnih medija","Antonija Mandi\u0107","Dario Terzi\u0107","Digital Media Environments and their Implications: Instagram","Electronic Media and Critical Thinking","Filozofski","fizi\u010dki i medijski elektron","Fulvio \u0160uran","Geopolitics of Numerical Space and the Rule of Algorithms","Glorija Mavrinac","Interaktivni film: Odgovor na pasivnost medija","Interprating Chromatic Codes through the Ages and in Different Modern Social Contexts","Istina","Iva Paska","Jadranka Polovi\u0107","Jure Vuji\u0107","Marko Grba","mediji i \u017eilet-\u017eica: migranti u hrvatskom medijskom krajoliku","Quo Vadis Digitalis Homine? Digital Philosophy and the Universe","Referencijalni simbolizam i semioti\u010dki aspekt djela umjetnosti i dizajna","Silva Kal\u010di\u0107","The Westernization and Colonization of the African Mind through the Media","Tihoni Br\u010di\u0107","Veljko \u017dvan","\u017deljka Bagari\u0107"],"articleSection":["In Medias Res broj 15 naslovnica"],"inLanguage":"en-US","potentialAction":[{"@type":"CommentAction","name":"Comment","target":["https:\/\/centar-fm.org\/inmediasres\/index.php\/naslov15\/#respond"]}]},{"@type":"WebPage","@id":"https:\/\/centar-fm.org\/inmediasres\/index.php\/naslov15\/","url":"https:\/\/centar-fm.org\/inmediasres\/index.php\/naslov15\/","name":"naslovnica br.15 - In Medias Res - \u010casopis centra za filozofiju medija","isPartOf":{"@id":"https:\/\/centar-fm.org\/inmediasres\/#website"},"primaryImageOfPage":{"@id":"https:\/\/centar-fm.org\/inmediasres\/index.php\/naslov15\/#primaryimage"},"image":{"@id":"https:\/\/centar-fm.org\/inmediasres\/index.php\/naslov15\/#primaryimage"},"thumbnailUrl":"https:\/\/centar-fm.org\/inmediasres\/wp-content\/uploads\/sites\/2\/2019\/09\/inmediasresno15ii.jpg","datePublished":"2019-09-09T18:19:05+00:00","author":{"@id":"https:\/\/centar-fm.org\/inmediasres\/#\/schema\/person\/ae49dcc23965665608f66120db8245a4"},"breadcrumb":{"@id":"https:\/\/centar-fm.org\/inmediasres\/index.php\/naslov15\/#breadcrumb"},"inLanguage":"en-US","potentialAction":[{"@type":"ReadAction","target":["https:\/\/centar-fm.org\/inmediasres\/index.php\/naslov15\/"]}]},{"@type":"ImageObject","inLanguage":"en-US","@id":"https:\/\/centar-fm.org\/inmediasres\/index.php\/naslov15\/#primaryimage","url":"https:\/\/centar-fm.org\/inmediasres\/wp-content\/uploads\/sites\/2\/2019\/09\/inmediasresno15ii.jpg","contentUrl":"https:\/\/centar-fm.org\/inmediasres\/wp-content\/uploads\/sites\/2\/2019\/09\/inmediasresno15ii.jpg","width":592,"height":868,"caption":"InMediasRes"},{"@type":"BreadcrumbList","@id":"https:\/\/centar-fm.org\/inmediasres\/index.php\/naslov15\/#breadcrumb","itemListElement":[{"@type":"ListItem","position":1,"name":"Po\u010detna stranica","item":"https:\/\/centar-fm.org\/inmediasres\/"},{"@type":"ListItem","position":2,"name":"naslovnica br.15"}]},{"@type":"WebSite","@id":"https:\/\/centar-fm.org\/inmediasres\/#website","url":"https:\/\/centar-fm.org\/inmediasres\/","name":"In Medias Res - \u010casopis centra za filozofiju medija","description":"","potentialAction":[{"@type":"SearchAction","target":{"@type":"EntryPoint","urlTemplate":"https:\/\/centar-fm.org\/inmediasres\/?s={search_term_string}"},"query-input":{"@type":"PropertyValueSpecification","valueRequired":true,"valueName":"search_term_string"}}],"inLanguage":"en-US"},{"@type":"Person","@id":"https:\/\/centar-fm.org\/inmediasres\/#\/schema\/person\/ae49dcc23965665608f66120db8245a4","name":"Super User","image":{"@type":"ImageObject","inLanguage":"en-US","@id":"https:\/\/secure.gravatar.com\/avatar\/5ac3fc5ccca7755fa3f558fed4a39be2232c6585e68bd398c790d57375dde921?s=96&d=mm&r=g","url":"https:\/\/secure.gravatar.com\/avatar\/5ac3fc5ccca7755fa3f558fed4a39be2232c6585e68bd398c790d57375dde921?s=96&d=mm&r=g","contentUrl":"https:\/\/secure.gravatar.com\/avatar\/5ac3fc5ccca7755fa3f558fed4a39be2232c6585e68bd398c790d57375dde921?s=96&d=mm&r=g","caption":"Super User"},"url":"https:\/\/centar-fm.org\/inmediasres\/index.php\/author\/amynovcfmweb\/"}]}},"_links":{"self":[{"href":"https:\/\/centar-fm.org\/inmediasres\/index.php\/wp-json\/wp\/v2\/posts\/342","targetHints":{"allow":["GET"]}}],"collection":[{"href":"https:\/\/centar-fm.org\/inmediasres\/index.php\/wp-json\/wp\/v2\/posts"}],"about":[{"href":"https:\/\/centar-fm.org\/inmediasres\/index.php\/wp-json\/wp\/v2\/types\/post"}],"author":[{"embeddable":true,"href":"https:\/\/centar-fm.org\/inmediasres\/index.php\/wp-json\/wp\/v2\/users\/2"}],"replies":[{"embeddable":true,"href":"https:\/\/centar-fm.org\/inmediasres\/index.php\/wp-json\/wp\/v2\/comments?post=342"}],"version-history":[{"count":0,"href":"https:\/\/centar-fm.org\/inmediasres\/index.php\/wp-json\/wp\/v2\/posts\/342\/revisions"}],"wp:featuredmedia":[{"embeddable":true,"href":"https:\/\/centar-fm.org\/inmediasres\/index.php\/wp-json\/wp\/v2\/media\/341"}],"wp:attachment":[{"href":"https:\/\/centar-fm.org\/inmediasres\/index.php\/wp-json\/wp\/v2\/media?parent=342"}],"wp:term":[{"taxonomy":"category","embeddable":true,"href":"https:\/\/centar-fm.org\/inmediasres\/index.php\/wp-json\/wp\/v2\/categories?post=342"},{"taxonomy":"post_tag","embeddable":true,"href":"https:\/\/centar-fm.org\/inmediasres\/index.php\/wp-json\/wp\/v2\/tags?post=342"}],"curies":[{"name":"wp","href":"https:\/\/api.w.org\/{rel}","templated":true}]}}