{"id":348,"date":"2020-05-25T07:23:09","date_gmt":"2020-05-25T07:23:09","guid":{"rendered":"https:\/\/sweet-mcclintock.194-60-87-163.plesk.page\/inmediasres\/2020\/05\/25\/clanci-in-medias-res-br-16\/"},"modified":"2020-05-25T07:23:09","modified_gmt":"2020-05-25T07:23:09","slug":"clanci-in-medias-res-br-16","status":"publish","type":"post","link":"https:\/\/centar-fm.org\/inmediasres\/index.php\/clanci-in-medias-res-br-16\/","title":{"rendered":"\u010clanci IN MEDIAS RES br. 16"},"content":{"rendered":"<p class=\"MsoNormal\">IX Uz deveti simpozij Filozofija medija (2019).\n<\/p>\n<p class=\"MsoNormal\" style=\"line-height: 150%;\"><span lang=\"SR\">&nbsp;<\/span><\/p>\n<p><a name=\"1inmediasres16\"><\/a><\/p>\n<p class=\"MsoNormal\" style=\"line-height: 150%;\"><span lang=\"SR\">&nbsp;<\/span><\/p>\n<hr \/>\n<table style=\"width: 755px;\" border=\"0\">\n<tbody>\n<tr>\n<td style=\"width: 215px;\" valign=\"top\">\n<p class=\"MsoNormal\" style=\"line-height: 170%;\">\n <strong>&nbsp;9(16)#1 2020 <\/strong> <\/p>\n<\/td>\n<td style=\"width: 315px;\" valign=\"top\">\n<p style=\"line-height: 170%; text-align: center;\">\n<a rel=\"license\" href=\"http:\/\/creativecommons.org\/licenses\/by-nc\/4.0\/\"><img decoding=\"async\" alt=\"Creative Commons licenca\" style=\"border-width:0\" src=\"https:\/\/i.creativecommons.org\/l\/by-nc\/4.0\/88x31.png\" \/><\/a><br \/>\u010casopis je otvorenog pristupa, a ovo djelo je dano na kori\u0161tenje pod licencom <a rel=\"license\" href=\"http:\/\/creativecommons.org\/licenses\/by-nc\/4.0\/\"><strong>Creative Commons Imenovanje-Nekomercijalno 4.0 me\u0111unarodna.<\/strong><\/a><\/p>\n<\/td>\n<td valign=\"top\">\n<p style=\"text-align: right; line-height: 150%;\" align=\"center\"><strong><br \/>\nDOI <a href=\"https:\/\/doi.org\/10.46640\/imr.9.16.1\">10.46640\/imr.9.16.1<\/a><br \/>\nUDK 304.9:316.774<\/p>\n<p>Pregledni \u010dlanak<\/p>\n<p>Review article<\/p>\n<p>Primljeno: 02.03.2020.<\/strong><\/p>\n<\/td>\n<\/tr>\n<\/tbody>\n<\/table>\n<p class=\"MsoNormal\" style=\"line-height: 150%;\">&nbsp;<\/p>\n<p class=\"MsoNormal\" style=\"line-height: 150%;\">&nbsp;<\/p>\n<p class=\"MsoNormal\" style=\"text-align: center; line-height: 150%;\" align=\"center\"><span style=\"font-size: 15.0pt; line-height: 150%;\"><a href=\"https:\/\/orcid.org\/0000-0002-2288-0796\">Divna Vuksanovi\u0107<\/a> i <a href=\"https:\/\/orcid.org\/0000-0003-1072-3256\">Dragan \u0106alovi\u0107<\/a><\/span><\/p>\n<p style=\"text-align: center; line-height: 150%;\" align=\"center\">Fakultet dramskih umetnosti, Univerzitet umetnosti, Srbija<br \/>\nvuksanovic.divna@gmail.com<\/p>\n<p style=\"text-align: center; line-height: 150%;\" align=\"center\">Fakultet za umetnost i dizajn, Univerzitet Megatrend, Srbija<\/p>\n<p>calovicdragan@gmail.com<\/p>\n<p style=\"text-align: center;\" align=\"center\"><strong> <span style=\"font-size: 16.0pt; line-height: 150%;\">The Possibility of Critique in an Era ruled by the Media<\/span><\/strong><\/p>\n<p style=\"text-align: center; line-height: 150%;\" align=\"center\"><a href=\"http:\/\/www.centar-fm.org\/inmediasres\/images\/pdf\/16\/D. Vuksanovic i D. Calovic, The Possibility of Critique in an Era ruled by the Media.pdf\"><strong><span style=\"color: #DC0101; font-size: 8.0pt;\"><br \/>\nPuni tekst: pdf (429 KB), English, Str. 2489 &#8211; 2498<br \/>\n<\/span><\/strong><\/a><\/p>\n<p class=\"MsoNormal\" style=\"line-height: 150%;\">&nbsp;<\/p>\n<p style=\"margin: 0cm 48.6pt 0.0001pt 54pt; line-height: 170%;\"><strong><em>Abstract<\/em><\/strong><\/p>\n<p class=\"MsoBodyText\" style=\"margin-top: 0cm; margin-right: 48.6pt; margin-bottom: .0001pt; margin-left: 54.0pt; line-height: 150%;\"><span style=\"font-size: 12.0pt; line-height: 150%; font-family: 'Times New Roman';\" lang=\"SR\">&nbsp;<\/span><\/p>\n<p class=\"MsoBodyText\" style=\"margin-top: 0cm; margin-right: 48.6pt; margin-bottom: .0001pt; margin-left: 54.0pt; line-height: 170%;\"><em>Taking the philosophy of media as a starting point, this text examines the possibilities, forms and status of critique in our times which are dominated, at least in the West, by what is known as media culture. On the one hand, the text avoids reducing systemic and strategic critique of capitalism to merely a critical point of view, while on the other it problematizes and examines the critique of modern media practices. The authors implicitly conclude that merely asking these questions paves the road to comprehensive critical action, within the existing systems of this media universe, as well as beyond it, i.e. in the particular socio-economic system of thought and action. This text also examines the possibility of achieving critical practices through art, and in the context of emerging new technologies. Possibilities for critique within the framework of new media art are explored in particular, as this might revolutionize not only media practices, but also the social, historical and economical practices of capitalism as such.<\/em><\/p>\n<p class=\"MsoBodyText\" style=\"margin-top: 0cm; margin-right: 48.6pt; margin-bottom: .0001pt; margin-left: 54.0pt; line-height: 170%;\">&nbsp;<\/p>\n<p style=\"margin: 0cm 48.6pt 0.0001pt 54pt; line-height: 170%;\"><strong><em>Key words:<\/em><\/strong> <em>criticism, media, capitalism, new media art\u00a0.<\/em><\/p>\n<p class=\"MsoBodyText\" style=\"margin-top: 0cm; margin-right: 48.6pt; margin-bottom: .0001pt; margin-left: 54.0pt; line-height: 170%;\">&nbsp;<\/p>\n<p class=\"MsoNormal\" style=\"line-height: 150%;\">&nbsp;<\/p>\n<p class=\"MsoNormal\" style=\"line-height: 170%;\">Critique is in our times most often defined as critical thinking. We however see this as an erroneous approach: defining critique as critical thinking on the one hand means to trivialize and simplify the concept, as well as to severely narrow down its meaning, since such a general definition omits the possibility to use critique in art and other phenomena such as the media. On the other hand, equating critique with critical thinking is an interpretation advanced mainly by modern psychology, which often reduces it to formal types of analysis, structured in a particular way. Our task here is to examine the possibility of critique in this age of media, primarily from a philosophical point of view<a name=\"_ftnref1\"><\/a><a href=\"#_ftn1\"><sup>[<span style=\"font-family: 'times new roman', \ntimes;\"><strong>1<\/strong><\/span>]<\/sup><\/a>, i.e. within the framework of the philosophy of media. To put it more precisely \u2013 we examine the possibility of media practice as critical practice, and the position new media art holds within it. <\/p>\n<p class=\"MsoNormal\" style=\"line-height: 170%;\">In the most general sense, critique for us does not represent only a way of thinking, it incorporates critical theory as well as effective critical practice. In other words, it is impossible to reduce critique to critical thinking because it sometimes goes beyond concepts and logical thinking\/judgment. We therefore see critical practice as a practice of abstract thought and practical action, in line with Fichte&rsquo;s <em>Tathandlung<\/em>, for example. Unlike Kant and Fichte however, for whom self-awareness is the foundation of consciousness, it is our view that consciousness and critical thinking are founded on class divisions and conflicts. The effectiveness of critique as such is therefore the force necessary for destroying the self-sufficiency of self-awareness as well as speculation on pure concepts \u2013 a self-sufficiency that may be defined as the fuel validating the spirit of capitalism which encourages its development.<\/p>\n<p class=\"MsoNormal\" style=\"line-height: 170%;\">Critique is used here in its broader sense. We interpret it not only as critical thinking, but as a position taken on thinking itself and on its openness towards further processes of concept dialectics. This includes developments in thinking which instead speculative syntheses and conclusions, lead to criticism that penetrates (social) practice and is realized within it (a position parallel to Adorno&rsquo;s critique through negative dialectics and resolution of class conflict in reality). In our opinion this needs a mimetic impulse taken from reality as well as an aesthetic impulse from the media and the arts. The text therefore insists on critique as interpreted by the media and contemporary art, realized in a technologically mediated space. <\/p>\n<p class=\"MsoNormal\" style=\"line-height: 170%;\">Certainly, the shift from negative developments of the concept to its practical resolution is not to be carried out partially or uncritically. This then implies a revolution \u2013 both in thought and in reality (including the existing cultural, artistic and media reality). The interpretation context itself however is generally marked by unreflected speculation (in finance for example) and the so-called &ldquo;crisis of representation&rdquo;<a name=\"_ftnref2\"><\/a><a href=\"#_ftn2\"><sup>[<span style=\"font-family: 'times new roman', \ntimes;\"><strong>2<\/strong><\/span>]<\/sup><\/a> which on the one hand pushes the concept as well as conceptual critique into theoretical positions which in their production generally support the capitalist world<a name=\"_ftnref3\"><\/a><a href=\"#_ftn3\"><sup>[<span style=\"font-family: 'times new roman', \ntimes;\"><strong>3<\/strong><\/span>]<\/sup><\/a>, and on the other hand in terms of non-conceptual elements of art, leads to a process of &ldquo;dematerialization&rdquo;, which is at the same time another form of speculation.<a name=\"_ftnref4\"><\/a><a href=\"#_ftn4\"><sup>[<span style=\"font-family: 'times new roman', \ntimes;\"><strong>4<\/strong><\/span>]<\/sup><\/a><br \/>\n We believe modern media are at the centre of this dematerialization process (in culture as a whole). This is why the primary issue to focus on in this era of media reign is the possibility of criticism within philosophy and aesthetics. <\/p>\n<p class=\"MsoNormal\" style=\"line-height: 170%;\">Moving away from speculation and keeping within systemic critique, we examine how problem thinking can operate inside the media environment, with particular emphasis on artistic practice within media which takes a negative view of reality thus losing the strength of its foundation (in a tangible reality), but retaining the position of negative movement (as defined by Adorno in the field of modern art). In other words, we analyse critique as a concept but expand its dialectic to the domain of assessment and value. Evaluation does not always mean conceptualization; it can also contain an element of aesthetics which is why we take media and art as our subject matter. The critical position we primarily wish to examine and establish here does not always coincide \u2013 as per accepted opinion \u2013 with certain media content or objects of artistic representation. Following Adorno&rsquo;s unfinished theory of aesthetics, we essentially deal with forms\/genres of media and art which take a critical stance on reality, simultaneously aiming to change it in a radical way. <\/p>\n<p class=\"MsoNormal\" style=\"line-height: 170%;\">It appears that the media of today are not particularly suited to critical review in general. Although in analysing their own function TV networks mostly keep to the traditional triad (information, education and entertainment), and a critical approach should include information as well as education and even entertainment, modern TV networks mainly operate uncritically. Almost all types of media content are treated as goods even when they are distributed through so-called public services. Since commercial content almost always lacks a critical approach, it generally seems that in the domain of television and modern media a critical stance is some exotic property that is sometimes desirable and most often not. <\/p>\n<p class=\"MsoNormal\" style=\"line-height: 170%;\">One possible objection from the point of view of any commercial media operating on the market, is that critical processes should once again be incorporated in the education system, as well as in science and politics. Meanwhile, media industries exchange information and sensory experiences on the free market and should therefore be free from the pressure exerted by the state and conservative intellectuals, as the competitive relationship between products on the market can replace &ldquo;traditional&rdquo; critique in the media. Contrary to this, the horizon of expectation regarding modern media appears to have remained unchanged in the general public \u2013 just as any other goods which are produced, distributed and consumed on the media market, information must include elements of independence and\/or neutrality and sometimes criticism, unless it is exempted from this due to its specific type (such as the tabloid press or pornography). In this process the surviving critique in modern media is most often seen in terms of genre: there is social criticism, moral criticism, etc., or in terms of specialized fields \u2013 literary, art, music criticism etc. In addition to this, criticism is seen as a mediating form in the culture industry between artists, managers and the audience with the apparent function of ensuring larger profits.<a name=\"_ftnref5\"><\/a><a href=\"#_ftn5\"><sup>[<span style=\"font-family: 'times new roman', \ntimes;\"><strong>5<\/strong><\/span>]<\/sup><\/a><\/p>\n<p class=\"MsoNormal\" style=\"line-height: 170%;\">As authors of this text however, we are not interested in how partial critique gains ground in the media sphere, or its status, although such a critique is also marginalized, defensive and in practice often exposed to be pseudo-critique. We believe the fundamental problem of criticism in the media is ingrained in the system and relates to technology and the general ideology of media processes. If we assume technology is &ldquo;neutral in terms of value&rdquo;, it can serve both the ruling regime of thinking as well as systematic criticism. This issue essentially relates to freedom of the media and more specifically \u2013 to phenomena of censorship, auto-censorship and &ldquo;political correctness&rdquo; (as well as the limits of these). Contrary to this, all commercial media and most public services can be seen as supporting the current regime in place (regardless of daily politics), since they provide services to one and the same regime of &ldquo;being and thought&rdquo;, i.e. capitalism. This regime, as is well-known, aims to control the media through market mechanisms; systemic criticism is of course aimed precisely against such a set of views which joins together capitalism and the media acting within it, seeing it as a unified industry. This industry today is technologically advanced to a high degree and is increasingly digitized, on all fronts. <\/p>\n<p class=\"MsoNormal\" style=\"line-height: 170%;\">Possibilities for critique in these times defined by digital media and the theory and practice of <em>Big Data<\/em><a name=\"_ftnref6\"><\/a><a href=\"#_ftn6\"><sup>[<span style=\"font-family: 'times new roman', \ntimes;\"><strong>6<\/strong><\/span>]<\/sup><\/a>, especially in the information age of late stage capitalism \u2013 have lately been offered by Assange, Snowden, Manning and their followers. In commenting on their activities, some called these subversive actions carried out online and on social networks \u2013 &ldquo;an art of rebellion&rdquo;.<a name=\"_ftnref7\"><\/a><a href=\"#_ftn7\"><sup>[<span style=\"font-family: 'times new roman', \ntimes;\"><strong>7<\/strong><\/span>]<\/sup><\/a> This &ldquo;art of rebellion&rdquo; appearing in the &ldquo;age of terror&rdquo; (fear) is actually a transcendental and immanent critique of the media environment: transcendental as it operates outside the system, and immanent because it criticizes the world of information and media through using its own language and resources. Such a critique characteristically adopts one of the following approaches \u2013 one includes publishing information that had been safeguarded and controlled by certain regimes and secret services, and the other means fighting to make such activities a norm for media and social practice. Alongside these broad strokes of active critique in the field of global information, possibilities for democratic action through critique (in a technologized form of democracy) are also available in the sphere of so-called social media (Twitter, Facebook) which are in essence impossible to control, despite numerous attempts to do so. The problem with critical views stated in such environments is that actually these media have not been developed for critique but for other purposes. <\/p>\n<p class=\"MsoNormal\" style=\"line-height: 170%;\">Although <em>prima facie<\/em> this new media space appears to be open to the exchange of different opinions (views) and to critical action \u2013 both for individuals and for groups \u2013 it is actually a <em>topos<\/em> of &ldquo;prosumption&rdquo; (an instance of simultaneously consuming and producing content), and therefore represents an exploitation of the users&rsquo; work. Criticism produced here is therefore less efficient in practice or it reverses its critical facet into its opposite, as evidenced by &ldquo;revolutions&rdquo; initiated on social networks (social media). The most famous examples include the Arab Spring and the global Occupy movement \u2013 a failed attempt at reviving 1968 student protests, supported by new media. In an article on critical theory and digital media, Jonathan Gray<a name=\"_ftnref8\"><\/a><a href=\"#_ftn8\"><sup>[<span style=\"font-family: 'times new roman', \ntimes;\"><strong>8<\/strong><\/span>]<\/sup><\/a> claims all these revolutions have actually been colonized by megacorporations and that internet media systems serve other purposes \u2013 these are in short, new ways of accumulating capital. The ways in which profit is gained on the networks, through marketing or &ldquo;mechanized exploitation of users&rdquo;, regardless of whether they use critique or other media forms and content, are always the same \u2013 companies operating in digital media exploit participants through the ideology of &ldquo;Playbour&rdquo;, obscuring labour within something that apparently constitutes play.<a name=\"_ftnref9\"><\/a><a href=\"#_ftn9\"><sup>[<span style=\"font-family: 'times new roman', \ntimes;\"><strong>9<\/strong><\/span>]<\/sup><\/a><\/p>\n<p class=\"MsoNormal\" style=\"line-height: 170%;\">External to these online and social network environments of work and play, but actually within the same domain, new forms of artistic expression emerge, characterized by critical engagement. This nonconceptual critical practice is not only a matter of the technology that shapes it, but also of those aesthetic moments which within shaping it may introduce impulses necessary for social change. It is our belief that just as the avant-garde in art questioned not only previous theories (of art) but social practice itself, expectations regarding new media art are not merely a matter of technical solutions in terms of innovative artistic expression, but also a potential starting point for radical change. <\/p>\n<p class=\"MsoNormal\" style=\"line-height: 170%;\">Similar to Assange, Snowden and other activists in terms of their engagement within the framework of media-political action, alternative and guerrilla action in modern art also uses the media as a message. This &ldquo;message&rdquo;, in addition to being, in McLuhan&rsquo;s sense, the choice to use media for critical action, is simultaneously an artistic &ldquo;message&rdquo; that operates owing to its particular aesthetic\/media form. In this sense, one further issue related to the previous ones is the possible critical engagement of (new) media through art. This problem is today analysed not only in philosophy, aesthetics, media and art theory, but also by modern artists creating in the media environment, as well as media (h)ac(k)tivists, ecologists and others.<a name=\"_ftnref10\"><\/a><a href=\"#_ftn10\"><sup>[<span style=\"font-family: 'times new roman', times;\"><strong>10<\/strong><\/span>]<\/sup><\/a><\/p>\n<p class=\"MsoNormal\" style=\"line-height: 170%;\">Generally speaking, and based on historical occurrence, any discussion on new media art necessarily presupposes examination, analysis and theoretical explication of its critical dimension. Here however we must stress that understanding the concept of new media in accordance with its definition in the theory of art does not completely match the interpretation of the term in media studies, although as a wider concept it includes the meanings it has in the fields that primarily focus on understanding media practices. It is only on the basis of a differentially established perspective that we can see the existence of new media art as an expression of surpassing the conventionally established framework of artistic action, instead of viewing it as an adjustment of creative work to modern technological possibilities.<\/p>\n<p class=\"MsoNormal\" style=\"line-height: 170%;\">Development of new media art has always followed attitudes advancing wider social critique. The search for a radically new art encompasses early avant-garde artistic movements, concept art, land art, happenings, performance and experiments with possibilities of expression in new technologies within the development of multimedia art. In this way new media art manifests resistance and opposition to the existing social, economic and political framework of events. Its radical position does not remain at the level of formal analysis, but is primarily aimed at transforming the role of art in society. Development of art in general is marked by a search for new possibilities of expression, development of styles, i.e. artistic movements, as well as implementation of contemporary technological knowledge resulting in innovative new techniques and implementing new practices at the level of artistic methods. In this sense new forms of expression are not separate from the emergence of new media art. However, its foundation and direction cannot be equated with the stated (general) interests of art and research.<\/p>\n<p class=\"MsoNormal\" style=\"line-height: 170%;\">Failed attempts at understanding it and marginalizing radical social intervention as the central focus and basic principle in art of the new media is to a certain point the result of identifying it as <em>new media <\/em>art which highlights the interpretation of its radical position only at the formal level, that is, at the level of analysing <em>new<\/em> media of artistic expression. The consequences of such a view which might completely overturn the basic position on the development of new media, can also be found at the level of theoretical approaches to its interpretation (in the history and theory of art, aesthetics and art criticism), as well as within modern art practices. The most explicit critique of such an approach is offered perhaps by John Cage who has said that radicalism in art is not defined by its form but by its destructive action within the existing social and historical context. However, despite not being generally accepted, the strength of conservative action in the theoretical and artistic developments mentioned, are not to be underestimated since their increase has the power to completely alter the direction and approach to a historical interpretation of the development of new media art. <\/p>\n<p class=\"MsoNormal\" style=\"line-height: 170%;\">It is precisely such circumstances that bring this question into focus \u2013 what is the possibility for critique in this era of media rule? Does the increasingly strong commitment in society to developing new media technologies reveal the problem of form as the central principle for establishing new aesthetic value systems? If an era identifies itself through the methods\/technologies\/processes of transferring information and the possibilities for accessing them, instead of identifying with the quality\/foundation\/historical perspective of artistic and any other creative expression, is there any space left for other forms of radical action that do not relate to the development of technology? <\/p>\n<p class=\"MsoNormal\" style=\"line-height: 170%;\">The current narrowing and simplification of the paradigm for understanding new media art, prompted by the already mentioned change in the interpretation focus, introduces into modern art those art practices which identify with new media art according to the criterion of being based on so-called <em>new<\/em> (artistic) <em>media<\/em>, but without the main criterion of being defined as the art of new media. Despite the fact this focus in art and research may be considered as perfectly legitimate, the criterion for classifying these works should be thoroughly examined. <\/p>\n<p class=\"MsoNormal\" style=\"line-height: 170%;\">One should ask to what extent are <em>new media<\/em> actually new, a question posed already in the 1990s by Lev Manovich. Focusing on understanding the essence of media, Manovich first questioned the supposed level of newness at the formal level, suggesting, in accordance with this view, the introduction of the term meta-media or post-media, which in his later works initiates the development of a so-called post-media aesthetic.<a name=\"_ftnref11\"><\/a><a href=\"#_ftn11\"><sup>[<span style=\"font-family: 'times new roman', times;\"><strong>11<\/strong><\/span>]<\/sup><\/a> Further following this line of interpretation, the issue to be highlighted is \u2013 whether results of innovation\/improvement manifested at the formal level, can be considered essentially new in an era of media, i.e. of prevailing media and communication industries. <\/p>\n<p class=\"MsoNormal\" style=\"line-height: 170%;\">In circumstances when innovating\/surpassing\/developing media which in some segment differ from existing ones represents an expression of greater consolidation and stronger development of dominant industries, such changes remain within the framework of activities supporting the <em>status quo<\/em>, and they cannot be considered entirely new at the level of their social influence.\u00a0 The fact is that the revolutionary effect in emerging new media technologies does not exist in the age of powerful media and media-technological industries, whose development is based on a relatively fast exchange of products available on the market. The process of declining revolutionary effect exerted by the media is also highlighted by Manovich in his analyses, as he notes that new media normalize the revolutionary effect of avant-garde art movements.<a name=\"_ftnref12\"><\/a><a href=\"#_ftn12\"><sup>[<span style=\"font-family: 'times new roman', times;\"><strong>12<\/strong><\/span>]<\/sup><\/a> In this sense, viewed from a wider historical perspective, the <em>new media era<\/em> can be considered to be a <em>post-media <\/em>era, in the context of extinguishing revolutionary possibilities traditionally highlighted by the emergence of new media technologies. This however is still not reason enough to accept the position that any implementation of new media in art lacks fighting power. This is primarily true in instances when new media in artistic expression are not part of the dissemination and absorption of media industries. Only if it develops and acts outside the context of dominant powers of social guidance, can the medium in the so-called era of media rule as we understand it, keep the revolutionary power to subvert existing social-historical relations. <\/p>\n<p class=\"MsoNormal\" style=\"line-height: 170%;\">A significantly wider scope of critical action in new media art as well as a theoretical approach to its fighting potential can be identified in the different ways the media are used today, as well as in the open possibilities of meaning a particular work carries. The theory behind this view is primarily in John Fiske encouraging the subversive potential in popular culture, and in postmodernist views of texts resisting any imposed meanings (comp. Derrida), or even in the traditional view that art represents a space free of thought. Even a cursory glance at some new media artworks with a strong critical dimension, such as <em>BirderXing Guide <\/em>(Heath Bunting and Kayle Brandon, 2002), <em>Zapatista Tactical FloodNet<\/em> (Electronic Disturbance Theater, 1998), <em>[domestic]<\/em> (Mary Flanagan, 2003), <em>Second Life Dumpster<\/em> (Hajoe Moderegger and Franziska Lamprecht, 2007), <em>The Mad Dog Performance<\/em> (Oleg Kulik, 1994), etc., link this position with modern art practice. <\/p>\n<p class=\"MsoNormal\" style=\"line-height: 170%;\">Modern art therefore, and this is true for understanding new media art as well, has not lost its critical potential. Its revolutionary strength might be obscured by actions, approaches and uncritical interpretations through which the perspective of understanding new media art is equated with examining the expressive possibilities of new media technologies and tools. The consequences of such a position becoming authoritative due to the social influence of media industries are however not be found only in the domain of expressing social criticism through art, but in art criticism itself which, seduced by the fetishization of formal principles in creative expression, can often exclude from the art world precisely those works expressing the strongest social criticism, precisely because they cannot be included in the generally accepted classification systems at the formal level. <\/p>\n<p class=\"MsoNormal\" style=\"line-height: 170%;\">Through new media art and in modern social, economic and historical circumstances, critical engagement which is socially marginalized but still quite productive, faces the challenge of possibilities for its expression and activity being partially eliminated, which leads to a total failure to be recognized as artistic expression. This development in prevailing theories and practices of modern art is primarily the effect of the analysed discursive and artistic-poetic repositioning of (artistic) critical engagement in the media and overall sphere of human activities. Certainly, maintaining critical and revolutionary practices in modern times must include the existence of problem-based theories such as the philosophy of media, which can encourage and support a fundamental change in reality. <\/p>\n<p class=\"MsoNormal\" style=\"line-height: 150%;\">&nbsp;<\/p>\n<hr align=\"left\" size=\"1\" width=\"33%\" \/>\n<div id=\"ftn1\">\n<p class=\"MsoNormal\" style=\"line-height: 150%;\"><span style=\"font-size: 8.0pt;\"><a name=\"_ftn1\"><\/a><a href=\"#_ftnref1\"><sup>[<span style=\"font-family: 'times new roman', \ntimes;\"><strong>1<\/strong><\/span>]<\/sup><\/a>&nbsp;<br \/>\nA Facebook page celebrating the so-called Philosophy Week (Serbia, 2020) defined critical thinking in somewhat popular terms, but adequate to our research. Critical thinking means cognition and evaluation, and is linked within a systematic whole: &ldquo;Critical thinking entails the ability to express one&rsquo;s own views; to plan communication and express one&rsquo;s opinion in a manner enabling it to be understood completely; the ability to link all significant elements of the topic under discussion; to establish a logical structure of opinion within which the stated facts make sense; to represent ideas in such a way that they are interlinked \u2013 so that conclusions which logically follow might be naturally drawn from them.&rdquo; Posted on Facebook: 3rd February 2020, accessed: 4th February 2020.<br \/>\n<\/span><\/p>\n<\/div>\n<div id=\"ftn2\">\n<p class=\"MsoNormal\" style=\"line-height: 150%;\"><span style=\"font-size: 8.0pt;\"><a name=\"_ftn2\"><\/a><a href=\"#_ftnref2\"><sup>[<span style=\"font-family: 'times new roman', \ntimes;\"><strong>2<\/strong><\/span>]<\/sup><\/a>&nbsp;<br \/>\nThis crisis may be interpreted as a general crisis and a crisis in terms of value and evaluation: &ldquo;Goux describes the tendency of capitalist exchange towards abstraction and the tendency of &lsquo;dematerialisation&rsquo; in art as two sides of the same general crisis in representation, punctuated by historically traceable crises in the value form.&rdquo; Marina Vishmidt, &ldquo;Notes on Speculation as a Mode of Production in Art and Capital&rdquo;, in: Micha Kozowski, Agnieszka Kurant, Jan Sowa, Krystian Szadkowski and Jakub Szreder (eds.), <em>Joy Forever: The Political Economy of Social Creativity<\/em>, Free\/SlowUniversty of Warsaw<strong><em>, <\/em><\/strong>MayFlyBooks, London, 2014, p. 48.<br \/>\n<\/span><\/p>\n<\/div>\n<div id=\"ftn3\">\n<p class=\"MsoNormal\" style=\"line-height: 150%;\"><span style=\"font-size: 8.0pt;\"><a name=\"_ftn3\"><\/a><a href=\"#_ftnref3\"><sup>[<span style=\"font-family: 'times new roman', \ntimes;\"><strong>3<\/strong><\/span>]<\/sup><\/a>&nbsp;<br \/>\n Ibid, pp. 47-62.<br \/>\n<\/span><\/p>\n<\/div>\n<div id=\"ftn4\">\n<p class=\"MsoNormal\" style=\"line-height: 150%;\"><span style=\"font-size: 8.0pt;\"><a name=\"_ftn4\"><\/a><a href=\"#_ftnref4\"><sup>[<span style=\"font-family: 'times new roman', \ntimes;\"><strong>4<\/strong><\/span>]<\/sup><\/a>&nbsp;<br \/>\n Ibid.<br \/>\n<\/span><\/p>\n<\/div>\n<div id=\"ftn5\">\n<p class=\"MsoNormal\" style=\"line-height: 150%;\"><span style=\"font-size: 8.0pt;\"><a name=\"_ftn5\"><\/a><a href=\"#_ftnref5\"><sup>[<span style=\"font-family: 'times new roman', \ntimes;\"><strong>5<\/strong><\/span>]<\/sup><\/a>&nbsp;<br \/>\nSee: Introduction&#8230; available at: <a href=\"https:\/\/www.jstor.org\/stable\/pdf\/41064885.pdf?seq=1\">https:\/\/www.jstor.org\/stable\/pdf\/41064885.pdf?seq=1<\/a>.<br \/>\n<\/span><\/p>\n<\/div>\n<div id=\"ftn6\">\n<p class=\"MsoNormal\" style=\"line-height: 150%;\"><span style=\"font-size: 8.0pt;\"><a name=\"_ftn6\"><\/a><a href=\"#_ftnref6\"><sup>[<span style=\"font-family: 'times new roman', \ntimes;\"><strong>6<\/strong><\/span>]<\/sup><\/a>&nbsp;<br \/>\nComp., e.g., Shui&nbsp;Yu, Song&nbsp;Guo (eds.), <em>Data Concepts, Theories, and Applications, <\/em>eBook, Springer International Publishing, Switzerland, 2016.<br \/>\n<\/span><\/p>\n<\/div>\n<div id=\"ftn7\">\n<p class=\"MsoNormal\" style=\"line-height: 150%;\"><span style=\"font-size: 8.0pt;\"><a name=\"_ftn7\"><\/a><a href=\"#_ftnref7\"><sup>[<span style=\"font-family: 'times new roman', \ntimes;\"><strong>7<\/strong><\/span>]<\/sup><\/a>&nbsp;<br \/>\nSee: <a href=\"https:\/\/www.goodreads.com\/author\/show\/2880896.Geoffroy_de_Lagasnerie\">Geoffroy de Lagasnerie<\/a>, <em>The Art of Revolt<\/em>: <em>Snowden, Assange, Manning<\/em>, Stanford University Press, USA, 2017.<br \/>\n<\/span><\/p>\n<\/div>\n<div id=\"ftn8\">\n<p class=\"MsoNormal\" style=\"line-height: 150%;\"><span style=\"font-size: 8.0pt;\"><a name=\"_ftn8\"><\/a><a href=\"#_ftnref8\"><sup>[<span style=\"font-family: 'times new roman', \ntimes;\"><strong>8<\/strong><\/span>]<\/sup><\/a>&nbsp;<br \/>\nSee: Review of David M. Berry, <em>Critical Theory and the Digital<\/em>, in: Jonathan Gray, &ldquo;On Critical Theories and Digital Media&ldquo;, <em>Krisis<\/em>, Journal for contemporary philosophy, available at: <a href=\"https:\/\/www.academia.edu\/11823682\/On_Critical_Theories_and_Digital_Media\">https:\/\/www.academia.edu\/11823682\/On_Critical_Theories_and_Digital_Media<\/a>, accessed: 9th February 2020.<br \/>\n<\/span><\/p>\n<\/div>\n<div id=\"ftn9\">\n<p class=\"MsoNormal\" style=\"line-height: 150%;\"><span style=\"font-size: 8.0pt;\"><a name=\"_ftn9\"><\/a><a href=\"#_ftnref9\"><sup>[<span style=\"font-family: 'times new roman', \ntimes;\"><strong>9<\/strong><\/span>]<\/sup><\/a>&nbsp;<br \/>\nIbid.<br \/>\n<\/span><\/p>\n<\/div>\n<div id=\"ftn10\">\n<p class=\"MsoNormal\" style=\"line-height: 150%;\"><span style=\"font-size: 8.0pt;\"><a name=\"_ftn10\"><\/a><a href=\"#_ftnref10\"><sup>[<span style=\"font-family: 'times new roman', \ntimes;\"><strong>10<\/strong><\/span>]<\/sup><\/a>&nbsp;<br \/>\nComp. e.g. with the topic of the interdisciplinary symposium at the University of Birmingham (2018) titled &ldquo;Critical Media in the Arts: Time, Materiality, Ecology&rdquo;, available at: <a href=\"https:\/\/www.birmingham.ac.uk\/schools\/lcahm\/departments\/music\/events\/2018\/critical-media-in-the-arts.aspx\">https:\/\/www.birmingham.ac.uk\/schools\/lcahm\/departments\/music\/events\/2018\/critical-media-in-the-arts.aspx<\/a>, accessed: 11th February 2020.<br \/>\n<\/span><\/p>\n<\/div>\n<div id=\"ftn11\">\n<p class=\"MsoNormal\" style=\"line-height: 150%;\"><span style=\"font-size: 8.0pt;\"><a name=\"_ftn11\"><\/a><a href=\"#_ftnref11\"><sup>[<span style=\"font-family: 'times new roman', \ntimes;\"><strong>11<\/strong><\/span>]<\/sup><\/a>&nbsp;<br \/>\nLev Manovich, &ldquo;Avant-garde as Software: From &lsquo;New Vision&rsquo; to New Media&rdquo;, in: Sretenovi\u0107, Dejan (ed.), <em>Metamedia<\/em>, Centre for contemporary art, Belgrade, 2001.<br \/>\n<\/span><\/p>\n<\/div>\n<div id=\"ftn12\">\n<p class=\"MsoNormal\" style=\"line-height: 150%;\"><span style=\"font-size: 8.0pt;\"><a name=\"_ftn12\"><\/a><a href=\"#_ftnref12\"><sup>[<span style=\"font-family: 'times new roman', \ntimes;\"><strong>12<\/strong><\/span>]<\/sup><\/a>&nbsp;<br \/>\nIbid.<br \/>\n<\/span><\/p>\n<\/div>\n<p class=\"MsoNormal\" style=\"line-height: 150%;\">&nbsp;<\/p>\n<p class=\"MsoNormal\" style=\"line-height: 170%;\"><strong>References:<\/strong><\/p>\n<p class=\"MsoNormal\" style=\"line-height: 170%;\">Adorno, Theodor, <em>Aesthetic Theory<\/em>, Nolit, Belgrade, 1979.<\/p>\n<p class=\"MsoNormal\" style=\"line-height: 170%;\">Adorno, Theodor, <em>Negative Dialectics<\/em>, BIGZ, Belgrade, 1979.<\/p>\n<p class=\"MsoNormal\" style=\"line-height: 170%;\">Fiske, John, <em>Understanding Popular Culture<\/em>, Clio, Belgrade, 2001.<\/p>\n<p class=\"MsoNormal\" style=\"line-height: 170%;\"><a href=\"https:\/\/www.goodreads.com\/author\/show\/2880896.Geoffroy_de_Lagasnerie\">Geoffroy de Lagasnerie<\/a>, <em>The Art of Revolt<\/em>: <em>Snowden, Assange, Manning<\/em>, Stanford University Pres, USA, 2017.<\/p>\n<p class=\"MsoNormal\" style=\"line-height: 170%;\">Manovich, Lev, &ldquo;Avant-garde as Software: From &#8216;New Vision&#8217; to New Media&rdquo;, in: Sretenovi\u0107, Dejan (ed.), <em>Metamedia<\/em>, Centre for Contemporary Art, Belgrade, 2001.<\/p>\n<p class=\"MsoNormal\" style=\"line-height: 170%;\">Marina Vishmidt, &ldquo;Notes on Speculation as a Mode of Production in Art and Capital&rdquo;, in: Micha Kozowski, Agnieszka Kurant, Jan Sowa, Krystian Szadkowski and Jakub Szreder (eds.), <em>Joy Forever: The Political Economy of Social Creativity<\/em>, Free\/Slow Universty of Warsaw<strong><em>, <\/em><\/strong>MayFlyBooks, London, 2014, p. 48.<\/p>\n<p class=\"MsoNormal\" style=\"line-height: 170%;\">Shui&nbsp;Yu, Song&nbsp;Guo (eds.), <em>Data Concepts, Theories, and Applications, <\/em>eBook, Springer International Publishing, Switzerland, 2016. <\/p>\n<p class=\"MsoNormal\" style=\"line-height: 170%;\">Review of the book by David M. Barry, <em>Critical Theory and the Digital<\/em>, in: Jonathan Gray, &ldquo;On Critical Theories and DigitalMedia&ldquo;, <em>Krisis<\/em>, Journal for contemporary philosophy, available online: <a href=\"https:\/\/www.academia.edu\/11823682\/On_Critical_Theories_and_Digital_Media\">https:\/\/www.academia.edu\/11823682\/On_Critical_Theories_and_Digital_Media<\/a> (accessed: 9th February 2020) <\/p>\n<p class=\"MsoNormal\" style=\"line-height: 170%;\"><a href=\"https:\/\/www.jstor.org\/stable\/pdf\/41064885.pdf?seq=1\">https:\/\/www.jstor.org\/stable\/pdf\/41064885.pdf?seq=1<\/a><\/p>\n<p class=\"MsoNormal\" style=\"line-height: 170%;\"><a href=\"https:\/\/www.birmingham.ac.uk\/schools\/lcahm\/departments\/music\/events\/2018\/critical-media-in-the-arts.aspx\">https:\/\/www.birmingham.ac.uk\/schools\/lcahm\/departments\/music\/events\/2018\/critical-media-in-the-arts.aspx<\/a> (accessed: 11th February 2020) <\/p>\n<p class=\"MsoNormal\" style=\"line-height: 150%;\">&nbsp;<\/p>\n<p style=\"text-align: center;\" align=\"center\"><strong> <span style=\"font-size: 13.0pt; line-height: 150%;\">Kako je mogu\u0107a kritika u<br \/>\neri vladavine medija?<\/span><\/strong><\/p>\n<p class=\"MsoNormal\" style=\"line-height: 150%;\">&nbsp;<\/p>\n<p style=\"margin: 0cm 48.6pt 0.0001pt 54pt; line-height: 170%;\"><em><strong>Sa\u017eetak<\/strong><\/em><\/p>\n<p class=\"MsoBodyText\" style=\"margin-top: 0cm; margin-right: 48.6pt; margin-bottom: .0001pt; margin-left: 54.0pt; line-height: 150%;\"><span style=\"font-size: 12.0pt; line-height: 150%; font-family: 'Times New Roman';\" lang=\"SR\">&nbsp;<\/span><\/p>\n<p class=\"MsoBodyText\" style=\"margin-top: 0cm; margin-right: 48.6pt; margin-bottom: .0001pt; margin-left: 54.0pt; line-height: 170%;\"><em>U \u010dlanku se, sa stanovi\u0161ta filozofije medija, otvara pitanje o potencijalima, na\u010dinima i polo\u017eaju kritike u na\u0161em dobu koje karakteri\u0161e, bar kada je re\u010d o zapadnim kulturnim krugovima, dominacija tzv. medijske  kulture.  S jedne strane, izbegava se redukcija sistemske i strate\u0161ke kritike sveta kapitala na puko kriti\u010dko mi\u0161ljenje, dok se, s druge strane, problemski preispituje kritika deluju\u0107a unutar savremenih medijskih praksi. Autori implicitno zaklju\u010duju da je ve\u0107 samo otvaranje ovakvih pitanja utiranje puta za sveobuhvatno kriti\u010dko delovanje, kako unutar zate\u010denih sistema medijskog univerzuma, tako i izvan njega, odnosno u konkretnom dru\u0161tveno-ekonomskom sistemu mi\u0161ljenja i delovanja. Tako\u0111e, u tekstu se razmatra mogu\u0107nost kriti\u010dkih praksi posredstvom umetnosti, odnosno unutar konteksta dejstva novih tehnologija. U tom smislu, posebno se istra\u017euju potencijali za kritiku u okvirima novomedijske umetnosti, \u0161to bi trebalo da predstavlja uvod u revolucionisanje ne samo medijske, ve\u0107 i dru\u0161tveno-povesno-ekonomske prakse u eri kapitalizma.<\/em><\/p>\n<p class=\"MsoBodyText\" style=\"margin-top: 0cm; margin-right: 48.6pt; margin-bottom: .0001pt; margin-left: 54.0pt; line-height: 170%;\">&nbsp;<\/p>\n<p style=\"margin: 0cm 48.6pt 0.0001pt 54pt; line-height: 170%;\"><strong><em>Key words:<\/em><\/strong> <em>kritika, mediji, kapitalizam, novomedijska umetnost.<\/em><\/p>\n<p class=\"MsoNormal\" style=\"line-height: 150%;\"><span lang=\"SR\">&nbsp;<\/span><\/p>\n<p><a name=\"2inmediasres16\"><\/a><\/p>\n<p class=\"MsoNormal\" style=\"line-height: 150%;\"><span lang=\"SR\">&nbsp;<\/span><\/p>\n<hr \/>\n<table style=\"width: 755px;\" border=\"0\">\n<tbody>\n<tr>\n<td style=\"width: 215px;\" valign=\"top\"><img loading=\"lazy\" decoding=\"async\" class=\" alignleft size-full wp-image-347\" style=\"float: left;\" src=\"https:\/\/centar-fm.org\/inmediasres\/wp-content\/uploads\/sites\/2\/2020\/05\/inmediasresno1malo16.png\" alt=\"inmediasres16\" width=\"70\" height=\"103\" \/><\/p>\n<p class=\"MsoNormal\" style=\"line-height: 170%;\">\n <strong>&nbsp;9(16)#2 2020<\/strong> <\/p>\n<\/td>\n<td style=\"width: 315px;\" valign=\"top\">\n<p style=\"line-height: 170%; text-align: center;\">\n<a rel=\"license\" href=\"http:\/\/creativecommons.org\/licenses\/by-nc\/4.0\/\"><img decoding=\"async\" alt=\"Creative Commons licenca\" style=\"border-width:0\" src=\"https:\/\/i.creativecommons.org\/l\/by-nc\/4.0\/88x31.png\" \/><\/a><br \/>\u010casopis je otvorenog pristupa, a ovo djelo je dano na kori\u0161tenje pod licencom <a rel=\"license\" href=\"http:\/\/creativecommons.org\/licenses\/by-nc\/4.0\/\"><strong>Creative Commons Imenovanje-Nekomercijalno 4.0 me\u0111unarodna.<\/strong><\/a><\/p>\n<\/td>\n<td valign=\"top\">\n<p style=\"text-align: right; line-height: 150%;\" align=\"center\"><strong><br \/>\nDOI <a href=\"https:\/\/doi.org\/10.46640\/imr.9.16.2\">10.46640\/imr.9.16.2<\/a><br \/>\nUDK 655.13\/16:316.774<\/p>\n<p>Pregledni \u010dlanak<\/p>\n<p>Review article<\/p>\n<p>Primljeno: 07.01.2020.<\/strong><\/p>\n<\/td>\n<\/tr>\n<\/tbody>\n<\/table>\n<p class=\"MsoNormal\" style=\"line-height: 150%;\">&nbsp;<\/p>\n<p class=\"MsoNormal\" style=\"line-height: 150%;\">&nbsp;<\/p>\n<p class=\"MsoNormal\" style=\"text-align: center; line-height: 150%;\" align=\"center\"><span style=\"font-size: 15.0pt; line-height: 150%;\">\u017deljko Rutovi\u0107<\/span><\/p>\n<p style=\"text-align: center; line-height: 150%;\" align=\"center\">Ministarstvo kulture Crne Gore, Direktorat za medije, Crna Gora<br \/>\nzeljko.rutovic@mku.gov.me<\/p>\n<p style=\"text-align: center;\" align=\"center\"><strong> <span style=\"font-size: 16.0pt; line-height: 150%;\">The Body: Narcissism of the Media<\/span><\/strong><\/p>\n<p style=\"text-align: center; line-height: 150%;\" align=\"center\"><a href=\"http:\/\/www.centar-fm.org\/inmediasres\/images\/pdf\/16\/Z. Rutovic, The Body - Narcissism of the Media.pdf\"><strong><span style=\"color: #DC0101; font-size: 8.0pt;\"><br \/>\nPuni tekst: pdf (289 KB), English,, Str. 2499 &#8211; 2510<br \/>\n<\/span><\/strong><\/a><\/p>\n<p class=\"MsoNormal\" style=\"line-height: 150%;\">&nbsp;<\/p>\n<p style=\"margin: 0cm 48.6pt 0.0001pt 54pt; line-height: 170%;\"><strong><em>Abstract<\/em><\/strong><\/p>\n<p class=\"MsoBodyText\" style=\"margin-top: 0cm; margin-right: 48.6pt; margin-bottom: .0001pt; margin-left: 54.0pt; line-height: 150%;\"><span style=\"font-size: 12.0pt; line-height: 150%; font-family: 'Times New Roman';\" lang=\"SR\">&nbsp;<\/span><\/p>\n<p class=\"MsoBodyText\" style=\"margin-top: 0cm; margin-right: 48.6pt; margin-bottom: .0001pt; margin-left: 54.0pt; line-height: 170%;\"><em><br \/>\nThe popular media industry of spectacle with instruments of \u201cseduction\u201d produces \u201cvoluntary cosent\u201d of man in acceptance, imitation and evaluation of distribution of corporate consumer culture. In this world man plays role beyond his ontological need and self-conscious realization of subject as thinking creature. <\/em><\/p>\n<p><span style=\"mso-tab-count: 1;\">&nbsp;&nbsp;&nbsp;&nbsp;&nbsp;&nbsp;<\/span><\/p>\n<p class=\"MsoBodyText\" style=\"margin-top: 0cm; margin-right: 48.6pt; margin-bottom: .0001pt; margin-left: 54.0pt; line-height: 170%;\"><em><br \/>\nThe aim of this paper is to problematize socio-cultural phenomenology of body transfiguration, impressions and experiences in opticum of consumerist globalization. <\/em><\/p>\n<p><span style=\"mso-tab-count: 1;\">&nbsp;&nbsp;&nbsp;&nbsp;&nbsp;&nbsp;<\/span><\/p>\n<p class=\"MsoBodyText\" style=\"margin-top: 0cm; margin-right: 48.6pt; margin-bottom: .0001pt; margin-left: 54.0pt; line-height: 170%;\"><em><br \/>\nThe new construction of \u201cnew\u201d body is modeled on techniques of instrumentalisation, stereotyping and hybridization of narcissism as the primary reprezentational principle of such media experience.<\/em><\/p>\n<p class=\"MsoBodyText\" style=\"margin-top: 0cm; margin-right: 48.6pt; margin-bottom: .0001pt; margin-left: 54.0pt; line-height: 170%;\">&nbsp;<\/p>\n<p style=\"margin: 0cm 48.6pt 0.0001pt 54pt; line-height: 170%;\"><strong><em>Key words:<\/em><\/strong> <em>body, narcissism, media, globalization, stereotypes, consumerism.<br \/>\n<\/em><\/p>\n<p class=\"MsoBodyText\" style=\"margin-top: 0cm; margin-right: 48.6pt; margin-bottom: .0001pt; margin-left: 54.0pt; line-height: 170%;\">&nbsp;<\/p>\n<p class=\"MsoNormal\" style=\"line-height: 150%;\">&nbsp;<\/p>\n<p class=\"MsoNormal\" style=\"line-height: 170%;\"><strong>Introduction<\/strong><\/p>\n<p class=\"MsoNormal\" style=\"line-height: 170%;\">In a world of transgression, in which numerous changes  are happening rapidly and in which the principle and approach of ambiguity are  favoured, we are all elements, particles of the same network of media industry.  The uniform ephemeral glow of (entertainment) industry has abolished the  traditional body as it existed up to that point, establishing the sensation of  encounter with (one&rsquo;s own) body. The postmodern body in the conflict between  the <em>erotoid<\/em> and the <em>tanatoid<\/em> is in the shadow of the media  industry. The modern-day body industry is a multimedia model of  advertising-mental construction and a form of simulation of media-generated  narcissism. It is simulation because of the <em>lack<\/em> as well as the <em>surplus<\/em>. Thus, the  simulation is transformed into a media resolution that virtualizes the alleged  catharsis. The industrial body becomes a stereotype or a starting point in  processing the visual and linguistic discourse of representation of the body in  the media text of postmodern culture. The theory of discourse as a theory of  practice, that is, the way in which the language of the media defines the  reality, helps us reflect critically on the reality and deconstruct it contextually  through the model and ideal of beauty, which women are to strive for according  to the media. This imaginary problem has generated a high-profit multi-industry  with the task to correct and represent the body in accordance with the  patterns, clich\u00e9s, and the key of the media language. The media (self)-realization,  in synthesis with the multidisciplinary industrial optics, &ldquo;<em>allows for<\/em>&rdquo; a description of the  invisible \u2013 of someone who is not there. Instead of being the attention of  human imagination, where the boundaries of everyday world disappear for a  moment, the body of today loses its memory and becomes a mere physical object  that surrounds us. The real space of dynamic sensitivity of the body is beyond  the hidden areas of the human spirit. Such visualization\/screening of the  industrial body, in which there is no story, nullifies imagination and closes  the possibility of diverse (subjective) interpretations. Thus the persona of  the body is today reduced to mere polarity and a simple dichotomy on the line  of the &ldquo;either-or&rdquo; formulation. The body industry provides a substitute for the  copy that needs to become independent and materialized\/realized in the image.  The discourse of such an act is an evolution into a new, non-existent  existence.<\/p>\n<p class=\"MsoNormal\" style=\"line-height: 170%;\">Today, industry uses the body to search for an  ever-new identity and to explore different aspects of one and the same  expression. Like in Brechtian irony, the &ldquo;<em>body<\/em>&rdquo;  is offered a cure for transience.<\/p>\n<p class=\"MsoNormal\" style=\"line-height: 170%;\">In the industrialized body of the &ldquo;<em>looking good<\/em>&rdquo; value system, protection  is sought and a psychological substitute is determined through the body, which has  the (outwardly imposed) role. The psychological life of this representation  ranges between the sexes with disintegrating body parts and a libido that is  infinitely prone to competition. As Julia Kristeva notes: &ldquo;If the woman&rsquo;s body did  not lack, Don Juan would be happy with this &lsquo;Sex which is not Don Juan&rsquo;.&rdquo; The  final, industrial body is produced as the very emblem of a man&rsquo;s desire. Such a  body is only and merely physically given and dominated by aesthetic standards  imposed from the outside, which whenever they are reached, get quickly replaced  by new and unattainable ideals and parameters. It is not accidental that, in  order to encourage media literacy, the Australian government obliged the  editors of magazines to indicate the altered photographs of models that were  significantly processed or &ldquo;photo-shopped&rdquo;. The importance of this warning  becomes clear given the global terror of the advertising industry, which claims  that a woman whose physique does not correspond to the &ldquo;<em>Barbie mould<\/em>&rdquo; does not love her body, or rather that she is  dissatisfied with it, and that it needs to be modified according to the norms  of beauty &ldquo;<em>devised<\/em>&rdquo; for her by  someone else. As an image of vanishing, the biological body of today is merely  an offprint of an event that fades, both before our eyes and from our memory.  What is embodied is the shape of the body as an &ldquo;<em>impossible encounter<\/em>&rdquo; with the &ldquo;<em>object<\/em>&rdquo;  of desire.<\/p>\n<p class=\"MsoNormal\" style=\"line-height: 170%;\">&nbsp;<\/p>\n<p class=\"MsoNormal\" style=\"line-height: 170%;\"><strong>1.1. The language of the body<\/strong><\/p>\n<p class=\"MsoNormal\" style=\"line-height: 170%;\"><strong>My body writes  in language. My body hurts through language. Let&rsquo;s call it a dream state, or the  language of the body,<\/strong> as Kathy Acker writes  (<em>Bodies of Work<\/em>). Indeed, does the  body have a language, or what is the language of the body today? Acker states: <strong>The body does not lie. It does not lie  because it does not have a language to lie<\/strong>. Does the body seek its own  language, or does the language seek the body beyond its patriarchal  definitions? The body both speaks and writes in its own language. The language of  the body is not linear; it is fragmented and again unfinished. The body formulates  a meta-symbolic representation of the text in its language. This language  denies or confirms the body. The body as desire. The body as the order of the (sur-)real  in which the body is (not) seen in the opposition between subject and object.  The language of the body intervenes in both space and time. That language can  be a (non-)arbitrary propaganda, a media story, or a new industry fetish. In  its manifestation, this language is in the triangle of the media replica, the  mimesis of patriarchy, and the inability to exist. Where is the body in all  this?<\/p>\n<p class=\"MsoNormal\" style=\"line-height: 170%;\">The language of the body depends on construction \u2013 the  construct of associations. When these links are broken, the association itself  disappears. People read this suggestion of the language of the body in different  ways. This leads to (un-)visible events that become an integral part of our  reality. This process is continuously subjected to random contrasting of space  behind and in front, through the (language of the) body. In this way, a place or  places are formed that penetrate the narrative logic of the language, that is,  the syntactic hierarchization of the system of communication \u2013 of being  embodied in the language of the body.<\/p>\n<p class=\"MsoNormal\" style=\"line-height: 170%;\">The language of the body is a non-verbal construct for  the projection of social roles, through which identity or imitation concepts  are self-actualized, their content generating towards the acquisition of  desirability, social inclusion, or emotional reflection. The bold language of  the body transforms a person and extracts from him or her what is untouchable,  tabooed, non-liberated, that which everyone carries within himself. According  to the levels of imaginary roles, the non-verbal expression metamorphosizes, accentuates,  and emphasizes the symbolism of gesture, movement, or space. Language is  inseparable from space in this discourse. Space (re-)structures language, gives  it new meanings, directs or synchronizes man and action. As such, language is  always in space, as without space it does not exist and does not send messages.  New spaces also address the new linguistic attribution of the body. Interaction  between place and language is a social symbolism of assumed roles, concepts,  and strategies. Displacement of the language of the body from space is the  impossibility of representing being, i.e. social existence, which is ultimately  not convergent even with narcissistic culture. The body is the space of space.  As such, the body is a map of symbols, roles, and requirements. The body is a  dichotomy of either-or, of conceptualizing or deconceptualizing space.  Conceptualization of the place, through the body, is a question of the meaning  of the body&rsquo;s identity. The space of the speaking body (<em>Hora<\/em> \u2013 from the Greek verb <em>horein<\/em> \u2013 to assign place, content), as Julia Kristeva has put it, is a kind of  original bodily pre-signifier. Thus, place becomes possible through the body. And  the <em>non-places<\/em> (Marc Aug\u00e9) acquire  the intimate narrative character of the territory of the language of the body, revealed  in space.<\/p>\n<p class=\"MsoNormal\" style=\"line-height: 170%;\">Essentially, the language of the body is a  relationship, but only as a process. Through the language of the body, as an  erotic process, an interpersonal relationship is possible. The language of the  body as a machine for producing the new sense of the body merges thought and  rapture, measure and ecstasy. But then again, the language of the body as a &ldquo;<em>visual machine<\/em>&rdquo; for producing the  postmodern sense blocks many other possibilities. Hence, it has symbolic,  universal, psychological, anthropological, and sociological meanings. But  judging by the global universalization of the text of the language of the body,  one would say that the body of today is following the esoteric advice of Baudelaire  &ldquo;<em>sur le maquillage<\/em>&rdquo;. Whether painted,  truly alive, moving or at rest, the language of the body is the starting point  for reviving the body itself. The language of the body is <em>Name<\/em>. Not a <em>Name<\/em> among other <em>Names<\/em>, but a language that  communicates and opens up to the Other. The language of the body is thus  realized as a biological, ontological, and mythological text. Essentially, the  language of the body is actually a script before the script. From the point of  view of subatomic micro-communication, the language of the body is a continuous,  universal, and permanent communication channel open to new reflections on the  body&rsquo;s representative role. The language of the body is in constant conflict  between intimate sensuality and strong associative visuality of external  expression. Such a body has long been &ldquo;<em>out  there<\/em>&rdquo; in a new chapter of its visual history, which provokes, incites, and  stimulates the meanings of visions and views of imaginative &ldquo;<em>play<\/em>&rdquo;. In the space of such visuality,  that is, the projection of the self, the body is often separated\/split due to  an imaginary craving of the imagined connected text of space. That is why place-space  and illogical movement often displace the language of the body into the un-read  associativity of signs and meanings.<\/p>\n<p class=\"MsoNormal\" style=\"line-height: 170%;\">Global enclosure in the dominant language of  television has established a straight-line communication of an &ldquo;<em>eye-oriented<\/em>&rdquo; culture. Instead of  opening one&rsquo;s eyes, television has closed them, depriving man of a rational  sense of the nature of communication of the language of the body. The language  of the body does not question the language of the media. On the contrary, it is  merely a replica of the media, materialized in an unquestioned key. The  language of the body meets the requirements of the aesthetic and value  standards of the media without a dialogue. Essentially, the body is a  ubiquitous promoter of the media industry, and often its predecessor, which  even by (un-)consciously stepping through the uninhabited places of the text of  the body seeks new paths of media power and media existence.<\/p>\n<p class=\"MsoNormal\" style=\"line-height: 170%;\">&nbsp;<\/p>\n<p class=\"MsoNormal\" style=\"line-height: 170%;\"><strong>1.2. The empty body<\/strong><\/p>\n<p class=\"MsoNormal\" style=\"line-height: 170%;\">The post-postmodern, multimedia era of emotional  hypocrisy has taken away the soul from the body by trying out a new concept of  visuality. The staging of the movements of this new chapter of visuality, intended  to provoke, stimulate, and enrich, essentially yields an &ldquo;empty body&rdquo;. Such a  body is merely a currency of the provoked uniform aesthetics of the  consume-centred media profile. Under the economic shell of the phenomenon to  impress the &ldquo;world of money&rdquo;, the destroyed game of the body magic is lost and  transformed into a new, problematic media frame, in which the body is packaged  and visually distributed. Such a compound is not natural and often borders on  bad taste. According to Eduard Spranger, personality types are shaped according  to the value choice and value hierarchy, which in the context of this panel  suggests that aesthetic favouritism and body promotion is the postmodern value  substrate of dominant preference. In any case, the body is a passive object of  the cloning and copying trend, which as such is strongly involved in creating a  new multimedia world. The safety of the body privileged through the experience  of sensual rapture, touch, and smell has obtained its visual equivalent of a &ldquo;close-up&rdquo;  as a fetishized aspect of an essentially empty body. The body as an object does  not signify anything, or more precisely, it only signifies absence as an  expression of the unconscious in the visual field. The consequent question of  this discourse is: <em>whose is the desire<\/em>,  and for <em>what<\/em>? Is the observer led to  reflect on the eroticism of the body, or is he unquestionably &ldquo;<em>offered<\/em>&rdquo; the knowledge of the limited  expanse of the body as the highest form of visual construction? In this  episteme, the truth about the (empty) body should be sought in a mix of  different multimedia ideas and a mixture of elements in the game of truth and  deception.<\/p>\n<p class=\"MsoNormal\" style=\"line-height: 170%;\">In complex discursive formations, perception of the  body ranges from obsession to resisting the image. Here the biological determines  the psychological, because the body is situated and connoted as the desire  in\/for the image under the label of fetishism. <em>Laura Mulvey<\/em> has pointed out the universal tendency of men to fetishize  the entire body of a woman \u2013 as an attempt to make the totality represent the &ldquo;<em>missing<\/em>&rdquo; part. What can be seen is  known\/recognized as desire. The counterpoint is the &ldquo;<em>empty body<\/em>&rdquo;. The body is no longer an anatomical term. It is  increasingly a socio-psychological term that transcends the social conventions  of the opposition between the female and male roles. The postmodern reading of  the text of the (empty) body, as a signified associated with a signifier, is no  longer dictated by the anatomy of a man or a woman, but by the discursive  system of the society. Reading the original bio-ontological body must be either  male or female. Deconstructing the body in its visual plurality contributes to  the exploration and shifting of the boundaries of the transmission of cultural  codes in the global context of body perception. On the other hand, the focus of  the body is on rethinking the diversity of women&rsquo;s ideas and interpretations.  Through the body, the representation of the female presence in the world is  definitely transnational in nature. The transnational community imposes  aesthetic principles as a series of multiplied hegemonic systems. The supreme principle  predominates seeing the body in a transnational key. From the position of the  media as a centre of perception, this discourse does not know binary  oppositions such as West and East, progressive and regressive, traditional and  modern, European and exotic.<\/p>\n<p class=\"MsoNormal\" style=\"line-height: 170%;\">The processes of emphasizing the media fragmentation  of the body or the corporeal correspond to the images of a complex multiple  identity, at the heart of which is the central question to whom the body  belongs: the individual, the media, or the society. The postmodern epoch has  given a new trajectory to the body, limited by the proportions of the sphere of  forms, i.e. the imposed &ldquo;<em>catalogues<\/em>&rdquo;  in whose space the (pre-)set desirability is realized. The vulgar manipulation  of corporeality, given through the form, invalidates the symbolic exchange of  subjectivities. In such procedures, instead of the biological skill of  maturation, the body turns into a melancholy of vanishing as a natural reaction  and response to the unsustainability of the projected, the artificial. The language  of the empty body has thus redefined the biological rhythmical nature of the  rapture of the heart, secret, emotion, symbol&#8230; In the drama of the trapped  body, the multimedia memory of illogical, overcrowded aesthetic scenes is  recognized as an unquestioned and functional fact of new manifestation.  Bareness, as a physical and spiritual expression of the cruelty of a world that  does not support individuality, is merely a linguistic-stylistic abbreviation  that reveals the mechanisms of encrypting new corporeality.<\/p>\n<p class=\"MsoNormal\" style=\"line-height: 170%;\">In the dimension of total visibility, we live a  paradox where we no longer see anything. There is no longer a principle of  credibility or reality of the body that would confirm its existence. The  atavistic fear of biological finality and the megalomania of outward appeal  have led to a cynical (re-)formulation of the body, which does not want to be  questioned. A question is the beginning of a dialogue and the &ldquo;<em>empty body<\/em>&rdquo; is dominated by a monologue  of the serial industry type. The culmination of the act is a fact by which the  postmodern observer is consciously adapted to the (in-)authenticity and (un-)certainty  of the &ldquo;monologue of the empty body&rdquo;. Formulating the fundamental questions of  the body in a new way, in the widest range from cosmetic surgery to genetic  engineering, where (not) accepting one&rsquo;s own body also means (not) accepting  one&rsquo;s own limitation, makes us wonder with much existential anxiety \u2013 what is  human body today? Does the postmodern body belong in its immanent capacity or  is it merely a confirmation of the achieved media (self-)realization is a  question of the qualities (and forms) of the modern world at the heart of which  the corporate obsession with the body, eternal youth, and sexual freedoms  prevents existence in the original &ldquo;<em>spiritual  body<\/em>&rdquo;.<\/p>\n<p class=\"MsoNormal\" style=\"line-height: 170%;\">&nbsp;<\/p>\n<p class=\"MsoNormal\" style=\"line-height: 170%;\"><strong>1.3. The utopian body<\/strong><\/p>\n<p class=\"MsoNormal\" style=\"line-height: 170%;\">In 1975, Michel Foucault analysed the &ldquo;<em>medical view<\/em>&rdquo; as one of the components  of the modern &ldquo;<em>societies of control<\/em>&rdquo;,  which in the context of the Nietzschean idea of \u200b\u200brevaluating (all) values  generates the deformation of the newly established postmodern phenomena. Almost  forty years later, the market democracy again prescribes, practically dictates  a desirable view of the state of our bodies. Objectively speaking, there would  be nothing provoking in it were it not for the laws of the market, which knows\/recognizes  only its own interests in everything, even in the body. The vitalist demands of  the &ldquo;open&rdquo; market ignore the fact that the care of the utopian body is (also) a  matter of personal responsibility, personal morality&#8230; The media, numerous  clinics, advertising agents, cosmetic and aesthetic surgery centres are each in  their own way \u2013 but with the same goal \u2013 (re-)defining our view of our body as a  &ldquo;<em>duty, obligation, and responsibility<\/em>&rdquo;  of caring for one&rsquo;s &ldquo;<em>perfect appearance  and a perfect body<\/em>.&rdquo; Responsibility for a &ldquo;body culture&rdquo; that is displaced,  or rather positioned in the formula of a utopian body, is not a publicly  formulated ethical discursive plane of genuine concern; on the contrary, it is  a mere paternalist and consumerist-capitalist currency that seeks to live at  the costs of our body. The reality thus construed raises ontological questions  about the status of the (transformed) reality itself, about the relationship  between mind and body, more specifically about the relationship between life in  the biological and life in the utopian body. If one keeps in mind that the body  cannot be separated from the spirit, i.e. psyche, then the utopian body is  essentially a disembodied body formatted on a virtual composition of multimedia  self-deception.<\/p>\n<p class=\"MsoNormal\" style=\"line-height: 170%;\">By changing the operational mode of the optics of  power, the space of media public also transforms the role of the body as a  social-psychological and anthropological-biological category. The body, that  is, the desire for its utopianism legitimizes the social character of that  &ldquo;fact&rdquo; as a new relational entity in the social system of observation, exposure  and exhibitionism, and the transformation of power. In the (re-)presentation of  such a subject, <em>the postmodern individual  is most afraid to go unnoticed and invisible<\/em>, notes the German sociologist <em>Markus Schroer<\/em> (2010: 461).<\/p>\n<p class=\"MsoNormal\" style=\"line-height: 170%;\">Consequently to the raised issue, this relational  discourse will also raise the question about the originality \u2013 immediacy of one&rsquo;s  physical existence in the world. If, then, one neglects or removes the  ontological foundation of our givenness, then the body is only an object and an  exhibition, which, in the desire and intention to be <em>renown<\/em>, cannot be <em>known<\/em>.  The ubiquity of the body in the media space eliminates the order of knowledge  as an experience of one&rsquo;s own corporeality. The universally proclaimed new  biopolitics of leanness seems seductive in its rhetorical mantra \u2013 healthy  lifestyles based on a dietary regime, sports, and nutrition, leave no one  indifferent&#8230; Accordingly, various global anti-aging organizations such as the <em>European Academy of Quality of Life and  Longevity<\/em>, <em>Institute for Longevity<\/em>,  or <em>Institute for Extension of Life<\/em> are inaugurated, but that is only the tip of the iceberg of the postmodern  multimedia fa\u00e7ade, which always accuses only YOU for having &ldquo;<em>neglected your body<\/em>,&rdquo; without regard for  the regularity of bio-social laws! Speaking at the level of body care, Fran\u00e7ois  Cusset has said that health is no longer just a state of balance, but also an  ideal encompassed by the term &lsquo;form&rsquo;, which has been in vogue in France since  the early 1980s (2008: 23).<\/p>\n<p class=\"MsoNormal\" style=\"line-height: 170%;\">The policy of body care has becomes transnational and  transcultural, as is, after all, the multicorporate global capital itself. Pharmaceutical  giants and their partners are continuously developing a &ldquo;<em>responsible<\/em>&rdquo; stance aimed at internalizing control over the body as  life politics, i.e. &ldquo;<em>biopolitics<\/em>&rdquo;.  The culture of proclaimed care is so influential that in the US they have even introduced  penalties for stubborn workers &lsquo;who do not manage to achieve optimal weight&rsquo;  (according to Cusset 2008: 23). The body thus programmed, or rather experienced,  becomes both expropriated and extra-territorialized; it is a redistributive  market unit for the media, the pharmacists, the fashion agents, and other  management forms of sale of the measurable equivalents of consumerist culture.  Targeted, multiplied action is proclaimed by means of advertising  exhibitionism, which the French monthly <em>Vital<\/em>,  by inviting a person to &ldquo;<em>become a  personality<\/em>&rdquo; or to &ldquo;<em>realize<\/em>&rdquo;  himself or herself, has summarized in the slogan: &ldquo;<em>Do you find it difficult to see your navel?&rdquo;<\/em><\/p>\n<p class=\"MsoNormal\" style=\"line-height: 170%;\">From the time of ancient Greek civilization, where  even religious ceremonies entailed competitions of bared, mostly athletic  bodies, to the projection of modern-day models, the imperatives of desirability  of the utopian body have remained the same. Incorporating such awareness into our  physical field problematizes\/generates issues of intellectual, emotional, and social  development, as well as the development of creative potentials. The universally  proclaimed context of the multimedia sociology of the body abolishes desire and  experience, because the person is the observer of something that is and is not  his or her own existence (D. Anzie).<\/p>\n<p class=\"MsoNormal\" style=\"line-height: 170%;\">Briefly, &ldquo;thanks to&rdquo; the technologized and mediatized  existence in the realm of sensory amplifiers and virtual worlds, which have  abolished the curiosity, exploration and struggle of existence, one cannot be a  subject open to himself and others, to all his senses. The extensive desire to  (self-)observe the body as the dominant form of (self-) presence in the age of  multimedialism has turned into a negation of the very meaning of the body. By  searching for utopian &ldquo;identity dreams&rdquo; through aesthetic-visual communication,  the body in its (re-)design essentially positions itself in the finality of the  sign as a materialized vision of conquering the imagined space of realized or  materialized corporeality. The social &ldquo;acceptability&rdquo; of the utopian body does  not only speak about the formal nature of the changed role of the body in space  and time, but also and essentially about a structural change in the patterns of  identity realization at the heart of which is the primacy of visualization.  That is why, unfortunately, man is less and less a HOMO CREATOR.<\/p>\n<p class=\"MsoNormal\" style=\"line-height: 170%;\">&nbsp;<\/p>\n<p class=\"MsoNormal\" style=\"line-height: 170%;\"><strong>1.4. Full body art<\/strong><\/p>\n<p class=\"MsoNormal\" style=\"line-height: 170%;\">&ldquo;<em>I came up with  the idea of having them \u200b\u200bpaint me with drills that had felt pens attached to  them. I stripped myself naked, although in local schools male models were  forbidden to do that, only women were allowed&#8230; Both the professors and the  students of that school painted over me. There were about three hundred people  and each had one minute<\/em>.&rdquo; These are the words of artist Dragan Ili\u0107 about his  performance <em>Human Canvas<\/em>, which he  gave in 1979 for the students of the Brisbane&rsquo;s College of Art. This radical  performance, covered by all the local media, violated the law because the  artist should not have been naked, but was eventually defended in court with  the argument of artistic freedom. All professors were fired from the Brisbane college  and a video of the performance is still to be found in the school&rsquo;s records,  says <em>Dragan Ili\u0107<\/em> (2019).<\/p>\n<p class=\"MsoNormal\" style=\"line-height: 170%;\">The introductory words for the treated subject narrative  will serve as a reflection and expression of artistic plasticization and the  interaction between the artist and the body. In this spirit, let us start from  the hypothesis that the body is an illusion. Conscious, unconscious, emotional,  aesthetic, ethical, perceptive&#8230; or some other concept from the circle that  self-defines illusion. Illusions change the experience, or rather dimensions \u2013  spaces, times, senses, and the sur-reality. The angle of observation  transfigures the experience of the body. In the illusion, bodies are merged and  separated, co-existing as oversized personalities.<\/p>\n<p class=\"MsoNormal\" style=\"line-height: 170%;\">The template of the &ldquo;reality illusion&rdquo; manifests  itself paradigmatically (also) through the art technique of <em>full body art<\/em>, as work on the naked  human body, by means of painted bodies, given artistic techniques, different  colours, or colours similar to the human body. Simulating sameness, or  projecting sameness, is a template for illusion itself. In the artistic composite  of the &ldquo;new body&rdquo; we situate the imaginary settings, the limits of the  performative, the power of the body, but no less the power of \u2013 thoughts. In  this relational discourse of real-unreal body, the line of the body is explored,  its in-finity. In a technical, artistic sense, the body is the emitter of the  desired, perfect, utopian.<\/p>\n<p class=\"MsoNormal\" style=\"line-height: 170%;\">These artistic compositions, in our memories of our  bodies and body experiences, and again not only our own, are detected as possible  identity forms of our lifelines. These lines will range from pain, pleasure,  consumerism, rituals, customs, lust, intervention on the body, to the  mythologization of the body. Postmodern pluralism, whatever it may means in its  praxis, perceives the body as a tool \u2013 an instrument in emitting the dichotomy  of confirmation-contestation. Nothing in between. In this expanded field of art  as a meta-narrative, life is displaced, replaced, and imaginated. Certainly it  is a space of expressive languages \u200b\u200bof techniques and reflections on the  self-experienced body as the avant-garde space of new visuality. Identity,  gender, tradition, ethics, aesthetics, and freedom are the signifying maps  detect corporeal spatiality. In this territory, the conceptuality of the body  is deconstructed in a broader form, from ancient narrativity to consumerist  banality.<\/p>\n<p class=\"MsoNormal\" style=\"line-height: 170%;\">Body art has its own history, evolution, conceptual  forms of maturation, &ldquo;growth&rdquo; and the role of the body in this discourse. From  the rudimentary drawings of our distant ancestors and the ritual exposures of  the body to various myths and deities, through the aestheticization of the body  as a form of attractiveness to the composites of radical constructs, the body  is a distinctive, original, living <em>human  canvas<\/em> of self-expression of artistic freedom.<\/p>\n<p class=\"MsoNormal\" style=\"line-height: 170%;\">We will wonder whether within the body punctum and the  humanoid-robotoid trajectories, there are cognitions beyond the sensory  cognitions of the world. From liberation to melancholy, where the world of the  body is.<\/p>\n<p class=\"MsoNormal\" style=\"line-height: 170%;\">Body art is, among other things, a platform for  political engagement, the radicalization of the body as an emitter of social  policies, that is, the shaping of social identity and its transfer to a broader  social discourse. As a canvas of political resistance, the body confronts and  clashes, positioning itself as a showcase of political dramatization within  which its visuality expresses an attitude, domination, and disagreement with  the points of the body that in this literally &ldquo;naked&rdquo; corporeal way, radicalize  the political discourse. Between the urban alternative of the body art scene  and the language of the body in this performative form, there is a wide line of  the <em>human canvas <\/em>within which there  are intimacies, conflicts, contexts, attitudes, emotions, and resistances.<\/p>\n<p class=\"MsoNormal\" style=\"line-height: 170%;\">The physical essence, by this expression, abolishes the  boundaries of the communicative, thus becoming itself a boundary.  Illustrative-demonstrative statements are modules of variation in theme,  intuition, subconsciousness, intention, and purpose in the realization of the  message. Even in situations and places where the body is not a space for  collective demonstration of the act, like in an visual expression of the  standard setting of the artistic concept, it has a political meta-narrative.<\/p>\n<p class=\"MsoNormal\" style=\"line-height: 170%;\">Thus, in whatever way we may put it, from whichever  analytical-observational plane we may situate the body, it is equally a  traditional and a postmodern expression of artistic freedom, imagination, and play.  Limited only by spirit and creation, the boundaries of the body are boundless  variations within which the world of both ontology and gnoseology is positioned.  Each artistically transferable point of the body is also a continuation of the  line, like a prosthesis of human (im-)perfection. Body art thus disarms and  liberates the body from biological bounds, directing it to new spatialities  that become telling and artistically impressive. The sum of the individual  points of a body thus painted is also a sum of collective experiences, pain,  scars, the struggle of Eros and Thanatos, the survived yet even more non-experienced  body. This new &ldquo;revival&rdquo; of the body seduces and translates into new  experiences, asks questions and provokes answers.<\/p>\n<p class=\"MsoNormal\" style=\"line-height: 170%;\">Body art is an equally provoking text that calls for a  dialogue the perfect, beautiful body, shaped by civilization, as a premise of someone  or something else, outside of the me-you, we-you relationship. In this  relational discourse, body art also fights against the mediological forms of  presenting its body as an enemy, an imaginary enemy in the imperfection of its  proportions, dimensions, shapes, weight, and age. Body art, whether individual  or publicly conceptual, can also be positioned in this discourse as a form of  guerrilla warfare, a continuous action in response to the imperfection of the  body. It is also a struggle against the various forms of mimicries of the  all-modern age, in which alleged understanding and acquiescence are essentially  indicative of misunderstanding and non-questioning. This is why body art is the  focal point of the broadest, civilizational dialogue, of this subject matter  and the ensuing, coexisting ones. Regarding the implications for a total  mass-media possession of the individual \u2013 physical, spiritual, mental,  voluntary, it is only natural that one of the motives for deconstructing these  issues is in a time of universal seduction, complacency, and narcissism.<\/p>\n<p class=\"MsoNormal\" style=\"line-height: 170%;\">Body art communicates between nature, biology,  sociology, intuition, and imagination. As a corrective mechanism of the field,  more or less, this art form questions the cosmogonic trajectories within which  we face challenges, the boundaries set by our bodies and set before our bodies.  Against the whiteness of the <em>human canvas<\/em>,  we self-define spaces of beginnings and new beginnings, as the always first  steps of the body in meta-physical movement.<\/p>\n<p class=\"MsoNormal\" style=\"line-height: 170%;\">With this art form, the body is in continuous motion,  both linear and nonlinear. Each point is an expression of a distant imaginary  point that returns through some observational prism to the world of our  imagined or long-experienced points, identifications with them, griefs and joys.  The point of that punctum is never a soulless, static unit. On the contrary, as  a creative charade of power within the imagination of the body, it is a  vitalist energy that, through its unconcealed aura, collects other points of  artistic as well as psychological imagery.<\/p>\n<p class=\"MsoNormal\" style=\"line-height: 170%;\">If, in scientific terms, body symmetry is an emblem of  the biological elite, then body art can also be viewed as a compensation or  equivalent to corporeal symmetry, and moreover, all artistic asymmetry will be  seen or experienced as a targeted, engaged disruption of the order of idealized  phenomena. Asymmetry as a rebellion, a provocation, a rejection of the  clicheization and ready-made labelling of aesthetic concepts.<\/p>\n<p class=\"MsoNormal\" style=\"line-height: 170%;\">In its appearance and conceptuality, body art  abolishes all genetic-biological constraints through variation of forms, within  which it is nevertheless emphasized that there are no absolute symmetries,  absolute perfection or order.<\/p>\n<p class=\"MsoNormal\" style=\"line-height: 170%;\">In the metaphorical sense, body art abolishes the space  overflowing with the mediated body, space of all sorts of emptiness \u2013 spiritual,  value, ethical, aesthetic&#8230; Outside of arbitration in the relations of  respectable paradigms, it is only the question of intriguing broader social  collage that, in this way as well, yearns for interaction and the organic unity  of dialogical, explorative forms. Essentially, it is a striking call against  the self-abolishment of man.<\/p>\n<p class=\"MsoNormal\" style=\"line-height: 170%;\">As an original unfettered freedom, this form of art is  a mediated tenderness of poetic expression in which the dream is the art of  discovery. In this act of revelation, we are witnessing the transcendental  renewal of birth as innocence, chastity, purity, and the beauty of becoming. In  these images, there freedom with which body art begins and ends is sublimated.<\/p>\n<p class=\"MsoNormal\" style=\"line-height: 150%;\">&nbsp;<\/p>\n<p class=\"MsoNormal\" style=\"line-height: 170%;\"><strong>Bibliography<\/strong>:<\/p>\n<p class=\"MsoNormal\" style=\"line-height: 170%;\">Cusset, Fran\u00e7ois (2008), <em>Le man diplomatique<\/em>, NIN, Beograd<strong><\/strong><\/p>\n<p class=\"MsoNormal\" style=\"line-height: 170%;\">Schroer, Markus, &ldquo;Der Voyeur,&rdquo; in: Diven, Hacker, Spekulanten:  Sozialfiguren der Gegenwart, ed. Stephan Moebius and Markus Schror. Berlin: Suhrkamp  Verlag, 2010.<\/p>\n<p class=\"MsoNormal\" style=\"line-height: 150%;\">&nbsp;<\/p>\n<p style=\"text-align: center;\" align=\"center\"><strong> <span style=\"font-size: 13.0pt; line-height: 150%;\">Tijelo \u2013 medijski narcizam<\/span><\/strong><\/p>\n<p class=\"MsoNormal\" style=\"line-height: 150%;\">&nbsp;<\/p>\n<p style=\"margin: 0cm 48.6pt 0.0001pt 54pt; line-height: 170%;\"><em><strong>Sa\u017eetak<\/strong><\/em><\/p>\n<p class=\"MsoBodyText\" style=\"margin-top: 0cm; margin-right: 48.6pt; margin-bottom: .0001pt; margin-left: 54.0pt; line-height: 150%;\"><span style=\"font-size: 12.0pt; line-height: 150%; font-family: 'Times New Roman';\" lang=\"SR\">&nbsp;<\/span><\/p>\n<p class=\"MsoBodyText\" style=\"margin-top: 0cm; margin-right: 48.6pt; margin-bottom: .0001pt; margin-left: 54.0pt; line-height: 170%;\"><em><br \/>\nPopularna medijska spektakl industrija instrumentima \u201c zavo\u0111enja \u201c proizvodi \u201c dobrovoljnu saglasnost  \u201c \u010dovjeka u prihvatanju, opona\u0161anju i vredonosnoj distribuciji korporativno-potro\u0161a\u010dke kulture. U tom svijetu \u010dovjek igra uloge van njegovih ontolo\u0161kih potreba  i samosvjesne realizacije subjekta kao misaonog bi\u0107a.<\/em><\/p>\n<p><span style=\"mso-tab-count: 1;\">&nbsp;&nbsp;&nbsp;&nbsp;&nbsp;&nbsp;<\/span><\/p>\n<p class=\"MsoBodyText\" style=\"margin-top: 0cm; margin-right: 48.6pt; margin-bottom: .0001pt; margin-left: 54.0pt; line-height: 170%;\"><em><br \/>\nRad ima za cilj problematizaciju socijalno-kulturolo\u0161ke fenomenologije transfiguracije, prikazivanja i do\u017eivljaja tijela u optikumu  konzumeristi\u010dke globalizacije.<\/em><\/p>\n<p><span style=\"mso-tab-count: 1;\">&nbsp;&nbsp;&nbsp;&nbsp;&nbsp;&nbsp;<\/span><\/p>\n<p class=\"MsoBodyText\" style=\"margin-top: 0cm; margin-right: 48.6pt; margin-bottom: .0001pt; margin-left: 54.0pt; line-height: 170%;\"><em><br \/>\nNovokonstrukcija \u201cnovog\u201d tijela modelira  se tehnikama instrumentalizacije, stereotipizacije i hibridizacije narcizma kao primarnog prikaziva\u010dkog na\u010dela takvog medijskog iskustva. <\/p>\n<p><\/em><\/p>\n<p class=\"MsoBodyText\" style=\"margin-top: 0cm; margin-right: 48.6pt; margin-bottom: .0001pt; margin-left: 54.0pt; line-height: 170%;\">&nbsp;<\/p>\n<p style=\"margin: 0cm 48.6pt 0.0001pt 54pt; line-height: 170%;\"><strong><em>Key words:<\/em><\/strong> <em>tijelo, narcizam, mediji, globalizacija, stereotipizacija, konzumerizama.<\/em><\/p>\n<p class=\"MsoNormal\" style=\"line-height: 150%;\"><span lang=\"SR\">&nbsp;<\/span><\/p>\n<p><a name=\"3inmediasres16\"><\/a><\/p>\n<p class=\"MsoNormal\" style=\"line-height: 150%;\"><span lang=\"SR\">&nbsp;<\/span><\/p>\n<hr \/>\n<table style=\"width: 755px;\" border=\"0\">\n<tbody>\n<tr>\n<td style=\"width: 215px;\" valign=\"top\"><img loading=\"lazy\" decoding=\"async\" class=\" alignleft size-full wp-image-347\" style=\"float: left;\" src=\"https:\/\/centar-fm.org\/inmediasres\/wp-content\/uploads\/sites\/2\/2020\/05\/inmediasresno1malo16.png\" alt=\"inmediasres16\" width=\"70\" height=\"103\" \/><\/p>\n<p class=\"MsoNormal\" style=\"line-height: 170%;\">\n <strong>&nbsp;9(16)#3 2020<\/strong> <\/p>\n<\/td>\n<td style=\"width: 315px;\" valign=\"top\">\n<p style=\"line-height: 170%; text-align: center;\">\n<a rel=\"license\" href=\"http:\/\/creativecommons.org\/licenses\/by-nc\/4.0\/\"><img decoding=\"async\" alt=\"Creative Commons licenca\" style=\"border-width:0\" src=\"https:\/\/i.creativecommons.org\/l\/by-nc\/4.0\/88x31.png\" \/><\/a><br \/>\u010casopis je otvorenog pristupa, a ovo djelo je dano na kori\u0161tenje pod licencom <a rel=\"license\" href=\"http:\/\/creativecommons.org\/licenses\/by-nc\/4.0\/\"><strong>Creative Commons Imenovanje-Nekomercijalno 4.0 me\u0111unarodna.<\/strong><\/a><\/p>\n<\/td>\n<td valign=\"top\">\n<p style=\"text-align: right; line-height: 150%;\" align=\"center\"><strong><br \/>\nDOI <a href=\"https:\/\/doi.org\/10.46640\/imr.9.16.3\">10.46640\/imr.9.16.3<\/a><br \/>\nUDK 004.8:2-187.3<\/p>\n<p>Pregledni \u010dlanak<\/p>\n<p>Review article<\/p>\n<p>Primljeno: 07.01.2020.<\/strong><\/p>\n<\/td>\n<\/tr>\n<\/tbody>\n<\/table>\n<p class=\"MsoNormal\" style=\"line-height: 150%;\">&nbsp;<\/p>\n<p class=\"MsoNormal\" style=\"line-height: 150%;\">&nbsp;<\/p>\n<p class=\"MsoNormal\" style=\"text-align: center; line-height: 150%;\" align=\"center\"><span style=\"font-size: 15.0pt; line-height: 150%;\"><a href=\"https:\/\/orcid.org\/0000-0001-8543-6580\">Nenad Vertov\u0161ek<\/a> i Ivana Greguric Kne\u017eevi\u0107<\/span><\/p>\n<p style=\"text-align: center; line-height: 150%;\" align=\"center\">Odjel za kroatistiku Sveu\u010dili\u0161ta u Zadru, Hrvatska<br \/>\nnenad.vertovsek@gmail.com<\/p>\n<p style=\"text-align: center; line-height: 150%;\" align=\"center\">Hrvatski studiji Sveu\u010dili\u0161ta u Zagrebu, Odsjek za filozofiju, Hrvatska<br \/>\nigreguric@hrstud.hr <\/p>\n<p style=\"text-align: center;\" align=\"center\"><strong> <span style=\"font-size: 16.0pt; line-height: 150%;\">Philosophy and Consciousness in the Future: <br \/>\nCyborgs and Artificial Intelligence waiting for Immortality<\/span><\/strong><\/p>\n<p style=\"text-align: center; line-height: 150%;\" align=\"center\"><a href=\"http:\/\/www.centar-fm.org\/inmediasres\/images\/pdf\/16\/N. Vertovsek i I. Greguric Knezevic, Philosophy and Consciousness in the Future - Cyborgs....pdf\"><strong><span style=\"color: #DC0101; font-size: 8.0pt;\"><br \/>\nPuni tekst: pdf (481 KB), English, Str. 2511 &#8211; 2522<br \/>\n<\/span><\/strong><\/a><\/p>\n<p class=\"MsoNormal\" style=\"line-height: 150%;\">&nbsp;<\/p>\n<p style=\"margin: 0cm 48.6pt 0.0001pt 54pt; line-height: 170%;\"><strong><em>Abstract<\/em><\/strong><\/p>\n<p class=\"MsoBodyText\" style=\"margin-top: 0cm; margin-right: 48.6pt; margin-bottom: .0001pt; margin-left: 54.0pt; line-height: 150%;\"><span style=\"font-size: 12.0pt; line-height: 150%; font-family: 'Times New Roman';\" lang=\"SR\">&nbsp;<\/span><\/p>\n<p class=\"MsoBodyText\" style=\"margin-top: 0cm; margin-right: 48.6pt; margin-bottom: .0001pt; margin-left: 54.0pt; line-height: 170%;\"><em>Natural sciences and technologies place artificial intelligence, robotics and cyborgs at the centre of human attention. However, virtual and augmented reality and the unthinkable possibilities of the future media and communication between individuals and social groups might be deeper and broader than we think, and evolve in forms we have not hoped for. If philosophy wants to focus on the essence of scientific-technical age, it must reflect on the very foundations of computer-operational thinking, because artificial intelligence has already started to develop its own consciousness and may, in the future, devise a strategy of development beyond man and without man. <\/em><\/p>\n<p class=\"MsoBodyText\" style=\"margin-top: 0cm; margin-right: 48.6pt; margin-bottom: .0001pt; margin-left: 54.0pt; line-height: 170%;\">&nbsp;<\/p>\n<p style=\"margin: 0cm 48.6pt 0.0001pt 54pt; line-height: 170%;\"><strong><em>Key words:<\/em><\/strong> <em> future, philosophy, cyborgs, communication, media, consciousness, artificial intelligence.<\/em><\/p>\n<p class=\"MsoBodyText\" style=\"margin-top: 0cm; margin-right: 48.6pt; margin-bottom: .0001pt; margin-left: 54.0pt; line-height: 170%;\">&nbsp;<\/p>\n<p class=\"MsoNormal\" style=\"line-height: 150%;\">&nbsp;<\/p>\n<p align=\"right\" style=\"line-height: 170%;\">The missing link between animals and the real  human being<br \/>\nis most likely ourselves<\/p>\n<p align=\"right\" style=\"line-height: 170%;\"><strong>Konrad Lorenz<\/strong><\/p>\n<p class=\"MsoNormal\" style=\"line-height: 170%;\"><strong>&nbsp;<\/strong><\/p>\n<p class=\"MsoNormal\" style=\"line-height: 170%;\">Questions such as &ldquo;when will robots acquire  consciousness?&rdquo; or &ldquo;can machines replace the human brain?&rdquo; or &ldquo;at what point  will artificial intelligence overpower human and what will happen then?&rdquo; were  once reserved mainly for science fiction and as such often outside the  \u200b\u200binterest of philosophy. SF authors such as Arthur Clarke, Isaac Asimov,  Stanis\u0142aw Lem, or Ray  Bradbury were perceived as the heralds or pioneers in discussions about the  future or even its &ldquo;contours&rdquo;. Modern discoveries and insights, especially  since the end of the past century, have confirmed some of their visionary  solutions, which is why questions about the future are now increasingly  considered in relation to the present quantity and quality of scientific-technological  development. It has become clear that the future is already here, among us, and  that it must be seen in its essence if we are to direct it towards human ends.<\/p>\n<p class=\"MsoNormal\" style=\"line-height: 170%;\">The future has been gradually accepted as an area of  \u200b\u200bnew research in which the human mind will re-examine not only its rational,  but also its ethical abilities. Michio Kaku emphasizes that predicting the  future has long been the subject of human desires and dreams, from ancient history  to the latest technologies. Regardless of these dreams from the ancient times  to the SF authors, Kaku has seen it as one of the essential features of human nature  and human civilization.<a name=\"_ftnref13\"><\/a><a href=\"#_ftn13\"><sup>[<span style=\"font-family: 'times new roman', times;\"><strong>13<\/strong><\/span>]<\/sup><\/a> For him, its key feature is to &ldquo;translate thinking into reality&rdquo; and to fight the  prejudice that it is impossible to predict more closely the world, let&rsquo;s say,  in a hundred years. Despite the obstacles, he considers thinking about the  future as an indispensable part of scientific work, and this kind of philosophy  simply needs to be fostered and developed. Therefore, it is also important to &ldquo;closely  examine the work of the leading scientists who are building prototypes of the technologies  that will change our future&#8230; The prototypes of all these technologies already  exist.&rdquo;<a name=\"_ftnref14\"><\/a><a href=\"#_ftn14\"><sup>[<span style=\"font-family: 'times new roman', times;\"><strong>14<\/strong><\/span>]<\/sup><\/a><\/p>\n<p class=\"MsoNormal\" style=\"line-height: 170%;\">When thinking about the future within the development  of science and technology, it is important to establish an &ldquo;inevitable  condition,&rdquo; namely a higher level of awareness among people, scientists and\/or  visionaries about the way in which the mind can reach assumptions about what is  to come. Kaku seems to be pessimistically concluding that predictions about the  turn of the 22nd century are nevertheless a discouraging task,  although not because of some limitation of human thought or the methods of philosophizing-about-the-future.<\/p>\n<p class=\"MsoNormal\" style=\"line-height: 170%;\">The problem is, first and foremost, in the rapid and increasing  pace of change, the sudden leaps in the development of science and technology  that are difficult to follow, especially when it comes to the humanist  understanding of the consequences of this &ldquo;ever-accelerating science,&rdquo; as well  as the uneven development of the society and human psychology. In the last few  decades alone, practically more scientific knowledge has been collected than in  all of the past, and such dynamics of scientific breakthroughs in technology  and the human understanding of these changes will surely accelerate even more by  the end of this century.<\/p>\n<p class=\"MsoNormal\" style=\"line-height: 170%;\">Any even remotely philosophical understanding of this accelerated  change, of its rhythm and dynamics, conceals a sort of absurdity. The classic  way of understanding and thinking, in which analysis and synthesis (inside and  outside) yield a specific &ldquo;category&rdquo;, a closed system that interprets something  and provides a solid basis for further thinking, has lost some of its  characteristics. Future thinking, as well as thinking (about) the future, has  become increasingly elusive when it comes to a compact definition and  constitution of long-term determinants to be used in classical observation in  terms of &ldquo;subject and object&rdquo;. I am specifically referring to the accelerating  change and especially the breadth of discoveries and insights regarding cybernetics,  virtual reality, cyborgization in the application of the most advanced technologies,  and finally what we call &ldquo;artificial intelligence,&rdquo; which we even fear in  public debates.<a name=\"_ftnref15\"><\/a><a href=\"#_ftn15\"><sup>[<span style=\"font-family: 'times new roman', times;\"><strong>15<\/strong><\/span>]<\/sup><\/a><\/p>\n<p class=\"MsoNormal\" style=\"line-height: 170%;\">A similar concern is partly voiced in public, even among  the professionals and scientists, in relation to the new issues of postmodern  reality and environment, such as cyberspace, cyberbody,<a name=\"_ftnref16\"><\/a><a href=\"#_ftn16\"><sup>[<span style=\"font-family: 'times new roman', times;\"><strong>16<\/strong><\/span>]<\/sup><\/a> and anything else that focuses on the possibilities of different forms of human  existence, i.e. the coexistence and permeation of organic and inorganic life,  all the way down to the quantum and bio-computers, or implanting various  &ldquo;gadgets&rdquo; in one&rsquo;s body, from limbs and internal organs to the brain itself.<\/p>\n<p class=\"MsoNormal\" style=\"line-height: 170%;\">Mike Featherstone and Roger Burrows have pointed out  that &ldquo;those people who lived a few decades before the Renaissance were unable  to see it coming. This belief that something completely new could be just around  the corner, that humankind still has an open future, is one which has been  challenged by postmodern theory with its attacks on the modernist metanarratives  of progress and &ldquo;the new&rdquo;.<a name=\"_ftnref17\"><\/a><a href=\"#_ftn17\"><sup>[<span style=\"font-family: 'times new roman', times;\"><strong>17<\/strong><\/span>]<\/sup><\/a> They have indicated the ambivalent feelings, prognoses, and conclusions related  to the likewise increasing postmodern pessimism based on their analysis of  everyday events around global wars, climate change, inequality, and  conservative brakes hindering the advancement of science and technology, while  at the same time there seem to surge new utopian understandings about a turning  point leading to the future and solving almost all accumulated problems, even  those that are yet to emerge.<\/p>\n<p class=\"MsoNormal\" style=\"line-height: 170%;\">A good mental exercise for questioning human  prediction skills are musings from the 1960s, which did not envision computers  in daily life 30 years later, preferring prognoses about robotic development?!<a name=\"_ftnref18\"><\/a><a href=\"#_ftn18\"><sup>[<span style=\"font-family: 'times new roman', times;\"><strong>18<\/strong><\/span>]<\/sup><\/a> Some, like Mark Poster, believed that at the turn of the millennium we would be  in some sort of a historic situation, same as at the time of the emergence of  urban trading culture in feudalism, since the end of the twentieth century brought  about unpredictable upheavals in media development, from the advent of the  Internet to the emergence of social networks.<\/p>\n<p class=\"MsoNormal\" style=\"line-height: 170%;\">Featherstone and Burrows have added something that is  crucial to our consideration of consciousness and artificial intelligence: &ldquo;It  is not just the possible reconstitutions of social life and culture which interest  us in this journal, it is the impact of these changes on the body, too. It is  here that developments of technology point towards the possibilities of post-bodied  and post-human forms of existence. If the development of technology has  entailed a process of the extension of the body and bodily functions to enable  us to control the environment more efficiently, it offers the ultimate  possibility of the displacement of the material body from the confines of its  immediate lived space.&rdquo;<a name=\"_ftnref19\"><\/a><a href=\"#_ftn19\"><sup>[<span style=\"font-family: 'times new roman', times;\"><strong>19<\/strong><\/span>]<\/sup><\/a> Questions about the new forms of human existence thus run parallel to those on  &ldquo;new consciousness&rdquo;, which would not only relate to our present human  perception, to understanding the world around us with our existing senses and  mind, but also to consciousness that would include not only the organic life we  know, but also various <em>non-human<\/em> (which  is different than <em>inhuman<\/em>) elements  of existence and being.<\/p>\n<p class=\"MsoNormal\" style=\"line-height: 170%;\">A deeper reflection on post-corporeality and  assessment of the post-human aspects that would be at the heart of a future  philosophy, and not only of the history of man and the essence of the human  species, is actually part of the future &ldquo;story&rdquo; of the coexistence and  co-operation of the known man and that which could arise from enhancing the general  and specific human traits and potentials. Also, the human mind will probably  have to come to terms with the need to master some new segments of the future  science and technology, first of all in connection with changes in the concept  of the corporeal and the real, and then also with what we mean now (and what we  will mean in the future) when we talk about &ldquo;artificial intelligence&rdquo;  (quotation marks are here because the present concepts and definitions are likely  to be insufficient, too narrow, and too imprecise for what is coming).<a name=\"_ftnref20\"><\/a><a href=\"#_ftn20\"><sup>[<span style=\"font-family: 'times new roman', times;\"><strong>20<\/strong><\/span>]<\/sup><\/a> It becomes even more difficult when we try to imagine the &ldquo;consciousness&rdquo; of  what we call AI today, and the question is what we will call it in the decades  to come, and it sounds again like SF when we take into account the possibility  that AI may have its own proper names and definitions to refer to itself!<\/p>\n<p class=\"MsoNormal\" style=\"line-height: 170%;\">Non-human issues are related not only to cyborgs as  trans-human beings, but also to robots as the post-human mechanical descendants  who are becoming increasingly significant participants in scientific and  technical realities. Tendentially, they will take over the entire physical and  mental work of man and replace biology with technology. Thus, &ldquo;we seem  determined to give human qualities to objects and content to treat each other  as things.&rdquo;<a name=\"_ftnref21\"><\/a><a href=\"#_ftn21\"><sup>[<span style=\"font-family: 'times new roman', times;\"><strong>21<\/strong><\/span>]<\/sup><\/a> Without artificial intelligence, a robot is just a mechanical machine that is  switched on and off according to certain tasks it performs in a given program.  By incorporating artificial intelligence equal to human, or super-intelligence  embedded in the future, robots will be able to pursue strategic goals of  intelligence or super-intelligence that by no means need to align with human  goals. Since cybernetic science and technology measure the entire life of a  human being against the binary code of a question of robotic consciousness and  empathy with respect to the human parents, artificial intelligence will solve  it by incorporating software that mimics the appropriate emotions and ethical  principles. Time will show whether the overall behaviour of artificial  intelligence and super-intelligence in our mechanical offspring, who will  autonomously create its own counterparts, will be analogous to human and in  coexistence with man.<\/p>\n<p class=\"MsoNormal\" style=\"line-height: 170%;\">Another direction for the application of artificial  intelligence is to create a networked virtual world that allows for a  disembodied journey through infinite space and time. Today, biological man is  in a relationship and in line with the virtual world, which is not a copy of  the human one, but a world based on its own foundation set by artificial  intelligence. With the advent of human cyborgization, the network becomes a  part of us \u2013 within us. When encountering a computer, a part of our mind seems  to become part of it \u2013 according to Turkle, it indeed becomes that \u2013 another  self, a mirror of the mind. In this encounter, where man sees himself  differently, the boundaries are blurred between the real world and the virtual  one, which man enters and exits at his will, reflecting himself in the machine  like in a mirror.<\/p>\n<p class=\"MsoNormal\" style=\"line-height: 170%;\">Thus, through computers, we are witnessing &ldquo;a shift in  how we create and experience our own identities,&rdquo;<a name=\"_ftnref22\"><\/a><a href=\"#_ftn22\"><sup>[<span style=\"font-family: 'times new roman', times;\"><strong>22<\/strong><\/span>]<\/sup><\/a> whereby &ldquo;our new devices provide space for the emergence of a new state of the self,  itself, split between the screen and the physical real, wired into existence  through technology.&rdquo;<a name=\"_ftnref23\"><\/a><a href=\"#_ftn23\"><sup>[<span style=\"font-family: 'times new roman', times;\"><strong>23<\/strong><\/span>]<\/sup><\/a> This simulation of life, immersion of the real into the self-standing virtual, prepares  our mind and biological body for a coexistence with cyber-beings, which will  lead to the submerged human being without a self, or a connection with the  biological body explaining the meaning of its existence with the help of  artificial intelligence.<\/p>\n<p class=\"MsoNormal\" style=\"line-height: 170%;\">Philosophy faces the challenge of thinking about the  relationship between identity and the physical body in reality and in virtual  reality as the human mind will adapt to new aspects of virtuality with the changes  in corporeality in a cyborgized reality, and then also to artificial  intelligence or super-intelligence, which will both reveal new dimensions of  biological reality and set up a new, cybernetic reality.<\/p>\n<p class=\"MsoNormal\" style=\"line-height: 170%;\">Philosopher David Chalmers has catalogued as many as  20,000 articles and texts on human consciousness and self-awareness, noting  that there is actually no real consensus about it. As Michio Kaku says, &ldquo;<em>Consciousness<\/em>, unfortunately, is a  buzzword that means different things to different people. Sadly, there is no universally  accepted definition of the term. I personally think that one of the problems  has been the failure to clearly define consciousness and then a failure to  quantify it. But if I were to venture a guess, I would theorize that  consciousness consists of at least three basic components:<\/p>\n<ol>\n<li><span style=\"line-height: 170%;\">sensing and  recognizing the environment<\/span><\/li>\n<li><span style=\"line-height: 170%;\">self-awareness<\/span><\/li>\n<li><span style=\"line-height: 170%;\">planning for the  future by setting goals and plans, that is, simulating the future and plotting  strategy.&rdquo;<\/span><a name=\"_ftnref24\"><\/a><a href=\"#_ftn24\"><sup>[<span style=\"font-family: 'times new roman', times;\"><strong>24<\/strong><\/span>]<\/sup><\/a><\/li>\n<\/ol>\n<p class=\"MsoNormal\" style=\"line-height: 170%;\">In this mode of measurement and the &ldquo;1 to 10&rdquo; self-awareness  scale, Kaku has identified parts of sensing and recognizing the environment even  in simple machines such as the thermostat, but this is actually all at the  bottom of the scale. He notes that the current status and possibilities of  artificial intelligence may be located somewhere at the cockroach level, while after  the probably rapid rise in the evolution of recorded intelligence and mind,  intelligent robots and cyborgs might in the future be compared to dogs, cats,  then to primates, human apes and eventually \u2013 humans\u2026<\/p>\n<p class=\"MsoNormal\" style=\"line-height: 170%;\">A noteworthy account is related to the development of  computer systems, social networks, and interrelations between human communities  in the future, with algorithmic capabilities and profiling, as well as environmental  recognition not only in biological and physical terms, but also in the  socio-psychological understanding of the human qualities of communication,  expression, and behaviour.<\/p>\n<p class=\"MsoNormal\" style=\"line-height: 170%;\">Mark Zuckerberg, the founder of Facebook, established  in mid-2017 that &ldquo;the sociopolitical upheavals of our time \u2013 from rampant drug  addiction to murderous totalitarian regimes \u2013 result to a large extent from the  disintegration of human communities\u2026 He promised that Facebook will lead the charge  to rebuild these communities and that his engineers will pick up the burden discarded  by parish priests. &lsquo;We&rsquo;re going to start rolling out some tools&rsquo;, he said, to  &lsquo;make it easier to build communities.&rsquo; He further explained that\u2026 &lsquo;We started  building artificial intelligence to do this. And it works. In the first six months,  we helped 50 per cent more people join meaningful communities.&rdquo;<a name=\"_ftnref25\"><\/a><a href=\"#_ftn25\"><sup>[<span style=\"font-family: 'times new roman', times;\"><strong>25<\/strong><\/span>]<\/sup><\/a><\/p>\n<p class=\"MsoNormal\" style=\"line-height: 170%;\">This kind of intoxication and laudations addressed at  the establishment of online systems and structures to actually continue to  encourage the growth of some kind of online existence at the expense of the  discredited offline existence is just one aspect, somewhat reshaped, of  unconditional joy and confidence in the future. According to these views, artificial  intelligence will not be &ldquo;liberated&rdquo;, but further &ldquo;exploited&rdquo; for (even very  ordinary and frivolous) human interests, the egoistic goals of particular  groups and lobbies, those who, given their technological superiority, often  consider themselves &ldquo;elected&rdquo;.<\/p>\n<p class=\"MsoNormal\" style=\"line-height: 170%;\">Thus also Harari, in his otherwise supreme trilogy, while  speculating about the present and future of humanity, and while invoking  optimistic signs of the future, nevertheless seeks to critically embrace the  &ldquo;universal&rdquo; human solution. One must be careful regardless of and even when  these involve a kind of &ldquo;selfless help&rdquo; offered to humans by AI, which will be  more intelligent and many times better than today. For, let&rsquo;s add, the dangers  and opportunities of misusing science and technology (historically  experiential) lie less in artificial intelligence and more in human  non-intelligence.<\/p>\n<p class=\"MsoNormal\" style=\"line-height: 170%;\">Another author, David Gamez, when speaking of man  facing his own quest of consciousness, where we could probably also find a  foothold for argument about the special place of mankind in history and nature,  begins with the statement: &ldquo;We cannot imagine things that cannot become  conscious. We cannot imagine an invisible physical world that has none of the properties  we encounter in our bubbles of experience. We can imagine large brains, small  brains, blue brains, green brains, brains made of cheese, and so on. But the  physical brain cannot be imagined as it is in itself, outside all bubbles of  experience.&rdquo;<a name=\"_ftnref26\"><\/a><a href=\"#_ftn26\"><sup>[<span style=\"font-family: 'times new roman', times;\"><strong>26<\/strong><\/span>]<\/sup><\/a> Gamez  warns that it is difficult and practically impossible to reach &ldquo;pure&rdquo; reality,  reality in itself, beyond the mental assumptions and categories that we create by  ourselves, even when we try to think about our own brains. Neural activity is  hard to imagine by itself, we need display and visualization systems.<\/p>\n<p class=\"MsoNormal\" style=\"line-height: 170%;\">More precisely: &ldquo;We cannot imagine the invisible  physical world. So thought experiments and imagination cannot be used to study  the relationship between invisible physical brains and conscious experiences.  They can <em>only<\/em> be used to study the  relationship between our conscious experiences of brains and other conscious  experiences. As brain-scanning technology improves we will find it easier to  make imaginative transitions between conscious experiences of brain states and  other conscious experiences.&rdquo;<a name=\"_ftnref27\"><\/a><a href=\"#_ftn27\"><sup>[<span style=\"font-family: 'times new roman', times;\"><strong>27<\/strong><\/span>]<\/sup><\/a><\/p>\n<p class=\"MsoNormal\" style=\"line-height: 170%;\">The key moment, it seems, in human reflection on  consciousness is the question of whether anyone else but a human can really \u2013 think  like a human. Although we have been exploring and finding thought activities in  animals, aspects of intelligence in certain species and\/or specimens of  chimpanzees, dolphins, and elephants, we have been reluctant to take a step further  towards artificial intelligence and &ldquo;machines&rdquo;. With some hesitation, we often  ask questions about how and to what extent AI can progress: &ldquo;To actually create  a technical model of full blown, perspectivally organized conscious experience  seems to be the ultimate technological utopian dream. It would transpose the  evolution of mind onto an entirely new level [\u2026]. It would be a historical  phase transition. [\u2026] But is this at all possible? It certainly is conceivable.  But can it happen, given the natural laws governing this universe and the  technical resources at hand?&rdquo;<a name=\"_ftnref28\"><\/a><a href=\"#_ftn28\"><sup>[<span style=\"font-family: 'times new roman', times;\"><strong>28<\/strong><\/span>]<\/sup><\/a><\/p>\n<p class=\"MsoNormal\" style=\"line-height: 170%;\">Gamez, as well as authors like Kaku, Featherstone,  Wiener, and others ask numerous questions concerning artificial intelligence,  often even &ldquo;in reverse&rdquo;, especially when talking about the so-called point of  emergency at which AI will transcend and surpass human intelligence. Most scientists  who are researching the &ldquo;point of emergence&rdquo; today disagree about the time when  this could happen and predictions range from 20 years to over a century from  now.<a name=\"_ftnref29\"><\/a><a href=\"#_ftn29\"><sup>[<span style=\"font-family: 'times new roman', times;\"><strong>29<\/strong><\/span>]<\/sup><\/a> But everyone agrees that it will most certainly happen.<\/p>\n<p class=\"MsoNormal\" style=\"line-height: 170%;\">A new or additional hypothesis to this debate is  certainly its &ldquo;twist&rdquo;, as we try not to look at the &ldquo;issue&rdquo; solely from the &ldquo;human  perspective, especially when we want to answer the question of whether machines  can think, and how to view intelligence itself from the standpoint of those or  &ldquo;the one&rdquo; who has transcended such a level of intelligence? Gamez&rsquo;s point of  view, somewhat unusual but extremely cleverly set, is &ldquo;that only a machine could  think, and indeed only very special kinds of machines, namely brains and machines  that had the same causal powers as brains. And that is the main reason strong AI  has had little to tell us about thinking, since it has nothing to tell us about  machines. By its own definition, it is about programs, and programs are not  machines. [\u2026] No one would suppose that we could produce milk and sugar by  running a computer simulation of the formal sequences in lactation and  photosynthesis, but where the mind is concerned many people are willing to  believe in such a miracle because of a deep and abiding dualism: the mind they suppose  is a matter of formal processes and is independent of quite specific material  causes in the way that milk and sugar are not.&rdquo;<a name=\"_ftnref30\"><\/a><a href=\"#_ftn30\"><sup>[<span style=\"font-family: 'times new roman', times;\"><strong>30<\/strong><\/span>]<\/sup><\/a><\/p>\n<p class=\"MsoNormal\" style=\"line-height: 170%;\">Philosopher Jos\u00e9 Luis Berm\u00fadez is not a pessimist when  it comes to the future tasks of philosophy, from interpreting the possibilities  of using the so-called non-conceptual languages \u200b\u200bto the intelligence of  machines and computers. The fact that we currently know very little and not  enough about the phenomenon of consciousness does not mean for him at all that  the development of science will not reach such levels of problem solving in which  philosophy will play a considerable role, and interpretation will not be  reduced to theoretical physics, natural sciences, and technological frameworks.  In his opinion, science and philosophy should work together to elucidate the  nature of consciousness in all its forms, and as for artificial intelligence,  that is, the development of understanding and consciousness in something  outside of man, he is also optimistic.<\/p>\n<p class=\"MsoNormal\" style=\"line-height: 170%;\">He believes that consciousness will be reproducible in  machines, computers, and robots because &ldquo;consciousness already exists in a  machine \u2013 the human body \u2013 so why not in an artificially created body? Of  course, these have to be organic machines, and we do not know how to make  organic machines for now. But I have never been inclined to easy leaps, from  not having a clue how to do something at the moment to that being impossible to  do.&rdquo;<a name=\"_ftnref31\"><\/a><a href=\"#_ftn31\"><sup>[<span style=\"font-family: 'times new roman', times;\"><strong>31<\/strong><\/span>]<\/sup><\/a><\/p>\n<p class=\"MsoNormal\" style=\"line-height: 170%;\">Another thinker sending a powerful message is Aristea  Papadimitriou, who puts thoughts of the future consciousness beyond the human  brain and mind, and the development of AI into the context of drastic changes  that will encompass all communication aspects. Contemporary and now available  philosophical and scientific outlines and predictions about the &ldquo;new&rdquo;  intelligence will have to include a discussion of the philosophical aspects of  communication and the interrelations that, until now, need not or could not have  been considered. As this philosopher and communicologist has pointed out: &ldquo;Within  the last decade AI technology exploded and only in the last two years many  advances in machine learning were made rapidly. Among the major developers and  investors in AI research which also use this technology are the social  networks. As AI is an interdisciplinary field it calls for the collaboration of  many disciplines for the creation of its theoretical framework and its ethical  code so as to stand as beneficial force for the society. As digitalization is  an integral part of our culture which has already brought many alterations in  our human condition, the introduction of intelligent machines to our life as  active members of our society is about to seal the end of an era. The most  challenging part of AI technology is that it raises again the fundamental  questions about what it means to be human and, as Aristotle would suggest,  reminds us not to lose sight of what a human being is as a whole.&rdquo;<a name=\"_ftnref32\"><\/a><a href=\"#_ftn32\"><sup>[<span style=\"font-family: 'times new roman', times;\"><strong>32<\/strong><\/span>]<\/sup><\/a><\/p>\n<p class=\"MsoNormal\" style=\"line-height: 170%;\">Questions about the meaning of human existence have  always been linked to a search for the foundation that is at the root of  everything animate and inanimate. This foundation is seen as something or  someone that \u2013 standing outside human time and space \u2013 is immortal. Experience  has shown that all that is biological is subject to entropy. Cybernetics as the  science of the general laws guiding the processes of management and  communication, and the ways of receiving and exploiting information in  organized systems \u2013 machines, living organisms, and their interrelations \u2013 has offered  a concept of deliverance from the danger of decay, not only of body and soul,  but of all biological and social wealth. As a new metaphysics, cybernetics has offered  an answer to the cause and essence of everything that exists.<\/p>\n<p class=\"MsoNormal\" style=\"line-height: 170%;\">In order to preserve life in its new foundation and  form, biology must be improved and upgraded by scientific and technical means.  Technical processes today integrate organic and inorganic nature, and man is  transformed and restructured according to the needs of the cybernetic,  scientific-technical mind. There are cybernetic beings, cyborgs, robots, and  avatars among us who are able to perform physical and intellectual tasks that  we once believed were reserved exclusively for humans. Attempts at reaching  eternity as the immortality of body and mind in the apparent reality or in the  mechanical body have the character of the super-human or non-human and lead  towards the cybernetic, post-human scientific-technical society.<\/p>\n<p class=\"MsoNormal\" style=\"line-height: 170%;\">Artificial intelligence on the level of super-intelligence  will create the preconditions for life beyond biology, which will have its own  scientific-technical logic of development. Man&rsquo;s search for the immortal and eternal,  and man&rsquo;s desire to come close to it, will end in the creation of a non-human  body and mind, outside and beyond the space-time of a possible human history.<\/p>\n<p class=\"MsoNormal\" style=\"line-height: 150%;\">&nbsp;<\/p>\n<hr align=\"left\" size=\"1\" width=\"33%\" \/>\n<div id=\"ftn13\">\n<p class=\"MsoNormal\" style=\"line-height: 150%;\"><span style=\"font-size: 8.0pt;\"><a name=\"_ftn13\"><\/a><a href=\"#_ftnref13\"><sup>[<span style=\"font-family: 'times new roman', \ntimes;\"><strong>13<\/strong><\/span>]<\/sup><\/a>&nbsp;<br \/>\nKaku refers to persons such as Jules Verne, who in his literary works \u2013 precursors  of the later SF novels \u2013 could &ldquo;see&rdquo; with great precision all the details of  the future development of technology and what it would cause. Similar were the  projects of Leonardo Da Vinci, and one of the common features of the two  visionaries was their trust in science and an extrapolation of the achievements  of their own era into what they believed \u2013 and predicted \u2013 would almost  certainly follow. It is interesting to see how one of today&rsquo;s leading scholars  emphasizes the importance of vision in both of them, the writer and the painter,  noting that, for him, they \u2013 like many other visionaries \u2013 are not just representatives  of their &ldquo;genres&rdquo;, but rare individuals who seriously, responsibly, and  consciously thought about the future.<br \/>\n<\/span><\/p>\n<\/div>\n<div id=\"ftn14\">\n<p class=\"MsoNormal\" style=\"line-height: 150%;\"><span style=\"font-size: 8.0pt;\"><a name=\"_ftn14\"><\/a><a href=\"#_ftnref14\"><sup>[<span style=\"font-family: 'times new roman', \ntimes;\"><strong>14<\/strong><\/span>]<\/sup><\/a>&nbsp;<br \/>\nMichio Kaku, <em>Physics of the Future: How  Science Will Shape Human Destiny and Our Daily Lives by the Year 2100 <\/em>(New  York and London: Doubleday, 2011), e-book, 35-36.<\/p>\n<p><\/span><\/p>\n<\/div>\n<div id=\"ftn15\">\n<p class=\"MsoNormal\" style=\"line-height: 150%;\"><span style=\"font-size: 8.0pt;\"><a name=\"_ftn15\"><\/a><a href=\"#_ftnref15\"><sup>[<span style=\"font-family: 'times new roman', \ntimes;\"><strong>15<\/strong><\/span>]<\/sup><\/a>&nbsp;<br \/>\nIt would take more space to explain how the present and future of the so-called  artificial intelligence has outgrown the original analyses dealing with  &ldquo;machines&rdquo;, &ldquo;robotics&rdquo;, and androids. In perhaps less than a decade, instead of  the aforementioned &ldquo;frame&rdquo; of the topics, scientists (as well as general  public) have focused on algorithms, cyborgs, humanoid robots that we will hardly  be able to distinguish from human beings, conversations with programs that are  already about to pass the Turing Test, and artificial intelligence that is able  to produce further AI based on its own experience. Not to mention the fact that  the gradual &ldquo;disappearance&rdquo; of the digital age (to which part of the older  population has not yet even become accustomed) is being proclaimed in favour of  an &ldquo;age of artificial intelligence.&rdquo;<\/p>\n<p><\/span><\/p>\n<\/div>\n<div id=\"ftn16\">\n<p class=\"MsoNormal\" style=\"line-height: 150%;\"><span style=\"font-size: 8.0pt;\"><a name=\"_ftn16\"><\/a><a href=\"#_ftnref16\"><sup>[<span style=\"font-family: 'times new roman', \ntimes;\"><strong>16<\/strong><\/span>]<\/sup><\/a>&nbsp;<br \/>\nFor a broader discussion, including trans-humanist premises and reflections  &ldquo;beyond&rdquo; the usual ones in the humanities, see also: Nenad Vertov\u0161ek and Ivana  Greguric-Kne\u017eevi\u0107, &ldquo;Filozofija budu\u0107ih kiberprostora i transhumanisti\u010dka  stvarnost&rdquo; [The philosophy of future cyberspaces and the trans-humanist  reality], <em>Filozofska istra\u017eivanja <\/em>149  (1\/2018), 99-116.\u00a0<br \/>\n<\/span><\/p>\n<\/div>\n<div id=\"ftn17\">\n<p class=\"MsoNormal\" style=\"line-height: 150%;\"><span style=\"font-size: 8.0pt;\"><a name=\"_ftn17\"><\/a><a href=\"#_ftnref17\"><sup>[<span style=\"font-family: 'times new roman', \ntimes;\"><strong>17<\/strong><\/span>]<\/sup><\/a>&nbsp;<br \/>\nMike Featherstone and Roger Burrows (ed.), <em>Cyberspace,  Cyberbodies, Cyberpunk: Cultures of Technological Embodiment<\/em> (London,  Thousand Oaks, and New Delhi: Sage Publications, 1995), 1.<\/p>\n<p><\/span><\/p>\n<\/div>\n<div id=\"ftn18\">\n<p class=\"MsoNormal\" style=\"line-height: 150%;\"><span style=\"font-size: 8.0pt;\"><a name=\"_ftn18\"><\/a><a href=\"#_ftnref18\"><sup>[<span style=\"font-family: 'times new roman', \ntimes;\"><strong>18<\/strong><\/span>]<\/sup><\/a>&nbsp;<br \/>\nIt is especially interesting that these two authors  foresaw from their own time (the beginning of the new millennium) that in  twenty years (which is our time) computers, information technology, and  electronic media would surely play the central role in predictions. Nevertheless,  they wondered: &ldquo;Is there still the disturbing possibility that we could have missed  something which will emerge and have crucial significance?&rdquo; Is artificial  intelligence that &ldquo;something&rdquo; and is the true arrival of AI in our worlds still  due, are we partly late in our predictions, and when will the greatest and most  powerful change happen? The questions are, of course, innumerable, one leading  to another due to so many different answers.<\/p>\n<p><\/span><\/p>\n<\/div>\n<div id=\"ftn19\">\n<p class=\"MsoNormal\" style=\"line-height: 150%;\"><span style=\"font-size: 8.0pt;\"><a name=\"_ftn19\"><\/a><a href=\"#_ftnref19\"><sup>[<span style=\"font-family: 'times new roman', \ntimes;\"><strong>19<\/strong><\/span>]<\/sup><\/a>&nbsp;<br \/>\nM. Featherstone and R. Burrows, <em>Cyberspace,  Cyberbodies, Cyberpunk,<\/em> 2.<br \/>\n<\/span><\/p>\n<\/div>\n<div id=\"ftn20\">\n<p class=\"MsoNormal\" style=\"line-height: 150%;\"><span style=\"font-size: 8.0pt;\"><a name=\"_ftn20\"><\/a><a href=\"#_ftnref20\"><sup>[<span style=\"font-family: 'times new roman', \ntimes;\"><strong>20<\/strong><\/span>]<\/sup><\/a>&nbsp;<br \/>\nEven now most humans and the human &ldquo;public&rdquo; completely imprecisely and inaccurately  speak about &ldquo;machines&rdquo; and &ldquo;robots&rdquo; largely as some kind of mechanical beings,  technologically adjusted and collapsible. This has also defined the AI  development, as it is once again believed that humanoid robots will receive  intelligent circuits. The possibilities offered by the quantum computational  future and the already mentioned compounds of biological entities and  neural-computational are less often considered, probably because they are  difficult to imagine for most.<br \/>\n<\/span><\/p>\n<\/div>\n<div id=\"ftn21\">\n<p class=\"MsoNormal\" style=\"line-height: 150%;\"><span style=\"font-size: 8.0pt;\"><a name=\"_ftn21\"><\/a><a href=\"#_ftnref21\"><sup>[<span style=\"font-family: 'times new roman', \ntimes;\"><strong>21<\/strong><\/span>]<\/sup><\/a>&nbsp;<br \/>\nSherry Turkle, <em>Alone Together: Why We  Expect More from Technology and Less from Each Other<\/em> (New York: Basic  Books, 2011), xiv.<br \/>\n<\/span><\/p>\n<\/div>\n<div id=\"ftn22\">\n<p class=\"MsoNormal\" style=\"line-height: 150%;\"><span style=\"font-size: 8.0pt;\"><a name=\"_ftn22\"><\/a><a href=\"#_ftnref22\"><sup>[<span style=\"font-family: 'times new roman', \ntimes;\"><strong>22<\/strong><\/span>]<\/sup><\/a>&nbsp;<br \/>\nS. Turkle, <em>Alone Together<\/em>, xiv.<br \/>\n<\/span><\/p>\n<\/div>\n<div id=\"ftn23\">\n<p class=\"MsoNormal\" style=\"line-height: 150%;\"><span style=\"font-size: 8.0pt;\"><a name=\"_ftn23\"><\/a><a href=\"#_ftnref23\"><sup>[<span style=\"font-family: 'times new roman', \ntimes;\"><strong>23<\/strong><\/span>]<\/sup><\/a>&nbsp;<br \/>\nIbid., 16. Cf. I. Greguric, <em>Kiberneti\u010dka bi\u0107a u  doba znanstvenog humanizma: Prolegomena za kiborgoetiku <\/em>[Cybernetic beings in the age of scientific  humanism: A prolegomena for cyborgoethics] (Zagreb: Hrvatsko filozofsko  dru\u0161tvo, Pergamena, Znanstveni centar izvrsnosti za integrativnu bioetiku,  2018), 248.<\/p>\n<p><\/span><\/p>\n<\/div>\n<div id=\"ftn24\">\n<p class=\"MsoNormal\" style=\"line-height: 150%;\"><span style=\"font-size: 8.0pt;\"><a name=\"_ftn24\"><\/a><a href=\"#_ftnref24\"><sup>[<span style=\"font-family: 'times new roman', \ntimes;\"><strong>24<\/strong><\/span>]<\/sup><\/a>&nbsp;<br \/>\nMichio Kaku, <em>Physics of the Future: How  Science Will Shape Human Destiny and Our Daily Lives by the Year 2100 <\/em>(New  York and London: Doubleday, 2011), e-book, 238.<br \/>\n<\/span><\/p>\n<\/div>\n<div id=\"ftn25\">\n<p class=\"MsoNormal\" style=\"line-height: 150%;\"><span style=\"font-size: 8.0pt;\"><a name=\"_ftn25\"><\/a><a href=\"#_ftnref25\"><sup>[<span style=\"font-family: 'times new roman', \ntimes;\"><strong>25<\/strong><\/span>]<\/sup><\/a>&nbsp;<br \/>\nYuval Noah Harari, <em>21 Lessons for the 21st Century<\/em> (London: Jonathan Cape,  2018), e-book, 176. Although Harari praises such initiatives in which artificial  intelligence is involved in building general well-being, Zuckerberg&rsquo;s  statements still need to be considered in relation to his statements that the  goal of creating Facebook was to actually enter its users&rsquo; psychological lives  and gather information and personal data. Affairs such as Cambridge Analytics,  that is, collecting and selling data on tens of millions of users, and attempts  creating so-called crypto-currencies via social networks have overshadowed the  external outpours of benevolence by Facebook&rsquo;s founder (whose popularity has,  by the way, declined with the younger generations), and the search for the  general well-being, inequality, and exploitation of not only states, but entire  regions, one should say, is not achieved, after all, by building up significant  communities (for whom, how, and what?) of this type.<\/p>\n<p><\/span><\/p>\n<\/div>\n<div id=\"ftn26\">\n<p class=\"MsoNormal\" style=\"line-height: 150%;\"><span style=\"font-size: 8.0pt;\"><a name=\"_ftn26\"><\/a><a href=\"#_ftnref26\"><sup>[<span style=\"font-family: 'times new roman', \ntimes;\"><strong>26<\/strong><\/span>]<\/sup><\/a>&nbsp;<br \/>\nDavid Gamez, <em>Human  and Machine Consciousness<\/em> (Cambridge, UK: Open Book Publishers, 2018),  unpaginated.<strong><\/strong><\/p>\n<p><\/span><\/p>\n<\/div>\n<div id=\"ftn27\">\n<p class=\"MsoNormal\" style=\"line-height: 150%;\"><span style=\"font-size: 8.0pt;\"><a name=\"_ftn27\"><\/a><a href=\"#_ftnref27\"><sup>[<span style=\"font-family: 'times new roman', \ntimes;\"><strong>27<\/strong><\/span>]<\/sup><\/a>&nbsp;<br \/>\nD. Gamez, <em>Human and Machine Consciousness<\/em>,  unpaginated.<br \/>\n<\/span><\/p>\n<\/div>\n<div id=\"ftn28\">\n<p class=\"MsoNormal\" style=\"line-height: 150%;\"><span style=\"font-size: 8.0pt;\"><a name=\"_ftn28\"><\/a><a href=\"#_ftnref28\"><sup>[<span style=\"font-family: 'times new roman', \ntimes;\"><strong>28<\/strong><\/span>]<\/sup><\/a>&nbsp;<br \/>\nIbid., unpaginated.<\/p>\n<p><\/span><\/p>\n<\/div>\n<div id=\"ftn29\">\n<p class=\"MsoNormal\" style=\"line-height: 150%;\"><span style=\"font-size: 8.0pt;\"><a name=\"_ftn29\"><\/a><a href=\"#_ftnref29\"><sup>[<span style=\"font-family: 'times new roman', \ntimes;\"><strong>29<\/strong><\/span>]<\/sup><\/a>&nbsp;<br \/>\nCf. M. Kaku, <em>Physics of the Future<\/em>.<br \/>\n<\/span><\/p>\n<\/div>\n<div id=\"ftn30\">\n<p class=\"MsoNormal\" style=\"line-height: 150%;\"><span style=\"font-size: 8.0pt;\"><a name=\"_ftn30\"><\/a><a href=\"#_ftnref30\"><sup>[<span style=\"font-family: 'times new roman', \ntimes;\"><strong>30<\/strong><\/span>]<\/sup><\/a>&nbsp;<br \/>\nD. Gamez, <em>Human and Machine Consciousness<\/em>,  unpaginated.<\/p>\n<p><\/span><\/p>\n<\/div>\n<div id=\"ftn31\">\n<p class=\"MsoNormal\" style=\"line-height: 150%;\"><span style=\"font-size: 8.0pt;\"><a name=\"_ftn31\"><\/a><a href=\"#_ftnref31\"><sup>[<span style=\"font-family: 'times new roman', \ntimes;\"><strong>31<\/strong><\/span>]<\/sup><\/a>&nbsp;<br \/>\n<a href=\"https:\/\/www.index.hr\/vijesti\/clanak\/svjetski-filozof-za-index-slobodno-me-citirajte-roboti-ce-imati-svijest\/2025515.aspx\">https:\/\/www.index.hr\/vijesti\/clanak\/svjetski-filozof-za-index-slobodno-me-citirajte-roboti-ce-imati-svijest\/2025515.aspx<\/a> (last accessed on December 8, 2019).<\/p>\n<p><\/span><\/p>\n<\/div>\n<div id=\"ftn32\">\n<p class=\"MsoNormal\" style=\"line-height: 150%;\"><span style=\"font-size: 8.0pt;\"><a name=\"_ftn32\"><\/a><a href=\"#_ftnref32\"><sup>[<span style=\"font-family: 'times new roman', \ntimes;\"><strong>32<\/strong><\/span>]<\/sup><\/a>&nbsp;<br \/>\nAristea Papadimitriou, <em>The Future of Communication: Artificial  Intelligence and Social Networks<\/em> (MA thesis, Malm\u00f6 University, Media &amp;  Communication Studies, 2016), 45.<\/p>\n<p><\/span><\/p>\n<\/div>\n<p class=\"MsoNormal\" style=\"line-height: 150%;\">&nbsp;<\/p>\n<p class=\"MsoNormal\" style=\"line-height: 170%;\"><strong>Bibliography<\/strong>:<\/p>\n<p class=\"MsoNormal\" style=\"line-height: 170%;\">Featherstone, Mike and Roger Burrows (ed.). <em>Cyberspace, Cyberbodies, Cyberpunk: Cultures  of Technological Embodiment<\/em>. London, Thousand Oaks, and New Delhi: Sage  Publications, 1995.<\/p>\n<p class=\"MsoNormal\" style=\"line-height: 170%;\">Gamez, David. <em>Human  and Machine Consciousness<\/em>. Cambridge, UK: Open Book Publishers, 2018.<\/p>\n<p class=\"MsoNormal\" style=\"line-height: 170%;\">Greguric, Ivana<em>. Kiberneti\u010dka bi\u0107a u doba  znanstvenog humanizma: Prolegomena za kiborgoetiku <\/em>[Cybernetic beings in the age of scientific humanism: A prolegomena for  cyborgoethics]. Zagreb: Hrvatsko filozofsko dru\u0161tvo, Pergamena,  Znanstveni centar izvrsnosti za integrativnu bioetiku, 2018.<\/p>\n<p class=\"MsoNormal\" style=\"line-height: 170%;\">Harari, Yuval Noah. <em>Homo Deus: A Brief History of Tomorrow<\/em>. Oxford: Signal Books, 2016.<strong><\/strong><\/p>\n<p class=\"MsoNormal\" style=\"line-height: 170%;\">Harari, Yuval Noah. <em>21 Lessons for the 21st Century<\/em>. London: Jonathan Cape,  2018.<strong><\/strong><\/p>\n<p class=\"MsoNormal\" style=\"line-height: 170%;\">Kaku, Michio. <em>Physics  of the Future: How Science Will Shape Human Destiny and Our Daily Lives by the  Year 2100. <\/em>New York and London: Doubleday, 2011.<strong><\/strong><\/p>\n<p class=\"MsoNormal\" style=\"line-height: 170%;\">Papadimitriou, Aristea. <em>The Future of Communication<\/em>. MA Thesis, Malm\u00f6 University, Media  &amp; Communication Studies, 2016.<\/p>\n<p class=\"MsoNormal\" style=\"line-height: 170%;\">Turkle, Sherry. <em>Alone Together: Why We Expect More  from Technology and Less from Each Other.<\/em> New York: Basic Books, 2011. <\/p>\n<p class=\"MsoNormal\" style=\"line-height: 150%;\">&nbsp;<\/p>\n<p style=\"text-align: center;\" align=\"center\"><strong> <span style=\"font-size: 13.0pt; line-height: 150%;\">Filozofija i svjesnost u budu\u0107nosti \u2013<\/p>\n<p>kiborzi i umjetna inteligencija u<br \/>\ni\u0161\u010dekivanju besmrtnosti<\/span><\/strong><\/p>\n<p class=\"MsoNormal\" style=\"line-height: 150%;\">&nbsp;<\/p>\n<p style=\"margin: 0cm 48.6pt 0.0001pt 54pt; line-height: 170%;\"><em><strong>Sa\u017eetak<\/strong><\/em><\/p>\n<p class=\"MsoBodyText\" style=\"margin-top: 0cm; margin-right: 48.6pt; margin-bottom: .0001pt; margin-left: 54.0pt; line-height: 150%;\"><span style=\"font-size: 12.0pt; line-height: 150%; font-family: 'Times New Roman';\" lang=\"SR\">&nbsp;<\/span><\/p>\n<p class=\"MsoBodyText\" style=\"margin-top: 0cm; margin-right: 48.6pt; margin-bottom: .0001pt; margin-left: 54.0pt; line-height: 170%;\"><em>Prirodne znanosti i tehnologije stavljaju u sredi\u0161te ljudske pozornosti umjetnu inteligenciju, robotiku i kiborge. Me\u0111utim, virtualna i pro\u0161irena stvarnost te nezamislive mogu\u0107nosti budu\u0107ih medija i komunikacija izme\u0111u pojedinaca i dru\u0161tvenih skupina mogle bi biti dublje i \u0161ire nego \u0161to mislimo i razvijati se u oblicima kojima se jo\u0161 ne nadamo. Ako se filozofija \u017eeli orjentirati u biti znanstveno \u2013 tehni\u010dkog doba, ona mora misliti same temelje ra\u010dunalno \u2013 operativnog mi\u0161ljenja jer umjetna inteligencija ve\u0107 danas razvija vlastitu svjesnost a u budu\u0107nosti i strategiju razvoja mimo \u010dovjeka i bez \u010dovjeka. <\/em><\/p>\n<p class=\"MsoBodyText\" style=\"margin-top: 0cm; margin-right: 48.6pt; margin-bottom: .0001pt; margin-left: 54.0pt; line-height: 170%;\">&nbsp;<\/p>\n<p style=\"margin: 0cm 48.6pt 0.0001pt 54pt; line-height: 170%;\"><strong><em>Key words:<\/em><\/strong> <em>budu\u0107nost, filozofija, kiborzi, komunikacija, mediji, svjesnost, umjetna inteligencija.<\/em><\/p>\n<p class=\"MsoNormal\" style=\"line-height: 150%;\"><span lang=\"SR\">&nbsp;<\/span><\/p>\n<p><a name=\"4inmediasres16\"><\/a><\/p>\n<p class=\"MsoNormal\" style=\"line-height: 150%;\"><span lang=\"SR\">&nbsp;<\/span><\/p>\n<hr \/>\n<table style=\"width: 755px;\" border=\"0\">\n<tbody>\n<tr>\n<td style=\"width: 215px;\" valign=\"top\"><img loading=\"lazy\" decoding=\"async\" class=\" alignleft size-full wp-image-347\" style=\"float: left;\" src=\"https:\/\/centar-fm.org\/inmediasres\/wp-content\/uploads\/sites\/2\/2020\/05\/inmediasresno1malo16.png\" alt=\"inmediasres16\" width=\"70\" height=\"103\" \/><\/p>\n<p class=\"MsoNormal\" style=\"line-height: 170%;\">\n <strong>&nbsp;9(16)#4 2020<\/strong> <\/p>\n<\/td>\n<td style=\"width: 315px;\" valign=\"top\">\n<p style=\"line-height: 170%; text-align: center;\">\n<a rel=\"license\" href=\"http:\/\/creativecommons.org\/licenses\/by-nc\/4.0\/\"><img decoding=\"async\" alt=\"Creative Commons licenca\" style=\"border-width:0\" src=\"https:\/\/i.creativecommons.org\/l\/by-nc\/4.0\/88x31.png\" \/><\/a><br \/>\u010casopis je otvorenog pristupa, a ovo djelo je dano na kori\u0161tenje pod licencom <a rel=\"license\" href=\"http:\/\/creativecommons.org\/licenses\/by-nc\/4.0\/\"><strong>Creative Commons Imenovanje-Nekomercijalno 4.0 me\u0111unarodna.<\/strong><\/a><\/p>\n<\/td>\n<td valign=\"top\">\n<p style=\"text-align: right; line-height: 150%;\" align=\"center\"><strong><br \/>\nDOI <a href=\"https:\/\/doi.org\/10.46640\/imr.9.16.4\">10.46640\/imr.9.16.4<\/a><br \/>\nUDK 159.955:539.12-16<\/p>\n<p>Pregledni \u010dlanak<\/p>\n<p>Review article<\/p>\n<p>Primljeno: 07.01.2020.<\/strong><\/p>\n<\/td>\n<\/tr>\n<\/tbody>\n<\/table>\n<p class=\"MsoNormal\" style=\"line-height: 150%;\">&nbsp;<\/p>\n<p class=\"MsoNormal\" style=\"line-height: 150%;\">&nbsp;<\/p>\n<p class=\"MsoNormal\" style=\"text-align: center; line-height: 150%;\" align=\"center\"><span style=\"font-size: 15.0pt; line-height: 150%;\"><a href=\"https:\/\/orcid.org\/0000-0002-6915-5882\">Fahira Fejzi\u0107-\u010cengi\u0107<\/a><\/span><\/p>\n<p style=\"text-align: center; line-height: 150%;\" align=\"center\">Fakultet politi\u010dkih nauka, Sveu\u010dili\u0161te u Sarajevu, Bosna i Hercegovina<br \/>\nfahira.fejzic.cengic@gmail.com<\/p>\n<p style=\"text-align: center;\" align=\"center\"><strong> <span style=\"font-size: 16.0pt; line-height: 150%;\">Can Intracommunicology Assist the Philosophy of the Media?<\/span><\/strong><\/p>\n<p style=\"text-align: center; line-height: 150%;\" align=\"center\"><a href=\"http:\/\/www.centar-fm.org\/inmediasres\/images\/pdf\/16\/F. Fejzic-Cengic, Can Intracommunicology Assist the Philosophy of the Media.pdf\"><strong><span style=\"color: #DC0101; font-size: 8.0pt;\"><br \/>\nPuni tekst: pdf (457 KB), English, Str. 2523 &#8211; 2532<br \/>\n<\/span><\/strong><\/a><\/p>\n<p class=\"MsoNormal\" style=\"line-height: 150%;\">&nbsp;<\/p>\n<p style=\"margin: 0cm 48.6pt 0.0001pt 54pt; line-height: 170%;\"><strong><em>Abstract<\/em><\/strong><\/p>\n<p class=\"MsoBodyText\" style=\"margin-top: 0cm; margin-right: 48.6pt; margin-bottom: .0001pt; margin-left: 54.0pt; line-height: 150%;\"><span style=\"font-size: 12.0pt; line-height: 150%; font-family: 'Times New Roman';\" lang=\"SR\">&nbsp;<\/span><\/p>\n<p class=\"MsoBodyText\" style=\"margin-top: 0cm; margin-right: 48.6pt; margin-bottom: .0001pt; margin-left: 54.0pt; line-height: 170%;\"><em>In 2014, the famous researcher and Nobel laureate Bruce Lipton proved that human thoughts, not just thinking, are energy, they are real and have power. \u201c\u2018Do not doubt that you command your body and mind&#8230; If thoughts are weak and life is like that. Our thoughts are energy and have the power to create.\u201d These can be simple connections, analogies, combinations, or mature, coherent conclusions. Then, at higher mental levels, human thinking often gives birth to very significant, occasionally even ingenious and grandiose thoughts, which in turn become bearers of new energies, social inventions, practices, and interpersonal relations that were previously unimaginable. Human thoughts are power. <\/em><\/p>\n<p class=\"MsoBodyText\" style=\"margin-top: 0cm; margin-right: 48.6pt; margin-bottom: .0001pt; margin-left: 54.0pt; line-height: 170%;\">&nbsp;<\/p>\n<p style=\"margin: 0cm 48.6pt 0.0001pt 54pt; line-height: 170%;\"><strong><em>Key words:<\/em><\/strong> <em>intracommunicology, new personal perception, breathing, good, evil, placebo, nocebo.<br \/>\n<\/em><\/p>\n<p class=\"MsoBodyText\" style=\"margin-top: 0cm; margin-right: 48.6pt; margin-bottom: .0001pt; margin-left: 54.0pt; line-height: 170%;\">&nbsp;<\/p>\n<p class=\"MsoNormal\" style=\"line-height: 150%;\">&nbsp;<\/p>\n<p style=\"margin-left: 95pt; line-height: 170%;\">A small boy accompanied his father to work in the valley. While the father was working, his little son got bored and exclaims: What do you want? \u2013 The echo replied: What do you want? The boy shouted: Get away from me! &#8230; The echo replied: Get away from me! The boy became quite frightened and ran to his father complaining. The father, realizing the opportunity to educate, exclaimed: How are you? The echo replied: How are you? The father: I am fine! The echo: I am fine! The father: I love you! The echo: I love you! Each time the echo returned goodness with goodness. The boy received a great message! And the father, as a true communicologist, philosopher, and educator, obtained the boy&rsquo;s trust and continued to work\u2026 The child received a wonderful lesson: Whatever you lose, it will come back to you, like the echo!<\/p>\n<p class=\"MsoNormal\" style=\"line-height: 170%;\">A while ago, when I was only 18 and attended Prof Dr Bora Gojkovi\u0107&rsquo;s &ldquo;Introduction to Philosophy&rdquo;, I was fascinated by the way he spoke about Ren\u00e9 Descartes, especially his now certainly outdated, yet still epochal maxim \u2013 Cogito ergo sum!<a name=\"_ftnref33\"><\/a><a href=\"#_ftn33\"><sup>[<span style=\"font-family: 'times new roman', times;\"><strong>33<\/strong><\/span>]<\/sup><\/a> And I read Descartes, intoxicated with the conceptual transparency with which he asked questions, what is there when there is nothing, when everything is purified and I emerge as a questioning being, and when I abstract everything, I see that there is me and my thinking? My cogito. Res cogitans, and res extensis as a dichotomy, duality.<\/p>\n<p class=\"MsoNormal\" style=\"line-height: 170%;\">This incomplete logic marked my mindset for at least 20 years. Although I constantly felt some sort of vagueness, I did not dare say it. That year when I did, I got pollen allergy in spring. And I realized how important breathing was, and that it came before thinking.<a name=\"_ftnref34\"><\/a><a href=\"#_ftn34\"><sup>[<span style=\"font-family: 'times new roman', times;\"><strong>34<\/strong><\/span>]<\/sup><\/a> I breathe, therefore I am, I transformed the instantly wounded Descartes into my own version. It was as if that had been bothering me all those years of wandering, one-sided, and often fruitless reflections.<\/p>\n<p class=\"MsoNormal\" style=\"line-height: 170%;\">&nbsp;<\/p>\n<p class=\"MsoNormal\" style=\"line-height: 170%;\"><strong><em>Intracommunicology<\/em><\/strong><\/p>\n<p class=\"MsoNormal\" style=\"line-height: 170%;\">Why do we underestimate our breathing? Why do we take it for granted? Why don&rsquo;t we engage with it? From then on, I started my little adventure searching for the authors who thought and wrote about breathing. Disappointed that they were practically none. Was it possible that they never found themselves unable to breathe, that they did not spend nights awake, that they never realized the essence of the rhythm inhale-exhale, inhale-exhale! Which never stops?!<\/p>\n<p class=\"MsoNormal\" style=\"line-height: 170%;\">Because when that rhythm stops, one dies. A single breath in or breath out that misses us, and nothing is the same. Is it possible that the whole culture, the whole civilization has no idea of \u200b\u200bthe essential quality of this inhale-exhale rhythm, of the beats of our human pulse, our internal clock, which is our heart, after all? Just like the heartbeat, everything pulsates within us&#8230; And finally, the real question is \u2013 where do we get our breath from? What is breath? Who gave it to us? Gave, for sure, as he enlivened, materialized, and then concealed this enormous gift into such tiny rhythms that most people never become aware of this rhythm although we live by it \u2026 How important breath is! How lovingly I am exploring it!<\/p>\n<p class=\"MsoNormal\" style=\"line-height: 170%;\">How happy I was that someone was interested in me\u2026 most people around me considered me unserious\u2026 I found my return long present in my home, my homeland, my Bosnia, and everything came back to me \u2013 the tekke as an academy, the Sufis as lonesome sages who take care of breaths, the Naqshbandi as perfect rhythmists of the breath, the Mevlevi as poets of breathing and circling \u2013 they had been there since my childhood days, but the closest things usually slip out of our sight. Their insights, knowledge, experience, and techniques could certainly be invoked and brought closer to us within the framework of <em>intracommunicology<\/em>, which is internal personal communication. A new skill of preserving the self, the I, the interior where the unit of communication measure is inhalation and exhalation. I have realized this as a communicologist, because the field of rhythm, vibration, pulse, and breaths, the field of the psyche and the soul, the mind, the invisible, and the clearly evident are crucial as the type and subtypes communication skills.<\/p>\n<p class=\"MsoNormal\" style=\"line-height: 170%;\">Luckily there are diseases! Luckily there is pain!<a name=\"_ftnref35\"><\/a><a href=\"#_ftn35\"><sup>[<span style=\"font-family: 'times new roman', times;\"><strong>35<\/strong><\/span>]<\/sup><\/a><\/p>\n<p class=\"MsoNormal\" style=\"line-height: 170%;\">&nbsp;<\/p>\n<p class=\"MsoNormal\" style=\"line-height: 170%;\"><strong><em>Manipulation as perverted discourse \u2013 <\/em><\/strong><strong><em>no man who thinks ill will hear the truth<\/em><\/strong><strong><em>!<\/em><\/strong><\/p>\n<p class=\"MsoNormal\" style=\"line-height: 170%;\">Usually when we come across such an unusual definition or statement, we pause for a moment, since we need detachment as thinking beings in order to absorb and structure this kind of cognition. Because if human thoughts are power,<a name=\"_ftnref36\"><\/a><a href=\"#_ftn36\"><sup>[<span style=\"font-family: 'times new roman', times;\"><strong>36<\/strong><\/span>]<\/sup><\/a> then they have power, and if they matter as they are, in terms of their quantity but above all quality, then it is by all means important to keep one&rsquo;s search thread on the potentially good and bad thoughts, on <em>evil thoughts<\/em> or negative thoughts that have obviously long flooded the contemporary thinking environment. Circling deeply in the high spheres around Planet Earth. On Earth especially. Because there is no vanishing in cosmic dimensions, substances only change form and are transformed from matter to energy and from energy to matter, from one frequency band to another, awaiting the outcome \u2013 a day will come and the world will reverse. Whether and to what extent the evil thoughts are present as a potentially evil or inadequate power, the devastating power and tendency that we simply feel from each individual environment. If powerful thoughts exist, and we have already established that they do, what is the relationship between positive thoughts and negative thoughts, and is the world of authoritarianism, the world of upcoming cataclysmic outlines and the state of pre-totalitarian if not totalitarian setting precisely what makes out our modern civilization and our <em>human cultural aura<\/em> that we radiate from ourselves, as we (also) immerse ourselves into our lives as <em>evil-thinking<\/em> beings?<\/p>\n<p class=\"MsoNormal\" style=\"line-height: 170%;\">There is a likelihood that some alien villain with immeasurable powers, the burner of all that is human as true and good, as moral and honourable, is perpetually intruding and setting up a slip, a fall into the <em>agon<\/em><a name=\"_ftnref37\"><\/a><a href=\"#_ftn37\"><sup>[<span style=\"font-family: 'times new roman', times;\"><strong>37<\/strong><\/span>]<\/sup><\/a> for the human race, a fall into evil and wallowing in it for a long, long time. Until some other forces have magnified the earthly mire and the human race indeed slips again into the great, global fiery vortex, which we fear almost every day as we listen to the international or local news on conflicts, which in every way point to the totalitarian regimes of the past, ready to be restored in our time. And even these bad messages, these ugly news and false information are already part of this overall <em>evil axis<\/em>. The great hidden magus of evil and mischief, the <em>evil-thinking tutor<\/em> and <em>inquisitor<\/em>, is lurking for human minds, brains, and rational predispositions, attracting and seducing them in order to attack the good, first little by little, and then suddenly in a far broader and comprehensive, almost systematic way, and destroy the virtue and nobility of the human being, so important and so rare today. The inquisitor&rsquo;s great power lies in his manipulation, his perverted view of the reality, his perverted discourse against the fundamental values \u200b\u200bof the world \u2013 from the right to life, the right to liberty, the right to truth, to the right to personal choice, the right to virtue, the right to dignity. This villain has been variously called: Iblis, Devil, Satan, Dajjal, Lucifer&#8230; the general sponsor of ugly, negative thoughts, intentions, and ideas&#8230; &ldquo;No man who thinks ill will hear the truth, despite a hundred signs.&rdquo;<a name=\"_ftnref38\"><\/a><a href=\"#_ftn38\"><sup>[<span style=\"font-family: 'times new roman', times;\"><strong>38<\/strong><\/span>]<\/sup><\/a> And for him, so powerful and hidden, in a privileged situation and position, there is only one goal \u2013 <em>to trick, to hoax, to deceive<\/em> individuals and the human race in its fine walk toward the light at the top of the promised mountain. As he wants to deceive, his strength and energy and his other powers \u2013 whether material or spiritual, real or imaginary, use <em>manipulative interventions<\/em>, methods that trick, <em>distort<\/em>, and turn the real and true into something perverted, corrupt, and warped. It is a long struggle, long effort, and the use of all knowledge and methods that are unrivalled in the world of good and virtue, which means that his use of the average human mind and reason is very effective and special. The paths by which he has achieved his triumphs and which he still pursues are really interesting.<a name=\"_ftnref39\"><\/a><a href=\"#_ftn39\"><sup>[<span style=\"font-family: 'times new roman', times;\"><strong>39<\/strong><\/span>]<\/sup><\/a><\/p>\n<p class=\"MsoNormal\" style=\"line-height: 170%;\">And there is no space on Earth where he has not sown the <em>seeds of evil<\/em>, the seeds of his delusions, and the seeds of his warped ideas and practices. With the passage of time, the amount of his intrigues has indeed increased, advanced, and grown so that his empire is today almost prevalent, or so it seems. Namely, in the endless practices of the world and the most diverse combinations of human lives, human values, \u200b\u200band systems of organization, it is difficult to accurately delineate or describe all the fields that this conqueror wanders about, if we understand him as an individual. If we extend his ranges of action to the collective sphere, to totality and magnitude, multiplicity, we will see that the trace of his group and collective activity is likewise impressive. There are no systems or subsystems, no organization or association, no state or para-state in which his power of evil thoughts has not left a mark or come to life. <em>From the mass media, PR corporations, through numerous think tanks, corrupt intellectuals, regional and global organizations, to the governments, oligopolies, and corporations, countless nongovernmental organizations and associations whose common goal is to break and crush the human mind, to tear human thought apart beyond recognition.<\/em><\/p>\n<p class=\"MsoNormal\" style=\"line-height: 170%;\">It is very difficult to see, hear, feel, touch, see, sense, perceive, and conclude all this&#8230; because it is complex, multifarious, multiplied&#8230; But if we keep in mind the finer interpersonal details of existence, interpersonal relations interspersed with good and evil, then it is easier to see how much and what kind of evil thinking and evil doing is possible. Our aim is to discover his path, to uncover and expose him, and then offer an idea of how we must begin to purge ourselves of evil thoughts, since only the purified and <em>spiritualized individuals of the modern world<\/em> can create a new, purer world of good people with good intentions.<\/p>\n<p class=\"MsoNormal\" style=\"line-height: 170%;\">But let us consider these things one by one. Even the first created man in his ideal conditions of life in Paradise or Jannah was attacked by evil, controversial thoughts, and manipulated into wrongdoing, led to an offence that resulted in the drama of new, displaced existence and the drama of temptation. It is in this drama that each of us individually \u2013 as a paradigm \u2013 lives almost all our lives. That is why it is very important to understand, realize, and accept this mission of humanity. And to act on the principles of good. The trap is deep. <em>No man who thinks ill will hear the truth, despite a hundred signs<\/em>. Today, everyone is more or less like that. They think ill and because of this evil thinking do not see the truth. The truth signs, hints of truth, emanations and explications of truth are all around them, but this blindness has caused them not to see, hear, or realize that they are trapped by innumerable evil thoughts. And <em>evil thoughts are also power<\/em>. As we said at the beginning. Power indeed.<\/p>\n<p class=\"MsoNormal\" style=\"line-height: 170%;\"><strong><em>&nbsp;<\/em><\/strong><\/p>\n<p class=\"MsoNormal\" style=\"line-height: 170%;\"><strong><em>Active listening. Active interpretation. Active intracommunicology<\/em><\/strong><\/p>\n<p class=\"MsoNormal\" style=\"line-height: 170%;\">How to cleanse yourself from evil thoughts? All sorts of evil thoughts? It is necessary to purge, to purify yourself, be constantly aware of yourself and reflect on how to listen to the messages. As <em>active listening is becoming less common<\/em>, it is completely absent from human society. Do we know how to listen actively and carefully? <em>Good listening<\/em> is a good part of life and a good part of success. Yet something sneaks into our realities, something that prevents us from hearing the truth. Because of bad thoughts. We are constantly in bad thoughts. Man has lost more of himself in bad thoughts than he has been with himself or with those around him, evil thoughts trap the person so that he or she cannot identify the problem. People think badly. Birds of evil thoughts are constantly in our heads. Ugly thoughts, the inquisitor whispers to us, and packs them up nicely, but when that bird nests within us, then we have a big problem. We cannot hear the truth. The truth may swarm around us, but we don&rsquo;t hear it. We don&rsquo;t see it. This is a great problem for our modern civilization.<\/p>\n<p class=\"MsoNormal\" style=\"line-height: 170%;\">Bad thoughts are real attacks on man.<a name=\"_ftnref40\"><\/a><a href=\"#_ftn40\"><sup>[<span style=\"font-family: 'times new roman', times;\"><strong>40<\/strong><\/span>]<\/sup><\/a> They need to be combated. Once we have a purified individual, we will also have pure communities and pure societies in the broadest sense of the word. It is a sure way to cleanse the soiled modern civilization. That is why it is a difficult process. Because it is nothing external. It is a difficult path of <em>self-inquiry, of internal purification<\/em>. Only a man alone with himself when he thinks about himself, when he is self-critical, can know what he is and how much he has purified himself. Because no one knows anyone else internally, only we know ourselves. That is why self-purification, self-introspection, some sort of <em>intracommunicology<\/em> with ourselves is very important and very absent in modern times. What ugly thoughts have I had today? What ugly things have I done? What intrigues have I planned? Have I planned to do evil to others, or\u2026 have I been angry? How jealous was I? How envious? How many ugly thoughts have I devised each day? Each night? Why do people have so much need to denigrate others, to belittle others? To underestimate others? To accuse others of evil? That is something we know only of ourselves. And it is with ourselves that we must deal in order to morally purify and morally repair ourselves. And that is one of the most difficult self-scrutinizing tasks of any human being.<\/p>\n<p class=\"MsoNormal\" style=\"line-height: 170%;\">Oh, what a hard road. What a <em>burning method<\/em> that is. For one must burn all one&rsquo;s evils, intrigues, lies, self-deceptions, manoeuvres, denials, all one&rsquo;s hatred, envy, arrogance, self-aggrandizement, anger?&#8230; What a hard road. So demanding and so long. If we all examined ourselves for at least half an hour before going to sleep each day, or upon waking early, we would be more cleansed already. From evil and manipulation. Then everyone could feel all the beauty of the world, all the truth that screams all around us to self-(know) it. Oh what a good time it would be. And what beautiful achievement of the human race.<\/p>\n<p class=\"MsoNormal\" style=\"line-height: 170%;\">In the past, the old sages used to question themselves this way, to call themselves to account, or even wrote it down on paper, in their personal defter, their personal notebook and diaries, all the ugly thoughts they had, evil thoughts, ugly words. These diaries and records made them happier, better, and purer. And it brought peace and tranquillity among such noble individuals, and they repaired many around them. True sages, saints, and teachers of men.<a name=\"_ftnref41\"><\/a><a href=\"#_ftn41\"><sup>[<span style=\"font-family: 'times new roman', times;\"><strong>41<\/strong><\/span>]<\/sup><\/a> The famous Russian philosopher Berdyaev wrote in his treatise on the <em>Philosophy of the Free Spirit<\/em> that &ldquo;the Gnostics emphasized the difference between spirit and soul&#8230; Life is revealed only by life itself. <em>The knowledge of life is life itself<\/em>&#8230; In the life of the spirit and in the knowledge of the spirit there is nothing external \/ <em>everything is within<\/em>, everything is deep. Everything that happens in the spiritual world <em>happens to me<\/em>. Spiritual life is the most realistic life.&rdquo;<a name=\"_ftnref42\"><\/a><a href=\"#_ftn42\"><sup>[<span style=\"font-family: 'times new roman', times;\"><strong>42<\/strong><\/span>]<\/sup><\/a> Again, before external communicology we need an internal one, intracommunicology.<\/p>\n<p class=\"MsoNormal\" style=\"line-height: 170%;\">Where are such people today? Can many become like that? Can they be repaired? How to move towards this goal?<a name=\"_ftnref43\"><\/a><a href=\"#_ftn43\"><sup>[<span style=\"font-family: 'times new roman', times;\"><strong>43<\/strong><\/span>]<\/sup><\/a><\/p>\n<p class=\"MsoNormal\" style=\"line-height: 170%;\">It is in relation to such thoughts that the great scientist Nikola Tesla,<a name=\"_ftnref44\"><\/a><a href=\"#_ftn44\"><sup>[<span style=\"font-family: 'times new roman', times;\"><strong>44<\/strong><\/span>]<\/sup><\/a> who practiced many of these things, always comes to my mind. And he described it in some of his diaries and interviews.<\/p>\n<p class=\"MsoNormal\" style=\"line-height: 170%;\">The road is long and slow, but is pure gold. <em>To purify your mind<\/em>, your reason, and your heart from all anger, passion, and evil thoughts. Then <em>bring good thoughts into your mind<\/em>, reason, and heart. Such highly spiritualized and self-purified individuals will be able to triumph over the misery of modern reality that is full of evil thoughts. Their era is coming, and although not yet in sight, it must come one day, I have no doubt about it.<a name=\"_ftnref45\"><\/a><a href=\"#_ftn45\"><sup>[<span style=\"font-family: 'times new roman', times;\"><strong>45<\/strong><\/span>]<\/sup><\/a> A day will come and the world will reverse. Otherwise the world and awareness would be aimless. First in the excess of evil and then in the excess of good&#8230; because most people do not recognize the trap.<\/p>\n<p class=\"MsoNormal\" style=\"line-height: 170%;\">No, it is not our goal as humans and the only conscious beings on Planet Earth to act as the Millenarians, who also advocate personal transformation, but as the French sociologist Michelle Lacroix states in his book <em>New Age: The Ideology of the New Times<\/em>, to acquire <em>universal<\/em> <em>power<\/em> that enables <em>unlimited governance<\/em> and knowledge,<a name=\"_ftnref46\"><\/a><a href=\"#_ftn46\"><sup>[<span style=\"font-family: 'times new roman', times;\"><strong>46<\/strong><\/span>]<\/sup><\/a> because as Lacroix observes with dismay, &ldquo;The new times as New Age does not allow the existence of different thoughts from its own and is irresistibly reminiscent of and striving for a <em>totalizing concept of the world<\/em>.&rdquo;<a name=\"_ftnref47\"><\/a><a href=\"#_ftn47\"><sup>[<span style=\"font-family: 'times new roman', times;\"><strong>47<\/strong><\/span>]<\/sup><\/a> According to the New Age ideology, the Earth as a planet inhabited by intelligent beings becomes Gea upon entering the Age of Aquarius in cosmic proportions, and &ldquo;can be transformed by communication and information techniques into one huge thinking mantle, the global brain&rdquo;&#8230; Gea&rsquo;s new cerebral cortex as the culmination of the end of evolution. According to this ideology, it has a central nerve system where every human being becomes a single neuron that is realized through a smartphone, a smart chip, or artificial intelligence, as Lacroix writes. &ldquo;The planet covered by a cable network is a brain-like organ that Gea needs.&rdquo;<a name=\"_ftnref48\"><\/a><a href=\"#_ftn48\"><sup>[<span style=\"font-family: 'times new roman', times;\"><strong>48<\/strong><\/span>]<\/sup><\/a> And this is so far <em>the biggest trap of the inquisitor of evil thoughts<\/em> and evil intentions. The trap is set!<\/p>\n<p class=\"MsoNormal\" style=\"line-height: 170%;\">The human race does not lack unlimited governance or totalitarianism; the human race lacks an unlimited moral renaissance that begins inside every person.<\/p>\n<p class=\"MsoNormal\" style=\"line-height: 150%;\">&nbsp;<\/p>\n<hr align=\"left\" size=\"1\" width=\"33%\" \/>\n<div id=\"ftn33\">\n<p class=\"MsoNormal\" style=\"line-height: 150%;\"><span style=\"font-size: 8.0pt;\"><a name=\"_ftn33\"><\/a><a href=\"#_ftnref33\"><sup>[<span style=\"font-family: 'times new roman', \ntimes;\"><strong>33<\/strong><\/span>]<\/sup><\/a>&nbsp;<br \/>\nAmazed and enchanted, I went to the Franciscan Monastery in my native Visoko and asked for the book to read it in detail. I was surprised by the Guardian&rsquo;s question in which language I wanted to read it, as he had seven: Latin, Greek, Italian, French, German in two variants\u2026 I felt ashamed that I could read only understand the sublime text in Bosnian.<br \/>\n<\/span><\/p>\n<\/div>\n<div id=\"ftn34\">\n<p class=\"MsoNormal\" style=\"line-height: 150%;\"><span style=\"font-size: 8.0pt;\"><a name=\"_ftn34\"><\/a><a href=\"#_ftnref34\"><sup>[<span style=\"font-family: 'times new roman', \ntimes;\"><strong>34<\/strong><\/span>]<\/sup><\/a>&nbsp;<br \/>\nPersonally, I did not cope well with my own breathing. I was suffocating for nights, spent countless May and June nights awake, wondering if this was happening or had happened to others as well, and if so, what kept them silent about it. They had no idea, no experience or taste of it, neither the pulmonologists nor the allergists, or the general practitioners, and that is why they never spoke of the <em>magic of breathing<\/em>. I had, however, truly realized that it was so much more than the automatic rhythm that we embraced every single moment. In the following summer, I visited a big foreign city for someone&rsquo;s wedding&#8230; But during that fateful night, my suffocation became life-threatening, alarming, so I sought emergency medical attention, even though I carried a few anti-allergens in each item of clothing. Just in case. Not realizing for a long time that I was just being treated by an illusion \u2013 a <em>placebo effect<\/em>. I didn&rsquo;t even have allergies, and they actually don&rsquo;t exist in a normal, natural and harmonious world. What existed was the wrong lifestyle. I was a classic example. The doctor who examined me was a Lama, half-Russian and half-Azeri by genetics, alternative in everything. He moved his hand in front of my chakras, which I would later master myself, and my breath returned, the magic rejected me as he uttered the key words of awareness \u2013 &ldquo;\u2026 white people do not know how to breathe, walk or eat. You are such a person. You will have to re-learn how to breathe, walk, eat&#8230; Breathing is the essence of life.&rdquo;<\/p>\n<p><\/span><\/p>\n<\/div>\n<div id=\"ftn35\">\n<p class=\"MsoNormal\" style=\"line-height: 150%;\"><span style=\"font-size: 8.0pt;\"><a name=\"_ftn35\"><\/a><a href=\"#_ftnref35\"><sup>[<span style=\"font-family: 'times new roman', \ntimes;\"><strong>35<\/strong><\/span>]<\/sup><\/a>&nbsp;<br \/>\nAt the &ldquo;Philosophy of the Media&rdquo; conference in Dubrovnik, I took liking of Divna and Sead, so I invited them to my classes on the PhD programme as guest lecturers. The first time, Sead recited rational knowledge, with PPT presentations, movies, pictures large and small, for hours. I didn&rsquo;t dare to mention the breaths to him. The following year, a different Sead came, saying: &ldquo;I&rsquo;ll speak from the heart.&rdquo; Because his heart had reminded him of its existence in a cardiac arrest&#8230; On a snowy winter day, he drove up to the college and as he was early, he slept in the car for at least two hours, since the housekeeper did not realize who it was. Amazed that Prof Sead was so humble and ordinary. On that day, UNSA distributed diplomas to all the students and the institution was empty except for a few PhD students and myself&#8230; Sejo asked for a cup of tea and to rest for half an hour in the cabinet. I realized that this was the person I could now talk to about the breaths.<br \/>\nDivna in turn immediately liked the modest motel accommodation, agreed to eat baklava instead of pancakes, because at Ba\u0161\u010dar\u0161ija, the sleepy owner of the &ldquo;Vienner&rdquo; patisserie coolly declined us by saying that the cook was not there in the afternoon&#8230; I realized, I could also whisper something about this to that profound girl&#8230; This is how these topics came about, as reactions to the good challenges all around us. Let me come back to the title &ldquo;The Beat of a new age \u2013 a day will come and the world will reverse.&rdquo; Therefore, at least we professionals need intracommunicology.<\/p>\n<p><\/span><\/p>\n<\/div>\n<div id=\"ftn36\">\n<p class=\"MsoNormal\" style=\"line-height: 150%;\"><span style=\"font-size: 8.0pt;\"><a name=\"_ftn36\"><\/a><a href=\"#_ftnref36\"><sup>[<span style=\"font-family: 'times new roman', \ntimes;\"><strong>36<\/strong><\/span>]<\/sup><\/a>&nbsp;<br \/>\nIn the already popular formats, in multimedia genres and with a wealth of rational evidence, Lipton has summed up this majestic knowledge, which the wise men of the world have always known and practiced. The downside of this message is: Man is one, but not one machine. He is made up of 5 trillion cells, and today even an average person can know more about it than doctors in the past, because he can know more about the life of the cell. Genes in our cells are carriers of the blueprint, for example, the design, but they are not finished prints, just the design. Because they themselves will not make the decision to be the blueprint, they might become the redprint. Who controls that colour? It is what our personal, subjective perception, our thought, and every gene emits 1.4 volts of electricity or light. That is 50 million genes in us, with 1.4 volts of light each. It is 7,000 trillion volts in total. Our brain, our mind rules over these trillions of genes and cells. If you enlighten your own mind, you can change the planet this instant. When you change your perception, your thoughts, you have already changed your life. Believe it! Believe in it and control your own life both inside and out. We are not slaves or victims of our genes. We are our thoughts, our emotions, our perceptions. The placebo effect works by convincing us that a false drug is healing us. The nocebo effect binds our bad and ugly thoughts and takes away our strength. So ugly thoughts can kill us ! Cf. www.http: INNERLIGHTMEDIA, <a href=\"..\/Facebook.com\/groupsINNERLIGHTMEDIA, VID-20190624-WA0001mp4.\">Facebook.com\/groupsINNERLIGHTMEDIA, VID-20190624-WA0001mp4.<\/a><br \/>\n<\/span><\/p>\n<\/div>\n<div id=\"ftn37\">\n<p class=\"MsoNormal\" style=\"line-height: 150%;\"><span style=\"font-size: 8.0pt;\"><a name=\"_ftn37\"><\/a><a href=\"#_ftnref37\"><sup>[<span style=\"font-family: 'times new roman', \ntimes;\"><strong>37<\/strong><\/span>]<\/sup><\/a>&nbsp;<br \/>\nFor a discussion on the <em>agon<\/em>, see my book <em>Nelagode s medijima<\/em> [Trouble with the media] (Sarajevo: Dobra knjiga, 2016). <\/p>\n<p><\/span><\/p>\n<\/div>\n<div id=\"ftn38\">\n<p class=\"MsoNormal\" style=\"line-height: 150%;\"><span style=\"font-size: 8.0pt;\"><a name=\"_ftn38\"><\/a><a href=\"#_ftnref38\"><sup>[<span style=\"font-family: 'times new roman', \ntimes;\"><strong>38<\/strong><\/span>]<\/sup><\/a>&nbsp;<br \/>\nThis powerful verse comes from the magnificent epic poem &ldquo;Masnavi&rdquo; with over 60 thousand couplets) by the Sufi poet Jalal ad-Din Rumi.<\/p>\n<p><\/span><\/p>\n<\/div>\n<div id=\"ftn39\">\n<p class=\"MsoNormal\" style=\"line-height: 150%;\"><span style=\"font-size: 8.0pt;\"><a name=\"_ftn39\"><\/a><a href=\"#_ftnref39\"><sup>[<span style=\"font-family: 'times new roman', \ntimes;\"><strong>39<\/strong><\/span>]<\/sup><\/a>&nbsp;<br \/>\nWriting on the new relations of manipulation and the media, Nenad Vertov\u0161ek said that three steps were involved in modern propaganda interventions in the public: &#8230; &ldquo;First of all, it is PR, which in its lethal beginnings was called by its real name \u2013 propaganda \u2013 by Edward L. Berneys and later became synonymous with manipulative presentation and selection of information about something or someone. Modern PRs have an outspoken scientific prism that is evasive and conceals the propaganda, manipulation and power of the &lsquo;reality industry&rsquo;&#8230; The second current consists of distinguished and esteemed intellectuals who deal with democracy, the relationship between the masses and the elite sections of the society, including information and media mediation&#8230; and do the work they would be required to do&#8230; The third current works with the mass population, those who are uneducated and additionally non-skilled&#8230; They are too stupid and will only cause trouble if we include them. Their job is to be observers and not participants&#8230;&rdquo; Nenad Vertov\u0161ek, <em>Noam Chomsky i kritika suvremenih mas medija <\/em>[Noam Chomsky and a critique of the modern mass media] (Zagreb: Golden Marketing, 2017), 53-54.<\/p>\n<p><\/span><\/p>\n<\/div>\n<div id=\"ftn40\">\n<p class=\"MsoNormal\" style=\"line-height: 150%;\"><span style=\"font-size: 8.0pt;\"><a name=\"_ftn40\"><\/a><a href=\"#_ftnref40\"><sup>[<span style=\"font-family: 'times new roman', \ntimes;\"><strong>40<\/strong><\/span>]<\/sup><\/a>&nbsp;<br \/>\nIt may be said that this multiplicity is possibly a harmful bacterium, virus, harmful fungus, restlessness, delusion, perversion, frenzy, anger, envy, hatred, boasting, voyeurism, falsehood, deception, semi-truth, aberration, pimping, violence, aggression, evil thinking&#8230;<\/p>\n<p><\/span><\/p>\n<\/div>\n<div id=\"ftn41\">\n<p class=\"MsoNormal\" style=\"line-height: 150%;\"><span style=\"font-size: 8.0pt;\"><a name=\"_ftn41\"><\/a><a href=\"#_ftnref41\"><sup>[<span style=\"font-family: 'times new roman', \ntimes;\"><strong>41<\/strong><\/span>]<\/sup><\/a>&nbsp;<br \/>\nThere is a daring and useful message on the cover page of the latest issue of <em>Foreign Affairs<\/em>, a question that also identifies the most powerful evil thinker: &ldquo;Who will Run the World? America, China and World Order,&rdquo; (January\/February 2019), which continues as follows: &ldquo;Both the order and its sponsor are in crisis, and the future is up for grabs&#8230;&rdquo; (p. 9)<br \/>\n<\/span><\/p>\n<\/div>\n<div id=\"ftn42\">\n<p class=\"MsoNormal\" style=\"line-height: 150%;\"><span style=\"font-size: 8.0pt;\"><a name=\"_ftn42\"><\/a><a href=\"#_ftnref42\"><sup>[<span style=\"font-family: 'times new roman', \ntimes;\"><strong>42<\/strong><\/span>]<\/sup><\/a>&nbsp;<br \/>\nNikolai Berdyaev, <em>Philosophy of the Free Spirit <\/em>(Moscow: Republic, 1994).<\/p>\n<p><\/span><\/p>\n<\/div>\n<div id=\"ftn43\">\n<p class=\"MsoNormal\" style=\"line-height: 150%;\"><span style=\"font-size: 8.0pt;\"><a name=\"_ftn43\"><\/a><a href=\"#_ftnref43\"><sup>[<span style=\"font-family: 'times new roman', \ntimes;\"><strong>43<\/strong><\/span>]<\/sup><\/a>&nbsp;<br \/>\nSeneca, in discussing anger, simply states that &ldquo;it must be said that wild animals become angry \u2013 and all creatures save the human being \u2013 are without anger: though anger is reason&rsquo;s enemy, it comes into being only where reason resides&rdquo; (p. 17) &ldquo;The human is born to give and receive assistance \u2013 anger, to destroy. The one wants to form associations, the other, to recede\u2026 anger is hungry for payback&#8230;&rdquo; (p. 18), as Seneca brilliantly wrote. That is why the modern world is full of anger and hungry for violence and revenge, for control and destruction. Seneca reminds us: &ldquo;once the mind has submitted to anger, love, and the other passions, it&rsquo;s not allowed to check its onrush: its own weight and the downward-tending nature of vices must carry it along and drive it down to the depths&rdquo; (20) because <em>anger is hungry for payback, it is impetuous and mindless<\/em>. It doesn&rsquo;t see how much it hinders itself in what it is after the most. And it is after stopping, enclosing, occupying and surrounding the whole world. This great and violent siege might draw a hood or blinkers over the eyesight and over the whole body of our beautiful Planet Earth and this age that flatters itself to be libertarian.<\/p>\n<p><\/span><\/p>\n<\/div>\n<div id=\"ftn44\">\n<p class=\"MsoNormal\" style=\"line-height: 150%;\"><span style=\"font-size: 8.0pt;\"><a name=\"_ftn44\"><\/a><a href=\"#_ftnref44\"><sup>[<span style=\"font-family: 'times new roman', \ntimes;\"><strong>44<\/strong><\/span>]<\/sup><\/a>&nbsp;<br \/>\n&ldquo;Remember, it is not Space that is curved, but the mind of man who cannot comprehend Infinity and Eternity! If it were clear to the creator of Relativity, he would have acquired immortality, even physical if it pleased him.<br \/>\nI am part of the Light, and it is music. Light fills my six senses: I see it, hear it, feel it, smell it, touch it, and think it. Thinking is my sixth sense. The particles of Light is a written score. A single lightning can be a whole sonata. A thousand lightnings is a concert. For that concert, I have created ball lightnings that can be heard on the icy peaks of the Himalayas.<br \/>\nAbout Pythagoras and mathematics, well a scientist cannot and should not sin against these two. Numbers and equations are signs that note down the Music of the Spheres. Had Einstein heard its sounds, he would not have produced the Theory of Relativity. These sounds are a message to the mind that life makes sense, that there is perfect harmony in the universe, and that beauty is the cause and effect of Creation. This Music is the eternal circling of the starry heavens. The smallest star is a completed composition and at the same time a part of the celestial symphony. The beat of the human heart is part of this symphony on Earth. Newton learned that the secret lay in the geometrically regular arrangement and movement of the celestial bodies. He realized that harmony was the supreme law in the universe. Curved Space is chaos; chaos is not Music. Einstein is the herald of the time of Sound and the Fury.&rdquo; The most widely read interview of all time with Nikola Tesla from 1899 was published on March 4, 2014 at <a href=\"http:\/\/www.freedomtek.org\">www.freedomtek.org<\/a>.<\/p>\n<p><\/span><\/p>\n<\/div>\n<div id=\"ftn45\">\n<p class=\"MsoNormal\" style=\"line-height: 150%;\"><span style=\"font-size: 8.0pt;\"><a name=\"_ftn45\"><\/a><a href=\"#_ftnref45\"><sup>[<span style=\"font-family: 'times new roman', \ntimes;\"><strong>45<\/strong><\/span>]<\/sup><\/a>&nbsp;<br \/>\nAs I write this text from the depths of my mind and the centre of my heart, with one eye I am watching the unusual Turkish TV-series &ldquo;Vuslat&rdquo;, translated as &ldquo;Connection&rdquo;, inspired by the mystical ideas and practices of Ibn Arebi, a man of Spanish origins and global biography. It shows how infinitely all the building blocks of life, every idea, event, and person are interconnected and no matter how much they are pushed underground or into the subconscious, they inevitably follow us. Every evil thought catches up with us for the rest of our earthly life. Ibn Arebi&rsquo;s wisdom is inspiring, such as: &ldquo;Evil that looks like good \u2013 good that looks like evil!&rdquo; or &ldquo;Everything that happens is good \u2013 every good that happens carries some evil&rdquo;, or: &ldquo;Everyone&rsquo;s life lasts as long as determined by destiny&rdquo;, or: &ldquo;The answers are in the questions. If you run away from the questions, how will you ever get the answer?&rdquo;, or: &ldquo;The mill of destiny is slow. But it grounds finely&#8230; You turn to dust&rdquo;, or: &ldquo;A mechanical clock works on a spring. If the spring is in the right place, it will never stop. Only something from the outside can break it. The same goes for man. And life. If a man&rsquo;s heart works well, nothing from the outside can break him.&rdquo;<\/p>\n<p><\/span><\/p>\n<\/div>\n<div id=\"ftn46\">\n<p class=\"MsoNormal\" style=\"line-height: 150%;\"><span style=\"font-size: 8.0pt;\"><a name=\"_ftn46\"><\/a><a href=\"#_ftnref46\"><sup>[<span style=\"font-family: 'times new roman', \ntimes;\"><strong>46<\/strong><\/span>]<\/sup><\/a>&nbsp;<br \/>\nMichel Lacroix, <em>L&#8217;ideologie du New Age<\/em> (Paris: Flammarion, 1996). <\/p>\n<p><\/span><\/p>\n<\/div>\n<div id=\"ftn47\">\n<p class=\"MsoNormal\" style=\"line-height: 150%;\"><span style=\"font-size: 8.0pt;\"><a name=\"_ftn47\"><\/a><a href=\"#_ftnref47\"><sup>[<span style=\"font-family: 'times new roman', \ntimes;\"><strong>47<\/strong><\/span>]<\/sup><\/a>&nbsp;<br \/>\nIbidem.<\/p>\n<p><\/span><\/p>\n<\/div>\n<div id=\"ftn48\">\n<p class=\"MsoNormal\" style=\"line-height: 150%;\"><span style=\"font-size: 8.0pt;\"><a name=\"_ftn48\"><\/a><a href=\"#_ftnref48\"><sup>[<span style=\"font-family: 'times new roman', \ntimes;\"><strong>48<\/strong><\/span>]<\/sup><\/a>&nbsp;<br \/>\nIbidem.<\/p>\n<p><\/span><\/p>\n<\/div>\n<p class=\"MsoNormal\" style=\"line-height: 150%;\">&nbsp;<\/p>\n<p class=\"MsoNormal\" style=\"line-height: 170%;\"><strong>Bibliography:<\/strong><\/p>\n<p class=\"MsoNormal\" style=\"line-height: 170%;\"><strong>Books:<\/strong><\/p>\n<p class=\"MsoNormal\" style=\"line-height: 170%;\">Al Jawziah,\u00a0 Ibn Qyyem. <em>The Soul<\/em>, trans. Ismail Abdus Salaam. Beirut: Dar Al-Kotob Al Ilmiyah, s. a.<\/p>\n<p class=\"MsoNormal\" style=\"line-height: 170%;\">Berdyaev, Nikolai. <em>Philosophy of the Free Spirit<\/em>. Moscow: Republic, 1994.<\/p>\n<p class=\"MsoNormal\" style=\"line-height: 170%;\">Fejzi\u0107 \u010cengi\u0107, Fahira. <em>Nelagode s medijima<\/em> [Trouble with the media]. Sarajevo: Dobra knjiga, 2016. <\/p>\n<p class=\"MsoNormal\" style=\"line-height: 170%;\">Fejzi\u0107 \u010cengi\u0107, Fahira. <em>Kao ribe u vodi<\/em> [Like fish in water]. Sarajevo: Biblioteka &#8216;Globus&#8217;, 2018.<\/p>\n<p class=\"MsoNormal\" style=\"line-height: 170%;\">Lacroix, Michel. <em>L&#8217;ideologie du New Age<\/em>. Paris: Flammarion, 1996.<\/p>\n<p class=\"MsoNormal\" style=\"line-height: 170%;\">Seneca, Lucius Annaeus. <em>Anger, Mercy, Revenge<\/em>, trans. Robert A. Kaster and Martha C. Nussbaum. Chicago and London: The University of Chicago Press, 2010.<\/p>\n<p class=\"MsoNormal\" style=\"line-height: 170%;\">Vertov\u0161ek, Nenad. <em>Noam Chomsky i kritika suvremenih mas medija<\/em> [Noam Chomsky and a critique of the modern mass media]. Zagreb: Golden marketing, 2017.<\/p>\n<p class=\"MsoNormal\" style=\"line-height: 170%;\">&nbsp;<\/p>\n<p class=\"MsoNormal\" style=\"line-height: 170%;\"><strong>Periodicals:<\/strong><\/p>\n<p class=\"MsoNormal\" style=\"line-height: 170%;\">Foreign Affairs (January\/February 2019).<\/p>\n<p class=\"MsoNormal\" style=\"line-height: 170%;\">&nbsp;<\/p>\n<p class=\"MsoNormal\" style=\"line-height: 170%;\"><strong>Online sources<\/strong><\/p>\n<p class=\"MsoNormal\" style=\"line-height: 170%;\">The most widely read interview with Nikola Tesla from 1899, published on March 4, 2014 by <a href=\"http:\/\/freedomtek.org\/\" target=\"_blank\">freedomtek.org<\/a>. <\/p>\n<p class=\"MsoNormal\" style=\"line-height: 150%;\">&nbsp;<\/p>\n<p style=\"text-align: center;\" align=\"center\"><strong> <span style=\"font-size: 13.0pt; line-height: 150%;\">Mo\u017ee li intrakomunikologija pripomo\u0107i filozofiji medija?<\/span><\/strong><\/p>\n<p class=\"MsoNormal\" style=\"line-height: 150%;\">&nbsp;<\/p>\n<p style=\"margin: 0cm 48.6pt 0.0001pt 54pt; line-height: 170%;\"><em><strong>Sa\u017eetak<\/strong><\/em><\/p>\n<p class=\"MsoBodyText\" style=\"margin-top: 0cm; margin-right: 48.6pt; margin-bottom: .0001pt; margin-left: 54.0pt; line-height: 150%;\"><span style=\"font-size: 12.0pt; line-height: 150%; font-family: 'Times New Roman';\" lang=\"SR\">&nbsp;<\/span><\/p>\n<p class=\"MsoBodyText\" style=\"margin-top: 0cm; margin-right: 48.6pt; margin-bottom: .0001pt; margin-left: 54.0pt; line-height: 170%;\"><em>Jednom prilikom je poznati istra\u017eiva\u010d i nobelovac Bruce Lipton u toku 2014. godine dokazao da ljudske misli, ne samo razmi\u0161ljanje, su energija, one su stvarne i imaju mo\u0107. \u2018Nemojte sumnjati u to \u0161to nare\u0111ujete svom tijelu i umu&#8230;Ako su misli slabe i \u017eivot je takav. Na\u0161e  misli su energija i imaju mo\u0107 da stvaraju.\u2019Mogu to biti  jednostavna povezivanja, analogije, kombinacije ili  zrela koherentna zaklju\u010divanja. Potom, na vi\u0161im umnim razinama ljudsko mi\u0161ljenje pora\u0111a \u010desto vrlo zna\u010dajne, pa na momente i ingeniozne i grandiozne misli koje potom postaju nosioci novih energija, dru\u0161tvenih izuma, praksi i me\u0111uljudskih odnosa koji su bili dotad nezamislivi. Ljudske misli su mo\u0107.<\/em><\/p>\n<p class=\"MsoBodyText\" style=\"margin-top: 0cm; margin-right: 48.6pt; margin-bottom: .0001pt; margin-left: 54.0pt; line-height: 170%;\">&nbsp;<\/p>\n<p style=\"margin: 0cm 48.6pt 0.0001pt 54pt; line-height: 170%;\"><strong><em>Key words:<\/em><\/strong> <em>intrakomunikologija, nova  li\u010dna percepcija, disanje, dobro, zlo, placeo, nacebo.<br \/>\n<\/em><\/p>\n<p class=\"MsoNormal\" style=\"line-height: 150%;\"><span lang=\"SR\">&nbsp;<\/span><\/p>\n<p><a name=\"5inmediasres16\"><\/a><\/p>\n<p class=\"MsoNormal\" style=\"line-height: 150%;\"><span lang=\"SR\">&nbsp;<\/span><\/p>\n<hr \/>\n<table style=\"width: 755px;\" border=\"0\">\n<tbody>\n<tr>\n<td style=\"width: 215px;\" valign=\"top\"><img loading=\"lazy\" decoding=\"async\" class=\" alignleft size-full wp-image-347\" style=\"float: left;\" src=\"https:\/\/centar-fm.org\/inmediasres\/wp-content\/uploads\/sites\/2\/2020\/05\/inmediasresno1malo16.png\" alt=\"inmediasres16\" width=\"70\" height=\"103\" \/><\/p>\n<p class=\"MsoNormal\" style=\"line-height: 170%;\">\n <strong>&nbsp;9(16)#5 2020<\/strong> <\/p>\n<\/td>\n<td style=\"width: 315px;\" valign=\"top\">\n<p style=\"line-height: 170%; text-align: center;\">\n<a rel=\"license\" href=\"http:\/\/creativecommons.org\/licenses\/by-nc\/4.0\/\"><img decoding=\"async\" alt=\"Creative Commons licenca\" style=\"border-width:0\" src=\"https:\/\/i.creativecommons.org\/l\/by-nc\/4.0\/88x31.png\" \/><\/a><br \/>\u010casopis je otvorenog pristupa, a ovo djelo je dano na kori\u0161tenje pod licencom <a rel=\"license\" href=\"http:\/\/creativecommons.org\/licenses\/by-nc\/4.0\/\"><strong>Creative Commons Imenovanje-Nekomercijalno 4.0 me\u0111unarodna.<\/strong><\/a><\/p>\n<\/td>\n<td valign=\"top\">\n<p style=\"text-align: right; line-height: 150%;\" align=\"center\"><strong><br \/>\nDOI <a href=\"https:\/\/doi.org\/10.46640\/imr.9.16.5\">10.46640\/imr.9.16.5<\/a><br \/>\nUDK 27-44:316.774<\/p>\n<p>Pregledni \u010dlanak<\/p>\n<p>Review article<\/p>\n<p>Primljeno: 17.02.2020.<\/strong><\/p>\n<\/td>\n<\/tr>\n<\/tbody>\n<\/table>\n<p class=\"MsoNormal\" style=\"line-height: 150%;\">&nbsp;<\/p>\n<p class=\"MsoNormal\" style=\"line-height: 150%;\">&nbsp;<\/p>\n<p class=\"MsoNormal\" style=\"text-align: center; line-height: 150%;\" align=\"center\"><span style=\"font-size: 15.0pt; line-height: 150%;\"><a href=\"https:\/\/orcid.org\/0000-0003-4785-4436\">Ivan Balabani\u0107<\/a><\/span><\/p>\n<p style=\"text-align: center; line-height: 150%;\" align=\"center\">Fakultet hrvatskih studija, Sveu\u010dili\u0161te u Zagrebu, Hrvatska<\/p>\n<p>ibalabanic@hrstud.hr<\/p>\n<p style=\"text-align: center;\" align=\"center\"><strong> <span style=\"font-size: 16.0pt; line-height: 150%;\">The Social Doctrine and Presence<br \/>\nof the Catholic Church in the Media<\/span><\/strong><\/p>\n<p style=\"text-align: center; line-height: 150%;\" align=\"center\"><a href=\"http:\/\/www.centar-fm.org\/inmediasres\/images\/pdf\/16\/I. Balabanic, The Social Doctrine and Presence of the Catholic Church in the Media.pdf\"><strong><span style=\"color: #DC0101; font-size: 8.0pt;\"><br \/>\nPuni tekst: pdf (407 KB), English, Str. 2533 &#8211; 2543<br \/>\n<\/span><\/strong><\/a><\/p>\n<p class=\"MsoNormal\" style=\"line-height: 150%;\">&nbsp;<\/p>\n<p style=\"margin: 0cm 48.6pt 0.0001pt 54pt; line-height: 170%;\"><strong><em>Abstract<\/em><\/strong><\/p>\n<p class=\"MsoBodyText\" style=\"margin-top: 0cm; margin-right: 48.6pt; margin-bottom: .0001pt; margin-left: 54.0pt; line-height: 150%;\"><span style=\"font-size: 12.0pt; line-height: 150%; font-family: 'Times New Roman';\" lang=\"SR\">&nbsp;<\/span><\/p>\n<p class=\"MsoBodyText\" style=\"margin-top: 0cm; margin-right: 48.6pt; margin-bottom: .0001pt; margin-left: 54.0pt; line-height: 170%;\"><em>The social doctrine of the Church involves greater commitment and engagement of the Church in social problems as well as the promotion of relationships that serve justice and peace. The Catholic Church first began relating mass media to its social teaching in the 19th century. As the Church aimed at a broader scope of public, it dealt with means of social communication and examined it through numerous sources \u2013 papal encyclicals, conciliar and episcopal documents. The relationship between the Catholic Church and the media is not simple. Approaches to ethics, morality, responsibility and dignity of human beings are sometimes different in media reports and in the aims of the Church in its social doctrine which should provide all members of the society with a sense of direction and instruction for everyday actions. Through the documents presented here, the Church has shown a readiness to face the media as well as the possibility to use them for advancing justice, truth, peace and freedom.<br \/>\n <\/em><\/p>\n<p class=\"MsoBodyText\" style=\"margin-top: 0cm; margin-right: 48.6pt; margin-bottom: .0001pt; margin-left: 54.0pt; line-height: 170%;\">&nbsp;<\/p>\n<p style=\"margin: 0cm 48.6pt 0.0001pt 54pt; line-height: 170%;\"><strong><em>Key words:<\/em><\/strong> <em>social doctrine of the Church, papal encyclicals, means of social communication, Catholic Church and the media.<\/em><\/p>\n<p class=\"MsoBodyText\" style=\"margin-top: 0cm; margin-right: 48.6pt; margin-bottom: .0001pt; margin-left: 54.0pt; line-height: 170%;\">&nbsp;<\/p>\n<p class=\"MsoNormal\" style=\"line-height: 150%;\">&nbsp;<\/p>\n<p class=\"MsoNormal\" style=\"line-height: 170%;\"><strong>Introduction<\/strong><\/p>\n<p class=\"MsoNormal\" style=\"line-height: 170%;\">The social doctrine of the Church, i.e. its social teaching, includes a set of teachings on man and society. It is rooted in the Bible, the Old and New Testament, the teachings of the Church Fathers, in the theological and philosophical discussions by medieval religious teachers and contemporary theologians. Although occasionally expressed in papal bulls and other documents dating to the period before the Industrial Revolution, its occurrence became more systematic in the 19th century. Its sources are numerous: papal encyclicals, conciliar and episcopal documents all stress the importance of human agency and contribution to building relationships in society in order to bridge regional, national and international differences and conflicts thus serving justice and peace. In order to share and spread the message of Christianity, the Church also makes use of media as they have the ability to reach not only individuals, but groups of people and the society as a whole, influencing them through various communication channels. The relationship between the Catholic Church and new media is not quite simple. In accordance with relevant Church documents, communication by the Church must always follow the truth as this constitutes the precondition of freedom and true unity. On the other hand, the issue of value and ethics in the media is complicated. In the words of Adriano Zanacchi, the relationship the media has towards ethics, values and responsibility is &ldquo;disoriented&rdquo;<a name=\"_ftnref49\"><\/a><a href=\"#_ftn49\"><sup>[<span style=\"font-family: 'times new roman', times;\"><strong>49<\/strong><\/span>]<\/sup><\/a>, or as Anton \u0160ulji\u0107 put it, &ldquo;far from a truly ethical direction&rdquo;<a name=\"_ftnref50\"><\/a><a href=\"#_ftn50\"><sup>[<span style=\"font-family: 'times new roman', times;\"><strong>50<\/strong><\/span>]<\/sup><\/a>. Since the Church carries great importance in advocating for the society and addressing crucial social issues, while the media hold an important role in recognizing problems and solutions, we aim to examine how and to what extent the Church is represented in the media today. We also analyse possibilities and obstacles in the relationship between the Church and the media as they represent two actors with great importance for public and social life in general.<\/p>\n<p class=\"MsoNormal\" style=\"line-height: 170%;\">&nbsp;<\/p>\n<p class=\"MsoNormal\" style=\"line-height: 170%;\"><strong>Development of Catholic social teaching<\/strong><\/p>\n<p class=\"MsoNormal\" style=\"line-height: 170%;\">Three themes are visible in the social doctrine of the Catholic Church. One is titled &ldquo;fighting modernism&rdquo;<a name=\"_ftnref51\"><\/a><a href=\"#_ftn51\"><sup>[<span style=\"font-family: 'times new roman', times;\"><strong>51<\/strong><\/span>]<\/sup><\/a>. It represents a crisis of the Church as its theology cannot easily face ideas and social movements influenced by the Enlightenment or the dynamic development of science. On the other hand, there are oppositions to rationalism and liberalism as well as efforts to restore Catholic theology. The second topic relates to systematic attempts at development and Catholic teachings on the life of workers in an increasingly industrialized society, as well as the relation between labour and monetary and human capital. In other words, this is a &ldquo;social issue&rdquo; starting with Pope Leo XIII and his encyclical &ldquo;Rerum Novarum&rdquo;. In it the Pope and the Catholic Church provide a clear commitment and readiness to respond to and engage in new social challenges which have emerged due to conflicts between capital and labour. In addition to taking a clear and decisive stance, this encyclical for the first time lists principles and criteria for addressing crucial social issues. The third topic deals with means of social communication. It seems this subject first gained prominence in the 1936 encyclical by Pope Pio X titled &ldquo;Vigilanti cura&rdquo; which addressed a new type of media specifically \u2013 the cinema. On the other hand, a similar subject was later also addressed in the 1957 encyclical by Pope Pio XII titled &ldquo;Miranda prorsus&rdquo; alongside widening the scope of interest to the effect and dissemination of news through radio and television. This then led to a separate document of the Second Vatican Council, the pastoral decree &ldquo;Inter mirifica&rdquo; and the instruction &ldquo;Communio et progressio&rdquo; which encompassed the issue of all means of social communication<a name=\"_ftnref52\"><\/a><a href=\"#_ftn52\"><sup>[<span style=\"font-family: 'times new roman', times;\"><strong>52<\/strong><\/span>]<\/sup><\/a>. Regarding topics of Catholic social teaching, the stated principles and criteria developed further in the hundred-year period after the encyclical &ldquo;Rerum Novarum&rdquo;. The most important ones include: (1) personal dignity ensures that man as a worker cannot be equated with goods which are subject to the law of supply and demand, (2) economy cannot be separate from morality and this includes the requirement of justice and love, (3) the Church has the right and duty to interfere in social issues as this is not only a technical matter but always gains an ethical and religious dimension (4) socialism and liberal capitalism in the economic sense do not represent an authentic remedy for social issues, (5) the state as a community striving for the common good has the right and duty to interfere in social issues through laws, thus guaranteeing workers and their families with equal conditions for gaining their livelihoods, quality of life and social security, (6) the suspension of professional associations must not leave workers exposed to the autocracy of business owners that reduce them to a &ldquo;slave status&rdquo;, they have a right of association for the protection of their rights, while rejecting class struggle and violent actions.<a name=\"_ftnref53\"><\/a><a href=\"#_ftn53\"><sup>[<span style=\"font-family: 'times new roman', times;\"><strong>53<\/strong><\/span>]<\/sup><\/a><\/p>\n<p class=\"MsoNormal\" style=\"line-height: 170%;\">In other words, the Church has defined its view on ideas and policies which are contrary to the Christian concept of human dignity, family life and meaning of life within the society and community. The Church holds its position and warns of dangers and misconceptions, supports positive efforts and contributes to addressing difficult social issues, in accordance with its mission. <\/p>\n<p class=\"MsoNormal\" style=\"line-height: 170%;\"><strong>&nbsp;<\/strong><\/p>\n<p class=\"MsoNormal\" style=\"line-height: 170%;\"><strong>Development of the Church social doctrine following the encyclical <em>Rerum novarum<\/em><\/strong><\/p>\n<p class=\"MsoNormal\" style=\"line-height: 170%;\">After the publishing of &ldquo;Rerum novarum&rdquo;, the Church went through dynamic developments due to changing social circumstances and new cultural, scientific and theological achievements.<\/p>\n<p class=\"MsoNormal\" style=\"line-height: 170%;\">We must first mention the encyclical by Pope Pio XI, &ldquo;Quadragesimo anno&rdquo;. This encyclical was published in 1931, during the Great Depression, in circumstances of possible great unrest and fear of unemployment, poverty, destruction of democracy and emergence of dictatorships. For these reasons, the encyclical strongly condemns communism and socialism, calls for establishing an alliance between labour and capital, with workers keeping a share in the profits, as well as state intervention in suppressing greed and promoting justice. One of the most important principles in this encyclical is the principle of subsidiarity: major owners and central government cannot assume roles which might successfully be fulfilled by contractors, small businesses and local authorities. In 1961 Pope John XXIII issued the encyclical &ldquo;Mater et magistra&rdquo;. The early 1960s, when this encyclical was written, were a period of dynamic developments in all sciences and technological progress in various countries across the world, but also a period of social and racial unrest, a widening divide between the rich and the poor. Poor countries fell victim to the Cold War. The social doctrine of the Church is strongly &ldquo;internationalized&rdquo; through the encyclical and rich countries are invited to help the development of poor ones, while respecting their culture, specificities and authenticity. Pope John XXIII then issued another encyclical, &ldquo;Pacem in terris&rdquo;. In accordance with its title, the encyclical calls for establishing and building peace and peaceful coexistence according to the principles of truth, justice, love and freedom. The teaching of John XXIII was summarized at the Second Vatican Council in the pastoral constitution &ldquo;Gaudium et spes&rdquo;. Following the Council, Pope Paul VI established new foundations for Catholic social teaching in 1967, with the encyclical &ldquo;Populorom progressio&rdquo;. Development is equated with the concept of peace, seeing all human development as a theological and moral imperative that must serve the attainment of peace. &ldquo;Octogesima adveniens&rdquo; was issued in 1971 and warned about the increasing numbers of poor, unemployed and homeless people. This encyclical served as a &ldquo;call&rdquo; to all believers and Christians to fight cruel injustices with the help of guidelines and principles which can be found in the social doctrine of the Church. Pope John Paul II issued the encyclical &ldquo;Laborem exercens&rdquo; strongly criticizing Marxism and capitalism as well as the treatment of workers as merely means of production. He stressed material conditions such as the right of the workers to wages ensuring dignity and social security, but also the subjective and spiritual values of labour as basic preconditions for providing human beings with a sense of fulfilment. This was followed by the 1987 encyclical &ldquo;Sollicitudo rei socialis&rdquo;, which commented on the conflict between the liberal capitalism of the West and communism of the East as well as the exploitation of workers being the main obstacle to progress in the world&rsquo;s poorest regions. This was followed by the encyclical celebrating the hundredth anniversary of &ldquo;Rerum novarum&rdquo; in 1991 and symbolically marking the end of the communist regime in Europe. The encyclical criticized communism less for its economic failure and more for the fact it eroded basic human rights and human dignity. Responsibility is expected in free market and respect and protection of human dignity is requested as the foundation of every person and every successful economic activity. <\/p>\n<p class=\"MsoNormal\" style=\"line-height: 170%;\">In addition to these encyclicals, other documents important for the development of Catholic social teaching include views by bishop committees, synods and conferences such as conferences at Medellin and Puebla.<a name=\"_ftnref54\"><\/a><a href=\"#_ftn54\"><sup>[<span style=\"font-family: 'times new roman', times;\"><strong>54<\/strong><\/span>]<\/sup><\/a> In the following period the social doctrine of the Church developed increasingly in accordance with principles of the inductive method, openness to common sense, dialogue, cooperation between the Church and laymen and collaboration with the humanities. Such a position believes in the possibility for greater realization of principles and standards held by the Catholic Church in practice. <\/p>\n<p class=\"MsoNormal\" style=\"line-height: 170%;\">The development of Catholic social teaching through all these encyclicals and other documents certainly points to the conclusion that it was not created as an ideology or a &ldquo;third way&rdquo; but as an organically developed social system and anthropology which sees in every man the image of God (Imago Dei), and therefore the human being as the &ldquo;way of the Church&rdquo;.<\/p>\n<p class=\"MsoNormal\" style=\"line-height: 170%;\">&nbsp;<\/p>\n<p class=\"MsoNormal\" style=\"line-height: 170%;\"><strong>The attitude towards the media in modern society in documents of the Second Vatican Council and <em>Communio et progressio<\/em> decree <\/strong><\/p>\n<p class=\"MsoNormal\" style=\"line-height: 170%;\">The Second Vatican Council discussed media in its &ldquo;Decree on the Means of Social Communication&rdquo;. This decree was drafted with keeping in mind the growing importance of new means of communication. &ldquo;Among the astonishing inventions of technological skill which, aided by God, the human mind developed from created things, Mother Church sees and follows with special care those that primarily relate to the field of human spirit&rdquo;.<a name=\"_ftnref55\"><\/a><a href=\"#_ftn55\"><sup>[<span style=\"font-family: 'times new roman', times;\"><strong>55<\/strong><\/span>]<\/sup><\/a> This text comprises two passages in 22 chapters with final notes. These state that the media differ in their nature but they all share the power to influence people. The main problem in modern society is that people often take information and content issued by the media &ldquo;for granted&rdquo;, without critically analysing the content. Certainly, the media shape public opinion and are necessary for ensuring the right of every individual and society to truthful information. Their importance is illustrated by the claim that all Christian believers should financially support the means of social communication. As receivers of information, readers, listeners and viewers, all Christian believers must follow a moral code, be responsible towards themselves and the young, which is also true for those directly or indirectly creating media messages<a name=\"_ftnref56\"><\/a><a href=\"#_ftn56\"><sup>[<span style=\"font-family: 'times new roman', times;\"><strong>56<\/strong><\/span>]<\/sup><\/a>. In general, this Council document primarily discusses positive opportunities offered by the numerous new and easy ways to communicate, both in order to proclaim the Good News of the Gospel as well as to promote the successful progress of the human race in general. This document also suggests organizing one &ldquo;Media Day&rdquo; in dioceses every year. The Church therefore does not shy away from the media, but rather wishes to participate and be part of the media that report and shape public opinion. This is also made clear in the statement that the Church could &ldquo;carry out its mission more successfully&rdquo; through the media. <\/p>\n<p class=\"MsoNormal\" style=\"line-height: 170%;\">This was followed by the Holy See&rsquo;s pastoral instruction on means of social communication, dated 23 May 1971, &ldquo;Communio et progressio&rdquo;. This document interprets more directly the main tenets of &ldquo;Inter mirifica&rdquo; and promotes the examination of theological and moral dimensions of the means of social communication, encouraging \u00a0Christians to be more active in building and improving media information and reporting. The decree &ldquo;Communio et progressio&rdquo; issued by the Pontifical Council for Social Communications contains particular instructions for implementing ideas stated in the council document. This decree also has a new focus since by the time it was issued, numerous technical innovations took place as well as the development of all means of social communication. Important messages of this decree include the statement that the purpose of the means of social communication is &ldquo;increasing attachment and connection among people&rdquo;, that everyone disseminating information must possess Christian virtues such as &ldquo;good intent, meaning and responsibility for the common good, docility to Holy Spirit and guidance of the Church, objectivity, respect for the human person and other people&rsquo;s opinion, truthfulness and ability to be critical of oneself and one&rsquo;s views.&rdquo;<a name=\"_ftnref57\"><\/a><a href=\"#_ftn57\"><sup>[<span style=\"font-family: 'times new roman', times;\"><strong>57<\/strong><\/span>]<\/sup><\/a><\/p>\n<p class=\"MsoNormal\" style=\"line-height: 170%;\">The Compendium of the Social Doctrine of the Church clearly states that the rights and obligations of the Church include developing its own social teaching to influence the society and its structures through responsibilities and tasks envisaged by this teaching. In this sense the Church should be the teacher of truth, morality, human nature and the gospels. However, participation and disseminating information is impossible if there is no real pluralism in social life or recognition of the various forms and means of communication and information. The compendium therefore notes: &ldquo;The means of social communication must be used for building and supporting the human community in diverse sectors \u2013 economic, political, cultural, educational and religious&rdquo;<a name=\"_ftnref58\"><\/a><a href=\"#_ftn58\"><sup>[<span style=\"font-family: 'times new roman', times;\"><strong>58<\/strong><\/span>]<\/sup><\/a>. Any type of reporting and communication must serve the common good and contribute to spiritual maturity, openness, dignity and responsibility of every person. <\/p>\n<p class=\"MsoNormal\" style=\"line-height: 170%;\">The means of social communication contain a noble goal \u2013 reporting and drawing attention to humanity&rsquo;s problems in order to solve them as quickly as possible and thus unite everyone. This is the basic principle owing to which the Church respects the wide possibilities offered by the means for the &ldquo;wellbeing of humanity&rdquo;. We must all be responsible towards the media \u2013 whether we are listening, watching, reading or creating media content. The higher the influence of a &ldquo;communicator&rdquo;, the higher the social responsibility it carries. All types of reporting need to start from moral values as true freedom is in the ability to choose goodness and report for the &ldquo;common good&rdquo;. Although the use of media and its reporting sometimes have &ldquo;unintended consequences&rdquo;, people are those who decide whether they will use media in one way or another, for &ldquo;good&rdquo; or &ldquo;evil&rdquo;. Reporting requires disseminating responsible and true information that need to take the side of the weak and the powerless, the oppressed, sick and marginalized groups, without using this approach for ideological purposes.<a name=\"_ftnref59\"><\/a><a href=\"#_ftn59\"><sup>[<span style=\"font-family: 'times new roman', times;\"><strong>59<\/strong><\/span>]<\/sup><\/a> What distinguishes new media from the &ldquo;traditional&rdquo; ones is that new media have a more active audience which also intervenes in the communication process. Users are no longer merely receivers of media content, they also actively create and produce it. This increases even further the social responsibility of each individual. Communication by the Church and the relationship of the Church in modern society with new technologies and media is always dramatic, challenging and unpredictable.<a name=\"_ftnref60\"><\/a><a href=\"#_ftn60\"><sup>[<span style=\"font-family: 'times new roman', times;\"><strong>60<\/strong><\/span>]<\/sup><\/a> However, the role of the Catholic Church is still in place. It promotes material and human rights, protects the family, advocates for poor and marginalized groups, emphasizes the importance of truth and responsibility we have for one another and to the wider community.<\/p>\n<p class=\"MsoNormal\" style=\"line-height: 170%;\"><strong>&nbsp;<\/strong><\/p>\n<p class=\"MsoNormal\" style=\"line-height: 170%;\"><strong>Church in the media \u2013 challenges and possibilities for their relationship in the future<\/strong><\/p>\n<p class=\"MsoNormal\" style=\"line-height: 170%;\">The media are institutions fulfilling the need for communication which includes participation of all members in a society. The basic characteristics of the media are the production and distribution of content, relationships among people, activities in the public sphere and shaping public opinion. These are always in some relation to the state and government. Modern media reporting however is also characterized by its focus on &ldquo;transient&rdquo; and sensationalist topics and news.<a name=\"_ftnref61\"><\/a><a href=\"#_ftn61\"><sup>[<span style=\"font-family: 'times new roman', times;\"><strong>61<\/strong><\/span>]<\/sup><\/a> On the other hand, the Church focuses on universal and eternal values and questions. Due to their very nature, the sustainable relation between them is questionable since, as stated by \u0160ulji\u0107, &ldquo;media products are marginal in terms of communicating Christian content&rdquo; and the Church or Christian message &ldquo;deals with important and permanent things&rdquo;.<a name=\"_ftnref62\"><\/a><a href=\"#_ftn62\"><sup>[<span style=\"font-family: 'times new roman', times;\"><strong>62<\/strong><\/span>]<\/sup><\/a> The type of communication is also different regarding the relationship between the one sending and receiving a particular message or content. The Church focuses on every individual, while the media message is not as direct and is therefore more subject to manipulation. But to what extent is the Church present in the media today? Since the beginning of democracy, several Church media ensuring the public presence of the Church have been initiated and their relationship has been regulated through agreements between the Croatian Bishops&#8217; Conference and Croatian Radio-television. Prominent media containing Christian information are primarily Church media: Information Catholic Agency, Croatian Catholic Radio, the Press Office of the Croatian Conference of Bishops, Radio Marija, the magazines \u017divo vrelo and Glas koncila. These media contribute to the serious approach in Church activities<a name=\"_ftnref63\"><\/a><a href=\"#_ftn63\"><sup>[<span style=\"font-family: 'times new roman', times;\"><strong>63<\/strong><\/span>]<\/sup><\/a>. There is however the sense of declining interest for the Church participating in public shows and secular media, especially in commercial television which has never shown much interest in its representation. On the other hand, regardless of the media listed and other examples not mentioned here, the Church is currently best covered in the press, which holds less importance than new media.<a name=\"_ftnref64\"><\/a><a href=\"#_ftn64\"><sup>[<span style=\"font-family: 'times new roman', times;\"><strong>64<\/strong><\/span>]<\/sup><\/a> The Church still lacks presence on digital platforms and internet portals or social networks. On the other hand, in addition to using new technologies and media, the Church and its followers as members of the society must strengthen and encourage interest of the media for reporting, through their moral authority and participation in scientific, cultural and social life. It is generally the media that ensure participation for all segments of the society, i.e. the media serve as a stage for attracting and combining all parts of the society into one whole. Another problem in the public visibility of the Church through the media is the fact that media content usually includes politics, sports, entertainment and leisure. A selection of such news and information does not leave much room for religious topics. On the one hand it is wrong to see these as merely &ldquo;religious topics&rdquo; since openness of the Church towards society does not mean only religious but also general and social topics which would be interesting and important to a wider range of public. On the other hand since these topics are seen only as &ldquo;religious&rdquo;, there is no way to further explore and understand the importance of the message spread by the Church.<a name=\"_ftnref65\"><\/a><a href=\"#_ftn65\"><sup>[<span style=\"font-family: 'times new roman', times;\"><strong>65<\/strong><\/span>]<\/sup><\/a> The Church and the media need to have a critical stance in relation to their own activities and need to examine new forms of dialogue, cooperation and communication. Some of the themes which began in a Church environment have found their way to the general public, such as the matter of peace, justice, ecumenism and the fight against poverty, which is not just a matter of individuals but the society as a whole, at the global level. The power of the Church lies not only in the fact it is &ldquo;Catholic&rdquo;, but in the ability to be linked horizontally and vertically.<a name=\"_ftnref66\"><\/a><a href=\"#_ftn66\"><sup>[<span style=\"font-family: 'times new roman', times;\"><strong>66<\/strong><\/span>]<\/sup><\/a> Horizontal links are possible because the Church is present among many nations and cultures, while vertical linking is possible through collaborations at the level of particular parishes all the way up to governmental institutions at the local, regional, state, international and global level. Catholic social teaching is not and must not be closed off or hidden, it involves active participation and communication with the general public. By the same token, the Church must develop a two-way communication which means that attention and communication are not guided solely on the basis of reacting to a particular event but issues are broached and answers sought which might prove necessary and important for dialogue in a society. The relationship between the Church and media is summarized by Gaitano<a name=\"_ftnref67\"><\/a><a href=\"#_ftn67\"><sup>[<span style=\"font-family: 'times new roman', times;\"><strong>67<\/strong><\/span>]<\/sup><\/a> as follows: the media act in a sensationalist fashion and are oriented towards short-term news. \u00a0The Church on the other hand deals with universal values and topics of a centuries-old tradition. In addition to this, evangelism calls for personal change and self-examination, something that is impossible in media reporting. <\/p>\n<p class=\"MsoNormal\" style=\"line-height: 170%;\">Despite all the differences however, Pope John Paul II invited the Church to freely use all the &ldquo;fascinating inventions&rdquo; given to us by our creator. Extraordinary possibilities of new technologies and media are also recognized by Pope Benedict XVI who called all Christians to &ldquo;join the network of relationships provided by the digital era, with trust as well as conscious and responsible creativity\u2026 because this network is also part of human life&rdquo;.<a name=\"_ftnref68\"><\/a><a href=\"#_ftn68\"><sup>[<span style=\"font-family: 'times new roman', times;\"><strong>68<\/strong><\/span>]<\/sup><\/a> The Church then clearly understands the importance of communication and using media for discussions on burning social and religious issues. This also means the Church, in addition to its own media, whose existence has already been established, must act in secular media as well in order to ensure its presence in the general public view. The Church must actively and continuously communicate to the general public in order to act through the media in accordance with its mission serving peace, justice, truth, responsibility and respect for the dignity of every human being.<\/p>\n<p class=\"MsoNormal\" style=\"line-height: 170%;\">&nbsp;<\/p>\n<p class=\"MsoNormal\" style=\"line-height: 170%;\"><strong>In conclusion<\/strong><\/p>\n<p class=\"MsoNormal\" style=\"line-height: 170%;\">The development of media and technology brings greater challenges and new dilemmas regarding the spread of fake news, unethical behaviour towards individuals and groups, disregard for the privacy and dignity of human beings. This is why it is more important than ever for the Church to actively communicate not only through its own, but through secular media as well and to spread its message to the general public and society. The need for communication with the public and media is shown through efforts in documents of the Church social doctrine recognizing the importance of this type of communication. The nature of the media is not completely complementary to the nature of the Church. Both the Church and the media need to find new ways of communication, dialogue and cooperation, helping one another in disseminating information since the media have great power in shaping public opinion. In other words, the Church needs to warn of certain dangers and misconceptions in modern media reporting, confirm positive efforts and contribute to solving serious social issues, in accordance with its mission. <\/p>\n<p class=\"MsoNormal\" style=\"line-height: 150%;\">&nbsp;<\/p>\n<hr align=\"left\" size=\"1\" width=\"33%\" \/>\n<div id=\"ftn49\">\n<p class=\"MsoNormal\" style=\"line-height: 150%;\"><span style=\"font-size: 8.0pt;\"><a name=\"_ftn49\"><\/a><a href=\"#_ftnref49\"><sup>[<span style=\"font-family: 'times new roman', \ntimes;\"><strong>49<\/strong><\/span>]<\/sup><\/a>&nbsp;<br \/>\nAdriano Zannachi, &ldquo;The media have the greatest influence on culture and values today&rdquo;,\u00a0 http:\/<a href=\"http:\/\/www.dan-medija.net\">www.dan-medija.net<\/a>, accessed: 15th January 2020<br \/>\n<\/span><\/p>\n<\/div>\n<div id=\"ftn50\">\n<p class=\"MsoNormal\" style=\"line-height: 150%;\"><span style=\"font-size: 8.0pt;\"><a name=\"_ftn50\"><\/a><a href=\"#_ftnref50\"><sup>[<span style=\"font-family: 'times new roman', \ntimes;\"><strong>50<\/strong><\/span>]<\/sup><\/a>&nbsp;<br \/>\nAnton \u0160ulji\u0107, &ldquo;Media-related (self-)presentation of the Church in Croatia&rdquo;, <em>Rije\u010dki teolo\u0161ki \u010dasopis<\/em> 18 (2\/2010), pp. 495-510<\/p>\n<p><\/span><\/p>\n<\/div>\n<div id=\"ftn51\">\n<p class=\"MsoNormal\" style=\"line-height: 150%;\"><span style=\"font-size: 8.0pt;\"><a name=\"_ftn51\"><\/a><a href=\"#_ftnref51\"><sup>[<span style=\"font-family: 'times new roman', \ntimes;\"><strong>51<\/strong><\/span>]<\/sup><\/a>&nbsp;<br \/>\nNediljko A. An\u010di\u0107, Church and modernism, Crkva u svijetu 42 (4\/ 2007), pp. 563-566<\/p>\n<p><\/span><\/p>\n<\/div>\n<div id=\"ftn52\">\n<p class=\"MsoNormal\" style=\"line-height: 150%;\"><span style=\"font-size: 8.0pt;\"><a name=\"_ftn52\"><\/a><a href=\"#_ftnref52\"><sup>[<span style=\"font-family: 'times new roman', \ntimes;\"><strong>52<\/strong><\/span>]<\/sup><\/a>&nbsp;<br \/>\nJosip Antolovi\u0107, Pastoral instruction &ldquo;Communio et progressio&rdquo;, <em>Obnovljeni \u017eivot<\/em> 4 (4\/1979), pp. 393-402<\/p>\n<p><\/span><\/p>\n<\/div>\n<div id=\"ftn53\">\n<p class=\"MsoNormal\" style=\"line-height: 150%;\"><span style=\"font-size: 8.0pt;\"><a name=\"_ftn53\"><\/a><a href=\"#_ftnref53\"><sup>[<span style=\"font-family: 'times new roman', \ntimes;\"><strong>53<\/strong><\/span>]<\/sup><\/a>&nbsp;<br \/>\nG. Matrai, Social doctrine of the Church, <em>Encyclopaedia. Dictionary of Theology<\/em>, Kr\u0161\u0107anska sada\u0161njost Zagreb, 2009, p. 1070. <\/p>\n<p><\/span><\/p>\n<\/div>\n<div id=\"ftn54\">\n<p class=\"MsoNormal\" style=\"line-height: 150%;\"><span style=\"font-size: 8.0pt;\"><a name=\"_ftn54\"><\/a><a href=\"#_ftnref54\"><sup>[<span style=\"font-family: 'times new roman', \ntimes;\"><strong>54<\/strong><\/span>]<\/sup><\/a>&nbsp;<br \/>\nStjepan Baloban, The church of the poor: Pope John XXIII to Pope Francis, <em>Bogoslovska smotra<\/em>\u00a0 84 (3\/2014), pp. 479-503 <\/p>\n<p><\/span><\/p>\n<\/div>\n<div id=\"ftn55\">\n<p class=\"MsoNormal\" style=\"line-height: 150%;\"><span style=\"font-size: 8.0pt;\"><a name=\"_ftn55\"><\/a><a href=\"#_ftnref55\"><sup>[<span style=\"font-family: 'times new roman', \ntimes;\"><strong>55<\/strong><\/span>]<\/sup><\/a>&nbsp;<br \/>\nSecond Vatican Council, <em>Documents<\/em>, VII. revised and expanded edition, Kr\u0161\u0107anska sada\u0161njost , Zagreb, 2008<\/p>\n<p><\/span><\/p>\n<\/div>\n<div id=\"ftn56\">\n<p class=\"MsoNormal\" style=\"line-height: 150%;\"><span style=\"font-size: 8.0pt;\"><a name=\"_ftn56\"><\/a><a href=\"#_ftnref56\"><sup>[<span style=\"font-family: 'times new roman', \ntimes;\"><strong>56<\/strong><\/span>]<\/sup><\/a>&nbsp;<br \/>\nIbid. <\/p>\n<p><\/span><\/p>\n<\/div>\n<div id=\"ftn57\">\n<p class=\"MsoNormal\" style=\"line-height: 150%;\"><span style=\"font-size: 8.0pt;\"><a name=\"_ftn57\"><\/a><a href=\"#_ftnref57\"><sup>[<span style=\"font-family: 'times new roman', \ntimes;\"><strong>57<\/strong><\/span>]<\/sup><\/a>&nbsp;<br \/>\nIbid. <\/p>\n<p><\/span><\/p>\n<\/div>\n<div id=\"ftn58\">\n<p class=\"MsoNormal\" style=\"line-height: 150%;\"><span style=\"font-size: 8.0pt;\"><a name=\"_ftn58\"><\/a><a href=\"#_ftnref58\"><sup>[<span style=\"font-family: 'times new roman', \ntimes;\"><strong>58<\/strong><\/span>]<\/sup><\/a>&nbsp;<br \/>\nPontifical Commission &quot;Iustitia et Pax&quot;, Compendium of the social doctrine of the Church, Kr\u0161\u0107anska sada\u0161njost, Zagreb 2005<\/p>\n<p><\/span><\/p>\n<\/div>\n<div id=\"ftn59\">\n<p class=\"MsoNormal\" style=\"line-height: 150%;\"><span style=\"font-size: 8.0pt;\"><a name=\"_ftn59\"><\/a><a href=\"#_ftnref59\"><sup>[<span style=\"font-family: 'times new roman', \ntimes;\"><strong>59<\/strong><\/span>]<\/sup><\/a>&nbsp;<br \/>\nJerko Valkovi\u0107, The Church and the modern public: challenges and possibilities for action, <em>Rije\u010dki teolo\u0161ki \u010dasopis<\/em> 18 (2\/2010), pp. 413-532<\/p>\n<p><\/span><\/p>\n<\/div>\n<div id=\"ftn60\">\n<p class=\"MsoNormal\" style=\"line-height: 150%;\"><span style=\"font-size: 8.0pt;\"><a name=\"_ftn60\"><\/a><a href=\"#_ftnref60\"><sup>[<span style=\"font-family: 'times new roman', \ntimes;\"><strong>60<\/strong><\/span>]<\/sup><\/a>&nbsp;<br \/>\nJerko Valkovi\u0107, Evangelism in the era of media: communication opportunities and issues<em>, Bogoslovska smotra<\/em> 81 (3\/2011), pp. 675-696<\/p>\n<p><\/span><\/p>\n<\/div>\n<div id=\"ftn61\">\n<p class=\"MsoNormal\" style=\"line-height: 150%;\"><span style=\"font-size: 8.0pt;\"><a name=\"_ftn61\"><\/a><a href=\"#_ftnref61\"><sup>[<span style=\"font-family: 'times new roman', \ntimes;\"><strong>61<\/strong><\/span>]<\/sup><\/a>&nbsp;<br \/>\nRobert Boge\u0161i\u0107, Church and media \u2013 evangelism or manipulation, Kairos: Evan\u0111eoski teolo\u0161ki \u010dasopis 13 (1\/2019), pp. 97-109<\/p>\n<p><\/span><\/p>\n<\/div>\n<div id=\"ftn62\">\n<p class=\"MsoNormal\" style=\"line-height: 150%;\"><span style=\"font-size: 8.0pt;\"><a name=\"_ftn62\"><\/a><a href=\"#_ftnref62\"><sup>[<span style=\"font-family: 'times new roman', \ntimes;\"><strong>62<\/strong><\/span>]<\/sup><\/a>&nbsp;<br \/>\nAnton \u0160ulji\u0107, Media-related (self-)presentation of the Church in Croatia, Rije\u010dki teolo\u0161ki \u010dasopis 18 (2\/2010), pp. 495-510<\/p>\n<p><\/span><\/p>\n<\/div>\n<div id=\"ftn63\">\n<p class=\"MsoNormal\" style=\"line-height: 150%;\"><span style=\"font-size: 8.0pt;\"><a name=\"_ftn63\"><\/a><a href=\"#_ftnref63\"><sup>[<span style=\"font-family: 'times new roman', \ntimes;\"><strong>63<\/strong><\/span>]<\/sup><\/a>&nbsp;<br \/>\nJuraj Mirko Matau\u0161i\u0107, The media in a crisis of values, <em>Bogoslovska smotra<\/em>\u00a0 71 (2\/2011), pp. 361-379 <\/p>\n<p><\/span><\/p>\n<\/div>\n<div id=\"ftn64\">\n<p class=\"MsoNormal\" style=\"line-height: 150%;\"><span style=\"font-size: 8.0pt;\"><a name=\"_ftn64\"><\/a><a href=\"#_ftnref64\"><sup>[<span style=\"font-family: 'times new roman', \ntimes;\"><strong>64<\/strong><\/span>]<\/sup><\/a>&nbsp;<br \/>\nAnton \u0160ulji\u0107, Media-related (self-)presentation of the Church in Croatia, Rije\u010dki teolo\u0161ki \u010dasopis 18 (2\/2010), pp. 495-510<\/p>\n<p><\/span><\/p>\n<\/div>\n<div id=\"ftn65\">\n<p class=\"MsoNormal\" style=\"line-height: 150%;\"><span style=\"font-size: 8.0pt;\"><a name=\"_ftn65\"><\/a><a href=\"#_ftnref65\"><sup>[<span style=\"font-family: 'times new roman', \ntimes;\"><strong>65<\/strong><\/span>]<\/sup><\/a>&nbsp;<br \/>\nJerko Valkovi\u0107, Evangelism in the media era: communication opportunities and issues<em>, Bogoslovska smotra<\/em> 81(3\/2011), pp. 675-696<br \/>\n<\/span><\/p>\n<\/div>\n<div id=\"ftn66\">\n<p class=\"MsoNormal\" style=\"line-height: 150%;\"><span style=\"font-size: 8.0pt;\"><a name=\"_ftn66\"><\/a><a href=\"#_ftnref66\"><sup>[<span style=\"font-family: 'times new roman', \ntimes;\"><strong>66<\/strong><\/span>]<\/sup><\/a>&nbsp;<br \/>\nJerko Valkovi\u0107, The Church and the modern public: challenges and possibilities for action, <em>Rije\u010dki teolo\u0161ki \u010dasopis<\/em> 18 (2\/2010), pp. 413-532<br \/>\n<\/span><\/p>\n<\/div>\n<div id=\"ftn67\">\n<p class=\"MsoNormal\" style=\"line-height: 150%;\"><span style=\"font-size: 8.0pt;\"><a name=\"_ftn67\"><\/a><a href=\"#_ftnref67\"><sup>[<span style=\"font-family: 'times new roman', \ntimes;\"><strong>67<\/strong><\/span>]<\/sup><\/a>&nbsp;<br \/>\nN.G. Gaitano, Opinione pubblica e Chiesa Cattolica, in Jose Maria la Porte (ed.)<em>, Ontroduzione alla comunicazione istituzionalen della Chiesa<\/em>, pp. 77-81<br \/>\n<\/span><\/p>\n<\/div>\n<div id=\"ftn68\">\n<p class=\"MsoNormal\" style=\"line-height: 150%;\"><span style=\"font-size: 8.0pt;\"><a name=\"_ftn68\"><\/a><a href=\"#_ftnref68\"><sup>[<span style=\"font-family: 'times new roman', \ntimes;\"><strong>68<\/strong><\/span>]<\/sup><\/a>&nbsp;<br \/>\nBo\u017eo Skoko and Valentina Gusi\u0107, New media in the service of evangelism and parish community life \u2013 uses in parishes of the Roman Catholic Archdiocese of Zagreb, <em>Nova prisutnost<\/em> 11 (2013), pp. 193-214<br \/>\n<\/span><\/p>\n<\/div>\n<p class=\"MsoNormal\" style=\"line-height: 150%;\">&nbsp;<\/p>\n<p class=\"MsoNormal\" style=\"line-height: 170%;\"><strong>References:<\/strong><\/p>\n<p class=\"MsoNormal\" style=\"line-height: 170%;\">Adriano Zannachi, &ldquo;The media have the greatest influence on culture and values today&rdquo;,\u00a0<a href=\"http:\/\/www.dan-medija.net\">http:\/\/www.dan-medija.net<\/a>, accessed: 15th January 2020<\/p>\n<p class=\"MsoNormal\" style=\"line-height: 170%;\">Anton \u0160ulji\u0107,&rdquo; Media-related (self-)presentation of the Church in Croatia&rdquo;, <em>Rije\u010dki teolo\u0161ki \u010dasopis<\/em> 18 (2\/2010), pp. 495-510<\/p>\n<p class=\"MsoNormal\" style=\"line-height: 170%;\">Bo\u017eo Skoko and Valentina Gusi\u0107, New media in the service of evangelism and parish community life \u2013 uses in parishes of the Roman Catholic Archdiocese of Zagreb, <em>Nova prisutnost<\/em> 11 (2013), pp. 193-214<\/p>\n<p class=\"MsoNormal\" style=\"line-height: 170%;\">Second Vatican Council, <em>Documents<\/em>, 7th revised and expanded edition, Kr\u0161\u0107anska sada\u0161njost , Zagreb 2008<\/p>\n<p class=\"MsoNormal\" style=\"line-height: 170%;\">G. Matrai, Social Doctrine of the Church, <em>Encyclopaedia. Dictionary of Theology<\/em>, Kr\u0161\u0107anska sada\u0161njost Zagreb, 2009, p. 1070<\/p>\n<p class=\"MsoNormal\" style=\"line-height: 170%;\">Jerko Valkovi\u0107, Evangelism in the era of media: possibilities and issues in communication<em>, Bogoslovska smotra<\/em> 81(3\/2011), pp. 675-696<\/p>\n<p class=\"MsoNormal\" style=\"line-height: 170%;\">Jerko Valkovi\u0107, The Church and the modern public: challenges and possibilities for action, <em>Rije\u010dki teolo\u0161ki \u010dasopis<\/em> 18 (2\/2010), pp. 413-532<\/p>\n<p class=\"MsoNormal\" style=\"line-height: 170%;\">Josip Antolovi\u0107, Pastoral instruction &ldquo;Communio et progressio&rdquo;, <em>Obnovljeni \u017eivot<\/em> 4 (4\/1979), pp. 393-402<\/p>\n<p class=\"MsoNormal\" style=\"line-height: 170%;\">Juraj Mirko Matau\u0161i\u0107, The media in a crisis of values, <em>Bogoslovska smotra<\/em>\u00a071 (2\/2011), pp. 361-379<\/p>\n<p class=\"MsoNormal\" style=\"line-height: 170%;\">Nediljko A. An\u010di\u0107, Church and modernism, Crkva u svijetu 42 (4\/ 2007), pp. 563-566<\/p>\n<p class=\"MsoNormal\" style=\"line-height: 170%;\">N.G. Gaitano, Opinione pubblica e Chiesa Cattolica, in Jose Maria la Porte (ed.)<em>, Ontroduzione alla comunicazione istituzionalen della Chiesa<\/em>, pp. 77-81<\/p>\n<p class=\"MsoNormal\" style=\"line-height: 170%;\">Pontifical Commission &ldquo;Iustitia et Pax&rdquo;, Compendium of the Social Doctrine of the Church, Kr\u0161\u0107anska sada\u0161njost, Zagreb, 2005<\/p>\n<p class=\"MsoNormal\" style=\"line-height: 170%;\">Robert Boge\u0161i\u0107, The churches and the media \u2013 evangelism or manipulation, Kairos: Evan\u0111eoski teolo\u0161ki \u010dasopis 13 (1\/2019), pp. 97-109<\/p>\n<p class=\"MsoNormal\" style=\"line-height: 170%;\">Stjepan Baloban, The church of the poor: Pope John XXIII to Pope Francis, <em>Bogoslovska smotra<\/em>\u00a0 84 (3\/2014), pp. 479-503<\/p>\n<p class=\"MsoNormal\" style=\"line-height: 150%;\">&nbsp;<\/p>\n<p style=\"text-align: center;\" align=\"center\"><strong> <span style=\"font-size: 13.0pt; line-height: 150%;\">Socijalni nauk Katoli\u010dke crkve i njegov<br \/>\nodnos prema medijima<\/span><\/strong><\/p>\n<p class=\"MsoNormal\" style=\"line-height: 150%;\">&nbsp;<\/p>\n<p style=\"margin: 0cm 48.6pt 0.0001pt 54pt; line-height: 170%;\"><em><strong>Sa\u017eetak<\/strong><\/em><\/p>\n<p class=\"MsoBodyText\" style=\"margin-top: 0cm; margin-right: 48.6pt; margin-bottom: .0001pt; margin-left: 54.0pt; line-height: 150%;\"><span style=\"font-size: 12.0pt; line-height: 150%; font-family: 'Times New Roman';\" lang=\"SR\">&nbsp;<\/span><\/p>\n<p class=\"MsoBodyText\" style=\"margin-top: 0cm; margin-right: 48.6pt; margin-bottom: .0001pt; margin-left: 54.0pt; line-height: 170%;\"><em>Kao teolo\u0161ko-filozofsko promi\u0161ljanje o \u010dovjeku i njegovu \u017eivotu u dru\u0161tvu, socijalni nauk Crkve proizlazi iz papinskih, biskupskih i koncilskih dokumenata. Stoga su glavne teme socijalnog nauka Crkve ljudska osoba, dru\u0161tvena solidarnost i supsidijarnost. U tom nauku, a u svjetlu kr\u0161\u0107anskog poimanja ljudske osobe te na\u010dela solidarnosti i subsidijarnosti, nude se kr\u0161\u0107anski odgovori na neka te\u0161ka i zamr\u0161ena pitanja, me\u0111u kojima se, ve\u0107 vi\u0161e od stotinu godina, isti\u010de tzv. socijalno pitanje, a od druge polovine 20. stolje\u0107a i pitanje uloga koje imaju sredstva dru\u0161tvene komunikacije, mass media. U ovom \u010dlanku se pokazuje kako odnos Katoli\u010dke crkve i medija nije jednostavan: kako se taj nauk izrazio u doba \u201eborbe protiv modernizma\u201c, kako nakon pojave industrijske revolucije, a kako u \u2018informacijsko doba\u2019 koje jo\u0161 traje. Mo\u017ee se vidjeti da je pristup etici, moralu, odgovornosti i dostojanstvu ljudske osobe u mainstream medijskom prostoru \u010desto opre\u010dno razli\u010dit od odgovora koje nudi Crkva. Da mediji informaciju u tom prostoru samo ne prenose, nego da ga i stvaraju. Za Crkvu, gledaju\u0107i njezin socijalni nauk koji bi trebao slu\u017eiti svim \u010dlanovima dru\u0161tva kao orijentir i uputa za svakodnevno djelovanje, va\u017eno je istinito i cjelovito preno\u0161enje informacija. Kroz ovdje pobrojane dokumente mo\u017ee se vidjeti da Crkva pokazuje spremnost na suo\u010davanje s medijskim izazovima, jednako kao i za mogu\u0107nost njihova kori\u0161tenja u promicanju socijalne pravde, istine, mira i slobode u tra\u017eenju zajedni\u010dkog dobra.<br \/>\n<\/em><\/p>\n<p class=\"MsoBodyText\" style=\"margin-top: 0cm; margin-right: 48.6pt; margin-bottom: .0001pt; margin-left: 54.0pt; line-height: 170%;\">&nbsp;<\/p>\n<p style=\"margin: 0cm 48.6pt 0.0001pt 54pt; line-height: 170%;\"><strong><em>Key words:<\/em><\/strong> <em>socijalni nauk Crkve, papinske enciklike, sredstva dru\u0161tvenog priop\u0107avanja, odnos Katoli\u010dke crkve i medija.<\/em><\/p>\n<p class=\"MsoNormal\" style=\"line-height: 150%;\"><span lang=\"SR\">&nbsp;<\/span><\/p>\n<p><a name=\"6inmediasres16\"><\/a><\/p>\n<p class=\"MsoNormal\" style=\"line-height: 150%;\"><span lang=\"SR\">&nbsp;<\/span><\/p>\n<hr \/>\n<table style=\"width: 755px;\" border=\"0\">\n<tbody>\n<tr>\n<td style=\"width: 215px;\" valign=\"top\"><img loading=\"lazy\" decoding=\"async\" class=\" alignleft size-full wp-image-347\" style=\"float: left;\" src=\"https:\/\/centar-fm.org\/inmediasres\/wp-content\/uploads\/sites\/2\/2020\/05\/inmediasresno1malo16.png\" alt=\"inmediasres16\" width=\"70\" height=\"103\" \/><\/p>\n<p class=\"MsoNormal\" style=\"line-height: 170%;\">\n <strong>&nbsp;9(16)#6 2020<\/strong> <\/p>\n<\/td>\n<td style=\"width: 315px;\" valign=\"top\">\n<p style=\"line-height: 170%; text-align: center;\">\n<a rel=\"license\" href=\"http:\/\/creativecommons.org\/licenses\/by-nc\/4.0\/\"><img decoding=\"async\" alt=\"Creative Commons licenca\" style=\"border-width:0\" src=\"https:\/\/i.creativecommons.org\/l\/by-nc\/4.0\/88x31.png\" \/><\/a><br \/>\u010casopis je otvorenog pristupa, a ovo djelo je dano na kori\u0161tenje pod licencom <a rel=\"license\" href=\"http:\/\/creativecommons.org\/licenses\/by-nc\/4.0\/\"><strong>Creative Commons Imenovanje-Nekomercijalno 4.0 me\u0111unarodna.<\/strong><\/a><\/p>\n<\/td>\n<td valign=\"top\">\n<p style=\"text-align: right; line-height: 150%;\" align=\"center\"><strong><br \/>\nDOI <a href=\"https:\/\/doi.org\/10.46640\/imr.9.16.6\">10.46640\/imr.9.16.6<\/a><br \/>\nUDK 2-452:004.4\u2019242<\/p>\n<p>Izvorni \u010dlanak<\/p>\n<p>Original scientific paper<\/p>\n<p>Primljeno: 14.02.2020.<\/strong><\/p>\n<\/td>\n<\/tr>\n<\/tbody>\n<\/table>\n<p class=\"MsoNormal\" style=\"line-height: 150%;\">&nbsp;<\/p>\n<p class=\"MsoNormal\" style=\"line-height: 150%;\">&nbsp;<\/p>\n<p class=\"MsoNormal\" style=\"text-align: center; line-height: 150%;\" align=\"center\"><span style=\"font-size: 15.0pt; line-height: 150%;\"><a href=\"https:\/\/orcid.org\/0000-0002-1107-7906\">Iva Paska<\/a><\/span><\/p>\n<p style=\"text-align: center; line-height: 150%;\" align=\"center\">Zagreb, Hrvatska<\/p>\n<p>paska.iva@gmail.com<\/p>\n<p style=\"text-align: center;\" align=\"center\"><strong> <span style=\"font-size: 16.0pt; line-height: 150%;\">Fast Choices and Emancipatory Spaces:<br \/>\nComplex Reality of Online dating Apps <\/span><\/strong><\/p>\n<p style=\"text-align: center; line-height: 150%;\" align=\"center\"><a href=\"http:\/\/www.centar-fm.org\/inmediasres\/images\/pdf\/16\/I. Paska, Fast Choices and Emancipatory Spaces - Complex Reality of Online dating Apps.pdf\"><strong><span style=\"color: #DC0101; font-size: 8.0pt;\"><br \/>\nPuni tekst: pdf (631 KB),  English, Str. 2545 &#8211; 2557<br \/>\n<\/span><\/strong><\/a><\/p>\n<p class=\"MsoNormal\" style=\"line-height: 150%;\">&nbsp;<\/p>\n<p style=\"margin: 0cm 48.6pt 0.0001pt 54pt; line-height: 170%;\"><strong><em>Abstract<\/em><\/strong><\/p>\n<p class=\"MsoBodyText\" style=\"margin-top: 0cm; margin-right: 48.6pt; margin-bottom: .0001pt; margin-left: 54.0pt; line-height: 150%;\"><span style=\"font-size: 12.0pt; line-height: 150%; font-family: 'Times New Roman';\" lang=\"SR\">&nbsp;<\/span><\/p>\n<p class=\"MsoBodyText\" style=\"margin-top: 0cm; margin-right: 48.6pt; margin-bottom: .0001pt; margin-left: 54.0pt; line-height: 170%;\"><em>Contemporary digital environments are increasingly changing the ways in which we live and interact. One of the fields where this is evident is the field of intimate relationships. At the beginning of the third decade of the 21st century mobile dating applications are becoming a common way of meeting potential partners. The purpose of this paper is to explore the implications of this and to look more closely how online dating in the age of mobile applications is changing the field of intimate relationships, as well as to note the complexity of this phenomenon.<br \/>\n<\/em><\/p>\n<p class=\"MsoBodyText\" style=\"margin-top: 0cm; margin-right: 48.6pt; margin-bottom: .0001pt; margin-left: 54.0pt; line-height: 170%;\">&nbsp;<\/p>\n<p style=\"margin: 0cm 48.6pt 0.0001pt 54pt; line-height: 170%;\"><strong><em>Key words:<\/em><\/strong> <em>dating applications, intimate relationships, online dating, Tinder, OkCupid, digital media.<\/em><\/p>\n<p class=\"MsoBodyText\" style=\"margin-top: 0cm; margin-right: 48.6pt; margin-bottom: .0001pt; margin-left: 54.0pt; line-height: 170%;\">&nbsp;<\/p>\n<p class=\"MsoNormal\" style=\"line-height: 150%;\">&nbsp;<\/p>\n<p class=\"MsoNormal\" style=\"line-height: 170%;\">Contemporary digital technologies are mediating all aspects of human life, including intimate personal relationships.\u00a0 One of the aspects they are impacting at the beginning of the third decade of the 21st century, is the meeting of potential romantic partners, in the sense that meeting\u00a0 partners through mobile applications has become an increasingly common way of entering into romantic or sexual relationship. Before the age of digital media, romantic partners used to meet mostly through personal social networks e.g. through sociologically so-called &ldquo;weak ties&rdquo;, whereas over the last 15 years the internet has partly displaced the family, the school, the neighbourhood, friends and the workplace as the venue for meeting partners.<a name=\"_ftnref69\"><\/a><a href=\"#_ftn69\"><sup>[<span style=\"font-family: 'times new roman', times;\"><strong>69<\/strong><\/span>]<\/sup><\/a> There has however been further technological development in the recent years in terms of the development of mobile internet and mobile phone applications and an increase in their use. This has also reflected itself on the field of online dating, concretely in the phenomenon of switching from websites for online dating to dating applications on mobile platforms. Dating applications have further contributed to the popularization of online meeting, making online dating less an exception and more a common channel of relationship formation. Research report of the Pew Research Center for the year 2019 shows that online dating has in the recent years lost the stigma attached to it and has become a common way of meeting partners.<a name=\"_ftnref70\"><\/a><a href=\"#_ftn70\"><sup>[<span style=\"font-family: 'times new roman', times;\"><strong>70<\/strong><\/span>]<\/sup><\/a> Further, Rosenfeld&rsquo;s analysis of national data in the USA shows that meeting online has increased so much that it has displaced meeting through friends from their former roles as main intermediaries in the formation of new partnerships.<a name=\"_ftnref71\"><\/a><a href=\"#_ftn71\"><sup>[<span style=\"font-family: 'times new roman', times;\"><strong>71<\/strong><\/span>]<\/sup><\/a> We can also assume that this is linked with the widespread use of digital environments which at the beginning of the third decade of the 21st century, are starting to permeate all aspects of everyday life, including formation of intimate relationships. <\/p>\n<p class=\"MsoNormal\" style=\"line-height: 170%;\">All of the dating applications function in a similar manner. They use user-generated profile data to match users as potential partners. Algorithms analyze the data and check the compatibility of the users and this compatibility is calculated in different ways on different platforms &#8211; it is combined with the criterion of geographical location or closeness and other data from the profile. The most popular applications worldwide are Tinder, OKCupid, Tantan, Badoo and Zoosk. Tinder and OKCupid are owned by the same corporation from the USA called Match Group, Zoosk also originates from the USA, while Tantan is of Chinese origin and Badoo of Russian origin. The application Tinder is considered an innovator and leader within the industry of online dating, being present in more than 190 countries around the world, with more than 50 million users. How widespread it is is evident in the phenomenon of its name becoming a representation of online dating in everyday conversations of the 21st century &#8211;\u00a0 the question when it comes to online dating often turns from &ldquo;Are you dating online?&rdquo; to &ldquo;Are you on Tinder?&rdquo; Also, with Tinder Match Group first introduced the &ldquo;swipe&rdquo; move\u00a0 &#8211; hand move moving mobile phone picture representing refusal or acceptance to &ldquo;match&rdquo; with another application user. This movement has in the meantime become the industry norm and thus it is present also on Tantan, Badoo and Zoosk. All four applications use geographical location and closeness as the criterion for matching, while OKCupid uses the method of matching users based on the results of a psychological test that they can take. While the first three applications are characterized by the technological architecture with the emphasis on the photograph the user uploads, building a profile on OKCupid seems to require more effort by its asking user to fill out the psychological questionnaire. Match Group also owns three other dating applications &#8211; Hinge, Plenty of Fish and Match.com, all catering to different audiences &#8211; Hinge is oriented more towards a younger generation<a name=\"_ftnref72\"><\/a><a href=\"#_ftn72\"><sup>[<span style=\"font-family: 'times new roman', times;\"><strong>72<\/strong><\/span>]<\/sup><\/a>, Plenty of Fish more towards those who are not willing to pay, while Match.com is for those seeking long-term relationships. However, if we start to look at the underlying economic structures, those differences become questionable. For example, the Match Group corporation mentioned above had a 1.7 billion dollar revenue in the year 2018.<a name=\"_ftnref73\"><\/a><a href=\"#_ftn73\"><sup>[<span style=\"font-family: 'times new roman', times;\"><strong>73<\/strong><\/span>]<\/sup><\/a> This ought to remind us that, in spite of the fun-looking frontend of these applications, the economic structures behind them that condition their functioning are profit-making. While basic features of most dating applications are available for free, they are nevertheless based on the profit-making business model, with either charging access to wholesome features of their service or making profit through advertisement. When dating applications are looked at from the perspective of the underlying economic structures, they start to resemble what Theodor Adorno recognized as the artificial differentiation of products in late capitalism. Under the apparent differentiation of the products, what is actually happening is the differentiation of the consumers, where they are segmented, while their choices are predefined, preselected and embodied in a product, so that the whole market is covered in advance &#8211; as Adorno has put it, &ldquo;something is provided for all so that none may escape&rdquo;.<a name=\"_ftnref74\"><\/a><a href=\"#_ftn74\"><sup>[<span style=\"font-family: 'times new roman', times;\"><strong>74<\/strong><\/span>]<\/sup><\/a> When the market segments Match Group covers with its portfolio of applications is looked at from this perspective, together with their own claim that they offer products for any type of dating desire&rdquo;<a name=\"_ftnref75\"><\/a><a href=\"#_ftn75\"><sup>[<span style=\"font-family: 'times new roman', times;\"><strong>75<\/strong><\/span>]<\/sup><\/a><br \/>\n, the autonomy of choice and preference of the user may seem like an artificial segmentation of the market, whereas any difference among the applications can be seen as pseudo-difference since the economic structures behind all applications are the same &#8211;\u00a0 led by the principle of profit-making. It is useful to note this when analyzing the functioning of the applications for online dating, since it impacts the ways in which they mediate user experience.<\/p>\n<p class=\"MsoNormal\" style=\"line-height: 170%;\">What has to be emphasized when it comes to contemporary dating applications is how technological architecture of dating applications differs from the architecture of the online dating websites, following the trend towards the visual in the contemporary technological architecture. Unlike online dating websites that were based on textual profiles, user profiles on dating applications are organized around photographs. The possibility of using text to describe oneself while filling out the profile exists, but it is in most cases minimal. For example, Tinder has space for 6 photos to be uploaded, while it simultaneously has the maximum of 600 characters for text entry on its form for data entry when creating a profile. This is the first significant feature of new dating applications that differentiates them from the previous generation of dating services, websites that provided internet dating before the rise of application and mobile internet. There, the profile was organized around textual content &#8211; while an entry for photograph existed, the emphasis was on the textual content. Most contemporary dating applications like Tinder, Badoo or Tantan emphasize visual content and this is the format that is innovative not only in the field of technological development, but also in the cultural sense. The short form for the textual entry points to the technological architecture that gives primacy to the visual. Even if users wanted to emphasize the textual content, they are not able to do so. Grounding of relationship formation in the architecture of technology favoring visual element is a new cultural moment. Psychological personality on Tinder is organized around six photographs, these photographs becoming a narrative of personal identity. Thus it is not unusual that they are carefully framed and coated through filters in an attempt to look as attractive as possible. Consequently, in digital environments of contemporary dating applications the capability for visual self-presentation becomes the social currency. The important skills are those related to the manipulation and editing of the visual content, in comparison with the textual dating websites where writing skills were crucial for self-presentation. The question of\u00a0 the correlation between digital and social reality also arises. An extremely edited photo on the digital dating application represents a certain social value, but does it necessarily correlate with the social, emotional or cultural capital of its owner in the offline social world? Challenges embodied in this question are part of wider challenges that we come to face in the world where digital environments become increasingly embedded in everyday life. <\/p>\n<p class=\"MsoNormal\" style=\"line-height: 170%;\">Further, the pace in which dating applications condition users to choose a partner can be seen as a cultural shift in relationship formation. The process of choosing potential partner on contemporary dating applications is very fast-paced and simplified. As mentioned above, this process comes down to the so-called &ldquo;swipe&rdquo; &#8211; the movement with which the user drags their finger over the other user&rsquo;s profile to the left or right side, which in the IT architecture behind the application symbolizes rejection or acceptance of the other person as the potential partner. As Marshall McLuhan<a name=\"_ftnref76\"><\/a><a href=\"#_ftn76\"><sup>[<span style=\"font-family: 'times new roman', times;\"><strong>76<\/strong><\/span>]<\/sup><\/a> noted, technology is not neutral; its design conditions the ways people behave. What the &ldquo;swipe&rdquo; thus signifies on a cultural level is a new manner of entering potential romantic relationships. What is different in the process of &ldquo;swiping&rdquo; as a new social practice of relationship-entry in comparison with meeting through friends or one&rsquo;s own network is the very short period of time given for a decision on the compatibility of a potential partner and a decision based on the visual digital content that this kind of technological architecture fosters. The evaluation of someone&rsquo;s compatibility as a partner comes down to the quick look of the photograph presented in the profile and a short moment of decision whether to &ldquo;swipe&rdquo; right or left. While the technological architecture of the dating websites required taking some time to read the potential partner&rsquo;s profile, the architecture of &ldquo;swiping&rdquo; fosters fast-paced decision-making based on visual appearance. When it is taken into account that the practice of the &ldquo;swipe&rdquo; has become so popular socially that it has also become normalized in the everyday language, coming to signify searching for potential partners or hookups, we can view it as a new emergent social practice, reflecting new ways of entering potential relationships based on visual and instant-culture. This kind of relationship-formation gives a phenomenological feeling of greater expendability of such connections at the first sight of any kind of frustration &#8211; after all, why would one dwell long on a connection which was created through minimal effort? This makes for a cultural shift in the structuring of romantic relationship formation and in this sense contemporary dating applications are indeed, as Tinder boasts on its webpage, &ldquo;not only a dating application, but a cultural movement&rdquo;.<a name=\"_ftnref77\"><\/a><a href=\"#_ftn77\"><sup>[<span style=\"font-family: 'times new roman', times;\"><strong>77<\/strong><\/span>]<\/sup><\/a><\/p>\n<p class=\"MsoNormal\" style=\"line-height: 170%;\">What is namely also a new cultural phenomenon when considering contemporary dating applications is the insight into the amount of potential partners available in the social surrounding. This insight, combined with the relatively easy access to these potential partners, has certain implications. It can encourage the evaluative mindset usually applied in the process of consumption. In the year 2010 Eva Illouz<a name=\"_ftnref78\"><\/a><a href=\"#_ftn78\"><sup>[<span style=\"font-family: 'times new roman', times;\"><strong>78<\/strong><\/span>]<\/sup><\/a> conducted a qualitative research on the users of dating websites, and her results already then showed inclinations of users to engage in the process of cognitive evaluation resembling shopping for goods in the market in a capitalistic system of consumption, when searching for a partner on the internet; one&rsquo;s personality is turned into a packaged product, which competes with others on the open market.\u00a0 She placed this within the context of a wider phenomenon that she called &ldquo;emotional capitalism&rdquo;, where relationships become exposed to the logic of utilitarianism and become measurable and replaceable entities.<a name=\"_ftnref79\"><\/a><a href=\"#_ftn79\"><sup>[<span style=\"font-family: 'times new roman', times;\"><strong>79<\/strong><\/span>]<\/sup><\/a> \u0160vab et al. call this principle a &ldquo;rational choice which tries to fulfill emotional needs of the person&rdquo;, such as the choice of their male heterosexual respondents who participated in online dating searching for partners without children, in order to have children with them.<a name=\"_ftnref80\"><\/a><a href=\"#_ftn80\"><sup>[<span style=\"font-family: 'times new roman', times;\"><strong>80<\/strong><\/span>]<\/sup><\/a> However, data from these research studies stems from the age in which textual websites were still prevalent, while it is contemporary dating applications in which this evaluative mindset finds its real embodiment. The architecture of technology of mobile applications for online dating turns potential partners into a database with visual display, while the option of &ldquo;swiping&rdquo; gives the possibility to search through the database quickly, which is phenomenologically a new feeling in the process of the search for romantic partner, because it enables the view of alternative options of potential partners. Thus it is possible to assume that this type of architecture will additionally foster an evaluative mindset among users, where potential partnerships will be evaluated against alternative visible options. In favor of this, the application Tinder was in the year 2015 accused of destroying romantic relationships in the area of New York City<a name=\"_ftnref81\"><\/a><a href=\"#_ftn81\"><sup>[<span style=\"font-family: 'times new roman', times;\"><strong>81<\/strong><\/span>]<\/sup><\/a>, by providing men with a venue for practising unlimited casual sex which lessened their readiness to commit to a long-term relationship. This phenomenon can be understood better if romantic partnerships in contemporary society are considered in terms of Giddens&rsquo;s reflexive relationships of late modernity &#8211; relationships based on personal choice and the will to commit, and which in social context of late modernity are replacing relationships structured by external social anchors such as tradition.<a name=\"_ftnref82\"><\/a><a href=\"#_ftn82\"><sup>[<span style=\"font-family: 'times new roman', times;\"><strong>82<\/strong><\/span>]<\/sup><\/a> Pure relationships of late modernity are based on choice, and their maintenance demands commitment and effort which is what replaces external social anchors in which relationships are rooted in traditional societies. It is already their formation that requires a certain amount of effort.\u00a0 Namely, it is inevitable that the process of forming a new relationship will cause some frustration, in that it is a process of adjustment and harmonisation of two until then separate and distinct subjectivities. It requires some adjustment and negotiating of different habits and habituses on both parts of potential partners which will inevitably include some amount of frustration. In this context, it is definitely tempting and easier to instead &ldquo;swipe&rdquo; right towards a new choice on an online dating application. It can be assumed that economic capitalistic structures in the background of dating applications with the goal of profit-making consequently have the aim of providing the user with the pleasurable experience &#8211; with minimal amount of frustration &#8211; which will prolong his usage of the application, so the organization of the process of meeting in this manner is partially conditioned by those structures. As Zygmunt Bauman notes, in the age of capitalism the process of falling in love is attempted to resemble the goods on the market, by trying to eliminate any kind of anticipation, too much trouble of effort out of the process.<a name=\"_ftnref83\"><\/a><a href=\"#_ftn83\"><sup>[<span style=\"font-family: 'times new roman', times;\"><strong>83<\/strong><\/span>]<\/sup><\/a> This is precisely the formula which dating applications provide &#8211; minimal amount of effort in the process of connecting in addition to minimal amount of frustration and instant availability of alternative choice in the case of dissatisfaction with the existing one. Providing that the population of prospective partners on certain location is big enough that the alternative choices seem endless, this can further have a potentially negative impact on the amount of the effort one is willing to invest in the formation of a particular intimate relationship. Why tolerate frustration if there is always new alternative option available on your mobile phone? Furthemore, if we remember how Heidegger<a name=\"_ftnref84\"><\/a><a href=\"#_ftn84\"><sup>[<span style=\"font-family: 'times new roman', times;\"><strong>84<\/strong><\/span>]<\/sup><\/a> located the very essence of technology in the &ldquo;standing reserve&rdquo; waiting to be ordered for further processing, we can recognize this precisely in the organization of dating applications. It seems that dating applications are turning prospective partners in one&rsquo;s social context to a visual reserve on standby waiting to be ordered for further emotional or sexual processing. In a way it becomes a reserve of alternative options always available &#8211; standing reserve for further emotional or sexual use, to which it is always possible to come back to if the actual physical emotional reality fails or feels too complex.\u00a0 The example of New York City shows that in the context of an area populated enough to have almost unlimited number of alternative options available, this possibility can indeed become a social reality.<\/p>\n<p class=\"MsoNormal\" style=\"line-height: 170%;\">The question that arises further is whether this kind of technological architecture invites certain types of psychological features? What is to be expected when we are collectively subjected to technologies that foster low tolerance of frustration, focus on visual appearance and sense of unlimited possibilities when it comes to intimate relationships? It is not possible to think of these hallmarks without being reminded of a certain type of personality which they could favor &#8211;\u00a0 narcissistic personality. Christopher Lasch<a name=\"_ftnref85\"><\/a><a href=\"#_ftn85\"><sup>[<span style=\"font-family: 'times new roman', times;\"><strong>85<\/strong><\/span>]<\/sup><\/a> has in the 1960s identified the reproduction of the culture of\u00a0 late capitalism in this type of individual. Such personality has an outer grandiose facade, and is adept at managing impressions it gives to others, simultaneously craving attention because of feelings of inner emptiness, but also unable to form satisfying relationships, and thus in the constant search of emotional titillation in the form of shallow relationships which do not last long. The phenomenon of an outer grandiose facade which does not correspond to the inner psychological reality is a hallmark of narcissistic tendencies within the psychoanalytic tradition. The outer facade of grandeur often hides the inner frailty of the self of the narcissistic personality, which is sensitive to the least of frustrations which it experiences as an injury to its self-perceived feelings of omnipotence.\u00a0 Consequently, authentic emotional intimacy exposes this kind of self with too much discrepancy between the narcissist&rsquo;s outer facade and inner reality and thus he tends to avoid intimate relationships. Relationships where others can be used as objects and thus the cognitive control can be maintained are often seeked. Are the environments of the dating applications a technological embodiment of the features of this type of narcissistic self as contemporary cultural norm? Digital environments fostering visual appearance do not offer time to focus on anything else other than appearances, the outer grandeur of the carefully filtered and panned appearance in photos are in contrast with the authenticity that complex social reality inevitably brings with itself, and with a questionable correlation to it. The selection process through the practice of &ldquo;swiping&rdquo; based on visual appearance and the orientation on one&rsquo;s own goals can be said to foster the type of attachment where others are seen as objects instead of subjects. A visual standing reserve of ever-available alternative options on dating applications seems to offer the playground for omnipotent fantasies. All of these features are a reflection of the hallmarks of the narcissistic type of self, inviting\u00a0 the question of whether the contemporary dating applications are a digital space where this kind of personality can now thrive? After all, a never-ending &ldquo;standing reserve&rdquo; of potential partners through which one can swipe offers the feeling that the options for hookups &#8211; shallow relationships that offer short-term emotional satisfaction &#8211;\u00a0 is always present. This offers the possibility of an escape from the emotional risk that entrance into a personal relationship inevitably exposes one to. Do contemporary dating applications then in this manner provide the means for escaping from\u00a0 emotional risk for narcissistic selves of the 21st century &#8211;\u00a0 a tool for the compensation of the formation of long-lasting relationships? This is one possible type of usage that their technological architecture fosters. <\/p>\n<p class=\"MsoNormal\" style=\"line-height: 170%;\">What is, however, easy to overlook when it comes to dating applications are the emancipatory spaces that can be found within them. For example, the previously mentioned OkCupid application which uses psychological testing to match users offers a lot of space for personal psychological exploration during its usage. When creating a profile, the user is faced with multiple choice questions about his or her lifestyle, values, sexual preferences and habits, based on which the algorithm of the application then calculates his or her compatibility with other users. The number of questions which one can answer on OkCupid is extensive &#8211; it counts to 4000.\u00a0 This kind of technological architecture can be seen as opening up the space for reflexive exploration of one&rsquo;s identity. As Giddens<a name=\"_ftnref86\"><\/a><a href=\"#_ftn86\"><sup>[<span style=\"font-family: 'times new roman', times;\"><strong>86<\/strong><\/span>]<\/sup><\/a>\u00a0 has also noted, the self is in late modernity a project based on reflexivity, meaning that reflexivity is transferred from collective traditions to individual choices about one&rsquo;s lifestyle and decisions on how to live. Except being an active creator of his or her relationships, the late modern individual is an active agent in the construction of his own identity. With its 4000 questions available for reflexive pondering of one&rsquo;s identity, OKCupid represents an ideal technological platform for the self-reflexive individual of late modernity that Giddens describes. It is hard to answer these questions without having a new insight about oneself, and in this sense the application fosters reflexive exploration of one&rsquo;s identity. Further, even for those individuals who have already thought about their identity reflexively, this level of extensiveness when it comes to reflexivity offers new potential insights &#8211; for example, &ldquo;How much control do your parents have over your life&rdquo; or &ldquo;Is it possible for your partner to be too ambitious?&rdquo; OKCupid does not leave out any possible area when it comes to reflexivity &#8211; it is fostered through questions on daily habits, political values, moral values, attitudes towards relationships, preferences in relationships and sexual identity. The latter is where OKCupid becomes a really sophisticated tool for the exploration of sexual identity of the late modern individual, with 22 available categories of gender and 13 of sexual orientation into which users can classify themselves, while the website simultaneously offers detailed descriptions of each of those identities. This gives the user an opportunity to acquaint himself or herself with existing categories of sexual identity and to question one&rsquo;s own in relation to them. The application even popularized the term &ldquo;sapiosexual&rdquo;, meaning a person who &ldquo;finds intelligence sexually most attractive characteristic&rdquo;<a name=\"_ftnref87\"><\/a><a href=\"#_ftn87\"><sup>[<span style=\"font-family: 'times new roman', times;\"><strong>87<\/strong><\/span>]<\/sup><\/a>, which has also entered the everyday language. By widening the field for potential reflexivity and\u00a0 fostering the reflexivity of its users, OKCupid can be seen as the digital space for deliberation which can be helpful in the reflexive construction of one&rsquo;s identity. In this sense, it can be seen as having a certain emancipatory potential, especially in the contexts of social structures where exploration of sexual identities outside of traditional gender roles is still forbidden or socially punished.<\/p>\n<p class=\"MsoNormal\" style=\"line-height: 170%;\">The emancipatory space that digital applications for dating offer can also manifest itself in the unintended consequences of their usage, in the sense of users using dating applications to build different kinds of connections than it was envisioned in its original aim. For example, a Belgian study on the usage of Tinder<a name=\"_ftnref88\"><\/a><a href=\"#_ftn88\"><sup>[<span style=\"font-family: 'times new roman', times;\"><strong>88<\/strong><\/span>]<\/sup><\/a> among youth showed that it is also used for the aim of socialization when travelling or betterment of social skills. Users thus find ways to use the technology of dating application for their own goals, besides the goal of finding a partner or a hookup. This potential of using internet technology for establishing connections of a different kind than it was intended for is part of a wider emancipatory space that digital technology creates. This was recognized on many levels since the beginning of the internet, in the digital space which social networks offered for networking outside of institutional venues, for example, in terms of the organization of protests.<a name=\"_ftnref89\"><\/a><a href=\"#_ftn89\"><sup>[<span style=\"font-family: 'times new roman', times;\"><strong>89<\/strong><\/span>]<\/sup><\/a> Digital technology has the potential of disembedding the individual out of his or her social circles and offers the possibility to establish connections with social circles which the individual had no way of locating before. Ortega and Hergovich have proven that online meeting is beneficial to social diversity, analysing how it connects individuals without overlapping social networks.<a name=\"_ftnref90\"><\/a><a href=\"#_ftn90\"><sup>[<span style=\"font-family: 'times new roman', times;\"><strong>90<\/strong><\/span>]<\/sup><\/a> This potential is further increased with the technological possibility of dating applications to locate users geolocally, meaning locating geographical location of the certain mobile internet connection enabled by smartphones and mobile internet, while this search can be combined with certain characteristics of users as the criterion for searching.\u00a0 Thus it is not surprising that this way of connecting will be of greatest importance for those social groups whose members are hard to locate in the physical social reality, for example marginalized social groups that lack venues for meeting in a certain social context. One of the social groups for which these technological possibilities are of importance is the LGBTQI community. For example, research on a representative population in USA<a name=\"_ftnref91\"><\/a><a href=\"#_ftn91\"><sup>[<span style=\"font-family: 'times new roman', times;\"><strong>91<\/strong><\/span>]<\/sup><\/a> shows that already before the emergence of dating applications more than 60% of LGBTQI persons in USA met online in 2008 and 2009 and that internet mostly displaces other ways of meeting precisely within this population. 41% of homosexual couples who met in the last 10 years have met online, while this percentage is 17% when it comes to heterosexual couples<a name=\"_ftnref92\"><\/a><a href=\"#_ftn92\"><sup>[<span style=\"font-family: 'times new roman', times;\"><strong>92<\/strong><\/span>]<\/sup><\/a>.\u00a0 In the context of social norms that users experience as repressive, as in the case of homosexuality which is still socially stigmatized, online dating venues provide a platform for safe socialization and meeting of potential partners. Qualitative research conducted in Slovenia has shown that gay men use online venues as places for the establishment of connections in the context of social stigma attached to homosexuality and homophobia, as well as lack of bars for homosexuals, and as means of socialization.<a name=\"_ftnref93\"><\/a><a href=\"#_ftn93\"><sup>[<span style=\"font-family: 'times new roman', times;\"><strong>93<\/strong><\/span>]<\/sup><\/a> Qualitative research study conducted on young men in USA also indicates the importance that dating applications have for providing the space for the establishment of meaningful relationships within the homosexual community.<a name=\"_ftnref94\"><\/a><a href=\"#_ftn94\"><sup>[<span style=\"font-family: 'times new roman', times;\"><strong>94<\/strong><\/span>]<\/sup><\/a> The ability to search users through the feature of geolocation enables new digital space to connect with individuals from different social networks with which are in immediate geographical proximity and with which individual was previously unconnected and thus the potential of acquiring a new social capital. Even in cities which are considered progressive in terms of LGBTQI rights such as London, dating applications are found to allow the practice of queer life in ways that are adaptable to the preferences of users.<a name=\"_ftnref95\"><\/a><a href=\"#_ftn95\"><sup>[<span style=\"font-family: 'times new roman', times;\"><strong>95<\/strong><\/span>]<\/sup><\/a> \u00a0Some hardships in the translation of this connection to the physical and social space have also been noted, a tendency towards closing of the homosexual relations into private spaces as well as hardships when it comes to locating &ldquo;community&rdquo; in the digital applications. Despite that, it seems that online dating applications are important for the establishment of intimate connections of individuals within LGBTQI population. Dating applications open up spaces of access to other members of this marginalized group in the context of lack of spaces for connecting in the social physical reality and thus harder possibility of detecting the members of this group.\u00a0 Although the attempt of translating the potential relationships from digital two-dimensional reality to the social reality in its complexity of economic, cultural and emotional capital is characterized by possible discrepancies between the two realities, it is already evident that in spite of this dating apps provide novel spaces for the formation of social capital. <\/p>\n<p class=\"MsoNormal\" style=\"line-height: 170%;\">In a similar manner, online dating applications provide spaces for the realization of personal agency and related behaviors within other social contexts felt as oppressive within which social reality offers limited possibilities of connecting within physical locations. For example, in India, where traditional social norms still require young people, especially women, not to date or have sex before marriage, Tinder has become a tool that allows for the bypassing of these norms and exercise of sexual autonomy for the younger generation that experiences these norms as repressive.<a name=\"_ftnref96\"><\/a><a href=\"#_ftn96\"><sup>[<span style=\"font-family: 'times new roman', times;\"><strong>96<\/strong><\/span>]<\/sup><\/a> In this context dating applications represent online points of access &#8211; similarly to what they allow for the homosexual population in a social reality which lacks venues for meetings of these marginalized groups. Thus one of the emancipatory spaces that dating applications provide is located within their potential to transfer behaviors from digital to offline spaces which can be seen as an exercise of agency in establishment of intimate relationships within social contexts that are felt as oppressive. <\/p>\n<p class=\"MsoNormal\" style=\"line-height: 170%;\">In conclusion, online dating applications are changing the ways in which romantic relationships are formed in the 21st century. On the one hand, because of the seemingly unlimited choices of finding alternative partners they continually offer, combined with the ease of their browsing and the practice of fast choice in addition to the technological primacy of the visual aspect, they can be seen as medium enabling goal-oriented behaviors and thus in this sense introducing principles of technology and capitalistic consumption into the formation of intimate relationships. Potential implications of this can be found also in the easier avoidance of emotional investing in long-term relationships for which such possibilities are provided by this kind of digital environment. However, it should also be emphasized that this kind of technological architecture creates emancipatory spaces, both on individual and social level. On the individual level this is evident in its possibility to offer a place of empowerment in terms of reflexive exploration of identities or means of establishing of safe connection and exercise of agency in social contexts that are felt as oppressive and increase in one&rsquo;s social capital. On the social level it is manifested in terms of connecting of previously unconnected social groups. Reality of dating applications which are becoming a common way to meet in the field of intimate relationships in the 21st century seems to be more complex than the evaluation of their implications one-sidedly as either positive or negative, would allow. <\/p>\n<p class=\"MsoNormal\" style=\"line-height: 150%;\">&nbsp;<\/p>\n<hr align=\"left\" size=\"1\" width=\"33%\" \/>\n<div id=\"ftn69\">\n<p class=\"MsoNormal\" style=\"line-height: 150%;\"><span style=\"font-size: 8.0pt;\"><a name=\"_ftn69\"><\/a><a href=\"#_ftnref69\"><sup>[<span style=\"font-family: 'times new roman', \ntimes;\"><strong>69<\/strong><\/span>]<\/sup><\/a>&nbsp;<br \/>\nMichael J. Rosenfeld and Reuben J. Thomas, Searching for a Mate: The Rise of the Internet as the Social Intermediary, American Sociological Review 77(4): 523.<br \/>\n<\/span><\/p>\n<\/div>\n<div id=\"ftn70\">\n<p class=\"MsoNormal\" style=\"line-height: 150%;\"><span style=\"font-size: 8.0pt;\"><a name=\"_ftn70\"><\/a><a href=\"#_ftnref70\"><sup>[<span style=\"font-family: 'times new roman', \ntimes;\"><strong>70<\/strong><\/span>]<\/sup><\/a>&nbsp;<br \/>\n&ldquo;5 facts about online dating&rdquo;, available at <a href=\"https:\/\/www.pewresearch.org\/fact-tank\/2016\/02\/29\/5-facts-about-online-dating\/\">https:\/\/www.pewresearch.org\/fact-tank\/2016\/02\/29\/5-facts-about-online-dating\/<\/a>, Access 10th November 2019.<br \/>\n<\/span><\/p>\n<\/div>\n<div id=\"ftn71\">\n<p class=\"MsoNormal\" style=\"line-height: 150%;\"><span style=\"font-size: 8.0pt;\"><a name=\"_ftn71\"><\/a><a href=\"#_ftnref71\"><sup>[<span style=\"font-family: 'times new roman', \ntimes;\"><strong>71<\/strong><\/span>]<\/sup><\/a>&nbsp;<br \/>\nMichael J. Rosenfeld and Reuben J. Thomas, &ldquo;Disintermediating your friends:\u00a0 How Online Dating in the United States displaces other ways of meeting&rdquo;,\u00a0 <em>Proceedings of the National Academy of Sciences<\/em> 116 (36), p. 17758.<br \/>\n<\/span><\/p>\n<\/div>\n<div id=\"ftn72\">\n<p class=\"MsoNormal\" style=\"line-height: 150%;\"><span style=\"font-size: 8.0pt;\"><a name=\"_ftn72\"><\/a><a href=\"#_ftnref72\"><sup>[<span style=\"font-family: 'times new roman', \ntimes;\"><strong>72<\/strong><\/span>]<\/sup><\/a>&nbsp;<br \/>\nWhy Hinge is staging own &ldquo;death&rdquo; to stand apart from sister-app Tinder, <a href=\"https:\/\/www.thedrum.com\/news\/2019\/08\/12\/why-hinge-staging-own-death-stand-apart-sister-app-tinder\">https:\/\/www.thedrum.com\/news\/2019\/08\/12\/why-hinge-staging-own-death-stand-apart-sister-app-tinder<\/a>, Access: 9th of January 2020.<br \/>\n<\/span><\/p>\n<\/div>\n<div id=\"ftn73\">\n<p class=\"MsoNormal\" style=\"line-height: 150%;\"><span style=\"font-size: 8.0pt;\"><a name=\"_ftn73\"><\/a><a href=\"#_ftnref73\"><sup>[<span style=\"font-family: 'times new roman', \ntimes;\"><strong>73<\/strong><\/span>]<\/sup><\/a>&nbsp;<br \/>\n&ldquo;Match Group&rdquo;, <a href=\"https:\/\/en.wikipedia.org\/wiki\/Match_Group\">https:\/\/en.wikipedia.org\/wiki\/Match_Group<\/a>, Access: 10th of November 2019.<br \/>\n<\/span><\/p>\n<\/div>\n<div id=\"ftn74\">\n<p class=\"MsoNormal\" style=\"line-height: 150%;\"><span style=\"font-size: 8.0pt;\"><a name=\"_ftn74\"><\/a><a href=\"#_ftnref74\"><sup>[<span style=\"font-family: 'times new roman', \ntimes;\"><strong>74<\/strong><\/span>]<\/sup><\/a>&nbsp;<br \/>\nMax Horkheimer i Theodor Adorno, &ldquo;The Culture Industry: Englightenment as Mass Deception&rdquo;in <em>Media and Cultural Studies: KeyWorks<\/em>, Ed. Meenakshi Gigi Durkham i Douglas M. Kellner, John Wiley and Sons, Chichester, 2012., p. 55<\/p>\n<p><\/span><\/p>\n<\/div>\n<div id=\"ftn75\">\n<p class=\"MsoNormal\" style=\"line-height: 150%;\"><span style=\"font-size: 8.0pt;\"><a name=\"_ftn75\"><\/a><a href=\"#_ftnref75\"><sup>[<span style=\"font-family: 'times new roman', \ntimes;\"><strong>75<\/strong><\/span>]<\/sup><\/a>&nbsp;<br \/>\nMatch Group, <a href=\"https:\/\/www.mtch.com\/\">https:\/\/www.mtch.com\/<\/a>, Access: 9th of January 2020.<\/p>\n<p><\/span><\/p>\n<\/div>\n<div id=\"ftn76\">\n<p class=\"MsoNormal\" style=\"line-height: 150%;\"><span style=\"font-size: 8.0pt;\"><a name=\"_ftn76\"><\/a><a href=\"#_ftnref76\"><sup>[<span style=\"font-family: 'times new roman', \ntimes;\"><strong>76<\/strong><\/span>]<\/sup><\/a>&nbsp;<br \/>\nMarshall McLuhan, <em>Understanding media: The extensions of ma<\/em>n, London and New York, McGraw-Hill 1964, p. 10.<br \/>\n<\/span><\/p>\n<\/div>\n<div id=\"ftn77\">\n<p class=\"MsoNormal\" style=\"line-height: 150%;\"><span style=\"font-size: 8.0pt;\"><a name=\"_ftn77\"><\/a><a href=\"#_ftnref77\"><sup>[<span style=\"font-family: 'times new roman', \ntimes;\"><strong>77<\/strong><\/span>]<\/sup><\/a>&nbsp;<br \/>\n&ldquo;Tinder&rdquo;,\u00a0 <a href=\"https:\/\/tinder.com\/?lang=hr\">https:\/\/tinder.com\/<\/a>, Access: 10th November 2019.<\/p>\n<p><\/span><\/p>\n<\/div>\n<div id=\"ftn78\">\n<p class=\"MsoNormal\" style=\"line-height: 150%;\"><span style=\"font-size: 8.0pt;\"><a name=\"_ftn78\"><\/a><a href=\"#_ftnref78\"><sup>[<span style=\"font-family: 'times new roman', \ntimes;\"><strong>78<\/strong><\/span>]<\/sup><\/a>&nbsp;<br \/>\nEva Illouz, <em>Hladne intimnosti: Oblikovanje \u010dustvenega kapitalizma<\/em>, Zalo\u017eba Krtina, Ljubljana, 2010.<br \/>\n<\/span><\/p>\n<\/div>\n<div id=\"ftn79\">\n<p class=\"MsoNormal\" style=\"line-height: 150%;\"><span style=\"font-size: 8.0pt;\"><a name=\"_ftn79\"><\/a><a href=\"#_ftnref79\"><sup>[<span style=\"font-family: 'times new roman', \ntimes;\"><strong>79<\/strong><\/span>]<\/sup><\/a>&nbsp;<br \/>\nIbid., str. 131-132.<br \/>\n<\/span><\/p>\n<\/div>\n<div id=\"ftn80\">\n<p class=\"MsoNormal\" style=\"line-height: 150%;\"><span style=\"font-size: 8.0pt;\"><a name=\"_ftn80\"><\/a><a href=\"#_ftnref80\"><sup>[<span style=\"font-family: 'times new roman', \ntimes;\"><strong>80<\/strong><\/span>]<\/sup><\/a>&nbsp;<br \/>\nTja\u0161a \u017daljek, Doris Kocon, Alenka \u0160vab and Roman Kuhar, &ldquo;Internet Dating as a Project: The Commodification and Rationalisation of Online Dating&rdquo;,\u00a0 <em>Dru\u017eboslovne razprave<\/em>, 13(78), str. 21<br \/>\n<\/span><\/p>\n<\/div>\n<div id=\"ftn81\">\n<p class=\"MsoNormal\" style=\"line-height: 150%;\"><span style=\"font-size: 8.0pt;\"><a name=\"_ftn81\"><\/a><a href=\"#_ftnref81\"><sup>[<span style=\"font-family: 'times new roman', \ntimes;\"><strong>81<\/strong><\/span>]<\/sup><\/a>&nbsp;<br \/>\n&ldquo;Tinder is tearing apart society&rdquo;, <a href=\"https:\/\/nypost.com\/2015\/08\/16\/tinder-is-tearing-apart-society\/\">https:\/\/nypost.com\/2015\/08\/16\/tinder-is-tearing-apart-society\/<\/a>, Access: 20th of October 2019.<br \/>\n<\/span><\/p>\n<\/div>\n<div id=\"ftn82\">\n<p class=\"MsoNormal\" style=\"line-height: 150%;\"><span style=\"font-size: 8.0pt;\"><a name=\"_ftn82\"><\/a><a href=\"#_ftnref82\"><sup>[<span style=\"font-family: 'times new roman', \ntimes;\"><strong>82<\/strong><\/span>]<\/sup><\/a>&nbsp;<br \/>\nAnthony Giddens, <em>Modernity and Self-identity<\/em>, Polity press, London, 1991.<br \/>\n<\/span><\/p>\n<\/div>\n<div id=\"ftn83\">\n<p class=\"MsoNormal\" style=\"line-height: 150%;\"><span style=\"font-size: 8.0pt;\"><a name=\"_ftn83\"><\/a><a href=\"#_ftnref83\"><sup>[<span style=\"font-family: 'times new roman', \ntimes;\"><strong>83<\/strong><\/span>]<\/sup><\/a>&nbsp;<br \/>\nZygmunt Bauman,<em> Liquid Love: On the frailty of human bonds,<\/em> Polity press, Cambridge, 2003., p. 7<br \/>\n<\/span><\/p>\n<\/div>\n<div id=\"ftn84\">\n<p class=\"MsoNormal\" style=\"line-height: 150%;\"><span style=\"font-size: 8.0pt;\"><a name=\"_ftn84\"><\/a><a href=\"#_ftnref84\"><sup>[<span style=\"font-family: 'times new roman', \ntimes;\"><strong>84<\/strong><\/span>]<\/sup><\/a>&nbsp;<br \/>\nMartin Heidegger, &ldquo;Pitanje o tehnici&rdquo; iz <em>Uvod u Heideggera<\/em>, Centar za dru\u0161tvene djelatnosti omladine RK SOH, Zagreb, 1972.<br \/>\n<\/span><\/p>\n<\/div>\n<div id=\"ftn85\">\n<p class=\"MsoNormal\" style=\"line-height: 150%;\"><span style=\"font-size: 8.0pt;\"><a name=\"_ftn85\"><\/a><a href=\"#_ftnref85\"><sup>[<span style=\"font-family: 'times new roman', \ntimes;\"><strong>85<\/strong><\/span>]<\/sup><\/a>&nbsp;<br \/>\nChristopher Lasch, The Culture of Narcissism: American Life in the Age of Diminshing Expectations, Norton &amp; Company, New York, 1991., pg. 34<br \/>\n<\/span><\/p>\n<\/div>\n<div id=\"ftn86\">\n<p class=\"MsoNormal\" style=\"line-height: 150%;\"><span style=\"font-size: 8.0pt;\"><a name=\"_ftn86\"><\/a><a href=\"#_ftnref86\"><sup>[<span style=\"font-family: 'times new roman', \ntimes;\"><strong>86<\/strong><\/span>]<\/sup><\/a>&nbsp;<br \/>\nAnthony Giddens, <em>Modernity and self-identity<\/em>, Polity press, London, 1991.<br \/>\n<\/span><\/p>\n<\/div>\n<div id=\"ftn87\">\n<p class=\"MsoNormal\" style=\"line-height: 150%;\"><span style=\"font-size: 8.0pt;\"><a name=\"_ftn87\"><\/a><a href=\"#_ftnref87\"><sup>[<span style=\"font-family: 'times new roman', \ntimes;\"><strong>87<\/strong><\/span>]<\/sup><\/a>&nbsp;<br \/>\n&ldquo;Identity: Orientation and Gender Expression as told by real, actual humans&rdquo;, <a href=\"https:\/\/www.okcupid.com\/identity\/sapiosexual\">https:\/\/www.okcupid.com\/identity\/sapiosexual<\/a>, Access: 10th of November 2019.<br \/>\n<\/span><\/p>\n<\/div>\n<div id=\"ftn88\">\n<p class=\"MsoNormal\" style=\"line-height: 150%;\"><span style=\"font-size: 8.0pt;\"><a name=\"_ftn88\"><\/a><a href=\"#_ftnref88\"><sup>[<span style=\"font-family: 'times new roman', \ntimes;\"><strong>88<\/strong><\/span>]<\/sup><\/a>&nbsp;<br \/>\nElisabeth Timmermans, &ldquo;From Swiping to Casual Sex and\/or Committed Relationships&rdquo;,<em> The Information Society,<\/em> 34(2), p. 109<br \/>\n<\/span><\/p>\n<\/div>\n<div id=\"ftn89\">\n<p class=\"MsoNormal\" style=\"line-height: 150%;\"><span style=\"font-size: 8.0pt;\"><a name=\"_ftn89\"><\/a><a href=\"#_ftnref89\"><sup>[<span style=\"font-family: 'times new roman', \ntimes;\"><strong>89<\/strong><\/span>]<\/sup><\/a>&nbsp;<br \/>\nManuel Castells, <em>Networks of Outrage and Hope: Social Movements in the Internet Age,<\/em> Polity Press, Cambridge, 2012.<\/p>\n<p><\/span><\/p>\n<\/div>\n<div id=\"ftn90\">\n<p class=\"MsoNormal\" style=\"line-height: 150%;\"><span style=\"font-size: 8.0pt;\"><a name=\"_ftn90\"><\/a><a href=\"#_ftnref90\"><sup>[<span style=\"font-family: 'times new roman', \ntimes;\"><strong>90<\/strong><\/span>]<\/sup><\/a>&nbsp;<br \/>\nJosue Ortega i Phillip Hergovich, <em>The Strength of Absent Ties: Social Integration via Online Dating,<\/em> <a href=\"https:\/\/arxiv.org\/pdf\/1709.10478.pdf\">https:\/\/arxiv.org\/pdf\/1709.10478.pdf<\/a>, Access: 20th of October 2019.<br \/>\n<\/span><\/p>\n<\/div>\n<div id=\"ftn91\">\n<p class=\"MsoNormal\" style=\"line-height: 150%;\"><span style=\"font-size: 8.0pt;\"><a name=\"_ftn91\"><\/a><a href=\"#_ftnref91\"><sup>[<span style=\"font-family: 'times new roman', \ntimes;\"><strong>91<\/strong><\/span>]<\/sup><\/a>&nbsp;<br \/>\nMichael J. Rosenfeld and Reuben J. Thomas, Searching for a Mate: The Rise of the Internet as the Social Intermediary, <em>American Sociological Review <\/em>77(4), p. 17-18.<br \/>\n<\/span><\/p>\n<\/div>\n<div id=\"ftn92\">\n<p class=\"MsoNormal\" style=\"line-height: 150%;\"><span style=\"font-size: 8.0pt;\"><a name=\"_ftn92\"><\/a><a href=\"#_ftnref92\"><sup>[<span style=\"font-family: 'times new roman', \ntimes;\"><strong>92<\/strong><\/span>]<\/sup><\/a>&nbsp;<br \/>\nIbid, p. 23-24.<\/p>\n<p><\/span><\/p>\n<\/div>\n<div id=\"ftn93\">\n<p class=\"MsoNormal\" style=\"line-height: 150%;\"><span style=\"font-size: 8.0pt;\"><a name=\"_ftn93\"><\/a><a href=\"#_ftnref93\"><sup>[<span style=\"font-family: 'times new roman', \ntimes;\"><strong>93<\/strong><\/span>]<\/sup><\/a>&nbsp;<br \/>\nTja\u0161a \u017daljek, Doris Kocon, Alenka \u0160vab and Roman Kuhar, &ldquo;Internet Dating as a Project: The Commodification and Rationalisation of Online Dating&rdquo;,\u00a0 <em>Dru\u017eboslovne razprave<\/em>, 13(78), p. 14<br \/>\n<\/span><\/p>\n<\/div>\n<div id=\"ftn94\">\n<p class=\"MsoNormal\" style=\"line-height: 150%;\"><span style=\"font-size: 8.0pt;\"><a name=\"_ftn94\"><\/a><a href=\"#_ftnref94\"><sup>[<span style=\"font-family: 'times new roman', \ntimes;\"><strong>94<\/strong><\/span>]<\/sup><\/a>&nbsp;<br \/>\nUteda, Austin, &quot;Young Gay Adults&rsquo; Personal Engagement with Contemporary Hookup Culture Through the Use of Mobile Apps&quot;, Undergraduate Honors Theses, 1460. Available at: <a href=\"https:\/\/scholar.colorado.edu\/honr_theses\/1460\">https:\/\/scholar.colorado.edu\/honr_theses\/1460<\/a>, Access 10th November 2019. <\/p>\n<p><\/span><\/p>\n<\/div>\n<div id=\"ftn95\">\n<p class=\"MsoNormal\" style=\"line-height: 150%;\"><span style=\"font-size: 8.0pt;\"><a name=\"_ftn95\"><\/a><a href=\"#_ftnref95\"><sup>[<span style=\"font-family: 'times new roman', \ntimes;\"><strong>95<\/strong><\/span>]<\/sup><\/a>&nbsp;<br \/>\nSam Miles (2017) &ldquo;Sex in the digital city: location-based dating apps and queer urban life&rdquo;, <em>Gender, Place &amp; Culture<\/em>, 24:11, p. 1595-1610<\/p>\n<p><\/span><\/p>\n<\/div>\n<div id=\"ftn96\">\n<p class=\"MsoNormal\" style=\"line-height: 150%;\"><span style=\"font-size: 8.0pt;\"><a name=\"_ftn96\"><\/a><a href=\"#_ftnref96\"><sup>[<span style=\"font-family: 'times new roman', \ntimes;\"><strong>96<\/strong><\/span>]<\/sup><\/a>&nbsp;<br \/>\nHow Tinder changed the dating landscape of India, <a href=\"https:\/\/mediaindia.eu\/social-vibes\/how-tinder-changed-the-dating-landscape-of-india\/\">https:\/\/mediaindia.eu\/social-vibes\/how-tinder-changed-the-dating-landscape-of-india\/<\/a> Access: 11 December 2019.<\/p>\n<p><\/span><\/p>\n<\/div>\n<p class=\"MsoNormal\" style=\"line-height: 150%;\">&nbsp;<\/p>\n<p class=\"MsoNormal\" style=\"line-height: 170%;\"><strong>Literature:<\/strong><\/p>\n<p class=\"MsoNormal\" style=\"line-height: 170%;\">&ldquo;5 facts about online dating&rdquo;, <a href=\"https:\/\/www.pewresearch.org\/fact-tank\/2016\/02\/29\/5-facts-about-online-dating\/\">https:\/\/www.pewresearch.org\/fact-tank\/2016\/02\/29\/5-facts-about-online-dating\/<\/a><u>,<\/u> Access: 10th of November 2019.<\/p>\n<p class=\"MsoNormal\" style=\"line-height: 170%;\">Anthony Giddens, <em>Modernity and Self-identity<\/em>, Polity press, London, 1991. <\/p>\n<p class=\"MsoNormal\" style=\"line-height: 170%;\">Anthony Giddens, <em>The transformation of intimacy: Sexuality, Love and Eroticism in Modern Societies<\/em>, Polity press, Cambridge, 1992. <\/p>\n<p class=\"MsoNormal\" style=\"line-height: 170%;\">Christopher Lasch, <em>The Culture of Narcissism: American Life in the Age of Diminshing Expectations<\/em>, Norton &amp; Company, New York, 1991. <\/p>\n<p class=\"MsoNormal\" style=\"line-height: 170%;\">Maria Henriete Pozsar, Alina Ioana Dumitrescu, Denisa Piticas and Sorana Constantinescu, Dating Apps in the Dating Apps in the Lives of Young Romanian Women,\u00a0 A Preliminary Study, <em>Journal of Gender and Feminist Studies<\/em> 11, 216-238. <\/p>\n<p class=\"MsoNormal\" style=\"line-height: 170%;\">Eva Illouz, <em>Hladne intimnosti: Oblikovanje \u010dustvenega kapitalizma<\/em>, Zalo\u017eba Krtina, Ljubljana 2010. <\/p>\n<p class=\"MsoNormal\" style=\"line-height: 170%;\">Eli J. Finkel, Paul W. Eastwick, Benjamin R. Karney, Harry T. Reis i Susan Sprecher, &ldquo;Online Dating: A Critical Analysis From the Perspective of Psychological Science&rdquo;, <em>Psychological Science in the Public Interest<\/em>, 13(1), p. 3-66. <\/p>\n<p class=\"MsoNormal\" style=\"line-height: 170%;\">Elisabeth Timmermans, &ldquo;From Swiping to Casual Sex and\/or Committed Relationships&rdquo;, <em>The Information Society<\/em>, 34(2), p.59-70.<\/p>\n<p class=\"MsoNormal\" style=\"line-height: 170%;\">How Tinder changed the dating landscape of India, <u>https:\/\/mediaindia.eu\/social-vibes\/how-tinder-changed-the-dating-landscape-of-india\/,<\/u> Access 11th December 2019. <\/p>\n<p class=\"MsoNormal\" style=\"line-height: 170%;\">&ldquo;Identity: Orientation and Gender Expression as told by real, actual humans&rdquo;, <a href=\"https:\/\/www.okcupid.com\/identity\/sapiosexual\">https:\/\/www.okcupid.com\/identity\/sapiosexual<\/a><u>,<\/u> Access: 10th of November 2019.\u00a0 <\/p>\n<p class=\"MsoNormal\" style=\"line-height: 170%;\">Josue Ortega and Phillip Hergovich, &ldquo;The Strength of Absent Ties: Social Integration via Online Dating&rdquo;<em>,<\/em> available at <a href=\"https:\/\/arxiv.org\/pdf\/1709.10478.pdf\">https:\/\/arxiv.org\/pdf\/1709.10478.pdf<\/a>, Access:\u00a0 20th of October 2019. <\/p>\n<p class=\"MsoNormal\" style=\"line-height: 170%;\">Manuel Castells, <em>Networks of Outrage and Hope: Social Movements in the Internet Age<\/em>, Polity Press, Cambridge, 2012. <\/p>\n<p class=\"MsoNormal\" style=\"line-height: 170%;\">Margaret A. Hance, Ginette Blackhart and Megan Dew, &ldquo;Free to be me: The relationship between the true self, rejection sensitivity, and the use of online dating sites&rdquo;, <em>The Journal of Social Psychology<\/em>, 158, p. 1-9. <\/p>\n<p class=\"MsoNormal\" style=\"line-height: 170%;\">Marshall McLuhan, <em>Understanding media: The extensions of man<\/em>, Mc Graw-Hill, London i New York, 1964. <\/p>\n<p class=\"MsoNormal\" style=\"line-height: 170%;\">Martin Heidegger, &ldquo;Pitanje o tehnici&rdquo; iz <em>Uvod u Heideggera<\/em>, Centar za dru\u0161tvene djelatnosti omladine RK SOH, Zagreb, 1972.<strong><\/strong><\/p>\n<p class=\"MsoNormal\" style=\"line-height: 170%;\">Max Horkheimer and Theodor Adorno, &ldquo;The Culture Industry: Enlightenment as Mass Deception&rdquo;in <em>Media and Cultural Studies: KeyWorks<\/em>, ur. Meenakshi Gigi Durkham i Douglas M. Kellner, John Wiley and Sons, Chichester, 2012.<\/p>\n<p class=\"MsoNormal\" style=\"line-height: 170%;\">&ldquo;Match Group&rdquo;, <a href=\"https:\/\/en.wikipedia.org\/wiki\/Match_Group\">https:\/\/en.wikipedia.org\/wiki\/Match_Group<\/a><u>,<\/u> Access: 10th of November 2019. <\/p>\n<p class=\"MsoNormal\" style=\"line-height: 170%;\">&ldquo;Match Group&rdquo;, <a href=\"https:\/\/www.mtch.com\/\">https:\/\/www.mtch.com\/<\/a><u>,<\/u> Access: 9th of January 2020.<\/p>\n<p class=\"MsoNormal\" style=\"line-height: 170%;\">Michael J. Rosenfeld i Reuben J. Thomas,<em> &ldquo;<\/em>Searching for a Mate: The Rise of the Internet as the Social Intermediary&rdquo;, <em>American Sociological Review<\/em> 77(4), 523-547.<\/p>\n<p class=\"MsoNormal\" style=\"line-height: 170%;\">Michael J. Rosenfeld and Reuben J. Thomas, &ldquo;Disintermediating your friends:\u00a0 How Online Dating in the United States displaces other ways of meeting&rdquo;,\u00a0 <em>Proceedings of the National Academy of Sciences<\/em> 116 (36), 17753-17758.<\/p>\n<p class=\"MsoNormal\" style=\"line-height: 170%;\">Sam Miles, &ldquo;Sex in the digital city: location-based dating apps and queer urban life&rdquo;, <em>Gender, Place &amp; Culture<\/em>, 24:11, 1595-1610, available at: <a href=\"https:\/\/www.tandfonline.com\/doi\/full\/10.1080\/0966369X.2017.1340874\">https:\/\/www.tandfonline.com\/doi\/full\/10.1080\/0966369X.2017.1340874<\/a><u>.<\/u><\/p>\n<p class=\"MsoNormal\" style=\"line-height: 170%;\">&ldquo;Tinder&rdquo;,\u00a0 <a href=\"https:\/\/tinder.com\/?lang=hr\">https:\/\/tinder.com\/<\/a>, Access 10th November 2019. <\/p>\n<p class=\"MsoNormal\" style=\"line-height: 170%;\">&ldquo;Tinder is tearing apart society&rdquo;, <a href=\"https:\/\/nypost.com\/2015\/08\/16\/tinder-is-tearing-apart-society\/\">https:\/\/nypost.com\/2015\/08\/16\/tinder-is-tearing-apart-society\/<\/a>, Access 20th of October 2019. <\/p>\n<p class=\"MsoNormal\" style=\"line-height: 170%;\">Tja\u0161a \u017daljek, Doris Kocon, Alenka \u0160vab and Roman Kuhar, &ldquo;Internet Dating as a Project: The Commodification and Rationalisation of Online Dating&rdquo;,\u00a0 <em>Dru\u017eboslovne razprave<\/em>, 13(78): 7 &#8211; 24.<\/p>\n<p class=\"MsoNormal\" style=\"line-height: 170%;\">Uteda, Austin, &quot;Young Gay Adults&rsquo; Personal Engagement with Contemporary Hookup Culture Through the Use of Mobile Apps&quot;, Undergraduate Honors Theses, 1460. Available at: <a href=\"https:\/\/scholar.colorado.edu\/honr_theses\/1460\">https:\/\/scholar.colorado.edu\/honr_theses\/1460<\/a>, Access 10th November 2019. <\/p>\n<p class=\"MsoNormal\" style=\"line-height: 170%;\">Why Hinge is staging own &ldquo;death&rdquo; to stand apart from sister-app Tinder, available at <a href=\"https:\/\/www.thedrum.com\/news\/2019\/08\/12\/why-hinge-staging-own-death-stand-apart-sister-app-tinder\">https:\/\/www.thedrum.com\/news\/2019\/08\/12\/why-hinge-staging-own-death-stand-apart-sister-app-tinder<\/a>, Access 9th January 2020. <\/p>\n<p class=\"MsoNormal\" style=\"line-height: 150%;\">&nbsp;<\/p>\n<p style=\"text-align: center;\" align=\"center\"><strong> <span style=\"font-size: 13.0pt; line-height: 150%;\">Brzi izbori i emancipatorni prostori:<br \/>\nkompleksna stvarnost aplikacija za online upoznavanje<\/span><\/strong><\/p>\n<p class=\"MsoNormal\" style=\"line-height: 150%;\">&nbsp;<\/p>\n<p style=\"margin: 0cm 48.6pt 0.0001pt 54pt; line-height: 170%;\"><em><strong>Sa\u017eetak<\/strong><\/em><\/p>\n<p class=\"MsoBodyText\" style=\"margin-top: 0cm; margin-right: 48.6pt; margin-bottom: .0001pt; margin-left: 54.0pt; line-height: 150%;\"><span style=\"font-size: 12.0pt; line-height: 150%; font-family: 'Times New Roman';\" lang=\"SR\">&nbsp;<\/span><\/p>\n<p class=\"MsoBodyText\" style=\"margin-top: 0cm; margin-right: 48.6pt; margin-bottom: .0001pt; margin-left: 54.0pt; line-height: 170%;\"><em>Suvremena digitalna okru\u017eenja sve vi\u0161e mijenjaju na\u010dine na koje \u017eivimo te bivamo u interakciji. Intimni odnosi su jedno od podru\u010dja na koja ona utje\u010du. Mobilne aplikacije za upoznavanje su na po\u010detku tre\u0107eg desetlje\u0107a 21. stolje\u0107a sve uobi\u010dajeniji na\u010din upoznavanja potencijalnih partnera. Svrha ovog rada je istra\u017eiti implikacije ovakvog na\u010dina upoznavanja te pobli\u017ee promotriti na\u010din na koji online upoznavanje mijenja podru\u010dje intimnih odnosa u dobu mobilnih aplikacija, kao i obratiti pozornost na kompleksnost navedenog fenomena. <\/em><\/p>\n<p class=\"MsoBodyText\" style=\"margin-top: 0cm; margin-right: 48.6pt; margin-bottom: .0001pt; margin-left: 54.0pt; line-height: 170%;\">&nbsp;<\/p>\n<p style=\"margin: 0cm 48.6pt 0.0001pt 54pt; line-height: 170%;\"><strong><em>Key words:<\/em><\/strong> <em>aplikacije za upoznavanje, intimni odnosi, online upoznavanje, Tinder,  OkCupid, digitalni mediji.<\/em><\/p>\n<p class=\"MsoNormal\" style=\"line-height: 150%;\"><span lang=\"SR\">&nbsp;<\/span><\/p>\n<p><a name=\"7inmediasres16\"><\/a><\/p>\n<p class=\"MsoNormal\" style=\"line-height: 150%;\"><span lang=\"SR\">&nbsp;<\/span><\/p>\n<hr \/>\n<table style=\"width: 755px;\" border=\"0\">\n<tbody>\n<tr>\n<td style=\"width: 215px;\" valign=\"top\"><img loading=\"lazy\" decoding=\"async\" class=\" alignleft size-full wp-image-347\" style=\"float: left;\" src=\"https:\/\/centar-fm.org\/inmediasres\/wp-content\/uploads\/sites\/2\/2020\/05\/inmediasresno1malo16.png\" alt=\"inmediasres16\" width=\"70\" height=\"103\" \/><\/p>\n<p class=\"MsoNormal\" style=\"line-height: 170%;\">\n <strong>&nbsp;9(16)#7 2020<\/strong> <\/p>\n<\/td>\n<td style=\"width: 315px;\" valign=\"top\">\n<p style=\"line-height: 170%; text-align: center;\">\n<a rel=\"license\" href=\"http:\/\/creativecommons.org\/licenses\/by-nc\/4.0\/\"><img decoding=\"async\" alt=\"Creative Commons licenca\" style=\"border-width:0\" src=\"https:\/\/i.creativecommons.org\/l\/by-nc\/4.0\/88x31.png\" \/><\/a><br \/>\u010casopis je otvorenog pristupa, a ovo djelo je dano na kori\u0161tenje pod licencom <a rel=\"license\" href=\"http:\/\/creativecommons.org\/licenses\/by-nc\/4.0\/\"><strong>Creative Commons Imenovanje-Nekomercijalno 4.0 me\u0111unarodna.<\/strong><\/a><\/p>\n<\/td>\n<td valign=\"top\">\n<p style=\"text-align: right; line-height: 150%;\" align=\"center\"><strong><br \/>\nDOI <a href=\"https:\/\/doi.org\/10.46640\/imr.9.16.7\">10.46640\/imr.9.16.7<\/a><br \/>\nUDK 004-044.347<\/p>\n<p>Prethodno priop\u0107enje<\/p>\n<p>Preliminary communication<\/p>\n<p>Primljeno: 05.04.2020.<\/strong><\/p>\n<\/td>\n<\/tr>\n<\/tbody>\n<\/table>\n<p class=\"MsoNormal\" style=\"line-height: 150%;\">&nbsp;<\/p>\n<p class=\"MsoNormal\" style=\"line-height: 150%;\">&nbsp;<\/p>\n<p class=\"MsoNormal\" style=\"text-align: center; line-height: 150%;\" align=\"center\"><span style=\"font-size: 15.0pt; line-height: 150%;\">Ma\u0161a Martini\u0107, Jelena Had\u017ei\u0107 i <a href=\"https:\/\/orcid.org\/0000-0003-2786-4485\">Marko Poljak<\/a><\/span><\/p>\n<p style=\"text-align: center; line-height: 150%;\" align=\"center\">NEWTON Technologies Adria, Hrvatska<br \/>\nmasa.martinic@diktiranje.hr<\/p>\n<p style=\"text-align: center; line-height: 150%;\" align=\"center\">Fakultet hrvatskih studija Sveu\u010dili\u0161ta u Zagrebu, Presscut d.o.o., Hrvatska<br \/>\nJelena.hadzic@presscut.hr<\/p>\n<p style=\"text-align: center; line-height: 150%;\" align=\"center\">Alma Mater Europea, Hrvatska<br \/>\nmarko.poljak@diktiranje.hr<\/p>\n<p style=\"text-align: center;\" align=\"center\"><strong> <span style=\"font-size: 16.0pt; line-height: 150%;\">Preliminary Communication and research<br \/>\nin Humanistic Sociology Series:<\/p>\n<p>Models for adoption of New Technologies considering<br \/>\nInfluence of Communication on individuals\u2019 Behavior<\/span><\/strong><\/p>\n<p style=\"text-align: center; line-height: 150%;\" align=\"center\"><a href=\"http:\/\/www.centar-fm.org\/inmediasres\/images\/pdf\/16\/M. Martinic, J. Hadzic i M. Poljak, Preliminary Communication and research in H. Sociology Series.....pdf\"><strong><span style=\"color: #DC0101; font-size: 8.0pt;\"><br \/>\nPuni tekst: pdf (604 KB), English, Str. 2559 &#8211; 2577<br \/>\n<\/span><\/strong><\/a><\/p>\n<p class=\"MsoNormal\" style=\"line-height: 150%;\">&nbsp;<\/p>\n<p style=\"margin: 0cm 48.6pt 0.0001pt 54pt; line-height: 170%;\"><strong><em>Abstract<\/em><\/strong><\/p>\n<p class=\"MsoBodyText\" style=\"margin-top: 0cm; margin-right: 48.6pt; margin-bottom: .0001pt; margin-left: 54.0pt; line-height: 150%;\"><span style=\"font-size: 12.0pt; line-height: 150%; font-family: 'Times New Roman';\" lang=\"SR\">&nbsp;<\/span><\/p>\n<p class=\"MsoBodyText\" style=\"margin-top: 0cm; margin-right: 48.6pt; margin-bottom: .0001pt; margin-left: 54.0pt; line-height: 170%;\"><em><br \/>\nNew technology is referred as any set of productive techniques which offers a significant improvement. What is seen as new\u2019 is obviously subject to continual redefinition, as successive changes in technology are undertaken. The social and political impact of new technologies is complex being subject to variations in managerial strategies, worker resistance, and a host of other cultural and political circumstances.  User adoption of new technologies and the models explaining their behaviors is an ongoing research problem.<\/em><\/p>\n<p><span style=\"mso-tab-count: 1;\">&nbsp;&nbsp;&nbsp;&nbsp;&nbsp;&nbsp;<\/span><\/p>\n<p class=\"MsoBodyText\" style=\"margin-top: 0cm; margin-right: 48.6pt; margin-bottom: .0001pt; margin-left: 54.0pt; line-height: 170%;\"><em><br \/>\nIdentifying the factors that affect the adoption of new technologies is understood by developing technology adoption models and theories with different theoretical insights, variables and measurements. To recognize the needs and acceptance of individuals is to realize the factors that drive user acceptance or rejection of technologies. Researchers can conceptualize underlying technology models and theories that may affect the previous, current and future application of technology adoption. As a case study, 50 users of new technology in Croatia were questioned regarding pros and cons and was determined majority will benefit from the use.<\/em><\/p>\n<p class=\"MsoBodyText\" style=\"margin-top: 0cm; margin-right: 48.6pt; margin-bottom: .0001pt; margin-left: 54.0pt; line-height: 170%;\">&nbsp;<\/p>\n<p style=\"margin: 0cm 48.6pt 0.0001pt 54pt; line-height: 170%;\"><strong><em>Key words:<\/em><\/strong> <em>new technologies, technology adoption, technology acceptance models, humanistic sociology, communicology, human computer interaction.<\/em><\/p>\n<p class=\"MsoBodyText\" style=\"margin-top: 0cm; margin-right: 48.6pt; margin-bottom: .0001pt; margin-left: 54.0pt; line-height: 170%;\">&nbsp;<\/p>\n<p class=\"MsoNormal\" style=\"line-height: 150%;\">&nbsp;<\/p>\n<p class=\"MsoNormal\" style=\"line-height: 170%;\"><strong>Introduction<\/strong><\/p>\n<p class=\"MsoNormal\" style=\"line-height: 170%;\">New technology is any set of productive techniques which offers a significant improvement as defined by A Dictionary of Sociology. What is seen as new&#8217; is obviously subject to continual redefinition, as successive changes in technology are undertaken. The social and political impact of new technologies is complex being subject to variations in managerial strategies, worker resistance, and a host of other cultural and political circumstances (Encyclopedia.com, 2019). User adoption of new technologies and the models explaining their behaviours are an ongoing research problem. Over the years, researchers have published a considerable amount of theories and models to assess the potential adoption of technologies by the end users. <\/p>\n<p class=\"MsoNormal\" style=\"line-height: 170%;\">Identifying the factors that affect the adoption of new technologies is understood by developing technology adoption models and theories with different theoretical insights, variables and measurements. This paper presents chronological development of the theories and models considering their interconnectivity and applications. Its importance lies in preparation for further research of adoption of new technology implemented in the public sector of the Republic of Croatia. <\/p>\n<p class=\"MsoNormal\" style=\"line-height: 170%;\">The following article is a firm overview of actual literature and models and should be a good basis for researchers interested in the area of technology acceptance, as it is an important business question, especially in sector of new, emerging and exponential technologies.<\/p>\n<p class=\"MsoNormal\" style=\"line-height: 170%;\"><strong>&nbsp;<\/strong><\/p>\n<p class=\"MsoNormal\" style=\"line-height: 170%;\"><strong>Overview of Technology Acceptance Models<\/strong><\/p>\n<p class=\"MsoNormal\" style=\"line-height: 170%;\">The study of acceptance has emerged in 1970s as possibility of successful acceptance is an important factor in assessing the need for development or investing. All technology acceptance theories are designed to measure the degree of acceptance and satisfaction to the individuals against any technology or information system but from different points of view depending on the constructs or determinants which represent their structure (Momani &amp; Mamoum, 2017, p. 51).<strong> <\/strong><\/p>\n<p class=\"MsoNormal\" style=\"line-height: 170%;\">Recognizing the needs and acceptance of individuals is realizing the factors that drive user acceptance or rejection of technologies. Researchers conceptualized underlying technology models and theories that may affect the previous, current and future application of technology adoption. \u00a0<\/p>\n<p class=\"MsoNormal\" style=\"line-height: 170%;\">This paper will discuss the main constructs of the following theories: <\/p>\n<p class=\"MsoNormal\" style=\"line-height: 170%;\">Innovation Diffusion Theory (IDT), Theory of Reasoned Action (TRA), Theory of Planned Behaviour (TPB), Theory of Interpersonal Behaviour (TIB), Technology Acceptance Model (TAM) and its derivatives, Unified Theory of Acceptance and Use of Technology (UTAUT).<\/p>\n<p class=\"MsoNormal\" style=\"line-height: 170%;\">&nbsp;<\/p>\n<p class=\"MsoNormal\" style=\"line-height: 170%;\"><strong>Innovation Diffusion Theory (IDT)<\/strong><\/p>\n<p class=\"MsoNormal\" style=\"line-height: 170%;\">Innovation Diffusion Theory was developed by Rogers in 1962 and is one of the oldest social science theories to study any kind of innovations. Rogers proposed that four major factors for determining the behaviour. Those factors are: \u00a0innovation, communication channels, time and social systems (Rogers, 1983, p. 11).<\/p>\n<p class=\"MsoNormal\" style=\"line-height: 170%;\">The terms diffusion, innovation, and communication are defined by him as follows: Diffusion is the process in which an innovation is communicated through certain channels over time among members of a social system. Innovation is an idea, practice, or object that is perceived by an individual. Communication is a process that leads to create and share information with others in order to get a common understanding. Rogers stated that there are five innovation attributes which effect on individuals&rsquo; behaviours and explain the rate of innovation adoption. These attributes are: relative advantage, compatibility, complexity, trialability, and observability. Rogers stated that &ldquo;individuals&rsquo; perceptions of these characteristics predict the rate of adoption of innovations&rdquo; (Rogers, 1983, p. 210), Rogers noted that although there is a lot of diffusion research on the characteristics of the adopter categories, there is a lack of research on the effects of the perceived characteristics of innovations on the rate of adoption. He has defined the rate of adoption as &ldquo;the relative speed with which an innovation is adopted by members of a social system&rdquo; (Rogers, 1983, p. 23). For instance, the number of individuals who adopted the innovation for a period of time can be measured as the rate of adoption of the innovation. The perceived attributes of an innovation are significant predictors of the rate of adoption. Rogers reported that 49-87% of the variance in the rate of adoption of innovations is explained by these five attributes. In addition to these attributes, the innovation-decision type (optional, collective, or authority), communication channels (mass media or interpersonal channels), social system (norms or network interconnectedness), and change agents may increase the predictability of the rate of adoption of innovations. For instance, personal and optional innovations usually are adopted faster than the innovations involving an organizational or collective innovation-decision. However, for Rogers, relative advantage is the strongest predictor of the rate of adoption of an innovation.<\/p>\n<p class=\"MsoNormal\" style=\"line-height: 100%;\">&nbsp;<\/p>\n<div align=\"center\">\n<p><img loading=\"lazy\" decoding=\"async\" src=\"\/inmediasres\/images\/casopisi\/jelenahadzic01.jpg\" alt=\"\" width=\"600\" height=\"420\" \/><\/p>\n<p class=\"MsoNormal\" style=\"line-height: 170%;\"><em><strong>Figure 1. <\/strong>Successive groups of consumers according to Rogers. Adapted from Lai, 2017. Source: Wikipedia, 2019.<\/em><\/p>\n<\/div>\n<p class=\"MsoNormal\" style=\"line-height: 170%;\">&nbsp;<\/p>\n<p class=\"MsoNormal\" style=\"line-height: 170%;\">The diffusion of innovations according to Rogers. With successive groups of consumers adopting the new technology (shown in blue), its market share (yellow) will eventually reach the saturation level. The blue curve is broken into sections of adopters (Wikipedia, 2019) <\/p>\n<p class=\"MsoNormal\" style=\"line-height: 170%;\">There are several applications of Rogers&rsquo; theory and some of them were related to instructional computer usage (Sahin, 2006): examining the factors that might influence the decision to adopt new technologies in faculty members motivation (Medlin, 2001), examination of the computer level use in Ohio public schools (Isleem, 2003), investigating the faculty adoption of computer technology in North Carolina Community College System (Less&rsquo;, 2003), Zakaria conducted a study to assess the factors affecting IT implementation in the curriculum (Zakaria, 2001), Ilin et. al. applied IDT and the environmental context from the technology-organization-environment (TOE) framework (Ilin, Iveti\u0107, &amp; Simi\u0107, 2017, p. 208) for understanding of e-business adoption in a case study of the Western Balkan peninsula. The model has been widely used to study the adoption of new technologies in many industries such as within construction industry (Weidman, Young-Corbett, Fiori, Koebel, &amp; Montague). <\/p>\n<p class=\"MsoNormal\" style=\"line-height: 170%;\">&nbsp;<\/p>\n<p class=\"MsoNormal\" style=\"line-height: 170%;\"><strong>Theory of Reasoned Action (TRA)<\/strong><\/p>\n<p class=\"MsoNormal\" style=\"line-height: 170%;\">Theory of reasoned action was introduced in 1967. by Fishbein and further developed by Fishbein and Ajzen in 1975. and 1980. for sociological and psychological researches (Taherdoost, 2018, p. 961). It is one of the most popular theories used and is about one factor that determines behavioural intention of the person&rsquo;s attitude toward a behaviour (Lai, 2017, p. 24). According to TRA, any human behaviour is predicted and explained through three main cognitive components, making it a general model and one of the fundamental theories of human behaviour (Momani &amp; Mamoum, 2017, p. 53). <\/p>\n<p class=\"MsoNormal\" style=\"line-height: 170%;\">TRA explains human behaviour through main cognitive components including attitudes (unfavorableness or favourableness of persons feeling for a behaviour), social norms (social influence) and intentions (individual&rsquo;s decision do or don&#8217;t do a behaviour). This human behaviour should be volitional, systematic and rational (Taherdoost, 2018). <\/p>\n<p class=\"MsoNormal\" style=\"line-height: 100%;\">&nbsp;<\/p>\n<div align=\"center\">\n<p><img loading=\"lazy\" decoding=\"async\" src=\"\/inmediasres\/images\/casopisi\/jelenahadzic02.jpg\" alt=\"\" width=\"659\" height=\"323\" \/><\/p>\n<p class=\"MsoNormal\" style=\"line-height: 170%;\"><em><strong>Figure 2<\/strong>. The Theory of Reasoned Actions. Adapted from Fishbein and Ajzen, 1975.<\/em><\/p>\n<\/div>\n<p class=\"MsoNormal\" style=\"line-height: 170%;\">&nbsp;<\/p>\n<p class=\"MsoNormal\" style=\"line-height: 170%;\">The theory&rsquo;s limitations have to do with the transition from verbal responses to actual behaviour. The relations of beliefs, attitudes and subjective norms to intentions are more clearly delineated than the factors that determine whether the intention will be carried out. According to the TRA, intention is the immediate antecedent of behaviour (Ajzen, 1985, p. 18). <\/p>\n<p class=\"MsoNormal\" style=\"line-height: 170%;\">&nbsp;<\/p>\n<div align=\"center\">\n<p class=\"MsoNormal\" style=\"line-height: 170%;\"><strong>Table 1.<\/strong> Main constructs of the Theory of Reasoned Actions<\/p>\n<table border=\"1\" cellspacing=\"0\" cellpadding=\"0\">\n<tr>\n<td width=\"264\" valign=\"top\">\n<p class=\"MsoNormal\" style=\"line-height: 170%;\"><strong>&nbsp;Components: <\/strong><strong> <\/strong><\/p>\n<\/td>\n<td width=\"337\" valign=\"top\">\n<p class=\"MsoNormal\" style=\"line-height: 170%;\"><strong>&nbsp;Disadvantages: <\/strong><strong> <\/strong><\/p>\n<\/td>\n<\/tr>\n<tr>\n<td width=\"264\" valign=\"top\">\n<p class=\"MsoNormal\" style=\"line-height: 170%;\"><strong>&nbsp;Attitude<\/strong><strong> <\/strong><\/p>\n<\/td>\n<td width=\"337\" valign=\"top\">\n<p class=\"MsoNormal\" style=\"line-height: 170%;\">&nbsp;The lack of addressing the role of habit<\/p>\n<\/td>\n<\/tr>\n<tr>\n<td width=\"264\" valign=\"top\">\n<p class=\"MsoNormal\" style=\"line-height: 170%;\"><strong>&nbsp;Social norms<\/strong><strong> <\/strong><\/p>\n<\/td>\n<td width=\"337\" valign=\"top\">\n<p class=\"MsoNormal\" style=\"line-height: 170%;\">&nbsp;Cognitive deliberation<\/p>\n<\/td>\n<\/tr>\n<tr>\n<td width=\"264\" valign=\"top\">\n<p class=\"MsoNormal\" style=\"line-height: 170%;\"><strong>&nbsp;Social influences<\/strong><strong> <\/strong><\/p>\n<\/td>\n<td width=\"337\" valign=\"top\">\n<p class=\"MsoNormal\" style=\"line-height: 170%;\">&nbsp;Misunderstanding through a survey<\/p>\n<\/td>\n<\/tr>\n<tr>\n<td width=\"264\" valign=\"top\">\n<p class=\"MsoNormal\" style=\"line-height: 170%;\"><strong>&nbsp;<\/strong><\/p>\n<\/td>\n<td width=\"337\" valign=\"top\">\n<p class=\"MsoNormal\" style=\"line-height: 170%;\">&nbsp;Moral factors<\/p>\n<\/td>\n<\/tr>\n<\/table>\n<\/div>\n<p class=\"MsoNormal\" style=\"line-height: 170%;\"><strong>&nbsp;<\/strong><\/p>\n<p class=\"MsoNormal\" style=\"line-height: 170%;\"><strong>Theory of Planned Behaviour (TPB)<\/strong><\/p>\n<p class=\"MsoNormal\" style=\"line-height: 170%;\">Theory of Planned Behaviour was developed by Ajzen in 1985. A new variable is added to extend theory of reasoned actions, which makes it an extension of TRA (Momani &amp; Mamoum, 2017, p. 53) That variable is called perceived behavioural control (Ajzen, 1985). Perceived behavioural control is determined by the availability of resources, opportunities and skills, as well as the perceived significance of those resources opportunities and skills to achieve outcome (Taherdoost, 2018, p. 961). It is known as a control which users perceive that may limit their behaviour (Lai, 2017, p. 25). <\/p>\n<p class=\"MsoNormal\" style=\"line-height: 100%;\">&nbsp;<\/p>\n<div align=\"center\">\n<p><img loading=\"lazy\" decoding=\"async\" src=\"\/inmediasres\/images\/casopisi\/jelenahadzic03.jpg\" alt=\"\" width=\"630\" height=\"312\" \/><\/p>\n<p class=\"MsoNormal\" style=\"line-height: 170%;\"><em><strong>Figure 3.<\/strong> Theory of Planned Behaviour. Adapted from Lai, 2017.<\/em><\/p>\n<\/div>\n<p class=\"MsoNormal\" style=\"line-height: 170%;\">&nbsp;<\/p>\n<p class=\"MsoNormal\" style=\"line-height: 170%;\">A development of TPB over the time was systematically reviewed by Koul and Eygadi (2017). Their paper stated that much of the early research on TPB focused on replicating the results of the original study in di\ufb00erent settings, cultures, and for a variety of behaviours (Venkatesh et al., 2007). After that, research focused on establishing the predictive validity of TPB and then eventually competing theoretical perspectives to enhance the richness of the original model (Venkatesh et al., 2007). One such refinement to the original model was achieved by the fusion of TPB and TAM into a novel decomposed model of TPB (Koul &amp; Eydgahi, 2017, p. 108)<\/p>\n<p class=\"MsoNormal\" style=\"line-height: 170%;\">&nbsp;<\/p>\n<div align=\"center\">\n<p class=\"MsoNormal\" style=\"line-height: 170%;\"><strong>Table <\/strong><strong>2<\/strong><strong>.<\/strong> Main constructs of the Theory of Planned Behaviour <\/p>\n<table border=\"1\" cellspacing=\"0\" cellpadding=\"0\">\n<tr>\n<td width=\"325\" valign=\"top\">\n<p class=\"MsoNormal\" style=\"line-height: 170%;\"><strong>&nbsp;Components:<\/strong><strong> <\/strong><\/p>\n<\/td>\n<td width=\"276\" valign=\"top\">\n<p class=\"MsoNormal\" style=\"line-height: 170%;\"><strong>&nbsp;Disadvantages: <\/strong><strong> <\/strong><\/p>\n<\/td>\n<\/tr>\n<tr>\n<td width=\"325\" valign=\"top\">\n<p class=\"MsoNormal\" style=\"line-height: 170%;\"><strong>&nbsp;Availability and perceived significance of:<\/strong><strong> <\/strong><\/p>\n<\/td>\n<td width=\"276\" valign=\"top\">\n<p class=\"MsoNormal\" style=\"line-height: 170%;\">&nbsp;Attitude towards IT will not be relevant if<br \/>\n  &nbsp;computer system is not accessible<\/p>\n<\/td>\n<\/tr>\n<tr>\n<td width=\"325\" valign=\"top\">\n<p class=\"MsoNormal\" style=\"line-height: 170%;\"><strong>&nbsp;\u00a0\u00a0 Resources <\/strong><strong> <\/strong><\/p>\n<\/td>\n<td width=\"276\" valign=\"top\">\n<p class=\"MsoNormal\" style=\"line-height: 170%;\">&nbsp;<\/p>\n<\/td>\n<\/tr>\n<tr>\n<td width=\"325\" valign=\"top\">\n<p class=\"MsoNormal\" style=\"line-height: 170%;\"><strong>&nbsp;\u00a0\u00a0  Opportunities<\/strong><strong> <\/strong><\/p>\n<\/td>\n<td width=\"276\" valign=\"top\">\n<p class=\"MsoNormal\" style=\"line-height: 170%;\">&nbsp;<\/p>\n<\/td>\n<\/tr>\n<tr>\n<td width=\"325\" valign=\"top\">\n<p class=\"MsoNormal\" style=\"line-height: 170%;\"><strong>&nbsp;\u00a0\u00a0 Skills <\/strong><strong> <\/strong><\/p>\n<\/td>\n<td width=\"276\" valign=\"top\">\n<p class=\"MsoNormal\" style=\"line-height: 170%;\">&nbsp;<\/p>\n<\/td>\n<\/tr>\n<\/table>\n<\/div>\n<p class=\"MsoNormal\" style=\"line-height: 170%;\">&nbsp;<\/p>\n<p class=\"MsoNormal\" style=\"line-height: 170%;\"><strong>Theory of Interpersonal Behaviour (TIB)<\/strong><\/p>\n<p class=\"MsoNormal\" style=\"line-height: 170%;\">TIB was developed by Triandis in 1977\/1980 and it builds upon the Theory of Planned Behaviour (Pulikanti &amp; Habib, 2016, p. 6) (Chatterton, 2011, p. 11).<\/p>\n<p class=\"MsoNormal\" style=\"line-height: 170%;\">Theory of Interpersonal Behaviour is clarifying mainly the human&rsquo;s behaviour complexity which are affected by social and emotional facts. TIB has three levels to argue the behaviour (Taherdoost, 2018, p. 962).<\/p>\n<p class=\"MsoNormal\" style=\"line-height: 170%;\">In the first level, personal beliefs, attitudes and social factors related to the behaviour is shaped by personal characteristics and previous experiences. The second level describes how affect, cognition and social determinants, plus personal normative beliefs effect on intentions to a particular behaviour. In the third level, possibility of performing a specific behaviour is predicted by behavioural intentions, situational conditions and experience.<\/p>\n<p class=\"MsoNormal\" style=\"line-height: 170%;\"><strong>&nbsp;<\/strong><\/p>\n<div align=\"center\">\n<p class=\"MsoNormal\" style=\"line-height: 170%;\"><strong>Table <\/strong><strong>3<\/strong><strong>.<\/strong> Main constructs of the Theory of Planned Behaviour <\/p>\n<table border=\"1\" cellspacing=\"0\" cellpadding=\"0\">\n<tr>\n<td width=\"324\" valign=\"top\">\n<p class=\"MsoNormal\" style=\"line-height: 170%;\"><strong>&nbsp;Components: <\/strong><strong> <\/strong><\/p>\n<\/td>\n<td width=\"277\" valign=\"top\">\n<p class=\"MsoNormal\" style=\"line-height: 170%;\"><strong>&nbsp;Disadvantages:<\/strong><strong> <\/strong><\/p>\n<\/td>\n<\/tr>\n<tr>\n<td width=\"324\" valign=\"top\">\n<p class=\"MsoNormal\" style=\"line-height: 170%;\"><strong>&nbsp;Model<\/strong><strong> <\/strong><\/p>\n<\/td>\n<td width=\"277\" valign=\"top\">\n<p class=\"MsoNormal\" style=\"line-height: 170%;\">&nbsp;Complexity<\/p>\n<\/td>\n<\/tr>\n<tr>\n<td width=\"324\" valign=\"top\">\n<p class=\"MsoNormal\" style=\"line-height: 170%;\"><strong>&nbsp;Emotions<\/strong><strong> <\/strong><\/p>\n<\/td>\n<td width=\"277\" valign=\"top\">\n<p class=\"MsoNormal\" style=\"line-height: 170%;\">&nbsp;Lack of parsimony compared to TRA <br \/>\n&nbsp;and TPB<\/p>\n<\/td>\n<\/tr>\n<tr>\n<td width=\"324\" valign=\"top\">\n<p class=\"MsoNormal\" style=\"line-height: 170%;\"><strong>&nbsp;Social factors<\/strong><strong> <\/strong><\/p>\n<\/td>\n<td width=\"277\" valign=\"top\">\n<p class=\"MsoNormal\" style=\"line-height: 170%;\">&nbsp;<\/p>\n<\/td>\n<\/tr>\n<\/table>\n<\/div>\n<p class=\"MsoNormal\" style=\"line-height: 170%;\">&nbsp;<\/p>\n<p class=\"MsoNormal\" style=\"line-height: 170%;\"><strong>Decomposed Theory of Planned Behaviour (DTPB)<\/strong><\/p>\n<p class=\"MsoNormal\" style=\"line-height: 170%;\">Decomposed Theory of Planned Behaviour (Decomposed TPB) was introduced by<br \/>\nTaylor and Todd in 1995 (1995). The Decomposed TPB consists of three main factors influencing behaviour intention and actual behaviour adoption which are attitude, subjective norms and perceived behaviour control.<\/p>\n<p class=\"MsoNormal\" style=\"line-height: 170%;\">It decomposes attitude toward behaviour, subjective norm, and perceived behavioural control into multi-dimensional belief constructs within technology adoption contexts. As an extension to TPB, which was an enhancement of TRA, the DTPB expanded the TPB by including three factors from the Innovation Diffusion Theory (IDT) viewpoint which are: relative advantage, compatibility, and complexity (Momani &amp; Mamoum, 2017). Shih and Fang (2004) examined the adoption of internet banking by means of the TPB as well as Decomposed TPB (Lai, 2017).<\/p>\n<p class=\"MsoNormal\" style=\"line-height: 170%;\">&nbsp;<\/p>\n<p class=\"MsoNormal\" style=\"line-height: 170%;\"><strong>Technology Acceptance Model (TAM)<\/strong><\/p>\n<p class=\"MsoNormal\" style=\"line-height: 170%;\">Technology Acceptance model was developed by Davis in 1986 and kept on developing through the years of research and experienced various extensions as shown in various publications (Maranguni\u0107 &amp; Grani\u0107, 2014, p. 85). <\/p>\n<p class=\"MsoNormal\" style=\"line-height: 170%;\">This model evolved from Theory of Reasoned Actions by eliminating user&rsquo;s subject norms, it is based on principles adopted form Fishbein and Ajzen&rsquo;s (1975) attitude paradigm from psychology (Davis, 1991, p. 476) TAM explains the motivation of users by 3 factors: perceived usefulness, perceived ease of use and perceived attitude toward use. TAM ignored the social influence on adoption of technology, so it has limitations in being applied beyond the workplace (Taherdoost, 2018, p. 963). <\/p>\n<p class=\"MsoNormal\" style=\"line-height: 170%;\">The goal of TAM is to predict user acceptance and highlight potential design issues before users of the technology interact with the system (Dillon &amp; Morris, 1996; Mohd, Ahmad, Samsudin, &amp; Sudin, 2011). TAM was developed with support from IBM Canada and is rooted in the basic psychological theory known as the Theory of Reasoned Action (TRA; Ajzen &amp; Fishbein, 1980). TAM demonstrates a pioneering research e\ufb00ort by generating a framework for explaining behavioural intentions and actual behaviour of users for new technology adoption (Koul &amp; Eydgahi, 2017, p. 106). <\/p>\n<p class=\"MsoNormal\" style=\"line-height: 100%;\">&nbsp;<\/p>\n<div align=\"center\">\n<p><img loading=\"lazy\" decoding=\"async\" src=\"\/inmediasres\/images\/casopisi\/jelenahadzic04.jpg\" alt=\"\" width=\"735\" height=\"394\" \/><\/p>\n<p class=\"MsoNormal\" style=\"line-height: 170%;\"><em><strong>Figure 4.<\/strong> Original Technology Acceptance Model (Davis, 1986). Source: Maranguni\u0107, 2014.<\/em><\/p>\n<\/div>\n<p class=\"MsoNormal\" style=\"line-height: 170%;\">&nbsp;<\/p>\n<p class=\"MsoNormal\" style=\"line-height: 170%;\">Some new factors were added to TAM to improve its explanatory power TAM2 was proposed by adding two groups of constructs; social influence (image, subject norms and voluntariness), and cognitive (result demonstrability, job relevance and output quality) to TAM, to improve the predictive power of perceived usefulness. <\/p>\n<p class=\"MsoNormal\" style=\"line-height: 100%;\">&nbsp;<\/p>\n<div align=\"center\">\n<p><img loading=\"lazy\" decoding=\"async\" src=\"\/inmediasres\/images\/casopisi\/jelenahadzic05.jpg\" alt=\"\" width=\"735\" height=\"480\" \/><\/p>\n<p class=\"MsoNormal\" style=\"line-height: 170%;\"><em><strong>Figure 5<\/strong>. TAM2. Source: Maranguni\u0107, 2014.<\/em><\/p>\n<\/div>\n<p class=\"MsoNormal\" style=\"line-height: 170%;\">&nbsp;<\/p>\n<p class=\"MsoNormal\" style=\"line-height: 170%;\">The second study identified constructs that influence on perceived ease of use (Taherdoost, 2018, p. 963). <\/p>\n<p class=\"MsoNormal\" style=\"line-height: 170%;\">TAM is widely used in assessment of adoption of IT services which was systematically review in a study published in 2003 (Lee, Kozar, &amp; Larsen, 2003). Meta-analysis of 101 articles published between 1986. and 2003. Found that TAM had progressed continually over time (Lee, Kozar, &amp; Larsen, 2003, p. 768) while being employed on information system such as: E-mail, V-mail, FAX, Dial-up Systems, Communication, Systems, Windows, PC (or Microcomputer), WWW(or e-commerce), Workstation Computer, Resource Center, General Purpose Systems, Groupware, Word processor, Spreadsheet and Presentation S\/W (Lee, Kozar, &amp; Larsen, 2003, p. 759), adoption of social media (Rauniar, Rawski, Yang, &amp; Johnson, 2013) Al-Emran at. al. conducted a study to systematically review TAM related to M-learning studies to discuss the implications of analysis results (Al-Emran, Mezhuyev, &amp; Kamaludin, 2018, p. 20).<\/p>\n<p class=\"MsoNormal\" style=\"line-height: 170%;\">In another study, Venkatesh, Morris, Davis, and Davis (2003) formulated and validated an integrated model that, was an extension of TAM and termed it a &lsquo;Unified Theory of Acceptance and Use of Technology&rsquo; (UTAUT) (Koul &amp; Eydgahi, 2017, p. 107)<\/p>\n<p class=\"MsoNormal\" style=\"line-height: 170%;\">&nbsp;<\/p>\n<p class=\"MsoNormal\" style=\"line-height: 170%;\"><strong>Unified Theory of Acceptance and Use of Technology (UTAUT)<\/strong><\/p>\n<p class=\"MsoNormal\" style=\"line-height: 170%;\">Venkatesh et al. (2003) argued that researchers were faced with a large number of similar constructs offered by many theories and found that they &ldquo;pick and choose&rdquo; constructs from the models or opt for a &ldquo;favoured model&rdquo;, with the result that the other models were largely ignored. Consequently, they synthesized the propositions put forth by different models of acceptance, and proposed the Unified Theory of Acceptance and Use of Technology (UTAUT; Venkatesh et al. 2003).<\/p>\n<p class=\"MsoNormal\" style=\"line-height: 170%;\">The UTAUT has four predictors of users&rsquo; behavioural intention and these are performance expectancy, effort expectancy, social influence and facilitating conditions. The five similar constructs including perceived usefulness, extrinsic motivation, job-fit, relative advantage and outcome expectations form the performance expectancy in the UTAUT model while effort expectancy captures the notions of perceived ease of use and complexity. As for the social context, Venkatesh et al. (2003) validation tests found that social influence was not significant in voluntary contexts. (Lai, 2017, p. 31). Maruping et. al. introduced behavioural expectation into as an externally oriented predictor of IT use and identifying its antecedents (Maruping, Hilol, Viswanath, &amp; Brown, 2016, p. 10).<\/p>\n<p class=\"MsoNormal\" style=\"line-height: 100%;\">&nbsp;<\/p>\n<div align=\"center\">\n<p><img loading=\"lazy\" decoding=\"async\" src=\"\/inmediasres\/images\/casopisi\/jelenahadzic06.jpg\" alt=\"\" width=\"735\" height=\"387\" \/><\/p>\n<p class=\"MsoNormal\" style=\"line-height: 170%;\"><em><strong>Figure 6.<\/strong> UTAUT as defined in Venkatesh, 2003. Source: Williams et. al., 2015.<\/em><\/p>\n<\/div>\n<p class=\"MsoNormal\" style=\"line-height: 170%;\">&nbsp;<\/p>\n<p class=\"MsoNormal\" style=\"line-height: 170%;\">There are numerous researches that applied UTAUT to assess acceptance of new technologies. UTAUT has been used to analyse citizen&rsquo;s acceptance of e-government services in Kuwait (AlAwadhi &amp; Morris, 2008) and in Kingdom of Saudi Arabia (Alshehri, Drew, &amp; AlGhamdi, 2013). Tan and Juin adopted UTAUT to assess the factors affecting the use of e-learning websites in Taiwan. (Tan &amp; Juinn, 2013). Another study tested the framework of UTAUT for understanding the main determinants of the adoption of mobile messaging applications (Hanifi Murat Mutlu, 2017). Williams et. Al. published a literature review based on analyses of 174 existing articles on UTAUT to present the current state of the UTAUT-related research (Williams, Rana, &amp; Dwivedi, 2015, p. 469). <\/p>\n<p class=\"MsoNormal\" style=\"line-height: 170%;\">&nbsp;<\/p>\n<p class=\"MsoNormal\" style=\"line-height: 170%;\"><strong>Research<\/strong><\/p>\n<p class=\"MsoNormal\" style=\"line-height: 170%;\">For the purpose of this article, authors had conducted first in the series of research of new technology use and acceptance.<\/p>\n<p class=\"MsoNormal\" style=\"line-height: 170%;\">&nbsp;<\/p>\n<p class=\"MsoNormal\" style=\"line-height: 170%;\"><strong>Research goals<\/strong><\/p>\n<p class=\"MsoNormal\" style=\"line-height: 170%;\">Main goal is to question the measure of satisfaction within the sample, court workers and state attorney office in Croatia, with the use of new technology that converst speech to text and to define main reasons of satisfacion or dissatisfaction.<\/p>\n<p class=\"MsoNormal\" style=\"line-height: 170%;\">&nbsp;<\/p>\n<p class=\"MsoNormal\" style=\"line-height: 170%;\"><strong>Specific goals<\/strong><\/p>\n<p class=\"MsoNormal\" style=\"line-height: 170%;\">To question in which situations are the workers using said speech to text systems. <\/p>\n<p class=\"MsoNormal\" style=\"line-height: 170%;\">To question what are the benefits or expectations of the users with the new technology.<\/p>\n<p class=\"MsoNormal\" style=\"line-height: 170%;\">Define problems in technology use.<\/p>\n<p class=\"MsoNormal\" style=\"line-height: 170%;\">To question in which measure are the workers using similar technology in private.<\/p>\n<p class=\"MsoNormal\" style=\"line-height: 170%;\">Confirm differences in all the above considering sex, age and workplace.<\/p>\n<p class=\"MsoNormal\" style=\"line-height: 170%;\">&nbsp;<\/p>\n<p class=\"MsoNormal\" style=\"line-height: 170%;\"><strong>Method<\/strong><\/p>\n<p class=\"MsoNormal\" style=\"line-height: 170%;\">Questionnaire.<\/p>\n<p class=\"MsoNormal\" style=\"line-height: 170%;\">&nbsp;<\/p>\n<p class=\"MsoNormal\" style=\"line-height: 170%;\"><strong>Sample<\/strong><\/p>\n<p class=\"MsoNormal\" style=\"line-height: 170%;\">For the purpose of this article the authors analyzed 50 questioned workers from the courts and state attorney office who had implemented NEWTON Dictate speech-to-text technology.<\/p>\n<p class=\"MsoNormal\" style=\"line-height: 170%;\">Research conducted<\/p>\n<p class=\"MsoNormal\" style=\"line-height: 170%;\">Between 20.08.2018. to 10.09.2018. the authors conducted a questionnaire among court workers and state attorneys who implemented NEWTON Dictate speech-to-text technology. From the list of users we randomly contacted 50 individuals that had been using said technology for some time. Example of the questionnaire for this research phase is as follows. <\/p>\n<p class=\"MsoNormal\" style=\"line-height: 170%;\">&nbsp;<\/p>\n<p class=\"MsoNormal\" style=\"line-height: 170%;\"><strong>Questionnaire<\/strong><\/p>\n<p class=\"MsoNormal\" style=\"line-height: 170%;\">Do you accept to participate in the research and allow for your answers to be used for future processing and analyses?<\/p>\n<p class=\"MsoNormal\" style=\"line-height: 170%;\">a) Yes \u00a0\u00a0\u00a0\u00a0\u00a0\u00a0\u00a0\u00a0\u00a0\u00a0\u00a0 b) No<\/p>\n<p class=\"MsoNormal\" style=\"line-height: 170%;\">&nbsp;<\/p>\n<p class=\"MsoNormal\" style=\"line-height: 170%;\">If no, abort questionnaire. <\/p>\n<p class=\"MsoNormal\" style=\"line-height: 170%;\">Age ________________0<\/p>\n<p class=\"MsoNormal\" style=\"line-height: 170%;\">&nbsp;<\/p>\n<p class=\"MsoNormal\" style=\"line-height: 170%;\">Workplace<\/p>\n<p class=\"MsoNormal\" style=\"line-height: 170%;\">a) Judge\u00a0\u00a0\u00a0\u00a0\u00a0\u00a0\u00a0\u00a0\u00a0  b) Deputy of chief state attorney\u00a0\u00a0\u00a0\u00a0 c) Deputy of USKOK principal\u00a0\u00a0\u00a0\u00a0\u00a0\u00a0\u00a0 \u00a0\u00a0 <br \/>\nd) Court advisor \u00a0\u00a0\u00a0\u00a0\u00a0\u00a0\u00a0\u00a0\u00a0\u00a0\u00a0\u00a0 e) Administrator\/typist <\/p>\n<p class=\"MsoNormal\" style=\"line-height: 170%;\">&nbsp;<\/p>\n<p class=\"MsoNormal\" style=\"line-height: 170%;\">Are you assisted by the administrator staff during document creation (i.e. Transcription in MS word, document scanning etc)?<\/p>\n<p class=\"MsoNormal\" style=\"line-height: 170%;\">a) Always<\/p>\n<p class=\"MsoNormal\" style=\"line-height: 170%;\">b) Almost always<\/p>\n<p class=\"MsoNormal\" style=\"line-height: 170%;\">c) Sometimes <\/p>\n<p class=\"MsoNormal\" style=\"line-height: 170%;\">d) I have no support<\/p>\n<p class=\"MsoNormal\" style=\"line-height: 170%;\">&nbsp;<\/p>\n<p class=\"MsoNormal\" style=\"line-height: 170%;\">Do you create digital documents after work hours in your work overtime? <\/p>\n<p class=\"MsoNormal\" style=\"line-height: 170%;\">a) Sometimes (a couple of times yearly) <\/p>\n<p class=\"MsoNormal\" style=\"line-height: 170%;\">b) Frequently (one a week, few times per month) <\/p>\n<p class=\"MsoNormal\" style=\"line-height: 170%;\">c) Never*<\/p>\n<p class=\"MsoNormal\" style=\"line-height: 170%;\">\u2022\u00a0 If the answer is C, skip next question. <\/p>\n<p class=\"MsoNormal\" style=\"line-height: 170%;\">&nbsp;<\/p>\n<p class=\"MsoNormal\" style=\"line-height: 170%;\">How necessary is for you to spend less time on document creation than now?<\/p>\n<p class=\"MsoNormal\" style=\"line-height: 170%;\">a) Extremely necessary <\/p>\n<p class=\"MsoNormal\" style=\"line-height: 170%;\">b) Necessary<\/p>\n<p class=\"MsoNormal\" style=\"line-height: 170%;\">c) Neither<\/p>\n<p class=\"MsoNormal\" style=\"line-height: 170%;\">d) Mostly not necessary <\/p>\n<p class=\"MsoNormal\" style=\"line-height: 170%;\">e) Completely not necessary<\/p>\n<p class=\"MsoNormal\" style=\"line-height: 170%;\">&nbsp;<\/p>\n<p class=\"MsoNormal\" style=\"line-height: 170%;\">How often, in everyday life, are you using speech-to-text technology (voice operations in Google search, phonebook voice search etc.).<\/p>\n<p class=\"MsoNormal\" style=\"line-height: 170%;\">a) Very frequently (every day or almost every day) <\/p>\n<p class=\"MsoNormal\" style=\"line-height: 170%;\">b) Frequently (once a week, few times per month) <\/p>\n<p class=\"MsoNormal\" style=\"line-height: 170%;\">c) Sometimes (few times per year)<\/p>\n<p class=\"MsoNormal\" style=\"line-height: 170%;\">d) Never*<\/p>\n<p class=\"MsoNormal\" style=\"line-height: 170%;\">&nbsp;<\/p>\n<p class=\"MsoNormal\" style=\"line-height: 170%;\">In your opinion, how useful will NEWTON Dictate solution be for you?<\/p>\n<p class=\"MsoNormal\" style=\"line-height: 170%;\">a) Extremely useful <\/p>\n<p class=\"MsoNormal\" style=\"line-height: 170%;\">b) Useful<\/p>\n<p class=\"MsoNormal\" style=\"line-height: 170%;\">c) Partially useful<\/p>\n<p class=\"MsoNormal\" style=\"line-height: 170%;\">d) Not useful at all <\/p>\n<p class=\"MsoNormal\" style=\"line-height: 170%;\">e) I don&rsquo;t know<\/p>\n<p class=\"MsoNormal\" style=\"line-height: 170%;\">&nbsp;<\/p>\n<p class=\"MsoNormal\" style=\"line-height: 170%;\"><strong>Results and discussion<\/strong><\/p>\n<p class=\"MsoNormal\" style=\"line-height: 170%;\">&nbsp;<\/p>\n<div align=\"center\">\n<p align=\"center\"><em>Table 1.<\/em><\/p>\n<table border=\"1\" cellspacing=\"0\" cellpadding=\"0\">\n<tr>\n<td nowrap=\"nowrap\" rowspan=\"2\" valign=\"bottom\">\n<p align=\"center\">&nbsp;<\/p>\n<\/td>\n<td colspan=\"5\">\n<p align=\"center\"><strong>Workplace<\/strong><\/p>\n<\/td>\n<\/tr>\n<tr>\n<td>\n<p align=\"center\"><strong>Judge<\/strong><\/p>\n<\/td>\n<td>\n<p align=\"center\"><strong>Deputy of chief state attorney<\/strong><\/p>\n<\/td>\n<td>\n<p align=\"center\"><strong>Deputy of USKOK  principal<\/strong><strong> <\/strong><\/p>\n<\/td>\n<td>\n<p align=\"center\"><strong>Court advisor<\/strong><\/p>\n<\/td>\n<td>\n<p align=\"center\"><strong>Administrator\/typist<\/strong><\/p>\n<\/td>\n<\/tr>\n<tr>\n<td nowrap=\"nowrap\" valign=\"bottom\">\n<p class=\"MsoNormal\" style=\"line-height: 170%;\">&nbsp;f<\/p>\n<\/td>\n<td>\n<p align=\"center\">26<\/p>\n<\/td>\n<td>\n<p align=\"center\">13<\/p>\n<\/td>\n<td>\n<p align=\"center\">0<\/p>\n<\/td>\n<td>\n<p align=\"center\">6<\/p>\n<\/td>\n<td>\n<p align=\"center\">0<\/p>\n<\/td>\n<\/tr>\n<tr>\n<td nowrap=\"nowrap\" valign=\"bottom\">\n<p class=\"MsoNormal\" style=\"line-height: 170%;\">&nbsp;%<\/p>\n<\/td>\n<td nowrap=\"nowrap\" valign=\"bottom\">\n<p align=\"center\">57,8<\/p>\n<\/td>\n<td nowrap=\"nowrap\" valign=\"bottom\">\n<p align=\"center\">28,9<\/p>\n<\/td>\n<td nowrap=\"nowrap\" valign=\"bottom\">\n<p align=\"center\">0,0<\/p>\n<\/td>\n<td nowrap=\"nowrap\" valign=\"bottom\">\n<p align=\"center\">13,3<\/p>\n<\/td>\n<td nowrap=\"nowrap\" valign=\"bottom\">\n<p align=\"center\">0,0<\/p>\n<\/td>\n<\/tr>\n<\/table>\n<\/div>\n<p class=\"MsoNormal\" style=\"line-height: 170%;\"><strong>&nbsp;<\/strong><\/p>\n<p class=\"MsoNormal\" style=\"line-height: 170%;\">Majority of questioned are judges with deputy of chief state attorney after them. The sample is lacking typists which might be a minus in this research since they are the persons that will mostly be influenced by this technology and will not be asked for their opinion. <\/p>\n<p class=\"MsoNormal\" style=\"line-height: 170%;\"><strong>&nbsp;<\/strong><\/p>\n<div align=\"center\">\n<p align=\"center\"><em>Table 2.<\/em><\/p>\n<table border=\"1\" cellspacing=\"0\" cellpadding=\"0\" width=\"100%\">\n<tr>\n<td width=\"16%\" nowrap=\"nowrap\" rowspan=\"2\" valign=\"bottom\">\n<p align=\"center\">&nbsp;<\/p>\n<\/td>\n<td width=\"83%\" colspan=\"4\">\n<p align=\"center\"><strong>Are you assisted  by the administrator staff during document creation (i.e. Transcription in MS  word, document scanning etc)<\/strong><strong> <\/strong><\/p>\n<\/td>\n<\/tr>\n<tr>\n<td width=\"16%\">\n<p align=\"center\"><strong>Always<\/strong><\/p>\n<\/td>\n<td width=\"16%\">\n<p align=\"center\"><strong>Almost always<\/strong><\/p>\n<\/td>\n<td width=\"17%\">\n<p align=\"center\"><strong>Sometimes<\/strong><\/p>\n<\/td>\n<td width=\"32%\">\n<p align=\"center\"><strong>I have no support<\/strong><\/p>\n<\/td>\n<\/tr>\n<tr>\n<td width=\"16%\" nowrap=\"nowrap\" valign=\"bottom\">\n<p class=\"MsoNormal\" style=\"line-height: 170%;\">&nbsp;f<\/p>\n<\/td>\n<td width=\"16%\">\n<p align=\"center\">18<\/p>\n<\/td>\n<td width=\"16%\">\n<p align=\"center\">8<\/p>\n<\/td>\n<td width=\"17%\">\n<p align=\"center\">16<\/p>\n<\/td>\n<td width=\"32%\">\n<p align=\"center\">3<\/p>\n<\/td>\n<\/tr>\n<tr>\n<td width=\"16%\" nowrap=\"nowrap\" valign=\"bottom\">\n<p class=\"MsoNormal\" style=\"line-height: 170%;\">&nbsp;%<\/p>\n<\/td>\n<td width=\"16%\" nowrap=\"nowrap\" valign=\"bottom\">\n<p align=\"center\">40,0<\/p>\n<\/td>\n<td width=\"16%\" nowrap=\"nowrap\" valign=\"bottom\">\n<p align=\"center\">17,8<\/p>\n<\/td>\n<td width=\"17%\" nowrap=\"nowrap\" valign=\"bottom\">\n<p align=\"center\">35,6<\/p>\n<\/td>\n<td width=\"32%\" nowrap=\"nowrap\" valign=\"bottom\">\n<p align=\"center\">6,7<\/p>\n<\/td>\n<\/tr>\n<\/table>\n<\/div>\n<p class=\"MsoNormal\" style=\"line-height: 170%;\">&nbsp;<\/p>\n<p class=\"MsoNormal\" style=\"line-height: 170%;\">On the other hand, judges and deputies create most of the documents with the help of administrators. <\/p>\n<p align=\"center\"><em>&nbsp;<\/em><\/p>\n<div align=\"center\">\n<p align=\"center\"><em>Table 3.<\/em><\/p>\n<table border=\"1\" cellspacing=\"0\" cellpadding=\"0\" width=\"100%\">\n<tr>\n<td width=\"23%\" nowrap=\"nowrap\" rowspan=\"2\" valign=\"bottom\">\n<p align=\"center\">&nbsp;<\/p>\n<\/td>\n<td width=\"76%\" colspan=\"3\">\n<p align=\"center\"><strong>Do you create  digital documents after work hours in your work overtime?<\/strong><strong> <\/strong><\/p>\n<\/td>\n<\/tr>\n<tr>\n<td width=\"26%\">\n<p align=\"center\"><strong>Sometimes (a  couple of times yearly)<\/strong><\/p>\n<\/td>\n<td width=\"27%\">\n<p align=\"center\"><strong>Frequently (one a  week, few times per month)<\/strong><strong> <\/strong><\/p>\n<\/td>\n<td width=\"22%\">\n<p align=\"center\"><strong>Never<\/strong><\/p>\n<\/td>\n<\/tr>\n<tr>\n<td width=\"23%\" nowrap=\"nowrap\" valign=\"bottom\">\n<p class=\"MsoNormal\" style=\"line-height: 170%;\">&nbsp;f<\/p>\n<\/td>\n<td width=\"26%\">\n<p align=\"center\">14<\/p>\n<\/td>\n<td width=\"27%\">\n<p align=\"center\">17<\/p>\n<\/td>\n<td width=\"22%\">\n<p align=\"center\">14<\/p>\n<\/td>\n<\/tr>\n<tr>\n<td width=\"23%\" nowrap=\"nowrap\" valign=\"bottom\">\n<p class=\"MsoNormal\" style=\"line-height: 170%;\">&nbsp;%<\/p>\n<\/td>\n<td width=\"26%\" nowrap=\"nowrap\" valign=\"bottom\">\n<p align=\"center\">31,1<\/p>\n<\/td>\n<td width=\"27%\" nowrap=\"nowrap\" valign=\"bottom\">\n<p align=\"center\">37,8<\/p>\n<\/td>\n<td width=\"22%\" nowrap=\"nowrap\" valign=\"bottom\">\n<p align=\"center\">31,1<\/p>\n<\/td>\n<\/tr>\n<\/table>\n<\/div>\n<p class=\"MsoNormal\" style=\"line-height: 170%;\">&nbsp;<\/p>\n<p class=\"MsoNormal\" style=\"line-height: 170%;\">According to the results of Table 3 these type of work is done everyday and could be considered usual in justice occupation. There are factual differences in the type of judicial, or state attorneys, work and the capacities of certain courts considering the field it serves. Some of them are, therefore, field workers, some work from home and some are simply working out of hours.<\/p>\n<p class=\"MsoNormal\" style=\"line-height: 170%;\"><strong>&nbsp;<\/strong><\/p>\n<div align=\"center\">\n<p align=\"center\"><em>Table 4.<\/em><\/p>\n<table border=\"1\" cellspacing=\"0\" cellpadding=\"0\" width=\"100%\">\n<tr>\n<td width=\"13%\" nowrap=\"nowrap\" rowspan=\"2\" valign=\"bottom\">\n<p align=\"center\">&nbsp;<\/p>\n<\/td>\n<td width=\"86%\" colspan=\"5\">\n<p align=\"center\"><strong>How necessary is  for you to spend less time on document creation than now?<\/strong><strong> <\/strong><\/p>\n<\/td>\n<\/tr>\n<tr>\n<td width=\"15%\">\n<p align=\"center\"><strong>Extremely  necessary<\/strong><\/p>\n<\/td>\n<td width=\"15%\">\n<p align=\"center\"><strong>Necessary<\/strong><strong> <\/strong><\/p>\n<\/td>\n<td width=\"18%\">\n<p align=\"center\"><strong>Neither<\/strong><strong> <\/strong><\/p>\n<\/td>\n<td width=\"17%\">\n<p align=\"center\"><strong>Mostly not  necessary<\/strong><strong> <\/strong><\/p>\n<\/td>\n<td width=\"18%\">\n<p align=\"center\"><strong>Completely not  necessary<\/strong><strong> <\/strong><\/p>\n<\/td>\n<\/tr>\n<tr>\n<td width=\"13%\" nowrap=\"nowrap\" valign=\"bottom\">\n<p class=\"MsoNormal\" style=\"line-height: 170%;\">&nbsp;f<\/p>\n<\/td>\n<td width=\"15%\">\n<p align=\"center\">8<\/p>\n<\/td>\n<td width=\"15%\">\n<p align=\"center\">20<\/p>\n<\/td>\n<td width=\"18%\">\n<p align=\"center\">3<\/p>\n<\/td>\n<td width=\"17%\">\n<p align=\"center\">2<\/p>\n<\/td>\n<td width=\"18%\">\n<p align=\"center\">0<\/p>\n<\/td>\n<\/tr>\n<tr>\n<td width=\"13%\" nowrap=\"nowrap\" valign=\"bottom\">\n<p class=\"MsoNormal\" style=\"line-height: 170%;\">&nbsp;%<\/p>\n<\/td>\n<td width=\"15%\" nowrap=\"nowrap\" valign=\"bottom\">\n<p align=\"center\">17,8<\/p>\n<\/td>\n<td width=\"15%\" nowrap=\"nowrap\" valign=\"bottom\">\n<p align=\"center\">44,4<\/p>\n<\/td>\n<td width=\"18%\" nowrap=\"nowrap\" valign=\"bottom\">\n<p align=\"center\">6,7<\/p>\n<\/td>\n<td width=\"17%\" nowrap=\"nowrap\" valign=\"bottom\">\n<p align=\"center\">4,4<\/p>\n<\/td>\n<td width=\"18%\" nowrap=\"nowrap\" valign=\"bottom\">\n<p align=\"center\">0,0<\/p>\n<\/td>\n<\/tr>\n<\/table>\n<\/div>\n<p class=\"MsoNormal\" style=\"line-height: 170%;\"><strong>&nbsp;<\/strong><\/p>\n<p class=\"MsoNormal\" style=\"line-height: 170%;\">As seen in Table 4, such jobs are quite demanding for the sample with more than 60% considering they extremely need, or at least need, to use less time for digital document creation.<\/p>\n<p class=\"MsoNormal\" style=\"line-height: 170%;\"><strong>&nbsp;<\/strong><\/p>\n<div align=\"center\">\n<p align=\"center\"><em>Table 5.<\/em><\/p>\n<table border=\"1\" cellspacing=\"0\" cellpadding=\"0\" width=\"100%\">\n<tr>\n<td width=\"18%\" nowrap=\"nowrap\" rowspan=\"2\" valign=\"bottom\">\n<p align=\"center\">&nbsp;<\/p>\n<\/td>\n<td width=\"81%\" colspan=\"4\">\n<p align=\"center\"><strong>How often, in  everyday life, are you using speech-to-text technology (voice operations in  Google search, phonebook voice search etc.).<\/strong><\/p>\n<\/td>\n<\/tr>\n<tr>\n<td width=\"18%\">\n<p align=\"center\"><strong>Very frequently  (every day or almost every day)<\/strong><strong> <\/strong><\/p>\n<\/td>\n<td width=\"22%\">\n<p align=\"center\"><strong>Frequently (once  a week, few times per month)<\/strong><strong> <\/strong><\/p>\n<\/td>\n<td width=\"21%\">\n<p align=\"center\"><strong>Sometimes (few  times per year<\/strong><strong> <\/strong><\/p>\n<\/td>\n<td width=\"18%\">\n<p align=\"center\"><strong>Never<\/strong><\/p>\n<\/td>\n<\/tr>\n<tr>\n<td width=\"18%\" nowrap=\"nowrap\" valign=\"bottom\">\n<p class=\"MsoNormal\" style=\"line-height: 170%;\">&nbsp;f<\/p>\n<\/td>\n<td width=\"18%\">\n<p align=\"center\">1<\/p>\n<\/td>\n<td width=\"22%\">\n<p align=\"center\">5<\/p>\n<\/td>\n<td width=\"21%\">\n<p align=\"center\">10<\/p>\n<\/td>\n<td width=\"18%\">\n<p align=\"center\">28<\/p>\n<\/td>\n<\/tr>\n<tr>\n<td width=\"18%\" nowrap=\"nowrap\" valign=\"bottom\">\n<p class=\"MsoNormal\" style=\"line-height: 170%;\">&nbsp;%<\/p>\n<\/td>\n<td width=\"18%\" nowrap=\"nowrap\" valign=\"bottom\">\n<p align=\"center\">2,2<\/p>\n<\/td>\n<td width=\"22%\" nowrap=\"nowrap\" valign=\"bottom\">\n<p align=\"center\">11,1<\/p>\n<\/td>\n<td width=\"21%\" nowrap=\"nowrap\" valign=\"bottom\">\n<p align=\"center\">22,2<\/p>\n<\/td>\n<td width=\"18%\" nowrap=\"nowrap\" valign=\"bottom\">\n<p align=\"center\">62,2<\/p>\n<\/td>\n<\/tr>\n<\/table>\n<\/div>\n<p class=\"MsoNormal\" style=\"line-height: 170%;\"><strong>&nbsp;<\/strong><\/p>\n<p class=\"MsoNormal\" style=\"line-height: 170%;\">In everyday life approximately 40% use at least sometimes some of the technologies that converts voice to text. It can be assumed that those are Internet browsers and mobile phone voice to text messages. IT companies are promoting the use of this technology so it can be expected that the number of users will rise in time. Education that this company is doing in Croatia will certainly influence the development, use and understanding of this technology in general.<\/p>\n<p class=\"MsoNormal\" style=\"line-height: 170%;\"><strong>&nbsp;<\/strong><\/p>\n<div align=\"center\">\n<p align=\"center\"><em>Table 6.<\/em><\/p>\n<table border=\"1\" cellspacing=\"0\" cellpadding=\"0\" width=\"100%\">\n<tr>\n<td width=\"15%\" nowrap=\"nowrap\" rowspan=\"2\" valign=\"bottom\">\n<p align=\"center\">&nbsp;<\/p>\n<\/td>\n<td width=\"84%\" colspan=\"5\">\n<p align=\"center\"><strong>In your opinion,  how useful will NEWTON Dictate solution be for you?<\/strong><\/p>\n<\/td>\n<\/tr>\n<tr>\n<td width=\"15%\">\n<p align=\"center\"><strong>Extremely useful<\/strong><strong> <\/strong><\/p>\n<\/td>\n<td width=\"15%\">\n<p align=\"center\"><strong>Useful<\/strong><strong> <\/strong><\/p>\n<\/td>\n<td width=\"21%\">\n<p align=\"center\"><strong>Partially useful<\/strong><strong> <\/strong><\/p>\n<\/td>\n<td width=\"15%\">\n<p align=\"center\"><strong>Not useful at all<\/strong><\/p>\n<\/td>\n<td width=\"15%\">\n<p align=\"center\"><strong>I don&rsquo;t know<\/strong><\/p>\n<\/td>\n<\/tr>\n<tr>\n<td width=\"15%\" nowrap=\"nowrap\" valign=\"bottom\">\n<p class=\"MsoNormal\" style=\"line-height: 170%;\">&nbsp;f<\/p>\n<\/td>\n<td width=\"15%\">\n<p align=\"center\">14<\/p>\n<\/td>\n<td width=\"15%\">\n<p align=\"center\">18<\/p>\n<\/td>\n<td width=\"21%\">\n<p align=\"center\">4<\/p>\n<\/td>\n<td width=\"15%\">\n<p align=\"center\">0<\/p>\n<\/td>\n<td width=\"15%\">\n<p align=\"center\">5<\/p>\n<\/td>\n<\/tr>\n<tr>\n<td width=\"15%\" nowrap=\"nowrap\" valign=\"bottom\">\n<p class=\"MsoNormal\" style=\"line-height: 170%;\">&nbsp;%<\/p>\n<\/td>\n<td width=\"15%\" nowrap=\"nowrap\" valign=\"bottom\">\n<p align=\"center\">31,1<\/p>\n<\/td>\n<td width=\"15%\" nowrap=\"nowrap\" valign=\"bottom\">\n<p align=\"center\">40,0<\/p>\n<\/td>\n<td width=\"21%\" nowrap=\"nowrap\" valign=\"bottom\">\n<p align=\"center\">8,9<\/p>\n<\/td>\n<td width=\"15%\" nowrap=\"nowrap\" valign=\"bottom\">\n<p align=\"center\">0,0<\/p>\n<\/td>\n<td width=\"15%\" nowrap=\"nowrap\" valign=\"bottom\">\n<p align=\"center\">11,1<\/p>\n<\/td>\n<\/tr>\n<\/table>\n<\/div>\n<p class=\"MsoNormal\" style=\"line-height: 170%;\">&nbsp;<\/p>\n<p class=\"MsoNormal\" style=\"line-height: 170%;\">Not one person responded that the new technology will be not useful at all. Majority (over 70%) thinks that the new technology will be useful for them. These results confirm the awareness of justice workers for optimisation and IT advancement of their system.<\/p>\n<p class=\"MsoNormal\" style=\"line-height: 170%;\">This questionnaire consists of many more questions which give way for various research and insight into use of new, innovative technology. Another research will be conducted after 3 years on the same sample of 700 people (50 was sample size in this research) with more thorough understanding of users&rsquo; approach to new technology. The most important being the information that there is only 6,7% of users without assistance which might, in general, raise opinion that the users should now do the work themselves which might turn them away from using this type of technology. The users that have no assistant are used to generate documents and are willing to use any tool to expedite that process. In practice, targeting and sound management is of great importance in determining the users of new technology. The conclusion is that the series of research in this specific technology use is still relatively new and sample sizes are smaller which should make our research series quite useful and influential.<\/p>\n<p class=\"MsoNormal\" style=\"line-height: 150%;\">&nbsp;<\/p>\n<p class=\"MsoNormal\" style=\"line-height: 170%;\"><strong>Bibliography:<\/strong><\/p>\n<p class=\"MsoNormal\" style=\"line-height: 170%;\">Ajzen, I. (1985). From intentions to actions: A theory of planned behavior. In J. Kuhl, &amp; J. Beckman (Eds.), <em>Action control: From cognition to behavior<\/em> (pp. 11-39). Heidelberg.<\/p>\n<p class=\"MsoNormal\" style=\"line-height: 170%;\">AlAwadhi, S., &amp; Morris, S. A. (2008). The Use of the UTAUT Model in the Adoption of E-government Services in Kuwait. <em>1st Hawaii International Conference on System Sciences &#8211; 2008.<\/em><\/p>\n<p class=\"MsoNormal\" style=\"line-height: 170%;\">Al-Emran, M., Mezhuyev, V., &amp; Kamaludin, A. (2018). Technology Acceptance Model in M-learning context: A systematic review. <em>Computers &amp; Education, 125<\/em>, 389-412. doi:10.1016\/j.compedu.2018.06.008.<\/p>\n<p class=\"MsoNormal\" style=\"line-height: 170%;\">Alshehri, M., Drew, S., &amp; AlGhamdi, R. (2013, April). <em>Analysis of citizens&#8217; acceptance for E-government services: Applying the UTAUT model.<\/em> Retrieved September 01, 2019, from ResearchGate: https:\/\/www.researchgate.net\/publication\/258841651_Analysis_of_Citizens_Acceptance_for_E-government_Services_Applying_the_UTAUT_Model.<\/p>\n<p class=\"MsoNormal\" style=\"line-height: 170%;\">Chatterton, T. (2011, December). <em>An introduction to thinking about `energy behaviour&#8217;: A multi-model approach.<\/em> Retrieved from ResearchGate.com.<\/p>\n<p class=\"MsoNormal\" style=\"line-height: 170%;\">Davis, F. D. (1991). User acceptance of information technology: system characteristics, user perceptions and behavioural impacts. <em>Int. J. Man &#8211; Machine Studies, 38<\/em>, 475-487.<\/p>\n<p class=\"MsoNormal\" style=\"line-height: 170%;\">Encyclopedia.com. (2019). <em>&quot;new technology&quot;<\/em>. Retrieved 09 06, 2019, from A Dictionary of Sociology: https:\/\/www.encyclopedia.com\/social-sciences\/dictionaries-thesauruses-pictures-and-press-releases\/new-technology.<\/p>\n<p class=\"MsoNormal\" style=\"line-height: 170%;\">Hanifi Murat Mutlu, A. D. (2017). <em>UNIFIED THEORY OF ACCEPTANCE AND USE OF TECHNOLOGY: THE ADOPTION OF MOBILE MESSAGING APPLICATION.<\/em> Retrieved 08 19, 2019, from Researchgate: https:\/\/www.researchgate.net\/publication\/317067606_Unified_theory_of_acceptance_and_use_of_technology_The_adoption_of_mobile_messaging_application\/fulltext\/59277aa9aca27295a800e922\/Unified-theory-of-acceptance-and-use-of-technology-The-adoption-of-mobile.<\/p>\n<p class=\"MsoNormal\" style=\"line-height: 170%;\">Ilin, V., Iveti\u0107, J., &amp; Simi\u0107, D. (2017). Understanding the determinants of e-business adoption in ERP-enabled firms and non-ERP-enabled firms: A case study of the Western Balkan Peninsula. <em>Technological Forecasting &amp; Social Change<\/em>(125), 206-223.<\/p>\n<p class=\"MsoNormal\" style=\"line-height: 170%;\">Isleem, M. I. (2003). <em>RELATIONSHIPS OF SELECTED FACTORS AND THE LEVEL OF COMPUTER USE FOR INSTRUCTIONAL PURPOSES BY TECHNOLOGY EDUCATION TEACHERS IN OHIO PUBLIC SCHOOLS: A STATEWIDE SURVEY. Dissertation.<\/em> The Ohio State University.<\/p>\n<p class=\"MsoNormal\" style=\"line-height: 170%;\">Koul, S., &amp; Eydgahi, A. (2017). A systematic review of technology adoption frameworks and their applications. <em>Journal of Technology Management &amp; Innovation<\/em>, 106-113.<\/p>\n<p class=\"MsoNormal\" style=\"line-height: 170%;\">Lai, P. (2017). THE LITERATURE REVIEW OF TECHNOLOGY ADOPTION MODELS AND THEORIES FOR THE NOVELTY TECHNOLOGY. <em>JISTEM &#8211; Journal of Information Systems and Technology Management, 14<\/em>(1), 21-38. doi: 10.4301\/S1807-17752017000100002.<\/p>\n<p class=\"MsoNormal\" style=\"line-height: 170%;\">Lee, Y., Kozar, K., &amp; Larsen, K. (2003, January). The Technology Acceptance Model: Past, Present, and Future. <em>Communications of the Association for Information Systems, 12<\/em>, 752-780. doi:DOI: 10.17705\/1CAIS.01250.<\/p>\n<p class=\"MsoNormal\" style=\"line-height: 170%;\">Maranguni\u0107, N., &amp; Grani\u0107, A. (2014). Technology acceptance model: a literature review from 1986 to 2013. <em>Universal Access in the Information Society, 14<\/em>(1), 81-95.<\/p>\n<p class=\"MsoNormal\" style=\"line-height: 170%;\">Maruping, L., Hilol, B., Viswanath, V., &amp; Brown, S. A. (2016). Going Beyond Intention: Integrating Behavioral Expectation Into the Unified Theory of Acceptance and Use of Technology. <em>JOURNAL OF THE ASSOCIATION FOR INFORMATION SCIENCE AND TECHNOLOGY<\/em>. doi:10.1002\/asi.23699.<\/p>\n<p class=\"MsoNormal\" style=\"line-height: 170%;\">Momani, A., &amp; Mamoum, J. (2017). The Evolution of Technology Acceptance Theories. <em>International Journal of Contemporary Computer Research (IJCCR)<\/em>.<\/p>\n<p class=\"MsoNormal\" style=\"line-height: 170%;\">Pulikanti, S., &amp; Habib, K. N. (2016, January). <em>Investigating the Choice Making Behaviour of Transport Users: The Role of Psychology and Choice Contexts in Commuting Mode Choice Process.<\/em> Retrieved 09 05, 2019, from Researchgate.com: file:\/\/\/C:\/Users\/Ma%C5%A1a\/Downloads\/ChoiceMakingBehviour_Shashank-Habib_V03.pdf.<\/p>\n<p class=\"MsoNormal\" style=\"line-height: 170%;\">Rauniar, R., Rawski, G., Yang, J., &amp; Johnson, B. (2013). Technology acceptance model (TAM) and social media usage: an empirical study on Facebook. <em>Journal of Enterprise Information Management, 27<\/em>(1), 6-30. doi:DOI 10.1108\/JEIM-04-2012-0011.<\/p>\n<p class=\"MsoNormal\" style=\"line-height: 170%;\">Rogers, E. M. (1983). <em>DIFFUSION OF INNOVATIONS<\/em> (3rd ed.). The Free Press, A Division of Macmillan Publishing Co., Inc.<\/p>\n<p class=\"MsoNormal\" style=\"line-height: 170%;\">Sahin, I. (2006). DETAILED REVIEW OF ROGERS&rsquo; DIFFUSION OF INNOVATIONS THEORY AND EDUCATIONAL TECHNOLOGY-RELATED STUDIES BASED ON ROGERS&rsquo; THEORY. <em>The Turkish Online Journal of Educational Technology \u2013 TOJET, 5<\/em>(2).<\/p>\n<p class=\"MsoNormal\" style=\"line-height: 170%;\">Scherer, R., Siddiq, F., &amp; Tondeur, J. (2018). The technology acceptance model (TAM): A meta-analytic structural equation modeling approach to explaining teachers&rsquo; adoption of digital technology in education. <em>Computers &amp; Education (Accepted manuscript)<\/em>. doi:https:\/\/doi.org\/10.1016\/.<\/p>\n<p class=\"MsoNormal\" style=\"line-height: 170%;\">Taherdoost, H. (2018). A review of technology acceptance and adoption models and theories. <em>Procedia Manufacturing 22<\/em>, 960-967.<\/p>\n<p class=\"MsoNormal\" style=\"line-height: 170%;\">Tan, P., &amp; Juinn, B. (2013). Applying the UTAUT to Understand Factors Affecting the Use of English E-Learning Websites in Taiwan. <em>SAGE Open<\/em>. doi:https:\/\/doi.org\/10.1177\/2158244013503837.<\/p>\n<p class=\"MsoNormal\" style=\"line-height: 170%;\">Venkatesh, V., Morris, G., Davis, M. &amp;., &amp; Gordon &amp; Davis, F. (2003). Acceptance of Information Technology: Toward a Unified View. <em>MIS Quarterly<\/em>, 425-478.<\/p>\n<p class=\"MsoNormal\" style=\"line-height: 170%;\">Weidman, J., Young-Corbett, D., Fiori, C., Koebel, T., &amp; Montague, E. (n.d.). <em>Innovative Solutions for Compliance and Research Management.<\/em> Retrieved August 20, 2019, from Prevention through Design: Use of the Diffusion of Innovation Model to Predict Adoption: https:\/\/www.irbnet.de\/daten\/iconda\/CIB_DC24386.pdf.<\/p>\n<p class=\"MsoNormal\" style=\"line-height: 170%;\">Wikipedia. (2019, Septmeber 06). <em>Diffusion of innovations<\/em>. Retrieved from Wikipedia.org: https:\/\/en.wikipedia.org\/wiki\/Diffusion_of_innovations.<\/p>\n<p class=\"MsoNormal\" style=\"line-height: 170%;\">Williams, M. D., Rana, N., &amp; Dwivedi, Y. K. (2015). The unified theory of acceptance and use of technology (UTAUT): A literature review. <em>Journal of Enterprise Information Management<\/em>. doi:DOI: 10.1108\/JEIM-09-2014-0088.<\/p>\n<p class=\"MsoNormal\" style=\"line-height: 150%;\">&nbsp;<\/p>\n<p style=\"text-align: center;\" align=\"center\"><strong> <span style=\"font-size: 13.0pt; line-height: 150%;\">Preliminarna komunikacija i istra\u017eivanje <br \/>\nu serijama humanisti\u010dke sociologije:<\/p>\n<p>Modeli prihva\u0107anja novih tehnologija na radnom mjestu<\/p>\n<p>kroz utjecaj komunikacije na pona\u0161anje pojedinca<\/span><\/strong><\/p>\n<p class=\"MsoNormal\" style=\"line-height: 150%;\">&nbsp;<\/p>\n<p style=\"margin: 0cm 48.6pt 0.0001pt 54pt; line-height: 170%;\"><em><strong>Sa\u017eetak<\/strong><\/em><\/p>\n<p class=\"MsoBodyText\" style=\"margin-top: 0cm; margin-right: 48.6pt; margin-bottom: .0001pt; margin-left: 54.0pt; line-height: 150%;\"><span style=\"font-size: 12.0pt; line-height: 150%; font-family: 'Times New Roman';\" lang=\"SR\">&nbsp;<\/span><\/p>\n<p class=\"MsoBodyText\" style=\"margin-top: 0cm; margin-right: 48.6pt; margin-bottom: .0001pt; margin-left: 54.0pt; line-height: 170%;\"><em><br \/>\nNovom tehnologijom naziva se bilo koji skup produktivnih tehnika koji nudi zna\u010dajna pobolj\u0161anja. Ono \u0161to se vidi kao novo o\u010dito je podlo\u017eno neprestanoj redefiniciji, budu\u0107i da se doga\u0111aju uzastopne promjene u razvoju tehnologije. Dru\u0161tveni i politi\u010dki u\u010dinak novih tehnologija slo\u017een je i podlo\u017ean razlikama u upravlja\u010dkim strategijama, otporu radnika i mno\u0161tvom drugih kulturnih i politi\u010dkih okolnosti. Korisni\u010dko usvajanje novih tehnologija i modela koji obja\u0161njavaju njihova pona\u0161anja je aktualan istra\u017eiva\u010dki problem.<\/em><\/p>\n<p><span style=\"mso-tab-count: 1;\">&nbsp;&nbsp;&nbsp;&nbsp;&nbsp;&nbsp;<\/span><\/p>\n<p class=\"MsoBodyText\" style=\"margin-top: 0cm; margin-right: 48.6pt; margin-bottom: .0001pt; margin-left: 54.0pt; line-height: 170%;\"><em><br \/>\nUtvr\u0111ivanje \u010dimbenika koji utje\u010du na prihva\u0107anje novih tehnologija razumijeva se razvojem modela prihva\u0107anja tehnologije i teorija s razli\u010ditim teoretskim uvidima, varijablama i mjerenjima. Prepoznavanje potreba pojedinaca ujedno je i prepoznavanje \u010dimbenika koji utje\u010du na prihva\u0107anje ili odbijanje novih tehnologija. Istra\u017eiva\u010di danas mogu konceptualizirati modele prihva\u0107anja koji mogu utjecati na prethodne, trenuta\u010dne, ali i budu\u0107e primjene navedenih modela. Tijekom studije slu\u010daja, 50 korisnika nove tehnologije u Hrvatskoj je ispitano za prednosti i mane te je zaklju\u010deno da \u0107e ve\u0107ina imati koristi od iste.<\/em><\/p>\n<p class=\"MsoBodyText\" style=\"margin-top: 0cm; margin-right: 48.6pt; margin-bottom: .0001pt; margin-left: 54.0pt; line-height: 170%;\">&nbsp;<\/p>\n<p style=\"margin: 0cm 48.6pt 0.0001pt 54pt; line-height: 170%;\"><strong><em>Key words:<\/em><\/strong> <em>nove tehnologije, prihva\u0107anje tehnologije, modeli prihva\u0107anja tehnologije, dru\u0161tvena humanistika, komunikologija, interakcija \u010dovjeka i ra\u010dunala.<\/em><\/p>\n<p class=\"MsoNormal\" style=\"line-height: 150%;\"><span lang=\"SR\">&nbsp;<\/span><\/p>\n<p><a name=\"8inmediasres16\"><\/a><\/p>\n<p class=\"MsoNormal\" style=\"line-height: 150%;\"><span lang=\"SR\">&nbsp;<\/span><\/p>\n<hr \/>\n<table style=\"width: 755px;\" border=\"0\">\n<tbody>\n<tr>\n<td style=\"width: 215px;\" valign=\"top\"><img loading=\"lazy\" decoding=\"async\" class=\" alignleft size-full wp-image-347\" style=\"float: left;\" src=\"https:\/\/centar-fm.org\/inmediasres\/wp-content\/uploads\/sites\/2\/2020\/05\/inmediasresno1malo16.png\" alt=\"inmediasresno16\" width=\"70\" height=\"103\" \/><\/p>\n<p class=\"MsoNormal\" style=\"line-height: 170%;\">\n <strong>&nbsp;9(16)#8 2020<\/strong> <\/p>\n<\/td>\n<td style=\"width: 315px;\" valign=\"top\">\n<p style=\"line-height: 170%; text-align: center;\">\n<a rel=\"license\" href=\"http:\/\/creativecommons.org\/licenses\/by-nc\/4.0\/\"><img decoding=\"async\" alt=\"Creative Commons licenca\" style=\"border-width:0\" src=\"https:\/\/i.creativecommons.org\/l\/by-nc\/4.0\/88x31.png\" \/><\/a><br \/>\u010casopis je otvorenog pristupa, a ovo djelo je dano na kori\u0161tenje pod licencom <a rel=\"license\" href=\"http:\/\/creativecommons.org\/licenses\/by-nc\/4.0\/\"><strong>Creative Commons Imenovanje-Nekomercijalno 4.0 me\u0111unarodna.<\/strong><\/a><\/p>\n<\/td>\n<td valign=\"top\">\n<p style=\"text-align: right; line-height: 150%;\" align=\"center\"><strong><br \/>\nDOI <a href=\"https:\/\/doi.org\/10.46640\/imr.9.16.8\">10.46640\/imr.9.16.8<\/a><br \/>\nUDK 2-18:004.8<\/p>\n<p>Pregledni \u010dlanak<\/p>\n<p>Review article<\/p>\n<p>Primljeno: 17.02.2020.<\/strong><\/p>\n<\/td>\n<\/tr>\n<\/tbody>\n<\/table>\n<p class=\"MsoNormal\" style=\"line-height: 150%;\">&nbsp;<\/p>\n<p class=\"MsoNormal\" style=\"line-height: 150%;\">&nbsp;<\/p>\n<p class=\"MsoNormal\" style=\"text-align: center; line-height: 150%;\" align=\"center\"><span style=\"font-size: 15.0pt; line-height: 150%;\"><a href=\"https:\/\/orcid.org\/0000-0001-9702-6271\">Fulvio \u0160uran<\/a><\/span><\/p>\n<p style=\"text-align: center; line-height: 150%;\" align=\"center\">Sveu\u010dili\u0161te Jurja Dobrile u Puli, Hrvatska<br \/>\nfsuran@unipu.hr<\/p>\n<p style=\"text-align: center;\" align=\"center\"><strong> <span style=\"font-size: 16.0pt; line-height: 150%;\">Sloboda na rubu novih medija<\/span><\/strong><\/p>\n<p style=\"text-align: center; line-height: 150%;\" align=\"center\"><a href=\"http:\/\/www.centar-fm.org\/inmediasres\/images\/pdf\/16\/F. Suran, Sloboda na rubu novih medija.pdf\"><strong><span style=\"color: #DC0101; font-size: 8.0pt;\"><br \/>\nPuni tekst: pdf (426 KB), Hrvatski, Str. 2579 &#8211; 2592<br \/>\n<\/span><\/strong><\/a><\/p>\n<p class=\"MsoNormal\" style=\"line-height: 150%;\">&nbsp;<\/p>\n<p style=\"margin: 0cm 48.6pt 0.0001pt 54pt; line-height: 170%;\"><strong><em>Sa\u017eetak<\/em><\/strong><\/p>\n<p class=\"MsoBodyText\" style=\"margin-top: 0cm; margin-right: 48.6pt; margin-bottom: .0001pt; margin-left: 54.0pt; line-height: 150%;\"><span style=\"font-size: 12.0pt; line-height: 150%; font-family: 'Times New Roman';\" lang=\"SR\">&nbsp;<\/span><\/p>\n<p class=\"MsoBodyText\" style=\"margin-top: 0cm; margin-right: 48.6pt; margin-bottom: .0001pt; margin-left: 54.0pt; line-height: 170%;\"><em>Nove tehnologije vode nas u umjetnu dimenziju stvarnosti u kojoj se svakodnevna objektivna i opipljiva realnost pretvara u nematerijalne entitete, u digitalne informacije. Medijska hipnoza favorizira tromost kriti\u010dke svijesti i eti\u010dke savjesti, dok prikazane slike pridonose strukturiranju takozvane \u201cpatologije normalnosti\u201d koja, upravo zato \u0161to je \u0161iroko rasprostranjena, ostaje nezapa\u017eena. Treba pojasniti da se ne radi samo o novim tehnologijama, ve\u0107 o novom modelu dru\u0161tva koji se uspostavlja i koji uklju\u010duje razli\u010dite aspekte mi\u0161ljenja, osje\u0107aja i djelovanja \u010dovjeka, preoblikovane djelatno\u0161\u0107u novih medija. Poku\u0161at \u0107e se stoga preispitati, za njihovu egzistencijalnu, dru\u0161tvenu i politi\u010dku vrijednost neka posebno zna\u010dajna podru\u010dja ovdje obra\u0111ene poveznice (linka) jedne jedinstvene tematike: \u010dovjeka.<\/em><\/p>\n<p class=\"MsoBodyText\" style=\"margin-top: 0cm; margin-right: 48.6pt; margin-bottom: .0001pt; margin-left: 54.0pt; line-height: 170%;\">&nbsp;<\/p>\n<p style=\"margin: 0cm 48.6pt 0.0001pt 54pt; line-height: 170%;\"><strong><em>Klju\u010dne rije\u010di:<\/em><\/strong> <em>svijet kao predod\u017eba i smisao, du\u0161a, identitet, prostor\/vrijeme, iskustvena dimenzija, pam\u0107enje, pasivnost, informacija, masa vs masifikacije, kriti\u010dko mi\u0161ljenje, gra\u0111anska participacija, sloboda.<\/em><\/p>\n<p class=\"MsoBodyText\" style=\"margin-top: 0cm; margin-right: 48.6pt; margin-bottom: .0001pt; margin-left: 54.0pt; line-height: 170%;\">&nbsp;<\/p>\n<p class=\"MsoNormal\" style=\"line-height: 150%;\">&nbsp;<\/p>\n<p class=\"MsoNormal\" style=\"line-height: 170%;\"><strong><em>Uvod (uz Heraklita) <\/em><\/strong><\/p>\n<p class=\"MsoNormal\" style=\"line-height: 170%;\">Ve\u0107 u 6. stolje\u0107u p. n. e., dakle u samu zoru zapadne misli, Heraklit zvan &#8216;mra\u010dni&#8217; smatrao je da je na\u010delo koje iskazuje su\u0161tinu bitka neprestana i vje\u010dna promjena svega<a name=\"_ftnref97\"><\/a><a href=\"#_ftn97\"><sup>[<span style=\"font-family: 'times new roman', times;\"><strong>97<\/strong><\/span>]<\/sup><\/a>, i to u vidu nevidljivog sklada prirode<a name=\"_ftnref98\"><\/a><a href=\"#_ftn98\"><sup>[<span style=\"font-family: 'times new roman', times;\"><strong>98<\/strong><\/span>]<\/sup><\/a> imanentno cjelini<a name=\"_ftnref99\"><\/a><a href=\"#_ftn99\"><sup>[<span style=\"font-family: 'times new roman', times;\"><strong>99<\/strong><\/span>]<\/sup><\/a> i u neprekidnoj napetosti svojih suprotnosti<a name=\"_ftnref100\"><\/a><a href=\"#_ftn100\"><sup>[<span style=\"font-family: 'times new roman', times;\"><strong>100<\/strong><\/span>]<\/sup><\/a> koje u su\u0161tini su jedno<a name=\"_ftnref101\"><\/a><a href=\"#_ftn101\"><sup>[<span style=\"font-family: 'times new roman', times;\"><strong>101<\/strong><\/span>]<\/sup><\/a>. A Logos, kozmi\u010dki logos koji upravlja stvarima, razumno je na\u010delo dostupno svim ljudima i pristupaju\u0107i kojemu mogu\u0107e je shvatiti stvarnost u svom jedinstvu.<\/p>\n<p class=\"MsoNormal\" style=\"line-height: 170%;\">No ima sve vi\u0161e &#8216;spava\u010da&#8217;, rekao bi Heraklit, koji ne prepoznaju glas razuma i stoga se odri\u010du kozmi\u010dkog logosa i \u017eive kao ovce koje potrebuju nekoga da bi ih vodio za ruku<a name=\"_ftnref102\"><\/a><a href=\"#_ftn102\"><sup>[<span style=\"font-family: 'times new roman', times;\"><strong>102<\/strong><\/span>]<\/sup><\/a>, a sve manje onih koji su dosegli stanje &#8216;budnosti&#8217;<a name=\"_ftnref103\"><\/a><a href=\"#_ftn103\"><sup>[<span style=\"font-family: 'times new roman', times;\"><strong>103<\/strong><\/span>]<\/sup><\/a>, \u0161to i jest prava su\u0161tina ljudskosti<a name=\"_ftnref104\"><\/a><a href=\"#_ftn104\"><sup>[<span style=\"font-family: 'times new roman', times;\"><strong>104<\/strong><\/span>]<\/sup><\/a>.<\/p>\n<p class=\"MsoNormal\" style=\"line-height: 170%;\">Dakle, u toj staroj pri\u010di: umrtvljeni intelekt ve\u0107ine ljudi, uklju\u010duju\u0107i i mnoge (takozvane) mudrace<a name=\"_ftnref105\"><\/a><a href=\"#_ftn105\"><sup>[<span style=\"font-family: 'times new roman', times;\"><strong>105<\/strong><\/span>]<\/sup><\/a>, stvarnost prepu\u0161ta kratkovidnom pogledu &#8216;carpe diem-a&#8217; ve\u0107ine<a name=\"_ftnref106\"><\/a><a href=\"#_ftn106\"><sup>[<span style=\"font-family: 'times new roman', times;\"><strong>106<\/strong><\/span>]<\/sup><\/a>, kompromitiraju\u0107i cjelovitu viziju toliko potrebnu razumijevanju dubine stvari. Cjelovitost koju se dosti\u017ee jedino posredstvom izvorne filozofske spoznaje, znanstveno neograni\u010davane i neograni\u010davaju\u0107e u posebnim i nepovezanim limitiraju\u0107im cjelinama<a name=\"_ftnref107\"><\/a><a href=\"#_ftn107\"><sup>[<span style=\"font-family: 'times new roman', times;\"><strong>107<\/strong><\/span>]<\/sup><\/a>. <\/p>\n<p class=\"MsoNormal\" style=\"line-height: 170%;\">Danas je filozofija ponovo pozvana da daje svoj doprinos, da &lsquo;ulovi&rsquo; prvotno na\u010delo vi\u0161estrukosti koje povremeno upravlja stvarno\u0161\u0107u; da ljudima govori iz unutra\u0161njosti onog logosa koji je jedino sredstvo prikazivanja istine koja nije dostupna onima koji znaju mnoge stvari, specijaliziranim tehni\u010darima, slu\u017ebenicima znanstveno-tehnolo\u0161kog aparata \u010dije im mnogoznanje omogu\u0107ava da uspje\u0161no upravljaju tehnolo\u0161kom opremom<a name=\"_ftnref108\"><\/a><a href=\"#_ftn108\"><sup>[<span style=\"font-family: 'times new roman', times;\"><strong>108<\/strong><\/span>]<\/sup><\/a>, ve\u0107 onima koji znaju kako dobro upravljati razumom. <\/p>\n<p class=\"MsoNormal\" style=\"line-height: 170%;\">Stoga, vi\u0161e nego ikada prije, filozofsko razmatranje mora biti usmjereno na uvi\u0111anje imanentnog smisla stvarnosti u svojoj cjelini i to u kontekstu istra\u017eivanja koji sadr\u017eava osobine vje\u010dne \u017eivotne misije, vra\u0107aju\u0107i se tako na ono prvobitno zvanje, toliko potrebno da bi se shvatilo suvremeni trenutak u kojemu se \u010dovjek suo\u010dava s epohalnom prekretnicom koja ga utapa u kognitivnoj nezgrapnosti. To \u010dini da \u010dovjek ostaje zarobljen sigurnosnim granicama sveop\u0107eg konzumerizma unutar kojeg nestaje svaki zaostali odjek zna\u010denja.<\/p>\n<p class=\"MsoNormal\" style=\"line-height: 170%;\">&nbsp;<\/p>\n<p class=\"MsoNormal\" style=\"line-height: 170%;\"><em><strong>Homo technologicus i izvorna filozofija <\/strong><\/em><\/p>\n<p class=\"MsoNormal\" style=\"line-height: 170%;\">Radi se o egzistencijalno va\u017enom zadatku za filozofiju ako se ima u vidu da, u za\u010de\u0107u tre\u0107eg tisu\u0107lje\u0107a, suvremeni \u010dovjek ili homo technologicus, sve vi\u0161e iskazuje izuzetnu intelektualnu sljepo\u0107u naslije\u0111enu iz kulture dvadesetog stolje\u0107a. Uz kulturno obzorje, koje sa svojim zadivljuju\u0107im znanstveno &#8211; tehnolo\u0161kim napretkom, tako\u0111er \u2013 posredstvom redukcionisti\u010dke metode koja dekontekstualizira, razdvaja i zatvara znanja u granicama paradoksalnih hiper &#8211; specijalizacija, prenio je i (nevjerojatnu) neosjetljivost za sveop\u0107e (globalne) i slo\u017eene probleme<a name=\"_ftnref109\"><\/a><a href=\"#_ftn109\"><sup>[<span style=\"font-family: 'times new roman', times;\"><strong>109<\/strong><\/span>]<\/sup><\/a>. <\/p>\n<p class=\"MsoNormal\" style=\"line-height: 170%;\">Neprimjerenost ovih tradicionalnih kognitivnih alata u potpunosti iskrsava pojavom kvalitativno novih fenomena koji su redizajnirali zemljovid ljudskog svijeta u obliku planetarne perspektive. Naime, novija ra\u010dunalna tehnologija otvorila je novi epistemolo\u0161ki horizont s \u010dijim smo suo\u010davanjem potpuno razoru\u017eani, a trenutna neadekvatnost, koja mo\u017ee \u010dovjeka uvesti u vrtoglavost bez-smislenosti, mo\u017ee se samo eksponencijalno pove\u0107ati, pod pritiskom ubrzanja promjena uvedena od novije tehnolo\u0161ke ere neograni\u010denih mogu\u0107nosti ali i neograni\u010denih strahova i tjeskoba.<\/p>\n<p class=\"MsoNormal\" style=\"line-height: 170%;\">Stoga zadr\u017eati novog \u010dovjeka unutar zastarjelog konceptualnog okvira tehnolo\u0161kog \u010dinovnika donekle odgovara istjerivanju strahova od nepoznatog ocjenjuju\u0107i ih neprimjerenim parametrima utemeljenima na vrijednostima preuzetim iz referentne aksiomatike stvorene da bi se odgovorilo na pitanja druga\u010dijih, pro\u0161lih konteksta. <\/p>\n<p class=\"MsoNormal\" style=\"line-height: 170%;\">No umjesto da se nastavi u toj koherentnoj tjeskobi, \u010dije zadovoljavanje vodi \u010dovjeka do halucinacija koje sam proizvodi dezorijentiran upori\u0161nim to\u010dkama koje nemaju vi\u0161e nikakvu vrijednost ni u jednoj konceptualnoj mapi, nu\u017eno je nau\u010diti preispitati ljudsko stanje. Naime, da bi se razumjela evolucijska stvarnost sada\u0161njice nu\u017eno je prepoznati pojavu nove paradigme, jer zadr\u017eati se na stati\u010dkim, krutim i kristaliziranim kognitivnim mapama poput onih koje \u0161kola i sveu\u010dili\u0161te i dalje predla\u017eu, istozna\u010dno je potpisivanju izbora vlastitog izumiranja. To nije suludo, ve\u0107 glupo, suvi\u0161e glupo, dakle stupanj ni\u017ee od nietzscheanskog &#8216;ljudskog, odvi\u0161e ljudskog&#8217;.<\/p>\n<p class=\"MsoNormal\" style=\"line-height: 170%;\">Dakle, ako taj &#8216;vreli novi svijet&#8217; potrebuje jedno adekvatno razumijevanje, tada se filozofija kao &#8216;spoznaja znanja&#8217;<a name=\"_ftnref110\"><\/a><a href=\"#_ftn110\"><sup>[<span style=\"font-family: 'times new roman', times;\"><strong>110<\/strong><\/span>]<\/sup><\/a> mora obvezati da ju i nudi, i to bez ikakvih distopijskih i utopijskih primjedbi, jer trenutno nije korisno &#8216;odlu\u010divati&#8217; kako bi se svijet trebao mijenjati, ve\u0107 shvatiti to novo stanje (stvari). Potrebno je dakle znati se postaviti u odnosu na nove egzistencijalne granice (u obliku sigurnosnih ograni\u010denja), za \u0161to je potrebno shvatiti novi statut stvarnosti, a ne ogor\u010deno poku\u0161ati povratiti stari poredak stvari cenzuriraju\u0107i bilo kakvo odstupanje. Zadatak filozofije je dakle obrazlo\u017eiti novo poimanje stvari osmi\u0161ljavaju\u0107i, povra\u0107aju\u0107i i obrazla\u017eu\u0107i pojmove koje se nalaze u temelju ljudskog postojanja kao postajanje. A to i dalje odgovara na upit za\u0161to, i samo za\u0161to. Dakle ne vi\u0161e kako \u017eivjeti ve\u0107 za\u0161to \u017eivjeti. Samo na taj na\u010din filozofija mo\u017ee &#8216;zaraditi&#8217; onu &quot;<em>figuru novog intelektualnog carstva<\/em>&quot;<a name=\"_ftnref111\"><\/a><a href=\"#_ftn111\"><sup>[<span style=\"font-family: 'times new roman', times;\"><strong>111<\/strong><\/span>]<\/sup><\/a>, i iz te povlasti krenuti u osvajanje prikladnijih kognitivnih kategorija. <\/p>\n<p class=\"MsoNormal\" style=\"line-height: 170%;\">&nbsp;<\/p>\n<p class=\"MsoNormal\" style=\"line-height: 170%;\"><strong><em>Novi \u010dovjek i smisao \u017eivljenja<\/em><\/strong><\/p>\n<p class=\"MsoNormal\" style=\"line-height: 170%;\">To zna\u010di da spoznaja ne smije biti tuma\u010dena kao shema, kao jamstvo (platonske transcendencije) da &quot;<em>postoji a priori oblik za uklanjanje neizvjesnosti<\/em>&quot;, ve\u0107 kao &quot;<em>alat za generiranje najrelevantnije mogu\u0107e spoznaje u odnosu na kontekst u kojem se predmet postavlja<\/em>&quot;<a name=\"_ftnref112\"><\/a><a href=\"#_ftn112\"><sup>[<span style=\"font-family: 'times new roman', times;\"><strong>112<\/strong><\/span>]<\/sup><\/a>. A to zna\u010di da mora dovesti i do nove i druga\u010dije razine svjesnosti, jer se radi o znanju koje se neminovno mora poistovjetiti s \u010dinom zna\u010denja koji ljudskoj spoznaji, kao djelovanje, omogu\u0107uje da se automatski reorganizira u adekvatno u\u010dinkovite module i u domeni te nove stvarnosti koju \u010dovjek redizajnira. To treba \u010diniti kontekstualno pitanjima koja iz \u010dovjeka kao dinami\u010dna stvarnost neprekidno proizlaze, zahtijevaju\u0107i obnovu vlastitih kategorija, evoluiraju\u0107i zajedno s kulturnim zahtjevima koje on sam odre\u0111uje u svom \u017eivotnom procesu, kao spoj rada i spoznaje koji se me\u0111usobno isprepli\u0107u u kru\u017enom tijeku stvari. <\/p>\n<p class=\"MsoNormal\" style=\"line-height: 170%;\">Protivno, postoji rizik da \u010dovjek (p)ostane zarobljenik vlastitih egzistencijalnih artikulacija, iako nestalih iz okvira stvarnosti. U toj perspektivi svaki se kognitivni napor konfigurira kao \u010din samo-oblikovanja i istovremeno restrukturiranja okolnog svijeta. Radi se o ne\u010demu \u0161to se ne mo\u017ee vi\u0161e odga\u0111ati u <strong><em>digitalno doba \u010dovjeka. <\/em><\/strong>Naime, ako se poku\u0161a re-aktivirati refleksivnu praksu izvorne filozofije koja \u010dovjeka \u010dini \u010dovjekom kao svjesnim bi\u0107em prakse, ono \u0161to \u0107e se tada filozofima prikazati, u tek zapo\u010detom 21. stolje\u0107u, bit \u0107e radikalno transformirana stvarnost.<\/p>\n<p class=\"MsoNormal\" style=\"line-height: 170%;\">&nbsp;<\/p>\n<p class=\"MsoNormal\" style=\"line-height: 170%;\"><strong><em>Dobro do\u0161li u digitalno doba <\/em><\/strong><\/p>\n<p class=\"MsoNormal\" style=\"line-height: 170%;\">Radi se o spoznaji da se nakon Gutenbergove galaksije u\u0161lo u razdoblje digitalne galaksije \u0161to je bilo i neizbje\u017eno, s internetom kao tkanjem cjelokupnog ljudskog \u017eivota. <\/p>\n<p class=\"MsoNormal\" style=\"line-height: 170%;\">Suvremeno informacijsko dru\u0161tvo novi je izazov koji poziva na dodatnu svijest, i to naro\u010dito onih koji pridr\u017eavaju\u0107i se kategorija koje se otapaju u pokretnoj paradigmi ljudskog uma i dalje inzistiraju u ne-prepoznavanju onoga \u0161to svakodnevno do\u017eivljavaju i spoznajom i djelovanjem. Naime, iako je suvremeni \u010dovjek uronjen u novu paradigmu, jo\u0161 vlada ona redukcionisti\u010dka paradigma koju je uspostavila moderna znanost i koja je postepeno atrofirala svaku ljudsku naklonost kontekstualizaciji. <\/p>\n<p class=\"MsoNormal\" style=\"line-height: 170%;\">To zna\u010di da nas toliko spominjana suvremena globalizacija koja svijetom vlada od kraja dvadesetog stolje\u0107a, hvata potpuno nespremne, a ponekad i neprijateljski naklonjene prema novim i slo\u017eenijim kognitivnim pona\u0161anjima. Razlog le\u017ei u tome da jo\u0161 nismo metabolizirali \u010dinjenicu da suvremeno \u010dovje\u010danstvo \u017eivi u kibernetskom prostoru, u virtualnom i interaktivnom okru\u017eenju karakteriziranom komunikacijom a ne teritorijalno\u0161\u0107u. Radi se o okru\u017eenju dizajniranom uporabom ra\u010dunala, koja otvaraju i zatvaraju trenutne kontakte i bri\u0161u svaku prostorno &#8211; vremensku granicu da bi se dezorijentirano kretali u istodobnom su\u017eivotu svega i sva\u010dega, kao proizvod izblje\u0111ivanja granica izme\u0111u vanjskog i unutarnjeg svijeta, \u0161to od suvremenog \u010dovjeka zahtijeva da kao samo-refleksivno bi\u0107e adekvatno obnovi arhitekturu svog uma. Naime, \u010dovjek se danas nalazi u sredi\u0161tu velike kognitivne revolucije te je stoga pozvan osvijestiti svoje djelovanje i razmisliti o svojoj preobrazbi.<\/p>\n<p class=\"MsoNormal\" style=\"line-height: 170%;\">Va\u017eno je shvatiti da je globalizacija mre\u017ee proizvela jedinstvenu generaciju, koja se razlikuje od prethodne i koja se suo\u010dava s pote\u0161ko\u0107ama tranzicije, ne izostavljaju\u0107i pritom i nadolaze\u0107u, tj. onu koja \u0107e nastaniti potpuno novi svijet i to u su\u017eivotu s roditeljima. Generacije su to koje otkrivaju digitalnu su\u0161tinu iz koje izvire nova logika stvarnosti. Sve je u tome da se nju razumije, a za to je itekako potrebna filozofija koja svemu tome mora dati i adekvatni smisao stvari. Naime, ako se \u010dovjekova osobnost sastoji od projiciranja zna\u010denja, budu\u0107i da se njegova su\u0161tina izra\u017eava u sposobnosti organiziranja vlastite osjetilnosti oko smislenog svemira zna\u010denja, tada, da bi shvatili novije generacije u nastajanju, neminovno je govoriti i njihov jezik, jer \u0107e samo na taj na\u010din biti mogu\u0107e shvatiti kako proizvode i crpe zna\u010denja. <\/p>\n<p class=\"MsoNormal\" style=\"line-height: 170%;\">Stoga ne\u0107e biti te\u0161ko uvidjeti da nova generacija ne prakticira linearnu logiku \u010dija je namjena tra\u017eiti podatke koje treba potvrditi, ve\u0107 je usmjerena tkanju mre\u017ea znanja i u pronala\u017eenju novih, efikasnijih odnosa. To zna\u010di da se za digitalnu generaciju, ili kako ih se jo\u0161 naziva &#8216;nove barbare&#8217;, promijenio <em>prostor varijanti<\/em>: neka vrsta (Vadim) Zelandovog digitalnog <em><strong>transurfinga<\/strong><\/em><a name=\"_ftnref113\"><\/a><a href=\"#_ftn113\"><sup>[<span style=\"font-family: 'times new roman', times;\"><strong>113<\/strong><\/span>]<\/sup><\/a> u kojemu se nalazi smisao a to zna\u010di i sam na\u010din pristupa. Na taj na\u010din perspektiva slo\u017eenosti postaje najprikladnija u suo\u010davanju digitalne su\u0161tine, a upravo filozofska djelatnost, kao \u010dista ljubav prema spoznaji, mo\u017ee pridonijeti da se \u010dovjek distancira od samoga sebe, u trenutku kada zarobljen protokom procesa koji sam generira poput digitalizacije mozga, riskira zarobljavanje u mehanizmima pojednostavljenja koji mogu ugroziti i sam ljudski identitet. <\/p>\n<p class=\"MsoNormal\" style=\"line-height: 170%;\">Digitalna su\u0161tina je ta koja danas ocrtava svijet, a da bi prou\u010dili njezinu arhitekturu kako bi bolje komunicirali s novim \u010dovjekom koji tu bit iskazuje, potrebna je i nova pismenost, koja u tom dijalo\u0161kom procesu ne\u0107e zanemarivati ljudsku potrebu da paralelno s digitalnom inteligencijom, razvija i digitalnu mudrost<a name=\"_ftnref114\"><\/a><a href=\"#_ftn114\"><sup>[<span style=\"font-family: 'times new roman', times;\"><strong>114<\/strong><\/span>]<\/sup><\/a>. <\/p>\n<p class=\"MsoNormal\" style=\"line-height: 170%;\">&nbsp;<\/p>\n<p class=\"MsoNormal\" style=\"line-height: 170%;\"><strong><em>Homo sapiens digitalis ili \u010dinovnik?<\/em><\/strong><\/p>\n<p class=\"MsoNormal\" style=\"line-height: 170%;\">Nije vi\u0161e mogu\u0107e sakriti se u apodikti\u010dkim pojednostavljenjima i u apstraktnim definicijama i nasloniti se na stvarnost, znati\u017eeljom onih koji neumorno uzimaju iz samog izvora smisla, ne egzorciraju\u0107i svaku dvozna\u010dnost. <\/p>\n<p class=\"MsoNormal\" style=\"line-height: 170%;\">Drugim rije\u010dima, svjesno razmi\u0161ljati o trenutnoj evoluciji stvarnosti zna\u010di uloviti se u ko\u0161tac, suo\u010diti se s tranzicijom koja od digitalne inteligencije vodi do digitalne mudrosti dekretiraju\u0107i njezinu integraciju u samo-regulirani krug ljudskog \u017eivota u vidu digitalnog homo sapiensa. <\/p>\n<p class=\"MsoNormal\" style=\"line-height: 170%;\">Me\u0111utim, da bi to u\u010dinili, potrebno je posjedovati &bdquo;<em>hrabrost filozofa<\/em><a name=\"_ftnref115\"><\/a><a href=\"#_ftn115\"><sup>[<span style=\"font-family: 'times new roman', times;\"><strong>115<\/strong><\/span>]<\/sup><\/a><em>, hrabrost suo\u010davanja sa slo\u017eenom, kontradiktornom, neuhvatljivom i vje\u010dnom metamorfozom, ne skrivaju\u0107i se iza neprekidnih poku\u0161aja neumjerenih i preuranjenih pojednostavljenja<\/em>&ldquo;<a name=\"_ftnref116\"><\/a><a href=\"#_ftn116\"><sup>[<span style=\"font-family: 'times new roman', times;\"><strong>116<\/strong><\/span>]<\/sup><\/a>. <\/p>\n<p class=\"MsoNormal\" style=\"line-height: 170%;\">To zna\u010di da (izvornim) filozofima preostaje suo\u010davanje s ozbiljnim razmi\u0161ljanjem o promjenama koje svjedo\u010dimo, sa sposobno\u0161\u0107u razumijevanja koje se dosti\u017ee osloba\u0111anjem uma od bilo kojih prethodnih pretpostavki i stajali\u0161ta, tj. polaze\u0107i od \u0161irine izvornog filozofskog pogleda, koji je oduvijek najbolji (ako ne i jedini) tuma\u010d ljudskog poriva da se prodre u smisao stvari. U takvoj perspektivi, humanizirati digitalno zna\u010di i mudro ga upotrijebiti, svjestan da dinamika okrenuta napretku ljudske povijesti oduvijek ima (povla\u0161tenu) pozornost filozofije. <\/p>\n<p class=\"MsoNormal\" style=\"line-height: 170%;\">Ne\u0161to sli\u010dno nalazimo i u Platonovom razmatranju o va\u017enosti pojave pisma &#8211; koji u Fedru, kroz Sokrata, prepri\u010dava mit o izumu pisanog slova kao najve\u0107oj tehnolo\u0161koj inovaciji u komunikaciji<a name=\"_ftnref117\"><\/a><a href=\"#_ftn117\"><sup>[<span style=\"font-family: 'times new roman', times;\"><strong>117<\/strong><\/span>]<\/sup><\/a>, \u0161to je mogu\u0107e povezati s doga\u0111ajem poput eksplozije digitalne revolucije. Naime i jedno i drugo zahtijeva ozbiljno filozofsko razmi\u0161ljanje o utjecaju u smislu zna\u010denja o kojemu filozofi prvi moraju razglabati, svjesni \u010dinjenice da sveop\u0107a &#8216;invazija&#8217; tehnologije u okviru ljudskog postojanja, od komunikacije do informacija utje\u010de i dalje \u0107e utjecati i na sam temelj ljudskosti, s obzirom na pojam reciprocitetne rekurzije izme\u0111u znanja i ljudskog djelovanja, fenomenolo\u0161ki izra\u017eena dato\u0161\u0107u \u017eivota po sebi. <\/p>\n<p class=\"MsoNormal\" style=\"line-height: 170%;\">Uzimaju\u0107i s toga u obzir ono \u0161to se s odre\u0111enog gledi\u0161ta mo\u017ee kvalificirati kao digitalno poja\u010danje kognitivne sfere, potrebno je da se ta evolucija na odgovaraju\u0107i na\u010din provede i unutar sfere prakti\u010dne mudrosti, s napomenom da digitalna mudrost ne podrazumijeva jednostavnu spretnost u uporabi digitalne tehnologije koja je po sebi logi\u010dna i koja, kao takva, omogu\u0107uje \u0161iroku lepezu tehnolo\u0161ke manipulacije, i to kako u pozitivne tako i u destruktivne svrhe. Ali, \u0161to je za mene jo\u0161 i gore, to \u010dini u oblicima digitalne gluposti, i to od zanemarivanja citiranja izvora i sadr\u017eaja do svjesnog poku\u0161aja nano\u0161enja \u0161tete drugima. Ako je, me\u0111utim, valjano educirana, mo\u017ee se odnositi i na mogu\u0107nost dono\u0161enja eti\u010dko &#8211; moralno ispravnijih odluka: pristupom ve\u0107oj koli\u010dini podataka, na temelju dublje analize i sposobnosti formuliranja predvi\u0111anja i utvr\u0111ivanja prioriteta kao rezultata sinergije izme\u0111u ljudske inteligencije i digitalne simulacije, koja ostaje nedostupna ne-sinergisti\u010dkom umu. Naime, osobina je idiotizma a ne mudrosti dr\u017eati se imaginarnih sigurnosnih granica, ili prepustiti se nesvjesnoj struji doga\u0111aja umjesto svjesnog zalaganja u njezinom upravljanju, uzimaju\u0107i uvijek u obzir temeljne osobine ljudskosti. <\/p>\n<p class=\"MsoNormal\" style=\"line-height: 170%;\">Dozvoliti da se heraklitovsko &#8211; descartesovski &#8216;COGITO&#8217; svodi na ra\u010dunanje, a time i prilago\u0111avanje ljudske inteligencije inteligenciji ra\u010dunala kao funkcionalnom sustavu koji djeluje unutar znanstveno &#8211; tehnolo\u0161kog aparata, neprihvatljivi je oblik redukcionizma upravo zato \u0161to su brojevi apstrakcija koja, zanemaruju\u0107i pravi smisao velikog dijela informacija pojednostavljuju ljudsku slo\u017eenost u korist kognitivne ekonomije. To zna\u010di da je du\u017enost (\u0161to ne zna\u010di i nu\u017enost) izvornih filozofa (&#8216;ljudi filozofa&#8217;) zauzeti poziciju aktivnog a ne pasivnog promatra\u010da doga\u0111aja (tu se misli na renesansno razdoblje a u moderno vrijeme na 1968. godinu), \u010dega se ve\u0107ina suvremenih akademskih filozofa odrekla trijumfom znanstveno &#8211; tehnolo\u0161kog aparata koji, kao evolucija moderne znanosti, za cilj ima osvajanje privilegije nekog univerzalnog stajali\u0161ta, pa iz toga formulirati kona\u010dne i apsolutne istine o znanstveno oblikovanoj stvarnosti.<\/p>\n<p class=\"MsoNormal\" style=\"line-height: 170%;\">Naime, ponovno uvo\u0111enje gledi\u0161ta aktivnog promatra\u010da u kognitivnom kontekstu vidno doprinosi i odgovara oporavku kvalitete informacija, koje redukcionisti\u010dka perspektiva izuzima u korist \u010disto kvantitativnih numeri\u010dkih kriterija budu\u0107i da se kvaliteta mo\u017ee generirati samo dodatkom vrijednosti koje nastaju isklju\u010divo iz namjernog promatranja. Tu se dakle radi o promatranju usmjerenom na smisao onih ciljeva i interesa koji proizlaze iz samog \u010dovjeka kao subjekta sposobnog smisleno misliti i djelovati. <\/p>\n<p class=\"MsoNormal\" style=\"line-height: 170%;\">Ponovnim uvo\u0111enjem ljudskog stajali\u0161ta kao aktera svega ljudskog pa i znanja, povratilo bi se smisao kojeg je cenzura numeri\u010dkih formalizacija progutala ili raspr\u0161ila me\u0111u kvantitativnim parametrima. To je na neki na\u010din i povratak \u010dovjeku kao artikuliranoj cjelini, nasuprot prevladavaju\u0107oj sposobnosti apstraktne matemati\u010dke misli.<\/p>\n<p class=\"MsoNormal\" style=\"line-height: 170%;\">Svojevremeno, ve\u0107 u jednom svom prethodnom \u010dlanku <strong><em>Sumrak osobnog identiteta u suvremenom tehni\u010dkom razdoblju<\/em><\/strong><strong>,<\/strong> naglasio sam da: &bdquo;<em>Zbog toga je unutar suvremenosti potrebno tra\u017eiti novo i, za vrijeme u kojem \u017eivimo, adekvatno zna\u010denje tradicionalnih pojmova kao \u0161to su individua ili pojedinac, subjekt, osobnost, masa, sloboda, komunikacija, psiha, tjelesnost, tra\u017eenje smisla itd. Naime, u suvremenom eti\u010dki relativisti\u010dkom razdoblju njihovo je prija\u0161nje poimanje neminovno postalo istro\u0161eno i deplasirano, budu\u0107i da se radi o takvim pojmovima koji su svoje izvorno zna\u010denje i adekvatni smisao nalazili unutar antropolo\u0161kog obzorja \u017eivota i djelovanja, a koji se danas sve vi\u0161e pokazuju neadekvatnima i nefunkcionalnima, jer im vi\u0161e nije mogu\u0107e osigurati valjano zna\u010denje<\/em>&ldquo;<a name=\"_ftnref118\"><\/a><a href=\"#_ftn118\"><sup>[<span style=\"font-family: 'times new roman', times;\"><strong>118<\/strong><\/span>]<\/sup><\/a>. <\/p>\n<p class=\"MsoNormal\" style=\"line-height: 170%;\">Naime, u scenariju koji se pred \u010dovjekom neprestano otvara svjedo\u010dimo o uskrsnu\u0107u pojmova kao \u0161to su kozmos, priroda, \u010dovjek, itd., smisleno odvojenih od redukcionisti\u010dkog znanja znanstveno -tehnolo\u0161kog aparata koje neminovno vodi do krajnje dezintegracije (\u010ditaj specijalizacije) s iskorjenjivanjem i egzorciranjem njihovog pred &#8211; znanstvenog izvornog porijekla i osje\u0107aja neutraliziranog kao izraza neprihvatljive slo\u017eenosti. Naime, da bi bila tehni\u010dki u\u010dinkovita, racionalnost treba te\u017eiti koherenciji shema koje zauvijek zarobljavaju svaki osje\u0107aj stvarima. Me\u0111utim, iako apstraktna misao uspijeva imobilizirati, ili to\u010dnije fotografirati pojedine dijelove \u017eivota odvajaju\u0107i ih iz konteksta cjeline, ne smije se zaboraviti da \u017eivot i povijest nisu parmenidovski dane, ve\u0107 su heraklitovski dinami\u010dne u nastajanju i u nastavljanju svog toka.<\/p>\n<p class=\"MsoNormal\" style=\"line-height: 170%;\">&nbsp;<\/p>\n<p class=\"MsoNormal\" style=\"line-height: 170%;\"><strong><em>Razmi\u0161ljanja na marginama novih medija<\/em><\/strong><\/p>\n<p class=\"MsoNormal\" style=\"line-height: 170%;\">Nove tehnologije nas sve vi\u0161e uranjaju u umjetnu dimenziju u kojoj se svakodnevna stvarnost prevodi, da tako ka\u017eemo, u netvarne cjeline, u netjelesne podatke, u digitalne informacije. Taj proces dematerijalizacije stvarnoga ima nevjerojatne posljedice na svim poljima kako djelovanja tako i znanja. Naime, to novo stanje stvari neminovno ne vodi samo do radikalne preobrazbe na\u0161e osjetljivosti, ve\u0107 i do globalne promjene svih vidova percepcije same stvarnosti u kojoj materijalni aspekti sve vi\u0161e blijede preobli\u010duju\u0107i se prema &#8216;virtualnim&#8217; perspektivama, odnosno prema podre\u0111enosti strogo fizi\u010dkih aspekata procesima simbolizacije, kodifikacije i apstrakcije.<\/p>\n<p class=\"MsoNormal\" style=\"line-height: 170%;\">U zamr\u0161enim hodnicima razli\u010ditih aspekata suvremenog ljudskog razmi\u0161ljanja, osje\u0107aja i pona\u0161anja, na koje djelovanje novih medija imaju ne samo sve ve\u0107i ve\u0107 i parodiraju\u0107i utjecaj, \u017eeljeli bi promisliti neka posebna podru\u010dja, zna\u010dajna zbog svoje \u017eivotno &#8211; egzistencijalne, dru\u0161tvene i politi\u010dke vrijednosti. <\/p>\n<p class=\"MsoNormal\" style=\"line-height: 170%;\">Iako se radi o me\u0111usobno povezanim &#8216;podru\u010djima&#8217;, odlu\u010dio sam, radi jasno\u0107e samog izlaganja, zasebno ih navesti, kao posebne poveznice jedinstvene teme: \u010dovjeka.<\/p>\n<p class=\"MsoNormal\" style=\"line-height: 170%;\">&nbsp;<\/p>\n<p class=\"MsoNormal\" style=\"line-height: 170%;\">&#8211; <strong><em>Smisao<\/em><\/strong>: koje su sve posljedice pomanjkanja tjelesne i sadr\u017eajne povezanosti sa svijetom u korist virtualnog kontakta u telematskim mre\u017eama? <\/p>\n<p class=\"MsoNormal\" style=\"line-height: 170%;\">Ako stvari izgube na dosljednosti, svijet postaje nesta\u0161an i sa svijetom na\u0161 identitet, jer sposobnost interakcije s virtualnim bi\u0107ima mogla bi dovesti i do kolapsa u vidu psihi\u010dkog stanja stresa, a kako je dobro znano s psiholo\u0161kog stajali\u0161ta \u010dovjek je prostorno &#8211; vremensko bi\u0107e, to zna\u010di da izme\u0111u izviranja potrebe i njegova zadovoljenja, treba pre\u0107i prostorno &#8211; vremenski put i odre\u0111eno vrijeme da ga se ostvari. <\/p>\n<p class=\"MsoNormal\" style=\"line-height: 170%;\">Unutar te dimenzije tehnika je oduvijek poku\u0161avala savladati pa \u010dak i ukloniti \u010din ovisnosti posredovanja, vra\u0107aju\u0107i tako \u010dovjeku neposrednost izme\u0111u potrebe i zadovoljstva. Problem tehnike je u tome da ne te\u017ei nikakvoj svrsi, ne otvara scenarije spasenja, ne otkriva istinu; smisao tehnike kao tehnike je taj da funkcionira. Njena je istina sadr\u017eana u djelotvornosti. Mora se to uvijek imati na umu: istaknuti razliku koja postoji izme\u0111u \u010dovjeka &#8211; sa svojom spoznajom i svojim emocijama, nagonima, granicama &#8211; i stroja koji nije sli\u010dan \u010dovjeku iako u mnogim podru\u010djima na djelotvoran na\u010din simulira i neke emocionalne aspekte, ali koji, u stvari, djeluje samo posredstvom puteva koji su logi\u010dno-ra\u010dunalski i u cijelosti racionalni.<\/p>\n<p class=\"MsoNormal\" style=\"line-height: 170%;\">&nbsp;<\/p>\n<p class=\"MsoNormal\" style=\"line-height: 170%;\">&#8211; <strong><em>Svijet kao (volja i) predod\u017eba<\/em><\/strong>: \u010covjek nikad nije nastanjivao svijet, pravi svijet, nego njegov opis. Uostalom, obrazovanje zna\u010di precizno opisivanje svijeta na odre\u0111eni na\u010din: mediji koji \u0161ire zna\u010denje stvari i njihovu uporabu vr\u0161e obrazovnu djelatnost. U tom smislu, informacija nije izvje\u0161taj o \u010dinjenicama, ve\u0107 konstrukcija \u010dinjenica za\u2026 Me\u0111utim, pobolj\u0161anje slikovnog razmi\u0161ljanja mo\u017ee umanjiti na\u0161u sposobnost pra\u0107enja apstraktnih razmi\u0161ljanja. Ako nema prepravki, pogotovo ako ne razumijemo zna\u010denje nekih od tih iskustava, ova razina povr\u0161nog kontakta sa svijetom dovodi u opasnost na\u0161e razumijevanje stvarnosti (Heraklitovog kozmi\u010dkog logosa). Osim toga, tehnolo\u0161ki razvoj omogu\u0107ava sve rafiniranije na\u010dine predstavljanja stvarnosti, zbog \u010dega, ako se \u010dovjek oduvijek bavio fikcijom, danas imamo ne samo kvantitativni ve\u0107 i kvalitativni problem fikcije: telekomunikacije su na\u0161e okru\u017eenje koje na televiziji ali sve vi\u0161e i vi\u0161e i na Internetu pronalaze svoj najopse\u017eniji i najcjelovitiji opis. To \u010dini da \u010dinjenice svijeta koje predstavljaju korelat ljudskog iskustva gube svoje (pravo) zna\u010denje, jer ukoliko prenesene iz svakog mogu\u0107eg i nemogu\u0107eg mjesta na zemlji, gube onaj spoj zna\u010denja bez kojeg nije mogu\u0107e sagledati to zna\u010denje budu\u0107i da relevantnost \u010dinjenica ovisi o njihovom \u0161irenju. To \u0107e dovesti do toga da \u0107e se bitak neminovno morati mjeriti u pojavljivanju, to\u010dnije, na svom neograni\u010denom umno\u017eavanju. U svijetu koji je dostupan \u010dovjeku, u ovom svijetu oblikovanom prema ljudskim namjerama, \u010dovjek postepeno ali neminovno gubi vanjski svijet. Taj, \u010dovjeku &#8216;poznati&#8217; svijet, u toj je poznatosti li\u0161en svoje prirode. Naime, ba\u0161 je to &#8216;poznavanje&#8217; ono \u0161to svijetu oduzima izvornost, njegovu prirodu, a svjetskim zbivanjima njihovu specifi\u010dnost, jer izlivena u medijsku predod\u017ebu, svijetu oduzima njegovu vanjsku stvarnost da bi se, tako preobra\u017een, ponovno pojavio kao predod\u017eba svijeta, kao prikladan \u010dovjeku, kao njegova intimna stvarnost.<\/p>\n<p class=\"MsoNormal\" style=\"line-height: 170%;\">&nbsp;<\/p>\n<p class=\"MsoNormal\" style=\"line-height: 170%;\"><strong><em>&#8211; Du\u0161a<\/em><\/strong><em>:<\/em> danas, nakon nestajanja individualnog iskustva svijeta, ljudska psiha samo reproducira onu predod\u017ebenu verziju svijeta koju mediji pru\u017eaju podjednako svima. To neminovno \u010dini da se sadr\u017eaj psihi\u010dkog \u017eivota svakog subjekta podudara s uobi\u010dajenim predod\u017ebama svijeta. <\/p>\n<p class=\"MsoNormal\" style=\"line-height: 170%;\">Tendencija tehnolo\u0161kih dru\u0161tva je da se funkcionira kao sustav koji upravlja nekakvom unaprijed uspostavljenom harmonijom unutar koje svaka aktivnost sama po sebi prilagodba je vladaju\u0107im tehni\u010dkim postupcima koji je i omogu\u0107avaju. U praksi znanstveno &#8211; tehnolo\u0161ki aparat nema razloga da i\u0161ta potiskuje budu\u0107i da je moralni imperativ postao tehni\u010dki uvjet, te je razlika izme\u0111u idealnog i stvarnog svijeta stoga izblijedjela i nema vi\u0161e smisla.<\/p>\n<p class=\"MsoNormal\" style=\"line-height: 170%;\"><strong><em>&nbsp;<\/em><\/strong><\/p>\n<p class=\"MsoNormal\" style=\"line-height: 170%;\"><strong><em>&#8211; Identitet<\/em><\/strong>: li\u0161en stabilnog (\u010dvrstog, tradicionalnog) svijeta i obdaren neovisnim \u017eivotom, \u010dija je alternativa tehni\u010dki neprestano stvorena i rekreirana stvarnost gdje razlika izme\u0111u stvarnosti i virtualnosti postaje sve neprozirnija, neizvjesnija i problemati\u010dnija. Naime, unutar virtualnog svijeta ne postoji vi\u0161e povla\u0161teno gledi\u0161te s kojeg zapo\u010dinje znanje, subjekt se vi\u0161e ne obra\u0107a objektu, ve\u0107 postoji mno\u0161tvo ravnina koje sijeku kako subjekt tako i objekt, seciraju\u0107i svoj jedinstveni identitet u mno\u0161tvu slojeva koji nisu drugo nego isto toliko obja\u0161njivi registri heterogenih redova: fiziolo\u0161kih, semioti\u010dkih, itd. i koji zbog toga rastvaraju po\u010detno jedinstvo u slo\u017eeno artikuliranom mno\u0161tvu usko isprepletenih sklopova koji nemaju vi\u0161e nikakve veze s tradicionalnom opozicijom izme\u0111u subjekta i objekta.<\/p>\n<p class=\"MsoNormal\" style=\"line-height: 170%;\">Naime, u nedostatku modela podataka, proces individualizacije vodi do \u0161irenja subjektivnih modela u me\u0111usobnom kontrastu i kontradikciji, u zanemarivanju njihove prisilne vrijednosti gdje je pojedincu dana, dodijeljena odgovornost za neuspjeh. Zato je danas potrebno izvr\u0161iti rastapanje takvih modela koji ne odr\u017eavaju dugo vlastiti oblik.<\/p>\n<p class=\"MsoNormal\" style=\"line-height: 170%;\">&nbsp;<\/p>\n<p class=\"MsoNormal\" style=\"line-height: 170%;\"><strong><em>&#8211; Prostor\/vrijeme<\/em><\/strong>: ako urbanizacija modernog doba predstavlja upravljanje stvarnim zemljopisnim prostorom, telekomunikacije ozna\u010duju urbanizaciju u realnom vremenu, odnosno ostvarenje virtualnog grada, svojevrsnog hiper &#8211; centra svijeta. Naime, mediji daju \u010dovjeku privid da se istovremeno nalazi svuda i nigdje, \u0161to stvara la\u017eni dojam da je &#8216;stvarno&#8217; mogu\u0107e upoznati svijet. Svijet koji je u &#8216;stvarnosti&#8217; ve\u0107 nestao.<\/p>\n<p class=\"MsoNormal\" style=\"line-height: 170%;\">&nbsp;<\/p>\n<p class=\"MsoNormal\" style=\"line-height: 170%;\"><strong><em>&#8211; Iskustvena dimenzija<\/em><\/strong>: funkcija izuze\u0107a koju obavlja tehnika u novim se medijima pro\u0161iruje i pro\u010di\u0161\u0107ava nude\u0107i mogu\u0107nost zamjene izravnog iskustva na potpuniji na\u010din, zamjenjuju\u0107i ga s iskustvom koje su drugi ve\u0107 imali o tom doga\u0111aju: neizravnim iskustvom. To \u010dini da se suvremeni pojedinac nalazi izlo\u017een kvantitativno ve\u0107em &#8216;bogatstvu&#8217; iskustava, \u010dija je osobina uglavnom neizravnost, jer je ve\u0107 podvrgnuta prosudbi, presu\u0111ivanju.<\/p>\n<p class=\"MsoNormal\" style=\"line-height: 170%;\">&nbsp;<\/p>\n<p class=\"MsoNormal\" style=\"line-height: 170%;\"><strong><em>&#8211; Memorija<\/em><\/strong><em>: <\/em>ne radi se samo o kognitivnoj funkciji pam\u0107enja, ve\u0107 i o socio &#8211; tehni\u010dkoj \u010dinjenici, o biolo\u0161koj memoriji koja ima ograni\u010denja. Naime, izum pisma uklju\u010divao je i pro\u0161irenje i eksternalizaciju pam\u0107enja, a s vremenom i njegovo podru\u0161tvljenje, jer pisana stvar vi\u0161e ne postoji samo u ljudskim refleksima, u tjelesnom djelovanju i \u010dinjenju, ve\u0107 je ne\u0161to \u0161to i drugi mogu konzultirati i ponovo upotrijebiti. Ta \u017eelja za besmrtno\u0161\u0107u koja je povjerena tehnologiji, stvorila je besmrtni alter &#8211; ego. To\u010dnije, besmrtnost ljudskih bi\u0107a zamijenjena je besmrtno\u0161\u0107u mrtvih stvari: &bdquo;<em>Ljudski rod tra\u017ee\u0107i virtualnu besmrtnost, tj. tehni\u010dku, i osiguravaju\u0107i svoje ovjekovje\u010divanje projiciraju\u0107i ga u umjetne subjekte, gubi svoju ekskluzivnost specifi\u010dnosti, postaju\u0107i besmrtan kao neljudski \u017eanr<\/em><a name=\"_ftnref119\"><\/a><a href=\"#_ftn119\"><sup>[<span style=\"font-family: 'times new roman', times;\"><strong>119<\/strong><\/span>]<\/sup><\/a><em>&ldquo;<\/em>.<\/p>\n<p class=\"MsoNormal\" style=\"line-height: 170%;\">&nbsp;<\/p>\n<p class=\"MsoNormal\" style=\"line-height: 170%;\"><strong><em>&#8211; Pasivnost<\/em><\/strong>: kada se govori o multimedijskim okru\u017eenjima treba to povezati i s pojmom interaktivnosti, ali upravo su\u0161tina ovih okru\u017eenja je dvosmislenost; biti istodobno odre\u0111ena stvar i njena suprotnost. To je na\u010din na koji se interaktivnost izra\u017eava u pasivnost. Nasuprot aktivnog \u010ditanja koje uklju\u010duje kriti\u010dke stavove i nove na\u010dine objektivizacije stvarnosti gdje se pisanje nudi prvenstveno kao sposobnost obrazovanja, funkcija televizije i interneta je da na br\u017ei i sveobuhvatni na\u010din prenosi ve\u0107 zgotovljene informacije, \u0161to \u010dini \u010dovjeka pasivnijim u rezoniranju jer informacije obuhva\u0107aju cijeli svijet.<\/p>\n<p class=\"MsoNormal\" style=\"line-height: 170%;\">&nbsp;<\/p>\n<p class=\"MsoNormal\" style=\"line-height: 170%;\"><strong><em>&#8211; Informacija<\/em><\/strong>: neupitno je da prevladavanje informacija u suvremenom dru\u0161tvu sve manje povezuje \u010dovjeka s fizi\u010dkim svijetom a to zna\u010di sa postojanjem, jer je uronjen u &#8216;svojevrsnu&#8217; duhovnost svijeta.<\/p>\n<p class=\"MsoNormal\" style=\"line-height: 170%;\">&nbsp;<\/p>\n<p class=\"MsoNormal\" style=\"line-height: 170%;\"><strong><em>&#8211; Masa vs masifikacija<\/em><\/strong>: pojava novih tehnologija sankcionirala je prijelaz s uobi\u010dajene mase, kao koncentracije mnogih pojedinaca u jednoj to\u010dki, na masifikaciju, \u0161to nije samo uobi\u010dajeni skup pojedinaca, ve\u0107 uklju\u010duje i kvalitetu svih tih pojedinaca<a name=\"_ftnref120\"><\/a><a href=\"#_ftn120\"><sup>[<span style=\"font-family: 'times new roman', times;\"><strong>120<\/strong><\/span>]<\/sup><\/a>.<\/p>\n<p class=\"MsoNormal\" style=\"line-height: 170%;\">&nbsp;<\/p>\n<p class=\"MsoNormal\" style=\"line-height: 170%;\"><strong><em>&#8211; Kulturna globalizacija<\/em><\/strong>: zahtijeva ozbiljno razmi\u0161ljanje i budnost u vezi procesa koji su u tijeku, jer kulturna globalizacija zna\u010di hegemoniju odre\u0111ene kulture (one zapadne, to\u010dnije ameri\u010dke).<\/p>\n<p class=\"MsoNormal\" style=\"line-height: 170%;\"><strong><em>&nbsp;<\/em><\/strong><\/p>\n<p class=\"MsoNormal\" style=\"line-height: 170%;\"><strong><em>&#8211; Kriti\u010dka misao<\/em><\/strong>: s obzirom da su svijest o razlici izme\u0111u stvarnosti i predod\u017ebe, pa \u010dak i razlika izme\u0111u ovih dviju stvarnosti smanjene, to je neminovno dovelo i do slabljenja kriti\u010dkog mi\u0161ljenja, tako da je kritika koju upu\u0107ujemo stvarnosti devitalizirana i nesposobna donijeti ikakve zna\u010dajne promjene. (Naime, \u0161ezdesetosma je danas nemogu\u0107a). Nakon \u0161to je kriti\u010dka misao nestala, multimedijskoj kulturi nije vi\u0161e potrebno da aktivira represivne alate, jer je ve\u0107 uvjetovala standardizaciju na\u010dina postojanja, \u017eelja i razmi\u0161ljanja.<\/p>\n<p class=\"MsoNormal\" style=\"line-height: 170%;\">&nbsp;<\/p>\n<p class=\"MsoNormal\" style=\"line-height: 170%;\"><strong><em>&#8211; Civilno sudjelovanje<\/em><\/strong>: radi se o zajedni\u010dkom iskustvu koje predstavlja temelj svih kultura i uvjet razmjene informacija unutar zajedni\u010dke simbolike. Radi se o aspektu antropolo\u0161kih osobina koji je danas, medijskim djelovanjem gotovo suzbijen, a sudjelovanje u vidu kolektivnog monologa medija, poja\u010dano kao misao ve\u0107ine. Doseglo se stanje koje \u010dovjeka odvra\u0107a od \u010diste uloge gledatelja, jer mu pru\u017ea samo mogu\u0107nost konzumiranja pukih predod\u017ebi, doga\u0111aja u kojima je nemogu\u0107e aktivno sudjelovati. Do\u0161lo se do toga da je \u010dak i dru\u0161tvena dezintegracija postala funkcionalna mo\u0107i, jer neanga\u017eiranost i umije\u0107e bijega koristi kao &#8216;glavno oru\u017eje&#8217;.<\/p>\n<p class=\"MsoNormal\" style=\"line-height: 170%;\">&nbsp;<\/p>\n<p class=\"MsoNormal\" style=\"line-height: 170%;\"><strong><em>&#8211; Sloboda<\/em><\/strong>: u vezi va\u017enosti tog pojma u dana\u0161nje vrijeme, Hanna Arendt je napisala: &quot;<em>\u010dovjekova autonomija postala je tiranija mogu\u0107nosti<\/em>&quot;. Naime, sveprisutno potro\u0161a\u010dko dru\u0161tvo u\u010dinilo je da sloboda nije vi\u0161e izbor \u017eivljenja i djelovanja koji vodi do individualizacije, ve\u0107 izbor da se odr\u017ei otvorenu slobodu izabiranja s pretpostavkom da identiteti mogu biti zamjenjivi i, konstatiraju\u0107i da izbor ne stvara razlike jer je sve zamjenljivo. Birati na kraju zna\u010di odabrati isto u iluziji razli\u010ditog. Na taj na\u010din sloboda izbora gubi svoju bit, budu\u0107i da svaki izbor kojeg je mogu\u0107e opozvati ne podrazumijeva obveze i posljedice.<\/p>\n<p class=\"MsoNormal\" style=\"line-height: 170%;\"><strong><em>&nbsp;<\/em><\/strong><\/p>\n<p class=\"MsoNormal\" style=\"line-height: 170%;\"><strong><em>&#8211; In summa summarum<\/em><\/strong>: u svijetu mnogostrukih predod\u017ebi koje nude mediji, dru\u0161tvo se do\u017eivljava kao ogroman i sveprisutni ekran u kojem je svijet osmi\u0161ljen u liku slika \u010diji je cilj da privuku, o\u010daravaju radi kontinuiranog potra\u017eivanja. Medijska hipnoza favorizira umrtvljenje kriti\u010dke a tako i eti\u010dke savjesti, dok va\u017ee\u0107i predod\u017ebeni modeli doprinose strukturiranju &#8216;patologije normalnosti&#8217; koja upravo zato \u0161to je \u0161iroko rasprostranjena, prolazi ne samo nezapa\u017eeno ve\u0107 i &#8216;normaliziraju\u0107e&#8217;. U tom se smislu demantira zatajivanje kojeg je tehnika postavila, kako bi nam nudila teoretski neograni\u010denu koli\u010dinu iskustava koja su ne-funkcionalna na\u0161im potrebama da iskusimo svijet radi njegovog shva\u0107anja i da bi se orijentirali u njemu. <\/p>\n<p class=\"MsoNormal\" style=\"line-height: 170%;\">S digitalnim tehnologijama izgleda da se (napokon) ostvaruje Platonov bijeg od osjetilnog prema inteligibilnom, u kojem bi iluzorno tijelo \u017eeljelo djelovati kao stvarno tijelo ali ljudski mozak ne konstruira ta virtualna iskustva kao stvarna iskustva, te stoga nedostaje ono iskustvo \u017eivljenja koje je klju\u010dno za planiranje i djelovanje u ljudskom okru\u017eenju i u me\u0111u &#8211; odno\u0161enju s drugima. U kulturi virtualnosti postoji dakle ambivalencija koju izvorni filozofi, &#8216;ljudi filozofi&#8217; trebaju stalno imati na umu, da bi se izbjeglo bilo kakvo isku\u0161enje jednostranog tuma\u010denja. <\/p>\n<p class=\"MsoNormal\" style=\"line-height: 170%;\">&nbsp;<\/p>\n<p class=\"MsoNormal\" style=\"line-height: 170%;\"><strong><em>&#8211; I na kraju<\/em><\/strong>, ponovno parafraziraju\u0107i Heraklita, mo\u017ee se re\u0107i da bitak koji je uronjen u postajanje mijenjaju\u0107i ostaje. Naime, \u010dovjek nema izbora: on je povijesno bi\u0107e koji je oduvijek ba\u010deno u evolucijsko strujno postajanje, koje obilje\u017eava razliku u \u017eivotnoj pri\u010di pokazuju\u0107i neobi\u010dnu sposobnost ubrzavanja promjena diktiranu svojim izuzetnim potencijalom preobrazbe. Svijest o ontolo\u0161koj neizvjesnosti ljudske prirode mora se neprestano njegovati izvornim filozofskim pogledom koji poput kompasa mo\u017ee i suvremenom \u010dovjeku pomo\u0107i u trenucima ve\u0107e dezorijentacije, u liku refleksivne savjesti koja se vra\u0107a jedinstvu ve\u0107 razvijenih kognitivnih postupaka, kvalificiraju\u0107i \u010dovjeka kao jedino bi\u0107e svjesno postojanja svog identiteta u postajanju.<\/p>\n<p class=\"MsoNormal\" style=\"line-height: 150%;\">&nbsp;<\/p>\n<hr align=\"left\" size=\"1\" width=\"33%\" \/>\n<div id=\"ftn97\">\n<p class=\"MsoNormal\" style=\"line-height: 150%;\"><span style=\"font-size: 8.0pt;\"><a name=\"_ftn97\"><\/a><a href=\"#_ftnref97\"><sup>[<span style=\"font-family: 'times new roman', \ntimes;\"><strong>97<\/strong><\/span>]<\/sup><\/a>&nbsp;<br \/>\n&bdquo;<em>Mijenjaju\u0107i se odmara se<\/em>&ldquo;(Heraklit, ulomak 84 a). Preuzeto od: <a href=\"https:\/\/www.academia.edu\/33496689\/TEKST_1_Heraklit_Fragmenti\">https:\/\/www.academia.edu\/33496689\/TEKST_1_Heraklit_Fragmenti<\/a>. Osobno po\u017eeljniji vlastiti prijevod s gr\u010dkog: &bdquo;<em>Mijenjaju\u0107i miruje<\/em>&ldquo;.<\/p>\n<p><\/span><\/p>\n<\/div>\n<div id=\"ftn98\">\n<p class=\"MsoNormal\" style=\"line-height: 150%;\"><span style=\"font-size: 8.0pt;\"><a name=\"_ftn98\"><\/a><a href=\"#_ftnref98\"><sup>[<span style=\"font-family: 'times new roman', \ntimes;\"><strong>98<\/strong><\/span>]<\/sup><\/a>&nbsp;<br \/>\nKoja &bdquo;<em>voli sakrivati se<\/em>&ldquo; (Heraklit, ulomak 123).<\/p>\n<p><\/span><\/p>\n<\/div>\n<div id=\"ftn99\">\n<p class=\"MsoNormal\" style=\"line-height: 150%;\"><span style=\"font-size: 8.0pt;\"><a name=\"_ftn99\"><\/a><a href=\"#_ftnref99\"><sup>[<span style=\"font-family: 'times new roman', \ntimes;\"><strong>99<\/strong><\/span>]<\/sup><\/a>&nbsp;<br \/>\n&bdquo;<em>Ako poslu\u0161ate ne mene, nego logos, &#8211; re\u0107i \u0107e Heraklit &#8211; mudro je priznavati da je sve jedno<\/em>&ldquo; (Heraklit, ulomak 50).<\/p>\n<p><\/span><\/p>\n<\/div>\n<div id=\"ftn100\">\n<p class=\"MsoNormal\" style=\"line-height: 150%;\"><span style=\"font-size: 8.0pt;\"><a name=\"_ftn100\"><\/a><a href=\"#_ftnref100\"><sup>[<span style=\"font-family: 'times new roman', \ntimes;\"><strong>100<\/strong><\/span>]<\/sup><\/a>&nbsp;<br \/>\n&bdquo;<em>Jedno isto je u nama: \u017eivo i mrtvo, budno i spavaju\u0107e, mlado i staro. Jer to, promijeniv\u0161i se, jest ono, i ono opet promijeniv\u0161i se, jest to<\/em>&ldquo; (Heraklit, ulomak 88).<br \/>\n<\/span><\/p>\n<\/div>\n<div id=\"ftn101\">\n<p class=\"MsoNormal\" style=\"line-height: 150%;\"><span style=\"font-size: 8.0pt;\"><a name=\"_ftn101\"><\/a><a href=\"#_ftnref101\"><sup>[<span style=\"font-family: 'times new roman', \ntimes;\"><strong>101<\/strong><\/span>]<\/sup><\/a>&nbsp;<br \/>\n&bdquo;<em>Veze: cjelina i necjelina, slo\u017eno i neslo\u017eno, skladno i neskladno, i iz svega jedno i sve iz jednoga<\/em>&ldquo; (Heraklit, ulomak 10).<br \/>\n<\/span><\/p>\n<\/div>\n<div id=\"ftn102\">\n<p class=\"MsoNormal\" style=\"line-height: 150%;\"><span style=\"font-size: 8.0pt;\"><a name=\"_ftn102\"><\/a><a href=\"#_ftnref102\"><sup>[<span style=\"font-family: 'times new roman', \ntimes;\"><strong>102<\/strong><\/span>]<\/sup><\/a>&nbsp;<br \/>\nNaime: &bdquo;<em>Taj logos, koji postoji uvijek, ne razumiju ljudi niti prije nego \u0161to \u03bf njemu \u010duju niti nakon \u0161to su \u010duli. I ma da se sve zbiva po tom logosu (zakonu), sli\u010dni su neiskusnima iako se oku\u0161avaju u takvim rije\u010dima i djelima kako ih ja obja\u0161njavam razlu\u010duju\u0107i svako prema njegovoj prirodi i tuma\u010de\u0107i kako stvar stoji. Drugim ljudima ostaje nepoznato \u0161to budni \u010dine kao \u0161to zaboravljaju ono \u0161to u snu \u010dine<\/em>&ldquo; (Heraklit, ulomak l).<br \/>\n<\/span><\/p>\n<\/div>\n<div id=\"ftn103\">\n<p class=\"MsoNormal\" style=\"line-height: 150%;\"><span style=\"font-size: 8.0pt;\"><a name=\"_ftn103\"><\/a><a href=\"#_ftnref103\"><sup>[<span style=\"font-family: 'times new roman', \ntimes;\"><strong>103<\/strong><\/span>]<\/sup><\/a>&nbsp;<br \/>\n&bdquo;<em>Razborito misliti je najve\u0107a vrlina, a mudrost je istinu govoriti i raditi prema prirodi slu\u0161aju\u0107i je<\/em>&ldquo; (Heraklit, ulomak 112).<br \/>\n<\/span><\/p>\n<\/div>\n<div id=\"ftn104\">\n<p class=\"MsoNormal\" style=\"line-height: 150%;\"><span style=\"font-size: 8.0pt;\"><a name=\"_ftn104\"><\/a><a href=\"#_ftnref104\"><sup>[<span style=\"font-family: 'times new roman', \ntimes;\"><strong>104<\/strong><\/span>]<\/sup><\/a>&nbsp;<br \/>\nJer iako &bdquo;<em>Svim ljudima je dano da spoznaju sami sebe i da budu razumni<\/em>&ldquo; (Heraklit, ulomak 116), samo, &bdquo;<em>Mudri imaju jedan i zajedni\u010dki svijet<\/em>&ldquo; (Heraklit, ulomak 89).<br \/>\n<\/span><\/p>\n<\/div>\n<div id=\"ftn105\">\n<p class=\"MsoNormal\" style=\"line-height: 150%;\"><span style=\"font-size: 8.0pt;\"><a name=\"_ftn105\"><\/a><a href=\"#_ftnref105\"><sup>[<span style=\"font-family: 'times new roman', \ntimes;\"><strong>105<\/strong><\/span>]<\/sup><\/a>&nbsp;<br \/>\n&bdquo;<em>Mnogi naime, koliki se na takve stvari namjere, ne razumiju ih niti ih znaju kad ih nau\u010de, ali u sebi misle (da ih znaju)<\/em>&ldquo; (Heraklit, ulomak 17).<br \/>\n<\/span><\/p>\n<\/div>\n<div id=\"ftn106\">\n<p class=\"MsoNormal\" style=\"line-height: 150%;\"><span style=\"font-size: 8.0pt;\"><a name=\"_ftn106\"><\/a><a href=\"#_ftnref106\"><sup>[<span style=\"font-family: 'times new roman', \ntimes;\"><strong>106<\/strong><\/span>]<\/sup><\/a>&nbsp;<br \/>\nJer &bdquo;<em>Ljudima nije bolje da im biva sve \u0161to \u017eele<\/em>&ldquo; (Heraklit, ulomak 110).<br \/>\n<\/span><\/p>\n<\/div>\n<div id=\"ftn107\">\n<p class=\"MsoNormal\" style=\"line-height: 150%;\"><span style=\"font-size: 8.0pt;\"><a name=\"_ftn107\"><\/a><a href=\"#_ftnref107\"><sup>[<span style=\"font-family: 'times new roman', \ntimes;\"><strong>107<\/strong><\/span>]<\/sup><\/a>&nbsp;<br \/>\nJer &bdquo;<em>Granice du\u0161e ne\u0107e\u0161 u hodu na\u0107i makar pregazio svaki put: tako dubok logos ima&ldquo; <\/em>(Heraklit, ulomak 45).<br \/>\n<\/span><\/p>\n<\/div>\n<div id=\"ftn108\">\n<p class=\"MsoNormal\" style=\"line-height: 150%;\"><span style=\"font-size: 8.0pt;\"><a name=\"_ftn108\"><\/a><a href=\"#_ftnref108\"><sup>[<span style=\"font-family: 'times new roman', \ntimes;\"><strong>108<\/strong><\/span>]<\/sup><\/a>&nbsp;<br \/>\n&quot;<em>Mnogoznanje ne u\u010di razumu\u2026&ldquo; <\/em>(Heraklit, ulomak 40).<br \/>\n<\/span><\/p>\n<\/div>\n<div id=\"ftn109\">\n<p class=\"MsoNormal\" style=\"line-height: 150%;\"><span style=\"font-size: 8.0pt;\"><a name=\"_ftn109\"><\/a><a href=\"#_ftnref109\"><sup>[<span style=\"font-family: 'times new roman', \ntimes;\"><strong>109<\/strong><\/span>]<\/sup><\/a>&nbsp;<br \/>\nRadi se o specifi\u010dnom kognitivnom stavu koje svoje porijeklo nalazi u modernoj, galilejsko &#8211; newtonskoj znanosti, koja ima pretenziju zarobljavanja stvarnosti unutar razumljivih shema matemati\u010dkih formula, odbacuju\u0107i ne-utilitaristi\u010dku viziju cjeline da bi se promoviralo razdvajanje sustava uzimanjem u obzir samo one dijelove koje su komercijalizaciji va\u017ene.<br \/>\n<\/span><\/p>\n<\/div>\n<div id=\"ftn110\">\n<p class=\"MsoNormal\" style=\"line-height: 150%;\"><span style=\"font-size: 8.0pt;\"><a name=\"_ftn110\"><\/a><a href=\"#_ftnref110\"><sup>[<span style=\"font-family: 'times new roman', \ntimes;\"><strong>110<\/strong><\/span>]<\/sup><\/a>&nbsp;<br \/>\nEdgar Morin, <em>Il metodo 3. La conoscenza della conoscenza<\/em>, Raffaello Cortina, Milano 2007.<br \/>\n<\/span><\/p>\n<\/div>\n<div id=\"ftn111\">\n<p class=\"MsoNormal\" style=\"line-height: 150%;\"><span style=\"font-size: 8.0pt;\"><a name=\"_ftn111\"><\/a><a href=\"#_ftnref111\"><sup>[<span style=\"font-family: 'times new roman', \ntimes;\"><strong>111<\/strong><\/span>]<\/sup><\/a>&nbsp;<br \/>\nIbidem.<br \/>\n<\/span><\/p>\n<\/div>\n<div id=\"ftn112\">\n<p class=\"MsoNormal\" style=\"line-height: 150%;\"><span style=\"font-size: 8.0pt;\"><a name=\"_ftn112\"><\/a><a href=\"#_ftnref112\"><sup>[<span style=\"font-family: 'times new roman', \ntimes;\"><strong>112<\/strong><\/span>]<\/sup><\/a>&nbsp;<br \/>\nEmilio-Roger Ciurana, <em>Introduzione alla filosofia delle scienze umane e sociali<\/em>, Le Lettere, Firenze 2011., str. 66.<br \/>\n<\/span><\/p>\n<\/div>\n<div id=\"ftn113\">\n<p class=\"MsoNormal\" style=\"line-height: 150%;\"><span style=\"font-size: 8.0pt;\"><a name=\"_ftn113\"><\/a><a href=\"#_ftnref113\"><sup>[<span style=\"font-family: 'times new roman', \ntimes;\"><strong>113<\/strong><\/span>]<\/sup><\/a>&nbsp;<br \/>\nVadim Zeland, <em>Transurfing 1 &#8211; prostranstvo varijanti<\/em>, Aruna, Beograd 2018.<br \/>\n<\/span><\/p>\n<\/div>\n<div id=\"ftn114\">\n<p class=\"MsoNormal\" style=\"line-height: 150%;\"><span style=\"font-size: 8.0pt;\"><a name=\"_ftn114\"><\/a><a href=\"#_ftnref114\"><sup>[<span style=\"font-family: 'times new roman', \ntimes;\"><strong>114<\/strong><\/span>]<\/sup><\/a>&nbsp;<br \/>\nU stvari, pojava digitalne inteligencije \u010dinjenica je koja ozna\u010dava o\u010diti generacijski diskontinuitet, gdje hibridizacija s novom tehnologijom \u010dini specifi\u010dnu razliku.<\/p>\n<p><\/span><\/p>\n<\/div>\n<div id=\"ftn115\">\n<p class=\"MsoNormal\" style=\"line-height: 150%;\"><span style=\"font-size: 8.0pt;\"><a name=\"_ftn115\"><\/a><a href=\"#_ftnref115\"><sup>[<span style=\"font-family: 'times new roman', \ntimes;\"><strong>115<\/strong><\/span>]<\/sup><\/a>&nbsp;<br \/>\nZa Heraklita su to &bdquo;<em>Ljudi filozofi<\/em> (koji) <em>moraju biti znalci veoma mnogih stvari&ldquo; (<\/em>Heraklit, ulomak 11.) <em>a <\/em>koje ja nazivam izvornim filozofima.<\/p>\n<p><\/span><\/p>\n<\/div>\n<div id=\"ftn116\">\n<p class=\"MsoNormal\" style=\"line-height: 150%;\"><span style=\"font-size: 8.0pt;\"><a name=\"_ftn116\"><\/a><a href=\"#_ftnref116\"><sup>[<span style=\"font-family: 'times new roman', \ntimes;\"><strong>116<\/strong><\/span>]<\/sup><\/a>&nbsp;<br \/>\nGiuseppe, O., Longo, <em>Homo technologicus<\/em>, Ledizioni, Milano 2012., str. 124.<br \/>\n<\/span><\/p>\n<\/div>\n<div id=\"ftn117\">\n<p class=\"MsoNormal\" style=\"line-height: 150%;\"><span style=\"font-size: 8.0pt;\"><a name=\"_ftn117\"><\/a><a href=\"#_ftnref117\"><sup>[<span style=\"font-family: 'times new roman', \ntimes;\"><strong>117<\/strong><\/span>]<\/sup><\/a>&nbsp;<br \/>\nSjetimo se da svojedobno je i Platon razmi\u0161ljao o nejasno\u0107i oko uporabe revolucionarnog izuma pisanja, koja se, izme\u0111u ostalog, neobi\u010dno uklapa u kontekst promi\u0161ljanja o nastanku nove tehnolo\u0161ke ere, obnavljaju\u0107i tako svoju aktualnost u odnosu na pojavu interneta i nove mnemo &#8211; tehnologije. Platon, <em>Fedar<\/em>, 274b &#8211; 275c. <\/p>\n<p><\/span><\/p>\n<\/div>\n<div id=\"ftn118\">\n<p class=\"MsoNormal\" style=\"line-height: 150%;\"><span style=\"font-size: 8.0pt;\"><a name=\"_ftn118\"><\/a><a href=\"#_ftnref118\"><sup>[<span style=\"font-family: 'times new roman', \ntimes;\"><strong>118<\/strong><\/span>]<\/sup><\/a>&nbsp;<br \/>\nFulvio. \u0160uran, <em>Sumrak osobnog identiteta u suvremenom tehni\u010dkom razdoblju<\/em>, \/\/ Filozofska istra\u017eivanja, 31 (4\/2011) str. 775\u2013785.<\/p>\n<p><\/span><\/p>\n<\/div>\n<div id=\"ftn119\">\n<p class=\"MsoNormal\" style=\"line-height: 150%;\"><span style=\"font-size: 8.0pt;\"><a name=\"_ftn119\"><\/a><a href=\"#_ftnref119\"><sup>[<span style=\"font-family: 'times new roman', \ntimes;\"><strong>119<\/strong><\/span>]<\/sup><\/a>&nbsp;<br \/>\nZygmunt Bauman, <em>Modernit\u00e0 liquida<\/em>, Laterza, Roma-Bari 2002., str. 192.<br \/>\n<\/span><\/p>\n<\/div>\n<div id=\"ftn120\">\n<p class=\"MsoNormal\" style=\"line-height: 150%;\"><span style=\"font-size: 8.0pt;\"><a name=\"_ftn120\"><\/a><a href=\"#_ftnref120\"><sup>[<span style=\"font-family: 'times new roman', \ntimes;\"><strong>120<\/strong><\/span>]<\/sup><\/a>&nbsp;<br \/>\nUmberto Galimberti, <em>Psiche e techne. L&#8217;uomo nell&#8217;et\u00e0 della tecnica<\/em>, Feltrinelli, Milano 1999. str. 601.<br \/>\n<\/span><\/p>\n<\/div>\n<p class=\"MsoNormal\" style=\"line-height: 150%;\">&nbsp;<\/p>\n<p class=\"MsoNormal\" style=\"line-height: 170%;\"><strong>Literatura:<\/strong><\/p>\n<p class=\"MsoNormal\" style=\"line-height: 170%;\">Bauman, Zygmunt, <em>Modernit\u00e0 liquida<\/em>, Laterza, Roma &#8211; Bari 2002. <\/p>\n<p class=\"MsoNormal\" style=\"line-height: 170%;\">Ciurana, Emilio-Roger, <em>Introduzione alla filosofia delle scienze umane e socia<\/em>li, Le Lettere, Firenze 2011.<\/p>\n<p class=\"MsoNormal\" style=\"line-height: 170%;\">Galimberti, Umberto, <em>Psiche e techne. L&#8217;uomo nell&#8217;et\u00e0 della tecnica<\/em>, Feltrinelli, Milano 1999.<\/p>\n<p class=\"MsoNormal\" style=\"line-height: 170%;\">Heraklit, <em>Fragmenti<\/em>. Preuzeto od: <a href=\"https:\/\/www.academia.edu\/33496689\/TEKST_1_Heraklit_Fragmenti\">https:\/\/www.academia.edu\/33496689\/TEKST_1_Heraklit_Fragmenti<\/a>. <\/p>\n<p class=\"MsoNormal\" style=\"line-height: 170%;\">Longo, Giusppe, O. <em>Homo technologicus<\/em>, Ledizioni, Milano 2012.<\/p>\n<p class=\"MsoNormal\" style=\"line-height: 170%;\">Morin, Edgar, <em>Il metodo 3. La conoscenza della conoscenza<\/em>, Raffaello Cortina, Milano 2007.<\/p>\n<p class=\"MsoNormal\" style=\"line-height: 170%;\">Platone, <em>Opere complete : volume terzo Parmenide, Filebo, Simposio, Fedro<\/em>, Laterza, Roma &#8211; Bari 1971. <\/p>\n<p class=\"MsoNormal\" style=\"line-height: 170%;\">\u0160uran, Fulvio, <em>Sumrak osobnog identiteta u suvremenom tehni\u010dkom razdoblju<\/em>. \/\/ Filozofska istra\u017eivanja, 31 (4\/2011) str. 775\u2013785.<\/p>\n<p class=\"MsoNormal\" style=\"line-height: 170%;\">Zeland, Vadim, <em>Transurfing 1- prostranstvo varijanti<\/em>, Aruna, Beograd 2018.<\/p>\n<p class=\"MsoNormal\" style=\"line-height: 150%;\">&nbsp;<\/p>\n<p style=\"text-align: center;\" align=\"center\"><strong> <span style=\"font-size: 13.0pt; line-height: 150%;\">Freedom at the Edge of New Media<\/span><\/strong><\/p>\n<p class=\"MsoNormal\" style=\"line-height: 150%;\">&nbsp;<\/p>\n<p style=\"margin: 0cm 48.6pt 0.0001pt 54pt; line-height: 170%;\"><em><strong>Abstract<\/strong><\/em><\/p>\n<p class=\"MsoBodyText\" style=\"margin-top: 0cm; margin-right: 48.6pt; margin-bottom: .0001pt; margin-left: 54.0pt; line-height: 150%;\"><span style=\"font-size: 12.0pt; line-height: 150%; font-family: 'Times New Roman';\" lang=\"SR\">&nbsp;<\/span><\/p>\n<p class=\"MsoBodyText\" style=\"margin-top: 0cm; margin-right: 48.6pt; margin-bottom: .0001pt; margin-left: 54.0pt; line-height: 170%;\"><em>New technologies are taking us into an artificial dimension in which everyday reality is translated into immaterial entities, into digital information. Media hypnosis favors the torpor of critical and ethical conscience, while model images contribute to structuring the so &#8211; called \u201cpathology of normality\u201d, which, precisely because it is widely diffused, goes unnoticed. To clarify that it is not just about new technologies, but a new model of society, which is being established and that involves different aspects of thinking, feeling and acting human, transformed by the action of the new media. We will therefore try to examine some particularly significant areas for their existential, social and political value, treated here as many links of a single topic: man.<\/em><\/p>\n<p class=\"MsoBodyText\" style=\"margin-top: 0cm; margin-right: 48.6pt; margin-bottom: .0001pt; margin-left: 54.0pt; line-height: 170%;\">&nbsp;<\/p>\n<p style=\"margin: 0cm 48.6pt 0.0001pt 54pt; line-height: 170%;\"><strong><em>Key words:<\/em><\/strong> <em>world as representation, meaning, soul, identity, space\/time, experiential dimension, memory, passivity, information, mass vs massification, critical thinking, civil participation, freedom.<\/em><\/p>\n<p class=\"MsoNormal\" style=\"line-height: 150%;\"><span lang=\"SR\">&nbsp;<\/span><\/p>\n<p><a name=\"9inmediasres16\"><\/a><\/p>\n<p class=\"MsoNormal\" style=\"line-height: 150%;\"><span lang=\"SR\">&nbsp;<\/span><\/p>\n<hr \/>\n<table style=\"width: 755px;\" border=\"0\">\n<tbody>\n<tr>\n<td style=\"width: 215px;\" valign=\"top\"><img loading=\"lazy\" decoding=\"async\" class=\" alignleft size-full wp-image-347\" style=\"float: left;\" src=\"https:\/\/centar-fm.org\/inmediasres\/wp-content\/uploads\/sites\/2\/2020\/05\/inmediasresno1malo16.png\" alt=\"inmediasres16\" width=\"70\" height=\"103\" \/><\/p>\n<p class=\"MsoNormal\" style=\"line-height: 170%;\">\n <strong>&nbsp;9(16)#9 2020<\/strong> <\/p>\n<\/td>\n<td style=\"width: 315px;\" valign=\"top\">\n<p style=\"line-height: 170%; text-align: center;\">\n<a rel=\"license\" href=\"http:\/\/creativecommons.org\/licenses\/by-nc\/4.0\/\"><img decoding=\"async\" alt=\"Creative Commons licenca\" style=\"border-width:0\" src=\"https:\/\/i.creativecommons.org\/l\/by-nc\/4.0\/88x31.png\" \/><\/a><br \/>\u010casopis je otvorenog pristupa, a ovo djelo je dano na kori\u0161tenje pod licencom <a rel=\"license\" href=\"http:\/\/creativecommons.org\/licenses\/by-nc\/4.0\/\"><strong>Creative Commons Imenovanje-Nekomercijalno 4.0 me\u0111unarodna.<\/strong><\/a><\/p>\n<\/td>\n<td valign=\"top\">\n<p style=\"text-align: right; line-height: 150%;\" align=\"center\"><strong><br \/>\nDOI <a href=\"https:\/\/doi.org\/10.46640\/imr.9.16.9\">10.46640\/imr.9.16.9<\/a><br \/>\nUDK 316.772.5:111.32<\/p>\n<p>Prethodno priop\u0107enje<\/p>\n<p>Preliminary communication<\/p>\n<p>Primljeno: 14.02.2020.<\/strong><\/p>\n<\/td>\n<\/tr>\n<\/tbody>\n<\/table>\n<p class=\"MsoNormal\" style=\"line-height: 150%;\">&nbsp;<\/p>\n<p class=\"MsoNormal\" style=\"line-height: 150%;\">&nbsp;<\/p>\n<p class=\"MsoNormal\" style=\"text-align: center; line-height: 150%;\" align=\"center\"><span style=\"font-size: 15.0pt; line-height: 150%;\"><a href=\"https:\/\/orcid.org\/0000-0002-1294-3298\">Sa\u0161a Marinovi\u0107<\/a><\/span><\/p>\n<p style=\"text-align: center; line-height: 150%;\" align=\"center\">Zagreb, Rudolfa Bi\u0107ani\u0107a 22, Hrvatska<\/p>\n<p>sasa.marinovic@gmail.com<\/p>\n<p style=\"text-align: center;\" align=\"center\"><strong> <span style=\"font-size: 16.0pt; line-height: 150%;\">Tijelo kao medij svijeta<\/span><\/strong><\/p>\n<p style=\"text-align: center; line-height: 150%;\" align=\"center\"><a href=\"http:\/\/www.centar-fm.org\/inmediasres\/images\/pdf\/16\/S. Marinovic, Tijelo kao medij svijeta.pdf\"><strong><span style=\"color: #DC0101; font-size: 8.0pt;\"><br \/>\nPuni tekst: pdf (447 KB), Hrvatski, Str. 2593 &#8211; 2605<br \/>\n<\/span><\/strong><\/a><\/p>\n<p class=\"MsoNormal\" style=\"line-height: 150%;\">&nbsp;<\/p>\n<p style=\"margin: 0cm 48.6pt 0.0001pt 54pt; line-height: 170%;\"><strong><em>Sa\u017eetak<\/em><\/strong><\/p>\n<p class=\"MsoBodyText\" style=\"margin-top: 0cm; margin-right: 48.6pt; margin-bottom: .0001pt; margin-left: 54.0pt; line-height: 150%;\"><span style=\"font-size: 12.0pt; line-height: 150%; font-family: 'Times New Roman';\" lang=\"SR\">&nbsp;<\/span><\/p>\n<p class=\"MsoBodyText\" style=\"margin-top: 0cm; margin-right: 48.6pt; margin-bottom: .0001pt; margin-left: 54.0pt; line-height: 170%;\"><em>Poku\u0161at \u0107emo povezati Merleau-Pontyjevo tuma\u010denje tijela-subjekta s idejom medijalnosti. Tijelo tako postaje medijacijska osnova, kako ljudskog tijela spram ljudskog tijela, tako i ljudskog tijela i svijeta te ljudskog tijela i bitka. Unutar fenomenolo\u0161kog polja mre\u017enog su-odno\u0161enja odvija se tako korporalna intersubjektivna igra, klasi\u010dnim rje\u010dnikom re\u010deno \u010dovjeka i prirode, u kojoj je \u010dovjek konstituiran prirodom kao \u0161to je i priroda konstituirana \u010dovjekom i sve to putem tehnike kao onoga \u0161to tek treba biti. <\/em><\/p>\n<p class=\"MsoBodyText\" style=\"margin-top: 0cm; margin-right: 48.6pt; margin-bottom: .0001pt; margin-left: 54.0pt; line-height: 170%;\">&nbsp;<\/p>\n<p style=\"margin: 0cm 48.6pt 0.0001pt 54pt; line-height: 170%;\"><strong><em>Klju\u010dne rije\u010di:<\/em><\/strong> <em>mediji, tijelo, tehnika, percepcija, bitak.<\/em><\/p>\n<p class=\"MsoBodyText\" style=\"margin-top: 0cm; margin-right: 48.6pt; margin-bottom: .0001pt; margin-left: 54.0pt; line-height: 170%;\">&nbsp;<\/p>\n<p class=\"MsoNormal\" style=\"line-height: 150%;\">&nbsp;<\/p>\n<p class=\"MsoNormal\" style=\"line-height: 170%;\"><strong>Uvod <\/strong><\/p>\n<p class=\"MsoNormal\" style=\"line-height: 170%;\">Da tijelo komunicira s okolinom mo\u017eda nije ni\u0161ta novo. \u010covjek se kao tijelo, kao um ili kao utjelovljena kognitivnost suodnosi s okolinom. Okolina je ili puki okoli\u0161 ili \u017eivotna sredina, ali ona je nekakva percipirana stvarnost. No, od \u010dega ili koga je percipirana stvarnost percipirana? Od strane svijesti koja je tek transcendentalno nekakvo Ja, Duh i sli\u010dno, ili od stane svijesti koja to jo\u0161 nije, odnosno od strane nekakvog epifenomenalnog entiteta. Nastavljaju\u0107i na to, kako je mogu\u0107e da ne\u0161to tako predtjelesno kao \u0161to je transcendentalna svijest uop\u0107e do\u0111e u mogu\u0107nost (a)percipirati tu nekakvu stvarnost ili \u0161to god se pod rije\u010di stvarnost podrazumijeva, a da ju se (a)percipira?; kako je mogu\u0107e da se ne\u0161to kao perceptivni aparat uop\u0107e na\u0111e u tijelu kao \u0161to je ljudsko ili u materiji koja tek treba postati forma \u010dovjeka?; jesmo li sigurni da ono \u0161to smo naviknuti percipirati uop\u0107e mo\u017ee biti doista percipirano?; mo\u017ee li se prvu i drugu formu percepcije dovoditi i u odnos i ako da, kako?; je li percipirano konstrukt ili struktura?; te naposljetku, je li opravdano razlikovati transcendentalnu od &bdquo;imanentne&ldquo; percepcije i mo\u017ee li ih se tuma\u010diti raznoliko kroz ono \u0161to se zove <em>stratigrafsko vrijeme, <\/em>a da ne zapadnemo u obmanu ili iluziju da percepcija i percipirano postoje kao ve\u0107 gotov subjekt naspram objekta? <\/p>\n<p class=\"MsoNormal\" style=\"line-height: 170%;\">Puno je pitanja, ali na svu sre\u0107u isto toliko je i odgovora. Ovo \u0107e biti jedan od tih odgovora, ali nikako onaj koji pretendira na istinu ili ispravnost. Dapa\u010de, da bi se filozofija razvijala kao vje\u010dno \u017eiva praksa ono \u0161to je nu\u017eno je gre\u0161ka, mo\u017eda bolje \u2013 ideja\/e. No, ne radi se o ideji po sebi, onoj Platonovoj Ideji, ve\u0107 o jednoj drugoj koju ne\u0107emo imenovati ve\u0107 radije kreirati ili konstituirati putem, kako Deleuze re\u010de, <em>koncepta<\/em>, a rije\u010d je dakako, o <em>ravni imanencije<\/em>. <\/p>\n<p class=\"MsoNormal\" style=\"line-height: 170%;\">Prirodna nam se \u010dini \u010dinjenica da \u010dovjek postoji kao biolo\u0161ko bi\u0107e te ga ve\u0107 sama ta fantazma otvara konceptu biolo\u0161kog horizonta u kojemu se on, kako ka\u017ee Vuk-Pavlovi\u0107<a name=\"_ftnref121\"><\/a><a href=\"#_ftn121\"><sup>[<span style=\"font-family: 'times new roman', times;\"><strong>121<\/strong><\/span>]<\/sup><\/a>, bio-logi\u010dkim kontinuitetom otvara spram vremena i u vremenu izvana, dakle vremenu linearnog prijenosa vrijednosti koje tek tu i tamo biva dezavuirano nekakvom aksiolo\u0161kom inverzijom. Ako nam se dopusti, zvat \u0107emo ovo zadnje prirodnim vremenom, onim koje protje\u010de za neke mimo nas, a za neke ba\u0161 upravo zbog nas. Me\u0111utim, pored te biolo\u0161ke ravni ili horizonta, postoji i ono koje mo\u017eemo nazvati tehni\u010dkim horizontom ili medijskim vremenom, ono koje se \u010dovjeku otvara posredstvom tehno-medijskog aparata iznutra; ono vrijeme koje McLuhan naziva percepcijom otvorenog polja<a name=\"_ftnref122\"><\/a><a href=\"#_ftn122\"><sup>[<span style=\"font-family: 'times new roman', times;\"><strong>122<\/strong><\/span>]<\/sup><\/a> gdje \u010dovjek dose\u017ee vrhunac predmetne diferencijacije i uranja u predmet sam, postaju\u0107i i sam predmetom tehnike medija. Za razliku od one prve, ova potonja tvrdnja nam se i ne \u010dini posve prirodnom \u0161to mo\u017eda i jest dobra intuicija, ali budu\u0107i da se nalazimo u vremenu u kojemu je akademski nedoli\u010dno ako ne i pompozno imati intuicije, koncepte, fantazme, o tom-potom. To nas vrijeme otvara kaosu kaosa, dakle susre\u0107emo se s barijerom da ostvarimo ono kontingentno konceptualno uranjanje u kaos o kojemu nam Deleuze i Guattari<a name=\"_ftnref123\"><\/a><a href=\"#_ftn123\"><sup>[<span style=\"font-family: 'times new roman', times;\"><strong>123<\/strong><\/span>]<\/sup><\/a> govore. Oni nas pou\u010davaju o tome kako kaos predstavlja supstrat mogu\u0107e samoizgradnje putem <em>koncepta<\/em> i <em>ravni imanencije<\/em>; prvo kao neponovljiva i kontingentna ontogeneza, a drugo kao zaziv onoga \u0161to tek treba na osobit na\u010din biti. U tom smislu vrijeme medija, tehno-znanstveno vrijeme, kontaminiralo je kaos, te nas je suptilnim fantazmagorijskim metodama izvrglo tehno-kozmosu zbivanja. U takvom kaosu kao tehno-kozmosu sam koncept nije ni\u0161ta drugo nego tehno-znanstveni <em>prospekt, <\/em>a ljudi tek samo predmeti. Ovaj rad smjera tome da prika\u017ee jednu od mogu\u0107ih varijanti obja\u0161njenja tehno-medijskog oblikovanja kvazi-subjekta, da uka\u017ee na njegove zamke i da poku\u0161a ponuditi druga\u010dije mi\u0161ljenje.<\/p>\n<p class=\"MsoNormal\" style=\"line-height: 170%;\">&nbsp;<\/p>\n<p class=\"MsoNormal\" style=\"line-height: 170%;\"><strong><em>Medijski linearizam Marshala McLuhana<\/em><\/strong><\/p>\n<p class=\"MsoNormal\" style=\"line-height: 170%;\">Smatramo kako je prema u\u010denju Marshala McLuhana va\u017eno naglasiti tri bitne to\u010dke:<\/p>\n<p class=\"MsoNormal\" style=\"line-height: 170%;\">1. sadr\u017eaj svakog medija je uvijek neki drugi medij<a name=\"_ftnref124\"><\/a><a href=\"#_ftn124\"><sup>[<span style=\"font-family: 'times new roman', times;\"><strong>124<\/strong><\/span>]<\/sup><\/a><\/p>\n<p class=\"MsoNormal\" style=\"line-height: 170%;\">2. &bdquo;elektricitet ne centralizira, nego decentralizira&ldquo;<a name=\"_ftnref125\"><\/a><a href=\"#_ftn125\"><sup>[<span style=\"font-family: 'times new roman', times;\"><strong>125<\/strong><\/span>]<\/sup><\/a><\/p>\n<p class=\"MsoNormal\" style=\"line-height: 170%;\">3. otvoreno &bdquo;polje&ldquo; kao tip percepcije svijesti<a name=\"_ftnref126\"><\/a><a href=\"#_ftn126\"><sup>[<span style=\"font-family: 'times new roman', times;\"><strong>126<\/strong><\/span>]<\/sup><\/a><\/p>\n<p class=\"MsoNormal\" style=\"line-height: 170%;\"><strong><em>&nbsp;<\/em><\/strong><\/p>\n<p class=\"MsoNormal\" style=\"line-height: 170%;\"><strong><em>Prva to\u010dka<\/em><\/strong> kao prva tvrdnja otprije je poznata i prili\u010dno je jednostavna. Mediji osim \u0161to se razvijaju i postaju efikasniji u medijaliziranju puke informacije, sa svakom novom tehni\u010dkom progresijom ozna\u010davaju i jedan novi dru\u0161tveni trend (\u0161to je feti\u0161izacija tehni\u010dnosti medija) te postaju jednako tako atraktivni i protoku kapitala, njegovom br\u017eem gibanju i translociranju. McLuhan to jezgrovito formulira: &bdquo;Sadr\u017eaj pisma jest govor, ba\u0161 kao \u0161to je pisana rije\u010d sadr\u017eaj tiska, a tisak sadr\u017eaj telegrafa&ldquo;<a name=\"_ftnref127\"><\/a><a href=\"#_ftn127\"><sup>[<span style=\"font-family: 'times new roman', times;\"><strong>127<\/strong><\/span>]<\/sup><\/a>. Dakle, ono \u0161to se mijenja jesu brzina i razmjer ljudskih odnosa, kao i uzroci tih dviju pojava koje unose promjene u ljudskim odnosima. Ljudi su prostorno postali bli\u017ei jedni dugima, a svijet je postao manji. Naglasak je na utjecaju odre\u0111enog medija na \u010dovjeka, subjekta, sebstvo, jednako kao i na zajednicu, dru\u0161tvo, vrstu, ali to se \u010dini prili\u010dno izvanjskim. On nije time bezna\u010dajan, ali ne prodire dovoljno duboko. Njegova analiza ostaje na razini elementarnog shva\u0107anja rije\u010di <em>medium<\/em> (lat. srednje, posreduju\u0107e, sredstvo) gdje se mediji shva\u0107aju evolutivno od prirodne forme do kulturne tehnike posredovanja informacija<a name=\"_ftnref128\"><\/a><a href=\"#_ftn128\"><sup>[<span style=\"font-family: 'times new roman', times;\"><strong>128<\/strong><\/span>]<\/sup><\/a>. Tijelo je u takvom odnosu stvari da je korisnik medija zarad pove\u0107anja efikasnosti jednostavnih tjelesnih performativa. Ono pasivno prilije\u017ee uz tehniku medija konzumiraju\u0107i je tek usputno kao priru\u010dnost ili hedonisti\u010dki kao ne odve\u0107 obja\u0161njiv eksces. Tijelo je tek sadr\u017eaj nekog drugog kauzaliteta, onog koji za sama tijela jo\u0161 uvijek ne mari jer mu ona nisu primarni predmet razvoja, ve\u0107 samo uzgredno kroz tehni\u010dku produkciju. McLuhan nagla\u0161ava da u trenutku kada bi, kako on ka\u017ee, elektri\u010dno doba (doba elektri\u010dne brzine, brzine svjetlosti, elektriciteta) moglo odudarati od linearno evolutivnog obja\u0161njenja medija, ono to ipak ne \u010dini iako je na pravom putu. Elektri\u010dno doba koje McLuhan naziva i to\u010dkom istodobnosti koja zamjenjuje slijed<a name=\"_ftnref129\"><\/a><a href=\"#_ftn129\"><sup>[<span style=\"font-family: 'times new roman', times;\"><strong>129<\/strong><\/span>]<\/sup><\/a>, postaje doba strukture i konfiguracije, dakle vrijeme neprestanog oblikovanja. Svijet, subjekt i tijelo ovdje jesu i dalje stabilne kategorije koje koriste kulturni sadr\u017eaj na jedan sinkreti\u010dan na\u010din. Medij je i dalje sredstvo i to sredstvo polisemijske konzumacije kulture; implozija informacija i ekstaza (vizualnih) komunikacija<a name=\"_ftnref130\"><\/a><a href=\"#_ftn130\"><sup>[<span style=\"font-family: 'times new roman', times;\"><strong>130<\/strong><\/span>]<\/sup><\/a>.<\/p>\n<p class=\"MsoNormal\" style=\"line-height: 170%;\">Prema tuma\u010denju McLuhana, elektri\u010dni mediji povezuju svijet na jedan hedonisti\u010dan na\u010din, na\u010din hedonizma slike, to\u010dnije, simbola. To potvr\u0111uje i tvrdnja McLuhana kako &bdquo;elektri\u010dna brzina mije\u0161a pretpovijesne kulture s talogom industrijskih prodava\u010da, nepismenih s polupismenima i poslijepismenima<a name=\"_ftnref131\"><\/a><a href=\"#_ftn131\"><sup>[<span style=\"font-family: 'times new roman', times;\"><strong>131<\/strong><\/span>]<\/sup><\/a>. Povezano &#8211; nepovezan pasivni recipijent postaje \u010dovjek u elektri\u010dno doba saturacije informacija u kojemu sadr\u017eaj postaje filmska forma kojom je \u010dovjek zabavljan, a nikako informiran ili opismenjavan. Dakle, \u010dovjek je spektakulariziran, pa \u010dak djelomi\u010dno i subjekt spektakla uni\u0161tenja \u2013 rata, ali samo utoliko \u0161to subjektivira svoje tijelo u unaprijed zadanoj medijalnosti. Jedino \u0161to se stvarno \u017ertvuje jest tijelo, duh ne podnosi \u017ertvu, on je sasvim spokojan. Spokojan je u iluziji da se rat vr\u0161i za pravu stvar, jer duh je nazadan, a nazadnim ga \u010dini koncept subjekta koji on nije. S druge strane tijelo je subjekt barem utoliko \u0161to je podjarmljeno, \u0161to trpi. Ono trpi \u017ertvu, pamti traumu i tim je ujedno jedini pravi subjekt uni\u0161tenja kao dekonstrukcije labavog koncepta pred-postavljenosti subjekta.<\/p>\n<p class=\"MsoNormal\" style=\"line-height: 170%;\">&nbsp;<\/p>\n<p class=\"MsoNormal\" style=\"line-height: 170%;\"><strong>Druga to\u010dka<\/strong> kao druga tvrdnja, &bdquo;elektricitet ne centralizira, nego decentralizira&ldquo;<a name=\"_ftnref132\"><\/a><a href=\"#_ftn132\"><sup>[<span style=\"font-family: 'times new roman', times;\"><strong>132<\/strong><\/span>]<\/sup><\/a>, vrlo je va\u017ena to\u010dka McLuhanove pozicije. On ponovno uspostavlja tijelo kao to\u010dku komunikacije. Me\u0111utim, komunikacija je tu itekako dramatur\u0161ka<span class=\"MsoNormal\" style=\"line-height: 170%;\"><a name=\"_ftnref133\"><\/a><a href=\"#_ftn133\"><sup>[<span style=\"font-family: 'times new roman', times;\"><strong>133<\/strong><\/span>]<\/sup><\/a><\/span>, jo\u0161 uvijek ego-centrirana. Elektri\u010dni mediji poti\u010du decentralizaciju koja pobu\u0111uje tijelo na reakciju kao medij sada\u0161njosti, trenutnosti, neprestane aktualnosti. Ipak, ta istodobnost<a name=\"_ftnref134\"><\/a><a href=\"#_ftn134\"><sup>[<span style=\"font-family: 'times new roman', times;\"><strong>134<\/strong><\/span>]<\/sup><\/a> nije ona koja ukazuje na prostor-vremensko sa\u017eimanje koje bi tvorilo jedan novi na\u010din bivanja, jednu novu ontologiju. To je vrijeme u kojemu dru\u0161tveni trendovi bivaju atomizirani, a opet unificirani i homogeni. G\u00fcnther Anders to opisuje isti\u010du\u0107i da tehnika &bdquo;rasijava&ldquo;, ona tijelo \u010dini ovisnim o &bdquo;zauzetosti&ldquo;<a name=\"_ftnref135\"><\/a><a href=\"#_ftn135\"><sup>[<span style=\"font-family: 'times new roman', times;\"><strong>135<\/strong><\/span>]<\/sup><\/a> vi\u0161e nego o &bdquo;zaposlenosti&ldquo;. Prema Andersu potrebno je da tijelo bude neprestano u pokretu kao izvanjskoj su\u0161tini postojanja naspram one unutarnje koja na\u017ealost i\u0161\u010dezava. Inverzija su\u0161tine i dalje le\u017ei u izvanjskom faktoru, onom elektri\u010dnih medija.<\/p>\n<p class=\"MsoNormal\" style=\"line-height: 170%;\">Ovdje imamo to\u010dku ne-bivanja i to\u010dku bivanja. Tijelo kao objektivno prisutno i tijelo kao potencijalno prisutno. Scenarij jedne takve kolizije McLuhan je izrazio rije\u010dima: &bdquo;Jedan od naj\u010de\u0161\u0107ih uzroka prijeloma u nekom sustavu jest njegovo kri\u017eanje s kakvim drugim sustavom, kao \u0161to je bio slu\u010daj s tiskom i tiskarskim strojem na parni pogon, ili pak radijem i filmom (iz \u010dega su nastali zvu\u010dni filmovi)&ldquo;<a name=\"_ftnref136\"><\/a><a href=\"#_ftn136\"><sup>[<span style=\"font-family: 'times new roman', times;\"><strong>136<\/strong><\/span>]<\/sup><\/a>. Tijelo nije bez posljedica izi\u0161lo iz ove ponovne aktualizacije kao temeljnog medija jezika, ono je &bdquo;reprogramirano&ldquo;, pobolj\u0161ano, ono je postalo tijelo 2.0. Biolo\u0161ki sustav je kolizija s elektri\u010dnim, ali i kako McLuhan govori, prijelomnica nekog sustava. Evolucija dolazi na mala vrata, ali GMO i kibernetika na velika. Okoli\u0161 kojemu je izvrgnut \u010dovjek u elektroni\u010dko doba nije elementarna \u017eivotna sredina koja je biolo\u0161kom entitetu potrebna za izmjenu tvari, a ujedno je i estetizirani ambijent (Alpe, Plitvi\u010dka jezera, Jadransko more, p\u0161eni\u010dna polja Slavonije\u2026). Prema mi\u0161ljenju Paula Virilioa okoli\u0161 je ono samonametnuto proteti\u010dno. On smatra kako je urbanizacija vremena (shva\u0107a ju kao \u010dovjekovo sveop\u0107e potvr\u0111ivanje teletehnike) prije urbanizacija vlastitog tijela koje potpuno zdrav \u010dovjek prepu\u0161ta prototeti\u010dnostima poput tipkovnice, ekrana, kao rukavica ili odijela podataka<a name=\"_ftnref137\"><\/a><a href=\"#_ftn137\"><sup>[<span style=\"font-family: 'times new roman', times;\"><strong>137<\/strong><\/span>]<\/sup><\/a>. Virilio ovdje protezu shva\u0107a kao samo-invalidiziranje, dok je proteza doista nadomjestak \u010dovjekovog nedostatka, naime onog svesvjetskog do\u017eivljaja ili sve-svjesnog. Sve-svjesno ovdje uzimam kao mogu\u0107nost do\u017eivljaja onog \u0161to McLuhan uzima kao savjest dru\u0161tva; mi cijelo dru\u0161tvo na sebi nosimo kao svoju ko\u017eu. Percepcija se mijenja, ona su\u0161tinska, aristotelovski re\u010deno &#8211; supstancijalna, percepcijska promjena doga\u0111a se kao prijelomnica. Svjetlost kao dimenzija potpunog vremena koja i posreduje a naposljetku i uvjetuje percepciju, predstavlja vje\u010dno sada koje puca pod te\u017einom praznine, te vra\u0107a tijelo u agoniju vremena. Tijelo je u mogu\u0107nosti da ponovno postaje vremensko. <\/p>\n<p class=\"MsoNormal\" style=\"line-height: 170%;\">U filmu <em>Planeta majmuna<\/em> (<em>Planet of the Apes<\/em>, 1968.) fino je prikazana upravo ta ba\u010denost tijela u vrijeme. Astronauti se zati\u010du na planetu na kojemu sebe smatraju vektorima napretka znanosti i tehnologije, no frapira ih prizor \u010dovjeka koji je vrlo nisko na hijerarhiji \u017eivih bi\u0107a. Naime, ono \u0161to su do tada smatrali majmunima, primordijalnim ina\u010dicama \u010dovjeka, bi\u0107a su koja su postala od ljudi ili su ono \u0161to su ljudi &bdquo;neko\u0107&ldquo; bili. Dakle, de-evolucijsko ozna\u010dava kako je pad u vrijeme zapravo ponovno zapo\u010dinjanje \u010dovjeka. Tehnologija kao vje\u010dno umjetna mehanika budu\u0107nosnog u \u010dovjeku, slomila se pod obzorom kao vlastitom nemogu\u0107no\u0161\u0107u ograni\u010davanja. Ne-ograni\u010denost jest bez-vremenskost koja &bdquo;unaza\u0111uje&ldquo;, a zapravo samo ponavlja obrasce &bdquo;razvoja&ldquo;, evolucije, napretka, itd. Kip slobode u spomenutom filmu predstavlja svjetlost kao dimenziju koja u jednom povijesnom sagledavanju (ako je takvo kod Virilia mogu\u0107e), doista traje samo trenutak. \u010covjek se ponavlja posredstvom <em>dinami\u010dke procedure tehnogeneze<\/em><a name=\"_ftnref138\"><\/a><a href=\"#_ftn138\"><sup>[<span style=\"font-family: 'times new roman', times;\"><strong>138<\/strong><\/span>]<\/sup><\/a><em>.<\/em><\/p>\n<p class=\"MsoNormal\" style=\"line-height: 170%;\">Prema tako naizgled apokalipti\u010dnom scenariju dru\u0161tva dana\u0161njice, Fromm je poku\u0161ao afirmirati koncept nade: 1. potrebno je cjelokupni sistem dovesti u vezu sa &bdquo;sistemom \u010dovjek&ldquo; gdje se identificiraju funkcionalni problemi (gospodarstvo i dobrobit ljudi) te, 2. osvijestiti sve ve\u0107e ekonomske podjele na bogate i siroma\u0161ne kao i razvitak civilizacije smrti<a name=\"_ftnref139\"><\/a><a href=\"#_ftn139\"><sup>[<span style=\"font-family: 'times new roman', times;\"><strong>139<\/strong><\/span>]<\/sup><\/a>. Ovo zadnje ogleda se u tendenciji \u017eivog \u010dovjeka da ga ne bude, stoga \u010dovjek, kao \u017eivo bi\u0107e, tehni\u010dki napredak gotovo pa nesvjesno zaziva kao materijaliziranu smrt. \u010covjek nestaje u orgazmi\u010dkom bunilu nekrofilne glorifikacije tehnike. No Fromm na umu ima samo tehniku u njenoj uzgrednosti, onu tehniku koja kako veli Heidegger, jest samo priru\u010dna (<em>Zeug<\/em>). Supstancijalna tehnika nikako ne smije biti ukinuta. Ona je elementarna \u010dovjekovom bi\u0107u, ali njegovo bi\u0107e neprestano nastaje i to je ono \u0161to mnoge buni. Zauzimanje prostora i vremena, ve\u0107 spomenuto kod Andersa, mo\u017ee biti i zauzimanje nekakvog performativa, koliko god on prozai\u010dan bio i stoga procesualna etapa <em>transdukcije Bitka<\/em><a name=\"_ftnref140\"><\/a><a href=\"#_ftn140\"><sup>[<span style=\"font-family: 'times new roman', times;\"><strong>140<\/strong><\/span>]<\/sup><\/a>. Su\u0161tina za Simondona ionako ne dolazi iznutra, ve\u0107 izvana na jedan procesualan na\u010din. Tijelo upravo tehni\u010dkom prisilom na mehani\u010dke operacije stremi k tome da supstanciju, koja je ona supstancija &bdquo;unutra&ldquo;, du\u0161a, poprimi tek nakon dovoljno sna\u017ene inercije tijela koja \u0107e tu mikrodijalektiku moga tijela i moje slike tijela u\u010diniti doista i mojom du\u0161om tijela. &bdquo;Bit&ldquo; tehni\u010dkog osloba\u0111a se spontano\u0161\u0107u tijela koja zacrtava razvoj &bdquo;novoga.&ldquo;<\/p>\n<p class=\"MsoNormal\" style=\"line-height: 170%;\">Decentralizacija preko narcisti\u010dkog efekta nu\u017eno dovodi do egzistencijalisti\u010dkog efekta. Dakle, &bdquo;dru\u0161tvena svijest&ldquo; koja se osloba\u0111a putem niza individualnih &bdquo;obna\u017euju\u0107ih&ldquo; oblika nesvjesnog, osobnog i privatnog, dovodi do gri\u017enje savjesti. Na to McLuhan i upu\u0107uje u zaklju\u010dku kada ka\u017ee kako &bdquo;u elektri\u010dnom dobu, cijelo \u010dovje\u010danstvo nosimo na sebi kao svoju ko\u017eu.&ldquo;<a name=\"_ftnref141\"><\/a><a href=\"#_ftn141\"><sup>[<span style=\"font-family: 'times new roman', times;\"><strong>141<\/strong><\/span>]<\/sup><\/a> Cijelo \u010dovje\u010danstvo je moje tijelo, ono je moja percepcija i kada govorim o klimatskim promjenama, globalnom zatopljenju, uni\u0161tavanju Amazone, trovanju oceana\u2026, ne govorim o pojedina\u010dnom iskustvu konkretnog geografskog pojedinca ili zajednice, govorim o dru\u0161tvenom tijelu \u010dovje\u010danstva.<\/p>\n<p class=\"MsoNormal\" style=\"line-height: 170%;\">Tu se, McLuhanovim rije\u010dima, nazire hibrid dvaju medija, onog tijela i onog tehnike, kao masovnih medija ili interneta. Taj spoj je prema McLuhanu spoj istine i otkrivenja koji ra\u0111a novi oblik<a name=\"_ftnref142\"><\/a><a href=\"#_ftn142\"><sup>[<span style=\"font-family: 'times new roman', times;\"><strong>142<\/strong><\/span>]<\/sup><\/a>. Taj sukob, spoj, hibrid, kolizija medija dr\u017ee nas iznad razine narcisti\u010dkog dubokog mora, on je &bdquo;trenutak slobode i osloba\u0111anja od obi\u010dnog zanosa i otupjelosti koje name\u0107u na\u0161im osjetilima&ldquo;<a name=\"_ftnref143\"><\/a><a href=\"#_ftn143\"><sup>[<span style=\"font-family: 'times new roman', times;\"><strong>143<\/strong><\/span>]<\/sup><\/a>. Prostor, ambijent, okoli\u0161, \u017eivotni prostor nije misti\u010dno ne\u0161to \u010dime smo okru\u017eeni. To nije edenska i\u0161\u010dezla geografija, toponimija rajskog \u017eivota, nego je i \u010demer, i otu\u017enost, i \u017ertva, i jad, i bijeda. Prostor je pun &bdquo;za\u010dina \u017eivota&ldquo;, stoga McLuhan tako kriti\u010dki govori o protivnicima reklamiziranog tiska<a name=\"_ftnref144\"><\/a><a href=\"#_ftn144\"><sup>[<span style=\"font-family: 'times new roman', times;\"><strong>144<\/strong><\/span>]<\/sup><\/a>. On je suptilna pojava uklju\u010duju\u0107eg, isprva samo kao eksploatator hedonisti\u010dkog potencijala, a nakon zasi\u0107enja kao efikasnog medija propulzije medijskog kao tehnoevolucijskog, ali i proto-(a)politi\u010dkoga potencijala koji se krije u mozai\u010dkom posredovanju i do\u017eivljaju vijesti. Taj vrhunac sudjelovanja ali ne i anga\u017eiranosti vodi nas prema McLuhanovu pojmu reklame kao &bdquo;oblika razonode zajednice, koji sam sebe likvidira&ldquo;<a name=\"_ftnref145\"><\/a><a href=\"#_ftn145\"><sup>[<span style=\"font-family: 'times new roman', times;\"><strong>145<\/strong><\/span>]<\/sup><\/a>. Reklama je medij kolektivnog obmanjivanja, tip sudjelovanja koje je bijeg od turobnosti svakodnevice zarad hedonizma unutar virtualnosti. To zna\u010di da se slikovno iskustvo reklame, te mozai\u010dnost, kako iskustava, sadr\u017eaja, tako i inkluzije, pokazuje kao izvanredna sposobnost utopisti\u010dkog kolektiviziranja proto-(a)politi\u010dkog potencijala. <\/p>\n<p class=\"MsoNormal\" style=\"line-height: 170%;\">Ako medij doista jest poruka, onda je va\u017ena poruka kojoj je ultimativni doseg priop\u0107avanje tijela. Iako je elektri\u010dno doba doba u kojemu je \u017eiv\u010dani sustav baza produ\u017eetka, ciklus medijskosti zavr\u0161ava na ljudskom tijelu. Medijska &ldquo;eshatologija&rdquo; ili mo\u017eda cjelokupna tehni\u010dka eshatologija, ako \u0107emo tehni\u010dko ovdje uzeti kao medij u mekluanovskom smislu, zavr\u0161ava na tijelu. Saturacija, redundantnost, gomila puke informacije prije ili kasnije vra\u0107a nas na tijelo. Bolje bi bilo re\u0107i, agoniju tijela, kao agoniju povijesnosti.<\/p>\n<p class=\"MsoNormal\" style=\"line-height: 170%;\"><strong>&nbsp;<\/strong><\/p>\n<p class=\"MsoNormal\" style=\"line-height: 170%;\"><strong>Tre\u0107a to\u010dka<\/strong>, kao tre\u0107a tvrdnja, ti\u010de se upravo eshatolo\u0161kog kod McLuhana. Ona se mo\u017ee i\u0161\u010ditavati kao tuma\u010denje koje medije shva\u0107a kao svrhovite bez-svrhovitosti. Mo\u017eda je to utjecaj tomisti\u010dke filozofije na McLuhana, a mo\u017eda je to trenutni doseg vremena koje u njegovoj misli ne mo\u017ee dalje od onog \u0161to njegova &bdquo;logika&ldquo; medija nala\u017ee. Naime, mediji su ekstaza neprestane informacije i to doista informacije kao informacije o ne\u010demu \u0161to se doga\u0111a sada, zbiva sada, ne\u010dega \u0161to jest sada. Sada\u0161njost i dalje, dakle, postoji kao polje informiranja subjekta. Otvoreno polje je polje zbivanja ve\u0107 gotovog svijeta i subjekta. Ono \u0161to \u010dovjek jest, kako smo to ve\u0107 spomenuli, recepcijska je to\u010dka, dakle ve\u0107 uspostavljena struktura do\u017eivljaja, osje\u0107anja, ako ne i ve\u0107 uspostavljena struktura djelovanja. To potvr\u0111uje i McLuhan kada isti\u010de da se iracionalnim i nelogi\u010dnim ponovno otkriva transakcija izme\u0111u \u010dovjekovog &#8221;ja&#8221; i &#8221;svijeta&#8221;, odnosno izme\u0111u subjekta i objekta<a name=\"_ftnref146\"><\/a><a href=\"#_ftn146\"><sup>[<span style=\"font-family: 'times new roman', times;\"><strong>146<\/strong><\/span>]<\/sup><\/a>. Me\u0111utim, McLuhan otvara novu temu ali ju nedovoljno eksplicira, pa \u010dak i u knjizi <em>Razumijevanje medija <\/em>koja dolazi nakon <em>Gutenbergove galaksije<\/em> kada tvrdi da je pismenost, opet u jednom linearnom smislu shva\u0107anja, &bdquo;od prosvje\u0107enog pojedinca na\u010dinila zatvoreni sistem i postavila ambis izme\u0111u privida i stvarnosti kome je do\u0161ao kraj s otkri\u0107em kao \u0161to je tok svijesti&ldquo;<a name=\"_ftnref147\"><\/a><a href=\"#_ftn147\"><sup>[<span style=\"font-family: 'times new roman', times;\"><strong>147<\/strong><\/span>]<\/sup><\/a>.<\/p>\n<p class=\"MsoNormal\" style=\"line-height: 170%;\">U takvom kontekstu kako smatra Donna Haraway, kibernetika jest transgresija binarnih pozicija poput one temeljne \u2013 duh i tijelo. McLuhan transgresiju vidi u koncu linearnosti u vidu abecede ili euklidskog prostora<a name=\"_ftnref148\"><\/a><a href=\"#_ftn148\"><sup>[<span style=\"font-family: 'times new roman', times;\"><strong>148<\/strong><\/span>]<\/sup><\/a> ali u globalom smislu homeostaza se posti\u017ee tek nakon ponovnog iskustva kraha tijela, da bi se ponovno afirmirao u susljednom ciklusu nekog novog tehno-medija. Shva\u0107aju\u0107i \u010dovjeka kao neprestanog biolo\u0161kog ponavlja\u010da, ne smije nam se potkrasti pogre\u0161ka kako biologija zna\u010di egzistencijalisti\u010dku dekadenciju. Biologija je pri samo bitkovnom padu najneposredniji do\u017eivljaj prirode od strane \u010dovjeka. Ono \u0161to u tom ponavljanju ostaje najve\u0107i problem je \u2013 \u0161to ako se ponavljanje ne uspije ponoviti zbog &bdquo;tehni\u010dkih&ldquo; razloga, naime, onih da biolo\u0161kog supstrata \u010dovjekova ponavljanja ne bude. Taj mogu\u0107i izostanak Virilio uo\u010dava kada ekologiju optu\u017euje za scijentisti\u010dku enkapsuliranost<a name=\"_ftnref149\"><\/a><a href=\"#_ftn149\"><sup>[<span style=\"font-family: 'times new roman', times;\"><strong>149<\/strong><\/span>]<\/sup><\/a>. Ekologija je u potpunosti indiferentna spram <em>psiholo\u0161kog vremena.<\/em> Pasivna optika<a name=\"_ftnref150\"><\/a><a href=\"#_ftn150\"><sup>[<span style=\"font-family: 'times new roman', times;\"><strong>150<\/strong><\/span>]<\/sup><\/a> dodu\u0161e jest inertna s aspekta svoje percepcije, stoga ona zaziva aktivnu optiku koja ju predstavlja kao budu\u0107e, idealitetno, ali i dramati\u010dno i katastrofi\u010dko ja, upravo ono juvenilno Ja koje nastupa nakon postdramatske fuzije<a name=\"_ftnref151\"><\/a><a href=\"#_ftn151\"><sup>[<span style=\"font-family: 'times new roman', times;\"><strong>151<\/strong><\/span>]<\/sup><\/a> biolo\u0161kog i tehnolo\u0161kog sraza. No, to je zasada stvar ekolo\u0161ke etike ili etike \u017eivotne sredine.<\/p>\n<p class=\"MsoNormal\" style=\"line-height: 170%;\">Na tragu McLuhanove sintagme <em>tok svijesti<\/em> jest Viriliov princip doga\u0111ajnosti. Viriliovo poimanje doga\u0111aja ili doga\u0111ajnosti podrazumijeva i dalje subjekt. Upravo tu le\u017ei Virilijeva pogre\u0161ka kada \u010dovjeka smje\u0161ta u kozmi\u010dko vrijeme, vrijeme neprestanog sada zahva\u0107enog u mre\u017ee svjetlosti, odnosno, u \u0161kripac &bdquo;tre\u0107eg intervala&ldquo;. Taj doticaj subjekta &#8211; bi\u0107a s fotonom kao nosiocem ili bolje re\u010deno fenomenom neprestanog sada\u0161njeg, anulira ili bi\u0107e\/bitak ili vrijeme, budu\u0107i da vrijeme, a onda i ono neprestano sada, zahtjeva nekakav koncept subjektivnosti. Ovo potonje destruira svaku opstojnost relativnog te nam ostaje zaklju\u010diti da se apsolutno vrijeme ne mo\u017ee shvatiti niti percipirati. Dakle, subjekt i\u0161\u010dezava, \u0161to nas nagoni na pitanje mo\u017ee li se uop\u0107e dose\u0107i trenutak kozmi\u010dkog vremena ili se uspostavlja novi ciklus novog vremenskog intervala. Uspinju\u0107i se prema svjetlosti, po nu\u017enost stvari vosak na\u0161ih krila se topi i pero na\u0161e elacije opada, a \u010dovjek ponovno pada u prostor-vrijeme. <\/p>\n<p class=\"MsoNormal\" style=\"line-height: 170%;\">&nbsp;<\/p>\n<p class=\"MsoNormal\" style=\"line-height: 170%;\"><strong><em>Ambigvitet kao otvorenost tijela spram svijeta <\/em><\/strong><\/p>\n<p class=\"MsoNormal\" style=\"line-height: 170%;\">Jedno od va\u017enijih mjesta u filozofiji Mauricea Merelau-Pontyja jest pojam ambigviteta (<em>ambigu\u00eft\u00e9)<\/em>. Tim pojmom Merleau-Ponty \u017eeli re\u0107i kako tijelo postoji na dva na\u010dina: fenomenalno i objektivno<a name=\"_ftnref152\"><\/a><a href=\"#_ftn152\"><sup>[<span style=\"font-family: 'times new roman', times;\"><strong>152<\/strong><\/span>]<\/sup><\/a>. Dakle, fenomenalnost tijela pojavljuje se kao istodobno i prisutno i neprisutno.<a name=\"_ftnref153\"><\/a><a href=\"#_ftn153\"><sup>[<span style=\"font-family: 'times new roman', times;\"><strong>153<\/strong><\/span>]<\/sup><\/a> Ono je prisutno jer ve\u0107 postoji prije same svijesti, ali neprisutno u smislu svog autenti\u010dnog bivanja u svijetu. Takvo bivanje je trenutak &bdquo;izvornog jedinstva svijesti i svijeta&ldquo;, tj. bitka koji nismo u mogu\u0107nosti konstituirati, ali iz kojeg se sve ostalo konstituira<a name=\"_ftnref154\"><\/a><a href=\"#_ftn154\"><sup>[<span style=\"font-family: 'times new roman', times;\"><strong>154<\/strong><\/span>]<\/sup><\/a>. Konstituiranje je to koje se ostvaruje putem intencionalnosti ili &bdquo;operativne intencionalnosti&ldquo; kako ju imenuje Edmund Husserl. Operativna intencionalnost, za razliku od intencionalnog akta, jest &bdquo;prirodno i predpredikativno iskustvo svijeta i na\u0161eg \u017eivota&ldquo;<a name=\"_ftnref155\"><\/a><a href=\"#_ftn155\"><sup>[<span style=\"font-family: 'times new roman', times;\"><strong>155<\/strong><\/span>]<\/sup><\/a>. Svijet i tijelo mogu se doista tuma\u010diti kao odvojeni entiteti ako postoji samo jedno, a da istodobno ono drugo ili &bdquo;ne postoji&ldquo; ili postoji na pasivan ili, u kontekstu medija, radikalno i banalno receptivan na\u010din. Mogli bismo ipak zaklju\u010diti da ono \u0161to se Merleau-Ponty pita jest, ako postoji samo jedan entitet, postoji li uop\u0107e bitak. Bitak je, dakle, uvijek dvosmislen (<em>ambigu\u00eft\u00e9).<\/em><\/p>\n<p class=\"MsoNormal\" style=\"line-height: 170%;\">Jednostavno re\u010deno, Merleau-Ponty pokazuje kako tijelo i du\u0161a jesu jedno. Tijelo je permanentno prisutna stvarnost, stoga nije puki objekt naspram du\u0161e kako to tuma\u010di kartezijanski stav. Moje tijelo je moj susret sa svijetom i anga\u017eman u njemu. Tijelo i svijet postoje kao ve\u0107 konstituirani, ali tek u srazu tijela i svijeta kao anga\u017emana tijela u tom svijetu zapo\u010dinje projekt tijela-subjekta. Projekt subjektiviranja tijela mogu\u0107e je ostvariti jedino percepcijom samog svijeta koja je za Merleau-Pontya pred-prisutna stvarnost, ali ona koja je takva jedino u spoju s perspektivom te tako i s tijelom<a name=\"_ftnref156\"><\/a><a href=\"#_ftn156\"><sup>[<span style=\"font-family: 'times new roman', times;\"><strong>156<\/strong><\/span>]<\/sup><\/a>.<\/p>\n<p class=\"MsoNormal\" style=\"line-height: 170%;\">\u0160to se dade zaklju\u010diti u vrlo kratkom uvodu u Merleau-Pontyjevu filozofiju? Budu\u0107i da tijelo i svijet jesu modaliteti jednog dvosmislenog bitka, to dvoje je istodobno fundament perspektive koja ako izostaje, uklanja i percepciju svijeta i tijelo. Prostor je ve\u0107 uvijek tu i jedino se u njemu odvijaju percepcija i perspektiva; jedino se u prostoru odvija shva\u0107anje svijeta i shva\u0107anje na odre\u0111en i za onog koji percipira, odre\u0111uju\u0107i na\u010din. Perceptivno iskustvo je za Merleau-Pontya iskonski susret s bitkom, a bitak je sinonim za biti situiran<a name=\"_ftnref157\"><\/a><a href=\"#_ftn157\"><sup>[<span style=\"font-family: 'times new roman', times;\"><strong>157<\/strong><\/span>]<\/sup><\/a>. Ili, re\u010deno u kontekstu filozofije medija, &bdquo;svaki je medij u svojoj povijesno-epohalnoj odre\u0111enosti tjelesnom strukturom djelovanja istodobno spoznajni aparat i tjelesno situiranje u prostor-vremenu dru\u0161tvenih odnosa i kulturnog poretka zna\u010denja&ldquo;<a name=\"_ftnref158\"><\/a><a href=\"#_ftn158\"><sup>[<span style=\"font-family: 'times new roman', times;\"><strong>158<\/strong><\/span>]<\/sup><\/a>.<\/p>\n<p class=\"MsoNormal\" style=\"line-height: 170%;\">Biti u svijetu pa tako i u svijetu medija nikako ne mo\u017ee biti bez anga\u017emana samo tijela ili samo svijesti. Prema Merleau-Pontyju tijelo, svijest i svijet jesu jedno, ali jedno na perspektivisti\u010dki na\u010din. Taj na\u010din nije ni\u0161ta drugo negoli vlastito oblikovanje u svijetu koji nam je dan jedino kao percepcija, ne kao recepcija. Ovo prvo (percepcija) bilo bi u filozofiji Merleau-Pontyja fenomenalno tijelo, a ovo drugo (recepcija) puko objektivno tijelo, tijelo koje u korporativno-tehni\u010dko medijaliziranom svijetu jest uvijek samo objekt. Dakle, u vremenu masovnih medija kao sinonima korporativnog kapitalizma tijelo se \u017eeli svesti na ono objektivno, puko biolo\u0161ko vo\u0111eno \u010distim hedonisti\u010dkim nagonom ili okovano jarmom pukog pre\u017eivljavanja u ambijentu neprestane proizvodnje. U tom smjeru i ide Husserlova kritika znanosti u djelu <em>Kriza europskih znanosti i transcendentalna fenomenologija <\/em>koju je Merleau-Ponty pozorno i\u0161\u010ditavao. Objektivno tijelo va\u017eno je isklju\u010divo za znanost, a fenomenalno za nas same, iako su nam na kraju potrebna oba aspekta tijela ali i subjekta koji se njime bavi. Stoga se suvremene znanosti i bave isklju\u010divo onim refleksivnim i uvjetuju\u0107im aspektom \u010dovjeka, naravno, zbog aplikacije u\u010dinkovitih praksi korporativnih proizvoda na same konzumente. <\/p>\n<p class=\"MsoNormal\" style=\"line-height: 170%;\">Novomedijski pad tijelo podsti\u010de na dvojaku reakciju \u2013 ono je tla\u010deno sobom i drugim. Tijelo je podvrgnuto jarmu sebstva s ciljem ponovne samoafirmacije, ali i drugima s ciljem instrumentalizacije. Pad tijela je dakle pad slike tijela koja nije produktom tehnike samopostavljanja u interferenciju spram Drugog i drugog, ve\u0107 slike tijela\/sebstva kako ju postavlja pragmatika kapitala ilustrirana slikom Kazimira Maljevi\u010da <em>Crni kvadrat na bijeloj podlozi<\/em><a name=\"_ftnref159\"><\/a><a href=\"#_ftn159\"><sup>[<span style=\"font-family: 'times new roman', times;\"><strong>159<\/strong><\/span>]<\/sup><\/a><em>. <\/em>Medijalnost kao jedini medij dana\u0161njice i koji predstavlja perpetuiranje tijela\/tehnike kao nosioca isklju\u010divo komercijalnog zna\u010denja, nu\u017eno mora rezultirati u padu tijela kao ponovne uspostave izvornosti \u017eivota, naime, izvornosti povijesnosti tijela. Tijelo koje postaje virtualitet nije vi\u0161e tijelo povijesnog i kao takvo djelatnog bi\u0107a. Ono se ne mo\u017ee odrediti kad jednom biva transponirano u virtualno i imaginarno, odnosno, kad i samo postane samoperpetuiraju\u0107a fantazma, odnosno fantazma prepetuiranja.<strong> <\/strong><\/p>\n<p class=\"MsoNormal\" style=\"line-height: 170%;\">U tjelesnom anga\u017emanu nazire se potreba \u010dovjeka da familijarizira svijet, odnosno u\u010dini ga ambijentom primordijalnog shva\u0107anja prostornosti<a name=\"_ftnref160\"><\/a><a href=\"#_ftn160\"><sup>[<span style=\"font-family: 'times new roman', times;\"><strong>160<\/strong><\/span>]<\/sup><\/a>. Merleau-Pontyjev primordijalni prostor apliciran na objektivni okoli\u0161 mo\u017ee se povezati s plemenizmom; to je rije\u010d koju u <em>Razumijevanju medija<\/em> McLuhan spominje na nekoliko mjesta. Ta poveznica se ogleda u &bdquo;naviknutosti&ldquo; na prostor kao dokaz da moje tijelo nastanjuje prostor na egzistencijalan na\u010din. Prostor nije isklju\u010divo fizi\u010dka datost ili geometrijski prostor. Medij je simbol tjelesnog koje \u017eeli biti planetarno, tijelo koje \u017eeli nadi\u0107i sku\u010deno plemensko i lokalno da bi u jednoj vi\u0161oj instanci bilo globalno egzistencijalno tijelo. Informacijsko postaje egzistencijsko i egzistencijalno. Putem tijela su za Merleau-Pontyja mogu\u0107e mnogostruke dimenzije svijeta percepcije. Tijelo je izvor simbola putem seksualnosti koja je otvorenost bitka tijela.<\/p>\n<p class=\"MsoNormal\" style=\"line-height: 170%;\">Otvorenost bitka tijela nu\u017eno se mora promatrati kroz medije kao produ\u017eetke, odnosno kao fantomske udove putem kojih smo trenutno u stanju osaka\u0107enosti. Mediji \u010dine da se &bdquo;zaborav&ldquo; tijela ne odvije nu\u017eno kao gotovo i dovr\u0161eno zbivanje. &bdquo;Amnezija&ldquo; jest reverzibilni proces ponovne uspostave tijela kao sto\u017eera svijeta. Me\u0111utim, ne\u0161to je uvijek izgubljeno, stoga je reaktualizacija tijela uvijek i rekonfiguracija. Ili je fantomski ud u pitanju ili je bioni\u010dka ruka, ili premosnica ili sinteti\u010dki neuron. Vra\u0107anje je uvijek tjelesno, putem tijela ili k njemu, i uvijek uz \u017ertvu (tijelo pamti). Zaklju\u010dak ove palingeneze je kako tijelo ili mo\u017eemo izgubiti i time izgubiti jedan cijeli svijet, ili putem povratnog procesa svijet aktualizirati u tijelu kao iskustvu op\u0107eg u pojedina\u010dnom. Stoga mediji nisu ni\u0161ta drugo, nego \u2013 <strong><em>fantomi tijela.<\/em><\/strong><\/p>\n<p class=\"MsoNormal\" style=\"line-height: 170%;\">Me\u0111utim, fantom nije ne\u0161to negativno. Postoji svojevrsna <em>tehnika <\/em>znaka koja omogu\u0107uje da \u010dovjek putem svoje fantomske obrazine postane ono \u0161to jest. Osim fantomske konkretnosti, kao \u0161to je, npr., tetova\u017ea na ljudskom tijelu<a name=\"_ftnref161\"><\/a><a href=\"#_ftn161\"><sup>[<span style=\"font-family: 'times new roman', times;\"><strong>161<\/strong><\/span>]<\/sup><\/a>, imamo i fantomsku diskretnost u podru\u010dju virtualnog<a name=\"_ftnref162\"><\/a><a href=\"#_ftn162\"><sup>[<span style=\"font-family: 'times new roman', times;\"><strong>162<\/strong><\/span>]<\/sup><\/a>. Emotikon, kako tvrde Argyle i Shields<a name=\"_ftnref163\"><\/a><a href=\"#_ftn163\"><sup>[<span style=\"font-family: 'times new roman', times;\"><strong>163<\/strong><\/span>]<\/sup><\/a> pozivaju\u0107i se na Lucea Irigaraya, odra\u017eava prisutnost tijela, a konkretno tijelo, tijelo nekog osobno, prona\u0161lo je znak putem kojeg se mo\u017ee ekspresionirati<strong>. <\/strong>U jednoj mikro-dijalektici izme\u0111u konkretnog tijela i znaka (emotikona), tijelo se na paradoksalan na\u010din reafirmira u virtualnom da bi putem tehnike kao &bdquo;priru\u010dnosti&ldquo; bitka samoga u njegovom samo-perpetuiranju doseglo temeljnu to\u010dku bivanja uop\u0107e.<\/p>\n<p class=\"MsoNormal\" style=\"line-height: 170%;\">Reafirmacija tijela, ne kao puko biolo\u0161kog entiteta, ve\u0107 kao vje\u010dno prisutne mogu\u0107nosti \u017eivotinjske, \u010dovje\u010dje i prirodne neprestane otvorenosti, ono je \u0161to u jednom moralnom smislu treba ostati netaknutim. Stoga ekolo\u0161ka etika, primarno kao etika tijela, danas i jest bitna disciplina etike. To vi\u0161e nije ekolo\u0161ka etika kao etika okoli\u0161a ili etika \u017eivotne sredine, ve\u0107 je to etika mogu\u0107nosti \u017eivota, njegove permutacije, pluri-formativnosti, polisemije.<\/p>\n<p class=\"MsoNormal\" style=\"line-height: 170%;\">To\u010dka singularnosti koja nu\u017eno ide uz pojam reafirmacije tijela, jest prisutnost Mno\u0161tva (kulminacijske to\u010dke metamorfoze bitka) na kojoj to\u010dki individuacijska modalnost tijela postaje supstancijalna osnova svake individualizacije \u010dovjeka i su-svijeta. Upravo uz ovu to\u010dku pristaje Deleuzeov pojam <em>imanencije<\/em> kao \u017eivota<a name=\"_ftnref164\"><\/a><a href=\"#_ftn164\"><sup>[<span style=\"font-family: 'times new roman', times;\"><strong>164<\/strong><\/span>]<\/sup><\/a> koji ozna\u010dava kontingentnost bitka, odnosno mogu\u0107nost tijela kao percepcije da ponovno pokrene percepcijske prakse uspostave novog bitka svijeta. Kulminacijska to\u010dka metamorfoze predstavlja a-morfnost bitka, te na taj na\u010din petrificiranost postojanja koja tim vi\u0161e svoje postojanje izvrgava ja\u010dim silama inercije puknu\u0107a. <\/p>\n<p class=\"MsoNormal\" style=\"line-height: 170%;\">Da zaklju\u010dimo, dvozna\u010dnost ili ambigvitet nije isklju\u010divo percepcijske naravi, ona je i tjelesne naravi, odnosno, ona je tjelesna perceptivnost. Ukoliko tijelo uzmemo kao medij, a dvozna\u010dnost kao temeljnu odrednicu medija, tada medij prethodi izvorniku<a name=\"_ftnref165\"><\/a><a href=\"#_ftn165\"><sup>[<span style=\"font-family: 'times new roman', times;\"><strong>165<\/strong><\/span>]<\/sup><\/a>. Tijelo jest svijet, a nije svijet tijelo, odnosno, dolazimo do Deleuzeovog koncepta postojanje\/bivanje kada tijelo jest procesualnost koja \u010dini temelje bitka, a ne bitak koji le\u017ei u osnovi procesualnosti tijela.<\/p>\n<p class=\"MsoNormal\" style=\"line-height: 170%;\"><strong>&nbsp;<\/strong><\/p>\n<p class=\"MsoNormal\" style=\"line-height: 170%;\"><strong>Zaklju\u010dak<\/strong><\/p>\n<p class=\"MsoNormal\" style=\"line-height: 170%;\">Svijet nije ni\u0161ta drugo nego tehnogenetska budu\u0107nost, budu\u0107nost koja je kozmi\u010dki moment &bdquo;tehni\u010dke&ldquo; nagonskosti tijela \u010dovjeka kao medija konstrukcije. Svijet jest ono \u0161to jest, a slijede\u0107i Heideggera, Ni\u0161ta jest vje\u010dna preokupacija metafizike. Stoga tijelo kao medij svijeta nije ni\u0161ta drugo nego medij ne\u010deg postaju\u0107eg, ne\u010deg \u0161to ima biti, odre\u0111ena stvarnost koja to tek ima postati. Vuk-Pavlovi\u0107eva biologi\u010dka nu\u017enost odre\u0111ena kroz njegov pojam odgoja, odra\u017eava potrebu za razvojem otvorenosti spram vrijednosti. Me\u0111utim vrijednosti nisu neke odre\u0111enosti, ve\u0107 ono \u0161to se putem odgoja mora neprestano otvarati spram svijeta pa tako i otvarati vrijednosti kao postojanosti. Potrebna je nova &bdquo;vjera u svijet&ldquo; kako je to formulirao Deleuze<strong> <\/strong>u jednom intervjuu<a name=\"_ftnref166\"><\/a><a href=\"#_ftn166\"><sup>[<span style=\"font-family: 'times new roman', times;\"><strong>166<\/strong><\/span>]<\/sup><\/a>.<strong><\/strong><\/p>\n<p class=\"MsoNormal\" style=\"line-height: 170%;\">Tijelo je prvo, zatim je tehnika, potom jezik te naposljetku govor. Tijelo je sjeci\u0161te trijade tehnika &#8211; jezik &#8211; govor iz kojega izvire smisao svijeta ili svjetova. McLuhan jasno pokazuje metamorfozu tehnike u njenom priru\u010dnom potencijalu za \u010dovjeka, me\u0111utim, izostaje onaj bitni moment metamorfoze samog bitka. Tehni\u010dko je kod McLuhana i dalje odvojena stvarnost od tijela, kao utjelovljene percepcije i ne\u010dega \u0161to tek treba razviti strukture po-sebnosti. Iako se takav scenarij nazire u onome \u0161to smo opisali u to\u010dki tri, kao tre\u0107oj tvrdnji, McLuhan nije doku\u010dio razinu potpunog rastemeljenja subjekta koji je referentan do po\u010detka post-novovjekovlja. Premda McLuhana mo\u017eemo bez puno oklijevanja uzeti kao filozofa medija, kao filozofa <em>iconic turn<\/em>-a, \u010dini se da je on ipak filozof medija kao posredovanja, a ne medija ili tehnike kao nove ontologije ili nove metafizike. Medij se jo\u0161 uvijek u McLuhanovim razmatranjima ili razumijevanjima uzima kao objekt naspram tuma\u010denja koje je subjektivno, te se njegovu poziciju razumije kao <em>antropologiju medija<\/em><a name=\"_ftnref167\"><\/a><a href=\"#_ftn167\"><sup>[<span style=\"font-family: 'times new roman', times;\"><strong>167<\/strong><\/span>]<\/sup><\/a> u kojoj nema mjesta transmedijalnosti medija kao onog \u010dime mediji danas uop\u0107e i jesu u centru filozofske pozornosti.<\/p>\n<p class=\"MsoNormal\" style=\"line-height: 170%;\">Za\u010detke upravo takvog jednog rastemljenja nalazimo u misli Merleau-Pontya koji konceptom tijela-subjekta, odnosno tijela kao proto-individualne uronjenosti u unaprijed postoje\u0107u perceptivnost, koncepte novovjekovne konstitucije subjekta izvrgava vjetrometini samoprojektiraju\u0107e snage inkarnirane perceptivnosti. Tu \u0107e zapo\u010detu misiju rastemljenja Deleuze dovesti do jo\u0161 zna\u010dajnijeg nivoa, ali ostaje za vidjeti koju zna\u010dajnu ulogu u takvom razvoju doga\u0111aja za njega igra tijelo, budu\u0107i da je tijelo za Merleau-Pontya jedina mogu\u0107nost ostvarivanja svijeta, dok je kod Deleuzea ono mo\u017eda tek manjim dijelom bitan aspekt postojanja previ\u0161e prepu\u0161ten diktatu \u017eelje, a time i ne\u010deg puko nagonskog. U svakom slu\u010daju, Mereleau-Potyjevo tuma\u010denja tijela kao ambigviteta ostavlja nas sve\u0111 u mogu\u0107nosti tuma\u010diti otvorenost <strong><em>Ja &#8211; <\/em><\/strong>projekta spram perspektive. Tijelo kao imanentna prisutnost u materijalnom smislu i tijelo kao imanentna transcendentnost sa\u017eeto je u tijelu kao percepciji. U takvoj konstelaciji tijelo je ujedno i tehnika i medij. Tehnika predstavlja potencijalnost\/aktualnost onoga \u0161to mo\u017ee biti\/jest, a medij ono procesualno realizacije. Medij i tehnika neprestana su otvorenost jednog spram drugog. U toj otvorenosti tijelo ne mo\u017ee bez \u017ertve, tijelo je \u017ertveni jarac, a tehnika (glas, rije\u010d, tisak, mediji\u2026) otpor, kontrapunkt pukom karnalnom koje, iako iznova pokazuje pad tijela, istom uvijek daje ponovnu razinu dostojanstva.<\/p>\n<p class=\"MsoNormal\" style=\"line-height: 150%;\">&nbsp;<\/p>\n<hr align=\"left\" size=\"1\" width=\"33%\" \/>\n<div id=\"ftn121\">\n<p class=\"MsoNormal\" style=\"line-height: 150%;\"><span style=\"font-size: 8.0pt;\"><a name=\"_ftn121\"><\/a><a href=\"#_ftnref121\"><sup>[<span style=\"font-family: 'times new roman', \ntimes;\"><strong>121<\/strong><\/span>]<\/sup><\/a>&nbsp;<br \/>\nPavao Vuk-Pavlovi\u0107<em>, Filozofija odgoja<\/em>, Hrvatska sveu\u010dili\u0161na naklada, Zagreb 1996. <br \/>\n Pavao Vuk-Pavlovi\u0107, <em>Li\u010dnost i odgoj, <\/em>Bogoslovska smotra, vol. 22 (2\/1932).<br \/>\n<\/span><\/p>\n<\/div>\n<div id=\"ftn122\">\n<p class=\"MsoNormal\" style=\"line-height: 150%;\"><span style=\"font-size: 8.0pt;\"><a name=\"_ftn122\"><\/a><a href=\"#_ftnref122\"><sup>[<span style=\"font-family: 'times new roman', \ntimes;\"><strong>122<\/strong><\/span>]<\/sup><\/a>&nbsp;<br \/>\nMarshall McLuhan, <em>Gutenbergova galaksija<\/em>, Nolit: Beograd 1973., str. 312.<br \/>\n<\/span><\/p>\n<\/div>\n<div id=\"ftn123\">\n<p class=\"MsoNormal\" style=\"line-height: 150%;\"><span style=\"font-size: 8.0pt;\"><a name=\"_ftn123\"><\/a><a href=\"#_ftnref123\"><sup>[<span style=\"font-family: 'times new roman', \ntimes;\"><strong>123<\/strong><\/span>]<\/sup><\/a>&nbsp;<br \/>\nGilles Deleuze i Felix Guattari, <em>\u0160to je filozofija<\/em>, Sandor, Zagreb 2017.<\/p>\n<p><\/span><\/p>\n<\/div>\n<div id=\"ftn124\">\n<p class=\"MsoNormal\" style=\"line-height: 150%;\"><span style=\"font-size: 8.0pt;\"><a name=\"_ftn124\"><\/a><a href=\"#_ftnref124\"><sup>[<span style=\"font-family: 'times new roman', \ntimes;\"><strong>124<\/strong><\/span>]<\/sup><\/a>&nbsp;<br \/>\nMarshall McLuhan, <em>Razumijevanje medija<\/em>, Golden marketing. Zagreb 2008., str. 13.<br \/>\n<\/span><\/p>\n<\/div>\n<div id=\"ftn125\">\n<p class=\"MsoNormal\" style=\"line-height: 150%;\"><span style=\"font-size: 8.0pt;\"><a name=\"_ftn125\"><\/a><a href=\"#_ftnref125\"><sup>[<span style=\"font-family: 'times new roman', \ntimes;\"><strong>125<\/strong><\/span>]<\/sup><\/a>&nbsp;<br \/>\nM. McLuhan, <em>Razumijevanje medija<\/em>, str. 37.<\/p>\n<p><\/span><\/p>\n<\/div>\n<div id=\"ftn126\">\n<p class=\"MsoNormal\" style=\"line-height: 150%;\"><span style=\"font-size: 8.0pt;\"><a name=\"_ftn126\"><\/a><a href=\"#_ftnref126\"><sup>[<span style=\"font-family: 'times new roman', \ntimes;\"><strong>126<\/strong><\/span>]<\/sup><\/a>&nbsp;<br \/>\nM. McLuhan, <em>Gutenbergova galaksija<\/em>, str. 312.<\/p>\n<p><\/span><\/p>\n<\/div>\n<div id=\"ftn127\">\n<p class=\"MsoNormal\" style=\"line-height: 150%;\"><span style=\"font-size: 8.0pt;\"><a name=\"_ftn127\"><\/a><a href=\"#_ftnref127\"><sup>[<span style=\"font-family: 'times new roman', \ntimes;\"><strong>127<\/strong><\/span>]<\/sup><\/a>&nbsp;<br \/>\nMarshall McLuhan, <em>Razumijevanje medija<\/em>, str. 13.<br \/>\n<\/span><\/p>\n<\/div>\n<div id=\"ftn128\">\n<p class=\"MsoNormal\" style=\"line-height: 150%;\"><span style=\"font-size: 8.0pt;\"><a name=\"_ftn128\"><\/a><a href=\"#_ftnref128\"><sup>[<span style=\"font-family: 'times new roman', \ntimes;\"><strong>128<\/strong><\/span>]<\/sup><\/a>&nbsp;<br \/>\n\u017darko Pai\u0107 u Dra\u017een Katunari\u0107, (ur.), <em>Carstvo medija<\/em>, Litteris, Zagreb 2012., str.63.<\/p>\n<p><\/span><\/p>\n<\/div>\n<div id=\"ftn129\">\n<p class=\"MsoNormal\" style=\"line-height: 150%;\"><span style=\"font-size: 8.0pt;\"><a name=\"_ftn129\"><\/a><a href=\"#_ftnref129\"><sup>[<span style=\"font-family: 'times new roman', \ntimes;\"><strong>129<\/strong><\/span>]<\/sup><\/a>&nbsp;<br \/>\nM. McLuhan, <em>Razumijevanje medija<\/em>, str. 17.<br \/>\n<\/span><\/p>\n<\/div>\n<div id=\"ftn130\">\n<p class=\"MsoNormal\" style=\"line-height: 150%;\"><span style=\"font-size: 8.0pt;\"><a name=\"_ftn130\"><\/a><a href=\"#_ftnref130\"><sup>[<span style=\"font-family: 'times new roman', \ntimes;\"><strong>130<\/strong><\/span>]<\/sup><\/a>&nbsp;<br \/>\n\u017d. Pai\u0107 u D. Katunari\u0107, (ur.), <em>Carstvo medija, s<\/em>tr. 73.<\/p>\n<p><\/span><\/p>\n<\/div>\n<div id=\"ftn131\">\n<p class=\"MsoNormal\" style=\"line-height: 150%;\"><span style=\"font-size: 8.0pt;\"><a name=\"_ftn131\"><\/a><a href=\"#_ftnref131\"><sup>[<span style=\"font-family: 'times new roman', \ntimes;\"><strong>131<\/strong><\/span>]<\/sup><\/a>&nbsp;<br \/>\nM. McLuhan, <em>Razumijevanje medija<\/em>, str. 20.<\/p>\n<p><\/span><\/p>\n<\/div>\n<div id=\"ftn132\">\n<p class=\"MsoNormal\" style=\"line-height: 150%;\"><span style=\"font-size: 8.0pt;\"><a name=\"_ftn132\"><\/a><a href=\"#_ftnref132\"><sup>[<span style=\"font-family: 'times new roman', \ntimes;\"><strong>132<\/strong><\/span>]<\/sup><\/a>&nbsp;<br \/>\nM. McLuhan, Ibid., str. 37.<\/p>\n<p><\/span><\/p>\n<\/div>\n<div id=\"ftn133\">\n<p class=\"MsoNormal\" style=\"line-height: 150%;\"><span style=\"font-size: 8.0pt;\"><a name=\"_ftn133\"><\/a><a href=\"#_ftnref133\"><sup>[<span style=\"font-family: 'times new roman', \ntimes;\"><strong>133<\/strong><\/span>]<\/sup><\/a>&nbsp;<br \/>\nJ\u00fcrgen Habermas, <em>Tuma\u010denja uz pojam komunikacijskog djelovanja,<\/em> u: Vjeran Katunari\u0107 (ur.), <em>Teorija dru\u0161tva u Frankfurtskoj \u0161koli<\/em>, Naprijed, Zagreb 1990., str. 593-619.<br \/>\n<\/span><\/p>\n<\/div>\n<div id=\"ftn134\">\n<p class=\"MsoNormal\" style=\"line-height: 150%;\"><span style=\"font-size: 8.0pt;\"><a name=\"_ftn134\"><\/a><a href=\"#_ftnref134\"><sup>[<span style=\"font-family: 'times new roman', \ntimes;\"><strong>134<\/strong><\/span>]<\/sup><\/a>&nbsp;<br \/>\nM. McLuhan, Ibid., str. 17.<\/p>\n<p><\/span><\/p>\n<\/div>\n<div id=\"ftn135\">\n<p class=\"MsoNormal\" style=\"line-height: 150%;\"><span style=\"font-size: 8.0pt;\"><a name=\"_ftn135\"><\/a><a href=\"#_ftnref135\"><sup>[<span style=\"font-family: 'times new roman', \ntimes;\"><strong>135<\/strong><\/span>]<\/sup><\/a>&nbsp;<br \/>\nGunther Anders<em>, Svijet kao fantom i matrica. Filozofska razmi\u0161ljanja o radiju i televiziji<\/em>, Europski glasnik, 10 (10\/2005), str. 215. <\/p>\n<p><\/span><\/p>\n<\/div>\n<div id=\"ftn136\">\n<p class=\"MsoNormal\" style=\"line-height: 150%;\"><span style=\"font-size: 8.0pt;\"><a name=\"_ftn136\"><\/a><a href=\"#_ftnref136\"><sup>[<span style=\"font-family: 'times new roman', \ntimes;\"><strong>136<\/strong><\/span>]<\/sup><\/a>&nbsp;<br \/>\nM. McLuhan, Ibid., str. 40.<br \/>\n<\/span><\/p>\n<\/div>\n<div id=\"ftn137\">\n<p class=\"MsoNormal\" style=\"line-height: 150%;\"><span style=\"font-size: 8.0pt;\"><a name=\"_ftn137\"><\/a><a href=\"#_ftnref137\"><sup>[<span style=\"font-family: 'times new roman', \ntimes;\"><strong>137<\/strong><\/span>]<\/sup><\/a>&nbsp;<br \/>\nPaul Virilio, <em>Brzina osloba\u0111anja<\/em>, Biblioteka Psefizma,. Karlovac 1999., str. 22.<\/p>\n<p><\/span><\/p>\n<\/div>\n<div id=\"ftn138\">\n<p class=\"MsoNormal\" style=\"line-height: 150%;\"><span style=\"font-size: 8.0pt;\"><a name=\"_ftn138\"><\/a><a href=\"#_ftnref138\"><sup>[<span style=\"font-family: 'times new roman', \ntimes;\"><strong>138<\/strong><\/span>]<\/sup><\/a>&nbsp;<br \/>\n\u017darko Pai\u0107, <em>Tehnosfera II,<\/em> Mizantrop, Zagreb 2018., str. 285.<\/p>\n<p><\/span><\/p>\n<\/div>\n<div id=\"ftn139\">\n<p class=\"MsoNormal\" style=\"line-height: 150%;\"><span style=\"font-size: 8.0pt;\"><a name=\"_ftn139\"><\/a><a href=\"#_ftnref139\"><sup>[<span style=\"font-family: 'times new roman', \ntimes;\"><strong>139<\/strong><\/span>]<\/sup><\/a>&nbsp;<br \/>\nErich Fromm, <em>Revolucija nade<\/em>, Grafos, Beograd 1978., str. 16.<\/p>\n<p><\/span><\/p>\n<\/div>\n<div id=\"ftn140\">\n<p class=\"MsoNormal\" style=\"line-height: 150%;\"><span style=\"font-size: 8.0pt;\"><a name=\"_ftn140\"><\/a><a href=\"#_ftnref140\"><sup>[<span style=\"font-family: 'times new roman', \ntimes;\"><strong>140<\/strong><\/span>]<\/sup><\/a>&nbsp;<br \/>\nGilbert Simondon u Pai\u0107, <em>Tehnosfera II<\/em>, str. 277-286.<\/p>\n<p><\/span><\/p>\n<\/div>\n<div id=\"ftn141\">\n<p class=\"MsoNormal\" style=\"line-height: 150%;\"><span style=\"font-size: 8.0pt;\"><a name=\"_ftn141\"><\/a><a href=\"#_ftnref141\"><sup>[<span style=\"font-family: 'times new roman', \ntimes;\"><strong>141<\/strong><\/span>]<\/sup><\/a>&nbsp;<br \/>\nM. McLuhan, Ibid., str. 46.<br \/>\n<\/span><\/p>\n<\/div>\n<div id=\"ftn142\">\n<p class=\"MsoNormal\" style=\"line-height: 150%;\"><span style=\"font-size: 8.0pt;\"><a name=\"_ftn142\"><\/a><a href=\"#_ftnref142\"><sup>[<span style=\"font-family: 'times new roman', \ntimes;\"><strong>142<\/strong><\/span>]<\/sup><\/a>&nbsp;<br \/>\nM. McLuhan, Ibid., str. 53.<\/p>\n<p><\/span><\/p>\n<\/div>\n<div id=\"ftn143\">\n<p class=\"MsoNormal\" style=\"line-height: 150%;\"><span style=\"font-size: 8.0pt;\"><a name=\"_ftn143\"><\/a><a href=\"#_ftnref143\"><sup>[<span style=\"font-family: 'times new roman', \ntimes;\"><strong>143<\/strong><\/span>]<\/sup><\/a>&nbsp;<br \/>\nM. McLuhan, Ibid., str. 53.<\/p>\n<p><\/span><\/p>\n<\/div>\n<div id=\"ftn144\">\n<p class=\"MsoNormal\" style=\"line-height: 150%;\"><span style=\"font-size: 8.0pt;\"><a name=\"_ftn144\"><\/a><a href=\"#_ftnref144\"><sup>[<span style=\"font-family: 'times new roman', \ntimes;\"><strong>144<\/strong><\/span>]<\/sup><\/a>&nbsp;<br \/>\nM. McLuhan, Ibid., str. 181-192.<\/p>\n<p><\/span><\/p>\n<\/div>\n<div id=\"ftn145\">\n<p class=\"MsoNormal\" style=\"line-height: 150%;\"><span style=\"font-size: 8.0pt;\"><a name=\"_ftn145\"><\/a><a href=\"#_ftnref145\"><sup>[<span style=\"font-family: 'times new roman', \ntimes;\"><strong>145<\/strong><\/span>]<\/sup><\/a>&nbsp;<br \/>\nM. McLuhan, Ibid., str. 206.<\/p>\n<p><\/span><\/p>\n<\/div>\n<div id=\"ftn146\">\n<p class=\"MsoNormal\" style=\"line-height: 150%;\"><span style=\"font-size: 8.0pt;\"><a name=\"_ftn146\"><\/a><a href=\"#_ftnref146\"><sup>[<span style=\"font-family: 'times new roman', \ntimes;\"><strong>146<\/strong><\/span>]<\/sup><\/a>&nbsp;<br \/>\nM. McLuhan, <em>Gutenbergova galaksija<\/em>, str<em>.<\/em> 313.<\/p>\n<p><\/span><\/p>\n<\/div>\n<div id=\"ftn147\">\n<p class=\"MsoNormal\" style=\"line-height: 150%;\"><span style=\"font-size: 8.0pt;\"><a name=\"_ftn147\"><\/a><a href=\"#_ftnref147\"><sup>[<span style=\"font-family: 'times new roman', \ntimes;\"><strong>147<\/strong><\/span>]<\/sup><\/a>&nbsp;<br \/>\nM. McLuhan, Ibid., str. 313.<\/p>\n<p><\/span><\/p>\n<\/div>\n<div id=\"ftn148\">\n<p class=\"MsoNormal\" style=\"line-height: 150%;\"><span style=\"font-size: 8.0pt;\"><a name=\"_ftn148\"><\/a><a href=\"#_ftnref148\"><sup>[<span style=\"font-family: 'times new roman', \ntimes;\"><strong>148<\/strong><\/span>]<\/sup><\/a>&nbsp;<br \/>\nFrank Kermode, <em>Izme\u0111u dve galaksije<\/em>, u: Slobodan \u0110or\u0111evi\u0107 (ur.), <em>Makluanova galaksija,<\/em> Biblioteka XX vek, Prosveta, Beograd 1982., str. 131-139. <\/p>\n<p><\/span><\/p>\n<\/div>\n<div id=\"ftn149\">\n<p class=\"MsoNormal\" style=\"line-height: 150%;\"><span style=\"font-size: 8.0pt;\"><a name=\"_ftn149\"><\/a><a href=\"#_ftnref149\"><sup>[<span style=\"font-family: 'times new roman', \ntimes;\"><strong>149<\/strong><\/span>]<\/sup><\/a>&nbsp;<br \/>\nPaul Virilio, <em>Brzina osloba\u0111anja<\/em>, str. 38-39.<br \/>\n<\/span><\/p>\n<\/div>\n<div id=\"ftn150\">\n<p class=\"MsoNormal\" style=\"line-height: 150%;\"><span style=\"font-size: 8.0pt;\"><a name=\"_ftn150\"><\/a><a href=\"#_ftnref150\"><sup>[<span style=\"font-family: 'times new roman', \ntimes;\"><strong>150<\/strong><\/span>]<\/sup><\/a>&nbsp;<br \/>\nIbid.<\/p>\n<p><\/span><\/p>\n<\/div>\n<div id=\"ftn151\">\n<p class=\"MsoNormal\" style=\"line-height: 150%;\"><span style=\"font-size: 8.0pt;\"><a name=\"_ftn151\"><\/a><a href=\"#_ftnref151\"><sup>[<span style=\"font-family: 'times new roman', \ntimes;\"><strong>151<\/strong><\/span>]<\/sup><\/a>&nbsp;<br \/>\nIbid., str. 85.<\/p>\n<p><\/span><\/p>\n<\/div>\n<div id=\"ftn152\">\n<p class=\"MsoNormal\" style=\"line-height: 150%;\"><span style=\"font-size: 8.0pt;\"><a name=\"_ftn152\"><\/a><a href=\"#_ftnref152\"><sup>[<span style=\"font-family: 'times new roman', \ntimes;\"><strong>152<\/strong><\/span>]<\/sup><\/a>&nbsp;<br \/>\nBoro Gojkovi\u0107, <em>Dvosmisleni Maurice Merleau-Ponty<\/em>, Svjetlost, Sarajevo 1979., str. 52.<\/p>\n<p><\/span><\/p>\n<\/div>\n<div id=\"ftn153\">\n<p class=\"MsoNormal\" style=\"line-height: 150%;\"><span style=\"font-size: 8.0pt;\"><a name=\"_ftn153\"><\/a><a href=\"#_ftnref153\"><sup>[<span style=\"font-family: 'times new roman', \ntimes;\"><strong>153<\/strong><\/span>]<\/sup><\/a>&nbsp;<br \/>\nTijana Oki\u0107, <em>Maurice Merleau-Ponty: Problem tijela u fenomenologiji percepcije<\/em>, Sophos, ZINK, FFSA, Sarajevo, 11 (2011), str. 21.<\/p>\n<p><\/span><\/p>\n<\/div>\n<div id=\"ftn154\">\n<p class=\"MsoNormal\" style=\"line-height: 150%;\"><span style=\"font-size: 8.0pt;\"><a name=\"_ftn154\"><\/a><a href=\"#_ftnref154\"><sup>[<span style=\"font-family: 'times new roman', \ntimes;\"><strong>154<\/strong><\/span>]<\/sup><\/a>&nbsp;<br \/>\nT. Oki\u0107, <em>Maurice Merleau-Ponty: Problem tijela u fenomenologiji percepcije<\/em>, str. 24.<\/p>\n<p><\/span><\/p>\n<\/div>\n<div id=\"ftn155\">\n<p class=\"MsoNormal\" style=\"line-height: 150%;\"><span style=\"font-size: 8.0pt;\"><a name=\"_ftn155\"><\/a><a href=\"#_ftnref155\"><sup>[<span style=\"font-family: 'times new roman', \ntimes;\"><strong>155<\/strong><\/span>]<\/sup><\/a>&nbsp;<br \/>\nMaurice Merleau-Ponty, <em>Fenomenologija percepcije<\/em>, Veselin Masle\u0161a, Sarajevo 1990, str. 17.<\/p>\n<p><\/span><\/p>\n<\/div>\n<div id=\"ftn156\">\n<p class=\"MsoNormal\" style=\"line-height: 150%;\"><span style=\"font-size: 8.0pt;\"><a name=\"_ftn156\"><\/a><a href=\"#_ftnref156\"><sup>[<span style=\"font-family: 'times new roman', \ntimes;\"><strong>156<\/strong><\/span>]<\/sup><\/a>&nbsp;<br \/>\nIbid., str. 35.<\/p>\n<p><\/span><\/p>\n<\/div>\n<div id=\"ftn157\">\n<p class=\"MsoNormal\" style=\"line-height: 150%;\"><span style=\"font-size: 8.0pt;\"><a name=\"_ftn157\"><\/a><a href=\"#_ftnref157\"><sup>[<span style=\"font-family: 'times new roman', \ntimes;\"><strong>157<\/strong><\/span>]<\/sup><\/a>&nbsp;<br \/>\nM. Merleau-Ponty, <em>Fenomenologija percepcije<\/em>, str. 296.<\/p>\n<p><\/span><\/p>\n<\/div>\n<div id=\"ftn158\">\n<p class=\"MsoNormal\" style=\"line-height: 150%;\"><span style=\"font-size: 8.0pt;\"><a name=\"_ftn158\"><\/a><a href=\"#_ftnref158\"><sup>[<span style=\"font-family: 'times new roman', \ntimes;\"><strong>158<\/strong><\/span>]<\/sup><\/a>&nbsp;<br \/>\n\u017d. Pai\u0107 u D. Katunari\u0107 (ur.), <em>Carstvo medija<\/em>, str. 69.<\/p>\n<p><\/span><\/p>\n<\/div>\n<div id=\"ftn159\">\n<p class=\"MsoNormal\" style=\"line-height: 150%;\"><span style=\"font-size: 8.0pt;\"><a name=\"_ftn159\"><\/a><a href=\"#_ftnref159\"><sup>[<span style=\"font-family: 'times new roman', \ntimes;\"><strong>159<\/strong><\/span>]<\/sup><\/a>&nbsp;<br \/>\nIbid., str. 81.<\/p>\n<p><\/span><\/p>\n<\/div>\n<div id=\"ftn160\">\n<p class=\"MsoNormal\" style=\"line-height: 150%;\"><span style=\"font-size: 8.0pt;\"><a name=\"_ftn160\"><\/a><a href=\"#_ftnref160\"><sup>[<span style=\"font-family: 'times new roman', \ntimes;\"><strong>160<\/strong><\/span>]<\/sup><\/a>&nbsp;<br \/>\nB. Gojkovi\u0107, <em>Dvosmisleni Maurice Merleau-Ponty, <\/em>str. 57.<br \/>\n<\/span><\/p>\n<\/div>\n<div id=\"ftn161\">\n<p class=\"MsoNormal\" style=\"line-height: 150%;\"><span style=\"font-size: 8.0pt;\"><a name=\"_ftn161\"><\/a><a href=\"#_ftnref161\"><sup>[<span style=\"font-family: 'times new roman', \ntimes;\"><strong>161<\/strong><\/span>]<\/sup><\/a>&nbsp;<br \/>\nTetova\u017ee na tijelu danas su raznorodnog karaktera. Raznorodnost simbola tetova\u017ea i njihovog porijekla, prisutni su svi na jednom mjestu, kao na svojevrsnoj oglasnoj plo\u010di, te se tako tijelo javlja kao sinkronicitet istodobno i kao sinkrecitet. Dakle, tijelom komuniciramo mno\u0161tvo bez da koristimo fonemsko komuniciranje. Mi i dalje komuniciramo, a da se ne znamo ili da nismo prisno povezani u razgovoru.<\/p>\n<p><\/span><\/p>\n<\/div>\n<div id=\"ftn162\">\n<p class=\"MsoNormal\" style=\"line-height: 150%;\"><span style=\"font-size: 8.0pt;\"><a name=\"_ftn162\"><\/a><a href=\"#_ftnref162\"><sup>[<span style=\"font-family: 'times new roman', \ntimes;\"><strong>162<\/strong><\/span>]<\/sup><\/a>&nbsp;<br \/>\nVidi: Katie Argyle. i Rob Shields, <em>Postoji li tijelo u Mre\u017ei?, <\/em>u: <em>Kulture interneta,<\/em> (ur.) Rob Shields, Jesenski i Turk, Zagreb 2001, str. 85-102.<\/p>\n<p><\/span><\/p>\n<\/div>\n<div id=\"ftn163\">\n<p class=\"MsoNormal\" style=\"line-height: 150%;\"><span style=\"font-size: 8.0pt;\"><a name=\"_ftn163\"><\/a><a href=\"#_ftnref163\"><sup>[<span style=\"font-family: 'times new roman', \ntimes;\"><strong>163<\/strong><\/span>]<\/sup><\/a>&nbsp;<br \/>\nK. Argyle i R. Shields, <em>Postoji li tijelo u Mre\u017ei?<\/em><\/p>\n<p><\/span><\/p>\n<\/div>\n<div id=\"ftn164\">\n<p class=\"MsoNormal\" style=\"line-height: 150%;\"><span style=\"font-size: 8.0pt;\"><a name=\"_ftn164\"><\/a><a href=\"#_ftnref164\"><sup>[<span style=\"font-family: 'times new roman', \ntimes;\"><strong>164<\/strong><\/span>]<\/sup><\/a>&nbsp;<br \/>\n\u017d. Pai\u0107, <em>Tehnosfera II, <\/em>str. 362.<\/p>\n<p><\/span><\/p>\n<\/div>\n<div id=\"ftn165\">\n<p class=\"MsoNormal\" style=\"line-height: 150%;\"><span style=\"font-size: 8.0pt;\"><a name=\"_ftn165\"><\/a><a href=\"#_ftnref165\"><sup>[<span style=\"font-family: 'times new roman', \ntimes;\"><strong>165<\/strong><\/span>]<\/sup><\/a>&nbsp;<br \/>\n\u017d. Pai\u0107 u D. Katunari\u0107, (ur.) <em>Carstvo medija<\/em>, str. 60.<br \/>\n<\/span><\/p>\n<\/div>\n<div id=\"ftn166\">\n<p class=\"MsoNormal\" style=\"line-height: 150%;\"><span style=\"font-size: 8.0pt;\"><a name=\"_ftn166\"><\/a><a href=\"#_ftnref166\"><sup>[<span style=\"font-family: 'times new roman', \ntimes;\"><strong>166<\/strong><\/span>]<\/sup><\/a>&nbsp;<br \/>\n\u017d. Pai\u0107, <em>Tehnosfera II, <\/em>str<em>.<\/em> 365.<br \/>\n<\/span><\/p>\n<\/div>\n<div id=\"ftn167\">\n<p class=\"MsoNormal\" style=\"line-height: 150%;\"><span style=\"font-size: 8.0pt;\"><a name=\"_ftn167\"><\/a><a href=\"#_ftnref167\"><sup>[<span style=\"font-family: 'times new roman', \ntimes;\"><strong>167<\/strong><\/span>]<\/sup><\/a>&nbsp;<br \/>\n\u017d. Pai\u0107 u D. Katunari\u0107 (ur.), <em>Carstvo medija<\/em>, str. 51.<br \/>\n<\/span><\/p>\n<\/div>\n<p class=\"MsoNormal\" style=\"line-height: 150%;\">&nbsp;<\/p>\n<p class=\"MsoNormal\" style=\"line-height: 170%;\"><strong>Literatura:<\/strong><\/p>\n<p class=\"MsoNormal\" style=\"line-height: 170%;\">Anders, G\u00fcnther<em>, Svijet kao fantom i matrica. Filozofska razmi\u0161ljanja o radiju i televiziji<\/em>, Europski glasnik, 10 (10\/2005), str. 215.<\/p>\n<p class=\"MsoNormal\" style=\"line-height: 170%;\">Deleuze, Gilles i Guattari, Felix, <em>\u0160to je filozofija<\/em>, Sandor, Zagreb 2017.<\/p>\n<p class=\"MsoNormal\" style=\"line-height: 170%;\">Fromm, Erich, <em>Revolucija nade<\/em>, Grafos, Beograd 1978.<\/p>\n<p class=\"MsoNormal\" style=\"line-height: 170%;\">Gojkovi\u0107, Boro, <em>Dvosmisleni Maurice Merleau-Ponty<\/em>, Svjetlost, Sarajevo 1979.<\/p>\n<p class=\"MsoNormal\" style=\"line-height: 170%;\">Habermas, J\u00fcrgen, <em>Tuma\u010denja uz pojam komunikacijskog djelovanja<\/em> u: Katunari\u0107, Vjeran (ur.), <em>Teorija dru\u0161tva u Frankfurtskoj \u0161koli<\/em>, Naprijed, Zagreb 1990., str. 593-619.<\/p>\n<p class=\"MsoNormal\" style=\"line-height: 170%;\">Katunari\u0107, Dra\u017een (ur.), <em>Carstvo medija<\/em>, Litteris, Zagreb 2012.<\/p>\n<p class=\"MsoNormal\" style=\"line-height: 170%;\">Kermode, Frank, <em>Izme\u0111u dve galaksije,<\/em> u: \u0110or\u0111evi\u0107, Slobodan (ur.), <em>Makluanova galaksija,<\/em> Biblioteka XX vek, Prosveta, Beograd 1982., str. 131-139. <\/p>\n<p class=\"MsoNormal\" style=\"line-height: 170%;\">McLuhan, Marshall, <em>Gutenbergova galaksija<\/em>, Nolit, Beograd 1973.<\/p>\n<p class=\"MsoNormal\" style=\"line-height: 170%;\">McLuhan, Marshall, <em>Razumijevanje medija<\/em>, Golden marketing, Zagreb 2008.<\/p>\n<p class=\"MsoNormal\" style=\"line-height: 170%;\">Merleau-Ponty, Maurice, <em>Fenomenologija percepcije<\/em>, Veselin Masle\u0161a, Sarajevo 1990.<\/p>\n<p class=\"MsoNormal\" style=\"line-height: 170%;\">Oki\u0107, Tijana, <em>Maurice Merleau-Ponty: Problem tijela u fenomenologiji percepcije<\/em>, Sophos, ZINK, FFSA, Sarajevo, 11 (2011), str. 48.<\/p>\n<p class=\"MsoNormal\" style=\"line-height: 170%;\">Pai\u0107, \u017darko, <em>Tehnosfera II,<\/em> Mizantrop, Zagreb 2018.<\/p>\n<p class=\"MsoNormal\" style=\"line-height: 170%;\">Shilds, Rob (ur.), <em>Kulture interneta<\/em>, Jesenski i Turk, Zagreb 2001.<\/p>\n<p class=\"MsoNormal\" style=\"line-height: 170%;\">Virilio, Paul, <em>Brzina osloba\u0111anja<\/em>, Biblioteka Psefizma, Karlovac 1999.<\/p>\n<p class=\"MsoNormal\" style=\"line-height: 170%;\">Vuk-Pavlovi\u0107, Pavao, <em>Filozofija odgoja<\/em>, Hrvatska sveu\u010dili\u0161na naklada, Zagreb 1996.<\/p>\n<p class=\"MsoNormal\" style=\"line-height: 150%;\">&nbsp;<\/p>\n<p style=\"text-align: center;\" align=\"center\"><strong> <span style=\"font-size: 13.0pt; line-height: 150%;\">Body as a Media of the World<\/span><\/strong><\/p>\n<p class=\"MsoNormal\" style=\"line-height: 150%;\">&nbsp;<\/p>\n<p style=\"margin: 0cm 48.6pt 0.0001pt 54pt; line-height: 170%;\"><em><strong>Abstract<\/strong><\/em><\/p>\n<p class=\"MsoBodyText\" style=\"margin-top: 0cm; margin-right: 48.6pt; margin-bottom: .0001pt; margin-left: 54.0pt; line-height: 150%;\"><span style=\"font-size: 12.0pt; line-height: 150%; font-family: 'Times New Roman';\" lang=\"SR\">&nbsp;<\/span><\/p>\n<p class=\"MsoBodyText\" style=\"margin-top: 0cm; margin-right: 48.6pt; margin-bottom: .0001pt; margin-left: 54.0pt; line-height: 170%;\"><em>We will try to link Merleau-Ponty\u2019s interpretation of the body-subject with the idea of mediation. The body thus becomes the mediating part of the human body towards the human body, human body and the world, and also human body and the Being. Within the phenomenological field of network interaction there is a corporate intersubjective game, usually speaking, between the man and the nature, in which man is constituted by nature as nature is constituted by man, and all this through technique as something that is yet to be.<\/em><\/p>\n<p class=\"MsoBodyText\" style=\"margin-top: 0cm; margin-right: 48.6pt; margin-bottom: .0001pt; margin-left: 54.0pt; line-height: 170%;\">&nbsp;<\/p>\n<p style=\"margin: 0cm 48.6pt 0.0001pt 54pt; line-height: 170%;\"><strong><em>Key words:<\/em><\/strong> <em>media, body, technique, perception, being.<\/em><\/p>\n<p class=\"MsoNormal\" style=\"line-height: 150%;\"><span lang=\"SR\">&nbsp;<\/span><\/p>\n<p><a name=\"10inmediasres16\"><\/a><\/p>\n<p class=\"MsoNormal\" style=\"line-height: 150%;\"><span lang=\"SR\">&nbsp;<\/span><\/p>\n<hr \/>\n<table style=\"width: 755px;\" border=\"0\">\n<tbody>\n<tr>\n<td style=\"width: 215px;\" valign=\"top\"><img loading=\"lazy\" decoding=\"async\" class=\" alignleft size-full wp-image-347\" style=\"float: left;\" src=\"https:\/\/centar-fm.org\/inmediasres\/wp-content\/uploads\/sites\/2\/2020\/05\/inmediasresno1malo16.png\" alt=\"inmediasresno16\" width=\"70\" height=\"103\" \/><\/p>\n<p class=\"MsoNormal\" style=\"line-height: 170%;\">\n <strong>&nbsp;9(16)#10 2020<\/strong> <\/p>\n<\/td>\n<td style=\"width: 315px;\" valign=\"top\">\n<p style=\"line-height: 170%; text-align: center;\">\n<a rel=\"license\" href=\"http:\/\/creativecommons.org\/licenses\/by-nc\/4.0\/\"><img decoding=\"async\" alt=\"Creative Commons licenca\" style=\"border-width:0\" src=\"https:\/\/i.creativecommons.org\/l\/by-nc\/4.0\/88x31.png\" \/><\/a><br \/>\u010casopis je otvorenog pristupa, a ovo djelo je dano na kori\u0161tenje pod licencom <a rel=\"license\" href=\"http:\/\/creativecommons.org\/licenses\/by-nc\/4.0\/\"><strong>Creative Commons Imenovanje-Nekomercijalno 4.0 me\u0111unarodna.<\/strong><\/a><\/p>\n<\/td>\n<td valign=\"top\">\n<p style=\"text-align: right; line-height: 150%;\" align=\"center\"><strong><br \/>\nDOI <a href=\"https:\/\/doi.org\/10.46640\/imr.9.16.10\">10.46640\/imr.9.16.10<\/a><br \/>\nUDK 621.397.13:28-183.5<\/p>\n<p>Pregledni \u010dlanak<\/p>\n<p>Review article<\/p>\n<p>Primljeno: 23.12.2019.<\/strong><\/p>\n<\/td>\n<\/tr>\n<\/tbody>\n<\/table>\n<p class=\"MsoNormal\" style=\"line-height: 150%;\">&nbsp;<\/p>\n<p class=\"MsoNormal\" style=\"line-height: 150%;\">&nbsp;<\/p>\n<p class=\"MsoNormal\" style=\"text-align: center; line-height: 150%;\" align=\"center\"><span style=\"font-size: 15.0pt; line-height: 150%;\">Daniela Bla\u017eevska<\/span><\/p>\n<p style=\"text-align: center; line-height: 150%;\" align=\"center\">Univerzitet \u201eSv. Kiril i Metodij\u201c u Skoplju<br \/>\nPravni fakultet \u201eJustinijan Prvi\u201c u Skoplju, Sjeverna Makedonija<br \/>\ndanielablazevska@gmail.com<br \/>\nd.blazevska@pf.ukim.edu.mk<\/p>\n<p style=\"text-align: center;\" align=\"center\"><strong> <span style=\"font-size: 16.0pt; line-height: 150%;\">Televizija i ljudska du\u0161a<\/span><\/strong><\/p>\n<p style=\"text-align: center; line-height: 150%;\" align=\"center\"><a href=\"http:\/\/www.centar-fm.org\/inmediasres\/images\/pdf\/16\/D. Blazevska, Televizija i ljudska dusa.pdf\"><strong><span style=\"color: #DC0101; font-size: 8.0pt;\"><br \/>\nPuni tekst: pdf (448 KB), Hrvatski, Str. 2607 &#8211; 2616<br \/>\n<\/span><\/strong><\/a><\/p>\n<p class=\"MsoNormal\" style=\"line-height: 150%;\">&nbsp;<\/p>\n<p style=\"margin: 0cm 48.6pt 0.0001pt 54pt; line-height: 170%;\"><strong><em>Sa\u017eetak<\/em><\/strong><\/p>\n<p class=\"MsoBodyText\" style=\"margin-top: 0cm; margin-right: 48.6pt; margin-bottom: .0001pt; margin-left: 54.0pt; line-height: 150%;\"><span style=\"font-size: 12.0pt; line-height: 150%; font-family: 'Times New Roman';\" lang=\"SR\">&nbsp;<\/span><\/p>\n<p class=\"MsoBodyText\" style=\"margin-top: 0cm; margin-right: 48.6pt; margin-bottom: .0001pt; margin-left: 54.0pt; line-height: 170%;\"><em><br \/>\n\u201cKakva je korist \u010dovjeku ako sav svijet zadobije a du\u0161i svojoj naudi? Ili kakav \u0107e otkup dati \u010dovjek za du\u0161u svoju?\u201d<\/em><a name=\"_ftnref168\"><\/a><a href=\"#_ftn168\"><sup>[<span style=\"font-family: 'times new roman', times;\"><strong>168<\/strong><\/span>]<\/sup><\/a><\/p>\n<p><span style=\"mso-tab-count: 1;\">&nbsp;&nbsp;&nbsp;&nbsp;&nbsp;&nbsp;<\/span><\/p>\n<p class=\"MsoBodyText\" style=\"margin-top: 0cm; margin-right: 48.6pt; margin-bottom: .0001pt; margin-left: 54.0pt; line-height: 170%;\"><em><br \/>\nCilj ljudskog \u017eivota je spasenje du\u0161e. \u010covjek mora \u010duvati svoju du\u0161u od \u0161tetnih prizora. Cilj ovog rada je istra\u017eiti kako televizija kao masovni medij utje\u010de na ljudsku du\u0161u, pri \u010demu autorica analizira utjecaj televizije na um, \u017eelju i volju \u010dovjeka koji je izlo\u017een medijskim sadr\u017eajima. U radu se izvode zaklju\u010dci o negativnim efektima televizije na ljudsku du\u0161u te se preporu\u010da selektivna i \u0161to kra\u0107a izlo\u017eenost televizijskim programima.<\/em><\/p>\n<p class=\"MsoBodyText\" style=\"margin-top: 0cm; margin-right: 48.6pt; margin-bottom: .0001pt; margin-left: 54.0pt; line-height: 170%;\">&nbsp;<\/p>\n<p style=\"margin: 0cm 48.6pt 0.0001pt 54pt; line-height: 170%;\"><strong><em>Klju\u010dne rije\u010di:<\/em><\/strong> <em>televizija, ljudska du\u0161a, masovni medij.<\/em><\/p>\n<p class=\"MsoBodyText\" style=\"margin-top: 0cm; margin-right: 48.6pt; margin-bottom: .0001pt; margin-left: 54.0pt; line-height: 170%;\">&nbsp;<\/p>\n<p class=\"MsoNormal\" style=\"line-height: 150%;\">&nbsp;<\/p>\n<p class=\"MsoNormal\" style=\"line-height: 170%;\"><strong>1. Uvod<\/strong><\/p>\n<p class=\"MsoNormal\" style=\"line-height: 170%;\">U Svetom pismu su zapisane Isusove rije\u010di: &ldquo;Kakva je korist \u010dovjeku ako sav svijet zadobije a du\u0161i svojoj naudi? Ili kakav \u0107e otkup dati \u010dovjek za du\u0161u svoju?&rdquo;<a name=\"_ftnref169\"><\/a><a href=\"#_ftn169\"><sup>[<span style=\"font-family: 'times new roman', times;\"><strong>169<\/strong><\/span>]<\/sup><\/a><\/p>\n<p class=\"MsoNormal\" style=\"line-height: 170%;\">Cilj ljudskog \u017eivota je spasenje du\u0161e. \u010covjek mora \u010duvati svoju du\u0161u od \u0161tetnih prizora. Masovni mediji napadaju ljudsku du\u0161u sa svih strana. Televizija je audiovizuelni medij, proizvod 20. stolje\u0107a. <\/p>\n<p class=\"MsoNormal\" style=\"line-height: 170%;\">Cilj ovog rada je istra\u017eiti kako televizija kao masovni medij utje\u010de na du\u0161u \u010dovjeka koji je izlo\u017een medijskim sadr\u017eajima. Postavljaju se tri istra\u017eiva\u010dka pitanja na koja trebamo dati odgovore:<\/p>\n<p class=\"MsoNormal\" style=\"line-height: 170%;\">1. \u0160to je televizija?<\/p>\n<p class=\"MsoNormal\" style=\"line-height: 170%;\">2. \u0160to je ljudska du\u0161a?<\/p>\n<p class=\"MsoNormal\" style=\"line-height: 170%;\">3. Kakav je utjecaj televizije na ljudsku du\u0161u?<\/p>\n<p class=\"MsoNormal\" style=\"line-height: 170%;\">&nbsp;<\/p>\n<p class=\"MsoNormal\" style=\"line-height: 170%;\"><strong>2. Televizija<\/strong><\/p>\n<p class=\"MsoNormal\" style=\"line-height: 170%;\">Iz etimolo\u0161kog ugla, rije\u010d televizija zna\u010di: gledati na daljinu. Ova rije\u010d je gr\u010dko-latinskog porijekla. &ldquo;Tele&rdquo; na gr\u010dkom zna\u010di: daleko, na daljini<a name=\"_ftnref170\"><\/a><a href=\"#_ftn170\"><sup>[<span style=\"font-family: 'times new roman', times;\"><strong>170<\/strong><\/span>]<\/sup><\/a>. &ldquo;Visio&rdquo; na latinskom zna\u010di: gledanje (gledati)<a name=\"_ftnref171\"><\/a><a href=\"#_ftn171\"><sup>[<span style=\"font-family: 'times new roman', times;\"><strong>171<\/strong><\/span>]<\/sup><\/a>. Ova rije\u010d potje\u010de od glagola &ldquo;video&rdquo;<a name=\"_ftnref172\"><\/a><a href=\"#_ftn172\"><sup>[<span style=\"font-family: 'times new roman', times;\"><strong>172<\/strong><\/span>]<\/sup><\/a>, koji na latinskom zna\u010di: gledati, primje\u0107ivati<a name=\"_ftnref173\"><\/a><a href=\"#_ftn173\"><sup>[<span style=\"font-family: 'times new roman', times;\"><strong>173<\/strong><\/span>]<\/sup><\/a>.<\/p>\n<p class=\"MsoNormal\" style=\"line-height: 170%;\">U <em>Suvremenom leksikonu stranih re<\/em><em>\u010d<\/em><em>i i izraza<\/em> Ljube Mi\u0107unovi\u0107a televizija se definira kao &ldquo;predavanje i primanje pokretnih slika iz daljine pomo\u0107u elektri\u010dnih metoda za vezu, koje se zasnivaju na rastvaranju slika na veliki broj posebnih svjetlosnih elemenata, &bdquo;to\u010daka&ldquo;, odnosno signala, koji se kad dodirnu TV prijemnik pretvaraju u slike&rdquo;<a name=\"_ftnref174\"><\/a><a href=\"#_ftn174\"><sup>[<span style=\"font-family: 'times new roman', times;\"><strong>174<\/strong><\/span>]<\/sup><\/a>.<\/p>\n<p class=\"MsoNormal\" style=\"line-height: 170%;\">John Fiske<a name=\"_ftnref175\"><\/a><a href=\"#_ftn175\"><sup>[<span style=\"font-family: 'times new roman', times;\"><strong>175<\/strong><\/span>]<\/sup><\/a> televiziju definira kao &ldquo;izaziva\u010da zna\u010denja i zadovoljstva&rdquo;, kao &ldquo;kulturnog agenta&ldquo;, posebno kao &bdquo;izaziva\u010da i cirkulatora zna\u010denja&rdquo;.<\/p>\n<p class=\"MsoNormal\" style=\"line-height: 170%;\">Fiske misli da &ldquo;televizija i njeni programi ne vr\u0161e utjecaj na ljude&rdquo;<a name=\"_ftnref176\"><\/a><a href=\"#_ftn176\"><sup>[<span style=\"font-family: 'times new roman', times;\"><strong>176<\/strong><\/span>]<\/sup><\/a> te da su &ldquo;gledaoci i televizija u interakciji&rdquo;<a name=\"_ftnref177\"><\/a><a href=\"#_ftn177\"><sup>[<span style=\"font-family: 'times new roman', times;\"><strong>177<\/strong><\/span>]<\/sup><\/a>. U knjizi &ldquo;Televizijska kultura&rdquo; govori o televizijskoj &ldquo;efektivnosti&rdquo;<a name=\"_ftnref178\"><\/a><a href=\"#_ftn178\"><sup>[<span style=\"font-family: 'times new roman', times;\"><strong>178<\/strong><\/span>]<\/sup><\/a>. On smatra da: &ldquo;Televizija ne &lsquo;izaziva&rsquo; efekte koji se mogu identificirati kod pojedinaca, ali ipak djeluje tako da ideolo\u0161ki promovira i preferira odre\u0111ena zna\u010denja svijeta, da cirkulira odre\u0111ena zna\u010denja radije nego druga, i da slu\u017ei jednim dru\u0161tvenim interesima bolje nego drugima&rdquo;<a name=\"_ftnref179\"><\/a><a href=\"#_ftn179\"><sup>[<span style=\"font-family: 'times new roman', times;\"><strong>179<\/strong><\/span>]<\/sup><\/a>.<\/p>\n<p class=\"MsoNormal\" style=\"line-height: 170%;\">S druge strane, Marie Winn u knjizi &ldquo;Priklju\u010dak na drogu&rdquo; (&ldquo;The Plug-in Drug&ldquo;)<a name=\"_ftnref180\"><\/a><a href=\"#_ftn180\"><sup>[<span style=\"font-family: 'times new roman', times;\"><strong>180<\/strong><\/span>]<\/sup><\/a>, sumirala je razli\u010dita strahovanja koja se odnose na televiziju Glavni zaklju\u010dak je da televizija mo\u017ee izazvati ovisnost i biti \u0161tetna za one koji je gledaju.<a name=\"_ftnref181\"><\/a><a href=\"#_ftn181\"><sup>[<span style=\"font-family: 'times new roman', times;\"><strong>181<\/strong><\/span>]<\/sup><\/a><\/p>\n<p class=\"MsoNormal\" style=\"line-height: 170%;\">Naj\u010de\u0161\u0107e optu\u017ebe su da televizija podsti\u010de eskapizam, pasivnost i ovisnost s jedne strane, a nasilje i delikvenciju s druge<a name=\"_ftnref182\"><\/a><a href=\"#_ftn182\"><sup>[<span style=\"font-family: 'times new roman', times;\"><strong>182<\/strong><\/span>]<\/sup><\/a>. Paul F. Lazarsfeld i Robert K. Merton otkrili su sljede\u0107e disfunkcije masovnih medija: dodjeljivanje i potvr\u0111ivanje statusa, potvr\u0111ivanje i nametanje dru\u0161tvenih normi i narkotiziraju\u0107u disfunkciju<a name=\"_ftnref183\"><\/a><a href=\"#_ftn183\"><sup>[<span style=\"font-family: 'times new roman', times;\"><strong>183<\/strong><\/span>]<\/sup><\/a>. <\/p>\n<p class=\"MsoNormal\" style=\"line-height: 170%;\">Dosada\u0161nja istra\u017eivanja pokazuju da televizija ima uglavnom negativni efekt na gledaoce. Teorije o televizijskom nasilju nude &ldquo;silnu podr\u0161ku vezi gledanje &#8211; agresija&rdquo;<a name=\"_ftnref184\"><\/a><a href=\"#_ftn184\"><sup>[<span style=\"font-family: 'times new roman', times;\"><strong>184<\/strong><\/span>]<\/sup><\/a>. Ameri\u010dka istra\u017eiva\u010dica medija Aletta. C. Huston<a name=\"_ftnref185\"><\/a><a href=\"#_ftn185\"><sup>[<span style=\"font-family: 'times new roman', times;\"><strong>185<\/strong><\/span>]<\/sup><\/a> zaklju\u010dila je da &ldquo;akumulirana istra\u017eivanja jasno demonstriraju korelaciju izme\u0111u nasilja i agresivnog pona\u0161anja&rdquo; i da se pritom gledaoci koji provode vi\u0161e vremena ispred televizora pona\u0161aju agresivnije nego oni koji su manje izlo\u017eeni medijskim sadr\u017eajima<a name=\"_ftnref186\"><\/a><a href=\"#_ftn186\"><sup>[<span style=\"font-family: 'times new roman', times;\"><strong>186<\/strong><\/span>]<\/sup><\/a>. Ona sumira obje eksperimentalne i longitudinalne studije koje podr\u017eavaju hipotezu da je gledanje nasilja kauzalno povezano sa agresijom. Eksperimenti s djecom pre\u0161kolskog uzrasta i adolescentima pokazali su prisutnost povi\u0161ene agresije izme\u0111u gledaoca koji su dobili zadatak da pod odre\u0111enim uvjetima gledaju nasilnu televizijsku emisiju ili film<a name=\"_ftnref187\"><\/a><a href=\"#_ftn187\"><sup>[<span style=\"font-family: 'times new roman', times;\"><strong>187<\/strong><\/span>]<\/sup><\/a>.<\/p>\n<p class=\"MsoNormal\" style=\"line-height: 170%;\">Jedna od najstarijih teorija koja se bavi medijima, teorija katarze, koja tvrdi da gledanje nasilnih sadr\u017eaja i agresije na televiziji djeluje &bdquo;pro\u010di\u0161\u0107avaju\u0107e&ldquo; na negativne osje\u0107aje gledaoca, bila je odba\u010dena od ve\u0107ine znanstvenika. Nakon analize znanstvene evidencije, Scott Andison<a name=\"_ftnref188\"><\/a><a href=\"#_ftn188\"><sup>[<span style=\"font-family: 'times new roman', times;\"><strong>188<\/strong><\/span>]<\/sup><\/a> je zaklju\u010dio da televizija stimulira ve\u0107u agresiju kod pojedinaca. Pokazalo se razumnim prihvatiti teoriju da je televizijsko nasilje stimulans za agresiju a odbaciti teoriju katarze<a name=\"_ftnref189\"><\/a><a href=\"#_ftn189\"><sup>[<span style=\"font-family: 'times new roman', times;\"><strong>189<\/strong><\/span>]<\/sup><\/a>.<\/p>\n<p class=\"MsoNormal\" style=\"line-height: 170%;\">Joseph Klapper je godine 1972., u Kongresu SAD rekao da je nesvjestan \u010dvrstih dokaza da gledanje nasilja na televiziji ili na nekom drugom mediju djeluje katarzi\u010dno ili uzvi\u0161eno<a name=\"_ftnref190\"><\/a><a href=\"#_ftn190\"><sup>[<span style=\"font-family: 'times new roman', times;\"><strong>190<\/strong><\/span>]<\/sup><\/a>.<\/p>\n<p class=\"MsoNormal\" style=\"line-height: 170%;\">Neki autori misle da televizija izaziva lo\u0161e navike slu\u0161anja. Sheila Bentley, ameri\u010dka konzultantkinja za komunikacije, obja\u0161njava da kada \u010dovjek gleda televiziju, slu\u0161a na na\u010din koji od njega ne zahtijeva da i\u0161ta zadr\u017ei i ne suprotstavlja mu se ako napusti sobu. U prilog ove teze navedene su \u010dinjenice da je televizijski program \u010desto prekidan reklamama i da ljudi provode i po \u0161est sati dnevno prakticiraju\u0107i takav na\u010din gledanja<a name=\"_ftnref191\"><\/a><a href=\"#_ftn191\"><sup>[<span style=\"font-family: 'times new roman', times;\"><strong>191<\/strong><\/span>]<\/sup><\/a><br \/>\n. Joseph Turow<a name=\"_ftnref192\"><\/a><a href=\"#_ftn192\"><sup>[<span style=\"font-family: 'times new roman', times;\"><strong>192<\/strong><\/span>]<\/sup><\/a> navodi da su u slu\u010daju televizije studije pokazale da &rdquo;ljudi ne sjede mirno hipnotizirani svjetlom ekrana, oni se kre\u0107u, rade razne stvari i razgovaraju s porodicom i prijateljima&rdquo;<a name=\"_ftnref193\"><\/a><a href=\"#_ftn193\"><sup>[<span style=\"font-family: 'times new roman', times;\"><strong>193<\/strong><\/span>]<\/sup><\/a>. Istra\u017eiva\u010di &ldquo;kori\u0161tenja i zadovoljenja&rdquo; masovnih medija smatraju da je publika aktivna, &ldquo;da pojedinci nisu samo pasivni primatelji poruka&rdquo;<a name=\"_ftnref194\"><\/a><a href=\"#_ftn194\"><sup>[<span style=\"font-family: 'times new roman', times;\"><strong>194<\/strong><\/span>]<\/sup><\/a>.<\/p>\n<p class=\"MsoNormal\" style=\"line-height: 170%;\">Arhimandrit Rafail Karelin<a name=\"_ftnref195\"><\/a><a href=\"#_ftn195\"><sup>[<span style=\"font-family: 'times new roman', times;\"><strong>195<\/strong><\/span>]<\/sup><\/a> smatra da televizija:<\/p>\n<p class=\"MsoNormal\" style=\"line-height: 70%;\">&nbsp;<\/p>\n<div style=\"margin-left: 35pt;\">\n<table border=\"0\">\n<tbody>\n<tr>\n<td width=\"10\" valign=\"top\">\n<span style=\"line-height: 170%;;\"><br \/>\n\u2013<\/span>\n<\/td>\n<td>\n<span style=\"line-height: 170%;\"><br \/>\nu\u010di \u010dovjeka misliti u \u010dulnim predstavama, izaziva raspr\u0161enost i laku prijem\u010divost za utiske, otupljuje racionalno pam\u0107enje i slabi stvarala\u010dke snage \u010dovjeka<br \/>\n<\/span>\n<\/td>\n<\/tr>\n<tr>\n<tr>\n<td valign=\"top\">\n<div style=\"height: 6px; overflow:hidden;\">\n<\/div>\n<\/td>\n<td>\n<div style=\"height: 6px; overflow:hidden;\">\n<\/div>\n<\/td>\n<\/tr>\n<tr>\n<td width=\"10\" valign=\"top\">\n<span style=\"line-height: 170%;;\"><br \/>\n\u2013<\/span>\n<\/td>\n<td>\n<span style=\"line-height: 170%;\"><br \/>\nunificira, izjedna\u010dava, pojednostavljuje i obezli\u010duje ljude<br \/>\n<\/span>\n<\/td>\n<\/tr>\n<tr>\n<td valign=\"top\">\n<div style=\"height: 6px; overflow:hidden;\">\n<\/div>\n<\/td>\n<td>\n<div style=\"height: 6px; overflow:hidden;\">\n<\/div>\n<\/td>\n<\/tr>\n<tr>\n<td width=\"10\" valign=\"top\">\n<span style=\"line-height: 170%;;\"><br \/>\n\u2013<\/span>\n<\/td>\n<td>\n<span style=\"line-height: 170%;\"><br \/>\nhipnotizira<br \/>\n<\/span>\n<\/td>\n<\/tr>\n<tr>\n<td valign=\"top\">\n<div style=\"height: 6px; overflow:hidden;\">\n<\/div>\n<\/td>\n<td>\n<div style=\"height: 6px; overflow:hidden;\">\n<\/div>\n<\/td>\n<\/tr>\n<tr>\n<td width=\"10\" valign=\"top\">\n<span style=\"line-height: 170%;;\"><br \/>\n\u2013<\/span>\n<\/td>\n<td>\n<span style=\"line-height: 170%;\"><br \/>\n\u0161iri nervne i psihi\u010dke bolesti<br \/>\n<\/span>\n<\/td>\n<\/tr>\n<tr>\n<td valign=\"top\">\n<div style=\"height: 6px; overflow:hidden;\">\n<\/div>\n<\/td>\n<td>\n<div style=\"height: 6px; overflow:hidden;\">\n<\/div>\n<\/td>\n<\/tr>\n<tr>\n<td width=\"10\" valign=\"top\">\n<span style=\"line-height: 170%;;\"><br \/>\n\u2013<\/span>\n<\/td>\n<td>\n<span style=\"line-height: 170%;\"><br \/>\nu\u010di ljude da budu okrutni<br \/>\n<\/span>\n<\/td>\n<\/tr>\n<tr>\n<td valign=\"top\">\n<div style=\"height: 6px; overflow:hidden;\">\n<\/div>\n<\/td>\n<td>\n<div style=\"height: 6px; overflow:hidden;\">\n<\/div>\n<\/td>\n<\/tr>\n<tr>\n<td width=\"10\" valign=\"top\">\n<span style=\"line-height: 170%;;\"><br \/>\n\u2013<\/span>\n<\/td>\n<td>\n<span style=\"line-height: 170%;\"><br \/>\nme\u0111usobno otu\u0111uje ljude koji \u017eive u istom domu i porodici, zamijeniv\u0161i dru\u017eenje i zajedni\u010darenje ljudi varkama i privi\u0111enjima ekrana<br \/>\n<\/span>\n<\/td>\n<\/tr>\n<tr>\n<td valign=\"top\">\n<div style=\"height: 6px; overflow:hidden;\">\n<\/div>\n<\/td>\n<td>\n<div style=\"height: 6px; overflow:hidden;\">\n<\/div>\n<\/td>\n<\/tr>\n<tr>\n<td width=\"10\" valign=\"top\">\n<span style=\"line-height: 170%;;\"><br \/>\n\u2013<\/span>\n<\/td>\n<td>\n<span style=\"line-height: 170%;\"><br \/>\nubija srce relegije \u2013 molitvu<a name=\"_ftnref196\"><\/a><a href=\"#_ftn196\"><sup>[<span style=\"font-family: 'times new roman', times;\"><strong>196<\/strong><\/span>]<\/sup><\/a><br \/>\n<\/span>\n<\/td>\n<\/tr>\n<\/tbody>\n<\/table>\n<\/div>\n<p class=\"MsoNormal\" style=\"line-height: 70%;\">&nbsp;<\/p>\n<p class=\"MsoNormal\" style=\"line-height: 170%;\">U svom kriti\u010dkom osvrtu o televiziji arhimandrit Rafail Karelin obja\u0161njava da je televizija stvorila novu vrstu \u010dovjeka kojeg naziva <em>homo medium<\/em>, &bdquo;\u010dovjeka sa \u017eiv\u010danim sistemom istro\u0161enim od neprekidnog gledanja kao od stalnog pijanstva, \u010dovjeka u du\u0161evnom rasulu koji ne mo\u017ee odrediti granicu i postaviti filter vanjskoj informaciji i usvaja je, tako re\u0107i, u sirovom obliku \u2013 nekriti\u010dki, samo prostim mehani\u010dkim pam\u0107enjem&rdquo;<a name=\"_ftnref197\"><\/a><a href=\"#_ftn197\"><sup>[<span style=\"font-family: 'times new roman', times;\"><strong>197<\/strong><\/span>]<\/sup><\/a>.<\/p>\n<p class=\"MsoNormal\" style=\"line-height: 170%;\">&nbsp;<\/p>\n<p class=\"MsoNormal\" style=\"line-height: 170%;\"><strong>3. Ljudska du\u0161a<\/strong><\/p>\n<p class=\"MsoNormal\" style=\"line-height: 170%;\">\u010covjek je sastavljen od tijela, du\u0161e i duha. Bog je stvorio du\u0161u<a name=\"_ftnref198\"><\/a><a href=\"#_ftn198\"><sup>[<span style=\"font-family: 'times new roman', times;\"><strong>198<\/strong><\/span>]<\/sup><\/a>. Duh je &ldquo;oko du\u0161e&rdquo;<a name=\"_ftnref199\"><\/a><a href=\"#_ftn199\"><sup>[<span style=\"font-family: 'times new roman', times;\"><strong>199<\/strong><\/span>]<\/sup><\/a>. O postojanju ljudske du\u0161e svjedo\u010de Sveto pismo i Sveti oci.<\/p>\n<p class=\"MsoNormal\" style=\"line-height: 170%;\">Prvi \u010dovjek Adam je du\u0161a \u017eiva. U Knjizi Postanka Svetog pisma zapisano je: &ldquo;A stvori Gospod Bog \u010doveka od praha zemaljskoga, i dunu mu u nos duh \u017eivotni; i posta \u010dovek du\u0161a \u017eiva&ldquo;<a name=\"_ftnref200\"><\/a><a href=\"#_ftn200\"><sup>[<span style=\"font-family: 'times new roman', times;\"><strong>200<\/strong><\/span>]<\/sup><\/a>.<\/p>\n<p class=\"MsoNormal\" style=\"line-height: 170%;\">Sveti Isak Sirijski<a name=\"_ftnref201\"><\/a><a href=\"#_ftn201\"><sup>[<span style=\"font-family: 'times new roman', times;\"><strong>201<\/strong><\/span>]<\/sup><\/a> tuma\u010di da se u Svetom pismu &ldquo;ne pravi strogo razlikovanje izme\u0111u onoga \u0161to je svojstveno du\u0161i i onoga \u0161to je svojstveno telu&rdquo;<a name=\"_ftnref202\"><\/a><a href=\"#_ftn202\"><sup>[<span style=\"font-family: 'times new roman', times;\"><strong>202<\/strong><\/span>]<\/sup><\/a>. <\/p>\n<p class=\"MsoNormal\" style=\"line-height: 170%;\">Ako du\u0161u razmatramo iz kuta borbe protiv strasti, Sveti oci svjedo\u010de da du\u0161a ima tri sile: um, \u017eelju i volju<a name=\"_ftnref203\"><\/a><a href=\"#_ftn203\"><sup>[<span style=\"font-family: 'times new roman', times;\"><strong>203<\/strong><\/span>]<\/sup><\/a>) ili misleni, \u017eeljni i afektivni dio<a name=\"_ftnref204\"><\/a><a href=\"#_ftn204\"><sup>[<span style=\"font-family: 'times new roman', times;\"><strong>204<\/strong><\/span>]<\/sup><\/a><br \/>\n.<\/p>\n<p class=\"MsoNormal\" style=\"line-height: 170%;\">Sveti Ignjatije Brjan\u010daninov<a name=\"_ftnref205\"><\/a><a href=\"#_ftn205\"><sup>[<span style=\"font-family: 'times new roman', times;\"><strong>205<\/strong><\/span>]<\/sup><\/a> navodi da &ldquo;Shimonah Vasilije, pozivaju\u0107i se na Svetog Teofilakta i druge oce, tvrdi da su tri sile du\u0161e \u2013 slovesna sila, sila revnosti i sila \u017eelje, u srcu raspore\u0111ene<strong> <\/strong>ovako: u prsima i u gornjem dijelu srca prisutna je slovesna sila; u sredini \u2013 sila revnosti; a u donjem dijelu \u2013 sila \u017eelje, ili prirodna po\u017euda&ldquo;. <\/p>\n<p class=\"MsoNormal\" style=\"line-height: 170%;\">Sveti Makarije Veliki otkriva da du\u0161a kao i an\u0111eli ima svoj lik i izgled, a to je &ldquo;lik i izgled spolja\u0161njeg \u010doveka u njegovom telu&rdquo;<a name=\"_ftnref206\"><\/a><a href=\"#_ftn206\"><sup>[<span style=\"font-family: 'times new roman', times;\"><strong>206<\/strong><\/span>]<\/sup><\/a>. Du\u0161e su &ldquo;fina, eteri\u010dna tela&rdquo;, &ldquo;na o\u010di, u\u0161i, ruke i noge du\u0161e odeveni su odgovaraju\u0107i udovi tela&rdquo;<a name=\"_ftnref207\"><\/a><a href=\"#_ftn207\"><sup>[<span style=\"font-family: 'times new roman', times;\"><strong>207<\/strong><\/span>]<\/sup><\/a>.<\/p>\n<p class=\"MsoNormal\" style=\"line-height: 170%;\">Ljudska du\u0161a je uglavnom nevidljiva za ljudsko oko. Sveti Makarije Veliki otkriva da &ldquo;najsavr\u0161eniji hri\u0161\u0107ani, o\u010di\u0161\u0107eni i prosve\u0107eni Duhom Svetim, vide lik du\u0161e, ali takvo savr\u0161enstvo i vi\u0111enje dosti\u017eu samo retki me\u0111u svetima&rdquo;<a name=\"_ftnref208\"><\/a><a href=\"#_ftn208\"><sup>[<span style=\"font-family: 'times new roman', times;\"><strong>208<\/strong><\/span>]<\/sup><\/a>.<\/p>\n<p class=\"MsoNormal\" style=\"line-height: 170%;\">Sveti Isak Siri\u0458ski<a name=\"_ftnref209\"><\/a><a href=\"#_ftn209\"><sup>[<span style=\"font-family: 'times new roman', times;\"><strong>209<\/strong><\/span>]<\/sup><\/a> obja\u0161njava da prirodno stanje du\u0161e jest &ldquo;vi\u0111enje bo\u017eanskih tvari, \u010dulnih i mislenih&rdquo;<a name=\"_ftnref210\"><\/a><a href=\"#_ftn210\"><sup>[<span style=\"font-family: 'times new roman', times;\"><strong>210<\/strong><\/span>]<\/sup><\/a>. Natprirodno stanje jest &ldquo;podsticaj ka sozercanju<a name=\"_ftnref211\"><\/a><a href=\"#_ftn211\"><sup>[<span style=\"font-family: 'times new roman', times;\"><strong>211<\/strong><\/span>]<\/sup><\/a> nadsu\u0161tnoga Bo\u017eanstva&rdquo;, a protuprirodno stanje&ldquo; kretanje du\u0161e onih [ljudi] koji su pometeni strastima&rdquo;<a name=\"_ftnref212\"><\/a><a href=\"#_ftn212\"><sup>[<span style=\"font-family: 'times new roman', times;\"><strong>212<\/strong><\/span>]<\/sup><\/a>. Du\u0161a je po prirodi smrtna, a po blagodati besmrtna<a name=\"_ftnref213\"><\/a><a href=\"#_ftn213\"><sup>[<span style=\"font-family: 'times new roman', times;\"><strong>213<\/strong><\/span>]<\/sup><\/a>. Ljudska du\u0161a umire kada ne \u017eivi po Bogu i u sebi nema energiju Duha Svetoga<a name=\"_ftnref214\"><\/a><a href=\"#_ftn214\"><sup>[<span style=\"font-family: 'times new roman', times;\"><strong>214<\/strong><\/span>]<\/sup><\/a>. <\/p>\n<p class=\"MsoNormal\" style=\"line-height: 170%;\">&nbsp;<\/p>\n<p class=\"MsoNormal\" style=\"line-height: 170%;\"><strong>4. Utjecaj televizije na ljudsku du\u0161u<\/strong><\/p>\n<p class=\"MsoNormal\" style=\"line-height: 170%;\">&ldquo;\u010covek je slovesno bi\u0107e i misli posredstvom re\u010di. Televizija koristi zvuk i sliku i u\u010di \u010doveka da misli u slikama&ldquo;<a name=\"_ftnref215\"><\/a><a href=\"#_ftn215\"><sup>[<span style=\"font-family: 'times new roman', times;\"><strong>215<\/strong><\/span>]<\/sup><\/a>. <\/p>\n<p class=\"MsoNormal\" style=\"line-height: 170%;\">Za ljudsku du\u0161u posebno su \u0161tetne televizijske serije, filmovi, crtani filmovi, reklame, koji stvaraju nerealan televizijski svijet, u kojeg uvla\u010de \u010dovjeka koji na taj na\u010din bje\u017ei iz realnog svijeta i gubi svoje dragoceno vrijeme. Umjesto da se posveti du\u0161okorisnim, duhovnokorisnim i bogougodnim poslovima, \u010dovjek provodi vrijeme ispred televizora kao op\u010dinjen. Vrijeme ne prolazi, ve\u0107 je nepovratno izgubljeno i \u0161teta koja je du\u0161i nanesena ne mo\u017ee se izmjeriti. Pritom postoje dva brojenja vremena: vanjsko ili kalendarsko, i unutra\u0161nje vrijeme svakog \u010dovjeka koje mogu tro\u0161iti te njegove strasti<a name=\"_ftnref216\"><\/a><a href=\"#_ftn216\"><sup>[<span style=\"font-family: 'times new roman', times;\"><strong>216<\/strong><\/span>]<\/sup><\/a>. Sinhronizacije televizijskih serija i ljudski glasovi crtanih likova kreiraju dvostruko la\u017eni svijet. <\/p>\n<p class=\"MsoNormal\" style=\"line-height: 170%;\">Medijska stvarnost ne postoji zato \u0161to je TV aparat jedina stvar koju \u010dovjek mo\u017ee dodirnuti, jedina materija s kojom mo\u017ee ostvariti taktilnu komunikaciju. Tako\u0111er, ova &ldquo;stvarnost&rdquo; ne mo\u017ee se nazvati stvarno\u0161\u0107u zato \u0161to nije realna ve\u0107 irealna, nije istinita ve\u0107 la\u017ena, ali ona jest stvarnost za ljude koji u\u010destvuju u stvaranju medijskih sadr\u017eaja i njihovim du\u0161ama nanosi ve\u0107u \u0161tetu. Konzument medijskih sadr\u017eaja sam stvara stvarnost od onoga \u0161to je posredovano medijima. Za njega je stvarnost to \u0161to sjedi ispred televizora i ono \u0161to gleda, \u010duje, opa\u017ea. On konstruira svoju stvarnost od bezbroj slika i utisaka koji se urezuju u njegovu du\u0161u i ne mo\u017ee ih se lako osloboditi \u010dak i kad bi htio. <\/p>\n<p class=\"MsoNormal\" style=\"line-height: 170%;\">Televizor je domove pretvorio u kazali\u0161ta, kina, kavane. \u010covjekova potreba za informiranjem ugu\u0161ila se u poplavi la\u017enih i \u0161tetnih medijskih sadr\u017eaja. Informativna i obrazovna funkcija televizije je svedena na minimum. \u010covjek koji provodi vi\u0161e vremena ispred televizora gleda i ono \u0161to ne bi htio vidjeti, slu\u0161a i ono \u0161to ne bi htio \u010duti. Televizija poti\u010de fantaziju kojoj mo\u017eemo pristupiti kriti\u010dki. Sveti oci u\u010de da je fantazija (uobrazilja) &bdquo;prirodna energija ili mo\u0107 du\u0161e&rdquo; i &bdquo;da se aktivirala u \u010doveku posle Grehopada i njome su po\u010dele da gospodare la\u017ene slike i ideje, \u0161to je potom po\u010delo da stvara ozbiljne probleme ljudskoj du\u0161i&rdquo;<a name=\"_ftnref217\"><\/a><a href=\"#_ftn217\"><sup>[<span style=\"font-family: 'times new roman', times;\"><strong>217<\/strong><\/span>]<\/sup><\/a>. Mitroplolit Jerotej Vlahos<a name=\"_ftnref218\"><\/a><a href=\"#_ftn218\"><sup>[<span style=\"font-family: 'times new roman', times;\"><strong>218<\/strong><\/span>]<\/sup><\/a> fantaziju uspore\u0111uje s televizorom &bdquo;koji mo\u017ee da emituje televizijsku sliku, ali ne mo\u017ee sam da stvara sliku&rdquo;<a name=\"_ftnref219\"><\/a><a href=\"#_ftn219\"><sup>[<span style=\"font-family: 'times new roman', times;\"><strong>219<\/strong><\/span>]<\/sup><\/a>. Izlo\u017eeni audiovizuelnim sadr\u017eajima, gledaoci mogu misli i pomisli, osje\u0107aje, potrebe, \u017eelje koje pripadaju nekom drugom prihvatiti kao svoje. \u010cak i gledaoci koji imaju odre\u0111eno teoretsko znanje o funkcioniranju masovnih medija ne mogu izbje\u0107i negativne efekte audiovizuelnih sadr\u017eaja koje gledaju. Televizijski sadr\u017eaji mogu kod gledaoca izazvati zaista lo\u0161e pomisli. Misli su &bdquo;razumski predlozi&rdquo;, dok su pomisli &bdquo;razumski predlozi koji su sme\u0161ani sa odgovaraju\u0107im slikama (predstavama) i podsticajima \u0161to u um dolaze kroz gledanje i slu\u0161anje, ili i kroz jedno i kroz drugo&rdquo;<a name=\"_ftnref220\"><\/a><a href=\"#_ftn220\"><sup>[<span style=\"font-family: 'times new roman', times;\"><strong>220<\/strong><\/span>]<\/sup><\/a>. Pomisli su &bdquo;slike i podsticaji, koje utelovljuju odre\u0111ene poruke&rdquo;.<a name=\"_ftnref221\"><\/a><a href=\"#_ftn221\"><sup>[<span style=\"font-family: 'times new roman', times;\"><strong>221<\/strong><\/span>]<\/sup><\/a> \u010covek se mora boriti protiv lo\u0161ih misli i njegovati dobre. Od izvanredne va\u017enosti je da \u010dovek \u010duva svoj um, zato \u0161to ako prihvati samo jednu lo\u0161u misao, mo\u017ee svojoj du\u0161i izazvati enormnu \u0161tetu. Odmah \u010dim uklju\u010di televizor \u010dovjek je izlo\u017een odre\u0111enim sadr\u017eajima \u010dak i kad to ne \u017eeli. Na primjer, dok gleda neku obrazovnu ili dje\u010dju emisiju izlo\u017een je porukama reklamnog bloka ili dok mijenja kanale mo\u017ee vidjeti i \u010duti \u0161tetne prizore. <\/p>\n<p class=\"MsoNormal\" style=\"line-height: 170%;\">Mo\u017eemo da zaklju\u010diti da televizija vr\u0161i negativan utjecaj na tri sile ljudske du\u0161e na sljede\u0107i na\u010din:<\/p>\n<ol style=\"list-style-type: decimal;\">\n<li><span style=\"line-height: 170%;\">Na razumski dio du\u0161e televizija utje\u010de tako \u0161to smanjuje intelektualnu mo\u0107, iscrpljuje nervni sistem, pomra\u010duje mo\u0107 rasu\u0111ivanja.<\/span><\/li>\n<li><span style=\"line-height: 170%;\">Na \u017eelje televizija utje\u010de tako \u0161to pove\u0107ava nerazumne \u017eelje i potrebe izazivaju\u0107i razli\u010dita isku\u0161enja kod gledatelja.<\/span><\/li>\n<li><span style=\"line-height: 170%;\">Na volju utje\u010de tako \u0161to ju slabi izazivaju\u0107i apatiju i hipnozu, a na afektivni dio du\u0161e televizija utje\u010de tako da izaziva ljutnju, zlobu, bijes, agresiju, podsti\u010de nasilje.<\/span><\/li>\n<\/ol>\n<p class=\"MsoNormal\" style=\"line-height: 170%;\">Pritom na sve tri sile du\u0161e utje\u010de istovremeno. Kao \u0161to je zapisao arhimandrit Rafail Karelin, pod utjecajem televizijskih sadr\u017eaja du\u0161a postaje \u00abrazma\u017eeno mlitava, \u010dulna i histeri\u010dna&rdquo;<a name=\"_ftnref222\"><\/a><a href=\"#_ftn222\"><sup>[<span style=\"font-family: 'times new roman', times;\"><strong>222<\/strong><\/span>]<\/sup><\/a>.<\/p>\n<p class=\"MsoNormal\" style=\"line-height: 170%;\">Ljudska manifestacija du\u017eeg utjecaja televizije mo\u017ee biti razli\u010dita u razli\u010ditim vremenima, u ovisnosti od strasti koja dominira \u010dovjekom u tom vremenu i tipu medijskih sadr\u017eaja kojima je izlo\u017een. <\/p>\n<p class=\"MsoNormal\" style=\"line-height: 170%;\">Religiozni ljudi gledaju na televiziju kao na \u00abneprijatelja<a name=\"_ftnref223\"><\/a><a href=\"#_ftn223\"><sup>[<span style=\"font-family: 'times new roman', times;\"><strong>223<\/strong><\/span>]<\/sup><\/a> i zlo&rdquo;<a name=\"_ftnref224\"><\/a><a href=\"#_ftn224\"><sup>[<span style=\"font-family: 'times new roman', times;\"><strong>224<\/strong><\/span>]<\/sup><\/a>. Sveti Nil Sinajski je rekao da &ldquo;svako tko gleda na zlo bez ga\u0111enja, uskoro \u0107e po\u010deti da gleda sa zadovoljstvom&rdquo;<a name=\"_ftnref225\"><\/a><a href=\"#_ftn225\"><sup>[<span style=\"font-family: 'times new roman', times;\"><strong>225<\/strong><\/span>]<\/sup><\/a>.<\/p>\n<p class=\"MsoNormal\" style=\"line-height: 170%;\">Televizija je hipnotizer i veoma sugestivna, tako da ono \u0161to na po\u010detku izgleda odbojno i uznemiravaju\u0107e, kasnije mo\u017ee postati privla\u010dno ako gledalac nastavi primati te poruke. Zato \u0161tetne slike i zvukove treba izbjegavati, jer ako \u010dovjek s njima zapo\u010dne konverzaciju, du\u0161a ne mo\u017ee ostati neo\u0161te\u0107ena. \u010cak i ne\u0161to \u0161to izgleda dobro ima negativan utjecaj na ljudsku du\u0161u a da recipienti i ne moraju toga biti svjesni. Televizija krije opasnosti i za medijske djeatnike koji se bave novinarskim poslom. Stalno u trci s doga\u0111ajima, pod stresom obavljanja zadatka prije krajnjeg roka, u stalnoj \u017eurbi da pripreme prilog ili emisuju za uho i oko gledaoca, novinari sami sebi postaju neprijateljima. <\/p>\n<p class=\"MsoNormal\" style=\"line-height: 170%;\">Ljudskoj du\u0161i je vi\u0161e potrebna molitva, a manje televizija. Vi\u0161e joj je potrebno gledanje u visinu nego na daljinu. Vi\u0161e joj je potrebno gledanje u sebe nego izvan sebe.<\/p>\n<p class=\"MsoNormal\" style=\"line-height: 170%;\">&nbsp;<\/p>\n<p class=\"MsoNormal\" style=\"line-height: 170%;\"><strong>5. Zaklju<\/strong><strong>\u010dak<\/strong><\/p>\n<p class=\"MsoNormal\" style=\"line-height: 170%;\">Televizija ima negativan uticaj na tri sile ljudske du\u0161e: um, \u017eelju i volju. Ona hipnotizira, smanjuje intelektualnu mo\u0107, izaziva isku\u0161enja, ohrabruje \u017eelje, stvara potrebe, slabi volju i izaziva apatiju. <\/p>\n<p class=\"MsoNormal\" style=\"line-height: 170%;\">\u010cak i ono \u0161to ponekad ljudima izgleda dobro (na primjer crtani filmovi koji razvijaju imaginaciju), ima negativan efekt na ljudsku du\u0161u, \u010dega recipienti ne moraju biti svjesni. Isto tako, ono \u0161to na po\u010detku izgleda odbojno i uznemiravaju\u0107e za gledaoce, kasnije mo\u017ee postati privla\u010dno ako nastave primati isti medijski sadr\u017eaj. \u010cak i gledaoci koji imaju teorijsko znanje o funkcioniranju televizije kao masovnog medija ne mogu izbje\u0107i negativni efekt audiovizuelnih sadr\u017eaja koje gledaju. Televizija putem svojih sadr\u017eaja zaista mo\u017ee izazvati lo\u0161e pomisli kod gledatelja. \u010covjek se mora boriti protiv lo\u0161ih pomisli i njegovati dobre misli. Izuzetno je va\u017eno za \u010dovjeka da ogradi svoj um, jer ako prihvati samo jednu lo\u0161u pomisao, mo\u017ee izazvati veliku \u0161tetu svojoj du\u0161i. Zato ako \u017eeli sa\u010duvati svoju du\u0161u, preporuka je &#8211; \u0161to kra\u0107a i selektivna izlo\u017eenost televizijskim sadr\u017eajima. <\/p>\n<p class=\"MsoNormal\" style=\"line-height: 150%;\">&nbsp;<\/p>\n<hr align=\"left\" size=\"1\" width=\"33%\" \/>\n<div id=\"ftn168\">\n<p class=\"MsoNormal\" style=\"line-height: 150%;\"><span style=\"font-size: 8.0pt;\"><a name=\"_ftn168\"><\/a><a href=\"#_ftnref168\"><sup>[<span style=\"font-family: 'times new roman', \ntimes;\"><strong>168<\/strong><\/span>]<\/sup><\/a>&nbsp;<br \/>\nMt 16, 26, Mk 8, 36-37.<br \/>\n<\/span><\/p>\n<\/div>\n<div id=\"ftn169\">\n<p class=\"MsoNormal\" style=\"line-height: 150%;\"><span style=\"font-size: 8.0pt;\"><a name=\"_ftn169\"><\/a><a href=\"#_ftnref169\"><sup>[<span style=\"font-family: 'times new roman', \ntimes;\"><strong>169<\/strong><\/span>]<\/sup><\/a>&nbsp;<br \/>\nMt 16, 26, Mk 8, 36-37.<br \/>\n<\/span><\/p>\n<\/div>\n<div id=\"ftn170\">\n<p class=\"MsoNormal\" style=\"line-height: 150%;\"><span style=\"font-size: 8.0pt;\"><a name=\"_ftn170\"><\/a><a href=\"#_ftnref170\"><sup>[<span style=\"font-family: 'times new roman', \ntimes;\"><strong>170<\/strong><\/span>]<\/sup><\/a>&nbsp;<br \/>\nLjubo Mi\u0107unovi\u0107, <em>Sovremen leksikon na stranski zborovi i izrazi<\/em>, Na\u0161a kniga, Skopje 1990., str. 580.<br \/>\n<\/span><\/p>\n<\/div>\n<div id=\"ftn171\">\n<p class=\"MsoNormal\" style=\"line-height: 150%;\"><span style=\"font-size: 8.0pt;\"><a name=\"_ftn171\"><\/a><a href=\"#_ftnref171\"><sup>[<span style=\"font-family: 'times new roman', \ntimes;\"><strong>171<\/strong><\/span>]<\/sup><\/a>&nbsp;<br \/>\nDaniel Chandler i Rod Munday, <em>Media and Communication<\/em>, Oxford University Press, Oxford and New York 2011., str. 425.<br \/>\n<\/span><\/p>\n<\/div>\n<div id=\"ftn172\">\n<p class=\"MsoNormal\" style=\"line-height: 150%;\"><span style=\"font-size: 8.0pt;\"><a name=\"_ftn172\"><\/a><a href=\"#_ftnref172\"><sup>[<span style=\"font-family: 'times new roman', \ntimes;\"><strong>172<\/strong><\/span>]<\/sup><\/a>&nbsp;<br \/>\n<em>video, 2<\/em>, <em>vidi, visum<\/em>, gleda, primje\u0107uje, predvi\u0111a, brine se<br \/>\n<\/span><\/p>\n<\/div>\n<div id=\"ftn173\">\n<p class=\"MsoNormal\" style=\"line-height: 150%;\"><span style=\"font-size: 8.0pt;\"><a name=\"_ftn173\"><\/a><a href=\"#_ftnref173\"><sup>[<span style=\"font-family: 'times new roman', \ntimes;\"><strong>173<\/strong><\/span>]<\/sup><\/a>&nbsp;<br \/>\nLj. Bosotova i D. \u010cadikovska, <em>Latinski jazik za <\/em><em>III godina kulturolo\u0161ka struka,<\/em> III izd., Prosvetno delo, Skopje 1999., str. 133.<br \/>\n<\/span><\/p>\n<\/div>\n<div id=\"ftn174\">\n<p class=\"MsoNormal\" style=\"line-height: 150%;\"><span style=\"font-size: 8.0pt;\"><a name=\"_ftn174\"><\/a><a href=\"#_ftnref174\"><sup>[<span style=\"font-family: 'times new roman', \ntimes;\"><strong>174<\/strong><\/span>]<\/sup><\/a>&nbsp;<br \/>\nLj. Mi\u0107unovi\u0107,<em> Sovremen leksikon na stranski zborovi i izrazi<\/em>, str. 580-581.<\/p>\n<p><\/span><\/p>\n<\/div>\n<div id=\"ftn175\">\n<p class=\"MsoNormal\" style=\"line-height: 150%;\"><span style=\"font-size: 8.0pt;\"><a name=\"_ftn175\"><\/a><a href=\"#_ftnref175\"><sup>[<span style=\"font-family: 'times new roman', \ntimes;\"><strong>175<\/strong><\/span>]<\/sup><\/a>&nbsp;<br \/>\nJohn Fiske, <em>Television Culture<\/em>, Methuen, London and NewYork 1987.<\/p>\n<p><\/span><\/p>\n<\/div>\n<div id=\"ftn176\">\n<p class=\"MsoNormal\" style=\"line-height: 150%;\"><span style=\"font-size: 8.0pt;\"><a name=\"_ftn176\"><\/a><a href=\"#_ftnref176\"><sup>[<span style=\"font-family: 'times new roman', \ntimes;\"><strong>176<\/strong><\/span>]<\/sup><\/a>&nbsp;<br \/>\nJohn Fiske, <em>Television Culture<\/em>, str. 19.<br \/>\n<\/span><\/p>\n<\/div>\n<div id=\"ftn177\">\n<p class=\"MsoNormal\" style=\"line-height: 150%;\"><span style=\"font-size: 8.0pt;\"><a name=\"_ftn177\"><\/a><a href=\"#_ftnref177\"><sup>[<span style=\"font-family: 'times new roman', \ntimes;\"><strong>177<\/strong><\/span>]<\/sup><\/a>&nbsp;<br \/>\nIbid., str. 19.<\/p>\n<p><\/span><\/p>\n<\/div>\n<div id=\"ftn178\">\n<p class=\"MsoNormal\" style=\"line-height: 150%;\"><span style=\"font-size: 8.0pt;\"><a name=\"_ftn178\"><\/a><a href=\"#_ftnref178\"><sup>[<span style=\"font-family: 'times new roman', \ntimes;\"><strong>178<\/strong><\/span>]<\/sup><\/a>&nbsp;<br \/>\nIbid., str. 19.<br \/>\n<\/span><\/p>\n<\/div>\n<div id=\"ftn179\">\n<p class=\"MsoNormal\" style=\"line-height: 150%;\"><span style=\"font-size: 8.0pt;\"><a name=\"_ftn179\"><\/a><a href=\"#_ftnref179\"><sup>[<span style=\"font-family: 'times new roman', \ntimes;\"><strong>179<\/strong><\/span>]<\/sup><\/a>&nbsp;<br \/>\nDejvid Mek Kvin, <em>Televizija (medijski priru\u010dnik)<\/em>. Clio, Beograd 2000., str. 232.<br \/>\n<\/span><\/p>\n<\/div>\n<div id=\"ftn180\">\n<p class=\"MsoNormal\" style=\"line-height: 150%;\"><span style=\"font-size: 8.0pt;\"><a name=\"_ftn180\"><\/a><a href=\"#_ftnref180\"><sup>[<span style=\"font-family: 'times new roman', \ntimes;\"><strong>180<\/strong><\/span>]<\/sup><\/a>&nbsp;<br \/>\nMarie Winn,<em> The Plug-in Drug<\/em>, Viking Press, Penguin, New York 1977.<br \/>\n<\/span><\/p>\n<\/div>\n<div id=\"ftn181\">\n<p class=\"MsoNormal\" style=\"line-height: 150%;\"><span style=\"font-size: 8.0pt;\"><a name=\"_ftn181\"><\/a><a href=\"#_ftnref181\"><sup>[<span style=\"font-family: 'times new roman', \ntimes;\"><strong>181<\/strong><\/span>]<\/sup><\/a>&nbsp;<br \/>\nMarie Winn,<em> The Plug-in Drug.<\/em><br \/>\n<\/span><\/p>\n<\/div>\n<div id=\"ftn182\">\n<p class=\"MsoNormal\" style=\"line-height: 150%;\"><span style=\"font-size: 8.0pt;\"><a name=\"_ftn182\"><\/a><a href=\"#_ftnref182\"><sup>[<span style=\"font-family: 'times new roman', \ntimes;\"><strong>182<\/strong><\/span>]<\/sup><\/a>&nbsp;<br \/>\nIbid., str. 232.<br \/>\n<\/span><\/p>\n<\/div>\n<div id=\"ftn183\">\n<p class=\"MsoNormal\" style=\"line-height: 150%;\"><span style=\"font-size: 8.0pt;\"><a name=\"_ftn183\"><\/a><a href=\"#_ftnref183\"><sup>[<span style=\"font-family: 'times new roman', \ntimes;\"><strong>183<\/strong><\/span>]<\/sup><\/a>&nbsp;<br \/>\nT. Gruevski, <em>Komunikologija, <\/em>Studiorum, Skopje 2011., str. 279.<br \/>\n<\/span><\/p>\n<\/div>\n<div id=\"ftn184\">\n<p class=\"MsoNormal\" style=\"line-height: 150%;\"><span style=\"font-size: 8.0pt;\"><a name=\"_ftn184\"><\/a><a href=\"#_ftnref184\"><sup>[<span style=\"font-family: 'times new roman', \ntimes;\"><strong>184<\/strong><\/span>]<\/sup><\/a>&nbsp;<br \/>\nStanley. J. Baran i Dennis K. Davis, <em>Mass Communication Theory (Foundation, Ferment and Future),<\/em> 4th ed., Thomson Wadsworth, Belmont 2006., str. 193.<br \/>\n<\/span><\/p>\n<\/div>\n<div id=\"ftn185\">\n<p class=\"MsoNormal\" style=\"line-height: 150%;\"><span style=\"font-size: 8.0pt;\"><a name=\"_ftn185\"><\/a><a href=\"#_ftnref185\"><sup>[<span style=\"font-family: 'times new roman', \ntimes;\"><strong>185<\/strong><\/span>]<\/sup><\/a>&nbsp;<br \/>\nAletta. C. Huston, 1992., u: S. J. Baran i D. K. Davis, <em>Mass Communication Theory (Foundation, Ferment and Future<\/em>).<br \/>\n<\/span><\/p>\n<\/div>\n<div id=\"ftn186\">\n<p class=\"MsoNormal\" style=\"line-height: 150%;\"><span style=\"font-size: 8.0pt;\"><a name=\"_ftn186\"><\/a><a href=\"#_ftnref186\"><sup>[<span style=\"font-family: 'times new roman', \ntimes;\"><strong>186<\/strong><\/span>]<\/sup><\/a>&nbsp;<br \/>\nIbid., str. 193.<br \/>\n<\/span><\/p>\n<\/div>\n<div id=\"ftn187\">\n<p class=\"MsoNormal\" style=\"line-height: 150%;\"><span style=\"font-size: 8.0pt;\"><a name=\"_ftn187\"><\/a><a href=\"#_ftnref187\"><sup>[<span style=\"font-family: 'times new roman', \ntimes;\"><strong>187<\/strong><\/span>]<\/sup><\/a>&nbsp;<br \/>\nIbid., str. 193.<br \/>\n<\/span><\/p>\n<\/div>\n<div id=\"ftn188\">\n<p class=\"MsoNormal\" style=\"line-height: 150%;\"><span style=\"font-size: 8.0pt;\"><a name=\"_ftn188\"><\/a><a href=\"#_ftnref188\"><sup>[<span style=\"font-family: 'times new roman', \ntimes;\"><strong>188<\/strong><\/span>]<\/sup><\/a>&nbsp;<br \/>\nScott Andison, 1977., u Ibid.<br \/>\n<\/span><\/p>\n<\/div>\n<div id=\"ftn189\">\n<p class=\"MsoNormal\" style=\"line-height: 150%;\"><span style=\"font-size: 8.0pt;\"><a name=\"_ftn189\"><\/a><a href=\"#_ftnref189\"><sup>[<span style=\"font-family: 'times new roman', \ntimes;\"><strong>189<\/strong><\/span>]<\/sup><\/a>&nbsp;<br \/>\nIbid., str. 194-195.<\/p>\n<p><\/span><\/p>\n<\/div>\n<div id=\"ftn190\">\n<p class=\"MsoNormal\" style=\"line-height: 150%;\"><span style=\"font-size: 8.0pt;\"><a name=\"_ftn190\"><\/a><a href=\"#_ftnref190\"><sup>[<span style=\"font-family: 'times new roman', \ntimes;\"><strong>190<\/strong><\/span>]<\/sup><\/a>&nbsp;<br \/>\nU. S. Congress, 1972., u Ibid., str. 194.<br \/>\n<\/span><\/p>\n<\/div>\n<div id=\"ftn191\">\n<p class=\"MsoNormal\" style=\"line-height: 150%;\"><span style=\"font-size: 8.0pt;\"><a name=\"_ftn191\"><\/a><a href=\"#_ftnref191\"><sup>[<span style=\"font-family: 'times new roman', \ntimes;\"><strong>191<\/strong><\/span>]<\/sup><\/a>&nbsp;<br \/>\nBentley, u J. S. O&rsquo; Rourke, <em>Management Communication (A case &#8211; analysis aproach)<\/em>. Prentice Hall, New Yersey 2001., str. 119.<br \/>\n<\/span><\/p>\n<\/div>\n<div id=\"ftn192\">\n<p class=\"MsoNormal\" style=\"line-height: 150%;\"><span style=\"font-size: 8.0pt;\"><a name=\"_ftn192\"><\/a><a href=\"#_ftnref192\"><sup>[<span style=\"font-family: 'times new roman', \ntimes;\"><strong>192<\/strong><\/span>]<\/sup><\/a>&nbsp;<br \/>\nJoseph Turow, <em>Mediji danas, Uvod u masovne komunikacije<\/em>. Clio, Beograd 2012.<\/p>\n<p><\/span><\/p>\n<\/div>\n<div id=\"ftn193\">\n<p class=\"MsoNormal\" style=\"line-height: 150%;\"><span style=\"font-size: 8.0pt;\"><a name=\"_ftn193\"><\/a><a href=\"#_ftnref193\"><sup>[<span style=\"font-family: 'times new roman', \ntimes;\"><strong>193<\/strong><\/span>]<\/sup><\/a>&nbsp;<br \/>\nJoseph Turow, <em>Mediji danas, Uvod u masovne komunikacije<\/em>, str. 2.<br \/>\n<\/span><\/p>\n<\/div>\n<div id=\"ftn194\">\n<p class=\"MsoNormal\" style=\"line-height: 150%;\"><span style=\"font-size: 8.0pt;\"><a name=\"_ftn194\"><\/a><a href=\"#_ftnref194\"><sup>[<span style=\"font-family: 'times new roman', \ntimes;\"><strong>194<\/strong><\/span>]<\/sup><\/a>&nbsp;<br \/>\nIbid., str. 243. <\/p>\n<p><\/span><\/p>\n<\/div>\n<div id=\"ftn195\">\n<p class=\"MsoNormal\" style=\"line-height: 150%;\"><span style=\"font-size: 8.0pt;\"><a name=\"_ftn195\"><\/a><a href=\"#_ftnref195\"><sup>[<span style=\"font-family: 'times new roman', \ntimes;\"><strong>195<\/strong><\/span>]<\/sup><\/a>&nbsp;<br \/>\nArhimandrit Rafail Karelin, <em>Put spasenja u XXI veku,<\/em> Biblioteka O\u010dev dom pri Verskom dobrotvornom starateljstvu Arhiepiskopije beogradsko \u2013 karlova\u010dke, Beograd 2011. <\/p>\n<p><\/span><\/p>\n<\/div>\n<div id=\"ftn196\">\n<p class=\"MsoNormal\" style=\"line-height: 150%;\"><span style=\"font-size: 8.0pt;\"><a name=\"_ftn196\"><\/a><a href=\"#_ftnref196\"><sup>[<span style=\"font-family: 'times new roman', \ntimes;\"><strong>196<\/strong><\/span>]<\/sup><\/a>&nbsp;<br \/>\nArhimandrit Rafail Karelin, <em>Put spasenja u XXI veku.<\/em><\/p>\n<p><\/span><\/p>\n<\/div>\n<div id=\"ftn197\">\n<p class=\"MsoNormal\" style=\"line-height: 150%;\"><span style=\"font-size: 8.0pt;\"><a name=\"_ftn197\"><\/a><a href=\"#_ftnref197\"><sup>[<span style=\"font-family: 'times new roman', \ntimes;\"><strong>197<\/strong><\/span>]<\/sup><\/a>&nbsp;<br \/>\nIbid., str. 195-197. <\/p>\n<p><\/span><\/p>\n<\/div>\n<div id=\"ftn198\">\n<p class=\"MsoNormal\" style=\"line-height: 150%;\"><span style=\"font-size: 8.0pt;\"><a name=\"_ftn198\"><\/a><a href=\"#_ftnref198\"><sup>[<span style=\"font-family: 'times new roman', \ntimes;\"><strong>198<\/strong><\/span>]<\/sup><\/a>&nbsp;<br \/>\nMitropolit Jerotej Vlahos, <em>Obolelost i le\u010denje du\u0161e u pravoslavnom predanju<\/em>, u: J. Srbulj (ured.), <em>Le<\/em>\u010d<em>enje du<\/em>\u0161<em>e u Pravoslavnoj Crkvi<\/em>, Biblioteka O\u010dev dom pri Verskom dobrotvornom starateljstvu Arhiepiskopije beogradsko-karlova\u010dke, Beograd, 2010., str. 8, str. 5-73. <\/p>\n<p><\/span><\/p>\n<\/div>\n<div id=\"ftn199\">\n<p class=\"MsoNormal\" style=\"line-height: 150%;\"><span style=\"font-size: 8.0pt;\"><a name=\"_ftn199\"><\/a><a href=\"#_ftnref199\"><sup>[<span style=\"font-family: 'times new roman', \ntimes;\"><strong>199<\/strong><\/span>]<\/sup><\/a>&nbsp;<br \/>\nArhimandrit Rafail Karelin, <em>Tajnata na spasenieto,<\/em> Manastir ,,Sveti Atanasij Veliki&rdquo;, \u017dur\u010de &#8211; Demir Hisar 2008., str. 50.<\/p>\n<p><\/span><\/p>\n<\/div>\n<div id=\"ftn200\">\n<p class=\"MsoNormal\" style=\"line-height: 150%;\"><span style=\"font-size: 8.0pt;\"><a name=\"_ftn200\"><\/a><a href=\"#_ftnref200\"><sup>[<span style=\"font-family: 'times new roman', \ntimes;\"><strong>200<\/strong><\/span>]<\/sup><\/a>&nbsp;<br \/>\n1 Moj, 7.<br \/>\n<\/span><\/p>\n<\/div>\n<div id=\"ftn201\">\n<p class=\"MsoNormal\" style=\"line-height: 150%;\"><span style=\"font-size: 8.0pt;\"><a name=\"_ftn201\"><\/a><a href=\"#_ftnref201\"><sup>[<span style=\"font-family: 'times new roman', \ntimes;\"><strong>201<\/strong><\/span>]<\/sup><\/a>&nbsp;<br \/>\nSveti Isak Sirijski, <em>Podvi\u017eni\u010dka slova<\/em>, 3. izd., Pravoslavna misionarska \u0161kola pri hramu Svetog Aleksandra Nevskog, Beograd 2016.<br \/>\n<\/span><\/p>\n<\/div>\n<div id=\"ftn202\">\n<p class=\"MsoNormal\" style=\"line-height: 150%;\"><span style=\"font-size: 8.0pt;\"><a name=\"_ftn202\"><\/a><a href=\"#_ftnref202\"><sup>[<span style=\"font-family: 'times new roman', \ntimes;\"><strong>202<\/strong><\/span>]<\/sup><\/a>&nbsp;<br \/>\nSveti Isak Sirijski, <em>Podvi\u017eni\u010dka slova<\/em>, str. 25.<br \/>\n<\/span><\/p>\n<\/div>\n<div id=\"ftn203\">\n<p class=\"MsoNormal\" style=\"line-height: 150%;\"><span style=\"font-size: 8.0pt;\"><a name=\"_ftn203\"><\/a><a href=\"#_ftnref203\"><sup>[<span style=\"font-family: 'times new roman', \ntimes;\"><strong>203<\/strong><\/span>]<\/sup><\/a>&nbsp;<br \/>\nArhimandrit Rafail Karelin, <em>Tajnata na spasenieto,<\/em> Manastir ,,Sveti Atanasij Veliki&rdquo;, \u017dur\u010de &#8211; Demir Hisar 2008., str.28.<br \/>\n<\/span><\/p>\n<\/div>\n<div id=\"ftn204\">\n<p class=\"MsoNormal\" style=\"line-height: 150%;\"><span style=\"font-size: 8.0pt;\"><a name=\"_ftn204\"><\/a><a href=\"#_ftnref204\"><sup>[<span style=\"font-family: 'times new roman', \ntimes;\"><strong>204<\/strong><\/span>]<\/sup><\/a>&nbsp;<br \/>\nMitropolit Jerotej Vlahos, <em>Obolelost i le\u010denje du\u0161e u pravoslavnom predanju<\/em><em>,<\/em> u: J. Srbulj (ured.), <em>Le<\/em>\u010d<em>enje du<\/em>\u0161<em>e u Pravoslavnoj Crkvi<\/em>, Biblioteka O\u010dev dom pri Verskom dobrotvornom starateljstvu Arhiepiskopije beogradsko &#8211; karlova\u010dke, Beograd 2010., str. 9.<br \/>\n<\/span><\/p>\n<\/div>\n<div id=\"ftn205\">\n<p class=\"MsoNormal\" style=\"line-height: 150%;\"><span style=\"font-size: 8.0pt;\"><a name=\"_ftn205\"><\/a><a href=\"#_ftnref205\"><sup>[<span style=\"font-family: 'times new roman', \ntimes;\"><strong>205<\/strong><\/span>]<\/sup><\/a>&nbsp;<br \/>\nSveti Ignjatije Brjan\u010daninov, <em>Enciklopedija pravoslavnog duhovnog <\/em>\u017e<em>ivota,<\/em> 2. izd., Pravoslavna misionarska \u0161kola pri hramu Svetog Aleksandra Nevskog, Beograd 2008., str. 287.<br \/>\n<\/span><\/p>\n<\/div>\n<div id=\"ftn206\">\n<p class=\"MsoNormal\" style=\"line-height: 150%;\"><span style=\"font-size: 8.0pt;\"><a name=\"_ftn206\"><\/a><a href=\"#_ftnref206\"><sup>[<span style=\"font-family: 'times new roman', \ntimes;\"><strong>206<\/strong><\/span>]<\/sup><\/a>&nbsp;<br \/>\nIbid., str. 120.<br \/>\n<\/span><\/p>\n<\/div>\n<div id=\"ftn207\">\n<p class=\"MsoNormal\" style=\"line-height: 150%;\"><span style=\"font-size: 8.0pt;\"><a name=\"_ftn207\"><\/a><a href=\"#_ftnref207\"><sup>[<span style=\"font-family: 'times new roman', \ntimes;\"><strong>207<\/strong><\/span>]<\/sup><\/a>&nbsp;<br \/>\nIbid.<br \/>\n<\/span><\/p>\n<\/div>\n<div id=\"ftn208\">\n<p class=\"MsoNormal\" style=\"line-height: 150%;\"><span style=\"font-size: 8.0pt;\"><a name=\"_ftn208\"><\/a><a href=\"#_ftnref208\"><sup>[<span style=\"font-family: 'times new roman', \ntimes;\"><strong>208<\/strong><\/span>]<\/sup><\/a>&nbsp;<br \/>\nIbid.<br \/>\n<\/span><\/p>\n<\/div>\n<div id=\"ftn209\">\n<p class=\"MsoNormal\" style=\"line-height: 150%;\"><span style=\"font-size: 8.0pt;\"><a name=\"_ftn2m09\"><\/a><a href=\"#_ftnref209\"><sup>[<span style=\"font-family: 'times new roman', \ntimes;\"><strong>209<\/strong><\/span>]<\/sup><\/a>&nbsp;<br \/>\nSveti Isak Sirijski, <em>Podvi\u017eni\u010dka slova<\/em>.<br \/>\n<\/span><\/p>\n<\/div>\n<div id=\"ftn210\">\n<p class=\"MsoNormal\" style=\"line-height: 150%;\"><span style=\"font-size: 8.0pt;\"><a name=\"_ftn210\"><\/a><a href=\"#_ftnref210\"><sup>[<span style=\"font-family: 'times new roman', \ntimes;\"><strong>210<\/strong><\/span>]<\/sup><\/a>&nbsp;<br \/>\nIbid., str. 24.<br \/>\n<\/span><\/p>\n<\/div>\n<div id=\"ftn211\">\n<p class=\"MsoNormal\" style=\"line-height: 150%;\"><span style=\"font-size: 8.0pt;\"><a name=\"_ftn211\"><\/a><a href=\"#_ftnref211\"><sup>[<span style=\"font-family: 'times new roman', \ntimes;\"><strong>211<\/strong><\/span>]<\/sup><\/a>&nbsp;<br \/>\n<em>sozercanje,<\/em> od korijena rije\u010di &bdquo;zrenje&ldquo;, sagledati, kontemplacija.<br \/>\n<\/span><\/p>\n<\/div>\n<div id=\"ftn212\">\n<p class=\"MsoNormal\" style=\"line-height: 150%;\"><span style=\"font-size: 8.0pt;\"><a name=\"_ftn212\"><\/a><a href=\"#_ftnref212\"><sup>[<span style=\"font-family: 'times new roman', \ntimes;\"><strong>212<\/strong><\/span>]<\/sup><\/a>&nbsp;<br \/>\nIbid., str. 24.<br \/>\n<\/span><\/p>\n<\/div>\n<div id=\"ftn213\">\n<p class=\"MsoNormal\" style=\"line-height: 150%;\"><span style=\"font-size: 8.0pt;\"><a name=\"_ftn213\"><\/a><a href=\"#_ftnref213\"><sup>[<span style=\"font-family: 'times new roman', \ntimes;\"><strong>213<\/strong><\/span>]<\/sup><\/a>&nbsp;<br \/>\nMitropolit Jerotej Vlahos, <em>Obolelost i le\u010denje du\u0161e u pravoslavnom predanju<\/em><em>, <\/em>str. 18.<br \/>\n<\/span><\/p>\n<\/div>\n<div id=\"ftn214\">\n<p class=\"MsoNormal\" style=\"line-height: 150%;\"><span style=\"font-size: 8.0pt;\"><a name=\"_ftn214\"><\/a><a href=\"#_ftnref214\"><sup>[<span style=\"font-family: 'times new roman', \ntimes;\"><strong>214<\/strong><\/span>]<\/sup><\/a>&nbsp;<br \/>\nIbid.<\/p>\n<p><\/span><\/p>\n<\/div>\n<div id=\"ftn215\">\n<p class=\"MsoNormal\" style=\"line-height: 150%;\"><span style=\"font-size: 8.0pt;\"><a name=\"_ftn215\"><\/a><a href=\"#_ftnref215\"><sup>[<span style=\"font-family: 'times new roman', \ntimes;\"><strong>215<\/strong><\/span>]<\/sup><\/a>&nbsp;<br \/>\nArhimandrit Rafail Karelin, <em>Put spasenja u XXI veku,<\/em> Biblioteka O\u010dev dom pri Verskom dobrotvornom starateljstvu Arhiepiskopije beogradsko &#8211; karlova\u010dke., Beograd 2011., str. 195.<\/p>\n<p><\/span><\/p>\n<\/div>\n<div id=\"ftn216\">\n<p class=\"MsoNormal\" style=\"line-height: 150%;\"><span style=\"font-size: 8.0pt;\"><a name=\"_ftn216\"><\/a><a href=\"#_ftnref216\"><sup>[<span style=\"font-family: 'times new roman', \ntimes;\"><strong>216<\/strong><\/span>]<\/sup><\/a>&nbsp;<br \/>\nBla\u017eeni Augustin, u Arhimandrit Rafail Karelin, <em>Tajnata na spasenieto, <\/em>Manastir ,,Sveti Atanasij Veliki&rdquo;, \u017dur\u010de &#8211; Demir Hisar 2008., str. 68.<br \/>\n<\/span><\/p>\n<\/div>\n<div id=\"ftn217\">\n<p class=\"MsoNormal\" style=\"line-height: 150%;\"><span style=\"font-size: 8.0pt;\"><a name=\"_ftn217\"><\/a><a href=\"#_ftnref217\"><sup>[<span style=\"font-family: 'times new roman', \n\ntimes;\"><strong>217<\/strong><\/span>]<\/sup><\/a>&nbsp;<br \/>\nMitropolit Jerotej Vlahos, <em>Obolelost i le\u010denje du\u0161e u pravoslavnom predanju<\/em><em>, <\/em>str. 18. <\/p>\n<p><\/span><\/p>\n<\/div>\n<div id=\"ftn218\">\n<p class=\"MsoNormal\" style=\"line-height: 150%;\"><span style=\"font-size: 8.0pt;\"><a name=\"_ftn218\"><\/a><a href=\"#_ftnref218\"><sup>[<span style=\"font-family: 'times new roman', \ntimes;\"><strong>218<\/strong><\/span>]<\/sup><\/a>&nbsp;<br \/>\nIbid.<\/p>\n<p><\/span><\/p>\n<\/div>\n<div id=\"ftn219\">\n<p class=\"MsoNormal\" style=\"line-height: 150%;\"><span style=\"font-size: 8.0pt;\"><a name=\"_ftn219\"><\/a><a href=\"#_ftnref219\"><sup>[<span style=\"font-family: 'times new roman', \ntimes;\"><strong>219<\/strong><\/span>]<\/sup><\/a>&nbsp;<br \/>\nIbid., str. 18.<br \/>\n<\/span><\/p>\n<\/div>\n<div id=\"ftn220\">\n<p class=\"MsoNormal\" style=\"line-height: 150%;\"><span style=\"font-size: 8.0pt;\"><a name=\"_ftn220\"><\/a><a href=\"#_ftnref220\"><sup>[<span style=\"font-family: 'times new roman', \ntimes;\"><strong>220<\/strong><\/span>]<\/sup><\/a>&nbsp;<br \/>\nIbid., str. 58.<br \/>\n<\/span><\/p>\n<\/div>\n<div id=\"ftn221\">\n<p class=\"MsoNormal\" style=\"line-height: 150%;\"><span style=\"font-size: 8.0pt;\"><a name=\"_ftn221\"><\/a><a href=\"#_ftnref221\"><sup>[<span style=\"font-family: 'times new roman', \ntimes;\"><strong>221<\/strong><\/span>]<\/sup><\/a>&nbsp;<br \/>\nIbid., str. 58-59.<br \/>\n<\/span><\/p>\n<\/div>\n<div id=\"ftn222\">\n<p class=\"MsoNormal\" style=\"line-height: 150%;\"><span style=\"font-size: 8.0pt;\"><a name=\"_ftn222\"><\/a><a href=\"#_ftnref222\"><sup>[<span style=\"font-family: 'times new roman', \ntimes;\"><strong>222<\/strong><\/span>]<\/sup><\/a>&nbsp;<br \/>\nArhimandrit Rafail Karelin, <em>Put spasenja u XXI veku,<\/em> str. 195.<br \/>\n<\/span><\/p>\n<\/div>\n<div id=\"ftn223\">\n<p class=\"MsoNormal\" style=\"line-height: 150%;\"><span style=\"font-size: 8.0pt;\"><a name=\"_ftn223\"><\/a><a href=\"#_ftnref223\"><sup>[<span style=\"font-family: 'times new roman', \ntimes;\"><strong>223<\/strong><\/span>]<\/sup><\/a>&nbsp;<br \/>\nArhimandrit Rafail Karelin, <em>Put spasenja u XXI veku,<\/em> str. 198. <\/p>\n<p><\/span><\/p>\n<\/div>\n<div id=\"ftn224\">\n<p class=\"MsoNormal\" style=\"line-height: 150%;\"><span style=\"font-size: 8.0pt;\"><a name=\"_ftn224\"><\/a><a href=\"#_ftnref224\"><sup>[<span style=\"font-family: 'times new roman', \ntimes;\"><strong>224<\/strong><\/span>]<\/sup><\/a>&nbsp;<br \/>\nStarac Pajsije, \u010c<em>uvajte du<\/em>\u0161<em>u (Razgovori sa starcem Pajsijem Svetogorcem o spasenju u savremenom svetu),<\/em> 4. izd., Biblioteka Obraz sveta\u010dki, Pravoslavna misionarska \u0161kola pri Hramu Svetog Aleksandra Nevskog, Beograd 2011., str. 36-37.<br \/>\n<\/span><\/p>\n<\/div>\n<div id=\"ftn225\">\n<p class=\"MsoNormal\" style=\"line-height: 150%;\"><span style=\"font-size: 8.0pt;\"><a name=\"_ftn225\"><\/a><a href=\"#_ftnref225\"><sup>[<span style=\"font-family: 'times new roman', \ntimes;\"><strong>225<\/strong><\/span>]<\/sup><\/a>&nbsp;<br \/>\nGoran Veljkovi\u0107, <em>Pravoslavni podsetnik za prostu 2014.<\/em><em>,<\/em> Duhovni lug, Kragujevac 2014., str. 62.<\/p>\n<p><\/span><\/p>\n<\/div>\n<p class=\"MsoNormal\" style=\"line-height: 150%;\">&nbsp;<\/p>\n<p class=\"MsoNormal\" style=\"line-height: 170%;\"><strong>Literatura:<\/strong><\/p>\n<p class=\"MsoNormal\" style=\"line-height: 170%;\">\u0410\u0440\u0445\u0438\u043c\u0430\u043d\u0434\u0440\u0438\u0442 \u0420\u0430\u0444\u0430\u0438\u043b \u041a\u0430\u0440\u0435\u043b\u0438\u043d, <em>\u041f\u0443\u0442 \u0441\u043f\u0430\u0441\u0435\u045a<\/em><em>a<\/em><em> \u0443 <\/em><em>XXI<\/em><em> \u0432\u0435\u043a\u0443<\/em>, \u0411\u0438\u0431\u043b\u0438\u043e\u0442\u0435\u043a\u0430 \u041e\u0447\u0435\u0432 \u0434\u043e\u043c \u043f\u0440\u0438 \u0412\u0435\u0440\u0441\u043a\u043e\u043c \u0434\u043e\u0431\u0440\u043e\u0442\u0432\u043e\u0440\u043d\u043e\u043c \u0441\u0442\u0430\u0440\u0430\u0442\u0435\u0459\u0441\u0442\u0432\u0443 \u0410\u0440\u0445\u0438\u0435\u043f\u0438\u0441\u043a\u043e\u043f\u0438\u0458\u0435 \u0431\u0435\u043e\u0433\u0440\u0430\u0434\u0441\u043a\u043e &#8211; \u043a\u0430\u0440\u043b\u043e\u0432\u0430\u0447\u043a\u0435, \u0411\u0435\u043e\u0433\u0440\u0430\u0434 2011.<\/p>\n<p class=\"MsoNormal\" style=\"line-height: 170%;\">Arhimandrit Rafail Karelin, <em>Put spasenja u XXI veku,<\/em> Biblioteka O\u010dev dom pri Verskom dobrotvornom starateljstvu Arhiepiskopije beogradsko &#8211; karlova\u010dke., Beograd 2011. <\/p>\n<p class=\"MsoNormal\" style=\"line-height: 170%;\">\u0410\u0440\u0445\u0438\u043c\u0430\u043d\u0434\u0440\u0438\u0442 \u0420\u0430\u0444\u0430\u0438\u043b \u041a\u0430\u0440\u0435\u043b\u0438\u043d, <em>\u0422\u0430\u0458\u043d\u0430\u0442\u0430 \u043d\u0430 \u0441\u043f\u0430\u0441\u0435\u043d\u0438\u0435\u0442\u043e<\/em>, \u041c\u0430\u043d\u0430\u0441\u0442\u0438\u0440 ,,\u0421\u0432\u0435\u0442\u0438 \u0410\u0442\u0430\u043d\u0430\u0441\u0438\u0458 \u0412\u0435\u043b\u0438\u043a\u0438&rdquo;, \u0416\u0443\u0440\u0447\u0435 &#8211; \u0414\u0435\u043c\u0438\u0440 \u0425\u0438\u0441\u0430\u0440 2008.<\/p>\n<p class=\"MsoNormal\" style=\"line-height: 170%;\">Arhimandrit Rafail Karelin, <em>Tajnata na spasenieto,<\/em> Manastir ,,Sveti Atanasij Veliki&rdquo;, \u017dur\u010de &#8211; Demir Hisar 2008.<\/p>\n<p class=\"MsoNormal\" style=\"line-height: 170%;\">Baran, Stanley. J., i Davis, Dennis. K., <em>Mass Communication Theory (Foundation, Ferment and Future),<\/em> 4th ed., Thomson Wadsworth, Belmont 2006.<\/p>\n<p class=\"MsoNormal\" style=\"line-height: 170%;\">\u0411\u043e\u0441\u043e\u0442\u043e\u0432\u0430 \u0409 \u0438 \u0427\u0430\u0434\u0438\u043a\u043e\u0432\u0441\u043a\u0430, \u0414.,<em> \u041b\u0430\u0442\u0438\u043d\u0441\u043a\u0438 \u0458\u0430\u0437\u0438\u043a \u0437\u0430 III \u0433\u043e\u0434\u0438\u043d\u0430 \u043a\u0443\u043b\u0442\u0443\u0440\u043e\u043b\u043e\u0448\u043a\u0430 \u0441\u0442\u0440\u0443\u043a\u0430,<\/em> III \u0438\u0437\u0434., \u041f\u0440\u043e\u0441\u0432\u0435\u0442\u043d\u043e \u0434\u0435\u043b\u043e, \u0421\u043a\u043e\u043f\u0458\u0435 1990. <\/p>\n<p class=\"MsoNormal\" style=\"line-height: 170%;\">Bosotova LJ. i \u010cadikovska D., <em>Latinski jazik za <\/em><em>III godina kulturolo\u0161ka struka,<\/em> III izd., Prosvetno delo, Skopje 1990.<\/p>\n<p class=\"MsoNormal\" style=\"line-height: 170%;\">Chandler, Daniel. i Munday, Rod., <em>Media and Communication<\/em>, Oxford University Press, Oxford and New York 2011.<\/p>\n<p class=\"MsoNormal\" style=\"line-height: 170%;\">Fiske, John,. <em>Television Culture<\/em>, Methuen, London and NewYork 1987.<\/p>\n<p class=\"MsoNormal\" style=\"line-height: 170%;\">\u0413\u0440\u0443\u0435\u0432\u0441\u043a\u0438, \u0422ome, <em>\u041a\u043e\u043c\u0443\u043d\u0438\u043a\u043e\u043b\u043e\u0433\u0438\u0458\u0430,<\/em> \u0421\u0442\u0443\u0434\u0438\u043e\u0440\u0443\u043c, \u0421\u043a\u043e\u043f\u0458\u0435 2011. <\/p>\n<p class=\"MsoNormal\" style=\"line-height: 170%;\">Gruevski, \u0422ome, <em>Komunikologija, <\/em>Studiorum, Skopje 2011.<strong><\/strong><\/p>\n<p class=\"MsoNormal\" style=\"line-height: 170%;\">Mek Kvin, Dejvid, B., <em>Televizija (medijski priru\u010dnik)<\/em>, Clio, Beograd 2000.<\/p>\n<p class=\"MsoNormal\" style=\"line-height: 170%;\">\u041c\u0438\u0442\u0440\u043e\u043f\u043e\u043b\u0438\u0442 \u0408\u0435\u0440\u043e\u0442\u0435\u0458 \u0412\u043b\u0430\u0445\u043e\u0441, <em>\u041e\u0431\u043e\u043b\u0435\u043b\u043e\u0441\u0442 \u0438 \u043b\u0435\u0447\u0435\u045a\u0435 \u0434\u0443\u0448\u0435 \u0443 \u043f\u0440\u0430\u0432\u043e\u0441\u043b\u0430\u0432\u043d\u043e\u043c \u043f\u0440\u0435\u0434\u0430\u045a\u0443<\/em>, \u0443: \u0408. \u0421\u0440\u0431\u0443\u0459 (\u0443\u0440\u0435\u0434.), <em>\u041b\u0435\u0447\u0435\u045a\u0435 \u0434\u0443\u0448\u0435 \u0443 \u041f\u0440\u0430\u0432\u043e\u0441\u043b\u0430\u0432\u043d\u043e\u0458 \u0426\u0440\u043a\u0432\u0438<\/em>, \u0411\u0438\u0431\u043b\u0438\u043e\u0442\u0435\u043a\u0430 \u041e\u0447\u0435\u0432 \u0434\u043e\u043c \u043f\u0440\u0438 \u0412\u0435\u0440\u0441\u043a\u043e\u043c \u0434\u043e\u0431\u0440\u043e\u0442\u0432\u043e\u0440\u043d\u043e\u043c \u0441\u0442\u0430\u0440\u0430\u0442\u0435\u0459\u0441\u0442\u0432\u0443 \u0410\u0440\u0445\u0438\u0435\u043f\u0438\u0441\u043a\u043e\u043f\u0438\u0458\u0435 \u0431\u0435\u043e\u0433\u0440\u0430\u0434\u0441\u043a\u043e &#8211; \u043a\u0430\u0440\u043b\u043e\u0432\u0430\u0447\u043a\u0435, \u0411\u0435\u043e\u0433\u0440\u0430\u0434 2010., \u0441\u0442\u0440. 5-73.<\/p>\n<p class=\"MsoNormal\" style=\"line-height: 170%;\">Mitropolit Jerotej Vlahos, <em>Obolelost i le\u010denje du\u0161e u pravoslavnom predanju<\/em><em>,<\/em> u: J. Srbulj (ured.), <em>Le<\/em>\u010d<em>enje du<\/em>\u0161<em>e u Pravoslavnoj Crkvi<\/em>, Biblioteka O\u010dev dom pri Verskom dobrotvornom starateljstvu Arhiepiskopije beogradsko &#8211; karlova\u010dke, Beograd 2010., str. 5-73. <\/p>\n<p class=\"MsoNormal\" style=\"line-height: 170%;\">\u041c\u0438\u045c\u0443\u043d\u043e\u0432\u0438\u045c, \u0409\u0443\u0431\u043e, <em>\u0421\u043e\u0432\u0440\u0435\u043c\u0435\u043d \u043b\u0435\u043a\u0441\u0438\u043a\u043e\u043d \u043d\u0430 \u0441\u0442\u0440\u0430\u043d\u0441\u043a\u0438 \u0437\u0431\u043e\u0440\u043e\u0432\u0438 \u0438 \u0438\u0437\u0440\u0430\u0437\u0438<\/em>, \u041d\u0430\u0448\u0430 \u043a\u043d\u0438\u0433\u0430, \u0421\u043a\u043e\u043f\u0458\u0435 1990.<\/p>\n<p class=\"MsoNormal\" style=\"line-height: 170%;\">Mi\u0107unovi\u0107, Ljubo, <em>Sovremen leksikon na stranski zborovi i izrazi<\/em>, Na\u0161a kniga, Skopje 1990.<\/p>\n<p class=\"MsoNormal\" style=\"line-height: 170%;\">O&rsquo; Rourke, James, S., <em>Management Communication (A case- analysis aproach)<\/em>, Prentice Hall, New Yersey, 2001. <\/p>\n<p class=\"MsoNormal\" style=\"line-height: 170%;\">\u0421\u0432\u0435\u0442\u0438 \u0418\u0433\u045a\u0430\u0442\u0438\u0458\u0435 \u0411\u0440\u0458\u0430\u043d\u0447\u0430\u043d\u0438\u043d\u043e\u0432, <em>\u0415\u043d\u0446\u0438\u043a\u043b\u043e\u043f\u0435\u0434\u0438\u0458\u0430 \u043f\u0440\u0430\u0432\u043e\u0441\u043b\u0430\u0432\u043d\u043e\u0433 \u0434\u0443\u0445\u043e\u0432\u043d\u043e\u0433 \u0436\u0438\u0432\u043e\u0442\u0430<\/em>, 2. \u0438\u0437\u0434., \u041f\u0440\u0430\u0432\u043e\u0441\u043b\u0430\u0432\u043d\u0430 \u043c\u0438\u0441\u0438\u043e\u043d\u0430\u0440\u0441\u043a\u0430 \u0448\u043a\u043e\u043b\u0430 \u043f\u0440\u0438 \u0445\u0440\u0430\u043c\u0443 \u0421\u0432\u0435\u0442\u043e\u0433 \u0410\u043b\u0435\u043a\u0441\u0430\u043d\u0434\u0440\u0430 \u041d\u0435\u0432\u0441\u043a\u043e\u0433, \u0411\u0435\u043e\u0433\u0440\u0430\u0434 2008.<\/p>\n<p class=\"MsoNormal\" style=\"line-height: 170%;\">Sveti Ignjatije Brjan\u010daninov, <em>Enciklopedija pravoslavnog duhovnog <\/em>\u017e<em>ivota, <\/em>2. izd., Pravoslavna misionarska \u0161kola pri hramu Svetog Aleksandra Nevskog, Beograd 2008.<\/p>\n<p class=\"MsoNormal\" style=\"line-height: 170%;\">\u0421\u0432\u0435\u0442\u0438 \u0418\u0441\u0430\u043a \u0421\u0438\u0440\u0438\u0458\u0441\u043a\u0438, <em>\u041f\u043e\u0434\u0432\u0438\u0436\u043d\u0438\u0447\u043a\u0430 \u0441\u043b\u043e\u0432\u0430, <\/em>3. \u0438\u0437\u0434., \u041f\u0440\u0430\u0432\u043e\u0441\u043b\u0430\u0432\u043d\u0430 \u043c\u0438\u0441\u0438\u043e\u043d\u0430\u0440\u0441\u043a\u0430 \u0448\u043a\u043e\u043b\u0430 \u043f\u0440\u0438 \u0445\u0440\u0430\u043c\u0443 \u0421\u0432\u0435\u0442\u043e\u0433 \u0410\u043b\u0435\u043a\u0441\u0430\u043d\u0434\u0440\u0430 \u041d\u0435\u0432\u0441\u043a\u043e\u0433, \u0411\u0435\u043e\u0433\u0440\u0430\u0434 2016.<\/p>\n<p class=\"MsoNormal\" style=\"line-height: 170%;\">Sveti Isak Sirijski, <em>Podvi\u017eni\u010dka slova<\/em>, 3. izd., Pravoslavna misionarska \u0161kola pri hramu Svetog Aleksandra Nevskog, Beograd 2016. <\/p>\n<p class=\"MsoNormal\" style=\"line-height: 170%;\">\u0421\u0432\u0435\u0442\u043e\u0441\u0430\u0432\u0430\u0446, <em>\u0421\u0442\u0430\u0440\u0438\u0458\u0435 \u0433\u0435\u043d\u0435\u0440\u0430\u0446\u0438\u0458\u0435 \u0441\u0443 \u043e\u0434\u0433\u043e\u0432\u043e\u0440\u043d\u0435 \u0437\u0430 \u043f\u043e\u0440\u043e\u043a\u0435 \u043c\u043b\u0430\u0434\u0438\u0445, <\/em>\u041f\u0430\u0440\u043e\u0445\u0438\u0458\u0441\u043a\u0438 \u043b\u0438\u0441\u0442 \u0425\u0440\u0430\u043c\u0430 \u0421\u0432\u0435\u0442\u043e\u0433 \u0421\u0430\u0432\u0435 \u0443 \u0411\u0435\u043e\u0433\u0440\u0430\u0434\u0443, 63, (VII-VIII\/2014.), \u0425\u0440\u0430\u043c \u0421\u0432\u0435\u0442\u043e\u0433 \u0421\u0430\u0432\u0435, \u0411\u0435\u043e\u0433\u0440\u0430\u0434:<\/p>\n<p class=\"MsoNormal\" style=\"line-height: 170%;\">Svetosavac<em>, <\/em><em>Starije generacije su odgovorne za poroke mladih<\/em>, .Parohijski list Hrama Svetog Save u Beogradu, 63, (VII-VIII\/2014.), Hram Svetog Save, Beograd<\/p>\n<p class=\"MsoNormal\" style=\"line-height: 170%;\">\u0421\u0442\u0430\u0440\u0430\u0446 \u041f\u0430\u0458\u0441\u0438\u0458\u0435. <em>\u0427\u0443\u0432\u0430\u0458\u0442\u0435 \u0434\u0443\u0448\u0443 (\u0420\u0430\u0437\u0433\u043e\u0432\u043e\u0440\u0438 \u0441\u0430 \u0441\u0442\u0430\u0440\u0446\u0435\u043c \u041f\u0430\u0458\u0441\u0438\u0458\u0435\u043c \u0421\u0432\u0435\u0442\u043e\u0433\u043e\u0440\u0446\u0435\u043c \u043e \u0441\u043f\u0430\u0441\u0435\u045a\u0443 \u0443 \u0441\u0430\u0432\u0440\u0435\u043c\u0435\u043d\u043e\u043c \u0441\u0432\u0435\u0442\u0443)<\/em>, 4. \u0438\u0437\u0434., \u0411\u0438\u0431\u043b\u0438\u043e\u0442\u0435\u043a\u0430 \u041e\u0431\u0440\u0430\u0437 \u0441\u0432\u0435\u0442\u0430\u0447\u043a\u0438, \u041f\u0440\u0430\u0432\u043e\u0441\u043b\u0430\u0432\u043d\u0430 \u043c\u0438\u0441\u0438\u043e\u043d\u0430\u0440\u0441\u043a\u0430 \u0448\u043a\u043e\u043b\u0430 \u043f\u0440\u0438 \u0425\u0440\u0430\u043c\u0443 \u0421\u0432\u0435\u0442\u043e\u0433 \u0410\u043b\u0435\u043a\u0441\u0430\u043d\u0434\u0440\u0430 \u041d\u0435\u0432\u0441\u043a\u043e\u0433, \u0411\u0435\u043e\u0433\u0440\u0430\u0434 2011. <\/p>\n<p class=\"MsoNormal\" style=\"line-height: 170%;\">Starac Pajsije, \u010c<em>uvajte du<\/em>\u0161<em>u (Razgovori sa starcem Pajsijem Svetogorcem o spasenju u savremenom svetu),<\/em> 4. izd., Biblioteka Obraz sveta\u010dki, Pravoslavna misionarska \u0161kola pri Hramu Svetog Aleksandra Nevskog, Beograd 2011. <\/p>\n<p class=\"MsoNormal\" style=\"line-height: 170%;\">Tjurou, D\u017eozef., <em>Mediji danas, Uvod u masovne komunikacije<\/em>, Clio, Beograd 2012.<\/p>\n<p class=\"MsoNormal\" style=\"line-height: 170%;\">\u0412\u0435\u0459\u043a\u043e\u0432\u0438\u045b, \u0413\u043e\u0440\u0430\u043d, <em>\u041f\u0440\u0430\u0432\u043e\u0441\u043b\u0430\u0432\u043d\u0438 \u043f\u043e\u0434\u0441\u0435\u0442\u043d\u0438\u043a \u0437\u0430 \u043f\u0440\u043e\u0441\u0442\u0443 2014<\/em>., \u0414\u0443\u0445\u043e\u0432\u043d\u0438 \u043b\u0443\u0433. \u041a\u0440\u0430\u0433\u0443\u0458\u0435\u0432\u0430\u0446 2014.<\/p>\n<p class=\"MsoNormal\" style=\"line-height: 170%;\">Veljkovi\u0107, Goran, <em>Pravoslavni podsetnik za prostu 2014.<\/em><em>,<\/em> Duhovni lug, Kragujevac 2014. <\/p>\n<p class=\"MsoNormal\" style=\"line-height: 170%;\">Winn, Marie<em>, The Plug-in Drug<\/em>, Viking Press, Penguin, New York 1977.<\/p>\n<p class=\"MsoNormal\" style=\"line-height: 150%;\">&nbsp;<\/p>\n<p style=\"text-align: center;\" align=\"center\"><strong> <span style=\"font-size: 13.0pt; line-height: 150%;\">Television and Human Soul<\/span><\/strong><\/p>\n<p class=\"MsoNormal\" style=\"line-height: 150%;\">&nbsp;<\/p>\n<p style=\"margin: 0cm 48.6pt 0.0001pt 54pt; line-height: 170%;\"><em><strong>Abstract<\/strong><\/em><\/p>\n<p class=\"MsoBodyText\" style=\"margin-top: 0cm; margin-right: 48.6pt; margin-bottom: .0001pt; margin-left: 54.0pt; line-height: 150%;\"><span style=\"font-size: 12.0pt; line-height: 150%; font-family: 'Times New Roman';\" lang=\"SR\">&nbsp;<\/span><\/p>\n<p class=\"MsoBodyText\" style=\"margin-top: 0cm; margin-right: 48.6pt; margin-bottom: .0001pt; margin-left: 54.0pt; line-height: 170%;\"><em><br \/>\n\u201cWhat is the benefit of the human if he obtains the whole world and damage the soul? Or what kind of ransom will give the man for his soul?\u201d (Mt 16, 26, Mk 8, 36-37).<br \/>\n<\/em><\/p>\n<p><span style=\"mso-tab-count: 1;\">&nbsp;&nbsp;&nbsp;&nbsp;&nbsp;&nbsp;<\/span><\/p>\n<p class=\"MsoBodyText\" style=\"margin-top: 0cm; margin-right: 48.6pt; margin-bottom: .0001pt; margin-left: 54.0pt; line-height: 170%;\"><em><br \/>\nThe goal of the human life is the salvation of the soul. The human must save his soul from the harmful sights. The aim of this paper is to research how the television as mass media influence on the human soul. Thus, the author analyzes the influence of television on the mind, wish and will of the human that is exposed to media contents. In the paper are offered conclusions about the negative effects of television on human souls and it is recommended selective and as short as possible exposure to television programs.<\/em><\/p>\n<p class=\"MsoBodyText\" style=\"margin-top: 0cm; margin-right: 48.6pt; margin-bottom: .0001pt; margin-left: 54.0pt; line-height: 170%;\">&nbsp;<\/p>\n<p style=\"margin: 0cm 48.6pt 0.0001pt 54pt; line-height: 170%;\"><strong><em>Key words:<\/em><\/strong> <em>television, human soul, mass media.<\/em><\/p>\n<p class=\"MsoNormal\" style=\"line-height: 150%;\">&nbsp;<\/p>\n<p class=\"MsoNormal\" style=\"line-height: 150%;\">&nbsp;<\/p>\n","protected":false},"excerpt":{"rendered":"<p>IX Uz deveti simpozij Filozofija medija (2019). &nbsp; &nbsp; &nbsp;9(16)#1 2020 \u010casopis je otvorenog pristupa, a ovo djelo je dano na kori\u0161tenje pod licencom Creative Commons Imenovanje-Nekomercijalno 4.0 me\u0111unarodna. DOI 10.46640\/imr.9.16.1 UDK 304.9:316.774 Pregledni \u010dlanak Review article Primljeno: 02.03.2020. &nbsp; &nbsp; Divna Vuksanovi\u0107 i Dragan \u0106alovi\u0107 Fakultet dramskih umetnosti, Univerzitet umetnosti, Srbija vuksanovic.divna@gmail.com Fakultet za [&hellip;]<\/p>\n","protected":false},"author":2,"featured_media":347,"comment_status":"open","ping_status":"open","sticky":false,"template":"","format":"standard","meta":{"_acf_changed":false,"_et_pb_use_builder":"","_et_pb_old_content":"","_et_gb_content_width":"","footnotes":""},"categories":[81],"tags":[631,407,287,325,586,634,154,609,632,629,636,637,635,126,630,638,640,639,642,628,627,633,641,292],"class_list":["post-348","post","type-post","status-publish","format-standard","has-post-thumbnail","hentry","category-in-medias-res-broj-16","tag-can-intracommunicology-assist-the-philosophy-of-the-media","tag-daniela-blazevska","tag-divna-vuksanovic","tag-dragan-calovic","tag-fahira-fejzic-cengic","tag-fast-choices-and-emancipatory-spaces-complex-reality-of-online-dating-apps","tag-fulvio-suran","tag-iva-paska","tag-ivan-balabanic","tag-ivana-greguric-knezevic","tag-jelena-hadzic","tag-marko-poljak","tag-masa-martinic","tag-nenad-vertovsek","tag-philosophy-and-consciousness-in-the-future-cyborgs-and-artificial-intelligence-waiting-for-immortality","tag-preliminary-communication-and-research-in-humanistic-sociology-series-models-for-adoption-of-new-technologies-considering-influence-of-communication-on-individuals-behavior","tag-sasa-marinovic","tag-sloboda-na-rubu-novih-medija","tag-televizija-i-ljudska-dusa","tag-the-body-narcissism-of-the-media","tag-the-possibility-of-critique-in-an-era-ruled-by-the-media","tag-the-social-doctrine-and-presence-of-the-catholic-church-in-the-media","tag-tijelo-kao-medij-svijeta","tag-zeljko-rutovic","et-has-post-format-content","et_post_format-et-post-format-standard"],"acf":[],"yoast_head":"<!-- This site is optimized with the Yoast SEO plugin v27.4 - https:\/\/yoast.com\/product\/yoast-seo-wordpress\/ -->\n<title>\u010clanci IN MEDIAS RES br. 16 - In Medias Res - \u010casopis centra za filozofiju medija<\/title>\n<meta name=\"robots\" content=\"index, follow, max-snippet:-1, max-image-preview:large, max-video-preview:-1\" \/>\n<link rel=\"canonical\" href=\"https:\/\/centar-fm.org\/inmediasres\/index.php\/clanci-in-medias-res-br-16\/\" \/>\n<meta property=\"og:locale\" content=\"en_US\" \/>\n<meta property=\"og:type\" content=\"article\" \/>\n<meta property=\"og:title\" content=\"\u010clanci IN MEDIAS RES br. 16 - In Medias Res - \u010casopis centra za filozofiju medija\" \/>\n<meta property=\"og:description\" content=\"IX Uz deveti simpozij Filozofija medija (2019). &nbsp; &nbsp; &nbsp;9(16)#1 2020 \u010casopis je otvorenog pristupa, a ovo djelo je dano na kori\u0161tenje pod licencom Creative Commons Imenovanje-Nekomercijalno 4.0 me\u0111unarodna. DOI 10.46640\/imr.9.16.1 UDK 304.9:316.774 Pregledni \u010dlanak Review article Primljeno: 02.03.2020. &nbsp; &nbsp; Divna Vuksanovi\u0107 i Dragan \u0106alovi\u0107 Fakultet dramskih umetnosti, Univerzitet umetnosti, Srbija vuksanovic.divna@gmail.com Fakultet za [&hellip;]\" \/>\n<meta property=\"og:url\" content=\"https:\/\/centar-fm.org\/inmediasres\/index.php\/clanci-in-medias-res-br-16\/\" \/>\n<meta property=\"og:site_name\" content=\"In Medias Res - \u010casopis centra za filozofiju medija\" \/>\n<meta property=\"article:published_time\" content=\"2020-05-25T07:23:09+00:00\" \/>\n<meta property=\"og:image\" content=\"https:\/\/centar-fm.org\/inmediasres\/wp-content\/uploads\/sites\/2\/2020\/05\/inmediasresno1malo16.png\" \/>\n\t<meta property=\"og:image:width\" content=\"70\" \/>\n\t<meta property=\"og:image:height\" content=\"103\" \/>\n\t<meta property=\"og:image:type\" content=\"image\/png\" \/>\n<meta name=\"author\" content=\"Super User\" \/>\n<meta name=\"twitter:card\" content=\"summary_large_image\" \/>\n<meta name=\"twitter:label1\" content=\"Written by\" \/>\n\t<meta name=\"twitter:data1\" content=\"Super User\" \/>\n\t<meta name=\"twitter:label2\" content=\"Est. reading time\" \/>\n\t<meta name=\"twitter:data2\" content=\"264 minutes\" \/>\n<script type=\"application\/ld+json\" class=\"yoast-schema-graph\">{\"@context\":\"https:\\\/\\\/schema.org\",\"@graph\":[{\"@type\":\"Article\",\"@id\":\"https:\\\/\\\/centar-fm.org\\\/inmediasres\\\/index.php\\\/clanci-in-medias-res-br-16\\\/#article\",\"isPartOf\":{\"@id\":\"https:\\\/\\\/centar-fm.org\\\/inmediasres\\\/index.php\\\/clanci-in-medias-res-br-16\\\/\"},\"author\":{\"name\":\"Super User\",\"@id\":\"https:\\\/\\\/centar-fm.org\\\/inmediasres\\\/#\\\/schema\\\/person\\\/ae49dcc23965665608f66120db8245a4\"},\"headline\":\"\u010clanci IN MEDIAS RES br. 16\",\"datePublished\":\"2020-05-25T07:23:09+00:00\",\"mainEntityOfPage\":{\"@id\":\"https:\\\/\\\/centar-fm.org\\\/inmediasres\\\/index.php\\\/clanci-in-medias-res-br-16\\\/\"},\"wordCount\":53075,\"commentCount\":0,\"image\":{\"@id\":\"https:\\\/\\\/centar-fm.org\\\/inmediasres\\\/index.php\\\/clanci-in-medias-res-br-16\\\/#primaryimage\"},\"thumbnailUrl\":\"https:\\\/\\\/centar-fm.org\\\/inmediasres\\\/wp-content\\\/uploads\\\/sites\\\/2\\\/2020\\\/05\\\/inmediasresno1malo16.png\",\"keywords\":[\"Can Intracommunicology Assist the Philosophy of the Media?\",\"Daniela Bla\u017eevska\",\"Divna Vuksanovi\u0107\",\"Dragan \u0106alovi\u0107\",\"Fahira Fejzi\u0107-\u010cengi\u0107\",\"Fast Choices and Emancipatory Spaces: Complex Reality of Online dating Apps\",\"Fulvio \u0160uran\",\"Iva Paska\",\"Ivan Balabani\u0107\",\"Ivana Greguric Kne\u017eevi\u0107\",\"Jelena Had\u017ei\u0107\",\"Marko Poljak\",\"Ma\u0161a Martini\u0107\",\"Nenad Vertov\u0161ek\",\"Philosophy and Consciousness in the Future: Cyborgs and Artificial Intelligence waiting for Immortality\",\"Preliminary Communication and research in Humanistic Sociology Series: Models for adoption of New Technologies considering Influence of Communication on individuals\u2019 Behavior\",\"Sa\u0161a Marinovi\u0107\",\"Sloboda na rubu novih medija\",\"Televizija i ljudska du\u0161a\",\"The Body: Narcissism of the Media\",\"The Possibility of Critique in an Era ruled by the Media\",\"The Social Doctrine and Presence of the Catholic Church in the Media\",\"Tijelo kao medij svijeta\",\"\u017deljko Rutovi\u0107\"],\"articleSection\":[\"In Medias Res broj 16\"],\"inLanguage\":\"en-US\",\"potentialAction\":[{\"@type\":\"CommentAction\",\"name\":\"Comment\",\"target\":[\"https:\\\/\\\/centar-fm.org\\\/inmediasres\\\/index.php\\\/clanci-in-medias-res-br-16\\\/#respond\"]}]},{\"@type\":\"WebPage\",\"@id\":\"https:\\\/\\\/centar-fm.org\\\/inmediasres\\\/index.php\\\/clanci-in-medias-res-br-16\\\/\",\"url\":\"https:\\\/\\\/centar-fm.org\\\/inmediasres\\\/index.php\\\/clanci-in-medias-res-br-16\\\/\",\"name\":\"\u010clanci IN MEDIAS RES br. 16 - In Medias Res - \u010casopis centra za filozofiju medija\",\"isPartOf\":{\"@id\":\"https:\\\/\\\/centar-fm.org\\\/inmediasres\\\/#website\"},\"primaryImageOfPage\":{\"@id\":\"https:\\\/\\\/centar-fm.org\\\/inmediasres\\\/index.php\\\/clanci-in-medias-res-br-16\\\/#primaryimage\"},\"image\":{\"@id\":\"https:\\\/\\\/centar-fm.org\\\/inmediasres\\\/index.php\\\/clanci-in-medias-res-br-16\\\/#primaryimage\"},\"thumbnailUrl\":\"https:\\\/\\\/centar-fm.org\\\/inmediasres\\\/wp-content\\\/uploads\\\/sites\\\/2\\\/2020\\\/05\\\/inmediasresno1malo16.png\",\"datePublished\":\"2020-05-25T07:23:09+00:00\",\"author\":{\"@id\":\"https:\\\/\\\/centar-fm.org\\\/inmediasres\\\/#\\\/schema\\\/person\\\/ae49dcc23965665608f66120db8245a4\"},\"breadcrumb\":{\"@id\":\"https:\\\/\\\/centar-fm.org\\\/inmediasres\\\/index.php\\\/clanci-in-medias-res-br-16\\\/#breadcrumb\"},\"inLanguage\":\"en-US\",\"potentialAction\":[{\"@type\":\"ReadAction\",\"target\":[\"https:\\\/\\\/centar-fm.org\\\/inmediasres\\\/index.php\\\/clanci-in-medias-res-br-16\\\/\"]}]},{\"@type\":\"ImageObject\",\"inLanguage\":\"en-US\",\"@id\":\"https:\\\/\\\/centar-fm.org\\\/inmediasres\\\/index.php\\\/clanci-in-medias-res-br-16\\\/#primaryimage\",\"url\":\"https:\\\/\\\/centar-fm.org\\\/inmediasres\\\/wp-content\\\/uploads\\\/sites\\\/2\\\/2020\\\/05\\\/inmediasresno1malo16.png\",\"contentUrl\":\"https:\\\/\\\/centar-fm.org\\\/inmediasres\\\/wp-content\\\/uploads\\\/sites\\\/2\\\/2020\\\/05\\\/inmediasresno1malo16.png\",\"width\":70,\"height\":103,\"caption\":\"inmediasres16\"},{\"@type\":\"BreadcrumbList\",\"@id\":\"https:\\\/\\\/centar-fm.org\\\/inmediasres\\\/index.php\\\/clanci-in-medias-res-br-16\\\/#breadcrumb\",\"itemListElement\":[{\"@type\":\"ListItem\",\"position\":1,\"name\":\"Po\u010detna stranica\",\"item\":\"https:\\\/\\\/centar-fm.org\\\/inmediasres\\\/\"},{\"@type\":\"ListItem\",\"position\":2,\"name\":\"\u010clanci IN MEDIAS RES br. 16\"}]},{\"@type\":\"WebSite\",\"@id\":\"https:\\\/\\\/centar-fm.org\\\/inmediasres\\\/#website\",\"url\":\"https:\\\/\\\/centar-fm.org\\\/inmediasres\\\/\",\"name\":\"In Medias Res - \u010casopis centra za filozofiju medija\",\"description\":\"\",\"potentialAction\":[{\"@type\":\"SearchAction\",\"target\":{\"@type\":\"EntryPoint\",\"urlTemplate\":\"https:\\\/\\\/centar-fm.org\\\/inmediasres\\\/?s={search_term_string}\"},\"query-input\":{\"@type\":\"PropertyValueSpecification\",\"valueRequired\":true,\"valueName\":\"search_term_string\"}}],\"inLanguage\":\"en-US\"},{\"@type\":\"Person\",\"@id\":\"https:\\\/\\\/centar-fm.org\\\/inmediasres\\\/#\\\/schema\\\/person\\\/ae49dcc23965665608f66120db8245a4\",\"name\":\"Super User\",\"image\":{\"@type\":\"ImageObject\",\"inLanguage\":\"en-US\",\"@id\":\"https:\\\/\\\/secure.gravatar.com\\\/avatar\\\/5ac3fc5ccca7755fa3f558fed4a39be2232c6585e68bd398c790d57375dde921?s=96&d=mm&r=g\",\"url\":\"https:\\\/\\\/secure.gravatar.com\\\/avatar\\\/5ac3fc5ccca7755fa3f558fed4a39be2232c6585e68bd398c790d57375dde921?s=96&d=mm&r=g\",\"contentUrl\":\"https:\\\/\\\/secure.gravatar.com\\\/avatar\\\/5ac3fc5ccca7755fa3f558fed4a39be2232c6585e68bd398c790d57375dde921?s=96&d=mm&r=g\",\"caption\":\"Super User\"},\"url\":\"https:\\\/\\\/centar-fm.org\\\/inmediasres\\\/index.php\\\/author\\\/amynovcfmweb\\\/\"}]}<\/script>\n<!-- \/ Yoast SEO plugin. -->","yoast_head_json":{"title":"\u010clanci IN MEDIAS RES br. 16 - In Medias Res - \u010casopis centra za filozofiju medija","robots":{"index":"index","follow":"follow","max-snippet":"max-snippet:-1","max-image-preview":"max-image-preview:large","max-video-preview":"max-video-preview:-1"},"canonical":"https:\/\/centar-fm.org\/inmediasres\/index.php\/clanci-in-medias-res-br-16\/","og_locale":"en_US","og_type":"article","og_title":"\u010clanci IN MEDIAS RES br. 16 - In Medias Res - \u010casopis centra za filozofiju medija","og_description":"IX Uz deveti simpozij Filozofija medija (2019). &nbsp; &nbsp; &nbsp;9(16)#1 2020 \u010casopis je otvorenog pristupa, a ovo djelo je dano na kori\u0161tenje pod licencom Creative Commons Imenovanje-Nekomercijalno 4.0 me\u0111unarodna. DOI 10.46640\/imr.9.16.1 UDK 304.9:316.774 Pregledni \u010dlanak Review article Primljeno: 02.03.2020. &nbsp; &nbsp; Divna Vuksanovi\u0107 i Dragan \u0106alovi\u0107 Fakultet dramskih umetnosti, Univerzitet umetnosti, Srbija vuksanovic.divna@gmail.com Fakultet za [&hellip;]","og_url":"https:\/\/centar-fm.org\/inmediasres\/index.php\/clanci-in-medias-res-br-16\/","og_site_name":"In Medias Res - \u010casopis centra za filozofiju medija","article_published_time":"2020-05-25T07:23:09+00:00","og_image":[{"width":70,"height":103,"url":"https:\/\/centar-fm.org\/inmediasres\/wp-content\/uploads\/sites\/2\/2020\/05\/inmediasresno1malo16.png","type":"image\/png"}],"author":"Super User","twitter_card":"summary_large_image","twitter_misc":{"Written by":"Super User","Est. reading time":"264 minutes"},"schema":{"@context":"https:\/\/schema.org","@graph":[{"@type":"Article","@id":"https:\/\/centar-fm.org\/inmediasres\/index.php\/clanci-in-medias-res-br-16\/#article","isPartOf":{"@id":"https:\/\/centar-fm.org\/inmediasres\/index.php\/clanci-in-medias-res-br-16\/"},"author":{"name":"Super User","@id":"https:\/\/centar-fm.org\/inmediasres\/#\/schema\/person\/ae49dcc23965665608f66120db8245a4"},"headline":"\u010clanci IN MEDIAS RES br. 16","datePublished":"2020-05-25T07:23:09+00:00","mainEntityOfPage":{"@id":"https:\/\/centar-fm.org\/inmediasres\/index.php\/clanci-in-medias-res-br-16\/"},"wordCount":53075,"commentCount":0,"image":{"@id":"https:\/\/centar-fm.org\/inmediasres\/index.php\/clanci-in-medias-res-br-16\/#primaryimage"},"thumbnailUrl":"https:\/\/centar-fm.org\/inmediasres\/wp-content\/uploads\/sites\/2\/2020\/05\/inmediasresno1malo16.png","keywords":["Can Intracommunicology Assist the Philosophy of the Media?","Daniela Bla\u017eevska","Divna Vuksanovi\u0107","Dragan \u0106alovi\u0107","Fahira Fejzi\u0107-\u010cengi\u0107","Fast Choices and Emancipatory Spaces: Complex Reality of Online dating Apps","Fulvio \u0160uran","Iva Paska","Ivan Balabani\u0107","Ivana Greguric Kne\u017eevi\u0107","Jelena Had\u017ei\u0107","Marko Poljak","Ma\u0161a Martini\u0107","Nenad Vertov\u0161ek","Philosophy and Consciousness in the Future: Cyborgs and Artificial Intelligence waiting for Immortality","Preliminary Communication and research in Humanistic Sociology Series: Models for adoption of New Technologies considering Influence of Communication on individuals\u2019 Behavior","Sa\u0161a Marinovi\u0107","Sloboda na rubu novih medija","Televizija i ljudska du\u0161a","The Body: Narcissism of the Media","The Possibility of Critique in an Era ruled by the Media","The Social Doctrine and Presence of the Catholic Church in the Media","Tijelo kao medij svijeta","\u017deljko Rutovi\u0107"],"articleSection":["In Medias Res broj 16"],"inLanguage":"en-US","potentialAction":[{"@type":"CommentAction","name":"Comment","target":["https:\/\/centar-fm.org\/inmediasres\/index.php\/clanci-in-medias-res-br-16\/#respond"]}]},{"@type":"WebPage","@id":"https:\/\/centar-fm.org\/inmediasres\/index.php\/clanci-in-medias-res-br-16\/","url":"https:\/\/centar-fm.org\/inmediasres\/index.php\/clanci-in-medias-res-br-16\/","name":"\u010clanci IN MEDIAS RES br. 16 - In Medias Res - \u010casopis centra za filozofiju medija","isPartOf":{"@id":"https:\/\/centar-fm.org\/inmediasres\/#website"},"primaryImageOfPage":{"@id":"https:\/\/centar-fm.org\/inmediasres\/index.php\/clanci-in-medias-res-br-16\/#primaryimage"},"image":{"@id":"https:\/\/centar-fm.org\/inmediasres\/index.php\/clanci-in-medias-res-br-16\/#primaryimage"},"thumbnailUrl":"https:\/\/centar-fm.org\/inmediasres\/wp-content\/uploads\/sites\/2\/2020\/05\/inmediasresno1malo16.png","datePublished":"2020-05-25T07:23:09+00:00","author":{"@id":"https:\/\/centar-fm.org\/inmediasres\/#\/schema\/person\/ae49dcc23965665608f66120db8245a4"},"breadcrumb":{"@id":"https:\/\/centar-fm.org\/inmediasres\/index.php\/clanci-in-medias-res-br-16\/#breadcrumb"},"inLanguage":"en-US","potentialAction":[{"@type":"ReadAction","target":["https:\/\/centar-fm.org\/inmediasres\/index.php\/clanci-in-medias-res-br-16\/"]}]},{"@type":"ImageObject","inLanguage":"en-US","@id":"https:\/\/centar-fm.org\/inmediasres\/index.php\/clanci-in-medias-res-br-16\/#primaryimage","url":"https:\/\/centar-fm.org\/inmediasres\/wp-content\/uploads\/sites\/2\/2020\/05\/inmediasresno1malo16.png","contentUrl":"https:\/\/centar-fm.org\/inmediasres\/wp-content\/uploads\/sites\/2\/2020\/05\/inmediasresno1malo16.png","width":70,"height":103,"caption":"inmediasres16"},{"@type":"BreadcrumbList","@id":"https:\/\/centar-fm.org\/inmediasres\/index.php\/clanci-in-medias-res-br-16\/#breadcrumb","itemListElement":[{"@type":"ListItem","position":1,"name":"Po\u010detna stranica","item":"https:\/\/centar-fm.org\/inmediasres\/"},{"@type":"ListItem","position":2,"name":"\u010clanci IN MEDIAS RES br. 16"}]},{"@type":"WebSite","@id":"https:\/\/centar-fm.org\/inmediasres\/#website","url":"https:\/\/centar-fm.org\/inmediasres\/","name":"In Medias Res - \u010casopis centra za filozofiju medija","description":"","potentialAction":[{"@type":"SearchAction","target":{"@type":"EntryPoint","urlTemplate":"https:\/\/centar-fm.org\/inmediasres\/?s={search_term_string}"},"query-input":{"@type":"PropertyValueSpecification","valueRequired":true,"valueName":"search_term_string"}}],"inLanguage":"en-US"},{"@type":"Person","@id":"https:\/\/centar-fm.org\/inmediasres\/#\/schema\/person\/ae49dcc23965665608f66120db8245a4","name":"Super User","image":{"@type":"ImageObject","inLanguage":"en-US","@id":"https:\/\/secure.gravatar.com\/avatar\/5ac3fc5ccca7755fa3f558fed4a39be2232c6585e68bd398c790d57375dde921?s=96&d=mm&r=g","url":"https:\/\/secure.gravatar.com\/avatar\/5ac3fc5ccca7755fa3f558fed4a39be2232c6585e68bd398c790d57375dde921?s=96&d=mm&r=g","contentUrl":"https:\/\/secure.gravatar.com\/avatar\/5ac3fc5ccca7755fa3f558fed4a39be2232c6585e68bd398c790d57375dde921?s=96&d=mm&r=g","caption":"Super User"},"url":"https:\/\/centar-fm.org\/inmediasres\/index.php\/author\/amynovcfmweb\/"}]}},"_links":{"self":[{"href":"https:\/\/centar-fm.org\/inmediasres\/index.php\/wp-json\/wp\/v2\/posts\/348","targetHints":{"allow":["GET"]}}],"collection":[{"href":"https:\/\/centar-fm.org\/inmediasres\/index.php\/wp-json\/wp\/v2\/posts"}],"about":[{"href":"https:\/\/centar-fm.org\/inmediasres\/index.php\/wp-json\/wp\/v2\/types\/post"}],"author":[{"embeddable":true,"href":"https:\/\/centar-fm.org\/inmediasres\/index.php\/wp-json\/wp\/v2\/users\/2"}],"replies":[{"embeddable":true,"href":"https:\/\/centar-fm.org\/inmediasres\/index.php\/wp-json\/wp\/v2\/comments?post=348"}],"version-history":[{"count":0,"href":"https:\/\/centar-fm.org\/inmediasres\/index.php\/wp-json\/wp\/v2\/posts\/348\/revisions"}],"wp:featuredmedia":[{"embeddable":true,"href":"https:\/\/centar-fm.org\/inmediasres\/index.php\/wp-json\/wp\/v2\/media\/347"}],"wp:attachment":[{"href":"https:\/\/centar-fm.org\/inmediasres\/index.php\/wp-json\/wp\/v2\/media?parent=348"}],"wp:term":[{"taxonomy":"category","embeddable":true,"href":"https:\/\/centar-fm.org\/inmediasres\/index.php\/wp-json\/wp\/v2\/categories?post=348"},{"taxonomy":"post_tag","embeddable":true,"href":"https:\/\/centar-fm.org\/inmediasres\/index.php\/wp-json\/wp\/v2\/tags?post=348"}],"curies":[{"name":"wp","href":"https:\/\/api.w.org\/{rel}","templated":true}]}}