{"id":358,"date":"2020-09-13T17:27:11","date_gmt":"2020-09-13T17:27:11","guid":{"rendered":"https:\/\/sweet-mcclintock.194-60-87-163.plesk.page\/inmediasres\/2020\/09\/13\/mirko-jakovljevic-zavist-pukotina-u-karakteru-novinara-reportera\/"},"modified":"2020-09-13T17:27:11","modified_gmt":"2020-09-13T17:27:11","slug":"mirko-jakovljevic-zavist-pukotina-u-karakteru-novinara-reportera","status":"publish","type":"post","link":"https:\/\/centar-fm.org\/inmediasres\/index.php\/mirko-jakovljevic-zavist-pukotina-u-karakteru-novinara-reportera\/","title":{"rendered":"Mirko Jakovljevi\u0107: Zavist \u2013 pukotina u karakteru novinara \u2013 reportera"},"content":{"rendered":"<p class=\"MsoNormal\" style=\"line-height: 150%;\"><span lang=\"SR\">&nbsp;<\/span><\/p>\n<p><a name=\"2inmediasres17\"><\/a><\/p>\n<p class=\"MsoNormal\" style=\"line-height: 150%;\"><span lang=\"SR\">&nbsp;<\/span><\/p>\n<hr \/>\n<table style=\"width: 755px;\" border=\"0\">\n<tbody>\n<tr>\n<td style=\"width: 215px;\" valign=\"top\">\n<p class=\"MsoNormal\" style=\"line-height: 170%;\">\n <strong>&nbsp;9(17)#12 2020<\/strong> <\/p>\n<\/td>\n<td style=\"width: 315px;\" valign=\"top\">\n<p style=\"line-height: 170%; text-align: center;\">\n<a rel=\"license\" href=\"http:\/\/creativecommons.org\/licenses\/by-nc\/4.0\/\"><img decoding=\"async\" alt=\"Creative Commons licenca\" style=\"border-width:0\" src=\"https:\/\/i.creativecommons.org\/l\/by-nc\/4.0\/88x31.png\" \/><\/a><br \/>\u010casopis je otvorenog pristupa, a ovo djelo je dano na kori\u0161tenje pod licencom <a rel=\"license\" href=\"http:\/\/creativecommons.org\/licenses\/by-nc\/4.0\/\"><strong>Creative Commons Imenovanje-Nekomercijalno 4.0 me\u0111unarodna.<\/strong><\/a><\/p>\n<\/td>\n<td valign=\"top\">\n<p style=\"text-align: right; line-height: 150%;\" align=\"center\"><strong><br \/>\nDOI <a href=\"https:\/\/doi.org\/10.46640\/imr.9.17.2\">10.46640\/imr.9.17.2<\/a><br \/>\nUDK 070.422:179.8<br \/>\nPregledni \u010dlanak<br \/>\nReview article<br \/>\nPrimljeno: 23.12.2019.<\/strong><\/p>\n<\/td>\n<\/tr>\n<\/tbody>\n<\/table>\n<p class=\"MsoNormal\" style=\"line-height: 150%;\">&nbsp;<\/p>\n<p class=\"MsoNormal\" style=\"line-height: 150%;\">&nbsp;<\/p>\n<p class=\"MsoNormal\" style=\"text-align: center; line-height: 150%;\" align=\"center\"><span style=\"font-size: 15.0pt; line-height: 150%;\">Mirko Jakovljevi\u0107<\/span><\/p>\n<p style=\"text-align: center; line-height: 150%;\" align=\"center\">Visoka \u0161kola za komunikaciju, Beograd, Srbija<br \/>\nKola\u0161in, Crna Gora<\/p>\n<p>mirko.jakovljevic@viskom.ac.rs<\/p>\n<p style=\"text-align: center;\" align=\"center\"><strong> <span style=\"font-size: 16.0pt; line-height: 150%;\">Zavist \u2013 pukotina u karakteru novinara \u2013 reportera<\/span><\/strong><\/p>\n<p style=\"text-align: center; line-height: 150%;\" align=\"center\"><a href=\"http:\/\/www.centar-fm.org\/inmediasres\/images\/pdf\/17\/M. Jakovljevic, Zavist \u2013 pukotina u karakteru novinara \u2013 reportera.pdf\"><strong><span style=\"color: #DC0101; font-size: 8.0pt;\"><br \/>\nPuni tekst: pdf (374 KB), Hrvatski, Str. 2631 &#8211; 2637<br \/>\n<\/span><\/strong><\/a><\/p>\n<p class=\"MsoNormal\" style=\"line-height: 150%;\">&nbsp;<\/p>\n<p style=\"margin: 0cm 48.6pt 0.0001pt 54pt; line-height: 170%;\"><strong><em>Sa\u017eetak<\/em><\/strong><\/p>\n<p class=\"MsoBodyText\" style=\"margin-top: 0cm; margin-right: 48.6pt; margin-bottom: .0001pt; margin-left: 54.0pt; line-height: 150%;\"><span style=\"font-size: 12.0pt; line-height: 150%; font-family: 'Times New Roman';\" lang=\"SR\">&nbsp;<\/span><\/p>\n<p class=\"MsoBodyText\" style=\"margin-top: 0cm; margin-right: 48.6pt; margin-bottom: .0001pt; margin-left: 54.0pt; line-height: 170%;\"><em>Rad se bavi analizom li\u010dnosti televizijskog reportera. Posao novinara &#8211; reportera izuzetno je zahtjevan. Njime se mo\u017ee baviti jedino zrela li\u010dnost. Osim pozitivnih osobina jedna od \u201epukotina\u201c u karakteru \u010dovjekovog bi\u0107a i zrele li\u010dnosti je zavist. \u0160to je zavist? Kada se javlja zavist kod novinara? \u0160ta ukazuje na to da novinar &#8211; reporter zavidi drugom novinaru? Kako prevladavati zavist?<\/em><\/p>\n<p class=\"MsoBodyText\" style=\"margin-top: 0cm; margin-right: 48.6pt; margin-bottom: .0001pt; margin-left: 54.0pt; line-height: 170%;\">&nbsp;<\/p>\n<p style=\"margin: 0cm 48.6pt 0.0001pt 54pt; line-height: 170%;\"><strong><em>Klju\u010dne rije\u010di:<\/em><\/strong> <em>\u010dovjek, li\u010dnost, zavist, novinar &#8211; reporter.<\/em><\/p>\n<p class=\"MsoBodyText\" style=\"margin-top: 0cm; margin-right: 48.6pt; margin-bottom: .0001pt; margin-left: 54.0pt; line-height: 170%;\">&nbsp;<\/p>\n<p class=\"MsoNormal\" style=\"line-height: 150%;\">&nbsp;<\/p>\n<p align=\"right\" style=\"line-height: 170%;\"><strong><em>&ldquo;Veliko je \u010dovjekovo umije\u0107e kad je zadovoljan  onim \u0161to ima. Jo\u0161 je ve\u0107e umije\u0107e<br \/>\nkad je zadovoljan onim \u0161to mo\u017ee u\u010diniti na  vrijedan, uman i po\u0161ten na\u010din&rdquo;<\/em><\/strong><\/p>\n<p align=\"right\" style=\"line-height: 170%;\"><strong><em>&#8211;<\/em><\/strong><em> D.Kosovi\u0107<\/em><\/p>\n<p class=\"MsoNormal\" style=\"line-height: 170%;\">&nbsp;<\/p>\n<p class=\"MsoNormal\" style=\"line-height: 170%;\"><strong>1. Uvod<\/strong><\/p>\n<p class=\"MsoNormal\" style=\"line-height: 170%;\">Slojevitost  ljudskog karaktera vi\u0161e je skrivena u labirintima \u010dovjekovog bi\u0107a nego \u0161to je  prepoznatljiva i vidljiva u njegovim vanjskim manifestacijama. Lo\u0161i karakteri,  obdareni inteligencijom i pronicljivo\u0161\u0107u, mogu se prikrivati i la\u017eno  predstavljati. Ljudi sna\u017enog karaktera manjina su u golemom i nemjerljivom  svetu.\u00a0 Narodna poslovica ka\u017ee da &ldquo;zavist  nagriza ljudsko srce&rdquo;! Zavist je bolest koja razjeda ljudsku du\u0161u. Jo\u0161 u  periodu ranog kr\u0161\u0107anstva zavist se smatrala jednim od sedam smrtnih grijeha. To  dovoljno govori koliko je zavist opaka &ldquo;bolest&rdquo; za \u010dovjekovu du\u0161u. Nisu slu\u010dajno  jo\u0161 u srednjem vijeku umjetnici obja\u0161njavali zavist kao &ldquo;\u010dudovi\u0161te koje nagriza  srce&rdquo; i koje, ako ga se ne rije\u0161ite potpuno pojede \u010dovjeka iznutra. Zavidan \u010dovjek  ima iskrivljen pogled na svijet oko sebe i na sebe samog. U redakciji, zavidan  novinar obavlja posao tako \u0161to je u stalnom takmi\u010denju s kolegama kako bi ih  svojim izvje\u0161tavanjem pobijedio i u toj &ldquo;borbi&rdquo; ne preza ni od \u010dega. U takvoj  radnoj atmosferi ne mogu se posti\u0107i dobri rezultati a pogotovo se ne mo\u017ee  ostvariti osnovna funkcija novinarstva da informiranje gra\u0111ana bude objektivno,  pravovremeno i to\u010dno.\u00a0 <\/p>\n<p class=\"MsoNormal\" style=\"line-height: 170%;\"><strong>&nbsp;<\/strong><\/p>\n<p class=\"MsoNormal\" style=\"line-height: 170%;\"><strong>2. Kako  prepoznati zavist kod novinara<\/strong><\/p>\n<p class=\"MsoNormal\" style=\"line-height: 170%;\">Beskrajna razli\u010ditost  li\u010dnosti sama je po sebi karakteristika ljudskog postojanja. Pod li\u010dno\u0161\u0107u se  podrazumijevaju ukupne naslije\u0111ene i ste\u010dene psihi\u010dke osobine koje su  karakteristi\u010dne za jednog pojedinca i koje tog pojedinca \u010dine jedinstvenim.<a name=\"_ftnref28\"><\/a><a href=\"#_ftn28\"><sup>[<span style=\"font-family: 'times new roman', times;\"><strong>28<\/strong><\/span>]<\/sup><\/a> Pojedinac je specifi\u010dan primjer ljudske vrste. On je &ldquo;on&rdquo; i on je &ldquo;svi&rdquo;, on je  pojedinac sa svojim osobenostima i u tom smislu jedinstven, ali je u isti mah  predstavnik svih karakteristika ljudske rase. Njegova individualna li\u010dnost je  odre\u0111ena osobenostima ljudskog postojanja zajedni\u010dkog svim ljudima.<a name=\"_ftnref29\"><\/a><a href=\"#_ftn29\"><sup>[<span style=\"font-family: 'times new roman', times;\"><strong>29<\/strong><\/span>]<\/sup><\/a> Karakter li\u010dnosti razli\u010dito je definiran. Ipak, Freud je razvio ne samo prvu ve\u0107  i najdosljedniju i najprodorniju teoriju karaktera kao sistema te\u017enji koje se  nalaze u osnovi pona\u0161anja, ali nisu s njim identi\u010dne.<a name=\"_ftnref30\"><\/a><a href=\"#_ftn30\"><sup>[<span style=\"font-family: 'times new roman', times;\"><strong>30<\/strong><\/span>]<\/sup><\/a> Karakter je (relativno  trajan) oblik u koji se ljudska energija kanalizira tokom procesa asimilacije i  socijalizacije.<a name=\"_ftnref31\"><\/a><a href=\"#_ftn31\"><sup>[<span style=\"font-family: 'times new roman', times;\"><strong>31<\/strong><\/span>]<\/sup><\/a>\n<\/p>\n<p class=\"MsoNormal\" style=\"line-height: 170%;\">O <em>zavisti<\/em> kao jednom od karaktera ljudskog bi\u0107a pisali su i psiholozi, filozofi,  sociolozi, pa i pjesnici i dr\u017eavnici. Njego\u0161 je rekao: &ldquo;kletva, zavist, du\u0161evna  guba&rdquo;. Zavist nije daleko od mr\u017enje. Veliki pjesnik Goethe je zapisao da je  &ldquo;mr\u017enja aktivno nezadovoljstvo, a zavist pasivno; ne smijemo se stoga \u010duditi  \u0161to zavist tako brzo prelazi u mr\u017enju&rdquo;. Jovan Du\u010di\u0107 je smatrao da da je zavist  uro\u0111ena svakom ljudskom bi\u0107u, samo \u0161to je jedni skrivaju, a drugi ju poku\u0161avaju  suzbiti.<a name=\"_ftnref32\"><\/a><a href=\"#_ftn32\"><sup>[<span style=\"font-family: 'times new roman', times;\"><strong>32<\/strong><\/span>]<\/sup><\/a> Ono \u0161to je me\u0111utim nesporna \u010dinjenica jest da se taj oblik ljudskog karaktera u  razli\u010ditim intenzitetima \u010desto sre\u0107e kod ljudi. Zavidni su oni ljudi koji se,  umjesto da budu zadovoljni \u0161to je netko uspje\u0161an i superioran, da im to bude  poticaj da i oni streme uspjehu i najvi\u0161im dostignu\u0107ima, bave ogovaranjem  uspje\u0161nih. \u010cim se bilo tko izdigne iznad prosjeka mo\u017ee o\u010dekivati agresiju  zavidnika.<a name=\"_ftnref33\"><\/a><a href=\"#_ftn33\"><sup>[<span style=\"font-family: 'times new roman', times;\"><strong>33<\/strong><\/span>]<\/sup><\/a><\/p>\n<p class=\"MsoNormal\" style=\"line-height: 170%;\">\u010covjek u osnovi  sam stvara karakter, jer je u mogu\u0107nosti samoga sebe usavr\u0161ava prema svrhama  koje je sebi postavio, tako da te svrhe mogu biti op\u0107e i prihvatljive od strane  ostalih ljudi. Izgra\u0111eni karakter je mo\u0107 da se sva svoja djelatnost mo\u017ee  odvijati u skladu sa svojim najdubljim \u017eivotnim, moralnim i interesnim  uvjerenjima. Individua koja nema karakter ili ima slab karakter pada iz jednog  pravca u drugi.<a name=\"_ftnref34\"><\/a><a href=\"#_ftn34\"><sup>[<span style=\"font-family: 'times new roman', times;\"><strong>34<\/strong><\/span>]<\/sup><\/a><\/p>\n<p class=\"MsoNormal\" style=\"line-height: 170%;\">Profesor  Dobrivoje Stanojevi\u0107, analiziraju\u0107i medijske mitove modernog doba, izme\u0111u  ostalih smatra da je mit o li\u010dnosti novinara samorazoren ve\u0107 u \u010dinjenici da za  ovo zanimanje, danas ovdje i odvajkada, nije potrebna nikakva diploma. Kad je  ima, ona je zgodna preporuka da budemo oprezni kad spominjemo etiku<a name=\"_ftnref35\"><\/a><a href=\"#_ftn35\"><sup>[<span style=\"font-family: 'times new roman', times;\"><strong>35<\/strong><\/span>]<\/sup><\/a>.  U trci za informacijom novinari sve manje pi\u0161u nepristrano, sve su vi\u0161e iza  Nekoga ili nasuprot Nekome.<a name=\"_ftnref36\"><\/a><a href=\"#_ftn36\"><sup>[<span style=\"font-family: 'times new roman', times;\"><strong>36<\/strong><\/span>]<\/sup><\/a> U takvim okolnostima novinar umjesto dru\u0161tvenog, stavlja osobni interes u prvi  plan i na tom putu kr\u0161i, kako eti\u010dki kodeks profesije, tako i sve principe  prihva\u0107enih moralnih vrijednosti li\u010dnosti. <\/p>\n<p class=\"MsoNormal\" style=\"line-height: 170%;\">\u010cesto se de\u0161ava  da u redakcijama rade novinari koji &ldquo;bodu o\u010di&rdquo; drugim kolegama. Mladi su,  obrazovani, uspje\u0161ni, prema kolegama dobronamjerni a opet bez ikakvog razloga  postoje oni koji im zavide. Primjera radi kolega novinar je dobio posao u  drugoj redakciji, recimo Javnog servisa neke dr\u017eave. Novinar, poznanik iz  dotada\u0161nje redakcije umjesto da je sretan zbog njega on mu zavidi. Umjesto  iskrenih \u010destitki za kolegino novo radno mjesto drugi novinar do\u017eivljava taj  njegov premje\u0161taj na bolje radno i bolje pla\u0107eno mjesto kao vlastiti neuspjeh i  to je situacija kada se mo\u017ee re\u0107i da je druga osoba zavidna. U drugom slu\u010daju  kolega je uradio dobar &ldquo;prilog&rdquo;, dobru reporta\u017eu koja je zapa\u017eena kod gledalaca  i pohvaljena od urednika. Zavidan kolega ne\u0107e komentirati taj &ldquo;prilog&rdquo;, a na  pitanje je li pogledao tu reporta\u017eu odgovorit \u0107e da nije. Ako uop\u0107e  prokomentira kolegin rad re\u0107i \u0107e da od njega ne o\u010dekuje dobru reporta\u017eu a ako  ba\u0161 mora iskazati svoje mi\u0161ljenje govorit \u0107e da se kolegi &ldquo;omaklo&rdquo; da tako  ne\u0161to napravi ili pak da svatko ponekad, slu\u010dajno dobro napravi i komentirat \u0107e  s drugim kolegama u redakciji u stilu, citiramo narodnu izreku, &ldquo;da i \u0107orava  koka ubode neko zrno kukuruza&rdquo;. Posebno ukazujemo na lo\u0161u naviku, gotovo svih  novinara u redakciji, da komentiraju pla\u0107e ostalih kolega. Naime, iako su  zarade poslovna tajna, zainteresiranost zaposlenih da saznaju tko je koliku pla\u0107u  primio i tko je dobio tzv. varijabilu direktan su preduvjet za iskazivanje  zavisti kod novinara. Zavidan novinar neprikladnim pona\u0161anjem ometa kolege kada  se radi o komunikaciji s drugima, neumjesno upotrebljava suvremene digitalne  ure\u0111aje, bavi se spletkarenjem i sli\u010dnim radnjama. Druge kolege do\u017eivljavat \u0107e  kao arogantne iako oni to zapravo nisu. <\/p>\n<p class=\"MsoNormal\" style=\"line-height: 170%;\">Zavidne novinare  je lako prepoznati. To su oni koji umjesto da svojom produkcijom i anga\u017emanom  publici pribli\u017ee autenti\u010dno stvarala\u0161tvo, \u010dine da ono postaje sve dalje.  Jadikuju, afektivno verbaliziraju kako su malo zastupljeni ili uop\u0107e nisu  zastupljeni u medijima. \u010cine kao da oni odlu\u010duju o pravim vrijednostima  favoriziraju\u0107i iste stvaraoce i kriti\u010dare, zanemaruju\u0107i raznoglasje kao pokreta\u010dki  duh svakog stvaranja.<a name=\"_ftnref37\"><\/a><a href=\"#_ftn37\"><sup>[<span style=\"font-family: 'times new roman', times;\"><strong>37<\/strong><\/span>]<\/sup><\/a><\/p>\n<p class=\"MsoNormal\" style=\"line-height: 170%;\">Zavist se  pokazuje i u samom procesu proizvodnje reporta\u017ea. Takve primjere zavidni kolege  pokazuju najprije na redakcijskom sastanku. Zavidan kolega komentira da je  umjesto njega drugi kolega dobio radni anga\u017eman u redakciji koja se bavi  ekskluzivnim temama i temama od dr\u017eavnog interesa; da je tom kolegi, umjesto  njemu zbog toga zagarantirana bolja zarada. Smatra da drugi kolege, umjesto on,  gotovo uvijek izvje\u0161tavaju s lak\u0161eg doga\u0111aja. Uvjeren je i javno komentira da \u0107e,  ako je u pitanju rad u televizijskoj redakciji, snimatelj koji mu je odre\u0111en da  toga dana bude u ekipi s manje profesionalne pa\u017enje i, re\u010deno u \u017eargonu  &ldquo;ispolijevati&rdquo; snimke. Kada proces proizvodnje, recimo tv &#8211; priloga bude u fazi  monta\u017ee, zavidni novinar komentirati \u0107e da je dodijeljeni monta\u017eer drugima  uvijek bolje i pa\u017eljivije montirao prilog uva\u017eavaju\u0107i i ideje novinara. <\/p>\n<p class=\"MsoNormal\" style=\"line-height: 170%;\">Treba li ovdje  napomenuti da \u0107e takva osoba, osoba s takvom &ldquo;pukotinom&rdquo; u karakteru li\u010dnosti  zavidjeti kolegi ne samo na njegovom radu, tekstovima, tv i radio reporta\u017eama,  objavama na portalima ve\u0107 i na tipu i marki automobile koji koristi, stilu obla\u010denja  i garderobi, \u0161minki ako govorimo o kolegicama i dru\u0161tvenom \u017eivotu uop\u0107e. <\/p>\n<p class=\"MsoNormal\" style=\"line-height: 170%;\">Svaka osmi\u0161ljena  razlika mo\u017ee kod jednog broja ljudi izazvati zavist. Najgore je \u0161to se u  zavisti \u010desto ide do krajnosti zluradosti i drasti\u010dne netolerantnosti.<a name=\"_ftnref38\"><\/a><a href=\"#_ftn38\"><sup>[<span style=\"font-family: 'times new roman', times;\"><strong>38<\/strong><\/span>]<\/sup><\/a>\n<\/p>\n<p class=\"MsoNormal\" style=\"line-height: 170%;\"><strong>&nbsp;<\/strong><\/p>\n<p class=\"MsoNormal\" style=\"line-height: 170%;\"><strong>3. Kako se  &ldquo;izlije\u010diti&rdquo; od zavisti?<\/strong><\/p>\n<p align=\"right\" style=\"line-height: 170%;\"><strong><em>&ldquo;Zavist je uro\u0111ena svakom \u010dovjeku, makar to jedni  krili, a drugi suzbijali&rdquo;<\/em><\/strong><\/p>\n<p align=\"right\" style=\"line-height: 170%;\">&#8211; <em>J.Du\u010di\u0107<\/em><\/p>\n<p class=\"MsoNormal\" style=\"line-height: 170%;\">Po Slobodanu  Tomovi\u0107u zavist je donja to\u010dka podno\u0161ljivosti tu\u0111ih prednosti neposredno pred  transformaciju u mr\u017enju.<a name=\"_ftnref39\"><\/a><a href=\"#_ftn39\"><sup>[<span style=\"font-family: 'times new roman', times;\"><strong>39<\/strong><\/span>]<\/sup><\/a> Zavidna osoba je u velikom problemu. Ukoliko osoba, pa i novinar osjeti kod  sebe zavist, mora odmah rje\u0161avati taj problem. Ako novinar postane opsjednut  drugim novinarom, njegovim radom i krene kidati sve do tada uspostavljene veze  pripadnosti i lojalnosti redakcijskom timu, uredniku i mediju u kome je  zaposlen, mo\u017ee biti prekasno pa &bdquo;bolest&ldquo; zavisti mo\u017ee postati neizlje\u010divom.<\/p>\n<p class=\"MsoNormal\" style=\"line-height: 170%;\">Na samom po\u010detku  &ldquo;ozdravljenja&rdquo; najbolje je da svatko, pa i novinar dobro razmisli o vlastitim  osje\u0107ajima i vlastitom anga\u017emanu u profesiji i vlastitom \u017eivotu ako je  primijetio da postaje zavidan. Potrebno je da se novinar &ldquo;okrene&rdquo; oko sebe i  sagleda poslovno okru\u017eenje u kome stvara i \u017eivi; da poku\u0161a realno sagledati  kolege koje kritizira i za \u0161to im prigovara. Ovo je va\u017eno zbog \u010dinjenice da  novinar prvo mora poku\u0161ati otkriti je li problem u njemu samom. To mogu samo  osobe iskrene prema sebi i profesiji, ovdje novinarstvu, kojom se bave. <\/p>\n<p class=\"MsoNormal\" style=\"line-height: 170%;\">Da bi se  &ldquo;bolesno&rdquo; &#8211; zavidno stanje uma takve osobe pa i novinara izlije\u010dilo, neophodno  je sebi priznati da postoji zavist. Tok izlje\u010denja i &ldquo;postoperativni&rdquo; period ne\u0107e  biti lak, ali vrijedi poku\u0161ati. poku\u0161ati da se to zlo iz sebe izbaci. Jedan od  prvih koraka na tom putu je imati pozitivan pristup prema poslu, kolegama i  \u017eivotu uop\u0107e. Misliti pozitivno. Komunicirati pozitivno. Biti raspolo\u017een,  veseo, ali ne upadati u stanja euforije. Razgovarati s kolegama i pokrenuti ih  na dijalog i razgovor o svim pitanjima pa i onima iz svakodnevnog \u017eivota.  Poku\u0161ati, prvi promijeniti svoj odnos prema osobi kojoj zavidite.<\/p>\n<p class=\"MsoNormal\" style=\"line-height: 170%;\">Jedan od na\u010dina  prevladavanja zavisti je da zavidna osoba sagleda \u0161ta druge osobe imaju u  odnosu na nju. U ovom slu\u010daju novinar, treba pogledati kakvi su izvje\u0161taji i  rubrike ostalih kolega. Mnogi smatraju da su zreli a svojim pona\u0161anjem dokazuju  da su se grdno prevarili. Postoji veliki broj ljudi koji ima uzaludne velike  ljudske i kreativne potencijale.<a name=\"_ftnref40\"><\/a><a href=\"#_ftn40\"><sup>[<span style=\"font-family: 'times new roman', times;\"><strong>40<\/strong><\/span>]<\/sup><\/a> Ukoliko je novinar zrela li\u010dnost, a pretpostavka je da u takve li\u010dnosti spada,  onda mo\u017ee sagledati realnu sliku o radu kolega i donijeti ispravan sud u odnosu  na vlastiti rad. Nijedan novinar ne mo\u017ee raditi sve \u0161to ho\u0107e i kada ho\u0107e, ve\u0107  onda kad dobije zadatak od urednika. Nema potrebe za zavi\u0161\u0107u ukoliko, ukupno  gledaju\u0107i, zavidna osoba ima vi\u0161e uspjeha u odnosu na nekog trenutno uspje\u0161nijeg  kolegu. Novinar treba biti svjestan da svaka osoba radi ono \u0161to \u017eeli i da je  svako od nas talentiran za razli\u010dite poslove. Novinar se zato treba zapitati  za\u0161to zavidjeti kolegi koji je napravio intervju sa recimo, ministrom  prosvjete, ako je on &ldquo;donio&rdquo; odli\u010dan razgovor sa rudarom iz okna. Novinar treba  odoljeti isku\u0161enju zavisti.<\/p>\n<p class=\"MsoNormal\" style=\"line-height: 170%;\">Pogled na  ostvarenu novinarsku radnu listu mo\u017ee biti dobar &ldquo;lijek&rdquo; protiv zavisti jer  vlastiti bolji u\u010dinak od drugih kolega uti\u010de na to da novinar treba shvati da  je ostvario mnogo vi\u0161e nego \u0161to u trenutku &ldquo;napada zavisti&rdquo; misli. <\/p>\n<p class=\"MsoNormal\" style=\"line-height: 170%;\">Novinar je  privilegirana osoba koja se bavi profesijom novinarstva. Novinar mo\u017ee biti  novinar samo uz naporan rad. Me\u0111utim, svatko u redakciji treba po\u0161tovati rad i  trud drugih kolega i taj rad i trud cijeniti. Ako novinar cijeni i po\u0161tuje rad  drugog kolege onda i taj kolega po\u0161tuje i cijeni njegov rad i mjesta za zavist  jednostavno nema. Jako je va\u017eno da novinari budu ljubazni prema svim kolegama  pa \u010dak i ako im zavide.<\/p>\n<p class=\"MsoNormal\" style=\"line-height: 170%;\">Sama profesija  novinarstva nosi i odre\u0111ene specifi\u010dnosti koje drugi poslovi nemaju. Posao  novinara je izuzetno te\u017eak, zahtjevan i odgovoran, pogotovo danas u vreme  digitalne tehnologije i proizvodnje vijesti koje se plasiraju do korisnika  gotovo brzinom svjetlosti. Ukoliko u odre\u0111enoj situaciji nije prvi objavio  vijest novinar treba imati na umu da je i on bio u prilici za tako ne\u0161to, i da  korist od toga \u0161to je kolega prvi objavio imaju najvi\u0161e gledatelji, slu\u0161atelji  ili pak \u010ditatelji, i na kraju redakcija medija za koji radi. U ovom slu\u010daju  osje\u0107aj zavisti treba svakako izostati.<\/p>\n<p class=\"MsoNormal\" style=\"line-height: 170%;\">&nbsp;<\/p>\n<p class=\"MsoNormal\" style=\"line-height: 170%;\"><strong>4. Nekada je  i dobro biti zavidan<\/strong><\/p>\n<p align=\"right\" style=\"line-height: 170%;\"><strong><em>&ldquo;Ako ti nitko ne zavidi, zapitaj se da li pravilno  \u017eivi\u0161&rdquo;<\/em><\/strong><em>, M. Seneka<\/em><\/p>\n<p class=\"MsoNormal\" style=\"line-height: 170%;\">Ako osoba nema  namjeru u\u010diniti neko zlo osobi kojoj zavidi, zavist mo\u017ee biti i od koristi za  razvoj li\u010dnosti. Novinar koji zavidi drugom treba se upitati je li mu krivo \u0161to  je kolega uspio napraviti dobru pri\u010du, vijest za naslovnu stranu ili najavu u  udarnom terminu ve\u010dernjeg dnevnika zbog toga \u0161to njemu nije to uspjelo. Ako  novinar smatra da je odgovor potvrdan, ve\u0107 je do\u0161ao trenutak da se preispitaju  motivi i ciljevi za posao u profesiji kojom se bavi. Ako se \u010desto de\u0161ava da  novinar zavidi kad je reporta\u017ea nekog kolege bolje plasirana od njegove to je  jasan znak da se novinar mora posvetiti boljem vlastitom radnom anga\u017emanu.  Zavist se mora iskoristiti kao podsticaj za uspje\u0161niji vlastiti rad. Svakako,  za uspje\u0161an posao u novinarstvu treba se i\u0107i pravim i od struke prihva\u0107enim  &ldquo;kolosjecima&rdquo; a to je te\u017enja k originalnom novinarskom izrazu uz pronala\u017eene  vlastitog stila.\n<\/p>\n<p class=\"MsoNormal\" style=\"line-height: 170%;\">&nbsp;<\/p>\n<p class=\"MsoNormal\" style=\"line-height: 170%;\"><strong>5. Treba se  radovati koleginom uspjehu<\/strong><\/p>\n<p align=\"right\" style=\"line-height: 170%;\"><strong>&ldquo;<em>\u010cestitke su najpristojniji oblik zavisti&rdquo;-<\/em><\/strong><em> J. Heltan<\/em><\/p>\n<p class=\"MsoNormal\" style=\"line-height: 170%;\">Kada je novinar  blizak s nekim kolegom on zna kada je kolegi potrebna pohvala ili \u010dak pomo\u0107 za,  na primjer, u redakciji bi se reklo kako da se po\u010dne prva re\u010denica. To isto  novinar o\u010dekuje i od kolege. Pravi kolega uvijek je spreman pomo\u0107i kolegi  novinaru i kada se dijeli radost za dobro ocijenjen prilog ili kada je novinar  uslijed gre\u0161ke na &ldquo;o\u0161trici uredni\u010dkih kritika&rdquo;.<\/p>\n<p class=\"MsoNormal\" style=\"line-height: 170%;\">Uspeh dobrog  novinarskog u\u010dinka nema velikog zna\u010daja ako za njega ne znaju kolege. Zato, u  vreme digitalnih informacija, odvojiti vremena za kolege novinare kako bi si \u010destitali  i uz kavu se po\u010dastili za dobro plasiranu reporta\u017eu, vijest, pri\u010du, odli\u010dan je  na\u010din da se poka\u017ee jedinstvo i sloga u redakciji i da se doka\u017ee da zavist ne  postoji.<\/p>\n<p class=\"MsoNormal\" style=\"line-height: 170%;\"><strong>&nbsp;<\/strong><\/p>\n<p class=\"MsoNormal\" style=\"line-height: 170%;\"><strong>Zaklju\u010dak:<\/strong><\/p>\n<p class=\"MsoNormal\" style=\"line-height: 170%;\">Na osnovu  iznesenog, moramo se slo\u017eiti da je <em>zavist bolest koja razjeda ljudsku du\u0161u<\/em>.  Novinari koji danas izvje\u0161tavaju suo\u010deni su s tom pojavom i s njom se moraju  izboriti, svatko sam sa sobom tako \u0161to \u0107e poku\u0161ati prona\u0107i vlastitu istinu i  smisao bavljenja odabranim poslom, a time i su\u0161tinu vlastitog postojanja.  Jedino tako \u0107e novinar mo\u0107i raditi, oslobo\u0111en od povr\u0161nosti, spreman da  polemizira, kritizira, sagledava stvarnost na pravi na\u010din. Jedino takvim  promi\u0161ljanjem novinar \u0107e i po\u0161tovati kolege iz bran\u0161e a njegov karakter \u0107e biti  &bdquo;izlije\u010den&ldquo; od zavisti.<\/p>\n<p class=\"MsoNormal\" style=\"line-height: 150%;\">&nbsp;<\/p>\n<hr align=\"left\" size=\"1\" width=\"33%\" \/>\n<div id=\"ftn28\">\n<p class=\"MsoNormal\" style=\"line-height: 150%;\"><span style=\"font-size: 8.0pt;\"><a name=\"_ftn28\"><\/a><a href=\"#_ftnref28\"><sup>[<span style=\"font-family: 'times new roman', \ntimes;\"><strong>28<\/strong><\/span>]<\/sup><\/a>&nbsp;<br \/>\nErich From, <em>\u010covjek za sebe<\/em>, Kosmos  izdava\u0161tvo, Beograd, Nova knjiga, Podgorica 2018., str. 43.<\/p>\n<p><\/span><\/p>\n<\/div>\n<div id=\"ftn29\">\n<p class=\"MsoNormal\" style=\"line-height: 150%;\"><span style=\"font-size: 8.0pt;\"><a name=\"_ftn29\"><\/a><a href=\"#_ftnref29\"><sup>[<span style=\"font-family: 'times new roman', \ntimes;\"><strong>29<\/strong><\/span>]<\/sup><\/a>&nbsp;<br \/>\nErich From, <em>\u010covjek za sebe<\/em>, str. 35.<br \/>\n<\/span><\/p>\n<\/div>\n<div id=\"ftn30\">\n<p class=\"MsoNormal\" style=\"line-height: 150%;\"><span style=\"font-size: 8.0pt;\"><a name=\"_ftn30\"><\/a><a href=\"#_ftnref30\"><sup>[<span style=\"font-family: 'times new roman', \ntimes;\"><strong>30<\/strong><\/span>]<\/sup><\/a>&nbsp;<br \/>\nIbid., str. 46.<\/p>\n<p><\/span><\/p>\n<\/div>\n<div id=\"ftn31\">\n<p class=\"MsoNormal\" style=\"line-height: 150%;\"><span style=\"font-size: 8.0pt;\"><a name=\"_ftn31\"><\/a><a href=\"#_ftnref31\"><sup>[<span style=\"font-family: 'times new roman', \ntimes;\"><strong>31<\/strong><\/span>]<\/sup><\/a>&nbsp;<br \/>\nIbid., str. 49.<\/p>\n<p><\/span><\/p>\n<\/div>\n<div id=\"ftn32\">\n<p class=\"MsoNormal\" style=\"line-height: 150%;\"><span style=\"font-size: 8.0pt;\"><a name=\"_ftn32\"><\/a><a href=\"#_ftnref32\"><sup>[<span style=\"font-family: 'times new roman', \ntimes;\"><strong>32<\/strong><\/span>]<\/sup><\/a>&nbsp;<br \/>\nDu\u0161an Kosovi\u0107, <em>Zapisi<\/em>, str. 299. <\/span><\/p>\n<\/div>\n<div id=\"ftn33\">\n<p class=\"MsoNormal\" style=\"line-height: 150%;\"><span style=\"font-size: 8.0pt;\"><a name=\"_ftn33\"><\/a><a href=\"#_ftnref33\"><sup>[<span style=\"font-family: 'times new roman', \ntimes;\"><strong>33<\/strong><\/span>]<\/sup><\/a>&nbsp;<br \/>\nIbid., str. 299-300.<br \/>\n<\/span><\/p>\n<\/div>\n<div id=\"ftn34\">\n<p class=\"MsoNormal\" style=\"line-height: 150%;\"><span style=\"font-size: 8.0pt;\"><a name=\"_ftn34\"><\/a><a href=\"#_ftnref34\"><sup>[<span style=\"font-family: 'times new roman', \ntimes;\"><strong>34<\/strong><\/span>]<\/sup><\/a>&nbsp;<br \/>\nM. A. Perovi\u0107, <em>Etika medija<\/em>, KIC Bijeli Pavle,  Danilovgrad 2007., str. 62.<\/p>\n<p><\/span><\/p>\n<\/div>\n<div id=\"ftn35\">\n<p class=\"MsoNormal\" style=\"line-height: 150%;\"><span style=\"font-size: 8.0pt;\"><a name=\"_ftn35\"><\/a><a href=\"#_ftnref35\"><sup>[<span style=\"font-family: 'times new roman', \ntimes;\"><strong>35<\/strong><\/span>]<\/sup><\/a>&nbsp;<br \/>\nD. \u017d. Stanojevi\u0107 i M. M. \u0110or\u0111evi\u0107, <em>Fakultet  pedago\u0161kih nauka Jagodina<\/em>, Clio, Beograd, Serbika Kru\u0161evac, 2019., str. 44.<\/p>\n<p><\/span><\/p>\n<\/div>\n<div id=\"ftn36\">\n<p class=\"MsoNormal\" style=\"line-height: 150%;\"><span style=\"font-size: 8.0pt;\"><a name=\"_ftn36\"><\/a><a href=\"#_ftnref36\"><sup>[<span style=\"font-family: 'times new roman', \ntimes;\"><strong>36<\/strong><\/span>]<\/sup><\/a>&nbsp;<br \/>\nD. \u017d. Stanojevi\u0107 i M. M. \u0110or\u0111evi\u0107, <em>Fakultet  pedago\u0161kih nauka Jagodina<\/em>, str. 44.<br \/>\n<\/span><\/p>\n<\/div>\n<div id=\"ftn37\">\n<p class=\"MsoNormal\" style=\"line-height: 150%;\"><span style=\"font-size: 8.0pt;\"><a name=\"_ftn37\"><\/a><a href=\"#_ftnref37\"><sup>[<span style=\"font-family: 'times new roman', \ntimes;\"><strong>37<\/strong><\/span>]<\/sup><\/a>&nbsp;<br \/>\nIbid, str. 50.<\/p>\n<p><\/span><\/p>\n<\/div>\n<div id=\"ftn38\">\n<p class=\"MsoNormal\" style=\"line-height: 150%;\"><span style=\"font-size: 8.0pt;\"><a name=\"_ftn38\"><\/a><a href=\"#_ftnref38\"><sup>[<span style=\"font-family: 'times new roman', \ntimes;\"><strong>38<\/strong><\/span>]<\/sup><\/a>&nbsp;<br \/>\nDu\u0161an Kosovi\u0107,<em> Zapisi<\/em>, str. 300. <\/span><\/p>\n<\/div>\n<div id=\"ftn39\">\n<p class=\"MsoNormal\" style=\"line-height: 150%;\"><span style=\"font-size: 8.0pt;\"><a name=\"_ftn39\"><\/a><a href=\"#_ftnref39\"><sup>[<span style=\"font-family: 'times new roman', \ntimes;\"><strong>39<\/strong><\/span>]<\/sup><\/a>&nbsp;<br \/>\nSlobodan. Tomovi\u0107, <em>5000 Vrednosnih sudova<\/em>,  \u0160tampar Makarije, Beograd, Oktoih, Podgorica, 2011. str. 313.<\/p>\n<p><\/span><\/p>\n<\/div>\n<div id=\"ftn40\">\n<p class=\"MsoNormal\" style=\"line-height: 150%;\"><span style=\"font-size: 8.0pt;\"><a name=\"_ftn40\"><\/a><a href=\"#_ftnref40\"><sup>[<span style=\"font-family: 'times new roman', \ntimes;\"><strong>40<\/strong><\/span>]<\/sup><\/a>&nbsp;<br \/>\nDu\u0161an, .Kosovi\u0107, <em>Zapisi<\/em>, str. 311.<\/p>\n<p><\/span><\/p>\n<\/div>\n<p class=\"MsoNormal\" style=\"line-height: 150%;\">&nbsp;<\/p>\n<p class=\"MsoNormal\" style=\"line-height: 170%;\"><strong>Literatura:<\/strong><\/p>\n<p class=\"MsoNormal\" style=\"line-height: 170%;\">Kosovi\u0107, Du\u0161an, <em>Zapisi,<\/em> \u010cigoja \u0161tampa,  Beograd 2011.<\/p>\n<p class=\"MsoNormal\" style=\"line-height: 170%;\">Fromm, Erich, <em>\u010covek za sebe<\/em>, Kosmos  izdava\u0161tvo, Beograd, Nova knjiga, Podgorica 2018.<\/p>\n<p class=\"MsoNormal\" style=\"line-height: 170%;\">Perovi\u0107, Milenko, A., <em>Etika medija,<\/em> KIC  Bijeli Pavle, Danilovgrad 2007.<\/p>\n<p class=\"MsoNormal\" style=\"line-height: 170%;\">Tomovi\u0107, Slobodan, <em>5000 Vrednosnih sudova<\/em>,  \u0160tampar Makarije, Beograd, Oktoih, Podgorica 2011.<\/p>\n<p class=\"MsoNormal\" style=\"line-height: 170%;\">Stanojevi\u0107, Dobrivoje, \u017d. i \u0110or\u0111evi\u0107, Marko, M. <em>Fakultet  pedago\u0161kih nauka Jagodina<\/em>, Clio, Beograd, Serbika, Kru\u0161evac 2019.<\/p>\n<p class=\"MsoNormal\" style=\"line-height: 150%;\">&nbsp;<\/p>\n<p style=\"text-align: center;\" align=\"center\"><strong> <span style=\"font-size: 13.0pt; line-height: 150%;\">Envy \u2013 a Fissure in Journalist \u2013 Reporter\u2019s Character<\/span><\/strong><\/p>\n<p class=\"MsoNormal\" style=\"line-height: 150%;\">&nbsp;<\/p>\n<p style=\"margin: 0cm 48.6pt 0.0001pt 54pt; line-height: 170%;\"><em><strong>Abstract<\/strong><\/em><\/p>\n<p class=\"MsoBodyText\" style=\"margin-top: 0cm; margin-right: 48.6pt; margin-bottom: .0001pt; margin-left: 54.0pt; line-height: 150%;\"><span style=\"font-size: 12.0pt; line-height: 150%; font-family: 'Times New Roman';\" lang=\"SR\">&nbsp;<\/span><\/p>\n<p class=\"MsoBodyText\" style=\"margin-top: 0cm; margin-right: 48.6pt; margin-bottom: .0001pt; margin-left: 54.0pt; line-height: 170%;\"><em>The paper deals with the analysis of a television reporter\u2019s personality. The job of a journalist-reporter is extremely demanding. Only mature personality can deal with it. Apart from its positive qualities, one of the  \u201cfissures\u201d in the character of a human being and mature personality is envy. What is envy? When does it manifest inside a journalist? What indicates that a journalist-reporter envies another journalist? How to overcome envy?<\/em><\/p>\n<p class=\"MsoBodyText\" style=\"margin-top: 0cm; margin-right: 48.6pt; margin-bottom: .0001pt; margin-left: 54.0pt; line-height: 170%;\">&nbsp;<\/p>\n<p style=\"margin: 0cm 48.6pt 0.0001pt 54pt; line-height: 170%;\"><strong><em>Key words:<\/em><\/strong> <em>man, personality, envy, journalist &#8211; reporter.<\/em><\/p>\n<p class=\"MsoNormal\" style=\"line-height: 150%;\"><span lang=\"SR\">&nbsp;<\/span><\/p>\n","protected":false},"excerpt":{"rendered":"<p>&nbsp; &nbsp; &nbsp;9(17)#12 2020 \u010casopis je otvorenog pristupa, a ovo djelo je dano na kori\u0161tenje pod licencom Creative Commons Imenovanje-Nekomercijalno 4.0 me\u0111unarodna. DOI 10.46640\/imr.9.17.2 UDK 070.422:179.8 Pregledni \u010dlanak Review article Primljeno: 23.12.2019. &nbsp; &nbsp; Mirko Jakovljevi\u0107 Visoka \u0161kola za komunikaciju, Beograd, Srbija Kola\u0161in, Crna Gora mirko.jakovljevic@viskom.ac.rs Zavist \u2013 pukotina u karakteru novinara \u2013 reportera Puni [&hellip;]<\/p>\n","protected":false},"author":2,"featured_media":356,"comment_status":"open","ping_status":"open","sticky":false,"template":"","format":"standard","meta":{"_acf_changed":false,"_et_pb_use_builder":"","_et_pb_old_content":"","_et_gb_content_width":"","footnotes":""},"categories":[83],"tags":[],"class_list":["post-358","post","type-post","status-publish","format-standard","has-post-thumbnail","hentry","category-in-medias-res-broj-17-vlasiti-url","et-has-post-format-content","et_post_format-et-post-format-standard"],"acf":[],"yoast_head":"<!-- This site is optimized with the Yoast SEO plugin v27.4 - https:\/\/yoast.com\/product\/yoast-seo-wordpress\/ -->\n<title>Mirko Jakovljevi\u0107: Zavist \u2013 pukotina u karakteru novinara \u2013 reportera - In Medias Res - \u010casopis centra za filozofiju medija<\/title>\n<meta name=\"robots\" content=\"index, follow, max-snippet:-1, max-image-preview:large, max-video-preview:-1\" \/>\n<link rel=\"canonical\" href=\"https:\/\/centar-fm.org\/inmediasres\/index.php\/mirko-jakovljevic-zavist-pukotina-u-karakteru-novinara-reportera\/\" \/>\n<meta property=\"og:locale\" content=\"en_US\" \/>\n<meta property=\"og:type\" content=\"article\" \/>\n<meta property=\"og:title\" content=\"Mirko Jakovljevi\u0107: Zavist \u2013 pukotina u karakteru novinara \u2013 reportera - In Medias Res - \u010casopis centra za filozofiju medija\" \/>\n<meta property=\"og:description\" content=\"&nbsp; &nbsp; &nbsp;9(17)#12 2020 \u010casopis je otvorenog pristupa, a ovo djelo je dano na kori\u0161tenje pod licencom Creative Commons Imenovanje-Nekomercijalno 4.0 me\u0111unarodna. DOI 10.46640\/imr.9.17.2 UDK 070.422:179.8 Pregledni \u010dlanak Review article Primljeno: 23.12.2019. &nbsp; &nbsp; Mirko Jakovljevi\u0107 Visoka \u0161kola za komunikaciju, Beograd, Srbija Kola\u0161in, Crna Gora mirko.jakovljevic@viskom.ac.rs Zavist \u2013 pukotina u karakteru novinara \u2013 reportera Puni [&hellip;]\" \/>\n<meta property=\"og:url\" content=\"https:\/\/centar-fm.org\/inmediasres\/index.php\/mirko-jakovljevic-zavist-pukotina-u-karakteru-novinara-reportera\/\" \/>\n<meta property=\"og:site_name\" content=\"In Medias Res - \u010casopis centra za filozofiju medija\" \/>\n<meta property=\"article:published_time\" content=\"2020-09-13T17:27:11+00:00\" \/>\n<meta property=\"og:image\" content=\"https:\/\/centar-fm.org\/inmediasres\/wp-content\/uploads\/sites\/2\/2020\/09\/inmediasresno1malo17.png\" \/>\n\t<meta property=\"og:image:width\" content=\"70\" \/>\n\t<meta property=\"og:image:height\" content=\"103\" \/>\n\t<meta property=\"og:image:type\" content=\"image\/png\" \/>\n<meta name=\"author\" content=\"Super User\" \/>\n<meta name=\"twitter:card\" content=\"summary_large_image\" \/>\n<meta name=\"twitter:label1\" content=\"Written by\" \/>\n\t<meta name=\"twitter:data1\" content=\"Super User\" \/>\n\t<meta name=\"twitter:label2\" content=\"Est. reading time\" \/>\n\t<meta name=\"twitter:data2\" content=\"15 minutes\" \/>\n<script type=\"application\/ld+json\" class=\"yoast-schema-graph\">{\"@context\":\"https:\\\/\\\/schema.org\",\"@graph\":[{\"@type\":\"Article\",\"@id\":\"https:\\\/\\\/centar-fm.org\\\/inmediasres\\\/index.php\\\/mirko-jakovljevic-zavist-pukotina-u-karakteru-novinara-reportera\\\/#article\",\"isPartOf\":{\"@id\":\"https:\\\/\\\/centar-fm.org\\\/inmediasres\\\/index.php\\\/mirko-jakovljevic-zavist-pukotina-u-karakteru-novinara-reportera\\\/\"},\"author\":{\"name\":\"Super User\",\"@id\":\"https:\\\/\\\/centar-fm.org\\\/inmediasres\\\/#\\\/schema\\\/person\\\/ae49dcc23965665608f66120db8245a4\"},\"headline\":\"Mirko Jakovljevi\u0107: Zavist \u2013 pukotina u karakteru novinara \u2013 reportera\",\"datePublished\":\"2020-09-13T17:27:11+00:00\",\"mainEntityOfPage\":{\"@id\":\"https:\\\/\\\/centar-fm.org\\\/inmediasres\\\/index.php\\\/mirko-jakovljevic-zavist-pukotina-u-karakteru-novinara-reportera\\\/\"},\"wordCount\":2946,\"commentCount\":0,\"image\":{\"@id\":\"https:\\\/\\\/centar-fm.org\\\/inmediasres\\\/index.php\\\/mirko-jakovljevic-zavist-pukotina-u-karakteru-novinara-reportera\\\/#primaryimage\"},\"thumbnailUrl\":\"https:\\\/\\\/centar-fm.org\\\/inmediasres\\\/wp-content\\\/uploads\\\/sites\\\/2\\\/2020\\\/09\\\/inmediasresno1malo17.png\",\"articleSection\":[\"In Medias Res broj 17 vlasiti url\"],\"inLanguage\":\"en-US\",\"potentialAction\":[{\"@type\":\"CommentAction\",\"name\":\"Comment\",\"target\":[\"https:\\\/\\\/centar-fm.org\\\/inmediasres\\\/index.php\\\/mirko-jakovljevic-zavist-pukotina-u-karakteru-novinara-reportera\\\/#respond\"]}]},{\"@type\":\"WebPage\",\"@id\":\"https:\\\/\\\/centar-fm.org\\\/inmediasres\\\/index.php\\\/mirko-jakovljevic-zavist-pukotina-u-karakteru-novinara-reportera\\\/\",\"url\":\"https:\\\/\\\/centar-fm.org\\\/inmediasres\\\/index.php\\\/mirko-jakovljevic-zavist-pukotina-u-karakteru-novinara-reportera\\\/\",\"name\":\"Mirko Jakovljevi\u0107: Zavist \u2013 pukotina u karakteru novinara \u2013 reportera - In Medias Res - \u010casopis centra za filozofiju medija\",\"isPartOf\":{\"@id\":\"https:\\\/\\\/centar-fm.org\\\/inmediasres\\\/#website\"},\"primaryImageOfPage\":{\"@id\":\"https:\\\/\\\/centar-fm.org\\\/inmediasres\\\/index.php\\\/mirko-jakovljevic-zavist-pukotina-u-karakteru-novinara-reportera\\\/#primaryimage\"},\"image\":{\"@id\":\"https:\\\/\\\/centar-fm.org\\\/inmediasres\\\/index.php\\\/mirko-jakovljevic-zavist-pukotina-u-karakteru-novinara-reportera\\\/#primaryimage\"},\"thumbnailUrl\":\"https:\\\/\\\/centar-fm.org\\\/inmediasres\\\/wp-content\\\/uploads\\\/sites\\\/2\\\/2020\\\/09\\\/inmediasresno1malo17.png\",\"datePublished\":\"2020-09-13T17:27:11+00:00\",\"author\":{\"@id\":\"https:\\\/\\\/centar-fm.org\\\/inmediasres\\\/#\\\/schema\\\/person\\\/ae49dcc23965665608f66120db8245a4\"},\"breadcrumb\":{\"@id\":\"https:\\\/\\\/centar-fm.org\\\/inmediasres\\\/index.php\\\/mirko-jakovljevic-zavist-pukotina-u-karakteru-novinara-reportera\\\/#breadcrumb\"},\"inLanguage\":\"en-US\",\"potentialAction\":[{\"@type\":\"ReadAction\",\"target\":[\"https:\\\/\\\/centar-fm.org\\\/inmediasres\\\/index.php\\\/mirko-jakovljevic-zavist-pukotina-u-karakteru-novinara-reportera\\\/\"]}]},{\"@type\":\"ImageObject\",\"inLanguage\":\"en-US\",\"@id\":\"https:\\\/\\\/centar-fm.org\\\/inmediasres\\\/index.php\\\/mirko-jakovljevic-zavist-pukotina-u-karakteru-novinara-reportera\\\/#primaryimage\",\"url\":\"https:\\\/\\\/centar-fm.org\\\/inmediasres\\\/wp-content\\\/uploads\\\/sites\\\/2\\\/2020\\\/09\\\/inmediasresno1malo17.png\",\"contentUrl\":\"https:\\\/\\\/centar-fm.org\\\/inmediasres\\\/wp-content\\\/uploads\\\/sites\\\/2\\\/2020\\\/09\\\/inmediasresno1malo17.png\",\"width\":70,\"height\":103,\"caption\":\"inmediasres\"},{\"@type\":\"BreadcrumbList\",\"@id\":\"https:\\\/\\\/centar-fm.org\\\/inmediasres\\\/index.php\\\/mirko-jakovljevic-zavist-pukotina-u-karakteru-novinara-reportera\\\/#breadcrumb\",\"itemListElement\":[{\"@type\":\"ListItem\",\"position\":1,\"name\":\"Po\u010detna stranica\",\"item\":\"https:\\\/\\\/centar-fm.org\\\/inmediasres\\\/\"},{\"@type\":\"ListItem\",\"position\":2,\"name\":\"Mirko Jakovljevi\u0107: Zavist \u2013 pukotina u karakteru novinara \u2013 reportera\"}]},{\"@type\":\"WebSite\",\"@id\":\"https:\\\/\\\/centar-fm.org\\\/inmediasres\\\/#website\",\"url\":\"https:\\\/\\\/centar-fm.org\\\/inmediasres\\\/\",\"name\":\"In Medias Res - \u010casopis centra za filozofiju medija\",\"description\":\"\",\"potentialAction\":[{\"@type\":\"SearchAction\",\"target\":{\"@type\":\"EntryPoint\",\"urlTemplate\":\"https:\\\/\\\/centar-fm.org\\\/inmediasres\\\/?s={search_term_string}\"},\"query-input\":{\"@type\":\"PropertyValueSpecification\",\"valueRequired\":true,\"valueName\":\"search_term_string\"}}],\"inLanguage\":\"en-US\"},{\"@type\":\"Person\",\"@id\":\"https:\\\/\\\/centar-fm.org\\\/inmediasres\\\/#\\\/schema\\\/person\\\/ae49dcc23965665608f66120db8245a4\",\"name\":\"Super User\",\"image\":{\"@type\":\"ImageObject\",\"inLanguage\":\"en-US\",\"@id\":\"https:\\\/\\\/secure.gravatar.com\\\/avatar\\\/5ac3fc5ccca7755fa3f558fed4a39be2232c6585e68bd398c790d57375dde921?s=96&d=mm&r=g\",\"url\":\"https:\\\/\\\/secure.gravatar.com\\\/avatar\\\/5ac3fc5ccca7755fa3f558fed4a39be2232c6585e68bd398c790d57375dde921?s=96&d=mm&r=g\",\"contentUrl\":\"https:\\\/\\\/secure.gravatar.com\\\/avatar\\\/5ac3fc5ccca7755fa3f558fed4a39be2232c6585e68bd398c790d57375dde921?s=96&d=mm&r=g\",\"caption\":\"Super User\"},\"url\":\"https:\\\/\\\/centar-fm.org\\\/inmediasres\\\/index.php\\\/author\\\/amynovcfmweb\\\/\"}]}<\/script>\n<!-- \/ Yoast SEO plugin. -->","yoast_head_json":{"title":"Mirko Jakovljevi\u0107: Zavist \u2013 pukotina u karakteru novinara \u2013 reportera - In Medias Res - \u010casopis centra za filozofiju medija","robots":{"index":"index","follow":"follow","max-snippet":"max-snippet:-1","max-image-preview":"max-image-preview:large","max-video-preview":"max-video-preview:-1"},"canonical":"https:\/\/centar-fm.org\/inmediasres\/index.php\/mirko-jakovljevic-zavist-pukotina-u-karakteru-novinara-reportera\/","og_locale":"en_US","og_type":"article","og_title":"Mirko Jakovljevi\u0107: Zavist \u2013 pukotina u karakteru novinara \u2013 reportera - In Medias Res - \u010casopis centra za filozofiju medija","og_description":"&nbsp; &nbsp; &nbsp;9(17)#12 2020 \u010casopis je otvorenog pristupa, a ovo djelo je dano na kori\u0161tenje pod licencom Creative Commons Imenovanje-Nekomercijalno 4.0 me\u0111unarodna. DOI 10.46640\/imr.9.17.2 UDK 070.422:179.8 Pregledni \u010dlanak Review article Primljeno: 23.12.2019. &nbsp; &nbsp; Mirko Jakovljevi\u0107 Visoka \u0161kola za komunikaciju, Beograd, Srbija Kola\u0161in, Crna Gora mirko.jakovljevic@viskom.ac.rs Zavist \u2013 pukotina u karakteru novinara \u2013 reportera Puni [&hellip;]","og_url":"https:\/\/centar-fm.org\/inmediasres\/index.php\/mirko-jakovljevic-zavist-pukotina-u-karakteru-novinara-reportera\/","og_site_name":"In Medias Res - \u010casopis centra za filozofiju medija","article_published_time":"2020-09-13T17:27:11+00:00","og_image":[{"width":70,"height":103,"url":"https:\/\/centar-fm.org\/inmediasres\/wp-content\/uploads\/sites\/2\/2020\/09\/inmediasresno1malo17.png","type":"image\/png"}],"author":"Super User","twitter_card":"summary_large_image","twitter_misc":{"Written by":"Super User","Est. reading time":"15 minutes"},"schema":{"@context":"https:\/\/schema.org","@graph":[{"@type":"Article","@id":"https:\/\/centar-fm.org\/inmediasres\/index.php\/mirko-jakovljevic-zavist-pukotina-u-karakteru-novinara-reportera\/#article","isPartOf":{"@id":"https:\/\/centar-fm.org\/inmediasres\/index.php\/mirko-jakovljevic-zavist-pukotina-u-karakteru-novinara-reportera\/"},"author":{"name":"Super User","@id":"https:\/\/centar-fm.org\/inmediasres\/#\/schema\/person\/ae49dcc23965665608f66120db8245a4"},"headline":"Mirko Jakovljevi\u0107: Zavist \u2013 pukotina u karakteru novinara \u2013 reportera","datePublished":"2020-09-13T17:27:11+00:00","mainEntityOfPage":{"@id":"https:\/\/centar-fm.org\/inmediasres\/index.php\/mirko-jakovljevic-zavist-pukotina-u-karakteru-novinara-reportera\/"},"wordCount":2946,"commentCount":0,"image":{"@id":"https:\/\/centar-fm.org\/inmediasres\/index.php\/mirko-jakovljevic-zavist-pukotina-u-karakteru-novinara-reportera\/#primaryimage"},"thumbnailUrl":"https:\/\/centar-fm.org\/inmediasres\/wp-content\/uploads\/sites\/2\/2020\/09\/inmediasresno1malo17.png","articleSection":["In Medias Res broj 17 vlasiti url"],"inLanguage":"en-US","potentialAction":[{"@type":"CommentAction","name":"Comment","target":["https:\/\/centar-fm.org\/inmediasres\/index.php\/mirko-jakovljevic-zavist-pukotina-u-karakteru-novinara-reportera\/#respond"]}]},{"@type":"WebPage","@id":"https:\/\/centar-fm.org\/inmediasres\/index.php\/mirko-jakovljevic-zavist-pukotina-u-karakteru-novinara-reportera\/","url":"https:\/\/centar-fm.org\/inmediasres\/index.php\/mirko-jakovljevic-zavist-pukotina-u-karakteru-novinara-reportera\/","name":"Mirko Jakovljevi\u0107: Zavist \u2013 pukotina u karakteru novinara \u2013 reportera - In Medias Res - \u010casopis centra za filozofiju medija","isPartOf":{"@id":"https:\/\/centar-fm.org\/inmediasres\/#website"},"primaryImageOfPage":{"@id":"https:\/\/centar-fm.org\/inmediasres\/index.php\/mirko-jakovljevic-zavist-pukotina-u-karakteru-novinara-reportera\/#primaryimage"},"image":{"@id":"https:\/\/centar-fm.org\/inmediasres\/index.php\/mirko-jakovljevic-zavist-pukotina-u-karakteru-novinara-reportera\/#primaryimage"},"thumbnailUrl":"https:\/\/centar-fm.org\/inmediasres\/wp-content\/uploads\/sites\/2\/2020\/09\/inmediasresno1malo17.png","datePublished":"2020-09-13T17:27:11+00:00","author":{"@id":"https:\/\/centar-fm.org\/inmediasres\/#\/schema\/person\/ae49dcc23965665608f66120db8245a4"},"breadcrumb":{"@id":"https:\/\/centar-fm.org\/inmediasres\/index.php\/mirko-jakovljevic-zavist-pukotina-u-karakteru-novinara-reportera\/#breadcrumb"},"inLanguage":"en-US","potentialAction":[{"@type":"ReadAction","target":["https:\/\/centar-fm.org\/inmediasres\/index.php\/mirko-jakovljevic-zavist-pukotina-u-karakteru-novinara-reportera\/"]}]},{"@type":"ImageObject","inLanguage":"en-US","@id":"https:\/\/centar-fm.org\/inmediasres\/index.php\/mirko-jakovljevic-zavist-pukotina-u-karakteru-novinara-reportera\/#primaryimage","url":"https:\/\/centar-fm.org\/inmediasres\/wp-content\/uploads\/sites\/2\/2020\/09\/inmediasresno1malo17.png","contentUrl":"https:\/\/centar-fm.org\/inmediasres\/wp-content\/uploads\/sites\/2\/2020\/09\/inmediasresno1malo17.png","width":70,"height":103,"caption":"inmediasres"},{"@type":"BreadcrumbList","@id":"https:\/\/centar-fm.org\/inmediasres\/index.php\/mirko-jakovljevic-zavist-pukotina-u-karakteru-novinara-reportera\/#breadcrumb","itemListElement":[{"@type":"ListItem","position":1,"name":"Po\u010detna stranica","item":"https:\/\/centar-fm.org\/inmediasres\/"},{"@type":"ListItem","position":2,"name":"Mirko Jakovljevi\u0107: Zavist \u2013 pukotina u karakteru novinara \u2013 reportera"}]},{"@type":"WebSite","@id":"https:\/\/centar-fm.org\/inmediasres\/#website","url":"https:\/\/centar-fm.org\/inmediasres\/","name":"In Medias Res - \u010casopis centra za filozofiju medija","description":"","potentialAction":[{"@type":"SearchAction","target":{"@type":"EntryPoint","urlTemplate":"https:\/\/centar-fm.org\/inmediasres\/?s={search_term_string}"},"query-input":{"@type":"PropertyValueSpecification","valueRequired":true,"valueName":"search_term_string"}}],"inLanguage":"en-US"},{"@type":"Person","@id":"https:\/\/centar-fm.org\/inmediasres\/#\/schema\/person\/ae49dcc23965665608f66120db8245a4","name":"Super User","image":{"@type":"ImageObject","inLanguage":"en-US","@id":"https:\/\/secure.gravatar.com\/avatar\/5ac3fc5ccca7755fa3f558fed4a39be2232c6585e68bd398c790d57375dde921?s=96&d=mm&r=g","url":"https:\/\/secure.gravatar.com\/avatar\/5ac3fc5ccca7755fa3f558fed4a39be2232c6585e68bd398c790d57375dde921?s=96&d=mm&r=g","contentUrl":"https:\/\/secure.gravatar.com\/avatar\/5ac3fc5ccca7755fa3f558fed4a39be2232c6585e68bd398c790d57375dde921?s=96&d=mm&r=g","caption":"Super User"},"url":"https:\/\/centar-fm.org\/inmediasres\/index.php\/author\/amynovcfmweb\/"}]}},"_links":{"self":[{"href":"https:\/\/centar-fm.org\/inmediasres\/index.php\/wp-json\/wp\/v2\/posts\/358","targetHints":{"allow":["GET"]}}],"collection":[{"href":"https:\/\/centar-fm.org\/inmediasres\/index.php\/wp-json\/wp\/v2\/posts"}],"about":[{"href":"https:\/\/centar-fm.org\/inmediasres\/index.php\/wp-json\/wp\/v2\/types\/post"}],"author":[{"embeddable":true,"href":"https:\/\/centar-fm.org\/inmediasres\/index.php\/wp-json\/wp\/v2\/users\/2"}],"replies":[{"embeddable":true,"href":"https:\/\/centar-fm.org\/inmediasres\/index.php\/wp-json\/wp\/v2\/comments?post=358"}],"version-history":[{"count":0,"href":"https:\/\/centar-fm.org\/inmediasres\/index.php\/wp-json\/wp\/v2\/posts\/358\/revisions"}],"wp:featuredmedia":[{"embeddable":true,"href":"https:\/\/centar-fm.org\/inmediasres\/index.php\/wp-json\/wp\/v2\/media\/356"}],"wp:attachment":[{"href":"https:\/\/centar-fm.org\/inmediasres\/index.php\/wp-json\/wp\/v2\/media?parent=358"}],"wp:term":[{"taxonomy":"category","embeddable":true,"href":"https:\/\/centar-fm.org\/inmediasres\/index.php\/wp-json\/wp\/v2\/categories?post=358"},{"taxonomy":"post_tag","embeddable":true,"href":"https:\/\/centar-fm.org\/inmediasres\/index.php\/wp-json\/wp\/v2\/tags?post=358"}],"curies":[{"name":"wp","href":"https:\/\/api.w.org\/{rel}","templated":true}]}}