{"id":360,"date":"2020-09-13T17:30:20","date_gmt":"2020-09-13T17:30:20","guid":{"rendered":"https:\/\/sweet-mcclintock.194-60-87-163.plesk.page\/inmediasres\/2020\/09\/13\/iris-jeroncic-tomic-rosanda-mulic-i-antonija-milisic-jadric-utjecaj-drustvenih-mreza-na-samopostovanje-i-mentalno-zdravlje-mladih\/"},"modified":"2020-09-13T17:30:20","modified_gmt":"2020-09-13T17:30:20","slug":"iris-jeroncic-tomic-rosanda-mulic-i-antonija-milisic-jadric-utjecaj-drustvenih-mreza-na-samopostovanje-i-mentalno-zdravlje-mladih","status":"publish","type":"post","link":"https:\/\/centar-fm.org\/inmediasres\/index.php\/iris-jeroncic-tomic-rosanda-mulic-i-antonija-milisic-jadric-utjecaj-drustvenih-mreza-na-samopostovanje-i-mentalno-zdravlje-mladih\/","title":{"rendered":"Iris Jeron\u010di\u0107 Tomi\u0107, Rosanda Muli\u0107 i Antonija Mili\u0161i\u0107 Jadri\u0107: Utjecaj dru\u0161tvenih mre\u017ea na samopo\u0161tovanje i mentalno zdravlje mladih"},"content":{"rendered":"<p class=\"MsoNormal\" style=\"line-height: 150%;\"><span lang=\"SR\">&nbsp;<\/span><\/p>\n<p><a name=\"4inmediasres17\"><\/a><\/p>\n<p class=\"MsoNormal\" style=\"line-height: 150%;\"><span lang=\"SR\">&nbsp;<\/span><\/p>\n<hr \/>\n<table style=\"width: 755px;\" border=\"0\">\n<tbody>\n<tr>\n<td style=\"width: 215px;\" valign=\"top\">\n<p class=\"MsoNormal\" style=\"line-height: 170%;\">\n <strong>&nbsp;9(17)#14 2020<\/strong> <\/p>\n<\/td>\n<td style=\"width: 315px;\" valign=\"top\">\n<p style=\"line-height: 170%; text-align: center;\">\n<a rel=\"license\" href=\"http:\/\/creativecommons.org\/licenses\/by-nc\/4.0\/\"><img decoding=\"async\" alt=\"Creative Commons licenca\" style=\"border-width:0\" src=\"https:\/\/i.creativecommons.org\/l\/by-nc\/4.0\/88x31.png\" \/><\/a><br \/>\u010casopis je otvorenog pristupa, a ovo djelo je dano na kori\u0161tenje pod licencom <a rel=\"license\" href=\"http:\/\/creativecommons.org\/licenses\/by-nc\/4.0\/\"><strong>Creative Commons Imenovanje-Nekomercijalno 4.0 me\u0111unarodna.<\/strong><\/a><\/p>\n<\/td>\n<td valign=\"top\">\n<p style=\"text-align: right; line-height: 150%;\" align=\"center\"><strong><br \/>\nDOI <a href=\"https:\/\/doi.org\/10.46640\/imr.9.17.4\">10.46640\/imr.9.17.4<\/a><br \/>\nUDK 004.738.5-042.3:159.937-053.6<br \/>\nPregledni \u010dlanak<br \/>\nReview article<br \/>\nPrimljeno: 29.01.2020.<\/strong><\/p>\n<\/td>\n<\/tr>\n<\/tbody>\n<\/table>\n<p class=\"MsoNormal\" style=\"line-height: 150%;\">&nbsp;<\/p>\n<p class=\"MsoNormal\" style=\"line-height: 150%;\">&nbsp;<\/p>\n<p class=\"MsoNormal\" style=\"text-align: center; line-height: 150%;\" align=\"center\"><span style=\"font-size: 15.0pt; line-height: 150%;\"><a href=\"https:\/\/orcid.org\/0000-0002-1510-4000\">Iris Jeron\u010di\u0107 Tomi\u0107<\/a>, <a href=\"https:\/\/orcid.org\/0000-0003-3334-9658\">Rosanda Muli\u0107<\/a> i Antonija Mili\u0161i\u0107 Jadri\u0107<\/span><\/p>\n<p style=\"text-align: center; line-height: 150%;\" align=\"center\">Medicinski fakultet Sveu\u010dili\u0161ta u Splitu, Hrvatska<\/p>\n<p>iris.jeroncic@mefst.hr<\/p>\n<p>rosanda.mulic1@st.htnet.hr<\/p>\n<p style=\"text-align: center; line-height: 150%;\" align=\"center\">Sveu\u010dili\u0161ni odjel zdravstvenih studija , Hrvatska<\/p>\n<p style=\"text-align: center;\" align=\"center\"><strong> <span style=\"font-size: 16.0pt; line-height: 150%;\">Utjecaj dru\u0161tvenih mre\u017ea na samopo\u0161tovanje i<br \/>\nmentalno zdravlje mladih<\/span><\/strong><\/p>\n<p style=\"text-align: center; line-height: 150%;\" align=\"center\"><a href=\"http:\/\/www.centar-fm.org\/inmediasres\/images\/pdf\/17\/I. Jeroncic Tomic, R. Mulic i A. Milisic Jadric, Utjecaj drustvenih mreza na samopostovanje.pdf\"><strong><span style=\"color: #DC0101; font-size: 8.0pt;\"><br \/>\nPuni tekst: pdf (354 KB), Hrvatski, Str. 2649 &#8211; 2654<br \/>\n<\/span><\/strong><\/a><\/p>\n<p class=\"MsoNormal\" style=\"line-height: 150%;\">&nbsp;<\/p>\n<p style=\"margin: 0cm 48.6pt 0.0001pt 54pt; line-height: 170%;\"><strong><em>Sa\u017eetak<\/em><\/strong><\/p>\n<p class=\"MsoBodyText\" style=\"margin-top: 0cm; margin-right: 48.6pt; margin-bottom: .0001pt; margin-left: 54.0pt; line-height: 150%;\"><span style=\"font-size: 12.0pt; line-height: 150%; font-family: 'Times New Roman';\" lang=\"SR\">&nbsp;<\/span><\/p>\n<p class=\"MsoBodyText\" style=\"margin-top: 0cm; margin-right: 48.6pt; margin-bottom: .0001pt; margin-left: 54.0pt; line-height: 170%;\"><em><br \/>\nSamopo\u0161tovanje je procjena vlastitog samopouzdanja u tri dimenzije: fizi\u010dki izgled, romanti\u010dna atraktivnost te sposobnost formiranja i odr\u017eavanja bliskih prijateljstava. To je na\u010din na koji ljudi percipiraju vlastitu vrijednost i misle da su vrijedni drugima. <\/em><\/p>\n<p><span style=\"mso-tab-count: 1;\">&nbsp;&nbsp;&nbsp;&nbsp;&nbsp;&nbsp;<\/span><\/p>\n<p class=\"MsoBodyText\" style=\"margin-top: 0cm; margin-right: 48.6pt; margin-bottom: .0001pt; margin-left: 54.0pt; line-height: 170%;\"><em><br \/>\nDru\u0161tvene mre\u017ee su medij na kojem imamo priliku oblikovati sliku o sebi stvaranjem jedinstvenih profila kako bismo prikazali \u017eeljenu sliku o sebi. Pojedinci komuniciraju i anga\u017eiraju se u \u017eivote drugih ljudi pomo\u0107u slika koje su stvorili o njima, otkrivanjem osobnih detalja i stvaranja uvida u \u017eivote drugih. Upotreba dru\u0161tvenih mre\u017ea ima negativne i pozitivne u\u010dinke. <\/em><\/p>\n<p><span style=\"mso-tab-count: 1;\">&nbsp;&nbsp;&nbsp;&nbsp;&nbsp;&nbsp;<\/span><\/p>\n<p class=\"MsoBodyText\" style=\"margin-top: 0cm; margin-right: 48.6pt; margin-bottom: .0001pt; margin-left: 54.0pt; line-height: 170%;\"><em><br \/>\nOsobnost i razina samopo\u0161tovanja su utjecajni \u010dimbenici komunikacije pojedinca s drugim ljudima. <\/p>\n<p><\/em><\/p>\n<p class=\"MsoBodyText\" style=\"margin-top: 0cm; margin-right: 48.6pt; margin-bottom: .0001pt; margin-left: 54.0pt; line-height: 170%;\">&nbsp;<\/p>\n<p style=\"margin: 0cm 48.6pt 0.0001pt 54pt; line-height: 170%;\"><strong><em>Klju\u010dne rije\u010di:<\/em><\/strong> <em>samopo\u0161tovanje, dru\u0161tvene mre\u017ee, mentalno zdravlje.<\/em><\/p>\n<p class=\"MsoBodyText\" style=\"margin-top: 0cm; margin-right: 48.6pt; margin-bottom: .0001pt; margin-left: 54.0pt; line-height: 170%;\">&nbsp;<\/p>\n<p class=\"MsoNormal\" style=\"line-height: 150%;\">&nbsp;<\/p>\n<p class=\"MsoNormal\" style=\"line-height: 170%;\">Samopo\u0161tovanje se odnosi na osobnu prosudbu vlastite vrijednosti<a name=\"_ftnref59\"><\/a><a href=\"#_ftn59\"><sup>[<span style=\"font-family: 'times new roman', times;\"><strong>59<\/strong><\/span>]<\/sup><\/a>. Odnosi se na osobnu, pozitivnu ili negativnu, procjenu svojeg &ldquo;ja&rdquo;, u kojoj mjeri pojedinac smatra sebe vrijednim i kompetentnim. Samopo\u0161tovanje je \u0161ireg koncepta i slu\u017ei razli\u010ditim dru\u0161tvenim i egzistencijalnim funkcijama (npr. prihva\u0107anje u grupi, zna\u010denje u \u017eivotu). Uglavnom je stabilna osobina koja se razvija tijekom vremena i koja reagira na dnevne doga\u0111aje i kontekste. Upotreba dru\u0161tvenih mre\u017ea i razina samopo\u0161tovanja su dva me\u0111usobno povezana konstrukta.<\/p>\n<p class=\"MsoNormal\" style=\"line-height: 170%;\">Ono \u0161to radimo na internetu, osobito na dru\u0161tvenim mre\u017eama, utje\u010de na na\u0161e samopo\u0161tovanje. Ljudi \u017eive dio svog \u017eivota na dru\u0161tvenim mre\u017eama. One su internet stranice na kojima se korisnici prikazuju svijetu. Osoba ima priliku oblikovati sliku o sebi koriste\u0107i dru\u0161tvene mre\u017ee poput Facebooka i Twittera. Objave odra\u017eavaju emocije i na\u010din na koji se osobe predstavljaju te se mogu koristiti za ispitivanje njihove osobnosti i razine samopo\u0161tovanja u mre\u017enim okru\u017eenjima<a name=\"_ftnref60\"><\/a><a href=\"#_ftn60\"><sup>[<span style=\"font-family: 'times new roman', times;\"><strong>60<\/strong><\/span>]<\/sup><\/a>.<\/p>\n<p class=\"MsoNormal\" style=\"line-height: 170%;\">Dru\u0161tvene mre\u017ee mogu pobolj\u0161ati samopo\u0161tovanje, uklju\u010duju\u0107i percepciju fizi\u010dkog izgleda, odnosa s drugima i romanti\u010dnih veza, pogotovo kada osoba primi pozitivne povratne informacije od svojih vr\u0161njaka, prijatelja na dru\u0161tvenim mre\u017eama. Osim toga, omogu\u0107uju\u0107i korisnicima kontroliranje onoga \u0161to objavljuju na mre\u017ei, profil im mo\u017ee pomo\u0107i u pove\u0107anju razine samopo\u0161tovanja putem prezentiranja sebe. <\/p>\n<p class=\"MsoNormal\" style=\"line-height: 170%;\">Profil na dru\u0161tvenoj mre\u017ei poma\u017ee zadovoljiti potrebe pojedinca za o\u010duvanjem vlastite vrijednosti i integriteta<a name=\"_ftnref61\"><\/a><a href=\"#_ftn61\"><sup>[<span style=\"font-family: 'times new roman', times;\"><strong>61<\/strong><\/span>]<\/sup><\/a>. Ovaj medij omogu\u0107uje korisnicima prezentaciju svog idealnog &ldquo;ja&rdquo;, a budu\u0107i je to optimalna prezentacija sebe, dovodi do pozitivnih osje\u0107aja i vi\u0161e razine samopo\u0161tovanja. Dru\u0161tvene mre\u017ee utje\u010du i na potrebu za pripadanjem, pru\u017eaju\u0107i prikladan na\u010din za uklapanje s drugima. Pripadanje grupi poti\u010de razvoj kolektivnog samopo\u0161tovanja koji proizlazi iz poznavanja vlastitog \u010dlanstva u dru\u0161tvenoj skupini, zajedno s vrijedno\u0161\u0107u i emocionalnim zna\u010dajem koji su usko povezani s tim \u010dlanstvom. Ovakav oblik komunikacije koristan je za osobe s niskom razinom samopo\u0161tovanja poma\u017eu\u0107i im u prilagodbi na novu sredinu, pobolj\u0161anju samopo\u0161tovanja te subjektivnoj dobrobiti pojedinca. Pojedinci koji koriste dru\u0161tvene mre\u017ee mogu do\u017eivjeti osje\u0107aj pripadnosti i socijalne podr\u0161ke drugih<a name=\"_ftnref62\"><\/a><a href=\"#_ftn62\"><sup>[<span style=\"font-family: 'times new roman', times;\"><strong>62<\/strong><\/span>]<\/sup><\/a>.<\/p>\n<p class=\"MsoNormal\" style=\"line-height: 170%;\">Osobe s ni\u017eom razinom samopo\u0161tovanja poku\u0161avaju nadoknaditi nedostatak samopo\u0161tovanja putem pove\u0107anja broja online prijatelja kako bi uspostavili osje\u0107aj pripadnosti i naglasili do\u017eivljaj popularnosti. Prihva\u0107aju\u0107i vi\u0161e zahtjeva za prijateljstvom, osobe s niskom razinom samopo\u0161tovanja poku\u0161avaju nadoknaditi nedostatak aktivno\u0161\u0107u na dru\u0161tvenim mre\u017eama. Introverti mogu nadoknaditi pote\u0161ko\u0107e u interakciji licem u lice online putem.<\/p>\n<p class=\"MsoNormal\" style=\"line-height: 170%;\">Osobe s ni\u017eom razinom samopo\u0161tovanja provode vi\u0161e vremena na mre\u017ei i imaju vi\u0161e promotivnih sadr\u017eaja na svojim profilima. Za razliku od njih osobe s vi\u0161om razinom samopo\u0161tovanja koriste dru\u0161tvene mre\u017ee \u010de\u0161\u0107e kao alat za pobolj\u0161anje odnosa s ljudima koje poznaju nego za stjecanje novih prijatelja. Korisne su im za odr\u017eavanje postoje\u0107ih prijateljstava ili bliskih odnosa dok su manje korisne za stvaranje novih prijateljstava me\u0111u onima s vi\u0161om razinom samopo\u0161tovanja i zadovoljstva \u017eivotom<a name=\"_ftnref63\"><\/a><a href=\"#_ftn63\"><sup>[<span style=\"font-family: 'times new roman', times;\"><strong>63<\/strong><\/span>]<\/sup><\/a>. Pojedinci s vi\u0161om razinom samopo\u0161tovanja preferiraju dijeljenje fotografija, misli i ideja s drugima te pridaju manje va\u017enosti online interakciji putem dru\u0161tvenih mre\u017ea. <\/p>\n<p class=\"MsoNormal\" style=\"line-height: 170%;\">Pored pogodnosti i pozitivnog u\u010dinka na razinu samopo\u0161tovanja osobe, ovakav oblik komunikacije mo\u017ee imati i negativne u\u010dinke.<\/p>\n<p class=\"MsoNormal\" style=\"line-height: 170%;\">Kori\u0161tenje dru\u0161tvenih mre\u017ea mo\u017ee pove\u0107ati razinu narcisoidnosti i time negativno utjecati na samopo\u0161tovanje. Kada se govori o povezanosti upotrebe dru\u0161tvenih mre\u017ea i razine samopo\u0161tovanja onda se ispituje utjecaj istih na po\u0161tovanje tijela, osobito me\u0111u adolescentima. Prezentacija sebe, posebno fizi\u010dkog izgleda, zaslu\u017euje pa\u017enju u poku\u0161aju razumijevanja utjecaja dru\u0161tvenih mre\u017ea na samopo\u0161tovanje. Na dru\u0161tvenim mre\u017eama nagla\u0161ava se fizi\u010dka atraktivnost korisnika. <\/p>\n<p class=\"MsoNormal\" style=\"line-height: 170%;\">Utjecaji upotrebe dru\u0161tvenih mre\u017ea sugeriraju svjesnost o va\u017enosti dobrog izgleda na takvim stranicama<a name=\"_ftnref64\"><\/a><a href=\"#_ftn64\"><sup>[<span style=\"font-family: 'times new roman', times;\"><strong>64<\/strong><\/span>]<\/sup><\/a>. Kao rezultat kori\u0161tenja dru\u0161tvenih mre\u017ea, adolescenti \u0107e vjerojatno vi\u0161e ulo\u017eiti u vlastito prikazivanje te nau\u010diti kako se prezentirati drugima. Takve stranice mogu potencirati i nezdravu opsjednutost samim sobom, osobito s tijelom i pojavom. Usmjerenost na fizi\u010dki izgled prilikom prezentiranja sebe na ovim stranicama mo\u017ee biti va\u017ean \u010dimbenik u obja\u0161njavanju \u0161tetnih posljedica ovog na\u010dina komunikacije. <\/p>\n<p class=\"MsoNormal\" style=\"line-height: 170%;\">Dru\u0161tvene mre\u017ee mogu doprinijeti nezadovoljstvu vlastitim tijelom i ulaganju u izgled kod oba spola<a name=\"_ftnref65\"><\/a><a href=\"#_ftn65\"><sup>[<span style=\"font-family: 'times new roman', times;\"><strong>65<\/strong><\/span>]<\/sup><\/a>. Okupiranost vlastitim tijelom, pa tako i nezadovoljstvo razvijaju se relativno rano. Djevoj\u010dice u dobi od sedam godina ve\u0107 iznose ova opa\u017eanja. Glavni utjecaj na tu percepciju je uloga medija koji nagla\u0161avaju ideal mr\u0161avosti. Intenzivnije kori\u0161tenje interneta povezano je s internalizacijom ideala mr\u0161avosti, kontrolom nad tijelom i \u017eeljom za mr\u0161avljenjem kod adolescenata<a name=\"_ftnref66\"><\/a><a href=\"#_ftn66\"><sup>[<span style=\"font-family: 'times new roman', times;\"><strong>66<\/strong><\/span>]<\/sup><\/a>. Analize sadr\u017eaja pokazuju kako idealno \u017eensko tijelo prikazano u masovnim medijima utjelovljuje ideju mr\u0161ave \u017eene kao normativne i privla\u010dne. Nezadovoljstvo vlastitim tijelom i ulaganje u izgled va\u017eni su \u010dimbenici rizika za probleme mentalnog zdravlja, prije svega simptome poreme\u0107aja prehrane i depresije, a negativno se odnose na dobrobit i samopo\u0161tovanje kod adolescenata. <\/p>\n<p class=\"MsoNormal\" style=\"line-height: 170%;\">U ovom kontekstu vi\u0161a razina izlo\u017eenosti masovnim medijima je povezana s vi\u0161om razinom nezadovoljstva vlastitim tijelom i poreme\u0107ajem prehrane<a name=\"_ftnref67\"><\/a><a href=\"#_ftn67\"><sup>[<span style=\"font-family: 'times new roman', times;\"><strong>67<\/strong><\/span>]<\/sup><\/a>. Stope poreme\u0107aja prehrane me\u0111u \u017eenama, kao \u0161to su anoreksija, ortoreksija nervoza i bulimija rastu. Sve vi\u0161e mu\u0161karaca postaje zabrinuto zbog oblika tijela i te\u017eine jer su svakodnevno izlo\u017eeni medijskom pritisku<a name=\"_ftnref68\"><\/a><a href=\"#_ftn68\"><sup>[<span style=\"font-family: 'times new roman', times;\"><strong>68<\/strong><\/span>]<\/sup><\/a>. Ulaganje u izgled ide ruku pod ruku s aktivnostima koje iziskuju puno vremena, energije i novca, a tako\u0111er mogu biti \u0161tetne za \u0161kolski \/ akademski uspjeh, me\u0111uljudske odnose i tjelesno zdravlje. Ve\u0107a izlo\u017eenost dru\u0161tvenim mre\u017eama povezana je s objektivizacijom samoga sebe<a name=\"_ftnref69\"><\/a><a href=\"#_ftn69\"><sup>[<span style=\"font-family: 'times new roman', times;\"><strong>69<\/strong><\/span>]<\/sup><\/a>. Na dru\u0161tvenim mre\u017eama objavljivanje fotografija jest objektivno sagledavanje fizi\u010dkog izgleda i subjektivno razmi\u0161ljanje o prihva\u0107enosti ili odbijenosti od strane drugih korisnika putem broja &bdquo;lajkova&ldquo; ili napisanih komentara<a name=\"_ftnref70\"><\/a><a href=\"#_ftn70\"><sup>[<span style=\"font-family: 'times new roman', times;\"><strong>70<\/strong><\/span>]<\/sup><\/a>. Povratne informacije obja\u0161njavaju promjene u samopo\u0161tovanju kao rezultat kori\u0161tenja dru\u0161tvenih mre\u017ea. Smatra se kako reakcije drugih ljudi mogu utjecati na mjeru u kojoj ljudi mijenjaju samopoimanje, na vlastitu prezentaciju.<\/p>\n<p class=\"MsoNormal\" style=\"line-height: 170%;\">Teorija dru\u0161tvene usporedbe sugerira sklonost ljudi prema usporedbi s drugima kao sredstvom odre\u0111ivanja svog napretka i stanja u \u017eivotu. \u017dene se podjednako uspore\u0111uju s nerealnim medijskim slikama koliko i s vr\u0161njacima. Osobe koje su sklone dru\u0161tvenim usporedbama imaju i vi\u0161u razinu nezadovoljstva svojim tijelom<a name=\"_ftnref71\"><\/a><a href=\"#_ftn71\"><sup>[<span style=\"font-family: 'times new roman', times;\"><strong>71<\/strong><\/span>]<\/sup><\/a>. <\/p>\n<p class=\"MsoNormal\" style=\"line-height: 170%;\">\u017dene vi\u0161e koriste dru\u0161tvene mre\u017ee za usporedbu s drugima i prikupljanje informacija dok ih mu\u0161karci \u010de\u0161\u0107e koriste za pregled profila drugih ljudi i pronalazak prijatelja. \u017dene koje se uspore\u0111uju s fotografijama vitkih \u017eena imaju ni\u017eu razinu samopo\u0161tovanja u usporedbi sa onima koje se uspore\u0111uju s fotografijama korpulentnijih.<a name=\"_ftnref72\"><\/a><a href=\"#_ftn72\"><sup>[<span style=\"font-family: 'times new roman', times;\"><strong>72<\/strong><\/span>]<\/sup><\/a><\/p>\n<p class=\"MsoNormal\" style=\"line-height: 170%;\">Osobe koje vi\u0161e vremena provode koriste\u0107i dru\u0161tvene mre\u017ee i gledaju\u0107i sretne fotografije drugih korisnika, smatraju druge ljude sretnijima, s mi\u0161lju o tu\u0111im ljep\u0161im \u017eivotima te vjeruju u \u017eivotnu nepravdu. Pojedinci s vi\u0161om razinom zabrinutosti o vlastitom izgledu mogu izraziti patolo\u0161ku internetsku ovisnost i socijalnu izolaciju. Iako su u\u010dinci relativno mali, a to\u010dni procesi i uvjetni \u010dimbenici jo\u0161 uvijek nejasni, potencijalni negativni u\u010dinci kori\u0161tenja dru\u0161tvenih mre\u017ea na samopoimanje i po\u0161tovanje tijela adolescenata ne bi se smjeli zanemariti. Slika o vlastitom tijelu je va\u017ean aspekt razvoja adolescenata te negativni utjecaji do\u017eivljeni u ovom \u017eivotnom razdoblju mogu oja\u010dati i prerasti u ve\u0107e probleme u odrasloj dobi. <\/p>\n<p class=\"MsoNormal\" style=\"line-height: 170%;\">Va\u017eno je ne zaboraviti pozitivne utjecaje dru\u0161tvenih mre\u017ea. Dru\u0161tvene mre\u017ee su \u010dest predmet istra\u017eivanja i neslaganja oko uzroka i posljedica njihovog odnosa prema samopo\u0161tovanju i dobrobiti ljudi. Njihova upotreba mo\u017ee imati dru\u0161tvene i psiholo\u0161ki negativne u\u010dinke na ljude, ali s druge strane one mogu biti i vrlo korisne u kontekstu dru\u0161tvene povezanosti i pripadnosti.<\/p>\n<p class=\"MsoNormal\" style=\"line-height: 150%;\">&nbsp;<\/p>\n<hr align=\"left\" size=\"1\" width=\"33%\" \/>\n<div id=\"ftn59\">\n<p class=\"MsoNormal\" style=\"line-height: 150%;\"><span style=\"font-size: 8.0pt;\"><a name=\"_ftn59\"><\/a><a href=\"#_ftnref59\"><sup>[<span style=\"font-family: 'times new roman', \ntimes;\"><strong>59<\/strong><\/span>]<\/sup><\/a>&nbsp;<br \/>\nIvana Obla\u010di\u0107, Tena Veliki, Lara Caki\u0107, &ldquo;Odnos samopo\u0161tovanja i socijalnog statusa u\u010denika ni\u017eih razreda osnovne \u0161kole&rdquo;, \u0160kolski vjesnik (64\/2015), str. 153 &#8211; 172.<\/p>\n<p><\/span><\/p>\n<\/div>\n<div id=\"ftn60\">\n<p class=\"MsoNormal\" style=\"line-height: 150%;\"><span style=\"font-size: 8.0pt;\"><a name=\"_ftn60\"><\/a><a href=\"#_ftnref60\"><sup>[<span style=\"font-family: 'times new roman', \ntimes;\"><strong>60<\/strong><\/span>]<\/sup><\/a>&nbsp;<br \/>\nDiana Vries, <em>Social Media and Online Self-Presentation: Effects on How We See Ourselves and Our Bodies<\/em>, University of Amsterdam, Amsterdam 2014., str. 79 &#8211; 80.<\/p>\n<p><\/span><\/p>\n<\/div>\n<div id=\"ftn61\">\n<p class=\"MsoNormal\" style=\"line-height: 150%;\"><span style=\"font-size: 8.0pt;\"><a name=\"_ftn61\"><\/a><a href=\"#_ftnref61\"><sup>[<span style=\"font-family: 'times new roman', \ntimes;\"><strong>61<\/strong><\/span>]<\/sup><\/a>&nbsp;<br \/>\nAnela Hasanagi\u0107, Tu\u011fba Yilmaz, &ldquo;Samopo\u0161tovanje mladih i kori\u0161tenje dru\u0161tvenih mre\u017ea&rdquo;, <a href=\"https:\/\/www.researchgate.net\/publication\/323228663_Samopostovanje_mladih_i_koristenje_drustvenih_mreza\">https:\/\/www.researchgate.net\/publication\/323228663_Samopostovanje_mladih_i_koristenje_drustvenih_mreza<\/a>, pristup 20. kolovoz 2019.<\/p>\n<p><\/span><\/p>\n<\/div>\n<div id=\"ftn62\">\n<p class=\"MsoNormal\" style=\"line-height: 150%;\"><span style=\"font-size: 8.0pt;\"><a name=\"_ftn62\"><\/a><a href=\"#_ftnref62\"><sup>[<span style=\"font-family: 'times new roman', \ntimes;\"><strong>62<\/strong><\/span>]<\/sup><\/a>&nbsp;<br \/>\nKristine Raymer, &ldquo;The effects of social media sites on self-esteem&rdquo;, <a href=\"https:\/\/rdw.rowan.edu\/cgi\/viewcontent.cgi?article=1283&amp;context=etd\">https:\/\/rdw.rowan.edu\/cgi\/viewcontent.cgi?article=1283&amp;context=etd<\/a>, pristup 5. kolovoz 2020.<\/p>\n<p><\/span><\/p>\n<\/div>\n<div id=\"ftn63\">\n<p class=\"MsoNormal\" style=\"line-height: 150%;\"><span style=\"font-size: 8.0pt;\"><a name=\"_ftn63\"><\/a><a href=\"#_ftnref63\"><sup>[<span style=\"font-family: 'times new roman', \ntimes;\"><strong>63<\/strong><\/span>]<\/sup><\/a>&nbsp;<br \/>\nGu\u00f0r\u00fan Alma Einarsd\u00f3ttir, &ldquo;Social Network Site Usage Among Adolescents: Effects on Mental and Physical Well-being&rdquo; <a href=\"https:\/\/skemman.is\/bitstream\/1946\/22550\/1\/BSc_Thesis_Gu%C3%B0r%C3%BAn_Alma.pdf\">https:\/\/skemman.is\/bitstream\/1946\/22550\/1\/BSc_Thesis_Gu%C3%B0r%C3%BAn_Alma.pdf<\/a>, pristup 5. kolovoz 2020.<\/p>\n<p><\/span><\/p>\n<\/div>\n<div id=\"ftn64\">\n<p class=\"MsoNormal\" style=\"line-height: 150%;\"><span style=\"font-size: 8.0pt;\"><a name=\"_ftn64\"><\/a><a href=\"#_ftnref64\"><sup>[<span style=\"font-family: 'times new roman', \ntimes;\"><strong>64<\/strong><\/span>]<\/sup><\/a>&nbsp;<br \/>\nAnn Schlosser, &ldquo;Self-disclosure versus self-presentation on social media&rdquo; <a href=\"https:\/\/www.sciencedirect.com\/science\/article\/pii\/S2352250X19300685?via%3Dihub#bib0200\">https:\/\/www.sciencedirect.com\/science\/article\/pii\/S2352250X19300685?via%3Dihub#bib0200<\/a>, pristup 5. kolovoz 2020.<\/p>\n<p><\/span><\/p>\n<\/div>\n<div id=\"ftn65\">\n<p class=\"MsoNormal\" style=\"line-height: 150%;\"><span style=\"font-size: 8.0pt;\"><a name=\"_ftn65\"><\/a><a href=\"#_ftnref65\"><sup>[<span style=\"font-family: 'times new roman', \ntimes;\"><strong>65<\/strong><\/span>]<\/sup><\/a>&nbsp;<br \/>\nRachel Cohen, Alex Blaszczynski, &ldquo;Comparative effects of Facebook and conventional media on bodyimage dissatisfaction&rdquo;, Journal of Eating Disorders (23 \/ 2015), str. 23 \u2013 34.<br \/>\n<\/span><\/p>\n<\/div>\n<div id=\"ftn66\">\n<p class=\"MsoNormal\" style=\"line-height: 150%;\"><span style=\"font-size: 8.0pt;\"><a name=\"_ftn66\"><\/a><a href=\"#_ftnref66\"><sup>[<span style=\"font-family: 'times new roman', \ntimes;\"><strong>66<\/strong><\/span>]<\/sup><\/a>&nbsp;<br \/>\nGoran Livazovi\u0107, Iva Mudrini\u0107, &ldquo;Nezadovoljstvo tjelesnim izgledom i pona\u0161anja povezana s poreme\u0107ajima u prehrani adolescenata&rdquo; <a href=\"file:\/\/\/C:\\Users\\ijeronci\\Downloads\\KSI_25_1_2017_5_Livazovic_Mudrinic_HRV%20(1).pdf\">file:\/\/\/C:\/Users\/ijeronci\/Downloads\/KSI_25_1_2017_5_Livazovic_Mudrinic_HRV%20(1).pdf<\/a>, pristup 5. kolovoz 2020.<br \/>\n<\/span><\/p>\n<\/div>\n<div id=\"ftn67\">\n<p class=\"MsoNormal\" style=\"line-height: 150%;\"><span style=\"font-size: 8.0pt;\"><a name=\"_ftn67\"><\/a><a href=\"#_ftnref67\"><sup>[<span style=\"font-family: 'times new roman', \ntimes;\"><strong>67<\/strong><\/span>]<\/sup><\/a>&nbsp;<br \/>\nSara Mota Borges Bottino, C\u00e1ssio MC Bottino, Caroline Gomez Regina, Aline Villa Lobo Correia, Wagner Silva Ribeiro, &ldquo;Cyberbullying and adolescent mental health: systematic review&rdquo; <a href=\"https:\/\/www.ncbi.nlm.nih.gov\/pubmed\/25859714\">https:\/\/www.ncbi.nlm.nih.gov\/pubmed\/25859714<\/a>, pristup 5. kolovoz 2020.<br \/>\n<\/span><\/p>\n<\/div>\n<div id=\"ftn68\">\n<p class=\"MsoNormal\" style=\"line-height: 150%;\"><span style=\"font-size: 8.0pt;\"><a name=\"_ftn68\"><\/a><a href=\"#_ftnref68\"><sup>[<span style=\"font-family: 'times new roman', \ntimes;\"><strong>68<\/strong><\/span>]<\/sup><\/a>&nbsp;<br \/>\nSusan Herring, Sanja Kapid\u017ei\u0107, &ldquo;Teens, Gender, and Self-Presentationin Social Media&rdquo; <a href=\"https:\/\/www.researchgate.net\/publication\/298348072_Teens_Gender_and_SelfPresentation_in_Social_Media\">https:\/\/www.researchgate.net\/publication\/298348072_Teens_Gender_and_SelfPresentation_in_Social_Media<\/a>, pristup 5. kolovoz 2020.<br \/>\n<\/span><\/p>\n<\/div>\n<div id=\"ftn69\">\n<p class=\"MsoNormal\" style=\"line-height: 150%;\"><span style=\"font-size: 8.0pt;\"><a name=\"_ftn69\"><\/a><a href=\"#_ftnref69\"><sup>[<span style=\"font-family: 'times new roman', \ntimes;\"><strong>69<\/strong><\/span>]<\/sup><\/a>&nbsp;<br \/>\nAngie Zuo, &ldquo;Measuring Up: Social Comparisons on Facebook and Contributions to Self-Esteemand Mental Health&rdquo; <a href=\"https:\/\/deepblue.lib.umich.edu\/handle\/2027.42\/107346\">https:\/\/deepblue.lib.umich.edu\/handle\/2027.42\/107346<\/a>, pristup 5. kolovoz 2020.<br \/>\n<\/span><\/p>\n<\/div>\n<div id=\"ftn70\">\n<p class=\"MsoNormal\" style=\"line-height: 150%;\"><span style=\"font-size: 8.0pt;\"><a name=\"_ftn70\"><\/a><a href=\"#_ftnref70\"><sup>[<span style=\"font-family: 'times new roman', \ntimes;\"><strong>70<\/strong><\/span>]<\/sup><\/a>&nbsp;<br \/>\nCristina Dor\u00e9, &ldquo;Selfesteem: concept analysis&rdquo; <a href=\"https:\/\/www.cairn.info\/revue-recherche-en-soins-infirmiers-2017-2-page-18.html#\">https:\/\/www.cairn.info\/revue-recherche-en-soins-infirmiers-2017-2-page-18.html#<\/a>, pristup 5. kolovoz 2020.<br \/>\n<\/span><\/p>\n<\/div>\n<div id=\"ftn71\">\n<p class=\"MsoNormal\" style=\"line-height: 150%;\"><span style=\"font-size: 8.0pt;\"><a name=\"_ftn71\"><\/a><a href=\"#_ftnref71\"><sup>[<span style=\"font-family: 'times new roman', \ntimes;\"><strong>71<\/strong><\/span>]<\/sup><\/a>&nbsp;<br \/>\nMassimo Fischetti, Jessie Christiansen, &ldquo;Only 150 of your Facebook contacts are real&rdquo; <a href=\"https:\/\/www.scientificamerican.com\/article\/only-150-of-your-facebook-contactsare-real-friends\/\">https:\/\/www.scientificamerican.com\/article\/only-150-of-your-facebook-contactsare-real-friends\/<\/a>, pristup 5. kolovoz 2020.<br \/>\n<\/span><\/p>\n<\/div>\n<div id=\"ftn72\">\n<p class=\"MsoNormal\" style=\"line-height: 150%;\"><span style=\"font-size: 8.0pt;\"><a name=\"_ftn72\"><\/a><a href=\"#_ftnref72\"><sup>[<span style=\"font-family: 'times new roman', \ntimes;\"><strong>72<\/strong><\/span>]<\/sup><\/a>&nbsp;<br \/>\nSaima Salim, &ldquo;How much time do you spend on social media?&rdquo; <a href=\"https:\/\/www.digitalinformationworld.com\/2019\/01\/how-much-time-do-people-spend-social-media%20infographic.html\">https:\/\/www.digitalinformationworld.com\/2019\/01\/how-much-time-do-people-spend-social-media infographic.html<\/a>, pristup 5. kolovoz 2020.<br \/>\n<\/span><\/p>\n<\/div>\n<p class=\"MsoNormal\" style=\"line-height: 150%;\">&nbsp;<\/p>\n<p class=\"MsoNormal\" style=\"line-height: 170%;\"><strong>Literatura:<\/strong><\/p>\n<p class=\"MsoNormal\" style=\"line-height: 170%;\">Cohen Rachel, Blaszczynski Alex, &ldquo;Comparative effects of Facebook and conventional media on bodyimage dissatisfaction&rdquo;, Journal of Eating Disorders (23 \/ 2015), str. 23 \u2013 34. <\/p>\n<p class=\"MsoNormal\" style=\"line-height: 170%;\">Dor\u00e9 Cristina, &ldquo;Selfesteem: concept analysis&rdquo; <a href=\"https:\/\/www.cairn.info\/revue-recherche-en-soins-infirmiers-2017-2-page-18.html#\">https:\/\/www.cairn.info\/revue-recherche-en-soins-infirmiers-2017-2-page-18.html#<\/a>, pristup 5. kolovoz 2020.<\/p>\n<p class=\"MsoNormal\" style=\"line-height: 170%;\">Einarsd\u00f3ttir Gu\u00f0r\u00fan Alma, &ldquo;Social Network Site Usage Among Adolescents: Effects on Mental and Physical Well-being&rdquo; <a href=\"https:\/\/skemman.is\/bitstream\/1946\/22550\/1\/BSc_Thesis_Gu%C3%B0r%C3%BAn_Alma.pdf\">https:\/\/skemman.is\/bitstream\/1946\/22550\/1\/BSc_Thesis_Gu%C3%B0r%C3%BAn_Alma.pdf<\/a>, pristup 5. kolovoz 2020.<\/p>\n<p class=\"MsoNormal\" style=\"line-height: 170%;\">Fischetti Mark, Christiansen Jen, &ldquo;Only 150 of your Facebook contacts are real&rdquo; <a href=\"https:\/\/www.scientificamerican.com\/article\/only-150-of-your-facebook-contactsare-real-friends\/\">https:\/\/www.scientificamerican.com\/article\/only-150-of-your-facebook-contactsare-real-friends\/<\/a>, pristup 5. kolovoz 2020.<\/p>\n<p class=\"MsoNormal\" style=\"line-height: 170%;\">Hasanagi\u0107 Anela, Yilmaz Tu\u011fba, &ldquo;Samopo\u0161tovanje mladih i kori\u0161tenje dru\u0161tvenih mre\u017ea&rdquo;, <a href=\"https:\/\/www.researchgate.net\/publication\/323228663_Samopostovanje_mladih_i_koristenje_drustvenih_mreza\">https:\/\/www.researchgate.net\/publication\/323228663_Samopostovanje_mladih_i_koristenje_drustvenih_mreza<\/a>, pristup 20. kolovoz 2019.<\/p>\n<p class=\"MsoNormal\" style=\"line-height: 170%;\">Herring Susan, Kapid\u017ei\u0107 Sanja, &ldquo;Teens, Gender, and Self-Presentationin Social Media&rdquo; <a href=\"https:\/\/www.researchgate.net\/publication\/298348072_Teens_Gender_and_Self-Presentation_in_Social_Media\">https:\/\/www.researchgate.net\/publication\/298348072_Teens_Gender_and_Self-Presentation_in_Social_Media<\/a>, pristup 5. kolovoz 2020.<\/p>\n<p class=\"MsoNormal\" style=\"line-height: 170%;\">Livazovi\u0107 Goran, Mudrini\u0107 Iva, &ldquo;Nezadovoljstvo tjelesnim izgledom i pona\u0161anja povezana s poreme\u0107ajima u prehrani adolescenata&rdquo; <a href=\"file:\/\/\/C:\\Users\\ijeronci\\Downloads\\KSI_25_1_2017_5_Livazovic_Mudrinic_HRV%20(1).pdf\">file:\/\/\/C:\/Users\/ijeronci\/Downloads\/KSI_25_1_2017_5_Livazovic_Mudrinic_HRV%20(1).pdf<\/a>, Pristup 5. kolovoz 2020.<\/p>\n<p class=\"MsoNormal\" style=\"line-height: 170%;\">Mota Sara, Bottino Borges, Bottino C\u00e1ssio, Gomez Caroline, Aline Regina, Lobo Correia Villa, Ribeiro Wagner Silva, &ldquo;Cyberbullying and adolescent mental health: systematic review&rdquo; <a href=\"https:\/\/www.ncbi.nlm.nih.gov\/pubmed\/25859714\">https:\/\/www.ncbi.nlm.nih.gov\/pubmed\/25859714<\/a>, pristup 5. kolovoz 2020.<\/p>\n<p class=\"MsoNormal\" style=\"line-height: 170%;\">Obla\u010di\u0107 Ivana, Veliki Tena, Caki\u0107 Lara, &ldquo;Odnos samopo\u0161tovanja i socijalnog statusa u\u010denika ni\u017eih razreda osnovne \u0161kole&rdquo;, \u0160kolski vjesnik (64 \/ 2015), str. 153 -1 72.<\/p>\n<p class=\"MsoNormal\" style=\"line-height: 170%;\">Raymer Kristine, &ldquo;The effects of social media sites on self-esteem&rdquo;, <a href=\"https:\/\/rdw.rowan.edu\/cgi\/viewcontent.cgi?article=1283&amp;context=etd\">https:\/\/rdw.rowan.edu\/cgi\/viewcontent.cgi?article=1283&amp;context=etd<\/a>, pristup 5. kolovoz 2020.<\/p>\n<p class=\"MsoNormal\" style=\"line-height: 170%;\">Salim Saima, &ldquo;How much time do you spend on social media?&rdquo; <a href=\"https:\/\/www.digitalinformationworld.com\/2019\/01\/how-much-time-do-people-spend-social-media-infographic.html\">https:\/\/www.digitalinformationworld.com\/2019\/01\/how-much-time-do-people-spend-social-media-infographic.html<\/a>. <\/p>\n<p class=\"MsoNormal\" style=\"line-height: 170%;\">Schlosser Ann, &ldquo;Self-disclosure versus self-presentation on social media&rdquo; <a href=\"https:\/\/www.sciencedirect.com\/science\/article\/pii\/S2352250X19300685?via%3Dihub#bib0200\">https:\/\/www.sciencedirect.com\/science\/article\/pii\/S2352250X19300685?via%3Dihub#bib0200<\/a>, pristup 5. kolovoz 2020.<\/p>\n<p class=\"MsoNormal\" style=\"line-height: 170%;\">Vries Diana, <em>Social Media and Online Self-Presentation: Effects on How We See Ourselves and Our Bodies<\/em>, University of Amsterdam, Amsterdam 2014., str. 79 &#8211; 80.<strong><\/strong><\/p>\n<p class=\"MsoNormal\" style=\"line-height: 170%;\">Zuo Angie, &ldquo;Measuring Up: Social Comparisons on Facebook and Contributions to Self-Esteemand Mental Health&rdquo; <a href=\"https:\/\/deepblue.lib.umich.edu\/handle\/2027.42\/107346\">https:\/\/deepblue.lib.umich.edu\/handle\/2027.42\/107346<\/a>, pristup 5. kolovoz 2020.<\/p>\n<p class=\"MsoNormal\" style=\"line-height: 150%;\">&nbsp;<\/p>\n<p style=\"text-align: center;\" align=\"center\"><strong> <span style=\"font-size: 13.0pt; line-height: 150%;\">Influence of Social Networks on self-esteem and<br \/>\nMental Health of Young People<\/span><\/strong><\/p>\n<p class=\"MsoNormal\" style=\"line-height: 150%;\">&nbsp;<\/p>\n<p style=\"margin: 0cm 48.6pt 0.0001pt 54pt; line-height: 170%;\"><em><strong>Abstract<\/strong><\/em><\/p>\n<p class=\"MsoBodyText\" style=\"margin-top: 0cm; margin-right: 48.6pt; margin-bottom: .0001pt; margin-left: 54.0pt; line-height: 150%;\"><span style=\"font-size: 12.0pt; line-height: 150%; font-family: 'Times New Roman';\" lang=\"SR\">&nbsp;<\/span><\/p>\n<p class=\"MsoBodyText\" style=\"margin-top: 0cm; margin-right: 48.6pt; margin-bottom: .0001pt; margin-left: 54.0pt; line-height: 170%;\"><em><br \/>\nSelf-esteem is an evaluation of a person\u2019s own self-worth; comprising three-dimension: physical appearance, romantic attractiveness, and the ability to form and maintain close friendships. Self-esteem is the perception of how people perceive their own value well as their value to others.<\/em><\/p>\n<p><span style=\"mso-tab-count: 1;\">&nbsp;&nbsp;&nbsp;&nbsp;&nbsp;&nbsp;<\/span><\/p>\n<p class=\"MsoBodyText\" style=\"margin-top: 0cm; margin-right: 48.6pt; margin-bottom: .0001pt; margin-left: 54.0pt; line-height: 170%;\"><em><br \/>\nSocial networks are media that provide the opportunity to shape a picture of ourselves by creating unique profiles to show the desired image of ourselves.<\/em><\/p>\n<p><span style=\"mso-tab-count: 1;\">&nbsp;&nbsp;&nbsp;&nbsp;&nbsp;&nbsp;<\/span><\/p>\n<p class=\"MsoBodyText\" style=\"margin-top: 0cm; margin-right: 48.6pt; margin-bottom: .0001pt; margin-left: 54.0pt; line-height: 170%;\"><em><br \/>\nIndividuals communicate with other people through the images they have created about these people, discovering personal details and creating insights into the lives of others. The use of social networks haves negative and positive effects.<\/em><\/p>\n<p><span style=\"mso-tab-count: 1;\">&nbsp;&nbsp;&nbsp;&nbsp;&nbsp;&nbsp;<\/span><\/p>\n<p class=\"MsoBodyText\" style=\"margin-top: 0cm; margin-right: 48.6pt; margin-bottom: .0001pt; margin-left: 54.0pt; line-height: 170%;\"><em><br \/>\nPersonality and self-esteem are influential factors of communication of the individual with other people.<br \/>\n<\/em><\/p>\n<p class=\"MsoBodyText\" style=\"margin-top: 0cm; margin-right: 48.6pt; margin-bottom: .0001pt; margin-left: 54.0pt; line-height: 170%;\">&nbsp;<\/p>\n<p style=\"margin: 0cm 48.6pt 0.0001pt 54pt; line-height: 170%;\"><strong><em>Key words:<\/em><\/strong> <em>self-esteem, social networks, mental health.<\/em><\/p>\n<p class=\"MsoNormal\" style=\"line-height: 150%;\"><span lang=\"SR\">&nbsp;<\/span><\/p>\n","protected":false},"excerpt":{"rendered":"<p>&nbsp; &nbsp; &nbsp;9(17)#14 2020 \u010casopis je otvorenog pristupa, a ovo djelo je dano na kori\u0161tenje pod licencom Creative Commons Imenovanje-Nekomercijalno 4.0 me\u0111unarodna. DOI 10.46640\/imr.9.17.4 UDK 004.738.5-042.3:159.937-053.6 Pregledni \u010dlanak Review article Primljeno: 29.01.2020. &nbsp; &nbsp; Iris Jeron\u010di\u0107 Tomi\u0107, Rosanda Muli\u0107 i Antonija Mili\u0161i\u0107 Jadri\u0107 Medicinski fakultet Sveu\u010dili\u0161ta u Splitu, Hrvatska iris.jeroncic@mefst.hr rosanda.mulic1@st.htnet.hr Sveu\u010dili\u0161ni odjel zdravstvenih studija [&hellip;]<\/p>\n","protected":false},"author":2,"featured_media":356,"comment_status":"open","ping_status":"open","sticky":false,"template":"","format":"standard","meta":{"_acf_changed":false,"_et_pb_use_builder":"","_et_pb_old_content":"","_et_gb_content_width":"","footnotes":""},"categories":[83],"tags":[],"class_list":["post-360","post","type-post","status-publish","format-standard","has-post-thumbnail","hentry","category-in-medias-res-broj-17-vlasiti-url","et-has-post-format-content","et_post_format-et-post-format-standard"],"acf":[],"yoast_head":"<!-- This site is optimized with the Yoast SEO plugin v27.4 - https:\/\/yoast.com\/product\/yoast-seo-wordpress\/ -->\n<title>Iris Jeron\u010di\u0107 Tomi\u0107, Rosanda Muli\u0107 i Antonija Mili\u0161i\u0107 Jadri\u0107: Utjecaj dru\u0161tvenih mre\u017ea na samopo\u0161tovanje i mentalno zdravlje mladih - In Medias Res - \u010casopis centra za filozofiju medija<\/title>\n<meta name=\"robots\" content=\"index, follow, max-snippet:-1, max-image-preview:large, max-video-preview:-1\" \/>\n<link rel=\"canonical\" href=\"https:\/\/centar-fm.org\/inmediasres\/index.php\/iris-jeroncic-tomic-rosanda-mulic-i-antonija-milisic-jadric-utjecaj-drustvenih-mreza-na-samopostovanje-i-mentalno-zdravlje-mladih\/\" \/>\n<meta property=\"og:locale\" content=\"en_US\" \/>\n<meta property=\"og:type\" content=\"article\" \/>\n<meta property=\"og:title\" content=\"Iris Jeron\u010di\u0107 Tomi\u0107, Rosanda Muli\u0107 i Antonija Mili\u0161i\u0107 Jadri\u0107: Utjecaj dru\u0161tvenih mre\u017ea na samopo\u0161tovanje i mentalno zdravlje mladih - In Medias Res - \u010casopis centra za filozofiju medija\" \/>\n<meta property=\"og:description\" content=\"&nbsp; &nbsp; &nbsp;9(17)#14 2020 \u010casopis je otvorenog pristupa, a ovo djelo je dano na kori\u0161tenje pod licencom Creative Commons Imenovanje-Nekomercijalno 4.0 me\u0111unarodna. DOI 10.46640\/imr.9.17.4 UDK 004.738.5-042.3:159.937-053.6 Pregledni \u010dlanak Review article Primljeno: 29.01.2020. &nbsp; &nbsp; Iris Jeron\u010di\u0107 Tomi\u0107, Rosanda Muli\u0107 i Antonija Mili\u0161i\u0107 Jadri\u0107 Medicinski fakultet Sveu\u010dili\u0161ta u Splitu, Hrvatska iris.jeroncic@mefst.hr rosanda.mulic1@st.htnet.hr Sveu\u010dili\u0161ni odjel zdravstvenih studija [&hellip;]\" \/>\n<meta property=\"og:url\" content=\"https:\/\/centar-fm.org\/inmediasres\/index.php\/iris-jeroncic-tomic-rosanda-mulic-i-antonija-milisic-jadric-utjecaj-drustvenih-mreza-na-samopostovanje-i-mentalno-zdravlje-mladih\/\" \/>\n<meta property=\"og:site_name\" content=\"In Medias Res - \u010casopis centra za filozofiju medija\" \/>\n<meta property=\"article:published_time\" content=\"2020-09-13T17:30:20+00:00\" \/>\n<meta property=\"og:image\" content=\"https:\/\/centar-fm.org\/inmediasres\/wp-content\/uploads\/sites\/2\/2020\/09\/inmediasresno1malo17.png\" \/>\n\t<meta property=\"og:image:width\" content=\"70\" \/>\n\t<meta property=\"og:image:height\" content=\"103\" \/>\n\t<meta property=\"og:image:type\" content=\"image\/png\" \/>\n<meta name=\"author\" content=\"Super User\" \/>\n<meta name=\"twitter:card\" content=\"summary_large_image\" \/>\n<meta name=\"twitter:label1\" content=\"Written by\" \/>\n\t<meta name=\"twitter:data1\" content=\"Super User\" \/>\n\t<meta name=\"twitter:label2\" content=\"Est. reading time\" \/>\n\t<meta name=\"twitter:data2\" content=\"12 minutes\" \/>\n<script type=\"application\/ld+json\" class=\"yoast-schema-graph\">{\"@context\":\"https:\\\/\\\/schema.org\",\"@graph\":[{\"@type\":\"Article\",\"@id\":\"https:\\\/\\\/centar-fm.org\\\/inmediasres\\\/index.php\\\/iris-jeroncic-tomic-rosanda-mulic-i-antonija-milisic-jadric-utjecaj-drustvenih-mreza-na-samopostovanje-i-mentalno-zdravlje-mladih\\\/#article\",\"isPartOf\":{\"@id\":\"https:\\\/\\\/centar-fm.org\\\/inmediasres\\\/index.php\\\/iris-jeroncic-tomic-rosanda-mulic-i-antonija-milisic-jadric-utjecaj-drustvenih-mreza-na-samopostovanje-i-mentalno-zdravlje-mladih\\\/\"},\"author\":{\"name\":\"Super User\",\"@id\":\"https:\\\/\\\/centar-fm.org\\\/inmediasres\\\/#\\\/schema\\\/person\\\/ae49dcc23965665608f66120db8245a4\"},\"headline\":\"Iris Jeron\u010di\u0107 Tomi\u0107, Rosanda Muli\u0107 i Antonija Mili\u0161i\u0107 Jadri\u0107: Utjecaj dru\u0161tvenih mre\u017ea na samopo\u0161tovanje i mentalno zdravlje mladih\",\"datePublished\":\"2020-09-13T17:30:20+00:00\",\"mainEntityOfPage\":{\"@id\":\"https:\\\/\\\/centar-fm.org\\\/inmediasres\\\/index.php\\\/iris-jeroncic-tomic-rosanda-mulic-i-antonija-milisic-jadric-utjecaj-drustvenih-mreza-na-samopostovanje-i-mentalno-zdravlje-mladih\\\/\"},\"wordCount\":2508,\"commentCount\":0,\"image\":{\"@id\":\"https:\\\/\\\/centar-fm.org\\\/inmediasres\\\/index.php\\\/iris-jeroncic-tomic-rosanda-mulic-i-antonija-milisic-jadric-utjecaj-drustvenih-mreza-na-samopostovanje-i-mentalno-zdravlje-mladih\\\/#primaryimage\"},\"thumbnailUrl\":\"https:\\\/\\\/centar-fm.org\\\/inmediasres\\\/wp-content\\\/uploads\\\/sites\\\/2\\\/2020\\\/09\\\/inmediasresno1malo17.png\",\"articleSection\":[\"In Medias Res broj 17 vlasiti url\"],\"inLanguage\":\"en-US\",\"potentialAction\":[{\"@type\":\"CommentAction\",\"name\":\"Comment\",\"target\":[\"https:\\\/\\\/centar-fm.org\\\/inmediasres\\\/index.php\\\/iris-jeroncic-tomic-rosanda-mulic-i-antonija-milisic-jadric-utjecaj-drustvenih-mreza-na-samopostovanje-i-mentalno-zdravlje-mladih\\\/#respond\"]}]},{\"@type\":\"WebPage\",\"@id\":\"https:\\\/\\\/centar-fm.org\\\/inmediasres\\\/index.php\\\/iris-jeroncic-tomic-rosanda-mulic-i-antonija-milisic-jadric-utjecaj-drustvenih-mreza-na-samopostovanje-i-mentalno-zdravlje-mladih\\\/\",\"url\":\"https:\\\/\\\/centar-fm.org\\\/inmediasres\\\/index.php\\\/iris-jeroncic-tomic-rosanda-mulic-i-antonija-milisic-jadric-utjecaj-drustvenih-mreza-na-samopostovanje-i-mentalno-zdravlje-mladih\\\/\",\"name\":\"Iris Jeron\u010di\u0107 Tomi\u0107, Rosanda Muli\u0107 i Antonija Mili\u0161i\u0107 Jadri\u0107: Utjecaj dru\u0161tvenih mre\u017ea na samopo\u0161tovanje i mentalno zdravlje mladih - In Medias Res - \u010casopis centra za filozofiju medija\",\"isPartOf\":{\"@id\":\"https:\\\/\\\/centar-fm.org\\\/inmediasres\\\/#website\"},\"primaryImageOfPage\":{\"@id\":\"https:\\\/\\\/centar-fm.org\\\/inmediasres\\\/index.php\\\/iris-jeroncic-tomic-rosanda-mulic-i-antonija-milisic-jadric-utjecaj-drustvenih-mreza-na-samopostovanje-i-mentalno-zdravlje-mladih\\\/#primaryimage\"},\"image\":{\"@id\":\"https:\\\/\\\/centar-fm.org\\\/inmediasres\\\/index.php\\\/iris-jeroncic-tomic-rosanda-mulic-i-antonija-milisic-jadric-utjecaj-drustvenih-mreza-na-samopostovanje-i-mentalno-zdravlje-mladih\\\/#primaryimage\"},\"thumbnailUrl\":\"https:\\\/\\\/centar-fm.org\\\/inmediasres\\\/wp-content\\\/uploads\\\/sites\\\/2\\\/2020\\\/09\\\/inmediasresno1malo17.png\",\"datePublished\":\"2020-09-13T17:30:20+00:00\",\"author\":{\"@id\":\"https:\\\/\\\/centar-fm.org\\\/inmediasres\\\/#\\\/schema\\\/person\\\/ae49dcc23965665608f66120db8245a4\"},\"breadcrumb\":{\"@id\":\"https:\\\/\\\/centar-fm.org\\\/inmediasres\\\/index.php\\\/iris-jeroncic-tomic-rosanda-mulic-i-antonija-milisic-jadric-utjecaj-drustvenih-mreza-na-samopostovanje-i-mentalno-zdravlje-mladih\\\/#breadcrumb\"},\"inLanguage\":\"en-US\",\"potentialAction\":[{\"@type\":\"ReadAction\",\"target\":[\"https:\\\/\\\/centar-fm.org\\\/inmediasres\\\/index.php\\\/iris-jeroncic-tomic-rosanda-mulic-i-antonija-milisic-jadric-utjecaj-drustvenih-mreza-na-samopostovanje-i-mentalno-zdravlje-mladih\\\/\"]}]},{\"@type\":\"ImageObject\",\"inLanguage\":\"en-US\",\"@id\":\"https:\\\/\\\/centar-fm.org\\\/inmediasres\\\/index.php\\\/iris-jeroncic-tomic-rosanda-mulic-i-antonija-milisic-jadric-utjecaj-drustvenih-mreza-na-samopostovanje-i-mentalno-zdravlje-mladih\\\/#primaryimage\",\"url\":\"https:\\\/\\\/centar-fm.org\\\/inmediasres\\\/wp-content\\\/uploads\\\/sites\\\/2\\\/2020\\\/09\\\/inmediasresno1malo17.png\",\"contentUrl\":\"https:\\\/\\\/centar-fm.org\\\/inmediasres\\\/wp-content\\\/uploads\\\/sites\\\/2\\\/2020\\\/09\\\/inmediasresno1malo17.png\",\"width\":70,\"height\":103,\"caption\":\"inmediasres\"},{\"@type\":\"BreadcrumbList\",\"@id\":\"https:\\\/\\\/centar-fm.org\\\/inmediasres\\\/index.php\\\/iris-jeroncic-tomic-rosanda-mulic-i-antonija-milisic-jadric-utjecaj-drustvenih-mreza-na-samopostovanje-i-mentalno-zdravlje-mladih\\\/#breadcrumb\",\"itemListElement\":[{\"@type\":\"ListItem\",\"position\":1,\"name\":\"Po\u010detna stranica\",\"item\":\"https:\\\/\\\/centar-fm.org\\\/inmediasres\\\/\"},{\"@type\":\"ListItem\",\"position\":2,\"name\":\"Iris Jeron\u010di\u0107 Tomi\u0107, Rosanda Muli\u0107 i Antonija Mili\u0161i\u0107 Jadri\u0107: Utjecaj dru\u0161tvenih mre\u017ea na samopo\u0161tovanje i mentalno zdravlje mladih\"}]},{\"@type\":\"WebSite\",\"@id\":\"https:\\\/\\\/centar-fm.org\\\/inmediasres\\\/#website\",\"url\":\"https:\\\/\\\/centar-fm.org\\\/inmediasres\\\/\",\"name\":\"In Medias Res - \u010casopis centra za filozofiju medija\",\"description\":\"\",\"potentialAction\":[{\"@type\":\"SearchAction\",\"target\":{\"@type\":\"EntryPoint\",\"urlTemplate\":\"https:\\\/\\\/centar-fm.org\\\/inmediasres\\\/?s={search_term_string}\"},\"query-input\":{\"@type\":\"PropertyValueSpecification\",\"valueRequired\":true,\"valueName\":\"search_term_string\"}}],\"inLanguage\":\"en-US\"},{\"@type\":\"Person\",\"@id\":\"https:\\\/\\\/centar-fm.org\\\/inmediasres\\\/#\\\/schema\\\/person\\\/ae49dcc23965665608f66120db8245a4\",\"name\":\"Super User\",\"image\":{\"@type\":\"ImageObject\",\"inLanguage\":\"en-US\",\"@id\":\"https:\\\/\\\/secure.gravatar.com\\\/avatar\\\/5ac3fc5ccca7755fa3f558fed4a39be2232c6585e68bd398c790d57375dde921?s=96&d=mm&r=g\",\"url\":\"https:\\\/\\\/secure.gravatar.com\\\/avatar\\\/5ac3fc5ccca7755fa3f558fed4a39be2232c6585e68bd398c790d57375dde921?s=96&d=mm&r=g\",\"contentUrl\":\"https:\\\/\\\/secure.gravatar.com\\\/avatar\\\/5ac3fc5ccca7755fa3f558fed4a39be2232c6585e68bd398c790d57375dde921?s=96&d=mm&r=g\",\"caption\":\"Super User\"},\"url\":\"https:\\\/\\\/centar-fm.org\\\/inmediasres\\\/index.php\\\/author\\\/amynovcfmweb\\\/\"}]}<\/script>\n<!-- \/ Yoast SEO plugin. -->","yoast_head_json":{"title":"Iris Jeron\u010di\u0107 Tomi\u0107, Rosanda Muli\u0107 i Antonija Mili\u0161i\u0107 Jadri\u0107: Utjecaj dru\u0161tvenih mre\u017ea na samopo\u0161tovanje i mentalno zdravlje mladih - In Medias Res - \u010casopis centra za filozofiju medija","robots":{"index":"index","follow":"follow","max-snippet":"max-snippet:-1","max-image-preview":"max-image-preview:large","max-video-preview":"max-video-preview:-1"},"canonical":"https:\/\/centar-fm.org\/inmediasres\/index.php\/iris-jeroncic-tomic-rosanda-mulic-i-antonija-milisic-jadric-utjecaj-drustvenih-mreza-na-samopostovanje-i-mentalno-zdravlje-mladih\/","og_locale":"en_US","og_type":"article","og_title":"Iris Jeron\u010di\u0107 Tomi\u0107, Rosanda Muli\u0107 i Antonija Mili\u0161i\u0107 Jadri\u0107: Utjecaj dru\u0161tvenih mre\u017ea na samopo\u0161tovanje i mentalno zdravlje mladih - In Medias Res - \u010casopis centra za filozofiju medija","og_description":"&nbsp; &nbsp; &nbsp;9(17)#14 2020 \u010casopis je otvorenog pristupa, a ovo djelo je dano na kori\u0161tenje pod licencom Creative Commons Imenovanje-Nekomercijalno 4.0 me\u0111unarodna. DOI 10.46640\/imr.9.17.4 UDK 004.738.5-042.3:159.937-053.6 Pregledni \u010dlanak Review article Primljeno: 29.01.2020. &nbsp; &nbsp; Iris Jeron\u010di\u0107 Tomi\u0107, Rosanda Muli\u0107 i Antonija Mili\u0161i\u0107 Jadri\u0107 Medicinski fakultet Sveu\u010dili\u0161ta u Splitu, Hrvatska iris.jeroncic@mefst.hr rosanda.mulic1@st.htnet.hr Sveu\u010dili\u0161ni odjel zdravstvenih studija [&hellip;]","og_url":"https:\/\/centar-fm.org\/inmediasres\/index.php\/iris-jeroncic-tomic-rosanda-mulic-i-antonija-milisic-jadric-utjecaj-drustvenih-mreza-na-samopostovanje-i-mentalno-zdravlje-mladih\/","og_site_name":"In Medias Res - \u010casopis centra za filozofiju medija","article_published_time":"2020-09-13T17:30:20+00:00","og_image":[{"width":70,"height":103,"url":"https:\/\/centar-fm.org\/inmediasres\/wp-content\/uploads\/sites\/2\/2020\/09\/inmediasresno1malo17.png","type":"image\/png"}],"author":"Super User","twitter_card":"summary_large_image","twitter_misc":{"Written by":"Super User","Est. reading time":"12 minutes"},"schema":{"@context":"https:\/\/schema.org","@graph":[{"@type":"Article","@id":"https:\/\/centar-fm.org\/inmediasres\/index.php\/iris-jeroncic-tomic-rosanda-mulic-i-antonija-milisic-jadric-utjecaj-drustvenih-mreza-na-samopostovanje-i-mentalno-zdravlje-mladih\/#article","isPartOf":{"@id":"https:\/\/centar-fm.org\/inmediasres\/index.php\/iris-jeroncic-tomic-rosanda-mulic-i-antonija-milisic-jadric-utjecaj-drustvenih-mreza-na-samopostovanje-i-mentalno-zdravlje-mladih\/"},"author":{"name":"Super User","@id":"https:\/\/centar-fm.org\/inmediasres\/#\/schema\/person\/ae49dcc23965665608f66120db8245a4"},"headline":"Iris Jeron\u010di\u0107 Tomi\u0107, Rosanda Muli\u0107 i Antonija Mili\u0161i\u0107 Jadri\u0107: Utjecaj dru\u0161tvenih mre\u017ea na samopo\u0161tovanje i mentalno zdravlje mladih","datePublished":"2020-09-13T17:30:20+00:00","mainEntityOfPage":{"@id":"https:\/\/centar-fm.org\/inmediasres\/index.php\/iris-jeroncic-tomic-rosanda-mulic-i-antonija-milisic-jadric-utjecaj-drustvenih-mreza-na-samopostovanje-i-mentalno-zdravlje-mladih\/"},"wordCount":2508,"commentCount":0,"image":{"@id":"https:\/\/centar-fm.org\/inmediasres\/index.php\/iris-jeroncic-tomic-rosanda-mulic-i-antonija-milisic-jadric-utjecaj-drustvenih-mreza-na-samopostovanje-i-mentalno-zdravlje-mladih\/#primaryimage"},"thumbnailUrl":"https:\/\/centar-fm.org\/inmediasres\/wp-content\/uploads\/sites\/2\/2020\/09\/inmediasresno1malo17.png","articleSection":["In Medias Res broj 17 vlasiti url"],"inLanguage":"en-US","potentialAction":[{"@type":"CommentAction","name":"Comment","target":["https:\/\/centar-fm.org\/inmediasres\/index.php\/iris-jeroncic-tomic-rosanda-mulic-i-antonija-milisic-jadric-utjecaj-drustvenih-mreza-na-samopostovanje-i-mentalno-zdravlje-mladih\/#respond"]}]},{"@type":"WebPage","@id":"https:\/\/centar-fm.org\/inmediasres\/index.php\/iris-jeroncic-tomic-rosanda-mulic-i-antonija-milisic-jadric-utjecaj-drustvenih-mreza-na-samopostovanje-i-mentalno-zdravlje-mladih\/","url":"https:\/\/centar-fm.org\/inmediasres\/index.php\/iris-jeroncic-tomic-rosanda-mulic-i-antonija-milisic-jadric-utjecaj-drustvenih-mreza-na-samopostovanje-i-mentalno-zdravlje-mladih\/","name":"Iris Jeron\u010di\u0107 Tomi\u0107, Rosanda Muli\u0107 i Antonija Mili\u0161i\u0107 Jadri\u0107: Utjecaj dru\u0161tvenih mre\u017ea na samopo\u0161tovanje i mentalno zdravlje mladih - In Medias Res - \u010casopis centra za filozofiju medija","isPartOf":{"@id":"https:\/\/centar-fm.org\/inmediasres\/#website"},"primaryImageOfPage":{"@id":"https:\/\/centar-fm.org\/inmediasres\/index.php\/iris-jeroncic-tomic-rosanda-mulic-i-antonija-milisic-jadric-utjecaj-drustvenih-mreza-na-samopostovanje-i-mentalno-zdravlje-mladih\/#primaryimage"},"image":{"@id":"https:\/\/centar-fm.org\/inmediasres\/index.php\/iris-jeroncic-tomic-rosanda-mulic-i-antonija-milisic-jadric-utjecaj-drustvenih-mreza-na-samopostovanje-i-mentalno-zdravlje-mladih\/#primaryimage"},"thumbnailUrl":"https:\/\/centar-fm.org\/inmediasres\/wp-content\/uploads\/sites\/2\/2020\/09\/inmediasresno1malo17.png","datePublished":"2020-09-13T17:30:20+00:00","author":{"@id":"https:\/\/centar-fm.org\/inmediasres\/#\/schema\/person\/ae49dcc23965665608f66120db8245a4"},"breadcrumb":{"@id":"https:\/\/centar-fm.org\/inmediasres\/index.php\/iris-jeroncic-tomic-rosanda-mulic-i-antonija-milisic-jadric-utjecaj-drustvenih-mreza-na-samopostovanje-i-mentalno-zdravlje-mladih\/#breadcrumb"},"inLanguage":"en-US","potentialAction":[{"@type":"ReadAction","target":["https:\/\/centar-fm.org\/inmediasres\/index.php\/iris-jeroncic-tomic-rosanda-mulic-i-antonija-milisic-jadric-utjecaj-drustvenih-mreza-na-samopostovanje-i-mentalno-zdravlje-mladih\/"]}]},{"@type":"ImageObject","inLanguage":"en-US","@id":"https:\/\/centar-fm.org\/inmediasres\/index.php\/iris-jeroncic-tomic-rosanda-mulic-i-antonija-milisic-jadric-utjecaj-drustvenih-mreza-na-samopostovanje-i-mentalno-zdravlje-mladih\/#primaryimage","url":"https:\/\/centar-fm.org\/inmediasres\/wp-content\/uploads\/sites\/2\/2020\/09\/inmediasresno1malo17.png","contentUrl":"https:\/\/centar-fm.org\/inmediasres\/wp-content\/uploads\/sites\/2\/2020\/09\/inmediasresno1malo17.png","width":70,"height":103,"caption":"inmediasres"},{"@type":"BreadcrumbList","@id":"https:\/\/centar-fm.org\/inmediasres\/index.php\/iris-jeroncic-tomic-rosanda-mulic-i-antonija-milisic-jadric-utjecaj-drustvenih-mreza-na-samopostovanje-i-mentalno-zdravlje-mladih\/#breadcrumb","itemListElement":[{"@type":"ListItem","position":1,"name":"Po\u010detna stranica","item":"https:\/\/centar-fm.org\/inmediasres\/"},{"@type":"ListItem","position":2,"name":"Iris Jeron\u010di\u0107 Tomi\u0107, Rosanda Muli\u0107 i Antonija Mili\u0161i\u0107 Jadri\u0107: Utjecaj dru\u0161tvenih mre\u017ea na samopo\u0161tovanje i mentalno zdravlje mladih"}]},{"@type":"WebSite","@id":"https:\/\/centar-fm.org\/inmediasres\/#website","url":"https:\/\/centar-fm.org\/inmediasres\/","name":"In Medias Res - \u010casopis centra za filozofiju medija","description":"","potentialAction":[{"@type":"SearchAction","target":{"@type":"EntryPoint","urlTemplate":"https:\/\/centar-fm.org\/inmediasres\/?s={search_term_string}"},"query-input":{"@type":"PropertyValueSpecification","valueRequired":true,"valueName":"search_term_string"}}],"inLanguage":"en-US"},{"@type":"Person","@id":"https:\/\/centar-fm.org\/inmediasres\/#\/schema\/person\/ae49dcc23965665608f66120db8245a4","name":"Super User","image":{"@type":"ImageObject","inLanguage":"en-US","@id":"https:\/\/secure.gravatar.com\/avatar\/5ac3fc5ccca7755fa3f558fed4a39be2232c6585e68bd398c790d57375dde921?s=96&d=mm&r=g","url":"https:\/\/secure.gravatar.com\/avatar\/5ac3fc5ccca7755fa3f558fed4a39be2232c6585e68bd398c790d57375dde921?s=96&d=mm&r=g","contentUrl":"https:\/\/secure.gravatar.com\/avatar\/5ac3fc5ccca7755fa3f558fed4a39be2232c6585e68bd398c790d57375dde921?s=96&d=mm&r=g","caption":"Super User"},"url":"https:\/\/centar-fm.org\/inmediasres\/index.php\/author\/amynovcfmweb\/"}]}},"_links":{"self":[{"href":"https:\/\/centar-fm.org\/inmediasres\/index.php\/wp-json\/wp\/v2\/posts\/360","targetHints":{"allow":["GET"]}}],"collection":[{"href":"https:\/\/centar-fm.org\/inmediasres\/index.php\/wp-json\/wp\/v2\/posts"}],"about":[{"href":"https:\/\/centar-fm.org\/inmediasres\/index.php\/wp-json\/wp\/v2\/types\/post"}],"author":[{"embeddable":true,"href":"https:\/\/centar-fm.org\/inmediasres\/index.php\/wp-json\/wp\/v2\/users\/2"}],"replies":[{"embeddable":true,"href":"https:\/\/centar-fm.org\/inmediasres\/index.php\/wp-json\/wp\/v2\/comments?post=360"}],"version-history":[{"count":0,"href":"https:\/\/centar-fm.org\/inmediasres\/index.php\/wp-json\/wp\/v2\/posts\/360\/revisions"}],"wp:featuredmedia":[{"embeddable":true,"href":"https:\/\/centar-fm.org\/inmediasres\/index.php\/wp-json\/wp\/v2\/media\/356"}],"wp:attachment":[{"href":"https:\/\/centar-fm.org\/inmediasres\/index.php\/wp-json\/wp\/v2\/media?parent=360"}],"wp:term":[{"taxonomy":"category","embeddable":true,"href":"https:\/\/centar-fm.org\/inmediasres\/index.php\/wp-json\/wp\/v2\/categories?post=360"},{"taxonomy":"post_tag","embeddable":true,"href":"https:\/\/centar-fm.org\/inmediasres\/index.php\/wp-json\/wp\/v2\/tags?post=360"}],"curies":[{"name":"wp","href":"https:\/\/api.w.org\/{rel}","templated":true}]}}