{"id":361,"date":"2020-09-13T17:32:29","date_gmt":"2020-09-13T17:32:29","guid":{"rendered":"https:\/\/sweet-mcclintock.194-60-87-163.plesk.page\/inmediasres\/2020\/09\/13\/ana-durkovic-i-aleksandra-brakus-znanjem-protiv-autocenzure-60-uzbudljivih-godina\/"},"modified":"2020-09-13T17:32:29","modified_gmt":"2020-09-13T17:32:29","slug":"ana-durkovic-i-aleksandra-brakus-znanjem-protiv-autocenzure-60-uzbudljivih-godina","status":"publish","type":"post","link":"https:\/\/centar-fm.org\/inmediasres\/index.php\/ana-durkovic-i-aleksandra-brakus-znanjem-protiv-autocenzure-60-uzbudljivih-godina\/","title":{"rendered":"Ana \u0110urkovi\u0107 i Aleksandra Brakus: Znanjem protiv autocenzure, 60 uzbudljivih godina"},"content":{"rendered":"<p class=\"MsoNormal\" style=\"line-height: 150%;\"><span lang=\"SR\">&nbsp;<\/span><\/p>\n<p><a name=\"5inmediasres17\"><\/a><\/p>\n<p class=\"MsoNormal\" style=\"line-height: 150%;\"><span lang=\"SR\">&nbsp;<\/span><\/p>\n<hr \/>\n<table style=\"width: 755px;\" border=\"0\">\n<tbody>\n<tr>\n<td style=\"width: 215px;\" valign=\"top\">\n<p class=\"MsoNormal\" style=\"line-height: 170%;\">\n <strong>&nbsp;9(17)#15 2020<\/strong> <\/p>\n<\/td>\n<td style=\"width: 315px;\" valign=\"top\">\n<p style=\"line-height: 170%; text-align: center;\">\n<a rel=\"license\" href=\"http:\/\/creativecommons.org\/licenses\/by-nc\/4.0\/\"><img decoding=\"async\" alt=\"Creative Commons licenca\" style=\"border-width:0\" src=\"https:\/\/i.creativecommons.org\/l\/by-nc\/4.0\/88x31.png\" \/><\/a><br \/>\u010casopis je otvorenog pristupa, a ovo djelo je dano na kori\u0161tenje pod licencom <a rel=\"license\" href=\"http:\/\/creativecommons.org\/licenses\/by-nc\/4.0\/\"><strong>Creative Commons Imenovanje-Nekomercijalno 4.0 me\u0111unarodna.<\/strong><\/a><\/p>\n<\/td>\n<td valign=\"top\">\n<p style=\"text-align: right; line-height: 150%;\" align=\"center\"><strong><br \/>\nDOI <a href=\"https:\/\/doi.org\/10.46640\/imr.9.17.5\">10.46640\/imr.9.17.5<\/a><br \/>\nUDK 001.101:070.13<br \/>\nPregledni \u010dlanak<br \/>\nReview article<br \/>\nPrimljeno: 14.02.2020.<\/strong><\/p>\n<\/td>\n<\/tr>\n<\/tbody>\n<\/table>\n<p class=\"MsoNormal\" style=\"line-height: 150%;\">&nbsp;<\/p>\n<p class=\"MsoNormal\" style=\"line-height: 150%;\">&nbsp;<\/p>\n<p class=\"MsoNormal\" style=\"text-align: center; line-height: 150%;\" align=\"center\"><span style=\"font-size: 15.0pt; line-height: 150%;\">Ana \u0110urkovi\u0107 i Aleksandra Brakus<\/span><\/p>\n<p style=\"text-align: center; line-height: 150%;\" align=\"center\">JMU RTS,Visoka \u0161kola modernog biznisa, Beograd, Srbija<\/p>\n<p>djurkovicana@yahoo.com<\/p>\n<p style=\"text-align: center; line-height: 150%;\" align=\"center\">JMU RTS,Visoka \u0161kola modernog biznisa, Beograd, Srbija<\/p>\n<p>brakus011@gmail.com<\/p>\n<p style=\"text-align: center;\" align=\"center\"><strong> <span style=\"font-size: 16.0pt; line-height: 150%;\">Znanjem protiv autocenzure, 60 uzbudljivih godina<\/span><\/strong><\/p>\n<p style=\"text-align: center; line-height: 150%;\" align=\"center\"><a href=\"http:\/\/www.centar-fm.org\/inmediasres\/images\/pdf\/17\/A. \u0110urkovic i A. Brakus, Znanjem protiv autocenzure, 60 uzbudljivih godina.pdf\"><strong><span style=\"color: #DC0101; font-size: 8.0pt;\"><br \/>\nPuni tekst: pdf (434 KB), Hrvatski, Str. 2655 &#8211; 2667<br \/>\n<\/span><\/strong><\/a><\/p>\n<p class=\"MsoNormal\" style=\"line-height: 150%;\">&nbsp;<\/p>\n<p style=\"margin: 0cm 48.6pt 0.0001pt 54pt; line-height: 170%;\"><strong><em>Sa\u017eetak<\/em><\/strong><\/p>\n<p class=\"MsoBodyText\" style=\"margin-top: 0cm; margin-right: 48.6pt; margin-bottom: .0001pt; margin-left: 54.0pt; line-height: 150%;\"><span style=\"font-size: 12.0pt; line-height: 150%; font-family: 'Times New Roman';\" lang=\"SR\">&nbsp;<\/span><\/p>\n<p class=\"MsoBodyText\" style=\"margin-top: 0cm; margin-right: 48.6pt; margin-bottom: .0001pt; margin-left: 54.0pt; line-height: 170%;\"><em>Cjelo\u017eivotna edukacija u JMU RTS neophodna je zbog konstantnog obrazovanja novinara i svih ostalih kadrova JMU RTS, radi stvaranja profesionalaca od integriteta \u010diji se rad bazira na javnom interesu u skladu sa Medijskim zakonima i Eti\u010dkim kodeksom, verifikaciji pravih od la\u017enih vesti i obrani od autocenzure i uredni\u010dke cenzure.<br \/>\n<\/em><\/p>\n<p class=\"MsoBodyText\" style=\"margin-top: 0cm; margin-right: 48.6pt; margin-bottom: .0001pt; margin-left: 54.0pt; line-height: 170%;\">&nbsp;<\/p>\n<p style=\"margin: 0cm 48.6pt 0.0001pt 54pt; line-height: 170%;\"><strong><em>Klju\u010dne rije\u010di:<\/em><\/strong> <em>obrazovanje, televizija, radio, javni interes, komunikacija, cenzura.<br \/>\n<\/em><\/p>\n<p class=\"MsoBodyText\" style=\"margin-top: 0cm; margin-right: 48.6pt; margin-bottom: .0001pt; margin-left: 54.0pt; line-height: 170%;\">&nbsp;<\/p>\n<p class=\"MsoNormal\" style=\"line-height: 150%;\">&nbsp;<\/p>\n<p class=\"MsoNormal\" style=\"line-height: 170%;\"><strong>Uvod<\/strong><\/p>\n<p class=\"MsoNormal\" style=\"line-height: 170%;\">&ldquo;Parafraziraju\u0107i Bandlera, ako imate samo jedan izbor u pona\u0161anju vi ste robot, ako imate dva zapada\u0107ete u ambivalencije a ako imate tri \u2013 vi ste slobodan \u010dovjek.&rdquo;<a name=\"_ftnref73\"><\/a><a href=\"#_ftn73\"><sup>[<span style=\"font-family: 'times new roman', times;\"><strong>73<\/strong><\/span>]<\/sup><\/a><\/p>\n<p class=\"MsoNormal\" style=\"line-height: 170%;\">\u017divimo u doba &ldquo;\u010cetvrte industrijske revolucije&rdquo;, nastale na temelju digitalne revolucije, koju karakterizira spajanje tehnologija, \u0161to opet dovodi do brisanja jasnih granica izme\u0111u biolo\u0161ke i digitalne sfere. <\/p>\n<p class=\"MsoNormal\" style=\"line-height: 170%;\">\u0160irom svijeta se od zaposlenih o\u010dekuje brzo prilago\u0111avanje izmijenjenim radnim procesima ili novim poslovima. Potra\u017enja za radnicima s vi\u0161im nivoom obrazovanje raste, dok se potra\u017enja za nisko kvalificiranima smanjuje. Mnoga zanimanja ve\u0107 sad zahtijevaju promjene u znanjima, sposobnostima i vje\u0161tinama, a u budu\u0107nosti nam predstoji proaktivno prilago\u0111avanje temeljnoj transformaciji zanimanja u kojoj \u0107e pojedina radna mjesta pretrpjeti kvalifikativnu promjenu, a pojedina izgubiti smisao i postati ugro\u017eena.<\/p>\n<p class=\"MsoNormal\" style=\"line-height: 170%;\">Kao \u0161to mr Vladimir Ivankovi\u0107 u tekstu <em>Klju\u010dne kompetencije navodi<\/em>: &ldquo;Europska unija je razvila i usvojila svoj referentni okvir klju\u010dnih kompetencija (2006. godine) koji je prvi poku\u0161aj da se na makro nivou obezbedi razumljiva i dobro balansirana lista klju\u010dnih kompetencija potrebnih, izme\u0111u ostalog i za uspe\u0161no zapo\u0161ljavanje i o\u010duvanje sigurnosti radnog mesta.&rdquo;<a name=\"_ftnref74\"><\/a><a href=\"#_ftn74\"><sup>[<span style=\"font-family: 'times new roman', times;\"><strong>74<\/strong><\/span>]<\/sup><\/a><\/p>\n<p class=\"MsoNormal\" style=\"line-height: 170%;\">Klju\u010dne kompetencije koje su definirane ovim referentnim okvirom su:<\/p>\n<p class=\"MsoNormal\" style=\"line-height: 70%;\">&nbsp;<\/p>\n<div style=\"margin-left: 35pt;\">\n<table border=\"0\">\n<tbody>\n<tr>\n<td width=\"10\" valign=\"top\">\n<span style=\"line-height: 170%;\"><br \/>\n\u2013<\/span>\n<\/td>\n<td>\n<span style=\"line-height: 170%;\"><br \/>\nKomunikacija na maternjem jeziku<\/span>\n<\/td>\n<\/tr>\n<tr>\n<tr>\n<td valign=\"top\">\n<div style=\"height: 6px; overflow:hidden;\">\n<\/div>\n<\/td>\n<td>\n<div style=\"height: 6px; overflow:hidden;\">\n<\/div>\n<\/td>\n<\/tr>\n<tr>\n<td width=\"10\" valign=\"top\">\n<span style=\"line-height: 170%;;\"><br \/>\n\u2013<\/span>\n<\/td>\n<td>\n<span style=\"line-height: 170%;\"><br \/>\nKomunikacija na stranom jeziku<\/span>\n<\/td>\n<\/tr>\n<tr>\n<tr>\n<td valign=\"top\">\n<div style=\"height: 6px; overflow:hidden;\">\n<\/div>\n<\/td>\n<td>\n<div style=\"height: 6px; overflow:hidden;\">\n<\/div>\n<\/td>\n<\/tr>\n<tr>\n<td width=\"10\" valign=\"top\">\n<span style=\"line-height: 170%;;\"><br \/>\n\u2013<\/span>\n<\/td>\n<td>\n<span style=\"line-height: 170%;\"><br \/>\nMatemati\u010dka pismenost i osnovne kompetencije u nauci i tehnologiji<\/span>\n<\/td>\n<\/tr>\n<tr>\n<tr>\n<td valign=\"top\">\n<div style=\"height: 6px; overflow:hidden;\">\n<\/div>\n<\/td>\n<td>\n<div style=\"height: 6px; overflow:hidden;\">\n<\/div>\n<\/td>\n<\/tr>\n<tr>\n<td width=\"10\" valign=\"top\">\n<span style=\"line-height: 170%;;\"><br \/>\n\u2013<\/span>\n<\/td>\n<td>\n<span style=\"line-height: 170%;\"><br \/>\nDigitalne kompetencije<\/span>\n<\/td>\n<\/tr>\n<tr>\n<tr>\n<td valign=\"top\">\n<div style=\"height: 6px; overflow:hidden;\">\n<\/div>\n<\/td>\n<td>\n<div style=\"height: 6px; overflow:hidden;\">\n<\/div>\n<\/td>\n<\/tr>\n<tr>\n<td width=\"10\" valign=\"top\">\n<span style=\"line-height: 170%;;\"><br \/>\n\u2013<\/span>\n<\/td>\n<td>\n<span style=\"line-height: 170%;\"><br \/>\nSposobnost u\u010denja<\/span>\n<\/td>\n<\/tr>\n<tr>\n<tr>\n<td valign=\"top\">\n<div style=\"height: 6px; overflow:hidden;\">\n<\/div>\n<\/td>\n<td>\n<div style=\"height: 6px; overflow:hidden;\">\n<\/div>\n<\/td>\n<\/tr>\n<tr>\n<td width=\"10\" valign=\"top\">\n<span style=\"line-height: 170%;;\"><br \/>\n\u2013<\/span>\n<\/td>\n<td>\n<span style=\"line-height: 170%;\"><br \/>\nMe\u0111uljudske i socijalne kompetencije<\/span>\n<\/td>\n<\/tr>\n<tr>\n<tr>\n<td valign=\"top\">\n<div style=\"height: 6px; overflow:hidden;\">\n<\/div>\n<\/td>\n<td>\n<div style=\"height: 6px; overflow:hidden;\">\n<\/div>\n<\/td>\n<\/tr>\n<tr>\n<td width=\"10\" valign=\"top\">\n<span style=\"line-height: 170%;;\"><br \/>\n\u2013<\/span>\n<\/td>\n<td>\n<span style=\"line-height: 170%;\"><br \/>\nPoduzetni\u0161tvo<\/span>\n<\/td>\n<\/tr>\n<tr>\n<tr>\n<td valign=\"top\">\n<div style=\"height: 6px; overflow:hidden;\">\n<\/div>\n<\/td>\n<td>\n<div style=\"height: 6px; overflow:hidden;\">\n<\/div>\n<\/td>\n<\/tr>\n<tr>\n<td width=\"10\" valign=\"top\">\n<span style=\"line-height: 170%;;\"><br \/>\n\u2013<\/span>\n<\/td>\n<td>\n<span style=\"line-height: 170%;\"><br \/>\nSvijest o kulturi i izra\u017eavanje kroz kulturu<\/span>\n<\/td>\n<\/tr>\n<tr>\n<tr>\n<td valign=\"top\">\n<div style=\"height: 6px; overflow:hidden;\">\n<\/div>\n<\/td>\n<td>\n<div style=\"height: 6px; overflow:hidden;\">\n<\/div>\n<\/td>\n<\/tr>\n<tr>\n<td width=\"10\" valign=\"top\">\n<span style=\"line-height: 170%;;\"><br \/>\n\u2013<\/span>\n<\/td>\n<td>\n<span style=\"line-height: 170%;\"><br \/>\n\u0160to se ti\u010de najnovije strategije Europske Komisije usvojena je a\u017eurirana preporuka Savjeta o klju\u010dnim kompetencijama za cjelo\u017eivotno u\u010denje. Pristup Preporuke je da se promovira razvoj klju\u010dnih kompetencija i osnovnih vje\u0161tina:<a name=\"_ftnref75\"><\/a><a href=\"#_ftn75\"><sup>[<span style=\"font-family: 'times new roman', times;\"><strong>75<\/strong><\/span>]<\/sup><\/a> <\/span>\n<\/td>\n<\/tr>\n<tr>\n<tr>\n<td valign=\"top\">\n<div style=\"height: 6px; overflow:hidden;\">\n<\/div>\n<\/td>\n<td>\n<div style=\"height: 6px; overflow:hidden;\">\n<\/div>\n<\/td>\n<\/tr>\n<tr>\n<td width=\"10\" valign=\"top\">\n<span style=\"line-height: 170%;;\"><br \/>\n\u2013<\/span>\n<\/td>\n<td>\n<span style=\"line-height: 170%;\"><br \/>\nOmoguc\u0107avanje visokokvalitetnog obrazovanja, obuke i cjelo\u017eivotnog u\u010denja za sve.<\/span>\n<\/td>\n<\/tr>\n<tr>\n<td valign=\"top\">\n<div style=\"height: 6px; overflow:hidden;\">\n<\/div>\n<\/td>\n<td>\n<div style=\"height: 6px; overflow:hidden;\">\n<\/div>\n<\/td>\n<\/tr>\n<tr>\n<td width=\"10\" valign=\"top\">\n<span style=\"line-height: 170%;;\"><br \/>\n\u2013<\/span>\n<\/td>\n<td>\n<span style=\"line-height: 170%;\"><br \/>\nPodr\u0161ka obrazovnom osoblju u provo\u0111enju pristupa u\u010denja i u\u010denja zasnovanog na kompetencijama.<\/span>\n<\/td>\n<\/tr>\n<tr>\n<td valign=\"top\">\n<div style=\"height: 6px; overflow:hidden;\">\n<\/div>\n<\/td>\n<td>\n<div style=\"height: 6px; overflow:hidden;\">\n<\/div>\n<\/td>\n<\/tr>\n<tr>\n<td width=\"10\" valign=\"top\">\n<span style=\"line-height: 170%;;\"><br \/>\n\u2013<\/span>\n<\/td>\n<td>\n<span style=\"line-height: 170%;\"><br \/>\nPromoviranje razli\u010ditih pristupa i konteksta u\u010denja iz ugla cjelo\u017eivotnog u\u010denja.<\/span>\n<\/td>\n<\/tr>\n<tr>\n<td valign=\"top\">\n<div style=\"height: 6px; overflow:hidden;\">\n<\/div>\n<\/td>\n<td>\n<div style=\"height: 6px; overflow:hidden;\">\n<\/div>\n<\/td>\n<\/tr>\n<tr>\n<td width=\"10\" valign=\"top\">\n<span style=\"line-height: 170%;;\"><br \/>\n\u2013<\/span>\n<\/td>\n<td>\n<span style=\"line-height: 170%;\"><br \/>\nIstra\u017eivanje pristupa procjeni i validaciji klju\u010dnih kompetencija.<\/span>\n<\/td>\n<\/tr>\n<\/tbody>\n<\/table>\n<\/div>\n<p class=\"MsoNormal\" style=\"line-height: 170%;\">&nbsp;<\/p>\n<p class=\"MsoNormal\" style=\"line-height: 170%;\"><strong>Javni medijski servis u globalnoj utrci<\/strong><\/p>\n<p class=\"MsoNormal\" style=\"line-height: 170%;\">&ldquo;McLuhan nam preporu\u010duje masovne medije &#8211; ili, bar odre\u0111ene privilegirane instance, poput TV &#8211; a, zbog njihove prirode. To je mo\u017eda ve\u0107 vidljivo u jednom od njegovih najdra\u017eih slogana &#8211; medij je poruka. Ono \u0161to McLuhan ima na umu ovom mantrom jest da je sadr\u017eaj masovnih medija manje va\u017ean od njihovih struktura, jer je na nivou strukture. McLuhan tvrdi da se masovni mediji anga\u017eiraju i oblikuju ljudsku svijest na najdublje na\u010dine. Prema tome, kad dolazimo do procjene TV &#8211; a, sadr\u017eaj njegovih programa je manje va\u017ean od njegove strukture kao na\u010dina komunikacije, jer njegova struktura komunikacijskog medija utje\u010de na razvoj svijesti.&rdquo;<a name=\"_ftnref76\"><\/a><a href=\"#_ftn76\"><sup>[<span style=\"font-family: 'times new roman', times;\"><strong>76<\/strong><\/span>]<\/sup><\/a><\/p>\n<p class=\"MsoNormal\" style=\"line-height: 170%;\">U kontekstu ovih teza treba pa\u017eljivo analizirati tko te poruke prenosi i na koji na\u010din utje\u010de na razvoj svijesti kroz strukturu komunikacije. U tom smislu je formiran i Obrazovni centar RTS &#8211; a, kao organizaciona cjelina za obrazovanje novinara i radnika svih ostalih ne manje va\u017enih profesija JMU RTS. Rije\u010d je o sistemskom ulaganju u vje\u0161tine i znanja u skladu sa strategijom i politikom razvoja RTS &#8211; a kao javnog servisa i potrebom Sektora za ljudske resurse da se omogu\u0107i stvaranje uvjeta za efikasan odabir kadrova prema sposobnostima i rezultatima rada, i zanimanjem za kontinuiranim stru\u010dnim usavr\u0161avanjem u razvoju karijere.<\/p>\n<p class=\"MsoNormal\" style=\"line-height: 170%;\">Obrazovni centar (OC) je pokrenut u okviru Sektora za ljudske resurse u lipnju 2019. godine.<\/p>\n<p class=\"MsoNormal\" style=\"line-height: 170%;\">Zami\u0161ljen je kao mjesto u kom se objedinjeno prate i predla\u017eu sve potrebe koje se ti\u010du edukacije, razvoja i stru\u010dnog usavr\u0161avanja zaposlenih, obavlja sta\u017eiranje u\u010denika i studenata iz obrazovnog sistema RS, pru\u017eaju stru\u010dni treninzi za specifi\u010dna televizijska zanimanja i unaprje\u0111uju ostale vje\u0161tine u klju\u010dnim podru\u010djima koja se ti\u010du medija za sve zainteresirane polaznike van JMU RTS. <\/p>\n<p class=\"MsoNormal\" style=\"line-height: 170%;\">OC se trudi pratiti iskustva EBU mre\u017ee a tako\u0111er se oslanja na doma\u0107e iskustvo i inovacije u procesu permanentnog u\u010denja, kao i na potencijalno u\u010de\u0161\u0107e u projektima \u010diji je cilj stjecanje novih znanja i kompetencija.<\/p>\n<p class=\"MsoNormal\" style=\"line-height: 170%;\">Kada je rije\u010d o zaposlenima, potrebe JMU RTS moraju se uskla\u0111ivati s trendovima i politikom razvoja javnih servisa, zbog \u010dega se raznim vidovima treninga planira razvijanje:<\/p>\n<p class=\"MsoNormal\" style=\"line-height: 70%;\">&nbsp;<\/p>\n<div style=\"margin-left: 35pt;\">\n<table border=\"0\">\n<tbody>\n<tr>\n<td width=\"10\" valign=\"top\">\n<span style=\"line-height: 170%;\"><br \/>\n\u2013<\/span>\n<\/td>\n<td>\n<span style=\"line-height: 170%;\"><br \/>\nanaliti\u010dkog razmi\u0161ljanja i inovacija;<\/span>\n<\/td>\n<\/tr>\n<tr>\n<tr>\n<td valign=\"top\">\n<div style=\"height: 6px; overflow:hidden;\">\n<\/div>\n<\/td>\n<td>\n<div style=\"height: 6px; overflow:hidden;\">\n<\/div>\n<\/td>\n<\/tr>\n<tr>\n<td width=\"10\" valign=\"top\">\n<span style=\"line-height: 170%;;\"><br \/>\n\u2013<\/span>\n<\/td>\n<td>\n<span style=\"line-height: 170%;\"><br \/>\nsposobnosti rje\u0161avanja problema;<\/span>\n<\/td>\n<\/tr>\n<tr>\n<tr>\n<td valign=\"top\">\n<div style=\"height: 6px; overflow:hidden;\">\n<\/div>\n<\/td>\n<td>\n<div style=\"height: 6px; overflow:hidden;\">\n<\/div>\n<\/td>\n<\/tr>\n<tr>\n<td width=\"10\" valign=\"top\">\n<span style=\"line-height: 170%;;\"><br \/>\n\u2013<\/span>\n<\/td>\n<td>\n<span style=\"line-height: 170%;\"><br \/>\nkriti\u010dkog razmi\u0161ljanja i analize;<\/span>\n<\/td>\n<\/tr>\n<tr>\n<tr>\n<td valign=\"top\">\n<div style=\"height: 6px; overflow:hidden;\">\n<\/div>\n<\/td>\n<td>\n<div style=\"height: 6px; overflow:hidden;\">\n<\/div>\n<\/td>\n<\/tr>\n<tr>\n<td width=\"10\" valign=\"top\">\n<span style=\"line-height: 170%;;\"><br \/>\n\u2013<\/span>\n<\/td>\n<td>\n<span style=\"line-height: 170%;\"><br \/>\nstrategije aktivnog u\u010denja;<br \/>\n<\/span>\n<\/td>\n<\/tr>\n<tr>\n<tr>\n<td valign=\"top\">\n<div style=\"height: 6px; overflow:hidden;\">\n<\/div>\n<\/td>\n<td>\n<div style=\"height: 6px; overflow:hidden;\">\n<\/div>\n<\/td>\n<\/tr>\n<tr>\n<td width=\"10\" valign=\"top\">\n<span style=\"line-height: 170%;;\"><br \/>\n\u2013<\/span>\n<\/td>\n<td>\n<span style=\"line-height: 170%;\"><br \/>\nkreativnosti, originalnosti i inicijative;<\/span>\n<\/td>\n<\/tr>\n<tr>\n<td valign=\"top\">\n<div style=\"height: 6px; overflow:hidden;\">\n<\/div>\n<\/td>\n<td>\n<div style=\"height: 6px; overflow:hidden;\">\n<\/div>\n<\/td>\n<\/tr>\n<tr>\n<td width=\"10\" valign=\"top\">\n<span style=\"line-height: 170%;;\"><br \/>\n\u2013<\/span>\n<\/td>\n<td>\n<span style=\"line-height: 170%;\"><br \/>\nposve\u0107ivanja pa\u017enje detaljima i razvijanju pouzdanosti;<\/span>\n<\/td>\n<\/tr>\n<tr>\n<td valign=\"top\">\n<div style=\"height: 6px; overflow:hidden;\">\n<\/div>\n<\/td>\n<td>\n<div style=\"height: 6px; overflow:hidden;\">\n<\/div>\n<\/td>\n<\/tr>\n<tr>\n<td width=\"10\" valign=\"top\">\n<span style=\"line-height: 170%;;\"><br \/>\n\u2013<\/span>\n<\/td>\n<td>\n<span style=\"line-height: 170%;\"><br \/>\nve\u0161tine pregovaranja;<\/span>\n<\/td>\n<\/tr>\n<tr>\n<td valign=\"top\">\n<div style=\"height: 6px; overflow:hidden;\">\n<\/div>\n<\/td>\n<td>\n<div style=\"height: 6px; overflow:hidden;\">\n<\/div>\n<\/td>\n<\/tr>\n<tr>\n<td width=\"10\" valign=\"top\">\n<span style=\"line-height: 170%;;\"><br \/>\n\u2013<\/span>\n<\/td>\n<td>\n<span style=\"line-height: 170%;\"><br \/>\nemocionalne inteligencije;<\/span>\n<\/td>\n<\/tr>\n<tr>\n<td valign=\"top\">\n<div style=\"height: 6px; overflow:hidden;\">\n<\/div>\n<\/td>\n<td>\n<div style=\"height: 6px; overflow:hidden;\">\n<\/div>\n<\/td>\n<\/tr>\n<tr>\n<td width=\"10\" valign=\"top\">\n<span style=\"line-height: 170%;;\"><br \/>\n\u2013<\/span>\n<\/td>\n<td>\n<span style=\"line-height: 170%;\"><br \/>\nliderstva i dru\u0161tvenog utjecaja;<\/span>\n<\/td>\n<\/tr>\n<tr>\n<td valign=\"top\">\n<div style=\"height: 6px; overflow:hidden;\">\n<\/div>\n<\/td>\n<td>\n<div style=\"height: 6px; overflow:hidden;\">\n<\/div>\n<\/td>\n<\/tr>\n<tr>\n<td width=\"10\" valign=\"top\">\n<span style=\"line-height: 170%;;\"><br \/>\n\u2013<\/span>\n<\/td>\n<td>\n<span style=\"line-height: 170%;\"><br \/>\nkoordinacije i upravljanja vremenom.<\/span>\n<\/td>\n<\/tr>\n<\/tbody>\n<\/table>\n<\/div>\n<p class=\"MsoNormal\" style=\"line-height: 70%;\">&nbsp;<\/p>\n<p class=\"MsoNormal\" style=\"line-height: 170%;\">Kompetencije zaposlenih se mogu tuma\u010diti kao skup znanja, sposobnosti i vje\u0161tina koje omogu\u0107avaju zaposlenima da obavljaju svoje poslove na najbolji mogu\u0107i na\u010din. Upravljanje tim kompetencijama postaje neophodno, isplativo na duge staze, i spada u najva\u017enije poslovne aktivnosti slu\u017ebe ljudskih resursa mnogih preduze\u0107a, a posebno Sektora za ljudske resurse Javnog medijskog servisa RTS.<\/p>\n<p class=\"MsoNormal\" style=\"line-height: 170%;\">&ldquo;Autonoman \u010dovjek nije ni pasivan ni lijen. On svojim individualnim stilom rje\u0161ava probleme koji nailaze. Spontanost mu omogu\u0107ava kreativnu igru kroz koju pronalazi nova, bolja re\u0161enja.<\/p>\n<p class=\"MsoNormal\" style=\"line-height: 170%;\">Pojam moralnosti i anga\u017eiranosti u modernoj komunikolo\u0161koj literaturi dobiva naziv Etika anga\u017eiranja (<em>Ethics of commitment<\/em>).&rdquo;<a name=\"_ftnref77\"><\/a><a href=\"#_ftn77\"><sup>[<span style=\"font-family: 'times new roman', times;\"><strong>77<\/strong><\/span>]<\/sup><\/a><\/p>\n<p class=\"MsoNormal\" style=\"line-height: 170%;\">Upravljanje kompetencijama zaposlenih je vrlo va\u017eno podru\u010dje u upravljanju ljudskim resursima zbog \u010dega se prate i analiziraju Strate\u0161ki ciljevi JMU RTS, vr\u0161i analiza posla, selekcija, obuka i razvoj kao i evaluacija nivoa i transfera znanja zaposlenih.<\/p>\n<p class=\"MsoNormal\" style=\"line-height: 170%;\">Razvoj kompetencija zaposlenih mora se konstantno uskla\u0111ivati sa zahtjevima posla opisanim u sistematizaciji, ali i s osobnim potrebama i planovima, i predstavlja kontinuirani proces.<\/p>\n<p class=\"MsoNormal\" style=\"line-height: 170%;\">Sektor za ljudske resurse posredstvom Slu\u017ebe za edukaciju, razvoj i stru\u010dno usavr\u0161avanje upravlja znanjem, motivacijom i kompetencijama zaposlenih (Competency Menagment), kao i njihovim osobnim razvojem.<\/p>\n<p class=\"MsoNormal\" style=\"line-height: 170%;\">Javni medijski servis RTS,\u00a0 usvajanjem ovakvog na\u010dina razmi\u0161ljanja, unapre\u0111uje svoje poslovanje i unapre\u0111ivanjem osobnog zadovoljstva zaposlenih, jer znanje, sposobnosti i vje\u0161tine zaposlenih postaju klju\u010dni faktori za uspeh na konkurentskom tr\u017ei\u0161tu.<\/p>\n<p class=\"MsoNormal\" style=\"line-height: 70%;\">&nbsp;<\/p>\n<p class=\"MsoNormal\" style=\"line-height: 170%;\">Tablica 1:<\/p>\n<p class=\"MsoNormal\" style=\"line-height: 170%;\">Sada\u0161nji status obrazovne strukture \u010dini:<a name=\"_ftnref78\"><\/a><a href=\"#_ftn78\"><sup>[<span style=\"font-family: 'times new roman', times;\"><strong>78<\/strong><\/span>]<\/sup><\/a><\/p>\n<p class=\"MsoNormal\" style=\"line-height: 100%;\">&nbsp;<\/p>\n<div align=\"left\">\n<table border=\"1\" cellspacing=\"0\" cellpadding=\"4\">\n<tr>\n<td width=\"321\">\n<p class=\"MsoNormal\" style=\"line-height: 170%;\">doktori znanosti<\/p>\n<\/td>\n<td width=\"323\">\n<p class=\"MsoNormal\" style=\"line-height: 170%;\">13<\/p>\n<\/td>\n<\/tr>\n<tr>\n<td width=\"321\">\n<p class=\"MsoNormal\" style=\"line-height: 170%;\">magistri<\/p>\n<\/td>\n<td width=\"323\">\n<p class=\"MsoNormal\" style=\"line-height: 170%;\">35<\/p>\n<\/td>\n<\/tr>\n<tr>\n<td width=\"321\">\n<p class=\"MsoNormal\" style=\"line-height: 170%;\">masteri<\/p>\n<\/td>\n<td width=\"323\">\n<p class=\"MsoNormal\" style=\"line-height: 170%;\">96<\/p>\n<\/td>\n<\/tr>\n<tr>\n<td width=\"321\">\n<p class=\"MsoNormal\" style=\"line-height: 170%;\">VSS<\/p>\n<\/td>\n<td width=\"323\">\n<p class=\"MsoNormal\" style=\"line-height: 170%;\">1018<\/p>\n<\/td>\n<\/tr>\n<tr>\n<td width=\"321\">\n<p class=\"MsoNormal\" style=\"line-height: 170%;\">BCH<\/p>\n<\/td>\n<td width=\"323\">\n<p class=\"MsoNormal\" style=\"line-height: 170%;\">54<\/p>\n<\/td>\n<\/tr>\n<tr>\n<td width=\"321\">\n<p class=\"MsoNormal\" style=\"line-height: 170%;\">VS<\/p>\n<\/td>\n<td width=\"323\">\n<p class=\"MsoNormal\" style=\"line-height: 170%;\">166<\/p>\n<\/td>\n<\/tr>\n<tr>\n<td width=\"321\">\n<p class=\"MsoNormal\" style=\"line-height: 170%;\">\u00a0SSS<\/p>\n<\/td>\n<td width=\"323\">\n<p class=\"MsoNormal\" style=\"line-height: 170%;\">1101<\/p>\n<\/td>\n<\/tr>\n<tr>\n<td width=\"321\">\n<p class=\"MsoNormal\" style=\"line-height: 170%;\">VKV<\/p>\n<\/td>\n<td width=\"323\">\n<p class=\"MsoNormal\" style=\"line-height: 170%;\">70<\/p>\n<\/td>\n<\/tr>\n<tr>\n<td width=\"321\">\n<p class=\"MsoNormal\" style=\"line-height: 170%;\">KV<\/p>\n<\/td>\n<td width=\"323\">\n<p class=\"MsoNormal\" style=\"line-height: 170%;\">88<\/p>\n<\/td>\n<\/tr>\n<tr>\n<td width=\"321\">\n<p class=\"MsoNormal\" style=\"line-height: 170%;\">ukupno<\/p>\n<\/td>\n<td width=\"323\">\n<p class=\"MsoNormal\" style=\"line-height: 170%;\">2641<\/p>\n<\/td>\n<\/tr>\n<\/table>\n<\/div>\n<p class=\"MsoNormal\" style=\"line-height: 100%;\">&nbsp;<\/p>\n<p class=\"MsoNormal\" style=\"line-height: 170%;\">Doktori znanosti se nalaze u sljede\u0107im organizacijskim cjelinama Televizije: Sektoru za razvoj i nove poslove, Sektoru za ljudske resurse, PJ TV Programu (zabavni program \/ glazbena redakcija), Informativnom programu regije \/ Beogradskom programu, i Jutarnjem programu po jedan i u ONP ekolo\u0161kom jedan, ukupno \u0161est.<\/p>\n<p class=\"MsoNormal\" style=\"line-height: 170%;\">Na Drugom programu radija radi pet doktora znanosti, u: Kulturno umjetni\u010dkom programu, Dokumentarnom stvarala\u0161tvu, Obrazovnoj rubrici, Redakciji dramskog programa i Dopisni\u0161tvu Radio Ni\u0161a, a na Tre\u0107em programu radija dvoje i to na programima: Teorija mi\u0161ljenja \/ znanost i kritika te Muzika i umjetni\u010dki eksperiment. <\/p>\n<p class=\"MsoNormal\" style=\"line-height: 170%;\">Magistara ima trideset pet, i to u: Sektoru za razvoj i nove poslove, Redakciji RTS tri, zatim Tematskim kanalima jedan, u Direkciji pri Certifikacijskom tijelu jedan, u Slu\u017ebi financija u odjelu komercijala\/knjigovodstvo jedan, u Muzi\u010dkoj produkciji kod simfoni\u010dara \u0161est i dva u zborskoj glazbi. U TV Programu ih je ukupno petnaest i to u: Kulturi i umjetnosti &#8211; informativnom dijelu programa, jedan, Kulturi i umjetnosti &#8211; teku\u0107im emisijama jedan, KUP Dje\u010djem programu jedan, Muzi\u010dkoj redakciji &#8211; Muzi\u010dkom magazinu jedan, Informativnom programu razmjene jedan, Informativnom programu Svijet dva, Informativnom programu Desk jedan, Informativnom programu Aktualnosti jedan, Programu za dijasporu dva, ONP ekolo\u0161kom programu jedan, ONP znanstvenom programu dva, Licenciranju programa jedan. U PJ Produkciji su u Izvr\u0161noj realizaciji i postprodukciji on &#8211; line monta\u017ee jedan, Realizaciji i primjenjenom dizajnu scenografija jedan i Realizaciji slu\u017ebe re\u017eije programa jedan. Na Prvom programu radija u Informativno politi\u010dkoj redakciji jedan i u Muzi\u010dkoj redakciji jedan, na Drugom programu radija Desk kultura RB jedan, Muzi\u010dkoj redakciji jedan i Produkciji dva.<\/p>\n<p class=\"MsoNormal\" style=\"line-height: 170%;\">&ldquo;Postizanje harmonije izme\u0111u profesionalnog i privatnog, tako da individua optimalno funkcioni\u0161e u timu, te\u0161ko je isto toliko koliko i postizanje harmonije izme\u0111u orijentisanosti ka radnim ciljevima i me\u0111uljudskim odnosima, ali je mogu\u0107e.&rdquo; Profesorica i autorica brojnih knjiga Tijana Mandi\u0107 ka\u017ee i : &ldquo;Osnovna komunikolo\u0161ka formula uspeha i \u010detiri zlatna pravila komunikologije su: fleksibilnost, ve\u0161tine, po\u0161tovanje i timski rad.&rdquo;<a name=\"_ftnref79\"><\/a><a href=\"#_ftn79\"><sup>[<span style=\"font-family: 'times new roman', times;\"><strong>79<\/strong><\/span>]<\/sup><\/a><\/p>\n<p class=\"MsoNormal\" style=\"line-height: 170%;\">&nbsp;<\/p>\n<p class=\"MsoNormal\" style=\"line-height: 170%;\"><strong>Cenzura<\/strong><\/p>\n<p class=\"MsoNormal\" style=\"line-height: 170%;\">&ldquo;Cenzura odr\u017eava naravi spre\u010davaju\u0107i izopa\u010davanje javnog mnjenja, \u010duvaju\u0107i njihovu ispravnost njihovom mudrom primenom, neki put \u010dak utvr\u0111uju\u0107i ih kada su jo\u0161 neizvesne&rdquo;.<a name=\"_ftnref80\"><\/a><a href=\"#_ftn80\"><sup>[<span style=\"font-family: 'times new roman', times;\"><strong>80<\/strong><\/span>]<\/sup><\/a><\/p>\n<p class=\"MsoNormal\" style=\"line-height: 170%;\">Ovako je govorio o cenzuri Jean &#8211; Jacques Rousseau, ra\u010dunaju\u0107i na &ldquo;mudru&rdquo; primjenu, dok se u modernom svijetu informacija pojam cenzure zajedno s novinarskom profesijom na\u0161ao na velikim isku\u0161enjima. Novinari, prinu\u0111eni da budu konkurentni, drugim rije\u010dima proizvo\u0111a\u010di najekskluzivnije poruke, pod konstantnim su pritiskom da svoje pri\u010de rade br\u017ee i istovremeno za razli\u010dite platforme, da vode ra\u010duna o &ldquo;klikovima&rdquo;, a o eti\u010dnosti se sve manje vodi ra\u010duna, mada je i taj segment ure\u0111en setom pravila. <\/p>\n<p class=\"MsoNormal\" style=\"line-height: 170%;\"><strong>Eti\u010dki kodeks<\/strong><a name=\"_ftnref81\"><\/a><a href=\"#_ftn81\"><sup>[<span style=\"font-family: 'times new roman', times;\"><strong>81<\/strong><\/span>]<\/sup><\/a><strong> obavezuje novinare da to\u010dno, objektivno, potpuno i blagovremeno izvijeste o doga\u0111ajima od interesa za javnost, po\u0161tuju\u0107i pravo javnosti da sazna istinu i dr\u017ee\u0107i se osnovnih standarda novinarske profesije.<\/strong><\/p>\n<p class=\"MsoNormal\" style=\"line-height: 170%;\">Novinari svakodnevno donose odluke o tome \u0161ta je javni interes. I ne samo to, ve\u0107 \u010desto do\u017eivljavaju razne vrste pritisaka da informacije koje prikupljaju ne dospiju do te iste javnosti. Ipak, vrlo je va\u017eno je da javnost bude informirana o izborima onih koji vijesti prave i prenose, i kojim se to motivima rukovode u slu\u010dajevima kada odlu\u010de da neke prikupljene informacije ostanu na nivou privatnih.\u00a0 <\/p>\n<p class=\"MsoNormal\" style=\"line-height: 170%;\">Neki od naj\u010de\u0161\u0107ih razloga za cenzuru u medijima su:<\/p>\n<p class=\"MsoNormal\" style=\"line-height: 170%;\">1. Za\u0161tita privatnosti neke osobe: Ovo je vjerojatno najmanje kontroverzni oblik medijske cenzure i koristi se, na primjer, kad maloljetnik po\u010dini zlo\u010din, bude \u017ertva zlo\u010dina, kad neka osoba bude predmet optu\u017ebi ili spekulacija a nije pravosna\u017eno osu\u0111ena itd. Ve\u0107ina medija skriva identitet \u017ertava silovanja, kako ne bi trpjeli javno poni\u017eenje. Primjer izvje\u0161tavanja vi\u0161e tabloida o takozvanom slu\u010daju\u00a0 &ldquo;mal\u010danskog berberina&rdquo; &#8211; uhap\u0161enog otmi\u010dara dvanaestogodi\u0161nje djevoj\u010dice, s brutalnim detaljima, flagrantan je primjer najgrubljeg naru\u0161avanja prava i dostojanstva djeteta i nepo\u0161tivanja Eti\u010dkog kodeksa. <\/p>\n<p class=\"MsoNormal\" style=\"line-height: 170%;\">Novinari tako\u0111er anonimno\u0161\u0107u \u0161tite svoje &lsquo;izvore&rsquo; od otkrivanja identiteta zbog straha od odmazde. Ovo je posebno va\u017eno kada su dou\u0161nici pojedinci, visoko pozicionirani u vladama ili korporacijama, koji imaju direktan pristup informacijama. <\/p>\n<p class=\"MsoNormal\" style=\"line-height: 170%;\">2. Izbjegavanje grafi\u010dkih detalja i slika: Svakog dana, negdje u svijetu, dogodi se grozan \u010din nasilja. Mediji tada moraju prona\u0107i na\u010din da detalje krivi\u010dnog djela prika\u017eu publici, kako bi mogla razumjeti njegovu surovost, ali u isto vrijeme, trude\u0107i se da ne vrije\u0111aju osje\u0107aje \u010ditatelja ili gledatelja, posebno djece. <\/p>\n<p class=\"MsoNormal\" style=\"line-height: 170%;\">3. Prikrivanje informacija o nacionalnoj sigurnosti: Osporavanjem zvi\u017eda\u010da &#8211; uzbunitelja, antivladinih grupa ili drugih koji \u017eele obavijestiti javnost o raznim zloupotrebama i koruptivnim aferama u kojima u\u010de\u0161\u0107e ima dr\u017eava (koju predstavljaju njeni najvi\u0161i zvani\u010dnici), vr\u0161i se stalan pritisak na medije da tako dobivene informacije ne na\u0111u put do javnosti. Paradigma takvog shva\u0107anja su WikiLeaks i njegov osniva\u010d Julian Assange, koji su se na\u0161li su pod vatrom zbog objavljivanja vi\u0161e od \u010detvrt milijuna ameri\u010dkih dokumenata, od kojih su mnogi uklju\u010divali nacionalnu sigurnost. Kada je <em>New York Times<\/em> objavio ove dokumente ameri\u010dkog State Departmenta, ameri\u010dka avijacija je odgovorilo blokiranjem web stranice novina. Ovaj primjer pokazuje da vlasnici medija \u010desto imaju napeti odnos s vladom kada odobravaju pri\u010de koje sadr\u017ee potencijalno eksplozivne informacije. Vladini slu\u017ebenici \u010desto poku\u0161avaju cenzurirati medije ili uravnote\u017eiti interese nacionalne sigurnosti s pravom javnosti da zna. <\/p>\n<p class=\"MsoNormal\" style=\"line-height: 170%;\">Sam Assange je zbog svog anga\u017emana od 2012. godine bio azilant u Ekvadorskoj ambasadi, sve do travnja 2019. kada se promijenila vlast u Ekvadoru i kada mu je azil osporen a on uhap\u0161en. Jo\u0161 uvijek se nalazi u Belmarsh zatvoru u Velikoj Britaniji \u010dekaju\u0107i mogu\u0107e izru\u010denje SAD gdje ga \u010deka suo\u010davanje s rigoroznim kaznama. <\/p>\n<p class=\"MsoNormal\" style=\"line-height: 170%;\">Tako\u0111e, obrana korporativnih interesa \u010desto implicira cenzuru. Medijske kompanije bi trebale slu\u017eiti javnom interesu, \u0161to ponekad ne odgovara vlasnicima konglomerata koji kontroliraju glasove medija.<\/p>\n<p class=\"MsoNormal\" style=\"line-height: 170%;\">Parafrazira\u0107emo Jurija Lotmana koji ka\u017ee: &ldquo;Ono \u0161to u jeziku nauke ima bezizra\u017eajni naziv &ldquo;informacija&rdquo;, ima i drugo ime \u2013 sloboda.&rdquo;<a name=\"_ftnref82\"><\/a><a href=\"#_ftn82\"><sup>[<span style=\"font-family: 'times new roman', times;\"><strong>82<\/strong><\/span>]<\/sup><\/a> pa \u0107emo re\u0107i da je u dana\u0161njem svijetu sloboda izno\u0161enja informacija postala ugro\u017eena. <\/p>\n<p class=\"MsoNormal\" style=\"line-height: 170%;\">Ili : &ldquo;&#8230;danas kada se osnove teorije informacije u\u010de u \u0161koli, nitko se ne\u0107e za\u010duditi ako podsetimo da je izbor \u2013 informacija. Tamo gde nema izbora, nema informacije; minimalna informacija nastaje kada se vr\u0161i izbor izme\u0111u dve jednake mogu\u0107nosti, a ukoliko je broj mogu\u0107nosti ve\u0107i, utoliko je informacija zna\u010dajnija&#8230; Ali postoji jo\u0161 jedna re\u010d \u2013 mo\u017ee se re\u0107i i da je sloboda. Nepostojanje izbora, potpuna predvidivost pona\u0161anja i de\u0161avanja je nesloboda&rdquo;.<a name=\"_ftnref83\"><\/a><a href=\"#_ftn83\"><sup>[<span style=\"font-family: 'times new roman', times;\"><strong>83<\/strong><\/span>]<\/sup><\/a><\/p>\n<p class=\"MsoNormal\" style=\"line-height: 170%;\">&nbsp;<\/p>\n<p class=\"MsoNormal\" style=\"line-height: 170%;\"><strong>Autocenzura<\/strong><\/p>\n<p class=\"MsoNormal\" style=\"line-height: 170%;\">&ldquo;Danas se u na\u0161im medijima re\u010d &lsquo;cenzura&rsquo; upotrebljava pre\u010desto, naro\u010dito u svojoj podmuklijoj varijanti, kao &lsquo;autocenzura&rsquo;. Ona se odnosi na slobodu govora, i govori nam o ograni\u010denjima te slobode, koja se name\u0107u kao pretnja, podsti\u010du\u0107i ose\u0107anje straha \u2013 ose\u0107anje negativne nade, nade u ni\u0161tavnu li\u010dnu budu\u0107nost koju \u0107e \u010doveku prirediti sloboda njegovog govora, dakle njegova ljudska obaveza da govori istinu.&rdquo;<a name=\"_ftnref84\"><\/a><a href=\"#_ftn84\"><sup>[<span style=\"font-family: 'times new roman', times;\"><strong>84<\/strong><\/span>]<\/sup><\/a><\/p>\n<p class=\"MsoNormal\" style=\"line-height: 170%;\">Prosvjedi koji vi\u0161e od godinu dana traju ispred JMU RTS ti\u010du se osnovnih na\u010dela rada javnog medijskog servisa, prema \u010clanu 4. (&bdquo;istinito, nepristrano, potpuno i blagovremeno informiranje, nezavisnost ure\u0111iva\u010dke politike i nezavisnost izvora financiranja, zabrana svakog oblika cenzure i nezakonitog utjecaja na rad javnog medijskog servisa, redakcije, novinara, primjena me\u0111unarodno priznatih normi i principa, a naro\u010dito po\u0161tivanje ljudskih prava i sloboda i demokratskih vrijednosti i po\u0161tovanje profesionalnih standarda i kodeksa)<a name=\"_ftnref85\"><\/a><a href=\"#_ftn85\"><sup>[<span style=\"font-family: 'times new roman', times;\"><strong>85<\/strong><\/span>]<\/sup><\/a>, kao i autocenzure koju mo\u017eemo tuma\u010diti nepostojanjem utemeljenja u profesiji kroz integritet mi\u0161ljenja i slobodu kriti\u010dkog govora.<\/p>\n<p class=\"MsoNormal\" style=\"line-height: 170%;\">&ldquo;Autocenzura je potpuno druga stvar. Nastaje kada su novinarstvo ili odre\u0111eni mediji vo\u0111eni ne uredni\u010dkom brigom, ve\u0107 strahom. Kada novinar ili urednik donose uredni\u010dke odluke oko neke pri\u010de uvjetovani strahom ili represijom \u2013 da li od strane dr\u017eave, vlasnika ili ogla\u0161iva\u010da \u2013 to nema nikakve veze sa osnovnim principima novinarstva.&rdquo;<a name=\"_ftnref86\"><\/a><a href=\"#_ftn86\"><sup>[<span style=\"font-family: 'times new roman', times;\"><strong>86<\/strong><\/span>]<\/sup><\/a><\/p>\n<p class=\"MsoNormal\" style=\"line-height: 170%;\">&nbsp;<\/p>\n<p class=\"MsoNormal\" style=\"line-height: 170%;\"><strong>Kako su po\u010deli prosvjedi<\/strong><\/p>\n<p class=\"MsoNormal\" style=\"line-height: 170%;\">Nekoliko dana nakon \u0161to je opozicioni lider ljevice Srbije Borko Stefanovi\u0107 napadnut prije odr\u017eavanja tribine u Kru\u0161evcu, 30. studenog 2018. godine organiziran je prvi gra\u0111anski prosvjed. Ta prva prosvjedna \u0161etnja odr\u017eana je pod sloganom &ldquo;Stop krvavim ko\u0161uljama&rdquo;, inspirirana okrvavljenom ko\u0161uljom koju je Stefanovi\u0107 pokazao na konferenciji za novinare. <\/p>\n<p class=\"MsoNormal\" style=\"line-height: 170%;\">Tjedan dana kasnije, 8. prosinca, odr\u017eana je i prva beogradska \u0161etnja. Od tada su svake subote prosvjedi nastavljeni \u0161irom Srbije.<\/p>\n<p class=\"MsoNormal\" style=\"line-height: 170%;\">Na po\u010detku je i prosvjed u Beogradu nosio isti naziv, da bi poslije nekoliko \u0161etnji postao\u00a0 &bdquo;Jedan od pet milijuna&rdquo;.<\/p>\n<p class=\"MsoNormal\" style=\"line-height: 170%;\">Prosvjedi su se skoro svake subote zavr\u0161avali ispred sredi\u0161ta JMU RTS u Takovskoj ulici, a zahtjevi sudionika su bili: izvje\u0161tavanje bez cenzure i u\u010de\u0161\u0107e u emisijama javnog servisa.<\/p>\n<p class=\"MsoNormal\" style=\"line-height: 170%;\">&nbsp;<\/p>\n<p class=\"MsoNormal\" style=\"line-height: 170%;\"><strong>Prosvjedi ispred zgrade u Takovskoj<\/strong><\/p>\n<p class=\"MsoNormal\" style=\"line-height: 170%;\">Navesti \u0107emo neke od situacija u kojima su gra\u0111ani okupljeni idejom izvje\u0161tavanja bez cenzure, pristalice pokreta &bdquo;Jedan od pet milijuna&ldquo; i &bdquo;Saveza za Srbiju&ldquo;, prosvjeduju\u0107i vi\u0161e od godinu dana za redom \u2013 svake subote, izra\u017eavali svoje nezadovoljstvo radom JMU RTS. <\/p>\n<p class=\"MsoNormal\" style=\"line-height: 170%;\"><strong>Jajima na zgradu RTS-a, 09. 03.2019.<\/strong><a name=\"_ftnref87\"><\/a><a href=\"#_ftn87\"><sup>[<span style=\"font-family: 'times new roman', times;\"><strong>87<\/strong><\/span>]<\/sup><\/a> &ldquo;Okupljeni su zatim gradskim ulicama pro\u0161etali do zgrade RTS-a gde su blokirali ulaz u zgradu televizije uz zahtev da se smene generalni direktor Dragan Bujo\u0161evi\u0107 i glavni i odgovrni urednik informativnog programa Nenad Lj. Stefanovi\u0107.\u00a0Kolona demonstranata se potom podelila \u2013 jedan deo pri\u0161ao je iz Takovske, a drugi iz Aberdareve ulice. Ispred zgrade javnog servisa improvizovan je &ldquo;Dnevnik slobodne Srbije&rdquo;, u kojem su &ldquo;\u010ditali vesti&rdquo;, najvi\u0161e o protestima. Potom su govorili predsednik jednog od sindikata zaposlenih u MUP \u2013 u, Policijskog sindikata Srbije, koji od pre nekoliko dana nema reprezentativnost, i radnica &ldquo;Kolubare&rdquo; iz Lazarevca Vesna Laki\u0107evi\u0107. U\u010desnici protesta ga\u0111ali su jajima zgradu javnog servisa.&rdquo;<\/p>\n<p class=\"MsoNormal\" style=\"line-height: 170%;\"><em>Site<\/em> Insajdera, 16. 03. 2019. god., prate\u0107i doga\u0111aje donosi tekst u kome ka\u017ee:<a name=\"_ftnref88\"><\/a><a href=\"#_ftn88\"><sup>[<span style=\"font-family: 'times new roman', times;\"><strong>88<\/strong><\/span>]<\/sup><\/a> &rdquo;Demonstranti su oko 20h upali u zgradu. Deo u\u010desnika petnaestog protesta &lsquo;Jedan od pet miliona&rsquo; u Beogradu, upao je u zgradu RTS nakon organizovanja &lsquo;Dnevnika slobodne Srbije&rsquo;. Desetine gra\u0111ana predvo\u0111eni predsednikom Dveri Bo\u0161kom Obradovi\u0107em, Draganom \u0110ilasom i Jelenom Anasonovi\u0107, jednom od organizatorki protesta, u\u0161li su u RTS tra\u017ee\u0107i da razgovaraju sa nekim od urednika i novinara, javlja reporter Insajdera. Pripadnici policije su ih nakon nekoliko sati izveli iz zgrade, a Obradovi\u0107 ih je pozvao da se ponovo okupe u nedelju ispred zgrade Predsedni\u0161tva gde je zakazano obra\u0107anje predsednika Aleksandra Vu\u010di\u0107a&ldquo;.<\/p>\n<p class=\"MsoNormal\" style=\"line-height: 170%;\">Ovaj upad JMU RTS nije prenosio na svojim kanalima.<\/p>\n<p class=\"MsoNormal\" style=\"line-height: 170%;\">Slijede\u0107eg dana, 17. 03. 2019., <em>site<\/em> JMU RTS prenio je reagiranja novinarskih udru\u017eenja, medija, zvani\u010dnika i politi\u010dara<a name=\"_ftnref89\"><\/a><a href=\"#_ftn89\"><sup>[<span style=\"font-family: 'times new roman', times;\"><strong>89<\/strong><\/span>]<\/sup><\/a> koji su osudili upad i istakli da je to na\u010din zastra\u0161ivanja novinara.<\/p>\n<p class=\"MsoNormal\" style=\"line-height: 170%;\">23. 03. 2019. god. Radio Slobodna Evropa javlja da je &ldquo;Gra\u0111anski protest protiv vlasti u Srbiji odr\u017ean je i ove subote u Beogradu, 16. put zaredom. Posle odr\u017eanih govora pred Filozofskim fakultetom, demonstranti su krenuli u protestnu \u0161etnju od Svetogorske do zgrade RTS-a. Dolaskom pred zgradu javnog medijskog servisa do\u010dekala su ih uga\u0161ena svetla RTS &#8211; a. Prisustvo uniformisane policije nije zabele\u017eeno.&rdquo;<a name=\"_ftnref90\"><\/a><a href=\"#_ftn90\"><sup>[<span style=\"font-family: 'times new roman', times;\"><strong>90<\/strong><\/span>]<\/sup><\/a><\/p>\n<p class=\"MsoNormal\" style=\"line-height: 170%;\">08. 09. 2019. Portal Analitika donosi naslov: &ldquo;Demonstranti vrata RTS &#8211; a ofarbali u pink<a name=\"_ftnref91\"><\/a><a href=\"#_ftn91\"><sup>[<span style=\"font-family: 'times new roman', times;\"><strong>91<\/strong><\/span>]<\/sup><\/a>. Jedan od organizatora protesta &lsquo;Jedan od pet miliona&rsquo; Sr\u0111an Markovi\u0107 pozvao je na bojkot izbora, uz ocjenu da svi koji iza\u0111u na izbore bi\u0107e jo\u0161 jedna frakcija Srpske napredne stranke. Protest zavr\u0161en ispred zgrade RTS &#8211; a gde su u\u010desnici ru\u017ei\u010dastom bojom farbali vrata.&rdquo;<\/p>\n<p class=\"MsoNormal\" style=\"line-height: 170%;\">12. 10. 2019. &bdquo;U\u010desnici protesta &lsquo;Jedan od pet miliona&rsquo; ponovo su simboli\u010dno ofarbali vrata zgrade RTS u &ldquo;pink&rdquo; boju, a u toj akciji pridru\u017eili su im se predstavnici Saveza za Srbiju Dragan \u0110ilas, Marko Basta\u0107 i Neboj\u0161a Zelenovi\u0107. Jedan od organizatora protesta koji je bio saslu\u0161avan u policiji zbog farbanja vrata RTS &#8211; a Sr\u0111an Markovi\u0107 poru\u010dio je generalnom direktoru javnog servisa Draganu Bujo\u0161evi\u0107u da je u slu\u017ebi SNS i Aleksandra Vu\u010di\u0107a, jer je podneo krivi\u010dne prijave protiv studenata&ldquo;.<a name=\"_ftnref92\"><\/a><a href=\"#_ftn92\"><sup>[<span style=\"font-family: 'times new roman', times;\"><strong>92<\/strong><\/span>]<\/sup><\/a><\/p>\n<p class=\"MsoNormal\" style=\"line-height: 170%;\">5. 11. 2019. Demonstranti \u010dekali Vu\u010di\u0107a ispred RTS ali do susreta nije do\u0161lo. Gra\u0111ani su se okupili na poziv Udru\u017eenja &bdquo;Jedan od pet miliona&ldquo; i &bdquo;Saveza za Srbiju&ldquo;, i njihove najave da \u0107e predsjedniku Srbije Aleksandru Vu\u010di\u0107u koji gostuje u emisiji &ldquo;Upitnik&rdquo; na RTS &#8211; u, postaviti neka pitanja.<a name=\"_ftnref93\"><\/a><a href=\"#_ftn93\"><sup>[<span style=\"font-family: 'times new roman', times;\"><strong>93<\/strong><\/span>]<\/sup><\/a><\/p>\n<p class=\"MsoNormal\" style=\"line-height: 170%;\">13. 12. 2019. Pristalice Saveza za Srbiju okupili su se u podne ispred ulaza u zgradu Radio &#8211; televizije Srbije, i do 20 sati blokirali sva tri ulaza u zgradu Javnog servisa. Najavu blokade osudili su rukovodstvo RTS &#8211; a i novinarska udru\u017eenja. U 20h su se lideri i pristalice SzS razi\u0161li \u010dime je zavr\u0161ena blokada RTS &#8211; a, koja je trajala, kako je i najavljeno, od 12 do 20 sati.<a name=\"_ftnref94\"><\/a><a href=\"#_ftn94\"><sup>[<span style=\"font-family: 'times new roman', times;\"><strong>94<\/strong><\/span>]<\/sup><\/a><\/p>\n<p class=\"MsoNormal\" style=\"line-height: 170%;\">04. 01. 2020. &bdquo;Protest &lsquo;Jedan od pet miliona&rsquo;, buka ispred RTS-a&ldquo;<a name=\"_ftnref95\"><\/a><a href=\"#_ftn95\"><sup>[<span style=\"font-family: 'times new roman', times;\"><strong>95<\/strong><\/span>]<\/sup><\/a>. U Beogradu je odr\u017ean 57. prosvjed pod nazivom &ldquo;Jedan od pet miliona&rdquo;. Okupljenima se prije \u0161etnje obratio jedan od organizatora Sr\u0111an Markovi\u0107 ocijeniv\u0161i da su jedine promjene u zemlji do\u0161le od gra\u0111ana koji prosvjeduju i da \u0107e, kako je rekao, strpljivi prosvjedi dovesti do promjena vlasti. Potom je pozvao okupljene da krenu ka zgradi RTS-a.<\/p>\n<p class=\"MsoNormal\" style=\"line-height: 170%;\">&bdquo;Hajde da se zaputimo ka jednoj instituciji koja isto je po\u010dela da otvara svoja vrata ili samo la\u017eno da ih otvara. &lsquo;Ajmo svi ka RTS-u da im ka\u017eemo zajedno ne\u0161to, \u0161ta o\u010dekujemo od njih i \u0161ta je njihov posao&ldquo;, rekao je Markovi\u0107.<a name=\"_ftnref96\"><\/a><a href=\"#_ftn96\"><sup>[<span style=\"font-family: 'times new roman', times;\"><strong>96<\/strong><\/span>]<\/sup><\/a><\/p>\n<p class=\"MsoNormal\" style=\"line-height: 170%;\">Do zgrade RTS-a okupljeni su stigli preko Makedonske i Svetogorske ulice. Poslije kra\u0107eg zadr\u017eavanja u Takovskoj, okupljeni su se preselili na parking ispred ulaza u Aberdarevoj ulici, gdje su ostali do kraja Dnevnika.<\/p>\n<p class=\"MsoNormal\" style=\"line-height: 170%;\">22. 01. 2020. &bdquo;Zahtev za promenu ure\u0111iva\u010dke politike Radio \u2013televizije Srbije (RTS), koji je potpisalo vi\u0161e od 140 pripadnika akademske zajednice, predat je danas toj medijskoj ku\u0107i,&ldquo; saop\u0107io je novinarima znanstveni savjetnik Instituta za fiziku Slobodan Prvanovi\u0107.<a name=\"_ftnref97\"><\/a><a href=\"#_ftn97\"><sup>[<span style=\"font-family: 'times new roman', times;\"><strong>97<\/strong><\/span>]<\/sup><\/a><\/p>\n<p class=\"MsoNormal\" style=\"line-height: 170%;\">&nbsp;<\/p>\n<p class=\"MsoNormal\" style=\"line-height: 170%;\"><strong>Zaklju\u010dak<\/strong><\/p>\n<p class=\"MsoNormal\" style=\"line-height: 170%;\">Na djelu je nekoliko povezanih kriza u domeni medija i novinarske profesije: kriza istinitosti informacije i relevantnosti samog izvora, brzine kojom ona sti\u017ee do publike, kriza klasi\u010dnih medija u odnosu na nove platforme i dostupnost sadr\u017eaja, senzacionalizam i proizvodnja simboli\u010dkih vrijednosti itd. Novinari prestaju biti istra\u017eiva\u010di pojava u dru\u0161tvu, ve\u0107 postaju marketin\u0161ki eksperti koji odgovaraju na zahtjeve postavljene na tr\u017ei\u0161tu kapitala, a mediji postaju proizvo\u0111a\u010di samih doga\u0111aja. <\/p>\n<p class=\"MsoNormal\" style=\"line-height: 170%;\">U takvom okru\u017eenju javni medijski servisi moraju opravdati svoju ulogu u dru\u0161tvu kroz brojne obaveze koje zakonski imaju, ali isto tako i kroz konstantnu edukaciju i ohrabrivanje svojih novinara i medijskih radnika kako bi lica i glasovi kojima oni govore bili glasovi istine i obrane javnog interesa.<\/p>\n<p class=\"MsoNormal\" style=\"line-height: 150%;\">&nbsp;<\/p>\n<hr align=\"left\" size=\"1\" width=\"33%\" \/>\n<div id=\"ftn73\">\n<p class=\"MsoNormal\" style=\"line-height: 150%;\"><span style=\"font-size: 8.0pt;\"><a name=\"_ftn73\"><\/a><a href=\"#_ftnref73\"><sup>[<span style=\"font-family: 'times new roman', \ntimes;\"><strong>73<\/strong><\/span>]<\/sup><\/a>&nbsp;<br \/>\nTijana, Mandi\u0107; <em>Komunikologija: psihologija komunikacije<\/em>; Clio, Beograd 2003., str. 9.<br \/>\n<\/span><\/p>\n<\/div>\n<div id=\"ftn74\">\n<p class=\"MsoNormal\" style=\"line-height: 150%;\"><span style=\"font-size: 8.0pt;\"><a name=\"_ftn74\"><\/a><a href=\"#_ftnref74\"><sup>[<span style=\"font-family: 'times new roman', \ntimes;\"><strong>74<\/strong><\/span>]<\/sup><\/a>&nbsp;<br \/>\nVladimir, Ivankovi\u0107, <em>Obuka i razvoj zaposlenih, Klju\u010dne kompetencije zaposlenih<\/em>, pristup, <a href=\"http:\/\/www.mngcentar.com\/site\/FileContent\/PageProizvod\/Sertifikacija\/SertifikacijeZaMngCert\/SertTrenMen524\/Fajlovi\/03.pdf\">http:\/\/www.mngcentar.com\/site\/FileContent\/PageProizvod\/Sertifikacija\/SertifikacijeZaMngCert\/SertTrenMen524\/Fajlovi\/03.pdf<\/a>, pristup 10. 12. 2019.<\/p>\n<p><\/span><\/p>\n<\/div>\n<div id=\"ftn75\">\n<p class=\"MsoNormal\" style=\"line-height: 150%;\"><span style=\"font-size: 8.0pt;\"><a name=\"_ftn75\"><\/a><a href=\"#_ftnref75\"><sup>[<span style=\"font-family: 'times new roman', \ntimes;\"><strong>75<\/strong><\/span>]<\/sup><\/a>&nbsp;<br \/>\nEuropean Comission, ,An Official Website of the European Union, <a href=\"http:\/\/www.ec.europa.eu\">http:\/\/www.ec.europa.eu<\/a>; Europian Commision, pristup, 10. 01 .2020.<\/p>\n<p><\/span><\/p>\n<\/div>\n<div id=\"ftn76\">\n<p class=\"MsoNormal\" style=\"line-height: 150%;\"><span style=\"font-size: 8.0pt;\"><a name=\"_ftn76\"><\/a><a href=\"#_ftnref76\"><sup>[<span style=\"font-family: 'times new roman', \ntimes;\"><strong>76<\/strong><\/span>]<\/sup><\/a>&nbsp;<br \/>\nNoel, Carroll; <em>A Philosophy of Mass Art<\/em>; Clarendon Press, Oxford, 1998., str. 145.<br \/>\n<\/span><\/p>\n<\/div>\n<div id=\"ftn77\">\n<p class=\"MsoNormal\" style=\"line-height: 150%;\"><span style=\"font-size: 8.0pt;\"><a name=\"_ftn77\"><\/a><a href=\"#_ftnref77\"><sup>[<span style=\"font-family: 'times new roman', \ntimes;\"><strong>77<\/strong><\/span>]<\/sup><\/a>&nbsp;<br \/>\nTijana Mandi\u0107, <em>Komunikologija: psihologija komunikacije<\/em>, Clio, Beograd 2003., str. 7.<\/p>\n<p><\/span><\/p>\n<\/div>\n<div id=\"ftn78\">\n<p class=\"MsoNormal\" style=\"line-height: 150%;\"><span style=\"font-size: 8.0pt;\"><a name=\"_ftn78\"><\/a><a href=\"#_ftnref78\"><sup>[<span style=\"font-family: 'times new roman', \ntimes;\"><strong>78<\/strong><\/span>]<\/sup><\/a>&nbsp;<br \/>\nTablica 1 \u2013 podaci Slu\u017ebe za edukaciju, razvoj i stru\u010dno usavr\u0161avanje zaposlenih JMU RTS.<br \/>\n<\/span><\/p>\n<\/div>\n<div id=\"ftn79\">\n<p class=\"MsoNormal\" style=\"line-height: 150%;\"><span style=\"font-size: 8.0pt;\"><a name=\"_ftn79\"><\/a><a href=\"#_ftnref79\"><sup>[<span style=\"font-family: 'times new roman', \ntimes;\"><strong>79<\/strong><\/span>]<\/sup><\/a>&nbsp;<br \/>\nTijana Mandi\u0107; <em>Komunikologija: psihologija komunikacije<\/em>, str. 9.<br \/>\n<\/span><\/p>\n<\/div>\n<div id=\"ftn80\">\n<p class=\"MsoNormal\" style=\"line-height: 150%;\"><span style=\"font-size: 8.0pt;\"><a name=\"_ftn80\"><\/a><a href=\"#_ftnref80\"><sup>[<span style=\"font-family: 'times new roman', \ntimes;\"><strong>80<\/strong><\/span>]<\/sup><\/a>&nbsp;<br \/>\n\u017dan \u017dak, Ruso, <em>Dru\u0161tveni ugovor -O poreklu i osnovima nejednakosti me\u0111u ljudima<\/em>; Prosveta, Beograd 1948., str. 98.<br \/>\n<\/span><\/p>\n<\/div>\n<div id=\"ftn81\">\n<p class=\"MsoNormal\" style=\"line-height: 150%;\"><span style=\"font-size: 8.0pt;\"><a name=\"_ftn81\"><\/a><a href=\"#_ftnref81\"><sup>[<span style=\"font-family: 'times new roman', \ntimes;\"><strong>81<\/strong><\/span>]<\/sup><\/a>&nbsp;<br \/>\nKodeks novinara Srbije, <a href=\"http:\/\/www.savetzastampu.rs\/doc\/Kodeks_novinara_Srbije.pdf\">http:\/\/www.savetzastampu.rs\/doc\/Kodeks_novinara_Srbije.pdf<\/a>, pristup 3. 01. 2020.<br \/>\n<\/span><\/p>\n<\/div>\n<div id=\"ftn82\">\n<p class=\"MsoNormal\" style=\"line-height: 150%;\"><span style=\"font-size: 8.0pt;\"><a name=\"_ftn82\"><\/a><a href=\"#_ftnref82\"><sup>[<span style=\"font-family: 'times new roman', \ntimes;\"><strong>82<\/strong><\/span>]<\/sup><\/a>&nbsp;<br \/>\nJurij Lotman, i Jurij Cvijan, <em>Dijalog sa ekranom<\/em>, Filmski centar Srbije, Beograd, 2014. str. 47.<br \/>\n<\/span><\/p>\n<\/div>\n<div id=\"ftn83\">\n<p class=\"MsoNormal\" style=\"line-height: 150%;\"><span style=\"font-size: 8.0pt;\"><a name=\"_ftn83\"><\/a><a href=\"#_ftnref83\"><sup>[<span style=\"font-family: 'times new roman', \ntimes;\"><strong>83<\/strong><\/span>]<\/sup><\/a>&nbsp;<br \/>\nJurij Lotman, i Jurij Cvijan, <em>Dijalog sa ekranom<\/em>., str. 50.<br \/>\n<\/span><\/p>\n<\/div>\n<div id=\"ftn84\">\n<p class=\"MsoNormal\" style=\"line-height: 150%;\"><span style=\"font-size: 8.0pt;\"><a name=\"_ftn84\"><\/a><a href=\"#_ftnref84\"><sup>[<span style=\"font-family: 'times new roman', \ntimes;\"><strong>84<\/strong><\/span>]<\/sup><\/a>&nbsp;<br \/>\nZlatko Pakovi\u0107, <em>Cenzura 2<\/em>, <a href=\"https:\/\/www.danas.rs\/kolumna\/zlatko-pakovic\/cenzura-2\/\">https:\/\/www.danas.rs\/kolumna\/zlatko-pakovic\/cenzura-2\/<\/a>, pristup 12. 12. 2019.<br \/>\n<\/span><\/p>\n<\/div>\n<div id=\"ftn85\">\n<p class=\"MsoNormal\" style=\"line-height: 150%;\"><span style=\"font-size: 8.0pt;\"><a name=\"_ftn85\"><\/a><a href=\"#_ftnref85\"><sup>[<span style=\"font-family: 'times new roman', \ntimes;\"><strong>85<\/strong><\/span>]<\/sup><\/a>&nbsp;<br \/>\nZakon o Javnim medijskim servisima, <a href=\"https:\/\/www.paragraf.rs\/propisi\/zakon_o_javnim_medijskim_servisima.html\">https:\/\/www.paragraf.rs\/propisi\/zakon_o_javnim_medijskim_servisima.html<\/a>.<br \/>\n<\/span><\/p>\n<\/div>\n<div id=\"ftn86\">\n<p class=\"MsoNormal\" style=\"line-height: 150%;\"><span style=\"font-size: 8.0pt;\"><a name=\"_ftn86\"><\/a><a href=\"#_ftnref86\"><sup>[<span style=\"font-family: 'times new roman', \ntimes;\"><strong>86<\/strong><\/span>]<\/sup><\/a>&nbsp;<br \/>\nAidan White, <em>Fear in the News: The Difference Between Self-censorship and Ethical Journalism<\/em>, <a href=\"https:\/\/ethicaljournalismnetwork.org\/fear-in-the-news-the-difference-between-self-censorship-and-ethical-journalism\">https:\/\/ethicaljournalismnetwork.org\/fear-in-the-news-the-difference-between-self-censorship-and-ethical-journalism<\/a>, pristup, 23. 01\u00a0 2020.<br \/>\n<\/span><\/p>\n<\/div>\n<div id=\"ftn87\">\n<p class=\"MsoNormal\" style=\"line-height: 150%;\"><span style=\"font-size: 8.0pt;\"><a name=\"_ftn87\"><\/a><a href=\"#_ftnref87\"><sup>[<span style=\"font-family: 'times new roman', \ntimes;\"><strong>87<\/strong><\/span>]<\/sup><\/a>&nbsp;<br \/>\n<em>Jajima na zgradu RTS-a<\/em>,; <a href=\"https:\/\/www.google.com\/search?q=Jajima+na+zgradu+RTS-a%2C+09.+03.2019.&amp;oq\">https:\/\/www.google.com\/search?q=Jajima+na+zgradu+RTS-a%2C+09.+03.2019.&amp;oq<\/a>=, pristup, 12. 10. 2019.<br \/>\n<\/span><\/p>\n<\/div>\n<div id=\"ftn88\">\n<p class=\"MsoNormal\" style=\"line-height: 150%;\"><span style=\"font-size: 8.0pt;\"><a name=\"_ftn88\"><\/a><a href=\"#_ftnref88\"><sup>[<span style=\"font-family: 'times new roman', \ntimes;\"><strong>88<\/strong><\/span>]<\/sup><\/a>&nbsp;<br \/>\nInsajder.net; <a href=\"https:\/\/insajder.net\/sr\/sajt\/vazno\/13778\/\">https:\/\/insajder.net\/sr\/sajt\/vazno\/13778\/<\/a>, pristup, 12. 10. 2019.<br \/>\n<\/span><\/p>\n<\/div>\n<div id=\"ftn89\">\n<p class=\"MsoNormal\" style=\"line-height: 150%;\"><span style=\"font-size: 8.0pt;\"><a name=\"_ftn89\"><\/a><a href=\"#_ftnref89\"><sup>[<span style=\"font-family: 'times new roman', \ntimes;\"><strong>89<\/strong><\/span>]<\/sup><\/a>&nbsp;<br \/>\nRTS; TANJUG; FONET, <em>Reagovanja na upad u zgradu RTS<\/em>; <a href=\"http:\/\/www.rts.rs\/page\/stories\/ci\/story\/1\/politika\/3456165\/reagovanja-na-upad-u-zgradu-rts-a.html\">http:\/\/www.rts.rs\/page\/stories\/ci\/story\/1\/politika\/3456165\/reagovanja-na-upad-u-zgradu-rts-a.html<\/a>, pristup 12. 10 .2019.<\/p>\n<p><\/span><\/p>\n<\/div>\n<div id=\"ftn90\">\n<p class=\"MsoNormal\" style=\"line-height: 150%;\"><span style=\"font-size: 8.0pt;\"><a name=\"_ftn90\"><\/a><a href=\"#_ftnref90\"><sup>[<span style=\"font-family: 'times new roman', \ntimes;\"><strong>90<\/strong><\/span>]<\/sup><\/a>&nbsp;<br \/>\nRadio Slobodna Evropa, Protest u Beogradu, ispred RTS-a &lsquo;Dnevnik slobodne Srbije&rsquo;, <a href=\"https:\/\/www.slobodnaevropa.org\/a\/29838217.html\">https:\/\/www.slobodnaevropa.org\/a\/29838217.html<\/a>, pristup 12. 10. 2019.<br \/>\n<\/span><\/p>\n<\/div>\n<div id=\"ftn91\">\n<p class=\"MsoNormal\" style=\"line-height: 150%;\"><span style=\"font-size: 8.0pt;\"><a name=\"_ftn91\"><\/a><a href=\"#_ftnref91\"><sup>[<span style=\"font-family: 'times new roman', \ntimes;\"><strong>91<\/strong><\/span>]<\/sup><\/a>&nbsp;<br \/>\nPortal Analitika, <em>Demonstranti vrata RTS \u2013 a ofarbali u pink<\/em>, <a href=\"https:\/\/portalanalitika.me\/clanak\/344850\/demonstranti-vrata-rts-a-ofarbali-u-pink\">https:\/\/portalanalitika.me\/clanak\/344850\/demonstranti-vrata-rts-a-ofarbali-u-pink<\/a>, pristup 13. 12. 2019.<br \/>\n<\/span><\/p>\n<\/div>\n<div id=\"ftn92\">\n<p class=\"MsoNormal\" style=\"line-height: 150%;\"><span style=\"font-size: 8.0pt;\"><a name=\"_ftn92\"><\/a><a href=\"#_ftnref92\"><sup>[<span style=\"font-family: 'times new roman', \ntimes;\"><strong>92<\/strong><\/span>]<\/sup><\/a>&nbsp;<br \/>\nMladen Savatovi\u0107, Protest &ldquo;1 od 5 miliona&ldquo;: Vrata RTS u pink boju farbali i lideri opozicije, <a href=\"http:\/\/rs.n1info.com\/Vesti\/a534102\/Protest-1-od-5-miliona-Pink-boja-za-RTS.html\">http:\/\/rs.n1info.com\/Vesti\/a534102\/Protest-1-od-5-miliona-Pink-boja-za-RTS.html<\/a>, pristup 13. 12. 2019.<\/p>\n<p><\/span><\/p>\n<\/div>\n<div id=\"ftn93\">\n<p class=\"MsoNormal\" style=\"line-height: 150%;\"><span style=\"font-size: 8.0pt;\"><a name=\"_ftn93\"><\/a><a href=\"#_ftnref93\"><sup>[<span style=\"font-family: 'times new roman', \ntimes;\"><strong>93<\/strong><\/span>]<\/sup><\/a>&nbsp;<br \/>\nPolitika.rs, <em>Razi\u0161le se pristalice opozicije koje su ispred RTS \u010dekale Vu\u010d\u0107a,<\/em> <a href=\"http:\/\/www.politika.rs\/scc\/clanak\/441306\/Razisle-se-pristalice-opozicije-koje-su-ispred-RTS-a-cekali-Vucica\">http:\/\/www.politika.rs\/scc\/clanak\/441306\/Razisle-se-pristalice-opozicije-koje-su-ispred-RTS-a-cekali-Vucica<\/a>, pristup 13. 12. 2019.<br \/>\n<\/span><\/p>\n<\/div>\n<div id=\"ftn94\">\n<p class=\"MsoNormal\" style=\"line-height: 150%;\"><span style=\"font-size: 8.0pt;\"><a name=\"_ftn94\"><\/a><a href=\"#_ftnref94\"><sup>[<span style=\"font-family: 'times new roman', \ntimes;\"><strong>94<\/strong><\/span>]<\/sup><\/a>&nbsp;<br \/>\nRTS, Pristalice Saveza za Srbiju osam sati blokirale ulaze u RTS, <a href=\"http:\/\/www.rts.rs\/page\/stories\/sr\/story\/9\/politika\/3772967\/deo-opozicije-blokira-ulaze-u-rts.html\">http:\/\/www.rts.rs\/page\/stories\/sr\/story\/9\/politika\/3772967\/deo-opozicije-blokira-ulaze-u-rts.html<\/a>, pristup 13. 12. 2019.<\/p>\n<p><\/span><\/p>\n<\/div>\n<div id=\"ftn95\">\n<p class=\"MsoNormal\" style=\"line-height: 150%;\"><span style=\"font-size: 8.0pt;\"><a name=\"_ftn95\"><\/a><a href=\"#_ftnref95\"><sup>[<span style=\"font-family: 'times new roman', \ntimes;\"><strong>95<\/strong><\/span>]<\/sup><\/a>&nbsp;<br \/>\nTelegraf.rs, <em>Protest &bdquo;1 od 5 miliona&ldquo;, buka ispred RTS<\/em> \u2013a, <a href=\"https:\/\/www.telegraf.rs\/vesti\/politika\/3139219-protest-1-od-5-miliona-buka-ispred-rts-a\">https:\/\/www.telegraf.rs\/vesti\/politika\/3139219-protest-1-od-5-miliona-buka-ispred-rts-a<\/a>, pristup 15. 01. 2020.<\/p>\n<p><\/span><\/p>\n<\/div>\n<div id=\"ftn96\">\n<p class=\"MsoNormal\" style=\"line-height: 150%;\"><span style=\"font-size: 8.0pt;\"><a name=\"_ftn96\"><\/a><a href=\"#_ftnref96\"><sup>[<span style=\"font-family: 'times new roman', \ntimes;\"><strong>96<\/strong><\/span>]<\/sup><\/a>&nbsp;<br \/>\nTelegraf.rs, <em>Protest &bdquo;1 od 5 miliona&ldquo;, buka ispred RTS.<\/em><\/p>\n<p><\/span><\/p>\n<\/div>\n<div id=\"ftn97\">\n<p class=\"MsoNormal\" style=\"line-height: 150%;\"><span style=\"font-size: 8.0pt;\"><a name=\"_ftn97\"><\/a><a href=\"#_ftnref97\"><sup>[<span style=\"font-family: 'times new roman', \ntimes;\"><strong>97<\/strong><\/span>]<\/sup><\/a>&nbsp;<br \/>\nDanas.rs, 01.02.2020.<\/p>\n<p><\/span><\/p>\n<\/div>\n<p class=\"MsoNormal\" style=\"line-height: 150%;\">&nbsp;<\/p>\n<p class=\"MsoNormal\" style=\"line-height: 170%;\"><strong>Literatura:<\/strong><\/p>\n<p class=\"MsoNormal\" style=\"line-height: 170%;\">Carroll, Noel; <em>A Philosophy of Mass Art<\/em>;  Clarendon Press, Oxford 1998. <\/p>\n<p class=\"MsoNormal\" style=\"line-height: 170%;\">Lotman Jurij i Cvijan Jurij, <em>Dijalog sa ekranom<\/em>,  Filmski centar Srbije, Beograd 2014. <\/p>\n<p class=\"MsoNormal\" style=\"line-height: 170%;\">Mandi\u0107, Tijana; <em>Komunikologija: psihologija  komunikacije<\/em>, Clio, Beograd 2003. <\/p>\n<p class=\"MsoNormal\" style=\"line-height: 170%;\">Ruso, \u017dan \u017dak, <em>Dru\u0161tveni ugovor &#8211; O poreklu i  osnovima nejednakosti me\u0111u ljudima<\/em>; Prosveta, Beograd, 1948. <\/p>\n<p class=\"MsoNormal\" style=\"line-height: 170%;\"><strong>Ostali izvori<\/strong>:<\/p>\n<p class=\"MsoNormal\" style=\"line-height: 170%;\">European Comission, ,An Official Website of the  European Union, <a href=\"https:\/\/ec.europa.eu\/;\">https:\/\/ec.europa.eu\/;<\/a> Europian Commision, pristup 10. 01 .2020.<\/p>\n<p class=\"MsoNormal\" style=\"line-height: 170%;\">Insajder.net, <a href=\"https:\/\/insajder.net\/sr\/sajt\/vazno\/13778\/\">https:\/\/insajder.net\/sr\/sajt\/vazno\/13778\/<\/a>, pristup, 12.  10. 2019.<\/p>\n<p class=\"MsoNormal\" style=\"line-height: 170%;\">Ivankovi\u0107, Vladimir, <em>Obuka i razvoj zaposlenih,  Klju\u010dne kompetencije zaposlenih<\/em>, pristup, <a href=\"http:\/\/www.mngcentar.com\/site\/FileContent\/PageProizvod\/Sertifikacija\/SertifikacijeZaMngCert\/SertTrenMen524\/Fajlovi\/03.pdf\">http:\/\/www.mngcentar.com\/site\/FileContent\/PageProizvod\/Sertifikacija\/SertifikacijeZaMngCert\/SertTrenMen524\/Fajlovi\/03.pdf<\/a>, pristup 10.  12. 2019.<\/p>\n<p class=\"MsoNormal\" style=\"line-height: 170%;\">Kodeks novinara Srbije, <a href=\"http:\/\/www.savetzastampu.rs\/doc\/Kodeks_novinara_Srbije.pdf\">http:\/\/www.savetzastampu.rs\/doc\/Kodeks_novinara_Srbije.pdf<\/a>, pristup 3.  01. 20202.<\/p>\n<p class=\"MsoNormal\" style=\"line-height: 170%;\">Savatovi\u0107, Mladen, <em>Protest &ldquo;1 od 5 miliona&ldquo;:  Vrata RTS u pink boju farbali i lideri opozicije<\/em>, <a href=\"http:\/\/rs.n1info.com\/Vesti\/a534102\/Protest-1-od-5-miliona-Pink-boja-za-RTS.html\">http:\/\/rs.n1info.com\/Vesti\/a534102\/Protest-1-od-5-miliona-Pink-boja-za-RTS.html<\/a>.<\/p>\n<p class=\"MsoNormal\" style=\"line-height: 170%;\">Pakovi\u0107, Zlatko, <em>Cenzura 2<\/em>, <a href=\"https:\/\/www.danas.rs\/kolumna\/zlatko-pakovic\/cenzura-2\/\">https:\/\/www.danas.rs\/kolumna\/zlatko-pakovic\/cenzura-2\/<\/a>,  pristup 12.12.2019.\/ <\/p>\n<p class=\"MsoNormal\" style=\"line-height: 170%;\">Portal Analitika, <em>Demonstranti vrata RTS \u2013 a  ofarbali u pink<\/em>, <a href=\"https:\/\/portalanalitika.me\/clanak\/344850\/demonstranti-vrata-rts-a-ofarbali-u-pink\">https:\/\/portalanalitika.me\/clanak\/344850\/demonstranti-vrata-rts-a-ofarbali-u-pink<\/a>, pristup 13.  12. 2019. <\/p>\n<p class=\"MsoNormal\" style=\"line-height: 170%;\">Politika<em>, Razi\u0161le se pristalice opozicije koje  su ispred RTS \u010dekale Vu\u010d\u0107a,<\/em> <a href=\"http:\/\/www.politika.rs\/scc\/clanak\/441306\/Razisle-se-pristalice-opozicije-koje-su-ispred-RTS-a-cekali-Vucica\">http:\/\/www.politika.rs\/scc\/clanak\/441306\/Razisle-se-pristalice-opozicije-koje-su-ispred-RTS-a-cekali-Vucica<\/a>. <\/p>\n<p class=\"MsoNormal\" style=\"line-height: 170%;\">Radio Slobodna Evropa<em>, Protest u Beogradu,  ispred RTS-a<\/em> &lsquo;Dnevnik slobodne Srbije&rsquo;, <a href=\"https:\/\/www.slobodnaevropa.org\/a\/29838217.html\">https:\/\/www.slobodnaevropa.org\/a\/29838217.html<\/a>, pristup, 12.  10. 2019.<\/p>\n<p class=\"MsoNormal\" style=\"line-height: 170%;\">RTS, <em>Pristalice Saveza za Srbiju osam sati  blokirale ulaze u RTS, <\/em><a href=\"http:\/\/www.rts.rs\/page\/stories\/sr\/story\/9\/politika\/3772967\/deo-opozicije-blokira-ulaze-u-rts.html\">http:\/\/www.rts.rs\/page\/stories\/sr\/story\/9\/politika\/3772967\/deo-opozicije-blokira-ulaze-u-rts.html<\/a>.<\/p>\n<p class=\"MsoNormal\" style=\"line-height: 170%;\">RTS; TANJUG; FONET, <em>Reagovanja na upad u zgradu  RTS<\/em>; <a href=\"http:\/\/www.rts.rs\/page\/stories\/ci\/story\/1\/politika\/3456165\/reagovanja-na-upad-u-zgradu-rts-a.html\">http:\/\/www.rts.rs\/page\/stories\/ci\/story\/1\/politika\/3456165\/reagovanja-na-upad-u-zgradu-rts-a.html<\/a>, pristup 12.  10. 2019.<\/p>\n<p class=\"MsoNormal\" style=\"line-height: 170%;\">Telegraf, <em>Protest &bdquo;1 od 5 miliona&ldquo;, buka ispred  RTS<\/em>\u2013a, <a href=\"https:\/\/www.telegraf.rs\/vesti\/politika\/3139219-protest-1-od-5-miliona-buka-ispred-rts-a\">https:\/\/www.telegraf.rs\/vesti\/politika\/3139219-protest-1-od-5-miliona-buka-ispred-rts-a<\/a>. <\/p>\n<p class=\"MsoNormal\" style=\"line-height: 170%;\">White, Aidan, <em>Fear in the News: The Difference  Between Self-censorship and Ethical Journalism<\/em> <a href=\"https:\/\/ethicaljournalismnetwork.org\/fear-in-the-news-the-difference-between-self-censorship-and-ethical-journalism\">https:\/\/ethicaljournalismnetwork.org\/fear-in-the-news-the-difference-between-self-censorship-and-ethical-journalism<\/a>, pristup 23. 01\u00a0 2020.<\/p>\n<p class=\"MsoNormal\" style=\"line-height: 170%;\"><strong>Zakon o Javnim medijskim servisima:<\/strong><\/p>\n<p class=\"MsoNormal\" style=\"line-height: 170%;\"><a href=\"https:\/\/www.paragraf.rs\/propisi\/zakon_o_javnim_medijskim_servisima.html\">https:\/\/www.paragraf.rs\/propisi\/zakon_o_javnim_medijskim_servisima.html<\/a><\/p>\n<p class=\"MsoNormal\" style=\"line-height: 170%;\"><a href=\"https:\/\/ec.europa.eu\/education\/policies\/school\/key-competences-and-basic-skills_en\">https:\/\/ec.europa.eu\/education\/policies\/school\/key-competences-and-basic-skills_en<\/a><\/p>\n<p class=\"MsoNormal\" style=\"line-height: 170%;\"><a href=\"http:\/\/www.rts.rs\/page\/stories\/sr\/story\/9\/politika\/3447349\/cetrnaesti-protest-jedan-od-pet-miliona.html\">http:\/\/www.rts.rs\/page\/stories\/sr\/story\/9\/politika\/3447349\/cetrnaesti-protest-jedan-od-pet-miliona.html<\/a><\/p>\n<p class=\"MsoNormal\" style=\"line-height: 150%;\">&nbsp;<\/p>\n<p style=\"text-align: center;\" align=\"center\"><strong> <span style=\"font-size: 13.0pt; line-height: 150%;\">Knowledge against Self-censorship, 60 exciting Years<br \/>\n<\/span><\/strong><\/p>\n<p class=\"MsoNormal\" style=\"line-height: 150%;\">&nbsp;<\/p>\n<p style=\"margin: 0cm 48.6pt 0.0001pt 54pt; line-height: 170%;\"><em><strong>Abstract<\/strong><\/em><\/p>\n<p class=\"MsoBodyText\" style=\"margin-top: 0cm; margin-right: 48.6pt; margin-bottom: .0001pt; margin-left: 54.0pt; line-height: 150%;\"><span style=\"font-size: 12.0pt; line-height: 150%; font-family: 'Times New Roman';\" lang=\"SR\">&nbsp;<\/span><\/p>\n<p class=\"MsoBodyText\" style=\"margin-top: 0cm; margin-right: 48.6pt; margin-bottom: .0001pt; margin-left: 54.0pt; line-height: 170%;\"><em>Lifelong education at JMU RTS is necessery becouse of the constant education of jurnalists and all other personnel of JMU RTS in order to create professionals of intergrity whose work is based on the public interest in accordance with the Media Laws and Code of Ethics, the establishment verification against false news and self-censorship and editorial censorship.<\/em><\/p>\n<p class=\"MsoBodyText\" style=\"margin-top: 0cm; margin-right: 48.6pt; margin-bottom: .0001pt; margin-left: 54.0pt; line-height: 170%;\">&nbsp;<\/p>\n<p style=\"margin: 0cm 48.6pt 0.0001pt 54pt; line-height: 170%;\"><strong><em>Key words:<\/em><\/strong> <em>education, television, radio, public interest, communication, censorship.<\/em><\/p>\n<p class=\"MsoNormal\" style=\"line-height: 150%;\"><span lang=\"SR\">&nbsp;<\/span><\/p>\n","protected":false},"excerpt":{"rendered":"<p>&nbsp; &nbsp; &nbsp;9(17)#15 2020 \u010casopis je otvorenog pristupa, a ovo djelo je dano na kori\u0161tenje pod licencom Creative Commons Imenovanje-Nekomercijalno 4.0 me\u0111unarodna. DOI 10.46640\/imr.9.17.5 UDK 001.101:070.13 Pregledni \u010dlanak Review article Primljeno: 14.02.2020. &nbsp; &nbsp; Ana \u0110urkovi\u0107 i Aleksandra Brakus JMU RTS,Visoka \u0161kola modernog biznisa, Beograd, Srbija djurkovicana@yahoo.com JMU RTS,Visoka \u0161kola modernog biznisa, Beograd, Srbija brakus011@gmail.com [&hellip;]<\/p>\n","protected":false},"author":2,"featured_media":356,"comment_status":"open","ping_status":"open","sticky":false,"template":"","format":"standard","meta":{"_acf_changed":false,"_et_pb_use_builder":"","_et_pb_old_content":"","_et_gb_content_width":"","footnotes":""},"categories":[83],"tags":[],"class_list":["post-361","post","type-post","status-publish","format-standard","has-post-thumbnail","hentry","category-in-medias-res-broj-17-vlasiti-url","et-has-post-format-content","et_post_format-et-post-format-standard"],"acf":[],"yoast_head":"<!-- This site is optimized with the Yoast SEO plugin v27.4 - https:\/\/yoast.com\/product\/yoast-seo-wordpress\/ -->\n<title>Ana \u0110urkovi\u0107 i Aleksandra Brakus: Znanjem protiv autocenzure, 60 uzbudljivih godina - In Medias Res - \u010casopis centra za filozofiju medija<\/title>\n<meta name=\"robots\" content=\"index, follow, max-snippet:-1, max-image-preview:large, max-video-preview:-1\" \/>\n<link rel=\"canonical\" href=\"https:\/\/centar-fm.org\/inmediasres\/index.php\/ana-durkovic-i-aleksandra-brakus-znanjem-protiv-autocenzure-60-uzbudljivih-godina\/\" \/>\n<meta property=\"og:locale\" content=\"en_US\" \/>\n<meta property=\"og:type\" content=\"article\" \/>\n<meta property=\"og:title\" content=\"Ana \u0110urkovi\u0107 i Aleksandra Brakus: Znanjem protiv autocenzure, 60 uzbudljivih godina - In Medias Res - \u010casopis centra za filozofiju medija\" \/>\n<meta property=\"og:description\" content=\"&nbsp; &nbsp; &nbsp;9(17)#15 2020 \u010casopis je otvorenog pristupa, a ovo djelo je dano na kori\u0161tenje pod licencom Creative Commons Imenovanje-Nekomercijalno 4.0 me\u0111unarodna. DOI 10.46640\/imr.9.17.5 UDK 001.101:070.13 Pregledni \u010dlanak Review article Primljeno: 14.02.2020. &nbsp; &nbsp; Ana \u0110urkovi\u0107 i Aleksandra Brakus JMU RTS,Visoka \u0161kola modernog biznisa, Beograd, Srbija djurkovicana@yahoo.com JMU RTS,Visoka \u0161kola modernog biznisa, Beograd, Srbija brakus011@gmail.com [&hellip;]\" \/>\n<meta property=\"og:url\" content=\"https:\/\/centar-fm.org\/inmediasres\/index.php\/ana-durkovic-i-aleksandra-brakus-znanjem-protiv-autocenzure-60-uzbudljivih-godina\/\" \/>\n<meta property=\"og:site_name\" content=\"In Medias Res - \u010casopis centra za filozofiju medija\" \/>\n<meta property=\"article:published_time\" content=\"2020-09-13T17:32:29+00:00\" \/>\n<meta property=\"og:image\" content=\"https:\/\/centar-fm.org\/inmediasres\/wp-content\/uploads\/sites\/2\/2020\/09\/inmediasresno1malo17.png\" \/>\n\t<meta property=\"og:image:width\" content=\"70\" \/>\n\t<meta property=\"og:image:height\" content=\"103\" \/>\n\t<meta property=\"og:image:type\" content=\"image\/png\" \/>\n<meta name=\"author\" content=\"Super User\" \/>\n<meta name=\"twitter:card\" content=\"summary_large_image\" \/>\n<meta name=\"twitter:label1\" content=\"Written by\" \/>\n\t<meta name=\"twitter:data1\" content=\"Super User\" \/>\n\t<meta name=\"twitter:label2\" content=\"Est. reading time\" \/>\n\t<meta name=\"twitter:data2\" content=\"23 minutes\" \/>\n<script type=\"application\/ld+json\" class=\"yoast-schema-graph\">{\"@context\":\"https:\\\/\\\/schema.org\",\"@graph\":[{\"@type\":\"Article\",\"@id\":\"https:\\\/\\\/centar-fm.org\\\/inmediasres\\\/index.php\\\/ana-durkovic-i-aleksandra-brakus-znanjem-protiv-autocenzure-60-uzbudljivih-godina\\\/#article\",\"isPartOf\":{\"@id\":\"https:\\\/\\\/centar-fm.org\\\/inmediasres\\\/index.php\\\/ana-durkovic-i-aleksandra-brakus-znanjem-protiv-autocenzure-60-uzbudljivih-godina\\\/\"},\"author\":{\"name\":\"Super User\",\"@id\":\"https:\\\/\\\/centar-fm.org\\\/inmediasres\\\/#\\\/schema\\\/person\\\/ae49dcc23965665608f66120db8245a4\"},\"headline\":\"Ana \u0110urkovi\u0107 i Aleksandra Brakus: Znanjem protiv autocenzure, 60 uzbudljivih godina\",\"datePublished\":\"2020-09-13T17:32:29+00:00\",\"mainEntityOfPage\":{\"@id\":\"https:\\\/\\\/centar-fm.org\\\/inmediasres\\\/index.php\\\/ana-durkovic-i-aleksandra-brakus-znanjem-protiv-autocenzure-60-uzbudljivih-godina\\\/\"},\"wordCount\":4525,\"commentCount\":0,\"image\":{\"@id\":\"https:\\\/\\\/centar-fm.org\\\/inmediasres\\\/index.php\\\/ana-durkovic-i-aleksandra-brakus-znanjem-protiv-autocenzure-60-uzbudljivih-godina\\\/#primaryimage\"},\"thumbnailUrl\":\"https:\\\/\\\/centar-fm.org\\\/inmediasres\\\/wp-content\\\/uploads\\\/sites\\\/2\\\/2020\\\/09\\\/inmediasresno1malo17.png\",\"articleSection\":[\"In Medias Res broj 17 vlasiti url\"],\"inLanguage\":\"en-US\",\"potentialAction\":[{\"@type\":\"CommentAction\",\"name\":\"Comment\",\"target\":[\"https:\\\/\\\/centar-fm.org\\\/inmediasres\\\/index.php\\\/ana-durkovic-i-aleksandra-brakus-znanjem-protiv-autocenzure-60-uzbudljivih-godina\\\/#respond\"]}]},{\"@type\":\"WebPage\",\"@id\":\"https:\\\/\\\/centar-fm.org\\\/inmediasres\\\/index.php\\\/ana-durkovic-i-aleksandra-brakus-znanjem-protiv-autocenzure-60-uzbudljivih-godina\\\/\",\"url\":\"https:\\\/\\\/centar-fm.org\\\/inmediasres\\\/index.php\\\/ana-durkovic-i-aleksandra-brakus-znanjem-protiv-autocenzure-60-uzbudljivih-godina\\\/\",\"name\":\"Ana \u0110urkovi\u0107 i Aleksandra Brakus: Znanjem protiv autocenzure, 60 uzbudljivih godina - In Medias Res - \u010casopis centra za filozofiju medija\",\"isPartOf\":{\"@id\":\"https:\\\/\\\/centar-fm.org\\\/inmediasres\\\/#website\"},\"primaryImageOfPage\":{\"@id\":\"https:\\\/\\\/centar-fm.org\\\/inmediasres\\\/index.php\\\/ana-durkovic-i-aleksandra-brakus-znanjem-protiv-autocenzure-60-uzbudljivih-godina\\\/#primaryimage\"},\"image\":{\"@id\":\"https:\\\/\\\/centar-fm.org\\\/inmediasres\\\/index.php\\\/ana-durkovic-i-aleksandra-brakus-znanjem-protiv-autocenzure-60-uzbudljivih-godina\\\/#primaryimage\"},\"thumbnailUrl\":\"https:\\\/\\\/centar-fm.org\\\/inmediasres\\\/wp-content\\\/uploads\\\/sites\\\/2\\\/2020\\\/09\\\/inmediasresno1malo17.png\",\"datePublished\":\"2020-09-13T17:32:29+00:00\",\"author\":{\"@id\":\"https:\\\/\\\/centar-fm.org\\\/inmediasres\\\/#\\\/schema\\\/person\\\/ae49dcc23965665608f66120db8245a4\"},\"breadcrumb\":{\"@id\":\"https:\\\/\\\/centar-fm.org\\\/inmediasres\\\/index.php\\\/ana-durkovic-i-aleksandra-brakus-znanjem-protiv-autocenzure-60-uzbudljivih-godina\\\/#breadcrumb\"},\"inLanguage\":\"en-US\",\"potentialAction\":[{\"@type\":\"ReadAction\",\"target\":[\"https:\\\/\\\/centar-fm.org\\\/inmediasres\\\/index.php\\\/ana-durkovic-i-aleksandra-brakus-znanjem-protiv-autocenzure-60-uzbudljivih-godina\\\/\"]}]},{\"@type\":\"ImageObject\",\"inLanguage\":\"en-US\",\"@id\":\"https:\\\/\\\/centar-fm.org\\\/inmediasres\\\/index.php\\\/ana-durkovic-i-aleksandra-brakus-znanjem-protiv-autocenzure-60-uzbudljivih-godina\\\/#primaryimage\",\"url\":\"https:\\\/\\\/centar-fm.org\\\/inmediasres\\\/wp-content\\\/uploads\\\/sites\\\/2\\\/2020\\\/09\\\/inmediasresno1malo17.png\",\"contentUrl\":\"https:\\\/\\\/centar-fm.org\\\/inmediasres\\\/wp-content\\\/uploads\\\/sites\\\/2\\\/2020\\\/09\\\/inmediasresno1malo17.png\",\"width\":70,\"height\":103,\"caption\":\"inmediasres\"},{\"@type\":\"BreadcrumbList\",\"@id\":\"https:\\\/\\\/centar-fm.org\\\/inmediasres\\\/index.php\\\/ana-durkovic-i-aleksandra-brakus-znanjem-protiv-autocenzure-60-uzbudljivih-godina\\\/#breadcrumb\",\"itemListElement\":[{\"@type\":\"ListItem\",\"position\":1,\"name\":\"Po\u010detna stranica\",\"item\":\"https:\\\/\\\/centar-fm.org\\\/inmediasres\\\/\"},{\"@type\":\"ListItem\",\"position\":2,\"name\":\"Ana \u0110urkovi\u0107 i Aleksandra Brakus: Znanjem protiv autocenzure, 60 uzbudljivih godina\"}]},{\"@type\":\"WebSite\",\"@id\":\"https:\\\/\\\/centar-fm.org\\\/inmediasres\\\/#website\",\"url\":\"https:\\\/\\\/centar-fm.org\\\/inmediasres\\\/\",\"name\":\"In Medias Res - \u010casopis centra za filozofiju medija\",\"description\":\"\",\"potentialAction\":[{\"@type\":\"SearchAction\",\"target\":{\"@type\":\"EntryPoint\",\"urlTemplate\":\"https:\\\/\\\/centar-fm.org\\\/inmediasres\\\/?s={search_term_string}\"},\"query-input\":{\"@type\":\"PropertyValueSpecification\",\"valueRequired\":true,\"valueName\":\"search_term_string\"}}],\"inLanguage\":\"en-US\"},{\"@type\":\"Person\",\"@id\":\"https:\\\/\\\/centar-fm.org\\\/inmediasres\\\/#\\\/schema\\\/person\\\/ae49dcc23965665608f66120db8245a4\",\"name\":\"Super User\",\"image\":{\"@type\":\"ImageObject\",\"inLanguage\":\"en-US\",\"@id\":\"https:\\\/\\\/secure.gravatar.com\\\/avatar\\\/5ac3fc5ccca7755fa3f558fed4a39be2232c6585e68bd398c790d57375dde921?s=96&d=mm&r=g\",\"url\":\"https:\\\/\\\/secure.gravatar.com\\\/avatar\\\/5ac3fc5ccca7755fa3f558fed4a39be2232c6585e68bd398c790d57375dde921?s=96&d=mm&r=g\",\"contentUrl\":\"https:\\\/\\\/secure.gravatar.com\\\/avatar\\\/5ac3fc5ccca7755fa3f558fed4a39be2232c6585e68bd398c790d57375dde921?s=96&d=mm&r=g\",\"caption\":\"Super User\"},\"url\":\"https:\\\/\\\/centar-fm.org\\\/inmediasres\\\/index.php\\\/author\\\/amynovcfmweb\\\/\"}]}<\/script>\n<!-- \/ Yoast SEO plugin. -->","yoast_head_json":{"title":"Ana \u0110urkovi\u0107 i Aleksandra Brakus: Znanjem protiv autocenzure, 60 uzbudljivih godina - In Medias Res - \u010casopis centra za filozofiju medija","robots":{"index":"index","follow":"follow","max-snippet":"max-snippet:-1","max-image-preview":"max-image-preview:large","max-video-preview":"max-video-preview:-1"},"canonical":"https:\/\/centar-fm.org\/inmediasres\/index.php\/ana-durkovic-i-aleksandra-brakus-znanjem-protiv-autocenzure-60-uzbudljivih-godina\/","og_locale":"en_US","og_type":"article","og_title":"Ana \u0110urkovi\u0107 i Aleksandra Brakus: Znanjem protiv autocenzure, 60 uzbudljivih godina - In Medias Res - \u010casopis centra za filozofiju medija","og_description":"&nbsp; &nbsp; &nbsp;9(17)#15 2020 \u010casopis je otvorenog pristupa, a ovo djelo je dano na kori\u0161tenje pod licencom Creative Commons Imenovanje-Nekomercijalno 4.0 me\u0111unarodna. DOI 10.46640\/imr.9.17.5 UDK 001.101:070.13 Pregledni \u010dlanak Review article Primljeno: 14.02.2020. &nbsp; &nbsp; Ana \u0110urkovi\u0107 i Aleksandra Brakus JMU RTS,Visoka \u0161kola modernog biznisa, Beograd, Srbija djurkovicana@yahoo.com JMU RTS,Visoka \u0161kola modernog biznisa, Beograd, Srbija brakus011@gmail.com [&hellip;]","og_url":"https:\/\/centar-fm.org\/inmediasres\/index.php\/ana-durkovic-i-aleksandra-brakus-znanjem-protiv-autocenzure-60-uzbudljivih-godina\/","og_site_name":"In Medias Res - \u010casopis centra za filozofiju medija","article_published_time":"2020-09-13T17:32:29+00:00","og_image":[{"width":70,"height":103,"url":"https:\/\/centar-fm.org\/inmediasres\/wp-content\/uploads\/sites\/2\/2020\/09\/inmediasresno1malo17.png","type":"image\/png"}],"author":"Super User","twitter_card":"summary_large_image","twitter_misc":{"Written by":"Super User","Est. reading time":"23 minutes"},"schema":{"@context":"https:\/\/schema.org","@graph":[{"@type":"Article","@id":"https:\/\/centar-fm.org\/inmediasres\/index.php\/ana-durkovic-i-aleksandra-brakus-znanjem-protiv-autocenzure-60-uzbudljivih-godina\/#article","isPartOf":{"@id":"https:\/\/centar-fm.org\/inmediasres\/index.php\/ana-durkovic-i-aleksandra-brakus-znanjem-protiv-autocenzure-60-uzbudljivih-godina\/"},"author":{"name":"Super User","@id":"https:\/\/centar-fm.org\/inmediasres\/#\/schema\/person\/ae49dcc23965665608f66120db8245a4"},"headline":"Ana \u0110urkovi\u0107 i Aleksandra Brakus: Znanjem protiv autocenzure, 60 uzbudljivih godina","datePublished":"2020-09-13T17:32:29+00:00","mainEntityOfPage":{"@id":"https:\/\/centar-fm.org\/inmediasres\/index.php\/ana-durkovic-i-aleksandra-brakus-znanjem-protiv-autocenzure-60-uzbudljivih-godina\/"},"wordCount":4525,"commentCount":0,"image":{"@id":"https:\/\/centar-fm.org\/inmediasres\/index.php\/ana-durkovic-i-aleksandra-brakus-znanjem-protiv-autocenzure-60-uzbudljivih-godina\/#primaryimage"},"thumbnailUrl":"https:\/\/centar-fm.org\/inmediasres\/wp-content\/uploads\/sites\/2\/2020\/09\/inmediasresno1malo17.png","articleSection":["In Medias Res broj 17 vlasiti url"],"inLanguage":"en-US","potentialAction":[{"@type":"CommentAction","name":"Comment","target":["https:\/\/centar-fm.org\/inmediasres\/index.php\/ana-durkovic-i-aleksandra-brakus-znanjem-protiv-autocenzure-60-uzbudljivih-godina\/#respond"]}]},{"@type":"WebPage","@id":"https:\/\/centar-fm.org\/inmediasres\/index.php\/ana-durkovic-i-aleksandra-brakus-znanjem-protiv-autocenzure-60-uzbudljivih-godina\/","url":"https:\/\/centar-fm.org\/inmediasres\/index.php\/ana-durkovic-i-aleksandra-brakus-znanjem-protiv-autocenzure-60-uzbudljivih-godina\/","name":"Ana \u0110urkovi\u0107 i Aleksandra Brakus: Znanjem protiv autocenzure, 60 uzbudljivih godina - In Medias Res - \u010casopis centra za filozofiju medija","isPartOf":{"@id":"https:\/\/centar-fm.org\/inmediasres\/#website"},"primaryImageOfPage":{"@id":"https:\/\/centar-fm.org\/inmediasres\/index.php\/ana-durkovic-i-aleksandra-brakus-znanjem-protiv-autocenzure-60-uzbudljivih-godina\/#primaryimage"},"image":{"@id":"https:\/\/centar-fm.org\/inmediasres\/index.php\/ana-durkovic-i-aleksandra-brakus-znanjem-protiv-autocenzure-60-uzbudljivih-godina\/#primaryimage"},"thumbnailUrl":"https:\/\/centar-fm.org\/inmediasres\/wp-content\/uploads\/sites\/2\/2020\/09\/inmediasresno1malo17.png","datePublished":"2020-09-13T17:32:29+00:00","author":{"@id":"https:\/\/centar-fm.org\/inmediasres\/#\/schema\/person\/ae49dcc23965665608f66120db8245a4"},"breadcrumb":{"@id":"https:\/\/centar-fm.org\/inmediasres\/index.php\/ana-durkovic-i-aleksandra-brakus-znanjem-protiv-autocenzure-60-uzbudljivih-godina\/#breadcrumb"},"inLanguage":"en-US","potentialAction":[{"@type":"ReadAction","target":["https:\/\/centar-fm.org\/inmediasres\/index.php\/ana-durkovic-i-aleksandra-brakus-znanjem-protiv-autocenzure-60-uzbudljivih-godina\/"]}]},{"@type":"ImageObject","inLanguage":"en-US","@id":"https:\/\/centar-fm.org\/inmediasres\/index.php\/ana-durkovic-i-aleksandra-brakus-znanjem-protiv-autocenzure-60-uzbudljivih-godina\/#primaryimage","url":"https:\/\/centar-fm.org\/inmediasres\/wp-content\/uploads\/sites\/2\/2020\/09\/inmediasresno1malo17.png","contentUrl":"https:\/\/centar-fm.org\/inmediasres\/wp-content\/uploads\/sites\/2\/2020\/09\/inmediasresno1malo17.png","width":70,"height":103,"caption":"inmediasres"},{"@type":"BreadcrumbList","@id":"https:\/\/centar-fm.org\/inmediasres\/index.php\/ana-durkovic-i-aleksandra-brakus-znanjem-protiv-autocenzure-60-uzbudljivih-godina\/#breadcrumb","itemListElement":[{"@type":"ListItem","position":1,"name":"Po\u010detna stranica","item":"https:\/\/centar-fm.org\/inmediasres\/"},{"@type":"ListItem","position":2,"name":"Ana \u0110urkovi\u0107 i Aleksandra Brakus: Znanjem protiv autocenzure, 60 uzbudljivih godina"}]},{"@type":"WebSite","@id":"https:\/\/centar-fm.org\/inmediasres\/#website","url":"https:\/\/centar-fm.org\/inmediasres\/","name":"In Medias Res - \u010casopis centra za filozofiju medija","description":"","potentialAction":[{"@type":"SearchAction","target":{"@type":"EntryPoint","urlTemplate":"https:\/\/centar-fm.org\/inmediasres\/?s={search_term_string}"},"query-input":{"@type":"PropertyValueSpecification","valueRequired":true,"valueName":"search_term_string"}}],"inLanguage":"en-US"},{"@type":"Person","@id":"https:\/\/centar-fm.org\/inmediasres\/#\/schema\/person\/ae49dcc23965665608f66120db8245a4","name":"Super User","image":{"@type":"ImageObject","inLanguage":"en-US","@id":"https:\/\/secure.gravatar.com\/avatar\/5ac3fc5ccca7755fa3f558fed4a39be2232c6585e68bd398c790d57375dde921?s=96&d=mm&r=g","url":"https:\/\/secure.gravatar.com\/avatar\/5ac3fc5ccca7755fa3f558fed4a39be2232c6585e68bd398c790d57375dde921?s=96&d=mm&r=g","contentUrl":"https:\/\/secure.gravatar.com\/avatar\/5ac3fc5ccca7755fa3f558fed4a39be2232c6585e68bd398c790d57375dde921?s=96&d=mm&r=g","caption":"Super User"},"url":"https:\/\/centar-fm.org\/inmediasres\/index.php\/author\/amynovcfmweb\/"}]}},"_links":{"self":[{"href":"https:\/\/centar-fm.org\/inmediasres\/index.php\/wp-json\/wp\/v2\/posts\/361","targetHints":{"allow":["GET"]}}],"collection":[{"href":"https:\/\/centar-fm.org\/inmediasres\/index.php\/wp-json\/wp\/v2\/posts"}],"about":[{"href":"https:\/\/centar-fm.org\/inmediasres\/index.php\/wp-json\/wp\/v2\/types\/post"}],"author":[{"embeddable":true,"href":"https:\/\/centar-fm.org\/inmediasres\/index.php\/wp-json\/wp\/v2\/users\/2"}],"replies":[{"embeddable":true,"href":"https:\/\/centar-fm.org\/inmediasres\/index.php\/wp-json\/wp\/v2\/comments?post=361"}],"version-history":[{"count":0,"href":"https:\/\/centar-fm.org\/inmediasres\/index.php\/wp-json\/wp\/v2\/posts\/361\/revisions"}],"wp:featuredmedia":[{"embeddable":true,"href":"https:\/\/centar-fm.org\/inmediasres\/index.php\/wp-json\/wp\/v2\/media\/356"}],"wp:attachment":[{"href":"https:\/\/centar-fm.org\/inmediasres\/index.php\/wp-json\/wp\/v2\/media?parent=361"}],"wp:term":[{"taxonomy":"category","embeddable":true,"href":"https:\/\/centar-fm.org\/inmediasres\/index.php\/wp-json\/wp\/v2\/categories?post=361"},{"taxonomy":"post_tag","embeddable":true,"href":"https:\/\/centar-fm.org\/inmediasres\/index.php\/wp-json\/wp\/v2\/tags?post=361"}],"curies":[{"name":"wp","href":"https:\/\/api.w.org\/{rel}","templated":true}]}}