{"id":369,"date":"2020-09-13T19:04:09","date_gmt":"2020-09-13T19:04:09","guid":{"rendered":"https:\/\/sweet-mcclintock.194-60-87-163.plesk.page\/inmediasres\/2020\/09\/13\/clanci-in-medias-res-br-17\/"},"modified":"2020-09-13T19:04:09","modified_gmt":"2020-09-13T19:04:09","slug":"clanci-in-medias-res-br-17","status":"publish","type":"post","link":"https:\/\/centar-fm.org\/inmediasres\/index.php\/clanci-in-medias-res-br-17\/","title":{"rendered":"\u010clanci IN MEDIAS RES br. 17"},"content":{"rendered":"<p class=\"MsoNormal\">IX Uz deveti simpozij Filozofija medija (2019)\n<\/p>\n<p class=\"MsoNormal\" style=\"line-height: 150%;\"><span lang=\"SR\">&nbsp;<\/span><\/p>\n<p><a name=\"1inmediasres17\"><\/a><\/p>\n<p class=\"MsoNormal\" style=\"line-height: 150%;\"><span lang=\"SR\">&nbsp;<\/span><\/p>\n<hr \/>\n<table style=\"width: 755px;\" border=\"0\">\n<tbody>\n<tr>\n<td style=\"width: 215px;\" valign=\"top\">\n<p class=\"MsoNormal\" style=\"line-height: 170%;\">\n <strong>&nbsp;9(17)#11 2020<\/strong> <\/p>\n<\/td>\n<td style=\"width: 315px;\" valign=\"top\">\n<p style=\"line-height: 170%; text-align: center;\">\n<a rel=\"license\" href=\"http:\/\/creativecommons.org\/licenses\/by-nc\/4.0\/\"><img decoding=\"async\" alt=\"Creative Commons licenca\" style=\"border-width:0\" src=\"https:\/\/i.creativecommons.org\/l\/by-nc\/4.0\/88x31.png\" \/><\/a><br \/>\u010casopis je otvorenog pristupa, a ovo djelo je dano na kori\u0161tenje pod licencom <a rel=\"license\" href=\"http:\/\/creativecommons.org\/licenses\/by-nc\/4.0\/\"><strong>Creative Commons Imenovanje-Nekomercijalno 4.0 me\u0111unarodna.<\/strong><\/a><\/p>\n<\/td>\n<td valign=\"top\">\n<p style=\"text-align: right; line-height: 150%;\" align=\"center\"><strong><br \/>\nDOI <a href=\"https:\/\/doi.org\/10.46640\/imr.9.17.1\">10.46640\/imr.9.17.1<\/a><br \/>\nUDK 343.343.3:366.632<br \/>\nPregledni \u010dlanak<br \/>\nReview article<br \/>\nPrimljeno: 23.12.2019.<\/strong><\/p>\n<\/td>\n<\/tr>\n<\/tbody>\n<\/table>\n<p class=\"MsoNormal\" style=\"line-height: 150%;\">&nbsp;<\/p>\n<p class=\"MsoNormal\" style=\"line-height: 150%;\">&nbsp;<\/p>\n<p class=\"MsoNormal\" style=\"text-align: center; line-height: 150%;\" align=\"center\"><span style=\"font-size: 15.0pt; line-height: 150%;\">Dario Terzi\u0107<\/span><\/p>\n<p style=\"text-align: center; line-height: 150%;\" align=\"center\">Visoka \u0161kola za turizam i menad\u017ement, Konjic, Bosna i Hercegovina<\/p>\n<p>dariobrel@yahoo.com<\/p>\n<p style=\"text-align: center;\" align=\"center\"><strong> <span style=\"font-size: 16.0pt; line-height: 150%;\">Buntovni\u0161tvo i nemogu\u0107nost komunikacijske dru\u0161tvene svijesti<\/span><\/strong><\/p>\n<p style=\"text-align: center; line-height: 150%;\" align=\"center\"><a href=\"http:\/\/www.centar-fm.org\/inmediasres\/images\/pdf\/17\/D. Terzic, Buntovnistvo i nemogucnost komunikacijske drustvene svijesti.pdf\"><strong><span style=\"color: #DC0101; font-size: 8.0pt;\"><br \/>\nPuni tekst: pdf (415 KB), Hrvatski, Str. 2621 &#8211; 2630<br \/>\n<\/span><\/strong><\/a><\/p>\n<p class=\"MsoNormal\" style=\"line-height: 150%;\">&nbsp;<\/p>\n<p style=\"margin: 0cm 48.6pt 0.0001pt 54pt; line-height: 170%;\"><strong><em>Sa\u017eetak<\/em><\/strong><\/p>\n<p class=\"MsoBodyText\" style=\"margin-top: 0cm; margin-right: 48.6pt; margin-bottom: .0001pt; margin-left: 54.0pt; line-height: 150%;\"><span style=\"font-size: 12.0pt; line-height: 150%; font-family: 'Times New Roman';\" lang=\"SR\">&nbsp;<\/span><\/p>\n<p class=\"MsoBodyText\" style=\"margin-top: 0cm; margin-right: 48.6pt; margin-bottom: .0001pt; margin-left: 54.0pt; line-height: 170%;\"><em>Komunikacija podrazumijeva prihva\u0107anje, odbijanje, razumijevanje, neslaganje, pobunu. Bunimo se protiv samovolje. \u010cak se niti prvi pobunjenik, Prometej, ne suprotstavlja svim bogovima, a naro\u010dito ne prirodi i svemu stvorenom. On se suprotstavlja Zeusovoj samovolji. \u201ePobunjeni \u010dovjek je\u201c, ka\u017ee Albert Camus, \u201e\u010dovjek koji ka\u017ee &#8211; ne\u201c. Pobuna mo\u017ee biti metafizi\u010dka (Kain, De Sade, Striner, Nietzsche), povijesna (Spartak, Bakunjin, Marx, Lenjin, Mussolini), umjetni\u010dka (Rimbaud, Van Gogh, Zolla, Majakovski, Brando). \u0160ezdesetih godina pro\u0161log vijeka isticali su se i karakteri dru\u0161tveno anga\u017eiranih buntovnika. Kellner nam govori i o \u201eimploziji identiteta\u201c i pri tome podrazumijeva stanja u kojima se identitet konstruira pomo\u0107u imagea i stila. O buntovni\u0161tvu su razmi\u0161ljali i pisali i Hobbes, Locke, Habermas, Thorreau, Bey, Onfray, Passerin d\u2019Entreves, Gibran i brojni drugi. Pravo na pobunu se ne shva\u0107a uvijek kao op\u0107e ljudsko pravo. <\/em><\/p>\n<p class=\"MsoBodyText\" style=\"margin-top: 0cm; margin-right: 48.6pt; margin-bottom: .0001pt; margin-left: 54.0pt; line-height: 170%;\">&nbsp;<\/p>\n<p style=\"margin: 0cm 48.6pt 0.0001pt 54pt; line-height: 170%;\"><strong><em>Klju\u010dne rije\u010di:<\/em><\/strong> <em>komunikacija, buntovnik, otpor, neposlu\u0161nost, anarhizam.<\/em><\/p>\n<p class=\"MsoBodyText\" style=\"margin-top: 0cm; margin-right: 48.6pt; margin-bottom: .0001pt; margin-left: 54.0pt; line-height: 170%;\">&nbsp;<\/p>\n<p class=\"MsoNormal\" style=\"line-height: 150%;\">&nbsp;<\/p>\n<p class=\"MsoNormal\" style=\"line-height: 170%;\">Komunikacija uklju\u010duje najmanje dvije osobe. Ona podrazumijeva razumijevanje, ali \u010desto i nerazumijevanje. Balans i disbalans. Ponekad \u0107emo upravo pobunom poku\u0161ati taj disbalans okrenuti u svoju korist. To je situacija u kojoj (bar jedan) subjekt preuzima ulogu buntovnika. Barem \u0107emo poku\u0161ati utjecati na onog drugog (bilo da je to pojedinac ili je grupa) vi\u0161e nego \u0161to bi taj drugi utjecao na nas.<\/p>\n<p class=\"MsoNormal\" style=\"line-height: 170%;\">Da se upitamo odmah na po\u010detku &#8211; tko je to buntovnik? <\/p>\n<p class=\"MsoNormal\" style=\"line-height: 170%;\">\u0160to je pobunjeni \u010dovjek? &#8211; pita se i <strong>Albert Camus<\/strong>u knjizi &bdquo;Pobunjeni \u010dovjek&ldquo;. Odgovara da je to \u010dovjek koji ka\u017ee &ldquo;ne&ldquo;. <em>Koji je sadr\u017eaj toga &bdquo;ne&ldquo;? Ono zna\u010di, na primjer: &bdquo;To je predugo trajalo&ldquo;, &bdquo;Dovde da, dalje ne&ldquo;, &bdquo;Idete predaleko&ldquo; i jo\u0161 &rsquo;&ldquo;Ima granica koju ne smijete prije\u0107i&ldquo;. <\/em>Odlu\u010diti se za &ldquo;NE&rdquo;, prema tome, zna\u010di ne dopustiti da se prije\u0111u granice prava koje imaju pobunjeni, zna\u010di ujedno pomicati granice svog prava. U tom smislu, ljudska povijest jest povijest pobuna. I bogovi su na tronove dolazili pobunom. <\/p>\n<p class=\"MsoNormal\" style=\"line-height: 170%;\">Camus, koji konstatira: <em>ja se bunim, dakle mi jesmo<\/em>, pobunu dijeli na: <em>metafizi\u010dku <\/em>&#8211; poziv kojim se neki \u010dovjek di\u017ee protiv svog polo\u017eaja i \u010ditavog stvaranja <strong>(Kain, de Sade<\/strong>, dendiji, romanti\u010dari, <strong>Stirner, Nietzsche, Lautreamont<\/strong>, nadrealisti, nihilisti\u2026); <em>povijesnu<\/em> &#8211; izmijeniti i organizirati svijet \u010dovjekovim silama (<strong>Spartak<\/strong>, kraljoubojice u Francuskoj revoluciji,<strong> Bakunjin, Ne\u010dajev, Marx, Lenjin, Mussolini.<\/strong>..) i <em>pobunu umjetnika <\/em>&#8211; proizvodnja sudbine po mjeri (<strong>Rimbaud, Van Gogh, Zolla, Majakovski<\/strong>, bitnici).<\/p>\n<p class=\"MsoNormal\" style=\"line-height: 170%;\">&ldquo;Pobuna nije nikakav zahtjev za svemo\u0107nom slobodom. Naprotiv, ona vodi proces protiv svemo\u0107ne slobode. Pobunjenik ho\u0107e da se prizna \u010dinjenica kako sloboda ima granice gdje se nalazi neko ljudsko bi\u0107e, jer je granica upravo mo\u0107 pobune tog bi\u0107a.<a name=\"_ftnref1\"><\/a><a href=\"#_ftn1\"><sup>[<span style=\"font-family: 'times new roman', times;\"><strong>1<\/strong><\/span>]<\/sup><\/a><\/p>\n<p class=\"MsoNormal\" style=\"line-height: 170%;\">U Camusovoj vlastitoj fazi pobune (romani &bdquo;Kuga&ldquo;, 1947. i &bdquo;Pad&ldquo;, 1956.; drame &bdquo;Opsadno stanje&ldquo; i &bdquo;Pravednici&ldquo;) &ldquo;apsurdni \u010dovjek&rdquo; ustupa mjesto &ldquo;pobunjenom \u010dovjeku&rdquo; koji besmisao i ravnodu\u0161nost prevladava ljudskom solidarno\u0161\u0107u. &bdquo;Pobunjeni \u010dovjek najopasniji je, ali i najzdraviji \u010dovjek. Za mene, kao i za Camusove junake, revolucija je neophodno sredstvo, ali ne predstavlja dovoljan cilj.&ldquo; ka\u017ee \u017deljko So\u0161i\u0107, re\u017eiser predstave &bdquo;Pravednici&ldquo;, po Camusu.<a name=\"_ftnref2\"><\/a><a href=\"#_ftn2\"><sup>[<span style=\"font-family: 'times new roman', times;\"><strong>2<\/strong><\/span>]<\/sup><\/a><\/p>\n<p class=\"MsoNormal\" style=\"line-height: 170%;\">O pobuni protiv vlasti Toma Akvinski govori poglavito u svojemu djelu &bdquo;De regno ad regemCypri&ldquo;u prijevodu &bdquo;Dr\u017eava&ldquo;, te obra\u0111uje tutemu uglavnom po politi\u010dkom klju\u010du, a tek jednu stranicu posve\u0107uje samoj tematici. <\/p>\n<p class=\"MsoNormal\" style=\"line-height: 170%;\">Vlast je moramo priznati mnogo vi\u0161e konkretna nego apstraktna. Pobuna nije mogu\u0107a u odnosu na apstraktni pojam, na predmet vjerovanja. &bdquo;<strong>Pobuna je mogu\u0107a samo tamo gdje mo\u017eemo jasno da uo\u010dimo tu\u0111u volju koju neko nad nama sprovodi&ldquo;<\/strong><strong>.<\/strong><a name=\"_ftnref3\"><\/a><a href=\"#_ftn3\"><sup>[<span style=\"font-family: 'times new roman', times;\"><strong>3<\/strong><\/span>]<\/sup><\/a> \u010cak se niti Prometej, prvi pobunjenik, ne suprotstavlja svim bogovima, a naro\u010dito ne prirodi i svemu stvorenom. On se prije svih <strong>suprotstavlja Zeusovoj samovolji pokazuju\u0107i \u0161to jest osnova svake pobune.<\/strong><a name=\"_ftnref4\"><\/a><a href=\"#_ftn4\"><sup>[<span style=\"font-family: 'times new roman', times;\"><strong>4<\/strong><\/span>]<\/sup><\/a><\/p>\n<p class=\"MsoNormal\" style=\"line-height: 170%;\"><em>Buntovnici se suprotstavljaju vladi, nepravdi, (ne)pravednim zakonima\u2026<\/em><\/p>\n<p class=\"MsoNormal\" style=\"line-height: 170%;\">Alessandro Passerin d&rsquo;Entreves<a name=\"_ftnref5\"><\/a><a href=\"#_ftn5\"><sup>[<span style=\"font-family: 'times new roman', times;\"><strong>5<\/strong><\/span>]<\/sup><\/a> tvrdi da, u odnosu na Zakon, postoje razli\u010diti tipovi ljudskog pona\u0161anja:<\/p>\n<ol>\n<li><span style=\"line-height: 170%;\">suglasna poslu\u0161nost; <\/span><\/li>\n<li><span style=\"line-height: 170%;\">formalno priklanjanje <\/span><\/li>\n<li><span style=\"line-height: 170%;\">okultna evazija (tajno izbjegavanje) <\/span><\/li>\n<li><span style=\"line-height: 170%;\">pasivna poslu\u0161nost<\/span><\/li>\n<li><span style=\"line-height: 170%;\">prigovor savjesti<\/span><\/li>\n<li><span style=\"line-height: 170%;\">gra\u0111anska neposlu\u0161nost<\/span><\/li>\n<li><span style=\"line-height: 170%;\">pasivni otpor <\/span><\/li>\n<li><span style=\"line-height: 170%;\">aktivni otpor<\/span><\/li>\n<\/ol>\n<p class=\"MsoNormal\" style=\"line-height: 170%;\">Pojedini teoreti\u010dari zastupaju stav da pravo na otpor ne treba biti inserirano u Ustav, izuzev ako se ne radi o nekim posebnim anomalijama. Takvo mi\u0161ljenje zastupao je i Kant. Drugi, opet tvrde da akt otpora spada u domenu osobnih prava, te ga se mo\u017ee, odnosno, treba inkorporirati u Ustav.<\/p>\n<p class=\"MsoNormal\" style=\"line-height: 170%;\">Hobbesovu postavku prava na otpor suverenu ponavlja u osnovnim crtama i Locke u svojoj &bdquo;Drugoj raspravi o vladi&ldquo;, kada ka\u017ee da je &ldquo;osnovni, sveti i nepromjenljivi zakon samoo\u010duvanja&rdquo; ultimativna osnova koja svakog pojedinca ovla\u0161\u0107uje da se pobuni protiv vlasti koja mu ga poku\u0161ava oduzeti. Tiranima Locke, ukratko, naziva sve one koji vr\u0161e vlast izvan prava<a name=\"_ftnref6\"><\/a><a href=\"#_ftn6\"><sup>[<span style=\"font-family: 'times new roman', times;\"><strong>6<\/strong><\/span>]<\/sup><\/a> i tako podi\u017eu pobunu protiv dru\u0161tva, zbog \u010dega je ono prinu\u0111eno da pru\u017ei otpor ovim &ldquo;pobunjenicima&rdquo;<a name=\"_ftnref7\"><\/a><a href=\"#_ftn7\"><sup>[<span style=\"font-family: 'times new roman', times;\"><strong>7<\/strong><\/span>]<\/sup><\/a>.<\/p>\n<p class=\"MsoNormal\" style=\"line-height: 170%;\">Zna\u010dajan doprinos teoriji pobune dao je i Henry David Thoreau. Njegova razmi\u0161ljanja zna\u010dajno su utjecala na Lava Nikolajevi\u010da Tolstoja, Mahatmu Gandhija, Martina Luthera Kinga, i ostale. Glavne crte Thoreauove filozofije su: individualizam, samodostatnost, te\u017enja ka jednostavnom \u017eivotu u skladu s prirodom itd. On sam prihvatio je transcendentalisti\u010dku filozofiju koja je naglasak stavljala na sposobnosti pojedinca da spozna svijet oko sebe bez utjecaja uspostavljenih institucija i njihovih dogmi. U svom najpoznatijem djelu &bdquo;Walden; or, Life in the Woods&ldquo;(1854),<a name=\"_ftnref8\"><\/a><a href=\"#_ftn8\"><sup>[<span style=\"font-family: 'times new roman', times;\"><strong>8<\/strong><\/span>]<\/sup><\/a> u kojem opisuje dvogodi\u0161nje razdoblje svog \u017eivota provedenog u \u0161umi u osami i svojevrsnom asketizmu, te promi\u0161ljanja nastala u tom periodu, Thoreau ljudsku savjest i trenutnu procjenu situacije stavlja ispred generi\u010dke provedbe unaprijed odre\u0111enih zakona.<\/p>\n<p class=\"MsoNormal\" style=\"line-height: 170%;\">Godine 1849. napisao je poznati esej &bdquo;Gra\u0111anski neposluh&ldquo; u kojem je iznio nekoliko va\u017enih stavova: <\/p>\n<ol style=\"list-style-type:decimal\">\n<li><span style=\"line-height: 170%;\">ljudi ne smiju dozvoliti da vlada naru\u0161i njihovu savjest<\/span><\/li>\n<li><span style=\"line-height: 170%;\">vlade vi\u0161e \u0161tete nego \u0161to poma\u017eu, zato je njihovo postojanje iznimno te\u0161ko opravdati <\/span><\/li>\n<li><span style=\"line-height: 170%;\">ljudi se imaju pravo pobuniti i povesti revoluciju <\/span><\/li>\n<li><span style=\"line-height: 170%;\">pla\u0107anjem poreza mi podupiremo nepravednu politiku vladaju\u0107ih <\/span><\/li>\n<li><span style=\"line-height: 170%;\">demokracija nije najbolji politi\u010dki sustav, zato jer ve\u0107ina ne donosi nu\u017eno dobre odluke<\/span><\/li>\n<li><span style=\"line-height: 170%;\">ako \u017eivite skromnije, manje \u0107ete imati i za izgubiti <\/span><\/li>\n<li><span style=\"line-height: 170%;\">treba konstantno inzistirati na boljim \u017eivotnim uvjetima i pravdi<a name=\"_ftnref9\"><\/a><a href=\"#_ftn9\"><sup>[<span style=\"font-family: 'times new roman', times;\"><strong>9<\/strong><\/span>]<\/sup><\/a><\/span><\/li>\n<\/ol>\n<p class=\"MsoNormal\" style=\"line-height: 170%;\">Govore\u0107i o suvremenom kontekstu, o konceptu gra\u0111anskog neposluha, razvilo se vi\u0161e teorija, a svakako me\u0111u najzna\u010dajnijima su razmi\u0161ljanja ameri\u010dkog sociologa Johna Rawlsa (1921. \u2013 2002.). Njegov je izraziti individualizam bio suvi\u0161e skepti\u010dan prema masovnim akcijama.<a name=\"_ftnref10\"><\/a><a href=\"#_ftn10\"><sup>[<span style=\"font-family: 'times new roman', times;\"><strong>10<\/strong><\/span>]<\/sup><\/a><\/p>\n<p class=\"MsoNormal\" style=\"line-height: 170%;\">Jedna od najva\u017enijih suvremenih teorija gra\u0111anske neposlu\u0161nosti jeste Habermasova teorija. Osnove tog svog shva\u0107anja iznio je u djelu pod nazivom &bdquo;Gra\u0111anska neposlu\u0161nost &#8211; test za demokratsku pravnu dr\u017eavu&ldquo;. Njegov rad se mo\u017ee povezati sa nizom pitanja proisteklih iz \u010ditavog spektra aktivnosti dru\u0161tvenih pokreta osamdesetih godina &#8211; mirovnih, ekolo\u0161kih, feministi\u010dkih itd.<\/p>\n<p class=\"MsoNormal\" style=\"line-height: 170%;\">Neposlu\u0161nost je element zrele politi\u010dke kulture tvdi Habermas, koji se u velikoj mjeri oslanja na ideju D\u017eona Rawllsa. On prihva\u0107a Rawllsova uvjerenja da neposlu\u0161nost mora uklju\u010divati namjernu povredu pravnih normi. Habermas tvrdi da pojedinac koji se odlu\u010duje na protupravno djelovanje spa\u0161ava i zajednicu, ne samo sebe.<a name=\"_ftnref11\"><\/a><a href=\"#_ftn11\"><sup>[<span style=\"font-family: 'times new roman', times;\"><strong>11<\/strong><\/span>]<\/sup><\/a><\/p>\n<p class=\"MsoNormal\" style=\"line-height: 170%;\">\u010cini se da se kao zaklju\u010dak name\u0107e potreba za ozakonjivanjem gra\u0111anske neposlu\u0161nosti, u smislu da se sudovi trebaju na razli\u010dit na\u010din odnositi prema neposlu\u0161nim gra\u0111anima i prema kriminalcima<a name=\"_ftnref12\"><\/a><a href=\"#_ftn12\"><sup>[<span style=\"font-family: 'times new roman', times;\"><strong>12<\/strong><\/span>]<\/sup><\/a>. Rawls nas upu\u0107uje kako opravdanost neslaganja sa zakonom i institucijama ovisi o mjeri u kojoj su ti zakoni i institucije nepravedne<a name=\"_ftnref13\"><\/a><a href=\"#_ftn13\"><sup>[<span style=\"font-family: 'times new roman', times;\"><strong>13<\/strong><\/span>]<\/sup><\/a>. Ostaje pitanje \u2013 kako se za\u0161titi od nasilja kolektiva?<\/p>\n<p class=\"MsoNormal\" style=\"line-height: 170%;\"><em>Hakim Bey je svojim &bdquo;privremenim autonomnim zonama&ldquo; predstavio novu paradigmu otpora za 21. stolje\u0107e. \u010cak i povr\u0161an pogled na revolucije 19. i 20. stolje\u0107a jasno nam do\u010darava kako, bez obzira na njihovo mesijanstvo, nisu uspjele u najbitnijoj stvari, a to je za\u0161tititi prava pojedinca pred nasiljem kolektiva. Za razliku od revolucije, Bey nudi ustanak bez krvi, bez sulude pogibelji, bez direktne konfrontacije s Dr\u017eavom i Spektaklom. On nudi privremene autonomne zone (PAZ) u svim varijantama, od kojih neke zaista nude prakti\u010dne i konkretne mogu\u0107nosti svakodnevnog otpora. No, tu ostaje vje\u010dno pitanje \u2013 \u0161to je sa stalnim autonomnim zonama<\/em>?Bey se stoga okre\u0107e pobuni (insurekciji) koja je ujedno i sredstvo i cilj \/ \u017eivjeti \u0161to slobodnije \/ te ukida proturje\u010dnost izme\u0111u dalekog cilja i zaobilaznih puteva do njegovog ostvarenja karakteristi\u010dnih za utopije 19. i prve polovice 20. stolje\u0107a. \u0160to se ti\u010de trajanja i prostorne veli\u010dine PAZ &#8211; a, tu ne postoje nikakva striktna ograni\u010denja. Veli\u010dina PAZ &#8211; a nije bitna, ve\u0107 spontanost i neposredni me\u0111uljudski odnosi.<\/p>\n<p class=\"MsoNormal\" style=\"line-height: 170%;\">Kakvog \u010dovjeka, kakvog pobunjenika mo\u017eemo o\u010dekivati u budu\u0107nosti?<\/p>\n<p class=\"MsoNormal\" style=\"line-height: 170%;\"><em>Suvereni pojedinac \u0107e zamijeniti Foucaultovog \u010covjeka<\/em>, tvrdi Onfray u &bdquo;Politici pobunjenika&ldquo;<a name=\"_ftnref14\"><\/a><a href=\"#_ftn14\"><sup>[<span style=\"font-family: 'times new roman', times;\"><strong>14<\/strong><\/span>]<\/sup><\/a>.<\/p>\n<p class=\"MsoNormal\" style=\"line-height: 170%;\">Michel Onfray zastupa hedonisti\u010dku filozofiju, te u knjizi &bdquo;Politika pobunjenika&ldquo; slavi figuru pobunjenika protiv dru\u0161tva, subverzivca, onoga koji u sebi nosi \u017eelju za revolucijom, jednu vrstu misti\u010dne ljevice, anarhista sa \u017eeljom da ponovo zavlada svijetom koji se priklonio ekonomskim manipulacijama, suprotstavljaju\u0107i se na taj na\u010din asketizmu desnice. <\/p>\n<p class=\"MsoNormal\" style=\"line-height: 170%;\">U ovom tekstu, kao i u nekim drugim tekstovima (&bdquo;Mo\u0107 postojanja&ldquo; \u2013 &bdquo;Le pouvoir d&rsquo; etre&ldquo;), on predla\u017ee pobunu umjesto revolucije, pobunu povezanih odnosno ujedinjenih pojedinaca slobodno povezanih u jednoj novoj Stirnerovoj i hedonisti\u010dkoj anarho \u2013 sindikalnoj matrici<em>.<\/em><\/p>\n<p class=\"MsoNormal\" style=\"line-height: 170%;\">Za pobunjenoga nije vi\u0161e rije\u010d o tome da sebe u\u010dini bogom kao kod Stirnera ili da tra\u017ei spas u svojem stavu; rije\u010d je o tome da deificira vrstu kao Nietzsche i da preuzme na sebe svoj ideal nad\u010dovje\u010dnosti. Anarhisti su za Bakunjina glasnogovornici slobodarskog instikta masa, detonatori masovnog nezadovoljstva. Cijela jedna plejada filozofa zastupa ja\u010danje utjecaja individualizma u teoriji i taktici anarhisti\u010dkog pokreta. Povijesna individualnost naroda stoji u svakom buntovniku koji je pao u borbi za osvajanje slobode, kruha i ru\u017ea.<a name=\"_ftnref15\"><\/a><a href=\"#_ftn15\"><sup>[<span style=\"font-family: 'times new roman', times;\"><strong>15<\/strong><\/span>]<\/sup><\/a> Individualni anarhizam na jednoj strani realnost je kao i revolucionarni sindikalizam na drugoj.<\/p>\n<p class=\"MsoNormal\" style=\"line-height: 170%;\">Deleuze smatra da pobuna kao \u010din neposlu\u0161nosti pripada pojedincu. Ona je radikalni otklon od svakog oblika vlasti i pretpostavlja odre\u0111eni oblik prijestupa, jer odbacuje konformizam i otkriva kontradikcije dru\u0161tva.<a name=\"_ftnref16\"><\/a><a href=\"#_ftn16\"><sup>[<span style=\"font-family: 'times new roman', times;\"><strong>16<\/strong><\/span>]<\/sup><\/a><\/p>\n<p class=\"MsoNormal\" style=\"line-height: 170%;\">&bdquo;Sre\u0107om, postoje razni oblici suprotstavljanja \u2014 nedisciplina, pobuna, gerila ili revolucija&ldquo; \u2014 pi\u0161e Deleuze \u2014 &bdquo;pa se mo\u017ee re\u0107i da je uskrsla ratna ma\u0161ina, da se pojavio <em>novi nomadski potencijal<\/em>.&ldquo;<a name=\"_ftnref17\"><\/a><a href=\"#_ftn17\"><sup>[<span style=\"font-family: 'times new roman', times;\"><strong>17<\/strong><\/span>]<\/sup><\/a><\/p>\n<p class=\"MsoNormal\" style=\"line-height: 170%;\">&rsquo;&rsquo;Pravo na ludost, na pobunu, na devijantnost je i pravo na suo\u010davanje sa samim sobom, po vlastitoj svijesti, shvatiti ograni\u010denja svakida\u0161njice i odlu\u010diti da li prihvatiti pravila morala pasivno, ili se igrati uni\u0161tavanja svih morala koji predstavljaju brnjicu vlasti&ldquo;.<a name=\"_ftnref18\"><\/a><a href=\"#_ftn18\"><sup>[<span style=\"font-family: 'times new roman', times;\"><strong>18<\/strong><\/span>]<\/sup><\/a><\/p>\n<p class=\"MsoNormal\" style=\"line-height: 170%;\">Tamo gdje su ustanici svake vrste izo\u0161trili no\u017eeve na grlima svojih tla\u010ditelja, tamo su bili prvi rezultati filozofije aplicirane na izokrenutu svakida\u0161njicu.<a name=\"_ftnref19\"><\/a><a href=\"#_ftn19\"><sup>[<span style=\"font-family: 'times new roman', times;\"><strong>19<\/strong><\/span>]<\/sup><\/a><\/p>\n<p class=\"MsoNormal\" style=\"line-height: 170%;\">Povijesna individualnost naroda stoji u svakom buntovniku koji je pao u borbi za osvajanje slobode, kruha i ru\u017ea. &ldquo;Tamo gdje prestaje dr\u017eava po\u010dinje \u010dovjek&rdquo;.<a name=\"_ftnref20\"><\/a><a href=\"#_ftn20\"><sup>[<span style=\"font-family: 'times new roman', times;\"><strong>20<\/strong><\/span>]<\/sup><\/a><\/p>\n<p class=\"MsoNormal\" style=\"line-height: 170%;\"><em>O pobuni su osim filozofa promi\u0161ljali i brojni knji\u017eevnici. <\/em>Emile Zola, je svojim primjerom pokazao kako jedan pojedinac mo\u017ee itekako puno u\u010diniti protiv jednog nakaradnog dr\u017eavnog sistema i vlasti.<\/p>\n<p class=\"MsoNormal\" style=\"line-height: 170%;\"><em>&bdquo;\u017divot bez pobune je kao godina bez prolje\u0107a. Pobuna bez istine je kao prolje\u0107e u suhoj, neplodnoj pustinji. \u017divot, pobuna i istina jesu Sveto trojstvo koje se ne mo\u017ee odvajati ni mijenjati<\/em>&ldquo; &#8211; zapisao je Khallil Gibran.<a name=\"_ftnref21\"><\/a><a href=\"#_ftn21\"><sup>[<span style=\"font-family: 'times new roman', times;\"><strong>21<\/strong><\/span>]<\/sup><\/a><\/p>\n<p class=\"MsoNormal\" style=\"line-height: 170%;\">I bajke nude pobunu\u00a0 re\u0107i \u0107e francuski re\u017eiser Christophe Gans<a name=\"_ftnref22\"><\/a><a href=\"#_ftn22\"><sup>[<span style=\"font-family: 'times new roman', times;\"><strong>22<\/strong><\/span>]<\/sup><\/a> autor filma &bdquo;Ljepotica i zvijer&ldquo;. Vrlo je zanimljivo pri\u010dati o pobunama kroz bajke. U \u010cehoslova\u010dkoj su veliki autori u vrijeme komunizma pravili filmove u kojima su pobunjeni\u010dke poruke stavljali u bajke, i za mene najupe\u010datljivija adaptacija &ldquo;Ljepotice i zvijeri&rdquo; nije Cocteauova, ona je najpoeti\u010dnija, nego ona iz 1978, koju je uradio Ji\u0159\u00ed Menzel. Ono \u0161to smatramo najnaivnijim radovima, to je i najpogodnije za poruke pobune, jer postoji ta igra sa simbolikom. \u010cinjenica je, naravno, da europsko dru\u0161tvo nije spremno na promjene, na &ldquo;pobunu&rdquo;, da ljudi svoje nezadovoljstvo i na\u010din otpora sada\u0161njem stanju jo\u0161 nisu uspeli definirati.<a name=\"_ftnref23\"><\/a><a href=\"#_ftn23\"><sup>[<span style=\"font-family: 'times new roman', times;\"><strong>23<\/strong><\/span>]<\/sup><\/a><\/p>\n<p class=\"MsoNormal\" style=\"line-height: 170%;\">Poznati BiH knji\u017eevnik D\u017eevad Karahasan promi\u0161lja ovako:<a name=\"_ftnref24\"><\/a><a href=\"#_ftn24\"><sup>[<span style=\"font-family: 'times new roman', times;\"><strong>24<\/strong><\/span>]<\/sup><\/a> &bdquo;Moj junak u romanu &lsquo;No\u0107no vije\u0107e&rsquo; ka\u017ee: Heroji na\u0161ih generacija bili su filozofi Jean-Paul Sartre i Albert Camus, glumac G\u00e9rard Philipe, pisci, pjeva\u010di. Nemate ni jednog generala, nemate niti jednog politi\u010dara. Junaci na\u0161ih generacija su bili buntovnici. Jedini \u010dovjek koji se bavio politikom, a bio je junak na\u0161ih generacija, bio je Che Guevara, buntovnik koji je poginuo dovoljno mlad tako da nije stigao kompromitirati ideje za koje se borio. Nove generacije nemaju tu buntovnu dimenziju, njihova pobuna je mnogo ti\u0161a, otmjenija, mirnija od na\u0161e. Danas u Njema\u010dkoj imate stra\u0161no mnogo mladih ljudi koji ne\u0107e karijeru, koji ne\u0107e da zara\u0111uju mnogo. Zarade onoliko koliko im treba za \u017eivot i ta\u010dka! Mlade generacije su ti\u0161e od nas, ali \u017eelim vjerovati da su jednako kao i mi spremni na potragu za junacima koji su bili nonkonformisti&ldquo;.<\/p>\n<p class=\"MsoNormal\" style=\"line-height: 170%;\">Bal\u0161a Brkovi\u0107, crnogorski knji\u017eevnik, po uvjerenju anarhista, ka\u017ee: &bdquo;Klju\u010dni problem na\u0161ega vremena, i stvar koja daje najgoru mogu\u0107u sliku o na\u0161oj epohi, je \u010dinjenica da je koncept pobune u krizi. I korak dalje \u2013 \u017eivimo civilizaciju koja je na\u0161la na\u010din da apsorbira sve subverzivne impulse. To je mo\u0107 medijske i vizualne civilizacije.&ldquo;<a name=\"_ftnref25\"><\/a><a href=\"#_ftn25\"><sup>[<span style=\"font-family: 'times new roman', times;\"><strong>25<\/strong><\/span>]<\/sup><\/a> &bdquo;Duh palanke u agoniji. Postmoderni cinizam. Bezobzirnost neznalica. Sve to je dana\u0161nja Crna Gora<strong>\u2026<\/strong> To je problem. Prona\u0107i nove forme subverzije. To je klju\u010dno pitanje na\u0161ega vremena i budu\u0107nosti civilizacije kakvu poznajemo&ldquo;, zaklju\u010duje Brkovi\u0107.<a name=\"_ftnref26\"><\/a><a href=\"#_ftn26\"><sup>[<span style=\"font-family: 'times new roman', times;\"><strong>26<\/strong><\/span>]<\/sup><\/a><strong><\/strong><\/p>\n<p class=\"MsoNormal\" style=\"line-height: 170%;\">&bdquo;\u010cinjenica je, naravno, da evropsko dru\u0161tvo nije spremno na promjene, na &lsquo;pobunu&rsquo;, da ljudi svoje nezadovoljstvo i na\u010din otpora sada\u0161njem stanju jo\u0161 nisu uspeli da defini\u0161u. To ukazuje na dru\u0161tvo bez ideologije, u kome se kategorija demokratije podrazumijeva sama po sebi, ali u kome su velike, revolucionarne ideje istro\u0161ene, pa se ponovo traga za novim odgovorima na stara humanisti\u010dka pitanja. Ali, svaki pojedinac treba da na\u0111e svoj razlog da bi se pobunio. To je dragocjeno. U mojoj &ldquo;Ljepotici i zvijeri&rdquo; postoji nova, centralna pouka u filmu, a to je da mo\u017eemo da pro\u017eivimo \u017eivot s ljubavlju i snovima, bez gramzivosti i pohlepe, i da tako prevazi\u0111emo svaki problema&ldquo;.<a name=\"_ftnref27\"><\/a><a href=\"#_ftn27\"><sup>[<span style=\"font-family: 'times new roman', times;\"><strong>27<\/strong><\/span>]<\/sup><\/a><\/p>\n<p class=\"MsoNormal\" style=\"line-height: 170%;\">Primjeri pozitivnih buntovnika kroz povijest su:<\/p>\n<p class=\"MsoNormal\" style=\"line-height: 70%;\">&nbsp;<\/p>\n<div style=\"margin-left: 35pt;\">\n<table border=\"0\">\n<tbody>\n<tr>\n<td width=\"10\" valign=\"top\">\n<span style=\"line-height: 170%;\"><br \/>\n\u2013<\/span>\n<\/td>\n<td>\n<span style=\"line-height: 170%;\"><br \/>\nIsus &#8211; jedini koji se uspio oduprijeti tada\u0161njoj vlasti za op\u0107e dobro \u010dove\u010danstva. <\/span>\n<\/td>\n<\/tr>\n<tr>\n<tr>\n<td valign=\"top\">\n<div style=\"height: 6px; overflow:hidden;\">\n<\/div>\n<\/td>\n<td>\n<div style=\"height: 6px; overflow:hidden;\">\n<\/div>\n<\/td>\n<\/tr>\n<tr>\n<td width=\"10\" valign=\"top\">\n<span style=\"line-height: 170%;;\"><br \/>\n\u2013<\/span>\n<\/td>\n<td>\n<span style=\"line-height: 170%;\"><br \/>\nSokrat &#8211; jedan od najve\u0107ih filozofa; odstupio je od anti\u010dkih normi, te su ga okarakterizirali kao \u201emoralnu opasnost za suvremeno mi\u0161ljenje i literaturu\u201c. Proglasili su ga krivim i osudili da ispije otrov.<\/span>\n<\/td>\n<\/tr>\n<tr>\n<tr>\n<td valign=\"top\">\n<div style=\"height: 6px; overflow:hidden;\">\n<\/div>\n<\/td>\n<td>\n<div style=\"height: 6px; overflow:hidden;\">\n<\/div>\n<\/td>\n<\/tr>\n<tr>\n<td width=\"10\" valign=\"top\">\n<span style=\"line-height: 170%;;\"><br \/>\n\u2013<\/span>\n<\/td>\n<td>\n<span style=\"line-height: 170%;\"><br \/>\nMahatma Gandhi &#8211; borac za priznavanje osnovnih ljudskih prava za Indijce. Bio je zate\u010den zapostavljanjem gra\u0111anskih i politi\u010dkih sloboda indijskih imigranata.<br \/>\n<\/span>\n<\/td>\n<\/tr>\n<\/tbody>\n<\/table>\n<\/div>\n<p class=\"MsoNormal\" style=\"line-height: 70%;\">&nbsp;<\/p>\n<p class=\"MsoNormal\" style=\"line-height: 170%;\">Pobunu u sebi nose i neka knji\u017eevna djela kao \u0161to su: <\/p>\n<p class=\"MsoNormal\" style=\"line-height: 170%;\">&ldquo;Sotonski stihovi&rdquo;, Salmana Rushdia, <strong>&ldquo;Lolita&rdquo;, Vladimira Nabokova<\/strong><em>,<\/em>&bdquo;Rakova obratnica&rdquo;, Henryja Millera, &ldquo;\u017divotinjska farma&rdquo;, Georgea Orwella, &ldquo;Plodovi Gnjeva&rdquo;, Johna Steinbecka. Sve ove knjige su u svoje vrijeme izazivale kontroverze, polemike, pa i pobunu. Buntovnike prepoznajemo i u Don Quijoteu, i mnogim drugim junacima romana. Svijet je oduvijek imao potrebu za buntovnicima.<\/p>\n<p class=\"MsoNormal\" style=\"line-height: 170%;\">Jesu li pobune imale efekt \u2013 uvijek poka\u017ee povijest. Mnoge vrlo brzo padnu u zaborav. Pogotovo danas kada informacije prebrzo smjenjuju jedna udrugu je te\u0161ko odrediti \u0161ta je stvarna pobuna a \u0161ta samo medijski spektakl. Naran\u010dasta revolucija, \u017euti prsluci &#8211; mo\u017eda zauvijek padnu u zaborav a mo\u017eda i ostave trajni trag u povijesti.<\/p>\n<p class=\"MsoNormal\" style=\"line-height: 150%;\">&nbsp;<\/p>\n<hr align=\"left\" size=\"1\" width=\"33%\" \/>\n<div id=\"ftn1\">\n<p class=\"MsoNormal\" style=\"line-height: 150%;\"><span style=\"font-size: 8.0pt;\"><a name=\"_ftn1\"><\/a><a href=\"#_ftnref1\"><sup>[<span style=\"font-family: 'times new roman', \ntimes;\"><strong>1<\/strong><\/span>]<\/sup><\/a>&nbsp;<br \/>\nAlbert Camus, La pensee&rsquo; de midi, Revolte el Meurtre&rdquo; <a href=\"http:\/\/sr.scribd.com\/doc\/48061220\/albert-camus%23scribd\">http:\/\/sr.scribd.com\/doc\/48061220\/albert-camus#scribd<\/a>.<br \/>\n<\/span><\/p>\n<\/div>\n<div id=\"ftn2\">\n<p class=\"MsoNormal\" style=\"line-height: 150%;\"><span style=\"font-size: 8.0pt;\"><a name=\"_ftn2\"><\/a><a href=\"#_ftnref2\"><sup>[<span style=\"font-family: 'times new roman', \ntimes;\"><strong>2<\/strong><\/span>]<\/sup><\/a>&nbsp;<br \/>\nDragana Tripkovi\u0107, <em>Pobunjeni \u010dovjek najopasniji je, ali najzdraviji, Intervju sa \u017deljkom So\u0161i\u0107em,<\/em> <a href=\"http:\/\/www.vijesti.me\/caffe\/pobunjeni-covjek-najopasniji-je-ali-i-najzdraviji-.\">http:\/\/www.vijesti.me\/caffe\/pobunjeni-covjek-najopasniji-je-ali-i-najzdraviji-.<\/a><br \/>\n<\/span><\/p>\n<\/div>\n<div id=\"ftn3\">\n<p class=\"MsoNormal\" style=\"line-height: 150%;\"><span style=\"font-size: 8.0pt;\"><a name=\"_ftn3\"><\/a><a href=\"#_ftnref3\"><sup>[<span style=\"font-family: 'times new roman', \ntimes;\"><strong>3<\/strong><\/span>]<\/sup><\/a>&nbsp;<br \/>\nTijana Damjanovi\u0107,<em> Teologija,humanizam i pobuna<\/em>, <a href=\"http:\/\/www.akuzativ.com\/teme\/658-teologija-humanizam-i-pobuna\">http:\/\/www.akuzativ.com\/teme\/658-teologija-humanizam-i-pobuna<\/a>.<br \/>\n<\/span><\/p>\n<\/div>\n<div id=\"ftn4\">\n<p class=\"MsoNormal\" style=\"line-height: 150%;\"><span style=\"font-size: 8.0pt;\"><a name=\"_ftn4\"><\/a><a href=\"#_ftnref4\"><sup>[<span style=\"font-family: 'times new roman', \ntimes;\"><strong>4<\/strong><\/span>]<\/sup><\/a>&nbsp;<br \/>\nTijana Damjanovi\u0107, <em>Teologija, humanizam i pobuna.<\/em><br \/>\n<\/span><\/p>\n<\/div>\n<div id=\"ftn5\">\n<p class=\"MsoNormal\" style=\"line-height: 150%;\"><span style=\"font-size: 8.0pt;\"><a name=\"_ftn5\"><\/a><a href=\"#_ftnref5\"><sup>[<span style=\"font-family: 'times new roman', \ntimes;\"><strong>5<\/strong><\/span>]<\/sup><\/a>&nbsp;<br \/>\nDanilo Fuscaldo, Giorgio Giannini, <em>Diritto di resistenza<\/em>, <a href=\"http:\/\/www.uonna.it\/diritto-di-resistenza-nella-costituzione-italiana.htm\">http:\/\/www.uonna.it\/diritto-di-resistenza-nella-costituzione-italiana.htm<\/a>, autor Giorgio Giannini.<br \/>\n<\/span><\/p>\n<\/div>\n<div id=\"ftn6\">\n<p class=\"MsoNormal\" style=\"line-height: 150%;\"><span style=\"font-size: 8.0pt;\"><a name=\"_ftn6\"><\/a><a href=\"#_ftnref6\"><sup>[<span style=\"font-family: 'times new roman', \ntimes;\"><strong>6<\/strong><\/span>]<\/sup><\/a>&nbsp;<br \/>\n John Locke, <em>Dve rasprave o vladi<\/em>, NIP Mladost, Beograd 1987. str. 109.<br \/>\n<\/span><\/p>\n<\/div>\n<div id=\"ftn7\">\n<p class=\"MsoNormal\" style=\"line-height: 150%;\"><span style=\"font-size: 8.0pt;\"><a name=\"_ftn7\"><\/a><a href=\"#_ftnref7\"><sup>[<span style=\"font-family: 'times new roman', \ntimes;\"><strong>7<\/strong><\/span>]<\/sup><\/a>&nbsp;<br \/>\nJohn Locke, <em>Dve rasprave o vladi, <\/em>str. 121 &#8211; 122.<br \/>\n<\/span><\/p>\n<\/div>\n<div id=\"ftn8\">\n<p class=\"MsoNormal\" style=\"line-height: 150%;\"><span style=\"font-size: 8.0pt;\"><a name=\"_ftn8\"><\/a><a href=\"#_ftnref8\"><sup>[<span style=\"font-family: 'times new roman', \ntimes;\"><strong>8<\/strong><\/span>]<\/sup><\/a>&nbsp;<br \/>\nHenry, David, Thoreau, <em>Walden and Civil Disobedience<\/em>, Signet Classics, London 2004.<br \/>\n<\/span><\/p>\n<\/div>\n<div id=\"ftn9\">\n<p class=\"MsoNormal\" style=\"line-height: 150%;\"><span style=\"font-size: 8.0pt;\"><a name=\"_ftn9\"><\/a><a href=\"#_ftnref9\"><sup>[<span style=\"font-family: 'times new roman', \ntimes;\"><strong>9<\/strong><\/span>]<\/sup><\/a>&nbsp;<br \/>\nLuka Peji\u0107, Centar za anarhisti\u010dke studije <em>Henry David Thoreau<\/em>, <a href=\"http:\/\/anarhizam.hr\/arhiv\/39-biografije\/219-henry-david-thoreau\">http:\/\/anarhizam.hr\/arhiv\/39-biografije\/219-henry-david-thoreau<\/a>, pristup 30. 11. 2019.<br \/>\n<\/span><\/p>\n<\/div>\n<div id=\"ftn10\">\n<p class=\"MsoNormal\" style=\"line-height: 150%;\"><span style=\"font-size: 8.0pt;\"><a name=\"_ftn10\"><\/a><a href=\"#_ftnref10\"><sup>[<span style=\"font-family: 'times new roman', \ntimes;\"><strong>10<\/strong><\/span>]<\/sup><\/a>&nbsp;<br \/>\nLuka Peji\u0107, <em>Henry David Thoreau<\/em>, pristup 30. 11. 2019.<br \/>\n<\/span><\/p>\n<\/div>\n<div id=\"ftn11\">\n<p class=\"MsoNormal\" style=\"line-height: 150%;\"><span style=\"font-size: 8.0pt;\"><a name=\"_ftn11\"><\/a><a href=\"#_ftnref11\"><sup>[<span style=\"font-family: 'times new roman', \ntimes;\"><strong>11<\/strong><\/span>]<\/sup><\/a>&nbsp;<br \/>\n Mladen Stojadinovi\u0107, <em>Koncept gra\u0111anske neposlu\u0161nosti kod Jirgena Habermasa,<\/em> <a href=\"https:\/\/www.academia.edu\/3249477\/Koncept_gra%C4%91anske_neposlu%C5%A1nosti_kod_Jirgena_Habermasa\">https:\/\/www.academia.edu\/3249477\/Koncept_gra%C4%91anske_neposlu%C5%A1nosti_kod_Jirgena_Habermasa<\/a>, pristup 4. 11. 2019.<br \/>\n<\/span><\/p>\n<\/div>\n<div id=\"ftn12\">\n<p class=\"MsoNormal\" style=\"line-height: 150%;\"><span style=\"font-size: 8.0pt;\"><a name=\"_ftn12\"><\/a><a href=\"#_ftnref12\"><sup>[<span style=\"font-family: 'times new roman', \ntimes;\"><strong>12<\/strong><\/span>]<\/sup><\/a>&nbsp;<br \/>\nJurgen Habermas, <em>Gra\u0111anska neposlu\u0161nost \u2013 test za demokratsku pravnu dr\u017eavu<\/em>, Gledi\u0161ta, 10-12, Beograd 1989., str. 52 &#8211; 68.<br \/>\n<\/span><\/p>\n<\/div>\n<div id=\"ftn13\">\n<p class=\"MsoNormal\" style=\"line-height: 150%;\"><span style=\"font-size: 8.0pt;\"><a name=\"_ftn13\"><\/a><a href=\"#_ftnref13\"><sup>[<span style=\"font-family: 'times new roman', \ntimes;\"><strong>13<\/strong><\/span>]<\/sup><\/a>&nbsp;<br \/>\nJohn Rawls, <em>A Theory of Justice, <\/em>Revised Edition, Harvard University Press, Cambridge, Massachusetts 1999., str. 309.<br \/>\n<\/span><\/p>\n<\/div>\n<div id=\"ftn14\">\n<p class=\"MsoNormal\" style=\"line-height: 150%;\"><span style=\"font-size: 8.0pt;\"><a name=\"_ftn14\"><\/a><a href=\"#_ftnref14\"><sup>[<span style=\"font-family: 'times new roman', \ntimes;\"><strong>14<\/strong><\/span>]<\/sup><\/a>&nbsp;<br \/>\nMichel Onfray, <em>Politique du rebelle<\/em>, Biblio essai, Paris 1999., str.170.<\/p>\n<p><\/span><\/p>\n<\/div>\n<div id=\"ftn15\">\n<p class=\"MsoNormal\" style=\"line-height: 150%;\"><span style=\"font-size: 8.0pt;\"><a name=\"_ftn15\"><\/a><a href=\"#_ftnref15\"><sup>[<span style=\"font-family: 'times new roman', \ntimes;\"><strong>15<\/strong><\/span>]<\/sup><\/a>&nbsp;<br \/>\nMax Stirner<em>, Izvan \u010darobnog kruga,<\/em> <a href=\"https:\/\/impulsportal.net\/index.php\/kolumne\/drustvo\/10888-max-stirner-izvan-carobnog-kruga\">https:\/\/impulsportal.net\/index.php\/kolumne\/drustvo\/10888-max-stirner-izvan-carobnog-kruga<\/a>, Bertelli, pozivaju\u0107i se na Nietzshea.<\/p>\n<p><\/span><\/p>\n<\/div>\n<div id=\"ftn16\">\n<p class=\"MsoNormal\" style=\"line-height: 150%;\"><span style=\"font-size: 8.0pt;\"><a name=\"_ftn16\"><\/a><a href=\"#_ftnref16\"><sup>[<span style=\"font-family: 'times new roman', \ntimes;\"><strong>16<\/strong><\/span>]<\/sup><\/a>&nbsp;<br \/>\nGilles Deleuze i Felix Guattari, <em>Rasprava o nomadologiji<\/em>, u <em>Capitalisme et schizophr\u00e9nie<\/em>, Mille Plateaux, Les Editions de Minuit, Paris 1980.<br \/>\n<\/span><\/p>\n<\/div>\n<div id=\"ftn17\">\n<p class=\"MsoNormal\" style=\"line-height: 150%;\"><span style=\"font-size: 8.0pt;\"><a name=\"_ftn17\"><\/a><a href=\"#_ftnref17\"><sup>[<span style=\"font-family: 'times new roman', \ntimes;\"><strong>17<\/strong><\/span>]<\/sup><\/a>&nbsp;<br \/>\nAngelina Banovi\u0107 Markovska, <em>No man&rsquo;s land ili kozmpopolitizam bez korijena,<\/em> <a href=\"http:\/\/www.matica.hr\/kolo\/309\/no-man-s-land-ili-kozmopolitizam-bez-korijena-20540\/\">http:\/\/www.matica.hr\/kolo\/309\/no-man-s-land-ili-kozmopolitizam-bez-korijena-20540\/<\/a>.<\/p>\n<p><\/span><\/p>\n<\/div>\n<div id=\"ftn18\">\n<p class=\"MsoNormal\" style=\"line-height: 150%;\"><span style=\"font-size: 8.0pt;\"><a name=\"_ftn18\"><\/a><a href=\"#_ftnref18\"><sup>[<span style=\"font-family: 'times new roman', \ntimes;\"><strong>18<\/strong><\/span>]<\/sup><\/a>&nbsp;<br \/>\nMax Stirner<em>, Izvan \u010darobnog kruga<\/em>, <a href=\"https:\/\/impulsportal.net\/index.php\/kolumne\/drustvo\/10888-max-stirner-izvan-carobnog-kruga\">https:\/\/impulsportal.net\/index.php\/kolumne\/drustvo\/10888-max-stirner-izvan-carobnog-kruga<\/a>.<\/p>\n<p><\/span><\/p>\n<\/div>\n<div id=\"ftn19\">\n<p class=\"MsoNormal\" style=\"line-height: 150%;\"><span style=\"font-size: 8.0pt;\"><a name=\"_ftn19\"><\/a><a href=\"#_ftnref19\"><sup>[<span style=\"font-family: 'times new roman', \ntimes;\"><strong>19<\/strong><\/span>]<\/sup><\/a>&nbsp;<br \/>\nMax Stirner, <em>Izvan \u010darobnog kruga,<\/em> <a href=\"https:\/\/impulsportal.net\/index.php\/kolumne\/drustvo\/10888-max-stirner-izvan-carobnog-kruga\">https:\/\/impulsportal.net\/index.php\/kolumne\/drustvo\/10888-max-stirner-izvan-carobnog-kruga<\/a>.<br \/>\n<\/span><\/p>\n<\/div>\n<div id=\"ftn20\">\n<p class=\"MsoNormal\" style=\"line-height: 150%;\"><span style=\"font-size: 8.0pt;\"><a name=\"_ftn20\"><\/a><a href=\"#_ftnref20\"><sup>[<span style=\"font-family: 'times new roman', \ntimes;\"><strong>20<\/strong><\/span>]<\/sup><\/a>&nbsp;<br \/>\n Max Stirner, Ibid.<br \/>\n<\/span><\/p>\n<\/div>\n<div id=\"ftn21\">\n<p class=\"MsoNormal\" style=\"line-height: 150%;\"><span style=\"font-size: 8.0pt;\"><a name=\"_ftn21\"><\/a><a href=\"#_ftnref21\"><sup>[<span style=\"font-family: 'times new roman', \ntimes;\"><strong>21<\/strong><\/span>]<\/sup><\/a>&nbsp;<br \/>\nVeljko Luki\u0107, <em>Aktueliziramo. U o\u010dekivanju pobjede. Pjesma vodeni\u010dnog kota\u010da<\/em>, <a href=\"https:\/\/www.sbperiskop.net\/kolumne\/veljko-lukic\/aktualiziramo-u-ocekivanju-pobune-pjesma-vodenicnog-kotaca\">https:\/\/www.sbperiskop.net\/kolumne\/veljko-lukic\/aktualiziramo-u-ocekivanju-pobune-pjesma-vodenicnog-kotaca<\/a>.<br \/>\n<\/span><\/p>\n<\/div>\n<div id=\"ftn22\">\n<p class=\"MsoNormal\" style=\"line-height: 150%;\"><span style=\"font-size: 8.0pt;\"><a name=\"_ftn22\"><\/a><a href=\"#_ftnref22\"><sup>[<span style=\"font-family: 'times new roman', \ntimes;\"><strong>22<\/strong><\/span>]<\/sup><\/a>&nbsp;<br \/>\nRadmila Radosavljevi\u0107, \u010cak i bajke slu\u017ee za pobunu Intervju sa Cristianom Gansom u Ve\u010dernjim novostima, 6. 3. 2014.<br \/>\n<\/span><\/p>\n<\/div>\n<div id=\"ftn23\">\n<p class=\"MsoNormal\" style=\"line-height: 150%;\"><span style=\"font-size: 8.0pt;\"><a name=\"_ftn23\"><\/a><a href=\"#_ftnref23\"><sup>[<span style=\"font-family: 'times new roman', \ntimes;\"><strong>23<\/strong><\/span>]<\/sup><\/a>&nbsp;<br \/>\nRadmila Radosavljevi\u0107<em>, \u010cak i bajke slu\u017ee za pobunu Intervju sa Cristianom Gansom u Ve\u010dernjim novostima, <\/em>6. Mart 2014, <a href=\"http:\/\/www.novosti.rs\/vesti\/kultura.71.html:481454-Kristof-Gans-Cak-i-bajke-sluze-za-pobunu\">http:\/\/www.novosti.rs\/vesti\/kultura.71.html:481454-Kristof-Gans-Cak-i-bajke-sluze-za-pobunu<\/a>. <\/p>\n<p><\/span><\/p>\n<\/div>\n<div id=\"ftn24\">\n<p class=\"MsoNormal\" style=\"line-height: 150%;\"><span style=\"font-size: 8.0pt;\"><a name=\"_ftn24\"><\/a><a href=\"#_ftnref24\"><sup>[<span style=\"font-family: 'times new roman', \ntimes;\"><strong>24<\/strong><\/span>]<\/sup><\/a>&nbsp;<br \/>\nD\u017eevad Karahasan i Mirza Daji\u0107, intervju:<em> Pobuna novih generacija je mnogo otmjenija i ti\u0161a od na\u0161e, <\/em><a href=\"https:\/\/www.oslobodjenje.ba\/dosjei\/intervjui\/akademik-dzevad-karahasan-pobuna-novih-generacija-je-mnogo-otmjenija-i-tisa-od-nase-405403\">https:\/\/www.oslobodjenje.ba\/dosjei\/intervjui\/akademik-dzevad-karahasan-pobuna-novih-generacija-je-mnogo-otmjenija-i-tisa-od-nase-405403<\/a>.<br \/>\n<\/span><\/p>\n<\/div>\n<div id=\"ftn25\">\n<p class=\"MsoNormal\" style=\"line-height: 150%;\"><span style=\"font-size: 8.0pt;\"><a name=\"_ftn25\"><\/a><a href=\"#_ftnref25\"><sup>[<span style=\"font-family: 'times new roman', \ntimes;\"><strong>25<\/strong><\/span>]<\/sup><\/a>&nbsp;<br \/>\nVuk Lajovi\u0107, <em>Promovisan roman Bal\u0161e Brkovi\u0107a: Koncept pobune je danas u krizi,<\/em> <a href=\"https:\/\/www.vijesti.me\/zabava\/224451\/promovisan-roman-balse-brkovica-koncept-pobune-danas-je-u-krizi\">https:\/\/www.vijesti.me\/zabava\/224451\/promovisan-roman-balse-brkovica-koncept-pobune-danas-je-u-krizi<\/a>. <\/p>\n<p><\/span><\/p>\n<\/div>\n<div id=\"ftn26\">\n<p class=\"MsoNormal\" style=\"line-height: 150%;\"><span style=\"font-size: 8.0pt;\"><a name=\"_ftn26\"><\/a><a href=\"#_ftnref26\"><sup>[<span style=\"font-family: 'times new roman', \ntimes;\"><strong>26<\/strong><\/span>]<\/sup><\/a>&nbsp;<br \/>\nVuk Lajovi\u0107, <em>Promovisan roman Bal\u0161e Brkovi\u0107a: Koncept pobune je danas u krizi.<\/em><br \/>\n<\/span><\/p>\n<\/div>\n<div id=\"ftn27\">\n<p class=\"MsoNormal\" style=\"line-height: 150%;\"><span style=\"font-size: 8.0pt;\"><a name=\"_ftn27\"><\/a><a href=\"#_ftnref27\"><sup>[<span style=\"font-family: 'times new roman', \ntimes;\"><strong>27<\/strong><\/span>]<\/sup><\/a>&nbsp;<br \/>\nRadmila Radosavljevi\u0107, <em>\u010cak i bajke slu\u017ee za pobunu Intervju sa Cristianom Gansom u Ve\u010dernjim novostima,<\/em>6. Mart 2014., <a href=\"http:\/\/www.novosti.rs\/vesti\/kultura.71.html:481454-Kristof-Gans-Cak-i-bajke-sluze-za-pobunu\">http:\/\/www.novosti.rs\/vesti\/kultura.71.html:481454-Kristof-Gans-Cak-i-bajke-sluze-za-pobunu<\/a>.<br \/>\n<\/span><\/p>\n<\/div>\n<p class=\"MsoNormal\" style=\"line-height: 150%;\">&nbsp;<\/p>\n<p class=\"MsoNormal\" style=\"line-height: 170%;\"><strong>Literatura:<\/strong><\/p>\n<p class=\"MsoNormal\" style=\"line-height: 170%;\"><strong>Tiskani mediji<\/strong><\/p>\n<p class=\"MsoNormal\" style=\"line-height: 170%;\">Bey, Hakim, <em>The Temporary Autonomous Zone, Ontological Anarchy, Poetic Terrorism<\/em>, Autonomedia, London 1995.<\/p>\n<p class=\"MsoNormal\" style=\"line-height: 170%;\">Biti, Vladimir, <em>Pojmovnik suvremene knji\u017eevne teorije<\/em>, Matica hrvatska, Zagreb 1997.<\/p>\n<p class=\"MsoNormal\" style=\"line-height: 170%;\">Camus, Albert, <em>Mit o Sizifu<\/em>, Matica hrvatska, Zagreb 1998.<\/p>\n<p class=\"MsoNormal\" style=\"line-height: 170%;\">Camus, Albert, <em>Pobunjeni \u010dovjek<\/em>, Matica hrvatska, Zagreb 2011.<\/p>\n<p class=\"MsoNormal\" style=\"line-height: 170%;\">Deleuze Gilles i Guattari Felix, <em>Capitalisme et schizophr\u00e9nie<\/em>, Mille Plateaux, Les Editions de Minuit, Paris 1980.<\/p>\n<p class=\"MsoNormal\" style=\"line-height: 170%;\">Habermas, Jurgen, <em>Gra\u0111anska neposlu\u0161nost \u2013 test za demokratsku pravnu dr\u017eavu<\/em>, Gledi\u0161ta, 10-12, Beograd, 1989., str. 52 &#8211; 68.<\/p>\n<p class=\"MsoNormal\" style=\"line-height: 170%;\">Kellner, Douglas, <em>Medijska kultura<\/em>, Clio, Beograd 2004.<\/p>\n<p class=\"MsoNormal\" style=\"line-height: 170%;\">Locke, John, <em>Dve rasprave o vladi<\/em>, NIP Mladost, Beograd 1978.<\/p>\n<p class=\"MsoNormal\" style=\"line-height: 170%;\">Mereghetti, Paolo, <em>Dizionario dei film<\/em>, Baldini &amp; Castoldi, Milano 2002.<\/p>\n<p class=\"MsoNormal\" style=\"line-height: 170%;\">Onfray, Michel, <em>Politique du rebelle<\/em>, Biblio essai, Paris 1999.<\/p>\n<p class=\"MsoNormal\" style=\"line-height: 170%;\">Rawls, John, <em>A Theory of Justice, <\/em>Revised Edition, Harvard University Press, Cambridge, Massachusetts 1999.<\/p>\n<p class=\"MsoNormal\" style=\"line-height: 170%;\">Thoreau, Henry David, 2004., <em>Walden and Civil Disobedience<\/em>, Signet Classics, London 2004.<\/p>\n<p class=\"MsoNormal\" style=\"line-height: 170%;\">Woodcock, George, 1975., <em>Anarchism,<\/em> Penguin Books, London 1975.<\/p>\n<p class=\"MsoNormal\" style=\"line-height: 170%;\"><strong>Web<\/strong><\/p>\n<p class=\"MsoNormal\" style=\"line-height: 170%;\">Damjanovi\u0107, Tijana, <em>Akuzativ<\/em>, <a href=\"http:\/\/www.akuzativ.com\/teme\/658-teologija-humanizam-i-pobuna\">http:\/\/www.akuzativ.com\/teme\/658-teologija-humanizam-i-pobuna<\/a>, pristup 21. 08. 2019. <\/p>\n<p class=\"MsoNormal\" style=\"line-height: 170%;\">Giannini G. Il diritto di resistenza nella costituzione italiana, <a href=\"http:\/\/digilander.libero.it\/education\/dati_box\/STO_3\/diritto_resistenza_all.pdf\">http:\/\/digilander.libero.it\/education\/dati_box\/STO_3\/diritto_resistenza_all.pdf<\/a>, pristup 29. 9. 2019. <\/p>\n<p class=\"MsoNormal\" style=\"line-height: 170%;\">Gibran Hallil &#8211; citati. D\u017eubran Halil., <a href=\"http:\/\/mudremisli.net\/kahlil-gibran-citati-misli-izreke-poslovice\/\">http:\/\/mudremisli.net\/kahlil-gibran-citati-misli-izreke-poslovice\/<\/a>, pristup 11. 1. 2019. <\/p>\n<p class=\"MsoNormal\" style=\"line-height: 170%;\">Lajovi\u0107 Vuk, <em>Promovisan roman Bal\u0161e Brkovi\u0107a: Koncept pobune je danas u krizi, <\/em><a href=\"https:\/\/www.vijesti.me\/zabava\/224451\/promovisan-roman-balse-brkovica-koncept-pobune-danas-je-u-krizi\">https:\/\/www.vijesti.me\/zabava\/224451\/promovisan-roman-balse-brkovica-koncept-pobune-danas-je-u-krizi<\/a>, pristup 20. 8. 2019. <\/p>\n<p class=\"MsoNormal\" style=\"line-height: 170%;\">Luki\u0107 Veljko, <a href=\"http:\/\/www.sbperiskop.net\/kolumne\/veljko-lukic\/u-ocekivanju-pobune-pjesma-vodenicnog-kotaca\">http:\/\/www.sbperiskop.net\/kolumne\/veljko-lukic\/u-ocekivanju-pobune-pjesma-vodenicnog-kotaca<\/a>, pristup 17. 9. 2019. <\/p>\n<p class=\"MsoNormal\" style=\"line-height: 170%;\">Ma\u0161irevi\u0107 Ljubomir, <a href=\"http:\/\/www.danas.rs\/danasrs\/kultura\/gangster__buntovnik_protiv_sistema.11.html?news_id=286296%23sthash.K1yomMpQ.dpuf\">http:\/\/www.danas.rs\/danasrs\/kultura\/gangster__buntovnik_protiv_sistema.11.html?news_id=286296#sthash.K1yomMpQ.dpuf<\/a>, pristup 11. 8. 2017.<\/p>\n<p class=\"MsoNormal\" style=\"line-height: 170%;\">Milanovi\u0107 Bo\u017eo, <em>Bo\u017eo Milanovi\u0107 i eti\u010dke implikacije njegova politi\u010dkog djelovanja<\/em>, skribd (<a href=\"http:\/\/www.scribd.com\/doc\/195620523\/Bo%C5%BEo-Milanovi%C4%87-i-eti%C4%8Dke-implikacije-njegova-politi%C4%8Dkog-djelovanja%23scribd\">http:\/\/www.scribd.com\/doc\/195620523\/Bo%C5%BEo-Milanovi%C4%87-i-eti%C4%8Dke-implikacije-njegova-politi%C4%8Dkog-djelovanja#scribd<\/a>), pristup 11. 8. 2017.<\/p>\n<p class=\"MsoNormal\" style=\"line-height: 170%;\">Pavi\u0107evi\u0107 Vladimir, <em>Gra\u0111anska neposlu\u0161nost u savremenoj politi\u010dkoj teoriji, <\/em><a href=\"http:\/\/www.fpn.bg.ac.rs\/wp-content\/uploads\/2010\/05\/5-Mr-Vladimir-Pavi%C4%87evi%C4%87-Gra%C4%91anska-neposlu%C5%A1nost-u-savremenoj-politi%C4%8Dkoj-teoriji.pdf\">http:\/\/www.fpn.bg.ac.rs\/wp-content\/uploads\/2010\/05\/5-Mr-Vladimir-Pavi%C4%87evi%C4%87-Gra%C4%91anska-neposlu%C5%A1nost-u-savremenoj-politi%C4%8Dkoj-teoriji.pdf<\/a>, pristup 11. 1 2018. <\/p>\n<p class=\"MsoNormal\" style=\"line-height: 170%;\">Peji\u0107 Luka, <em>Henry David Thoreau<\/em>, <a href=\"http:\/\/anarhizam.hr\/arhiv\/39-biografije\/219-henry-david-thoreau\">http:\/\/anarhizam.hr\/arhiv\/39-biografije\/219-henry-david-thoreau<\/a>, pristup 30. 11. 2019.<\/p>\n<p class=\"MsoNormal\" style=\"line-height: 170%;\">Radosavljevi\u0107 Radmila, <em>\u010cak i bajke slu\u017ee za pobunu Intervju sa Cristianom Gansom u Ve\u010dernjim novostima,<\/em>6. 3. 2014., <a href=\"http:\/\/www.novosti.rs\/vesti\/kultura.71.html:481454-Kristof-Gans-Cak-i-bajke-sluze-za-pobunu\">http:\/\/www.novosti.rs\/vesti\/kultura.71.html:481454-Kristof-Gans-Cak-i-bajke-sluze-za-pobunu<\/a>, pristup 01. 11. 2019. <\/p>\n<p class=\"MsoNormal\" style=\"line-height: 170%;\">So\u0161i\u0107 \u017deljko, re\u017eiser predstave Pravednici po Kamiju, <a href=\"http:\/\/www.vijesti.me\/caffe\/pobunjeni-covjek-najopasniji-je-ali-i-najzdraviji-62141\">http:\/\/www.vijesti.me\/caffe\/pobunjeni-covjek-najopasniji-je-ali-i-najzdraviji-62141<\/a>, datum pristupa 21. 11. 2019. <\/p>\n<p class=\"MsoNormal\" style=\"line-height: 170%;\">Stirner Max, <em>Izvan \u010darobnog kruga, <\/em><a href=\"https:\/\/impulsportal.net\/index.php\/kolumne\/drustvo\/10888-max-stirner-izvan-carobnog-kruga\">https:\/\/impulsportal.net\/index.php\/kolumne\/drustvo\/10888-max-stirner-izvan-carobnog-kruga<\/a>, pristup, 12. 10. 2019. <\/p>\n<p class=\"MsoNormal\" style=\"line-height: 170%;\">Stojadinovi\u0107 Mladen, <em>Koncept gra\u0111anske neposlu\u0161nosti kod Jirgena Habermasa,<\/em> <a href=\"https:\/\/www.academia.edu\/3249477\/Koncept_gra%C4%91anske_neposlu%C5%A1nosti_kod_Jirgena_Habermasa\">https:\/\/www.academia.edu\/3249477\/Koncept_gra%C4%91anske_neposlu%C5%A1nosti_kod_Jirgena_Habermasa<\/a>, pristup 4. 11. 2019. <\/p>\n<p class=\"MsoNormal\" style=\"line-height: 170%;\">Thoreau H. D., <em>Gra\u0111anska neposlu\u0161nost<\/em>, knjiga <a href=\"https:\/\/www.ffzg.unizg.hr\/kssd\/casopis\/7br\/09-thoreau.pdf\">https:\/\/www.ffzg.unizg.hr\/kssd\/casopis\/7br\/09-thoreau.pdf<\/a>, pristup 21. 09. 2017. <\/p>\n<p class=\"MsoNormal\" style=\"line-height: 150%;\">&nbsp;<\/p>\n<p style=\"text-align: center;\" align=\"center\"><strong> <span style=\"font-size: 13.0pt; line-height: 150%;\">The Rebellion and the inability to communicate Social Consciousness<\/span><\/strong><\/p>\n<p class=\"MsoNormal\" style=\"line-height: 150%;\">&nbsp;<\/p>\n<p style=\"margin: 0cm 48.6pt 0.0001pt 54pt; line-height: 170%;\"><em><strong>Abstract<\/strong><\/em><\/p>\n<p class=\"MsoBodyText\" style=\"margin-top: 0cm; margin-right: 48.6pt; margin-bottom: .0001pt; margin-left: 54.0pt; line-height: 150%;\"><span style=\"font-size: 12.0pt; line-height: 150%; font-family: 'Times New Roman';\" lang=\"SR\">&nbsp;<\/span><\/p>\n<p class=\"MsoBodyText\" style=\"margin-top: 0cm; margin-right: 48.6pt; margin-bottom: .0001pt; margin-left: 54.0pt; line-height: 170%;\"><em>Communication implies acceptance, rejection, understanding, disagreement, rebellion. We fight against arbitrariness. Even the first rebel, Prometheus, does not oppose all the gods, especially the nature and everything created. He opposes Zeus\u2019s arbitrariness. \u201eThe rebellious man is\u201c, says Albert Camus, \u201ea man who says &#8211; no\u201d. Rebellion can be metaphysical (Kain, De Sade), romantics, nihilists, surrealists, Striner, Nietzsche, historical (Spartacus, Bakunin, Marx, Lenin, Mussolini), artistic (Rimbaud, Van Gogh, Zolla, Mayakovsky, Brando). In the 1960s, the character of socially engaged rebels was emphasized. Kellner tells us about the \u201cimplosion of identity\u201d, and in doing so implies situations in which identity is constructed using image and style. Hobbes, Locke, Habermas, Thorreau, Bey, Onfray, Passerin d\u2019Entreves, Gibran and many others have contemplated and written about rebellion. The right of rebellion is not always understood as a general human right.<\/em><\/p>\n<p class=\"MsoBodyText\" style=\"margin-top: 0cm; margin-right: 48.6pt; margin-bottom: .0001pt; margin-left: 54.0pt; line-height: 170%;\">&nbsp;<\/p>\n<p style=\"margin: 0cm 48.6pt 0.0001pt 54pt; line-height: 170%;\"><strong><em>Key words:<\/em><\/strong> <em>communication, rebellion, resistance, disobedience, anarchism.<\/em><\/p>\n<p class=\"MsoNormal\" style=\"line-height: 150%;\"><span lang=\"SR\">&nbsp;<\/span><\/p>\n<p><a name=\"2inmediasres17\"><\/a><\/p>\n<p class=\"MsoNormal\" style=\"line-height: 150%;\"><span lang=\"SR\">&nbsp;<\/span><\/p>\n<hr \/>\n<table style=\"width: 755px;\" border=\"0\">\n<tbody>\n<tr>\n<td style=\"width: 215px;\" valign=\"top\"><img loading=\"lazy\" decoding=\"async\" class=\" alignleft size-full wp-image-356\" style=\"float: left;\" src=\"https:\/\/centar-fm.org\/inmediasres\/wp-content\/uploads\/sites\/2\/2020\/09\/inmediasresno1malo17.png\" alt=\"inmediasres\" width=\"70\" height=\"103\" \/><\/p>\n<p class=\"MsoNormal\" style=\"line-height: 170%;\">\n <strong>&nbsp;9(17)#12 2020<\/strong> <\/p>\n<\/td>\n<td style=\"width: 315px;\" valign=\"top\">\n<p style=\"line-height: 170%; text-align: center;\">\n<a rel=\"license\" href=\"http:\/\/creativecommons.org\/licenses\/by-nc\/4.0\/\"><img decoding=\"async\" alt=\"Creative Commons licenca\" style=\"border-width:0\" src=\"https:\/\/i.creativecommons.org\/l\/by-nc\/4.0\/88x31.png\" \/><\/a><br \/>\u010casopis je otvorenog pristupa, a ovo djelo je dano na kori\u0161tenje pod licencom <a rel=\"license\" href=\"http:\/\/creativecommons.org\/licenses\/by-nc\/4.0\/\"><strong>Creative Commons Imenovanje-Nekomercijalno 4.0 me\u0111unarodna.<\/strong><\/a><\/p>\n<\/td>\n<td valign=\"top\">\n<p style=\"text-align: right; line-height: 150%;\" align=\"center\"><strong><br \/>\nDOI <a href=\"https:\/\/doi.org\/10.46640\/imr.9.17.2\">10.46640\/imr.9.17.2<\/a><br \/>\nUDK 070.422:179.8<br \/>\nPregledni \u010dlanak<br \/>\nReview article<br \/>\nPrimljeno: 23.12.2019.<\/strong><\/p>\n<\/td>\n<\/tr>\n<\/tbody>\n<\/table>\n<p class=\"MsoNormal\" style=\"line-height: 150%;\">&nbsp;<\/p>\n<p class=\"MsoNormal\" style=\"line-height: 150%;\">&nbsp;<\/p>\n<p class=\"MsoNormal\" style=\"text-align: center; line-height: 150%;\" align=\"center\"><span style=\"font-size: 15.0pt; line-height: 150%;\">Mirko Jakovljevi\u0107<\/span><\/p>\n<p style=\"text-align: center; line-height: 150%;\" align=\"center\">Visoka \u0161kola za komunikaciju, Beograd, Srbija<br \/>\nKola\u0161in, Crna Gora<\/p>\n<p>mirko.jakovljevic@viskom.ac.rs<\/p>\n<p style=\"text-align: center;\" align=\"center\"><strong> <span style=\"font-size: 16.0pt; line-height: 150%;\">Zavist \u2013 pukotina u karakteru novinara \u2013 reportera<\/span><\/strong><\/p>\n<p style=\"text-align: center; line-height: 150%;\" align=\"center\"><a href=\"http:\/\/www.centar-fm.org\/inmediasres\/images\/pdf\/17\/M. Jakovljevic, Zavist \u2013 pukotina u karakteru novinara \u2013 reportera.pdf\"><strong><span style=\"color: #DC0101; font-size: 8.0pt;\"><br \/>\nPuni tekst: pdf (374 KB), Hrvatski, Str. 2631 &#8211; 2637<br \/>\n<\/span><\/strong><\/a><\/p>\n<p class=\"MsoNormal\" style=\"line-height: 150%;\">&nbsp;<\/p>\n<p style=\"margin: 0cm 48.6pt 0.0001pt 54pt; line-height: 170%;\"><strong><em>Sa\u017eetak<\/em><\/strong><\/p>\n<p class=\"MsoBodyText\" style=\"margin-top: 0cm; margin-right: 48.6pt; margin-bottom: .0001pt; margin-left: 54.0pt; line-height: 150%;\"><span style=\"font-size: 12.0pt; line-height: 150%; font-family: 'Times New Roman';\" lang=\"SR\">&nbsp;<\/span><\/p>\n<p class=\"MsoBodyText\" style=\"margin-top: 0cm; margin-right: 48.6pt; margin-bottom: .0001pt; margin-left: 54.0pt; line-height: 170%;\"><em>Rad se bavi analizom li\u010dnosti televizijskog reportera. Posao novinara &#8211; reportera izuzetno je zahtjevan. Njime se mo\u017ee baviti jedino zrela li\u010dnost. Osim pozitivnih osobina jedna od \u201epukotina\u201c u karakteru \u010dovjekovog bi\u0107a i zrele li\u010dnosti je zavist. \u0160to je zavist? Kada se javlja zavist kod novinara? \u0160ta ukazuje na to da novinar &#8211; reporter zavidi drugom novinaru? Kako prevladavati zavist?<\/em><\/p>\n<p class=\"MsoBodyText\" style=\"margin-top: 0cm; margin-right: 48.6pt; margin-bottom: .0001pt; margin-left: 54.0pt; line-height: 170%;\">&nbsp;<\/p>\n<p style=\"margin: 0cm 48.6pt 0.0001pt 54pt; line-height: 170%;\"><strong><em>Klju\u010dne rije\u010di:<\/em><\/strong> <em>\u010dovjek, li\u010dnost, zavist, novinar &#8211; reporter.<\/em><\/p>\n<p class=\"MsoBodyText\" style=\"margin-top: 0cm; margin-right: 48.6pt; margin-bottom: .0001pt; margin-left: 54.0pt; line-height: 170%;\">&nbsp;<\/p>\n<p class=\"MsoNormal\" style=\"line-height: 150%;\">&nbsp;<\/p>\n<p align=\"right\" style=\"line-height: 170%;\"><strong><em>&ldquo;Veliko je \u010dovjekovo umije\u0107e kad je zadovoljan  onim \u0161to ima. Jo\u0161 je ve\u0107e umije\u0107e<br \/>\nkad je zadovoljan onim \u0161to mo\u017ee u\u010diniti na  vrijedan, uman i po\u0161ten na\u010din&rdquo;<\/em><\/strong><\/p>\n<p align=\"right\" style=\"line-height: 170%;\"><strong><em>&#8211;<\/em><\/strong><em> D.Kosovi\u0107<\/em><\/p>\n<p class=\"MsoNormal\" style=\"line-height: 170%;\">&nbsp;<\/p>\n<p class=\"MsoNormal\" style=\"line-height: 170%;\"><strong>1. Uvod<\/strong><\/p>\n<p class=\"MsoNormal\" style=\"line-height: 170%;\">Slojevitost  ljudskog karaktera vi\u0161e je skrivena u labirintima \u010dovjekovog bi\u0107a nego \u0161to je  prepoznatljiva i vidljiva u njegovim vanjskim manifestacijama. Lo\u0161i karakteri,  obdareni inteligencijom i pronicljivo\u0161\u0107u, mogu se prikrivati i la\u017eno  predstavljati. Ljudi sna\u017enog karaktera manjina su u golemom i nemjerljivom  svetu.\u00a0 Narodna poslovica ka\u017ee da &ldquo;zavist  nagriza ljudsko srce&rdquo;! Zavist je bolest koja razjeda ljudsku du\u0161u. Jo\u0161 u  periodu ranog kr\u0161\u0107anstva zavist se smatrala jednim od sedam smrtnih grijeha. To  dovoljno govori koliko je zavist opaka &ldquo;bolest&rdquo; za \u010dovjekovu du\u0161u. Nisu slu\u010dajno  jo\u0161 u srednjem vijeku umjetnici obja\u0161njavali zavist kao &ldquo;\u010dudovi\u0161te koje nagriza  srce&rdquo; i koje, ako ga se ne rije\u0161ite potpuno pojede \u010dovjeka iznutra. Zavidan \u010dovjek  ima iskrivljen pogled na svijet oko sebe i na sebe samog. U redakciji, zavidan  novinar obavlja posao tako \u0161to je u stalnom takmi\u010denju s kolegama kako bi ih  svojim izvje\u0161tavanjem pobijedio i u toj &ldquo;borbi&rdquo; ne preza ni od \u010dega. U takvoj  radnoj atmosferi ne mogu se posti\u0107i dobri rezultati a pogotovo se ne mo\u017ee  ostvariti osnovna funkcija novinarstva da informiranje gra\u0111ana bude objektivno,  pravovremeno i to\u010dno.\u00a0 <\/p>\n<p class=\"MsoNormal\" style=\"line-height: 170%;\"><strong>&nbsp;<\/strong><\/p>\n<p class=\"MsoNormal\" style=\"line-height: 170%;\"><strong>2. Kako  prepoznati zavist kod novinara<\/strong><\/p>\n<p class=\"MsoNormal\" style=\"line-height: 170%;\">Beskrajna razli\u010ditost  li\u010dnosti sama je po sebi karakteristika ljudskog postojanja. Pod li\u010dno\u0161\u0107u se  podrazumijevaju ukupne naslije\u0111ene i ste\u010dene psihi\u010dke osobine koje su  karakteristi\u010dne za jednog pojedinca i koje tog pojedinca \u010dine jedinstvenim.<a name=\"_ftnref28\"><\/a><a href=\"#_ftn28\"><sup>[<span style=\"font-family: 'times new roman', times;\"><strong>28<\/strong><\/span>]<\/sup><\/a> Pojedinac je specifi\u010dan primjer ljudske vrste. On je &ldquo;on&rdquo; i on je &ldquo;svi&rdquo;, on je  pojedinac sa svojim osobenostima i u tom smislu jedinstven, ali je u isti mah  predstavnik svih karakteristika ljudske rase. Njegova individualna li\u010dnost je  odre\u0111ena osobenostima ljudskog postojanja zajedni\u010dkog svim ljudima.<a name=\"_ftnref29\"><\/a><a href=\"#_ftn29\"><sup>[<span style=\"font-family: 'times new roman', times;\"><strong>29<\/strong><\/span>]<\/sup><\/a> Karakter li\u010dnosti razli\u010dito je definiran. Ipak, Freud je razvio ne samo prvu ve\u0107  i najdosljedniju i najprodorniju teoriju karaktera kao sistema te\u017enji koje se  nalaze u osnovi pona\u0161anja, ali nisu s njim identi\u010dne.<a name=\"_ftnref30\"><\/a><a href=\"#_ftn30\"><sup>[<span style=\"font-family: 'times new roman', times;\"><strong>30<\/strong><\/span>]<\/sup><\/a> Karakter je (relativno  trajan) oblik u koji se ljudska energija kanalizira tokom procesa asimilacije i  socijalizacije.<a name=\"_ftnref31\"><\/a><a href=\"#_ftn31\"><sup>[<span style=\"font-family: 'times new roman', times;\"><strong>31<\/strong><\/span>]<\/sup><\/a>\n<\/p>\n<p class=\"MsoNormal\" style=\"line-height: 170%;\">O <em>zavisti<\/em> kao jednom od karaktera ljudskog bi\u0107a pisali su i psiholozi, filozofi,  sociolozi, pa i pjesnici i dr\u017eavnici. Njego\u0161 je rekao: &ldquo;kletva, zavist, du\u0161evna  guba&rdquo;. Zavist nije daleko od mr\u017enje. Veliki pjesnik Goethe je zapisao da je  &ldquo;mr\u017enja aktivno nezadovoljstvo, a zavist pasivno; ne smijemo se stoga \u010duditi  \u0161to zavist tako brzo prelazi u mr\u017enju&rdquo;. Jovan Du\u010di\u0107 je smatrao da da je zavist  uro\u0111ena svakom ljudskom bi\u0107u, samo \u0161to je jedni skrivaju, a drugi ju poku\u0161avaju  suzbiti.<a name=\"_ftnref32\"><\/a><a href=\"#_ftn32\"><sup>[<span style=\"font-family: 'times new roman', times;\"><strong>32<\/strong><\/span>]<\/sup><\/a> Ono \u0161to je me\u0111utim nesporna \u010dinjenica jest da se taj oblik ljudskog karaktera u  razli\u010ditim intenzitetima \u010desto sre\u0107e kod ljudi. Zavidni su oni ljudi koji se,  umjesto da budu zadovoljni \u0161to je netko uspje\u0161an i superioran, da im to bude  poticaj da i oni streme uspjehu i najvi\u0161im dostignu\u0107ima, bave ogovaranjem  uspje\u0161nih. \u010cim se bilo tko izdigne iznad prosjeka mo\u017ee o\u010dekivati agresiju  zavidnika.<a name=\"_ftnref33\"><\/a><a href=\"#_ftn33\"><sup>[<span style=\"font-family: 'times new roman', times;\"><strong>33<\/strong><\/span>]<\/sup><\/a><\/p>\n<p class=\"MsoNormal\" style=\"line-height: 170%;\">\u010covjek u osnovi  sam stvara karakter, jer je u mogu\u0107nosti samoga sebe usavr\u0161ava prema svrhama  koje je sebi postavio, tako da te svrhe mogu biti op\u0107e i prihvatljive od strane  ostalih ljudi. Izgra\u0111eni karakter je mo\u0107 da se sva svoja djelatnost mo\u017ee  odvijati u skladu sa svojim najdubljim \u017eivotnim, moralnim i interesnim  uvjerenjima. Individua koja nema karakter ili ima slab karakter pada iz jednog  pravca u drugi.<a name=\"_ftnref34\"><\/a><a href=\"#_ftn34\"><sup>[<span style=\"font-family: 'times new roman', times;\"><strong>34<\/strong><\/span>]<\/sup><\/a><\/p>\n<p class=\"MsoNormal\" style=\"line-height: 170%;\">Profesor  Dobrivoje Stanojevi\u0107, analiziraju\u0107i medijske mitove modernog doba, izme\u0111u  ostalih smatra da je mit o li\u010dnosti novinara samorazoren ve\u0107 u \u010dinjenici da za  ovo zanimanje, danas ovdje i odvajkada, nije potrebna nikakva diploma. Kad je  ima, ona je zgodna preporuka da budemo oprezni kad spominjemo etiku<a name=\"_ftnref35\"><\/a><a href=\"#_ftn35\"><sup>[<span style=\"font-family: 'times new roman', times;\"><strong>35<\/strong><\/span>]<\/sup><\/a>.  U trci za informacijom novinari sve manje pi\u0161u nepristrano, sve su vi\u0161e iza  Nekoga ili nasuprot Nekome.<a name=\"_ftnref36\"><\/a><a href=\"#_ftn36\"><sup>[<span style=\"font-family: 'times new roman', times;\"><strong>36<\/strong><\/span>]<\/sup><\/a> U takvim okolnostima novinar umjesto dru\u0161tvenog, stavlja osobni interes u prvi  plan i na tom putu kr\u0161i, kako eti\u010dki kodeks profesije, tako i sve principe  prihva\u0107enih moralnih vrijednosti li\u010dnosti. <\/p>\n<p class=\"MsoNormal\" style=\"line-height: 170%;\">\u010cesto se de\u0161ava  da u redakcijama rade novinari koji &ldquo;bodu o\u010di&rdquo; drugim kolegama. Mladi su,  obrazovani, uspje\u0161ni, prema kolegama dobronamjerni a opet bez ikakvog razloga  postoje oni koji im zavide. Primjera radi kolega novinar je dobio posao u  drugoj redakciji, recimo Javnog servisa neke dr\u017eave. Novinar, poznanik iz  dotada\u0161nje redakcije umjesto da je sretan zbog njega on mu zavidi. Umjesto  iskrenih \u010destitki za kolegino novo radno mjesto drugi novinar do\u017eivljava taj  njegov premje\u0161taj na bolje radno i bolje pla\u0107eno mjesto kao vlastiti neuspjeh i  to je situacija kada se mo\u017ee re\u0107i da je druga osoba zavidna. U drugom slu\u010daju  kolega je uradio dobar &ldquo;prilog&rdquo;, dobru reporta\u017eu koja je zapa\u017eena kod gledalaca  i pohvaljena od urednika. Zavidan kolega ne\u0107e komentirati taj &ldquo;prilog&rdquo;, a na  pitanje je li pogledao tu reporta\u017eu odgovorit \u0107e da nije. Ako uop\u0107e  prokomentira kolegin rad re\u0107i \u0107e da od njega ne o\u010dekuje dobru reporta\u017eu a ako  ba\u0161 mora iskazati svoje mi\u0161ljenje govorit \u0107e da se kolegi &ldquo;omaklo&rdquo; da tako  ne\u0161to napravi ili pak da svatko ponekad, slu\u010dajno dobro napravi i komentirat \u0107e  s drugim kolegama u redakciji u stilu, citiramo narodnu izreku, &ldquo;da i \u0107orava  koka ubode neko zrno kukuruza&rdquo;. Posebno ukazujemo na lo\u0161u naviku, gotovo svih  novinara u redakciji, da komentiraju pla\u0107e ostalih kolega. Naime, iako su  zarade poslovna tajna, zainteresiranost zaposlenih da saznaju tko je koliku pla\u0107u  primio i tko je dobio tzv. varijabilu direktan su preduvjet za iskazivanje  zavisti kod novinara. Zavidan novinar neprikladnim pona\u0161anjem ometa kolege kada  se radi o komunikaciji s drugima, neumjesno upotrebljava suvremene digitalne  ure\u0111aje, bavi se spletkarenjem i sli\u010dnim radnjama. Druge kolege do\u017eivljavat \u0107e  kao arogantne iako oni to zapravo nisu. <\/p>\n<p class=\"MsoNormal\" style=\"line-height: 170%;\">Zavidne novinare  je lako prepoznati. To su oni koji umjesto da svojom produkcijom i anga\u017emanom  publici pribli\u017ee autenti\u010dno stvarala\u0161tvo, \u010dine da ono postaje sve dalje.  Jadikuju, afektivno verbaliziraju kako su malo zastupljeni ili uop\u0107e nisu  zastupljeni u medijima. \u010cine kao da oni odlu\u010duju o pravim vrijednostima  favoriziraju\u0107i iste stvaraoce i kriti\u010dare, zanemaruju\u0107i raznoglasje kao pokreta\u010dki  duh svakog stvaranja.<a name=\"_ftnref37\"><\/a><a href=\"#_ftn37\"><sup>[<span style=\"font-family: 'times new roman', times;\"><strong>37<\/strong><\/span>]<\/sup><\/a><\/p>\n<p class=\"MsoNormal\" style=\"line-height: 170%;\">Zavist se  pokazuje i u samom procesu proizvodnje reporta\u017ea. Takve primjere zavidni kolege  pokazuju najprije na redakcijskom sastanku. Zavidan kolega komentira da je  umjesto njega drugi kolega dobio radni anga\u017eman u redakciji koja se bavi  ekskluzivnim temama i temama od dr\u017eavnog interesa; da je tom kolegi, umjesto  njemu zbog toga zagarantirana bolja zarada. Smatra da drugi kolege, umjesto on,  gotovo uvijek izvje\u0161tavaju s lak\u0161eg doga\u0111aja. Uvjeren je i javno komentira da \u0107e,  ako je u pitanju rad u televizijskoj redakciji, snimatelj koji mu je odre\u0111en da  toga dana bude u ekipi s manje profesionalne pa\u017enje i, re\u010deno u \u017eargonu  &ldquo;ispolijevati&rdquo; snimke. Kada proces proizvodnje, recimo tv &#8211; priloga bude u fazi  monta\u017ee, zavidni novinar komentirati \u0107e da je dodijeljeni monta\u017eer drugima  uvijek bolje i pa\u017eljivije montirao prilog uva\u017eavaju\u0107i i ideje novinara. <\/p>\n<p class=\"MsoNormal\" style=\"line-height: 170%;\">Treba li ovdje  napomenuti da \u0107e takva osoba, osoba s takvom &ldquo;pukotinom&rdquo; u karakteru li\u010dnosti  zavidjeti kolegi ne samo na njegovom radu, tekstovima, tv i radio reporta\u017eama,  objavama na portalima ve\u0107 i na tipu i marki automobile koji koristi, stilu obla\u010denja  i garderobi, \u0161minki ako govorimo o kolegicama i dru\u0161tvenom \u017eivotu uop\u0107e. <\/p>\n<p class=\"MsoNormal\" style=\"line-height: 170%;\">Svaka osmi\u0161ljena  razlika mo\u017ee kod jednog broja ljudi izazvati zavist. Najgore je \u0161to se u  zavisti \u010desto ide do krajnosti zluradosti i drasti\u010dne netolerantnosti.<a name=\"_ftnref38\"><\/a><a href=\"#_ftn38\"><sup>[<span style=\"font-family: 'times new roman', times;\"><strong>38<\/strong><\/span>]<\/sup><\/a>\n<\/p>\n<p class=\"MsoNormal\" style=\"line-height: 170%;\"><strong>&nbsp;<\/strong><\/p>\n<p class=\"MsoNormal\" style=\"line-height: 170%;\"><strong>3. Kako se  &ldquo;izlije\u010diti&rdquo; od zavisti?<\/strong><\/p>\n<p align=\"right\" style=\"line-height: 170%;\"><strong><em>&ldquo;Zavist je uro\u0111ena svakom \u010dovjeku, makar to jedni  krili, a drugi suzbijali&rdquo;<\/em><\/strong><\/p>\n<p align=\"right\" style=\"line-height: 170%;\">&#8211; <em>J.Du\u010di\u0107<\/em><\/p>\n<p class=\"MsoNormal\" style=\"line-height: 170%;\">Po Slobodanu  Tomovi\u0107u zavist je donja to\u010dka podno\u0161ljivosti tu\u0111ih prednosti neposredno pred  transformaciju u mr\u017enju.<a name=\"_ftnref39\"><\/a><a href=\"#_ftn39\"><sup>[<span style=\"font-family: 'times new roman', times;\"><strong>39<\/strong><\/span>]<\/sup><\/a> Zavidna osoba je u velikom problemu. Ukoliko osoba, pa i novinar osjeti kod  sebe zavist, mora odmah rje\u0161avati taj problem. Ako novinar postane opsjednut  drugim novinarom, njegovim radom i krene kidati sve do tada uspostavljene veze  pripadnosti i lojalnosti redakcijskom timu, uredniku i mediju u kome je  zaposlen, mo\u017ee biti prekasno pa &bdquo;bolest&ldquo; zavisti mo\u017ee postati neizlje\u010divom.<\/p>\n<p class=\"MsoNormal\" style=\"line-height: 170%;\">Na samom po\u010detku  &ldquo;ozdravljenja&rdquo; najbolje je da svatko, pa i novinar dobro razmisli o vlastitim  osje\u0107ajima i vlastitom anga\u017emanu u profesiji i vlastitom \u017eivotu ako je  primijetio da postaje zavidan. Potrebno je da se novinar &ldquo;okrene&rdquo; oko sebe i  sagleda poslovno okru\u017eenje u kome stvara i \u017eivi; da poku\u0161a realno sagledati  kolege koje kritizira i za \u0161to im prigovara. Ovo je va\u017eno zbog \u010dinjenice da  novinar prvo mora poku\u0161ati otkriti je li problem u njemu samom. To mogu samo  osobe iskrene prema sebi i profesiji, ovdje novinarstvu, kojom se bave. <\/p>\n<p class=\"MsoNormal\" style=\"line-height: 170%;\">Da bi se  &ldquo;bolesno&rdquo; &#8211; zavidno stanje uma takve osobe pa i novinara izlije\u010dilo, neophodno  je sebi priznati da postoji zavist. Tok izlje\u010denja i &ldquo;postoperativni&rdquo; period ne\u0107e  biti lak, ali vrijedi poku\u0161ati. poku\u0161ati da se to zlo iz sebe izbaci. Jedan od  prvih koraka na tom putu je imati pozitivan pristup prema poslu, kolegama i  \u017eivotu uop\u0107e. Misliti pozitivno. Komunicirati pozitivno. Biti raspolo\u017een,  veseo, ali ne upadati u stanja euforije. Razgovarati s kolegama i pokrenuti ih  na dijalog i razgovor o svim pitanjima pa i onima iz svakodnevnog \u017eivota.  Poku\u0161ati, prvi promijeniti svoj odnos prema osobi kojoj zavidite.<\/p>\n<p class=\"MsoNormal\" style=\"line-height: 170%;\">Jedan od na\u010dina  prevladavanja zavisti je da zavidna osoba sagleda \u0161ta druge osobe imaju u  odnosu na nju. U ovom slu\u010daju novinar, treba pogledati kakvi su izvje\u0161taji i  rubrike ostalih kolega. Mnogi smatraju da su zreli a svojim pona\u0161anjem dokazuju  da su se grdno prevarili. Postoji veliki broj ljudi koji ima uzaludne velike  ljudske i kreativne potencijale.<a name=\"_ftnref40\"><\/a><a href=\"#_ftn40\"><sup>[<span style=\"font-family: 'times new roman', times;\"><strong>40<\/strong><\/span>]<\/sup><\/a> Ukoliko je novinar zrela li\u010dnost, a pretpostavka je da u takve li\u010dnosti spada,  onda mo\u017ee sagledati realnu sliku o radu kolega i donijeti ispravan sud u odnosu  na vlastiti rad. Nijedan novinar ne mo\u017ee raditi sve \u0161to ho\u0107e i kada ho\u0107e, ve\u0107  onda kad dobije zadatak od urednika. Nema potrebe za zavi\u0161\u0107u ukoliko, ukupno  gledaju\u0107i, zavidna osoba ima vi\u0161e uspjeha u odnosu na nekog trenutno uspje\u0161nijeg  kolegu. Novinar treba biti svjestan da svaka osoba radi ono \u0161to \u017eeli i da je  svako od nas talentiran za razli\u010dite poslove. Novinar se zato treba zapitati  za\u0161to zavidjeti kolegi koji je napravio intervju sa recimo, ministrom  prosvjete, ako je on &ldquo;donio&rdquo; odli\u010dan razgovor sa rudarom iz okna. Novinar treba  odoljeti isku\u0161enju zavisti.<\/p>\n<p class=\"MsoNormal\" style=\"line-height: 170%;\">Pogled na  ostvarenu novinarsku radnu listu mo\u017ee biti dobar &ldquo;lijek&rdquo; protiv zavisti jer  vlastiti bolji u\u010dinak od drugih kolega uti\u010de na to da novinar treba shvati da  je ostvario mnogo vi\u0161e nego \u0161to u trenutku &ldquo;napada zavisti&rdquo; misli. <\/p>\n<p class=\"MsoNormal\" style=\"line-height: 170%;\">Novinar je  privilegirana osoba koja se bavi profesijom novinarstva. Novinar mo\u017ee biti  novinar samo uz naporan rad. Me\u0111utim, svatko u redakciji treba po\u0161tovati rad i  trud drugih kolega i taj rad i trud cijeniti. Ako novinar cijeni i po\u0161tuje rad  drugog kolege onda i taj kolega po\u0161tuje i cijeni njegov rad i mjesta za zavist  jednostavno nema. Jako je va\u017eno da novinari budu ljubazni prema svim kolegama  pa \u010dak i ako im zavide.<\/p>\n<p class=\"MsoNormal\" style=\"line-height: 170%;\">Sama profesija  novinarstva nosi i odre\u0111ene specifi\u010dnosti koje drugi poslovi nemaju. Posao  novinara je izuzetno te\u017eak, zahtjevan i odgovoran, pogotovo danas u vreme  digitalne tehnologije i proizvodnje vijesti koje se plasiraju do korisnika  gotovo brzinom svjetlosti. Ukoliko u odre\u0111enoj situaciji nije prvi objavio  vijest novinar treba imati na umu da je i on bio u prilici za tako ne\u0161to, i da  korist od toga \u0161to je kolega prvi objavio imaju najvi\u0161e gledatelji, slu\u0161atelji  ili pak \u010ditatelji, i na kraju redakcija medija za koji radi. U ovom slu\u010daju  osje\u0107aj zavisti treba svakako izostati.<\/p>\n<p class=\"MsoNormal\" style=\"line-height: 170%;\">&nbsp;<\/p>\n<p class=\"MsoNormal\" style=\"line-height: 170%;\"><strong>4. Nekada je  i dobro biti zavidan<\/strong><\/p>\n<p align=\"right\" style=\"line-height: 170%;\"><strong><em>&ldquo;Ako ti nitko ne zavidi, zapitaj se da li pravilno  \u017eivi\u0161&rdquo;<\/em><\/strong><em>, M. Seneka<\/em><\/p>\n<p class=\"MsoNormal\" style=\"line-height: 170%;\">Ako osoba nema  namjeru u\u010diniti neko zlo osobi kojoj zavidi, zavist mo\u017ee biti i od koristi za  razvoj li\u010dnosti. Novinar koji zavidi drugom treba se upitati je li mu krivo \u0161to  je kolega uspio napraviti dobru pri\u010du, vijest za naslovnu stranu ili najavu u  udarnom terminu ve\u010dernjeg dnevnika zbog toga \u0161to njemu nije to uspjelo. Ako  novinar smatra da je odgovor potvrdan, ve\u0107 je do\u0161ao trenutak da se preispitaju  motivi i ciljevi za posao u profesiji kojom se bavi. Ako se \u010desto de\u0161ava da  novinar zavidi kad je reporta\u017ea nekog kolege bolje plasirana od njegove to je  jasan znak da se novinar mora posvetiti boljem vlastitom radnom anga\u017emanu.  Zavist se mora iskoristiti kao podsticaj za uspje\u0161niji vlastiti rad. Svakako,  za uspje\u0161an posao u novinarstvu treba se i\u0107i pravim i od struke prihva\u0107enim  &ldquo;kolosjecima&rdquo; a to je te\u017enja k originalnom novinarskom izrazu uz pronala\u017eene  vlastitog stila.\n<\/p>\n<p class=\"MsoNormal\" style=\"line-height: 170%;\">&nbsp;<\/p>\n<p class=\"MsoNormal\" style=\"line-height: 170%;\"><strong>5. Treba se  radovati koleginom uspjehu<\/strong><\/p>\n<p align=\"right\" style=\"line-height: 170%;\"><strong>&ldquo;<em>\u010cestitke su najpristojniji oblik zavisti&rdquo;-<\/em><\/strong><em> J. Heltan<\/em><\/p>\n<p class=\"MsoNormal\" style=\"line-height: 170%;\">Kada je novinar  blizak s nekim kolegom on zna kada je kolegi potrebna pohvala ili \u010dak pomo\u0107 za,  na primjer, u redakciji bi se reklo kako da se po\u010dne prva re\u010denica. To isto  novinar o\u010dekuje i od kolege. Pravi kolega uvijek je spreman pomo\u0107i kolegi  novinaru i kada se dijeli radost za dobro ocijenjen prilog ili kada je novinar  uslijed gre\u0161ke na &ldquo;o\u0161trici uredni\u010dkih kritika&rdquo;.<\/p>\n<p class=\"MsoNormal\" style=\"line-height: 170%;\">Uspeh dobrog  novinarskog u\u010dinka nema velikog zna\u010daja ako za njega ne znaju kolege. Zato, u  vreme digitalnih informacija, odvojiti vremena za kolege novinare kako bi si \u010destitali  i uz kavu se po\u010dastili za dobro plasiranu reporta\u017eu, vijest, pri\u010du, odli\u010dan je  na\u010din da se poka\u017ee jedinstvo i sloga u redakciji i da se doka\u017ee da zavist ne  postoji.<\/p>\n<p class=\"MsoNormal\" style=\"line-height: 170%;\"><strong>&nbsp;<\/strong><\/p>\n<p class=\"MsoNormal\" style=\"line-height: 170%;\"><strong>Zaklju\u010dak:<\/strong><\/p>\n<p class=\"MsoNormal\" style=\"line-height: 170%;\">Na osnovu  iznesenog, moramo se slo\u017eiti da je <em>zavist bolest koja razjeda ljudsku du\u0161u<\/em>.  Novinari koji danas izvje\u0161tavaju suo\u010deni su s tom pojavom i s njom se moraju  izboriti, svatko sam sa sobom tako \u0161to \u0107e poku\u0161ati prona\u0107i vlastitu istinu i  smisao bavljenja odabranim poslom, a time i su\u0161tinu vlastitog postojanja.  Jedino tako \u0107e novinar mo\u0107i raditi, oslobo\u0111en od povr\u0161nosti, spreman da  polemizira, kritizira, sagledava stvarnost na pravi na\u010din. Jedino takvim  promi\u0161ljanjem novinar \u0107e i po\u0161tovati kolege iz bran\u0161e a njegov karakter \u0107e biti  &bdquo;izlije\u010den&ldquo; od zavisti.<\/p>\n<p class=\"MsoNormal\" style=\"line-height: 150%;\">&nbsp;<\/p>\n<hr align=\"left\" size=\"1\" width=\"33%\" \/>\n<div id=\"ftn28\">\n<p class=\"MsoNormal\" style=\"line-height: 150%;\"><span style=\"font-size: 8.0pt;\"><a name=\"_ftn28\"><\/a><a href=\"#_ftnref28\"><sup>[<span style=\"font-family: 'times new roman', \ntimes;\"><strong>28<\/strong><\/span>]<\/sup><\/a>&nbsp;<br \/>\nErich From, <em>\u010covjek za sebe<\/em>, Kosmos  izdava\u0161tvo, Beograd, Nova knjiga, Podgorica 2018., str. 43.<\/p>\n<p><\/span><\/p>\n<\/div>\n<div id=\"ftn29\">\n<p class=\"MsoNormal\" style=\"line-height: 150%;\"><span style=\"font-size: 8.0pt;\"><a name=\"_ftn29\"><\/a><a href=\"#_ftnref29\"><sup>[<span style=\"font-family: 'times new roman', \ntimes;\"><strong>29<\/strong><\/span>]<\/sup><\/a>&nbsp;<br \/>\nErich From, <em>\u010covjek za sebe<\/em>, str. 35.<br \/>\n<\/span><\/p>\n<\/div>\n<div id=\"ftn30\">\n<p class=\"MsoNormal\" style=\"line-height: 150%;\"><span style=\"font-size: 8.0pt;\"><a name=\"_ftn30\"><\/a><a href=\"#_ftnref30\"><sup>[<span style=\"font-family: 'times new roman', \ntimes;\"><strong>30<\/strong><\/span>]<\/sup><\/a>&nbsp;<br \/>\nIbid., str. 46.<\/p>\n<p><\/span><\/p>\n<\/div>\n<div id=\"ftn31\">\n<p class=\"MsoNormal\" style=\"line-height: 150%;\"><span style=\"font-size: 8.0pt;\"><a name=\"_ftn31\"><\/a><a href=\"#_ftnref31\"><sup>[<span style=\"font-family: 'times new roman', \ntimes;\"><strong>31<\/strong><\/span>]<\/sup><\/a>&nbsp;<br \/>\nIbid., str. 49.<\/p>\n<p><\/span><\/p>\n<\/div>\n<div id=\"ftn32\">\n<p class=\"MsoNormal\" style=\"line-height: 150%;\"><span style=\"font-size: 8.0pt;\"><a name=\"_ftn32\"><\/a><a href=\"#_ftnref32\"><sup>[<span style=\"font-family: 'times new roman', \ntimes;\"><strong>32<\/strong><\/span>]<\/sup><\/a>&nbsp;<br \/>\nDu\u0161an Kosovi\u0107, <em>Zapisi<\/em>, str. 299. <\/span><\/p>\n<\/div>\n<div id=\"ftn33\">\n<p class=\"MsoNormal\" style=\"line-height: 150%;\"><span style=\"font-size: 8.0pt;\"><a name=\"_ftn33\"><\/a><a href=\"#_ftnref33\"><sup>[<span style=\"font-family: 'times new roman', \ntimes;\"><strong>33<\/strong><\/span>]<\/sup><\/a>&nbsp;<br \/>\nIbid., str. 299-300.<br \/>\n<\/span><\/p>\n<\/div>\n<div id=\"ftn34\">\n<p class=\"MsoNormal\" style=\"line-height: 150%;\"><span style=\"font-size: 8.0pt;\"><a name=\"_ftn34\"><\/a><a href=\"#_ftnref34\"><sup>[<span style=\"font-family: 'times new roman', \ntimes;\"><strong>34<\/strong><\/span>]<\/sup><\/a>&nbsp;<br \/>\nM. A. Perovi\u0107, <em>Etika medija<\/em>, KIC Bijeli Pavle,  Danilovgrad 2007., str. 62.<\/p>\n<p><\/span><\/p>\n<\/div>\n<div id=\"ftn35\">\n<p class=\"MsoNormal\" style=\"line-height: 150%;\"><span style=\"font-size: 8.0pt;\"><a name=\"_ftn35\"><\/a><a href=\"#_ftnref35\"><sup>[<span style=\"font-family: 'times new roman', \ntimes;\"><strong>35<\/strong><\/span>]<\/sup><\/a>&nbsp;<br \/>\nD. \u017d. Stanojevi\u0107 i M. M. \u0110or\u0111evi\u0107, <em>Fakultet  pedago\u0161kih nauka Jagodina<\/em>, Clio, Beograd, Serbika Kru\u0161evac, 2019., str. 44.<\/p>\n<p><\/span><\/p>\n<\/div>\n<div id=\"ftn36\">\n<p class=\"MsoNormal\" style=\"line-height: 150%;\"><span style=\"font-size: 8.0pt;\"><a name=\"_ftn36\"><\/a><a href=\"#_ftnref36\"><sup>[<span style=\"font-family: 'times new roman', \ntimes;\"><strong>36<\/strong><\/span>]<\/sup><\/a>&nbsp;<br \/>\nD. \u017d. Stanojevi\u0107 i M. M. \u0110or\u0111evi\u0107, <em>Fakultet  pedago\u0161kih nauka Jagodina<\/em>, str. 44.<br \/>\n<\/span><\/p>\n<\/div>\n<div id=\"ftn37\">\n<p class=\"MsoNormal\" style=\"line-height: 150%;\"><span style=\"font-size: 8.0pt;\"><a name=\"_ftn37\"><\/a><a href=\"#_ftnref37\"><sup>[<span style=\"font-family: 'times new roman', \ntimes;\"><strong>37<\/strong><\/span>]<\/sup><\/a>&nbsp;<br \/>\nIbid, str. 50.<\/p>\n<p><\/span><\/p>\n<\/div>\n<div id=\"ftn38\">\n<p class=\"MsoNormal\" style=\"line-height: 150%;\"><span style=\"font-size: 8.0pt;\"><a name=\"_ftn38\"><\/a><a href=\"#_ftnref38\"><sup>[<span style=\"font-family: 'times new roman', \ntimes;\"><strong>38<\/strong><\/span>]<\/sup><\/a>&nbsp;<br \/>\nDu\u0161an Kosovi\u0107,<em> Zapisi<\/em>, str. 300. <\/span><\/p>\n<\/div>\n<div id=\"ftn39\">\n<p class=\"MsoNormal\" style=\"line-height: 150%;\"><span style=\"font-size: 8.0pt;\"><a name=\"_ftn39\"><\/a><a href=\"#_ftnref39\"><sup>[<span style=\"font-family: 'times new roman', \ntimes;\"><strong>39<\/strong><\/span>]<\/sup><\/a>&nbsp;<br \/>\nSlobodan. Tomovi\u0107, <em>5000 Vrednosnih sudova<\/em>,  \u0160tampar Makarije, Beograd, Oktoih, Podgorica, 2011. str. 313.<\/p>\n<p><\/span><\/p>\n<\/div>\n<div id=\"ftn40\">\n<p class=\"MsoNormal\" style=\"line-height: 150%;\"><span style=\"font-size: 8.0pt;\"><a name=\"_ftn40\"><\/a><a href=\"#_ftnref40\"><sup>[<span style=\"font-family: 'times new roman', \ntimes;\"><strong>40<\/strong><\/span>]<\/sup><\/a>&nbsp;<br \/>\nDu\u0161an, .Kosovi\u0107, <em>Zapisi<\/em>, str. 311.<\/p>\n<p><\/span><\/p>\n<\/div>\n<p class=\"MsoNormal\" style=\"line-height: 150%;\">&nbsp;<\/p>\n<p class=\"MsoNormal\" style=\"line-height: 170%;\"><strong>Literatura:<\/strong><\/p>\n<p class=\"MsoNormal\" style=\"line-height: 170%;\">Kosovi\u0107, Du\u0161an, <em>Zapisi,<\/em> \u010cigoja \u0161tampa,  Beograd 2011.<\/p>\n<p class=\"MsoNormal\" style=\"line-height: 170%;\">Fromm, Erich, <em>\u010covek za sebe<\/em>, Kosmos  izdava\u0161tvo, Beograd, Nova knjiga, Podgorica 2018.<\/p>\n<p class=\"MsoNormal\" style=\"line-height: 170%;\">Perovi\u0107, Milenko, A., <em>Etika medija,<\/em> KIC  Bijeli Pavle, Danilovgrad 2007.<\/p>\n<p class=\"MsoNormal\" style=\"line-height: 170%;\">Tomovi\u0107, Slobodan, <em>5000 Vrednosnih sudova<\/em>,  \u0160tampar Makarije, Beograd, Oktoih, Podgorica 2011.<\/p>\n<p class=\"MsoNormal\" style=\"line-height: 170%;\">Stanojevi\u0107, Dobrivoje, \u017d. i \u0110or\u0111evi\u0107, Marko, M. <em>Fakultet  pedago\u0161kih nauka Jagodina<\/em>, Clio, Beograd, Serbika, Kru\u0161evac 2019.<\/p>\n<p class=\"MsoNormal\" style=\"line-height: 150%;\">&nbsp;<\/p>\n<p style=\"text-align: center;\" align=\"center\"><strong> <span style=\"font-size: 13.0pt; line-height: 150%;\">Envy \u2013 a Fissure in Journalist \u2013 Reporter\u2019s Character<\/span><\/strong><\/p>\n<p class=\"MsoNormal\" style=\"line-height: 150%;\">&nbsp;<\/p>\n<p style=\"margin: 0cm 48.6pt 0.0001pt 54pt; line-height: 170%;\"><em><strong>Abstract<\/strong><\/em><\/p>\n<p class=\"MsoBodyText\" style=\"margin-top: 0cm; margin-right: 48.6pt; margin-bottom: .0001pt; margin-left: 54.0pt; line-height: 150%;\"><span style=\"font-size: 12.0pt; line-height: 150%; font-family: 'Times New Roman';\" lang=\"SR\">&nbsp;<\/span><\/p>\n<p class=\"MsoBodyText\" style=\"margin-top: 0cm; margin-right: 48.6pt; margin-bottom: .0001pt; margin-left: 54.0pt; line-height: 170%;\"><em>The paper deals with the analysis of a television reporter\u2019s personality. The job of a journalist-reporter is extremely demanding. Only mature personality can deal with it. Apart from its positive qualities, one of the  \u201cfissures\u201d in the character of a human being and mature personality is envy. What is envy? When does it manifest inside a journalist? What indicates that a journalist-reporter envies another journalist? How to overcome envy?<\/em><\/p>\n<p class=\"MsoBodyText\" style=\"margin-top: 0cm; margin-right: 48.6pt; margin-bottom: .0001pt; margin-left: 54.0pt; line-height: 170%;\">&nbsp;<\/p>\n<p style=\"margin: 0cm 48.6pt 0.0001pt 54pt; line-height: 170%;\"><strong><em>Key words:<\/em><\/strong> <em>man, personality, envy, journalist &#8211; reporter.<\/em><\/p>\n<p class=\"MsoNormal\" style=\"line-height: 150%;\"><span lang=\"SR\">&nbsp;<\/span><\/p>\n<p><a name=\"3inmediasres17\"><\/a><\/p>\n<p class=\"MsoNormal\" style=\"line-height: 150%;\"><span lang=\"SR\">&nbsp;<\/span><\/p>\n<hr \/>\n<table style=\"width: 755px;\" border=\"0\">\n<tbody>\n<tr>\n<td style=\"width: 215px;\" valign=\"top\"><img loading=\"lazy\" decoding=\"async\" class=\" alignleft size-full wp-image-356\" style=\"float: left;\" src=\"https:\/\/centar-fm.org\/inmediasres\/wp-content\/uploads\/sites\/2\/2020\/09\/inmediasresno1malo17.png\" alt=\"inmediasres\" width=\"70\" height=\"103\" \/><\/p>\n<p class=\"MsoNormal\" style=\"line-height: 170%;\">\n <strong>&nbsp;9(17)#13 2020 <\/strong> <\/p>\n<\/td>\n<td style=\"width: 315px;\" valign=\"top\">\n<p style=\"line-height: 170%; text-align: center;\">\n<a rel=\"license\" href=\"http:\/\/creativecommons.org\/licenses\/by-nc\/4.0\/\"><img decoding=\"async\" alt=\"Creative Commons licenca\" style=\"border-width:0\" src=\"https:\/\/i.creativecommons.org\/l\/by-nc\/4.0\/88x31.png\" \/><\/a><br \/>\u010casopis je otvorenog pristupa, a ovo djelo je dano na kori\u0161tenje pod licencom <a rel=\"license\" href=\"http:\/\/creativecommons.org\/licenses\/by-nc\/4.0\/\"><strong>Creative Commons Imenovanje-Nekomercijalno 4.0 me\u0111unarodna.<\/strong><\/a><\/p>\n<\/td>\n<td valign=\"top\">\n<p style=\"text-align: right; line-height: 150%;\" align=\"center\"><strong><br \/>\nDOI <a href=\"https:\/\/doi.org\/10.46640\/imr.9.17.3\">10.46640\/imr.9.17.3<\/a><br \/>\nUDK 070.41:342.34<br \/>\nPregledni \u010dlanak<br \/>\nReview article<br \/>\nPrimljeno: 24.02.2020.<\/strong><\/p>\n<\/td>\n<\/tr>\n<\/tbody>\n<\/table>\n<p class=\"MsoNormal\" style=\"line-height: 150%;\">&nbsp;<\/p>\n<p class=\"MsoNormal\" style=\"line-height: 150%;\">&nbsp;<\/p>\n<p class=\"MsoNormal\" style=\"text-align: center; line-height: 150%;\" align=\"center\"><span style=\"font-size: 15.0pt; line-height: 150%;\"><a href=\"https:\/\/orcid.org\/0000-0002-3235-2591\"><br \/>\nEnis Zebi\u0107<\/a><\/span><\/p>\n<p style=\"text-align: center; line-height: 150%;\" align=\"center\">Zagreb, Kralja Zvonimira 119, Hrvatska<\/p>\n<p>enis.zebic@gmail.com<\/p>\n<p style=\"text-align: center;\" align=\"center\"><strong> <span style=\"font-size: 16.0pt; line-height: 150%;\">Prilog novinarskom pitanju<\/p>\n<p>O nekim problemima novinarske prakse i neprevladanog naslje\u0111a<\/span><\/strong><\/p>\n<p style=\"text-align: center; line-height: 150%;\" align=\"center\"><a href=\"http:\/\/www.centar-fm.org\/inmediasres\/images\/pdf\/17\/E. Zebic, Prilog novinarskom pitanju.pdf\"><strong><span style=\"color: #DC0101; font-size: 8.0pt;\"><br \/>\nPuni tekst: pdf (470 KB), Hrvatski, Str. 2639 &#8211; 2648<br \/>\n<\/span><\/strong><\/a><\/p>\n<p class=\"MsoNormal\" style=\"line-height: 150%;\">&nbsp;<\/p>\n<p style=\"margin: 0cm 48.6pt 0.0001pt 54pt; line-height: 170%;\"><strong><em>Sa\u017eetak<\/em><\/strong><\/p>\n<p class=\"MsoBodyText\" style=\"margin-top: 0cm; margin-right: 48.6pt; margin-bottom: .0001pt; margin-left: 54.0pt; line-height: 150%;\"><span style=\"font-size: 12.0pt; line-height: 150%; font-family: 'Times New Roman';\" lang=\"SR\">&nbsp;<\/span><\/p>\n<p class=\"MsoBodyText\" style=\"margin-top: 0cm; margin-right: 48.6pt; margin-bottom: .0001pt; margin-left: 54.0pt; line-height: 170%;\"><em>Temeljem tridesetogodi\u0161njeg novinarskog iskustva u dnevnom novinarstvu autor analizira neke segmente hrvatskog medijskog prostora, a posebnu pozornost posve\u0107uje nu\u017enosti ve\u0107eg profesionalizma i odgovornijem odnosu prema \u010dinjenicama. Nedostatna razina profesionalizma na\u0161la je plodno tlo na naslje\u0111u \u017eutog, neprofesionalnog i mrzila\u010dkog novinarstva u nekim mainstream medijima po\u010detkom devedesetih.<\/em><\/p>\n<p class=\"MsoBodyText\" style=\"margin-top: 0cm; margin-right: 48.6pt; margin-bottom: .0001pt; margin-left: 54.0pt; line-height: 170%;\">&nbsp;<\/p>\n<p style=\"margin: 0cm 48.6pt 0.0001pt 54pt; line-height: 170%;\"><strong><em>Klju\u010dne rije\u010di:<\/em><\/strong> <em>novinarstvo, profesionalizam, izostanak sankcije, Kolinda Grabar Kitarovi\u0107, tjednik \u201eGlobus\u201c.<\/em><\/p>\n<p class=\"MsoBodyText\" style=\"margin-top: 0cm; margin-right: 48.6pt; margin-bottom: .0001pt; margin-left: 54.0pt; line-height: 170%;\">&nbsp;<\/p>\n<p class=\"MsoNormal\" style=\"line-height: 150%;\">&nbsp;<\/p>\n<p class=\"MsoNormal\" style=\"line-height: 170%;\">Pred dvadeset i vi\u0161e godina volio sam citirati re\u010denicu: &bdquo;Novinar treba na stolu imati samo dvije knjige \u2013 pravopis i ustav&ldquo;, i pripisivao sam je Marku Twainu. U neko doba krenuo sam provjeriti je li to doista Twainova izreka, ali \u010dini se da &#8211; nije. Mora da sam negdje na\u0161ao tu re\u010denicu i bog zna kojim procesima u mozgu pripisao je Marku Twainu, koji je \u2013 osim \u0161to je bio i ostao briljantan knji\u017eevnik &#8211; bio i ostao i briljantan novinar. A njegova pri\u010da &bdquo;Novinarstvo u Tennesseeju&ldquo;\u00a0 bila je Biblija omladinskim novinarima \u0161ezdesetih i sedamdesetih godina pro\u0161log stolje\u0107a<a name=\"_ftnref41\"><\/a><a href=\"#_ftn41\"><sup>[<span style=\"font-family: 'times new roman', times;\"><strong>41<\/strong><\/span>]<\/sup><\/a>, a mo\u017eda i ranije. <\/p>\n<p class=\"MsoNormal\" style=\"line-height: 170%;\">Bila Twainova ili ne \u2013 moja pouzdano nije \u2013 izreka debelo ima smisla. Ako znamo pravopis (i gramatiku) ljudi \u0107e nas razumjeti i ne\u0107e baciti novine ili oti\u0107i na drugu web stranicu nakon prve na\u0161e pogre\u0161ke s &bdquo;ije&ldquo;\u00a0 ili &bdquo;je&ldquo;\u00a0 i &bdquo;\u010d&ldquo;\u00a0 i &bdquo;\u0107&ldquo;. Ovo s Ustavom je malo kompleksnije, ali tako\u0111er mislim da dr\u017ei vodu. O detaljima kasnije. Ova (ne)Twainova jedna je od brojnih definicija novinara, i to jedna od boljih. A preciznije definiranje, odre\u0111ivanje tko je novinar i koja je njegova uloga u dru\u0161tvu i u javnom prostoru pomoglo bi da se jasnije prepozna probleme s kojima se novinarstvo, mediji i novinari sada suo\u010davaju i mo\u017eda na\u0111e neki na\u010din da se te probleme ili dio njih preciznije locira i jasnije opi\u0161e, a to je najbolji put prema tome da ih se i rije\u0161i ili bar zapo\u010dne\/nastavi rje\u0161avati.<\/p>\n<p class=\"MsoNormal\" style=\"line-height: 170%;\">Uobi\u010dajeno je glavne probleme medija, novinarstva i novinara locirati u zonu politi\u010dke presije i presije ogla\u0161iva\u010da. O tome se pi\u0161e mnogo i obi\u010dno relevantno. Ja \u0107u poku\u0161ati re\u0107i \u0161togod o problemima novinarske prakse, o tome s kojim se problemima dnevno susre\u0107emo u toj dvostrukoj ulozi \u2013 autora novinarskih uradaka i u isto vrijeme njihovih recipijenata, o tome koje nedostatke prepoznajem i kako bi ih se mo\u017eda moglo prevladati. Osobno, imam i tre\u0107u \u2013 <em>pri\u010duvnu \u2013<\/em> poziciju. Ja sam 30 godina dnevni novinar unutarnje politike. Po\u010deo sam u gradskoj rubrici, pisao sam me\u0111u ostalim i o tr\u017enici i javnim zahodima, pa sam s vremenom napredovao do manje \u017eivopisnih ali \u2013 kako tvrde \u2013 dru\u0161tveno relevantnijih tema. Sa druge strane, imam humanisti\u010dko obrazovanje i after-hours bavim se znano\u0161\u0107u, pa se mo\u017eda takva <em>razroka <\/em>pozicija poka\u017ee korisnom i plodonosnom.<\/p>\n<p class=\"MsoNormal\" style=\"line-height: 170%;\">Ono \u0161to me najvi\u0161e zanima je uloga novinara i medija u demokratskom procesu. Ostavljaju\u0107i po strani razli\u010dite teorije i definicije demokracije, predmet interesa nam je demokratska procedura. Nju bismo mogli opisati kao proces u kojem zainteresirani i primjereno, odnosno dostatno informirani gra\u0111ani nakon temeljite rasprave odlu\u010duju o ovom ili onom pitanju va\u017enom za funkcioniranje njihove zajednice. Novinari i mediji su ovdje da im posreduju potrebne informacije, da budu facilitatori diskusije, da zainteresiranima, stru\u010dnjacima i javnim intelektualcima omogu\u0107e prostor za problematiziranje ili zagovaranje ove ili one opcije. \u010cinjenica da oni koji biraju imaju sve relevantne informacije va\u017ena je za valjano odvijanje demokratskog procesa bar na dvije razine: prvo, to daje temelja za pretpostavku da \u0107e bira\u010di odluke donositi odgovorno i na osnovi dostatnih informacija a ne neznanja i dezinformacija, i drugo \u2013 informacije posredovane medijima slu\u017ee kao svojevrsni mehanizmi za provjeru i verifikaciju u kolikoj mjeri izabrani predstavnici gra\u0111ana u izvr\u0161noj i zakonodavnoj vlasti obavljaju zada\u0107e za \u010dije izvr\u0161avanje su temeljem izbornih obe\u0107anja i programa izabrani. Neka vrsta trajnog antagonizma izme\u0111u vlasti i medija tretira se na fonu progla\u0161avanja medija &bdquo;\u010detvrtom vla\u0161\u0107u&ldquo; kao bitan doprinos i dokaz zdravlja demokratskog sustava. Neki me\u0111utim ka\u017eu kako ta ocjena na\u010delno ne vrijedi i za post &#8211; konfliktna dru\u0161tva<a name=\"_ftnref42\"><\/a><a href=\"#_ftn42\"><sup>[<span style=\"font-family: 'times new roman', times;\"><strong>42<\/strong><\/span>]<\/sup><\/a>, sa \u010dime se ne bismo slo\u017eili. Dapa\u010de, upravo to su situacije u kojima mediji mogu i moraju pokazati svoju kriti\u010dku (nasuprot dogmatskoj i\/ili apologetskoj) poziciju. Upozorenja da je takvo razumijevanje demokratskog procesa &#8211; kako smo kazali, procesa u kojem zainteresirani i primjereno, odnosno dostatno informirani gra\u0111ani nakon temeljite rasprave odlu\u010duju o ovom ili onom pitanju va\u017enom za funkcioniranje njihove zajednice &#8211; prevladano, da je informacija previ\u0161e, da ljudi nisu zainteresirani, i da je javnost konstrukcija, a ne realitet stari, su gotovo stotinu godina \u2013 od Lippmanna nadalje.<a name=\"_ftnref43\"><\/a><a href=\"#_ftn43\"><sup>[<span style=\"font-family: 'times new roman', times;\"><strong>43<\/strong><\/span>]<\/sup><\/a> Me\u0111utim, do sada bolje rje\u0161enje nije prona\u0111eno. <\/p>\n<p class=\"MsoNormal\" style=\"line-height: 170%;\">Novinar treba pribaviti relevantne informacije, treba u svakodnevno sve gu\u0161\u0107oj \u0161umi novih i novih informacija prepoznati koja je relevantna a koja nije, i nakon toga treba je plasirati na razumljiv i pristupa\u010dan na\u010din. Za prepoznavanje relevantnosti novinar treba biti suveren u materiji o kojoj pi\u0161e. U tom kontekstu \u2013 kada se radi o unutarnjoj politici \u2013 doista treba na stolu imati i Ustav. \u010cesta praksa prisutna u prete\u017enom broju redakcija da se bavi\u0161 onim \u0161to se de\u0161ava, \u0161to je &bdquo;uletilo&ldquo;\u00a0 u tvojoj \u0161ihti, pogubna je. Ne zna\u0161 o \u010demu se radi, guglanje mo\u017ee malo pomo\u0107i ali ne do kraja, ne zna\u0161 prepoznati \u0161to je vijest u doga\u0111aju kojeg prati\u0161. Utoliko su novinari &bdquo;sektora\u0161i&ldquo; i dalje sna\u017enija garancija dobrog pokrivanja neke teme nego novinari sva\u0161tari.<\/p>\n<p class=\"MsoNormal\" style=\"line-height: 170%;\">U tom kontekstu trebalo bi mo\u017eda razmotriti i istra\u017eiva\u010dko novinarstvo. Naime, sada se implicira podjela na istra\u017eiva\u010dke novinare i one druge. Jedini imaju eros, \u017eicu i <em>balls <\/em>za bavljenje istra\u017eiva\u010dkim novinstvom, a drugi su \u2013 da karikiramo stvar \u2013 korektni mediokriteti. Mo\u017eda bi bolja i za dalju analizu plodonosnija bila podjela na dobre, zainteresirane i specijalizirane novinare i manje dobre, manje zainteresirane i nespecijalizirane novinare. Naime, samo novinar koji je suveren u nekoj temi (dakle &#8211; &bdquo;sektora\u0161&ldquo;) mo\u017ee u materijalu kojeg prona\u0111e ili dobije po\u0161tom od nepoznatog po\u0161iljatelja prepoznati potencijalnu vijest, mo\u017ee je smjestiti u poznati kontekst i pokucati na prava vrata kako bi krenuo s istra\u017eivanjem. Novinaru koji u tome nije suveren netko tre\u0107i mora objasniti gdje je tu vijest. Novinar koji je suveren u nekoj temi (&bdquo;sektora\u0161&ldquo;) mo\u017ee prepoznati je li posrijedi podmetanje opcije A opciji B, ili se doista radi o po\u0161iljci nekog ogor\u010denog hrvatskog &bdquo;dubokog grla&ldquo; kojem je dosta bezakonja u ovom ili onom segmentu hrvatskog dru\u0161tva ili politike. <\/p>\n<p class=\"MsoNormal\" style=\"line-height: 170%;\">\u0160to \u0107emo sa citizen journalismom? Ono ima svoje mjesto u novinarstvu, ali valja ga precizno odrediti. Da, gra\u0111ani mogu javiti o doga\u0111aju, poslati fotografiju ili video. Oni mogu i trebaju imati vi\u0161e ili manje artikuliran stav o nekom politi\u010dkom ili dru\u0161tvenom problemu koji \u0107e biti objavljen u pismima \u010ditatelja ili na srodnom prostoru u medijima. Ostalo je posao novinara. Novinar ima Eti\u010dki kodeks, poznaje do neke mjere medijsko zakonodavstvo, ima profesionalne uzuse, urednika, vjeru da \u0107e se i sutra baviti tim poslom. Citizen journalist neka radi ono \u0161to bi na mjestu saobra\u0107ajne nesre\u0107e radio svaki priseban prolaznik \u2013 neka na najbolji na\u010din poku\u0161a pomo\u0107i unesre\u0107enima, nastoje\u0107i ne napraviti \u0161tetu do dolaska kvalificirane medicinske ekipe. Dakle, neka upozori na doga\u0111aj ili pojavu, neka slika ili snimi video, neka da informaciju kvalificiranoj osobi koja ima znanja i vje\u0161tine prepoznati \u0161to je to\u010dno, a \u0161to nije, \u0161to je relevantno, a \u0161to nije, \u0161to je kr\u0161enje Eti\u010dkog kodeksa a \u0161to nije.<\/p>\n<p class=\"MsoNormal\" style=\"line-height: 170%;\">Ako se tu ne zaustavi nego krene dalje \u2013 bez profesionalnog znanja i bez normativnog okvira u glavi kakvog imaju profesionalni novinari &#8211; svakim je trenom sve ve\u0107a vjerojatnost da \u0107e svojim postupanjem ne pomo\u0107i, ve\u0107 odmo\u0107i unesre\u0107enima. Citizen journalist i njegovo djelovanje treba biti neka vrsta bove, pluta\u010de kojom \u0107e markirati problem koji \u0107e potom krenuti rje\u0161avati profesionalci. Upravo iz perspektive javnog interesa i posebne uloge medija u zagovaranju javnog interesa &#8211; citizen journalism treba u jednom trenutku ustupiti mjesto novinarskom profesionalizmu. Novinar je obavezan vidjeti cjelinu. Gra\u0111anin to nije obavezan. Tu razliku valja imati na umu.<\/p>\n<p class=\"MsoNormal\" style=\"line-height: 170%;\">Na drugom kraju novinarske profesije su kolumnisti, preciznije kolumnisti izvan novinarske profesije &#8211; ljudi koji (obi\u010dno iz neke ideolo\u0161ke vizure) komentiraju aktualna zbivanja i poteze politi\u010dara. \u010cinjenice su svete, komentar je slobodan, davno je re\u010deno. Komentatori pri pisanju svog teksta koriste obi\u010dno \u010dinjenice i situacije koje opisuju dnevni novinari, izvjestitelji. Me\u0111utim, komentatori ponekad radi ekonomije teksta, zvu\u010dnosti fraze ili potrebe da se po\u0161to &#8211; poto popuni prazno mjesto u argumentaciji malo &bdquo;dorade&ldquo; \u010dinjenice ili opis kako bi bolje pristajali u zami\u0161ljenu konstrukciju. Komentator nije po\u010detnik iz gradske rubrike i njegove se tekstove ne \u010dita s posebnom pozorno\u0161\u0107u na faktografiju. Me\u0111utim, jesmo li sigurni da su navodi u komentarima uvijek to\u010dni, i zanima li nekoga prije objavljivanja teksta &bdquo;vanjskog&ldquo;\u00a0 komentatora \u010dinjeni\u010dni supstrat njegove kolumne? <\/p>\n<p class=\"MsoNormal\" style=\"line-height: 170%;\">Tko se treba baviti novinarstvom? Svatko? Svatko pismen? Novinari? Lo\u0161e novinarstvo radi najve\u0107u \u0161tetu upravo novinarstvu. Licenciranje od strane npr. novinarskog dru\u0161tva odba\u010deno je kao ideja, jer postoji bojazan od mogu\u0107e politi\u010dke zlorabe i arbitrarnog davanja i oduzimanja licence. Neke su struke za\u0161ti\u0107ene kao li\u010dki medvjedi. Ako vas ulove da se neovla\u0161teno bavite odvjetni\u0161tvom, lije\u010denjem ili projektiranjem zgrada, dakle ako ste nadripisari, nadrilije\u010dnici i nadriarhitekti &#8211; ne\u0107ete dobro pro\u0107i. Kako hrvatski zakoni tretiraju nadripisarstvo? \u010clanak 313 aktualnog Kaznenog zakona ka\u017ee: &bdquo;Tko se neovla\u0161teno bavi pru\u017eanjem pravne pomo\u0107i uz naplatu, kaznit \u0107e se kaznom zatvora do \u0161est mjeseci&ldquo;<a name=\"_ftnref44\"><\/a><a href=\"#_ftn44\"><sup>[<span style=\"font-family: 'times new roman', times;\"><strong>44<\/strong><\/span>]<\/sup><\/a> Kako tretira nadrilije\u010dni\u0161tvo? \u010clanak 184 aktualnog Kaznenog zakona ka\u017ee: &bdquo;Tko se nemaju\u0107i propisanu stru\u010dnu spremu bavi lije\u010denjem ili pru\u017eanjem druge medicinske pomo\u0107i, kaznit \u0107e se kaznom zatvora do jedne godine.&ldquo; Ako se pak na\u0161teti zdravlju, kazna je i do 10 godina, a tko time usmrti jednu ili vi\u0161e osoba \u2013 i do 15 godina.<\/p>\n<p class=\"MsoNormal\" style=\"line-height: 170%;\">Mi smo u novinarstvu o\u010dito visoko permisivni. Nitko ne govori o novinarima i nadrinovinarima, a trebalo bi. Knji\u017eevnik i nekada\u0161nji novinar Pero Kvesi\u0107 je po uzoru na pisce i piskarala, sugerirao termin ne novinar, ve\u0107 &#8211; novinaralo. Shvatimo ovo kao \u0161alu, ali trebalo bi jasnije odrediti tko je novinar, a tko nije. Papa duus, papa nullus. Ako su svi novinari, nitko nije novinar.<\/p>\n<p class=\"MsoNormal\" style=\"line-height: 170%;\">\u0160to me smeta u aktualnom hrvatskom novinarstvu? Recimo \u2013 prepisiva\u010dina bez naznake izvora. Naravno da je prepisiva\u010dine bilo oduvijek. Dapa\u010de u biv\u0161em sustavu je to imalo i interni naziv \u2013 &bdquo;resavljenje&ldquo;. Naime, tijekom 15. stolje\u0107a je u pravoslavnom manastiru Manasija nedaleko Despotovca u Srbiji djelovala poznata resavska prepisiva\u010dka \u0161kola koja se bavila prepisivanjem svetih spisa. Ta je tema o\u010dito bila dio zajedni\u010dke programske jezgre u svim republi\u010dkim obrazovnim sustavima, i to je bio vi\u0161e &#8211; manje op\u0107eprihva\u0107eni naziv za takvu rabotu u novinarskim krugovima. S prepisiva\u010dinom se nastavilo i u novoj dr\u017eavi, a ja sam naivno mislio da \u0107e prestati kada su gotovo svi tekstovi sada na webu, pa je prepisiva\u010de doista lako &bdquo;uloviti&ldquo;. Me\u0111utim, s time se nastavlja i dalje, jer su sankcije blage ili rijetke. Pretragom mre\u017enih izvora nismo na\u0161li unazad nekoliko godina nijedan slu\u010daj sudske tu\u017ebe za plagiranje novinarskog uratka. Da je ono prisutno, potvr\u0111uje istra\u017eivanje \u0110or\u0111a Obradovi\u0107a i Dubravke Njiri\u0107 o tekstovima na zadnjoj stranici &bdquo;Jutarnjeg lista,&ldquo; gdje se objavljuje kra\u0107e tekstove o <em>celebrities<\/em>, zanimljivosti i sli\u010dno. Oni konstatiraju da se takve teme plagira i u drugim hrvatskim medijima, ali da spomenuti dnevnik posebno prednja\u010di plagijatima tekstova iz stranih glasila koje objavljuje na posljednjoj stranici. Kako se navodi, &bdquo;ukupno je analizirano 158 napisa na zadnjoj stranici Jutarnjega lista tijekom travnja 2008. godine. Rezultati su pokazali da je me\u0111u njima bilo samo 10 izvornih napisa novinara Jutarnjeg, 16 napisa novinari Jutarnjeg napisali su prepri\u010davanjem ili prijevodom tekstova iz drugih glasila, ali su naveli o kojemu izvoru se radi, u 12 napisa novinari Jutarnjeg potpisali su se zajedno s agencijama koje su prvotno objavile priloge, prenijeli su ukupno 59 agencijskih tekstova i potpisali ih, a za \u010dak 61 napis utvr\u0111eno je da su to plagijati ve\u0107 objavljenih i lako dostupnih priloga u mre\u017enim glasilima, bez ikakve naznake o izvorima.&ldquo;<a name=\"_ftnref45\"><\/a><a href=\"#_ftn45\"><sup>[<span style=\"font-family: 'times new roman', times;\"><strong>45<\/strong><\/span>]<\/sup><\/a> Autori dalje zaklju\u010duju i da je potvr\u0111ena i hipoteza da su uz &bdquo;novinare plagijatore, jo\u0161 vi\u0161e odgovorni urednici jer bez njihova dopu\u0161tenja plagijati ne bi mogli biti objavljeni&ldquo;, i to &bdquo;navo\u0111enjem \u010ditateljskih objava u mre\u017enom izdanju Jutarnjeg lista. U njima su plagijati prepoznati i javno osu\u0111eni, ali urednici nisu reagirali niti su smanjili njihov broj idu\u0107ih dana.&ldquo;<a name=\"_ftnref46\"><\/a><a href=\"#_ftn46\"><sup>[<span style=\"font-family: 'times new roman', times;\"><strong>46<\/strong><\/span>]<\/sup><\/a> Ovdje se radi o plagiranju tekstova iz stranih medija, ali sa visokom vjerojatno\u0161\u0107u mo\u017ee se pretpostaviti da se plagira i uratke iz doma\u0107ih medija, ali rje\u0111e i sa vi\u0161e opreza. <\/p>\n<p class=\"MsoNormal\" style=\"line-height: 170%;\">To potvr\u0111uje i pregled prakse Novinarskog vije\u0107a \u010dasti Hrvatskog novinarskog dru\u0161tva. Plagiranje ure\u0111uje \u010dlanak 11 Eti\u010dkog kodeksa Hrvatskog novinarskog dru\u0161tva: &bdquo;Novinar po\u0161tuje autorstvo drugih novinara i ostalih sudionika u javnom informiranju. U svojim prilozima navodi izvore kojima se koristio. Plagijat je nespojiv s novinarskom etikom.&ldquo;<a name=\"_ftnref47\"><\/a><a href=\"#_ftn47\"><sup>[<span style=\"font-family: 'times new roman', times;\"><strong>47<\/strong><\/span>]<\/sup><\/a><\/p>\n<p class=\"MsoNormal\" style=\"line-height: 170%;\">Analizirali smo rad Vije\u0107a u 2018. i 2019. godini. Ukupno je odr\u017eano 13 sjednica vije\u0107a i raspravljano je o 50 slu\u010dajeva. Svega se jedan slu\u010daj bavio plagijatom, konstatirano je da je u\u010dinjen &bdquo;\u0161kolski primjer plagijata&ldquo;, ali nikakva sankcija nije izre\u010dena, jer urednik portala na kojem je objavljen plagijat bez potpisa nije \u010dlan Hrvatskog novinarskog dru\u0161tva.<a name=\"_ftnref48\"><\/a><a href=\"#_ftn48\"><sup>[<span style=\"font-family: 'times new roman', times;\"><strong>48<\/strong><\/span>]<\/sup><\/a><\/p>\n<p class=\"MsoNormal\" style=\"line-height: 170%;\">Pametniji dio moje obitelji primijetio je jednom prigodom da je brzo skretanje neke diskusije na facebooku u sva\u0111u i vrije\u0111anje dijelom i rezultat takvog tipa komunikacije, u kojem nema neverbalne komunikacije. Komunikacija bez neverbalne komunikacije nije cjelovita komunikacija. To otprilike vrijedi i za interviewe mailom. Ne vidite sugovornika, ne vidite njegovu reakciju na ovo ili ono pitanje, nema mogu\u0107nosti za potpitanje, tra\u017eenje obja\u0161njenja\u2026 Najbolje je i\u0107i na teren i kontakte s ljudima obavljati licem u lice, pa\u017eljiv novinar \u0107e i u telefonskom razgovoru prepoznati promjene u pona\u0161anju kod sugovornika, ubrzavanje ili usporavanje govora, zamuckivanje na tricky mjestima\u2026 Svega toga u komunikaciji mailom nema. Premalo je komunikacije sa \u017eivim ljudima, previ\u0161e se sjedi za ra\u010dunalom. <\/p>\n<p class=\"MsoNormal\" style=\"line-height: 170%;\">Me\u0111utim, ono najva\u017enije. Mislim da je odnos prema \u010dinjenicama lakmus &#8211; papir u novinarstvu. Tamo gdje se prestaje po\u0161tivati \u010dinjenice, prestaje novinarstvo. Nepo\u0161tivanje \u010dinjenica u novinarstvu ravno je kirurgovom nepranju ruku prije operacije, s podjednako fatalnim posljedicama, ali sa neusporedivo ve\u0107im brojem \u017ertava i s fatalnijim posljedicama. Nedavni slu\u010daj s posjetom hrvatske predsjednice Kolinde Grabar Kitarovi\u0107 Izraelu i izvje\u0161tavanje novinarke &bdquo;Jerusalem Posta&ldquo;\u00a0 Greer Fay Cashman mo\u017ee dobro poslu\u017eiti za ilustriranje odnosa novinara i \u010dinjenica. <\/p>\n<p class=\"MsoNormal\" style=\"line-height: 170%;\">Podsjetimo na faktografiju: tijekom svoje posjete Izraelu, hrvatska se predsjednica Kolinda Grabar Kitarovi\u0107 29. srpnja 2019. godine susrela s izraelskim predsjednikom Reubenom Rivlinom. Uva\u017eeni izraelski dnevnik &bdquo;Jerusalem Post&ldquo; izvijestio je s tog sastanka zatvorenog za javnost kako je \u2013 me\u0111u ostalim &#8211; predsjednica tijekom susreta &bdquo;za Bosnu i Hercegovinu izjavila kako je rije\u010d o &lsquo;vrlo nestabilnoj&rsquo; dr\u017eavi koju su &lsquo;u nekim aspektima preuzeli ljudi povezani s Iranom i teroristi\u010dkim organizacijama&rsquo; kao i da tu dr\u017eavu &lsquo;kontrolira militantni islam, koji je dominantan u postavljanju agende&rsquo;.&ldquo;<a name=\"_ftnref49\"><\/a><a href=\"#_ftn49\"><sup>[<span style=\"font-family: 'times new roman', times;\"><strong>49<\/strong><\/span>]<\/sup><\/a> Bosansko &#8211; hercegova\u010dka politika poludjela je nakon te izjave. Predsjedavaju\u0107i Predsjedni\u0161tva BiH i \u010dlan tog tijela iz redova hrvatskog naroda \u017deljko Kom\u0161i\u0107 rekao je doma\u0107im medijima kako je o\u010dito da nije nestabilna Bosna i Hercegovina, nego &#8211; Kolinda Grabar-Kitarovi\u0107: &bdquo; \u017dao mi je \u0161to predsjednica Hrvatske i dalje nastavlja s propagandnim aktivnostima na \u0161tetu Bosne i Hercegovine iznose\u0107i brutalne neistine. Me\u0111utim, izgleda kada je rije\u010d o tim podvalama, to nije izuzetak nego pravilo u odno\u0161enju Grabar-Kitarovi\u0107 prema BiH.&ldquo;<a name=\"_ftnref50\"><\/a><a href=\"#_ftn50\"><sup>[<span style=\"font-family: 'times new roman', times;\"><strong>50<\/strong><\/span>]<\/sup><\/a><\/p>\n<p class=\"MsoNormal\" style=\"line-height: 170%;\">Sli\u010dno je reagirao i \u010dlan Predsjedni\u0161tva BiH iz redova bo\u0161nja\u010dkog naroda \u0160efik D\u017eaferovi\u0107: &bdquo;Svima u Europi i svijetu je jasno da se radi o la\u017eima koje izmi\u0161lja agresivna i ksenofobna politika slu\u017ebenog Zagreba prema Bosni i Hercegovini i Bo\u0161njacima koja ima sve elemente fa\u0161izma,&ldquo; kazao je. Prvi \u010dovjek \u017didovske zajednice u BiH Jakob Finci bio je ne\u0161to bla\u017ei u kvalifikacijama, ali je tako\u0111er ustvrdio kako nije to\u010dno da u njegovoj zemlji dominira militantni islam: &bdquo;Nama koji \u017eivimo u Bosni i Hercegovini apsolutno je jasno da je hrvatska predsjednica polupala lon\u010di\u0107e i da je govorila o ne\u010demu \u0161to apsolutno ne stoji.&ldquo;<a name=\"_ftnref51\"><\/a><a href=\"#_ftn51\"><sup>[<span style=\"font-family: 'times new roman', times;\"><strong>51<\/strong><\/span>]<\/sup><\/a><\/p>\n<p class=\"MsoNormal\" style=\"line-height: 170%;\">Hrvatska politika stala joj je u za\u0161titu, predsjednica je tek nakon 24 sata demantirala da je bilo \u0161to takvoga kazala, \u0161to je dalo prostora tenzijama da se razma\u0161u. Na kraju je novinarka Cashman kazala da su se predsjedni\u010dine izjave o militantnom islamu odnosile na izbjeglice, a ne na BiH i da to nije neka velika pri\u010da. <\/p>\n<p class=\"MsoNormal\" style=\"line-height: 170%;\">Profesorica novinarstva na zagreba\u010dkom Fakultetu politi\u010dkih znanosti Gordana Vilovi\u0107 dala je tim povodom intervju za Radio Slobodna Europa i uvjeren sam da je izrekla nekoliko vrlo relevantnih ocjena. Prvo, o odgovornosti novinarke, njenih urednika i politi\u010dara u ovoj pri\u010di. <\/p>\n<p class=\"MsoNormal\" style=\"line-height: 170%;\">&bdquo;Mislim da novinarka, koja ka\u017ee da to za nju nije velika pri\u010da, da je ona u\u010dinila prvi gaf. Da li je urednik pogrije\u0161io ja to ne znam. Kada smo mi bili novinari, prije sto godina, onda je urednik preuzimao odgovornost za takve stvari. (\u2026) Drugo, \u010dini mi se da i pretjerano iskazivanje stava istog \u010dasa, a da niste provjerili sve, ima dalekose\u017ene posljedice. Meni je stra\u0161no \u017eao \u0161to vidim da nema tu sre\u0107e, da nema pomaka u odnosima dviju dr\u017eava, Hrvatske i BiH, da jednostavno ljudi koji bi trebali sura\u0111ivati po svim pravilima onog \u0161to preporu\u010dava znanost o me\u0111unarodnim odnosima, sve se svodi na retoriku koja je \u010desto puta iritantna i ne svi\u0111a mi se kao gra\u0111aninu takvo ne\u0161to, ali puno je gre\u0161aka sa razli\u010ditih strana.&ldquo;<a name=\"_ftnref52\"><\/a><a href=\"#_ftn52\"><sup>[<span style=\"font-family: 'times new roman', times;\"><strong>52<\/strong><\/span>]<\/sup><\/a><\/p>\n<p class=\"MsoNormal\" style=\"line-height: 170%;\">Drugo, o tome da su predsjedni\u010dine navodne izjave u Jeruzalemu zvu\u010dale sasvim na fonu nekih njenih ranijih izjava o stanju u Bosni i Hercegovini.<\/p>\n<p class=\"MsoNormal\" style=\"line-height: 170%;\">Ona priznaje: &bdquo;Da je meni neko rekao da to nije istina, ja bih rekla &#8211; ma ne, to je sigurno istina, pa to je jednom predsjednica rekla, pred 2,3 godine. Mediji u regiji trebali su prenijeti pisanje &lsquo;Jerusalem Posta&rsquo;, a &lsquo;Jerusalem Post&rsquo; se trebao ispri\u010dati&ldquo;, sugerira Gordana Vilovi\u0107.<\/p>\n<p class=\"MsoNormal\" style=\"line-height: 170%;\">&bdquo;Vi, kada ste u novinarstvu, kada radite pod pritiskom, kada morate brzo reagirati dogodi vam se da pogrije\u0161ite ili neku brojku ili ne\u0161to, ali u ovom slu\u010daju bilo bi dobro za sve, i za taj list i za Hrvatsku i BiH da se ka\u017ee `ispri\u010davamo se`, `oti\u0161lo je predaleko`, `izva\u0111eno je iz konteksta`, \u0161to god. Ako se to ne ka\u017ee onda \u0107e naravno ostati jedna jako lo\u0161a slika i sumnja, pa mo\u017eda je ipak to bilo izre\u010deno, pa mo\u017eda je ona kazala ovo ili ono. \u010cini mi se da i mediji trebaju ponekad kazati pogrije\u0161ili smo, ispravljamo, nije bilo tako. Jer, meni je to ljudski i to je dio ove struke, najjavnije koja mo\u017ee biti, ako dr\u017eimo do profesionalnog novinarstva.&ldquo;<a name=\"_ftnref53\"><\/a><a href=\"#_ftn53\"><sup>[<span style=\"font-family: 'times new roman', times;\"><strong>53<\/strong><\/span>]<\/sup><\/a> Mislim da isprike \u2013 nije bilo. <\/p>\n<p class=\"MsoNormal\" style=\"line-height: 170%;\">I u kontekstu ove pri\u010de dvije generalne objekcije o novinarskom radu: <\/p>\n<p class=\"MsoNormal\" style=\"line-height: 170%;\">&bdquo;Novinari ne bi smjeli i\u0107i sa zadatim stavovima i pogledima u ne\u0161to nego da provjeravaju. Ja znam da je jednostavno pri\u010dati ovako kako ja sada govorim, ali ako se prestanemo boriti za to da nam nisu dovoljna samo dva izvora sa dva portala nego da moramo koristiti i primitivnije tehnologije poput razgovora sa ljudima, obi\u010dnog razgovora, telefonski razgovor. Dakle ono \u0161to je bilo najnormalnije, kao imperativ, sada se pretvorilo u muku. Jer se nitko ne javlja, ne mo\u017ee\u0161 oti\u0107i do njega. Mislim da jo\u0161 uvijek moramo koristiti neke tzv. primitivne metode novinarskog rada. I naravno, ne vjerovati ili barem smanjiti ta uvjerenja dok nam se \u010dinjenice ne poslo\u017ee.&ldquo;<a name=\"_ftnref54\"><\/a><a href=\"#_ftn54\"><sup>[<span style=\"font-family: 'times new roman', times;\"><strong>54<\/strong><\/span>]<\/sup><\/a><\/p>\n<p class=\"MsoNormal\" style=\"line-height: 170%;\">I druga: <\/p>\n<p class=\"MsoNormal\" style=\"line-height: 170%;\">&bdquo;Dojma sam da danas svi novinari ili jedan ve\u0107i dio novinara smatra da to\u010dno, po\u0161teno, korektno, \u010dinjeni\u010dno izvje\u0161tavanje pripada nekim pro\u0161lim vremenima i da oni nu\u017eno moraju podebljavati, boldati ne\u0161to u svom tekstu daju\u0107i komentare. Pa zaboga mi imamo toliko komentatora da je to nevjerojatno, a toliko malo izvjestitelja, ljudi koji doista trebaju biti izvjestitelji jer to nije nikakva sramota. \u010cini mi se kao da je to sad pase i demode i da se od novinara o\u010dekuje da ide naprijed i druga\u010dije.&ldquo;<a name=\"_ftnref55\"><\/a><a href=\"#_ftn55\"><sup>[<span style=\"font-family: 'times new roman', times;\"><strong>55<\/strong><\/span>]<\/sup><\/a><\/p>\n<p class=\"MsoNormal\" style=\"line-height: 170%;\">Toliko Gordana Vilovi\u0107. Nemam \u0161to za dodati ovome \u0161to je rekla. <\/p>\n<p class=\"MsoNormal\" style=\"line-height: 170%;\">Ocjene koje je Gordana Vilovi\u0107 izrekla povodom &bdquo;Jerusalem Posta&ldquo; vrijede i za stanje u hrvatskom medijskom prostoru i hrvatskom novinarstvu. Me\u0111utim, aktualni globalni trend neoptere\u0107ivanja provjeravanjem \u010dinjenica i potpadanja pod histeriju bivanja prvim i ekskluzivnim, kojeg su akteri i \u017ertve i novinari i u Hrvatskoj, pada u nas na plodno tlo recentnog povijesnog naslje\u0111a, i negativni u\u010dinci se zbog toga dupliraju. O \u010demu se radi?<\/p>\n<p class=\"MsoNormal\" style=\"line-height: 170%;\">Me\u0111u nama vi\u0161e nema kolege Denisa Kulji\u0161a koji je u\u0161ao u usmenu legendu hrvatskog novinarstva strastvenim uzvikom \u2013 &bdquo;Pa gospodo, ne\u0107emo valjda dopustiti da nam \u010dinjenice pokvare tako dobru pri\u010du!&ldquo; Njegov \u2013 idemo pristojno re\u0107i \u2013 neobavezuju\u0107i stav prema \u010dinjenicama bio je op\u0107epoznat, ali se nitko nije zbog toga previ\u0161e uzbu\u0111ivao. A on je pisao i pisao. De mortuis nihil nisi bene. Ali \u2013 ne ponovilo se. Prolistao sam ovih dana vrlo ovla\u0161 prvih godinu &#8211; dvije tjednika &bdquo;Globus&ldquo; \u0161to ga je on ure\u0111ivao po\u010detkom devedesetih, od prvog broja ujesen 1990. godine. Ovo ovla\u0161, zato \u0161to je posrijedi jako mnogo materijala \u2013 \u0161to je u ovoj pri\u010di manje va\u017eno &#8211; me\u0111utim mnogo vi\u0161e zbog toga \u0161to je tamo objavljeno mnogo tekstova koji bezobzirno gaze ne samo osnovna na\u010dela novinarstva, ve\u0107 i osnovna na\u010dela elementarnog dobrog ukusa. Kao paradigmu \u017eutila (i &#8211; u ratnim vremenima po\u010detka devedesetih \u2013 crnila) obi\u010dno se uzima &bdquo;Slobodni tjednik&ldquo; Marinka Bo\u017ei\u0107a, me\u0111utim tekstovi poput pribijanja na stup srama glumice Mire Furlan<a name=\"_ftnref56\"><\/a><a href=\"#_ftn56\"><sup>[<span style=\"font-family: 'times new roman', times;\"><strong>56<\/strong><\/span>]<\/sup><\/a> ili napada na &bdquo;feministice Radu Ivekovi\u0107, Vesnu Kesi\u0107, Jelenu Lovri\u0107, Dubravku Ugre\u0161i\u0107 i Slavenku Drakuli\u0107&ldquo;<a name=\"_ftnref57\"><\/a><a href=\"#_ftn57\"><sup>[<span style=\"font-family: 'times new roman', times;\"><strong>57<\/strong><\/span>]<\/sup><\/a> iz pera &bdquo;&lsquo;Globusovog&rsquo; investigativnog tima&ldquo; dostojno stoje uz bok Bo\u017ei\u0107u u antologiji besramnosti u hrvatskom novinarstvu. A &bdquo;Globus&ldquo; su tih godina osim Kulji\u0161a ure\u0111ivali vrlo ugledni novinari.<a name=\"_ftnref58\"><\/a><a href=\"#_ftn58\"><sup>[<span style=\"font-family: 'times new roman', times;\"><strong>58<\/strong><\/span>]<\/sup><\/a> Skandaloznost ovakvih tekstova ne umanjuju izvrsni tekstovi Jasne Babi\u0107 ili odmjereni komentari \u017divka Kusti\u0107a objavljeni tek par stranica dalje, niti ti tekstovi ekskulpiraju autore &bdquo;&lsquo;Globusovog&rsquo; investigativnog tima&ldquo; , od Slavena Letice nadalje, a pogotovo ne urednike koji su tekstove naru\u010divali, opremali i objavljivali. <\/p>\n<p class=\"MsoNormal\" style=\"line-height: 170%;\">Obi\u010davalo se za govor mr\u017enje u devedesetima \u2013 osim &bdquo;Slobodnog tjednika&ldquo; &#8211; prozivati u prvom redu HTV kao javni servis. Ljudi koji su tada tamo radili lo\u0161e novinarstvo mogu re\u0107i: morali smo, HDZ je tada bio na vlasti, bio je rat\u2026 Vlasnici, urednici i novinari &bdquo;Slobodnog tjednika&ldquo; i &bdquo;Globusa&ldquo; ne mogu imati HDZ kao alibi. Oba su tjednika bila privatna. <\/p>\n<p class=\"MsoNormal\" style=\"line-height: 170%;\">Na takvom povijesnom naslje\u0111u, gdje \u010dinjenice &bdquo;kvare&ldquo; dobre pri\u010de, aktualno minoriziranje va\u017enosti po\u0161tivanja \u010dinjenica doista dobiva na te\u017eini. U situaciji kada vanjska ili strukovna regulativa nemaju neke u\u010dinke, jedina je nada da promjena nabolje po\u010dne od nas samih i na\u0161e odluke da se prema \u010dinjenicama u novinarstvu odnosimo s du\u017enim po\u0161tovanjem i bez kompromisa. Ili drugim rije\u010dima \u2013 back to basics! Novinarstvo &#8211; novinarima. Ali dobrim.<\/p>\n<p class=\"MsoNormal\" style=\"line-height: 150%;\">&nbsp;<\/p>\n<hr align=\"left\" size=\"1\" width=\"33%\" \/>\n<div id=\"ftn41\">\n<p class=\"MsoNormal\" style=\"line-height: 150%;\"><span style=\"font-size: 8.0pt;\"><a name=\"_ftn41\"><\/a><a href=\"#_ftnref41\"><sup>[<span style=\"font-family: 'times new roman', \ntimes;\"><strong>41<\/strong><\/span>]<\/sup><\/a>&nbsp;<br \/>\nVidi primjerice svojevremeno kultnu knjigu Pere Kvesi\u0107a <em>Uvod u Peru K.,<\/em> Centar dru\u0161tvenih djelatnosti Saveza socijalisti\u010dke omladine Hrvatske, Zagreb 1975, gdje se nalazi i istoimena pri\u010da.<br \/>\n<\/span><\/p>\n<\/div>\n<div id=\"ftn42\">\n<p class=\"MsoNormal\" style=\"line-height: 150%;\"><span style=\"font-size: 8.0pt;\"><a name=\"_ftn42\"><\/a><a href=\"#_ftnref42\"><sup>[<span style=\"font-family: 'times new roman', \ntimes;\"><strong>42<\/strong><\/span>]<\/sup><\/a>&nbsp;<br \/>\n<em>The Role of Media in Democracy: A Strategic Approach, <\/em>Center for Democracy and Governance, U.S. Agency for International Development, Washington, D.C.,<strong> <\/strong>June 1999, str. 3.<\/p>\n<p><\/span><\/p>\n<\/div>\n<div id=\"ftn43\">\n<p class=\"MsoNormal\" style=\"line-height: 150%;\"><span style=\"font-size: 8.0pt;\"><a name=\"_ftn43\"><\/a><a href=\"#_ftnref43\"><sup>[<span style=\"font-family: 'times new roman', \ntimes;\"><strong>43<\/strong><\/span>]<\/sup><\/a>&nbsp;<br \/>\nVidi Enis Zebi\u0107 &bdquo;Javnost kao fantom i javnost u zamra\u010denju. Kako je polemika Johna Deweyja i Waltera Lippmanna o demokraciji i medijima uvelike relevantna i nakon gotovo stotinu godina.&ldquo; Filozofska istra\u017eivanja br. 121 (1\/2011), Zagreb 2011., str. 27 \u2013 43.<\/p>\n<p><\/span><\/p>\n<\/div>\n<div id=\"ftn44\">\n<p class=\"MsoNormal\" style=\"line-height: 150%;\"><span style=\"font-size: 8.0pt;\"><a name=\"_ftn44\"><\/a><a href=\"#_ftnref44\"><sup>[<span style=\"font-family: 'times new roman', \ntimes;\"><strong>44<\/strong><\/span>]<\/sup><\/a>&nbsp;<br \/>\n<a href=\"https:\/\/www.zakon.hr\/z\/98\/Kazneni-zakon\">https:\/\/www.zakon.hr\/z\/98\/Kazneni-zakon<\/a>; pristupljeno 8. 9. 2019.<\/p>\n<p><\/span><\/p>\n<\/div>\n<div id=\"ftn45\">\n<p class=\"MsoNormal\" style=\"line-height: 150%;\"><span style=\"font-size: 8.0pt;\"><a name=\"_ftn45\"><\/a><a href=\"#_ftnref45\"><sup>[<span style=\"font-family: 'times new roman', \ntimes;\"><strong>45<\/strong><\/span>]<\/sup><\/a>&nbsp;<br \/>\n\u0110or\u0111e Obradovi\u0107 i Dubravka Njiri\u0107: &bdquo;Novi mediji olak\u0161ali plagiranje&ldquo;, Medianali, me\u0111unarodni znanstveni \u010dasopis za pitanja medija, novinarstva, masovne komunikacije i odnosa s javnostima. Godi\u0161te 2, broj 4, studeni 2008., str. 41 \u2013 60. Navedeni citat nalazi se na str. 50.<\/p>\n<p><\/span><\/p>\n<\/div>\n<div id=\"ftn46\">\n<p class=\"MsoNormal\" style=\"line-height: 150%;\"><span style=\"font-size: 8.0pt;\"><a name=\"_ftn46\"><\/a><a href=\"#_ftnref46\"><sup>[<span style=\"font-family: 'times new roman', \ntimes;\"><strong>46<\/strong><\/span>]<\/sup><\/a>&nbsp;<br \/>\n Ibid., str. 57 &#8211; 58.<\/p>\n<p><\/span><\/p>\n<\/div>\n<div id=\"ftn47\">\n<p class=\"MsoNormal\" style=\"line-height: 150%;\"><span style=\"font-size: 8.0pt;\"><a name=\"_ftn47\"><\/a><a href=\"#_ftnref47\"><sup>[<span style=\"font-family: 'times new roman', \ntimes;\"><strong>47<\/strong><\/span>]<\/sup><\/a>&nbsp;<br \/>\nHND, Hrvatsko novinarsko dru\u0161tvo<em>, Novinarsko vije\u0107e \u010dasti<\/em>, <a href=\"http:\/\/www.hnd.hr\/novinarsko-vijece-casti1\">http:\/\/www.hnd.hr\/novinarsko-vijece-casti1<\/a>; pristupljeno 15. 9. 2019.<\/p>\n<p><\/span><\/p>\n<\/div>\n<div id=\"ftn48\">\n<p class=\"MsoNormal\" style=\"line-height: 150%;\"><span style=\"font-size: 8.0pt;\"><a name=\"_ftn48\"><\/a><a href=\"#_ftnref48\"><sup>[<span style=\"font-family: 'times new roman', \ntimes;\"><strong>48<\/strong><\/span>]<\/sup><\/a>&nbsp;<br \/>\nHND, <em>Zaklju\u010dci novinarskog vije\u0107a \u010dasti<\/em>, <a href=\"https:\/\/www.hnd.hr\/zeljko-marusic-vs-aleksandar-todorovic?seo=zeljko-marusic-vs-aleksandar-todorovic\">https:\/\/www.hnd.hr\/zeljko-marusic-vs-aleksandar-todorovic?seo=zeljko-marusic-vs-aleksandar-todorovic<\/a>. <\/p>\n<p><\/span><\/p>\n<\/div>\n<div id=\"ftn49\">\n<p class=\"MsoNormal\" style=\"line-height: 150%;\"><span style=\"font-size: 8.0pt;\"><a name=\"_ftn49\"><\/a><a href=\"#_ftnref49\"><sup>[<span style=\"font-family: 'times new roman', \ntimes;\"><strong>49<\/strong><\/span>]<\/sup><\/a>&nbsp;<br \/>\nHinina vijest kako su je prenijeli hrvatski mediji. Vidi npr.: Jutarnji list, 30.srpanj 2019., &bdquo;Grabar \u2013 Kitarovi\u0107: &lsquo;BIH je vrlo nestabilna i pod kontrolom militantnog islama, u nekim aspektima su je preuzeli ljudi povezani s Iranom i teroristima.&rsquo;&ldquo; <a href=\"https:\/\/www.jutarnji.hr\/vijesti\/svijet\/grabar-kitarovic-bih-je-vrlo-nestabilna-i-pod-kontrolom-militantnog-islama-u-nekim-aspektima-su-je-preuzeli-ljudi-povezani-s-iranom-i-teroristima\/9185855\/\">https:\/\/www.jutarnji.hr\/vijesti\/svijet\/grabar-kitarovic-bih-je-vrlo-nestabilna-i-pod-kontrolom-militantnog-islama-u-nekim-aspektima-su-je-preuzeli-ljudi-povezani-s-iranom-i-teroristima\/9185855\/<\/a>, pristupljeno 15. 9. 2019.<br \/>\n<\/span><\/p>\n<\/div>\n<div id=\"ftn50\">\n<p class=\"MsoNormal\" style=\"line-height: 150%;\"><span style=\"font-size: 8.0pt;\"><a name=\"_ftn50\"><\/a><a href=\"#_ftnref50\"><sup>[<span style=\"font-family: 'times new roman', \ntimes;\"><strong>50<\/strong><\/span>]<\/sup><\/a>&nbsp;<br \/>\nHinina vijest kako su je prenijeli hrvatski mediji. Vidi npr.: Jutarnji list, 30.srpanj 2019. NIZ REAKCIJA U BiH NAKON ISTUPA HRVATSKE PREDSJEDNICE Kom\u0161i\u0107: &lsquo;Nije nestabilna BiH, nego Kolinda&rsquo;, SDP BiH &lsquo;Izjave su joj toksi\u010dne kao nuklearni otpad&rsquo; <a href=\"https:\/\/www.jutarnji.hr\/vijesti\/svijet\/niz-reakcija-u-bih-nakon-istupa-hrvatske-predsjednice-komsic-nije-nestabilna-bih-nego-kolinda-sdp-bih-izjave-su-joj-toksicne-kao-nuklearni-otpad\/9186062\/\">https:\/\/www.jutarnji.hr\/vijesti\/svijet\/niz-reakcija-u-bih-nakon-istupa-hrvatske-predsjednice-komsic-nije-nestabilna-bih-nego-kolinda-sdp-bih-izjave-su-joj-toksicne-kao-nuklearni-otpad\/9186062\/<\/a>; pristupljeno 15. 9. 2019.<\/p>\n<p><\/span><\/p>\n<\/div>\n<div id=\"ftn51\">\n<p class=\"MsoNormal\" style=\"line-height: 150%;\"><span style=\"font-size: 8.0pt;\"><a name=\"_ftn51\"><\/a><a href=\"#_ftnref51\"><sup>[<span style=\"font-family: 'times new roman', \ntimes;\"><strong>51<\/strong><\/span>]<\/sup><\/a>&nbsp;<br \/>\nIbid.<\/p>\n<p><\/span><\/p>\n<\/div>\n<div id=\"ftn52\">\n<p class=\"MsoNormal\" style=\"line-height: 150%;\"><span style=\"font-size: 8.0pt;\"><a name=\"_ftn52\"><\/a><a href=\"#_ftnref52\"><sup>[<span style=\"font-family: 'times new roman', \ntimes;\"><strong>52<\/strong><\/span>]<\/sup><\/a>&nbsp;<br \/>\n<a href=\"https:\/\/www.slobodnaevropa.org\/a\/kolinda-izjava-jerusalem-post-bih\/30087011.html\">https:\/\/www.slobodnaevropa.org\/a\/kolinda-izjava-jerusalem-post-bih\/30087011.html<\/a>; pristupljeno 1. 8. 2019.<\/p>\n<p><\/span><\/p>\n<\/div>\n<div id=\"ftn53\">\n<p class=\"MsoNormal\" style=\"line-height: 150%;\"><span style=\"font-size: 8.0pt;\"><a name=\"_ftn53\"><\/a><a href=\"#_ftnref53\"><sup>[<span style=\"font-family: 'times new roman', \ntimes;\"><strong>53<\/strong><\/span>]<\/sup><\/a>&nbsp;<br \/>\nIbid.<\/p>\n<p><\/span><\/p>\n<\/div>\n<div id=\"ftn54\">\n<p class=\"MsoNormal\" style=\"line-height: 150%;\"><span style=\"font-size: 8.0pt;\"><a name=\"_ftn54\"><\/a><a href=\"#_ftnref54\"><sup>[<span style=\"font-family: 'times new roman', \ntimes;\"><strong>54<\/strong><\/span>]<\/sup><\/a>&nbsp;<br \/>\nIbid.<\/p>\n<p><\/span><\/p>\n<\/div>\n<div id=\"ftn55\">\n<p class=\"MsoNormal\" style=\"line-height: 150%;\"><span style=\"font-size: 8.0pt;\"><a name=\"_ftn55\"><\/a><a href=\"#_ftnref55\"><sup>[<span style=\"font-family: 'times new roman', \ntimes;\"><strong>55<\/strong><\/span>]<\/sup><\/a>&nbsp;<br \/>\nIbid.<\/p>\n<p><\/span><\/p>\n<\/div>\n<div id=\"ftn56\">\n<p class=\"MsoNormal\" style=\"line-height: 150%;\"><span style=\"font-size: 8.0pt;\"><a name=\"_ftn56\"><\/a><a href=\"#_ftnref56\"><sup>[<span style=\"font-family: 'times new roman', \ntimes;\"><strong>56<\/strong><\/span>]<\/sup><\/a>&nbsp;<br \/>\n(nepotpisani \u010dlanak) &bdquo;Te\u017eak \u017eivot lake \u017eene&ldquo;, &bdquo;Globus&ldquo; br. 60, 31. sije\u010dnja 1992, str. 29 i &bdquo;Nespremna za \u017eivotnu ulogu&ldquo;, br. 62, 7. velja\u010de, str. 29. Kako je &bdquo;Globus&ldquo; tjednik, broj od 7. velja\u010de trebao je nositi broj 61, me\u0111utim to \u0161to su na naslovnoj stranici otisnuli pogre\u0161an broj govori o atmosferi u kojoj se te novine stvaralo, ali \u2013 generalno \u2013 o odnosu tog tjednika prema \u010dinjenicama. Broj 62 nosi i broj od 14. velja\u010de. <\/p>\n<p><\/span><\/p>\n<\/div>\n<div id=\"ftn57\">\n<p class=\"MsoNormal\" style=\"line-height: 150%;\"><span style=\"font-size: 8.0pt;\"><a name=\"_ftn57\"><\/a><a href=\"#_ftnref57\"><sup>[<span style=\"font-family: 'times new roman', \ntimes;\"><strong>57<\/strong><\/span>]<\/sup><\/a>&nbsp;<br \/>\n(Globusov investigativni tim)&bdquo;Hrvatske feministice siluju Hrvatsku&ldquo;, &bdquo;Globus&ldquo;, br.\u00a0 11. prosinca 1992, str. 41 &#8211; 42. Dok je medijski lin\u010d Mire Furlan na \u017ealost pro\u0161ao bez sankcija,\u00a0 &bdquo;Globusov&ldquo; napad na &bdquo;Vje\u0161tice iz Rija&ldquo; , kako je kolokvijalno kasnije nazivan taj tekst, rezultirao je sa vi\u0161e sudskih tu\u017ebi koje su okon\u010dane osu\u0111uju\u0107im presudama. Kolumnistica &bdquo;Globusa&ldquo; Tanja Torbarina je godinu kasnije objavila kako iza &bdquo;&lsquo;Globusovog&rsquo; investigativnog tima&ldquo; u tom slu\u010daju u stvari stoji \u2013 Slaven Letica; v.: http:\/\/www.h-alter.org\/vijesti\/vjestice-inkvizitori-i-dobrotvori; pristupljeno 7. 2. 2020; zanimljivo je da je autor ovog teksta &bdquo;H &#8211; alterov investigativni tim&ldquo;. Letica je priznao autorstvo teksta i na njega bio dapa\u010de ponosan. \u0160esnaest godina kasnije nazvao ga je &bdquo;svojim teorijski neosporivim esejem&ldquo;. <a href=\"http:\/\/www.matica.hr\/vijenac\/392\/o-govoru-mrznje-i-liberalnom-nacizmu-3621\/\">http:\/\/www.matica.hr\/vijenac\/392\/o-govoru-mrznje-i-liberalnom-nacizmu-3621\/<\/a>.<\/p>\n<p><\/span><\/p>\n<\/div>\n<div id=\"ftn58\">\n<p class=\"MsoNormal\" style=\"line-height: 150%;\"><span style=\"font-size: 8.0pt;\"><a name=\"_ftn58\"><\/a><a href=\"#_ftnref58\"><sup>[<span style=\"font-family: 'times new roman', \ntimes;\"><strong>58<\/strong><\/span>]<\/sup><\/a>&nbsp;<br \/>\nUz Kulji\u0161a kao glavnog i odgovornog urednika, tjednik su ure\u0111ivali njegov zamjenik Ratko Bo\u0161kovi\u0107, Marko Gr\u010di\u0107, Rene Bakalovi\u0107, Sina Karli, Robert Naprta i Davor Butkovi\u0107; &bdquo;Globus&ldquo; br. 60, 31. sije\u010dnja 1992, str. 15; vidi i Nenad Polimac; NENAD POLIMAC OPRA\u0160TA SE OD SVOG DUGOGODI\u0160NJEG KOLEGE &lsquo;Bio je najve\u0107i talent na\u0161e generacije: Sjeo bi za pisa\u0107u ma\u0161inu i rije\u010di su mu samo navirale&rsquo; <a href=\"https:\/\/www.jutarnji.hr\/vijesti\/hrvatska\/nenad-polimac-oprasta-se-od-svog-dugogodisnjeg-kolege-bio-je-najveci-talent-nase-generacije-sjeo-bi-za-pisacu-masinu-i-rijeci-su-mu-samo-navirale\/9250604\/\">https:\/\/www.jutarnji.hr\/vijesti\/hrvatska\/nenad-polimac-oprasta-se-od-svog-dugogodisnjeg-kolege-bio-je-najveci-talent-nase-generacije-sjeo-bi-za-pisacu-masinu-i-rijeci-su-mu-samo-navirale\/9250604\/<\/a>; pristupljeno 7. 2. 2020.<\/p>\n<p><\/span><\/p>\n<\/div>\n<p class=\"MsoNormal\" style=\"line-height: 150%;\">&nbsp;<\/p>\n<p style=\"text-align: center;\" align=\"center\"><strong> <span style=\"font-size: 13.0pt; line-height: 150%;\">On Journalists\u2019 Question<\/p>\n<p>On some Problems of Journalists\u2019 Practice and unsolved Legacy of Nineties<\/span><\/strong><\/p>\n<p class=\"MsoNormal\" style=\"line-height: 150%;\">&nbsp;<\/p>\n<p style=\"margin: 0cm 48.6pt 0.0001pt 54pt; line-height: 170%;\"><em><strong>Abstract<\/strong><\/em><\/p>\n<p class=\"MsoBodyText\" style=\"margin-top: 0cm; margin-right: 48.6pt; margin-bottom: .0001pt; margin-left: 54.0pt; line-height: 150%;\"><span style=\"font-size: 12.0pt; line-height: 150%; font-family: 'Times New Roman';\" lang=\"SR\">&nbsp;<\/span><\/p>\n<p class=\"MsoBodyText\" style=\"margin-top: 0cm; margin-right: 48.6pt; margin-bottom: .0001pt; margin-left: 54.0pt; line-height: 170%;\"><em>Based on 30 years of journalist experience in daily journalism, the author analyzes some segments of the Croatian media environment, and pays special attention to the need for greater professionalism and a more responsible attitude to the facts. Certain lack of professionalism found fertile ground in the legacy of yellow, unprofessional and hateful journalism in some mainstream media in the early 1990\u2019s.<\/em><\/p>\n<p class=\"MsoBodyText\" style=\"margin-top: 0cm; margin-right: 48.6pt; margin-bottom: .0001pt; margin-left: 54.0pt; line-height: 170%;\">&nbsp;<\/p>\n<p style=\"margin: 0cm 48.6pt 0.0001pt 54pt; line-height: 170%;\"><strong><em>Key words:<\/em><\/strong> <em>journalism, professionalism, lack of sanction, Kolinda Grabar Kitarovic, Globus weekly.<\/em><\/p>\n<p class=\"MsoNormal\" style=\"line-height: 150%;\"><span lang=\"SR\">&nbsp;<\/span><\/p>\n<p><a name=\"4inmediasres17\"><\/a><\/p>\n<p class=\"MsoNormal\" style=\"line-height: 150%;\"><span lang=\"SR\">&nbsp;<\/span><\/p>\n<hr \/>\n<table style=\"width: 755px;\" border=\"0\">\n<tbody>\n<tr>\n<td style=\"width: 215px;\" valign=\"top\"><img loading=\"lazy\" decoding=\"async\" class=\" alignleft size-full wp-image-356\" style=\"float: left;\" src=\"https:\/\/centar-fm.org\/inmediasres\/wp-content\/uploads\/sites\/2\/2020\/09\/inmediasresno1malo17.png\" alt=\"inmediasres\" width=\"70\" height=\"103\" \/><\/p>\n<p class=\"MsoNormal\" style=\"line-height: 170%;\">\n <strong>&nbsp;9(17)#14 2020<\/strong> <\/p>\n<\/td>\n<td style=\"width: 315px;\" valign=\"top\">\n<p style=\"line-height: 170%; text-align: center;\">\n<a rel=\"license\" href=\"http:\/\/creativecommons.org\/licenses\/by-nc\/4.0\/\"><img decoding=\"async\" alt=\"Creative Commons licenca\" style=\"border-width:0\" src=\"https:\/\/i.creativecommons.org\/l\/by-nc\/4.0\/88x31.png\" \/><\/a><br \/>\u010casopis je otvorenog pristupa, a ovo djelo je dano na kori\u0161tenje pod licencom <a rel=\"license\" href=\"http:\/\/creativecommons.org\/licenses\/by-nc\/4.0\/\"><strong>Creative Commons Imenovanje-Nekomercijalno 4.0 me\u0111unarodna.<\/strong><\/a><\/p>\n<\/td>\n<td valign=\"top\">\n<p style=\"text-align: right; line-height: 150%;\" align=\"center\"><strong><br \/>\nDOI <a href=\"https:\/\/doi.org\/10.46640\/imr.9.17.4\">10.46640\/imr.9.17.4<\/a><br \/>\nUDK 004.738.5-042.3:159.937-053.6<br \/>\nPregledni \u010dlanak<br \/>\nReview article<br \/>\nPrimljeno: 29.01.2020.<\/strong><\/p>\n<\/td>\n<\/tr>\n<\/tbody>\n<\/table>\n<p class=\"MsoNormal\" style=\"line-height: 150%;\">&nbsp;<\/p>\n<p class=\"MsoNormal\" style=\"line-height: 150%;\">&nbsp;<\/p>\n<p class=\"MsoNormal\" style=\"text-align: center; line-height: 150%;\" align=\"center\"><span style=\"font-size: 15.0pt; line-height: 150%;\"><a href=\"https:\/\/orcid.org\/0000-0002-1510-4000\">Iris Jeron\u010di\u0107 Tomi\u0107<\/a>, <a href=\"https:\/\/orcid.org\/0000-0003-3334-9658\">Rosanda Muli\u0107<\/a> i Antonija Mili\u0161i\u0107 Jadri\u0107<\/span><\/p>\n<p style=\"text-align: center; line-height: 150%;\" align=\"center\">Medicinski fakultet Sveu\u010dili\u0161ta u Splitu, Hrvatska<\/p>\n<p>iris.jeroncic@mefst.hr<\/p>\n<p>rosanda.mulic1@st.htnet.hr<\/p>\n<p style=\"text-align: center; line-height: 150%;\" align=\"center\">Sveu\u010dili\u0161ni odjel zdravstvenih studija , Hrvatska<\/p>\n<p style=\"text-align: center;\" align=\"center\"><strong> <span style=\"font-size: 16.0pt; line-height: 150%;\">Utjecaj dru\u0161tvenih mre\u017ea na samopo\u0161tovanje i<br \/>\nmentalno zdravlje mladih<\/span><\/strong><\/p>\n<p style=\"text-align: center; line-height: 150%;\" align=\"center\"><a href=\"http:\/\/www.centar-fm.org\/inmediasres\/images\/pdf\/17\/I. Jeroncic Tomic, R. Mulic i A. Milisic Jadric, Utjecaj drustvenih mreza na samopostovanje.pdf\"><strong><span style=\"color: #DC0101; font-size: 8.0pt;\"><br \/>\nPuni tekst: pdf (354 KB), Hrvatski, Str. 2649 &#8211; 2654<br \/>\n<\/span><\/strong><\/a><\/p>\n<p class=\"MsoNormal\" style=\"line-height: 150%;\">&nbsp;<\/p>\n<p style=\"margin: 0cm 48.6pt 0.0001pt 54pt; line-height: 170%;\"><strong><em>Sa\u017eetak<\/em><\/strong><\/p>\n<p class=\"MsoBodyText\" style=\"margin-top: 0cm; margin-right: 48.6pt; margin-bottom: .0001pt; margin-left: 54.0pt; line-height: 150%;\"><span style=\"font-size: 12.0pt; line-height: 150%; font-family: 'Times New Roman';\" lang=\"SR\">&nbsp;<\/span><\/p>\n<p class=\"MsoBodyText\" style=\"margin-top: 0cm; margin-right: 48.6pt; margin-bottom: .0001pt; margin-left: 54.0pt; line-height: 170%;\"><em><br \/>\nSamopo\u0161tovanje je procjena vlastitog samopouzdanja u tri dimenzije: fizi\u010dki izgled, romanti\u010dna atraktivnost te sposobnost formiranja i odr\u017eavanja bliskih prijateljstava. To je na\u010din na koji ljudi percipiraju vlastitu vrijednost i misle da su vrijedni drugima. <\/em><\/p>\n<p><span style=\"mso-tab-count: 1;\">&nbsp;&nbsp;&nbsp;&nbsp;&nbsp;&nbsp;<\/span><\/p>\n<p class=\"MsoBodyText\" style=\"margin-top: 0cm; margin-right: 48.6pt; margin-bottom: .0001pt; margin-left: 54.0pt; line-height: 170%;\"><em><br \/>\nDru\u0161tvene mre\u017ee su medij na kojem imamo priliku oblikovati sliku o sebi stvaranjem jedinstvenih profila kako bismo prikazali \u017eeljenu sliku o sebi. Pojedinci komuniciraju i anga\u017eiraju se u \u017eivote drugih ljudi pomo\u0107u slika koje su stvorili o njima, otkrivanjem osobnih detalja i stvaranja uvida u \u017eivote drugih. Upotreba dru\u0161tvenih mre\u017ea ima negativne i pozitivne u\u010dinke. <\/em><\/p>\n<p><span style=\"mso-tab-count: 1;\">&nbsp;&nbsp;&nbsp;&nbsp;&nbsp;&nbsp;<\/span><\/p>\n<p class=\"MsoBodyText\" style=\"margin-top: 0cm; margin-right: 48.6pt; margin-bottom: .0001pt; margin-left: 54.0pt; line-height: 170%;\"><em><br \/>\nOsobnost i razina samopo\u0161tovanja su utjecajni \u010dimbenici komunikacije pojedinca s drugim ljudima. <\/p>\n<p><\/em><\/p>\n<p class=\"MsoBodyText\" style=\"margin-top: 0cm; margin-right: 48.6pt; margin-bottom: .0001pt; margin-left: 54.0pt; line-height: 170%;\">&nbsp;<\/p>\n<p style=\"margin: 0cm 48.6pt 0.0001pt 54pt; line-height: 170%;\"><strong><em>Klju\u010dne rije\u010di:<\/em><\/strong> <em>samopo\u0161tovanje, dru\u0161tvene mre\u017ee, mentalno zdravlje.<\/em><\/p>\n<p class=\"MsoBodyText\" style=\"margin-top: 0cm; margin-right: 48.6pt; margin-bottom: .0001pt; margin-left: 54.0pt; line-height: 170%;\">&nbsp;<\/p>\n<p class=\"MsoNormal\" style=\"line-height: 150%;\">&nbsp;<\/p>\n<p class=\"MsoNormal\" style=\"line-height: 170%;\">Samopo\u0161tovanje se odnosi na osobnu prosudbu vlastite vrijednosti<a name=\"_ftnref59\"><\/a><a href=\"#_ftn59\"><sup>[<span style=\"font-family: 'times new roman', times;\"><strong>59<\/strong><\/span>]<\/sup><\/a>. Odnosi se na osobnu, pozitivnu ili negativnu, procjenu svojeg &ldquo;ja&rdquo;, u kojoj mjeri pojedinac smatra sebe vrijednim i kompetentnim. Samopo\u0161tovanje je \u0161ireg koncepta i slu\u017ei razli\u010ditim dru\u0161tvenim i egzistencijalnim funkcijama (npr. prihva\u0107anje u grupi, zna\u010denje u \u017eivotu). Uglavnom je stabilna osobina koja se razvija tijekom vremena i koja reagira na dnevne doga\u0111aje i kontekste. Upotreba dru\u0161tvenih mre\u017ea i razina samopo\u0161tovanja su dva me\u0111usobno povezana konstrukta.<\/p>\n<p class=\"MsoNormal\" style=\"line-height: 170%;\">Ono \u0161to radimo na internetu, osobito na dru\u0161tvenim mre\u017eama, utje\u010de na na\u0161e samopo\u0161tovanje. Ljudi \u017eive dio svog \u017eivota na dru\u0161tvenim mre\u017eama. One su internet stranice na kojima se korisnici prikazuju svijetu. Osoba ima priliku oblikovati sliku o sebi koriste\u0107i dru\u0161tvene mre\u017ee poput Facebooka i Twittera. Objave odra\u017eavaju emocije i na\u010din na koji se osobe predstavljaju te se mogu koristiti za ispitivanje njihove osobnosti i razine samopo\u0161tovanja u mre\u017enim okru\u017eenjima<a name=\"_ftnref60\"><\/a><a href=\"#_ftn60\"><sup>[<span style=\"font-family: 'times new roman', times;\"><strong>60<\/strong><\/span>]<\/sup><\/a>.<\/p>\n<p class=\"MsoNormal\" style=\"line-height: 170%;\">Dru\u0161tvene mre\u017ee mogu pobolj\u0161ati samopo\u0161tovanje, uklju\u010duju\u0107i percepciju fizi\u010dkog izgleda, odnosa s drugima i romanti\u010dnih veza, pogotovo kada osoba primi pozitivne povratne informacije od svojih vr\u0161njaka, prijatelja na dru\u0161tvenim mre\u017eama. Osim toga, omogu\u0107uju\u0107i korisnicima kontroliranje onoga \u0161to objavljuju na mre\u017ei, profil im mo\u017ee pomo\u0107i u pove\u0107anju razine samopo\u0161tovanja putem prezentiranja sebe. <\/p>\n<p class=\"MsoNormal\" style=\"line-height: 170%;\">Profil na dru\u0161tvenoj mre\u017ei poma\u017ee zadovoljiti potrebe pojedinca za o\u010duvanjem vlastite vrijednosti i integriteta<a name=\"_ftnref61\"><\/a><a href=\"#_ftn61\"><sup>[<span style=\"font-family: 'times new roman', times;\"><strong>61<\/strong><\/span>]<\/sup><\/a>. Ovaj medij omogu\u0107uje korisnicima prezentaciju svog idealnog &ldquo;ja&rdquo;, a budu\u0107i je to optimalna prezentacija sebe, dovodi do pozitivnih osje\u0107aja i vi\u0161e razine samopo\u0161tovanja. Dru\u0161tvene mre\u017ee utje\u010du i na potrebu za pripadanjem, pru\u017eaju\u0107i prikladan na\u010din za uklapanje s drugima. Pripadanje grupi poti\u010de razvoj kolektivnog samopo\u0161tovanja koji proizlazi iz poznavanja vlastitog \u010dlanstva u dru\u0161tvenoj skupini, zajedno s vrijedno\u0161\u0107u i emocionalnim zna\u010dajem koji su usko povezani s tim \u010dlanstvom. Ovakav oblik komunikacije koristan je za osobe s niskom razinom samopo\u0161tovanja poma\u017eu\u0107i im u prilagodbi na novu sredinu, pobolj\u0161anju samopo\u0161tovanja te subjektivnoj dobrobiti pojedinca. Pojedinci koji koriste dru\u0161tvene mre\u017ee mogu do\u017eivjeti osje\u0107aj pripadnosti i socijalne podr\u0161ke drugih<a name=\"_ftnref62\"><\/a><a href=\"#_ftn62\"><sup>[<span style=\"font-family: 'times new roman', times;\"><strong>62<\/strong><\/span>]<\/sup><\/a>.<\/p>\n<p class=\"MsoNormal\" style=\"line-height: 170%;\">Osobe s ni\u017eom razinom samopo\u0161tovanja poku\u0161avaju nadoknaditi nedostatak samopo\u0161tovanja putem pove\u0107anja broja online prijatelja kako bi uspostavili osje\u0107aj pripadnosti i naglasili do\u017eivljaj popularnosti. Prihva\u0107aju\u0107i vi\u0161e zahtjeva za prijateljstvom, osobe s niskom razinom samopo\u0161tovanja poku\u0161avaju nadoknaditi nedostatak aktivno\u0161\u0107u na dru\u0161tvenim mre\u017eama. Introverti mogu nadoknaditi pote\u0161ko\u0107e u interakciji licem u lice online putem.<\/p>\n<p class=\"MsoNormal\" style=\"line-height: 170%;\">Osobe s ni\u017eom razinom samopo\u0161tovanja provode vi\u0161e vremena na mre\u017ei i imaju vi\u0161e promotivnih sadr\u017eaja na svojim profilima. Za razliku od njih osobe s vi\u0161om razinom samopo\u0161tovanja koriste dru\u0161tvene mre\u017ee \u010de\u0161\u0107e kao alat za pobolj\u0161anje odnosa s ljudima koje poznaju nego za stjecanje novih prijatelja. Korisne su im za odr\u017eavanje postoje\u0107ih prijateljstava ili bliskih odnosa dok su manje korisne za stvaranje novih prijateljstava me\u0111u onima s vi\u0161om razinom samopo\u0161tovanja i zadovoljstva \u017eivotom<a name=\"_ftnref63\"><\/a><a href=\"#_ftn63\"><sup>[<span style=\"font-family: 'times new roman', times;\"><strong>63<\/strong><\/span>]<\/sup><\/a>. Pojedinci s vi\u0161om razinom samopo\u0161tovanja preferiraju dijeljenje fotografija, misli i ideja s drugima te pridaju manje va\u017enosti online interakciji putem dru\u0161tvenih mre\u017ea. <\/p>\n<p class=\"MsoNormal\" style=\"line-height: 170%;\">Pored pogodnosti i pozitivnog u\u010dinka na razinu samopo\u0161tovanja osobe, ovakav oblik komunikacije mo\u017ee imati i negativne u\u010dinke.<\/p>\n<p class=\"MsoNormal\" style=\"line-height: 170%;\">Kori\u0161tenje dru\u0161tvenih mre\u017ea mo\u017ee pove\u0107ati razinu narcisoidnosti i time negativno utjecati na samopo\u0161tovanje. Kada se govori o povezanosti upotrebe dru\u0161tvenih mre\u017ea i razine samopo\u0161tovanja onda se ispituje utjecaj istih na po\u0161tovanje tijela, osobito me\u0111u adolescentima. Prezentacija sebe, posebno fizi\u010dkog izgleda, zaslu\u017euje pa\u017enju u poku\u0161aju razumijevanja utjecaja dru\u0161tvenih mre\u017ea na samopo\u0161tovanje. Na dru\u0161tvenim mre\u017eama nagla\u0161ava se fizi\u010dka atraktivnost korisnika. <\/p>\n<p class=\"MsoNormal\" style=\"line-height: 170%;\">Utjecaji upotrebe dru\u0161tvenih mre\u017ea sugeriraju svjesnost o va\u017enosti dobrog izgleda na takvim stranicama<a name=\"_ftnref64\"><\/a><a href=\"#_ftn64\"><sup>[<span style=\"font-family: 'times new roman', times;\"><strong>64<\/strong><\/span>]<\/sup><\/a>. Kao rezultat kori\u0161tenja dru\u0161tvenih mre\u017ea, adolescenti \u0107e vjerojatno vi\u0161e ulo\u017eiti u vlastito prikazivanje te nau\u010diti kako se prezentirati drugima. Takve stranice mogu potencirati i nezdravu opsjednutost samim sobom, osobito s tijelom i pojavom. Usmjerenost na fizi\u010dki izgled prilikom prezentiranja sebe na ovim stranicama mo\u017ee biti va\u017ean \u010dimbenik u obja\u0161njavanju \u0161tetnih posljedica ovog na\u010dina komunikacije. <\/p>\n<p class=\"MsoNormal\" style=\"line-height: 170%;\">Dru\u0161tvene mre\u017ee mogu doprinijeti nezadovoljstvu vlastitim tijelom i ulaganju u izgled kod oba spola<a name=\"_ftnref65\"><\/a><a href=\"#_ftn65\"><sup>[<span style=\"font-family: 'times new roman', times;\"><strong>65<\/strong><\/span>]<\/sup><\/a>. Okupiranost vlastitim tijelom, pa tako i nezadovoljstvo razvijaju se relativno rano. Djevoj\u010dice u dobi od sedam godina ve\u0107 iznose ova opa\u017eanja. Glavni utjecaj na tu percepciju je uloga medija koji nagla\u0161avaju ideal mr\u0161avosti. Intenzivnije kori\u0161tenje interneta povezano je s internalizacijom ideala mr\u0161avosti, kontrolom nad tijelom i \u017eeljom za mr\u0161avljenjem kod adolescenata<a name=\"_ftnref66\"><\/a><a href=\"#_ftn66\"><sup>[<span style=\"font-family: 'times new roman', times;\"><strong>66<\/strong><\/span>]<\/sup><\/a>. Analize sadr\u017eaja pokazuju kako idealno \u017eensko tijelo prikazano u masovnim medijima utjelovljuje ideju mr\u0161ave \u017eene kao normativne i privla\u010dne. Nezadovoljstvo vlastitim tijelom i ulaganje u izgled va\u017eni su \u010dimbenici rizika za probleme mentalnog zdravlja, prije svega simptome poreme\u0107aja prehrane i depresije, a negativno se odnose na dobrobit i samopo\u0161tovanje kod adolescenata. <\/p>\n<p class=\"MsoNormal\" style=\"line-height: 170%;\">U ovom kontekstu vi\u0161a razina izlo\u017eenosti masovnim medijima je povezana s vi\u0161om razinom nezadovoljstva vlastitim tijelom i poreme\u0107ajem prehrane<a name=\"_ftnref67\"><\/a><a href=\"#_ftn67\"><sup>[<span style=\"font-family: 'times new roman', times;\"><strong>67<\/strong><\/span>]<\/sup><\/a>. Stope poreme\u0107aja prehrane me\u0111u \u017eenama, kao \u0161to su anoreksija, ortoreksija nervoza i bulimija rastu. Sve vi\u0161e mu\u0161karaca postaje zabrinuto zbog oblika tijela i te\u017eine jer su svakodnevno izlo\u017eeni medijskom pritisku<a name=\"_ftnref68\"><\/a><a href=\"#_ftn68\"><sup>[<span style=\"font-family: 'times new roman', times;\"><strong>68<\/strong><\/span>]<\/sup><\/a>. Ulaganje u izgled ide ruku pod ruku s aktivnostima koje iziskuju puno vremena, energije i novca, a tako\u0111er mogu biti \u0161tetne za \u0161kolski \/ akademski uspjeh, me\u0111uljudske odnose i tjelesno zdravlje. Ve\u0107a izlo\u017eenost dru\u0161tvenim mre\u017eama povezana je s objektivizacijom samoga sebe<a name=\"_ftnref69\"><\/a><a href=\"#_ftn69\"><sup>[<span style=\"font-family: 'times new roman', times;\"><strong>69<\/strong><\/span>]<\/sup><\/a>. Na dru\u0161tvenim mre\u017eama objavljivanje fotografija jest objektivno sagledavanje fizi\u010dkog izgleda i subjektivno razmi\u0161ljanje o prihva\u0107enosti ili odbijenosti od strane drugih korisnika putem broja &bdquo;lajkova&ldquo; ili napisanih komentara<a name=\"_ftnref70\"><\/a><a href=\"#_ftn70\"><sup>[<span style=\"font-family: 'times new roman', times;\"><strong>70<\/strong><\/span>]<\/sup><\/a>. Povratne informacije obja\u0161njavaju promjene u samopo\u0161tovanju kao rezultat kori\u0161tenja dru\u0161tvenih mre\u017ea. Smatra se kako reakcije drugih ljudi mogu utjecati na mjeru u kojoj ljudi mijenjaju samopoimanje, na vlastitu prezentaciju.<\/p>\n<p class=\"MsoNormal\" style=\"line-height: 170%;\">Teorija dru\u0161tvene usporedbe sugerira sklonost ljudi prema usporedbi s drugima kao sredstvom odre\u0111ivanja svog napretka i stanja u \u017eivotu. \u017dene se podjednako uspore\u0111uju s nerealnim medijskim slikama koliko i s vr\u0161njacima. Osobe koje su sklone dru\u0161tvenim usporedbama imaju i vi\u0161u razinu nezadovoljstva svojim tijelom<a name=\"_ftnref71\"><\/a><a href=\"#_ftn71\"><sup>[<span style=\"font-family: 'times new roman', times;\"><strong>71<\/strong><\/span>]<\/sup><\/a>. <\/p>\n<p class=\"MsoNormal\" style=\"line-height: 170%;\">\u017dene vi\u0161e koriste dru\u0161tvene mre\u017ee za usporedbu s drugima i prikupljanje informacija dok ih mu\u0161karci \u010de\u0161\u0107e koriste za pregled profila drugih ljudi i pronalazak prijatelja. \u017dene koje se uspore\u0111uju s fotografijama vitkih \u017eena imaju ni\u017eu razinu samopo\u0161tovanja u usporedbi sa onima koje se uspore\u0111uju s fotografijama korpulentnijih.<a name=\"_ftnref72\"><\/a><a href=\"#_ftn72\"><sup>[<span style=\"font-family: 'times new roman', times;\"><strong>72<\/strong><\/span>]<\/sup><\/a><\/p>\n<p class=\"MsoNormal\" style=\"line-height: 170%;\">Osobe koje vi\u0161e vremena provode koriste\u0107i dru\u0161tvene mre\u017ee i gledaju\u0107i sretne fotografije drugih korisnika, smatraju druge ljude sretnijima, s mi\u0161lju o tu\u0111im ljep\u0161im \u017eivotima te vjeruju u \u017eivotnu nepravdu. Pojedinci s vi\u0161om razinom zabrinutosti o vlastitom izgledu mogu izraziti patolo\u0161ku internetsku ovisnost i socijalnu izolaciju. Iako su u\u010dinci relativno mali, a to\u010dni procesi i uvjetni \u010dimbenici jo\u0161 uvijek nejasni, potencijalni negativni u\u010dinci kori\u0161tenja dru\u0161tvenih mre\u017ea na samopoimanje i po\u0161tovanje tijela adolescenata ne bi se smjeli zanemariti. Slika o vlastitom tijelu je va\u017ean aspekt razvoja adolescenata te negativni utjecaji do\u017eivljeni u ovom \u017eivotnom razdoblju mogu oja\u010dati i prerasti u ve\u0107e probleme u odrasloj dobi. <\/p>\n<p class=\"MsoNormal\" style=\"line-height: 170%;\">Va\u017eno je ne zaboraviti pozitivne utjecaje dru\u0161tvenih mre\u017ea. Dru\u0161tvene mre\u017ee su \u010dest predmet istra\u017eivanja i neslaganja oko uzroka i posljedica njihovog odnosa prema samopo\u0161tovanju i dobrobiti ljudi. Njihova upotreba mo\u017ee imati dru\u0161tvene i psiholo\u0161ki negativne u\u010dinke na ljude, ali s druge strane one mogu biti i vrlo korisne u kontekstu dru\u0161tvene povezanosti i pripadnosti.<\/p>\n<p class=\"MsoNormal\" style=\"line-height: 150%;\">&nbsp;<\/p>\n<hr align=\"left\" size=\"1\" width=\"33%\" \/>\n<div id=\"ftn59\">\n<p class=\"MsoNormal\" style=\"line-height: 150%;\"><span style=\"font-size: 8.0pt;\"><a name=\"_ftn59\"><\/a><a href=\"#_ftnref59\"><sup>[<span style=\"font-family: 'times new roman', \ntimes;\"><strong>59<\/strong><\/span>]<\/sup><\/a>&nbsp;<br \/>\nIvana Obla\u010di\u0107, Tena Veliki, Lara Caki\u0107, &ldquo;Odnos samopo\u0161tovanja i socijalnog statusa u\u010denika ni\u017eih razreda osnovne \u0161kole&rdquo;, \u0160kolski vjesnik (64\/2015), str. 153 &#8211; 172.<\/p>\n<p><\/span><\/p>\n<\/div>\n<div id=\"ftn60\">\n<p class=\"MsoNormal\" style=\"line-height: 150%;\"><span style=\"font-size: 8.0pt;\"><a name=\"_ftn60\"><\/a><a href=\"#_ftnref60\"><sup>[<span style=\"font-family: 'times new roman', \ntimes;\"><strong>60<\/strong><\/span>]<\/sup><\/a>&nbsp;<br \/>\nDiana Vries, <em>Social Media and Online Self-Presentation: Effects on How We See Ourselves and Our Bodies<\/em>, University of Amsterdam, Amsterdam 2014., str. 79 &#8211; 80.<\/p>\n<p><\/span><\/p>\n<\/div>\n<div id=\"ftn61\">\n<p class=\"MsoNormal\" style=\"line-height: 150%;\"><span style=\"font-size: 8.0pt;\"><a name=\"_ftn61\"><\/a><a href=\"#_ftnref61\"><sup>[<span style=\"font-family: 'times new roman', \ntimes;\"><strong>61<\/strong><\/span>]<\/sup><\/a>&nbsp;<br \/>\nAnela Hasanagi\u0107, Tu\u011fba Yilmaz, &ldquo;Samopo\u0161tovanje mladih i kori\u0161tenje dru\u0161tvenih mre\u017ea&rdquo;, <a href=\"https:\/\/www.researchgate.net\/publication\/323228663_Samopostovanje_mladih_i_koristenje_drustvenih_mreza\">https:\/\/www.researchgate.net\/publication\/323228663_Samopostovanje_mladih_i_koristenje_drustvenih_mreza<\/a>, pristup 20. kolovoz 2019.<\/p>\n<p><\/span><\/p>\n<\/div>\n<div id=\"ftn62\">\n<p class=\"MsoNormal\" style=\"line-height: 150%;\"><span style=\"font-size: 8.0pt;\"><a name=\"_ftn62\"><\/a><a href=\"#_ftnref62\"><sup>[<span style=\"font-family: 'times new roman', \ntimes;\"><strong>62<\/strong><\/span>]<\/sup><\/a>&nbsp;<br \/>\nKristine Raymer, &ldquo;The effects of social media sites on self-esteem&rdquo;, <a href=\"https:\/\/rdw.rowan.edu\/cgi\/viewcontent.cgi?article=1283&amp;context=etd\">https:\/\/rdw.rowan.edu\/cgi\/viewcontent.cgi?article=1283&amp;context=etd<\/a>, pristup 5. kolovoz 2020.<\/p>\n<p><\/span><\/p>\n<\/div>\n<div id=\"ftn63\">\n<p class=\"MsoNormal\" style=\"line-height: 150%;\"><span style=\"font-size: 8.0pt;\"><a name=\"_ftn63\"><\/a><a href=\"#_ftnref63\"><sup>[<span style=\"font-family: 'times new roman', \ntimes;\"><strong>63<\/strong><\/span>]<\/sup><\/a>&nbsp;<br \/>\nGu\u00f0r\u00fan Alma Einarsd\u00f3ttir, &ldquo;Social Network Site Usage Among Adolescents: Effects on Mental and Physical Well-being&rdquo; <a href=\"https:\/\/skemman.is\/bitstream\/1946\/22550\/1\/BSc_Thesis_Gu%C3%B0r%C3%BAn_Alma.pdf\">https:\/\/skemman.is\/bitstream\/1946\/22550\/1\/BSc_Thesis_Gu%C3%B0r%C3%BAn_Alma.pdf<\/a>, pristup 5. kolovoz 2020.<\/p>\n<p><\/span><\/p>\n<\/div>\n<div id=\"ftn64\">\n<p class=\"MsoNormal\" style=\"line-height: 150%;\"><span style=\"font-size: 8.0pt;\"><a name=\"_ftn64\"><\/a><a href=\"#_ftnref64\"><sup>[<span style=\"font-family: 'times new roman', \ntimes;\"><strong>64<\/strong><\/span>]<\/sup><\/a>&nbsp;<br \/>\nAnn Schlosser, &ldquo;Self-disclosure versus self-presentation on social media&rdquo; <a href=\"https:\/\/www.sciencedirect.com\/science\/article\/pii\/S2352250X19300685?via%3Dihub#bib0200\">https:\/\/www.sciencedirect.com\/science\/article\/pii\/S2352250X19300685?via%3Dihub#bib0200<\/a>, pristup 5. kolovoz 2020.<\/p>\n<p><\/span><\/p>\n<\/div>\n<div id=\"ftn65\">\n<p class=\"MsoNormal\" style=\"line-height: 150%;\"><span style=\"font-size: 8.0pt;\"><a name=\"_ftn65\"><\/a><a href=\"#_ftnref65\"><sup>[<span style=\"font-family: 'times new roman', \ntimes;\"><strong>65<\/strong><\/span>]<\/sup><\/a>&nbsp;<br \/>\nRachel Cohen, Alex Blaszczynski, &ldquo;Comparative effects of Facebook and conventional media on bodyimage dissatisfaction&rdquo;, Journal of Eating Disorders (23 \/ 2015), str. 23 \u2013 34.<br \/>\n<\/span><\/p>\n<\/div>\n<div id=\"ftn66\">\n<p class=\"MsoNormal\" style=\"line-height: 150%;\"><span style=\"font-size: 8.0pt;\"><a name=\"_ftn66\"><\/a><a href=\"#_ftnref66\"><sup>[<span style=\"font-family: 'times new roman', \ntimes;\"><strong>66<\/strong><\/span>]<\/sup><\/a>&nbsp;<br \/>\nGoran Livazovi\u0107, Iva Mudrini\u0107, &ldquo;Nezadovoljstvo tjelesnim izgledom i pona\u0161anja povezana s poreme\u0107ajima u prehrani adolescenata&rdquo; <a href=\"file:\/\/\/C:\\Users\\ijeronci\\Downloads\\KSI_25_1_2017_5_Livazovic_Mudrinic_HRV%20(1).pdf\">file:\/\/\/C:\/Users\/ijeronci\/Downloads\/KSI_25_1_2017_5_Livazovic_Mudrinic_HRV%20(1).pdf<\/a>, pristup 5. kolovoz 2020.<br \/>\n<\/span><\/p>\n<\/div>\n<div id=\"ftn67\">\n<p class=\"MsoNormal\" style=\"line-height: 150%;\"><span style=\"font-size: 8.0pt;\"><a name=\"_ftn67\"><\/a><a href=\"#_ftnref67\"><sup>[<span style=\"font-family: 'times new roman', \ntimes;\"><strong>67<\/strong><\/span>]<\/sup><\/a>&nbsp;<br \/>\nSara Mota Borges Bottino, C\u00e1ssio MC Bottino, Caroline Gomez Regina, Aline Villa Lobo Correia, Wagner Silva Ribeiro, &ldquo;Cyberbullying and adolescent mental health: systematic review&rdquo; <a href=\"https:\/\/www.ncbi.nlm.nih.gov\/pubmed\/25859714\">https:\/\/www.ncbi.nlm.nih.gov\/pubmed\/25859714<\/a>, pristup 5. kolovoz 2020.<br \/>\n<\/span><\/p>\n<\/div>\n<div id=\"ftn68\">\n<p class=\"MsoNormal\" style=\"line-height: 150%;\"><span style=\"font-size: 8.0pt;\"><a name=\"_ftn68\"><\/a><a href=\"#_ftnref68\"><sup>[<span style=\"font-family: 'times new roman', \ntimes;\"><strong>68<\/strong><\/span>]<\/sup><\/a>&nbsp;<br \/>\nSusan Herring, Sanja Kapid\u017ei\u0107, &ldquo;Teens, Gender, and Self-Presentationin Social Media&rdquo; <a href=\"https:\/\/www.researchgate.net\/publication\/298348072_Teens_Gender_and_SelfPresentation_in_Social_Media\">https:\/\/www.researchgate.net\/publication\/298348072_Teens_Gender_and_SelfPresentation_in_Social_Media<\/a>, pristup 5. kolovoz 2020.<br \/>\n<\/span><\/p>\n<\/div>\n<div id=\"ftn69\">\n<p class=\"MsoNormal\" style=\"line-height: 150%;\"><span style=\"font-size: 8.0pt;\"><a name=\"_ftn69\"><\/a><a href=\"#_ftnref69\"><sup>[<span style=\"font-family: 'times new roman', \ntimes;\"><strong>69<\/strong><\/span>]<\/sup><\/a>&nbsp;<br \/>\nAngie Zuo, &ldquo;Measuring Up: Social Comparisons on Facebook and Contributions to Self-Esteemand Mental Health&rdquo; <a href=\"https:\/\/deepblue.lib.umich.edu\/handle\/2027.42\/107346\">https:\/\/deepblue.lib.umich.edu\/handle\/2027.42\/107346<\/a>, pristup 5. kolovoz 2020.<br \/>\n<\/span><\/p>\n<\/div>\n<div id=\"ftn70\">\n<p class=\"MsoNormal\" style=\"line-height: 150%;\"><span style=\"font-size: 8.0pt;\"><a name=\"_ftn70\"><\/a><a href=\"#_ftnref70\"><sup>[<span style=\"font-family: 'times new roman', \ntimes;\"><strong>70<\/strong><\/span>]<\/sup><\/a>&nbsp;<br \/>\nCristina Dor\u00e9, &ldquo;Selfesteem: concept analysis&rdquo; <a href=\"https:\/\/www.cairn.info\/revue-recherche-en-soins-infirmiers-2017-2-page-18.html#\">https:\/\/www.cairn.info\/revue-recherche-en-soins-infirmiers-2017-2-page-18.html#<\/a>, pristup 5. kolovoz 2020.<br \/>\n<\/span><\/p>\n<\/div>\n<div id=\"ftn71\">\n<p class=\"MsoNormal\" style=\"line-height: 150%;\"><span style=\"font-size: 8.0pt;\"><a name=\"_ftn71\"><\/a><a href=\"#_ftnref71\"><sup>[<span style=\"font-family: 'times new roman', \ntimes;\"><strong>71<\/strong><\/span>]<\/sup><\/a>&nbsp;<br \/>\nMassimo Fischetti, Jessie Christiansen, &ldquo;Only 150 of your Facebook contacts are real&rdquo; <a href=\"https:\/\/www.scientificamerican.com\/article\/only-150-of-your-facebook-contactsare-real-friends\/\">https:\/\/www.scientificamerican.com\/article\/only-150-of-your-facebook-contactsare-real-friends\/<\/a>, pristup 5. kolovoz 2020.<br \/>\n<\/span><\/p>\n<\/div>\n<div id=\"ftn72\">\n<p class=\"MsoNormal\" style=\"line-height: 150%;\"><span style=\"font-size: 8.0pt;\"><a name=\"_ftn72\"><\/a><a href=\"#_ftnref72\"><sup>[<span style=\"font-family: 'times new roman', \ntimes;\"><strong>72<\/strong><\/span>]<\/sup><\/a>&nbsp;<br \/>\nSaima Salim, &ldquo;How much time do you spend on social media?&rdquo; <a href=\"https:\/\/www.digitalinformationworld.com\/2019\/01\/how-much-time-do-people-spend-social-media%20infographic.html\">https:\/\/www.digitalinformationworld.com\/2019\/01\/how-much-time-do-people-spend-social-media infographic.html<\/a>, pristup 5. kolovoz 2020.<br \/>\n<\/span><\/p>\n<\/div>\n<p class=\"MsoNormal\" style=\"line-height: 150%;\">&nbsp;<\/p>\n<p class=\"MsoNormal\" style=\"line-height: 170%;\"><strong>Literatura:<\/strong><\/p>\n<p class=\"MsoNormal\" style=\"line-height: 170%;\">Cohen Rachel, Blaszczynski Alex, &ldquo;Comparative effects of Facebook and conventional media on bodyimage dissatisfaction&rdquo;, Journal of Eating Disorders (23 \/ 2015), str. 23 \u2013 34. <\/p>\n<p class=\"MsoNormal\" style=\"line-height: 170%;\">Dor\u00e9 Cristina, &ldquo;Selfesteem: concept analysis&rdquo; <a href=\"https:\/\/www.cairn.info\/revue-recherche-en-soins-infirmiers-2017-2-page-18.html#\">https:\/\/www.cairn.info\/revue-recherche-en-soins-infirmiers-2017-2-page-18.html#<\/a>, pristup 5. kolovoz 2020.<\/p>\n<p class=\"MsoNormal\" style=\"line-height: 170%;\">Einarsd\u00f3ttir Gu\u00f0r\u00fan Alma, &ldquo;Social Network Site Usage Among Adolescents: Effects on Mental and Physical Well-being&rdquo; <a href=\"https:\/\/skemman.is\/bitstream\/1946\/22550\/1\/BSc_Thesis_Gu%C3%B0r%C3%BAn_Alma.pdf\">https:\/\/skemman.is\/bitstream\/1946\/22550\/1\/BSc_Thesis_Gu%C3%B0r%C3%BAn_Alma.pdf<\/a>, pristup 5. kolovoz 2020.<\/p>\n<p class=\"MsoNormal\" style=\"line-height: 170%;\">Fischetti Mark, Christiansen Jen, &ldquo;Only 150 of your Facebook contacts are real&rdquo; <a href=\"https:\/\/www.scientificamerican.com\/article\/only-150-of-your-facebook-contactsare-real-friends\/\">https:\/\/www.scientificamerican.com\/article\/only-150-of-your-facebook-contactsare-real-friends\/<\/a>, pristup 5. kolovoz 2020.<\/p>\n<p class=\"MsoNormal\" style=\"line-height: 170%;\">Hasanagi\u0107 Anela, Yilmaz Tu\u011fba, &ldquo;Samopo\u0161tovanje mladih i kori\u0161tenje dru\u0161tvenih mre\u017ea&rdquo;, <a href=\"https:\/\/www.researchgate.net\/publication\/323228663_Samopostovanje_mladih_i_koristenje_drustvenih_mreza\">https:\/\/www.researchgate.net\/publication\/323228663_Samopostovanje_mladih_i_koristenje_drustvenih_mreza<\/a>, pristup 20. kolovoz 2019.<\/p>\n<p class=\"MsoNormal\" style=\"line-height: 170%;\">Herring Susan, Kapid\u017ei\u0107 Sanja, &ldquo;Teens, Gender, and Self-Presentationin Social Media&rdquo; <a href=\"https:\/\/www.researchgate.net\/publication\/298348072_Teens_Gender_and_Self-Presentation_in_Social_Media\">https:\/\/www.researchgate.net\/publication\/298348072_Teens_Gender_and_Self-Presentation_in_Social_Media<\/a>, pristup 5. kolovoz 2020.<\/p>\n<p class=\"MsoNormal\" style=\"line-height: 170%;\">Livazovi\u0107 Goran, Mudrini\u0107 Iva, &ldquo;Nezadovoljstvo tjelesnim izgledom i pona\u0161anja povezana s poreme\u0107ajima u prehrani adolescenata&rdquo; <a href=\"file:\/\/\/C:\\Users\\ijeronci\\Downloads\\KSI_25_1_2017_5_Livazovic_Mudrinic_HRV%20(1).pdf\">file:\/\/\/C:\/Users\/ijeronci\/Downloads\/KSI_25_1_2017_5_Livazovic_Mudrinic_HRV%20(1).pdf<\/a>, Pristup 5. kolovoz 2020.<\/p>\n<p class=\"MsoNormal\" style=\"line-height: 170%;\">Mota Sara, Bottino Borges, Bottino C\u00e1ssio, Gomez Caroline, Aline Regina, Lobo Correia Villa, Ribeiro Wagner Silva, &ldquo;Cyberbullying and adolescent mental health: systematic review&rdquo; <a href=\"https:\/\/www.ncbi.nlm.nih.gov\/pubmed\/25859714\">https:\/\/www.ncbi.nlm.nih.gov\/pubmed\/25859714<\/a>, pristup 5. kolovoz 2020.<\/p>\n<p class=\"MsoNormal\" style=\"line-height: 170%;\">Obla\u010di\u0107 Ivana, Veliki Tena, Caki\u0107 Lara, &ldquo;Odnos samopo\u0161tovanja i socijalnog statusa u\u010denika ni\u017eih razreda osnovne \u0161kole&rdquo;, \u0160kolski vjesnik (64 \/ 2015), str. 153 -1 72.<\/p>\n<p class=\"MsoNormal\" style=\"line-height: 170%;\">Raymer Kristine, &ldquo;The effects of social media sites on self-esteem&rdquo;, <a href=\"https:\/\/rdw.rowan.edu\/cgi\/viewcontent.cgi?article=1283&amp;context=etd\">https:\/\/rdw.rowan.edu\/cgi\/viewcontent.cgi?article=1283&amp;context=etd<\/a>, pristup 5. kolovoz 2020.<\/p>\n<p class=\"MsoNormal\" style=\"line-height: 170%;\">Salim Saima, &ldquo;How much time do you spend on social media?&rdquo; <a href=\"https:\/\/www.digitalinformationworld.com\/2019\/01\/how-much-time-do-people-spend-social-media-infographic.html\">https:\/\/www.digitalinformationworld.com\/2019\/01\/how-much-time-do-people-spend-social-media-infographic.html<\/a>. <\/p>\n<p class=\"MsoNormal\" style=\"line-height: 170%;\">Schlosser Ann, &ldquo;Self-disclosure versus self-presentation on social media&rdquo; <a href=\"https:\/\/www.sciencedirect.com\/science\/article\/pii\/S2352250X19300685?via%3Dihub#bib0200\">https:\/\/www.sciencedirect.com\/science\/article\/pii\/S2352250X19300685?via%3Dihub#bib0200<\/a>, pristup 5. kolovoz 2020.<\/p>\n<p class=\"MsoNormal\" style=\"line-height: 170%;\">Vries Diana, <em>Social Media and Online Self-Presentation: Effects on How We See Ourselves and Our Bodies<\/em>, University of Amsterdam, Amsterdam 2014., str. 79 &#8211; 80.<strong><\/strong><\/p>\n<p class=\"MsoNormal\" style=\"line-height: 170%;\">Zuo Angie, &ldquo;Measuring Up: Social Comparisons on Facebook and Contributions to Self-Esteemand Mental Health&rdquo; <a href=\"https:\/\/deepblue.lib.umich.edu\/handle\/2027.42\/107346\">https:\/\/deepblue.lib.umich.edu\/handle\/2027.42\/107346<\/a>, pristup 5. kolovoz 2020.<\/p>\n<p class=\"MsoNormal\" style=\"line-height: 150%;\">&nbsp;<\/p>\n<p style=\"text-align: center;\" align=\"center\"><strong> <span style=\"font-size: 13.0pt; line-height: 150%;\">Influence of Social Networks on self-esteem and<br \/>\nMental Health of Young People<\/span><\/strong><\/p>\n<p class=\"MsoNormal\" style=\"line-height: 150%;\">&nbsp;<\/p>\n<p style=\"margin: 0cm 48.6pt 0.0001pt 54pt; line-height: 170%;\"><em><strong>Abstract<\/strong><\/em><\/p>\n<p class=\"MsoBodyText\" style=\"margin-top: 0cm; margin-right: 48.6pt; margin-bottom: .0001pt; margin-left: 54.0pt; line-height: 150%;\"><span style=\"font-size: 12.0pt; line-height: 150%; font-family: 'Times New Roman';\" lang=\"SR\">&nbsp;<\/span><\/p>\n<p class=\"MsoBodyText\" style=\"margin-top: 0cm; margin-right: 48.6pt; margin-bottom: .0001pt; margin-left: 54.0pt; line-height: 170%;\"><em><br \/>\nSelf-esteem is an evaluation of a person\u2019s own self-worth; comprising three-dimension: physical appearance, romantic attractiveness, and the ability to form and maintain close friendships. Self-esteem is the perception of how people perceive their own value well as their value to others.<\/em><\/p>\n<p><span style=\"mso-tab-count: 1;\">&nbsp;&nbsp;&nbsp;&nbsp;&nbsp;&nbsp;<\/span><\/p>\n<p class=\"MsoBodyText\" style=\"margin-top: 0cm; margin-right: 48.6pt; margin-bottom: .0001pt; margin-left: 54.0pt; line-height: 170%;\"><em><br \/>\nSocial networks are media that provide the opportunity to shape a picture of ourselves by creating unique profiles to show the desired image of ourselves.<\/em><\/p>\n<p><span style=\"mso-tab-count: 1;\">&nbsp;&nbsp;&nbsp;&nbsp;&nbsp;&nbsp;<\/span><\/p>\n<p class=\"MsoBodyText\" style=\"margin-top: 0cm; margin-right: 48.6pt; margin-bottom: .0001pt; margin-left: 54.0pt; line-height: 170%;\"><em><br \/>\nIndividuals communicate with other people through the images they have created about these people, discovering personal details and creating insights into the lives of others. The use of social networks haves negative and positive effects.<\/em><\/p>\n<p><span style=\"mso-tab-count: 1;\">&nbsp;&nbsp;&nbsp;&nbsp;&nbsp;&nbsp;<\/span><\/p>\n<p class=\"MsoBodyText\" style=\"margin-top: 0cm; margin-right: 48.6pt; margin-bottom: .0001pt; margin-left: 54.0pt; line-height: 170%;\"><em><br \/>\nPersonality and self-esteem are influential factors of communication of the individual with other people.<br \/>\n<\/em><\/p>\n<p class=\"MsoBodyText\" style=\"margin-top: 0cm; margin-right: 48.6pt; margin-bottom: .0001pt; margin-left: 54.0pt; line-height: 170%;\">&nbsp;<\/p>\n<p style=\"margin: 0cm 48.6pt 0.0001pt 54pt; line-height: 170%;\"><strong><em>Key words:<\/em><\/strong> <em>self-esteem, social networks, mental health.<\/em><\/p>\n<p class=\"MsoNormal\" style=\"line-height: 150%;\"><span lang=\"SR\">&nbsp;<\/span><\/p>\n<p><a name=\"5inmediasres17\"><\/a><\/p>\n<p class=\"MsoNormal\" style=\"line-height: 150%;\"><span lang=\"SR\">&nbsp;<\/span><\/p>\n<hr \/>\n<table style=\"width: 755px;\" border=\"0\">\n<tbody>\n<tr>\n<td style=\"width: 215px;\" valign=\"top\"><img loading=\"lazy\" decoding=\"async\" class=\" alignleft size-full wp-image-356\" style=\"float: left;\" src=\"https:\/\/centar-fm.org\/inmediasres\/wp-content\/uploads\/sites\/2\/2020\/09\/inmediasresno1malo17.png\" alt=\"inmediasres\" width=\"70\" height=\"103\" \/><\/p>\n<p class=\"MsoNormal\" style=\"line-height: 170%;\">\n <strong>&nbsp;9(17)#15 2020<\/strong> <\/p>\n<\/td>\n<td style=\"width: 315px;\" valign=\"top\">\n<p style=\"line-height: 170%; text-align: center;\">\n<a rel=\"license\" href=\"http:\/\/creativecommons.org\/licenses\/by-nc\/4.0\/\"><img decoding=\"async\" alt=\"Creative Commons licenca\" style=\"border-width:0\" src=\"https:\/\/i.creativecommons.org\/l\/by-nc\/4.0\/88x31.png\" \/><\/a><br \/>\u010casopis je otvorenog pristupa, a ovo djelo je dano na kori\u0161tenje pod licencom <a rel=\"license\" href=\"http:\/\/creativecommons.org\/licenses\/by-nc\/4.0\/\"><strong>Creative Commons Imenovanje-Nekomercijalno 4.0 me\u0111unarodna.<\/strong><\/a><\/p>\n<\/td>\n<td valign=\"top\">\n<p style=\"text-align: right; line-height: 150%;\" align=\"center\"><strong><br \/>\nDOI <a href=\"https:\/\/doi.org\/10.46640\/imr.9.17.5\">10.46640\/imr.9.17.5<\/a><br \/>\nUDK 001.101:070.13<br \/>\nPregledni \u010dlanak<br \/>\nReview article<br \/>\nPrimljeno: 14.02.2020.<\/strong><\/p>\n<\/td>\n<\/tr>\n<\/tbody>\n<\/table>\n<p class=\"MsoNormal\" style=\"line-height: 150%;\">&nbsp;<\/p>\n<p class=\"MsoNormal\" style=\"line-height: 150%;\">&nbsp;<\/p>\n<p class=\"MsoNormal\" style=\"text-align: center; line-height: 150%;\" align=\"center\"><span style=\"font-size: 15.0pt; line-height: 150%;\">Ana \u0110urkovi\u0107 i Aleksandra Brakus<\/span><\/p>\n<p style=\"text-align: center; line-height: 150%;\" align=\"center\">JMU RTS,Visoka \u0161kola modernog biznisa, Beograd, Srbija<\/p>\n<p>djurkovicana@yahoo.com<\/p>\n<p style=\"text-align: center; line-height: 150%;\" align=\"center\">JMU RTS,Visoka \u0161kola modernog biznisa, Beograd, Srbija<\/p>\n<p>brakus011@gmail.com<\/p>\n<p style=\"text-align: center;\" align=\"center\"><strong> <span style=\"font-size: 16.0pt; line-height: 150%;\">Znanjem protiv autocenzure, 60 uzbudljivih godina<\/span><\/strong><\/p>\n<p style=\"text-align: center; line-height: 150%;\" align=\"center\"><a href=\"http:\/\/www.centar-fm.org\/inmediasres\/images\/pdf\/17\/A. \u0110urkovic i A. Brakus, Znanjem protiv autocenzure, 60 uzbudljivih godina.pdf\"><strong><span style=\"color: #DC0101; font-size: 8.0pt;\"><br \/>\nPuni tekst: pdf (434 KB), Hrvatski, Str. 2655 &#8211; 2667<br \/>\n<\/span><\/strong><\/a><\/p>\n<p class=\"MsoNormal\" style=\"line-height: 150%;\">&nbsp;<\/p>\n<p style=\"margin: 0cm 48.6pt 0.0001pt 54pt; line-height: 170%;\"><strong><em>Sa\u017eetak<\/em><\/strong><\/p>\n<p class=\"MsoBodyText\" style=\"margin-top: 0cm; margin-right: 48.6pt; margin-bottom: .0001pt; margin-left: 54.0pt; line-height: 150%;\"><span style=\"font-size: 12.0pt; line-height: 150%; font-family: 'Times New Roman';\" lang=\"SR\">&nbsp;<\/span><\/p>\n<p class=\"MsoBodyText\" style=\"margin-top: 0cm; margin-right: 48.6pt; margin-bottom: .0001pt; margin-left: 54.0pt; line-height: 170%;\"><em>Cjelo\u017eivotna edukacija u JMU RTS neophodna je zbog konstantnog obrazovanja novinara i svih ostalih kadrova JMU RTS, radi stvaranja profesionalaca od integriteta \u010diji se rad bazira na javnom interesu u skladu sa Medijskim zakonima i Eti\u010dkim kodeksom, verifikaciji pravih od la\u017enih vesti i obrani od autocenzure i uredni\u010dke cenzure.<br \/>\n<\/em><\/p>\n<p class=\"MsoBodyText\" style=\"margin-top: 0cm; margin-right: 48.6pt; margin-bottom: .0001pt; margin-left: 54.0pt; line-height: 170%;\">&nbsp;<\/p>\n<p style=\"margin: 0cm 48.6pt 0.0001pt 54pt; line-height: 170%;\"><strong><em>Klju\u010dne rije\u010di:<\/em><\/strong> <em>obrazovanje, televizija, radio, javni interes, komunikacija, cenzura.<br \/>\n<\/em><\/p>\n<p class=\"MsoBodyText\" style=\"margin-top: 0cm; margin-right: 48.6pt; margin-bottom: .0001pt; margin-left: 54.0pt; line-height: 170%;\">&nbsp;<\/p>\n<p class=\"MsoNormal\" style=\"line-height: 150%;\">&nbsp;<\/p>\n<p class=\"MsoNormal\" style=\"line-height: 170%;\"><strong>Uvod<\/strong><\/p>\n<p class=\"MsoNormal\" style=\"line-height: 170%;\">&ldquo;Parafraziraju\u0107i Bandlera, ako imate samo jedan izbor u pona\u0161anju vi ste robot, ako imate dva zapada\u0107ete u ambivalencije a ako imate tri \u2013 vi ste slobodan \u010dovjek.&rdquo;<a name=\"_ftnref73\"><\/a><a href=\"#_ftn73\"><sup>[<span style=\"font-family: 'times new roman', times;\"><strong>73<\/strong><\/span>]<\/sup><\/a><\/p>\n<p class=\"MsoNormal\" style=\"line-height: 170%;\">\u017divimo u doba &ldquo;\u010cetvrte industrijske revolucije&rdquo;, nastale na temelju digitalne revolucije, koju karakterizira spajanje tehnologija, \u0161to opet dovodi do brisanja jasnih granica izme\u0111u biolo\u0161ke i digitalne sfere. <\/p>\n<p class=\"MsoNormal\" style=\"line-height: 170%;\">\u0160irom svijeta se od zaposlenih o\u010dekuje brzo prilago\u0111avanje izmijenjenim radnim procesima ili novim poslovima. Potra\u017enja za radnicima s vi\u0161im nivoom obrazovanje raste, dok se potra\u017enja za nisko kvalificiranima smanjuje. Mnoga zanimanja ve\u0107 sad zahtijevaju promjene u znanjima, sposobnostima i vje\u0161tinama, a u budu\u0107nosti nam predstoji proaktivno prilago\u0111avanje temeljnoj transformaciji zanimanja u kojoj \u0107e pojedina radna mjesta pretrpjeti kvalifikativnu promjenu, a pojedina izgubiti smisao i postati ugro\u017eena.<\/p>\n<p class=\"MsoNormal\" style=\"line-height: 170%;\">Kao \u0161to mr Vladimir Ivankovi\u0107 u tekstu <em>Klju\u010dne kompetencije navodi<\/em>: &ldquo;Europska unija je razvila i usvojila svoj referentni okvir klju\u010dnih kompetencija (2006. godine) koji je prvi poku\u0161aj da se na makro nivou obezbedi razumljiva i dobro balansirana lista klju\u010dnih kompetencija potrebnih, izme\u0111u ostalog i za uspe\u0161no zapo\u0161ljavanje i o\u010duvanje sigurnosti radnog mesta.&rdquo;<a name=\"_ftnref74\"><\/a><a href=\"#_ftn74\"><sup>[<span style=\"font-family: 'times new roman', times;\"><strong>74<\/strong><\/span>]<\/sup><\/a><\/p>\n<p class=\"MsoNormal\" style=\"line-height: 170%;\">Klju\u010dne kompetencije koje su definirane ovim referentnim okvirom su:<\/p>\n<p class=\"MsoNormal\" style=\"line-height: 70%;\">&nbsp;<\/p>\n<div style=\"margin-left: 35pt;\">\n<table border=\"0\">\n<tbody>\n<tr>\n<td width=\"10\" valign=\"top\">\n<span style=\"line-height: 170%;\"><br \/>\n\u2013<\/span>\n<\/td>\n<td>\n<span style=\"line-height: 170%;\"><br \/>\nKomunikacija na maternjem jeziku<\/span>\n<\/td>\n<\/tr>\n<tr>\n<tr>\n<td valign=\"top\">\n<div style=\"height: 6px; overflow:hidden;\">\n<\/div>\n<\/td>\n<td>\n<div style=\"height: 6px; overflow:hidden;\">\n<\/div>\n<\/td>\n<\/tr>\n<tr>\n<td width=\"10\" valign=\"top\">\n<span style=\"line-height: 170%;;\"><br \/>\n\u2013<\/span>\n<\/td>\n<td>\n<span style=\"line-height: 170%;\"><br \/>\nKomunikacija na stranom jeziku<\/span>\n<\/td>\n<\/tr>\n<tr>\n<tr>\n<td valign=\"top\">\n<div style=\"height: 6px; overflow:hidden;\">\n<\/div>\n<\/td>\n<td>\n<div style=\"height: 6px; overflow:hidden;\">\n<\/div>\n<\/td>\n<\/tr>\n<tr>\n<td width=\"10\" valign=\"top\">\n<span style=\"line-height: 170%;;\"><br \/>\n\u2013<\/span>\n<\/td>\n<td>\n<span style=\"line-height: 170%;\"><br \/>\nMatemati\u010dka pismenost i osnovne kompetencije u nauci i tehnologiji<\/span>\n<\/td>\n<\/tr>\n<tr>\n<tr>\n<td valign=\"top\">\n<div style=\"height: 6px; overflow:hidden;\">\n<\/div>\n<\/td>\n<td>\n<div style=\"height: 6px; overflow:hidden;\">\n<\/div>\n<\/td>\n<\/tr>\n<tr>\n<td width=\"10\" valign=\"top\">\n<span style=\"line-height: 170%;;\"><br \/>\n\u2013<\/span>\n<\/td>\n<td>\n<span style=\"line-height: 170%;\"><br \/>\nDigitalne kompetencije<\/span>\n<\/td>\n<\/tr>\n<tr>\n<tr>\n<td valign=\"top\">\n<div style=\"height: 6px; overflow:hidden;\">\n<\/div>\n<\/td>\n<td>\n<div style=\"height: 6px; overflow:hidden;\">\n<\/div>\n<\/td>\n<\/tr>\n<tr>\n<td width=\"10\" valign=\"top\">\n<span style=\"line-height: 170%;;\"><br \/>\n\u2013<\/span>\n<\/td>\n<td>\n<span style=\"line-height: 170%;\"><br \/>\nSposobnost u\u010denja<\/span>\n<\/td>\n<\/tr>\n<tr>\n<tr>\n<td valign=\"top\">\n<div style=\"height: 6px; overflow:hidden;\">\n<\/div>\n<\/td>\n<td>\n<div style=\"height: 6px; overflow:hidden;\">\n<\/div>\n<\/td>\n<\/tr>\n<tr>\n<td width=\"10\" valign=\"top\">\n<span style=\"line-height: 170%;;\"><br \/>\n\u2013<\/span>\n<\/td>\n<td>\n<span style=\"line-height: 170%;\"><br \/>\nMe\u0111uljudske i socijalne kompetencije<\/span>\n<\/td>\n<\/tr>\n<tr>\n<tr>\n<td valign=\"top\">\n<div style=\"height: 6px; overflow:hidden;\">\n<\/div>\n<\/td>\n<td>\n<div style=\"height: 6px; overflow:hidden;\">\n<\/div>\n<\/td>\n<\/tr>\n<tr>\n<td width=\"10\" valign=\"top\">\n<span style=\"line-height: 170%;;\"><br \/>\n\u2013<\/span>\n<\/td>\n<td>\n<span style=\"line-height: 170%;\"><br \/>\nPoduzetni\u0161tvo<\/span>\n<\/td>\n<\/tr>\n<tr>\n<tr>\n<td valign=\"top\">\n<div style=\"height: 6px; overflow:hidden;\">\n<\/div>\n<\/td>\n<td>\n<div style=\"height: 6px; overflow:hidden;\">\n<\/div>\n<\/td>\n<\/tr>\n<tr>\n<td width=\"10\" valign=\"top\">\n<span style=\"line-height: 170%;;\"><br \/>\n\u2013<\/span>\n<\/td>\n<td>\n<span style=\"line-height: 170%;\"><br \/>\nSvijest o kulturi i izra\u017eavanje kroz kulturu<\/span>\n<\/td>\n<\/tr>\n<tr>\n<tr>\n<td valign=\"top\">\n<div style=\"height: 6px; overflow:hidden;\">\n<\/div>\n<\/td>\n<td>\n<div style=\"height: 6px; overflow:hidden;\">\n<\/div>\n<\/td>\n<\/tr>\n<tr>\n<td width=\"10\" valign=\"top\">\n<span style=\"line-height: 170%;;\"><br \/>\n\u2013<\/span>\n<\/td>\n<td>\n<span style=\"line-height: 170%;\"><br \/>\n\u0160to se ti\u010de najnovije strategije Europske Komisije usvojena je a\u017eurirana preporuka Savjeta o klju\u010dnim kompetencijama za cjelo\u017eivotno u\u010denje. Pristup Preporuke je da se promovira razvoj klju\u010dnih kompetencija i osnovnih vje\u0161tina:<a name=\"_ftnref75\"><\/a><a href=\"#_ftn75\"><sup>[<span style=\"font-family: 'times new roman', times;\"><strong>75<\/strong><\/span>]<\/sup><\/a> <\/span>\n<\/td>\n<\/tr>\n<tr>\n<tr>\n<td valign=\"top\">\n<div style=\"height: 6px; overflow:hidden;\">\n<\/div>\n<\/td>\n<td>\n<div style=\"height: 6px; overflow:hidden;\">\n<\/div>\n<\/td>\n<\/tr>\n<tr>\n<td width=\"10\" valign=\"top\">\n<span style=\"line-height: 170%;;\"><br \/>\n\u2013<\/span>\n<\/td>\n<td>\n<span style=\"line-height: 170%;\"><br \/>\nOmoguc\u0107avanje visokokvalitetnog obrazovanja, obuke i cjelo\u017eivotnog u\u010denja za sve.<\/span>\n<\/td>\n<\/tr>\n<tr>\n<td valign=\"top\">\n<div style=\"height: 6px; overflow:hidden;\">\n<\/div>\n<\/td>\n<td>\n<div style=\"height: 6px; overflow:hidden;\">\n<\/div>\n<\/td>\n<\/tr>\n<tr>\n<td width=\"10\" valign=\"top\">\n<span style=\"line-height: 170%;;\"><br \/>\n\u2013<\/span>\n<\/td>\n<td>\n<span style=\"line-height: 170%;\"><br \/>\nPodr\u0161ka obrazovnom osoblju u provo\u0111enju pristupa u\u010denja i u\u010denja zasnovanog na kompetencijama.<\/span>\n<\/td>\n<\/tr>\n<tr>\n<td valign=\"top\">\n<div style=\"height: 6px; overflow:hidden;\">\n<\/div>\n<\/td>\n<td>\n<div style=\"height: 6px; overflow:hidden;\">\n<\/div>\n<\/td>\n<\/tr>\n<tr>\n<td width=\"10\" valign=\"top\">\n<span style=\"line-height: 170%;;\"><br \/>\n\u2013<\/span>\n<\/td>\n<td>\n<span style=\"line-height: 170%;\"><br \/>\nPromoviranje razli\u010ditih pristupa i konteksta u\u010denja iz ugla cjelo\u017eivotnog u\u010denja.<\/span>\n<\/td>\n<\/tr>\n<tr>\n<td valign=\"top\">\n<div style=\"height: 6px; overflow:hidden;\">\n<\/div>\n<\/td>\n<td>\n<div style=\"height: 6px; overflow:hidden;\">\n<\/div>\n<\/td>\n<\/tr>\n<tr>\n<td width=\"10\" valign=\"top\">\n<span style=\"line-height: 170%;;\"><br \/>\n\u2013<\/span>\n<\/td>\n<td>\n<span style=\"line-height: 170%;\"><br \/>\nIstra\u017eivanje pristupa procjeni i validaciji klju\u010dnih kompetencija.<\/span>\n<\/td>\n<\/tr>\n<\/tbody>\n<\/table>\n<\/div>\n<p class=\"MsoNormal\" style=\"line-height: 170%;\">&nbsp;<\/p>\n<p class=\"MsoNormal\" style=\"line-height: 170%;\"><strong>Javni medijski servis u globalnoj utrci<\/strong><\/p>\n<p class=\"MsoNormal\" style=\"line-height: 170%;\">&ldquo;McLuhan nam preporu\u010duje masovne medije &#8211; ili, bar odre\u0111ene privilegirane instance, poput TV &#8211; a, zbog njihove prirode. To je mo\u017eda ve\u0107 vidljivo u jednom od njegovih najdra\u017eih slogana &#8211; medij je poruka. Ono \u0161to McLuhan ima na umu ovom mantrom jest da je sadr\u017eaj masovnih medija manje va\u017ean od njihovih struktura, jer je na nivou strukture. McLuhan tvrdi da se masovni mediji anga\u017eiraju i oblikuju ljudsku svijest na najdublje na\u010dine. Prema tome, kad dolazimo do procjene TV &#8211; a, sadr\u017eaj njegovih programa je manje va\u017ean od njegove strukture kao na\u010dina komunikacije, jer njegova struktura komunikacijskog medija utje\u010de na razvoj svijesti.&rdquo;<a name=\"_ftnref76\"><\/a><a href=\"#_ftn76\"><sup>[<span style=\"font-family: 'times new roman', times;\"><strong>76<\/strong><\/span>]<\/sup><\/a><\/p>\n<p class=\"MsoNormal\" style=\"line-height: 170%;\">U kontekstu ovih teza treba pa\u017eljivo analizirati tko te poruke prenosi i na koji na\u010din utje\u010de na razvoj svijesti kroz strukturu komunikacije. U tom smislu je formiran i Obrazovni centar RTS &#8211; a, kao organizaciona cjelina za obrazovanje novinara i radnika svih ostalih ne manje va\u017enih profesija JMU RTS. Rije\u010d je o sistemskom ulaganju u vje\u0161tine i znanja u skladu sa strategijom i politikom razvoja RTS &#8211; a kao javnog servisa i potrebom Sektora za ljudske resurse da se omogu\u0107i stvaranje uvjeta za efikasan odabir kadrova prema sposobnostima i rezultatima rada, i zanimanjem za kontinuiranim stru\u010dnim usavr\u0161avanjem u razvoju karijere.<\/p>\n<p class=\"MsoNormal\" style=\"line-height: 170%;\">Obrazovni centar (OC) je pokrenut u okviru Sektora za ljudske resurse u lipnju 2019. godine.<\/p>\n<p class=\"MsoNormal\" style=\"line-height: 170%;\">Zami\u0161ljen je kao mjesto u kom se objedinjeno prate i predla\u017eu sve potrebe koje se ti\u010du edukacije, razvoja i stru\u010dnog usavr\u0161avanja zaposlenih, obavlja sta\u017eiranje u\u010denika i studenata iz obrazovnog sistema RS, pru\u017eaju stru\u010dni treninzi za specifi\u010dna televizijska zanimanja i unaprje\u0111uju ostale vje\u0161tine u klju\u010dnim podru\u010djima koja se ti\u010du medija za sve zainteresirane polaznike van JMU RTS. <\/p>\n<p class=\"MsoNormal\" style=\"line-height: 170%;\">OC se trudi pratiti iskustva EBU mre\u017ee a tako\u0111er se oslanja na doma\u0107e iskustvo i inovacije u procesu permanentnog u\u010denja, kao i na potencijalno u\u010de\u0161\u0107e u projektima \u010diji je cilj stjecanje novih znanja i kompetencija.<\/p>\n<p class=\"MsoNormal\" style=\"line-height: 170%;\">Kada je rije\u010d o zaposlenima, potrebe JMU RTS moraju se uskla\u0111ivati s trendovima i politikom razvoja javnih servisa, zbog \u010dega se raznim vidovima treninga planira razvijanje:<\/p>\n<p class=\"MsoNormal\" style=\"line-height: 70%;\">&nbsp;<\/p>\n<div style=\"margin-left: 35pt;\">\n<table border=\"0\">\n<tbody>\n<tr>\n<td width=\"10\" valign=\"top\">\n<span style=\"line-height: 170%;\"><br \/>\n\u2013<\/span>\n<\/td>\n<td>\n<span style=\"line-height: 170%;\"><br \/>\nanaliti\u010dkog razmi\u0161ljanja i inovacija;<\/span>\n<\/td>\n<\/tr>\n<tr>\n<tr>\n<td valign=\"top\">\n<div style=\"height: 6px; overflow:hidden;\">\n<\/div>\n<\/td>\n<td>\n<div style=\"height: 6px; overflow:hidden;\">\n<\/div>\n<\/td>\n<\/tr>\n<tr>\n<td width=\"10\" valign=\"top\">\n<span style=\"line-height: 170%;;\"><br \/>\n\u2013<\/span>\n<\/td>\n<td>\n<span style=\"line-height: 170%;\"><br \/>\nsposobnosti rje\u0161avanja problema;<\/span>\n<\/td>\n<\/tr>\n<tr>\n<tr>\n<td valign=\"top\">\n<div style=\"height: 6px; overflow:hidden;\">\n<\/div>\n<\/td>\n<td>\n<div style=\"height: 6px; overflow:hidden;\">\n<\/div>\n<\/td>\n<\/tr>\n<tr>\n<td width=\"10\" valign=\"top\">\n<span style=\"line-height: 170%;;\"><br \/>\n\u2013<\/span>\n<\/td>\n<td>\n<span style=\"line-height: 170%;\"><br \/>\nkriti\u010dkog razmi\u0161ljanja i analize;<\/span>\n<\/td>\n<\/tr>\n<tr>\n<tr>\n<td valign=\"top\">\n<div style=\"height: 6px; overflow:hidden;\">\n<\/div>\n<\/td>\n<td>\n<div style=\"height: 6px; overflow:hidden;\">\n<\/div>\n<\/td>\n<\/tr>\n<tr>\n<td width=\"10\" valign=\"top\">\n<span style=\"line-height: 170%;;\"><br \/>\n\u2013<\/span>\n<\/td>\n<td>\n<span style=\"line-height: 170%;\"><br \/>\nstrategije aktivnog u\u010denja;<br \/>\n<\/span>\n<\/td>\n<\/tr>\n<tr>\n<tr>\n<td valign=\"top\">\n<div style=\"height: 6px; overflow:hidden;\">\n<\/div>\n<\/td>\n<td>\n<div style=\"height: 6px; overflow:hidden;\">\n<\/div>\n<\/td>\n<\/tr>\n<tr>\n<td width=\"10\" valign=\"top\">\n<span style=\"line-height: 170%;;\"><br \/>\n\u2013<\/span>\n<\/td>\n<td>\n<span style=\"line-height: 170%;\"><br \/>\nkreativnosti, originalnosti i inicijative;<\/span>\n<\/td>\n<\/tr>\n<tr>\n<td valign=\"top\">\n<div style=\"height: 6px; overflow:hidden;\">\n<\/div>\n<\/td>\n<td>\n<div style=\"height: 6px; overflow:hidden;\">\n<\/div>\n<\/td>\n<\/tr>\n<tr>\n<td width=\"10\" valign=\"top\">\n<span style=\"line-height: 170%;;\"><br \/>\n\u2013<\/span>\n<\/td>\n<td>\n<span style=\"line-height: 170%;\"><br \/>\nposve\u0107ivanja pa\u017enje detaljima i razvijanju pouzdanosti;<\/span>\n<\/td>\n<\/tr>\n<tr>\n<td valign=\"top\">\n<div style=\"height: 6px; overflow:hidden;\">\n<\/div>\n<\/td>\n<td>\n<div style=\"height: 6px; overflow:hidden;\">\n<\/div>\n<\/td>\n<\/tr>\n<tr>\n<td width=\"10\" valign=\"top\">\n<span style=\"line-height: 170%;;\"><br \/>\n\u2013<\/span>\n<\/td>\n<td>\n<span style=\"line-height: 170%;\"><br \/>\nve\u0161tine pregovaranja;<\/span>\n<\/td>\n<\/tr>\n<tr>\n<td valign=\"top\">\n<div style=\"height: 6px; overflow:hidden;\">\n<\/div>\n<\/td>\n<td>\n<div style=\"height: 6px; overflow:hidden;\">\n<\/div>\n<\/td>\n<\/tr>\n<tr>\n<td width=\"10\" valign=\"top\">\n<span style=\"line-height: 170%;;\"><br \/>\n\u2013<\/span>\n<\/td>\n<td>\n<span style=\"line-height: 170%;\"><br \/>\nemocionalne inteligencije;<\/span>\n<\/td>\n<\/tr>\n<tr>\n<td valign=\"top\">\n<div style=\"height: 6px; overflow:hidden;\">\n<\/div>\n<\/td>\n<td>\n<div style=\"height: 6px; overflow:hidden;\">\n<\/div>\n<\/td>\n<\/tr>\n<tr>\n<td width=\"10\" valign=\"top\">\n<span style=\"line-height: 170%;;\"><br \/>\n\u2013<\/span>\n<\/td>\n<td>\n<span style=\"line-height: 170%;\"><br \/>\nliderstva i dru\u0161tvenog utjecaja;<\/span>\n<\/td>\n<\/tr>\n<tr>\n<td valign=\"top\">\n<div style=\"height: 6px; overflow:hidden;\">\n<\/div>\n<\/td>\n<td>\n<div style=\"height: 6px; overflow:hidden;\">\n<\/div>\n<\/td>\n<\/tr>\n<tr>\n<td width=\"10\" valign=\"top\">\n<span style=\"line-height: 170%;;\"><br \/>\n\u2013<\/span>\n<\/td>\n<td>\n<span style=\"line-height: 170%;\"><br \/>\nkoordinacije i upravljanja vremenom.<\/span>\n<\/td>\n<\/tr>\n<\/tbody>\n<\/table>\n<\/div>\n<p class=\"MsoNormal\" style=\"line-height: 70%;\">&nbsp;<\/p>\n<p class=\"MsoNormal\" style=\"line-height: 170%;\">Kompetencije zaposlenih se mogu tuma\u010diti kao skup znanja, sposobnosti i vje\u0161tina koje omogu\u0107avaju zaposlenima da obavljaju svoje poslove na najbolji mogu\u0107i na\u010din. Upravljanje tim kompetencijama postaje neophodno, isplativo na duge staze, i spada u najva\u017enije poslovne aktivnosti slu\u017ebe ljudskih resursa mnogih preduze\u0107a, a posebno Sektora za ljudske resurse Javnog medijskog servisa RTS.<\/p>\n<p class=\"MsoNormal\" style=\"line-height: 170%;\">&ldquo;Autonoman \u010dovjek nije ni pasivan ni lijen. On svojim individualnim stilom rje\u0161ava probleme koji nailaze. Spontanost mu omogu\u0107ava kreativnu igru kroz koju pronalazi nova, bolja re\u0161enja.<\/p>\n<p class=\"MsoNormal\" style=\"line-height: 170%;\">Pojam moralnosti i anga\u017eiranosti u modernoj komunikolo\u0161koj literaturi dobiva naziv Etika anga\u017eiranja (<em>Ethics of commitment<\/em>).&rdquo;<a name=\"_ftnref77\"><\/a><a href=\"#_ftn77\"><sup>[<span style=\"font-family: 'times new roman', times;\"><strong>77<\/strong><\/span>]<\/sup><\/a><\/p>\n<p class=\"MsoNormal\" style=\"line-height: 170%;\">Upravljanje kompetencijama zaposlenih je vrlo va\u017eno podru\u010dje u upravljanju ljudskim resursima zbog \u010dega se prate i analiziraju Strate\u0161ki ciljevi JMU RTS, vr\u0161i analiza posla, selekcija, obuka i razvoj kao i evaluacija nivoa i transfera znanja zaposlenih.<\/p>\n<p class=\"MsoNormal\" style=\"line-height: 170%;\">Razvoj kompetencija zaposlenih mora se konstantno uskla\u0111ivati sa zahtjevima posla opisanim u sistematizaciji, ali i s osobnim potrebama i planovima, i predstavlja kontinuirani proces.<\/p>\n<p class=\"MsoNormal\" style=\"line-height: 170%;\">Sektor za ljudske resurse posredstvom Slu\u017ebe za edukaciju, razvoj i stru\u010dno usavr\u0161avanje upravlja znanjem, motivacijom i kompetencijama zaposlenih (Competency Menagment), kao i njihovim osobnim razvojem.<\/p>\n<p class=\"MsoNormal\" style=\"line-height: 170%;\">Javni medijski servis RTS,\u00a0 usvajanjem ovakvog na\u010dina razmi\u0161ljanja, unapre\u0111uje svoje poslovanje i unapre\u0111ivanjem osobnog zadovoljstva zaposlenih, jer znanje, sposobnosti i vje\u0161tine zaposlenih postaju klju\u010dni faktori za uspeh na konkurentskom tr\u017ei\u0161tu.<\/p>\n<p class=\"MsoNormal\" style=\"line-height: 70%;\">&nbsp;<\/p>\n<p class=\"MsoNormal\" style=\"line-height: 170%;\">Tablica 1:<\/p>\n<p class=\"MsoNormal\" style=\"line-height: 170%;\">Sada\u0161nji status obrazovne strukture \u010dini:<a name=\"_ftnref78\"><\/a><a href=\"#_ftn78\"><sup>[<span style=\"font-family: 'times new roman', times;\"><strong>78<\/strong><\/span>]<\/sup><\/a><\/p>\n<p class=\"MsoNormal\" style=\"line-height: 100%;\">&nbsp;<\/p>\n<div align=\"left\">\n<table border=\"1\" cellspacing=\"0\" cellpadding=\"4\">\n<tr>\n<td width=\"321\">\n<p class=\"MsoNormal\" style=\"line-height: 170%;\">doktori znanosti<\/p>\n<\/td>\n<td width=\"323\">\n<p class=\"MsoNormal\" style=\"line-height: 170%;\">13<\/p>\n<\/td>\n<\/tr>\n<tr>\n<td width=\"321\">\n<p class=\"MsoNormal\" style=\"line-height: 170%;\">magistri<\/p>\n<\/td>\n<td width=\"323\">\n<p class=\"MsoNormal\" style=\"line-height: 170%;\">35<\/p>\n<\/td>\n<\/tr>\n<tr>\n<td width=\"321\">\n<p class=\"MsoNormal\" style=\"line-height: 170%;\">masteri<\/p>\n<\/td>\n<td width=\"323\">\n<p class=\"MsoNormal\" style=\"line-height: 170%;\">96<\/p>\n<\/td>\n<\/tr>\n<tr>\n<td width=\"321\">\n<p class=\"MsoNormal\" style=\"line-height: 170%;\">VSS<\/p>\n<\/td>\n<td width=\"323\">\n<p class=\"MsoNormal\" style=\"line-height: 170%;\">1018<\/p>\n<\/td>\n<\/tr>\n<tr>\n<td width=\"321\">\n<p class=\"MsoNormal\" style=\"line-height: 170%;\">BCH<\/p>\n<\/td>\n<td width=\"323\">\n<p class=\"MsoNormal\" style=\"line-height: 170%;\">54<\/p>\n<\/td>\n<\/tr>\n<tr>\n<td width=\"321\">\n<p class=\"MsoNormal\" style=\"line-height: 170%;\">VS<\/p>\n<\/td>\n<td width=\"323\">\n<p class=\"MsoNormal\" style=\"line-height: 170%;\">166<\/p>\n<\/td>\n<\/tr>\n<tr>\n<td width=\"321\">\n<p class=\"MsoNormal\" style=\"line-height: 170%;\">\u00a0SSS<\/p>\n<\/td>\n<td width=\"323\">\n<p class=\"MsoNormal\" style=\"line-height: 170%;\">1101<\/p>\n<\/td>\n<\/tr>\n<tr>\n<td width=\"321\">\n<p class=\"MsoNormal\" style=\"line-height: 170%;\">VKV<\/p>\n<\/td>\n<td width=\"323\">\n<p class=\"MsoNormal\" style=\"line-height: 170%;\">70<\/p>\n<\/td>\n<\/tr>\n<tr>\n<td width=\"321\">\n<p class=\"MsoNormal\" style=\"line-height: 170%;\">KV<\/p>\n<\/td>\n<td width=\"323\">\n<p class=\"MsoNormal\" style=\"line-height: 170%;\">88<\/p>\n<\/td>\n<\/tr>\n<tr>\n<td width=\"321\">\n<p class=\"MsoNormal\" style=\"line-height: 170%;\">ukupno<\/p>\n<\/td>\n<td width=\"323\">\n<p class=\"MsoNormal\" style=\"line-height: 170%;\">2641<\/p>\n<\/td>\n<\/tr>\n<\/table>\n<\/div>\n<p class=\"MsoNormal\" style=\"line-height: 100%;\">&nbsp;<\/p>\n<p class=\"MsoNormal\" style=\"line-height: 170%;\">Doktori znanosti se nalaze u sljede\u0107im organizacijskim cjelinama Televizije: Sektoru za razvoj i nove poslove, Sektoru za ljudske resurse, PJ TV Programu (zabavni program \/ glazbena redakcija), Informativnom programu regije \/ Beogradskom programu, i Jutarnjem programu po jedan i u ONP ekolo\u0161kom jedan, ukupno \u0161est.<\/p>\n<p class=\"MsoNormal\" style=\"line-height: 170%;\">Na Drugom programu radija radi pet doktora znanosti, u: Kulturno umjetni\u010dkom programu, Dokumentarnom stvarala\u0161tvu, Obrazovnoj rubrici, Redakciji dramskog programa i Dopisni\u0161tvu Radio Ni\u0161a, a na Tre\u0107em programu radija dvoje i to na programima: Teorija mi\u0161ljenja \/ znanost i kritika te Muzika i umjetni\u010dki eksperiment. <\/p>\n<p class=\"MsoNormal\" style=\"line-height: 170%;\">Magistara ima trideset pet, i to u: Sektoru za razvoj i nove poslove, Redakciji RTS tri, zatim Tematskim kanalima jedan, u Direkciji pri Certifikacijskom tijelu jedan, u Slu\u017ebi financija u odjelu komercijala\/knjigovodstvo jedan, u Muzi\u010dkoj produkciji kod simfoni\u010dara \u0161est i dva u zborskoj glazbi. U TV Programu ih je ukupno petnaest i to u: Kulturi i umjetnosti &#8211; informativnom dijelu programa, jedan, Kulturi i umjetnosti &#8211; teku\u0107im emisijama jedan, KUP Dje\u010djem programu jedan, Muzi\u010dkoj redakciji &#8211; Muzi\u010dkom magazinu jedan, Informativnom programu razmjene jedan, Informativnom programu Svijet dva, Informativnom programu Desk jedan, Informativnom programu Aktualnosti jedan, Programu za dijasporu dva, ONP ekolo\u0161kom programu jedan, ONP znanstvenom programu dva, Licenciranju programa jedan. U PJ Produkciji su u Izvr\u0161noj realizaciji i postprodukciji on &#8211; line monta\u017ee jedan, Realizaciji i primjenjenom dizajnu scenografija jedan i Realizaciji slu\u017ebe re\u017eije programa jedan. Na Prvom programu radija u Informativno politi\u010dkoj redakciji jedan i u Muzi\u010dkoj redakciji jedan, na Drugom programu radija Desk kultura RB jedan, Muzi\u010dkoj redakciji jedan i Produkciji dva.<\/p>\n<p class=\"MsoNormal\" style=\"line-height: 170%;\">&ldquo;Postizanje harmonije izme\u0111u profesionalnog i privatnog, tako da individua optimalno funkcioni\u0161e u timu, te\u0161ko je isto toliko koliko i postizanje harmonije izme\u0111u orijentisanosti ka radnim ciljevima i me\u0111uljudskim odnosima, ali je mogu\u0107e.&rdquo; Profesorica i autorica brojnih knjiga Tijana Mandi\u0107 ka\u017ee i : &ldquo;Osnovna komunikolo\u0161ka formula uspeha i \u010detiri zlatna pravila komunikologije su: fleksibilnost, ve\u0161tine, po\u0161tovanje i timski rad.&rdquo;<a name=\"_ftnref79\"><\/a><a href=\"#_ftn79\"><sup>[<span style=\"font-family: 'times new roman', times;\"><strong>79<\/strong><\/span>]<\/sup><\/a><\/p>\n<p class=\"MsoNormal\" style=\"line-height: 170%;\">&nbsp;<\/p>\n<p class=\"MsoNormal\" style=\"line-height: 170%;\"><strong>Cenzura<\/strong><\/p>\n<p class=\"MsoNormal\" style=\"line-height: 170%;\">&ldquo;Cenzura odr\u017eava naravi spre\u010davaju\u0107i izopa\u010davanje javnog mnjenja, \u010duvaju\u0107i njihovu ispravnost njihovom mudrom primenom, neki put \u010dak utvr\u0111uju\u0107i ih kada su jo\u0161 neizvesne&rdquo;.<a name=\"_ftnref80\"><\/a><a href=\"#_ftn80\"><sup>[<span style=\"font-family: 'times new roman', times;\"><strong>80<\/strong><\/span>]<\/sup><\/a><\/p>\n<p class=\"MsoNormal\" style=\"line-height: 170%;\">Ovako je govorio o cenzuri Jean &#8211; Jacques Rousseau, ra\u010dunaju\u0107i na &ldquo;mudru&rdquo; primjenu, dok se u modernom svijetu informacija pojam cenzure zajedno s novinarskom profesijom na\u0161ao na velikim isku\u0161enjima. Novinari, prinu\u0111eni da budu konkurentni, drugim rije\u010dima proizvo\u0111a\u010di najekskluzivnije poruke, pod konstantnim su pritiskom da svoje pri\u010de rade br\u017ee i istovremeno za razli\u010dite platforme, da vode ra\u010duna o &ldquo;klikovima&rdquo;, a o eti\u010dnosti se sve manje vodi ra\u010duna, mada je i taj segment ure\u0111en setom pravila. <\/p>\n<p class=\"MsoNormal\" style=\"line-height: 170%;\"><strong>Eti\u010dki kodeks<\/strong><a name=\"_ftnref81\"><\/a><a href=\"#_ftn81\"><sup>[<span style=\"font-family: 'times new roman', times;\"><strong>81<\/strong><\/span>]<\/sup><\/a><strong> obavezuje novinare da to\u010dno, objektivno, potpuno i blagovremeno izvijeste o doga\u0111ajima od interesa za javnost, po\u0161tuju\u0107i pravo javnosti da sazna istinu i dr\u017ee\u0107i se osnovnih standarda novinarske profesije.<\/strong><\/p>\n<p class=\"MsoNormal\" style=\"line-height: 170%;\">Novinari svakodnevno donose odluke o tome \u0161ta je javni interes. I ne samo to, ve\u0107 \u010desto do\u017eivljavaju razne vrste pritisaka da informacije koje prikupljaju ne dospiju do te iste javnosti. Ipak, vrlo je va\u017eno je da javnost bude informirana o izborima onih koji vijesti prave i prenose, i kojim se to motivima rukovode u slu\u010dajevima kada odlu\u010de da neke prikupljene informacije ostanu na nivou privatnih.\u00a0 <\/p>\n<p class=\"MsoNormal\" style=\"line-height: 170%;\">Neki od naj\u010de\u0161\u0107ih razloga za cenzuru u medijima su:<\/p>\n<p class=\"MsoNormal\" style=\"line-height: 170%;\">1. Za\u0161tita privatnosti neke osobe: Ovo je vjerojatno najmanje kontroverzni oblik medijske cenzure i koristi se, na primjer, kad maloljetnik po\u010dini zlo\u010din, bude \u017ertva zlo\u010dina, kad neka osoba bude predmet optu\u017ebi ili spekulacija a nije pravosna\u017eno osu\u0111ena itd. Ve\u0107ina medija skriva identitet \u017ertava silovanja, kako ne bi trpjeli javno poni\u017eenje. Primjer izvje\u0161tavanja vi\u0161e tabloida o takozvanom slu\u010daju\u00a0 &ldquo;mal\u010danskog berberina&rdquo; &#8211; uhap\u0161enog otmi\u010dara dvanaestogodi\u0161nje djevoj\u010dice, s brutalnim detaljima, flagrantan je primjer najgrubljeg naru\u0161avanja prava i dostojanstva djeteta i nepo\u0161tivanja Eti\u010dkog kodeksa. <\/p>\n<p class=\"MsoNormal\" style=\"line-height: 170%;\">Novinari tako\u0111er anonimno\u0161\u0107u \u0161tite svoje &lsquo;izvore&rsquo; od otkrivanja identiteta zbog straha od odmazde. Ovo je posebno va\u017eno kada su dou\u0161nici pojedinci, visoko pozicionirani u vladama ili korporacijama, koji imaju direktan pristup informacijama. <\/p>\n<p class=\"MsoNormal\" style=\"line-height: 170%;\">2. Izbjegavanje grafi\u010dkih detalja i slika: Svakog dana, negdje u svijetu, dogodi se grozan \u010din nasilja. Mediji tada moraju prona\u0107i na\u010din da detalje krivi\u010dnog djela prika\u017eu publici, kako bi mogla razumjeti njegovu surovost, ali u isto vrijeme, trude\u0107i se da ne vrije\u0111aju osje\u0107aje \u010ditatelja ili gledatelja, posebno djece. <\/p>\n<p class=\"MsoNormal\" style=\"line-height: 170%;\">3. Prikrivanje informacija o nacionalnoj sigurnosti: Osporavanjem zvi\u017eda\u010da &#8211; uzbunitelja, antivladinih grupa ili drugih koji \u017eele obavijestiti javnost o raznim zloupotrebama i koruptivnim aferama u kojima u\u010de\u0161\u0107e ima dr\u017eava (koju predstavljaju njeni najvi\u0161i zvani\u010dnici), vr\u0161i se stalan pritisak na medije da tako dobivene informacije ne na\u0111u put do javnosti. Paradigma takvog shva\u0107anja su WikiLeaks i njegov osniva\u010d Julian Assange, koji su se na\u0161li su pod vatrom zbog objavljivanja vi\u0161e od \u010detvrt milijuna ameri\u010dkih dokumenata, od kojih su mnogi uklju\u010divali nacionalnu sigurnost. Kada je <em>New York Times<\/em> objavio ove dokumente ameri\u010dkog State Departmenta, ameri\u010dka avijacija je odgovorilo blokiranjem web stranice novina. Ovaj primjer pokazuje da vlasnici medija \u010desto imaju napeti odnos s vladom kada odobravaju pri\u010de koje sadr\u017ee potencijalno eksplozivne informacije. Vladini slu\u017ebenici \u010desto poku\u0161avaju cenzurirati medije ili uravnote\u017eiti interese nacionalne sigurnosti s pravom javnosti da zna. <\/p>\n<p class=\"MsoNormal\" style=\"line-height: 170%;\">Sam Assange je zbog svog anga\u017emana od 2012. godine bio azilant u Ekvadorskoj ambasadi, sve do travnja 2019. kada se promijenila vlast u Ekvadoru i kada mu je azil osporen a on uhap\u0161en. Jo\u0161 uvijek se nalazi u Belmarsh zatvoru u Velikoj Britaniji \u010dekaju\u0107i mogu\u0107e izru\u010denje SAD gdje ga \u010deka suo\u010davanje s rigoroznim kaznama. <\/p>\n<p class=\"MsoNormal\" style=\"line-height: 170%;\">Tako\u0111e, obrana korporativnih interesa \u010desto implicira cenzuru. Medijske kompanije bi trebale slu\u017eiti javnom interesu, \u0161to ponekad ne odgovara vlasnicima konglomerata koji kontroliraju glasove medija.<\/p>\n<p class=\"MsoNormal\" style=\"line-height: 170%;\">Parafrazira\u0107emo Jurija Lotmana koji ka\u017ee: &ldquo;Ono \u0161to u jeziku nauke ima bezizra\u017eajni naziv &ldquo;informacija&rdquo;, ima i drugo ime \u2013 sloboda.&rdquo;<a name=\"_ftnref82\"><\/a><a href=\"#_ftn82\"><sup>[<span style=\"font-family: 'times new roman', times;\"><strong>82<\/strong><\/span>]<\/sup><\/a> pa \u0107emo re\u0107i da je u dana\u0161njem svijetu sloboda izno\u0161enja informacija postala ugro\u017eena. <\/p>\n<p class=\"MsoNormal\" style=\"line-height: 170%;\">Ili : &ldquo;&#8230;danas kada se osnove teorije informacije u\u010de u \u0161koli, nitko se ne\u0107e za\u010duditi ako podsetimo da je izbor \u2013 informacija. Tamo gde nema izbora, nema informacije; minimalna informacija nastaje kada se vr\u0161i izbor izme\u0111u dve jednake mogu\u0107nosti, a ukoliko je broj mogu\u0107nosti ve\u0107i, utoliko je informacija zna\u010dajnija&#8230; Ali postoji jo\u0161 jedna re\u010d \u2013 mo\u017ee se re\u0107i i da je sloboda. Nepostojanje izbora, potpuna predvidivost pona\u0161anja i de\u0161avanja je nesloboda&rdquo;.<a name=\"_ftnref83\"><\/a><a href=\"#_ftn83\"><sup>[<span style=\"font-family: 'times new roman', times;\"><strong>83<\/strong><\/span>]<\/sup><\/a><\/p>\n<p class=\"MsoNormal\" style=\"line-height: 170%;\">&nbsp;<\/p>\n<p class=\"MsoNormal\" style=\"line-height: 170%;\"><strong>Autocenzura<\/strong><\/p>\n<p class=\"MsoNormal\" style=\"line-height: 170%;\">&ldquo;Danas se u na\u0161im medijima re\u010d &lsquo;cenzura&rsquo; upotrebljava pre\u010desto, naro\u010dito u svojoj podmuklijoj varijanti, kao &lsquo;autocenzura&rsquo;. Ona se odnosi na slobodu govora, i govori nam o ograni\u010denjima te slobode, koja se name\u0107u kao pretnja, podsti\u010du\u0107i ose\u0107anje straha \u2013 ose\u0107anje negativne nade, nade u ni\u0161tavnu li\u010dnu budu\u0107nost koju \u0107e \u010doveku prirediti sloboda njegovog govora, dakle njegova ljudska obaveza da govori istinu.&rdquo;<a name=\"_ftnref84\"><\/a><a href=\"#_ftn84\"><sup>[<span style=\"font-family: 'times new roman', times;\"><strong>84<\/strong><\/span>]<\/sup><\/a><\/p>\n<p class=\"MsoNormal\" style=\"line-height: 170%;\">Prosvjedi koji vi\u0161e od godinu dana traju ispred JMU RTS ti\u010du se osnovnih na\u010dela rada javnog medijskog servisa, prema \u010clanu 4. (&bdquo;istinito, nepristrano, potpuno i blagovremeno informiranje, nezavisnost ure\u0111iva\u010dke politike i nezavisnost izvora financiranja, zabrana svakog oblika cenzure i nezakonitog utjecaja na rad javnog medijskog servisa, redakcije, novinara, primjena me\u0111unarodno priznatih normi i principa, a naro\u010dito po\u0161tivanje ljudskih prava i sloboda i demokratskih vrijednosti i po\u0161tovanje profesionalnih standarda i kodeksa)<a name=\"_ftnref85\"><\/a><a href=\"#_ftn85\"><sup>[<span style=\"font-family: 'times new roman', times;\"><strong>85<\/strong><\/span>]<\/sup><\/a>, kao i autocenzure koju mo\u017eemo tuma\u010diti nepostojanjem utemeljenja u profesiji kroz integritet mi\u0161ljenja i slobodu kriti\u010dkog govora.<\/p>\n<p class=\"MsoNormal\" style=\"line-height: 170%;\">&ldquo;Autocenzura je potpuno druga stvar. Nastaje kada su novinarstvo ili odre\u0111eni mediji vo\u0111eni ne uredni\u010dkom brigom, ve\u0107 strahom. Kada novinar ili urednik donose uredni\u010dke odluke oko neke pri\u010de uvjetovani strahom ili represijom \u2013 da li od strane dr\u017eave, vlasnika ili ogla\u0161iva\u010da \u2013 to nema nikakve veze sa osnovnim principima novinarstva.&rdquo;<a name=\"_ftnref86\"><\/a><a href=\"#_ftn86\"><sup>[<span style=\"font-family: 'times new roman', times;\"><strong>86<\/strong><\/span>]<\/sup><\/a><\/p>\n<p class=\"MsoNormal\" style=\"line-height: 170%;\">&nbsp;<\/p>\n<p class=\"MsoNormal\" style=\"line-height: 170%;\"><strong>Kako su po\u010deli prosvjedi<\/strong><\/p>\n<p class=\"MsoNormal\" style=\"line-height: 170%;\">Nekoliko dana nakon \u0161to je opozicioni lider ljevice Srbije Borko Stefanovi\u0107 napadnut prije odr\u017eavanja tribine u Kru\u0161evcu, 30. studenog 2018. godine organiziran je prvi gra\u0111anski prosvjed. Ta prva prosvjedna \u0161etnja odr\u017eana je pod sloganom &ldquo;Stop krvavim ko\u0161uljama&rdquo;, inspirirana okrvavljenom ko\u0161uljom koju je Stefanovi\u0107 pokazao na konferenciji za novinare. <\/p>\n<p class=\"MsoNormal\" style=\"line-height: 170%;\">Tjedan dana kasnije, 8. prosinca, odr\u017eana je i prva beogradska \u0161etnja. Od tada su svake subote prosvjedi nastavljeni \u0161irom Srbije.<\/p>\n<p class=\"MsoNormal\" style=\"line-height: 170%;\">Na po\u010detku je i prosvjed u Beogradu nosio isti naziv, da bi poslije nekoliko \u0161etnji postao\u00a0 &bdquo;Jedan od pet milijuna&rdquo;.<\/p>\n<p class=\"MsoNormal\" style=\"line-height: 170%;\">Prosvjedi su se skoro svake subote zavr\u0161avali ispred sredi\u0161ta JMU RTS u Takovskoj ulici, a zahtjevi sudionika su bili: izvje\u0161tavanje bez cenzure i u\u010de\u0161\u0107e u emisijama javnog servisa.<\/p>\n<p class=\"MsoNormal\" style=\"line-height: 170%;\">&nbsp;<\/p>\n<p class=\"MsoNormal\" style=\"line-height: 170%;\"><strong>Prosvjedi ispred zgrade u Takovskoj<\/strong><\/p>\n<p class=\"MsoNormal\" style=\"line-height: 170%;\">Navesti \u0107emo neke od situacija u kojima su gra\u0111ani okupljeni idejom izvje\u0161tavanja bez cenzure, pristalice pokreta &bdquo;Jedan od pet milijuna&ldquo; i &bdquo;Saveza za Srbiju&ldquo;, prosvjeduju\u0107i vi\u0161e od godinu dana za redom \u2013 svake subote, izra\u017eavali svoje nezadovoljstvo radom JMU RTS. <\/p>\n<p class=\"MsoNormal\" style=\"line-height: 170%;\"><strong>Jajima na zgradu RTS-a, 09. 03.2019.<\/strong><a name=\"_ftnref87\"><\/a><a href=\"#_ftn87\"><sup>[<span style=\"font-family: 'times new roman', times;\"><strong>87<\/strong><\/span>]<\/sup><\/a> &ldquo;Okupljeni su zatim gradskim ulicama pro\u0161etali do zgrade RTS-a gde su blokirali ulaz u zgradu televizije uz zahtev da se smene generalni direktor Dragan Bujo\u0161evi\u0107 i glavni i odgovrni urednik informativnog programa Nenad Lj. Stefanovi\u0107.\u00a0Kolona demonstranata se potom podelila \u2013 jedan deo pri\u0161ao je iz Takovske, a drugi iz Aberdareve ulice. Ispred zgrade javnog servisa improvizovan je &ldquo;Dnevnik slobodne Srbije&rdquo;, u kojem su &ldquo;\u010ditali vesti&rdquo;, najvi\u0161e o protestima. Potom su govorili predsednik jednog od sindikata zaposlenih u MUP \u2013 u, Policijskog sindikata Srbije, koji od pre nekoliko dana nema reprezentativnost, i radnica &ldquo;Kolubare&rdquo; iz Lazarevca Vesna Laki\u0107evi\u0107. U\u010desnici protesta ga\u0111ali su jajima zgradu javnog servisa.&rdquo;<\/p>\n<p class=\"MsoNormal\" style=\"line-height: 170%;\"><em>Site<\/em> Insajdera, 16. 03. 2019. god., prate\u0107i doga\u0111aje donosi tekst u kome ka\u017ee:<a name=\"_ftnref88\"><\/a><a href=\"#_ftn88\"><sup>[<span style=\"font-family: 'times new roman', times;\"><strong>88<\/strong><\/span>]<\/sup><\/a> &rdquo;Demonstranti su oko 20h upali u zgradu. Deo u\u010desnika petnaestog protesta &lsquo;Jedan od pet miliona&rsquo; u Beogradu, upao je u zgradu RTS nakon organizovanja &lsquo;Dnevnika slobodne Srbije&rsquo;. Desetine gra\u0111ana predvo\u0111eni predsednikom Dveri Bo\u0161kom Obradovi\u0107em, Draganom \u0110ilasom i Jelenom Anasonovi\u0107, jednom od organizatorki protesta, u\u0161li su u RTS tra\u017ee\u0107i da razgovaraju sa nekim od urednika i novinara, javlja reporter Insajdera. Pripadnici policije su ih nakon nekoliko sati izveli iz zgrade, a Obradovi\u0107 ih je pozvao da se ponovo okupe u nedelju ispred zgrade Predsedni\u0161tva gde je zakazano obra\u0107anje predsednika Aleksandra Vu\u010di\u0107a&ldquo;.<\/p>\n<p class=\"MsoNormal\" style=\"line-height: 170%;\">Ovaj upad JMU RTS nije prenosio na svojim kanalima.<\/p>\n<p class=\"MsoNormal\" style=\"line-height: 170%;\">Slijede\u0107eg dana, 17. 03. 2019., <em>site<\/em> JMU RTS prenio je reagiranja novinarskih udru\u017eenja, medija, zvani\u010dnika i politi\u010dara<a name=\"_ftnref89\"><\/a><a href=\"#_ftn89\"><sup>[<span style=\"font-family: 'times new roman', times;\"><strong>89<\/strong><\/span>]<\/sup><\/a> koji su osudili upad i istakli da je to na\u010din zastra\u0161ivanja novinara.<\/p>\n<p class=\"MsoNormal\" style=\"line-height: 170%;\">23. 03. 2019. god. Radio Slobodna Evropa javlja da je &ldquo;Gra\u0111anski protest protiv vlasti u Srbiji odr\u017ean je i ove subote u Beogradu, 16. put zaredom. Posle odr\u017eanih govora pred Filozofskim fakultetom, demonstranti su krenuli u protestnu \u0161etnju od Svetogorske do zgrade RTS-a. Dolaskom pred zgradu javnog medijskog servisa do\u010dekala su ih uga\u0161ena svetla RTS &#8211; a. Prisustvo uniformisane policije nije zabele\u017eeno.&rdquo;<a name=\"_ftnref90\"><\/a><a href=\"#_ftn90\"><sup>[<span style=\"font-family: 'times new roman', times;\"><strong>90<\/strong><\/span>]<\/sup><\/a><\/p>\n<p class=\"MsoNormal\" style=\"line-height: 170%;\">08. 09. 2019. Portal Analitika donosi naslov: &ldquo;Demonstranti vrata RTS &#8211; a ofarbali u pink<a name=\"_ftnref91\"><\/a><a href=\"#_ftn91\"><sup>[<span style=\"font-family: 'times new roman', times;\"><strong>91<\/strong><\/span>]<\/sup><\/a>. Jedan od organizatora protesta &lsquo;Jedan od pet miliona&rsquo; Sr\u0111an Markovi\u0107 pozvao je na bojkot izbora, uz ocjenu da svi koji iza\u0111u na izbore bi\u0107e jo\u0161 jedna frakcija Srpske napredne stranke. Protest zavr\u0161en ispred zgrade RTS &#8211; a gde su u\u010desnici ru\u017ei\u010dastom bojom farbali vrata.&rdquo;<\/p>\n<p class=\"MsoNormal\" style=\"line-height: 170%;\">12. 10. 2019. &bdquo;U\u010desnici protesta &lsquo;Jedan od pet miliona&rsquo; ponovo su simboli\u010dno ofarbali vrata zgrade RTS u &ldquo;pink&rdquo; boju, a u toj akciji pridru\u017eili su im se predstavnici Saveza za Srbiju Dragan \u0110ilas, Marko Basta\u0107 i Neboj\u0161a Zelenovi\u0107. Jedan od organizatora protesta koji je bio saslu\u0161avan u policiji zbog farbanja vrata RTS &#8211; a Sr\u0111an Markovi\u0107 poru\u010dio je generalnom direktoru javnog servisa Draganu Bujo\u0161evi\u0107u da je u slu\u017ebi SNS i Aleksandra Vu\u010di\u0107a, jer je podneo krivi\u010dne prijave protiv studenata&ldquo;.<a name=\"_ftnref92\"><\/a><a href=\"#_ftn92\"><sup>[<span style=\"font-family: 'times new roman', times;\"><strong>92<\/strong><\/span>]<\/sup><\/a><\/p>\n<p class=\"MsoNormal\" style=\"line-height: 170%;\">5. 11. 2019. Demonstranti \u010dekali Vu\u010di\u0107a ispred RTS ali do susreta nije do\u0161lo. Gra\u0111ani su se okupili na poziv Udru\u017eenja &bdquo;Jedan od pet miliona&ldquo; i &bdquo;Saveza za Srbiju&ldquo;, i njihove najave da \u0107e predsjedniku Srbije Aleksandru Vu\u010di\u0107u koji gostuje u emisiji &ldquo;Upitnik&rdquo; na RTS &#8211; u, postaviti neka pitanja.<a name=\"_ftnref93\"><\/a><a href=\"#_ftn93\"><sup>[<span style=\"font-family: 'times new roman', times;\"><strong>93<\/strong><\/span>]<\/sup><\/a><\/p>\n<p class=\"MsoNormal\" style=\"line-height: 170%;\">13. 12. 2019. Pristalice Saveza za Srbiju okupili su se u podne ispred ulaza u zgradu Radio &#8211; televizije Srbije, i do 20 sati blokirali sva tri ulaza u zgradu Javnog servisa. Najavu blokade osudili su rukovodstvo RTS &#8211; a i novinarska udru\u017eenja. U 20h su se lideri i pristalice SzS razi\u0161li \u010dime je zavr\u0161ena blokada RTS &#8211; a, koja je trajala, kako je i najavljeno, od 12 do 20 sati.<a name=\"_ftnref94\"><\/a><a href=\"#_ftn94\"><sup>[<span style=\"font-family: 'times new roman', times;\"><strong>94<\/strong><\/span>]<\/sup><\/a><\/p>\n<p class=\"MsoNormal\" style=\"line-height: 170%;\">04. 01. 2020. &bdquo;Protest &lsquo;Jedan od pet miliona&rsquo;, buka ispred RTS-a&ldquo;<a name=\"_ftnref95\"><\/a><a href=\"#_ftn95\"><sup>[<span style=\"font-family: 'times new roman', times;\"><strong>95<\/strong><\/span>]<\/sup><\/a>. U Beogradu je odr\u017ean 57. prosvjed pod nazivom &ldquo;Jedan od pet miliona&rdquo;. Okupljenima se prije \u0161etnje obratio jedan od organizatora Sr\u0111an Markovi\u0107 ocijeniv\u0161i da su jedine promjene u zemlji do\u0161le od gra\u0111ana koji prosvjeduju i da \u0107e, kako je rekao, strpljivi prosvjedi dovesti do promjena vlasti. Potom je pozvao okupljene da krenu ka zgradi RTS-a.<\/p>\n<p class=\"MsoNormal\" style=\"line-height: 170%;\">&bdquo;Hajde da se zaputimo ka jednoj instituciji koja isto je po\u010dela da otvara svoja vrata ili samo la\u017eno da ih otvara. &lsquo;Ajmo svi ka RTS-u da im ka\u017eemo zajedno ne\u0161to, \u0161ta o\u010dekujemo od njih i \u0161ta je njihov posao&ldquo;, rekao je Markovi\u0107.<a name=\"_ftnref96\"><\/a><a href=\"#_ftn96\"><sup>[<span style=\"font-family: 'times new roman', times;\"><strong>96<\/strong><\/span>]<\/sup><\/a><\/p>\n<p class=\"MsoNormal\" style=\"line-height: 170%;\">Do zgrade RTS-a okupljeni su stigli preko Makedonske i Svetogorske ulice. Poslije kra\u0107eg zadr\u017eavanja u Takovskoj, okupljeni su se preselili na parking ispred ulaza u Aberdarevoj ulici, gdje su ostali do kraja Dnevnika.<\/p>\n<p class=\"MsoNormal\" style=\"line-height: 170%;\">22. 01. 2020. &bdquo;Zahtev za promenu ure\u0111iva\u010dke politike Radio \u2013televizije Srbije (RTS), koji je potpisalo vi\u0161e od 140 pripadnika akademske zajednice, predat je danas toj medijskoj ku\u0107i,&ldquo; saop\u0107io je novinarima znanstveni savjetnik Instituta za fiziku Slobodan Prvanovi\u0107.<a name=\"_ftnref97\"><\/a><a href=\"#_ftn97\"><sup>[<span style=\"font-family: 'times new roman', times;\"><strong>97<\/strong><\/span>]<\/sup><\/a><\/p>\n<p class=\"MsoNormal\" style=\"line-height: 170%;\">&nbsp;<\/p>\n<p class=\"MsoNormal\" style=\"line-height: 170%;\"><strong>Zaklju\u010dak<\/strong><\/p>\n<p class=\"MsoNormal\" style=\"line-height: 170%;\">Na djelu je nekoliko povezanih kriza u domeni medija i novinarske profesije: kriza istinitosti informacije i relevantnosti samog izvora, brzine kojom ona sti\u017ee do publike, kriza klasi\u010dnih medija u odnosu na nove platforme i dostupnost sadr\u017eaja, senzacionalizam i proizvodnja simboli\u010dkih vrijednosti itd. Novinari prestaju biti istra\u017eiva\u010di pojava u dru\u0161tvu, ve\u0107 postaju marketin\u0161ki eksperti koji odgovaraju na zahtjeve postavljene na tr\u017ei\u0161tu kapitala, a mediji postaju proizvo\u0111a\u010di samih doga\u0111aja. <\/p>\n<p class=\"MsoNormal\" style=\"line-height: 170%;\">U takvom okru\u017eenju javni medijski servisi moraju opravdati svoju ulogu u dru\u0161tvu kroz brojne obaveze koje zakonski imaju, ali isto tako i kroz konstantnu edukaciju i ohrabrivanje svojih novinara i medijskih radnika kako bi lica i glasovi kojima oni govore bili glasovi istine i obrane javnog interesa.<\/p>\n<p class=\"MsoNormal\" style=\"line-height: 150%;\">&nbsp;<\/p>\n<hr align=\"left\" size=\"1\" width=\"33%\" \/>\n<div id=\"ftn73\">\n<p class=\"MsoNormal\" style=\"line-height: 150%;\"><span style=\"font-size: 8.0pt;\"><a name=\"_ftn73\"><\/a><a href=\"#_ftnref73\"><sup>[<span style=\"font-family: 'times new roman', \ntimes;\"><strong>73<\/strong><\/span>]<\/sup><\/a>&nbsp;<br \/>\nTijana, Mandi\u0107; <em>Komunikologija: psihologija komunikacije<\/em>; Clio, Beograd 2003., str. 9.<br \/>\n<\/span><\/p>\n<\/div>\n<div id=\"ftn74\">\n<p class=\"MsoNormal\" style=\"line-height: 150%;\"><span style=\"font-size: 8.0pt;\"><a name=\"_ftn74\"><\/a><a href=\"#_ftnref74\"><sup>[<span style=\"font-family: 'times new roman', \ntimes;\"><strong>74<\/strong><\/span>]<\/sup><\/a>&nbsp;<br \/>\nVladimir, Ivankovi\u0107, <em>Obuka i razvoj zaposlenih, Klju\u010dne kompetencije zaposlenih<\/em>, pristup, <a href=\"http:\/\/www.mngcentar.com\/site\/FileContent\/PageProizvod\/Sertifikacija\/SertifikacijeZaMngCert\/SertTrenMen524\/Fajlovi\/03.pdf\">http:\/\/www.mngcentar.com\/site\/FileContent\/PageProizvod\/Sertifikacija\/SertifikacijeZaMngCert\/SertTrenMen524\/Fajlovi\/03.pdf<\/a>, pristup 10. 12. 2019.<\/p>\n<p><\/span><\/p>\n<\/div>\n<div id=\"ftn75\">\n<p class=\"MsoNormal\" style=\"line-height: 150%;\"><span style=\"font-size: 8.0pt;\"><a name=\"_ftn75\"><\/a><a href=\"#_ftnref75\"><sup>[<span style=\"font-family: 'times new roman', \ntimes;\"><strong>75<\/strong><\/span>]<\/sup><\/a>&nbsp;<br \/>\nEuropean Comission, ,An Official Website of the European Union, <a href=\"http:\/\/www.ec.europa.eu\">http:\/\/www.ec.europa.eu<\/a>; Europian Commision, pristup, 10. 01 .2020.<\/p>\n<p><\/span><\/p>\n<\/div>\n<div id=\"ftn76\">\n<p class=\"MsoNormal\" style=\"line-height: 150%;\"><span style=\"font-size: 8.0pt;\"><a name=\"_ftn76\"><\/a><a href=\"#_ftnref76\"><sup>[<span style=\"font-family: 'times new roman', \ntimes;\"><strong>76<\/strong><\/span>]<\/sup><\/a>&nbsp;<br \/>\nNoel, Carroll; <em>A Philosophy of Mass Art<\/em>; Clarendon Press, Oxford, 1998., str. 145.<br \/>\n<\/span><\/p>\n<\/div>\n<div id=\"ftn77\">\n<p class=\"MsoNormal\" style=\"line-height: 150%;\"><span style=\"font-size: 8.0pt;\"><a name=\"_ftn77\"><\/a><a href=\"#_ftnref77\"><sup>[<span style=\"font-family: 'times new roman', \ntimes;\"><strong>77<\/strong><\/span>]<\/sup><\/a>&nbsp;<br \/>\nTijana Mandi\u0107, <em>Komunikologija: psihologija komunikacije<\/em>, Clio, Beograd 2003., str. 7.<\/p>\n<p><\/span><\/p>\n<\/div>\n<div id=\"ftn78\">\n<p class=\"MsoNormal\" style=\"line-height: 150%;\"><span style=\"font-size: 8.0pt;\"><a name=\"_ftn78\"><\/a><a href=\"#_ftnref78\"><sup>[<span style=\"font-family: 'times new roman', \ntimes;\"><strong>78<\/strong><\/span>]<\/sup><\/a>&nbsp;<br \/>\nTablica 1 \u2013 podaci Slu\u017ebe za edukaciju, razvoj i stru\u010dno usavr\u0161avanje zaposlenih JMU RTS.<br \/>\n<\/span><\/p>\n<\/div>\n<div id=\"ftn79\">\n<p class=\"MsoNormal\" style=\"line-height: 150%;\"><span style=\"font-size: 8.0pt;\"><a name=\"_ftn79\"><\/a><a href=\"#_ftnref79\"><sup>[<span style=\"font-family: 'times new roman', \ntimes;\"><strong>79<\/strong><\/span>]<\/sup><\/a>&nbsp;<br \/>\nTijana Mandi\u0107; <em>Komunikologija: psihologija komunikacije<\/em>, str. 9.<br \/>\n<\/span><\/p>\n<\/div>\n<div id=\"ftn80\">\n<p class=\"MsoNormal\" style=\"line-height: 150%;\"><span style=\"font-size: 8.0pt;\"><a name=\"_ftn80\"><\/a><a href=\"#_ftnref80\"><sup>[<span style=\"font-family: 'times new roman', \ntimes;\"><strong>80<\/strong><\/span>]<\/sup><\/a>&nbsp;<br \/>\n\u017dan \u017dak, Ruso, <em>Dru\u0161tveni ugovor -O poreklu i osnovima nejednakosti me\u0111u ljudima<\/em>; Prosveta, Beograd 1948., str. 98.<br \/>\n<\/span><\/p>\n<\/div>\n<div id=\"ftn81\">\n<p class=\"MsoNormal\" style=\"line-height: 150%;\"><span style=\"font-size: 8.0pt;\"><a name=\"_ftn81\"><\/a><a href=\"#_ftnref81\"><sup>[<span style=\"font-family: 'times new roman', \ntimes;\"><strong>81<\/strong><\/span>]<\/sup><\/a>&nbsp;<br \/>\nKodeks novinara Srbije, <a href=\"http:\/\/www.savetzastampu.rs\/doc\/Kodeks_novinara_Srbije.pdf\">http:\/\/www.savetzastampu.rs\/doc\/Kodeks_novinara_Srbije.pdf<\/a>, pristup 3. 01. 2020.<br \/>\n<\/span><\/p>\n<\/div>\n<div id=\"ftn82\">\n<p class=\"MsoNormal\" style=\"line-height: 150%;\"><span style=\"font-size: 8.0pt;\"><a name=\"_ftn82\"><\/a><a href=\"#_ftnref82\"><sup>[<span style=\"font-family: 'times new roman', \ntimes;\"><strong>82<\/strong><\/span>]<\/sup><\/a>&nbsp;<br \/>\nJurij Lotman, i Jurij Cvijan, <em>Dijalog sa ekranom<\/em>, Filmski centar Srbije, Beograd, 2014. str. 47.<br \/>\n<\/span><\/p>\n<\/div>\n<div id=\"ftn83\">\n<p class=\"MsoNormal\" style=\"line-height: 150%;\"><span style=\"font-size: 8.0pt;\"><a name=\"_ftn83\"><\/a><a href=\"#_ftnref83\"><sup>[<span style=\"font-family: 'times new roman', \ntimes;\"><strong>83<\/strong><\/span>]<\/sup><\/a>&nbsp;<br \/>\nJurij Lotman, i Jurij Cvijan, <em>Dijalog sa ekranom<\/em>., str. 50.<br \/>\n<\/span><\/p>\n<\/div>\n<div id=\"ftn84\">\n<p class=\"MsoNormal\" style=\"line-height: 150%;\"><span style=\"font-size: 8.0pt;\"><a name=\"_ftn84\"><\/a><a href=\"#_ftnref84\"><sup>[<span style=\"font-family: 'times new roman', \ntimes;\"><strong>84<\/strong><\/span>]<\/sup><\/a>&nbsp;<br \/>\nZlatko Pakovi\u0107, <em>Cenzura 2<\/em>, <a href=\"https:\/\/www.danas.rs\/kolumna\/zlatko-pakovic\/cenzura-2\/\">https:\/\/www.danas.rs\/kolumna\/zlatko-pakovic\/cenzura-2\/<\/a>, pristup 12. 12. 2019.<br \/>\n<\/span><\/p>\n<\/div>\n<div id=\"ftn85\">\n<p class=\"MsoNormal\" style=\"line-height: 150%;\"><span style=\"font-size: 8.0pt;\"><a name=\"_ftn85\"><\/a><a href=\"#_ftnref85\"><sup>[<span style=\"font-family: 'times new roman', \ntimes;\"><strong>85<\/strong><\/span>]<\/sup><\/a>&nbsp;<br \/>\nZakon o Javnim medijskim servisima, <a href=\"https:\/\/www.paragraf.rs\/propisi\/zakon_o_javnim_medijskim_servisima.html\">https:\/\/www.paragraf.rs\/propisi\/zakon_o_javnim_medijskim_servisima.html<\/a>.<br \/>\n<\/span><\/p>\n<\/div>\n<div id=\"ftn86\">\n<p class=\"MsoNormal\" style=\"line-height: 150%;\"><span style=\"font-size: 8.0pt;\"><a name=\"_ftn86\"><\/a><a href=\"#_ftnref86\"><sup>[<span style=\"font-family: 'times new roman', \ntimes;\"><strong>86<\/strong><\/span>]<\/sup><\/a>&nbsp;<br \/>\nAidan White, <em>Fear in the News: The Difference Between Self-censorship and Ethical Journalism<\/em>, <a href=\"https:\/\/ethicaljournalismnetwork.org\/fear-in-the-news-the-difference-between-self-censorship-and-ethical-journalism\">https:\/\/ethicaljournalismnetwork.org\/fear-in-the-news-the-difference-between-self-censorship-and-ethical-journalism<\/a>, pristup, 23. 01\u00a0 2020.<br \/>\n<\/span><\/p>\n<\/div>\n<div id=\"ftn87\">\n<p class=\"MsoNormal\" style=\"line-height: 150%;\"><span style=\"font-size: 8.0pt;\"><a name=\"_ftn87\"><\/a><a href=\"#_ftnref87\"><sup>[<span style=\"font-family: 'times new roman', \ntimes;\"><strong>87<\/strong><\/span>]<\/sup><\/a>&nbsp;<br \/>\n<em>Jajima na zgradu RTS-a<\/em>,; <a href=\"https:\/\/www.google.com\/search?q=Jajima+na+zgradu+RTS-a%2C+09.+03.2019.&amp;oq\">https:\/\/www.google.com\/search?q=Jajima+na+zgradu+RTS-a%2C+09.+03.2019.&amp;oq<\/a>=, pristup, 12. 10. 2019.<br \/>\n<\/span><\/p>\n<\/div>\n<div id=\"ftn88\">\n<p class=\"MsoNormal\" style=\"line-height: 150%;\"><span style=\"font-size: 8.0pt;\"><a name=\"_ftn88\"><\/a><a href=\"#_ftnref88\"><sup>[<span style=\"font-family: 'times new roman', \ntimes;\"><strong>88<\/strong><\/span>]<\/sup><\/a>&nbsp;<br \/>\nInsajder.net; <a href=\"https:\/\/insajder.net\/sr\/sajt\/vazno\/13778\/\">https:\/\/insajder.net\/sr\/sajt\/vazno\/13778\/<\/a>, pristup, 12. 10. 2019.<br \/>\n<\/span><\/p>\n<\/div>\n<div id=\"ftn89\">\n<p class=\"MsoNormal\" style=\"line-height: 150%;\"><span style=\"font-size: 8.0pt;\"><a name=\"_ftn89\"><\/a><a href=\"#_ftnref89\"><sup>[<span style=\"font-family: 'times new roman', \ntimes;\"><strong>89<\/strong><\/span>]<\/sup><\/a>&nbsp;<br \/>\nRTS; TANJUG; FONET, <em>Reagovanja na upad u zgradu RTS<\/em>; <a href=\"http:\/\/www.rts.rs\/page\/stories\/ci\/story\/1\/politika\/3456165\/reagovanja-na-upad-u-zgradu-rts-a.html\">http:\/\/www.rts.rs\/page\/stories\/ci\/story\/1\/politika\/3456165\/reagovanja-na-upad-u-zgradu-rts-a.html<\/a>, pristup 12. 10 .2019.<\/p>\n<p><\/span><\/p>\n<\/div>\n<div id=\"ftn90\">\n<p class=\"MsoNormal\" style=\"line-height: 150%;\"><span style=\"font-size: 8.0pt;\"><a name=\"_ftn90\"><\/a><a href=\"#_ftnref90\"><sup>[<span style=\"font-family: 'times new roman', \ntimes;\"><strong>90<\/strong><\/span>]<\/sup><\/a>&nbsp;<br \/>\nRadio Slobodna Evropa, Protest u Beogradu, ispred RTS-a &lsquo;Dnevnik slobodne Srbije&rsquo;, <a href=\"https:\/\/www.slobodnaevropa.org\/a\/29838217.html\">https:\/\/www.slobodnaevropa.org\/a\/29838217.html<\/a>, pristup 12. 10. 2019.<br \/>\n<\/span><\/p>\n<\/div>\n<div id=\"ftn91\">\n<p class=\"MsoNormal\" style=\"line-height: 150%;\"><span style=\"font-size: 8.0pt;\"><a name=\"_ftn91\"><\/a><a href=\"#_ftnref91\"><sup>[<span style=\"font-family: 'times new roman', \ntimes;\"><strong>91<\/strong><\/span>]<\/sup><\/a>&nbsp;<br \/>\nPortal Analitika, <em>Demonstranti vrata RTS \u2013 a ofarbali u pink<\/em>, <a href=\"https:\/\/portalanalitika.me\/clanak\/344850\/demonstranti-vrata-rts-a-ofarbali-u-pink\">https:\/\/portalanalitika.me\/clanak\/344850\/demonstranti-vrata-rts-a-ofarbali-u-pink<\/a>, pristup 13. 12. 2019.<br \/>\n<\/span><\/p>\n<\/div>\n<div id=\"ftn92\">\n<p class=\"MsoNormal\" style=\"line-height: 150%;\"><span style=\"font-size: 8.0pt;\"><a name=\"_ftn92\"><\/a><a href=\"#_ftnref92\"><sup>[<span style=\"font-family: 'times new roman', \ntimes;\"><strong>92<\/strong><\/span>]<\/sup><\/a>&nbsp;<br \/>\nMladen Savatovi\u0107, Protest &ldquo;1 od 5 miliona&ldquo;: Vrata RTS u pink boju farbali i lideri opozicije, <a href=\"http:\/\/rs.n1info.com\/Vesti\/a534102\/Protest-1-od-5-miliona-Pink-boja-za-RTS.html\">http:\/\/rs.n1info.com\/Vesti\/a534102\/Protest-1-od-5-miliona-Pink-boja-za-RTS.html<\/a>, pristup 13. 12. 2019.<\/p>\n<p><\/span><\/p>\n<\/div>\n<div id=\"ftn93\">\n<p class=\"MsoNormal\" style=\"line-height: 150%;\"><span style=\"font-size: 8.0pt;\"><a name=\"_ftn93\"><\/a><a href=\"#_ftnref93\"><sup>[<span style=\"font-family: 'times new roman', \ntimes;\"><strong>93<\/strong><\/span>]<\/sup><\/a>&nbsp;<br \/>\nPolitika.rs, <em>Razi\u0161le se pristalice opozicije koje su ispred RTS \u010dekale Vu\u010d\u0107a,<\/em> <a href=\"http:\/\/www.politika.rs\/scc\/clanak\/441306\/Razisle-se-pristalice-opozicije-koje-su-ispred-RTS-a-cekali-Vucica\">http:\/\/www.politika.rs\/scc\/clanak\/441306\/Razisle-se-pristalice-opozicije-koje-su-ispred-RTS-a-cekali-Vucica<\/a>, pristup 13. 12. 2019.<br \/>\n<\/span><\/p>\n<\/div>\n<div id=\"ftn94\">\n<p class=\"MsoNormal\" style=\"line-height: 150%;\"><span style=\"font-size: 8.0pt;\"><a name=\"_ftn94\"><\/a><a href=\"#_ftnref94\"><sup>[<span style=\"font-family: 'times new roman', \ntimes;\"><strong>94<\/strong><\/span>]<\/sup><\/a>&nbsp;<br \/>\nRTS, Pristalice Saveza za Srbiju osam sati blokirale ulaze u RTS, <a href=\"http:\/\/www.rts.rs\/page\/stories\/sr\/story\/9\/politika\/3772967\/deo-opozicije-blokira-ulaze-u-rts.html\">http:\/\/www.rts.rs\/page\/stories\/sr\/story\/9\/politika\/3772967\/deo-opozicije-blokira-ulaze-u-rts.html<\/a>, pristup 13. 12. 2019.<\/p>\n<p><\/span><\/p>\n<\/div>\n<div id=\"ftn95\">\n<p class=\"MsoNormal\" style=\"line-height: 150%;\"><span style=\"font-size: 8.0pt;\"><a name=\"_ftn95\"><\/a><a href=\"#_ftnref95\"><sup>[<span style=\"font-family: 'times new roman', \ntimes;\"><strong>95<\/strong><\/span>]<\/sup><\/a>&nbsp;<br \/>\nTelegraf.rs, <em>Protest &bdquo;1 od 5 miliona&ldquo;, buka ispred RTS<\/em> \u2013a, <a href=\"https:\/\/www.telegraf.rs\/vesti\/politika\/3139219-protest-1-od-5-miliona-buka-ispred-rts-a\">https:\/\/www.telegraf.rs\/vesti\/politika\/3139219-protest-1-od-5-miliona-buka-ispred-rts-a<\/a>, pristup 15. 01. 2020.<\/p>\n<p><\/span><\/p>\n<\/div>\n<div id=\"ftn96\">\n<p class=\"MsoNormal\" style=\"line-height: 150%;\"><span style=\"font-size: 8.0pt;\"><a name=\"_ftn96\"><\/a><a href=\"#_ftnref96\"><sup>[<span style=\"font-family: 'times new roman', \ntimes;\"><strong>96<\/strong><\/span>]<\/sup><\/a>&nbsp;<br \/>\nTelegraf.rs, <em>Protest &bdquo;1 od 5 miliona&ldquo;, buka ispred RTS.<\/em><\/p>\n<p><\/span><\/p>\n<\/div>\n<div id=\"ftn97\">\n<p class=\"MsoNormal\" style=\"line-height: 150%;\"><span style=\"font-size: 8.0pt;\"><a name=\"_ftn97\"><\/a><a href=\"#_ftnref97\"><sup>[<span style=\"font-family: 'times new roman', \ntimes;\"><strong>97<\/strong><\/span>]<\/sup><\/a>&nbsp;<br \/>\nDanas.rs, 01.02.2020.<\/p>\n<p><\/span><\/p>\n<\/div>\n<p class=\"MsoNormal\" style=\"line-height: 150%;\">&nbsp;<\/p>\n<p class=\"MsoNormal\" style=\"line-height: 170%;\"><strong>Literatura:<\/strong><\/p>\n<p class=\"MsoNormal\" style=\"line-height: 170%;\">Carroll, Noel; <em>A Philosophy of Mass Art<\/em>;  Clarendon Press, Oxford 1998. <\/p>\n<p class=\"MsoNormal\" style=\"line-height: 170%;\">Lotman Jurij i Cvijan Jurij, <em>Dijalog sa ekranom<\/em>,  Filmski centar Srbije, Beograd 2014. <\/p>\n<p class=\"MsoNormal\" style=\"line-height: 170%;\">Mandi\u0107, Tijana; <em>Komunikologija: psihologija  komunikacije<\/em>, Clio, Beograd 2003. <\/p>\n<p class=\"MsoNormal\" style=\"line-height: 170%;\">Ruso, \u017dan \u017dak, <em>Dru\u0161tveni ugovor &#8211; O poreklu i  osnovima nejednakosti me\u0111u ljudima<\/em>; Prosveta, Beograd, 1948. <\/p>\n<p class=\"MsoNormal\" style=\"line-height: 170%;\"><strong>Ostali izvori<\/strong>:<\/p>\n<p class=\"MsoNormal\" style=\"line-height: 170%;\">European Comission, ,An Official Website of the  European Union, <a href=\"https:\/\/ec.europa.eu\/;\">https:\/\/ec.europa.eu\/;<\/a> Europian Commision, pristup 10. 01 .2020.<\/p>\n<p class=\"MsoNormal\" style=\"line-height: 170%;\">Insajder.net, <a href=\"https:\/\/insajder.net\/sr\/sajt\/vazno\/13778\/\">https:\/\/insajder.net\/sr\/sajt\/vazno\/13778\/<\/a>, pristup, 12.  10. 2019.<\/p>\n<p class=\"MsoNormal\" style=\"line-height: 170%;\">Ivankovi\u0107, Vladimir, <em>Obuka i razvoj zaposlenih,  Klju\u010dne kompetencije zaposlenih<\/em>, pristup, <a href=\"http:\/\/www.mngcentar.com\/site\/FileContent\/PageProizvod\/Sertifikacija\/SertifikacijeZaMngCert\/SertTrenMen524\/Fajlovi\/03.pdf\">http:\/\/www.mngcentar.com\/site\/FileContent\/PageProizvod\/Sertifikacija\/SertifikacijeZaMngCert\/SertTrenMen524\/Fajlovi\/03.pdf<\/a>, pristup 10.  12. 2019.<\/p>\n<p class=\"MsoNormal\" style=\"line-height: 170%;\">Kodeks novinara Srbije, <a href=\"http:\/\/www.savetzastampu.rs\/doc\/Kodeks_novinara_Srbije.pdf\">http:\/\/www.savetzastampu.rs\/doc\/Kodeks_novinara_Srbije.pdf<\/a>, pristup 3.  01. 20202.<\/p>\n<p class=\"MsoNormal\" style=\"line-height: 170%;\">Savatovi\u0107, Mladen, <em>Protest &ldquo;1 od 5 miliona&ldquo;:  Vrata RTS u pink boju farbali i lideri opozicije<\/em>, <a href=\"http:\/\/rs.n1info.com\/Vesti\/a534102\/Protest-1-od-5-miliona-Pink-boja-za-RTS.html\">http:\/\/rs.n1info.com\/Vesti\/a534102\/Protest-1-od-5-miliona-Pink-boja-za-RTS.html<\/a>.<\/p>\n<p class=\"MsoNormal\" style=\"line-height: 170%;\">Pakovi\u0107, Zlatko, <em>Cenzura 2<\/em>, <a href=\"https:\/\/www.danas.rs\/kolumna\/zlatko-pakovic\/cenzura-2\/\">https:\/\/www.danas.rs\/kolumna\/zlatko-pakovic\/cenzura-2\/<\/a>,  pristup 12.12.2019.\/ <\/p>\n<p class=\"MsoNormal\" style=\"line-height: 170%;\">Portal Analitika, <em>Demonstranti vrata RTS \u2013 a  ofarbali u pink<\/em>, <a href=\"https:\/\/portalanalitika.me\/clanak\/344850\/demonstranti-vrata-rts-a-ofarbali-u-pink\">https:\/\/portalanalitika.me\/clanak\/344850\/demonstranti-vrata-rts-a-ofarbali-u-pink<\/a>, pristup 13.  12. 2019. <\/p>\n<p class=\"MsoNormal\" style=\"line-height: 170%;\">Politika<em>, Razi\u0161le se pristalice opozicije koje  su ispred RTS \u010dekale Vu\u010d\u0107a,<\/em> <a href=\"http:\/\/www.politika.rs\/scc\/clanak\/441306\/Razisle-se-pristalice-opozicije-koje-su-ispred-RTS-a-cekali-Vucica\">http:\/\/www.politika.rs\/scc\/clanak\/441306\/Razisle-se-pristalice-opozicije-koje-su-ispred-RTS-a-cekali-Vucica<\/a>. <\/p>\n<p class=\"MsoNormal\" style=\"line-height: 170%;\">Radio Slobodna Evropa<em>, Protest u Beogradu,  ispred RTS-a<\/em> &lsquo;Dnevnik slobodne Srbije&rsquo;, <a href=\"https:\/\/www.slobodnaevropa.org\/a\/29838217.html\">https:\/\/www.slobodnaevropa.org\/a\/29838217.html<\/a>, pristup, 12.  10. 2019.<\/p>\n<p class=\"MsoNormal\" style=\"line-height: 170%;\">RTS, <em>Pristalice Saveza za Srbiju osam sati  blokirale ulaze u RTS, <\/em><a href=\"http:\/\/www.rts.rs\/page\/stories\/sr\/story\/9\/politika\/3772967\/deo-opozicije-blokira-ulaze-u-rts.html\">http:\/\/www.rts.rs\/page\/stories\/sr\/story\/9\/politika\/3772967\/deo-opozicije-blokira-ulaze-u-rts.html<\/a>.<\/p>\n<p class=\"MsoNormal\" style=\"line-height: 170%;\">RTS; TANJUG; FONET, <em>Reagovanja na upad u zgradu  RTS<\/em>; <a href=\"http:\/\/www.rts.rs\/page\/stories\/ci\/story\/1\/politika\/3456165\/reagovanja-na-upad-u-zgradu-rts-a.html\">http:\/\/www.rts.rs\/page\/stories\/ci\/story\/1\/politika\/3456165\/reagovanja-na-upad-u-zgradu-rts-a.html<\/a>, pristup 12.  10. 2019.<\/p>\n<p class=\"MsoNormal\" style=\"line-height: 170%;\">Telegraf, <em>Protest &bdquo;1 od 5 miliona&ldquo;, buka ispred  RTS<\/em>\u2013a, <a href=\"https:\/\/www.telegraf.rs\/vesti\/politika\/3139219-protest-1-od-5-miliona-buka-ispred-rts-a\">https:\/\/www.telegraf.rs\/vesti\/politika\/3139219-protest-1-od-5-miliona-buka-ispred-rts-a<\/a>. <\/p>\n<p class=\"MsoNormal\" style=\"line-height: 170%;\">White, Aidan, <em>Fear in the News: The Difference  Between Self-censorship and Ethical Journalism<\/em> <a href=\"https:\/\/ethicaljournalismnetwork.org\/fear-in-the-news-the-difference-between-self-censorship-and-ethical-journalism\">https:\/\/ethicaljournalismnetwork.org\/fear-in-the-news-the-difference-between-self-censorship-and-ethical-journalism<\/a>, pristup 23. 01\u00a0 2020.<\/p>\n<p class=\"MsoNormal\" style=\"line-height: 170%;\"><strong>Zakon o Javnim medijskim servisima:<\/strong><\/p>\n<p class=\"MsoNormal\" style=\"line-height: 170%;\"><a href=\"https:\/\/www.paragraf.rs\/propisi\/zakon_o_javnim_medijskim_servisima.html\">https:\/\/www.paragraf.rs\/propisi\/zakon_o_javnim_medijskim_servisima.html<\/a><\/p>\n<p class=\"MsoNormal\" style=\"line-height: 170%;\"><a href=\"https:\/\/ec.europa.eu\/education\/policies\/school\/key-competences-and-basic-skills_en\">https:\/\/ec.europa.eu\/education\/policies\/school\/key-competences-and-basic-skills_en<\/a><\/p>\n<p class=\"MsoNormal\" style=\"line-height: 170%;\"><a href=\"http:\/\/www.rts.rs\/page\/stories\/sr\/story\/9\/politika\/3447349\/cetrnaesti-protest-jedan-od-pet-miliona.html\">http:\/\/www.rts.rs\/page\/stories\/sr\/story\/9\/politika\/3447349\/cetrnaesti-protest-jedan-od-pet-miliona.html<\/a><\/p>\n<p class=\"MsoNormal\" style=\"line-height: 150%;\">&nbsp;<\/p>\n<p style=\"text-align: center;\" align=\"center\"><strong> <span style=\"font-size: 13.0pt; line-height: 150%;\">Knowledge against Self-censorship, 60 exciting Years<br \/>\n<\/span><\/strong><\/p>\n<p class=\"MsoNormal\" style=\"line-height: 150%;\">&nbsp;<\/p>\n<p style=\"margin: 0cm 48.6pt 0.0001pt 54pt; line-height: 170%;\"><em><strong>Abstract<\/strong><\/em><\/p>\n<p class=\"MsoBodyText\" style=\"margin-top: 0cm; margin-right: 48.6pt; margin-bottom: .0001pt; margin-left: 54.0pt; line-height: 150%;\"><span style=\"font-size: 12.0pt; line-height: 150%; font-family: 'Times New Roman';\" lang=\"SR\">&nbsp;<\/span><\/p>\n<p class=\"MsoBodyText\" style=\"margin-top: 0cm; margin-right: 48.6pt; margin-bottom: .0001pt; margin-left: 54.0pt; line-height: 170%;\"><em>Lifelong education at JMU RTS is necessery becouse of the constant education of jurnalists and all other personnel of JMU RTS in order to create professionals of intergrity whose work is based on the public interest in accordance with the Media Laws and Code of Ethics, the establishment verification against false news and self-censorship and editorial censorship.<\/em><\/p>\n<p class=\"MsoBodyText\" style=\"margin-top: 0cm; margin-right: 48.6pt; margin-bottom: .0001pt; margin-left: 54.0pt; line-height: 170%;\">&nbsp;<\/p>\n<p style=\"margin: 0cm 48.6pt 0.0001pt 54pt; line-height: 170%;\"><strong><em>Key words:<\/em><\/strong> <em>education, television, radio, public interest, communication, censorship.<\/em><\/p>\n<p class=\"MsoNormal\" style=\"line-height: 150%;\"><span lang=\"SR\">&nbsp;<\/span><\/p>\n<p><a name=\"6inmediasres17\"><\/a><\/p>\n<p class=\"MsoNormal\" style=\"line-height: 150%;\"><span lang=\"SR\">&nbsp;<\/span><\/p>\n<hr \/>\n<table style=\"width: 755px;\" border=\"0\">\n<tbody>\n<tr>\n<td style=\"width: 215px;\" valign=\"top\"><img loading=\"lazy\" decoding=\"async\" class=\" alignleft size-full wp-image-356\" style=\"float: left;\" src=\"https:\/\/centar-fm.org\/inmediasres\/wp-content\/uploads\/sites\/2\/2020\/09\/inmediasresno1malo17.png\" alt=\"inmediasres\" width=\"70\" height=\"103\" \/><\/p>\n<p class=\"MsoNormal\" style=\"line-height: 170%;\">\n <strong>&nbsp;9(17)#16 2020<\/strong> <\/p>\n<\/td>\n<td style=\"width: 315px;\" valign=\"top\">\n<p style=\"line-height: 170%; text-align: center;\">\n<a rel=\"license\" href=\"http:\/\/creativecommons.org\/licenses\/by-nc\/4.0\/\"><img decoding=\"async\" alt=\"Creative Commons licenca\" style=\"border-width:0\" src=\"https:\/\/i.creativecommons.org\/l\/by-nc\/4.0\/88x31.png\" \/><\/a><br \/>\u010casopis je otvorenog pristupa, a ovo djelo je dano na kori\u0161tenje pod licencom <a rel=\"license\" href=\"http:\/\/creativecommons.org\/licenses\/by-nc\/4.0\/\"><strong>Creative Commons Imenovanje-Nekomercijalno 4.0 me\u0111unarodna.<\/strong><\/a><\/p>\n<\/td>\n<td valign=\"top\">\n<p style=\"text-align: right; line-height: 150%;\" align=\"center\"><strong><br \/>\nDOI <a href=\"https:\/\/doi.org\/10.46640\/imr.9.17.6\">10.46640\/imr.9.17.6<\/a><br \/>\nUDK 794.02-028.23:2-455-042.3<br \/>\nPregledni \u010dlanak<br \/>\nReview article<br \/>\nPrimljeno: 17.02.2020.<\/strong><\/p>\n<\/td>\n<\/tr>\n<\/tbody>\n<\/table>\n<p class=\"MsoNormal\" style=\"line-height: 150%;\">&nbsp;<\/p>\n<p class=\"MsoNormal\" style=\"line-height: 150%;\">&nbsp;<\/p>\n<p class=\"MsoNormal\" style=\"text-align: center; line-height: 150%;\" align=\"center\"><span style=\"font-size: 15.0pt; line-height: 150%;\">Iva Br\u010di\u0107<\/span><\/p>\n<p style=\"text-align: center; line-height: 150%;\" align=\"center\">udruga Najsretnija beba Hrvatska, Zagreb<\/p>\n<p>najsretnijabeba@gmail.com<\/p>\n<p style=\"text-align: center;\" align=\"center\"><strong> <span style=\"font-size: 16.0pt; line-height: 150%;\">Utjecaj video igara<br \/>\nna djecu<\/span><\/strong><\/p>\n<p style=\"text-align: center; line-height: 150%;\" align=\"center\"><a href=\"http:\/\/www.centar-fm.org\/inmediasres\/images\/pdf\/17\/I. Brcic, Utjecaj video igara na djecu.pdf\"><strong><span style=\"color: #DC0101; font-size: 8.0pt;\"><br \/>\nPuni tekst: pdf (2300 KB), Hrvatski, Str. 2669 &#8211; 2684<br \/>\n<\/span><\/strong><\/a><\/p>\n<p class=\"MsoNormal\" style=\"line-height: 150%;\">&nbsp;<\/p>\n<p style=\"margin: 0cm 48.6pt 0.0001pt 54pt; line-height: 170%;\"><strong><em>Sa\u017eetak<\/em><\/strong><\/p>\n<p class=\"MsoBodyText\" style=\"margin-top: 0cm; margin-right: 48.6pt; margin-bottom: .0001pt; margin-left: 54.0pt; line-height: 150%;\"><span style=\"font-size: 12.0pt; line-height: 150%; font-family: 'Times New Roman';\" lang=\"SR\">&nbsp;<\/span><\/p>\n<p class=\"MsoBodyText\" style=\"margin-top: 0cm; margin-right: 48.6pt; margin-bottom: .0001pt; margin-left: 54.0pt; line-height: 170%;\"><em>Video igre su postale glavni vid dje\u010dje zabave i na\u010din kako \u0107e djeca ispuniti svoje slobodno vrijeme. Vi\u0161e nisu samo povremena povlastica koju dijete dobije nakon \u0161to obavi svoje zadatke, ve\u0107 su postale sastavni dio svakodnevnog \u017eivota. Postale su stalno dostupne na raznim igra\u0107im konzolama, na kompjuterima, tabletima i mobitelima. U Hrvatskoj gotovo 90 % djece igra neku vrstu video igara . U ovom radu pa\u017enja \u0107e biti usmjerena na razloge popularnosti video igara me\u0111u djecom. Prou\u010davat \u0107e se negativni utjecaji na dje\u010dje pona\u0161anje, zdravlje i psihofizi\u010dki razvoj. Tako\u0111er \u0107e se izu\u010davati i pozitivna strana video igara i kako one mogu pridonijeti razvoju dje\u010djih sposobnosti i pomo\u0107i u usvajanju brojnih znanja. U radu \u0107e biti obja\u0161njeno i na koji na\u010din se mo\u017ee poticati pozitivan utjecaj video igara, a kako umanjiti onaj negativan. <\/em><\/p>\n<p class=\"MsoBodyText\" style=\"margin-top: 0cm; margin-right: 48.6pt; margin-bottom: .0001pt; margin-left: 54.0pt; line-height: 170%;\">&nbsp;<\/p>\n<p style=\"margin: 0cm 48.6pt 0.0001pt 54pt; line-height: 170%;\"><strong><em>Klju\u010dne rije\u010di:<\/em><\/strong> <em>video igre, djeca, ovisnost o video igrama, negativni utjecaji video igara, pozitivni utjecaji video igara, virtualna socijalizacija.<\/em><\/p>\n<p class=\"MsoBodyText\" style=\"margin-top: 0cm; margin-right: 48.6pt; margin-bottom: .0001pt; margin-left: 54.0pt; line-height: 170%;\">&nbsp;<\/p>\n<p class=\"MsoNormal\" style=\"line-height: 150%;\">&nbsp;<\/p>\n<p class=\"MsoNormal\" style=\"line-height: 170%;\"><strong>Razlog velike popularnosti video igara kod djece<\/strong><\/p>\n<p class=\"MsoNormal\" style=\"line-height: 170%;\">Djeca \u017eive u dva svijeta. Jedan je svijet odraslih, a drugi njihov svijet &#8211; svijet ma\u0161te. I dok im je prvi poprili\u010dno nejasan, \u010dudan i pomalo dosadan sa svim silnim pravilima i zabranama, u dje\u010djem svijetu sve je mogu\u0107e. Pomo\u0107u ma\u0161te se stvaraju novi svjetovi i neobi\u010dni likovi (recimo video igra Minecraft), postaje se super junacima, vrijede neka sasvim druk\u010dija pravila, djeca sama stvaraju pravila, mogu nesputano u\u010diti kroz igru i zabavu. Video igre su zapravo neka vrsta spoja tih dvaju svjetova koji zahvaljuju\u0107i tehnolo\u0161kim dostignu\u0107ima nudi o\u017eivljavanje dje\u010dje ma\u0161te i omogu\u0107uje im da aktivno sudjeluju u njemu. <\/p>\n<p class=\"MsoNormal\" style=\"line-height: 100%;\">&nbsp;<\/p>\n<div align=\"center\">\n<p><img loading=\"lazy\" decoding=\"async\" src=\"\/inmediasres\/images\/casopisi\/brcic_image002.jpg\" alt=\"\" width=\"650\" height=\"365\" \/><\/p>\n<p class=\"MsoNormal\" style=\"line-height: 170%;\"><em>Minecraft &#8211; neobicni svijetovi<\/em><\/p>\n<\/div>\n<p class=\"MsoNormal\" style=\"line-height: 170%;\">&nbsp;<\/p>\n<p class=\"MsoNormal\" style=\"line-height: 170%;\">Likovi s kojima se lako povezati: Oni su obi\u010dno antropomorfni s velikim o\u010dima i okruglastim licem. Zapravo imaju karakteristike lica bebe, a mi smo kao vrsta biolo\u0161ki predodre\u0111eni da sa simpatijama i rado\u0161\u0107u reagiramo na takva lica. Likovi su \u010desto i pojednostavljeni (imaju samo usta, nos i o\u010di) i s prenagla\u0161enim dijelovima tijela (velika glava, veliki nos). Zapravo podsje\u0107aju na likove koje djeca crtaju. Glavni junaci su \u010desto i \u017eivotinje, a djeca vole \u017eivotinje. Njihovo animiranje i davanje ljudskih osobina \u010dini ih jo\u0161 privla\u010dnijima i bliskijima.<\/p>\n<p class=\"MsoNormal\" style=\"line-height: 170%;\">Boje predstavljaju senzaciju svjetlosti, a svjetlost je energija. Energija pak mo\u017ee potaknuti, pobuditi, izazvati emocije, stvoriti osje\u0107aje topline, hladno\u0107e, udobnosti ili nelagode, a mo\u017ee utjecati i na fiziolo\u0161ka i psiholo\u0161ka pona\u0161anja poput gladi ili agresije<a name=\"_ftnref98\"><\/a><a href=\"#_ftn98\"><sup>[<span style=\"font-family: 'times new roman', times;\"><strong>98<\/strong><\/span>]<\/sup><\/a>. Da bi bolje razumjeli utjecaj boja u video igrama, potrebno se pozabaviti psihologijom boja. Jarke boje izazivaju sna\u017enu, brzu i spontanu emotivnu reakciju, usmjeravaju pa\u017enju i prenose subliminalne poruke. U video igrama se koriste za manipulaciju pona\u0161anja i aktivaciju emocija, posebice, primarnih emocija. Zbog navedenog, kod osmi\u0161ljavanja video igara posebna pa\u017enja se pridodaje njihovom odabiru i kombinacijama. Uglavnom se koriste one koje su najzastupljenije u prirodi &#8211; crvena, \u017euta, plava, zelena, naran\u010dasta i ljubi\u010dasta, zatim one na koje najvi\u0161e reagiramo, i one koje izazivaju sli\u010dne ili iste reakcije kod ve\u0107ine ljudi u raznim kulturama &#8211; crvena, plava, \u017euta, zelena, ljubi\u010dasta, naran\u010dasta, ru\u017ei\u010dasta, siva, crna, bijela i sme\u0111a. O njima ovisi ton video igre, te kakav \u0107e u\u010dinak imati na igra\u010da. Tako na primjer, u video igri Crash Bandicoot skoro u svakoj sceni dominiraju jarka plava, crvena, naran\u010dasta i \u017euta boja koje pridonose osje\u0107aju dinamike, napetosti i opasnosti. <\/p>\n<p class=\"MsoNormal\" style=\"line-height: 100%;\">&nbsp;<\/p>\n<div align=\"center\">\n<p><img loading=\"lazy\" decoding=\"async\" src=\"\/inmediasres\/images\/casopisi\/brcic_image004.jpg\" alt=\"\" width=\"734\" height=\"413\" \/><\/p>\n<p class=\"MsoNormal\" style=\"line-height: 170%;\"><em>Crash Bandicoot &#8211; zivotinje u igrama, boje<\/em><\/p>\n<\/div>\n<p class=\"MsoNormal\" style=\"line-height: 170%;\">&nbsp;<\/p>\n<p class=\"MsoNormal\" style=\"line-height: 70%;\">&nbsp;<\/p>\n<p class=\"MsoNormal\" style=\"line-height: 170%;\"><strong>Psiholo\u0161ka svojstva boja<\/strong><\/p>\n<p class=\"MsoNormal\" style=\"line-height: 170%;\"><strong>Crvena<\/strong><\/p>\n<p class=\"MsoNormal\" style=\"line-height: 170%;\">Pozitivna zna\u010denja: ljubav, snaga, energija, reakcija borbe ili bijega, uzbu\u0111enje.<\/p>\n<p class=\"MsoNormal\" style=\"line-height: 170%;\">Negativna zna\u010denja: agresija, nasilje, naprezanje.<\/p>\n<p class=\"MsoNormal\" style=\"line-height: 170%;\"><strong>Plava<\/strong><\/p>\n<p class=\"MsoNormal\" style=\"line-height: 170%;\">Pozitivna zna\u010denja: povjerenje, smiraj, u\u010dinkovitost, spokoj.<\/p>\n<p class=\"MsoNormal\" style=\"line-height: 170%;\">Negativna zna\u010denja: neprijateljstvo, hladno\u0107a, bezosje\u0107ajnost. <\/p>\n<p class=\"MsoNormal\" style=\"line-height: 170%;\"><strong>\u017duta<\/strong><\/p>\n<p class=\"MsoNormal\" style=\"line-height: 170%;\">Pozitivna zna\u010denja: optimizam, samopo\u0161tovanje, kreativnost, prijateljstvo.<\/p>\n<p class=\"MsoNormal\" style=\"line-height: 170%;\">Negativna zna\u010denja: strah, depresija, tjeskoba, samoubojstvo.<\/p>\n<p class=\"MsoNormal\" style=\"line-height: 170%;\"><strong>Zelena<\/strong><\/p>\n<p class=\"MsoNormal\" style=\"line-height: 170%;\">Pozitivna zna\u010denja: sklad, opu\u0161tanje, osvje\u017eenje, univerzalna ljubav.<\/p>\n<p class=\"MsoNormal\" style=\"line-height: 170%;\">Negativna zna\u010denja: dosada, stagnacija, slabljenje.<\/p>\n<p class=\"MsoNormal\" style=\"line-height: 170%;\"><strong>Ljubi\u010dasta<\/strong><\/p>\n<p class=\"MsoNormal\" style=\"line-height: 170%;\">Pozitivna zna\u010denja: istina, kvaliteta, duhovna svijest, autenti\u010dnost<\/p>\n<p class=\"MsoNormal\" style=\"line-height: 170%;\">Negativna zna\u010denja: potiskivanje, inferiornost, dekadencija.<\/p>\n<p class=\"MsoNormal\" style=\"line-height: 170%;\"><strong>Naran\u010dasta<\/strong><\/p>\n<p class=\"MsoNormal\" style=\"line-height: 170%;\">Pozitivna zna\u010denja: sigurnost, senzualnost, hrana, strast, zabava.<\/p>\n<p class=\"MsoNormal\" style=\"line-height: 170%;\">Negativna zna\u010denja: frustracija, nedostatak.<\/p>\n<p class=\"MsoNormal\" style=\"line-height: 170%;\"><strong>Ru\u017ei\u010dasta<\/strong><\/p>\n<p class=\"MsoNormal\" style=\"line-height: 170%;\">Pozitivna zna\u010denja: \u017eenstvenost, ljubav, seksualnost, pre\u017eivljavanje vrste.<\/p>\n<p class=\"MsoNormal\" style=\"line-height: 170%;\">Negativna zna\u010denja: fizi\u010dka slabost, inhibicija.<\/p>\n<p class=\"MsoNormal\" style=\"line-height: 170%;\"><strong>Siva<\/strong><\/p>\n<p class=\"MsoNormal\" style=\"line-height: 170%;\">Pozitivna zna\u010denja: psiholo\u0161ka neutralnost.<\/p>\n<p class=\"MsoNormal\" style=\"line-height: 170%;\">Negativna zna\u010denja: nedostatak samopouzdanja, nedostatak energije.<\/p>\n<p class=\"MsoNormal\" style=\"line-height: 170%;\"><strong>Crna<\/strong><\/p>\n<p class=\"MsoNormal\" style=\"line-height: 170%;\">Pozitivna zna\u010denja: glamur, sigurnost, u\u010dinkovitost.<\/p>\n<p class=\"MsoNormal\" style=\"line-height: 170%;\">Negativna zna\u010denja: nasilje, prijetnja, potla\u010denost.<\/p>\n<p class=\"MsoNormal\" style=\"line-height: 170%;\"><strong>Bijela<\/strong><\/p>\n<p class=\"MsoNormal\" style=\"line-height: 170%;\">Pozitivna zna\u010denja: \u010disto\u0107a, nevinost, sofisticiranost, u\u010dinkovitost.<\/p>\n<p class=\"MsoNormal\" style=\"line-height: 170%;\">Negativna zna\u010denja: barijere, hladno\u0107a, elitizam, neprijateljstvo.<\/p>\n<p class=\"MsoNormal\" style=\"line-height: 170%;\"><strong>Sme\u0111a<\/strong><\/p>\n<p class=\"MsoNormal\" style=\"line-height: 170%;\">Pozitivna zna\u010denja: toplina, priroda, potpora, ozbiljnost.<\/p>\n<p class=\"MsoNormal\" style=\"line-height: 170%;\">Negativna zna\u010denja: nedostatak humora, nedostatak profinjenosti<a name=\"_ftnref99\"><\/a><a href=\"#_ftn99\"><sup>[<span style=\"font-family: 'times new roman', times;\"><strong>99<\/strong><\/span>]<\/sup><\/a>.<\/p>\n<p class=\"MsoNormal\" style=\"line-height: 170%;\">U video igrama se forsiraju brze izmjene kadrova, monta\u017ene izmjene, promjene kuta kamere, zumiranja, te iznenadni zvukovi. Sve to poti\u010de lu\u010denje adrenalina koji u organizmu pokre\u0107e reakcije borbe ili bijega, te aktivira amigdalu, dio limbi\u010dkog sustava, koji je zadu\u017een za prepoznavanje opasnosti i reakcije tijela. Dolazi do ubrzavanja rada srca, \u0161irenja krvnih \u017eila koje \u0161alju krv u mozak (mozgu je potrebno puno kisika i energije da napravi brze procjene situacije), su\u017eavanja krvnih \u017eila koje \u0161alju krv u mi\u0161i\u0107e i dolazi do privremenog blokiranja alfa valova koji su zadu\u017eeni za opu\u0161tanje i spavanje. Nakon \u0161to je tijelo do\u017eivjelo ugodu ili uzbu\u0111enje, aktiviraju se zrcalni neuroni koji opona\u0161aju one radnje koje \u0107e ponovo pridonijeti istom osje\u0107aju. <\/p>\n<p class=\"MsoNormal\" style=\"line-height: 170%;\">Primarne emocije (radost, \u017ealost, strah, ga\u0111enje, srd\u017eba, iznena\u0111enje) nastaju brzo i spontano, imaju univerzalnu facijalnu ekspresiju (otkrio Charles Darwin) i u razli\u010ditim kulturama ih uzrokuju sli\u010dni doga\u0111aji. Na njih tijelo najja\u010de reagira i njihov utjecaj se osjeti satima, danima, tjednima, pa \u010dak i godinama. To to posebno vrijedi za strah. To je ujedno i jedan od razloga za\u0161to se poti\u010de nasilje u video igrama namijenjenim djeci, iako bi utjecaj na igra\u010da trajao \u0161to du\u017ee i po zavr\u0161etku igranja. Za vrijeme igranja primarne emocije poti\u010du i lu\u010denje hormona endorfina i dopamina. Djelovanje endorfina je vrlo sli\u010dno djelovanju recimo heroina, odnosno ubla\u017eava bol i pru\u017ea osje\u0107aj ugode. On se lu\u010di u stresnim situacijama ili kada osje\u0107amo iznimnu sre\u0107u. Endorfin je klju\u010dan za pre\u017eivljavanje jer tijelu daje snagu i energiju kako bi pojedinac pre\u017eivio u opasnim situacijama. Treba naglasiti da ljudski mozak ne razlikuje stvarnu opasnost od one koja je umjetno proizvedena i reagira na potpuno isti na\u010din. Hormon dopamin pak utje\u010de na raspolo\u017eenje (pru\u017ea osje\u0107aj sre\u0107e) i pona\u0161anje. Jednom kada se po\u010dne lu\u010diti, mozgu \u0161alje signale zadovoljstva i uzbu\u0111enja. On se smatra i hormonom ljubavi jer postoji mi\u0161ljenje da zbog njega osoba postaje ovisna o onome koga voli.<a name=\"_ftnref100\"><\/a><a href=\"#_ftn100\"><sup>[<span style=\"font-family: 'times new roman', times;\"><strong>100<\/strong><\/span>]<\/sup><\/a> Upravo to su iskoristili tvorci video igara kako bi igre u\u010dinili \u0161to privla\u010dnijima. Video igre poti\u010du poja\u010dano lu\u010denje dopamina i s vremenom tijelo postaje ovisno o dobrom osje\u0107aju koje mu one donose, te ih osoba \u017eeli opet igrati kako bi osjetila ugodu koju mu pru\u017eaju. Ovo je posebno izra\u017eeno kod djece jer ona nemaju potpuno razvijen sustav samokontrole i kontrole emocija i puno te\u017ee im se oduprijeti njihovim utjecajima. <\/p>\n<p class=\"MsoNormal\" style=\"line-height: 170%;\">Perceptualno rje\u0161avanje problema je koncept prema kojem zadovoljstvo pru\u017ea i sam \u010din tra\u017eenja, ne samo pronalazak predmeta<a name=\"_ftnref101\"><\/a><a href=\"#_ftn101\"><sup>[<span style=\"font-family: 'times new roman', times;\"><strong>101<\/strong><\/span>]<\/sup><\/a>. Osim toga u video igrama se koristi operantno uvjetovanje, odnosno u\u010denje na posljedicama. Psiholozi su otkrili da pojedinac nau\u010di kako reagirati na odre\u0111ene podra\u017eaje ako ga se za to nagra\u0111uje. Da bi potaknuli igra\u010de na kontinuirano igranje, u video igre se uvodi raspored nagrada koje su vrlo po\u017eeljne, te pobu\u0111uju daljnju \u017eelju za igrom<a name=\"_ftnref102\"><\/a><a href=\"#_ftn102\"><sup>[<span style=\"font-family: 'times new roman', times;\"><strong>102<\/strong><\/span>]<\/sup><\/a>. U video igri, kada igra\u010d ne uspije prije\u0107i nivo zbog pogre\u0161aka, ide ponovo poku\u0161avaju\u0107i ne ponoviti u\u010dinjene pogre\u0161ke. Upravo taj put i ulo\u017een trud da se do\u0111e do nagrade je ono \u0161to donosi zadovoljstvo. <\/p>\n<p class=\"MsoNormal\" style=\"line-height: 170%;\">U video igrama nema kritike niti bilo kakve klasifikacije. Razlike u spolu, dobi, rasi, te vjeri nisu bitne. Jedino \u0161to je va\u017eno je koliko se pridonosi zajedni\u010dkom cilju u video igri. Me\u0111utim, u svakodnevnom \u017eivotu djeca se \u010desto osje\u0107aju odba\u010denima, manje vrijednima ili nesposobnima zbog u\u010destalih kritika roditelja, u\u010ditelja ili vr\u0161njaka. <\/p>\n<p class=\"MsoNormal\" style=\"line-height: 100%;\">&nbsp;<\/p>\n<div align=\"center\">\n<p><img loading=\"lazy\" decoding=\"async\" src=\"\/inmediasres\/images\/casopisi\/brcic_image006.jpg\" alt=\"\" width=\"654\" height=\"369\" \/><\/p>\n<p class=\"MsoNormal\" style=\"line-height: 170%;\"><em>Fortnite &#8211; nasilje u video igrama<\/em><\/p>\n<\/div>\n<p class=\"MsoNormal\" style=\"line-height: 170%;\">&nbsp;<\/p>\n<p class=\"MsoNormal\" style=\"line-height: 70%;\">&nbsp;<\/p>\n<p class=\"MsoNormal\" style=\"line-height: 170%;\"><strong>Razlozi igranja video igara<\/strong><\/p>\n<p class=\"MsoNormal\" style=\"line-height: 170%;\">John L. Sherry i Kristen Lucas<a name=\"_ftnref103\"><\/a><a href=\"#_ftn103\"><sup>[<span style=\"font-family: 'times new roman', times;\"><strong>103<\/strong><\/span>]<\/sup><\/a> su kroz svoja istra\u017eivanja otkrili \u0161est glavnih motiva zbog kojih ljudi igraju videoigre. Prvi je <em>natjecanje<\/em>, s ciljem da igra\u010d bude najbolji u igri. Zatim slijedi <em>izazov<\/em>, koji motivira igra\u010da da do\u0111e na sljede\u0107u razinu ili pobijedi u igri. Veliku ulogu igra <em>dru\u0161tvena interakcija<\/em>, sa svrhom igranja s prijateljima i prikupljanja dru\u0161tvenog statusa. Nikako ne treba zaboraviti na <em>razonodu<\/em>, kako bi pro\u0161lo vrijeme ili se ubla\u017eila dosada. Zatim tu je <em>ma\u0161tanje<\/em>, koje poti\u010de igra\u010da da u videoigri radi stvari koje u stvarnom \u017eivotu ne mo\u017ee, te na kraju <em>uzbu\u0111enje<\/em> i <em>napetost<\/em><a name=\"_ftnref104\"><\/a><a href=\"#_ftn104\"><sup>[<span style=\"font-family: 'times new roman', times;\"><strong>104<\/strong><\/span>]<\/sup><\/a>. Me\u0111utim, mo\u017eda najva\u017eniji motiv za igranje je <em>uronjenost<\/em> (engl. <em>immersion<\/em>)<a name=\"_ftnref105\"><\/a><a href=\"#_ftn105\"><sup>[<span style=\"font-family: 'times new roman', times;\"><strong>105<\/strong><\/span>]<\/sup><\/a> koji ima nekoliko zna\u010denja i razina. Prema istra\u017eivanjima, na prvoj razini, igra\u010du se privla\u010di pa\u017enja (engl. <em>engagement<\/em>), na drugoj razini je zaokupljen igrom (engl. <em>engrossment<\/em>), a na tre\u0107oj je potpuno uronjen u virtualni svijet (engl. <em>total immersion<\/em>)<a name=\"_ftnref106\"><\/a><a href=\"#_ftn106\"><sup>[<span style=\"font-family: 'times new roman', times;\"><strong>106<\/strong><\/span>]<\/sup><\/a>. Ovo je posebno va\u017eno kada se govori o djeci jer ona \u017eive u ma\u0161ti i uronjena su u svijet ma\u0161te iz dana u dan. Video igre im slu\u017ee kao sredstvo da mogu u fizi\u010dkom svijetu do\u017eivjeti ono o \u010demu ma\u0161taju. <\/p>\n<p class=\"MsoNormal\" style=\"line-height: 170%;\"><strong>&nbsp;<\/strong><\/p>\n<p class=\"MsoNormal\" style=\"line-height: 170%;\"><strong>Video igre u svakodnevnom \u017eivotu djece<\/strong><\/p>\n<p class=\"MsoNormal\" style=\"line-height: 170%;\">Istra\u017eivanje percepcije djece o utjecaju videoigara<a name=\"_ftnref107\"><\/a><a href=\"#_ftn107\"><sup>[<span style=\"font-family: 'times new roman', times;\"><strong>107<\/strong><\/span>]<\/sup><\/a> koje je provedeno me\u0111u 630 djece u dobi od 10 do 15 godina na podru\u010dju Grada Zagreba i Zagreba\u010dke \u017eupanije, pokazalo je da najve\u0107i broj djece igra <strong>svakodnevno <\/strong>(39,4 %), ne\u0161to manji broj igra 2 do 3 puta u tjednu (31,2 %), a samo vikendom najmanji broj (29,4 %)<a name=\"_ftnref108\"><\/a><a href=\"#_ftn108\"><sup>[<span style=\"font-family: 'times new roman', times;\"><strong>108<\/strong><\/span>]<\/sup><\/a>. Kao \u0161to je i za o\u010dekivati, video igre naj\u010de\u0161\u0107e igraju kod ku\u0107e. Polovina ispitanika video igre igra <strong>manje od jedan sat dnevno<\/strong>, iako se pokazalo da postoji i rizi\u010dna skupina djece (4,5 %) koji provode vi\u0161e od tri sata dnevno igraju\u0107i video igre. Kada se pak govori o svjetskoj statistici 66% djece u dobi od 8 do 12 godina igra u prosjeku video igre dva sata dnevno. U dobi od 13 do 17 godina to se pove\u0107ava na dva i pol sata dnevno<a name=\"_ftnref109\"><\/a><a href=\"#_ftn109\"><sup>[<span style=\"font-family: 'times new roman', times;\"><strong>109<\/strong><\/span>]<\/sup><\/a>. Ono \u0161to je problemati\u010dno je da veliki broj djece ne tra\u017ei dopu\u0161tenje roditelja za igranje. Kroz rad s roditeljima sam uvidjela jo\u0161 nekoliko velikih problema, a to je da rijetko provjeravaju \u0161to dijete igra, da vremenski ne ograni\u010davaju igranje i da ne nadziru djecu tijekom igranja video igara. Razlog tome le\u017ei u njihovom neznanju kako adekvatno ograni\u010diti igranje video igara i pri tome izbje\u0107i sukobe i sva\u0111e s djecom. <\/p>\n<p class=\"MsoNormal\" style=\"line-height: 170%;\">Naime, video igre su djeci postale iznimno va\u017ene i zbog njih \u0107e vrlo \u010desto prekr\u0161iti pravila, izbjegavati du\u017enosti i oglu\u0161iti se na zabrane. One im slu\u017ee kao bijeg od svakodnevnih problema s kojima se susre\u0107u u \u0161koli u obitelji ili me\u0111u vr\u0161njacima. One su im odmor od brojnih obaveza i sredstvo za opu\u0161tanje. Djeci pru\u017eaju priliku da dobiju ono \u0161to im nedostaje u svakodnevnom \u017eivotu. Prema dr. Edwardu Deciju i Richardu Ryanu djeca svakodnevno streme prema tome da budu \u0161to bolja u onome \u0161to rade, \u017eele napredovati i \u017eele uspjeti u onome \u0161to ih interesira. Tako\u0111er \u017eele slobodu u odlu\u010divanju kada se radi o onome \u0161to im je bitno. Iznimno im ja va\u017ena i povezanost s roditeljima i za tim \u017eude. Me\u0111utim, sve to im je \u010desto uskra\u0107eno ili vrlo ograni\u010deno. Vrlo \u010desto se osje\u0107aju sputano u svojim nastojanjima da istra\u017euju i u\u010de o svijetu u kojem \u017eive. Igra i kreativno izra\u017eavanje im je ograni\u010deno i svedeno na minimum. \u017dive konstantno pod stresom jer moraju slijediti brojna pravila i ispunjavati o\u010dekivanja svojih roditelja i zajednice. <\/p>\n<p class=\"MsoNormal\" style=\"line-height: 170%;\"><strong>&nbsp;<\/strong><\/p>\n<p class=\"MsoNormal\" style=\"line-height: 170%;\"><strong>Negativni utjecaji video igara na djecu<\/strong><\/p>\n<p class=\"MsoNormal\" style=\"line-height: 170%;\">Istra\u017eivanje koje su proveli Sveu\u010dili\u0161te u Montrealu i institut Douglas pokazalo je da igranje akcijskih video igara utje\u010de na razvoj mozga. Kod navedenih video igara igra\u010d koristi navigacijsku strategiju &ldquo;u\u010denje odgovora&rdquo; koja se temelji na stvaranju navigacijske &ldquo;navike&rdquo; i na nju se oslanja<a name=\"_ftnref110\"><\/a><a href=\"#_ftn110\"><sup>[<span style=\"font-family: 'times new roman', times;\"><strong>110<\/strong><\/span>]<\/sup><\/a>. Upravo ta strategija je povezana sa smanjenjem sive tvari na podru\u010dju hipokampusa koji je zadu\u017een za orijentaciju i epizodno pam\u0107enje. Ova vrsta pam\u0107enja je autobiografsko pam\u0107enje koje dopu\u0161ta pam\u0107enje konkretnih \u010dinjenica ili osobnih iskustava<a name=\"_ftnref111\"><\/a><a href=\"#_ftn111\"><sup>[<span style=\"font-family: 'times new roman', times;\"><strong>111<\/strong><\/span>]<\/sup><\/a>. Kod djece koja su ovisna o video igrama, koja u\u010destalo i dugotrajno igraju igre mo\u017ee se razviti depresija. Kod njih dolazi do prestimuliranosti dopaminom, te nakon igranja \u010desto mogu biti mrzovoljna, tu\u017ena, lijena i nezainteresirana za stvari i doga\u0111aje oko sebe jer im to ne pru\u017ea istu razinu stimulacije i osje\u0107aj sre\u0107e. Mo\u017ee do\u0107i i do poreme\u0107aja pa\u017enje, impulzivnosti, nedostatka samokontrole i kognitivne kontrole. Zbog velike koli\u010dine podra\u017eaja, mozak biva prestimuliran i naprosto ne uspijeva odrediti koji su podra\u017eaji va\u017eni za razumijevanje situacija a koje mo\u017ee ignorirati. <\/p>\n<p class=\"MsoNormal\" style=\"line-height: 170%;\">U video igrama je veliki problem nasilje kojem su djeca izlo\u017eena. Nakon \u0161to je tijelo do\u017eivjelo ugodu ili uzbu\u0111enje, mozak i tijelo opona\u0161aju one radnje koje \u0107e ponovo pridonijeti istom osje\u0107aju. To je jedan od razloga za\u0161to djeca nakon igranja igrica postaju nasilna ili hiperaktivna. Problem predstavlja i sterilizacija nasilja s minimalnim posljedicama ili se opravdava kao sredstvo da glavni junak do\u0111e do cilja. Virtualni likovi postaju idoli koji se opona\u0161aju bez obzira koliko njihovi postupci bili lo\u0161i ili opasni. Prema dje\u010djem na\u010dinu razmi\u0161ljanja, oni su junaci koji uvijek \u010dine ono \u0161to je ispravno i dobro. Djeca po\u010dinju usvajati nasilno pona\u0161anje kao normalno. To s vremenom dovodi do gubitka sposobnosti razlikovanja dobrog od lo\u0161eg<a name=\"_ftnref112\"><\/a><a href=\"#_ftn112\"><sup>[<span style=\"font-family: 'times new roman', times;\"><strong>112<\/strong><\/span>]<\/sup><\/a>. Sve ve\u0107i broj djece iskazuje smanjenu empatiju i brigu prema drugima. Treba ipak naglasiti da nasilne igre ne\u0107e svu djecu pretvoriti u potencijalne ubojice niti \u0107e sva djeca zbog igara postati nasilnija, no vjerojatno \u0107e potaknuti agresivnost kod onih koji ve\u0107 imaju predispozicije za takvo pona\u0161anje. Pritom su ranjivija ona djeca koja su manje uspje\u0161na u stvarnom \u017eivotu i koja imaju ni\u017ee samopo\u0161tovanje. Ona se u virtualnom svijetu osje\u0107aju mo\u0107nije i uspje\u0161nije te ga zapravo \u017eele projicirati na stvarnost. <strong><\/strong><\/p>\n<p class=\"MsoNormal\" style=\"line-height: 170%;\">No, to nije jedini problem. Veliki broj djece iskazuje probleme u socijalizaciji i komunikaciji. Zbog igranja video igara \u010desto gube prilike za razvoj socijalnih i komunikacijskih vje\u0161tina kroz dru\u017eenja i igru s drugom djecom u fizi\u010dkom svijetu. Zbog premalo kretanja djeca sve vi\u0161e imaju zdravstvenih problema poput pretilosti i dijabetesa.<\/p>\n<p class=\"MsoNormal\" style=\"line-height: 100%;\">&nbsp;<\/p>\n<div align=\"center\">\n<p><img loading=\"lazy\" decoding=\"async\" src=\"\/inmediasres\/images\/casopisi\/brcic_image008.jpg\" alt=\"\" width=\"655\" height=\"437\" \/><\/p>\n<p class=\"MsoNormal\" style=\"line-height: 170%;\"><em>Negativni utjecaj video igara<\/em><\/p>\n<\/div>\n<p class=\"MsoNormal\" style=\"line-height: 170%;\">&nbsp;<\/p>\n<p class=\"MsoNormal\" style=\"line-height: 70%;\">&nbsp;<\/p>\n<p class=\"MsoNormal\" style=\"line-height: 170%;\"><strong>Pozitivni utjecaji video igara na djecu<\/strong><\/p>\n<p class=\"MsoNormal\" style=\"line-height: 170%;\">Video igre pru\u017eaju uvid u novi oblik socijalizacije, virtualnu socijalizaciju. Igre zahtijevaju racionalizaciju, sposobnost snala\u017eenja i osiguravanje sredstava za pre\u017eivljavanje. Igra\u010di me\u0111usobno sura\u0111uju kako bi osmislili vlastite likove, stvorili vlastite ciljeve igre, te izgradili digitalne svjetove koji su za neke igra\u010de ugodniji od \u017eivljenja u stvarnom svijetu<a name=\"_ftnref113\"><\/a><a href=\"#_ftn113\"><sup>[<span style=\"font-family: 'times new roman', times;\"><strong>113<\/strong><\/span>]<\/sup><\/a>. Virtualni svijet im pru\u017ea priliku za dru\u017eenje i razmjenu iskustva. Igra\u010di si me\u0111usobno poma\u017eu i zajedno rje\u0161avaju probleme, a pri tome osobne karakteristike, nacionalna pripadnost, dru\u0161tveni status i sl. nemaju nikakav utjecaj. Istra\u017eivanje Elizabeth Behm &#8211; Moravitz je pokazalo da sve navedeno pridonosi pove\u0107anju empatije prema drugima, dijeljenja i pomaganja drugima i u stvarnom svijetu. <\/p>\n<p class=\"MsoNormal\" style=\"line-height: 170%;\">Djeca se u\u010de i procjenjivati rizik, odnosno kako \u0107e njihovi postupci ili postupci drugih igra\u010da utjecati na tijek doga\u0111anja i suigra\u010de. Djeca se u\u010de kako raditi u timu, te kako voditi tim da bi se dostigao \u017eeljeni cilj. <\/p>\n<p class=\"MsoNormal\" style=\"line-height: 170%;\">Video igre koje su sadr\u017eajem primjerene djetetovoj dobi mogu pridonijeti razvoju njegovih vje\u0161tina i pomo\u0107i mu u usvajanju novih znanja; one djeci pru\u017eaju i vid zabave kroz koji mogu slobodno u\u010diti i svladavati nove vje\u0161tine. Djeca nisu sputana uputama trenera i u\u010ditelja ili \u017eeljama roditelja, te imaju priliku u\u010diti o stvarima koje im ina\u010de nisu dostupne (o svemiru, o Zemlji, o raznim narodima i kulturama&#8230;). U\u010denje kroz igru djeci je priro\u0111eno i to je na\u010din kako u\u010de i u stvarnom svijetu. Zbog toga video igre mogu imati veliki doprinos u u\u010denju i usvajanju \u0161kolskog gradiva. <\/p>\n<p class=\"MsoNormal\" style=\"line-height: 170%;\">Istra\u017eivanja su pokazala da video igre pridonose razvoju logi\u010dkog mi\u0161ljenja, sposobnosti rje\u0161avanja problema, te pobolj\u0161avaju kriti\u010dko razmi\u0161ljanje. Kod djece se razvija i bolja koordinacija oko &#8211; ruka, te preciznost. Video igre uvelike mogu pomo\u0107i u pobolj\u0161anju \u010ditanja i u\u010denju jezika, te ra\u010dunanja. Kod obavljanja zadataka i misija u video igri djeca se moraju dobro koncentrirati i vrlo dobro pamtiti \u0161to im je zadano i \u0161to se od njih zahtijeva. Tako\u0111er se razvija mapiranje i vizualna percepcija. Djeca moraju \u010desto pratiti mape, moraju se nau\u010diti snalaziti u raznim okolinama i prostorima, te moraju obra\u0107ati pa\u017enju na detalje. Svi ti izazovi i kori\u0161tenje sposobnosti da bi se rije\u0161ili problemi ili savladale prepreke kod djeteta utje\u010de na pove\u0107anje samopouzdanja. Kada ono uspije svladati odre\u0111enu prepreku javlja se osje\u0107aj postignu\u0107a, a to pak pridonosi ja\u010danju vjere u sebe. Dijete taj osje\u0107aj onda preusmjerava i na druge sfere svog \u017eivota. Ono razmi\u0161lja:&rdquo;Ako sam mogao to u\u010diniti, onda mogu i ovo.&rdquo;<\/p>\n<p class=\"MsoNormal\" style=\"line-height: 170%;\">Ono \u0161to nikako ne treba zaboraviti je da se dijete u\u010di nositi i sa stresom. Naime, dok igra, suo\u010dava se s problemima koje ne mo\u017ee odmah rije\u0161iti, biva vra\u0107eno unazad u igri, mora u kratkom vremenu na\u0107i rje\u0161enja i sl. Sve to mu poma\u017ee da nau\u010di kontrolirati svoje reakcije i kako umanjiti utjecaj stresa na njegove odluke i postupke. <\/p>\n<p class=\"MsoNormal\" style=\"line-height: 100%;\">&nbsp;<\/p>\n<div align=\"center\">\n<p><img loading=\"lazy\" decoding=\"async\" src=\"\/inmediasres\/images\/casopisi\/brcic_image010.jpg\" alt=\"\" width=\"651\" height=\"342\" \/><\/p>\n<p class=\"MsoNormal\" style=\"line-height: 170%;\"><em>Pozitivan utjecaj video igara<\/em><\/p>\n<\/div>\n<p class=\"MsoNormal\" style=\"line-height: 170%;\">&nbsp;<\/p>\n<p class=\"MsoNormal\" style=\"line-height: 70%;\">&nbsp;<\/p>\n<p class=\"MsoNormal\" style=\"line-height: 170%;\"><strong>Poticanje pozitivnih u\u010dinaka video igara i eliminiranje negativnih<\/strong><\/p>\n<p class=\"MsoNormal\" style=\"line-height: 170%;\">Da bi se potaknuli pozitivni u\u010dinci video igara i eliminirali negativni potrebno je prije svega da roditelji budu upoznati sa sadr\u017eajem video igara i da imaju nadzor nad djetetom. Ipak djeca igraju video igre najvi\u0161e kod ku\u0107e. Ono \u0161to je klju\u010dno je da se roditelji pridr\u017eavaju ovih savjeta:<\/p>\n<p class=\"MsoNormal\" style=\"line-height: 170%;\">Odabrati video igre u skladu s dobi djeteta.<\/p>\n<p class=\"MsoNormal\" style=\"line-height: 170%;\">Vremenski ograni\u010diti gledanje. Smanjenje vremena provedenog pred ekranom, dovodi i do smanjenja nasilnog pona\u0161anja. Mnogi stru\u010dnjaci smatraju da je jedan sat dnevno vremenski okvir za igranje video igara. Me\u0111utim, prema mom iskustvu, rekla bih da je to previ\u0161e jer ve\u0107 i za to vrijeme djeca postanu previ\u0161e uronjena u video igru i te\u017ee im se isklju\u010diti. Moja preporuka bi bila oko 45 minuta, s tim da bih preporu\u010dila dane bez video igara.<\/p>\n<p class=\"MsoNormal\" style=\"line-height: 170%;\">Tako\u0111er bi bilo dobro da roditelji prvo pogledaju najavu za video igru, provjere sadr\u017eaj i pro\u010ditaju recenzije. Tako se mogu najbolje uvjeriti je li video igra primjerena za dijete.<\/p>\n<p class=\"MsoNormal\" style=\"line-height: 170%;\">Ako do\u0111e do nasilja trebaju s djetetom razgovarati o tome \u0161to je uzrokovalo takvo pona\u0161anje, te dati do znanja da se problemi ne rje\u0161avaju na taj na\u010din. Tako\u0111er mogu pitati dijete kako bi se problem mogao rije\u0161iti bez nasilja.<\/p>\n<p class=\"MsoNormal\" style=\"line-height: 170%;\">Usmjeriti im pa\u017enju na sadr\u017eaj koji pridonosi razvoju kreativnosti, poti\u010de znati\u017eelju, empatiju, suradnju i pomaganje. <\/p>\n<p class=\"MsoNormal\" style=\"line-height: 170%;\"><strong>&nbsp;<\/strong><\/p>\n<p class=\"MsoNormal\" style=\"line-height: 170%;\"><strong>Popis video igara <\/strong><\/p>\n<p class=\"MsoNormal\" style=\"line-height: 170%;\">Super Mario Odyssey 3+ &#8211; avantura kroz razne dijelove svijeta<\/p>\n<p class=\"MsoNormal\" style=\"line-height: 170%;\"><em>Yoshi&rsquo;s Crafted World 3+ &#8211; istra\u017eivanje<\/em><\/p>\n<p class=\"MsoNormal\" style=\"line-height: 170%;\"><em>LittleBigPlanet 3 + &#8211; rje\u0161avanje problema i kreiranje igre<\/em><\/p>\n<p class=\"MsoNormal\" style=\"line-height: 170%;\"><em>Scribblenauts: Showdown 5+ &#8211; rje\u0161avanje problema <\/em><\/p>\n<p class=\"MsoNormal\" style=\"line-height: 170%;\">The Magic school bus <em>5+ &#8211; <\/em>istra\u017eivanje<\/p>\n<p class=\"MsoNormal\" style=\"line-height: 170%;\"><em>Mario Kart 8 Deluxe 6 + &#8211; vo\u017enja<\/em><\/p>\n<p class=\"MsoNormal\" style=\"line-height: 170%;\">LEGO <em>6 + &#8211; kreiranje<\/em><\/p>\n<p class=\"MsoNormal\" style=\"line-height: 170%;\"><em>Snipperclips 8 + &#8211; rje\u0161avanje problema<\/em><\/p>\n<p class=\"MsoNormal\" style=\"line-height: 170%;\"><em>Rocket League<\/em> 8 + &#8211; vo\u017enja, vje\u017ebanje ga\u0111anja loptom<\/p>\n<p class=\"MsoNormal\" style=\"line-height: 170%;\"><em>Unravel 2 8 + &#8211; rje\u0161avanje problema i zagonetki<\/em><\/p>\n<p class=\"MsoNormal\" style=\"line-height: 170%;\"><em>Yooka-Laylee \u00ad9+ &#8211; rje\u0161avanje zagonetki<\/em>, <em>borba protiv negativaca<\/em><\/p>\n<p class=\"MsoNormal\" style=\"line-height: 170%;\"><em>Overcooked 2 10+ &#8211;\u00a0 kuhanje<\/em><\/p>\n<p class=\"MsoNormal\" style=\"line-height: 170%;\"><em>No Man&rsquo;s Sky 10 + &#8211; izu\u010davanje planeta, biljaka, minerala<\/em><\/p>\n<p class=\"MsoNormal\" style=\"line-height: 170%;\"><em>Splatoon 2 10 + -vje\u017ebe ga\u0111anja<\/em><a name=\"_ftnref114\"><\/a><a href=\"#_ftn114\"><sup>[<span style=\"font-family: 'times new roman', times;\"><strong>114<\/strong><\/span>]<\/sup><\/a><\/p>\n<p class=\"MsoNormal\" style=\"line-height: 100%;\">&nbsp;<\/p>\n<div align=\"center\">\n<p><img loading=\"lazy\" decoding=\"async\" src=\"\/inmediasres\/images\/casopisi\/brcic_image012.jpg\" alt=\"\" width=\"653\" height=\"367\" \/><\/p>\n<p class=\"MsoNormal\" style=\"line-height: 170%;\"><em>Super Mario \u2013 zabava<\/em><\/p>\n<\/div>\n<p class=\"MsoNormal\" style=\"line-height: 170%;\">&nbsp;<\/p>\n<p class=\"MsoNormal\" style=\"line-height: 100%;\">&nbsp;<\/p>\n<div align=\"center\">\n<p><img loading=\"lazy\" decoding=\"async\" src=\"\/inmediasres\/images\/casopisi\/brcic_image013.jpg\" alt=\"\" width=\"652\" height=\"367\" \/><\/p>\n<p class=\"MsoNormal\" style=\"line-height: 170%;\"><em>Yoshi&rsquo;s Crafted World &#8211; zivotinje u igrama, neobicni likovi<\/em><\/p>\n<\/div>\n<p class=\"MsoNormal\" style=\"line-height: 170%;\">&nbsp;<\/p>\n<p class=\"MsoNormal\" style=\"line-height: 100%;\">&nbsp;<\/p>\n<div align=\"center\">\n<p><img loading=\"lazy\" decoding=\"async\" src=\"\/inmediasres\/images\/casopisi\/brcic_image015.jpg\" alt=\"\" width=\"649\" height=\"365\" \/><\/p>\n<p class=\"MsoNormal\" style=\"line-height: 170%;\"><em>LittleBigPlanet neobicni likovi<\/em><\/p>\n<\/div>\n<p class=\"MsoNormal\" style=\"line-height: 170%;\">&nbsp;<\/p>\n<p class=\"MsoNormal\" style=\"line-height: 100%;\">&nbsp;<\/p>\n<div align=\"center\">\n<p><img loading=\"lazy\" decoding=\"async\" src=\"\/inmediasres\/images\/casopisi\/brcic_image017.jpg\" alt=\"\" width=\"509\" height=\"382\" \/><\/p>\n<p class=\"MsoNormal\" style=\"line-height: 170%;\"><em>The Magic school bus &#8211; edukacija<\/em><\/p>\n<\/div>\n<p class=\"MsoNormal\" style=\"line-height: 170%;\">&nbsp;<\/p>\n<p class=\"MsoNormal\" style=\"line-height: 70%;\">&nbsp;<\/p>\n<p class=\"MsoNormal\" style=\"line-height: 170%;\"><strong>Zaklju\u010dak <\/strong><\/p>\n<p class=\"MsoNormal\" style=\"line-height: 170%;\">\u017divimo u svijetu u kojem je igranje video igara nemogu\u0107e zabraniti. Zabrana igranja nikad nije rje\u0161enje i \u010desto rezultira sukobom izme\u0111u roditelja i djece, te otu\u0111enjem djece. Umjesto toga treba shvatiti da su video igre danas dio ljudske svakodnevice te s djecom o njima treba razgovarati i educirati ih. Djeci treba pru\u017eati stvarne do\u017eivljaje i iskustva koja \u0107e im pru\u017eiti zadovoljstvo i zabavu. Roditelji se trebaju vi\u0161e usmjeriti na svoju djecu i svakodnevno im pru\u017eati pa\u017enju, ljubav i pohvale za njihova djela. Upravo je to ono \u0161to djeca od njih tra\u017ee a ne dobivaju, te zbog toga bje\u017ee u virtualni svijet video igara. Treba re\u0107i da video igre nisu ni dobre ni lo\u0161e. Kakav utjecaj imaju na djecu ovisi o tome kako ih svi mi koristimo, pogotovo roditelji. Naime mnogi roditelji iskazuju simptome ovisnosti o malim ekranima i video igrama. Djeca u\u010de po modelu i naprosto opona\u0161aju njihovo pona\u0161anje i usvajaju ga kao normalno. <\/p>\n<p class=\"MsoNormal\" style=\"line-height: 150%;\">&nbsp;<\/p>\n<hr align=\"left\" size=\"1\" width=\"33%\" \/>\n<div id=\"ftn98\">\n<p class=\"MsoNormal\" style=\"line-height: 150%;\"><span style=\"font-size: 8.0pt;\"><a name=\"_ftn98\"><\/a><a href=\"#_ftnref98\"><sup>[<span style=\"font-family: 'times new roman', \ntimes;\"><strong>98<\/strong><\/span>]<\/sup><\/a>&nbsp;<br \/>\nDLI, Disruptedlogic interactive, https:\/\/disruptedlogic.com\/2018\/03\/18\/the-psychology-of-color-for-game-development\/. <\/p>\n<p><\/span><\/p>\n<\/div>\n<div id=\"ftn99\">\n<p class=\"MsoNormal\" style=\"line-height: 150%;\"><span style=\"font-size: 8.0pt;\"><a name=\"_ftn99\"><\/a><a href=\"#_ftnref99\"><sup>[<span style=\"font-family: 'times new roman', \ntimes;\"><strong>99<\/strong><\/span>]<\/sup><\/a>&nbsp;<br \/>\nPsychological Properties of Colours, http:\/\/www.colour-affects.co.uk\/psychological-properties-of-colours.<\/p>\n<p><\/span><\/p>\n<\/div>\n<div id=\"ftn100\">\n<p class=\"MsoNormal\" style=\"line-height: 150%;\"><span style=\"font-size: 8.0pt;\"><a name=\"_ftn100\"><\/a><a href=\"#_ftnref100\"><sup>[<span style=\"font-family: 'times new roman', \ntimes;\"><strong>100<\/strong><\/span>]<\/sup><\/a>&nbsp;<br \/>\nMagazin,hr., <em>Dopamin ima velik utjecaj na raspolo\u017eenje i izvr\u0161avanje obaveza, a mo\u017eete ga na\u0107i u ovim namirnicama<\/em>, https:\/\/net.hr\/magazin\/zdravlje\/dopamin-ima-velik-utjecaj-na-raspolozenje-i-izvrsavanje-obaveza-a-mozete-ga-naci-u-ovim-namirnicama.<br \/>\n<\/span><\/p>\n<\/div>\n<div id=\"ftn101\">\n<p class=\"MsoNormal\" style=\"line-height: 150%;\"><span style=\"font-size: 8.0pt;\"><a name=\"_ftn101\"><\/a><a href=\"#_ftnref101\"><sup>[<span style=\"font-family: 'times new roman', \ntimes;\"><strong>101<\/strong><\/span>]<\/sup><\/a>&nbsp;<br \/>\nVilayanur S. Ramachandran and Diane Rogers-Ramachandran, <em>The Neurology of Aesthetics<\/em>, SciAm Mind br. 5, 17 \/ 2004., str. 18.<br \/>\n<\/span><\/p>\n<\/div>\n<div id=\"ftn102\">\n<p class=\"MsoNormal\" style=\"line-height: 150%;\"><span style=\"font-size: 8.0pt;\"><a name=\"_ftn102\"><\/a><a href=\"#_ftnref102\"><sup>[<span style=\"font-family: 'times new roman', \ntimes;\"><strong>102<\/strong><\/span>]<\/sup><\/a>&nbsp;<br \/>\nChristine Yee, <em>Behavior Principles and Good Game Design,<\/em> http:\/\/yukaichou.com\/gamification-study\/behavior-principles-and-good-game-design\/.<br \/>\n<\/span><\/p>\n<\/div>\n<div id=\"ftn103\">\n<p class=\"MsoNormal\" style=\"line-height: 150%;\"><span style=\"font-size: 8.0pt;\"><a name=\"_ftn103\"><\/a><a href=\"#_ftnref103\"><sup>[<span style=\"font-family: 'times new roman', \ntimes;\"><strong>103<\/strong><\/span>]<\/sup><\/a>&nbsp;<br \/>\nKristen Lucas i John L. Sherry, <em>Sex Differences in Video Game Play: A Communication \u2013 Based Explanatory,<\/em> SAGE Publishing, Thousand Oaks, California 2004.<br \/>\n<\/span><\/p>\n<\/div>\n<div id=\"ftn104\">\n<p class=\"MsoNormal\" style=\"line-height: 150%;\"><span style=\"font-size: 8.0pt;\"><a name=\"_ftn104\"><\/a><a href=\"#_ftnref104\"><sup>[<span style=\"font-family: 'times new roman', \ntimes;\"><strong>104<\/strong><\/span>]<\/sup><\/a>&nbsp;<br \/>\nDanijel, Laba\u0161, Ines Marin\u010di\u0107 i Alma Muj\u010dinovi\u0107, <em>Percepcija djece o utjecaju video igara<\/em> Communication Management Review, Zagreb 2018., str. 10 &#8211; 11.<br \/>\n<\/span><\/p>\n<\/div>\n<div id=\"ftn105\">\n<p class=\"MsoNormal\" style=\"line-height: 150%;\"><span style=\"font-size: 8.0pt;\"><a name=\"_ftn105\"><\/a><a href=\"#_ftnref105\"><sup>[<span style=\"font-family: 'times new roman', \ntimes;\"><strong>105<\/strong><\/span>]<\/sup><\/a>&nbsp;<br \/>\nDanijel, Laba\u0161, Ines Marin\u010di\u0107 i Alma Muj\u010dinovi\u0107, <em>Percepcija djece o utjecaju video igara<\/em>, str. 11.<br \/>\n<\/span><\/p>\n<\/div>\n<div id=\"ftn106\">\n<p class=\"MsoNormal\" style=\"line-height: 150%;\"><span style=\"font-size: 8.0pt;\"><a name=\"_ftn106\"><\/a><a href=\"#_ftnref106\"><sup>[<span style=\"font-family: 'times new roman', \ntimes;\"><strong>106<\/strong><\/span>]<\/sup><\/a>&nbsp;<br \/>\nIbid., str. 11.<br \/>\n<\/span><\/p>\n<\/div>\n<div id=\"ftn107\">\n<p class=\"MsoNormal\" style=\"line-height: 150%;\"><span style=\"font-size: 8.0pt;\"><a name=\"_ftn107\"><\/a><a href=\"#_ftnref107\"><sup>[<span style=\"font-family: 'times new roman', \ntimes;\"><strong>107<\/strong><\/span>]<\/sup><\/a>&nbsp;<br \/>\nIbid., str., 10 &#8211; 11.<br \/>\n<\/span><\/p>\n<\/div>\n<div id=\"ftn108\">\n<p class=\"MsoNormal\" style=\"line-height: 150%;\"><span style=\"font-size: 8.0pt;\"><a name=\"_ftn108\"><\/a><a href=\"#_ftnref108\"><sup>[<span style=\"font-family: 'times new roman', \ntimes;\"><strong>108<\/strong><\/span>]<\/sup><\/a>&nbsp;<br \/>\nDokler Ana, <em>Istra\u017eivanje o videoigrama: navike, motivi i stavovi hrvatskih osnovno\u0161kolaca<\/em>, dostupno na https:\/\/www.medijskapismenost.hr\/istrazivanje-o-videoigrama-navike-motivi-i-stavovi-hrvatskih-osnovnoskolaca\/.<br \/>\n<\/span><\/p>\n<\/div>\n<div id=\"ftn109\">\n<p class=\"MsoNormal\" style=\"line-height: 150%;\"><span style=\"font-size: 8.0pt;\"><a name=\"_ftn109\"><\/a><a href=\"#_ftnref109\"><sup>[<span style=\"font-family: 'times new roman', \ntimes;\"><strong>109<\/strong><\/span>]<\/sup><\/a>&nbsp;<br \/>\nCenter on media and Child&rsquo;s Health, https:\/\/cmch.tv\/parents\/video-games\/.<br \/>\n<\/span><\/p>\n<\/div>\n<div id=\"ftn110\">\n<p class=\"MsoNormal\" style=\"line-height: 150%;\"><span style=\"font-size: 8.0pt;\"><a name=\"_ftn110\"><\/a><a href=\"#_ftnref110\"><sup>[<span style=\"font-family: 'times new roman', \ntimes;\"><strong>110<\/strong><\/span>]<\/sup><\/a>&nbsp;<br \/>\nMaria Cohut<strong>, <\/strong><em>Action video games decrease gray matter, study finds<\/em>, https:\/\/www.medicalnewstoday.com\/articles\/318839#Action-games-effect-on-brain.<br \/>\n<\/span><\/p>\n<\/div>\n<div id=\"ftn111\">\n<p class=\"MsoNormal\" style=\"line-height: 150%;\"><span style=\"font-size: 8.0pt;\"><a name=\"_ftn111\"><\/a><a href=\"#_ftnref111\"><sup>[<span style=\"font-family: 'times new roman', \ntimes;\"><strong>111<\/strong><\/span>]<\/sup><\/a>&nbsp;<br \/>\nSainte Anastasie, <em>Psihologija, filozofija i razmi\u0161ljanje o \u017eivotu. Blog o filozofiji i psihologiji. \u010clanci o razli\u010ditim aspektima ljudske psihologije<\/em> https:\/\/hr.sainte-anastasie.org\/articles\/psicologa\/tipos-de-memoria-cmo-almacena-los-recuerdos-el-cerebro-humano.html.<br \/>\n<\/span><\/p>\n<\/div>\n<div id=\"ftn112\">\n<p class=\"MsoNormal\" style=\"line-height: 150%;\"><span style=\"font-size: 8.0pt;\"><a name=\"_ftn112\"><\/a><a href=\"#_ftnref112\"><sup>[<span style=\"font-family: 'times new roman', \ntimes;\"><strong>112<\/strong><\/span>]<\/sup><\/a>&nbsp;<br \/>\n Iva Br\u010di\u0107, <em>Utjecaj medija na gledatelja od najranije do odrasle dobi<\/em>, Zbornik: Mediji kao sredi\u0161nji problem sada\u0161njosti, str. 235.<br \/>\n<\/span><\/p>\n<\/div>\n<div id=\"ftn113\">\n<p class=\"MsoNormal\" style=\"line-height: 150%;\"><span style=\"font-size: 8.0pt;\"><a name=\"_ftn113\"><\/a><a href=\"#_ftnref113\"><sup>[<span style=\"font-family: 'times new roman', \ntimes;\"><strong>113<\/strong><\/span>]<\/sup><\/a>&nbsp;<br \/>\nIbid., str. 234.<br \/>\n<\/span><\/p>\n<\/div>\n<div id=\"ftn114\">\n<p class=\"MsoNormal\" style=\"line-height: 150%;\"><span style=\"font-size: 8.0pt;\"><a name=\"_ftn114\"><\/a><a href=\"#_ftnref114\"><sup>[<span style=\"font-family: 'times new roman', \ntimes;\"><strong>114<\/strong><\/span>]<\/sup><\/a>&nbsp;<br \/>\nComon Sense Media<em>, Game riviews<\/em>, https:\/\/www.commonsensemedia.org\/game-reviews.<\/p>\n<p><\/span><\/p>\n<\/div>\n<p class=\"MsoNormal\" style=\"line-height: 150%;\">&nbsp;<\/p>\n<p class=\"MsoNormal\" style=\"line-height: 170%;\"><strong>Literatura:<\/strong><\/p>\n<p class=\"MsoNormal\" style=\"line-height: 170%;\">Br\u010di\u0107 Iva, <em>Utjecaj medija na gledatelja od najranije do odrasle dobi<\/em>, Zbornik: Mediji kao sredi\u0161nji problem sada\u0161njosti, In medias res: \u010dasopis filozofije medija, vol. 7 No. 13, 2018., str. 234 &#8211; 235.<\/p>\n<p class=\"MsoNormal\" style=\"line-height: 170%;\">Cohut, Maria<strong><em>, <\/em><\/strong><em>Action video games decrease gray matter, study finds<\/em>, dostupno na https:\/\/www.medicalnewstoday.com\/articles\/318839#Action-games-effect-on-brain, 2017., preuzeto 14. velja\u010de. 2020.<\/p>\n<p class=\"MsoNormal\" style=\"line-height: 170%;\">Dokler Ana, <em>Istra\u017eivanje o videoigrama: navike, motivi i stavovi hrvatskih osnovno\u0161kolaca<\/em>, dostupno na https:\/\/www.medijskapismenost.hr\/istrazivanje-o-videoigrama-navike-motivi-i-stavovi-hrvatskih-osnovnoskolaca\/ 2019., preuzeto 5. velja\u010de 2020.<\/p>\n<p class=\"MsoNormal\" style=\"line-height: 170%;\">Laba\u0161, Danijel, Marin\u010di\u0107, Ines i Muj\u010dinovi\u0107 Alma, <em>Percepcija djece o utjecaju video igara<\/em> Communication Management Review, Zagreb 2018., str. 10 \u2013 11.<\/p>\n<p class=\"MsoNormal\" style=\"line-height: 170%;\">Lucas, Kristen i Sherry, John.,L., <em>Sex Differences in Video Game Play: A Communication \u2013 Based Explanatory,<\/em> SAGE Publishing, Thousand Oaks, California 2004.<\/p>\n<p class=\"MsoNormal\" style=\"line-height: 170%;\">Vilayanur S. Ramachandran, Vilyanur, S. i Rogers, Ramachandran, Diane, <em>The Neurology of Aesthetics<\/em>, SciAm Mind 5 17 \/ 2004., str. 18.<\/p>\n<p class=\"MsoNormal\" style=\"line-height: 170%;\"><strong>Yee, Christine,<\/strong><em>Behavior Principles and Good Game Design<\/em>, dostupno na http:\/\/yukaichou.com\/gamification-study\/behavior-principles-and-good-game-design\/ 2015., preuzeto 5. velja\u010de 2020.<\/p>\n<p class=\"MsoNormal\" style=\"line-height: 170%;\"><strong>Ostali izvori:<\/strong><\/p>\n<p class=\"MsoNormal\" style=\"line-height: 170%;\">Center on Media and Child&rsquo;s Health, https:\/\/cmch.tv\/parents\/video-games\/, preuzeto 7. velja\u010de 2020.<\/p>\n<p class=\"MsoNormal\" style=\"line-height: 170%;\">Comon Sense Media<em>, Game riviews, <\/em>https:\/\/www.commonsensemedia.org\/game-reviews, preuzeto 15. velja\u010de 2020.<\/p>\n<p class=\"MsoNormal\" style=\"line-height: 170%;\">DLI, Disruptedlogic interactive, https:\/\/disruptedlogic.com\/2018\/03\/18\/the-psychology-of-color-for-game-development\/, preuzeto 5. velja\u010de 2020.<\/p>\n<p class=\"MsoNormal\" style=\"line-height: 170%;\">Magazin,hr., <em>Dopamin ima velik utjecaj na raspolo\u017eenje i izvr\u0161avanje obaveza, a mo\u017eete ga na\u0107i u ovim namirnicama<\/em>, https:\/\/net.hr\/magazin\/zdravlje\/dopamin-ima-velik-utjecaj-na-raspolozenje-i-izvrsavanje-obaveza-a-mozete-ga-naci-u-ovim-namirnicama\/, preuzeto 5. velja\u010de 2020.<\/p>\n<p class=\"MsoNormal\" style=\"line-height: 170%;\">Parents, https:\/\/www.parents.com\/toddlers-preschoolers\/everything-kids\/whoa-when-it-comes-to-video-games-an-hour-a-day-is-ok\/, preuzeto 15. velja\u010de, 2020.<\/p>\n<p class=\"MsoNormal\" style=\"line-height: 170%;\">Sainte Anastasie, <em>Psihologija, filozofija i razmi\u0161ljanje o \u017eivotu. Blog o filozofiji i psihologiji. \u010clanci o razli\u010ditim aspektima ljudske psihologije<\/em>. https:\/\/hr.sainte-anastasie.org\/articles\/psicologa\/tipos-de-memoria-cmo-almacena-los-recuerdos-el-cerebro-humano.html, preuzeto 7. velja\u010de 2020.<\/p>\n<p class=\"MsoNormal\" style=\"line-height: 150%;\">&nbsp;<\/p>\n<p style=\"text-align: center;\" align=\"center\"><strong> <span style=\"font-size: 13.0pt; line-height: 150%;\">Effects of Video Games on Children<\/span><\/strong><\/p>\n<p class=\"MsoNormal\" style=\"line-height: 150%;\">&nbsp;<\/p>\n<p style=\"margin: 0cm 48.6pt 0.0001pt 54pt; line-height: 170%;\"><em><strong>Abstract<\/strong><\/em><\/p>\n<p class=\"MsoBodyText\" style=\"margin-top: 0cm; margin-right: 48.6pt; margin-bottom: .0001pt; margin-left: 54.0pt; line-height: 150%;\"><span style=\"font-size: 12.0pt; line-height: 150%; font-family: 'Times New Roman';\" lang=\"SR\">&nbsp;<\/span><\/p>\n<p class=\"MsoBodyText\" style=\"margin-top: 0cm; margin-right: 48.6pt; margin-bottom: .0001pt; margin-left: 54.0pt; line-height: 170%;\"><em>Video games have become the most important aspect of entertainment for children and the way how they spend their free time. Video games aren\u2019t a privilege that children have after they do their chores anymore. They are a part of children\u2019s everyday life. They can be played on gaming consoles, on computers, tablets, and smartphones. Almost 90% of children in Croatia play some kind of video game. This paper will focus on the reasons for the popularity of video games among children. Negative influences on children\u2019s behavior, health, and psychophysical development will be studied. The positive side of video games will also be explored and how they can contribute to the development of children\u2019s skills and help them acquire knowledge. The paper will explain how the positive impact of video games can be encouraged and how to reduce the negative ones.<\/em><\/p>\n<p class=\"MsoBodyText\" style=\"margin-top: 0cm; margin-right: 48.6pt; margin-bottom: .0001pt; margin-left: 54.0pt; line-height: 170%;\">&nbsp;<\/p>\n<p style=\"margin: 0cm 48.6pt 0.0001pt 54pt; line-height: 170%;\"><strong><em>Key words:<\/em><\/strong> <em>video games, children, video game addiction, negative effects of video games, pozitive effects of video games, virtual socialization.<\/em><\/p>\n<p class=\"MsoNormal\" style=\"line-height: 150%;\"><span lang=\"SR\">&nbsp;<\/span><\/p>\n<p><a name=\"7inmediasres17\"><\/a><\/p>\n<p class=\"MsoNormal\" style=\"line-height: 150%;\"><span lang=\"SR\">&nbsp;<\/span><\/p>\n<hr \/>\n<table style=\"width: 755px;\" border=\"0\">\n<tbody>\n<tr>\n<td style=\"width: 215px;\" valign=\"top\"><img loading=\"lazy\" decoding=\"async\" class=\" alignleft size-full wp-image-356\" style=\"float: left;\" src=\"https:\/\/centar-fm.org\/inmediasres\/wp-content\/uploads\/sites\/2\/2020\/09\/inmediasresno1malo17.png\" alt=\"inmediasres\" width=\"70\" height=\"103\" \/><\/p>\n<p class=\"MsoNormal\" style=\"line-height: 170%;\">\n <strong>&nbsp;9(17)#17 2020<\/strong> <\/p>\n<\/td>\n<td style=\"width: 315px;\" valign=\"top\">\n<p style=\"line-height: 170%; text-align: center;\">\n<a rel=\"license\" href=\"http:\/\/creativecommons.org\/licenses\/by-nc\/4.0\/\"><img decoding=\"async\" alt=\"Creative Commons licenca\" style=\"border-width:0\" src=\"https:\/\/i.creativecommons.org\/l\/by-nc\/4.0\/88x31.png\" \/><\/a><br \/>\u010casopis je otvorenog pristupa, a ovo djelo je dano na kori\u0161tenje pod licencom <a rel=\"license\" href=\"http:\/\/creativecommons.org\/licenses\/by-nc\/4.0\/\"><strong>Creative Commons Imenovanje-Nekomercijalno 4.0 me\u0111unarodna.<\/strong><\/a><\/p>\n<\/td>\n<td valign=\"top\">\n<p style=\"text-align: right; line-height: 150%;\" align=\"center\"><strong><br \/>\nDOI <a href=\"https:\/\/doi.org\/10.46640\/imr.9.17.7\">10.46640\/imr.9.17.7<\/a><br \/>\nUDK 316.774-047.23:005.336.2-047.37<br \/>\nPrethodno priop\u0107enje<br \/>\nPreliminary communication<br \/>\nPrimljeno: 29.01.2020.<\/strong><\/p>\n<\/td>\n<\/tr>\n<\/tbody>\n<\/table>\n<p class=\"MsoNormal\" style=\"line-height: 150%;\">&nbsp;<\/p>\n<p class=\"MsoNormal\" style=\"line-height: 150%;\">&nbsp;<\/p>\n<p class=\"MsoNormal\" style=\"text-align: center; line-height: 150%;\" align=\"center\"><span style=\"font-size: 15.0pt; line-height: 150%;\"><a href=\"https:\/\/orcid.org\/0000-0001-8356-0211\">Jelena Maksimovi\u0107<\/a>, <a href=\"https:\/\/orcid.org\/0000-0002-2289-9438\">Jelena Osmanovi\u0107<\/a> i Anastasija Mamutovi\u0107<\/span><\/p>\n<p style=\"text-align: center; line-height: 150%;\" align=\"center\">Univerzitet u Ni\u0161u, Filozofski fakultet, Departman za pedagogiju, Srbija<\/p>\n<p>jelena.maksimovic@filfak.ni.ac.rs<\/p>\n<p>jelena.osmanovic@filfak.ni.ac.rs<\/p>\n<p>anastasija.mamutovic@filfak.ni.ac.rs<\/p>\n<p style=\"text-align: center;\" align=\"center\"><strong> <span style=\"font-size: 16.0pt; line-height: 150%;\">Kompetencije nastavnika za medijsko obrazovanje<\/span><\/strong><\/p>\n<p style=\"text-align: center; line-height: 150%;\" align=\"center\"><a href=\"http:\/\/www.centar-fm.org\/inmediasres\/images\/pdf\/17\/J. Maksimovic, J. Osmanovic i A. Mamutovic, Kompetencije nastavnika za medijsko obrazovanje.pdf\"><strong><span style=\"color: #DC0101; font-size: 8.0pt;\"><br \/>\nPuni tekst: pdf (437 KB), Hrvatski, Str. 2685 &#8211; 2707<br \/>\n<\/span><\/strong><\/a><\/p>\n<p class=\"MsoNormal\" style=\"line-height: 150%;\">&nbsp;<\/p>\n<p style=\"margin: 0cm 48.6pt 0.0001pt 54pt; line-height: 170%;\"><strong><em>Sa\u017eetak<\/em><\/strong><\/p>\n<p class=\"MsoBodyText\" style=\"margin-top: 0cm; margin-right: 48.6pt; margin-bottom: .0001pt; margin-left: 54.0pt; line-height: 150%;\"><span style=\"font-size: 12.0pt; line-height: 150%; font-family: 'Times New Roman';\" lang=\"SR\">&nbsp;<\/span><\/p>\n<p class=\"MsoBodyText\" style=\"margin-top: 0cm; margin-right: 48.6pt; margin-bottom: .0001pt; margin-left: 54.0pt; line-height: 170%;\"><em>U moderno doba kompetencije za medijsko obrazovanje postale su integralno svojstvo uspje\u0161nog nastavnika. Usprkos tome, tematika medijske pismenosti nastavnog kadra na na\u0161im prostorima nije jo\u0161 uvijek temeljno istra\u017eena. Iz tog razloga cilj istra\u017eivanja odnosio se na ispitivanje medijske pismenosti i kompetencija nastavnika za medijsko obrazovanje. U istra\u017eivanju je kori\u0161tena petero &#8211; stupanjska skala procjene Kompetencije nastavnika za medijsko obrazovanje (KNMO) sastavljena od 31 itema. Prvi segment skale procjene odnosio se na ispitivanje kompetencija nastavnika za upotrebu medijskih sredstava, drugi segment odnosio se na svrhu upotrebe medija i tre\u0107i na spremnost nastavnika da unapre\u0111uju vlastite kompetencije za medijsko obrazovanje. U istra\u017eivanju je u\u010destvovalo 152 nastavnika (na podru\u010dju Ni\u0161a, Dimitrovgrada, Zaje\u010dara, Mero\u0161ine i Obla\u010dine) \u010diji su stavovi analizirani u odnosu na predmetno podru\u010dje (prirodnih\/tehni\u010dkih i dru\u0161tveno &#8211; humanisti\u010dkih znanosti), godine starosti, (do 35 i vi\u0161e od 35), godine radnog sta\u017ea (do 10; od 10 do 20 i vi\u0161e od 20) i stru\u010dno usavr\u0161avanje u oblasti medijskog obrazovanja. Rezultati istra\u017eivanja su pokazali da 75% ispitanika sebe smatra medijski kompetentnom osobom i da nastavnici najpozitivnije procjenjuju vlastite kompetencije za upotrebu e &#8211; maila, programa Word, internet siteova; ra\u010dunara; medijskih ure\u0111aja kao \u0161to su fotoaparat, kamera, radio i televizija i Power point prezentacija. Ni\u017ei stupanj povjerenja u vlastite kompetencije za upotrebu medijskih sredstava nastavnici su iskazali kada je bila rije\u010d o upotrebi programa Excel i dru\u0161tvenih mre\u017ea kao \u0161to su Facebook i Instagram. Rezultati istra\u017eivanja tako\u0111er su pokazali da se nastavni\u010dki kadar na na\u0161im prostorima naj\u010de\u0161\u0107e suo\u010dava s te\u0161ko\u0107ama prilikom tendencije da kreira blog o vlastitom odgojno &#8211; obrazovnom radu i primjeni obrazovnog softvera u radu s u\u010denicima. Kada je rije\u010d o svrsi upotrebe, rezultati istra\u017eivanja su pokazali da nastavnici medijska sredstva naj\u010de\u0161\u0107e koriste u cilju pronala\u017eenja nastavnog materijala i pripreme aktivnosti koje \u0107e se realizirati u radu s u\u010denicima, a najrje\u0111e za ostvarivanje komunikacije sa roditeljima u\u010denika. Rezultati istra\u017eivanja pokazuju da s jedne strane ispitanici smatraju da je potrebno vi\u0161e pa\u017enje posvetiti medijskom obrazovanju nastavnika, a s druge strane u dovoljnoj mjeri ne prate novine u oblasti informaciono &#8211; komunikacionih tehnologija, ne upoznaju se u\u010destalo sa internet siteovima korisnim za medijsko opismenjavanje, rijetko prate blogove koje kreiraju drugi nastavnici u cilju medijskog obrazovanja ili \u010ditaju stru\u010dnu literaturu koja mo\u017ee doprinijeti njihovoj kompetentnosti za primjenu medija u nastavi. Tako\u0111er, rezultati istra\u017eivanja pokazuju da nastavnici smatraju da razmjena iskustava s kolegama doprinosi u najve\u0107em stupnju razvoju kompetencija za primjenu medijskih tehnologija. Kada je rije\u010d o nezavisnoj varijabli &#8211; predmetno podru\u010dje, rezultati pokazuju da nastavnici prirodno \/ tehni\u010dkih znanosti pozitivnije procjenjuju vlastite medijske kompetencije i da u\u010destalije prate novine iz oblasti informacijsko &#8211; komunikacijskih tehnologija u odnosu na nastavnike dru\u0161tveno &#8211; humanisti\u010dkih znanosti. Tako\u0111er, u istra\u017eivanju je uo\u010dena tendencija da s porastom godina radnog sta\u017ea nastavnika opada stupanj pozitivnog procjenjivanja vlastitih kompetencija za upotrebu medijskih sredstava i stupanj spremnosti za stjecanje medijskog obrazovanja. Kada je rije\u010d o nezavisnoj varijabli koja se odnosi na stru\u010dno usavr\u0161avanje u oblasti medijskog obrazovanja rezultati istra\u017eivanja pokazali su da nastavnici koji su se u oblasti primjene medija stru\u010dno usavr\u0161avali pozitivnije procjenjuju vlastite medijske kompetencije i pokazuju ve\u0107i stupanj spremnosti za daljnje stru\u010dno usavr\u0161avanje u odnosu na nastavnike koji se nisu medijski obrazovali putem seminara, radionica i te\u010dajeva.<\/em><\/p>\n<p class=\"MsoBodyText\" style=\"margin-top: 0cm; margin-right: 48.6pt; margin-bottom: .0001pt; margin-left: 54.0pt; line-height: 170%;\">&nbsp;<\/p>\n<p style=\"margin: 0cm 48.6pt 0.0001pt 54pt; line-height: 170%;\"><strong><em>Klju\u010dne rije\u010di:<\/em><\/strong> <em>kompetencije, nastavnici, mediji, obrazovanje.<\/em><\/p>\n<p class=\"MsoBodyText\" style=\"margin-top: 0cm; margin-right: 48.6pt; margin-bottom: .0001pt; margin-left: 54.0pt; line-height: 170%;\">&nbsp;<\/p>\n<p class=\"MsoNormal\" style=\"line-height: 150%;\">&nbsp;<\/p>\n<p class=\"MsoNormal\" style=\"line-height: 170%;\"><strong>TEORIJSKI PRISTUP PROBLEMU<\/strong><\/p>\n<p class=\"MsoNormal\" style=\"line-height: 170%;\">U svjetlu globalizacije i tehnolo\u0161kog razvoja, od nastavnika se o\u010dekuje vi\u0161estruka pismenost koja podrazumijeva stjecanje kompetencija za medijsko obrazovanje i fundamentalno razumijevanje kako tiskanih tako i elektronskih izvora (Kellner, 2004). Kompjuteri, smart telefoni, tableti, pametne plo\u010de, obrazovni softveri i ostali produkti digitalne i medijske tehnologije umnogome su modernizirali odgojno &#8211; obrazovni proces, a samim tim i motivirali u\u010denike za usvajanje nastavnog sadr\u017eaja (Maksimovi\u0107 i Osmanovi\u0107, 2018). Tematika ispitivanja kompetencija vrlo je aktualna u posljednjim decenijama i predmet je brojnih pedago\u0161kih analiza (Trifonova, 2010). Osim profesionalnog razvoja u oblasti struke, suvremeni nastavnik mora imati tehnolo\u0161ke i kompetencije za medijsko obrazovanje kako bi se smatrao konkurentnim na tr\u017ei\u0161tu rada (Chen et. al., 2017). Kompetencije za medijsko obrazovanje u 21. stolje\u0107u smatraju se klju\u010dnim elementom u\u010denja koje za cilj ima stjecanje vje\u0161tina razumijevanja medija (Peicheva &amp; Milenkova, 2016), razvijanje kriti\u010dke svijesti o medijskoj industriji (Amdam, 2017; Kesler et. al., 2016), intenzivan razvoj medijske pismenosti (Fedorov &amp; Levitskaya, 2018; Mavropulo &amp; Muryukina, 2018), kao i unaprje\u0111ivanje sposobnosti za argumentiranu evaluaciju medijskih sadr\u017eaja (Kiryakova et. al., 2015). &bdquo;Smatra se da je permanentna izlo\u017eenost medijima i medijskim porukama danas izuzetno velika, da mediji uti\u010du na procese socijalizacije, odgoja, u\u010denja i stjecanja znanja&ldquo; (Stanisavljevi\u0107 Petrovi\u0107 i Pavlovi\u0107, 2017: 11)<\/p>\n<p class=\"MsoNormal\" style=\"line-height: 170%;\">Sve te\u017ea selekcija informacija koje se plasiraju putem medija uvjetovala je da je tematika njihovog kori\u0161tenja na prihvatljiv i konstruktivan na\u010din jako va\u017ena tema. \u010cinjenica je da su debate o kompetencijama za medijsko obrazovanje postale aktualne u Srbiji tek u posljednjih nekoliko godina. Razloge za ovakvo stanje potrebno je tra\u017eiti u okolnostima u kojima su i svi ostali tranzicijski procesi kasnili i bili u vremenskom raskoraku s ve\u0107inom drugih zemalja (Veljanovski, 2012: 49). S obzirom na to da suvremeno dru\u0161tvo te\u017ei k digitalizaciji, kao i to da postoji velika opasnost od manipulacije mladih putem medija, jako je va\u017eno definirati i oblikovati po\u017eeljne medijske kompetencije koje se odnose na medijsku pismenost \u010dovjeka (Maksimovi\u0107 i sar., 2015: 913). Medijsko obrazovanje se mo\u017ee definirati kao prou\u010davanje razli\u010ditih vrsta medija u cilju njegovanja medijske pismenosti pojedinaca. U posljednjim decenijama medijsko se obrazovanje razvilo u \u0161kolskim sistemima i dru\u0161tvima \u0161irom svijeta. Na osnovu toga mo\u017ee se zaklju\u010diti da je medijska pismenost uvjetovala promjenu paradigme obrazovanja s jedne strane (Lee, 2010), kao i veliki broj istra\u017eivanja koja su se bavila kompetencijama nastavnika za digitalno i medijsko obrazovanje (Fedorov, 2011; Westbrook, 2011; Garc\u00eda-Ruiz et. al., 2014; Buckingham, 2015; Nagle, 2018) kao integralnim kvalitetom moderne \u0161kole (Verbitskaya &amp; Ivanova, 2011), s druge strane. Ubrzan razvoj medija uvjetovao je tako\u0111er i nastanak medijske pedagogije. Ova disciplina jo\u0161 uvijek nije u potpunosti formirana iako se u posljednjih 60 godina profilirala s tendencijom da njen predmet prou\u010davanja bude razvitak medijskih kompetencija u cilju sprje\u010davanja medijske manipulacije (Toli\u0107, 2008: 1).<\/p>\n<p class=\"MsoNormal\" style=\"line-height: 170%;\">Medijska pismenost i medijska kompetencija predstavljaju va\u017ene osobine u procesu samorealizacije pojedinca u suvremenom medijskom dru\u0161tvu. Me\u0111utim, pri definiranju dimenzija medijskih kompetencija nastavnog kadra neophodno je uzeti u obzir ubrzan znanstveno &#8211; tehnolo\u0161ki razvoj, kao i specifi\u010dne individualne i dru\u0161tvene potrebe povezane s njim. Nastavni kadar je u obrazovnom procesu dobio jaku konkurenciju od strane interneta i suvremenih medija koji na ekonomi\u010dan na\u010din u\u010denicima nude mogu\u0107nost za pretra\u017eivanje i obradu podataka (Matijevi\u0107, 2011). Iz tog razloga, po\u017eeljno je razvijanje kompetencija nastavnika za medijsko obrazovanje zapo\u010deti ve\u0107 u procesu obrazovanja, i to putem nekolicine odabranih obrazovnih oblasti ili nastavnih predmeta (Ka\u010dinov\u00e1, 2018). <\/p>\n<p class=\"MsoNormal\" style=\"line-height: 170%;\">Inicijativa za ispravno tuma\u010denje medijskih sadr\u017eaja uvjetovala je nastanak izvora koji su posve\u0107eni promoviranju kriti\u010dke medijske pismenosti kao \u0161to su Udru\u017eenja za medijsku pismenost, Mre\u017ee medijske svesti, Centri medijskog obrazovanja i sli\u010dno (Carr &amp; Portfilio, 2009). Na primjer, u europskim dijelovima Rusije veliki broj pedagoga anga\u017eiran je u procesu razvijanja medijskih kompetencija svih starosnih grupa, a broj medijskih obrazovnih \u0161kola i centara neprestano se pove\u0107ava (Levitskaya, 2014). Tako\u0111er, u posljednjih 10 do 15 godina uspjesi ruske teorije i metodologije medijskog obrazovanja sve su primjetniji. To\u010dnije, objavljeno je preko 100 monografija i ud\u017ebenika i vi\u0161e od 1000 \u010dlanaka na temu kompetencija za upotrebu medija (Fedorov, 2012). U \u010ce\u0161koj republici proces uvo\u0111enja medijskog obrazovanja nakon perioda provo\u0111enja reformi jest predmet poja\u010danog interesa (Wol\u00e1k, 2013: 97). Istra\u017eivanja o medijskoj edukaciji intenzivirana su i u Finskoj 2005. godine osnivanjem Finskog dru\u0161tva za medijsko obrazovanje (Kupiainen et. al., 2008: 21). Giest (Giest, 2010) isti\u010de da su neophodne zna\u010dajne promjene u pristupu projektima obuke nastavnika za medijsko obrazovanje koje \u0107e uvjetovati kvalitetu ste\u010denog znanja, umjesto povr\u0161nog stjecanja vje\u0161tina i sposobnosti. &bdquo;U obrazovnom sistemu je neophodno u\u010diniti pomak prema modelu izgradnje znanja, gdje se nastavnici i u\u010denici medijski educiraju. Medijsko obrazovanje predstavlja stjecanje sposobnosti za kriti\u010dko i\u0161\u010ditavanje medija, bilo kakva da je vrsta tradicionalnih ili novih medija. Osnovni cilj je smanjenje distanciranosti od medija, razumijevanjem njihovog funkcioniranja i upoznavanja sa njihovim sadr\u017eajima&ldquo; (Brakus, 2015).<\/p>\n<p class=\"MsoNormal\" style=\"line-height: 170%;\">Va\u017eno je ista\u0107i da je malo vjerojatno da bi jedan odre\u0111eni model medijske pismenosti mogao biti prikladan za sve \u010dlanove jednog dru\u0161tva, kao i za razli\u010dite socijalne kontekste. Dakle, medijska pismenost se ne mo\u017ee definirati nezavisno od dru\u0161tvenog konteksta u kojem se razvija (Livingstone et. al., 2013). Usprkos tome, sva dru\u0161tva karakteriziraju zamagljene granice izme\u0111u tradicionalnih i digitalnih medija, kao i zamjena tradicionalnog dru\u0161tva informacijskim (Arnolds-Granlund &amp; Kotilainen, 2010).<\/p>\n<p class=\"MsoNormal\" style=\"line-height: 170%;\">&bdquo;Prou\u010davanje medija i njihovih odnosa prema promjenama u odgojno-obrazovnim strujanjima vrlo je zna\u010dajna i popularna pojava i\u00a0 izaziva pa\u017enju brojnih istra\u017eiva\u010da razli\u010ditih profila: sociologa, psihologa, pedagoga, koji nastoje s razli\u010ditih aspekata sagledati efekte sveprisutne &ldquo;medijske revolucije&rdquo; (Maksimovi\u0107 i Stanisavljevi\u0107 Petrovi\u0107, 2014: 472, 473).<\/p>\n<p class=\"MsoNormal\" style=\"line-height: 170%;\">Promjene u dru\u0161tvenom kontekstu u smjeru ekspanzije medijske tehnologije odrazile su se na odgojno &#8211; obrazovni sistem. Tradicionalni vid nastavnog procesa koji podrazumijeva frontalni oblik rada, kao i kori\u0161tenje nastavnih sredstava kao \u0161to su plo\u010da i kreda, vi\u0161e se ne smatra adekvatnim i efikasnim. U svjetlu digitalizacije, od nastavnika se o\u010dekuje kompetentnost, kako za vlastito medijsko obrazovanje tako i za pravilno medijsko educiranje budu\u0107ih generacija. Iz toga razloga, jako je va\u017eno uvidjeti stanje medijske pismenosti nastavnog kadra na na\u0161im prostorima kako bi se pristupilo izradi strategija i planova educiranja odgojno &#8211; obrazovnog kadra u \u0161kolskom kontekstu.<\/p>\n<p class=\"MsoNormal\" style=\"line-height: 170%;\">&nbsp;<\/p>\n<p class=\"MsoNormal\" style=\"line-height: 170%;\"><strong>METODOLO\u0160KI PRISTUP PROBLEMU<\/strong><\/p>\n<p class=\"MsoNormal\" style=\"line-height: 170%;\">Prosperitet obrazovnog sistema jedne zemlje uvjetovan je u velikoj mjeri kompetencijama nastavnog kadra. Pored stru\u010dnih, metodi\u010dkih i komunikacijskih, kompetencije za medijsko obrazovanje postale su integralno svojstvo uspje\u0161nog nastavnika u modernom dobu. Usprkos tome, tematika medijske pismenosti nastavnog kadra na na\u0161im prostorima nije jo\u0161 uvijek temeljito istra\u017eena. Iz tog razloga cilj istra\u017eivanja odnosio se na ispitivanje medijske pismenosti i kompetencije nastavnika za medijsko obrazovanje. U istra\u017eivanju su formulirani sljede\u0107i istra\u017eiva\u010dki zadaci:<\/p>\n<ol style=\"list-style-type: decimal;\">\n<li><span style=\"line-height: 170%;\">Ispitati kompetencije nastavnika za upotrebu medijskih sredstava<\/span><\/li>\n<li><span style=\"line-height: 170%;\">Ispitati u koje svrhe nastavnici naj\u010de\u0161\u0107e koriste medijska sredstva<\/span><\/li>\n<li><span style=\"line-height: 170%;\">Ispitati postoji li kod nastavnika spremnost za unapre\u0111ivanjem vlastitih kompetencija za medijsko obrazovanje<\/span><\/li>\n<\/ol>\n<p class=\"MsoNormal\" style=\"line-height: 170%;\">U istra\u017eivanju je postavljena op\u0107a hipoteza koja implicira djelomi\u010dnu medijsku pismenost nastavnika. Specifi\u010dne hipoteze formulirane su na slijede\u0107i na\u010din:<\/p>\n<ol style=\"list-style-type: decimal;\">\n<li><span style=\"line-height: 170%;\">Pretpostavlja se da nastavnici najpozitivnije procjenjuju vlastite kompetencije za primjenu i tuma\u010denje tradicionalnih medija (radio, televizija, kamera, fotoaparat i sli\u010dno)<\/span><\/li>\n<li><span style=\"line-height: 170%;\">Pretpostavlja se da nastavnici naj\u010de\u0161\u0107e koriste medijska sredstva za vo\u0111enje pedago\u0161ke dokumentacije<\/span><\/li>\n<li><span style=\"line-height: 170%;\">Pretpostavlja se da je, prema mi\u0161ljenju nastavnika najkorisniji vid stjecanja kompetencija za medijsko obrazovanje poha\u0111anje seminara<\/span><\/li>\n<\/ol>\n<p class=\"MsoNormal\" style=\"line-height: 170%;\">U istra\u017eivanju je kori\u0161tena petero &#8211; stupanjska skala procjene <em>Kompetencije nastavnika za medijsko obrazovanje<\/em> (KNMO) sastavljena od 31 <em>itema<\/em>. Brojevi u skali procjene kretali su se na kontinuumu, od broja 1 \u2013 potpuna nesuglasnost, broja 2 \u2013 djelomi\u010dna nesuglasnost, 3 \u2013 neodlu\u010dnost, 4 \u2013 djelomi\u010dna suglasnost, do broja 5 \u2013 potpuna suglasnost s navedenim <em>itemom<\/em>. U istra\u017eivanju je u\u010destvovalo 152 nastavnika (na teritoriji Ni\u0161a, Dimitrovgrada, Zaje\u010dara, Mero\u0161ine i Obla\u010dine) \u010diji su stavovi analizirani u odnosu na predmetno podru\u010dje (prirodne\/tehni\u010dke i dru\u0161tveno &#8211; humanisti\u010dke znanosti), godine starosti, (do 35 i vi\u0161e od 35), godine radnog sta\u017ea (do 10; od 10 do 20 i vi\u0161e od 20) i stru\u010dno usavr\u0161avanje u oblasti medijskog obrazovanja (da i ne). Rezultati istra\u017eivanja obra\u0111eni su u programu za statisti\u010dku obradu podataka SPSS, a predstavljeni su tablicarnim i tekstualnim putem. Za utvr\u0111ivanje statisti\u010dki zna\u010dajnih razlika u odnosu na predmetno podru\u010dje, godine starosti i stru\u010dno usavr\u0161avanje nastavnika kori\u0161ten je t &#8211; test, dok je F &#8211; test primijenjen za tuma\u010denje razlika u stavovima ispitanika u odnosu na godine radnog sta\u017ea.<\/p>\n<p class=\"MsoNormal\" style=\"line-height: 100%;\">&nbsp;<\/p>\n<p class=\"MsoNormal\" style=\"line-height: 170%;\"><em>Tablica 1. Struktura uzorka istra\u017eivanja<\/em><\/p>\n<p class=\"MsoNormal\" style=\"line-height: 70%;\">&nbsp;<\/p>\n<div align=\"left\">\n<table border=\"1\" cellspacing=\"0\" cellpadding=\"4\">\n<tr>\n<td width=\"155\">\n<p class=\"MsoNormal\" style=\"line-height: 170%;\">Varijabla<\/p>\n<\/td>\n<td width=\"183\">\n<p class=\"MsoNormal\" style=\"line-height: 170%;\">&nbsp;<\/p>\n<\/td>\n<td width=\"126\">\n<p class=\"MsoNormal\" style=\"line-height: 170%;\">FF<\/p>\n<\/td>\n<td width=\"155\">\n<p class=\"MsoNormal\" style=\"line-height: 170%;\">%<\/p>\n<\/td>\n<\/tr>\n<tr>\n<td width=\"155\" rowspan=\"2\">\n<p class=\"MsoNormal\" style=\"line-height: 170%;\">Predmetno podru\u010dje<\/p>\n<\/td>\n<td width=\"183\">\n<p class=\"MsoNormal\" style=\"line-height: 170%;\">Prirodne\/tehni\u010dke<\/p>\n<\/td>\n<td width=\"126\">\n<p class=\"MsoNormal\" style=\"line-height: 170%;\">67<\/p>\n<\/td>\n<td width=\"155\">\n<p class=\"MsoNormal\" style=\"line-height: 170%;\">44.1%<\/p>\n<\/td>\n<\/tr>\n<tr>\n<td width=\"183\">\n<p class=\"MsoNormal\" style=\"line-height: 170%;\">Dru\u0161tveno &#8211; humanisti\u010dke<\/p>\n<\/td>\n<td width=\"126\">\n<p class=\"MsoNormal\" style=\"line-height: 170%;\">85<\/p>\n<\/td>\n<td width=\"155\">\n<p class=\"MsoNormal\" style=\"line-height: 170%;\">55.9%<\/p>\n<\/td>\n<\/tr>\n<tr>\n<td width=\"155\" rowspan=\"2\">\n<p class=\"MsoNormal\" style=\"line-height: 170%;\">Godine starosti<\/p>\n<\/td>\n<td width=\"183\">\n<p class=\"MsoNormal\" style=\"line-height: 170%;\">Do 35<\/p>\n<\/td>\n<td width=\"126\">\n<p class=\"MsoNormal\" style=\"line-height: 170%;\">28<\/p>\n<\/td>\n<td width=\"155\">\n<p class=\"MsoNormal\" style=\"line-height: 170%;\">18.4%<\/p>\n<\/td>\n<\/tr>\n<tr>\n<td width=\"183\">\n<p class=\"MsoNormal\" style=\"line-height: 170%;\">Vi\u0161e od 35<\/p>\n<\/td>\n<td width=\"126\">\n<p class=\"MsoNormal\" style=\"line-height: 170%;\">124<\/p>\n<\/td>\n<td width=\"155\">\n<p class=\"MsoNormal\" style=\"line-height: 170%;\">81.6%<\/p>\n<\/td>\n<\/tr>\n<tr>\n<td width=\"155\" rowspan=\"3\">\n<p class=\"MsoNormal\" style=\"line-height: 170%;\">Godine radnog sta\u017ea<\/p>\n<\/td>\n<td width=\"183\">\n<p class=\"MsoNormal\" style=\"line-height: 170%;\">Do 10<\/p>\n<\/td>\n<td width=\"126\">\n<p class=\"MsoNormal\" style=\"line-height: 170%;\">35<\/p>\n<\/td>\n<td width=\"155\">\n<p class=\"MsoNormal\" style=\"line-height: 170%;\">23.0%<\/p>\n<\/td>\n<\/tr>\n<tr>\n<td width=\"183\">\n<p class=\"MsoNormal\" style=\"line-height: 170%;\">10 &#8211; 20<\/p>\n<\/td>\n<td width=\"126\">\n<p class=\"MsoNormal\" style=\"line-height: 170%;\">65<\/p>\n<\/td>\n<td width=\"155\">\n<p class=\"MsoNormal\" style=\"line-height: 170%;\">42.8%<\/p>\n<\/td>\n<\/tr>\n<tr>\n<td width=\"183\">\n<p class=\"MsoNormal\" style=\"line-height: 170%;\">Vi\u0161e od 20<\/p>\n<\/td>\n<td width=\"126\">\n<p class=\"MsoNormal\" style=\"line-height: 170%;\">52<\/p>\n<\/td>\n<td width=\"155\">\n<p class=\"MsoNormal\" style=\"line-height: 170%;\">34.2%<\/p>\n<\/td>\n<\/tr>\n<tr>\n<td width=\"155\" rowspan=\"2\">\n<p class=\"MsoNormal\" style=\"line-height: 170%;\">Stru\u010dno usavr\u0161avanje<\/p>\n<\/td>\n<td width=\"183\">\n<p class=\"MsoNormal\" style=\"line-height: 170%;\">Da<\/p>\n<\/td>\n<td width=\"126\">\n<p class=\"MsoNormal\" style=\"line-height: 170%;\">127<\/p>\n<\/td>\n<td width=\"155\">\n<p class=\"MsoNormal\" style=\"line-height: 170%;\">83.6%<\/p>\n<\/td>\n<\/tr>\n<tr>\n<td width=\"183\">\n<p class=\"MsoNormal\" style=\"line-height: 170%;\">Ne<\/p>\n<\/td>\n<td width=\"126\">\n<p class=\"MsoNormal\" style=\"line-height: 170%;\">25<\/p>\n<\/td>\n<td width=\"155\">\n<p class=\"MsoNormal\" style=\"line-height: 170%;\">16.4%<\/p>\n<\/td>\n<\/tr>\n<\/table>\n<\/div>\n<p class=\"MsoNormal\" style=\"line-height: 100%;\">&nbsp;<\/p>\n<p class=\"MsoNormal\" style=\"line-height: 170%;\">&nbsp;<\/p>\n<p class=\"MsoNormal\" style=\"line-height: 170%;\"><strong>ANALIZA REZULTATA ISTRA\u017dIVANJA SA DISKUSIJOM<\/strong><\/p>\n<p class=\"MsoNormal\" style=\"line-height: 170%;\">U Tablici 2 prikazani su stavovi ispitanika (N &#8211; 152) o kompetencijama nastavni\u010dkog kadra za upotrebu medijskih sredstava. U segmentu &bdquo;<em>Kompetencije<\/em>&ldquo; skale procjene KNMO nastavnicima je za procjenu ponu\u0111eno 12 tvrdnji, a za svaku od njih prikazan je prosje\u010dan odgovor (M), odstupanje od aritmeti\u010dke sredine (sd) i postotak ispitanika koji je iskazao suglasnost\/nesuglasnost ili neodlu\u010dnosti pri vrednovanju.<\/p>\n<p class=\"MsoNormal\" style=\"line-height: 100%;\">&nbsp;<\/p>\n<p class=\"MsoNormal\" style=\"line-height: 170%;\"><em>Tablica 2. Stavovi nastavnika o kompetencijama za upotrebu medijskih sredstava<\/em><\/p>\n<p class=\"MsoNormal\" style=\"line-height: 70%;\">&nbsp;<\/p>\n<div align=\"left\">\n<table border=\"1\" cellspacing=\"0\" cellpadding=\"4\">\n<tr>\n<td width=\"303\">\n<p class=\"MsoNormal\" style=\"line-height: 170%;\"><strong>KOMPETENCIJE<\/strong><\/p>\n<\/td>\n<td width=\"50\">\n<p class=\"MsoNormal\" style=\"line-height: 170%;\">M<\/p>\n<\/td>\n<td width=\"48\">\n<p class=\"MsoNormal\" style=\"line-height: 170%;\">sd<\/p>\n<\/td>\n<td width=\"37\">\n<p class=\"MsoNormal\" style=\"line-height: 170%;\">1<\/p>\n<\/td>\n<td width=\"46\">\n<p class=\"MsoNormal\" style=\"line-height: 170%;\">2<\/p>\n<\/td>\n<td width=\"46\">\n<p class=\"MsoNormal\" style=\"line-height: 170%;\">3<\/p>\n<\/td>\n<td width=\"46\">\n<p class=\"MsoNormal\" style=\"line-height: 170%;\">4<\/p>\n<\/td>\n<td width=\"50\">\n<p class=\"MsoNormal\" style=\"line-height: 170%;\">5<\/p>\n<\/td>\n<\/tr>\n<tr>\n<td width=\"303\">\n<p class=\"MsoNormal\" style=\"line-height: 170%;\">Kompetentan\/na sam za kori\u0161tenje ra\u010dunara u radu sa u\u010denicima<\/p>\n<\/td>\n<td width=\"50\">\n<p class=\"MsoNormal\" style=\"line-height: 170%;\">4.44<\/p>\n<\/td>\n<td width=\"48\">\n<p class=\"MsoNormal\" style=\"line-height: 170%;\">0.83<\/p>\n<\/td>\n<td width=\"37\">\n<p class=\"MsoNormal\" style=\"line-height: 170%;\">0.7<\/p>\n<\/td>\n<td width=\"46\">\n<p class=\"MsoNormal\" style=\"line-height: 170%;\">3.9<\/p>\n<\/td>\n<td width=\"46\">\n<p class=\"MsoNormal\" style=\"line-height: 170%;\">6.6<\/p>\n<\/td>\n<td width=\"46\">\n<p class=\"MsoNormal\" style=\"line-height: 170%;\">28.3<\/p>\n<\/td>\n<td width=\"50\">\n<p class=\"MsoNormal\" style=\"line-height: 170%;\">60.5<\/p>\n<\/td>\n<\/tr>\n<tr>\n<td width=\"303\">\n<p class=\"MsoNormal\" style=\"line-height: 170%;\">Kompetentan\/na sam za kori\u0161tenje obrazovnih softvera u radu sa u\u010denicima<\/p>\n<\/td>\n<td width=\"50\">\n<p class=\"MsoNormal\" style=\"line-height: 170%;\">3.88<\/p>\n<\/td>\n<td width=\"48\">\n<p class=\"MsoNormal\" style=\"line-height: 170%;\">1.07<\/p>\n<\/td>\n<td width=\"37\">\n<p class=\"MsoNormal\" style=\"line-height: 170%;\">3.3<\/p>\n<\/td>\n<td width=\"46\">\n<p class=\"MsoNormal\" style=\"line-height: 170%;\">7.9<\/p>\n<\/td>\n<td width=\"46\">\n<p class=\"MsoNormal\" style=\"line-height: 170%;\">19.7<\/p>\n<\/td>\n<td width=\"46\">\n<p class=\"MsoNormal\" style=\"line-height: 170%;\">34.9<\/p>\n<\/td>\n<td width=\"50\">\n<p class=\"MsoNormal\" style=\"line-height: 170%;\">34.2<\/p>\n<\/td>\n<\/tr>\n<tr>\n<td width=\"303\">\n<p class=\"MsoNormal\" style=\"line-height: 170%;\">Kompetentan\/na sam za kori\u0161tenje Power point prezentacija u radu sa u\u010denicima<\/p>\n<\/td>\n<td width=\"50\">\n<p class=\"MsoNormal\" style=\"line-height: 170%;\">4.30<\/p>\n<\/td>\n<td width=\"48\">\n<p class=\"MsoNormal\" style=\"line-height: 170%;\">0.98<\/p>\n<\/td>\n<td width=\"37\">\n<p class=\"MsoNormal\" style=\"line-height: 170%;\">2.0<\/p>\n<\/td>\n<td width=\"46\">\n<p class=\"MsoNormal\" style=\"line-height: 170%;\">3.9<\/p>\n<\/td>\n<td width=\"46\">\n<p class=\"MsoNormal\" style=\"line-height: 170%;\">13.8<\/p>\n<\/td>\n<td width=\"46\">\n<p class=\"MsoNormal\" style=\"line-height: 170%;\">21.7<\/p>\n<\/td>\n<td width=\"50\">\n<p class=\"MsoNormal\" style=\"line-height: 170%;\">58.6<\/p>\n<\/td>\n<\/tr>\n<tr>\n<td width=\"303\">\n<p class=\"MsoNormal\" style=\"line-height: 170%;\">Kompetentan\/na sam za kori\u0161tenje medijskih ure\u0111aja (fotoaparat, kamera, radio, televizija)<\/p>\n<\/td>\n<td width=\"50\">\n<p class=\"MsoNormal\" style=\"line-height: 170%;\">4.42<\/p>\n<\/td>\n<td width=\"48\">\n<p class=\"MsoNormal\" style=\"line-height: 170%;\">0.88<\/p>\n<\/td>\n<td width=\"37\">\n<p class=\"MsoNormal\" style=\"line-height: 170%;\">0.7<\/p>\n<\/td>\n<td width=\"46\">\n<p class=\"MsoNormal\" style=\"line-height: 170%;\">4.6<\/p>\n<\/td>\n<td width=\"46\">\n<p class=\"MsoNormal\" style=\"line-height: 170%;\">8.6<\/p>\n<\/td>\n<td width=\"46\">\n<p class=\"MsoNormal\" style=\"line-height: 170%;\">23.7<\/p>\n<\/td>\n<td width=\"50\">\n<p class=\"MsoNormal\" style=\"line-height: 170%;\">62.5<\/p>\n<\/td>\n<\/tr>\n<tr>\n<td width=\"303\">\n<p class=\"MsoNormal\" style=\"line-height: 170%;\">Kompetentan\/na sam za kori\u0161tenje internet <em>siteova<\/em> u radu sa u\u010denicima<\/p>\n<\/td>\n<td width=\"50\">\n<p class=\"MsoNormal\" style=\"line-height: 170%;\">4.48<\/p>\n<\/td>\n<td width=\"48\">\n<p class=\"MsoNormal\" style=\"line-height: 170%;\">0.79<\/p>\n<\/td>\n<td width=\"37\">\n<p class=\"MsoNormal\" style=\"line-height: 170%;\">0.7<\/p>\n<\/td>\n<td width=\"46\">\n<p class=\"MsoNormal\" style=\"line-height: 170%;\">1.3<\/p>\n<\/td>\n<td width=\"46\">\n<p class=\"MsoNormal\" style=\"line-height: 170%;\">11.2<\/p>\n<\/td>\n<td width=\"46\">\n<p class=\"MsoNormal\" style=\"line-height: 170%;\">23.0<\/p>\n<\/td>\n<td width=\"50\">\n<p class=\"MsoNormal\" style=\"line-height: 170%;\">63.8<\/p>\n<\/td>\n<\/tr>\n<tr>\n<td width=\"303\">\n<p class=\"MsoNormal\" style=\"line-height: 170%;\">Kompetentan\/na sam za kori\u0161tenje programa Excel<\/p>\n<\/td>\n<td width=\"50\">\n<p class=\"MsoNormal\" style=\"line-height: 170%;\">4.10<\/p>\n<\/td>\n<td width=\"48\">\n<p class=\"MsoNormal\" style=\"line-height: 170%;\">4.30<\/p>\n<\/td>\n<td width=\"37\">\n<p class=\"MsoNormal\" style=\"line-height: 170%;\">5.3<\/p>\n<\/td>\n<td width=\"46\">\n<p class=\"MsoNormal\" style=\"line-height: 170%;\">6.6<\/p>\n<\/td>\n<td width=\"46\">\n<p class=\"MsoNormal\" style=\"line-height: 170%;\">27.0<\/p>\n<\/td>\n<td width=\"46\">\n<p class=\"MsoNormal\" style=\"line-height: 170%;\">27.6<\/p>\n<\/td>\n<td width=\"50\">\n<p class=\"MsoNormal\" style=\"line-height: 170%;\">33.6<\/p>\n<\/td>\n<\/tr>\n<tr>\n<td width=\"303\">\n<p class=\"MsoNormal\" style=\"line-height: 170%;\">Kompetentan\/na sam za kori\u0161tenje programa Word<\/p>\n<\/td>\n<td width=\"50\">\n<p class=\"MsoNormal\" style=\"line-height: 170%;\">4.62<\/p>\n<\/td>\n<td width=\"48\">\n<p class=\"MsoNormal\" style=\"line-height: 170%;\">0.73<\/p>\n<\/td>\n<td width=\"37\">\n<p class=\"MsoNormal\" style=\"line-height: 170%;\">1.3<\/p>\n<\/td>\n<td width=\"46\">\n<p class=\"MsoNormal\" style=\"line-height: 170%;\">0.7<\/p>\n<\/td>\n<td width=\"46\">\n<p class=\"MsoNormal\" style=\"line-height: 170%;\">5.3<\/p>\n<\/td>\n<td width=\"46\">\n<p class=\"MsoNormal\" style=\"line-height: 170%;\">19.7<\/p>\n<\/td>\n<td width=\"50\">\n<p class=\"MsoNormal\" style=\"line-height: 170%;\">73.0<\/p>\n<\/td>\n<\/tr>\n<tr>\n<td width=\"303\">\n<p class=\"MsoNormal\" style=\"line-height: 170%;\">Kompetentan\/na sam za kori\u0161tenje e-maila<\/p>\n<\/td>\n<td width=\"50\">\n<p class=\"MsoNormal\" style=\"line-height: 170%;\">4.72<\/p>\n<\/td>\n<td width=\"48\">\n<p class=\"MsoNormal\" style=\"line-height: 170%;\">0.58<\/p>\n<\/td>\n<td width=\"37\">\n<p class=\"MsoNormal\" style=\"line-height: 170%;\">\/<\/p>\n<\/td>\n<td width=\"46\">\n<p class=\"MsoNormal\" style=\"line-height: 170%;\">1.3<\/p>\n<\/td>\n<td width=\"46\">\n<p class=\"MsoNormal\" style=\"line-height: 170%;\">3.3<\/p>\n<\/td>\n<td width=\"46\">\n<p class=\"MsoNormal\" style=\"line-height: 170%;\">17.1<\/p>\n<\/td>\n<td width=\"50\">\n<p class=\"MsoNormal\" style=\"line-height: 170%;\">78.3<\/p>\n<\/td>\n<\/tr>\n<tr>\n<td width=\"303\">\n<p class=\"MsoNormal\" style=\"line-height: 170%;\">Kompetentan\/na sam za pisanje bloga o vlastitom odgojno &#8211; obrazovnom radu<\/p>\n<\/td>\n<td width=\"50\">\n<p class=\"MsoNormal\" style=\"line-height: 170%;\">3.55<\/p>\n<\/td>\n<td width=\"48\">\n<p class=\"MsoNormal\" style=\"line-height: 170%;\">1.14<\/p>\n<\/td>\n<td width=\"37\">\n<p class=\"MsoNormal\" style=\"line-height: 170%;\">5.3<\/p>\n<\/td>\n<td width=\"46\">\n<p class=\"MsoNormal\" style=\"line-height: 170%;\">13.2<\/p>\n<\/td>\n<td width=\"46\">\n<p class=\"MsoNormal\" style=\"line-height: 170%;\">26.3<\/p>\n<\/td>\n<td width=\"46\">\n<p class=\"MsoNormal\" style=\"line-height: 170%;\">31.6<\/p>\n<\/td>\n<td width=\"50\">\n<p class=\"MsoNormal\" style=\"line-height: 170%;\">23.7<\/p>\n<\/td>\n<\/tr>\n<tr>\n<td width=\"303\">\n<p class=\"MsoNormal\" style=\"line-height: 170%;\">Kompetentan\/na sam za kori\u0161tenje dru\u0161tvenih mre\u017ea u obrazovanju (FB, Instagram i sli\u010dno)<\/p>\n<\/td>\n<td width=\"50\">\n<p class=\"MsoNormal\" style=\"line-height: 170%;\">4.00<\/p>\n<\/td>\n<td width=\"48\">\n<p class=\"MsoNormal\" style=\"line-height: 170%;\">1.25<\/p>\n<\/td>\n<td width=\"37\">\n<p class=\"MsoNormal\" style=\"line-height: 170%;\">6.6<\/p>\n<\/td>\n<td width=\"46\">\n<p class=\"MsoNormal\" style=\"line-height: 170%;\">8.6<\/p>\n<\/td>\n<td width=\"46\">\n<p class=\"MsoNormal\" style=\"line-height: 170%;\">12.5<\/p>\n<\/td>\n<td width=\"46\">\n<p class=\"MsoNormal\" style=\"line-height: 170%;\">22.4<\/p>\n<\/td>\n<td width=\"50\">\n<p class=\"MsoNormal\" style=\"line-height: 170%;\">50.0<\/p>\n<\/td>\n<\/tr>\n<tr>\n<td width=\"303\">\n<p class=\"MsoNormal\" style=\"line-height: 170%;\">Smatram se medijski kompetentnom osobom<\/p>\n<\/td>\n<td width=\"50\">\n<p class=\"MsoNormal\" style=\"line-height: 170%;\">4.04<\/p>\n<\/td>\n<td width=\"48\">\n<p class=\"MsoNormal\" style=\"line-height: 170%;\">0.91<\/p>\n<\/td>\n<td width=\"37\">\n<p class=\"MsoNormal\" style=\"line-height: 170%;\">\/<\/p>\n<\/td>\n<td width=\"46\">\n<p class=\"MsoNormal\" style=\"line-height: 170%;\">7.2<\/p>\n<\/td>\n<td width=\"46\">\n<p class=\"MsoNormal\" style=\"line-height: 170%;\">17.8<\/p>\n<\/td>\n<td width=\"46\">\n<p class=\"MsoNormal\" style=\"line-height: 170%;\">38.2<\/p>\n<\/td>\n<td width=\"50\">\n<p class=\"MsoNormal\" style=\"line-height: 170%;\">36.8<\/p>\n<\/td>\n<\/tr>\n<tr>\n<td width=\"303\">\n<p class=\"MsoNormal\" style=\"line-height: 170%;\">Putem medija se informiram o inovacijama obrazovnog sistema<\/p>\n<\/td>\n<td width=\"50\">\n<p class=\"MsoNormal\" style=\"line-height: 170%;\">4.11<\/p>\n<\/td>\n<td width=\"48\">\n<p class=\"MsoNormal\" style=\"line-height: 170%;\">0.89<\/p>\n<\/td>\n<td width=\"37\">\n<p class=\"MsoNormal\" style=\"line-height: 170%;\">1.3<\/p>\n<\/td>\n<td width=\"46\">\n<p class=\"MsoNormal\" style=\"line-height: 170%;\">4.6<\/p>\n<\/td>\n<td width=\"46\">\n<p class=\"MsoNormal\" style=\"line-height: 170%;\">12.5<\/p>\n<\/td>\n<td width=\"46\">\n<p class=\"MsoNormal\" style=\"line-height: 170%;\">44.1<\/p>\n<\/td>\n<td width=\"50\">\n<p class=\"MsoNormal\" style=\"line-height: 170%;\">37.5<\/p>\n<\/td>\n<\/tr>\n<\/table>\n<\/div>\n<p class=\"MsoNormal\" style=\"line-height: 100%;\">&nbsp;<\/p>\n<p class=\"MsoNormal\" style=\"line-height: 170%;\">Na osnovu analize prosje\u010dnog odgovora (M) ispitanika pri vrednovanju tvrdnji, mo\u017eemo uo\u010diti da su nastavnici koji su \u010dinili uzorak istra\u017eivanja najpozitivnije procijenili vlastite kompetencije za upotrebu e-maila (M-4.72); potom programa Word (M-4.62); internet <em>siteova<\/em> u radu sa u\u010denicima (M-4.48); ra\u010dunara (M-4.44), medijskih ure\u0111aja kao \u0161to su fotoaparat, kamera, radio i televizija (M-4.42) i Power point prezentacija (M-4.30). Pri procjeni kompetentnosti za primjenu navedenih, kako tradicionalnih, tako i modernih medijskih ure\u0111aja nastavnici su iskazali stavove koji se mogu tuma\u010diti kao visok stupanj djelomi\u010dne suglasnosti. To\u010dnije, kako rezultati istra\u017eivanja pokazuj, izuzetno mali postotak ispitanika nije osposobljen za kori\u0161tenje e-maila (1.3 %) i internet <em>siteova<\/em> (2 %), kao i primjenu ra\u010dunara (4.6 %); Power point prezentacija (5.9 %); fotoaparata, kamera, radija i televizije (M-5.3 %) i programa Word (2 %).<\/p>\n<p class=\"MsoNormal\" style=\"line-height: 170%;\">Djelomi\u010dnu suglasnost i ne\u0161to ni\u017ei stupanj povjerenja u vlastite kompetencije za upotrebu medijskih sredstava nastavnici su iskazali pri vrednovanju tvrdnji koje se odnose na upotrebu programa Excel (M-4.10) i dru\u0161tvenih mre\u017ea u obrazovanju kao \u0161to su Facebook i Instagram (M-4.00). Rezultati istra\u017eivanja tako\u0111er pokazuju da se nastavni\u010dki kadar na na\u0161im prostorima naj\u010de\u0161\u0107e suo\u010dava sa te\u0161ko\u0107ama prilikom tendencije da kreira blog o vlastitom odgojno &#8211; obrazovnom radu (M-3.55) i primijeni obrazovne softvere u radu sa u\u010denicima (M-3.88). Pri vrednovanju spomenutih kompetencija ispitanici su dominantno iskazivali neodlu\u010dnost u procjeni, s obzirom na to da su njihovi stavovi koncentrirani oko broja 3 koji je na petero \u2013 stupanjskoj skali procjene KNMO ozna\u010davao stav neodlu\u010dan\/na sam. <\/p>\n<p class=\"MsoNormal\" style=\"line-height: 170%;\">Ukoliko uzmemo u obzir umjereni i ja\u010di stupanj suglasnosti u skali procjene KNMO uvidjeti \u0107emo da \u010dak 75 % ispitanih nastavnika sebe smatra medijski kompetentnom osobom. U skladu sa navedenim je i rezultati istra\u017eivanja koji pokazuju da se 81.6 % nastavnika putem medija informira o inovacijama u oblasti odgojno &#8211; obrazovnog sistema.<\/p>\n<p class=\"MsoNormal\" style=\"line-height: 170%;\">Na osnovi navedenih rezultata istra\u017eivanja mo\u017eemo zaklju\u010diti da prva hipoteza istra\u017eivanja &bdquo;<em>Pretpostavlja se da nastavnici najpozitivnije procjenjuju vlastite kompetencije za primjenu i tuma\u010denje tradicionalnih medija (radio, televizija, kamera, fotoaparat i sli\u010dno)<\/em>&ldquo; nije potvr\u0111ena, s obzirom na to da su nastavnici najpozitivnije procijenili vlastite kompetencije samo za upotrebu e-maila (M-4.72).<\/p>\n<p class=\"MsoNormal\" style=\"line-height: 170%;\">U Tablici 3 prikazani su stavovi nastavnika (N-152) o svrsi upotrebe medijskih sredstava. U segmentu &bdquo;<em>Svrha upotrebe<\/em>&ldquo; skale procjene KNMO nastavnicima je za procjenu ponu\u0111eno 7 tvrdnji, a za svaku od njih prikazan je prosje\u010dan odgovor (M), odstupanje od aritmeti\u010dke sredine (sd) i postotak ispitanika koji je iskazao suglasnost\/nesuglasnost ili neodlu\u010dnosti pri vrednovanju.<\/p>\n<p class=\"MsoNormal\" style=\"line-height: 100%;\">&nbsp;<\/p>\n<p class=\"MsoNormal\" style=\"line-height: 170%;\"><em>Tablica 3. Stavovi nastavnika o svrsi upotrebe medijskih sredstava<\/em><\/p>\n<p class=\"MsoNormal\" style=\"line-height: 70%;\">&nbsp;<\/p>\n<div align=\"left\">\n<table border=\"1\" cellspacing=\"0\" cellpadding=\"4\">\n<tr>\n<td width=\"294\">\n<p class=\"MsoNormal\" style=\"line-height: 170%;\"><strong>SVRHA<\/strong><\/p>\n<\/td>\n<td width=\"51\">\n<p class=\"MsoNormal\" style=\"line-height: 170%;\">M<\/p>\n<\/td>\n<td width=\"50\">\n<p class=\"MsoNormal\" style=\"line-height: 170%;\">sd<\/p>\n<\/td>\n<td width=\"46\">\n<p class=\"MsoNormal\" style=\"line-height: 170%;\">1<\/p>\n<\/td>\n<td width=\"48\">\n<p class=\"MsoNormal\" style=\"line-height: 170%;\">2<\/p>\n<\/td>\n<td width=\"50\">\n<p class=\"MsoNormal\" style=\"line-height: 170%;\">3<\/p>\n<\/td>\n<td width=\"51\">\n<p class=\"MsoNormal\" style=\"line-height: 170%;\">4<\/p>\n<\/td>\n<td width=\"50\">\n<p class=\"MsoNormal\" style=\"line-height: 170%;\">5<\/p>\n<\/td>\n<\/tr>\n<tr>\n<td width=\"294\">\n<p class=\"MsoNormal\" style=\"line-height: 170%;\">Medijska sredstva koristim za pripremu aktivnosti u radu sa u\u010denicima<\/p>\n<\/td>\n<td width=\"51\">\n<p class=\"MsoNormal\" style=\"line-height: 170%;\">4.09<\/p>\n<\/td>\n<td width=\"50\">\n<p class=\"MsoNormal\" style=\"line-height: 170%;\">0.90<\/p>\n<\/td>\n<td width=\"46\">\n<p class=\"MsoNormal\" style=\"line-height: 170%;\">\/<\/p>\n<\/td>\n<td width=\"48\">\n<p class=\"MsoNormal\" style=\"line-height: 170%;\">6.6<\/p>\n<\/td>\n<td width=\"50\">\n<p class=\"MsoNormal\" style=\"line-height: 170%;\">16.4<\/p>\n<\/td>\n<td width=\"51\">\n<p class=\"MsoNormal\" style=\"line-height: 170%;\">38.2<\/p>\n<\/td>\n<td width=\"50\">\n<p class=\"MsoNormal\" style=\"line-height: 170%;\">38.8<\/p>\n<\/td>\n<\/tr>\n<tr>\n<td width=\"294\">\n<p class=\"MsoNormal\" style=\"line-height: 170%;\">Medijska sredstva koristim u fazi realizacije aktivnosti sa u\u010denicima<\/p>\n<\/td>\n<td width=\"51\">\n<p class=\"MsoNormal\" style=\"line-height: 170%;\">3.90<\/p>\n<\/td>\n<td width=\"50\">\n<p class=\"MsoNormal\" style=\"line-height: 170%;\">0.92<\/p>\n<\/td>\n<td width=\"46\">\n<p class=\"MsoNormal\" style=\"line-height: 170%;\">\/<\/p>\n<\/td>\n<td width=\"48\">\n<p class=\"MsoNormal\" style=\"line-height: 170%;\">9.9<\/p>\n<\/td>\n<td width=\"50\">\n<p class=\"MsoNormal\" style=\"line-height: 170%;\">17.8<\/p>\n<\/td>\n<td width=\"51\">\n<p class=\"MsoNormal\" style=\"line-height: 170%;\">44.1<\/p>\n<\/td>\n<td width=\"50\">\n<p class=\"MsoNormal\" style=\"line-height: 170%;\">28.3<\/p>\n<\/td>\n<\/tr>\n<tr>\n<td width=\"294\">\n<p class=\"MsoNormal\" style=\"line-height: 170%;\">Medijska sredstva koristim za pronala\u017eenje materijala za rad sa u\u010denicima<\/p>\n<\/td>\n<td width=\"51\">\n<p class=\"MsoNormal\" style=\"line-height: 170%;\">4.28<\/p>\n<\/td>\n<td width=\"50\">\n<p class=\"MsoNormal\" style=\"line-height: 170%;\">0.76<\/p>\n<\/td>\n<td width=\"46\">\n<p class=\"MsoNormal\" style=\"line-height: 170%;\">\/<\/p>\n<\/td>\n<td width=\"48\">\n<p class=\"MsoNormal\" style=\"line-height: 170%;\">2.0<\/p>\n<\/td>\n<td width=\"50\">\n<p class=\"MsoNormal\" style=\"line-height: 170%;\">13.2<\/p>\n<\/td>\n<td width=\"51\">\n<p class=\"MsoNormal\" style=\"line-height: 170%;\">38.8<\/p>\n<\/td>\n<td width=\"50\">\n<p class=\"MsoNormal\" style=\"line-height: 170%;\">46.1<\/p>\n<\/td>\n<\/tr>\n<tr>\n<td width=\"294\">\n<p class=\"MsoNormal\" style=\"line-height: 170%;\">Medijska sredstva koristim za bilje\u017eenje podataka o u\u010denicima<\/p>\n<\/td>\n<td width=\"51\">\n<p class=\"MsoNormal\" style=\"line-height: 170%;\">3.51<\/p>\n<\/td>\n<td width=\"50\">\n<p class=\"MsoNormal\" style=\"line-height: 170%;\">1.13<\/p>\n<\/td>\n<td width=\"46\">\n<p class=\"MsoNormal\" style=\"line-height: 170%;\">3.9<\/p>\n<\/td>\n<td width=\"48\">\n<p class=\"MsoNormal\" style=\"line-height: 170%;\">17.8<\/p>\n<\/td>\n<td width=\"50\">\n<p class=\"MsoNormal\" style=\"line-height: 170%;\">23.0<\/p>\n<\/td>\n<td width=\"51\">\n<p class=\"MsoNormal\" style=\"line-height: 170%;\">32.9<\/p>\n<\/td>\n<td width=\"50\">\n<p class=\"MsoNormal\" style=\"line-height: 170%;\">22.4<\/p>\n<\/td>\n<\/tr>\n<tr>\n<td width=\"294\">\n<p class=\"MsoNormal\" style=\"line-height: 170%;\">Medijska sredstva koristim za vo\u0111enje pedago\u0161ke dokumentacije<\/p>\n<\/td>\n<td width=\"51\">\n<p class=\"MsoNormal\" style=\"line-height: 170%;\">3.51<\/p>\n<\/td>\n<td width=\"50\">\n<p class=\"MsoNormal\" style=\"line-height: 170%;\">1.21<\/p>\n<\/td>\n<td width=\"46\">\n<p class=\"MsoNormal\" style=\"line-height: 170%;\">6.6<\/p>\n<\/td>\n<td width=\"48\">\n<p class=\"MsoNormal\" style=\"line-height: 170%;\">16.4<\/p>\n<\/td>\n<td width=\"50\">\n<p class=\"MsoNormal\" style=\"line-height: 170%;\">20.4<\/p>\n<\/td>\n<td width=\"51\">\n<p class=\"MsoNormal\" style=\"line-height: 170%;\">32.2<\/p>\n<\/td>\n<td width=\"50\">\n<p class=\"MsoNormal\" style=\"line-height: 170%;\">24.3<\/p>\n<\/td>\n<\/tr>\n<tr>\n<td width=\"294\">\n<p class=\"MsoNormal\" style=\"line-height: 170%;\">Medijska sredstva koristim za analiziranje vlastite prakse<\/p>\n<\/td>\n<td width=\"51\">\n<p class=\"MsoNormal\" style=\"line-height: 170%;\">3.34<\/p>\n<\/td>\n<td width=\"50\">\n<p class=\"MsoNormal\" style=\"line-height: 170%;\">1.10<\/p>\n<\/td>\n<td width=\"46\">\n<p class=\"MsoNormal\" style=\"line-height: 170%;\">7.2<\/p>\n<\/td>\n<td width=\"48\">\n<p class=\"MsoNormal\" style=\"line-height: 170%;\">14.5<\/p>\n<\/td>\n<td width=\"50\">\n<p class=\"MsoNormal\" style=\"line-height: 170%;\">27.6<\/p>\n<\/td>\n<td width=\"51\">\n<p class=\"MsoNormal\" style=\"line-height: 170%;\">37.5<\/p>\n<\/td>\n<td width=\"50\">\n<p class=\"MsoNormal\" style=\"line-height: 170%;\">13.2<\/p>\n<\/td>\n<\/tr>\n<tr>\n<td width=\"294\">\n<p class=\"MsoNormal\" style=\"line-height: 170%;\">Medijska sredstva koristim za komunikaciju sa roditeljima u\u010denika<\/p>\n<\/td>\n<td width=\"51\">\n<p class=\"MsoNormal\" style=\"line-height: 170%;\">3.09<\/p>\n<\/td>\n<td width=\"50\">\n<p class=\"MsoNormal\" style=\"line-height: 170%;\">1.24<\/p>\n<\/td>\n<td width=\"46\">\n<p class=\"MsoNormal\" style=\"line-height: 170%;\">13.8<\/p>\n<\/td>\n<td width=\"48\">\n<p class=\"MsoNormal\" style=\"line-height: 170%;\">17.8<\/p>\n<\/td>\n<td width=\"50\">\n<p class=\"MsoNormal\" style=\"line-height: 170%;\">26.3<\/p>\n<\/td>\n<td width=\"51\">\n<p class=\"MsoNormal\" style=\"line-height: 170%;\">28.9<\/p>\n<\/td>\n<td width=\"50\">\n<p class=\"MsoNormal\" style=\"line-height: 170%;\">13.2<\/p>\n<\/td>\n<\/tr>\n<\/table>\n<\/div>\n<p class=\"MsoNormal\" style=\"line-height: 100%;\">&nbsp;<\/p>\n<p class=\"MsoNormal\" style=\"line-height: 170%;\">Uzmemo li u obzir distribuciju prosje\u010dnog odgovora ispitanika (M) uvidjeti \u0107emo da se, od strane nastavni\u010dke populacije medijska sredstva naj\u010de\u0161\u0107e koriste u svrhu pronala\u017eenja nastavnog materijala (M-4.28), potom za pripremu aktivnosti koje \u0107e se realizirati u radu s u\u010denicima (M-4.09) i ne\u0161to rje\u0111e u fazi realizacije nastavnih aktivnosti (M-3.90). Pri vrednovanju spomenutih <em>itema<\/em> koji ukazuju na svrhu upotrebe medijskih sredstava nastavnici koji su \u010dinili uzorak istra\u017eivanja iskazali su nizak stupanj djelomi\u010dne suglasnosti.<\/p>\n<p class=\"MsoNormal\" style=\"line-height: 170%;\">U istra\u017eivanju je uo\u010dena neodlu\u010dnost ispitanika pri vrednovanju tvrdnji koje se odnose na svrhu upotrebe medijskih sredstava kao \u0161to je bilje\u017eenje podataka o u\u010denicima (M-3.51); vo\u0111enje pedago\u0161ke dokumentacije (M-3.51) i analiziranje vlastite prakse (M-3.34). Ipak, uzmemo li u obzir umjereni i ja\u010di stupanj suglasnosti uvidjeti \u0107emo da medijska sredstva za bilje\u017eenje podataka o u\u010denicima koristi 55.3 %; za vo\u0111enje pedago\u0161ke dokumentacije 56.5 % i analiziranje vlastite prakse 50.7 % ispitanih nastavnika. Rezultati istra\u017eivanja pokazuju da se od strane nastavnika koji su \u010dinili uzorak istra\u017eivanja medijska sredstva istra\u017eivanja najrje\u0111e koriste za ostvarivanje komunikacije sa roditeljima u\u010denika (M-3.09). <\/p>\n<p class=\"MsoNormal\" style=\"line-height: 170%;\">Na osnovu navedenih rezultata istra\u017eivanja mo\u017eemo zaklju\u010diti da druga hipoteza istra\u017eivanja &bdquo;<em>Pretpostavlja se da nastavnici naj\u010de\u0161\u0107e koriste medijska sredstva za vo\u0111enje pedago\u0161ke dokumentacije<\/em>&ldquo; nije potvr\u0111ena. Rezultati pokazuju da ispitanici koji su \u010dinili uzorak istra\u017eivanja naju\u010destalije koriste medijska sredstva za pronala\u017eenje materijala za rad sa u\u010denicima (M-4.28).<\/p>\n<p class=\"MsoNormal\" style=\"line-height: 170%;\">U Tablici 4 prikazani su stavovi ispitanika o obrazovanju za poticanje medijskih kompetencija i pismenosti nastavnog kadra. U segmentu &bdquo;<em>Obrazovanje za medijsku pismenost<\/em>&ldquo; skale procjene KNMO nastavnicima je za procjenu ponu\u0111eno 12 tvrdnji, a za svaku od njih prikazan je prosje\u010dan odgovor (M), odstupanje od aritmeti\u010dke sredine (sd) i postotak ispitanika koji je iskazao suglasnost\/nesuglasnost ili neodlu\u010dnosti pri vrednovanju.<\/p>\n<p class=\"MsoNormal\" style=\"line-height: 100%;\">&nbsp;<\/p>\n<p class=\"MsoNormal\" style=\"line-height: 170%;\"><em>Tablica 4. Stavovi nastavnika o obrazovanju za primjenu medijskih sredstava<\/em><\/p>\n<p class=\"MsoNormal\" style=\"line-height: 70%;\">&nbsp;<\/p>\n<div align=\"left\">\n<table border=\"1\" cellspacing=\"0\" cellpadding=\"4\">\n<tr>\n<td width=\"303\">\n<p class=\"MsoNormal\" style=\"line-height: 170%;\"><strong>OBRAZOVANJE<\/strong><\/p>\n<\/td>\n<td width=\"49\">\n<p class=\"MsoNormal\" style=\"line-height: 170%;\">M<\/p>\n<\/td>\n<td width=\"53\">\n<p class=\"MsoNormal\" style=\"line-height: 170%;\">sd<\/p>\n<\/td>\n<td width=\"48\">\n<p class=\"MsoNormal\" style=\"line-height: 170%;\">1<\/p>\n<\/td>\n<td width=\"48\">\n<p class=\"MsoNormal\" style=\"line-height: 170%;\">2<\/p>\n<\/td>\n<td width=\"46\">\n<p class=\"MsoNormal\" style=\"line-height: 170%;\">3<\/p>\n<\/td>\n<td width=\"51\">\n<p class=\"MsoNormal\" style=\"line-height: 170%;\">4<\/p>\n<\/td>\n<td width=\"49\">\n<p class=\"MsoNormal\" style=\"line-height: 170%;\">5<\/p>\n<\/td>\n<\/tr>\n<tr>\n<td width=\"303\">\n<p class=\"MsoNormal\" style=\"line-height: 170%;\">Programi pripreme za nastavni\u010dki poziv bi trebali posvetiti vi\u0161e pa\u017enje kompetencijama za medijsko obrazovanje<\/p>\n<\/td>\n<td width=\"49\">\n<p class=\"MsoNormal\" style=\"line-height: 170%;\">4.08<\/p>\n<\/td>\n<td width=\"53\">\n<p class=\"MsoNormal\" style=\"line-height: 170%;\">0.91<\/p>\n<\/td>\n<td width=\"48\">\n<p class=\"MsoNormal\" style=\"line-height: 170%;\">0.7<\/p>\n<\/td>\n<td width=\"48\">\n<p class=\"MsoNormal\" style=\"line-height: 170%;\">5.9<\/p>\n<\/td>\n<td width=\"46\">\n<p class=\"MsoNormal\" style=\"line-height: 170%;\">15.8<\/p>\n<\/td>\n<td width=\"51\">\n<p class=\"MsoNormal\" style=\"line-height: 170%;\">39.5<\/p>\n<\/td>\n<td width=\"49\">\n<p class=\"MsoNormal\" style=\"line-height: 170%;\">38.2<\/p>\n<\/td>\n<\/tr>\n<tr>\n<td width=\"303\">\n<p class=\"MsoNormal\" style=\"line-height: 170%;\">Pratim novine iz oblasti informaciono-komunikacionih tehnologija<\/p>\n<\/td>\n<td width=\"49\">\n<p class=\"MsoNormal\" style=\"line-height: 170%;\">3.65<\/p>\n<\/td>\n<td width=\"53\">\n<p class=\"MsoNormal\" style=\"line-height: 170%;\">1.11<\/p>\n<\/td>\n<td width=\"48\">\n<p class=\"MsoNormal\" style=\"line-height: 170%;\">5.9<\/p>\n<\/td>\n<td width=\"48\">\n<p class=\"MsoNormal\" style=\"line-height: 170%;\">9.2<\/p>\n<\/td>\n<td width=\"46\">\n<p class=\"MsoNormal\" style=\"line-height: 170%;\">21.7<\/p>\n<\/td>\n<td width=\"51\">\n<p class=\"MsoNormal\" style=\"line-height: 170%;\">40.1<\/p>\n<\/td>\n<td width=\"49\">\n<p class=\"MsoNormal\" style=\"line-height: 170%;\">23.0<\/p>\n<\/td>\n<\/tr>\n<tr>\n<td width=\"303\">\n<p class=\"MsoNormal\" style=\"line-height: 170%;\">Rado bih prisustvovao\/la seminarima o medijskim sredstvima<\/p>\n<\/td>\n<td width=\"49\">\n<p class=\"MsoNormal\" style=\"line-height: 170%;\">4.22<\/p>\n<\/td>\n<td width=\"53\">\n<p class=\"MsoNormal\" style=\"line-height: 170%;\">0.99<\/p>\n<\/td>\n<td width=\"48\">\n<p class=\"MsoNormal\" style=\"line-height: 170%;\">2.0<\/p>\n<\/td>\n<td width=\"48\">\n<p class=\"MsoNormal\" style=\"line-height: 170%;\">3.9<\/p>\n<\/td>\n<td width=\"46\">\n<p class=\"MsoNormal\" style=\"line-height: 170%;\">16.4<\/p>\n<\/td>\n<td width=\"51\">\n<p class=\"MsoNormal\" style=\"line-height: 170%;\">25.0<\/p>\n<\/td>\n<td width=\"49\">\n<p class=\"MsoNormal\" style=\"line-height: 170%;\">52.6<\/p>\n<\/td>\n<\/tr>\n<tr>\n<td width=\"303\">\n<p class=\"MsoNormal\" style=\"line-height: 170%;\">Razmjena iskustava nastavnika doprinosi razvoju kompetencija za primjenu medijskih tehnologija<\/p>\n<\/td>\n<td width=\"49\">\n<p class=\"MsoNormal\" style=\"line-height: 170%;\">4.38<\/p>\n<\/td>\n<td width=\"53\">\n<p class=\"MsoNormal\" style=\"line-height: 170%;\">0.75<\/p>\n<\/td>\n<td width=\"48\">\n<p class=\"MsoNormal\" style=\"line-height: 170%;\">\/<\/p>\n<\/td>\n<td width=\"48\">\n<p class=\"MsoNormal\" style=\"line-height: 170%;\">2.6<\/p>\n<\/td>\n<td width=\"46\">\n<p class=\"MsoNormal\" style=\"line-height: 170%;\">8.6<\/p>\n<\/td>\n<td width=\"51\">\n<p class=\"MsoNormal\" style=\"line-height: 170%;\">36.8<\/p>\n<\/td>\n<td width=\"49\">\n<p class=\"MsoNormal\" style=\"line-height: 170%;\">52.0<\/p>\n<\/td>\n<\/tr>\n<tr>\n<td width=\"303\">\n<p class=\"MsoNormal\" style=\"line-height: 170%;\">Upoznat\/a sam s internet <em>siteovima<\/em> korisnim za medijsko opismenjavanje nastavnika<\/p>\n<\/td>\n<td width=\"49\">\n<p class=\"MsoNormal\" style=\"line-height: 170%;\">3.87<\/p>\n<\/td>\n<td width=\"53\">\n<p class=\"MsoNormal\" style=\"line-height: 170%;\">0.98<\/p>\n<\/td>\n<td width=\"48\">\n<p class=\"MsoNormal\" style=\"line-height: 170%;\">2.0<\/p>\n<\/td>\n<td width=\"48\">\n<p class=\"MsoNormal\" style=\"line-height: 170%;\">9.2<\/p>\n<\/td>\n<td width=\"46\">\n<p class=\"MsoNormal\" style=\"line-height: 170%;\">15.8<\/p>\n<\/td>\n<td width=\"51\">\n<p class=\"MsoNormal\" style=\"line-height: 170%;\">45.4<\/p>\n<\/td>\n<td width=\"49\">\n<p class=\"MsoNormal\" style=\"line-height: 170%;\">27.6<\/p>\n<\/td>\n<\/tr>\n<tr>\n<td width=\"303\">\n<p class=\"MsoNormal\" style=\"line-height: 170%;\">Pratim blogove koje kreiraju nastavnici kako bih se medijski educirao\/la<\/p>\n<\/td>\n<td width=\"49\">\n<p class=\"MsoNormal\" style=\"line-height: 170%;\">3.31<\/p>\n<\/td>\n<td width=\"53\">\n<p class=\"MsoNormal\" style=\"line-height: 170%;\">1.10<\/p>\n<\/td>\n<td width=\"48\">\n<p class=\"MsoNormal\" style=\"line-height: 170%;\">6.6<\/p>\n<\/td>\n<td width=\"48\">\n<p class=\"MsoNormal\" style=\"line-height: 170%;\">16.4<\/p>\n<\/td>\n<td width=\"46\">\n<p class=\"MsoNormal\" style=\"line-height: 170%;\">28.9<\/p>\n<\/td>\n<td width=\"51\">\n<p class=\"MsoNormal\" style=\"line-height: 170%;\">34.9<\/p>\n<\/td>\n<td width=\"49\">\n<p class=\"MsoNormal\" style=\"line-height: 170%;\">13.2<\/p>\n<\/td>\n<\/tr>\n<tr>\n<td width=\"303\">\n<p class=\"MsoNormal\" style=\"line-height: 170%;\">Medijsko obrazovanje nastavnika razvija se \u010ditanjem stru\u010dne literature<\/p>\n<\/td>\n<td width=\"49\">\n<p class=\"MsoNormal\" style=\"line-height: 170%;\">3.65<\/p>\n<\/td>\n<td width=\"53\">\n<p class=\"MsoNormal\" style=\"line-height: 170%;\">1.03<\/p>\n<\/td>\n<td width=\"48\">\n<p class=\"MsoNormal\" style=\"line-height: 170%;\">2.0<\/p>\n<\/td>\n<td width=\"48\">\n<p class=\"MsoNormal\" style=\"line-height: 170%;\">11.8<\/p>\n<\/td>\n<td width=\"46\">\n<p class=\"MsoNormal\" style=\"line-height: 170%;\">28.3<\/p>\n<\/td>\n<td width=\"51\">\n<p class=\"MsoNormal\" style=\"line-height: 170%;\">34.2<\/p>\n<\/td>\n<td width=\"49\">\n<p class=\"MsoNormal\" style=\"line-height: 170%;\">23.7<\/p>\n<\/td>\n<\/tr>\n<tr>\n<td width=\"303\">\n<p class=\"MsoNormal\" style=\"line-height: 170%;\">Smatram da je potrebno vi\u0161e pa\u017enje posvetiti medijskom obrazovanju nastavnika<\/p>\n<\/td>\n<td width=\"49\">\n<p class=\"MsoNormal\" style=\"line-height: 170%;\">4.17<\/p>\n<\/td>\n<td width=\"53\">\n<p class=\"MsoNormal\" style=\"line-height: 170%;\">0.90<\/p>\n<\/td>\n<td width=\"48\">\n<p class=\"MsoNormal\" style=\"line-height: 170%;\">\/<\/p>\n<\/td>\n<td width=\"48\">\n<p class=\"MsoNormal\" style=\"line-height: 170%;\">4.6<\/p>\n<\/td>\n<td width=\"46\">\n<p class=\"MsoNormal\" style=\"line-height: 170%;\">19.7<\/p>\n<\/td>\n<td width=\"51\">\n<p class=\"MsoNormal\" style=\"line-height: 170%;\">29.6<\/p>\n<\/td>\n<td width=\"49\">\n<p class=\"MsoNormal\" style=\"line-height: 170%;\">46.1<\/p>\n<\/td>\n<\/tr>\n<tr>\n<td width=\"303\">\n<p class=\"MsoNormal\" style=\"line-height: 170%;\">Medijsko obrazovanje nastavnika doprinosi modernizaciji odgojno &#8211; obrazovnog procesa<\/p>\n<\/td>\n<td width=\"49\">\n<p class=\"MsoNormal\" style=\"line-height: 170%;\">4.38<\/p>\n<\/td>\n<td width=\"53\">\n<p class=\"MsoNormal\" style=\"line-height: 170%;\">0.77<\/p>\n<\/td>\n<td width=\"48\">\n<p class=\"MsoNormal\" style=\"line-height: 170%;\">\/<\/p>\n<\/td>\n<td width=\"48\">\n<p class=\"MsoNormal\" style=\"line-height: 170%;\">1.3<\/p>\n<\/td>\n<td width=\"46\">\n<p class=\"MsoNormal\" style=\"line-height: 170%;\">13.8<\/p>\n<\/td>\n<td width=\"51\">\n<p class=\"MsoNormal\" style=\"line-height: 170%;\">30.3<\/p>\n<\/td>\n<td width=\"49\">\n<p class=\"MsoNormal\" style=\"line-height: 170%;\">54.6<\/p>\n<\/td>\n<\/tr>\n<tr>\n<td width=\"303\">\n<p class=\"MsoNormal\" style=\"line-height: 170%;\">Nastavnike je potrebno detaljnije informirati o mogu\u0107nostima primjene medijskih sredstava u nastavi<\/p>\n<\/td>\n<td width=\"49\">\n<p class=\"MsoNormal\" style=\"line-height: 170%;\">4.36<\/p>\n<\/td>\n<td width=\"53\">\n<p class=\"MsoNormal\" style=\"line-height: 170%;\">0.78<\/p>\n<\/td>\n<td width=\"48\">\n<p class=\"MsoNormal\" style=\"line-height: 170%;\">\/<\/p>\n<\/td>\n<td width=\"48\">\n<p class=\"MsoNormal\" style=\"line-height: 170%;\">2.0<\/p>\n<\/td>\n<td width=\"46\">\n<p class=\"MsoNormal\" style=\"line-height: 170%;\">13.2<\/p>\n<\/td>\n<td width=\"51\">\n<p class=\"MsoNormal\" style=\"line-height: 170%;\">30.9<\/p>\n<\/td>\n<td width=\"49\">\n<p class=\"MsoNormal\" style=\"line-height: 170%;\">53.9<\/p>\n<\/td>\n<\/tr>\n<tr>\n<td width=\"303\">\n<p class=\"MsoNormal\" style=\"line-height: 170%;\">Posjetio\/l a bih radionice na temu medijske pismenosti nastavnika<\/p>\n<\/td>\n<td width=\"49\">\n<p class=\"MsoNormal\" style=\"line-height: 170%;\">4.31<\/p>\n<\/td>\n<td width=\"53\">\n<p class=\"MsoNormal\" style=\"line-height: 170%;\">0.90<\/p>\n<\/td>\n<td width=\"48\">\n<p class=\"MsoNormal\" style=\"line-height: 170%;\">\/<\/p>\n<\/td>\n<td width=\"48\">\n<p class=\"MsoNormal\" style=\"line-height: 170%;\">4.6<\/p>\n<\/td>\n<td width=\"46\">\n<p class=\"MsoNormal\" style=\"line-height: 170%;\">15.8<\/p>\n<\/td>\n<td width=\"51\">\n<p class=\"MsoNormal\" style=\"line-height: 170%;\">23.0<\/p>\n<\/td>\n<td width=\"49\">\n<p class=\"MsoNormal\" style=\"line-height: 170%;\">56.6<\/p>\n<\/td>\n<\/tr>\n<tr>\n<td width=\"303\">\n<p class=\"MsoNormal\" style=\"line-height: 170%;\">Rado bih se usavr\u0161io\/a u oblasti primjene medija u procesu planiranja odgojno &#8211; obrazovnog rada<\/p>\n<\/td>\n<td width=\"49\">\n<p class=\"MsoNormal\" style=\"line-height: 170%;\">4.30<\/p>\n<\/td>\n<td width=\"53\">\n<p class=\"MsoNormal\" style=\"line-height: 170%;\">0.91<\/p>\n<\/td>\n<td width=\"48\">\n<p class=\"MsoNormal\" style=\"line-height: 170%;\">\/<\/p>\n<\/td>\n<td width=\"48\">\n<p class=\"MsoNormal\" style=\"line-height: 170%;\">5.3<\/p>\n<\/td>\n<td width=\"46\">\n<p class=\"MsoNormal\" style=\"line-height: 170%;\">15.1<\/p>\n<\/td>\n<td width=\"51\">\n<p class=\"MsoNormal\" style=\"line-height: 170%;\">23.7<\/p>\n<\/td>\n<td width=\"49\">\n<p class=\"MsoNormal\" style=\"line-height: 170%;\">55.9<\/p>\n<\/td>\n<\/tr>\n<\/table>\n<\/div>\n<p class=\"MsoNormal\" style=\"line-height: 100%;\">&nbsp;<\/p>\n<p class=\"MsoNormal\" style=\"line-height: 170%;\">Na osnovu analize prosje\u010dnog odgovora u istra\u017eivanju je uo\u010dena tendencija kontradiktornosti u stavovima nastavnika. To\u010dnije, rezultati istra\u017eivanja pokazuju da s jedne strane ispitanici smatraju da je potrebno vi\u0161e pa\u017enje posvetiti medijskom obrazovanju nastavnika (M-4.17); da je nastavnike potrebno detaljnije informirati o mogu\u0107nostima primjene medijskih sredstava (M-4.36); da bi programi pripreme za nastavni\u010dki poziv trebali posvetiti vi\u0161e pa\u017enje kompetencijama za medijsko obrazovanje (M-4.08) i da medijsko obrazovanje doprinosi modernizaciji odgojno &#8211; obrazovnog procesa (M-4.38). S druge strane, rezultati istra\u017eivanja pokazuju da nastavnici u dovoljnoj mjeri ne prate novosti u oblasti informacijsko &#8211; komunikacijskih tehnologija (M-3.65); ne upoznaju se u\u010destalo sa internet <em>siteovima<\/em> korisnim za medijsko opismenjavanje (M-3.87); rijetko prate blogove koje kreiraju drugi nastavnici u cilju medijskog obrazovanja (M-3.31) i \u010ditaju stru\u010dnu literaturu koja mo\u017ee doprinesti njihovoj kompetentnosti za primjenu medija u nastavi (M-3.65). <\/p>\n<p class=\"MsoNormal\" style=\"line-height: 170%;\">Me\u0111utim, potrebno je napomenuti i da nastavnici koji su \u010dinili uzorak istra\u017eivanja pokazuju visok stupanj spremnosti za poha\u0111anje seminara (M-4.22) i radionica (M-4.31) o medijskim sredstvima; razmjenu iskustava sa kolegama o primjeni medija u nastavi (M-4.38) i usavr\u0161avanje u oblasti primjene medija u procesu planiranja odgojno &#8211; obrazovnog rada (M-4.30). <\/p>\n<p class=\"MsoNormal\" style=\"line-height: 170%;\">Na osnovi navedenih rezultata istra\u017eivanja mo\u017eemo zaklju\u010diti da tre\u0107a hipoteza istra\u017eivanja &bdquo;<em>Pretpostavlja se da je, prema mi\u0161ljenju nastavnika najkorisniji vid stjecanja kompetencija za medijsko obrazovanje poha\u0111anje seminara<\/em>&ldquo;nije potvr\u0111ena. Ispitanici koji su \u010dinili uzorak istra\u017eivanja istakli su da razmjena iskustava nastavnika doprinosi u najve\u0107em stupnju razvoju kompetencija za primjenu medijskih tehnologija (M-4.38).<\/p>\n<p class=\"MsoNormal\" style=\"line-height: 170%;\">U Tablici 5 prikazane su tvrdnje kod kojih je ustanovljena statisti\u010dki zna\u010dajna razlika u stavovima ispitanika na nivou p&gt;0.05, u odnosu na predmetno podru\u010dje. Pored prosje\u010dnog odgovora (M) i odstupanja od aritmeti\u010dke sredine (sd), za svaki <em>item<\/em> prikazan je broj stupnja slobode (df); nivo statisti\u010dke zna\u010dajnosti (p) i vrijednost t-testa.<\/p>\n<p class=\"MsoNormal\" style=\"line-height: 100%;\">&nbsp;<\/p>\n<p class=\"MsoNormal\" style=\"line-height: 170%;\"><em>Tablica 5. Statisti\u010dki zna\u010dajne razlike u stavovima nastavnika u odnosu na predmetno podru\u010dje<\/em><\/p>\n<p class=\"MsoNormal\" style=\"line-height: 70%;\">&nbsp;<\/p>\n<div align=\"left\">\n<table border=\"1\" cellspacing=\"0\" cellpadding=\"4\">\n<tr>\n<td width=\"229\">\n<p class=\"MsoNormal\" style=\"line-height: 170%;\">&nbsp;<\/p>\n<\/td>\n<td width=\"165\">\n<p class=\"MsoNormal\" style=\"line-height: 170%;\"><strong>Predmetno podru\u010dje<\/strong><\/p>\n<\/td>\n<td width=\"49\">\n<p class=\"MsoNormal\" style=\"line-height: 170%;\">M<\/p>\n<\/td>\n<td width=\"49\">\n<p class=\"MsoNormal\" style=\"line-height: 170%;\">sd<\/p>\n<\/td>\n<td width=\"50\">\n<p class=\"MsoNormal\" style=\"line-height: 170%;\">t<\/p>\n<\/td>\n<td width=\"41\">\n<p class=\"MsoNormal\" style=\"line-height: 170%;\">df<\/p>\n<\/td>\n<td width=\"50\">\n<p class=\"MsoNormal\" style=\"line-height: 170%;\">p<\/p>\n<\/td>\n<\/tr>\n<tr>\n<td width=\"229\" rowspan=\"2\">\n<p class=\"MsoNormal\" style=\"line-height: 170%;\">Kompetentan\/na sam za kori\u0161tenje programa Excel<\/p>\n<\/td>\n<td width=\"165\">\n<p class=\"MsoNormal\" style=\"line-height: 170%;\">Prirodne\/tehni\u010dke<\/p>\n<\/td>\n<td width=\"49\">\n<p class=\"MsoNormal\" style=\"line-height: 170%;\">3.98<\/p>\n<\/td>\n<td width=\"49\">\n<p class=\"MsoNormal\" style=\"line-height: 170%;\">1.21<\/p>\n<\/td>\n<td width=\"50\" rowspan=\"2\">\n<p class=\"MsoNormal\" style=\"line-height: 170%;\">2.02<\/p>\n<\/td>\n<td width=\"41\" rowspan=\"2\">\n<p class=\"MsoNormal\" style=\"line-height: 170%;\">150<\/p>\n<\/td>\n<td width=\"50\" rowspan=\"2\">\n<p class=\"MsoNormal\" style=\"line-height: 170%;\">0.04<\/p>\n<\/td>\n<\/tr>\n<tr>\n<td width=\"165\">\n<p class=\"MsoNormal\" style=\"line-height: 170%;\">Dru\u0161tveno &#8211; humanisti\u010dke<\/p>\n<\/td>\n<td width=\"49\">\n<p class=\"MsoNormal\" style=\"line-height: 170%;\">3.61<\/p>\n<\/td>\n<td width=\"49\">\n<p class=\"MsoNormal\" style=\"line-height: 170%;\">1.05<\/p>\n<\/td>\n<\/tr>\n<tr>\n<td width=\"229\" rowspan=\"2\">\n<p class=\"MsoNormal\" style=\"line-height: 170%;\">Pratim novine iz oblasti informacijsko &#8211; komunikacijskih tehnologija<\/p>\n<\/td>\n<td width=\"165\">\n<p class=\"MsoNormal\" style=\"line-height: 170%;\">Prirodne\/tehni\u010dke<\/p>\n<\/td>\n<td width=\"49\">\n<p class=\"MsoNormal\" style=\"line-height: 170%;\">3.89<\/p>\n<\/td>\n<td width=\"49\">\n<p class=\"MsoNormal\" style=\"line-height: 170%;\">1.08<\/p>\n<\/td>\n<td width=\"50\" rowspan=\"2\">\n<p class=\"MsoNormal\" style=\"line-height: 170%;\">2.44<\/p>\n<\/td>\n<td width=\"41\" rowspan=\"2\">\n<p class=\"MsoNormal\" style=\"line-height: 170%;\">150<\/p>\n<\/td>\n<td width=\"50\" rowspan=\"2\">\n<p class=\"MsoNormal\" style=\"line-height: 170%;\">0.01<\/p>\n<\/td>\n<\/tr>\n<tr>\n<td width=\"165\">\n<p class=\"MsoNormal\" style=\"line-height: 170%;\">Dru\u0161tveno &#8211; humanisti\u010dke<\/p>\n<\/td>\n<td width=\"49\">\n<p class=\"MsoNormal\" style=\"line-height: 170%;\">3.45<\/p>\n<\/td>\n<td width=\"49\">\n<p class=\"MsoNormal\" style=\"line-height: 170%;\">1.09<\/p>\n<\/td>\n<\/tr>\n<tr>\n<td width=\"229\" rowspan=\"2\">\n<p class=\"MsoNormal\" style=\"line-height: 170%;\">Medijsko obrazovanje nastavnika razvija se \u010ditanjem stru\u010dne literature<\/p>\n<\/td>\n<td width=\"165\">\n<p class=\"MsoNormal\" style=\"line-height: 170%;\">Prirodne\/tehni\u010dke<\/p>\n<\/td>\n<td width=\"49\">\n<p class=\"MsoNormal\" style=\"line-height: 170%;\">3.88<\/p>\n<\/td>\n<td width=\"49\">\n<p class=\"MsoNormal\" style=\"line-height: 170%;\">0.89<\/p>\n<\/td>\n<td width=\"50\" rowspan=\"2\">\n<p class=\"MsoNormal\" style=\"line-height: 170%;\">2.40<\/p>\n<\/td>\n<td width=\"41\" rowspan=\"2\">\n<p class=\"MsoNormal\" style=\"line-height: 170%;\">150<\/p>\n<\/td>\n<td width=\"50\" rowspan=\"2\">\n<p class=\"MsoNormal\" style=\"line-height: 170%;\">0.01<\/p>\n<\/td>\n<\/tr>\n<tr>\n<td width=\"165\">\n<p class=\"MsoNormal\" style=\"line-height: 170%;\">Dru\u0161tveno &#8211; humanisti\u010dke<\/p>\n<\/td>\n<td width=\"49\">\n<p class=\"MsoNormal\" style=\"line-height: 170%;\">3.48<\/p>\n<\/td>\n<td width=\"49\">\n<p class=\"MsoNormal\" style=\"line-height: 170%;\">1.09<\/p>\n<\/td>\n<\/tr>\n<\/table>\n<\/div>\n<p class=\"MsoNormal\" style=\"line-height: 100%;\">&nbsp;<\/p>\n<p class=\"MsoNormal\" style=\"line-height: 170%;\">Na osnovi rezultata istra\u017eivanja prikazanih u Tablici 5 mo\u017eemo uo\u010diti da ispitanici koji pripadaju kategoriji nastavnika prirodno\/tehni\u010dkih znanosti pozitivnije procjenjuju vlastite kompetencije za kori\u0161tenje programa Excel (M-3.98), u odnosu na nastavnike dru\u0161tveno &#8211; humanisti\u010dkih znanosti (M-3.61), kao i da u\u010destalije prate novosti iz oblasti informacijsko &#8211; komunikacijskih tehnologija (M-3.89) u odnosu na nastavnike dru\u0161tveno &#8211; humanisti\u010dkih znanosti (M-3.45). Tako\u0111er, \u010ditanje stru\u010dne literature kao vid medijskog obrazovanja do\u017eivljava se efikasnijim kod nastavnika prirodno\/tehni\u010dkih (M-3.88), nego dru\u0161tveno \u2013 humanisti\u010dkih znanosti (M-3.48). Dobivene rezultate istra\u017eivanja moramo promatrati u kontekstu samog znanstvenog podru\u010dja. To\u010dnije, nastavnici prirodnih i tehni\u010dkih znanosti ve\u0107 u toku studija stje\u010du bazi\u010dne kompetencije i znanja u oblasti informatike, ra\u010dunarstva i medija te je samim tim rezultat koji implicira njihove pozitivnije stavove prema ispitivanoj tematici sasvim opravdan i logi\u010dan.<\/p>\n<p class=\"MsoNormal\" style=\"line-height: 170%;\">U Tablici 6 prikazane su tvrdnje kod kojih je ustanovljena statisti\u010dki zna\u010dajna razlika u stavovima ispitanika na nivou p&gt;0.05, u odnosu na godine starosti. Pored prosje\u010dnog odgovora (M) i odstupanja od aritmeti\u010dke sredine (sd), za svaki <em>item<\/em> prikazan je broj stupnja slobode (df); nivo statisti\u010dke zna\u010dajnosti (p) i vrijednost t-testa.<\/p>\n<p class=\"MsoNormal\" style=\"line-height: 100%;\">&nbsp;<\/p>\n<p class=\"MsoNormal\" style=\"line-height: 170%;\"><em>Tablica 6. Statisti\u010dki zna\u010dajne razlike u stavovima nastavnika u odnosu na godine starosti<\/em><\/p>\n<p class=\"MsoNormal\" style=\"line-height: 70%;\">&nbsp;<\/p>\n<div align=\"left\">\n<table border=\"1\" cellspacing=\"0\" cellpadding=\"4\">\n<tr>\n<td width=\"320\">\n<p class=\"MsoNormal\" style=\"line-height: 170%;\">&nbsp;<\/p>\n<\/td>\n<td width=\"94\">\n<p align=\"center\"><strong>Godine starosti<\/strong><\/p>\n<\/td>\n<td width=\"49\">\n<p align=\"center\">M<\/p>\n<\/td>\n<td width=\"48\">\n<p align=\"center\">sd<\/p>\n<\/td>\n<td width=\"42\">\n<p align=\"center\">t<\/p>\n<\/td>\n<td width=\"38\">\n<p align=\"center\">df<\/p>\n<\/td>\n<td width=\"50\">\n<p align=\"center\">p<\/p>\n<\/td>\n<\/tr>\n<tr>\n<td width=\"320\" rowspan=\"2\">\n<p class=\"MsoNormal\" style=\"line-height: 170%;\">Kompetentan\/na sam za kori\u0161tenje ra\u010dunara u radu sa u\u010denicima<\/p>\n<\/td>\n<td width=\"94\">\n<p align=\"center\">Do 35<\/p>\n<\/td>\n<td width=\"49\">\n<p align=\"center\">4.82<\/p>\n<\/td>\n<td width=\"48\">\n<p align=\"center\">0.47<\/p>\n<\/td>\n<td width=\"42\" rowspan=\"2\">\n<p align=\"center\">2.72<\/p>\n<\/td>\n<td width=\"38\" rowspan=\"2\">\n<p align=\"center\">150<\/p>\n<\/td>\n<td width=\"50\" rowspan=\"2\">\n<p align=\"center\">0.00<\/p>\n<\/td>\n<\/tr>\n<tr>\n<td width=\"94\">\n<p align=\"center\">Vi\u0161e od 35<\/p>\n<\/td>\n<td width=\"49\">\n<p align=\"center\">4.35<\/p>\n<\/td>\n<td width=\"48\">\n<p align=\"center\">0.87<\/p>\n<\/td>\n<\/tr>\n<tr>\n<td width=\"320\" rowspan=\"2\">\n<p class=\"MsoNormal\" style=\"line-height: 170%;\">Kompetentan\/na sam za kori\u0161tenje Power point prezentacija u radu sa u\u010denicima<\/p>\n<\/td>\n<td width=\"94\">\n<p align=\"center\">Do 35<\/p>\n<\/td>\n<td width=\"49\">\n<p align=\"center\">4.60<\/p>\n<\/td>\n<td width=\"48\">\n<p align=\"center\">0.68<\/p>\n<\/td>\n<td width=\"42\" rowspan=\"2\">\n<p align=\"center\">1.78<\/p>\n<\/td>\n<td width=\"38\" rowspan=\"2\">\n<p align=\"center\">150<\/p>\n<\/td>\n<td width=\"50\" rowspan=\"2\">\n<p align=\"center\">0.02<\/p>\n<\/td>\n<\/tr>\n<tr>\n<td width=\"94\">\n<p align=\"center\">Vi\u0161e od 35<\/p>\n<\/td>\n<td width=\"49\">\n<p align=\"center\">4.24<\/p>\n<\/td>\n<td width=\"48\">\n<p align=\"center\">1.03<\/p>\n<\/td>\n<\/tr>\n<tr>\n<td width=\"320\" rowspan=\"2\">\n<p class=\"MsoNormal\" style=\"line-height: 170%;\">Kompetentan\/na sam za kori\u0161tenje medijskih ure\u0111aja (fotoaparat, kamera, radio, televizija i sli\u010dno)<\/p>\n<\/td>\n<td width=\"94\">\n<p align=\"center\">Do 35<\/p>\n<\/td>\n<td width=\"49\">\n<p align=\"center\">4.64<\/p>\n<\/td>\n<td width=\"48\">\n<p align=\"center\">0.55<\/p>\n<\/td>\n<td width=\"42\" rowspan=\"2\">\n<p align=\"center\">1.43<\/p>\n<\/td>\n<td width=\"38\" rowspan=\"2\">\n<p align=\"center\">150<\/p>\n<\/td>\n<td width=\"50\" rowspan=\"2\">\n<p align=\"center\">0.05<\/p>\n<\/td>\n<\/tr>\n<tr>\n<td width=\"94\">\n<p align=\"center\">Vi\u0161e od 35<\/p>\n<\/td>\n<td width=\"49\">\n<p align=\"center\">4.37<\/p>\n<\/td>\n<td width=\"48\">\n<p class=\"MsoNormal\" style=\"line-height: 170%;\">0.93<\/p>\n<\/td>\n<\/tr>\n<\/table>\n<\/div>\n<p class=\"MsoNormal\" style=\"line-height: 100%;\">&nbsp;<\/p>\n<p class=\"MsoNormal\" style=\"line-height: 170%;\">Na osnovi analize prosje\u010dnog odgovora (M) mo\u017eemo uo\u010diti da su svi nastavnici, nezavisno od pripadnosti mla\u0111oj (do 35 godina) ili starijoj kategoriji (vi\u0161e od 35 godina) ispitanika koji su \u010dinili uzorak istra\u017eivanja pozitivno procijenili vlastite kompetencije za kori\u0161tenje ra\u010dunara, Power point prezentacija i medijskih ure\u0111aja kao \u0161to su fotoaparat, kamera, radio i televizija. Spomenuti zaklju\u010dak potkrepljuje \u010dinjenica da su njihovi odgovori koncentrirani oko broja 4 koji na petero &#8211; stupanjskoj skali procjene KNMO ozna\u010dava stav djelomi\u010dno sam suglasan \/ na. Me\u0111utim, mla\u0111a kategorija ispitanika starosti do 35 godina je dosljedno pozitivnije procjenjivala vlastite kompetencije za upotrebu spomenutih medijskih sredstava (M-4.82; M-4.60 i M-4.64) u odnosu na kategoriju ispitanih nastavnika sa vi\u0161e od 35 godina starosti (M-4.35; M-4.24 i M-4.37). U svjetlu ubrzanog tehnolo\u0161kog razvoja i neminovnosti medijske pismenosti koja zauzima primat nad op\u0107om pismeno\u0161\u0107u mla\u0111ih generacija, rezultati istra\u017eivanja nam se \u010dine opravdanima i u skladu s tendencijama koje u samom dru\u0161tvu nastupaju, a podrazumijevaju sve ve\u0107i zna\u010daj ranog tehnolo\u0161kog opismenjavanja. <\/p>\n<p class=\"MsoNormal\" style=\"line-height: 170%;\">U Tablici 7 prikazane su tvrdnje kod kojih je ustanovljena statisti\u010dki zna\u010dajna razlika u stavovima ispitanika na nivou p&gt;0.05 o kompetencijama za medijsko obrazovanje, u odnosu na godine starosti. Pored prosje\u010dnog odgovora (M) i odstupanja od aritmeti\u010dke sredine (sd), za svaki <em>item<\/em> prikazan je broj stupnja slobode (df); nivo statisti\u010dke zna\u010dajnosti (p) i vrijednost F-testa.<\/p>\n<p class=\"MsoNormal\" style=\"line-height: 100%;\">&nbsp;<\/p>\n<p class=\"MsoNormal\" style=\"line-height: 170%;\"><em>Tablica 7. Statisti\u010dki zna\u010dajne razlike u stavovima nastavnika o kompetencijama za medijsko obrazovanje u odnosu na godine radnog sta\u017ea<\/em><\/p>\n<p class=\"MsoNormal\" style=\"line-height: 70%;\">&nbsp;<\/p>\n<div align=\"left\">\n<table border=\"1\" cellspacing=\"0\" cellpadding=\"4\">\n<tr>\n<td width=\"290\">\n<p align=\"center\"><strong>KOMPETENCIJE<\/strong><\/p>\n<\/td>\n<td width=\"104\">\n<p align=\"center\"><strong>Godine radnog sta\u017ea<\/strong><\/p>\n<\/td>\n<td width=\"58\">\n<p align=\"center\">M<\/p>\n<\/td>\n<td width=\"64\">\n<p align=\"center\">sd<\/p>\n<\/td>\n<td width=\"47\">\n<p align=\"center\">F<\/p>\n<\/td>\n<td width=\"36\">\n<p align=\"center\">df<\/p>\n<\/td>\n<td width=\"50\">\n<p align=\"center\">p<\/p>\n<\/td>\n<\/tr>\n<tr>\n<td width=\"290\" rowspan=\"3\">\n<p class=\"MsoNormal\" style=\"line-height: 170%;\">Kompetentan\/na sam za kori\u0161tenje ra\u010dunara u radu s u\u010denicima<\/p>\n<\/td>\n<td width=\"104\">\n<p align=\"center\">Do 10<\/p>\n<\/td>\n<td width=\"58\">\n<p align=\"center\">4,88<\/p>\n<\/td>\n<td width=\"64\">\n<p align=\"center\">0,52<\/p>\n<\/td>\n<td width=\"47\" rowspan=\"3\">\n<p align=\"center\">14.1<\/p>\n<\/td>\n<td width=\"36\" rowspan=\"3\">\n<p align=\"center\">2<\/p>\n<\/td>\n<td width=\"50\" rowspan=\"3\">\n<p align=\"center\">0.00<\/p>\n<\/td>\n<\/tr>\n<tr>\n<td width=\"104\">\n<p align=\"center\">10 &#8211; 20<\/p>\n<\/td>\n<td width=\"58\">\n<p align=\"center\">4,53<\/p>\n<\/td>\n<td width=\"64\">\n<p align=\"center\">0,70<\/p>\n<\/td>\n<\/tr>\n<tr>\n<td width=\"104\">\n<p align=\"center\">Vi\u0161e od 20<\/p>\n<\/td>\n<td width=\"58\">\n<p align=\"center\">4,01<\/p>\n<\/td>\n<td width=\"64\">\n<p align=\"center\">0,95<\/p>\n<\/td>\n<\/tr>\n<tr>\n<td width=\"290\" rowspan=\"3\">\n<p class=\"MsoNormal\" style=\"line-height: 170%;\">Kompetentan\/na sam za kori\u0161tenje obrazovnih softvera u radu sa u\u010denicima<\/p>\n<\/td>\n<td width=\"104\">\n<p align=\"center\">Do 10<\/p>\n<\/td>\n<td width=\"58\">\n<p align=\"center\">4,28<\/p>\n<\/td>\n<td width=\"64\">\n<p align=\"center\">0,75<\/p>\n<\/td>\n<td width=\"47\" rowspan=\"3\">\n<p align=\"center\">4.27<\/p>\n<\/td>\n<td width=\"36\" rowspan=\"3\">\n<p align=\"center\">2<\/p>\n<\/td>\n<td width=\"50\" rowspan=\"3\">\n<p align=\"center\">0.01<\/p>\n<\/td>\n<\/tr>\n<tr>\n<td width=\"104\">\n<p align=\"center\">10 &#8211; 20<\/p>\n<\/td>\n<td width=\"58\">\n<p align=\"center\">3,89<\/p>\n<\/td>\n<td width=\"64\">\n<p align=\"center\">1,11<\/p>\n<\/td>\n<\/tr>\n<tr>\n<td width=\"104\">\n<p align=\"center\">Vi\u0161e od 20<\/p>\n<\/td>\n<td width=\"58\">\n<p align=\"center\">3,61<\/p>\n<\/td>\n<td width=\"64\">\n<p align=\"center\">1,12<\/p>\n<\/td>\n<\/tr>\n<tr>\n<td width=\"290\" rowspan=\"3\">\n<p class=\"MsoNormal\" style=\"line-height: 170%;\">Kompetentan\/na sam za kori\u0161tenje Power point prezentacija u radu sa u\u010denicima<\/p>\n<\/td>\n<td width=\"104\">\n<p align=\"center\">Do 10<\/p>\n<\/td>\n<td width=\"58\">\n<p align=\"center\">4,71<\/p>\n<\/td>\n<td width=\"64\">\n<p align=\"center\">0,62<\/p>\n<\/td>\n<td width=\"47\" rowspan=\"3\">\n<p align=\"center\">7.32<\/p>\n<\/td>\n<td width=\"36\" rowspan=\"3\">\n<p align=\"center\">2<\/p>\n<\/td>\n<td width=\"50\" rowspan=\"3\">\n<p align=\"center\">0.00<\/p>\n<\/td>\n<\/tr>\n<tr>\n<td width=\"104\">\n<p align=\"center\">10 &#8211; 20<\/p>\n<\/td>\n<td width=\"58\">\n<p align=\"center\">4,38<\/p>\n<\/td>\n<td width=\"64\">\n<p align=\"center\">1,02<\/p>\n<\/td>\n<\/tr>\n<tr>\n<td width=\"104\">\n<p align=\"center\">Vi\u0161e od 20<\/p>\n<\/td>\n<td width=\"58\">\n<p align=\"center\">3,94<\/p>\n<\/td>\n<td width=\"64\">\n<p align=\"center\">1,01<\/p>\n<\/td>\n<\/tr>\n<tr>\n<td width=\"290\" rowspan=\"3\">\n<p class=\"MsoNormal\" style=\"line-height: 170%;\">Kompetentan\/na sam za kori\u0161tenje medijskih ure\u0111aja (fotoaparat, kamera, radio, televizija i sl.)<\/p>\n<\/td>\n<td width=\"104\">\n<p align=\"center\">Do 10<\/p>\n<\/td>\n<td width=\"58\">\n<p align=\"center\">4,68<\/p>\n<\/td>\n<td width=\"64\">\n<p align=\"center\">0,58<\/p>\n<\/td>\n<td width=\"47\" rowspan=\"3\">\n<p align=\"center\">8.60<\/p>\n<\/td>\n<td width=\"36\" rowspan=\"3\">\n<p align=\"center\">2<\/p>\n<\/td>\n<td width=\"50\" rowspan=\"3\">\n<p align=\"center\">0.00<\/p>\n<\/td>\n<\/tr>\n<tr>\n<td width=\"104\">\n<p align=\"center\">10 &#8211; 20<\/p>\n<\/td>\n<td width=\"58\">\n<p align=\"center\">4,60<\/p>\n<\/td>\n<td width=\"64\">\n<p align=\"center\">0,63<\/p>\n<\/td>\n<\/tr>\n<tr>\n<td width=\"104\">\n<p align=\"center\">Vi\u0161e od 20<\/p>\n<\/td>\n<td width=\"58\">\n<p align=\"center\">4,03<\/p>\n<\/td>\n<td width=\"64\">\n<p align=\"center\">1,15<\/p>\n<\/td>\n<\/tr>\n<tr>\n<td width=\"290\" rowspan=\"3\">\n<p class=\"MsoNormal\" style=\"line-height: 170%;\">Kompetentan\/na sam za kori\u0161tenje internet <em>siteova<\/em> u radu sa u\u010denicima<\/p>\n<\/td>\n<td width=\"104\">\n<p align=\"center\">Do 10<\/p>\n<\/td>\n<td width=\"58\">\n<p align=\"center\">4,77<\/p>\n<\/td>\n<td width=\"64\">\n<p align=\"center\">0,42<\/p>\n<\/td>\n<td width=\"47\" rowspan=\"3\">\n<p align=\"center\">5.81<\/p>\n<\/td>\n<td width=\"36\" rowspan=\"3\">\n<p align=\"center\">2<\/p>\n<\/td>\n<td width=\"50\" rowspan=\"3\">\n<p align=\"center\">0.00<\/p>\n<\/td>\n<\/tr>\n<tr>\n<td width=\"104\">\n<p align=\"center\">10 &#8211; 20<\/p>\n<\/td>\n<td width=\"58\">\n<p align=\"center\">4,53<\/p>\n<\/td>\n<td width=\"64\">\n<p align=\"center\">0,79<\/p>\n<\/td>\n<\/tr>\n<tr>\n<td width=\"104\">\n<p align=\"center\">Vi\u0161e od 20<\/p>\n<\/td>\n<td width=\"58\">\n<p align=\"center\">4,21<\/p>\n<\/td>\n<td width=\"64\">\n<p align=\"center\">0,91<\/p>\n<\/td>\n<\/tr>\n<tr>\n<td width=\"290\" rowspan=\"3\">\n<p class=\"MsoNormal\" style=\"line-height: 170%;\">Kompetentan\/na sam za kori\u0161tenje programa Word<\/p>\n<\/td>\n<td width=\"104\">\n<p align=\"center\">Do 10<\/p>\n<\/td>\n<td width=\"58\">\n<p align=\"center\">4,88<\/p>\n<\/td>\n<td width=\"64\">\n<p align=\"center\">0,40<\/p>\n<\/td>\n<td width=\"47\" rowspan=\"3\">\n<p align=\"center\">4.37<\/p>\n<\/td>\n<td width=\"36\" rowspan=\"3\">\n<p align=\"center\">2<\/p>\n<\/td>\n<td width=\"50\" rowspan=\"3\">\n<p align=\"center\">0.01<\/p>\n<\/td>\n<\/tr>\n<tr>\n<td width=\"104\">\n<p align=\"center\">10 &#8211; 20<\/p>\n<\/td>\n<td width=\"58\">\n<p align=\"center\">4,64<\/p>\n<\/td>\n<td width=\"64\">\n<p align=\"center\">0,73<\/p>\n<\/td>\n<\/tr>\n<tr>\n<td width=\"104\">\n<p align=\"center\">Vi\u0161e od 20<\/p>\n<\/td>\n<td width=\"58\">\n<p align=\"center\">4,42<\/p>\n<\/td>\n<td width=\"64\">\n<p align=\"center\">0,84<\/p>\n<\/td>\n<\/tr>\n<tr>\n<td width=\"290\" rowspan=\"3\">\n<p class=\"MsoNormal\" style=\"line-height: 170%;\">Kompetentan\/na sam za kori\u0161tenje e &#8211; maila<\/p>\n<\/td>\n<td width=\"104\">\n<p align=\"center\">Do 10<\/p>\n<\/td>\n<td width=\"58\">\n<p align=\"center\">4,97<\/p>\n<\/td>\n<td width=\"64\">\n<p align=\"center\">0,16<\/p>\n<\/td>\n<td width=\"47\" rowspan=\"3\">\n<p align=\"center\">4.36<\/p>\n<\/td>\n<td width=\"36\" rowspan=\"3\">\n<p align=\"center\">2<\/p>\n<\/td>\n<td width=\"50\" rowspan=\"3\">\n<p align=\"center\">0.01<\/p>\n<\/td>\n<\/tr>\n<tr>\n<td width=\"104\">\n<p align=\"center\">10 &#8211; 20<\/p>\n<\/td>\n<td width=\"58\">\n<p align=\"center\">4,67<\/p>\n<\/td>\n<td width=\"64\">\n<p align=\"center\">0,64<\/p>\n<\/td>\n<\/tr>\n<tr>\n<td width=\"104\">\n<p align=\"center\">Vi\u0161e od 20<\/p>\n<\/td>\n<td width=\"58\">\n<p align=\"center\">4,61<\/p>\n<\/td>\n<td width=\"64\">\n<p align=\"center\">0,66<\/p>\n<\/td>\n<\/tr>\n<tr>\n<td width=\"290\" rowspan=\"3\">\n<p class=\"MsoNormal\" style=\"line-height: 170%;\">Kompetentan\/na sam za pisanje bloga o vlastitom odgojno &#8211; obrazovnom radu<\/p>\n<\/td>\n<td width=\"104\">\n<p align=\"center\">Do 10<\/p>\n<\/td>\n<td width=\"58\">\n<p align=\"center\">3,57<\/p>\n<\/td>\n<td width=\"64\">\n<p align=\"center\">1,00<\/p>\n<\/td>\n<td width=\"47\" rowspan=\"3\">\n<p align=\"center\">4.20<\/p>\n<\/td>\n<td width=\"36\" rowspan=\"3\">\n<p align=\"center\">2<\/p>\n<\/td>\n<td width=\"50\" rowspan=\"3\">\n<p align=\"center\">0.01<\/p>\n<\/td>\n<\/tr>\n<tr>\n<td width=\"104\">\n<p align=\"center\">10 &#8211; 20<\/p>\n<\/td>\n<td width=\"58\">\n<p align=\"center\">3,81<\/p>\n<\/td>\n<td width=\"64\">\n<p align=\"center\">1,02<\/p>\n<\/td>\n<\/tr>\n<tr>\n<td width=\"104\">\n<p align=\"center\">Vi\u0161e od 20<\/p>\n<\/td>\n<td width=\"58\">\n<p align=\"center\">3,21<\/p>\n<\/td>\n<td width=\"64\">\n<p align=\"center\">1,28<\/p>\n<\/td>\n<\/tr>\n<tr>\n<td width=\"290\" rowspan=\"3\">\n<p class=\"MsoNormal\" style=\"line-height: 170%;\">Smatram se medijski kompetentnom osobom<\/p>\n<\/td>\n<td width=\"104\">\n<p align=\"center\">Do 10<\/p>\n<\/td>\n<td width=\"58\">\n<p align=\"center\">4,34<\/p>\n<\/td>\n<td width=\"64\">\n<p align=\"center\">0,63<\/p>\n<\/td>\n<td width=\"47\" rowspan=\"3\">\n<p align=\"center\">7.48<\/p>\n<\/td>\n<td width=\"36\" rowspan=\"3\">\n<p align=\"center\">2<\/p>\n<\/td>\n<td width=\"50\" rowspan=\"3\">\n<p align=\"center\">0.00<\/p>\n<\/td>\n<\/tr>\n<tr>\n<td width=\"104\">\n<p align=\"center\">10 &#8211; 20<\/p>\n<\/td>\n<td width=\"58\">\n<p align=\"center\">4,18<\/p>\n<\/td>\n<td width=\"64\">\n<p align=\"center\">0,88<\/p>\n<\/td>\n<\/tr>\n<tr>\n<td width=\"104\">\n<p align=\"center\">Vi\u0161e od 20<\/p>\n<\/td>\n<td width=\"58\">\n<p align=\"center\">3,67<\/p>\n<\/td>\n<td width=\"64\">\n<p align=\"center\">1,00<\/p>\n<\/td>\n<\/tr>\n<\/table>\n<\/div>\n<p class=\"MsoNormal\" style=\"line-height: 100%;\">&nbsp;<\/p>\n<p class=\"MsoNormal\" style=\"line-height: 170%;\">Na osnovi rezultata istra\u017eivanja prikazanih u Tablici 7 i analize prosje\u010dnog odgovora, mo\u017eemo uo\u010diti tendenciju da se s porastom godina radnog sta\u017ea nastavnika smanjuje stupanj pozitivnog procjenjivanja vlastitih kompetencija za upotrebu medijskih sredstava. To\u010dnije, nastavnici s najkra\u0107im radnim sta\u017eem (do 10 godina) dosljedno su iskazivali najvi\u0161i stupanj suglasnosti s tvrdnjama koje ukazuju na kompetentnost za upotrebu ra\u010dunara (M-4.48); obrazovnih softvera (M-4.28); Power point prezentacija (M-4.71); medijskih ure\u0111aja kao \u0161to su fotoaparat, kamera, radio i televizija (M-4.68); internet <em>siteova<\/em> (M-.77); programa Word (M-4.88) i e &#8211; maila (M-4.97). <\/p>\n<p class=\"MsoNormal\" style=\"line-height: 170%;\">Neodlu\u010dnost i ne\u0161to ni\u017ei stupanj djelomi\u010dne suglasnosti u rasponu od M-3.89 pri procjeni kompetencija za upotrebu obrazovnih softvera (M-4.38 pri procjeni kompetencija za upotrebu Power point prezentacija; M-4.53 pri procjeni kompetencija za upotrebu ra\u010dunara i internet <em>siteova<\/em>; M-4.60 pri procjeni kompetencija za upotrebu medijskih ure\u0111aja kao \u0161to su fotoaparat, kamera, radio i televizija; M-4.64 pri procjeni kompetencija za upotrebu programa Word) do prosje\u010dnog odgovora M-4.67 pri procjeni kompetencija za upotrebu e-maila, iskazali su nastavnici sa radnim sta\u017eem od 10 do 20 godina. Za razliku od spomenutih kategorija, nastavnici sa radnim sta\u017eem du\u017eim od 20 godina pri vrednovanju tvrdnji koje se odnose na kompetentnost za upotrebu medijskih sredstava iskazali su stavove koji se mogu tuma\u010diti na granici izme\u0111u neodlu\u010dnosti i niskog stupnja djelomi\u010dne suglasnosti (od M-3.21 pri vrednovanju kompetencija za pisanje blogova o odgojno &#8211; obrazovnom radu do M-4.61 pri vrednovanju kompetencija za upotrebu obrazovnih softvera i ra\u010dunara). Izuzetak od navedenog pravila je uo\u010den kod tvrdnje <em>Kompetentan sam za pisanje bloga o vlastitom odgojno &#8211; obrazovnom radu <\/em>pri \u010dijem vrednovanju su vi\u0161i stepen suglasnosti iskazali nastavnici sa radnim sta\u017eem od 10 do 20 godina (M-3.81), u odnosu na ispitanike sa radnim sta\u017eem do 10 godina (M-3.57). <\/p>\n<p class=\"MsoNormal\" style=\"line-height: 170%;\">U skladu s navedenim su i rezultati istra\u017eivanja koji pokazuju da nastavnici s najkra\u0107im radnim sta\u017eem (do 10 godina) sebe smatraju medijski najkompetentnijima (M-4.34), potom slijede i nastavnici sa radnim sta\u017eem od 10 do 20 godina koji su tako\u0111er pozitivno procijenili vlastite medijske kompetencije (M-4.18). Za razliku od njih, nastavnici sa najdu\u017eim radnim sta\u017eem iskazali su neodlu\u010dnost pri vrednovanju tvrdnje <em>Smatram se medijski kompetentnom osobom<\/em> (M-3.67). <\/p>\n<p class=\"MsoNormal\" style=\"line-height: 170%;\">Dobivene rezultate istra\u017eivanja koji ukazuju na pozitivnije percepcije vlastitih medijskih kompetencija u kategoriji ispitanika sa kra\u0107im radnim sta\u017eem (do 10 i od 10 do 20 godina) u odnosu na nastavnike sa radnim sta\u017eem du\u017eim od 20 godina mo\u017eemo objasniti ukoliko uzmemo u obzir i kontekst upotrebe medijskih sredstava u osobne svrhe. Dakle, pretpostavljamo da nedostatak iskustava nastavnika koji du\u017ee obavljaju nastavni\u010dki poziv i imali su prilike da rade u tradicionalnom odgojno &#8211; obrazovnom sistemu koji je od nastavnih sredstava podrazumijevao upotrebu isklju\u010divo plo\u010de i krede, uvjetuje njihovu neodlu\u010dnost i nesigurnost pri procjeni vlastitih medijskih kompetencija. <\/p>\n<p class=\"MsoNormal\" style=\"line-height: 170%;\">U Tablici 8 prikazane su tvrdnje kod kojih je ustanovljena statisti\u010dki zna\u010dajna razlika u stavovima ispitanika na nivou p&gt;0.05 o svrsi upotrebe medija, u odnosu na godine starosti. Pored prosje\u010dnog odgovora (M) i odstupanja od aritmeti\u010dke sredine (sd), za svaki <em>item<\/em> prikazan je broj stupnja slobode (df); nivo statisti\u010dke zna\u010dajnosti (p) i vrijednost F-testa.<\/p>\n<p class=\"MsoNormal\" style=\"line-height: 100%;\">&nbsp;<\/p>\n<p class=\"MsoNormal\" style=\"line-height: 170%;\"><em>Tablica 8. Statisti\u010dki zna\u010dajne razlike u stavovima nastavnika o svrsi upotrebe medija u odnosu na godine radnog sta\u017ea<\/em><\/p>\n<p class=\"MsoNormal\" style=\"line-height: 70%;\">&nbsp;<\/p>\n<div align=\"left\">\n<table border=\"1\" cellspacing=\"0\" cellpadding=\"4\">\n<tr>\n<td width=\"306\">\n<p align=\"center\"><strong>SVRHA<\/strong><\/p>\n<\/td>\n<td width=\"105\">\n<p align=\"center\"><strong>Godine radnog sta\u017ea<\/strong><\/p>\n<\/td>\n<td width=\"50\">\n<p align=\"center\">M<\/p>\n<\/td>\n<td width=\"50\">\n<p align=\"center\">sd<\/p>\n<\/td>\n<td width=\"47\">\n<p align=\"center\">F<\/p>\n<\/td>\n<td width=\"41\">\n<p align=\"center\">df<\/p>\n<\/td>\n<td width=\"48\">\n<p align=\"center\">p<\/p>\n<\/td>\n<\/tr>\n<tr>\n<td width=\"306\" rowspan=\"3\">\n<p class=\"MsoNormal\" style=\"line-height: 170%;\">Medijska sredstva koristim za pripremu aktivnosti u radu sa u\u010denicima<\/p>\n<\/td>\n<td width=\"105\">\n<p align=\"center\">Do 10<\/p>\n<\/td>\n<td width=\"50\">\n<p align=\"center\">4.11<\/p>\n<\/td>\n<td width=\"50\">\n<p align=\"center\">0.86<\/p>\n<\/td>\n<td width=\"47\" rowspan=\"3\">\n<p align=\"center\">4.67<\/p>\n<\/td>\n<td width=\"41\" rowspan=\"3\">\n<p align=\"center\">2<\/p>\n<\/td>\n<td width=\"48\" rowspan=\"3\">\n<p align=\"center\">0.01<\/p>\n<\/td>\n<\/tr>\n<tr>\n<td width=\"105\">\n<p align=\"center\">10 &#8211; 20<\/p>\n<\/td>\n<td width=\"50\">\n<p align=\"center\">4.30<\/p>\n<\/td>\n<td width=\"50\">\n<p align=\"center\">0.80<\/p>\n<\/td>\n<\/tr>\n<tr>\n<td width=\"105\">\n<p align=\"center\">Vi\u0161e od 20<\/p>\n<\/td>\n<td width=\"50\">\n<p align=\"center\">3,80<\/p>\n<\/td>\n<td width=\"50\">\n<p align=\"center\">0.97<\/p>\n<\/td>\n<\/tr>\n<tr>\n<td width=\"306\" rowspan=\"3\">\n<p class=\"MsoNormal\" style=\"line-height: 170%;\">Medijska sredstva koristim za pronala\u017eenje materijala za rad sa u\u010denicima<\/p>\n<\/td>\n<td width=\"105\">\n<p align=\"center\">Do 10<\/p>\n<\/td>\n<td width=\"50\">\n<p align=\"center\">4.45<\/p>\n<\/td>\n<td width=\"50\">\n<p align=\"center\">0.61<\/p>\n<\/td>\n<td width=\"47\" rowspan=\"3\">\n<p align=\"center\">3.26<\/p>\n<\/td>\n<td width=\"41\" rowspan=\"3\">\n<p align=\"center\">2<\/p>\n<\/td>\n<td width=\"48\" rowspan=\"3\">\n<p align=\"center\">0.04<\/p>\n<\/td>\n<\/tr>\n<tr>\n<td width=\"105\">\n<p align=\"center\">10 &#8211; 20<\/p>\n<\/td>\n<td width=\"50\">\n<p align=\"center\">4.36<\/p>\n<\/td>\n<td width=\"50\">\n<p align=\"center\">0.78<\/p>\n<\/td>\n<\/tr>\n<tr>\n<td width=\"105\">\n<p align=\"center\">Vi\u0161e od 20<\/p>\n<\/td>\n<td width=\"50\">\n<p align=\"center\">4.07<\/p>\n<\/td>\n<td width=\"50\">\n<p align=\"center\">0.81<\/p>\n<\/td>\n<\/tr>\n<\/table>\n<\/div>\n<p class=\"MsoNormal\" style=\"line-height: 100%;\">&nbsp;<\/p>\n<p class=\"MsoNormal\" style=\"line-height: 170%;\">Na osnovu analize prosje\u010dnog odgovora ispitanika mo\u017eemo zaklju\u010diti da medijska sredstva u svrhu pripreme aktivnosti koje \u0107e se realizirati u radu sa u\u010denicima naj\u010de\u0161\u0107e koriste nastavnici sa radnim sta\u017eem od 10 do 20 godina (M-4.30), a potom i nastavnici sa radnim sta\u017eem do 10 godina (M-4.11). Za razliku od njih, ispitanici sa najdu\u017eim radnim sta\u017eem (vi\u0161e od 20 godina) iskazali su neodlu\u010dnost u procjeni. <\/p>\n<p class=\"MsoNormal\" style=\"line-height: 170%;\">Rezultati istra\u017eivanja tako\u0111er pokazuju da kori\u0161tenje medijskih sredstava za pronala\u017eenje materijala za rad sa u\u010denicima naj\u010de\u0161\u0107e prakticiraju nastavnici sa najkra\u0107im radnim sta\u017eem (M-4.45); potom nastavnici sa radnim sta\u017eem od 10 do 20 godina (M-4.36), a najrje\u0111e kategorija nastavnika sa radnim sta\u017eem du\u017eim od 20 godina (M-4.07).<\/p>\n<p class=\"MsoNormal\" style=\"line-height: 170%;\">U tablici 9 prikazane su tvrdnje kod kojih je ustanovljena statisti\u010dki zna\u010dajna razlika u stavovima ispitanika na nivou p&gt;0.05 (o obrazovanju za primjenu medijskih sredstava), u odnosu na godine starosti. Pored prosje\u010dnog odgovora (M) i odstupanja od aritmeti\u010dke sredine (sd), za svaki <em>item<\/em> prikazan je broj stupnja slobode (df); nivo statisti\u010dke zna\u010dajnosti (p) i vrijednost F &#8211; testa.<\/p>\n<p class=\"MsoNormal\" style=\"line-height: 100%;\">&nbsp;<\/p>\n<p class=\"MsoNormal\" style=\"line-height: 170%;\"><em>Tablica 9. Statisti\u010dki zna\u010dajne razlike u stavovima nastavnika o obrazovanju za primjenu medijskih sredstava u odnosu na godine radnog sta\u017ea<\/em><\/p>\n<p class=\"MsoNormal\" style=\"line-height: 70%;\">&nbsp;<\/p>\n<div align=\"left\">\n<table border=\"1\" cellspacing=\"0\" cellpadding=\"4\">\n<tr>\n<td width=\"289\">\n<p align=\"center\"><strong>OBRAZOVANJE<\/strong><\/p>\n<\/td>\n<td width=\"105\">\n<p align=\"center\"><strong>Godine radnog sta\u017ea<\/strong><\/p>\n<\/td>\n<td width=\"55\">\n<p align=\"center\">M<\/p>\n<\/td>\n<td width=\"62\">\n<p align=\"center\">sd<\/p>\n<\/td>\n<td width=\"52\">\n<p align=\"center\">F<\/p>\n<\/td>\n<td width=\"38\">\n<p align=\"center\">df<\/p>\n<\/td>\n<td width=\"48\">\n<p align=\"center\">p<\/p>\n<\/td>\n<\/tr>\n<tr>\n<td width=\"289\" rowspan=\"3\">\n<p class=\"MsoNormal\" style=\"line-height: 170%;\">Programi pripreme za nastavni\u010dki poziv bi trebali posvetiti vi\u0161e pa\u017enje kompetencijama za medijsko obrazovanje<\/p>\n<\/td>\n<td width=\"105\">\n<p align=\"center\">Do 10<\/p>\n<\/td>\n<td width=\"55\">\n<p align=\"center\">4,14<\/p>\n<\/td>\n<td width=\"62\">\n<p align=\"center\">0,94<\/p>\n<\/td>\n<td width=\"52\" rowspan=\"3\">\n<p align=\"center\">4.70<\/p>\n<\/td>\n<td width=\"38\" rowspan=\"3\">\n<p align=\"center\">2<\/p>\n<\/td>\n<td width=\"48\" rowspan=\"3\">\n<p align=\"center\">0.01<\/p>\n<\/td>\n<\/tr>\n<tr>\n<td width=\"105\">\n<p align=\"center\">10 &#8211; 20<\/p>\n<\/td>\n<td width=\"55\">\n<p align=\"center\">4,29<\/p>\n<\/td>\n<td width=\"62\">\n<p align=\"center\">0,72<\/p>\n<\/td>\n<\/tr>\n<tr>\n<td width=\"105\">\n<p align=\"center\">Vi\u0161e od 20<\/p>\n<\/td>\n<td width=\"55\">\n<p align=\"center\">3,78<\/p>\n<\/td>\n<td width=\"62\">\n<p align=\"center\">1,03<\/p>\n<\/td>\n<\/tr>\n<tr>\n<td width=\"289\" rowspan=\"3\">\n<p class=\"MsoNormal\" style=\"line-height: 170%;\">Rado bih prisustvovao\/la bih seminarima o medijskim sredstvima<\/p>\n<\/td>\n<td width=\"105\">\n<p align=\"center\">Do 10<\/p>\n<\/td>\n<td width=\"55\">\n<p align=\"center\">4,31<\/p>\n<\/td>\n<td width=\"62\">\n<p align=\"center\">0,99<\/p>\n<\/td>\n<td width=\"52\" rowspan=\"3\">\n<p align=\"center\">12.0<\/p>\n<\/td>\n<td width=\"38\" rowspan=\"3\">\n<p align=\"center\">2<\/p>\n<\/td>\n<td width=\"48\" rowspan=\"3\">\n<p align=\"center\">0.00<\/p>\n<\/td>\n<\/tr>\n<tr>\n<td width=\"105\">\n<p align=\"center\">10 &#8211; 20<\/p>\n<\/td>\n<td width=\"55\">\n<p align=\"center\">4,56<\/p>\n<\/td>\n<td width=\"62\">\n<p align=\"center\">0,63<\/p>\n<\/td>\n<\/tr>\n<tr>\n<td width=\"105\">\n<p align=\"center\">Vi\u0161e od 20<\/p>\n<\/td>\n<td width=\"55\">\n<p align=\"center\">3,73<\/p>\n<\/td>\n<td width=\"62\">\n<p align=\"center\">1,15<\/p>\n<\/td>\n<\/tr>\n<tr>\n<td width=\"289\" rowspan=\"3\">\n<p class=\"MsoNormal\" style=\"line-height: 170%;\">Razmjena iskustava nastavnika doprinosi razvoju kompetencija za primjenu medijskih tehnologija<\/p>\n<\/td>\n<td width=\"105\">\n<p align=\"center\">Do 10<\/p>\n<\/td>\n<td width=\"55\">\n<p align=\"center\">4,62<\/p>\n<\/td>\n<td width=\"62\">\n<p align=\"center\">0,54<\/p>\n<\/td>\n<td width=\"52\" rowspan=\"3\">\n<p align=\"center\">14.4<\/p>\n<\/td>\n<td width=\"38\" rowspan=\"3\">\n<p align=\"center\">2<\/p>\n<\/td>\n<td width=\"48\" rowspan=\"3\">\n<p align=\"center\">0.00<\/p>\n<\/td>\n<\/tr>\n<tr>\n<td width=\"105\">\n<p align=\"center\">10 &#8211; 20<\/p>\n<\/td>\n<td width=\"55\">\n<p align=\"center\">4,58<\/p>\n<\/td>\n<td width=\"62\">\n<p align=\"center\">0,58<\/p>\n<\/td>\n<\/tr>\n<tr>\n<td width=\"105\">\n<p align=\"center\">Vi\u0161e od 20<\/p>\n<\/td>\n<td width=\"55\">\n<p align=\"center\">3,96<\/p>\n<\/td>\n<td width=\"62\">\n<p align=\"center\">0,88<\/p>\n<\/td>\n<\/tr>\n<tr>\n<td width=\"289\" rowspan=\"3\">\n<p class=\"MsoNormal\" style=\"line-height: 170%;\">Upoznat\/a sam s internet <em>siteovima<\/em> korisnim za medijsko opismenjavanje nastavnika<\/p>\n<\/td>\n<td width=\"105\">\n<p align=\"center\">Do 10<\/p>\n<\/td>\n<td width=\"55\">\n<p align=\"center\">3,62<\/p>\n<\/td>\n<td width=\"62\">\n<p align=\"center\">1,19<\/p>\n<\/td>\n<td width=\"52\" rowspan=\"3\">\n<p align=\"center\">4.82<\/p>\n<\/td>\n<td width=\"38\" rowspan=\"3\">\n<p align=\"center\">2<\/p>\n<\/td>\n<td width=\"48\" rowspan=\"3\">\n<p align=\"center\">0.00<\/p>\n<\/td>\n<\/tr>\n<tr>\n<td width=\"105\">\n<p align=\"center\">10 &#8211; 20<\/p>\n<\/td>\n<td width=\"55\">\n<p align=\"center\">4,15<\/p>\n<\/td>\n<td width=\"62\">\n<p align=\"center\">0,71<\/p>\n<\/td>\n<\/tr>\n<tr>\n<td width=\"105\">\n<p align=\"center\">Vi\u0161e od 20<\/p>\n<\/td>\n<td width=\"55\">\n<p align=\"center\">3,69<\/p>\n<\/td>\n<td width=\"62\">\n<p align=\"center\">1,05<\/p>\n<\/td>\n<\/tr>\n<tr>\n<td width=\"289\" rowspan=\"3\">\n<p class=\"MsoNormal\" style=\"line-height: 170%;\">Pratim blogove koje kreiraju nastavnici kako bih se medijski educirao\/la<\/p>\n<\/td>\n<td width=\"105\">\n<p align=\"center\">Do 10<\/p>\n<\/td>\n<td width=\"55\">\n<p align=\"center\">3,14<\/p>\n<\/td>\n<td width=\"62\">\n<p align=\"center\">1,03<\/p>\n<\/td>\n<td width=\"52\" rowspan=\"3\">\n<p align=\"center\">3.52<\/p>\n<\/td>\n<td width=\"38\" rowspan=\"3\">\n<p align=\"center\">2<\/p>\n<\/td>\n<td width=\"48\" rowspan=\"3\">\n<p align=\"center\">0.03<\/p>\n<\/td>\n<\/tr>\n<tr>\n<td width=\"105\">\n<p align=\"center\">10-20<\/p>\n<\/td>\n<td width=\"55\">\n<p align=\"center\">3,58<\/p>\n<\/td>\n<td width=\"62\">\n<p align=\"center\">1,04<\/p>\n<\/td>\n<\/tr>\n<tr>\n<td width=\"105\">\n<p align=\"center\">Vi\u0161e od 20<\/p>\n<\/td>\n<td width=\"55\">\n<p align=\"center\">3,09<\/p>\n<\/td>\n<td width=\"62\">\n<p align=\"center\">1,15<\/p>\n<\/td>\n<\/tr>\n<tr>\n<td width=\"289\" rowspan=\"3\">\n<p class=\"MsoNormal\" style=\"line-height: 170%;\">Smatram da je potrebno vi\u0161e pa\u017enje posvetiti medijskom obrazovanju nastavnika<\/p>\n<\/td>\n<td width=\"105\">\n<p align=\"center\">Do 10<\/p>\n<\/td>\n<td width=\"55\">\n<p align=\"center\">4,17<\/p>\n<\/td>\n<td width=\"62\">\n<p align=\"center\">0,92<\/p>\n<\/td>\n<td width=\"52\" rowspan=\"3\">\n<p align=\"center\">4.25<\/p>\n<\/td>\n<td width=\"38\" rowspan=\"3\">\n<p align=\"center\">2<\/p>\n<\/td>\n<td width=\"48\" rowspan=\"3\">\n<p align=\"center\">0.01<\/p>\n<\/td>\n<\/tr>\n<tr>\n<td width=\"105\">\n<p align=\"center\">10 &#8211; 20<\/p>\n<\/td>\n<td width=\"55\">\n<p align=\"center\">4,38<\/p>\n<\/td>\n<td width=\"62\">\n<p align=\"center\">0,78<\/p>\n<\/td>\n<\/tr>\n<tr>\n<td width=\"105\">\n<p align=\"center\">Vi\u0161e od 20<\/p>\n<\/td>\n<td width=\"55\">\n<p align=\"center\">3,90<\/p>\n<\/td>\n<td width=\"62\">\n<p align=\"center\">0,97<\/p>\n<\/td>\n<\/tr>\n<tr>\n<td width=\"289\" rowspan=\"3\">\n<p class=\"MsoNormal\" style=\"line-height: 170%;\">Smatram da medijsko obrazovanje nastavnika doprinosi modernizaciji odgojno &#8211; obrazovnog procesa<\/p>\n<\/td>\n<td width=\"105\">\n<p align=\"center\">Do 10<\/p>\n<\/td>\n<td width=\"55\">\n<p align=\"center\">4,34<\/p>\n<\/td>\n<td width=\"62\">\n<p align=\"center\">0,72<\/p>\n<\/td>\n<td width=\"52\" rowspan=\"3\">\n<p align=\"center\">4.79<\/p>\n<\/td>\n<td width=\"38\" rowspan=\"3\">\n<p align=\"center\">2<\/p>\n<\/td>\n<td width=\"48\" rowspan=\"3\">\n<p align=\"center\">0.01<\/p>\n<\/td>\n<\/tr>\n<tr>\n<td width=\"105\">\n<p align=\"center\">10 &#8211; 20<\/p>\n<\/td>\n<td width=\"55\">\n<p align=\"center\">4,58<\/p>\n<\/td>\n<td width=\"62\">\n<p align=\"center\">0,65<\/p>\n<\/td>\n<\/tr>\n<tr>\n<td width=\"105\">\n<p align=\"center\">Vi\u0161e od 20<\/p>\n<\/td>\n<td width=\"55\">\n<p align=\"center\">4,15<\/p>\n<\/td>\n<td width=\"62\">\n<p align=\"center\">0,87<\/p>\n<\/td>\n<\/tr>\n<tr>\n<td width=\"289\" rowspan=\"3\">\n<p class=\"MsoNormal\" style=\"line-height: 170%;\">Nastavnike je potrebno detaljnije informirati o mogu\u0107nostima primjene medijskih sredstava u nastavi<\/p>\n<\/td>\n<td width=\"105\">\n<p align=\"center\">Do 10<\/p>\n<\/td>\n<td width=\"55\">\n<p align=\"center\">4,25<\/p>\n<\/td>\n<td width=\"62\">\n<p align=\"center\">0,81<\/p>\n<\/td>\n<td width=\"52\" rowspan=\"3\">\n<p align=\"center\">4.62<\/p>\n<\/td>\n<td width=\"38\" rowspan=\"3\">\n<p align=\"center\">2<\/p>\n<\/td>\n<td width=\"48\" rowspan=\"3\">\n<p align=\"center\">0.01<\/p>\n<\/td>\n<\/tr>\n<tr>\n<td width=\"105\">\n<p align=\"center\">10 &#8211; 20<\/p>\n<\/td>\n<td width=\"55\">\n<p align=\"center\">4,58<\/p>\n<\/td>\n<td width=\"62\">\n<p align=\"center\">0,63<\/p>\n<\/td>\n<\/tr>\n<tr>\n<td width=\"105\">\n<p align=\"center\">Vi\u0161e od 20<\/p>\n<\/td>\n<td width=\"55\">\n<p align=\"center\">4,17<\/p>\n<\/td>\n<td width=\"62\">\n<p align=\"center\">0,87<\/p>\n<\/td>\n<\/tr>\n<tr>\n<td width=\"289\" rowspan=\"3\">\n<p class=\"MsoNormal\" style=\"line-height: 170%;\">Posjetio\/la bih radionice na temu medijske pismenosti nastavnika<\/p>\n<\/td>\n<td width=\"105\">\n<p align=\"center\">Do 10<\/p>\n<\/td>\n<td width=\"55\">\n<p align=\"center\">4,51<\/p>\n<\/td>\n<td width=\"62\">\n<p align=\"center\">0,70<\/p>\n<\/td>\n<td width=\"52\" rowspan=\"3\">\n<p align=\"center\">9.14<\/p>\n<\/td>\n<td width=\"38\" rowspan=\"3\">\n<p align=\"center\">2<\/p>\n<\/td>\n<td width=\"48\" rowspan=\"3\">\n<p align=\"center\">0.00<\/p>\n<\/td>\n<\/tr>\n<tr>\n<td width=\"105\">\n<p align=\"center\">10 &#8211; 20<\/p>\n<\/td>\n<td width=\"55\">\n<p align=\"center\">4,53<\/p>\n<\/td>\n<td width=\"62\">\n<p align=\"center\">0,70<\/p>\n<\/td>\n<\/tr>\n<tr>\n<td width=\"105\">\n<p align=\"center\">Vi\u0161e od 20<\/p>\n<\/td>\n<td width=\"55\">\n<p align=\"center\">3,90<\/p>\n<\/td>\n<td width=\"62\">\n<p align=\"center\">1,08<\/p>\n<\/td>\n<\/tr>\n<tr>\n<td width=\"289\" rowspan=\"3\">\n<p class=\"MsoNormal\" style=\"line-height: 170%;\">Rado bih se usavr\u0161io\/la u oblasti primjene medija u procesu planiranja odgojno &#8211; obrazovnog rada<\/p>\n<\/td>\n<td width=\"105\">\n<p align=\"center\">Do 10<\/p>\n<\/td>\n<td width=\"55\">\n<p align=\"center\">4,45<\/p>\n<\/td>\n<td width=\"62\">\n<p align=\"center\">0,81<\/p>\n<\/td>\n<td width=\"52\" rowspan=\"3\">\n<p align=\"center\">11.4<\/p>\n<\/td>\n<td width=\"38\" rowspan=\"3\">\n<p align=\"center\">2<\/p>\n<\/td>\n<td width=\"48\" rowspan=\"3\">\n<p align=\"center\">0.00<\/p>\n<\/td>\n<\/tr>\n<tr>\n<td width=\"105\">\n<p align=\"center\">10 &#8211; 20<\/p>\n<\/td>\n<td width=\"55\">\n<p align=\"center\">4,58<\/p>\n<\/td>\n<td width=\"62\">\n<p align=\"center\">0,70<\/p>\n<\/td>\n<\/tr>\n<tr>\n<td width=\"105\">\n<p align=\"center\">Vi\u0161e od 20<\/p>\n<\/td>\n<td width=\"55\">\n<p align=\"center\">3,84<\/p>\n<\/td>\n<td width=\"62\">\n<p align=\"center\">1,03<\/p>\n<\/td>\n<\/tr>\n<\/table>\n<\/div>\n<p class=\"MsoNormal\" style=\"line-height: 100%;\">&nbsp;<\/p>\n<p class=\"MsoNormal\" style=\"line-height: 170%;\">Na osnovu rezultata istra\u017eivanja prikazanih u Tablici 9 mo\u017eemo zaklju\u010diti da su s tvrdnjama koje sugeriraju spremnost nastavnika za stjecanje medijskog obrazovanja i medijskih kompetencija (<em>Programi pripremanja za nastavni\u010dki poziv bi trebali vi\u0161e pa\u017enje posvetiti kompetencijama za medijsko obrazovanje<\/em>; <em>Rado bih prisustvovao\/la bih seminarima o medijskim sredstvima<\/em>; <em>Razmjena iskustava nastavnika doprinosi razvoju kompetencija za primjenu medijskih tehnologija<\/em>; <em>Smatram da je potrebno vi\u0161e pa\u017enje posvetiti medijskom obrazovanju nastavnika<\/em>; <em>Posjetio\/la bih radionice na temu medijske pismenosti nastavnika <\/em>i <em>Rado bih se usavr\u0161io\/la u oblasti primjene medija u procesu planiranja odgojno &#8211; obrazovnog rada<\/em>) najvi\u0161i stupanj djelomi\u010dne suglasnosti dosljedno iskazivali ispitanici sa radnim sta\u017eem od 10 do 20 godina (u rasponu od M-4.29 do M-4.58), a potom ispitanici sa najkra\u0107im radnim sta\u017eem &#8211; do 10 godina (u rasponu od M-4.14 do M-4.62). Za razliku od njih, nastavnici sa najdu\u017eim radnim sta\u017eem su pri vrednovanju spomenutih tvrdnji pokazivali najni\u017ei stupanj suglasnosti, tj. neodlu\u010dnost u procjeni vlastite spremnosti za stjecanje medijskog obrazovanja.<\/p>\n<p class=\"MsoNormal\" style=\"line-height: 170%;\">Na osnovu analize prosje\u010dnog odgovora ispitanika pri vrednovanju tvrdnji <em>Upoznat\/a sam sa internet siteovima korisnim za medijsko opismenjavanje nastavnika <\/em>i<em> Pratim blogove koje kreiraju nastavnici kako bih se medijski educirao\/la<\/em> mo\u017eemo zaklju\u010diti da sve tri kategorije ispitanika koje su \u010dinile uzorak istra\u017eivanja, nezavisno od godina radnog sta\u017ea, rijetko prakticiraju navedene na\u010dine medijskog opismenjavanja s obzirom na to da su njihovi odgovori koncentrirani oko broja 3 koji na petero &#8211; stupanjskoj skali procjene KNMO ozna\u010dava stav neodlu\u010dan\/na sam. Izuzetak od navedene tendencije jeste kategorija ispitanika sa radnim sta\u017eem od 10 do 20 godina koja je ne\u0161to pozitivnije procijenila vlastitu upoznatost sa internet <em>saiteovima<\/em> korisnim za medijsko opismenjavanje nastavnika (M-4.15). <\/p>\n<p class=\"MsoNormal\" style=\"line-height: 170%;\">Bez obzira na rijetko samoinicijativno medijsko obrazovanje nastavnika, rezultati istra\u017eivanja ukazuju na \u010dinjenicu da sve tri kategorije ispitanika smatraju da medijsko obrazovanje doprinosi modernizaciji odgojno &#8211; obrazovnog procesa, kao i da je nastavnike potrebno detaljnije informirati o mogu\u0107nostima primjene medijskih sredstava u nastavi.<\/p>\n<p class=\"MsoNormal\" style=\"line-height: 170%;\">Kada je rije\u010d o nezavisnoj varijabli koja se odnosi na stru\u010dno usavr\u0161avanje u oblasti medijskog obrazovanja rezultati istra\u017eivanja pokazali su da je na svim <em>itemima<\/em> u skali procjene KNMO ustanovljena statisti\u010dki zna\u010dajna razlika u stavovima ispitanika. To\u010dnije, nastavnici koji su se u oblasti primjene medija stru\u010dno usavr\u0161avali (N-1 27) pozitivnije su procijenili vlastite medijske kompetencije i pokazali su ve\u0107i stupanj spremnosti za dalje stru\u010dno usavr\u0161avanje, u odnosu na nastavnike koji se nisu medijski obrazovali putem seminara, radionica i te\u010dajeva (N-25).<\/p>\n<p class=\"MsoNormal\" style=\"line-height: 170%;\">&nbsp;<\/p>\n<p class=\"MsoNormal\" style=\"line-height: 170%;\"><strong>ZAKLJU\u010cAK<\/strong><\/p>\n<p class=\"MsoNormal\" style=\"line-height: 170%;\">Na osnovu navedenih rezultata istra\u017eivanja mo\u017eemo zaklju\u010diti da stanje medijske pismenosti nastavni\u010dkog kadra na na\u0161im prostorima nije na nivou koji se mo\u017ee smatrati zabrinjavaju\u0107im. Usprkos tome, rezultati istra\u017eivanja tako\u0111er ukazuju na jake i slabe strane medijske pismenosti i kompetentnosti ispitanika, te pru\u017eaju mogu\u0107nost intenziviranja obuke u onim oblastima koje nastavnici procjene kriti\u010dnima i neophodnima. Imaju\u0107i u vidu da roditelji u suvremenom dru\u0161tvu \u010desto nemaju (kako zbog poslovnih, tako i zbog privatnih obaveza) vremena za posjetu ustanovama u mjeri u kojoj bi \u017eeljeli, jako je va\u017eno iskoristiti medijska sredstva u svrhu poticanja ekonomi\u010dnosti suradnje i komunikacije roditelja i nastavnika. Dakle, istra\u017eivanje ukazuje na potrebu da se nastavnom kadru i roditeljima predo\u010de potencijalne mogu\u0107nosti za stupanje u neposredni kontakt primjenom produkata suvremene tehnologije, s obzirom na rezultate istra\u017eivanja koji ukazuju na nedovoljno kori\u0161tenje medijskih resursa u spomenute svrhe.<\/p>\n<p class=\"MsoNormal\" style=\"line-height: 170%;\">U istra\u017eivanju je uo\u010dena tendencija kontradiktornosti u stavovima nastavnika. To\u010dnije, rezultati istra\u017eivanja pokazuju da, s jedne strane, ispitanici smatraju da je potrebno vi\u0161e pa\u017enje posvetiti medijskom obrazovanju nastavnika, a s druge strane rezultati istra\u017eivanja pokazuju da su nastavnici u dovoljnoj mjeri ne prate novosti u oblasti informacijsko &#8211; komunikacijskih tehnologija, ne upoznaju se u\u010destalo sa internet <em>siteovima<\/em> korisnim za medijsko opismenjavanje, rijetko prate blogove koje kreiraju drugi nastavnici u cilju medijskog obrazovanja i ne \u010ditaju u dovoljnoj mjeri stru\u010dnu literaturu koja mo\u017ee doprinesti njihovoj kompetentnosti za primjenu medija u nastavi. Na osnovu dublje analize spomenutih rezultata, u istra\u017eivanju je donesen zaklju\u010dak da je nastavnicima te\u017ee da se samoinicijativno i individualno medijski obrazuju (pra\u0107enjem novina, pretra\u017eivanjem internet <em>siteova<\/em> i blogova te \u010ditanjem stru\u010dne literature) nego da stje\u010du kompetencije za medijsko obrazovanje putem radionica i seminara koji se organiziraju naj\u010de\u0161\u0107e od strane ustanova u kojima su zaposljeni, a koje uglavnom prakticiraju grupni oblik rada. Tako\u0111er, ovakvi oblici stru\u010dnog usavr\u0161avanja nerijetko su &bdquo;obaveza&ldquo; nastavnim kadrovima u cilju dobivanja bodova potrebnih za zadr\u017eavanje nastavni\u010dke pozicije, te mo\u017eemo zaklju\u010diti da je u slu\u010daju medijskog obrazovanja nastavnika dominantnija ekstrizi\u010dna nego intrizi\u010dna motivacija koja bi podrazumijevala \u017eelju da se medijska sredstva zaista implementiraju u svakodnevni odgojno &#8211; obrazovni rad. Pri tome ne dovodimo u pitanje kvalitetu seminara i radionica koje se organiziraju za nastavni kadar, ve\u0107 primjenjivost znanja koja se na taj na\u010din stje\u010du u praksi, s obzirom na rezultate istra\u017eivanja koji ukazuju na nizak stupanj individualne spremnosti za unapre\u0111ivanje vlastitog medijskog obrazovanja. <\/p>\n<p class=\"MsoNormal\" style=\"line-height: 170%;\">Kad su u pitanju nezavisne varijable koje su kori\u0161tene u istra\u017eivanju, rezultati pokazuju da nastavnici prirodnih i tehni\u010dkih nauka; nastavnici koji pripadaju uzorku istra\u017eivanja do 35 godina starosti i nastavnici sa kra\u0107im radnim sta\u017eem (do 10 i od 10 do 20 godina) pozitivnije procjenjuju vlastite kompetencije i pokazuju ve\u0107i stupanj spremnosti za medijsko obrazovanje. Dakle, implikacije provedenog istra\u017eivanja ukazuju na potrebu da se populaciji nastavnika dru\u0161tveno &#8211; humanisti\u010dkih nauka sa du\u017eim radnim sta\u017eem osigura intenzivnija obuka u oblasti medijskog obrazovanja s obzirom na \u010dinjenicu da ne pripadaju generaciji &bdquo;digitalnih uro\u0111enika&ldquo; i u toku samih studija imaju manje predmetnih oblasti u planovima i programima koje bi ih digitalno opismenile i pripremile za budu\u0107u adekvatnu implementaciju medija u odgojno &#8211; obrazovni rad.<\/p>\n<p class=\"MsoNormal\" style=\"line-height: 150%;\">&nbsp;<\/p>\n<p class=\"MsoNormal\" style=\"line-height: 170%;\"><strong>Literatura:<\/strong><\/p>\n<p class=\"MsoNormal\" style=\"line-height: 170%;\">Amdam, S. (2017). Media Education Goes  Professional?. <em>Nordicom review<\/em>, <em>38<\/em>(1), 81-95.<\/p>\n<p class=\"MsoNormal\" style=\"line-height: 170%;\">Arnolds-Granlund, S. B., &amp; Kotilainen, S.  (2010). Media Literacy Education: Nordic Perspectives. Gothenborg: Nordicom.  Retrived from: <a href=\"http:\/\/citeseerx.ist.psu.edu\/viewdoc\/download?doi=10.1.1.737.5948&amp;rep=rep1&amp;type=pdf\">http:\/\/citeseerx.ist.psu.edu\/viewdoc\/download?doi=10.1.1.737.5948&amp;rep=rep1&amp;type=pdf<\/a>. <\/p>\n<p class=\"MsoNormal\" style=\"line-height: 170%;\">Brakus, A. (2015). Medijska pismenost i  obrazovanje. <em>Medijski dijalozi<\/em>, 8(2), 47-53.<\/p>\n<p class=\"MsoNormal\" style=\"line-height: 170%;\">Buckingham, D. (2015). Defining digital  literacy-What do young people need to know about digital media?. <em>Nordic  Journal of Digital Literacy<\/em>, <em>10<\/em>, 21-35.<\/p>\n<p class=\"MsoNormal\" style=\"line-height: 170%;\">Carr, P. R., &amp; Porfilio, B. J. (2009). Computers,  the media and multicultural education: Seeking engagement and political  literacy. <em>Intercultural Education<\/em>, <em>20<\/em>(2), 91-107.<\/p>\n<p class=\"MsoNormal\" style=\"line-height: 170%;\">Chen, F., Gorbunova, N. V., Masalimova, A. R.,  &amp; B\u00edrov\u00e1, J. (2017). Formation of ICT-competence of future university  school teachers. <em>EURASIA Journal of Mathematics, Science and Technology  Education<\/em>, <em>13<\/em>(8), 4765-4777.<\/p>\n<p class=\"MsoNormal\" style=\"line-height: 170%;\">Fedorov, A. (2011). Media Education Training  System for Future Teachers on Screen Arts&rsquo; Basis. <em>PedActa<\/em>, 1(1-2),  43-52.<\/p>\n<p class=\"MsoNormal\" style=\"line-height: 170%;\">Fedorov, A. (2012). The Contemporary Mass Media  Education in Russia: In Search for New Theoretical Conceptions and Models. <em>Acta  Didactica Napocensia<\/em>, <em>5<\/em>(1), 53-64.<\/p>\n<p class=\"MsoNormal\" style=\"line-height: 170%;\">Fedorov, A., &amp; Levitskaya, A. (2018). Media  literacy education mass media education in Commonwealth of Independent States  (CIS). <em>\u041c\u0435\u0434\u0438\u0430\u043e\u0431\u0440\u0430\u0437\u043e\u0432\u0430\u043d\u0438\u0435<\/em>, <em>1<\/em>, 7-17.<\/p>\n<p class=\"MsoNormal\" style=\"line-height: 170%;\">Garc\u00eda-Ruiz, R., Ram\u00edrez-Garc\u00eda, A., &amp;  Rodr\u00edguez-Rosell, M. D. M. (2014). Media Literacy Education for a New Prosumer  Citizenship. Educaci\u00f3n en alfabetizaci\u00f3n medi\u00e1tica para una nueva ciudadan\u00eda  prosumidora. <em>Comunicar<\/em>, <em>22<\/em>(43), 15-23.<\/p>\n<p class=\"MsoNormal\" style=\"line-height: 170%;\">Giest, H. (2010). Reinventing Education: new  technology does not guarantee a new learning culture. <em>E-Learning and Digital  Media<\/em>, <em>7<\/em>(4), 366-376.<\/p>\n<p class=\"MsoNormal\" style=\"line-height: 170%;\">Ka\u010dinov\u00e1, V. (2018). Media competence as a  cross-curricular competence. <em>Communication Today<\/em>, <em>9<\/em>(1), 38-57.<\/p>\n<p class=\"MsoNormal\" style=\"line-height: 170%;\">Kellner, D. (2004). Technological transformation,  multiple literacies, and the re-visioning of education. <em>E-Learning and  Digital Media<\/em>, <em>1<\/em>(1), 9-37.<\/p>\n<p class=\"MsoNormal\" style=\"line-height: 170%;\">Kesler, T., Tinio, P. P., &amp; Nolan, B. T.  (2016). What&rsquo;s our position? A critical media literacy study of popular culture  websites with eighth-grade special education students. <em>Reading &amp; Writing  Quarterly<\/em>, <em>32<\/em>(1), 1-26.<\/p>\n<p class=\"MsoNormal\" style=\"line-height: 170%;\">Kiryakova, A., Olkhovaya, T., &amp; Rodionova, T.  (2015). Axiological foundations of media education in modern university. <em>Procedia-Social  and Behavioral Sciences<\/em>, <em>214<\/em>, 143-149.<\/p>\n<p class=\"MsoNormal\" style=\"line-height: 170%;\">Kupiainen, R., Sintonen, S., &amp; Suoranta, J.  (2008). <em>Decades of Finnish media education<\/em>. Tampere: University of  Tampere. Retrived from: <a href=\"https:\/\/s3.amazonaws.com\/academia.edu.documents\/3250228\/29270.pdf?AWSAccessKeyId=AKIAIWOWYYGZ2Y53UL3A&amp;Expires=1556468475&amp;Signature=fmJ%2FIyMLtvRK2938D%2BI%2FTRx1h1s%3D&amp;response-content-disposition=inline%3B%20filename%3DDecades_of_Finnish_Media_Education.pdf\">https:\/\/s3.amazonaws.com\/academia.edu.documents\/3250228\/29270.pdf?AWSAccessKeyId=AKIAIWOWYYGZ2Y53UL3A&amp;Expires=1556468475&amp;Signature=fmJ%2FIyMLtvRK2938D%2BI%2FTRx1h1s%3D&amp;response-content-disposition=inline%3B%20filename%3DDecades_of_Finnish_Media_Education.pdf<\/a>. <\/p>\n<p class=\"MsoNormal\" style=\"line-height: 170%;\">Lee, A. Y. (2010). Media education: Definitions,  approaches and development around the globe. <em>New horizons in education<\/em>,  58(3), 1-13.<\/p>\n<p class=\"MsoNormal\" style=\"line-height: 170%;\">Levitskaya, A. (2014). Regional Media Education  Centers (for non-professionals in the media fields) in the European Part of  Russia. <em>European Journal of Contemporary Education<\/em>, <em>10<\/em>(4).<\/p>\n<p class=\"MsoNormal\" style=\"line-height: 170%;\">Livingstone, S., Grand\u00edo, M., Wijnen, C., Costa,  C., and Papaioannou, T. (2013) Situating media literacy in the changing media  environment: critical insights from European research on audiences. In  Carpentier, N., Schroeder, K., and Hallett, L. (Eds.), <em>Audience  Transformations: Shifting Audience Positions in Late Modernity<\/em>,  (pp.210-227). Bristol: Intellect. Retrived from: <a href=\"http:\/\/eprints.lse.ac.uk\/64072\/1\/Situating_media_literacy.pdf\">http:\/\/eprints.lse.ac.uk\/64072\/1\/Situating_media_literacy.pdf<\/a>.<\/p>\n<p class=\"MsoNormal\" style=\"line-height: 170%;\">Maksimovi\u0107, J. i Osmanovi\u0107, J. (2018). Zna\u010daj  medijske kulture za alternativno obrazovanje. U: <em>Filozofija medija: mediji i  alternativa<\/em>, 22, (ur.) Vuksanovi\u0107, D., \u0106alovi\u0107, D., \u0110or\u0111evi\u0107, M.M., Ili\u0107,  V. i Kitanovi\u0107, D., 91-103. Jagodina: Fakultet pedago\u0161kih nauka Univerziteta u  Kragujevcu, Jagodina.<\/p>\n<p class=\"MsoNormal\" style=\"line-height: 170%;\">Maksimovi\u0107, J., &amp; Stanisavljevi\u0107 Petrovi\u0107, Z.  (2014). Teorijsko-metodolo\u0161ka zasnovanost istra\u017eivanja utjecaja medija na  adolescente. <em>In medias res: \u010dasopis filozofije medija<\/em>, <em>3<\/em>(4),  472-486.<\/p>\n<p class=\"MsoNormal\" style=\"line-height: 170%;\">Maksimovi\u0107, J., Petrovi\u0107, J., &amp; Osmanovi\u0107, J.  (2015). Medijske kompetencije \u0161kolskih pedagoga u suzbijanju vr\u0161nja\u010dkog  nasilja. <em>In medias res: \u010dasopis filozofije medija<\/em>, <em>4<\/em>(6), 912-923.<\/p>\n<p class=\"MsoNormal\" style=\"line-height: 170%;\">Matijevi\u0107, M. (2011). The new Media and Informaln  Learning. <em>Digital Technologies and New Forms of Learning<\/em>, 271-278.  Retrived from: <a href=\"https:\/\/files.eric.ed.gov\/fulltext\/ED521060.pdf\">https:\/\/files.eric.ed.gov\/fulltext\/ED521060.pdf<\/a>.<\/p>\n<p class=\"MsoNormal\" style=\"line-height: 170%;\">Mavropulo, O., &amp; Muryukina, E. (2018).  Psychological characteristics indicators of media competence. <em>\u041c\u0435\u0434\u0438\u0430\u043e\u0431\u0440\u0430\u0437\u043e\u0432\u0430\u043d\u0438\u0435<\/em>,  1, 95-100.<\/p>\n<p class=\"MsoNormal\" style=\"line-height: 170%;\">Nagle, J. (2018). Twitter, cyber-violence, and the  need for a critical social media literacy in teacher education: A review of the  literature. <em>Teaching and Teacher Education<\/em>, <em>76<\/em>, 86-94.<\/p>\n<p class=\"MsoNormal\" style=\"line-height: 170%;\">Peicheva, D., &amp; Milenkova, V. (2016). Media  education policy in Bulgaria. <em>Journal on Efficiency and Responsibility in  Education and Science<\/em>, <em>9<\/em>(1), 7-16.<\/p>\n<p class=\"MsoNormal\" style=\"line-height: 170%;\">Stanisavljevi\u0107 Petrovi\u0107, Z. i Pavlovi\u0107, D. (2017). <em>Novi mediji u ranom obrazovanju<\/em>. Ni\u0161; Filozofski fakultet u Ni\u0161u.<\/p>\n<p class=\"MsoNormal\" style=\"line-height: 170%;\">Toli\u0107, M. (2008). Aktualnost medijskih  kompetencija u suvremenoj pedagogiji. <em>Acta Iadertina<\/em>, <em>5<\/em>(1), 1-13.<\/p>\n<p class=\"MsoNormal\" style=\"line-height: 170%;\">Trifonova, M. (2010). Competency in ict of students  in &ldquo;pre-school and primary school pedagogy&rdquo;\u2013educational qualification degree  bachelor and educational qualification degree master. <em>Trakia Journal of  Sciences<\/em>, <em>8<\/em>(3), 316-319.<\/p>\n<p class=\"MsoNormal\" style=\"line-height: 170%;\">Veljanovski, R. (2012). Obrazovanje za medije u  novom tehnolo\u0161kom dobu \u2013 promena diskursa. <em>Digitalne medijske tehnologije,  drustvo i obrazovanje<\/em>. Beograd :Traduki. Retrived from: <a href=\"file:\/\/\/C:\\Users\\anast\\Desktop\\KOMPETENCIJE%20%C5%A0KOLSKIH%20PEDAGOGA%20ZA%20MEDIJSKO%20OBRAZOVANJE\\0023-51641235049V.pdf\">file:\/\/\/C:\/Users\/anast\/Desktop\/KOMPETENCIJE%20%C5%A0KOLSKIH%20PEDAGOGA%20ZA%20MEDIJSKO%20OBRAZOVANJE\/0023-51641235049V.pdf<\/a>. <\/p>\n<p class=\"MsoNormal\" style=\"line-height: 170%;\">Verbitskaya, O. M., &amp; Ivanova, L. A. (2011).  Media Competence as an Integral Quality of a New Teacher for a New School. <em>European  researcher<\/em>, <em>12<\/em>, 1652-1655.<\/p>\n<p class=\"MsoNormal\" style=\"line-height: 170%;\">Westbrook, N. (2011). Media Literacy Pedagogy:  critical and new\/twenty-first-century literacies instruction. <em>E-Learning and  Digital Media<\/em>, <em>8<\/em>(2), 154-164.<\/p>\n<p class=\"MsoNormal\" style=\"line-height: 170%;\">Wol\u00e1k, R. (2013). Methodological Materials for  Teaching Media Education in the Czech Republic: Prematurely Obsolete or  Insufficient Support?. <em>An independent scientific journal for  interdisciplinary research in pedagogy<\/em>, <em>2<\/em>, 96-109. Retrived from: <a href=\"http:\/\/old.pdf.upol.cz\/fileadmin\/user_upload\/PdF\/e-pedagogium\/2013\/e-Pedagogium_2-2013web.pdf#page=96\">http:\/\/old.pdf.upol.cz\/fileadmin\/user_upload\/PdF\/e-pedagogium\/2013\/e-Pedagogium_2-2013web.pdf#page=96<\/a>. <\/p>\n<p class=\"MsoNormal\" style=\"line-height: 150%;\">&nbsp;<\/p>\n<p style=\"text-align: center;\" align=\"center\"><strong> <span style=\"font-size: 13.0pt; line-height: 150%;\">Teachers\u2019 competencies for Media Education<\/span><\/strong><\/p>\n<p class=\"MsoNormal\" style=\"line-height: 150%;\">&nbsp;<\/p>\n<p style=\"margin: 0cm 48.6pt 0.0001pt 54pt; line-height: 170%;\"><em><strong>Abstract<\/strong><\/em><\/p>\n<p class=\"MsoBodyText\" style=\"margin-top: 0cm; margin-right: 48.6pt; margin-bottom: .0001pt; margin-left: 54.0pt; line-height: 150%;\"><span style=\"font-size: 12.0pt; line-height: 150%; font-family: 'Times New Roman';\" lang=\"SR\">&nbsp;<\/span><\/p>\n<p class=\"MsoBodyText\" style=\"margin-top: 0cm; margin-right: 48.6pt; margin-bottom: .0001pt; margin-left: 54.0pt; line-height: 170%;\"><em>In the modern age, competencies for media education have become an integral feature of a successful teacher. Nevertheless, the topic of media literacy of teachers in our area has not yet been thoroughly researched. For this reason, the aim of the research was to examine media literacy and teacher competencies for media education. The research used a five &#8211; level scale of assessment of Teacher Competence for Media Education (KNMO) consisting of 31 items. The first segment of the assessment scale referred to the examination of teachers\u2019 competencies for the use of media, the second segment referred to the purpose of using the media and the third to the readiness of teachers to improve their own competencies for media education. The research involved 152 teachers (in the area of Nis, Dimitrovgrad, Zajecar, Mero\u0161ina and Obla\u010dina) whose attitudes were analyzed in relation to the subject area (natural \/ technical and social sciences), age, (up to 35 and more than 35) , years of work experience (up to 10; from 10 to 20 and more than 20) and professional training in the field of media education. The results of the research showed that 75% of the respondents consider themselves a media &#8211; competent person and that teachers most positively assess their own competencies for the use of e &#8211; mail, Word, internet sites; computers; media devices such as camera, camcorder, radio and television and Power point presentation. Teachers expressed a lower level of confidence in their own competencies for the use of media resources when it came to the use of Excel and social networks such as Facebook and Instagram. The results of the research also showed that teachers in our area most often face difficulties in the tendency to create a blog about their own educational work and the application of educational software in working with students. When it comes to the purpose of use, the results of the research showed that teachers most often use media in order to find teaching materials and prepare activities to be implemented in working with students, and least often to communicate with parents of students. The results of the research show that on the one hand the respondents believe that more attention should be paid to media education of teachers, and on the other hand they do not follow the news in the field of information and communication technologies, they do not frequently get acquainted with internet sites useful for media literacy, they rarely follow blogs created by other teachers for the purpose of media education or read professional literature that can contribute to their competence to apply the media in teaching. Also, the results of the research show that teachers believe that the exchange of experiences with colleagues contributes the most to the development of competencies for the application of media technologies.  When it comes to the independent variable &#8211; subject area, the results show that teachers of natural \/ technical sciences assess their own media competencies more positively and that they follow the news in the field of information and communication technologies more often than teachers of social sciences and humanities. Also, the research shows a tendency that with the increase in the years of work experience of teachers, the degree of positive assessment of one\u2019s own competencies for the use of media resources and the degree of readiness for acquiring media education decreases. When it comes to the independent variable related to professional development in the field of media education, the results of the research showed that teachers who have been professionally trained in the field of media application assess their own media competencies more positively and show a higher degree of readiness for further professional development in relation to teachers who have not been educated in the media through seminars, workshops and courses.<\/em><\/p>\n<p class=\"MsoBodyText\" style=\"margin-top: 0cm; margin-right: 48.6pt; margin-bottom: .0001pt; margin-left: 54.0pt; line-height: 170%;\">&nbsp;<\/p>\n<p style=\"margin: 0cm 48.6pt 0.0001pt 54pt; line-height: 170%;\"><strong><em>Key words:<\/em><\/strong> <em>competencies, teachers, media, education.<\/em><\/p>\n<p class=\"MsoNormal\" style=\"line-height: 150%;\"><span lang=\"SR\">&nbsp;<\/span><\/p>\n<p><a name=\"8inmediasres17\"><\/a><\/p>\n<p class=\"MsoNormal\" style=\"line-height: 150%;\"><span lang=\"SR\">&nbsp;<\/span><\/p>\n<hr \/>\n<table style=\"width: 755px;\" border=\"0\">\n<tbody>\n<tr>\n<td style=\"width: 215px;\" valign=\"top\"><img loading=\"lazy\" decoding=\"async\" class=\" alignleft size-full wp-image-356\" style=\"float: left;\" src=\"https:\/\/centar-fm.org\/inmediasres\/wp-content\/uploads\/sites\/2\/2020\/09\/inmediasresno1malo17.png\" alt=\"inmediasres\" width=\"70\" height=\"103\" \/><\/p>\n<p class=\"MsoNormal\" style=\"line-height: 170%;\">\n <strong>&nbsp;9(17<\/strong><strong>)#18 2020<\/strong> <\/p>\n<\/td>\n<td style=\"width: 315px;\" valign=\"top\">\n<p style=\"line-height: 170%; text-align: center;\">\n<a rel=\"license\" href=\"http:\/\/creativecommons.org\/licenses\/by-nc\/4.0\/\"><img decoding=\"async\" alt=\"Creative Commons licenca\" style=\"border-width:0\" src=\"https:\/\/i.creativecommons.org\/l\/by-nc\/4.0\/88x31.png\" \/><\/a><br \/>\u010casopis je otvorenog pristupa, a ovo djelo je dano na kori\u0161tenje pod licencom <a rel=\"license\" href=\"http:\/\/creativecommons.org\/licenses\/by-nc\/4.0\/\"><strong>Creative Commons Imenovanje-Nekomercijalno 4.0 me\u0111unarodna.<\/strong><\/a><\/p>\n<\/td>\n<td valign=\"top\">\n<p style=\"text-align: right; line-height: 150%;\" align=\"center\"><strong><br \/>\nDOI <a href=\"https:\/\/doi.org\/10.46640\/imr.9.17.8\">10.46640\/imr.9.17.8<\/a><br \/>\nUDK 303.643-021.191(497.5)<br \/>\nIzvorni \u010dlanak<br \/>\nOriginal scientific paper<br \/>\nPrimljeno: 18.02.2020.<\/strong><\/p>\n<\/td>\n<\/tr>\n<\/tbody>\n<\/table>\n<p class=\"MsoNormal\" style=\"line-height: 150%;\">&nbsp;<\/p>\n<p class=\"MsoNormal\" style=\"line-height: 150%;\">&nbsp;<\/p>\n<p class=\"MsoNormal\" style=\"text-align: center; line-height: 150%;\" align=\"center\"><span style=\"font-size: 15.0pt; line-height: 150%;\"><a href=\"https:\/\/orcid.org\/0000-0003-2786-4485\">Marko Poljak<\/a>, Jelena Had\u017ei\u0107 i Ma\u0161a Martini\u0107<\/span><\/p>\n<p style=\"text-align: center; line-height: 150%;\" align=\"center\">Alma Mater Europea, Hrvatska<\/p>\n<p>marko.poljak@diktiranje.hr<\/p>\n<p style=\"text-align: center; line-height: 150%;\" align=\"center\">Fakultet hrvatskih studija Sveu\u010dili\u0161ta u Zagrebu, Presscut d.o.o., Hrvatska<\/p>\n<p>Jelena.hadzic@presscut.hr<\/p>\n<p style=\"text-align: center; line-height: 150%;\" align=\"center\">NEWTON Technologies Adria, Hrvatska<\/p>\n<p>masa.martinic@diktiranje.hr<\/p>\n<p style=\"text-align: center;\" align=\"center\"><strong> <span style=\"font-size: 16.0pt; line-height: 150%;\">Govor mr\u017enje u hrvatskom medijskom prostoru<\/span><\/strong><\/p>\n<p style=\"text-align: center; line-height: 150%;\" align=\"center\"><a href=\"http:\/\/www.centar-fm.org\/inmediasres\/images\/pdf\/17\/M. Poljak, J. Hadzic i M. Martinic, Govor mrznje u hrvatskom medijskom prostoru.pdf\"><strong><span style=\"color: #DC0101; font-size: 8.0pt;\"><br \/>\nPuni tekst: pdf (998 KB), Hrvatski, Str. 2709 &#8211; 2744<br \/>\n<\/span><\/strong><\/a><\/p>\n<p class=\"MsoNormal\" style=\"line-height: 150%;\">&nbsp;<\/p>\n<p style=\"margin: 0cm 48.6pt 0.0001pt 54pt; line-height: 170%;\"><strong><em>Sa\u017eetak<\/em><\/strong><\/p>\n<p class=\"MsoBodyText\" style=\"margin-top: 0cm; margin-right: 48.6pt; margin-bottom: .0001pt; margin-left: 54.0pt; line-height: 150%;\"><span style=\"font-size: 12.0pt; line-height: 150%; font-family: 'Times New Roman';\" lang=\"SR\">&nbsp;<\/span><\/p>\n<p class=\"MsoBodyText\" style=\"margin-top: 0cm; margin-right: 48.6pt; margin-bottom: .0001pt; margin-left: 54.0pt; line-height: 170%;\"><em>Autori u svom radu razmatraju aktualni problem zakonski reguliranog neprihvatljivog pona\u0161anja u Hrvatskom medijskom prostoru, uklju\u010duju\u0107i i dru\u0161tvene mre\u017ee, koncentriraju\u0107i se na problem govora mr\u017enje. Temeljno je pitanje je li prisutnost govora mr\u017enje u porastu. Primjenom metode analize sadr\u017eaja, a na obuhvatu kompletnog medijskog prostora Hrvatske, autori zaklju\u010duju da je porast prisutnosti neprihvatljivog pona\u0161anja i govora mr\u017enje hrvatska svakodnevica. Osnovom dobivenih rezultata istra\u017eiva\u010dki napori autora usmjeravaju se prema detekciji vrsta govora mr\u017enje i na njihove primjere pojavnosti pri \u010demu detekcija pojavnosti neprihvatljivog govora a i govora mr\u017enje pripada vrsti usmjerenoj prema etnicitetu, religiji i izbjeglicama. U primjeni detekcije, obrade i analize su ra\u010dunalne tehnologije na \u010dijem razvoju i testiranju rezultata autori nastavljaju istra\u017eivanje. Tre\u0107i istra\u017eiva\u010dki napor autora usmjeren je prema doga\u0111ajima koji su prisutni u medijskom prostoru, a odnose se na neprihvatljivi govor, te kvalitativnom i kvantitativnom analizom sadr\u017eaja daju kontekstualni okvir najva\u017enijih doga\u0111aja.<br \/>\n<\/em><\/p>\n<p class=\"MsoBodyText\" style=\"margin-top: 0cm; margin-right: 48.6pt; margin-bottom: .0001pt; margin-left: 54.0pt; line-height: 170%;\">&nbsp;<\/p>\n<p style=\"margin: 0cm 48.6pt 0.0001pt 54pt; line-height: 170%;\"><strong><em>Klju\u010dne rije\u010di:<\/em><\/strong> <em>govor mr\u017enje, dru\u0161tvene mre\u017ee, medijski sadr\u017eaj, ra\u010dunalne tehnologije.<\/em><\/p>\n<p class=\"MsoBodyText\" style=\"margin-top: 0cm; margin-right: 48.6pt; margin-bottom: .0001pt; margin-left: 54.0pt; line-height: 170%;\">&nbsp;<\/p>\n<p class=\"MsoNormal\" style=\"line-height: 150%;\">&nbsp;<\/p>\n<p class=\"MsoNormal\" style=\"line-height: 170%;\"><strong>UVOD U PROBLEM ISTRA\u017dIVANJA<\/strong><\/p>\n<p class=\"MsoNormal\" style=\"line-height: 170%;\">U fokus interesa znanstvene i stru\u010dne javnosti dolazi tematika govora mr\u017enje, la\u017enih vijesti i dezinformacija. Dijelom je to produkt namjere EU da se sprije\u010di pojava i \u0161irenje istih.<\/p>\n<p class=\"MsoNormal\" style=\"line-height: 170%;\">Predmet na\u0161eg rada je govor mr\u017enje. Pretpostavljali smo da se u hrvatskom medijskom prostoru naj\u010de\u0161\u0107e pojavljuje govor mr\u017enje usmjeren prema etnicitetu, migrantima i religiji pa smo, shodno tome, prikupili recentne teorijske radove na ove teme. <\/p>\n<p class=\"MsoNormal\" style=\"line-height: 170%;\">&nbsp;<\/p>\n<p class=\"MsoNormal\" style=\"line-height: 170%;\"><strong>PREGLED RADOVA O GOVORU MR\u017dNJE<\/strong><\/p>\n<p class=\"MsoNormal\" style=\"line-height: 170%;\">Interesirala su nas temeljna dva aspekta i to teorijska polazi\u0161ta radova i metodolo\u0161ki i ra\u010dunalni aspekti na\u010dina obrade teme. Da se poslu\u017eimo sintagmom Aslana (Aslan, A. 2016), govor mr\u017enje je postojao i prije nego je stekao digitalnu dimenziju. S digitalnom dimenzijom stekla se mogu\u0107nost da gotovo svatko preko dru\u0161tvenih mre\u017ea mo\u017ee biti nositelj a umre\u017eenost mu uz sveprisutnost daje potencijalnu mo\u0107. Iz tog razloga smo pored klasi\u010dnih medija masovne komunikacije u na\u0161 istra\u017eiva\u010dki korpus uvrstili i dru\u0161tvene mre\u017ee. Naizgled logi\u010dan pristup jer se na dru\u0161tvenim mre\u017eama najvi\u0161e pojavljuju oblici neprihvatljivog pona\u0161anja poput uvrede, klevete i govora mr\u017enje ali se pritom, \u010dini nam se, neopravdano izostavljaju mainstream mediji (klasi\u010dni mediji masovnog komuniciranja), za koje se u pravilu ne mo\u017ee o\u010dekivati prisutnost govora mr\u017enje i poticanje na nasilje zbog \u010dvrsto postavljenih uredni\u010dkih pravila i kodeksa ali su va\u017ean faktor u davanju zna\u010daja i osude svih oblika neprihvatljivog pona\u0161anja. <\/p>\n<p class=\"MsoNormal\" style=\"line-height: 170%;\">Temeljna karakteristika prikupljenih recentnih teorijskih radova je <strong>inter i multisciplinarnost u pristupu prou\u010davanja<\/strong> te izbor analiti\u010dkog, istra\u017eiva\u010dkog korpusa sa dru\u0161tvenih mre\u017ea.\u00a0 <\/p>\n<p class=\"MsoNormal\" style=\"line-height: 170%;\">Carney (2014) u svome radu analizira i nagla\u0161ava <strong>lingvisti\u010dku<\/strong> va\u017enost prilikom zakonske analize govora mr\u017enje na primjeru sudskog slu\u010daja iz Ju\u017enoafri\u010dke republike. Carney polemizira s presudom suda po kojoj se percepcija slu\u0161atelja mora smatrati jedinom valjanom u dono\u0161enju presude. Autor smatra da je sud u procesu trebao uklju\u010dit forenzi\u010dkog lingvista jer razloge problemati\u010dnosti oslanjanja samo na percepciju slu\u0161atelja odnosno primatelja nalazi u principu pragmati\u010dnosti \u2013 nije va\u017eno \u0161to ka\u017eete, ve\u0107 kako; ton govora i govor tijela; u kulturalnoj pozadini izgovorenog; u komunikacijskim vje\u0161tinama; te u nesporazumu u razumijevanju netakti\u010dno prezentiranih osje\u0107aja i stavova.\u00a0 <\/p>\n<p class=\"MsoNormal\" style=\"line-height: 170%;\">Ostali autori koji su dotakli tematiku govora mr\u017enje sla\u017eu se po pitanju naglaska na lingvisti\u010dki element u navedenom govoru, poput Ousidhoum i drugih (2019) koji prezentiraju vi\u0161ejezi\u010dnu bazu podataka o govoru mr\u017enje vezano uz engleske, francuske i arapske komentare na Twitteru koji prikazuju potencijalnu problematiku ovog velikog projekta \u2013 prvenstveno lingvisti\u010dku stranu pri\u010de. Tako\u0111er, Baumgarten i drugi (2019) prikupili su i analizirali podatke sa Facebooka i Twittera te komparirali lingvisti\u010dke instancije govora mr\u017enje u danskom i njema\u010dkom jeziku. Zatim, Sap i drugi (2019) prikazuju kako neosjetljivost antagonista na razlike u dijalektu mo\u017ee dovesti do rasne pristranosti u modelima automatskog otkrivanja govora mr\u017enje, \u0161to potencijalno pove\u0107ava \u0161tetu za manjinsko stanovni\u0161tvo. Analiza afroameri\u010dkog dijalekta pokazuje kako se navedeni dijalekt nalazi u dva puta ve\u0107oj \u0161ansi da bude progla\u0161en kao uvredljiv za razliku od drugih. Kada su sugovornici eksplicitno upozoreni kako se radi o Afroamerikancima, zna\u010dajno pada mogu\u0107nost karakteriziranja <em>tvitova<\/em> kao uvredljivih.<\/p>\n<p class=\"MsoNormal\" style=\"line-height: 170%;\">Ve\u0107ina radova isti\u010de nepreciznost definicije govora mr\u017enje i razlika istog u odnosu na uvredljiv jezik i\/ili klevetu. <\/p>\n<p class=\"MsoNormal\" style=\"line-height: 170%;\">Tako na primjer autori Malmasi i Zampieri (2017) predla\u017eu slijede\u0107u kategorizaciju: <\/p>\n<p class=\"MsoNormal\" style=\"line-height: 170%;\">a) komentar sadr\u017ei govor mr\u017enje (HATE), b) komentar sadr\u017ei uvredljiv jezik, ali ne i govor mr\u017enje (OFFENSIVE), c) komentar uop\u0107e ne sadr\u017ei uvredljiv jezik (OK) i napominju kako se bez detaljnijih lingvisti\u010dkih analiza ne mo\u017ee lako (s velikom to\u010dno\u0161\u0107u) utvrditi \u0161to je to\u010dno govor mr\u017enje. U svome radu navode definicije &bdquo;bulinga&ldquo; (zastra\u0161ivanje odre\u0111enog pojedinca) i &bdquo;govora mr\u017enje&ldquo; (omalova\u017eavanje grupe ljudi) zaklju\u010duju\u0107i kako je govor mr\u017enje sam po sebi nejasan pojam. <\/p>\n<p class=\"MsoNormal\" style=\"line-height: 170%;\">Kao primjer retori\u010dko komunikolo\u0161kog pristupa obradi predmetne tematike isti\u010demo rad Arofaha (2018) koji isti\u010de da govor mr\u017enje kao \u017eanr retorike uvijek sadr\u017ei tri elementa: etos, patos i logos (na primjeru Indonezije, odnosno kandidaturi za guvernera Jakarte). Ovo istra\u017eivanje pokazuje da je govor mr\u017enje uglavnom zanemario aspekt etosa i logosa. Radije nagla\u0161ava i oslanja se na patos aspekt koji izaziva osje\u0107aje publike. <\/p>\n<p class=\"MsoNormal\" style=\"line-height: 170%;\">Bosco i drugi (2017) bave se alatima i resursima za detektiranje mr\u017enje i predrasuda prema imigrantima na dru\u0161tvenim mre\u017eama. Pristup slijedi <strong>holisti\u010dku i vi\u0161ejezi\u010dnu perspektivu<\/strong>, koja uklju\u010duje razli\u010dite izvore znanja radi smislenijeg prikupljanja podataka. Premda je studija usmjerena na pokrajinu Piemont u Italiji, mo\u017ee se upotrijebiti i za druge (ve\u0107e) lokalitete i jezike. Tako\u0111er, talijanskim slu\u010dajem bave se i Comandini i Patti (2019) koji analiziraju ulogu populisti\u010dkih tema i retorika na talijanskom Twitteru vezano uz govor mr\u017enje usmjeren na imigrante. Istom tematikom samo za ne\u0161to sjeverniju dr\u017eavu bavi se i Hrdina (2016) koja navodi rezultate istra\u017eivanja govora mr\u017enje u \u010ce\u0161koj, 2015. godine, koji pokazuju kako je val govora mr\u017enje prema migrantima poo\u0161tren i namjerno i slu\u010dajno sjedinjenim snagama razli\u010ditih korisnika Facebooka, propagande ekstremisti\u010dkih skupina, novinskih medija i dizajna same dru\u0161tvene mre\u017ee. \u0160to se ti\u010de dru\u0161tvene pozadine u\u010destalih proizvo\u0111a\u010da govora mr\u017enje, postojala je sna\u017ena prevalencija mu\u0161karaca srednje dobi i srednje klase i zna\u010dajno podzastupljenost i starijih i mladih korisnika Facebooka. <strong>Komunikacijske aktivnosti<\/strong> ve\u0107ih, dobro organiziranih <strong>populisti\u010dkih skupina<\/strong>, politi\u010dkih stranaka ili zajednica bile su vidljivo prisutne, ali nisu imale zna\u010dajnu ulogu u samoj proizvodnji govora mr\u017enje &#8211; iako se njihovo mogu\u0107e sudjelovanje u postavljanju dnevnog reda ne mo\u017ee podcijeniti. Svi skupovi podataka pokazali su da je velika ve\u0107ina govora mr\u017enje u navedenom vremenskom razdoblju bila usmjerena bilo protiv migranata op\u0107enito ili protiv muslimana, dok su se te dvije skupine \u010desto preklapale. Istim podnebljem bavio se i Pejchal (2018) analizom izbjegli\u010dke krize iz 2015. godine na primjeru \u010ce\u0161ke i Slova\u010dke. U nedostatku univerzalne definicije govora mr\u017enje, poticanje na mr\u017enju tuma\u010di na tri razli\u010dita, ali komplementarna na\u010dina: poticanje na nasilje; poticanje na diskriminaciju; i poticanje na uskra\u0107ivanje ljudskog dostojanstva. Autori Jaki i De Smedt (2018) analiziraju govor mr\u017enje njema\u010dkih desni\u010dara na Twitteru te nagla\u0161avaju nove izazove, poput to\u010dnog definiranja \u0161to je to slobodni govor i \u0161to je nelegalno u specifi\u010dnoj dr\u017eavi te saznanja o tome koje su to\u010dno lingvisti\u010dke karakteristike govora mr\u017enje.<\/p>\n<p class=\"MsoNormal\" style=\"line-height: 170%;\">Autori Laaksonen i ostali (2020) su na razvijenoj tehni\u010dkoj infrastrukturi za automatsko nadgledanje izjava izbornih kandidata na dru\u0161tvenim mre\u017eama zaklju\u010dili da je ra\u010dunalno potpomognut pristup zahtijevao izrazitu simplifikaciju jer se model oslanjao na pristup temeljen na rije\u010dima dok je realnost suprotna. Govor mr\u017enje je, zaklju\u010duju autori lingvisti\u010dki i dru\u0161tveni fenomen s razli\u010ditim tonovima i formama. Odre\u0111ene pote\u0161ko\u0107e kod analize govora mr\u017enje navode i Enarsson i Lindgren (2018) koji su prikupili materijal iz \u0161vedskih tvitova o romskom stanovni\u0161tvu kako bi mapirali razli\u010dite diskurse. Slo\u017eenost i \u010dinjenica da bilo koji tvit ili drugi izrazi na mre\u017ei moraju biti promatrani i procjenjivani pojedina\u010dno kako bi se mogao uzeti u obzir okolni kontekst i diskurs, doprinose te\u0161ko\u0107i davanja jasnih smjernica o tome koji su izrazi dopu\u0161teni, a koji ne. To je izazov za sudove i agencije za provo\u0111enje zakona koji su suo\u010deni sa suprotstavljanjem govoru mr\u017enje.<\/p>\n<p class=\"MsoNormal\" style=\"line-height: 170%;\">Prete\u017eito politolo\u0161ko &#8211; sociolo\u0161ki radovi odnose se ve\u0107inom na raspravu od <strong>odnosu slobode govora i zakonske regulative zabrane govora mr\u017enje.<\/strong><\/p>\n<p class=\"MsoNormal\" style=\"line-height: 170%;\">Baider (2019) navodi kako u me\u0111unarodnom zakonu o ljudskim pravima ne postoji formalna definicija govora mr\u017enje, ali EU temelji svoje preporuke za suo\u010davanje s govorom mr\u017enje (2008) na sljede\u0107oj definiciji: &bdquo;svi oblici i izrazi koji javno poti\u010du na nasilje ili mr\u017enju a usmjereni su protiv skupine ljudi ili \u010dlana takve skupine definirani s obzirom na rasu, boju, religiju, nacionalno ili etni\u010dko podrijetlo&ldquo;<a name=\"_ftnref115\"><\/a><a href=\"#_ftn115\"><sup>[<span style=\"font-family: 'times new roman', times;\"><strong>115<\/strong><\/span>]<\/sup><\/a>. Autor istra\u017euje stav prema diskriminatornom govoru me\u0111u uzorkom mladih ciparskih Grka i ima za cilj identificirati faktore koji bi mogli proizvesti stavove mr\u017enje. Spominje &ldquo;te\u0161ke varijable&rdquo; koje sadr\u017ee klasu, etni\u010dku pripadnost, spol, dob, vjeru i izbjegli\u010dki status. Ovi parametri moduliraju vjerovanja i stavove, a to je vrlo te\u0161ko promijeniti jer su unutarnje varijable. &bdquo;Mek\u0161e&ldquo; i vi\u0161e &bdquo;iskustvene varijable&ldquo; uklju\u010duju vi\u0161e dru\u0161tvenih i iskustvenih parametara poput obrazovnih iskustava, gra\u0111anske uklju\u010denosti i kontakta i izlo\u017eenosti kulturnim &bdquo;drugima&ldquo; u obrazovnim programima, kao i dijeljenja traumati\u010dnih iskustava rata i nasilja. Promicanje ovih iskustava i njihovo dijeljenje mo\u017ee stvoriti otvaranje &bdquo;nacionalnog na\u010dina razmi\u0161ljanja&ldquo;, a \u0161to mo\u017ee donijeti promjenu stava i mo\u017eda \u010dak i promjenu vjerovanja (o &bdquo;drugom&ldquo;).<\/p>\n<p class=\"MsoNormal\" style=\"line-height: 170%;\">Kazneni zakon Republike Hrvatske<a name=\"_ftnref116\"><\/a><a href=\"#_ftn116\"><sup>[<span style=\"font-family: 'times new roman', times;\"><strong>116<\/strong><\/span>]<\/sup><\/a> definira sljede\u0107e elemente klju\u010dne za definiranje govora mr\u017enje: poticanje na nasilje ili mr\u017enju, nasilje ili mr\u017enja su usmjereni na skupine ljudi ili na pojedince temeljem pripadnosti nekoj skupini; poticanje na nasilje ili mr\u017enju je javno. <\/p>\n<p class=\"MsoNormal\" style=\"line-height: 170%;\">Demaske (2019) u radu predla\u017ee omanju promjenu paradigme vezanu uz slobodu govora, odnosno govor mr\u017enje &#8211; pomak nagla\u0161avanja s negativne za\u0161tite prava pojedinca prema pozitivnijoj potpori socijalne jednakosti. Koriste\u0107i teoriju prepoznavanja Axela Honnetha (kao mogu\u0107i na\u010din premo\u0161\u0107ivanja jaza izme\u0111u dana\u0161nje regulacije i razvoja strategije slobodnog govora za budu\u0107nost), autor razvija okvir za analizu slobode govora koji bi promovirao strategiju za borbu protiv govora mr\u017enje u dvadeset prvom stolje\u0107u. Navode\u0107i razne primjere kroz sudske procese te nagla\u0161avaju\u0107i postojanje ameri\u010dkog Prvog amandmana o slobodi govora, autor smatra nu\u017enim promjenu bavljenja problemom &bdquo;govora mr\u017enje&ldquo;. Tradicionalisti\u010dki pristup branjenja slobode govora, smatra autor, nije dovoljno fleksibilan za moderno dru\u0161tvo. Ako je cjelokupni razlog za\u0161tite govora promicanje i poticanje slobodnog demokratskog dru\u0161tva, tada se za\u0161tita koja je zakonski propisana mora razmotriti u odnosu na stvarne ishode. Autor predla\u017ee da se umjesto prethodnih pravnih doktrina primijenjenih u slu\u010dajevima govora mr\u017enje uspostavlja novi analiti\u010dki okvir koji \u0107e omogu\u0107iti sudovima da prona\u0111u odre\u0111eno zakonodavstvo protiv govora mr\u017enje kako bi izdr\u017ealo kontrolu Prvog amandmana.<\/p>\n<p class=\"MsoNormal\" style=\"line-height: 170%;\">Gould (2019) navodi kako je najuvjerljivije argumente protiv zabrane mr\u017enje iznio Ronald Dworkin, koji je upozorio na prijetnju politi\u010dkom legitimitetu koji postavlja zakone koji onima koji im podlije\u017eu uskra\u0107uje odgovaraju\u0107u priliku za neslaganje. Autor navodi kako se Dworkinovoj argumentaciji suprotstavlja Jeremy Waldron, koji smatra kako se oponenti zakona o govoru mr\u017enje bave problemom tako generalizirano da nisu uspjeli identificirati specifi\u010dni izazov demokratskom legitimitetu koji predstavlja taj govor mr\u017enje. Reid (2019) kritizira verziju argumentacije kako regulacija govora mr\u017enje od strane dr\u017eave naru\u0161ava njezin demokratski legitimitet, \u0161to zastupaju Ronald Dworkin i James Weinstein. Autor smatra kako u nekim slu\u010dajevima \u0161tetni u\u010dinci govora mr\u017enje na demokratski proces nadma\u0161uju ograni\u010denja. Ovaj rad svrstao se uglavnom na stranu onih koji tvrde kako se ograni\u010denjem govora mr\u017enje zapravo mo\u017ee pove\u0107ati demokratski legitimitet. Na sli\u010dnom tragu je i rad autora Cohen &#8211; Almagor (2019) koji analizira govor mr\u017enje u sklopu kritike Thomasa Scanlona i njegove teorije ugovornosti kojom promi\u010de &ldquo;za\u0161titu interesa&rdquo; razli\u010ditih dionika. Scanlon govorniku pripisuje sna\u017enu za\u0161titu, ponekad na \u0161tetu za\u0161tite osnovnih prava ciljane skupine kojoj je govor namijenjen. Autor smatra kako je navedeni liberalni stav previ\u0161e otvoren za razvoj govora mr\u017enje. U demokraciji ljudi moraju u\u017eivati apsolutnu slobodu zagovaranja i rasprave ideja, ali to je toliko dugo dok se suzdr\u017eavaju od zlouporabe te slobode da bi napali prava drugih ili njihov status u dru\u0161tvu kao ljudskih bi\u0107a i ravnopravnih \u010dlanova zajednice. Autor smatra kako se demokracija temelji na dva osnovna na\u010dela: po\u0161tivanje drugih, i ne nano\u0161enje \u0161tete drugima. Sloboda izra\u017eavanja treba se uravnote\u017eiti s ne manje va\u017enim na\u010delima, poput za\u0161tite ranjivih manjina. Sli\u010dnog mi\u0161ljenja je i Mondal (2018) koji navodi kako liberalna teorija slobodnog govora konceptualizira slobodu kao glatku, kontinuiranu, homogenu, nedjeljivu i pro\u0161irivu bez prekida dok ne dosegne vanjske granice. Autor predstavlja alternativnu &bdquo;teku\u0107u&ldquo; teorije slobodnog govora koja obja\u0161njava &bdquo;oblikovanje&ldquo; slobode od strane dru\u0161tvenih snaga, kulture i institucionalnih praksi. Tako\u0111er, O`Hehir (2019), pozivaju\u0107i se na Johna Miltona i Johna Stuarta Milla, nagla\u0161ava kako je sloboda izra\u017eavanja va\u017ena za razvoj i odr\u017eavanje svakog demokratskog dru\u0161tva. Mi\u0161ljenja je kako pod krinkom prava na slobodu izra\u017eavanja ekstremna desnica koristi situaciju, \u0161to je negativno utjecalo na ljudska prava izbjeglica u Europi. Stoga se mo\u017ee tvrditi da sloboda govora gubi mo\u0107 uzvra\u0107anja tla\u010ditelju, najva\u017enijeg elementa ovog prava.<\/p>\n<p class=\"MsoNormal\" style=\"line-height: 170%;\">Chandrasekharan i drugi (2017) prezentiraju efikasnost rje\u0161avanja govora mr\u017enje na platformi Reddit u 2015. godini. Sukladno Redditovoj politici protiv uznemiravanja, platforma je zatvorila, odnosno ugasila svoje dvije podplatforme. Zabrana mo\u017ee umanjiti pona\u0161anje mr\u017enje ili mo\u017ee premjestiti takvo pona\u0161anje u razli\u010dite dijelove web mjesta. Autori smatraju kako je zabrana bila uspje\u0161na za Reddit. Vi\u0161e korisni\u010dkih ra\u010duna nego \u0161to se o\u010dekivalo prekinulo je kori\u0161tenje web stranice; oni koji su ostali drasti\u010dno su smanjili svoju upotrebu mr\u017enje &#8211; za najmanje 80 %. Premda su mnoge podplatforme do\u017eivjele priljev &bdquo;migranata&ldquo; s uga\u0161ene dvije podplatforme, nove lokacije nisu do\u017eivjele zna\u010dajne promjene u govoru mr\u017enje. Drugim rije\u010dima, druge podplatforme nisu naslijedile navedeni problem. Korisnici koji su bili aktivni na uga\u0161ene dvije podplatforme drasti\u010dno su smanjili kori\u0161tenje govora mr\u017enje. Iako su filozofska pitanja koja se ti\u010du umjerenosti (i posebno zabrane) slo\u017eena, autori su nastojali razviti raspravu vezanu uz rezultate o u\u010dinkovitosti zabrane devijantnih skupina mr\u017enje s internetskih platformi. S druge strane, autori Carlson i Rouselle (2020) na primjeru Facebooka prikazuju kako se jedna druga dru\u0161tvena mre\u017ea odnosi prema govoru mr\u017enje. Autori smatraju kako su Facebookova pravila o pona\u0161anju na toj dru\u0161tvenoj mre\u017ei iz 2018. godine vi\u0161e na\u010delna nego provedena u praksi te su mi\u0161ljenja kako je Facebooku pri zaobila\u017eenju govora mr\u017enje na mre\u017ei va\u017enija financijska motivacija. Autori Doring i Mohseni (2019) na primjeru jo\u0161 jedne platforme &#8211; YouTubea, pri analizi komentara i videa vezanih uz tzv. &bdquo;fail video&ldquo;, prikazuju kako su \u017eene znatno vi\u0161e nego mu\u0161karci prikazane kao objektivizirane i seksularizirane odnosno kako su \u017eene sklonije biti mete govoru mr\u017enje. Istom temom bavili su se i autori Fuchs i Schafer (2020) koji predstavljaju rezultate istra\u017eiva\u010dke analize slu\u010dajeva mizoginisti\u010dkog ili seksisti\u010dkog govora mr\u017enje i jezika zlostavljanja prema politi\u010darkama na Twitteru, primjenjuju\u0107i ra\u010dunske korpuslingvisti\u010dke alate i metode, dopunjene kvalitativnom dubinskom studijom verbalnog zlostavljanja \u010detiri istaknute japanske politi\u010darke.<\/p>\n<p class=\"MsoNormal\" style=\"line-height: 170%;\">&nbsp;<\/p>\n<p class=\"MsoNormal\" style=\"line-height: 170%;\"><strong>METODE ISTRA\u017dIVANJA I PRIMJENA RA\u010cUNALNIH METODA \u2013 PREGLED RADOVA<\/strong><\/p>\n<p class=\"MsoNormal\" style=\"line-height: 170%;\">Ve\u0107ina radova upotrebljava analizu dru\u0161tvenih mre\u017ea (SNA), (Blanco &#8211; Herrero, D. i Calderon, C., 2019) prou\u010davaju kako se sadr\u017eaji \u0161ire u dru\u0161tvenim medijima; a eksperimentalnom anketom promatraju kako se ti sadr\u017eaji primaju i u kojoj mjeri im gra\u0111ani vjeruju. Namjera autora je prikazati cijeli komunikacijski proces od &#8211; produkcije, prijenosa i primanja poruka <\/p>\n<p class=\"MsoNormal\" style=\"line-height: 170%;\">Cilj projekta koji predstavljaju autori (Bosco, C. i Patti, V. i Bogetti , M. i Conoscenti, M. i Ruffo, G. i Schifanella , R. i Stranisci , M., 2017) je izgradnja interaktivnog mre\u017enog alata za prikupljanje, analizu i vizualizaciju diskursa o imigrantima i reakcija zajednice. Autori upotrebljavaju znanja ra\u010dunalne lingvistike, semanti\u010dke i diskurzivne analize. <\/p>\n<p class=\"MsoNormal\" style=\"line-height: 170%;\">Lazaridis i Veikou (2016), autori koje smo ve\u0107 spomenuli, provodili su klasi\u010dnu analizu sadr\u017eaja nakon koje je primijenjen strukturirani intervju sa nevladinim udrugama i pu\u010dkim pravobraniteljem, \u0161to je primjer kombinacije kvantitativnog i kvalitativnog istra\u017eivanja. <\/p>\n<p class=\"MsoNormal\" style=\"line-height: 170%;\">Autori Blanco-Herrero i Calderon (2019) prezentiraju rad vezan uz \u0161panjolski nacionalni kontekst, kombiniraju\u0107i la\u017ene vijesti i govor mr\u017enje prema migrantima i izbjeglicama. Navedene dvije teme predstavljaju veliku prijetnju za dru\u0161tvo u cjelini, a posebno za migrante i pojedince koji tra\u017ee azil. U sklopu projekta u kojem sudjeluju najavljuju provedbu <strong>eksperimenta<\/strong> u kojemu namjeravaju uzorak gra\u0111ana izlo\u017eiti sadr\u017eajima o migrantima i izbjeglicama prikupljenim s dru\u0161tvenih medija i tra\u017eiti povezanost izme\u0111u sadr\u017eaja u koji vjeruju i faktora poput njihove politi\u010dke ideologije, stava prema imigraciji, spola, dobi ili stupnja obrazovanja.<\/p>\n<p class=\"MsoNormal\" style=\"line-height: 170%;\">Florio i ostali (2019<strong>) kombiniraju\u0107i analizu statisti\u010dkih podataka i analizu sadr\u017eaja<\/strong> navode kako nekoliko studija isti\u010de opasnost dru\u0161tvenih medija kao polazi\u0161ta za govor mr\u017enje (ili cyberhate). Prona\u0161li su korelacije koje sugeriraju me\u0111usobnu povezanost ekonomskih i kulturnih \u010dimbenika i izra\u017eavanja mr\u017enje na internetu. <\/p>\n<p class=\"MsoNormal\" style=\"line-height: 170%;\">Tako\u0111er, Baumgarten i drugi (2019) prikupili su i analizirali podatke sa Facebooka i Twittera te <strong>komparirali lingvisti\u010dke instancije govora mr\u017enje u danskom i njema\u010dkom jeziku<\/strong>. <\/p>\n<p class=\"MsoNormal\" style=\"line-height: 170%;\"><strong><em>Multidisciplinarni teorijski pristupi ukazuju na prete\u017eito zastupljenu kognitivnu lingvistiku, komunikolo\u0161ku perspektivu te sociolo\u0161ko &#8211; politolo\u0161ku dimenziju radova na temu govora mr\u017enje.<\/em><\/strong><\/p>\n<p class=\"MsoNormal\" style=\"line-height: 170%;\"><strong><em>U metodolo\u0161kom smislu najzastupljenija je analiza sadr\u017eaja potpomognuta ra\u010dunalnim alatima jer je prikupljanje i selekcija podataka ogromnih baza podataka nemogu\u0107a bez ra\u010dunalnih alata. <\/em><\/strong><\/p>\n<p class=\"MsoNormal\" style=\"line-height: 170%;\"><strong><em>U pogledu ra\u010dunalne obrade podataka najzastupljenije je podru\u010dje obrade prirodnog jezika (nataral language processing) koja je disciplina na razme\u0111u ra\u010dunarske znanosti i in\u017eenjerstva, lingvistike i statistike a primjenjuje metode strojnog u\u010denja (machine larnining) i umjetnih neuronskih mre\u017ea (artificial neural metworks). <\/em><\/strong><strong><\/strong><\/p>\n<p class=\"MsoNormal\" style=\"line-height: 170%;\"><strong><em>U znanstvenoj zajednici koja se bavi obradom prirodnog jezika oku\u0161ane metode koje se mogu rabiti za rje\u0161avanje podzadataka detekcije govora mr\u017enje uklju\u010duju detekciju stava (engl. stance detection), zaklju\u010divanje u prirodnom jeziku (engl. natural language inference) i izra\u010dun semanti\u010dke sli\u010dnosti tekstova (engl. semantic textual similarity). Osim nabrojanih, ovdje su tako\u0111er i prepoznavanje i klasifikacija imenovanih entiteta (engl. named entity recognition and classification), klasifikacija tema (engl. text categorization) te ekstrakcija izvora i citata (engl. source extraction, quote extraction).<\/em><\/strong><\/p>\n<p class=\"MsoNormal\" style=\"line-height: 170%;\"><strong><em>Alati kognitivnog prepoznavanja neverbalnih komunikacijskih procesa uz prepoznavanje emocionalnog sentimenta verbalnog i neverbalnog izri\u010daja omogu\u0107iti \u0107e br\u017ee prikupljanje i selekciju ogromne koli\u010dine sadr\u017eaja s dru\u0161tvenih mre\u017ea. <\/em><\/strong><\/p>\n<p class=\"MsoNormal\" style=\"line-height: 170%;\"><strong><em>Shodno izlo\u017eenom, mi smo se u svom radu opredijelili na komunikolo\u0161ku perspektivu izu\u010davanja govora mr\u017enje u hrvatskim uvjetima i to u segmentima etniciteta, migranata i religije primjenjuju\u0107i NLP tehnologije u prikupljanju, selekciji i djelomi\u010dnoj obradi podataka prikupljenih sa dru\u0161tvenih mre\u017ea.<\/em><\/strong><\/p>\n<p class=\"MsoNormal\" style=\"line-height: 170%;\">&nbsp;<\/p>\n<p class=\"MsoNormal\" style=\"line-height: 170%;\"><strong>PROBLEM I CILJEVI ISTRA\u017dIVANJA<\/strong><\/p>\n<p class=\"MsoNormal\" style=\"line-height: 170%;\">Temeljni problem ovog istra\u017eivanja je govor mr\u017enje u medijskom prostoru Republike Hrvatske. Pritom se pod medijskim prostorom podrazumijevaju internetski portali, tiskovine, radijske i televizijske informativne emisije i dru\u0161tvene mre\u017ee.<\/p>\n<p class=\"MsoNormal\" style=\"line-height: 170%;\">&nbsp;<\/p>\n<p class=\"MsoNormal\" style=\"line-height: 170%;\"><strong><em>DEFINIRANJE TEMELJNIH POJMOVA<\/em><\/strong> <\/p>\n<p class=\"MsoNormal\" style=\"line-height: 170%;\">Ve\u0107 pri samoj definiciji pojma &lsquo;govor mr\u017enje&rsquo; nailazimo na mnoge probleme. Prvi problem je taj \u0161to ne postoji jednozna\u010dna definicija pojma. Drugi problem prilikom definiranja pojma govora mr\u017enje je primjenjivost definicije. Pregled problematike govora mr\u017enje prikazan je u pregledu literature. <\/p>\n<p class=\"MsoNormal\" style=\"line-height: 170%;\">Pod pojmom <strong>medijska objava<\/strong> podrazumijevaju se: \u010dlanci tiskovina, \u010dlanci news portala objavljeni na news portalu, prilozi informativnih radijskih i televizijskih emisija emitirani putem radija ili televizije. <\/p>\n<p class=\"MsoNormal\" style=\"line-height: 170%;\"><strong>Negativan doga\u0111aj<\/strong> je afera, eksces, konflikt, direktno nasilje ili neki sli\u010dni negativni doga\u0111aji u kojem je neki pojedinac ili skupina govorio mr\u017enju ili djelovao u skladu s postupcima govora mr\u017enje, te su mediji prenijeli ovakav doga\u0111aj karakteriziraju\u0107i ga kao govor mr\u017enje. Generalno preno\u0161enje statistika i podataka o koli\u010dini govora mr\u017enje nije konkretan negativni doga\u0111aj i nije kodirano kao negativan doga\u0111aj.<\/p>\n<p class=\"MsoNormal\" style=\"line-height: 170%;\">Da bi izbjegli raspravu o definiranju pojma Internet medija, dru\u0161tvenih medija, dru\u0161tvenih mre\u017ea, kanala komuniciranja, mi smo se u radu opredijelili za termin <strong>dru\u0161tvene mre\u017ee<\/strong>.<\/p>\n<p class=\"MsoNormal\" style=\"line-height: 170%;\"><strong>Neprihvatljiv govor<\/strong> je pojam koji u sebi obuhva\u0107a: psovke i vulgarizme, uvrede, klevete, prijetnje i govor mr\u017enje. Neprihvatljiv govor mo\u017ee biti samo jedna rije\u010d ili cijela re\u010denica. <\/p>\n<p class=\"MsoNormal\" style=\"line-height: 170%;\">Istra\u017eiva\u010di ne ulaze u raspravu radi li se o uvredi, kleveti, govoru mr\u017enje ili nekom drugom obliku neprihvatljivog pona\u0161anja.<\/p>\n<p class=\"MsoNormal\" style=\"line-height: 170%;\">&nbsp;<\/p>\n<p class=\"MsoNormal\" style=\"line-height: 170%;\"><strong><em>CILJEVI ISTRA\u017dIVANJA<\/em><\/strong><\/p>\n<p class=\"MsoNormal\" style=\"line-height: 170%;\"><strong>(za analizu sadr\u017eaja medijskih objava tiska, radija, televizije i news portala)<\/strong><\/p>\n<p class=\"MsoNormal\" style=\"line-height: 170%;\">Glavni cilj: <\/p>\n<p class=\"MsoNormal\" style=\"line-height: 170%;\">Koliko je i kakav sadr\u017eaj o govoru mr\u017enje prisutan u hrvatskom medijskom prostoru<\/p>\n<p class=\"MsoNormal\" style=\"line-height: 170%;\">Sporedni ciljevi:<\/p>\n<p class=\"MsoNormal\" style=\"line-height: 170%;\">Kvantifikacija medijskih objava koje se odnose na govor mr\u017enje i promjena kroz vrijeme<\/p>\n<p class=\"MsoNormal\" style=\"line-height: 170%;\">Ekstrakcija klju\u010dnih medijskih doga\u0111aja (ili tema)<\/p>\n<p class=\"MsoNormal\" style=\"line-height: 170%;\">Kategorizacija i kvantifikacija medijskih objava na one koje govore o konkretnom negativnom doga\u0111aju i one koje ne govore o konkretnom negativnom doga\u0111aju<\/p>\n<p class=\"MsoNormal\" style=\"line-height: 170%;\">Istra\u017eiti u kojem se omjeru, s obzirom na pojam govora mr\u017enje, mediji osvr\u0107u na hrvatske doga\u0111aje, a koliko se odnose na doga\u0111aje van Republike Hrvatske<\/p>\n<p class=\"MsoNormal\" style=\"line-height: 170%;\">Istra\u017eiti je li govor mr\u017enje dospijeva u medije kao usputni spomen ili kao samostalna cjelina<\/p>\n<p class=\"MsoNormal\" style=\"line-height: 170%;\"><strong>&nbsp;<\/strong><\/p>\n<p class=\"MsoNormal\" style=\"line-height: 170%;\"><strong>(za analizu sadr\u017eaja komentara sa dru\u0161tvenih mre\u017ea)<\/strong><\/p>\n<p class=\"MsoNormal\" style=\"line-height: 170%;\">Glavni cilj:<\/p>\n<p class=\"MsoNormal\" style=\"line-height: 170%;\">Prema kojim skupinama u komentarima s dru\u0161tvenih mre\u017ea ima najvi\u0161e neprihvatljivog govora. <\/p>\n<p class=\"MsoNormal\" style=\"line-height: 170%;\">Sporedni ciljevi:<\/p>\n<p class=\"MsoNormal\" style=\"line-height: 170%;\">Zastupljenost komentara s neprihvatljivim sadr\u017eajem u odnosu na ukupan broj komentara i pojedinu skupinu<\/p>\n<p class=\"MsoNormal\" style=\"line-height: 170%;\">Koja skupina generira najvi\u0161e neprihvatljivih komentara na dru\u0161tvenim mre\u017eama<\/p>\n<p class=\"MsoNormal\" style=\"line-height: 170%;\">Upotreba jezi\u010dnih tehnologija u prikupljanju, obradi i analizi medijskog sadr\u017eaja i komentara na dru\u0161tvenim mre\u017eama i ocjena upotrebljivosti tehnologija. <\/p>\n<p class=\"MsoNormal\" style=\"line-height: 170%;\">Prema kojoj skupini je usmjereno najvi\u0161e neprihvatljivih komentara<\/p>\n<p class=\"MsoNormal\" style=\"line-height: 170%;\">&nbsp;<\/p>\n<p class=\"MsoNormal\" style=\"line-height: 170%;\"><strong>METODOLOGIJA <\/strong><\/p>\n<p class=\"MsoNormal\" style=\"line-height: 170%;\">U radu je primijenjena kvantitativna i kvalitativna analiza sadr\u017eaja medijskih objava (tiska, radija, televizije i news portala) i komentara sa dru\u0161tvenih mre\u017ea. <\/p>\n<p class=\"MsoNormal\" style=\"line-height: 170%;\">Baza medijskih objava u periodu od 1. 1. 2013. pa do 30. 4. 2019. sadr\u017eava 14. 086. 565 medijskih objava iz tiskovina, informativnih radijskih i televizijskih emisija i news portala.<a name=\"_ftnref117\"><\/a><a href=\"#_ftn117\"><sup>[<span style=\"font-family: 'times new roman', times;\"><strong>117<\/strong><\/span>]<\/sup><\/a> Iz baze medijskih objava su izdvojene sve one medijske objave koje u sebi sadr\u017eavaju pojam govora mr\u017enje. Tijekom pretrage smo pazili da obuhvatimo sve morfolo\u0161ke oblike sintakse govora mr\u017enje. Populacija sadr\u017ei 50. 724 medijskih objava koje u naslovu ili sadr\u017eaju sadr\u017eavaju pojam govora mr\u017enje.<a name=\"_ftnref118\"><\/a><a href=\"#_ftn118\"><sup>[<span style=\"font-family: 'times new roman', times;\"><strong>118<\/strong><\/span>]<\/sup><\/a><\/p>\n<p class=\"MsoNormal\" style=\"line-height: 170%;\"><strong>Kvantitativna analiza sadr\u017eaja medijskih objava<\/strong> temelji se na populaciji. <\/p>\n<p class=\"MsoNormal\" style=\"line-height: 170%;\"><strong>Kvalitativna analiza sadr\u017eaja medijskih objava<\/strong> napravljena je na uzorku. U uzorak su izabrane sve objave sa najposje\u0107enijih<a name=\"_ftnref119\"><\/a><a href=\"#_ftn119\"><sup>[<span style=\"font-family: 'times new roman', times;\"><strong>119<\/strong><\/span>]<\/sup><\/a> hrvatskih news portala: jutarnji.hr, dnevno.hr, tportal.hr, index.hr, 24sata.hr, telegram.hr, vecernji.hr. Uzorak se odnosi na period od 1. 5. 2018. do 30. 4. 2019. (n=878).<\/p>\n<p class=\"MsoNormal\" style=\"line-height: 170%;\">Jedinica kvalitativne analize su objave hrvatskih portala. Analiziran je tekst objave, ali ne i grafi\u010dka oprema teksta (poput fotografija, infografika i sli\u010dno). <\/p>\n<p class=\"MsoNormal\" style=\"line-height: 170%;\">Prilikom <strong>analize sadr\u017eaja dru\u0161tvenih mre\u017ea<\/strong> kori\u0161ten je namjerni uzorak. Pretra\u017eene dru\u0161tvene mre\u017ee su: Youtube, Facebook, Reddit, forumi, gdje forumi obuhva\u0107aju komentare ispod medijskih objava news portala. Promatrani period je 03. 04. 2019. do 02. 07. 2019. U uzorak su izabrani svi komentari objavljeni pod naslovima u kojima se spominje izabrana klju\u010dna rije\u010d. Pod naslovima se u ovom radu podrazumijeva: za forume koji su dio news portala naslovi novinarskih \u010dlanaka odnosno medijskih objava, za Reddit su naslovi topics (odnosno tema rasprave), za Facebook su to objave (postovi), za Youtube su to nazivi objavljenih videa. Pretraga naslova i ekstrakcija komentara je napravljena uz pomo\u0107 alata za pretra\u017eivanje dru\u0161tvenih mre\u017ea<a name=\"_ftnref120\"><\/a><a href=\"#_ftn120\"><sup>[<span style=\"font-family: 'times new roman', times;\"><strong>120<\/strong><\/span>]<\/sup><\/a>. Izabrane klju\u010dne rije\u010di<a name=\"_ftnref121\"><\/a><a href=\"#_ftn121\"><sup>[<span style=\"font-family: 'times new roman', times;\"><strong>121<\/strong><\/span>]<\/sup><\/a> se odnose na etni\u010dke i vjerske skupine te izbjeglice. Veli\u010dina uzorka je 71.914 komentara. <\/p>\n<p class=\"MsoNormal\" style=\"line-height: 170%;\">Istra\u017eiva\u010di su odabrali skupine prema kojima su o\u010dekivali pojavu neprihvatljivog govora na dru\u0161tvenim mre\u017eama. Od skupina koje hrvatski Kazneni zakon<a name=\"_ftnref122\"><\/a><a href=\"#_ftn122\"><sup>[<span style=\"font-family: 'times new roman', times;\"><strong>122<\/strong><\/span>]<\/sup><\/a> navodi, u ovom radu su zastupljene vjerske i etni\u010dke skupine. Skupina izbjeglice,<a name=\"_ftnref123\"><\/a><a href=\"#_ftn123\"><sup>[<span style=\"font-family: 'times new roman', times;\"><strong>123<\/strong><\/span>]<\/sup><\/a> tre\u0107a skupina zastupljena u ovom radu, ne mo\u017ee se svrstati u neku od navedenih kategorija ve\u0107 spada u &bdquo;kakve druge osobine&ldquo; prema Kaznenom zakonu. Etni\u010dke skupine zastupaju: Albanci, Bosanci,<a name=\"_ftnref124\"><\/a><a href=\"#_ftn124\"><sup>[<span style=\"font-family: 'times new roman', times;\"><strong>124<\/strong><\/span>]<\/sup><\/a> Romi, Slovenci, Srbi i Talijani. Vjerske skupine zastupaju: katolici, muslimani, pravoslavci i \u017didovi.<a name=\"_ftnref125\"><\/a><a href=\"#_ftn125\"><sup>[<span style=\"font-family: 'times new roman', times;\"><strong>125<\/strong><\/span>]<\/sup><\/a><\/p>\n<p class=\"MsoNormal\" style=\"line-height: 170%;\">Jedinica analize sadr\u017eaja dru\u0161tvenih mre\u017ea je komentar. Prilikom analize komentara u obzir je uzet samo tekst, dok slike, emotikoni ili linkovi nisu analizirani. <\/p>\n<p class=\"MsoNormal\" style=\"line-height: 170%;\">Analiziralo se postojanje ili nepostojanje neprihvatljivog govora u komentaru. Za svaki komentar sa neprihvatljivim govorom odre\u0111ena je skupina na koju je neprimjeren govor bio usmjeren.<\/p>\n<p class=\"MsoNormal\" style=\"line-height: 170%;\">Neprihvatljiv govor, za potrebe ove analize, definiran je kao negativan izri\u010daj kojim se vrije\u0111a, kleve\u0107e, izra\u017eava mr\u017enja ili prijetnja s obzirom na pripadnost nekoj skupini ili na neku skupinu u cijelosti. <\/p>\n<p class=\"MsoNormal\" style=\"line-height: 170%;\"><em>&nbsp;<\/em><\/p>\n<p class=\"MsoNormal\" style=\"line-height: 170%;\"><em>REZULTATI ISTRA\u017dIVANJA<\/em><strong><\/strong><\/p>\n<p class=\"MsoNormal\" style=\"line-height: 170%;\"><strong><em>&nbsp;<\/em><\/strong><\/p>\n<p class=\"MsoNormal\" style=\"line-height: 170%;\"><strong><em>PODACI O POPULACIJI MEDIJSKIH OBJAVA KOJE SADR\u017dAVAJU POJAM GOVORA MR\u017dNJE<\/em><\/strong><\/p>\n<p class=\"MsoNormal\" style=\"line-height: 170%;\"><strong>&nbsp;<\/strong><\/p>\n<p class=\"MsoNormal\" style=\"line-height: 170%;\"><strong>Udio medijskih objava koji sadr\u017eavaju pojam govora mr\u017enje se kroz godine pove\u0107ava u hrvatskom medijskom prostoru<\/strong><\/p>\n<p class=\"MsoNormal\" style=\"line-height: 100%;\">&nbsp;<\/p>\n<p class=\"MsoNormal\" style=\"line-height: 170%;\"><em>Tablica: udio medijskih objava govora mr\u017enje prema vrsti medija<\/em><a name=\"_ftnref126\"><\/a><a href=\"#_ftn126\"><sup>[<span style=\"font-family: 'times new roman', times;\"><strong>126<\/strong><\/span>]<\/sup><\/a> <em>u odnosu na ukupan broj objava, po godinama<\/em><\/p>\n<p class=\"MsoNormal\" style=\"line-height: 70%;\">&nbsp;<\/p>\n<div align=\"left\">\n<table border=\"1\" cellspacing=\"0\" cellpadding=\"4\">\n<tr>\n<td width=\"81\">\n<p class=\"MsoNormal\" style=\"line-height: 170%;\">&nbsp;<\/p>\n<\/td>\n<td width=\"67\">\n<p align=\"center\"><strong>2013<\/strong><\/p>\n<\/td>\n<td width=\"66\">\n<p align=\"center\"><strong>2014<\/strong><\/p>\n<\/td>\n<td width=\"69\">\n<p align=\"center\"><strong>2015<\/strong><\/p>\n<\/td>\n<td width=\"68\">\n<p align=\"center\"><strong>2016<\/strong><\/p>\n<\/td>\n<td width=\"67\">\n<p align=\"center\"><strong>2017<\/strong><\/p>\n<\/td>\n<td width=\"67\">\n<p align=\"center\"><strong>2018<\/strong><\/p>\n<\/td>\n<td width=\"70\">\n<p align=\"center\"><strong>1.4. 2019<\/strong><\/p>\n<\/td>\n<td width=\"73\">\n<p align=\"center\">ukupno<\/p>\n<\/td>\n<\/tr>\n<tr>\n<td width=\"81\">\n<p class=\"MsoNormal\" style=\"line-height: 170%;\">tisak<\/p>\n<\/td>\n<td width=\"67\">\n<p align=\"center\">0,34 %<\/p>\n<\/td>\n<td width=\"66\">\n<p align=\"center\">0,23 %<\/p>\n<\/td>\n<td width=\"69\">\n<p align=\"center\">0,32 %<\/p>\n<\/td>\n<td width=\"68\">\n<p align=\"center\">0,49 %<\/p>\n<\/td>\n<td width=\"67\">\n<p align=\"center\">0,36 %<\/p>\n<\/td>\n<td width=\"67\">\n<p align=\"center\">0,37 %<\/p>\n<\/td>\n<td width=\"70\">\n<p align=\"center\">0,50 %<\/p>\n<\/td>\n<td width=\"73\">\n<p align=\"center\">0,36 %<\/p>\n<\/td>\n<\/tr>\n<tr>\n<td width=\"81\">\n<p class=\"MsoNormal\" style=\"line-height: 170%;\">radio<\/p>\n<\/td>\n<td width=\"67\">\n<p align=\"center\">0,03 %<\/p>\n<\/td>\n<td width=\"66\">\n<p align=\"center\">0,02 %<\/p>\n<\/td>\n<td width=\"69\">\n<p align=\"center\">0,03 %<\/p>\n<\/td>\n<td width=\"68\">\n<p align=\"center\">0,06 %<\/p>\n<\/td>\n<td width=\"67\">\n<p align=\"center\">0,05 %<\/p>\n<\/td>\n<td width=\"67\">\n<p align=\"center\">0,05 %<\/p>\n<\/td>\n<td width=\"70\">\n<p align=\"center\">0,11 %<\/p>\n<\/td>\n<td width=\"73\">\n<p align=\"center\">0,04 %<\/p>\n<\/td>\n<\/tr>\n<tr>\n<td width=\"81\">\n<p class=\"MsoNormal\" style=\"line-height: 170%;\">televizija<\/p>\n<\/td>\n<td width=\"67\">\n<p align=\"center\">0,11 %<\/p>\n<\/td>\n<td width=\"66\">\n<p align=\"center\">0,10 %<\/p>\n<\/td>\n<td width=\"69\">\n<p align=\"center\">0,16 %<\/p>\n<\/td>\n<td width=\"68\">\n<p align=\"center\">0,24 %<\/p>\n<\/td>\n<td width=\"67\">\n<p align=\"center\">0,20 %<\/p>\n<\/td>\n<td width=\"67\">\n<p align=\"center\">0,22 %<\/p>\n<\/td>\n<td width=\"70\">\n<p align=\"center\">0,44 %<\/p>\n<\/td>\n<td width=\"73\">\n<p align=\"center\">0,19 %<\/p>\n<\/td>\n<\/tr>\n<tr>\n<td width=\"81\">\n<p class=\"MsoNormal\" style=\"line-height: 170%;\">portali<\/p>\n<\/td>\n<td width=\"67\">\n<p align=\"center\">0,42 %<\/p>\n<\/td>\n<td width=\"66\">\n<p align=\"center\">0,39 %<\/p>\n<\/td>\n<td width=\"69\">\n<p align=\"center\">0,60 %<\/p>\n<\/td>\n<td width=\"68\">\n<p align=\"center\">0,73 %<\/p>\n<\/td>\n<td width=\"67\">\n<p align=\"center\">0,51 %<\/p>\n<\/td>\n<td width=\"67\">\n<p align=\"center\">0,59 %<\/p>\n<\/td>\n<td width=\"70\">\n<p align=\"center\">0,83 %<\/p>\n<\/td>\n<td width=\"73\">\n<p align=\"center\">0,58 %<\/p>\n<\/td>\n<\/tr>\n<tr>\n<td width=\"81\">\n<p class=\"MsoNormal\" style=\"line-height: 170%;\">ukupno<\/p>\n<\/td>\n<td width=\"67\">\n<p align=\"center\">0,22 %<\/p>\n<\/td>\n<td width=\"66\">\n<p align=\"center\">0,20 %<\/p>\n<\/td>\n<td width=\"69\">\n<p align=\"center\">0,33 %<\/p>\n<\/td>\n<td width=\"68\">\n<p align=\"center\">0,49 %<\/p>\n<\/td>\n<td width=\"67\">\n<p align=\"center\">0,35 %<\/p>\n<\/td>\n<td width=\"67\">\n<p align=\"center\">0,41 %<\/p>\n<\/td>\n<td width=\"70\">\n<p align=\"center\">0,60 %<\/p>\n<\/td>\n<td width=\"73\">\n<p align=\"center\">0,36 %<\/p>\n<\/td>\n<\/tr>\n<\/table>\n<\/div>\n<p class=\"MsoNormal\" style=\"line-height: 100%;\">&nbsp;<\/p>\n<p class=\"MsoNormal\" style=\"line-height: 170%;\"><span style=\"color: #DC0101\">Ukupan broj medijskih objava u razdoblju od 1. 1. 2013. do 30. 4. 2019. je 14. 086. 565. Broj medijskih objava koje sadr\u017eavaju pojam govora mr\u017enje za isto razdoblje je 50.724.<\/span><\/p>\n<p class=\"MsoNormal\" style=\"line-height: 170%;\"><strong><span style=\"color: #056ec0\">Tablica pokazuje postotak u\u010de\u0161\u0107a medijskih objava koje u sebi sadr\u017eavaju pojam govora mr\u017enje u odnosu na ukupan broj objava u promatranom razdoblju. <\/span><\/strong><\/p>\n<p class=\"MsoNormal\" style=\"line-height: 170%;\">Broj objava koje sadr\u017eavaju pojam govor mr\u017enje niti jedne godine ne prelazi 1 % ukupnog broja medijskih objava. Udio objava koje sadr\u017eavaju pojam govora mr\u017enje, u odnosu na ukupan broj medijskih objava po godinama, se pove\u0107ava.\u00a0 <\/p>\n<p class=\"MsoNormal\" style=\"line-height: 100%;\">&nbsp;<\/p>\n<div align=\"left\">\n<p><img loading=\"lazy\" decoding=\"async\" src=\"\/inmediasres\/images\/casopisi\/mrznja01.jpg\" alt=\"\" width=\"700\" height=\"320\" \/><\/p>\n<\/div>\n<p class=\"MsoNormal\" style=\"line-height: 100%;\">&nbsp;<\/p>\n<p class=\"MsoNormal\" style=\"line-height: 170%;\">Promatraju\u0107i zadnje razdoblje (4 mjeseca 2019. godine) u odnosu na prvo promatrano razdoblje (cijela 2013. godina) vidljivo je kako je broj objava s pojmom govora mr\u017enje u samo 4 mjeseca 2019. godine prema\u0161io ukupan broj objava iz 2013. (omjer broja objava u 2019. u odnosu na 2013., za sve medije iznosi 118 %). Ukoliko upotrijebimo veri\u017eni indeks umjesto baznog i promatramo samo 4 mjeseca 2019. u odnosu na cjelokupnu 2018. godinu, broj objava u samo 4 mjeseca 2019. godine iznosi 53 % ukupnog broja objava iz cijele 2018. godine.<\/p>\n<p class=\"MsoNormal\" style=\"line-height: 170%;\">Razlozi pove\u0107anja i smanjivanja broja medijskih objava svakako ovise o doga\u0111ajima vezanim uz govor mr\u017enje i obja\u0161njenja za pove\u0107anje broja objava trebalo bi detaljnije analizirati kroz sam sadr\u017eaj koji se medijima prenosi. Tako bi se posebno velik broj objava s pojmom govora mr\u017enje koji je prona\u0111en 2016. godine trebalo povezati sa nekim medijski zna\u010dajnim doga\u0111ajima koji su se zbili te godine. <\/p>\n<p class=\"MsoNormal\" style=\"line-height: 170%;\">Ipak, vidljivo je pove\u0107anje broja objava vezanih uz govor mr\u017enje po godinama.<\/p>\n<p class=\"MsoNormal\" style=\"line-height: 170%;\"><strong>&nbsp;<\/strong><\/p>\n<p class=\"MsoNormal\" style=\"line-height: 170%;\"><strong>Broj dana bez medijskih objava koje sadr\u017eavaju pojam govora mr\u017enje<\/strong><\/p>\n<p class=\"MsoNormal\" style=\"line-height: 170%;\">Kroz promatrano razdoblje smanjuje se broj dana u kojima nije bilo niti jedne objave o govoru mr\u017enje. Ovaj podatak je drugi na\u010din dokazivanja hipoteze da je tema govora mr\u017enje kroz godine sve zastupljenija u medijskom prostoru. <\/p>\n<p class=\"MsoNormal\" style=\"line-height: 100%;\">&nbsp;<\/p>\n<p class=\"MsoNormal\" style=\"line-height: 170%;\"><em>Tablica: broj dana po mjesecu i godini u kojima nije prona\u0111ena niti jedna medijska objava s pojmom govora mr\u017enje<\/em><\/p>\n<p class=\"MsoNormal\" style=\"line-height: 70%;\">&nbsp;<\/p>\n<div align=\"left\">\n<table border=\"1\" cellspacing=\"0\" cellpadding=\"4\">\n<tr>\n<td width=\"105\">\n<p align=\"center\"><strong>godina\/mjesec<\/strong><\/p>\n<\/td>\n<td width=\"63\">\n<p align=\"center\"><strong>2013<\/strong><\/p>\n<\/td>\n<td width=\"56\">\n<p align=\"center\"><strong>2014<\/strong><\/p>\n<\/td>\n<td width=\"59\">\n<p align=\"center\"><strong>2015<\/strong><\/p>\n<\/td>\n<td width=\"60\">\n<p align=\"center\"><strong>2016<\/strong><\/p>\n<\/td>\n<td width=\"55\">\n<p align=\"center\"><strong>2017<\/strong><\/p>\n<\/td>\n<td width=\"61\">\n<p align=\"center\"><strong>2018<\/strong><\/p>\n<\/td>\n<td width=\"59\">\n<p align=\"center\"><strong>1-4 2019<\/strong><\/p>\n<\/td>\n<td width=\"88\">\n<p align=\"center\"><strong>ukupno<\/strong><\/p>\n<\/td>\n<\/tr>\n<tr>\n<td width=\"105\">\n<p align=\"center\"><strong>1<\/strong><\/p>\n<\/td>\n<td width=\"63\">\n<p align=\"center\">1<\/p>\n<\/td>\n<td width=\"56\">\n<p align=\"center\">&nbsp;<\/p>\n<\/td>\n<td width=\"59\">\n<p align=\"center\">&nbsp;<\/p>\n<\/td>\n<td width=\"60\">\n<p align=\"center\">&nbsp;<\/p>\n<\/td>\n<td width=\"55\">\n<p align=\"center\">&nbsp;<\/p>\n<\/td>\n<td width=\"61\">\n<p align=\"center\">&nbsp;<\/p>\n<\/td>\n<td width=\"59\">\n<p align=\"center\">&nbsp;<\/p>\n<\/td>\n<td width=\"88\">\n<p align=\"center\"><strong>1<\/strong><\/p>\n<\/td>\n<\/tr>\n<tr>\n<td width=\"105\">\n<p align=\"center\"><strong>2<\/strong><\/p>\n<\/td>\n<td width=\"63\">\n<p align=\"center\">2<\/p>\n<\/td>\n<td width=\"56\">\n<p align=\"center\">1<\/p>\n<\/td>\n<td width=\"59\">\n<p align=\"center\">&nbsp;<\/p>\n<\/td>\n<td width=\"60\">\n<p align=\"center\">&nbsp;<\/p>\n<\/td>\n<td width=\"55\">\n<p align=\"center\">&nbsp;<\/p>\n<\/td>\n<td width=\"61\">\n<p align=\"center\">&nbsp;<\/p>\n<\/td>\n<td width=\"59\">\n<p align=\"center\">&nbsp;<\/p>\n<\/td>\n<td width=\"88\">\n<p align=\"center\"><strong>3<\/strong><\/p>\n<\/td>\n<\/tr>\n<tr>\n<td width=\"105\">\n<p align=\"center\"><strong>3<\/strong><\/p>\n<\/td>\n<td width=\"63\">\n<p align=\"center\">3<\/p>\n<\/td>\n<td width=\"56\">\n<p align=\"center\">&nbsp;<\/p>\n<\/td>\n<td width=\"59\">\n<p align=\"center\">&nbsp;<\/p>\n<\/td>\n<td width=\"60\">\n<p align=\"center\">&nbsp;<\/p>\n<\/td>\n<td width=\"55\">\n<p align=\"center\">&nbsp;<\/p>\n<\/td>\n<td width=\"61\">\n<p align=\"center\">&nbsp;<\/p>\n<\/td>\n<td width=\"59\">\n<p align=\"center\">&nbsp;<\/p>\n<\/td>\n<td width=\"88\">\n<p align=\"center\"><strong>3<\/strong><\/p>\n<\/td>\n<\/tr>\n<tr>\n<td width=\"105\">\n<p align=\"center\"><strong>4<\/strong><\/p>\n<\/td>\n<td width=\"63\">\n<p align=\"center\">&nbsp;<\/p>\n<\/td>\n<td width=\"56\">\n<p align=\"center\">1<\/p>\n<\/td>\n<td width=\"59\">\n<p align=\"center\">&nbsp;<\/p>\n<\/td>\n<td width=\"60\">\n<p align=\"center\">&nbsp;<\/p>\n<\/td>\n<td width=\"55\">\n<p align=\"center\">&nbsp;<\/p>\n<\/td>\n<td width=\"61\">\n<p align=\"center\">&nbsp;<\/p>\n<\/td>\n<td width=\"59\">\n<p align=\"center\">&nbsp;<\/p>\n<\/td>\n<td width=\"88\">\n<p align=\"center\"><strong>1<\/strong><\/p>\n<\/td>\n<\/tr>\n<tr>\n<td width=\"105\">\n<p align=\"center\"><strong>5<\/strong><\/p>\n<\/td>\n<td width=\"63\">\n<p align=\"center\">1<\/p>\n<\/td>\n<td width=\"56\">\n<p align=\"center\">1<\/p>\n<\/td>\n<td width=\"59\">\n<p align=\"center\">&nbsp;<\/p>\n<\/td>\n<td width=\"60\">\n<p align=\"center\">&nbsp;<\/p>\n<\/td>\n<td width=\"55\">\n<p align=\"center\">&nbsp;<\/p>\n<\/td>\n<td width=\"61\">\n<p align=\"center\">&nbsp;<\/p>\n<\/td>\n<td width=\"59\">\n<p align=\"center\">x<\/p>\n<\/td>\n<td width=\"88\">\n<p align=\"center\"><strong>2<\/strong><\/p>\n<\/td>\n<\/tr>\n<tr>\n<td width=\"105\">\n<p align=\"center\"><strong>6<\/strong><\/p>\n<\/td>\n<td width=\"63\">\n<p align=\"center\">1<\/p>\n<\/td>\n<td width=\"56\">\n<p align=\"center\">1<\/p>\n<\/td>\n<td width=\"59\">\n<p align=\"center\">&nbsp;<\/p>\n<\/td>\n<td width=\"60\">\n<p align=\"center\">&nbsp;<\/p>\n<\/td>\n<td width=\"55\">\n<p align=\"center\">&nbsp;<\/p>\n<\/td>\n<td width=\"61\">\n<p align=\"center\">&nbsp;<\/p>\n<\/td>\n<td width=\"59\">\n<p align=\"center\">x<\/p>\n<\/td>\n<td width=\"88\">\n<p align=\"center\"><strong>2<\/strong><\/p>\n<\/td>\n<\/tr>\n<tr>\n<td width=\"105\">\n<p align=\"center\"><strong>7<\/strong><\/p>\n<\/td>\n<td width=\"63\">\n<p align=\"center\">4<\/p>\n<\/td>\n<td width=\"56\">\n<p align=\"center\">3<\/p>\n<\/td>\n<td width=\"59\">\n<p align=\"center\">1<\/p>\n<\/td>\n<td width=\"60\">\n<p align=\"center\">&nbsp;<\/p>\n<\/td>\n<td width=\"55\">\n<p align=\"center\">&nbsp;<\/p>\n<\/td>\n<td width=\"61\">\n<p align=\"center\">&nbsp;<\/p>\n<\/td>\n<td width=\"59\">\n<p align=\"center\">x<\/p>\n<\/td>\n<td width=\"88\">\n<p align=\"center\"><strong>8<\/strong><\/p>\n<\/td>\n<\/tr>\n<tr>\n<td width=\"105\">\n<p align=\"center\"><strong>8<\/strong><\/p>\n<\/td>\n<td width=\"63\">\n<p align=\"center\">6<\/p>\n<\/td>\n<td width=\"56\">\n<p align=\"center\">&nbsp;<\/p>\n<\/td>\n<td width=\"59\">\n<p align=\"center\">&nbsp;<\/p>\n<\/td>\n<td width=\"60\">\n<p align=\"center\">1<\/p>\n<\/td>\n<td width=\"55\">\n<p align=\"center\">1<\/p>\n<\/td>\n<td width=\"61\">\n<p align=\"center\">&nbsp;<\/p>\n<\/td>\n<td width=\"59\">\n<p align=\"center\">x<\/p>\n<\/td>\n<td width=\"88\">\n<p align=\"center\"><strong>8<\/strong><\/p>\n<\/td>\n<\/tr>\n<tr>\n<td width=\"105\">\n<p align=\"center\"><strong>9<\/strong><\/p>\n<\/td>\n<td width=\"63\">\n<p align=\"center\">1<\/p>\n<\/td>\n<td width=\"56\">\n<p align=\"center\">&nbsp;<\/p>\n<\/td>\n<td width=\"59\">\n<p align=\"center\">&nbsp;<\/p>\n<\/td>\n<td width=\"60\">\n<p align=\"center\">&nbsp;<\/p>\n<\/td>\n<td width=\"55\">\n<p align=\"center\">&nbsp;<\/p>\n<\/td>\n<td width=\"61\">\n<p align=\"center\">&nbsp;<\/p>\n<\/td>\n<td width=\"59\">\n<p align=\"center\">x<\/p>\n<\/td>\n<td width=\"88\">\n<p align=\"center\"><strong>1<\/strong><\/p>\n<\/td>\n<\/tr>\n<tr>\n<td width=\"105\">\n<p align=\"center\"><strong>10<\/strong><\/p>\n<\/td>\n<td width=\"63\">\n<p align=\"center\">3<\/p>\n<\/td>\n<td width=\"56\">\n<p align=\"center\">&nbsp;<\/p>\n<\/td>\n<td width=\"59\">\n<p align=\"center\">&nbsp;<\/p>\n<\/td>\n<td width=\"60\">\n<p align=\"center\">&nbsp;<\/p>\n<\/td>\n<td width=\"55\">\n<p align=\"center\">1<\/p>\n<\/td>\n<td width=\"61\">\n<p align=\"center\">&nbsp;<\/p>\n<\/td>\n<td width=\"59\">\n<p align=\"center\">x<\/p>\n<\/td>\n<td width=\"88\">\n<p align=\"center\"><strong>4<\/strong><\/p>\n<\/td>\n<\/tr>\n<tr>\n<td width=\"105\">\n<p align=\"center\"><strong>11<\/strong><\/p>\n<\/td>\n<td width=\"63\">\n<p align=\"center\">&nbsp;<\/p>\n<\/td>\n<td width=\"56\">\n<p align=\"center\">&nbsp;<\/p>\n<\/td>\n<td width=\"59\">\n<p align=\"center\">&nbsp;<\/p>\n<\/td>\n<td width=\"60\">\n<p align=\"center\">&nbsp;<\/p>\n<\/td>\n<td width=\"55\">\n<p align=\"center\">&nbsp;<\/p>\n<\/td>\n<td width=\"61\">\n<p align=\"center\">&nbsp;<\/p>\n<\/td>\n<td width=\"59\">\n<p align=\"center\">x&nbsp;<\/p>\n<\/td>\n<td width=\"88\">\n<p align=\"center\"><strong>0<\/strong><\/p>\n<\/td>\n<\/tr>\n<tr>\n<td width=\"105\">\n<p align=\"center\"><strong>12<\/strong><\/p>\n<\/td>\n<td width=\"63\">\n<p align=\"center\">1<\/p>\n<\/td>\n<td width=\"56\">\n<p align=\"center\">&nbsp;<\/p>\n<\/td>\n<td width=\"59\">\n<p align=\"center\">&nbsp;<\/p>\n<\/td>\n<td width=\"60\">\n<p align=\"center\">&nbsp;<\/p>\n<\/td>\n<td width=\"55\">\n<p align=\"center\">&nbsp;<\/p>\n<\/td>\n<td width=\"61\">\n<p align=\"center\">1<\/p>\n<\/td>\n<td width=\"59\">\n<p align=\"center\">x<\/p>\n<\/td>\n<td width=\"88\">\n<p align=\"center\"><strong>2<\/strong><\/p>\n<\/td>\n<\/tr>\n<tr>\n<td width=\"105\">\n<p align=\"center\"><strong>ukupno<\/strong><\/p>\n<\/td>\n<td width=\"63\">\n<p align=\"center\"><strong>23<\/strong><\/p>\n<\/td>\n<td width=\"56\">\n<p align=\"center\"><strong>7<\/strong><\/p>\n<\/td>\n<td width=\"59\">\n<p align=\"center\"><strong>1<\/strong><\/p>\n<\/td>\n<td width=\"60\">\n<p align=\"center\"><strong>1<\/strong><\/p>\n<\/td>\n<td width=\"55\">\n<p align=\"center\"><strong>2<\/strong><\/p>\n<\/td>\n<td width=\"61\">\n<p align=\"center\"><strong>1<\/strong><\/p>\n<\/td>\n<td width=\"59\">\n<p align=\"center\"><strong>0<\/strong><\/p>\n<\/td>\n<td width=\"88\">\n<p align=\"center\"><strong>35<\/strong><\/p>\n<\/td>\n<\/tr>\n<\/table>\n<\/div>\n<p class=\"MsoNormal\" style=\"line-height: 100%;\">&nbsp;<\/p>\n<p class=\"MsoNormal\" style=\"line-height: 170%;\"><strong>Dnevni prosjek broja medijskih objava sa pojmom govora mr\u017enje raste<\/strong> <\/p>\n<p class=\"MsoNormal\" style=\"line-height: 170%;\">U promatranom periodu je 2311 dana, prosjek dnevnog broja objava za sve vrste medija je 21,9 objava sa standardnom devijacijom od 13,7 objava. Radi jednostavnosti, prikazane su tablice i grafovi gdje je dnevni prosjek broja objava dan na mjese\u010dnoj razini. <\/p>\n<p class=\"MsoNormal\" style=\"line-height: 100%;\">&nbsp;<\/p>\n<div align=\"left\">\n<table border=\"1\" cellspacing=\"0\" cellpadding=\"4\">\n<tr>\n<td width=\"609\" colspan=\"8\">\n<p align=\"center\">prosje\u010dan dnevni broj medijskih objava<\/p>\n<\/td>\n<\/tr>\n<tr>\n<td width=\"171\">\n<p align=\"center\"><strong>mjesec\/godina<\/strong><\/p>\n<\/td>\n<td width=\"63\">\n<p align=\"center\"><strong>2013<\/strong><\/p>\n<\/td>\n<td width=\"59\">\n<p align=\"center\"><strong>2014<\/strong><\/p>\n<\/td>\n<td width=\"61\">\n<p align=\"center\"><strong>2015<\/strong><\/p>\n<\/td>\n<td width=\"66\">\n<p align=\"center\"><strong>2016<\/strong><\/p>\n<\/td>\n<td width=\"63\">\n<p align=\"center\"><strong>2017<\/strong><\/p>\n<\/td>\n<td width=\"61\">\n<p align=\"center\"><strong>2018<\/strong><\/p>\n<\/td>\n<td width=\"66\">\n<p align=\"center\"><strong>2019<\/strong><\/p>\n<\/td>\n<\/tr>\n<tr>\n<td width=\"171\">\n<p align=\"center\"><strong>1<\/strong><\/p>\n<\/td>\n<td width=\"63\">\n<p align=\"center\">16,0<\/p>\n<\/td>\n<td width=\"59\">\n<p align=\"center\">13,8<\/p>\n<\/td>\n<td width=\"61\">\n<p align=\"center\">32,3<\/p>\n<\/td>\n<td width=\"66\">\n<p align=\"center\">60,8<\/p>\n<\/td>\n<td width=\"63\">\n<p align=\"center\">17,4<\/p>\n<\/td>\n<td width=\"61\">\n<p align=\"center\">56,3<\/p>\n<\/td>\n<td width=\"66\">\n<p align=\"center\">66,2<\/p>\n<\/td>\n<\/tr>\n<tr>\n<td width=\"171\">\n<p align=\"center\"><strong>2<\/strong><\/p>\n<\/td>\n<td width=\"63\">\n<p align=\"center\">6,6<\/p>\n<\/td>\n<td width=\"59\">\n<p align=\"center\">11,0<\/p>\n<\/td>\n<td width=\"61\">\n<p align=\"center\">26,6<\/p>\n<\/td>\n<td width=\"66\">\n<p align=\"center\">47,8<\/p>\n<\/td>\n<td width=\"63\">\n<p align=\"center\">38,3<\/p>\n<\/td>\n<td width=\"61\">\n<p align=\"center\">30,7<\/p>\n<\/td>\n<td width=\"66\">\n<p align=\"center\">31,6<\/p>\n<\/td>\n<\/tr>\n<tr>\n<td width=\"171\">\n<p align=\"center\"><strong>3<\/strong><\/p>\n<\/td>\n<td width=\"63\">\n<p align=\"center\">26,0<\/p>\n<\/td>\n<td width=\"59\">\n<p align=\"center\">9,8<\/p>\n<\/td>\n<td width=\"61\">\n<p align=\"center\">16,0<\/p>\n<\/td>\n<td width=\"66\">\n<p align=\"center\">69,2<\/p>\n<\/td>\n<td width=\"63\">\n<p align=\"center\">38,1<\/p>\n<\/td>\n<td width=\"61\">\n<p align=\"center\">20,1<\/p>\n<\/td>\n<td width=\"66\">\n<p align=\"center\">40,6<\/p>\n<\/td>\n<\/tr>\n<tr>\n<td width=\"171\">\n<p align=\"center\"><strong>4<\/strong><\/p>\n<\/td>\n<td width=\"63\">\n<p align=\"center\">16,2<\/p>\n<\/td>\n<td width=\"59\">\n<p align=\"center\">9,9<\/p>\n<\/td>\n<td width=\"61\">\n<p align=\"center\">13,6<\/p>\n<\/td>\n<td width=\"66\">\n<p align=\"center\">37,7<\/p>\n<\/td>\n<td width=\"63\">\n<p align=\"center\">18,3<\/p>\n<\/td>\n<td width=\"61\">\n<p align=\"center\">28,8<\/p>\n<\/td>\n<td width=\"66\">\n<p align=\"center\">32,5<\/p>\n<\/td>\n<\/tr>\n<tr>\n<td width=\"171\">\n<p align=\"center\"><strong>5<\/strong><\/p>\n<\/td>\n<td width=\"63\">\n<p align=\"center\">10,3<\/p>\n<\/td>\n<td width=\"59\">\n<p align=\"center\">11,4<\/p>\n<\/td>\n<td width=\"61\">\n<p align=\"center\">23,1<\/p>\n<\/td>\n<td width=\"66\">\n<p align=\"center\">31,7<\/p>\n<\/td>\n<td width=\"63\">\n<p align=\"center\">27,2<\/p>\n<\/td>\n<td width=\"61\">\n<p align=\"center\">33,0<\/p>\n<\/td>\n<td width=\"66\">\n<p align=\"center\">&nbsp;<\/p>\n<\/td>\n<\/tr>\n<tr>\n<td width=\"171\">\n<p align=\"center\"><strong>6<\/strong><\/p>\n<\/td>\n<td width=\"63\">\n<p align=\"center\">7,2<\/p>\n<\/td>\n<td width=\"59\">\n<p align=\"center\">5,6<\/p>\n<\/td>\n<td width=\"61\">\n<p align=\"center\">22,3<\/p>\n<\/td>\n<td width=\"66\">\n<p align=\"center\">18,8<\/p>\n<\/td>\n<td width=\"63\">\n<p align=\"center\">19,6<\/p>\n<\/td>\n<td width=\"61\">\n<p align=\"center\">16,2<\/p>\n<\/td>\n<td width=\"66\">\n<p align=\"center\">&nbsp;<\/p>\n<\/td>\n<\/tr>\n<tr>\n<td width=\"171\">\n<p align=\"center\"><strong>7<\/strong><\/p>\n<\/td>\n<td width=\"63\">\n<p align=\"center\">3,1<\/p>\n<\/td>\n<td width=\"59\">\n<p align=\"center\">5,4<\/p>\n<\/td>\n<td width=\"61\">\n<p align=\"center\">10,0<\/p>\n<\/td>\n<td width=\"66\">\n<p align=\"center\">23,7<\/p>\n<\/td>\n<td width=\"63\">\n<p align=\"center\">15,6<\/p>\n<\/td>\n<td width=\"61\">\n<p align=\"center\">24,1<\/p>\n<\/td>\n<td width=\"66\">\n<p align=\"center\">&nbsp;<\/p>\n<\/td>\n<\/tr>\n<tr>\n<td width=\"171\">\n<p align=\"center\"><strong>8<\/strong><\/p>\n<\/td>\n<td width=\"63\">\n<p align=\"center\">2,6<\/p>\n<\/td>\n<td width=\"59\">\n<p align=\"center\">5,3<\/p>\n<\/td>\n<td width=\"61\">\n<p align=\"center\">14,1<\/p>\n<\/td>\n<td width=\"66\">\n<p align=\"center\">20,5<\/p>\n<\/td>\n<td width=\"63\">\n<p align=\"center\">19,1<\/p>\n<\/td>\n<td width=\"61\">\n<p align=\"center\">20,0<\/p>\n<\/td>\n<td width=\"66\">\n<p align=\"center\">&nbsp;<\/p>\n<\/td>\n<\/tr>\n<tr>\n<td width=\"171\">\n<p align=\"center\"><strong>9<\/strong><\/p>\n<\/td>\n<td width=\"63\">\n<p align=\"center\">5,7<\/p>\n<\/td>\n<td width=\"59\">\n<p align=\"center\">8,1<\/p>\n<\/td>\n<td width=\"61\">\n<p align=\"center\">14,0<\/p>\n<\/td>\n<td width=\"66\">\n<p align=\"center\">23,9<\/p>\n<\/td>\n<td width=\"63\">\n<p align=\"center\">24,8<\/p>\n<\/td>\n<td width=\"61\">\n<p align=\"center\">17,9<\/p>\n<\/td>\n<td width=\"66\">\n<p align=\"center\">&nbsp;<\/p>\n<\/td>\n<\/tr>\n<tr>\n<td width=\"171\">\n<p align=\"center\"><strong>10<\/strong><\/p>\n<\/td>\n<td width=\"63\">\n<p align=\"center\">8,8<\/p>\n<\/td>\n<td width=\"59\">\n<p align=\"center\">7,2<\/p>\n<\/td>\n<td width=\"61\">\n<p align=\"center\">16,1<\/p>\n<\/td>\n<td width=\"66\">\n<p align=\"center\">19,5<\/p>\n<\/td>\n<td width=\"63\">\n<p align=\"center\">15,2<\/p>\n<\/td>\n<td width=\"61\">\n<p align=\"center\">21,9<\/p>\n<\/td>\n<td width=\"66\">\n<p align=\"center\">&nbsp;<\/p>\n<\/td>\n<\/tr>\n<tr>\n<td width=\"171\">\n<p align=\"center\"><strong>11<\/strong><\/p>\n<\/td>\n<td width=\"63\">\n<p align=\"center\">24,7<\/p>\n<\/td>\n<td width=\"59\">\n<p align=\"center\">29,9<\/p>\n<\/td>\n<td width=\"61\">\n<p align=\"center\">12,7<\/p>\n<\/td>\n<td width=\"66\">\n<p align=\"center\">23,7<\/p>\n<\/td>\n<td width=\"63\">\n<p align=\"center\">17,4<\/p>\n<\/td>\n<td width=\"61\">\n<p align=\"center\">31,0<\/p>\n<\/td>\n<td width=\"66\">\n<p align=\"center\">&nbsp;<\/p>\n<\/td>\n<\/tr>\n<tr>\n<td width=\"171\">\n<p align=\"center\"><strong>12<\/strong><\/p>\n<\/td>\n<td width=\"63\">\n<p align=\"center\">16,1<\/p>\n<\/td>\n<td width=\"59\">\n<p align=\"center\">18,2<\/p>\n<\/td>\n<td width=\"61\">\n<p align=\"center\">21,3<\/p>\n<\/td>\n<td width=\"66\">\n<p align=\"center\">19,9<\/p>\n<\/td>\n<td width=\"63\">\n<p align=\"center\">29,0<\/p>\n<\/td>\n<td width=\"61\">\n<p align=\"center\">19,6<\/p>\n<\/td>\n<td width=\"66\">\n<p align=\"center\">&nbsp;<\/p>\n<\/td>\n<\/tr>\n<tr>\n<td width=\"171\">\n<p align=\"center\"><strong>godi\u0161nji prosjek<\/strong><\/p>\n<\/td>\n<td width=\"63\">\n<p align=\"center\">12,0<\/p>\n<\/td>\n<td width=\"59\">\n<p align=\"center\">11,3<\/p>\n<\/td>\n<td width=\"61\">\n<p align=\"center\">18,5<\/p>\n<\/td>\n<td width=\"66\">\n<p align=\"center\">33,1<\/p>\n<\/td>\n<td width=\"63\">\n<p align=\"center\">23,3<\/p>\n<\/td>\n<td width=\"61\">\n<p align=\"center\">26,6<\/p>\n<\/td>\n<td width=\"66\">\n<p align=\"center\">43,1<\/p>\n<\/td>\n<\/tr>\n<\/table>\n<\/div>\n<p class=\"MsoNormal\" style=\"line-height: 100%;\">&nbsp;<\/p>\n<div align=\"left\">\n<p><img loading=\"lazy\" decoding=\"async\" src=\"\/inmediasres\/images\/casopisi\/mrznja02.jpg\" alt=\"\" width=\"680\" height=\"410\" \/><\/p>\n<\/div>\n<p class=\"MsoNormal\" style=\"line-height: 170%;\">&nbsp;<\/p>\n<p class=\"MsoNormal\" style=\"line-height: 170%;\"><strong>Jedini dan bez govora mr\u017enje je Bo\u017ei\u0107<\/strong><\/p>\n<p class=\"MsoNormal\" style=\"line-height: 170%;\">Od ukupno 365 dana u razdoblju od 1. 5. 2018. pa do 30. 4. 2019, samo jedan dan nije bilo objava na news portalima koji bi u sebi sadr\u017eali rije\u010di govora mr\u017enje, i taj dan je 25. 12. 2018., Bo\u017ei\u0107. U prosjeku je objavljivano 29,6 objava dnevno, sa standardnom devijacijom od 28,5 objava po danu. 9. 1. 2019. objavljeno je najvi\u0161e objava, \u010dak 287. U tih 365 dana ukupno je prona\u0111eno 10. 769 medijskih objava s pojmom govora mr\u017enje, od \u010dega 84,5 % objava su prona\u0111ene na news portalima.<\/p>\n<p class=\"MsoNormal\" style=\"line-height: 100%;\">&nbsp;<\/p>\n<div align=\"left\">\n<p><img loading=\"lazy\" decoding=\"async\" src=\"\/inmediasres\/images\/casopisi\/mrznja03.jpg\" alt=\"\" width=\"720\" height=\"337\" \/><\/p>\n<\/div>\n<p class=\"MsoNormal\" style=\"line-height: 100%;\">&nbsp;<\/p>\n<p class=\"MsoNormal\" style=\"line-height: 170%;\">Osim 2018. godine, u promatranom razdoblju samo je Bo\u017ei\u0107 2013. bio bez objava koje su u sebi uklju\u010divale pojam govora mr\u017enje. <\/p>\n<p class=\"MsoNormal\" style=\"line-height: 170%;\">&nbsp;<\/p>\n<p class=\"MsoNormal\" style=\"line-height: 170%;\"><strong><em>PODACI O UZORKU MEDIJSKIH OBJAVA NEWS PORTALA<\/em><\/strong><\/p>\n<p class=\"MsoNormal\" style=\"line-height: 170%;\"><strong>&nbsp;<\/strong><\/p>\n<p class=\"MsoNormal\" style=\"line-height: 170%;\"><strong>Pregled klju\u010dnih doga\u0111aja koji se odnose na govor mr\u017enje<\/strong><\/p>\n<p class=\"MsoNormal\" style=\"line-height: 170%;\">Podatak o klju\u010dnim doga\u0111ajima vezanim uz govor mr\u017enje temelji se na tehnologiji. Upotrijebljen je ra\u010dunalni softver<a name=\"_ftnref127\"><\/a><a href=\"#_ftn127\"><sup>[<span style=\"font-family: 'times new roman', times;\"><strong>127<\/strong><\/span>]<\/sup><\/a> koji grupira medijske objave u doga\u0111aje obzirom na sli\u010dnost sadr\u017eaja (i neke druge kriterije). Prikaz klju\u010dnih doga\u0111aja dan je za razdoblje: 1. 5. 2018 \u2013 30. 4. 2019. Kao kriterij za va\u017enost pojedinog doga\u0111aja uzet je broj medijskih objava. Drugim rije\u010dima, klju\u010dni medijski doga\u0111aj je onaj koji je brojem objava izazvao najve\u0107u medijsku pozornost. Izdvojeni su oni doga\u0111aji s preko 100 objava. Doga\u0111aji su uzeti iz populacije medijskih objava, gdje populaciju \u010dine sve one objave tiska, radija, televizije ili news portala koje u sebi sadr\u017eavaju pojam govora mr\u017enje.<\/p>\n<p class=\"MsoNormal\" style=\"line-height: 100%;\">&nbsp;<\/p>\n<div align=\"left\">\n<table border=\"1\" cellspacing=\"0\" cellpadding=\"4\">\n<tr>\n<td width=\"463\">\n<p class=\"MsoNormal\" style=\"line-height: 170%;\">Naziv ili opis doga\u0111aja(teme), preuzet iz medijskog sadr\u017eaja<\/p>\n<\/td>\n<td width=\"85\">\n<p align=\"center\">Datum prve objave<\/p>\n<\/td>\n<td width=\"101\">\n<p align=\"center\">Broj medijskih objava <\/p>\n<\/td>\n<\/tr>\n<tr>\n<td width=\"463\">\n<p class=\"MsoNormal\" style=\"line-height: 170%;\">Ivan \u0110aki\u0107, sin HDZ-ovog saborskog zastupnika Josipa \u0110aki\u0107a \u010destitao pravoslavni Bo\u017ei\u0107 slikom na kojoj neki usta\u0161a u ruci dr\u017ei glavu mrtvog \u010detnika. Sliku je objavio uz popratni tekst u kojem pi\u0161e: &bdquo;Svim prijateljima &lsquo;srbicima&rsquo; sretan bozic&rdquo;.<\/p>\n<\/td>\n<td width=\"85\">\n<p align=\"center\">6. 1. 2019.<\/p>\n<\/td>\n<td width=\"101\">\n<p align=\"center\">523<\/p>\n<\/td>\n<\/tr>\n<tr>\n<td width=\"463\">\n<p class=\"MsoNormal\" style=\"line-height: 170%;\">Ivan Penava, gradona\u010delnik Vukovara, prozvan za izazivanje &ldquo;spirale govora mr\u017enje&rdquo; te se skoro potukao u Saboru<\/p>\n<\/td>\n<td width=\"85\">\n<p align=\"center\">15. 1. 2019.<\/p>\n<\/td>\n<td width=\"101\">\n<p align=\"center\">235<\/p>\n<\/td>\n<\/tr>\n<tr>\n<td width=\"463\">\n<p class=\"MsoNormal\" style=\"line-height: 170%;\">Milorad Pupovac, predsjednik SDSSa: &lsquo;Spaljivanje krnje s mojim likom, to je govor mr\u017enje&rsquo;<\/p>\n<\/td>\n<td width=\"85\">\n<p align=\"center\">4. 3. 2019.<\/p>\n<\/td>\n<td width=\"101\">\n<p align=\"center\">155<\/p>\n<\/td>\n<\/tr>\n<tr>\n<td width=\"463\">\n<p class=\"MsoNormal\" style=\"line-height: 170%;\">Izvje\u0161\u0107e Europske komisije o porastu govora mr\u017enje u Hrvatskoj<\/p>\n<\/td>\n<td width=\"85\">\n<p align=\"center\">14. 5. 2018.<\/p>\n<\/td>\n<td width=\"101\">\n<p align=\"center\">154<\/p>\n<\/td>\n<\/tr>\n<tr>\n<td width=\"463\">\n<p class=\"MsoNormal\" style=\"line-height: 170%;\">Osu\u0111ivanje srpske politi\u010darke Vjerice Radeta za tweet povodom smrti Hatid\u017ee Mehmedovi\u0107, predsjednice Udru\u017eenja &ldquo;Majke Srebrenice&rdquo;. Tweet glasi: &ldquo;\u010citam umrla Hatid\u017ea Mehmedovi\u0107 iz udru\u017eenja biznismenki Srebrenice. Ko li \u0107e je sahraniti. Mu\u017e ili sinovi?!&rdquo;<\/p>\n<\/td>\n<td width=\"85\">\n<p align=\"center\">24. 7. 2018.<\/p>\n<\/td>\n<td width=\"101\">\n<p align=\"center\">130<\/p>\n<\/td>\n<\/tr>\n<tr>\n<td width=\"463\">\n<p class=\"MsoNormal\" style=\"line-height: 170%;\">Pokolj u d\u017eamiji na Novom Zelandu<\/p>\n<\/td>\n<td width=\"85\">\n<p align=\"center\">14. 3. 2019.<\/p>\n<\/td>\n<td width=\"101\">\n<p align=\"center\">113<\/p>\n<\/td>\n<\/tr>\n<tr>\n<td width=\"463\">\n<p class=\"MsoNormal\" style=\"line-height: 170%;\">Svim televizijama koje su emitirale (ili prenosile) emisiju Bujica na temu migranata ukinuta koncesija na 24 sata<\/p>\n<\/td>\n<td width=\"85\">\n<p align=\"center\">22. 11. 2018.<\/p>\n<\/td>\n<td width=\"101\">\n<p align=\"center\">107<\/p>\n<\/td>\n<\/tr>\n<tr>\n<td width=\"463\">\n<p class=\"MsoNormal\" style=\"line-height: 170%;\">Nenad Stazi\u0107, saborski zastupnik SDP-a, komentirao na Facebooku: &ldquo;Izgleda da u svibnju 1945. posao nije obavljen temeljito. Kakva \u0161lampavost pobjednika&rdquo;<\/p>\n<\/td>\n<td width=\"85\">\n<p align=\"center\">27. 5. 2018.<\/p>\n<\/td>\n<td width=\"101\">\n<p align=\"center\">102<\/p>\n<\/td>\n<\/tr>\n<\/table>\n<\/div>\n<p class=\"MsoNormal\" style=\"line-height: 100%;\">&nbsp;<\/p>\n<p class=\"MsoNormal\" style=\"line-height: 170%;\"><strong>Promatrani medijski sadr\u017eaj se ne odnosi samo na negativne doga\u0111aje progla\u0161ene govorom mr\u017enje<\/strong><\/p>\n<p class=\"MsoNormal\" style=\"line-height: 170%;\">Prva asocijacija na pojam govora mr\u017enje su afere, ekscesi, konflikti, direktno nasilje ili neki sli\u010dni negativni doga\u0111aji u kojima je neki pojedinac ili skupina govorio mr\u017enju ili djelovao u skladu sa postupcima govora mr\u017enje, te su mediji prenijeli ovakav doga\u0111aj karakteriziraju\u0107i ga kao govor mr\u017enje. Rezultati istra\u017eivanja ukazuje na pojavnost pojma govora mr\u017enje unutar medijskih objava koje se ne ti\u010du nekog konkretnog negativnog doga\u0111aja.<\/p>\n<p class=\"MsoNormal\" style=\"line-height: 170%;\">Od ukupno 878 analiziranih objava iz uzorka, 357 ili 40,6 % se ne odnose na medijsko preno\u0161enje konkretnog negativnog doga\u0111aja karakteriziranog kao govor mr\u017enje.<\/p>\n<p class=\"MsoNormal\" style=\"line-height: 100%;\">&nbsp;<\/p>\n<div align=\"left\">\n<table border=\"1\" cellspacing=\"0\" cellpadding=\"4\">\n<tr>\n<td width=\"144\" rowspan=\"2\">\n<p align=\"center\">Postojanje konkretnog negativnog doga\u0111aja<\/p>\n<\/td>\n<td width=\"456\" colspan=\"3\">\n<p align=\"center\">Zastupljenost govora mr\u017enje u sadr\u017eaju objave<\/p>\n<\/td>\n<\/tr>\n<tr>\n<td width=\"277\">\n<p align=\"center\">Glavna tema<\/p>\n<\/td>\n<td width=\"88\">\n<p align=\"center\">Sporedna tema<\/p>\n<\/td>\n<td width=\"91\">\n<p align=\"center\"><strong>ukupno<\/strong><\/p>\n<\/td>\n<\/tr>\n<tr>\n<td width=\"144\">\n<p class=\"MsoNormal\" style=\"line-height: 170%;\">Da<\/p>\n<\/td>\n<td width=\"277\">\n<p align=\"center\">371<\/p>\n<\/td>\n<td width=\"88\">\n<p align=\"center\">150<\/p>\n<\/td>\n<td width=\"91\">\n<p align=\"center\"><strong>521<\/strong><\/p>\n<\/td>\n<\/tr>\n<tr>\n<td width=\"144\">\n<p class=\"MsoNormal\" style=\"line-height: 170%;\">Ne<\/p>\n<\/td>\n<td width=\"277\">\n<p align=\"center\">74<\/p>\n<\/td>\n<td width=\"88\">\n<p align=\"center\">283<\/p>\n<\/td>\n<td width=\"91\">\n<p align=\"center\"><strong>357<\/strong><\/p>\n<\/td>\n<\/tr>\n<tr>\n<td width=\"144\">\n<p class=\"MsoNormal\" style=\"line-height: 170%;\"><strong>ukupno<\/strong><\/p>\n<\/td>\n<td width=\"277\">\n<p align=\"center\"><strong>445<\/strong><\/p>\n<\/td>\n<td width=\"88\">\n<p align=\"center\"><strong>433<\/strong><\/p>\n<\/td>\n<td width=\"91\">\n<p align=\"center\"><strong>878<\/strong><\/p>\n<\/td>\n<\/tr>\n<\/table>\n<\/div>\n<p class=\"MsoNormal\" style=\"line-height: 100%;\">&nbsp;<\/p>\n<p class=\"MsoNormal\" style=\"line-height: 170%;\">Od ukupno 445 medijskih objava koje se punim sadr\u017eajem odnose na govor mr\u017enje, svega 16,6% objava nisu medijsko preno\u0161enje nekog ekscesa ili negativnog doga\u0111aja. Svaka \u010dast tim iznimkama, ali ovi podaci pokazuju kako je medijsko tematiziranje pojma govora mr\u017enje uglavnom vezano za preno\u0161enje ekscesa, nasilja, optu\u017ebi za govor mr\u017enje i drugih negativnih doga\u0111aja. <\/p>\n<p class=\"MsoNormal\" style=\"line-height: 170%;\">Od 74 medijske objave news portala iz uzorka koje se punim sadr\u017eajem odnose na govor mr\u017enje ali istovremeno ne govore o nekom konkretnom negativnom doga\u0111aju, istra\u017eiva\u010di su sastavili pregled tema ili doga\u0111aja. Pregled je ra\u0111en uz pomo\u0107 ljudske (a ne strojne) klasifikacije. Izabrani su oni doga\u0111aji koji imaju puno objava ili oni doga\u0111aji koji su svojim sadr\u017eajem vrlo razli\u010diti od ostatka medijskog sadr\u017eaja iz uzorka. <\/p>\n<p class=\"MsoNormal\" style=\"line-height: 100%;\">&nbsp;<\/p>\n<div align=\"left\">\n<table border=\"1\" cellspacing=\"0\" cellpadding=\"4\">\n<tr>\n<td width=\"386\">\n<p class=\"MsoNormal\" style=\"line-height: 170%;\"><strong>Opis ili naziv doga\u0111aja<\/strong> (preuzet iz \u010dlanaka)<\/p>\n<\/td>\n<td width=\"124\">\n<p align=\"center\"><strong>mjesec i godina doga\u0111aja<\/strong><\/p>\n<\/td>\n<td width=\"123\">\n<p align=\"center\"><strong>dru\u0161tveno podru\u010dje<\/strong><\/p>\n<\/td>\n<\/tr>\n<tr>\n<td width=\"386\">\n<p class=\"MsoNormal\" style=\"line-height: 170%;\">Izvje\u0161\u0107e Europske komisije protiv rasizma i nesno\u0161ljivosti<\/p>\n<\/td>\n<td width=\"124\">\n<p align=\"center\">5\/2018.<\/p>\n<\/td>\n<td width=\"123\">\n<p align=\"center\">europska politika<\/p>\n<\/td>\n<\/tr>\n<tr>\n<td width=\"386\">\n<p class=\"MsoNormal\" style=\"line-height: 170%;\">Motovunski filmski festival prikazao dokumentarni film &lsquo;Srbenka&rsquo; u produkciji Restarta \u2013 rad koji prati pripreme i probe Frlji\u0107eve predstave i tematizira ksenofobiju<\/p>\n<\/td>\n<td width=\"124\">\n<p align=\"center\">7\/2018.<\/p>\n<\/td>\n<td width=\"123\">\n<p align=\"center\">kultura<\/p>\n<\/td>\n<\/tr>\n<tr>\n<td width=\"386\">\n<p class=\"MsoNormal\" style=\"line-height: 170%;\">Potpredsjednik Hrvatskoga sabora, \u017deljko Reiner, govori na misi u Ludbregu i poziva na rad, ljubav i toleranciju<\/p>\n<\/td>\n<td width=\"124\">\n<p align=\"center\">9\/2018.<\/p>\n<\/td>\n<td width=\"123\">\n<p align=\"center\">politika, religija<\/p>\n<\/td>\n<\/tr>\n<tr>\n<td width=\"386\">\n<p class=\"MsoNormal\" style=\"line-height: 170%;\">Me\u0111unarodna konferencija u Zagrebu pod nazivom &ldquo;Regulacija govora mr\u017enje u medijima \u2013 uloga regulatornih tijela i pravosu\u0111a&rdquo;<\/p>\n<\/td>\n<td width=\"124\">\n<p align=\"center\">11\/2018.<\/p>\n<\/td>\n<td width=\"123\">\n<p align=\"center\">znanost<\/p>\n<\/td>\n<\/tr>\n<tr>\n<td width=\"386\">\n<p class=\"MsoNormal\" style=\"line-height: 170%;\">Tribina u Zagrebu pod nazivom &ldquo;Za\u0161to se mrzimo?&rdquo;<\/p>\n<\/td>\n<td width=\"124\">\n<p align=\"center\">11 i 12\/2018.<\/p>\n<\/td>\n<td width=\"123\">\n<p align=\"center\">znanost<\/p>\n<\/td>\n<\/tr>\n<tr>\n<td width=\"386\">\n<p class=\"MsoNormal\" style=\"line-height: 170%;\">Mi\u0161ljenja poznatih Hrvatica o negativnim komentarima na dru\u0161tvenim mre\u017eama<\/p>\n<\/td>\n<td width=\"124\">\n<p align=\"center\">12\/2018.<\/p>\n<\/td>\n<td width=\"123\">\n<p align=\"center\">estrada<\/p>\n<\/td>\n<\/tr>\n<tr>\n<td width=\"386\">\n<p class=\"MsoNormal\" style=\"line-height: 170%;\">Istra\u017eivanje Fakulteta politi\u010dkih znanosti o zabrani usta\u0161kih i komunisti\u010dkih simbola<\/p>\n<\/td>\n<td width=\"124\">\n<p align=\"center\">1\/2019.<\/p>\n<\/td>\n<td width=\"123\">\n<p align=\"center\">znanost<\/p>\n<\/td>\n<\/tr>\n<tr>\n<td width=\"386\">\n<p class=\"MsoNormal\" style=\"line-height: 170%;\">Ministarstvo kulture predla\u017ee novi zakon o medijima kojim \u0107e se regulirati nedopu\u0161teno pona\u0161anje na internetu<\/p>\n<\/td>\n<td width=\"124\">\n<p align=\"center\">1\/2019.<\/p>\n<\/td>\n<td width=\"123\">\n<p align=\"center\">politika i zakoni<\/p>\n<\/td>\n<\/tr>\n<tr>\n<td width=\"386\">\n<p class=\"MsoNormal\" style=\"line-height: 170%;\">Biskupska konferencija osudila govor mr\u017enje i totalitarne ideologije<\/p>\n<\/td>\n<td width=\"124\">\n<p align=\"center\">2\/2019.<\/p>\n<\/td>\n<td width=\"123\">\n<p align=\"center\">religija<\/p>\n<\/td>\n<\/tr>\n<tr>\n<td width=\"386\">\n<p class=\"MsoNormal\" style=\"line-height: 170%;\">2. Dani medijske pismenosti &#8211; rasprava i o govoru mr\u017enje na dru\u0161tvenim mre\u017eama<\/p>\n<\/td>\n<td width=\"124\">\n<p align=\"center\">4\/2019.<\/p>\n<\/td>\n<td width=\"123\">\n<p align=\"center\">znanost mediji<\/p>\n<\/td>\n<\/tr>\n<tr>\n<td width=\"386\">\n<p class=\"MsoNormal\" style=\"line-height: 170%;\">Studenti u studentskom domu na Savi objesili zastavu duginih boja kako bi ukazali na diskriminaciju i govor mr\u017enje<\/p>\n<\/td>\n<td width=\"124\">\n<p align=\"center\">6\/2018.<\/p>\n<\/td>\n<td width=\"123\">\n<p align=\"center\">studenti<\/p>\n<\/td>\n<\/tr>\n<tr>\n<td width=\"386\">\n<p class=\"MsoNormal\" style=\"line-height: 170%;\">Okrugli stol o govoru mr\u017enje u Hrvatskoj odr\u017ean na Fakultetu politi\u010dkih znanosti u Zagrebu<\/p>\n<\/td>\n<td width=\"124\">\n<p align=\"center\">12\/2018.<\/p>\n<\/td>\n<td width=\"123\">\n<p align=\"center\">znanost<\/p>\n<\/td>\n<\/tr>\n<tr>\n<td width=\"386\">\n<p class=\"MsoNormal\" style=\"line-height: 170%;\">Engleski ni\u017eeliga\u0161ki nogometni klub je igrao utakmicu u dresovima s duginim bojama, kao izraz podr\u0161ke LGBT zajednici<\/p>\n<\/td>\n<td width=\"124\">\n<p align=\"center\">2\/2019.<\/p>\n<\/td>\n<td width=\"123\">\n<p align=\"center\">nogomet<\/p>\n<\/td>\n<\/tr>\n<tr>\n<td width=\"386\">\n<p class=\"MsoNormal\" style=\"line-height: 170%;\">Facebook nakratko uvodi mogu\u0107nost da svaki korisnik ozna\u010di <em>post<\/em> kao govor mr\u017enje<\/p>\n<\/td>\n<td width=\"124\">\n<p align=\"center\">5\/2018.<\/p>\n<\/td>\n<td width=\"123\">\n<p align=\"center\">dru\u0161tvene mre\u017ee<\/p>\n<\/td>\n<\/tr>\n<tr>\n<td width=\"386\">\n<p class=\"MsoNormal\" style=\"line-height: 170%;\">Facebook objavljuje podatke o koli\u010dini uklonjenog sadr\u017eaja, jedna od kategorija je i govor mr\u017enje<\/p>\n<\/td>\n<td width=\"124\">\n<p align=\"center\">5\/2018.<\/p>\n<\/td>\n<td width=\"123\">\n<p align=\"center\">statistike o govoru mr\u017enje, dru\u0161tvene mre\u017ee<\/p>\n<\/td>\n<\/tr>\n<tr>\n<td width=\"386\">\n<p class=\"MsoNormal\" style=\"line-height: 170%;\">Facebook ne uklanja objave u kojima se negira holokaust, dok takav sadr\u017eaj ne prije\u0111e granicu i postane nasilan ili mrzila\u010dki<\/p>\n<\/td>\n<td width=\"124\">\n<p align=\"center\">7\/2018.<\/p>\n<\/td>\n<td width=\"123\">\n<p align=\"center\">dru\u0161tvene mre\u017ee<\/p>\n<\/td>\n<\/tr>\n<tr>\n<td width=\"386\">\n<p class=\"MsoNormal\" style=\"line-height: 170%;\">Europska komisija najavljuje stro\u017ea pravila za regulaciju sadr\u017eaja na dru\u0161tvenim mre\u017eama<\/p>\n<\/td>\n<td width=\"124\">\n<p align=\"center\">8\/2018.<\/p>\n<\/td>\n<td width=\"123\">\n<p align=\"center\">dru\u0161tvene mre\u017ee, europsko zakonodavstvo<\/p>\n<\/td>\n<\/tr>\n<tr>\n<td width=\"386\">\n<p class=\"MsoNormal\" style=\"line-height: 170%;\">Reguliranje i samoreguliranje Facebooka<\/p>\n<\/td>\n<td width=\"124\">\n<p align=\"center\">8\/2018. 3 i 4\/2019.<\/p>\n<\/td>\n<td width=\"123\">\n<p align=\"center\">dru\u0161tvene mre\u017ee<\/p>\n<\/td>\n<\/tr>\n<tr>\n<td width=\"386\">\n<p class=\"MsoNormal\" style=\"line-height: 170%;\">Donald Trump nezadovoljan rezultatima pretrage<br \/>\n (o sebi) na Googleu<\/p>\n<\/td>\n<td width=\"124\">\n<p align=\"center\">8\/2018.<\/p>\n<\/td>\n<td width=\"123\">\n<p align=\"center\">&nbsp;<\/p>\n<\/td>\n<\/tr>\n<tr>\n<td width=\"386\">\n<p class=\"MsoNormal\" style=\"line-height: 170%;\">&ldquo;Nije bilo govora mr\u017enje ili netrpeljivosti&rdquo; na do\u010deku nogometne reprezentacije u Zagrebu, izjavljuje predsjednica Kolinda Grabar Kitarovi\u0107<\/p>\n<\/td>\n<td width=\"124\">\n<p align=\"center\">7\/2018.<\/p>\n<\/td>\n<td width=\"123\">\n<p align=\"center\">nogomet<\/p>\n<\/td>\n<\/tr>\n<tr>\n<td width=\"386\">\n<p class=\"MsoNormal\" style=\"line-height: 170%;\">Pismo \u010ditateljice u kojem se pita za\u0161to moramo vrije\u0111ati jedni druge umjesto da u\u017eivamo u plasmanu na nogometnom prvenstvu<\/p>\n<\/td>\n<td width=\"124\">\n<p align=\"center\">7\/2018.<\/p>\n<\/td>\n<td width=\"123\">\n<p align=\"center\">pisma \u010ditatelja<\/p>\n<\/td>\n<\/tr>\n<tr>\n<td width=\"386\">\n<p class=\"MsoNormal\" style=\"line-height: 170%;\">Tumblr a\u017eurirao slu\u017ebena pravila pona\u0161anja te time nanio izravni udar govoru mr\u017enje<\/p>\n<\/td>\n<td width=\"124\">\n<p align=\"center\">9\/2018.<\/p>\n<\/td>\n<td width=\"123\">\n<p align=\"center\">dru\u0161tvene mre\u017ee<\/p>\n<\/td>\n<\/tr>\n<tr>\n<td width=\"386\">\n<p class=\"MsoNormal\" style=\"line-height: 170%;\">U Europi je na djelu &ldquo;stalni porast&rdquo; ksenofobnog populizma i govora mr\u017enje, upozorila je stru\u010dna skupina Vije\u0107a Europe<\/p>\n<\/td>\n<td width=\"124\">\n<p align=\"center\">6\/2018.<\/p>\n<\/td>\n<td width=\"123\">\n<p align=\"center\">europska politika<\/p>\n<\/td>\n<\/tr>\n<tr>\n<td width=\"386\">\n<p class=\"MsoNormal\" style=\"line-height: 170%;\">Europski parlament raspravljao o ja\u010danju ekstremizma<\/p>\n<\/td>\n<td width=\"124\">\n<p align=\"center\">10\/2018.<\/p>\n<\/td>\n<td width=\"123\">\n<p align=\"center\">europska politika<\/p>\n<\/td>\n<\/tr>\n<tr>\n<td width=\"386\">\n<p class=\"MsoNormal\" style=\"line-height: 170%;\">Europska komisija je zadovoljna provedbom Kodeksa postupanja za borbu protiv nezakonitog govora mr\u017enje na internetu<\/p>\n<\/td>\n<td width=\"124\">\n<p align=\"center\">2\/2019.<\/p>\n<\/td>\n<td width=\"123\">\n<p align=\"center\">europska politika<\/p>\n<\/td>\n<\/tr>\n<tr>\n<td width=\"386\">\n<p class=\"MsoNormal\" style=\"line-height: 170%;\">Francuski predsjednik Emmanuel Macron ma\u0111arskom premijeru Viktoru Orbanu i ministru unutarnjih poslova Matteu Salviniju &ldquo;Ni\u0161ta ne\u0107u prepustiti nacionalistima i onima koji se zala\u017eu za govor mr\u017enje&rdquo;<\/p>\n<\/td>\n<td width=\"124\">\n<p align=\"center\">8\/2018.<\/p>\n<\/td>\n<td width=\"123\">\n<p align=\"center\">europska politika<\/p>\n<\/td>\n<\/tr>\n<\/table>\n<\/div>\n<p class=\"MsoNormal\" style=\"line-height: 100%;\">&nbsp;<\/p>\n<p class=\"MsoNormal\" style=\"line-height: 170%;\">Iz popisa tema\/doga\u0111aja razvidno je kako inicijativa za pobolj\u0161anje stanja vezano uz govor mr\u017enje dolazi iz znanstvenih, politi\u010dkih i civilnih krugova, gdje se kao nositelji civilnih inicijativa pojavljuju studenti, (pisma) \u010ditatelja i nogometni klub.<\/p>\n<p class=\"MsoNormal\" style=\"line-height: 170%;\">Osim inicijativa, ovakve medijske objave zorno prikazuju medijsko prihva\u0107anje promicanja javne svijesti o problematici govora mr\u017enje. <\/p>\n<p class=\"MsoNormal\" style=\"line-height: 170%;\">Medijski sadr\u017eaj koji poti\u010de javnu svijest o problemu govora mr\u017enje ne odnosi se samo na Hrvatsku. Od ukupno 74 objave koje se punim sadr\u017eajem odnose na govor mr\u017enje i koje se ne odnose na neki konkretni negativni doga\u0111aj, njih 33 (44,5 %) se ne odnose na doga\u0111aje unutar teritorija Hrvatske. <\/p>\n<p class=\"MsoNormal\" style=\"line-height: 170%;\"><strong>&nbsp;<\/strong><\/p>\n<p class=\"MsoNormal\" style=\"line-height: 170%;\"><strong>Sadr\u017eaj hrvatskih portala o govoru mr\u017enje uglavnom se odnosi na govor mr\u017enje unutar teritorija Hrvatske. <\/strong><\/p>\n<p class=\"MsoNormal\" style=\"line-height: 100%;\">&nbsp;<\/p>\n<div align=\"left\">\n<table border=\"1\" cellspacing=\"0\" cellpadding=\"4\">\n<tr>\n<td width=\"649\" colspan=\"4\">\n<p align=\"center\">Raspodjela medijskih objava obzirom na zastupljenost govora mr\u017enje u sadr\u017eaju i postojanje negativnog doga\u0111aja, za objave koje se odnose na doga\u0111aje van teritorija Hrvatske<\/p>\n<\/td>\n<\/tr>\n<tr>\n<td width=\"328\" rowspan=\"2\">\n<p align=\"center\">Postojanje konkretnog negativnog doga\u0111aja<\/p>\n<\/td>\n<td width=\"321\" colspan=\"3\">\n<p align=\"center\">Zastupljenost govora mr\u017enje u sadr\u017eaju objave<\/p>\n<\/td>\n<\/tr>\n<tr>\n<td width=\"86\">\n<p align=\"center\">Glavna tema<\/p>\n<\/td>\n<td width=\"103\">\n<p align=\"center\">Sporedna tema<\/p>\n<\/td>\n<td width=\"132\">\n<p align=\"center\">ukupno<\/p>\n<\/td>\n<\/tr>\n<tr>\n<td width=\"328\">\n<p class=\"MsoNormal\" style=\"line-height: 170%;\"><strong>Da<\/strong><\/p>\n<\/td>\n<td width=\"86\">\n<p align=\"center\">109<\/p>\n<\/td>\n<td width=\"103\">\n<p align=\"center\">37<\/p>\n<\/td>\n<td width=\"132\">\n<p align=\"center\"><strong>146<\/strong><\/p>\n<\/td>\n<\/tr>\n<tr>\n<td width=\"328\">\n<p class=\"MsoNormal\" style=\"line-height: 170%;\"><strong>Ne<\/strong><\/p>\n<\/td>\n<td width=\"86\">\n<p align=\"center\">33<\/p>\n<\/td>\n<td width=\"103\">\n<p align=\"center\">57<\/p>\n<\/td>\n<td width=\"132\">\n<p align=\"center\"><strong>90<\/strong><\/p>\n<\/td>\n<\/tr>\n<tr>\n<td width=\"328\">\n<p class=\"MsoNormal\" style=\"line-height: 170%;\"><strong>ukupno<\/strong><\/p>\n<\/td>\n<td width=\"86\">\n<p align=\"center\"><strong>142<\/strong><\/p>\n<\/td>\n<td width=\"103\">\n<p align=\"center\"><strong>94<\/strong><\/p>\n<\/td>\n<td width=\"132\">\n<p align=\"center\"><strong>236<\/strong><\/p>\n<\/td>\n<\/tr>\n<\/table>\n<\/div>\n<p class=\"MsoNormal\" style=\"line-height: 100%;\">&nbsp;<\/p>\n<p class=\"MsoNormal\" style=\"line-height: 170%;\">\u010cetvrtina (26,8 % ili 236) objava iz uzorka se odnosi na doga\u0111aje medijski ozna\u010dene kao govor mr\u017enje koji se nisu odvijali unutar teritorija Hrvatske.<\/p>\n<p class=\"MsoNormal\" style=\"line-height: 170%;\">Od ukupno 236 objava koje se svojim sadr\u017eajem odnose na govor mr\u017enje na teritoriju neke druge zemlje (a ne Hrvatske), najzastupljenije zemlje su: Srbija (33 objave), SAD (31 objava), Internet (26 objava), Europska unija (24 objave), Bosna i Hercegovina (23 objave), Poljska (19 objava), Slovenija (14 objava) i Novi Zeland (11 objava).<\/p>\n<p class=\"MsoNormal\" style=\"line-height: 170%;\">Kategorija &lsquo;zemlje Europske Unije&rsquo; i &lsquo;Internet&rsquo; zahtijevaju obja\u0161njenje. Ukoliko se u objavi moglo odrediti u teritoriju koje zemlje se odvija govor mr\u017enje, ta je zemlja i kodirana ovom kategorijom. Kategorija Europske Unije se odnosi na one objave koje u svojem sadr\u017eaju govor mr\u017enje lociraju na cijelu Europsku Uniju ili na vi\u0161e od dvije zemlje Europske Unije istovremeno. Kategorija Interneta se odnosi na objave \u010diji sadr\u017eaj o govoru mr\u017enje se ne odnosi na neku odre\u0111enu zemlju nego Internet. Objave ozna\u010dene kao Internet su, na primjer, one objave koje govore o ukupnom broju objava koje Facebook uklanja sa svoje platforme zbog detekcije govora mr\u017enje. <\/p>\n<p class=\"MsoNormal\" style=\"line-height: 170%;\">Osim Sjedinjenih Ameri\u010dkih Dr\u017eava (SAD), koje kao neeuropska zemlja svakako prednja\u010de brojem objava vezanim uz govor mr\u017enje, na listi se nalaze i: Novi Zeland, Mjanamar, Brazil, Papua Nova Gvineja, \u0160ri Lanka, Venezuela, Izrael i Saudijska Arabija. Sve skupa je prona\u0111ena 51 objava koja se odnosi na govor mr\u017enje koji se zbiva van Europe \u0161to \u010dini 5,8 % ukupnog broja objava iz uzorka. <\/p>\n<p class=\"MsoNormal\" style=\"line-height: 170%;\">Europske zemlje (ne zemlje Europske Unije, ve\u0107 zemlje koje su barem dijelom u Europi) \u010dine 151 objavu, \u0161to \u010dini 17,2 % ukupnog broja objava iz uzorka. <\/p>\n<p class=\"MsoNormal\" style=\"line-height: 170%;\">Zanimljivo je za primijetiti kako su neke objave toliko generalizirane s obzirom na lokaciju izvora iz kojeg je potekla medijska objava na koju se odnose da je bilo potrebno u kategoriju &bdquo;zemlja u kojoj se radi o govoru mr\u017enje uvesti opciju &bdquo;svijet&ldquo;. Takvih objava ima u ovom uzorku 6<a name=\"_ftnref128\"><\/a><a href=\"#_ftn128\"><sup>[<span style=\"font-family: 'times new roman', times;\"><strong>128<\/strong><\/span>]<\/sup><\/a>. <\/p>\n<p class=\"MsoNormal\" style=\"line-height: 170%;\"><strong>&nbsp;<\/strong><\/p>\n<p class=\"MsoNormal\" style=\"line-height: 170%;\"><strong>Govor mr\u017enje se podjednako pojavljuje kao glavna i kao sporedna tema objave<\/strong><\/p>\n<p class=\"MsoNormal\" style=\"line-height: 170%;\">Ovom hipotezom se poku\u0161ava pokazati je li tema govora mr\u017enje u medijima zastupljena kao tema koja se provla\u010di kroz neke druge teme ili je to tema koja u medije dospijeva uglavnom kao samostalna tema. Time se istovremeno nastoji pokazati je li tematika govora mr\u017enje nadi\u0161la svoj milje i po\u010dinje se \u0161iriti i na druge medijske teme. <\/p>\n<p class=\"MsoNormal\" style=\"line-height: 170%;\">Usporedbom kategorija glavna ili sporedna tema s podacima o tome radi li se o preno\u0161enju nekog ekscesa vezanog uz govor mr\u017enje nastoji se pokazati jesu li medijske objave uglavnom vezane za preno\u0161enje ekscesa i u kojoj mjeri se medijski sadr\u017eaj odnosi na poku\u0161aje promicanja svijesti o govoru mr\u017enje ili poticanju onog suprotnog od govora mr\u017enje \u0161to su tolerancija i razumijevanje ili jednostavno ljudskost i neosu\u0111ivanje. <\/p>\n<p class=\"MsoNormal\" style=\"line-height: 170%;\">Glavna i sporedna tema su uvrije\u017eene analiti\u010dke kategorije. Ukoliko se objava punim svojim sadr\u017eajem odnosi na govor mr\u017enje, ozna\u010den je kao glavna tema. Ukoliko se sadr\u017eaj objave samo doti\u010de govora mr\u017enje ili je govor mr\u017enje samo spomenut u objavi, govor mr\u017enje ozna\u010den je kao sporedna tema objave. <\/p>\n<p class=\"MsoNormal\" style=\"line-height: 170%;\">Od ukupno 878 objava, njih 445 imaju govor mr\u017enje kao glavnu temu \u0161to \u010dini 50,68 % broja objava iz uzorka. <\/p>\n<p class=\"MsoNormal\" style=\"line-height: 170%;\">Iako nije kodirano, iz analiziranog korpusa se primje\u0107uje kako su \u010dlanci o govoru mr\u017enje u\u010destalo vezani uz temu slobode govora. Tako\u0111er je primjetljivo kako je pojam govora mr\u017enje u\u010destalo vezan uz politi\u010dke optu\u017ebe jedne politi\u010dke opcije spram druge politi\u010dke opcije. O prosudbi ispravnosti osude za govor mr\u017enje u ovoj se analizi nije prosu\u0111ivalo, no svakako je ispravni daljnji smjer prosuditi koriste li se javne optu\u017ebe za govor mr\u017enje ispravno ili su to samo prazne neutemeljene optu\u017ebe. <\/p>\n<p class=\"MsoNormal\" style=\"line-height: 170%;\">&nbsp;<\/p>\n<p class=\"MsoNormal\" style=\"line-height: 170%;\"><strong>Podaci o komentarima na dru\u0161tvenim mre\u017eama<\/strong><\/p>\n<p class=\"MsoNormal\" style=\"line-height: 170%;\">Od ukupno 72.001 prikupljenih komentara s dru\u0161tvenih mre\u017ea, neprihvatljiv govor prona\u0111en je u 1012 komentara \u0161to \u010dini 1,4 % komentara. <\/p>\n<p class=\"MsoNormal\" style=\"line-height: 170%;\">Najvi\u0161e komentara je prikupljeno s dru\u0161tvene mre\u017ee Facebook. Najvi\u0161e neprihvatljivih komentara je prona\u0111eno na dru\u0161tvenoj mre\u017ei Facebook. Najve\u0107i udio neprihvatljivih komentara u odnosu na ukupan broj komentara prona\u0111en je na dru\u0161tvenoj mre\u017ei YouTube.<\/p>\n<p class=\"MsoNormal\" style=\"line-height: 100%;\">&nbsp;<\/p>\n<div align=\"left\">\n<table border=\"1\" cellspacing=\"0\" cellpadding=\"4\">\n<tr>\n<td width=\"188\">\n<p class=\"MsoNormal\" style=\"line-height: 170%;\">&nbsp;<\/p>\n<\/td>\n<td width=\"102\">\n<p align=\"center\">Facebook<\/p>\n<\/td>\n<td width=\"86\">\n<p align=\"center\">YouTube<\/p>\n<\/td>\n<td width=\"71\">\n<p align=\"center\">Reddit<\/p>\n<\/td>\n<td width=\"77\">\n<p align=\"center\">forumi<\/p>\n<\/td>\n<td width=\"125\">\n<p align=\"center\">ukupno<\/p>\n<\/td>\n<\/tr>\n<tr>\n<td width=\"188\">\n<p class=\"MsoNormal\" style=\"line-height: 170%;\">ukupno komentara<\/p>\n<\/td>\n<td width=\"102\">\n<p align=\"center\">59. 847<\/p>\n<\/td>\n<td width=\"86\">\n<p align=\"center\">1 .861<\/p>\n<\/td>\n<td width=\"71\">\n<p align=\"center\">1. 906<\/p>\n<\/td>\n<td width=\"77\">\n<p align=\"center\">8. 387<\/p>\n<\/td>\n<td width=\"125\">\n<p align=\"center\">72. 001<\/p>\n<\/td>\n<\/tr>\n<tr>\n<td width=\"188\">\n<p class=\"MsoNormal\" style=\"line-height: 170%;\">neprihvatljivih komentara<\/p>\n<\/td>\n<td width=\"102\">\n<p align=\"center\">801<\/p>\n<\/td>\n<td width=\"86\">\n<p align=\"center\">62<\/p>\n<\/td>\n<td width=\"71\">\n<p align=\"center\">24<\/p>\n<\/td>\n<td width=\"77\">\n<p align=\"center\">125<\/p>\n<\/td>\n<td width=\"125\">\n<p align=\"center\">1.012<\/p>\n<\/td>\n<\/tr>\n<tr>\n<td width=\"188\">\n<p class=\"MsoNormal\" style=\"line-height: 170%;\">udio neprihvatljivih komentara<\/p>\n<\/td>\n<td width=\"102\">\n<p align=\"center\">1,34 %<\/p>\n<\/td>\n<td width=\"86\">\n<p align=\"center\">3,33 %<\/p>\n<\/td>\n<td width=\"71\">\n<p align=\"center\">1,26 %<\/p>\n<\/td>\n<td width=\"77\">\n<p align=\"center\">1,49 %<\/p>\n<\/td>\n<td width=\"125\">\n<p align=\"center\">1,41 %<\/p>\n<\/td>\n<\/tr>\n<\/table>\n<\/div>\n<p class=\"MsoNormal\" style=\"line-height: 100%;\">&nbsp;<\/p>\n<div align=\"left\">\n<p><img loading=\"lazy\" decoding=\"async\" src=\"\/inmediasres\/images\/casopisi\/mrznja04.jpg\" alt=\"\" width=\"680\" height=\"553\" \/><\/p>\n<\/div>\n<p class=\"MsoNormal\" style=\"line-height: 100%;\">&nbsp;<\/p>\n<div align=\"left\">\n<p><img loading=\"lazy\" decoding=\"async\" src=\"\/inmediasres\/images\/casopisi\/mrznja05.jpg\" alt=\"\" width=\"680\" height=\"553\" \/><\/p>\n<\/div>\n<p class=\"MsoNormal\" style=\"line-height: 170%;\">&nbsp;<\/p>\n<p class=\"MsoNormal\" style=\"line-height: 170%;\"><strong>Prema kome je usmjereno najvi\u0161e neprihvatljivih komentara na dru\u0161tvenim mre\u017eama<\/strong><\/p>\n<p class=\"MsoNormal\" style=\"line-height: 170%;\">Neprihvatljiv govor u komentaru nije uvijek usmjeren prema skupini na koju se naslov odnosi. <\/p>\n<p class=\"MsoNormal\" style=\"line-height: 170%;\"><em>Tablica: broj komentara sa neprihvatljivim govorom s obzirom na skupinu prema kojoj je govor usmjeren i s obzirom na to unutar koje pretrage je neprihvatljivi govor prona\u0111en.<\/em><\/p>\n<p class=\"MsoNormal\" style=\"line-height: 100%;\">&nbsp;<\/p>\n<div align=\"left\">\n<p><img loading=\"lazy\" decoding=\"async\" src=\"\/inmediasres\/images\/casopisi\/mrznja06.jpg\" alt=\"\" width=\"730\" height=\"354\" \/><\/p>\n<\/div>\n<p class=\"MsoNormal\" style=\"line-height: 100%;\">&nbsp;<\/p>\n<p class=\"MsoNormal\" style=\"line-height: 170%;\">U tablici su crvenim brojevima ozna\u010dene one skupine prema kojima je bilo najvi\u0161e komentara s neprimjerenim govorom. <\/p>\n<p class=\"MsoNormal\" style=\"line-height: 170%;\">Skupina za koju je prona\u0111eno najvi\u0161e komentara s neprihvatljivim govorom su Srbi. Broj komentara s neprihvatljivim govorom je 195. od toga je svega 58 % neprihvatljivih komentara unutar naslova koji govore o Srbima. Neprihvatljivi govor prema Srbima mo\u017ee se prona\u0107i i u komentarima vezanim uz naslove o Albancima, Bosancima, katolicima, pravoslavcima, Slovencima, Romima, Talijanima i \u017didovima. Jedine teme (naslovi) unutar kojih nisu prona\u0111eni neprihvatljivi komentari prema Srbima su migranti i muslimani. <\/p>\n<p class=\"MsoNormal\" style=\"line-height: 170%;\">Nakon Srba, druga skupina prema kojoj ima najvi\u0161e neprihvatljivog govora su Bosanci (134 komentara sa neprihvatljivim govorom). 106 ili 79 % neprihvatljivih komentara je prona\u0111eno na temu Bosanaca, dok se neprihvatljivi govor pojavio i unutar tema o migrantima, katolicima i muslimanima. <\/p>\n<p class=\"MsoNormal\" style=\"line-height: 170%;\">Tre\u0107a skupina prema kojoj je prona\u0111eno najvi\u0161e neprihvatljivih govora su pravoslavci. Najvi\u0161e neprihvatljivog govora usmjerenog prema pravoslavcima prona\u0111eno je izme\u0111u komentara s naslovima o katolicima (78 %).<\/p>\n<p class=\"MsoNormal\" style=\"line-height: 170%;\">Skupine (naslovi) koje imaju najve\u0107i broj neprihvatljivih komentara (bez obzira prema kome je usmjeren) su Bosanci. Ukupno 175 neprihvatljivih komentara je prona\u0111eno unutar naslova koji se odnose na Bosance. Iako je ve\u0107ina prona\u0111enog neprihvatljivog govora unutar naslova o Bosancima\u00a0 usmjerena prema Bosancima (60 %), preostalih 69 komentara sa neprihvatljivim govorom su usmjereni prema: migrantima, Srbima, muslimanima, Hrvatima i Amerikancima. Redoslijed skupina je od najvi\u0161e prema najmanje neprihvatljivih komentara. <\/p>\n<p class=\"MsoNormal\" style=\"line-height: 170%;\">Druga skupina prema kojoj je usmjereno najvi\u0161e neprihvatljivog govora su Srbi. Ukupno 144 neprihvatljiva komentara je prona\u0111eno unutar naslova koji se odnose na Srbe. Iako je ve\u0107ina prona\u0111enog neprihvatljivog govora unutar naslova o Srbima usmjerena prema Srbima (78 %), preostalih 31 komentara sa neprihvatljivim govorom su usmjereni prema: Hrvatima, Albancima, Romima, Talijanima, pravoslavcima, muslimanima, migrantima i Kinezima. Redoslijed skupina je od najvi\u0161e prema najmanje neprihvatljivih komentara.<\/p>\n<p class=\"MsoNormal\" style=\"line-height: 170%;\">Od izabranih skupina, najmanje neprihvatljivog govora je usmjereno prema Albancima i prema Romima. <\/p>\n<p class=\"MsoNormal\" style=\"line-height: 170%;\">Skupine prema kojima je usmjeren neprihvatljiv govor, a koje nisu bile predmetom istra\u017eivanja (odnosno nisu bile pretra\u017eivane) su: Amerikanci, Kinezi, Nijemci, Englezi, Francuzi, Iranci i Poljaci. <\/p>\n<p class=\"MsoNormal\" style=\"line-height: 170%;\">Unutar korpusa o Albancima i katolicima, najve\u0107i broj neprihvatljivih komentara je usmjeren na neke druge skupine (Srbe i pravoslavce). Sve ostale pretra\u017eivane skupine imaju najve\u0107i broj neprihvatljivog govora usmjerenog prema onoj skupini prema kojoj je pretraga ra\u0111ena. <\/p>\n<p class=\"MsoNormal\" style=\"line-height: 170%;\">Nije prona\u0111ena niti jedna skupina prema kojoj se pretra\u017eivalo a da nema neprihvatljivog govora prema toj skupini. <\/p>\n<p class=\"MsoNormal\" style=\"line-height: 170%;\">Kompariraju\u0107i etnicitet, vjeru i migrante, najvi\u0161e neprihvatljivih komentara ima temeljem etniciteta (587 komentara), zatim temeljem vjere (337) te su na ovoj listi zadnji migranti (88). Ovaj podatak svakako treba promatrati kroz \u010dinjenicu da je pretra\u017eivano 6 razli\u010ditih etni\u010dkih skupina i 4 vjerske skupine dok migrante predstavlja samo jedna skupina. <\/p>\n<p class=\"MsoNormal\" style=\"line-height: 170%;\">Gledaju\u0107i naslove s obzirom na etnicitet, vjeru i migrante, najvi\u0161e neprihvatljivih komentara ima na naslove koji se odnose na etnicitet (570), zatim na religiju (376) te najmanje unutar naslova o migrantima (66).<\/p>\n<p class=\"MsoNormal\" style=\"line-height: 170%;\">&nbsp;<\/p>\n<p class=\"MsoNormal\" style=\"line-height: 170%;\"><strong>\u0160to se najvi\u0161e komentira i gdje ima najvi\u0161e neprihvatljivog govora<\/strong><\/p>\n<p class=\"MsoNormal\" style=\"line-height: 100%;\">&nbsp;<\/p>\n<div align=\"left\">\n<table border=\"1\" cellspacing=\"0\" cellpadding=\"4\">\n<tr>\n<td width=\"181\">\n<p align=\"center\">Skupine prema kojima su pretra\u017eivani naslovi<\/p>\n<\/td>\n<td width=\"139\">\n<p align=\"center\">ukupan broj komentara<\/p>\n<\/td>\n<td width=\"158\">\n<p align=\"center\">ukupan broj komentara sa neprihvatljivim govorom<\/p>\n<\/td>\n<td width=\"133\">\n<p align=\"center\">udio neprihvatljivog govora<\/p>\n<\/td>\n<\/tr>\n<tr>\n<td width=\"181\">\n<p align=\"center\">Muslimani<\/p>\n<\/td>\n<td width=\"139\">\n<p align=\"center\">5013<\/p>\n<\/td>\n<td width=\"158\">\n<p align=\"center\">113<\/p>\n<\/td>\n<td width=\"133\">\n<p align=\"center\">2,25 %<\/p>\n<\/td>\n<\/tr>\n<tr>\n<td width=\"181\">\n<p align=\"center\">\u017didovi<\/p>\n<\/td>\n<td width=\"139\">\n<p align=\"center\">3238<\/p>\n<\/td>\n<td width=\"158\">\n<p align=\"center\">72<\/p>\n<\/td>\n<td width=\"133\">\n<p align=\"center\">2,22 %<\/p>\n<\/td>\n<\/tr>\n<tr>\n<td width=\"181\">\n<p align=\"center\">Albanci<\/p>\n<\/td>\n<td width=\"139\">\n<p align=\"center\">1971<\/p>\n<\/td>\n<td width=\"158\">\n<p align=\"center\">39<\/p>\n<\/td>\n<td width=\"133\">\n<p align=\"center\">1,98 %<\/p>\n<\/td>\n<\/tr>\n<tr>\n<td width=\"181\">\n<p align=\"center\">Talijani<\/p>\n<\/td>\n<td width=\"139\">\n<p align=\"center\">4949<\/p>\n<\/td>\n<td width=\"158\">\n<p align=\"center\">97<\/p>\n<\/td>\n<td width=\"133\">\n<p align=\"center\">1,96 %<\/p>\n<\/td>\n<\/tr>\n<tr>\n<td width=\"181\">\n<p align=\"center\">Pravoslavci<\/p>\n<\/td>\n<td width=\"139\">\n<p align=\"center\">2959<\/p>\n<\/td>\n<td width=\"158\">\n<p align=\"center\">50<\/p>\n<\/td>\n<td width=\"133\">\n<p align=\"center\">1,69 %<\/p>\n<\/td>\n<\/tr>\n<tr>\n<td width=\"181\">\n<p align=\"center\">Bosanci<\/p>\n<\/td>\n<td width=\"139\">\n<p align=\"center\">10755<\/p>\n<\/td>\n<td width=\"158\">\n<p align=\"center\">175<\/p>\n<\/td>\n<td width=\"133\">\n<p align=\"center\">1,63 %<\/p>\n<\/td>\n<\/tr>\n<tr>\n<td width=\"181\">\n<p align=\"center\">Katolici<\/p>\n<\/td>\n<td width=\"139\">\n<p align=\"center\">8892<\/p>\n<\/td>\n<td width=\"158\">\n<p align=\"center\">141<\/p>\n<\/td>\n<td width=\"133\">\n<p align=\"center\">1,59 %<\/p>\n<\/td>\n<\/tr>\n<tr>\n<td width=\"181\">\n<p align=\"center\">Slovenci<\/p>\n<\/td>\n<td width=\"139\">\n<p align=\"center\">7652<\/p>\n<\/td>\n<td width=\"158\">\n<p align=\"center\">104<\/p>\n<\/td>\n<td width=\"133\">\n<p align=\"center\">1,36 %<\/p>\n<\/td>\n<\/tr>\n<tr>\n<td width=\"181\">\n<p align=\"center\">Srbi<\/p>\n<\/td>\n<td width=\"139\">\n<p align=\"center\">12837<\/p>\n<\/td>\n<td width=\"158\">\n<p align=\"center\">144<\/p>\n<\/td>\n<td width=\"133\">\n<p align=\"center\">1,12 %<\/p>\n<\/td>\n<\/tr>\n<tr>\n<td width=\"181\">\n<p align=\"center\">Romi<\/p>\n<\/td>\n<td width=\"139\">\n<p align=\"center\">1448<\/p>\n<\/td>\n<td width=\"158\">\n<p align=\"center\">11<\/p>\n<\/td>\n<td width=\"133\">\n<p align=\"center\">0,76 %<\/p>\n<\/td>\n<\/tr>\n<tr>\n<td width=\"181\">\n<p align=\"center\">Migranti<\/p>\n<\/td>\n<td width=\"139\">\n<p align=\"center\">12287<\/p>\n<\/td>\n<td width=\"158\">\n<p align=\"center\">66<\/p>\n<\/td>\n<td width=\"133\">\n<p align=\"center\">0,54 %<\/p>\n<\/td>\n<\/tr>\n<tr>\n<td width=\"181\">\n<p align=\"center\">Ukupno<\/p>\n<\/td>\n<td width=\"139\">\n<p align=\"center\">72001<\/p>\n<\/td>\n<td width=\"158\">\n<p align=\"center\">1012<\/p>\n<\/td>\n<td width=\"133\">\n<p align=\"center\">1,41 %<\/p>\n<\/td>\n<\/tr>\n<\/table>\n<\/div>\n<p class=\"MsoNormal\" style=\"line-height: 100%;\">&nbsp;<\/p>\n<p class=\"MsoNormal\" style=\"line-height: 170%;\">Najvi\u0161e komentara prikupljeno je unutar naslova koji se odnose na Srbe. Najmanje naslova je prikupljeno za naslove koji se odnose na Rome. <\/p>\n<p class=\"MsoNormal\" style=\"line-height: 170%;\">Promatraju\u0107i udjele neprihvatljivih komentara u odnosu na ukupan broj komentara, naj\u010de\u0161\u0107e se neprihvatljivi komentari nalaze na naslove koji se odnose na muslimane. <\/p>\n<p class=\"MsoNormal\" style=\"line-height: 170%;\">O\u010digledno je kako redoslijed skupina prema broju komentara, broju neprihvatljivih komentara i udjela neprihvatljivih komentara nisu uskla\u0111eni. Vidljivo je kako skupine koje nemaju najvi\u0161e komentara niti najvi\u0161e neprihvatljivih komentara u apsolutnom iznosu, su na prvim mjestima prema udjelu neprihvatljivih komentara. <\/p>\n<p class=\"MsoNormal\" style=\"line-height: 170%;\">Najmanji udio neprihvatljivih komentara u ukupnom broju prikupljenih komentara je za skupinu migranti. <\/p>\n<p class=\"MsoNormal\" style=\"line-height: 170%;\">Iznala\u017eenje odgovora na pitanje za\u0161to pojedine skupine imaju manji ili ve\u0107i udio neprihvatljivih komentara nije predmet ovog istra\u017eivanja. Dobivanje odgovora na to pitanje zahtijevalo bi dublju analizu samih naslova, doga\u0111aja, konteksta a mo\u017eda i komentatora (po\u0161iljatelja). <\/p>\n<p class=\"MsoNormal\" style=\"line-height: 170%;\">&nbsp;<\/p>\n<p class=\"MsoNormal\" style=\"line-height: 170%;\"><strong>Skupine sa najvi\u0161e naslova i tko ima najvi\u0161e neprihvatljivih komentara po naslovu<\/strong><\/p>\n<p class=\"MsoNormal\" style=\"line-height: 100%;\">&nbsp;<\/p>\n<div align=\"left\">\n<p><img loading=\"lazy\" decoding=\"async\" src=\"\/inmediasres\/images\/casopisi\/mrznja07.jpg\" alt=\"\" width=\"725\" height=\"485\" \/><\/p>\n<\/div>\n<p class=\"MsoNormal\" style=\"line-height: 100%;\">&nbsp;<\/p>\n<p class=\"MsoNormal\" style=\"line-height: 170%;\">Sam na\u010din izbora sadr\u017eaja u uzorak se svodi na pronala\u017eenje naslova koji se odnose na pretra\u017eivane skupine. Povrh broja prikupljenih komentara, dajemo i prikaz broja prona\u0111enih naslova s obzirom na izabrane skupine za pretra\u017eivanje sadr\u017eaja dru\u0161tvenih mre\u017ea. <\/p>\n<p class=\"MsoNormal\" style=\"line-height: 170%;\">Na grafu je prikazan ukupan broj prikupljenih naslova i ukupan broj naslova u kojima je prona\u0111en barem jedan neprihvatljivi komentar. Udio naslova koji imaju neprihvatljive komentare nije sukladan ukupnom broju prikupljenih naslova na pojedinu pretra\u017eivanu skupinu i taj broj se vidi na desnoj ordinati (u apsolutnom iznosu).<\/p>\n<p class=\"MsoNormal\" style=\"line-height: 170%;\">U prosjeku svaki 25. naslov ima barem jedan komentar sa neprihvatljivim sadr\u017eajem (4,4 %). 12,4 % naslova skupine muslimani imaju barem jedan komentar sa neprihvatljivim sadr\u017eajem. Najmanji udio naslova sa neprihvatljivim sadr\u017eajem je prona\u0111en prilikom pretra\u017eivanja skupine Romi (2 %). <\/p>\n<p class=\"MsoNormal\" style=\"line-height: 170%;\">Slijedom ovog zaklju\u010divanje naslovi na koje se naj\u010de\u0161\u0107e pojavljuju komentari koji su neprihvatljivi su: muslimani (12,4 %), \u017didovi (8,5 %), pravoslavci (7,8 %). Skupine \u010diji naslovi najrje\u0111e imaju neprihvatljive komentare su: Romi (2 %), izbjeglice (2,8 %) i Srbi (2,9 %). <\/p>\n<p class=\"MsoNormal\" style=\"line-height: 170%;\">&nbsp;<\/p>\n<p class=\"MsoNormal\" style=\"line-height: 170%;\"><strong>wordcloud<\/strong><\/p>\n<p class=\"MsoNormal\" style=\"line-height: 170%;\">Naj\u010de\u0161\u0107e rije\u010di neprihvatljivog govora u komentarima su prikazane oblakom klju\u010dnih rije\u010di (wordcloud). Prikazuje se 50 naj\u010de\u0161\u0107e kori\u0161tenih rije\u010di u re\u010denicama ozna\u010denim kao neprihvatljiv govor. <\/p>\n<p class=\"MsoNormal\" style=\"line-height: 170%;\">&nbsp;<\/p>\n<p class=\"MsoNormal\" style=\"line-height: 170%;\"><em>Wordcloud neprimjerenog govora obzirom na etnicitet<\/em><\/p>\n<p class=\"MsoNormal\" style=\"line-height: 70%;\">&nbsp;<\/p>\n<div align=\"left\">\n<p><img loading=\"lazy\" decoding=\"async\" src=\"\/inmediasres\/images\/casopisi\/mrznja08.jpg\" alt=\"\" width=\"700\" height=\"382\" \/><\/p>\n<\/div>\n<p class=\"MsoNormal\" style=\"line-height: 170%;\">&nbsp;<\/p>\n<p class=\"MsoNormal\" style=\"line-height: 170%;\"><em>Wordcloud neprimjerenog govora obzirom na migrante<\/em><\/p>\n<p class=\"MsoNormal\" style=\"line-height: 70%;\">&nbsp;<\/p>\n<div align=\"left\">\n<p><img loading=\"lazy\" decoding=\"async\" src=\"\/inmediasres\/images\/casopisi\/mrznja09.jpg\" alt=\"\" width=\"700\" height=\"406\" \/><\/p>\n<\/div>\n<p class=\"MsoNormal\" style=\"line-height: 170%;\">&nbsp;<\/p>\n<p class=\"MsoNormal\" style=\"line-height: 170%;\"><em>Wordcloud neprimjerenog govora obzirom na vjeru<\/em><\/p>\n<p class=\"MsoNormal\" style=\"line-height: 70%;\">&nbsp;<\/p>\n<div align=\"left\">\n<p><img loading=\"lazy\" decoding=\"async\" src=\"\/inmediasres\/images\/casopisi\/mrznja10.jpg\" alt=\"\" width=\"700\" height=\"343\" \/><\/p>\n<\/div>\n<p class=\"MsoNormal\" style=\"line-height: 170%;\">&nbsp;<\/p>\n<p class=\"MsoNormal\" style=\"line-height: 170%;\"><em>Wordcloud cjelokupnog neprihvatljivog govora<\/em><\/p>\n<p class=\"MsoNormal\" style=\"line-height: 70%;\">&nbsp;<\/p>\n<div align=\"left\">\n<p><img loading=\"lazy\" decoding=\"async\" src=\"\/inmediasres\/images\/casopisi\/mrznja11.jpg\" alt=\"\" width=\"700\" height=\"460\" \/><\/p>\n<\/div>\n<p class=\"MsoNormal\" style=\"line-height: 170%;\">&nbsp;<\/p>\n<p class=\"MsoNormal\" style=\"line-height: 170%;\">O\u010dekivali smo da \u0107emo od primjene oblaka klju\u010dnih rije\u010di koji u sebi sadr\u017ei mogu\u0107nost posebnog prikaza glagola, pridjeva i imenica dobiti odre\u0111ene analiti\u010dke parametre koji \u0107e nas upu\u0107ivati prema zaklju\u010dku. Me\u0111utim, do toga nismo do\u0161li iz razloga \u0161to se u neprihvatljivom izri\u010daju prema bilo kojem od predmeta na\u0161e analize (religija, etnicitet i migranti) upotrebljavaju metafore, ironija, sarkazam a ve\u0107ina izgovorenog ima neke kontekstualne i semanti\u010dke specifi\u010dne zna\u010dajke. <\/p>\n<p class=\"MsoNormal\" style=\"line-height: 170%;\">Pou\u010deni ovim dijelom istra\u017eivanja shvatili smo da trebamo napraviti bazu upotrjebljenih izraza prema razli\u010ditim skupinama koja je u postupku izrade i za koju se nadamo da \u0107e nam omogu\u0107iti dublji analiti\u010dki uvid u sadr\u017eaj neprihvatljivog govora. Rezultate \u0107emo prikazati u narednom radu i zbog toga ovaj rad ima karakter prethodnog priop\u0107enja. <\/p>\n<p class=\"MsoNormal\" style=\"line-height: 170%;\">&nbsp;<\/p>\n<p class=\"MsoNormal\" style=\"line-height: 170%;\"><strong>ZAKLJU\u010cAK<\/strong><\/p>\n<p class=\"MsoNormal\" style=\"line-height: 170%;\">Problem govora mr\u017enje kroz godine dobiva sve vi\u0161e medijskog prostora. <\/p>\n<p class=\"MsoNormal\" style=\"line-height: 170%;\">Mediji vr\u0161e funkciju podizanja javne svijesti o problemu govora mr\u017enje kroz preno\u0161enje sadr\u017eaja i doga\u0111aja vezanih uz govor mr\u017enje. Zastupljenost medijskog sadr\u017eaja s pojmom govora mr\u017enje se kroz vrijeme pove\u0107ava. Osim nasilnog i neprimjerenog pona\u0161anja, medijski sadr\u017eaj odnosi se i na promicanja problematike govora mr\u017enje kroz razli\u010dite znanstvene i stru\u010dne skupove, edukacije, kulturna doga\u0111anja koja tematiziraju govor mr\u017enje, op\u0107enite ili statisti\u010dke podatke o govoru mr\u017enje te nastojanja vlasti da prilagode zakonodavni okvir.<a name=\"_ftnref129\"><\/a><a href=\"#_ftn129\"><sup>[<span style=\"font-family: 'times new roman', times;\"><strong>129<\/strong><\/span>]<\/sup><\/a><\/p>\n<p class=\"MsoNormal\" style=\"line-height: 170%;\">Medijski sadr\u017eaj o govoru mr\u017enje ve\u0107inom je vezan uz doga\u0111aje koji su se zbili na teritoriju Republike Hrvatske, no \u010detvrtina svih promatranih medijskih objava odnosi se na govor mr\u017enje u nekim drugim zemljama, prete\u017eno susjednim zemljama. Mediji portretiraju problematiku govora mr\u017enje kao sveop\u0107eg dru\u0161tvenog problema koji nadilazi granice Hrvatske dr\u017eave. Istovremeno se svrstava Hrvatsku kao zemlju u trendu sa svjetskim nastojanjima u borbi s ovim problemom. <\/p>\n<p class=\"MsoNormal\" style=\"line-height: 170%;\">Objave koje u sebi sadr\u017ee pojam govora mr\u017enje: u podjednakom omjeru su objave koje se punim svojim sadr\u017eajem odnose na govor mr\u017enje kao i objave koje se manjim dijelom odnose na govor mr\u017enje ili je govor mr\u017enje samo spomenut u objavi. Govor mr\u017enje nije nu\u017eno samostalna medijska tema ve\u0107 se isprepli\u0107e sa drugim temama i sadr\u017eajima. <\/p>\n<p class=\"MsoNormal\" style=\"line-height: 170%;\">Analizom sadr\u017eaja komentara sa dru\u0161tvenih mre\u017ea utvr\u0111ena je pojavnost neprihvatljivog govora na razini od 1,4 % prikupljenih i analiziranih komentara. <\/p>\n<p class=\"MsoNormal\" style=\"line-height: 170%;\">Obzirom na naslove (odnosno tematiku) pod kojima su komentari skupljani, najvi\u0161e se neprihvatljivih komentara pojavljuje uz naslove vezane uz Bosance. Skupina prema kojoj je usmjereno najvi\u0161e neprihvatljivih komentara su Srbi. Neprihvatljivi komentari nisu uvijek usmjereni prema onoj skupini na koju se odnosi naslov. <\/p>\n<p class=\"MsoNormal\" style=\"line-height: 170%;\">U ovom radu smo primijenili jezi\u010dne tehnologije i to: <\/p>\n<ol style=\"list-style-type: decimal;\">\n<li><span style=\"line-height: 170%;\">Klasifikator &#8211; Za prikupljanje podataka iz baze podataka, gdje je isti pokazao to\u010dnost od 95 %<\/span><\/li>\n<li><span style=\"line-height: 170%;\">Simularnosti (iste vijesti) \u2013 radi detekcije istovjetnosti medijskog sadr\u017eaja i brzine \u0161irenja istog kroz medijski prostor. Razina to\u010dnosti je 92 %<\/span><\/li>\n<li><span style=\"line-height: 170%;\">Event detection \u2013 za grupiranje medijskog sadr\u017eaja u doga\u0111aje. Razina to\u010dnosti je 86 %<\/span><\/li>\n<li><span style=\"line-height: 170%;\">Metricom za prikupljanje komentara i naslova sa dru\u0161tvenih mre\u017ea<\/span><\/li>\n<\/ol>\n<p class=\"MsoNormal\" style=\"line-height: 170%;\">Ve\u0107ina upotrjebljenih i novih tehnologija primijenit \u0107e se u sljede\u0107oj fazi istra\u017eiva\u010dkog procesa koji ima za cilj napraviti bazu naj\u010de\u0161\u0107e upotrebljavanih rije\u010di govora mr\u017enje prema vrsti, zna\u010denjske odrednice upotrjebljenih izraza i naj\u010de\u0161\u0107ih metafora te naj\u010de\u0161\u0107e izraze, \u0161to ovaj rad svrstava u kategoriju prethodnih priop\u0107enja.<\/p>\n<p class=\"MsoNormal\" style=\"line-height: 170%;\"><strong>&nbsp;<\/strong><\/p>\n<p class=\"MsoNormal\" style=\"line-height: 170%;\"><strong>DISKUSIJA<\/strong><\/p>\n<p class=\"MsoNormal\" style=\"line-height: 170%;\">Medijski prostor zaista zastupa tematiku govora mr\u017enje, i to ne samo kao preno\u0161enje doga\u0111aja ve\u0107 se kroz medijski sadr\u017eaj prote\u017ee jedna (izravna ili izme\u0111u redova) osuda govora mr\u017enje. Svekoliki je dojam istra\u017eiva\u010da da se status osude za govor mr\u017enje tretira kao ne\u0161to zaista grozno. Svakako je stav medija koji osu\u0111uje (izravno ili neizravno) govor mr\u017enje pozitivan smjer, poglavito imaju\u0107i u vidu ponekad nedovoljno nagla\u0161enu odgojnu funkciju medija. Pritom, kad se ka\u017ee odgojna, smatramo to da sadr\u017eaj medija masovnog komuniciranja mo\u017ee utjecati na promjene mi\u0161ljenja i stavova pojedinaca ili dru\u0161tva i promijeniti javno mnijenje o pojedinoj teme. Svakako bi ovakva razmi\u0161ljanja trebalo provjeriti nekim daljnjim istra\u017eivanjima, bilo kroz analizu sadr\u017eaja (da se utvrde stavovi spram govora mr\u017enje) bilo kao ispitivanje javnog mnijenja ili neki drugi oblik istra\u017eivanja.<\/p>\n<p class=\"MsoNormal\" style=\"line-height: 170%;\">Zanimljivo bi bilo istra\u017eiti prema kojoj skupini je najvi\u0161e usmjeren govor mr\u017enje te koje su to u\u010destale fraze kojima se &bdquo;\u010dasti&ldquo; pojedinu skupinu. Koji su to naj\u010de\u0161\u0107i kanali putem kojih se govori mr\u017enja?<\/p>\n<p class=\"MsoNormal\" style=\"line-height: 170%;\">Koje su to medijske teme uz koje je govor mr\u017enje vezan? Iako ovo pitanje nije bilo u fokusu istra\u017eivanja, prilikom istra\u017eivanja &bdquo;isplivale&ldquo; su teme: slobode govora, reguliranja dru\u0161tvenih mre\u017ea, politike i politi\u010dkih govora i djelovanja, nasilja, sporta. Ovakva klasifikacija tema svakako ne predstavlja znanstveno utemeljenu klasifikaciju, ve\u0107 samo opservaciju istra\u017eiva\u010da koja bi mogla poslu\u017eiti nekom drugom.<\/p>\n<p class=\"MsoNormal\" style=\"line-height: 170%;\">Gledaju\u0107i nekoliko stolje\u0107a unazad, veliki je dru\u0161tveni pomak da se govor mr\u017enje postavio kao dru\u0161tveni problem. Ovo je logi\u010dan pomak u modernom humanisti\u010dkom dru\u0161tvu koje je na temelju slobode i jednakosti priznalo neprihvatljivost nasilja spram bilo kojeg pojedinca temeljem pripadnosti nekoj skupini i iznjedrilo posebnu klasifikaciju: nasilje iz mr\u017enje. Problem govora mr\u017enje je, prema mi\u0161ljenju ovih istra\u017eiva\u010da, samo logi\u010dan daljnji korak u nastojanju popravaka dru\u0161tva na na\u010din da se nasilje iz mr\u017enje prevenira jo\u0161 u ranom stadiju a \u0161to govor mr\u017enje jest. <\/p>\n<p class=\"MsoNormal\" style=\"line-height: 170%;\">Ni\u0161ta ne pogodi \u010dovjeka kao spoznaja da je nasilje vezano uz govor mr\u017enje prisutno u tvojem susjedstvu. \u010citati o ubijanju muslimana na Novom Zelandu, ubojstvu no\u017eem u Poljskoj i smrtonosnoj pucnjavi u sinagogi u SAD &#8211; u nije isto kao i \u010ditati o \u017eigosanju usta\u0161kog &bdquo;U&ldquo; u Zadarskoj srednjoj \u0161koli. <\/p>\n<p class=\"MsoNormal\" style=\"line-height: 170%;\">Za\u0161to pojedini doga\u0111aji dobivaju vi\u0161e medijske pozornosti od drugih? Radi li se o uskla\u0111ivanju medijskog sadr\u017eaja po principu &bdquo;ako drugi o tome pi\u0161u, moram i ja&ldquo; ili \u0107e vi\u0161e medijske pozornosti dobiti onaj doga\u0111aj koji se odnosi na skandal vezan uz neku javnu osobu (poput \u0110aki\u0107eve Facebook &bdquo;\u010destitke&ldquo; Bo\u017ei\u0107a &bdquo;srbi\u0107ima&ldquo;)? Postoji li mo\u017eda neka druga varijabla koja \u010dini pojedini sadr\u017eaj o govoru mr\u017enje medijski vi\u0161e ili manje zastupljenim?<\/p>\n<p class=\"MsoNormal\" style=\"line-height: 170%;\">Postoji li (i u kojoj mjeri) svojevrsno razbacivanje osudom za govor mr\u017enje? Postoji li opasnost da \u0107e osuda za govor mr\u017enje postati jo\u0161 jedna izlizana politi\u010dka fraza? U kojoj se mjeri razli\u010dite medijski eksponirane osobe brane pozivaju\u0107i se na govor mr\u017enje prema njima?<\/p>\n<p class=\"MsoNormal\" style=\"line-height: 170%;\">Prati li broj doga\u0111aja koji se odnose na imenovani negativni doga\u0111aj u kojem je to\u010dno odre\u0111eni pojedinac prozvan za govor mr\u017enje broj sudskih procesa? Ili prozivanje u medijima za govor mr\u017enje nikad ni ne dospije do prijave ili optu\u017enice? Uostalom, je li ve\u0107i broj prijava i \/ ili optu\u017enica za govor mr\u017enje od medijskih doga\u0111aja u kojima se nekoga proziva za govor mr\u017enje? I koji udio prijava i optu\u017enica za govor mr\u017enje uop\u0107e dospije u medije?<\/p>\n<p class=\"MsoNormal\" style=\"line-height: 170%;\">Onome tko prvi put zaluta u tematiku govora mr\u017enje stanje se mo\u017ee \u010diniti banalnim i nevrijednim znanstvenog interesa. No, kao i uvijek, kad dobije\u0161 odgovor na jedno pitanje pojavi se stotina novih. To je valjda tako, jer da nema novih pitanja ne bi bilo niti znanosti.<\/p>\n<p class=\"MsoNormal\" style=\"line-height: 170%;\">&nbsp;<\/p>\n<p class=\"MsoNormal\" style=\"line-height: 170%;\"><strong>Zahvale<\/strong><\/p>\n<p class=\"MsoNormal\" style=\"line-height: 170%;\">Zahvaljujemo poduze\u0107u Presscut i Medianet na pristupu bazi medijskih objava bez koje ovaj rad ne bi bilo mogu\u0107e provesti.<\/p>\n<p class=\"MsoNormal\" style=\"line-height: 150%;\">&nbsp;<\/p>\n<hr align=\"left\" size=\"1\" width=\"33%\" \/>\n<div id=\"ftn115\">\n<p class=\"MsoNormal\" style=\"line-height: 150%;\"><span style=\"font-size: 8.0pt;\"><a name=\"_ftn115\"><\/a><a href=\"#_ftnref115\"><sup>[<span style=\"font-family: 'times new roman', \ntimes;\"><strong>115<\/strong><\/span>]<\/sup><\/a>&nbsp;<br \/>\nCitirana je Okvirna odluka o suzbijanju odre\u0111enih oblika i na\u010dina izra\u017eavanja rasizma i ksenofobije kazneno &#8211; pravnim sredstvima, 2008\/913\/PUP koju je 2008. godine donijelo Vije\u0107e EU.<\/p>\n<p><\/span><\/p>\n<\/div>\n<div id=\"ftn116\">\n<p class=\"MsoNormal\" style=\"line-height: 150%;\"><span style=\"font-size: 8.0pt;\"><a name=\"_ftn116\"><\/a><a href=\"#_ftnref116\"><sup>[<span style=\"font-family: 'times new roman', \ntimes;\"><strong>116<\/strong><\/span>]<\/sup><\/a>&nbsp;<br \/>\nKazneni zakon RH, \u010dlanak 325, pro\u010di\u0161\u0107eni tekst, na snazi od 1. 1. 2020. <a href=\"https:\/\/www.zakon.hr\/z\/98\/Kazneni-zakon\">https:\/\/www.zakon.hr\/z\/98\/Kazneni-zakon<\/a>.<br \/>\n<\/span><\/p>\n<\/div>\n<div id=\"ftn117\">\n<p class=\"MsoNormal\" style=\"line-height: 150%;\"><span style=\"font-size: 8.0pt;\"><a name=\"_ftn117\"><\/a><a href=\"#_ftnref117\"><sup>[<span style=\"font-family: 'times new roman', \ntimes;\"><strong>117<\/strong><\/span>]<\/sup><\/a>&nbsp;<br \/>\nKriteriji pra\u0107enja odnosno ulaska medijskog sadr\u017eaja u medijsku bazu objava su definirani na sljede\u0107i na\u010din: tiskovine koje imaju nakladu 3000 ili vi\u0161e primjeraka, barem 500 news portala koji su najposje\u0107eniji prema Alexa ili Gemius listi najposje\u0107enijih portala, informativne emisije svih nacionalnih i najgledanije\/najslu\u0161anije informativne emisije regionalnih, \u017eupanijskih i lokalnih radijskih i televizijskih postaja sa terestrijalnim signalom. <\/p>\n<p><\/span><\/p>\n<\/div>\n<div id=\"ftn118\">\n<p class=\"MsoNormal\" style=\"line-height: 150%;\"><span style=\"font-size: 8.0pt;\"><a name=\"_ftn118\"><\/a><a href=\"#_ftnref118\"><sup>[<span style=\"font-family: 'times new roman', \ntimes;\"><strong>118<\/strong><\/span>]<\/sup><\/a>&nbsp;<br \/>\nPretraga je tekstualna. Kako smo pretra\u017eili tekstualno radijske i televizijske priloge, pitate se? Sav govor zvu\u010dnih i video zapisa je uz pomo\u0107 tehnologije pretvaranja govora u tekst tekstualiziran. Sav tiskovni sadr\u017eaj prolazi kroz OCR i tako sadr\u017eaj \u010dlanka iz slike pretvara u tekst. To\u010dnost pretvaranja govora u tekst je 92 %, a to\u010dnost OCRa je 97 %, \u0161to ostavlja prostor za pogre\u0161no uklju\u010divanje ili isklju\u010divanje objave iz populacije. <\/p>\n<p><\/span><\/p>\n<\/div>\n<div id=\"ftn119\">\n<p class=\"MsoNormal\" style=\"line-height: 150%;\"><span style=\"font-size: 8.0pt;\"><a name=\"_ftn119\"><\/a><a href=\"#_ftnref119\"><sup>[<span style=\"font-family: 'times new roman', \ntimes;\"><strong>119<\/strong><\/span>]<\/sup><\/a>&nbsp;<br \/>\nNajposje\u0107eniji prema Gemiusovoj listi portala, prema prosjeku posje\u0107enosti kroz promatrani period.<br \/>\n<\/span><\/p>\n<\/div>\n<div id=\"ftn120\">\n<p class=\"MsoNormal\" style=\"line-height: 150%;\"><span style=\"font-size: 8.0pt;\"><a name=\"_ftn120\"><\/a><a href=\"#_ftnref120\"><sup>[<span style=\"font-family: 'times new roman', \ntimes;\"><strong>120<\/strong><\/span>]<\/sup><\/a>&nbsp;<br \/>\nAlat Metricom je kori\u0161ten za pretragu dru\u0161tvenih mre\u017ea i uklju\u010duje samo javne objave.<br \/>\n<\/span><\/p>\n<\/div>\n<div id=\"ftn121\">\n<p class=\"MsoNormal\" style=\"line-height: 150%;\"><span style=\"font-size: 8.0pt;\"><a name=\"_ftn121\"><\/a><a href=\"#_ftnref121\"><sup>[<span style=\"font-family: 'times new roman', \ntimes;\"><strong>121<\/strong><\/span>]<\/sup><\/a>&nbsp;<br \/>\nIzabrane klju\u010dne rije\u010di su: Srbija, Srbi, srpski, Bosna, Bo\u0161njak, Bosanac, bosanski, bo\u0161nja\u010dki, Slovenija, Slovenac, slovenski, Romi, romski, Cigan, ciganski, Albanija, Albanac, albanski, \u0160iptar, \u0161iptarski, Italija, Talijan, talijanski, \u017didov, \u017eidovski, katolici, katoli\u010dki, katoli\u010danstvo, pravoslavlje, pravoslavac, pravoslavan, islam, musliman, muslimanski, izbjeglica, migrant. Rezultati pretrage po klju\u010dnim rije\u010dima obuhva\u0107aju sve morfolo\u0161ke oblike izabrane klju\u010dne rije\u010di (a ne samo nominativ jednine).<br \/>\n<\/span><\/p>\n<\/div>\n<div id=\"ftn122\">\n<p class=\"MsoNormal\" style=\"line-height: 150%;\"><span style=\"font-size: 8.0pt;\"><a name=\"_ftn122\"><\/a><a href=\"#_ftnref122\"><sup>[<span style=\"font-family: 'times new roman', \ntimes;\"><strong>122<\/strong><\/span>]<\/sup><\/a>&nbsp;<br \/>\nKazneni zakon RH, \u010dlanak 325, stavak 1., <a href=\"https:\/\/www.zakon.hr\/z\/98\/Kazneni-zakon\">https:\/\/www.zakon.hr\/z\/98\/Kazneni-zakon<\/a>.<br \/>\n<\/span><\/p>\n<\/div>\n<div id=\"ftn123\">\n<p class=\"MsoNormal\" style=\"line-height: 150%;\"><span style=\"font-size: 8.0pt;\"><a name=\"_ftn123\"><\/a><a href=\"#_ftnref123\"><sup>[<span style=\"font-family: 'times new roman', \ntimes;\"><strong>123<\/strong><\/span>]<\/sup><\/a>&nbsp;<br \/>\nIstra\u017eiva\u010di priznaju da postoje razlike u zna\u010denju rije\u010di izbjeglica i migrant, kako u konotaciji tako i pravne. Za potrebe ovog istra\u017eivanja se nije radila razlika izme\u0111u migranta i izbjeglice ve\u0107 su ta dva pojma uzimana kao istovjetna.<\/p>\n<p><\/span><\/p>\n<\/div>\n<div id=\"ftn124\">\n<p class=\"MsoNormal\" style=\"line-height: 150%;\"><span style=\"font-size: 8.0pt;\"><a name=\"_ftn124\"><\/a><a href=\"#_ftnref124\"><sup>[<span style=\"font-family: 'times new roman', \ntimes;\"><strong>124<\/strong><\/span>]<\/sup><\/a>&nbsp;<br \/>\nZa potrebe ovog istra\u017eivanja nije napravljena razlika izme\u0111u Bosanaca i Bo\u0161njaka i oba pojma su promatrana kao istozna\u010dna; etni\u010dku pripadnost bo\u0161nja\u010dkoj nacionalnosti. Jedan od razloga sjedinjavanja ovih dvaju pojmova se nalazi u samom materijalu koji je obra\u0111ivan: komentatori na dru\u0161tvenim mre\u017eama ne slijede slu\u017ebenu podjelu pojmova ve\u0107 se pojmovi \u010desto brkaju i mijenjaju.<br \/>\n<\/span><\/p>\n<\/div>\n<div id=\"ftn125\">\n<p class=\"MsoNormal\" style=\"line-height: 150%;\"><span style=\"font-size: 8.0pt;\"><a name=\"_ftn125\"><\/a><a href=\"#_ftnref125\"><sup>[<span style=\"font-family: 'times new roman', \ntimes;\"><strong>125<\/strong><\/span>]<\/sup><\/a>&nbsp;<br \/>\nIstra\u017eiva\u010di priznaju da se skupinu \u017didovi mo\u017ee podjednako promatrati kao etni\u010dku ili kao vjersku skupinu, no za potrebe ovog rada je skupina \u017didovi grupirana u vjersku a ne etni\u010dku skupinu. <\/p>\n<p><\/span><\/p>\n<\/div>\n<div id=\"ftn126\">\n<p class=\"MsoNormal\" style=\"line-height: 150%;\"><span style=\"font-size: 8.0pt;\"><a name=\"_ftn126\"><\/a><a href=\"#_ftnref126\"><sup>[<span style=\"font-family: 'times new roman', \ntimes;\"><strong>126<\/strong><\/span>]<\/sup><\/a>&nbsp;<br \/>\nVrste medija su: tiskovine, news portali, radio i televizija.<\/p>\n<p><\/span><\/p>\n<\/div>\n<div id=\"ftn127\">\n<p class=\"MsoNormal\" style=\"line-height: 150%;\"><span style=\"font-size: 8.0pt;\"><a name=\"_ftn127\"><\/a><a href=\"#_ftnref127\"><sup>[<span style=\"font-family: 'times new roman', \ntimes;\"><strong>127<\/strong><\/span>]<\/sup><\/a>&nbsp;<br \/>\nRa\u010dunalni softver upotrjebljen za generiranje doga\u0111aja se zove event detection.<br \/>\n<\/span><\/p>\n<\/div>\n<div id=\"ftn128\">\n<p class=\"MsoNormal\" style=\"line-height: 150%;\"><span style=\"font-size: 8.0pt;\"><a name=\"_ftn128\"><\/a><a href=\"#_ftnref128\"><sup>[<span style=\"font-family: 'times new roman', \ntimes;\"><strong>128<\/strong><\/span>]<\/sup><\/a>&nbsp;<br \/>\nU kategoriji &bdquo;svijet&ldquo; se ne nalaze objave ozna\u010dene sa &bdquo;Internet&ldquo;. Primjeri: statistike govora mr\u017enje na svjetskoj razini, opasnosti od razvoja tehnologija poglavito umjetne inteligencije. <\/p>\n<p><\/span><\/p>\n<\/div>\n<div id=\"ftn129\">\n<p class=\"MsoNormal\" style=\"line-height: 150%;\"><span style=\"font-size: 8.0pt;\"><a name=\"_ftn129\"><\/a><a href=\"#_ftnref129\"><sup>[<span style=\"font-family: 'times new roman', \ntimes;\"><strong>129<\/strong><\/span>]<\/sup><\/a>&nbsp;<br \/>\nPitanje je je li samo preno\u0161enje pozitivnih primjera podizanje javne svijesti ili se i negativni doga\u0111aji mogu tuma\u010diti kao podizanje javne svijesti o problemu govora mr\u017enje.<br \/>\n<\/span><\/p>\n<\/div>\n<p class=\"MsoNormal\" style=\"line-height: 150%;\">&nbsp;<\/p>\n<p class=\"MsoNormal\" style=\"line-height: 170%;\"><strong>Literatura:<\/strong><\/p>\n<p class=\"MsoNormal\" style=\"line-height: 170%;\">Alaburi\u0107, V. (2003). Ograni\u010davanje &bdquo;govora mr\u017enje&ldquo; u demokratskome dru\u0161tvu \u2013 Teorijsko, zakonodovani i pratki\u010dni aspekti. <em>Hrvatska pravna revija: \u010dasopis za promicanje pravne teorije i prakse<\/em>, 3 (2), 80-90.<\/p>\n<p class=\"MsoNormal\" style=\"line-height: 170%;\">Arofah, K. (2018) Rhetorical Analysis of Hate Speech &#8211; Case Study of Hate Speech Related to Ahok&rsquo;s Religion Blasphemy Case, <em>Journal Komunikasi<\/em>, 11(1), str. 91-105.<\/p>\n<p class=\"MsoNormal\" style=\"line-height: 170%;\">Aslan, A. (2017) Online Hate Discourse &#8211; A Study on Hatred Speech Directed Against Syrian Refugees on YouTube, <em>Journal of Media Critiques<\/em>, 12(3), str. 227-256, DOI: 10.17349\/jmc117413.<\/p>\n<p class=\"MsoNormal\" style=\"line-height: 170%;\">Baider, F. (2019) Double speech act &#8211; Negotiating inter-cultural beliefs and intra-cultural hate speech, <em>Journal of Pragmatics<\/em>, 151, str. 155-166, DOI: 10.1016\/j.pragma.2019.05.006.<\/p>\n<p class=\"MsoNormal\" style=\"line-height: 170%;\">Bajt, V. (2015) Anti-Immigration Hate Speech in Slovenia, u <em>Razor Wired: Reflections on Migration Movements through Slovenia in 2015<\/em>, str. 51-61.<\/p>\n<p class=\"MsoNormal\" style=\"line-height: 170%;\">Banks, J. (2010). Regulating hate speech online, <em>International Review of Law, Computers &amp; Technology<\/em>, 24:3, 233-239<\/p>\n<p class=\"MsoNormal\" style=\"line-height: 170%;\">Baumgarten, N. &amp; Bick, E. &amp; Geyer, K. &amp; Iversen, D. &amp; Kleene, A. &amp; Lind\u00f8, A. &amp; Jana Neitsch, Niebuhr, O. &amp; Nielsen, R. &amp; Nedenskov Petersen, E. (2019) Towards Balance and Boundaries in Public Discourse: Expressing and Perceiving Online Hate Speech (XPEROHS), <em>RASK: International Journal of Language and Communication<\/em>, 50(Autumn 2019), str. 87-108.<\/p>\n<p class=\"MsoNormal\" style=\"line-height: 170%;\">Ben-David, A. &amp; Matamoros-Fernandez, A. (2016) Hate Speech and Covert Discrimination on Social Media &#8211; Monitoring the Facebook Pages of Extreme-Right Political Parties in Spain, <em>International Journal of Communication<\/em>, 10, str. 1167\u20131193.<\/p>\n<p class=\"MsoNormal\" style=\"line-height: 170%;\">Benkler, Y., Faris, R., Roberts, H., Zuckerman. E., (2017). Study: Breitbart-led right-wing media ecosystem altered broader media agenda. <em>Columbia Journalism Review<\/em> [online] 3. 3. 2017. <a href=\"https:\/\/www.cjr.org\/analysis\/breitbart-media-trump-harvard-study.php\">https:\/\/www.cjr.org\/analysis\/breitbart-media-trump-harvard-study.php<\/a> (pristupljeno 28. 6. 2019.).<\/p>\n<p class=\"MsoNormal\" style=\"line-height: 170%;\">Bentzen, N. (2017). Parliamentary briefing: &lsquo;Fake news&rsquo; and the EU&rsquo;s response.\u00a0 <em>European Parliament Think Tank<\/em> [online] 31.3.2017. <a href=\"http:\/\/www.europarl.europa.eu\/thinktank\/en\/document.html?reference=EPRS_ATA(2017)599384\">http:\/\/www.europarl.europa.eu\/thinktank\/en\/document.html?reference=EPRS_ATA(2017)599384<\/a> (pristupljeno 28. 6. 2019.).<\/p>\n<p class=\"MsoNormal\" style=\"line-height: 170%;\">Blanco-Herrero, D. &amp; Calderon, C. (2019) Spread and reception of fake news promoting hate speech against migrants and refugees in social media, u <em>TEEM&rsquo;19: Proceedings of the Seventh International Conference on Technological Ecosystems for Enhancing Multiculturality<\/em> (Leon, \u0160panjolska, 16.- 18. 10. 2019.), str. 949\u2013955, DOI: 10.1145\/3362789.3362842.<\/p>\n<p class=\"MsoNormal\" style=\"line-height: 170%;\">Blazak, R. (2009). Toward a working definition of hate groups. In B. Perry, B. Levin, P. Iganski, R. Blazak, &amp; F. Lawrence (Eds.), <em>Hate crimes<\/em> (133\u2013148). Westport, CT: Greenwood Publishing Group.<\/p>\n<p class=\"MsoNormal\" style=\"line-height: 170%;\">Bosco, C. &amp; Patti, V. &amp; Bogetti, M. &amp; Conoscenti, M. &amp; Ruffo, G. &amp; Schifanella, R. &amp; Stranisci, M. (2019) Tools and resources for detecting hate and prejudice against immigrants in social media, u <em>Symposium Iii. Social Interactions In Complex Intelligent Systems (SICIS)<\/em> (Falmouth, Ujedinjeno Kraljevstvo, 16. &#8211; 18. 4. 2019), str. 79-84.<\/p>\n<p class=\"MsoNormal\" style=\"line-height: 170%;\">Britannica. Hate speech [online] <a href=\"https:\/\/www.britannica.com\/search?query=hate+speech\">https:\/\/www.britannica.com\/search?query=hate+speech<\/a> (preuzeto 28. 6. 2019.). <\/p>\n<p class=\"MsoNormal\" style=\"line-height: 170%;\">Brown, A. (2018). What is so special about online (as compared to offline) hate speech? <em>Ethnicities<\/em>, 18(3), 297\u2013326.<\/p>\n<p class=\"MsoNormal\" style=\"line-height: 170%;\">Busolo, D. &amp; Ngigi, S. (2018) Understanding Hate Speech in Kenya, <em>New Media and Mass Communication<\/em>, 70, str. 43-49.<\/p>\n<p class=\"MsoNormal\" style=\"line-height: 170%;\">Carlson, C. &amp; Rousselle, H. (2020) Report and repeat &#8211; Investigating Facebook&rsquo;s hate speech removal process, <em>First Monday<\/em>, 25(2), DOI: 10.5210\/fm.v25i2.10288.<\/p>\n<p class=\"MsoNormal\" style=\"line-height: 170%;\">Carney, T. (2014) Being (im)polite: A forensic linguistic approach to interpreting a hate speech case, <em>Language Matters: Studies in the Languages of Africa<\/em>, 45(3), str. 325-341, DOI: 10.1080\/10228195.2014.959545.<\/p>\n<p class=\"MsoNormal\" style=\"line-height: 170%;\">Chandrasekharan, E. &amp; Pavalanathan, U. &amp; Srinivasan, A. &amp; Glynn, A. &amp; Eisenstein, J. &amp; Gilbert, E. (2017) You Can&rsquo;t Stay Here &#8211; The Efficacy of Reddit&rsquo;s 2015 Ban Examined Through Hate Speech, <em>PACM on Human-Computer Interaction<\/em>, 1(CSCW), str. 1-22, DOI: 10.1145\/3134666.<\/p>\n<p class=\"MsoNormal\" style=\"line-height: 170%;\">Chetty, N., Alathur, S. (2018). Hate speech review in the context of online social networks. <em>Aggression and Violent Behavior<\/em>, Volume 40, 108-118<\/p>\n<p class=\"MsoNormal\" style=\"line-height: 170%;\">Cohen-Almagor, R. (2019) Racism and hate speech \u2013 A critique of Scanlon&rsquo;s Contractual Theory, <em>First Amendment Studies<\/em>, 53(1-2), str. 41 &#8211; 66, DOI: 10.1080\/21689725.2019.1601579.<\/p>\n<p class=\"MsoNormal\" style=\"line-height: 170%;\">Comandini, G. &amp; Patti, V. (2019) An Impossible Dialogue! Nominal Utterances and Populist Rhetoric in an Italian Twitter Corpus of Hate Speech against Immigrants, u <em>Proceedings of the Third Workshop on Abusive Language Online<\/em> (Firenza, Italija, 1. 8. 2019.), str. 163\u2013171.<\/p>\n<p class=\"MsoNormal\" style=\"line-height: 170%;\">Costello, M., Hawdon, J., Ratliff, T. N. (2017). Confronting Online Extremism: The Effect of Self-Help, Collective Efficacy, and Guardianship on Being a Target for Hate Speech. <em>Social Science Computer Review<\/em>, 35(5), 587\u2013605.<\/p>\n<p class=\"MsoNormal\" style=\"line-height: 170%;\">Culpeper, J. (2011). <em>Impoliteness. Using Language to Cause Offence.<\/em> Cambridge: Cambridge University Press.<\/p>\n<p class=\"MsoNormal\" style=\"line-height: 170%;\">\u010cerkez, I. (2009). Osnovna obilje\u017eja medijske komunikacije u demokratskoj kulturi. <em>Socijalna ekologija<\/em>. 18(1), 28-45.<\/p>\n<p class=\"MsoNormal\" style=\"line-height: 170%;\">Davids, N. (2018) On the (in)tolerance of hate speech &#8211; does it have legitimacy in a democracy, <em>Ethics and Education<\/em>, 13(3), str. 296-308, DOI: 10.1080\/17449642.2018.1477036.<\/p>\n<p class=\"MsoNormal\" style=\"line-height: 170%;\">Davidson, T., Warmsley, D., Macy, M., Weber, I. (2017). Automated hate speech detection and the problem of offensive language<em>. arXiv<\/em> Preprint arXiv:1703.04009.<\/p>\n<p class=\"MsoNormal\" style=\"line-height: 170%;\">Demaske, C. (2019) Social Justice, Recognition Theory and the First Amendment &#8211; A New Approach to Hate Speech Restriction, <em>Communication Law and Policy<\/em>, 24(3), str. 347-401, DOI: 10.1080\/10811680.2019.1627800.<\/p>\n<p class=\"MsoNormal\" style=\"line-height: 170%;\">Doring, N. &amp; Mohseni, M. (2019) Fail videos and related video comments on YouTube &#8211; a case of sexualization of women and gendered hate speech, <em>Communication Research Reports<\/em>, 36, str. 1-11, DOI: 10.1080\/08824096.2019.1634533.<\/p>\n<p class=\"MsoNormal\" style=\"line-height: 170%;\">Enarsson, T. &amp; Lindgren, S. (2018) Free speech or hate speech &#8211; A legal analysis of the discourse about Roma on Twitter, <em>Information &amp; Communications Technology Law<\/em>, 28(1), str. 1-18, DOI: 10.1080\/13600834.2018.1494415.<\/p>\n<p class=\"MsoNormal\" style=\"line-height: 170%;\">Ezeibe, C. &amp; Ikeanyibe, O. (2017) Ethnic Politics, Hate Speech, and Access to Political Power in Nigeria, <em>Africa Today<\/em>, 63(4), str. 64-83, DOI: 10.2979\/africatoday.63. 4. 04.<\/p>\n<p class=\"MsoNormal\" style=\"line-height: 170%;\">Florio, K. &amp; Basile, V. &amp; Lai, M. &amp; Patti, V. (2019) Leveraging Hate Speech Detection to Investigate Immigration-related Phenomena in Italy, u <em>8th International Conference on Affective Computing and Intelligent Interaction Workshops and Demos (ACIIW)<\/em> (Cambridge, Ujedinjeno Kraljevstvo, 3.- 6. 9. 2019.), str. 219-225.<\/p>\n<p class=\"MsoNormal\" style=\"line-height: 170%;\">Fortuna, P., Nunes, S. (2018). A Survey on Automatic Detection of Hate Speech in Text. <em>ACM Comput. Surv<\/em>. 51, 4, Article 85.<\/p>\n<p class=\"MsoNormal\" style=\"line-height: 170%;\">Fuchs, C. (2014). <em>Social Media: A Critical Introduction<\/em>. London: SAGE.<\/p>\n<p class=\"MsoNormal\" style=\"line-height: 170%;\">Fuchs, T. &amp; Schafer, F. (2020) Normalizing misogyny &#8211; hate speech and verbal abuse of female politicians on Japanese Twitter, <em>Japan Forum<\/em>, str. 1-27, DOI: 10.1080\/09555803.2019.1687564.<\/p>\n<p class=\"MsoNormal\" style=\"line-height: 170%;\">Gelber, K. (2019): Differentiating hate speech: a systemic discrimination approach, <em>Critical Review of International Social and Political Philosophy<\/em>, str. 1-22, DOI: 10.1080\/13698230.2019.1576006 <\/p>\n<p class=\"MsoNormal\" style=\"line-height: 170%;\">Gould, R. (2019) Is the &lsquo;hate&rsquo; in hate speech the &lsquo;hate&rsquo; in hate crime? Waldron and Dworkin on political legitimacy, <em>Jurisprudence &#8211; An International Journal of Legal and Political Thought<\/em>, 10(2), str. 171-187, DOI: 10.1080\/20403313.2018.1552468.<\/p>\n<p class=\"MsoNormal\" style=\"line-height: 170%;\">Hawdon, J., Oksanen, A., Rasanen, P. (2016). Exposure to online hate in four nations: A cross-national consideration. <em>Deviant Behavior<\/em>, 38:3, 254-266<\/p>\n<p class=\"MsoNormal\" style=\"line-height: 170%;\">Hebrang, B. (2006). <em>Informacijske (novinske) agencije<\/em>. Zagreb: Jarbol d.o.o.<\/p>\n<p class=\"MsoNormal\" style=\"line-height: 170%;\">Hemker, K. (2018) <em>Data Augmentation and Deep Learning for Hate Speech Detection<\/em>. MSc. Imperial College London.<\/p>\n<p class=\"MsoNormal\" style=\"line-height: 170%;\">Hrdina, M. (2016) Identity, activism and hatred &#8211; Hate speech against migrants on facebook in the Czech Republic in 2015, Na\u0161e spole\u010dnost, 14(1), str. 38-45, DOI: 10.13060\/1214438X.2016.1.14.265.<\/p>\n<p class=\"MsoNormal\" style=\"line-height: 170%;\">Jaki, S. &amp; De Smedt, T. (2018) Right-wing German Hate Speech on Twitter &#8211; Analysis and Automatic Detection, <em>arXiv &#8211; Computation and Language<\/em>, arXiv:1910.07518 [cs.CL].<\/p>\n<p class=\"MsoNormal\" style=\"line-height: 170%;\">Kazneni zakon RH, zadnja izmjena 1. 1. 2020., NN 125\/11, 144\/12, 56\/15, 61\/15, 101\/17, 118\/18, 126\/19 <\/p>\n<p class=\"MsoNormal\" style=\"line-height: 170%;\">Kimotho, S. &amp; Nyaga, R. (2016) Digitized Ethnic Hate Speech &#8211; Understanding Effects of Digital Media Hate Speech on Citizen Journalism in Kenya, <em>Advances in Language and Literary Studies<\/em>, 7(3), str. 189-200, DOI: 10.7575\/aiac.alls.v.7n.3p.189.<u> <\/u><\/p>\n<p class=\"MsoNormal\" style=\"line-height: 170%;\">Kulenovi\u0107, E. (2016) <em>Govor mr\u017enje u Hrvatskoj<\/em>. Zagreb, Fakultet politi\u010dkih znanosti Sveu\u010dili\u0161ta u Zagrebu<\/p>\n<p class=\"MsoNormal\" style=\"line-height: 170%;\">Laba\u0161, D. i Grmu\u0161a, T. (2011). Istinitost i objektivnost u informaciji i dru\u0161tveno \u0161tetne komunikacijske forme. <em>Kroatologija<\/em>. 2(12), 87-122.<\/p>\n<p class=\"MsoNormal\" style=\"line-height: 170%;\">Laaksonen, S-M. &amp; Haapoja, J. &amp; Kinnunen, T. &amp; Nelimarkka, M., &amp; P\u00f6yht\u00e4ri, R. (2020). The Datafication of Hate: Expectations and Challenges in Automated Hate Speech Monitoring, <em>Frontiers in Big Data<\/em>, 3(3), str. 1-16, DOI:10.3389\/fdata.2020.00003.<\/p>\n<p class=\"MsoNormal\" style=\"line-height: 170%;\">Lazaridis, G. &amp; Veikou, M. (2016) The rise of the far right in Greece and opposition to &lsquo;othering&rsquo;, hate speech, and crime by civil and civic organizations, <em>Journal of Civil Society<\/em>, 13(1), str. 1 &#8211; 17, DOI: 10.1080\/17448689.2016.1251032.<\/p>\n<p class=\"MsoNormal\" style=\"line-height: 170%;\">Leets, L. (2002). Experiencing Hate Speech: Perceptions and Responses to Anti-Semitism and Antigay Speech. <em>V Journal of Social Issues.<\/em> 58 (2): 341 \u2013 361.<\/p>\n<p class=\"MsoNormal\" style=\"line-height: 170%;\">Macquarie rje\u010dnik (2016) <em>Rije\u010d godine<\/em>. [online]\u00a0 23. 11. 2016. <a href=\"https:\/\/www.macquariedictionary.com.au\/resources\/view\/word\/of\/the\/year\/2016\">https:\/\/www.macquariedictionary.com.au\/resources\/view\/word\/of\/the\/year\/2016<\/a> (pristupljeno 28. 6. 2019.).<\/p>\n<p class=\"MsoNormal\" style=\"line-height: 170%;\">Malmasi, S. &amp; Zampieri, M. (2017) Challenges in discriminating profanity from hate speech, <em>Journal of Experimental &amp; Theoretical Artificial Intelligence<\/em>, 30(4), str. 1-16. DOI: 10.1080\/0952813X.2017.1409284.<\/p>\n<p class=\"MsoNormal\" style=\"line-height: 170%;\">Marwick, A., Lewis, R. (2017). Media Manipulation and Disinformation Online. <em>Data and Society<\/em> [online] 15. 5. 2017. <a href=\"https:\/\/datasociety.net\/output\/media-manipulation-and-disinfo-online\/\">https:\/\/datasociety.net\/output\/media-manipulation-and-disinfo-online\/<\/a> (pristupljeno 28. 6. 2019.).<\/p>\n<p class=\"MsoNormal\" style=\"line-height: 170%;\">Mattsson, C. (2019) Lost in translation \u2013 A case study of a public debate on freedom of expression and a neo-Nazi rally, <em>Social Identities<\/em>, 26(1) ,str. 92-108, DOI: 10.1080\/13504630.2019.1679620.<\/p>\n<p class=\"MsoNormal\" style=\"line-height: 170%;\">Meibauer, J. (2013). <em>Hassrede\/Hate Speech. Interdisziplin\u00e4re Beitr\u00e4ge zu einer aktuellen Diskussion.<\/em> Gie\u00dfener Elektronische Bibliothek. <\/p>\n<p class=\"MsoNormal\" style=\"line-height: 170%;\">Mondal, A. (2018) The shape of free speech: rethinking liberal free speech theory, <em>Continuum<\/em>, 32(4), str. 503-517, DOI: 10.1080\/10304312.2018.1480463.<\/p>\n<p class=\"MsoNormal\" style=\"line-height: 170%;\">Munivrana V., \u0160urina, M., Marton, A. (2016). Gdje prestaju granice slobode izra\u017eavanja, a po\u010dinje govor mr\u017enje? Analiza hrvatskog zakonodavstva i prakse u svjetlu europskih pravnih standarada. <em>Hrvatski ljetopis za kaznene znanosti i praksu<\/em> vol. 23\/2, str. 435-467.<\/p>\n<p class=\"MsoNormal\" style=\"line-height: 170%;\">O&rsquo;Hehir, R. (2019) &lsquo;Europe&rsquo;s cockroaches&rsquo; &#8211; freedom of expression, hate speech and their impact on refugee human rights, <em>Aristotle University of Thessaloniki &#8211; European Master&rsquo;s Degree in Human Rights and Democratisation<\/em>, A.Y. 2018\/2019.<\/p>\n<p class=\"MsoNormal\" style=\"line-height: 170%;\">Ousidhoum, N. &amp; Lin, Z. &amp; Zhang, H. &amp; Song, Y. &amp;\u00a0 Yeung, D. (2019) Multilingual and Multi-Aspect Hate Speech Analysis, <em>arXiv &#8211; Computation and Language<\/em>, arXiv:1908.11049 [cs.CL].<\/p>\n<p class=\"MsoNormal\" style=\"line-height: 170%;\">Oxfordov rje\u010dnik (2016) <em>Rije\u010d godine<\/em>. [online] <a href=\"https:\/\/en.oxforddictionaries.com\/word-of-the-year\/word-of-the-year-2016\">https:\/\/en.oxforddictionaries.com\/word-of-the-year\/word-of-the-year-2016<\/a> (pristupljeno 28. 6. 2019.)<\/p>\n<p class=\"MsoNormal\" style=\"line-height: 170%;\">Pejchal, V. (2018) Hate Speech Regulation in Post-Communist Countries &#8211; Migrant Crises in the Czech and Slovak Republics, <em>International Journal for Crime, Justice and Social Democracy<\/em>, 7(2), str. 58-74, DOI: 10.5204\/ijcjsd.v7i2.500.<\/p>\n<p class=\"MsoNormal\" style=\"line-height: 170%;\">Reid, A. (2019) Does Regulating Hate Speech Undermine Democratic Legitimacy &#8211; A Cautious &lsquo;No&rsquo;, <em>Res Publica<\/em>, str. 1-19, DOI: 10.1007\/s11158-019-09431-6.<\/p>\n<p class=\"MsoNormal\" style=\"line-height: 170%;\">Sap, M. &amp; Card, D. &amp; Gabriel, S. &amp; Choi, Y. &amp; Smith, N. (2019) The Risk of Racial Bias in Hate Speech Detection, u <em>Proceedings of the 57th Annual Meeting of the Association for Computational Linguistics, pages<\/em> (Firenza, Italija, 28.7.-2.8.2019.), str. 1668\u20131678.<\/p>\n<p class=\"MsoNormal\" style=\"line-height: 170%;\">Sharma, H.K., Singh, T.P., Kshitiz, K.K., Singh, H., Kukreja, P. (2017). Detecting Hate Speech and Insults on Social Commentary using NLP and Machine Learning. <em>International Journal of Engineering Technology Science and Research<\/em> 4(12), 279-285.<\/p>\n<p class=\"MsoNormal\" style=\"line-height: 170%;\">Tsesis A (2001) Hate in cyberspace: Regulating hate speech on the Internet. <em>San Diego Law Review<\/em> 38, 817\u2013874.<\/p>\n<p class=\"MsoNormal\" style=\"line-height: 170%;\">Vigna, F.D., Cimino, A., Dell&rsquo;Orletta, F., Petrocchi, M., Tesconi, M. (2017). Hate Me, Hate Me Not: Hate Speech Detection on Facebook. In: <em>Proceedings of the First Italian Conference on Cybersecurity<\/em> (ITASEC17).<\/p>\n<p class=\"MsoNormal\" style=\"line-height: 170%;\">Vilovi\u0107, G. (2011). Politolo\u0161ki pojmovnik: Govor mr\u017enje. <em>Politi\u010dke analize<\/em> 2(6). 68-70. <\/p>\n<p class=\"MsoNormal\" style=\"line-height: 170%;\">Vije\u0107e EU, Okvirna odluka o suzbijanju odre\u0111enih oblika i na\u010dina izra\u017eavanja rasizma i ksenofobije kazneno-pravnim sredstvima, 2008\/913\/PUP, 2008. godina<\/p>\n<p class=\"MsoNormal\" style=\"line-height: 170%;\">Vozab, D. (2017). Pristrani i neprijateljski mediji te polarizacija u novom medijskom okoli\u0161u. <em>Politi\u010dke analize<\/em>. 8(30), 3-9.<\/p>\n<p class=\"MsoNormal\" style=\"line-height: 170%;\">Zhang, Z., Robinson, D., Tepper, J. (2018). Detecting hate speech on Twitter using a convolution-GRU based deep neural network. In: Gangemi, A., Navigli, R., Vidal, M.E., Hitzler, P., Troncy, R., Hollink, L., Tordai, A. and Alam, M., (eds.) <em>ESWC 2018: The semantic web<\/em>. ESWC 2018, 03-07 Jun 2018, Heraklion, Greece. Lecture Notes in Computer Science, 10843. Springer Verlag, 745-760.<\/p>\n<p class=\"MsoNormal\" style=\"line-height: 150%;\">&nbsp;<\/p>\n<p style=\"text-align: center;\" align=\"center\"><strong> <span style=\"font-size: 13.0pt; line-height: 150%;\">Hate speech in Croatian Media Space<\/span><\/strong><\/p>\n<p class=\"MsoNormal\" style=\"line-height: 150%;\">&nbsp;<\/p>\n<p style=\"margin: 0cm 48.6pt 0.0001pt 54pt; line-height: 170%;\"><em><strong>Abstract<\/strong><\/em><\/p>\n<p class=\"MsoBodyText\" style=\"margin-top: 0cm; margin-right: 48.6pt; margin-bottom: .0001pt; margin-left: 54.0pt; line-height: 150%;\"><span style=\"font-size: 12.0pt; line-height: 150%; font-family: 'Times New Roman';\" lang=\"SR\">&nbsp;<\/span><\/p>\n<p class=\"MsoBodyText\" style=\"margin-top: 0cm; margin-right: 48.6pt; margin-bottom: .0001pt; margin-left: 54.0pt; line-height: 170%;\"><em>In this paper, authors are considering current problem of legally regulated unacceptable behavior in Croatian media space, social networks included, by focusing on hate speech. Fundamental question is whether hate speech presence is on the rise. Through content analysis of the entire Croatian media content, authors find an increase of unacceptable behavior and hate speech. Based on results, research is focused on detection of types of hate speech and examples of their occurrence whereas this type targets ethnicity, religion and migrants. Third research is focused on events present in media space, targeting unacceptable behavior and provide contextual frame of important events using qualitative and quantitative content analysis and NLP technologies. Research continues with development of NLP technologies for detecting, processing and analyzing media content.<\/em><\/p>\n<p class=\"MsoBodyText\" style=\"margin-top: 0cm; margin-right: 48.6pt; margin-bottom: .0001pt; margin-left: 54.0pt; line-height: 170%;\">&nbsp;<\/p>\n<p style=\"margin: 0cm 48.6pt 0.0001pt 54pt; line-height: 170%;\"><strong><em>Key words:<\/em><\/strong> <em>hate speach, social networks, media content, NLP technologies.<\/em><\/p>\n<p class=\"MsoNormal\" style=\"line-height: 150%;\"><span lang=\"SR\">&nbsp;<\/span><\/p>\n<p><a name=\"9inmediasres17\"><\/a><\/p>\n<p class=\"MsoNormal\" style=\"line-height: 150%;\"><span lang=\"SR\">&nbsp;<\/span><\/p>\n<hr \/>\n<table style=\"width: 755px;\" border=\"0\">\n<tbody>\n<tr>\n<td style=\"width: 215px;\" valign=\"top\"><img loading=\"lazy\" decoding=\"async\" class=\" alignleft size-full wp-image-356\" style=\"float: left;\" src=\"https:\/\/centar-fm.org\/inmediasres\/wp-content\/uploads\/sites\/2\/2020\/09\/inmediasresno1malo17.png\" alt=\"inmediasres\" width=\"70\" height=\"103\" \/><\/p>\n<p class=\"MsoNormal\" style=\"line-height: 170%;\">\n <strong>&nbsp;9(17)#19 2020<\/strong> <\/p>\n<\/td>\n<td style=\"width: 315px;\" valign=\"top\">\n<p style=\"line-height: 170%; text-align: center;\">\n<a rel=\"license\" href=\"http:\/\/creativecommons.org\/licenses\/by-nc\/4.0\/\"><img decoding=\"async\" alt=\"Creative Commons licenca\" style=\"border-width:0\" src=\"https:\/\/i.creativecommons.org\/l\/by-nc\/4.0\/88x31.png\" \/><\/a><br \/>\u010casopis je otvorenog pristupa, a ovo djelo je dano na kori\u0161tenje pod licencom <a rel=\"license\" href=\"http:\/\/creativecommons.org\/licenses\/by-nc\/4.0\/\"><strong>Creative Commons Imenovanje-Nekomercijalno 4.0 me\u0111unarodna.<\/strong><\/a><\/p>\n<\/td>\n<td valign=\"top\">\n<p style=\"text-align: right; line-height: 150%;\" align=\"center\"><strong><br \/>\nDOI <a href=\"https:\/\/doi.org\/10.46640\/imr.9.17.9\">10.46640\/imr.9.17.9<\/a><br \/>\nUDK 3.072.6:351.711Foucault<br \/>\nPregledni \u010dlanak<br \/>\nReview article<br \/>\nPrimljeno: 19.02.2020.<\/strong><\/p>\n<\/td>\n<\/tr>\n<\/tbody>\n<\/table>\n<p class=\"MsoNormal\" style=\"line-height: 150%;\">&nbsp;<\/p>\n<p class=\"MsoNormal\" style=\"line-height: 150%;\">&nbsp;<\/p>\n<p class=\"MsoNormal\" style=\"text-align: center; line-height: 150%;\" align=\"center\"><span style=\"font-size: 15.0pt; line-height: 150%;\"><a href=\"https:\/\/orcid.org\/0000-0002-9247-1277\">Jure Vuji\u0107<\/a><\/span><\/p>\n<p style=\"text-align: center; line-height: 150%;\" align=\"center\">Institut za geopolitiku i strate\u0161ka istra\u017eivanja, Zagreb, Hrvatska<\/p>\n<p>geotekst@gmail.com<\/p>\n<p style=\"text-align: center;\" align=\"center\"><strong> <span style=\"font-size: 16.0pt; line-height: 150%;\">The Meaning of Biopolitics in the Age of Numerical Revolution:<br \/>\nWhat Has Remained of Foucault\u2019s and McLuhan\u2019s Legacy? <br \/>\nThe Contours of a New Expository Society<\/span><\/strong><\/p>\n<p style=\"text-align: center; line-height: 150%;\" align=\"center\"><a href=\"http:\/\/www.centar-fm.org\/inmediasres\/images\/pdf\/17\/J. Vujic, The Meaning of Biopolitics in the Age of Numerical Revolution.pdf\"><strong><span style=\"color: #DC0101; font-size: 8.0pt;\"><br \/>\nPuni tekst: pdf (458 KB), English, Str. 2745 &#8211; 2752<br \/>\n<\/span><\/strong><\/a><\/p>\n<p class=\"MsoNormal\" style=\"line-height: 150%;\">&nbsp;<\/p>\n<p style=\"margin: 0cm 48.6pt 0.0001pt 54pt; line-height: 170%;\"><strong><em>Abstract<\/em><\/strong><\/p>\n<p class=\"MsoBodyText\" style=\"margin-top: 0cm; margin-right: 48.6pt; margin-bottom: .0001pt; margin-left: 54.0pt; line-height: 150%;\"><span style=\"font-size: 12.0pt; line-height: 150%; font-family: 'Times New Roman';\" lang=\"SR\">&nbsp;<\/span><\/p>\n<p class=\"MsoBodyText\" style=\"margin-top: 0cm; margin-right: 48.6pt; margin-bottom: .0001pt; margin-left: 54.0pt; line-height: 170%;\"><em>Marshall McLuhan, in the 1960s, coined the well-known phrase \u201cthe world is a global village\u201d at a time when the Internet did not exist, and new communication and media technologies were about to transform the world into a planetary village via interconnection. However, McLuhan may not have anticipated that accelerated technological advances would be made possible by communication without a \u201cphysical mediator-factor\u201d and that the utilitarian and instrumental dimension of communication would give way to cultural and social domination and manipulation. In the numerical age, Foucault\u2019s notion of \u201cbio-politics\u201d as a system of complete control and regulation of the body and life by means of science and technology is, at first glance, an outdated term, belonging to the past of modern, biopolitical and repressive societies. The numerical control is today based on a deep urge for individual and narcissistic exhibitionism in the new expository society.<\/em><\/p>\n<p class=\"MsoBodyText\" style=\"margin-top: 0cm; margin-right: 48.6pt; margin-bottom: .0001pt; margin-left: 54.0pt; line-height: 170%;\">&nbsp;<\/p>\n<p style=\"margin: 0cm 48.6pt 0.0001pt 54pt; line-height: 170%;\"><strong><em>Key words:<\/em><\/strong> <em>biopolitics, power, numerical age, exposure, media.<\/em><\/p>\n<p class=\"MsoBodyText\" style=\"margin-top: 0cm; margin-right: 48.6pt; margin-bottom: .0001pt; margin-left: 54.0pt; line-height: 170%;\">&nbsp;<\/p>\n<p class=\"MsoNormal\" style=\"line-height: 150%;\">&nbsp;<\/p>\n<p class=\"MsoNormal\" style=\"line-height: 170%;\"><strong>Digital ontophany<\/strong><\/p>\n<p class=\"MsoNormal\" style=\"line-height: 170%;\">The contemporary communication is dematerialised and virtual, while the internet enables everyone to access and store data from anywhere in the world. Distance and time are no longer obstacles. Nowadays the communication happens in real time on social networks, enabling a new form of existence: digital &ldquo;ontophany&rdquo;<a name=\"_ftnref130\"><\/a><a href=\"#_ftn130\"><sup>[<span style=\"font-family: 'times new roman', times;\"><strong>130<\/strong><\/span>]<\/sup><\/a>. The etimology of the term invokes a dimension of existence and appearance (phain\u00f4): refers to the way in which individuals and objects present themselves to us through digital devices or through the effects of their omnipresence and consists of the following characteristics: noumenality, ideality, interactivity, virtuality, versatility, reticularity, instant reproducibility, reversibility, destructibility, fluidity and ludogeneity. <strong>We do not know yet if digital ontophany will lead to regression, cognitive atrophy (digital dementia) or to a new ontogenesis, <\/strong>&ldquo;the improvement of the human condition&rdquo;, i.e., transhumanism. The innovation of the digital technical system enables, on the phenomenological level, the emergence of a new ontophanic matrix, which is to be interpreted, as any technical revolution, as an ontophanic revolution, that is, a turning point in the perception of reality and the world. <\/p>\n<p class=\"MsoNormal\" style=\"line-height: 170%;\">&nbsp;<\/p>\n<p class=\"MsoNormal\" style=\"line-height: 170%;\"><strong>Is biopolitics outdated?<\/strong><\/p>\n<p class=\"MsoNormal\" style=\"line-height: 170%;\">The term biopolitics was coined in 1974 by Michel Foucault, who attributed it to his mentor, Georges Canguilhem. The term refers to the intersection between politics and human life, denoting organised institutional dominance over life in general, established by the scientific and technological regulation of knowledge as a new form of state control, that is, by repression over the lives of citizens. Therefore, what we have here is a combination of biology and politics. In his work <em>Homo Sacer: Sovereign Power and Bare Life<\/em>, Giorgio Agamben appropriates the term biopolitics from Foucault, connecting it with Hannah Arendt&rsquo;s analysis of totalitarianism. Agamben&rsquo;s study<a name=\"_ftnref131\"><\/a><a href=\"#_ftn131\"><sup>[<span style=\"font-family: 'times new roman', times;\"><strong>131<\/strong><\/span>]<\/sup><\/a> shows that the whole history of the Western political world is characterised by a connection between sovereign power over the life and death of citizens-subjects and biopolitical control over citizens&rsquo; lives \u2013 the connection epitomised by Nazi concentration camps, which has to date been reflected in democratic societies through efforts to set up a normative framework for bare life and subject it to the processes of political integration and exclusion. Biopolitics refers to the relationship between power and social governance, while also constituting a political strategy, an instrument of scientific power and an institutional practice. Its all-encompassing area of operation\/governance tackles the processes of medicalisation of the population and public health: natality, mortality, hygiene, food, sexuality, behaviour. Is the term biopolitics still current now, in the time of digital media, giant database algorithms and partly also of artificial intelligence? Some philosophers, including Pierre Dardot and Christian Laval<a name=\"_ftnref132\"><\/a><a href=\"#_ftn132\"><sup>[<span style=\"font-family: 'times new roman', times;\"><strong>132<\/strong><\/span>]<\/sup><\/a>, believe that biopolitics has made an epistemiological step forward: control over the body exercised by means of individualised surveillance nowadays implies a new method of work and governance. In other words, governance no longer relies on norms and control, as it did in classic biopolitics, but on the idea of freedom of subjects managed by almost invisible and painless incentives. Corporeality, as meant by Focault, gradually disappears as an external and autonomous subject, being immersed and integrated in virtual reality. The term &ldquo;virtual reality&rdquo; is not unambiguous. In <em>The Metaphysics of Virtual Reality<\/em><a name=\"_ftnref133\"><\/a><a href=\"#_ftn133\"><sup>[<span style=\"font-family: 'times new roman', times;\"><strong>133<\/strong><\/span>]<\/sup><\/a>, Michael R. Heim identifies seven different concepts of virtual reality: simulation, interaction, artificiality, immersion, telepresence, full-body immersion, and network communication. The term &ldquo;medium&rdquo; in the sense of intermediary also becomes disputable in the context of new technological advances in nanotechnology and robotics or artificial intelligence, while technological innovations combining robotics, i.e., artificial intelligence, with the human body herald a new generation of posthuman organisms, such as the cybernetic, posthuman body.<\/p>\n<p class=\"MsoNormal\" style=\"line-height: 170%;\">Other analysts suggest that the ability of Facebook, Google, and other top Internet players to collect huge volumes of data provides for a new art of governance in the areas where control has been substituted by profiling. Antoinette Rouvroy<a name=\"_ftnref134\"><\/a><a href=\"#_ftn134\"><sup>[<span style=\"font-family: 'times new roman', times;\"><strong>134<\/strong><\/span>]<\/sup><\/a> notes that the regulatory regime is being replaced by the neutralisation regime, whereas in the opinion of Mondher Kilani<a name=\"_ftnref135\"><\/a><a href=\"#_ftn135\"><sup>[<span style=\"font-family: 'times new roman', times;\"><strong>135<\/strong><\/span>]<\/sup><\/a> biopolitics now has &ldquo;multiple power to control and shape individuals and consciences&rdquo;. While classic biopolitics aimed to objectivise individuals, the same strategy is now implemented by applying and manipulating the hypersubjectivisation of society. One illustrative example is that of Big Brother from Orwell&rsquo;s 1984, a totalitarian dystopia in which wishes, sexuality, altruistic feelings and freedoms were neutralised. In the digital age individuals become self-confident media subjects that have to be urged to constantly desire and consume digital technologies. In line with this, new digital consumer strategies are based on generating the largest possible personal exposure and transparency of consumers, who show and share their personal preferences (e.g., Facebook likes, comments and photos posted on the network). Desires and passions are not suppressed any more, but freely released and demonstrated with an approval of consumers-subjects. This is what Foucault calls &ldquo;<em>conduite<\/em>&rdquo; or the conduct of conduct (<em>conduite de la conduite<\/em>). Dardot and Laval<a name=\"_ftnref136\"><\/a><a href=\"#_ftn136\"><sup>[<span style=\"font-family: 'times new roman', times;\"><strong>136<\/strong><\/span>]<\/sup><\/a> use the metaphor of the highway code, which allows for freely &ldquo;choosing&rdquo; the route and destination, but under the rules of the highway (speed, driver&rsquo;s licence, etc.). The reference implies a new form of the market, and of power, in which companies such as Google, Microsoft, Facebook and Amazon cooperate with intelligence agencies, law enforcement agencies (including the police), the military (and the military industry), marketing companies, insurance companies and Sillicon Valley startups. Therefore, we are no longer dealing with the traditional panoptic control performed from one central point, but rather with an &ldquo;open government&rdquo;, a myriad of private and public actors, often with overlapping and converging interests, which redefine the form of power circulating in the digital world. At his point one should recall the panopticon, a system of control designed by Jeremy Bentham, which was popularised by Foucault. The panopticon was modelled on the disciplinarian societies of the 18th and 19th centuries. In his book <em>Discipline and Punish<\/em><a name=\"_ftnref137\"><\/a><a href=\"#_ftn137\"><sup>[<span style=\"font-family: 'times new roman', times;\"><strong>137<\/strong><\/span>]<\/sup><\/a>, Foucault describes it as an environment in which &ldquo;an inmate should be consciously and permanently visible&rdquo;, which enables the &ldquo;automatic functioning of power&rdquo;. This &ldquo;visible and unverifiable&rdquo; power can be used to describe the overall &ldquo;relations of power in people&rsquo;s everyday lives&rdquo;. <\/p>\n<p class=\"MsoNormal\" style=\"line-height: 170%;\">In contrast with the panopticon and previous control systems, personal identities and profiles are at present revealed voluntarily and need not be integrated in a system of power to be controlled. The imperative of control has disappeared before the conscious and voluntary exposure of everyone and everything via digital systems. In the words of Bernard E. Harcourt<a name=\"_ftnref138\"><\/a><a href=\"#_ftn138\"><sup>[<span style=\"font-family: 'times new roman', times;\"><strong>138<\/strong><\/span>]<\/sup><\/a>, this new &ldquo;form of the power of exposure&rdquo; uses digital media to produce subjective micro-narratives, intimate and trivial stories (as opposed to inconsistent meta-narratives referred to by J-F. Lyotard), which take an active part in the shaping and recreating of various subjectivities. Within the new digital regime and distribution of power, individuals are no longer subject to physical dyscipline or moral restraint, but participate, voluntarily and enthusiastically, in this exhibicionist and voyeuristic society. <\/p>\n<p class=\"MsoNormal\" style=\"line-height: 170%;\">&nbsp;<\/p>\n<p class=\"MsoNormal\" style=\"line-height: 170%;\"><strong>Role of the virtual counterpart<\/strong><\/p>\n<p class=\"MsoNormal\" style=\"line-height: 170%;\">By encouraging the creation of similar profiles, &ldquo;ideal correspondences&rdquo; and &ldquo;perfect matches &ldquo; in the cyberspace and social networks, the digital environment has given rise to the virtual counterpart, the so-called &ldquo;double&rdquo;, as discussed by the philosopher Clement Rousset<a name=\"_ftnref139\"><\/a><a href=\"#_ftn139\"><sup>[<span style=\"font-family: 'times new roman', times;\"><strong>139<\/strong><\/span>]<\/sup><\/a>, a figure used as a virtual model profile to optimise the decision-making process and asessment of the means used and goals achieved in order for the individual to respond in accordance with newly introduced variables and &ldquo;oscillations in behaviour&rdquo;. The theme and figure of the counterpart, found in the writings of Plato, Sophocles, Bergson, Calderon de la Barca and Lacan, demonstrates the paradoxical structure of the counterpart, which derives from an illusionary division of a unique event into two events. Such a split is made possible due to the ability of human beings to eliminate or supress reality when it becomes traumatic or unpleasant, which is frequently realised in virtual reality, an improved version of reality, often used to escape from everyday life.<\/p>\n<p class=\"MsoNormal\" style=\"line-height: 170%;\">Due to its voluntary and high exposure, our subjectivity is observed, recorded, managed, cut and intersected by external factors, which makes subjects transparent and vulnerable. Such an exposure of subjectivity in virtual space goes through phases that are similar to phases shaping subjectivity in &ldquo;total institutions&rdquo;, described by Erving Goffman<a name=\"_ftnref140\"><\/a><a href=\"#_ftn140\"><sup>[<span style=\"font-family: 'times new roman', times;\"><strong>140<\/strong><\/span>]<\/sup><\/a>, but voluntarily, painlessly and without any coercion: humiliation and reorganisation, reconstruction of an object; the adjustment of a subject (isolation, resistance, absolute inclusion, pretence) to the institutional environment and the formation of specific groups within an institution. The key role in this new subjective autodiscipline is played by &ldquo;libidinous investments&rdquo;. <\/p>\n<p class=\"MsoNormal\" style=\"line-height: 170%;\">Rather than being only technological innovations, numerical technologies are also without doubt a means of communication and socialisation, representing, as such, a social revolution, such as the one that originated from the mobile phone, which disrupted and changed the whole system of value as well as the way of communication and the perception of others and realty. In this virtual space, users live &ldquo;per procurationem&rdquo;, &ldquo;through and via others&rdquo;, with &ldquo;friendship&rdquo; being measured by the number of comments and likes. Intimate photographs accessible to all quasi friends are conducive to all sorts of virtual exhibitionism and encourage compulsive cyber-voyeurism. Facebook is a cyber-bulldozer of the omnipresent visual global culture that aims to dissolve all boundaries between the private and public lives and disrupt the capacity to differentiate between the intimate and the public spheres. Facebook makes intimacy disappear as the whole purpose of this virtual network drive is full disclosure, hyper-transparency with the manipulative strategy of virtual seduction. It should be said loud and clear that this social network is in fact an efficient instrument of repression, rather than emancipation, an instrument of control, a postmodern, virtual and global variant of Foucault&rsquo;s panopticon, which is no longer based on the control of the body, but on the shaping of the mind, both by passive consent through diffusing power (Chomsky) and by an illusion of active interactive consent. Most network users shamelessly expose themselves to others, while corporate human resource officers work in the background, collecting and storing marketable personal data. However, a hysterical passion towards narcisistic exhibitionism overrides objective facts and effects. Facebook has also become a perfect machine for control and general social infantilisation as well as a factor of bihevioristic advertising, establishing, as a social network, an experimental system for the control of social behaviour and private life. The numerical revolution that imposes total transparency is a symptomatic reflection of the contemporary society, which requires us to be hyper-transparent. A form of the terror of transparency. Everything has to be exposed and shown. What is more, moral judgement is imposed with regard to this social transparency: a non-transparent person is considered as suspicious and stigmatised. It can be expected that the people who favour a degree of secrecy will soon be persecuted.<\/p>\n<p class=\"MsoNormal\" style=\"line-height: 170%;\">Such theses represent a form of web-neopuritanism that derives from communication protocols in which interactivity and communication are exclusively technological and virtual. The French writer George Bernanos has once said: &ldquo;&#8230; the one who has not realised that the contemporary civilisation is only a conspiracy against internal life has not realised anything&rdquo;. Therefore, although one should not seek comfort in conspiray theories, it should be said that this social network is a good illustration of a society falling apart due to an excess of illusion, overexposure and panoptic rage. Social hyper-transparency becomes Baudrillard&rsquo;s &ldquo;white obscenity&rdquo;, bestiality. The journalist Jean Lacouture speaks about a new form of repression that he terms the &ldquo;ubiquitous eye&rdquo;, which is characterised by hyper-visuality and transparency that absorbs and distorts everything. Not everything has to be said or, more importantly, shown, an excess, hypertrophy of communication inevitably leads to overload and superfluousness. Habermas&rsquo; &ldquo;future of communication&rdquo; could easily turn into a nightmare of simulation and total meaninglessness. Secrecy is necessary for a quality social coexistence, and secrets are made of &ldquo;tiny nothingnesses&rdquo;, which need protection as, to quote Pierre Boutang in <em>The Onthology of the Secret<\/em>, &ldquo;a secret is always a secret about someone else&rdquo;.<a name=\"_ftnref141\"><\/a><a href=\"#_ftn141\"><sup>[<span style=\"font-family: 'times new roman', times;\"><strong>141<\/strong><\/span>]<\/sup><\/a><\/p>\n<p class=\"MsoNormal\" style=\"line-height: 170%;\">&nbsp;<\/p>\n<p class=\"MsoNormal\" style=\"line-height: 170%;\"><strong>New expository society<\/strong><\/p>\n<p class=\"MsoNormal\" style=\"line-height: 170%;\">Along these lines, Bernard Harcourt points out that an &ldquo;expository society&rdquo; (soci\u00e9t\u00e9 d&rsquo;exposition) is a society that seduces its citizens into voluntary slavery.&ldquo; Our numerical counterpart is like a holohram of our &lsquo;self&rsquo;, composed of all traces we have left, which create a counterpart that is more reliable than an analogous &lsquo;self&rsquo;. We reflect on and imagine what we are, our &lsquo;numerical self&rsquo; is composed of everything we watch and read&rdquo;. The new logic of such expository society implies that we look for the closest numerical person to suggest to us and let us know what we want. This rationality is completely rooted in algorithms.&rdquo; What we have here is a radical change of the economy, with our most intimate personal data (profiles) representing what used to be goldmines and oil, because these data can be sold and linked, and they enable full knowledge of similar connected persons in groups. This represents a fusion of society, economy and politics. Large companies, such as Facebook, nowadays engage in politics by selecting content as well as in the repression of politicall correctness and censure, while some governments participate in trade by creating metadata bases. The numerical control is today based on a deep urge for individual and narcissistic exhibitionism, which is why the metaphors of Big Brother and panopticon are now outdated explicative models for the understanding of the contemporary expository society. <\/p>\n<p class=\"MsoNormal\" style=\"line-height: 150%;\">&nbsp;<\/p>\n<hr align=\"left\" size=\"1\" width=\"33%\" \/>\n<div id=\"ftn130\">\n<p class=\"MsoNormal\" style=\"line-height: 150%;\"><span style=\"font-size: 8.0pt;\"><a name=\"_ftn130\"><\/a><a href=\"#_ftnref130\"><sup>[<span style=\"font-family: 'times new roman', \ntimes;\"><strong>130<\/strong><\/span>]<\/sup><\/a>&nbsp;<br \/>\nIn his book <em>The Sacred and the Profane<\/em>, Mircea Eliade describes religious experience in the traditional sense as hierophany, which is the manifestation of the sacred in the profane world. <\/p>\n<p><\/span><\/p>\n<\/div>\n<div id=\"ftn131\">\n<p class=\"MsoNormal\" style=\"line-height: 150%;\"><span style=\"font-size: 8.0pt;\"><a name=\"_ftn131\"><\/a><a href=\"#_ftnref131\"><sup>[<span style=\"font-family: 'times new roman', \ntimes;\"><strong>131<\/strong><\/span>]<\/sup><\/a>&nbsp;<br \/>\nGiorgio Agamben, <em>Homo sacer: Suverena mo\u0107 i goli \u017eivot<\/em> (<em>Homo Sacer: Sovereign Power and Bare Life<\/em>) Multimedijalni institut, December 2016.<\/p>\n<p><\/span><\/p>\n<\/div>\n<div id=\"ftn132\">\n<p class=\"MsoNormal\" style=\"line-height: 150%;\"><span style=\"font-size: 8.0pt;\"><a name=\"_ftn132\"><\/a><a href=\"#_ftnref132\"><sup>[<span style=\"font-family: 'times new roman', \ntimes;\"><strong>132<\/strong><\/span>]<\/sup><\/a>&nbsp;<br \/>\nPierre Dardot, Christian Laval, <em>La nouvelle raison du monde. Essai sur la soci\u00e9t\u00e9 n\u00e9olib\u00e9rale<\/em>, La D\u00e9couverte, coll. &ldquo;La D\u00e9couverte\/Poche&rdquo;, 2010, p. 498, EAN: 9782707165022.<\/p>\n<p><\/span><\/p>\n<\/div>\n<div id=\"ftn133\">\n<p class=\"MsoNormal\" style=\"line-height: 150%;\"><span style=\"font-size: 8.0pt;\"><a name=\"_ftn133\"><\/a><a href=\"#_ftnref133\"><sup>[<span style=\"font-family: 'times new roman', \ntimes;\"><strong>133<\/strong><\/span>]<\/sup><\/a>&nbsp;<br \/>\nMichael R.Heim, <em>The Metaphysics of Virtual Reality<\/em> (Oxford University Press, 1993)<br \/>\n<\/span><\/p>\n<\/div>\n<div id=\"ftn134\">\n<p class=\"MsoNormal\" style=\"line-height: 150%;\"><span style=\"font-size: 8.0pt;\"><a name=\"_ftn134\"><\/a><a href=\"#_ftnref134\"><sup>[<span style=\"font-family: 'times new roman', \ntimes;\"><strong>134<\/strong><\/span>]<\/sup><\/a>&nbsp;<br \/>\n<a href=\"http:\/\/www.ladeleuziana.org\/wp-content\/uploads\/2016\/12\/Rouvroy-Stiegler_eng.pdf\">http:\/\/www.ladeleuziana.org\/wp-content\/uploads\/2016\/12\/Rouvroy-Stiegler_eng.pdf<\/a><\/p>\n<p><\/span><\/p>\n<\/div>\n<div id=\"ftn135\">\n<p class=\"MsoNormal\" style=\"line-height: 150%;\"><span style=\"font-size: 8.0pt;\"><a name=\"_ftn135\"><\/a><a href=\"#_ftnref135\"><sup>[<span style=\"font-family: 'times new roman', \ntimes;\"><strong>135<\/strong><\/span>]<\/sup><\/a>&nbsp;<br \/>\nKilani, Mondher (2018), <em>Du go\u00fbt de l&rsquo;autre. Fragments d&rsquo;un discours cannibale<\/em>, Paris, Seuil.<\/p>\n<p><\/span><\/p>\n<\/div>\n<div id=\"ftn136\">\n<p class=\"MsoNormal\" style=\"line-height: 150%;\"><span style=\"font-size: 8.0pt;\"><a name=\"_ftn136\"><\/a><a href=\"#_ftnref136\"><sup>[<span style=\"font-family: 'times new roman', \ntimes;\"><strong>136<\/strong><\/span>]<\/sup><\/a>&nbsp;<br \/>\nDardot, Laval, ibid, cit.<br \/>\n<\/span><\/p>\n<\/div>\n<div id=\"ftn137\">\n<p class=\"MsoNormal\" style=\"line-height: 150%;\"><span style=\"font-size: 8.0pt;\"><a name=\"_ftn137\"><\/a><a href=\"#_ftnref137\"><sup>[<span style=\"font-family: 'times new roman', \ntimes;\"><strong>137<\/strong><\/span>]<\/sup><\/a>&nbsp;<br \/>\nFoucault, Michel, <em>Nadzor i kazna: ra\u0111anje zatvora<\/em>, Zagreb, Informator, Faculty of Political Sciences, 1994, Politi\u010dka misao.<\/p>\n<p><\/span><\/p>\n<\/div>\n<div id=\"ftn138\">\n<p class=\"MsoNormal\" style=\"line-height: 150%;\"><span style=\"font-size: 8.0pt;\"><a name=\"_ftn138\"><\/a><a href=\"#_ftnref138\"><sup>[<span style=\"font-family: 'times new roman', \ntimes;\"><strong>138<\/strong><\/span>]<\/sup><\/a>&nbsp;<br \/>\n<a href=\"https:\/\/www.researchgate.net\/publication\/319873665_Le_pouvoir_a_l'ere_digitale_la_societe_de_l'exposition_reflexion_autour_de_Exposed_de_Bernard_E_Harcourt\">https:\/\/www.researchgate.net\/publication\/319873665_Le_pouvoir_a_l&rsquo;ere_digitale_la_societe_de_l&rsquo;exposition_reflexion_autour_de_Exposed_de_Bernard_E_Harcourt<\/a><\/p>\n<p><\/span><\/p>\n<\/div>\n<div id=\"ftn139\">\n<p class=\"MsoNormal\" style=\"line-height: 150%;\"><span style=\"font-size: 8.0pt;\"><a name=\"_ftn139\"><\/a><a href=\"#_ftnref139\"><sup>[<span style=\"font-family: 'times new roman', \ntimes;\"><strong>139<\/strong><\/span>]<\/sup><\/a>&nbsp;<br \/>\nCl\u00e9ment Rosset, <em>Le R\u00e9el et son double<\/em>, 1976, Gallimard. <\/p>\n<p><\/span><\/p>\n<\/div>\n<div id=\"ftn140\">\n<p class=\"MsoNormal\" style=\"line-height: 150%;\"><span style=\"font-size: 8.0pt;\"><a name=\"_ftn140\"><\/a><a href=\"#_ftnref140\"><sup>[<span style=\"font-family: 'times new roman', \ntimes;\"><strong>140<\/strong><\/span>]<\/sup><\/a>&nbsp;<br \/>\nErving Goffman, Asylums: Essays on the Social Situation of Mental Patients and Other Inmates Paperback \u2013 October 18, 1961. <\/p>\n<p><\/span><\/p>\n<\/div>\n<div id=\"ftn141\">\n<p class=\"MsoNormal\" style=\"line-height: 150%;\"><span style=\"font-size: 8.0pt;\"><a name=\"_ftn141\"><\/a><a href=\"#_ftnref141\"><sup>[<span style=\"font-family: 'times new roman', \ntimes;\"><strong>141<\/strong><\/span>]<\/sup><\/a>&nbsp;<br \/>\nJure Vuji\u0107, <em>Dru\u0161tvena klopka<\/em> (A Social Trap), <em>Globalni semafor<\/em>, February 2012, <em>Ve\u010dernji list<\/em> <a href=\"https:\/\/blog.vecernji.hr\/jure-vujic\/drustvena-klopka-2413\">https:\/\/blog.vecernji.hr\/jure-vujic\/drustvena-klopka-2413<\/a>.<br \/>\n<\/span><\/p>\n<\/div>\n<p class=\"MsoNormal\" style=\"line-height: 150%;\">&nbsp;<\/p>\n<p class=\"MsoNormal\" style=\"line-height: 170%;\"><strong>References:<\/strong><\/p>\n<p class=\"MsoNormal\" style=\"line-height: 170%;\"><em>Cl\u00e9ment Rosset, <\/em><em>Le R\u00e9el et son double<\/em>, 1976, Gallimard. <\/p>\n<p class=\"MsoNormal\" style=\"line-height: 170%;\">Erving Goffman, Asylums: Essays on the Social Situation of Mental Patients and Other Inmates Paperback \u2013 October 18, 1961.<\/p>\n<p class=\"MsoNormal\" style=\"line-height: 170%;\">Foucault, Michel, Nadzor u Kazna: ra\u0111anje zatvora Zagreb, Informator , Fakultet politi\u010dkih znanosti, 1994, Biblioteka Politi\u010dka misao.<\/p>\n<p class=\"MsoNormal\" style=\"line-height: 170%;\">Giorgio Agamben, Homo sacer: Suverena mo\u0107 i goli \u017eivot, Multimedijalni institut, December 2016.<\/p>\n<p class=\"MsoNormal\" style=\"line-height: 170%;\">Kilani, Mondher (2018), Du go\u00fbt de l&rsquo;autre. Fragments d&rsquo;un discours cannibale, Paris, Seuil.<\/p>\n<p class=\"MsoNormal\" style=\"line-height: 170%;\">Michael R.Heim, <em>The Metaphysics of Virtual Reality<\/em> (Oxford University Press, 1993).<\/p>\n<p class=\"MsoNormal\" style=\"line-height: 170%;\">Pierre Dardot, Christian Laval, <em>La nouvelle raison du monde. Essai sur la soci\u00e9t\u00e9 n\u00e9olib\u00e9rale<\/em>, La D\u00e9couverte, coll. \u00ab&nbsp;La D\u00e9couverte\/Poche&nbsp;\u00bb, 2010.<\/p>\n<p class=\"MsoNormal\" style=\"line-height: 170%;\"><strong>Internet links: <\/strong><\/p>\n<p class=\"MsoNormal\" style=\"line-height: 170%;\">Jure Vuji\u0107 &ldquo;Dru\u0161tvena klopka&rdquo;, Globalni semafor, February 2012. Ve\u010dernji list <a href=\"https:\/\/blog.vecernji.hr\/jure-vujic\/drustvena-klopka-2413\">https:\/\/blog.vecernji.hr\/jure-vujic\/drustvena-klopka-2413<\/a><\/p>\n<p class=\"MsoNormal\" style=\"line-height: 170%;\"><a href=\"http:\/\/www.ladeleuziana.org\/wp-content\/uploads\/2016\/12\/Rouvroy-Stiegler_eng.pdf\">http:\/\/www.ladeleuziana.org\/wp-content\/uploads\/2016\/12\/Rouvroy-Stiegler_eng.pdf<\/a><\/p>\n<p class=\"MsoNormal\" style=\"line-height: 170%;\"><a href=\"https:\/\/www.researchgate.net\/publication\/319873665_Le_pouvoir_a_l'ere_digitale_la_societe_de_l'exposition_reflexion_autour_de_Exposed_de_Bernard_E_Harcourt\">https:\/\/www.researchgate.net\/publication\/319873665_Le_pouvoir_a_l&rsquo;ere_digitale_la_societe_de_l&rsquo;exposition_reflexion_autour_de_Exposed_de_Bernard_E_Harcourt<\/a><\/p>\n<p class=\"MsoNormal\" style=\"line-height: 150%;\">&nbsp;<\/p>\n<p style=\"text-align: center;\" align=\"center\"><strong> <span style=\"font-size: 13.0pt; line-height: 150%;\">Zna\u010denje bio-politike u doba numeri\u010dke revolucije:<br \/>\n\u0161to ostaje od Foucaultovog i McLuhanovog naslje\u0111a?<br \/>\nKonture novog dru\u0161tva izlo\u017eenosti<\/span><\/strong><\/p>\n<p class=\"MsoNormal\" style=\"line-height: 150%;\">&nbsp;<\/p>\n<p style=\"margin: 0cm 48.6pt 0.0001pt 54pt; line-height: 170%;\"><em><strong>Sa\u017eetak<\/strong><\/em><\/p>\n<p class=\"MsoBodyText\" style=\"margin-top: 0cm; margin-right: 48.6pt; margin-bottom: .0001pt; margin-left: 54.0pt; line-height: 150%;\"><span style=\"font-size: 12.0pt; line-height: 150%; font-family: 'Times New Roman';\" lang=\"SR\">&nbsp;<\/span><\/p>\n<p class=\"MsoBodyText\" style=\"margin-top: 0cm; margin-right: 48.6pt; margin-bottom: .0001pt; margin-left: 54.0pt; line-height: 170%;\"><em>U doba kada internet jo\u0161 nije postojao, 60 &#8211; tih godina pro\u0161loga stolje\u0107a, Marshall McLuhan iznosi poznatu sintagmu \u201esvijet je globalno selo\u201c, a nove su komunikacijske i medijske tehnologije trebale putem me\u0111uovisnosti transformirati svijet u me\u0111uplanetarno selo. Me\u0111utim, McLuhan mo\u017eda nije niti slutio da \u0107e ubrzani tehnolo\u0161ki napredak omogu\u0107iti komunikaciju bez \u201efizi\u010dkog posrednika &#8211; \u010dimbenika\u201c, te da \u0107e utilitarna i instrumentalna dimenzija komunikacije prepustiti mjesto kulturno &#8211; dru\u0161tvenoj dominaciji i manipulaciji. U numeri\u010dko doba, i Foucaultov pojam \u201ebio &#8211; politike\u201c kao sustava potpunog nadzora i reguliranja tijela i \u017eivota pomo\u0107u znanosti, tehnologije, na prvi pogled glasi kao povijesno konzumirani pojam koji pripada pro\u0161losti moderne, bio &#8211; politi\u010dkim i represivnim dru\u0161tvima. Numeri\u010dka kontrola danas se temelji na dubokom porivu individualnog i narcisti\u010dkog egzibicionizma unutar novog dru\u0161tva izlo\u017eenosti.<\/em><\/p>\n<p class=\"MsoBodyText\" style=\"margin-top: 0cm; margin-right: 48.6pt; margin-bottom: .0001pt; margin-left: 54.0pt; line-height: 170%;\">&nbsp;<\/p>\n<p style=\"margin: 0cm 48.6pt 0.0001pt 54pt; line-height: 170%;\"><strong><em>Key words:<\/em><\/strong> <em>biopolitika, mo\u0107, broj\u010dana dob, izlo\u017eenost, mediji.<\/em><\/p>\n<p class=\"MsoNormal\" style=\"line-height: 150%;\"><span lang=\"SR\">&nbsp;<\/span><\/p>\n<p><a name=\"10inmediasres17\"><\/a><\/p>\n<p class=\"MsoNormal\" style=\"line-height: 150%;\"><span lang=\"SR\">&nbsp;<\/span><\/p>\n<hr \/>\n<table style=\"width: 755px;\" border=\"0\">\n<tbody>\n<tr>\n<td style=\"width: 215px;\" valign=\"top\"><img loading=\"lazy\" decoding=\"async\" class=\" alignleft size-full wp-image-356\" style=\"float: left;\" src=\"https:\/\/centar-fm.org\/inmediasres\/wp-content\/uploads\/sites\/2\/2020\/09\/inmediasresno1malo17.png\" alt=\"inmediasres\" width=\"70\" height=\"103\" \/><\/p>\n<p class=\"MsoNormal\" style=\"line-height: 170%;\">\n <strong>&nbsp;9(17)#20 2020<\/strong><\/p>\n<\/td>\n<td style=\"width: 315px;\" valign=\"top\">\n<p style=\"line-height: 170%; text-align: center;\">\n<a rel=\"license\" href=\"http:\/\/creativecommons.org\/licenses\/by-nc\/4.0\/\"><img decoding=\"async\" alt=\"Creative Commons licenca\" style=\"border-width:0\" src=\"https:\/\/i.creativecommons.org\/l\/by-nc\/4.0\/88x31.png\" \/><\/a><br \/>\u010casopis je otvorenog pristupa, a ovo djelo je dano na kori\u0161tenje pod licencom <a rel=\"license\" href=\"http:\/\/creativecommons.org\/licenses\/by-nc\/4.0\/\"><strong>Creative Commons Imenovanje-Nekomercijalno 4.0 me\u0111unarodna.<\/strong><\/a><\/p>\n<\/td>\n<td valign=\"top\">\n<p style=\"text-align: right; line-height: 150%;\" align=\"center\"><strong><br \/>\nDOI <a href=\"https:\/\/doi.org\/10.46640\/imr.9.17.10\">10.46640\/imr.9.17.10<\/a><br \/>\nUDK 316.774:355.244.1<\/p>\n<p>Prethodno priop\u0107enje<\/p>\n<p>Preliminary communication<\/p>\n<p>Primljeno: 29.04.2020.<\/strong><\/p>\n<\/td>\n<\/tr>\n<\/tbody>\n<\/table>\n<p class=\"MsoNormal\" style=\"line-height: 150%;\">&nbsp;<\/p>\n<p class=\"MsoNormal\" style=\"line-height: 150%;\">&nbsp;<\/p>\n<p class=\"MsoNormal\" style=\"text-align: center; line-height: 150%;\" align=\"center\"><span style=\"font-size: 15.0pt; line-height: 150%;\">Amela Deli\u0107<\/span><\/p>\n<p style=\"text-align: center; line-height: 150%;\" align=\"center\">Univerzitet u Tuzli, Filozofski fakultet, Odsjek za \u017eurnalistiku, Bosna i Hercegovina<\/p>\n<p>amela.delic@untz.ba<\/p>\n<p style=\"text-align: center;\" align=\"center\"><strong> <span style=\"font-size: 16.0pt; line-height: 150%;\">Medium is a Weapon: Bias in Crisis Situations<\/span><\/strong><\/p>\n<p style=\"text-align: center; line-height: 150%;\" align=\"center\"><a href=\"http:\/\/www.centar-fm.org\/inmediasres\/images\/pdf\/17\/A. Delic, Medium is a Weapon - Bias in Crisis Situations.pdf\"><strong><span style=\"color: #DC0101; font-size: 8.0pt;\"><br \/>\nPuni tekst: pdf (587 KB), English, Str. 2753 &#8211; 2774<br \/>\n<\/span><\/strong><\/a><\/p>\n<p class=\"MsoNormal\" style=\"line-height: 150%;\">&nbsp;<\/p>\n<p style=\"margin: 0cm 48.6pt 0.0001pt 54pt; line-height: 170%;\"><strong><em>Abstract<\/em><\/strong><\/p>\n<p class=\"MsoBodyText\" style=\"margin-top: 0cm; margin-right: 48.6pt; margin-bottom: .0001pt; margin-left: 54.0pt; line-height: 150%;\"><span style=\"font-size: 12.0pt; line-height: 150%; font-family: 'Times New Roman';\" lang=\"SR\">&nbsp;<\/span><\/p>\n<p class=\"MsoBodyText\" style=\"margin-top: 0cm; margin-right: 48.6pt; margin-bottom: .0001pt; margin-left: 54.0pt; line-height: 170%;\"><em>This paper analyzes the ways in which the media can be abused to foster the most extreme political propaganda using the example of the former Socialist Federal Republic of Yugoslavia. After having propagated social values such as unity, harmony, brotherhood and anti-fascist heritage, in the late 1980s Serbian and Croatian media came under control of nationalists who manipulated them into propagating hatred, nationalism and xenophobia. In Bosnia and Herzegovina, such practice followed the outbreak of the Bosnian war and resulted in several media outlets which took the same course of action. Some media outlets will fully endorse McLuhan\u2019s idea of technical intermediaries as modern weapons and even go one step further in their warlike messages than the political parties that formed them. The most striking examples are Bosnian-based TV Pale, Croatian daily newspaper Vjesnik and Serbian newspaper Politika (especially the Echoes and Reactions newspaper section). With their actions such media will confirm that the most dangerous form of media bias is precisely propaganda bias as defined by Denis McQuail. Its destructive power is illustrated on the example of the bloody Yugoslav break-up fueled by their spreading of misinformation.  <\/em><\/p>\n<p class=\"MsoBodyText\" style=\"margin-top: 0cm; margin-right: 48.6pt; margin-bottom: .0001pt; margin-left: 54.0pt; line-height: 170%;\">&nbsp;<\/p>\n<p style=\"margin: 0cm 48.6pt 0.0001pt 54pt; line-height: 170%;\"><strong><em>Key words:<\/em><\/strong> <em>media, weapons, war, propaganda, bias.<\/em><\/p>\n<p class=\"MsoBodyText\" style=\"margin-top: 0cm; margin-right: 48.6pt; margin-bottom: .0001pt; margin-left: 54.0pt; line-height: 170%;\">&nbsp;<\/p>\n<p class=\"MsoNormal\" style=\"line-height: 150%;\">&nbsp;<\/p>\n<p class=\"MsoNormal\" style=\"line-height: 170%;\"><strong>Medium is a Weapon: Bias in Crisis Situations<\/strong><\/p>\n<p class=\"MsoNormal\" style=\"line-height: 170%;\">When declaring that weapons are a form of media in his famous work <em>Understanding Media (1964)<\/em>, McLuhan hints that the media could someday become deadlier than weapons. He observes that the electric age is characterised by conflicts in which images and icons are used as weapons, which is why &ldquo;backward countries&rdquo; succeeded in adapting to the race in arming with images. Indeed, &ldquo;they understand and are used to verbal propaganda and persuasion&rdquo;<a name=\"_ftnref142\"><\/a><a href=\"#_ftn142\"><sup>[<span style=\"font-family: 'times new roman', times;\"><strong>142<\/strong><\/span>]<\/sup><\/a>. His understanding of the society and the dominant media has proved to be particularly correct in the case of ex-Yugoslav countries. Those countries, united in brotherhood for several decades, at the end of 1980s converted their media (almost all state-owned) into machine guns spewing propagandist images, icons and messages. Gordana Vilovi\u0107 remarks that &ldquo;at that moment the media, by themselves and with help of politicians, resorted to and reinforced a brand-new rhetoric which hit the target more effectively than any weapon.&rdquo;<a name=\"_ftnref143\"><\/a><a href=\"#_ftn143\"><sup>[<span style=\"font-family: 'times new roman', times;\"><strong>143<\/strong><\/span>]<\/sup><\/a><\/p>\n<p class=\"MsoNormal\" style=\"line-height: 170%;\">Unfortunately, reality presented by the mass media has never been considered by media theorists as a reflection of that same reality and the media have never been expected to present the truth in terms of the philosophical and religious concept of truth. The journalistic cognition and the presentation of reality are limited by the subject of media research as well as by the time and space available for the presentation of the acquired information. The truth of the mass media is &ldquo;a practical or functional form of truth&rdquo;<a name=\"_ftnref144\"><\/a><a href=\"#_ftn144\"><sup>[<span style=\"font-family: 'times new roman', times;\"><strong>144<\/strong><\/span>]<\/sup><\/a>, which means that the journalistic cognition is limited to the information essential for the normal performance of everyday activities. That information is generally characterised by a lower level of abstraction, that is, it is a very simple causal way of representing reality, which is generally much more nuanced and complex. However, even though the truth presented in the mass media undergoes selection processes, including the choice of event to be reported on, the hierarchisation of events in media reporting and the abridgment, simplification and pigeonholing of information \u2013 that doesn&rsquo;t mean that that information should not be strictly verified for, at least, the factual truth. <\/p>\n<p class=\"MsoNormal\" style=\"line-height: 170%;\">Both Kovach and Rosenstiel, as well as McChesney, Kurti\u0107, Baker-Woods and other authors consider the truth to be the fundamental principle to which the mass media should aspire while complying with several operational criteria of the truthfulness of information. Kovach and Rosenstiel believe that the fundamental obligation of the journalistic profession is &ldquo;obligation to the truth&rdquo;<a name=\"_ftnref145\"><\/a><a href=\"#_ftn145\"><sup>[<span style=\"font-family: 'times new roman', times;\"><strong>145<\/strong><\/span>]<\/sup><\/a>, and McCheseny explains that &ldquo;journalism must have a convincing method for separating the truth from lies or at least preventing liars from being irresponsible and causing catastrophes, notably wars, economic crises and social conflicts&rdquo;<a name=\"_ftnref146\"><\/a><a href=\"#_ftn146\"><sup>[<span style=\"font-family: 'times new roman', times;\"><strong>146<\/strong><\/span>]<\/sup><\/a>. Najil Kurti\u0107 writes that the demand for true information &ldquo;stems from the role it plays in the resolution of uncertain life situations faced by ordinary people every day&rdquo;<a name=\"_ftnref147\"><\/a><a href=\"#_ftn147\"><sup>[<span style=\"font-family: 'times new roman', times;\"><strong>147<\/strong><\/span>]<\/sup><\/a>, while Baker-Woods et al. offer a set of criteria the true information has to meet: &ldquo;objectivity, balance, completeness and accuracy&rdquo;<a name=\"_ftnref148\"><\/a><a href=\"#_ftn148\"><sup>[<span style=\"font-family: 'times new roman', times;\"><strong>148<\/strong><\/span>]<\/sup><\/a>. <\/p>\n<p class=\"MsoNormal\" style=\"line-height: 170%;\">Nevertheless, the media are faced with numerous challenges in the search for true information. Political pressure, advertisers&rsquo; pressure, economic dependency, censorship and self-censorship, own ideological principles, prejudices and beliefs, but also the very nature of the journalistic profession characterised by an accelerated rhythm and limited time for collecting and presenting information.<\/p>\n<p class=\"MsoNormal\" style=\"line-height: 170%;\">Denis McQuail distinguishes four typical categories of bias: ideological bias, unwitting bias, partisan bias and propaganda bias<a name=\"_ftnref149\"><\/a><a href=\"#_ftn149\"><sup>[<span style=\"font-family: 'times new roman', times;\"><strong>149<\/strong><\/span>]<\/sup><\/a>. Unwitting bias is benign because it arises in the process of news creation \u2013 filtering out of events based on their news value, editorial decisions, abridgments, adjusting to journalistic forms. Ideological bias is a consequence of a worldview that is dominant in a society and consequently in the media. It is often hidden and can be detected only by a deeper analysis of employed terms (e.g. the attitude of the Bosnian-Herzegovinian society towards refugees and migrants manifested in designating them using terms typical for describing natural disasters \u2013 refugee &ldquo;tsunami&rdquo;, &ldquo;migration wave&rdquo;). Partisanal bias is open advocacy of one side, most often in political relations. Finally, the most destructive type of bias is propaganda bias, which manifests itself in the intention to promote certain interpretations of social reality at the expense of differing interpretations, even though the aim is to disguise that intent.\u00a0 &ldquo;The recipients are to deduce the only possible synthesis from intentionally chosen facts and ways in which they are connected and presented in the story and are encouraged to make general conclusions on the basis of individual cases following the convention: if one person belongs to their kind, then all of them do&rdquo;<a name=\"_ftnref150\"><\/a><a href=\"#_ftn150\"><sup>[<span style=\"font-family: 'times new roman', times;\"><strong>150<\/strong><\/span>]<\/sup><\/a>. Different types of bias often overlap in the media. When Yugoslavia still existed and nobody could foresee its disintegration, partisan bias, and to some extent ideological bias, were common. Kemal Kurspahi\u0107, who was editor-in-chief of the daily newspaper <em>Oslobo\u0111enje <\/em>in the 1990s, writes that &ldquo;directors and editors-in-chief of the leading Bosnian media outlets \u2013 the Sarajevo Radio-Television and the daily newspaper <em>Oslobo\u0111enje<\/em> \u2013 who were appointed by the Party, were required to strictly adhere to the Party&rsquo;s principles&rdquo;<a name=\"_ftnref151\"><\/a><a href=\"#_ftn151\"><sup>[<span style=\"font-family: 'times new roman', times;\"><strong>151<\/strong><\/span>]<\/sup><\/a>. He continues by saying that, from the 1940s until the first half of the 1980s, &ldquo;Bosnian media outlets were under the strictest Party control&rdquo;. This means that &ldquo;there was a requirement to maintain ethnic symmetry in condemning and criticising all alleged violations aimed at undermining brotherhood and unity&rdquo;<a name=\"_ftnref152\"><\/a><a href=\"#_ftn152\"><sup>[<span style=\"font-family: 'times new roman', times;\"><strong>152<\/strong><\/span>]<\/sup><\/a>. Similar working conditions are described by Tomislav Jaki\u0107, former deputy editor of the news programme on the Zagreb Television, who explains that he was himself asked several times to join the Party, but successfully avoided it. He explains that, even though he never became a member, everybody was aware of the bias that had to be maintained: &ldquo;I must say that the norm according to which those considered as political opponents or even rivals were not given any coverage in the daily news was quite common at the time in the Yugoslav media and was not anything new to me&rdquo;<a name=\"_ftnref153\"><\/a><a href=\"#_ftn153\"><sup>[<span style=\"font-family: 'times new roman', times;\"><strong>153<\/strong><\/span>]<\/sup><\/a>. Even though refusing to become a Party member &ldquo;did not prove to be a handicap in any important aspect of the journalistic profession&rdquo; he says &ldquo;I progressed slightly slower than the colleagues who were in the Party, only slightly slower, but enough to make me aware that I wasn&rsquo;t equal to them&rdquo;<a name=\"_ftnref154\"><\/a><a href=\"#_ftn154\"><sup>[<span style=\"font-family: 'times new roman', times;\"><strong>154<\/strong><\/span>]<\/sup><\/a>. Even though the existence of open, partisan bias is evident in that period, it failed to turn into warmongering, hate speech and discrimination. It was rather a partisan and ideological bias whose main goal was to preserve the political and social system. What occurred in the media afterwards, in the 1980s, can be classified as serious political propaganda, often accompanied by misrepresentation, lies and fabrication.<\/p>\n<p class=\"MsoNormal\" style=\"line-height: 170%;\">&nbsp;<\/p>\n<p class=\"MsoNormal\" style=\"line-height: 170%;\"><strong>Media Before the War \u2013 Media in the War \u2013 the War in the Media<\/strong><\/p>\n<p class=\"MsoNormal\" style=\"line-height: 170%;\"><strong>Croatian Media: Between<em> Vjesnik<\/em> and<em> Feral Tribune<\/em><\/strong><\/p>\n<p class=\"MsoNormal\" style=\"line-height: 170%;\">Due to the fact that that the media system cannot be analysed outside of the social and political context, it is important to emphasise that changes in the media at the beginning of the 1990s were brought about by new tendencies in the politics of remembering and explaining the past. Tamara Banjeglav writes that after the Croatian Democratic Union came to power, Franjo Tu\u0111man &ldquo;tried to implement the reconciliation of all Croats&rdquo; and &ldquo;such efforts brought from oblivion the Independent State of Croatia and the Ustasha movement, the side of history which had up to that point, in the official commemorations of events from World War II in the SFRY, been suppressed and forbidden&rdquo;<a name=\"_ftnref155\"><\/a><a href=\"#_ftn155\"><sup>[<span style=\"font-family: 'times new roman', times;\"><strong>155<\/strong><\/span>]<\/sup><\/a>. Naturally, the crucial role in the change of politics of memory and imposing interpretations of history was played by the media as the owners of the symbolic capital \u2013 the meaning. They delegated topics for public discussion, often imposing their own interpretations. &ldquo;The collective amnesia&rdquo;, as these actions taken by the government at the beginning of the 1990s are labelled by Tamara Banjeglav, included, in addition to the abuse of the media in the creation of a new political discourse, the renaming of streets, the desecration of anti-fascist monuments evoking Yugoslavia, the changes of dates of state holidays as well as commemorations and gatherings at &ldquo;new&rdquo; remembrance sites from the period of the Independent State of Croatia (NDH) (e.g. Bleiburg). In an effort to reserve space in the media for the promotion of its own vision of the past and the future, the government subjected the media to a series of repressive measures, which can be summarised in five main categories: <em>Economic measures<\/em>. The media outlets that did not bow to the dictatorship of the government regime were subjected to great economic pressures. The United Nations Special Rapporteur on Human Rights, Tadeusz Mazowiecki, wrote in the 1990s that &ldquo;the government&rsquo;s Agency for Reconstruction and Development has the power to appoint a management board to a company in the privatisation process, which decides on all important issues, with or without employees&rsquo; consent&rdquo;<a name=\"_ftnref156\"><\/a><a href=\"#_ftn156\"><sup>[<span style=\"font-family: 'times new roman', times;\"><strong>156<\/strong><\/span>]<\/sup><\/a>. &ldquo;The Ministry of Culture and Education imposed a tax amounting to 50% of total revenue&rdquo; to the magazines that did not support the government, such as <em>Feral Tribune<\/em> and <em>Hrvatski tjednik<\/em>, which had up to that point been levied only to pornographic magazines. In contrast, the newspapers supporting the government that had outstanding debt to the Ministry were relieved of debt payments.<\/p>\n<p class=\"MsoNormal\" style=\"line-height: 170%;\"><em>Judicial proceedings<\/em>. Tadeusz Mazowiecki expressed concern that the government could misapply Article 30 of the Public Information Act according to which &ldquo;publishing houses are responsible for any damage inflicted on the basis of the articles&rdquo;<a name=\"_ftnref157\"><\/a><a href=\"#_ftn157\"><sup>[<span style=\"font-family: 'times new roman', times;\"><strong>157<\/strong><\/span>]<\/sup><\/a>. The Special Rapporteur concludes that the problem lies in the fact that in two hundred proceedings conducted at that moment at courts in Croatia media outlets were required to pay enormous sums of money. He concludes that, fortunately, &ldquo;courts proposed more moderate sums&rdquo;. However, the constant threat of legal prosecution could have, according to Mazowiecki, contributed to an atmosphere of fear and, consequently, to self-censorship of journalists. The journalists of the Croatian Radio-Television (<em>HTV<\/em>), in a statement released after they were accused by the then president of the Republic of Bosnia and Herzegovina, Alija Izetbegovi\u0107, of leading a campaign against the state, openly admitted to censoring their reports. They wrote: &ldquo;&rsquo;Alija Izetbegovi\u0107 gave three long interviews to our studio and we censored him only once when he declared that he supported a confederation with Croatia and other countries, including even Serbia&rsquo;, it was declared in an official statement by the HTV&rdquo;<a name=\"_ftnref158\"><\/a><a href=\"#_ftn158\"><sup>[<span style=\"font-family: 'times new roman', times;\"><strong>158<\/strong><\/span>]<\/sup><\/a>.<\/p>\n<p class=\"MsoNormal\" style=\"line-height: 170%;\"><em>Monopolies.<\/em> Unfortunately, during that period in Croatia the Croatian Radio-Television had the right to the national frequency and transmitters as well as to <em>Tisak<\/em>, a distribution chain &ldquo;which controls most points of sale&rdquo;<a name=\"_ftnref159\"><\/a><a href=\"#_ftn159\"><sup>[<span style=\"font-family: 'times new roman', times;\"><strong>159<\/strong><\/span>]<\/sup><\/a>. &ldquo;This fact had a critical impact on the fate of the weekly newspaper <em>Danas<\/em>: as its editorial policy was the most critical of the government compared with those of other media outlets, <em>Tisak<\/em> simply stopped selling it&rdquo;.<a name=\"_ftnref160\"><\/a><a href=\"#_ftn160\"><sup>[<span style=\"font-family: 'times new roman', times;\"><strong>160<\/strong><\/span>]<\/sup><\/a><\/p>\n<p class=\"MsoNormal\" style=\"line-height: 170%;\"><em>Firing journalists of Serbian nationality is an example of pressure put on the media mentioned by both Mazowiecki and Jaki\u0107.<\/em> Both authors write about the labelling of journalists who were courageous enough to confront the government. They were instantly accused of being the enemies of the state, Yugo-nostalgic or anti-Croatian. Jaki\u0107 was himself labelled the same way. He writes that there is a document from that period &ldquo;titled &lsquo;List of redundant employees available for other posts&rsquo;&rdquo;. Even though the document was supposed to include an explanation clarifying why a journalist was declared redundant, Jaki\u0107 claims that there was no explanation related to any person on the list. &ldquo;The television staff was simply being cleared out based on nationality, in other words, non-Croatian staff members were being removed (Croatians who were declared unsuitable and disobedient will later on meet the same fate, as I personally experienced, but that was the beginning)&rdquo;<a name=\"_ftnref161\"><\/a><a href=\"#_ftn161\"><sup>[<span style=\"font-family: 'times new roman', times;\"><strong>161<\/strong><\/span>]<\/sup><\/a>. Jaki\u0107 also names journalists who were sanctioned only because of their nationality: Boris Muti\u0107 was brought back from Barcelona, where he was reporting on the Olympic Games, and Boro Vu\u010dkovi\u0107 was not able to accompany Tu\u0111man on a trip to America because he was believed to be Serbian.<a name=\"_ftnref162\"><\/a><a href=\"#_ftn162\"><sup>[<span style=\"font-family: 'times new roman', times;\"><strong>162<\/strong><\/span>]<\/sup><\/a><\/p>\n<p class=\"MsoNormal\" style=\"line-height: 170%;\"><em>Strictly controlled use of terminology<\/em>. Mazowiecki writes that in Croatia &ldquo;it is not unusual for government members to pressure media outlets into using a specific terminology&rdquo;<a name=\"_ftnref163\"><\/a><a href=\"#_ftn163\"><sup>[<span style=\"font-family: 'times new roman', times;\"><strong>163<\/strong><\/span>]<\/sup><\/a>, while Jaki\u0107 states that one day, while still working for the Croatian Radio-Television, he found on his desk a list of new rules to be obeyed by all employees. In order to understand the seriousness of the situation it is important to list some of those rules: &ldquo;Do not use the terms &lsquo;chetniks&rsquo; and &lsquo;extremists&rsquo;, but exclusively &lsquo;Serbian terrorists&rsquo;&rdquo;, or &ldquo;refer to the Yugoslav National Army exclusively as the Serbian communist army&rdquo;<a name=\"_ftnref164\"><\/a><a href=\"#_ftn164\"><sup>[<span style=\"font-family: 'times new roman', times;\"><strong>164<\/strong><\/span>]<\/sup><\/a>.<\/p>\n<p class=\"MsoNormal\" style=\"line-height: 170%;\">Among the media outlets that failed to adhere to the ethical and moral principles of the profession Tomislav Jaki\u0107 includes <em>Ve\u010dernji list<\/em>, <em>Vjesnik<\/em>, <em>Slobodna<\/em> <em>Dalmacija<\/em>, but also the Croatian Radio-Television where he himself worked while it was still called the Zagreb Television. These media outlets were also denounced in the Reports by Tadeusz Mazowiecki, Special Rapporteur of the United Nations on Human Rights in Yugoslavia. He also mentions the weekly newspapers <em>Hrvatski vjesnik<\/em> and <em>Danas<\/em>, and Gordana Vilovi\u0107 adds the monthly publications <em>Narod<\/em>, <em>Hrvatsko slovo<\/em> and <em>Tomislav <\/em>to that group.<a name=\"_ftnref165\"><\/a><a href=\"#_ftn165\"><sup>[<span style=\"font-family: 'times new roman', times;\"><strong>165<\/strong><\/span>]<\/sup><\/a><\/p>\n<p class=\"MsoNormal\" style=\"line-height: 170%;\">Tomislav Jaki\u0107 cites the names of journalists who were at first endorsing multiculturalism, inter-ethnic cooperation and unity through the media, but quickly became warmongers. The author refers to Hrvoje Hitrec as &ldquo;the leading figure of the Croatian Democratic Union (HDZ)&rdquo;<a name=\"_ftnref166\"><\/a><a href=\"#_ftn166\"><sup>[<span style=\"font-family: 'times new roman', times;\"><strong>166<\/strong><\/span>]<\/sup><\/a>, and Hitrec was for a period of time the director of the Croatian Radio-Television. Jaki\u0107 also mentions \u017deljko \u017dutelija, a journalist from <em>Slobodna Dalmacija<\/em>, who on 28 February 1991 wrote an article condemning Jaki\u0107&rsquo;s television programme &ldquo;Knin \u2013 Without Comment&rdquo; in which Jaki\u0107 presented recorded statements by the citizens of Knin (Serbs and Croatians) without any journalistic commentary. He believed that the programme would be somewhat more objective if it presented the statements of ordinary people, whatever their nature, without any patronizing journalistic commentaries, which at that time tended to be opinionated. The programme was a sign of bravery at the time, even though, according to journalistic rules, it should not be regarded that way. Even more interesting is what the author did after the broadcast. He asked the cameramen to go to Knin on the day of the broadcast, where they visited a local coffee shop owned by the citizens of Serbian nationality and recorded their comments about the programme. The extent to which the Croatian Radio-Television was influenced by the growing sentiment of nationalism and xenophobia is best reflected in the comments of the citizens of Serbian nationality about the programme (they did not know that journalists were present in the coffee shop that day). One of them stated: &ldquo;Very surprising. How come they (the Croatian Radio-Television) aired that&rdquo;, and another one said: &ldquo;I can&rsquo;t believe they showed that&rdquo;<a name=\"_ftnref167\"><\/a><a href=\"#_ftn167\"><sup>[<span style=\"font-family: 'times new roman', times;\"><strong>167<\/strong><\/span>]<\/sup><\/a>. According to Jaki\u0107, among the journalists complicit in the dishonourable attempt to dehumanise and demonise Serbs, Bosniaks (at that time Muslims), but also Jews and all Croatians ready to defy nationalism, were also the television presenters Hloverka Novak-Srzi\u0107 and Dubravko Merli\u0107, the radio journalists Mladen Lackovi\u0107 and Muharem Kulenovi\u0107 as well as Obrad Kosovac, Kre\u0161imir Fija\u010dko from <em>Vjesnik<\/em>, Josip Jovi\u0107 from <em>Slobodna Dalmacija<\/em>, Branka \u0160eparovi\u0107 from the Croatian Radio-Television and others, while Kurspahi\u0107 also mentions Smiljko \u0160agolj, who was even an editor at the Sarajevo Television while Yugoslavia still existed. The Special Rapporteur Tadeusz Mazowiecki writes about these outlets stating that &ldquo;they also acted manipulatively in the case of the armed conflict between the armed forces of the Government of Bosnia and Herzegovina (BiH) and the Croatian Defence Council (HVO) in BiH. After the HVO <em>de facto<\/em> created the Croatian Community of Herzeg-Bosnia (HZHB) in BiH, certain media outlets started routinely using that term. Even nowadays, after the creation of the new Federation BiH, the media under the control of the Croatian state continue using the term &lsquo;Herzeg-Bosnia&rsquo;&rdquo;<a name=\"_ftnref168\"><\/a><a href=\"#_ftn168\"><sup>[<span style=\"font-family: 'times new roman', times;\"><strong>168<\/strong><\/span>]<\/sup><\/a>. This shows that hate was not exhausted in the conflict with Serbia and non-Croatian citizens in Croatia, who also considered the country to be their homeland. After interfering with the aggression on Bosnia and Herzegovina, the media outlets supporting the HDZ spent a long time trying to find a way to cover Bosnia without upsetting Tu\u0111man. Kemal Kurspahi\u0107, the editor-in-chief of <em>Oslobo\u0111enje<\/em> during the war, writes that the reporting of the Croatian media prone to warmongering propaganda was subject to &ldquo;double ethical and professional standards&rdquo;. That is why &ldquo;while &lsquo;Republika Srpska&rsquo; and the &lsquo;Serbian army&rsquo; were frequently designated as self-proclaimed and self-appointed, their ideological counterparts &lsquo;the Croatian Republic of Herzeg-Bosnia&rsquo; and its military wing HVO were treated with the outmost respect and regard.&rdquo;<a name=\"_ftnref169\"><\/a><a href=\"#_ftn169\"><sup>[<span style=\"font-family: 'times new roman', times;\"><strong>169<\/strong><\/span>]<\/sup><\/a>. As the most striking example of how these media outlets reached rock bottom Kurspahi\u0107 cites a false piece of information reported by <em>Vjesnik. <\/em>The Mostar-based correspondent of <em>Vjesnik<\/em>, Mario Maru\u0161i\u0107, wrote that &ldquo;thirty-five Croatians were hung in front of a Catholic church&rdquo;<a name=\"_ftnref170\"><\/a><a href=\"#_ftn170\"><sup>[<span style=\"font-family: 'times new roman', times;\"><strong>170<\/strong><\/span>]<\/sup><\/a>. The aim of this text, writes Kurspahi\u0107, was to &ldquo;create maximum outrage: a claim that 35 Croatians were hung, specifically in front of a Catholic church, was created with the aim to give an impression that it was a question of ethnic and religious persecution of Croatian Catholics&rdquo;<a name=\"_ftnref171\"><\/a><a href=\"#_ftn171\"><sup>[<span style=\"font-family: 'times new roman', times;\"><strong>171<\/strong><\/span>]<\/sup><\/a>. A journalist from <em>Oslobo\u0111enje<\/em> was taken to a concentration camp during a HVO attack in Mostar. His name was Mugdim Karabeg and he was, according to Kurspahi\u0107, sixty-three years old at the time. He was told by the Croatian soldiers entering his apartment in Mostar: &ldquo;You, journalist, you have been writin&rsquo; your whole life against the Ustashe and now they have come for you! Get up, you dirty <em>balija<\/em>! Out to the courtyard!&rdquo;<a name=\"_ftnref172\"><\/a><a href=\"#_ftn172\"><sup>[<span style=\"font-family: 'times new roman', times;\"><strong>172<\/strong><\/span>]<\/sup><\/a> After having been taken to the Dretelj camp this journalist ended up in a refugee camp in Croatia, and later settled down in Chicago. <\/p>\n<p class=\"MsoNormal\" style=\"line-height: 170%;\">Mazowiecki cites similar examples from <em>Hrvatski vjesnik<\/em>, explaining that terms employed by that media outlet to stereotype the whole collectives became common in that period (the term Serbs was used to designate the armed forces, so that crimes were considered a responsibility of all Serbs). An extreme example is a fabricated interview with Bogdan Bogdanovi\u0107 published on 12 April 1994 by the weekly <em>Danas<\/em><a name=\"_ftnref173\"><\/a><a href=\"#_ftn173\"><sup>[<span style=\"font-family: 'times new roman', times;\"><strong>173<\/strong><\/span>]<\/sup><\/a>.<\/p>\n<p class=\"MsoNormal\" style=\"line-height: 170%;\">Fortunately, the media scene in the Republic of Croatia in the 1990s was not only populated with media outlets propagating hate, xenophobia and warmongering propaganda. Tadeusz Mazowiecki writes in his Reports that there was &ldquo;an impressive number of local radio-stations, more than fifty of them, a great number of which aired views and opinions critical of the government&rdquo;<a name=\"_ftnref174\"><\/a><a href=\"#_ftn174\"><sup>[<span style=\"font-family: 'times new roman', times;\"><strong>174<\/strong><\/span>]<\/sup><\/a>. Apart from these radio stations, one should not forget <em>Nedjeljna Dalmacija<\/em>, and later also <em>Feral Tribune,<\/em> as papers that successfully resisted the nationalist and warmongering narrative. Mazowiecki adds <em>Novi list<\/em> from Rijeka to that group, while Kurspahi\u0107 mentions the magazines <em>Erasmus <\/em>and <em>Nacional<\/em>, founded a bit later. In addition, it is also important to mention the broadcaster <em>Omladinska televizija (OTV) <\/em>which, according to the Special Rapporteur &ldquo;stood out due to its openness and the presentation of minority views&rdquo;. Tomislav Jaki\u0107 also mentions the magazine <em>Start(t) nove generacije<\/em> (later know as <em>Star (Zvijezda) nove generacije<\/em>), founded by the journalist Zvonimir Krstulovi\u0107, but quickly shut down owing to a lack of funding. In addition to having financial difficulties, the magazine &ldquo;was nowhere to be seen at Zagreb news-stands&rdquo; and it was advertised only by &ldquo;<em>Feral Tribune<\/em>, which had a cult status at the time&rdquo;<a name=\"_ftnref175\"><\/a><a href=\"#_ftn175\"><sup>[<span style=\"font-family: 'times new roman', times;\"><strong>175<\/strong><\/span>]<\/sup><\/a>. Jaki\u0107 also cites <em>Radio 101<\/em> and gives a special mention in his book to journalists who deserve recognition due to their professionalism and objectivity: Ines \u0160a\u0161kor, Mladen Mali, Ankica Barbir Mladinovi\u0107, Jelena Lovri\u0107, Enis Zebi\u0107 as well as Dubravko Merli\u0107 and Damir Matkovi\u0107, who presented the show <em>Slikom na sliku<\/em> on the Croatian Television. It is also important to add the correspondents of <em>Feral Tribune<\/em> \u2013 Predrag Luci\u0107, Viktor Ivan\u010di\u0107, Boris De\u017eulovi\u0107, Miljenko Jergovi\u0107, Heni Erceg and others. <\/p>\n<p class=\"MsoNormal\" style=\"line-height: 170%;\">&nbsp;<\/p>\n<p class=\"MsoNormal\" style=\"line-height: 170%;\"><strong>Media as the intermediary of Milo\u0161evi\u0107&rsquo;s killing sprees<\/strong><\/p>\n<p class=\"MsoNormal\" style=\"line-height: 170%;\">In Serbia, like in Croatia, the change in the ideological patterns of media discourse originated from the outside, from the political and social spheres. The culture of remembrance, defined by Todor Kulji\u0107 as &ldquo;a collective term employed to designate the overall, non-scholarly use of the past&rdquo;<a name=\"_ftnref176\"><\/a><a href=\"#_ftn176\"><sup>[<span style=\"font-family: 'times new roman', times;\"><strong>176<\/strong><\/span>]<\/sup><\/a> was (mis)used with an aim of eliminating positive emotions, memories and associations related to the era of Yugoslavia and communist ideas. According to Nata\u0161a Govedarica &ldquo;it was important to change history to such an extent that the previous myth of brotherhood and unity could cede place to a new myth of a fatal and eternal historical conflict between the Yugoslav peoples&rdquo;<a name=\"_ftnref177\"><\/a><a href=\"#_ftn177\"><sup>[<span style=\"font-family: 'times new roman', times;\"><strong>177<\/strong><\/span>]<\/sup><\/a>. The usual renaming of streets, commemorative gatherings, the introduction and\/or elimination of important dates and the destruction and construction of monuments were all intended for this purpose, along with the power of the media. In his book <em>Olako obe\u0107ana brzina<\/em>, Dragi\u0161a Pavlovi\u0107 writes that things started to change after the eighth plenary session of the Central Committee of the League of Communists of Serbia (CC LCS).<a name=\"_ftnref178\"><\/a><a href=\"#_ftn178\"><sup>[<span style=\"font-family: 'times new roman', times;\"><strong>178<\/strong><\/span>]<\/sup><\/a> After that session &ldquo;the Radio Television Belgrade and <em>Politika,<\/em> in most of its editions, almost daily scooped severe political defamations directed at individuals at the meetings of basic party organisations and municipal committees organised to discuss the Information from the eighth session of the CC LCS, as well as unfounded suspicions and slanders, and featured them prominently. They were even proud to have transitioned to that seemingly democratic, but in reality, warmongering <em>ad hominem<\/em> system&rdquo;<a name=\"_ftnref179\"><\/a><a href=\"#_ftn179\"><sup>[<span style=\"font-family: 'times new roman', times;\"><strong>179<\/strong><\/span>]<\/sup><\/a>.<\/p>\n<p class=\"MsoNormal\" style=\"line-height: 170%;\">Propaganda bias, at the time displayed by many Serbian media outlets, was conditioned by a series of pressures put by the government on their owners, directors, editors, and, consequently journalist themselves. The Special Rapporteur Tadeusz Mazowiecki specifically emphasised the fact that the Serbian Radio-Television was a &ldquo;propaganda tool of the ruling SPS (Socialist Party of Serbia)&rdquo;<a name=\"_ftnref180\"><\/a><a href=\"#_ftn180\"><sup>[<span style=\"font-family: 'times new roman', times;\"><strong>180<\/strong><\/span>]<\/sup><\/a>. The mechanisms for restricting media freedoms included the following:<\/p>\n<p class=\"MsoNormal\" style=\"line-height: 170%;\"><em>Monopolies<\/em>. Unfortunately, the Serbian Radio-Television exercised a monopoly in relation to <em>TV Politika<\/em> and <em>Studio B<\/em>, because its programme was broadcasted on three channels throughout the country as well as in the neighbouring Croatia and Bosnia and Herzegovina. Like in Croatia, the government held a monopoly over crucial information sources in the country. The situation was similar in radio broadcasting, since radio stations such as &ldquo;<em>Radio B92<\/em>, <em>Radio Indeks<\/em>, <em>Radio Politika<\/em> and <em>Radio Studio B<\/em> did not have the same influence on the public opinion as the state-owned Serbian Radio-Television, for the same reason&rdquo;<a name=\"_ftnref181\"><\/a><a href=\"#_ftn181\"><sup>[<span style=\"font-family: 'times new roman', times;\"><strong>181<\/strong><\/span>]<\/sup><\/a>. Kurspahi\u0107 writes that the absolute monopoly of the regime can be illustrated by data presented in an article written by Slobodan Antoni\u0107 from the Belgrade Institute for Political Studies &ldquo;which show that, in mid-October 1990, the TV Belgrade evening news were watched by 2.5 million people in Serbia and 800,000 people in Vojvodina, which is almost 70 percent of adult population in the Republic, while 30 percent of adults never read newspapers and 26 percent read it only occasionally&ldquo;<a name=\"_ftnref182\"><\/a><a href=\"#_ftn182\"><sup>[<span style=\"font-family: 'times new roman', times;\"><strong>182<\/strong><\/span>]<\/sup><\/a>.<\/p>\n<p class=\"MsoNormal\" style=\"line-height: 170%;\"><em>Layoffs<\/em>. Similarly to the situation in Croatia in the time of Tu\u0111man, in Serbia under Milo\u0161evi\u0107 many journalists were forced out of work because of their nationality. Mazowiecki writes that &ldquo;the Serbian government, on 5 July 1990, forbid Pri\u0161tina Radio-Television to broadcast a program in the Albanian language&rdquo;, which caused &ldquo;approximately 1,300 journalists and technical staff members to lose their jobs&rdquo;<a name=\"_ftnref183\"><\/a><a href=\"#_ftn183\"><sup>[<span style=\"font-family: 'times new roman', times;\"><strong>183<\/strong><\/span>]<\/sup><\/a>. Soon after that, the only daily newspaper in Albanian, <em>Rilindja<\/em>, was shut down. Consequently, the sources of information for the people of Kosovo were narrowed to Serbian media outlets, which were translated into Albanian. In May 1994 the Government &ldquo;removed 1,054 journalists from the Serbian Radio-Television and about 300 from Novi Sad from their positions and suspended them&rdquo;<a name=\"_ftnref184\"><\/a><a href=\"#_ftn184\"><sup>[<span style=\"font-family: 'times new roman', times;\"><strong>184<\/strong><\/span>]<\/sup><\/a>, reducing their salaries, according to Mazowiecki, by 20 to 40 percent. Kurspahi\u0107 writes that Ivan Stojanovi\u0107 &ldquo;was forced to resign as the director of <em>Politika<\/em>, which opened the way for Minovi\u0107 to take over both functions \u2013 director and editor&rdquo;<a name=\"_ftnref185\"><\/a><a href=\"#_ftn185\"><sup>[<span style=\"font-family: 'times new roman', times;\"><strong>185<\/strong><\/span>]<\/sup><\/a>.<\/p>\n<p class=\"MsoNormal\" style=\"line-height: 170%;\"><em>Physical attacks on journalists and media outlets<\/em>. Journalists were being forbidden from entering their workplace or even told to collect their personal belongings and leave, while verbal attacks and insults were not uncommon. The Special Rapporteur claims that in Montenegro &ldquo;threats and insults via the telephone became a part of the everyday life for the journalists of the opposition, as well as bombings or armed assaults on office premises, and &ldquo;the local offices of <em>Oslobo\u0111enje<\/em> and the Sarajevo Radio-Television in Belgrade and Novi Sad were taken over and confiscated by unknown persons on 16 May and 24 June 1994, allegedly &lsquo;to serve the needs of the media od Republika Srpska of BiH&rsquo;&rdquo;, while &ldquo;the authorities did not do anything to put a stop to those illicit actions&rdquo;<a name=\"_ftnref186\"><\/a><a href=\"#_ftn186\"><sup>[<span style=\"font-family: 'times new roman', times;\"><strong>186<\/strong><\/span>]<\/sup><\/a>. Along with journalists from Serbia, foreign correspondents were also driven out of Serbia after the NATO attack. Stjepan Malovi\u0107 writes that some journalists were arrested, and their expensive equipment confiscated.<a name=\"_ftnref187\"><\/a><a href=\"#_ftn187\"><sup>[<span style=\"font-family: 'times new roman', times;\"><strong>187<\/strong><\/span>]<\/sup><\/a><\/p>\n<p class=\"MsoNormal\" style=\"line-height: 170%;\"><em>Economic measures<\/em>. The opposition papers, such as <em>Borba<\/em>, had to &ldquo;pay for newsprint 50% more than the pro-government media outlets&rdquo;<a name=\"_ftnref188\"><\/a><a href=\"#_ftn188\"><sup>[<span style=\"font-family: 'times new roman', times;\"><strong>188<\/strong><\/span>]<\/sup><\/a>, which follows the same model of disciplining the media as the one employed by the Croatian government.<\/p>\n<p class=\"MsoNormal\" style=\"line-height: 170%;\"><em>Employment of new terminology<\/em>. Mazowiecki writes that the media in Serbia and Montenegro started equating all Croatians with &ldquo;Ustashe&rdquo;, and Bosniaks (then Muslims) with &ldquo;mujaheddin&rdquo; or &ldquo;Islamic fundamentalists&rdquo;. He further clarifies that &ldquo;referring to Bosnian institutions as &lsquo;the Muslim army&rsquo; and &lsquo;the Muslim presidency&rsquo; in the media serves the purpose of creating a climate of an interreligious and interethnic conflict&rdquo;<a name=\"_ftnref189\"><\/a><a href=\"#_ftn189\"><sup>[<span style=\"font-family: 'times new roman', times;\"><strong>189<\/strong><\/span>]<\/sup><\/a> while &ldquo;BiH is always called &lsquo;the former BiH&rsquo; and official titles are used for unrecognised entities, such as &lsquo;Republika Krajina&rsquo; or &lsquo;Republika Srpska&rsquo;&rdquo;<a name=\"_ftnref190\"><\/a><a href=\"#_ftn190\"><sup>[<span style=\"font-family: 'times new roman', times;\"><strong>190<\/strong><\/span>]<\/sup><\/a>. Based on an analysis of the papers <em>Politika<\/em> and<em> Borba<\/em>, Svetlana Slap\u0161ak concludes that the media mostly adopted &ldquo;the old terminology, with minor changes&rdquo;<a name=\"_ftnref191\"><\/a><a href=\"#_ftn191\"><sup>[<span style=\"font-family: 'times new roman', times;\"><strong>191<\/strong><\/span>]<\/sup><\/a>. According to Slap\u0161ak, the nationalist discourse was introduced gradually, but after the war &ldquo;the classic communist terminology&rdquo;<a name=\"_ftnref192\"><\/a><a href=\"#_ftn192\"><sup>[<span style=\"font-family: 'times new roman', times;\"><strong>192<\/strong><\/span>]<\/sup><\/a> was again in use. The author notes several techniques for creating the nationalist discourse in Serbia: the equating of the collective (the people) with the individual, the identification of an ethnic group with another, more privileged ethnic group (identification with the Jews), the historization of politics, especially of significant battles and defeats (emphasising the long-standing existence of Serbia, the Serbs, the barbarism of other peoples, etc.), populism, the use of new terms to designate citizens: they are no longer &ldquo;workers&rdquo; or &ldquo;self-managers&rdquo;, but &ldquo;individuals merged with the collective gathered around the hearth&rdquo;. The term &ldquo;the people&rdquo; is increasingly replaced by a slightly archaic term &ldquo;<em>\u017eivalj<\/em>&rdquo;<a name=\"_ftnref193\"><\/a><a href=\"#_ftn193\"><sup>[<span style=\"font-family: 'times new roman', times;\"><strong>193<\/strong><\/span>]<\/sup><\/a>. Mark Thompson, in his book <em>Forging War<\/em> (1995), describes the newly-adopted media terminology in Serbia in the following way: &ldquo;the language of the media discarded the dying socialist terminology, replacing it with the language of demagogy and acrobatic irrationality, rhetorical questions and outcries, destiny and missions: &lsquo;the heavenly people&rsquo; facing its fate; unlimited self-pity, coupled with terrible accusations unsupported by any proof or investigation; stirring of conspiracies, paranoia and shameless calls for violence&ldquo;<a name=\"_ftnref194\"><\/a><a href=\"#_ftn194\"><sup>[<span style=\"font-family: 'times new roman', times;\"><strong>194<\/strong><\/span>]<\/sup><\/a>. For this author that language was undoubtedly &ldquo;a language of war, used when any war in Yugoslavia was still inconceivable&rdquo;<a name=\"_ftnref195\"><\/a><a href=\"#_ftn195\"><sup>[<span style=\"font-family: 'times new roman', times;\"><strong>195<\/strong><\/span>]<\/sup><\/a>.<\/p>\n<p class=\"MsoNormal\" style=\"line-height: 170%;\">Apart from television and radio, the newspapers with the largest circulation, <em>Political<\/em>, <em>Ekspres politika<\/em> and <em>Ve\u010dernje novosti<\/em> (and later <em>Borba<\/em>), were also under government control. The daily newspaper <em>Politika<\/em>, in the section <em>Echoes and Reactions<\/em>, went to the extreme. That section, according to Mazowiecki, advocated hate and intolerance. Pavlovi\u0107 explains that &ldquo;readers&rsquo; letters, generally a marginal aspect of political life, when turned into a systematic and well-lead campaign, aimed at provoking desired mass reactions by stirring up emotions and passions, then they gain significance and may become part of the mainstream or even the drivers of social and political mechanisms&rdquo;<a name=\"_ftnref196\"><\/a><a href=\"#_ftn196\"><sup>[<span style=\"font-family: 'times new roman', times;\"><strong>196<\/strong><\/span>]<\/sup><\/a>. The weeklies <em>Duga<\/em> and <em>Pogledi<\/em> also promoted nationalist views.<\/p>\n<p class=\"MsoNormal\" style=\"line-height: 170%;\">The ideological patterns of the Serbian media started to change already in 1986, when <em>Ve\u010dernji list<\/em> published parts of the Memorandum of the Serbian Academy of Sciences and Arts. &ldquo;The Memorandum once and for all set the tone (at the same time self-pitying, morbid and revengeful) of the nationalist discourse and it is largely regarded as a detailed draft of the plans for expansion towards Croatia and Bosnia, which will be declared openly in 1991 and 1992&rdquo;.<\/p>\n<p class=\"MsoNormal\" style=\"line-height: 170%;\">After the Belgrade Radio-Televisionbroadcasted Milo\u0161evi\u0107&rsquo;s address to the Kosovo Serbs, when he pronounced the famous phrase &ldquo;No one is allowed to beat you&rdquo;, what followed was what Kurspahi\u0107, Svetlana Slap\u0161ak and other authors will refer to as &ldquo;the birth of a leader&rdquo; &ldquo;Mitevi\u0107 made an effort to ensure that the event on Kosovo Polje got special treatment on the Belgrade Television. Milo\u0161evi\u0107 did not come to Kosovo Polje on 24 April 1987 only to meet with the political leadership of the province. He was met with a crowd of about 15,000 angry Serbs and Montenegrins, who wanted an opportunity to talk to the president of the Party about their endangerment&rdquo;<a name=\"_ftnref197\"><\/a><a href=\"#_ftn197\"><sup>[<span style=\"font-family: 'times new roman', times;\"><strong>197<\/strong><\/span>]<\/sup><\/a>. Du\u0161an Mitevi\u0107, who worked at the Belgrade Radio-Televisionat the time<em>, <\/em>afterwards described his own role in the creation of the national leader. Milo\u0161evi\u0107 was by that time already supported by Ratomir Vico, director of the Belgrade Radio-Television, \u017divorad Minovi\u0107, editor of <em>Politika<\/em>, and Slobodan Jovanovi\u0107, editor of <em>Ekspres Politika<\/em>. The Serbian media first started launching attacks on Kosovo, its political leadership and citizens. For example, a tragic event in the Para\u0107in barracks, when a psychically unstable Albanian soldier fired successive shots at several soldiers (it is important to emphasise that they were of different nationalities). was exploited for the propagation of nationalism<a name=\"_ftnref198\"><\/a><a href=\"#_ftn198\"><sup>[<span style=\"font-family: 'times new roman', times;\"><strong>198<\/strong><\/span>]<\/sup><\/a>. &ldquo;When <em>Politika<\/em> published the first reports on the killings in the barracks, I was appalled by the layout of the paper and the vengeful tone of the reports. An impression was created that that was a nationalist-motivated crime, even though Keljmendi was diagnosed as mentally disturbed. He did not choose his victims, he shot at anyone he came across&rdquo;<a name=\"_ftnref199\"><\/a><a href=\"#_ftn199\"><sup>[<span style=\"font-family: 'times new roman', times;\"><strong>199<\/strong><\/span>]<\/sup><\/a>. This media campaign against the Kosovo Albanians was only an overture to the falsification of the past and the fabrication of events in the media, continuing until the date when Slobodan Milo\u0161evi\u0107 held a speech at Gazimestan to commemorate the 600th anniversary of the battle against the Ottoman Empire, with the ground already set for his media glorification. Mark Thompson lists some of the titles published by <em>Politika<\/em> in that period: &ldquo;&rsquo;Serbian Children Taken as Hostages&rsquo;, &lsquo;Serbian Nation under Attack&rsquo;, &lsquo;Voice Against Ustashe&rsquo;, &lsquo;We Are Not Fascists, We Are Ustashe&rsquo;, &lsquo;Same Methods Were Used at the Beginning of 1941&rsquo;, &lsquo;Resist Ustasha Terror by All Means&rsquo; &lsquo;Genocide Cannot Happen Again&rsquo;, &lsquo;Ustashe are Destroying Yugoslavia and Shifting the Responsibility on the Serbs&rsquo;, &lsquo;Special Forces Speak Albanian&rsquo;&#8230;&rdquo;<a name=\"_ftnref200\"><\/a><a href=\"#_ftn200\"><sup>[<span style=\"font-family: 'times new roman', times;\"><strong>200<\/strong><\/span>]<\/sup><\/a>.<\/p>\n<p class=\"MsoNormal\" style=\"line-height: 170%;\">According to Mazowiecki, the media outlets trying to advocate anti-nationalism were the weekly programme <em>VIN<\/em> on <em>TV Studio B<\/em>, the program <em>Doba razuma (Age of Reason)<\/em> broadcasted by the radio stations <em>B92<\/em>, <em>Radio Indeks<\/em> and <em>Radio Studio B,<\/em> and the weeklies <em>Vreme<\/em> and <em>Monitor<\/em> (Podgorica). Kemal Kurspahi\u0107 names the journalists of <em>Vreme <\/em>who tried to oppose the nationalist propaganda: Jug Grizelj, Jurij Gustin\u010di\u0107, Dragi\u0161a Bo\u0161kovi\u0107, Stojan Cerovi\u0107, renowned former <em>NIN<\/em> journalists\u2013 Zoran Jeli\u010di\u0107, Milan Milo\u0161evi\u0107 and Milo\u0161 Vasi\u0107 as well as Dragoljub \u017darkovi\u0107 from <em>Borba<\/em>.<\/p>\n<p class=\"MsoNormal\" style=\"line-height: 170%;\"><strong>&nbsp;<\/strong><\/p>\n<p class=\"MsoNormal\" style=\"line-height: 170%;\"><strong>Bosnia and Herzegovina \u2013 aggression on the state and the media<\/strong><\/p>\n<p class=\"MsoNormal\" style=\"line-height: 170%;\">Like other Yugoslav states, Bosnia and Herzegovina associated its politics of memory in the Yugoslav period with the common state, the national liberation movement, the Partisans and the anti-fascist struggle. Darko Kara\u010di\u0107<a name=\"_ftnref201\"><\/a><a href=\"#_ftn201\"><sup>[<span style=\"font-family: 'times new roman', times;\"><strong>201<\/strong><\/span>]<\/sup><\/a> writes that before, during and after the war, there was a very dynamic politics of memory of Yugoslavia and the Partisan struggle, which is best reflected in the relationship towards monuments erected in their honour. Many of those monuments are destroyed, some museums have been converted for a different use and some have been renovated. &ldquo;Those are the reasons why people in different parts of Bosnia and Herzegovina have differing memories of World War II and why there is no official state policy regarding that memory&rdquo;<a name=\"_ftnref202\"><\/a><a href=\"#_ftn202\"><sup>[<span style=\"font-family: 'times new roman', times;\"><strong>202<\/strong><\/span>]<\/sup><\/a>. The media climate before the aggression on Bosnia and Herzegovina was more favourable than that in the neighbouring states. Kemal Kurspahi\u0107, who will in 1988 become editor-in-chief of the Bosnian-Herzegovinian newspaper <em>Oslobo\u0111enje<\/em>, writes that in that period the media landscape saw a short-lived &ldquo;Bosnian spring&rdquo;. The media outlets that were until then under strict Party control turned critical towards the reporting on the infamous <em>Agrokomerc <\/em>scandal. The author claims that &ldquo;even by merely reporting on what the highest-ranking officials said about each other in those meetings, the Sarajevo Radio-Television, <em>Oslobo\u0111enje<\/em> and other media outlets in the republic were publicly exposing the wrongdoings of the people in power&#8230;&rdquo;. The magazine <em>Dani<\/em> and the youth papers <em>Na\u0161i dani<\/em> and <em>Valter<\/em> also took part in the reporting. Kurspahi\u0107 continues by explaining that the Bosnian media outlets succeeded in their efforts to have an act passed allowing the appointment of the editorial boards exclusively by journalists and not by Party leaders. The <em>Yutel <\/em>television, whose reporters were Goran Mili\u0107, Dragan Babi\u0107, Aleksandar Tijani\u0107 and others, moved from Belgrade to the Sarajevo Radio-Television, while Roy Gutman, winner of the Pulitzer prize for reporting on death camps in Bosnia and Herzegovina, according to Kurspahi\u0107, &ldquo;reported on 1 May 1991 in the New York daily <em>Newsday<\/em> that &lsquo;in most of the republics, especially in the two largest ones, Serbia and Croatia, the press accepted the nationalistic views of political leaders, building up ethnic tensions that are pushing the country to the brink of collapse, if not self-destruction.&rsquo; However, Bosnia and Herzegovina is a different world&rdquo;<a name=\"_ftnref203\"><\/a><a href=\"#_ftn203\"><sup>[<span style=\"font-family: 'times new roman', times;\"><strong>203<\/strong><\/span>]<\/sup><\/a>. Unfortunately, publications from the neighbouring republics were at that time also available in Bosnia, and, in addition to the Sarajevo Television, the citizens could watch the Belgrade Television and the Zagreb Television. Kurspahi\u0107 explains that, right after the first multiparty elections in Bosnia and Herzegovina the national parties tried to impose a new law that would enable them control over the appointment of directors and editors of media outlets. This time again, journalists succeeded in winning their freedom. &ldquo;Finally, on 3 October 1991, the Constitutional Court defended the rights of journalists, concluding that the proposed law was not in line with the Constitution of Bosnia and Herzegovina&rdquo;<a name=\"_ftnref204\"><\/a><a href=\"#_ftn204\"><sup>[<span style=\"font-family: 'times new roman', times;\"><strong>204<\/strong><\/span>]<\/sup><\/a>. Nenad Peji\u0107, editor-in-chief at the Sarajevo Radio-Television in the pre-war period (until the end of April), wrote in his book <em>Turn Off the TV and Open Your Eyes <\/em>that the value of that medium form was unsurpassed &ldquo;because of the fact that the Sarajevo Television twice resisted the authorities&rsquo; control \u2013 once it defied the League of Communists, and the other time the national parties&rdquo;<a name=\"_ftnref205\"><\/a><a href=\"#_ftn205\"><sup>[<span style=\"font-family: 'times new roman', times;\"><strong>205<\/strong><\/span>]<\/sup><\/a>. It was in this period that the <em>Yutel<\/em> television was freely broadcasting in Sarajevo, while it was not welcome in any other republic. Fahira Fejzi\u0107-\u010cengi\u0107 said that this television station was &ldquo;objective in a Yugoslav way&rdquo;<a name=\"_ftnref206\"><\/a><a href=\"#_ftn206\"><sup>[<span style=\"font-family: 'times new roman', times;\"><strong>206<\/strong><\/span>]<\/sup><\/a>, in other words, that it was neutral towards &ldquo;two national extremes, which, for the Bosnian-Herzegovinian public meant that its job had no useful effect&rdquo;<a name=\"_ftnref207\"><\/a><a href=\"#_ftn207\"><sup>[<span style=\"font-family: 'times new roman', times;\"><strong>207<\/strong><\/span>]<\/sup><\/a>. She judged that form of neutrality at the time when the aggression on Bosnia and Herzegovina was in the making and when eleven transmitters of that television station transmitted the programme of the Serbian Radio-Television, whose propagandist tendencies were discussed, to be &ldquo;a major professional test&rdquo;<a name=\"_ftnref208\"><\/a><a href=\"#_ftn208\"><sup>[<span style=\"font-family: 'times new roman', times;\"><strong>208<\/strong><\/span>]<\/sup><\/a>. She explains further that &ldquo;the anaesthetic function of <em>Yutel<\/em> was especially evident on the critical day at the beginning of the aggression on Sarajevo and Bosnia and Herzegovina, 2 May 1992, when the editor Ljerka Dra\u017eenovi\u0107 proclaimed in the daily news of Senad Had\u017eifejzovi\u0107: &lsquo;The army will not hurt an ant&rsquo;&rdquo;<a name=\"_ftnref209\"><\/a><a href=\"#_ftn209\"><sup>[<span style=\"font-family: 'times new roman', times;\"><strong>209<\/strong><\/span>]<\/sup><\/a>. The army Dra\u017eenovi\u0107 referred to was the Yugoslavian National Army, which did kill people in Bosnia and Herzegovina and in Croatia. Nevertheless, Kurspahi\u0107 emphasised that the former journalists of<em> Yutel<\/em> claimed that they had truly believed in their television&rsquo;s mission. If we accept that they had an anaesthetic effect on the Bosnian-Herzegovinian public, we have to take into consideration the fact that, up to that point, they had lived in a Yugoslavia where the YNA was not a criminal army, but a national army. <\/p>\n<p class=\"MsoNormal\" style=\"line-height: 170%;\">Before the start of the aggression &ldquo;the Serbian forces \u2013 aided by the Yugoslav National Army \u2013 stole a transmitter located on the mountain of Kozara near Banjaluka&rdquo;<a name=\"_ftnref210\"><\/a><a href=\"#_ftn210\"><sup>[<span style=\"font-family: 'times new roman', times;\"><strong>210<\/strong><\/span>]<\/sup><\/a>, disabling the reception of Sarajevo Radio-Television signals in that area. The Special Rapporteur Mazowiecki also mentions that event, explaining that &ldquo;before April 1992 this television station broadcasted the programme on three channels, and now it only has one, which covers a smaller, more limited area, including Sarajevo, Tuzla, Zenica and more recently, Mostar&rdquo;<a name=\"_ftnref211\"><\/a><a href=\"#_ftn211\"><sup>[<span style=\"font-family: 'times new roman', times;\"><strong>211<\/strong><\/span>]<\/sup><\/a>. Fejzi\u0107-\u010cengi\u0107 wrote that not even before the war did many citizens in western Herzegovina pay subscription for the Sarajevo Radio-Television. Even after its transmitters were put up, one near Livno and another one on the mountain of Biokovo, &ldquo;when the Sarajevo Radio-television was visible in that area, the citizens still did not pay the subscription&rdquo;<a name=\"_ftnref212\"><\/a><a href=\"#_ftn212\"><sup>[<span style=\"font-family: 'times new roman', times;\"><strong>212<\/strong><\/span>]<\/sup><\/a>. On the other hand, in some municipalities of the now smaller BiH entity, the newspaper <em>Oslobo\u0111enje<\/em> was not available at all. Fejzi\u0107-\u010cengi\u0107 mentions the counties Lopare, Ugljevik and Bijeljina.<a name=\"_ftnref213\"><\/a><a href=\"#_ftn213\"><sup>[<span style=\"font-family: 'times new roman', times;\"><strong>213<\/strong><\/span>]<\/sup><\/a> The author believes that even the Sarajevo Radio-Television to some extent made the public in Bosnia and Herzegovina passive in relation to the upcoming aggression, stating that &ldquo;even after two months from the start of the aggression this television station failed to name the Yugoslav National Army as the aggressor on Sarajevo and the rest of Bosnia and Herzegovina&rdquo;<a name=\"_ftnref214\"><\/a><a href=\"#_ftn214\"><sup>[<span style=\"font-family: 'times new roman', times;\"><strong>214<\/strong><\/span>]<\/sup><\/a>.<\/p>\n<p class=\"MsoNormal\" style=\"line-height: 170%;\">When a peace rally in Sarajevo was interrupted by sniper shots killing two students, it became clear that Bosnia and Herzegovina was under attack. According to Kurspahi\u0107 and Mazowiecki, the Sarajevo Radio-Television<em>,<\/em> with its name changed to the Bosnia and Herzegovina Radio-Television, was leaning towards the leading Democratic Action Party, but &ldquo;even in those circumstances it did not propagate ethnic hate and stereotypes&rdquo;<a name=\"_ftnref215\"><\/a><a href=\"#_ftn215\"><sup>[<span style=\"font-family: 'times new roman', times;\"><strong>215<\/strong><\/span>]<\/sup><\/a>. In Bosnia and Herzegovina (or in the part under control of the BiH army), in addition to the Bosnia and Herzegovina Radio-Television, there was also the privately-owned Hayat Radio-Television. Both Mazowiecki and Kurspahi\u0107 mention that there was a wide range of radio stations in Bosnia during the war. In addition to <em>Oslobo\u0111enje<\/em>, also published were the daily <em>Ve\u010dernje Novosti <\/em>and the weeklies <em>BH Dani<\/em> and <em>Slobodna Bosna<\/em>. There was also the <em>ONASA <\/em>press agency. All these outlets were under constant threat of shelling, while &ldquo;armed attacks on the media premises&rdquo;, according to Mazowiecki, were &ldquo;an important element in the strategy of the Serbian forces&rdquo;<a name=\"_ftnref216\"><\/a><a href=\"#_ftn216\"><sup>[<span style=\"font-family: 'times new roman', times;\"><strong>216<\/strong><\/span>]<\/sup><\/a>. Unfortunately, some media outlets in Bosnia and Herzegovina fostered nationalist propaganda. Mazowiecki and Kurspahi\u0107 mention the Tuzla-based paper <em>Zmaj od Bosne<\/em> and the Sarajevo weekly <em>Ljiljan<\/em>. Mazowiecki also mentions that &ldquo;on 5 February 1994, following the massacre at the Markale market, Radio Hayat aired a call to all Muslims to take revenge on Serbs and Croatians in Sarajevo&rdquo;<a name=\"_ftnref217\"><\/a><a href=\"#_ftn217\"><sup>[<span style=\"font-family: 'times new roman', times;\"><strong>217<\/strong><\/span>]<\/sup><\/a>.<\/p>\n<p class=\"MsoNormal\" style=\"line-height: 170%;\">Nenad Peji\u0107, who focused his analysis on the Sarajevo Radio-Television, believes that pressure the Bosnian-Herzegovinian media were exposed to pressures from various sides. First, political parties controlled journalists. &ldquo;Political parties, especially those that were nationally oriented, would in no time find journalists to inform them about what was happening on the television&rdquo;, he writes.<a name=\"_ftnref218\"><\/a><a href=\"#_ftn218\"><sup>[<span style=\"font-family: 'times new roman', times;\"><strong>218<\/strong><\/span>]<\/sup><\/a> &ldquo;Constant public attacks, extortions and threats aimed at the editorial staff, journalists and management of the Sarajevo Radio-Television&rdquo; were, according to Peji\u0107, another form of pressure, which ended after the journalists decided to go public. &ldquo;During broadcasts it was often funny to listen to a series of allegations regarding the Sarajevo Television being at the same time anti-Serbian, anti-Croatian and anti-Muslim&rdquo;<a name=\"_ftnref219\"><\/a><a href=\"#_ftn219\"><sup>[<span style=\"font-family: 'times new roman', times;\"><strong>219<\/strong><\/span>]<\/sup><\/a>. Economic pressures on the Sarajevo Radio-Television were applied by calls that the parties like the SDS made to dissuade citizens from paying the subscription. &ldquo;The subscription percentage in BiH was 40% \u2013 the television was not identified with any ethnic group&rdquo; explains Peji\u0107<a name=\"_ftnref220\"><\/a><a href=\"#_ftn220\"><sup>[<span style=\"font-family: 'times new roman', times;\"><strong>220<\/strong><\/span>]<\/sup><\/a>. The last form of pressures mentioned by the author are those that came from other television stations, which ceased to broadcast their programmes for the Sarajevo Radio-Television, from citizens who, according to Peji\u0107, were less and less television viewers and &ldquo;increasingly became only Croatians, Muslims and Serbs&rdquo;<a name=\"_ftnref221\"><\/a><a href=\"#_ftn221\"><sup>[<span style=\"font-family: 'times new roman', times;\"><strong>221<\/strong><\/span>]<\/sup><\/a>. <\/p>\n<p class=\"MsoNormal\" style=\"line-height: 170%;\">The state in the media landscape controlled by the Karad\u017ei\u0107 forces was mostly uniform \u2013 it was characterised by warmongering, with outbursts of open xenophobia and hate towards Bosniaks, Croatians and Serbs who opposed the nationalist rhetoric. Kurspahi\u0107 writes that many journalists and editors left the Sarajevo Radio-Television, but also that many journalists joined the newly-formed the Pale Radio-Television<em> (Kanal S)<\/em>, founded by the Karad\u017ei\u0107 leadership. The Pale Radio-Television will become the most appalling example of propaganda, nationalism, xenophobia and fabricated information. This disgraceful work was most notably performed by former journalists of the Sarajevo Radio-Television \u2013 Risto \u0110ogo, Ilija Guzina and Dragan Bo\u017eani\u0107. &ldquo;The Pale Television was always faster than Karad\u017ei\u0107&rsquo;s very own headquarters to automatically deny any responsibility of the Serbian forces for the crimes committed in Sarajevo&rdquo;, writes Kurspahi\u0107.<a name=\"_ftnref222\"><\/a><a href=\"#_ftn222\"><sup>[<span style=\"font-family: 'times new roman', times;\"><strong>222<\/strong><\/span>]<\/sup><\/a> This period in Pale also saw the establishment of the Serbian Journalistic Information Agency (SRNA). According to Mazowiecki, SRNA &ldquo;is evidently doing its best to create confusion regarding the real situation on that territory&rdquo;. He writes that &ldquo;they even gave the name &lsquo;<em>Oslobo\u0111e<\/em>nje&rsquo; (Liberation) to the newspapers founded in the part of Sarajevo that was <em>de facto<\/em> under control of Bosnian Serbs, which were termed &lsquo;Srpsko oslobo\u0111enje&rsquo; (Serbian Liberation)&rdquo;<a name=\"_ftnref223\"><\/a><a href=\"#_ftn223\"><sup>[<span style=\"font-family: 'times new roman', times;\"><strong>223<\/strong><\/span>]<\/sup><\/a>.<\/p>\n<p class=\"MsoNormal\" style=\"line-height: 170%;\">As regards the media in the part of Bosnia and Herzegovina controlled by the Croatian Defence Council, Mazowiecki explains that those were mainly media outlets from the neighbouring Croatia. In other words, the formation of media outlets in that area was also &ldquo;secretly or publicly supported by the Republic of Croatia&rdquo;<a name=\"_ftnref224\"><\/a><a href=\"#_ftn224\"><sup>[<span style=\"font-family: 'times new roman', times;\"><strong>224<\/strong><\/span>]<\/sup><\/a>. These media outlets, continues the author, &ldquo;propagated discrimination, hate and, as a result, the violation of human rights&rdquo;<a name=\"_ftnref225\"><\/a><a href=\"#_ftn225\"><sup>[<span style=\"font-family: 'times new roman', times;\"><strong>225<\/strong><\/span>]<\/sup><\/a>. In his work <em>Forging war<\/em> Thompson describes how the local \u010capljina radio played an important role in the preparation of physical attacks on the Bosniak population. <\/p>\n<p class=\"MsoNormal\" style=\"line-height: 170%;\">&ldquo;&lsquo;On 13 June 1993, the Croatian mayor of \u010capljina made a radio announcement that the lives and safety of local Muslims &lsquo;cannot be guaranteed anymore&rsquo;. The reports show that after the announcement normal life was no longer possible for Muslims: it was dangerous for them to go out on the street and they could only buy food with the help of their Croatian neighbours, friends or spouses. Muslim families became targets of masked thieves&rsquo; night raids, their possessions were destroyed, and the police of \u010capljina was not assuring sufficient protection. The role of the local radio was closely coordinated with the police and military action of the &lsquo;ethnic cleansing&rsquo; of the non-Croatians from Herzeg-Bosnia and central Bosnia in 1993 and early 1994, controlled by the Croatians&rdquo;.<a name=\"_ftnref226\"><\/a><a href=\"#_ftn226\"><sup>[<span style=\"font-family: 'times new roman', times;\"><strong>226<\/strong><\/span>]<\/sup><\/a><\/p>\n<p class=\"MsoNormal\" style=\"line-height: 170%;\">Finally, it should be noted that the Serbian and Croatian media at the end of the 1980s and the beginning of the 1990s were an organized propaganda machine. Their weapons were words, often false and exaggerated, as well as photographs, which they frequently misused. The media and media technology, in that period primarily television and print, facilitated the transmission of propagandist messages. If other media had existed then, they would have been used in a similar way. In Vietnam, the Americans used flyers, Hitler used the radio, Milo\u0161evi\u0107 and Tu\u0111man used television. Their technical structure, that, is, form, served as a weapon \u2013 a mass media gun\/machine gun\/cannon. Words were the ammunition, bullets. Without journalist who consciously transformed their words into laser paths for bullets fired at their former neighbours, the propaganda weapons would have been just another technical intermediary. United, the journalists and the media, constituted a deplorable image of a cruel criminal at the end of the 20th century. <\/p>\n<p class=\"MsoNormal\" style=\"line-height: 170%;\">Many authors have stated that the bloodshed in the ex-Yugoslav countries was preceded by a media war. It is openly denoted as such by Malovi\u0107<a name=\"_ftnref227\"><\/a><a href=\"#_ftn227\"><sup>[<span style=\"font-family: 'times new roman', times;\"><strong>227<\/strong><\/span>]<\/sup><\/a>, Slap\u0161ak et al.<a name=\"_ftnref228\"><\/a><a href=\"#_ftn228\"><sup>[<span style=\"font-family: 'times new roman', times;\"><strong>228<\/strong><\/span>]<\/sup><\/a> and Thompson<a name=\"_ftnref229\"><\/a><a href=\"#_ftn229\"><sup>[<span style=\"font-family: 'times new roman', times;\"><strong>229<\/strong><\/span>]<\/sup><\/a>. According to Malovi\u0107, the western media could not handle the Serbian ones. Why? &ldquo;(&#8230;) those are mass media, and not a propagandist machinery&rdquo;<a name=\"_ftnref230\"><\/a><a href=\"#_ftn230\"><sup>[<span style=\"font-family: 'times new roman', times;\"><strong>230<\/strong><\/span>]<\/sup><\/a>. The author emphasises that the western media adhered by ethical and professional principles in their reporting, giving even criminals an opportunity to express their opinions. On the opposite end were the Serbian media outlets, which invented, manipulated, fabricated and intervened in information in a systematic, planned and coordinated manner. The same can be said for the Croatian media from the same period, but also for a few previously mentioned media outlets from Bosnia and Herzegovina, especially those under control of the then army of the Republika Srpska. &ldquo;Therefore, the media in the war transformed into a war of the media, a particularly unfair war between a strong propaganda machine and the democratic media, which were not prepared enough to neutralize the ten-year, unrelenting and steady work of Milo\u0161evi\u0107&rsquo;s propaganda, which was systemically creating an image of the world according to Sloba&rdquo;<a name=\"_ftnref231\"><\/a><a href=\"#_ftn231\"><sup>[<span style=\"font-family: 'times new roman', times;\"><strong>231<\/strong><\/span>]<\/sup><\/a>.<\/p>\n<p class=\"MsoNormal\" style=\"line-height: 170%;\">&nbsp;<\/p>\n<p class=\"MsoNormal\" style=\"line-height: 170%;\"><strong>Conclusion<\/strong><strong> <\/strong><\/p>\n<p class=\"MsoNormal\" style=\"line-height: 170%;\">As the history of the media has shown, authorities will always use the media technologies available to them to remain in power. However, the media have always tried, or should be trying, to resist that. Even though we are aware that the media truth is not the same as the philosophical or religious truth, aspiration towards the truth is clearly the fundamental principle of journalistic reporting. Various theoreticians have offered their own interpretations of the importance of truth as the fundamental principle of the journalistic profession, primarily because the mass media information has a significant influence on the way people make choices in everyday life and understand reality. The importance of this principle becomes evident in crisis. <\/p>\n<p class=\"MsoNormal\" style=\"line-height: 170%;\">The image of reality in the media is certainly incomplete and often oversimplified, but for many people, those lacking other sources of information or having very few, the media create a frame through which they observe events. <\/p>\n<p class=\"MsoNormal\" style=\"line-height: 170%;\">The media content is produced under different forms of pressures \u2013 including economic and political pressures, which inevitably leads to bias. The most extreme and most destructive form of bias, according to McQuail, is propaganda bias \u2013 the one to which the media in Croatia and Serbia succumbed at the end of the 1980s. Even though it may be unrealistic to talk about complete media freedom and independence, the examples from the ex-Yugoslav countries are extreme and show what can happen when the media turn into weapons. <\/p>\n<p class=\"MsoNormal\" style=\"line-height: 170%;\">A comprehensive media propaganda has always been accompanied by other social changes. Particularly important for this period is a new politics of memory, which is reflected in the authorities&rsquo; stance towards the Yugoslav past. This stance results in changing street names, desecrating or completely destroying the Partisan monuments, changing the character of commemorations and commemorating the dates and events from the Yugoslavian past for a long time considered to be taboo.<\/p>\n<p class=\"MsoNormal\" style=\"line-height: 170%;\">After the Croatian Democratic Union came to power in Croatia, the Croatian media were subjected to various forms of pressure. First, economic sanctions were imposed to the media outlets that did not support the government&rsquo;s politics and they were often, along with their journalists, legally prosecuted. State-owned enterprises \u2013 the Croatian Radio-Television (HTV) and <em>Tisak<\/em> \u2013 had a complete monopoly in Croatia. Non-Croatian journalists were removed from their positions under the excuse of being redundant and so were the journalists of Croatian nationality who opposed the dictate of the government. Among the media outlets who went the farthest in warmongering propaganda are <em>Slobodna Dalmacija, Vjesnik, HTV, Hrvatski vjesnik <\/em>and<em> Danas<\/em>. However, there were also many media outlets that fully complied with professional rules in their reporting, even though they had smaller reach and influence than the previously mentioned ones due to economic and political pressures. These include <em>Feral Tribine<\/em>, Rijeka-based <em>Novi list<\/em>, <em>OTV<\/em>, <em>Nacional <\/em>and <em>Erasmus<\/em>. <\/p>\n<p class=\"MsoNormal\" style=\"line-height: 170%;\">The state of the media in Serbia at the end of 1980s was similar to that in Croatia. Many authors (Jaki\u0107, Slap\u0161ak, Kurspahi\u0107, Pavlovi\u0107) are of the opinion that it was precisely the Serbian media that paved the way for Croatian nationalist journalism. Pressures on journalists and the media mounted after the eighth session of the League of Communists of Yugoslavia, when Slobodan Milo\u0161evi\u0107 made a grand entrance into politics in Serbia. The monopolistic power was evident in the fact that the Serbian Radio-Television had a wider reach than other television and radio broadcasters and that Milo\u0161evi\u0107 appointed his men to leading editorial positions in the most circulated paper <em>Politika<\/em>. The repressive measures were not exhausted by taking over key media positions: they were continued with the layoffs of non-Serbian journalists, but also Serbs who were not obedient enough, culminating in physical attacks and threats aimed at journalists and media outlets that were out of line. When implementing economic measures to discipline the media, the Milo\u0161evi\u0107&rsquo;s regime used a similar methodology as the Tu\u0111man&rsquo;s, levying enormously high taxes on the media he did not manage to politically conquer. The propaganda arrangements were completed by introducing appropriate warmongering terminology into reporting on the neighbouring countries. <\/p>\n<p class=\"MsoNormal\" style=\"line-height: 170%;\">In addition to the Belgrade Radio-Television and the newspaper <em>Politika<\/em>, the Milo\u0161evi\u0107&rsquo;s regime soon took control over the papers <em>Ekspres politika, Ve\u010dernje Novosti, <\/em>and later also <em>Borba<\/em>. Nevertheless, there were many independent media outlets trying to work objectively and professionally, including the magazine <em>Vreme<\/em>, radio stations <em>Radio B92, Radio Indeks, Radio Studio B<\/em> and others. <\/p>\n<p class=\"MsoNormal\" style=\"line-height: 170%;\">Bosnian and Herzegovinian media outlets were in a relaxed mood before the aggression started and journalists managed to ward of pressures from national parties in the 1990s. However, due to the fact that the media from other countries were accessible in Bosnia and Herzegovina, the atmosphere started to change. A large number of journalists from the Sarajevo Radio-Television left to work for the newly-formed Pale Television in Pale. Apart from that, before, and especially during the aggression on Bosnia and Herzegovina, the Serbian forces, aided by the Yugoslav National Army, took several transmitters of the Bosnia and Herzegovina Radio-Television, so that citizens living in territories under control of the Karad\u017ei\u0107&rsquo;s forces could only follow the media from Serbia and the Pale Television. This television station was the most infamous example of the dissemination of war propaganda, the fabrication of information and the inhumane treatment of aggression victims, including civilians, women and children. The journalist Risto \u0110ogo was especially notorious because of his inappropriate jokes about murder and rape victims, and he was joined in that by the journalists Ilija Guzina and Dragan Bo\u017eani\u0107. In the territories of Bosnia and Herzegovina under the power of the Croatian Defence Council the only available media were those from Croatia. Despite such circumstances, a large number of media outlets in Bosnia and Hercegovina (electronic and print) managed to uphold professional standards, the notable examples being the newspaper <em>Oslobo\u0111enje<\/em> as well as the dailies <em>BH Dani<\/em> and <em>Slobodna Bosna. <\/em>Unfortunately, the Bosnia and Herzegovina Radio-Television gradually leaned towards the ruling Democratic Action Party, but it did not broadcast warmongering messages, unlike the media outlets such as the Hayat Radio-Television as well as the Sarajevo weekly <em>Ljiljan<\/em> and the Tuzla-based daily paper <em>Zmaj od Bosne<\/em>.<\/p>\n<p class=\"MsoNormal\" style=\"line-height: 170%;\">The listed media outlets that contributed to the state of inter-ethnic hate and fear of the other, while also encouraging crime, are a clear example of how the media can easily be exploited for propaganda and transformed into propaganda war weapons. However, the media upholding professional principles show that the media can also have a noble role of communicating professionally created information. Those media were guided by a fundamental journalistic principle, the only principle that justifies their existence and work \u2013 the truth. It is up to the (inhumane) humans to decide in which way to use the technical intermediaries. The only thing that is certain is that the truth that was sacrificed before the disintegration of Yugoslavia, and whose sacrifice affected the brutality of the wars, can nowadays, when those wars are far behind us, but not the discourse leading to them, bring about a consolidation of the politics of memory, reconciliation, and, one can only hope, a better and happier common future.<\/p>\n<p class=\"MsoNormal\" style=\"line-height: 150%;\">&nbsp;<\/p>\n<hr align=\"left\" size=\"1\" width=\"33%\" \/>\n<div id=\"ftn142\">\n<p class=\"MsoNormal\" style=\"line-height: 150%;\"><span style=\"font-size: 8.0pt;\"><a name=\"_ftn142\"><\/a><a href=\"#_ftnref142\"><sup>[<span style=\"font-family: 'times new roman', \ntimes;\"><strong>142<\/strong><\/span>]<\/sup><\/a>&nbsp;<br \/>\nMarshal McLuhan, <em>Razumijevanje medija (Understanding Media)<\/em>, Golden marketing-Tehni\u010dka knjiga, Zagreb 2008, p. 302.<\/p>\n<p><\/span><\/p>\n<\/div>\n<div id=\"ftn143\">\n<p class=\"MsoNormal\" style=\"line-height: 150%;\"><span style=\"font-size: 8.0pt;\"><a name=\"_ftn143\"><\/a><a href=\"#_ftnref143\"><sup>[<span style=\"font-family: 'times new roman', \ntimes;\"><strong>143<\/strong><\/span>]<\/sup><\/a>&nbsp;<br \/>\nGordana Vilovi\u0107, <em>Govor mr\u017enje<\/em> <em>(Hate Speech),<\/em> <em>Politi\u010dke analize, <\/em>2 (6\/2011), pp. 68-70., <a href=\"https:\/\/hrcak.srce.hr\/175715\">https:\/\/hrcak.srce.hr\/175715<\/a><\/p>\n<p><\/span><\/p>\n<\/div>\n<div id=\"ftn144\">\n<p class=\"MsoNormal\" style=\"line-height: 150%;\"><span style=\"font-size: 8.0pt;\"><a name=\"_ftn144\"><\/a><a href=\"#_ftnref144\"><sup>[<span style=\"font-family: 'times new roman', \ntimes;\"><strong>144<\/strong><\/span>]<\/sup><\/a>&nbsp;<br \/>\nBill Kovach, Tom Rosenstiel, <em>Elementi novinarstva (The Elements of Journalism)<\/em>, Cid, Podgorica 2006, p. 53.<\/p>\n<p><\/span><\/p>\n<\/div>\n<div id=\"ftn145\">\n<p class=\"MsoNormal\" style=\"line-height: 150%;\"><span style=\"font-size: 8.0pt;\"><a name=\"_ftn145\"><\/a><a href=\"#_ftnref145\"><sup>[<span style=\"font-family: 'times new roman', \ntimes;\"><strong>145<\/strong><\/span>]<\/sup><\/a>&nbsp;<br \/>\nB. Kovach, T. Rosenstiel, <em>Elementi novinarstva, <\/em>p. 18.<\/p>\n<p><\/span><\/p>\n<\/div>\n<div id=\"ftn146\">\n<p class=\"MsoNormal\" style=\"line-height: 150%;\"><span style=\"font-size: 8.0pt;\"><a name=\"_ftn146\"><\/a><a href=\"#_ftnref146\"><sup>[<span style=\"font-family: 'times new roman', \ntimes;\"><strong>146<\/strong><\/span>]<\/sup><\/a>&nbsp;<br \/>\nRobert W. McChesney, <em>Digitalna isklju\u010denost. Kako kapitalizam okre\u0107e internet protiv demokracije (Digital Disconnect: How capitalism is Turning the Internet Against Democracy)<\/em>, Multimedijal Institute and the Faculty of Media and Communication, Zagreb 2014, p. 113.<\/p>\n<p><\/span><\/p>\n<\/div>\n<div id=\"ftn147\">\n<p class=\"MsoNormal\" style=\"line-height: 150%;\"><span style=\"font-size: 8.0pt;\"><a name=\"_ftn147\"><\/a><a href=\"#_ftnref147\"><sup>[<span style=\"font-family: 'times new roman', \ntimes;\"><strong>147<\/strong><\/span>]<\/sup><\/a>&nbsp;<br \/>\nNajil Kurti\u0107, <em>Kod novinarstva (The Journalistic Code of Ethics), <\/em>MediaPlan institut, Sarajevo 2006, p. 81.<\/p>\n<p><\/span><\/p>\n<\/div>\n<div id=\"ftn148\">\n<p class=\"MsoNormal\" style=\"line-height: 150%;\"><span style=\"font-size: 8.0pt;\"><a name=\"_ftn148\"><\/a><a href=\"#_ftnref148\"><sup>[<span style=\"font-family: 'times new roman', \ntimes;\"><strong>148<\/strong><\/span>]<\/sup><\/a>&nbsp;<br \/>\nG. Baker-Woods, J. E. Dodd, K. Ford, K. Keller, J. Plumley, P. G. Smeyak and K. Walsh-Childers, <em>Mass Media Writing: An introduction<\/em>. Scottsdale, Arizona 1997, p. 73-74.<\/p>\n<p><\/span><\/p>\n<\/div>\n<div id=\"ftn149\">\n<p class=\"MsoNormal\" style=\"line-height: 150%;\"><span style=\"font-size: 8.0pt;\"><a name=\"_ftn149\"><\/a><a href=\"#_ftnref149\"><sup>[<span style=\"font-family: 'times new roman', \ntimes;\"><strong>149<\/strong><\/span>]<\/sup><\/a>&nbsp;<br \/>\nAccording to N. Kurti\u0107,<em> Kod novinarstva,<\/em> pp. 97-98.<br \/>\n<\/span><\/p>\n<\/div>\n<div id=\"ftn150\">\n<p class=\"MsoNormal\" style=\"line-height: 150%;\"><span style=\"font-size: 8.0pt;\"><a name=\"_ftn150\"><\/a><a href=\"#_ftnref150\"><sup>[<span style=\"font-family: 'times new roman', \ntimes;\"><strong>150<\/strong><\/span>]<\/sup><\/a>&nbsp;<br \/>\nIbid., p. 98.<\/p>\n<p><\/span><\/p>\n<\/div>\n<div id=\"ftn151\">\n<p class=\"MsoNormal\" style=\"line-height: 150%;\"><span style=\"font-size: 8.0pt;\"><a name=\"_ftn151\"><\/a><a href=\"#_ftnref151\"><sup>[<span style=\"font-family: 'times new roman', \ntimes;\"><strong>151<\/strong><\/span>]<\/sup><\/a>&nbsp;<br \/>\nKemal Kurspahi\u0107, <em>Zlo\u010din u 19:30: Balkanski mediji u ratu imiru (Prime Time Crime: Balkan Media in War and Peace), <\/em>Media centar, Sarajevo 2003, p. 97.<\/p>\n<p><\/span><\/p>\n<\/div>\n<div id=\"ftn152\">\n<p class=\"MsoNormal\" style=\"line-height: 150%;\"><span style=\"font-size: 8.0pt;\"><a name=\"_ftn152\"><\/a><a href=\"#_ftnref152\"><sup>[<span style=\"font-family: 'times new roman', \ntimes;\"><strong>152<\/strong><\/span>]<\/sup><\/a>&nbsp;<br \/>\nK. Kurspahi\u0107, <em>Zlo\u010din u 19:30: Balkanski mediji u ratu imiru, <\/em>p. 98.<\/p>\n<p><\/span><\/p>\n<\/div>\n<div id=\"ftn153\">\n<p class=\"MsoNormal\" style=\"line-height: 150%;\"><span style=\"font-size: 8.0pt;\"><a name=\"_ftn153\"><\/a><a href=\"#_ftnref153\"><sup>[<span style=\"font-family: 'times new roman', \ntimes;\"><strong>153<\/strong><\/span>]<\/sup><\/a>&nbsp;<br \/>\nTomislav Jaki\u0107, <em>Nisam zavijao s vukovima: Sje\u0107anja otrgnuta zaboravu na jedno vrijeme i dvije dr\u017eave 1943 \u2013 2012 (I Did Not Howl with the Wolves:Revived Memories of One Time and Two Countries 1943 \u2013 2012), <\/em>Gariwo, Sarajevo 2013, p. 59.<\/p>\n<p><\/span><\/p>\n<\/div>\n<div id=\"ftn154\">\n<p class=\"MsoNormal\" style=\"line-height: 150%;\"><span style=\"font-size: 8.0pt;\"><a name=\"_ftn154\"><\/a><a href=\"#_ftnref154\"><sup>[<span style=\"font-family: 'times new roman', \ntimes;\"><strong>154<\/strong><\/span>]<\/sup><\/a>&nbsp;<br \/>\nT. Jaki\u0107, <em>Nisam zavijao s vukovima: Sje\u0107anja otrgnuta zaboravu na jedno vrijeme i dvije dr\u017eave, <\/em>p. 72.<\/p>\n<p><\/span><\/p>\n<\/div>\n<div id=\"ftn155\">\n<p class=\"MsoNormal\" style=\"line-height: 150%;\"><span style=\"font-size: 8.0pt;\"><a name=\"_ftn155\"><\/a><a href=\"#_ftnref155\"><sup>[<span style=\"font-family: 'times new roman', \ntimes;\"><strong>155<\/strong><\/span>]<\/sup><\/a>&nbsp;<br \/>\nDarko Kara\u010di\u0107, Tamara Banjeglav and Nata\u0161a Govedarica, <em>Re:vizija pro\u0161losti \u2013 Politike sje\u0107anja u Bosni i Hercegovini, Hrvatskoj i Srbiji od 1990. godine (Re:vision of the Past. The Politics of Memory in Bosnia and Herzegovina, Croatia and Serbia since 1990), <\/em>Firedrich-Ebert-Stiftung, Sarajevo 2012, p. 95.<\/p>\n<p><\/span><\/p>\n<\/div>\n<div id=\"ftn156\">\n<p class=\"MsoNormal\" style=\"line-height: 150%;\"><span style=\"font-size: 8.0pt;\"><a name=\"_ftn156\"><\/a><a href=\"#_ftnref156\"><sup>[<span style=\"font-family: 'times new roman', \ntimes;\"><strong>156<\/strong><\/span>]<\/sup><\/a>&nbsp;<br \/>\nTadeusz Mazowiecki, <em>Izvje\u0161taji: 1992-1995. (Reports: 1992-1995), <\/em>Tuzla University. Tuzla 2007, p. 414.<\/p>\n<p><\/span><\/p>\n<\/div>\n<div id=\"ftn157\">\n<p class=\"MsoNormal\" style=\"line-height: 150%;\"><span style=\"font-size: 8.0pt;\"><a name=\"_ftn157\"><\/a><a href=\"#_ftnref157\"><sup>[<span style=\"font-family: 'times new roman', \ntimes;\"><strong>157<\/strong><\/span>]<\/sup><\/a>&nbsp;<br \/>\nT. Mazowiecki, <em>Izvje\u0161taji: 1992-1995.<\/em><\/p>\n<p><\/span><\/p>\n<\/div>\n<div id=\"ftn158\">\n<p class=\"MsoNormal\" style=\"line-height: 150%;\"><span style=\"font-size: 8.0pt;\"><a name=\"_ftn158\"><\/a><a href=\"#_ftnref158\"><sup>[<span style=\"font-family: 'times new roman', \ntimes;\"><strong>158<\/strong><\/span>]<\/sup><\/a>&nbsp;<br \/>\nK. Kurspahi\u0107, <em>Zlo\u010din u 19:30: Balkanski mediji u ratu i miru, <\/em>p. 155.<\/p>\n<p><\/span><\/p>\n<\/div>\n<div id=\"ftn159\">\n<p class=\"MsoNormal\" style=\"line-height: 150%;\"><span style=\"font-size: 8.0pt;\"><a name=\"_ftn159\"><\/a><a href=\"#_ftnref159\"><sup>[<span style=\"font-family: 'times new roman', \ntimes;\"><strong>159<\/strong><\/span>]<\/sup><\/a>&nbsp;<br \/>\nT. Mazowiecki, <em>Izvje\u0161taji: 1992-1995<\/em>., p. 415.<\/p>\n<p><\/span><\/p>\n<\/div>\n<div id=\"ftn160\">\n<p class=\"MsoNormal\" style=\"line-height: 150%;\"><span style=\"font-size: 8.0pt;\"><a name=\"_ftn160\"><\/a><a href=\"#_ftnref160\"><sup>[<span style=\"font-family: 'times new roman', \ntimes;\"><strong>160<\/strong><\/span>]<\/sup><\/a>&nbsp;<br \/>\nIbid.<\/p>\n<p><\/span><\/p>\n<\/div>\n<div id=\"ftn161\">\n<p class=\"MsoNormal\" style=\"line-height: 150%;\"><span style=\"font-size: 8.0pt;\"><a name=\"_ftn161\"><\/a><a href=\"#_ftnref161\"><sup>[<span style=\"font-family: 'times new roman', \ntimes;\"><strong>161<\/strong><\/span>]<\/sup><\/a>&nbsp;<br \/>\nT. Jaki\u0107, <em>Nisam zavijao s vukovima: Sje\u0107anja otrgnuta zaboravu na jedno vrijeme i dvije dr\u017eave, <\/em>p. 254.<\/p>\n<p><\/span><\/p>\n<\/div>\n<div id=\"ftn162\">\n<p class=\"MsoNormal\" style=\"line-height: 150%;\"><span style=\"font-size: 8.0pt;\"><a name=\"_ftn162\"><\/a><a href=\"#_ftnref162\"><sup>[<span style=\"font-family: 'times new roman', \ntimes;\"><strong>162<\/strong><\/span>]<\/sup><\/a>&nbsp;<br \/>\nIbid., pp. 235-236.<\/p>\n<p><\/span><\/p>\n<\/div>\n<div id=\"ftn163\">\n<p class=\"MsoNormal\" style=\"line-height: 150%;\"><span style=\"font-size: 8.0pt;\"><a name=\"_ftn163\"><\/a><a href=\"#_ftnref163\"><sup>[<span style=\"font-family: 'times new roman', \ntimes;\"><strong>163<\/strong><\/span>]<\/sup><\/a>&nbsp;<br \/>\nT. Mazowiecki, <em>Izvje\u0161taji: 1992-1995.,<\/em> p. 416.<\/p>\n<p><\/span><\/p>\n<\/div>\n<div id=\"ftn164\">\n<p class=\"MsoNormal\" style=\"line-height: 150%;\"><span style=\"font-size: 8.0pt;\"><a name=\"_ftn164\"><\/a><a href=\"#_ftnref164\"><sup>[<span style=\"font-family: 'times new roman', \ntimes;\"><strong>164<\/strong><\/span>]<\/sup><\/a>&nbsp;<br \/>\nT. Jaki\u0107, <em>Nisam zavijao s vukovima: Sje\u0107anja otrgnuta zaboravu na jedno vrijeme i dvije dr\u017eave,<\/em> p. 254.<\/p>\n<p><\/span><\/p>\n<\/div>\n<div id=\"ftn165\">\n<p class=\"MsoNormal\" style=\"line-height: 150%;\"><span style=\"font-size: 8.0pt;\"><a name=\"_ftn165\"><\/a><a href=\"#_ftnref165\"><sup>[<span style=\"font-family: 'times new roman', \ntimes;\"><strong>165<\/strong><\/span>]<\/sup><\/a>&nbsp;<br \/>\nG. Vilovi\u0107, <em>Govor mr\u017enje, <\/em>p. 68.<br \/>\n<\/span><\/p>\n<\/div>\n<div id=\"ftn166\">\n<p class=\"MsoNormal\" style=\"line-height: 150%;\"><span style=\"font-size: 8.0pt;\"><a name=\"_ftn166\"><\/a><a href=\"#_ftnref166\"><sup>[<span style=\"font-family: 'times new roman', \ntimes;\"><strong>166<\/strong><\/span>]<\/sup><\/a>&nbsp;<br \/>\nT. Jaki\u0107, <em>Nisam zavijao s vukovima: Sje\u0107anja otrgnuta zaboravu na jedno vrijeme i dvije dr\u017eave, <\/em>p. 37.<br \/>\n<\/span><\/p>\n<\/div>\n<div id=\"ftn167\">\n<p class=\"MsoNormal\" style=\"line-height: 150%;\"><span style=\"font-size: 8.0pt;\"><a name=\"_ftn167\"><\/a><a href=\"#_ftnref167\"><sup>[<span style=\"font-family: 'times new roman', \ntimes;\"><strong>167<\/strong><\/span>]<\/sup><\/a>&nbsp;<br \/>\nIbid., pp. 40-41.<br \/>\n<\/span><\/p>\n<\/div>\n<div id=\"ftn168\">\n<p class=\"MsoNormal\" style=\"line-height: 150%;\"><span style=\"font-size: 8.0pt;\"><a name=\"_ftn168\"><\/a><a href=\"#_ftnref168\"><sup>[<span style=\"font-family: 'times new roman', \ntimes;\"><strong>168<\/strong><\/span>]<\/sup><\/a>&nbsp;<br \/>\nT. Mazowiecki, <em>Izvje\u0161taji: 1992-1995., <\/em>p. 417.<br \/>\n<\/span><\/p>\n<\/div>\n<div id=\"ftn169\">\n<p class=\"MsoNormal\" style=\"line-height: 150%;\"><span style=\"font-size: 8.0pt;\"><a name=\"_ftn169\"><\/a><a href=\"#_ftnref169\"><sup>[<span style=\"font-family: 'times new roman', \ntimes;\"><strong>169<\/strong><\/span>]<\/sup><\/a>&nbsp;<br \/>\nK. Kurspahi\u0107, <em>Zlo\u010din u 19:30: Balkanski mediji u ratu i miru, <\/em>p. 149.<br \/>\n<\/span><\/p>\n<\/div>\n<div id=\"ftn170\">\n<p class=\"MsoNormal\" style=\"line-height: 150%;\"><span style=\"font-size: 8.0pt;\"><a name=\"_ftn170\"><\/a><a href=\"#_ftnref170\"><sup>[<span style=\"font-family: 'times new roman', \ntimes;\"><strong>170<\/strong><\/span>]<\/sup><\/a>&nbsp;<br \/>\nThe same case is discussed in the book <em>Forging War<\/em>: &ldquo;The Croatian News Agency (Hina) reports from Bosnia even more tendentiously than it reports on the war in its own country. <em>Ve\u010dernji list<\/em>, on 8 August 1993, published a Hina report that says: &lsquo;The Croatian soldiers who escaped from Zenica report that thirthy-five Croatians were hung at the square in front of a Catholic church for refusing to wear the uniforms of the Muslim army&rsquo;. The report goes on to say that the Croatians in the Zenica district were issued personal identification cards with &lsquo;Turkish names and surnames&rsquo;, which they had to pay 100 to 500 German marks. Each Serb or Croat who wanted to leave Zenica had to pay to the &lsquo;Muslim army&rsquo; 900 German marks per person. The first part of the report was published in <em>Vjesnik <\/em>the following day. The report was not confirmed by any informative or international source; the investigation carried out by the UNPROFOR failed to establish any evidence of the claims presented in the report &ldquo; (Mark, Thompson, <em>Proizvodnja rata; Mediji u Srbiji, Hrvatskoj i Bosni i Hercegovini<\/em> \/<em>Forging War: The Media in Serbia, Croatia and Bosnia and Herzegovina\/ <\/em>Medija centar, Belgrade, 1995., p. 160).<br \/>\n<\/span><\/p>\n<\/div>\n<div id=\"ftn171\">\n<p class=\"MsoNormal\" style=\"line-height: 150%;\"><span style=\"font-size: 8.0pt;\"><a name=\"_ftn171\"><\/a><a href=\"#_ftnref171\"><sup>[<span style=\"font-family: 'times new roman', \ntimes;\"><strong>171<\/strong><\/span>]<\/sup><\/a>&nbsp;<br \/>\nK. Kurspahi\u0107, <em>Zlo\u010din u 19:30: Balkanski mediji u ratu i miru, <\/em>p. 150.<br \/>\n<\/span><\/p>\n<\/div>\n<div id=\"ftn172\">\n<p class=\"MsoNormal\" style=\"line-height: 150%;\"><span style=\"font-size: 8.0pt;\"><a name=\"_ftn172\"><\/a><a href=\"#_ftnref172\"><sup>[<span style=\"font-family: 'times new roman', \ntimes;\"><strong>172<\/strong><\/span>]<\/sup><\/a>&nbsp;<br \/>\nIbid., p. 150.<br \/>\n<\/span><\/p>\n<\/div>\n<div id=\"ftn173\">\n<p class=\"MsoNormal\" style=\"line-height: 150%;\"><span style=\"font-size: 8.0pt;\"><a name=\"_ftn173\"><\/a><a href=\"#_ftnref173\"><sup>[<span style=\"font-family: 'times new roman', \ntimes;\"><strong>173<\/strong><\/span>]<\/sup><\/a>&nbsp;<br \/>\nT. Mazowiecki, <em>Izvje\u0161taji: 1992-1995, <\/em>p. 418.<br \/>\n<\/span><\/p>\n<\/div>\n<div id=\"ftn174\">\n<p class=\"MsoNormal\" style=\"line-height: 150%;\"><span style=\"font-size: 8.0pt;\"><a name=\"_ftn174\"><\/a><a href=\"#_ftnref174\"><sup>[<span style=\"font-family: 'times new roman', \ntimes;\"><strong>174<\/strong><\/span>]<\/sup><\/a>&nbsp;<br \/>\nIbid., p. 412.<\/p>\n<p><\/span><\/p>\n<\/div>\n<div id=\"ftn175\">\n<p class=\"MsoNormal\" style=\"line-height: 150%;\"><span style=\"font-size: 8.0pt;\"><a name=\"_ftn175\"><\/a><a href=\"#_ftnref175\"><sup>[<span style=\"font-family: 'times new roman', \ntimes;\"><strong>175<\/strong><\/span>]<\/sup><\/a>&nbsp;<br \/>\nT. Jaki\u0107, <em>Nisam zavijao s vukovima: Sje\u0107anja otrgnuta zaboravu na jedno vrijeme i dvije dr\u017eave, <\/em>p., 248.<\/p>\n<p><\/span><\/p>\n<\/div>\n<div id=\"ftn176\">\n<p class=\"MsoNormal\" style=\"line-height: 150%;\"><span style=\"font-size: 8.0pt;\"><a name=\"_ftn176\"><\/a><a href=\"#_ftnref176\"><sup>[<span style=\"font-family: 'times new roman', \ntimes;\"><strong>176<\/strong><\/span>]<\/sup><\/a>&nbsp;<br \/>\nTodor Kulji\u0107, <em>Kultura se\u0107anja: teorijska obja\u0161njenja upotrebe pro\u0161losti<\/em> <em>(Culture of Remembrance: Therorethical Explanations for the Use of the Past)<\/em>, \u010cigoja \u0160tampa, Beograd 2006, p. 12.<br \/>\n<\/span><\/p>\n<\/div>\n<div id=\"ftn177\">\n<p class=\"MsoNormal\" style=\"line-height: 150%;\"><span style=\"font-size: 8.0pt;\"><a name=\"_ftn177\"><\/a><a href=\"#_ftnref177\"><sup>[<span style=\"font-family: 'times new roman', \ntimes;\"><strong>177<\/strong><\/span>]<\/sup><\/a>&nbsp;<br \/>\nDarko Kara\u010di\u0107, Tamara Banjeglav, and Nata\u0161a Govedarica, <em>Re:vizija pro\u0161losti \u2013 Politike sje\u0107anja u Bosni i Hercegovini, Hrvatskoj i Srbiji od 1990. godine, <\/em>p. 173.<\/p>\n<p><\/span><\/p>\n<\/div>\n<div id=\"ftn178\">\n<p class=\"MsoNormal\" style=\"line-height: 150%;\"><span style=\"font-size: 8.0pt;\"><a name=\"_ftn178\"><\/a><a href=\"#_ftnref178\"><sup>[<span style=\"font-family: 'times new roman', \ntimes;\"><strong>178<\/strong><\/span>]<\/sup><\/a>&nbsp;<br \/>\nThe eighth session of the Central Committee of the League of Communists of Serbia was held on 23 and 24 September 1987. At the session, the Central Committee chairman, Slobodan Milo\u0161evi\u0107, removed Dragi\u0161a Pavlovi\u0107, head of the Belgrade party organisation, from membership on the Committe because of the phrase &ldquo;easily promised speed&rdquo; Pavlovi\u0107 used, although this was not the real reason for his removal. This session set the scene for the final split between Slobodan Milo\u0161evi\u0107 and Ivan Stamboli\u0107 and is generally considered as a prelude to the blodshed that ensued in Yugoslavia in the 1990s. For more information, see Dragi\u0161a Pavlovi\u0107, <em>Olako obe\u0107ana brzina (Easily Promised Speed)<\/em>.<br \/>\n<\/span><\/p>\n<\/div>\n<div id=\"ftn179\">\n<p class=\"MsoNormal\" style=\"line-height: 150%;\"><span style=\"font-size: 8.0pt;\"><a name=\"_ftn179\"><\/a><a href=\"#_ftnref179\"><sup>[<span style=\"font-family: 'times new roman', \ntimes;\"><strong>179<\/strong><\/span>]<\/sup><\/a>&nbsp;<br \/>\nDragi\u0161a M.Pavlovi\u0107, <em>Olako obe\u0107ana brzina,<\/em> Globus, Zagreb, 1988, p.37.<br \/>\n<\/span><\/p>\n<\/div>\n<div id=\"ftn180\">\n<p class=\"MsoNormal\" style=\"line-height: 150%;\"><span style=\"font-size: 8.0pt;\"><a name=\"_ftn180\"><\/a><a href=\"#_ftnref180\"><sup>[<span style=\"font-family: 'times new roman', \ntimes;\"><strong>180<\/strong><\/span>]<\/sup><\/a>&nbsp;<br \/>\nT. Mazowiecki, <em>Izvje\u0161taji: 1992-1995.<\/em>, p.420.<br \/>\n<\/span><\/p>\n<\/div>\n<div id=\"ftn181\">\n<p class=\"MsoNormal\" style=\"line-height: 150%;\"><span style=\"font-size: 8.0pt;\"><a name=\"_ftn181\"><\/a><a href=\"#_ftnref181\"><sup>[<span style=\"font-family: 'times new roman', \ntimes;\"><strong>181<\/strong><\/span>]<\/sup><\/a>&nbsp;<br \/>\nIbid., p. 421.<br \/>\n<\/span><\/p>\n<\/div>\n<div id=\"ftn182\">\n<p class=\"MsoNormal\" style=\"line-height: 150%;\"><span style=\"font-size: 8.0pt;\"><a name=\"_ftn182\"><\/a><a href=\"#_ftnref182\"><sup>[<span style=\"font-family: 'times new roman', \ntimes;\"><strong>182<\/strong><\/span>]<\/sup><\/a>&nbsp;<br \/>\nK. Kurspahi\u0107, <em>Zlo\u010din u 19:30: Balkanski mediji u ratu i miru, <\/em>p. 63.<br \/>\n<\/span><\/p>\n<\/div>\n<div id=\"ftn183\">\n<p class=\"MsoNormal\" style=\"line-height: 150%;\"><span style=\"font-size: 8.0pt;\"><a name=\"_ftn183\"><\/a><a href=\"#_ftnref183\"><sup>[<span style=\"font-family: 'times new roman', \ntimes;\"><strong>183<\/strong><\/span>]<\/sup><\/a>&nbsp;<br \/>\nT. Mazowiecki, <em>Izvje\u0161taji: 1992-1995., <\/em>p. 421.<br \/>\n<\/span><\/p>\n<\/div>\n<div id=\"ftn184\">\n<p class=\"MsoNormal\" style=\"line-height: 150%;\"><span style=\"font-size: 8.0pt;\"><a name=\"_ftn184\"><\/a><a href=\"#_ftnref184\"><sup>[<span style=\"font-family: 'times new roman', \ntimes;\"><strong>184<\/strong><\/span>]<\/sup><\/a>&nbsp;<br \/>\nIbid., p. 424.<br \/>\n<\/span><\/p>\n<\/div>\n<div id=\"ftn185\">\n<p class=\"MsoNormal\" style=\"line-height: 150%;\"><span style=\"font-size: 8.0pt;\"><a name=\"_ftn185\"><\/a><a href=\"#_ftnref185\"><sup>[<span style=\"font-family: 'times new roman', \ntimes;\"><strong>185<\/strong><\/span>]<\/sup><\/a>&nbsp;<br \/>\nK. Kurspahi\u0107, <em>Zlo\u010din u 19:30: Balkanski mediji u ratu i miru, <\/em>p. 41.<br \/>\n<\/span><\/p>\n<\/div>\n<div id=\"ftn186\">\n<p class=\"MsoNormal\" style=\"line-height: 150%;\"><span style=\"font-size: 8.0pt;\"><a name=\"_ftn186\"><\/a><a href=\"#_ftnref186\"><sup>[<span style=\"font-family: 'times new roman', \ntimes;\"><strong>186<\/strong><\/span>]<\/sup><\/a>&nbsp;<br \/>\nT. Mazowiecki, <em>Izvje\u0161taji: 1992-1995.<\/em>, p. 425.<br \/>\n<\/span><\/p>\n<\/div>\n<div id=\"ftn187\">\n<p class=\"MsoNormal\" style=\"line-height: 150%;\"><span style=\"font-size: 8.0pt;\"><a name=\"_ftn187\"><\/a><a href=\"#_ftnref187\"><sup>[<span style=\"font-family: 'times new roman', \ntimes;\"><strong>187<\/strong><\/span>]<\/sup><\/a>&nbsp;<br \/>\nStjepan Malovi\u0107, <em>Mediji u ratu ili rat medija?<\/em> <em>(Media in War or Media at War)<\/em>, <em>Politi\u010dka misao<\/em>, 36 (2\/1999), pp. 103-113.<br \/>\n<\/span><\/p>\n<\/div>\n<div id=\"ftn188\">\n<p class=\"MsoNormal\" style=\"line-height: 150%;\"><span style=\"font-size: 8.0pt;\"><a name=\"_ftn188\"><\/a><a href=\"#_ftnref188\"><sup>[<span style=\"font-family: 'times new roman', \ntimes;\"><strong>188<\/strong><\/span>]<\/sup><\/a>&nbsp;<br \/>\nT. Mazowiecki, <em>Izvje\u0161taji: 1992-1995<\/em>., p. 412.<br \/>\n<\/span><\/p>\n<\/div>\n<div id=\"ftn189\">\n<p class=\"MsoNormal\" style=\"line-height: 150%;\"><span style=\"font-size: 8.0pt;\"><a name=\"_ftn189\"><\/a><a href=\"#_ftnref189\"><sup>[<span style=\"font-family: 'times new roman', \ntimes;\"><strong>189<\/strong><\/span>]<\/sup><\/a>&nbsp;<br \/>\nIbid., p. 425.<\/p>\n<p><\/span><\/p>\n<\/div>\n<div id=\"ftn190\">\n<p class=\"MsoNormal\" style=\"line-height: 150%;\"><span style=\"font-size: 8.0pt;\"><a name=\"_ftn190\"><\/a><a href=\"#_ftnref190\"><sup>[<span style=\"font-family: 'times new roman', \ntimes;\"><strong>190<\/strong><\/span>]<\/sup><\/a>&nbsp;<br \/>\nIbid., p. 426.<br \/>\n<\/span><\/p>\n<\/div>\n<div id=\"ftn191\">\n<p class=\"MsoNormal\" style=\"line-height: 150%;\"><span style=\"font-size: 8.0pt;\"><a name=\"_ftn191\"><\/a><a href=\"#_ftnref191\"><sup>[<span style=\"font-family: 'times new roman', \ntimes;\"><strong>191<\/strong><\/span>]<\/sup><\/a>&nbsp;<br \/>\nSvetlana Slap\u0161ak, in Svetlana Slap\u0161ak et al., <em>Rat je po\u010deo na Maksimiru: Govor mr\u017enje u medijima (Analiza pisanja &bdquo;Politike&ldquo; i &bdquo;Borbe&ldquo; 1987-1991.), \/War Started in Maksimir: Hate Speech in the Media (Content Analyses of Politika and Borba Newspapers 1987-1991)\/, <\/em>Medija centar, Beograd 1997, p. 24.<br \/>\n<\/span><\/p>\n<\/div>\n<div id=\"ftn192\">\n<p class=\"MsoNormal\" style=\"line-height: 150%;\"><span style=\"font-size: 8.0pt;\"><a name=\"_ftn192\"><\/a><a href=\"#_ftnref192\"><sup>[<span style=\"font-family: 'times new roman', \ntimes;\"><strong>192<\/strong><\/span>]<\/sup><\/a>&nbsp;<br \/>\nS. Slap\u0161ak, in S. Slap\u0161ak et al., <em>Rat je po\u010deo na Maksimiru: Govor mr\u017enje u medijima (Analiza pisanja &bdquo;Politike&ldquo; i &bdquo;borbe&ldquo;),<\/em> p. 25.<\/p>\n<p><\/span><\/p>\n<\/div>\n<div id=\"ftn193\">\n<p class=\"MsoNormal\" style=\"line-height: 150%;\"><span style=\"font-size: 8.0pt;\"><a name=\"_ftn193\"><\/a><a href=\"#_ftnref193\"><sup>[<span style=\"font-family: 'times new roman', \ntimes;\"><strong>193<\/strong><\/span>]<\/sup><\/a>&nbsp;<br \/>\nIbid., p. 31.<br \/>\n<\/span><\/p>\n<\/div>\n<div id=\"ftn194\">\n<p class=\"MsoNormal\" style=\"line-height: 150%;\"><span style=\"font-size: 8.0pt;\"><a name=\"_ftn194\"><\/a><a href=\"#_ftnref194\"><sup>[<span style=\"font-family: 'times new roman', \ntimes;\"><strong>194<\/strong><\/span>]<\/sup><\/a>&nbsp;<br \/>\nM. Thompson, <em>Proizvodnja rata: Mediji u Srbiji, Hrvatskoj i Bosni i Hercegovini<\/em>, p. 56.<\/p>\n<p><\/span><\/p>\n<\/div>\n<div id=\"ftn195\">\n<p class=\"MsoNormal\" style=\"line-height: 150%;\"><span style=\"font-size: 8.0pt;\"><a name=\"_ftn195\"><\/a><a href=\"#_ftnref195\"><sup>[<span style=\"font-family: 'times new roman', \ntimes;\"><strong>195<\/strong><\/span>]<\/sup><\/a>&nbsp;<br \/>\nIbid.<\/p>\n<p><\/span><\/p>\n<\/div>\n<div id=\"ftn196\">\n<p class=\"MsoNormal\" style=\"line-height: 150%;\"><span style=\"font-size: 8.0pt;\"><a name=\"_ftn196\"><\/a><a href=\"#_ftnref196\"><sup>[<span style=\"font-family: 'times new roman', \ntimes;\"><strong>196<\/strong><\/span>]<\/sup><\/a>&nbsp;<br \/>\nDragi\u0161a M. Pavlovi\u0107, <em>Olako obe\u0107ana brzina,<\/em> Globus, Zagreb 1988, p. 182.<\/p>\n<p><\/span><\/p>\n<\/div>\n<div id=\"ftn197\">\n<p class=\"MsoNormal\" style=\"line-height: 150%;\"><span style=\"font-size: 8.0pt;\"><a name=\"_ftn197\"><\/a><a href=\"#_ftnref197\"><sup>[<span style=\"font-family: 'times new roman', \ntimes;\"><strong>197<\/strong><\/span>]<\/sup><\/a>&nbsp;<br \/>\nK. Kurspahi\u0107, <em>Zlo\u010din u 19:30: Balkanski mediji u ratu i miru, <\/em>p. 38.<\/p>\n<p><\/span><\/p>\n<\/div>\n<div id=\"ftn198\">\n<p class=\"MsoNormal\" style=\"line-height: 150%;\"><span style=\"font-size: 8.0pt;\"><a name=\"_ftn198\"><\/a><a href=\"#_ftnref198\"><sup>[<span style=\"font-family: 'times new roman', \ntimes;\"><strong>198<\/strong><\/span>]<\/sup><\/a>&nbsp;<br \/>\nFor more information on the event, go to: <a href=\"https:\/\/www.vreme.com\/cms\/view.php?id=1667013\">https:\/\/www.vreme.com\/cms\/view.php?id=1667013<\/a> (23 April 2020).<\/p>\n<p><\/span><\/p>\n<\/div>\n<div id=\"ftn199\">\n<p class=\"MsoNormal\" style=\"line-height: 150%;\"><span style=\"font-size: 8.0pt;\"><a name=\"_ftn199\"><\/a><a href=\"#_ftnref199\"><sup>[<span style=\"font-family: 'times new roman', \ntimes;\"><strong>199<\/strong><\/span>]<\/sup><\/a>&nbsp;<br \/>\n\u0110uki\u0107, according to: K. Kurspahi\u0107, <em>Zlo\u010din u 19:30: Balkanski mediji u ratu i miru, <\/em>p. 4.<\/p>\n<p><\/span><\/p>\n<\/div>\n<div id=\"ftn200\">\n<p class=\"MsoNormal\" style=\"line-height: 150%;\"><span style=\"font-size: 8.0pt;\"><a name=\"_ftn200\"><\/a><a href=\"#_ftnref200\"><sup>[<span style=\"font-family: 'times new roman', \ntimes;\"><strong>200<\/strong><\/span>]<\/sup><\/a>&nbsp;<br \/>\nM. Thompson, <em>Proizvodnja rata: Mediji u Srbiji, Hrvatskoj i Bosni i Hercegovini<\/em>, p. 70-71.<br \/>\n<\/span><\/p>\n<\/div>\n<div id=\"ftn201\">\n<p class=\"MsoNormal\" style=\"line-height: 150%;\"><span style=\"font-size: 8.0pt;\"><a name=\"_ftn201\"><\/a><a href=\"#_ftnref201\"><sup>[<span style=\"font-family: 'times new roman', \ntimes;\"><strong>201<\/strong><\/span>]<\/sup><\/a>&nbsp;<br \/>\nDarko Kara\u010di\u0107 in: D. Kara\u010di\u0107, T. Banjeglav and N. Govedarica, <em>Re:vizija pro\u0161losti \u2013 Politike sje\u0107anja u Bosni i Hercegovini, Hrvatskoj i Srbiji od 1990. godine<\/em>.<br \/>\n<\/span><\/p>\n<\/div>\n<div id=\"ftn202\">\n<p class=\"MsoNormal\" style=\"line-height: 150%;\"><span style=\"font-size: 8.0pt;\"><a name=\"_ftn202\"><\/a><a href=\"#_ftnref202\"><sup>[<span style=\"font-family: 'times new roman', \ntimes;\"><strong>202<\/strong><\/span>]<\/sup><\/a>&nbsp;<br \/>\nIbid., p. 45.<br \/>\n<\/span><\/p>\n<\/div>\n<div id=\"ftn203\">\n<p class=\"MsoNormal\" style=\"line-height: 150%;\"><span style=\"font-size: 8.0pt;\"><a name=\"_ftn203\"><\/a><a href=\"#_ftnref203\"><sup>[<span style=\"font-family: 'times new roman', \ntimes;\"><strong>203<\/strong><\/span>]<\/sup><\/a>&nbsp;<br \/>\nK. Kurspahi\u0107, <em>Zlo\u010din u 19:30: Balkanski mediji u ratu i miru, <\/em>p. 107.<br \/>\n<\/span><\/p>\n<\/div>\n<div id=\"ftn204\">\n<p class=\"MsoNormal\" style=\"line-height: 150%;\"><span style=\"font-size: 8.0pt;\"><a name=\"_ftn204\"><\/a><a href=\"#_ftnref204\"><sup>[<span style=\"font-family: 'times new roman', \ntimes;\"><strong>204<\/strong><\/span>]<\/sup><\/a>&nbsp;<br \/>\nIbid., p. 110.<br \/>\n<\/span><\/p>\n<\/div>\n<div id=\"ftn205\">\n<p class=\"MsoNormal\" style=\"line-height: 150%;\"><span style=\"font-size: 8.0pt;\"><a name=\"_ftn205\"><\/a><a href=\"#_ftnref205\"><sup>[<span style=\"font-family: 'times new roman', \ntimes;\"><strong>205<\/strong><\/span>]<\/sup><\/a>&nbsp;<br \/>\nNenad Peji\u0107, <em>Isklju\u010di TV i otvori o\u010di (<\/em><em>Turn Off the TV and Open Your Eyes),<\/em>Media centar i Radio Slobodna Evropa, Sarajevo 2013, p. 7.<br \/>\n<\/span><\/p>\n<\/div>\n<div id=\"ftn206\">\n<p class=\"MsoNormal\" style=\"line-height: 150%;\"><span style=\"font-size: 8.0pt;\"><a name=\"_ftn206\"><\/a><a href=\"#_ftnref206\"><sup>[<span style=\"font-family: 'times new roman', \ntimes;\"><strong>206<\/strong><\/span>]<\/sup><\/a>&nbsp;<br \/>\nFahira Fejzi\u0107-\u010cengi\u0107, <em>Medijska kultura u Bosni i Hecregovini (Media Culture in Bosnia and Herzegovina)<\/em>, Connectum, Sarajevo 2009, p. 126.<br \/>\n<\/span><\/p>\n<\/div>\n<div id=\"ftn207\">\n<p class=\"MsoNormal\" style=\"line-height: 150%;\"><span style=\"font-size: 8.0pt;\"><a name=\"_ftn207\"><\/a><a href=\"#_ftnref207\"><sup>[<span style=\"font-family: 'times new roman', \ntimes;\"><strong>207<\/strong><\/span>]<\/sup><\/a>&nbsp;<br \/>\nF. Fejzi\u0107-\u010cengi\u0107, <em>Medijska kultura u Bosni i Hercegovini<\/em>, p. 126.<br \/>\n<\/span><\/p>\n<\/div>\n<div id=\"ftn208\">\n<p class=\"MsoNormal\" style=\"line-height: 150%;\"><span style=\"font-size: 8.0pt;\"><a name=\"_ftn208\"><\/a><a href=\"#_ftnref208\"><sup>[<span style=\"font-family: 'times new roman', \ntimes;\"><strong>208<\/strong><\/span>]<\/sup><\/a>&nbsp;<br \/>\nIbid.<br \/>\n<\/span><\/p>\n<\/div>\n<div id=\"ftn209\">\n<p class=\"MsoNormal\" style=\"line-height: 150%;\"><span style=\"font-size: 8.0pt;\"><a name=\"_ftn2m09\"><\/a><a href=\"#_ftnref209\"><sup>[<span style=\"font-family: 'times new roman', \ntimes;\"><strong>209<\/strong><\/span>]<\/sup><\/a>&nbsp;<br \/>\nIbid., p. 127.<br \/>\n<\/span><\/p>\n<\/div>\n<div id=\"ftn210\">\n<p class=\"MsoNormal\" style=\"line-height: 150%;\"><span style=\"font-size: 8.0pt;\"><a name=\"_ftn210\"><\/a><a href=\"#_ftnref210\"><sup>[<span style=\"font-family: 'times new roman', \ntimes;\"><strong>210<\/strong><\/span>]<\/sup><\/a>&nbsp;<br \/>\nIbid., p. 112.<br \/>\n<\/span><\/p>\n<\/div>\n<div id=\"ftn211\">\n<p class=\"MsoNormal\" style=\"line-height: 150%;\"><span style=\"font-size: 8.0pt;\"><a name=\"_ftn211\"><\/a><a href=\"#_ftnref211\"><sup>[<span style=\"font-family: 'times new roman', \ntimes;\"><strong>211<\/strong><\/span>]<\/sup><\/a>&nbsp;<br \/>\nT. Mazowiecki, <em>Izvje\u0161taji: 1992-1995<\/em>., str. 404.<br \/>\n<\/span><\/p>\n<\/div>\n<div id=\"ftn212\">\n<p class=\"MsoNormal\" style=\"line-height: 150%;\"><span style=\"font-size: 8.0pt;\"><a name=\"_ftn212\"><\/a><a href=\"#_ftnref212\"><sup>[<span style=\"font-family: 'times new roman', \ntimes;\"><strong>212<\/strong><\/span>]<\/sup><\/a>&nbsp;<br \/>\nM. Nuhi\u0107, according to: F. Fejzi\u0107-\u010cengi\u0107, <em>Medijska kultura u Bosni i Hecregovini<\/em>, p. 107.<br \/>\n<\/span><\/p>\n<\/div>\n<div id=\"ftn213\">\n<p class=\"MsoNormal\" style=\"line-height: 150%;\"><span style=\"font-size: 8.0pt;\"><a name=\"_ftn213\"><\/a><a href=\"#_ftnref213\"><sup>[<span style=\"font-family: 'times new roman', \ntimes;\"><strong>213<\/strong><\/span>]<\/sup><\/a>&nbsp;<br \/>\nIbid.<br \/>\n<\/span><\/p>\n<\/div>\n<div id=\"ftn214\">\n<p class=\"MsoNormal\" style=\"line-height: 150%;\"><span style=\"font-size: 8.0pt;\"><a name=\"_ftn214\"><\/a><a href=\"#_ftnref214\"><sup>[<span style=\"font-family: 'times new roman', \ntimes;\"><strong>214<\/strong><\/span>]<\/sup><\/a>&nbsp;<br \/>\nM. Thompson according to: F. Fejzi\u0107 \u010cengi\u0107, <em>Medijska kultura u Bosni i Hecregovini<\/em>, p. 129.<\/p>\n<p><\/span><\/p>\n<\/div>\n<div id=\"ftn215\">\n<p class=\"MsoNormal\" style=\"line-height: 150%;\"><span style=\"font-size: 8.0pt;\"><a name=\"_ftn215\"><\/a><a href=\"#_ftnref215\"><sup>[<span style=\"font-family: 'times new roman', \ntimes;\"><strong>215<\/strong><\/span>]<\/sup><\/a>&nbsp;<br \/>\nK. Kurspahi\u0107, <em>Zlo\u010din u 19:30: Balkanski mediji u ratu i miru, <\/em>p. 118.<\/p>\n<p><\/span><\/p>\n<\/div>\n<div id=\"ftn216\">\n<p class=\"MsoNormal\" style=\"line-height: 150%;\"><span style=\"font-size: 8.0pt;\"><a name=\"_ftn216\"><\/a><a href=\"#_ftnref216\"><sup>[<span style=\"font-family: 'times new roman', \ntimes;\"><strong>216<\/strong><\/span>]<\/sup><\/a>&nbsp;<br \/>\nT. Mazowiecki, <em>Izvje\u0161taji: 1992-1995<\/em>., p. 406.<br \/>\n<\/span><\/p>\n<\/div>\n<div id=\"ftn217\">\n<p class=\"MsoNormal\" style=\"line-height: 150%;\"><span style=\"font-size: 8.0pt;\"><a name=\"_ftn217\"><\/a><a href=\"#_ftnref217\"><sup>[<span style=\"font-family: 'times new roman', \ntimes;\"><strong>217<\/strong><\/span>]<\/sup><\/a>&nbsp;<br \/>\nIbid., p. 407.<\/p>\n<p><\/span><\/p>\n<\/div>\n<div id=\"ftn218\">\n<p class=\"MsoNormal\" style=\"line-height: 150%;\"><span style=\"font-size: 8.0pt;\"><a name=\"_ftn218\"><\/a><a href=\"#_ftnref218\"><sup>[<span style=\"font-family: 'times new roman', \ntimes;\"><strong>218<\/strong><\/span>]<\/sup><\/a>&nbsp;<br \/>\nN. Peji\u0107, <em>Isklju\u010di TV i otvori o\u010di, <\/em>p. 100.<\/p>\n<p><\/span><\/p>\n<\/div>\n<div id=\"ftn219\">\n<p class=\"MsoNormal\" style=\"line-height: 150%;\"><span style=\"font-size: 8.0pt;\"><a name=\"_ftn219\"><\/a><a href=\"#_ftnref219\"><sup>[<span style=\"font-family: 'times new roman', \ntimes;\"><strong>219<\/strong><\/span>]<\/sup><\/a>&nbsp;<br \/>\nIbid., p. 102.<br \/>\n<\/span><\/p>\n<\/div>\n<div id=\"ftn220\">\n<p class=\"MsoNormal\" style=\"line-height: 150%;\"><span style=\"font-size: 8.0pt;\"><a name=\"_ftn220\"><\/a><a href=\"#_ftnref220\"><sup>[<span style=\"font-family: 'times new roman', \ntimes;\"><strong>220<\/strong><\/span>]<\/sup><\/a>&nbsp;<br \/>\nIbid.<br \/>\n<\/span><\/p>\n<\/div>\n<div id=\"ftn221\">\n<p class=\"MsoNormal\" style=\"line-height: 150%;\"><span style=\"font-size: 8.0pt;\"><a name=\"_ftn221\"><\/a><a href=\"#_ftnref221\"><sup>[<span style=\"font-family: 'times new roman', \ntimes;\"><strong>221<\/strong><\/span>]<\/sup><\/a>&nbsp;<br \/>\nIbid.<br \/>\n<\/span><\/p>\n<\/div>\n<div id=\"ftn222\">\n<p class=\"MsoNormal\" style=\"line-height: 150%;\"><span style=\"font-size: 8.0pt;\"><a name=\"_ftn222\"><\/a><a href=\"#_ftnref222\"><sup>[<span style=\"font-family: 'times new roman', \ntimes;\"><strong>222<\/strong><\/span>]<\/sup><\/a>&nbsp;<br \/>\nK. Kurspahi\u0107, <em>Zlo\u010din u 19:30: Balkanski mediji u ratu i miru, <\/em>p. 121.<br \/>\n<\/span><\/p>\n<\/div>\n<div id=\"ftn223\">\n<p class=\"MsoNormal\" style=\"line-height: 150%;\"><span style=\"font-size: 8.0pt;\"><a name=\"_ftn223\"><\/a><a href=\"#_ftnref223\"><sup>[<span style=\"font-family: 'times new roman', \ntimes;\"><strong>223<\/strong><\/span>]<\/sup><\/a>&nbsp;<br \/>\nT. Mazowiecki, <em>Izvje\u0161taji: 1992-1995<\/em>., p. 409.<\/p>\n<p><\/span><\/p>\n<\/div>\n<div id=\"ftn224\">\n<p class=\"MsoNormal\" style=\"line-height: 150%;\"><span style=\"font-size: 8.0pt;\"><a name=\"_ftn224\"><\/a><a href=\"#_ftnref224\"><sup>[<span style=\"font-family: 'times new roman', \ntimes;\"><strong>224<\/strong><\/span>]<\/sup><\/a>&nbsp;<br \/>\nIbid., p. 410.<br \/>\n<\/span><\/p>\n<\/div>\n<div id=\"ftn225\">\n<p class=\"MsoNormal\" style=\"line-height: 150%;\"><span style=\"font-size: 8.0pt;\"><a name=\"_ftn225\"><\/a><a href=\"#_ftnref225\"><sup>[<span style=\"font-family: 'times new roman', \ntimes;\"><strong>225<\/strong><\/span>]<\/sup><\/a>&nbsp;<br \/>\nIbid., p. 410.<\/p>\n<p><\/span><\/p>\n<\/div>\n<div id=\"ftn226\">\n<p class=\"MsoNormal\" style=\"line-height: 150%;\"><span style=\"font-size: 8.0pt;\"><a name=\"_ftn226\"><\/a><a href=\"#_ftnref226\"><sup>[<span style=\"font-family: 'times new roman', \ntimes;\"><strong>226<\/strong><\/span>]<\/sup><\/a>&nbsp;<br \/>\nM. Thompson, <em>Proizvodnja rata: Mediji u Srbiji, Hrvatskoj i Bosni i Hercegovini<\/em>, p. 273-274.<\/p>\n<p><\/span><\/p>\n<\/div>\n<div id=\"ftn227\">\n<p class=\"MsoNormal\" style=\"line-height: 150%;\"><span style=\"font-size: 8.0pt;\"><a name=\"_ftn227\"><\/a><a href=\"#_ftnref227\"><sup>[<span style=\"font-family: 'times new roman', \ntimes;\"><strong>227<\/strong><\/span>]<\/sup><\/a>&nbsp;<br \/>\n S. Malovi\u0107, <em>Mediji u ratu ili rat medija<\/em>?<br \/>\n<\/span><\/p>\n<\/div>\n<div id=\"ftn228\">\n<p class=\"MsoNormal\" style=\"line-height: 150%;\"><span style=\"font-size: 8.0pt;\"><a name=\"_ftn228\"><\/a><a href=\"#_ftnref228\"><sup>[<span style=\"font-family: 'times new roman', \ntimes;\"><strong>228<\/strong><\/span>]<\/sup><\/a>&nbsp;<br \/>\nS. Slap\u0161ak et al., <em>Rat je po\u010deo na Maksimiru: Govor mr\u017enje u medijima (Analiza pisanja &bdquo;Politike&ldquo; i &bdquo;Borbe&ldquo; 1987-1991.).<\/em><\/p>\n<p><\/span><\/p>\n<\/div>\n<div id=\"ftn229\">\n<p class=\"MsoNormal\" style=\"line-height: 150%;\"><span style=\"font-size: 8.0pt;\"><a name=\"_ftn229\"><\/a><a href=\"#_ftnref229\"><sup>[<span style=\"font-family: 'times new roman', \ntimes;\"><strong>229<\/strong><\/span>]<\/sup><\/a>&nbsp;<br \/>\nM. Thompson, <em>Proizvodnja rata: Mediji u Srbiji, Hrvatskoj i Bosni i Hercegovini.<\/em><br \/>\n<\/span><\/p>\n<\/div>\n<div id=\"ftn230\">\n<p class=\"MsoNormal\" style=\"line-height: 150%;\"><span style=\"font-size: 8.0pt;\"><a name=\"_ftn230\"><\/a><a href=\"#_ftnref230\"><sup>[<span style=\"font-family: 'times new roman', \ntimes;\"><strong>230<\/strong><\/span>]<\/sup><\/a>&nbsp;<br \/>\nS. Malovi\u0107, <em>Mediji u ratu ili rat medija<\/em>?, p.104.<\/p>\n<p><\/span><\/p>\n<\/div>\n<div id=\"ftn231\">\n<p class=\"MsoNormal\" style=\"line-height: 150%;\"><span style=\"font-size: 8.0pt;\"><a name=\"_ftn231\"><\/a><a href=\"#_ftnref231\"><sup>[<span style=\"font-family: 'times new roman', \ntimes;\"><strong>231<\/strong><\/span>]<\/sup><\/a>&nbsp;<br \/>\nIbid., p. 105.<\/p>\n<p><\/span><\/p>\n<\/div>\n<p class=\"MsoNormal\" style=\"line-height: 150%;\">&nbsp;<\/p>\n<p class=\"MsoNormal\" style=\"line-height: 170%;\"><strong>References:<\/strong><\/p>\n<p class=\"MsoNormal\" style=\"line-height: 170%;\">Baker-Woods, Gail; Dodd, Julie E.; Ford, Kay; Keller, Ken; Plumley, Joe; Smeyak, Paul, G.and Walsh-Childers, Kim, <em>Mass Media Writing: An introduction<\/em>. Scottsdale, Arizona 1997.<\/p>\n<p class=\"MsoNormal\" style=\"line-height: 170%;\">Fejzi\u0107-\u010cengi\u0107, Fahira, <em>Medijska kultura u Bosni i Hecregovini<\/em>, Connectum, Sarajevo 2009.<\/p>\n<p class=\"MsoNormal\" style=\"line-height: 170%;\">Jaki\u0107, Tomislav, <em>Nisam zavijao s vukovima: Sje\u0107anja otrgnuta zaboravu na jedno vrijeme i dvije dr\u017eave 1943 \u2013 2012.,<\/em>Gariwo, Sarajevo 2013.<\/p>\n<p class=\"MsoNormal\" style=\"line-height: 170%;\">Kara\u010di\u0107, Darko, Banjeglav, Tamara i Govedarica, Nata\u0161a, <em>Re:vizija pro\u0161losti \u2013 Politike sje\u0107anja u Bosni i Hercegovini, Hrvatskoj i Srbiji od 1990. godine, <\/em>Firedrich-Ebert-Stiftung, Sarajevo 2012.<\/p>\n<p class=\"MsoNormal\" style=\"line-height: 170%;\">Kova\u010d, Bil., Tom Rozenstil, <em>Elementi novinarstva<\/em>, Cid, Podgorica 2006.<\/p>\n<p class=\"MsoNormal\" style=\"line-height: 170%;\">Kulji\u0107, Todor, <em>Kultura se\u0107anja: teorijska obja\u0161njenja upotrebe pro\u0161losti<\/em>, \u010cigoja \u0160tampa, Beograd 2006.<\/p>\n<p class=\"MsoNormal\" style=\"line-height: 170%;\">Kurspahi\u0107, Kemal, <em>Zlo\u010din u 19:30: Balkanski mediji u ratu i miru, <\/em>Media centar, Sarajevo 2003.<\/p>\n<p class=\"MsoNormal\" style=\"line-height: 170%;\">Kurti\u0107, Najil, <em>Kod novinarstva, <\/em>MediaPlan institut, Sarajevo 2006.<\/p>\n<p class=\"MsoNormal\" style=\"line-height: 170%;\">Malovi\u0107, Stjepan, &bdquo;Mediji u ratu ili rat medija?&ldquo; <em>Politi\u010dka misao<\/em>, 36 (2\/1999), pp. 103\u2014113.<\/p>\n<p class=\"MsoNormal\" style=\"line-height: 170%;\">Mazowiecki, Tadeusz, <em>Izvje\u0161taji: 1992-1995., <\/em>Tuzla University, Tuzla 2007.<\/p>\n<p class=\"MsoNormal\" style=\"line-height: 170%;\">McLuhan, Marshal, <em>Razumijevanje medija<\/em>, Golden marketing-Tehni\u010dka knjiga, Zagreb 2008.<\/p>\n<p class=\"MsoNormal\" style=\"line-height: 170%;\">McChesney, Robert, W., <em>Digitalna isklju\u010denost. Kako kapitalizam okre\u0107e internet protiv demokracije<\/em>, Multimedial Institute and the Faculty of Media and Communication, Zagreb 2014.<\/p>\n<p class=\"MsoNormal\" style=\"line-height: 170%;\">Pavlovi\u0107 M. Dragi\u0161a, <em>Olako obe\u0107ana brzina,<\/em> Globus, Zagreb 1988.<\/p>\n<p class=\"MsoNormal\" style=\"line-height: 170%;\">Peji\u0107, Nenad, <em>Isklju\u010di TV i otvori o\u010di, <\/em>Media centar and Radio Slobodna Evropa, Sarajevo 2013.<\/p>\n<p class=\"MsoNormal\" style=\"line-height: 170%;\">Slap\u0161ak, Svetlana; Milo\u0161evi\u0107, Milan; Cveti\u0107anin, Radivoj; Mihailovi\u0107, Sre\u0107ko; \u0106urguz Kazimir, Velimir i Gredelj, Stjepan, <em>Rat je po\u010deo na Maksimiru: Govor mr\u017enje u medijima (Analiza pisanja &bdquo;Politike&ldquo; i &bdquo;Borbe&ldquo; 1987-1991.), <\/em>Medija centar, Belgrade 1997.<\/p>\n<p class=\"MsoNormal\" style=\"line-height: 170%;\">Thompson, Mark, <em>Proizvodnja rata: Mediji u Srbiji, Hrvatskoj i Bosni i Hercegovini<\/em>, Medija centar. Beograd 1995.<\/p>\n<p class=\"MsoNormal\" style=\"line-height: 170%;\">Vilovi\u0107, Gordana, &bdquo;Govor mr\u017enje&ldquo;, <em>Politi\u010dke analize, <\/em>2 (6\/2011), p. 68-70.Retrieved from: <a href=\"https:\/\/hrcak.srce.hr\/175715\">https:\/\/hrcak.srce.hr\/175715<\/a>.<\/p>\n<p class=\"MsoNormal\" style=\"line-height: 150%;\">&nbsp;<\/p>\n<p style=\"text-align: center;\" align=\"center\"><strong> <span style=\"font-size: 13.0pt; line-height: 150%;\">Medij je oru\u017eje: pristranost<br \/>\nu situacijama krize<\/span><\/strong><\/p>\n<p class=\"MsoNormal\" style=\"line-height: 150%;\">&nbsp;<\/p>\n<p style=\"margin: 0cm 48.6pt 0.0001pt 54pt; line-height: 170%;\"><em><strong>Sa\u017eetak<\/strong><\/em><\/p>\n<p class=\"MsoBodyText\" style=\"margin-top: 0cm; margin-right: 48.6pt; margin-bottom: .0001pt; margin-left: 54.0pt; line-height: 150%;\"><span style=\"font-size: 12.0pt; line-height: 150%; font-family: 'Times New Roman';\" lang=\"SR\">&nbsp;<\/span><\/p>\n<p class=\"MsoBodyText\" style=\"margin-top: 0cm; margin-right: 48.6pt; margin-bottom: .0001pt; margin-left: 54.0pt; line-height: 170%;\"><em>Na primjeru medija dr\u017eava nekada\u0161nje Socijalisti\u010dke Federativne Republike Jugoslavije. u radu analiziramo na\u010din na koji se mediji mogu zloupotrijebiti u svrhu najstra\u0161nije politi\u010dke propagande. Iz polo\u017eaja posrednika bratstva i jedinstva, sloge, antifa\u0161isti\u010dkog naslije\u0111a, ponosa i prkosa narodnooslobodila\u010dke borbe i pokreta, mediji su u Srbiji i Hrvatskoj krajem 80-ih godina do\u0161li u vlast nacionalista koji \u0107e ih preobraziti u posrednike mr\u017enje, nacionalizma i ksenofobije. U Bosni i Hercegovini mediji su izbjegli propagandno djelovanje do po\u010detka agresije na Bosnu i Hercegovinu nakon \u010dega \u0107e i u ovoj dr\u017eavi u ratu postojati nekoliko medija koji propagiraju netoleranciju. Pojedini \u0107e mediji u potpunosti potvrditi McLuhanovu ideju tehni\u010dkih posrednika kao suvremenog oru\u017eja, te \u0107e u ratnohu\u0161ka\u010dkim porukama oti\u0107i korak dalje od politi\u010dkih stranaka koje su ih oformile. Najupe\u010datljiviji takvi primjeri su TV Pale iz Bosne i Hercegovine, dnevni list Vjesnik iz Hrvatske, te list Politika (posebno rubrika Odjeci i reagovanja) iz Srbije. Svojim \u0107e djelovanjem ovakvi mediji potvrditi da je najopasniji oblik medijske pristranosti upravo propagandna pristranost kako je definira Denis McQuail, a njezina se destruktivna mo\u0107 pokazala u strahotama ratova koji su u ovim dr\u017eavama uslijedili. <\/em><\/p>\n<p class=\"MsoBodyText\" style=\"margin-top: 0cm; margin-right: 48.6pt; margin-bottom: .0001pt; margin-left: 54.0pt; line-height: 170%;\">&nbsp;<\/p>\n<p style=\"margin: 0cm 48.6pt 0.0001pt 54pt; line-height: 170%;\"><strong><em>Key words:<\/em><\/strong> <em>mediji, oru\u017eje, rat, propaganda, pristranost.<\/em><\/p>\n<p class=\"MsoNormal\" style=\"line-height: 150%;\">&nbsp;<\/p>\n<p class=\"MsoNormal\" style=\"line-height: 150%;\">&nbsp;<\/p>\n","protected":false},"excerpt":{"rendered":"<p>IX Uz deveti simpozij Filozofija medija (2019) &nbsp; &nbsp; &nbsp;9(17)#11 2020 \u010casopis je otvorenog pristupa, a ovo djelo je dano na kori\u0161tenje pod licencom Creative Commons Imenovanje-Nekomercijalno 4.0 me\u0111unarodna. DOI 10.46640\/imr.9.17.1 UDK 343.343.3:366.632 Pregledni \u010dlanak Review article Primljeno: 23.12.2019. &nbsp; &nbsp; Dario Terzi\u0107 Visoka \u0161kola za turizam i menad\u017ement, Konjic, Bosna i Hercegovina dariobrel@yahoo.com Buntovni\u0161tvo [&hellip;]<\/p>\n","protected":false},"author":2,"featured_media":356,"comment_status":"open","ping_status":"open","sticky":false,"template":"","format":"standard","meta":{"_acf_changed":false,"_et_pb_use_builder":"","_et_pb_old_content":"","_et_gb_content_width":"","footnotes":""},"categories":[86],"tags":[170,664,382,660,656,651,607,653,662,519,562,636,307,394,545,661,637,635,665,342,654,655,663,657,659,652,658],"class_list":["post-369","post","type-post","status-publish","format-standard","has-post-thumbnail","hentry","category-in-medias-res-broj-17","tag-aleksandra-brakus","tag-amela-delic","tag-ana-durkovic","tag-anastasija-mamutovic","tag-antonija-milisic-jadric","tag-buntovnistvo-i-nemogucnost-komunikacijske-drustvene-svijesti","tag-dario-terzic","tag-enis-zebic","tag-govor-mrznje-u-hrvatskom-medijskom-prostoru","tag-iris-jeroncic-tomic","tag-iva-brcic","tag-jelena-hadzic","tag-jelena-maksimovic","tag-jelena-osmanovic","tag-jure-vujic","tag-kompetencije-nastavnika-za-medijsko-obrazovanje","tag-marko-poljak","tag-masa-martinic","tag-medium-is-a-weapon-bias-in-crisis-situations","tag-mirko-jakovljevic","tag-prilog-novinarskom-pitanju-o-nekim-problemima-novinarske-prakse-i-neprevladanog-nasljeda","tag-rosanda-mulic","tag-the-meaning-of-biopolitics-in-the-age-of-numerical-revolution-what-has-remained-of-foucaults-and-mcluhans-legacy-the-contours-of-a-new-expository-society","tag-utjecaj-drustvenih-mreza-na-samopostovanje-i-mentalno-zdravlje-mladih","tag-utjecaj-video-igara-na-djecu","tag-zavist-pukotina-u-karakteru-novinara-reportera","tag-znanjem-protiv-autocenzure-60-uzbudljivih-godina","et-has-post-format-content","et_post_format-et-post-format-standard"],"acf":[],"yoast_head":"<!-- This site is optimized with the Yoast SEO plugin v27.4 - https:\/\/yoast.com\/product\/yoast-seo-wordpress\/ -->\n<title>\u010clanci IN MEDIAS RES br. 17 - In Medias Res - \u010casopis centra za filozofiju medija<\/title>\n<meta name=\"robots\" content=\"index, follow, max-snippet:-1, max-image-preview:large, max-video-preview:-1\" \/>\n<link rel=\"canonical\" href=\"https:\/\/centar-fm.org\/inmediasres\/index.php\/clanci-in-medias-res-br-17\/\" \/>\n<meta property=\"og:locale\" content=\"en_US\" \/>\n<meta property=\"og:type\" content=\"article\" \/>\n<meta property=\"og:title\" content=\"\u010clanci IN MEDIAS RES br. 17 - In Medias Res - \u010casopis centra za filozofiju medija\" \/>\n<meta property=\"og:description\" content=\"IX Uz deveti simpozij Filozofija medija (2019) &nbsp; &nbsp; &nbsp;9(17)#11 2020 \u010casopis je otvorenog pristupa, a ovo djelo je dano na kori\u0161tenje pod licencom Creative Commons Imenovanje-Nekomercijalno 4.0 me\u0111unarodna. DOI 10.46640\/imr.9.17.1 UDK 343.343.3:366.632 Pregledni \u010dlanak Review article Primljeno: 23.12.2019. &nbsp; &nbsp; Dario Terzi\u0107 Visoka \u0161kola za turizam i menad\u017ement, Konjic, Bosna i Hercegovina dariobrel@yahoo.com Buntovni\u0161tvo [&hellip;]\" \/>\n<meta property=\"og:url\" content=\"https:\/\/centar-fm.org\/inmediasres\/index.php\/clanci-in-medias-res-br-17\/\" \/>\n<meta property=\"og:site_name\" content=\"In Medias Res - \u010casopis centra za filozofiju medija\" \/>\n<meta property=\"article:published_time\" content=\"2020-09-13T19:04:09+00:00\" \/>\n<meta property=\"og:image\" content=\"https:\/\/centar-fm.org\/inmediasres\/wp-content\/uploads\/sites\/2\/2020\/09\/inmediasresno1malo17.png\" \/>\n\t<meta property=\"og:image:width\" content=\"70\" \/>\n\t<meta property=\"og:image:height\" content=\"103\" \/>\n\t<meta property=\"og:image:type\" content=\"image\/png\" \/>\n<meta name=\"author\" content=\"Super User\" \/>\n<meta name=\"twitter:card\" content=\"summary_large_image\" \/>\n<meta name=\"twitter:label1\" content=\"Written by\" \/>\n\t<meta name=\"twitter:data1\" content=\"Super User\" \/>\n\t<meta name=\"twitter:label2\" content=\"Est. reading time\" \/>\n\t<meta name=\"twitter:data2\" content=\"284 minutes\" \/>\n<script type=\"application\/ld+json\" class=\"yoast-schema-graph\">{\"@context\":\"https:\\\/\\\/schema.org\",\"@graph\":[{\"@type\":\"Article\",\"@id\":\"https:\\\/\\\/centar-fm.org\\\/inmediasres\\\/index.php\\\/clanci-in-medias-res-br-17\\\/#article\",\"isPartOf\":{\"@id\":\"https:\\\/\\\/centar-fm.org\\\/inmediasres\\\/index.php\\\/clanci-in-medias-res-br-17\\\/\"},\"author\":{\"name\":\"Super User\",\"@id\":\"https:\\\/\\\/centar-fm.org\\\/inmediasres\\\/#\\\/schema\\\/person\\\/ae49dcc23965665608f66120db8245a4\"},\"headline\":\"\u010clanci IN MEDIAS RES br. 17\",\"datePublished\":\"2020-09-13T19:04:09+00:00\",\"mainEntityOfPage\":{\"@id\":\"https:\\\/\\\/centar-fm.org\\\/inmediasres\\\/index.php\\\/clanci-in-medias-res-br-17\\\/\"},\"wordCount\":57248,\"commentCount\":0,\"image\":{\"@id\":\"https:\\\/\\\/centar-fm.org\\\/inmediasres\\\/index.php\\\/clanci-in-medias-res-br-17\\\/#primaryimage\"},\"thumbnailUrl\":\"https:\\\/\\\/centar-fm.org\\\/inmediasres\\\/wp-content\\\/uploads\\\/sites\\\/2\\\/2020\\\/09\\\/inmediasresno1malo17.png\",\"keywords\":[\"Aleksandra Brakus\",\"Amela Deli\u0107\",\"Ana \u0110urkovi\u0107\",\"Anastasija Mamutovi\u0107\",\"Antonija Mili\u0161i\u0107 Jadri\u0107\",\"Buntovni\u0161tvo i nemogu\u0107nost komunikacijske dru\u0161tvene svijesti\",\"Dario Terzi\u0107\",\"Enis Zebi\u0107\",\"Govor mr\u017enje u hrvatskom medijskom prostoru\",\"Iris Jeron\u010di\u0107 Tomi\u0107\",\"Iva Br\u010di\u0107\",\"Jelena Had\u017ei\u0107\",\"Jelena Maksimovi\u0107\",\"Jelena Osmanovi\u0107\",\"Jure Vuji\u0107\",\"Kompetencije nastavnika za medijsko obrazovanje\",\"Marko Poljak\",\"Ma\u0161a Martini\u0107\",\"Medium is a Weapon: Bias in Crisis Situations\",\"Mirko Jakovljevi\u0107\",\"Prilog novinarskom pitanju O nekim problemima novinarske prakse i neprevladanog naslje\u0111a\",\"Rosanda Muli\u0107\",\"The Meaning of Biopolitics in the Age of Numerical Revolution: What Has Remained of Foucault\u2019s and McLuhan\u2019s Legacy? The Contours of a New Expository Society\",\"Utjecaj dru\u0161tvenih mre\u017ea na samopo\u0161tovanje i mentalno zdravlje mladih\",\"Utjecaj video igara na djecu\",\"Zavist \u2013 pukotina u karakteru novinara \u2013 reportera\",\"Znanjem protiv autocenzure 60 uzbudljivih godina\"],\"articleSection\":[\"In Medias Res broj 17\"],\"inLanguage\":\"en-US\",\"potentialAction\":[{\"@type\":\"CommentAction\",\"name\":\"Comment\",\"target\":[\"https:\\\/\\\/centar-fm.org\\\/inmediasres\\\/index.php\\\/clanci-in-medias-res-br-17\\\/#respond\"]}]},{\"@type\":\"WebPage\",\"@id\":\"https:\\\/\\\/centar-fm.org\\\/inmediasres\\\/index.php\\\/clanci-in-medias-res-br-17\\\/\",\"url\":\"https:\\\/\\\/centar-fm.org\\\/inmediasres\\\/index.php\\\/clanci-in-medias-res-br-17\\\/\",\"name\":\"\u010clanci IN MEDIAS RES br. 17 - In Medias Res - \u010casopis centra za filozofiju medija\",\"isPartOf\":{\"@id\":\"https:\\\/\\\/centar-fm.org\\\/inmediasres\\\/#website\"},\"primaryImageOfPage\":{\"@id\":\"https:\\\/\\\/centar-fm.org\\\/inmediasres\\\/index.php\\\/clanci-in-medias-res-br-17\\\/#primaryimage\"},\"image\":{\"@id\":\"https:\\\/\\\/centar-fm.org\\\/inmediasres\\\/index.php\\\/clanci-in-medias-res-br-17\\\/#primaryimage\"},\"thumbnailUrl\":\"https:\\\/\\\/centar-fm.org\\\/inmediasres\\\/wp-content\\\/uploads\\\/sites\\\/2\\\/2020\\\/09\\\/inmediasresno1malo17.png\",\"datePublished\":\"2020-09-13T19:04:09+00:00\",\"author\":{\"@id\":\"https:\\\/\\\/centar-fm.org\\\/inmediasres\\\/#\\\/schema\\\/person\\\/ae49dcc23965665608f66120db8245a4\"},\"breadcrumb\":{\"@id\":\"https:\\\/\\\/centar-fm.org\\\/inmediasres\\\/index.php\\\/clanci-in-medias-res-br-17\\\/#breadcrumb\"},\"inLanguage\":\"en-US\",\"potentialAction\":[{\"@type\":\"ReadAction\",\"target\":[\"https:\\\/\\\/centar-fm.org\\\/inmediasres\\\/index.php\\\/clanci-in-medias-res-br-17\\\/\"]}]},{\"@type\":\"ImageObject\",\"inLanguage\":\"en-US\",\"@id\":\"https:\\\/\\\/centar-fm.org\\\/inmediasres\\\/index.php\\\/clanci-in-medias-res-br-17\\\/#primaryimage\",\"url\":\"https:\\\/\\\/centar-fm.org\\\/inmediasres\\\/wp-content\\\/uploads\\\/sites\\\/2\\\/2020\\\/09\\\/inmediasresno1malo17.png\",\"contentUrl\":\"https:\\\/\\\/centar-fm.org\\\/inmediasres\\\/wp-content\\\/uploads\\\/sites\\\/2\\\/2020\\\/09\\\/inmediasresno1malo17.png\",\"width\":70,\"height\":103,\"caption\":\"inmediasres\"},{\"@type\":\"BreadcrumbList\",\"@id\":\"https:\\\/\\\/centar-fm.org\\\/inmediasres\\\/index.php\\\/clanci-in-medias-res-br-17\\\/#breadcrumb\",\"itemListElement\":[{\"@type\":\"ListItem\",\"position\":1,\"name\":\"Po\u010detna stranica\",\"item\":\"https:\\\/\\\/centar-fm.org\\\/inmediasres\\\/\"},{\"@type\":\"ListItem\",\"position\":2,\"name\":\"\u010clanci IN MEDIAS RES br. 17\"}]},{\"@type\":\"WebSite\",\"@id\":\"https:\\\/\\\/centar-fm.org\\\/inmediasres\\\/#website\",\"url\":\"https:\\\/\\\/centar-fm.org\\\/inmediasres\\\/\",\"name\":\"In Medias Res - \u010casopis centra za filozofiju medija\",\"description\":\"\",\"potentialAction\":[{\"@type\":\"SearchAction\",\"target\":{\"@type\":\"EntryPoint\",\"urlTemplate\":\"https:\\\/\\\/centar-fm.org\\\/inmediasres\\\/?s={search_term_string}\"},\"query-input\":{\"@type\":\"PropertyValueSpecification\",\"valueRequired\":true,\"valueName\":\"search_term_string\"}}],\"inLanguage\":\"en-US\"},{\"@type\":\"Person\",\"@id\":\"https:\\\/\\\/centar-fm.org\\\/inmediasres\\\/#\\\/schema\\\/person\\\/ae49dcc23965665608f66120db8245a4\",\"name\":\"Super User\",\"image\":{\"@type\":\"ImageObject\",\"inLanguage\":\"en-US\",\"@id\":\"https:\\\/\\\/secure.gravatar.com\\\/avatar\\\/5ac3fc5ccca7755fa3f558fed4a39be2232c6585e68bd398c790d57375dde921?s=96&d=mm&r=g\",\"url\":\"https:\\\/\\\/secure.gravatar.com\\\/avatar\\\/5ac3fc5ccca7755fa3f558fed4a39be2232c6585e68bd398c790d57375dde921?s=96&d=mm&r=g\",\"contentUrl\":\"https:\\\/\\\/secure.gravatar.com\\\/avatar\\\/5ac3fc5ccca7755fa3f558fed4a39be2232c6585e68bd398c790d57375dde921?s=96&d=mm&r=g\",\"caption\":\"Super User\"},\"url\":\"https:\\\/\\\/centar-fm.org\\\/inmediasres\\\/index.php\\\/author\\\/amynovcfmweb\\\/\"}]}<\/script>\n<!-- \/ Yoast SEO plugin. -->","yoast_head_json":{"title":"\u010clanci IN MEDIAS RES br. 17 - In Medias Res - \u010casopis centra za filozofiju medija","robots":{"index":"index","follow":"follow","max-snippet":"max-snippet:-1","max-image-preview":"max-image-preview:large","max-video-preview":"max-video-preview:-1"},"canonical":"https:\/\/centar-fm.org\/inmediasres\/index.php\/clanci-in-medias-res-br-17\/","og_locale":"en_US","og_type":"article","og_title":"\u010clanci IN MEDIAS RES br. 17 - In Medias Res - \u010casopis centra za filozofiju medija","og_description":"IX Uz deveti simpozij Filozofija medija (2019) &nbsp; &nbsp; &nbsp;9(17)#11 2020 \u010casopis je otvorenog pristupa, a ovo djelo je dano na kori\u0161tenje pod licencom Creative Commons Imenovanje-Nekomercijalno 4.0 me\u0111unarodna. DOI 10.46640\/imr.9.17.1 UDK 343.343.3:366.632 Pregledni \u010dlanak Review article Primljeno: 23.12.2019. &nbsp; &nbsp; Dario Terzi\u0107 Visoka \u0161kola za turizam i menad\u017ement, Konjic, Bosna i Hercegovina dariobrel@yahoo.com Buntovni\u0161tvo [&hellip;]","og_url":"https:\/\/centar-fm.org\/inmediasres\/index.php\/clanci-in-medias-res-br-17\/","og_site_name":"In Medias Res - \u010casopis centra za filozofiju medija","article_published_time":"2020-09-13T19:04:09+00:00","og_image":[{"width":70,"height":103,"url":"https:\/\/centar-fm.org\/inmediasres\/wp-content\/uploads\/sites\/2\/2020\/09\/inmediasresno1malo17.png","type":"image\/png"}],"author":"Super User","twitter_card":"summary_large_image","twitter_misc":{"Written by":"Super User","Est. reading time":"284 minutes"},"schema":{"@context":"https:\/\/schema.org","@graph":[{"@type":"Article","@id":"https:\/\/centar-fm.org\/inmediasres\/index.php\/clanci-in-medias-res-br-17\/#article","isPartOf":{"@id":"https:\/\/centar-fm.org\/inmediasres\/index.php\/clanci-in-medias-res-br-17\/"},"author":{"name":"Super User","@id":"https:\/\/centar-fm.org\/inmediasres\/#\/schema\/person\/ae49dcc23965665608f66120db8245a4"},"headline":"\u010clanci IN MEDIAS RES br. 17","datePublished":"2020-09-13T19:04:09+00:00","mainEntityOfPage":{"@id":"https:\/\/centar-fm.org\/inmediasres\/index.php\/clanci-in-medias-res-br-17\/"},"wordCount":57248,"commentCount":0,"image":{"@id":"https:\/\/centar-fm.org\/inmediasres\/index.php\/clanci-in-medias-res-br-17\/#primaryimage"},"thumbnailUrl":"https:\/\/centar-fm.org\/inmediasres\/wp-content\/uploads\/sites\/2\/2020\/09\/inmediasresno1malo17.png","keywords":["Aleksandra Brakus","Amela Deli\u0107","Ana \u0110urkovi\u0107","Anastasija Mamutovi\u0107","Antonija Mili\u0161i\u0107 Jadri\u0107","Buntovni\u0161tvo i nemogu\u0107nost komunikacijske dru\u0161tvene svijesti","Dario Terzi\u0107","Enis Zebi\u0107","Govor mr\u017enje u hrvatskom medijskom prostoru","Iris Jeron\u010di\u0107 Tomi\u0107","Iva Br\u010di\u0107","Jelena Had\u017ei\u0107","Jelena Maksimovi\u0107","Jelena Osmanovi\u0107","Jure Vuji\u0107","Kompetencije nastavnika za medijsko obrazovanje","Marko Poljak","Ma\u0161a Martini\u0107","Medium is a Weapon: Bias in Crisis Situations","Mirko Jakovljevi\u0107","Prilog novinarskom pitanju O nekim problemima novinarske prakse i neprevladanog naslje\u0111a","Rosanda Muli\u0107","The Meaning of Biopolitics in the Age of Numerical Revolution: What Has Remained of Foucault\u2019s and McLuhan\u2019s Legacy? The Contours of a New Expository Society","Utjecaj dru\u0161tvenih mre\u017ea na samopo\u0161tovanje i mentalno zdravlje mladih","Utjecaj video igara na djecu","Zavist \u2013 pukotina u karakteru novinara \u2013 reportera","Znanjem protiv autocenzure 60 uzbudljivih godina"],"articleSection":["In Medias Res broj 17"],"inLanguage":"en-US","potentialAction":[{"@type":"CommentAction","name":"Comment","target":["https:\/\/centar-fm.org\/inmediasres\/index.php\/clanci-in-medias-res-br-17\/#respond"]}]},{"@type":"WebPage","@id":"https:\/\/centar-fm.org\/inmediasres\/index.php\/clanci-in-medias-res-br-17\/","url":"https:\/\/centar-fm.org\/inmediasres\/index.php\/clanci-in-medias-res-br-17\/","name":"\u010clanci IN MEDIAS RES br. 17 - In Medias Res - \u010casopis centra za filozofiju medija","isPartOf":{"@id":"https:\/\/centar-fm.org\/inmediasres\/#website"},"primaryImageOfPage":{"@id":"https:\/\/centar-fm.org\/inmediasres\/index.php\/clanci-in-medias-res-br-17\/#primaryimage"},"image":{"@id":"https:\/\/centar-fm.org\/inmediasres\/index.php\/clanci-in-medias-res-br-17\/#primaryimage"},"thumbnailUrl":"https:\/\/centar-fm.org\/inmediasres\/wp-content\/uploads\/sites\/2\/2020\/09\/inmediasresno1malo17.png","datePublished":"2020-09-13T19:04:09+00:00","author":{"@id":"https:\/\/centar-fm.org\/inmediasres\/#\/schema\/person\/ae49dcc23965665608f66120db8245a4"},"breadcrumb":{"@id":"https:\/\/centar-fm.org\/inmediasres\/index.php\/clanci-in-medias-res-br-17\/#breadcrumb"},"inLanguage":"en-US","potentialAction":[{"@type":"ReadAction","target":["https:\/\/centar-fm.org\/inmediasres\/index.php\/clanci-in-medias-res-br-17\/"]}]},{"@type":"ImageObject","inLanguage":"en-US","@id":"https:\/\/centar-fm.org\/inmediasres\/index.php\/clanci-in-medias-res-br-17\/#primaryimage","url":"https:\/\/centar-fm.org\/inmediasres\/wp-content\/uploads\/sites\/2\/2020\/09\/inmediasresno1malo17.png","contentUrl":"https:\/\/centar-fm.org\/inmediasres\/wp-content\/uploads\/sites\/2\/2020\/09\/inmediasresno1malo17.png","width":70,"height":103,"caption":"inmediasres"},{"@type":"BreadcrumbList","@id":"https:\/\/centar-fm.org\/inmediasres\/index.php\/clanci-in-medias-res-br-17\/#breadcrumb","itemListElement":[{"@type":"ListItem","position":1,"name":"Po\u010detna stranica","item":"https:\/\/centar-fm.org\/inmediasres\/"},{"@type":"ListItem","position":2,"name":"\u010clanci IN MEDIAS RES br. 17"}]},{"@type":"WebSite","@id":"https:\/\/centar-fm.org\/inmediasres\/#website","url":"https:\/\/centar-fm.org\/inmediasres\/","name":"In Medias Res - \u010casopis centra za filozofiju medija","description":"","potentialAction":[{"@type":"SearchAction","target":{"@type":"EntryPoint","urlTemplate":"https:\/\/centar-fm.org\/inmediasres\/?s={search_term_string}"},"query-input":{"@type":"PropertyValueSpecification","valueRequired":true,"valueName":"search_term_string"}}],"inLanguage":"en-US"},{"@type":"Person","@id":"https:\/\/centar-fm.org\/inmediasres\/#\/schema\/person\/ae49dcc23965665608f66120db8245a4","name":"Super User","image":{"@type":"ImageObject","inLanguage":"en-US","@id":"https:\/\/secure.gravatar.com\/avatar\/5ac3fc5ccca7755fa3f558fed4a39be2232c6585e68bd398c790d57375dde921?s=96&d=mm&r=g","url":"https:\/\/secure.gravatar.com\/avatar\/5ac3fc5ccca7755fa3f558fed4a39be2232c6585e68bd398c790d57375dde921?s=96&d=mm&r=g","contentUrl":"https:\/\/secure.gravatar.com\/avatar\/5ac3fc5ccca7755fa3f558fed4a39be2232c6585e68bd398c790d57375dde921?s=96&d=mm&r=g","caption":"Super User"},"url":"https:\/\/centar-fm.org\/inmediasres\/index.php\/author\/amynovcfmweb\/"}]}},"_links":{"self":[{"href":"https:\/\/centar-fm.org\/inmediasres\/index.php\/wp-json\/wp\/v2\/posts\/369","targetHints":{"allow":["GET"]}}],"collection":[{"href":"https:\/\/centar-fm.org\/inmediasres\/index.php\/wp-json\/wp\/v2\/posts"}],"about":[{"href":"https:\/\/centar-fm.org\/inmediasres\/index.php\/wp-json\/wp\/v2\/types\/post"}],"author":[{"embeddable":true,"href":"https:\/\/centar-fm.org\/inmediasres\/index.php\/wp-json\/wp\/v2\/users\/2"}],"replies":[{"embeddable":true,"href":"https:\/\/centar-fm.org\/inmediasres\/index.php\/wp-json\/wp\/v2\/comments?post=369"}],"version-history":[{"count":0,"href":"https:\/\/centar-fm.org\/inmediasres\/index.php\/wp-json\/wp\/v2\/posts\/369\/revisions"}],"wp:featuredmedia":[{"embeddable":true,"href":"https:\/\/centar-fm.org\/inmediasres\/index.php\/wp-json\/wp\/v2\/media\/356"}],"wp:attachment":[{"href":"https:\/\/centar-fm.org\/inmediasres\/index.php\/wp-json\/wp\/v2\/media?parent=369"}],"wp:term":[{"taxonomy":"category","embeddable":true,"href":"https:\/\/centar-fm.org\/inmediasres\/index.php\/wp-json\/wp\/v2\/categories?post=369"},{"taxonomy":"post_tag","embeddable":true,"href":"https:\/\/centar-fm.org\/inmediasres\/index.php\/wp-json\/wp\/v2\/tags?post=369"}],"curies":[{"name":"wp","href":"https:\/\/api.w.org\/{rel}","templated":true}]}}