{"id":376,"date":"2021-05-26T09:38:04","date_gmt":"2021-05-26T09:38:04","guid":{"rendered":"https:\/\/sweet-mcclintock.194-60-87-163.plesk.page\/inmediasres\/2021\/05\/26\/naslov18\/"},"modified":"2021-05-26T09:38:04","modified_gmt":"2021-05-26T09:38:04","slug":"naslov18","status":"publish","type":"post","link":"https:\/\/centar-fm.org\/inmediasres\/index.php\/naslov18\/","title":{"rendered":"naslovnica br.18"},"content":{"rendered":"<table border=\"0\" cellspacing=\"0\" cellpadding=\"0\">\n<tbody>\n<tr>\n<td valign=\"top\" width=\"370\">\n<p><a href=\"index.php\/in-medias-res-broj18\"><\/a><\/p>\n<p style=\"text-align: center;\">&nbsp;<\/p>\n<p style=\"line-height: 170%; text-align: center;\">\n<a href=\"http:\/\/www.centar-fm.org\/inmediasres\/images\/pdf\/18\/cijeli casopis inmediasres18hrv.pdf\"><br \/>\n<img loading=\"lazy\" decoding=\"async\" class=\" size-full wp-image-108\" alt=\"adobe pdf_icon\" src=\"https:\/\/centar-fm.org\/inmediasres\/wp-content\/uploads\/sites\/2\/2011\/11\/adobe_pdf_icon.png\" width=\"55\" height=\"52\" title=\"InMediasRes\" onmouseout=\"this.src='https:\/\/centar-fm.org\/inmediasres\/wp-content\/uploads\/sites\/2\/2011\/11\/adobe_pdf_icon.png';\" onmouseover=\"this.src='images\/casopisi\/adobe_pdf_iconbles.png';\" \/><br \/>\n<\/a>\n<\/p>\n<p style=\"line-height: 170%; text-align: center;\"><strong>IN MEDIAS RES <\/strong><br \/> \u010dasopis filozofije medija <\/p>\n<p class=\"MsoNormal\" style=\"line-height: 50%;\">&nbsp;<\/p>\n<p style=\"line-height: 170%; text-align: center;\">Izdava\u010d \u010dasopisa:<br \/> Centar za filozofiju medija i mediolo\u0161ka istra\u017eivanja (Zagreb)<\/p>\n<p class=\"MsoNormal\" style=\"line-height: 50%;\">&nbsp;<\/p>\n<p style=\"line-height: 170%; text-align: center;\">Adresa: Petrovogorska 18, 10000 Zagreb <\/p>\n<p class=\"MsoNormal\" style=\"line-height: 50%;\">&nbsp;<\/p>\n<p style=\"line-height: 170%; text-align: center;\">\nE-mail: inmediasres@centar-fm.org<\/p>\n<p class=\"MsoNormal\" style=\"line-height: 50%;\">&nbsp;<\/p>\n<p style=\"line-height: 170%; text-align: center;\">\nGODINA 10 (2021) broj 18<\/p>\n<p style=\"line-height: 100%; text-align: center;\">&nbsp;<\/p>\n<hr \/>\n<p style=\"line-height: 170%; text-align: center;\">\n<a rel=\"license\" href=\"http:\/\/creativecommons.org\/licenses\/by-nc\/4.0\/\"><img decoding=\"async\" alt=\"Creative Commons licenca\" style=\"border-width:0\" src=\"https:\/\/i.creativecommons.org\/l\/by-nc\/4.0\/88x31.png\" \/><\/a><br \/>\u010casopis je otvorenog pristupa, a ovo djelo je dano na kori\u0161tenje pod licencom <a rel=\"license\" href=\"http:\/\/creativecommons.org\/licenses\/by-nc\/4.0\/\"><strong>Creative Commons Imenovanje-Nekomercijalno 4.0 me\u0111unarodna.<\/strong><\/a><\/p>\n<\/td>\n<td valign=\"top\" width=\"20\">\n<p style=\"line-height: 100%; text-align: center;\">&nbsp;<\/p>\n<\/td>\n<td valign=\"top\" width=\"20\">\n<p style=\"line-height: 100%; text-align: center;\">&nbsp;<\/p>\n<\/td>\n<td valign=\"top\">\n<p style=\"line-height: 200%;\"><strong>ISSN 1848-6304<\/strong><\/p>\n<p style=\"line-height: 200%;\"><strong>UDK 316.774:1<\/strong><\/p>\n<p style=\"line-height: 200%;\"><strong>DOI <a href=\"https:\/\/doi.org\/10.46640\/imr\">10.46640\/imr<\/a><\/strong><\/p>\n<p style=\"line-height: 200%;\"><strong>Vol 10, br. 18, 2021.<\/strong><\/p>\n<p style=\"line-height: 200%;\"><strong><em>Sadr\u017eaj<\/em><\/strong><\/p>\n<p style=\"text-align: center; line-height: 50%;\" align=\"center\">&nbsp;<\/p>\n<table style=\"background-color: #eceff2;\" border=\"0\">\n<tbody>\n<tr>\n<td valign=\"top\" width=\"110\"><span style=\"color: #000000;\"><span style=\"color: #000000;\"><a href=\"http:\/\/www.centar-fm.org\/inmediasres\/index.php\/predrag-finci-uvod-korona-biljeske\">Predrag Finci:<\/a><\/span><\/span><\/td>\n<td valign=\"top\"><span style=\"color: #000000;\"><a href=\"http:\/\/www.centar-fm.org\/inmediasres\/index.php\/predrag-finci-uvod-korona-biljeske\"><strong>UVOD Korona, bilje\u0161ke<\/strong><\/a><\/span><\/p>\n<div style=\"height: 5px; overflow:hidden;\">&nbsp;<\/div>\n<p><span style=\"color: #000000;\"><a href=\"http:\/\/www.centar-fm.org\/inmediasres\/index.php\/predrag-finci-uvod-korona-biljeske\"><strong>INTRODUCTION Corona, notes<\/strong><\/a><\/span>\n<\/td>\n<\/tr>\n<tr>\n<td valign=\"top\" width=\"110\">\n<div style=\"height: 6px; overflow:hidden;\">\n<\/div>\n<\/td>\n<td>\n<div style=\"height: 6px; overflow:hidden;\">\n<\/div>\n<\/td>\n<\/tr>\n<tr>\n<td width=\"110\" valign=\"top\"><span style=\"color: #000000;\"><a href=\"http:\/\/www.centar-fm.org\/inmediasres_eng\/index.php\/iva-paska-bits-and-pieces-experiences-of-social-reality-in-the-midst-of-the-covid-19-pandemic\">Iva Paska:<\/a><\/span><\/td>\n<td valign=\"top\"><span style=\"color: #000000;\"><a href=\"http:\/\/www.centar-fm.org\/inmediasres_eng\/index.php\/iva-paska-bits-and-pieces-experiences-of-social-reality-in-the-midst-of-the-covid-19-pandemic\"><strong>Bits and Pieces: Experiences of Social Reality in the Midst of the Covid-19 Pandemic<\/strong><\/a><\/span><\/p>\n<div style=\"height: 5px; overflow:hidden;\">&nbsp;<\/div>\n<p><span style=\"color: #000000;\"><a href=\"http:\/\/www.centar-fm.org\/inmediasres_eng\/index.php\/iva-paska-bits-and-pieces-experiences-of-social-reality-in-the-midst-of-the-covid-19-pandemic\"><strong>Dijeli\u0107i i komadi\u0107ci: Iskustva dru\u0161tvene stvarnosti usred pandemije Covid-19<\/strong><\/a><\/span>\n<\/td>\n<\/tr>\n<tr>\n<td valign=\"top\" width=\"110\">\n<div style=\"height: 6px; overflow:hidden;\">\n<\/div>\n<\/td>\n<td>\n<div style=\"height: 6px; overflow:hidden;\">\n<\/div>\n<\/td>\n<\/tr>\n<tr>\n<td width=\"110\" valign=\"top\"><span style=\"color: #000000;\"><a href=\"http:\/\/www.centar-fm.org\/inmediasres_eng\/index.php\/ivana-marasovic-susnjara-i-maja-vejic-media-and-health-angel-and-devil\">Ivana Marasovi\u0107 \u0160u\u0161njara i Maja Veji\u0107:<\/a><\/span><\/td>\n<td valign=\"top\"><span style=\"color: #000000;\"><a href=\"http:\/\/www.centar-fm.org\/inmediasres_eng\/index.php\/ivana-marasovic-susnjara-i-maja-vejic-media-and-health-angel-and-devil\"><strong>Media and Health \u2013 \u201cAngel and Devil\u201d<\/strong><\/a><\/span><\/p>\n<div style=\"height: 5px; overflow:hidden;\">&nbsp;<\/div>\n<p><span style=\"color: #000000;\"><a href=\"http:\/\/www.centar-fm.org\/inmediasres_eng\/index.php\/ivana-marasovic-susnjara-i-maja-vejic-media-and-health-angel-and-devil\"><strong>Mediji i zdravlje \u201eAn\u0111eo i vrag\u201c<\/strong><\/a><\/span>\n<\/td>\n<\/tr>\n<tr>\n<td valign=\"top\" width=\"110\">\n<div style=\"height: 6px; overflow:hidden;\">\n<\/div>\n<\/td>\n<td>\n<div style=\"height: 6px; overflow:hidden;\">\n<\/div>\n<\/td>\n<\/tr>\n<tr>\n<td width=\"110\" valign=\"top\"><span style=\"color: #000000;\"><a href=\"http:\/\/www.centar-fm.org\/inmediasres_eng\/index.php\/mirela-holy-media-framing-of-the-coronavirus-in-croatia\">Mirela Holy:<\/a><\/span><\/td>\n<td valign=\"top\"><span style=\"color: #000000;\"><a href=\"http:\/\/www.centar-fm.org\/inmediasres_eng\/index.php\/mirela-holy-media-framing-of-the-coronavirus-in-croatia\"><strong>Media Framing of the Coronavirus in Croatia<\/strong><\/a><\/span><\/p>\n<div style=\"height: 5px; overflow:hidden;\">&nbsp;<\/div>\n<p><span style=\"color: #000000;\"><a href=\"http:\/\/www.centar-fm.org\/inmediasres_eng\/index.php\/mirela-holy-media-framing-of-the-coronavirus-in-croatia\"><strong>Medijsko uokvirivanje korona virusa u Hrvatskoj<\/strong><\/a><\/span>\n<\/td>\n<\/tr>\n<tr>\n<td valign=\"top\" width=\"110\">\n<div style=\"height: 6px; overflow:hidden;\">\n<\/div>\n<\/td>\n<td>\n<div style=\"height: 6px; overflow:hidden;\">\n<\/div>\n<\/td>\n<\/tr>\n<tr>\n<td width=\"110\" valign=\"top\"><span style=\"color: #000000;\"><a href=\"http:\/\/www.centar-fm.org\/inmediasres_eng\/index.php\/iris-jeroncic-tomic-i-rosanda-mulic-ageism-in-the-age-of-pandemic\">Iris Jeron\u010di\u0107 Tomi\u0107 i Rosanda Muli\u0107:<\/a><\/span><\/td>\n<td valign=\"top\"><span style=\"color: #000000;\"><a href=\"http:\/\/www.centar-fm.org\/inmediasres_eng\/index.php\/iris-jeroncic-tomic-i-rosanda-mulic-ageism-in-the-age-of-pandemic\"><strong>Ageism in the Age of Pandemic<\/strong><\/a><\/span><\/p>\n<div style=\"height: 5px; overflow:hidden;\">&nbsp;<\/div>\n<p><span style=\"color: #000000;\"><a href=\"http:\/\/www.centar-fm.org\/inmediasres_eng\/index.php\/iris-jeroncic-tomic-i-rosanda-mulic-ageism-in-the-age-of-pandemic\"><strong>Staromr\u0161tvo u doba pandemije<\/strong><\/a><\/span>\n<\/td>\n<\/tr>\n<tr>\n<td valign=\"top\" width=\"110\">\n<div style=\"height: 6px; overflow:hidden;\">\n<\/div>\n<\/td>\n<td>\n<div style=\"height: 6px; overflow:hidden;\">\n<\/div>\n<\/td>\n<\/tr>\n<tr>\n<td width=\"110\" valign=\"top\"><span style=\"color: #000000;\"><a href=\"http:\/\/www.centar-fm.org\/inmediasres_eng\/index.php\/hrvoje-juric-school-for-a-hollow-life-or-the-pedagogical-poem-2-0\">Hrvoje Juri\u0107:<\/a><\/span><\/td>\n<td valign=\"top\"><span style=\"color: #000000;\"><a href=\"http:\/\/www.centar-fm.org\/inmediasres_eng\/index.php\/hrvoje-juric-school-for-a-hollow-life-or-the-pedagogical-poem-2-0\"><strong>School for a Hollow Life or The Pedagogical Poem 2.0<\/strong><\/a><\/span><\/p>\n<div style=\"height: 5px; overflow:hidden;\">&nbsp;<\/div>\n<p><span style=\"color: #000000;\"><a href=\"http:\/\/www.centar-fm.org\/inmediasres_eng\/index.php\/hrvoje-juric-school-for-a-hollow-life-or-the-pedagogical-poem-2-0\"><strong>\u0160kola za \u017eivotarenje ili Pedago\u0161ka poema 2.0<\/strong><\/a><\/span>\n<\/td>\n<\/tr>\n<tr>\n<td valign=\"top\" width=\"110\">\n<div style=\"height: 6px; overflow:hidden;\">\n<\/div>\n<\/td>\n<td>\n<div style=\"height: 6px; overflow:hidden;\">\n<\/div>\n<\/td>\n<\/tr>\n<tr>\n<td width=\"110\" valign=\"top\"><span style=\"color: #000000;\"><a href=\"http:\/\/www.centar-fm.org\/inmediasres\/index.php\/fulvio-suran-koronavirus-kraj-jedne-epohe-za-filozofski-preporod\">Fulvio \u0160uran:<\/a><\/span><\/td>\n<td valign=\"top\"><span style=\"color: #000000;\"><a href=\"http:\/\/www.centar-fm.org\/inmediasres\/index.php\/fulvio-suran-koronavirus-kraj-jedne-epohe-za-filozofski-preporod\"><strong>Koronavirus &#8211; kraj jedne epohe? Za filozofski preporod.<\/strong><\/a><\/span><\/p>\n<div style=\"height: 5px; overflow:hidden;\">&nbsp;<\/div>\n<p><span style=\"color: #000000;\"><a href=\"http:\/\/www.centar-fm.org\/inmediasres\/index.php\/fulvio-suran-koronavirus-kraj-jedne-epohe-za-filozofski-preporod\"><strong>Coronavirus, the end of an Age? For a Philosophical Flash Mob.<\/strong><\/a><\/span>\n<\/td>\n<\/tr>\n<tr>\n<td valign=\"top\" width=\"110\">\n<div style=\"height: 6px; overflow:hidden;\">\n<\/div>\n<\/td>\n<td>\n<div style=\"height: 6px; overflow:hidden;\">\n<\/div>\n<\/td>\n<\/tr>\n<tr>\n<td width=\"110\" valign=\"top\"><span style=\"color: #000000;\"><a href=\"http:\/\/www.centar-fm.org\/inmediasres\/index.php\/fahira-fejzic-cengic-i-halima-sofradzija-hipermedijska-sfera-i-virtualne-ucionice\">Fahira Fejzi\u0107-\u010cengi\u0107 i Halima Sofrad\u017eija:<\/a><\/span><\/td>\n<td valign=\"top\"><span style=\"color: #000000;\"><a href=\"http:\/\/www.centar-fm.org\/inmediasres\/index.php\/fahira-fejzic-cengic-i-halima-sofradzija-hipermedijska-sfera-i-virtualne-ucionice\"><strong>Hipermedijska sfera i virtualne u\u010dionice<\/strong><\/a><\/span><\/p>\n<div style=\"height: 5px; overflow:hidden;\">&nbsp;<\/div>\n<p><span style=\"color: #000000;\"><a href=\"http:\/\/www.centar-fm.org\/inmediasres\/index.php\/fahira-fejzic-cengic-i-halima-sofradzija-hipermedijska-sfera-i-virtualne-ucionice\"><strong>Hypermedia Sphere and Virtual Classrooms<\/strong><\/a><\/span>\n<\/td>\n<\/tr>\n<tr>\n<td valign=\"top\" width=\"110\">\n<div style=\"height: 6px; overflow:hidden;\">\n<\/div>\n<\/td>\n<td>\n<div style=\"height: 6px; overflow:hidden;\">\n<\/div>\n<\/td>\n<\/tr>\n<tr>\n<td width=\"110\" valign=\"top\"><span style=\"color: #000000;\"><a href=\"http:\/\/www.centar-fm.org\/inmediasres_eng\/index.php\/mirko-jakovljevic-ecology-and-media\">Mirko Jakovljevi\u0107:<\/a><\/span><\/td>\n<td valign=\"top\"><span style=\"color: #000000;\"><a href=\"http:\/\/www.centar-fm.org\/inmediasres_eng\/index.php\/mirko-jakovljevic-ecology-and-media\"><strong>Ecology and Media<\/strong><\/a><\/span><\/p>\n<div style=\"height: 5px; overflow:hidden;\">&nbsp;<\/div>\n<p><span style=\"color: #000000;\"><a href=\"http:\/\/www.centar-fm.org\/inmediasres_eng\/index.php\/mirko-jakovljevic-ecology-and-media\"><strong>Ekologija i mediji<\/strong><\/a><\/span>\n<\/td>\n<\/tr>\n<tr>\n<td valign=\"top\" width=\"110\">\n<div style=\"height: 6px; overflow:hidden;\">\n<\/div>\n<\/td>\n<td>\n<div style=\"height: 6px; overflow:hidden;\">\n<\/div>\n<\/td>\n<\/tr>\n<tr>\n<td width=\"110\" valign=\"top\"><span style=\"color: #000000;\"><a href=\"http:\/\/www.centar-fm.org\/inmediasres\/index.php\/leo-katunaric-virtualizacija-zive-umjetnicke-izvedbe-u-post-covid-19-kulturi\">Leo Katunari\u0107:<\/a><\/span><\/td>\n<td valign=\"top\"><span style=\"color: #000000;\"><a href=\"http:\/\/www.centar-fm.org\/inmediasres\/index.php\/leo-katunaric-virtualizacija-zive-umjetnicke-izvedbe-u-post-covid-19-kulturi\"><strong>Virtualizacija \u017eive umjetni\u010dke izvedbe u post \u2013 Covid-19 kulturi<\/strong><\/a><\/span><\/p>\n<div style=\"height: 5px; overflow:hidden;\">&nbsp;<\/div>\n<p><span style=\"color: #000000;\"><a href=\"http:\/\/www.centar-fm.org\/inmediasres\/index.php\/leo-katunaric-virtualizacija-zive-umjetnicke-izvedbe-u-post-covid-19-kulturi\"><strong>Virtualization of Live Artistic Performance in Post \u2013 Covid-19 Culture<\/strong><\/a><\/span>\n<\/td>\n<\/tr>\n<tr>\n<td valign=\"top\" width=\"110\">\n<div style=\"height: 6px; overflow:hidden;\">\n<\/div>\n<\/td>\n<td>\n<div style=\"height: 6px; overflow:hidden;\">\n<\/div>\n<\/td>\n<\/tr>\n<tr>\n<td width=\"110\" valign=\"top\"><span style=\"color: #000000;\"><a href=\"http:\/\/www.centar-fm.org\/inmediasres_eng\/index.php\/nenad-vertovsek-the-tipping-point-when-how-and-why-did-we-start-thinking-pandemically\">Nenad Vertov\u0161ek:<\/a><\/span><\/td>\n<td valign=\"top\"><span style=\"color: #000000;\"><a href=\"http:\/\/www.centar-fm.org\/inmediasres_eng\/index.php\/nenad-vertovsek-the-tipping-point-when-how-and-why-did-we-start-thinking-pandemically\"><strong>The Tipping Point \u2013 when, how and why did We start thinking \u201cPandemically\u201d?<\/strong><\/a><\/span><\/p>\n<div style=\"height: 5px; overflow:hidden;\">&nbsp;<\/div>\n<p><span style=\"color: #000000;\"><a href=\"http:\/\/www.centar-fm.org\/inmediasres_eng\/index.php\/nenad-vertovsek-the-tipping-point-when-how-and-why-did-we-start-thinking-pandemically\"><strong>To\u010dka preokreta \u2013 kada smo, za\u0161to i kako po\u010deli misliti pandemijski?<\/strong><\/a><\/span>\n<\/td>\n<\/tr>\n<\/tbody>\n<\/table>\n<div style=\"height: 6px; overflow:hidden;\">&nbsp;<\/div>\n<div style=\"height: 6px; overflow:hidden;\">&nbsp;<\/div>\n<p style=\"line-height: 150%;\"><span style=\"text-decoration: underline;\">II FILOZOFIJA I FILM<\/span><\/p>\n<table style=\"background-color: #eceff2;\" border=\"0\">\n<tbody>\n<tr>\n<td valign=\"top\" width=\"110\">\n<div style=\"height: 6px; overflow:hidden;\">\n<\/div>\n<\/td>\n<td>\n<div style=\"height: 6px; overflow:hidden;\">\n<\/div>\n<\/td>\n<\/tr>\n<tr>\n<td width=\"110\" valign=\"top\"><span style=\"color: #000000;\"><a href=\"http:\/\/www.centar-fm.org\/inmediasres_eng\/index.php\/victor-bruno-archaism-and-hegel-in-the-supply-reel\">Victor Bruno:<\/a><\/span><\/td>\n<td valign=\"top\"><span style=\"color: #000000;\"><a href=\"http:\/\/www.centar-fm.org\/inmediasres_eng\/index.php\/victor-bruno-archaism-and-hegel-in-the-supply-reel\"><strong>Archaism and Hegel in the Supply Reel<\/p>\n<p>A Philosophical Look at Andr\u00e9 Bazin\u2019s Realism<\/strong><\/a><\/span><\/p>\n<div style=\"height: 5px; overflow:hidden;\">&nbsp;<\/div>\n<p><span style=\"color: #000000;\"><a href=\"http:\/\/www.centar-fm.org\/inmediasres_eng\/index.php\/victor-bruno-archaism-and-hegel-in-the-supply-reel\"><strong>Arhaizam i Hegel u kolutu filmske vrpce<\/p>\n<p>Filozofski pogled na realizam Andr\u00e9a Bazina<br \/>\n<\/strong><\/a><\/span>\n<\/td>\n<\/tr>\n<tr>\n<td valign=\"top\" width=\"110\">\n<div style=\"height: 6px; overflow:hidden;\">\n<\/div>\n<\/td>\n<td>\n<div style=\"height: 6px; overflow:hidden;\">\n<\/div>\n<\/td>\n<\/tr>\n<\/tbody>\n<\/table>\n<div style=\"height: 6px; overflow:hidden;\">&nbsp;<\/div>\n<\/td>\n<\/tr>\n<\/tbody>\n<\/table>\n","protected":false},"excerpt":{"rendered":"<p>&nbsp; IN MEDIAS RES \u010dasopis filozofije medija &nbsp; Izdava\u010d \u010dasopisa: Centar za filozofiju medija i mediolo\u0161ka istra\u017eivanja (Zagreb) &nbsp; Adresa: Petrovogorska 18, 10000 Zagreb &nbsp; E-mail: inmediasres@centar-fm.org &nbsp; GODINA 10 (2021) broj 18 &nbsp; \u010casopis je otvorenog pristupa, a ovo djelo je dano na kori\u0161tenje pod licencom Creative Commons Imenovanje-Nekomercijalno 4.0 me\u0111unarodna. &nbsp; &nbsp; ISSN [&hellip;]<\/p>\n","protected":false},"author":2,"featured_media":375,"comment_status":"open","ping_status":"open","sticky":false,"template":"","format":"standard","meta":{"_acf_changed":false,"_et_pb_use_builder":"","_et_pb_old_content":"","_et_gb_content_width":"","footnotes":""},"categories":[88],"tags":[690,678,689,672,683,586,154,162,682,687,266,519,609,673,681,684,674,675,677,676,342,126,441,655,680,686,671,688,685],"class_list":["post-376","post","type-post","status-publish","format-standard","has-post-thumbnail","hentry","category-in-medias-res-broj-18-naslovnica","tag-a-philosophical-look-at-andre-bazins-realism","tag-ageism-in-the-age-of-pandemic","tag-archaism-and-hegel-in-the-supply-reel","tag-bits-and-pieces-experiences-of-social-reality-in-the-midst-of-the-covid-19-pandemic","tag-ecology-and-media","tag-fahira-fejzic-cengic","tag-fulvio-suran","tag-halima-sofradzija","tag-hipermedijska-sfera-i-virtualne-ucionice","tag-how-and-why-did-we-start-thinking-pandemically","tag-hrvoje-juric","tag-iris-jeroncic-tomic","tag-iva-paska","tag-ivana-marasovic-susnjara","tag-koronavirus-kraj-jedne-epohe-za-filozofski-preporod","tag-leo-katunaric","tag-maja-vejic","tag-media-and-health-angel-and-devil","tag-media-framing-of-the-coronavirus-in-croatia","tag-mirela-holy","tag-mirko-jakovljevic","tag-nenad-vertovsek","tag-predrag-finci","tag-rosanda-mulic","tag-school-for-a-hollow-life-or-the-pedagogical-poem-2-0","tag-the-tipping-point-when","tag-uvod-korona-biljeske","tag-victor-bruno","tag-virtualizacija-zive-umjetnicke-izvedbe-u-post-covid-19-kulturi","et-has-post-format-content","et_post_format-et-post-format-standard"],"acf":[],"yoast_head":"<!-- This site is optimized with the Yoast SEO plugin v27.4 - https:\/\/yoast.com\/product\/yoast-seo-wordpress\/ -->\n<title>naslovnica br.18 - In Medias Res - \u010casopis centra za filozofiju medija<\/title>\n<meta name=\"robots\" content=\"index, follow, max-snippet:-1, max-image-preview:large, max-video-preview:-1\" \/>\n<link rel=\"canonical\" href=\"https:\/\/centar-fm.org\/inmediasres\/index.php\/naslov18\/\" \/>\n<meta property=\"og:locale\" content=\"en_US\" \/>\n<meta property=\"og:type\" content=\"article\" \/>\n<meta property=\"og:title\" content=\"naslovnica br.18 - In Medias Res - \u010casopis centra za filozofiju medija\" \/>\n<meta property=\"og:description\" content=\"&nbsp; IN MEDIAS RES \u010dasopis filozofije medija &nbsp; Izdava\u010d \u010dasopisa: Centar za filozofiju medija i mediolo\u0161ka istra\u017eivanja (Zagreb) &nbsp; Adresa: Petrovogorska 18, 10000 Zagreb &nbsp; E-mail: inmediasres@centar-fm.org &nbsp; GODINA 10 (2021) broj 18 &nbsp; \u010casopis je otvorenog pristupa, a ovo djelo je dano na kori\u0161tenje pod licencom Creative Commons Imenovanje-Nekomercijalno 4.0 me\u0111unarodna. &nbsp; &nbsp; ISSN [&hellip;]\" \/>\n<meta property=\"og:url\" content=\"https:\/\/centar-fm.org\/inmediasres\/index.php\/naslov18\/\" \/>\n<meta property=\"og:site_name\" content=\"In Medias Res - \u010casopis centra za filozofiju medija\" \/>\n<meta property=\"article:published_time\" content=\"2021-05-26T09:38:04+00:00\" \/>\n<meta property=\"og:image\" content=\"https:\/\/centar-fm.org\/inmediasres\/wp-content\/uploads\/sites\/2\/2021\/05\/inmediasresno18ii.jpg\" \/>\n\t<meta property=\"og:image:width\" content=\"592\" \/>\n\t<meta property=\"og:image:height\" content=\"868\" \/>\n\t<meta property=\"og:image:type\" content=\"image\/jpeg\" \/>\n<meta name=\"author\" content=\"Super User\" \/>\n<meta name=\"twitter:card\" content=\"summary_large_image\" \/>\n<meta name=\"twitter:label1\" content=\"Written by\" \/>\n\t<meta name=\"twitter:data1\" content=\"Super User\" \/>\n\t<meta name=\"twitter:label2\" content=\"Est. reading time\" \/>\n\t<meta name=\"twitter:data2\" content=\"2 minutes\" \/>\n<script type=\"application\/ld+json\" class=\"yoast-schema-graph\">{\"@context\":\"https:\\\/\\\/schema.org\",\"@graph\":[{\"@type\":\"Article\",\"@id\":\"https:\\\/\\\/centar-fm.org\\\/inmediasres\\\/index.php\\\/naslov18\\\/#article\",\"isPartOf\":{\"@id\":\"https:\\\/\\\/centar-fm.org\\\/inmediasres\\\/index.php\\\/naslov18\\\/\"},\"author\":{\"name\":\"Super User\",\"@id\":\"https:\\\/\\\/centar-fm.org\\\/inmediasres\\\/#\\\/schema\\\/person\\\/ae49dcc23965665608f66120db8245a4\"},\"headline\":\"naslovnica br.18\",\"datePublished\":\"2021-05-26T09:38:04+00:00\",\"mainEntityOfPage\":{\"@id\":\"https:\\\/\\\/centar-fm.org\\\/inmediasres\\\/index.php\\\/naslov18\\\/\"},\"wordCount\":320,\"commentCount\":0,\"image\":{\"@id\":\"https:\\\/\\\/centar-fm.org\\\/inmediasres\\\/index.php\\\/naslov18\\\/#primaryimage\"},\"thumbnailUrl\":\"https:\\\/\\\/centar-fm.org\\\/inmediasres\\\/wp-content\\\/uploads\\\/sites\\\/2\\\/2021\\\/05\\\/inmediasresno18ii.jpg\",\"keywords\":[\"A Philosophical Look at Andr\u00e9 Bazin\u2019s Realism\",\"Ageism in the Age of Pandemic\",\"Archaism and Hegel in the Supply Reel\",\"Bits and Pieces Experiences of Social Reality in the Midst of the Covid-19 Pandemic\",\"Ecology and Media\",\"Fahira Fejzi\u0107-\u010cengi\u0107\",\"Fulvio \u0160uran\",\"Halima Sofrad\u017eija\",\"Hipermedijska sfera i virtualne u\u010dionice\",\"how and why did We start thinking \u201cPandemically\u201d?\",\"HRVOJE JURI\u0106\",\"Iris Jeron\u010di\u0107 Tomi\u0107\",\"Iva Paska\",\"Ivana Marasovi\u0107 \u0160u\u0161njara\",\"Koronavirus - kraj jedne epohe? Za filozofski preporod.\",\"Leo Katunari\u0107\",\"Maja Veji\u0107\",\"Media and Health \u2013 \u201cAngel and Devil\u201d\",\"Media Framing of the Coronavirus in Croatia\",\"Mirela Holy\",\"Mirko Jakovljevi\u0107\",\"Nenad Vertov\u0161ek\",\"Predrag Finci\",\"Rosanda Muli\u0107\",\"School for a Hollow Life or The Pedagogical Poem 2.0\",\"The Tipping Point \u2013 when\",\"UVOD Korona bilje\u0161ke\",\"Victor Bruno\",\"Virtualizacija \u017eive umjetni\u010dke izvedbe u post \u2013 Covid-19 kulturi\"],\"articleSection\":[\"In Medias Res broj 18 naslovnica\"],\"inLanguage\":\"en-US\",\"potentialAction\":[{\"@type\":\"CommentAction\",\"name\":\"Comment\",\"target\":[\"https:\\\/\\\/centar-fm.org\\\/inmediasres\\\/index.php\\\/naslov18\\\/#respond\"]}]},{\"@type\":\"WebPage\",\"@id\":\"https:\\\/\\\/centar-fm.org\\\/inmediasres\\\/index.php\\\/naslov18\\\/\",\"url\":\"https:\\\/\\\/centar-fm.org\\\/inmediasres\\\/index.php\\\/naslov18\\\/\",\"name\":\"naslovnica br.18 - In Medias Res - \u010casopis centra za filozofiju medija\",\"isPartOf\":{\"@id\":\"https:\\\/\\\/centar-fm.org\\\/inmediasres\\\/#website\"},\"primaryImageOfPage\":{\"@id\":\"https:\\\/\\\/centar-fm.org\\\/inmediasres\\\/index.php\\\/naslov18\\\/#primaryimage\"},\"image\":{\"@id\":\"https:\\\/\\\/centar-fm.org\\\/inmediasres\\\/index.php\\\/naslov18\\\/#primaryimage\"},\"thumbnailUrl\":\"https:\\\/\\\/centar-fm.org\\\/inmediasres\\\/wp-content\\\/uploads\\\/sites\\\/2\\\/2021\\\/05\\\/inmediasresno18ii.jpg\",\"datePublished\":\"2021-05-26T09:38:04+00:00\",\"author\":{\"@id\":\"https:\\\/\\\/centar-fm.org\\\/inmediasres\\\/#\\\/schema\\\/person\\\/ae49dcc23965665608f66120db8245a4\"},\"breadcrumb\":{\"@id\":\"https:\\\/\\\/centar-fm.org\\\/inmediasres\\\/index.php\\\/naslov18\\\/#breadcrumb\"},\"inLanguage\":\"en-US\",\"potentialAction\":[{\"@type\":\"ReadAction\",\"target\":[\"https:\\\/\\\/centar-fm.org\\\/inmediasres\\\/index.php\\\/naslov18\\\/\"]}]},{\"@type\":\"ImageObject\",\"inLanguage\":\"en-US\",\"@id\":\"https:\\\/\\\/centar-fm.org\\\/inmediasres\\\/index.php\\\/naslov18\\\/#primaryimage\",\"url\":\"https:\\\/\\\/centar-fm.org\\\/inmediasres\\\/wp-content\\\/uploads\\\/sites\\\/2\\\/2021\\\/05\\\/inmediasresno18ii.jpg\",\"contentUrl\":\"https:\\\/\\\/centar-fm.org\\\/inmediasres\\\/wp-content\\\/uploads\\\/sites\\\/2\\\/2021\\\/05\\\/inmediasresno18ii.jpg\",\"width\":592,\"height\":868,\"caption\":\"InMediasRes\"},{\"@type\":\"BreadcrumbList\",\"@id\":\"https:\\\/\\\/centar-fm.org\\\/inmediasres\\\/index.php\\\/naslov18\\\/#breadcrumb\",\"itemListElement\":[{\"@type\":\"ListItem\",\"position\":1,\"name\":\"Po\u010detna stranica\",\"item\":\"https:\\\/\\\/centar-fm.org\\\/inmediasres\\\/\"},{\"@type\":\"ListItem\",\"position\":2,\"name\":\"naslovnica br.18\"}]},{\"@type\":\"WebSite\",\"@id\":\"https:\\\/\\\/centar-fm.org\\\/inmediasres\\\/#website\",\"url\":\"https:\\\/\\\/centar-fm.org\\\/inmediasres\\\/\",\"name\":\"In Medias Res - \u010casopis centra za filozofiju medija\",\"description\":\"\",\"potentialAction\":[{\"@type\":\"SearchAction\",\"target\":{\"@type\":\"EntryPoint\",\"urlTemplate\":\"https:\\\/\\\/centar-fm.org\\\/inmediasres\\\/?s={search_term_string}\"},\"query-input\":{\"@type\":\"PropertyValueSpecification\",\"valueRequired\":true,\"valueName\":\"search_term_string\"}}],\"inLanguage\":\"en-US\"},{\"@type\":\"Person\",\"@id\":\"https:\\\/\\\/centar-fm.org\\\/inmediasres\\\/#\\\/schema\\\/person\\\/ae49dcc23965665608f66120db8245a4\",\"name\":\"Super User\",\"image\":{\"@type\":\"ImageObject\",\"inLanguage\":\"en-US\",\"@id\":\"https:\\\/\\\/secure.gravatar.com\\\/avatar\\\/5ac3fc5ccca7755fa3f558fed4a39be2232c6585e68bd398c790d57375dde921?s=96&d=mm&r=g\",\"url\":\"https:\\\/\\\/secure.gravatar.com\\\/avatar\\\/5ac3fc5ccca7755fa3f558fed4a39be2232c6585e68bd398c790d57375dde921?s=96&d=mm&r=g\",\"contentUrl\":\"https:\\\/\\\/secure.gravatar.com\\\/avatar\\\/5ac3fc5ccca7755fa3f558fed4a39be2232c6585e68bd398c790d57375dde921?s=96&d=mm&r=g\",\"caption\":\"Super User\"},\"url\":\"https:\\\/\\\/centar-fm.org\\\/inmediasres\\\/index.php\\\/author\\\/amynovcfmweb\\\/\"}]}<\/script>\n<!-- \/ Yoast SEO plugin. -->","yoast_head_json":{"title":"naslovnica br.18 - In Medias Res - \u010casopis centra za filozofiju medija","robots":{"index":"index","follow":"follow","max-snippet":"max-snippet:-1","max-image-preview":"max-image-preview:large","max-video-preview":"max-video-preview:-1"},"canonical":"https:\/\/centar-fm.org\/inmediasres\/index.php\/naslov18\/","og_locale":"en_US","og_type":"article","og_title":"naslovnica br.18 - In Medias Res - \u010casopis centra za filozofiju medija","og_description":"&nbsp; IN MEDIAS RES \u010dasopis filozofije medija &nbsp; Izdava\u010d \u010dasopisa: Centar za filozofiju medija i mediolo\u0161ka istra\u017eivanja (Zagreb) &nbsp; Adresa: Petrovogorska 18, 10000 Zagreb &nbsp; E-mail: inmediasres@centar-fm.org &nbsp; GODINA 10 (2021) broj 18 &nbsp; \u010casopis je otvorenog pristupa, a ovo djelo je dano na kori\u0161tenje pod licencom Creative Commons Imenovanje-Nekomercijalno 4.0 me\u0111unarodna. &nbsp; &nbsp; ISSN [&hellip;]","og_url":"https:\/\/centar-fm.org\/inmediasres\/index.php\/naslov18\/","og_site_name":"In Medias Res - \u010casopis centra za filozofiju medija","article_published_time":"2021-05-26T09:38:04+00:00","og_image":[{"width":592,"height":868,"url":"https:\/\/centar-fm.org\/inmediasres\/wp-content\/uploads\/sites\/2\/2021\/05\/inmediasresno18ii.jpg","type":"image\/jpeg"}],"author":"Super User","twitter_card":"summary_large_image","twitter_misc":{"Written by":"Super User","Est. reading time":"2 minutes"},"schema":{"@context":"https:\/\/schema.org","@graph":[{"@type":"Article","@id":"https:\/\/centar-fm.org\/inmediasres\/index.php\/naslov18\/#article","isPartOf":{"@id":"https:\/\/centar-fm.org\/inmediasres\/index.php\/naslov18\/"},"author":{"name":"Super User","@id":"https:\/\/centar-fm.org\/inmediasres\/#\/schema\/person\/ae49dcc23965665608f66120db8245a4"},"headline":"naslovnica br.18","datePublished":"2021-05-26T09:38:04+00:00","mainEntityOfPage":{"@id":"https:\/\/centar-fm.org\/inmediasres\/index.php\/naslov18\/"},"wordCount":320,"commentCount":0,"image":{"@id":"https:\/\/centar-fm.org\/inmediasres\/index.php\/naslov18\/#primaryimage"},"thumbnailUrl":"https:\/\/centar-fm.org\/inmediasres\/wp-content\/uploads\/sites\/2\/2021\/05\/inmediasresno18ii.jpg","keywords":["A Philosophical Look at Andr\u00e9 Bazin\u2019s Realism","Ageism in the Age of Pandemic","Archaism and Hegel in the Supply Reel","Bits and Pieces Experiences of Social Reality in the Midst of the Covid-19 Pandemic","Ecology and Media","Fahira Fejzi\u0107-\u010cengi\u0107","Fulvio \u0160uran","Halima Sofrad\u017eija","Hipermedijska sfera i virtualne u\u010dionice","how and why did We start thinking \u201cPandemically\u201d?","HRVOJE JURI\u0106","Iris Jeron\u010di\u0107 Tomi\u0107","Iva Paska","Ivana Marasovi\u0107 \u0160u\u0161njara","Koronavirus - kraj jedne epohe? Za filozofski preporod.","Leo Katunari\u0107","Maja Veji\u0107","Media and Health \u2013 \u201cAngel and Devil\u201d","Media Framing of the Coronavirus in Croatia","Mirela Holy","Mirko Jakovljevi\u0107","Nenad Vertov\u0161ek","Predrag Finci","Rosanda Muli\u0107","School for a Hollow Life or The Pedagogical Poem 2.0","The Tipping Point \u2013 when","UVOD Korona bilje\u0161ke","Victor Bruno","Virtualizacija \u017eive umjetni\u010dke izvedbe u post \u2013 Covid-19 kulturi"],"articleSection":["In Medias Res broj 18 naslovnica"],"inLanguage":"en-US","potentialAction":[{"@type":"CommentAction","name":"Comment","target":["https:\/\/centar-fm.org\/inmediasres\/index.php\/naslov18\/#respond"]}]},{"@type":"WebPage","@id":"https:\/\/centar-fm.org\/inmediasres\/index.php\/naslov18\/","url":"https:\/\/centar-fm.org\/inmediasres\/index.php\/naslov18\/","name":"naslovnica br.18 - In Medias Res - \u010casopis centra za filozofiju medija","isPartOf":{"@id":"https:\/\/centar-fm.org\/inmediasres\/#website"},"primaryImageOfPage":{"@id":"https:\/\/centar-fm.org\/inmediasres\/index.php\/naslov18\/#primaryimage"},"image":{"@id":"https:\/\/centar-fm.org\/inmediasres\/index.php\/naslov18\/#primaryimage"},"thumbnailUrl":"https:\/\/centar-fm.org\/inmediasres\/wp-content\/uploads\/sites\/2\/2021\/05\/inmediasresno18ii.jpg","datePublished":"2021-05-26T09:38:04+00:00","author":{"@id":"https:\/\/centar-fm.org\/inmediasres\/#\/schema\/person\/ae49dcc23965665608f66120db8245a4"},"breadcrumb":{"@id":"https:\/\/centar-fm.org\/inmediasres\/index.php\/naslov18\/#breadcrumb"},"inLanguage":"en-US","potentialAction":[{"@type":"ReadAction","target":["https:\/\/centar-fm.org\/inmediasres\/index.php\/naslov18\/"]}]},{"@type":"ImageObject","inLanguage":"en-US","@id":"https:\/\/centar-fm.org\/inmediasres\/index.php\/naslov18\/#primaryimage","url":"https:\/\/centar-fm.org\/inmediasres\/wp-content\/uploads\/sites\/2\/2021\/05\/inmediasresno18ii.jpg","contentUrl":"https:\/\/centar-fm.org\/inmediasres\/wp-content\/uploads\/sites\/2\/2021\/05\/inmediasresno18ii.jpg","width":592,"height":868,"caption":"InMediasRes"},{"@type":"BreadcrumbList","@id":"https:\/\/centar-fm.org\/inmediasres\/index.php\/naslov18\/#breadcrumb","itemListElement":[{"@type":"ListItem","position":1,"name":"Po\u010detna stranica","item":"https:\/\/centar-fm.org\/inmediasres\/"},{"@type":"ListItem","position":2,"name":"naslovnica br.18"}]},{"@type":"WebSite","@id":"https:\/\/centar-fm.org\/inmediasres\/#website","url":"https:\/\/centar-fm.org\/inmediasres\/","name":"In Medias Res - \u010casopis centra za filozofiju medija","description":"","potentialAction":[{"@type":"SearchAction","target":{"@type":"EntryPoint","urlTemplate":"https:\/\/centar-fm.org\/inmediasres\/?s={search_term_string}"},"query-input":{"@type":"PropertyValueSpecification","valueRequired":true,"valueName":"search_term_string"}}],"inLanguage":"en-US"},{"@type":"Person","@id":"https:\/\/centar-fm.org\/inmediasres\/#\/schema\/person\/ae49dcc23965665608f66120db8245a4","name":"Super User","image":{"@type":"ImageObject","inLanguage":"en-US","@id":"https:\/\/secure.gravatar.com\/avatar\/5ac3fc5ccca7755fa3f558fed4a39be2232c6585e68bd398c790d57375dde921?s=96&d=mm&r=g","url":"https:\/\/secure.gravatar.com\/avatar\/5ac3fc5ccca7755fa3f558fed4a39be2232c6585e68bd398c790d57375dde921?s=96&d=mm&r=g","contentUrl":"https:\/\/secure.gravatar.com\/avatar\/5ac3fc5ccca7755fa3f558fed4a39be2232c6585e68bd398c790d57375dde921?s=96&d=mm&r=g","caption":"Super User"},"url":"https:\/\/centar-fm.org\/inmediasres\/index.php\/author\/amynovcfmweb\/"}]}},"_links":{"self":[{"href":"https:\/\/centar-fm.org\/inmediasres\/index.php\/wp-json\/wp\/v2\/posts\/376","targetHints":{"allow":["GET"]}}],"collection":[{"href":"https:\/\/centar-fm.org\/inmediasres\/index.php\/wp-json\/wp\/v2\/posts"}],"about":[{"href":"https:\/\/centar-fm.org\/inmediasres\/index.php\/wp-json\/wp\/v2\/types\/post"}],"author":[{"embeddable":true,"href":"https:\/\/centar-fm.org\/inmediasres\/index.php\/wp-json\/wp\/v2\/users\/2"}],"replies":[{"embeddable":true,"href":"https:\/\/centar-fm.org\/inmediasres\/index.php\/wp-json\/wp\/v2\/comments?post=376"}],"version-history":[{"count":0,"href":"https:\/\/centar-fm.org\/inmediasres\/index.php\/wp-json\/wp\/v2\/posts\/376\/revisions"}],"wp:featuredmedia":[{"embeddable":true,"href":"https:\/\/centar-fm.org\/inmediasres\/index.php\/wp-json\/wp\/v2\/media\/375"}],"wp:attachment":[{"href":"https:\/\/centar-fm.org\/inmediasres\/index.php\/wp-json\/wp\/v2\/media?parent=376"}],"wp:term":[{"taxonomy":"category","embeddable":true,"href":"https:\/\/centar-fm.org\/inmediasres\/index.php\/wp-json\/wp\/v2\/categories?post=376"},{"taxonomy":"post_tag","embeddable":true,"href":"https:\/\/centar-fm.org\/inmediasres\/index.php\/wp-json\/wp\/v2\/tags?post=376"}],"curies":[{"name":"wp","href":"https:\/\/api.w.org\/{rel}","templated":true}]}}