{"id":384,"date":"2021-09-13T11:02:50","date_gmt":"2021-09-13T11:02:50","guid":{"rendered":"https:\/\/sweet-mcclintock.194-60-87-163.plesk.page\/inmediasres\/2021\/09\/13\/jure-vujic-simulacija-kolektivne-tjeskobe-i-medijske-fobo-strategije-politike-straha\/"},"modified":"2021-09-13T11:02:50","modified_gmt":"2021-09-13T11:02:50","slug":"jure-vujic-simulacija-kolektivne-tjeskobe-i-medijske-fobo-strategije-politike-straha","status":"publish","type":"post","link":"https:\/\/centar-fm.org\/inmediasres\/index.php\/jure-vujic-simulacija-kolektivne-tjeskobe-i-medijske-fobo-strategije-politike-straha\/","title":{"rendered":"Jure Vuji\u0107: Simulacija kolektivne tjeskobe i medijske  fobo\u2013strategije politike straha"},"content":{"rendered":"<p class=\"MsoNormal\" style=\"line-height: 150%;\"><span lang=\"SR\">&nbsp;<\/span><\/p>\n<p><a name=\"6inmediasres19\"><\/a><\/p>\n<p class=\"MsoNormal\" style=\"line-height: 150%;\"><span lang=\"SR\">&nbsp;<\/span><\/p>\n<hr \/>\n<table style=\"width: 755px;\" border=\"0\">\n<tbody>\n<tr>\n<td style=\"width: 215px;\" valign=\"top\">\n<p class=\"MsoNormal\" style=\"line-height: 170%;\">\n <strong>&nbsp;10(19)#18 2021<\/strong> <\/p>\n<\/td>\n<td style=\"width: 315px;\" valign=\"top\">\n<p style=\"line-height: 170%; text-align: center;\">\n<a rel=\"license\" href=\"http:\/\/creativecommons.org\/licenses\/by-nc\/4.0\/\"><img decoding=\"async\" alt=\"Creative Commons licenca\" style=\"border-width:0\" src=\"https:\/\/i.creativecommons.org\/l\/by-nc\/4.0\/88x31.png\" \/><\/a><br \/>\u010casopis je otvorenog pristupa, a ovo djelo je dano na kori\u0161tenje pod licencom <a rel=\"license\" href=\"http:\/\/creativecommons.org\/licenses\/by-nc\/4.0\/\"><strong>Creative Commons Imenovanje-Nekomercijalno 4.0 me\u0111unarodna.<\/strong><\/a><\/p>\n<\/td>\n<td valign=\"top\">\n<p style=\"text-align: right; line-height: 150%;\" align=\"center\"><strong>DOI <a href=\"https:\/\/doi.org\/10.46640\/imr.10.19.6\">10.46640\/imr.10.19.6<\/a><br \/>\nUDK 32:616.891.6-044.86<\/p>\n<p>Prethodno priop\u0107enje<\/p>\n<p>Preliminary communication<\/p>\n<p>Primljeno: 7.3.2021.<br \/>\n<\/strong><\/p>\n<\/td>\n<\/tr>\n<\/tbody>\n<\/table>\n<p class=\"MsoNormal\" style=\"line-height: 150%;\">&nbsp;<\/p>\n<p class=\"MsoNormal\" style=\"line-height: 150%;\">&nbsp;<\/p>\n<p class=\"MsoNormal\" style=\"text-align: center; line-height: 150%;\" align=\"center\"><span style=\"font-size: 15.0pt; line-height: 150%;\">Jure Vuji\u0107<\/span><\/p>\n<p style=\"text-align: center; line-height: 150%;\" align=\"center\">Institut za geopolitiku i strate\u0161ka istra\u017eivanja, Zagreb, Hrvatska<br \/>\ngeotekst@gmail.com<\/p>\n<p style=\"text-align: center;\" align=\"center\"><strong> <span style=\"font-size: 16.0pt; line-height: 150%;\">Simulacija kolektivne tjeskobe i medijske <\/p>\n<p>fobo\u2013strategije politike straha <\/span><\/strong><\/p>\n<p style=\"text-align: center; line-height: 150%;\" align=\"center\"><a href=\"http:\/\/www.centar-fm.org\/inmediasres\/images\/pdf\/19\/J. Vujic, Simulacija kolektivne tjeskobe i medijske fobo\u2013strategije politike straha.pdf\"><strong><span style=\"color: #DC0101; font-size: 8.0pt;\"><br \/>\nPuni tekst: pdf (474 KB), Hrvatski, Str. 3033 &#8211; 3042<br \/>\n<\/span><\/strong><\/a><\/p>\n<p class=\"MsoNormal\" style=\"line-height: 150%;\">&nbsp;<\/p>\n<p style=\"margin: 0cm 48.6pt 0.0001pt 54pt; line-height: 170%;\"><strong><em>Sa\u017eetak<\/em><\/strong><\/p>\n<p class=\"MsoBodyText\" style=\"margin-top: 0cm; margin-right: 48.6pt; margin-bottom: .0001pt; margin-left: 54.0pt; line-height: 150%;\"><span style=\"font-size: 12.0pt; line-height: 150%; font-family: 'Times New Roman';\" lang=\"SR\">&nbsp;<\/span><\/p>\n<p class=\"MsoBodyText\" style=\"margin-top: 0cm; margin-right: 48.6pt; margin-bottom: .0001pt; margin-left: 54.0pt; line-height: 170%;\"><em>Medijsko izvje\u0161tavanje u realnom vremenu, popra\u0107eno ekspertnim analizama o \u0161irenju zaraze COVID-19 na globalnoj i mikro razini doprinosi eskalaciji dru\u0161tvene atmosfere kolektivne tjeskobe i psihoze. U tom smjeru, pandemije kolektivnih psihoza i straha uvijek prethode uvo\u0111enju totalitarnih mjera i stvaraju pretpostavke za bio-politi\u010dku i medicinsku vladavinu te ja\u010danje izvanrednih mjera nadziranja. Virusna insinuacija, mimetizam reakcija, diseminacije viralnog straha, sastavni su fenomeni difuznog dru\u0161tvenog i medijskog nasilja koje transformira stvarnost panike\/straha u fantazmagori\u010dnu i \u010desto simuliraju\u0107u kolektivnu tjeskobu. Dana\u0161nji tiskovni, audiovizualni i numeri\u010dki mediji konsenzualno i vje\u0161to koriste poluge marketinga straha. U tom pogledu, novinar je (zajedno s trgovcem oru\u017ejem, politi\u010darom i proizvo\u0111a\u010dem antidepresiva) jedna od rijetkih struka koje trguju strahom i panikom. Mediji su postali mo\u0107no oru\u017eje tradicionalne politike straha koja instrumentalizira kolektivni strah pu\u010danstva kako bi iznudila pasivni pristanak za primjenu izvanrednih mjera koje ograni\u010davaju temeljne pojedina\u010dne gra\u0111anske slobode.<\/em><\/p>\n<p class=\"MsoBodyText\" style=\"margin-top: 0cm; margin-right: 48.6pt; margin-bottom: .0001pt; margin-left: 54.0pt; line-height: 170%;\">&nbsp;<\/p>\n<p style=\"margin: 0cm 48.6pt 0.0001pt 54pt; line-height: 170%;\"><strong><em>Klju\u010dne rije\u010di:<\/em><\/strong> <em>virusna, strah, dru\u0161tvo, politika, mediji, biopolitika.<\/em><\/p>\n<p class=\"MsoBodyText\" style=\"margin-top: 0cm; margin-right: 48.6pt; margin-bottom: .0001pt; margin-left: 54.0pt; line-height: 170%;\">&nbsp;<\/p>\n<p class=\"MsoNormal\" style=\"line-height: 150%;\">&nbsp;<\/p>\n<p class=\"MsoNormal\" style=\"line-height: 170%;\"><strong>Kultura straha i nova fobokracija<\/strong><\/p>\n<p class=\"MsoNormal\" style=\"line-height: 170%;\">I prije pandemije COVID-19 te epidemije SARS-CoV-2 zapadni je \u010dovjek bio tjeskoban i latentno trajno zabrinut, a povijest civilizacija pokazuje da se dru\u0161tvo paralizirano anksiozno\u0161\u0107u nu\u017eno rastvara iznutra i izumire. Nitko danas ne mo\u017ee pore\u0107i klju\u010dnu ulogu straha u pokretanju i legitimiranju svakodnevnih izvanrednih sanitarnih i politi\u010dkih mjera koje remete na\u0161 dosada\u0161nji mentalni i \u017eivotni habitus. Kako pojedina\u010dni, tako i je kolektivni strah u sklopu medijske i dru\u0161tvene psihoze znatno poja\u010dan utjecajem globalnih i doma\u0107ih medija. Me\u0111utim, pored te dru\u0161tvene i emocionalne dimenzije straha va\u017eno je podsjetiti koliko je osje\u0107aj straha utjecao i oblikovao kolektivne kulturne i civilizacijske identitete u svijetu. S pravom se mo\u017ee govoriti o kulturnoj antropologiji straha i o raznolikosti kulture straha. U djelu <em>Stra\u0161na djeca novog vijeka<\/em> Sloterdijk<a name=\"_ftnref48\"><\/a><a href=\"#_ftn48\"><sup>[<span style=\"font-family: 'times new roman', times;\"><strong>48<\/strong><\/span>]<\/sup><\/a> govori o permanentnoj improvizaciji koju koriste politike straha. Otkad su objavljene vijesti o obimnoj virusnoj infekciji koja je progutala svijet u areni se nalaze 24-satni informativni kanali. Jednozna\u010dne neprestane sveprisutne vijesti o virusu COVID-19 potisnule su u drugi plan sve ostale vijesti na planeti. Medijska izvje\u0161tavanja u realnom vremenu o \u0161irenju zaraze na globalnoj i mikro razini popra\u0107ena ekspertnim analizama doprinijele su eskalaciji dru\u0161tvene atmosfere kolektivne tjeskobe i psihoze. <\/p>\n<p class=\"MsoNormal\" style=\"line-height: 170%;\">U kontekstu medijske informacijske inflacije neselektiranih i proturje\u010dnih informacija treba se, kako to iznosi Dominique Moisi u djelu &bdquo;<em>Geopolitika emocije<\/em>&ldquo;<a name=\"_ftnref49\"><\/a><a href=\"#_ftn49\"><sup>[<span style=\"font-family: 'times new roman', times;\"><strong>49<\/strong><\/span>]<\/sup><\/a> sjetiti koliko su emocije va\u017ene pa \u010dak i kod geopoliti\u010dkih \u010dimbenika. Po njemu su strasti i emocije klju\u010dna obilje\u017eja zemalja i dru\u0161tava pa je tako Strah je emocionalna konstanta Zapada ili zapadnog \u010dovjeka. Povijest je puna razdoblja kolektivnih strahova od prirodnih katastrofa i epidemija. Eksplikacije neobja\u0161njivog, brutalnosti takvih pojava, u pro\u0161losti su bile prili\u010dno neracionalne i magi\u010dno-religiozne ili su se temeljile na krivnji i stigmatizaciji &bdquo;devijantnog&ldquo; pona\u0161anja odre\u0111enih skupina i pojedinaca u obliku &bdquo;\u017ertvenih jaraca&ldquo;. U svojoj raspravi o povijesti religija Mircea Eliade je ukazivao na trajnost religioznog pona\u0161anja i vjerskih strahova te magijskih relikata, navode\u0107i da se i u modernom dru\u0161tvu u razli\u010ditim oblicima glavne teme vjerskih strahova i pona\u0161anja nisu promijenile.<\/p>\n<p class=\"MsoNormal\" style=\"line-height: 170%;\">Prisjetimo li se lekcije Jeana Delumeaua u djelu &bdquo;<em>Strah na Zapadu<\/em>&ldquo;<a name=\"_ftnref50\"><\/a><a href=\"#_ftn50\"><sup>[<span style=\"font-family: 'times new roman', times;\"><strong>50<\/strong><\/span>]<\/sup><\/a> mo\u017eemo povu\u0107i paralelu izme\u0111u dru\u0161tva tjeskobe iz ranog modernog doba i strahova u suvremenom globalnom dru\u0161tvu koji izazivaju tjeskobu: straha od ekonomske krize i nezaposlenosti, ekolo\u0161ke krize i sloma prirodnih ekosustava, imigracija i zapadnog pada, terorizma, moralne dekadencije i sekularizacije. <\/p>\n<p class=\"MsoNormal\" style=\"line-height: 170%;\">Na dnevnoj bazi svjedo\u010dimo o tome koliko smo izlo\u017eeni medijskom izvje\u0161tavanju o \u0161irenju zaraze na globalnoj i mikro-razini, popra\u0107enom ekspertnim analizama koje doprinose eskalaciji dru\u0161tvene atmosfere kolektivne tjeskobe i psihoze. Jednozna\u010dne repetitivne sveprisutne vijesti o virusu COVID-19 potisnule su u drugi plan sve ostale vijesti na planeti. U tom smjeru, pandemije kolektivnih psihoza i straha oduvijek su prethodile uvo\u0111enju totalitarnih mjera i stvarale pretpostavke za bio-politi\u010dku i medicinsku vladavinu, ja\u010danje izvanrednih mjera nadziranja. Medijska diseminacije viralnog straha, mimetizam reakcija, sastavni su fenomeni difuznog dru\u0161tvenog i medijskog nasilja koje transformira stvarnost panike\/straha u fantazmagori\u010dni scenarij i \u010desto u simuliraju\u0107u kolektivnu tjeskobu. Dana\u0161nji tiskovni, audiovizualni i internetski numeri\u010dki mediji konsenzualno i vje\u0161to koriste poluge marketinga straha. U tom pogledu novinarska je jedna od rijetkih struka (zajedno sa trgovinom oru\u017ejem, politikom i proizvodnjom antidepresiva) koja trguje strahom i panikom. Mediji su postali mo\u0107no oru\u017eje tradicionalne politike straha koja instrumentalizira kolektivni strah pu\u010danstva kako bi iznudila pasivni pristanak za primjenu izvanrednih mjera koje ograni\u010davaju temeljne pojedina\u010dne gra\u0111anske slobode. Vladavina, upravljanje putem straha nije od ju\u010der, stara je koliko i povijest \u010dovje\u010danstva. Naime, paradoksalno je da je strah od korone virusa uspio tamo gdje su propali svi alter-globalisti\u010dki, anti-sistemski i protukapitalisti\u010dki pokreti: blokada globaliziranog ekonomskog sustava, zaustavljanje kretanja ljudi i roba, kolaps financijskih tr\u017ei\u0161ta. Me\u0111utim, taj op\u0107i kolaps ide u suprotnom smjeru od emancipacijskih i slobodarskih projekata, jer u jeku pandemije kolektivna psihoza i strah prethode uvo\u0111enje totalitarnih mjera i stvaraju pretpostavke za bio-politi\u010dku i medicinsku vladavinu, ja\u010danje izvanrednih mjera nadziranja.<\/p>\n<p class=\"MsoNormal\" style=\"line-height: 170%;\">&nbsp;<\/p>\n<p class=\"MsoNormal\" style=\"line-height: 170%;\"><strong>Politike i kulture straha<\/strong><\/p>\n<p class=\"MsoNormal\" style=\"line-height: 170%;\">Jo\u0161 je 2009. Jacques Attali<a name=\"_ftnref51\"><\/a><a href=\"#_ftn51\"><sup>[<span style=\"font-family: 'times new roman', times;\"><strong>51<\/strong><\/span>]<\/sup><\/a>, zagovaratelj ukidanja granica i svjetske vlade, objasnio da nas &bdquo;povijest u\u010di da se \u010dovje\u010danstvo zna\u010dajno razvija samo kad se stvarno boji&ldquo;. Sociolog Frank Furedi u djelu Politika straha<a name=\"_ftnref52\"><\/a><a href=\"#_ftn52\"><sup>[<span style=\"font-family: 'times new roman', times;\"><strong>52<\/strong><\/span>]<\/sup><\/a> smatra da se ona odnosi na one politike koje se koriste kolektivnim strahom pu\u010danstva kako bi se usvojile mjere koje smanjuju individualne slobode. Utemeljene na Hobbesovoj politi\u010dkoj tradiciji takve su politike prisutne u autoritativnim i u demokratskim sustavima i re\u017eimima. Barry Glassner ( The Culture of Fear: Why Americans are Afraid of the Wrong Things)<a name=\"_ftnref53\"><\/a><a href=\"#_ftn53\"><sup>[<span style=\"font-family: 'times new roman', times;\"><strong>53<\/strong><\/span>]<\/sup><\/a> smatra da je kultura straha koju propagiraju mediji \u010desto u slu\u017ebi politi\u010dke klase i nastoji privu\u0107i i usmjeriti pa\u017enju javnosti na &bdquo;velike prijetnje&ldquo;, a manje na svakodnevne &bdquo;male prijetnje&ldquo;. Povratak &bdquo;velikog straha&ldquo; u obliku pandemije ujedno je kontrapunkt povratka tragi\u010dnog smisla \u017eivota i povijesti koji se na ljudskoj razini manifestiraju kao &bdquo;tragi\u010dnost osje\u0107aja \u017eivota&ldquo; o \u010demu govori Miguel de Unamuno<a name=\"_ftnref54\"><\/a><a href=\"#_ftn54\"><sup>[<span style=\"font-family: 'times new roman', times;\"><strong>54<\/strong><\/span>]<\/sup><\/a>, koji odr\u017eavaju krhkost i prolaznost ljudske prirode, ali i zablude progresizma i vjere u besmrtnost &bdquo;naprednog \u010dovje\u010danstva&ldquo;. U tom smjeru treba se prisjetiti koncepta &bdquo;golog \u017eivota&ldquo; Giorgija Agambena (Homo Sacer: suverena mo\u0107 i goli \u017eivot)<a name=\"_ftnref55\"><\/a><a href=\"#_ftn55\"><sup>[<span style=\"font-family: 'times new roman', times;\"><strong>55<\/strong><\/span>]<\/sup><\/a> koji je analizirao situaciju u nacisti\u010dkim koncentracijskim logorima, gdje je dehumanizacija do\u0161la do krajnosti i gdje je razotkriven &bdquo;goli \u017eivot&ldquo;. Goli \u017eivot nije ljudski \u017eivot, ve\u0107 drugi oblik \u017eivota koji nadilazi granice samosvijesti, osobnosti, individualnosti, prava. Iz tog razloga je Agamben bio radikalniji od ostalih i usprotivio se bio-politi\u010dkim mjerama poduzetim protiv koronavirusa koje ograni\u010davaju individualne slobode, jer prema njemu, uvo\u0111enje izvanrednog stanja je uvod u trajni totalitarizam. U kontekstu pandemije goli je \u017eivot \u017ertva virusa. Oni nisu diferencirani pojedinci, obitelji, gra\u0111ani ili privatni vlasnici. Ovdje nema ni jednog ni mno\u0161tva. Postoji samo infekcija, koja mo\u017ee svakoga \u2013 uklju\u010duju\u0107i i sebe \u2013 transformirati u drugog, a samim tim i u neprijatelja golog \u017eivota. Borbom protiv tog drugog golog \u017eivota izvanredno stanje stje\u010de novi status. Zbog straha i u ime imperativa sigurnosti, od pojave koronavirusa ljudi su spremni slijediti sve mjere koje propi\u0161u oni koji preuzimaju odgovornost za izvanredno stanje. U tom smjeru, izvanredno se stanje mo\u017ee olako pretvoriti, pogotovo ako dugo traje, u oblik fobokracije, vladavine straha. Bog straha u gr\u010dkoj mitologiji, <em>Fobos<\/em>, uvijek prati <em>Ares<\/em>a, boga rata. U sada\u0161njoj situaciji \u010dini se <em>Fobos<\/em> je pred njim, a borba protiv virusa opravdava i restrikcije ljudskih sloboda. Razne fobije postaju glavne poluge politika straha. U tom smjeru, da bi opisala na\u0161 suvremeni odnos sa slikom, Marie-Jos\u00e9 Mondzain, filozofkinja i direktorica istra\u017eivanja u CNRS-u, predla\u017ee koncept ikonokracije<a name=\"_ftnref56\"><\/a><a href=\"#_ftn56\"><sup>[<span style=\"font-family: 'times new roman', times;\"><strong>56<\/strong><\/span>]<\/sup><\/a>, na\u010dina upravljanja slikama, organizacije vidljivog koja podvrgavanjem pogleda izaziva pod\u010dinjenje. Ikonokracija bi bila svakodnevni i neprestano obnavljani kult vidljivosti, ovisnost o vidljivom za o\u010di koje su postale slijepe za nevidljivo. Da bi bila u\u010dinkovita i mogla se nametnuti kao na\u010din upravljanja, ikonokracija crpi snagu iz dva vrlo razli\u010dita re\u017eima straha: ikonofobije ili straha od slike koja se hrani opasnostima zbog kojih bismo pobjegli, te fonokracije, koja se odnosi na vladavinu putem buke, jer nije isklju\u010deno da se osim slikom mediji koriste i zvukom kao sredstvom kontrole. <\/p>\n<p class=\"MsoNormal\" style=\"line-height: 170%;\">U tom smislu, Frank Furedi u &bdquo;Politici straha&ldquo;<a name=\"_ftnref57\"><\/a><a href=\"#_ftn57\"><sup>[<span style=\"font-family: 'times new roman', times;\"><strong>57<\/strong><\/span>]<\/sup><\/a> prikazuje procese gubitka tradicionalne demokratske kulture koji u javnosti stvaraju osje\u0107aje straha, ravnodu\u0161nosti, nedostatka vizija i utopijskih potencijala politike. Politika je internalizirala kulturu straha, jer politika straha je stara koliko i sam fenomen politike, a strahom su vladale generacije autoritarnih vladara primjenom Machiavellijevog savjeta vladarima kako \u0107e &ldquo;biti sigurniji bude li ih se narod pla\u0161io nego bude li ih volio&rdquo;. Strah se mo\u017ee koristiti u svrhe prisile, terora i za odr\u017eavanje javnog reda i mira. Time \u0161to izaziva zajedni\u010dku reakciju zbog neke prijetnje, on tako\u0111er omogu\u0107ava i postizanje konsenzusa i jedinstva. Danas politika straha ima za cilj posti\u0107i konsenzus i ujediniti ina\u010de razjedinjenu elitu. No, bez obzira na namjere onih koji ga potenciraju, &ldquo;glavni u\u010dinak straha je oja\u010dati ideju kako nema alternative&rdquo;. <\/p>\n<p class=\"MsoNormal\" style=\"line-height: 170%;\"><strong>&nbsp;<\/strong><\/p>\n<p class=\"MsoNormal\" style=\"line-height: 170%;\"><strong>Genealogija politika straha<\/strong><\/p>\n<p class=\"MsoNormal\" style=\"line-height: 170%;\">Ve\u0107 od doba Hobbesa i Machiavellija poznato je da se svaki politi\u010dki poredak temelji na instrumentalizaciji straha, kao jednoj od konstanti politi\u010dke povijesti za pridobivanje pasivnog pristanka masa i javnog mnijenja. Stanovnici modernih, razvijenih zemalja, potaknuti gomilom a\u017euriranih svakodnevnih podataka i brojki koje se odvijaju u repetitivnom narativu koji \u010dini epidemiju jedinstvenim tragi\u010dnim doga\u0111ajem, vratili su se u doba velikih strahova srednjeg vijeka. Odjednom otkriv\u0161i zdravstvenu u\u010dinkovitost restriktivnog i autoritarnog kineskog modela i drugih neliberalnih re\u017eima, zapadne liberalne i nominalno demokratske dr\u017eave podlegle su istinskoj viralnoj i informacijskoj epidemiji koja napada masovne afekte i osje\u0107aje, kako olak\u0161ali &ldquo;gutanje pilule&rdquo; mnogih ograni\u010denja temeljnih sloboda: ograni\u010denja slobode kretanja, slobode okupljanja, karantene itd.<a name=\"_ftnref58\"><\/a><a href=\"#_ftn58\"><sup>[<span style=\"font-family: 'times new roman', times;\"><strong>58<\/strong><\/span>]<\/sup><\/a><\/p>\n<p class=\"MsoNormal\" style=\"line-height: 170%;\">Od po\u010detka 20. stolje\u0107a, H. L. Mencken, novinar, knji\u017eevnik i poznati kriti\u010dar ameri\u010dke kulture, smatrao je da je &ldquo;cilj politike dr\u017eati stanovni\u0161tvo zabrinutim i stoga tra\u017eiti da ga se stavi na sigurno, prijete\u0107i neprekidnim nizom zami\u0161ljenih \u010dudovi\u0161ta&rdquo;<a name=\"_ftnref59\"><\/a><a href=\"#_ftn59\"><sup>[<span style=\"font-family: 'times new roman', times;\"><strong>59<\/strong><\/span>]<\/sup><\/a>. Znanost i politika straha razvijaju ideju da na\u0161e procjene rizika i radnje koje poduzimamo kako bismo se za\u0161titili od njih nisu racionalne, ve\u0107 emocionalne i izazvane su od strane medija i politi\u010dara. Nekoliko sociolo\u0161kih studija poku\u0161alo je procijeniti socijalne implikacije politike straha u upravljanju terorizmom u Sjedinjenim Dr\u017eavama. Primjerice, Kate Nash<a name=\"_ftnref60\"><\/a><a href=\"#_ftn60\"><sup>[<span style=\"font-family: 'times new roman', times;\"><strong>60<\/strong><\/span>]<\/sup><\/a> predstavlja politiku straha i kao protute\u017eu i kao nadopunu onome \u0161to naziva &ldquo;politikom \u017eelje&rdquo; (ona definira \u010detiri modela: plemensku politiku, politiku \u017eelja, politiku straha i politiku sigurnosti). U svojoj knjizi <em>Propaganda<\/em> (1928.) Edward Bernays<a name=\"_ftnref61\"><\/a><a href=\"#_ftn61\"><sup>[<span style=\"font-family: 'times new roman', times;\"><strong>61<\/strong><\/span>]<\/sup><\/a> obja\u0161njava da se kolektivni mentalitet ne vodi mislima ve\u0107 &ldquo;impulsom, navikom ili osje\u0107ajem&rdquo;. Leo Strauss, politi\u010dki filozof, isti\u010de kako je u upravljanju dru\u0161tvom zadatak mudrih odr\u017eavati red, a za postizanje svog cilja mogu se slu\u017eiti &ldquo;plemenitom la\u017ei&rdquo;<a name=\"_ftnref62\"><\/a><a href=\"#_ftn62\"><sup>[<span style=\"font-family: 'times new roman', times;\"><strong>62<\/strong><\/span>]<\/sup><\/a>. Ako se &ldquo;mno\u0161tvo zajedni\u010dkih dobara&rdquo; prepusti individualizmu, liberalizmu i relativizmu, mo\u017ee nastati samo kaos. Mit koji su izmislili vladari slu\u017eit \u0107e za kontrolu ljudi. Izmi\u0161ljanjem ili odr\u017eavanjem &ldquo;vje\u010dnog rata&rdquo; narod se mo\u017ee voditi za svoje dobro. Nadalje, utjecaj neokonzervativaca zapo\u010deo je 1980-ih, kada su savjetovali predsjednika Ronalda Reagana, i tako\u0111er se temeljio na &bdquo;ravnote\u017ei terora&ldquo;, primjenom mita u kojem bi Sjedinjene Dr\u017eave bile predstavnik &bdquo;dobra&ldquo; a SSSR &ldquo;carstvo zla&rdquo;. Nakon 11. rujna George W. Bush koristio se retorikom ve\u0107 kori\u0161tenom tijekom hladnog rata, nazivaju\u0107i Al-Qaedu utjelovljenjem sila zla. Bushova se komunikacija potom okrenula Iraku, politi\u010dkom re\u017eimu opisanom kao \u010dlanom Osovine zla. Tada su se pretpostavljale veze izme\u0111u Al-Qaide i Iraka, ali nisu nikad potvr\u0111ene. Irak je tako\u0111er osumnji\u010den za proizvodnju oru\u017eja za masovno uni\u0161tavanje \u0161to se ispostavilo kao namjerna la\u017e. Noam Chomsky uvjerljivo je pokazao da je precjenjivanje opasnosti koju su predstavljali hladni rat i &ldquo;rat protiv terorizma&rdquo; bilo samo sredstvo za Sjedinjene Dr\u017eave da poku\u0161aju oja\u010dati svoju hegemoniju.<strong> <\/strong>Upravljanje fobijskim strastima kompatibilno je razvoju tr\u017ei\u0161nog poretka &bdquo;kapitalizma zavo\u0111enja&ldquo; koji se temelji na eksploatiranju afekata, emocija i \u017eelja, te njegovom dominacijom nad \u010ditavim dru\u0161tvenim i privatnim \u017eivotom. Takvo &bdquo;globalno upravljanje&rdquo; koje odgovara dobu globalne komodifikacije svijeta pretpostavlja i name\u0107e sveobuhvatno zagu\u0161ivanje i koloniziranje kolektivnog i pojedina\u010dnog imaginarnog svijeta. Stoga, politika straha ni na koji na\u010din ne implicira da postoji stvarna opasnost, a kamoli da nasilna smrt vreba na svakom uglu ulice. Dovoljno je vjerovati da pro\u0161ireno nasilje izra\u017eava latentni rat, op\u0107u nesigurnost kao plodno tlo za izazivanje fobije koja nema potrebu za postojanjem stvarnog predmeta, a dovoljno je da se pojavi medijsko insceniranje i slika prijetnje, opasnosti, i da uzrokuje iste u\u010dinke i isto fobijsko pona\u0161anje kao da su se ta opasnost, opasnost i agresija stvarno dogodile. <\/p>\n<p class=\"MsoNormal\" style=\"line-height: 170%;\">&nbsp;<\/p>\n<p class=\"MsoNormal\" style=\"line-height: 170%;\"><strong>Medijska proizvodnja straha u kontekstu teorije kultiviranja <\/strong><\/p>\n<p class=\"MsoNormal\" style=\"line-height: 170%;\">Naravno iako je sprega izme\u0111u politike, korporativne mo\u0107i i medija danas poznata u obliku &bdquo;medijakracije&ldquo;; smi\u0161ljeno generiranje &bdquo;kolektivnog straha&ldquo; u obliku medijske strategije ili kampanje te\u0161ko je dokazivo. Me\u0111utim, i kada je to slu\u010daj, kada takva informacija iza\u0111e u javnost, za\u010du\u0111uju\u0107e je koliko se zapravo relativizira i prolazi u eteru bez velikih poreme\u0107aja i revolta. Naime, jedan od takvih dokaza o pretjeranom zastra\u0161ivanju gra\u0111ana je i dokument Znanstvenog savjeta za hitne situacija napravljen u suradnji sa Znanstvenom pandemijskom grupom za pona\u0161anje u influenci (SPI-B) u kojem stru\u010dnjaci optu\u017euju britansku vladu Borisa Johnsona za strategije manipulacija koje bi mogle dovesti do trajnih posljedica na mentalno zdravlje stanovnika<a name=\"_ftnref63\"><\/a><a href=\"#_ftn63\"><sup>[<span style=\"font-family: 'times new roman', times;\"><strong>63<\/strong><\/span>]<\/sup><\/a>.U \u010dlanku o analizi koji je objavio Daily Telegraph optu\u017euje se Johnsona i njegove znanstvene savjetnike Chrisa Whittya i Sir Patricka Vallancea za \u0161irenje straha me\u0111u ljudima. Jedan od primjera je i svakodnevno objavljivanje brojki zara\u017eenih, hospitaliziranih i umrlih, \u0161to je, kako navode, izazvalo veliki strah me\u0111u populacijom, te da je britanska vlada svojim postupcima u cilju suzbijanja zaraze stanovni\u0161tvo stavila u stanje anksioznosti.<\/p>\n<p class=\"MsoNormal\" style=\"line-height: 170%;\">Mediji pru\u017eaju tematike straha, odr\u017eavaju strategije fobije radi ve\u0107eg utjecaja na javnost. Prema izvije\u0161\u0107u iz 2016. godine iz tvrtke <em>Influence Communication<\/em> koja je 2016. proglasila godinom straha, gotovo 40% informacija igra na &ldquo;ovu emociju, zaraznu i \u010desto iracionalnu&rdquo; &ldquo;Strah je postao vrlo va\u017ean \u010dimbenik interesa za sve medijske ekosustave&rdquo;, rekao je predsjednik tvrtke <em>Influence Communication,<\/em> Jean-Fran\u00e7ois Dumas. &bdquo;jer strah ne morate obja\u0161njavati, mo\u017eete to osjetiti i to je univerzalno, multikulturalno<a name=\"_ftnref64\"><\/a><a href=\"#_ftn64\"><sup>[<span style=\"font-family: 'times new roman', times;\"><strong>64<\/strong><\/span>]<\/sup><\/a>&rdquo;. Kao \u0161to su demonizacija i etiketiranje sredstva pritiska u politici tako je odabir tematike straha tako\u0111er marketin\u0161ki isplativ i financijski unosan. Iako demonizacija povijesne korijene ima u propagandi, ona je danas uobi\u010dajena. Pitanje konstrukcije stvarnosti ili konstrukcije socijalne zbilje ve\u0107 dugo intrigira istra\u017eiva\u010de i sociologe. Ako jo\u0161 uvijek postoje brojne sumnje i neizvjesnosti oko toga, \u010dini se prihva\u0107enim da se izgradnja stvarnosti ti\u010de procesa u kojem pojedinac aktivno sudjeluje. Temeljno pitanje koje se postavlja oko njega je sljede\u0107e: na temelju kojeg znanja pojedinac uspijeva konstruirati ovu stvarnost? Me\u0111utim uvijek ostaju nedoumice oko na\u010dina na koji pojedinac konstruira &ldquo;svoju&rdquo; stvarnost. W. Lippmann sugerirao je da &ldquo;jedini osje\u0107aj koji netko ima o nekom doga\u0111aju ne duguje iskustvu, ve\u0107 mentalnoj slici koju ima o tom doga\u0111aju&rdquo;. Me\u0111utim takva mentalna mapa doga\u0111aja nam je \u010desto uvjetovana i predo\u010dena od samih medija. Odnosno, na\u0161a mi\u0161ljenja nisu odgovor na svijet oko nas, ve\u0107 je to na\u0161a percepcija svijeta kakav mi vidimo. To je ono \u0161to je nazvao &ldquo;slikama u na\u0161oj glavi&rdquo; koje strukturiraju na\u0161e postupke i osje\u0107aje. <\/p>\n<p class=\"MsoNormal\" style=\"line-height: 170%;\">&nbsp;<\/p>\n<p class=\"MsoNormal\" style=\"line-height: 170%;\"><strong>Viralnost i kultiviranje<\/strong><\/p>\n<p class=\"MsoNormal\" style=\"line-height: 170%;\">Istra\u017eivanja koja istra\u017euju dugoro\u010dne u\u010dinke medija na uvjerenja i percepcije grupirana su pod pojmom &ldquo;teorija kultiviranja&rdquo;. Pojam i hipotezu izvorno je formulirao George Gerbner<a name=\"_ftnref65\"><\/a><a href=\"#_ftn65\"><sup>[<span style=\"font-family: 'times new roman', times;\"><strong>65<\/strong><\/span>]<\/sup><\/a>. Prema ovom istra\u017eiva\u010du, percepcije i uvjerenja o vanjskom svijetu proizlaze iz medijske izlo\u017eenosti. Treba napomenuti da je ovo uglavnom televizija koja unato\u010d munjevitom razvoju i sveprisutnosti interneta i dru\u0161tvenih mre\u017ea ostaje glavni audiovizualni masovni medij u suvremenom dru\u0161tvu. Zapravo, Gerbner televiziju u sjevernoameri\u010dkoj kulturi i dru\u0161tvu smatra posebno mo\u0107nim oru\u017ejem. Teorija kultiviranja smatra da \u0107e televizija, iako nije u izvoru zajedni\u010dke kulture ovu kulturu prigrabiti i \u0161iriti, odr\u017eavati kako bi postala standard. Za Gerbnera<a name=\"_ftnref66\"><\/a><a href=\"#_ftn66\"><sup>[<span style=\"font-family: 'times new roman', times;\"><strong>66<\/strong><\/span>]<\/sup><\/a> slike i poruke koje tvore na\u0161e kulturno okru\u017eenje danas se prenose putem televizije, a ne putem religije ili obrazovanja<a name=\"_ftnref67\"><\/a><a href=\"#_ftn67\"><sup>[<span style=\"font-family: 'times new roman', times;\"><strong>67<\/strong><\/span>]<\/sup><\/a>. Kao rezultat toga, televizija oblikuje na\u0161u percepciju svijeta i prenosi nam brojne vrijednosti i standarde bez na\u0161eg znanja. Gerbner na primjer pokazuje da nasilje na ekranu relativno bezna\u010dajno doprinosi stvarnom nasilju dok s druge strane njeguje osje\u0107aj nesigurnosti i ranjivosti koji dovode do ovisni\u010dkog i pokornog pona\u0161anja. Preciznije, Gerbnerova teorija odnosi se na malu djecu i na &bdquo;te\u0161ke gledatelje&rdquo; koji televiziju konzumiraju nekoliko sati dnevno. Izraz &ldquo;te\u0161ki gledatelji&rdquo; namijenjen je ljudima koji dnevno gledaju televiziju \u010detiri sata ili vi\u0161e. Uz to postoji i izraz &ldquo;laki gledatelji&rdquo; koji predstavlja potro\u0161a\u010de koji na televiziju tro\u0161e manje od dva sata dnevno. Me\u0111utim ve\u0107ina gledatelja izlo\u017eena je virtualnom nasilju na televiziji u jednakoj mjeri, stoga spada pod pojam &ldquo;sindroma srednjeg svijeta&rdquo; ili &ldquo;sindroma velikog lo\u0161eg svijeta&rdquo;. Ovdje bismo mogli primijetiti odre\u0111enu sli\u010dnost s tezom Baudrillarda<a name=\"_ftnref68\"><\/a><a href=\"#_ftn68\"><sup>[<span style=\"font-family: 'times new roman', times;\"><strong>68<\/strong><\/span>]<\/sup><\/a> kada tvrdi da \u017eivimo u svijetu u kojem postoje samo <em>simulakrumi<\/em>. Rije\u010d je o odricanju od izmi\u0161ljotine o postojanju stvarnosti, da bismo priznali da je to samo ime koje dajemo na\u0161im zajedni\u010dkim vjerovanjima. <em>Sada<\/em> stvarno ne postoji, jer ono \u0161to mi smatramo stvarnim ne postoji. Me\u0111utim, za razliku od Gerbnera, ovdje <em>stvarno<\/em> nikada nije bilo vi\u0161e od la\u017enog oblika. Valja napomenuti da je Baudrillardova teza isklju\u010divo filozofska, dok Gerbner, oslanjaju\u0107i se na empirijska istra\u017eivanja, poku\u0161ava pru\u017eiti sociolo\u0161ko obja\u0161njenje kulturnog okru\u017eenja. U op\u0107oj svakodnevnoj informacijskoj kakofoniji vijesti, proturje\u010dnih analiza, statistika, brojki glede virusa COVID-19, kako se ne osvrnuti na jo\u0161 uvijek aktualne teze Jeana Baudrillarda<a name=\"_ftnref69\"><\/a><a href=\"#_ftn69\"><sup>[<span style=\"font-family: 'times new roman', times;\"><strong>69<\/strong><\/span>]<\/sup><\/a>, autora djela <em>Simulacija i zbilja<\/em> ali i filozofa viralnosti koji je predvidio da \u0107e virusno kru\u017eenje digitaliziranih informacija na kraju zamijeniti stvarnost, \u0161to i anticipira \u010dinjenicu da smo u slu\u010daju medijske informacijske hipertrofije glede korona virusa i te kako uronjeni u takvu viralnu stvarnost. U vremenu smo post-istine kada je istina zastarjela kategorija i kada sveprisutni globalni mediji li\u0161eni obveza potrage za istinom te medijska viralnost u informacijskom tretmanu virusa COVID-19, odra\u017eavaju stanje &bdquo;hiperrealnosti&ldquo;. Nije ovdje rije\u010d o la\u017enim informacijama (&bdquo;la\u017enim vijestima&ldquo;) ve\u0107 o neselektiranim, nehijerarhiziranim informacijama koje \u010desto utje\u010du na dono\u0161enje politi\u010dkih sanitarnih mjera i koji odgovaraju na emocije povezane s digitalnim i informacijskim, a ne sa stvarnim svijetom. Viralnost je, ka\u017ee nam Baudrillard, &bdquo;patologija zatvorenih krugova, integriranih krugova, promiskuiteta i lan\u010dane reakcije.&ldquo; Istina je da je COVID-19 eminentno globalni virus koji ujedno i razotkriva imunolo\u0161ku deficijenciju same tehnomorfne globalizacije i globaliziranog dru\u0161tva rizika. Svaka pandemija ima dvije dimenzije: <em>pan<\/em> koji obuhva\u0107a cijelu \u017eivotnu povr\u0161inu zemlje i <em>demos<\/em>, narod, ljude. Jean Baudrillard govori o &bdquo;virusnom gostoprimstvu&ldquo; koje su ljudi na globalnoj razini nesvjesno pru\u017eili nastajanju i \u0161irenju virusa. Globalizirano potro\u0161a\u010dko dru\u0161tvo, kult neograni\u010denog tehnolo\u0161kog napretka, iscrpljivanje prirodnih resursa, globalno zaga\u0111enje kao i genetske manipulacije, \u010dine armature na\u0161eg &bdquo;virusnog gostoprimstva&ldquo; u kojem se danas nastanjuje i mutira korona virus. Dakle, fenomen zaraznog straha sada strukturira i obilje\u017eava na\u0161e na\u010dine postojanja i razmi\u0161ljanja, na\u0161e kulturne i dru\u0161tvene na\u010dine \u017eivljenja.<\/p>\n<p class=\"MsoNormal\" style=\"line-height: 150%;\">&nbsp;<\/p>\n<hr align=\"left\" size=\"1\" width=\"33%\" \/>\n<div id=\"ftn48\">\n<p class=\"MsoNormal\" style=\"line-height: 150%;\"><span style=\"font-size: 8.0pt;\"><a name=\"_ftn48\"><\/a><a href=\"#_ftnref48\"><sup>[<span style=\"font-family: 'times new roman', \ntimes;\"><strong>48<\/strong><\/span>]<\/sup><\/a>&nbsp;<br \/>\nPeter Sloterdijk, <em>Apr\u00e8s nous le d\u00e9luge. Les Temps modernes comme exp\u00e9rience antig\u00e9n\u00e9alogique<\/em>. Payot, Paris 2016<\/p>\n<p><\/span><\/p>\n<\/div>\n<div id=\"ftn49\">\n<p class=\"MsoNormal\" style=\"line-height: 150%;\"><span style=\"font-size: 8.0pt;\"><a name=\"_ftn49\"><\/a><a href=\"#_ftnref49\"><sup>[<span style=\"font-family: 'times new roman', \ntimes;\"><strong>49<\/strong><\/span>]<\/sup><\/a>&nbsp;<br \/>\nDominique Mo\u00efsi, <em>La g\u00e9opolitique de l&rsquo;\u00e9motion <\/em><em>&#8211;<\/em><em>Comment les cultures de peur, d&rsquo;humiliation et d&rsquo;espoir fa\u00e7onnent le monde<\/em>, Nouvelle \u00e9dition revue en \u00a0Flammarion-Champ actuel, Paris 2008.<br \/>\n<\/span><\/p>\n<\/div>\n<div id=\"ftn50\">\n<p class=\"MsoNormal\" style=\"line-height: 150%;\"><span style=\"font-size: 8.0pt;\"><a name=\"_ftn50\"><\/a><a href=\"#_ftnref50\"><sup>[<span style=\"font-family: 'times new roman', \ntimes;\"><strong>50<\/strong><\/span>]<\/sup><\/a>&nbsp;<br \/>\nJean Delumeau, <em>Strah na Zapadu (od XIV do XVIII veka<\/em>), Knji\u017eevna zajednica Novog Sada, Novi Sad 1987<br \/>\n<\/span><\/p>\n<\/div>\n<div id=\"ftn51\">\n<p class=\"MsoNormal\" style=\"line-height: 150%;\"><span style=\"font-size: 8.0pt;\"><a name=\"_ftn51\"><\/a><a href=\"#_ftnref51\"><sup>[<span style=\"font-family: 'times new roman', \ntimes;\"><strong>51<\/strong><\/span>]<\/sup><\/a>&nbsp;<br \/>\n\u010clanak <a href=\"https:\/\/www.lexpress.fr\/actualite\/societe\/sante\/avancer-par-peur_758721.html.\">https:\/\/www.lexpress.fr\/actualite\/societe\/sante\/avancer-par-peur_758721.html.<\/a> U listu L&rsquo;Express, 6.05.2009.<\/p>\n<p><\/span><\/p>\n<\/div>\n<div id=\"ftn52\">\n<p class=\"MsoNormal\" style=\"line-height: 150%;\"><span style=\"font-size: 8.0pt;\"><a name=\"_ftn52\"><\/a><a href=\"#_ftnref52\"><sup>[<span style=\"font-family: 'times new roman', \ntimes;\"><strong>52<\/strong><\/span>]<\/sup><\/a>&nbsp;<br \/>\nFuredi, Frank, <em>Politika straha : s onu stranu ljevice i desnice<\/em>, Izdanja Antibarbarus, Zagreb 2008.<\/p>\n<p><\/span><\/p>\n<\/div>\n<div id=\"ftn53\">\n<p class=\"MsoNormal\" style=\"line-height: 150%;\"><span style=\"font-size: 8.0pt;\"><a name=\"_ftn53\"><\/a><a href=\"#_ftnref53\"><sup>[<span style=\"font-family: 'times new roman', \ntimes;\"><strong>53<\/strong><\/span>]<\/sup><\/a>&nbsp;<br \/>\nGlassner, Barry, The Culture of Fear: Why Americans are Afraid of the Wrong Things.: Basic Books, New York 2009. <\/p>\n<p><\/span><\/p>\n<\/div>\n<div id=\"ftn54\">\n<p class=\"MsoNormal\" style=\"line-height: 150%;\"><span style=\"font-size: 8.0pt;\"><a name=\"_ftn54\"><\/a><a href=\"#_ftnref54\"><sup>[<span style=\"font-family: 'times new roman', \ntimes;\"><strong>54<\/strong><\/span>]<\/sup><\/a>&nbsp;<br \/>\nMiguel de Unamuno, <em>Le sentiment tragique de la vie<\/em>, Gallimard, Paris, 1997.<\/p>\n<p><\/span><\/p>\n<\/div>\n<div id=\"ftn55\">\n<p class=\"MsoNormal\" style=\"line-height: 150%;\"><span style=\"font-size: 8.0pt;\"><a name=\"_ftn55\"><\/a><a href=\"#_ftnref55\"><sup>[<span style=\"font-family: 'times new roman', \ntimes;\"><strong>55<\/strong><\/span>]<\/sup><\/a>&nbsp;<br \/>\nGiorgio Agamben, Homo Sacer: suverena mo\u0107 i goli \u017eivot Multimedijalni institut, Zagreb 2006.<\/p>\n<p><\/span><\/p>\n<\/div>\n<div id=\"ftn56\">\n<p class=\"MsoNormal\" style=\"line-height: 150%;\"><span style=\"font-size: 8.0pt;\"><a name=\"_ftn56\"><\/a><a href=\"#_ftnref56\"><sup>[<span style=\"font-family: 'times new roman', \ntimes;\"><strong>56<\/strong><\/span>]<\/sup><\/a>&nbsp;<br \/>\nMarie-Jos\u00e9 Mondzain, Homo Spectator: Bayard, Paris 2007<\/p>\n<p><\/span><\/p>\n<\/div>\n<div id=\"ftn57\">\n<p class=\"MsoNormal\" style=\"line-height: 150%;\"><span style=\"font-size: 8.0pt;\"><a name=\"_ftn57\"><\/a><a href=\"#_ftnref57\"><sup>[<span style=\"font-family: 'times new roman', \ntimes;\"><strong>57<\/strong><\/span>]<\/sup><\/a>&nbsp;<br \/>\nIbid.<\/p>\n<p><\/span><\/p>\n<\/div>\n<div id=\"ftn58\">\n<p class=\"MsoNormal\" style=\"line-height: 150%;\"><span style=\"font-size: 8.0pt;\"><a name=\"_ftn58\"><\/a><a href=\"#_ftnref58\"><sup>[<span style=\"font-family: 'times new roman', \ntimes;\"><strong>58<\/strong><\/span>]<\/sup><\/a>&nbsp;<br \/>\n\u010clanak https:\/\/blog.vecernji.hr\/jure-vujic\/baudrillard-i-viralno-doba-korone-11936- blog.vecernji.hr<\/p>\n<p><\/span><\/p>\n<\/div>\n<div id=\"ftn59\">\n<p class=\"MsoNormal\" style=\"line-height: 150%;\"><span style=\"font-size: 8.0pt;\"><a name=\"_ftn59\"><\/a><a href=\"#_ftnref59\"><sup>[<span style=\"font-family: 'times new roman', \ntimes;\"><strong>59<\/strong><\/span>]<\/sup><\/a>&nbsp;<br \/>\nGardner, Dan,\u00a0 <em>Risk The Science and Politics of Fear<\/em>, Ebury Publishing, 2009.<\/p>\n<p><\/span><\/p>\n<\/div>\n<div id=\"ftn60\">\n<p class=\"MsoNormal\" style=\"line-height: 150%;\"><span style=\"font-size: 8.0pt;\"><a name=\"_ftn60\"><\/a><a href=\"#_ftnref60\"><sup>[<span style=\"font-family: 'times new roman', \ntimes;\"><strong>60<\/strong><\/span>]<\/sup><\/a>&nbsp;<br \/>\nKate Nash,\u00a0 <em>Contemporary political sociology<\/em>, Wiley 2000.<\/p>\n<p><\/span><\/p>\n<\/div>\n<div id=\"ftn61\">\n<p class=\"MsoNormal\" style=\"line-height: 150%;\"><span style=\"font-size: 8.0pt;\"><a name=\"_ftn61\"><\/a><a href=\"#_ftnref61\"><sup>[<span style=\"font-family: 'times new roman', \ntimes;\"><strong>61<\/strong><\/span>]<\/sup><\/a>&nbsp;<br \/>\nEdward Bernays, <em>Propaganda<\/em>, Horace Liveright, New York 1928<\/p>\n<p><\/span><\/p>\n<\/div>\n<div id=\"ftn62\">\n<p class=\"MsoNormal\" style=\"line-height: 150%;\"><span style=\"font-size: 8.0pt;\"><a name=\"_ftn62\"><\/a><a href=\"#_ftnref62\"><sup>[<span style=\"font-family: 'times new roman', \ntimes;\"><strong>62<\/strong><\/span>]<\/sup><\/a>&nbsp;<br \/>\nLeo Strauss, <em>The City and Man<\/em>.\u00a0 Rand McNally, Chicago 1964.<\/p>\n<p><\/span><\/p>\n<\/div>\n<div id=\"ftn63\">\n<p class=\"MsoNormal\" style=\"line-height: 150%;\"><span style=\"font-size: 8.0pt;\"><a name=\"_ftn63\"><\/a><a href=\"#_ftnref63\"><sup>[<span style=\"font-family: 'times new roman', \ntimes;\"><strong>63<\/strong><\/span>]<\/sup><\/a>&nbsp;<br \/>\n\u010clanak Ve\u010dernji list:\u00a0 <a href=\"https:\/\/www.vecernji.hr\/vijesti\/britanski-strucnjaci-opleli-po-johnsonu-vlada-je-namjerno-izazvala-paniku-uoci-locdowna-evo-kojim-su-se-metodama-sluzili-1481792\">https:\/\/www.vecernji.hr\/vijesti\/britanski-strucnjaci-opleli-po-johnsonu-vlada-je-namjerno-izazvala-paniku-uoci-locdowna-evo-kojim-su-se-metodama-sluzili-1481792<\/a><\/p>\n<p><\/span><\/p>\n<\/div>\n<div id=\"ftn64\">\n<p class=\"MsoNormal\" style=\"line-height: 150%;\"><span style=\"font-size: 8.0pt;\"><a name=\"_ftn64\"><\/a><a href=\"#_ftnref64\"><sup>[<span style=\"font-family: 'times new roman', \ntimes;\"><strong>64<\/strong><\/span>]<\/sup><\/a>&nbsp;<br \/>\n\u010clanak <a href=\"https:\/\/journalmetro.com\/actualites\/national\/1064615\/2016-annee-de-la-peur-selon-influence-communication\/\">https:\/\/journalmetro.com\/actualites\/national\/1064615\/2016-annee-de-la-peur-selon-influence-communication\/.<\/a><\/p>\n<p><\/span><\/p>\n<\/div>\n<div id=\"ftn65\">\n<p class=\"MsoNormal\" style=\"line-height: 150%;\"><span style=\"font-size: 8.0pt;\"><a name=\"_ftn65\"><\/a><a href=\"#_ftnref65\"><sup>[<span style=\"font-family: 'times new roman', \ntimes;\"><strong>65<\/strong><\/span>]<\/sup><\/a>&nbsp;<br \/>\nGeorge Gerbner, <em>Against the Mainstream: The Selected Works of George Gerbner<\/em>,, Michael Morgan, <em>New York: Peter Lang<\/em>, 2002.<br \/>\n<\/span><\/p>\n<\/div>\n<div id=\"ftn66\">\n<p class=\"MsoNormal\" style=\"line-height: 150%;\"><span style=\"font-size: 8.0pt;\"><a name=\"_ftn66\"><\/a><a href=\"#_ftnref66\"><sup>[<span style=\"font-family: 'times new roman', \ntimes;\"><strong>66<\/strong><\/span>]<\/sup><\/a>&nbsp;<br \/>\nTA. Van Dijk, ed.,<em> Mass Media Discourse: Message System Analysis as a Component of Cultural Indicators, <\/em>in <em>Discourse and Communication<\/em>, Walter de Gruyter, New York-Berlin 1985., str.13-25<br \/>\n<\/span><\/p>\n<\/div>\n<div id=\"ftn67\">\n<p class=\"MsoNormal\" style=\"line-height: 150%;\"><span style=\"font-size: 8.0pt;\"><a name=\"_ftn67\"><\/a><a href=\"#_ftnref67\"><sup>[<span style=\"font-family: 'times new roman', \ntimes;\"><strong>67<\/strong><\/span>]<\/sup><\/a>&nbsp;<br \/>\nMichael Morgan and Nancy Signorielli<em>. Living with Television: The Dynamics of the Cultivation Process, Perspectives on Media Effects<\/em>, edited by J. Bryant and D. Zillmann. Hillsdale, NJ: Lawrence Erlbaum Associates. S2CID&nbsp;53682668 (2007), str. 17.40<br \/>\n<\/span><\/p>\n<\/div>\n<div id=\"ftn68\">\n<p class=\"MsoNormal\" style=\"line-height: 150%;\"><span style=\"font-size: 8.0pt;\"><a name=\"_ftn68\"><\/a><a href=\"#_ftnref68\"><sup>[<span style=\"font-family: 'times new roman', \ntimes;\"><strong>68<\/strong><\/span>]<\/sup><\/a>&nbsp;<br \/>\nJean Baudrillard, <em>Simulacres et simulation, <\/em>Galil\u00e9e, Paris, 1981<br \/>\n<\/span><\/p>\n<\/div>\n<div id=\"ftn69\">\n<p class=\"MsoNormal\" style=\"line-height: 150%;\"><span style=\"font-size: 8.0pt;\"><a name=\"_ftn69\"><\/a><a href=\"#_ftnref69\"><sup>[<span style=\"font-family: 'times new roman', \ntimes;\"><strong>69<\/strong><\/span>]<\/sup><\/a>&nbsp;<br \/>\n\u010clanak <a href=\"https:\/\/blog.vecernji.hr\/jure-vujic\/baudrillard-i-viralno-doba-korone-11936\">https:\/\/blog.vecernji.hr\/jure-vujic\/baudrillard-i-viralno-doba-korone-11936<\/a> &#8211; blog.vecernji.hr<br \/>\n<\/span><\/p>\n<\/div>\n<p class=\"MsoNormal\" style=\"line-height: 150%;\">&nbsp;<\/p>\n<p class=\"MsoNormal\" style=\"line-height: 170%;\"><strong>Literatura:<\/strong><\/p>\n<p class=\"MsoNormal\" style=\"line-height: 170%;\">Agamben, Giorgio, Homo Sacer: suverena mo\u0107 i goli \u017eivot Multimedijalni institut, Zagreb 2006.<\/p>\n<p class=\"MsoNormal\" style=\"line-height: 170%;\">Baudrillard, Jean, <em>Simulacres et simulation, <\/em>Galil\u00e9e, Paris 1981.<\/p>\n<p class=\"MsoNormal\" style=\"line-height: 170%;\">Bernays, Edward, <em>Propaganda, <\/em>Horace Liveright, New York 1928<\/p>\n<p class=\"MsoNormal\" style=\"line-height: 170%;\">Delumeau, Jean, <em>Strah na Zapadu (od XIV do XVIII veka): opsednuti grad, Greh i strah: stvaranje ose\u0107anja krivice na Zapadu (od XIV do XVIII veka<\/em>), Knji\u017eevna zajednica Novog Sada, Novi Sad 1987.<\/p>\n<p class=\"MsoNormal\" style=\"line-height: 170%;\">Furedi, Frank, <em>Politika straha: s onu stranu ljevice i desnice<\/em>, Izdanja Antibarbarus, Zagreb 2008.<\/p>\n<p class=\"MsoNormal\" style=\"line-height: 170%;\">Gardner, Dan, <em>Risk The Science and Politics of Fear<\/em>, Gerbner, George, <em>Against the Mainstream: The Selected Works of George Gerbner<\/em>, Michael Morgan, Peter Lang, New York 2002.<\/p>\n<p class=\"MsoNormal\" style=\"line-height: 170%;\">Glassner, Barry, The Culture of Fear: Why Americans are Afraid of the Wrong Things.: Basic Books, New York 2009. <\/p>\n<p class=\"MsoNormal\" style=\"line-height: 170%;\">Mo\u00efsi, Dominique, <em>La g\u00e9opolitique de l&rsquo;\u00e9motion -Comment les cultures de peur, d&rsquo;humiliation et d&rsquo;espoir fa\u00e7onnent le monde<\/em>, Nouvelle \u00e9dition revue en Flammarion, Champ actuel, Paris 2008. <\/p>\n<p class=\"MsoNormal\" style=\"line-height: 170%;\">Mondzain, Marie-Jose, <em>Homo<\/em> <em>Spectator<\/em>. Bayard, Paris 2007<\/p>\n<p class=\"MsoNormal\" style=\"line-height: 170%;\">Nash, Kate, <em>Contemporary political sociology<\/em>, Wiley 2000.<\/p>\n<p class=\"MsoNormal\" style=\"line-height: 170%;\">Sloterdijk, Peter<em>, Apr\u00e8s nous le d\u00e9luge. Les Temps modernes comme exp\u00e9rience antig\u00e9n\u00e9alogique.<\/em> Payot, Paris 2016.<\/p>\n<p class=\"MsoNormal\" style=\"line-height: 170%;\">Strauss, Leo, <em>The City and Man<\/em>.\u00a0 Rand McNally, Chicago 1964.<\/p>\n<p class=\"MsoNormal\" style=\"line-height: 170%;\">De Unamuno, Miguel, <em>Le sentiment tragique de la vie<\/em>, Gallimard, Paris, 1997.<\/p>\n<p class=\"MsoNormal\" style=\"line-height: 170%;\">&nbsp;<\/p>\n<p class=\"MsoNormal\" style=\"line-height: 170%;\"><strong>\u010clanci: <\/strong><\/p>\n<p class=\"MsoNormal\" style=\"line-height: 170%;\">Attali, Jacques, <em>Avancer par peur<\/em>, L&rsquo;Express, 06\/05\/2009. https:\/\/www.lexpress.fr\/actualite\/societe\/sante\/avancer-par-peur_758721.html. u listu L&rsquo;Express, 6.05.2009.<\/p>\n<p class=\"MsoNormal\" style=\"line-height: 170%;\"><em>(\u2026) Britanski stru\u010dnjaci opleli po Johnsonu: Posijan je strah uo\u010di lockdowna, slu\u017eio se opasnim metodama<\/em>, Ve\u010dernji list, 4.travnja 2021, Ve\u010dernji list, izbor, https:\/\/www.vecernji.hr\/vijesti\/britanski-strucnjaci-opleli-po-johnsonu-vlada-je-namjerno-izazvala-paniku-uoci-locdowna-evo-kojim-su-se-metodama-sluzili-1481792<\/p>\n<p class=\"MsoNormal\" style=\"line-height: 170%;\">Cipriani, Jean-Philippe, <em>2016, annee de la peur selon influence communication<\/em> La Presse canadienne, objavljeno na portalu Metro, 14 d\u00e9cembre 2016, https:\/\/journalmetro.com\/actualites\/national\/1064615\/2016-annee-de-la-peur-selon-influence-communication\/<\/p>\n<p class=\"MsoNormal\" style=\"line-height: 170%;\">Van Dijk, T, <em>Mass Media Discourse: Message System Analysis as a Component of Cultural Indicators, <\/em>in <em>Discourse and Communication<\/em>, 1985., New York: Walter de Gruyter Berlin, str.. 13\u201325.<\/p>\n<p class=\"MsoNormal\" style=\"line-height: 170%;\">Morgan, Michael I Signorielli, Nancy, <em>Living with Television: The Dynamics of the Cultivation Process<\/em>,. str. 17\u201340 in <em>Perspectives on Media Effects<\/em>, edited by J. Bryant and D. Zillmann. Hillsdale, NJ: Lawrence Erlbaum Associates. S2CID&nbsp;53682668 ( 2007), str 17-40<\/p>\n<p class=\"MsoNormal\" style=\"line-height: 170%;\">Vuji\u0107, Jure, <em>Baudrillard i viralno doba korone<\/em>, Globalni semafor, Ve\u010dernji list, 10. 09. 2020. https:\/\/blog.vecernji.hr\/jure-vujic\/baudrillard-i-viralno-doba-korone-11936 &#8211; blog.vecernji.hr<\/p>\n<p class=\"MsoNormal\" style=\"line-height: 170%;\">Vuji\u0107, Jure, <em>Kultura straha i fobokracija<\/em>, Vijenac broj 682, travanj 2020. Izvor: https:\/\/www.matica.hr\/vijenac\/682\/kultura-straha-i-nova-fobokracija-30274\/<\/p>\n<p class=\"MsoNormal\" style=\"line-height: 150%;\">&nbsp;<\/p>\n<p style=\"text-align: center;\" align=\"center\"><strong> <span style=\"font-size: 13.0pt; line-height: 150%;\">Simulation of Collective Anxiety and Media <br \/>\nPhobo\u2013strategy of Fear Politics<\/span><\/strong><\/p>\n<p class=\"MsoNormal\" style=\"line-height: 150%;\">&nbsp;<\/p>\n<p style=\"margin: 0cm 48.6pt 0.0001pt 54pt; line-height: 170%;\"><em><strong>Abstract<\/strong><\/em><\/p>\n<p class=\"MsoBodyText\" style=\"margin-top: 0cm; margin-right: 48.6pt; margin-bottom: .0001pt; margin-left: 54.0pt; line-height: 150%;\"><span style=\"font-size: 12.0pt; line-height: 150%; font-family: 'Times New Roman';\" lang=\"SR\">&nbsp;<\/span><\/p>\n<p class=\"MsoBodyText\" style=\"margin-top: 0cm; margin-right: 48.6pt; margin-bottom: .0001pt; margin-left: 54.0pt; line-height: 170%;\"><em>Real &#8211; time media reporting, accompanied by expert analysis of the spread of the infection on a global and micro level, contributes to the escalation of the social atmosphere of collective anxiety and psychosis. In this direction, pandemics of collective psychosis and fear always precede the introduction of totalitarian measures and create preconditions for bio &#8211; political and medical rule, strengthening of extraordinary control measures. Viral insinuation, mimicry of reactions, dissemination of viral fear, are integral phenomena of diffuse social &#8211; media violence that transforms the reality of panic &#8211; fear into phantasmagoric and often simulating collective anxiety. Today\u2019s print, audiovisual and numerical media use consensually and skillfully leverage the marketing of fear. In this respect, the journalist (along with the arms dealer, politician and antidepressant manufacturer) is one of the few professions that trades in fear and panic. The media has become a powerful weapon of traditional fear politics that instrumentalizes the collective fear of the population to extort passive consent to the application of extraordinary measures that restrict fundamental individual civil liberties.<\/em><\/p>\n<p class=\"MsoBodyText\" style=\"margin-top: 0cm; margin-right: 48.6pt; margin-bottom: .0001pt; margin-left: 54.0pt; line-height: 170%;\">&nbsp;<\/p>\n<p style=\"margin: 0cm 48.6pt 0.0001pt 54pt; line-height: 170%;\"><strong><em>Key words:<\/em><\/strong> <em> viral, fear, society, politics, media, bio-politics.<\/em><\/p>\n<p class=\"MsoNormal\" style=\"line-height: 150%;\"><span lang=\"SR\">&nbsp;<\/span><\/p>\n","protected":false},"excerpt":{"rendered":"<p>&nbsp; &nbsp; &nbsp;10(19)#18 2021 \u010casopis je otvorenog pristupa, a ovo djelo je dano na kori\u0161tenje pod licencom Creative Commons Imenovanje-Nekomercijalno 4.0 me\u0111unarodna. DOI 10.46640\/imr.10.19.6 UDK 32:616.891.6-044.86 Prethodno priop\u0107enje Preliminary communication Primljeno: 7.3.2021. &nbsp; &nbsp; Jure Vuji\u0107 Institut za geopolitiku i strate\u0161ka istra\u017eivanja, Zagreb, Hrvatska geotekst@gmail.com Simulacija kolektivne tjeskobe i medijske fobo\u2013strategije politike straha Puni tekst: [&hellip;]<\/p>\n","protected":false},"author":2,"featured_media":380,"comment_status":"open","ping_status":"open","sticky":false,"template":"","format":"standard","meta":{"_acf_changed":false,"_et_pb_use_builder":"","_et_pb_old_content":"","_et_gb_content_width":"","footnotes":""},"categories":[91],"tags":[694],"class_list":["post-384","post","type-post","status-publish","format-standard","has-post-thumbnail","hentry","category-in-medias-res-broj-19-vlasiti-url","tag-jure-vujic-simulacija-kolektivne-tjeskobe-i-medijske-fobo-strategije-politike-straha","et-has-post-format-content","et_post_format-et-post-format-standard"],"acf":[],"yoast_head":"<!-- This site is optimized with the Yoast SEO plugin v27.4 - https:\/\/yoast.com\/product\/yoast-seo-wordpress\/ -->\n<title>Jure Vuji\u0107: Simulacija kolektivne tjeskobe i medijske fobo\u2013strategije politike straha - In Medias Res - \u010casopis centra za filozofiju medija<\/title>\n<meta name=\"robots\" content=\"index, follow, max-snippet:-1, max-image-preview:large, max-video-preview:-1\" \/>\n<link rel=\"canonical\" href=\"https:\/\/centar-fm.org\/inmediasres\/index.php\/jure-vujic-simulacija-kolektivne-tjeskobe-i-medijske-fobo-strategije-politike-straha\/\" \/>\n<meta property=\"og:locale\" content=\"en_US\" \/>\n<meta property=\"og:type\" content=\"article\" \/>\n<meta property=\"og:title\" content=\"Jure Vuji\u0107: Simulacija kolektivne tjeskobe i medijske fobo\u2013strategije politike straha - In Medias Res - \u010casopis centra za filozofiju medija\" \/>\n<meta property=\"og:description\" content=\"&nbsp; &nbsp; &nbsp;10(19)#18 2021 \u010casopis je otvorenog pristupa, a ovo djelo je dano na kori\u0161tenje pod licencom Creative Commons Imenovanje-Nekomercijalno 4.0 me\u0111unarodna. DOI 10.46640\/imr.10.19.6 UDK 32:616.891.6-044.86 Prethodno priop\u0107enje Preliminary communication Primljeno: 7.3.2021. &nbsp; &nbsp; Jure Vuji\u0107 Institut za geopolitiku i strate\u0161ka istra\u017eivanja, Zagreb, Hrvatska geotekst@gmail.com Simulacija kolektivne tjeskobe i medijske fobo\u2013strategije politike straha Puni tekst: [&hellip;]\" \/>\n<meta property=\"og:url\" content=\"https:\/\/centar-fm.org\/inmediasres\/index.php\/jure-vujic-simulacija-kolektivne-tjeskobe-i-medijske-fobo-strategije-politike-straha\/\" \/>\n<meta property=\"og:site_name\" content=\"In Medias Res - \u010casopis centra za filozofiju medija\" \/>\n<meta property=\"article:published_time\" content=\"2021-09-13T11:02:50+00:00\" \/>\n<meta property=\"og:image\" content=\"https:\/\/centar-fm.org\/inmediasres\/wp-content\/uploads\/sites\/2\/2021\/09\/inmediasresno1malo19.png\" \/>\n\t<meta property=\"og:image:width\" content=\"70\" \/>\n\t<meta property=\"og:image:height\" content=\"103\" \/>\n\t<meta property=\"og:image:type\" content=\"image\/png\" \/>\n<meta name=\"author\" content=\"Super User\" \/>\n<meta name=\"twitter:card\" content=\"summary_large_image\" \/>\n<meta name=\"twitter:label1\" content=\"Written by\" \/>\n\t<meta name=\"twitter:data1\" content=\"Super User\" \/>\n\t<meta name=\"twitter:label2\" content=\"Est. reading time\" \/>\n\t<meta name=\"twitter:data2\" content=\"22 minutes\" \/>\n<script type=\"application\/ld+json\" class=\"yoast-schema-graph\">{\"@context\":\"https:\\\/\\\/schema.org\",\"@graph\":[{\"@type\":\"Article\",\"@id\":\"https:\\\/\\\/centar-fm.org\\\/inmediasres\\\/index.php\\\/jure-vujic-simulacija-kolektivne-tjeskobe-i-medijske-fobo-strategije-politike-straha\\\/#article\",\"isPartOf\":{\"@id\":\"https:\\\/\\\/centar-fm.org\\\/inmediasres\\\/index.php\\\/jure-vujic-simulacija-kolektivne-tjeskobe-i-medijske-fobo-strategije-politike-straha\\\/\"},\"author\":{\"name\":\"Super User\",\"@id\":\"https:\\\/\\\/centar-fm.org\\\/inmediasres\\\/#\\\/schema\\\/person\\\/ae49dcc23965665608f66120db8245a4\"},\"headline\":\"Jure Vuji\u0107: Simulacija kolektivne tjeskobe i medijske fobo\u2013strategije politike straha\",\"datePublished\":\"2021-09-13T11:02:50+00:00\",\"mainEntityOfPage\":{\"@id\":\"https:\\\/\\\/centar-fm.org\\\/inmediasres\\\/index.php\\\/jure-vujic-simulacija-kolektivne-tjeskobe-i-medijske-fobo-strategije-politike-straha\\\/\"},\"wordCount\":4411,\"commentCount\":0,\"image\":{\"@id\":\"https:\\\/\\\/centar-fm.org\\\/inmediasres\\\/index.php\\\/jure-vujic-simulacija-kolektivne-tjeskobe-i-medijske-fobo-strategije-politike-straha\\\/#primaryimage\"},\"thumbnailUrl\":\"https:\\\/\\\/centar-fm.org\\\/inmediasres\\\/wp-content\\\/uploads\\\/sites\\\/2\\\/2021\\\/09\\\/inmediasresno1malo19.png\",\"keywords\":[\"Jure Vuji\u0107: Simulacija kolektivne tjeskobe i medijske fobo\u2013strategije politike straha\"],\"articleSection\":[\"In Medias Res broj 19 vlasiti url\"],\"inLanguage\":\"en-US\",\"potentialAction\":[{\"@type\":\"CommentAction\",\"name\":\"Comment\",\"target\":[\"https:\\\/\\\/centar-fm.org\\\/inmediasres\\\/index.php\\\/jure-vujic-simulacija-kolektivne-tjeskobe-i-medijske-fobo-strategije-politike-straha\\\/#respond\"]}]},{\"@type\":\"WebPage\",\"@id\":\"https:\\\/\\\/centar-fm.org\\\/inmediasres\\\/index.php\\\/jure-vujic-simulacija-kolektivne-tjeskobe-i-medijske-fobo-strategije-politike-straha\\\/\",\"url\":\"https:\\\/\\\/centar-fm.org\\\/inmediasres\\\/index.php\\\/jure-vujic-simulacija-kolektivne-tjeskobe-i-medijske-fobo-strategije-politike-straha\\\/\",\"name\":\"Jure Vuji\u0107: Simulacija kolektivne tjeskobe i medijske fobo\u2013strategije politike straha - In Medias Res - \u010casopis centra za filozofiju medija\",\"isPartOf\":{\"@id\":\"https:\\\/\\\/centar-fm.org\\\/inmediasres\\\/#website\"},\"primaryImageOfPage\":{\"@id\":\"https:\\\/\\\/centar-fm.org\\\/inmediasres\\\/index.php\\\/jure-vujic-simulacija-kolektivne-tjeskobe-i-medijske-fobo-strategije-politike-straha\\\/#primaryimage\"},\"image\":{\"@id\":\"https:\\\/\\\/centar-fm.org\\\/inmediasres\\\/index.php\\\/jure-vujic-simulacija-kolektivne-tjeskobe-i-medijske-fobo-strategije-politike-straha\\\/#primaryimage\"},\"thumbnailUrl\":\"https:\\\/\\\/centar-fm.org\\\/inmediasres\\\/wp-content\\\/uploads\\\/sites\\\/2\\\/2021\\\/09\\\/inmediasresno1malo19.png\",\"datePublished\":\"2021-09-13T11:02:50+00:00\",\"author\":{\"@id\":\"https:\\\/\\\/centar-fm.org\\\/inmediasres\\\/#\\\/schema\\\/person\\\/ae49dcc23965665608f66120db8245a4\"},\"breadcrumb\":{\"@id\":\"https:\\\/\\\/centar-fm.org\\\/inmediasres\\\/index.php\\\/jure-vujic-simulacija-kolektivne-tjeskobe-i-medijske-fobo-strategije-politike-straha\\\/#breadcrumb\"},\"inLanguage\":\"en-US\",\"potentialAction\":[{\"@type\":\"ReadAction\",\"target\":[\"https:\\\/\\\/centar-fm.org\\\/inmediasres\\\/index.php\\\/jure-vujic-simulacija-kolektivne-tjeskobe-i-medijske-fobo-strategije-politike-straha\\\/\"]}]},{\"@type\":\"ImageObject\",\"inLanguage\":\"en-US\",\"@id\":\"https:\\\/\\\/centar-fm.org\\\/inmediasres\\\/index.php\\\/jure-vujic-simulacija-kolektivne-tjeskobe-i-medijske-fobo-strategije-politike-straha\\\/#primaryimage\",\"url\":\"https:\\\/\\\/centar-fm.org\\\/inmediasres\\\/wp-content\\\/uploads\\\/sites\\\/2\\\/2021\\\/09\\\/inmediasresno1malo19.png\",\"contentUrl\":\"https:\\\/\\\/centar-fm.org\\\/inmediasres\\\/wp-content\\\/uploads\\\/sites\\\/2\\\/2021\\\/09\\\/inmediasresno1malo19.png\",\"width\":70,\"height\":103,\"caption\":\"inmediasres\"},{\"@type\":\"BreadcrumbList\",\"@id\":\"https:\\\/\\\/centar-fm.org\\\/inmediasres\\\/index.php\\\/jure-vujic-simulacija-kolektivne-tjeskobe-i-medijske-fobo-strategije-politike-straha\\\/#breadcrumb\",\"itemListElement\":[{\"@type\":\"ListItem\",\"position\":1,\"name\":\"Po\u010detna stranica\",\"item\":\"https:\\\/\\\/centar-fm.org\\\/inmediasres\\\/\"},{\"@type\":\"ListItem\",\"position\":2,\"name\":\"Jure Vuji\u0107: Simulacija kolektivne tjeskobe i medijske fobo\u2013strategije politike straha\"}]},{\"@type\":\"WebSite\",\"@id\":\"https:\\\/\\\/centar-fm.org\\\/inmediasres\\\/#website\",\"url\":\"https:\\\/\\\/centar-fm.org\\\/inmediasres\\\/\",\"name\":\"In Medias Res - \u010casopis centra za filozofiju medija\",\"description\":\"\",\"potentialAction\":[{\"@type\":\"SearchAction\",\"target\":{\"@type\":\"EntryPoint\",\"urlTemplate\":\"https:\\\/\\\/centar-fm.org\\\/inmediasres\\\/?s={search_term_string}\"},\"query-input\":{\"@type\":\"PropertyValueSpecification\",\"valueRequired\":true,\"valueName\":\"search_term_string\"}}],\"inLanguage\":\"en-US\"},{\"@type\":\"Person\",\"@id\":\"https:\\\/\\\/centar-fm.org\\\/inmediasres\\\/#\\\/schema\\\/person\\\/ae49dcc23965665608f66120db8245a4\",\"name\":\"Super User\",\"image\":{\"@type\":\"ImageObject\",\"inLanguage\":\"en-US\",\"@id\":\"https:\\\/\\\/secure.gravatar.com\\\/avatar\\\/5ac3fc5ccca7755fa3f558fed4a39be2232c6585e68bd398c790d57375dde921?s=96&d=mm&r=g\",\"url\":\"https:\\\/\\\/secure.gravatar.com\\\/avatar\\\/5ac3fc5ccca7755fa3f558fed4a39be2232c6585e68bd398c790d57375dde921?s=96&d=mm&r=g\",\"contentUrl\":\"https:\\\/\\\/secure.gravatar.com\\\/avatar\\\/5ac3fc5ccca7755fa3f558fed4a39be2232c6585e68bd398c790d57375dde921?s=96&d=mm&r=g\",\"caption\":\"Super User\"},\"url\":\"https:\\\/\\\/centar-fm.org\\\/inmediasres\\\/index.php\\\/author\\\/amynovcfmweb\\\/\"}]}<\/script>\n<!-- \/ Yoast SEO plugin. -->","yoast_head_json":{"title":"Jure Vuji\u0107: Simulacija kolektivne tjeskobe i medijske fobo\u2013strategije politike straha - In Medias Res - \u010casopis centra za filozofiju medija","robots":{"index":"index","follow":"follow","max-snippet":"max-snippet:-1","max-image-preview":"max-image-preview:large","max-video-preview":"max-video-preview:-1"},"canonical":"https:\/\/centar-fm.org\/inmediasres\/index.php\/jure-vujic-simulacija-kolektivne-tjeskobe-i-medijske-fobo-strategije-politike-straha\/","og_locale":"en_US","og_type":"article","og_title":"Jure Vuji\u0107: Simulacija kolektivne tjeskobe i medijske fobo\u2013strategije politike straha - In Medias Res - \u010casopis centra za filozofiju medija","og_description":"&nbsp; &nbsp; &nbsp;10(19)#18 2021 \u010casopis je otvorenog pristupa, a ovo djelo je dano na kori\u0161tenje pod licencom Creative Commons Imenovanje-Nekomercijalno 4.0 me\u0111unarodna. DOI 10.46640\/imr.10.19.6 UDK 32:616.891.6-044.86 Prethodno priop\u0107enje Preliminary communication Primljeno: 7.3.2021. &nbsp; &nbsp; Jure Vuji\u0107 Institut za geopolitiku i strate\u0161ka istra\u017eivanja, Zagreb, Hrvatska geotekst@gmail.com Simulacija kolektivne tjeskobe i medijske fobo\u2013strategije politike straha Puni tekst: [&hellip;]","og_url":"https:\/\/centar-fm.org\/inmediasres\/index.php\/jure-vujic-simulacija-kolektivne-tjeskobe-i-medijske-fobo-strategije-politike-straha\/","og_site_name":"In Medias Res - \u010casopis centra za filozofiju medija","article_published_time":"2021-09-13T11:02:50+00:00","og_image":[{"width":70,"height":103,"url":"https:\/\/centar-fm.org\/inmediasres\/wp-content\/uploads\/sites\/2\/2021\/09\/inmediasresno1malo19.png","type":"image\/png"}],"author":"Super User","twitter_card":"summary_large_image","twitter_misc":{"Written by":"Super User","Est. reading time":"22 minutes"},"schema":{"@context":"https:\/\/schema.org","@graph":[{"@type":"Article","@id":"https:\/\/centar-fm.org\/inmediasres\/index.php\/jure-vujic-simulacija-kolektivne-tjeskobe-i-medijske-fobo-strategije-politike-straha\/#article","isPartOf":{"@id":"https:\/\/centar-fm.org\/inmediasres\/index.php\/jure-vujic-simulacija-kolektivne-tjeskobe-i-medijske-fobo-strategije-politike-straha\/"},"author":{"name":"Super User","@id":"https:\/\/centar-fm.org\/inmediasres\/#\/schema\/person\/ae49dcc23965665608f66120db8245a4"},"headline":"Jure Vuji\u0107: Simulacija kolektivne tjeskobe i medijske fobo\u2013strategije politike straha","datePublished":"2021-09-13T11:02:50+00:00","mainEntityOfPage":{"@id":"https:\/\/centar-fm.org\/inmediasres\/index.php\/jure-vujic-simulacija-kolektivne-tjeskobe-i-medijske-fobo-strategije-politike-straha\/"},"wordCount":4411,"commentCount":0,"image":{"@id":"https:\/\/centar-fm.org\/inmediasres\/index.php\/jure-vujic-simulacija-kolektivne-tjeskobe-i-medijske-fobo-strategije-politike-straha\/#primaryimage"},"thumbnailUrl":"https:\/\/centar-fm.org\/inmediasres\/wp-content\/uploads\/sites\/2\/2021\/09\/inmediasresno1malo19.png","keywords":["Jure Vuji\u0107: Simulacija kolektivne tjeskobe i medijske fobo\u2013strategije politike straha"],"articleSection":["In Medias Res broj 19 vlasiti url"],"inLanguage":"en-US","potentialAction":[{"@type":"CommentAction","name":"Comment","target":["https:\/\/centar-fm.org\/inmediasres\/index.php\/jure-vujic-simulacija-kolektivne-tjeskobe-i-medijske-fobo-strategije-politike-straha\/#respond"]}]},{"@type":"WebPage","@id":"https:\/\/centar-fm.org\/inmediasres\/index.php\/jure-vujic-simulacija-kolektivne-tjeskobe-i-medijske-fobo-strategije-politike-straha\/","url":"https:\/\/centar-fm.org\/inmediasres\/index.php\/jure-vujic-simulacija-kolektivne-tjeskobe-i-medijske-fobo-strategije-politike-straha\/","name":"Jure Vuji\u0107: Simulacija kolektivne tjeskobe i medijske fobo\u2013strategije politike straha - In Medias Res - \u010casopis centra za filozofiju medija","isPartOf":{"@id":"https:\/\/centar-fm.org\/inmediasres\/#website"},"primaryImageOfPage":{"@id":"https:\/\/centar-fm.org\/inmediasres\/index.php\/jure-vujic-simulacija-kolektivne-tjeskobe-i-medijske-fobo-strategije-politike-straha\/#primaryimage"},"image":{"@id":"https:\/\/centar-fm.org\/inmediasres\/index.php\/jure-vujic-simulacija-kolektivne-tjeskobe-i-medijske-fobo-strategije-politike-straha\/#primaryimage"},"thumbnailUrl":"https:\/\/centar-fm.org\/inmediasres\/wp-content\/uploads\/sites\/2\/2021\/09\/inmediasresno1malo19.png","datePublished":"2021-09-13T11:02:50+00:00","author":{"@id":"https:\/\/centar-fm.org\/inmediasres\/#\/schema\/person\/ae49dcc23965665608f66120db8245a4"},"breadcrumb":{"@id":"https:\/\/centar-fm.org\/inmediasres\/index.php\/jure-vujic-simulacija-kolektivne-tjeskobe-i-medijske-fobo-strategije-politike-straha\/#breadcrumb"},"inLanguage":"en-US","potentialAction":[{"@type":"ReadAction","target":["https:\/\/centar-fm.org\/inmediasres\/index.php\/jure-vujic-simulacija-kolektivne-tjeskobe-i-medijske-fobo-strategije-politike-straha\/"]}]},{"@type":"ImageObject","inLanguage":"en-US","@id":"https:\/\/centar-fm.org\/inmediasres\/index.php\/jure-vujic-simulacija-kolektivne-tjeskobe-i-medijske-fobo-strategije-politike-straha\/#primaryimage","url":"https:\/\/centar-fm.org\/inmediasres\/wp-content\/uploads\/sites\/2\/2021\/09\/inmediasresno1malo19.png","contentUrl":"https:\/\/centar-fm.org\/inmediasres\/wp-content\/uploads\/sites\/2\/2021\/09\/inmediasresno1malo19.png","width":70,"height":103,"caption":"inmediasres"},{"@type":"BreadcrumbList","@id":"https:\/\/centar-fm.org\/inmediasres\/index.php\/jure-vujic-simulacija-kolektivne-tjeskobe-i-medijske-fobo-strategije-politike-straha\/#breadcrumb","itemListElement":[{"@type":"ListItem","position":1,"name":"Po\u010detna stranica","item":"https:\/\/centar-fm.org\/inmediasres\/"},{"@type":"ListItem","position":2,"name":"Jure Vuji\u0107: Simulacija kolektivne tjeskobe i medijske fobo\u2013strategije politike straha"}]},{"@type":"WebSite","@id":"https:\/\/centar-fm.org\/inmediasres\/#website","url":"https:\/\/centar-fm.org\/inmediasres\/","name":"In Medias Res - \u010casopis centra za filozofiju medija","description":"","potentialAction":[{"@type":"SearchAction","target":{"@type":"EntryPoint","urlTemplate":"https:\/\/centar-fm.org\/inmediasres\/?s={search_term_string}"},"query-input":{"@type":"PropertyValueSpecification","valueRequired":true,"valueName":"search_term_string"}}],"inLanguage":"en-US"},{"@type":"Person","@id":"https:\/\/centar-fm.org\/inmediasres\/#\/schema\/person\/ae49dcc23965665608f66120db8245a4","name":"Super User","image":{"@type":"ImageObject","inLanguage":"en-US","@id":"https:\/\/secure.gravatar.com\/avatar\/5ac3fc5ccca7755fa3f558fed4a39be2232c6585e68bd398c790d57375dde921?s=96&d=mm&r=g","url":"https:\/\/secure.gravatar.com\/avatar\/5ac3fc5ccca7755fa3f558fed4a39be2232c6585e68bd398c790d57375dde921?s=96&d=mm&r=g","contentUrl":"https:\/\/secure.gravatar.com\/avatar\/5ac3fc5ccca7755fa3f558fed4a39be2232c6585e68bd398c790d57375dde921?s=96&d=mm&r=g","caption":"Super User"},"url":"https:\/\/centar-fm.org\/inmediasres\/index.php\/author\/amynovcfmweb\/"}]}},"_links":{"self":[{"href":"https:\/\/centar-fm.org\/inmediasres\/index.php\/wp-json\/wp\/v2\/posts\/384","targetHints":{"allow":["GET"]}}],"collection":[{"href":"https:\/\/centar-fm.org\/inmediasres\/index.php\/wp-json\/wp\/v2\/posts"}],"about":[{"href":"https:\/\/centar-fm.org\/inmediasres\/index.php\/wp-json\/wp\/v2\/types\/post"}],"author":[{"embeddable":true,"href":"https:\/\/centar-fm.org\/inmediasres\/index.php\/wp-json\/wp\/v2\/users\/2"}],"replies":[{"embeddable":true,"href":"https:\/\/centar-fm.org\/inmediasres\/index.php\/wp-json\/wp\/v2\/comments?post=384"}],"version-history":[{"count":0,"href":"https:\/\/centar-fm.org\/inmediasres\/index.php\/wp-json\/wp\/v2\/posts\/384\/revisions"}],"wp:featuredmedia":[{"embeddable":true,"href":"https:\/\/centar-fm.org\/inmediasres\/index.php\/wp-json\/wp\/v2\/media\/380"}],"wp:attachment":[{"href":"https:\/\/centar-fm.org\/inmediasres\/index.php\/wp-json\/wp\/v2\/media?parent=384"}],"wp:term":[{"taxonomy":"category","embeddable":true,"href":"https:\/\/centar-fm.org\/inmediasres\/index.php\/wp-json\/wp\/v2\/categories?post=384"},{"taxonomy":"post_tag","embeddable":true,"href":"https:\/\/centar-fm.org\/inmediasres\/index.php\/wp-json\/wp\/v2\/tags?post=384"}],"curies":[{"name":"wp","href":"https:\/\/api.w.org\/{rel}","templated":true}]}}