{"id":388,"date":"2021-09-13T11:10:39","date_gmt":"2021-09-13T11:10:39","guid":{"rendered":"https:\/\/sweet-mcclintock.194-60-87-163.plesk.page\/inmediasres\/2021\/09\/13\/gordana-tkalec-i-samanta-kocijan-intertekstualnost-i-intermedijalnost-internetskih-medijskih-sadrzaja-o-virusu-covid-19\/"},"modified":"2021-09-13T11:10:39","modified_gmt":"2021-09-13T11:10:39","slug":"gordana-tkalec-i-samanta-kocijan-intertekstualnost-i-intermedijalnost-internetskih-medijskih-sadrzaja-o-virusu-covid-19","status":"publish","type":"post","link":"https:\/\/centar-fm.org\/inmediasres\/index.php\/gordana-tkalec-i-samanta-kocijan-intertekstualnost-i-intermedijalnost-internetskih-medijskih-sadrzaja-o-virusu-covid-19\/","title":{"rendered":"Gordana Tkalec i Samanta Kocijan: Intertekstualnost i intermedijalnost internetskih medijskih sadr\u017eaja o virusu COVID-19"},"content":{"rendered":"<p class=\"MsoNormal\" style=\"line-height: 150%;\"><span lang=\"SR\">&nbsp;<\/span><\/p>\n<p><a name=\"11inmediasres19\"><\/a><\/p>\n<p class=\"MsoNormal\" style=\"line-height: 150%;\"><span lang=\"SR\">&nbsp;<\/span><\/p>\n<hr \/>\n<table style=\"width: 755px;\" border=\"0\">\n<tbody>\n<tr>\n<td style=\"width: 215px;\" valign=\"top\">\n<p class=\"MsoNormal\" style=\"line-height: 170%;\">\n <strong>&nbsp;10(19)#23 2021<\/strong> <\/p>\n<\/td>\n<td style=\"width: 315px;\" valign=\"top\">\n<p style=\"line-height: 170%; text-align: center;\">\n<a rel=\"license\" href=\"http:\/\/creativecommons.org\/licenses\/by-nc\/4.0\/\"><img decoding=\"async\" alt=\"Creative Commons licenca\" style=\"border-width:0\" src=\"https:\/\/i.creativecommons.org\/l\/by-nc\/4.0\/88x31.png\" \/><\/a><br \/>\u010casopis je otvorenog pristupa, a ovo djelo je dano na kori\u0161tenje pod licencom <a rel=\"license\" href=\"http:\/\/creativecommons.org\/licenses\/by-nc\/4.0\/\"><strong>Creative Commons Imenovanje-Nekomercijalno 4.0 me\u0111unarodna.<\/strong><\/a><\/p>\n<\/td>\n<td valign=\"top\">\n<p style=\"text-align: right; line-height: 150%;\" align=\"center\"><strong>DOI <a href=\"https:\/\/doi.org\/10.46640\/imr.10.19.11\">10.46640\/imr.10.19.11<\/a><br \/>\nUDK 316.774:638.252*Covid-19<\/p>\n<p>Pregledni \u010dlanak<\/p>\n<p>Review article<\/p>\n<p>Primljeno: 23.3.2021.<\/strong><\/p>\n<\/td>\n<\/tr>\n<\/tbody>\n<\/table>\n<p class=\"MsoNormal\" style=\"line-height: 150%;\">&nbsp;<\/p>\n<p class=\"MsoNormal\" style=\"line-height: 150%;\">&nbsp;<\/p>\n<p class=\"MsoNormal\" style=\"text-align: center; line-height: 150%;\" align=\"center\"><span style=\"font-size: 15.0pt; line-height: 150%;\">Gordana Tkalec i Samanta Kocijan<\/span><\/p>\n<p style=\"text-align: center; line-height: 150%;\" align=\"center\">Sveu\u010dili\u0161te Sjever, Koprivnica, Hrvatska<br \/>\n  gtkalec@unin.hr<br \/>\nsakocijan@unin.hr<\/p>\n<p style=\"text-align: center;\" align=\"center\"><strong> <span style=\"font-size: 16.0pt; line-height: 150%;\">Intertekstualnost i intermedijalnost internetskih <br \/>\nmedijskih sadr\u017eaja o virusu COVID-19<\/span><\/strong><\/p>\n<p style=\"text-align: center; line-height: 150%;\" align=\"center\"><a href=\"http:\/\/www.centar-fm.org\/inmediasres\/images\/pdf\/19\/G.Tkalec i S. Kocijan, Intertekstualnost i intermedijalnost internetskih medijskih.pdf\"><strong><span style=\"color: #DC0101; font-size: 8.0pt;\"><br \/>\nPuni tekst: pdf (2070 KB), Hrvatski, Str. 3147 &#8211; 3168<br \/>\n<\/span><\/strong><\/a><\/p>\n<p class=\"MsoNormal\" style=\"line-height: 150%;\">&nbsp;<\/p>\n<p style=\"margin: 0cm 48.6pt 0.0001pt 54pt; line-height: 170%;\"><strong><em>Sa\u017eetak<\/em><\/strong><\/p>\n<p class=\"MsoBodyText\" style=\"margin-top: 0cm; margin-right: 48.6pt; margin-bottom: .0001pt; margin-left: 54.0pt; line-height: 150%;\"><span style=\"font-size: 12.0pt; line-height: 150%; font-family: 'Times New Roman';\" lang=\"SR\">&nbsp;<\/span><\/p>\n<p class=\"MsoBodyText\" style=\"margin-top: 0cm; margin-right: 48.6pt; margin-bottom: .0001pt; margin-left: 54.0pt; line-height: 170%;\"><em>Mediji su 2020. godinu po\u010deli razli\u010ditim naga\u0111anjima o proro\u010danstvima o virusu COVID-19, najavljenima kroz film i roman pa \u010dak i Bibliju. Nisu se libili poistovjetiti posljedice kuge s onima od virusa COVID-19 \u010dime su potaknuli razli\u010dite rasisti\u010dke i ksenofobne ispade u komentarima \u010ditatelja. U ovom radu je kroz aspekt intertekstualnosti i intermedijalnosti opisana situacija u svjetskom medijskom prostoru tijekom pandemije  COVID-19. Intenzivno kori\u0161tenje intertekstualnosti i intermedijalnosti uzrokovano je zadovoljavanjem potreba publike da kroz povezivanje poznatih i novih sadr\u017eaja smanji strah od nepoznatoga i familijarizira se s novim pojmovima i novim situacijama. Prevelika koli\u010dina nepoznanica koja je postojala osobito po\u010detkom pandemije morala se nadomjestiti ranijim iskustvima kako bi publika lak\u0161e usvojila \u017eeljene obrasce pona\u0161anja. Nakon \u0161to su obrasci pona\u0161anja usvojeni, po\u010dinju se koristiti i u komercijalne svrhe.<\/em><\/p>\n<p class=\"MsoBodyText\" style=\"margin-top: 0cm; margin-right: 48.6pt; margin-bottom: .0001pt; margin-left: 54.0pt; line-height: 170%;\">&nbsp;<\/p>\n<p style=\"margin: 0cm 48.6pt 0.0001pt 54pt; line-height: 170%;\"><strong><em>Klju\u010dne rije\u010di:<\/em><\/strong> <em>intertekstualnost, intermedijalnost, internet, medijski sadr\u017eaj, COVID-19.<\/em><\/p>\n<p class=\"MsoBodyText\" style=\"margin-top: 0cm; margin-right: 48.6pt; margin-bottom: .0001pt; margin-left: 54.0pt; line-height: 170%;\">&nbsp;<\/p>\n<p class=\"MsoNormal\" style=\"line-height: 150%;\">&nbsp;<\/p>\n<p class=\"MsoNormal\" style=\"line-height: 170%;\"><strong>1. UVOD<\/strong><\/p>\n<p class=\"MsoNormal\" style=\"line-height: 170%;\">Prema izvje\u0161\u0107u globalnih agencija We Are Social &amp; Hootsuite<a name=\"_ftnref222\"><\/a><a href=\"#_ftn222\"><sup>[<span style=\"font-family: 'times new roman', times;\"><strong>222<\/strong><\/span>]<\/sup><\/a>, koje je objavljeno u sije\u010dnju 2020. godine, od ukupne svjetske populacije (7.75 milijardi ljudi), 4.54 milijarde ljudi koristi internet, a 3.80 milijardi ljudi aktivni su korisnici dru\u0161tvenih mre\u017ea. Izvje\u0161\u0107e<a name=\"_ftnref223\"><\/a><a href=\"#_ftn223\"><sup>[<span style=\"font-family: 'times new roman', times;\"><strong>223<\/strong><\/span>]<\/sup><\/a> koje je objavljeno samo nekoliko mjeseci kasnije, to\u010dnije u travnju 2020. godine, pokazuje jo\u0161 vi\u0161e uklju\u010denih u online svijet. Prema tom izvje\u0161\u0107u, od ukupne svjetske populacije (7.77 milijardi ljudi); 4.57 milijardi ljudi koristi internet, a 3,81 milijarda ljudi aktivni su korisnici dru\u0161tvenih mre\u017ea. Izvje\u0161\u0107e koje je objavljeno u listopadu 2020. godine<a name=\"_ftnref224\"><\/a><a href=\"#_ftn224\"><sup>[<span style=\"font-family: 'times new roman', times;\"><strong>224<\/strong><\/span>]<\/sup><\/a>, pokazuje kako brojke i dalje imaju trend rasta; od ukupne svjetske populacije (7.81 milijarda ljudi); 4.66 milijarde ljudi (60% ukupne svjetske populacije) koristi internet, a 4.14 milijardi ljudi (53% ukupne svjetske populacije) aktivni su korisnici dru\u0161tvenih mre\u017ea.<\/p>\n<p class=\"MsoNormal\" style=\"line-height: 170%;\">Sije\u010danjsko izvje\u0161\u0107e navedenih agencija izra\u0111eno za Republiku Hrvatsku<a name=\"_ftnref225\"><\/a><a href=\"#_ftn225\"><sup>[<span style=\"font-family: 'times new roman', times;\"><strong>225<\/strong><\/span>]<\/sup><\/a>, pokazuje da od ukupne populacije od 4.12 milijuna ljudi koji \u017eive u Hrvatskoj, 3.13 milijuna koristi se internetom, \u0161to iznosi \u010dak 76% stanovni\u0161tva Republike Hrvatske. Tako\u0111er, bitno je spomenuti 2.10 milijuna ljudi (51% ukupnog stanovni\u0161tva) koji su u Hrvatskoj aktivni korisnici dru\u0161tvenih mre\u017ea. <\/p>\n<p class=\"MsoNormal\" style=\"line-height: 170%;\">Navedeni podaci idu u korist internetskim portalima i dru\u0161tvenim mre\u017eama putem kojih mediji plasiraju svoje sadr\u017eaje. U doba globalne krize koja je pogodila svijet u 2020. godini, uzrokovane korona virusom, odnosno pandemijom COVID-19, mediji igraju klju\u010dnu ulogu u javnom komuniciranju, prijenosu informacija i preporuka Svjetske zdravstvene organizacije, nacionalnih i lokalnih zdravstvenih organizacija te sto\u017eera civilne za\u0161tite. <\/p>\n<p class=\"MsoNormal\" style=\"line-height: 170%;\">Globalna kampanja za mjerenje i analizu podataka Nielsen<a name=\"_ftnref226\"><\/a><a href=\"#_ftn226\"><sup>[<span style=\"font-family: 'times new roman', times;\"><strong>226<\/strong><\/span>]<\/sup><\/a>, objavila je kako \u0107e COVID-19 bez sumnje utjecati na medijski ekosustav. Smatraju kako \u0107e boravak kod ku\u0107e uz osje\u0107aj zabrinutosti zasigurno utjecati na navike konzumiranja medija. Spominju\u0107i pritom njihovo najnovije izvje\u0161\u0107e prema kojem Amerikanci ve\u0107 tro\u0161e 12 sati dnevno na medijske platforme, navode kako je potro\u0161nja medija u SAD-u na povijesnom vrhuncu, Spominju i kako se tijekom kriznih vremena poput snje\u017enih oluja, uragana i globalnih pandemija pove\u0107ava konzumacija medija kako bi ljudi bili informirani i kako bi prona\u0161li utjehu kroz kontakte s drugima.<\/p>\n<p class=\"MsoNormal\" style=\"line-height: 170%;\">Prema istra\u017eivanju koje je proveo Pew Research Center<a name=\"_ftnref227\"><\/a><a href=\"#_ftn227\"><sup>[<span style=\"font-family: 'times new roman', times;\"><strong>227<\/strong><\/span>]<\/sup><\/a> po\u010detkom travnja 2020. godine, otprilike polovina odraslih osoba u SAD-u (53%) smatra da je tijekom pandemije korona virusa internet za njih esencijalan, dok 34% njih internet opisuje kao va\u017ean, ali ne i esencijalan.<\/p>\n<p class=\"MsoNormal\" style=\"line-height: 170%;\">U situaciji poput ove uzrokovane pandemijom korona virusa, mediji su stup krizne komunikacije. Najbr\u017ei su i najlak\u0161i na\u010din upu\u0107ivanja informacija \u0161irokoj masi zainteresirane javnosti. Imaju jo\u0161 jednu krucijalnu ulogu \u2013 oni su mo\u0107nici kriznog vremena. Imaju mo\u0107 smirivanja napetosti javnosti, ali i onu suprotnu \u2013 izazivanja panike. Imaju mo\u0107 utjecaja na pona\u0161anje mase ljudi. Doda li se da su mediji dobrim dijelom komercijalizirani, ovdje se otvara jedno novo pitanje utjecaja na masu kao potro\u0161a\u010de. <\/p>\n<p class=\"MsoNormal\" style=\"line-height: 170%;\">U nastavku ovog rada opisana je situacija prijenosa vijesti svjetskih medija putem interneta kroz intertekstualni i intermedijski aspekt.<\/p>\n<p class=\"MsoNormal\" style=\"line-height: 170%;\">&nbsp;<\/p>\n<p class=\"MsoNormal\" style=\"line-height: 170%;\"><strong>2. PROBLEM I CILJEVI ISTRA\u017dIVANJA<\/strong><\/p>\n<p class=\"MsoNormal\" style=\"line-height: 170%;\">Osnovni problem ovoga istra\u017eivanja ogleda se u na\u010dinu \u0161irenja medijskih sadr\u017eaja o tematici pandemije COVID-19 putem internetskih portala, dok je cilj istra\u017eivanja utvrditi postoji li utjecaj intertekstualnosti i intermedijalnosti u tom \u0161irenju medijskih sadr\u017eaja prilikom informiranja o pandemiji COVID-19. <\/p>\n<p class=\"MsoNormal\" style=\"line-height: 170%;\">Obzirom da sve ve\u0107i broj ljudi provodi vrijeme na internetu, medijski sadr\u017eaj postaje bogatiji raznim suvremenim na\u010dinima dijeljenja informacija. Izuzetak pritom nije niti sadr\u017eaj koji govori o virusu COVID-19, koji je tijekom 2020. godine postao hit sadr\u017eaj; \u010dak naprotiv, kod ove tematike kroz internetske medijske sadr\u017eaje mo\u017ee se primijetiti odre\u0111ena doza intertekstualnosti i intermedijalosti. Svjetska zdravstvena organizacija<a name=\"_ftnref228\"><\/a><a href=\"#_ftn228\"><sup>[<span style=\"font-family: 'times new roman', times;\"><strong>228<\/strong><\/span>]<\/sup><\/a> \u0161irenje informacija o pandemiji COVID-19 nazvala je infodemijom koja zbunjuje ljude oko na\u010dina postupanja kako za\u0161titi sebe i svoje bli\u017enje. Pandemija je promijenila rutinu, svakodnevicu \u017eivota ljudi diljem svijeta, a intertekstualnost i intermedijalnost medijskog sadr\u017eaja omogu\u0107avaju dijeljenje iskustava, informacija, razumijevanje situacije, i nadasve pru\u017eanje sadr\u017eaja zainteresiranim \u010ditateljima na zanimljive na\u010dine. Nastoje\u0107i otkriti mo\u0107 i utjecaj intertekstualnosti i intermedijalnosti medijskog prostora na internetskim portalima, kroz \u0161irenje medijskih sadr\u017eaja, na konkretnom primjeru informiranja u kriznoj situaciji pandemije COVID-19 kre\u0107emo od pretpostavke da intertekstualnost i intermedijalnost omogu\u0107uju brzo \u0161irenje medijskih sadr\u017eaja koji informiraju o pandemiji COVID-19 putem internetskih portala \u0161to \u0107emo poku\u0161ati dokazati sekundarnim istra\u017eivanjem, kroz dostupnu literaturu i kvalitativnu analizu medijskog sadr\u017eaja.<\/p>\n<p class=\"MsoNormal\" style=\"line-height: 170%;\"><strong>&nbsp;<\/strong><\/p>\n<p class=\"MsoNormal\" style=\"line-height: 170%;\"><strong>3. INTERTEKSTUALNOST I INTERMEDIJALNOST MEDIJSKIH SADR\u017dAJA O VIRUSU COVID-19<\/strong><\/p>\n<p class=\"MsoNormal\" style=\"line-height: 170%;\">Teorija intertekstualnosti i intermedijalnosti kori\u0161tena u ovom radu preuzeta je iz teorije knji\u017eevnosti. <\/p>\n<p class=\"MsoNormal\" style=\"line-height: 170%;\">Za\u010detnica, odnosno \u017eena koja je uvela pojam intertekstualnosti je Julia Kristeva. Ona je primijetila da je svaki tekst konstruiran kao mozaik citata, te da je svaki tekst proizvod apsorpcije i preobrazbe nekog drugog teksta.<a name=\"_ftnref229\"><\/a><a href=\"#_ftn229\"><sup>[<span style=\"font-family: 'times new roman', times;\"><strong>229<\/strong><\/span>]<\/sup><\/a><\/p>\n<p class=\"MsoNormal\" style=\"line-height: 170%;\">Kako postoji uska veza izme\u0111u intermedijalnih i intertekstualnih referenci, intermedijalne se reference uglavnom teoretiziraju kroz koncepte intertekstualnosti. Stoga je kod poimanja intertekstualnosti iznimno va\u017eno uvidjeti razliku izme\u0111u koncepata: <strong>u\u017ei koncept<\/strong> (slu\u010daj Irine O. Rajewsky slu\u010daj) u odnosu na <strong>\u0161iri koncept<\/strong> (slu\u010daj metafori\u010dkog pojma Julie Kristeve).<a name=\"_ftnref230\"><\/a><a href=\"#_ftn230\"><sup>[<span style=\"font-family: 'times new roman', times;\"><strong>230<\/strong><\/span>]<\/sup><\/a><\/p>\n<p class=\"MsoNormal\" style=\"line-height: 170%;\">Prema Juvanu<a name=\"_ftnref231\"><\/a><a href=\"#_ftn231\"><sup>[<span style=\"font-family: 'times new roman', times;\"><strong>231<\/strong><\/span>]<\/sup><\/a>, &bdquo;autore, \u010ditatelje, kriti\u010dare i drugi sudionike knji\u017eevne komunikacije, osobito kod posebne intertekstualnosti povezuju vi\u0161e ili manje zajedni\u010dki knji\u017eevno-kulturni kanon i dru\u0161tveno-povijesno iskustvo, kao upoznavanje s ustaljenim na\u010dinima i funkcijama me\u0111u tekstovima; npr. citat. aluzija, naslov, epigraf, ili polemika. Stoga se mo\u017ee re\u0107i da su svi tekstovi doista intertekstualni, ali je ta osobina kod nekih od njih u knji\u017eevnoj kulturi odre\u0111enog razdoblja ili podru\u010dja uo\u010dljivija, ima ve\u0107u te\u017einu ili zna\u010daj. Izme\u0111u \u0161ire i u\u017ee intertekstualnosti stoga postoji nekoliko stadija, pa ju je mogu\u0107e pojmiti prema modelu periferije i jezgre&ldquo;.<\/p>\n<p class=\"MsoNormal\" style=\"line-height: 170%;\">Kod intermedijalnosti, Rajewsky<a name=\"_ftnref232\"><\/a><a href=\"#_ftn232\"><sup>[<span style=\"font-family: 'times new roman', times;\"><strong>232<\/strong><\/span>]<\/sup><\/a>, razlikuje <strong>tri podkategorije<\/strong>: 1. intermedijalnost u u\u017eem smislu medijske transpozicije, 2. intermedijalnost u u\u017eem smislu medijske kombinacije te 3. intermedijalnost u u\u017eem smislu intermedijalne reference. Obzirom na ovu trodjelnu podjelu, Rajewsky<a name=\"_ftnref233\"><\/a><a href=\"#_ftn233\"><sup>[<span style=\"font-family: 'times new roman', times;\"><strong>233<\/strong><\/span>]<\/sup><\/a> napominje kako jedna medijska konfiguracija zasigurno mo\u017ee ispuniti kriterije dviju ili \u010dak svih triju gore spomenutih podkategorija.<\/p>\n<p class=\"MsoNormal\" style=\"line-height: 170%;\">Prema Ryznar<a name=\"_ftnref234\"><\/a><a href=\"#_ftn234\"><sup>[<span style=\"font-family: 'times new roman', times;\"><strong>234<\/strong><\/span>]<\/sup><\/a> &bdquo;<strong>distinkcija izme\u0111u intertekstualnosti i interdiskurzivnosti ne mora biti neposredno vidljiva <\/strong>na malom stilisti\u010dkom uzorku kao \u0161to je to u slu\u010daju reklamnih poruka, za koje mo\u017eemo odmah pretpostaviti da egzemplificiraju marketin\u0161ki diskurs u cjelini&#8230; Interdiskurzivnost hijerarhijski natkriljuje intertekstualnost, ali to se razdvajanje ne doga\u0111a uvijek na jezi\u010dno-stilskoj, nego na semioti\u010dkoj razini&ldquo;.<\/p>\n<p class=\"MsoNormal\" style=\"line-height: 170%;\">Sude\u0107i prema dostupnoj literaturi, intertekstualnost i intermedijalnost su jo\u0161 slabo istra\u017eena podru\u010dja u Republici Hrvatskoj, stoga je izrazito vrijedna jedna od rijetkih knjiga hrvatskog govornog podru\u010dja: <em>Intertekstualnost &amp; intermedijalnost<\/em><a name=\"_ftnref235\"><\/a><a href=\"#_ftn235\"><sup>[<span style=\"font-family: 'times new roman', times;\"><strong>235<\/strong><\/span>]<\/sup><\/a>. <\/p>\n<p class=\"MsoNormal\" style=\"line-height: 170%;\">Iako se u literaturi intermedijalnost i intertekstualnost naj\u010de\u0161\u0107e ve\u017eu uz knji\u017eevnost i film, vrlo je va\u017ena i sve vi\u0161e u praksi zastupljena intermedijalnost i intertekstualnost medijskih sadr\u017eaja, a naro\u010dito onih na internetu. <strong>Intertekstualnost<\/strong> medijskog sadr\u017eaja na internetu ogleda se u poveznici vi\u0161e tekstova razli\u010ditih internetskih portala, kroz citiranje i referiranje, pa i aluzije. Tako \u010desto novinski \u010dlanak sadr\u017ei metatekst, ali tako\u0111er isti postaje i prototekst. <strong>Intermedijalnost<\/strong>, odnosno zahvaljuju\u0107i razvoju tehnologije &#8211; <strong>multimedijalnost<\/strong> medijskog sadr\u017eaja na internetu ogleda se u prisutnosti razli\u010ditih medija; tekst, fotografija, ilustracija, video, koji se \u010desto koriste kako bi se razbila monotonija medijskog sadr\u017eaja. <\/p>\n<p class=\"MsoNormal\" style=\"line-height: 170%;\">&nbsp;<\/p>\n<p class=\"MsoNormal\" style=\"line-height: 170%;\"><strong>3.1. COVID-19<\/strong><\/p>\n<p class=\"MsoNormal\" style=\"line-height: 170%;\"><strong>Virusna bolest COVID-19<\/strong>, prvi se put pojavila krajem 2019. godine u kineskom gradu Wuhanu. Zbog njenog brzog \u0161irenja diljem svijeta, Svjetska je zdravstvena organizacija 11. o\u017eujka 2020. godine proglasila gobalnu pandemiju. <\/p>\n<p class=\"MsoNormal\" style=\"line-height: 170%;\">Prema web stranici koronavirus.hr<a name=\"_ftnref236\"><\/a><a href=\"#_ftn236\"><sup>[<span style=\"font-family: 'times new roman', times;\"><strong>236<\/strong><\/span>]<\/sup><\/a> do dana 9. svibnja 2020. godine (posljednje a\u017eurirano u 14:06 sati) u Republici Hrvatskoj zabilje\u017eeno je 2.176 slu\u010dajeva oboljelih od korona virusa, 1.726 oporavljenih te 87 preminulih. U svijetu je zabilje\u017eena brojka od 4.033.320 oboljelih, 1.400.009 oporavljenih te 276.686 preminulih. Pola godine kasnije, na dan 15. studenog 2020. godine (posljednje a\u017eurirano u 11:21 sati), na istoj web stranici stoji obavijest da je u Republici Hrvatskoj \u010dak 84.206 zabilje\u017eenih slu\u010dajeva oboljelih od korona virusa, 66.231 oporavljenih, a 1.049 je preminulih<strong>. <\/strong>Prema tom izvje\u0161\u0107u, u svijetu je na dan 15. studenog 2020. godine zabilje\u017eeno<strong> <\/strong><strong>54.344.494 slu\u010daja oboljelih, 37.878.300 oporavljenih, a 1.318.452 preminulih. Mjesec dana kasnije, <\/strong>15. prosinca 2020. godine (posljednje a\u017eurirano u 11:10 sati) u Republici Hrvatskoj zabilje\u017eeno je <strong>179.718 <\/strong>slu\u010dajeva oboljelih, <strong>155.079 <\/strong>oporavljenih te <strong>2.778<\/strong> preminulih. U svijetu je zabilje\u017eena brojka od <strong>73.211.509 <\/strong>oboljelih, <strong>51.347.757 <\/strong>oporavljenih te <strong>1.628.442 <\/strong>preminulih.<\/p>\n<p class=\"MsoNormal\" style=\"line-height: 170%;\">U i\u0161\u010dekivanju povratka u svakodnevicu na koju su navikli ljudi prate medijske sadr\u017eaje ne bi li saznali nove informacije o pitanjima koja si postavljaju. No, kako je medijima \u010ditanost od iznimne va\u017enosti, mnogi portali pribjegavaju senzacionalizmu i takozvanim &bdquo;bombasti\u010dnim&ldquo; naslovima koji bude znati\u017eelju u \u010ditatelju, \u010desto samo prenose\u0107i vijesti drugih portala, a sadr\u017eaj tih vijesti nije biti pribli\u017eno dramati\u010dan kao sam naslov \u010dlanka. <\/p>\n<p class=\"MsoNormal\" style=\"line-height: 170%;\">&nbsp;<\/p>\n<p class=\"MsoNormal\" style=\"line-height: 170%;\"><strong>3.2. Medijske usporedbe<\/strong><\/p>\n<p class=\"MsoNormal\" style=\"line-height: 170%;\">U doba globalne pandemije COVID-19, ljudi su se po\u010deli osje\u0107ati nesigurno. Zatvorenima u svoje domove, mediji su postali jedini prozor u svijet. Mediji s druge strane nisu propustili priliku \u010ditanosti koja im se nametnula sama po sebi. U vijestima se \u010desto korona virus uspore\u0111ivao s kugom, tuma\u010dio se kroz Biblijske zapise, uspore\u0111ivao se sa scenarijem filma &bdquo;Zaraza&ldquo; kao i s romanom &bdquo;O\u010di tame&ldquo;. Vjerojatni motiv ovakvih usporedbi le\u017ei u nerazumijevanju novonastale situacije i \u017eelje da je se objasni kroz prethodno iskustvo jer &bdquo;zna\u010denje i strukturu nekog djela shva\u0107amo tek u odnosu prema arhetipovima koji su tako\u0111er apstrahirani iz dugog niza tekstova&ldquo;.<a name=\"_ftnref237\"><\/a><a href=\"#_ftn237\"><sup>[<span style=\"font-family: 'times new roman', times;\"><strong>237<\/strong><\/span>]<\/sup><\/a><\/p>\n<p class=\"MsoNormal\" style=\"line-height: 170%;\"><strong>&nbsp;<\/strong><\/p>\n<p class=\"MsoNormal\" style=\"line-height: 170%;\"><strong>3.2.1. Slu\u010daj COVID-19 i kuga<\/strong><\/p>\n<p class=\"MsoNormal\" style=\"line-height: 170%;\"><strong>Kuga<\/strong> je uzrokovala izrazito velik broj smrti u povijesti \u010dovje\u010danstva. Jedna od najpoznatijih pandemija kuge, zbog svoje smrtnosti nosi naziv Crna smrt. Kada je situacija s koronavirusom po\u010dela biti sve glasniji problem, neki mediji pa i javne osobe nisu se ustru\u010davali korona virus usporediti s kugom. <\/p>\n<p class=\"MsoNormal\" style=\"line-height: 170%;\">\u010clanak pod naslovom <em>Opstanak banaka je upitan, koronavirus mo\u017eemo nazvati modernom kugom&ldquo;<\/em>, objavio je portal <strong>Ve\u010dernji list<a name=\"_ftnref238\"><\/a><a href=\"#_ftn238\"><sup>[<span style=\"font-family: 'times new roman', times;\"><strong>238<\/strong><\/span>]<\/sup><\/a><\/strong> 10. travnja 2020. godine, parafraziraju\u0107i Kre\u0161u Beljaka, predsjednika HSS-a, uz referencu na Newsroom televizije <strong>N1<\/strong>. Osim teksta, \u010dlanak sadr\u017ei i tri fotografije Kre\u0161e Beljaka. <\/p>\n<p class=\"MsoNormal\" style=\"line-height: 170%;\">Istog datuma portal <strong>index<a name=\"_ftnref239\"><\/a><a href=\"#_ftn239\"><sup>[<span style=\"font-family: 'times new roman', times;\"><strong>239<\/strong><\/span>]<\/sup><\/a><\/strong>, prenose\u0107i vijesti televizije <strong>N1<\/strong>, objavio je \u010dlanak <em>&bdquo;Beljak: Uvijek je i\u0161la kuga pa glad pa rat, a korona je moderna kuga&ldquo;<\/em> u kojem je uz jednu fotografiju Beljaka, istog i citirao: &bdquo;Znate kako je i\u0161lo kroz povijest, kuga pa glad pa rat, a koronavirus sigurno mo\u017eemo nazvati modernom kugom&ldquo;. <\/p>\n<p class=\"MsoNormal\" style=\"line-height: 170%;\">Istu tematiku prenio je i portal <strong>Nacional<a name=\"_ftnref240\"><\/a><a href=\"#_ftn240\"><sup>[<span style=\"font-family: 'times new roman', times;\"><strong>240<\/strong><\/span>]<\/sup><\/a><\/strong>. \u010clanak je objavljen 10. travnja 2020. godine, pod naslovom: <em>&bdquo;BELJAK: &lsquo;Kuga pa glad pa rat, a korona je moderna kuga!&rsquo;&rdquo;<\/em>. Pozivaju\u0107i se na Newsroom televizije <strong>N1<\/strong>, Nacional je kao i portal Index, prenio citat Beljaka, a \u010dlanak tako\u0111er sadr\u017ei i jednu njegovu fotografiju. Ne mo\u017eemo se oteti dojmu da je u pozadini ovako te\u0161kih rije\u010di i usporedbi, ne informiranje javnosti, nego \u017eelja sa samopromocijom, koju novinari nisu kriti\u010dki prozreli.<\/p>\n<p class=\"MsoNormal\" style=\"line-height: 170%;\">\u010clanak portala <strong>Express<a name=\"_ftnref241\"><\/a><a href=\"#_ftn241\"><sup>[<span style=\"font-family: 'times new roman', times;\"><strong>241<\/strong><\/span>]<\/sup><\/a><\/strong> pod naslovom <em>&bdquo;Coronavirus vs Black Death: Which is worse? COVID-19 or the bubonic plague?&ldquo;<\/em> objavljen je 16. travnja 2020. godine. U uvodnom dijelu spominju\u0107i po\u010detke epidemije korona virusa prenijeli su vijesti iz vlastitog portala, iz rubrike koronavirus. Kod navo\u0111enja broja zara\u017eenih od korona virusa referenca je stavljena na <strong>Sveu\u010dili\u0161te John Hopkins<\/strong>, a kod podataka o progla\u0161enju pandemije na <strong>Svjetsku zdravstvenu organizaciju<\/strong>. Kod otvaranja tematike usporedbe pandemije COVID-19 i bubonske kuge prikazana je slika njihove usporedbe (Slika 1.) te je prilikom pisanja o broju ljudi kojima je uzrok smrti bila bubonska kuga opet stavljena referenca na Svjetsku zdravstvenu organizaciju, <\/p>\n<p class=\"MsoNormal\" style=\"line-height: 100%;\">&nbsp;<\/p>\n<div align=\"center\">\n<p><img loading=\"lazy\" decoding=\"async\" src=\"\/inmediasres\/images\/casopisi\/tkalec01.png\" alt=\"\" width=\"620\" height=\"395\" \/><\/p>\n<p class=\"MsoNormal\" style=\"line-height: 170%;\"><em>Slika 1. Usporedba korona virusa i bubonske kuge (2020)<\/em><\/p>\n<\/div>\n<p class=\"MsoNormal\" style=\"line-height: 100%;\">&nbsp;<\/p>\n<p class=\"MsoNormal\" style=\"line-height: 170%;\">U \u010dlanku se citira <strong>Chris Whitty<\/strong>, lije\u010dnik iz Velike Britanije koji je mi\u0161ljenja da \u0107e smrtnost o korona virusa biti jednaka ili ni\u017ea od smrtnosti bubonske kuge.<\/p>\n<p class=\"MsoNormal\" style=\"line-height: 170%;\">&nbsp;<\/p>\n<p class=\"MsoNormal\" style=\"line-height: 170%;\"><strong>3.2.2. Slu\u010daj COVID-19 i Biblijski zapisi<\/strong> <\/p>\n<p class=\"MsoNormal\" style=\"line-height: 170%;\">Internetski portal <strong>Express<a name=\"_ftnref242\"><\/a><a href=\"#_ftn242\"><sup>[<span style=\"font-family: 'times new roman', times;\"><strong>242<\/strong><\/span>]<\/sup><\/a><\/strong> objavio je 7. travnja 2020. godine \u010dlanak naslova &bdquo;Is coronavirus mentioned in the Bible? Pastor says COVID-19 is not a big deal to God&rsquo;&ldquo; citiraju\u0107i pastora <strong>Davida Jeremiaha<\/strong> iz crkve zajednice planine Shadow u El Cajonu u Kaliforniji, koji se osvrnuo na Evan\u0111elje po Luki 21:11. Sam \u010dlanak sadr\u017ei nekoliko slika, grafi\u010dki prikaz simptoma oboljelih od korona virusa te video. U nastavku rada nalazi se slika iz \u010dlanka (Slika 2.) koja u odnos stavlja korona virus i Bibliju.<\/p>\n<p class=\"MsoNormal\" style=\"line-height: 100%;\">&nbsp;<\/p>\n<div align=\"center\">\n<p><img loading=\"lazy\" decoding=\"async\" src=\"\/inmediasres\/images\/casopisi\/tkalec02.png\" alt=\"\" width=\"620\" height=\"392\" \/><\/p>\n<p class=\"MsoNormal\" style=\"line-height: 170%;\"><em>Slika 2. Odnos korona virusa i Biblije<\/em><\/p>\n<\/div>\n<p class=\"MsoNormal\" style=\"line-height: 100%;\">&nbsp;<\/p>\n<p class=\"MsoNormal\" style=\"line-height: 170%;\">Isti portal<a name=\"_ftnref243\"><\/a><a href=\"#_ftn243\"><sup>[<span style=\"font-family: 'times new roman', times;\"><strong>243<\/strong><\/span>]<\/sup><\/a> objavio je samo nekoliko dana kasnije, 10. travnja 2020. godine i \u010dlanak pod naslovom <em>&bdquo;Coronavirus in the Bible: Is COVID-19 a biblical plague of the end times?&ldquo;<\/em> u kojem stoji da teoreti\u010dari zavjere, oslanjaju\u0107i se na statuse korisnika dru\u0161tvene mre\u017ee Twitter tvrde kako je korona virus bio predvi\u0111en u Bibliji. Tako\u0111er, uz navo\u0111enje citata, referenca je stavljena na Otkrivenje 16-17, ali i na stranicu <strong>Christianity.com<\/strong>, uz navode da nema dokaza koji bi sugerirali da je koronavirus biblijski. \u010clanak sadr\u017ei i video, grafi\u010dki prikaz broja zara\u017eenih te nekoliko slika. Jedna od slika (Slika 3.) prikazuje statuse korisnika dru\u0161tvene mre\u017ee Twitter vezane uz tematiku povezivanja Biblijskih zapisa i korona virusa.<\/p>\n<p class=\"MsoNormal\" style=\"line-height: 100%;\">&nbsp;<\/p>\n<div align=\"center\">\n<p><img loading=\"lazy\" decoding=\"async\" src=\"\/inmediasres\/images\/casopisi\/tkalec03.png\" alt=\"\" width=\"472\" height=\"457\" \/><\/p>\n<p class=\"MsoNormal\" style=\"line-height: 170%;\"><em>Slika 3. Twitter statusi<\/em><\/p>\n<\/div>\n<p class=\"MsoNormal\" style=\"line-height: 100%;\">&nbsp;<\/p>\n<p class=\"MsoNormal\" style=\"line-height: 170%;\">Isti portal, <strong>Express<a name=\"_ftnref244\"><\/a><a href=\"#_ftn244\"><sup>[<span style=\"font-family: 'times new roman', times;\"><strong>244<\/strong><\/span>]<\/sup><\/a><\/strong>, 8. svibnja 2020. godine objavio je \u010dlanak naslova <em>&bdquo;Bible verses about coronavirus: What does the Bible say about COVID-19?&ldquo; <\/em>u kojem se spominju statusi korisnika <strong>Twittera<\/strong> koji pandemiju povezuju s Biblijom. Osim nekoliko slika \u010dlanak sadr\u017ei i grafi\u010dki prikaz sa simptomima zara\u017eenih korona virusom. Kod pisanja o odnosu Biblije i korona virusa, prenosi <strong>Evan\u0111elje<\/strong> po Mateju 24 i Luki 21.<\/p>\n<p class=\"MsoNormal\" style=\"line-height: 100%;\">&nbsp;<\/p>\n<div align=\"center\">\n<p><img loading=\"lazy\" decoding=\"async\" src=\"\/inmediasres\/images\/casopisi\/tkalec04.png\" alt=\"\" width=\"616\" height=\"393\" \/><\/p>\n<p class=\"MsoNormal\" style=\"line-height: 170%;\"><em>Slika 4. Odnos korona virusa i Biblije (2)<\/em><\/p>\n<\/div>\n<p class=\"MsoNormal\" style=\"line-height: 100%;\">&nbsp;<\/p>\n<p class=\"MsoNormal\" style=\"line-height: 170%;\"><strong>BBC<a name=\"_ftnref245\"><\/a><a href=\"#_ftn245\"><sup>[<span style=\"font-family: 'times new roman', times;\"><strong>245<\/strong><\/span>]<\/sup><\/a><\/strong> je 21. travnja 2020. godine objavio \u010dlanak naslova <em>&bdquo;Coronavirus: World risks &lsquo;biblical&rsquo; famines due to pandemic \u2013 UN&ldquo;, <\/em>u kojem pozivaju\u0107i se na <strong>UN<\/strong> navodi kako svijetu prijeti glad &bdquo;biblijskih razmjera&ldquo;. Tako\u0111er, navode izjavu <strong>Davida Beasleya<\/strong>, predsjednika WFP-a (Svjetskog programa za hranu), kako je potrebno poduzimati hitne mjere s ciljem izbjegavanja katastrofe, te mi\u0161ljenje ekonomista WFP-a <strong>Arifa Husaina<\/strong>, kako je ekonomski utjecaj ove pandemije potencijalno katastrofalan za one koji su najugro\u017eeniji. Ovakve intertekstualne veze izme\u0111u vijesti o aktualnim katastrofama i katastrofa prikazanih u Bibliji ili drugim svetim knjigama razli\u010ditih religija mogu osobito uznemiruju\u0107e djelovati na publiku jer katastrofe su u Bibliji gotovo uvijek kazna \u010dovjeku zbog razli\u010ditih grijeha i \u010dovjek ima malo ili nimalo mogu\u0107nosti oduprijeti se Bo\u017ejoj kazni. Time se poti\u010de fatalisti\u010dki pogled na situaciju i ne poti\u010de se aktivan i odgovoran postupak publike u smjeru osobne za\u0161tite i za\u0161tite drugih.<\/p>\n<p class=\"MsoNormal\" style=\"line-height: 170%;\">&nbsp;<\/p>\n<p class=\"MsoNormal\" style=\"line-height: 170%;\"><strong>3.2.3. Slu\u010daj COVID-19 i film &bdquo;Zaraza&ldquo;<\/strong><\/p>\n<p class=\"MsoNormal\" style=\"line-height: 170%;\"><strong>Internetski portal Ve\u010dernji<a name=\"_ftnref246\"><\/a><a href=\"#_ftn246\"><sup>[<span style=\"font-family: 'times new roman', times;\"><strong>246<\/strong><\/span>]<\/sup><\/a><\/strong> dana 24. sije\u010dnja 2020. godine objavio je \u010dlanak pod naslovom <em>&bdquo;Sje\u0107ate li se filma &lsquo;Zaraza&rsquo;? Jezivo je mnogo sli\u010dnosti s onim \u0161to se doga\u0111a zbog koronavirusa!&ldquo;<\/em> u kojem uspore\u0111uje sli\u010dnosti doga\u0111aja u filmu i situaciji u Kini, kakva je bila u vrijeme kad je \u010dlanak objavljen. U \u010dlanku <strong>Ve\u010dernjeg<\/strong> analiziraju se postovi obo\u017eavatelja koji na dru\u0161tvenim mre\u017eama vuku paralele izme\u0111u doga\u0111aja u Kini i na filmu, a posebno izdvajaju <strong>Twitter<\/strong> objavu sa slikom statusa Stephena Forda, Velociraptora i Traci M. (Slika 5.) koji navode da ih trenutna situacija podsje\u0107a na film &bdquo;Zaraza&ldquo;. <\/p>\n<p class=\"MsoNormal\" style=\"line-height: 100%;\">&nbsp;<\/p>\n<div align=\"center\">\n<p><img loading=\"lazy\" decoding=\"async\" src=\"\/inmediasres\/images\/casopisi\/tkalec05.png\" alt=\"\" width=\"330\" height=\"576\" \/><\/p>\n<p class=\"MsoNormal\" style=\"line-height: 170%;\"><em>Slika 5. Twitter statusi (2)<\/em><\/p>\n<\/div>\n<p class=\"MsoNormal\" style=\"line-height: 100%;\">&nbsp;<\/p>\n<p class=\"MsoNormal\" style=\"line-height: 170%;\">\u010clanak sadr\u017ei i video isje\u010dak iz filma objavljen na Youtube-u te fotografiju iz filma, izvora Warner Bross.<\/p>\n<p class=\"MsoNormal\" style=\"line-height: 170%;\"><strong>Portal Hrvatska danas<a name=\"_ftnref247\"><\/a><a href=\"#_ftn247\"><sup>[<span style=\"font-family: 'times new roman', times;\"><strong>247<\/strong><\/span>]<\/sup><\/a><\/strong> 10. o\u017eujka 2020. godine objavio je \u010dlanak pod naslovom <em>&bdquo;VIDEO Zaraza: Film sa sjajnom gluma\u010dkom ekipom eksplodira me\u0111u internet piratima kako se \u0161iri korona virus&ldquo;<\/em>, u kojem film &bdquo;Zaraza&ldquo; predstavljaju kao najve\u0107i hit me\u0111u internetskim piratima. <\/p>\n<p class=\"MsoNormal\" style=\"line-height: 170%;\">\u010clanak sadr\u017ei fotografiju i video isje\u010dak iz filma objavljen na Youtube-u. Referenca je stavljena na stranicu <strong>Torrent Freak<\/strong> prilikom pisanja da su online pirati opet na vrhuncu zbog \u0161irenja koronavirusa, radi kojeg velik broj ljudi ostaje u svojim domovima. Prilikom navo\u0111enja podataka o broju preuzimanja filma pozivaju se na stranicu <strong>geek.hr<\/strong>. <\/p>\n<p class=\"MsoNormal\" style=\"line-height: 170%;\">Stranica<strong> Geek<\/strong><a name=\"_ftnref248\"><\/a><a href=\"#_ftn248\"><sup>[<span style=\"font-family: 'times new roman', times;\"><strong>248<\/strong><\/span>]<\/sup><\/a> u \u010dlanku naslova <em>&bdquo;Ovo je film koji je predvidio koronavirus<\/em>&ldquo; objavila je isje\u010dak iz filma &bdquo;Zaraza&ldquo; s Youtube-a, a prilikom pisanja o online piratima poziva se na stranicu <em><strong>Torrent Freak<\/strong><\/em><em>. Stranica <\/em><em><strong>Torrent Freak<\/strong><\/em><a name=\"_ftnref249\"><\/a><a href=\"#_ftn249\"><sup>[<span style=\"font-family: 'times new roman', times;\"><strong>249<\/strong><\/span>]<\/sup><\/a><em> u \u010dlanku &bdquo;<\/em><em>Coronavirus Outbreak Triggers Surge in Pirated Downloads of the Film &lsquo;Contagion&rsquo;&ldquo;<\/em>, kod pisanja o rastu pretra\u017eivanja fraze &bdquo;contagion movie&ldquo;, referenca je stavljena na Google Trends. Kod informacije o porastu posudbi ovog filma izvje\u0161tavaju o informacijama s portala <strong>Buzzfeed<\/strong>. \u010clanak sadr\u017ei fotografiju i video isje\u010dak iz filma koji je objavljen na Youtube-u.<\/p>\n<p class=\"MsoNormal\" style=\"line-height: 170%;\"><strong>BuzzFeed<a name=\"_ftnref250\"><\/a><a href=\"#_ftn250\"><sup>[<span style=\"font-family: 'times new roman', times;\"><strong>250<\/strong><\/span>]<\/sup><\/a><\/strong> je 3. o\u017eujka 2020. godine objavio \u010dlanak naslova &bdquo;<em>Everyone Is Watching &ldquo;Contagion,&rdquo; A 9-Year-Old Movie About A Flu Outbreak&ldquo;<\/em>, koji sadr\u017ei plakat i fotografiju filma izvora Warner Bross. Kod izjave scenarista filma pozivaju se na <strong>Fortune Magazine<\/strong>.<\/p>\n<p class=\"MsoNormal\" style=\"line-height: 170%;\"><strong>Tportal<a name=\"_ftnref251\"><\/a><a href=\"#_ftn251\"><sup>[<span style=\"font-family: 'times new roman', times;\"><strong>251<\/strong><\/span>]<\/sup><\/a><\/strong>, je 31. sije\u010dnja 2020. godine objavio \u010dlanak pod naslovom <em>&bdquo;Ovo sad svi gledaju: Film &lsquo;Zaraza&rsquo; iz 2011. do\u017eivljava renesansu zahvaljuju\u0107i koronavirusu&ldquo;<\/em>, u kojem se kod svrstavanja ovog filma me\u0111u trenutno najpopularnije u svijetu referiraju na portal <strong>Hollywood Reporter<\/strong>. Kod informacija o oboljelima i riziku te \u0161irenju zaraze, referenca je stavljena na <strong>Centar za kontrolu bolesti<\/strong> i <strong>Svjetsku zdravstvenu organizaciju<\/strong>. Tako\u0111er, u \u010dlanku je objavljen isje\u010dak iz filma koji je objavljen na Youtube-u. <\/p>\n<p class=\"MsoNormal\" style=\"line-height: 170%;\"><strong>Portal Hollywood Reporter<a name=\"_ftnref252\"><\/a><a href=\"#_ftn252\"><sup>[<span style=\"font-family: 'times new roman', times;\"><strong>252<\/strong><\/span>]<\/sup><\/a><\/strong>, 28. sije\u010dnja 2020. godine objavio je \u010dlanak pod nazivom <em>&bdquo;&lsquo;Contagion&rsquo; Hits Top 10 on iTunes Movie Chart Amid Coronavirus Outbreak&ldquo;<\/em>, u kojem situaciju uzrokovanu korona virusom uspore\u0111uju s onom iz filma, uz isje\u010dak filma koji je objavljen na Youtube-u i fotografijom izvora <strong>Warner Bross Pictures<\/strong>. Kod pisanja o broju zara\u017eenih i mrtvih u Kini, osvrnuli su se na portal <strong>New York Times<\/strong>.<\/p>\n<p class=\"MsoNormal\" style=\"line-height: 170%;\">Film &bdquo;Zaraza&ldquo; uistinu ima fascinantnu sli\u010dnost s aktualnom pandemijom; ne samo zbog ranije gotovo nepojmljivog &bdquo;svijeta pod maskama&ldquo;, nego i simptoma, uzro\u010dnika zaraze, na\u010dina \u0161irenja i na\u010dina lije\u010denja tako da ponovljeno gledanje ovoga filma, sada iz diskursa gotovo sudionika, uistinu predstavlja novo iskustvo.<\/p>\n<p class=\"MsoNormal\" style=\"line-height: 170%;\"><strong>&nbsp;<\/strong><\/p>\n<p class=\"MsoNormal\" style=\"line-height: 170%;\"><strong>3.2.4. Slu\u010daj COVID-19 i romana &bdquo;O\u010di tame&ldquo;<\/strong><\/p>\n<p class=\"MsoNormal\" style=\"line-height: 170%;\">Roman <strong>&bdquo;The Eyes of Darkness&rdquo;<\/strong> (&bdquo;O\u010di tame&rdquo;) iz 1981. godine, ameri\u010dkog pisca <strong>Deana Koontza<\/strong> tako\u0111er se na\u0161ao u sredi\u0161tu pa\u017enje, jer kako isti\u010du neki mediji, Koontz je predvidio pandemiju COVID-19. U romanu je epicentar zaraze identi\u010dan, odnosno radi se o kineskom gradu Wuhanu. Virus je u navedenom romanu nazvan Wuhan-400. Unato\u010d sli\u010dnostima roman se uvelike razlikuje od situacije koja je 2020. potresla svijet.<\/p>\n<p class=\"MsoNormal\" style=\"line-height: 170%;\">Primjer medijske upotrebe romana ogleda se u \u010dlanku <em>&bdquo;Je li ovaj roman star 40 godina predvidio izbijanje koronavirusa? Sli\u010dnost je jeziva&ldquo;<\/em> portala <strong>index.hr<\/strong>. U navedenom \u010dlanku objavljenom 22. velja\u010de 2020. godine, opisuju se sli\u010dnosti izme\u0111u doga\u0111aja iz romana uzrokovanog virusom Wuhan-400 i virusa COVID-19. U \u010dlanku se Index nadovezuje na Facebook objave <strong>Rajaha Murugaiaha<\/strong>, u kojima su fotografije predmetnog romana (Slika 6.). Tako\u0111er, vezano uz kasnije promjene naziva virusa iz romana, referira se i na <strong>Taiwan News<\/strong>. Na kraju \u010dlanka Index se vezano uz mi\u0161ljenje o proro\u010danstvu osvr\u0107e i na pisca krimi\u0107a iz Hong Konga, <strong>Chana Ho-keija<\/strong>.<a name=\"_ftnref253\"><\/a><a href=\"#_ftn253\"><sup>[<span style=\"font-family: 'times new roman', times;\"><strong>253<\/strong><\/span>]<\/sup><\/a><\/p>\n<p class=\"MsoNormal\" style=\"line-height: 100%;\">&nbsp;<\/p>\n<div align=\"center\">\n<p><img loading=\"lazy\" decoding=\"async\" src=\"\/inmediasres\/images\/casopisi\/tkalec06.png\" alt=\"\" width=\"485\" height=\"463\" \/><\/p>\n<p class=\"MsoNormal\" style=\"line-height: 170%;\"><em>Slika 6. Facebook status<\/em><\/p>\n<\/div>\n<p class=\"MsoNormal\" style=\"line-height: 100%;\">&nbsp;<\/p>\n<p class=\"MsoNormal\" style=\"line-height: 170%;\">Iste tematike i sli\u010dnog naziva <em>&bdquo;Je li ovaj roman star 40 godina predvidio izbijanje koronavirusa?&ldquo;<\/em> \u010dlanak je objavio i portal <strong>Ezadar<a name=\"_ftnref254\"><\/a><a href=\"#_ftn254\"><sup>[<span style=\"font-family: 'times new roman', times;\"><strong>254<\/strong><\/span>]<\/sup><\/a><\/strong>, tako\u0111er 22. velja\u010de 2020. godine, a u izvoru, odnosno na mjestu autora \u010dlanka naveden je portal <strong>Index<\/strong>.<\/p>\n<p class=\"MsoNormal\" style=\"line-height: 170%;\">Dan kasnije, 23. velja\u010de 2020. godine portal <strong>rtl.hr<\/strong> objavio je \u010dlanak iste tematike pod naslovom <em>&bdquo;Je li roman star 40 godina predvidio koronavirus? \u017dari\u0161te zaraze je Wuhan, a umru milijuni ljudi&ldquo;<\/em>. U \u010dlanku tako\u0111er prenose objavu <strong>Rajaha Murugaiaha<\/strong>, koja sadr\u017ei fotografije predmetnog romana, a tako\u0111er se nadovezuju i na <strong>Mashable<\/strong>, kao i na pisca krimi\u0107a <strong>Chana Ho-keija<\/strong>.<a name=\"_ftnref255\"><\/a><a href=\"#_ftn255\"><sup>[<span style=\"font-family: 'times new roman', times;\"><strong>255<\/strong><\/span>]<\/sup><\/a><\/p>\n<p class=\"MsoNormal\" style=\"line-height: 170%;\">Portal na koji se pozvao <strong>rtl.hr<\/strong>, <strong>Mashable SE Asia<a name=\"_ftnref256\"><\/a><a href=\"#_ftn256\"><sup>[<span style=\"font-family: 'times new roman', times;\"><strong>256<\/strong><\/span>]<\/sup><\/a><\/strong>, objavio je \u010dlanak pod nazivom <em>&bdquo;People are claiming that this novel predicted coronavirus. Did it really?&ldquo;<\/em>, u kojem se osvr\u0107u na sam roman objaviv\u0161i sliku odabranog teksta iz romana, objavljenog na Google Books te kroz Facebook objavu <strong>Rajaha Murugaiaha<\/strong>. Referiraju\u0107i se na <strong>Taiwan News<\/strong>, spominje se naknadna promjena imena virusa u romanu iz Gorki-400, koji je bio kreacija ruskih znanstvenika u Wuhan-400 koji je razvila kineska vlada. Referenca je stavljena i kod izjave pisca krimi\u0107a Chana Ho-keija na portal koji ga je intervjuirao, <strong>South China Morning Post<\/strong>. Kao izvori slika koji se pojavljuju u \u010dlanku spomenuti su i Taiwan News te Facebook profil Sebastiana Hayzela Matutinoa. Osim slika predmetnog romana, u sklopu \u010dlanka objavljena je i strip slika Asterix &amp; Obelix (Slika 7.) s tematikom korona virusa, izvora Read Comics.<\/p>\n<p class=\"MsoNormal\" style=\"line-height: 100%;\">&nbsp;<\/p>\n<div align=\"center\">\n<p><img loading=\"lazy\" decoding=\"async\" src=\"\/inmediasres\/images\/casopisi\/tkalec07.png\" alt=\"\" width=\"636\" height=\"375\" \/><\/p>\n<p class=\"MsoNormal\" style=\"line-height: 170%;\"><em>Slika 7. Asterix &amp; Obelix u korona virus tematici<\/em><\/p>\n<\/div>\n<p class=\"MsoNormal\" style=\"line-height: 100%;\">&nbsp;<\/p>\n<p class=\"MsoNormal\" style=\"line-height: 170%;\"><strong>Portal Taiwan news<a name=\"_ftnref257\"><\/a><a href=\"#_ftn257\"><sup>[<span style=\"font-family: 'times new roman', times;\"><strong>257<\/strong><\/span>]<\/sup><\/a><\/strong>, na kojeg se nadovezuju prethodno navedeni portali, objavio je 13. velja\u010de 2020. godine \u010dlanak pod naslovom <em>&bdquo;China&rsquo;s coronavirus predicted in 1981 US novel&ldquo;<\/em> koji sadr\u017ei slike predmetnog romana, a kod pisanja o virusu iz romana, referira se na portal <strong>Liberty Times<\/strong>. Kod izno\u0161enja informacija o izmjeni naziva virusa u romanu, <strong>Taiwan news<\/strong> prenosi \u010dlanak iz <strong>SET News-a<\/strong>.<\/p>\n<p class=\"MsoNormal\" style=\"line-height: 170%;\">&nbsp;<\/p>\n<p class=\"MsoNormal\" style=\"line-height: 170%;\"><strong>4. PORUKE KOJE SVI PONAVLJAJU<\/strong><\/p>\n<p class=\"MsoNormal\" style=\"line-height: 170%;\">Specifi\u010dnost 2020. godine mo\u017ee se i\u0161\u010ditati i iz, \u010dak mo\u017eda banalnih, izbora za &bdquo;najrije\u010d&ldquo; godine. Nacional 7. prosinca 2020. pi\u0161e &bdquo;Ameri\u010dka izdava\u010dka ku\u0107a Merriam-Webster, posebno poznata po rje\u010dnicima engleskog jezika, i Savez za njema\u010dki jezik (GfdS) odvojeno su rije\u010d pandemija izabrali za rije\u010d godine na svojim jezicima. U godini u kojoj je vi\u0161e od milijun i pol ljudi u svijetu umrlo od virusa COVID-19, pandemija je bila naj\u010de\u0161\u0107e tra\u017eena rije\u010d u na\u0161im rje\u010dnicima, priop\u0107ili su iz Merriam-Webstera\/\u2026\/Potraga za zna\u010denjem rije\u010di neslu\u0107eno je narasla nakon 11. o\u017eujka kad je Svjetska zdravstvena organizacija proglasila pandemiju. Skok je bio \u010dak 115 tisu\u0107a posto u odnosu na isti dan 2019. godine, prenosi Reuters. U Njema\u010dkoj je stru\u010dni sud jezikoslovaca analizirao koje su rije\u010di i pojmovi najvi\u0161e oblikovali politi\u010dki, dru\u0161tveni i ekonomski \u017eivot u zemlji ove godine, pi\u0161e DPA. Nakon o\u010dekivanog svrstavanja pandemije na prvo mjesto, na drugo su izabrali anglizam &lsquo;lockdown&rsquo; (zatvaranje)&ldquo;<a name=\"_ftnref258\"><\/a><a href=\"#_ftn258\"><sup>[<span style=\"font-family: 'times new roman', times;\"><strong>258<\/strong><\/span>]<\/sup><\/a>. Jutarnji list 10. studenoga 2020. prenosi vijest kako je Collinsov rje\u010dnik rije\u010dju godine proglasio &lsquo;lockdown&rsquo; (zatvaranje) i nastavlja &bdquo;\u0160est od deset rije\u010di koje su u\u0161le u u\u017ei izbor odnosile su se na pandemiju, a me\u0111u njima su &ldquo;koronavirus&rdquo;, &ldquo;samoizolacija&rdquo; i &ldquo;socijalno distanciranje&rdquo; \/\u2026\/Uredni\u0161tvo Collinsa je pojasnilo da je u 2020. rije\u010d &lsquo;lockdown&rsquo; upotrijebljena vi\u0161e od 250.000 puta u odnosu na samo 4000 puta pro\u0161le godine&ldquo;.<a name=\"_ftnref259\"><\/a><a href=\"#_ftn259\"><sup>[<span style=\"font-family: 'times new roman', times;\"><strong>259<\/strong><\/span>]<\/sup><\/a> Ve\u010dernji list od 24. studenoga 2020. navodi kako je prekinuta tradicija te izdava\u010d Oxfordskog rje\u010dnika nije uspio odabrati rije\u010d godine, ali objavljuje izvje\u0161\u0107e &bdquo;Pandemija koronavirusa iznjedrila je brojne rije\u010di na popisu: &lsquo;lockdown&rsquo; (zatvaranje), &lsquo;circuit breaker&rsquo; (mini zatvaranje, kratko zatvaranje), &lsquo;shelter-in-place&rsquo; (slu\u017ebena odredba izdana za vrijeme izvanrednog stanja kojom se ljudima savjetuje da ostanu u svojem domu i da ga ne napu\u0161taju ako nije prijeko potrebno), &lsquo;remote\/ly&rsquo; (bez fizi\u010dkog kontakta) i &lsquo;unmute&rsquo; (ponovno uklju\u010diti zvuk ili ure\u0111aj)&ldquo;<a name=\"_ftnref260\"><\/a><a href=\"#_ftn260\"><sup>[<span style=\"font-family: 'times new roman', times;\"><strong>260<\/strong><\/span>]<\/sup><\/a>. Ve\u0107 i kroz pregled rije\u010di mo\u017eemo detektirati usmjerenost pozornosti javnosti na odre\u0111ene pojmove koje su nesumnjivo prepoznali i brojni alati za marketin\u0161ko targetiranje. Javnost je neizmjerno zainteresirana za sve vezano uz koronavirus tako da je bilo samo pitanje vremena kada \u0107e fokus javnosti dobiti novu, komercijalnu dimenziju. Prepoznato je to i u osobnom marketingu pa su vrlo brzo i razli\u010diti politi\u010dari po\u010deli koristiti ovu temu kako bi dobili \u0161to ve\u0107u medijsku pozornost, a pomalo apsurdno, situacija s koronavirusom po\u010dela se koristiti i u komercijalne svrhe, ali o tome ne\u0161to kasnije.<\/p>\n<p class=\"MsoNormal\" style=\"line-height: 170%;\">Kao \u0161to je ve\u0107 u prethodnom dijelu ovog rada spomenuto, mediji u doba kriznih situacija imaju izrazitu mo\u0107 \u0161irenja potrebnih i nepotrebnih informacija. Imaju mo\u0107 smirivanja situacije ali i mo\u0107 izazivanja panike. Na medijima je, barem onima koji se ozbiljno bave svojim poslom, zapravo veliki teret i dru\u0161tvena odgovornost. Mediji su ti koji su na prvoj liniji informiranja. Iako postoje slu\u017ebene web stranice razli\u010ditih institucija koje obavje\u0161tavaju gra\u0111ane o mjerama sigurnosti, mediji su ti koji takve informacije prenose, a tada je na njima odgovornost da ih prenose bez iskrivljavanja i nepotrebnog senzacionalizma.<\/p>\n<p class=\"MsoNormal\" style=\"line-height: 170%;\">Jedan od primjera poruke koju su svi mediji diljem Republike Hrvatske, od o\u017eujka do svibnja 2020. godine prenosili bila je <strong><em>&bdquo;ostani doma&ldquo;<\/em><\/strong>. Svi mediji upozoravali su gra\u0111anstvo na odgovornost istom porukom. Kako su tijekom svibnja 2020. godine mjere po\u010dele popu\u0161tati i ova poruka je s vremenom imala sve manje smisla, pre\u0161lo se na poruku <strong><em>&bdquo;budimo odgovorni&ldquo;<\/em><\/strong>.<\/p>\n<p class=\"MsoNormal\" style=\"line-height: 170%;\">Osim navedenih poruka, u medijskom se prostoru u spomenutom vremenskom razdoblju moglo primijetiti da se \u010desto spominjala fraza <strong><em>&bdquo;vi\u0161e ni\u0161ta ne\u0107e biti isto&ldquo;<\/em><\/strong> te se \u010desto postavljalo pitanje <strong><em>&bdquo;ho\u0107e li COVID-19 promijeniti svijet?&ldquo;<\/em><\/strong>, <strong>&bdquo;<em>novo normalno<\/em>&ldquo;<\/strong> i sli\u010dno.<\/p>\n<p class=\"MsoNormal\" style=\"line-height: 170%;\">I premda ih ne mo\u017eemo smatrati intertekstualo\u0161\u0107u nego novonastalim frazama, zanimljivo je kako se te fraze udoma\u0107uju upravo kroz intertekstualnu upotrebu tako se, primjerice, &bdquo;novo normalno&ldquo; analizira u emisiji HRT 4 od 20. srpnja 2020. godine, a pod naslovom &bdquo;\u0160to-znaci-novo-normalno-i-kako-ga-prihvatiti&ldquo;. Emisiju prenosi i portal poliklinike za za\u0161titu djece i mladih grada Zagreba<a name=\"_ftnref261\"><\/a><a href=\"#_ftn261\"><sup>[<span style=\"font-family: 'times new roman', times;\"><strong>261<\/strong><\/span>]<\/sup><\/a>. &bdquo;Novo normalno&ldquo; koristi se i u reklamama za televizore pa tako jedan trgova\u010dki lanac &bdquo;novim normalnim&ldquo; progla\u0161ava televizore od 85 in\u010da<a name=\"_ftnref262\"><\/a><a href=\"#_ftn262\"><sup>[<span style=\"font-family: 'times new roman', times;\"><strong>262<\/strong><\/span>]<\/sup><\/a>. Op\u0107eprihva\u0107en slogan koristi se i u reklamiranju kozmetike<a name=\"_ftnref263\"><\/a><a href=\"#_ftn263\"><sup>[<span style=\"font-family: 'times new roman', times;\"><strong>263<\/strong><\/span>]<\/sup><\/a> i lijekova pa \u010dak i za nazive stru\u010dnih konferencija te tako Lider organizira konferenciju pod nazivom &bdquo;Liderova konferencija za novo normalno&ldquo;<a name=\"_ftnref264\"><\/a><a href=\"#_ftn264\"><sup>[<span style=\"font-family: 'times new roman', times;\"><strong>264<\/strong><\/span>]<\/sup><\/a>.<\/p>\n<p class=\"MsoNormal\" style=\"line-height: 100%;\">&nbsp;<\/p>\n<div align=\"center\">\n<p><img loading=\"lazy\" decoding=\"async\" src=\"\/inmediasres\/images\/casopisi\/tkalec08.png\" alt=\"\" width=\"670\" height=\"324\" \/><\/p>\n<p class=\"MsoNormal\" style=\"line-height: 170%;\"><em>Slika 8. Reklama za &bdquo;Novo normalno paket&ldquo; kozmetike<\/em><\/p>\n<\/div>\n<p class=\"MsoNormal\" style=\"line-height: 100%;\">&nbsp;<\/p>\n<p class=\"MsoNormal\" style=\"line-height: 170%;\">&bdquo;Ostani doma&ldquo; tako\u0111er je kroz u\u010destalo ponavljanje postala sintagma koja je, uz po\u010detni cilj zadr\u017eavanja ljudi u ku\u0107ama nadrasla u marketin\u0161ku krilaticu razdoblja te se ve\u0107 u tra\u017eilicama odmah pri pisanju nude daljnje pretrage &bdquo;ostani doma i kuhaj&ldquo;, &bdquo;ostani doma trening&ldquo;, &bdquo;ostani doma predstave&ldquo; pa sve do &bdquo;ostani doma i slavi gospodina&ldquo;.<\/p>\n<p class=\"MsoNormal\" style=\"line-height: 170%;\">Osobito je zanimljivo intermedijalno kori\u0161tenje ove krilatice u humoristi\u010dnim sadr\u017eajima koji su preplavili dru\u0161tvene mre\u017ee, ali i primjerice, u stripu i karikaturama koji su zbog svoje vizualnosti iznimno pogodni za povezivanje s likovnom umjetno\u0161\u0107u, napose s u masovnoj publici prepoznatljivim djelima reprezentativnih umjetnika. Takav spoj &bdquo;visoke&ldquo; umjetnosti i &bdquo;niskoga&ldquo; medija kakvim se \u010desto neopravdano smatraju strip i karikatura, daje dodatnu dozu humoristi\u010dnosti i dodatnu vrijednost intermedijalnosti. <\/p>\n<p class=\"MsoNormal\" style=\"line-height: 100%;\">&nbsp;<\/p>\n<div align=\"center\">\n<p><img loading=\"lazy\" decoding=\"async\" src=\"\/inmediasres\/images\/casopisi\/tkalec09.png\" alt=\"\" width=\"465\" height=\"547\" \/><\/p>\n<p class=\"MsoNormal\" style=\"line-height: 170%;\"><em>Slika 9 Intermedijalna upotreba slike Van Gogha u karikaturi B. Zupan\u010di\u010d.<\/em><\/p>\n<\/div>\n<p class=\"MsoNormal\" style=\"line-height: 170%;\">&nbsp;<\/p>\n<div align=\"center\">\n<p><img loading=\"lazy\" decoding=\"async\" src=\"\/inmediasres\/images\/casopisi\/tkalec10.png\" alt=\"\" width=\"678\" height=\"320\" \/><\/p>\n<p class=\"MsoNormal\" style=\"line-height: 170%;\"><em>Slika 10 Intermedijalna upotreba slike Da Vincija u karikaturi J. Rov\u0161ek<\/em><\/p>\n<\/div>\n<p class=\"MsoNormal\" style=\"line-height: 100%;\">&nbsp;<\/p>\n<p class=\"MsoNormal\" style=\"line-height: 170%;\">Ovako intermedijalno kori\u0161tenje umjetni\u010dkih medija u humoristi\u010dne svrhe bilo je iznimno \u010desto u objavama o koronavirusu koji su na taj na\u010din, kroz humor, omogu\u0107avale publici da kroz povezivanje poznatih i novih sadr\u017eaja smanji strah od nepoznatoga i familijarizira se s novim pojmovima i novim situacijama. Stvara se dojam da je ovako intenzivno kori\u0161tenje intertekstualnosti i intermedijalnosti uzrokovano upravo tim razlogom. Prevelika koli\u010dina &bdquo;praznih mjesta&ldquo; koja je postojala osobito po\u010detkom pandemije, morala se nadomjestiti ranijim iskustvima. Ukoliko je takvih iskustava bilo malo ili su bila nedostatna, posezalo se za fikcijom, ali onom ranije ostvarenom u likovnoj umjetnosti, filmu ili knji\u017eevnosti koja time \u0161to je ranije postojala davala je dozu legitimnosti.<\/p>\n<p class=\"MsoNormal\" style=\"line-height: 170%;\">&nbsp;<\/p>\n<p class=\"MsoNormal\" style=\"line-height: 170%;\"><strong>5. ZAKLJU\u010cAK<\/strong><\/p>\n<p class=\"MsoNormal\" style=\"line-height: 170%;\">\u010clanci koji sadr\u017ee tematiku korona virusa vrlo \u010desto sadr\u017ee metatekst, a \u010desto isti postaju i prototekst. Iako se \u010de\u0161\u0107e doga\u0111aju situacije da se napi\u0161e knji\u017eevno djelo ili da se snimi film inspiriran stvarnim doga\u0111ajima, mediji su 2020. godinu po\u010deli raznim naga\u0111anjima o proro\u010danstvima o virusu COVID-19, najavljenima kroz film i roman pa \u010dak i Bibliju. Mediji su imali mo\u0107 kroz svoje vijesti \u0161iriti paniku koja se, pokazala je ova situacija, \u0161irila jednako brzo kao i sam virus, ako ne i br\u017ee. Iako se neki mediji nisu libili poistovjetiti posljedice kuge s onima od virusa COVID-19, va\u017eno je razmisliti i o usporedbi ostalih negativnih posljedica kojima doprinose, a koje se mogu ogledati u rasisti\u010dkim i ksenofobnim ispadima u komentarima \u010ditatelja, koje mediji mogu prouzro\u010diti indicijama stvorenim u svojim sadr\u017eajima. Mediji zahvaljuju\u0107i intertekstualnosti i intermedijalnosti danas mogu najbr\u017ee prenijeti izrazito opasan virus zvan &bdquo;predrasuda&ldquo;.<\/p>\n<p class=\"MsoNormal\" style=\"line-height: 170%;\">Intenzivno kori\u0161tenje intertekstualnosti i intermedijalnosti uzrokovano je zadovoljavanjem potreba publike da kroz povezivanje poznatih i novih sadr\u017eaja smanji strah od nepoznatoga i familijarizira se s novim pojmovima i novim situacijama. Prevelika koli\u010dina nepoznanica koja je postojala osobito po\u010detkom pandemije, morala se nadomjestiti ranijim iskustvima kako bi publika lak\u0161e usvojila \u017eeljene obrasce pona\u0161anja. Budu\u0107i da je takvih iskustava bilo malo i bila su relativno nepoznata, posegnulo se za ranije usvojenim modelima iz kolektivnog, op\u0107eg znanja, \u0161to je i novom sadr\u017eaju dalo dozu legitimnosti.<\/p>\n<p class=\"MsoNormal\" style=\"line-height: 170%;\">Zanimljiva je i metamorfoza sadr\u017eaja i objava vezanih uz koronavirus koji iz informativnog i mobilizacijskog vremenom prerasta u komercijalni dokazuju\u0107i time da svaki pojam za koji postoji interes, pa makar taj pojam bio i bolest, kad \u2013 tad u suvremeno vrijeme postaje roba koja se prodaje.<\/p>\n<p class=\"MsoNormal\" style=\"line-height: 150%;\">&nbsp;<\/p>\n<hr align=\"left\" size=\"1\" width=\"33%\" \/>\n<div id=\"ftn222\">\n<p class=\"MsoNormal\" style=\"line-height: 150%;\"><span style=\"font-size: 8.0pt;\"><a name=\"_ftn222\"><\/a><a href=\"#_ftnref222\"><sup>[<span style=\"font-family: 'times new roman', \ntimes;\"><strong>222<\/strong><\/span>]<\/sup><\/a>&nbsp;<br \/>\nWe Are Social &amp; Hootsuite, <em>Digital 2020 Global Digital Overview. January 2020<\/em>., str. 8., <a href=\"https:\/\/wearesocial.com\/blog\/2020\/01\/digital-2020-3-8-billion-people-use-social-media\">https:\/\/wearesocial.com\/blog\/2020\/01\/digital-2020-3-8-billion-people-use-social-media<\/a>, pristup 3. svibnja 2020.<br \/>\n<\/span><\/p>\n<\/div>\n<div id=\"ftn223\">\n<p class=\"MsoNormal\" style=\"line-height: 150%;\"><span style=\"font-size: 8.0pt;\"><a name=\"_ftn223\"><\/a><a href=\"#_ftnref223\"><sup>[<span style=\"font-family: 'times new roman', \ntimes;\"><strong>223<\/strong><\/span>]<\/sup><\/a>&nbsp;<br \/>\nWe Are Social &amp; Hootsuite, <em>Digital 2020. April Global Statshot Report<\/em>, str. 7., <a href=\"https:\/\/wearesocial.com\/blog\/2020\/04\/digital-around-the-world-in-april-2020\">https:\/\/wearesocial.com\/blog\/2020\/04\/digital-around-the-world-in-april-2020<\/a>, pristup 15. svibnja 2020. <\/p>\n<p><\/span><\/p>\n<\/div>\n<div id=\"ftn224\">\n<p class=\"MsoNormal\" style=\"line-height: 150%;\"><span style=\"font-size: 8.0pt;\"><a name=\"_ftn224\"><\/a><a href=\"#_ftnref224\"><sup>[<span style=\"font-family: 'times new roman', \ntimes;\"><strong>224<\/strong><\/span>]<\/sup><\/a>&nbsp;<br \/>\nWe Are Social &amp; Hootsuite, <em>Digital 2020: July Global Statshot<\/em>, str. 7., <a href=\"https:\/\/www.slideshare.net\/DataReportal\/digital-2020-october-global-statshot-report-october-2020-v01\">https:\/\/www.slideshare.net\/DataReportal\/digital-2020-october-global-statshot-report-october-2020-v01<\/a>, pristup 15. studenog 2020.<br \/>\n<\/span><\/p>\n<\/div>\n<div id=\"ftn225\">\n<p class=\"MsoNormal\" style=\"line-height: 150%;\"><span style=\"font-size: 8.0pt;\"><a name=\"_ftn225\"><\/a><a href=\"#_ftnref225\"><sup>[<span style=\"font-family: 'times new roman', \ntimes;\"><strong>225<\/strong><\/span>]<\/sup><\/a>&nbsp;<br \/>\nWe Are Social &amp; Hootsuite, <em>Digital 2020: Croatia<\/em>, str. 16., <a href=\"https:\/\/datareportal.com\/reports\/digital-2020-croatia\">https:\/\/datareportal.com\/reports\/digital-2020-croatia<\/a>, pristup 15. svibnja 2020.<\/p>\n<p><\/span><\/p>\n<\/div>\n<div id=\"ftn226\">\n<p class=\"MsoNormal\" style=\"line-height: 150%;\"><span style=\"font-size: 8.0pt;\"><a name=\"_ftn226\"><\/a><a href=\"#_ftnref226\"><sup>[<span style=\"font-family: 'times new roman', \ntimes;\"><strong>226<\/strong><\/span>]<\/sup><\/a>&nbsp;<br \/>\nNielsen, <em>Staying PUT: Consumers Forced Indoors During Crisis Spend More Time On Media<\/em>, <a href=\"https:\/\/www.nielsen.com\/us\/en\/insights\/article\/2020\/staying-put-consumers-forced-indoors-during-crisis-spend-more-time-on-media\/,\">https:\/\/www.nielsen.com\/us\/en\/insights\/article\/2020\/staying-put-consumers-forced-indoors-during-crisis-spend-more-time-on-media\/, <\/a>pristup 11. svibnja 2020. <\/p>\n<p><\/span><\/p>\n<\/div>\n<div id=\"ftn227\">\n<p class=\"MsoNormal\" style=\"line-height: 150%;\"><span style=\"font-size: 8.0pt;\"><a name=\"_ftn227\"><\/a><a href=\"#_ftnref227\"><sup>[<span style=\"font-family: 'times new roman', \ntimes;\"><strong>227<\/strong><\/span>]<\/sup><\/a>&nbsp;<br \/>\nPew Research Center, <em>53% of Americans Say the Internet Has Been Essential During the COVID-19 Outbreak,<\/em> <a href=\"https:\/\/www.pewresearch.org\/internet\/2020\/04\/30\/53-of-americans-say-the-internet-has-been-essential-during-the-covid-19-outbreak\/\">https:\/\/www.pewresearch.org\/internet\/2020\/04\/30\/53-of-americans-say-the-internet-has-been-essential-during-the-covid-19-outbreak\/<\/a>, pristup 16. svibnja 2020.<br \/>\n<\/span><\/p>\n<\/div>\n<div id=\"ftn228\">\n<p class=\"MsoNormal\" style=\"line-height: 150%;\"><span style=\"font-size: 8.0pt;\"><a name=\"_ftn228\"><\/a><a href=\"#_ftnref228\"><sup>[<span style=\"font-family: 'times new roman', \ntimes;\"><strong>228<\/strong><\/span>]<\/sup><\/a>&nbsp;<br \/>\nWorld Health Organization<em>. An ad hoc WHO technical consultation managing the COVID-19 infodemic: call for action, <\/em><a href=\"https:\/\/www.who.int\/publications\/i\/item\/9789240010314\">https:\/\/www.who.int\/publications\/i\/item\/9789240010314<\/a>, pristup 15. studenog 2020.<\/p>\n<p><\/span><\/p>\n<\/div>\n<div id=\"ftn229\">\n<p class=\"MsoNormal\" style=\"line-height: 150%;\"><span style=\"font-size: 8.0pt;\"><a name=\"_ftn229\"><\/a><a href=\"#_ftnref229\"><sup>[<span style=\"font-family: 'times new roman', \ntimes;\"><strong>229<\/strong><\/span>]<\/sup><\/a>&nbsp;<br \/>\nKristeva, J., ed. M. Toril, <em>The Kristeva reader<\/em>, Columbia University Press, New York 1986., str. 37.<br \/>\n<\/span><\/p>\n<\/div>\n<div id=\"ftn230\">\n<p class=\"MsoNormal\" style=\"line-height: 150%;\"><span style=\"font-size: 8.0pt;\"><a name=\"_ftn230\"><\/a><a href=\"#_ftnref230\"><sup>[<span style=\"font-family: 'times new roman', \ntimes;\"><strong>230<\/strong><\/span>]<\/sup><\/a>&nbsp;<br \/>\nRajewsky, Irina O., <em>Intermediality, Intertextuality and Remediation: A Literary Perspective on Intermediality<\/em>, str. 54., <a href=\"https:\/\/www.erudit.org\/revue\/im\/2005\/v\/n6\/1005505ar.pdf\">https:\/\/www.erudit.org\/revue\/im\/2005\/v\/n6\/1005505ar.pdf<\/a>, pristup 11. svibnja 2020. <\/p>\n<p><\/span><\/p>\n<\/div>\n<div id=\"ftn231\">\n<p class=\"MsoNormal\" style=\"line-height: 150%;\"><span style=\"font-size: 8.0pt;\"><a name=\"_ftn231\"><\/a><a href=\"#_ftnref231\"><sup>[<span style=\"font-family: 'times new roman', \ntimes;\"><strong>231<\/strong><\/span>]<\/sup><\/a>&nbsp;<br \/>\nJuvan, M., <em>Intertekstualnos<\/em>t, Dr\u017eavna zalo\u017eba Slovenije, Ljubljana 2000.<\/p>\n<p><\/span><\/p>\n<\/div>\n<div id=\"ftn232\">\n<p class=\"MsoNormal\" style=\"line-height: 150%;\"><span style=\"font-size: 8.0pt;\"><a name=\"_ftn232\"><\/a><a href=\"#_ftnref232\"><sup>[<span style=\"font-family: 'times new roman', \ntimes;\"><strong>232<\/strong><\/span>]<\/sup><\/a>&nbsp;<br \/>\nRajewsky, Irina O., <em>Intermediality, Intertextuality and Remediation: A Literary Perspective on Intermediality,<\/em> str. 51-52., <a href=\"https:\/\/www.erudit.org\/revue\/im\/2005\/v\/n6\/1005505ar.pdf\">https:\/\/www.erudit.org\/revue\/im\/2005\/v\/n6\/1005505ar.pdf<\/a>, pristup 11. svibnja 2020. <\/p>\n<p><\/span><\/p>\n<\/div>\n<div id=\"ftn233\">\n<p class=\"MsoNormal\" style=\"line-height: 150%;\"><span style=\"font-size: 8.0pt;\"><a name=\"_ftn233\"><\/a><a href=\"#_ftnref233\"><sup>[<span style=\"font-family: 'times new roman', \ntimes;\"><strong>233<\/strong><\/span>]<\/sup><\/a>&nbsp;<br \/>\nRajewsky, Irina O., <em>Intermediality, Intertextuality and Remediation: A Literary Perspective on Intermediality<\/em>, str. 53., <a href=\"https:\/\/www.erudit.org\/revue\/im\/2005\/v\/n6\/1005505ar.pdf\">https:\/\/www.erudit.org\/revue\/im\/2005\/v\/n6\/1005505ar.pdf<\/a>, pristup 11. svibnja 2020.<br \/>\n<\/span><\/p>\n<\/div>\n<div id=\"ftn234\">\n<p class=\"MsoNormal\" style=\"line-height: 150%;\"><span style=\"font-size: 8.0pt;\"><a name=\"_ftn234\"><\/a><a href=\"#_ftnref234\"><sup>[<span style=\"font-family: 'times new roman', \ntimes;\"><strong>234<\/strong><\/span>]<\/sup><\/a>&nbsp;<br \/>\nRyznar, A., <em>Interdiskurzivnost: stilisti\u010dki prilog teoriji knji\u017eevnoga diskurza.Umjetnost rije\u010di<\/em>. 58(1), str. 64., <a href=\"https:\/\/hrcak.srce.hr\/159363\">https:\/\/hrcak.srce.hr\/159363<\/a>, pristup 14. svibnja 2020.<\/p>\n<p><\/span><\/p>\n<\/div>\n<div id=\"ftn235\">\n<p class=\"MsoNormal\" style=\"line-height: 150%;\"><span style=\"font-size: 8.0pt;\"><a name=\"_ftn235\"><\/a><a href=\"#_ftnref235\"><sup>[<span style=\"font-family: 'times new roman', \ntimes;\"><strong>235<\/strong><\/span>]<\/sup><\/a>&nbsp;<br \/>\nMakovi\u0107 Z. (ur.) <em>Intertekstualnost &amp; intermedijalnost<\/em>, Zavod za znanost o knji\u017eevnosti Filozofskog fakulteta Sveu\u010dili\u0161ta u Zagrebu. Zagreb, 1988.<\/p>\n<p><\/span><\/p>\n<\/div>\n<div id=\"ftn236\">\n<p class=\"MsoNormal\" style=\"line-height: 150%;\"><span style=\"font-size: 8.0pt;\"><a name=\"_ftn236\"><\/a><a href=\"#_ftnref236\"><sup>[<span style=\"font-family: 'times new roman', \ntimes;\"><strong>236<\/strong><\/span>]<\/sup><\/a>&nbsp;<br \/>\n<em>Korona virus<\/em>, Naslovna strana, <a href=\"https:\/\/www.koronavirus.hr\/\">https:\/\/www.koronavirus.hr\/<\/a>\/, pristupi 9. svibnja 2020, 15. studenog 2020, 15. prosinca 2020.<br \/>\n<\/span><\/p>\n<\/div>\n<div id=\"ftn237\">\n<p class=\"MsoNormal\" style=\"line-height: 150%;\"><span style=\"font-size: 8.0pt;\"><a name=\"_ftn237\"><\/a><a href=\"#_ftnref237\"><sup>[<span style=\"font-family: 'times new roman', \ntimes;\"><strong>237<\/strong><\/span>]<\/sup><\/a>&nbsp;<br \/>\nBeker, Miroslav, <em>Tekst\/intertekst, u: Intertekstualnost &amp; intermedijalnost<\/em>,\u00a0 str. 9. \u2013 20, Zagreb, 1988.<\/p>\n<p><\/span><\/p>\n<\/div>\n<div id=\"ftn238\">\n<p class=\"MsoNormal\" style=\"line-height: 150%;\"><span style=\"font-size: 8.0pt;\"><a name=\"_ftn238\"><\/a><a href=\"#_ftnref238\"><sup>[<span style=\"font-family: 'times new roman', \ntimes;\"><strong>238<\/strong><\/span>]<\/sup><\/a>&nbsp;<br \/>\nVe\u010dernji, <em>Opstanak banaka je upitan, koronavirus mo\u017eemo nazvati modernom kugom<\/em>, <a href=\"https:\/\/www.vecernji.hr\/vijesti\/opstanak-banaka-je-upitan-koronavirus-mozemo-nazvati-modernom-kugom-1393523\">https:\/\/www.vecernji.hr\/vijesti\/opstanak-banaka-je-upitan-koronavirus-mozemo-nazvati-modernom-kugom-1393523<\/a>, pristup 1. svibnja 2020.<\/p>\n<p><\/span><\/p>\n<\/div>\n<div id=\"ftn239\">\n<p class=\"MsoNormal\" style=\"line-height: 150%;\"><span style=\"font-size: 8.0pt;\"><a name=\"_ftn239\"><\/a><a href=\"#_ftnref239\"><sup>[<span style=\"font-family: 'times new roman', \ntimes;\"><strong>239<\/strong><\/span>]<\/sup><\/a>&nbsp;<br \/>\nIndex, Beljak: <em>Uvijek je i\u0161la kuga pa glad pa rat, a korona je moderna kuga<\/em>, <a href=\"https:\/\/www.index.hr\/vijesti\/clanak\/beljak-uvijek-je-isla-kuga-pa-glad-pa-rat-a-korona-je-moderna-kuga\/2174016.aspx?index_ref=read_more_d\">https:\/\/www.index.hr\/vijesti\/clanak\/beljak-uvijek-je-isla-kuga-pa-glad-pa-rat-a-korona-je-moderna-kuga\/2174016.aspx?index_ref=read_more_d<\/a>, \u00a0pristup 2. svibnja 2020. <\/p>\n<p><\/span><\/p>\n<\/div>\n<div id=\"ftn240\">\n<p class=\"MsoNormal\" style=\"line-height: 150%;\"><span style=\"font-size: 8.0pt;\"><a name=\"_ftn240\"><\/a><a href=\"#_ftnref240\"><sup>[<span style=\"font-family: 'times new roman', \ntimes;\"><strong>240<\/strong><\/span>]<\/sup><\/a>&nbsp;<br \/>\nNacional, <em>BELJAK: Kuga pa glad pa rat, a korona je moderna kuga,<\/em> <a href=\"https:\/\/www.nacional.hr\/beljak-kuga-pa-glad-pa-rat-a-korona-je-moderna-kuga\/\">https:\/\/www.nacional.hr\/beljak-kuga-pa-glad-pa-rat-a-korona-je-moderna-kuga\/<\/a>, \u00a0pristup 5. svibnja 2020. <\/p>\n<p><\/span><\/p>\n<\/div>\n<div id=\"ftn241\">\n<p class=\"MsoNormal\" style=\"line-height: 150%;\"><span style=\"font-size: 8.0pt;\"><a name=\"_ftn241\"><\/a><a href=\"#_ftnref241\"><sup>[<span style=\"font-family: 'times new roman', \ntimes;\"><strong>241<\/strong><\/span>]<\/sup><\/a>&nbsp;<br \/>\nExpress, <em>Coronavirus vs Black Death: Which is worse? COVID-19 or the bubonic plague<\/em>?, <a href=\"https:\/\/www.express.co.uk\/life-style\/health\/1252395\/coronavirus-vs-black-death-plague-worse-covid-19-news-update-bubonic-plague\">https:\/\/www.express.co.uk\/life-style\/health\/1252395\/coronavirus-vs-black-death-plague-worse-covid-19-news-update-bubonic-plague<\/a>, pristup 1. svibnja 2020.<br \/>\n<\/span><\/p>\n<\/div>\n<div id=\"ftn242\">\n<p class=\"MsoNormal\" style=\"line-height: 150%;\"><span style=\"font-size: 8.0pt;\"><a name=\"_ftn242\"><\/a><a href=\"#_ftnref242\"><sup>[<span style=\"font-family: 'times new roman', \ntimes;\"><strong>242<\/strong><\/span>]<\/sup><\/a>&nbsp;<br \/>\nExpress, <em>Is coronavirus mentioned in the Bible? Pastor says COVID-19 &lsquo;is not a big deal to God, <\/em><a href=\"https:\/\/www.express.co.uk\/news\/weird\/1263118\/Coronavirus-in-the-Bible-COVID19-prophecy\">https:\/\/www.express.co.uk\/news\/weird\/1263118\/Coronavirus-in-the-Bible-COVID19-prophecy<\/a>, pristup 2. svibnja 2020.<\/p>\n<p><\/span><\/p>\n<\/div>\n<div id=\"ftn243\">\n<p class=\"MsoNormal\" style=\"line-height: 150%;\"><span style=\"font-size: 8.0pt;\"><a name=\"_ftn243\"><\/a><a href=\"#_ftnref243\"><sup>[<span style=\"font-family: 'times new roman', \ntimes;\"><strong>243<\/strong><\/span>]<\/sup><\/a>&nbsp;<br \/>\nExpress, <em>Coronavirus in the Bible: Is COVID-19 a biblical plague of the end times<\/em>?, <a href=\"https:\/\/www.express.co.uk\/news\/weird\/1265375\/Coronavirus-in-Bible-COVID-19-biblical-plague-end-of-the-world\">https:\/\/www.express.co.uk\/news\/weird\/1265375\/Coronavirus-in-Bible-COVID-19-biblical-plague-end-of-the-world<\/a>, pristup 7. svibnja 2020.<\/p>\n<p><\/span><\/p>\n<\/div>\n<div id=\"ftn244\">\n<p class=\"MsoNormal\" style=\"line-height: 150%;\"><span style=\"font-size: 8.0pt;\"><a name=\"_ftn244\"><\/a><a href=\"#_ftnref244\"><sup>[<span style=\"font-family: 'times new roman', \ntimes;\"><strong>244<\/strong><\/span>]<\/sup><\/a>&nbsp;<br \/>\nExpress, <em>Bible verses about coronavirus: What does the Bible say about COVID-19<\/em>?, <a href=\"https:\/\/www.express.co.uk\/news\/weird\/1260571\/Bible-verses-coronavirus-what-Bible-say-COVID19-latest-news\">https:\/\/www.express.co.uk\/news\/weird\/1260571\/Bible-verses-coronavirus-what-Bible-say-COVID19-latest-news<\/a>, pristup 10. svibnja 2020. <\/p>\n<p><\/span><\/p>\n<\/div>\n<div id=\"ftn245\">\n<p class=\"MsoNormal\" style=\"line-height: 150%;\"><span style=\"font-size: 8.0pt;\"><a name=\"_ftn245\"><\/a><a href=\"#_ftnref245\"><sup>[<span style=\"font-family: 'times new roman', \ntimes;\"><strong>245<\/strong><\/span>]<\/sup><\/a>&nbsp;<br \/>\nBBC, <em>Coronavirus: World risks &lsquo;biblical&rsquo; famines due to pandemic \u2013 UN<\/em>, <a href=\"https:\/\/www.bbc.com\/news\/world-52373888\">https:\/\/www.bbc.com\/news\/world-52373888<\/a>, pristup 10. svibnja 2020.<\/p>\n<p><\/span><\/p>\n<\/div>\n<div id=\"ftn246\">\n<p class=\"MsoNormal\" style=\"line-height: 150%;\"><span style=\"font-size: 8.0pt;\"><a name=\"_ftn246\"><\/a><a href=\"#_ftnref246\"><sup>[<span style=\"font-family: 'times new roman', \ntimes;\"><strong>246<\/strong><\/span>]<\/sup><\/a>&nbsp;<br \/>\nVe\u010dernji<em>, Sje\u0107ate li se filma &lsquo;Zaraza&rsquo;? Jezivo je mnogo sli\u010dnosti s onim \u0161to se doga\u0111a zbog koronavirusa!,<\/em> <a href=\"https:\/\/www.vecernji.hr\/lifestyle\/znate-li-za-film-zaraza-ima-jezivo-mnogo-slicnosti-s-onim-sto-se-dogada-s-koronavirusom-1374640\">https:\/\/www.vecernji.hr\/lifestyle\/znate-li-za-film-zaraza-ima-jezivo-mnogo-slicnosti-s-onim-sto-se-dogada-s-koronavirusom-1374640<\/a>, \u00a0pristup 08. svibnja 2020. <\/p>\n<p><\/span><\/p>\n<\/div>\n<div id=\"ftn247\">\n<p class=\"MsoNormal\" style=\"line-height: 150%;\"><span style=\"font-size: 8.0pt;\"><a name=\"_ftn247\"><\/a><a href=\"#_ftnref247\"><sup>[<span style=\"font-family: 'times new roman', \ntimes;\"><strong>247<\/strong><\/span>]<\/sup><\/a>&nbsp;<br \/>\nHrvatska danas, <em>VIDEO Zaraza: Film sa sjajnom gluma\u010dkom ekipom eksplodira me\u0111u internet piratima kako se \u0161iri korona virus<\/em>, <a href=\"https:\/\/hrvatska-danas.com\/2020\/03\/10\/video-zaraza-film-sa-sjajnom-glumackom-ekipom-eksplodira-medu-internet-piratima-kako-se-siri-korona-virus\/\">https:\/\/hrvatska-danas.com\/2020\/03\/10\/video-zaraza-film-sa-sjajnom-glumackom-ekipom-eksplodira-medu-internet-piratima-kako-se-siri-korona-virus\/<\/a>, pristup 3. svibnja 2020.<\/p>\n<p><\/span><\/p>\n<\/div>\n<div id=\"ftn248\">\n<p class=\"MsoNormal\" style=\"line-height: 150%;\"><span style=\"font-size: 8.0pt;\"><a name=\"_ftn248\"><\/a><a href=\"#_ftnref248\"><sup>[<span style=\"font-family: 'times new roman', \ntimes;\"><strong>248<\/strong><\/span>]<\/sup><\/a>&nbsp;<br \/>\nGeek, <em>Ovo je film koji je predvidio koronaviirus<\/em>, <a href=\"https:\/\/geek.hr\/clanak\/ovo-je-film-koji-je-predvidio-koronavirus\/#ixzz6LV9QbQsl\">https:\/\/geek.hr\/clanak\/ovo-je-film-koji-je-predvidio-koronavirus\/#ixzz6LV9QbQsl<\/a>, pristup 03. svibnja 2020.<\/p>\n<p><\/span><\/p>\n<\/div>\n<div id=\"ftn249\">\n<p class=\"MsoNormal\" style=\"line-height: 150%;\"><span style=\"font-size: 8.0pt;\"><a name=\"_ftn249\"><\/a><a href=\"#_ftnref249\"><sup>[<span style=\"font-family: 'times new roman', \ntimes;\"><strong>249<\/strong><\/span>]<\/sup><\/a>&nbsp;<br \/>\nTorrent Freak, <em>Coronavirus Outbreak Triggers Surge in Pirated Downloads of the Film &bdquo;Contagion&ldquo;,<\/em> <a href=\"https:\/\/torrentfreak.com\/coronavirus-outbreak-triggers-surge-in-pirated-downloads-of-the-film-contagion\/\">https:\/\/torrentfreak.com\/coronavirus-outbreak-triggers-surge-in-pirated-downloads-of-the-film-contagion\/<\/a>, pristup 04. svibnja 2020.<br \/>\n<\/span><\/p>\n<\/div>\n<div id=\"ftn250\">\n<p class=\"MsoNormal\" style=\"line-height: 150%;\"><span style=\"font-size: 8.0pt;\"><a name=\"_ftn250\"><\/a><a href=\"#_ftnref250\"><sup>[<span style=\"font-family: 'times new roman', \ntimes;\"><strong>250<\/strong><\/span>]<\/sup><\/a>&nbsp;<br \/>\nBuzzFeed, <em>Everyone Is Watching &ldquo;Contagion,&rdquo; A 9-Year-Old Movie About A Flu Outbreak<\/em>, <a href=\"https:\/\/www.buzzfeednews.com\/article\/davidmack\/contagion-movie-coronavirus\">https:\/\/www.buzzfeednews.com\/article\/davidmack\/contagion-movie-coronavirus<\/a>, \u00a0pristup 01. svibnja 2020. <\/p>\n<p><\/span><\/p>\n<\/div>\n<div id=\"ftn251\">\n<p class=\"MsoNormal\" style=\"line-height: 150%;\"><span style=\"font-size: 8.0pt;\"><a name=\"_ftn251\"><\/a><a href=\"#_ftnref251\"><sup>[<span style=\"font-family: 'times new roman', \ntimes;\"><strong>251<\/strong><\/span>]<\/sup><\/a>&nbsp;<br \/>\nTportal, <em>Ovo sad svi gledaju: Film &lsquo;Zaraza&rsquo; iz 2011. do\u017eivljava renesansu zahvaljuju\u0107i koronavirusu,<\/em> <a href=\"https:\/\/www.tportal.hr\/showtime\/clanak\/ovo-sad-svi-gledaju-film-zaraza-iz-2011-dozivljava-renesansu-zahvaljujuci-koronavirusu-20200131\">https:\/\/www.tportal.hr\/showtime\/clanak\/ovo-sad-svi-gledaju-film-zaraza-iz-2011-dozivljava-renesansu-zahvaljujuci-koronavirusu-20200131<\/a>, \u00a0pristup 03. svibnja 2020.<\/p>\n<p><\/span><\/p>\n<\/div>\n<div id=\"ftn252\">\n<p class=\"MsoNormal\" style=\"line-height: 150%;\"><span style=\"font-size: 8.0pt;\"><a name=\"_ftn252\"><\/a><a href=\"#_ftnref252\"><sup>[<span style=\"font-family: 'times new roman', \ntimes;\"><strong>252<\/strong><\/span>]<\/sup><\/a>&nbsp;<br \/>\nHollywood Reporter, <em>&lsquo;Contagion&rsquo; Hits Top 10 on iTunes Movie Chart Amid Coronavirus Outbreak, <\/em><a href=\"https:\/\/www.hollywoodreporter.com\/rambling-reporter\/contagion-hits-top-10-itunes-movie-chart-coronavirus-outbreak-1274163\">https:\/\/www.hollywoodreporter.com\/rambling-reporter\/contagion-hits-top-10-itunes-movie-chart-coronavirus-outbreak-1274163<\/a>, pristup 3. svibnja 2020.<\/p>\n<p><\/span><\/p>\n<\/div>\n<div id=\"ftn253\">\n<p class=\"MsoNormal\" style=\"line-height: 150%;\"><span style=\"font-size: 8.0pt;\"><a name=\"_ftn253\"><\/a><a href=\"#_ftnref253\"><sup>[<span style=\"font-family: 'times new roman', \ntimes;\"><strong>253<\/strong><\/span>]<\/sup><\/a>&nbsp;<br \/>\nIndex, <em>Je li ovaj roman star 40 godina predvidio izbijanje koronavirusa? Sli\u010dnost je jeziva<\/em>, <a href=\"https:\/\/www.index.hr\/magazin\/clanak\/je-li-ovaj-roman-star-40-godina-predvidio-izbijanje-koronavirusa-slicnost-je-jeziva\/2158498.aspx\">https:\/\/www.index.hr\/magazin\/clanak\/je-li-ovaj-roman-star-40-godina-predvidio-izbijanje-koronavirusa-slicnost-je-jeziva\/2158498.aspx<\/a>, pristup 7. svibnja 2020.<\/p>\n<p><\/span><\/p>\n<\/div>\n<div id=\"ftn254\">\n<p class=\"MsoNormal\" style=\"line-height: 150%;\"><span style=\"font-size: 8.0pt;\"><a name=\"_ftn254\"><\/a><a href=\"#_ftnref254\"><sup>[<span style=\"font-family: 'times new roman', \ntimes;\"><strong>254<\/strong><\/span>]<\/sup><\/a>&nbsp;<br \/>\nEzadar, <em>Je li ovaj roman star 40 godina predvidio izbijanje koronavirusa?,<\/em> <a href=\"https:\/\/ezadar.net.hr\/dogadaji\/3651045\/je-li-ovaj-roman-star-40-godina-predvidio-izbijanje-koronavirusa\/\">https:\/\/ezadar.net.hr\/dogadaji\/3651045\/je-li-ovaj-roman-star-40-godina-predvidio-izbijanje-koronavirusa\/<\/a>, pristup 2. svibnja 2020.<\/p>\n<p><\/span><\/p>\n<\/div>\n<div id=\"ftn255\">\n<p class=\"MsoNormal\" style=\"line-height: 150%;\"><span style=\"font-size: 8.0pt;\"><a name=\"_ftn255\"><\/a><a href=\"#_ftnref255\"><sup>[<span style=\"font-family: 'times new roman', \ntimes;\"><strong>255<\/strong><\/span>]<\/sup><\/a>&nbsp;<br \/>\nRtl.hr, <em>Je li roman star 40 godina predvidio koronavirus? \u017dari\u0161te zaraze je Wuhan, a umru milijuni ljudi<\/em>, <a href=\"https:\/\/www.rtl.hr\/vijesti-hr\/novosti\/svijet\/3651501\/je-li-roman-star-40-godina-predvidio-koronavirus-epicentar-zaraze-je-wuhan-a-umru-milijuni-ljudi\/\">https:\/\/www.rtl.hr\/vijesti-hr\/novosti\/svijet\/3651501\/je-li-roman-star-40-godina-predvidio-koronavirus-epicentar-zaraze-je-wuhan-a-umru-milijuni-ljudi\/<\/a>, pristup 4. svibnja 2020.<\/p>\n<p><\/span><\/p>\n<\/div>\n<div id=\"ftn256\">\n<p class=\"MsoNormal\" style=\"line-height: 150%;\"><span style=\"font-size: 8.0pt;\"><a name=\"_ftn256\"><\/a><a href=\"#_ftnref256\"><sup>[<span style=\"font-family: 'times new roman', \ntimes;\"><strong>256<\/strong><\/span>]<\/sup><\/a>&nbsp;<br \/>\nMashable SE Asia, <em>People are claiming that this novel predicted coronavirus. Did it really<\/em>?, <a href=\"https:\/\/sea.mashable.com\/culture\/9179\/people-are-claiming-that-this-novel-predicted-the-covid-19-virus-did-it-really\">https:\/\/sea.mashable.com\/culture\/9179\/people-are-claiming-that-this-novel-predicted-the-covid-19-virus-did-it-really<\/a>, pristup 5. svibnja 2020. <\/p>\n<p><\/span><\/p>\n<\/div>\n<div id=\"ftn257\">\n<p class=\"MsoNormal\" style=\"line-height: 150%;\"><span style=\"font-size: 8.0pt;\"><a name=\"_ftn257\"><\/a><a href=\"#_ftnref257\"><sup>[<span style=\"font-family: 'times new roman', \ntimes;\"><strong>257<\/strong><\/span>]<\/sup><\/a>&nbsp;<br \/>\nTaiwan News, China\u2019s coronavirus predicted in 1981 US novel, https:\/\/www.taiwannews.com.tw\/en\/news\/3875669, pristup 03. svibnja 2020. <\/p>\n<p><\/span><\/p>\n<\/div>\n<div id=\"ftn258\">\n<p class=\"MsoNormal\" style=\"line-height: 150%;\"><span style=\"font-size: 8.0pt;\"><a name=\"_ftn258\"><\/a><a href=\"#_ftnref258\"><sup>[<span style=\"font-family: 'times new roman', \ntimes;\"><strong>258<\/strong><\/span>]<\/sup><\/a>&nbsp;<br \/>\nNacional, <em>Pandemija \u2013 rije\u010d godine na engleskom i njema\u010dkom<\/em>, <a href=\"https:\/\/www.nacional.hr\/pandemija-rijec-godine-na-engleskom-i-njemackom\/\">https:\/\/www.nacional.hr\/pandemija-rijec-godine-na-engleskom-i-njemackom\/<\/a>, \u00a0pristup 7. prosinca 2020.<\/p>\n<p><\/span><\/p>\n<\/div>\n<div id=\"ftn259\">\n<p class=\"MsoNormal\" style=\"line-height: 150%;\"><span style=\"font-size: 8.0pt;\"><a name=\"_ftn259\"><\/a><a href=\"#_ftnref259\"><sup>[<span style=\"font-family: 'times new roman', \ntimes;\"><strong>259<\/strong><\/span>]<\/sup><\/a>&nbsp;<br \/>\nJutarnji, <em>Collinsov rje\u010dnik proglasio rije\u010d godine<\/em>, <a href=\"https:\/\/www.jutarnji.hr\/vijesti\/svijet\/collinsov-rjecnik-proglasio-rijec-godine-u-2020-je-upotrijebljena-vise-od-250-000-puta-15030495\">https:\/\/www.jutarnji.hr\/vijesti\/svijet\/collinsov-rjecnik-proglasio-rijec-godine-u-2020-je-upotrijebljena-vise-od-250-000-puta-15030495<\/a>, \u00a0pristup 7. prosinca 2020.<\/p>\n<p><\/span><\/p>\n<\/div>\n<div id=\"ftn260\">\n<p class=\"MsoNormal\" style=\"line-height: 150%;\"><span style=\"font-size: 8.0pt;\"><a name=\"_ftn260\"><\/a><a href=\"#_ftnref260\"><sup>[<span style=\"font-family: 'times new roman', \ntimes;\"><strong>260<\/strong><\/span>]<\/sup><\/a>&nbsp;<br \/>\nVe\u010dernji, <em>Prekinuta tradicija : Izdava\u010d Oxfordskog rje\u010dnika nije uspio odabrati rije\u010d godine<\/em>, <a href=\"https:\/\/www.vecernji.hr\/vijesti\/prekinuta-tradicija-izdavac-oxfordskog-rjecnika-nije-uspio-odabrati-rijec-godine-1448557\">https:\/\/www.vecernji.hr\/vijesti\/prekinuta-tradicija-izdavac-oxfordskog-rjecnika-nije-uspio-odabrati-rijec-godine-1448557<\/a>, pristup 7. prosinca 2020. <\/p>\n<p><\/span><\/p>\n<\/div>\n<div id=\"ftn261\">\n<p class=\"MsoNormal\" style=\"line-height: 150%;\"><span style=\"font-size: 8.0pt;\"><a name=\"_ftn261\"><\/a><a href=\"#_ftnref261\"><sup>[<span style=\"font-family: 'times new roman', \ntimes;\"><strong>261<\/strong><\/span>]<\/sup><\/a>&nbsp;<br \/>\nPoliklinika, <em>\u0160to zna\u010di novo normalno i kako ga prihvatiti<\/em>. <a href=\"https:\/\/www.poliklinika-djeca.hr\/aktualno\/novosti\/hrt-sto-znaci-novo-normalno-i-kako-ga-prihvatiti\/\">https:\/\/www.poliklinika-djeca.hr\/aktualno\/novosti\/hrt-sto-znaci-novo-normalno-i-kako-ga-prihvatiti\/<\/a> pristup 15. studenoga 2020.<\/p>\n<p><\/span><\/p>\n<\/div>\n<div id=\"ftn262\">\n<p class=\"MsoNormal\" style=\"line-height: 150%;\"><span style=\"font-size: 8.0pt;\"><a name=\"_ftn262\"><\/a><a href=\"#_ftnref262\"><sup>[<span style=\"font-family: 'times new roman', \ntimes;\"><strong>262<\/strong><\/span>]<\/sup><\/a>&nbsp;<br \/>\nSanta-domenica, <em>85 je novo normalno<\/em>. <a href=\"https:\/\/www.sancta-domenica.hr\/promotions\/85-je-novo-normalno\">https:\/\/www.sancta-domenica.hr\/promotions\/85-je-novo-normalno<\/a> pristup 1. prosinca 2020.<\/p>\n<p><\/span><\/p>\n<\/div>\n<div id=\"ftn263\">\n<p class=\"MsoNormal\" style=\"line-height: 150%;\"><span style=\"font-size: 8.0pt;\"><a name=\"_ftn263\"><\/a><a href=\"#_ftnref263\"><sup>[<span style=\"font-family: 'times new roman', \ntimes;\"><strong>263<\/strong><\/span>]<\/sup><\/a>&nbsp;<br \/>\nDemerion, <em>Product novo normalno<\/em>. <a href=\"https:\/\/www.delmerion.hr\/shop\/product\/novo-normalno\">https:\/\/www.delmerion.hr\/shop\/product\/novo-normalno<\/a> pristup 1. prosinca 2020.<\/p>\n<p><\/span><\/p>\n<\/div>\n<div id=\"ftn264\">\n<p class=\"MsoNormal\" style=\"line-height: 150%;\"><span style=\"font-size: 8.0pt;\"><a name=\"_ftn264\"><\/a><a href=\"#_ftnref264\"><sup>[<span style=\"font-family: 'times new roman', \ntimes;\"><strong>264<\/strong><\/span>]<\/sup><\/a>&nbsp;<br \/>\nLider media, <em>Po\u010dela 15. Liderova konferencija za novo normalno<\/em>. <a href=\"https:\/\/lider.media\/konferencije\/konferencijeske-vijesti\/pocela-15-liderova-konferencija-o-nabavi-za-novo-normalno-133688\">https:\/\/lider.media\/konferencije\/konferencijeske-vijesti\/pocela-15-liderova-konferencija-o-nabavi-za-novo-normalno-133688<\/a> pristup 1. prosinca 2020.<\/p>\n<p><\/span><\/p>\n<\/div>\n<p class=\"MsoNormal\" style=\"line-height: 150%;\">&nbsp;<\/p>\n<p class=\"MsoNormal\" style=\"line-height: 170%;\"><strong>Literatura:<\/strong><\/p>\n<p class=\"MsoNormal\" style=\"line-height: 170%;\">Beker, M. <em>Tekst \/ intertekst,<\/em> u: Intertekstualnost &amp; intermedijalnost, Zagreb 1988. <\/p>\n<p class=\"MsoNormal\" style=\"line-height: 170%;\">Juvan, M. I<em>ntertekstualnost<\/em>. Dr\u017eavna zalo\u017eba Slovenije, Ljubljana 2005.<\/p>\n<p class=\"MsoNormal\" style=\"line-height: 170%;\">Kristeva, J., ed. Toril, M. <em>The Kristeva reader<\/em>. Columbia University Press, New York 1986.<\/p>\n<p class=\"MsoNormal\" style=\"line-height: 170%;\">Makovi\u0107 Z. (ur.) <em>Intertekstualnost &amp; intermedijalno<\/em>st. Zavod za znanost o knji\u017eevnosti Filozofskog fakulteta Sveu\u010dili\u0161ta u Zagrebu. Zagreb 1988. <\/p>\n<p class=\"MsoNormal\" style=\"line-height: 170%;\">Nielsen. Staying PUT: <em>Consumers Forced Indoors During Crisis Spend More Time On Media<\/em>, https:\/\/www.nielsen.com\/us\/en\/insights\/article\/2020\/staying-put-consumers-forced-indoors-during-crisis-spend-more-time-on-media\/ <\/p>\n<p class=\"MsoNormal\" style=\"line-height: 170%;\">Pew Research <em>Center <\/em><em>53% of Americans Say the Internet Has Been Essential During the COVID-19 Outbreak<\/em> https:\/\/www.pewresearch.org\/internet\/2020\/04\/30\/53-of-americans-say-the-internet-has-been-essential-during-the-covid-19-outbreak\/. <\/p>\n<p class=\"MsoNormal\" style=\"line-height: 170%;\">Rajewsky, I. O. <em>Intermediality, Intertextuality and Remediation: A Literary Perspective on Intermediality<\/em>. https:\/\/www.erudit.org\/revue\/im\/2005\/v\/n6\/1005505ar.pdf. <\/p>\n<p class=\"MsoNormal\" style=\"line-height: 170%;\">Ryznar, A. <em>Interdiskurzivnost: stilisti\u010dki prilog teoriji knji\u017eevnoga diskurza<\/em>. Umjetnost rije\u010di. 58(1), 2014., https:\/\/hrcak.srce.hr\/159363. <\/p>\n<p class=\"MsoNormal\" style=\"line-height: 170%;\">World Health Organization<em>. An ad hoc WHO technical consultation managing the COVID-19 infodemic: call for action<\/em>. https:\/\/www.who.int\/publications\/i\/item\/9789240010314. <\/p>\n<p class=\"MsoNormal\" style=\"line-height: 170%;\"><strong>Popis slika:<\/strong><\/p>\n<p class=\"MsoNormal\" style=\"line-height: 170%;\">Express.co.uk<em>.<\/em> [Slika 1.] <em>Usporedba korona virusa i bubonske kuge<\/em> (16. travnja 2020.) Preuzeto 10. svibnja 2020., <a href=\"https:\/\/www.express.co.uk\/life-style\/health\/1252395\/coronavirus-vs-black-death-plague-worse-covid-19-news-update-bubonic-plague\">https:\/\/www.express.co.uk\/life-style\/health\/1252395\/coronavirus-vs-black-death-plague-worse-covid-19-news-update-bubonic-plague<\/a><\/p>\n<p class=\"MsoNormal\" style=\"line-height: 170%;\">Express.co.uk<em>.<\/em> [Slika 2.] <em>Odnos korona virusa i Biblije<\/em> (7. travnja 2020.) Preuzeto 2. svibnja 2020., <a href=\"https:\/\/www.express.co.uk\/news\/weird\/1263118\/Coronavirus-in-the-Bible-COVID19-prophecym\">https:\/\/www.express.co.uk\/news\/weird\/1263118\/Coronavirus-in-the-Bible-COVID19-prophecym<\/a><\/p>\n<p class=\"MsoNormal\" style=\"line-height: 170%;\">Express.co.uk<em>.<\/em> [Slika 3.] <em>Twitter statusi<\/em> (10. travnja 2020.) Preuzeto 7. svibnja 2020., <a href=\"https:\/\/www.express.co.uk\/news\/weird\/1265375\/Coronavirus-in-Bible-COVID-19-biblical-plague-end-of-the-world\">https:\/\/www.express.co.uk\/news\/weird\/1265375\/Coronavirus-in-Bible-COVID-19-biblical-plague-end-of-the-world<\/a><\/p>\n<p class=\"MsoNormal\" style=\"line-height: 170%;\">Express.co.uk<em>.<\/em> [Slika 4.] <em>Odnos korona virusa i Biblije 2<\/em> (8. svibnja 2020.) Preuzeto 10. svibnja 2020., <a href=\"https:\/\/www.express.co.uk\/news\/weird\/1260571\/Bible-verses-coronavirus-what-Bible-say-COVID19-latest-news\">https:\/\/www.express.co.uk\/news\/weird\/1260571\/Bible-verses-coronavirus-what-Bible-say-COVID19-latest-news<\/a><\/p>\n<p class=\"MsoNormal\" style=\"line-height: 170%;\">Ve\u010dernji [Slika 5.] <em>Twitter statusi 2<\/em> (24. sije\u010dnja 2020.) Preuzeto 8. svibnja 2020., <a href=\"https:\/\/www.vecernji.hr\/lifestyle\/znate-li-za-film-zaraza-ima-jezivo-mnogo-slicnosti-s-onim-sto-se-dogada-s-koronavirusom-1374640\">https:\/\/www.vecernji.hr\/lifestyle\/znate-li-za-film-zaraza-ima-jezivo-mnogo-slicnosti-s-onim-sto-se-dogada-s-koronavirusom-1374640<\/a><\/p>\n<p class=\"MsoNormal\" style=\"line-height: 170%;\"><em>I<\/em>ndex [Slika 6.] <em>Facebook status<\/em> (22. velja\u010de 2020.) Preuzeto 7. svibnja 2020. <a href=\"https:\/\/www.index.hr\/magazin\/clanak\/je-li-ovaj-roman-star-40-godina-predvidio-izbijanje-koronavirusa-slicnost-je-jeziva\/2158498.aspx\">https:\/\/www.index.hr\/magazin\/clanak\/je-li-ovaj-roman-star-40-godina-predvidio-izbijanje-koronavirusa-slicnost-je-jeziva\/2158498.aspx<\/a><\/p>\n<p class=\"MsoNormal\" style=\"line-height: 170%;\">Mashable SE Asia [Slika 7<em>.] Asterix &amp; Obelix u korona virus tematici <\/em>(2020) Preuzeto 5. svibnja 2020., <a href=\"https:\/\/sea.mashable.com\/culture\/9179\/people-are-claiming-that-this-novel-predicted-the-covid-19-virus-did-it-really\">https:\/\/sea.mashable.com\/culture\/9179\/people-are-claiming-that-this-novel-predicted-the-covid-19-virus-did-it-really<\/a><\/p>\n<p class=\"MsoNormal\" style=\"line-height: 170%;\">Delmerion [Slika 8.] <em>Reklama za &bdquo;Novo normalno paket&ldquo; kozmetike<\/em> (2020) Preuzeto 7. prosinca 2020. <a href=\"https:\/\/www.delmerion.hr\/shop\/product\/novo-normalno\">https:\/\/www.delmerion.hr\/shop\/product\/novo-normalno<\/a><\/p>\n<p class=\"MsoNormal\" style=\"line-height: 170%;\">Rtvslo [Slika 9. i slika 10.] <em>Intermedijalna upotreba slike Van Gogha u karikaturi B. Zupan\u010di\u010d i Intermedijalna upotreba slike Da Vincija u karikaturi J. Rov\u0161ek<\/em> (7. travnja 2020) Preuzeto 7. prosinca 2020., <a href=\"https:\/\/www.rtvslo.si\/svet-zabave\/karikatura-dneva\/ostani-doma\/519725\">https:\/\/www.rtvslo.si\/svet-zabave\/karikatura-dneva\/ostani-doma\/519725<\/a><\/p>\n<p class=\"MsoNormal\" style=\"line-height: 150%;\">&nbsp;<\/p>\n<p style=\"text-align: center;\" align=\"center\"><strong> <span style=\"font-size: 13.0pt; line-height: 150%;\">Intertextuality and Intermediality of <br \/>\nInternet Media Content on COVID-19<\/span><\/strong><\/p>\n<p class=\"MsoNormal\" style=\"line-height: 150%;\">&nbsp;<\/p>\n<p style=\"margin: 0cm 48.6pt 0.0001pt 54pt; line-height: 170%;\"><em><strong>Abstract<\/strong><\/em><\/p>\n<p class=\"MsoBodyText\" style=\"margin-top: 0cm; margin-right: 48.6pt; margin-bottom: .0001pt; margin-left: 54.0pt; line-height: 150%;\"><span style=\"font-size: 12.0pt; line-height: 150%; font-family: 'Times New Roman';\" lang=\"SR\">&nbsp;<\/span><\/p>\n<p class=\"MsoBodyText\" style=\"margin-top: 0cm; margin-right: 48.6pt; margin-bottom: .0001pt; margin-left: 54.0pt; line-height: 170%;\"><em>The media started the year 2020 with various conjectures about COVID-19 prophecies, as announced in films, novels and even the Bible. They did not even shy away from equating the consequences of the plague with the ones of COVID-19, triggering various racist and xenophobic slurs in readers\u2019 comments. Through the aspect of intertextuality and intermediality, this paper describes the situation in the global media space during the COVID-19 pandemic. The intensive use of intertextuality and intermediality is caused by satisfying the needs of the audience to reduce the fear of the unknown and become familiar with new concepts and new situations by connecting familiar and new content. The excessive amount of unknowns that existed especially at the beginning of the pandemic had to be replaced by earlier experiences to make it easier for the audience to adopt the desired patterns of behavior. Once patterns of behavior are adopted, they begin to be used for commercial purposes as well. <\/em><\/p>\n<p class=\"MsoBodyText\" style=\"margin-top: 0cm; margin-right: 48.6pt; margin-bottom: .0001pt; margin-left: 54.0pt; line-height: 170%;\">&nbsp;<\/p>\n<p style=\"margin: 0cm 48.6pt 0.0001pt 54pt; line-height: 170%;\"><strong><em>Key words:<\/em><\/strong> <em> intertextuality, intermediality, internet, media content,<br \/>\nCOVID-19.<\/em><\/p>\n<p class=\"MsoNormal\" style=\"line-height: 150%;\"><span lang=\"SR\">&nbsp;<\/span><\/p>\n","protected":false},"excerpt":{"rendered":"<p>&nbsp; &nbsp; &nbsp;10(19)#23 2021 \u010casopis je otvorenog pristupa, a ovo djelo je dano na kori\u0161tenje pod licencom Creative Commons Imenovanje-Nekomercijalno 4.0 me\u0111unarodna. DOI 10.46640\/imr.10.19.11 UDK 316.774:638.252*Covid-19 Pregledni \u010dlanak Review article Primljeno: 23.3.2021. &nbsp; &nbsp; Gordana Tkalec i Samanta Kocijan Sveu\u010dili\u0161te Sjever, Koprivnica, Hrvatska gtkalec@unin.hr sakocijan@unin.hr Intertekstualnost i intermedijalnost internetskih medijskih sadr\u017eaja o virusu COVID-19 Puni [&hellip;]<\/p>\n","protected":false},"author":2,"featured_media":380,"comment_status":"open","ping_status":"open","sticky":false,"template":"","format":"standard","meta":{"_acf_changed":false,"_et_pb_use_builder":"","_et_pb_old_content":"","_et_gb_content_width":"","footnotes":""},"categories":[91],"tags":[699],"class_list":["post-388","post","type-post","status-publish","format-standard","has-post-thumbnail","hentry","category-in-medias-res-broj-19-vlasiti-url","tag-gordana-tkalec-i-samanta-kocijan-intertekstualnost-i-intermedijalnost-internetskih-medijskih-sadrzaja-o-virusu-covid-19","et-has-post-format-content","et_post_format-et-post-format-standard"],"acf":[],"yoast_head":"<!-- This site is optimized with the Yoast SEO plugin v27.4 - https:\/\/yoast.com\/product\/yoast-seo-wordpress\/ -->\n<title>Gordana Tkalec i Samanta Kocijan: Intertekstualnost i intermedijalnost internetskih medijskih sadr\u017eaja o virusu COVID-19 - In Medias Res - \u010casopis centra za filozofiju medija<\/title>\n<meta name=\"robots\" content=\"index, follow, max-snippet:-1, max-image-preview:large, max-video-preview:-1\" \/>\n<link rel=\"canonical\" href=\"https:\/\/centar-fm.org\/inmediasres\/index.php\/gordana-tkalec-i-samanta-kocijan-intertekstualnost-i-intermedijalnost-internetskih-medijskih-sadrzaja-o-virusu-covid-19\/\" \/>\n<meta property=\"og:locale\" content=\"en_US\" \/>\n<meta property=\"og:type\" content=\"article\" \/>\n<meta property=\"og:title\" content=\"Gordana Tkalec i Samanta Kocijan: Intertekstualnost i intermedijalnost internetskih medijskih sadr\u017eaja o virusu COVID-19 - In Medias Res - \u010casopis centra za filozofiju medija\" \/>\n<meta property=\"og:description\" content=\"&nbsp; &nbsp; &nbsp;10(19)#23 2021 \u010casopis je otvorenog pristupa, a ovo djelo je dano na kori\u0161tenje pod licencom Creative Commons Imenovanje-Nekomercijalno 4.0 me\u0111unarodna. DOI 10.46640\/imr.10.19.11 UDK 316.774:638.252*Covid-19 Pregledni \u010dlanak Review article Primljeno: 23.3.2021. &nbsp; &nbsp; Gordana Tkalec i Samanta Kocijan Sveu\u010dili\u0161te Sjever, Koprivnica, Hrvatska gtkalec@unin.hr sakocijan@unin.hr Intertekstualnost i intermedijalnost internetskih medijskih sadr\u017eaja o virusu COVID-19 Puni [&hellip;]\" \/>\n<meta property=\"og:url\" content=\"https:\/\/centar-fm.org\/inmediasres\/index.php\/gordana-tkalec-i-samanta-kocijan-intertekstualnost-i-intermedijalnost-internetskih-medijskih-sadrzaja-o-virusu-covid-19\/\" \/>\n<meta property=\"og:site_name\" content=\"In Medias Res - \u010casopis centra za filozofiju medija\" \/>\n<meta property=\"article:published_time\" content=\"2021-09-13T11:10:39+00:00\" \/>\n<meta property=\"og:image\" content=\"https:\/\/centar-fm.org\/inmediasres\/wp-content\/uploads\/sites\/2\/2021\/09\/inmediasresno1malo19.png\" \/>\n\t<meta property=\"og:image:width\" content=\"70\" \/>\n\t<meta property=\"og:image:height\" content=\"103\" \/>\n\t<meta property=\"og:image:type\" content=\"image\/png\" \/>\n<meta name=\"author\" content=\"Super User\" \/>\n<meta name=\"twitter:card\" content=\"summary_large_image\" \/>\n<meta name=\"twitter:label1\" content=\"Written by\" \/>\n\t<meta name=\"twitter:data1\" content=\"Super User\" \/>\n\t<meta name=\"twitter:label2\" content=\"Est. reading time\" \/>\n\t<meta name=\"twitter:data2\" content=\"33 minutes\" \/>\n<script type=\"application\/ld+json\" class=\"yoast-schema-graph\">{\"@context\":\"https:\\\/\\\/schema.org\",\"@graph\":[{\"@type\":\"Article\",\"@id\":\"https:\\\/\\\/centar-fm.org\\\/inmediasres\\\/index.php\\\/gordana-tkalec-i-samanta-kocijan-intertekstualnost-i-intermedijalnost-internetskih-medijskih-sadrzaja-o-virusu-covid-19\\\/#article\",\"isPartOf\":{\"@id\":\"https:\\\/\\\/centar-fm.org\\\/inmediasres\\\/index.php\\\/gordana-tkalec-i-samanta-kocijan-intertekstualnost-i-intermedijalnost-internetskih-medijskih-sadrzaja-o-virusu-covid-19\\\/\"},\"author\":{\"name\":\"Super User\",\"@id\":\"https:\\\/\\\/centar-fm.org\\\/inmediasres\\\/#\\\/schema\\\/person\\\/ae49dcc23965665608f66120db8245a4\"},\"headline\":\"Gordana Tkalec i Samanta Kocijan: Intertekstualnost i intermedijalnost internetskih medijskih sadr\u017eaja o virusu COVID-19\",\"datePublished\":\"2021-09-13T11:10:39+00:00\",\"mainEntityOfPage\":{\"@id\":\"https:\\\/\\\/centar-fm.org\\\/inmediasres\\\/index.php\\\/gordana-tkalec-i-samanta-kocijan-intertekstualnost-i-intermedijalnost-internetskih-medijskih-sadrzaja-o-virusu-covid-19\\\/\"},\"wordCount\":6627,\"commentCount\":0,\"image\":{\"@id\":\"https:\\\/\\\/centar-fm.org\\\/inmediasres\\\/index.php\\\/gordana-tkalec-i-samanta-kocijan-intertekstualnost-i-intermedijalnost-internetskih-medijskih-sadrzaja-o-virusu-covid-19\\\/#primaryimage\"},\"thumbnailUrl\":\"https:\\\/\\\/centar-fm.org\\\/inmediasres\\\/wp-content\\\/uploads\\\/sites\\\/2\\\/2021\\\/09\\\/inmediasresno1malo19.png\",\"keywords\":[\"Gordana Tkalec i Samanta Kocijan: Intertekstualnost i intermedijalnost internetskih medijskih sadr\u017eaja o virusu COVID-19\"],\"articleSection\":[\"In Medias Res broj 19 vlasiti url\"],\"inLanguage\":\"en-US\",\"potentialAction\":[{\"@type\":\"CommentAction\",\"name\":\"Comment\",\"target\":[\"https:\\\/\\\/centar-fm.org\\\/inmediasres\\\/index.php\\\/gordana-tkalec-i-samanta-kocijan-intertekstualnost-i-intermedijalnost-internetskih-medijskih-sadrzaja-o-virusu-covid-19\\\/#respond\"]}]},{\"@type\":\"WebPage\",\"@id\":\"https:\\\/\\\/centar-fm.org\\\/inmediasres\\\/index.php\\\/gordana-tkalec-i-samanta-kocijan-intertekstualnost-i-intermedijalnost-internetskih-medijskih-sadrzaja-o-virusu-covid-19\\\/\",\"url\":\"https:\\\/\\\/centar-fm.org\\\/inmediasres\\\/index.php\\\/gordana-tkalec-i-samanta-kocijan-intertekstualnost-i-intermedijalnost-internetskih-medijskih-sadrzaja-o-virusu-covid-19\\\/\",\"name\":\"Gordana Tkalec i Samanta Kocijan: Intertekstualnost i intermedijalnost internetskih medijskih sadr\u017eaja o virusu COVID-19 - In Medias Res - \u010casopis centra za filozofiju medija\",\"isPartOf\":{\"@id\":\"https:\\\/\\\/centar-fm.org\\\/inmediasres\\\/#website\"},\"primaryImageOfPage\":{\"@id\":\"https:\\\/\\\/centar-fm.org\\\/inmediasres\\\/index.php\\\/gordana-tkalec-i-samanta-kocijan-intertekstualnost-i-intermedijalnost-internetskih-medijskih-sadrzaja-o-virusu-covid-19\\\/#primaryimage\"},\"image\":{\"@id\":\"https:\\\/\\\/centar-fm.org\\\/inmediasres\\\/index.php\\\/gordana-tkalec-i-samanta-kocijan-intertekstualnost-i-intermedijalnost-internetskih-medijskih-sadrzaja-o-virusu-covid-19\\\/#primaryimage\"},\"thumbnailUrl\":\"https:\\\/\\\/centar-fm.org\\\/inmediasres\\\/wp-content\\\/uploads\\\/sites\\\/2\\\/2021\\\/09\\\/inmediasresno1malo19.png\",\"datePublished\":\"2021-09-13T11:10:39+00:00\",\"author\":{\"@id\":\"https:\\\/\\\/centar-fm.org\\\/inmediasres\\\/#\\\/schema\\\/person\\\/ae49dcc23965665608f66120db8245a4\"},\"breadcrumb\":{\"@id\":\"https:\\\/\\\/centar-fm.org\\\/inmediasres\\\/index.php\\\/gordana-tkalec-i-samanta-kocijan-intertekstualnost-i-intermedijalnost-internetskih-medijskih-sadrzaja-o-virusu-covid-19\\\/#breadcrumb\"},\"inLanguage\":\"en-US\",\"potentialAction\":[{\"@type\":\"ReadAction\",\"target\":[\"https:\\\/\\\/centar-fm.org\\\/inmediasres\\\/index.php\\\/gordana-tkalec-i-samanta-kocijan-intertekstualnost-i-intermedijalnost-internetskih-medijskih-sadrzaja-o-virusu-covid-19\\\/\"]}]},{\"@type\":\"ImageObject\",\"inLanguage\":\"en-US\",\"@id\":\"https:\\\/\\\/centar-fm.org\\\/inmediasres\\\/index.php\\\/gordana-tkalec-i-samanta-kocijan-intertekstualnost-i-intermedijalnost-internetskih-medijskih-sadrzaja-o-virusu-covid-19\\\/#primaryimage\",\"url\":\"https:\\\/\\\/centar-fm.org\\\/inmediasres\\\/wp-content\\\/uploads\\\/sites\\\/2\\\/2021\\\/09\\\/inmediasresno1malo19.png\",\"contentUrl\":\"https:\\\/\\\/centar-fm.org\\\/inmediasres\\\/wp-content\\\/uploads\\\/sites\\\/2\\\/2021\\\/09\\\/inmediasresno1malo19.png\",\"width\":70,\"height\":103,\"caption\":\"inmediasres\"},{\"@type\":\"BreadcrumbList\",\"@id\":\"https:\\\/\\\/centar-fm.org\\\/inmediasres\\\/index.php\\\/gordana-tkalec-i-samanta-kocijan-intertekstualnost-i-intermedijalnost-internetskih-medijskih-sadrzaja-o-virusu-covid-19\\\/#breadcrumb\",\"itemListElement\":[{\"@type\":\"ListItem\",\"position\":1,\"name\":\"Po\u010detna stranica\",\"item\":\"https:\\\/\\\/centar-fm.org\\\/inmediasres\\\/\"},{\"@type\":\"ListItem\",\"position\":2,\"name\":\"Gordana Tkalec i Samanta Kocijan: Intertekstualnost i intermedijalnost internetskih medijskih sadr\u017eaja o virusu COVID-19\"}]},{\"@type\":\"WebSite\",\"@id\":\"https:\\\/\\\/centar-fm.org\\\/inmediasres\\\/#website\",\"url\":\"https:\\\/\\\/centar-fm.org\\\/inmediasres\\\/\",\"name\":\"In Medias Res - \u010casopis centra za filozofiju medija\",\"description\":\"\",\"potentialAction\":[{\"@type\":\"SearchAction\",\"target\":{\"@type\":\"EntryPoint\",\"urlTemplate\":\"https:\\\/\\\/centar-fm.org\\\/inmediasres\\\/?s={search_term_string}\"},\"query-input\":{\"@type\":\"PropertyValueSpecification\",\"valueRequired\":true,\"valueName\":\"search_term_string\"}}],\"inLanguage\":\"en-US\"},{\"@type\":\"Person\",\"@id\":\"https:\\\/\\\/centar-fm.org\\\/inmediasres\\\/#\\\/schema\\\/person\\\/ae49dcc23965665608f66120db8245a4\",\"name\":\"Super User\",\"image\":{\"@type\":\"ImageObject\",\"inLanguage\":\"en-US\",\"@id\":\"https:\\\/\\\/secure.gravatar.com\\\/avatar\\\/5ac3fc5ccca7755fa3f558fed4a39be2232c6585e68bd398c790d57375dde921?s=96&d=mm&r=g\",\"url\":\"https:\\\/\\\/secure.gravatar.com\\\/avatar\\\/5ac3fc5ccca7755fa3f558fed4a39be2232c6585e68bd398c790d57375dde921?s=96&d=mm&r=g\",\"contentUrl\":\"https:\\\/\\\/secure.gravatar.com\\\/avatar\\\/5ac3fc5ccca7755fa3f558fed4a39be2232c6585e68bd398c790d57375dde921?s=96&d=mm&r=g\",\"caption\":\"Super User\"},\"url\":\"https:\\\/\\\/centar-fm.org\\\/inmediasres\\\/index.php\\\/author\\\/amynovcfmweb\\\/\"}]}<\/script>\n<!-- \/ Yoast SEO plugin. -->","yoast_head_json":{"title":"Gordana Tkalec i Samanta Kocijan: Intertekstualnost i intermedijalnost internetskih medijskih sadr\u017eaja o virusu COVID-19 - In Medias Res - \u010casopis centra za filozofiju medija","robots":{"index":"index","follow":"follow","max-snippet":"max-snippet:-1","max-image-preview":"max-image-preview:large","max-video-preview":"max-video-preview:-1"},"canonical":"https:\/\/centar-fm.org\/inmediasres\/index.php\/gordana-tkalec-i-samanta-kocijan-intertekstualnost-i-intermedijalnost-internetskih-medijskih-sadrzaja-o-virusu-covid-19\/","og_locale":"en_US","og_type":"article","og_title":"Gordana Tkalec i Samanta Kocijan: Intertekstualnost i intermedijalnost internetskih medijskih sadr\u017eaja o virusu COVID-19 - In Medias Res - \u010casopis centra za filozofiju medija","og_description":"&nbsp; &nbsp; &nbsp;10(19)#23 2021 \u010casopis je otvorenog pristupa, a ovo djelo je dano na kori\u0161tenje pod licencom Creative Commons Imenovanje-Nekomercijalno 4.0 me\u0111unarodna. DOI 10.46640\/imr.10.19.11 UDK 316.774:638.252*Covid-19 Pregledni \u010dlanak Review article Primljeno: 23.3.2021. &nbsp; &nbsp; Gordana Tkalec i Samanta Kocijan Sveu\u010dili\u0161te Sjever, Koprivnica, Hrvatska gtkalec@unin.hr sakocijan@unin.hr Intertekstualnost i intermedijalnost internetskih medijskih sadr\u017eaja o virusu COVID-19 Puni [&hellip;]","og_url":"https:\/\/centar-fm.org\/inmediasres\/index.php\/gordana-tkalec-i-samanta-kocijan-intertekstualnost-i-intermedijalnost-internetskih-medijskih-sadrzaja-o-virusu-covid-19\/","og_site_name":"In Medias Res - \u010casopis centra za filozofiju medija","article_published_time":"2021-09-13T11:10:39+00:00","og_image":[{"width":70,"height":103,"url":"https:\/\/centar-fm.org\/inmediasres\/wp-content\/uploads\/sites\/2\/2021\/09\/inmediasresno1malo19.png","type":"image\/png"}],"author":"Super User","twitter_card":"summary_large_image","twitter_misc":{"Written by":"Super User","Est. reading time":"33 minutes"},"schema":{"@context":"https:\/\/schema.org","@graph":[{"@type":"Article","@id":"https:\/\/centar-fm.org\/inmediasres\/index.php\/gordana-tkalec-i-samanta-kocijan-intertekstualnost-i-intermedijalnost-internetskih-medijskih-sadrzaja-o-virusu-covid-19\/#article","isPartOf":{"@id":"https:\/\/centar-fm.org\/inmediasres\/index.php\/gordana-tkalec-i-samanta-kocijan-intertekstualnost-i-intermedijalnost-internetskih-medijskih-sadrzaja-o-virusu-covid-19\/"},"author":{"name":"Super User","@id":"https:\/\/centar-fm.org\/inmediasres\/#\/schema\/person\/ae49dcc23965665608f66120db8245a4"},"headline":"Gordana Tkalec i Samanta Kocijan: Intertekstualnost i intermedijalnost internetskih medijskih sadr\u017eaja o virusu COVID-19","datePublished":"2021-09-13T11:10:39+00:00","mainEntityOfPage":{"@id":"https:\/\/centar-fm.org\/inmediasres\/index.php\/gordana-tkalec-i-samanta-kocijan-intertekstualnost-i-intermedijalnost-internetskih-medijskih-sadrzaja-o-virusu-covid-19\/"},"wordCount":6627,"commentCount":0,"image":{"@id":"https:\/\/centar-fm.org\/inmediasres\/index.php\/gordana-tkalec-i-samanta-kocijan-intertekstualnost-i-intermedijalnost-internetskih-medijskih-sadrzaja-o-virusu-covid-19\/#primaryimage"},"thumbnailUrl":"https:\/\/centar-fm.org\/inmediasres\/wp-content\/uploads\/sites\/2\/2021\/09\/inmediasresno1malo19.png","keywords":["Gordana Tkalec i Samanta Kocijan: Intertekstualnost i intermedijalnost internetskih medijskih sadr\u017eaja o virusu COVID-19"],"articleSection":["In Medias Res broj 19 vlasiti url"],"inLanguage":"en-US","potentialAction":[{"@type":"CommentAction","name":"Comment","target":["https:\/\/centar-fm.org\/inmediasres\/index.php\/gordana-tkalec-i-samanta-kocijan-intertekstualnost-i-intermedijalnost-internetskih-medijskih-sadrzaja-o-virusu-covid-19\/#respond"]}]},{"@type":"WebPage","@id":"https:\/\/centar-fm.org\/inmediasres\/index.php\/gordana-tkalec-i-samanta-kocijan-intertekstualnost-i-intermedijalnost-internetskih-medijskih-sadrzaja-o-virusu-covid-19\/","url":"https:\/\/centar-fm.org\/inmediasres\/index.php\/gordana-tkalec-i-samanta-kocijan-intertekstualnost-i-intermedijalnost-internetskih-medijskih-sadrzaja-o-virusu-covid-19\/","name":"Gordana Tkalec i Samanta Kocijan: Intertekstualnost i intermedijalnost internetskih medijskih sadr\u017eaja o virusu COVID-19 - In Medias Res - \u010casopis centra za filozofiju medija","isPartOf":{"@id":"https:\/\/centar-fm.org\/inmediasres\/#website"},"primaryImageOfPage":{"@id":"https:\/\/centar-fm.org\/inmediasres\/index.php\/gordana-tkalec-i-samanta-kocijan-intertekstualnost-i-intermedijalnost-internetskih-medijskih-sadrzaja-o-virusu-covid-19\/#primaryimage"},"image":{"@id":"https:\/\/centar-fm.org\/inmediasres\/index.php\/gordana-tkalec-i-samanta-kocijan-intertekstualnost-i-intermedijalnost-internetskih-medijskih-sadrzaja-o-virusu-covid-19\/#primaryimage"},"thumbnailUrl":"https:\/\/centar-fm.org\/inmediasres\/wp-content\/uploads\/sites\/2\/2021\/09\/inmediasresno1malo19.png","datePublished":"2021-09-13T11:10:39+00:00","author":{"@id":"https:\/\/centar-fm.org\/inmediasres\/#\/schema\/person\/ae49dcc23965665608f66120db8245a4"},"breadcrumb":{"@id":"https:\/\/centar-fm.org\/inmediasres\/index.php\/gordana-tkalec-i-samanta-kocijan-intertekstualnost-i-intermedijalnost-internetskih-medijskih-sadrzaja-o-virusu-covid-19\/#breadcrumb"},"inLanguage":"en-US","potentialAction":[{"@type":"ReadAction","target":["https:\/\/centar-fm.org\/inmediasres\/index.php\/gordana-tkalec-i-samanta-kocijan-intertekstualnost-i-intermedijalnost-internetskih-medijskih-sadrzaja-o-virusu-covid-19\/"]}]},{"@type":"ImageObject","inLanguage":"en-US","@id":"https:\/\/centar-fm.org\/inmediasres\/index.php\/gordana-tkalec-i-samanta-kocijan-intertekstualnost-i-intermedijalnost-internetskih-medijskih-sadrzaja-o-virusu-covid-19\/#primaryimage","url":"https:\/\/centar-fm.org\/inmediasres\/wp-content\/uploads\/sites\/2\/2021\/09\/inmediasresno1malo19.png","contentUrl":"https:\/\/centar-fm.org\/inmediasres\/wp-content\/uploads\/sites\/2\/2021\/09\/inmediasresno1malo19.png","width":70,"height":103,"caption":"inmediasres"},{"@type":"BreadcrumbList","@id":"https:\/\/centar-fm.org\/inmediasres\/index.php\/gordana-tkalec-i-samanta-kocijan-intertekstualnost-i-intermedijalnost-internetskih-medijskih-sadrzaja-o-virusu-covid-19\/#breadcrumb","itemListElement":[{"@type":"ListItem","position":1,"name":"Po\u010detna stranica","item":"https:\/\/centar-fm.org\/inmediasres\/"},{"@type":"ListItem","position":2,"name":"Gordana Tkalec i Samanta Kocijan: Intertekstualnost i intermedijalnost internetskih medijskih sadr\u017eaja o virusu COVID-19"}]},{"@type":"WebSite","@id":"https:\/\/centar-fm.org\/inmediasres\/#website","url":"https:\/\/centar-fm.org\/inmediasres\/","name":"In Medias Res - \u010casopis centra za filozofiju medija","description":"","potentialAction":[{"@type":"SearchAction","target":{"@type":"EntryPoint","urlTemplate":"https:\/\/centar-fm.org\/inmediasres\/?s={search_term_string}"},"query-input":{"@type":"PropertyValueSpecification","valueRequired":true,"valueName":"search_term_string"}}],"inLanguage":"en-US"},{"@type":"Person","@id":"https:\/\/centar-fm.org\/inmediasres\/#\/schema\/person\/ae49dcc23965665608f66120db8245a4","name":"Super User","image":{"@type":"ImageObject","inLanguage":"en-US","@id":"https:\/\/secure.gravatar.com\/avatar\/5ac3fc5ccca7755fa3f558fed4a39be2232c6585e68bd398c790d57375dde921?s=96&d=mm&r=g","url":"https:\/\/secure.gravatar.com\/avatar\/5ac3fc5ccca7755fa3f558fed4a39be2232c6585e68bd398c790d57375dde921?s=96&d=mm&r=g","contentUrl":"https:\/\/secure.gravatar.com\/avatar\/5ac3fc5ccca7755fa3f558fed4a39be2232c6585e68bd398c790d57375dde921?s=96&d=mm&r=g","caption":"Super User"},"url":"https:\/\/centar-fm.org\/inmediasres\/index.php\/author\/amynovcfmweb\/"}]}},"_links":{"self":[{"href":"https:\/\/centar-fm.org\/inmediasres\/index.php\/wp-json\/wp\/v2\/posts\/388","targetHints":{"allow":["GET"]}}],"collection":[{"href":"https:\/\/centar-fm.org\/inmediasres\/index.php\/wp-json\/wp\/v2\/posts"}],"about":[{"href":"https:\/\/centar-fm.org\/inmediasres\/index.php\/wp-json\/wp\/v2\/types\/post"}],"author":[{"embeddable":true,"href":"https:\/\/centar-fm.org\/inmediasres\/index.php\/wp-json\/wp\/v2\/users\/2"}],"replies":[{"embeddable":true,"href":"https:\/\/centar-fm.org\/inmediasres\/index.php\/wp-json\/wp\/v2\/comments?post=388"}],"version-history":[{"count":0,"href":"https:\/\/centar-fm.org\/inmediasres\/index.php\/wp-json\/wp\/v2\/posts\/388\/revisions"}],"wp:featuredmedia":[{"embeddable":true,"href":"https:\/\/centar-fm.org\/inmediasres\/index.php\/wp-json\/wp\/v2\/media\/380"}],"wp:attachment":[{"href":"https:\/\/centar-fm.org\/inmediasres\/index.php\/wp-json\/wp\/v2\/media?parent=388"}],"wp:term":[{"taxonomy":"category","embeddable":true,"href":"https:\/\/centar-fm.org\/inmediasres\/index.php\/wp-json\/wp\/v2\/categories?post=388"},{"taxonomy":"post_tag","embeddable":true,"href":"https:\/\/centar-fm.org\/inmediasres\/index.php\/wp-json\/wp\/v2\/tags?post=388"}],"curies":[{"name":"wp","href":"https:\/\/api.w.org\/{rel}","templated":true}]}}