{"id":397,"date":"2021-09-13T18:17:31","date_gmt":"2021-09-13T18:17:31","guid":{"rendered":"https:\/\/sweet-mcclintock.194-60-87-163.plesk.page\/inmediasres\/2021\/09\/13\/naslov19\/"},"modified":"2021-09-13T18:17:31","modified_gmt":"2021-09-13T18:17:31","slug":"naslov19","status":"publish","type":"post","link":"https:\/\/centar-fm.org\/inmediasres\/index.php\/naslov19\/","title":{"rendered":"naslovnica br.19"},"content":{"rendered":"<table border=\"0\" cellspacing=\"0\" cellpadding=\"0\">\n<tbody>\n<tr>\n<td valign=\"top\" width=\"370\">\n<p><a href=\"index.php\/in-medias-res-broj19\"><\/a><\/p>\n<p style=\"text-align: center;\">&nbsp;<\/p>\n<p style=\"line-height: 170%; text-align: center;\">\n<a href=\"http:\/\/www.centar-fm.org\/inmediasres\/images\/pdf\/19\/cijeli casopis inmediasres19hrv.pdf\"><br \/>\n<img loading=\"lazy\" decoding=\"async\" class=\" size-full wp-image-108\" alt=\"adobe pdf_icon\" src=\"https:\/\/centar-fm.org\/inmediasres\/wp-content\/uploads\/sites\/2\/2011\/11\/adobe_pdf_icon.png\" width=\"55\" height=\"52\" title=\"InMediasRes\" onmouseout=\"this.src='https:\/\/centar-fm.org\/inmediasres\/wp-content\/uploads\/sites\/2\/2011\/11\/adobe_pdf_icon.png';\" onmouseover=\"this.src='images\/casopisi\/adobe_pdf_iconbles.png';\" \/><br \/>\n<\/a>\n<\/p>\n<p style=\"line-height: 170%; text-align: center;\"><strong>IN MEDIAS RES <\/strong><br \/> \u010dasopis filozofije medija <\/p>\n<p class=\"MsoNormal\" style=\"line-height: 50%;\">&nbsp;<\/p>\n<p style=\"line-height: 170%; text-align: center;\">Izdava\u010d \u010dasopisa:<br \/> Centar za filozofiju medija i mediolo\u0161ka istra\u017eivanja (Zagreb)<\/p>\n<p class=\"MsoNormal\" style=\"line-height: 50%;\">&nbsp;<\/p>\n<p style=\"line-height: 170%; text-align: center;\">Adresa: Petrovogorska 18, 10000 Zagreb <\/p>\n<p class=\"MsoNormal\" style=\"line-height: 50%;\">&nbsp;<\/p>\n<p style=\"line-height: 170%; text-align: center;\">\nE-mail: inmediasres@centar-fm.org<\/p>\n<p class=\"MsoNormal\" style=\"line-height: 50%;\">&nbsp;<\/p>\n<p style=\"line-height: 170%; text-align: center;\">\nGODINA 10 (2021) broj 19<\/p>\n<p style=\"line-height: 100%; text-align: center;\">&nbsp;<\/p>\n<hr \/>\n<p style=\"line-height: 170%; text-align: center;\">\n<a rel=\"license\" href=\"http:\/\/creativecommons.org\/licenses\/by-nc\/4.0\/\"><img decoding=\"async\" alt=\"Creative Commons licenca\" style=\"border-width:0\" src=\"https:\/\/i.creativecommons.org\/l\/by-nc\/4.0\/88x31.png\" \/><\/a><br \/>\u010casopis je otvorenog pristupa, a ovo djelo je dano na kori\u0161tenje pod licencom <a rel=\"license\" href=\"http:\/\/creativecommons.org\/licenses\/by-nc\/4.0\/\"><strong>Creative Commons Imenovanje-Nekomercijalno 4.0 me\u0111unarodna.<\/strong><\/a><\/p>\n<\/td>\n<td valign=\"top\" width=\"20\">\n<p style=\"line-height: 100%; text-align: center;\">&nbsp;<\/p>\n<\/td>\n<td valign=\"top\" width=\"20\">\n<p style=\"line-height: 100%; text-align: center;\">&nbsp;<\/p>\n<\/td>\n<td valign=\"top\">\n<p style=\"line-height: 200%;\"><strong>ISSN 1848-6304<\/strong><\/p>\n<p style=\"line-height: 200%;\"><strong>UDK 316.774:1<\/strong><\/p>\n<p style=\"line-height: 200%;\"><strong>DOI <a href=\"https:\/\/doi.org\/10.46640\/imr\">10.46640\/imr<\/a><\/strong><\/p>\n<p style=\"line-height: 200%;\"><strong>Vol 10, br. 19, 2021.<\/strong><\/p>\n<p style=\"line-height: 200%;\"><strong><em>Sadr\u017eaj<\/em><\/strong><\/p>\n<p style=\"text-align: center; line-height: 50%;\" align=\"center\">&nbsp;<\/p>\n<table style=\"background-color: #eceff2;\" border=\"0\">\n<tbody>\n<tr>\n<td valign=\"top\" width=\"110\"><span style=\"color: #000000;\"><span style=\"color: #000000;\"><a href=\"http:\/\/www.centar-fm.org\/inmediasres\/index.php\/kresimir-pavelic-danasnji-mediji-problemi-i-manipulacije\">Kre\u0161imir Paveli\u0107:<\/a><\/span><\/span><\/td>\n<td valign=\"top\"><span style=\"color: #000000;\"><a href=\"http:\/\/www.centar-fm.org\/inmediasres\/index.php\/kresimir-pavelic-danasnji-mediji-problemi-i-manipulacije\"><strong>Dana\u0161nji mediji: problemi i manipulacije<\/strong><\/a><\/span><\/p>\n<div style=\"height: 5px; overflow:hidden;\">&nbsp;<\/div>\n<p><span style=\"color: #000000;\"><a href=\"http:\/\/www.centar-fm.org\/inmediasres\/index.php\/kresimir-pavelic-danasnji-mediji-problemi-i-manipulacije\"><strong>Today\u2019s Media: Problems and Manipulations<\/strong><\/a><\/span>\n<\/td>\n<\/tr>\n<tr>\n<td valign=\"top\" width=\"110\">\n<div style=\"height: 6px; overflow:hidden;\">\n<\/div>\n<\/td>\n<td>\n<div style=\"height: 6px; overflow:hidden;\">\n<\/div>\n<\/td>\n<\/tr>\n<tr>\n<td width=\"110\" valign=\"top\"><span style=\"color: #000000;\"><a href=\"http:\/\/www.centar-fm.org\/inmediasres_eng\/index.php\/ljiljana-lj-bulatovic-i-goran-bulatovic-media-frames-of-covid-19-pandemic\">Ljiljana Lj. Bulatovi\u0107 i Goran Bulatovi\u0107:<\/a><\/span><\/td>\n<td valign=\"top\"><span style=\"color: #000000;\"><a href=\"http:\/\/www.centar-fm.org\/inmediasres_eng\/index.php\/ljiljana-lj-bulatovic-i-goran-bulatovic-media-frames-of-covid-19-pandemic\"><strong>Media Frames of COVID-19 Pandemic<\/strong><\/a><\/span><\/p>\n<div style=\"height: 5px; overflow:hidden;\">&nbsp;<\/div>\n<p><span style=\"color: #000000;\"><a href=\"http:\/\/www.centar-fm.org\/inmediasres_eng\/index.php\/ljiljana-lj-bulatovic-i-goran-bulatovic-media-frames-of-covid-19-pandemic\"><strong>Medijski okviri Covid 19 pandemije<\/strong><\/a><\/span>\n<\/td>\n<\/tr>\n<tr>\n<td valign=\"top\" width=\"110\">\n<div style=\"height: 6px; overflow:hidden;\">\n<\/div>\n<\/td>\n<td>\n<div style=\"height: 6px; overflow:hidden;\">\n<\/div>\n<\/td>\n<\/tr>\n<tr>\n<td width=\"110\" valign=\"top\"><span style=\"color: #000000;\"><a href=\"http:\/\/www.centar-fm.org\/inmediasres_eng\/index.php\/marko-grba-what-cost-scientific-illiteracy-in-time-of-global-pandemic\">Marko Grba:<\/a><\/span><\/td>\n<td valign=\"top\"><span style=\"color: #000000;\"><a href=\"http:\/\/www.centar-fm.org\/inmediasres_eng\/index.php\/marko-grba-what-cost-scientific-illiteracy-in-time-of-global-pandemic\"><strong>What Cost Scientific Illiteracy in Time of Global Pandemic?<\/strong><\/a><\/span><\/p>\n<div style=\"height: 5px; overflow:hidden;\">&nbsp;<\/div>\n<p><span style=\"color: #000000;\"><a href=\"http:\/\/www.centar-fm.org\/inmediasres_eng\/index.php\/marko-grba-what-cost-scientific-illiteracy-in-time-of-global-pandemic\"><strong>Kolika je cijena znanstvene nepismenosti u vrijeme globalne pandemije?<\/strong><\/a><\/span>\n<\/td>\n<\/tr>\n<tr>\n<td valign=\"top\" width=\"110\">\n<div style=\"height: 6px; overflow:hidden;\">\n<\/div>\n<\/td>\n<td>\n<div style=\"height: 6px; overflow:hidden;\">\n<\/div>\n<\/td>\n<\/tr>\n<tr>\n<td width=\"110\" valign=\"top\"><span style=\"color: #000000;\"><a href=\"http:\/\/www.centar-fm.org\/inmediasres\/index.php\/zeljko-rutovic-medijska-prodaja-straha-covid-19-infodemija-sociologija-promjene\">\u017deljko Rutovi\u0107:<\/a><\/span><\/td>\n<td valign=\"top\"><span style=\"color: #000000;\"><a href=\"http:\/\/www.centar-fm.org\/inmediasres\/index.php\/zeljko-rutovic-medijska-prodaja-straha-covid-19-infodemija-sociologija-promjene\"><strong>Medijska prodaja straha<\/p>\n<p>(COVID 19 \u2013 INFODEMIJA \u2013 SOCIOLOGIJA PROMJENE)<\/strong><\/a><\/span><\/p>\n<div style=\"height: 5px; overflow:hidden;\">&nbsp;<\/div>\n<p><span style=\"color: #000000;\"><a href=\"http:\/\/www.centar-fm.org\/inmediasres\/index.php\/zeljko-rutovic-medijska-prodaja-straha-covid-19-infodemija-sociologija-promjene\"><strong>Media sale of Fear<\/p>\n<p>(COVID 19 \u2013 INFODEMIA \u2013 SOCIOLOGY<br \/>\nOF CHANGE)<\/strong><\/a><\/span>\n<\/td>\n<\/tr>\n<tr>\n<td valign=\"top\" width=\"110\">\n<div style=\"height: 6px; overflow:hidden;\">\n<\/div>\n<\/td>\n<td>\n<div style=\"height: 6px; overflow:hidden;\">\n<\/div>\n<\/td>\n<\/tr>\n<tr>\n<td width=\"110\" valign=\"top\"><span style=\"color: #000000;\"><a href=\"http:\/\/www.centar-fm.org\/inmediasres\/index.php\/fahira-fejzic-cengic-medijsko-pracenje-ponasanja-religijskih-hijerarhija-u-doba-epidemije\">Fahira Fejzi\u0107-\u010cengi\u0107:<\/a><\/span><\/td>\n<td valign=\"top\"><span style=\"color: #000000;\"><a href=\"http:\/\/www.centar-fm.org\/inmediasres\/index.php\/fahira-fejzic-cengic-medijsko-pracenje-ponasanja-religijskih-hijerarhija-u-doba-epidemije\"><strong>Medijsko pra\u0107enje pona\u0161anja religijskih hijerarhija u doba epidemije<\/strong><\/a><\/span><\/p>\n<div style=\"height: 5px; overflow:hidden;\">&nbsp;<\/div>\n<p><span style=\"color: #000000;\"><a href=\"http:\/\/www.centar-fm.org\/inmediasres\/index.php\/fahira-fejzic-cengic-medijsko-pracenje-ponasanja-religijskih-hijerarhija-u-doba-epidemije\"><strong>Media Coverage of the Behaviour of Religious Hierarchies during<br \/>\nthe COVID-19 Period<\/strong><\/a><\/span>\n<\/td>\n<\/tr>\n<tr>\n<td valign=\"top\" width=\"110\">\n<div style=\"height: 6px; overflow:hidden;\">\n<\/div>\n<\/td>\n<td>\n<div style=\"height: 6px; overflow:hidden;\">\n<\/div>\n<\/td>\n<\/tr>\n<tr>\n<td width=\"110\" valign=\"top\"><span style=\"color: #000000;\"><a href=\"http:\/\/www.centar-fm.org\/inmediasres\/index.php\/jure-vujic-simulacija-kolektivne-tjeskobe-i-medijske-fobo-strategije-politike-straha\">Jure Vuji\u0107:<\/a><\/span><\/td>\n<td valign=\"top\"><span style=\"color: #000000;\"><a href=\"http:\/\/www.centar-fm.org\/inmediasres\/index.php\/jure-vujic-simulacija-kolektivne-tjeskobe-i-medijske-fobo-strategije-politike-straha\"><strong>Simulacija kolektivne tjeskobe i medijske<br \/>\nfobo\u2013strategije politike straha<\/strong><\/a><\/span><\/p>\n<div style=\"height: 5px; overflow:hidden;\">&nbsp;<\/div>\n<p><span style=\"color: #000000;\"><a href=\"http:\/\/www.centar-fm.org\/inmediasres\/index.php\/jure-vujic-simulacija-kolektivne-tjeskobe-i-medijske-fobo-strategije-politike-straha\"><strong>Simulation of Collective Anxiety and Media Phobo\u2013strategy of Fear Politics<\/strong><\/a><\/span>\n<\/td>\n<\/tr>\n<tr>\n<td valign=\"top\" width=\"110\">\n<div style=\"height: 6px; overflow:hidden;\">\n<\/div>\n<\/td>\n<td>\n<div style=\"height: 6px; overflow:hidden;\">\n<\/div>\n<\/td>\n<\/tr>\n<tr>\n<td width=\"110\" valign=\"top\"><span style=\"color: #000000;\"><a href=\"http:\/\/www.centar-fm.org\/inmediasres\/index.php\/vesna-ivezic-strah-od-smrti-i-teznja-ka-besmrtnosti-vjecne-paradigme-covjekovog-suocavanja-sa-smrcu\">Vesna Ivezi\u0107:<\/a><\/span><\/td>\n<td valign=\"top\"><span style=\"color: #000000;\"><a href=\"http:\/\/www.centar-fm.org\/inmediasres\/index.php\/vesna-ivezic-strah-od-smrti-i-teznja-ka-besmrtnosti-vjecne-paradigme-covjekovog-suocavanja-sa-smrcu\"><strong>Strah od smrti i te\u017enja ka besmrtnosti &#8211; vje\u010dne paradigme \u010dovjekovog suo\u010davanja sa smr\u0107u<\/strong><\/a><\/span><\/p>\n<div style=\"height: 5px; overflow:hidden;\">&nbsp;<\/div>\n<p><span style=\"color: #000000;\"><a href=\"http:\/\/www.centar-fm.org\/inmediasres\/index.php\/vesna-ivezic-strah-od-smrti-i-teznja-ka-besmrtnosti-vjecne-paradigme-covjekovog-suocavanja-sa-smrcu\"><strong>Fear of Death and Striving for<br \/>\nImmortality \u2013 Eternal Paradygm of Man\u2019s Confrontation With Death<\/strong><\/a><\/span>\n<\/td>\n<\/tr>\n<tr>\n<td valign=\"top\" width=\"110\">\n<div style=\"height: 6px; overflow:hidden;\">\n<\/div>\n<\/td>\n<td>\n<div style=\"height: 6px; overflow:hidden;\">\n<\/div>\n<\/td>\n<\/tr>\n<tr>\n<td width=\"110\" valign=\"top\"><span style=\"color: #000000;\"><a href=\"http:\/\/www.centar-fm.org\/inmediasres_eng\/index.php\/jelena-hadzic-and-marina-baralic-humor-in-the-time-of-the-covid-19-pandemic\">Jelena Had\u017ei\u0107 and Marina Barali\u0107:<\/a><\/span><\/td>\n<td valign=\"top\"><span style=\"color: #000000;\"><a href=\"http:\/\/www.centar-fm.org\/inmediasres_eng\/index.php\/jelena-hadzic-and-marina-baralic-humor-in-the-time-of-the-covid-19-pandemic\"><strong>Humor in the Time of the COVID-19 Pandemic<\/strong><\/a><\/span><\/p>\n<div style=\"height: 5px; overflow:hidden;\">&nbsp;<\/div>\n<p><span style=\"color: #000000;\"><a href=\"http:\/\/www.centar-fm.org\/inmediasres_eng\/index.php\/jelena-hadzic-and-marina-baralic-humor-in-the-time-of-the-covid-19-pandemic\"><strong>Humor u doba COVID-19 pandemije<\/strong><\/a><\/span>\n<\/td>\n<\/tr>\n<tr>\n<td valign=\"top\" width=\"110\">\n<div style=\"height: 6px; overflow:hidden;\">\n<\/div>\n<\/td>\n<td>\n<div style=\"height: 6px; overflow:hidden;\">\n<\/div>\n<\/td>\n<\/tr>\n<tr>\n<td width=\"110\" valign=\"top\"><span style=\"color: #000000;\"><a href=\"http:\/\/www.centar-fm.org\/inmediasres\/index.php\/suzana-marjanic-disimulacije-maske-blizanackih-pandemijskih-godina-2020-2021-izvedba-zastita-i-subverzija\">Suzana Marjani\u0107:<\/a><\/span><\/td>\n<td valign=\"top\"><span style=\"color: #000000;\"><a href=\"http:\/\/www.centar-fm.org\/inmediasres\/index.php\/suzana-marjanic-disimulacije-maske-blizanackih-pandemijskih-godina-2020-2021-izvedba-zastita-i-subverzija\"><strong>Disimulacije maske blizana\u010dkih pandemijskih godina 2020-2021.: izvedba, za\u0161tita i subverzija<\/strong><\/a><\/span><\/p>\n<div style=\"height: 5px; overflow:hidden;\">&nbsp;<\/div>\n<p><span style=\"color: #000000;\"><a href=\"http:\/\/www.centar-fm.org\/inmediasres\/index.php\/suzana-marjanic-disimulacije-maske-blizanackih-pandemijskih-godina-2020-2021-izvedba-zastita-i-subverzija\"><strong>Dissimulations of the Mask in Twin Pandemic Years 2020-2021:<br \/>\nPerformance, Protection and Subversion<\/strong><\/a><\/span>\n<\/td>\n<\/tr>\n<tr>\n<td valign=\"top\" width=\"110\">\n<div style=\"height: 6px; overflow:hidden;\">\n<\/div>\n<\/td>\n<td>\n<div style=\"height: 6px; overflow:hidden;\">\n<\/div>\n<\/td>\n<\/tr>\n<tr>\n<td width=\"110\" valign=\"top\"><span style=\"color: #000000;\"><a href=\"http:\/\/www.centar-fm.org\/inmediasres\/index.php\/amela-delic-i-selma-begic-od-rijeci-do-zice-targetiranje-migranata-i-izbjeglica-kao-izvora-i-prijenosnika-zaraze-covid-19-bolesti\">Amela Deli\u0107 i Selma Begi\u0107:<\/a><\/span><\/td>\n<td valign=\"top\"><span style=\"color: #000000;\"><a href=\"http:\/\/www.centar-fm.org\/inmediasres\/index.php\/amela-delic-i-selma-begic-od-rijeci-do-zice-targetiranje-migranata-i-izbjeglica-kao-izvora-i-prijenosnika-zaraze-covid-19-bolesti\"><strong>Od rije\u010di do \u017eice: Targetiranje migranata i izbjeglica kao izvora i prijenosnika zaraze COVID-19 bolesti<\/strong><\/a><\/span><\/p>\n<div style=\"height: 5px; overflow:hidden;\">&nbsp;<\/div>\n<p><span style=\"color: #000000;\"><a href=\"http:\/\/www.centar-fm.org\/inmediasres\/index.php\/amela-delic-i-selma-begic-od-rijeci-do-zice-targetiranje-migranata-i-izbjeglica-kao-izvora-i-prijenosnika-zaraze-covid-19-bolesti\"><strong>From Words to Wire: Targeting Migrants as Sources and Carriers of COVID-19<br \/>\nVirus infection<\/strong><\/a><\/span>\n<\/td>\n<\/tr>\n<tr>\n<td valign=\"top\" width=\"110\">\n<div style=\"height: 6px; overflow:hidden;\">\n<\/div>\n<\/td>\n<td>\n<div style=\"height: 6px; overflow:hidden;\">\n<\/div>\n<\/td>\n<\/tr>\n<tr>\n<td width=\"110\" valign=\"top\"><span style=\"color: #000000;\"><a href=\"http:\/\/www.centar-fm.org\/inmediasres\/index.php\/gordana-tkalec-i-samanta-kocijan-intertekstualnost-i-intermedijalnost-internetskih-medijskih-sadrzaja-o-virusu-covid-19\">Gordana Tkalec i Samanta Kocijan:<\/a><\/span><\/td>\n<td valign=\"top\"><span style=\"color: #000000;\"><a href=\"http:\/\/www.centar-fm.org\/inmediasres\/index.php\/gordana-tkalec-i-samanta-kocijan-intertekstualnost-i-intermedijalnost-internetskih-medijskih-sadrzaja-o-virusu-covid-19\"><strong>Intertekstualnost i intermedijalnost internetskih medijskih sadr\u017eaja o virusu COVID-19<\/strong><\/a><\/span><\/p>\n<div style=\"height: 5px; overflow:hidden;\">&nbsp;<\/div>\n<p><span style=\"color: #000000;\"><a href=\"http:\/\/www.centar-fm.org\/inmediasres\/index.php\/gordana-tkalec-i-samanta-kocijan-intertekstualnost-i-intermedijalnost-internetskih-medijskih-sadrzaja-o-virusu-covid-19\"><strong>Intertextuality and Intermediality of Internet Media Content on COVID-19<\/strong><\/a><\/span>\n<\/td>\n<\/tr>\n<tr>\n<td valign=\"top\" width=\"110\">\n<div style=\"height: 6px; overflow:hidden;\">\n<\/div>\n<\/td>\n<td>\n<div style=\"height: 6px; overflow:hidden;\">\n<\/div>\n<\/td>\n<\/tr>\n<tr>\n<td width=\"110\" valign=\"top\"><span style=\"color: #000000;\"><a href=\"http:\/\/www.centar-fm.org\/inmediasres\/index.php\/dario-terzic-epidemije-poruke-vrijednosti-i-ideologije-u-suvremenom-filmu\">Dario Terzi\u0107:<\/a><\/span><\/td>\n<td valign=\"top\"><span style=\"color: #000000;\"><a href=\"http:\/\/www.centar-fm.org\/inmediasres\/index.php\/dario-terzic-epidemije-poruke-vrijednosti-i-ideologije-u-suvremenom-filmu\"><strong>Epidemije: poruke, vrijednosti i ideologije u suvremenom filmu<\/strong><\/a><\/span><\/p>\n<div style=\"height: 5px; overflow:hidden;\">&nbsp;<\/div>\n<p><span style=\"color: #000000;\"><a href=\"http:\/\/www.centar-fm.org\/inmediasres\/index.php\/dario-terzic-epidemije-poruke-vrijednosti-i-ideologije-u-suvremenom-filmu\"><strong>Messages\/ Values\/ Ideology in Contemporary Popular Films about Viral oubreaks<\/strong><\/a><\/span>\n<\/td>\n<\/tr>\n<tr>\n<td valign=\"top\" width=\"110\">\n<div style=\"height: 6px; overflow:hidden;\">\n<\/div>\n<\/td>\n<td>\n<div style=\"height: 6px; overflow:hidden;\">\n<\/div>\n<\/td>\n<\/tr>\n<\/tbody>\n<\/table>\n<div style=\"height: 6px; overflow:hidden;\">&nbsp;<\/div>\n<div style=\"height: 6px; overflow:hidden;\">&nbsp;<\/div>\n<p style=\"line-height: 150%;\"><span style=\"text-decoration: underline;\">II<\/span><\/p>\n<table style=\"background-color: #eceff2;\" border=\"0\">\n<tbody>\n<tr>\n<td valign=\"top\" width=\"110\">\n<div style=\"height: 6px; overflow:hidden;\">\n<\/div>\n<\/td>\n<td>\n<div style=\"height: 6px; overflow:hidden;\">\n<\/div>\n<\/td>\n<\/tr>\n<tr>\n<td width=\"110\" valign=\"top\"><span style=\"color: #000000;\"><a href=\"http:\/\/www.centar-fm.org\/inmediasres\/index.php\/mateja-plenkovic-prisutnost-populizma-na-hrvatskim-dnevnoinformativnim-portalima\">Mateja Plenkovi\u0107:<\/a><\/span><\/td>\n<td valign=\"top\"><span style=\"color: #000000;\"><a href=\"http:\/\/www.centar-fm.org\/inmediasres\/index.php\/mateja-plenkovic-prisutnost-populizma-na-hrvatskim-dnevnoinformativnim-portalima\"><strong>Prisutnost populizma na hrvatskim dnevnoinformativnim portalima<\/strong><\/a><\/span><\/p>\n<div style=\"height: 5px; overflow:hidden;\">&nbsp;<\/div>\n<p><span style=\"color: #000000;\"><a href=\"http:\/\/www.centar-fm.org\/inmediasres\/index.php\/mateja-plenkovic-prisutnost-populizma-na-hrvatskim-dnevnoinformativnim-portalima\"><strong>Presence of Populism on Croatian Daily News Portals<\/strong><\/a><\/span>\n<\/td>\n<\/tr>\n<tr>\n<td valign=\"top\" width=\"110\">\n<div style=\"height: 6px; overflow:hidden;\">\n<\/div>\n<\/td>\n<td>\n<div style=\"height: 6px; overflow:hidden;\">\n<\/div>\n<\/td>\n<\/tr>\n<tr>\n<td width=\"110\" valign=\"top\"><span style=\"color: #000000;\"><a href=\"http:\/\/www.centar-fm.org\/inmediasres\/index.php\/dorian-sabo-i-josip-berdica-pravo-i-film-ogled-o-pravnoj-kulturi\">Dorian Sabo i Josip Berdica:<\/a><\/span><\/td>\n<td valign=\"top\"><span style=\"color: #000000;\"><a href=\"http:\/\/www.centar-fm.org\/inmediasres\/index.php\/dorian-sabo-i-josip-berdica-pravo-i-film-ogled-o-pravnoj-kulturi\"><strong>Pravo i film<\/p>\n<p>Ogled o pravnoj kulturi<\/strong><\/a><\/span><\/p>\n<div style=\"height: 5px; overflow:hidden;\">&nbsp;<\/div>\n<p><span style=\"color: #000000;\"><a href=\"http:\/\/www.centar-fm.org\/inmediasres\/index.php\/dorian-sabo-i-josip-berdica-pravo-i-film-ogled-o-pravnoj-kulturi\"><strong>Law and Film<\/p>\n<p>An Essay on Legal Culture<\/strong><\/a><\/span>\n<\/td>\n<\/tr>\n<tr>\n<td valign=\"top\" width=\"110\">\n<div style=\"height: 6px; overflow:hidden;\">\n<\/div>\n<\/td>\n<td>\n<div style=\"height: 6px; overflow:hidden;\">\n<\/div>\n<\/td>\n<\/tr>\n<tr>\n<td width=\"110\" valign=\"top\"><span style=\"color: #000000;\"><a href=\"http:\/\/www.centar-fm.org\/inmediasres\/index.php\/vjekoslav-sekirica-i-tanja-grmusa-uloga-informacije-u-suvremenoj-medijskoj-komunikaciji\">Vjekoslav Sekirica i Tanja Grmu\u0161a:<\/a><\/span><\/td>\n<td valign=\"top\"><span style=\"color: #000000;\"><a href=\"http:\/\/www.centar-fm.org\/inmediasres\/index.php\/vjekoslav-sekirica-i-tanja-grmusa-uloga-informacije-u-suvremenoj-medijskoj-komunikaciji\"><strong>Uloga informacije u suvremenoj medijskoj komunikaciji<\/strong><\/a><\/span><\/p>\n<div style=\"height: 5px; overflow:hidden;\">&nbsp;<\/div>\n<p><span style=\"color: #000000;\"><a href=\"http:\/\/www.centar-fm.org\/inmediasres\/index.php\/vjekoslav-sekirica-i-tanja-grmusa-uloga-informacije-u-suvremenoj-medijskoj-komunikaciji\"><strong>The Role of Information in Contemporary Media Communication<\/strong><\/a><\/span>\n<\/td>\n<\/tr>\n<tr>\n<td valign=\"top\" width=\"110\">\n<div style=\"height: 6px; overflow:hidden;\">\n<\/div>\n<\/td>\n<td>\n<div style=\"height: 6px; overflow:hidden;\">\n<\/div>\n<\/td>\n<\/tr>\n<\/tbody>\n<\/table>\n<div style=\"height: 6px; overflow:hidden;\">&nbsp;<\/div>\n<\/td>\n<\/tr>\n<\/tbody>\n<\/table>\n","protected":false},"excerpt":{"rendered":"<p>&nbsp; IN MEDIAS RES \u010dasopis filozofije medija &nbsp; Izdava\u010d \u010dasopisa: Centar za filozofiju medija i mediolo\u0161ka istra\u017eivanja (Zagreb) &nbsp; Adresa: Petrovogorska 18, 10000 Zagreb &nbsp; E-mail: inmediasres@centar-fm.org &nbsp; GODINA 10 (2021) broj 19 &nbsp; \u010casopis je otvorenog pristupa, a ovo djelo je dano na kori\u0161tenje pod licencom Creative Commons Imenovanje-Nekomercijalno 4.0 me\u0111unarodna. &nbsp; &nbsp; ISSN [&hellip;]<\/p>\n","protected":false},"author":2,"featured_media":396,"comment_status":"open","ping_status":"open","sticky":false,"template":"","format":"standard","meta":{"_acf_changed":false,"_et_pb_use_builder":"","_et_pb_old_content":"","_et_gb_content_width":"","footnotes":""},"categories":[92],"tags":[718,706,607,717,727,723,586,721,716,722,715,545,705,708,620,725,709,711,712,719,724,728,726,707,713,714,548,720,730,168,729,701,710,697,292],"class_list":["post-397","post","type-post","status-publish","format-standard","has-post-thumbnail","hentry","category-in-medias-res-broj-19-naslovnica","tag-amela-delic-i-selma-begic","tag-danasnji-mediji","tag-dario-terzic","tag-disimulacije-maske-blizanackih-pandemijskih-godina-2020-2021-izvedba","tag-dorian-sabo-i-josip-berdica","tag-epidemije","tag-fahira-fejzic-cengic","tag-gordana-tkalec-i-samanta-kocijan","tag-humor-in-the-time-of-the-covid-19-pandemic","tag-intertekstualnost-i-intermedijalnost-internetskih-medijskih-sadrzaja-o-virusu-covid-19","tag-jelena-hadzic-and-marina-baralic","tag-jure-vujic","tag-kresimir-pavelic","tag-ljiljana-lj-bulatovic-i-goran-bulatovic","tag-marko-grba","tag-mateja-plenkovic","tag-media-frames-of-covid-19-pandemic","tag-medijska-prodaja-straha-covid-19-infodemija-sociologija-promjene","tag-medijsko-pracenje-ponasanja-religijskih-hijerarhija-u-doba-epidemije","tag-od-rijeci-do-zice","tag-poruke","tag-pravo-i-film-ogled-o-pravnoj-kulturi","tag-prisutnost-populizma-na-hrvatskim-dnevnoinformativnim-portalima","tag-problemi-i-manipulacije","tag-simulacija-kolektivne-tjeskobe-i-medijske-fobo-strategije-politike-straha","tag-strah-od-smrti-i-teznja-ka-besmrtnosti-vjecne-paradigme-covjekovog-suocavanja-sa-smrcu","tag-suzana-marjanic","tag-targetiranje-migranata-i-izbjeglica-kao-izvora-i-prijenosnika-zaraze-covid-19-bolesti","tag-uloga-informacije-u-suvremenoj-medijskoj-komunikaciji","tag-vesna-ivezic","tag-vjekoslav-sekirica-i-tanja-grmusa","tag-vrijednosti-i-ideologije-u-suvremenom-filmu","tag-what-cost-scientific-illiteracy-in-time-of-global-pandemic","tag-zastita-i-subverzija","tag-zeljko-rutovic","et-has-post-format-content","et_post_format-et-post-format-standard"],"acf":[],"yoast_head":"<!-- This site is optimized with the Yoast SEO plugin v27.4 - https:\/\/yoast.com\/product\/yoast-seo-wordpress\/ -->\n<title>naslovnica br.19 - In Medias Res - \u010casopis centra za filozofiju medija<\/title>\n<meta name=\"robots\" content=\"index, follow, max-snippet:-1, max-image-preview:large, max-video-preview:-1\" \/>\n<link rel=\"canonical\" href=\"https:\/\/centar-fm.org\/inmediasres\/index.php\/naslov19\/\" \/>\n<meta property=\"og:locale\" content=\"en_US\" \/>\n<meta property=\"og:type\" content=\"article\" \/>\n<meta property=\"og:title\" content=\"naslovnica br.19 - In Medias Res - \u010casopis centra za filozofiju medija\" \/>\n<meta property=\"og:description\" content=\"&nbsp; IN MEDIAS RES \u010dasopis filozofije medija &nbsp; Izdava\u010d \u010dasopisa: Centar za filozofiju medija i mediolo\u0161ka istra\u017eivanja (Zagreb) &nbsp; Adresa: Petrovogorska 18, 10000 Zagreb &nbsp; E-mail: inmediasres@centar-fm.org &nbsp; GODINA 10 (2021) broj 19 &nbsp; \u010casopis je otvorenog pristupa, a ovo djelo je dano na kori\u0161tenje pod licencom Creative Commons Imenovanje-Nekomercijalno 4.0 me\u0111unarodna. &nbsp; &nbsp; ISSN [&hellip;]\" \/>\n<meta property=\"og:url\" content=\"https:\/\/centar-fm.org\/inmediasres\/index.php\/naslov19\/\" \/>\n<meta property=\"og:site_name\" content=\"In Medias Res - \u010casopis centra za filozofiju medija\" \/>\n<meta property=\"article:published_time\" content=\"2021-09-13T18:17:31+00:00\" \/>\n<meta property=\"og:image\" content=\"https:\/\/centar-fm.org\/inmediasres\/wp-content\/uploads\/sites\/2\/2021\/09\/inmediasresno19ii.jpg\" \/>\n\t<meta property=\"og:image:width\" content=\"592\" \/>\n\t<meta property=\"og:image:height\" content=\"868\" \/>\n\t<meta property=\"og:image:type\" content=\"image\/jpeg\" \/>\n<meta name=\"author\" content=\"Super User\" \/>\n<meta name=\"twitter:card\" content=\"summary_large_image\" \/>\n<meta name=\"twitter:label1\" content=\"Written by\" \/>\n\t<meta name=\"twitter:data1\" content=\"Super User\" \/>\n\t<meta name=\"twitter:label2\" content=\"Est. reading time\" \/>\n\t<meta name=\"twitter:data2\" content=\"2 minutes\" \/>\n<script type=\"application\/ld+json\" class=\"yoast-schema-graph\">{\"@context\":\"https:\\\/\\\/schema.org\",\"@graph\":[{\"@type\":\"Article\",\"@id\":\"https:\\\/\\\/centar-fm.org\\\/inmediasres\\\/index.php\\\/naslov19\\\/#article\",\"isPartOf\":{\"@id\":\"https:\\\/\\\/centar-fm.org\\\/inmediasres\\\/index.php\\\/naslov19\\\/\"},\"author\":{\"name\":\"Super User\",\"@id\":\"https:\\\/\\\/centar-fm.org\\\/inmediasres\\\/#\\\/schema\\\/person\\\/ae49dcc23965665608f66120db8245a4\"},\"headline\":\"naslovnica br.19\",\"datePublished\":\"2021-09-13T18:17:31+00:00\",\"mainEntityOfPage\":{\"@id\":\"https:\\\/\\\/centar-fm.org\\\/inmediasres\\\/index.php\\\/naslov19\\\/\"},\"wordCount\":417,\"commentCount\":0,\"image\":{\"@id\":\"https:\\\/\\\/centar-fm.org\\\/inmediasres\\\/index.php\\\/naslov19\\\/#primaryimage\"},\"thumbnailUrl\":\"https:\\\/\\\/centar-fm.org\\\/inmediasres\\\/wp-content\\\/uploads\\\/sites\\\/2\\\/2021\\\/09\\\/inmediasresno19ii.jpg\",\"keywords\":[\"Amela Deli\u0107 i Selma Begi\u0107\",\"Dana\u0161nji mediji\",\"Dario Terzi\u0107\",\"Disimulacije maske blizana\u010dkih pandemijskih godina 2020-2021.: izvedba\",\"Dorian Sabo i Josip Berdica\",\"Epidemije\",\"Fahira Fejzi\u0107-\u010cengi\u0107\",\"Gordana Tkalec i Samanta Kocijan\",\"Humor in the Time of the COVID-19 Pandemic\",\"Intertekstualnost i intermedijalnost internetskih medijskih sadr\u017eaja o virusu COVID-19\",\"Jelena Had\u017ei\u0107 and Marina Barali\u0107\",\"Jure Vuji\u0107\",\"Kre\u0161imir Paveli\u0107\",\"Ljiljana Lj. Bulatovi\u0107 i Goran Bulatovi\u0107\",\"Marko Grba\",\"Mateja Plenkovi\u0107\",\"Media Frames of COVID-19 Pandemic\",\"Medijska prodaja straha (COVID 19 \u2013 INFODEMIJA \u2013 SOCIOLOGIJA PROMJENE)\",\"Medijsko pra\u0107enje pona\u0161anja religijskih hijerarhija u doba epidemije\",\"Od rije\u010di do \u017eice\",\"poruke\",\"Pravo i film Ogled o pravnoj kulturi\",\"Prisutnost populizma na hrvatskim dnevnoinformativnim portalima\",\"problemi i manipulacije\",\"Simulacija kolektivne tjeskobe i medijske fobo\u2013strategije politike straha\",\"Strah od smrti i te\u017enja ka besmrtnosti - vje\u010dne paradigme \u010dovjekovog suo\u010davanja sa smr\u0107u\",\"Suzana Marjani\u0107\",\"Targetiranje migranata i izbjeglica kao izvora i prijenosnika zaraze COVID-19 bolesti\",\"Uloga informacije u suvremenoj medijskoj komunikaciji\",\"Vesna Ivezi\u0107\",\"Vjekoslav Sekirica i Tanja Grmu\u0161a\",\"vrijednosti i ideologije u suvremenom filmu\",\"What Cost Scientific Illiteracy in Time of Global Pandemic\",\"za\u0161tita i subverzija\",\"\u017deljko Rutovi\u0107\"],\"articleSection\":[\"In Medias Res broj 19 naslovnica\"],\"inLanguage\":\"en-US\",\"potentialAction\":[{\"@type\":\"CommentAction\",\"name\":\"Comment\",\"target\":[\"https:\\\/\\\/centar-fm.org\\\/inmediasres\\\/index.php\\\/naslov19\\\/#respond\"]}]},{\"@type\":\"WebPage\",\"@id\":\"https:\\\/\\\/centar-fm.org\\\/inmediasres\\\/index.php\\\/naslov19\\\/\",\"url\":\"https:\\\/\\\/centar-fm.org\\\/inmediasres\\\/index.php\\\/naslov19\\\/\",\"name\":\"naslovnica br.19 - In Medias Res - \u010casopis centra za filozofiju medija\",\"isPartOf\":{\"@id\":\"https:\\\/\\\/centar-fm.org\\\/inmediasres\\\/#website\"},\"primaryImageOfPage\":{\"@id\":\"https:\\\/\\\/centar-fm.org\\\/inmediasres\\\/index.php\\\/naslov19\\\/#primaryimage\"},\"image\":{\"@id\":\"https:\\\/\\\/centar-fm.org\\\/inmediasres\\\/index.php\\\/naslov19\\\/#primaryimage\"},\"thumbnailUrl\":\"https:\\\/\\\/centar-fm.org\\\/inmediasres\\\/wp-content\\\/uploads\\\/sites\\\/2\\\/2021\\\/09\\\/inmediasresno19ii.jpg\",\"datePublished\":\"2021-09-13T18:17:31+00:00\",\"author\":{\"@id\":\"https:\\\/\\\/centar-fm.org\\\/inmediasres\\\/#\\\/schema\\\/person\\\/ae49dcc23965665608f66120db8245a4\"},\"breadcrumb\":{\"@id\":\"https:\\\/\\\/centar-fm.org\\\/inmediasres\\\/index.php\\\/naslov19\\\/#breadcrumb\"},\"inLanguage\":\"en-US\",\"potentialAction\":[{\"@type\":\"ReadAction\",\"target\":[\"https:\\\/\\\/centar-fm.org\\\/inmediasres\\\/index.php\\\/naslov19\\\/\"]}]},{\"@type\":\"ImageObject\",\"inLanguage\":\"en-US\",\"@id\":\"https:\\\/\\\/centar-fm.org\\\/inmediasres\\\/index.php\\\/naslov19\\\/#primaryimage\",\"url\":\"https:\\\/\\\/centar-fm.org\\\/inmediasres\\\/wp-content\\\/uploads\\\/sites\\\/2\\\/2021\\\/09\\\/inmediasresno19ii.jpg\",\"contentUrl\":\"https:\\\/\\\/centar-fm.org\\\/inmediasres\\\/wp-content\\\/uploads\\\/sites\\\/2\\\/2021\\\/09\\\/inmediasresno19ii.jpg\",\"width\":592,\"height\":868,\"caption\":\"InMediasRes\"},{\"@type\":\"BreadcrumbList\",\"@id\":\"https:\\\/\\\/centar-fm.org\\\/inmediasres\\\/index.php\\\/naslov19\\\/#breadcrumb\",\"itemListElement\":[{\"@type\":\"ListItem\",\"position\":1,\"name\":\"Po\u010detna stranica\",\"item\":\"https:\\\/\\\/centar-fm.org\\\/inmediasres\\\/\"},{\"@type\":\"ListItem\",\"position\":2,\"name\":\"naslovnica br.19\"}]},{\"@type\":\"WebSite\",\"@id\":\"https:\\\/\\\/centar-fm.org\\\/inmediasres\\\/#website\",\"url\":\"https:\\\/\\\/centar-fm.org\\\/inmediasres\\\/\",\"name\":\"In Medias Res - \u010casopis centra za filozofiju medija\",\"description\":\"\",\"potentialAction\":[{\"@type\":\"SearchAction\",\"target\":{\"@type\":\"EntryPoint\",\"urlTemplate\":\"https:\\\/\\\/centar-fm.org\\\/inmediasres\\\/?s={search_term_string}\"},\"query-input\":{\"@type\":\"PropertyValueSpecification\",\"valueRequired\":true,\"valueName\":\"search_term_string\"}}],\"inLanguage\":\"en-US\"},{\"@type\":\"Person\",\"@id\":\"https:\\\/\\\/centar-fm.org\\\/inmediasres\\\/#\\\/schema\\\/person\\\/ae49dcc23965665608f66120db8245a4\",\"name\":\"Super User\",\"image\":{\"@type\":\"ImageObject\",\"inLanguage\":\"en-US\",\"@id\":\"https:\\\/\\\/secure.gravatar.com\\\/avatar\\\/5ac3fc5ccca7755fa3f558fed4a39be2232c6585e68bd398c790d57375dde921?s=96&d=mm&r=g\",\"url\":\"https:\\\/\\\/secure.gravatar.com\\\/avatar\\\/5ac3fc5ccca7755fa3f558fed4a39be2232c6585e68bd398c790d57375dde921?s=96&d=mm&r=g\",\"contentUrl\":\"https:\\\/\\\/secure.gravatar.com\\\/avatar\\\/5ac3fc5ccca7755fa3f558fed4a39be2232c6585e68bd398c790d57375dde921?s=96&d=mm&r=g\",\"caption\":\"Super User\"},\"url\":\"https:\\\/\\\/centar-fm.org\\\/inmediasres\\\/index.php\\\/author\\\/amynovcfmweb\\\/\"}]}<\/script>\n<!-- \/ Yoast SEO plugin. -->","yoast_head_json":{"title":"naslovnica br.19 - In Medias Res - \u010casopis centra za filozofiju medija","robots":{"index":"index","follow":"follow","max-snippet":"max-snippet:-1","max-image-preview":"max-image-preview:large","max-video-preview":"max-video-preview:-1"},"canonical":"https:\/\/centar-fm.org\/inmediasres\/index.php\/naslov19\/","og_locale":"en_US","og_type":"article","og_title":"naslovnica br.19 - In Medias Res - \u010casopis centra za filozofiju medija","og_description":"&nbsp; IN MEDIAS RES \u010dasopis filozofije medija &nbsp; Izdava\u010d \u010dasopisa: Centar za filozofiju medija i mediolo\u0161ka istra\u017eivanja (Zagreb) &nbsp; Adresa: Petrovogorska 18, 10000 Zagreb &nbsp; E-mail: inmediasres@centar-fm.org &nbsp; GODINA 10 (2021) broj 19 &nbsp; \u010casopis je otvorenog pristupa, a ovo djelo je dano na kori\u0161tenje pod licencom Creative Commons Imenovanje-Nekomercijalno 4.0 me\u0111unarodna. &nbsp; &nbsp; ISSN [&hellip;]","og_url":"https:\/\/centar-fm.org\/inmediasres\/index.php\/naslov19\/","og_site_name":"In Medias Res - \u010casopis centra za filozofiju medija","article_published_time":"2021-09-13T18:17:31+00:00","og_image":[{"width":592,"height":868,"url":"https:\/\/centar-fm.org\/inmediasres\/wp-content\/uploads\/sites\/2\/2021\/09\/inmediasresno19ii.jpg","type":"image\/jpeg"}],"author":"Super User","twitter_card":"summary_large_image","twitter_misc":{"Written by":"Super User","Est. reading time":"2 minutes"},"schema":{"@context":"https:\/\/schema.org","@graph":[{"@type":"Article","@id":"https:\/\/centar-fm.org\/inmediasres\/index.php\/naslov19\/#article","isPartOf":{"@id":"https:\/\/centar-fm.org\/inmediasres\/index.php\/naslov19\/"},"author":{"name":"Super User","@id":"https:\/\/centar-fm.org\/inmediasres\/#\/schema\/person\/ae49dcc23965665608f66120db8245a4"},"headline":"naslovnica br.19","datePublished":"2021-09-13T18:17:31+00:00","mainEntityOfPage":{"@id":"https:\/\/centar-fm.org\/inmediasres\/index.php\/naslov19\/"},"wordCount":417,"commentCount":0,"image":{"@id":"https:\/\/centar-fm.org\/inmediasres\/index.php\/naslov19\/#primaryimage"},"thumbnailUrl":"https:\/\/centar-fm.org\/inmediasres\/wp-content\/uploads\/sites\/2\/2021\/09\/inmediasresno19ii.jpg","keywords":["Amela Deli\u0107 i Selma Begi\u0107","Dana\u0161nji mediji","Dario Terzi\u0107","Disimulacije maske blizana\u010dkih pandemijskih godina 2020-2021.: izvedba","Dorian Sabo i Josip Berdica","Epidemije","Fahira Fejzi\u0107-\u010cengi\u0107","Gordana Tkalec i Samanta Kocijan","Humor in the Time of the COVID-19 Pandemic","Intertekstualnost i intermedijalnost internetskih medijskih sadr\u017eaja o virusu COVID-19","Jelena Had\u017ei\u0107 and Marina Barali\u0107","Jure Vuji\u0107","Kre\u0161imir Paveli\u0107","Ljiljana Lj. Bulatovi\u0107 i Goran Bulatovi\u0107","Marko Grba","Mateja Plenkovi\u0107","Media Frames of COVID-19 Pandemic","Medijska prodaja straha (COVID 19 \u2013 INFODEMIJA \u2013 SOCIOLOGIJA PROMJENE)","Medijsko pra\u0107enje pona\u0161anja religijskih hijerarhija u doba epidemije","Od rije\u010di do \u017eice","poruke","Pravo i film Ogled o pravnoj kulturi","Prisutnost populizma na hrvatskim dnevnoinformativnim portalima","problemi i manipulacije","Simulacija kolektivne tjeskobe i medijske fobo\u2013strategije politike straha","Strah od smrti i te\u017enja ka besmrtnosti - vje\u010dne paradigme \u010dovjekovog suo\u010davanja sa smr\u0107u","Suzana Marjani\u0107","Targetiranje migranata i izbjeglica kao izvora i prijenosnika zaraze COVID-19 bolesti","Uloga informacije u suvremenoj medijskoj komunikaciji","Vesna Ivezi\u0107","Vjekoslav Sekirica i Tanja Grmu\u0161a","vrijednosti i ideologije u suvremenom filmu","What Cost Scientific Illiteracy in Time of Global Pandemic","za\u0161tita i subverzija","\u017deljko Rutovi\u0107"],"articleSection":["In Medias Res broj 19 naslovnica"],"inLanguage":"en-US","potentialAction":[{"@type":"CommentAction","name":"Comment","target":["https:\/\/centar-fm.org\/inmediasres\/index.php\/naslov19\/#respond"]}]},{"@type":"WebPage","@id":"https:\/\/centar-fm.org\/inmediasres\/index.php\/naslov19\/","url":"https:\/\/centar-fm.org\/inmediasres\/index.php\/naslov19\/","name":"naslovnica br.19 - In Medias Res - \u010casopis centra za filozofiju medija","isPartOf":{"@id":"https:\/\/centar-fm.org\/inmediasres\/#website"},"primaryImageOfPage":{"@id":"https:\/\/centar-fm.org\/inmediasres\/index.php\/naslov19\/#primaryimage"},"image":{"@id":"https:\/\/centar-fm.org\/inmediasres\/index.php\/naslov19\/#primaryimage"},"thumbnailUrl":"https:\/\/centar-fm.org\/inmediasres\/wp-content\/uploads\/sites\/2\/2021\/09\/inmediasresno19ii.jpg","datePublished":"2021-09-13T18:17:31+00:00","author":{"@id":"https:\/\/centar-fm.org\/inmediasres\/#\/schema\/person\/ae49dcc23965665608f66120db8245a4"},"breadcrumb":{"@id":"https:\/\/centar-fm.org\/inmediasres\/index.php\/naslov19\/#breadcrumb"},"inLanguage":"en-US","potentialAction":[{"@type":"ReadAction","target":["https:\/\/centar-fm.org\/inmediasres\/index.php\/naslov19\/"]}]},{"@type":"ImageObject","inLanguage":"en-US","@id":"https:\/\/centar-fm.org\/inmediasres\/index.php\/naslov19\/#primaryimage","url":"https:\/\/centar-fm.org\/inmediasres\/wp-content\/uploads\/sites\/2\/2021\/09\/inmediasresno19ii.jpg","contentUrl":"https:\/\/centar-fm.org\/inmediasres\/wp-content\/uploads\/sites\/2\/2021\/09\/inmediasresno19ii.jpg","width":592,"height":868,"caption":"InMediasRes"},{"@type":"BreadcrumbList","@id":"https:\/\/centar-fm.org\/inmediasres\/index.php\/naslov19\/#breadcrumb","itemListElement":[{"@type":"ListItem","position":1,"name":"Po\u010detna stranica","item":"https:\/\/centar-fm.org\/inmediasres\/"},{"@type":"ListItem","position":2,"name":"naslovnica br.19"}]},{"@type":"WebSite","@id":"https:\/\/centar-fm.org\/inmediasres\/#website","url":"https:\/\/centar-fm.org\/inmediasres\/","name":"In Medias Res - \u010casopis centra za filozofiju medija","description":"","potentialAction":[{"@type":"SearchAction","target":{"@type":"EntryPoint","urlTemplate":"https:\/\/centar-fm.org\/inmediasres\/?s={search_term_string}"},"query-input":{"@type":"PropertyValueSpecification","valueRequired":true,"valueName":"search_term_string"}}],"inLanguage":"en-US"},{"@type":"Person","@id":"https:\/\/centar-fm.org\/inmediasres\/#\/schema\/person\/ae49dcc23965665608f66120db8245a4","name":"Super User","image":{"@type":"ImageObject","inLanguage":"en-US","@id":"https:\/\/secure.gravatar.com\/avatar\/5ac3fc5ccca7755fa3f558fed4a39be2232c6585e68bd398c790d57375dde921?s=96&d=mm&r=g","url":"https:\/\/secure.gravatar.com\/avatar\/5ac3fc5ccca7755fa3f558fed4a39be2232c6585e68bd398c790d57375dde921?s=96&d=mm&r=g","contentUrl":"https:\/\/secure.gravatar.com\/avatar\/5ac3fc5ccca7755fa3f558fed4a39be2232c6585e68bd398c790d57375dde921?s=96&d=mm&r=g","caption":"Super User"},"url":"https:\/\/centar-fm.org\/inmediasres\/index.php\/author\/amynovcfmweb\/"}]}},"_links":{"self":[{"href":"https:\/\/centar-fm.org\/inmediasres\/index.php\/wp-json\/wp\/v2\/posts\/397","targetHints":{"allow":["GET"]}}],"collection":[{"href":"https:\/\/centar-fm.org\/inmediasres\/index.php\/wp-json\/wp\/v2\/posts"}],"about":[{"href":"https:\/\/centar-fm.org\/inmediasres\/index.php\/wp-json\/wp\/v2\/types\/post"}],"author":[{"embeddable":true,"href":"https:\/\/centar-fm.org\/inmediasres\/index.php\/wp-json\/wp\/v2\/users\/2"}],"replies":[{"embeddable":true,"href":"https:\/\/centar-fm.org\/inmediasres\/index.php\/wp-json\/wp\/v2\/comments?post=397"}],"version-history":[{"count":0,"href":"https:\/\/centar-fm.org\/inmediasres\/index.php\/wp-json\/wp\/v2\/posts\/397\/revisions"}],"wp:featuredmedia":[{"embeddable":true,"href":"https:\/\/centar-fm.org\/inmediasres\/index.php\/wp-json\/wp\/v2\/media\/396"}],"wp:attachment":[{"href":"https:\/\/centar-fm.org\/inmediasres\/index.php\/wp-json\/wp\/v2\/media?parent=397"}],"wp:term":[{"taxonomy":"category","embeddable":true,"href":"https:\/\/centar-fm.org\/inmediasres\/index.php\/wp-json\/wp\/v2\/categories?post=397"},{"taxonomy":"post_tag","embeddable":true,"href":"https:\/\/centar-fm.org\/inmediasres\/index.php\/wp-json\/wp\/v2\/tags?post=397"}],"curies":[{"name":"wp","href":"https:\/\/api.w.org\/{rel}","templated":true}]}}