{"id":402,"date":"2022-05-26T11:57:05","date_gmt":"2022-05-26T11:57:05","guid":{"rendered":"https:\/\/sweet-mcclintock.194-60-87-163.plesk.page\/inmediasres\/2022\/05\/26\/suzana-marjanic-sismis-ili-laboratorij-ponovno-ozivljene-rasprave-o-porijeklu-koronavirusa-lipnja-2021-godine\/"},"modified":"2022-05-26T11:57:05","modified_gmt":"2022-05-26T11:57:05","slug":"suzana-marjanic-sismis-ili-laboratorij-ponovno-ozivljene-rasprave-o-porijeklu-koronavirusa-lipnja-2021-godine","status":"publish","type":"post","link":"https:\/\/centar-fm.org\/inmediasres\/index.php\/suzana-marjanic-sismis-ili-laboratorij-ponovno-ozivljene-rasprave-o-porijeklu-koronavirusa-lipnja-2021-godine\/","title":{"rendered":"Suzana Marjani\u0107: \u0160i\u0161mi\u0161 ili laboratorij \u2013 ponovno o\u017eivljene rasprave o porijeklu koronavirusa lipnja 2021. godine"},"content":{"rendered":"<p class=\"MsoNormal\" style=\"line-height: 150%;\"><span lang=\"SR\">&nbsp;<\/span><\/p>\n<p><a name=\"10inmediasres20\"><\/a><\/p>\n<p class=\"MsoNormal\" style=\"line-height: 150%;\"><span lang=\"SR\">&nbsp;<\/span><\/p>\n<hr \/>\n<table style=\"width: 755px;\" border=\"0\">\n<tbody>\n<tr>\n<td style=\"width: 215px;\" valign=\"top\">\n<p class=\"MsoNormal\" style=\"line-height: 170%;\">\n <strong>&nbsp;11(20)#10 2022<\/strong> <\/p>\n<\/td>\n<td style=\"width: 315px;\" valign=\"top\">\n<p style=\"line-height: 170%; text-align: center;\">\n<a rel=\"license\" href=\"http:\/\/creativecommons.org\/licenses\/by-nc\/4.0\/\"><img decoding=\"async\" alt=\"Creative Commons licenca\" style=\"border-width:0\" src=\"https:\/\/i.creativecommons.org\/l\/by-nc\/4.0\/88x31.png\" \/><\/a><br \/>\u010casopis je otvorenog pristupa, a ovo djelo je dano na kori\u0161tenje pod licencom <a rel=\"license\" href=\"http:\/\/creativecommons.org\/licenses\/by-nc\/4.0\/\"><strong>Creative Commons Imenovanje-Nekomercijalno 4.0 me\u0111unarodna.<\/strong><\/a><\/p>\n<\/td>\n<td valign=\"top\">\n<p style=\"text-align: right; line-height: 150%;\" align=\"center\"><strong>DOI <a href=\"https:\/\/doi.org\/10.46640\/imr.11.20.10\">10.46640\/imr.11.20.10<\/a><br \/>\n  UDK 599.4-049.35:578.1-0.43.83*Covid-19<br \/>\n  Izvorni \u010dlanak<br \/>\n  Original scientific paper<br \/>\n  Primljeno: 23.1.2022.<\/strong><\/p>\n<\/td>\n<\/tr>\n<\/tbody>\n<\/table>\n<p class=\"MsoNormal\" style=\"line-height: 150%;\">&nbsp;<\/p>\n<p class=\"MsoNormal\" style=\"line-height: 150%;\">&nbsp;<\/p>\n<p class=\"MsoNormal\" style=\"text-align: center; line-height: 150%;\" align=\"center\"><span style=\"font-size: 15.0pt; line-height: 150%;\">Suzana Marjani\u0107<\/span><\/p>\n<p style=\"text-align: center; line-height: 150%;\" align=\"center\">Institut za etnologiju i folkoristiku<br \/>\n  Zagreb, Hrvatska<br \/>\n  suzana@ief.hr\n<\/p>\n<p style=\"text-align: center;\" align=\"center\"><strong> <span style=\"font-size: 16.0pt; line-height: 150%;\">\u0160i\u0161mi\u0161 ili laboratorij \u2013 ponovno o\u017eivljene rasprave o <br \/>\nporijeklu koronavirusa lipnja 2021. godine<\/span><\/strong><\/p>\n<p style=\"text-align: center; line-height: 150%;\" align=\"center\"><a href=\"http:\/\/www.centar-fm.org\/inmediasres\/images\/pdf\/20\/S. Marjanic, Sismis ili laboratorij \u2013 ponovno ozivljene rasprave o porijeklu koronavirusa.pdf\"><strong><span style=\"color: #DC0101; font-size: 8.0pt;\"><br \/>\nPuni tekst: pdf (927 KB), Hrvatski, Str. 3391 &#8211; 3405<br \/>\n<\/span><\/strong><\/a><\/p>\n<p class=\"MsoNormal\" style=\"line-height: 150%;\">&nbsp;<\/p>\n<p style=\"margin: 0cm 48.6pt 0.0001pt 54pt; line-height: 170%;\"><strong><em>Sa\u017eetak<\/em><\/strong><\/p>\n<p class=\"MsoBodyText\" style=\"margin-top: 0cm; margin-right: 48.6pt; margin-bottom: .0001pt; margin-left: 54.0pt; line-height: 150%;\"><span style=\"font-size: 12.0pt; line-height: 150%; font-family: 'Times New Roman';\" lang=\"SR\">&nbsp;<\/span><\/p>\n<p class=\"MsoBodyText\" style=\"margin-top: 0cm; margin-right: 48.6pt; margin-bottom: .0001pt; margin-left: 54.0pt; line-height: 170%;\"><em>S obzirom na to da je lipnja 2021. ponovno o\u017eivljena rasprava o porijeklu koronavirusa, u okviru dobro poznate dihotomije \u0161i\u0161mi\u0161 ili laboratorij, \u010dlanak iznosi pregled \u010dinjenica koje smo u Hrvatskoj nau\u010dili u doba pandemije koronavirusa o tom na\u017ealost demoniziranom i navodnom uzro\u010dniku pandemije. Naime, jedan o povoda za o\u017eivljavanje rasprave o nerazja\u0161njenom porijeklu koronavirusa bio je i \u010dlanak objavljen svibnja 2021. u Wall Street Journalu, temeljen na neobjavljenom izvje\u0161taju ameri\u010dkih obavje\u0161tajaca u kojem se tvrdi da je troje znanstvenika Instituta za virologiju u Wuhanu (WIV) hospitalizirano u studenome 2019., gotovo dva mjeseca prije no \u0161to je Kina prijavila novu bolest. Veliku ulogu u pozitivnoj medijskoj slici \u0161i\u0161mi\u0161a kod nas imala je Udruga za za\u0161titu \u0161i\u0161mi\u0161a Tragus koja je upozorila, primjerice, \u0161to se ti\u010de Zagreba, i na tzv. dobre strane potresa (iz 2020. godine) s obzirom na to da su ugro\u017eene kolonije \u0161i\u0161mi\u0161a nakon potresa prona\u0161le uto\u010di\u0161te u napuklinama brojnih zagreba\u010dkih zgrada (usp. Mazija 2021).<\/em><\/p>\n<p class=\"MsoBodyText\" style=\"margin-top: 0cm; margin-right: 48.6pt; margin-bottom: .0001pt; margin-left: 54.0pt; line-height: 170%;\">&nbsp;<\/p>\n<p style=\"margin: 0cm 48.6pt 0.0001pt 54pt; line-height: 170%;\"><strong><em>Klju\u010dne rije\u010di:<\/em><\/strong> <em>demonizirani kineski \u0161i\u0161mi\u0161, pandemija koronavirusa, specizam.<\/em><\/p>\n<p class=\"MsoBodyText\" style=\"margin-top: 0cm; margin-right: 48.6pt; margin-bottom: .0001pt; margin-left: 54.0pt; line-height: 170%;\">&nbsp;<\/p>\n<p class=\"MsoNormal\" style=\"line-height: 150%;\">&nbsp;<\/p>\n<p align=\"right\" style=\"line-height: 170%;\"><em>&bdquo;Gripa, kako se ispostavilo, ovisi o na\u0161em odnosu prema pticama&ldquo; <br \/>\n<\/em>(Foer 2012: 117)<\/p>\n<p class=\"MsoNormal\" style=\"line-height: 170%;\">Kako je lipnja 2021. godine ponovno o\u017eivljena rasprava o porijeklu koronavirusa, u okviru dobro poznate dihotomije \u0161i\u0161mi\u0161 ili laboratorij, zamisao je ovoga eseja pregled za ovu prigodu odabranih \u010dinjenica koje smo nau\u010dili u doba pandemije koronavirusa o tom na\u017ealost demoniziranom i navodnom uzro\u010dniku pandemije. Jedan od povoda za o\u017eivljavanje rasprave o nerazja\u0161njenom porijeklu koronavirusa bio je i \u010dlanak objavljen svibnja 2021. godine u <em>Wall Street Journalu<\/em> temeljen na neobjavljenom izvje\u0161taju ameri\u010dkih obavje\u0161tajaca u kojemu se tvrdi da je troje znanstvenika Instituta za virologiju u Wuhanu (WIV) hospitalizirano u studenome 2019., dva mjeseca prije no \u0161to je Kina prijavila novu bolest (usp. Gordon et al 2021). Pritom, veliku je ulogu u pozitivnoj medijskoj slici \u0161i\u0161mi\u0161a kod nas imala Udruga za za\u0161titu \u0161i\u0161mi\u0161a Tragus koja je upozorila, primjerice, \u0161to se ti\u010de Zagreba, i na tzv. dobre strane potresa s obzirom na to da su ugro\u017eene kolonije \u0161i\u0161mi\u0161a nakon potresa prona\u0161le uto\u010di\u0161te u napuklinama brojnih zagreba\u010dkih zgrada.<a name=\"_ftnref259\"><\/a><a href=\"#_ftn259\"><sup>[<span style=\"font-family: 'times new roman', times;\"><strong>259<\/strong><\/span>]<\/sup><\/a> Tako Mirna Mazija iz navedene udruge isti\u010de da su Konvencija o migratornim vrstama&nbsp;(CMS),&nbsp;Sporazum o za\u0161titi europskih populacija \u0161i\u0161mi\u0161a&nbsp;(EUROBATS) i&nbsp;Sporazum o za\u0161titi afri\u010dko-euroazijskih migratornih ptica mo\u010dvarica&nbsp;(AEWA) objavili zajedni\u010dku obavijest o \u0161i\u0161mi\u0161ima i bolesti COVID-19 u kojoj pokazuju kako \u0161i\u0161mi\u0161i ne prenose virus COVID-19 (Mazija, 2020). Autorica, me\u0111u ostalim, isti\u010de da su brojne vrste \u0161i\u0161mi\u0161a pod za\u0161titom CMS-a i EUROBATS-a, a u trenutnom suo\u010davanju \u010dovje\u010danstva s pandemijom virusa COVID-19 potreba za za\u0161titom i o\u010duvanjem ovih ve\u0107 ugro\u017eenih sisavaca jo\u0161 je izra\u017eenija.<a name=\"_ftnref260\"><\/a><a href=\"#_ftn260\"><sup>[<span style=\"font-family: 'times new roman', times;\"><strong>260<\/strong><\/span>]<\/sup><\/a><\/p>\n<p class=\"MsoNormal\" style=\"line-height: 170%;\">U kontekstu naslovne teme nadovezujem se na \u010dlanak&ldquo;Kako je to biti \u0161i\u0161mi\u0161 u doba COVIDA-19? ili koliko pandemije mo\u017eemo podnijeti?&ldquo; koji sam objavila zajedno s kolegom Goranom \u0110ur\u0111evi\u0107em (izlaganje smo imali na skupu <em>COVID-19 u humanisti\u010dkoj perspektivi <\/em>2020. godine u Institutu za etnologiju i folkloristiku u Zagrebu).<strong> <\/strong>U kontekstu zooaktanta kao navodnoga uzro\u010dnika i prijenosnika pandemije istaknuli smo istra\u017eivanje Leonarda Schilda i suradnika koji su utvrdili kako COVID-19 poti\u010de porast sinofobije na <em>webu<\/em><a name=\"_ftnref261\"><\/a><a href=\"#_ftn261\"><sup>[<span style=\"font-family: 'times new roman', times;\"><strong>261<\/strong><\/span>]<\/sup><\/a> te da je \u0161irenje sinofobnog sadr\u017eaja vi\u0161estruki fenomen na digitalnim dru\u0161tvenim platformama. S jedne strane, postoji na rubnim internetskim zajednicama, npr. na politi\u010dki nekorektnoj platformi <em>4chan<\/em> (Schild et al. 2020: 1). S druge strane, medijima dane izjave visokih du\u017enosnika poput biv\u0161eg ameri\u010dkog predsjednika Donalda Trumpa o kineskom virusu doprinijeli su razvoju sinofobije (usp. \u0110ur\u0111evi\u0107, Marjani\u0107 2020, 2021, 2022; Marjani\u0107 2020, 2021). Trump je vrlo rano stvorio javnu paranoju nazivaju\u0107i ga &bdquo;kineskim virusom&ldquo;, &bdquo;virusom Wuhan&ldquo; i &bdquo;kung gripom&ldquo;. Navodno je izraz koristio vi\u0161e od 20 puta izme\u0111u 16. i 20. o\u017eujka 2020. godine (prema Peters 2020).<strong><\/strong><\/p>\n<p class=\"MsoNormal\" style=\"line-height: 170%;\">Zapadnoeuropski znanstvenici kineskog porijekla Yunpeng Zhang i Fang Xu napravili su dubinsku analizu novinskih natpisa zapadnih medija koja je pokazala nekoliko trendova poput marginaliziranja, diskreditiranja i nepovjerenja prema kineskim i azijskim istra\u017eiva\u010dima te reproduciranja orijentalizma, rasizma i seksizma. Osim navedenoga, prema rije\u010dima dvojice citiranih znanstvenika, cijela produkcija znanja kroz medijske reprezentacije napravljena je iz perspektive dr\u017eavofobije (engl. <em>Statephobia<\/em>) i diskreditiranja uspjeha pojedinih azijskih zemalja, a posebice Kine, u rje\u0161avanju zdravstvene krize i pandemije (usp. \u0110ur\u0111evi\u0107, Marjani\u0107 2020, 2021, 2022; Marjani\u0107 2020, 2021).<\/p>\n<p class=\"MsoNormal\" style=\"line-height: 170%;\">Michael Adrian Peters, izvr\u0161ni urednik \u010dasopisa <em>Educational Philosophy and Theory<\/em>, u \u010dlanku &bdquo;\u017di\u017eek o Kini i COVIDU-19: Wuhan, autoritarni kapitalizam i empatijski socijalizam u Novom Zelandu&ldquo; upozorava da su u jeku koronakrize naro\u010dito Sjedinjene Dr\u017eave, Ujedinjeno Kraljevstvo i Australija razvijale orkestriranu kampanju temeljenu na <em>Five Eyes<\/em>, obavje\u0161tajnom sustavu za produljenje trgovinskih ratova kao \u0161to je to slu\u010daj s nedavnom britanskom zabranom Huawei 5G tehnologije \u0161to u kona\u010dnici pove\u0107ava izglede za novi Hladni rat (Peters 2020: 3\u20134)<a name=\"_ftnref262\"><\/a><a href=\"#_ftn262\"><sup>[<span style=\"font-family: 'times new roman', times;\"><strong>262<\/strong><\/span>]<\/sup><\/a> Naime, <em>Five Eyes<\/em> je obavje\u0161tajni savez koji \u010dine Australija, Kanada, Novi Zeland, Ujedinjeno Kraljevstvo i Sjedinjene Dr\u017eave. Dakle, u jeku koronakrize srpnja 2020. godine Velika Britanija odlu\u010dila je da se Huawei 5G tehnologija do 2027. godine mora ukloniti iz Velike Britanije. Odnosno, davateljima mobilnih usluga u Velikoj Britaniji zabranjena je kupnja nove Huawei 5G opreme od 31. prosinca 2020. Slijede sankcije koje je uveo Washington, s obzirom na tvrdnju da tvrtka predstavlja prijetnju nacionalnoj sigurnosti. Zamjetno je da 5G mre\u017ea uvedena 2020. i 2021. u jeku koronakrize, pa tako i u Hrvatskoj.<a name=\"_ftnref263\"><\/a><a href=\"#_ftn263\"><sup>[<span style=\"font-family: 'times new roman', times;\"><strong>263<\/strong><\/span>]<\/sup><\/a><\/p>\n<p class=\"MsoNormal\" style=\"line-height: 170%;\"><strong>&nbsp;<\/strong><\/p>\n<p class=\"MsoNormal\" style=\"line-height: 170%;\"><strong>Negacija demonizacije \u0161i\u0161mi\u0161a<\/strong><\/p>\n<p class=\"MsoNormal\" style=\"line-height: 170%;\">Nakon uvodnoga podsje\u0107anja na o\u017eivljene rasprave o dihotomiji \u0161i\u0161mi\u0161 ili laboratorij navodim \u0161to sam osobno nau\u010dila o toj demoniziranoj \u017eivotinji koji je pao gotovo kao \u017ertva u posljednjoj pandemiji. Na poziv kolega napisala sam \u010dlanak kra\u0107ega formata &bdquo;O&nbsp;fiktivnim i&nbsp;ugro\u017eenim \u0161i\u0161mi\u0161ima, navodnom uzro\u010dniku i&nbsp;prijenosniku koronavirusa iz Wuhana ili kako je to biti \u0161i\u0161mi\u0161 u&nbsp;doba bolesti COVID-19&ldquo; (Marjani\u0107, u: \u0110ur\u0111evi\u0107, Marjani\u0107 2020). Na temelju navedenoga naslovnoga pitanja napravila sam interpretativnu poveznicu s \u010dlankom iz 1974. godine ameri\u010dkoga filozofa Thomasa Nagela u kojemu se u kontekstu meditacije o nemogu\u0107nosti objektivnoga razumijevanja subjektivnoga iskustva zapitao kako je to biti \u0161i\u0161mi\u0161 te smatra da nas neuroznanost nikada ne\u0107e dovesti bli\u017ee razumijevanju navedenoga iskustva, <em>\u0161i\u0161mi\u0161je fenomenologije. <\/em>Nagelov utjecajni \u010dlanak &bdquo;Kako je to biti \u0161i\u0161mi\u0161&rdquo; [What is It Like to Be a Bat] (1974) poga\u0111a u su\u0161tinu problema, a to je pitanje<em> svijesti<\/em> (<em>qualia<\/em>), ili njegovim retori\u010dkim pitanjem: &bdquo;Ja \u017eelim znati kako je \u0161i\u0161mi\u0161u biti \u0161i\u0161mi\u0161. Ako ipak poku\u0161am to zamisliti, ograni\u010den sam sredstvima vlastitog uma, ona toj zada\u0107i ne odgovaraju&ldquo; (Nagel, prema Coetzee 2004: 37, usp. Laird 2018: 144\u2013145). <\/p>\n<p class=\"MsoNormal\" style=\"line-height: 170%;\">Wendy Doniger navodi da je davno prije Nagela bila upotrijebljena metafora s konjem (rije\u010d je o dobro poznatoj Ksenofanovoj kritici religije) kako bi se izrazili problemi \u0161to ih imamo sa zami\u0161ljanjem \u017eivotinjskog uma. U razgovoru sa svojim kolegom Maxom Gluckmanom, antropolog Radcliffe-Brown je, za na\u010din kojim je Frazer oblikovao <em>Zlatnu granu,<\/em> izmislio krilaticu &bdquo;argumentacija u stilu da sam ja konj&ldquo;, &bdquo;prema pri\u010di o farmeru sa Srednjeg Zapada \u010diji je konj odlutao s ogra\u0111enog pa\u0161njaka. Farmer je stao na pa\u0161njak, \u017evaknuo malo trave i mozgao: &lsquo;E sad, da sam ja konj, kojim bih putem oti\u0161ao?&ldquo; (Doniger, prema Coetzee 2004: 115).<a name=\"_ftnref264\"><\/a><a href=\"#_ftn264\"><sup>[<span style=\"font-family: 'times new roman', times;\"><strong>264<\/strong><\/span>]<\/sup><\/a><\/p>\n<p class=\"MsoNormal\" style=\"line-height: 170%;\">Nagel, naime, uzima kao primjer \u0161i\u0161mi\u0161a zbog toga \u0161to, kako navodi &bdquo;ako bi\u0107e zauzima mjesto prenisko u filogenetskom sustavu, ljudi sve manje vjeruju u prisutnost iskustva u njemu&ldquo; (prema Coetzee 2004: 37), te je njihov osjetilni aparat daleko druga\u010diji od na\u0161eg. Naime, koliko god istra\u017eivali, \u010dak i imaju\u0107i sve informacije o arhitekturi \u0161i\u0161mi\u0161eva mo\u017edanog sklopa, ne mo\u017eemo znati kakvo je njegovo iskustvo u doba pandemije. <\/p>\n<p class=\"MsoNormal\" style=\"line-height: 170%;\">Pritom Merlin D. Tuttle, znanstvenik i osniva\u010d me\u0111unarodne nevladine organizacije Bat Conservation International, voditelj neprofitne organizacije Merlin Tuttle&rsquo;s Bat Conservation, u \u010dlanku &bdquo;Give Bats a Break&ldquo; iz 2017. godine isti\u010de da traganje za novim virusima kod \u0161i\u0161mi\u0161a vjerojatno ne\u0107e zna\u010dajno pridonijeti ljudskom zdravlju, no mo\u017ee ozbiljno ugroziti budu\u0107nost \u0161i\u0161mi\u0161a. Sa\u017eimam navedeni \u010dlanak: ideja da \u0161i\u0161mi\u0161i mogu biti odgovorni za prijenos nove smrtonosne infekcije na ljude zapo\u010dela je 2002.\/2003. godine s otkri\u0107em novoga koronavirusa koji je uzrokovao SARS, usmrtiv\u0161i oko 800 osoba (<em>Wikipedia <\/em>navodi 775 osoba).<a name=\"_ftnref265\"><\/a><a href=\"#_ftn265\"><sup>[<span style=\"font-family: 'times new roman', times;\"><strong>265<\/strong><\/span>]<\/sup><\/a> Tri godine kasnije, \u010dlanak u \u010dasopisu <em>Science <\/em>pod naslovom &bdquo;\u0160i\u0161mi\u0161i su prirodni rezervoari koronavirusa sli\u010dnih SARS-u&ldquo; (Li, Shi, Yu, 2005: 676\u2013679) najavio je znanstveni lin\u010d na \u0161i\u0161mi\u0161e, s obzirom na to da se znanstveno proklamiralo da su \u0161i\u0161mi\u0161i globalna prijetnja javnom zdravstvu. Od tada su takozvani lovci na viruse intenzivno tragali za opasnim virusima \u0161i\u0161mi\u0161a. Autor, u kontekstu navedene demonizacije \u0161i\u0161mi\u0161a, postavlja klju\u010dnu tezu da bismo se trebali po\u010deti brinuti \u0161to \u010dinimo \u0161i\u0161mi\u0161ima u ime znanosti i javnog zdravstva. Merlin D. Tuttle, nadalje, iz ekocentri\u010dne vizure isti\u010de kako je nemogu\u0107e da su \u0161i\u0161mi\u0161i utjecali na pojavu zaraze, s obzirom na to da smo tijekom ve\u0107eg dijela ljudske povijesti zajedno sa \u0161i\u0161mi\u0161ima \u017eivjeli u spiljama, zatim u slamnatim kolibama i brvnarama, no posljednjih stotinu godina trend je postao obrnut. Populacija \u0161i\u0161mi\u0161a se uslijed industrijalizacije smanjila, a suvremeni ljudi po\u010deli su \u017eivjeti u zgradama koje isklju\u010duju \u0161i\u0161mi\u0161e iz habitata. S obzirom na na\u0161u dugu povijest bliskih veza, razumljivo je da smo razvili otpornost jedni prema drugima u odnosu na bolesti. Mo\u017eda to obja\u0161njava za\u0161to je bilo tako te\u0161ko dokumentirati \u0161i\u0161mi\u0161e kao izvore smrtonosnih bolesti kod ljudi i zbog \u010dega je potrebno poni\u0161titi demonizaciju \u0161i\u0161mi\u0161a (Tuttle 2017: 44). U tome smislu navedeni zoocentri\u010dki \u010dlanak Merlina D. Tuttlea mo\u017ee se uzeti kao primjer iznimnoga odgovora na Nagelovo filozofijsko i retori\u010dko pitanje iz perspektive njegova \u010dlanka. Upu\u0107ujem i na kampanju za za\u0161titu \u0161i\u0161mi\u0161a u doba pandemije COVID-19 <em>#DontBlameBats<\/em> s namjerom suzbijanja neutemeljenih strahova od \u0161i\u0161mi\u0161a kao izvora novog koronavirusa.<a name=\"_ftnref266\"><\/a><a href=\"#_ftn266\"><sup>[<span style=\"font-family: 'times new roman', times;\"><strong>266<\/strong><\/span>]<\/sup><\/a><\/p>\n<p class=\"MsoNormal\" style=\"line-height: 170%;\">Zamjetno je da &bdquo;infektivna&rdquo; pri\u010da \u010dini se ne donosi i dubinskoekolo\u0161ku pri\u010du o tome kako je navodno kineski \u0161i\u0161mi\u0161 u metonimijskoj kineskoj juhi postao uzro\u010dnik i prijenosnik koronavirusa iz Wuhana. Dubinskoekolo\u0161ka pri\u010da sli\u010dna je scenariju filma <em>Zaraza<\/em> Stevena Soderbergha iz 2011. godine, koji prati <strong>s<\/strong><strong>mrtonosan virus<\/strong> koji u svega nekoliko tjedana izaziva globalnu pandemiju. Posljednja sekvenca filma razotkriva uzro\u010dnika i prijenosnika zaraze \u2013 sustavna deforestacija u okviru \u010dega demonizirani kineski \u0161i\u0161mi\u0161 iz divljine zarazu prenosi na gospodarstvo, uzgoj svinja, kojim se poslu\u017eio jedan lanac hotela. Dakle, na samom vrhu te apokalipti\u010dne, pandemijske, distopijske pri\u010de stoji deforestacija uslijed \u010dega je demonizirani \u0161i\u0161mi\u0161 do\u0161ao u kontakt s gospodarstvom za uzgoj svinja. U kontekstu tog fiktivnoga virusa iz filma Stevena Soderbergha, koji je znatno opasniji i nema povezanosti s virusom COVID-19, isti\u010dem Wilsonov koncept <em>jedinstvo znanja<\/em>, koji je potreban u komparativnoj analizi pri\u010da glavnih medija i tzv. kini\u010dkih teorija zavjera, koje podrivaju cinizam mo\u0107i na vlasti, u Sloterdijkovu odre\u0111enju i u odre\u0111enju politologa, teoreti\u010dara teorija zavjera Neboj\u0161e Blanu\u0161e, o tome kako humani ulazak u pra\u0161ume, deforestacija, kao \u0161to je dokumentirao Soderberghov film, donosi i nove pandemije. Kao \u0161to demonstrira grafikon <em>World Wildlife Funda<\/em>, prvi korak u izazivanju pandemije sustavna je deforestacija, zatim trgovanje divljim \u017eivotinjama, nadalje mokre tr\u017enice<a name=\"_ftnref267\"><\/a><a href=\"#_ftn267\"><sup>[<span style=\"font-family: 'times new roman', times;\"><strong>267<\/strong><\/span>]<\/sup><\/a> gdje nastaje kontakt razli\u010ditih vrsta. Bilo bi to sa\u017eeto putovanje pandemije o kojemu se toliko u glavnim medijima i ne govori jer je rije\u010d o ekocentri\u010dnoj, biocentri\u010dnoj pri\u010di koja ide protiv globalnoga specizma neoliberalne ekonomije. <\/p>\n<p class=\"MsoNormal\" style=\"line-height: 170%;\">Udruga Prijatelji \u017eivotinja u Hrvatskoj 14. travnja 2020. na svom je portalu objavila sljede\u0107u vijest<a name=\"_ftnref268\"><\/a><a href=\"#_ftn268\"><sup>[<span style=\"font-family: 'times new roman', times;\"><strong>268<\/strong><\/span>]<\/sup><\/a> o grupi&nbsp;NOVID-50, koja je zapo\u010dela s timom od 20 ljudi koji su poku\u0161ali iznijeti rje\u0161enje za krizu COVID-19 na <em>Global Hacku<\/em> \u2013 <em>online<\/em> doga\u0111aju na kojem timovi \u0161irom svijeta pronalaze radna rje\u0161enja kroz 48 sati. NOVID-50 bavi se uzrokom pandemija uzrokovanim bolestima koje prenose \u017eivotinje, no s naglaskom na intenzivnom iskori\u0161tavanju \u017eivotinja (npr. Charles Patterson navedenu industrijsku strategiju odre\u0111uje industrijskim holokaustom). Pozivaju Ujedinjene narode da naprave strategiju okon\u010danja rada industrijskih farmi \u017eivotinja, tr\u017enica sa \u017eivim \u017eivotinjama kao i cjelokupno iskori\u0161tavanje \u017eivotinja. Sa\u017eeto, navedena je platforma istaknula dubinskoekolo\u0161ki uzro\u010dnik pandemija, me\u0111u kojima je svakako i prehrana \u017eivotinjama, ili kao \u0161to bi Melanie Joy rekla \u2013 ideologija karnizma. <\/p>\n<p class=\"MsoNormal\" style=\"line-height: 100%;\">&nbsp;<\/p>\n<div align=\"center\">\n<p><img loading=\"lazy\" decoding=\"async\" src=\"\/inmediasres\/images\/casopisi\/suzana2021001.jpg\" alt=\"\" width=\"455\" height=\"349\" \/><\/p>\n<p class=\"MsoNormal\" style=\"line-height: 170%;\"><em>Foto 1: PETA-in reklamni odgovor na ideologiju karnizma u doba pandemije COVID-19: &bdquo;Tofu nikada nije prouzrokovao pandemiju&ldquo;.<\/em><a name=\"_ftnref269\"><\/a><a href=\"#_ftn269\"><sup>[<span style=\"font-family: 'times new roman', times;\"><strong>269<\/strong><\/span>]<\/sup><\/a><\/p>\n<\/div>\n<p class=\"MsoNormal\" style=\"line-height: 170%;\">&nbsp;<\/p>\n<div align=\"center\">\n<p><img loading=\"lazy\" decoding=\"async\" src=\"\/inmediasres\/images\/casopisi\/suzana2021002.jpg\" alt=\"\" width=\"328\" height=\"408\" \/><\/p>\n<p class=\"MsoNormal\" style=\"line-height: 170%;\"><em>Foto 2: &bdquo;Jedenje \u017eivotinja uzro\u010dnik je pandemija: mokre tr\u017enice \u2013 COVID-19, svinje \u2013 svinjska gripa; perad \u2013 pti\u010dja gripa, deve \u2013 MERS, goveda \u2013 kravlje ludilo, \u0161i\u0161mi\u0161i, ljuskavci\/ pangolini \u2013 SARS &ldquo;. Preuzeto s Facebook stranice <strong>Million Dollar Vegan <\/strong>(7. lipnja 2021.)<\/em><a name=\"_ftnref270\"><\/a><a href=\"#_ftn270\"><sup>[<span style=\"font-family: 'times new roman', times;\"><strong>270<\/strong><\/span>]<\/sup><\/a><\/p>\n<\/div>\n<p class=\"MsoNormal\" style=\"line-height: 170%;\">&nbsp;<\/p>\n<p class=\"MsoNormal\" style=\"line-height: 170%;\"><strong>&nbsp;<\/strong><\/p>\n<p class=\"MsoNormal\" style=\"line-height: 170%;\"><strong>Izlo\u017ebeni \u0161i\u0161mi\u0161i u Zagrebu <\/strong><\/p>\n<p class=\"MsoNormal\" style=\"line-height: 170%;\">Zadr\u017eimo se na dvjema izlo\u017ebama o \u0161i\u0161mi\u0161ima koje su 2019. i 2020. godine bile prire\u0111ene u Zagrebu. Izlo\u017eba <em>Tehnologije u biologiji: \u0160i\u0161mi\u0161i <\/em>(Zagreb, Tehni\u010dki muzej Nikola Tesla, 2019)<a name=\"_ftnref271\"><\/a><a href=\"#_ftn271\"><sup>[<span style=\"font-family: 'times new roman', times;\"><strong>271<\/strong><\/span>]<\/sup><\/a> predstavila jetehnologije koje otkrivaju do tada nepoznata iskustva \u0161i\u0161mi\u0161a, gotovo u smislu Nagelova \u010dlanka <em>Kako je to biti \u0161i\u0161mi\u0161<\/em>. Izlo\u017eba je rezultat dvogodi\u0161njeg istra\u017eivanja \u0161i\u0161mi\u0161a na otoku Lokrumu kod Dubrovnika (Javna ustanova Rezervat Lokrum)<a name=\"_ftnref272\"><\/a><a href=\"#_ftn272\"><sup>[<span style=\"font-family: 'times new roman', times;\"><strong>272<\/strong><\/span>]<\/sup><\/a> s posebnim osvrtom na dvije vrste \u0161i\u0161mi\u0161a \u2013 <em>Plecotus kolombatovici<\/em> i <em>Rhinolophus hipposideros<\/em>. Pritom su izlo\u017ebom bili povezani svijet \u0161i\u0161mi\u0161a i tehnologija (detektor za \u0161i\u0161mi\u0161e, telemetrija) koje se koriste za njihovo istra\u017eivanje s pojedinim predmetima (npr. reprodukcije da Vincijevih crte\u017ea razrade ideje kojom je prou\u010davaju\u0107i krila i let \u0161i\u0161mi\u0161a osmislio napravu za let \u010dovjeka; maketa druge, kasnije ina\u010dice aviona Slavoljuba Penkale \u2013 TMNT 1852; mala talijanska podmornica CB\u201320, proizvedena 1943. godine u Milanu u Italiji \u2013 TMNT 332) iz stalnog postava Tehni\u010dkog muzeja Nikola Tesla u Zagrebu.<a name=\"_ftnref273\"><\/a><a href=\"#_ftn273\"><sup>[<span style=\"font-family: 'times new roman', times;\"><strong>273<\/strong><\/span>]<\/sup><\/a> Izlo\u017eba je poseban naglasak stavila na eholokaciju, kao \u0161to je to u\u010dinio i Nagel svojim \u010dlankom koji iz filozofijske ni\u0161e postavlja pitanje &bdquo;kako je to biti \u0161i\u0161mi\u0161&ldquo;. Kao \u0161to navode autori\/ice izlo\u017ebe, eholokacija omogu\u0107uje \u0161i\u0161mi\u0161ima da se orijentiraju u prostoru uz pomo\u0107 povratnih odjeka njihovih poziva. Ure\u0111aj koji omogu\u0107uje potvrdu prisutnosti \u0161i\u0161mi\u0161a pretvaranjem njihovih zvukova, tj. eholokacija, u zvuk koji \u010dovjek mo\u017ee \u010duti, naziva se ultrazvu\u010dni detektor ili detektor \u0161i\u0161mi\u0161a.<a name=\"_ftnref274\"><\/a><a href=\"#_ftn274\"><sup>[<span style=\"font-family: 'times new roman', times;\"><strong>274<\/strong><\/span>]<\/sup><\/a> U tome smislu mo\u017eemo re\u0107i da je detektor za \u0161i\u0161mi\u0161eomogu\u0107io djelomi\u010dan odgovor na Nagelovo pitanje &ldquo;kako je to biti \u0161i\u0161mi\u0161&rdquo;. Drugo istra\u017eivanje telemetrijom odvijalo se tako da su se tijekom istra\u017eivanja na pojedine jedinke \u0161i\u0161mi\u0161a pri\u010dvrstili vrlo mali radio-oda\u0161ilja\u010d koji \u0161i\u0161mi\u0161i odbacuju za desetak dana. U tom razdoblju, istra\u017eiva\u010di opremljeni radio-prijemnicima i usmjerenim antenama mogu pratiti \u0161i\u0161mi\u0161e i odrediti njihov polo\u017eaj u prirodi. Prikupljeni se podaci obra\u0111uju te se izra\u0111uju karte njihovog kretanja, kao \u0161to je pokazala i karta izlo\u017eena na izlo\u017ebi. Izlo\u017eba je jednako tako pokazala, kao \u0161to sam ve\u0107 spomenula, na koji su na\u010din let \u0161i\u0161mi\u0161a koristili neki znanstvenici u svojim istra\u017eivanjima. Tako je Leonardo da Vinci, prou\u010davanjem leta i krila \u0161i\u0161mi\u0161a, prvi razra\u0111ivao zakone letenja. Reprodukcije da Vincijevih crte\u017ea razrade te ideje u stalnom su postavu Odjela Prometna sredstva Tehni\u010dkog muzeja Nikola Tesla.<a name=\"_ftnref275\"><\/a><a href=\"#_ftn275\"><sup>[<span style=\"font-family: 'times new roman', times;\"><strong>275<\/strong><\/span>]<\/sup><\/a> Jednako tako prou\u010davanje \u0161i\u0161mi\u0161a i njihovog snala\u017eenja u prostoru pomo\u0107u eholokacije pridonijelo je razvoju radara i sonara. Kao \u0161to \u0161i\u0161mi\u0161i proizvode zvuk koji se \u0161iri kao val, tako i ti ure\u0111aji, kako smo mogli pro\u010ditati na legendama izlo\u017ebe, oda\u0161ilju i primaju povratne valove na temelju kojih mogu izra\u010dunati udaljenost ili brzinu nekih objekata, kao \u0161to su podmornice, zrakoplovi i sli\u010dno. Poznato je da je osmi\u0161ljavanju radara pridonio i Nikola Tesla. <\/p>\n<p class=\"MsoNormal\" style=\"line-height: 170%;\">Sljede\u0107a zagreba\u010dka izlo\u017eba na kojoj su zoo-aktanti bili \u0161i\u0161mi\u0161i bila je izlo\u017eba <em>Otvoreno <\/em>\u2013<em> \u017diva bi\u0107a i njihove opasne veze\/ Open \u2013 Living Beings and Their Dangerous Laisons, <\/em>izlo\u017eba radova produciranih u sklopu europske mre\u017ee EMAP \u2013 European Media Art Platform koja okuplja europske organizacije i institucije posve\u0107ene novomedijskoj umjetnosti, postavljene u okviru Touch Me festivala (Tehni\u010dki muzej Nikola Tesla, Zagreb, kustoski tim KONTEJNER; Tereza Tekli\u0107 i Olga Majcen Linn).<a name=\"_ftnref276\"><\/a><a href=\"#_ftn276\"><sup>[<span style=\"font-family: 'times new roman', times;\"><strong>276<\/strong><\/span>]<\/sup><\/a> Na navedenoj su izlo\u017ebi Daniela Mitterberger i Tiziano Derme (MAEID B\u00fcro f\u00fcr Architektur und transmediale Kunst) predstavili svoj rad <em>Oko Drugoga III &bdquo;O cvije\u0107u&ldquo; \u2013 Me\u0111uvrsna komunikacija izme\u0111u \u010dovjeka i \u0161i\u0161mi\u0161a <\/em>(imerzivno audio-vizualno su\u010delje, multimodalna skulptura, 2019.\u20132020). Kako umjetnici isti\u010du, <em>The Eye of the Other<\/em> &bdquo;je projekt koji istra\u017euje neverbalnu komunikaciju izme\u0111u ljudi i \u0161i\u0161mi\u0161a, kroz prou\u010davanje i prevo\u0111enje senzornih sustava \u0161i\u0161mi\u0161a. Rad prevodi percepcijski svijet nektarskih \u0161i\u0161mi\u0161a u perceptivne obrasce koje \u010dovjek mo\u017ee razumjeti \u2013 od eholokacije do na\u0161ih osjetila kao \u0161to su sluh, vid i dodir.&rdquo; Naime, \u0161i\u0161mi\u0161i koji se hrane nektarom pronalaze cvije\u0107e sortiranjem okoli\u0161a pomo\u0107u vizualnih i sonarnih informacija. Oni mogu raspoznati geometriju pojedinog cvijeta proizvode\u0107i takozvane eho-otiske (usp. <em>Touch Me Festival <\/em>2020: 131).<a name=\"_ftnref277\"><\/a><a href=\"#_ftn277\"><sup>[<span style=\"font-family: 'times new roman', times;\"><strong>277<\/strong><\/span>]<\/sup><\/a> Projekt <em>Oko Drugoga III &bdquo;O cvije\u0107u&ldquo; <\/em>prevodi te otiske u \u010dujne frekvencije i vizualne, osjetilne uzorke razumljive ljudskim \u010dulima, ukratko, \u0161i\u0161mi\u0161je iskustvo prevode u ljudsko. Pritom se umjetnici-znanstvenici pozivaju na teorijske koncepte\u00a0 Derridaina\u010dlanka <strong><em>\u017divotinja koja, dakle, jesam (vi\u0161e slijedi)<\/em><\/strong> (1997, 2002) Giorgia Agambena <em>Otvoreno: \u010covjek i \u017eivotinja<\/em> (2004), Brune Latoura i naravno na Nagelovo filozofijsko promi\u0161ljanje &bdquo;kako je to biti \u0161i\u0161mi\u0161&ldquo;. Navodim njihov umjetni\u010dko-znanstveni opis susreta sa svijetom tih lete\u0107ih sisavaca: &bdquo;Unutar ovog prostora gubimo svoju individualnost, ne ubrajamo se u vrstu, ve\u0107 kao <em>agense<\/em> postavljene u rezonanciju unutar okoli\u0161a. Mo\u017eda su ove vrste iskustava izravan poziv da se preispita na\u0161 polo\u017eaj kao vrste me\u0111u mnogima na zemlji, \u0161to bi Latour definirao kao &lsquo;zemaljce&rsquo; ili <em>one pri\/vezane za zemlju<\/em>&rdquo; (Derme &amp; Mitterberger 2020). Za instalaciju su izradili 3D printano umjetno cvije\u0107e. Tako\u0111er su koristili sinteti\u010dki pelud za punjenje cvije\u0107a kao hranu za \u0161i\u0161mi\u0161e.<a name=\"_ftnref278\"><\/a><a href=\"#_ftn278\"><sup>[<span style=\"font-family: 'times new roman', times;\"><strong>278<\/strong><\/span>]<\/sup><\/a><\/p>\n<p class=\"MsoNormal\" style=\"line-height: 170%;\">I dok je prva ovdje navedena izlo\u017eba znanstveno dokumentirala eholokaciju, spomenuti znanstveno-umjetni\u010dki rad o me\u0111uvrsnoj komunikaciji eholokaciju je prenio u vizualni, \u010dujni i taktilni segment svojstvenu ljudskoj komunikaciji i pritom je segmentirao istra\u017eivanje na samo jednu vrstu \u0161i\u0161mi\u0161a \u2013 na \u0161i\u0161mi\u0161e koji se hrane nektarom koji imaju jedinstveni sustav senzorne kompenzacije koji im omogu\u0107uje da tra\u017ee hranu u napu\u010denim habitatu kao \u0161to su pra\u0161ume. Pritom umjetnici su istaknuli ulogu navedenoga umjetni\u010dko-znanstvenoga projekta u kontekstu biosonarne tehnologije koja je prisutna u prirodi samo kod dvije grupe \u017eivotinja \u2013 \u0161i\u0161mi\u0161a i moljaca koji koriste zra\u010dni biosonar dok su kitovi i dupini orijentirani na podvodni biosonar. Pored matrice biosonarne tehnologije navedeni umjetnici-znanstvenici isti\u010du i ulogu senzorne ekologije (engl. <em>sensory ecology<\/em>) (Derme &amp; Mitterberger 2020), koji prou\u010davaju kako organizmi stje\u010du i reagiraju na informacije o svom okoli\u0161u i kao primjer isti\u010du senzorni sustav eholokacije \u0161i\u0161mi\u0161a. <\/p>\n<p class=\"MsoNormal\" style=\"line-height: 170%;\">Marina Gr\u017eini\u0107 u knjizi <em>Estetika kibersvijeta i u\u010dinci derealizacije<\/em> u poglavlju o umjetnom \u017eivotu i terminalnom pozicioniranju napominje da je u 18. stolje\u0107u vrhunac mehani\u010dke simulacije predstavljala Vaucansonova mehani\u010dka patka &ldquo;koja je pila, jela, kvakala\u2026 i probavljala hranu kao \u017eiva patka&rdquo;. Navedena produkcija umjetnoga \u017eivota \u010dini uvod u autori\u010dino promi\u0161ljanje o umjetni\u010dkim strategijama genetskoga in\u017eenjeringa u sklopu kojih Oron Catts, Ionat Zurr i Guy Ben-Ary (The Tissue Culture &amp; Art Project) uzgajaju \u017eive vlaknaste mikroorganizme kao \u017eive skulpture, i pritom autorica oda\u0161ilje bioeti\u010dki upit-sumnju: &ldquo;No, moramo se pitati \u0161to \u0107e se desiti sa \u017eivom skulpturom kad joj opadne vrijednost na tr\u017ei\u0161tu umjetnina.&rdquo; Iako su prvenstveno znanstvenici, medijski umjetnici i arhitekti Daniela Mitterberger i Tiziano Derme na svojoj internetskoj stranici isti\u010du o sebi i umjetni\u010dku matricu vlastitih istra\u017eivanja \u2013 suosniva\u010di su i direktori MAEID \/ B\u00fcro f\u00fcr Architektur und Trasmediale Kunst, interdisciplinarnog studija za dizajn za kriti\u010dko lociranje novih tehnologija unutar novih spojeva \u010dovjeka-\u017eivotinje-stroja.<\/p>\n<p class=\"MsoNormal\" style=\"line-height: 170%;\">Instalacija<em> Oko Drugoga III &bdquo;O cvije\u0107u&ldquo; \u2013 Me\u0111uvrsna komunikacija izme\u0111u \u010dovjeka i \u0161i\u0161mi\u0161a <\/em>koristi pona\u0161anje \u0161i\u0161mi\u0161a i njihovu eholokaciju na tehnologije poput samovoze\u0107ih automobila. Prou\u010davanje njihovog biosonarnog sustava trenutno \u010dini klju\u010dni napredak za tehnologije koje se primjenjuju na radarske i ra\u010dunalne ure\u0111aje za vid. Te aplikacije koriste sonar kako bi olak\u0161ale i interpretirale prikaz trodimenzionalne geometrije u izlaznom signalu (kompjutorski vid). Samovoze\u0107i automobili trenutno koriste sonarnu tehnologiju za upravljanje vozilima u slu\u010daju detekcije magle i slabe vidljivosti (Derme &amp; Mitterberger 2020).<\/p>\n<p class=\"MsoNormal\" style=\"line-height: 170%;\">Zavr\u0161no navodim i niz malih popularno-znanstvenih izlo\u017ebi, namijenjenih najmla\u0111ima, koji se odr\u017eavaju u pojedinim gradovima Hrvatske u povodu obilje\u017eavanja Me\u0111unarodne no\u0107i \u0161i\u0161mi\u0161a. Tako je Osijek Devetu no\u0107 \u0161i\u0161mi\u0161a (29.\u201330. kolovoza) 2020. godine obilje\u017eio u Zoo vrtu<a name=\"_ftnref279\"><\/a><a href=\"#_ftn279\"><sup>[<span style=\"font-family: 'times new roman', times;\"><strong>279<\/strong><\/span>]<\/sup><\/a> pod programskim geslom &bdquo;\u0160i\u0161mi\u0161i nisu krivi za koronu, ali bi Osijek mogli rije\u0161iti komaraca&ldquo;, i to u znaku poni\u0161tavanja demonizacije \u0161i\u0161mi\u0161a, koja je 2020. godine kulminirala zbog navodne povezanosti demoniziranoga kineskoga \u0161i\u0161mi\u0161a i pandemije. <\/p>\n<p class=\"MsoNormal\" style=\"line-height: 100%;\">&nbsp;<\/p>\n<div align=\"center\">\n<p><img loading=\"lazy\" decoding=\"async\" src=\"\/inmediasres\/images\/casopisi\/suzana2021003.jpg\" alt=\"\" width=\"444\" height=\"282\" \/><\/p>\n<p class=\"MsoNormal\" style=\"line-height: 170%;\"><em>Foto 3: Ultrazvu\u010dni detektor ili detektor \u0161i\u0161mi\u0161a, iz kataloga izlo\u017ebe <strong>Tehnologije u biologiji: \u0160i\u0161mi\u0161i<\/strong> (Zagreb, Tehni\u010dki muzej Nikola Tesla, 2019. Zahvaljujem autorima\/autoricama izlo\u017ebe na dozvoli objavljivanja navedene fotografije.<\/em><\/p>\n<\/div>\n<p class=\"MsoNormal\" style=\"line-height: 100%;\">&nbsp;<\/p>\n<div align=\"center\">\n<p><img loading=\"lazy\" decoding=\"async\" src=\"\/inmediasres\/images\/casopisi\/suzana2021004.jpg\" alt=\"\" width=\"505\" height=\"289\" \/><\/p>\n<p class=\"MsoNormal\" style=\"line-height: 170%;\"><em>Foto 4: Daniela Mitterberger i Tiziano Derme (MAEID B\u00fcro f\u00fcr Architektur und transmediale Kunst): <strong>Oko Drugoga \u2013 <\/strong><\/em><strong><em>Generiranje baze podataka uzoraka cvjetnih obrazaca pomo\u0107u algoritama strojnog u\u010denja<\/em><\/strong><em>,<\/em><em> 2019. \u00a9 MAEID. Preuzeto s web-stranice ovoga umjetni\u010dko-znanstvenoga projekta. Zahvaljujem umjetnicima na dozvoli objavljivanja ove fotografije.<\/em><\/p>\n<\/div>\n<p class=\"MsoNormal\" style=\"line-height: 170%;\">&nbsp;<\/p>\n<p class=\"MsoNormal\" style=\"line-height: 170%;\"><strong>Zaklju\u010dno o demoniziranom kineskom \u0161i\u0161mi\u0161u<\/strong><\/p>\n<p class=\"MsoNormal\" style=\"line-height: 170%;\">Zaklju\u010dno, \u0161to danas znamo<a name=\"_ftnref280\"><\/a><a href=\"#_ftn280\"><sup>[<span style=\"font-family: 'times new roman', times;\"><strong>280<\/strong><\/span>]<\/sup><\/a> o navodnom pandemijskom \u0161i\u0161mi\u0161u \u010dija je demonizacija zapo\u010dela izbijanjem SARS-a 2002\/2003. godine, nastavljena izbijanjem MERS-a 2012. godine, a kulminirala znanstvenim \u010dlankom objavljenom 2015. godine u \u010dasopisu <em>Science <\/em>pod naslovom &bdquo;\u0160i\u0161mi\u0161i su prirodni rezervoari koronavirusa sli\u010dnih SARS-u&ldquo; (Li, Shi, Yu, 2005: 676\u2013679) koji je otvorio znanstveni lin\u010d na \u0161i\u0161mi\u0161e (Tuttle 2017: 44)? Sigurno je da pitanje porijekla&nbsp;virusa p\/ostaje politizirano, kao i pitanje cjepiva, a neki kineski diplomati i dr\u017eavni mediji podupiru teorije po&nbsp;kojima virus potencijalno potje\u010de iz neke druge zemlje, kao \u0161to je globalno medijski virus gurnut na tr\u017enicu u Wuhanu za koju se pak u prvim danima pandemije isticalo da i nije inicijalno mjesto \u0161irenja virusa. U lokalnom kontekstu Tea Sumi\u0107 Mileti\u0107 u \u010dlanku objavljenom 27. o\u017eujka 2020. u <em>Slobodnoj Dalmaciji<\/em>, sumira pandemijsku situaciju iz ekokriti\u010dke perspektive, i to svega nekoliko dana nakon progla\u0161enja pandemije i kod nas: Njezinim rije\u010dima: &bdquo;\u0160ume su se nastavile kr\u010diti. Ako mislite da ih kr\u010de siroma\u0161ni kineski seljaci gladni mesa egzoti\u010dnih \u017eivotinja, promislite malo bolje. Odgovor se, kao i obi\u010dno, krije u profitu&ldquo; (Sumi\u0107 Mileti\u0107 2020).<\/p>\n<p class=\"MsoNormal\" style=\"line-height: 170%;\">Stoga zaklju\u010dno s obzirom na naslovnu dihotomiju na sve medijske infekcije \u0161i\u0161mi\u0161 kao da je postao zoometafora ili zoometonimija Huwaeia. <\/p>\n<p class=\"MsoNormal\" style=\"line-height: 150%;\">&nbsp;<\/p>\n<hr align=\"left\" size=\"1\" width=\"33%\" \/>\n<div id=\"ftn259\">\n<p class=\"MsoNormal\" style=\"line-height: 150%;\"><span style=\"font-size: 8.0pt;\"><a name=\"_ftn259\"><\/a><a href=\"#_ftnref259\"><sup>[<span style=\"font-family: 'times new roman', \ntimes;\"><strong>259<\/strong><\/span>]<\/sup><\/a>&nbsp;<br \/>\nPritom istaknuto &bdquo;znanstveno mi&ldquo; odnosi se u ovom slu\u010daju na narativno ja, koje u znanstvenim iskazima ponekad nije dobrodo\u0161lo. <br \/>\n Napomena: Ovaj je rad nastao u sklopu projekta &bdquo;Kulturnaanimalistika: interdisciplinarna polazi\u0161ta i tradicijske prakse \u2013 ANIMAL&ldquo; (IP-2019-04-5621, Hrvatska zaklada za znanost).<\/p>\n<p><\/span><\/p>\n<\/div>\n<div id=\"ftn260\">\n<p class=\"MsoNormal\" style=\"line-height: 150%;\"><span style=\"font-size: 8.0pt;\"><a name=\"_ftn260\"><\/a><a href=\"#_ftnref260\"><sup>[<span style=\"font-family: 'times new roman', \ntimes;\"><strong>260<\/strong><\/span>]<\/sup><\/a>&nbsp;<br \/>\nNavedeni je apel objavljen 9. travnja 2020 godine na stranici Ministarstva gospodarstva i odr\u017eivog razvoja RH.<\/p>\n<p><\/span><\/p>\n<\/div>\n<div id=\"ftn261\">\n<p class=\"MsoNormal\" style=\"line-height: 150%;\"><span style=\"font-size: 8.0pt;\"><a name=\"_ftn261\"><\/a><a href=\"#_ftnref261\"><sup>[<span style=\"font-family: 'times new roman', \ntimes;\"><strong>261<\/strong><\/span>]<\/sup><\/a>&nbsp;<br \/>\nO tome kako se kineska influencerica Wang Mengyun morala ispri\u010dati u jeku pandemije COVID-19 zbog \u0161i\u0161mi\u0161je juhe koju je jela u Palauu u Mikroneziji tri godine prije izbijanja pandemije, \u0161to je bio njezin fotosegment za njezin <em>vlog<\/em> usp. O&rsquo;Neill 2020.<\/p>\n<p><\/span><\/p>\n<\/div>\n<div id=\"ftn262\">\n<p class=\"MsoNormal\" style=\"line-height: 150%;\"><span style=\"font-size: 8.0pt;\"><a name=\"_ftn262\"><\/a><a href=\"#_ftnref262\"><sup>[<span style=\"font-family: 'times new roman', \ntimes;\"><strong>262<\/strong><\/span>]<\/sup><\/a>&nbsp;<br \/>\n\u010clanice <em>Five Eyes<\/em> (FVEY) ujedno su i stranke multilateralnog sporazuma UKUSA, ugovora o zajedni\u010dkoj suradnji u obavje\u0161tajnoj signalizaciji.<\/p>\n<p><\/span><\/p>\n<\/div>\n<div id=\"ftn263\">\n<p class=\"MsoNormal\" style=\"line-height: 150%;\"><span style=\"font-size: 8.0pt;\"><a name=\"_ftn263\"><\/a><a href=\"#_ftnref263\"><sup>[<span style=\"font-family: 'times new roman', \ntimes;\"><strong>263<\/strong><\/span>]<\/sup><\/a>&nbsp;<br \/>\nUsp. &bdquo;Velika Britanija se sprema zabraniti Huawei za izgradnju 5G mre\u017ee&ldquo;. <a href=\"https:\/\/www.slobodnaevropa.org\/a\/30723985.html\">https:\/\/www.slobodnaevropa.org\/a\/30723985.html<\/a><\/p>\n<p><\/span><\/p>\n<\/div>\n<div id=\"ftn264\">\n<p class=\"MsoNormal\" style=\"line-height: 150%;\"><span style=\"font-size: 8.0pt;\"><a name=\"_ftn264\"><\/a><a href=\"#_ftnref264\"><sup>[<span style=\"font-family: 'times new roman', \ntimes;\"><strong>264<\/strong><\/span>]<\/sup><\/a>&nbsp;<br \/>\nDoniger pritom navodi da je Nagel mo\u017eda konja zamijenio \u0161i\u0161mi\u0161em kako bi svojoj &bdquo;tvrdnji o nekomunikaciji pridodao dramati\u010dnost, s obzirom na to da \u0161i\u0161mi\u0161e <em>ne volimo<\/em>; no ja tvrdim upravo to: konje mo\u017eemo razumjeti zato \u0161to ih volimo (i, tautolo\u0161ki, volimo ih zato \u0161to ih razumijemo)&ldquo; (Doniger, prema Coetzee 2004: 116). Osobno rekli bismo, Nagel ne uzima razmatranje \u0161i\u0161mi\u0161a u\/o pitanju svijesti odre\u0111enje koje navodi Wendy Doniger ve\u0107 zbog specifi\u010dne &bdquo;\u0161i\u0161mi\u0161je fenomenologije&ldquo; \u2013 rije\u010d je o jedinom lete\u0107em sisavcu koji komunikaciju ostvaruje eholokacijom (sonar), a u odmoru zauzima obrnuti, vise\u0107i polo\u017eaj tijela \u2013 visi naglava\u010dke.<\/p>\n<p><\/span><\/p>\n<\/div>\n<div id=\"ftn265\">\n<p class=\"MsoNormal\" style=\"line-height: 150%;\"><span style=\"font-size: 8.0pt;\"><a name=\"_ftn265\"><\/a><a href=\"#_ftnref265\"><sup>[<span style=\"font-family: 'times new roman', \ntimes;\"><strong>265<\/strong><\/span>]<\/sup><\/a>&nbsp;<br \/>\nUsp. <a href=\"https:\/\/hr.wikipedia.org\/wiki\/Te%C5%A1ki_akutni_respiratorni_sindrom\">https:\/\/hr.wikipedia.org\/wiki\/Te%C5%A1ki_akutni_respiratorni_sindrom<\/a>.<br \/>\n<\/span><\/p>\n<\/div>\n<div id=\"ftn266\">\n<p class=\"MsoNormal\" style=\"line-height: 150%;\"><span style=\"font-size: 8.0pt;\"><a name=\"_ftn266\"><\/a><a href=\"#_ftnref266\"><sup>[<span style=\"font-family: 'times new roman', \ntimes;\"><strong>266<\/strong><\/span>]<\/sup><\/a>&nbsp;<br \/>\n&bdquo;Jedna od reakcija na takve strahove je odstrel \u0161i\u0161mi\u0161a u nekim zemljama, koji ne samo da je nepotreban jer prema trenutnim znanstvenim podacima nema dokaza da virus SARS-CoV-2 prelazi sa \u0161i\u0161mi\u0161a na ljude, ve\u0107 je i \u0161tetan jer \u0161i\u0161mi\u0161i imaju va\u017enu ulogu u prirodi&nbsp;\u2013 spomenimo samo njihovu ulogu u suzbijanju \u0161tetnih insekata, npr. komaraca, koji mogu biti izvor zaraze za ljude.&ldquo; Izvornik: <a href=\"http:\/\/secemu.org\/en\/dont-blame-bats-campaign-launch\/\">http:\/\/secemu.org\/en\/dont-blame-bats-campaign-launch\/<\/a> (pristup 10. 1. 2012.) <br \/>\n Zamjetno je da u strategiji povr\u0161inskoekolo\u0161ke za\u0161tite jedna druga vrsta postaje demonizirana (u navedenom slu\u010daju \u2013 komarac), kao \u0161to \u0107e npr. u reklami <em>Raid<\/em> biti demoniziran \u017eohar. U kontekstu potrebe isticanja \u0161i\u0161mi\u0161je intrizi\u010dne vrijednosti valja istaknuti da su \u0161i\u0161mi\u0161i jedna od najugro\u017eenijih \u017eivotinjskih skupina u svijetu (Margu\u0161 2010: 6), tako npr. O\u0161trouhi \u0161i\u0161mi\u0161 (<em>Myotis blythii<\/em>), koji obitava i u Nacionalnom parku Krka, ugro\u017een je sje\u010dom starih stabala s dupljama, upotrebom pesticida u \u0161umarstvu, uznemiravanjem porodiljnih kolonija i intenzivnom poljoprivredom (ibid.:42; usp. Zaradija 2021).<strong> <\/strong>Drago Margu\u0161 u knjizi o \u0161i\u0161mi\u0161ima u Nacionalnom parku Krka, me\u0111u ostalim, dokumentira kako \u0161i\u0161mi\u0161i \u010dine va\u017ean dio svjetskih ekosustava i pokazatelj su zdravog <em>okoli\u0161a<\/em>. Va\u017enost \u0161i\u0161mi\u0161a u prirodi o\u010dituje se u biolo\u0161koj kontroli brojnosti kukaca i opra\u0161ivanju i \u0161irenju sjemenki biljaka. Neke su se tropske biljke tijekom evolucije prilagodile tomu da ih opra\u0161uju isklju\u010divo \u0161i\u0161mi\u0161i pa su oni direktno odgovorni za opstanak tropskih pra\u0161uma (Margu\u0161 2010: 6). No, tu je i <em>pri\u010da<\/em> koja povezuje SARS i aktualnu pandemiju iz 2019.\/2020. godine koja je mo\u017eda posredovana istra\u017eivanjima Shi Zhengli s Wuhanskog instituta za virologiju (WIV), jedne od vode\u0107ih stru\u010dnjakinja za \u0161i\u0161mi\u0161e i koronaviruse, poznate kao kineska <em>Batwoman<\/em>, koja je dobila me\u0111unarodno priznanje zbog otkri\u0107a SARS-a. U razgovoru za \u010dasopis <em>Science <\/em>(Cohen 2020a) Shi Zhengli odgovorila je na neutemeljene optu\u017ebe Donalda Trumpa o wuhanskom laboratoriju kao izvori\u0161tu koronavirusa kao \u0161to je argumentirano pokazala da izvori\u0161te koronavirusa koji je inicirao SARS 2002.\/2003. nije u rudnicima provincije Yunnan. Zanimljiva je i njezina izjava kako nas je priroda kaznila zbog neciviliziranog pona\u0161anja i navika \u010dime otvara dubinskoekolo\u0161ku vizuru na pandemiju (ibid.).<br \/>\n<\/span><\/p>\n<\/div>\n<div id=\"ftn267\">\n<p class=\"MsoNormal\" style=\"line-height: 150%;\"><span style=\"font-size: 8.0pt;\"><a name=\"_ftn267\"><\/a><a href=\"#_ftnref267\"><sup>[<span style=\"font-family: 'times new roman', \ntimes;\"><strong>267<\/strong><\/span>]<\/sup><\/a>&nbsp;<br \/>\nNazivaju ih &bdquo;mokrim&rdquo; jer prodava\u010di \u010desto kolju \u017eivotinje pred kupcima. Zamjetno je da se kao prva vijest o covidu-19 pro\u0161irila la\u017ena vijest da su uzro\u010dnik pandemije mokre tr\u017enice u Wuhanu (Cohen, 2020, http).<br \/>\n<\/span><\/p>\n<\/div>\n<div id=\"ftn268\">\n<p class=\"MsoNormal\" style=\"line-height: 150%;\"><span style=\"font-size: 8.0pt;\"><a name=\"_ftn268\"><\/a><a href=\"#_ftnref268\"><sup>[<span style=\"font-family: 'times new roman', \ntimes;\"><strong>268<\/strong><\/span>]<\/sup><\/a>&nbsp;<br \/>\nUsp. Peticija protiv iskori\u0161tavanja \u017eivotinja; <a href=\"http:\/\/www.prijatelji-zivotinja.hr\/arhiva.php\/?id=5985\">http:\/\/www.prijatelji-zivotinja.hr\/arhiva.php\/?id=5985<\/a><br \/>\n<\/span><\/p>\n<\/div>\n<div id=\"ftn269\">\n<p class=\"MsoNormal\" style=\"line-height: 150%;\"><span style=\"font-size: 8.0pt;\"><a name=\"_ftn269\"><\/a><a href=\"#_ftnref269\"><sup>[<span style=\"font-family: 'times new roman', \ntimes;\"><strong>269<\/strong><\/span>]<\/sup><\/a>&nbsp;<br \/>\nIzvornik: <a href=\"https:\/\/www.independent.co.uk\/news\/world\/americas\/peta-coronavirus-billboard-tofu-pandemic-animal-rights-iowa-a9532716.html\">https:\/\/www.independent.co.uk\/news\/world\/americas\/peta-coronavirus-billboard-tofu-pandemic-animal-rights-iowa-a9532716.html<\/a><br \/>\n<\/span><\/p>\n<\/div>\n<div id=\"ftn270\">\n<p class=\"MsoNormal\" style=\"line-height: 150%;\"><span style=\"font-size: 8.0pt;\"><a name=\"_ftn270\"><\/a><a href=\"#_ftnref270\"><sup>[<span style=\"font-family: 'times new roman', \ntimes;\"><strong>270<\/strong><\/span>]<\/sup><\/a>&nbsp;<br \/>\nVirolog Robert Webster dokazao je pti\u010dje podrijetlo svih ljudskih gripa; navedeno je nazvao &bdquo;teorijom koko\u0161injca&ldquo; koja podrazumijeva da &bdquo;virusi odgovorni za ljudske pandemije vuku neke od gena virusa uzgajane peradi&ldquo;. &bdquo;Gripa, kako se ispostavilo, ovisi o na\u0161em odnosu prema pticama&ldquo; (Foer 2012: 117). &bdquo;Trebamo li misliti da 50 milijardi bolesne, lijekovima nakljukane peradi \u2013 peradi koja je primordijalni izvor svih virusa gripe \u2013 ima utjecaj na stvaranje novih patogena koji napadaju ljude? A \u0161to je s 500 milijuna svinja uzgojenih u zato\u010deni\u0161tvu kojima je naru\u0161en imunolo\u0161ki sustav?&ldquo; (ibid: 125).<br \/>\n<\/span><\/p>\n<\/div>\n<div id=\"ftn271\">\n<p class=\"MsoNormal\" style=\"line-height: 150%;\"><span style=\"font-size: 8.0pt;\"><a name=\"_ftn271\"><\/a><a href=\"#_ftnref271\"><sup>[<span style=\"font-family: 'times new roman', \ntimes;\"><strong>271<\/strong><\/span>]<\/sup><\/a>&nbsp;<br \/>\nAutori izlo\u017ebe su Katarina Ivani\u0161in-Kardum iz Tehni\u010dkog muzeja Nikola Tesla, Marija Crn\u010devi\u0107 iz Javne ustanove rezervat Lokrum, Daniela Hamidovi\u0107 iz Hrvatskog biospeleolo\u0161kog dru\u0161tva, Henry Schofield i Vincent Wildlife Trust iz Ujedinjenog Kraljevstva i Dina Rnjak iz Geonatura d.o.o.<br \/>\n<\/span><\/p>\n<\/div>\n<div id=\"ftn272\">\n<p class=\"MsoNormal\" style=\"line-height: 150%;\"><span style=\"font-size: 8.0pt;\"><a name=\"_ftn272\"><\/a><a href=\"#_ftnref272\"><sup>[<span style=\"font-family: 'times new roman', \ntimes;\"><strong>272<\/strong><\/span>]<\/sup><\/a>&nbsp;<br \/>\nVi\u0161e o izlo\u017ebi usp. katalog izlo\u017ebe i <a href=\"https:\/\/www.lokrum.hr\/blog\/vijesti\/tehnologije-u-biologiji-sismisi-2\/%23.\">https:\/\/www.lokrum.hr\/blog\/vijesti\/tehnologije-u-biologiji-sismisi-2\/#.<\/a> Sve podatke o izlo\u017ebi preuzimam iz navedena dva izvora.<br \/>\n<\/span><\/p>\n<\/div>\n<div id=\"ftn273\">\n<p class=\"MsoNormal\" style=\"line-height: 150%;\"><span style=\"font-size: 8.0pt;\"><a name=\"_ftn273\"><\/a><a href=\"#_ftnref273\"><sup>[<span style=\"font-family: 'times new roman', \ntimes;\"><strong>273<\/strong><\/span>]<\/sup><\/a>&nbsp;<br \/>\nIstra\u017eivanja \u0161i\u0161mi\u0161a na Lokrumu suvremenim tehnologijama kao \u0161to su primjena bat detektora i telemetrije na izlo\u017ebi su dokumentirana filmom. Zahvaljujem autoru filma Borisu Krstini\u0107u \u0161to mi je omogu\u0107io ponovno gledanje filma.<br \/>\n<\/span><\/p>\n<\/div>\n<div id=\"ftn274\">\n<p class=\"MsoNormal\" style=\"line-height: 150%;\"><span style=\"font-size: 8.0pt;\"><a name=\"_ftn274\"><\/a><a href=\"#_ftnref274\"><sup>[<span style=\"font-family: 'times new roman', \ntimes;\"><strong>274<\/strong><\/span>]<\/sup><\/a>&nbsp;<br \/>\nDetektor za \u0161i\u0161mi\u0161e (engl.<em> bat detector<\/em>) je ure\u0111aj koji se koristi za otkrivanje prisutnosti \u0161i\u0161mi\u0161a tako \u0161to pretvara njihove ultrazvu\u010dne signale u zvu\u010dne frekvencije.<\/p>\n<p><\/span><\/p>\n<\/div>\n<div id=\"ftn275\">\n<p class=\"MsoNormal\" style=\"line-height: 150%;\"><span style=\"font-size: 8.0pt;\"><a name=\"_ftn275\"><\/a><a href=\"#_ftnref275\"><sup>[<span style=\"font-family: 'times new roman', \ntimes;\"><strong>275<\/strong><\/span>]<\/sup><\/a>&nbsp;<br \/>\nUsp. <a href=\"http:\/\/museums.hr\/en\/exhibition\/details\/7638\/tehnologije-u-biologiji-sismisi\">http:\/\/museums.hr\/en\/exhibition\/details\/7638\/tehnologije-u-biologiji-sismisi<\/a><\/p>\n<p><\/span><\/p>\n<\/div>\n<div id=\"ftn276\">\n<p class=\"MsoNormal\" style=\"line-height: 150%;\"><span style=\"font-size: 8.0pt;\"><a name=\"_ftn276\"><\/a><a href=\"#_ftnref276\"><sup>[<span style=\"font-family: 'times new roman', \ntimes;\"><strong>276<\/strong><\/span>]<\/sup><\/a>&nbsp;<br \/>\nRije\u010d je o festivalu Touch Me (Zagreb, Croatia) kustoskoga tima Kontejner. <a href=\"https:\/\/www.kontejner.org\/projekti\/touch-me\/-7-doticemo-nove-buducnosti\/\">https:\/\/www.kontejner.org\/projekti\/touch-me\/-7-doticemo-nove-buducnosti\/<\/a><br \/>\n<\/span><\/p>\n<\/div>\n<div id=\"ftn277\">\n<p class=\"MsoNormal\" style=\"line-height: 150%;\"><span style=\"font-size: 8.0pt;\"><a name=\"_ftn277\"><\/a><a href=\"#_ftnref277\"><sup>[<span style=\"font-family: 'times new roman', \ntimes;\"><strong>277<\/strong><\/span>]<\/sup><\/a>&nbsp;<br \/>\nSegment izlo\u017ebe <em>OPEN \u2013 Living Beings and Their Dangerous Liaisons <\/em>na Touch Me festivalu 2020.kurirale su Tereza Tekli\u0107 i Olga Majcen Linn.<\/p>\n<p><\/span><\/p>\n<\/div>\n<div id=\"ftn278\">\n<p class=\"MsoNormal\" style=\"line-height: 150%;\"><span style=\"font-size: 8.0pt;\"><a name=\"_ftn278\"><\/a><a href=\"#_ftnref278\"><sup>[<span style=\"font-family: 'times new roman', \ntimes;\"><strong>278<\/strong><\/span>]<\/sup><\/a>&nbsp;<br \/>\nVi\u0161e o projektu usp. <a href=\"http:\/\/emare.eu\/artist\/maeid-%E2%80%93-tizian-derme-daniela-mitterberger\">http:\/\/emare.eu\/artist\/maeid-%E2%80%93-tizian-derme-daniela-mitterberger<\/a><br \/>\n<\/span><\/p>\n<\/div>\n<div id=\"ftn279\">\n<p class=\"MsoNormal\" style=\"line-height: 150%;\"><span style=\"font-size: 8.0pt;\"><a name=\"_ftn279\"><\/a><a href=\"#_ftnref279\"><sup>[<span style=\"font-family: 'times new roman', \ntimes;\"><strong>279<\/strong><\/span>]<\/sup><\/a>&nbsp;<br \/>\nZoolo\u0161ki vrtovi kao specisti\u010dka mjesta za \u017eivotinje \u010desto su u novije doba prostori odr\u017eavanja popularno-stru\u010dnih programa za djecu, \u0161to je jedan od znakova suvremene shizofrenije na\u0161ega odnosa prema \u017eivotinjama. Jednako tako i umjetni\u010dki projekt <em>The &bdquo;Eye of the Other&ldquo;<\/em> svoje istra\u017eivanje nije proveo na terenu, u habitatu \u0161i\u0161mi\u0161a koji se hrane nektarom ve\u0107 u strogo kontroliranim uvjetima Be\u010dkoga zoolo\u0161koga vrta gdje se nalazi kolonija navedenih \u0161i\u0161mi\u0161a. Pritom projekt nije nastao u okviru ni\u0161e zooetike (Derme &amp; Mitterberger 2020).<br \/>\n<\/span><\/p>\n<\/div>\n<div id=\"ftn280\">\n<p class=\"MsoNormal\" style=\"line-height: 150%;\"><span style=\"font-size: 8.0pt;\"><a name=\"_ftn280\"><\/a><a href=\"#_ftnref280\"><sup>[<span style=\"font-family: 'times new roman', \ntimes;\"><strong>280<\/strong><\/span>]<\/sup><\/a>&nbsp;<br \/>\nIstaknuto &bdquo;znanstveno mi&ldquo;, kao \u0161to sam ve\u0107 istaknula, odnosi se u ovom slu\u010daju na narativno ja, koje u znanstvenim iskazima ponekad nije dobrodo\u0161lo, no u ovom se primjeru referira samo singularno.<br \/>\n<\/span><\/p>\n<\/div>\n<p class=\"MsoNormal\" style=\"line-height: 150%;\">&nbsp;<\/p>\n<p class=\"MsoNormal\" style=\"line-height: 170%;\"><strong>Literatura:<\/strong><\/p>\n<p class=\"MsoNormal\" style=\"line-height: 170%;\">Coetzee, J . M. 2004. <em>\u017divot \u017eivotinj\u00e2<\/em>. Zagreb: AGM.<\/p>\n<p class=\"MsoNormal\" style=\"line-height: 170%;\">Cohen, Jon. 2020. &bdquo;Wuhan Seafood Market May Not Be Source of Novel Virus Spreading Globally&rdquo;. <em>Science<\/em>. Dostupno na: <a href=\"https:\/\/www.sciencemag.org\/news\/2020\/01\/wuhan-seafood-market-may-not-be-source-novel-virus-spreading-globally\">https:\/\/www.sciencemag.org\/news\/2020\/01\/wuhan-seafood-market-may-not-be-source-novel-virus-spreading-globally<\/a> (pristup 10. 2. 2021.).<\/p>\n<p class=\"MsoNormal\" style=\"line-height: 170%;\">Cohen, Jon. 2020a. &bdquo;Wuhan Coronavirus Hunter Shi Zhengli Speaks Out&ldquo;. <em>Science<\/em>, Dostupno na: <a href=\"https:\/\/science.sciencemag.org\/content\/369\/6503\/487\">https:\/\/science.sciencemag.org\/content\/369\/6503\/487<\/a> (pristup 27. 2. 2021.).<\/p>\n<p class=\"MsoNormal\" style=\"line-height: 170%;\">Derme. Tiziano &amp; Daniela Mitterberger \u00a9 MAEID. 2020. &bdquo;The Bat That Therefore I am \u2013 Exploring The Eye of the Other&ldquo;. Interviewed by Rob La Frenais. <a href=\"https:\/\/www.makery.info\/en\/2020\/11\/18\/la-chauve-souris-que-donc-je-suis-the-eye-of-the-other-de-daniela-mitterberger-tiziano-derme\/%20pristup%2027.%202.%202021.).\">https:\/\/www.makery.info\/en\/2020\/11\/18\/la-chauve-souris-que-donc-je-suis-the-eye-of-the-other-de-daniela-mitterberger-tiziano-derme\/ pristup 27. 2. 2021.).<\/a><\/p>\n<p class=\"MsoNormal\" style=\"line-height: 170%;\">\u0110ur\u0111evi\u0107, Goran i Suzana Marjani\u0107. 2020. &bdquo;\u0160i\u0161mi\u0161. 1. \u0160i\u0161mi\u0161 u&nbsp;popularnoj kulturi i&nbsp;mitologiji prije COVID-a. 2. O&nbsp;fiktivnim i&nbsp;ugro\u017eenim \u0161i\u0161mi\u0161ima, navodnom uzro\u010dniku i&nbsp;prijenosniku koronavirusa iz Wuhana ili kako je to biti \u0161i\u0161mi\u0161 u&nbsp;doba bolesti COVID-19&ldquo;. U: <em>Politi\u010dki leksikon: pandemije <\/em>(ur. Zlatko Buka\u010d, Biljana Ka\u0161i\u0107, Jelena Kupsjak, Atila Luki\u0107 i Gordan Maslov). Dostupno na: <a href=\"https:\/\/www.politicki-leksikon.com\/sismis-demonizirani-kineski-sismis\/\">https:\/\/www.politicki-leksikon.com\/sismis-demonizirani-kineski-sismis\/<\/a> (pristup 27. 2. 2021.).<\/p>\n<p class=\"MsoNormal\" style=\"line-height: 170%;\">\u0110ur\u0111evi\u0107, Goran i Suzana Marjani\u0107. 2021. &bdquo;What is It Like To Be a Bat in the Time of Covid-19, or How Many Pandemics Could We Have&ldquo;<em>. Studia Mythologica Slavica&nbsp;<\/em>24: 24\u201360.<\/p>\n<p class=\"MsoNormal\" style=\"line-height: 170%;\">\u0110ur\u0111evi\u0107, Goran i Suzana Marjani\u0107. 2022.<strong> <\/strong>&bdquo;Dubinskoekolo\u0161ka pri\u010da o demoniziranom kineskom \u0161i\u0161mi\u0161u ili kako je to biti \u0161i\u0161mi\u0161 u doba pandemije bolesti COVID-19&ldquo;. U: <em>COVID-19 u humanisti\u010dkoj perspektivi. <\/em>ur.Ivana Katarin\u010di\u0107, Jelena Markovi\u0107, Ines Prica, Ana-Marija Vuku\u0161i\u0107. Zagreb: Institut za etnologiju i folkloristiku, str. 285\u2013300.<\/p>\n<p class=\"MsoNormal\" style=\"line-height: 170%;\">Gordon, Michael R., Warren P. Strobel and Drew Hinshaw. 2021. &bdquo;Intelligence on Sick Staff at Wuhan Lab Fuels Debate on Covid-19 Origin&ldquo;. <em>The Wall Street Journal<\/em>, 23. svibnja 2021. <a href=\"https:\/\/www.wsj.com\/articles\/intelligence-on-sick-staff-at-wuhan-lab-fuels-debate-on-covid-19-origin-11621796228\">https:\/\/www.wsj.com\/articles\/intelligence-on-sick-staff-at-wuhan-lab-fuels-debate-on-covid-19-origin-11621796228<\/a> (pristup 27. 2. 2022.).<\/p>\n<p class=\"MsoNormal\" style=\"line-height: 170%;\">Gr\u017eini\u0107, Marina. 2005. <em>Estetika<\/em> <em>kibersvijeta i u\u010dinci derealizacije<\/em>. Zagreb, Sarajevo: Multimedijalni institut, Ko\u0161nica. <\/p>\n<p class=\"MsoNormal\" style=\"line-height: 170%;\">Ivani\u0161in-Kardum, Katarina, Crn\u010devi\u0107, Marija, Hamidovi\u0107, Daniela, Henry Schofield and the Vincent Wildlife Trust, Rnjak, Dina, 2019. <em>Tehnologije u biologiji: \u0160i\u0161mi\u0161i. Technologies in Biology: Bats. <\/em>Zagreb: Tehni\u010dki muzej Nikola Tesla.<\/p>\n<p class=\"MsoNormal\" style=\"line-height: 170%;\">Laird, Betta. 2018. <em>Bat.<\/em> Islington, London: Reaktion Books.<\/p>\n<p class=\"MsoNormal\" style=\"line-height: 170%;\">Li, Wendong; Zhengli Shi i Meng Yu. 2005. &ldquo;Bats Are Natural Reservoirs of SARS-Like Coronaviruses&ldquo;. <em>Science<\/em> 310\/5748: 676<strong>\u2013<\/strong>679.<\/p>\n<p class=\"MsoNormal\" style=\"line-height: 170%;\">Margu\u0161, Drago. 2010. <em>\u0160i\u0161mi\u0161i Nacionalnog parka &bdquo;Krka&ldquo;<\/em>. \u0160ibenik: Javna ustanova Nacionalni park Krka. Mazija, Mirna. 2020. &bdquo;\u0160i\u0161mi\u0161i ne prenose virus COVID-19&ldquo;. <a href=\"https:\/\/mingor.gov.hr\/vijesti\/sismisi-ne-prenose-virus-covid-19\/5838\">https:\/\/mingor.gov.hr\/vijesti\/sismisi-ne-prenose-virus-covid-19\/5838<\/a><\/p>\n<p class=\"MsoNormal\" style=\"line-height: 170%;\">Marjani\u0107, Suzana. 2020. &bdquo;O&nbsp;fiktivnim i&nbsp;ugro\u017eenim \u0161i\u0161mi\u0161ima, navodnom uzro\u010dniku i&nbsp;prijenosniku koronavirusa iz Wuhana ili kako je to biti \u0161i\u0161mi\u0161 u&nbsp;doba bolesti COVID-19&ldquo;. U: <em>Politi\u010dki leksikon: pandemije <\/em>(ur. Zlatko Buka\u010d, Biljana Ka\u0161i\u0107, Jelena Kupsjak, Atila Luki\u0107 i Gordan Maslov). Dostupno na: <a href=\"https:\/\/www.politicki-leksikon.com\/sismis-demonizirani-kineski-sismis\/\">https:\/\/www.politicki-leksikon.com\/sismis-demonizirani-kineski-sismis\/<\/a> (pristup 27. 2. 2021.).<\/p>\n<p class=\"MsoNormal\" style=\"line-height: 170%;\">Marjani\u0107, Suzana. 2021. &bdquo;Of fictitious and endangered bats, alleged catalysts and carriers of the coronavirus from Wuhan, or, what is it like to be a bat during the COVID-19 pandemic?&ldquo;. U: \u0110ur\u0111evi\u0107, Goran i Suzana Marjani\u0107. &bdquo;What is It Like To Be a Bat in the Time of Covid-19, or How Many Pandemics Could We Have &ldquo;<em>. Studia Mythologica Slavica&nbsp;<\/em>24: 24\u201360.<\/p>\n<p class=\"MsoNormal\" style=\"line-height: 170%;\">Nagel, Thomas. 1974. &lsquo;&rsquo; What Is It Like to Be a Bat?&rsquo;&rsquo; <em>The Philosophical Review<\/em> 83\/4: 435\u2013450.<\/p>\n<p class=\"MsoNormal\" style=\"line-height: 170%;\">O&rsquo;Neill<strong>, <\/strong>Marnie, 2020. &bdquo;Chinese influencer Wang Mengyun, aka &lsquo;Bat soup girl&rsquo; breaks silence&ldquo;. <a href=\"https:\/\/www.news.com.au\/lifestyle\/food\/food-warnings\/chinese-influencer-wang-mengyun-aka-bat-soup-girl-breaks-silence\/news-story\/63ef0cec5b6d448d1843e2e1bcadb14d\">https:\/\/www.news.com.au\/lifestyle\/food\/food-warnings\/chinese-influencer-wang-mengyun-aka-bat-soup-girl-breaks-silence\/news-story\/63ef0cec5b6d448d1843e2e1bcadb14d<\/a> (pristup 27. 2. 2021.).<\/p>\n<p class=\"MsoNormal\" style=\"line-height: 170%;\">Peters, Michael A. 2020. &ldquo;\u017di\u017eek on China and COVID-19: Wuhan, authoritarian capitalism, and empathetic socialism in NZE&ldquo;. <em>Educational Philosophy and Theory <\/em><a href=\"https:\/\/www.tandfonline.com\/doi\/epub\/10.1080\/00131857.2020.1801122?needAccess=true\">https:\/\/www.tandfonline.com\/doi\/epub\/10.1080\/00131857.2020.1801122?needAccess=true<\/a> (pristup 27. 2. 2021.).<\/p>\n<p class=\"MsoNormal\" style=\"line-height: 170%;\">Schild, Leonard, Chen Ling, Jeremy Blackburn, Gianluca Stringhini, Yang Zhang, Savvas Zannettou, 2020. &ldquo;Go eat a bat, Chang!&rdquo;: An Early Look on the Emergence of Sinophobic Behavior on Web Communities in the Face of COVID-19. <a href=\"https:\/\/www.researchgate.net\/publication\/340523411_Go_eat_a_bat_Chang_An_Early_Look_on_the_Emergence_of_Sinophobic_Behavior_on_Web_Communities_in_the_Face_of_COVID-19\">https:\/\/www.researchgate.net\/publication\/340523411_Go_eat_a_bat_Chang_An_Early_Look_on_the_Emergence_of_Sinophobic_Behavior_on_Web_Communities_in_the_Face_of_COVID-19<\/a> (pristup 27. 2. 2021.).<strong><\/strong><\/p>\n<p class=\"MsoNormal\" style=\"line-height: 170%;\">Sumi\u0107 Mileti\u0107, Tea. &bdquo;Ako smo koronavirus dobili od \u0161i\u0161mi\u0161a, stanje bi uskoro moglo biti puno gore. Uni\u0161tavanjem \u0161uma \u017eivotinje sti\u017eu me\u0111u ljude, a s njima i virusi&rdquo;. <em>Slobodna Dalmacija,<\/em> 27. 3. 2020. Dostupno na: <a href=\"https:\/\/slobodnadalmacija.hr\/vijesti\/svijet\/ako-smo-koronavirus-dobili-od-sismisa-stanje-bi-uskoro-moglo-biti-puno-gore-unistavanjem-suma-zivotinje-stizu-medu-ljude-a-s-njima-i-virusi-1012250\">https:\/\/slobodnadalmacija.hr\/vijesti\/svijet\/ako-smo-koronavirus-dobili-od-sismisa-stanje-bi-uskoro-moglo-biti-puno-gore-unistavanjem-suma-zivotinje-stizu-medu-ljude-a-s-njima-i-virusi-1012250<\/a> (pristup 13. 2. 2021.).<\/p>\n<p class=\"MsoNormal\" style=\"line-height: 170%;\"><em>Touch Me Festival<\/em>. European Media Art Platform. ur. Luja \u0160imunovi\u0107, Jurica Mlinarec. Zagreb: Kontejner, biro suvremene umjenti\u010dke prakse. <\/p>\n<p class=\"MsoNormal\" style=\"line-height: 170%;\">Tuttle, Merlin D., 2017. &bdquo;Give Bats a Break&ldquo;. <em>Issues in Science and Technology<\/em> 33\/3, 41\u201350.<strong><\/strong><\/p>\n<p class=\"MsoNormal\" style=\"line-height: 170%;\">Zaradija Ki\u0161, Antonija. 2021. &bdquo;\u0160i\u0161mi\u0161: od pu\u010dkih predaja i predod\u017ebe bluda do COVID-a.&ldquo; <em>Narodna umjetnost: hrvatski \u010dasopis za etnologiju i folkloristiku<\/em> 58 (1): 147\u2013163.<\/p>\n<p class=\"MsoNormal\" style=\"line-height: 150%;\">&nbsp;<\/p>\n<p style=\"text-align: center;\" align=\"center\"><strong> <span style=\"font-size: 13.0pt; line-height: 150%;\">Bat or Laboratory \u2013 revived debates <br \/>\non the Origin of the Coronavirus in June 2021<\/span><\/strong><\/p>\n<p class=\"MsoNormal\" style=\"line-height: 150%;\">&nbsp;<\/p>\n<p style=\"margin: 0cm 48.6pt 0.0001pt 54pt; line-height: 170%;\"><em><strong>Abstract<\/strong><\/em><\/p>\n<p class=\"MsoBodyText\" style=\"margin-top: 0cm; margin-right: 48.6pt; margin-bottom: .0001pt; margin-left: 54.0pt; line-height: 150%;\"><span style=\"font-size: 12.0pt; line-height: 150%; font-family: 'Times New Roman';\" lang=\"SR\">&nbsp;<\/span><\/p>\n<p class=\"MsoBodyText\" style=\"margin-top: 0cm; margin-right: 48.6pt; margin-bottom: .0001pt; margin-left: 54.0pt; line-height: 170%;\"><em>As the debate on the origin of the coronavirus was revived in June 2021, within the well-known dichotomy bat or laboratory, the article provides an overview of the facts we learned in Croatia during the coronavirus pandemic about this unfortunately demonized and alleged cause of the pandemic. One of the reasons for reviving the debate on the unexplained origin of the coronavirus was an article published in May 2021 in the Wall Street Journal based on an unpublished report by US intelligence claiming that three scientists from the Wuhan Institute of Virology (WIV) were hospitalized in November 2019 year, almost two months before China reported a new disease.<br \/>\nA large impact in the positive media image of bats in Croatia was carried out by the Association for Bat Conservation Tragus, which warned, for example, regarding Zagreb and the so-called good sides of the earthquake (in 2020) since the endangered bat colonies found refuge in the cracks of many Zagreb buildings after the earthquake (cf. Mazija 2021).<\/em><\/p>\n<p class=\"MsoBodyText\" style=\"margin-top: 0cm; margin-right: 48.6pt; margin-bottom: .0001pt; margin-left: 54.0pt; line-height: 170%;\">&nbsp;<\/p>\n<p style=\"margin: 0cm 48.6pt 0.0001pt 54pt; line-height: 170%;\"><strong><em>Key words:<\/em><\/strong> <em>demonised Chinese bats, the coronavirus pandemic, speciesism.<\/em><\/p>\n<p class=\"MsoNormal\" style=\"line-height: 150%;\"><span lang=\"SR\">&nbsp;<\/span><\/p>\n","protected":false},"excerpt":{"rendered":"<p>&nbsp; &nbsp; &nbsp;11(20)#10 2022 \u010casopis je otvorenog pristupa, a ovo djelo je dano na kori\u0161tenje pod licencom Creative Commons Imenovanje-Nekomercijalno 4.0 me\u0111unarodna. DOI 10.46640\/imr.11.20.10 UDK 599.4-049.35:578.1-0.43.83*Covid-19 Izvorni \u010dlanak Original scientific paper Primljeno: 23.1.2022. &nbsp; &nbsp; Suzana Marjani\u0107 Institut za etnologiju i folkoristiku Zagreb, Hrvatska suzana@ief.hr \u0160i\u0161mi\u0161 ili laboratorij \u2013 ponovno o\u017eivljene rasprave o porijeklu koronavirusa [&hellip;]<\/p>\n","protected":false},"author":2,"featured_media":398,"comment_status":"open","ping_status":"open","sticky":false,"template":"","format":"standard","meta":{"_acf_changed":false,"_et_pb_use_builder":"","_et_pb_old_content":"","_et_gb_content_width":"","footnotes":""},"categories":[95],"tags":[734],"class_list":["post-402","post","type-post","status-publish","format-standard","has-post-thumbnail","hentry","category-in-medias-res-broj-20-vlasiti-url","tag-suzana-marjanic-sismis-ili-laboratorij-ponovno-ozivljene-rasprave-o-porijeklu-koronavirusa-lipnja-2021-godine","et-has-post-format-content","et_post_format-et-post-format-standard"],"acf":[],"yoast_head":"<!-- This site is optimized with the Yoast SEO plugin v27.4 - https:\/\/yoast.com\/product\/yoast-seo-wordpress\/ -->\n<title>Suzana Marjani\u0107: \u0160i\u0161mi\u0161 ili laboratorij \u2013 ponovno o\u017eivljene rasprave o porijeklu koronavirusa lipnja 2021. godine - In Medias Res - \u010casopis centra za filozofiju medija<\/title>\n<meta name=\"robots\" content=\"index, follow, max-snippet:-1, max-image-preview:large, max-video-preview:-1\" \/>\n<link rel=\"canonical\" href=\"https:\/\/centar-fm.org\/inmediasres\/index.php\/suzana-marjanic-sismis-ili-laboratorij-ponovno-ozivljene-rasprave-o-porijeklu-koronavirusa-lipnja-2021-godine\/\" \/>\n<meta property=\"og:locale\" content=\"en_US\" \/>\n<meta property=\"og:type\" content=\"article\" \/>\n<meta property=\"og:title\" content=\"Suzana Marjani\u0107: \u0160i\u0161mi\u0161 ili laboratorij \u2013 ponovno o\u017eivljene rasprave o porijeklu koronavirusa lipnja 2021. godine - In Medias Res - \u010casopis centra za filozofiju medija\" \/>\n<meta property=\"og:description\" content=\"&nbsp; &nbsp; &nbsp;11(20)#10 2022 \u010casopis je otvorenog pristupa, a ovo djelo je dano na kori\u0161tenje pod licencom Creative Commons Imenovanje-Nekomercijalno 4.0 me\u0111unarodna. DOI 10.46640\/imr.11.20.10 UDK 599.4-049.35:578.1-0.43.83*Covid-19 Izvorni \u010dlanak Original scientific paper Primljeno: 23.1.2022. &nbsp; &nbsp; Suzana Marjani\u0107 Institut za etnologiju i folkoristiku Zagreb, Hrvatska suzana@ief.hr \u0160i\u0161mi\u0161 ili laboratorij \u2013 ponovno o\u017eivljene rasprave o porijeklu koronavirusa [&hellip;]\" \/>\n<meta property=\"og:url\" content=\"https:\/\/centar-fm.org\/inmediasres\/index.php\/suzana-marjanic-sismis-ili-laboratorij-ponovno-ozivljene-rasprave-o-porijeklu-koronavirusa-lipnja-2021-godine\/\" \/>\n<meta property=\"og:site_name\" content=\"In Medias Res - \u010casopis centra za filozofiju medija\" \/>\n<meta property=\"article:published_time\" content=\"2022-05-26T11:57:05+00:00\" \/>\n<meta property=\"og:image\" content=\"https:\/\/centar-fm.org\/inmediasres\/wp-content\/uploads\/sites\/2\/2022\/05\/inmediasresno1malo20.png\" \/>\n\t<meta property=\"og:image:width\" content=\"70\" \/>\n\t<meta property=\"og:image:height\" content=\"103\" \/>\n\t<meta property=\"og:image:type\" content=\"image\/png\" \/>\n<meta name=\"author\" content=\"Super User\" \/>\n<meta name=\"twitter:card\" content=\"summary_large_image\" \/>\n<meta name=\"twitter:label1\" content=\"Written by\" \/>\n\t<meta name=\"twitter:data1\" content=\"Super User\" \/>\n\t<meta name=\"twitter:label2\" content=\"Est. reading time\" \/>\n\t<meta name=\"twitter:data2\" content=\"31 minutes\" \/>\n<script type=\"application\/ld+json\" class=\"yoast-schema-graph\">{\"@context\":\"https:\\\/\\\/schema.org\",\"@graph\":[{\"@type\":\"Article\",\"@id\":\"https:\\\/\\\/centar-fm.org\\\/inmediasres\\\/index.php\\\/suzana-marjanic-sismis-ili-laboratorij-ponovno-ozivljene-rasprave-o-porijeklu-koronavirusa-lipnja-2021-godine\\\/#article\",\"isPartOf\":{\"@id\":\"https:\\\/\\\/centar-fm.org\\\/inmediasres\\\/index.php\\\/suzana-marjanic-sismis-ili-laboratorij-ponovno-ozivljene-rasprave-o-porijeklu-koronavirusa-lipnja-2021-godine\\\/\"},\"author\":{\"name\":\"Super User\",\"@id\":\"https:\\\/\\\/centar-fm.org\\\/inmediasres\\\/#\\\/schema\\\/person\\\/ae49dcc23965665608f66120db8245a4\"},\"headline\":\"Suzana Marjani\u0107: \u0160i\u0161mi\u0161 ili laboratorij \u2013 ponovno o\u017eivljene rasprave o porijeklu koronavirusa lipnja 2021. godine\",\"datePublished\":\"2022-05-26T11:57:05+00:00\",\"mainEntityOfPage\":{\"@id\":\"https:\\\/\\\/centar-fm.org\\\/inmediasres\\\/index.php\\\/suzana-marjanic-sismis-ili-laboratorij-ponovno-ozivljene-rasprave-o-porijeklu-koronavirusa-lipnja-2021-godine\\\/\"},\"wordCount\":6135,\"commentCount\":0,\"image\":{\"@id\":\"https:\\\/\\\/centar-fm.org\\\/inmediasres\\\/index.php\\\/suzana-marjanic-sismis-ili-laboratorij-ponovno-ozivljene-rasprave-o-porijeklu-koronavirusa-lipnja-2021-godine\\\/#primaryimage\"},\"thumbnailUrl\":\"https:\\\/\\\/centar-fm.org\\\/inmediasres\\\/wp-content\\\/uploads\\\/sites\\\/2\\\/2022\\\/05\\\/inmediasresno1malo20.png\",\"keywords\":[\"Suzana Marjani\u0107: \u0160i\u0161mi\u0161 ili laboratorij \u2013 ponovno o\u017eivljene rasprave o porijeklu koronavirusa lipnja 2021. godine\"],\"articleSection\":[\"In Medias Res broj 20 vlasiti url\"],\"inLanguage\":\"en-US\",\"potentialAction\":[{\"@type\":\"CommentAction\",\"name\":\"Comment\",\"target\":[\"https:\\\/\\\/centar-fm.org\\\/inmediasres\\\/index.php\\\/suzana-marjanic-sismis-ili-laboratorij-ponovno-ozivljene-rasprave-o-porijeklu-koronavirusa-lipnja-2021-godine\\\/#respond\"]}]},{\"@type\":\"WebPage\",\"@id\":\"https:\\\/\\\/centar-fm.org\\\/inmediasres\\\/index.php\\\/suzana-marjanic-sismis-ili-laboratorij-ponovno-ozivljene-rasprave-o-porijeklu-koronavirusa-lipnja-2021-godine\\\/\",\"url\":\"https:\\\/\\\/centar-fm.org\\\/inmediasres\\\/index.php\\\/suzana-marjanic-sismis-ili-laboratorij-ponovno-ozivljene-rasprave-o-porijeklu-koronavirusa-lipnja-2021-godine\\\/\",\"name\":\"Suzana Marjani\u0107: \u0160i\u0161mi\u0161 ili laboratorij \u2013 ponovno o\u017eivljene rasprave o porijeklu koronavirusa lipnja 2021. godine - In Medias Res - \u010casopis centra za filozofiju medija\",\"isPartOf\":{\"@id\":\"https:\\\/\\\/centar-fm.org\\\/inmediasres\\\/#website\"},\"primaryImageOfPage\":{\"@id\":\"https:\\\/\\\/centar-fm.org\\\/inmediasres\\\/index.php\\\/suzana-marjanic-sismis-ili-laboratorij-ponovno-ozivljene-rasprave-o-porijeklu-koronavirusa-lipnja-2021-godine\\\/#primaryimage\"},\"image\":{\"@id\":\"https:\\\/\\\/centar-fm.org\\\/inmediasres\\\/index.php\\\/suzana-marjanic-sismis-ili-laboratorij-ponovno-ozivljene-rasprave-o-porijeklu-koronavirusa-lipnja-2021-godine\\\/#primaryimage\"},\"thumbnailUrl\":\"https:\\\/\\\/centar-fm.org\\\/inmediasres\\\/wp-content\\\/uploads\\\/sites\\\/2\\\/2022\\\/05\\\/inmediasresno1malo20.png\",\"datePublished\":\"2022-05-26T11:57:05+00:00\",\"author\":{\"@id\":\"https:\\\/\\\/centar-fm.org\\\/inmediasres\\\/#\\\/schema\\\/person\\\/ae49dcc23965665608f66120db8245a4\"},\"breadcrumb\":{\"@id\":\"https:\\\/\\\/centar-fm.org\\\/inmediasres\\\/index.php\\\/suzana-marjanic-sismis-ili-laboratorij-ponovno-ozivljene-rasprave-o-porijeklu-koronavirusa-lipnja-2021-godine\\\/#breadcrumb\"},\"inLanguage\":\"en-US\",\"potentialAction\":[{\"@type\":\"ReadAction\",\"target\":[\"https:\\\/\\\/centar-fm.org\\\/inmediasres\\\/index.php\\\/suzana-marjanic-sismis-ili-laboratorij-ponovno-ozivljene-rasprave-o-porijeklu-koronavirusa-lipnja-2021-godine\\\/\"]}]},{\"@type\":\"ImageObject\",\"inLanguage\":\"en-US\",\"@id\":\"https:\\\/\\\/centar-fm.org\\\/inmediasres\\\/index.php\\\/suzana-marjanic-sismis-ili-laboratorij-ponovno-ozivljene-rasprave-o-porijeklu-koronavirusa-lipnja-2021-godine\\\/#primaryimage\",\"url\":\"https:\\\/\\\/centar-fm.org\\\/inmediasres\\\/wp-content\\\/uploads\\\/sites\\\/2\\\/2022\\\/05\\\/inmediasresno1malo20.png\",\"contentUrl\":\"https:\\\/\\\/centar-fm.org\\\/inmediasres\\\/wp-content\\\/uploads\\\/sites\\\/2\\\/2022\\\/05\\\/inmediasresno1malo20.png\",\"width\":70,\"height\":103,\"caption\":\"inmediasres\"},{\"@type\":\"BreadcrumbList\",\"@id\":\"https:\\\/\\\/centar-fm.org\\\/inmediasres\\\/index.php\\\/suzana-marjanic-sismis-ili-laboratorij-ponovno-ozivljene-rasprave-o-porijeklu-koronavirusa-lipnja-2021-godine\\\/#breadcrumb\",\"itemListElement\":[{\"@type\":\"ListItem\",\"position\":1,\"name\":\"Po\u010detna stranica\",\"item\":\"https:\\\/\\\/centar-fm.org\\\/inmediasres\\\/\"},{\"@type\":\"ListItem\",\"position\":2,\"name\":\"Suzana Marjani\u0107: \u0160i\u0161mi\u0161 ili laboratorij \u2013 ponovno o\u017eivljene rasprave o porijeklu koronavirusa lipnja 2021. godine\"}]},{\"@type\":\"WebSite\",\"@id\":\"https:\\\/\\\/centar-fm.org\\\/inmediasres\\\/#website\",\"url\":\"https:\\\/\\\/centar-fm.org\\\/inmediasres\\\/\",\"name\":\"In Medias Res - \u010casopis centra za filozofiju medija\",\"description\":\"\",\"potentialAction\":[{\"@type\":\"SearchAction\",\"target\":{\"@type\":\"EntryPoint\",\"urlTemplate\":\"https:\\\/\\\/centar-fm.org\\\/inmediasres\\\/?s={search_term_string}\"},\"query-input\":{\"@type\":\"PropertyValueSpecification\",\"valueRequired\":true,\"valueName\":\"search_term_string\"}}],\"inLanguage\":\"en-US\"},{\"@type\":\"Person\",\"@id\":\"https:\\\/\\\/centar-fm.org\\\/inmediasres\\\/#\\\/schema\\\/person\\\/ae49dcc23965665608f66120db8245a4\",\"name\":\"Super User\",\"image\":{\"@type\":\"ImageObject\",\"inLanguage\":\"en-US\",\"@id\":\"https:\\\/\\\/secure.gravatar.com\\\/avatar\\\/5ac3fc5ccca7755fa3f558fed4a39be2232c6585e68bd398c790d57375dde921?s=96&d=mm&r=g\",\"url\":\"https:\\\/\\\/secure.gravatar.com\\\/avatar\\\/5ac3fc5ccca7755fa3f558fed4a39be2232c6585e68bd398c790d57375dde921?s=96&d=mm&r=g\",\"contentUrl\":\"https:\\\/\\\/secure.gravatar.com\\\/avatar\\\/5ac3fc5ccca7755fa3f558fed4a39be2232c6585e68bd398c790d57375dde921?s=96&d=mm&r=g\",\"caption\":\"Super User\"},\"url\":\"https:\\\/\\\/centar-fm.org\\\/inmediasres\\\/index.php\\\/author\\\/amynovcfmweb\\\/\"}]}<\/script>\n<!-- \/ Yoast SEO plugin. -->","yoast_head_json":{"title":"Suzana Marjani\u0107: \u0160i\u0161mi\u0161 ili laboratorij \u2013 ponovno o\u017eivljene rasprave o porijeklu koronavirusa lipnja 2021. godine - In Medias Res - \u010casopis centra za filozofiju medija","robots":{"index":"index","follow":"follow","max-snippet":"max-snippet:-1","max-image-preview":"max-image-preview:large","max-video-preview":"max-video-preview:-1"},"canonical":"https:\/\/centar-fm.org\/inmediasres\/index.php\/suzana-marjanic-sismis-ili-laboratorij-ponovno-ozivljene-rasprave-o-porijeklu-koronavirusa-lipnja-2021-godine\/","og_locale":"en_US","og_type":"article","og_title":"Suzana Marjani\u0107: \u0160i\u0161mi\u0161 ili laboratorij \u2013 ponovno o\u017eivljene rasprave o porijeklu koronavirusa lipnja 2021. godine - In Medias Res - \u010casopis centra za filozofiju medija","og_description":"&nbsp; &nbsp; &nbsp;11(20)#10 2022 \u010casopis je otvorenog pristupa, a ovo djelo je dano na kori\u0161tenje pod licencom Creative Commons Imenovanje-Nekomercijalno 4.0 me\u0111unarodna. DOI 10.46640\/imr.11.20.10 UDK 599.4-049.35:578.1-0.43.83*Covid-19 Izvorni \u010dlanak Original scientific paper Primljeno: 23.1.2022. &nbsp; &nbsp; Suzana Marjani\u0107 Institut za etnologiju i folkoristiku Zagreb, Hrvatska suzana@ief.hr \u0160i\u0161mi\u0161 ili laboratorij \u2013 ponovno o\u017eivljene rasprave o porijeklu koronavirusa [&hellip;]","og_url":"https:\/\/centar-fm.org\/inmediasres\/index.php\/suzana-marjanic-sismis-ili-laboratorij-ponovno-ozivljene-rasprave-o-porijeklu-koronavirusa-lipnja-2021-godine\/","og_site_name":"In Medias Res - \u010casopis centra za filozofiju medija","article_published_time":"2022-05-26T11:57:05+00:00","og_image":[{"width":70,"height":103,"url":"https:\/\/centar-fm.org\/inmediasres\/wp-content\/uploads\/sites\/2\/2022\/05\/inmediasresno1malo20.png","type":"image\/png"}],"author":"Super User","twitter_card":"summary_large_image","twitter_misc":{"Written by":"Super User","Est. reading time":"31 minutes"},"schema":{"@context":"https:\/\/schema.org","@graph":[{"@type":"Article","@id":"https:\/\/centar-fm.org\/inmediasres\/index.php\/suzana-marjanic-sismis-ili-laboratorij-ponovno-ozivljene-rasprave-o-porijeklu-koronavirusa-lipnja-2021-godine\/#article","isPartOf":{"@id":"https:\/\/centar-fm.org\/inmediasres\/index.php\/suzana-marjanic-sismis-ili-laboratorij-ponovno-ozivljene-rasprave-o-porijeklu-koronavirusa-lipnja-2021-godine\/"},"author":{"name":"Super User","@id":"https:\/\/centar-fm.org\/inmediasres\/#\/schema\/person\/ae49dcc23965665608f66120db8245a4"},"headline":"Suzana Marjani\u0107: \u0160i\u0161mi\u0161 ili laboratorij \u2013 ponovno o\u017eivljene rasprave o porijeklu koronavirusa lipnja 2021. godine","datePublished":"2022-05-26T11:57:05+00:00","mainEntityOfPage":{"@id":"https:\/\/centar-fm.org\/inmediasres\/index.php\/suzana-marjanic-sismis-ili-laboratorij-ponovno-ozivljene-rasprave-o-porijeklu-koronavirusa-lipnja-2021-godine\/"},"wordCount":6135,"commentCount":0,"image":{"@id":"https:\/\/centar-fm.org\/inmediasres\/index.php\/suzana-marjanic-sismis-ili-laboratorij-ponovno-ozivljene-rasprave-o-porijeklu-koronavirusa-lipnja-2021-godine\/#primaryimage"},"thumbnailUrl":"https:\/\/centar-fm.org\/inmediasres\/wp-content\/uploads\/sites\/2\/2022\/05\/inmediasresno1malo20.png","keywords":["Suzana Marjani\u0107: \u0160i\u0161mi\u0161 ili laboratorij \u2013 ponovno o\u017eivljene rasprave o porijeklu koronavirusa lipnja 2021. godine"],"articleSection":["In Medias Res broj 20 vlasiti url"],"inLanguage":"en-US","potentialAction":[{"@type":"CommentAction","name":"Comment","target":["https:\/\/centar-fm.org\/inmediasres\/index.php\/suzana-marjanic-sismis-ili-laboratorij-ponovno-ozivljene-rasprave-o-porijeklu-koronavirusa-lipnja-2021-godine\/#respond"]}]},{"@type":"WebPage","@id":"https:\/\/centar-fm.org\/inmediasres\/index.php\/suzana-marjanic-sismis-ili-laboratorij-ponovno-ozivljene-rasprave-o-porijeklu-koronavirusa-lipnja-2021-godine\/","url":"https:\/\/centar-fm.org\/inmediasres\/index.php\/suzana-marjanic-sismis-ili-laboratorij-ponovno-ozivljene-rasprave-o-porijeklu-koronavirusa-lipnja-2021-godine\/","name":"Suzana Marjani\u0107: \u0160i\u0161mi\u0161 ili laboratorij \u2013 ponovno o\u017eivljene rasprave o porijeklu koronavirusa lipnja 2021. godine - In Medias Res - \u010casopis centra za filozofiju medija","isPartOf":{"@id":"https:\/\/centar-fm.org\/inmediasres\/#website"},"primaryImageOfPage":{"@id":"https:\/\/centar-fm.org\/inmediasres\/index.php\/suzana-marjanic-sismis-ili-laboratorij-ponovno-ozivljene-rasprave-o-porijeklu-koronavirusa-lipnja-2021-godine\/#primaryimage"},"image":{"@id":"https:\/\/centar-fm.org\/inmediasres\/index.php\/suzana-marjanic-sismis-ili-laboratorij-ponovno-ozivljene-rasprave-o-porijeklu-koronavirusa-lipnja-2021-godine\/#primaryimage"},"thumbnailUrl":"https:\/\/centar-fm.org\/inmediasres\/wp-content\/uploads\/sites\/2\/2022\/05\/inmediasresno1malo20.png","datePublished":"2022-05-26T11:57:05+00:00","author":{"@id":"https:\/\/centar-fm.org\/inmediasres\/#\/schema\/person\/ae49dcc23965665608f66120db8245a4"},"breadcrumb":{"@id":"https:\/\/centar-fm.org\/inmediasres\/index.php\/suzana-marjanic-sismis-ili-laboratorij-ponovno-ozivljene-rasprave-o-porijeklu-koronavirusa-lipnja-2021-godine\/#breadcrumb"},"inLanguage":"en-US","potentialAction":[{"@type":"ReadAction","target":["https:\/\/centar-fm.org\/inmediasres\/index.php\/suzana-marjanic-sismis-ili-laboratorij-ponovno-ozivljene-rasprave-o-porijeklu-koronavirusa-lipnja-2021-godine\/"]}]},{"@type":"ImageObject","inLanguage":"en-US","@id":"https:\/\/centar-fm.org\/inmediasres\/index.php\/suzana-marjanic-sismis-ili-laboratorij-ponovno-ozivljene-rasprave-o-porijeklu-koronavirusa-lipnja-2021-godine\/#primaryimage","url":"https:\/\/centar-fm.org\/inmediasres\/wp-content\/uploads\/sites\/2\/2022\/05\/inmediasresno1malo20.png","contentUrl":"https:\/\/centar-fm.org\/inmediasres\/wp-content\/uploads\/sites\/2\/2022\/05\/inmediasresno1malo20.png","width":70,"height":103,"caption":"inmediasres"},{"@type":"BreadcrumbList","@id":"https:\/\/centar-fm.org\/inmediasres\/index.php\/suzana-marjanic-sismis-ili-laboratorij-ponovno-ozivljene-rasprave-o-porijeklu-koronavirusa-lipnja-2021-godine\/#breadcrumb","itemListElement":[{"@type":"ListItem","position":1,"name":"Po\u010detna stranica","item":"https:\/\/centar-fm.org\/inmediasres\/"},{"@type":"ListItem","position":2,"name":"Suzana Marjani\u0107: \u0160i\u0161mi\u0161 ili laboratorij \u2013 ponovno o\u017eivljene rasprave o porijeklu koronavirusa lipnja 2021. godine"}]},{"@type":"WebSite","@id":"https:\/\/centar-fm.org\/inmediasres\/#website","url":"https:\/\/centar-fm.org\/inmediasres\/","name":"In Medias Res - \u010casopis centra za filozofiju medija","description":"","potentialAction":[{"@type":"SearchAction","target":{"@type":"EntryPoint","urlTemplate":"https:\/\/centar-fm.org\/inmediasres\/?s={search_term_string}"},"query-input":{"@type":"PropertyValueSpecification","valueRequired":true,"valueName":"search_term_string"}}],"inLanguage":"en-US"},{"@type":"Person","@id":"https:\/\/centar-fm.org\/inmediasres\/#\/schema\/person\/ae49dcc23965665608f66120db8245a4","name":"Super User","image":{"@type":"ImageObject","inLanguage":"en-US","@id":"https:\/\/secure.gravatar.com\/avatar\/5ac3fc5ccca7755fa3f558fed4a39be2232c6585e68bd398c790d57375dde921?s=96&d=mm&r=g","url":"https:\/\/secure.gravatar.com\/avatar\/5ac3fc5ccca7755fa3f558fed4a39be2232c6585e68bd398c790d57375dde921?s=96&d=mm&r=g","contentUrl":"https:\/\/secure.gravatar.com\/avatar\/5ac3fc5ccca7755fa3f558fed4a39be2232c6585e68bd398c790d57375dde921?s=96&d=mm&r=g","caption":"Super User"},"url":"https:\/\/centar-fm.org\/inmediasres\/index.php\/author\/amynovcfmweb\/"}]}},"_links":{"self":[{"href":"https:\/\/centar-fm.org\/inmediasres\/index.php\/wp-json\/wp\/v2\/posts\/402","targetHints":{"allow":["GET"]}}],"collection":[{"href":"https:\/\/centar-fm.org\/inmediasres\/index.php\/wp-json\/wp\/v2\/posts"}],"about":[{"href":"https:\/\/centar-fm.org\/inmediasres\/index.php\/wp-json\/wp\/v2\/types\/post"}],"author":[{"embeddable":true,"href":"https:\/\/centar-fm.org\/inmediasres\/index.php\/wp-json\/wp\/v2\/users\/2"}],"replies":[{"embeddable":true,"href":"https:\/\/centar-fm.org\/inmediasres\/index.php\/wp-json\/wp\/v2\/comments?post=402"}],"version-history":[{"count":0,"href":"https:\/\/centar-fm.org\/inmediasres\/index.php\/wp-json\/wp\/v2\/posts\/402\/revisions"}],"wp:featuredmedia":[{"embeddable":true,"href":"https:\/\/centar-fm.org\/inmediasres\/index.php\/wp-json\/wp\/v2\/media\/398"}],"wp:attachment":[{"href":"https:\/\/centar-fm.org\/inmediasres\/index.php\/wp-json\/wp\/v2\/media?parent=402"}],"wp:term":[{"taxonomy":"category","embeddable":true,"href":"https:\/\/centar-fm.org\/inmediasres\/index.php\/wp-json\/wp\/v2\/categories?post=402"},{"taxonomy":"post_tag","embeddable":true,"href":"https:\/\/centar-fm.org\/inmediasres\/index.php\/wp-json\/wp\/v2\/tags?post=402"}],"curies":[{"name":"wp","href":"https:\/\/api.w.org\/{rel}","templated":true}]}}