{"id":438,"date":"2023-05-17T18:38:09","date_gmt":"2023-05-17T18:38:09","guid":{"rendered":"https:\/\/sweet-mcclintock.194-60-87-163.plesk.page\/inmediasres\/2023\/05\/17\/halima-sofradzija-u-novo-stoljece-bez-kompasa\/"},"modified":"2023-05-17T18:38:09","modified_gmt":"2023-05-17T18:38:09","slug":"halima-sofradzija-u-novo-stoljece-bez-kompasa","status":"publish","type":"post","link":"https:\/\/centar-fm.org\/inmediasres\/index.php\/halima-sofradzija-u-novo-stoljece-bez-kompasa\/","title":{"rendered":"Halima Sofrad\u017eija: U novo stolje\u0107e bez kompasa"},"content":{"rendered":"<p class=\"MsoNormal\" style=\"line-height: 150%;\"><span lang=\"SR\">&nbsp;<\/span><\/p>\n<p><a name=\"12inmediasres22\"><\/a><\/p>\n<p class=\"MsoNormal\" style=\"line-height: 150%;\"><span lang=\"SR\">&nbsp;<\/span><\/p>\n<hr \/>\n<p class=\"MsoNormal\">III PRIKAZI KNJIGE<\/p>\n<table style=\"width: 755px;\" border=\"0\">\n<tbody>\n<tr>\n<td style=\"width: 215px;\" valign=\"top\">\n<p class=\"MsoNormal\" style=\"line-height: 170%;\">\n <strong>&nbsp;12(22)#12 2023 <\/strong> <\/p>\n<\/td>\n<td style=\"width: 315px;\" valign=\"top\">\n<p style=\"line-height: 170%; text-align: center;\">\n<a rel=\"license\" href=\"http:\/\/creativecommons.org\/licenses\/by-nc\/4.0\/\"><img decoding=\"async\" alt=\"Creative Commons licenca\" style=\"border-width:0\" src=\"https:\/\/i.creativecommons.org\/l\/by-nc\/4.0\/88x31.png\" \/><\/a><br \/>\u010casopis je otvorenog pristupa, a ovo djelo je dano na kori\u0161tenje pod licencom <a rel=\"license\" href=\"http:\/\/creativecommons.org\/licenses\/by-nc\/4.0\/\"><strong>Creative Commons Imenovanje-Nekomercijalno 4.0 me\u0111unarodna.<\/strong><\/a><\/p>\n<\/td>\n<td valign=\"top\">\n<p style=\"text-align: right; line-height: 150%;\" align=\"center\">\n<\/td>\n<\/tr>\n<\/tbody>\n<\/table>\n<p class=\"MsoNormal\" style=\"line-height: 150%;\">&nbsp;<\/p>\n<p class=\"MsoNormal\" style=\"line-height: 150%;\">&nbsp;<\/p>\n<p class=\"MsoNormal\" style=\"text-align: center; line-height: 150%;\" align=\"center\"><span style=\"font-size: 15.0pt; line-height: 150%;\">Halima Sofrad\u017eija<\/span><\/p>\n<p style=\"text-align: center; line-height: 150%;\" align=\"center\">Fakultet politi\u010dkih nauka, Odsjek sociologije, Sveu\u010dili\u0161te u Sarajevu, Bosna i Hercegovina<br \/>\nhalima.sofradzija@fpn.unsa.ba<\/p>\n<p style=\"text-align: center;\" align=\"center\"><strong> <span style=\"font-size: 16.0pt; line-height: 150%;\">U novo stolje\u0107e bez kompasa<\/span><\/strong><\/p>\n<p style=\"text-align: center;\" align=\"center\"><strong> <span style=\"font-size: 13.0pt; line-height: 150%;\">Prikaz knjige: \u017dIVOT JE VE\u0106I OD SVAKE OBMANE<br \/>\n(Eseji o dru\u0161tvu i medijima) autorice Fahire Fejzi\u0107 \u010cengi\u0107<\/span><\/strong><\/p>\n<p style=\"text-align: center; line-height: 150%;\" align=\"center\"><a href=\"http:\/\/www.centar-fm.org\/inmediasres\/images\/pdf\/22\/H. Sofradzija, U novo stoljece bez kompasa.pdf\"><strong><span style=\"color: #DC0101; font-size: 8.0pt;\"><br \/>\nPuni tekst: pdf (207 KB), Hrvatski, Str. 3773 &#8211; 3774<br \/>\n<\/span><\/strong><\/a><\/p>\n<p class=\"MsoBodyText\" style=\"margin-top: 0cm; margin-right: 48.6pt; margin-bottom: .0001pt; margin-left: 54.0pt; line-height: 170%;\">&nbsp;<\/p>\n<p class=\"MsoNormal\" style=\"line-height: 150%;\">&nbsp;<\/p>\n<p class=\"MsoNormal\" style=\"line-height: 170%;\">Eseji sklopljeni u korice ove knjige, nesumnjivo tra\u017ee naro\u010dito anga\u017eiranog \u010ditaoca, koji \u0107e prepoznati vrijednost odva\u017enosti izricanja u oskudnom vremenu, bremenitom nebrojenim napregnutostima, dilemama, nejasno\u0107ama, tihim (neki bi rekli posvema\u0161njim) nestankom samorazumljivosti onoga \u0161to nazivamo \u017eivotom (transhumanizam, kiborgizacija, epigenetika..), dodirivanjem krajnosti postmodernog doba, napokon, &ldquo;brigovanjem&rdquo;, heideggerijanski re\u010deno, a koji sasvim sigurno neupitno obilje\u017eavaju svijet u kojem \u017eivimo.<\/p>\n<p class=\"MsoNormal\" style=\"line-height: 170%;\">Svi tekstovi u ovoj knjizi, naslovljenoj <strong><em>\u017divot je ve\u0107i od svake obmane<\/em><\/strong> u \u0161irokom obuhvatu raznorodnih, vi\u0161e nego aktualnih tema o kojima ve\u0107 postaje obavezom govoriti, me\u0111usobno su mnogostruko, vidljivo i nevidljivo, vi\u0161erazinski umre\u017eeni kao &ldquo;platforma od struna&rdquo;, gdje je svaki tekst sam po sebi, po svojoj sadr\u017eajnosti, svojevrsna zna\u010dajna smjernica za nove spoznaje i putokaze, ali istovremeno, u kona\u010dnici, primjetno svi obuhva\u0107eni eseji tematski neosporno imaju prepoznatljivu konsonantnost, daju\u0107i nesumnjivo vrijednu cjelinu \u2013 knjigu, koja je pred nama s namjerom da na poseban na\u010din svjedo\u010di o trajnoj ljudskoj plemenitoj potrebi da se ovaj nikad dohvatljivi i trajno zagonetni svijet promi\u0161lja u svim prilikama i svim vremenima, o \u010demu autorica Fahira Fejzi\u0107 \u010cengi\u0107 govori ve\u0107 na prvim stranicama ove knjige. Sudbinski je svako pero ozbiljnog pisca u usudnom traganju za sna\u017enim, dubokim izrazom, su\u0161tinom i spoznajama koje \u0107e se &ldquo;dovesti do rije\u010di&rdquo;, u <em>potrazi za savr\u0161enim jezikom<\/em>, o kojem je svojevremeno govorio Umberto Ecco, jer se tako misao dovodi <em>u prisutnost, u \u017eivot<\/em> \u2013 to nastojanje prepoznatljivo je ovdje svakom ispisanom re\u010denicom, osna\u017eeno brojnim teorijskim izvorima, svakom poredbom i primjerom, u nakani da se zahvati, raskrili, otvori razumijevanju upravo svako osvijetljeno pitanje, a brojna su, koja se bave temeljnim problemima na\u0161e savremenosti.<\/p>\n<p class=\"MsoNormal\" style=\"line-height: 170%;\">Izgleda da smo ve\u0107 odavno zakora\u010dili u svijet &ldquo;gdje nam stare mape ne\u0107e biti od koristi&rdquo; (Nesh), sa nagovje\u0161tajima novih, dubokih, neprestanih transformacija koje kontinuirano i ubrzano zahvataju postmoderni svijet, \u0161to nam autorica Fejzi\u0107 \u010cengi\u0107 dodatno pribli\u017eava u razumijevanju slo\u017eene novostvarnosti, u okviru naslova <em>Uplovili smo u novi vijek bez kompasa, <\/em>gdje analizira<em> krizu postmoderne i njene prezentacije u savremenim masmedijima.\u00a0 Treba re\u0107i da autorica u ovim propitivanjima podsje\u0107a na Urlicha Becka i njegovo razumijevanje savremenog dru\u0161tva kao dru\u0161tva rizika, te Amina Maloufa kao autora metafore o modernosti kao svojevrsnoj poreme\u0107enosti svijeta, jer oba ova mislioca, svaki na svoj na\u010din,\u00a0 sna\u017eno pozicioniraju ulogu masmedija i njihovih medijskih mo\u0107i u modernim dru\u0161tvima.<\/em><\/p>\n<p class=\"MsoNormal\" style=\"line-height: 170%;\">Autorica nas kroz nastavak svojih promi\u0161ljanja i analiza te zna\u010dajnih sinteza korak po korak i s pa\u017enjom\u00a0 privodi spoznaji da Stvarnost sve vi\u0161e postaje medijski konstrukt, svojevrsni poduhvat stvaranja konstrukcije novih svjetova (pojavljujemo kao &ldquo;korisnici&rdquo; stvarnosti koja ima beskrajno razli\u010dite medijske interpretacije): &ldquo;Neosporno je ulogu nekada\u0161nje neposrednosti, direktnosti, izravnosti, susretanjima, ljepoti \u017eivljenja preuzela ogromna i rasprostranjena medijska ma\u0161inerija, taj nevjerovatni instrumentarij koji je gra\u0111en posljednjih dvadeset godina intenzivno a prethodnih stotinjak postupnije, postao je nezamjenjiv posrednik, spojnica, instrumentarij ili globalni medij koji je zamijenio stvarnost. Stvarne empirijske, iskustvene i uobi\u010dajene sekunde, minute, sate i dane \u017eivljenja, ku\u0161anja i postojanja nadomje\u0161tali su isposredovani, medijatizirani u\u010dinci me\u0111u ljudima. \u010cinili su to naj\u010de\u0161\u0107e uz pomo\u0107 svog glavnog elementa, pomo\u0107u ekrana&rdquo;.<\/p>\n<p class=\"MsoNormal\" style=\"line-height: 170%;\">Na tom \u010darobnom \u010detverouglu smje\u0161tene su tolikobrojnei izazovne, a po\u010desto manipulativne i zavodljive one slike pretakanja, pretvaranja i pervertiranja mogu\u0107nosti kako ih Ugre\u0161i\u0107ka u knjizi Karaoke kultura definira, dakle o\u010ditim mogu\u0107nostima transformacije, metamorfoze i teleportacije u ne\u0161to drugo ili nekoga drugoga puno su zanimljivije od rovanja po jastvu, \u0161to (p)ostaje nezamisliva zada\u0107a ove kulture ekrana, svijeta slike i nadrealizma pretvaranja. O ovome govori\u00a0 rukopis autorice Fahire Fejzi\u0107 \u010cengi\u0107, odmaknut od bilo kakve prizemne ili prolazne kritike bez smisla, jer svaki put ova kritika stopljena je s pozivom na povratak etici javne rije\u010di, moralu javnog djelovanja i argumentiranja, \u010dasnom profesionalnom informativnom i komunikacijskom djelovanju gdje god su \u010dinjenice, istina, dobrota i ljepota svijeta posrijedi. <\/p>\n<p class=\"MsoNormal\" style=\"line-height: 170%;\">Stoga je ovaj rukopis ne samo va\u017ean profesionalnim djelatnicima u javnom prostoru u medijskoj ma\u0161ineriji ve\u0107 neizostavnoj u svekodnevnici, studentima, akademskoj zajednici jednako tako i \u0161iroj publici koja sve tje\u0161nje mora poznavati medijske mogu\u0107nosti,\u00a0 medijsku kulturu, medijsko pojavljivanje i djelatnost, medijska zastranjivanja i marketin\u0161ke trikove koju nam dromolo\u0161ki (preubrzano) promi\u010du pred umom i o\u010dima\u00a0 &#8211; a \u017eivot je potrebno dostojanstveno jednostavno \u017eivjeti.<\/p>\n","protected":false},"excerpt":{"rendered":"<p>&nbsp; &nbsp; III PRIKAZI KNJIGE &nbsp;12(22)#12 2023 \u010casopis je otvorenog pristupa, a ovo djelo je dano na kori\u0161tenje pod licencom Creative Commons Imenovanje-Nekomercijalno 4.0 me\u0111unarodna. &nbsp; &nbsp; Halima Sofrad\u017eija Fakultet politi\u010dkih nauka, Odsjek sociologije, Sveu\u010dili\u0161te u Sarajevu, Bosna i Hercegovina halima.sofradzija@fpn.unsa.ba U novo stolje\u0107e bez kompasa Prikaz knjige: \u017dIVOT JE VE\u0106I OD SVAKE OBMANE (Eseji [&hellip;]<\/p>\n","protected":false},"author":2,"featured_media":427,"comment_status":"open","ping_status":"open","sticky":false,"template":"","format":"standard","meta":{"_acf_changed":false,"_et_pb_use_builder":"","_et_pb_old_content":"","_et_gb_content_width":"","footnotes":""},"categories":[103],"tags":[162,805],"class_list":["post-438","post","type-post","status-publish","format-standard","has-post-thumbnail","hentry","category-in-medias-res-broj-22-vlasiti-url","tag-halima-sofradzija","tag-u-novo-stoljece-bez-kompasa","et-has-post-format-content","et_post_format-et-post-format-standard"],"acf":[],"yoast_head":"<!-- This site is optimized with the Yoast SEO plugin v27.4 - https:\/\/yoast.com\/product\/yoast-seo-wordpress\/ -->\n<title>Halima Sofrad\u017eija: U novo stolje\u0107e bez kompasa - In Medias Res - \u010casopis centra za filozofiju medija<\/title>\n<meta name=\"robots\" content=\"index, follow, max-snippet:-1, max-image-preview:large, max-video-preview:-1\" \/>\n<link rel=\"canonical\" href=\"https:\/\/centar-fm.org\/inmediasres\/index.php\/halima-sofradzija-u-novo-stoljece-bez-kompasa\/\" \/>\n<meta property=\"og:locale\" content=\"en_US\" \/>\n<meta property=\"og:type\" content=\"article\" \/>\n<meta property=\"og:title\" content=\"Halima Sofrad\u017eija: U novo stolje\u0107e bez kompasa - In Medias Res - \u010casopis centra za filozofiju medija\" \/>\n<meta property=\"og:description\" content=\"&nbsp; &nbsp; III PRIKAZI KNJIGE &nbsp;12(22)#12 2023 \u010casopis je otvorenog pristupa, a ovo djelo je dano na kori\u0161tenje pod licencom Creative Commons Imenovanje-Nekomercijalno 4.0 me\u0111unarodna. &nbsp; &nbsp; Halima Sofrad\u017eija Fakultet politi\u010dkih nauka, Odsjek sociologije, Sveu\u010dili\u0161te u Sarajevu, Bosna i Hercegovina halima.sofradzija@fpn.unsa.ba U novo stolje\u0107e bez kompasa Prikaz knjige: \u017dIVOT JE VE\u0106I OD SVAKE OBMANE (Eseji [&hellip;]\" \/>\n<meta property=\"og:url\" content=\"https:\/\/centar-fm.org\/inmediasres\/index.php\/halima-sofradzija-u-novo-stoljece-bez-kompasa\/\" \/>\n<meta property=\"og:site_name\" content=\"In Medias Res - \u010casopis centra za filozofiju medija\" \/>\n<meta property=\"article:published_time\" content=\"2023-05-17T18:38:09+00:00\" \/>\n<meta property=\"og:image\" content=\"https:\/\/centar-fm.org\/inmediasres\/wp-content\/uploads\/sites\/2\/2023\/05\/inmediasresno1malo22.png\" \/>\n\t<meta property=\"og:image:width\" content=\"70\" \/>\n\t<meta property=\"og:image:height\" content=\"103\" \/>\n\t<meta property=\"og:image:type\" content=\"image\/png\" \/>\n<meta name=\"author\" content=\"Super User\" \/>\n<meta name=\"twitter:card\" content=\"summary_large_image\" \/>\n<meta name=\"twitter:label1\" content=\"Written by\" \/>\n\t<meta name=\"twitter:data1\" content=\"Super User\" \/>\n\t<meta name=\"twitter:label2\" content=\"Est. reading time\" \/>\n\t<meta name=\"twitter:data2\" content=\"4 minutes\" \/>\n<script type=\"application\/ld+json\" class=\"yoast-schema-graph\">{\"@context\":\"https:\\\/\\\/schema.org\",\"@graph\":[{\"@type\":\"Article\",\"@id\":\"https:\\\/\\\/centar-fm.org\\\/inmediasres\\\/index.php\\\/halima-sofradzija-u-novo-stoljece-bez-kompasa\\\/#article\",\"isPartOf\":{\"@id\":\"https:\\\/\\\/centar-fm.org\\\/inmediasres\\\/index.php\\\/halima-sofradzija-u-novo-stoljece-bez-kompasa\\\/\"},\"author\":{\"name\":\"Super User\",\"@id\":\"https:\\\/\\\/centar-fm.org\\\/inmediasres\\\/#\\\/schema\\\/person\\\/ae49dcc23965665608f66120db8245a4\"},\"headline\":\"Halima Sofrad\u017eija: U novo stolje\u0107e bez kompasa\",\"datePublished\":\"2023-05-17T18:38:09+00:00\",\"mainEntityOfPage\":{\"@id\":\"https:\\\/\\\/centar-fm.org\\\/inmediasres\\\/index.php\\\/halima-sofradzija-u-novo-stoljece-bez-kompasa\\\/\"},\"wordCount\":841,\"commentCount\":0,\"image\":{\"@id\":\"https:\\\/\\\/centar-fm.org\\\/inmediasres\\\/index.php\\\/halima-sofradzija-u-novo-stoljece-bez-kompasa\\\/#primaryimage\"},\"thumbnailUrl\":\"https:\\\/\\\/centar-fm.org\\\/inmediasres\\\/wp-content\\\/uploads\\\/sites\\\/2\\\/2023\\\/05\\\/inmediasresno1malo22.png\",\"keywords\":[\"Halima Sofrad\u017eija\",\"U novo stolje\u0107e bez kompasa\"],\"articleSection\":[\"In Medias Res broj 22 vlasiti url\"],\"inLanguage\":\"en-US\",\"potentialAction\":[{\"@type\":\"CommentAction\",\"name\":\"Comment\",\"target\":[\"https:\\\/\\\/centar-fm.org\\\/inmediasres\\\/index.php\\\/halima-sofradzija-u-novo-stoljece-bez-kompasa\\\/#respond\"]}]},{\"@type\":\"WebPage\",\"@id\":\"https:\\\/\\\/centar-fm.org\\\/inmediasres\\\/index.php\\\/halima-sofradzija-u-novo-stoljece-bez-kompasa\\\/\",\"url\":\"https:\\\/\\\/centar-fm.org\\\/inmediasres\\\/index.php\\\/halima-sofradzija-u-novo-stoljece-bez-kompasa\\\/\",\"name\":\"Halima Sofrad\u017eija: U novo stolje\u0107e bez kompasa - In Medias Res - \u010casopis centra za filozofiju medija\",\"isPartOf\":{\"@id\":\"https:\\\/\\\/centar-fm.org\\\/inmediasres\\\/#website\"},\"primaryImageOfPage\":{\"@id\":\"https:\\\/\\\/centar-fm.org\\\/inmediasres\\\/index.php\\\/halima-sofradzija-u-novo-stoljece-bez-kompasa\\\/#primaryimage\"},\"image\":{\"@id\":\"https:\\\/\\\/centar-fm.org\\\/inmediasres\\\/index.php\\\/halima-sofradzija-u-novo-stoljece-bez-kompasa\\\/#primaryimage\"},\"thumbnailUrl\":\"https:\\\/\\\/centar-fm.org\\\/inmediasres\\\/wp-content\\\/uploads\\\/sites\\\/2\\\/2023\\\/05\\\/inmediasresno1malo22.png\",\"datePublished\":\"2023-05-17T18:38:09+00:00\",\"author\":{\"@id\":\"https:\\\/\\\/centar-fm.org\\\/inmediasres\\\/#\\\/schema\\\/person\\\/ae49dcc23965665608f66120db8245a4\"},\"breadcrumb\":{\"@id\":\"https:\\\/\\\/centar-fm.org\\\/inmediasres\\\/index.php\\\/halima-sofradzija-u-novo-stoljece-bez-kompasa\\\/#breadcrumb\"},\"inLanguage\":\"en-US\",\"potentialAction\":[{\"@type\":\"ReadAction\",\"target\":[\"https:\\\/\\\/centar-fm.org\\\/inmediasres\\\/index.php\\\/halima-sofradzija-u-novo-stoljece-bez-kompasa\\\/\"]}]},{\"@type\":\"ImageObject\",\"inLanguage\":\"en-US\",\"@id\":\"https:\\\/\\\/centar-fm.org\\\/inmediasres\\\/index.php\\\/halima-sofradzija-u-novo-stoljece-bez-kompasa\\\/#primaryimage\",\"url\":\"https:\\\/\\\/centar-fm.org\\\/inmediasres\\\/wp-content\\\/uploads\\\/sites\\\/2\\\/2023\\\/05\\\/inmediasresno1malo22.png\",\"contentUrl\":\"https:\\\/\\\/centar-fm.org\\\/inmediasres\\\/wp-content\\\/uploads\\\/sites\\\/2\\\/2023\\\/05\\\/inmediasresno1malo22.png\",\"width\":70,\"height\":103,\"caption\":\"inmediasres\"},{\"@type\":\"BreadcrumbList\",\"@id\":\"https:\\\/\\\/centar-fm.org\\\/inmediasres\\\/index.php\\\/halima-sofradzija-u-novo-stoljece-bez-kompasa\\\/#breadcrumb\",\"itemListElement\":[{\"@type\":\"ListItem\",\"position\":1,\"name\":\"Po\u010detna stranica\",\"item\":\"https:\\\/\\\/centar-fm.org\\\/inmediasres\\\/\"},{\"@type\":\"ListItem\",\"position\":2,\"name\":\"Halima Sofrad\u017eija: U novo stolje\u0107e bez kompasa\"}]},{\"@type\":\"WebSite\",\"@id\":\"https:\\\/\\\/centar-fm.org\\\/inmediasres\\\/#website\",\"url\":\"https:\\\/\\\/centar-fm.org\\\/inmediasres\\\/\",\"name\":\"In Medias Res - \u010casopis centra za filozofiju medija\",\"description\":\"\",\"potentialAction\":[{\"@type\":\"SearchAction\",\"target\":{\"@type\":\"EntryPoint\",\"urlTemplate\":\"https:\\\/\\\/centar-fm.org\\\/inmediasres\\\/?s={search_term_string}\"},\"query-input\":{\"@type\":\"PropertyValueSpecification\",\"valueRequired\":true,\"valueName\":\"search_term_string\"}}],\"inLanguage\":\"en-US\"},{\"@type\":\"Person\",\"@id\":\"https:\\\/\\\/centar-fm.org\\\/inmediasres\\\/#\\\/schema\\\/person\\\/ae49dcc23965665608f66120db8245a4\",\"name\":\"Super User\",\"image\":{\"@type\":\"ImageObject\",\"inLanguage\":\"en-US\",\"@id\":\"https:\\\/\\\/secure.gravatar.com\\\/avatar\\\/5ac3fc5ccca7755fa3f558fed4a39be2232c6585e68bd398c790d57375dde921?s=96&d=mm&r=g\",\"url\":\"https:\\\/\\\/secure.gravatar.com\\\/avatar\\\/5ac3fc5ccca7755fa3f558fed4a39be2232c6585e68bd398c790d57375dde921?s=96&d=mm&r=g\",\"contentUrl\":\"https:\\\/\\\/secure.gravatar.com\\\/avatar\\\/5ac3fc5ccca7755fa3f558fed4a39be2232c6585e68bd398c790d57375dde921?s=96&d=mm&r=g\",\"caption\":\"Super User\"},\"url\":\"https:\\\/\\\/centar-fm.org\\\/inmediasres\\\/index.php\\\/author\\\/amynovcfmweb\\\/\"}]}<\/script>\n<!-- \/ Yoast SEO plugin. -->","yoast_head_json":{"title":"Halima Sofrad\u017eija: U novo stolje\u0107e bez kompasa - In Medias Res - \u010casopis centra za filozofiju medija","robots":{"index":"index","follow":"follow","max-snippet":"max-snippet:-1","max-image-preview":"max-image-preview:large","max-video-preview":"max-video-preview:-1"},"canonical":"https:\/\/centar-fm.org\/inmediasres\/index.php\/halima-sofradzija-u-novo-stoljece-bez-kompasa\/","og_locale":"en_US","og_type":"article","og_title":"Halima Sofrad\u017eija: U novo stolje\u0107e bez kompasa - In Medias Res - \u010casopis centra za filozofiju medija","og_description":"&nbsp; &nbsp; III PRIKAZI KNJIGE &nbsp;12(22)#12 2023 \u010casopis je otvorenog pristupa, a ovo djelo je dano na kori\u0161tenje pod licencom Creative Commons Imenovanje-Nekomercijalno 4.0 me\u0111unarodna. &nbsp; &nbsp; Halima Sofrad\u017eija Fakultet politi\u010dkih nauka, Odsjek sociologije, Sveu\u010dili\u0161te u Sarajevu, Bosna i Hercegovina halima.sofradzija@fpn.unsa.ba U novo stolje\u0107e bez kompasa Prikaz knjige: \u017dIVOT JE VE\u0106I OD SVAKE OBMANE (Eseji [&hellip;]","og_url":"https:\/\/centar-fm.org\/inmediasres\/index.php\/halima-sofradzija-u-novo-stoljece-bez-kompasa\/","og_site_name":"In Medias Res - \u010casopis centra za filozofiju medija","article_published_time":"2023-05-17T18:38:09+00:00","og_image":[{"width":70,"height":103,"url":"https:\/\/centar-fm.org\/inmediasres\/wp-content\/uploads\/sites\/2\/2023\/05\/inmediasresno1malo22.png","type":"image\/png"}],"author":"Super User","twitter_card":"summary_large_image","twitter_misc":{"Written by":"Super User","Est. reading time":"4 minutes"},"schema":{"@context":"https:\/\/schema.org","@graph":[{"@type":"Article","@id":"https:\/\/centar-fm.org\/inmediasres\/index.php\/halima-sofradzija-u-novo-stoljece-bez-kompasa\/#article","isPartOf":{"@id":"https:\/\/centar-fm.org\/inmediasres\/index.php\/halima-sofradzija-u-novo-stoljece-bez-kompasa\/"},"author":{"name":"Super User","@id":"https:\/\/centar-fm.org\/inmediasres\/#\/schema\/person\/ae49dcc23965665608f66120db8245a4"},"headline":"Halima Sofrad\u017eija: U novo stolje\u0107e bez kompasa","datePublished":"2023-05-17T18:38:09+00:00","mainEntityOfPage":{"@id":"https:\/\/centar-fm.org\/inmediasres\/index.php\/halima-sofradzija-u-novo-stoljece-bez-kompasa\/"},"wordCount":841,"commentCount":0,"image":{"@id":"https:\/\/centar-fm.org\/inmediasres\/index.php\/halima-sofradzija-u-novo-stoljece-bez-kompasa\/#primaryimage"},"thumbnailUrl":"https:\/\/centar-fm.org\/inmediasres\/wp-content\/uploads\/sites\/2\/2023\/05\/inmediasresno1malo22.png","keywords":["Halima Sofrad\u017eija","U novo stolje\u0107e bez kompasa"],"articleSection":["In Medias Res broj 22 vlasiti url"],"inLanguage":"en-US","potentialAction":[{"@type":"CommentAction","name":"Comment","target":["https:\/\/centar-fm.org\/inmediasres\/index.php\/halima-sofradzija-u-novo-stoljece-bez-kompasa\/#respond"]}]},{"@type":"WebPage","@id":"https:\/\/centar-fm.org\/inmediasres\/index.php\/halima-sofradzija-u-novo-stoljece-bez-kompasa\/","url":"https:\/\/centar-fm.org\/inmediasres\/index.php\/halima-sofradzija-u-novo-stoljece-bez-kompasa\/","name":"Halima Sofrad\u017eija: U novo stolje\u0107e bez kompasa - In Medias Res - \u010casopis centra za filozofiju medija","isPartOf":{"@id":"https:\/\/centar-fm.org\/inmediasres\/#website"},"primaryImageOfPage":{"@id":"https:\/\/centar-fm.org\/inmediasres\/index.php\/halima-sofradzija-u-novo-stoljece-bez-kompasa\/#primaryimage"},"image":{"@id":"https:\/\/centar-fm.org\/inmediasres\/index.php\/halima-sofradzija-u-novo-stoljece-bez-kompasa\/#primaryimage"},"thumbnailUrl":"https:\/\/centar-fm.org\/inmediasres\/wp-content\/uploads\/sites\/2\/2023\/05\/inmediasresno1malo22.png","datePublished":"2023-05-17T18:38:09+00:00","author":{"@id":"https:\/\/centar-fm.org\/inmediasres\/#\/schema\/person\/ae49dcc23965665608f66120db8245a4"},"breadcrumb":{"@id":"https:\/\/centar-fm.org\/inmediasres\/index.php\/halima-sofradzija-u-novo-stoljece-bez-kompasa\/#breadcrumb"},"inLanguage":"en-US","potentialAction":[{"@type":"ReadAction","target":["https:\/\/centar-fm.org\/inmediasres\/index.php\/halima-sofradzija-u-novo-stoljece-bez-kompasa\/"]}]},{"@type":"ImageObject","inLanguage":"en-US","@id":"https:\/\/centar-fm.org\/inmediasres\/index.php\/halima-sofradzija-u-novo-stoljece-bez-kompasa\/#primaryimage","url":"https:\/\/centar-fm.org\/inmediasres\/wp-content\/uploads\/sites\/2\/2023\/05\/inmediasresno1malo22.png","contentUrl":"https:\/\/centar-fm.org\/inmediasres\/wp-content\/uploads\/sites\/2\/2023\/05\/inmediasresno1malo22.png","width":70,"height":103,"caption":"inmediasres"},{"@type":"BreadcrumbList","@id":"https:\/\/centar-fm.org\/inmediasres\/index.php\/halima-sofradzija-u-novo-stoljece-bez-kompasa\/#breadcrumb","itemListElement":[{"@type":"ListItem","position":1,"name":"Po\u010detna stranica","item":"https:\/\/centar-fm.org\/inmediasres\/"},{"@type":"ListItem","position":2,"name":"Halima Sofrad\u017eija: U novo stolje\u0107e bez kompasa"}]},{"@type":"WebSite","@id":"https:\/\/centar-fm.org\/inmediasres\/#website","url":"https:\/\/centar-fm.org\/inmediasres\/","name":"In Medias Res - \u010casopis centra za filozofiju medija","description":"","potentialAction":[{"@type":"SearchAction","target":{"@type":"EntryPoint","urlTemplate":"https:\/\/centar-fm.org\/inmediasres\/?s={search_term_string}"},"query-input":{"@type":"PropertyValueSpecification","valueRequired":true,"valueName":"search_term_string"}}],"inLanguage":"en-US"},{"@type":"Person","@id":"https:\/\/centar-fm.org\/inmediasres\/#\/schema\/person\/ae49dcc23965665608f66120db8245a4","name":"Super User","image":{"@type":"ImageObject","inLanguage":"en-US","@id":"https:\/\/secure.gravatar.com\/avatar\/5ac3fc5ccca7755fa3f558fed4a39be2232c6585e68bd398c790d57375dde921?s=96&d=mm&r=g","url":"https:\/\/secure.gravatar.com\/avatar\/5ac3fc5ccca7755fa3f558fed4a39be2232c6585e68bd398c790d57375dde921?s=96&d=mm&r=g","contentUrl":"https:\/\/secure.gravatar.com\/avatar\/5ac3fc5ccca7755fa3f558fed4a39be2232c6585e68bd398c790d57375dde921?s=96&d=mm&r=g","caption":"Super User"},"url":"https:\/\/centar-fm.org\/inmediasres\/index.php\/author\/amynovcfmweb\/"}]}},"_links":{"self":[{"href":"https:\/\/centar-fm.org\/inmediasres\/index.php\/wp-json\/wp\/v2\/posts\/438","targetHints":{"allow":["GET"]}}],"collection":[{"href":"https:\/\/centar-fm.org\/inmediasres\/index.php\/wp-json\/wp\/v2\/posts"}],"about":[{"href":"https:\/\/centar-fm.org\/inmediasres\/index.php\/wp-json\/wp\/v2\/types\/post"}],"author":[{"embeddable":true,"href":"https:\/\/centar-fm.org\/inmediasres\/index.php\/wp-json\/wp\/v2\/users\/2"}],"replies":[{"embeddable":true,"href":"https:\/\/centar-fm.org\/inmediasres\/index.php\/wp-json\/wp\/v2\/comments?post=438"}],"version-history":[{"count":0,"href":"https:\/\/centar-fm.org\/inmediasres\/index.php\/wp-json\/wp\/v2\/posts\/438\/revisions"}],"wp:featuredmedia":[{"embeddable":true,"href":"https:\/\/centar-fm.org\/inmediasres\/index.php\/wp-json\/wp\/v2\/media\/427"}],"wp:attachment":[{"href":"https:\/\/centar-fm.org\/inmediasres\/index.php\/wp-json\/wp\/v2\/media?parent=438"}],"wp:term":[{"taxonomy":"category","embeddable":true,"href":"https:\/\/centar-fm.org\/inmediasres\/index.php\/wp-json\/wp\/v2\/categories?post=438"},{"taxonomy":"post_tag","embeddable":true,"href":"https:\/\/centar-fm.org\/inmediasres\/index.php\/wp-json\/wp\/v2\/tags?post=438"}],"curies":[{"name":"wp","href":"https:\/\/api.w.org\/{rel}","templated":true}]}}