{"id":439,"date":"2023-05-17T18:40:28","date_gmt":"2023-05-17T18:40:28","guid":{"rendered":"https:\/\/sweet-mcclintock.194-60-87-163.plesk.page\/inmediasres\/2023\/05\/17\/amina-vatres-masovni-mediji-ili-izoblicena-ogledala-stvarnosti-povratak-imperativu-etike-odgovornosti\/"},"modified":"2023-05-17T18:40:28","modified_gmt":"2023-05-17T18:40:28","slug":"amina-vatres-masovni-mediji-ili-izoblicena-ogledala-stvarnosti-povratak-imperativu-etike-odgovornosti","status":"publish","type":"post","link":"https:\/\/centar-fm.org\/inmediasres\/index.php\/amina-vatres-masovni-mediji-ili-izoblicena-ogledala-stvarnosti-povratak-imperativu-etike-odgovornosti\/","title":{"rendered":"Amina Vatre\u0161: Masovni mediji ili izobli\u010dena ogledala stvarnosti: Povratak imperativu etike odgovornosti"},"content":{"rendered":"<p class=\"MsoNormal\" style=\"line-height: 150%;\"><span lang=\"SR\">&nbsp;<\/span><\/p>\n<p><a name=\"13inmediasres22\"><\/a><\/p>\n<p class=\"MsoNormal\" style=\"line-height: 150%;\"><span lang=\"SR\">&nbsp;<\/span><\/p>\n<hr \/>\n<p class=\"MsoNormal\">III PRIKAZI KNJIGE<\/p>\n<table style=\"width: 755px;\" border=\"0\">\n<tbody>\n<tr>\n<td style=\"width: 215px;\" valign=\"top\">\n<p class=\"MsoNormal\" style=\"line-height: 170%;\">\n <strong>&nbsp;12(22)#13 2023<\/strong> <\/p>\n<\/td>\n<td style=\"width: 315px;\" valign=\"top\">\n<p style=\"line-height: 170%; text-align: center;\">\n<a rel=\"license\" href=\"http:\/\/creativecommons.org\/licenses\/by-nc\/4.0\/\"><img decoding=\"async\" alt=\"Creative Commons licenca\" style=\"border-width:0\" src=\"https:\/\/i.creativecommons.org\/l\/by-nc\/4.0\/88x31.png\" \/><\/a><br \/>\u010casopis je otvorenog pristupa, a ovo djelo je dano na kori\u0161tenje pod licencom <a rel=\"license\" href=\"http:\/\/creativecommons.org\/licenses\/by-nc\/4.0\/\"><strong>Creative Commons Imenovanje-Nekomercijalno 4.0 me\u0111unarodna.<\/strong><\/a><\/p>\n<\/td>\n<td valign=\"top\">\n<p style=\"text-align: right; line-height: 150%;\" align=\"center\">\n<\/td>\n<\/tr>\n<\/tbody>\n<\/table>\n<p class=\"MsoNormal\" style=\"line-height: 150%;\">&nbsp;<\/p>\n<p class=\"MsoNormal\" style=\"line-height: 150%;\">&nbsp;<\/p>\n<p class=\"MsoNormal\" style=\"text-align: center; line-height: 150%;\" align=\"center\"><span style=\"font-size: 15.0pt; line-height: 150%;\">Amina Vatre\u0161<\/span><\/p>\n<p style=\"text-align: center; line-height: 150%;\" align=\"center\">Asistentica na Odsjeku za komunikologiju\/\u017eurnalistiku Fakulteta politi\u010dkih nauka UNSA<br \/>\nMA komunikologije\/\u017eurnalisitke<\/p>\n<p style=\"text-align: center;\" align=\"center\"><strong> <span style=\"font-size: 16.0pt; line-height: 150%;\">Masovni mediji ili izobli\u010dena ogledala stvarnosti:<br \/>\nPovratak imperativu etike odgovornosti<\/span><\/strong><\/p>\n<p style=\"text-align: center;\" align=\"center\"><strong> <span style=\"font-size: 13.0pt; line-height: 150%;\">Prikaz knjige: \u201cESEJI O DRU\u0160TVU I MEDIJIMA \u2013 \u017divot je ve\u0107i od svake obmane\u201d <br \/>\n(Sarajevo: Fakultet politi\u010dkih nauka, Univerzitet u Sarajevu)<br \/>\nAutorica: prof.dr. Fahira Fejzi\u0107 \u2013 \u010cengi\u0107<br \/>\n<\/span><\/strong><\/p>\n<p style=\"text-align: center; line-height: 150%;\" align=\"center\"><a href=\"http:\/\/www.centar-fm.org\/inmediasres\/images\/pdf\/22\/A. Vatres, Masovni mediji ili izoblicena ogledala stvarnosti.pdf\"><strong><span style=\"color: #DC0101; font-size: 8.0pt;\"><br \/>\nPuni tekst: pdf (209 KB), Hrvatski, Str. 3775 &#8211; 3777<br \/>\n<\/span><\/strong><\/a><\/p>\n<p class=\"MsoBodyText\" style=\"margin-top: 0cm; margin-right: 48.6pt; margin-bottom: .0001pt; margin-left: 54.0pt; line-height: 170%;\">&nbsp;<\/p>\n<p class=\"MsoNormal\" style=\"line-height: 150%;\">&nbsp;<\/p>\n<p class=\"MsoNormal\" style=\"line-height: 170%;\">&bdquo;Mas mediji se sve u\u010destalije postavljaju u tri posljednje relacije spram svijeta, pa ili sami prekrivaju istine i bitke raznolikoga svijeta, ili ga raspame\u0107uju za nijansu vi\u0161e, ili pak posve ciljano zanemaruju status quo i mar\u0161iraju svoju igru dodatnog raspame\u0107ivanja, koje svakodnevno slu\u0161amo, gledamo, surfamo kao la\u017ene vijesti, kao \u010diste manipulacije, kao prljave komplote, kao sve \u010de\u0161\u0107u \u0161kolsku cenzuru nepo\u017eeljnih sadr\u017eaja ili pak kao redovne la\u017ei i obmane.&ldquo; (dio iz eseja &bdquo;Da li je mogu\u0107a emancipacija medija od op\u0107e raspame\u0107enosti?&ldquo;)<\/p>\n<p class=\"MsoNormal\" style=\"line-height: 170%;\">\u0160esnaest na prvi utisak raznorodnih ogleda o korelaciji masmedijskog djelovanja i transformiranja savremene dru\u0161tvene stvarnosti na nadasve anga\u017eiran i studiozan na\u010din \u010dine jedinstvenu, inherentno neodvojivu cjelinu koja akribi\u010dno\u0161\u0107u svoje analize razli\u010ditih socijalnih fenomena navodi na dublje promi\u0161ljanje savremene medijske, te konsekventno tome i dru\u0161tvene entropije. Autori\u010dino sna\u017eno pozicioniranje masovnih medija kao ishodni\u0161nih ta\u010daka savremenosti podr\u017eano je kako teorijskim, tako i empirijskom uvidom u recentne tokove svijeta i \u017eivota, te kao takvo zahtijeva prevashodno anga\u017eiranog \u010ditaoca koji procese te\u017ei razumjeti vi\u0161edimenzionalno, na jednoj polisemi\u010dnoj i kompleksnijoj ravni od \u0161turo pragmati\u010dne.<\/p>\n<p class=\"MsoNormal\" style=\"line-height: 170%;\">Period pandemije koronavirusa jo\u0161 jednom je potvrdio tezu o postojanju i interpretaciji koncepata &bdquo;la\u017ei&ldquo; i &bdquo;istine&ldquo;, pa usudit \u0107u se re\u0107i i sveobuhvatne percepcije stvarnosti kao imanentno dru\u0161tvenih, u prvom redu \u2013 medijskih, konstrukata u, beckovski re\u010deno, dru\u0161tvu rizika ili drugim rije\u010dima iskazano &#8211; dru\u0161tvu refleksivne modernosti. S tim u vezi, u novomedijski konotiranoj stvarnosti iz uloge subjekta prelazimo u ulogu objekta, potro\u0161a\u010da, nerijetko i proizvoda, na \u0161ta Fejzi\u0107-\u010cengi\u0107 \u010ditaocima posebno skre\u0107e pa\u017enju propituju\u0107i funkciju medijskih subjekata, habermaskovski re\u010deno, na relaciji izme\u0111u emancipacije i sveop\u0107e izopa\u010denosti. Strah od svakodnevnog, konkretnog, dramati\u010dnog, a manje od onog nepoznatog, asptraktnog, ljudskom umu obi\u010dno nedohvatljivog, se u tom smislu name\u0107e kao novi oblik kontrole i vladanja ponajprije umom recipijenta, pa samim tim i njegovim pona\u0161anjem.<\/p>\n<p class=\"MsoNormal\" style=\"line-height: 170%;\">Valja primijetiti da autorica Fejzi\u0107-\u010cengi\u0107, odve\u0107 implicitno, u\u00a0 gotovo svakom pojedina\u010dnom eseju poziva na nu\u017enost aktueliziranja imperativa etike odgovornosti, neophodnost povratka deontolo\u0161kim profesionalnim principima, posebno apstrahiraju\u0107i ulogu intelektualaca i profesionalnih novinara u sprje\u010davanje na\u0161eg <em>postojanja plitkima, <\/em>kako to svojevremeno ozna\u010dava Nicholas G. Carr. U tom smislu govore\u0107i, ve\u0107 u prvom eseju tematski orijentiranom ponajprije prema mo\u0107i virtuelne manipulacije u ozra\u010dju evropskih kretanja, poziva na sljede\u0107i stav &#8211;<em> &bdquo;nanovo valorizirati na\u0161e vrijednosti i zadjenuti etiku u svaku poru \u017eivota&ldquo;<\/em> (Fejzi\u0107-\u010cengi\u0107, 2022:17). Moglo bi se sa sigurno\u0161\u0107u ista\u0107i da je upravo u ovoj tezi sadr\u017eana su\u0161tinska dugoro\u010dna vrijednost ovog djela, kako za profesionalne medijske djelatnike intelektualce, akademsku zajednicu, tako i za same studente novinarstva\/komunikologije, druge djelatnike u javnom diskursu i kona\u010dno za op\u0107u javnost koja te\u017ei kriti\u010dkom supstancijalnom rezoniranju savremenih dru\u0161tvenih pojava i procesa.<\/p>\n<p class=\"MsoNormal\" style=\"line-height: 170%;\">Dalje problematiziraju\u0107i pitanje budu\u0107nosti medija, ali i znanosti uop\u0107e, te predvi\u0111aju\u0107i njen kraj ukoliko ne do\u0111e do momenta sna\u017enog bu\u0111enja individualne i kolektivne svijesti, svojevrsnog otpora i najbitnije, pozivaju\u0107i na povratak profesionalnoj novinarskoj epistemi, epistemi istine kao esencijalne vrijednosti novinarstva, zaklju\u010duje: <em>&rdquo;Techne je preuzeo primat nad naukom. Istinskim nau\u010dnim istra\u017eivanjima i otkri\u0107ima koja su puna eti\u010dke vrijednosti se izmaklo. Na njihovo mjesto nastupili su projektanti, menad\u017eeri i majstori proizvodnje iluzija. (\u2026.) Danas su u metasvijetu metauniverzuma, virtuelnosti, zavodljivosti, manipulacije i nadzora nad ljudima i njihovom slobodom. Po tome se nazire malaksalost, ako ne i kraj istinske nauke i istinskih masovnih medija&rdquo;.<\/em> (Fejzi\u0107-\u010cengi\u0107, 2022:31) U takvom se ozra\u010dju, konstatira autorica, misle\u0107e bi\u0107e ubitnome transformira u <em>homo sacera<\/em>, izolovanog, pasivnog, alijeniziranog od svakog supstancijalnog i kriti\u010dkog rezona, osu\u0111enog na puku pragmati\u010dnost bez duhovnosti, dostojanstva, integriteta i strasti usmjerene ka traganju za istinom i smislom, kona\u010dno podlo\u017enog svekolikim manipulacijama i obmanama.<\/p>\n<p class=\"MsoNormal\" style=\"line-height: 170%;\">Gotovo pa nemogu\u0107im se \u010dini apstrahirati izvjestan segment djela kao najrelevantniji budu\u0107i da svaki ogled u svojoj su\u0161tini daje ogroman doprinos prvenstveno poticanju kriti\u010dke svijesti, poticanju individue na promi\u0161ljanje okru\u017eenja i ni\u0161ta manje zna\u010dajno vlastite pozicije i odgovornosti u njemu jer od toga zapravo polazi naizgled oksimoronski nominirana <em>stabilnost promjene<\/em>, o kojem autorica ve\u0107 u uvodnom dijelu govori. Svojevrsna sinteza, analiza i komparacija brojnih teorijskih izvora iz domena komunikolo\u0161ko-socijalno-politi\u010dko-religijske dimenzije u promi\u0161ljanjima novomedijske (u prvom redu virtuelne) stvarnosti i njene budu\u0107nosti, podr\u017eana izrazito bogatim iskustvenim poljem autorice, \u010dine ovaj rukopis izrazito vrijednim dijagnosti\u010dko-prognosti\u010dkim pregledom stanja recentnih medija, pa kauzalno i stanja dru\u0161tva uop\u0107e. <\/p>\n","protected":false},"excerpt":{"rendered":"<p>&nbsp; &nbsp; III PRIKAZI KNJIGE &nbsp;12(22)#13 2023 \u010casopis je otvorenog pristupa, a ovo djelo je dano na kori\u0161tenje pod licencom Creative Commons Imenovanje-Nekomercijalno 4.0 me\u0111unarodna. &nbsp; &nbsp; Amina Vatre\u0161 Asistentica na Odsjeku za komunikologiju\/\u017eurnalistiku Fakulteta politi\u010dkih nauka UNSA MA komunikologije\/\u017eurnalisitke Masovni mediji ili izobli\u010dena ogledala stvarnosti: Povratak imperativu etike odgovornosti Prikaz knjige: \u201cESEJI O DRU\u0160TVU [&hellip;]<\/p>\n","protected":false},"author":2,"featured_media":427,"comment_status":"open","ping_status":"open","sticky":false,"template":"","format":"standard","meta":{"_acf_changed":false,"_et_pb_use_builder":"","_et_pb_old_content":"","_et_gb_content_width":"","footnotes":""},"categories":[103],"tags":[806],"class_list":["post-439","post","type-post","status-publish","format-standard","has-post-thumbnail","hentry","category-in-medias-res-broj-22-vlasiti-url","tag-amina-vatres-masovni-mediji-ili-izoblicena-ogledala-stvarnosti-povratak-imperativu-etike-odgovornosti","et-has-post-format-content","et_post_format-et-post-format-standard"],"acf":[],"yoast_head":"<!-- This site is optimized with the Yoast SEO plugin v27.4 - https:\/\/yoast.com\/product\/yoast-seo-wordpress\/ -->\n<title>Amina Vatre\u0161: Masovni mediji ili izobli\u010dena ogledala stvarnosti: Povratak imperativu etike odgovornosti - In Medias Res - \u010casopis centra za filozofiju medija<\/title>\n<meta name=\"robots\" content=\"index, follow, max-snippet:-1, max-image-preview:large, max-video-preview:-1\" \/>\n<link rel=\"canonical\" href=\"https:\/\/centar-fm.org\/inmediasres\/index.php\/amina-vatres-masovni-mediji-ili-izoblicena-ogledala-stvarnosti-povratak-imperativu-etike-odgovornosti\/\" \/>\n<meta property=\"og:locale\" content=\"en_US\" \/>\n<meta property=\"og:type\" content=\"article\" \/>\n<meta property=\"og:title\" content=\"Amina Vatre\u0161: Masovni mediji ili izobli\u010dena ogledala stvarnosti: Povratak imperativu etike odgovornosti - In Medias Res - \u010casopis centra za filozofiju medija\" \/>\n<meta property=\"og:description\" content=\"&nbsp; &nbsp; III PRIKAZI KNJIGE &nbsp;12(22)#13 2023 \u010casopis je otvorenog pristupa, a ovo djelo je dano na kori\u0161tenje pod licencom Creative Commons Imenovanje-Nekomercijalno 4.0 me\u0111unarodna. &nbsp; &nbsp; Amina Vatre\u0161 Asistentica na Odsjeku za komunikologiju\/\u017eurnalistiku Fakulteta politi\u010dkih nauka UNSA MA komunikologije\/\u017eurnalisitke Masovni mediji ili izobli\u010dena ogledala stvarnosti: Povratak imperativu etike odgovornosti Prikaz knjige: \u201cESEJI O DRU\u0160TVU [&hellip;]\" \/>\n<meta property=\"og:url\" content=\"https:\/\/centar-fm.org\/inmediasres\/index.php\/amina-vatres-masovni-mediji-ili-izoblicena-ogledala-stvarnosti-povratak-imperativu-etike-odgovornosti\/\" \/>\n<meta property=\"og:site_name\" content=\"In Medias Res - \u010casopis centra za filozofiju medija\" \/>\n<meta property=\"article:published_time\" content=\"2023-05-17T18:40:28+00:00\" \/>\n<meta property=\"og:image\" content=\"https:\/\/centar-fm.org\/inmediasres\/wp-content\/uploads\/sites\/2\/2023\/05\/inmediasresno1malo22.png\" \/>\n\t<meta property=\"og:image:width\" content=\"70\" \/>\n\t<meta property=\"og:image:height\" content=\"103\" \/>\n\t<meta property=\"og:image:type\" content=\"image\/png\" \/>\n<meta name=\"author\" content=\"Super User\" \/>\n<meta name=\"twitter:card\" content=\"summary_large_image\" \/>\n<meta name=\"twitter:label1\" content=\"Written by\" \/>\n\t<meta name=\"twitter:data1\" content=\"Super User\" \/>\n\t<meta name=\"twitter:label2\" content=\"Est. reading time\" \/>\n\t<meta name=\"twitter:data2\" content=\"4 minutes\" \/>\n<script type=\"application\/ld+json\" class=\"yoast-schema-graph\">{\"@context\":\"https:\\\/\\\/schema.org\",\"@graph\":[{\"@type\":\"Article\",\"@id\":\"https:\\\/\\\/centar-fm.org\\\/inmediasres\\\/index.php\\\/amina-vatres-masovni-mediji-ili-izoblicena-ogledala-stvarnosti-povratak-imperativu-etike-odgovornosti\\\/#article\",\"isPartOf\":{\"@id\":\"https:\\\/\\\/centar-fm.org\\\/inmediasres\\\/index.php\\\/amina-vatres-masovni-mediji-ili-izoblicena-ogledala-stvarnosti-povratak-imperativu-etike-odgovornosti\\\/\"},\"author\":{\"name\":\"Super User\",\"@id\":\"https:\\\/\\\/centar-fm.org\\\/inmediasres\\\/#\\\/schema\\\/person\\\/ae49dcc23965665608f66120db8245a4\"},\"headline\":\"Amina Vatre\u0161: Masovni mediji ili izobli\u010dena ogledala stvarnosti: Povratak imperativu etike odgovornosti\",\"datePublished\":\"2023-05-17T18:40:28+00:00\",\"mainEntityOfPage\":{\"@id\":\"https:\\\/\\\/centar-fm.org\\\/inmediasres\\\/index.php\\\/amina-vatres-masovni-mediji-ili-izoblicena-ogledala-stvarnosti-povratak-imperativu-etike-odgovornosti\\\/\"},\"wordCount\":909,\"commentCount\":0,\"image\":{\"@id\":\"https:\\\/\\\/centar-fm.org\\\/inmediasres\\\/index.php\\\/amina-vatres-masovni-mediji-ili-izoblicena-ogledala-stvarnosti-povratak-imperativu-etike-odgovornosti\\\/#primaryimage\"},\"thumbnailUrl\":\"https:\\\/\\\/centar-fm.org\\\/inmediasres\\\/wp-content\\\/uploads\\\/sites\\\/2\\\/2023\\\/05\\\/inmediasresno1malo22.png\",\"keywords\":[\"Amina Vatre\u0161: Masovni mediji ili izobli\u010dena ogledala stvarnosti: Povratak imperativu etike odgovornosti\"],\"articleSection\":[\"In Medias Res broj 22 vlasiti url\"],\"inLanguage\":\"en-US\",\"potentialAction\":[{\"@type\":\"CommentAction\",\"name\":\"Comment\",\"target\":[\"https:\\\/\\\/centar-fm.org\\\/inmediasres\\\/index.php\\\/amina-vatres-masovni-mediji-ili-izoblicena-ogledala-stvarnosti-povratak-imperativu-etike-odgovornosti\\\/#respond\"]}]},{\"@type\":\"WebPage\",\"@id\":\"https:\\\/\\\/centar-fm.org\\\/inmediasres\\\/index.php\\\/amina-vatres-masovni-mediji-ili-izoblicena-ogledala-stvarnosti-povratak-imperativu-etike-odgovornosti\\\/\",\"url\":\"https:\\\/\\\/centar-fm.org\\\/inmediasres\\\/index.php\\\/amina-vatres-masovni-mediji-ili-izoblicena-ogledala-stvarnosti-povratak-imperativu-etike-odgovornosti\\\/\",\"name\":\"Amina Vatre\u0161: Masovni mediji ili izobli\u010dena ogledala stvarnosti: Povratak imperativu etike odgovornosti - In Medias Res - \u010casopis centra za filozofiju medija\",\"isPartOf\":{\"@id\":\"https:\\\/\\\/centar-fm.org\\\/inmediasres\\\/#website\"},\"primaryImageOfPage\":{\"@id\":\"https:\\\/\\\/centar-fm.org\\\/inmediasres\\\/index.php\\\/amina-vatres-masovni-mediji-ili-izoblicena-ogledala-stvarnosti-povratak-imperativu-etike-odgovornosti\\\/#primaryimage\"},\"image\":{\"@id\":\"https:\\\/\\\/centar-fm.org\\\/inmediasres\\\/index.php\\\/amina-vatres-masovni-mediji-ili-izoblicena-ogledala-stvarnosti-povratak-imperativu-etike-odgovornosti\\\/#primaryimage\"},\"thumbnailUrl\":\"https:\\\/\\\/centar-fm.org\\\/inmediasres\\\/wp-content\\\/uploads\\\/sites\\\/2\\\/2023\\\/05\\\/inmediasresno1malo22.png\",\"datePublished\":\"2023-05-17T18:40:28+00:00\",\"author\":{\"@id\":\"https:\\\/\\\/centar-fm.org\\\/inmediasres\\\/#\\\/schema\\\/person\\\/ae49dcc23965665608f66120db8245a4\"},\"breadcrumb\":{\"@id\":\"https:\\\/\\\/centar-fm.org\\\/inmediasres\\\/index.php\\\/amina-vatres-masovni-mediji-ili-izoblicena-ogledala-stvarnosti-povratak-imperativu-etike-odgovornosti\\\/#breadcrumb\"},\"inLanguage\":\"en-US\",\"potentialAction\":[{\"@type\":\"ReadAction\",\"target\":[\"https:\\\/\\\/centar-fm.org\\\/inmediasres\\\/index.php\\\/amina-vatres-masovni-mediji-ili-izoblicena-ogledala-stvarnosti-povratak-imperativu-etike-odgovornosti\\\/\"]}]},{\"@type\":\"ImageObject\",\"inLanguage\":\"en-US\",\"@id\":\"https:\\\/\\\/centar-fm.org\\\/inmediasres\\\/index.php\\\/amina-vatres-masovni-mediji-ili-izoblicena-ogledala-stvarnosti-povratak-imperativu-etike-odgovornosti\\\/#primaryimage\",\"url\":\"https:\\\/\\\/centar-fm.org\\\/inmediasres\\\/wp-content\\\/uploads\\\/sites\\\/2\\\/2023\\\/05\\\/inmediasresno1malo22.png\",\"contentUrl\":\"https:\\\/\\\/centar-fm.org\\\/inmediasres\\\/wp-content\\\/uploads\\\/sites\\\/2\\\/2023\\\/05\\\/inmediasresno1malo22.png\",\"width\":70,\"height\":103,\"caption\":\"inmediasres\"},{\"@type\":\"BreadcrumbList\",\"@id\":\"https:\\\/\\\/centar-fm.org\\\/inmediasres\\\/index.php\\\/amina-vatres-masovni-mediji-ili-izoblicena-ogledala-stvarnosti-povratak-imperativu-etike-odgovornosti\\\/#breadcrumb\",\"itemListElement\":[{\"@type\":\"ListItem\",\"position\":1,\"name\":\"Po\u010detna stranica\",\"item\":\"https:\\\/\\\/centar-fm.org\\\/inmediasres\\\/\"},{\"@type\":\"ListItem\",\"position\":2,\"name\":\"Amina Vatre\u0161: Masovni mediji ili izobli\u010dena ogledala stvarnosti: Povratak imperativu etike odgovornosti\"}]},{\"@type\":\"WebSite\",\"@id\":\"https:\\\/\\\/centar-fm.org\\\/inmediasres\\\/#website\",\"url\":\"https:\\\/\\\/centar-fm.org\\\/inmediasres\\\/\",\"name\":\"In Medias Res - \u010casopis centra za filozofiju medija\",\"description\":\"\",\"potentialAction\":[{\"@type\":\"SearchAction\",\"target\":{\"@type\":\"EntryPoint\",\"urlTemplate\":\"https:\\\/\\\/centar-fm.org\\\/inmediasres\\\/?s={search_term_string}\"},\"query-input\":{\"@type\":\"PropertyValueSpecification\",\"valueRequired\":true,\"valueName\":\"search_term_string\"}}],\"inLanguage\":\"en-US\"},{\"@type\":\"Person\",\"@id\":\"https:\\\/\\\/centar-fm.org\\\/inmediasres\\\/#\\\/schema\\\/person\\\/ae49dcc23965665608f66120db8245a4\",\"name\":\"Super User\",\"image\":{\"@type\":\"ImageObject\",\"inLanguage\":\"en-US\",\"@id\":\"https:\\\/\\\/secure.gravatar.com\\\/avatar\\\/5ac3fc5ccca7755fa3f558fed4a39be2232c6585e68bd398c790d57375dde921?s=96&d=mm&r=g\",\"url\":\"https:\\\/\\\/secure.gravatar.com\\\/avatar\\\/5ac3fc5ccca7755fa3f558fed4a39be2232c6585e68bd398c790d57375dde921?s=96&d=mm&r=g\",\"contentUrl\":\"https:\\\/\\\/secure.gravatar.com\\\/avatar\\\/5ac3fc5ccca7755fa3f558fed4a39be2232c6585e68bd398c790d57375dde921?s=96&d=mm&r=g\",\"caption\":\"Super User\"},\"url\":\"https:\\\/\\\/centar-fm.org\\\/inmediasres\\\/index.php\\\/author\\\/amynovcfmweb\\\/\"}]}<\/script>\n<!-- \/ Yoast SEO plugin. -->","yoast_head_json":{"title":"Amina Vatre\u0161: Masovni mediji ili izobli\u010dena ogledala stvarnosti: Povratak imperativu etike odgovornosti - In Medias Res - \u010casopis centra za filozofiju medija","robots":{"index":"index","follow":"follow","max-snippet":"max-snippet:-1","max-image-preview":"max-image-preview:large","max-video-preview":"max-video-preview:-1"},"canonical":"https:\/\/centar-fm.org\/inmediasres\/index.php\/amina-vatres-masovni-mediji-ili-izoblicena-ogledala-stvarnosti-povratak-imperativu-etike-odgovornosti\/","og_locale":"en_US","og_type":"article","og_title":"Amina Vatre\u0161: Masovni mediji ili izobli\u010dena ogledala stvarnosti: Povratak imperativu etike odgovornosti - In Medias Res - \u010casopis centra za filozofiju medija","og_description":"&nbsp; &nbsp; III PRIKAZI KNJIGE &nbsp;12(22)#13 2023 \u010casopis je otvorenog pristupa, a ovo djelo je dano na kori\u0161tenje pod licencom Creative Commons Imenovanje-Nekomercijalno 4.0 me\u0111unarodna. &nbsp; &nbsp; Amina Vatre\u0161 Asistentica na Odsjeku za komunikologiju\/\u017eurnalistiku Fakulteta politi\u010dkih nauka UNSA MA komunikologije\/\u017eurnalisitke Masovni mediji ili izobli\u010dena ogledala stvarnosti: Povratak imperativu etike odgovornosti Prikaz knjige: \u201cESEJI O DRU\u0160TVU [&hellip;]","og_url":"https:\/\/centar-fm.org\/inmediasres\/index.php\/amina-vatres-masovni-mediji-ili-izoblicena-ogledala-stvarnosti-povratak-imperativu-etike-odgovornosti\/","og_site_name":"In Medias Res - \u010casopis centra za filozofiju medija","article_published_time":"2023-05-17T18:40:28+00:00","og_image":[{"width":70,"height":103,"url":"https:\/\/centar-fm.org\/inmediasres\/wp-content\/uploads\/sites\/2\/2023\/05\/inmediasresno1malo22.png","type":"image\/png"}],"author":"Super User","twitter_card":"summary_large_image","twitter_misc":{"Written by":"Super User","Est. reading time":"4 minutes"},"schema":{"@context":"https:\/\/schema.org","@graph":[{"@type":"Article","@id":"https:\/\/centar-fm.org\/inmediasres\/index.php\/amina-vatres-masovni-mediji-ili-izoblicena-ogledala-stvarnosti-povratak-imperativu-etike-odgovornosti\/#article","isPartOf":{"@id":"https:\/\/centar-fm.org\/inmediasres\/index.php\/amina-vatres-masovni-mediji-ili-izoblicena-ogledala-stvarnosti-povratak-imperativu-etike-odgovornosti\/"},"author":{"name":"Super User","@id":"https:\/\/centar-fm.org\/inmediasres\/#\/schema\/person\/ae49dcc23965665608f66120db8245a4"},"headline":"Amina Vatre\u0161: Masovni mediji ili izobli\u010dena ogledala stvarnosti: Povratak imperativu etike odgovornosti","datePublished":"2023-05-17T18:40:28+00:00","mainEntityOfPage":{"@id":"https:\/\/centar-fm.org\/inmediasres\/index.php\/amina-vatres-masovni-mediji-ili-izoblicena-ogledala-stvarnosti-povratak-imperativu-etike-odgovornosti\/"},"wordCount":909,"commentCount":0,"image":{"@id":"https:\/\/centar-fm.org\/inmediasres\/index.php\/amina-vatres-masovni-mediji-ili-izoblicena-ogledala-stvarnosti-povratak-imperativu-etike-odgovornosti\/#primaryimage"},"thumbnailUrl":"https:\/\/centar-fm.org\/inmediasres\/wp-content\/uploads\/sites\/2\/2023\/05\/inmediasresno1malo22.png","keywords":["Amina Vatre\u0161: Masovni mediji ili izobli\u010dena ogledala stvarnosti: Povratak imperativu etike odgovornosti"],"articleSection":["In Medias Res broj 22 vlasiti url"],"inLanguage":"en-US","potentialAction":[{"@type":"CommentAction","name":"Comment","target":["https:\/\/centar-fm.org\/inmediasres\/index.php\/amina-vatres-masovni-mediji-ili-izoblicena-ogledala-stvarnosti-povratak-imperativu-etike-odgovornosti\/#respond"]}]},{"@type":"WebPage","@id":"https:\/\/centar-fm.org\/inmediasres\/index.php\/amina-vatres-masovni-mediji-ili-izoblicena-ogledala-stvarnosti-povratak-imperativu-etike-odgovornosti\/","url":"https:\/\/centar-fm.org\/inmediasres\/index.php\/amina-vatres-masovni-mediji-ili-izoblicena-ogledala-stvarnosti-povratak-imperativu-etike-odgovornosti\/","name":"Amina Vatre\u0161: Masovni mediji ili izobli\u010dena ogledala stvarnosti: Povratak imperativu etike odgovornosti - In Medias Res - \u010casopis centra za filozofiju medija","isPartOf":{"@id":"https:\/\/centar-fm.org\/inmediasres\/#website"},"primaryImageOfPage":{"@id":"https:\/\/centar-fm.org\/inmediasres\/index.php\/amina-vatres-masovni-mediji-ili-izoblicena-ogledala-stvarnosti-povratak-imperativu-etike-odgovornosti\/#primaryimage"},"image":{"@id":"https:\/\/centar-fm.org\/inmediasres\/index.php\/amina-vatres-masovni-mediji-ili-izoblicena-ogledala-stvarnosti-povratak-imperativu-etike-odgovornosti\/#primaryimage"},"thumbnailUrl":"https:\/\/centar-fm.org\/inmediasres\/wp-content\/uploads\/sites\/2\/2023\/05\/inmediasresno1malo22.png","datePublished":"2023-05-17T18:40:28+00:00","author":{"@id":"https:\/\/centar-fm.org\/inmediasres\/#\/schema\/person\/ae49dcc23965665608f66120db8245a4"},"breadcrumb":{"@id":"https:\/\/centar-fm.org\/inmediasres\/index.php\/amina-vatres-masovni-mediji-ili-izoblicena-ogledala-stvarnosti-povratak-imperativu-etike-odgovornosti\/#breadcrumb"},"inLanguage":"en-US","potentialAction":[{"@type":"ReadAction","target":["https:\/\/centar-fm.org\/inmediasres\/index.php\/amina-vatres-masovni-mediji-ili-izoblicena-ogledala-stvarnosti-povratak-imperativu-etike-odgovornosti\/"]}]},{"@type":"ImageObject","inLanguage":"en-US","@id":"https:\/\/centar-fm.org\/inmediasres\/index.php\/amina-vatres-masovni-mediji-ili-izoblicena-ogledala-stvarnosti-povratak-imperativu-etike-odgovornosti\/#primaryimage","url":"https:\/\/centar-fm.org\/inmediasres\/wp-content\/uploads\/sites\/2\/2023\/05\/inmediasresno1malo22.png","contentUrl":"https:\/\/centar-fm.org\/inmediasres\/wp-content\/uploads\/sites\/2\/2023\/05\/inmediasresno1malo22.png","width":70,"height":103,"caption":"inmediasres"},{"@type":"BreadcrumbList","@id":"https:\/\/centar-fm.org\/inmediasres\/index.php\/amina-vatres-masovni-mediji-ili-izoblicena-ogledala-stvarnosti-povratak-imperativu-etike-odgovornosti\/#breadcrumb","itemListElement":[{"@type":"ListItem","position":1,"name":"Po\u010detna stranica","item":"https:\/\/centar-fm.org\/inmediasres\/"},{"@type":"ListItem","position":2,"name":"Amina Vatre\u0161: Masovni mediji ili izobli\u010dena ogledala stvarnosti: Povratak imperativu etike odgovornosti"}]},{"@type":"WebSite","@id":"https:\/\/centar-fm.org\/inmediasres\/#website","url":"https:\/\/centar-fm.org\/inmediasres\/","name":"In Medias Res - \u010casopis centra za filozofiju medija","description":"","potentialAction":[{"@type":"SearchAction","target":{"@type":"EntryPoint","urlTemplate":"https:\/\/centar-fm.org\/inmediasres\/?s={search_term_string}"},"query-input":{"@type":"PropertyValueSpecification","valueRequired":true,"valueName":"search_term_string"}}],"inLanguage":"en-US"},{"@type":"Person","@id":"https:\/\/centar-fm.org\/inmediasres\/#\/schema\/person\/ae49dcc23965665608f66120db8245a4","name":"Super User","image":{"@type":"ImageObject","inLanguage":"en-US","@id":"https:\/\/secure.gravatar.com\/avatar\/5ac3fc5ccca7755fa3f558fed4a39be2232c6585e68bd398c790d57375dde921?s=96&d=mm&r=g","url":"https:\/\/secure.gravatar.com\/avatar\/5ac3fc5ccca7755fa3f558fed4a39be2232c6585e68bd398c790d57375dde921?s=96&d=mm&r=g","contentUrl":"https:\/\/secure.gravatar.com\/avatar\/5ac3fc5ccca7755fa3f558fed4a39be2232c6585e68bd398c790d57375dde921?s=96&d=mm&r=g","caption":"Super User"},"url":"https:\/\/centar-fm.org\/inmediasres\/index.php\/author\/amynovcfmweb\/"}]}},"_links":{"self":[{"href":"https:\/\/centar-fm.org\/inmediasres\/index.php\/wp-json\/wp\/v2\/posts\/439","targetHints":{"allow":["GET"]}}],"collection":[{"href":"https:\/\/centar-fm.org\/inmediasres\/index.php\/wp-json\/wp\/v2\/posts"}],"about":[{"href":"https:\/\/centar-fm.org\/inmediasres\/index.php\/wp-json\/wp\/v2\/types\/post"}],"author":[{"embeddable":true,"href":"https:\/\/centar-fm.org\/inmediasres\/index.php\/wp-json\/wp\/v2\/users\/2"}],"replies":[{"embeddable":true,"href":"https:\/\/centar-fm.org\/inmediasres\/index.php\/wp-json\/wp\/v2\/comments?post=439"}],"version-history":[{"count":0,"href":"https:\/\/centar-fm.org\/inmediasres\/index.php\/wp-json\/wp\/v2\/posts\/439\/revisions"}],"wp:featuredmedia":[{"embeddable":true,"href":"https:\/\/centar-fm.org\/inmediasres\/index.php\/wp-json\/wp\/v2\/media\/427"}],"wp:attachment":[{"href":"https:\/\/centar-fm.org\/inmediasres\/index.php\/wp-json\/wp\/v2\/media?parent=439"}],"wp:term":[{"taxonomy":"category","embeddable":true,"href":"https:\/\/centar-fm.org\/inmediasres\/index.php\/wp-json\/wp\/v2\/categories?post=439"},{"taxonomy":"post_tag","embeddable":true,"href":"https:\/\/centar-fm.org\/inmediasres\/index.php\/wp-json\/wp\/v2\/tags?post=439"}],"curies":[{"name":"wp","href":"https:\/\/api.w.org\/{rel}","templated":true}]}}