{"id":467,"date":"2024-05-28T20:14:59","date_gmt":"2024-05-28T20:14:59","guid":{"rendered":"https:\/\/sweet-mcclintock.194-60-87-163.plesk.page\/inmediasres\/2024\/05\/28\/branka-segvic-i-iva-polic-analiza-internetskog-diskursa-u-objavama-clanova-vlade-na-facebooku\/"},"modified":"2024-05-28T20:14:59","modified_gmt":"2024-05-28T20:14:59","slug":"branka-segvic-i-iva-polic-analiza-internetskog-diskursa-u-objavama-clanova-vlade-na-facebooku","status":"publish","type":"post","link":"https:\/\/centar-fm.org\/inmediasres\/index.php\/branka-segvic-i-iva-polic-analiza-internetskog-diskursa-u-objavama-clanova-vlade-na-facebooku\/","title":{"rendered":"Branka \u0160egvi\u0107 i Iva Poli\u0107: Analiza internetskog diskursa u objavama \u010dlanova Vlade na Facebooku"},"content":{"rendered":"<p class=\"MsoNormal\" style=\"line-height: 150%;\"><span lang=\"SR\">&nbsp;<\/span><\/p>\n<p><a name=\"5inmediasres24\"><\/a><\/p>\n<p class=\"MsoNormal\" style=\"line-height: 150%;\"><span lang=\"SR\">&nbsp;<\/span><\/p>\n<hr \/>\n<table style=\"width: 755px;\" border=\"0\">\n<tbody>\n<tr>\n<td style=\"width: 215px;\" valign=\"top\">\n<p class=\"MsoNormal\" style=\"line-height: 170%;\">\n <strong>&nbsp;13(24)#5 2024<\/strong> <\/p>\n<\/td>\n<td style=\"width: 315px;\" valign=\"top\">\n<p style=\"line-height: 170%; text-align: center;\">\n<a rel=\"license\" href=\"http:\/\/creativecommons.org\/licenses\/by-nc\/4.0\/\"><img decoding=\"async\" alt=\"Creative Commons licenca\" style=\"border-width:0\" src=\"https:\/\/i.creativecommons.org\/l\/by-nc\/4.0\/88x31.png\" \/><\/a><br \/>\u010casopis je otvorenog pristupa, a ovo djelo je dano na kori\u0161tenje pod licencom <a rel=\"license\" href=\"http:\/\/creativecommons.org\/licenses\/by-nc\/4.0\/\"><strong>Creative Commons Imenovanje-Nekomercijalno 4.0 me\u0111unarodna.<\/strong><\/a><\/p>\n<\/td>\n<td valign=\"top\">\n<p style=\"text-align: right; line-height: 150%;\" align=\"center\"><strong><br \/>\nDOI <a href=\"https:\/\/doi.org\/10.46640\/imr.13.24.5\">10.46640\/imr.13.24.5<\/a><br \/>\nUDK 81\u20194-057.341*Facebook<br \/>\nPrethodno priop\u0107enje<br \/>\nPreliminary communication<br \/>\nPrimljeno: 12.1.2024.<\/strong><\/p>\n<\/td>\n<\/tr>\n<\/tbody>\n<\/table>\n<p class=\"MsoNormal\" style=\"line-height: 150%;\">&nbsp;<\/p>\n<p class=\"MsoNormal\" style=\"line-height: 150%;\">&nbsp;<\/p>\n<p class=\"MsoNormal\" style=\"text-align: center; line-height: 150%;\" align=\"center\"><span style=\"font-size: 15.0pt; line-height: 150%;\">Branka \u0160egvi\u0107 i Iva Poli\u0107<\/span><\/p>\n<p style=\"text-align: center; line-height: 150%;\" align=\"center\">Veleu\u010dili\u0161te Aspira, Domovinskog rata 65, Split, Hrvatska<br \/>\nbranka.segvic@aspira.hr<\/p>\n<p style=\"text-align: center; line-height: 150%;\" align=\"center\">Filozofski fakultet, Polji\u010dka cesta 35, Split, Hrvatska<br \/>\n  ipolic@ffst.hr \n<\/p>\n<p style=\"text-align: center;\" align=\"center\"><strong> <span style=\"font-size: 16.0pt; line-height: 150%;\">Analiza internetskog diskursa u objavama <br \/>\n\u010dlanova Vlade na Facebooku<\/span><\/strong><\/p>\n<p style=\"text-align: center; line-height: 150%;\" align=\"center\"><a href=\"http:\/\/www.centar-fm.org\/inmediasres\/images\/pdf\/24\/B. Segvic i I. Polic, Analiza internetskog diskursa u objavama clanova Vlade na Facebooku.pdf\"><strong><span style=\"color: #DC0101; font-size: 8.0pt;\"><br \/>\nPuni tekst: pdf (450 KB), Hrvatski, Str. 4017 &#8211; 4036<br \/>\n<\/span><\/strong><\/a><\/p>\n<p class=\"MsoNormal\" style=\"line-height: 150%;\">&nbsp;<\/p>\n<p style=\"margin: 0cm 48.6pt 0.0001pt 54pt; line-height: 170%;\"><strong><em>Sa\u017eetak<\/em><\/strong><\/p>\n<p class=\"MsoBodyText\" style=\"margin-top: 0cm; margin-right: 48.6pt; margin-bottom: .0001pt; margin-left: 54.0pt; line-height: 150%;\"><span style=\"font-size: 12.0pt; line-height: 150%; font-family: 'Times New Roman';\" lang=\"SR\">&nbsp;<\/span><\/p>\n<p class=\"MsoBodyText\" style=\"margin-top: 0cm; margin-right: 48.6pt; margin-bottom: .0001pt; margin-left: 54.0pt; line-height: 170%;\"><em>Isprepli\u0107u\u0107i obilje\u017eja govorenog i pisanog jezika, dru\u0161tvene mre\u017ee va\u017ean su komunikacijski kanal kojim se politi\u010dari u dana\u0161nje vrijeme sve vi\u0161e slu\u017ee za komunikaciju s javno\u0161\u0107u. Dru\u0161tvene mre\u017ee im omogu\u0107avaju neposredni kontakt s publikom, bez intervencije i uplitanja medija. Koriste\u0107i se dru\u0161tvenim mre\u017eama poput Facebooka, Instagrama i Twittera, politi\u010dari sami odlu\u010duju o informacijama i vijestima koje dijele s publikom te posljedi\u010dno o izgradnji vlastitog imid\u017ea u javnosti i na\u010dinu zadobivanja naklonosti glasa\u010da. U ovom su radu analizirane Facebook objave \u010dlanova Vlade, odnosno elementi internetskog diskursa poput emojija, hashtagova, ozna\u010denih institucija, osoba i lokacija koje \u010dlanovi Vlade upotrebljavaju u svojim objavama. Utvr\u0111eno je kako najzastupljeniji format objave uklju\u010duje tekst i fotografiju. Me\u0111u analiziranim elementima internetskog diskursa najzastupljeniji su emojiji, slijede ih hashtagovi, ozna\u010dene institucije i ozna\u010dene osobe, dok je oznaka lokacije bilo najmanje. Svi se analizirani elementi \u010de\u0161\u0107e mogu prona\u0107i u objavama \u017eenskih pripadnica Vlade. Najzastupljeniji je emoji \u2018zastave\u2019, \u0161to je o\u010dekivano s obzirom na korpus, dok upotreba hashtagova varira ovisno o resoru. O resoru varira i ozna\u010dena lokacija, dok je naj\u010de\u0161\u0107e ozna\u010dena osoba Andrej Plenkovi\u0107, a naj\u010de\u0161\u0107e ozna\u010dena institucija Vlada Republike Hrvatske. Radom je pokazano kako su samo neverbalni elementi internetskog diskursa dovoljan te posljedi\u010dno veoma va\u017ean dio stvaranja javne slike i identiteta politi\u010dara. Ovakvi elementi \u010dine objave dinami\u010dnijima i privla\u010dnijima te utje\u010du na na\u010din na koji politi\u010dari persuazivno djeluju na svoju publiku.<br \/>\n<\/em><\/p>\n<p class=\"MsoBodyText\" style=\"margin-top: 0cm; margin-right: 48.6pt; margin-bottom: .0001pt; margin-left: 54.0pt; line-height: 170%;\">&nbsp;<\/p>\n<p style=\"margin: 0cm 48.6pt 0.0001pt 54pt; line-height: 170%;\"><strong><em>Klju\u010dne rije\u010di:<\/em><\/strong> <em>internetski diskurs, analiza diskursa, dru\u0161tveni mediji, dru\u0161tvene mre\u017ee, internetska komunikacija, politi\u010dki diskurs..<\/em><\/p>\n<p class=\"MsoBodyText\" style=\"margin-top: 0cm; margin-right: 48.6pt; margin-bottom: .0001pt; margin-left: 54.0pt; line-height: 170%;\">&nbsp;<\/p>\n<p class=\"MsoNormal\" style=\"line-height: 150%;\">&nbsp;<\/p>\n<p class=\"MsoNormal\" style=\"line-height: 170%;\"><strong>Uvod<\/strong><\/p>\n<p class=\"MsoNormal\" style=\"line-height: 170%;\">S pojavom  Interneta, mobitela i dru\u0161tvenih mre\u017ea, tj. razvojem digitalne komunikacije,  razvili su se i pomo\u0107ni znakovi koji dodaju sociolingvisti\u010dku i pragmati\u010dku  vrijednost komunikacijskom procesu. S obzirom na to da je internetska  komunikacija uglavnom li\u0161ena komunikacije licem u lice, dru\u0161tvene su mre\u017ee  oboga\u0107ene alatima koji zamu\u0107uju granicu izme\u0111u pisanog i govorenog diskursa  omogu\u0107uju\u0107i korisnicima da svoju pisanu poruku upotpune neverbalnim  komunikacijskom \u010dinovima. Odabir tih neverbalnih alata ovisi o razli\u010ditim \u010dimbenicima  poput govornikovih i sugovornikovih aktivnosti i interesa, dru\u0161tvene uloge,  spola, dobi, stavova itd. Govornik u digitalnom okru\u017eenju svjesno ili nesvjesno  bira odre\u0111eni alat, \u010dime o sebi otkriva i vi\u0161e nego \u0161to je \u010desto svjestan.  Komunikacija na dru\u0161tvenim mre\u017eama uz tekstnu objavu uklju\u010duje i upotrebu  emotikona, <em>emojija<\/em>, <em>hashtagova<\/em> i poveznica, podjelu drugih  objava, ozna\u010davanje osoba i institucija te objavljivanje fotografija i  videozapisa. Ti elementi komunikacijskog procesa imaju ilokucijsku i  perlokucijsku snagu i predstavljaju ilokucijske i perlokucijske \u010dinove.<\/p>\n<p class=\"MsoNormal\" style=\"line-height: 170%;\">Budu\u0107i da odabir  alata pri objavi na dru\u0161tvenim mre\u017eama ovisi i o korisniku i o  publici\/pratiteljima, bitne su razlike izme\u0111u privatnih profila privatnih  osoba, javnih profila osoba koji od dru\u0161tvenih mre\u017ea \u017eive, tj. svojim objavama  zara\u0111uju, i javnih profila osoba koje obna\u0161aju odre\u0111enu javnu funkciju. U  dana\u0161nje se vrijeme od javnih du\u017enosnika, prvenstveno politi\u010dara, o\u010dekuje da  prate komunikacijske trendove i da budu prisutni na dru\u0161tvenim mre\u017eama kako bi  se pribli\u017eili ve\u0107em broju ljudi. U vremenu kad ljudi sve manje gledaju  televiziju i sve se vi\u0161e informiraju na dru\u0161tvenim mre\u017eama, politi\u010dari koji  smatraju relevantnim doprijeti do \u0161ire javnosti prisutni su na mre\u017eama. Me\u0111utim,  i odabir mre\u017ee na kojoj se korisnik pojavljuje \u0161alje poruku o njemu. Naime,  vode\u0107e politi\u010dke stranke u Hrvatskoj prisutne su na Facebooku, Instagramu i  Twitteru, a nema ih na TikToku, koji je rezerviran za zabavne i &bdquo;neozbiljne&rdquo;  sadr\u017eaje. S druge strane, Facebook je dru\u0161tvena mre\u017ea kojom se slu\u017ee uglavnom  odrasli korisnici i koja dopu\u0161ta najdulje objave za razliku od Instagrama i  Twittera na kojima je dopu\u0161tena duljina poruke znatno manja. Osim toga,  Instagram je namijenjen mla\u0111oj publici kojoj se informacija prvenstveno prenosi  vizualno, putem slike ili videozapisa. Upravo je to i razlog za\u0161to su autori  smatrali objave na Facebooku najprimjerenijima za analizu.<a name=\"_ftnref21\"><\/a><a href=\"#_ftn21\"><sup>[<span style=\"font-family: 'times new roman', times;\"><strong>21<\/strong><\/span>]<\/sup><\/a><\/p>\n<p class=\"MsoNormal\" style=\"line-height: 170%;\">Dok se  komunikacija na komunikacijskim platformama mo\u017ee dovesti do razine tajnoga k\u020fda zahvaljuju\u0107i piktogramima i skra\u0107ivanju rije\u010di,  u politi\u010dkom diskursu nejasno\u0107a, nedore\u010denost, nekonvencionalne implikature,  bilo \u0161to \u0161to evocira nekonvencionalno zna\u010denje, nije dobrodo\u0161lo. Poruka upu\u0107ena  ciljanoj publici trebala bi biti jasna i izravna.<\/p>\n<p class=\"MsoNormal\" style=\"line-height: 170%;\">U ovom \u0107emo radu  istra\u017eiti strukturu objava na Facebooku hrvatskih politi\u010dara i ulogu  neverbalnih obilje\u017eja u njihovim objavama.<\/p>\n<p class=\"MsoNormal\" style=\"line-height: 170%;\"><strong>&nbsp;<\/strong><\/p>\n<p class=\"MsoNormal\" style=\"line-height: 170%;\"><strong>Politi\u010dari i  dru\u0161tvene mre\u017ee<\/strong><\/p>\n<p class=\"MsoNormal\" style=\"line-height: 170%;\">Politika, kao  umije\u0107e upravljanja politi\u010dkom zajednicom, odnosno organizirano dru\u0161tveno  djelovanje sa ciljem ostvarenja dru\u0161tvenih interesa, neizostavan je dio \u017eivota  svih gra\u0111ana suvremenoga dru\u0161tva. Va\u017enost politi\u010dkog govora kao dijela politi\u010dke  djelatnosti prepoznao je ve\u0107 Aristotel (4. st. pr. Kr., prijevod 1989)  definiraju\u0107i politi\u010dko govorni\u0161tvo, njegove karakteristike, teme i zada\u0107e. U  suvremenom smo dobu okru\u017eeni politi\u010dkim diskursom, ne samo u tradicionalnim  retori\u010dkim oblicima kao \u0161to su govori i debate, ve\u0107 i u razli\u010ditim novinskim,  radijskim i televizijskim formama, pamfletima i bro\u0161urama, dru\u0161tvenim mre\u017eama  te internetskim blogovima i forumima. Va\u017enost mo\u0107i uvjeravanja u politi\u010dkom  diskursu poznata je od anti\u010dkih vremena, a prepoznata je i u analizi diskursa  kao glavnoj metodologiji kojom se pristupa politi\u010dkom diskursu. Kriti\u010dka  analiza diskursa upotrebljava se ne bi li se ustanovilo kako dominantna politi\u010dka  elita koristi, kontrolira i manipulira diskursom (Wilson, 2015, Wodak (1989) i  navodi kako su mehanizmi manipulacije i uvjeravanja neizostavni dio prou\u010davanja  politi\u010dkoga diskursa s obzirom na utjecaj suvremenih medija. Sa\u017eimaju\u0107i  karakteristike politi\u010dkoga diskursa Chilton (2004) navodi da je rije\u010d o  metafori\u010dkom diskursu punom binarnosti. Me\u0111utim, s obzirom na to da politi\u010dari  vi\u0161e ne komuniciraju s publikom u neposrednom kontaktu, politi\u010dki se diskurs  mijenja. Slika o politi\u010darima ne gradi se izravno, ve\u0107 preko medija, reklamnim  porukama, fotografijama, pristupom novinara ili medijske ku\u0107e. <\/p>\n<p class=\"MsoNormal\" style=\"line-height: 170%;\">Imaju\u0107i na umu  da nijedan ozbiljan pristup politi\u010dkom diskursu ne mo\u017ee isklju\u010diti utjecaj  medija, va\u017eno je definirati neke temeljne pojmove. Bili\u0107 (2020) medije definira  kao razli\u010dite tehnologije koje omogu\u0107avaj ljudsku interakciju i koje sudjeluju  u oblikovanju modernih dru\u0161tava. Dijeli ih na tradicionalne (tiskovine, radio i  televizija) te suvremene medije (internet i dru\u0161tvene mre\u017ee). Suvremeni mediji  omogu\u0107avaju javnosti, ali i politi\u010darima, da generiraju vlastiti sadr\u017eaj,  stvaraju vijesti i ostvaruju interakciju s publikom. Dru\u0161tvene medije mo\u017ee se  promatrati kao alate demokracije. Dru\u0161tvene su mre\u017ee postale glavni nositelji  vijesti, ponekad \u010dak i prije tradicionalnih medijskih ku\u0107a. Da bi politi\u010dari  ostvarili svoje ciljeve, prisiljeni su djelovati u slo\u017eenome hibridnom  medijskom sustavu (Chadwick, 2013) u kojemu se tzv. stari i novi mediji  preklapaju i djeluju jedni na druge.<\/p>\n<p class=\"MsoNormal\" style=\"line-height: 170%;\">Dru\u0161tvene su  mre\u017ee omogu\u0107ile politi\u010darima da budu izravni po\u0161iljatelji svojih poruka i da  sami odabranim ulogama poku\u0161aju ostvariti \u017eeljeni status u zajednici. Pri tome  se slu\u017ee razli\u010ditim mehanizmima kako bi ciljana publika povjerovala njihovim  porukama i tako potvrdila njihov status. Osim \u0161to dru\u0161tvene mre\u017ee omogu\u0107uju  br\u017ei pristup publici, ve\u0107u vidljivost i izravnu interakciju s glasa\u010dima putem  komentara, onemogu\u0107uju i reinterpretaciju politi\u010dkih poruka u medijima. Odabir  kanala ( tj. dru\u0161tvene mre\u017ee) kojim \u0107e djelovati tako\u0111er je svojevrsna poruka.  Upravo je zato ve\u0107ina hrvatskih politi\u010dara i politi\u010dkih stranaka aktivna na  Facebooku. Facebook se nametnuo kao agora na kojoj hrvatski politi\u010dari mogu do\u0107i  do ve\u0107eg broja glasa\u010da \u2013 odraslih ljudi. Na svjetskoj razini Facebook je  dru\u0161tvena mre\u017ea popularnija me\u0111u starijom populacijom, dok je, primjerice,  Instagram, zbog nagla\u0161ene vizualnosti, popularniji me\u0111u mla\u0111om populacijom.  Osim pristupu ciljanoj publici, u ovom slu\u010daju glasa\u010dima, Facebook, u usporedbi  s drugim dru\u0161tvenim mre\u017eama, politi\u010darima nudi \u0161iri raspon formata sadr\u017eaja:  osim fotografija i videozapisa, korisnici Facebooka u svojim objavama mogu  postavljati poveznice, du\u017ee videozapise, \u010dlanke i sli\u010dno i \u0161to je najva\u017enije \u2013  poveznice su na Facebooku interaktivne, \u0161to zna\u010di da ih se mo\u017ee kliknuti i  pristupiti novom sadr\u017eaju. Takvi formati djeluju &bdquo;ozbiljnije&ldquo; i  &bdquo;profesionalnije&ldquo;, \u0161to je u skladu sa statusom koji politi\u010dari na dru\u0161tvenim  mre\u017eama \u017eele ostvariti. S obzirom na to da je jezik politi\u010dara na dru\u0161tvenim  mre\u017eama javni, a jezik javne komunikacije, posebno politi\u010dke kojom se oblikuje  javno mnijenje, mora biti razumljiv, jasan i prihvatljiv zajednici (\u0160kiljan,  2000), politi\u010dari se na Facebooku moraju prilagoditi ciljanoj publici i na  planu sadr\u017eaja i na planu izraza. Odabir formata poruke i elemenata poruke  poput <em>hashtagova<\/em>, <em>emojija<\/em> ili ozna\u010davanja osoba, lokacija i  institucija tako\u0111er oblikuju ne samo poruku, nego i ulogu koju politi\u010dari  igraju u javnom prostoru. <em>Hashtag<\/em> (#) ili klju\u010dna rije\u010d metapodatkovna  je oznaka kojom se ozna\u010davaju rije\u010di ili izrazi kako bi se kategorizirali,  uspore\u0111ivali i usustavljivali sadr\u017eaji. Ozna\u010davanje (tagiranje) osoba, lokacija  i institucija slu\u017ei uklju\u010divanju ozna\u010denih stranica u objavljeni sadr\u017eaj. I <em>hashtag<\/em> i ozna\u010davanje dio su poruke kojom politi\u010dari igraju ciljanu ulogu. Na taj se na\u010din  povezuju s osobama, lokacijama i institucijama i implicitno stvaraju sliku o  sebi jer ozna\u010dene stranice upu\u0107uju na aktivnosti politi\u010dara i na njihove  afilijacije. <em>Emojiji<\/em>, s druge strane, dodaju afektivnu funkciju porukama  i u pratitelja izazivaju emociju i reakciju. Osim u samoj aktivnosti na  Facebooku, upravo u upotrebi ovih elemenata dolazi do razlika izme\u0111u politi\u010dara,  \u0161to upu\u0107uje na to da i politi\u010dari unutar iste politi\u010dke opcije u zajednici na  Facebooku zapravo mogu imati razli\u010ditu ciljanu publiku, igrati razli\u010dite uloge  i ostvarivati razli\u010dite statuse<\/p>\n<p class=\"MsoNormal\" style=\"line-height: 170%;\">Brojna su  istra\u017eivanja aktivnosti politi\u010dara (npr. Chadwick, 2013) na dru\u0161tvenim mre\u017eama  tijekom izbornih kampanja ili aktivnosti koje su dovele do ekstremnih doga\u0111aja  poput juri\u0161a na ameri\u010dki Kapitol nakon ameri\u010dkih izbora 2020. (npr. Ouyang i  Waterman, 2020), kao i anga\u017emana bira\u010dkog tijela (npr. Chadwick, 2013; Kushin i  Kitchener, 2009), ali slabo su u radovima zastupljene i predstavljene  svakodnevne objave politi\u010dara i njihova rutina na dru\u0161tvenim mre\u017eama (npr.  Larsson i Kalsnes, 2014, o svakodnevnoj aktivnosti \u0161vedskih i norve\u0161kih politi\u010dara  na dru\u0161tvenim mre\u017eama). Jasno je kakva se aktivnost i poruke mogu o\u010dekivati  tijekom politi\u010dke kampanje, no iznimno je zanimljivo i \u0161to svakodnevna  aktivnost politi\u010dara na dru\u0161tvenim mre\u017eama otkriva o profilu politi\u010dara i  njegovoj ciljanoj publici. <\/p>\n<p class=\"MsoNormal\" style=\"line-height: 170%;\"><strong>&nbsp;<\/strong><\/p>\n<p class=\"MsoNormal\" style=\"line-height: 170%;\"><strong>Ciljevi  istra\u017eivanja<\/strong><\/p>\n<p class=\"MsoNormal\" style=\"line-height: 170%;\">Svrha je ovoga  rada bila istra\u017eiti diskurs \u010dlanova Vlade, odnosno njihovu upotrebu elemenata  karakteristi\u010dnih za objave na Facebooku poput <em>emojija<\/em>, <em>hashtagova<\/em>,  fotografija, videozapisa te ozna\u010davanja institucija, osoba i lokacija. S  obzirom na navedeno mo\u017ee se definirati nekoliko ciljeva: <\/p>\n<div style=\"margin-left: 35pt;\">\n<table border=\"0\">\n<tbody>\n<tr>\n<td width=\"10\" valign=\"top\">\n<span style=\"line-height: 170%;\"><br \/>\n\u2013<\/span>\n<\/td>\n<td>\n<span style=\"line-height: 170%;\"><br \/>\nutvrditi najzastupljeniji format objave me\u0111u \u010dlanovima Vlade na Facebooku, kod svih \u010dlanova i kod svakog pojedina\u010dno<br \/>\n<\/span>\n<\/td>\n<\/tr>\n<tr>\n<tr>\n<td valign=\"top\">\n<div style=\"height: 6px; overflow:hidden;\">\n<\/div>\n<\/td>\n<td>\n<div style=\"height: 6px; overflow:hidden;\">\n<\/div>\n<\/td>\n<\/tr>\n<tr>\n<td width=\"10\" valign=\"top\">\n<span style=\"line-height: 170%;;\"><br \/>\n\u2013<\/span>\n<\/td>\n<td>\n<span style=\"line-height: 170%;\"><br \/>\nutvrditi  naj\u010de\u0161\u0107e kori\u0161tene <em>emojije<\/em>, <em>hashtagove<\/em> te naj\u010de\u0161\u0107e ozna\u010dene  institucije, osobe i lokacije u objavama \u010dlanova Vlade na Facebooku<br \/>\n<\/span>\n<\/td>\n<\/tr>\n<tr>\n<tr>\n<td valign=\"top\">\n<div style=\"height: 6px; overflow:hidden;\">\n<\/div>\n<\/td>\n<td>\n<div style=\"height: 6px; overflow:hidden;\">\n<\/div>\n<\/td>\n<\/tr>\n<tr>\n<td width=\"10\" valign=\"top\">\n<span style=\"line-height: 170%;;\"><br \/>\n\u2013<\/span>\n<\/td>\n<td>\n<span style=\"line-height: 170%;\"><br \/>\nzato \u0161to \u0107e se problem ograni\u010davanja raspolo\u017eivih resursa sve vi\u0161e zao\u0161travati, \u0161to \u0107e izazvati porast cijena, te \u0107e kreativna poruka morati buditi ja\u010du \u017eelju i potrebu.<br \/>\n<\/span>\n<\/td>\n<\/tr>\n<tr>\n<tr>\n<td valign=\"top\">\n<div style=\"height: 6px; overflow:hidden;\">\n<\/div>\n<\/td>\n<td>\n<div style=\"height: 6px; overflow:hidden;\">\n<\/div>\n<\/td>\n<\/tr>\n<tr>\n<td width=\"10\" valign=\"top\">\n<span style=\"line-height: 170%;;\"><br \/>\n\u2013<\/span>\n<\/td>\n<td>\n<span style=\"line-height: 170%;\"><br \/>\nutvrditi kakvu sliku o sebi i svom resoru \u010dlanovi Vlade stvaraju odabirom razli\u010ditih elemenata objava na Facebooku.<br \/>\n<\/span>\n<\/td>\n<\/tr>\n<tr>\n<\/tbody>\n<\/table>\n<\/div>\n<p class=\"MsoNormal\" style=\"line-height: 170%;\"><strong>&nbsp;<\/strong><\/p>\n<p class=\"MsoNormal\" style=\"line-height: 170%;\"><strong>Korpus i  metodologija<\/strong><\/p>\n<p class=\"MsoNormal\" style=\"line-height: 170%;\">U svrhu  istra\u017eivanja prikupljeno je 148 objava sa slu\u017ebenih profila \u010dlanova Vlade na  Facebooku. Sve su prikupljene objave iz travnja 2023. godine. Preuzete su sa  slu\u017ebenih Facebook profila Andreja Plenkovi\u0107a, premijera Republike Hrvatske;  Davora Bo\u017einovi\u0107a, potpredsjednika Vlade i ministra unutarnjih poslova; Olega  Butkovi\u0107a, potpredsjednika Vade i ministra mora, prometa i infrastrukture;  Branka Ba\u010di\u0107a, potpredsjednika Vlade i ministra prostornog ure\u0111enja,  graditeljstva i dr\u017eavne imovine; Anje \u0160imprage, potpredsjednice Vlade; Gorana  Grli\u0107a Radmana, ministra vanjskih i europskih fondova; \u0160ime Erli\u0107a, ministra  regionalnog razvoja i fondova Europske unije; Nikoline Brnjac, ministrice  turizma i sporta; Davora Filipovi\u0107a, ministra gospodarstva i odr\u017eivog razvoja;  Marije Vu\u010dkovi\u0107, ministrice poljoprivrede; Marina Pileti\u0107a, ministra rada,  mirovinskog sustava, obitelji i socijalne skrbi; Marija Bano\u017ei\u0107a, ministra  obrane; Ivana Malenice, ministra pravosu\u0111a i uprave i Nine Obuljen Kor\u017einek,  ministrice kulture i medija. Zanimljivo je napomenuti kako potpredsjednik Vlade  i ministar hrvatskih branitelja Tomo Medved, ministar financija Marko Primorac  i ministar obrazovanja Radovan Fuchs nemaju slu\u017ebene profile na Facebooku. Iako  ministar zdravstva Vili Bero\u0161 ima slu\u017ebeni Facebook profil, zadnja mu je objava  iz rujna 2021. pa je, stoga, njegov diskurs na ovoj dru\u0161tvenoj mre\u017ei isklju\u010den  iz analize. <\/p>\n<p class=\"MsoNormal\" style=\"line-height: 170%;\">Prethodno  opisani korpus analiziran je kvantitativno i kvalitativno. Deskriptivnom  statistikom opisan je broj objava po \u010dlanu Vlade te format svih objava (tekst,  fotografija, video, poveznica itd.) \u2013 op\u0107enito i u odnosu na pojedinog \u010dlana Vlade.  Nadalje, deskriptivna statistika kori\u0161tena je i kako bi se ustanovio broj  upotrijebljenih <em>hashtagova<\/em>, <em>emojija<\/em>, ozna\u010denih osoba, ozna\u010denih  institucija te prijavljenih lokacija. Ovi su parametri analizirani op\u0107enito za  sve \u010dlanove Vlade i u odnosu na pojedinog \u010dlana Vlade. Tako\u0111er je ustanovljeno  koji su <em>hashtagovi<\/em> i <em>emojiji<\/em> naj\u010de\u0161\u0107e upotrijebljeni te koje su  osobe, institucije i lokacije \u010dlanovi Vlade naj\u010de\u0161\u0107e ozna\u010davali. U  kvalitativnom dijelu istra\u017eivanja analiziraju se i interpretiraju podatci  dobiveni deskriptivnom analizom diskursa.<\/p>\n<p class=\"MsoNormal\" style=\"line-height: 170%;\"><strong>&nbsp;<\/strong><\/p>\n<p class=\"MsoNormal\" style=\"line-height: 170%;\"><strong>Rezultati<\/strong><\/p>\n<p class=\"MsoNormal\" style=\"line-height: 170%;\">Ukupno je  analizirano 148 objava na Facebooku. Grafom 1 prikazan je broj objava u odnosu  na svakog \u010dlana Vlade. Zanimljivo je primijetiti kako najve\u0107i broj objava imaju  tri ministrice: ministrica sporta i turizma Nikolina Brnjac (18), ministrica  poljoprivrede Marija Vu\u010dkovi\u0107 (18) te ministrica kulture i medija Nina Obuljen  Kor\u017einek (16) \u0161to mo\u017ee upu\u0107ivati na ve\u0107u aktivnost \u017eena na dru\u0161tvenim mre\u017eama.  Ipak, ovakve primjedbe potrebno je uzeti s rezervom s obzirom na to da, iako  ministrice zasigurno utje\u010du na aktivnosti svojih kabineta odnosno timova, svoje  dru\u0161tvene mre\u017ee ne vode one osobno ve\u0107 \u010dlanovi njihovoga tima. Tako\u0111er,  spomenute ministrice zadu\u017eene su za tzv. meke resore (turizam, sport, mediji,  kultura), stoga, ne \u010dudi suvremeniji pristup komunikaciji s javno\u0161\u0107u i  intenzivnija internetska komunikacija. <\/p>\n<p class=\"MsoNormal\" style=\"line-height: 80%;\">&nbsp;<\/p>\n<p class=\"MsoNormal\" style=\"line-height: 170%;\">Graf 1. Broj  objava po \u010dlanu Vlade<\/p>\n<div align=\"left\">\n<p><img loading=\"lazy\" decoding=\"async\" src=\"\/inmediasres\/images\/casopisi\/brabka01.png\" alt=\"\" width=\"700\" height=\"409\" \/><\/p>\n<\/div>\n<p class=\"MsoNormal\" style=\"line-height: 80%;\"><strong>&nbsp;<\/strong><\/p>\n<p class=\"MsoNormal\" style=\"line-height: 170%;\">Format objave  prvi je analizirani parametar. Rezultati istra\u017eivanja pokazali su kako \u010dlanovi  Vlade Republike Hrvatske na Facebooku najradije komuniciraju kombinacijom  fotografije i teksta s obzirom na to da je u tom formatu objavljeno ukupno 120  od 148 objava (Tablica 1). Kombinacija teksta i videozapisa kori\u0161tena je u  ukupno 11 objava, dok je po 7 objava sadr\u017eavalo tekst i podjelu objave s nekog  drugog profila ili kombinaciju teksta, fotografije i poveznice. Od ostalih  formata kori\u0161tene su jo\u0161 fotografije, fotografije s umetnutim tekstom te objave  koje sadr\u017ee tekst i poveznicu. <\/p>\n<p class=\"MsoNormal\" style=\"line-height: 80%;\">&nbsp;<\/p>\n<p class=\"MsoNormal\" style=\"line-height: 170%;\">Tablica 1.  Format objave po \u010dlanu Vlade<\/p>\n<table border=\"1\" cellspacing=\"0\" cellpadding=\"6\">\n<tr>\n<td width=\"106\" valign=\"top\">\n<p class=\"MsoNormal\" style=\"line-height: 170%;\"><span dir=\"rtl\">\u010c<\/span>LAN    VLADE<\/p>\n<\/td>\n<td width=\"78\" valign=\"top\">\n<p class=\"MsoNormal\" style=\"line-height: 170%;\"><strong>TEKST I    FOTO-<br \/>\nGRAFIJA<\/strong><\/p>\n<\/td>\n<td width=\"78\" valign=\"top\">\n<p class=\"MsoNormal\" style=\"line-height: 170%;\"><strong>SAMO    FOTO-<br \/>\nGRAFIJA<\/strong><\/p>\n<\/td>\n<td width=\"98\" valign=\"top\">\n<p class=\"MsoNormal\" style=\"line-height: 170%;\"><strong>TEKST I    PODIJELA DRUGE OBJAVE<\/strong><\/p>\n<\/td>\n<td width=\"107\" valign=\"top\">\n<p class=\"MsoNormal\" style=\"line-height: 170%;\"><strong>TEKST U    FOTOGRAFIJI<\/strong><\/p>\n<\/td>\n<td width=\"91\" valign=\"top\">\n<p class=\"MsoNormal\" style=\"line-height: 170%;\"><strong>TEKST I    POVEZNICA<\/strong><\/p>\n<\/td>\n<td width=\"91\" valign=\"top\">\n<p class=\"MsoNormal\" style=\"line-height: 170%;\"><strong>TEKST,    FOTO-<br \/>\nGRAFIJA I POVEZNICA<\/strong><\/p>\n<\/td>\n<td width=\"59\" valign=\"top\">\n<p class=\"MsoNormal\" style=\"line-height: 170%;\"><strong>TEKST I    VIDEO<\/strong><\/p>\n<\/td>\n<\/tr>\n<tr>\n<td width=\"106\" valign=\"top\">\n<p class=\"MsoNormal\" style=\"line-height: 170%;\"><strong>BA\u010cI\u0106 (2)<\/strong><\/p>\n<\/td>\n<td width=\"78\" valign=\"top\">\n<p class=\"MsoNormal\" style=\"line-height: 170%;\">1<\/p>\n<\/td>\n<td width=\"78\" valign=\"top\">\n<p class=\"MsoNormal\" style=\"line-height: 170%;\">&#8211;<\/p>\n<\/td>\n<td width=\"98\" valign=\"top\">\n<p class=\"MsoNormal\" style=\"line-height: 170%;\">1<\/p>\n<\/td>\n<td width=\"107\" valign=\"top\">\n<p class=\"MsoNormal\" style=\"line-height: 170%;\">&#8211;<\/p>\n<\/td>\n<td width=\"91\" valign=\"top\">\n<p class=\"MsoNormal\" style=\"line-height: 170%;\">&#8211;<\/p>\n<\/td>\n<td width=\"91\" valign=\"top\">\n<p class=\"MsoNormal\" style=\"line-height: 170%;\">&#8211;<\/p>\n<\/td>\n<td width=\"59\" valign=\"top\">\n<p class=\"MsoNormal\" style=\"line-height: 170%;\">&#8211;<\/p>\n<\/td>\n<\/tr>\n<tr>\n<td width=\"106\" valign=\"top\">\n<p class=\"MsoNormal\" style=\"line-height: 170%;\"><strong>BANO\u017dI\u0106 (13)<\/strong><\/p>\n<\/td>\n<td width=\"78\" valign=\"top\">\n<p class=\"MsoNormal\" style=\"line-height: 170%;\">13<\/p>\n<\/td>\n<td width=\"78\" valign=\"top\">\n<p class=\"MsoNormal\" style=\"line-height: 170%;\">&#8211;<\/p>\n<\/td>\n<td width=\"98\" valign=\"top\">\n<p class=\"MsoNormal\" style=\"line-height: 170%;\">&#8211;<\/p>\n<\/td>\n<td width=\"107\" valign=\"top\">\n<p class=\"MsoNormal\" style=\"line-height: 170%;\">&#8211;<\/p>\n<\/td>\n<td width=\"91\" valign=\"top\">\n<p class=\"MsoNormal\" style=\"line-height: 170%;\">&#8211;<\/p>\n<\/td>\n<td width=\"91\" valign=\"top\">\n<p class=\"MsoNormal\" style=\"line-height: 170%;\">&#8211;<\/p>\n<\/td>\n<td width=\"59\" valign=\"top\">\n<p class=\"MsoNormal\" style=\"line-height: 170%;\">&#8211;<\/p>\n<\/td>\n<\/tr>\n<tr>\n<td width=\"106\" valign=\"top\">\n<p class=\"MsoNormal\" style=\"line-height: 170%;\"><strong>BO\u017dINOVI\u0106 (10)<\/strong><\/p>\n<\/td>\n<td width=\"78\" valign=\"top\">\n<p class=\"MsoNormal\" style=\"line-height: 170%;\">9<\/p>\n<\/td>\n<td width=\"78\" valign=\"top\">\n<p class=\"MsoNormal\" style=\"line-height: 170%;\">&#8211;<\/p>\n<\/td>\n<td width=\"98\" valign=\"top\">\n<p class=\"MsoNormal\" style=\"line-height: 170%;\">&#8211;<\/p>\n<\/td>\n<td width=\"107\" valign=\"top\">\n<p class=\"MsoNormal\" style=\"line-height: 170%;\">1<\/p>\n<\/td>\n<td width=\"91\" valign=\"top\">\n<p class=\"MsoNormal\" style=\"line-height: 170%;\">&#8211;<\/p>\n<\/td>\n<td width=\"91\" valign=\"top\">\n<p class=\"MsoNormal\" style=\"line-height: 170%;\">&#8211;<\/p>\n<\/td>\n<td width=\"59\" valign=\"top\">\n<p class=\"MsoNormal\" style=\"line-height: 170%;\">&#8211;<\/p>\n<\/td>\n<\/tr>\n<tr>\n<td width=\"106\" valign=\"top\">\n<p class=\"MsoNormal\" style=\"line-height: 170%;\"><strong>BRNJAC (18)<\/strong><\/p>\n<\/td>\n<td width=\"78\" valign=\"top\">\n<p class=\"MsoNormal\" style=\"line-height: 170%;\">15<\/p>\n<\/td>\n<td width=\"78\" valign=\"top\">\n<p class=\"MsoNormal\" style=\"line-height: 170%;\">&#8211;<\/p>\n<\/td>\n<td width=\"98\" valign=\"top\">\n<p class=\"MsoNormal\" style=\"line-height: 170%;\">&#8211;<\/p>\n<\/td>\n<td width=\"107\" valign=\"top\">\n<p class=\"MsoNormal\" style=\"line-height: 170%;\">&#8211;<\/p>\n<\/td>\n<td width=\"91\" valign=\"top\">\n<p class=\"MsoNormal\" style=\"line-height: 170%;\">&#8211;<\/p>\n<\/td>\n<td width=\"91\" valign=\"top\">\n<p class=\"MsoNormal\" style=\"line-height: 170%;\">3<\/p>\n<\/td>\n<td width=\"59\" valign=\"top\">\n<p class=\"MsoNormal\" style=\"line-height: 170%;\">&#8211;<\/p>\n<\/td>\n<\/tr>\n<tr>\n<td width=\"106\" valign=\"top\">\n<p class=\"MsoNormal\" style=\"line-height: 170%;\"><strong>BUTKOVI\u0106 (4)<\/strong><\/p>\n<\/td>\n<td width=\"78\" valign=\"top\">\n<p class=\"MsoNormal\" style=\"line-height: 170%;\">3<\/p>\n<\/td>\n<td width=\"78\" valign=\"top\">\n<p class=\"MsoNormal\" style=\"line-height: 170%;\">&#8211;<\/p>\n<\/td>\n<td width=\"98\" valign=\"top\">\n<p class=\"MsoNormal\" style=\"line-height: 170%;\">&#8211;<\/p>\n<\/td>\n<td width=\"107\" valign=\"top\">\n<p class=\"MsoNormal\" style=\"line-height: 170%;\">&#8211;<\/p>\n<\/td>\n<td width=\"91\" valign=\"top\">\n<p class=\"MsoNormal\" style=\"line-height: 170%;\">&#8211;<\/p>\n<\/td>\n<td width=\"91\" valign=\"top\">\n<p class=\"MsoNormal\" style=\"line-height: 170%;\">&#8211;<\/p>\n<\/td>\n<td width=\"59\" valign=\"top\">\n<p class=\"MsoNormal\" style=\"line-height: 170%;\">1<\/p>\n<\/td>\n<\/tr>\n<tr>\n<td width=\"106\" valign=\"top\">\n<p class=\"MsoNormal\" style=\"line-height: 170%;\"><strong>ERLI\u0106 (15)<\/strong><\/p>\n<\/td>\n<td width=\"78\" valign=\"top\">\n<p class=\"MsoNormal\" style=\"line-height: 170%;\">8<\/p>\n<\/td>\n<td width=\"78\" valign=\"top\">\n<p class=\"MsoNormal\" style=\"line-height: 170%;\">&#8211;<\/p>\n<\/td>\n<td width=\"98\" valign=\"top\">\n<p class=\"MsoNormal\" style=\"line-height: 170%;\">1<\/p>\n<\/td>\n<td width=\"107\" valign=\"top\">\n<p class=\"MsoNormal\" style=\"line-height: 170%;\">&#8211;<\/p>\n<\/td>\n<td width=\"91\" valign=\"top\">\n<p class=\"MsoNormal\" style=\"line-height: 170%;\">1<\/p>\n<\/td>\n<td width=\"91\" valign=\"top\">\n<p class=\"MsoNormal\" style=\"line-height: 170%;\">&#8211;<\/p>\n<\/td>\n<td width=\"59\" valign=\"top\">\n<p class=\"MsoNormal\" style=\"line-height: 170%;\">5<\/p>\n<\/td>\n<\/tr>\n<tr>\n<td width=\"106\" valign=\"top\">\n<p class=\"MsoNormal\" style=\"line-height: 170%;\"><strong>FILIPOVI\u0106 (10)<\/strong><\/p>\n<\/td>\n<td width=\"78\" valign=\"top\">\n<p class=\"MsoNormal\" style=\"line-height: 170%;\">9<\/p>\n<\/td>\n<td width=\"78\" valign=\"top\">\n<p class=\"MsoNormal\" style=\"line-height: 170%;\">&#8211;<\/p>\n<\/td>\n<td width=\"98\" valign=\"top\">\n<p class=\"MsoNormal\" style=\"line-height: 170%;\">&#8211;<\/p>\n<\/td>\n<td width=\"107\" valign=\"top\">\n<p class=\"MsoNormal\" style=\"line-height: 170%;\">&#8211;<\/p>\n<\/td>\n<td width=\"91\" valign=\"top\">\n<p class=\"MsoNormal\" style=\"line-height: 170%;\">&#8211;<\/p>\n<\/td>\n<td width=\"91\" valign=\"top\">\n<p class=\"MsoNormal\" style=\"line-height: 170%;\">&#8211;<\/p>\n<\/td>\n<td width=\"59\" valign=\"top\">\n<p class=\"MsoNormal\" style=\"line-height: 170%;\">1<\/p>\n<\/td>\n<\/tr>\n<tr>\n<td width=\"106\" valign=\"top\">\n<p class=\"MsoNormal\" style=\"line-height: 170%;\"><strong>GRLI\u0106 RADMAN (13)<\/strong><\/p>\n<\/td>\n<td width=\"78\" valign=\"top\">\n<p class=\"MsoNormal\" style=\"line-height: 170%;\">13<\/p>\n<\/td>\n<td width=\"78\" valign=\"top\">\n<p class=\"MsoNormal\" style=\"line-height: 170%;\">&#8211;<\/p>\n<\/td>\n<td width=\"98\" valign=\"top\">\n<p class=\"MsoNormal\" style=\"line-height: 170%;\">&#8211;<\/p>\n<\/td>\n<td width=\"107\" valign=\"top\">\n<p class=\"MsoNormal\" style=\"line-height: 170%;\">&#8211;<\/p>\n<\/td>\n<td width=\"91\" valign=\"top\">\n<p class=\"MsoNormal\" style=\"line-height: 170%;\">&#8211;<\/p>\n<\/td>\n<td width=\"91\" valign=\"top\">\n<p class=\"MsoNormal\" style=\"line-height: 170%;\">&#8211;<\/p>\n<\/td>\n<td width=\"59\" valign=\"top\">\n<p class=\"MsoNormal\" style=\"line-height: 170%;\">&#8211;<\/p>\n<\/td>\n<\/tr>\n<tr>\n<td width=\"106\" valign=\"top\">\n<p class=\"MsoNormal\" style=\"line-height: 170%;\"><strong>MALENICA (6)<\/strong><\/p>\n<\/td>\n<td width=\"78\" valign=\"top\">\n<p class=\"MsoNormal\" style=\"line-height: 170%;\">4<\/p>\n<\/td>\n<td width=\"78\" valign=\"top\">\n<p class=\"MsoNormal\" style=\"line-height: 170%;\">&#8211;<\/p>\n<\/td>\n<td width=\"98\" valign=\"top\">\n<p class=\"MsoNormal\" style=\"line-height: 170%;\">&#8211;<\/p>\n<\/td>\n<td width=\"107\" valign=\"top\">\n<p class=\"MsoNormal\" style=\"line-height: 170%;\">&#8211;<\/p>\n<\/td>\n<td width=\"91\" valign=\"top\">\n<p class=\"MsoNormal\" style=\"line-height: 170%;\">&#8211;<\/p>\n<\/td>\n<td width=\"91\" valign=\"top\">\n<p class=\"MsoNormal\" style=\"line-height: 170%;\">&#8211;<\/p>\n<\/td>\n<td width=\"59\" valign=\"top\">\n<p class=\"MsoNormal\" style=\"line-height: 170%;\">2<\/p>\n<\/td>\n<\/tr>\n<tr>\n<td width=\"106\" valign=\"top\">\n<p class=\"MsoNormal\" style=\"line-height: 170%;\"><strong>OBULJEN (16)<\/strong><\/p>\n<\/td>\n<td width=\"78\" valign=\"top\">\n<p class=\"MsoNormal\" style=\"line-height: 170%;\">10<\/p>\n<\/td>\n<td width=\"78\" valign=\"top\">\n<p class=\"MsoNormal\" style=\"line-height: 170%;\">&#8211;<\/p>\n<\/td>\n<td width=\"98\" valign=\"top\">\n<p class=\"MsoNormal\" style=\"line-height: 170%;\">2<\/p>\n<\/td>\n<td width=\"107\" valign=\"top\">\n<p class=\"MsoNormal\" style=\"line-height: 170%;\">&#8211;<\/p>\n<\/td>\n<td width=\"91\" valign=\"top\">\n<p class=\"MsoNormal\" style=\"line-height: 170%;\">&#8211;<\/p>\n<\/td>\n<td width=\"91\" valign=\"top\">\n<p class=\"MsoNormal\" style=\"line-height: 170%;\">2<\/p>\n<\/td>\n<td width=\"59\" valign=\"top\">\n<p class=\"MsoNormal\" style=\"line-height: 170%;\">2<\/p>\n<\/td>\n<\/tr>\n<tr>\n<td width=\"106\" valign=\"top\">\n<p class=\"MsoNormal\" style=\"line-height: 170%;\"><strong>PILETI\u0106 (5)<\/strong><\/p>\n<\/td>\n<td width=\"78\" valign=\"top\">\n<p class=\"MsoNormal\" style=\"line-height: 170%;\">5<\/p>\n<\/td>\n<td width=\"78\" valign=\"top\">\n<p class=\"MsoNormal\" style=\"line-height: 170%;\">&#8211;<\/p>\n<\/td>\n<td width=\"98\" valign=\"top\">\n<p class=\"MsoNormal\" style=\"line-height: 170%;\">&#8211;<\/p>\n<\/td>\n<td width=\"107\" valign=\"top\">\n<p class=\"MsoNormal\" style=\"line-height: 170%;\">&#8211;<\/p>\n<\/td>\n<td width=\"91\" valign=\"top\">\n<p class=\"MsoNormal\" style=\"line-height: 170%;\">&#8211;<\/p>\n<\/td>\n<td width=\"91\" valign=\"top\">\n<p class=\"MsoNormal\" style=\"line-height: 170%;\">&#8211;<\/p>\n<\/td>\n<td width=\"59\" valign=\"top\">\n<p class=\"MsoNormal\" style=\"line-height: 170%;\">&#8211;<\/p>\n<\/td>\n<\/tr>\n<tr>\n<td width=\"106\" valign=\"top\">\n<p class=\"MsoNormal\" style=\"line-height: 170%;\"><strong>PLENKOVI\u0106 (10)<\/strong><\/p>\n<\/td>\n<td width=\"78\" valign=\"top\">\n<p class=\"MsoNormal\" style=\"line-height: 170%;\">7<\/p>\n<\/td>\n<td width=\"78\" valign=\"top\">\n<p class=\"MsoNormal\" style=\"line-height: 170%;\">&#8211;<\/p>\n<\/td>\n<td width=\"98\" valign=\"top\">\n<p class=\"MsoNormal\" style=\"line-height: 170%;\">1<\/p>\n<\/td>\n<td width=\"107\" valign=\"top\">\n<p class=\"MsoNormal\" style=\"line-height: 170%;\">&#8211;<\/p>\n<\/td>\n<td width=\"91\" valign=\"top\">\n<p class=\"MsoNormal\" style=\"line-height: 170%;\">&#8211;<\/p>\n<\/td>\n<td width=\"91\" valign=\"top\">\n<p class=\"MsoNormal\" style=\"line-height: 170%;\">2<\/p>\n<\/td>\n<td width=\"59\" valign=\"top\">\n<p class=\"MsoNormal\" style=\"line-height: 170%;\">&#8211;<\/p>\n<\/td>\n<\/tr>\n<tr>\n<td width=\"106\" valign=\"top\">\n<p class=\"MsoNormal\" style=\"line-height: 170%;\"><strong>\u0160IMPRAGA (8<span dir=\"rtl\">)<\/span><\/strong><\/p>\n<\/td>\n<td width=\"78\" valign=\"top\">\n<p class=\"MsoNormal\" style=\"line-height: 170%;\">7<\/p>\n<\/td>\n<td width=\"78\" valign=\"top\">\n<p class=\"MsoNormal\" style=\"line-height: 170%;\">1<\/p>\n<\/td>\n<td width=\"98\" valign=\"top\">\n<p class=\"MsoNormal\" style=\"line-height: 170%;\">&#8211;<\/p>\n<\/td>\n<td width=\"107\" valign=\"top\">\n<p class=\"MsoNormal\" style=\"line-height: 170%;\">&#8211;<\/p>\n<\/td>\n<td width=\"91\" valign=\"top\">\n<p class=\"MsoNormal\" style=\"line-height: 170%;\">&#8211;<\/p>\n<\/td>\n<td width=\"91\" valign=\"top\">\n<p class=\"MsoNormal\" style=\"line-height: 170%;\">&#8211;<\/p>\n<\/td>\n<td width=\"59\" valign=\"top\">\n<p class=\"MsoNormal\" style=\"line-height: 170%;\">&#8211;<\/p>\n<\/td>\n<\/tr>\n<tr>\n<td width=\"106\" valign=\"top\">\n<p class=\"MsoNormal\" style=\"line-height: 170%;\"><strong>VU\u010cKOVI\u0106 (18)<\/strong><\/p>\n<\/td>\n<td width=\"78\" valign=\"top\">\n<p class=\"MsoNormal\" style=\"line-height: 170%;\">16<\/p>\n<\/td>\n<td width=\"78\" valign=\"top\">\n<p class=\"MsoNormal\" style=\"line-height: 170%;\">&#8211;<\/p>\n<\/td>\n<td width=\"98\" valign=\"top\">\n<p class=\"MsoNormal\" style=\"line-height: 170%;\">2<\/p>\n<\/td>\n<td width=\"107\" valign=\"top\">\n<p class=\"MsoNormal\" style=\"line-height: 170%;\">&#8211;<\/p>\n<\/td>\n<td width=\"91\" valign=\"top\">\n<p class=\"MsoNormal\" style=\"line-height: 170%;\">&#8211;<\/p>\n<\/td>\n<td width=\"91\" valign=\"top\">\n<p class=\"MsoNormal\" style=\"line-height: 170%;\">&#8211;<\/p>\n<\/td>\n<td width=\"59\" valign=\"top\">\n<p class=\"MsoNormal\" style=\"line-height: 170%;\">&#8211;<\/p>\n<\/td>\n<\/tr>\n<tr>\n<td width=\"106\" valign=\"top\">\n<p class=\"MsoNormal\" style=\"line-height: 170%;\"><strong>Ukupno <\/strong><\/p>\n<\/td>\n<td width=\"78\" valign=\"top\">\n<p class=\"MsoNormal\" style=\"line-height: 170%;\">120<\/p>\n<\/td>\n<td width=\"78\" valign=\"top\">\n<p class=\"MsoNormal\" style=\"line-height: 170%;\">1<\/p>\n<\/td>\n<td width=\"98\" valign=\"top\">\n<p class=\"MsoNormal\" style=\"line-height: 170%;\">7<\/p>\n<\/td>\n<td width=\"107\" valign=\"top\">\n<p class=\"MsoNormal\" style=\"line-height: 170%;\">1<\/p>\n<\/td>\n<td width=\"91\" valign=\"top\">\n<p class=\"MsoNormal\" style=\"line-height: 170%;\">1<\/p>\n<\/td>\n<td width=\"91\" valign=\"top\">\n<p class=\"MsoNormal\" style=\"line-height: 170%;\">7<\/p>\n<\/td>\n<td width=\"59\" valign=\"top\">\n<p class=\"MsoNormal\" style=\"line-height: 170%;\">11<\/p>\n<\/td>\n<\/tr>\n<\/table>\n<p class=\"MsoNormal\" style=\"line-height: 80%;\">&nbsp;<\/p>\n<p class=\"MsoNormal\" style=\"line-height: 170%;\">Isti podaci  prikazani su i Grafom 2 iz kojeg je jasno da u objavama \u010dlanova Vlade na  Facebooku dominira forma teksta i fotografije. <\/p>\n<p class=\"MsoNormal\" style=\"line-height: 80%;\">&nbsp;<\/p>\n<p class=\"MsoNormal\" style=\"line-height: 170%;\">Graf 2. Format  objave po \u010dlanu Vlade<\/p>\n<div align=\"left\">\n<p><img loading=\"lazy\" decoding=\"async\" src=\"\/inmediasres\/images\/casopisi\/brabka02.png\" alt=\"\" width=\"700\" height=\"410\" \/><\/p>\n<\/div>\n<p class=\"MsoNormal\" style=\"line-height: 80%;\"><strong>&nbsp;<\/strong><\/p>\n<p class=\"MsoNormal\" style=\"line-height: 170%;\">U odnosu na  komunikacijske elemente dru\u0161tvenih mre\u017ea naj\u010de\u0161\u0107e su kori\u0161teni <em>emojiji<\/em> (237) i <em>hashtagovi<\/em> (148) (Tablica 2). \u010clanovi su Vlade relativno \u010desto  ozna\u010davali razli\u010dite institucije (119), dok su druge osobe (33) i lokacije (26)  ozna\u010davane manje. Va\u017eno je napomenuti da su u kvantitativni dio analize uzeta u  obzir sva ponavljanja <em>emojija<\/em>, <em>hashtagova<\/em>, ozna\u010davanja  institucija, osoba ili lokacija. <\/p>\n<p class=\"MsoNormal\" style=\"line-height: 80%;\">&nbsp;<\/p>\n<p class=\"MsoNormal\" style=\"line-height: 170%;\">Tablica 2.\u00a0 Obilje\u017eja objave po \u010dlanu Vlade.<\/p>\n<table border=\"1\" cellspacing=\"0\" cellpadding=\"6\">\n<tr>\n<td width=\"160\" valign=\"top\">\n<p class=\"MsoNormal\" style=\"line-height: 170%;\"><span dir=\"rtl\">\u010c<\/span>LAN    VLADE<\/p>\n<\/td>\n<td width=\"96\" valign=\"top\">\n<p class=\"MsoNormal\" style=\"line-height: 170%;\"><strong>SLU\u017dBENI HASHTAG<\/strong><\/p>\n<\/td>\n<td width=\"107\" valign=\"top\">\n<p class=\"MsoNormal\" style=\"line-height: 170%;\"><strong>OZNA\u010cENE OSOBE<\/strong><\/p>\n<\/td>\n<td width=\"107\" valign=\"top\">\n<p class=\"MsoNormal\" style=\"line-height: 170%;\"><strong>OZNA\u010cENE    INSTITUCIJE<\/strong><\/p>\n<\/td>\n<td width=\"87\" valign=\"top\">\n<p class=\"MsoNormal\" style=\"line-height: 170%;\"><strong>SIMBOLI<\/strong><\/p>\n<\/td>\n<td width=\"94\" valign=\"top\">\n<p class=\"MsoNormal\" style=\"line-height: 170%;\"><strong>LOKACIJA<\/strong><\/p>\n<\/td>\n<\/tr>\n<tr>\n<td width=\"160\" valign=\"top\">\n<p class=\"MsoNormal\" style=\"line-height: 170%;\">BA\u010cI\u0106<\/p>\n<\/td>\n<td width=\"96\" valign=\"top\">\n<p class=\"MsoNormal\" style=\"line-height: 170%;\">&#8211;<\/p>\n<\/td>\n<td width=\"107\" valign=\"top\">\n<p class=\"MsoNormal\" style=\"line-height: 170%;\">&#8211;<\/p>\n<\/td>\n<td width=\"107\" valign=\"top\">\n<p class=\"MsoNormal\" style=\"line-height: 170%;\">&#8211;<\/p>\n<\/td>\n<td width=\"87\" valign=\"top\">\n<p class=\"MsoNormal\" style=\"line-height: 170%;\">&#8211;<\/p>\n<\/td>\n<td width=\"94\" valign=\"top\">\n<p class=\"MsoNormal\" style=\"line-height: 170%;\">&#8211;<\/p>\n<\/td>\n<\/tr>\n<tr>\n<td width=\"160\" valign=\"top\">\n<p class=\"MsoNormal\" style=\"line-height: 170%;\">BANO\u017dI\u0106<\/p>\n<\/td>\n<td width=\"96\" valign=\"top\">\n<p class=\"MsoNormal\" style=\"line-height: 170%;\">43<\/p>\n<\/td>\n<td width=\"107\" valign=\"top\">\n<p class=\"MsoNormal\" style=\"line-height: 170%;\">3<\/p>\n<\/td>\n<td width=\"107\" valign=\"top\">\n<p class=\"MsoNormal\" style=\"line-height: 170%;\">7<\/p>\n<\/td>\n<td width=\"87\" valign=\"top\">\n<p class=\"MsoNormal\" style=\"line-height: 170%;\">34<\/p>\n<\/td>\n<td width=\"94\" valign=\"top\">\n<p class=\"MsoNormal\" style=\"line-height: 170%;\">2<\/p>\n<\/td>\n<\/tr>\n<tr>\n<td width=\"160\" valign=\"top\">\n<p class=\"MsoNormal\" style=\"line-height: 170%;\">BO\u017dINOVI\u0106<\/p>\n<\/td>\n<td width=\"96\" valign=\"top\">\n<p class=\"MsoNormal\" style=\"line-height: 170%;\">&#8211;<\/p>\n<\/td>\n<td width=\"107\" valign=\"top\">\n<p class=\"MsoNormal\" style=\"line-height: 170%;\">2<\/p>\n<\/td>\n<td width=\"107\" valign=\"top\">\n<p class=\"MsoNormal\" style=\"line-height: 170%;\">7<\/p>\n<\/td>\n<td width=\"87\" valign=\"top\">\n<p class=\"MsoNormal\" style=\"line-height: 170%;\">&#8211;<\/p>\n<\/td>\n<td width=\"94\" valign=\"top\">\n<p class=\"MsoNormal\" style=\"line-height: 170%;\">&#8211;<\/p>\n<\/td>\n<\/tr>\n<tr>\n<td width=\"160\" valign=\"top\">\n<p class=\"MsoNormal\" style=\"line-height: 170%;\">BRNJAC<\/p>\n<\/td>\n<td width=\"96\" valign=\"top\">\n<p class=\"MsoNormal\" style=\"line-height: 170%;\">12<\/p>\n<\/td>\n<td width=\"107\" valign=\"top\">\n<p class=\"MsoNormal\" style=\"line-height: 170%;\">4<\/p>\n<\/td>\n<td width=\"107\" valign=\"top\">\n<p class=\"MsoNormal\" style=\"line-height: 170%;\">14<\/p>\n<\/td>\n<td width=\"87\" valign=\"top\">\n<p class=\"MsoNormal\" style=\"line-height: 170%;\">27<\/p>\n<\/td>\n<td width=\"94\" valign=\"top\">\n<p class=\"MsoNormal\" style=\"line-height: 170%;\">2<\/p>\n<\/td>\n<\/tr>\n<tr>\n<td width=\"160\" valign=\"top\">\n<p class=\"MsoNormal\" style=\"line-height: 170%;\">BUTKOVI\u0106<\/p>\n<\/td>\n<td width=\"96\" valign=\"top\">\n<p class=\"MsoNormal\" style=\"line-height: 170%;\">&#8211;<\/p>\n<\/td>\n<td width=\"107\" valign=\"top\">\n<p class=\"MsoNormal\" style=\"line-height: 170%;\">&#8211;<\/p>\n<\/td>\n<td width=\"107\" valign=\"top\">\n<p class=\"MsoNormal\" style=\"line-height: 170%;\">&#8211;<\/p>\n<\/td>\n<td width=\"87\" valign=\"top\">\n<p class=\"MsoNormal\" style=\"line-height: 170%;\">&#8211;<\/p>\n<\/td>\n<td width=\"94\" valign=\"top\">\n<p class=\"MsoNormal\" style=\"line-height: 170%;\">&#8211;<\/p>\n<\/td>\n<\/tr>\n<tr>\n<td width=\"160\" valign=\"top\">\n<p class=\"MsoNormal\" style=\"line-height: 170%;\">ERLI\u0106<\/p>\n<\/td>\n<td width=\"96\" valign=\"top\">\n<p class=\"MsoNormal\" style=\"line-height: 170%;\">14<\/p>\n<\/td>\n<td width=\"107\" valign=\"top\">\n<p class=\"MsoNormal\" style=\"line-height: 170%;\">5<\/p>\n<\/td>\n<td width=\"107\" valign=\"top\">\n<p class=\"MsoNormal\" style=\"line-height: 170%;\">&#8211;<\/p>\n<\/td>\n<td width=\"87\" valign=\"top\">\n<p class=\"MsoNormal\" style=\"line-height: 170%;\">56<\/p>\n<\/td>\n<td width=\"94\" valign=\"top\">\n<p class=\"MsoNormal\" style=\"line-height: 170%;\">&#8211;<\/p>\n<\/td>\n<\/tr>\n<tr>\n<td width=\"160\" valign=\"top\">\n<p class=\"MsoNormal\" style=\"line-height: 170%;\">FILIPOVI\u0106<\/p>\n<\/td>\n<td width=\"96\" valign=\"top\">\n<p class=\"MsoNormal\" style=\"line-height: 170%;\">1<\/p>\n<\/td>\n<td width=\"107\" valign=\"top\">\n<p class=\"MsoNormal\" style=\"line-height: 170%;\">8<\/p>\n<\/td>\n<td width=\"107\" valign=\"top\">\n<p class=\"MsoNormal\" style=\"line-height: 170%;\">15<\/p>\n<\/td>\n<td width=\"87\" valign=\"top\">\n<p class=\"MsoNormal\" style=\"line-height: 170%;\">2<\/p>\n<\/td>\n<td width=\"94\" valign=\"top\">\n<p class=\"MsoNormal\" style=\"line-height: 170%;\">&#8211;<\/p>\n<\/td>\n<\/tr>\n<tr>\n<td width=\"160\" valign=\"top\">\n<p class=\"MsoNormal\" style=\"line-height: 170%;\">GRLI\u0106 RADMAN<\/p>\n<\/td>\n<td width=\"96\" valign=\"top\">\n<p class=\"MsoNormal\" style=\"line-height: 170%;\">&#8211;<\/p>\n<\/td>\n<td width=\"107\" valign=\"top\">\n<p class=\"MsoNormal\" style=\"line-height: 170%;\">1<\/p>\n<\/td>\n<td width=\"107\" valign=\"top\">\n<p class=\"MsoNormal\" style=\"line-height: 170%;\">3<\/p>\n<\/td>\n<td width=\"87\" valign=\"top\">\n<p class=\"MsoNormal\" style=\"line-height: 170%;\">3<\/p>\n<\/td>\n<td width=\"94\" valign=\"top\">\n<p class=\"MsoNormal\" style=\"line-height: 170%;\">&#8211;<\/p>\n<\/td>\n<\/tr>\n<tr>\n<td width=\"160\" valign=\"top\">\n<p class=\"MsoNormal\" style=\"line-height: 170%;\">MALENICA<\/p>\n<\/td>\n<td width=\"96\" valign=\"top\">\n<p class=\"MsoNormal\" style=\"line-height: 170%;\">1<\/p>\n<\/td>\n<td width=\"107\" valign=\"top\">\n<p class=\"MsoNormal\" style=\"line-height: 170%;\">&#8211;<\/p>\n<\/td>\n<td width=\"107\" valign=\"top\">\n<p class=\"MsoNormal\" style=\"line-height: 170%;\">2<\/p>\n<\/td>\n<td width=\"87\" valign=\"top\">\n<p class=\"MsoNormal\" style=\"line-height: 170%;\">2<\/p>\n<\/td>\n<td width=\"94\" valign=\"top\">\n<p class=\"MsoNormal\" style=\"line-height: 170%;\">&#8211;<\/p>\n<\/td>\n<\/tr>\n<tr>\n<td width=\"160\" valign=\"top\">\n<p class=\"MsoNormal\" style=\"line-height: 170%;\">OBULJEN<\/p>\n<\/td>\n<td width=\"96\" valign=\"top\">\n<p class=\"MsoNormal\" style=\"line-height: 170%;\">56<\/p>\n<\/td>\n<td width=\"107\" valign=\"top\">\n<p class=\"MsoNormal\" style=\"line-height: 170%;\">3<\/p>\n<\/td>\n<td width=\"107\" valign=\"top\">\n<p class=\"MsoNormal\" style=\"line-height: 170%;\">51<\/p>\n<\/td>\n<td width=\"87\" valign=\"top\">\n<p class=\"MsoNormal\" style=\"line-height: 170%;\">46<\/p>\n<\/td>\n<td width=\"94\" valign=\"top\">\n<p class=\"MsoNormal\" style=\"line-height: 170%;\">10<\/p>\n<\/td>\n<\/tr>\n<tr>\n<td width=\"160\" valign=\"top\">\n<p class=\"MsoNormal\" style=\"line-height: 170%;\">PILETI\u0106<\/p>\n<\/td>\n<td width=\"96\" valign=\"top\">\n<p class=\"MsoNormal\" style=\"line-height: 170%;\">1<\/p>\n<\/td>\n<td width=\"107\" valign=\"top\">\n<p class=\"MsoNormal\" style=\"line-height: 170%;\">3<\/p>\n<\/td>\n<td width=\"107\" valign=\"top\">\n<p class=\"MsoNormal\" style=\"line-height: 170%;\">2<\/p>\n<\/td>\n<td width=\"87\" valign=\"top\">\n<p class=\"MsoNormal\" style=\"line-height: 170%;\">27<\/p>\n<\/td>\n<td width=\"94\" valign=\"top\">\n<p class=\"MsoNormal\" style=\"line-height: 170%;\">3<\/p>\n<\/td>\n<\/tr>\n<tr>\n<td width=\"160\" valign=\"top\">\n<p class=\"MsoNormal\" style=\"line-height: 170%;\">PLENKOVI\u0106<\/p>\n<\/td>\n<td width=\"96\" valign=\"top\">\n<p class=\"MsoNormal\" style=\"line-height: 170%;\">11<\/p>\n<\/td>\n<td width=\"107\" valign=\"top\">\n<p class=\"MsoNormal\" style=\"line-height: 170%;\">3<\/p>\n<\/td>\n<td width=\"107\" valign=\"top\">\n<p class=\"MsoNormal\" style=\"line-height: 170%;\">8<\/p>\n<\/td>\n<td width=\"87\" valign=\"top\">\n<p class=\"MsoNormal\" style=\"line-height: 170%;\">6<\/p>\n<\/td>\n<td width=\"94\" valign=\"top\">\n<p class=\"MsoNormal\" style=\"line-height: 170%;\">5<\/p>\n<\/td>\n<\/tr>\n<tr>\n<td width=\"160\" valign=\"top\">\n<p class=\"MsoNormal\" style=\"line-height: 170%;\">\u0160IMPRAGA<span dir=\"rtl\"> <\/span><span dir=\"rtl\"> <\/span><span dir=\"rtl\"><span dir=\"rtl\"> <\/span><span dir=\"rtl\"> <\/span><\/span><\/p>\n<\/td>\n<td width=\"96\" valign=\"top\">\n<p class=\"MsoNormal\" style=\"line-height: 170%;\">&#8211;<\/p>\n<\/td>\n<td width=\"107\" valign=\"top\">\n<p class=\"MsoNormal\" style=\"line-height: 170%;\">&#8211;<\/p>\n<\/td>\n<td width=\"107\" valign=\"top\">\n<p class=\"MsoNormal\" style=\"line-height: 170%;\">&#8211;<\/p>\n<\/td>\n<td width=\"87\" valign=\"top\">\n<p class=\"MsoNormal\" style=\"line-height: 170%;\">8<\/p>\n<\/td>\n<td width=\"94\" valign=\"top\">\n<p class=\"MsoNormal\" style=\"line-height: 170%;\">4<\/p>\n<\/td>\n<\/tr>\n<tr>\n<td width=\"160\" valign=\"top\">\n<p class=\"MsoNormal\" style=\"line-height: 170%;\">VU\u010cKOVI\u0106<\/p>\n<\/td>\n<td width=\"96\" valign=\"top\">\n<p class=\"MsoNormal\" style=\"line-height: 170%;\">9<\/p>\n<\/td>\n<td width=\"107\" valign=\"top\">\n<p class=\"MsoNormal\" style=\"line-height: 170%;\">1<\/p>\n<\/td>\n<td width=\"107\" valign=\"top\">\n<p class=\"MsoNormal\" style=\"line-height: 170%;\">10<\/p>\n<\/td>\n<td width=\"87\" valign=\"top\">\n<p class=\"MsoNormal\" style=\"line-height: 170%;\">26<\/p>\n<\/td>\n<td width=\"94\" valign=\"top\">\n<p class=\"MsoNormal\" style=\"line-height: 170%;\">&#8211;<\/p>\n<\/td>\n<\/tr>\n<tr>\n<td width=\"160\" valign=\"top\">\n<p class=\"MsoNormal\" style=\"line-height: 170%;\">Ukupno<\/p>\n<\/td>\n<td width=\"96\" valign=\"top\">\n<p class=\"MsoNormal\" style=\"line-height: 170%;\">148<\/p>\n<\/td>\n<td width=\"107\" valign=\"top\">\n<p class=\"MsoNormal\" style=\"line-height: 170%;\">33<\/p>\n<\/td>\n<td width=\"107\" valign=\"top\">\n<p class=\"MsoNormal\" style=\"line-height: 170%;\">119<\/p>\n<\/td>\n<td width=\"87\" valign=\"top\">\n<p class=\"MsoNormal\" style=\"line-height: 170%;\">237<\/p>\n<\/td>\n<td width=\"94\" valign=\"top\">\n<p class=\"MsoNormal\" style=\"line-height: 170%;\">26<\/p>\n<\/td>\n<\/tr>\n<\/table>\n<p class=\"MsoNormal\" style=\"line-height: 80%;\">&nbsp;<\/p>\n<p class=\"MsoNormal\" style=\"line-height: 170%;\">Rezultati iz  Tablice 2 prikazani su i Grafom 3 radi preglednosti. Grafom 3 nije uzet u obzir  svaki \u010dlan Vlade pojedina\u010dno, ve\u0107 je samo prikazana zastupljenost pojedinih  obilje\u017eja internetskog jezika za sve \u010dlanove Vlade zajedno. Jasno je da su <em>emojiji<\/em> najzastupljeniji element, slijede ih <em>hashtagovi<\/em> i ozna\u010dene institucije,  dok je ozna\u010denih osoba i lokacija zna\u010dajno manje. Oznaka lokacija specifi\u010dan je  element koji je potrebno izdvojiti jer se po objavi mo\u017ee ozna\u010diti samo jedna  lokacija. Me\u0111utim, dobivene rezultate smatramo relevantnima s obzirom na to da  je prikupljeno 148 objava ukupno, a tagirano svega 26 lokacija. <\/p>\n<p class=\"MsoNormal\" style=\"line-height: 80%;\">&nbsp;<\/p>\n<p class=\"MsoNormal\" style=\"line-height: 170%;\">Graf 3.  Obilje\u017eja politi\u010dkih objava za sve \u010dlanove Vlade<\/p>\n<div align=\"left\">\n<p><img loading=\"lazy\" decoding=\"async\" src=\"\/inmediasres\/images\/casopisi\/brabka03.png\" alt=\"\" width=\"700\" height=\"483\" \/><\/p>\n<\/div>\n<p class=\"MsoNormal\" style=\"line-height: 80%;\"><strong>&nbsp;<\/strong><\/p>\n<p class=\"MsoNormal\" style=\"line-height: 170%;\">Grafom 4  prikazani su analizirani elementi objava za svakog \u010dlana Vlade pojedina\u010dno.  Iako su \u010dlanovi Vlade imali razli\u010diti broj objava, analizu diskursa svakog  pojedinog \u010dlana smatramo relevantnom s obzirom na to da broj kori\u0161tenih <em>emojija<\/em>, <em>hashtagova<\/em>, ozna\u010denih osoba, institucija i objava ne ovisi o broju ili  du\u017eini objave te da se u istoj kratkoj objavi mo\u017ee pojaviti vi\u0161e <em>emojija<\/em>, <em>hashtagova<\/em> ili ozna\u010denih institucija\/osoba\/lokacija. Graf 4 dokazuje da  tri prethodno spomenute ministrice s najvi\u0161e objava (Nina Obuljen Kor\u017einek,  Marija Vu\u010dkovi\u0107 i Nikolina Brnjac) ujedno najvi\u0161e upotrebljavaju sva  analizirana obilje\u017eja diskursa dru\u0161tvenih mre\u017ea. Sva analizirana obilje\u017eja  upotrebljavaju jo\u0161 i ministri Mario Bano\u017ei\u0107 te Marin Pileti\u0107. Zanimljiv  nerazmjer u upotrebi specifi\u010dnih elemenata objava na Facebooku nalazimo u  ministra Erli\u0107a koji upotrebljava zna\u010dajan broj <em>emojija,<\/em> ali u njegovim  objavama uop\u0107e ne nalazimo ozna\u010dene lokacije ili institucije. U objavama  ministra Butkovi\u0107a prona\u0111eno je svega nekoliko ozna\u010denih osoba, a u objavama  ministra Bo\u017einovi\u0107a samo ozna\u010dene osobe i institucije, dok ostali elementi  internetske komunikacije nedostaju. Navedeno se mo\u017ee objasniti time \u0161to su oba  spomenuta ministra ujedno i potpredsjednici Vlade te su zadu\u017eeni za resore koji  se tradicionalno percipiraju kao ozbiljniji (unutarnji poslovi i more, promet i  infrastruktura) pa se od njih mo\u017eda i ne mo\u017ee o\u010dekivati prevelika uporaba <em>emojija<\/em> i <em>hashtagova<\/em>. <\/p>\n<p class=\"MsoNormal\" style=\"line-height: 80%;\">&nbsp;<\/p>\n<p class=\"MsoNormal\" style=\"line-height: 170%;\">Graf 4. Sva  obilje\u017eja objava po svakom \u010dlanu Vlade. <\/p>\n<div align=\"left\">\n<p><img loading=\"lazy\" decoding=\"async\" src=\"\/inmediasres\/images\/casopisi\/brabka04.png\" alt=\"\" width=\"700\" height=\"411\" \/><\/p>\n<\/div>\n<p class=\"MsoNormal\" style=\"line-height: 80%;\"><strong>&nbsp;<\/strong><\/p>\n<p class=\"MsoNormal\" style=\"line-height: 170%;\">Naj\u010de\u0161\u0107e je  kori\u0161teni <em>emoji<\/em> hrvatske zastave (66), \u0161to je i o\u010dekivano s obzirom da  se analizirao diskurs \u010dlanova Vlade. Sljede\u0107i su naj\u010de\u0161\u0107e kori\u0161teni <em>emoji<\/em> brojke (18), kojima \u010dlanovi Vlade isti\u010du dodijeljene prora\u010dune, ostvarene  prihode ili sredstva dobivena iz europskih fondova. Od ostalih naj\u010de\u0161\u0107e  kori\u0161tenih <em>emojija<\/em> upotrijebljeno je 15 <em>emojija<\/em> potvrdnog okvira  s kva\u010dicom, 14 emojija koji ozna\u010dava pljesak te 9 strelica koje pokazuju desno.  Primije\u0107eno je da diskursom razli\u010ditih \u010dlanova Vlade dominiraju razli\u010diti<em> emojiji<\/em>, pa tako u objavama ministra Bano\u017ei\u0107a nalazimo <em>emoji<\/em> podignuta dva prsta (8). Kod ministra Erli\u0107a, u skladu s resorom za koji je  zadu\u017een, nalazimo 5 <em>emojija<\/em> zastave Europske unije i 10 <em>emojija<\/em> kva\u010dica, a kod ministrice Obuljen <em>emoji<\/em> knjige (3). Potpredsjednica  Vlade Anja \u0160impraga naj\u010de\u0161\u0107e upotrebljava <em>emoji<\/em> djeteline s 4 lista (6). <\/p>\n<p class=\"MsoNormal\" style=\"line-height: 170%;\">Za razliku od <em>emojija<\/em> istra\u017eivanjem nisu utvr\u0111eni naj\u010de\u0161\u0107e kori\u0161teni <em>hashtagovi<\/em> za sve \u010dlanove  Vlade. \u010clanovi Vlade upotrebljavali su<em> hashtagove<\/em> ovisno o resoru za  koji su zadu\u017eeni. U skladu s navedenim, u objavama ministra Bano\u017ei\u0107a \u010desto se  nailazi na #hrvatskavojska (15), #MORH (5) ili #HV (5), a u objavama ministra  Erli\u0107a ponavljaju se #EUfondovi (7) i #ITU (4). Za objave ministrice turizma  Nikoline Brnjac karakteristi\u010dno je da ne ponavlja <em>hashtagove<\/em> osim dva  puta ponovljenog #sportstourism. Sli\u010dna je situacija i kod ministrice kulture i  medija Nine Obuljen Kor\u017einek u \u010dijim se objavama nalaze 53 razli\u010dita <em>hashtaga<\/em> od kojih se po dva puta ponavljaju #ro\u0111eniza\u010ditanje, #godina\u010ditanjasvakegodine  i #zakri\u017een. Premijer Plenkovi\u0107 ponavlja #Schengen (4) i #Eurozone (4), dok  ministrica Vu\u010dkovi\u0107 upotrebljava relativno neutralni hashtag #RH (4). <\/p>\n<p class=\"MsoNormal\" style=\"line-height: 170%;\">Naj\u010de\u0161\u0107e ozna\u010dena  osoba u objavama \u010dlanova Vlade na Facebooku je Andrej Plenkovi\u0107 (8), dok je naj\u010de\u0161\u0107e  ozna\u010dena institucija Vlada RH. Ozna\u010dene lokacije razlikuju se ovisno o tome za  koju je priliku objava pisana. <\/p>\n<p class=\"MsoNormal\" style=\"line-height: 170%;\"><strong>&nbsp;<\/strong><\/p>\n<p class=\"MsoNormal\" style=\"line-height: 170%;\"><strong>Rasprava<\/strong><\/p>\n<p class=\"MsoNormal\" style=\"line-height: 170%;\"><strong><em>Emojiji<\/em><\/strong><\/p>\n<p class=\"MsoNormal\" style=\"line-height: 170%;\">Ve\u0107ina se <em>emojija<\/em> u objavama \u010dlanova Vlade mo\u017ee prema funkciji razvrstati u dvije skupine:  referencijalne <em>emojijie<\/em> (oni koji zamjenjuju neki pojam ili rije\u010d) i  afektivne emojije (one kojima je funkcija naglasiti sadr\u017eaj koji je objavljen).  Pri tome nagla\u0161avamo da svaki referencijalno upotrijebljen <em>emoji<\/em> ima  istodobno i poetsku i afektivnu funkciju. <\/p>\n<p class=\"MsoNormal\" style=\"line-height: 170%;\"><em>Emojiji<\/em> u analiziranim porukama slu\u017ee za privla\u010denje  pozornosti, vizualno strukturiranje objave, referiranje na naciju, nagla\u0161avanje  sadr\u017eaja, politika i vrijednosti te izra\u017eavanje emocija. Ovakva klasifikacija u  mnogome odgovara i istra\u017eivanju Wurst i suradnika iz 2023., samo \u0161to u svojem  korpusu nismo prona\u0161le <em>emojije<\/em> kojima se promi\u010de srodni sadr\u017eaj.<\/p>\n<p class=\"MsoNormal\" style=\"line-height: 170%;\">Odnos prema  nacionalnim zastavama razlikuje se od kulture do kulture, od dr\u017eave do dr\u017eave.  Tako, na primjer, Francuzi ili Amerikanci rado i \u010desto, i u javnom i osobnom  prostoru, upotrebljavaju nacionalnu zastavu, dok je to u Njema\u010dkoj poslije  Drugoga svjetskog rata rijetkost (Kariryaa et al., 2022: 368). U Hrvatskoj  privatne osobe, osim u kontekstu sportskih doga\u0111anja, rijetko pose\u017eu za  nacionalnom zastavom. Dok javne institucije imaju istaknuta nacionalna  obilje\u017eja poput zastave ili dr\u017eavnoga grba, privatne osobe rijetko obilje\u017eavaju  i dr\u017eavne praznike zastavom. Me\u0111utim, u svijetu politike nacionalna je zastava  uobi\u010dajen simbol, kako u stvarnom svijetu, tako i u virtualnom.<\/p>\n<p class=\"MsoNormal\" style=\"line-height: 170%;\">Upotreba <em>emojija<\/em> nacionalnih zastava uobi\u010dajena je u politi\u010dkome internetskom diskursu (v.  Kariryaa et al., 2022). To je logi\u010dno i o\u010dekivano zato \u0161to je nacionalna  zastava simbol dr\u017eave i nacionalnog identiteta. U objavama na\u0161ih politi\u010dara <em>emoji<\/em> hrvatske nacionalne zastave \u010de\u0161\u0107i je od ostalih <em>emojija<\/em> i uglavnom se u  tekstovima objava upotrebljava umjesto imenice Hrvatska i pridjeva hrvatski.  Iako je zna\u010denje <em>emojija<\/em> zastave u ovim slu\u010dajevima denotativno, a  funkcija referencijalna, oni imaju i ekspresivnu, i konativnu, i poetsku  funkciju. Naime, zamjenom rije\u010di hrvatskom zastavom, politi\u010dari namjerno ili  nenamjerno vizualno nagla\u0161avaju svoj identitet, utje\u010du\u0107i pritom na to kako ih  ciljana publika do\u017eivljava, \u010dime se ostvaruju ilokucijska i perlokucijska snaga <em>emojija<\/em> nacionalne zastave. Poetska se funkcija, mogu\u0107e je, ne ostvaruje  namjerno, ali se ipak ostvaruje. Naime, zbog \u017eivih boja <em>emojija<\/em> tekst  postaje vizualno zanimljivijim i privla\u010dnijim potencijalnom \u010ditatelju, iako  takve objave ponekad podsje\u0107aju na dje\u010dje po\u010detnice u kojima su klju\u010dne rije\u010di  zamijenjene slikom. Osim toga, zamjena rije\u010di <em>emojijem<\/em> tekst \u010dini kra\u0107im,  a sa\u017eetost je dobrodo\u0161la zna\u010dajka objava na dru\u0161tvenim mre\u017eama. <\/p>\n<p class=\"MsoNormal\" style=\"line-height: 170%;\">Osim u  referencijalnoj funkciji, <em>emoji<\/em> hrvatske nacionalne zastave pojavljuje  se u objavama u kojima se nagla\u0161ava pripadnost ili podr\u0161ka hrvatskim  nacionalnim simbolima, doga\u0111ajima i predstavnicima. U tim je slu\u010dajevima <em>emoji<\/em> nacionalne zastave \u010desto popra\u0107en drugim <em>emojijima<\/em>. Na primjer, nakon  teksta u kojem \u010destita gimnasti\u010daru Tinu Srbi\u0107u na osvojenoj zlatnoj medalji na  Europskom prvenstvu, ministar Bano\u017ei\u0107 dodaje <em>emojije<\/em> hrvatske zastave,  ruke s dva podignuta prsta i zlatne medalje. <em>Emoji<\/em> ruke s dva podignuta  prsta u obliku slova V, znaka uglavnom poznatog kao znaka mira, u tekstnim  porukama ima zna\u010denje pobjede, i taj se <em>emoji<\/em> naziva rukom pobjede. <em>Emoji<\/em> zlatne medalje s istaknutim brojem 1 u ovom je slu\u010daju denotativan i odnosi se  na Srbi\u0107evu zlatnu medalju. Kombinacijom ovih <em>emojija<\/em> Bano\u017ei\u0107 nagla\u0161ava  Srbi\u0107ev uspjeh i identificira ga s nacionalnim uspjehom, i s uspjehom Hrvatske  vojske, \u010diji je Srbi\u0107 pri\u010duvnik. Ina\u010de, u gotovo svakoj objavi ministar Bano\u017ei\u0107  objavljuje kombinaciju <em>emojija<\/em> hrvatske zastave i ruke pobjede. Nadalje,  ministar Filipovi\u0107 i ministrica Vu\u010dkovi\u0107 na kraju svojih objava ponekad uklju\u010de  samo <em>emoji<\/em> hrvatske zastave, \u0161to je tako\u0111er identitetski \u010din.<\/p>\n<p class=\"MsoNormal\" style=\"line-height: 170%;\">U obra\u0111enim  objavama \u010dlanova Vlade RH pojavljuju se zastave Europske unije, Ukrajine, Slovenije,  Indije, Turske i Albanije. Pritom se naj\u010de\u0161\u0107e ostvaruje referencijalna funkcija <em>emojija<\/em>, tj. zastava u tekstu objave zamjenjuje ime dr\u017eave ili pridjev  izveden iz njezina imena. Me\u0111utim, kombinacije zastava drugih dr\u017eava ili  Europske unije i hrvatske zastave imaju dodatno zna\u010denje. Na profilima ministra  Malenice i ministrice Vu\u010dkovi\u0107 na kraju objava o susretu sa slovenskim  ministricama nalaze se zastave Slovenije i Hrvatske, \u010dime se nagla\u0161ava suradnja  i zajedni\u0161tvo dviju dr\u017eava. Tako\u0111er se zajedno postavljaju <em>emojiji<\/em> zastave Hrvatske i Europske unije, pri \u010demu se \u017eeli istaknuti pripadnost  Hrvatske Europskoj uniji i njezin europski identitet. Zanimljiva je i  kombinacija <em>emojija<\/em> zastava Hrvatske i Albanije izme\u0111u kojih je <em>emoji<\/em> rukovanja, koji simbolizira suradnju izme\u0111u dviju dr\u017eava. Mo\u017ee se primijetiti  da se na takav na\u010din hrvatska zastava kombinira sa zastavama dr\u017eava iz  okru\u017eenja i sa zastavom Europske unije, \u010dime hrvatski politi\u010dari, svjesno ili  nesvjesno, upu\u0107uju na povezanost izme\u0111u Hrvatske i Unije te dr\u017eava u okru\u017eenju.<\/p>\n<p class=\"MsoNormal\" style=\"line-height: 170%;\"><em>Emojiji<\/em> desne strelice koji ina\u010de predstavlja smjer u  objavama na\u0161ih politi\u010dara (Bano\u017ei\u0107, Vu\u010dkovi\u0107, Obuljen Kor\u017einek) upotrebljavaju  se kao grafi\u010dke oznake za natuknice. Njima politi\u010dari vizualno nagla\u0161avaju  sadr\u017eaj koji slijedi, a uglavnom je rije\u010d o razli\u010ditim postignu\u0107ima njihovih  resora. Na primjer, u jednoj od objava ministar Bano\u017ei\u0107 upravo <em>emojijima<\/em> desne strelice nabraja projekte moderniziranja Hrvatske vojske. Kod ministrice  Obuljen Kor\u017einek nailazimo u ovoj ulozi <em>emoji &lsquo;<\/em>play&rsquo; i <em>emoji<\/em> &lsquo;ubrzaj&rsquo;. Iako je uloga ovih <em>emojija<\/em> strogo gledano referencijalna, oni  poruku \u010dine vizualno privla\u010dnijom i preglednijom te nagla\u0161avaju sadr\u017eaj koji  slijedi, stoga, imaju ulogu u postizanju ciljanog statusa politi\u010dara, a to je  pozitivna percepcija resora i onog tko mu je na \u010delu. Istu funkciju ima i <em>emoji<\/em> kva\u010dice u objavama Erli\u0107, Pileti\u0107, Obuljen, Vu\u010dkovi\u0107. Posti\u017ee se preglednost i  sustavnost. Ministar Erli\u0107 bira <em>emoji<\/em> kva\u010dice u objavi za Dan planeta  Zemlje, pri \u010demu je indikativan odabir <em>emojija<\/em> sa zelenom pozadinom.  Takvim odabirom ministar nagla\u0161ava nastojanja svojega resora da Hrvatska uz  pomo\u0107 europskih fondova dosegne klimatsku neutralnost. Nadalje, Ministar Pileti\u0107 <em>emojijem<\/em> strelice prema dolje upu\u0107uje korisnika na fotografije koje su postavljene  u sklopu objave, a premijer Plenkovi\u0107 <em>emojijem<\/em> desne strelice upu\u0107uje  korisnika na poveznice u svojim objavama.<\/p>\n<p class=\"MsoNormal\" style=\"line-height: 170%;\"><em>Emojiji<\/em> zastava i simbola poput strelice i kva\u010dice  pokazali su se najzastupljenijima i u istra\u017eivanju upotrebe <em>emojija<\/em> u  objavama politi\u010dkih stranaka na Facebooku u 11 europskih dr\u017eava tijekom  europskih izbora 2019. (Wurst et al., 2023).<\/p>\n<p class=\"MsoNormal\" style=\"line-height: 170%;\">Osim zastava, <em>emojiji<\/em> koji se pojavljuju u referencijalnoj funkciji (tako da zamjenjuju neku rije\u010d  ili pojam) jesu <em>emojiji <\/em>brojki, fotoaparata, klju\u010da i pljeska. <em>Emojijma<\/em> brojki ministri nagla\u0161avaju aktivnosti koje smatraju uspje\u0161nima (Pileti\u0107,  Obuljen Kor\u017einek). Na primjer, <img loading=\"lazy\" decoding=\"async\" src=\"\/inmediasres\/images\/casopisi\/262.png\" width=\"66\" height=\"22\" \/>\u00a0milijuna \u20ac prete\u017eito vizualnom tipu korisnika  upe\u010datljivije je od 262 milijuna \u20ac. Iako su brojke \u010dinjeni\u010dne, upotrebom <em>emojija<\/em> efekt je nagla\u0161en. <em>Emoji<\/em> fotoaparata s bljeskalicom, pri navo\u0111enju  autorskog prava za fotografiju, pojavljuje se umjesto rije\u010di fotografija. <em>Emoji<\/em> klju\u010da pojavljuje u objavi na engleskom jeziku ministrice Brnjac umjesto rije\u010di  klju\u010d, a ministrica Obuljen Kor\u017einek upotrebljava <em>emoji<\/em> pljeska umjesto  rije\u010di pljesak. Svi ovi <em>emojiji<\/em>, kao i <em>emojiji<\/em> zastava, doprinose  privla\u010dnosti poruke. Bez obzira na to \u0161to nemaju preneseno zna\u010denje, <em>emojiji<\/em> ove objave \u010dine vizualno atraktivnijima, a njihove autore modernijima i  zanimljivijima. <\/p>\n<p class=\"MsoNormal\" style=\"line-height: 170%;\">Ostali <em>emojiji<\/em> imaju funkciju nagla\u0161avanja tekstualnog sadr\u017eaja. Na primjer, \u010destitka za  Cvjetnicu \u010dini se toplijom, iskrenijom i srda\u010dnijom uz <em>emoji<\/em> gran\u010dice,  kao i \u010destitka za Uskrs uz <em>emojije<\/em> zeca i pili\u0107a (Pileti\u0107, Brnjac). Na  taj se na\u010din politi\u010dari pribli\u017eavanju svojoj publici i smanjuju distanciranost.<\/p>\n<p class=\"MsoNormal\" style=\"line-height: 170%;\">Nadalje, \u010desti  su <em>emojiji<\/em> kojima se samo poja\u010dava, tj. nagla\u0161ava, sadr\u017eaj teksta. Takvi  su npr. <em>emoji<\/em> (tradicionalne) obitelji uz rije\u010d obitelj (Pileti\u0107), <em>emoji<\/em> <em>joysticka<\/em> uz <em>gaming<\/em> industriju (Pileti\u0107), <em>emoji<\/em> stolnoteniskog reketa uz Hrvatski stolnoteniski savez (Brnjac), <em>emojiji <\/em>ko\u0161arka\u0161ke  lopte i papira s olovkom uz poziv na prijavu na ko\u0161arka\u0161ku manifestaciju  (Brnjac), <em>emoji<\/em> dviju maski uz kazali\u0161te ili kazali\u0161ne predstave, <em>emoji<\/em> planine uz Velebit (Erli\u0107), <em>emoji<\/em> stabla i Zemlje na Dan planeta zemlje  (Vu\u010dkovi\u0107, Plenkovi\u0107), <em>emoji<\/em> laptopa i mobitela uz dru\u0161tvene mre\u017ee ili <em>emojiji<\/em> <em>online<\/em> i <em>offline<\/em> uz te <em>hashtagove<\/em> (Obuljen Kor\u017einek). Ti  se <em>emojiji<\/em> mogu promatrati i politi\u010dko-ideolo\u0161ki (obitelj, stabla), ali  je njihova uloga prvenstveno poja\u010davanje poruke.<\/p>\n<p class=\"MsoNormal\" style=\"line-height: 170%;\"><em>Emojijima<\/em> \u010dlanovi Vlade izra\u017eavaju i emocije i odnos prema  odre\u0111enim doga\u0111ajima i osobama. Na primjer, <em>emoji<\/em> pljeska pronalazimo u  kombinaciji s <em>emojijem<\/em> top (Pileti\u0107), u kombinaciji sa zlatnom medaljom  (Brnjac), u kombinaciji s eurima i konfetima (Erli\u0107), pri \u010demu se u svim  objavama nekomu \u010destita ili nekog pohvaljuje, dakle izra\u017eava se iznimno  pozitivan stav. Nadalje, ministrica \u0160impraga redovito upotrebljava <em>emoji<\/em> djeteline s \u010detiri lista, a upotrijebila je i <em>emoji<\/em> bubamare, \u0161to je u  skladu s nepretenciozno\u0161\u0107u i jednostavno\u0161\u0107u njezinih objava. Ona se odabirom <em>emojija<\/em> predstavlja kao osoba koja je jedna od nas i koja vjeruje u bolje sutra.<\/p>\n<p class=\"MsoNormal\" style=\"line-height: 170%;\">Objave  ministrice Obuljen Kor\u017einek u kontekstu <em>emojija<\/em> specifi\u010dne su po tome  \u0161to ministrica jedina <em>emojije<\/em> \u010desto stavlja na po\u010detak objave kako bi  privukla pozornost pratitelja. Osim tematskih, koji su u njezinim objavama  povezani s resorom kulture i manifestacijama o kojima objavljuje (<em>emojiji<\/em> nota, knjiga i kazali\u0161ta), Obuljen Kor\u017einek slu\u017ei se i simbolima poput crvenih  uskli\u010dnika na po\u010detku objave o za\u0161titi djece na internetu kako bi postigla  izra\u017een stav jer u takvoj temi neutralan stav nije dobrodo\u0161ao. <\/p>\n<p class=\"MsoNormal\" style=\"line-height: 170%;\">Pojavljuju se  samo dva <em>emojija<\/em> srca (\u017euto uz uskrsnu \u010destitku ministra Pileti\u0107a i  plavo uz poveznicu HDZ Trnje u objavi ministrice Brnjac). Tako\u0111er, gotovo da  nema facijalnih <em>emojija<\/em>. Jedini takav <em>emoji<\/em>, <em>emoji<\/em> srame\u017eljivoga nasmije\u0161enog lica, upotrijebio je ministar Erli\u0107 uz \u010destitku za  Dan Zadarske \u017eupanije. Iako su <em>emojiji<\/em> srca i facijalni <em>emojiji<\/em> me\u0111u najzastupljenijima u op\u0107oj uporabi, u politi\u010dkim objavama rijetko se  nailazi na njih, vjerojatno zato \u0161to politi\u010dari \u017eele zadr\u017eati dojam ozbiljnosti  na svojim stranicama.<\/p>\n<p class=\"MsoNormal\" style=\"line-height: 170%;\">Dakle, ve\u0107ina je  upotrijebljenih <em>emojija<\/em> barem naizgled neutralna, ali s pozitivnim  efektom. <em>Emojiji<\/em> u analiziranim objavama mahom su pozitivni. Naime, <em>emojiji<\/em> op\u0107enito ostavljaju pozitivan dojam u objavama, zbog \u010dega ne \u010dudi njihova visoka  zastupljenost u objavama \u010dlanova hrvatske Vlade.<\/p>\n<p class=\"MsoNormal\" style=\"line-height: 170%;\"><strong><em>&nbsp;<\/em><\/strong><\/p>\n<p class=\"MsoNormal\" style=\"line-height: 170%;\"><strong><em>Hashtag<\/em><\/strong><\/p>\n<p class=\"MsoNormal\" style=\"line-height: 170%;\">U objavama  politi\u010dara na Facebooku <em>hashtagovi<\/em> imaju va\u017enu ulogu jer njima politi\u010dari  i njihovi timovi povezuju svoje objave sa srodnim i\/ili povezanim sadr\u017eajima,  ne optere\u0107uju\u0107i pritom suvi\u0161no svoje objave. <em>Hashtagovi<\/em> mogu biti  integrirani u tekst objave ili navedeni nakon teksta objave. <\/p>\n<p class=\"MsoNormal\" style=\"line-height: 170%;\">Zanimljivo je da  se \u010dlanovi Vlade uvelike razlikuju prema upotrebi <em>hashtagova<\/em>. Neki ih  uop\u0107e ne upotrebljavaju (npr. Bo\u017einovi\u0107 ili Butkovi\u0107), neki tek sporadi\u010dno  (Erli\u0107 ili Vu\u010dkovi\u0107), a apsolutno po <em>hashtagovima<\/em> prednja\u010di ministrica  Obuljen Kor\u017einek koja ih je u promatranom razdoblju upotrijebila vi\u0161e nego svi  ostali \u010dlanovi Vlade zajedno. <em>Hashtagovi<\/em> u nekim objavama imaju  referencijalnu funkciju, tj. <em>hashtag<\/em> se upotrebljava umjesto uobi\u010dajenog  naziva ili pojma (npr. u objavama ministra Bano\u017ei\u0107a #Sabor ili  #hrvatskavojska). Oni svakako upu\u0107uju na pojmove, osobe ili organizacije s  kojima se politi\u010dar \u017eeli povezati i u kontekstu kojih \u017eeli biti prepoznat, a u  objavama \u010dlanova Vlade neutralni su i njima se ne izri\u010de nikakav poseban politi\u010dki  ili ideolo\u0161ki stav. Nagla\u0161eni politi\u010dki stavovi o\u010dituju se samo u <em>hashtagovima<\/em> #SupportUkraine (Bano\u017ei\u0107) i #ForOurPlanet (Erli\u0107). To ne iznena\u0111uje jer su neka  istra\u017eivanja pokazala da objave s nagla\u0161eno politi\u010dkim <em>hashtagovima<\/em> nisu  pozitivno percipirane me\u0111u korisnicima (v. Rho i Mazmanian, 2019). Dodu\u0161e,  nijedan analizirani politi\u010dar osim ministrice Obuljen Kor\u017einek ih ne  upotrebljava sustavno, zbog \u010dega su njezine objave najpodobnije za analizu.  Obuljen Kor\u017einek svojim <em>hashtagovima<\/em> otkriva ne samo institucije i  kulturne manifestacije s kojima je povezana u svojem svakodnevnom radu, ve\u0107 je <em>njima<\/em> sa\u017eet njezin kulturno-politi\u010dki program. Tako ministrica <em>hashtagovima<\/em> podr\u017eava \u010ditanje, hrvatske dramati\u010dare, hrvatsku glazbu, glazbenike i  skladatelje, o\u010duvanje ba\u0161tine itd. Ministrica podr\u017eava i #Hrvatskukatoli\u010dkumre\u017eu  i manifestaciju #Zakri\u017een, \u0161to se mo\u017ee protuma\u010diti kroz prizmu ideologije i  \u017eeljene uloge politi\u010darke koja podr\u017eava kr\u0161\u0107anske vrednote, \u0161to stoji i u  politi\u010dkom programu vladaju\u0107e stranke. Kod Obuljen Kor\u017einek nalazimo i  #SretanUskrs, ba\u0161 kao i kod ministra Bano\u017ei\u0107a. Ostali \u010dlanovi Vlade \u010destitaju  Uskrs, ali bez <em>hashtaga<\/em>. Tako\u0111er, dok su Bano\u017ei\u0107evi <em>hashtagovi<\/em> integrirani u tekst, <em>hashtagove<\/em> u objavama Obuljen Kor\u017einek pronalazimo  i u tekstu i nakon teksta objave. Mo\u017ee se zaklju\u010diti da samo ministrica Obuljen  Kor\u017einek vlada uporabom <em>hashtagova<\/em> na na\u010din na koji bi se o\u010dekivalo od  aktivnog korisnika dru\u0161tvene mre\u017ee, tako da ostavlja dojam suvremene politi\u010darke  koja se dobro snalazi u digitalnom svijetu.<\/p>\n<p class=\"MsoNormal\" style=\"line-height: 170%;\"><strong><em>&nbsp;<\/em><\/strong><\/p>\n<p class=\"MsoNormal\" style=\"line-height: 170%;\"><strong><em>Ozna\u010dene  osobe, institucije i lokacije<\/em><\/strong><\/p>\n<p class=\"MsoNormal\" style=\"line-height: 170%;\">Naj\u010de\u0161\u0107e ozna\u010dena  osoba u analiziranim objavama predsjednik je Vlade Andrej Plenkovi\u0107, a druge su  ozna\u010dene osobe one s kojima se \u010dlanovi Vlade susre\u0107u na odre\u0111enim doga\u0111anjima  ili je rije\u010d o osobama kojima su objave posve\u0107ene. Na primjer, u svojim  objavama o uspjesima sporta\u0161a Tina Srbi\u0107a i Dine Leva\u010di\u0107 ministrica Brnjac ih  je i ozna\u010dila. Zastupljenost Andreja Plenkovi\u0107a me\u0111u ozna\u010denim osobama upu\u0107uje  na odnos izme\u0111u ministara i njihova \u0161efa. Naime, ozna\u010davanjem mu ministri odaju  priznanje za rad i zasluge i indirektno grade status Andreja Plenkovi\u0107a kao  premijera kojega podre\u0111eni po\u0161tuju i koji dr\u017ei sve konce u rukama. \u0160to se ti\u010de  ozna\u010davanja institucija, prednja\u010di ministrica Obuljen Kor\u017einek, a slijede je  ministar Filipovi\u0107 i ministrica Brnjac. Dok su ozna\u010dene institucije u objavama  Filipovi\u0107a i Brnjac o\u010dekivane, u objavama Obuljen Kor\u017einek veliki je broj ozna\u010denih  institucija, \u010dime se posti\u017ee dojam da ministrica uistinu \u017eeli odati priznanje  svima uklju\u010denima u odre\u0111eni projekt bez obzira na to \u0161to ozna\u010dene institucije  ponekad optere\u0107uju sami tekst objave. Naravno, jasno je da je svrha ozna\u010davanja  povezivanje odre\u0111enih osoba i institucija s objavljenim sadr\u017eajem, ali ozna\u010davanje  se u samom tekstu prepoznaje po plavoj boji slova, stoga, razbijaju\u0107i  monotoniju crno-bijelog teksta doprinosi privla\u010dnosti objave.<\/p>\n<p class=\"MsoNormal\" style=\"line-height: 170%;\">Ministrica  Obuljen Kor\u017einek prednja\u010di i u ozna\u010davanju lokacija, a slijede je premijer  Plenkovi\u0107 i ministrica \u0160impraga. Ozna\u010davanjem lokacije politi\u010dari privla\u010de  pratitelje koji su zainteresirani za ozna\u010denu lokaciju, \u010dime se stvara osje\u0107aj  zajedni\u0161tva, a istodobno sebe brendiraju kao politi\u010dare kojima je stalo do  mjesta koja posje\u0107uju.<\/p>\n<p class=\"MsoNormal\" style=\"line-height: 170%;\"><strong><em>&nbsp;<\/em><\/strong><\/p>\n<p class=\"MsoNormal\" style=\"line-height: 170%;\"><strong><em>Format  (fotografija, poveznice, video)<\/em><\/strong><\/p>\n<p class=\"MsoNormal\" style=\"line-height: 170%;\">Tekst objave na  Facebooku poja\u010dava se fotografijom, videozapisom i poveznicama. Naime, objave  koje se temelje samo na tekstu ne privla\u010de pa\u017enju korisnika i ne poti\u010du njihovu  uklju\u010denost. Zato je nu\u017eno izbjegavati previ\u0161e teksta i objavu obogatiti  vizualnim sadr\u017eajem koji nagla\u0161ava sadr\u017eaj teksta. <\/p>\n<p class=\"MsoNormal\" style=\"line-height: 170%;\">U objavama \u010dlanova  Vlade na Facebooku prednja\u010di format objave koji \u010dine tekst i fotografija.  \u0160tovi\u0161e, u promatranom razdoblju ne postoji objava bez vizualnog sadr\u017eaja.  Fotografije naj\u010de\u0161\u0107e prikazuju doga\u0111aje i ljude o kojima su objave, ali tako\u0111er  ima drugih sadr\u017eaja koji su zastupljeni. Na primjer, ministar Bano\u017ei\u0107  upotrebljava citate, a kod Brnjac, Malenice i Plenkovi\u0107a pojavljuju se  infografike. Tako\u0111er, postoje objave u kojima je uz tekst podijeljen videozapis  ili druga objava. Svi su ovi primjeri u svojoj biti neutralni. Me\u0111utim, u  promatranom razdoblju bio je Uskrs i u \u010destitkama su vidljive razlike izme\u0111u \u010dlanova  Vlade. Svi osim Ba\u010di\u0107a, Butkovi\u0107a i Erli\u0107a, na Facebooku su \u010destitali Uskrs,  pritom se koriste\u0107i generi\u010dkim internetskim \u010destitkama i ponekad uklju\u010duju\u0107i u \u010destitku  podatke o svom resoru (Bano\u017ei\u0107, Brnjac, Plenkovi\u0107, Vu\u010dkovi\u0107), a ponekad \u010destitaju\u0107i  u svoje ime (Filipovi\u0107, Malenica, Pileti\u0107). Ministar Bo\u017einovi\u0107 objavio je  formalnu stiliziranu \u010destitku, a i \u010destitka Grli\u0107a Radmana odaje dojam da je  izra\u0111ena ba\u0161 za tu priliku. Zanimljive su boje na \u010destitkama \u2013 kod ministrice  Brnjac jaja su ru\u017ei\u010dasta, kod ministra Bano\u017ei\u0107a metalna, a kod ministra Filipovi\u0107a  plava. Odabirom boja ministri potvr\u0111uju i svoje rodne uloge. Ministrica  \u0160impraga objavila je uz uskrsnu \u010destitku fotografije podjele poga\u010dica, dakle  opet nagla\u0161ava da je i za obiteljski blagdan uz narod, dok je ministrica  Obuljen Kor\u017einek u svojoj \u010destitci podijelila svoje prisustvo na kri\u017enom putu  &lsquo;Za kri\u017een&rsquo;, \u010dime je svojim iskustvom potvrdila status politi\u010darke koja \u017eivi i  po\u0161tuje kr\u0161\u0107anske vrijednosti i nagla\u0161ava vrijednost nematerijalne ba\u0161tine. <\/p>\n<p class=\"MsoNormal\" style=\"line-height: 170%;\">Osim teksta u  kombinaciji s fotografijom i videozapisom ima objava koje uklju\u010duju poveznice, \u010dime  se opet rastere\u0107uje sama objava, ali i povezuje sa \u017eeljenim sadr\u017eajem.  Zanimljivo je kako su u objavama premijera Plenkovi\u0107a poveznice u kombinaciji s <em>emojijem<\/em> strelice. Ministrica Brnjac poveznicu upotrebljava kad izravno  poziva pratitelje na djelovanje ili kad \u017eeli uputiti pratitelje na vijest  povezanu uz objavu, a u oba slu\u010daja poveznici prethode <em>emojiji<\/em>.  Ministrica Obuljen Kor\u017einek jednom poveznicom upu\u0107uje na vi\u0161e informacija o  osobi o kojoj je objava, a druga je objavljena uz niz <em>hashtagova<\/em>. U svim  slu\u010dajevima poveznice zatvaraju tekst objave, \u0161to je indikativno u smislu o\u010dekivanog  formata objave.<\/p>\n<p class=\"MsoNormal\" style=\"line-height: 170%;\"><strong>&nbsp;<\/strong><\/p>\n<p class=\"MsoNormal\" style=\"line-height: 170%;\"><strong>Zaklju\u010dak<\/strong><\/p>\n<p class=\"MsoNormal\" style=\"line-height: 170%;\">\u010clanovi Vlade  razlikuju se prema aktivnosti na Facebooku, prema formatu objave i prema  elementima objave. Time oblikuju ulogu koju igraju u javnom prostoru. Upravo  zato nema eksperimentiranja i prevladavaju neutralne objave. Objave su, ipak,  pozitivno intonirane i njima se nagla\u0161avaju uspje\u0161nost i anga\u017eman \u010dlanova  Vlade. Slici uspje\u0161nih politi\u010dara doprinose odabrani <em>emojiji<\/em>, <em>hashtagovi<\/em>,  poveznice, ozna\u010davanje osoba, institucija i lokacija, kao i fotografije i  videozapisi. Dovoljno je promotriti navedene elemente, bez analize teksta, da  bi se stvorila slika o svakom pojedinom \u010dlanu Vlade i o vrijednostima za koje  se zala\u017eu. Op\u0107enito gledaju\u0107i, \u010dlanovi Vlade svojim objavama na Facebooku  oblikuju ulogu sna\u017enih, sposobnih i posve\u0107enih pojedinaca, me\u0111u kojima ima  ozbiljnih i distanciranijih te onih toplijih i bli\u017eih obi\u010dnome \u010dovjeku. Na  primjer, svojim objavama na Facebooku ministrica Obuljen stvara sliku uspje\u0161ne  i sposobne \u017eene, dok potpredsjednica Vlade \u0160impraga gradi imid\u017e pristupa\u010dne  osobe bliske prosje\u010dnom \u010dovjeku. Ministar obrane Bano\u017ei\u0107 gradi sliku sna\u017enog  mu\u0161karca, dok potpredsjednik Vlade i ministar unutarnjih poslova Bo\u017einovi\u0107  odaje dojam ozbiljnosti i iskustva.\u00a0 <\/p>\n<p class=\"MsoNormal\" style=\"line-height: 170%;\">Osim \u0161to se  odabirom elemenata objave ostvaruje ilokucijska snaga, njima se oblikuje tijek  diskursa. &bdquo;Ideolo\u0161ka manipulacija jezikom i jezi\u010dna mistifikacija samo dodatno  poja\u010davaju njegovu mo\u0107, odnosno mo\u0107 dru\u0161tvene grupe \u010dije je on sredstvo  komunikacije&ldquo; (Grani\u0107, 2013: 154). Slu\u017ee\u0107i se nekim jezi\u010dnim ili strukturnim  elementom diskursa radi odre\u0111ene ideologije, oni koji ih upotrebljavaju  osna\u017euju status tih elemenata, &bdquo;a osna\u017een status jezi\u010dne strukture ja\u010da (jezi\u010dnu)  ideologiju, odnosno ideologiju samu&ldquo; (Grani\u0107 i Poli\u0107, 2020). Upravo tako i  elementi objave poput <em>emojija<\/em>, <em>hashtagova<\/em>, poveznica ili  fotografija mogu slu\u017eiti kao mehanizmi manipulacije i ideologizacije. Svakako,  svi ovi elementi doprinose dinami\u010dnosti i privla\u010dnosti objave, a time i  pozitivnoj slici politi\u010dara koji ih upotrebljavaju.<\/p>\n<p class=\"MsoNormal\" style=\"line-height: 170%;\">Na\u010din na koji  politi\u010dari koriste dru\u0161tvene mre\u017ee u svakodnevnom obna\u0161anju du\u017enosti nedovoljno  je istra\u017eeno podru\u010dje, kako na doma\u0107oj tako i na me\u0111unarodnoj politi\u010dkoj sceni.  Rezultati istra\u017eivanja jasno pokazuju kako je diskurs Facebook objava va\u017ean dio  kreiranja identiteta i slike politi\u010dara u javnosti kojem je potrebno posvetiti  vi\u0161e pozornosti. Budu\u0107a istra\u017eivanja mogla bi se usmjeriti na analizu objava  svakog pojedinog politi\u010dara ili pojedinog zasebnog komunikacijskog elementa u  politi\u010dkom diskursu, kao i na tekstualni dio objave, odnosno organizacijsku  strukturu teksta objave politi\u010dara na Facebooku.\u00a0 <\/p>\n<p class=\"MsoNormal\" style=\"line-height: 150%;\">&nbsp;<\/p>\n<hr align=\"left\" size=\"1\" width=\"33%\" \/>\n<div id=\"ftn21\">\n<p class=\"MsoNormal\" style=\"line-height: 150%;\"><span style=\"font-size: 8.0pt;\"><a name=\"_ftn21\"><\/a><a href=\"#_ftnref21\"><sup>[<span style=\"font-family: 'times new roman', \ntimes;\"><strong>21<\/strong><\/span>]<\/sup><\/a>&nbsp;<br \/>\n<a href=\"https:\/\/www.tportal.hr\/tehno\/clanak\/drustvene-mreze-u-hrvata-facebook-i-dalje-najpopularniji-a-instagram-ga-prati-u-stopu-20190117\">https:\/\/www.tportal.hr\/tehno\/clanak\/drustvene-mreze-u-hrvata-facebook-i-dalje-najpopularniji-a-instagram-ga-prati-u-stopu-20190117<\/a> (zadnji pristup 2. 8. 2023.)<br \/>\n<\/span><\/p>\n<\/div>\n<p class=\"MsoNormal\" style=\"line-height: 150%;\">&nbsp;<\/p>\n<p class=\"MsoNormal\" style=\"line-height: 170%;\"><strong>Literatura:<\/strong><\/p>\n<p class=\"MsoNormal\" style=\"line-height: 170%;\">Aristotel (1. st. pr. Kr., izdanje 1989) <em>Retorika<\/em>,  Zagreb, Naprijed.<\/p>\n<p class=\"MsoNormal\" style=\"line-height: 170%;\">Bili\u0107, Petar (2020), <em>Sociologija medija.  Rutine, tehnologija i mo\u0107,<\/em> Zagreb, Jesenski i Turk. <\/p>\n<p class=\"MsoNormal\" style=\"line-height: 170%;\">Chadwick, Andrew (2013), <em>The hybrid media  system: politics and power<\/em>, New York, Oxford University Press.<\/p>\n<p class=\"MsoNormal\" style=\"line-height: 170%;\">Chilton, Paul (2004), <em>Analysing Political  Discourse \u2013 Theory and Practice<\/em>, London, Routledge, Taylor and Francis  Group.<\/p>\n<p class=\"MsoNormal\" style=\"line-height: 170%;\">Grani\u0107, Jagoda (2013), Vertikalna stratifikacija  jezika i dru\u0161tva, U: \u017dele, Andreja (ur.), <em>Dru\u017ebena funkcijskost jezika  (vidiki, merila, opredelitve). <\/em>Znanstvena zalo\u017eba Filozofske fakultete  Ljubljana, 149-155. <\/p>\n<p class=\"MsoNormal\" style=\"line-height: 170%;\">Grani\u0107, Jagoda i Poli\u0107, Iva (2020), Jezi\u010dni  stereotipi: medijska (de)konstrukcija dru\u0161tvene zbilje, U: Ko\u0142odziej,  Agnieszki; Tyszkowskiej-Kasprzak, El\u017cbiety; \u015alawskiej Magdaleny i Ursulenko,  Anny (ur.). <em>S\u0142owia\u0144szczyzna dawniej i dzi\u015b \u2013 j\u0119zyk, literatura, kultura.  Monografia ze studi\u00f3w slawistycznych IV<\/em>. Wroclaw: Oficyna Widawnicza  ATUT-Wroc\u0142awskie Wydawnictwo O\u015bwiatowe, 71-80.<\/p>\n<p class=\"MsoNormal\" style=\"line-height: 170%;\">Larsson, Anders O. i Kalsnes, Bente (2014),&lsquo;Of  course we are on Facebook&rsquo;: Use and non-use of social media among Swedish and  Norwegian politicians. <em>European Journal of Communication,<\/em> 29(6),  653\u2013667. <a href=\"https:\/\/doi.org\/10.1177\/0267323114531383\">https:\/\/doi.org\/10.1177\/0267323114531383<\/a><\/p>\n<p class=\"MsoNormal\" style=\"line-height: 170%;\">Kariryaa, Ankit; Rund\u00e9, Simon; Heuer, Hendrik;  Jungherr, Andreas and Sch\u00f6ning, Johannes (2022). The Role of Flag Emoji in  Online Political Communication. <em>Social Science Computer Review<\/em>, 40(2),  367\u2013387. <a href=\"https:\/\/doi.org\/10.1177\/0894439320909085\">https:\/\/doi.org\/10.1177\/0894439320909085<\/a><\/p>\n<p class=\"MsoNormal\" style=\"line-height: 170%;\">Kushin, Matthew i Kitchener, Kirsten (2009),  Getting political on social network sites: Exploring online political discourse  on Facebook. <em>First Monday<\/em>, 14(11). <a href=\"https:\/\/doi.org\/10.5210\/fm.v14i11.2645\">https:\/\/doi.org\/10.5210\/fm.v14i11.2645<\/a><\/p>\n<p class=\"MsoNormal\" style=\"line-height: 170%;\">Ouyang, Yu and Waterman, W. Richard (2020), <em>Trump,  Twitter, and the American democracy: Political communication in the digital age<\/em>,  Palgrave Macmillian .<\/p>\n<p class=\"MsoNormal\" style=\"line-height: 170%;\">Rho, Eugenia Ha Rim i Mazmanian, Melissa (2019),  Hashtag Burnout? A Control Experiment Investigating How Political Hashtags  Shape Reactions to News Content. Proc. <em>ACM Hum.-Comput. Interact<\/em>. 3,  CSCW, Article 197 <a href=\"https:\/\/doi.org\/10.1145\/3359299\">https:\/\/doi.org\/10.1145\/3359299<\/a><\/p>\n<p class=\"MsoNormal\" style=\"line-height: 170%;\">\u0160kiljan, Dubravko (2000), <em>Javni jezik<\/em>.  Zagreb, Antibarbarus.<\/p>\n<p class=\"MsoNormal\" style=\"line-height: 170%;\">Wilson, J. (2015), Political Discourse. U:  Schiffrin, Deborah; Tannen, Deborah i Hamilton, Heidi E. (ur.), <em>The Handbook  of Discourse Analysis<\/em>, Oxford, John Wiley and Sons, 775-794. <\/p>\n<p class=\"MsoNormal\" style=\"line-height: 170%;\">Wodak, Ruth (1989), <em>Language, Power and  Ideology. Studies in Political Discourse. <\/em>Amsterdam: John Benjamins  Publishing Comapny.<\/p>\n<p class=\"MsoNormal\" style=\"line-height: 170%;\">Wurst, Anna-Katharina, Pohl, Katharina, Hassler,  J\u00f6rg. i Jackson, Daniel (2023). Emojis in Parties&rsquo; Online Communication During  the 2019 European Election Campaign: Toward a Typology of Political Emoji Use. <em>International  Journal of Communication<\/em>, 17, 4686-4706<\/p>\n<p class=\"MsoNormal\" style=\"line-height: 150%;\">&nbsp;<\/p>\n<p style=\"text-align: center;\" align=\"center\"><strong> <span style=\"font-size: 13.0pt; line-height: 150%;\">Analysis of the Internet Discourse in the Facebook posts by <br \/>\nthe Members of the Croatian Government<\/span><\/strong><\/p>\n<p class=\"MsoNormal\" style=\"line-height: 150%;\">&nbsp;<\/p>\n<p style=\"margin: 0cm 48.6pt 0.0001pt 54pt; line-height: 170%;\"><em><strong>Abstract<\/strong><\/em><\/p>\n<p class=\"MsoBodyText\" style=\"margin-top: 0cm; margin-right: 48.6pt; margin-bottom: .0001pt; margin-left: 54.0pt; line-height: 150%;\"><span style=\"font-size: 12.0pt; line-height: 150%; font-family: 'Times New Roman';\" lang=\"SR\">&nbsp;<\/span><\/p>\n<p class=\"MsoBodyText\" style=\"margin-top: 0cm; margin-right: 48.6pt; margin-bottom: .0001pt; margin-left: 54.0pt; line-height: 170%;\"><em>Considering that they combine the features of spoken and written language, social media networks present an important communication channel which politicians increasingly use nowadays in order to establish communication with the public. Social media networks enable direct communication between politicians and their audience, without the intervention of media. By using social networks such as Facebook, Instagram and Twitter, politicians have the opportunity to decide on the information and news they wish to share with the audience, and consequently on the development of their own public image and on the method of winning the affection of their voters. This paper analyses Facebook posts by the members of the Croatian Government. More precisely, it focuses on internet discourse features such as emojis, hashtags, tagged institutions, persons and locations used by Government members in their Facebook posts. It has been established that the most frequently used post format includes text and photos. Emojis are the most represented among the analysed internet discourse elements. They are followed by hashtags, tagged institutions and persons, while tagged locations are the least represented element. All analysed features appear more frequently in the Facebook posts by female Government members. National flags are the most represented emoji which is expected considering analysed corpus, and the use of hashtags varies depending on the department Government members are in charge of. Tagged locations also vary depending on the Government department. Most frequently tagged person is Andrej Plenkovi\u0107, and the most frequently tagged institution is the Government of the Republic of Croatia. The paper results show that just non-verbal internet discourse features are sufficient, and consequently, relevant part of the process of creating politicians\u2019 public images and identities. Such features make the posts more dynamic and attractive, and thus impact the persuasive power of the politicians.<br \/>\n<\/em><\/p>\n<p class=\"MsoBodyText\" style=\"margin-top: 0cm; margin-right: 48.6pt; margin-bottom: .0001pt; margin-left: 54.0pt; line-height: 170%;\">&nbsp;<\/p>\n<p style=\"margin: 0cm 48.6pt 0.0001pt 54pt; line-height: 170%;\"><strong><em>Key words:<\/em><\/strong> <em>Internet discourse, discourse analysis, social media, social network, Internet communication, political discourse.<\/em><\/p>\n","protected":false},"excerpt":{"rendered":"<p>&nbsp; &nbsp; &nbsp;13(24)#5 2024 \u010casopis je otvorenog pristupa, a ovo djelo je dano na kori\u0161tenje pod licencom Creative Commons Imenovanje-Nekomercijalno 4.0 me\u0111unarodna. DOI 10.46640\/imr.13.24.5 UDK 81\u20194-057.341*Facebook Prethodno priop\u0107enje Preliminary communication Primljeno: 12.1.2024. &nbsp; &nbsp; Branka \u0160egvi\u0107 i Iva Poli\u0107 Veleu\u010dili\u0161te Aspira, Domovinskog rata 65, Split, Hrvatska branka.segvic@aspira.hr Filozofski fakultet, Polji\u010dka cesta 35, Split, Hrvatska ipolic@ffst.hr [&hellip;]<\/p>\n","protected":false},"author":2,"featured_media":463,"comment_status":"open","ping_status":"open","sticky":false,"template":"","format":"standard","meta":{"_acf_changed":false,"_et_pb_use_builder":"","_et_pb_old_content":"","_et_gb_content_width":"","footnotes":""},"categories":[111],"tags":[860],"class_list":["post-467","post","type-post","status-publish","format-standard","has-post-thumbnail","hentry","category-in-medias-res-broj-24-vlasiti-url","tag-branka-segvic-i-iva-polic-analiza-internetskog-diskursa-u-objavama-clanova-vlade-na-facebooku","et-has-post-format-content","et_post_format-et-post-format-standard"],"acf":[],"yoast_head":"<!-- This site is optimized with the Yoast SEO plugin v27.4 - https:\/\/yoast.com\/product\/yoast-seo-wordpress\/ -->\n<title>Branka \u0160egvi\u0107 i Iva Poli\u0107: Analiza internetskog diskursa u objavama \u010dlanova Vlade na Facebooku - In Medias Res - \u010casopis centra za filozofiju medija<\/title>\n<meta name=\"robots\" content=\"index, follow, max-snippet:-1, max-image-preview:large, max-video-preview:-1\" \/>\n<link rel=\"canonical\" href=\"https:\/\/centar-fm.org\/inmediasres\/index.php\/branka-segvic-i-iva-polic-analiza-internetskog-diskursa-u-objavama-clanova-vlade-na-facebooku\/\" \/>\n<meta property=\"og:locale\" content=\"en_US\" \/>\n<meta property=\"og:type\" content=\"article\" \/>\n<meta property=\"og:title\" content=\"Branka \u0160egvi\u0107 i Iva Poli\u0107: Analiza internetskog diskursa u objavama \u010dlanova Vlade na Facebooku - In Medias Res - \u010casopis centra za filozofiju medija\" \/>\n<meta property=\"og:description\" content=\"&nbsp; &nbsp; &nbsp;13(24)#5 2024 \u010casopis je otvorenog pristupa, a ovo djelo je dano na kori\u0161tenje pod licencom Creative Commons Imenovanje-Nekomercijalno 4.0 me\u0111unarodna. DOI 10.46640\/imr.13.24.5 UDK 81\u20194-057.341*Facebook Prethodno priop\u0107enje Preliminary communication Primljeno: 12.1.2024. &nbsp; &nbsp; Branka \u0160egvi\u0107 i Iva Poli\u0107 Veleu\u010dili\u0161te Aspira, Domovinskog rata 65, Split, Hrvatska branka.segvic@aspira.hr Filozofski fakultet, Polji\u010dka cesta 35, Split, Hrvatska ipolic@ffst.hr [&hellip;]\" \/>\n<meta property=\"og:url\" content=\"https:\/\/centar-fm.org\/inmediasres\/index.php\/branka-segvic-i-iva-polic-analiza-internetskog-diskursa-u-objavama-clanova-vlade-na-facebooku\/\" \/>\n<meta property=\"og:site_name\" content=\"In Medias Res - \u010casopis centra za filozofiju medija\" \/>\n<meta property=\"article:published_time\" content=\"2024-05-28T20:14:59+00:00\" \/>\n<meta property=\"og:image\" content=\"https:\/\/centar-fm.org\/inmediasres\/wp-content\/uploads\/sites\/2\/2024\/05\/inmediasresno1malo24.png\" \/>\n\t<meta property=\"og:image:width\" content=\"70\" \/>\n\t<meta property=\"og:image:height\" content=\"103\" \/>\n\t<meta property=\"og:image:type\" content=\"image\/png\" \/>\n<meta name=\"author\" content=\"Super User\" \/>\n<meta name=\"twitter:card\" content=\"summary_large_image\" \/>\n<meta name=\"twitter:label1\" content=\"Written by\" \/>\n\t<meta name=\"twitter:data1\" content=\"Super User\" \/>\n\t<meta name=\"twitter:label2\" content=\"Est. reading time\" \/>\n\t<meta name=\"twitter:data2\" content=\"37 minutes\" \/>\n<script type=\"application\/ld+json\" class=\"yoast-schema-graph\">{\"@context\":\"https:\\\/\\\/schema.org\",\"@graph\":[{\"@type\":\"Article\",\"@id\":\"https:\\\/\\\/centar-fm.org\\\/inmediasres\\\/index.php\\\/branka-segvic-i-iva-polic-analiza-internetskog-diskursa-u-objavama-clanova-vlade-na-facebooku\\\/#article\",\"isPartOf\":{\"@id\":\"https:\\\/\\\/centar-fm.org\\\/inmediasres\\\/index.php\\\/branka-segvic-i-iva-polic-analiza-internetskog-diskursa-u-objavama-clanova-vlade-na-facebooku\\\/\"},\"author\":{\"name\":\"Super User\",\"@id\":\"https:\\\/\\\/centar-fm.org\\\/inmediasres\\\/#\\\/schema\\\/person\\\/ae49dcc23965665608f66120db8245a4\"},\"headline\":\"Branka \u0160egvi\u0107 i Iva Poli\u0107: Analiza internetskog diskursa u objavama \u010dlanova Vlade na Facebooku\",\"datePublished\":\"2024-05-28T20:14:59+00:00\",\"mainEntityOfPage\":{\"@id\":\"https:\\\/\\\/centar-fm.org\\\/inmediasres\\\/index.php\\\/branka-segvic-i-iva-polic-analiza-internetskog-diskursa-u-objavama-clanova-vlade-na-facebooku\\\/\"},\"wordCount\":7475,\"commentCount\":0,\"image\":{\"@id\":\"https:\\\/\\\/centar-fm.org\\\/inmediasres\\\/index.php\\\/branka-segvic-i-iva-polic-analiza-internetskog-diskursa-u-objavama-clanova-vlade-na-facebooku\\\/#primaryimage\"},\"thumbnailUrl\":\"https:\\\/\\\/centar-fm.org\\\/inmediasres\\\/wp-content\\\/uploads\\\/sites\\\/2\\\/2024\\\/05\\\/inmediasresno1malo24.png\",\"keywords\":[\"Branka \u0160egvi\u0107 i Iva Poli\u0107: Analiza internetskog diskursa u objavama \u010dlanova Vlade na Facebooku\"],\"articleSection\":[\"In Medias Res broj 24 vlasiti url\"],\"inLanguage\":\"en-US\",\"potentialAction\":[{\"@type\":\"CommentAction\",\"name\":\"Comment\",\"target\":[\"https:\\\/\\\/centar-fm.org\\\/inmediasres\\\/index.php\\\/branka-segvic-i-iva-polic-analiza-internetskog-diskursa-u-objavama-clanova-vlade-na-facebooku\\\/#respond\"]}]},{\"@type\":\"WebPage\",\"@id\":\"https:\\\/\\\/centar-fm.org\\\/inmediasres\\\/index.php\\\/branka-segvic-i-iva-polic-analiza-internetskog-diskursa-u-objavama-clanova-vlade-na-facebooku\\\/\",\"url\":\"https:\\\/\\\/centar-fm.org\\\/inmediasres\\\/index.php\\\/branka-segvic-i-iva-polic-analiza-internetskog-diskursa-u-objavama-clanova-vlade-na-facebooku\\\/\",\"name\":\"Branka \u0160egvi\u0107 i Iva Poli\u0107: Analiza internetskog diskursa u objavama \u010dlanova Vlade na Facebooku - In Medias Res - \u010casopis centra za filozofiju medija\",\"isPartOf\":{\"@id\":\"https:\\\/\\\/centar-fm.org\\\/inmediasres\\\/#website\"},\"primaryImageOfPage\":{\"@id\":\"https:\\\/\\\/centar-fm.org\\\/inmediasres\\\/index.php\\\/branka-segvic-i-iva-polic-analiza-internetskog-diskursa-u-objavama-clanova-vlade-na-facebooku\\\/#primaryimage\"},\"image\":{\"@id\":\"https:\\\/\\\/centar-fm.org\\\/inmediasres\\\/index.php\\\/branka-segvic-i-iva-polic-analiza-internetskog-diskursa-u-objavama-clanova-vlade-na-facebooku\\\/#primaryimage\"},\"thumbnailUrl\":\"https:\\\/\\\/centar-fm.org\\\/inmediasres\\\/wp-content\\\/uploads\\\/sites\\\/2\\\/2024\\\/05\\\/inmediasresno1malo24.png\",\"datePublished\":\"2024-05-28T20:14:59+00:00\",\"author\":{\"@id\":\"https:\\\/\\\/centar-fm.org\\\/inmediasres\\\/#\\\/schema\\\/person\\\/ae49dcc23965665608f66120db8245a4\"},\"breadcrumb\":{\"@id\":\"https:\\\/\\\/centar-fm.org\\\/inmediasres\\\/index.php\\\/branka-segvic-i-iva-polic-analiza-internetskog-diskursa-u-objavama-clanova-vlade-na-facebooku\\\/#breadcrumb\"},\"inLanguage\":\"en-US\",\"potentialAction\":[{\"@type\":\"ReadAction\",\"target\":[\"https:\\\/\\\/centar-fm.org\\\/inmediasres\\\/index.php\\\/branka-segvic-i-iva-polic-analiza-internetskog-diskursa-u-objavama-clanova-vlade-na-facebooku\\\/\"]}]},{\"@type\":\"ImageObject\",\"inLanguage\":\"en-US\",\"@id\":\"https:\\\/\\\/centar-fm.org\\\/inmediasres\\\/index.php\\\/branka-segvic-i-iva-polic-analiza-internetskog-diskursa-u-objavama-clanova-vlade-na-facebooku\\\/#primaryimage\",\"url\":\"https:\\\/\\\/centar-fm.org\\\/inmediasres\\\/wp-content\\\/uploads\\\/sites\\\/2\\\/2024\\\/05\\\/inmediasresno1malo24.png\",\"contentUrl\":\"https:\\\/\\\/centar-fm.org\\\/inmediasres\\\/wp-content\\\/uploads\\\/sites\\\/2\\\/2024\\\/05\\\/inmediasresno1malo24.png\",\"width\":70,\"height\":103,\"caption\":\"inmediasres\"},{\"@type\":\"BreadcrumbList\",\"@id\":\"https:\\\/\\\/centar-fm.org\\\/inmediasres\\\/index.php\\\/branka-segvic-i-iva-polic-analiza-internetskog-diskursa-u-objavama-clanova-vlade-na-facebooku\\\/#breadcrumb\",\"itemListElement\":[{\"@type\":\"ListItem\",\"position\":1,\"name\":\"Po\u010detna stranica\",\"item\":\"https:\\\/\\\/centar-fm.org\\\/inmediasres\\\/\"},{\"@type\":\"ListItem\",\"position\":2,\"name\":\"Branka \u0160egvi\u0107 i Iva Poli\u0107: Analiza internetskog diskursa u objavama \u010dlanova Vlade na Facebooku\"}]},{\"@type\":\"WebSite\",\"@id\":\"https:\\\/\\\/centar-fm.org\\\/inmediasres\\\/#website\",\"url\":\"https:\\\/\\\/centar-fm.org\\\/inmediasres\\\/\",\"name\":\"In Medias Res - \u010casopis centra za filozofiju medija\",\"description\":\"\",\"potentialAction\":[{\"@type\":\"SearchAction\",\"target\":{\"@type\":\"EntryPoint\",\"urlTemplate\":\"https:\\\/\\\/centar-fm.org\\\/inmediasres\\\/?s={search_term_string}\"},\"query-input\":{\"@type\":\"PropertyValueSpecification\",\"valueRequired\":true,\"valueName\":\"search_term_string\"}}],\"inLanguage\":\"en-US\"},{\"@type\":\"Person\",\"@id\":\"https:\\\/\\\/centar-fm.org\\\/inmediasres\\\/#\\\/schema\\\/person\\\/ae49dcc23965665608f66120db8245a4\",\"name\":\"Super User\",\"image\":{\"@type\":\"ImageObject\",\"inLanguage\":\"en-US\",\"@id\":\"https:\\\/\\\/secure.gravatar.com\\\/avatar\\\/5ac3fc5ccca7755fa3f558fed4a39be2232c6585e68bd398c790d57375dde921?s=96&d=mm&r=g\",\"url\":\"https:\\\/\\\/secure.gravatar.com\\\/avatar\\\/5ac3fc5ccca7755fa3f558fed4a39be2232c6585e68bd398c790d57375dde921?s=96&d=mm&r=g\",\"contentUrl\":\"https:\\\/\\\/secure.gravatar.com\\\/avatar\\\/5ac3fc5ccca7755fa3f558fed4a39be2232c6585e68bd398c790d57375dde921?s=96&d=mm&r=g\",\"caption\":\"Super User\"},\"url\":\"https:\\\/\\\/centar-fm.org\\\/inmediasres\\\/index.php\\\/author\\\/amynovcfmweb\\\/\"}]}<\/script>\n<!-- \/ Yoast SEO plugin. -->","yoast_head_json":{"title":"Branka \u0160egvi\u0107 i Iva Poli\u0107: Analiza internetskog diskursa u objavama \u010dlanova Vlade na Facebooku - In Medias Res - \u010casopis centra za filozofiju medija","robots":{"index":"index","follow":"follow","max-snippet":"max-snippet:-1","max-image-preview":"max-image-preview:large","max-video-preview":"max-video-preview:-1"},"canonical":"https:\/\/centar-fm.org\/inmediasres\/index.php\/branka-segvic-i-iva-polic-analiza-internetskog-diskursa-u-objavama-clanova-vlade-na-facebooku\/","og_locale":"en_US","og_type":"article","og_title":"Branka \u0160egvi\u0107 i Iva Poli\u0107: Analiza internetskog diskursa u objavama \u010dlanova Vlade na Facebooku - In Medias Res - \u010casopis centra za filozofiju medija","og_description":"&nbsp; &nbsp; &nbsp;13(24)#5 2024 \u010casopis je otvorenog pristupa, a ovo djelo je dano na kori\u0161tenje pod licencom Creative Commons Imenovanje-Nekomercijalno 4.0 me\u0111unarodna. DOI 10.46640\/imr.13.24.5 UDK 81\u20194-057.341*Facebook Prethodno priop\u0107enje Preliminary communication Primljeno: 12.1.2024. &nbsp; &nbsp; Branka \u0160egvi\u0107 i Iva Poli\u0107 Veleu\u010dili\u0161te Aspira, Domovinskog rata 65, Split, Hrvatska branka.segvic@aspira.hr Filozofski fakultet, Polji\u010dka cesta 35, Split, Hrvatska ipolic@ffst.hr [&hellip;]","og_url":"https:\/\/centar-fm.org\/inmediasres\/index.php\/branka-segvic-i-iva-polic-analiza-internetskog-diskursa-u-objavama-clanova-vlade-na-facebooku\/","og_site_name":"In Medias Res - \u010casopis centra za filozofiju medija","article_published_time":"2024-05-28T20:14:59+00:00","og_image":[{"width":70,"height":103,"url":"https:\/\/centar-fm.org\/inmediasres\/wp-content\/uploads\/sites\/2\/2024\/05\/inmediasresno1malo24.png","type":"image\/png"}],"author":"Super User","twitter_card":"summary_large_image","twitter_misc":{"Written by":"Super User","Est. reading time":"37 minutes"},"schema":{"@context":"https:\/\/schema.org","@graph":[{"@type":"Article","@id":"https:\/\/centar-fm.org\/inmediasres\/index.php\/branka-segvic-i-iva-polic-analiza-internetskog-diskursa-u-objavama-clanova-vlade-na-facebooku\/#article","isPartOf":{"@id":"https:\/\/centar-fm.org\/inmediasres\/index.php\/branka-segvic-i-iva-polic-analiza-internetskog-diskursa-u-objavama-clanova-vlade-na-facebooku\/"},"author":{"name":"Super User","@id":"https:\/\/centar-fm.org\/inmediasres\/#\/schema\/person\/ae49dcc23965665608f66120db8245a4"},"headline":"Branka \u0160egvi\u0107 i Iva Poli\u0107: Analiza internetskog diskursa u objavama \u010dlanova Vlade na Facebooku","datePublished":"2024-05-28T20:14:59+00:00","mainEntityOfPage":{"@id":"https:\/\/centar-fm.org\/inmediasres\/index.php\/branka-segvic-i-iva-polic-analiza-internetskog-diskursa-u-objavama-clanova-vlade-na-facebooku\/"},"wordCount":7475,"commentCount":0,"image":{"@id":"https:\/\/centar-fm.org\/inmediasres\/index.php\/branka-segvic-i-iva-polic-analiza-internetskog-diskursa-u-objavama-clanova-vlade-na-facebooku\/#primaryimage"},"thumbnailUrl":"https:\/\/centar-fm.org\/inmediasres\/wp-content\/uploads\/sites\/2\/2024\/05\/inmediasresno1malo24.png","keywords":["Branka \u0160egvi\u0107 i Iva Poli\u0107: Analiza internetskog diskursa u objavama \u010dlanova Vlade na Facebooku"],"articleSection":["In Medias Res broj 24 vlasiti url"],"inLanguage":"en-US","potentialAction":[{"@type":"CommentAction","name":"Comment","target":["https:\/\/centar-fm.org\/inmediasres\/index.php\/branka-segvic-i-iva-polic-analiza-internetskog-diskursa-u-objavama-clanova-vlade-na-facebooku\/#respond"]}]},{"@type":"WebPage","@id":"https:\/\/centar-fm.org\/inmediasres\/index.php\/branka-segvic-i-iva-polic-analiza-internetskog-diskursa-u-objavama-clanova-vlade-na-facebooku\/","url":"https:\/\/centar-fm.org\/inmediasres\/index.php\/branka-segvic-i-iva-polic-analiza-internetskog-diskursa-u-objavama-clanova-vlade-na-facebooku\/","name":"Branka \u0160egvi\u0107 i Iva Poli\u0107: Analiza internetskog diskursa u objavama \u010dlanova Vlade na Facebooku - In Medias Res - \u010casopis centra za filozofiju medija","isPartOf":{"@id":"https:\/\/centar-fm.org\/inmediasres\/#website"},"primaryImageOfPage":{"@id":"https:\/\/centar-fm.org\/inmediasres\/index.php\/branka-segvic-i-iva-polic-analiza-internetskog-diskursa-u-objavama-clanova-vlade-na-facebooku\/#primaryimage"},"image":{"@id":"https:\/\/centar-fm.org\/inmediasres\/index.php\/branka-segvic-i-iva-polic-analiza-internetskog-diskursa-u-objavama-clanova-vlade-na-facebooku\/#primaryimage"},"thumbnailUrl":"https:\/\/centar-fm.org\/inmediasres\/wp-content\/uploads\/sites\/2\/2024\/05\/inmediasresno1malo24.png","datePublished":"2024-05-28T20:14:59+00:00","author":{"@id":"https:\/\/centar-fm.org\/inmediasres\/#\/schema\/person\/ae49dcc23965665608f66120db8245a4"},"breadcrumb":{"@id":"https:\/\/centar-fm.org\/inmediasres\/index.php\/branka-segvic-i-iva-polic-analiza-internetskog-diskursa-u-objavama-clanova-vlade-na-facebooku\/#breadcrumb"},"inLanguage":"en-US","potentialAction":[{"@type":"ReadAction","target":["https:\/\/centar-fm.org\/inmediasres\/index.php\/branka-segvic-i-iva-polic-analiza-internetskog-diskursa-u-objavama-clanova-vlade-na-facebooku\/"]}]},{"@type":"ImageObject","inLanguage":"en-US","@id":"https:\/\/centar-fm.org\/inmediasres\/index.php\/branka-segvic-i-iva-polic-analiza-internetskog-diskursa-u-objavama-clanova-vlade-na-facebooku\/#primaryimage","url":"https:\/\/centar-fm.org\/inmediasres\/wp-content\/uploads\/sites\/2\/2024\/05\/inmediasresno1malo24.png","contentUrl":"https:\/\/centar-fm.org\/inmediasres\/wp-content\/uploads\/sites\/2\/2024\/05\/inmediasresno1malo24.png","width":70,"height":103,"caption":"inmediasres"},{"@type":"BreadcrumbList","@id":"https:\/\/centar-fm.org\/inmediasres\/index.php\/branka-segvic-i-iva-polic-analiza-internetskog-diskursa-u-objavama-clanova-vlade-na-facebooku\/#breadcrumb","itemListElement":[{"@type":"ListItem","position":1,"name":"Po\u010detna stranica","item":"https:\/\/centar-fm.org\/inmediasres\/"},{"@type":"ListItem","position":2,"name":"Branka \u0160egvi\u0107 i Iva Poli\u0107: Analiza internetskog diskursa u objavama \u010dlanova Vlade na Facebooku"}]},{"@type":"WebSite","@id":"https:\/\/centar-fm.org\/inmediasres\/#website","url":"https:\/\/centar-fm.org\/inmediasres\/","name":"In Medias Res - \u010casopis centra za filozofiju medija","description":"","potentialAction":[{"@type":"SearchAction","target":{"@type":"EntryPoint","urlTemplate":"https:\/\/centar-fm.org\/inmediasres\/?s={search_term_string}"},"query-input":{"@type":"PropertyValueSpecification","valueRequired":true,"valueName":"search_term_string"}}],"inLanguage":"en-US"},{"@type":"Person","@id":"https:\/\/centar-fm.org\/inmediasres\/#\/schema\/person\/ae49dcc23965665608f66120db8245a4","name":"Super User","image":{"@type":"ImageObject","inLanguage":"en-US","@id":"https:\/\/secure.gravatar.com\/avatar\/5ac3fc5ccca7755fa3f558fed4a39be2232c6585e68bd398c790d57375dde921?s=96&d=mm&r=g","url":"https:\/\/secure.gravatar.com\/avatar\/5ac3fc5ccca7755fa3f558fed4a39be2232c6585e68bd398c790d57375dde921?s=96&d=mm&r=g","contentUrl":"https:\/\/secure.gravatar.com\/avatar\/5ac3fc5ccca7755fa3f558fed4a39be2232c6585e68bd398c790d57375dde921?s=96&d=mm&r=g","caption":"Super User"},"url":"https:\/\/centar-fm.org\/inmediasres\/index.php\/author\/amynovcfmweb\/"}]}},"_links":{"self":[{"href":"https:\/\/centar-fm.org\/inmediasres\/index.php\/wp-json\/wp\/v2\/posts\/467","targetHints":{"allow":["GET"]}}],"collection":[{"href":"https:\/\/centar-fm.org\/inmediasres\/index.php\/wp-json\/wp\/v2\/posts"}],"about":[{"href":"https:\/\/centar-fm.org\/inmediasres\/index.php\/wp-json\/wp\/v2\/types\/post"}],"author":[{"embeddable":true,"href":"https:\/\/centar-fm.org\/inmediasres\/index.php\/wp-json\/wp\/v2\/users\/2"}],"replies":[{"embeddable":true,"href":"https:\/\/centar-fm.org\/inmediasres\/index.php\/wp-json\/wp\/v2\/comments?post=467"}],"version-history":[{"count":0,"href":"https:\/\/centar-fm.org\/inmediasres\/index.php\/wp-json\/wp\/v2\/posts\/467\/revisions"}],"wp:featuredmedia":[{"embeddable":true,"href":"https:\/\/centar-fm.org\/inmediasres\/index.php\/wp-json\/wp\/v2\/media\/463"}],"wp:attachment":[{"href":"https:\/\/centar-fm.org\/inmediasres\/index.php\/wp-json\/wp\/v2\/media?parent=467"}],"wp:term":[{"taxonomy":"category","embeddable":true,"href":"https:\/\/centar-fm.org\/inmediasres\/index.php\/wp-json\/wp\/v2\/categories?post=467"},{"taxonomy":"post_tag","embeddable":true,"href":"https:\/\/centar-fm.org\/inmediasres\/index.php\/wp-json\/wp\/v2\/tags?post=467"}],"curies":[{"name":"wp","href":"https:\/\/api.w.org\/{rel}","templated":true}]}}