{"id":479,"date":"2024-05-29T02:30:23","date_gmt":"2024-05-29T02:30:23","guid":{"rendered":"https:\/\/sweet-mcclintock.194-60-87-163.plesk.page\/inmediasres\/2024\/05\/29\/naslovnica-br-24\/"},"modified":"2024-12-05T12:19:29","modified_gmt":"2024-12-05T12:19:29","slug":"naslovnica-br-24","status":"publish","type":"post","link":"https:\/\/centar-fm.org\/inmediasres\/index.php\/naslovnica-br-24\/","title":{"rendered":"naslovnica br.24"},"content":{"rendered":"<table style=\"background-color: #eceff2;\" border=\"0\" cellspacing=\"0\" cellpadding=\"0\">\n<tbody>\n<tr>\n<td valign=\"top\" width=\"370\">\n<p style=\"text-align: center;\">\n<div align=\"center\">\n<div id=\"images\">\n<a href=\"index.php\/in-medias-res-broj24\"><\/a><br \/>\n<a href=\"index.php\/in-medias-res-broj24\"><img loading=\"lazy\" decoding=\"async\" class=\" size-full wp-image-476\" id=\"img2\" src=\"https:\/\/centar-fm.org\/inmediasres\/wp-content\/uploads\/sites\/2\/2024\/05\/inmediasresno24blesii.jpg\" width=\"350\" height=\"513\" style=\"border: 1px solid #000000;\" alt=\"inmediasres2024br24\" title=\"InMediasRes br. 24\" srcset=\"https:\/\/centar-fm.org\/inmediasres\/wp-content\/uploads\/sites\/2\/2024\/05\/inmediasresno24blesii.jpg 592w, https:\/\/centar-fm.org\/inmediasres\/wp-content\/uploads\/sites\/2\/2024\/05\/inmediasresno24blesii-205x300.jpg 205w\" sizes=\"(max-width: 350px) 100vw, 350px\" \/><\/a>\n<\/div>\n<\/div>\n<p class=\"MsoNormal\" style=\"line-height: 150%;\">&nbsp;<\/p>\n<p style=\"text-align: center;\">\n<div align=\"center\">\n<div id=\"images\">\n<a href=\"https:\/\/centar-fm.org\/inmediasres\/wp-content\/uploads\/sites\/2\/2024\/05\/cijeli-casopis-inmediasres24hrv.pdf\"><img loading=\"lazy\" decoding=\"async\" class=\" size-full wp-image-108\" id=\"img1\" src=\"https:\/\/centar-fm.org\/inmediasres\/wp-content\/uploads\/sites\/2\/2011\/11\/adobe_pdf_icon.png\" width=\"55\" height=\"52\" alt=\"\" title=\"InMediasRes\" \/><\/a><br \/>\n<a href=\"https:\/\/centar-fm.org\/inmediasres\/wp-content\/uploads\/sites\/2\/2024\/05\/cijeli-casopis-inmediasres24hrv.pdf\"><img loading=\"lazy\" decoding=\"async\" class=\" size-full wp-image-478\" id=\"img2\" src=\"https:\/\/centar-fm.org\/inmediasres\/wp-content\/uploads\/sites\/2\/2024\/05\/adobe_pdf_iconbles.png\" width=\"55\" height=\"52\" alt=\"\" title=\"InMediasRes\" \/><\/a>\n<\/div>\n<\/div>\n<p style=\"line-height: 170%; text-align: center;\"><strong>IN MEDIAS RES <\/strong><br \/> \u010dasopis filozofije medija <\/p>\n<p class=\"MsoNormal\" style=\"line-height: 50%;\">&nbsp;<\/p>\n<p style=\"line-height: 170%; text-align: center;\">Izdava\u010d \u010dasopisa:<br \/> Centar za filozofiju medija i mediolo\u0161ka istra\u017eivanja (Zagreb)<\/p>\n<p class=\"MsoNormal\" style=\"line-height: 50%;\">&nbsp;<\/p>\n<p style=\"line-height: 170%; text-align: center;\">Adresa: Petrovogorska 18, 10000 Zagreb <\/p>\n<p class=\"MsoNormal\" style=\"line-height: 50%;\">&nbsp;<\/p>\n<p style=\"line-height: 170%; text-align: center;\">\nE-mail: inmediasres@centar-fm.org<\/p>\n<p class=\"MsoNormal\" style=\"line-height: 50%;\">&nbsp;<\/p>\n<p style=\"line-height: 170%; text-align: center;\">\nGODINA 13 (2024) broj 24<\/p>\n<p style=\"line-height: 100%; text-align: center;\">&nbsp;<\/p>\n<hr \/>\n<p style=\"line-height: 170%; text-align: center;\">\n<a rel=\"license\" href=\"http:\/\/creativecommons.org\/licenses\/by-nc\/4.0\/\"><img decoding=\"async\" alt=\"Creative Commons licenca\" style=\"border-width:0\" src=\"https:\/\/i.creativecommons.org\/l\/by-nc\/4.0\/88x31.png\" \/><\/a><br \/>\u010casopis je otvorenog pristupa, a ovo djelo je dano na kori\u0161tenje pod licencom <a rel=\"license\" href=\"http:\/\/creativecommons.org\/licenses\/by-nc\/4.0\/\"><strong>Creative Commons Imenovanje-Nekomercijalno 4.0 me\u0111unarodna.<\/strong><\/a><\/p>\n<\/div>\n<\/td>\n<td valign=\"top\" width=\"20\">\n<p style=\"line-height: 100%; text-align: center;\">&nbsp;<\/p>\n<\/td>\n<td valign=\"top\" width=\"20\">\n<p style=\"line-height: 100%; text-align: center;\">&nbsp;<\/p>\n<\/td>\n<td valign=\"top\">\n<p style=\"line-height: 200%;\"><strong>ISSN 1848-6304<\/strong><\/p>\n<p style=\"line-height: 200%;\"><strong>UDK 316.774:1<\/strong><\/p>\n<p style=\"line-height: 200%;\"><strong>Vol 13, br. 24, 2024.<\/strong><\/p>\n<p style=\"line-height: 200%;\"><strong><em>Sadr\u017eaj<\/em><\/strong><\/p>\n<p style=\"text-align: center; line-height: 50%;\" align=\"center\">&nbsp;<\/p>\n<table style=\"background-color: #eceff2;\" border=\"0\">\n<tbody>\n<tr>\n<td valign=\"top\" width=\"110\"><span style=\"color: #000000;\"><span style=\"color: #000000;\"><a href=\"https:\/\/centar-fm.org\/inmediasres\/2024\/05\/28\/fahira-fejzic-cengic-medijska-refrakcija-zvuka-tezi-put-do-mudrosti\/\">Fahira Fejzi\u0107 \u2013 \u010cengi\u0107:<\/a><\/span><\/span><\/td>\n<td valign=\"top\"><span style=\"color: #000000;\"><a href=\"https:\/\/centar-fm.org\/inmediasres\/2024\/05\/28\/fahira-fejzic-cengic-medijska-refrakcija-zvuka-tezi-put-do-mudrosti\/\"><strong>Medijska refrakcija zvuka \u2013 te\u017ei put do mudrosti<\/strong><\/a><\/span><\/p>\n<div style=\"height: 5px; overflow:hidden;\">&nbsp;<\/div>\n<p><span style=\"color: #000000;\"><a href=\"https:\/\/centar-fm.org\/inmediasres\/2024\/05\/28\/fahira-fejzic-cengic-medijska-refrakcija-zvuka-tezi-put-do-mudrosti\/\"><strong>Medias Refraction of Sound \u2013 the Strong Path to Wisdom<\/strong><\/a><\/span>\n<\/td>\n<\/tr>\n<tr>\n<td valign=\"top\" width=\"110\">\n<div style=\"height: 6px; overflow:hidden;\">\n<\/div>\n<\/td>\n<td>\n<div style=\"height: 6px; overflow:hidden;\">\n<\/div>\n<\/td>\n<\/tr>\n<tr>\n<td width=\"110\" valign=\"top\"><span style=\"color: #000000;\"><a href=\"https:\/\/www.centar-fm.org\/inmediasres_eng\/index.php\/divna-vuksanovic-i-dragan-calovic-digital-performances-a-problem-based-approach\">Divna Vuksanovi\u0107 i Dragan \u0106alovi\u0107:<\/a><\/span><\/td>\n<td valign=\"top\"><span style=\"color: #000000;\"><a href=\"https:\/\/www.centar-fm.org\/inmediasres_eng\/index.php\/divna-vuksanovic-i-dragan-calovic-digital-performances-a-problem-based-approach\"><strong>Digital Performances: a Problem-based Approach<\/strong><\/a><\/span><\/p>\n<div style=\"height: 5px; overflow:hidden;\">&nbsp;<\/div>\n<p><span style=\"color: #000000;\"><a href=\"https:\/\/www.centar-fm.org\/inmediasres_eng\/index.php\/divna-vuksanovic-i-dragan-calovic-digital-performances-a-problem-based-approach\"><strong>Digitalna izvo\u0111enja: problemski pristup<\/strong><\/a><\/span>\n<\/td>\n<\/tr>\n<tr>\n<td valign=\"top\" width=\"110\">\n<div style=\"height: 6px; overflow:hidden;\">\n<\/div>\n<\/td>\n<td>\n<div style=\"height: 6px; overflow:hidden;\">\n<\/div>\n<\/td>\n<\/tr>\n<tr>\n<td width=\"110\" valign=\"top\"><span style=\"color: #000000;\"><a href=\"https:\/\/www.centar-fm.org\/inmediasres_eng\/index.php\/karlo-kanajet-characteristics-of-croatian-news-portals-reporting-on-the-covid-19-pandemic-in-2020-in-the-pre-crisis-period\">Karlo Kanajet:<\/a><\/span><\/td>\n<td valign=\"top\"><span style=\"color: #000000;\"><a href=\"https:\/\/www.centar-fm.org\/inmediasres_eng\/index.php\/karlo-kanajet-characteristics-of-croatian-news-portals-reporting-on-the-covid-19-pandemic-in-2020-in-the-pre-crisis-period\"><strong>Characteristics of Croatian News Portals Reporting on the COVID-19 Pandemic in 2020 in the Pre-crisis Period<\/strong><\/a><\/span><\/p>\n<div style=\"height: 5px; overflow:hidden;\">&nbsp;<\/div>\n<p><span style=\"color: #000000;\"><a href=\"https:\/\/www.centar-fm.org\/inmediasres_eng\/index.php\/karlo-kanajet-characteristics-of-croatian-news-portals-reporting-on-the-covid-19-pandemic-in-2020-in-the-pre-crisis-period\"><strong>Obilje\u017eja izvje\u0161tavanja hrvatskih news portala o pandemiji COVID-19 u 2020. godini u pretkriznom razdoblju<\/strong><\/a><\/span>\n<\/td>\n<\/tr>\n<tr>\n<td valign=\"top\" width=\"110\">\n<div style=\"height: 6px; overflow:hidden;\">\n<\/div>\n<\/td>\n<td>\n<div style=\"height: 6px; overflow:hidden;\">\n<\/div>\n<\/td>\n<\/tr>\n<tr>\n<td width=\"110\" valign=\"top\"><span style=\"color: #000000;\"><a href=\"https:\/\/centar-fm.org\/inmediasres\/2024\/05\/28\/dario-terzic-boja-kao-identitet\/\">Dario Terzi\u0107:<\/a><\/span><\/td>\n<td valign=\"top\"><span style=\"color: #000000;\"><a href=\"https:\/\/centar-fm.org\/inmediasres\/2024\/05\/28\/dario-terzic-boja-kao-identitet\/\"><strong>Boja kao identitet<\/strong><\/a><\/span><\/p>\n<div style=\"height: 5px; overflow:hidden;\">&nbsp;<\/div>\n<p><span style=\"color: #000000;\"><a href=\"https:\/\/centar-fm.org\/inmediasres\/2024\/05\/28\/dario-terzic-boja-kao-identitet\/\"><strong>Color as an Identity<\/strong><\/a><\/span>\n<\/td>\n<\/tr>\n<tr>\n<td valign=\"top\" width=\"110\">\n<div style=\"height: 6px; overflow:hidden;\">\n<\/div>\n<\/td>\n<td>\n<div style=\"height: 6px; overflow:hidden;\">\n<\/div>\n<\/td>\n<\/tr>\n<tr>\n<td width=\"110\" valign=\"top\"><span style=\"color: #000000;\"><a href=\"https:\/\/centar-fm.org\/inmediasres\/2024\/05\/28\/branka-segvic-i-iva-polic-analiza-internetskog-diskursa-u-objavama-clanova-vlade-na-facebooku\/\">Branka \u0160egvi\u0107 i Iva Poli\u0107:<\/a><\/span><\/td>\n<td valign=\"top\"><span style=\"color: #000000;\"><a href=\"https:\/\/centar-fm.org\/inmediasres\/2024\/05\/28\/branka-segvic-i-iva-polic-analiza-internetskog-diskursa-u-objavama-clanova-vlade-na-facebooku\/\"><strong>Analiza internetskog diskursa u objavama \u010dlanova Vlade na Facebooku<\/strong><\/a><\/span><\/p>\n<div style=\"height: 5px; overflow:hidden;\">&nbsp;<\/div>\n<p><span style=\"color: #000000;\"><a href=\"https:\/\/centar-fm.org\/inmediasres\/2024\/05\/28\/branka-segvic-i-iva-polic-analiza-internetskog-diskursa-u-objavama-clanova-vlade-na-facebooku\/\"><strong>Analysis of the Internet Discourse in the Facebook posts by the Members of the Croatian Government<\/strong><\/a><\/span>\n<\/td>\n<\/tr>\n<tr>\n<td valign=\"top\" width=\"110\">\n<div style=\"height: 6px; overflow:hidden;\">\n<\/div>\n<\/td>\n<td>\n<div style=\"height: 6px; overflow:hidden;\">\n<\/div>\n<\/td>\n<\/tr>\n<tr>\n<td width=\"110\" valign=\"top\"><span style=\"color: #000000;\"><a href=\"https:\/\/centar-fm.org\/inmediasres\/2024\/05\/28\/mustafa-sefo-jezik-komunikacija-i-mediji\/\">Mustafa Sefo:<\/a><\/span><\/td>\n<td valign=\"top\"><span style=\"color: #000000;\"><a href=\"https:\/\/centar-fm.org\/inmediasres\/2024\/05\/28\/mustafa-sefo-jezik-komunikacija-i-mediji\/\"><strong>Jezik, komunikacija i mediji<\/strong><\/a><\/span><\/p>\n<div style=\"height: 5px; overflow:hidden;\">&nbsp;<\/div>\n<p><span style=\"color: #000000;\"><a href=\"https:\/\/centar-fm.org\/inmediasres\/2024\/05\/28\/mustafa-sefo-jezik-komunikacija-i-mediji\/\"><strong>Language, Communication, Media<\/strong><\/a><\/span>\n<\/td>\n<\/tr>\n<tr>\n<td valign=\"top\" width=\"110\">\n<div style=\"height: 6px; overflow:hidden;\">\n<\/div>\n<\/td>\n<td>\n<div style=\"height: 6px; overflow:hidden;\">\n<\/div>\n<\/td>\n<\/tr>\n<tr>\n<td width=\"110\" valign=\"top\"><span style=\"color: #000000;\"><a href=\"https:\/\/centar-fm.org\/inmediasres\/2024\/05\/28\/dafne-vidanec-refrakcije-religioznoga-boje-i-oblici-bizantske-umjetnosti-na-primjeru-eufrazijane\/\">Dafne Vidanec:<\/a><\/span><\/td>\n<td valign=\"top\"><span style=\"color: #000000;\"><a href=\"https:\/\/centar-fm.org\/inmediasres\/2024\/05\/28\/dafne-vidanec-refrakcije-religioznoga-boje-i-oblici-bizantske-umjetnosti-na-primjeru-eufrazijane\/\"><strong>Refrakcije religioznoga: boje i oblici bizantske umjetnosti na primjeru Eufrazijane<\/strong><\/a><\/span><\/p>\n<div style=\"height: 5px; overflow:hidden;\">&nbsp;<\/div>\n<p><span style=\"color: #000000;\"><a href=\"https:\/\/centar-fm.org\/inmediasres\/2024\/05\/28\/dafne-vidanec-refrakcije-religioznoga-boje-i-oblici-bizantske-umjetnosti-na-primjeru-eufrazijane\/\"><strong>Refractions of the Religion: Colors and Shapes of Byzantine Art Applied to Euphrasian Basilica <\/strong><\/a><\/span>\n<\/td>\n<\/tr>\n<tr>\n<td valign=\"top\" width=\"110\">\n<div style=\"height: 6px; overflow:hidden;\">\n<\/div>\n<\/td>\n<td>\n<div style=\"height: 6px; overflow:hidden;\">\n<\/div>\n<\/td>\n<\/tr>\n<tr>\n<td width=\"110\" valign=\"top\"><span style=\"color: #000000;\"><a href=\"https:\/\/centar-fm.org\/inmediasres\/2024\/05\/28\/jasna-kolovrat-manipulativna-moc-reklama-u-oblikovanju-pristanka-na-buduce-socioekonomske-trendove\/\">Jasna Kolovrat:<\/a><\/span><\/td>\n<td valign=\"top\"><span style=\"color: #000000;\"><a href=\"https:\/\/centar-fm.org\/inmediasres\/2024\/05\/28\/jasna-kolovrat-manipulativna-moc-reklama-u-oblikovanju-pristanka-na-buduce-socioekonomske-trendove\/\"><strong>Manipulativna mo\u0107 reklama u oblikovanju pristanka na budu\u0107e socioekonomske trendove <\/strong><\/a><\/span><\/p>\n<div style=\"height: 5px; overflow:hidden;\">&nbsp;<\/div>\n<p><span style=\"color: #000000;\"><a href=\"https:\/\/centar-fm.org\/inmediasres\/2024\/05\/28\/jasna-kolovrat-manipulativna-moc-reklama-u-oblikovanju-pristanka-na-buduce-socioekonomske-trendove\/\"><strong>The Manipulative Power of Advertisements in shaping Consent to future Socioeconomic Trends<\/strong><\/a><\/span>\n<\/td>\n<\/tr>\n<tr>\n<td valign=\"top\" width=\"110\">\n<div style=\"height: 6px; overflow:hidden;\">\n<\/div>\n<\/td>\n<td>\n<div style=\"height: 6px; overflow:hidden;\">\n<\/div>\n<\/td>\n<\/tr>\n<tr>\n<td width=\"110\" valign=\"top\"><span style=\"color: #000000;\"><a href=\"https:\/\/www.centar-fm.org\/inmediasres_eng\/index.php\/moneef-r-zou-bi-the-arab-islamic-civilisation-as-a-global-force-for-good-a-reworked-science-focused-historical-narrative\">Moneef R. Zou\u2019bi:<\/a><\/span><\/td>\n<td valign=\"top\"><span style=\"color: #000000;\"><a href=\"https:\/\/www.centar-fm.org\/inmediasres_eng\/index.php\/moneef-r-zou-bi-the-arab-islamic-civilisation-as-a-global-force-for-good-a-reworked-science-focused-historical-narrative\"><strong>The Arab Islamic Civilisation as a Global Force for Good: A Reworked Science-Focused Historical Narrative<\/strong><\/a><\/span><\/p>\n<div style=\"height: 5px; overflow:hidden;\">&nbsp;<\/div>\n<p><span style=\"color: #000000;\"><a href=\"https:\/\/www.centar-fm.org\/inmediasres_eng\/index.php\/moneef-r-zou-bi-the-arab-islamic-civilisation-as-a-global-force-for-good-a-reworked-science-focused-historical-narrative\"><strong>Arapsko-islamska civilizacija kao globalna \u2018sila za dobro\u2019: Preina\u010deni, na znanost usmjereni povijesni narativi <\/strong><\/a><\/span>\n<\/td>\n<\/tr>\n<tr>\n<td valign=\"top\" width=\"110\">\n<div style=\"height: 6px; overflow:hidden;\">\n<\/div>\n<\/td>\n<td>\n<div style=\"height: 6px; overflow:hidden;\">\n<\/div>\n<\/td>\n<\/tr>\n<tr>\n<td width=\"110\" valign=\"top\"><span style=\"color: #000000;\"><a href=\"https:\/\/centar-fm.org\/inmediasres\/2024\/05\/28\/enes-karic-hermeneutika-i-egzegeza-kur-ana-filipa-corlukica\/\">Enes Kari\u0107:<\/a><\/span><\/td>\n<td valign=\"top\"><span style=\"color: #000000;\"><a href=\"https:\/\/centar-fm.org\/inmediasres\/2024\/05\/28\/enes-karic-hermeneutika-i-egzegeza-kur-ana-filipa-corlukica\/\"><strong>Hermeneutika i egzegeza Kur\u2019\u0101na Filipa \u0106orluki\u0107a<\/strong><\/a><\/span><\/p>\n<div style=\"height: 5px; overflow:hidden;\">&nbsp;<\/div>\n<p><span style=\"color: #000000;\"><a href=\"https:\/\/centar-fm.org\/inmediasres\/2024\/05\/28\/enes-karic-hermeneutika-i-egzegeza-kur-ana-filipa-corlukica\/\"><strong>Hermeneutics and Exegesis of the Qur\u2019an by Filip \u0106orluki\u0107<\/strong><\/a><\/span>\n<\/td>\n<\/tr>\n<tr>\n<td valign=\"top\" width=\"110\">\n<div style=\"height: 6px; overflow:hidden;\">\n<\/div>\n<\/td>\n<td>\n<div style=\"height: 6px; overflow:hidden;\">\n<\/div>\n<\/td>\n<\/tr>\n<\/tbody>\n<\/table>\n<div style=\"height: 6px; overflow:hidden;\">&nbsp;<\/div>\n<\/td>\n<\/tr>\n<\/tbody>\n<\/table>\n","protected":false},"excerpt":{"rendered":"<p>&nbsp; IN MEDIAS RES \u010dasopis filozofije medija &nbsp; Izdava\u010d \u010dasopisa: Centar za filozofiju medija i mediolo\u0161ka istra\u017eivanja (Zagreb) &nbsp; Adresa: Petrovogorska 18, 10000 Zagreb &nbsp; E-mail: inmediasres@centar-fm.org &nbsp; GODINA 13 (2024) broj 24 &nbsp; \u010casopis je otvorenog pristupa, a ovo djelo je dano na kori\u0161tenje pod licencom Creative Commons Imenovanje-Nekomercijalno 4.0 me\u0111unarodna. &nbsp; &nbsp; ISSN [&hellip;]<\/p>\n","protected":false},"author":2,"featured_media":475,"comment_status":"open","ping_status":"open","sticky":false,"template":"","format":"standard","meta":{"_acf_changed":false,"_et_pb_use_builder":"","_et_pb_old_content":"","_et_gb_content_width":"","footnotes":""},"categories":[112],"tags":[839,855,844,842,850,843,841,848,607,838,837,856,586,857,851,846,840,847,852,836,853,845,849,854],"class_list":["post-479","post","type-post","status-publish","format-standard","has-post-thumbnail","hentry","category-in-medias-res-broj-24-naslovnica","tag-a-problem-based-approach","tag-a-reworked-science-focused-historical-narrative","tag-analiza-internetskog-diskursa-u-objavama-clanova-vlade-na-facebooku","tag-boja-kao-identitet","tag-boje-i-oblici-bizantske-umjetnosti-na-primjeru-eufrazijane","tag-branka-segvic-i-iva-polic","tag-characteristics-of-croatian-news-portals-reporting-on-the-covid-19-pandemic-in-2020-in-the-pre-crisis-period","tag-dafne-vidanec","tag-dario-terzic","tag-digital-performances","tag-divna-vuksanovic-i-dragan-calovic","tag-enes-karic","tag-fahira-fejzic-cengic","tag-hermeneutika-i-egzegeza-kurana-filipa-corlukica","tag-jasna-kolovrat","tag-jezik","tag-karlo-kanajet","tag-komunikacija-i-mediji","tag-manipulativna-moc-reklama-u-oblikovanju-pristanka-na-buduce-socioekonomske-trendove","tag-medijska-refrakcija-zvuka-tezi-put-do-mudrosti","tag-moneef-r-zoubi","tag-mustafa-sefo","tag-refrakcije-religioznoga","tag-the-arab-islamic-civilisation-as-a-global-force-for-good","et-has-post-format-content","et_post_format-et-post-format-standard"],"acf":[],"yoast_head":"<!-- This site is optimized with the Yoast SEO plugin v27.4 - https:\/\/yoast.com\/product\/yoast-seo-wordpress\/ -->\n<title>naslovnica br.24 - In Medias Res - \u010casopis centra za filozofiju medija<\/title>\n<meta name=\"robots\" content=\"index, follow, max-snippet:-1, max-image-preview:large, max-video-preview:-1\" \/>\n<link rel=\"canonical\" href=\"https:\/\/centar-fm.org\/inmediasres\/index.php\/naslovnica-br-24\/\" \/>\n<meta property=\"og:locale\" content=\"en_US\" \/>\n<meta property=\"og:type\" content=\"article\" \/>\n<meta property=\"og:title\" content=\"naslovnica br.24 - In Medias Res - \u010casopis centra za filozofiju medija\" \/>\n<meta property=\"og:description\" content=\"&nbsp; IN MEDIAS RES \u010dasopis filozofije medija &nbsp; Izdava\u010d \u010dasopisa: Centar za filozofiju medija i mediolo\u0161ka istra\u017eivanja (Zagreb) &nbsp; Adresa: Petrovogorska 18, 10000 Zagreb &nbsp; E-mail: inmediasres@centar-fm.org &nbsp; GODINA 13 (2024) broj 24 &nbsp; \u010casopis je otvorenog pristupa, a ovo djelo je dano na kori\u0161tenje pod licencom Creative Commons Imenovanje-Nekomercijalno 4.0 me\u0111unarodna. &nbsp; &nbsp; ISSN [&hellip;]\" \/>\n<meta property=\"og:url\" content=\"https:\/\/centar-fm.org\/inmediasres\/index.php\/naslovnica-br-24\/\" \/>\n<meta property=\"og:site_name\" content=\"In Medias Res - \u010casopis centra za filozofiju medija\" \/>\n<meta property=\"article:published_time\" content=\"2024-05-29T02:30:23+00:00\" \/>\n<meta property=\"article:modified_time\" content=\"2024-12-05T12:19:29+00:00\" \/>\n<meta property=\"og:image\" content=\"https:\/\/centar-fm.org\/inmediasres\/wp-content\/uploads\/sites\/2\/2024\/05\/inmediasresno24ii.jpg\" \/>\n\t<meta property=\"og:image:width\" content=\"592\" \/>\n\t<meta property=\"og:image:height\" content=\"868\" \/>\n\t<meta property=\"og:image:type\" content=\"image\/jpeg\" \/>\n<meta name=\"author\" content=\"Super User\" \/>\n<meta name=\"twitter:card\" content=\"summary_large_image\" \/>\n<meta name=\"twitter:label1\" content=\"Written by\" \/>\n\t<meta name=\"twitter:data1\" content=\"Super User\" \/>\n\t<meta name=\"twitter:label2\" content=\"Est. reading time\" \/>\n\t<meta name=\"twitter:data2\" content=\"1 minute\" \/>\n<script type=\"application\/ld+json\" class=\"yoast-schema-graph\">{\"@context\":\"https:\\\/\\\/schema.org\",\"@graph\":[{\"@type\":\"Article\",\"@id\":\"https:\\\/\\\/centar-fm.org\\\/inmediasres\\\/index.php\\\/naslovnica-br-24\\\/#article\",\"isPartOf\":{\"@id\":\"https:\\\/\\\/centar-fm.org\\\/inmediasres\\\/index.php\\\/naslovnica-br-24\\\/\"},\"author\":{\"name\":\"Super User\",\"@id\":\"https:\\\/\\\/centar-fm.org\\\/inmediasres\\\/#\\\/schema\\\/person\\\/ae49dcc23965665608f66120db8245a4\"},\"headline\":\"naslovnica br.24\",\"datePublished\":\"2024-05-29T02:30:23+00:00\",\"dateModified\":\"2024-12-05T12:19:29+00:00\",\"mainEntityOfPage\":{\"@id\":\"https:\\\/\\\/centar-fm.org\\\/inmediasres\\\/index.php\\\/naslovnica-br-24\\\/\"},\"wordCount\":294,\"commentCount\":0,\"image\":{\"@id\":\"https:\\\/\\\/centar-fm.org\\\/inmediasres\\\/index.php\\\/naslovnica-br-24\\\/#primaryimage\"},\"thumbnailUrl\":\"https:\\\/\\\/centar-fm.org\\\/inmediasres\\\/wp-content\\\/uploads\\\/sites\\\/2\\\/2024\\\/05\\\/inmediasresno24ii.jpg\",\"keywords\":[\"a Problem-based Approach\",\"A Reworked Science-Focused Historical Narrative\",\"Analiza internetskog diskursa u objavama \u010dlanova Vlade na Facebooku\",\"Boja kao identitet\",\"boje i oblici bizantske umjetnosti na primjeru Eufrazijane\",\"Branka \u0160egvi\u0107 i Iva Poli\u0107\",\"Characteristics of Croatian News Portals Reporting on the COVID-19 Pandemic in 2020 in the Pre-crisis Period\",\"Dafne Vidanec\",\"Dario Terzi\u0107\",\"Digital Performances\",\"Divna Vuksanovi\u0107 i Dragan \u0106alovi\u0107\",\"Enes Kari\u0107\",\"Fahira Fejzi\u0107-\u010cengi\u0107\",\"Hermeneutika i egzegeza Kur\u2019\u0101na Filipa \u0106orluki\u0107a\",\"Jasna Kolovrat\",\"Jezik\",\"Karlo Kanajet\",\"komunikacija i mediji\",\"Manipulativna mo\u0107 reklama u oblikovanju pristanka na budu\u0107e socioekonomske trendove\",\"Medijska refrakcija zvuka \u2013 te\u017ei put do mudrosti\",\"Moneef R. Zou\u2019bi\",\"Mustafa Sefo\",\"Refrakcije religioznoga\",\"The Arab Islamic Civilisation as a Global Force for Good\"],\"articleSection\":[\"In Medias Res broj 24 naslovnica\"],\"inLanguage\":\"en-US\",\"potentialAction\":[{\"@type\":\"CommentAction\",\"name\":\"Comment\",\"target\":[\"https:\\\/\\\/centar-fm.org\\\/inmediasres\\\/index.php\\\/naslovnica-br-24\\\/#respond\"]}]},{\"@type\":\"WebPage\",\"@id\":\"https:\\\/\\\/centar-fm.org\\\/inmediasres\\\/index.php\\\/naslovnica-br-24\\\/\",\"url\":\"https:\\\/\\\/centar-fm.org\\\/inmediasres\\\/index.php\\\/naslovnica-br-24\\\/\",\"name\":\"naslovnica br.24 - In Medias Res - \u010casopis centra za filozofiju medija\",\"isPartOf\":{\"@id\":\"https:\\\/\\\/centar-fm.org\\\/inmediasres\\\/#website\"},\"primaryImageOfPage\":{\"@id\":\"https:\\\/\\\/centar-fm.org\\\/inmediasres\\\/index.php\\\/naslovnica-br-24\\\/#primaryimage\"},\"image\":{\"@id\":\"https:\\\/\\\/centar-fm.org\\\/inmediasres\\\/index.php\\\/naslovnica-br-24\\\/#primaryimage\"},\"thumbnailUrl\":\"https:\\\/\\\/centar-fm.org\\\/inmediasres\\\/wp-content\\\/uploads\\\/sites\\\/2\\\/2024\\\/05\\\/inmediasresno24ii.jpg\",\"datePublished\":\"2024-05-29T02:30:23+00:00\",\"dateModified\":\"2024-12-05T12:19:29+00:00\",\"author\":{\"@id\":\"https:\\\/\\\/centar-fm.org\\\/inmediasres\\\/#\\\/schema\\\/person\\\/ae49dcc23965665608f66120db8245a4\"},\"breadcrumb\":{\"@id\":\"https:\\\/\\\/centar-fm.org\\\/inmediasres\\\/index.php\\\/naslovnica-br-24\\\/#breadcrumb\"},\"inLanguage\":\"en-US\",\"potentialAction\":[{\"@type\":\"ReadAction\",\"target\":[\"https:\\\/\\\/centar-fm.org\\\/inmediasres\\\/index.php\\\/naslovnica-br-24\\\/\"]}]},{\"@type\":\"ImageObject\",\"inLanguage\":\"en-US\",\"@id\":\"https:\\\/\\\/centar-fm.org\\\/inmediasres\\\/index.php\\\/naslovnica-br-24\\\/#primaryimage\",\"url\":\"https:\\\/\\\/centar-fm.org\\\/inmediasres\\\/wp-content\\\/uploads\\\/sites\\\/2\\\/2024\\\/05\\\/inmediasresno24ii.jpg\",\"contentUrl\":\"https:\\\/\\\/centar-fm.org\\\/inmediasres\\\/wp-content\\\/uploads\\\/sites\\\/2\\\/2024\\\/05\\\/inmediasresno24ii.jpg\",\"width\":592,\"height\":868,\"caption\":\"InMediasRes br. 24\"},{\"@type\":\"BreadcrumbList\",\"@id\":\"https:\\\/\\\/centar-fm.org\\\/inmediasres\\\/index.php\\\/naslovnica-br-24\\\/#breadcrumb\",\"itemListElement\":[{\"@type\":\"ListItem\",\"position\":1,\"name\":\"Po\u010detna stranica\",\"item\":\"https:\\\/\\\/centar-fm.org\\\/inmediasres\\\/\"},{\"@type\":\"ListItem\",\"position\":2,\"name\":\"naslovnica br.24\"}]},{\"@type\":\"WebSite\",\"@id\":\"https:\\\/\\\/centar-fm.org\\\/inmediasres\\\/#website\",\"url\":\"https:\\\/\\\/centar-fm.org\\\/inmediasres\\\/\",\"name\":\"In Medias Res - \u010casopis centra za filozofiju medija\",\"description\":\"\",\"potentialAction\":[{\"@type\":\"SearchAction\",\"target\":{\"@type\":\"EntryPoint\",\"urlTemplate\":\"https:\\\/\\\/centar-fm.org\\\/inmediasres\\\/?s={search_term_string}\"},\"query-input\":{\"@type\":\"PropertyValueSpecification\",\"valueRequired\":true,\"valueName\":\"search_term_string\"}}],\"inLanguage\":\"en-US\"},{\"@type\":\"Person\",\"@id\":\"https:\\\/\\\/centar-fm.org\\\/inmediasres\\\/#\\\/schema\\\/person\\\/ae49dcc23965665608f66120db8245a4\",\"name\":\"Super User\",\"image\":{\"@type\":\"ImageObject\",\"inLanguage\":\"en-US\",\"@id\":\"https:\\\/\\\/secure.gravatar.com\\\/avatar\\\/5ac3fc5ccca7755fa3f558fed4a39be2232c6585e68bd398c790d57375dde921?s=96&d=mm&r=g\",\"url\":\"https:\\\/\\\/secure.gravatar.com\\\/avatar\\\/5ac3fc5ccca7755fa3f558fed4a39be2232c6585e68bd398c790d57375dde921?s=96&d=mm&r=g\",\"contentUrl\":\"https:\\\/\\\/secure.gravatar.com\\\/avatar\\\/5ac3fc5ccca7755fa3f558fed4a39be2232c6585e68bd398c790d57375dde921?s=96&d=mm&r=g\",\"caption\":\"Super User\"},\"url\":\"https:\\\/\\\/centar-fm.org\\\/inmediasres\\\/index.php\\\/author\\\/amynovcfmweb\\\/\"}]}<\/script>\n<!-- \/ Yoast SEO plugin. -->","yoast_head_json":{"title":"naslovnica br.24 - In Medias Res - \u010casopis centra za filozofiju medija","robots":{"index":"index","follow":"follow","max-snippet":"max-snippet:-1","max-image-preview":"max-image-preview:large","max-video-preview":"max-video-preview:-1"},"canonical":"https:\/\/centar-fm.org\/inmediasres\/index.php\/naslovnica-br-24\/","og_locale":"en_US","og_type":"article","og_title":"naslovnica br.24 - In Medias Res - \u010casopis centra za filozofiju medija","og_description":"&nbsp; IN MEDIAS RES \u010dasopis filozofije medija &nbsp; Izdava\u010d \u010dasopisa: Centar za filozofiju medija i mediolo\u0161ka istra\u017eivanja (Zagreb) &nbsp; Adresa: Petrovogorska 18, 10000 Zagreb &nbsp; E-mail: inmediasres@centar-fm.org &nbsp; GODINA 13 (2024) broj 24 &nbsp; \u010casopis je otvorenog pristupa, a ovo djelo je dano na kori\u0161tenje pod licencom Creative Commons Imenovanje-Nekomercijalno 4.0 me\u0111unarodna. &nbsp; &nbsp; ISSN [&hellip;]","og_url":"https:\/\/centar-fm.org\/inmediasres\/index.php\/naslovnica-br-24\/","og_site_name":"In Medias Res - \u010casopis centra za filozofiju medija","article_published_time":"2024-05-29T02:30:23+00:00","article_modified_time":"2024-12-05T12:19:29+00:00","og_image":[{"width":592,"height":868,"url":"https:\/\/centar-fm.org\/inmediasres\/wp-content\/uploads\/sites\/2\/2024\/05\/inmediasresno24ii.jpg","type":"image\/jpeg"}],"author":"Super User","twitter_card":"summary_large_image","twitter_misc":{"Written by":"Super User","Est. reading time":"1 minute"},"schema":{"@context":"https:\/\/schema.org","@graph":[{"@type":"Article","@id":"https:\/\/centar-fm.org\/inmediasres\/index.php\/naslovnica-br-24\/#article","isPartOf":{"@id":"https:\/\/centar-fm.org\/inmediasres\/index.php\/naslovnica-br-24\/"},"author":{"name":"Super User","@id":"https:\/\/centar-fm.org\/inmediasres\/#\/schema\/person\/ae49dcc23965665608f66120db8245a4"},"headline":"naslovnica br.24","datePublished":"2024-05-29T02:30:23+00:00","dateModified":"2024-12-05T12:19:29+00:00","mainEntityOfPage":{"@id":"https:\/\/centar-fm.org\/inmediasres\/index.php\/naslovnica-br-24\/"},"wordCount":294,"commentCount":0,"image":{"@id":"https:\/\/centar-fm.org\/inmediasres\/index.php\/naslovnica-br-24\/#primaryimage"},"thumbnailUrl":"https:\/\/centar-fm.org\/inmediasres\/wp-content\/uploads\/sites\/2\/2024\/05\/inmediasresno24ii.jpg","keywords":["a Problem-based Approach","A Reworked Science-Focused Historical Narrative","Analiza internetskog diskursa u objavama \u010dlanova Vlade na Facebooku","Boja kao identitet","boje i oblici bizantske umjetnosti na primjeru Eufrazijane","Branka \u0160egvi\u0107 i Iva Poli\u0107","Characteristics of Croatian News Portals Reporting on the COVID-19 Pandemic in 2020 in the Pre-crisis Period","Dafne Vidanec","Dario Terzi\u0107","Digital Performances","Divna Vuksanovi\u0107 i Dragan \u0106alovi\u0107","Enes Kari\u0107","Fahira Fejzi\u0107-\u010cengi\u0107","Hermeneutika i egzegeza Kur\u2019\u0101na Filipa \u0106orluki\u0107a","Jasna Kolovrat","Jezik","Karlo Kanajet","komunikacija i mediji","Manipulativna mo\u0107 reklama u oblikovanju pristanka na budu\u0107e socioekonomske trendove","Medijska refrakcija zvuka \u2013 te\u017ei put do mudrosti","Moneef R. Zou\u2019bi","Mustafa Sefo","Refrakcije religioznoga","The Arab Islamic Civilisation as a Global Force for Good"],"articleSection":["In Medias Res broj 24 naslovnica"],"inLanguage":"en-US","potentialAction":[{"@type":"CommentAction","name":"Comment","target":["https:\/\/centar-fm.org\/inmediasres\/index.php\/naslovnica-br-24\/#respond"]}]},{"@type":"WebPage","@id":"https:\/\/centar-fm.org\/inmediasres\/index.php\/naslovnica-br-24\/","url":"https:\/\/centar-fm.org\/inmediasres\/index.php\/naslovnica-br-24\/","name":"naslovnica br.24 - In Medias Res - \u010casopis centra za filozofiju medija","isPartOf":{"@id":"https:\/\/centar-fm.org\/inmediasres\/#website"},"primaryImageOfPage":{"@id":"https:\/\/centar-fm.org\/inmediasres\/index.php\/naslovnica-br-24\/#primaryimage"},"image":{"@id":"https:\/\/centar-fm.org\/inmediasres\/index.php\/naslovnica-br-24\/#primaryimage"},"thumbnailUrl":"https:\/\/centar-fm.org\/inmediasres\/wp-content\/uploads\/sites\/2\/2024\/05\/inmediasresno24ii.jpg","datePublished":"2024-05-29T02:30:23+00:00","dateModified":"2024-12-05T12:19:29+00:00","author":{"@id":"https:\/\/centar-fm.org\/inmediasres\/#\/schema\/person\/ae49dcc23965665608f66120db8245a4"},"breadcrumb":{"@id":"https:\/\/centar-fm.org\/inmediasres\/index.php\/naslovnica-br-24\/#breadcrumb"},"inLanguage":"en-US","potentialAction":[{"@type":"ReadAction","target":["https:\/\/centar-fm.org\/inmediasres\/index.php\/naslovnica-br-24\/"]}]},{"@type":"ImageObject","inLanguage":"en-US","@id":"https:\/\/centar-fm.org\/inmediasres\/index.php\/naslovnica-br-24\/#primaryimage","url":"https:\/\/centar-fm.org\/inmediasres\/wp-content\/uploads\/sites\/2\/2024\/05\/inmediasresno24ii.jpg","contentUrl":"https:\/\/centar-fm.org\/inmediasres\/wp-content\/uploads\/sites\/2\/2024\/05\/inmediasresno24ii.jpg","width":592,"height":868,"caption":"InMediasRes br. 24"},{"@type":"BreadcrumbList","@id":"https:\/\/centar-fm.org\/inmediasres\/index.php\/naslovnica-br-24\/#breadcrumb","itemListElement":[{"@type":"ListItem","position":1,"name":"Po\u010detna stranica","item":"https:\/\/centar-fm.org\/inmediasres\/"},{"@type":"ListItem","position":2,"name":"naslovnica br.24"}]},{"@type":"WebSite","@id":"https:\/\/centar-fm.org\/inmediasres\/#website","url":"https:\/\/centar-fm.org\/inmediasres\/","name":"In Medias Res - \u010casopis centra za filozofiju medija","description":"","potentialAction":[{"@type":"SearchAction","target":{"@type":"EntryPoint","urlTemplate":"https:\/\/centar-fm.org\/inmediasres\/?s={search_term_string}"},"query-input":{"@type":"PropertyValueSpecification","valueRequired":true,"valueName":"search_term_string"}}],"inLanguage":"en-US"},{"@type":"Person","@id":"https:\/\/centar-fm.org\/inmediasres\/#\/schema\/person\/ae49dcc23965665608f66120db8245a4","name":"Super User","image":{"@type":"ImageObject","inLanguage":"en-US","@id":"https:\/\/secure.gravatar.com\/avatar\/5ac3fc5ccca7755fa3f558fed4a39be2232c6585e68bd398c790d57375dde921?s=96&d=mm&r=g","url":"https:\/\/secure.gravatar.com\/avatar\/5ac3fc5ccca7755fa3f558fed4a39be2232c6585e68bd398c790d57375dde921?s=96&d=mm&r=g","contentUrl":"https:\/\/secure.gravatar.com\/avatar\/5ac3fc5ccca7755fa3f558fed4a39be2232c6585e68bd398c790d57375dde921?s=96&d=mm&r=g","caption":"Super User"},"url":"https:\/\/centar-fm.org\/inmediasres\/index.php\/author\/amynovcfmweb\/"}]}},"_links":{"self":[{"href":"https:\/\/centar-fm.org\/inmediasres\/index.php\/wp-json\/wp\/v2\/posts\/479","targetHints":{"allow":["GET"]}}],"collection":[{"href":"https:\/\/centar-fm.org\/inmediasres\/index.php\/wp-json\/wp\/v2\/posts"}],"about":[{"href":"https:\/\/centar-fm.org\/inmediasres\/index.php\/wp-json\/wp\/v2\/types\/post"}],"author":[{"embeddable":true,"href":"https:\/\/centar-fm.org\/inmediasres\/index.php\/wp-json\/wp\/v2\/users\/2"}],"replies":[{"embeddable":true,"href":"https:\/\/centar-fm.org\/inmediasres\/index.php\/wp-json\/wp\/v2\/comments?post=479"}],"version-history":[{"count":1,"href":"https:\/\/centar-fm.org\/inmediasres\/index.php\/wp-json\/wp\/v2\/posts\/479\/revisions"}],"predecessor-version":[{"id":1159,"href":"https:\/\/centar-fm.org\/inmediasres\/index.php\/wp-json\/wp\/v2\/posts\/479\/revisions\/1159"}],"wp:featuredmedia":[{"embeddable":true,"href":"https:\/\/centar-fm.org\/inmediasres\/index.php\/wp-json\/wp\/v2\/media\/475"}],"wp:attachment":[{"href":"https:\/\/centar-fm.org\/inmediasres\/index.php\/wp-json\/wp\/v2\/media?parent=479"}],"wp:term":[{"taxonomy":"category","embeddable":true,"href":"https:\/\/centar-fm.org\/inmediasres\/index.php\/wp-json\/wp\/v2\/categories?post=479"},{"taxonomy":"post_tag","embeddable":true,"href":"https:\/\/centar-fm.org\/inmediasres\/index.php\/wp-json\/wp\/v2\/tags?post=479"}],"curies":[{"name":"wp","href":"https:\/\/api.w.org\/{rel}","templated":true}]}}