{"id":494,"date":"2024-10-03T14:42:11","date_gmt":"2024-10-03T14:42:11","guid":{"rendered":"https:\/\/sweet-mcclintock.194-60-87-163.plesk.page\/inmediasres\/2024\/10\/03\/naslovnica-br-25\/"},"modified":"2024-12-20T09:29:48","modified_gmt":"2024-12-20T09:29:48","slug":"naslovnica-br-25","status":"publish","type":"post","link":"https:\/\/centar-fm.org\/inmediasres\/index.php\/naslovnica-br-25\/","title":{"rendered":"naslovnica br.25"},"content":{"rendered":"<p>[et_pb_section admin_label=&#8221;section&#8221;]<br \/>\n\t\t\t[et_pb_row admin_label=&#8221;row&#8221;]<br \/>\n\t\t\t\t[et_pb_column type=&#8221;4_4&#8243;][et_pb_text admin_label=&#8221;Text&#8221;]<\/p>\n<table style=\"background-color: #eceff2;\" border=\"0\" cellspacing=\"0\" cellpadding=\"0\">\n<tbody>\n<tr>\n<td valign=\"top\" width=\"370\">\n<p style=\"text-align: center;\">\n<div align=\"center\">\n<div id=\"images\">\n<a href=\"index.php\/in-medias-res-broj25\"><\/a><br \/>\n<a href=\"index.php\/in-medias-res-broj25\"><img loading=\"lazy\" decoding=\"async\" class=\" size-full wp-image-492\" id=\"img2\" src=\"https:\/\/centar-fm.org\/inmediasres\/wp-content\/uploads\/sites\/2\/2024\/10\/inmediasresno25blesii.jpg\" width=\"350\" height=\"513\" style=\"border: 1px solid #000000;\" alt=\"inmediasres2024br25\" title=\"InMediasRes br. 25\" srcset=\"https:\/\/centar-fm.org\/inmediasres\/wp-content\/uploads\/sites\/2\/2024\/10\/inmediasresno25blesii.jpg 592w, https:\/\/centar-fm.org\/inmediasres\/wp-content\/uploads\/sites\/2\/2024\/10\/inmediasresno25blesii-205x300.jpg 205w\" sizes=\"(max-width: 350px) 100vw, 350px\" \/><\/a>\n<\/div>\n<\/div>\n<p class=\"MsoNormal\" style=\"line-height: 150%;\">&nbsp;<\/p>\n<p style=\"text-align: center;\">\n<div align=\"center\">\n<div id=\"images\">\n<a href=\"https:\/\/centar-fm.org\/inmediasres\/wp-content\/uploads\/sites\/2\/2024\/10\/cijeli-casopis-inmediasres25hrv.pdf\"><img loading=\"lazy\" decoding=\"async\" class=\" size-full wp-image-108\" id=\"img1\" src=\"https:\/\/centar-fm.org\/inmediasres\/wp-content\/uploads\/sites\/2\/2011\/11\/adobe_pdf_icon.png\" width=\"55\" height=\"52\" alt=\"\" title=\"InMediasRes\" \/><\/a><br \/>\n<a href=\"https:\/\/centar-fm.org\/inmediasres\/wp-content\/uploads\/sites\/2\/2024\/10\/cijeli-casopis-inmediasres25hrv.pdf\"><img loading=\"lazy\" decoding=\"async\" class=\" size-full wp-image-478\" id=\"img2\" src=\"https:\/\/centar-fm.org\/inmediasres\/wp-content\/uploads\/sites\/2\/2024\/05\/adobe_pdf_iconbles.png\" width=\"55\" height=\"52\" alt=\"\" title=\"InMediasRes\" \/><\/a>\n<\/div>\n<\/div>\n<p style=\"line-height: 170%; text-align: center;\"><strong>IN MEDIAS RES <\/strong><br \/> \u010dasopis filozofije medija <\/p>\n<p class=\"MsoNormal\" style=\"line-height: 50%;\">&nbsp;<\/p>\n<p style=\"line-height: 170%; text-align: center;\">Izdava\u010d \u010dasopisa:<br \/> Centar za filozofiju medija i mediolo\u0161ka istra\u017eivanja (Zagreb)<\/p>\n<p class=\"MsoNormal\" style=\"line-height: 50%;\">&nbsp;<\/p>\n<p style=\"line-height: 170%; text-align: center;\">Adresa: Petrovogorska 18, 10000 Zagreb <\/p>\n<p class=\"MsoNormal\" style=\"line-height: 50%;\">&nbsp;<\/p>\n<p style=\"line-height: 170%; text-align: center;\">\nE-mail: inmediasres@centar-fm.org<\/p>\n<p class=\"MsoNormal\" style=\"line-height: 50%;\">&nbsp;<\/p>\n<p style=\"line-height: 170%; text-align: center;\">\nGODINA 13 (2024) broj 25<\/p>\n<p style=\"line-height: 100%; text-align: center;\">&nbsp;<\/p>\n<hr \/>\n<p style=\"line-height: 170%; text-align: center;\">\n<a rel=\"license\" href=\"http:\/\/creativecommons.org\/licenses\/by-nc\/4.0\/\"><img decoding=\"async\" alt=\"Creative Commons licenca\" style=\"border-width:0\" src=\"https:\/\/i.creativecommons.org\/l\/by-nc\/4.0\/88x31.png\" \/><\/a><br \/>\u010casopis je otvorenog pristupa, a ovo djelo je dano na kori\u0161tenje pod licencom <a rel=\"license\" href=\"http:\/\/creativecommons.org\/licenses\/by-nc\/4.0\/\"><strong>Creative Commons Imenovanje-Nekomercijalno 4.0 me\u0111unarodna.<\/strong><\/a><\/p>\n<\/div>\n<\/td>\n<td valign=\"top\" width=\"20\">\n<p style=\"line-height: 100%; text-align: center;\">&nbsp;<\/p>\n<\/td>\n<td valign=\"top\" width=\"20\">\n<p style=\"line-height: 100%; text-align: center;\">&nbsp;<\/p>\n<\/td>\n<td valign=\"top\">\n<p style=\"line-height: 200%;\"><strong>ISSN 1848-6304<\/strong><\/p>\n<p style=\"line-height: 200%;\"><strong>UDK 316.774:1<\/strong><\/p>\n<p style=\"line-height: 200%;\"><strong>Vol 13, br. 25, 2024.<\/strong><\/p>\n<p style=\"line-height: 200%;\"><strong><em>Sadr\u017eaj<\/em><\/strong><\/p>\n<p style=\"text-align: center; line-height: 50%;\" align=\"center\">&nbsp;<\/p>\n<table style=\"background-color: #eceff2;\" border=\"0\">\n<tbody>\n<tr>\n<td valign=\"top\" width=\"110\"><span style=\"color: #000000;\"><br \/>\n<span style=\"color: #000000;\"><a href=\"https:\/\/www.centar-fm.org\/inmediasres_eng\/index.php\/amela-delic-ascic-zarfa-hrnjic-kuduzovic-i-amira-banjic-solution-oriented-journalism-attitudes-of-journalism-students-and-the-representation-of-solutions-in-the-reporting-of-web-portals-on-young-people\">Amela Deli\u0107 A\u0161\u010di\u0107, Zarfa Hrnji\u0107 Kuduzovi\u0107 i Amira Banji\u0107:<\/a><\/span><\/span><\/td>\n<td valign=\"top\"><span style=\"color: #000000;\"><a href=\"https:\/\/www.centar-fm.org\/inmediasres_eng\/index.php\/amela-delic-ascic-zarfa-hrnjic-kuduzovic-i-amira-banjic-solution-oriented-journalism-attitudes-of-journalism-students-and-the-representation-of-solutions-in-the-reporting-of-web-portals-on-young-people\"><strong>Solution-oriented Journalism: Attitudes of Journalism Students and the Representation of solutions in the reporting of Web Portals on Young People<\/strong><\/a><\/span><\/p>\n<div style=\"height: 5px; overflow:hidden;\">&nbsp;<\/div>\n<p><span style=\"color: #000000;\"><a href=\"https:\/\/www.centar-fm.org\/inmediasres_eng\/index.php\/amela-delic-ascic-zarfa-hrnjic-kuduzovic-i-amira-banjic-solution-oriented-journalism-attitudes-of-journalism-students-and-the-representation-of-solutions-in-the-reporting-of-web-portals-on-young-people\"><strong>Novinarstvo usmjereno na rje\u0161enja: stavovi studenata novinarstva i predstavljanje rje\u0161enja u izvje\u0161tavanju web portala o mladima<\/strong><\/a><\/span>\n<\/td>\n<\/tr>\n<tr>\n<td valign=\"top\" width=\"110\">\n<div style=\"height: 6px; overflow:hidden;\">\n<\/div>\n<\/td>\n<td>\n<div style=\"height: 6px; overflow:hidden;\">\n<\/div>\n<\/td>\n<\/tr>\n<tr>\n<td width=\"110\" valign=\"top\"><span style=\"color: #000000;\"><a href=\"https:\/\/www.centar-fm.org\/inmediasres_eng\/index.php\/paula-catipovic-the-role-of-emotions-in-the-dissemination-of-populism-and-fake-news-phenomena\">Paula \u010catipovi\u0107:<\/a><\/span><\/td>\n<td valign=\"top\"><span style=\"color: #000000;\"><a href=\"https:\/\/www.centar-fm.org\/inmediasres_eng\/index.php\/paula-catipovic-the-role-of-emotions-in-the-dissemination-of-populism-and-fake-news-phenomena\"><strong>The Role of Emotions in the Dissemination of Populism and fake News Phenomena<\/strong><\/a><\/span><\/p>\n<div style=\"height: 5px; overflow:hidden;\">&nbsp;<\/div>\n<p><span style=\"color: #000000;\"><a href=\"https:\/\/www.centar-fm.org\/inmediasres_eng\/index.php\/paula-catipovic-the-role-of-emotions-in-the-dissemination-of-populism-and-fake-news-phenomena\"><strong>Uloga emocija u \u0161irenju populizma i fenomena la\u017enih vijesti<\/strong><\/a><\/span>\n<\/td>\n<\/tr>\n<tr>\n<td valign=\"top\" width=\"110\">\n<div style=\"height: 6px; overflow:hidden;\">\n<\/div>\n<\/td>\n<td>\n<div style=\"height: 6px; overflow:hidden;\">\n<\/div>\n<\/td>\n<\/tr>\n<tr>\n<td width=\"110\" valign=\"top\"><span style=\"color: #000000;\"><a href=\"https:\/\/centar-fm.org\/inmediasres\/2024\/10\/03\/darko-kovacic-refrakcija-religije-u-mediju-psihoanalize-crtice-uz-credo-ericha-fromma\/\">Darko Kova\u010di\u0107:<\/a><\/span><\/td>\n<td valign=\"top\"><span style=\"color: #000000;\"><a href=\"https:\/\/centar-fm.org\/inmediasres\/2024\/10\/03\/darko-kovacic-refrakcija-religije-u-mediju-psihoanalize-crtice-uz-credo-ericha-fromma\/\"><strong>Refrakcija religije u mediju psihoanalize (crtice uz <em>credo<\/em> ericha fromma)<\/strong><\/a><\/span><\/p>\n<div style=\"height: 5px; overflow:hidden;\">&nbsp;<\/div>\n<p><span style=\"color: #000000;\"><a href=\"https:\/\/centar-fm.org\/inmediasres\/2024\/10\/03\/darko-kovacic-refrakcija-religije-u-mediju-psihoanalize-crtice-uz-credo-ericha-fromma\/\"><strong>Refraction of Religion in the Medium of Psychoanalysis (Hyphens with the <em>Credo<\/em> of Erich Fromm)<\/strong><\/a><\/span>\n<\/td>\n<\/tr>\n<tr>\n<td valign=\"top\" width=\"110\">\n<div style=\"height: 6px; overflow:hidden;\">\n<\/div>\n<\/td>\n<td>\n<div style=\"height: 6px; overflow:hidden;\">\n<\/div>\n<\/td>\n<\/tr>\n<tr>\n<td width=\"110\" valign=\"top\">\n<span style=\"color: #000000;\"><a href=\"https:\/\/centar-fm.org\/inmediasres\/2024\/10\/03\/fulvio-suran-kazaliste-ega-izmedu-perspektivizma-i-relativizma\/\">Fulvio \u0160uran:<\/a><\/span><\/td>\n<td valign=\"top\">\n<span style=\"color: #000000;\"><a href=\"https:\/\/centar-fm.org\/inmediasres\/2024\/10\/03\/fulvio-suran-kazaliste-ega-izmedu-perspektivizma-i-relativizma\/\"><strong>Kazali\u0161te ega: izme\u0111u perspektivizma i relativizma<\/strong><\/a><\/span><\/p>\n<div style=\"height: 5px; overflow:hidden;\">&nbsp;<\/div>\n<p><span style=\"color: #000000;\"><a href=\"https:\/\/centar-fm.org\/inmediasres\/2024\/10\/03\/fulvio-suran-kazaliste-ega-izmedu-perspektivizma-i-relativizma\/\"><strong>The Theater of the Self: Between Perspectivism and Relativism<\/strong><\/a><\/span>\n<\/td>\n<\/tr>\n<tr>\n<td valign=\"top\" width=\"110\">\n<div style=\"height: 6px; overflow:hidden;\">\n<\/div>\n<\/td>\n<td>\n<div style=\"height: 6px; overflow:hidden;\">\n<\/div>\n<\/td>\n<\/tr>\n<tr>\n<td width=\"110\" valign=\"top\"><span style=\"color: #000000;\"><a href=\"https:\/\/centar-fm.org\/inmediasres\/2024\/10\/03\/suzana-marjanic-handelmanovi-modeli-i-zrcala-javnih-dogadaja-ili-sinjska-alka-kao-primjer-zrcala-prezentacije-malbasin-modo-epico\/\">Suzana Marjani\u0107:<\/a><\/span><\/td>\n<td valign=\"top\"><span style=\"color: #000000;\"><a href=\"https:\/\/centar-fm.org\/inmediasres\/2024\/10\/03\/suzana-marjanic-handelmanovi-modeli-i-zrcala-javnih-dogadaja-ili-sinjska-alka-kao-primjer-zrcala-prezentacije-malbasin-modo-epico\/\"><strong>Handelmanovi modeli i zrcala javnih doga\u0111aja ili Sinjska alka kao primjer zrcala-prezentacije; Malba\u0161in <em>modo epico<\/em><\/strong><\/a><\/span><\/p>\n<div style=\"height: 5px; overflow:hidden;\">&nbsp;<\/div>\n<p><span style=\"color: #000000;\"><a href=\"https:\/\/centar-fm.org\/inmediasres\/2024\/10\/03\/suzana-marjanic-handelmanovi-modeli-i-zrcala-javnih-dogadaja-ili-sinjska-alka-kao-primjer-zrcala-prezentacije-malbasin-modo-epico\/\"><strong>Handelman\u2019s Models and Mirrors of Public events or Sinjska Alka as an example of a Mirror-presentation; Malba\u0161a\u2019s <em>Modo Epico<\/em><\/strong><\/a><\/span>\n<\/td>\n<\/tr>\n<tr>\n<td valign=\"top\" width=\"110\">\n<div style=\"height: 6px; overflow:hidden;\">\n<\/div>\n<\/td>\n<td>\n<div style=\"height: 6px; overflow:hidden;\">\n<\/div>\n<\/td>\n<\/tr>\n<tr>\n<td width=\"110\" valign=\"top\"><span style=\"color: #000000;\"><a href=\"https:\/\/centar-fm.org\/inmediasres\/2024\/10\/03\/ivana-marasovic-susnjara-maja-vejic-i-julija-vejic-ocuvanje-zdravlja-interferencija-konstruktivna-ili-destruktivna\/\">Ivana Marasovi\u0107 \u0160u\u0161njara, Maja Veji\u0107 i Julija Veji\u0107:<\/a><\/span><\/td>\n<td valign=\"top\"><span style=\"color: #000000;\"><a href=\"https:\/\/centar-fm.org\/inmediasres\/2024\/10\/03\/ivana-marasovic-susnjara-maja-vejic-i-julija-vejic-ocuvanje-zdravlja-interferencija-konstruktivna-ili-destruktivna\/\"><strong>O\u010duvanje zdravlja \u2013 \u201e<em>interferencija<\/em>\u201c konstruktivna ili destruktivna<\/strong><\/a><\/span><\/p>\n<div style=\"height: 5px; overflow:hidden;\">&nbsp;<\/div>\n<p><span style=\"color: #000000;\"><a href=\"https:\/\/centar-fm.org\/inmediasres\/2024\/10\/03\/ivana-marasovic-susnjara-maja-vejic-i-julija-vejic-ocuvanje-zdravlja-interferencija-konstruktivna-ili-destruktivna\/\"><strong>Preservation of Health &#8211; constructive or destructive \u201e<em>Interference<\/em>\u201c<\/strong><\/a><\/span>\n<\/td>\n<\/tr>\n<tr>\n<td valign=\"top\" width=\"110\">\n<div style=\"height: 6px; overflow:hidden;\">\n<\/div>\n<\/td>\n<td>\n<div style=\"height: 6px; overflow:hidden;\">\n<\/div>\n<\/td>\n<\/tr>\n<tr>\n<td width=\"110\" valign=\"top\"><span style=\"color: #000000;\"><a href=\"https:\/\/centar-fm.org\/inmediasres\/2024\/10\/03\/kresimir-katusic-inteligentno-prevladavanje-stanja-svijest-o-jedinstvu\/\">Kre\u0161imir Katu\u0161i\u0107:<\/a><\/span><\/td>\n<td valign=\"top\"><span style=\"color: #000000;\"><a href=\"https:\/\/centar-fm.org\/inmediasres\/2024\/10\/03\/kresimir-katusic-inteligentno-prevladavanje-stanja-svijest-o-jedinstvu\/\"><strong>Inteligentno prevladavanje stanja \/ Svijest o jedinstvu<\/strong><\/a><\/span><\/p>\n<div style=\"height: 5px; overflow:hidden;\">&nbsp;<\/div>\n<p><span style=\"color: #000000;\"><a href=\"https:\/\/centar-fm.org\/inmediasres\/2024\/10\/03\/kresimir-katusic-inteligentno-prevladavanje-stanja-svijest-o-jedinstvu\/\"><strong>Intelligent Overcoming Conditions \/ Unity Awareness <\/strong><\/a><\/span>\n<\/td>\n<\/tr>\n<tr>\n<td valign=\"top\" width=\"110\">\n<div style=\"height: 6px; overflow:hidden;\">\n<\/div>\n<\/td>\n<td>\n<div style=\"height: 6px; overflow:hidden;\">\n<\/div>\n<\/td>\n<\/tr>\n<tr>\n<td width=\"110\" valign=\"top\"><span style=\"color: #000000;\"><a href=\"https:\/\/centar-fm.org\/inmediasres\/2024\/10\/03\/livia-pavletic-gesamtkunstwerk-i-multimedija-izmedu-auratskog-i-tehnickog\/\">Livia Pavleti\u0107:<\/a><\/span><\/td>\n<td valign=\"top\"><span style=\"color: #000000;\"><a href=\"https:\/\/centar-fm.org\/inmediasres\/2024\/10\/03\/livia-pavletic-gesamtkunstwerk-i-multimedija-izmedu-auratskog-i-tehnickog\/\"><strong>Gesamtkunstwerk i multimedija \u2013 izme\u0111u auratskog i tehni\u010dkog<\/strong><\/a><\/span><\/p>\n<div style=\"height: 5px; overflow:hidden;\">&nbsp;<\/div>\n<p><span style=\"color: #000000;\"><a href=\"https:\/\/centar-fm.org\/inmediasres\/2024\/10\/03\/livia-pavletic-gesamtkunstwerk-i-multimedija-izmedu-auratskog-i-tehnickog\/\"><strong>Gesamtkunstwerk and Multimedia \u2013 between the Auratic and the Technical<\/strong><\/a><\/span>\n<\/td>\n<\/tr>\n<tr>\n<td valign=\"top\" width=\"110\">\n<div style=\"height: 6px; overflow:hidden;\">\n<\/div>\n<\/td>\n<td>\n<div style=\"height: 6px; overflow:hidden;\">\n<\/div>\n<\/td>\n<\/tr>\n<\/tbody>\n<\/table>\n<div style=\"height: 6px; overflow:hidden;\">&nbsp;<\/div>\n<\/td>\n<\/tr>\n<\/tbody>\n<\/table>\n<p>[\/et_pb_text][\/et_pb_column]<br \/>\n\t\t\t[\/et_pb_row]<br \/>\n\t\t[\/et_pb_section]<\/p>\n","protected":false},"excerpt":{"rendered":"<p>&nbsp; IN MEDIAS RES \u010dasopis filozofije medija &nbsp; Izdava\u010d \u010dasopisa: Centar za filozofiju medija i mediolo\u0161ka istra\u017eivanja (Zagreb) &nbsp; Adresa: Petrovogorska 18, 10000 Zagreb &nbsp; E-mail: inmediasres@centar-fm.org &nbsp; GODINA 13 (2024) broj 25 &nbsp; \u010casopis je otvorenog pristupa, a ovo djelo je dano na kori\u0161tenje pod licencom Creative Commons Imenovanje-Nekomercijalno 4.0 me\u0111unarodna. &nbsp; &nbsp; ISSN [&hellip;]<\/p>\n","protected":false},"author":2,"featured_media":491,"comment_status":"open","ping_status":"open","sticky":true,"template":"","format":"standard","meta":{"_acf_changed":false,"_et_pb_use_builder":"on","_et_pb_old_content":"<table style=\"background-color: #eceff2;\" border=\"0\" cellspacing=\"0\" cellpadding=\"0\">\r\n<tbody>\r\n<tr>\r\n<td valign=\"top\" width=\"370\">\r\n\r\n\r\n\r\n<p style=\"text-align: center;\">\r\n<div align=\"center\">\r\n\r\n<div id=\"images\">\r\n<a href=\"index.php\/in-medias-res-broj25\"><\/a>\r\n<a href=\"index.php\/in-medias-res-broj25\"><img class=\" size-full wp-image-492\" id=\"img2\" src=\"https:\/\/centar-fm.org\/inmediasres\/wp-content\/uploads\/sites\/2\/2024\/10\/inmediasresno25blesii.jpg\" width=\"350\" height=\"513\" style=\"border: 1px solid #000000;\" alt=\"inmediasres2024br25\" title=\"InMediasRes br. 25\" \/><\/a>\r\n<\/div>\r\n\r\n<\/div>\r\n<\/p>\r\n\r\n\r\n<p class=\"MsoNormal\" style=\"line-height: 150%;\">&nbsp;<\/p>\r\n\r\n<p style=\"text-align: center;\">\r\n<div align=\"center\">\r\n\r\n\r\n<div id=\"images\">\r\n<a href=\"https:\/\/centar-fm.org\/inmediasres\/wp-content\/uploads\/sites\/2\/2024\/10\/cijeli-casopis-inmediasres25hrv.pdf\"><img class=\" size-full wp-image-108\" id=\"img1\" src=\"https:\/\/centar-fm.org\/inmediasres\/wp-content\/uploads\/sites\/2\/2011\/11\/adobe_pdf_icon.png\" width=\"55\" height=\"52\" alt=\"\" title=\"InMediasRes\" \/><\/a>\r\n<a href=\"https:\/\/centar-fm.org\/inmediasres\/wp-content\/uploads\/sites\/2\/2024\/10\/cijeli-casopis-inmediasres25hrv.pdf\"><img class=\" size-full wp-image-478\" id=\"img2\" src=\"https:\/\/centar-fm.org\/inmediasres\/wp-content\/uploads\/sites\/2\/2024\/05\/adobe_pdf_iconbles.png\" width=\"55\" height=\"52\" alt=\"\" title=\"InMediasRes\" \/><\/a>\r\n<\/div>\r\n\r\n\r\n<\/div>\r\n<\/p>\r\n\r\n\r\n\r\n<p style=\"line-height: 170%; text-align: center;\"><strong>IN MEDIAS RES <\/strong><br \/> \u010dasopis filozofije medija <\/p> \r\n<p class=\"MsoNormal\" style=\"line-height: 50%;\">&nbsp;<\/p>\r\n<p style=\"line-height: 170%; text-align: center;\">Izdava\u010d \u010dasopisa:<br \/> Centar za filozofiju medija i mediolo\u0161ka istra\u017eivanja (Zagreb)<\/p>\r\n<p class=\"MsoNormal\" style=\"line-height: 50%;\">&nbsp;<\/p>\r\n<p style=\"line-height: 170%; text-align: center;\">Adresa: Petrovogorska 18, 10000 Zagreb <\/p> \r\n<p class=\"MsoNormal\" style=\"line-height: 50%;\">&nbsp;<\/p>\r\n<p style=\"line-height: 170%; text-align: center;\">\r\nE-mail: inmediasres@centar-fm.org<\/p>\r\n<p class=\"MsoNormal\" style=\"line-height: 50%;\">&nbsp;<\/p>\r\n<p style=\"line-height: 170%; text-align: center;\">\r\nGODINA 13 (2024) broj 25<\/p>\r\n<p style=\"line-height: 100%; text-align: center;\">&nbsp;<\/p>\r\n<hr \/>\r\n<p style=\"line-height: 170%; text-align: center;\">\r\n<a rel=\"license\" href=\"http:\/\/creativecommons.org\/licenses\/by-nc\/4.0\/\"><img alt=\"Creative Commons licenca\" style=\"border-width:0\" src=\"https:\/\/i.creativecommons.org\/l\/by-nc\/4.0\/88x31.png\" \/><\/a><br \/>\u010casopis je otvorenog pristupa, a ovo djelo je dano na kori\u0161tenje pod licencom <a rel=\"license\" href=\"http:\/\/creativecommons.org\/licenses\/by-nc\/4.0\/\"><strong>Creative Commons Imenovanje-Nekomercijalno 4.0 me\u0111unarodna.<\/strong><\/a><\/p>\r\n<\/div>\r\n<\/td>\r\n\r\n<td valign=\"top\" width=\"20\">\r\n<p style=\"line-height: 100%; text-align: center;\">&nbsp;<\/p>\r\n<\/td>\r\n<td valign=\"top\" width=\"20\">\r\n<p style=\"line-height: 100%; text-align: center;\">&nbsp;<\/p>\r\n<\/td>\r\n<td valign=\"top\">\r\n<p style=\"line-height: 200%;\"><strong>ISSN 1848-6304<\/strong><\/p>\r\n<p style=\"line-height: 200%;\"><strong>UDK 316.774:1<\/strong><\/p>\r\n<p style=\"line-height: 200%;\"><strong>Vol 13, br. 25, 2024.<\/strong><\/p>\r\n<p style=\"line-height: 200%;\"><strong><em>Sadr\u017eaj<\/em><\/strong><\/p>\r\n<p style=\"text-align: center; line-height: 50%;\" align=\"center\">&nbsp;<\/p>\r\n\r\n<table style=\"background-color: #eceff2;\" border=\"0\">\r\n<tbody>\r\n\r\n\r\n\r\n\r\n\r\n<tr>\r\n<td valign=\"top\" width=\"110\"><span style=\"color: #000000;\">\r\n<span style=\"color: #000000;\"><a href=\"https:\/\/www.centar-fm.org\/inmediasres_eng\/index.php\/amela-delic-ascic-zarfa-hrnjic-kuduzovic-i-amira-banjic-solution-oriented-journalism-attitudes-of-journalism-students-and-the-representation-of-solutions-in-the-reporting-of-web-portals-on-young-people\">Amela Deli\u0107 A\u0161\u010di\u0107, Zarfa Hrnji\u0107 Kuduzovi\u0107 i Amira Banji\u0107:<\/a><\/span><\/span><\/td>\r\n<td valign=\"top\"><span style=\"color: #000000;\"><a href=\"https:\/\/www.centar-fm.org\/inmediasres_eng\/index.php\/amela-delic-ascic-zarfa-hrnjic-kuduzovic-i-amira-banjic-solution-oriented-journalism-attitudes-of-journalism-students-and-the-representation-of-solutions-in-the-reporting-of-web-portals-on-young-people\"><strong>Solution-oriented Journalism: Attitudes of Journalism Students and the Representation of solutions in the reporting of Web Portals on Young People<\/strong><\/a><\/span>\r\n\r\n<div style=\"height: 5px; overflow:hidden;\">&nbsp;<\/div>\r\n\r\n<span style=\"color: #000000;\"><a href=\"https:\/\/www.centar-fm.org\/inmediasres_eng\/index.php\/amela-delic-ascic-zarfa-hrnjic-kuduzovic-i-amira-banjic-solution-oriented-journalism-attitudes-of-journalism-students-and-the-representation-of-solutions-in-the-reporting-of-web-portals-on-young-people\"><strong>Novinarstvo usmjereno na rje\u0161enja: stavovi studenata novinarstva i predstavljanje rje\u0161enja u izvje\u0161tavanju web portala o mladima<\/strong><\/a><\/span>\r\n<\/td>\r\n<\/tr>\r\n\r\n<tr>\r\n<td valign=\"top\" width=\"110\">\r\n<div style=\"height: 6px; overflow:hidden;\">\r\n   \r\n<\/div>\r\n<\/td>\r\n<td>\r\n<div style=\"height: 6px; overflow:hidden;\">\r\n   \r\n<\/div>\r\n<\/td>\r\n<\/tr>\r\n\r\n<tr>\r\n<td width=\"110\" valign=\"top\"><span style=\"color: #000000;\"><a href=\"https:\/\/www.centar-fm.org\/inmediasres_eng\/index.php\/paula-catipovic-the-role-of-emotions-in-the-dissemination-of-populism-and-fake-news-phenomena\">Paula \u010catipovi\u0107:<\/a><\/span><\/td>\r\n<td valign=\"top\"><span style=\"color: #000000;\"><a href=\"https:\/\/www.centar-fm.org\/inmediasres_eng\/index.php\/paula-catipovic-the-role-of-emotions-in-the-dissemination-of-populism-and-fake-news-phenomena\"><strong>The Role of Emotions in the Dissemination of Populism and fake News Phenomena<\/strong><\/a><\/span>\r\n\r\n<div style=\"height: 5px; overflow:hidden;\">&nbsp;<\/div>\r\n\r\n<span style=\"color: #000000;\"><a href=\"https:\/\/www.centar-fm.org\/inmediasres_eng\/index.php\/paula-catipovic-the-role-of-emotions-in-the-dissemination-of-populism-and-fake-news-phenomena\"><strong>Uloga emocija u \u0161irenju populizma i fenomena la\u017enih vijesti<\/strong><\/a><\/span>\r\n<\/td>\r\n<\/tr>\r\n\r\n<tr>\r\n<td valign=\"top\" width=\"110\">\r\n<div style=\"height: 6px; overflow:hidden;\">\r\n   \r\n<\/div>\r\n<\/td>\r\n<td>\r\n<div style=\"height: 6px; overflow:hidden;\">\r\n   \r\n<\/div>\r\n<\/td>\r\n<\/tr>\r\n\r\n<tr>\r\n<td width=\"110\" valign=\"top\"><span style=\"color: #000000;\"><a href=\"https:\/\/centar-fm.org\/inmediasres\/2024\/10\/03\/darko-kovacic-refrakcija-religije-u-mediju-psihoanalize-crtice-uz-credo-ericha-fromma\/\">Darko Kova\u010di\u0107:<\/a><\/span><\/td>\r\n<td valign=\"top\"><span style=\"color: #000000;\"><a href=\"https:\/\/centar-fm.org\/inmediasres\/2024\/10\/03\/darko-kovacic-refrakcija-religije-u-mediju-psihoanalize-crtice-uz-credo-ericha-fromma\/\"><strong>Refrakcija religije u mediju psihoanalize (crtice uz <em>credo<\/em> ericha fromma)<\/strong><\/a><\/span>\r\n\r\n<div style=\"height: 5px; overflow:hidden;\">&nbsp;<\/div>\r\n<span style=\"color: #000000;\"><a href=\"https:\/\/centar-fm.org\/inmediasres\/2024\/10\/03\/darko-kovacic-refrakcija-religije-u-mediju-psihoanalize-crtice-uz-credo-ericha-fromma\/\"><strong>Refraction of Religion in the Medium of Psychoanalysis (Hyphens with the <em>Credo<\/em> of Erich Fromm)<\/strong><\/a><\/span>\r\n<\/td>\r\n<\/tr>\r\n\r\n<tr>\r\n<td valign=\"top\" width=\"110\">\r\n<div style=\"height: 6px; overflow:hidden;\">\r\n   \r\n<\/div>\r\n<\/td>\r\n<td>\r\n<div style=\"height: 6px; overflow:hidden;\">\r\n   \r\n<\/div>\r\n<\/td>\r\n<\/tr>\r\n\r\n<tr>\r\n<td width=\"110\" valign=\"top\">\r\n<span style=\"color: #000000;\"><a href=\"https:\/\/centar-fm.org\/inmediasres\/2024\/10\/03\/fulvio-suran-kazaliste-ega-izmedu-perspektivizma-i-relativizma\/\">Fulvio \u0160uran:<\/a><\/span><\/td>\r\n<td valign=\"top\">\r\n<span style=\"color: #000000;\"><a href=\"https:\/\/centar-fm.org\/inmediasres\/2024\/10\/03\/fulvio-suran-kazaliste-ega-izmedu-perspektivizma-i-relativizma\/\"><strong>Kazali\u0161te ega: izme\u0111u perspektivizma i relativizma<\/strong><\/a><\/span>\r\n<div style=\"height: 5px; overflow:hidden;\">&nbsp;<\/div>\r\n<span style=\"color: #000000;\"><a href=\"https:\/\/centar-fm.org\/inmediasres\/2024\/10\/03\/fulvio-suran-kazaliste-ega-izmedu-perspektivizma-i-relativizma\/\"><strong>The Theater of the Self: Between Perspectivism and Relativism<\/strong><\/a><\/span>\r\n<\/td>\r\n<\/tr>\r\n\r\n<tr>\r\n<td valign=\"top\" width=\"110\">\r\n<div style=\"height: 6px; overflow:hidden;\">\r\n   \r\n<\/div>\r\n<\/td>\r\n<td>\r\n<div style=\"height: 6px; overflow:hidden;\">\r\n   \r\n<\/div>\r\n<\/td>\r\n<\/tr>\r\n\r\n<tr>\r\n<td width=\"110\" valign=\"top\"><span style=\"color: #000000;\"><a href=\"https:\/\/centar-fm.org\/inmediasres\/2024\/10\/03\/suzana-marjanic-handelmanovi-modeli-i-zrcala-javnih-dogadaja-ili-sinjska-alka-kao-primjer-zrcala-prezentacije-malbasin-modo-epico\/\">Suzana Marjani\u0107:<\/a><\/span><\/td>\r\n<td valign=\"top\"><span style=\"color: #000000;\"><a href=\"https:\/\/centar-fm.org\/inmediasres\/2024\/10\/03\/suzana-marjanic-handelmanovi-modeli-i-zrcala-javnih-dogadaja-ili-sinjska-alka-kao-primjer-zrcala-prezentacije-malbasin-modo-epico\/\"><strong>Handelmanovi modeli i zrcala javnih doga\u0111aja ili Sinjska alka kao primjer zrcala-prezentacije; Malba\u0161in <em>modo epico<\/em><\/strong><\/a><\/span>\r\n<div style=\"height: 5px; overflow:hidden;\">&nbsp;<\/div>\r\n<span style=\"color: #000000;\"><a href=\"https:\/\/centar-fm.org\/inmediasres\/2024\/10\/03\/suzana-marjanic-handelmanovi-modeli-i-zrcala-javnih-dogadaja-ili-sinjska-alka-kao-primjer-zrcala-prezentacije-malbasin-modo-epico\/\"><strong>Handelman\u2019s Models and Mirrors of Public events or Sinjska Alka as an example of a Mirror-presentation; Malba\u0161a\u2019s <em>Modo Epico<\/em><\/strong><\/a><\/span>\r\n<\/td>\r\n<\/tr>\r\n\r\n<tr>\r\n<td valign=\"top\" width=\"110\">\r\n<div style=\"height: 6px; overflow:hidden;\">\r\n   \r\n<\/div>\r\n<\/td>\r\n<td>\r\n<div style=\"height: 6px; overflow:hidden;\">\r\n   \r\n<\/div>\r\n<\/td>\r\n<\/tr>\r\n\r\n\r\n<tr>\r\n<td width=\"110\" valign=\"top\"><span style=\"color: #000000;\"><a href=\"https:\/\/centar-fm.org\/inmediasres\/2024\/10\/03\/ivana-marasovic-susnjara-maja-vejic-i-julija-vejic-ocuvanje-zdravlja-interferencija-konstruktivna-ili-destruktivna\/\">Ivana Marasovi\u0107 \u0160u\u0161njara, Maja Veji\u0107 i Julija Veji\u0107:<\/a><\/span><\/td>\r\n<td valign=\"top\"><span style=\"color: #000000;\"><a href=\"https:\/\/centar-fm.org\/inmediasres\/2024\/10\/03\/ivana-marasovic-susnjara-maja-vejic-i-julija-vejic-ocuvanje-zdravlja-interferencija-konstruktivna-ili-destruktivna\/\"><strong>O\u010duvanje zdravlja \u2013 \u201e<em>interferencija<\/em>\u201c konstruktivna ili destruktivna<\/strong><\/a><\/span>\r\n<div style=\"height: 5px; overflow:hidden;\">&nbsp;<\/div>\r\n<span style=\"color: #000000;\"><a href=\"https:\/\/centar-fm.org\/inmediasres\/2024\/10\/03\/ivana-marasovic-susnjara-maja-vejic-i-julija-vejic-ocuvanje-zdravlja-interferencija-konstruktivna-ili-destruktivna\/\"><strong>Preservation of Health - constructive or destructive \u201e<em>Interference<\/em>\u201c<\/strong><\/a><\/span>\r\n<\/td>\r\n<\/tr>\r\n\r\n<tr>\r\n<td valign=\"top\" width=\"110\">\r\n<div style=\"height: 6px; overflow:hidden;\">\r\n   \r\n<\/div>\r\n<\/td>\r\n<td>\r\n<div style=\"height: 6px; overflow:hidden;\">\r\n   \r\n<\/div>\r\n<\/td>\r\n<\/tr>\r\n\r\n<tr>\r\n<td width=\"110\" valign=\"top\"><span style=\"color: #000000;\"><a href=\"https:\/\/centar-fm.org\/inmediasres\/2024\/10\/03\/kresimir-katusic-inteligentno-prevladavanje-stanja-svijest-o-jedinstvu\/\">Kre\u0161imir Katu\u0161i\u0107:<\/a><\/span><\/td>\r\n<td valign=\"top\"><span style=\"color: #000000;\"><a href=\"https:\/\/centar-fm.org\/inmediasres\/2024\/10\/03\/kresimir-katusic-inteligentno-prevladavanje-stanja-svijest-o-jedinstvu\/\"><strong>Inteligentno prevladavanje stanja \/ Svijest o jedinstvu<\/strong><\/a><\/span>\r\n<div style=\"height: 5px; overflow:hidden;\">&nbsp;<\/div>\r\n<span style=\"color: #000000;\"><a href=\"https:\/\/centar-fm.org\/inmediasres\/2024\/10\/03\/kresimir-katusic-inteligentno-prevladavanje-stanja-svijest-o-jedinstvu\/\"><strong>Intelligent Overcoming Conditions \/ Unity Awareness <\/strong><\/a><\/span>\r\n<\/td>\r\n<\/tr>\r\n<tr>\r\n<td valign=\"top\" width=\"110\">\r\n<div style=\"height: 6px; overflow:hidden;\">\r\n   \r\n<\/div>\r\n<\/td>\r\n<td>\r\n<div style=\"height: 6px; overflow:hidden;\">\r\n   \r\n<\/div>\r\n<\/td>\r\n<\/tr>\r\n\r\n<tr>\r\n<td width=\"110\" valign=\"top\"><span style=\"color: #000000;\"><a href=\"https:\/\/centar-fm.org\/inmediasres\/2024\/10\/03\/livia-pavletic-gesamtkunstwerk-i-multimedija-izmedu-auratskog-i-tehnickog\/\">Livia Pavleti\u0107:<\/a><\/span><\/td>\r\n<td valign=\"top\"><span style=\"color: #000000;\"><a href=\"https:\/\/centar-fm.org\/inmediasres\/2024\/10\/03\/livia-pavletic-gesamtkunstwerk-i-multimedija-izmedu-auratskog-i-tehnickog\/\"><strong>Gesamtkunstwerk i multimedija \u2013 izme\u0111u auratskog i tehni\u010dkog<\/strong><\/a><\/span>\r\n<div style=\"height: 5px; overflow:hidden;\">&nbsp;<\/div>\r\n<span style=\"color: #000000;\"><a href=\"https:\/\/centar-fm.org\/inmediasres\/2024\/10\/03\/livia-pavletic-gesamtkunstwerk-i-multimedija-izmedu-auratskog-i-tehnickog\/\"><strong>Gesamtkunstwerk and Multimedia \u2013 between the Auratic and the Technical<\/strong><\/a><\/span>\r\n<\/td>\r\n<\/tr>\r\n\r\n<tr>\r\n<td valign=\"top\" width=\"110\">\r\n<div style=\"height: 6px; overflow:hidden;\">\r\n   \r\n<\/div>\r\n<\/td>\r\n<td>\r\n<div style=\"height: 6px; overflow:hidden;\">\r\n   \r\n<\/div>\r\n<\/td>\r\n<\/tr>\r\n\r\n\r\n\r\n\r\n\r\n\r\n\r\n\r\n\r\n\r\n\r\n\r\n\r\n\r\n\r\n<\/tbody>\r\n<\/table>\r\n\r\n\r\n\r\n\r\n\r\n<div style=\"height: 6px; overflow:hidden;\">&nbsp;<\/div>\r\n\r\n\r\n\r\n\r\n\r\n\r\n\r\n\r\n\r\n\r\n\r\n\r\n\r\n\r\n\r\n\r\n\r\n\r\n\r\n\r\n\r\n\r\n\r\n\r\n\r\n\r\n\r\n<\/td>\r\n<\/tr>\r\n<\/tbody>\r\n<\/table>","_et_gb_content_width":"","footnotes":""},"categories":[116],"tags":[871,873,875,800,154,885,881,884,673,880,882,879,570,197,674,883,876,878,874,548,877,872],"class_list":["post-494","post","type-post","status-publish","format-standard","has-post-thumbnail","hentry","category-in-medias-res-broj-25-naslovnica","tag-amela-delic-ascic","tag-amira-banjic","tag-attitudes-of-journalism-students-and-the-representation-of-solutions-in-the-reporting-of-web-portals-on-young-people","tag-darko-kovacic","tag-fulvio-suran","tag-gesamtkunstwerk-i-multimedija-izmedu-auratskog-i-tehnickog","tag-handelmanovi-modeli-i-zrcala-javnih-dogadaja-ili-sinjska-alka-kao-primjer-zrcala-prezentacije-malbasin-modo-epico","tag-inteligentno-prevladavanje-stanja-svijest-o-jedinstvu","tag-ivana-marasovic-susnjara","tag-izmedu-perspektivizma-i-relativizma","tag-julija-vejic","tag-kazaliste-ega","tag-kresimir-katusic","tag-livia-pavletic","tag-maja-vejic","tag-ocuvanje-zdravlja-interferencija-konstruktivna-ili-destruktivna","tag-paula-catipovic","tag-refrakcija-religije-u-mediju-psihoanalize-crtice-uz-credo-ericha-fromma","tag-solution-oriented-journalism","tag-suzana-marjanic","tag-the-role-of-emotions-in-the-dissemination-of-populism-and-fake-news-phenomena","tag-zarfa-hrnjic-kuduzovic","et-has-post-format-content","et_post_format-et-post-format-standard"],"acf":[],"yoast_head":"<!-- This site is optimized with the Yoast SEO plugin v27.4 - https:\/\/yoast.com\/product\/yoast-seo-wordpress\/ -->\n<title>naslovnica br.25 - In Medias Res - \u010casopis centra za filozofiju medija<\/title>\n<meta name=\"robots\" content=\"index, follow, max-snippet:-1, max-image-preview:large, max-video-preview:-1\" \/>\n<link rel=\"canonical\" href=\"https:\/\/centar-fm.org\/inmediasres\/index.php\/naslovnica-br-25\/\" \/>\n<meta property=\"og:locale\" content=\"en_US\" \/>\n<meta property=\"og:type\" content=\"article\" \/>\n<meta property=\"og:title\" content=\"naslovnica br.25 - In Medias Res - \u010casopis centra za filozofiju medija\" \/>\n<meta property=\"og:description\" content=\"&nbsp; IN MEDIAS RES \u010dasopis filozofije medija &nbsp; Izdava\u010d \u010dasopisa: Centar za filozofiju medija i mediolo\u0161ka istra\u017eivanja (Zagreb) &nbsp; Adresa: Petrovogorska 18, 10000 Zagreb &nbsp; E-mail: inmediasres@centar-fm.org &nbsp; GODINA 13 (2024) broj 25 &nbsp; \u010casopis je otvorenog pristupa, a ovo djelo je dano na kori\u0161tenje pod licencom Creative Commons Imenovanje-Nekomercijalno 4.0 me\u0111unarodna. &nbsp; &nbsp; ISSN [&hellip;]\" \/>\n<meta property=\"og:url\" content=\"https:\/\/centar-fm.org\/inmediasres\/index.php\/naslovnica-br-25\/\" \/>\n<meta property=\"og:site_name\" content=\"In Medias Res - \u010casopis centra za filozofiju medija\" \/>\n<meta property=\"article:published_time\" content=\"2024-10-03T14:42:11+00:00\" \/>\n<meta property=\"article:modified_time\" content=\"2024-12-20T09:29:48+00:00\" \/>\n<meta property=\"og:image\" content=\"https:\/\/centar-fm.org\/inmediasres\/wp-content\/uploads\/sites\/2\/2024\/10\/inmediasresno25ii.jpg\" \/>\n\t<meta property=\"og:image:width\" content=\"592\" \/>\n\t<meta property=\"og:image:height\" content=\"868\" \/>\n\t<meta property=\"og:image:type\" content=\"image\/jpeg\" \/>\n<meta name=\"author\" content=\"Super User\" \/>\n<meta name=\"twitter:card\" content=\"summary_large_image\" \/>\n<meta name=\"twitter:label1\" content=\"Written by\" \/>\n\t<meta name=\"twitter:data1\" content=\"Super User\" \/>\n\t<meta name=\"twitter:label2\" content=\"Est. reading time\" \/>\n\t<meta name=\"twitter:data2\" content=\"2 minutes\" \/>\n<script type=\"application\/ld+json\" class=\"yoast-schema-graph\">{\"@context\":\"https:\\\/\\\/schema.org\",\"@graph\":[{\"@type\":\"Article\",\"@id\":\"https:\\\/\\\/centar-fm.org\\\/inmediasres\\\/index.php\\\/naslovnica-br-25\\\/#article\",\"isPartOf\":{\"@id\":\"https:\\\/\\\/centar-fm.org\\\/inmediasres\\\/index.php\\\/naslovnica-br-25\\\/\"},\"author\":{\"name\":\"Super User\",\"@id\":\"https:\\\/\\\/centar-fm.org\\\/inmediasres\\\/#\\\/schema\\\/person\\\/ae49dcc23965665608f66120db8245a4\"},\"headline\":\"naslovnica br.25\",\"datePublished\":\"2024-10-03T14:42:11+00:00\",\"dateModified\":\"2024-12-20T09:29:48+00:00\",\"mainEntityOfPage\":{\"@id\":\"https:\\\/\\\/centar-fm.org\\\/inmediasres\\\/index.php\\\/naslovnica-br-25\\\/\"},\"wordCount\":328,\"commentCount\":0,\"image\":{\"@id\":\"https:\\\/\\\/centar-fm.org\\\/inmediasres\\\/index.php\\\/naslovnica-br-25\\\/#primaryimage\"},\"thumbnailUrl\":\"https:\\\/\\\/centar-fm.org\\\/inmediasres\\\/wp-content\\\/uploads\\\/sites\\\/2\\\/2024\\\/10\\\/inmediasresno25ii.jpg\",\"keywords\":[\"Amela Deli\u0107 A\u0161\u010di\u0107\",\"Amira Banji\u0107\",\"Attitudes of Journalism Students and the Representation of solutions in the reporting of Web Portals on Young People\",\"Darko Kova\u010di\u0107\",\"Fulvio \u0160uran\",\"Gesamtkunstwerk i multimedija \u2013 izme\u0111u auratskog i tehni\u010dkog\",\"Handelmanovi modeli i zrcala javnih doga\u0111aja ili Sinjska alka kao primjer zrcala-prezentacije; Malba\u0161in modo epico\",\"Inteligentno prevladavanje stanja \\\/ Svijest o jedinstvu\",\"Ivana Marasovi\u0107 \u0160u\u0161njara\",\"izme\u0111u perspektivizma i relativizma\",\"Julija Veji\u0107\",\"Kazali\u0161te ega\",\"Kre\u0161imir Katu\u0161i\u0107\",\"LIVIA PAVLETI\u0106\",\"Maja Veji\u0107\",\"O\u010duvanje zdravlja \u2013 \u201einterferencija\u201c konstruktivna ili destruktivna\",\"Paula \u010catipovi\u0107\",\"Refrakcija religije u mediju psihoanalize (crtice uz credo Ericha Fromma)\",\"Solution-oriented Journalism\",\"Suzana Marjani\u0107\",\"The Role of Emotions in the Dissemination of Populism and fake News Phenomena\",\"Zarfa Hrnji\u0107 Kuduzovi\u0107\"],\"articleSection\":[\"In Medias Res broj 25 naslovnica\"],\"inLanguage\":\"en-US\",\"potentialAction\":[{\"@type\":\"CommentAction\",\"name\":\"Comment\",\"target\":[\"https:\\\/\\\/centar-fm.org\\\/inmediasres\\\/index.php\\\/naslovnica-br-25\\\/#respond\"]}]},{\"@type\":\"WebPage\",\"@id\":\"https:\\\/\\\/centar-fm.org\\\/inmediasres\\\/index.php\\\/naslovnica-br-25\\\/\",\"url\":\"https:\\\/\\\/centar-fm.org\\\/inmediasres\\\/index.php\\\/naslovnica-br-25\\\/\",\"name\":\"naslovnica br.25 - In Medias Res - \u010casopis centra za filozofiju medija\",\"isPartOf\":{\"@id\":\"https:\\\/\\\/centar-fm.org\\\/inmediasres\\\/#website\"},\"primaryImageOfPage\":{\"@id\":\"https:\\\/\\\/centar-fm.org\\\/inmediasres\\\/index.php\\\/naslovnica-br-25\\\/#primaryimage\"},\"image\":{\"@id\":\"https:\\\/\\\/centar-fm.org\\\/inmediasres\\\/index.php\\\/naslovnica-br-25\\\/#primaryimage\"},\"thumbnailUrl\":\"https:\\\/\\\/centar-fm.org\\\/inmediasres\\\/wp-content\\\/uploads\\\/sites\\\/2\\\/2024\\\/10\\\/inmediasresno25ii.jpg\",\"datePublished\":\"2024-10-03T14:42:11+00:00\",\"dateModified\":\"2024-12-20T09:29:48+00:00\",\"author\":{\"@id\":\"https:\\\/\\\/centar-fm.org\\\/inmediasres\\\/#\\\/schema\\\/person\\\/ae49dcc23965665608f66120db8245a4\"},\"breadcrumb\":{\"@id\":\"https:\\\/\\\/centar-fm.org\\\/inmediasres\\\/index.php\\\/naslovnica-br-25\\\/#breadcrumb\"},\"inLanguage\":\"en-US\",\"potentialAction\":[{\"@type\":\"ReadAction\",\"target\":[\"https:\\\/\\\/centar-fm.org\\\/inmediasres\\\/index.php\\\/naslovnica-br-25\\\/\"]}]},{\"@type\":\"ImageObject\",\"inLanguage\":\"en-US\",\"@id\":\"https:\\\/\\\/centar-fm.org\\\/inmediasres\\\/index.php\\\/naslovnica-br-25\\\/#primaryimage\",\"url\":\"https:\\\/\\\/centar-fm.org\\\/inmediasres\\\/wp-content\\\/uploads\\\/sites\\\/2\\\/2024\\\/10\\\/inmediasresno25ii.jpg\",\"contentUrl\":\"https:\\\/\\\/centar-fm.org\\\/inmediasres\\\/wp-content\\\/uploads\\\/sites\\\/2\\\/2024\\\/10\\\/inmediasresno25ii.jpg\",\"width\":592,\"height\":868,\"caption\":\"InMediasRes br. 25\"},{\"@type\":\"BreadcrumbList\",\"@id\":\"https:\\\/\\\/centar-fm.org\\\/inmediasres\\\/index.php\\\/naslovnica-br-25\\\/#breadcrumb\",\"itemListElement\":[{\"@type\":\"ListItem\",\"position\":1,\"name\":\"Po\u010detna stranica\",\"item\":\"https:\\\/\\\/centar-fm.org\\\/inmediasres\\\/\"},{\"@type\":\"ListItem\",\"position\":2,\"name\":\"naslovnica br.25\"}]},{\"@type\":\"WebSite\",\"@id\":\"https:\\\/\\\/centar-fm.org\\\/inmediasres\\\/#website\",\"url\":\"https:\\\/\\\/centar-fm.org\\\/inmediasres\\\/\",\"name\":\"In Medias Res - \u010casopis centra za filozofiju medija\",\"description\":\"\",\"potentialAction\":[{\"@type\":\"SearchAction\",\"target\":{\"@type\":\"EntryPoint\",\"urlTemplate\":\"https:\\\/\\\/centar-fm.org\\\/inmediasres\\\/?s={search_term_string}\"},\"query-input\":{\"@type\":\"PropertyValueSpecification\",\"valueRequired\":true,\"valueName\":\"search_term_string\"}}],\"inLanguage\":\"en-US\"},{\"@type\":\"Person\",\"@id\":\"https:\\\/\\\/centar-fm.org\\\/inmediasres\\\/#\\\/schema\\\/person\\\/ae49dcc23965665608f66120db8245a4\",\"name\":\"Super User\",\"image\":{\"@type\":\"ImageObject\",\"inLanguage\":\"en-US\",\"@id\":\"https:\\\/\\\/secure.gravatar.com\\\/avatar\\\/5ac3fc5ccca7755fa3f558fed4a39be2232c6585e68bd398c790d57375dde921?s=96&d=mm&r=g\",\"url\":\"https:\\\/\\\/secure.gravatar.com\\\/avatar\\\/5ac3fc5ccca7755fa3f558fed4a39be2232c6585e68bd398c790d57375dde921?s=96&d=mm&r=g\",\"contentUrl\":\"https:\\\/\\\/secure.gravatar.com\\\/avatar\\\/5ac3fc5ccca7755fa3f558fed4a39be2232c6585e68bd398c790d57375dde921?s=96&d=mm&r=g\",\"caption\":\"Super User\"},\"url\":\"https:\\\/\\\/centar-fm.org\\\/inmediasres\\\/index.php\\\/author\\\/amynovcfmweb\\\/\"}]}<\/script>\n<!-- \/ Yoast SEO plugin. -->","yoast_head_json":{"title":"naslovnica br.25 - In Medias Res - \u010casopis centra za filozofiju medija","robots":{"index":"index","follow":"follow","max-snippet":"max-snippet:-1","max-image-preview":"max-image-preview:large","max-video-preview":"max-video-preview:-1"},"canonical":"https:\/\/centar-fm.org\/inmediasres\/index.php\/naslovnica-br-25\/","og_locale":"en_US","og_type":"article","og_title":"naslovnica br.25 - In Medias Res - \u010casopis centra za filozofiju medija","og_description":"&nbsp; IN MEDIAS RES \u010dasopis filozofije medija &nbsp; Izdava\u010d \u010dasopisa: Centar za filozofiju medija i mediolo\u0161ka istra\u017eivanja (Zagreb) &nbsp; Adresa: Petrovogorska 18, 10000 Zagreb &nbsp; E-mail: inmediasres@centar-fm.org &nbsp; GODINA 13 (2024) broj 25 &nbsp; \u010casopis je otvorenog pristupa, a ovo djelo je dano na kori\u0161tenje pod licencom Creative Commons Imenovanje-Nekomercijalno 4.0 me\u0111unarodna. &nbsp; &nbsp; ISSN [&hellip;]","og_url":"https:\/\/centar-fm.org\/inmediasres\/index.php\/naslovnica-br-25\/","og_site_name":"In Medias Res - \u010casopis centra za filozofiju medija","article_published_time":"2024-10-03T14:42:11+00:00","article_modified_time":"2024-12-20T09:29:48+00:00","og_image":[{"width":592,"height":868,"url":"https:\/\/centar-fm.org\/inmediasres\/wp-content\/uploads\/sites\/2\/2024\/10\/inmediasresno25ii.jpg","type":"image\/jpeg"}],"author":"Super User","twitter_card":"summary_large_image","twitter_misc":{"Written by":"Super User","Est. reading time":"2 minutes"},"schema":{"@context":"https:\/\/schema.org","@graph":[{"@type":"Article","@id":"https:\/\/centar-fm.org\/inmediasres\/index.php\/naslovnica-br-25\/#article","isPartOf":{"@id":"https:\/\/centar-fm.org\/inmediasres\/index.php\/naslovnica-br-25\/"},"author":{"name":"Super User","@id":"https:\/\/centar-fm.org\/inmediasres\/#\/schema\/person\/ae49dcc23965665608f66120db8245a4"},"headline":"naslovnica br.25","datePublished":"2024-10-03T14:42:11+00:00","dateModified":"2024-12-20T09:29:48+00:00","mainEntityOfPage":{"@id":"https:\/\/centar-fm.org\/inmediasres\/index.php\/naslovnica-br-25\/"},"wordCount":328,"commentCount":0,"image":{"@id":"https:\/\/centar-fm.org\/inmediasres\/index.php\/naslovnica-br-25\/#primaryimage"},"thumbnailUrl":"https:\/\/centar-fm.org\/inmediasres\/wp-content\/uploads\/sites\/2\/2024\/10\/inmediasresno25ii.jpg","keywords":["Amela Deli\u0107 A\u0161\u010di\u0107","Amira Banji\u0107","Attitudes of Journalism Students and the Representation of solutions in the reporting of Web Portals on Young People","Darko Kova\u010di\u0107","Fulvio \u0160uran","Gesamtkunstwerk i multimedija \u2013 izme\u0111u auratskog i tehni\u010dkog","Handelmanovi modeli i zrcala javnih doga\u0111aja ili Sinjska alka kao primjer zrcala-prezentacije; Malba\u0161in modo epico","Inteligentno prevladavanje stanja \/ Svijest o jedinstvu","Ivana Marasovi\u0107 \u0160u\u0161njara","izme\u0111u perspektivizma i relativizma","Julija Veji\u0107","Kazali\u0161te ega","Kre\u0161imir Katu\u0161i\u0107","LIVIA PAVLETI\u0106","Maja Veji\u0107","O\u010duvanje zdravlja \u2013 \u201einterferencija\u201c konstruktivna ili destruktivna","Paula \u010catipovi\u0107","Refrakcija religije u mediju psihoanalize (crtice uz credo Ericha Fromma)","Solution-oriented Journalism","Suzana Marjani\u0107","The Role of Emotions in the Dissemination of Populism and fake News Phenomena","Zarfa Hrnji\u0107 Kuduzovi\u0107"],"articleSection":["In Medias Res broj 25 naslovnica"],"inLanguage":"en-US","potentialAction":[{"@type":"CommentAction","name":"Comment","target":["https:\/\/centar-fm.org\/inmediasres\/index.php\/naslovnica-br-25\/#respond"]}]},{"@type":"WebPage","@id":"https:\/\/centar-fm.org\/inmediasres\/index.php\/naslovnica-br-25\/","url":"https:\/\/centar-fm.org\/inmediasres\/index.php\/naslovnica-br-25\/","name":"naslovnica br.25 - In Medias Res - \u010casopis centra za filozofiju medija","isPartOf":{"@id":"https:\/\/centar-fm.org\/inmediasres\/#website"},"primaryImageOfPage":{"@id":"https:\/\/centar-fm.org\/inmediasres\/index.php\/naslovnica-br-25\/#primaryimage"},"image":{"@id":"https:\/\/centar-fm.org\/inmediasres\/index.php\/naslovnica-br-25\/#primaryimage"},"thumbnailUrl":"https:\/\/centar-fm.org\/inmediasres\/wp-content\/uploads\/sites\/2\/2024\/10\/inmediasresno25ii.jpg","datePublished":"2024-10-03T14:42:11+00:00","dateModified":"2024-12-20T09:29:48+00:00","author":{"@id":"https:\/\/centar-fm.org\/inmediasres\/#\/schema\/person\/ae49dcc23965665608f66120db8245a4"},"breadcrumb":{"@id":"https:\/\/centar-fm.org\/inmediasres\/index.php\/naslovnica-br-25\/#breadcrumb"},"inLanguage":"en-US","potentialAction":[{"@type":"ReadAction","target":["https:\/\/centar-fm.org\/inmediasres\/index.php\/naslovnica-br-25\/"]}]},{"@type":"ImageObject","inLanguage":"en-US","@id":"https:\/\/centar-fm.org\/inmediasres\/index.php\/naslovnica-br-25\/#primaryimage","url":"https:\/\/centar-fm.org\/inmediasres\/wp-content\/uploads\/sites\/2\/2024\/10\/inmediasresno25ii.jpg","contentUrl":"https:\/\/centar-fm.org\/inmediasres\/wp-content\/uploads\/sites\/2\/2024\/10\/inmediasresno25ii.jpg","width":592,"height":868,"caption":"InMediasRes br. 25"},{"@type":"BreadcrumbList","@id":"https:\/\/centar-fm.org\/inmediasres\/index.php\/naslovnica-br-25\/#breadcrumb","itemListElement":[{"@type":"ListItem","position":1,"name":"Po\u010detna stranica","item":"https:\/\/centar-fm.org\/inmediasres\/"},{"@type":"ListItem","position":2,"name":"naslovnica br.25"}]},{"@type":"WebSite","@id":"https:\/\/centar-fm.org\/inmediasres\/#website","url":"https:\/\/centar-fm.org\/inmediasres\/","name":"In Medias Res - \u010casopis centra za filozofiju medija","description":"","potentialAction":[{"@type":"SearchAction","target":{"@type":"EntryPoint","urlTemplate":"https:\/\/centar-fm.org\/inmediasres\/?s={search_term_string}"},"query-input":{"@type":"PropertyValueSpecification","valueRequired":true,"valueName":"search_term_string"}}],"inLanguage":"en-US"},{"@type":"Person","@id":"https:\/\/centar-fm.org\/inmediasres\/#\/schema\/person\/ae49dcc23965665608f66120db8245a4","name":"Super User","image":{"@type":"ImageObject","inLanguage":"en-US","@id":"https:\/\/secure.gravatar.com\/avatar\/5ac3fc5ccca7755fa3f558fed4a39be2232c6585e68bd398c790d57375dde921?s=96&d=mm&r=g","url":"https:\/\/secure.gravatar.com\/avatar\/5ac3fc5ccca7755fa3f558fed4a39be2232c6585e68bd398c790d57375dde921?s=96&d=mm&r=g","contentUrl":"https:\/\/secure.gravatar.com\/avatar\/5ac3fc5ccca7755fa3f558fed4a39be2232c6585e68bd398c790d57375dde921?s=96&d=mm&r=g","caption":"Super User"},"url":"https:\/\/centar-fm.org\/inmediasres\/index.php\/author\/amynovcfmweb\/"}]}},"_links":{"self":[{"href":"https:\/\/centar-fm.org\/inmediasres\/index.php\/wp-json\/wp\/v2\/posts\/494","targetHints":{"allow":["GET"]}}],"collection":[{"href":"https:\/\/centar-fm.org\/inmediasres\/index.php\/wp-json\/wp\/v2\/posts"}],"about":[{"href":"https:\/\/centar-fm.org\/inmediasres\/index.php\/wp-json\/wp\/v2\/types\/post"}],"author":[{"embeddable":true,"href":"https:\/\/centar-fm.org\/inmediasres\/index.php\/wp-json\/wp\/v2\/users\/2"}],"replies":[{"embeddable":true,"href":"https:\/\/centar-fm.org\/inmediasres\/index.php\/wp-json\/wp\/v2\/comments?post=494"}],"version-history":[{"count":2,"href":"https:\/\/centar-fm.org\/inmediasres\/index.php\/wp-json\/wp\/v2\/posts\/494\/revisions"}],"predecessor-version":[{"id":1305,"href":"https:\/\/centar-fm.org\/inmediasres\/index.php\/wp-json\/wp\/v2\/posts\/494\/revisions\/1305"}],"wp:featuredmedia":[{"embeddable":true,"href":"https:\/\/centar-fm.org\/inmediasres\/index.php\/wp-json\/wp\/v2\/media\/491"}],"wp:attachment":[{"href":"https:\/\/centar-fm.org\/inmediasres\/index.php\/wp-json\/wp\/v2\/media?parent=494"}],"wp:term":[{"taxonomy":"category","embeddable":true,"href":"https:\/\/centar-fm.org\/inmediasres\/index.php\/wp-json\/wp\/v2\/categories?post=494"},{"taxonomy":"post_tag","embeddable":true,"href":"https:\/\/centar-fm.org\/inmediasres\/index.php\/wp-json\/wp\/v2\/tags?post=494"}],"curies":[{"name":"wp","href":"https:\/\/api.w.org\/{rel}","templated":true}]}}